{"id":8513,"date":"2017-06-01T19:57:56","date_gmt":"2017-06-01T17:57:56","guid":{"rendered":"http:\/\/www.cklcomunicaciones.es\/?p=8513"},"modified":"2017-06-01T19:57:56","modified_gmt":"2017-06-01T17:57:56","slug":"en-las-empresa-y-la-politica-deben-preocupar-mas-las-personas-y-menos-los-numeros-ideas28f","status":"publish","type":"post","link":"https:\/\/cklcomunicaciones.es\/coop\/en-las-empresa-y-la-politica-deben-preocupar-mas-las-personas-y-menos-los-numeros-ideas28f\/","title":{"rendered":"Lola Sanju\u00e1n Jurado: \u00abEn la empresa y la pol\u00edtica deben preocupar m\u00e1s las personas y menos los n\u00fameros\u201d"},"content":{"rendered":"<p><a href=\"https:\/\/es.wikipedia.org\/wiki\/Lola_Sanju%C3%A1n_Jurado\">Lola Sanju\u00e1n Jurado <\/a> es una empresaria comprometida con el cooperativismo, que defiende con el mismo tes\u00f3n que la igualdad de la mujer. Por eso su d\u00eda a d\u00eda va m\u00e1s all\u00e1 de la cooperativa<a href=\"http:\/\/www.cklcomunicaciones.es\/\"> CKL Comunicaci\u00f3nes<\/a>, dedicada al asesoramiento en estrategias, de la que es directora ejecutiva. Experta en pol\u00edticas de g\u00e9nero y en cooperativismo, es presidenta de la Asociaci\u00f3n de Mujeres Empresarias Cooperativistas de Andaluc\u00eda (Amecoop), vicepresidenta de CEPES-Andaluc\u00eda y forma parte de la Mesa del Tercer Sector en la UE y del Consejo Andaluz de Participaci\u00f3n de las Mujeres.<\/p>\n<p>\u00abSi Andaluc\u00eda fuese una empresa social, una cooperativa, tendr\u00eda que repensarse y plantearse proyectos m\u00e1s a medio y largo plazo, y sobre todo, volver a ilusionar a todas y cada una de las personas que la componen\u00bb, se\u00f1ala. \u00abContinuamos siendo los pobres de Europa y nuestra inversi\u00f3n de futuro a\u00fan hoy emigra por necesidad, no por conocimiento. Aplicar viejas f\u00f3rmulas a problemas end\u00e9micos (paro, acumulaci\u00f3n de riqueza, ausencia de ascensores sociales\u2026) nos hace lentos. Los entornos y el conocimiento son exponencialmente cambiantes y el mundo no para, ni espera, tampoco a Andaluc\u00eda\u00bb, a\u00f1ade. En su opini\u00f3n, debemos mirar lo local con ojos globales. <strong>\u00abEn las nuevas pol\u00edticas, en las empresas, deben preocupar m\u00e1s las personas y menos los n\u00fameros<\/strong>, para crecer con sentido y coordinaci\u00f3n, con esa nueva visi\u00f3n. Ah\u00ed la econom\u00eda social debe recuperar orgullo andaluz y reivindicarse m\u00e1s all\u00e1 de los esl\u00f3ganes, las fotos y las familias que la componemos. Creamos econom\u00eda productiva, la que devuelve lo invertido con empleos y riqueza\u00bb.<\/p>\n<p><em>Del Especial \u00a0<a href=\"https:\/\/issuu.com\/surmalaga\/docs\/diadeandalucia2017baja\">\u201cIdeas para Andaluc\u00eda\u201d<\/a> 28F del Diario Sur\u00a0<\/em><\/p>\n<p>Autora: <a href=\"http:\/\/www.ideal.es\/autor\/lola-tortosa-1631.html\">Lola Tortosa<\/a><\/p>\n","protected":false},"excerpt":{"rendered":"<p>Lola Sanju\u00e1n Jurado es una empresaria comprometida con el cooperativismo, <a href=\"https:\/\/cklcomunicaciones.es\/coop\/en-las-empresa-y-la-politica-deben-preocupar-mas-las-personas-y-menos-los-numeros-ideas28f\/\">[&#8230;]<\/a><\/p>\n","protected":false},"author":3,"featured_media":12232,"comment_status":"closed","ping_status":"closed","sticky":false,"template":"","format":"standard","meta":{"footnotes":""},"categories":[297],"tags":[79,81,80],"class_list":["post-8513","post","type-post","status-publish","format-standard","has-post-thumbnail","hentry","category-actualidad","tag-andalucia","tag-filosofia-empresarial","tag-igualdad-de-genero"],"yoast_head":"<!-- This site is optimized with the Yoast SEO plugin v27.5 - https:\/\/yoast.com\/product\/yoast-seo-wordpress\/ -->\n<title>Lola Sanju\u00e1n Jurado: &quot;En la empresa y la pol\u00edtica deben preocupar m\u00e1s las personas y menos los n\u00fameros\u201d<\/title>\n<meta name=\"description\" content=\"Lola Sanju\u00e1n Jurado: &quot;En la empresa y la pol\u00edtica deben preocupar m\u00e1s las personas y menos los n\u00fameros\u201d\" \/>\n<meta name=\"robots\" content=\"index, follow, max-snippet:-1, max-image-preview:large, max-video-preview:-1\" \/>\n<link rel=\"canonical\" href=\"https:\/\/cklcomunicaciones.es\/coop\/en-las-empresa-y-la-politica-deben-preocupar-mas-las-personas-y-menos-los-numeros-ideas28f\/\" \/>\n<meta property=\"og:locale\" content=\"es_ES\" \/>\n<meta property=\"og:type\" content=\"article\" \/>\n<meta property=\"og:title\" content=\"Lola Sanju\u00e1n Jurado: &quot;En la empresa y la pol\u00edtica deben preocupar m\u00e1s las personas y menos los n\u00fameros\u201d\" \/>\n<meta property=\"og:description\" content=\"Lola Sanju\u00e1n Jurado: &quot;En la empresa y la pol\u00edtica deben preocupar m\u00e1s las personas y menos los n\u00fameros\u201d\" \/>\n<meta property=\"og:url\" content=\"https:\/\/cklcomunicaciones.es\/coop\/en-las-empresa-y-la-politica-deben-preocupar-mas-las-personas-y-menos-los-numeros-ideas28f\/\" \/>\n<meta property=\"og:site_name\" content=\"CKL Comunicaciones\" \/>\n<meta property=\"article:published_time\" content=\"2017-06-01T17:57:56+00:00\" \/>\n<meta property=\"og:image\" content=\"https:\/\/cklcomunicaciones.es\/coop\/wp-content\/uploads\/2017\/10\/Sur_ideas28f.jpg\" \/>\n\t<meta property=\"og:image:width\" content=\"367\" \/>\n\t<meta property=\"og:image:height\" content=\"490\" \/>\n\t<meta property=\"og:image:type\" content=\"image\/jpeg\" \/>\n<meta name=\"author\" content=\"ckl\" \/>\n<meta name=\"twitter:card\" content=\"summary_large_image\" \/>\n<meta name=\"twitter:label1\" content=\"Escrito por\" \/>\n\t<meta name=\"twitter:data1\" content=\"ckl\" \/>\n\t<meta name=\"twitter:label2\" content=\"Tiempo de lectura\" \/>\n\t<meta name=\"twitter:data2\" content=\"2 minutos\" \/>\n<script type=\"application\/ld+json\" class=\"yoast-schema-graph\">{\"@context\":\"https:\\\/\\\/schema.org\",\"@graph\":[{\"@type\":\"Article\",\"@id\":\"https:\\\/\\\/cklcomunicaciones.es\\\/coop\\\/en-las-empresa-y-la-politica-deben-preocupar-mas-las-personas-y-menos-los-numeros-ideas28f\\\/#article\",\"isPartOf\":{\"@id\":\"https:\\\/\\\/cklcomunicaciones.es\\\/coop\\\/en-las-empresa-y-la-politica-deben-preocupar-mas-las-personas-y-menos-los-numeros-ideas28f\\\/\"},\"author\":{\"name\":\"ckl\",\"@id\":\"https:\\\/\\\/cklcomunicaciones.es\\\/coop\\\/#\\\/schema\\\/person\\\/929a6837f7626450bbb50cee1aef266e\"},\"headline\":\"Lola Sanju\u00e1n Jurado: \u00abEn la empresa y la pol\u00edtica deben preocupar m\u00e1s las personas y menos los n\u00fameros\u201d\",\"datePublished\":\"2017-06-01T17:57:56+00:00\",\"mainEntityOfPage\":{\"@id\":\"https:\\\/\\\/cklcomunicaciones.es\\\/coop\\\/en-las-empresa-y-la-politica-deben-preocupar-mas-las-personas-y-menos-los-numeros-ideas28f\\\/\"},\"wordCount\":323,\"image\":{\"@id\":\"https:\\\/\\\/cklcomunicaciones.es\\\/coop\\\/en-las-empresa-y-la-politica-deben-preocupar-mas-las-personas-y-menos-los-numeros-ideas28f\\\/#primaryimage\"},\"thumbnailUrl\":\"https:\\\/\\\/cklcomunicaciones.es\\\/coop\\\/wp-content\\\/uploads\\\/2017\\\/10\\\/Sur_ideas28f.jpg\",\"keywords\":[\"Andaluc\u00eda\",\"filosof\u00eda empresarial\",\"Igualdad de g\u00e9nero\"],\"articleSection\":[\"Actualidad\"],\"inLanguage\":\"es\"},{\"@type\":\"WebPage\",\"@id\":\"https:\\\/\\\/cklcomunicaciones.es\\\/coop\\\/en-las-empresa-y-la-politica-deben-preocupar-mas-las-personas-y-menos-los-numeros-ideas28f\\\/\",\"url\":\"https:\\\/\\\/cklcomunicaciones.es\\\/coop\\\/en-las-empresa-y-la-politica-deben-preocupar-mas-las-personas-y-menos-los-numeros-ideas28f\\\/\",\"name\":\"Lola Sanju\u00e1n Jurado: \\\"En la empresa y la pol\u00edtica deben preocupar m\u00e1s las personas y menos los n\u00fameros\u201d\",\"isPartOf\":{\"@id\":\"https:\\\/\\\/cklcomunicaciones.es\\\/coop\\\/#website\"},\"primaryImageOfPage\":{\"@id\":\"https:\\\/\\\/cklcomunicaciones.es\\\/coop\\\/en-las-empresa-y-la-politica-deben-preocupar-mas-las-personas-y-menos-los-numeros-ideas28f\\\/#primaryimage\"},\"image\":{\"@id\":\"https:\\\/\\\/cklcomunicaciones.es\\\/coop\\\/en-las-empresa-y-la-politica-deben-preocupar-mas-las-personas-y-menos-los-numeros-ideas28f\\\/#primaryimage\"},\"thumbnailUrl\":\"https:\\\/\\\/cklcomunicaciones.es\\\/coop\\\/wp-content\\\/uploads\\\/2017\\\/10\\\/Sur_ideas28f.jpg\",\"datePublished\":\"2017-06-01T17:57:56+00:00\",\"author\":{\"@id\":\"https:\\\/\\\/cklcomunicaciones.es\\\/coop\\\/#\\\/schema\\\/person\\\/929a6837f7626450bbb50cee1aef266e\"},\"description\":\"Lola Sanju\u00e1n Jurado: \\\"En la empresa y la pol\u00edtica deben preocupar m\u00e1s las personas y menos los n\u00fameros\u201d\",\"breadcrumb\":{\"@id\":\"https:\\\/\\\/cklcomunicaciones.es\\\/coop\\\/en-las-empresa-y-la-politica-deben-preocupar-mas-las-personas-y-menos-los-numeros-ideas28f\\\/#breadcrumb\"},\"inLanguage\":\"es\",\"potentialAction\":[{\"@type\":\"ReadAction\",\"target\":[\"https:\\\/\\\/cklcomunicaciones.es\\\/coop\\\/en-las-empresa-y-la-politica-deben-preocupar-mas-las-personas-y-menos-los-numeros-ideas28f\\\/\"]}]},{\"@type\":\"ImageObject\",\"inLanguage\":\"es\",\"@id\":\"https:\\\/\\\/cklcomunicaciones.es\\\/coop\\\/en-las-empresa-y-la-politica-deben-preocupar-mas-las-personas-y-menos-los-numeros-ideas28f\\\/#primaryimage\",\"url\":\"https:\\\/\\\/cklcomunicaciones.es\\\/coop\\\/wp-content\\\/uploads\\\/2017\\\/10\\\/Sur_ideas28f.jpg\",\"contentUrl\":\"https:\\\/\\\/cklcomunicaciones.es\\\/coop\\\/wp-content\\\/uploads\\\/2017\\\/10\\\/Sur_ideas28f.jpg\",\"width\":367,\"height\":490,\"caption\":\"Lola Sanju\u00e1n Opini\u00f3n en SUR 28F 2017\"},{\"@type\":\"BreadcrumbList\",\"@id\":\"https:\\\/\\\/cklcomunicaciones.es\\\/coop\\\/en-las-empresa-y-la-politica-deben-preocupar-mas-las-personas-y-menos-los-numeros-ideas28f\\\/#breadcrumb\",\"itemListElement\":[{\"@type\":\"ListItem\",\"position\":1,\"name\":\"Portada\",\"item\":\"https:\\\/\\\/cklcomunicaciones.es\\\/coop\\\/\"},{\"@type\":\"ListItem\",\"position\":2,\"name\":\"Lola Sanju\u00e1n Jurado: \u00abEn la empresa y la pol\u00edtica deben preocupar m\u00e1s las personas y menos los n\u00fameros\u201d\"}]},{\"@type\":\"WebSite\",\"@id\":\"https:\\\/\\\/cklcomunicaciones.es\\\/coop\\\/#website\",\"url\":\"https:\\\/\\\/cklcomunicaciones.es\\\/coop\\\/\",\"name\":\"CKL Comunicaciones\",\"description\":\"Sitio web de CKL Comunicaciones coop , la consultora de comunicaci\u00f3n y estrategia\",\"potentialAction\":[{\"@type\":\"SearchAction\",\"target\":{\"@type\":\"EntryPoint\",\"urlTemplate\":\"https:\\\/\\\/cklcomunicaciones.es\\\/coop\\\/?s={search_term_string}\"},\"query-input\":{\"@type\":\"PropertyValueSpecification\",\"valueRequired\":true,\"valueName\":\"search_term_string\"}}],\"inLanguage\":\"es\"},{\"@type\":\"Person\",\"@id\":\"https:\\\/\\\/cklcomunicaciones.es\\\/coop\\\/#\\\/schema\\\/person\\\/929a6837f7626450bbb50cee1aef266e\",\"name\":\"ckl\",\"image\":{\"@type\":\"ImageObject\",\"inLanguage\":\"es\",\"@id\":\"https:\\\/\\\/secure.gravatar.com\\\/avatar\\\/c82db564e8a669bf6023357a157b9dc4780f4d4c618f2ad1d71a6a5dede45057?s=96&d=mm&r=g\",\"url\":\"https:\\\/\\\/secure.gravatar.com\\\/avatar\\\/c82db564e8a669bf6023357a157b9dc4780f4d4c618f2ad1d71a6a5dede45057?s=96&d=mm&r=g\",\"contentUrl\":\"https:\\\/\\\/secure.gravatar.com\\\/avatar\\\/c82db564e8a669bf6023357a157b9dc4780f4d4c618f2ad1d71a6a5dede45057?s=96&d=mm&r=g\",\"caption\":\"ckl\"},\"url\":\"https:\\\/\\\/cklcomunicaciones.es\\\/coop\\\/author\\\/cklcomunicaciones\\\/\"}]}<\/script>\n<!-- \/ Yoast SEO plugin. -->","yoast_head_json":{"title":"Lola Sanju\u00e1n Jurado: \"En la empresa y la pol\u00edtica deben preocupar m\u00e1s las personas y menos los n\u00fameros\u201d","description":"Lola Sanju\u00e1n Jurado: \"En la empresa y la pol\u00edtica deben preocupar m\u00e1s las personas y menos los n\u00fameros\u201d","robots":{"index":"index","follow":"follow","max-snippet":"max-snippet:-1","max-image-preview":"max-image-preview:large","max-video-preview":"max-video-preview:-1"},"canonical":"https:\/\/cklcomunicaciones.es\/coop\/en-las-empresa-y-la-politica-deben-preocupar-mas-las-personas-y-menos-los-numeros-ideas28f\/","og_locale":"es_ES","og_type":"article","og_title":"Lola Sanju\u00e1n Jurado: \"En la empresa y la pol\u00edtica deben preocupar m\u00e1s las personas y menos los n\u00fameros\u201d","og_description":"Lola Sanju\u00e1n Jurado: \"En la empresa y la pol\u00edtica deben preocupar m\u00e1s las personas y menos los n\u00fameros\u201d","og_url":"https:\/\/cklcomunicaciones.es\/coop\/en-las-empresa-y-la-politica-deben-preocupar-mas-las-personas-y-menos-los-numeros-ideas28f\/","og_site_name":"CKL Comunicaciones","article_published_time":"2017-06-01T17:57:56+00:00","og_image":[{"width":367,"height":490,"url":"https:\/\/cklcomunicaciones.es\/coop\/wp-content\/uploads\/2017\/10\/Sur_ideas28f.jpg","type":"image\/jpeg"}],"author":"ckl","twitter_card":"summary_large_image","twitter_misc":{"Escrito por":"ckl","Tiempo de lectura":"2 minutos"},"schema":{"@context":"https:\/\/schema.org","@graph":[{"@type":"Article","@id":"https:\/\/cklcomunicaciones.es\/coop\/en-las-empresa-y-la-politica-deben-preocupar-mas-las-personas-y-menos-los-numeros-ideas28f\/#article","isPartOf":{"@id":"https:\/\/cklcomunicaciones.es\/coop\/en-las-empresa-y-la-politica-deben-preocupar-mas-las-personas-y-menos-los-numeros-ideas28f\/"},"author":{"name":"ckl","@id":"https:\/\/cklcomunicaciones.es\/coop\/#\/schema\/person\/929a6837f7626450bbb50cee1aef266e"},"headline":"Lola Sanju\u00e1n Jurado: \u00abEn la empresa y la pol\u00edtica deben preocupar m\u00e1s las personas y menos los n\u00fameros\u201d","datePublished":"2017-06-01T17:57:56+00:00","mainEntityOfPage":{"@id":"https:\/\/cklcomunicaciones.es\/coop\/en-las-empresa-y-la-politica-deben-preocupar-mas-las-personas-y-menos-los-numeros-ideas28f\/"},"wordCount":323,"image":{"@id":"https:\/\/cklcomunicaciones.es\/coop\/en-las-empresa-y-la-politica-deben-preocupar-mas-las-personas-y-menos-los-numeros-ideas28f\/#primaryimage"},"thumbnailUrl":"https:\/\/cklcomunicaciones.es\/coop\/wp-content\/uploads\/2017\/10\/Sur_ideas28f.jpg","keywords":["Andaluc\u00eda","filosof\u00eda empresarial","Igualdad de g\u00e9nero"],"articleSection":["Actualidad"],"inLanguage":"es"},{"@type":"WebPage","@id":"https:\/\/cklcomunicaciones.es\/coop\/en-las-empresa-y-la-politica-deben-preocupar-mas-las-personas-y-menos-los-numeros-ideas28f\/","url":"https:\/\/cklcomunicaciones.es\/coop\/en-las-empresa-y-la-politica-deben-preocupar-mas-las-personas-y-menos-los-numeros-ideas28f\/","name":"Lola Sanju\u00e1n Jurado: \"En la empresa y la pol\u00edtica deben preocupar m\u00e1s las personas y menos los n\u00fameros\u201d","isPartOf":{"@id":"https:\/\/cklcomunicaciones.es\/coop\/#website"},"primaryImageOfPage":{"@id":"https:\/\/cklcomunicaciones.es\/coop\/en-las-empresa-y-la-politica-deben-preocupar-mas-las-personas-y-menos-los-numeros-ideas28f\/#primaryimage"},"image":{"@id":"https:\/\/cklcomunicaciones.es\/coop\/en-las-empresa-y-la-politica-deben-preocupar-mas-las-personas-y-menos-los-numeros-ideas28f\/#primaryimage"},"thumbnailUrl":"https:\/\/cklcomunicaciones.es\/coop\/wp-content\/uploads\/2017\/10\/Sur_ideas28f.jpg","datePublished":"2017-06-01T17:57:56+00:00","author":{"@id":"https:\/\/cklcomunicaciones.es\/coop\/#\/schema\/person\/929a6837f7626450bbb50cee1aef266e"},"description":"Lola Sanju\u00e1n Jurado: \"En la empresa y la pol\u00edtica deben preocupar m\u00e1s las personas y menos los n\u00fameros\u201d","breadcrumb":{"@id":"https:\/\/cklcomunicaciones.es\/coop\/en-las-empresa-y-la-politica-deben-preocupar-mas-las-personas-y-menos-los-numeros-ideas28f\/#breadcrumb"},"inLanguage":"es","potentialAction":[{"@type":"ReadAction","target":["https:\/\/cklcomunicaciones.es\/coop\/en-las-empresa-y-la-politica-deben-preocupar-mas-las-personas-y-menos-los-numeros-ideas28f\/"]}]},{"@type":"ImageObject","inLanguage":"es","@id":"https:\/\/cklcomunicaciones.es\/coop\/en-las-empresa-y-la-politica-deben-preocupar-mas-las-personas-y-menos-los-numeros-ideas28f\/#primaryimage","url":"https:\/\/cklcomunicaciones.es\/coop\/wp-content\/uploads\/2017\/10\/Sur_ideas28f.jpg","contentUrl":"https:\/\/cklcomunicaciones.es\/coop\/wp-content\/uploads\/2017\/10\/Sur_ideas28f.jpg","width":367,"height":490,"caption":"Lola Sanju\u00e1n Opini\u00f3n en SUR 28F 2017"},{"@type":"BreadcrumbList","@id":"https:\/\/cklcomunicaciones.es\/coop\/en-las-empresa-y-la-politica-deben-preocupar-mas-las-personas-y-menos-los-numeros-ideas28f\/#breadcrumb","itemListElement":[{"@type":"ListItem","position":1,"name":"Portada","item":"https:\/\/cklcomunicaciones.es\/coop\/"},{"@type":"ListItem","position":2,"name":"Lola Sanju\u00e1n Jurado: \u00abEn la empresa y la pol\u00edtica deben preocupar m\u00e1s las personas y menos los n\u00fameros\u201d"}]},{"@type":"WebSite","@id":"https:\/\/cklcomunicaciones.es\/coop\/#website","url":"https:\/\/cklcomunicaciones.es\/coop\/","name":"CKL Comunicaciones","description":"Sitio web de CKL Comunicaciones coop , la consultora de comunicaci\u00f3n y estrategia","potentialAction":[{"@type":"SearchAction","target":{"@type":"EntryPoint","urlTemplate":"https:\/\/cklcomunicaciones.es\/coop\/?s={search_term_string}"},"query-input":{"@type":"PropertyValueSpecification","valueRequired":true,"valueName":"search_term_string"}}],"inLanguage":"es"},{"@type":"Person","@id":"https:\/\/cklcomunicaciones.es\/coop\/#\/schema\/person\/929a6837f7626450bbb50cee1aef266e","name":"ckl","image":{"@type":"ImageObject","inLanguage":"es","@id":"https:\/\/secure.gravatar.com\/avatar\/c82db564e8a669bf6023357a157b9dc4780f4d4c618f2ad1d71a6a5dede45057?s=96&d=mm&r=g","url":"https:\/\/secure.gravatar.com\/avatar\/c82db564e8a669bf6023357a157b9dc4780f4d4c618f2ad1d71a6a5dede45057?s=96&d=mm&r=g","contentUrl":"https:\/\/secure.gravatar.com\/avatar\/c82db564e8a669bf6023357a157b9dc4780f4d4c618f2ad1d71a6a5dede45057?s=96&d=mm&r=g","caption":"ckl"},"url":"https:\/\/cklcomunicaciones.es\/coop\/author\/cklcomunicaciones\/"}]}},"_links":{"self":[{"href":"https:\/\/cklcomunicaciones.es\/coop\/wp-json\/wp\/v2\/posts\/8513","targetHints":{"allow":["GET"]}}],"collection":[{"href":"https:\/\/cklcomunicaciones.es\/coop\/wp-json\/wp\/v2\/posts"}],"about":[{"href":"https:\/\/cklcomunicaciones.es\/coop\/wp-json\/wp\/v2\/types\/post"}],"author":[{"embeddable":true,"href":"https:\/\/cklcomunicaciones.es\/coop\/wp-json\/wp\/v2\/users\/3"}],"replies":[{"embeddable":true,"href":"https:\/\/cklcomunicaciones.es\/coop\/wp-json\/wp\/v2\/comments?post=8513"}],"version-history":[{"count":0,"href":"https:\/\/cklcomunicaciones.es\/coop\/wp-json\/wp\/v2\/posts\/8513\/revisions"}],"wp:featuredmedia":[{"embeddable":true,"href":"https:\/\/cklcomunicaciones.es\/coop\/wp-json\/wp\/v2\/media\/12232"}],"wp:attachment":[{"href":"https:\/\/cklcomunicaciones.es\/coop\/wp-json\/wp\/v2\/media?parent=8513"}],"wp:term":[{"taxonomy":"category","embeddable":true,"href":"https:\/\/cklcomunicaciones.es\/coop\/wp-json\/wp\/v2\/categories?post=8513"},{"taxonomy":"post_tag","embeddable":true,"href":"https:\/\/cklcomunicaciones.es\/coop\/wp-json\/wp\/v2\/tags?post=8513"}],"curies":[{"name":"wp","href":"https:\/\/api.w.org\/{rel}","templated":true}]}}