{"id":24857,"date":"2026-07-24T10:17:00","date_gmt":"2026-07-24T08:17:00","guid":{"rendered":"https:\/\/cklcomunicaciones.es\/coop\/?p=24857"},"modified":"2026-09-04T10:27:22","modified_gmt":"2026-09-04T08:27:22","slug":"mil-doscientos-jovenes-andalucia-aprender-detectar-prevenir-violencia-genero","status":"publish","type":"post","link":"https:\/\/cklcomunicaciones.es\/coop\/mil-doscientos-jovenes-andalucia-aprender-detectar-prevenir-violencia-genero\/","title":{"rendered":"1.200 j\u00f3venes de Andaluc\u00eda aprenden a detectar y prevenir la violencia de g\u00e9nero"},"content":{"rendered":"<div class=\"fusion-fullwidth fullwidth-box fusion-builder-row-1 fusion-flex-container nonhundred-percent-fullwidth non-hundred-percent-height-scrolling\" style=\"--awb-border-radius-top-left:0px;--awb-border-radius-top-right:0px;--awb-border-radius-bottom-right:0px;--awb-border-radius-bottom-left:0px;--awb-flex-wrap:wrap;\" ><div class=\"fusion-builder-row fusion-row fusion-flex-align-items-flex-start fusion-flex-content-wrap\" style=\"max-width:1248px;margin-left: calc(-4% \/ 2 );margin-right: calc(-4% \/ 2 );\"><div class=\"fusion-layout-column fusion_builder_column fusion-builder-column-0 fusion_builder_column_1_1 1_1 fusion-flex-column\" style=\"--awb-bg-blend:overlay;--awb-bg-size:cover;--awb-width-large:100%;--awb-margin-top-large:0px;--awb-spacing-right-large:1.92%;--awb-margin-bottom-large:0px;--awb-spacing-left-large:1.92%;--awb-width-medium:100%;--awb-spacing-right-medium:1.92%;--awb-spacing-left-medium:1.92%;--awb-width-small:100%;--awb-spacing-right-small:1.92%;--awb-spacing-left-small:1.92%;\"><div class=\"fusion-column-wrapper fusion-flex-justify-content-flex-start fusion-content-layout-column\"><div class=\"fusion-text fusion-text-1\"><p><strong>J\u00f3venes estudiantes de secundaria de las provincias de Almer\u00eda, C\u00e1diz, Huelva y Sevilla han participado en el proyecto de la Asociaci\u00f3n Mujeres por la Igualdad A.M.IGA financiado por el Instituto Andaluz de la Mujer.<\/strong><\/p>\n<p>La adolescencia es una etapa clave en la construcci\u00f3n de la identidad, la autoestima y los primeros v\u00ednculos afectivos significativos. En este periodo se consolidan creencias sobre el amor, los l\u00edmites, el respeto, la igualdad\u2026 que pueden influir en futuras relaciones. Por eso, la asociaci\u00f3n A.M.IGA. ha visto la importancia de desarrollar el proyecto \u2018Redes A.M.IGA.: relaciones saludables en la juventud sin violencia de g\u00e9nero\u2019.<\/p>\n<p>El objetivo ha sido sensibilizar a la poblaci\u00f3n joven para prevenir la violencia de g\u00e9nero que se ejerce sobre las mujeres j\u00f3venes y adolescentes, especialmente a trav\u00e9s de las redes sociales, mediante contenido audiovisual, que se sirve de las tecnolog\u00edas de la informaci\u00f3n y la comunicaci\u00f3n.<\/p>\n<p>Se ha trabajado en el \u00e1mbito educativo sobre conceptos como la educaci\u00f3n emocional, la prevenci\u00f3n de las conductas de control, la detenci\u00f3n temprana de se\u00f1ales de violencia y la construcci\u00f3n de relaciones basadas en la igualdad y el respeto. Se ha ofrecido a la juventud destinataria, herramientas pr\u00e1cticas mediante las cuales han podido desarrollar un pensamiento cr\u00edtico, de autoconocimiento y desarrollado habilidades para construir relaciones sanas entre sus iguales.<\/p>\n<p>La iniciativa se ha llevado a cabo de enero a julio de este a\u00f1o en once institutos andaluces de educaci\u00f3n secundaria de las provincias de Almer\u00eda, C\u00e1diz, Huelva y Sevilla, estructurado en 44 jornadas formativas a cargo de expertas en la materia y utilizando materiales educativos y audiovisuales. Han participado 1.176 j\u00f3venes, de las cuales 597 eran mujeres j\u00f3venes destinatarias directas y 579 chicos.<\/p>\n<p>Se han beneficiado las localidades de Roquetas de Mar y Aguadulce en Almer\u00eda, Huelva, Sevilla, y Puerto Real y El Puerto Santa Mar\u00eda en C\u00e1diz. Los IES participantes han sido el Colegio Coop. Al-Bayyana de Roquetas de Mar, el Colegio Portocarrero de Aguadulce, el IES San Sebasti\u00e1n de Huelva, los IES de Torreblanca, San Pablo, Leonardo Da Vinci, Antonio Dom\u00ednguez Ortiz y Salvador T\u00e1vora de Sevilla, el IES Manuel de Falla de Puerto Real, y los IES Santo Domingo y Pintor Juan Lara del Puerto de Santa Mar\u00eda.<\/p>\n<p>De forma complementaria, se ha implementado una campa\u00f1a divulgativa en redes sociales de estos audiovisuales, durante el desarrollo de las actividades para ampliar y reforzar el alcance del mensaje de prevenci\u00f3n de la violencia de g\u00e9nero en la adolescencia y la juventud.<\/p>\n<p>El proyecto ha sobrepasado con creces los objetivos previstos inicialmente, con gran participaci\u00f3n y motivaci\u00f3n por parte de las chicas y los chicos, logrando sensibilizar y transmitir conocimientos en prevenci\u00f3n de la violencia de g\u00e9nero en la juventud, detectar dichas situaciones, hacer un uso responsable de las redes sociales y fomentar las relaciones sanas en la juventud.<\/p>\n<p>La Asociaci\u00f3n Mujeres por la Igualdad A.M.IGA ha realizado esta iniciativa mediante la subvenci\u00f3n otorgada por el Instituto Andaluz de la Mujer en su convocatoria de 2025 con Fondos del Pacto de Estado contra la Violencia de G\u00e9nero.<\/p>\n<p><a href=\"https:\/\/cklcomunicaciones.es\/coop\/wp-content\/uploads\/NdP_AMIGA_IAM-salud-emocional-juventud-VG_240726.pdf\">Nota de prensa<\/a><\/p>\n<p>&#8212;&#8211;<\/p>\n<p>M\u00e1s informaci\u00f3n: Asociaci\u00f3n A.M.IGA.<br \/>\nContacto: Sonia Lagoa Fern\u00e1ndez<br \/>\nTlf.: 699 498 187 \/ Correo: info@mujeresporlaigualdad.es<\/p>\n<\/div><\/div><\/div><\/div><\/div>\n","protected":false},"excerpt":{"rendered":"","protected":false},"author":3,"featured_media":24858,"comment_status":"open","ping_status":"open","sticky":false,"template":"","format":"standard","meta":{"footnotes":""},"categories":[297],"tags":[729,733,731,109],"class_list":["post-24857","post","type-post","status-publish","format-standard","has-post-thumbnail","hentry","category-actualidad","tag-amiga","tag-iam","tag-juventud","tag-violencia-de-genero"],"yoast_head":"<!-- This site is optimized with the Yoast SEO plugin v28.4 - https:\/\/yoast.com\/product\/yoast-seo-wordpress\/ -->\n<title>1.200 j\u00f3venes de Andaluc\u00eda aprenden a detectar y prevenir la violencia de g\u00e9nero<\/title>\n<meta name=\"description\" content=\"1.200 j\u00f3venes de Andaluc\u00eda aprenden a detectar y prevenir la violencia de g\u00e9nero J\u00f3venes estudiantes de secundaria de las provincias de Almer\u00eda, C\u00e1diz, Huelva y Sevilla han participado en el proyecto de la Asociaci\u00f3n Mujeres por la Igualdad A.M.IGA financiado por el Instituto Andaluz de la Mujer.\" \/>\n<meta name=\"robots\" content=\"index, follow, max-snippet:-1, max-image-preview:large, max-video-preview:-1\" \/>\n<link rel=\"canonical\" href=\"https:\/\/cklcomunicaciones.es\/coop\/mil-doscientos-jovenes-andalucia-aprender-detectar-prevenir-violencia-genero\/\" \/>\n<meta property=\"og:locale\" content=\"es_ES\" \/>\n<meta property=\"og:type\" content=\"article\" \/>\n<meta property=\"og:title\" content=\"1.200 j\u00f3venes de Andaluc\u00eda aprenden a detectar y prevenir la violencia de g\u00e9nero\" \/>\n<meta property=\"og:description\" content=\"1.200 j\u00f3venes de Andaluc\u00eda aprenden a detectar y prevenir la violencia de g\u00e9nero J\u00f3venes estudiantes de secundaria de las provincias de Almer\u00eda, C\u00e1diz, Huelva y Sevilla han participado en el proyecto de la Asociaci\u00f3n Mujeres por la Igualdad A.M.IGA financiado por el Instituto Andaluz de la Mujer.\" \/>\n<meta property=\"og:url\" content=\"https:\/\/cklcomunicaciones.es\/coop\/mil-doscientos-jovenes-andalucia-aprender-detectar-prevenir-violencia-genero\/\" \/>\n<meta property=\"og:site_name\" content=\"CKL Comunicaciones\" \/>\n<meta property=\"article:published_time\" content=\"2026-07-24T08:17:00+00:00\" \/>\n<meta property=\"article:modified_time\" content=\"2026-09-04T08:27:22+00:00\" \/>\n<meta property=\"og:image\" content=\"https:\/\/cklcomunicaciones.es\/coop\/wp-content\/uploads\/Cartel-1.jpeg\" \/>\n\t<meta property=\"og:image:width\" content=\"1600\" \/>\n\t<meta property=\"og:image:height\" content=\"1254\" \/>\n\t<meta property=\"og:image:type\" content=\"image\/jpeg\" \/>\n<meta name=\"author\" content=\"ckl\" \/>\n<meta name=\"twitter:card\" content=\"summary_large_image\" \/>\n<meta name=\"twitter:label1\" content=\"Escrito por\" \/>\n\t<meta name=\"twitter:data1\" content=\"ckl\" \/>\n\t<meta name=\"twitter:label2\" content=\"Tiempo de lectura\" \/>\n\t<meta name=\"twitter:data2\" content=\"3 minutos\" \/>\n<script type=\"application\/ld+json\" class=\"yoast-schema-graph\">{\"@context\":\"https:\\\/\\\/schema.org\",\"@graph\":[{\"@type\":\"Article\",\"@id\":\"https:\\\/\\\/cklcomunicaciones.es\\\/coop\\\/mil-doscientos-jovenes-andalucia-aprender-detectar-prevenir-violencia-genero\\\/#article\",\"isPartOf\":{\"@id\":\"https:\\\/\\\/cklcomunicaciones.es\\\/coop\\\/mil-doscientos-jovenes-andalucia-aprender-detectar-prevenir-violencia-genero\\\/\"},\"author\":{\"name\":\"ckl\",\"@id\":\"https:\\\/\\\/cklcomunicaciones.es\\\/coop\\\/#\\\/schema\\\/person\\\/5a754935eb9504fc60987d20d8b19604\"},\"headline\":\"1.200 j\u00f3venes de Andaluc\u00eda aprenden a detectar y prevenir la violencia de g\u00e9nero\",\"datePublished\":\"2026-07-24T08:17:00+00:00\",\"dateModified\":\"2026-09-04T08:27:22+00:00\",\"mainEntityOfPage\":{\"@id\":\"https:\\\/\\\/cklcomunicaciones.es\\\/coop\\\/mil-doscientos-jovenes-andalucia-aprender-detectar-prevenir-violencia-genero\\\/\"},\"wordCount\":724,\"commentCount\":0,\"image\":{\"@id\":\"https:\\\/\\\/cklcomunicaciones.es\\\/coop\\\/mil-doscientos-jovenes-andalucia-aprender-detectar-prevenir-violencia-genero\\\/#primaryimage\"},\"thumbnailUrl\":\"https:\\\/\\\/cklcomunicaciones.es\\\/coop\\\/wp-content\\\/uploads\\\/Cartel-1.jpeg\",\"keywords\":[\"AMIGA\",\"IAM\",\"juventud\",\"violencia de g\u00e9nero\"],\"articleSection\":[\"Actualidad\"],\"inLanguage\":\"es\",\"potentialAction\":[{\"@type\":\"CommentAction\",\"name\":\"Comment\",\"target\":[\"https:\\\/\\\/cklcomunicaciones.es\\\/coop\\\/mil-doscientos-jovenes-andalucia-aprender-detectar-prevenir-violencia-genero\\\/#respond\"]}]},{\"@type\":\"WebPage\",\"@id\":\"https:\\\/\\\/cklcomunicaciones.es\\\/coop\\\/mil-doscientos-jovenes-andalucia-aprender-detectar-prevenir-violencia-genero\\\/\",\"url\":\"https:\\\/\\\/cklcomunicaciones.es\\\/coop\\\/mil-doscientos-jovenes-andalucia-aprender-detectar-prevenir-violencia-genero\\\/\",\"name\":\"1.200 j\u00f3venes de Andaluc\u00eda aprenden a detectar y prevenir la violencia de g\u00e9nero\",\"isPartOf\":{\"@id\":\"https:\\\/\\\/cklcomunicaciones.es\\\/coop\\\/#website\"},\"primaryImageOfPage\":{\"@id\":\"https:\\\/\\\/cklcomunicaciones.es\\\/coop\\\/mil-doscientos-jovenes-andalucia-aprender-detectar-prevenir-violencia-genero\\\/#primaryimage\"},\"image\":{\"@id\":\"https:\\\/\\\/cklcomunicaciones.es\\\/coop\\\/mil-doscientos-jovenes-andalucia-aprender-detectar-prevenir-violencia-genero\\\/#primaryimage\"},\"thumbnailUrl\":\"https:\\\/\\\/cklcomunicaciones.es\\\/coop\\\/wp-content\\\/uploads\\\/Cartel-1.jpeg\",\"datePublished\":\"2026-07-24T08:17:00+00:00\",\"dateModified\":\"2026-09-04T08:27:22+00:00\",\"author\":{\"@id\":\"https:\\\/\\\/cklcomunicaciones.es\\\/coop\\\/#\\\/schema\\\/person\\\/5a754935eb9504fc60987d20d8b19604\"},\"description\":\"1.200 j\u00f3venes de Andaluc\u00eda aprenden a detectar y prevenir la violencia de g\u00e9nero J\u00f3venes estudiantes de secundaria de las provincias de Almer\u00eda, C\u00e1diz, Huelva y Sevilla han participado en el proyecto de la Asociaci\u00f3n Mujeres por la Igualdad A.M.IGA financiado por el Instituto Andaluz de la Mujer.\",\"breadcrumb\":{\"@id\":\"https:\\\/\\\/cklcomunicaciones.es\\\/coop\\\/mil-doscientos-jovenes-andalucia-aprender-detectar-prevenir-violencia-genero\\\/#breadcrumb\"},\"inLanguage\":\"es\",\"potentialAction\":[{\"@type\":\"ReadAction\",\"target\":[\"https:\\\/\\\/cklcomunicaciones.es\\\/coop\\\/mil-doscientos-jovenes-andalucia-aprender-detectar-prevenir-violencia-genero\\\/\"]}]},{\"@type\":\"ImageObject\",\"inLanguage\":\"es\",\"@id\":\"https:\\\/\\\/cklcomunicaciones.es\\\/coop\\\/mil-doscientos-jovenes-andalucia-aprender-detectar-prevenir-violencia-genero\\\/#primaryimage\",\"url\":\"https:\\\/\\\/cklcomunicaciones.es\\\/coop\\\/wp-content\\\/uploads\\\/Cartel-1.jpeg\",\"contentUrl\":\"https:\\\/\\\/cklcomunicaciones.es\\\/coop\\\/wp-content\\\/uploads\\\/Cartel-1.jpeg\",\"width\":1600,\"height\":1254,\"caption\":\"amiga-iam-juventud-vg\"},{\"@type\":\"BreadcrumbList\",\"@id\":\"https:\\\/\\\/cklcomunicaciones.es\\\/coop\\\/mil-doscientos-jovenes-andalucia-aprender-detectar-prevenir-violencia-genero\\\/#breadcrumb\",\"itemListElement\":[{\"@type\":\"ListItem\",\"position\":1,\"name\":\"Portada\",\"item\":\"https:\\\/\\\/cklcomunicaciones.es\\\/coop\\\/\"},{\"@type\":\"ListItem\",\"position\":2,\"name\":\"1.200 j\u00f3venes de Andaluc\u00eda aprenden a detectar y prevenir la violencia de g\u00e9nero\"}]},{\"@type\":\"WebSite\",\"@id\":\"https:\\\/\\\/cklcomunicaciones.es\\\/coop\\\/#website\",\"url\":\"https:\\\/\\\/cklcomunicaciones.es\\\/coop\\\/\",\"name\":\"CKL Comunicaciones\",\"description\":\"Sitio web de CKL Comunicaciones coop , la consultora de comunicaci\u00f3n y estrategia\",\"potentialAction\":[{\"@type\":\"SearchAction\",\"target\":{\"@type\":\"EntryPoint\",\"urlTemplate\":\"https:\\\/\\\/cklcomunicaciones.es\\\/coop\\\/?s={search_term_string}\"},\"query-input\":{\"@type\":\"PropertyValueSpecification\",\"valueRequired\":true,\"valueName\":\"search_term_string\"}}],\"inLanguage\":\"es\"},{\"@type\":\"Person\",\"@id\":\"https:\\\/\\\/cklcomunicaciones.es\\\/coop\\\/#\\\/schema\\\/person\\\/5a754935eb9504fc60987d20d8b19604\",\"name\":\"ckl\",\"image\":{\"@type\":\"ImageObject\",\"inLanguage\":\"es\",\"@id\":\"https:\\\/\\\/secure.gravatar.com\\\/avatar\\\/c82db564e8a669bf6023357a157b9dc4780f4d4c618f2ad1d71a6a5dede45057?s=96&d=mm&r=g\",\"url\":\"https:\\\/\\\/secure.gravatar.com\\\/avatar\\\/c82db564e8a669bf6023357a157b9dc4780f4d4c618f2ad1d71a6a5dede45057?s=96&d=mm&r=g\",\"contentUrl\":\"https:\\\/\\\/secure.gravatar.com\\\/avatar\\\/c82db564e8a669bf6023357a157b9dc4780f4d4c618f2ad1d71a6a5dede45057?s=96&d=mm&r=g\",\"caption\":\"ckl\"},\"url\":\"https:\\\/\\\/cklcomunicaciones.es\\\/coop\\\/author\\\/cklcomunicaciones\\\/\"}]}<\/script>\n<!-- \/ Yoast SEO plugin. -->","yoast_head_json":{"title":"1.200 j\u00f3venes de Andaluc\u00eda aprenden a detectar y prevenir la violencia de g\u00e9nero","description":"1.200 j\u00f3venes de Andaluc\u00eda aprenden a detectar y prevenir la violencia de g\u00e9nero J\u00f3venes estudiantes de secundaria de las provincias de Almer\u00eda, C\u00e1diz, Huelva y Sevilla han participado en el proyecto de la Asociaci\u00f3n Mujeres por la Igualdad A.M.IGA financiado por el Instituto Andaluz de la Mujer.","robots":{"index":"index","follow":"follow","max-snippet":"max-snippet:-1","max-image-preview":"max-image-preview:large","max-video-preview":"max-video-preview:-1"},"canonical":"https:\/\/cklcomunicaciones.es\/coop\/mil-doscientos-jovenes-andalucia-aprender-detectar-prevenir-violencia-genero\/","og_locale":"es_ES","og_type":"article","og_title":"1.200 j\u00f3venes de Andaluc\u00eda aprenden a detectar y prevenir la violencia de g\u00e9nero","og_description":"1.200 j\u00f3venes de Andaluc\u00eda aprenden a detectar y prevenir la violencia de g\u00e9nero J\u00f3venes estudiantes de secundaria de las provincias de Almer\u00eda, C\u00e1diz, Huelva y Sevilla han participado en el proyecto de la Asociaci\u00f3n Mujeres por la Igualdad A.M.IGA financiado por el Instituto Andaluz de la Mujer.","og_url":"https:\/\/cklcomunicaciones.es\/coop\/mil-doscientos-jovenes-andalucia-aprender-detectar-prevenir-violencia-genero\/","og_site_name":"CKL Comunicaciones","article_published_time":"2026-07-24T08:17:00+00:00","article_modified_time":"2026-09-04T08:27:22+00:00","og_image":[{"width":1600,"height":1254,"url":"https:\/\/cklcomunicaciones.es\/coop\/wp-content\/uploads\/Cartel-1.jpeg","type":"image\/jpeg"}],"author":"ckl","twitter_card":"summary_large_image","twitter_misc":{"Escrito por":"ckl","Tiempo de lectura":"3 minutos"},"schema":{"@context":"https:\/\/schema.org","@graph":[{"@type":"Article","@id":"https:\/\/cklcomunicaciones.es\/coop\/mil-doscientos-jovenes-andalucia-aprender-detectar-prevenir-violencia-genero\/#article","isPartOf":{"@id":"https:\/\/cklcomunicaciones.es\/coop\/mil-doscientos-jovenes-andalucia-aprender-detectar-prevenir-violencia-genero\/"},"author":{"name":"ckl","@id":"https:\/\/cklcomunicaciones.es\/coop\/#\/schema\/person\/5a754935eb9504fc60987d20d8b19604"},"headline":"1.200 j\u00f3venes de Andaluc\u00eda aprenden a detectar y prevenir la violencia de g\u00e9nero","datePublished":"2026-07-24T08:17:00+00:00","dateModified":"2026-09-04T08:27:22+00:00","mainEntityOfPage":{"@id":"https:\/\/cklcomunicaciones.es\/coop\/mil-doscientos-jovenes-andalucia-aprender-detectar-prevenir-violencia-genero\/"},"wordCount":724,"commentCount":0,"image":{"@id":"https:\/\/cklcomunicaciones.es\/coop\/mil-doscientos-jovenes-andalucia-aprender-detectar-prevenir-violencia-genero\/#primaryimage"},"thumbnailUrl":"https:\/\/cklcomunicaciones.es\/coop\/wp-content\/uploads\/Cartel-1.jpeg","keywords":["AMIGA","IAM","juventud","violencia de g\u00e9nero"],"articleSection":["Actualidad"],"inLanguage":"es","potentialAction":[{"@type":"CommentAction","name":"Comment","target":["https:\/\/cklcomunicaciones.es\/coop\/mil-doscientos-jovenes-andalucia-aprender-detectar-prevenir-violencia-genero\/#respond"]}]},{"@type":"WebPage","@id":"https:\/\/cklcomunicaciones.es\/coop\/mil-doscientos-jovenes-andalucia-aprender-detectar-prevenir-violencia-genero\/","url":"https:\/\/cklcomunicaciones.es\/coop\/mil-doscientos-jovenes-andalucia-aprender-detectar-prevenir-violencia-genero\/","name":"1.200 j\u00f3venes de Andaluc\u00eda aprenden a detectar y prevenir la violencia de g\u00e9nero","isPartOf":{"@id":"https:\/\/cklcomunicaciones.es\/coop\/#website"},"primaryImageOfPage":{"@id":"https:\/\/cklcomunicaciones.es\/coop\/mil-doscientos-jovenes-andalucia-aprender-detectar-prevenir-violencia-genero\/#primaryimage"},"image":{"@id":"https:\/\/cklcomunicaciones.es\/coop\/mil-doscientos-jovenes-andalucia-aprender-detectar-prevenir-violencia-genero\/#primaryimage"},"thumbnailUrl":"https:\/\/cklcomunicaciones.es\/coop\/wp-content\/uploads\/Cartel-1.jpeg","datePublished":"2026-07-24T08:17:00+00:00","dateModified":"2026-09-04T08:27:22+00:00","author":{"@id":"https:\/\/cklcomunicaciones.es\/coop\/#\/schema\/person\/5a754935eb9504fc60987d20d8b19604"},"description":"1.200 j\u00f3venes de Andaluc\u00eda aprenden a detectar y prevenir la violencia de g\u00e9nero J\u00f3venes estudiantes de secundaria de las provincias de Almer\u00eda, C\u00e1diz, Huelva y Sevilla han participado en el proyecto de la Asociaci\u00f3n Mujeres por la Igualdad A.M.IGA financiado por el Instituto Andaluz de la Mujer.","breadcrumb":{"@id":"https:\/\/cklcomunicaciones.es\/coop\/mil-doscientos-jovenes-andalucia-aprender-detectar-prevenir-violencia-genero\/#breadcrumb"},"inLanguage":"es","potentialAction":[{"@type":"ReadAction","target":["https:\/\/cklcomunicaciones.es\/coop\/mil-doscientos-jovenes-andalucia-aprender-detectar-prevenir-violencia-genero\/"]}]},{"@type":"ImageObject","inLanguage":"es","@id":"https:\/\/cklcomunicaciones.es\/coop\/mil-doscientos-jovenes-andalucia-aprender-detectar-prevenir-violencia-genero\/#primaryimage","url":"https:\/\/cklcomunicaciones.es\/coop\/wp-content\/uploads\/Cartel-1.jpeg","contentUrl":"https:\/\/cklcomunicaciones.es\/coop\/wp-content\/uploads\/Cartel-1.jpeg","width":1600,"height":1254,"caption":"amiga-iam-juventud-vg"},{"@type":"BreadcrumbList","@id":"https:\/\/cklcomunicaciones.es\/coop\/mil-doscientos-jovenes-andalucia-aprender-detectar-prevenir-violencia-genero\/#breadcrumb","itemListElement":[{"@type":"ListItem","position":1,"name":"Portada","item":"https:\/\/cklcomunicaciones.es\/coop\/"},{"@type":"ListItem","position":2,"name":"1.200 j\u00f3venes de Andaluc\u00eda aprenden a detectar y prevenir la violencia de g\u00e9nero"}]},{"@type":"WebSite","@id":"https:\/\/cklcomunicaciones.es\/coop\/#website","url":"https:\/\/cklcomunicaciones.es\/coop\/","name":"CKL Comunicaciones","description":"Sitio web de CKL Comunicaciones coop , la consultora de comunicaci\u00f3n y estrategia","potentialAction":[{"@type":"SearchAction","target":{"@type":"EntryPoint","urlTemplate":"https:\/\/cklcomunicaciones.es\/coop\/?s={search_term_string}"},"query-input":{"@type":"PropertyValueSpecification","valueRequired":true,"valueName":"search_term_string"}}],"inLanguage":"es"},{"@type":"Person","@id":"https:\/\/cklcomunicaciones.es\/coop\/#\/schema\/person\/5a754935eb9504fc60987d20d8b19604","name":"ckl","image":{"@type":"ImageObject","inLanguage":"es","@id":"https:\/\/secure.gravatar.com\/avatar\/c82db564e8a669bf6023357a157b9dc4780f4d4c618f2ad1d71a6a5dede45057?s=96&d=mm&r=g","url":"https:\/\/secure.gravatar.com\/avatar\/c82db564e8a669bf6023357a157b9dc4780f4d4c618f2ad1d71a6a5dede45057?s=96&d=mm&r=g","contentUrl":"https:\/\/secure.gravatar.com\/avatar\/c82db564e8a669bf6023357a157b9dc4780f4d4c618f2ad1d71a6a5dede45057?s=96&d=mm&r=g","caption":"ckl"},"url":"https:\/\/cklcomunicaciones.es\/coop\/author\/cklcomunicaciones\/"}]}},"_links":{"self":[{"href":"https:\/\/cklcomunicaciones.es\/coop\/wp-json\/wp\/v2\/posts\/24857","targetHints":{"allow":["GET"]}}],"collection":[{"href":"https:\/\/cklcomunicaciones.es\/coop\/wp-json\/wp\/v2\/posts"}],"about":[{"href":"https:\/\/cklcomunicaciones.es\/coop\/wp-json\/wp\/v2\/types\/post"}],"author":[{"embeddable":true,"href":"https:\/\/cklcomunicaciones.es\/coop\/wp-json\/wp\/v2\/users\/3"}],"replies":[{"embeddable":true,"href":"https:\/\/cklcomunicaciones.es\/coop\/wp-json\/wp\/v2\/comments?post=24857"}],"version-history":[{"count":2,"href":"https:\/\/cklcomunicaciones.es\/coop\/wp-json\/wp\/v2\/posts\/24857\/revisions"}],"predecessor-version":[{"id":24861,"href":"https:\/\/cklcomunicaciones.es\/coop\/wp-json\/wp\/v2\/posts\/24857\/revisions\/24861"}],"wp:featuredmedia":[{"embeddable":true,"href":"https:\/\/cklcomunicaciones.es\/coop\/wp-json\/wp\/v2\/media\/24858"}],"wp:attachment":[{"href":"https:\/\/cklcomunicaciones.es\/coop\/wp-json\/wp\/v2\/media?parent=24857"}],"wp:term":[{"taxonomy":"category","embeddable":true,"href":"https:\/\/cklcomunicaciones.es\/coop\/wp-json\/wp\/v2\/categories?post=24857"},{"taxonomy":"post_tag","embeddable":true,"href":"https:\/\/cklcomunicaciones.es\/coop\/wp-json\/wp\/v2\/tags?post=24857"}],"curies":[{"name":"wp","href":"https:\/\/api.w.org\/{rel}","templated":true}]}}