{"id":24699,"date":"2025-10-31T17:09:07","date_gmt":"2025-10-31T16:09:07","guid":{"rendered":"https:\/\/cklcomunicaciones.es\/coop\/?p=24699"},"modified":"2025-10-31T17:09:07","modified_gmt":"2025-10-31T16:09:07","slug":"noticias-info-ckl-2942-31-10-2025","status":"publish","type":"post","link":"https:\/\/cklcomunicaciones.es\/coop\/noticias-info-ckl-2942-31-10-2025\/","title":{"rendered":"Noticias Info CKL #2942-31-10-2025"},"content":{"rendered":"<p><div class=\"fusion-fullwidth fullwidth-box fusion-builder-row-1 fusion-flex-container has-pattern-background has-mask-background nonhundred-percent-fullwidth non-hundred-percent-height-scrolling\" style=\"--awb-border-radius-top-left:0px;--awb-border-radius-top-right:0px;--awb-border-radius-bottom-right:0px;--awb-border-radius-bottom-left:0px;--awb-flex-wrap:wrap;\" ><div class=\"fusion-builder-row fusion-row fusion-flex-align-items-flex-start fusion-flex-content-wrap\" style=\"max-width:1248px;margin-left: calc(-4% \/ 2 );margin-right: calc(-4% \/ 2 );\"><div class=\"fusion-layout-column fusion_builder_column fusion-builder-column-0 fusion_builder_column_1_1 1_1 fusion-flex-column\" style=\"--awb-bg-size:cover;--awb-width-large:100%;--awb-margin-top-large:0px;--awb-spacing-right-large:1.92%;--awb-margin-bottom-large:20px;--awb-spacing-left-large:1.92%;--awb-width-medium:100%;--awb-order-medium:0;--awb-spacing-right-medium:1.92%;--awb-spacing-left-medium:1.92%;--awb-width-small:100%;--awb-order-small:0;--awb-spacing-right-small:1.92%;--awb-spacing-left-small:1.92%;\"><div class=\"fusion-column-wrapper fusion-column-has-shadow fusion-flex-justify-content-flex-start fusion-content-layout-column\"><div class=\"fusion-title title fusion-title-1 fusion-sep-none fusion-title-text fusion-title-size-paragraph\" style=\"--awb-margin-top:20px;--awb-margin-top-small:10px;--awb-margin-right-small:0px;--awb-margin-bottom-small:10px;--awb-margin-left-small:0px;--awb-sep-color:var(--awb-custom_color_1);--awb-font-size:20px;\"><p class=\"fusion-title-heading title-heading-left title-heading-tag fusion-responsive-typography-calculated\" style=\"font-family:&quot;Raleway&quot;;font-style:normal;font-weight:400;margin:0;font-size:1em;--fontSize:20;--minFontSize:20;line-height:var(--awb-typography4-line-height);\"><a class=\"fusion-one-page-text-link\" href=\"#convocatorias\"><mark class=\"fusion-highlight custom-textcolor highlight1 awb-highlight-background rounded\" style=\"--awb-text-color:#ffffff;\"><strong>Convocatorias<\/strong><\/mark><\/a> <a class=\"fusion-one-page-text-link\" href=\"#comunicacion\"><mark class=\"fusion-highlight custom-textcolor highlight1 awb-highlight-background rounded\" style=\"--awb-color:#db9600;--awb-text-color:#ffffff;\"><strong>Comunicaci\u00f3n, Publicidad y TICs<\/strong><\/mark><\/a> <a class=\"fusion-one-page-text-link\" href=\"#andalucia\"><mark class=\"fusion-highlight custom-textcolor highlight1 awb-highlight-background rounded\" style=\"--awb-color:#4cb700;--awb-text-color:#ffffff;\"><strong>Andaluc\u00eda<\/strong><\/mark><\/a> <a class=\"fusion-one-page-text-link\" href=\"#estado\"><mark class=\"fusion-highlight custom-textcolor highlight1 awb-highlight-background rounded\" style=\"--awb-text-color:#ffffff;\"><strong>Estado<\/strong><\/mark><\/a> <a class=\"fusion-one-page-text-link\" href=\"#internacional\"><mark class=\"fusion-highlight custom-textcolor highlight1 awb-highlight-background rounded\" style=\"--awb-color:#0098d9;--awb-text-color:#ffffff;\"><strong>Internacional<\/strong><\/mark><\/a><\/p><\/div><\/div><\/div><\/div><\/div><div class=\"fusion-fullwidth fullwidth-box fusion-builder-row-2 fusion-flex-container has-pattern-background has-mask-background hundred-percent-fullwidth non-hundred-percent-height-scrolling\" style=\"--awb-border-radius-top-left:0px;--awb-border-radius-top-right:0px;--awb-border-radius-bottom-right:0px;--awb-border-radius-bottom-left:0px;--awb-padding-right-small:2%;--awb-padding-left-small:2%;--awb-flex-wrap:wrap;\" ><div class=\"fusion-builder-row fusion-row fusion-flex-align-items-flex-start fusion-flex-content-wrap\" style=\"width:104% !important;max-width:104% !important;margin-left: calc(-4% \/ 2 );margin-right: calc(-4% \/ 2 );\"><div class=\"fusion-layout-column fusion_builder_column fusion-builder-column-1 fusion_builder_column_1_1 1_1 fusion-flex-column\" style=\"--awb-padding-right:20px;--awb-padding-left:20px;--awb-padding-right-small:15px;--awb-padding-left-small:15px;--awb-overflow:hidden;--awb-bg-color:var(--awb-color1);--awb-bg-color-hover:var(--awb-color1);--awb-bg-size:cover;--awb-border-color:var(--awb-color3);--awb-border-top:2px;--awb-border-right:2px;--awb-border-bottom:2px;--awb-border-left:2px;--awb-border-style:solid;--awb-border-radius:15px 15px 15px 15px;--awb-width-large:100%;--awb-margin-top-large:0px;--awb-spacing-right-large:1.92%;--awb-margin-bottom-large:20px;--awb-spacing-left-large:1.92%;--awb-width-medium:100%;--awb-order-medium:0;--awb-spacing-right-medium:1.92%;--awb-spacing-left-medium:1.92%;--awb-width-small:100%;--awb-order-small:0;--awb-spacing-right-small:0px;--awb-spacing-left-small:0px;\" id=\"c_convocatorias\" data-scroll-devices=\"small-visibility,medium-visibility,large-visibility\"><div class=\"fusion-column-wrapper fusion-column-has-shadow fusion-flex-justify-content-flex-start fusion-content-layout-column\"><div class=\"fusion-title title fusion-title-2 fusion-sep-none fusion-title-text fusion-title-size-one\" style=\"--awb-margin-top:20px;--awb-margin-top-small:10px;--awb-margin-right-small:0px;--awb-margin-bottom-small:10px;--awb-margin-left-small:0px;--awb-sep-color:var(--awb-custom_color_1);\" id=\"convocatorias\"><h1 class=\"fusion-title-heading title-heading-left fusion-responsive-typography-calculated\" style=\"font-family:&quot;Raleway&quot;;font-style:normal;font-weight:400;margin:0;--fontSize:40;line-height:var(--awb-typography1-line-height);\"><mark class=\"fusion-highlight custom-textcolor highlight1 awb-highlight-background rounded\" style=\"--awb-text-color:#ffffff;\"><strong>Convocatorias<\/strong><\/mark><\/h1><\/div><div class=\"fusion-text fusion-text-1\" style=\"--awb-line-height:1.5em;--awb-margin-left:10px;\"><ul>\n<li><a href=\"https:\/\/www.coam.org\/actualidad-coam-recomienda-semana-europea-de-la-igualdad-de-genero-en-el-parlamento-europeo\/\">Semana Europea de la Igualdad de G\u00e9nero en el Parlamento Europeo &#8211; COAM<\/a><\/li>\n<li>XXV Semana de la Ciencia 2025: \u00abCruzando fronteras: circulaci\u00f3n de saberes, recepci\u00f3n de conocimientos en equidad\u00bb. Casa de la Ciencia (CSIC)\u00a0y Facultad de Ciencias de la Educaci\u00f3n, Universidad de Sevilla. Del 4 al 16 de noviembre de 2025 (10.00-20.00 horas).\u00a0<a href=\"https:\/\/cchs.csic.es\/es\/semanaciencia2025\/cruzando-fronteras\" target=\"_blank\" rel=\"noopener\" data-saferedirecturl=\"https:\/\/www.google.com\/url?q=https:\/\/cchs.csic.es\/es\/semanaciencia2025\/cruzando-fronteras&amp;source=gmail&amp;ust=1761841453094000&amp;usg=AOvVaw3fBjMqGljFpeX4Uhs97X44\">M\u00e1s informaci\u00f3n<\/a>.<\/li>\n<li>Gr\u00e1ficas!: encuentro de creadoras y autoras de c\u00f3mics\u00a0Centro\u00a0Andaluz de las\u00a0Letras. Del 6 al 8 de noviembre.\u00a0<a href=\"https:\/\/www.juntadeandalucia.es\/cultura\/caletras\/content\/graficas\" target=\"_blank\" rel=\"noopener\" data-saferedirecturl=\"https:\/\/www.google.com\/url?q=https:\/\/www.juntadeandalucia.es\/cultura\/caletras\/content\/graficas&amp;source=gmail&amp;ust=1761841453094000&amp;usg=AOvVaw1NG1eOkP1z6TJFS0qM4inc\">M\u00e1s informaci\u00f3n<\/a>.<\/li>\n<li>VIII Congreso Internacional G\u00e9nero y Derecho, esta edici\u00f3n dedicado al Pacto de Estado y compromisos institucionales para la igualdad efectiva ciudadana. Granada, Paraninfo de la Facultad de Derecho de la UGR y online, los d\u00edas 12 y 13 de noviembre de 2025. M\u00e1s informaci\u00f3n: <a href=\"https:\/\/sites.google.com\/view\/congreso-genero-y-derecho\/inicio\">G\u00e9nero y Derecho<\/a><\/li>\n<li>Seminario sobre prevenci\u00f3n, detecci\u00f3n y actuaci\u00f3n contra el acoso sexual y sexista en el \u00e1mbito universitario. Universidad Pablo de Olavide \u2013 Facultad de Derecho. 18 y 19 de noviembre. Entrada libre hasta completar aforo.\u00a0<a href=\"https:\/\/www.upo.es\/facultad-derecho\/es\/de-interes\/Noticias-de-la-Facultad\/La-Facultad-de-Derecho-organiza-un-seminario-sobre-la-prevencion-y-actuacion-frente-al-acoso-sexual-y-sexista-en-el-ambito-universitario\/\" target=\"_blank\" rel=\"noopener\" data-saferedirecturl=\"https:\/\/www.google.com\/url?q=https:\/\/www.upo.es\/facultad-derecho\/es\/de-interes\/Noticias-de-la-Facultad\/La-Facultad-de-Derecho-organiza-un-seminario-sobre-la-prevencion-y-actuacion-frente-al-acoso-sexual-y-sexista-en-el-ambito-universitario\/&amp;source=gmail&amp;ust=1761841453094000&amp;usg=AOvVaw3dMBAR8QkdMyyiBGIlZwR3\">M\u00e1s informaci\u00f3n<\/a>.<\/li>\n<li><a href=\"https:\/\/congresozambranoyescritorasdel27.com\/\" target=\"_blank\" rel=\"noopener\" data-saferedirecturl=\"https:\/\/www.google.com\/url?q=https:\/\/congresozambranoyescritorasdel27.com\/&amp;source=gmail&amp;ust=1761993719737000&amp;usg=AOvVaw0m8q0yzHASXqum-UdYTlbF\"><span style=\"font-family: Calibri, sans-serif;\">Congreso Internacional \u201cMar\u00eda Zambrano y las escritas del 27. Hacia un encuentro hist\u00f3rico\u201d<\/span><\/a><span style=\"color: #222222;\"><span style=\"font-family: Calibri, sans-serif;\"><span style=\"font-size: medium;\">.\u00a0<\/span><\/span><\/span><span style=\"color: #222222;\"><span style=\"font-family: Calibri, sans-serif;\"><span style=\"font-size: medium;\">Ayuntamiento de M\u00e1laga<\/span><\/span><\/span><span style=\"color: #222222;\"><span style=\"font-family: Calibri, sans-serif;\"><span style=\"font-size: medium;\">.\u00a0<\/span><\/span><\/span><span style=\"color: #222222;\"><span style=\"font-family: Calibri, sans-serif;\"><span style=\"font-size: medium;\">Universidad de M\u00e1laga, Facultad de\u00a0<\/span><\/span><\/span><span style=\"color: #222222;\"><span style=\"font-family: Calibri, sans-serif;\"><span style=\"font-size: medium;\">Derecho<\/span><\/span><\/span><span style=\"color: #222222;\"><span style=\"font-family: Calibri, sans-serif;\"><span style=\"font-size: medium;\">.\u00a0<\/span><\/span><\/span><span style=\"color: #222222;\"><span style=\"font-family: Calibri, sans-serif;\"><span style=\"font-size: medium;\">4,\u00a0<\/span><\/span><\/span><span style=\"color: #222222;\"><span style=\"font-family: Calibri, sans-serif;\"><span style=\"font-size: medium;\">5 y 6<\/span><\/span><\/span><span style=\"color: #222222;\"><span style=\"font-family: Calibri, sans-serif;\"><span style=\"font-size: medium;\">\u00a0de\u00a0<\/span><\/span><\/span><span style=\"color: #222222;\"><span style=\"font-family: Calibri, sans-serif;\"><span style=\"font-size: medium;\">noviembre<\/span><\/span><\/span><span style=\"color: #222222;\"><span style=\"font-family: Calibri, sans-serif;\"><span style=\"font-size: medium;\">.\u00a0<\/span><\/span><\/span><span style=\"color: #222222;\"><span style=\"font-family: Calibri, sans-serif;\"><span style=\"font-size: medium;\">Varias sedes<\/span><\/span><\/span><span style=\"color: #222222;\"><span style=\"font-family: Calibri, sans-serif;\"><span style=\"font-size: medium;\">.<\/span><\/span><\/span><span style=\"color: #222222;\"><span style=\"font-family: Calibri, sans-serif;\"><span style=\"font-size: medium;\">\u00a0<\/span><\/span><\/span><a href=\"https:\/\/congresozambranoyescritorasdel27.com\/programa\/\" target=\"_blank\" rel=\"noopener\" data-saferedirecturl=\"https:\/\/www.google.com\/url?q=https:\/\/congresozambranoyescritorasdel27.com\/programa\/&amp;source=gmail&amp;ust=1761993719737000&amp;usg=AOvVaw3Q4L93qUAHMBcx_yZxvr8I\"><span style=\"font-family: Calibri, sans-serif;\">Programa<\/span><\/a><span style=\"color: #222222;\"><span style=\"font-family: Calibri, sans-serif;\"><span style=\"font-size: medium;\">.\u00a0<\/span><\/span><\/span><a href=\"https:\/\/congresozambranoyescritorasdel27.com\/inscripcion\/\" target=\"_blank\" rel=\"noopener\" data-saferedirecturl=\"https:\/\/www.google.com\/url?q=https:\/\/congresozambranoyescritorasdel27.com\/inscripcion\/&amp;source=gmail&amp;ust=1761993719737000&amp;usg=AOvVaw0oW-rYIGvG3Vx1-qZYsZZJ\"><span style=\"font-family: Calibri, sans-serif;\">Inscripciones<\/span><\/a><span style=\"color: #222222;\"><span style=\"font-family: Calibri, sans-serif;\"><span style=\"font-size: medium;\">.<\/span><\/span><\/span><\/li>\n<li>Seminario online sobre las novedades en materia de implantaci\u00f3n de Planes de Igualdad en las Cooperativas. Organiza AMECOOP Andaluc\u00eda. 19 de noviembre a las 10\u00a0 horas. Inscripciones: https:\/\/forms.gle\/zV9o7BWtC5QQS9Xm6<\/li>\n<\/ul>\n<\/div><\/div><\/div><\/div><\/div><div class=\"fusion-fullwidth fullwidth-box fusion-builder-row-3 fusion-flex-container has-pattern-background has-mask-background hundred-percent-fullwidth non-hundred-percent-height-scrolling\" style=\"--awb-border-radius-top-left:0px;--awb-border-radius-top-right:0px;--awb-border-radius-bottom-right:0px;--awb-border-radius-bottom-left:0px;--awb-padding-right-small:2%;--awb-padding-left-small:2%;--awb-flex-wrap:wrap;\" ><div class=\"fusion-builder-row fusion-row fusion-flex-align-items-flex-start fusion-flex-content-wrap\" style=\"width:104% !important;max-width:104% !important;margin-left: calc(-4% \/ 2 );margin-right: calc(-4% \/ 2 );\"><div class=\"fusion-layout-column fusion_builder_column fusion-builder-column-2 fusion_builder_column_1_1 1_1 fusion-flex-column\" style=\"--awb-padding-right:20px;--awb-padding-left:20px;--awb-padding-right-small:15px;--awb-padding-left-small:15px;--awb-overflow:hidden;--awb-bg-color:var(--awb-color1);--awb-bg-color-hover:var(--awb-color1);--awb-bg-size:cover;--awb-border-color:var(--awb-color3);--awb-border-top:2px;--awb-border-right:2px;--awb-border-bottom:2px;--awb-border-left:2px;--awb-border-style:solid;--awb-border-radius:15px 15px 15px 15px;--awb-width-large:100%;--awb-margin-top-large:0px;--awb-spacing-right-large:1.92%;--awb-margin-bottom-large:20px;--awb-spacing-left-large:1.92%;--awb-width-medium:100%;--awb-order-medium:0;--awb-spacing-right-medium:1.92%;--awb-spacing-left-medium:1.92%;--awb-width-small:100%;--awb-order-small:0;--awb-spacing-right-small:0px;--awb-spacing-left-small:0px;\" id=\"comunicacion_tics\" data-scroll-devices=\"small-visibility,medium-visibility,large-visibility\"><div class=\"fusion-column-wrapper fusion-column-has-shadow fusion-flex-justify-content-flex-start fusion-content-layout-column\"><div class=\"fusion-title title fusion-title-3 fusion-sep-none fusion-title-text fusion-title-size-one\" style=\"--awb-margin-top:20px;--awb-margin-top-small:10px;--awb-margin-right-small:0px;--awb-margin-bottom-small:10px;--awb-margin-left-small:0px;--awb-sep-color:var(--awb-custom_color_1);\" id=\"comunicacion\"><h1 class=\"fusion-title-heading title-heading-left fusion-responsive-typography-calculated\" style=\"font-family:&quot;Raleway&quot;;font-style:normal;font-weight:400;margin:0;--fontSize:40;line-height:var(--awb-typography1-line-height);\"><mark class=\"fusion-highlight custom-textcolor highlight1 awb-highlight-background rounded\" style=\"--awb-color:#db9600;--awb-text-color:#ffffff;\"><strong>Comunicaci\u00f3n, Publicidad y TICs<\/strong><\/mark><\/h1><\/div><div class=\"fusion-text fusion-text-2\" style=\"--awb-line-height:1.5em;--awb-margin-left:10px;\"><div class=\"lSfe4c r5bEn aI5QMe\">\n<div class=\"SoAPf\">\n<ul>\n<li role=\"heading\" aria-level=\"3\"><a href=\"https:\/\/www.wikiesfera.org\/es\/2025\/10\/27\/wikiesfera-finalista-de-los-european-digital-skills-awards-2025\/\">Wikiesfera, finalista de los European Digital Skills Awards 2025 \u2013 WIKIESFERA<\/a> @wikiesfera<\/li>\n<li role=\"heading\" aria-level=\"3\"><a href=\"https:\/\/www.eldiario.es\/cultura\/catalina-gomez-premio-periodismo-david-beriain-grises-son-enormes-hay-mirarlos_1_12714830.html\">Catalina G\u00f3mez, premio Periodismo David Beriain: Los grises son enormes y hay que mirarlos<\/a> @eldiario<\/li>\n<li role=\"heading\" aria-level=\"3\"><a href=\"https:\/\/www.europapress.es\/andalucia\/sevilla-00357\/noticia-iniciativa-alcala-guadaira-sevilla-reflexiona-estereotipos-sexistas-canciones-20251030165952.html\">Una iniciativa en Alcal\u00e1 de Guada\u00edra (Sevilla) reflexiona sobre los estereotipos sexistas en las canciones<\/a> @europapress<\/li>\n<li role=\"heading\" aria-level=\"3\"><a href=\"https:\/\/www.rtve.es\/rtve\/20251028\/observatorio-rtve-seminci-poder-transformador-nuevos-oficios-liderados-mujeres\/16790517.shtml\">El Observatorio de RTVE reivindica en Seminci el poder transformador de los nuevos oficios liderados por mujeres<\/a> @rtve<\/li>\n<li role=\"heading\" aria-level=\"3\"><a href=\"https:\/\/www.farodevigo.es\/pontevedra\/2025\/10\/25\/olga-viza-mujer-periodismo-hoy-123021930.html\">Olga Viza sobre mujer y periodismo hoy d\u00eda: \u00abA\u00fan estamos a pico y pala\u00bb<\/a> @farodevigo<\/li>\n<li role=\"heading\" aria-level=\"3\"><a href=\"https:\/\/www.msn.com\/es-us\/noticias\/other\/el-arte-fotogr%C3%A1fico-no-conoce-fronteras-dice-la-mexicana-graciela-iturbide-al-recibir-el-premio-princesa-de-asturias\/ar-AA1Pbq8B?ocid=BingNewsVerp\">\u201cEl arte fotogr\u00e1fico no conoce fronteras\u201d, dice la mexicana Graciela Iturbide al recibir el Premio Princesa de Asturias<\/a> @elperiodico<\/li>\n<li role=\"heading\" aria-level=\"3\"><a href=\"https:\/\/www.msn.com\/es-es\/noticias\/espana\/un-congreso-analiza-en-almendralejo-el-papel-de-los-medios-y-la-comunicaci%C3%B3n-en-la-lucha-por-la-igualdad\/ar-AA1PyMii?ocid=BingNewsVerp\">Un congreso analiza en Almendralejo el papel de los medios y la comunicaci\u00f3n en la lucha por la igualdad<\/a> @eldiario<\/li>\n<li role=\"heading\" aria-level=\"3\"><a href=\"https:\/\/www.laprovincia.es\/sociedad\/2025\/10\/30\/influcecers-expanden-mensajes-machistas-123192767.html\">El machismo se viraliza entre los &#8216;influencers&#8217;: los mensajes sexistas consiguen 5 millones de clics frente a 52.000 feministas<\/a> @laprovincia<\/li>\n<\/ul>\n<\/div>\n<\/div>\n<\/div><\/div><\/div><\/div><\/div><div class=\"fusion-fullwidth fullwidth-box fusion-builder-row-4 fusion-flex-container has-pattern-background has-mask-background hundred-percent-fullwidth non-hundred-percent-height-scrolling\" style=\"--awb-border-radius-top-left:0px;--awb-border-radius-top-right:0px;--awb-border-radius-bottom-right:0px;--awb-border-radius-bottom-left:0px;--awb-padding-right-small:2%;--awb-padding-left-small:2%;--awb-flex-wrap:wrap;\" id=\"and\" ><div class=\"fusion-builder-row fusion-row fusion-flex-align-items-flex-start fusion-flex-content-wrap\" style=\"width:104% !important;max-width:104% !important;margin-left: calc(-4% \/ 2 );margin-right: calc(-4% \/ 2 );\"><div class=\"fusion-layout-column fusion_builder_column fusion-builder-column-3 fusion_builder_column_1_1 1_1 fusion-flex-column\" style=\"--awb-padding-right:20px;--awb-padding-left:20px;--awb-padding-right-small:15px;--awb-padding-left-small:15px;--awb-overflow:hidden;--awb-bg-color:var(--awb-color1);--awb-bg-color-hover:var(--awb-color1);--awb-bg-size:cover;--awb-border-color:var(--awb-color3);--awb-border-top:2px;--awb-border-right:2px;--awb-border-bottom:2px;--awb-border-left:2px;--awb-border-style:solid;--awb-border-radius:15px 15px 15px 15px;--awb-width-large:100%;--awb-margin-top-large:0px;--awb-spacing-right-large:1.92%;--awb-margin-bottom-large:20px;--awb-spacing-left-large:1.92%;--awb-width-medium:100%;--awb-order-medium:0;--awb-spacing-right-medium:1.92%;--awb-spacing-left-medium:1.92%;--awb-width-small:100%;--awb-order-small:0;--awb-spacing-right-small:0px;--awb-spacing-left-small:0px;\" id=\"c_andalucia\" data-scroll-devices=\"small-visibility,medium-visibility,large-visibility\"><div class=\"fusion-column-wrapper fusion-column-has-shadow fusion-flex-justify-content-flex-start fusion-content-layout-column\"><div class=\"fusion-title title fusion-title-4 fusion-sep-none fusion-title-text fusion-title-size-one\" style=\"--awb-margin-top:20px;--awb-margin-top-small:10px;--awb-margin-right-small:0px;--awb-margin-bottom-small:10px;--awb-margin-left-small:0px;--awb-sep-color:var(--awb-custom_color_1);\" id=\"andalucia\"><h1 class=\"fusion-title-heading title-heading-left fusion-responsive-typography-calculated\" style=\"font-family:&quot;Raleway&quot;;font-style:normal;font-weight:400;margin:0;--fontSize:40;line-height:var(--awb-typography1-line-height);\"><mark class=\"fusion-highlight custom-textcolor highlight1 awb-highlight-background rounded\" style=\"--awb-color:#4cb700;--awb-text-color:#ffffff;\"><strong>Andaluc\u00eda<\/strong><\/mark><\/h1><\/div><div class=\"fusion-title title fusion-title-5 fusion-sep-none fusion-title-text fusion-title-size-two fusion-animated\" style=\"--awb-text-color:var(--awb-color7);--awb-margin-top-small:10px;--awb-margin-right-small:0px;--awb-margin-bottom-small:10px;--awb-margin-left-small:0px;--awb-sep-color:var(--awb-custom_color_1);--awb-font-size:24px;\" data-animationType=\"fadeIn\" data-animationDuration=\"0.3\" data-animationOffset=\"top-into-view\" id=\"a_institucional\"><h2 class=\"fusion-title-heading title-heading-left fusion-responsive-typography-calculated\" style=\"margin:0;font-size:1em;--fontSize:24;line-height:var(--awb-typography1-line-height);\"><mark class=\"fusion-highlight light highlight1 awb-highlight-background rounded\" style=\"--awb-color:#d1d1d1;\"><strong> Institucional<\/strong>\u00a0<\/mark><\/h2><\/div><div class=\"fusion-text fusion-text-3\" style=\"--awb-line-height:1.5em;\"><div class=\"lSfe4c r5bEn aI5QMe\">\n<div class=\"SoAPf\">\n<ul>\n<li role=\"heading\" aria-level=\"3\"><a href=\"https:\/\/www.msn.com\/es-es\/noticias\/espana\/moreno-felicita-a-atencia-por-merecido-premio-nacional-de-las-letras-el-talento-andaluz-vuelve-a-brillar\/ar-AA1PmxFL?ocid=BingNewsVerp\">Moreno felicita a Atencia por \u00abmerecido\u00bb Premio Nacional de las Letras: \u00abEl talento andaluz vuelve a brillar\u00bb<\/a> @europapress<\/li>\n<li role=\"heading\" aria-level=\"3\"><a href=\"https:\/\/www.msn.com\/es-es\/dinero\/economia\/andaluc%C3%ADa-cuadra-el-presupuesto-para-pasar-del-fla-y-financiarse-en-los-mercados\/ar-AA1Pq2ea?ocid=BingNewsVerp\">Andaluc\u00eda cuadra el Presupuesto para &#8216;pasar&#8217; del FLA y financiarse en los mercados<\/a> @eleconomista<\/li>\n<\/ul>\n<div role=\"heading\" aria-level=\"3\"><\/div>\n<div role=\"heading\" aria-level=\"3\"><\/div>\n<\/div>\n<\/div>\n<\/div><div class=\"fusion-title title fusion-title-6 fusion-sep-none fusion-title-text fusion-title-size-two fusion-animated\" style=\"--awb-text-color:var(--awb-color7);--awb-margin-top-small:10px;--awb-margin-right-small:0px;--awb-margin-bottom-small:10px;--awb-margin-left-small:0px;--awb-sep-color:var(--awb-custom_color_1);--awb-font-size:24px;\" data-animationType=\"fadeIn\" data-animationDuration=\"0.3\" data-animationOffset=\"top-into-view\" id=\"a_economia_empresa\"><h2 class=\"fusion-title-heading title-heading-left fusion-responsive-typography-calculated\" style=\"margin:0;font-size:1em;--fontSize:24;line-height:var(--awb-typography1-line-height);\"><mark class=\"fusion-highlight light highlight1 awb-highlight-background rounded\" style=\"--awb-color:#d1d1d1;\"><strong>Econom\u00eda y Empresa<\/strong><\/mark><\/h2><\/div><div class=\"fusion-text fusion-text-4\" style=\"--awb-line-height:1.5em;\"><div class=\"n0jPhd ynAwRc tNxQIb nDgy9d\" role=\"heading\" aria-level=\"3\">\n<div class=\"n0jPhd ynAwRc tNxQIb nDgy9d\" role=\"heading\" aria-level=\"3\">\n<div class=\"lSfe4c r5bEn aI5QMe\">\n<div class=\"SoAPf\">\n<ul>\n<li role=\"heading\" aria-level=\"3\"><a href=\"https:\/\/andaluciaeconomica.com\/las-mujeres-socias-consolidan-su-presencia-en-coviran-y-se-convierten-en-motor-contra-la-despoblacion-rural\/\">Las mujeres socias consolidan su presencia en Covir\u00e1n y se convierten en motor contra la despoblaci\u00f3n rural &#8211; <\/a>\u00a0@revistaandaluciaeconomica<\/li>\n<li role=\"heading\" aria-level=\"3\"><a href=\"https:\/\/cadenaser.com\/andalucia\/2025\/10\/31\/la-federacion-provincial-de-mujeres-empresarias-y-profesionales-de-jaen-reune-a-mas-de-170-personas-en-su-jornada-de-alto-impacto-empresarial-radio-jaen\/\">La Federaci\u00f3n Provincial de Mujeres Empresarias y Profesionales de Ja\u00e9n re\u00fane a m\u00e1s de 170 personas en su &#8216;Jornada de Alto Impacto Empresarial&#8217; <\/a> @ser<\/li>\n<li role=\"heading\" aria-level=\"3\"><a href=\"https:\/\/www.canalsur.es\/noticias\/las-mujeres-empresarias-andaluzas-reclaman-en-el-mirador-educar-en-igualdad-desde-infantil\/2211534.html\">Las mujeres empresarias andaluzas reclaman en &#8216;El Mirador&#8217; educar en igualdad \u00abdesde Infantil\u00bb<\/a> @canalsur<\/li>\n<li role=\"heading\" aria-level=\"3\"><a href=\"https:\/\/www.ondacero.es\/emisoras\/andalucia\/malaga\/audios-podcast\/mas-de-uno\/gira-mujeres-organiza-alora-primeras-ruraltalks-inspirar-motivar-emprendedoras-rurales_2025102768ff31bac7155f09f1aefc0f.html\">GIRA Mujeres organiza en \u00c1lora las primeras \u2018RuralTALKS\u2019 para inspirar y motivar a las emprendedoras rurales <\/a> @ondacero<\/li>\n<li><a href=\"https:\/\/www.msn.com\/es-es\/noticias\/espana\/la-junta-prev%C3%A9-que-andaluc%C3%ADa-crezca-un-23-en-2026-y-crear-85750-empleos-para-situar-el-paro-por-debajo-del-14\/ar-AA1Pl4Ck?ocid=BingNewsVerp\">La Junta prev\u00e9 que Andaluc\u00eda crezca un 2,3% en 2026 y crear 85.750 empleos para situar el paro por debajo del 14%<\/a> @europapress<\/li>\n<\/ul>\n<\/div>\n<\/div>\n<\/div>\n<\/div>\n<\/div><div class=\"fusion-title title fusion-title-7 fusion-sep-none fusion-title-text fusion-title-size-two fusion-animated\" style=\"--awb-text-color:var(--awb-color7);--awb-margin-top-small:10px;--awb-margin-right-small:0px;--awb-margin-bottom-small:10px;--awb-margin-left-small:0px;--awb-sep-color:var(--awb-custom_color_1);--awb-font-size:24px;\" data-animationType=\"fadeIn\" data-animationDuration=\"0.3\" data-animationOffset=\"top-into-view\" id=\"a_actualidad\"><h2 class=\"fusion-title-heading title-heading-left fusion-responsive-typography-calculated\" style=\"margin:0;font-size:1em;--fontSize:24;line-height:var(--awb-typography1-line-height);\"><mark class=\"fusion-highlight light highlight1 awb-highlight-background rounded\" style=\"--awb-color:#d1d1d1;\"><strong>Actualidad<\/strong><\/mark><\/h2><\/div><div class=\"fusion-text fusion-text-5\" style=\"--awb-line-height:1.5em;\"><div class=\"lSfe4c r5bEn aI5QMe\">\n<div class=\"SoAPf\">\n<div role=\"heading\" aria-level=\"3\">\n<div class=\"lSfe4c r5bEn aI5QMe\">\n<div class=\"SoAPf\">\n<div class=\"lSfe4c r5bEn aI5QMe\">\n<div class=\"SoAPf\">\n<ul>\n<li><a href=\"https:\/\/cadenaser.com\/andalucia\/2025\/10\/26\/angela-claverol-creemos-que-pueden-ser-20000-mujeres-afectadas-no-2000-ni-2317-radio-sevilla\/\">\u00c1ngela Claverol: \u00abCreemos que pueden ser 20.000 mujeres afectadas, no 2.000 ni 2.317\u00bb <\/a> @ser<\/li>\n<li><a href=\"https:\/\/www.lavozdelsur.es\/actualidad\/salud\/consejo-andaluz-participacion-mujeres-exige-junta-evaluacion-externa-sistema-cribado_344831_102.html\">Las vocales del Consejo Andaluz de Participaci\u00f3n de las Mujeres exigen a la Junta una \u00abevaluaci\u00f3n externa del sistema de cribado\u00bb<\/a> @lavozdelsur<\/li>\n<li><a href=\"https:\/\/www.diariodesevilla.es\/andalucia\/buscan-voluntarios-investigar-salud-cardiovasacular-mujeres-menopausia_0_2005097536.html\">Se buscan voluntarias para estudiar c\u00f3mo afectan los cambios hormonales a la salud cardiovascular femenina<\/a> @diariodesevilla<\/li>\n<li><a href=\"https:\/\/www.msn.com\/es-es\/carreras\/general\/carmen-arias-blanco-primera-mujer-en-presidir-el-colegio-de-m%C3%A9dicos-renueva-su-mandato\/ar-AA1PqL7q?ocid=BingNewsVerp\">Carmen Arias Blanco, primera mujer en presidir el Colegio de M\u00e9dicos, renueva su mandato<\/a> @diariodecordoba<\/li>\n<li><a href=\"https:\/\/www.msn.com\/es-es\/noticias\/espana\/la-junta-de-andaluc%C3%ADa-refuerza-los-programas-de-atenci%C3%B3n-a-las-adicciones-con-m%C3%A1s-recursos-y-nuevas-plazas-especializadas\/ar-AA1PzsGv?ocid=BingNewsVerp\">La Junta de Andaluc\u00eda refuerza los programas de atenci\u00f3n a las adicciones con m\u00e1s recursos y nuevas plazas especializadas<\/a> @diariocordoba<\/li>\n<\/ul>\n<\/div>\n<\/div>\n<\/div>\n<\/div>\n<\/div>\n<\/div>\n<\/div>\n<\/div><div class=\"fusion-title title fusion-title-8 fusion-sep-none fusion-title-text fusion-title-size-two fusion-animated\" style=\"--awb-text-color:var(--awb-color7);--awb-margin-top-small:10px;--awb-margin-right-small:0px;--awb-margin-bottom-small:10px;--awb-margin-left-small:0px;--awb-sep-color:var(--awb-custom_color_1);--awb-font-size:24px;\" data-animationType=\"fadeIn\" data-animationDuration=\"0.3\" data-animationOffset=\"top-into-view\" id=\"a_violencias\"><h2 class=\"fusion-title-heading title-heading-left fusion-responsive-typography-calculated\" style=\"margin:0;font-size:1em;--fontSize:24;line-height:var(--awb-typography1-line-height);\"><mark class=\"fusion-highlight light highlight1 awb-highlight-background rounded\" style=\"--awb-color:#d1d1d1;\"><strong>Violencias<\/strong><\/mark><\/h2><\/div><div class=\"fusion-text fusion-text-6\" style=\"--awb-line-height:1.5em;\"><div class=\"lSfe4c r5bEn aI5QMe\">\n<div class=\"SoAPf\">\n<ul>\n<li><a href=\"https:\/\/www.granadahoy.com\/granada\/expertas-espana-analizan-nuevas-formas-violencia-sexual-escuela-formacion-igualdad-ana-orantes-cullar-vega-granada_0_2005093777.html\">Expertas de toda Espa\u00f1a analizan las nuevas formas de violencia sexual en la Escuela de Formaci\u00f3n en Igualdad Ana Orantes de C\u00fallar Vega<\/a> @granadahoy<\/li>\n<li><a href=\"https:\/\/www.malagahoy.es\/malaga\/universidad-malaga-ranking-espana-acoso-igualdad_0_2005106990.html\">La Universidad de M\u00e1laga, segunda en un ranking en Espa\u00f1a por su labor en igualdad y prevenci\u00f3n del acoso<\/a> @malagahoy<\/li>\n<\/ul>\n<\/div>\n<\/div>\n<\/div><div class=\"fusion-title title fusion-title-9 fusion-sep-none fusion-title-text fusion-title-size-two fusion-animated\" style=\"--awb-text-color:var(--awb-color7);--awb-margin-top-small:10px;--awb-margin-right-small:0px;--awb-margin-bottom-small:10px;--awb-margin-left-small:0px;--awb-sep-color:var(--awb-custom_color_1);--awb-font-size:24px;\" data-animationType=\"fadeIn\" data-animationDuration=\"0.3\" data-animationOffset=\"top-into-view\" id=\"a_violencias\"><h2 class=\"fusion-title-heading title-heading-left fusion-responsive-typography-calculated\" style=\"margin:0;font-size:1em;--fontSize:24;line-height:var(--awb-typography1-line-height);\"><mark class=\"fusion-highlight light highlight1 awb-highlight-background rounded\" style=\"--awb-color:#d1d1d1;\"><strong> Ciencia y Cultura<\/strong> <\/mark><\/h2><\/div><div class=\"fusion-text fusion-text-7\" style=\"--awb-line-height:1.5em;\"><div class=\"SoAPf\">\n<ul>\n<li><a href=\"https:\/\/www.eldiario.es\/sevilla\/carmen-vargas-jose-luis-gutierrez-disputan-sillon-rectorado-universidad-sevilla-segunda-vuelta_1_12727177.html\">Carmen Vargas y Jos\u00e9 Luis Guti\u00e9rrez se disputan el sill\u00f3n del Rectorado de la Universidad de Sevilla en una segunda vuelta<\/a> @eldiario<\/li>\n<li><a href=\"https:\/\/www.rtve.es\/noticias\/20251028\/poeta-maria-victoria-atencia-gana-premio-nacional-letras-espanolas-2025\/16790626.shtml\">Mar\u00eda Victoria Atencia gana el Premio Nacional de las Letras Espa\u00f1olas 2025<\/a> @rtve<\/li>\n<li><a href=\"https:\/\/cadenaser.com\/andalucia\/2025\/10\/29\/andalucia-lanza-su-primera-linea-de-ayudas-para-fomentar-la-moda-y-apoyar-a-los-disenadores-radio-sevilla\/\">Andaluc\u00eda lanza su primera l\u00ednea de ayudas para fomentar la moda y apoyar a los dise\u00f1adores <\/a> @ser<\/li>\n<li><a href=\"https:\/\/www.msn.com\/es-es\/noticias\/espana\/la-exposici%C3%B3n-mujeres-como-la-luz-recorre-la-vida-y-los-liderazgos-de-mujeres-ind%C3%ADgenas-de-chimborazo\/ar-AA1P7BeL?ocid=BingNewsVerp\">La exposici\u00f3n &#8216;Mujeres como la luz&#8217; recorre la vida y los liderazgos de mujeres ind\u00edgenas de Chimborazo<\/a> @europapress<\/li>\n<li><a href=\"https:\/\/www.andaluciainformacion.es\/articulo\/huelva\/festival-huelva-acoge-exposicion-hijas-jazz-homenaje-mujer-cine-cultura\/202510241628553157273.html\">El Festival de Huelva acoge la exposici\u00f3n &#8216;Las hijas del Jazz&#8217;, \u00abun homenaje a la mujer, el cine y la cultura\u00bb<\/a> @andaluciainformacion<\/li>\n<li><a href=\"https:\/\/cadiznoticias.es\/el-festival-de-cadiz-musica-espanola-celebra-su-23a-edicion-con-un-cartel-protagonizado-por-mujeres-creadoras-e-interpretes\/\">El Festival de C\u00e1diz. M\u00fasica Espa\u00f1ola celebra su 23\u00aa edici\u00f3n con un cartel protagonizado por mujeres creadoras e int\u00e9rpretes \u00b7<\/a> @diariodecadiz<\/li>\n<li><a href=\"https:\/\/www.abc.es\/sevilla\/cultura\/ballet-flamenco-andalucia-celebra-marruecos-aniversario-flamenco-20251031135017-nts.html\">El Ballet Flamenco de Andaluc\u00eda celebra en Marruecos el XV aniversario del flamenco como Patrimonio Inmaterial<\/a> @abc<\/li>\n<\/ul>\n<\/div>\n<div class=\"SoAPf\">\n<div role=\"heading\" aria-level=\"3\"><\/div>\n<div role=\"heading\" aria-level=\"3\"><\/div>\n<\/div>\n<div class=\"lSfe4c r5bEn aI5QMe\">\n<div class=\"SoAPf\"><\/div>\n<\/div>\n<\/div><div class=\"fusion-title title fusion-title-10 fusion-sep-none fusion-title-text fusion-title-size-two fusion-animated\" style=\"--awb-text-color:var(--awb-color7);--awb-margin-top-small:10px;--awb-margin-right-small:0px;--awb-margin-bottom-small:10px;--awb-margin-left-small:0px;--awb-sep-color:var(--awb-custom_color_1);--awb-font-size:24px;\" data-animationType=\"fadeIn\" data-animationDuration=\"0.3\" data-animationOffset=\"top-into-view\" id=\"a_deporte\"><h2 class=\"fusion-title-heading title-heading-left fusion-responsive-typography-calculated\" style=\"margin:0;font-size:1em;--fontSize:24;line-height:var(--awb-typography1-line-height);\"><mark class=\"fusion-highlight light highlight1 awb-highlight-background rounded\" style=\"--awb-color:#d1d1d1;\"><strong> Deporte<\/strong> <\/mark><\/h2><\/div><div class=\"fusion-text fusion-text-8\" style=\"--awb-line-height:1.5em;\"><div class=\"lSfe4c r5bEn aI5QMe\">\n<div class=\"SoAPf\">\n<div role=\"heading\" aria-level=\"3\">\n<div class=\"lSfe4c r5bEn aI5QMe\">\n<ul>\n<li class=\"SoAPf\"><a href=\"https:\/\/www.laopiniondemalaga.es\/empresas-en-malaga\/2025\/10\/26\/carolina-navarro-padel-seguira-creciendo-123057288.html\">Carolina Navarro \u00abEl p\u00e1del seguir\u00e1 creciendo y nos seguir\u00e1 dando muchas alegr\u00edas\u00bb<\/a>@laopiniondemalaga<\/li>\n<li><a href=\"https:\/\/www.msn.com\/es-es\/noticias\/espana\/el-cross-de-it%C3%A1lica-agota-las-plazas-en-la-prueba-popular-mixta-nocturna-y-en-la-carrera-de-pitufos\/ar-AA1Pr3fS?ocid=BingNewsVerp\">El Cross de It\u00e1lica agota las plazas en la prueba popular mixta nocturna y en la &#8216;carrera de pitufos&#8217;<\/a> @europapress<\/li>\n<li><a href=\"https:\/\/www.diariodecadiz.es\/deportes\/muay-thai-seis-mujeres-lucharan-cadiz-fight-night-5-tailandia_0_2005108147.html\">Muay thai: seis mujeres luchar\u00e1n en el C\u00e1diz Fight Night 5 en Tailandia<\/a> @diariodecadiz<\/li>\n<\/ul>\n<\/div>\n<\/div>\n<\/div>\n<\/div>\n<\/div><\/div><\/div><\/div><\/div><div class=\"fusion-fullwidth fullwidth-box fusion-builder-row-5 fusion-flex-container has-pattern-background has-mask-background hundred-percent-fullwidth non-hundred-percent-height-scrolling\" style=\"--awb-border-radius-top-left:0px;--awb-border-radius-top-right:0px;--awb-border-radius-bottom-right:0px;--awb-border-radius-bottom-left:0px;--awb-padding-right-small:2%;--awb-padding-left-small:2%;--awb-flex-wrap:wrap;\" ><div class=\"fusion-builder-row fusion-row fusion-flex-align-items-flex-start fusion-flex-content-wrap\" style=\"width:104% !important;max-width:104% !important;margin-left: calc(-4% \/ 2 );margin-right: calc(-4% \/ 2 );\"><div class=\"fusion-layout-column fusion_builder_column fusion-builder-column-4 fusion_builder_column_1_1 1_1 fusion-flex-column\" style=\"--awb-padding-right:20px;--awb-padding-left:20px;--awb-padding-right-small:15px;--awb-padding-left-small:15px;--awb-overflow:hidden;--awb-bg-color:var(--awb-color1);--awb-bg-color-hover:var(--awb-color1);--awb-bg-size:cover;--awb-border-color:var(--awb-color3);--awb-border-top:2px;--awb-border-right:2px;--awb-border-bottom:2px;--awb-border-left:2px;--awb-border-style:solid;--awb-border-radius:15px 15px 15px 15px;--awb-width-large:100%;--awb-margin-top-large:0px;--awb-spacing-right-large:1.92%;--awb-margin-bottom-large:20px;--awb-spacing-left-large:1.92%;--awb-width-medium:100%;--awb-order-medium:0;--awb-spacing-right-medium:1.92%;--awb-spacing-left-medium:1.92%;--awb-width-small:100%;--awb-order-small:0;--awb-spacing-right-small:0px;--awb-spacing-left-small:0px;\" id=\"c_estado\" data-scroll-devices=\"small-visibility,medium-visibility,large-visibility\"><div class=\"fusion-column-wrapper fusion-column-has-shadow fusion-flex-justify-content-flex-start fusion-content-layout-column\"><div class=\"fusion-title title fusion-title-11 fusion-sep-none fusion-title-text fusion-title-size-one\" style=\"--awb-margin-top:20px;--awb-margin-top-small:10px;--awb-margin-right-small:0px;--awb-margin-bottom-small:10px;--awb-margin-left-small:0px;--awb-sep-color:var(--awb-custom_color_1);\" id=\"estado\"><h1 class=\"fusion-title-heading title-heading-left fusion-responsive-typography-calculated\" style=\"font-family:&quot;Raleway&quot;;font-style:normal;font-weight:400;margin:0;--fontSize:40;line-height:var(--awb-typography1-line-height);\"><mark class=\"fusion-highlight custom-textcolor highlight1 awb-highlight-background rounded\" style=\"--awb-text-color:#ffffff;\"><strong>Estado<\/strong><\/mark><\/h1><\/div><div class=\"fusion-title title fusion-title-12 fusion-sep-none fusion-title-text fusion-title-size-two fusion-animated\" style=\"--awb-text-color:var(--awb-color7);--awb-margin-top-small:10px;--awb-margin-right-small:0px;--awb-margin-bottom-small:10px;--awb-margin-left-small:0px;--awb-sep-color:var(--awb-custom_color_1);--awb-font-size:24px;\" data-animationType=\"fadeIn\" data-animationDuration=\"0.3\" data-animationOffset=\"top-into-view\" id=\"e_institucional\"><h2 class=\"fusion-title-heading title-heading-left fusion-responsive-typography-calculated\" style=\"margin:0;font-size:1em;--fontSize:24;line-height:var(--awb-typography1-line-height);\"><mark class=\"fusion-highlight light highlight1 awb-highlight-background rounded\" style=\"--awb-color:#d1d1d1;\"><strong> Institucional<\/strong>\u00a0<\/mark><\/h2><\/div><div class=\"fusion-text fusion-text-9\" style=\"--awb-line-height:1.5em;\"><ul>\n<li><a href=\"https:\/\/www.lamoncloa.gob.es\/serviciosdeprensa\/notasprensa\/igualdad\/Paginas\/2025\/271025-comparecencia-ana-redondo-congreso.aspx\">Ana Redondo defiende en el Congreso el compromiso del Estado con la igualdad real y la defensa de los derechos de las mujeres<\/a> @Lamoncloa<\/li>\n<li><a href=\"https:\/\/www.europapress.es\/epsocial\/igualdad\/noticia-instituto-mujeres-pide-hombres-asumir-responsabilidad-trabajo-cuidados-igualdad-real-20251028110530.html\">Instituto de las Mujeres pide a los hombres asumir su responsabilidad en el trabajo de cuidados para una \u00abigualdad real\u00bb<\/a> @europapress<\/li>\n<\/ul>\n<\/div><div class=\"fusion-title title fusion-title-13 fusion-sep-none fusion-title-text fusion-title-size-two fusion-animated\" style=\"--awb-text-color:var(--awb-color7);--awb-margin-top-small:10px;--awb-margin-right-small:0px;--awb-margin-bottom-small:10px;--awb-margin-left-small:0px;--awb-sep-color:var(--awb-custom_color_1);--awb-font-size:24px;\" data-animationType=\"fadeIn\" data-animationDuration=\"0.3\" data-animationOffset=\"top-into-view\" id=\"e_institucional_ccaa\"><h2 class=\"fusion-title-heading title-heading-left fusion-responsive-typography-calculated\" style=\"margin:0;font-size:1em;--fontSize:24;line-height:var(--awb-typography1-line-height);\"><mark class=\"fusion-highlight light highlight1 awb-highlight-background rounded\" style=\"--awb-color:#d1d1d1;\"><strong> Institucional &#8211; CCAA<\/strong>\u00a0<\/mark><\/h2><\/div><div class=\"fusion-text fusion-text-10\" style=\"--awb-line-height:1.5em;\"><div class=\"lSfe4c r5bEn aI5QMe\">\n<div class=\"SoAPf\">\n<ul>\n<li role=\"heading\" aria-level=\"3\"><a href=\"https:\/\/www.msn.com\/es-es\/motor\/other\/premios-arame-al-liderazgo-y-a-la-excelencia-de-las-mujeres-empresarias-de-arag%C3%B3n-como-motor-de-cambio\/ar-AA1PozMp?ocid=BingNewsVerp\">Premios Arame al liderazgo y a la excelencia de las mujeres empresarias de Arag\u00f3n como motor de cambio<\/a> @heraldodearagon<\/li>\n<li role=\"heading\" aria-level=\"3\"><a href=\"https:\/\/www.elperiodico.com\/es\/sociedad\/20251029\/edadismo-mujeres-mayores-discriminacion-empleo-123142650\">Nueve de cada diez mujeres mayores de 55 a\u00f1os se sienten discriminadas al buscar trabajo<\/a> @elperiodico<\/li>\n<li role=\"heading\" aria-level=\"3\"><a href=\"https:\/\/www.elperiodicoextremadura.com\/badajoz\/2025\/10\/31\/directora-instituto-mujer-extremadura-aboga-123232362.html\">La directora del Instituto de la Mujer de Extremadura aboga por la formaci\u00f3n especializada para luchar contra la violencia sexual<\/a> @elperiodicodeextremadura<\/li>\n<li role=\"heading\" aria-level=\"3\"><a href=\"https:\/\/www.msn.com\/es-es\/pol%C3%ADtica\/relaciones-internacionales\/la-comunidad-detecta-algunos-fallos-en-viog%C3%A9n-a-la-hora-de-contactarse-con-mujeres-v%C3%ADctimas-de-violencia-de-g%C3%A9nero\/ar-AA1Pzbej?ocid=BingNewsVerp\">La Comunidad de Madrid detecta \u00abalgunos fallos\u00bb en VioG\u00e9n a la hora de contactarse con mujeres v\u00edctimas de violencia de g\u00e9nero<\/a> @europapress<\/li>\n<\/ul>\n<div role=\"heading\" aria-level=\"3\"><\/div>\n<div role=\"heading\" aria-level=\"3\"><\/div>\n<div role=\"heading\" aria-level=\"3\"><\/div>\n<\/div>\n<\/div>\n<\/div><div class=\"fusion-title title fusion-title-14 fusion-sep-none fusion-title-text fusion-title-size-two fusion-animated\" style=\"--awb-text-color:var(--awb-color7);--awb-margin-top-small:10px;--awb-margin-right-small:0px;--awb-margin-bottom-small:10px;--awb-margin-left-small:0px;--awb-sep-color:var(--awb-custom_color_1);--awb-font-size:24px;\" data-animationType=\"fadeIn\" data-animationDuration=\"0.3\" data-animationOffset=\"top-into-view\" id=\"e_economia_empresa\"><h2 class=\"fusion-title-heading title-heading-left fusion-responsive-typography-calculated\" style=\"margin:0;font-size:1em;--fontSize:24;line-height:var(--awb-typography1-line-height);\"><mark class=\"fusion-highlight light highlight1 awb-highlight-background rounded\" style=\"--awb-color:#d1d1d1;\"><strong>Econom\u00eda y Empresa<\/strong><\/mark><\/h2><\/div><div class=\"fusion-text fusion-text-11\" style=\"--awb-line-height:1.5em;\"><div class=\"lSfe4c r5bEn aI5QMe\">\n<div class=\"SoAPf\">\n<ul>\n<li><a href=\"https:\/\/www.equiposytalento.com\/noticias\/2025\/10\/28\/mas-talento-y-menos-rotacion-el-roi-de-implementar-politicas-de-igualdad-en-las-pymes\">M\u00e1s Talento y menos rotaci\u00f3n: el ROI de implementar pol\u00edticas de igualdad en las pymes <\/a>@equipo&amp;talento<\/li>\n<li><a href=\"https:\/\/www.servimedia.es\/noticias\/75-mujeres-ve-limitado-acceso-puestos-alta-responsabilidad\/1412157967\">El 75% de las mujeres ve limitado su acceso a puestos de alta responsabilidad <\/a> @servimedia<\/li>\n<li><a href=\"https:\/\/www.elobservador.com.uy\/brand-studio\/solo-el-5-las-mujeres-piensan-permanecer-la-empresa-donde-trabajan-los-proximos-cinco-anos-que-lo-provoca-y-como-pueden-actuar-las-companias-revertirlo-n6022791\">Solo el 5% de las mujeres piensan permanecer en la empresa donde trabajan en los pr\u00f3ximos cinco a\u00f1os: qu\u00e9 lo provoca y c\u00f3mo pueden actuar las compa\u00f1\u00edas para revertirlo<\/a> @elobservador<\/li>\n<li><a href=\"https:\/\/www.msn.com\/es-es\/dinero\/formacion-empleo\/la-confianza-en-las-mujeres-en-el-trabajo-aumenta-pero-se-resiste-en-sectores-como-el-tecnol%C3%B3gico\/ar-AA1PfbMV?ocid=BingNewsVerp\">La confianza en las mujeres en el trabajo aumenta, pero se resiste en sectores como el tecnol\u00f3gico<\/a> @eleconomista<\/li>\n<\/ul>\n<\/div>\n<\/div>\n<\/div><div class=\"fusion-title title fusion-title-15 fusion-sep-none fusion-title-text fusion-title-size-two fusion-animated\" style=\"--awb-text-color:var(--awb-color7);--awb-margin-top-small:10px;--awb-margin-right-small:0px;--awb-margin-bottom-small:10px;--awb-margin-left-small:0px;--awb-sep-color:var(--awb-custom_color_1);--awb-font-size:24px;\" data-animationType=\"fadeIn\" data-animationDuration=\"0.3\" data-animationOffset=\"top-into-view\" id=\"e_actualidad\"><h2 class=\"fusion-title-heading title-heading-left fusion-responsive-typography-calculated\" style=\"margin:0;font-size:1em;--fontSize:24;line-height:var(--awb-typography1-line-height);\"><mark class=\"fusion-highlight light highlight1 awb-highlight-background rounded\" style=\"--awb-color:#d1d1d1;\"><strong>Actualidad<\/strong><\/mark><\/h2><\/div><div class=\"fusion-text fusion-text-12\" style=\"--awb-line-height:1.5em;\"><div class=\"source biglogo set_top\">\n<div class=\"lSfe4c r5bEn aI5QMe\">\n<div class=\"SoAPf\">\n<ul>\n<li><a href=\"https:\/\/www.europapress.es\/epsocial\/igualdad\/noticia-mujeres-seguir-celebra-xii-premios-nueve-galardonadas-representan-excelencia-liderazgo-femenino-20251031122636.html\">Mujeres a Seguir celebra sus XII Premios, con nueve galardonadas que representan \u00abexcelencia\u00bb y \u00abliderazgo femenino\u00bb<\/a> @europapress<\/li>\n<li><a href=\"https:\/\/www.elperiodico.com\/es\/ocio-y-cultura\/20251028\/gemma-ruiz-pala-podcast-suplemento-abril-123084141\">Gemma Ruiz Pal\u00e0, en el podcast del suplemento ABRIL: \u201cLa menopausia no es una enfermedad\u201d<\/a> @elperiodico<\/li>\n<li><a href=\"https:\/\/www.infobae.com\/espana\/cultura\/2025\/10\/28\/el-instituto-cervantes-denuncia-que-la-constitucion-es-definitivamente-machista-no-menciona-a-la-mujer-solo-en-el-ambito-domestico-y-con-cierto-tono-paternalista\/\">El Instituto Cervantes denuncia que la Constituci\u00f3n es \u201cdefinitivamente machista\u201d: \u201cNo menciona a la mujer. Solo en el \u00e1mbito dom\u00e9stico y con cierto tono paternalista\u201d &#8211; <\/a>@Infobae<\/li>\n<\/ul>\n<div role=\"heading\" aria-level=\"3\"><\/div>\n<\/div>\n<\/div>\n<\/div>\n<\/div><div class=\"fusion-title title fusion-title-16 fusion-sep-none fusion-title-text fusion-title-size-two fusion-animated\" style=\"--awb-text-color:var(--awb-color7);--awb-margin-top-small:10px;--awb-margin-right-small:0px;--awb-margin-bottom-small:10px;--awb-margin-left-small:0px;--awb-sep-color:var(--awb-custom_color_1);--awb-font-size:24px;\" data-animationType=\"fadeIn\" data-animationDuration=\"0.3\" data-animationOffset=\"top-into-view\" id=\"e_violencias\"><h2 class=\"fusion-title-heading title-heading-left fusion-responsive-typography-calculated\" style=\"margin:0;font-size:1em;--fontSize:24;line-height:var(--awb-typography1-line-height);\"><mark class=\"fusion-highlight light highlight1 awb-highlight-background rounded\" style=\"--awb-color:#d1d1d1;\"><strong>Violencias<\/strong><\/mark><\/h2><\/div><div class=\"fusion-text fusion-text-13\" style=\"--awb-line-height:1.5em;\"><div class=\"SoAPf\">\n<div role=\"heading\" aria-level=\"3\">\n<div class=\"lSfe4c r5bEn aI5QMe\">\n<div class=\"SoAPf\">\n<ul>\n<li><a href=\"https:\/\/www.msn.com\/es-es\/estilo\/pareja\/nuestro-objetivo-es-salvaguardar-el-testimonio-de-las-mujeres-sobre-la-violencia-sexual\/ar-AA1PkUiS?ocid=BingNewsVerp\">Cristina Hern\u00e1ndez, directora del Instituto de las Mujeres: \u00abNuestro objetivo es salvaguardar el testimonio de las mujeres sobre la violencia sexual\u00bb<\/a> @publico<\/li>\n<li><a href=\"https:\/\/www.msn.com\/es-es\/noticias\/espana\/la-violencia-machista-vuelve-a-repuntar-tras-el-verano-octubre-de-2025-deja-cinco-mujeres-asesinadas\/ar-AA1PwdR8?ocid=BingNewsVerp\">La violencia machista vuelve a repuntar tras el verano: octubre de 2025 deja cinco mujeres asesinadas<\/a> @eldebate<\/li>\n<\/ul>\n<\/div>\n<\/div>\n<\/div>\n<div role=\"heading\" aria-level=\"3\"><\/div>\n<\/div>\n<\/div><div class=\"fusion-title title fusion-title-17 fusion-sep-none fusion-title-text fusion-title-size-two fusion-animated\" style=\"--awb-text-color:var(--awb-color7);--awb-margin-top-small:10px;--awb-margin-right-small:0px;--awb-margin-bottom-small:10px;--awb-margin-left-small:0px;--awb-sep-color:var(--awb-custom_color_1);--awb-font-size:24px;\" data-animationType=\"fadeIn\" data-animationDuration=\"0.3\" data-animationOffset=\"top-into-view\" id=\"e_violencias\"><h2 class=\"fusion-title-heading title-heading-left fusion-responsive-typography-calculated\" style=\"margin:0;font-size:1em;--fontSize:24;line-height:var(--awb-typography1-line-height);\"><mark class=\"fusion-highlight light highlight1 awb-highlight-background rounded\" style=\"--awb-color:#d1d1d1;\"><strong> Ciencia y Cultura<\/strong> <\/mark><\/h2><\/div><div class=\"fusion-text fusion-text-14\" style=\"--awb-line-height:1.5em;\"><div class=\"SoAPf\">\n<ul>\n<li role=\"heading\" aria-level=\"3\"><a href=\"https:\/\/www.msn.com\/es-es\/noticias\/espana\/el-papel-de-las-mujeres-en-la-historia-de-la-ciencia-y-de-la-salud\/ar-AA1PgVlD?ocid=BingNewsVerp\">El papel de las mujeres en la historia de la ciencia y de la salud<\/a> @eldiario<\/li>\n<li role=\"heading\" aria-level=\"3\"><a href=\"https:\/\/www.europapress.es\/cultura\/exposiciones-00131\/noticia-museo-romanticismo-acoge-muestra-retratadas-estudios-mujeres-cultura-fotografica-siglo-xix-20251029152728.html\">El Museo del Romanticismo acoge la muestra &#8216;Retratadas. Estudios de mujeres&#8217; sobre la cultura fotogr\u00e1fica del siglo XIX<\/a> @europapress<\/li>\n<li role=\"heading\" aria-level=\"3\"><a href=\"https:\/\/www.elperiodico.com\/es\/ocio-y-cultura\/20251030\/mirada-rebelde-colita-vuelve-hablar-123199991\">La mirada rebelde de Colita vuelve a hablar a las mujeres en \u2018Antif\u00e9mina&#8217;<\/a> @elperiodico<\/li>\n<li role=\"heading\" aria-level=\"3\"><a href=\"https:\/\/www.elespanol.com\/mujer\/protagonistas\/20251025\/maria-porto-galerista-arte-quiero-cargarme-topico-mujeres-envidiosas-ponemos-verdes\/1003743984519_32.html\">Mar\u00eda Porto, galerista de arte: \u201cQuiero cargarme el t\u00f3pico de que las mujeres somos envidiosas y nos ponemos verdes\u201d<\/a> @elespa\u00f1ol<\/li>\n<li role=\"heading\" aria-level=\"3\"><a href=\"https:\/\/www.elcorreo.com\/culturas\/arte\/quiero-rescatar-figuras-arte-relegadas-desgracia-mujeres-20251030213129-nt.html?ref=https%3A%2F%2Fwww.bing.com%2F\">Miren Arzalluz: \u00abQuiero rescatar figuras del arte relegadas y, por desgracia, muchas son mujeres\u00bb <\/a>@elcorreo<\/li>\n<li role=\"heading\" aria-level=\"3\"><a href=\"https:\/\/www.elsaltodiario.com\/madrid\/arranca-festival-cine-mujeres-madrid-viii-edicion\">Arranca el Festival de cine por Mujeres de Madrid en su VIII edici\u00f3n<\/a> @elsalto<\/li>\n<li role=\"heading\" aria-level=\"3\"><a href=\"https:\/\/www.msn.com\/es-es\/noticias\/virales\/el-mensaje-de-la-exdirectora-de-la-biblioteca-nacional-sobre-la-libertad-femenina-que-todos-deber%C3%ADan-escuchar\/ar-AA1Pl2Zu?ocid=BingNewsVerp\">El mensaje de la exdirectora de la Biblioteca Nacional, Ana Santos, sobre la libertad femenina que todos deber\u00edan escuchar<\/a> @elhuffpost<\/li>\n<li role=\"heading\" aria-level=\"3\"><a href=\"https:\/\/www.abc.es\/cultura\/cultural\/mujeres-poderes-nueva-ola-cine-espanol-20251030112950-nt.html\">\u00a1Mujeres, qu\u00e9 poderes! La nueva ola del cine espa\u00f1ol<\/a> @abc<\/li>\n<\/ul>\n<\/div>\n<\/div><div class=\"fusion-title title fusion-title-18 fusion-sep-none fusion-title-text fusion-title-size-two fusion-animated\" style=\"--awb-text-color:var(--awb-color7);--awb-margin-top-small:10px;--awb-margin-right-small:0px;--awb-margin-bottom-small:10px;--awb-margin-left-small:0px;--awb-sep-color:var(--awb-custom_color_1);--awb-font-size:24px;\" data-animationType=\"fadeIn\" data-animationDuration=\"0.3\" data-animationOffset=\"top-into-view\" id=\"e_deporte\"><h2 class=\"fusion-title-heading title-heading-left fusion-responsive-typography-calculated\" style=\"margin:0;font-size:1em;--fontSize:24;line-height:var(--awb-typography1-line-height);\"><mark class=\"fusion-highlight light highlight1 awb-highlight-background rounded\" style=\"--awb-color:#d1d1d1;\"><strong> Deporte<\/strong> <\/mark><\/h2><\/div><div class=\"fusion-text fusion-text-15\" style=\"--awb-line-height:1.5em;\"><div class=\"lSfe4c r5bEn aI5QMe\">\n<div class=\"SoAPf\">\n<ul>\n<li><a href=\"https:\/\/as.com\/baloncesto\/el-bilbao-basket-lanza-su-proyecto-femenino-f202510-n\/\">El Bilbao Basket lanza su proyecto femenino &#8211; <\/a>@as<\/li>\n<li><a href=\"https:\/\/www.elcomercio.es\/deportes\/deporte-femenino\/asturiana-ana-isabel-gonzalez-campeona-copa-iberdrola-20251027003043-nt.html?ref=https%3A%2F%2Fwww.bing.com%2F\">La asturiana Ana Isabel Gonz\u00e1lez, campeona de la Copa Iberdrola de Boxeo <\/a>@elcomercio<\/li>\n<li><a href=\"https:\/\/www.diariogol.com\/futbol-femenino\/nations-league-fem-final-esp.html\">El Metropolitano acoger\u00e1 la final de la UEFA Women&#8217;s Nations League &#8211;<\/a>@diariogol<\/li>\n<\/ul>\n<\/div>\n<\/div>\n<\/div><\/div><\/div><\/div><\/div><div class=\"fusion-fullwidth fullwidth-box fusion-builder-row-6 fusion-flex-container has-pattern-background has-mask-background hundred-percent-fullwidth non-hundred-percent-height-scrolling\" style=\"--awb-border-radius-top-left:0px;--awb-border-radius-top-right:0px;--awb-border-radius-bottom-right:0px;--awb-border-radius-bottom-left:0px;--awb-padding-right-small:2%;--awb-padding-left-small:2%;--awb-flex-wrap:wrap;\" ><div class=\"fusion-builder-row fusion-row fusion-flex-align-items-flex-start fusion-flex-content-wrap\" style=\"width:104% !important;max-width:104% !important;margin-left: calc(-4% \/ 2 );margin-right: calc(-4% \/ 2 );\"><div class=\"fusion-layout-column fusion_builder_column fusion-builder-column-5 fusion_builder_column_1_1 1_1 fusion-flex-column\" style=\"--awb-padding-right:20px;--awb-padding-left:20px;--awb-padding-right-small:15px;--awb-padding-left-small:15px;--awb-overflow:hidden;--awb-bg-color:var(--awb-color1);--awb-bg-color-hover:var(--awb-color1);--awb-bg-size:cover;--awb-border-color:var(--awb-color3);--awb-border-top:2px;--awb-border-right:2px;--awb-border-bottom:2px;--awb-border-left:2px;--awb-border-style:solid;--awb-border-radius:15px 15px 15px 15px;--awb-width-large:100%;--awb-margin-top-large:0px;--awb-spacing-right-large:1.92%;--awb-margin-bottom-large:20px;--awb-spacing-left-large:1.92%;--awb-width-medium:100%;--awb-order-medium:0;--awb-spacing-right-medium:1.92%;--awb-spacing-left-medium:1.92%;--awb-width-small:100%;--awb-order-small:0;--awb-spacing-right-small:0px;--awb-spacing-left-small:0px;\" id=\"c_internacional\" data-scroll-devices=\"small-visibility,medium-visibility,large-visibility\"><div class=\"fusion-column-wrapper fusion-column-has-shadow fusion-flex-justify-content-flex-start fusion-content-layout-column\"><div class=\"fusion-title title fusion-title-19 fusion-sep-none fusion-title-text fusion-title-size-one\" style=\"--awb-margin-top:20px;--awb-margin-top-small:10px;--awb-margin-right-small:0px;--awb-margin-bottom-small:10px;--awb-margin-left-small:0px;--awb-sep-color:var(--awb-custom_color_1);\" id=\"internacional\"><h1 class=\"fusion-title-heading title-heading-left fusion-responsive-typography-calculated\" style=\"font-family:&quot;Raleway&quot;;font-style:normal;font-weight:400;margin:0;--fontSize:40;line-height:var(--awb-typography1-line-height);\"><mark class=\"fusion-highlight custom-textcolor highlight1 awb-highlight-background rounded\" style=\"--awb-color:#0098d9;--awb-text-color:#ffffff;\"><strong>UE &amp; Internacional<\/strong><\/mark><\/h1><\/div><div class=\"fusion-text fusion-text-16\" style=\"--awb-line-height:1.5em;\"><div class=\"lSfe4c r5bEn aI5QMe\">\n<div class=\"SoAPf\">\n<ul>\n<li role=\"heading\" aria-level=\"3\"><a href=\"https:\/\/www.ilo.org\/es\/resource\/news\/rol-de-las-cooperativas-y-ess-para-trabajo-de-cuidados\">La OIT destaca el rol de las cooperativas y la econom\u00eda social y solidaria para transformar el trabajo de cuidados y cerrar brechas de g\u00e9nero <\/a>@OIT<\/li>\n<li role=\"heading\" aria-level=\"3\"><a href=\"https:\/\/gestion.pe\/economia\/brecha-de-genero-afecta-los-ingresos-y-ventas-de-empresas-lideradas-por-mujeres-cuan-fuerte-es-noticia\/\">Brecha de g\u00e9nero afecta los ingresos y ventas de empresas lideradas por mujeres: \u00bfcu\u00e1n fuerte es? <\/a> @gestion<\/li>\n<li role=\"heading\" aria-level=\"3\"><a href=\"https:\/\/lac.unwomen.org\/es\/stories\/noticia\/2025\/10\/maria-elena-vasquez-nuestra-fuerza-colectiva-sostiene-la-vida\">Mar\u00eda Elena V\u00e1squez: \u201cNuestra fuerza colectiva sostiene la vida y abre camino hacia un futuro m\u00e1s justo y humano\u201d <\/a>@ONU Mujeres-Am\u00e9rica Latina y el Caribe<\/li>\n<li role=\"heading\" aria-level=\"3\"><a href=\"https:\/\/www.carasycaretas.com.uy\/la-economia-los-cuidados-y-su-relevancia-el-sistema-nacional-cuidados-uruguay-n89462\">La Econom\u00eda de los Cuidados y su Relevancia en el Sistema Nacional de Cuidados de Uruguay<\/a> @carasycaretas<\/li>\n<li role=\"heading\" aria-level=\"3\"><a href=\"https:\/\/peru.oxfam.org\/lo-ultimo\/noticias\/relatora-especial-de-la-onu-sostiene-que-derechos-humanos-son-fundamentales-para-transicion-energetica\">Relatora Especial de la ONU sostiene que los derechos humanos son fundamentales para una transici\u00f3n energ\u00e9tica justa y sostenible<\/a> @Oxfam<\/li>\n<li role=\"heading\" aria-level=\"3\"><a href=\"https:\/\/www.msn.com\/es-es\/sociedad-cultura-e-historia\/cultura-popular\/hablamos-con-siri-hustvedt-la-autora-abanderada-del-feminismo\/ar-AA1PgIqy?ocid=BingNewsVerp\">Hablamos con Siri Hustvedt, la autora abanderada del feminismo<\/a> @cosmopolitan<\/li>\n<li role=\"heading\" aria-level=\"3\"><a href=\"https:\/\/www.abc.es\/cultura\/arte\/casa-mexico-madrid-acoge-muestra-sobre-espiritualidad-20251031124538-vi.html\">Casa M\u00e9xico Madrid acoge una muestra sobre la espiritualidad de la mujer ind\u00edgena en el arte precolombino<\/a> @abc<\/li>\n<\/ul>\n<\/div>\n<\/div>\n<\/div><\/div><\/div><\/div><\/div><\/p>\n","protected":false},"excerpt":{"rendered":"<p>Semana de la Igualdad de G\u00e9nero en el Parlamento Europeo *M\u00e1s Talento y menos rotaci\u00f3n: el ROI de implementar pol\u00edticas de igualdad en las pymes * Mar\u00eda Victoria Atencia Premio Nacional de las Letras Espa\u00f1olas 2025* El Instituto Cervantes denuncia que la Constituci\u00f3n es \u201cdefinitivamente machista\u201d: \u201cNo menciona a la mujer. Solo en el \u00e1mbito dom\u00e9stico y con cierto tono paternalista\u201d<\/p>\n","protected":false},"author":3,"featured_media":23882,"comment_status":"closed","ping_status":"closed","sticky":false,"template":"","format":"standard","meta":{"footnotes":""},"categories":[298,654],"tags":[316,723],"class_list":["post-24699","post","type-post","status-publish","format-standard","has-post-thumbnail","hentry","category-newsletter","category-nwl-v-4-0","tag-empresas","tag-politicas-de-igualdad"],"yoast_head":"<!-- This site is optimized with the Yoast SEO plugin v27.5 - https:\/\/yoast.com\/product\/yoast-seo-wordpress\/ -->\n<title>Noticias Info CKL #2942-31-10-2025<\/title>\n<meta name=\"description\" content=\"Noticias Info CKL #2942-31-10-2025\" \/>\n<meta name=\"robots\" content=\"index, follow, max-snippet:-1, max-image-preview:large, max-video-preview:-1\" \/>\n<link rel=\"canonical\" href=\"https:\/\/cklcomunicaciones.es\/coop\/noticias-info-ckl-2942-31-10-2025\/\" \/>\n<meta property=\"og:locale\" content=\"es_ES\" \/>\n<meta property=\"og:type\" content=\"article\" \/>\n<meta property=\"og:title\" content=\"Noticias Info CKL #2942-31-10-2025\" \/>\n<meta property=\"og:description\" content=\"Noticias Info CKL #2942-31-10-2025\" \/>\n<meta property=\"og:url\" content=\"https:\/\/cklcomunicaciones.es\/coop\/noticias-info-ckl-2942-31-10-2025\/\" \/>\n<meta property=\"og:site_name\" content=\"CKL Comunicaciones\" \/>\n<meta property=\"article:published_time\" content=\"2025-10-31T16:09:07+00:00\" \/>\n<meta property=\"og:image\" content=\"https:\/\/cklcomunicaciones.es\/coop\/wp-content\/uploads\/CKL-una-mirada-distinta-de-la-comunicacion.webp\" \/>\n\t<meta property=\"og:image:width\" content=\"1482\" \/>\n\t<meta property=\"og:image:height\" content=\"775\" \/>\n\t<meta property=\"og:image:type\" content=\"image\/webp\" \/>\n<meta name=\"author\" content=\"ckl\" \/>\n<meta name=\"twitter:card\" content=\"summary_large_image\" \/>\n<meta name=\"twitter:label1\" content=\"Escrito por\" \/>\n\t<meta name=\"twitter:data1\" content=\"ckl\" \/>\n\t<meta name=\"twitter:label2\" content=\"Tiempo de lectura\" \/>\n\t<meta name=\"twitter:data2\" content=\"7 minutos\" \/>\n<script type=\"application\/ld+json\" class=\"yoast-schema-graph\">{\"@context\":\"https:\\\/\\\/schema.org\",\"@graph\":[{\"@type\":\"Article\",\"@id\":\"https:\\\/\\\/cklcomunicaciones.es\\\/coop\\\/noticias-info-ckl-2942-31-10-2025\\\/#article\",\"isPartOf\":{\"@id\":\"https:\\\/\\\/cklcomunicaciones.es\\\/coop\\\/noticias-info-ckl-2942-31-10-2025\\\/\"},\"author\":{\"name\":\"ckl\",\"@id\":\"https:\\\/\\\/cklcomunicaciones.es\\\/coop\\\/#\\\/schema\\\/person\\\/929a6837f7626450bbb50cee1aef266e\"},\"headline\":\"Noticias Info CKL #2942-31-10-2025\",\"datePublished\":\"2025-10-31T16:09:07+00:00\",\"mainEntityOfPage\":{\"@id\":\"https:\\\/\\\/cklcomunicaciones.es\\\/coop\\\/noticias-info-ckl-2942-31-10-2025\\\/\"},\"wordCount\":8675,\"image\":{\"@id\":\"https:\\\/\\\/cklcomunicaciones.es\\\/coop\\\/noticias-info-ckl-2942-31-10-2025\\\/#primaryimage\"},\"thumbnailUrl\":\"https:\\\/\\\/cklcomunicaciones.es\\\/coop\\\/wp-content\\\/uploads\\\/CKL-una-mirada-distinta-de-la-comunicacion.webp\",\"keywords\":[\"empresas\",\"pol\u00edticas de igualdad\"],\"articleSection\":[\"Newsletter\",\"Nwl v.4.0\"],\"inLanguage\":\"es\"},{\"@type\":\"WebPage\",\"@id\":\"https:\\\/\\\/cklcomunicaciones.es\\\/coop\\\/noticias-info-ckl-2942-31-10-2025\\\/\",\"url\":\"https:\\\/\\\/cklcomunicaciones.es\\\/coop\\\/noticias-info-ckl-2942-31-10-2025\\\/\",\"name\":\"Noticias Info CKL #2942-31-10-2025\",\"isPartOf\":{\"@id\":\"https:\\\/\\\/cklcomunicaciones.es\\\/coop\\\/#website\"},\"primaryImageOfPage\":{\"@id\":\"https:\\\/\\\/cklcomunicaciones.es\\\/coop\\\/noticias-info-ckl-2942-31-10-2025\\\/#primaryimage\"},\"image\":{\"@id\":\"https:\\\/\\\/cklcomunicaciones.es\\\/coop\\\/noticias-info-ckl-2942-31-10-2025\\\/#primaryimage\"},\"thumbnailUrl\":\"https:\\\/\\\/cklcomunicaciones.es\\\/coop\\\/wp-content\\\/uploads\\\/CKL-una-mirada-distinta-de-la-comunicacion.webp\",\"datePublished\":\"2025-10-31T16:09:07+00:00\",\"author\":{\"@id\":\"https:\\\/\\\/cklcomunicaciones.es\\\/coop\\\/#\\\/schema\\\/person\\\/929a6837f7626450bbb50cee1aef266e\"},\"description\":\"Noticias Info CKL #2942-31-10-2025\",\"breadcrumb\":{\"@id\":\"https:\\\/\\\/cklcomunicaciones.es\\\/coop\\\/noticias-info-ckl-2942-31-10-2025\\\/#breadcrumb\"},\"inLanguage\":\"es\",\"potentialAction\":[{\"@type\":\"ReadAction\",\"target\":[\"https:\\\/\\\/cklcomunicaciones.es\\\/coop\\\/noticias-info-ckl-2942-31-10-2025\\\/\"]}]},{\"@type\":\"ImageObject\",\"inLanguage\":\"es\",\"@id\":\"https:\\\/\\\/cklcomunicaciones.es\\\/coop\\\/noticias-info-ckl-2942-31-10-2025\\\/#primaryimage\",\"url\":\"https:\\\/\\\/cklcomunicaciones.es\\\/coop\\\/wp-content\\\/uploads\\\/CKL-una-mirada-distinta-de-la-comunicacion.webp\",\"contentUrl\":\"https:\\\/\\\/cklcomunicaciones.es\\\/coop\\\/wp-content\\\/uploads\\\/CKL-una-mirada-distinta-de-la-comunicacion.webp\",\"width\":1482,\"height\":775,\"caption\":\"CKL - una mirada distinta de la comunicaci\u00f3n\"},{\"@type\":\"BreadcrumbList\",\"@id\":\"https:\\\/\\\/cklcomunicaciones.es\\\/coop\\\/noticias-info-ckl-2942-31-10-2025\\\/#breadcrumb\",\"itemListElement\":[{\"@type\":\"ListItem\",\"position\":1,\"name\":\"Portada\",\"item\":\"https:\\\/\\\/cklcomunicaciones.es\\\/coop\\\/\"},{\"@type\":\"ListItem\",\"position\":2,\"name\":\"Noticias Info CKL #2942-31-10-2025\"}]},{\"@type\":\"WebSite\",\"@id\":\"https:\\\/\\\/cklcomunicaciones.es\\\/coop\\\/#website\",\"url\":\"https:\\\/\\\/cklcomunicaciones.es\\\/coop\\\/\",\"name\":\"CKL Comunicaciones\",\"description\":\"Sitio web de CKL Comunicaciones coop , la consultora de comunicaci\u00f3n y estrategia\",\"potentialAction\":[{\"@type\":\"SearchAction\",\"target\":{\"@type\":\"EntryPoint\",\"urlTemplate\":\"https:\\\/\\\/cklcomunicaciones.es\\\/coop\\\/?s={search_term_string}\"},\"query-input\":{\"@type\":\"PropertyValueSpecification\",\"valueRequired\":true,\"valueName\":\"search_term_string\"}}],\"inLanguage\":\"es\"},{\"@type\":\"Person\",\"@id\":\"https:\\\/\\\/cklcomunicaciones.es\\\/coop\\\/#\\\/schema\\\/person\\\/929a6837f7626450bbb50cee1aef266e\",\"name\":\"ckl\",\"image\":{\"@type\":\"ImageObject\",\"inLanguage\":\"es\",\"@id\":\"https:\\\/\\\/secure.gravatar.com\\\/avatar\\\/c82db564e8a669bf6023357a157b9dc4780f4d4c618f2ad1d71a6a5dede45057?s=96&d=mm&r=g\",\"url\":\"https:\\\/\\\/secure.gravatar.com\\\/avatar\\\/c82db564e8a669bf6023357a157b9dc4780f4d4c618f2ad1d71a6a5dede45057?s=96&d=mm&r=g\",\"contentUrl\":\"https:\\\/\\\/secure.gravatar.com\\\/avatar\\\/c82db564e8a669bf6023357a157b9dc4780f4d4c618f2ad1d71a6a5dede45057?s=96&d=mm&r=g\",\"caption\":\"ckl\"},\"url\":\"https:\\\/\\\/cklcomunicaciones.es\\\/coop\\\/author\\\/cklcomunicaciones\\\/\"}]}<\/script>\n<!-- \/ Yoast SEO plugin. -->","yoast_head_json":{"title":"Noticias Info CKL #2942-31-10-2025","description":"Noticias Info CKL #2942-31-10-2025","robots":{"index":"index","follow":"follow","max-snippet":"max-snippet:-1","max-image-preview":"max-image-preview:large","max-video-preview":"max-video-preview:-1"},"canonical":"https:\/\/cklcomunicaciones.es\/coop\/noticias-info-ckl-2942-31-10-2025\/","og_locale":"es_ES","og_type":"article","og_title":"Noticias Info CKL #2942-31-10-2025","og_description":"Noticias Info CKL #2942-31-10-2025","og_url":"https:\/\/cklcomunicaciones.es\/coop\/noticias-info-ckl-2942-31-10-2025\/","og_site_name":"CKL Comunicaciones","article_published_time":"2025-10-31T16:09:07+00:00","og_image":[{"width":1482,"height":775,"url":"https:\/\/cklcomunicaciones.es\/coop\/wp-content\/uploads\/CKL-una-mirada-distinta-de-la-comunicacion.webp","type":"image\/webp"}],"author":"ckl","twitter_card":"summary_large_image","twitter_misc":{"Escrito por":"ckl","Tiempo de lectura":"7 minutos"},"schema":{"@context":"https:\/\/schema.org","@graph":[{"@type":"Article","@id":"https:\/\/cklcomunicaciones.es\/coop\/noticias-info-ckl-2942-31-10-2025\/#article","isPartOf":{"@id":"https:\/\/cklcomunicaciones.es\/coop\/noticias-info-ckl-2942-31-10-2025\/"},"author":{"name":"ckl","@id":"https:\/\/cklcomunicaciones.es\/coop\/#\/schema\/person\/929a6837f7626450bbb50cee1aef266e"},"headline":"Noticias Info CKL #2942-31-10-2025","datePublished":"2025-10-31T16:09:07+00:00","mainEntityOfPage":{"@id":"https:\/\/cklcomunicaciones.es\/coop\/noticias-info-ckl-2942-31-10-2025\/"},"wordCount":8675,"image":{"@id":"https:\/\/cklcomunicaciones.es\/coop\/noticias-info-ckl-2942-31-10-2025\/#primaryimage"},"thumbnailUrl":"https:\/\/cklcomunicaciones.es\/coop\/wp-content\/uploads\/CKL-una-mirada-distinta-de-la-comunicacion.webp","keywords":["empresas","pol\u00edticas de igualdad"],"articleSection":["Newsletter","Nwl v.4.0"],"inLanguage":"es"},{"@type":"WebPage","@id":"https:\/\/cklcomunicaciones.es\/coop\/noticias-info-ckl-2942-31-10-2025\/","url":"https:\/\/cklcomunicaciones.es\/coop\/noticias-info-ckl-2942-31-10-2025\/","name":"Noticias Info CKL #2942-31-10-2025","isPartOf":{"@id":"https:\/\/cklcomunicaciones.es\/coop\/#website"},"primaryImageOfPage":{"@id":"https:\/\/cklcomunicaciones.es\/coop\/noticias-info-ckl-2942-31-10-2025\/#primaryimage"},"image":{"@id":"https:\/\/cklcomunicaciones.es\/coop\/noticias-info-ckl-2942-31-10-2025\/#primaryimage"},"thumbnailUrl":"https:\/\/cklcomunicaciones.es\/coop\/wp-content\/uploads\/CKL-una-mirada-distinta-de-la-comunicacion.webp","datePublished":"2025-10-31T16:09:07+00:00","author":{"@id":"https:\/\/cklcomunicaciones.es\/coop\/#\/schema\/person\/929a6837f7626450bbb50cee1aef266e"},"description":"Noticias Info CKL #2942-31-10-2025","breadcrumb":{"@id":"https:\/\/cklcomunicaciones.es\/coop\/noticias-info-ckl-2942-31-10-2025\/#breadcrumb"},"inLanguage":"es","potentialAction":[{"@type":"ReadAction","target":["https:\/\/cklcomunicaciones.es\/coop\/noticias-info-ckl-2942-31-10-2025\/"]}]},{"@type":"ImageObject","inLanguage":"es","@id":"https:\/\/cklcomunicaciones.es\/coop\/noticias-info-ckl-2942-31-10-2025\/#primaryimage","url":"https:\/\/cklcomunicaciones.es\/coop\/wp-content\/uploads\/CKL-una-mirada-distinta-de-la-comunicacion.webp","contentUrl":"https:\/\/cklcomunicaciones.es\/coop\/wp-content\/uploads\/CKL-una-mirada-distinta-de-la-comunicacion.webp","width":1482,"height":775,"caption":"CKL - una mirada distinta de la comunicaci\u00f3n"},{"@type":"BreadcrumbList","@id":"https:\/\/cklcomunicaciones.es\/coop\/noticias-info-ckl-2942-31-10-2025\/#breadcrumb","itemListElement":[{"@type":"ListItem","position":1,"name":"Portada","item":"https:\/\/cklcomunicaciones.es\/coop\/"},{"@type":"ListItem","position":2,"name":"Noticias Info CKL #2942-31-10-2025"}]},{"@type":"WebSite","@id":"https:\/\/cklcomunicaciones.es\/coop\/#website","url":"https:\/\/cklcomunicaciones.es\/coop\/","name":"CKL Comunicaciones","description":"Sitio web de CKL Comunicaciones coop , la consultora de comunicaci\u00f3n y estrategia","potentialAction":[{"@type":"SearchAction","target":{"@type":"EntryPoint","urlTemplate":"https:\/\/cklcomunicaciones.es\/coop\/?s={search_term_string}"},"query-input":{"@type":"PropertyValueSpecification","valueRequired":true,"valueName":"search_term_string"}}],"inLanguage":"es"},{"@type":"Person","@id":"https:\/\/cklcomunicaciones.es\/coop\/#\/schema\/person\/929a6837f7626450bbb50cee1aef266e","name":"ckl","image":{"@type":"ImageObject","inLanguage":"es","@id":"https:\/\/secure.gravatar.com\/avatar\/c82db564e8a669bf6023357a157b9dc4780f4d4c618f2ad1d71a6a5dede45057?s=96&d=mm&r=g","url":"https:\/\/secure.gravatar.com\/avatar\/c82db564e8a669bf6023357a157b9dc4780f4d4c618f2ad1d71a6a5dede45057?s=96&d=mm&r=g","contentUrl":"https:\/\/secure.gravatar.com\/avatar\/c82db564e8a669bf6023357a157b9dc4780f4d4c618f2ad1d71a6a5dede45057?s=96&d=mm&r=g","caption":"ckl"},"url":"https:\/\/cklcomunicaciones.es\/coop\/author\/cklcomunicaciones\/"}]}},"_links":{"self":[{"href":"https:\/\/cklcomunicaciones.es\/coop\/wp-json\/wp\/v2\/posts\/24699","targetHints":{"allow":["GET"]}}],"collection":[{"href":"https:\/\/cklcomunicaciones.es\/coop\/wp-json\/wp\/v2\/posts"}],"about":[{"href":"https:\/\/cklcomunicaciones.es\/coop\/wp-json\/wp\/v2\/types\/post"}],"author":[{"embeddable":true,"href":"https:\/\/cklcomunicaciones.es\/coop\/wp-json\/wp\/v2\/users\/3"}],"replies":[{"embeddable":true,"href":"https:\/\/cklcomunicaciones.es\/coop\/wp-json\/wp\/v2\/comments?post=24699"}],"version-history":[{"count":0,"href":"https:\/\/cklcomunicaciones.es\/coop\/wp-json\/wp\/v2\/posts\/24699\/revisions"}],"wp:featuredmedia":[{"embeddable":true,"href":"https:\/\/cklcomunicaciones.es\/coop\/wp-json\/wp\/v2\/media\/23882"}],"wp:attachment":[{"href":"https:\/\/cklcomunicaciones.es\/coop\/wp-json\/wp\/v2\/media?parent=24699"}],"wp:term":[{"taxonomy":"category","embeddable":true,"href":"https:\/\/cklcomunicaciones.es\/coop\/wp-json\/wp\/v2\/categories?post=24699"},{"taxonomy":"post_tag","embeddable":true,"href":"https:\/\/cklcomunicaciones.es\/coop\/wp-json\/wp\/v2\/tags?post=24699"}],"curies":[{"name":"wp","href":"https:\/\/api.w.org\/{rel}","templated":true}]}}