{"id":24687,"date":"2025-10-24T15:28:05","date_gmt":"2025-10-24T13:28:05","guid":{"rendered":"https:\/\/cklcomunicaciones.es\/coop\/?p=24687"},"modified":"2025-10-24T15:28:05","modified_gmt":"2025-10-24T13:28:05","slug":"noticias-info-ckl-2941-24-10-2025","status":"publish","type":"post","link":"https:\/\/cklcomunicaciones.es\/coop\/noticias-info-ckl-2941-24-10-2025\/","title":{"rendered":"Noticias Info CKL #2941-24-10-2025"},"content":{"rendered":"<p><div class=\"fusion-fullwidth fullwidth-box fusion-builder-row-1 fusion-flex-container has-pattern-background has-mask-background nonhundred-percent-fullwidth non-hundred-percent-height-scrolling\" style=\"--awb-border-radius-top-left:0px;--awb-border-radius-top-right:0px;--awb-border-radius-bottom-right:0px;--awb-border-radius-bottom-left:0px;--awb-flex-wrap:wrap;\" ><div class=\"fusion-builder-row fusion-row fusion-flex-align-items-flex-start fusion-flex-content-wrap\" style=\"max-width:1248px;margin-left: calc(-4% \/ 2 );margin-right: calc(-4% \/ 2 );\"><div class=\"fusion-layout-column fusion_builder_column fusion-builder-column-0 fusion_builder_column_1_1 1_1 fusion-flex-column\" style=\"--awb-bg-size:cover;--awb-width-large:100%;--awb-margin-top-large:0px;--awb-spacing-right-large:1.92%;--awb-margin-bottom-large:20px;--awb-spacing-left-large:1.92%;--awb-width-medium:100%;--awb-order-medium:0;--awb-spacing-right-medium:1.92%;--awb-spacing-left-medium:1.92%;--awb-width-small:100%;--awb-order-small:0;--awb-spacing-right-small:1.92%;--awb-spacing-left-small:1.92%;\"><div class=\"fusion-column-wrapper fusion-column-has-shadow fusion-flex-justify-content-flex-start fusion-content-layout-column\"><div class=\"fusion-title title fusion-title-1 fusion-sep-none fusion-title-text fusion-title-size-paragraph\" style=\"--awb-margin-top:20px;--awb-margin-top-small:10px;--awb-margin-right-small:0px;--awb-margin-bottom-small:10px;--awb-margin-left-small:0px;--awb-sep-color:var(--awb-custom_color_1);--awb-font-size:20px;\"><p class=\"fusion-title-heading title-heading-left title-heading-tag fusion-responsive-typography-calculated\" style=\"font-family:&quot;Raleway&quot;;font-style:normal;font-weight:400;margin:0;font-size:1em;--fontSize:20;--minFontSize:20;line-height:var(--awb-typography4-line-height);\"><a class=\"fusion-one-page-text-link\" href=\"#convocatorias\"><mark class=\"fusion-highlight custom-textcolor highlight1 awb-highlight-background rounded\" style=\"--awb-text-color:#ffffff;\"><strong>Convocatorias<\/strong><\/mark><\/a> <a class=\"fusion-one-page-text-link\" href=\"#comunicacion\"><mark class=\"fusion-highlight custom-textcolor highlight1 awb-highlight-background rounded\" style=\"--awb-color:#db9600;--awb-text-color:#ffffff;\"><strong>Comunicaci\u00f3n, Publicidad y TICs<\/strong><\/mark><\/a> <a class=\"fusion-one-page-text-link\" href=\"#andalucia\"><mark class=\"fusion-highlight custom-textcolor highlight1 awb-highlight-background rounded\" style=\"--awb-color:#4cb700;--awb-text-color:#ffffff;\"><strong>Andaluc\u00eda<\/strong><\/mark><\/a> <a class=\"fusion-one-page-text-link\" href=\"#estado\"><mark class=\"fusion-highlight custom-textcolor highlight1 awb-highlight-background rounded\" style=\"--awb-text-color:#ffffff;\"><strong>Estado<\/strong><\/mark><\/a> <a class=\"fusion-one-page-text-link\" href=\"#internacional\"><mark class=\"fusion-highlight custom-textcolor highlight1 awb-highlight-background rounded\" style=\"--awb-color:#0098d9;--awb-text-color:#ffffff;\"><strong>Internacional<\/strong><\/mark><\/a><\/p><\/div><\/div><\/div><\/div><\/div><div class=\"fusion-fullwidth fullwidth-box fusion-builder-row-2 fusion-flex-container has-pattern-background has-mask-background hundred-percent-fullwidth non-hundred-percent-height-scrolling\" style=\"--awb-border-radius-top-left:0px;--awb-border-radius-top-right:0px;--awb-border-radius-bottom-right:0px;--awb-border-radius-bottom-left:0px;--awb-padding-right-small:2%;--awb-padding-left-small:2%;--awb-flex-wrap:wrap;\" ><div class=\"fusion-builder-row fusion-row fusion-flex-align-items-flex-start fusion-flex-content-wrap\" style=\"width:104% !important;max-width:104% !important;margin-left: calc(-4% \/ 2 );margin-right: calc(-4% \/ 2 );\"><div class=\"fusion-layout-column fusion_builder_column fusion-builder-column-1 fusion_builder_column_1_1 1_1 fusion-flex-column\" style=\"--awb-padding-right:20px;--awb-padding-left:20px;--awb-padding-right-small:15px;--awb-padding-left-small:15px;--awb-overflow:hidden;--awb-bg-color:var(--awb-color1);--awb-bg-color-hover:var(--awb-color1);--awb-bg-size:cover;--awb-border-color:var(--awb-color3);--awb-border-top:2px;--awb-border-right:2px;--awb-border-bottom:2px;--awb-border-left:2px;--awb-border-style:solid;--awb-border-radius:15px 15px 15px 15px;--awb-width-large:100%;--awb-margin-top-large:0px;--awb-spacing-right-large:1.92%;--awb-margin-bottom-large:20px;--awb-spacing-left-large:1.92%;--awb-width-medium:100%;--awb-order-medium:0;--awb-spacing-right-medium:1.92%;--awb-spacing-left-medium:1.92%;--awb-width-small:100%;--awb-order-small:0;--awb-spacing-right-small:0px;--awb-spacing-left-small:0px;\" id=\"c_convocatorias\" data-scroll-devices=\"small-visibility,medium-visibility,large-visibility\"><div class=\"fusion-column-wrapper fusion-column-has-shadow fusion-flex-justify-content-flex-start fusion-content-layout-column\"><div class=\"fusion-title title fusion-title-2 fusion-sep-none fusion-title-text fusion-title-size-one\" style=\"--awb-margin-top:20px;--awb-margin-top-small:10px;--awb-margin-right-small:0px;--awb-margin-bottom-small:10px;--awb-margin-left-small:0px;--awb-sep-color:var(--awb-custom_color_1);\" id=\"convocatorias\"><h1 class=\"fusion-title-heading title-heading-left fusion-responsive-typography-calculated\" style=\"font-family:&quot;Raleway&quot;;font-style:normal;font-weight:400;margin:0;--fontSize:40;line-height:var(--awb-typography1-line-height);\"><mark class=\"fusion-highlight custom-textcolor highlight1 awb-highlight-background rounded\" style=\"--awb-text-color:#ffffff;\"><strong>Convocatorias<\/strong><\/mark><\/h1><\/div><div class=\"fusion-text fusion-text-1\" style=\"--awb-line-height:1.5em;--awb-margin-left:10px;\"><ul>\n<li>Formaci\u00f3n: \u201cSensibilizaci\u00f3n y capacitaci\u00f3n para profesionales de servicios sociales sobre las necesidades y derechos de las personas que ejercen la prostituci\u00f3n y\/o v\u00edctimas de trata y explotaci\u00f3n sexual\u201d. 4 de noviembre de 2025 de 10 a 13h en Centro C\u00edvico el Tejar del Mellizo (Sevilla).\u00a0<a href=\"https:\/\/www.juntadeandalucia.es\/iam\/catalogo\/doc\/convocatorias\/2025-genero\/cartel-servicios%20sociales.png\" target=\"_blank\" rel=\"noopener\" data-saferedirecturl=\"https:\/\/www.google.com\/url?q=https:\/\/www.juntadeandalucia.es\/iam\/catalogo\/doc\/convocatorias\/2025-genero\/cartel-servicios%2520sociales.png&amp;source=gmail&amp;ust=1761322564347000&amp;usg=AOvVaw21ObgkSmIgnrnM2ykpcYcQ\">M\u00e1s informaci\u00f3n<\/a>.<\/li>\n<li>\n<p lang=\"zxx\">Formaci\u00f3n sobre detecci\u00f3n y actuaci\u00f3n ante situaciones de violencia de g\u00e9nero digital. Instituto Andaluz de la Mujer.\u00a0Exclusivamente dirigida al personal t\u00e9cnico de los Centros Provinciales del IAM, los Centros Municipales de Informaci\u00f3n a la Mujer y los Servicios especializados en atenci\u00f3n a v\u00edctimas de violencia de g\u00e9nero. Modalidad presencial y trabajo en Campus Virtual. 20 horas acreditadas. Lugar: Centro Provincial de la Mujer de M\u00e1laga. Del 3 de noviembre al 01 de diciembre.\u00a0<a href=\"http:\/\/www.juntadeandalucia.es\/institutodelamujer\/catalogo\/doc\/convocatorias\/2025-iam\/violencia-genero-digital.pdf\" target=\"_blank\" rel=\"noopener\" data-saferedirecturl=\"https:\/\/www.google.com\/url?q=http:\/\/www.juntadeandalucia.es\/institutodelamujer\/catalogo\/doc\/convocatorias\/2025-iam\/violencia-genero-digital.pdf&amp;source=gmail&amp;ust=1761322549575000&amp;usg=AOvVaw1WixT_kbh4gsMtKbIIZOVk\">M\u00e1s informaci\u00f3n<\/a>.\u00a0<a href=\"https:\/\/forms.gle\/BqwiaMGLEzdP1MWAA\" target=\"_blank\" rel=\"noopener\" data-saferedirecturl=\"https:\/\/www.google.com\/url?q=https:\/\/forms.gle\/BqwiaMGLEzdP1MWAA&amp;source=gmail&amp;ust=1761322549575000&amp;usg=AOvVaw0rDfI9ILW71NHTblTYfbPT\">Inscripciones<\/a>.<\/p>\n<\/li>\n<li>\n<p lang=\"zxx\">Formaci\u00f3n sobre detecci\u00f3n y actuaci\u00f3n ante situaciones de violencia de g\u00e9nero digital. Instituto Andaluz de la Mujer.\u00a0Exclusivamente dirigida al personal t\u00e9cnico de los Centros Provinciales del IAM, los Centros Municipales de Informaci\u00f3n a la Mujer y los Servicios especializados en atenci\u00f3n a v\u00edctimas de violencia de g\u00e9nero. Modalidad presencial y trabajo en Campus Virtual. 20 horas acreditadas. Lugar: Centro Cotidiana Vitae (Santiponce). Primera edici\u00f3n: del 30 de octubre al 27 de noviembre. Segunda edici\u00f3n: 31 de octubre al 28 de noviembre.\u00a0<a href=\"http:\/\/www.juntadeandalucia.es\/institutodelamujer\/catalogo\/doc\/convocatorias\/2025-iam\/violencia-genero-digital.pdf\" target=\"_blank\" rel=\"noopener\" data-saferedirecturl=\"https:\/\/www.google.com\/url?q=http:\/\/www.juntadeandalucia.es\/institutodelamujer\/catalogo\/doc\/convocatorias\/2025-iam\/violencia-genero-digital.pdf&amp;source=gmail&amp;ust=1761322549575000&amp;usg=AOvVaw1WixT_kbh4gsMtKbIIZOVk\">M\u00e1s informaci\u00f3n<\/a>.\u00a0<a href=\"https:\/\/forms.gle\/BqwiaMGLEzdP1MWAA\" target=\"_blank\" rel=\"noopener\" data-saferedirecturl=\"https:\/\/www.google.com\/url?q=https:\/\/forms.gle\/BqwiaMGLEzdP1MWAA&amp;source=gmail&amp;ust=1761322549575000&amp;usg=AOvVaw0rDfI9ILW71NHTblTYfbPT\">Inscripciones<\/a>.<\/p>\n<\/li>\n<li><span style=\"font-family: Calibri, sans-serif;\">Jornadas: <\/span><span style=\"font-family: Calibri, sans-serif;\"><a href=\"https:\/\/www.juntadeandalucia.es\/iam\/catalogo\/doc\/convocatorias\/2025-genero\/programa-mundo%20rural.pdf\" target=\"_blank\" rel=\"noopener\" data-saferedirecturl=\"https:\/\/www.google.com\/url?q=https:\/\/www.juntadeandalucia.es\/iam\/catalogo\/doc\/convocatorias\/2025-genero\/programa-mundo%2520rural.pdf&amp;source=gmail&amp;ust=1761319540348000&amp;usg=AOvVaw2nSmYjcXf4hEj4GMO3bZHS\">V Jornada sobre violencia de g\u00e9nero y mujeres del \u00e1mbito rural<\/a>. 14 de noviembre de 2025. Biblioteca P\u00fablica Municipal. C\/ Se\u00f1or, 1. Higuera de la Sierra, Huelva. Organizado por La Consejer\u00eda de Inclusi\u00f3n Social, Juventud, Familias e Igualdad.\u00a0<a href=\"https:\/\/forms.gle\/VHR6fezoGmTyFnZHA\" target=\"_blank\" rel=\"noopener\" data-saferedirecturl=\"https:\/\/www.google.com\/url?q=https:\/\/forms.gle\/VHR6fezoGmTyFnZHA&amp;source=gmail&amp;ust=1761319540348000&amp;usg=AOvVaw0FyG_Drf0HlQkv2ysHPKBC\">Inscripciones<\/a>.<\/span><\/li>\n<li>VIII edici\u00f3n del Ciclo Nacional de Cine y Mujeres rurales. Ministerio de Agricultura, Pesca y Alimentaci\u00f3n.\u00a0Hasta el 18\u00a0de\u00a0noviembre.\u00a0Actividades presenciales y online.\u00a0<a href=\"https:\/\/www.youtube.com\/live\/Z-VNtl73txM\" target=\"_blank\" rel=\"noopener\" data-saferedirecturl=\"https:\/\/www.google.com\/url?q=https:\/\/www.youtube.com\/live\/Z-VNtl73txM&amp;source=gmail&amp;ust=1761319540301000&amp;usg=AOvVaw0RjgwenuH08mPJqR8Ei1a1\">M\u00e1s informaci\u00f3n<\/a>.\u00a0<a href=\"https:\/\/drive.google.com\/file\/d\/1oVs6226WAoad7E720WqotW74wvJ0kYNE\/view\" target=\"_blank\" rel=\"noopener\" data-saferedirecturl=\"https:\/\/www.google.com\/url?q=https:\/\/drive.google.com\/file\/d\/1oVs6226WAoad7E720WqotW74wvJ0kYNE\/view&amp;source=gmail&amp;ust=1761319540301000&amp;usg=AOvVaw2T1qFTmdqpVLJxmIOoP6YT\">Programa completo<\/a>.\u00a0<a href=\"https:\/\/www.cineymujeresrurales.es\/es\/muestra-online.html\" target=\"_blank\" rel=\"noopener\" data-saferedirecturl=\"https:\/\/www.google.com\/url?q=https:\/\/www.cineymujeresrurales.es\/es\/muestra-online.html&amp;source=gmail&amp;ust=1761319540301000&amp;usg=AOvVaw2MNLR82f_XB0CvPXJO2ws8\">Muestra online hasta el 31 de octubre<\/a>.<\/li>\n<li><\/li>\n<\/ul>\n<\/div><\/div><\/div><\/div><\/div><div class=\"fusion-fullwidth fullwidth-box fusion-builder-row-3 fusion-flex-container has-pattern-background has-mask-background hundred-percent-fullwidth non-hundred-percent-height-scrolling\" style=\"--awb-border-radius-top-left:0px;--awb-border-radius-top-right:0px;--awb-border-radius-bottom-right:0px;--awb-border-radius-bottom-left:0px;--awb-padding-right-small:2%;--awb-padding-left-small:2%;--awb-flex-wrap:wrap;\" ><div class=\"fusion-builder-row fusion-row fusion-flex-align-items-flex-start fusion-flex-content-wrap\" style=\"width:104% !important;max-width:104% !important;margin-left: calc(-4% \/ 2 );margin-right: calc(-4% \/ 2 );\"><div class=\"fusion-layout-column fusion_builder_column fusion-builder-column-2 fusion_builder_column_1_1 1_1 fusion-flex-column\" style=\"--awb-padding-right:20px;--awb-padding-left:20px;--awb-padding-right-small:15px;--awb-padding-left-small:15px;--awb-overflow:hidden;--awb-bg-color:var(--awb-color1);--awb-bg-color-hover:var(--awb-color1);--awb-bg-size:cover;--awb-border-color:var(--awb-color3);--awb-border-top:2px;--awb-border-right:2px;--awb-border-bottom:2px;--awb-border-left:2px;--awb-border-style:solid;--awb-border-radius:15px 15px 15px 15px;--awb-width-large:100%;--awb-margin-top-large:0px;--awb-spacing-right-large:1.92%;--awb-margin-bottom-large:20px;--awb-spacing-left-large:1.92%;--awb-width-medium:100%;--awb-order-medium:0;--awb-spacing-right-medium:1.92%;--awb-spacing-left-medium:1.92%;--awb-width-small:100%;--awb-order-small:0;--awb-spacing-right-small:0px;--awb-spacing-left-small:0px;\" id=\"comunicacion_tics\" data-scroll-devices=\"small-visibility,medium-visibility,large-visibility\"><div class=\"fusion-column-wrapper fusion-column-has-shadow fusion-flex-justify-content-flex-start fusion-content-layout-column\"><div class=\"fusion-title title fusion-title-3 fusion-sep-none fusion-title-text fusion-title-size-one\" style=\"--awb-margin-top:20px;--awb-margin-top-small:10px;--awb-margin-right-small:0px;--awb-margin-bottom-small:10px;--awb-margin-left-small:0px;--awb-sep-color:var(--awb-custom_color_1);\" id=\"comunicacion\"><h1 class=\"fusion-title-heading title-heading-left fusion-responsive-typography-calculated\" style=\"font-family:&quot;Raleway&quot;;font-style:normal;font-weight:400;margin:0;--fontSize:40;line-height:var(--awb-typography1-line-height);\"><mark class=\"fusion-highlight custom-textcolor highlight1 awb-highlight-background rounded\" style=\"--awb-color:#db9600;--awb-text-color:#ffffff;\"><strong>Comunicaci\u00f3n, Publicidad y TICs<\/strong><\/mark><\/h1><\/div><div class=\"fusion-text fusion-text-2\" style=\"--awb-line-height:1.5em;--awb-margin-left:10px;\"><div class=\"lSfe4c r5bEn aI5QMe\">\n<div class=\"SoAPf\">\n<ul>\n<li role=\"heading\" aria-level=\"3\"><a href=\"https:\/\/www.msn.com\/es-es\/noticias\/otras\/los-periodistas-encarcelados-andrzej-poczobut-y-mzia-amaglobeli-de-bielorrusia-y-georgia-ganan-el-premio-sajarov\/ar-AA1OXY4c?ocid=BingNewsVerp\">Los periodistas encarcelados Andrzej Poczobut y Mzia Amaglobeli, de Bielorrusia y Georgia, ganan el premio Sajarov <\/a>@eldiario<\/li>\n<li role=\"heading\" aria-level=\"3\"><a href=\"https:\/\/www.canalsur.es\/rtva\/la-periodista-mabel-mata-y-la-realizadora-nieves-fernandez-recogen-el-premio-internacional-de-periodismo-colombine\/2209195.html\">Mabel Mata y Nieves Fern\u00e1ndez recogen el Premio Internacional de Periodismo Colombine<\/a> @CanalSur<\/li>\n<li role=\"heading\" aria-level=\"3\"><a href=\"https:\/\/www.rtve.es\/rtve\/20251022\/observatorio-rtve-impulsa-seminci-visibilizacion-mujeres-nuevos-oficios-del-audiovisual\/16781334.shtml\">El Observatorio de RTVE impulsa en Seminci la visibilizaci\u00f3n de las mujeres en los nuevos oficios del audiovisual<\/a> @rtve<\/li>\n<li role=\"heading\" aria-level=\"3\"><a href=\"https:\/\/cadenaser.com\/audio\/1761298854005\/\">Entrevista a Luc\u00eda Ru\u00edz, vicepresidenta de REM, que organizan una Mesa de debate con mujeres periodistas: Liderazgo femenino en los medios de comunicaci\u00f3n en Hoyo de Manzanares | Cadena SER<\/a> @ser<\/li>\n<li role=\"heading\" aria-level=\"3\"><a href=\"https:\/\/www.rtve.es\/rtve\/20251021\/impulsa-vision-rtve-reconocimiento-wa4steam-compromiso-mujeres-emprendedoras-innovacion-steam\/16778419.shtml\">Impulsa Visi\u00f3n RTVE logra el reconocimiento de WA4STEAM por su compromiso con las mujeres emprendedoras<\/a> @rtve<\/li>\n<li role=\"heading\" aria-level=\"3\"><a href=\"https:\/\/www.elperiodico.com\/es\/ocio-y-cultura\/20251020\/marta-robles-mujeres-atrevemos-alzar-122816877\">Marta Robles: \u00abCuando las mujeres nos atrevemos a alzar la voz, cambiamos el mundo\u00bb<\/a> #elperiodico<\/li>\n<li role=\"heading\" aria-level=\"3\"><a href=\"https:\/\/www.msn.com\/es-es\/noticias\/tecnologia\/de-usuarias-a-creadoras-el-papel-de-las-mujeres-en-la-movilidad-urbana\/ar-AA1ONBYn?ocid=BingNewsVerp\">De usuarias a creadoras: el papel de las mujeres en la movilidad urbana<\/a> @eldiario<\/li>\n<li role=\"heading\" aria-level=\"3\"><a href=\"https:\/\/www.infolibre.es\/visibles\/infolibre-celebra-segunda-edicion-visibles-jornada-cultura-pensamiento-arte-torno-igualdad_1_2083578.html\">infoLibre celebra la segunda edici\u00f3n de &#8216;Visibles&#8217;, una jornada de cultura, reflexi\u00f3n y arte en torno a la igualdad<\/a> @infolibre<\/li>\n<\/ul>\n<\/div>\n<\/div>\n<\/div><\/div><\/div><\/div><\/div><div class=\"fusion-fullwidth fullwidth-box fusion-builder-row-4 fusion-flex-container has-pattern-background has-mask-background hundred-percent-fullwidth non-hundred-percent-height-scrolling\" style=\"--awb-border-radius-top-left:0px;--awb-border-radius-top-right:0px;--awb-border-radius-bottom-right:0px;--awb-border-radius-bottom-left:0px;--awb-padding-right-small:2%;--awb-padding-left-small:2%;--awb-flex-wrap:wrap;\" id=\"and\" ><div class=\"fusion-builder-row fusion-row fusion-flex-align-items-flex-start fusion-flex-content-wrap\" style=\"width:104% !important;max-width:104% !important;margin-left: calc(-4% \/ 2 );margin-right: calc(-4% \/ 2 );\"><div class=\"fusion-layout-column fusion_builder_column fusion-builder-column-3 fusion_builder_column_1_1 1_1 fusion-flex-column\" style=\"--awb-padding-right:20px;--awb-padding-left:20px;--awb-padding-right-small:15px;--awb-padding-left-small:15px;--awb-overflow:hidden;--awb-bg-color:var(--awb-color1);--awb-bg-color-hover:var(--awb-color1);--awb-bg-size:cover;--awb-border-color:var(--awb-color3);--awb-border-top:2px;--awb-border-right:2px;--awb-border-bottom:2px;--awb-border-left:2px;--awb-border-style:solid;--awb-border-radius:15px 15px 15px 15px;--awb-width-large:100%;--awb-margin-top-large:0px;--awb-spacing-right-large:1.92%;--awb-margin-bottom-large:20px;--awb-spacing-left-large:1.92%;--awb-width-medium:100%;--awb-order-medium:0;--awb-spacing-right-medium:1.92%;--awb-spacing-left-medium:1.92%;--awb-width-small:100%;--awb-order-small:0;--awb-spacing-right-small:0px;--awb-spacing-left-small:0px;\" id=\"c_andalucia\" data-scroll-devices=\"small-visibility,medium-visibility,large-visibility\"><div class=\"fusion-column-wrapper fusion-column-has-shadow fusion-flex-justify-content-flex-start fusion-content-layout-column\"><div class=\"fusion-title title fusion-title-4 fusion-sep-none fusion-title-text fusion-title-size-one\" style=\"--awb-margin-top:20px;--awb-margin-top-small:10px;--awb-margin-right-small:0px;--awb-margin-bottom-small:10px;--awb-margin-left-small:0px;--awb-sep-color:var(--awb-custom_color_1);\" id=\"andalucia\"><h1 class=\"fusion-title-heading title-heading-left fusion-responsive-typography-calculated\" style=\"font-family:&quot;Raleway&quot;;font-style:normal;font-weight:400;margin:0;--fontSize:40;line-height:var(--awb-typography1-line-height);\"><mark class=\"fusion-highlight custom-textcolor highlight1 awb-highlight-background rounded\" style=\"--awb-color:#4cb700;--awb-text-color:#ffffff;\"><strong>Andaluc\u00eda<\/strong><\/mark><\/h1><\/div><div class=\"fusion-title title fusion-title-5 fusion-sep-none fusion-title-text fusion-title-size-two fusion-animated\" style=\"--awb-text-color:var(--awb-color7);--awb-margin-top-small:10px;--awb-margin-right-small:0px;--awb-margin-bottom-small:10px;--awb-margin-left-small:0px;--awb-sep-color:var(--awb-custom_color_1);--awb-font-size:24px;\" data-animationType=\"fadeIn\" data-animationDuration=\"0.3\" data-animationOffset=\"top-into-view\" id=\"a_institucional\"><h2 class=\"fusion-title-heading title-heading-left fusion-responsive-typography-calculated\" style=\"margin:0;font-size:1em;--fontSize:24;line-height:var(--awb-typography1-line-height);\"><mark class=\"fusion-highlight light highlight1 awb-highlight-background rounded\" style=\"--awb-color:#d1d1d1;\"><strong> Institucional<\/strong>\u00a0<\/mark><\/h2><\/div><div class=\"fusion-text fusion-text-3\" style=\"--awb-line-height:1.5em;\"><div class=\"lSfe4c r5bEn aI5QMe\">\n<div class=\"SoAPf\">\n<ul>\n<li role=\"heading\" aria-level=\"3\"><a href=\"https:\/\/www.lavanguardia.com\/local\/sevilla\/20251023\/11191851\/junta-impulsa-reconocimiento-femenino-sector-agroalimentario-traves-estatuto-mujeres-rurales-agenciaslv20251023.html\">Junta impulsa el reconocimiento femenino en el sector agroalimentario a trav\u00e9s del Estatuto de las Mujeres Rurales<\/a> @lavanguardia<\/li>\n<\/ul>\n<div class=\"n0jPhd ynAwRc MBeuO nDgy9d\" role=\"heading\" aria-level=\"3\"><\/div>\n<div role=\"heading\" aria-level=\"3\"><\/div>\n<div role=\"heading\" aria-level=\"3\"><\/div>\n<\/div>\n<\/div>\n<\/div><div class=\"fusion-title title fusion-title-6 fusion-sep-none fusion-title-text fusion-title-size-two fusion-animated\" style=\"--awb-text-color:var(--awb-color7);--awb-margin-top-small:10px;--awb-margin-right-small:0px;--awb-margin-bottom-small:10px;--awb-margin-left-small:0px;--awb-sep-color:var(--awb-custom_color_1);--awb-font-size:24px;\" data-animationType=\"fadeIn\" data-animationDuration=\"0.3\" data-animationOffset=\"top-into-view\" id=\"a_economia_empresa\"><h2 class=\"fusion-title-heading title-heading-left fusion-responsive-typography-calculated\" style=\"margin:0;font-size:1em;--fontSize:24;line-height:var(--awb-typography1-line-height);\"><mark class=\"fusion-highlight light highlight1 awb-highlight-background rounded\" style=\"--awb-color:#d1d1d1;\"><strong>Econom\u00eda y Empresa<\/strong><\/mark><\/h2><\/div><div class=\"fusion-text fusion-text-4\" style=\"--awb-line-height:1.5em;\"><div class=\"n0jPhd ynAwRc tNxQIb nDgy9d\" role=\"heading\" aria-level=\"3\">\n<div class=\"n0jPhd ynAwRc tNxQIb nDgy9d\" role=\"heading\" aria-level=\"3\">\n<div class=\"lSfe4c r5bEn aI5QMe\">\n<div class=\"SoAPf\">\n<ul>\n<li role=\"heading\" aria-level=\"3\"><a href=\"https:\/\/cadenaser.com\/andalucia\/2025\/10\/21\/el-emprendimiento-femenino-crece-en-malaga-gracias-al-aumento-de-mujeres-autonomas-que-amplian-sus-negocios-ser-malaga\/\">El emprendimiento femenino crece en M\u00e1laga gracias al aumento de aut\u00f3nomas que ampl\u00edan sus negocios <\/a> @cadenaser<\/li>\n<li role=\"heading\" aria-level=\"3\"><a href=\"https:\/\/www.msn.com\/es-es\/dinero\/peque%C3%B1as-empresas\/una-nueva-plataforma-digital-agrupa-a-cerca-de-un-millar-de-empresas-de-c%C3%B3rdoba-lideradas-por-mujeres\/ar-AA1OZp8H?ocid=BingNewsVerp\">Una nueva plataforma digital agrupa a cerca de un millar de empresas de C\u00f3rdoba lideradas por mujeres<\/a> @diariodecordoba<\/li>\n<li role=\"heading\" aria-level=\"3\"><a href=\"https:\/\/www.abc.es\/espana\/andalucia-apuesta-economia-circular-herramienta-clave-frente-20251023130609-vi.html\">Andaluc\u00eda apuesta por la econom\u00eda circular como herramienta clave frente al cambio clim\u00e1tico<\/a> @abc<\/li>\n<\/ul>\n<\/div>\n<\/div>\n<\/div>\n<\/div>\n<\/div><div class=\"fusion-title title fusion-title-7 fusion-sep-none fusion-title-text fusion-title-size-two fusion-animated\" style=\"--awb-text-color:var(--awb-color7);--awb-margin-top-small:10px;--awb-margin-right-small:0px;--awb-margin-bottom-small:10px;--awb-margin-left-small:0px;--awb-sep-color:var(--awb-custom_color_1);--awb-font-size:24px;\" data-animationType=\"fadeIn\" data-animationDuration=\"0.3\" data-animationOffset=\"top-into-view\" id=\"a_actualidad\"><h2 class=\"fusion-title-heading title-heading-left fusion-responsive-typography-calculated\" style=\"margin:0;font-size:1em;--fontSize:24;line-height:var(--awb-typography1-line-height);\"><mark class=\"fusion-highlight light highlight1 awb-highlight-background rounded\" style=\"--awb-color:#d1d1d1;\"><strong>Actualidad<\/strong><\/mark><\/h2><\/div><div class=\"fusion-text fusion-text-5\" style=\"--awb-line-height:1.5em;\"><div class=\"lSfe4c r5bEn aI5QMe\">\n<div class=\"SoAPf\">\n<div role=\"heading\" aria-level=\"3\">\n<div class=\"lSfe4c r5bEn aI5QMe\">\n<div class=\"SoAPf\">\n<div class=\"lSfe4c r5bEn aI5QMe\">\n<div class=\"SoAPf\">\n<ul>\n<li><a href=\"https:\/\/www.elcorreoweb.es\/andalucia\/2025\/10\/21\/crisis-retrasos-cribados-cancer-mama-122735033.html\">\u00a0La crisis por los retrasos en los cribados del c\u00e1ncer de mama en Andaluc\u00eda salta al Parlamento Europeo<\/a> @elcorreodeandalucia<\/li>\n<li><a href=\"https:\/\/www.eldiario.es\/andalucia\/andalucia-tierra-fosas-comunes-mujeres-1-500-rosas-asesinadas-franquismo-cinco-casos-simbolicos_1_12640949.html\">Andaluc\u00eda, tierra de fosas comunes de mujeres: 1.500 \u00abrosas\u00bb asesinadas por el franquismo y cinco casos simb\u00f3licos<\/a> @eldiario<\/li>\n<li><a href=\"https:\/\/www.cope.es\/emisoras\/andalucia\/malaga-provincia\/malaga\/noticias\/problema-acceso-vivienda-rostro-mujer-analisis-pobreza-malaga-20251017_3234157.html\">El problema del acceso a la vivienda y con rostro de mujer: an\u00e1lisis a la pobreza en M\u00e1laga<\/a> @cope<\/li>\n<\/ul>\n<\/div>\n<\/div>\n<\/div>\n<\/div>\n<\/div>\n<\/div>\n<\/div>\n<\/div><div class=\"fusion-title title fusion-title-8 fusion-sep-none fusion-title-text fusion-title-size-two fusion-animated\" style=\"--awb-text-color:var(--awb-color7);--awb-margin-top-small:10px;--awb-margin-right-small:0px;--awb-margin-bottom-small:10px;--awb-margin-left-small:0px;--awb-sep-color:var(--awb-custom_color_1);--awb-font-size:24px;\" data-animationType=\"fadeIn\" data-animationDuration=\"0.3\" data-animationOffset=\"top-into-view\" id=\"a_violencias\"><h2 class=\"fusion-title-heading title-heading-left fusion-responsive-typography-calculated\" style=\"margin:0;font-size:1em;--fontSize:24;line-height:var(--awb-typography1-line-height);\"><mark class=\"fusion-highlight light highlight1 awb-highlight-background rounded\" style=\"--awb-color:#d1d1d1;\"><strong>Violencias<\/strong><\/mark><\/h2><\/div><div class=\"fusion-text fusion-text-6\" style=\"--awb-line-height:1.5em;\"><div class=\"lSfe4c r5bEn aI5QMe\">\n<div class=\"SoAPf\">\n<ul>\n<li><a href=\"https:\/\/www.msn.com\/es-es\/noticias\/otras\/el-sindicato-de-estudiantes-llama-a-la-huelga-el-28-de-octubre-contra-el-bullying-tras-el-caso-de-sandra-pe%C3%B1a\/ar-AA1P2DLY?ocid=BingNewsVerp\">El Sindicato de Estudiantes llama a la huelga el 28 de octubre contra el &#8216;bullying&#8217; tras el caso de Sandra Pe\u00f1a<\/a> @europapress<\/li>\n<\/ul>\n<\/div>\n<\/div>\n<\/div><div class=\"fusion-title title fusion-title-9 fusion-sep-none fusion-title-text fusion-title-size-two fusion-animated\" style=\"--awb-text-color:var(--awb-color7);--awb-margin-top-small:10px;--awb-margin-right-small:0px;--awb-margin-bottom-small:10px;--awb-margin-left-small:0px;--awb-sep-color:var(--awb-custom_color_1);--awb-font-size:24px;\" data-animationType=\"fadeIn\" data-animationDuration=\"0.3\" data-animationOffset=\"top-into-view\" id=\"a_violencias\"><h2 class=\"fusion-title-heading title-heading-left fusion-responsive-typography-calculated\" style=\"margin:0;font-size:1em;--fontSize:24;line-height:var(--awb-typography1-line-height);\"><mark class=\"fusion-highlight light highlight1 awb-highlight-background rounded\" style=\"--awb-color:#d1d1d1;\"><strong> Ciencia y Cultura<\/strong> <\/mark><\/h2><\/div><div class=\"fusion-text fusion-text-7\" style=\"--awb-line-height:1.5em;\"><div class=\"SoAPf\">\n<ul>\n<li><a href=\"https:\/\/www.andaluciainformacion.es\/articulo\/cordoba-local\/mujeres-futuro-uco-celebra-papel-esencial-mujeres-rurales-mirada-manana\/202510211654353155485.html\">Mujeres con Futuro\u201d: la UCO celebra el papel esencial de las mujeres rurales con una mirada al ma\u00f1ana<\/a> @andaluciainformacion<\/li>\n<li><a href=\"https:\/\/www.ideal.es\/jaen\/jaen\/uja-celebra-primer-congreso-internacional-mujeres-diversidades-20251023134651-nt.html\">La UJA celebra el primer congreso internacional &#8216;Mujeres y diversidades&#8217; <\/a> @elideal<\/li>\n<li><a href=\"https:\/\/www.abc.es\/espana\/andalucia\/granada\/granadina-maria-duenas-consolida-prestigio-tras-ganar-20251016174110-nts.html\">La granadina Mar\u00eda Due\u00f1as consolida su prestigio tras ganar dos premios Gramophone, los Grammy de la m\u00fasica cl\u00e1sica<\/a> @abc<\/li>\n<li><a href=\"https:\/\/www.ondacero.es\/emisoras\/andalucia\/malaga\/audios-podcast\/mas-de-uno\/fundacion-amigos-museo-ruso-celebra-manana-encuentro-100-mujeres-costa-sol_2025102368f9fb8b147d304033e1d041.html\">La Fundaci\u00f3n de Amigos del Museo Ruso celebra ma\u00f1ana el encuentro \u201c100 Mujeres de la Costa del Sol\u201d <\/a>\u00a0@ondacero<\/li>\n<li><a href=\"https:\/\/www.msn.com\/es-es\/entretenimiento\/cine\/el-ciclo-nacional-de-cine-y-mujeres-rurales-ofrece-proyecciones-y-otras-actividades-en-48-municipios-rurales-andaluces\/ar-AA1OIkSj?ocid=BingNewsVerp\">El Ciclo Nacional de Cine y Mujeres Rurales ofrece proyecciones y otras actividades en 48 municipios rurales andaluces<\/a> @europapress<\/li>\n<li><a href=\"https:\/\/www.ondacero.es\/emisoras\/andalucia\/malaga\/audios-podcast\/mas-de-uno\/xxiii-muestra-cine-mujeres-escena-proyectara-49-producciones-que-abordan-desigualdades-genero_2025102368f9f42cf63c3c27fdb2e90a.html\">La XXIII Muestra de Cine Mujeres en Escena proyectar\u00e1 49 producciones que abordan las desigualdades de g\u00e9nero <\/a>\u00a0@ondacero<\/li>\n<li><a href=\"https:\/\/elpais.com\/cultura\/2025-10-23\/las-mujeres-gaditanas-que-representan-en-el-teatro-su-propia-historia-de-pobreza-y-superacion-la-de-hambre-que-pasabamos.html\">Las mujeres gaditanas que representan en el teatro su propia historia de pobreza y superaci\u00f3n: \u201cLa de hambre que pas\u00e1bamos\u201d<\/a> @elpais<\/li>\n<li><a href=\"https:\/\/www.diariodehuelva.es\/articulo\/area-metropolitana\/junta-distingue-pena-flamenca-femenina-huelva-papel-pionero-integracion-mujer\/20251022175211331168.html\">La Junta distingue a la Pe\u00f1a Flamenca Femenina de Huelva por su papel pionero en la integraci\u00f3n de la mujer<\/a> @diariodehuelva<\/li>\n<li><a href=\"https:\/\/www.diariosur.es\/culturas\/carla-hayes-arte-mestizo-visibiliza-cuerpos-negros-exposicion-malaga-20251023163602-nt.html\">Carla Hayes, el arte mestizo que visibiliza a los cuerpos negros <\/a> @sur<\/li>\n<\/ul>\n<\/div>\n<div class=\"SoAPf\">\n<div role=\"heading\" aria-level=\"3\"><\/div>\n<div role=\"heading\" aria-level=\"3\"><\/div>\n<\/div>\n<div class=\"lSfe4c r5bEn aI5QMe\">\n<div class=\"SoAPf\"><\/div>\n<\/div>\n<\/div><div class=\"fusion-title title fusion-title-10 fusion-sep-none fusion-title-text fusion-title-size-two fusion-animated\" style=\"--awb-text-color:var(--awb-color7);--awb-margin-top-small:10px;--awb-margin-right-small:0px;--awb-margin-bottom-small:10px;--awb-margin-left-small:0px;--awb-sep-color:var(--awb-custom_color_1);--awb-font-size:24px;\" data-animationType=\"fadeIn\" data-animationDuration=\"0.3\" data-animationOffset=\"top-into-view\" id=\"a_deporte\"><h2 class=\"fusion-title-heading title-heading-left fusion-responsive-typography-calculated\" style=\"margin:0;font-size:1em;--fontSize:24;line-height:var(--awb-typography1-line-height);\"><mark class=\"fusion-highlight light highlight1 awb-highlight-background rounded\" style=\"--awb-color:#d1d1d1;\"><strong> Deporte<\/strong> <\/mark><\/h2><\/div><div class=\"fusion-text fusion-text-8\" style=\"--awb-line-height:1.5em;\"><div class=\"lSfe4c r5bEn aI5QMe\">\n<div class=\"SoAPf\">\n<div role=\"heading\" aria-level=\"3\">\n<div class=\"lSfe4c r5bEn aI5QMe\">\n<ul>\n<li><a href=\"https:\/\/www.elespanol.com\/malaga\/deporte\/20251024\/malaga-escenario-nueva-seleccion-espanola-femenina-futbol-claves\/1003743983244_0.html\">M\u00e1laga, escenario de la nueva era de la selecci\u00f3n espa\u00f1ola femenina de f\u00fatbol: las claves<\/a> @elespa\u00f1ol<\/li>\n<li class=\"SoAPf\"><a href=\"https:\/\/www.msn.com\/es-es\/noticias\/otras\/rafael-louz%C3%A1n-clausura-en-m%C3%A1laga-las-jornadas-deportivas-en-homenaje-a-la-mujer-andaluza\/ar-AA1P3PBi?ocid=BingNewsVerp\">Rafael Louz\u00e1n clausura en M\u00e1laga las jornadas deportivas en homenaje a la Mujer Andaluza\u00a0<\/a>@europapress<\/li>\n<\/ul>\n<\/div>\n<\/div>\n<\/div>\n<\/div>\n<\/div><\/div><\/div><\/div><\/div><div class=\"fusion-fullwidth fullwidth-box fusion-builder-row-5 fusion-flex-container has-pattern-background has-mask-background hundred-percent-fullwidth non-hundred-percent-height-scrolling\" style=\"--awb-border-radius-top-left:0px;--awb-border-radius-top-right:0px;--awb-border-radius-bottom-right:0px;--awb-border-radius-bottom-left:0px;--awb-padding-right-small:2%;--awb-padding-left-small:2%;--awb-flex-wrap:wrap;\" ><div class=\"fusion-builder-row fusion-row fusion-flex-align-items-flex-start fusion-flex-content-wrap\" style=\"width:104% !important;max-width:104% !important;margin-left: calc(-4% \/ 2 );margin-right: calc(-4% \/ 2 );\"><div class=\"fusion-layout-column fusion_builder_column fusion-builder-column-4 fusion_builder_column_1_1 1_1 fusion-flex-column\" style=\"--awb-padding-right:20px;--awb-padding-left:20px;--awb-padding-right-small:15px;--awb-padding-left-small:15px;--awb-overflow:hidden;--awb-bg-color:var(--awb-color1);--awb-bg-color-hover:var(--awb-color1);--awb-bg-size:cover;--awb-border-color:var(--awb-color3);--awb-border-top:2px;--awb-border-right:2px;--awb-border-bottom:2px;--awb-border-left:2px;--awb-border-style:solid;--awb-border-radius:15px 15px 15px 15px;--awb-width-large:100%;--awb-margin-top-large:0px;--awb-spacing-right-large:1.92%;--awb-margin-bottom-large:20px;--awb-spacing-left-large:1.92%;--awb-width-medium:100%;--awb-order-medium:0;--awb-spacing-right-medium:1.92%;--awb-spacing-left-medium:1.92%;--awb-width-small:100%;--awb-order-small:0;--awb-spacing-right-small:0px;--awb-spacing-left-small:0px;\" id=\"c_estado\" data-scroll-devices=\"small-visibility,medium-visibility,large-visibility\"><div class=\"fusion-column-wrapper fusion-column-has-shadow fusion-flex-justify-content-flex-start fusion-content-layout-column\"><div class=\"fusion-title title fusion-title-11 fusion-sep-none fusion-title-text fusion-title-size-one\" style=\"--awb-margin-top:20px;--awb-margin-top-small:10px;--awb-margin-right-small:0px;--awb-margin-bottom-small:10px;--awb-margin-left-small:0px;--awb-sep-color:var(--awb-custom_color_1);\" id=\"estado\"><h1 class=\"fusion-title-heading title-heading-left fusion-responsive-typography-calculated\" style=\"font-family:&quot;Raleway&quot;;font-style:normal;font-weight:400;margin:0;--fontSize:40;line-height:var(--awb-typography1-line-height);\"><mark class=\"fusion-highlight custom-textcolor highlight1 awb-highlight-background rounded\" style=\"--awb-text-color:#ffffff;\"><strong>Estado<\/strong><\/mark><\/h1><\/div><div class=\"fusion-title title fusion-title-12 fusion-sep-none fusion-title-text fusion-title-size-two fusion-animated\" style=\"--awb-text-color:var(--awb-color7);--awb-margin-top-small:10px;--awb-margin-right-small:0px;--awb-margin-bottom-small:10px;--awb-margin-left-small:0px;--awb-sep-color:var(--awb-custom_color_1);--awb-font-size:24px;\" data-animationType=\"fadeIn\" data-animationDuration=\"0.3\" data-animationOffset=\"top-into-view\" id=\"e_institucional\"><h2 class=\"fusion-title-heading title-heading-left fusion-responsive-typography-calculated\" style=\"margin:0;font-size:1em;--fontSize:24;line-height:var(--awb-typography1-line-height);\"><mark class=\"fusion-highlight light highlight1 awb-highlight-background rounded\" style=\"--awb-color:#d1d1d1;\"><strong> Institucional<\/strong>\u00a0<\/mark><\/h2><\/div><div class=\"fusion-text fusion-text-9\" style=\"--awb-line-height:1.5em;\"><ul>\n<li><a href=\"https:\/\/www.lamoncloa.gob.es\/serviciosdeprensa\/notasprensa\/derechos-sociales-consumo-agenda-2030\/Paginas\/2025\/231025-derechos-mujeres-ninas-discapacidad.aspx\">\u00a0Derechos Sociales aprueba el primer plan para proteger los derechos de las mujeres y ni\u00f1as con discapacidad, dotado con 65 millones de euros <\/a>@lamoncloa<\/li>\n<li><a href=\"https:\/\/www.eldiario.es\/politica\/espana-organizara-2026-proxima-conferencia-politica-exterior-feminista_1_12705787.html\">Espa\u00f1a organizar\u00e1 en 2026 la pr\u00f3xima Conferencia de Pol\u00edtica Exterior Feminista<\/a> @eldiario<\/li>\n<\/ul>\n<\/div><div class=\"fusion-title title fusion-title-13 fusion-sep-none fusion-title-text fusion-title-size-two fusion-animated\" style=\"--awb-text-color:var(--awb-color7);--awb-margin-top-small:10px;--awb-margin-right-small:0px;--awb-margin-bottom-small:10px;--awb-margin-left-small:0px;--awb-sep-color:var(--awb-custom_color_1);--awb-font-size:24px;\" data-animationType=\"fadeIn\" data-animationDuration=\"0.3\" data-animationOffset=\"top-into-view\" id=\"e_institucional_ccaa\"><h2 class=\"fusion-title-heading title-heading-left fusion-responsive-typography-calculated\" style=\"margin:0;font-size:1em;--fontSize:24;line-height:var(--awb-typography1-line-height);\"><mark class=\"fusion-highlight light highlight1 awb-highlight-background rounded\" style=\"--awb-color:#d1d1d1;\"><strong> Institucional &#8211; CCAA<\/strong>\u00a0<\/mark><\/h2><\/div><div class=\"fusion-text fusion-text-10\" style=\"--awb-line-height:1.5em;\"><div class=\"lSfe4c r5bEn aI5QMe\">\n<div class=\"SoAPf\">\n<ul>\n<li role=\"heading\" aria-level=\"3\"><a href=\"https:\/\/www.msn.com\/es-es\/noticias\/otras\/teresa-l%C3%B3pez-tom%C3%A9-es-la-nueva-directora-del-instituto-de-la-mujer-de-castilla-la-mancha-en-sustituci%C3%B3n-de-lourdes-luna\/ar-AA1OTx8Z?ocid=BingNewsVerp\">Teresa L\u00f3pez Tom\u00e9 es la nueva directora del Instituto de la Mujer de Castilla-La Mancha en sustituci\u00f3n de Lourdes Luna<\/a> @elespa\u00f1ol<\/li>\n<li role=\"heading\" aria-level=\"3\"><a href=\"https:\/\/www.biosferadigital.com\/articulo\/igualdad\/lanzarote-acoge-i-jornadas-igualdad-violencia-mujeres\/20251017165223153636.amp.html\">Lanzarote acoge las I Jornadas por la Igualdad y contra la Violencia sobre&#8230;<\/a> @biosferadigital<\/li>\n<li role=\"heading\" aria-level=\"3\"><a href=\"https:\/\/www.msn.com\/es-es\/noticias\/otras\/%C3%A9xito-del-ix-congreso-de-empresarias-galicia-en-vigo-que-reivindica-el-talento-femenino-como-motor-econ%C3%B3mico\/ar-AA1OUhYB?ocid=BingNewsVerp\">\u00c9xito del IX Congreso de Empresarias Galicia en Vigo, que reivindica el talento femenino como motor econ\u00f3mico<\/a> @elespa\u00f1ol<\/li>\n<li role=\"heading\" aria-level=\"3\"><a href=\"https:\/\/www.elcorreogallego.es\/economia\/2025\/10\/21\/empresarias-galicia-reivindica-liderazgo-talento-122869120.html\">Empresarias Galicia reivindica el liderazgo y el talento femenino en su IX Congreso<\/a> @elcorreogallego<\/li>\n<li role=\"heading\" aria-level=\"3\"><a href=\"https:\/\/www.lasprovincias.es\/economia\/empresarias-valencianas-abogan-encontrar-referentes-guien-igualdad-20251023200023-nt.html?ref=https%3A%2F%2Fwww.bing.com%2F\">Las empresarias valencianas abogan por encontrar referentes que \u00abgu\u00eden hacia la igualdad\u00bb en los premios EVAP <\/a> @lasprovincias<\/li>\n<li role=\"heading\" aria-level=\"3\"><a href=\"https:\/\/www.msn.com\/es-es\/noticias\/otras\/el-ibdona-habilita-una-herramienta-para-que-mujeres-sordas-puedan-acceder-al-servicio-de-atenci%C3%B3n-de-violencia-machista\/ar-AA1OYRrF?ocid=BingNewsVerp\">El IbDona habilita una herramienta para que mujeres sordas puedan acceder al servicio de atenci\u00f3n de violencia machista<\/a> @europapress<\/li>\n<\/ul>\n<div role=\"heading\" aria-level=\"3\"><\/div>\n<div role=\"heading\" aria-level=\"3\"><\/div>\n<div role=\"heading\" aria-level=\"3\"><\/div>\n<\/div>\n<\/div>\n<\/div><div class=\"fusion-title title fusion-title-14 fusion-sep-none fusion-title-text fusion-title-size-two fusion-animated\" style=\"--awb-text-color:var(--awb-color7);--awb-margin-top-small:10px;--awb-margin-right-small:0px;--awb-margin-bottom-small:10px;--awb-margin-left-small:0px;--awb-sep-color:var(--awb-custom_color_1);--awb-font-size:24px;\" data-animationType=\"fadeIn\" data-animationDuration=\"0.3\" data-animationOffset=\"top-into-view\" id=\"e_economia_empresa\"><h2 class=\"fusion-title-heading title-heading-left fusion-responsive-typography-calculated\" style=\"margin:0;font-size:1em;--fontSize:24;line-height:var(--awb-typography1-line-height);\"><mark class=\"fusion-highlight light highlight1 awb-highlight-background rounded\" style=\"--awb-color:#d1d1d1;\"><strong>Econom\u00eda y Empresa<\/strong><\/mark><\/h2><\/div><div class=\"fusion-text fusion-text-11\" style=\"--awb-line-height:1.5em;\"><div class=\"lSfe4c r5bEn aI5QMe\">\n<div class=\"SoAPf\">\n<ul>\n<li><a href=\"https:\/\/www.msn.com\/es-es\/noticias\/espana\/carme-poveda-premio-we-leadership-awards-barcelona-2025-por-visibilizar-el-papel-de-las-mujeres-en-la-econom%C3%ADa\/ar-AA1OGGH5?ocid=BingNewsVerp\">Carme Poveda, premio We Leadership Awards Barcelona 2025 por visibilizar el papel de las mujeres en la econom\u00eda <\/a>@elperiodico<\/li>\n<li><a href=\"https:\/\/cincodias.elpais.com\/extras\/pymes\/2025-10-21\/marta-blazquez-cepyme-si-las-pymes-tuvieran-el-tamano-europeo-se-generaria-un-millon-de-empleos-mas.html\">Marta Bl\u00e1zquez (Cepyme): \u201cSi las pymes tuvieran el tama\u00f1o europeo, se generar\u00eda un mill\u00f3n de empleos m\u00e1s\u201d<\/a> @cincodias<\/li>\n<li><a href=\"https:\/\/www.msn.com\/es-es\/noticias\/otras\/las-mujeres-ocupan-el-43-de-los-puestos-directivos-en-la-banca-seg%C3%BAn-women-in-banking\/ar-AA1P2Ir8?ocid=BingNewsVerp\">Las mujeres ocupan el 43% de los puestos directivos en la banca, seg\u00fan Women in Banking<\/a> @europapress<\/li>\n<li><a href=\"https:\/\/cincodias.elpais.com\/legal\/2025-10-23\/hacia-una-implementacion-integral-de-la-igualdad-de-genero-de-la-obligacion-legal-a-la-estrategia-empresarial.html\">Hacia una implementaci\u00f3n integral de la igualdad de g\u00e9nero: de la obligaci\u00f3n legal a la estrategia empresarial <\/a> @cincodias<\/li>\n<li><a href=\"https:\/\/www.elperiodico.com\/es\/economia\/20251024\/construccion-busca-talento-femenino-paliar-122941487\">La construcci\u00f3n busca talento femenino para paliar la falta de mano de obra cualificada<\/a> @elperiodico<\/li>\n<li><a href=\"https:\/\/cincodias.elpais.com\/legal\/2025-10-23\/hacia-una-implementacion-integral-de-la-igualdad-de-genero-de-la-obligacion-legal-a-la-estrategia-empresarial.html\">Hacia una implementaci\u00f3n integral de la igualdad de g\u00e9nero: de la obligaci\u00f3n legal a la estrategia empresarial<\/a>@cincodias<\/li>\n<li><a href=\"https:\/\/www.msn.com\/es-es\/dinero\/economia\/m%C3%A1s-de-13-millones-de-mujeres-extranjeras-trabajan-en-espa%C3%B1a-la-mitad-en-4-provincias\/ar-AA1OKFFQ?ocid=BingNewsVerp\">M\u00e1s de 1,3 millones de mujeres extranjeras trabajan en Espa\u00f1a, la mitad en 4 provincias<\/a> @eleconomista<\/li>\n<\/ul>\n<\/div>\n<\/div>\n<\/div><div class=\"fusion-title title fusion-title-15 fusion-sep-none fusion-title-text fusion-title-size-two fusion-animated\" style=\"--awb-text-color:var(--awb-color7);--awb-margin-top-small:10px;--awb-margin-right-small:0px;--awb-margin-bottom-small:10px;--awb-margin-left-small:0px;--awb-sep-color:var(--awb-custom_color_1);--awb-font-size:24px;\" data-animationType=\"fadeIn\" data-animationDuration=\"0.3\" data-animationOffset=\"top-into-view\" id=\"e_actualidad\"><h2 class=\"fusion-title-heading title-heading-left fusion-responsive-typography-calculated\" style=\"margin:0;font-size:1em;--fontSize:24;line-height:var(--awb-typography1-line-height);\"><mark class=\"fusion-highlight light highlight1 awb-highlight-background rounded\" style=\"--awb-color:#d1d1d1;\"><strong>Actualidad<\/strong><\/mark><\/h2><\/div><div class=\"fusion-text fusion-text-12\" style=\"--awb-line-height:1.5em;\"><div class=\"source biglogo set_top\">\n<div class=\"lSfe4c r5bEn aI5QMe\">\n<div class=\"SoAPf\">\n<ul>\n<li><a href=\"https:\/\/www.elconfidencial.com\/espana\/2025-10-16\/carlota-bustelo-feminismo-igualdad-mujer-1tps_4229411\/\">Muere a los 85 a\u00f1os Carlota Bustelo, diputada constituyente e impulsora del Instituto de la Mujer<\/a> @elconfidencial<\/li>\n<li><a href=\"https:\/\/www.elsaltodiario.com\/feminismos\/red-estatal-mujeres-gitanas-lenkalis\">Asociaciones y mujeres gitanas crean una red estatal para construir un relato feminista propio<\/a> @elsalto<\/li>\n<li><a href=\"https:\/\/www.lamoncloa.gob.es\/serviciosdeprensa\/notasprensa\/igualdad\/paginas\/2025\/161025-redondo-interrupcion-embarazo-ue.aspx\">Espa\u00f1a defiende abrir el debate sobre blindar la interrupci\u00f3n voluntaria del embarazo a nivel europeo <\/a>@lamoncloa<\/li>\n<li><a href=\"https:\/\/elpais.com\/expres\/2025-10-19\/a-la-carrera-por-el-voto-femenino-que-estrategias-usan-los-principales-partidos-para-acapararlo-y-por-que-es-tan-valioso.html\">A la carrera por el voto femenino: \u00bfqu\u00e9 estrategias usan los principales partidos para acapararlo (y por qu\u00e9 es tan valioso)? <\/a> @elpais<\/li>\n<li><a href=\"https:\/\/www.marca.com\/bienestar\/salud\/2025\/10\/23\/doctora-antonia-sambola-ayala-reivindica-salud-cardiovascular-femenina-enfermedad-cardiovascular-primera-causa-muerte-mujeres-espana.html\">La doctora Antonia Sambola Ayala reivindica la salud cardiovascular femenina: \u00abLa enfermedad cardiovascular es la primera causa de muerte en mujeres en Espa\u00f1a\u00bb<\/a> @marca<\/li>\n<li><a href=\"https:\/\/www.mundodeportivo.com\/pulso\/20251022\/1002555208\/cuatro-mil-pasos-dia-mejoran-salud-reducen-riesgo-muerte-mujeres-mayores-dct.html\">Este es el m\u00ednimo de pasos al d\u00eda para mejorar la salud y reducir el riesgo de muerte en mujeres mayores<\/a> @europapress<\/li>\n<li><a href=\"https:\/\/www.diariodesevilla.es\/sociedad\/investigadores-alertan-presencia-aditivos-plasticos_0_2005069205.html\">Investigadores alertan de la presencia de aditivos pl\u00e1sticos en las compresas<\/a> @diariodesevilla<\/li>\n<li><a href=\"https:\/\/www.infolibre.es\/igualdad\/nativel-preciado-rosa-leon-galardonadas-premios-club-25-lucha-igualdad_1_2082270.html\">Nativel Preciado y Rosa Le\u00f3n, entre las premiadas por el &#8216;Club de las 25&#8217; por su compromiso por la igualdad<\/a> @infolibre<\/li>\n<\/ul>\n<div role=\"heading\" aria-level=\"3\"><\/div>\n<\/div>\n<\/div>\n<\/div>\n<\/div><div class=\"fusion-title title fusion-title-16 fusion-sep-none fusion-title-text fusion-title-size-two fusion-animated\" style=\"--awb-text-color:var(--awb-color7);--awb-margin-top-small:10px;--awb-margin-right-small:0px;--awb-margin-bottom-small:10px;--awb-margin-left-small:0px;--awb-sep-color:var(--awb-custom_color_1);--awb-font-size:24px;\" data-animationType=\"fadeIn\" data-animationDuration=\"0.3\" data-animationOffset=\"top-into-view\" id=\"e_violencias\"><h2 class=\"fusion-title-heading title-heading-left fusion-responsive-typography-calculated\" style=\"margin:0;font-size:1em;--fontSize:24;line-height:var(--awb-typography1-line-height);\"><mark class=\"fusion-highlight light highlight1 awb-highlight-background rounded\" style=\"--awb-color:#d1d1d1;\"><strong>Violencias<\/strong><\/mark><\/h2><\/div><div class=\"fusion-text fusion-text-13\" style=\"--awb-line-height:1.5em;\"><div class=\"SoAPf\">\n<div role=\"heading\" aria-level=\"3\">\n<div class=\"lSfe4c r5bEn aI5QMe\">\n<div class=\"SoAPf\">\n<ul>\n<li><a href=\"https:\/\/www.elconfidencialdigital.com\/judicial\/articulo\/pleitos\/denuncias-violencia-genero-aumentan\/20251023050000018768.html\">Aumentan las denuncias por violencia de g\u00e9nero: m\u00e1s v\u00edctimas, m\u00e1s \u00f3rdenes de protecci\u00f3n y m\u00e1s dispensas<\/a> @elconfidencial<\/li>\n<li><a href=\"https:\/\/www.msn.com\/es-es\/seguridad-p%C3%BAblica-y-emergencias\/general\/lanzan-una-gu%C3%ADa-para-facilitar-el-acceso-a-la-justicia-a-mujeres-con-discapacidad-que-sufren-violencia-de-g%C3%A9nero\/ar-AA1P629D?ocid=BingNewsVerp\">Lanzan una gu\u00eda para facilitar el acceso a la justicia a mujeres con discapacidad que sufren violencia de g\u00e9nero<\/a> @20mintuos<\/li>\n<\/ul>\n<\/div>\n<\/div>\n<\/div>\n<div role=\"heading\" aria-level=\"3\"><\/div>\n<\/div>\n<\/div><div class=\"fusion-title title fusion-title-17 fusion-sep-none fusion-title-text fusion-title-size-two fusion-animated\" style=\"--awb-text-color:var(--awb-color7);--awb-margin-top-small:10px;--awb-margin-right-small:0px;--awb-margin-bottom-small:10px;--awb-margin-left-small:0px;--awb-sep-color:var(--awb-custom_color_1);--awb-font-size:24px;\" data-animationType=\"fadeIn\" data-animationDuration=\"0.3\" data-animationOffset=\"top-into-view\" id=\"e_violencias\"><h2 class=\"fusion-title-heading title-heading-left fusion-responsive-typography-calculated\" style=\"margin:0;font-size:1em;--fontSize:24;line-height:var(--awb-typography1-line-height);\"><mark class=\"fusion-highlight light highlight1 awb-highlight-background rounded\" style=\"--awb-color:#d1d1d1;\"><strong> Ciencia y Cultura<\/strong> <\/mark><\/h2><\/div><div class=\"fusion-text fusion-text-14\" style=\"--awb-line-height:1.5em;\"><div class=\"SoAPf\">\n<ul>\n<li role=\"heading\" aria-level=\"3\"><a href=\"https:\/\/www.europapress.es\/cultura\/exposiciones-00131\/noticia-espana-mexico-colaboran-exposicion-madrid-mujer-cultura-indigena-mexicana-435-piezas-20251020125407.html\">Espa\u00f1a y M\u00e9xico colaboran en una exposici\u00f3n en Madrid sobre la mujer y cultura ind\u00edgena mexicana con 435 piezas<\/a> @europapress<\/li>\n<li role=\"heading\" aria-level=\"3\"><a href=\"https:\/\/www.msn.com\/es-es\/noticias\/otras\/instituto-de-las-mujeres-homenajea-a-la-bilba%C3%ADna-carmen-castellote-%C3%BAltima-poeta-viva-del-exilio-republicano\/ar-AA1OSv5v?ocid=BingNewsVerp\">Instituto de las Mujeres homenajea a la bilba\u00edna Carmen Castellote, \u00faltima poeta viva del exilio republicano<\/a>@europapress<\/li>\n<li role=\"heading\" aria-level=\"3\"><a href=\"https:\/\/www.europapress.es\/cultura\/exposiciones-00131\/noticia-museo-arqueologico-nacional-revela-conexiones-culturas-prehistoricas-gracias-ajuar-mujer-san-anton-20251020141337.html\">El Museo Arqueol\u00f3gico Nacional revela conexiones entre culturas prehist\u00f3ricas gracias al ajuar de la mujer de San Ant\u00f3n<\/a> @europapress<\/li>\n<li role=\"heading\" aria-level=\"3\"><a href=\"https:\/\/www.lasexta.com\/noticias\/cultura\/aitana-machismo-musica-billboard-miami_2025102268f8a1f15ddd5447a1beca3b.html\">Aitana se une a Silvana Estrada, Ela Taubert, Yail\u00edn y Yami para denunciar el machismo en la m\u00fasica<\/a> @Lasexta<\/li>\n<\/ul>\n<\/div>\n<\/div><div class=\"fusion-title title fusion-title-18 fusion-sep-none fusion-title-text fusion-title-size-two fusion-animated\" style=\"--awb-text-color:var(--awb-color7);--awb-margin-top-small:10px;--awb-margin-right-small:0px;--awb-margin-bottom-small:10px;--awb-margin-left-small:0px;--awb-sep-color:var(--awb-custom_color_1);--awb-font-size:24px;\" data-animationType=\"fadeIn\" data-animationDuration=\"0.3\" data-animationOffset=\"top-into-view\" id=\"e_deporte\"><h2 class=\"fusion-title-heading title-heading-left fusion-responsive-typography-calculated\" style=\"margin:0;font-size:1em;--fontSize:24;line-height:var(--awb-typography1-line-height);\"><mark class=\"fusion-highlight light highlight1 awb-highlight-background rounded\" style=\"--awb-color:#d1d1d1;\"><strong> Deporte<\/strong> <\/mark><\/h2><\/div><div class=\"fusion-text fusion-text-15\" style=\"--awb-line-height:1.5em;\"><div class=\"lSfe4c r5bEn aI5QMe\">\n<div class=\"SoAPf\">\n<ul>\n<li><a href=\"https:\/\/www.rtve.es\/noticias\/20251023\/serena-premio-princesa-asturias-deportes-definde-igualdad-salarial-merecemos-mismo\/16783616.shtml\">Serena Willians, premio Princesa de Asturias de los Deportes, defiende la igualdad salarial: \u00abMerecemos lo mismo\u00bb<\/a>@rtve<\/li>\n<li><a href=\"https:\/\/www.eldiario.es\/spin\/deportes\/espana-suecia-horario-ver-partido-semifinales-nations-league-seleccion-femenina-futbol-pm_1_12707299.html\">Nations League: Espa\u00f1a &#8211; Suecia: horario y d\u00f3nde ver el partido de semifinales de la Nations League de la selecci\u00f3n femenina de f\u00fatbol<\/a> @eldiario<\/li>\n<li><a href=\"https:\/\/www.mundodeportivo.com\/otros-deportes\/20251023\/1002555976\/listo-primer-congreso-nacional-promueve-liderazgo-femenino-deporte-espanol.html\">Todo listo para el primer congreso nacional que promueve el liderazgo femenino en el Deporte Espa\u00f1ol<\/a> @mundodeportivo<\/li>\n<li><a href=\"https:\/\/www.gasteizhoy.com\/boxeo-femenino-vitoria-mendizorrotza\/\">El mejor boxeo femenino aterriza este s\u00e1bado en Mendizorrotza<\/a> @elcorreo<\/li>\n<li><a href=\"https:\/\/as.com\/motor\/motociclismo\/maria-herrera-me-han-cerrado-puertas-por-ser-mujer-f202510-n\/\">Mar\u00eda Herrera: \u201cMe han cerrado puertas por ser mujer\u201d &#8211;<\/a> @as<\/li>\n<\/ul>\n<\/div>\n<\/div>\n<\/div><\/div><\/div><\/div><\/div><div class=\"fusion-fullwidth fullwidth-box fusion-builder-row-6 fusion-flex-container has-pattern-background has-mask-background hundred-percent-fullwidth non-hundred-percent-height-scrolling\" style=\"--awb-border-radius-top-left:0px;--awb-border-radius-top-right:0px;--awb-border-radius-bottom-right:0px;--awb-border-radius-bottom-left:0px;--awb-padding-right-small:2%;--awb-padding-left-small:2%;--awb-flex-wrap:wrap;\" ><div class=\"fusion-builder-row fusion-row fusion-flex-align-items-flex-start fusion-flex-content-wrap\" style=\"width:104% !important;max-width:104% !important;margin-left: calc(-4% \/ 2 );margin-right: calc(-4% \/ 2 );\"><div class=\"fusion-layout-column fusion_builder_column fusion-builder-column-5 fusion_builder_column_1_1 1_1 fusion-flex-column\" style=\"--awb-padding-right:20px;--awb-padding-left:20px;--awb-padding-right-small:15px;--awb-padding-left-small:15px;--awb-overflow:hidden;--awb-bg-color:var(--awb-color1);--awb-bg-color-hover:var(--awb-color1);--awb-bg-size:cover;--awb-border-color:var(--awb-color3);--awb-border-top:2px;--awb-border-right:2px;--awb-border-bottom:2px;--awb-border-left:2px;--awb-border-style:solid;--awb-border-radius:15px 15px 15px 15px;--awb-width-large:100%;--awb-margin-top-large:0px;--awb-spacing-right-large:1.92%;--awb-margin-bottom-large:20px;--awb-spacing-left-large:1.92%;--awb-width-medium:100%;--awb-order-medium:0;--awb-spacing-right-medium:1.92%;--awb-spacing-left-medium:1.92%;--awb-width-small:100%;--awb-order-small:0;--awb-spacing-right-small:0px;--awb-spacing-left-small:0px;\" id=\"c_internacional\" data-scroll-devices=\"small-visibility,medium-visibility,large-visibility\"><div class=\"fusion-column-wrapper fusion-column-has-shadow fusion-flex-justify-content-flex-start fusion-content-layout-column\"><div class=\"fusion-title title fusion-title-19 fusion-sep-none fusion-title-text fusion-title-size-one\" style=\"--awb-margin-top:20px;--awb-margin-top-small:10px;--awb-margin-right-small:0px;--awb-margin-bottom-small:10px;--awb-margin-left-small:0px;--awb-sep-color:var(--awb-custom_color_1);\" id=\"internacional\"><h1 class=\"fusion-title-heading title-heading-left fusion-responsive-typography-calculated\" style=\"font-family:&quot;Raleway&quot;;font-style:normal;font-weight:400;margin:0;--fontSize:40;line-height:var(--awb-typography1-line-height);\"><mark class=\"fusion-highlight custom-textcolor highlight1 awb-highlight-background rounded\" style=\"--awb-color:#0098d9;--awb-text-color:#ffffff;\"><strong>UE &amp; Internacional<\/strong><\/mark><\/h1><\/div><div class=\"fusion-text fusion-text-16\" style=\"--awb-line-height:1.5em;\"><div class=\"lSfe4c r5bEn aI5QMe\">\n<div class=\"SoAPf\">\n<ul>\n<li role=\"heading\" aria-level=\"3\"><a href=\"https:\/\/www.msn.com\/es-cl\/noticias\/otras\/una-mujer-llega-al-poder-por-primera-vez-en-jap%C3%B3n-las-claves-del-ascenso-de-sanae-takaichi\/ar-AA1OSGRd?ocid=BingNewsVerp\">Una mujer llega al poder por primera vez en Jap\u00f3n: las claves del ascenso de Sanae Takaichi<\/a> @latercera<\/li>\n<li role=\"heading\" aria-level=\"3\"><a href=\"https:\/\/www.msn.com\/es-mx\/noticias\/otras\/es-oficial-claudia-sheinbaum-confirm%C3%B3-aumento-del-100-para-la-pensi%C3%B3n-mujeres-bienestar-y-este-ser%C3%A1-el-monto-a-partir-de-2026\/ar-AA1OYR23?ocid=BingNewsVerp\">Es oficial | Claudia Sheinbaum confirm\u00f3 aumento del 100% para la Pensi\u00f3n Mujeres Bienestar y este ser\u00e1 el monto a partir de 2026<\/a> @elcronista<\/li>\n<li role=\"heading\" aria-level=\"3\"><a href=\"https:\/\/www.msn.com\/es-co\/noticias\/other\/el-primer-y-%C3%BAnico-pa%C3%ADs-en-el-mundo-en-el-que-tres-mujeres-ocupan-los-tres-cargos-gubernamentales-m%C3%A1s-altos\/ar-AA1OHk3M?ocid=BingNewsVerp\">El primer y \u00fanico pa\u00eds en el mundo en el que tres mujeres ocupan los tres cargos gubernamentales m\u00e1s altos<\/a> @bbcnews<\/li>\n<li role=\"heading\" aria-level=\"3\"><a href=\"https:\/\/colombia.unwomen.org\/es\/stories\/noticia\/2025\/10\/mujeres-trascendentes-y-resilientes-tejiendo-paz-e-igualdad-de-genero-desde-los-territorios-rurales\">Mujeres trascendentes y resilientes: tejiendo paz e igualdad de g\u00e9nero desde los territorios rurales | UN Women \u2013 Colombia<\/a> @ONUMujeres<\/li>\n<li role=\"heading\" aria-level=\"3\"><a href=\"https:\/\/eldesconcierto.cl\/2025\/10\/23\/primera-version-de-conectando-mujeres-valiosa-plataforma-para-potenciar-redes-y-liderazgo-femenino\">Primera versi\u00f3n de Conectando Mujeres: Valiosa plataforma para potenciar redes y liderazgo femenino<\/a> @eldesconcierto<\/li>\n<li role=\"heading\" aria-level=\"3\"><a href=\"https:\/\/www.msn.com\/es-mx\/noticias\/ciencia\/es-m%C3%A1s-dif%C3%ADcil-ser-madre-que-pilotar-un-transbordador-espacial-eileen-collins-la-primera-mujer-comandante-espacial-de-la-nasa\/ar-AA1OXTpn?ocid=BingNewsVerp\">\u00abEs m\u00e1s dif\u00edcil ser madre que pilotar un transbordador espacial\u00bb: Eileen Collins, la primera mujer comandante espacial de la NASA<\/a>\u00a0@bbc<\/li>\n<li role=\"heading\" aria-level=\"3\"><a href=\"https:\/\/www.eldiario.es\/tecnologia\/biologa-pilar-moreno-gana-uruguay-premio-ada-byron-mujer-tecnologa_1_12703652.html\">La bi\u00f3loga Pilar Moreno gana en Uruguay el premio Ada Byron a la mujer tecn\u00f3loga<\/a> @eldiario<\/li>\n<li role=\"heading\" aria-level=\"3\"><\/li>\n<li role=\"heading\" aria-level=\"3\"><a href=\"https:\/\/www.lne.es\/internacional\/2025\/10\/22\/laurence-des-cars-mujer-mando-louvre-diana-criticas-robo-siglo-122897980.html\">Laurence des Cars, la mujer al mando del Louvre diana de todas las cr\u00edticas por el &#8216;robo del siglo&#8217;<\/a> @lanuevaespa\u00f1a<\/li>\n<\/ul>\n<\/div>\n<\/div>\n<\/div><\/div><\/div><\/div><\/div><\/p>\n","protected":false},"excerpt":{"rendered":"<p>Espa\u00f1a organizar\u00e1 en 2026 la pr\u00f3xima Conferencia de Pol\u00edtica Exterior Feminista * M\u00e1s de 1,3 mil de mujeres extranjeras trabajan en Espa\u00f1a * Aumentan un 2,69% las denuncias por violencia de g\u00e9nero con respecto a 2024 * Mabel Mata y Nieves Fern\u00e1ndez Premio Internacional de Periodismo Colombine * Serena Willians, premio Princesa de Asturias de los Deportes, defiende la igualdad salarial: \u00abMerecemos lo mismo\u00bb <\/p>\n","protected":false},"author":3,"featured_media":23882,"comment_status":"closed","ping_status":"closed","sticky":false,"template":"","format":"standard","meta":{"footnotes":""},"categories":[298,654],"tags":[232,725,723,109],"class_list":["post-24687","post","type-post","status-publish","format-standard","has-post-thumbnail","hentry","category-newsletter","category-nwl-v-4-0","tag-deporte-femenino","tag-mujeres-y-discapacidad","tag-politicas-de-igualdad","tag-violencia-de-genero"],"yoast_head":"<!-- This site is optimized with the Yoast SEO plugin v27.4 - https:\/\/yoast.com\/product\/yoast-seo-wordpress\/ -->\n<title>Noticias Info CKL #2941-24-10-2025<\/title>\n<meta name=\"description\" content=\"Noticias Info CKL #2941-24-10-2025\" \/>\n<meta name=\"robots\" content=\"index, follow, max-snippet:-1, max-image-preview:large, max-video-preview:-1\" \/>\n<link rel=\"canonical\" href=\"https:\/\/cklcomunicaciones.es\/coop\/noticias-info-ckl-2941-24-10-2025\/\" \/>\n<meta property=\"og:locale\" content=\"es_ES\" \/>\n<meta property=\"og:type\" content=\"article\" \/>\n<meta property=\"og:title\" content=\"Noticias Info CKL #2941-24-10-2025\" \/>\n<meta property=\"og:description\" content=\"Noticias Info CKL #2941-24-10-2025\" \/>\n<meta property=\"og:url\" content=\"https:\/\/cklcomunicaciones.es\/coop\/noticias-info-ckl-2941-24-10-2025\/\" \/>\n<meta property=\"og:site_name\" content=\"CKL Comunicaciones\" \/>\n<meta property=\"article:published_time\" content=\"2025-10-24T13:28:05+00:00\" \/>\n<meta property=\"og:image\" content=\"https:\/\/cklcomunicaciones.es\/coop\/wp-content\/uploads\/CKL-una-mirada-distinta-de-la-comunicacion.webp\" \/>\n\t<meta property=\"og:image:width\" content=\"1482\" \/>\n\t<meta property=\"og:image:height\" content=\"775\" \/>\n\t<meta property=\"og:image:type\" content=\"image\/webp\" \/>\n<meta name=\"author\" content=\"ckl\" \/>\n<meta name=\"twitter:card\" content=\"summary_large_image\" \/>\n<meta name=\"twitter:label1\" content=\"Escrito por\" \/>\n\t<meta name=\"twitter:data1\" content=\"ckl\" \/>\n\t<meta name=\"twitter:label2\" content=\"Tiempo de lectura\" \/>\n\t<meta name=\"twitter:data2\" content=\"8 minutos\" \/>\n<script type=\"application\/ld+json\" class=\"yoast-schema-graph\">{\"@context\":\"https:\\\/\\\/schema.org\",\"@graph\":[{\"@type\":\"Article\",\"@id\":\"https:\\\/\\\/cklcomunicaciones.es\\\/coop\\\/noticias-info-ckl-2941-24-10-2025\\\/#article\",\"isPartOf\":{\"@id\":\"https:\\\/\\\/cklcomunicaciones.es\\\/coop\\\/noticias-info-ckl-2941-24-10-2025\\\/\"},\"author\":{\"name\":\"ckl\",\"@id\":\"https:\\\/\\\/cklcomunicaciones.es\\\/coop\\\/#\\\/schema\\\/person\\\/929a6837f7626450bbb50cee1aef266e\"},\"headline\":\"Noticias Info CKL #2941-24-10-2025\",\"datePublished\":\"2025-10-24T13:28:05+00:00\",\"mainEntityOfPage\":{\"@id\":\"https:\\\/\\\/cklcomunicaciones.es\\\/coop\\\/noticias-info-ckl-2941-24-10-2025\\\/\"},\"wordCount\":8841,\"image\":{\"@id\":\"https:\\\/\\\/cklcomunicaciones.es\\\/coop\\\/noticias-info-ckl-2941-24-10-2025\\\/#primaryimage\"},\"thumbnailUrl\":\"https:\\\/\\\/cklcomunicaciones.es\\\/coop\\\/wp-content\\\/uploads\\\/CKL-una-mirada-distinta-de-la-comunicacion.webp\",\"keywords\":[\"deporte femenino\",\"mujeres y discapacidad\",\"pol\u00edticas de igualdad\",\"violencia de g\u00e9nero\"],\"articleSection\":[\"Newsletter\",\"Nwl v.4.0\"],\"inLanguage\":\"es\"},{\"@type\":\"WebPage\",\"@id\":\"https:\\\/\\\/cklcomunicaciones.es\\\/coop\\\/noticias-info-ckl-2941-24-10-2025\\\/\",\"url\":\"https:\\\/\\\/cklcomunicaciones.es\\\/coop\\\/noticias-info-ckl-2941-24-10-2025\\\/\",\"name\":\"Noticias Info CKL #2941-24-10-2025\",\"isPartOf\":{\"@id\":\"https:\\\/\\\/cklcomunicaciones.es\\\/coop\\\/#website\"},\"primaryImageOfPage\":{\"@id\":\"https:\\\/\\\/cklcomunicaciones.es\\\/coop\\\/noticias-info-ckl-2941-24-10-2025\\\/#primaryimage\"},\"image\":{\"@id\":\"https:\\\/\\\/cklcomunicaciones.es\\\/coop\\\/noticias-info-ckl-2941-24-10-2025\\\/#primaryimage\"},\"thumbnailUrl\":\"https:\\\/\\\/cklcomunicaciones.es\\\/coop\\\/wp-content\\\/uploads\\\/CKL-una-mirada-distinta-de-la-comunicacion.webp\",\"datePublished\":\"2025-10-24T13:28:05+00:00\",\"author\":{\"@id\":\"https:\\\/\\\/cklcomunicaciones.es\\\/coop\\\/#\\\/schema\\\/person\\\/929a6837f7626450bbb50cee1aef266e\"},\"description\":\"Noticias Info CKL #2941-24-10-2025\",\"breadcrumb\":{\"@id\":\"https:\\\/\\\/cklcomunicaciones.es\\\/coop\\\/noticias-info-ckl-2941-24-10-2025\\\/#breadcrumb\"},\"inLanguage\":\"es\",\"potentialAction\":[{\"@type\":\"ReadAction\",\"target\":[\"https:\\\/\\\/cklcomunicaciones.es\\\/coop\\\/noticias-info-ckl-2941-24-10-2025\\\/\"]}]},{\"@type\":\"ImageObject\",\"inLanguage\":\"es\",\"@id\":\"https:\\\/\\\/cklcomunicaciones.es\\\/coop\\\/noticias-info-ckl-2941-24-10-2025\\\/#primaryimage\",\"url\":\"https:\\\/\\\/cklcomunicaciones.es\\\/coop\\\/wp-content\\\/uploads\\\/CKL-una-mirada-distinta-de-la-comunicacion.webp\",\"contentUrl\":\"https:\\\/\\\/cklcomunicaciones.es\\\/coop\\\/wp-content\\\/uploads\\\/CKL-una-mirada-distinta-de-la-comunicacion.webp\",\"width\":1482,\"height\":775,\"caption\":\"CKL - una mirada distinta de la comunicaci\u00f3n\"},{\"@type\":\"BreadcrumbList\",\"@id\":\"https:\\\/\\\/cklcomunicaciones.es\\\/coop\\\/noticias-info-ckl-2941-24-10-2025\\\/#breadcrumb\",\"itemListElement\":[{\"@type\":\"ListItem\",\"position\":1,\"name\":\"Portada\",\"item\":\"https:\\\/\\\/cklcomunicaciones.es\\\/coop\\\/\"},{\"@type\":\"ListItem\",\"position\":2,\"name\":\"Noticias Info CKL #2941-24-10-2025\"}]},{\"@type\":\"WebSite\",\"@id\":\"https:\\\/\\\/cklcomunicaciones.es\\\/coop\\\/#website\",\"url\":\"https:\\\/\\\/cklcomunicaciones.es\\\/coop\\\/\",\"name\":\"CKL Comunicaciones\",\"description\":\"Sitio web de CKL Comunicaciones coop , la consultora de comunicaci\u00f3n y estrategia\",\"potentialAction\":[{\"@type\":\"SearchAction\",\"target\":{\"@type\":\"EntryPoint\",\"urlTemplate\":\"https:\\\/\\\/cklcomunicaciones.es\\\/coop\\\/?s={search_term_string}\"},\"query-input\":{\"@type\":\"PropertyValueSpecification\",\"valueRequired\":true,\"valueName\":\"search_term_string\"}}],\"inLanguage\":\"es\"},{\"@type\":\"Person\",\"@id\":\"https:\\\/\\\/cklcomunicaciones.es\\\/coop\\\/#\\\/schema\\\/person\\\/929a6837f7626450bbb50cee1aef266e\",\"name\":\"ckl\",\"image\":{\"@type\":\"ImageObject\",\"inLanguage\":\"es\",\"@id\":\"https:\\\/\\\/secure.gravatar.com\\\/avatar\\\/c82db564e8a669bf6023357a157b9dc4780f4d4c618f2ad1d71a6a5dede45057?s=96&d=mm&r=g\",\"url\":\"https:\\\/\\\/secure.gravatar.com\\\/avatar\\\/c82db564e8a669bf6023357a157b9dc4780f4d4c618f2ad1d71a6a5dede45057?s=96&d=mm&r=g\",\"contentUrl\":\"https:\\\/\\\/secure.gravatar.com\\\/avatar\\\/c82db564e8a669bf6023357a157b9dc4780f4d4c618f2ad1d71a6a5dede45057?s=96&d=mm&r=g\",\"caption\":\"ckl\"},\"url\":\"https:\\\/\\\/cklcomunicaciones.es\\\/coop\\\/author\\\/cklcomunicaciones\\\/\"}]}<\/script>\n<!-- \/ Yoast SEO plugin. -->","yoast_head_json":{"title":"Noticias Info CKL #2941-24-10-2025","description":"Noticias Info CKL #2941-24-10-2025","robots":{"index":"index","follow":"follow","max-snippet":"max-snippet:-1","max-image-preview":"max-image-preview:large","max-video-preview":"max-video-preview:-1"},"canonical":"https:\/\/cklcomunicaciones.es\/coop\/noticias-info-ckl-2941-24-10-2025\/","og_locale":"es_ES","og_type":"article","og_title":"Noticias Info CKL #2941-24-10-2025","og_description":"Noticias Info CKL #2941-24-10-2025","og_url":"https:\/\/cklcomunicaciones.es\/coop\/noticias-info-ckl-2941-24-10-2025\/","og_site_name":"CKL Comunicaciones","article_published_time":"2025-10-24T13:28:05+00:00","og_image":[{"width":1482,"height":775,"url":"https:\/\/cklcomunicaciones.es\/coop\/wp-content\/uploads\/CKL-una-mirada-distinta-de-la-comunicacion.webp","type":"image\/webp"}],"author":"ckl","twitter_card":"summary_large_image","twitter_misc":{"Escrito por":"ckl","Tiempo de lectura":"8 minutos"},"schema":{"@context":"https:\/\/schema.org","@graph":[{"@type":"Article","@id":"https:\/\/cklcomunicaciones.es\/coop\/noticias-info-ckl-2941-24-10-2025\/#article","isPartOf":{"@id":"https:\/\/cklcomunicaciones.es\/coop\/noticias-info-ckl-2941-24-10-2025\/"},"author":{"name":"ckl","@id":"https:\/\/cklcomunicaciones.es\/coop\/#\/schema\/person\/929a6837f7626450bbb50cee1aef266e"},"headline":"Noticias Info CKL #2941-24-10-2025","datePublished":"2025-10-24T13:28:05+00:00","mainEntityOfPage":{"@id":"https:\/\/cklcomunicaciones.es\/coop\/noticias-info-ckl-2941-24-10-2025\/"},"wordCount":8841,"image":{"@id":"https:\/\/cklcomunicaciones.es\/coop\/noticias-info-ckl-2941-24-10-2025\/#primaryimage"},"thumbnailUrl":"https:\/\/cklcomunicaciones.es\/coop\/wp-content\/uploads\/CKL-una-mirada-distinta-de-la-comunicacion.webp","keywords":["deporte femenino","mujeres y discapacidad","pol\u00edticas de igualdad","violencia de g\u00e9nero"],"articleSection":["Newsletter","Nwl v.4.0"],"inLanguage":"es"},{"@type":"WebPage","@id":"https:\/\/cklcomunicaciones.es\/coop\/noticias-info-ckl-2941-24-10-2025\/","url":"https:\/\/cklcomunicaciones.es\/coop\/noticias-info-ckl-2941-24-10-2025\/","name":"Noticias Info CKL #2941-24-10-2025","isPartOf":{"@id":"https:\/\/cklcomunicaciones.es\/coop\/#website"},"primaryImageOfPage":{"@id":"https:\/\/cklcomunicaciones.es\/coop\/noticias-info-ckl-2941-24-10-2025\/#primaryimage"},"image":{"@id":"https:\/\/cklcomunicaciones.es\/coop\/noticias-info-ckl-2941-24-10-2025\/#primaryimage"},"thumbnailUrl":"https:\/\/cklcomunicaciones.es\/coop\/wp-content\/uploads\/CKL-una-mirada-distinta-de-la-comunicacion.webp","datePublished":"2025-10-24T13:28:05+00:00","author":{"@id":"https:\/\/cklcomunicaciones.es\/coop\/#\/schema\/person\/929a6837f7626450bbb50cee1aef266e"},"description":"Noticias Info CKL #2941-24-10-2025","breadcrumb":{"@id":"https:\/\/cklcomunicaciones.es\/coop\/noticias-info-ckl-2941-24-10-2025\/#breadcrumb"},"inLanguage":"es","potentialAction":[{"@type":"ReadAction","target":["https:\/\/cklcomunicaciones.es\/coop\/noticias-info-ckl-2941-24-10-2025\/"]}]},{"@type":"ImageObject","inLanguage":"es","@id":"https:\/\/cklcomunicaciones.es\/coop\/noticias-info-ckl-2941-24-10-2025\/#primaryimage","url":"https:\/\/cklcomunicaciones.es\/coop\/wp-content\/uploads\/CKL-una-mirada-distinta-de-la-comunicacion.webp","contentUrl":"https:\/\/cklcomunicaciones.es\/coop\/wp-content\/uploads\/CKL-una-mirada-distinta-de-la-comunicacion.webp","width":1482,"height":775,"caption":"CKL - una mirada distinta de la comunicaci\u00f3n"},{"@type":"BreadcrumbList","@id":"https:\/\/cklcomunicaciones.es\/coop\/noticias-info-ckl-2941-24-10-2025\/#breadcrumb","itemListElement":[{"@type":"ListItem","position":1,"name":"Portada","item":"https:\/\/cklcomunicaciones.es\/coop\/"},{"@type":"ListItem","position":2,"name":"Noticias Info CKL #2941-24-10-2025"}]},{"@type":"WebSite","@id":"https:\/\/cklcomunicaciones.es\/coop\/#website","url":"https:\/\/cklcomunicaciones.es\/coop\/","name":"CKL Comunicaciones","description":"Sitio web de CKL Comunicaciones coop , la consultora de comunicaci\u00f3n y estrategia","potentialAction":[{"@type":"SearchAction","target":{"@type":"EntryPoint","urlTemplate":"https:\/\/cklcomunicaciones.es\/coop\/?s={search_term_string}"},"query-input":{"@type":"PropertyValueSpecification","valueRequired":true,"valueName":"search_term_string"}}],"inLanguage":"es"},{"@type":"Person","@id":"https:\/\/cklcomunicaciones.es\/coop\/#\/schema\/person\/929a6837f7626450bbb50cee1aef266e","name":"ckl","image":{"@type":"ImageObject","inLanguage":"es","@id":"https:\/\/secure.gravatar.com\/avatar\/c82db564e8a669bf6023357a157b9dc4780f4d4c618f2ad1d71a6a5dede45057?s=96&d=mm&r=g","url":"https:\/\/secure.gravatar.com\/avatar\/c82db564e8a669bf6023357a157b9dc4780f4d4c618f2ad1d71a6a5dede45057?s=96&d=mm&r=g","contentUrl":"https:\/\/secure.gravatar.com\/avatar\/c82db564e8a669bf6023357a157b9dc4780f4d4c618f2ad1d71a6a5dede45057?s=96&d=mm&r=g","caption":"ckl"},"url":"https:\/\/cklcomunicaciones.es\/coop\/author\/cklcomunicaciones\/"}]}},"_links":{"self":[{"href":"https:\/\/cklcomunicaciones.es\/coop\/wp-json\/wp\/v2\/posts\/24687","targetHints":{"allow":["GET"]}}],"collection":[{"href":"https:\/\/cklcomunicaciones.es\/coop\/wp-json\/wp\/v2\/posts"}],"about":[{"href":"https:\/\/cklcomunicaciones.es\/coop\/wp-json\/wp\/v2\/types\/post"}],"author":[{"embeddable":true,"href":"https:\/\/cklcomunicaciones.es\/coop\/wp-json\/wp\/v2\/users\/3"}],"replies":[{"embeddable":true,"href":"https:\/\/cklcomunicaciones.es\/coop\/wp-json\/wp\/v2\/comments?post=24687"}],"version-history":[{"count":0,"href":"https:\/\/cklcomunicaciones.es\/coop\/wp-json\/wp\/v2\/posts\/24687\/revisions"}],"wp:featuredmedia":[{"embeddable":true,"href":"https:\/\/cklcomunicaciones.es\/coop\/wp-json\/wp\/v2\/media\/23882"}],"wp:attachment":[{"href":"https:\/\/cklcomunicaciones.es\/coop\/wp-json\/wp\/v2\/media?parent=24687"}],"wp:term":[{"taxonomy":"category","embeddable":true,"href":"https:\/\/cklcomunicaciones.es\/coop\/wp-json\/wp\/v2\/categories?post=24687"},{"taxonomy":"post_tag","embeddable":true,"href":"https:\/\/cklcomunicaciones.es\/coop\/wp-json\/wp\/v2\/tags?post=24687"}],"curies":[{"name":"wp","href":"https:\/\/api.w.org\/{rel}","templated":true}]}}