{"id":24614,"date":"2025-05-16T18:49:21","date_gmt":"2025-05-16T16:49:21","guid":{"rendered":"https:\/\/cklcomunicaciones.es\/coop\/?p=24614"},"modified":"2025-09-16T19:09:39","modified_gmt":"2025-09-16T17:09:39","slug":"proyecto-emprendimiento-autonomia-economia-mujer-andaluza-amecoop-andalucia","status":"publish","type":"post","link":"https:\/\/cklcomunicaciones.es\/coop\/proyecto-emprendimiento-autonomia-economia-mujer-andaluza-amecoop-andalucia\/","title":{"rendered":"Proyecto \u2018Emprendimiento y autonom\u00eda econ\u00f3mica de la mujer andaluza\u2019 de AMECOOP Andaluc\u00eda"},"content":{"rendered":"<div class=\"fusion-fullwidth fullwidth-box fusion-builder-row-1 fusion-flex-container nonhundred-percent-fullwidth non-hundred-percent-height-scrolling\" style=\"--awb-border-radius-top-left:0px;--awb-border-radius-top-right:0px;--awb-border-radius-bottom-right:0px;--awb-border-radius-bottom-left:0px;--awb-flex-wrap:wrap;\" ><div class=\"fusion-builder-row fusion-row fusion-flex-align-items-flex-start fusion-flex-content-wrap\" style=\"max-width:1248px;margin-left: calc(-4% \/ 2 );margin-right: calc(-4% \/ 2 );\"><div class=\"fusion-layout-column fusion_builder_column fusion-builder-column-0 fusion_builder_column_1_1 1_1 fusion-flex-column\" style=\"--awb-bg-blend:overlay;--awb-bg-size:cover;--awb-width-large:100%;--awb-margin-top-large:0px;--awb-spacing-right-large:1.92%;--awb-margin-bottom-large:0px;--awb-spacing-left-large:1.92%;--awb-width-medium:100%;--awb-spacing-right-medium:1.92%;--awb-spacing-left-medium:1.92%;--awb-width-small:100%;--awb-spacing-right-small:1.92%;--awb-spacing-left-small:1.92%;\"><div class=\"fusion-column-wrapper fusion-flex-justify-content-flex-start fusion-content-layout-column\"><div class=\"fusion-text fusion-text-1\"><p><strong>El emprendimiento colectivo bajo la f\u00f3rmula cooperativa, una buena opci\u00f3n para las mujeres que se inician en el autoempleo<\/strong>.<\/p>\n<p>El proyecto \u2018Emprendimiento y autonom\u00eda econ\u00f3mica de la mujer andaluza\u2019 es una iniciativa de la Asociaci\u00f3n de Mujeres Empresarias Cooperativistas de Andaluc\u00eda (AMECOOP Andaluc\u00eda) que cuenta con financiaci\u00f3n del Instituto Andaluz de la Mujer y se desarrolla en las provincias de C\u00e1diz, Sevilla y Almer\u00eda entre febrero y septiembre de este a\u00f1o.<\/p>\n<p>El acto de presentaci\u00f3n tendr\u00e1 lugar el d\u00eda 19 de mayo en la Delegaci\u00f3n de la Mujer del Ayuntamiento de San Fernando (C\u00e1diz), y est\u00e1 prevista la participaci\u00f3n de Mar\u00eda Blanca Merino, responsable en C\u00e1diz del Instituto Andaluz de la Mujer; Dolores Amaya Heredia, delegada de Asuntos Sociales, Igualdad e Inclusi\u00f3n Social, Diversidad y Familias del Ayuntamiento de San Fernando; y Elena Aznar Exp\u00f3sito, coordinadora en C\u00e1diz de AMECOOP Andaluc\u00eda.<\/p>\n<p>En cada una de las tres provincias andaluzas se llevar\u00e1n a cabo varias acciones formativas de iniciaci\u00f3n y acercamiento al emprendimiento bajo la f\u00f3rmula cooperativa, que servir\u00e1n para proporcionar los conocimientos b\u00e1sicos sobre este tipo de emprendimiento colectivo, su naturaleza, corpus filos\u00f3fico, pasos iniciales de creaci\u00f3n y principales ventajas. Actuar\u00e1n, as\u00ed, como punto de partida para el desarrollo de habilidades para el autoempleo bajo f\u00f3rmulas<br \/>\nempresariales basadas en la igualdad, la democracia y la equidad.<\/p>\n<p>Los m\u00f3dulos ser\u00e1n impartidos por empresarias cooperativistas. Intervendr\u00e1n mujeres andaluzas, socias de AMECOOP Andaluc\u00eda y fundadoras de empresas cooperativas, que transmitir\u00e1n a las asistentes su experiencia como emprendedoras, explicar\u00e1n los beneficios que les ha reportado dar el paso y tambi\u00e9n las barreras que han tenido que superar a nivel personal, social y empresarial para continuar con \u00e9xito sus proyectos empresariales en cooperativa.<\/p>\n<p>Las actividades constan de 16 horas de taller formativo presencial que ser\u00e1 realizado en horario que permita la conciliaci\u00f3n laboral y personal de las destinatarias. El primero se celebrar\u00e1 en San Fernando (C\u00e1diz) los d\u00edas 19 a 22 de mayo en la Delegaci\u00f3n de la Mujer. Est\u00e1n previstas dos ediciones m\u00e1s en 2025, una en Sevilla en el mes de junio y otra en Almer\u00eda en el mes de julio.<\/p>\n<p>Con el proyecto \u2018Emprendimiento y autonom\u00eda econ\u00f3mica de la mujer andaluza\u2019, AMECOOP Andaluc\u00eda da continuidad a su objetivo de apoyar a las mujeres andaluzas a tomar confianza en s\u00ed mismas y en sus trayectorias vitales, a ser due\u00f1as de su futuro. Y para ello les proporciona habilidades y herramientas desde el cooperativismo y la econom\u00eda social, para que puedan ser independientes econ\u00f3micamente y emprendan sus proyectos profesionales y personales con \u00e9xito.<\/p>\n<p>&#8212;&#8211;<br \/>\nM\u00e1s informaci\u00f3n: Sonia Lagoa \u2013 AMECOOP Andaluc\u00eda<br \/>\nTel: 954 902 966 (ext.3018) \/ 954 972 066<br \/>\nCorreo: informacion@amecoop-andalucia.org<\/p>\n<\/div><\/div><\/div><\/div><\/div>\n","protected":false},"excerpt":{"rendered":"","protected":false},"author":3,"featured_media":24615,"comment_status":"open","ping_status":"open","sticky":false,"template":"","format":"standard","meta":{"footnotes":""},"categories":[297],"tags":[77,705,707],"class_list":["post-24614","post","type-post","status-publish","format-standard","has-post-thumbnail","hentry","category-actualidad","tag-amecoop","tag-autonomia-economica","tag-emprendimiento"],"yoast_head":"<!-- This site is optimized with the Yoast SEO plugin v27.5 - https:\/\/yoast.com\/product\/yoast-seo-wordpress\/ -->\n<title>Proyecto \u2018Emprendimiento y autonom\u00eda econ\u00f3mica de la mujer andaluza\u2019 de AMECOOP Andaluc\u00eda<\/title>\n<meta name=\"description\" content=\"Proyecto \u2018Emprendimiento y autonom\u00eda econ\u00f3mica de la mujer andaluza\u2019 de AMECOOP Andaluc\u00eda El proyecto \u2018Emprendimiento y autonom\u00eda econ\u00f3mica de la mujer andaluza\u2019 es una iniciativa de la Asociaci\u00f3n de Mujeres Empresarias Cooperativistas de Andaluc\u00eda (AMECOOP Andaluc\u00eda) que cuenta con financiaci\u00f3n del Instituto Andaluz de la Mujer y se desarrolla en las provincias de C\u00e1diz, Sevilla y Almer\u00eda entre febrero y septiembre de este a\u00f1o.\" \/>\n<meta name=\"robots\" content=\"index, follow, max-snippet:-1, max-image-preview:large, max-video-preview:-1\" \/>\n<link rel=\"canonical\" href=\"https:\/\/cklcomunicaciones.es\/coop\/proyecto-emprendimiento-autonomia-economia-mujer-andaluza-amecoop-andalucia\/\" \/>\n<meta property=\"og:locale\" content=\"es_ES\" \/>\n<meta property=\"og:type\" content=\"article\" \/>\n<meta property=\"og:title\" content=\"Proyecto \u2018Emprendimiento y autonom\u00eda econ\u00f3mica de la mujer andaluza\u2019 de AMECOOP Andaluc\u00eda\" \/>\n<meta property=\"og:description\" content=\"Proyecto \u2018Emprendimiento y autonom\u00eda econ\u00f3mica de la mujer andaluza\u2019 de AMECOOP Andaluc\u00eda El proyecto \u2018Emprendimiento y autonom\u00eda econ\u00f3mica de la mujer andaluza\u2019 es una iniciativa de la Asociaci\u00f3n de Mujeres Empresarias Cooperativistas de Andaluc\u00eda (AMECOOP Andaluc\u00eda) que cuenta con financiaci\u00f3n del Instituto Andaluz de la Mujer y se desarrolla en las provincias de C\u00e1diz, Sevilla y Almer\u00eda entre febrero y septiembre de este a\u00f1o.\" \/>\n<meta property=\"og:url\" content=\"https:\/\/cklcomunicaciones.es\/coop\/proyecto-emprendimiento-autonomia-economia-mujer-andaluza-amecoop-andalucia\/\" \/>\n<meta property=\"og:site_name\" content=\"CKL Comunicaciones\" \/>\n<meta property=\"article:published_time\" content=\"2025-05-16T16:49:21+00:00\" \/>\n<meta property=\"article:modified_time\" content=\"2025-09-16T17:09:39+00:00\" \/>\n<meta property=\"og:image\" content=\"https:\/\/cklcomunicaciones.es\/coop\/wp-content\/uploads\/AMECOOP_proyecto-IAM-2025_OK.jpg\" \/>\n\t<meta property=\"og:image:width\" content=\"1280\" \/>\n\t<meta property=\"og:image:height\" content=\"720\" \/>\n\t<meta property=\"og:image:type\" content=\"image\/jpeg\" \/>\n<meta name=\"author\" content=\"ckl\" \/>\n<meta name=\"twitter:card\" content=\"summary_large_image\" \/>\n<meta name=\"twitter:label1\" content=\"Escrito por\" \/>\n\t<meta name=\"twitter:data1\" content=\"ckl\" \/>\n\t<meta name=\"twitter:label2\" content=\"Tiempo de lectura\" \/>\n\t<meta name=\"twitter:data2\" content=\"1 minuto\" \/>\n<script type=\"application\/ld+json\" class=\"yoast-schema-graph\">{\"@context\":\"https:\\\/\\\/schema.org\",\"@graph\":[{\"@type\":\"Article\",\"@id\":\"https:\\\/\\\/cklcomunicaciones.es\\\/coop\\\/proyecto-emprendimiento-autonomia-economia-mujer-andaluza-amecoop-andalucia\\\/#article\",\"isPartOf\":{\"@id\":\"https:\\\/\\\/cklcomunicaciones.es\\\/coop\\\/proyecto-emprendimiento-autonomia-economia-mujer-andaluza-amecoop-andalucia\\\/\"},\"author\":{\"name\":\"ckl\",\"@id\":\"https:\\\/\\\/cklcomunicaciones.es\\\/coop\\\/#\\\/schema\\\/person\\\/929a6837f7626450bbb50cee1aef266e\"},\"headline\":\"Proyecto \u2018Emprendimiento y autonom\u00eda econ\u00f3mica de la mujer andaluza\u2019 de AMECOOP Andaluc\u00eda\",\"datePublished\":\"2025-05-16T16:49:21+00:00\",\"dateModified\":\"2025-09-16T17:09:39+00:00\",\"mainEntityOfPage\":{\"@id\":\"https:\\\/\\\/cklcomunicaciones.es\\\/coop\\\/proyecto-emprendimiento-autonomia-economia-mujer-andaluza-amecoop-andalucia\\\/\"},\"wordCount\":624,\"commentCount\":0,\"image\":{\"@id\":\"https:\\\/\\\/cklcomunicaciones.es\\\/coop\\\/proyecto-emprendimiento-autonomia-economia-mujer-andaluza-amecoop-andalucia\\\/#primaryimage\"},\"thumbnailUrl\":\"https:\\\/\\\/cklcomunicaciones.es\\\/coop\\\/wp-content\\\/uploads\\\/AMECOOP_proyecto-IAM-2025_OK.jpg\",\"keywords\":[\"Amecoop\",\"autonom\u00eda econ\u00f3mica\",\"emprendimiento\"],\"articleSection\":[\"Actualidad\"],\"inLanguage\":\"es\",\"potentialAction\":[{\"@type\":\"CommentAction\",\"name\":\"Comment\",\"target\":[\"https:\\\/\\\/cklcomunicaciones.es\\\/coop\\\/proyecto-emprendimiento-autonomia-economia-mujer-andaluza-amecoop-andalucia\\\/#respond\"]}]},{\"@type\":\"WebPage\",\"@id\":\"https:\\\/\\\/cklcomunicaciones.es\\\/coop\\\/proyecto-emprendimiento-autonomia-economia-mujer-andaluza-amecoop-andalucia\\\/\",\"url\":\"https:\\\/\\\/cklcomunicaciones.es\\\/coop\\\/proyecto-emprendimiento-autonomia-economia-mujer-andaluza-amecoop-andalucia\\\/\",\"name\":\"Proyecto \u2018Emprendimiento y autonom\u00eda econ\u00f3mica de la mujer andaluza\u2019 de AMECOOP Andaluc\u00eda\",\"isPartOf\":{\"@id\":\"https:\\\/\\\/cklcomunicaciones.es\\\/coop\\\/#website\"},\"primaryImageOfPage\":{\"@id\":\"https:\\\/\\\/cklcomunicaciones.es\\\/coop\\\/proyecto-emprendimiento-autonomia-economia-mujer-andaluza-amecoop-andalucia\\\/#primaryimage\"},\"image\":{\"@id\":\"https:\\\/\\\/cklcomunicaciones.es\\\/coop\\\/proyecto-emprendimiento-autonomia-economia-mujer-andaluza-amecoop-andalucia\\\/#primaryimage\"},\"thumbnailUrl\":\"https:\\\/\\\/cklcomunicaciones.es\\\/coop\\\/wp-content\\\/uploads\\\/AMECOOP_proyecto-IAM-2025_OK.jpg\",\"datePublished\":\"2025-05-16T16:49:21+00:00\",\"dateModified\":\"2025-09-16T17:09:39+00:00\",\"author\":{\"@id\":\"https:\\\/\\\/cklcomunicaciones.es\\\/coop\\\/#\\\/schema\\\/person\\\/929a6837f7626450bbb50cee1aef266e\"},\"description\":\"Proyecto \u2018Emprendimiento y autonom\u00eda econ\u00f3mica de la mujer andaluza\u2019 de AMECOOP Andaluc\u00eda El proyecto \u2018Emprendimiento y autonom\u00eda econ\u00f3mica de la mujer andaluza\u2019 es una iniciativa de la Asociaci\u00f3n de Mujeres Empresarias Cooperativistas de Andaluc\u00eda (AMECOOP Andaluc\u00eda) que cuenta con financiaci\u00f3n del Instituto Andaluz de la Mujer y se desarrolla en las provincias de C\u00e1diz, Sevilla y Almer\u00eda entre febrero y septiembre de este a\u00f1o.\",\"breadcrumb\":{\"@id\":\"https:\\\/\\\/cklcomunicaciones.es\\\/coop\\\/proyecto-emprendimiento-autonomia-economia-mujer-andaluza-amecoop-andalucia\\\/#breadcrumb\"},\"inLanguage\":\"es\",\"potentialAction\":[{\"@type\":\"ReadAction\",\"target\":[\"https:\\\/\\\/cklcomunicaciones.es\\\/coop\\\/proyecto-emprendimiento-autonomia-economia-mujer-andaluza-amecoop-andalucia\\\/\"]}]},{\"@type\":\"ImageObject\",\"inLanguage\":\"es\",\"@id\":\"https:\\\/\\\/cklcomunicaciones.es\\\/coop\\\/proyecto-emprendimiento-autonomia-economia-mujer-andaluza-amecoop-andalucia\\\/#primaryimage\",\"url\":\"https:\\\/\\\/cklcomunicaciones.es\\\/coop\\\/wp-content\\\/uploads\\\/AMECOOP_proyecto-IAM-2025_OK.jpg\",\"contentUrl\":\"https:\\\/\\\/cklcomunicaciones.es\\\/coop\\\/wp-content\\\/uploads\\\/AMECOOP_proyecto-IAM-2025_OK.jpg\",\"width\":1280,\"height\":720,\"caption\":\"AMECOOP_proyecto-emprendimiento\"},{\"@type\":\"BreadcrumbList\",\"@id\":\"https:\\\/\\\/cklcomunicaciones.es\\\/coop\\\/proyecto-emprendimiento-autonomia-economia-mujer-andaluza-amecoop-andalucia\\\/#breadcrumb\",\"itemListElement\":[{\"@type\":\"ListItem\",\"position\":1,\"name\":\"Portada\",\"item\":\"https:\\\/\\\/cklcomunicaciones.es\\\/coop\\\/\"},{\"@type\":\"ListItem\",\"position\":2,\"name\":\"Proyecto \u2018Emprendimiento y autonom\u00eda econ\u00f3mica de la mujer andaluza\u2019 de AMECOOP Andaluc\u00eda\"}]},{\"@type\":\"WebSite\",\"@id\":\"https:\\\/\\\/cklcomunicaciones.es\\\/coop\\\/#website\",\"url\":\"https:\\\/\\\/cklcomunicaciones.es\\\/coop\\\/\",\"name\":\"CKL Comunicaciones\",\"description\":\"Sitio web de CKL Comunicaciones coop , la consultora de comunicaci\u00f3n y estrategia\",\"potentialAction\":[{\"@type\":\"SearchAction\",\"target\":{\"@type\":\"EntryPoint\",\"urlTemplate\":\"https:\\\/\\\/cklcomunicaciones.es\\\/coop\\\/?s={search_term_string}\"},\"query-input\":{\"@type\":\"PropertyValueSpecification\",\"valueRequired\":true,\"valueName\":\"search_term_string\"}}],\"inLanguage\":\"es\"},{\"@type\":\"Person\",\"@id\":\"https:\\\/\\\/cklcomunicaciones.es\\\/coop\\\/#\\\/schema\\\/person\\\/929a6837f7626450bbb50cee1aef266e\",\"name\":\"ckl\",\"image\":{\"@type\":\"ImageObject\",\"inLanguage\":\"es\",\"@id\":\"https:\\\/\\\/secure.gravatar.com\\\/avatar\\\/c82db564e8a669bf6023357a157b9dc4780f4d4c618f2ad1d71a6a5dede45057?s=96&d=mm&r=g\",\"url\":\"https:\\\/\\\/secure.gravatar.com\\\/avatar\\\/c82db564e8a669bf6023357a157b9dc4780f4d4c618f2ad1d71a6a5dede45057?s=96&d=mm&r=g\",\"contentUrl\":\"https:\\\/\\\/secure.gravatar.com\\\/avatar\\\/c82db564e8a669bf6023357a157b9dc4780f4d4c618f2ad1d71a6a5dede45057?s=96&d=mm&r=g\",\"caption\":\"ckl\"},\"url\":\"https:\\\/\\\/cklcomunicaciones.es\\\/coop\\\/author\\\/cklcomunicaciones\\\/\"}]}<\/script>\n<!-- \/ Yoast SEO plugin. -->","yoast_head_json":{"title":"Proyecto \u2018Emprendimiento y autonom\u00eda econ\u00f3mica de la mujer andaluza\u2019 de AMECOOP Andaluc\u00eda","description":"Proyecto \u2018Emprendimiento y autonom\u00eda econ\u00f3mica de la mujer andaluza\u2019 de AMECOOP Andaluc\u00eda El proyecto \u2018Emprendimiento y autonom\u00eda econ\u00f3mica de la mujer andaluza\u2019 es una iniciativa de la Asociaci\u00f3n de Mujeres Empresarias Cooperativistas de Andaluc\u00eda (AMECOOP Andaluc\u00eda) que cuenta con financiaci\u00f3n del Instituto Andaluz de la Mujer y se desarrolla en las provincias de C\u00e1diz, Sevilla y Almer\u00eda entre febrero y septiembre de este a\u00f1o.","robots":{"index":"index","follow":"follow","max-snippet":"max-snippet:-1","max-image-preview":"max-image-preview:large","max-video-preview":"max-video-preview:-1"},"canonical":"https:\/\/cklcomunicaciones.es\/coop\/proyecto-emprendimiento-autonomia-economia-mujer-andaluza-amecoop-andalucia\/","og_locale":"es_ES","og_type":"article","og_title":"Proyecto \u2018Emprendimiento y autonom\u00eda econ\u00f3mica de la mujer andaluza\u2019 de AMECOOP Andaluc\u00eda","og_description":"Proyecto \u2018Emprendimiento y autonom\u00eda econ\u00f3mica de la mujer andaluza\u2019 de AMECOOP Andaluc\u00eda El proyecto \u2018Emprendimiento y autonom\u00eda econ\u00f3mica de la mujer andaluza\u2019 es una iniciativa de la Asociaci\u00f3n de Mujeres Empresarias Cooperativistas de Andaluc\u00eda (AMECOOP Andaluc\u00eda) que cuenta con financiaci\u00f3n del Instituto Andaluz de la Mujer y se desarrolla en las provincias de C\u00e1diz, Sevilla y Almer\u00eda entre febrero y septiembre de este a\u00f1o.","og_url":"https:\/\/cklcomunicaciones.es\/coop\/proyecto-emprendimiento-autonomia-economia-mujer-andaluza-amecoop-andalucia\/","og_site_name":"CKL Comunicaciones","article_published_time":"2025-05-16T16:49:21+00:00","article_modified_time":"2025-09-16T17:09:39+00:00","og_image":[{"width":1280,"height":720,"url":"https:\/\/cklcomunicaciones.es\/coop\/wp-content\/uploads\/AMECOOP_proyecto-IAM-2025_OK.jpg","type":"image\/jpeg"}],"author":"ckl","twitter_card":"summary_large_image","twitter_misc":{"Escrito por":"ckl","Tiempo de lectura":"1 minuto"},"schema":{"@context":"https:\/\/schema.org","@graph":[{"@type":"Article","@id":"https:\/\/cklcomunicaciones.es\/coop\/proyecto-emprendimiento-autonomia-economia-mujer-andaluza-amecoop-andalucia\/#article","isPartOf":{"@id":"https:\/\/cklcomunicaciones.es\/coop\/proyecto-emprendimiento-autonomia-economia-mujer-andaluza-amecoop-andalucia\/"},"author":{"name":"ckl","@id":"https:\/\/cklcomunicaciones.es\/coop\/#\/schema\/person\/929a6837f7626450bbb50cee1aef266e"},"headline":"Proyecto \u2018Emprendimiento y autonom\u00eda econ\u00f3mica de la mujer andaluza\u2019 de AMECOOP Andaluc\u00eda","datePublished":"2025-05-16T16:49:21+00:00","dateModified":"2025-09-16T17:09:39+00:00","mainEntityOfPage":{"@id":"https:\/\/cklcomunicaciones.es\/coop\/proyecto-emprendimiento-autonomia-economia-mujer-andaluza-amecoop-andalucia\/"},"wordCount":624,"commentCount":0,"image":{"@id":"https:\/\/cklcomunicaciones.es\/coop\/proyecto-emprendimiento-autonomia-economia-mujer-andaluza-amecoop-andalucia\/#primaryimage"},"thumbnailUrl":"https:\/\/cklcomunicaciones.es\/coop\/wp-content\/uploads\/AMECOOP_proyecto-IAM-2025_OK.jpg","keywords":["Amecoop","autonom\u00eda econ\u00f3mica","emprendimiento"],"articleSection":["Actualidad"],"inLanguage":"es","potentialAction":[{"@type":"CommentAction","name":"Comment","target":["https:\/\/cklcomunicaciones.es\/coop\/proyecto-emprendimiento-autonomia-economia-mujer-andaluza-amecoop-andalucia\/#respond"]}]},{"@type":"WebPage","@id":"https:\/\/cklcomunicaciones.es\/coop\/proyecto-emprendimiento-autonomia-economia-mujer-andaluza-amecoop-andalucia\/","url":"https:\/\/cklcomunicaciones.es\/coop\/proyecto-emprendimiento-autonomia-economia-mujer-andaluza-amecoop-andalucia\/","name":"Proyecto \u2018Emprendimiento y autonom\u00eda econ\u00f3mica de la mujer andaluza\u2019 de AMECOOP Andaluc\u00eda","isPartOf":{"@id":"https:\/\/cklcomunicaciones.es\/coop\/#website"},"primaryImageOfPage":{"@id":"https:\/\/cklcomunicaciones.es\/coop\/proyecto-emprendimiento-autonomia-economia-mujer-andaluza-amecoop-andalucia\/#primaryimage"},"image":{"@id":"https:\/\/cklcomunicaciones.es\/coop\/proyecto-emprendimiento-autonomia-economia-mujer-andaluza-amecoop-andalucia\/#primaryimage"},"thumbnailUrl":"https:\/\/cklcomunicaciones.es\/coop\/wp-content\/uploads\/AMECOOP_proyecto-IAM-2025_OK.jpg","datePublished":"2025-05-16T16:49:21+00:00","dateModified":"2025-09-16T17:09:39+00:00","author":{"@id":"https:\/\/cklcomunicaciones.es\/coop\/#\/schema\/person\/929a6837f7626450bbb50cee1aef266e"},"description":"Proyecto \u2018Emprendimiento y autonom\u00eda econ\u00f3mica de la mujer andaluza\u2019 de AMECOOP Andaluc\u00eda El proyecto \u2018Emprendimiento y autonom\u00eda econ\u00f3mica de la mujer andaluza\u2019 es una iniciativa de la Asociaci\u00f3n de Mujeres Empresarias Cooperativistas de Andaluc\u00eda (AMECOOP Andaluc\u00eda) que cuenta con financiaci\u00f3n del Instituto Andaluz de la Mujer y se desarrolla en las provincias de C\u00e1diz, Sevilla y Almer\u00eda entre febrero y septiembre de este a\u00f1o.","breadcrumb":{"@id":"https:\/\/cklcomunicaciones.es\/coop\/proyecto-emprendimiento-autonomia-economia-mujer-andaluza-amecoop-andalucia\/#breadcrumb"},"inLanguage":"es","potentialAction":[{"@type":"ReadAction","target":["https:\/\/cklcomunicaciones.es\/coop\/proyecto-emprendimiento-autonomia-economia-mujer-andaluza-amecoop-andalucia\/"]}]},{"@type":"ImageObject","inLanguage":"es","@id":"https:\/\/cklcomunicaciones.es\/coop\/proyecto-emprendimiento-autonomia-economia-mujer-andaluza-amecoop-andalucia\/#primaryimage","url":"https:\/\/cklcomunicaciones.es\/coop\/wp-content\/uploads\/AMECOOP_proyecto-IAM-2025_OK.jpg","contentUrl":"https:\/\/cklcomunicaciones.es\/coop\/wp-content\/uploads\/AMECOOP_proyecto-IAM-2025_OK.jpg","width":1280,"height":720,"caption":"AMECOOP_proyecto-emprendimiento"},{"@type":"BreadcrumbList","@id":"https:\/\/cklcomunicaciones.es\/coop\/proyecto-emprendimiento-autonomia-economia-mujer-andaluza-amecoop-andalucia\/#breadcrumb","itemListElement":[{"@type":"ListItem","position":1,"name":"Portada","item":"https:\/\/cklcomunicaciones.es\/coop\/"},{"@type":"ListItem","position":2,"name":"Proyecto \u2018Emprendimiento y autonom\u00eda econ\u00f3mica de la mujer andaluza\u2019 de AMECOOP Andaluc\u00eda"}]},{"@type":"WebSite","@id":"https:\/\/cklcomunicaciones.es\/coop\/#website","url":"https:\/\/cklcomunicaciones.es\/coop\/","name":"CKL Comunicaciones","description":"Sitio web de CKL Comunicaciones coop , la consultora de comunicaci\u00f3n y estrategia","potentialAction":[{"@type":"SearchAction","target":{"@type":"EntryPoint","urlTemplate":"https:\/\/cklcomunicaciones.es\/coop\/?s={search_term_string}"},"query-input":{"@type":"PropertyValueSpecification","valueRequired":true,"valueName":"search_term_string"}}],"inLanguage":"es"},{"@type":"Person","@id":"https:\/\/cklcomunicaciones.es\/coop\/#\/schema\/person\/929a6837f7626450bbb50cee1aef266e","name":"ckl","image":{"@type":"ImageObject","inLanguage":"es","@id":"https:\/\/secure.gravatar.com\/avatar\/c82db564e8a669bf6023357a157b9dc4780f4d4c618f2ad1d71a6a5dede45057?s=96&d=mm&r=g","url":"https:\/\/secure.gravatar.com\/avatar\/c82db564e8a669bf6023357a157b9dc4780f4d4c618f2ad1d71a6a5dede45057?s=96&d=mm&r=g","contentUrl":"https:\/\/secure.gravatar.com\/avatar\/c82db564e8a669bf6023357a157b9dc4780f4d4c618f2ad1d71a6a5dede45057?s=96&d=mm&r=g","caption":"ckl"},"url":"https:\/\/cklcomunicaciones.es\/coop\/author\/cklcomunicaciones\/"}]}},"_links":{"self":[{"href":"https:\/\/cklcomunicaciones.es\/coop\/wp-json\/wp\/v2\/posts\/24614","targetHints":{"allow":["GET"]}}],"collection":[{"href":"https:\/\/cklcomunicaciones.es\/coop\/wp-json\/wp\/v2\/posts"}],"about":[{"href":"https:\/\/cklcomunicaciones.es\/coop\/wp-json\/wp\/v2\/types\/post"}],"author":[{"embeddable":true,"href":"https:\/\/cklcomunicaciones.es\/coop\/wp-json\/wp\/v2\/users\/3"}],"replies":[{"embeddable":true,"href":"https:\/\/cklcomunicaciones.es\/coop\/wp-json\/wp\/v2\/comments?post=24614"}],"version-history":[{"count":0,"href":"https:\/\/cklcomunicaciones.es\/coop\/wp-json\/wp\/v2\/posts\/24614\/revisions"}],"wp:featuredmedia":[{"embeddable":true,"href":"https:\/\/cklcomunicaciones.es\/coop\/wp-json\/wp\/v2\/media\/24615"}],"wp:attachment":[{"href":"https:\/\/cklcomunicaciones.es\/coop\/wp-json\/wp\/v2\/media?parent=24614"}],"wp:term":[{"taxonomy":"category","embeddable":true,"href":"https:\/\/cklcomunicaciones.es\/coop\/wp-json\/wp\/v2\/categories?post=24614"},{"taxonomy":"post_tag","embeddable":true,"href":"https:\/\/cklcomunicaciones.es\/coop\/wp-json\/wp\/v2\/tags?post=24614"}],"curies":[{"name":"wp","href":"https:\/\/api.w.org\/{rel}","templated":true}]}}