{"id":24610,"date":"2025-09-11T19:02:43","date_gmt":"2025-09-11T17:02:43","guid":{"rendered":"https:\/\/cklcomunicaciones.es\/coop\/?p=24610"},"modified":"2025-09-11T19:02:43","modified_gmt":"2025-09-11T17:02:43","slug":"murcia-acoge-cumbre-europea-economia-social","status":"publish","type":"post","link":"https:\/\/cklcomunicaciones.es\/coop\/murcia-acoge-cumbre-europea-economia-social\/","title":{"rendered":"Murcia acoge la cumbre europea de la econom\u00eda social"},"content":{"rendered":"<div class=\"fusion-fullwidth fullwidth-box fusion-builder-row-1 fusion-flex-container nonhundred-percent-fullwidth non-hundred-percent-height-scrolling\" style=\"--awb-border-radius-top-left:0px;--awb-border-radius-top-right:0px;--awb-border-radius-bottom-right:0px;--awb-border-radius-bottom-left:0px;--awb-flex-wrap:wrap;\" ><div class=\"fusion-builder-row fusion-row fusion-flex-align-items-flex-start fusion-flex-content-wrap\" style=\"max-width:1248px;margin-left: calc(-4% \/ 2 );margin-right: calc(-4% \/ 2 );\"><div class=\"fusion-layout-column fusion_builder_column fusion-builder-column-0 fusion_builder_column_1_1 1_1 fusion-flex-column\" style=\"--awb-bg-blend:overlay;--awb-bg-size:cover;--awb-width-large:100%;--awb-margin-top-large:0px;--awb-spacing-right-large:1.92%;--awb-margin-bottom-large:0px;--awb-spacing-left-large:1.92%;--awb-width-medium:100%;--awb-spacing-right-medium:1.92%;--awb-spacing-left-medium:1.92%;--awb-width-small:100%;--awb-spacing-right-small:1.92%;--awb-spacing-left-small:1.92%;\"><div class=\"fusion-column-wrapper fusion-flex-justify-content-flex-start fusion-content-layout-column\"><div class=\"fusion-text fusion-text-1\"><p class=\"fusion-title-heading title-heading-left\"><strong>La Cumbre Europea de la Econom\u00eda Social tendr\u00e1 lugar en Murcia, durante la Semana Europea de Econom\u00eda Social que se celebra del 15 al 19 de septiembre en el marco de la Capitalidad Espa\u00f1ola de la Econom\u00eda Social 2025.<\/strong><\/p>\n<p>Murcia acoger\u00e1 el pr\u00f3ximo 17 de septiembre la\u00a0<b>primera gran Cumbre de Econom\u00eda Social<\/b>\u00a0en la actual legislatura europea, con el objetivo de situar estrat\u00e9gicamente el crecimiento de este modelo empresarial en la agenda de las Instituciones Comunitarias. Esta Cumbre, que da continuidad y toma el relevo de las Conferencias Europeas de Econom\u00eda Social de Donostia-San Sebasti\u00e1n de 2023 y Lieja (B\u00e9lgica) en 2024, es uno de los actos centrales de la\u00a0<a href=\"https:\/\/www.socialeconomy.eu.org\/social-economy-week\/\"><b>Semana Europea de la Econom\u00eda Social<\/b><\/a>, que se celebrar\u00e1 del 15 al 19 de septiembre en el marco de la\u00a0<b>Capitalidad Espa\u00f1ola de la Econom\u00eda Social 2025 que ostenta Murcia.<\/b><\/p>\n<p>M\u00e1s informaci\u00f3n: <a href=\"https:\/\/www.cepes.es\/nota-prensa\/1020_murcia-acoge-cumbre-europea-economia-social\">Murcia acoge la Cumbre Europea de la Econom\u00eda Social\u00a0<\/a> (cepes.es)<\/p>\n<\/div><\/div><\/div><\/div><\/div>\n","protected":false},"excerpt":{"rendered":"","protected":false},"author":3,"featured_media":24611,"comment_status":"open","ping_status":"open","sticky":false,"template":"","format":"standard","meta":{"footnotes":""},"categories":[297,299],"tags":[102,703],"class_list":["post-24610","post","type-post","status-publish","format-standard","has-post-thumbnail","hentry","category-actualidad","category-noticias-destacadas","tag-economia-social","tag-murcia"],"yoast_head":"<!-- This site is optimized with the Yoast SEO plugin v27.5 - https:\/\/yoast.com\/product\/yoast-seo-wordpress\/ -->\n<title>Murcia acoge la cumbre europea de la econom\u00eda social<\/title>\n<meta name=\"description\" content=\"Murcia acoge la cumbre europea de la econom\u00eda social Murcia acoge la cumbre europea de la Econom\u00eda Social\" \/>\n<meta name=\"robots\" content=\"index, follow, max-snippet:-1, max-image-preview:large, max-video-preview:-1\" \/>\n<link rel=\"canonical\" href=\"https:\/\/cklcomunicaciones.es\/coop\/murcia-acoge-cumbre-europea-economia-social\/\" \/>\n<meta property=\"og:locale\" content=\"es_ES\" \/>\n<meta property=\"og:type\" content=\"article\" \/>\n<meta property=\"og:title\" content=\"Murcia acoge la cumbre europea de la econom\u00eda social\" \/>\n<meta property=\"og:description\" content=\"Murcia acoge la cumbre europea de la econom\u00eda social Murcia acoge la cumbre europea de la Econom\u00eda Social\" \/>\n<meta property=\"og:url\" content=\"https:\/\/cklcomunicaciones.es\/coop\/murcia-acoge-cumbre-europea-economia-social\/\" \/>\n<meta property=\"og:site_name\" content=\"CKL Comunicaciones\" \/>\n<meta property=\"article:published_time\" content=\"2025-09-11T17:02:43+00:00\" \/>\n<meta property=\"og:image\" content=\"https:\/\/cklcomunicaciones.es\/coop\/wp-content\/uploads\/Murcia_Social-Economy-European-Summit.jpg\" \/>\n\t<meta property=\"og:image:width\" content=\"830\" \/>\n\t<meta property=\"og:image:height\" content=\"464\" \/>\n\t<meta property=\"og:image:type\" content=\"image\/jpeg\" \/>\n<meta name=\"author\" content=\"ckl\" \/>\n<meta name=\"twitter:card\" content=\"summary_large_image\" \/>\n<meta name=\"twitter:label1\" content=\"Escrito por\" \/>\n\t<meta name=\"twitter:data1\" content=\"ckl\" \/>\n\t<meta name=\"twitter:label2\" content=\"Tiempo de lectura\" \/>\n\t<meta name=\"twitter:data2\" content=\"1 minuto\" \/>\n<script type=\"application\/ld+json\" class=\"yoast-schema-graph\">{\"@context\":\"https:\\\/\\\/schema.org\",\"@graph\":[{\"@type\":\"Article\",\"@id\":\"https:\\\/\\\/cklcomunicaciones.es\\\/coop\\\/murcia-acoge-cumbre-europea-economia-social\\\/#article\",\"isPartOf\":{\"@id\":\"https:\\\/\\\/cklcomunicaciones.es\\\/coop\\\/murcia-acoge-cumbre-europea-economia-social\\\/\"},\"author\":{\"name\":\"ckl\",\"@id\":\"https:\\\/\\\/cklcomunicaciones.es\\\/coop\\\/#\\\/schema\\\/person\\\/929a6837f7626450bbb50cee1aef266e\"},\"headline\":\"Murcia acoge la cumbre europea de la econom\u00eda social\",\"datePublished\":\"2025-09-11T17:02:43+00:00\",\"mainEntityOfPage\":{\"@id\":\"https:\\\/\\\/cklcomunicaciones.es\\\/coop\\\/murcia-acoge-cumbre-europea-economia-social\\\/\"},\"wordCount\":299,\"commentCount\":0,\"image\":{\"@id\":\"https:\\\/\\\/cklcomunicaciones.es\\\/coop\\\/murcia-acoge-cumbre-europea-economia-social\\\/#primaryimage\"},\"thumbnailUrl\":\"https:\\\/\\\/cklcomunicaciones.es\\\/coop\\\/wp-content\\\/uploads\\\/Murcia_Social-Economy-European-Summit.jpg\",\"keywords\":[\"econom\u00eda social\",\"Murcia\"],\"articleSection\":[\"Actualidad\",\"noticias destacadas\"],\"inLanguage\":\"es\",\"potentialAction\":[{\"@type\":\"CommentAction\",\"name\":\"Comment\",\"target\":[\"https:\\\/\\\/cklcomunicaciones.es\\\/coop\\\/murcia-acoge-cumbre-europea-economia-social\\\/#respond\"]}]},{\"@type\":\"WebPage\",\"@id\":\"https:\\\/\\\/cklcomunicaciones.es\\\/coop\\\/murcia-acoge-cumbre-europea-economia-social\\\/\",\"url\":\"https:\\\/\\\/cklcomunicaciones.es\\\/coop\\\/murcia-acoge-cumbre-europea-economia-social\\\/\",\"name\":\"Murcia acoge la cumbre europea de la econom\u00eda social\",\"isPartOf\":{\"@id\":\"https:\\\/\\\/cklcomunicaciones.es\\\/coop\\\/#website\"},\"primaryImageOfPage\":{\"@id\":\"https:\\\/\\\/cklcomunicaciones.es\\\/coop\\\/murcia-acoge-cumbre-europea-economia-social\\\/#primaryimage\"},\"image\":{\"@id\":\"https:\\\/\\\/cklcomunicaciones.es\\\/coop\\\/murcia-acoge-cumbre-europea-economia-social\\\/#primaryimage\"},\"thumbnailUrl\":\"https:\\\/\\\/cklcomunicaciones.es\\\/coop\\\/wp-content\\\/uploads\\\/Murcia_Social-Economy-European-Summit.jpg\",\"datePublished\":\"2025-09-11T17:02:43+00:00\",\"author\":{\"@id\":\"https:\\\/\\\/cklcomunicaciones.es\\\/coop\\\/#\\\/schema\\\/person\\\/929a6837f7626450bbb50cee1aef266e\"},\"description\":\"Murcia acoge la cumbre europea de la econom\u00eda social Murcia acoge la cumbre europea de la Econom\u00eda Social\",\"breadcrumb\":{\"@id\":\"https:\\\/\\\/cklcomunicaciones.es\\\/coop\\\/murcia-acoge-cumbre-europea-economia-social\\\/#breadcrumb\"},\"inLanguage\":\"es\",\"potentialAction\":[{\"@type\":\"ReadAction\",\"target\":[\"https:\\\/\\\/cklcomunicaciones.es\\\/coop\\\/murcia-acoge-cumbre-europea-economia-social\\\/\"]}]},{\"@type\":\"ImageObject\",\"inLanguage\":\"es\",\"@id\":\"https:\\\/\\\/cklcomunicaciones.es\\\/coop\\\/murcia-acoge-cumbre-europea-economia-social\\\/#primaryimage\",\"url\":\"https:\\\/\\\/cklcomunicaciones.es\\\/coop\\\/wp-content\\\/uploads\\\/Murcia_Social-Economy-European-Summit.jpg\",\"contentUrl\":\"https:\\\/\\\/cklcomunicaciones.es\\\/coop\\\/wp-content\\\/uploads\\\/Murcia_Social-Economy-European-Summit.jpg\",\"width\":830,\"height\":464,\"caption\":\"Murcia_Social-Economy-European-Summit\"},{\"@type\":\"BreadcrumbList\",\"@id\":\"https:\\\/\\\/cklcomunicaciones.es\\\/coop\\\/murcia-acoge-cumbre-europea-economia-social\\\/#breadcrumb\",\"itemListElement\":[{\"@type\":\"ListItem\",\"position\":1,\"name\":\"Portada\",\"item\":\"https:\\\/\\\/cklcomunicaciones.es\\\/coop\\\/\"},{\"@type\":\"ListItem\",\"position\":2,\"name\":\"Murcia acoge la cumbre europea de la econom\u00eda social\"}]},{\"@type\":\"WebSite\",\"@id\":\"https:\\\/\\\/cklcomunicaciones.es\\\/coop\\\/#website\",\"url\":\"https:\\\/\\\/cklcomunicaciones.es\\\/coop\\\/\",\"name\":\"CKL Comunicaciones\",\"description\":\"Sitio web de CKL Comunicaciones coop , la consultora de comunicaci\u00f3n y estrategia\",\"potentialAction\":[{\"@type\":\"SearchAction\",\"target\":{\"@type\":\"EntryPoint\",\"urlTemplate\":\"https:\\\/\\\/cklcomunicaciones.es\\\/coop\\\/?s={search_term_string}\"},\"query-input\":{\"@type\":\"PropertyValueSpecification\",\"valueRequired\":true,\"valueName\":\"search_term_string\"}}],\"inLanguage\":\"es\"},{\"@type\":\"Person\",\"@id\":\"https:\\\/\\\/cklcomunicaciones.es\\\/coop\\\/#\\\/schema\\\/person\\\/929a6837f7626450bbb50cee1aef266e\",\"name\":\"ckl\",\"image\":{\"@type\":\"ImageObject\",\"inLanguage\":\"es\",\"@id\":\"https:\\\/\\\/secure.gravatar.com\\\/avatar\\\/c82db564e8a669bf6023357a157b9dc4780f4d4c618f2ad1d71a6a5dede45057?s=96&d=mm&r=g\",\"url\":\"https:\\\/\\\/secure.gravatar.com\\\/avatar\\\/c82db564e8a669bf6023357a157b9dc4780f4d4c618f2ad1d71a6a5dede45057?s=96&d=mm&r=g\",\"contentUrl\":\"https:\\\/\\\/secure.gravatar.com\\\/avatar\\\/c82db564e8a669bf6023357a157b9dc4780f4d4c618f2ad1d71a6a5dede45057?s=96&d=mm&r=g\",\"caption\":\"ckl\"},\"url\":\"https:\\\/\\\/cklcomunicaciones.es\\\/coop\\\/author\\\/cklcomunicaciones\\\/\"}]}<\/script>\n<!-- \/ Yoast SEO plugin. -->","yoast_head_json":{"title":"Murcia acoge la cumbre europea de la econom\u00eda social","description":"Murcia acoge la cumbre europea de la econom\u00eda social Murcia acoge la cumbre europea de la Econom\u00eda Social","robots":{"index":"index","follow":"follow","max-snippet":"max-snippet:-1","max-image-preview":"max-image-preview:large","max-video-preview":"max-video-preview:-1"},"canonical":"https:\/\/cklcomunicaciones.es\/coop\/murcia-acoge-cumbre-europea-economia-social\/","og_locale":"es_ES","og_type":"article","og_title":"Murcia acoge la cumbre europea de la econom\u00eda social","og_description":"Murcia acoge la cumbre europea de la econom\u00eda social Murcia acoge la cumbre europea de la Econom\u00eda Social","og_url":"https:\/\/cklcomunicaciones.es\/coop\/murcia-acoge-cumbre-europea-economia-social\/","og_site_name":"CKL Comunicaciones","article_published_time":"2025-09-11T17:02:43+00:00","og_image":[{"width":830,"height":464,"url":"https:\/\/cklcomunicaciones.es\/coop\/wp-content\/uploads\/Murcia_Social-Economy-European-Summit.jpg","type":"image\/jpeg"}],"author":"ckl","twitter_card":"summary_large_image","twitter_misc":{"Escrito por":"ckl","Tiempo de lectura":"1 minuto"},"schema":{"@context":"https:\/\/schema.org","@graph":[{"@type":"Article","@id":"https:\/\/cklcomunicaciones.es\/coop\/murcia-acoge-cumbre-europea-economia-social\/#article","isPartOf":{"@id":"https:\/\/cklcomunicaciones.es\/coop\/murcia-acoge-cumbre-europea-economia-social\/"},"author":{"name":"ckl","@id":"https:\/\/cklcomunicaciones.es\/coop\/#\/schema\/person\/929a6837f7626450bbb50cee1aef266e"},"headline":"Murcia acoge la cumbre europea de la econom\u00eda social","datePublished":"2025-09-11T17:02:43+00:00","mainEntityOfPage":{"@id":"https:\/\/cklcomunicaciones.es\/coop\/murcia-acoge-cumbre-europea-economia-social\/"},"wordCount":299,"commentCount":0,"image":{"@id":"https:\/\/cklcomunicaciones.es\/coop\/murcia-acoge-cumbre-europea-economia-social\/#primaryimage"},"thumbnailUrl":"https:\/\/cklcomunicaciones.es\/coop\/wp-content\/uploads\/Murcia_Social-Economy-European-Summit.jpg","keywords":["econom\u00eda social","Murcia"],"articleSection":["Actualidad","noticias destacadas"],"inLanguage":"es","potentialAction":[{"@type":"CommentAction","name":"Comment","target":["https:\/\/cklcomunicaciones.es\/coop\/murcia-acoge-cumbre-europea-economia-social\/#respond"]}]},{"@type":"WebPage","@id":"https:\/\/cklcomunicaciones.es\/coop\/murcia-acoge-cumbre-europea-economia-social\/","url":"https:\/\/cklcomunicaciones.es\/coop\/murcia-acoge-cumbre-europea-economia-social\/","name":"Murcia acoge la cumbre europea de la econom\u00eda social","isPartOf":{"@id":"https:\/\/cklcomunicaciones.es\/coop\/#website"},"primaryImageOfPage":{"@id":"https:\/\/cklcomunicaciones.es\/coop\/murcia-acoge-cumbre-europea-economia-social\/#primaryimage"},"image":{"@id":"https:\/\/cklcomunicaciones.es\/coop\/murcia-acoge-cumbre-europea-economia-social\/#primaryimage"},"thumbnailUrl":"https:\/\/cklcomunicaciones.es\/coop\/wp-content\/uploads\/Murcia_Social-Economy-European-Summit.jpg","datePublished":"2025-09-11T17:02:43+00:00","author":{"@id":"https:\/\/cklcomunicaciones.es\/coop\/#\/schema\/person\/929a6837f7626450bbb50cee1aef266e"},"description":"Murcia acoge la cumbre europea de la econom\u00eda social Murcia acoge la cumbre europea de la Econom\u00eda Social","breadcrumb":{"@id":"https:\/\/cklcomunicaciones.es\/coop\/murcia-acoge-cumbre-europea-economia-social\/#breadcrumb"},"inLanguage":"es","potentialAction":[{"@type":"ReadAction","target":["https:\/\/cklcomunicaciones.es\/coop\/murcia-acoge-cumbre-europea-economia-social\/"]}]},{"@type":"ImageObject","inLanguage":"es","@id":"https:\/\/cklcomunicaciones.es\/coop\/murcia-acoge-cumbre-europea-economia-social\/#primaryimage","url":"https:\/\/cklcomunicaciones.es\/coop\/wp-content\/uploads\/Murcia_Social-Economy-European-Summit.jpg","contentUrl":"https:\/\/cklcomunicaciones.es\/coop\/wp-content\/uploads\/Murcia_Social-Economy-European-Summit.jpg","width":830,"height":464,"caption":"Murcia_Social-Economy-European-Summit"},{"@type":"BreadcrumbList","@id":"https:\/\/cklcomunicaciones.es\/coop\/murcia-acoge-cumbre-europea-economia-social\/#breadcrumb","itemListElement":[{"@type":"ListItem","position":1,"name":"Portada","item":"https:\/\/cklcomunicaciones.es\/coop\/"},{"@type":"ListItem","position":2,"name":"Murcia acoge la cumbre europea de la econom\u00eda social"}]},{"@type":"WebSite","@id":"https:\/\/cklcomunicaciones.es\/coop\/#website","url":"https:\/\/cklcomunicaciones.es\/coop\/","name":"CKL Comunicaciones","description":"Sitio web de CKL Comunicaciones coop , la consultora de comunicaci\u00f3n y estrategia","potentialAction":[{"@type":"SearchAction","target":{"@type":"EntryPoint","urlTemplate":"https:\/\/cklcomunicaciones.es\/coop\/?s={search_term_string}"},"query-input":{"@type":"PropertyValueSpecification","valueRequired":true,"valueName":"search_term_string"}}],"inLanguage":"es"},{"@type":"Person","@id":"https:\/\/cklcomunicaciones.es\/coop\/#\/schema\/person\/929a6837f7626450bbb50cee1aef266e","name":"ckl","image":{"@type":"ImageObject","inLanguage":"es","@id":"https:\/\/secure.gravatar.com\/avatar\/c82db564e8a669bf6023357a157b9dc4780f4d4c618f2ad1d71a6a5dede45057?s=96&d=mm&r=g","url":"https:\/\/secure.gravatar.com\/avatar\/c82db564e8a669bf6023357a157b9dc4780f4d4c618f2ad1d71a6a5dede45057?s=96&d=mm&r=g","contentUrl":"https:\/\/secure.gravatar.com\/avatar\/c82db564e8a669bf6023357a157b9dc4780f4d4c618f2ad1d71a6a5dede45057?s=96&d=mm&r=g","caption":"ckl"},"url":"https:\/\/cklcomunicaciones.es\/coop\/author\/cklcomunicaciones\/"}]}},"_links":{"self":[{"href":"https:\/\/cklcomunicaciones.es\/coop\/wp-json\/wp\/v2\/posts\/24610","targetHints":{"allow":["GET"]}}],"collection":[{"href":"https:\/\/cklcomunicaciones.es\/coop\/wp-json\/wp\/v2\/posts"}],"about":[{"href":"https:\/\/cklcomunicaciones.es\/coop\/wp-json\/wp\/v2\/types\/post"}],"author":[{"embeddable":true,"href":"https:\/\/cklcomunicaciones.es\/coop\/wp-json\/wp\/v2\/users\/3"}],"replies":[{"embeddable":true,"href":"https:\/\/cklcomunicaciones.es\/coop\/wp-json\/wp\/v2\/comments?post=24610"}],"version-history":[{"count":0,"href":"https:\/\/cklcomunicaciones.es\/coop\/wp-json\/wp\/v2\/posts\/24610\/revisions"}],"wp:featuredmedia":[{"embeddable":true,"href":"https:\/\/cklcomunicaciones.es\/coop\/wp-json\/wp\/v2\/media\/24611"}],"wp:attachment":[{"href":"https:\/\/cklcomunicaciones.es\/coop\/wp-json\/wp\/v2\/media?parent=24610"}],"wp:term":[{"taxonomy":"category","embeddable":true,"href":"https:\/\/cklcomunicaciones.es\/coop\/wp-json\/wp\/v2\/categories?post=24610"},{"taxonomy":"post_tag","embeddable":true,"href":"https:\/\/cklcomunicaciones.es\/coop\/wp-json\/wp\/v2\/tags?post=24610"}],"curies":[{"name":"wp","href":"https:\/\/api.w.org\/{rel}","templated":true}]}}