{"id":24598,"date":"2025-09-10T16:54:56","date_gmt":"2025-09-10T14:54:56","guid":{"rendered":"https:\/\/cklcomunicaciones.es\/coop\/?p=24598"},"modified":"2025-09-10T17:05:06","modified_gmt":"2025-09-10T15:05:06","slug":"noticias-info-ckl-2935-10-09-2025","status":"publish","type":"post","link":"https:\/\/cklcomunicaciones.es\/coop\/noticias-info-ckl-2935-10-09-2025\/","title":{"rendered":"Noticias Info CKL #2935-10-09-2025"},"content":{"rendered":"<p><div class=\"fusion-fullwidth fullwidth-box fusion-builder-row-1 fusion-flex-container has-pattern-background has-mask-background nonhundred-percent-fullwidth non-hundred-percent-height-scrolling\" style=\"--awb-border-radius-top-left:0px;--awb-border-radius-top-right:0px;--awb-border-radius-bottom-right:0px;--awb-border-radius-bottom-left:0px;--awb-flex-wrap:wrap;\" ><div class=\"fusion-builder-row fusion-row fusion-flex-align-items-flex-start fusion-flex-content-wrap\" style=\"max-width:1248px;margin-left: calc(-4% \/ 2 );margin-right: calc(-4% \/ 2 );\"><div class=\"fusion-layout-column fusion_builder_column fusion-builder-column-0 fusion_builder_column_1_1 1_1 fusion-flex-column\" style=\"--awb-bg-size:cover;--awb-width-large:100%;--awb-margin-top-large:0px;--awb-spacing-right-large:1.92%;--awb-margin-bottom-large:20px;--awb-spacing-left-large:1.92%;--awb-width-medium:100%;--awb-order-medium:0;--awb-spacing-right-medium:1.92%;--awb-spacing-left-medium:1.92%;--awb-width-small:100%;--awb-order-small:0;--awb-spacing-right-small:1.92%;--awb-spacing-left-small:1.92%;\"><div class=\"fusion-column-wrapper fusion-column-has-shadow fusion-flex-justify-content-flex-start fusion-content-layout-column\"><div class=\"fusion-title title fusion-title-1 fusion-sep-none fusion-title-text fusion-title-size-paragraph\" style=\"--awb-margin-top:20px;--awb-margin-top-small:10px;--awb-margin-right-small:0px;--awb-margin-bottom-small:10px;--awb-margin-left-small:0px;--awb-sep-color:var(--awb-custom_color_1);--awb-font-size:20px;\"><p class=\"fusion-title-heading title-heading-left title-heading-tag fusion-responsive-typography-calculated\" style=\"font-family:&quot;Raleway&quot;;font-style:normal;font-weight:400;margin:0;font-size:1em;--fontSize:20;--minFontSize:20;line-height:var(--awb-typography4-line-height);\"><a class=\"fusion-one-page-text-link\" href=\"#convocatorias\"><mark class=\"fusion-highlight custom-textcolor highlight1 awb-highlight-background rounded\" style=\"--awb-text-color:#ffffff;\"><strong>Convocatorias<\/strong><\/mark><\/a> <a class=\"fusion-one-page-text-link\" href=\"#comunicacion\"><mark class=\"fusion-highlight custom-textcolor highlight1 awb-highlight-background rounded\" style=\"--awb-color:#db9600;--awb-text-color:#ffffff;\"><strong>Comunicaci\u00f3n, Publicidad y TICs<\/strong><\/mark><\/a> <a class=\"fusion-one-page-text-link\" href=\"#andalucia\"><mark class=\"fusion-highlight custom-textcolor highlight1 awb-highlight-background rounded\" style=\"--awb-color:#4cb700;--awb-text-color:#ffffff;\"><strong>Andaluc\u00eda<\/strong><\/mark><\/a> <a class=\"fusion-one-page-text-link\" href=\"#estado\"><mark class=\"fusion-highlight custom-textcolor highlight1 awb-highlight-background rounded\" style=\"--awb-text-color:#ffffff;\"><strong>Estado<\/strong><\/mark><\/a> <a class=\"fusion-one-page-text-link\" href=\"#internacional\"><mark class=\"fusion-highlight custom-textcolor highlight1 awb-highlight-background rounded\" style=\"--awb-color:#0098d9;--awb-text-color:#ffffff;\"><strong>Internacional<\/strong><\/mark><\/a><\/p><\/div><\/div><\/div><\/div><\/div><div class=\"fusion-fullwidth fullwidth-box fusion-builder-row-2 fusion-flex-container has-pattern-background has-mask-background hundred-percent-fullwidth non-hundred-percent-height-scrolling\" style=\"--awb-border-radius-top-left:0px;--awb-border-radius-top-right:0px;--awb-border-radius-bottom-right:0px;--awb-border-radius-bottom-left:0px;--awb-padding-right-small:2%;--awb-padding-left-small:2%;--awb-flex-wrap:wrap;\" ><div class=\"fusion-builder-row fusion-row fusion-flex-align-items-flex-start fusion-flex-content-wrap\" style=\"width:104% !important;max-width:104% !important;margin-left: calc(-4% \/ 2 );margin-right: calc(-4% \/ 2 );\"><div class=\"fusion-layout-column fusion_builder_column fusion-builder-column-1 fusion_builder_column_1_1 1_1 fusion-flex-column\" style=\"--awb-padding-right:20px;--awb-padding-left:20px;--awb-padding-right-small:15px;--awb-padding-left-small:15px;--awb-overflow:hidden;--awb-bg-color:var(--awb-color1);--awb-bg-color-hover:var(--awb-color1);--awb-bg-size:cover;--awb-border-color:var(--awb-color3);--awb-border-top:2px;--awb-border-right:2px;--awb-border-bottom:2px;--awb-border-left:2px;--awb-border-style:solid;--awb-border-radius:15px 15px 15px 15px;--awb-width-large:100%;--awb-margin-top-large:0px;--awb-spacing-right-large:1.92%;--awb-margin-bottom-large:20px;--awb-spacing-left-large:1.92%;--awb-width-medium:100%;--awb-order-medium:0;--awb-spacing-right-medium:1.92%;--awb-spacing-left-medium:1.92%;--awb-width-small:100%;--awb-order-small:0;--awb-spacing-right-small:0px;--awb-spacing-left-small:0px;\" id=\"c_convocatorias\" data-scroll-devices=\"small-visibility,medium-visibility,large-visibility\"><div class=\"fusion-column-wrapper fusion-column-has-shadow fusion-flex-justify-content-flex-start fusion-content-layout-column\"><div class=\"fusion-title title fusion-title-2 fusion-sep-none fusion-title-text fusion-title-size-one\" style=\"--awb-margin-top:20px;--awb-margin-top-small:10px;--awb-margin-right-small:0px;--awb-margin-bottom-small:10px;--awb-margin-left-small:0px;--awb-sep-color:var(--awb-custom_color_1);\" id=\"convocatorias\"><h1 class=\"fusion-title-heading title-heading-left fusion-responsive-typography-calculated\" style=\"font-family:&quot;Raleway&quot;;font-style:normal;font-weight:400;margin:0;--fontSize:40;line-height:var(--awb-typography1-line-height);\"><mark class=\"fusion-highlight custom-textcolor highlight1 awb-highlight-background rounded\" style=\"--awb-text-color:#ffffff;\"><strong>Convocatorias<\/strong><\/mark><\/h1><\/div><div class=\"fusion-text fusion-text-1\" style=\"--awb-line-height:1.5em;--awb-margin-left:10px;\"><ul>\n<li>19\u00aa Feria Provincial de Mujeres Empresarias (FEPME) 2025. Diputaci\u00f3n de Sevilla. Informaci\u00f3n e inscripci\u00f3n: <a href=\"https:\/\/www.dipusevilla.es\/la-diputacion\/areas\/area-de-cohesion-social-e-igualdad\/Servicio-de-Igualdad-y-Diversidad\/fepme\/?utm_source=chatgpt.com\">Feria Provincial de Mujeres Empresarias 2025<\/a><\/li>\n<li>Premio Internacional de Investigaci\u00f3n Victoria Kent. Universidad de M\u00e1laga. Plazo de entrega hasta el 30 de septiembre. <a href=\"https:\/\/www.uma.es\/media\/files\/BASES_DEL_XXXIV_PREMIO_INTERNACIONAL_DE_INVESTIGACI%C3%93N_VICTORIA_KENT.pdf\" target=\"_blank\" rel=\"noopener\" data-saferedirecturl=\"https:\/\/www.google.com\/url?q=https:\/\/www.uma.es\/media\/files\/BASES_DEL_XXXIV_PREMIO_INTERNACIONAL_DE_INVESTIGACI%25C3%2593N_VICTORIA_KENT.pdf&amp;source=gmail&amp;ust=1757154417631000&amp;usg=AOvVaw3sQc7FV3MBxVkzyHKal_4D\">Bases de la convocatoria<\/a>.<\/li>\n<li>Ruta literaria \u00abSultanas y reinas de la Alhambra\u00bb, con Juana Biedma Molina.\u00a0Biblioteca de Andaluc\u00eda.\u00a011 de\u00a0septiembre, a las 11:00 horas.\u00a0<a href=\"https:\/\/www.bibliotecasdeandalucia.es\/web\/biblioteca-de-andalucia\/inicio\/-\/asset_publisher\/tj4GE3mYIzOq\/content\/ruta-literaria-sultanas-y-reinas-de-la-alhambra-con-juana-biedma-molina\/maximized?inheritRedirect=false&amp;redirect=https%3A%2F%2Fwww.bibliotecasdeandalucia.es%2Fweb%2Fbiblioteca-de-andalucia%2Finicio%3Fp_p_id%3D101_INSTANCE_tj4GE3mYIzOq%26p_p_lifecycle%3D0%26p_p_state%3Dnormal%26p_p_mode%3Dview%26p_p_col_id%3D_118_INSTANCE_klwBZljhvhka__column-1%26p_p_col_count%3D1\" target=\"_blank\" rel=\"noopener\" data-saferedirecturl=\"https:\/\/www.google.com\/url?q=https:\/\/www.bibliotecasdeandalucia.es\/web\/biblioteca-de-andalucia\/inicio\/-\/asset_publisher\/tj4GE3mYIzOq\/content\/ruta-literaria-sultanas-y-reinas-de-la-alhambra-con-juana-biedma-molina\/maximized?inheritRedirect%3Dfalse%26redirect%3Dhttps%253A%252F%252Fwww.bibliotecasdeandalucia.es%252Fweb%252Fbiblioteca-de-andalucia%252Finicio%253Fp_p_id%253D101_INSTANCE_tj4GE3mYIzOq%2526p_p_lifecycle%253D0%2526p_p_state%253Dnormal%2526p_p_mode%253Dview%2526p_p_col_id%253D_118_INSTANCE_klwBZljhvhka__column-1%2526p_p_col_count%253D1&amp;source=gmail&amp;ust=1757154417631000&amp;usg=AOvVaw3ZLnJ7yDyVT-lcO01R5K5r\">M\u00e1s informaci\u00f3n e inscripciones<\/a>.<\/li>\n<li>Encuentro con Elena Voltan \u201cRomanae Mulieres in Malaca. Estudio, catalogaci\u00f3n y nuevas aproximaciones al estudio de g\u00e9nero en la actualidad en Hispania\u201d.\u00a0Centro Andaluz de las Letras,\u00a0en\u00a0colaboraci\u00f3n con el Instituto Universitario de Investigaci\u00f3n de G\u00e9nero e Igualdad.\u00a016\u00a0de\u00a0septiembre\u00a0de 2025,\u00a0a las 19:30 horas.\u00a0<a href=\"https:\/\/www.juntadeandalucia.es\/cultura\/caletras\/evento\/98548\/M%C3%A1laga.%20Conversaci%C3%B3n%20entre%20Eleonora%20Voltan%20e%20Isabel%20L%C3%B3pez%20Garc%C3%ADa%20de%20%E2%80%98Romanae%20Mulieres%20in%20Malaca.%20Estudio,%20catalogaci%C3%B3n%20y%20nuevas%20aproximaciones%20al%20estudio%20de%20g%C3%A9nero%20en%20la%20actualidad%20en%20Hispania%E2%80%99\" target=\"_blank\" rel=\"noopener\" data-saferedirecturl=\"https:\/\/www.google.com\/url?q=https:\/\/www.juntadeandalucia.es\/cultura\/caletras\/evento\/98548\/M%25C3%25A1laga.%2520Conversaci%25C3%25B3n%2520entre%2520Eleonora%2520Voltan%2520e%2520Isabel%2520L%25C3%25B3pez%2520Garc%25C3%25ADa%2520de%2520%25E2%2580%2598Romanae%2520Mulieres%2520in%2520Malaca.%2520Estudio,%2520catalogaci%25C3%25B3n%2520y%2520nuevas%2520aproximaciones%2520al%2520estudio%2520de%2520g%25C3%25A9nero%2520en%2520la%2520actualidad%2520en%2520Hispania%25E2%2580%2599&amp;source=gmail&amp;ust=1757154417631000&amp;usg=AOvVaw1ITREJZUuiAYPR23h07LOm\">M\u00e1s informaci\u00f3n<\/a>.<\/li>\n<li><a href=\"http:\/\/www.juntadeandalucia.es\/iam\/catalogo\/doc\/convocatorias\/2025-genero\/EL-cartel-curso-IA.jpg\" target=\"_blank\" rel=\"noopener\" data-saferedirecturl=\"https:\/\/www.google.com\/url?q=http:\/\/www.juntadeandalucia.es\/iam\/catalogo\/doc\/convocatorias\/2025-genero\/EL-cartel-curso-IA.jpg&amp;source=gmail&amp;ust=1757154417631000&amp;usg=AOvVaw0qw6Nrn9KUhJ-bXkGK3Hve\">Taller: Futuro Laboral Femenino: La IA como aliada<\/a>. Fundaci\u00f3n Magtel. CEM (Confederaci\u00f3n de empresarios de M\u00e1laga).\u00a017 de octubre, de 9:30 a 13:30 horas. Destinatarias mujeres residentes en M\u00e1laga.\u00a0<a href=\"https:\/\/forms.office.com\/e\/k1HT2wdugw?origin=lprLink\" target=\"_blank\" rel=\"noopener\" data-saferedirecturl=\"https:\/\/www.google.com\/url?q=https:\/\/forms.office.com\/e\/k1HT2wdugw?origin%3DlprLink&amp;source=gmail&amp;ust=1757154417631000&amp;usg=AOvVaw1u5lOL8ac0D3NibHjgM7a1\">Inscripciones<\/a>.<\/li>\n<li>Curso: Migraciones y trata de seres humanos. Especial situaci\u00f3n de las mujeres. Direcci\u00f3n General de Pol\u00edticas Migratorias, Conserjer\u00eda de Inclusi\u00f3n Social, Juventud, Familias e Igualdad. Solicitud de homologaci\u00f3n al Instituto Andaluz de Administraci\u00f3n P\u00fablica (IAAP).\u00a0Destinatarios:\u00a0Personal de la Administraci\u00f3n P\u00fablica de la Junta de Andaluc\u00eda\u00a0y\u00a0la Administraci\u00f3n Local.\u00a0Del 20 al 22 de octubre de 2025.\u00a0<a href=\"https:\/\/forms.office.com\/e\/LVhjQP2qRq\" target=\"_blank\" rel=\"noopener\" data-saferedirecturl=\"https:\/\/www.google.com\/url?q=https:\/\/forms.office.com\/e\/LVhjQP2qRq&amp;source=gmail&amp;ust=1757154417631000&amp;usg=AOvVaw0KnJg9qYLWvPocLjvDFoQ9\">Inscripciones hasta el 18\u00a0de\u00a0septiembre<\/a>.<\/li>\n<li>Masculinidades positivas: Curso sobre igualdad y violencia de g\u00e9nero.\u00a0Asociaci\u00f3n Victoria Kent.\u00a030\u00a0de septiembre.\u00a0<a href=\"https:\/\/www.ampvictoriakent.org\/programa\/masculinidades-positivas-reinventando-los-roles-tradicionales-2\" target=\"_blank\" rel=\"noopener\" data-saferedirecturl=\"https:\/\/www.google.com\/url?q=https:\/\/www.ampvictoriakent.org\/programa\/masculinidades-positivas-reinventando-los-roles-tradicionales-2&amp;source=gmail&amp;ust=1757154417631000&amp;usg=AOvVaw3kw1E7lImIzWWTXaO9oIJz\">M\u00e1s informaci\u00f3n e inscripciones<\/a>.<\/li>\n<li>Formaci\u00f3n online:\u00a0Ciberviolencias contra mujeres y ni\u00f1as.\u00a0Diagn\u00f3stico, estrategias y herramientas para combatir la violencia digital machista.\u00a0Colaboratorias.\u00a0Del 18\u00a0de\u00a0septiembre\u00a0al\u00a07\u00a0de\u00a0octubre.\u00a0<a href=\"https:\/\/forms.gle\/8wYA2F8zwHtKLugTA\" target=\"_blank\" rel=\"noopener\" data-saferedirecturl=\"https:\/\/www.google.com\/url?q=https:\/\/forms.gle\/8wYA2F8zwHtKLugTA&amp;source=gmail&amp;ust=1757154417631000&amp;usg=AOvVaw34wKKpWYWPvDKJqlYwUO_8\">Inscripciones<\/a>.<\/li>\n<li>Taller: \u201cA m\u00ed tambi\u00e9n me duele\u201d. Asociaci\u00f3n Dem\u00e9ter por la Igualdad. 18 de septiembre, a las 16:30 horas.\u00a0Aforo limitado,\u00a0prioridad las personas colegiadas y precolegiadas en el CPTS M\u00e1laga.\u00a0<a href=\"https:\/\/www.trabajosocialmalaga.org\/taller-a-mi-tambien-me-duele\/\" target=\"_blank\" rel=\"noopener\" data-saferedirecturl=\"https:\/\/www.google.com\/url?q=https:\/\/www.trabajosocialmalaga.org\/taller-a-mi-tambien-me-duele\/&amp;source=gmail&amp;ust=1757154417631000&amp;usg=AOvVaw1aBawOZYHx6pj360mBx4ZG\">M\u00e1s informaci\u00f3n e inscripciones<\/a>.<\/li>\n<li>Taller: Diversidad funcional y violencia de g\u00e9nero. Asociaci\u00f3n Dem\u00e9ter por la Igualdad. 25 de septiembre, a las 16:30 horas.\u00a0Aforo limitado,\u00a0prioridad las personas colegiadas y precolegiadas en el CPTS M\u00e1laga.\u00a0<a href=\"https:\/\/www.trabajosocialmalaga.org\/taller-diversidad-funcional-y-violencia-de-genero\/\" target=\"_blank\" rel=\"noopener\" data-saferedirecturl=\"https:\/\/www.google.com\/url?q=https:\/\/www.trabajosocialmalaga.org\/taller-diversidad-funcional-y-violencia-de-genero\/&amp;source=gmail&amp;ust=1757154417631000&amp;usg=AOvVaw2JFCyqnYj29u_eWILtRcLd\">M\u00e1s informaci\u00f3n e inscripciones<\/a>.<\/li>\n<li><span style=\"font-family: Calibri, sans-serif;\">Curso: \u201cPERSPECTIVA DE G\u00c9NERO E INTERCULTURAL EN LOS SERVICIOS DE INTERVENCI\u00d3N CON MUJERES MIGRANTES EMPLEADAS DEL HOGAR\u201d. Federaci\u00f3n de Mujeres Progresistas. 22 de septiembre \u2013 27 de octubre. Modalidad on-line.\u00a0<\/span><span style=\"font-family: Calibri, sans-serif;\"><a href=\"https:\/\/forms.office.com\/e\/nZf09Q0qsb\" target=\"_blank\" rel=\"noopener\" data-saferedirecturl=\"https:\/\/www.google.com\/url?q=https:\/\/forms.office.com\/e\/nZf09Q0qsb&amp;source=gmail&amp;ust=1757141761087000&amp;usg=AOvVaw08n1Vwl4HqrGIRNpglrOCs\">Pre-inscripciones<\/a>.\u00a0<\/span><span style=\"font-family: Calibri, sans-serif;\"><a href=\"http:\/\/www.juntadeandalucia.es\/iam\/catalogo\/doc\/convocatorias\/2025-genero\/El-cartel-esenciales.png\" target=\"_blank\" rel=\"noopener\" data-saferedirecturl=\"https:\/\/www.google.com\/url?q=http:\/\/www.juntadeandalucia.es\/iam\/catalogo\/doc\/convocatorias\/2025-genero\/El-cartel-esenciales.png&amp;source=gmail&amp;ust=1757141761087000&amp;usg=AOvVaw12M-Cr8j8qPO1BLeRdZByA\">Programa<\/a>.\u00a0<\/span><a href=\"http:\/\/www.juntadeandalucia.es\/iam\/catalogo\/doc\/convocatorias\/2025-genero\/El-cartel-esenciales1.png\" target=\"_blank\" rel=\"noopener\" data-saferedirecturl=\"https:\/\/www.google.com\/url?q=http:\/\/www.juntadeandalucia.es\/iam\/catalogo\/doc\/convocatorias\/2025-genero\/El-cartel-esenciales1.png&amp;source=gmail&amp;ust=1757141761087000&amp;usg=AOvVaw1ESMG8lVJQ1RQJxlkE-918\"><span style=\"font-family: Calibri, sans-serif;\">Inscripciones.<\/span><\/a><\/li>\n<li><\/li>\n<\/ul>\n<\/div><\/div><\/div><\/div><\/div><div class=\"fusion-fullwidth fullwidth-box fusion-builder-row-3 fusion-flex-container has-pattern-background has-mask-background hundred-percent-fullwidth non-hundred-percent-height-scrolling\" style=\"--awb-border-radius-top-left:0px;--awb-border-radius-top-right:0px;--awb-border-radius-bottom-right:0px;--awb-border-radius-bottom-left:0px;--awb-padding-right-small:2%;--awb-padding-left-small:2%;--awb-flex-wrap:wrap;\" ><div class=\"fusion-builder-row fusion-row fusion-flex-align-items-flex-start fusion-flex-content-wrap\" style=\"width:104% !important;max-width:104% !important;margin-left: calc(-4% \/ 2 );margin-right: calc(-4% \/ 2 );\"><div class=\"fusion-layout-column fusion_builder_column fusion-builder-column-2 fusion_builder_column_1_1 1_1 fusion-flex-column\" style=\"--awb-padding-right:20px;--awb-padding-left:20px;--awb-padding-right-small:15px;--awb-padding-left-small:15px;--awb-overflow:hidden;--awb-bg-color:var(--awb-color1);--awb-bg-color-hover:var(--awb-color1);--awb-bg-size:cover;--awb-border-color:var(--awb-color3);--awb-border-top:2px;--awb-border-right:2px;--awb-border-bottom:2px;--awb-border-left:2px;--awb-border-style:solid;--awb-border-radius:15px 15px 15px 15px;--awb-width-large:100%;--awb-margin-top-large:0px;--awb-spacing-right-large:1.92%;--awb-margin-bottom-large:20px;--awb-spacing-left-large:1.92%;--awb-width-medium:100%;--awb-order-medium:0;--awb-spacing-right-medium:1.92%;--awb-spacing-left-medium:1.92%;--awb-width-small:100%;--awb-order-small:0;--awb-spacing-right-small:0px;--awb-spacing-left-small:0px;\" id=\"comunicacion_tics\" data-scroll-devices=\"small-visibility,medium-visibility,large-visibility\"><div class=\"fusion-column-wrapper fusion-column-has-shadow fusion-flex-justify-content-flex-start fusion-content-layout-column\"><div class=\"fusion-title title fusion-title-3 fusion-sep-none fusion-title-text fusion-title-size-one\" style=\"--awb-margin-top:20px;--awb-margin-top-small:10px;--awb-margin-right-small:0px;--awb-margin-bottom-small:10px;--awb-margin-left-small:0px;--awb-sep-color:var(--awb-custom_color_1);\" id=\"comunicacion\"><h1 class=\"fusion-title-heading title-heading-left fusion-responsive-typography-calculated\" style=\"font-family:&quot;Raleway&quot;;font-style:normal;font-weight:400;margin:0;--fontSize:40;line-height:var(--awb-typography1-line-height);\"><mark class=\"fusion-highlight custom-textcolor highlight1 awb-highlight-background rounded\" style=\"--awb-color:#db9600;--awb-text-color:#ffffff;\"><strong>Comunicaci\u00f3n, Publicidad y TICs<\/strong><\/mark><\/h1><\/div><div class=\"fusion-text fusion-text-2\" style=\"--awb-line-height:1.5em;--awb-margin-left:10px;\"><div class=\"lSfe4c r5bEn aI5QMe\">\n<div class=\"SoAPf\">\n<ul>\n<li role=\"heading\" aria-level=\"3\"><a href=\"https:\/\/www.ondacero.es\/emisoras\/navarra\/pamplona\/noticias\/judith-torrea-nos-hemos-olvidado-principios-basicos-periodismo-etica-formacion_2025090968c02230bf88027389747a7b.html\">Judith Torrea: \u201cNos hemos olvidado los principios b\u00e1sicos del periodismo: \u00e9tica y formaci\u00f3n\u201d <\/a>\u00a0@ondacero<\/li>\n<li role=\"heading\" aria-level=\"3\"><a href=\"https:\/\/www.theclinic.cl\/2025\/09\/05\/desde-las-brechas-de-genero-a-la-amenaza-de-la-desinformacion-el-diagnostico-de-las-mujeres-periodistas-sobre-la-realidad-de-las-reporteras-chilenas\/\">Desde las brechas de g\u00e9nero a la amenaza de la desinformaci\u00f3n: el diagn\u00f3stico de las mujeres periodistas sobre la realidad de las reporteras chilenas<\/a> @theclinic<\/li>\n<li role=\"heading\" aria-level=\"3\"><a href=\"https:\/\/www.elperiodicoextremadura.com\/badajoz\/2025\/09\/04\/iii-jornadas-periodismo-cronica-badajoz-121251606.html\">Las III Jornadas de Periodismo de La Cr\u00f3nica de Badajoz abordan el papel de la mujer en la comunicaci\u00f3n<\/a>@elperiodicodeextremadura<\/li>\n<li role=\"heading\" aria-level=\"3\"><a href=\"https:\/\/www.elperiodico.com\/es\/sociedad\/20250903\/italia-debate-machismo-internet-foros-imagenes-mujeres-sin-consentimiento-121164839\">El esc\u00e1ndalo de los foros con im\u00e1genes sexistas de mujeres reabre en Italia el debate sobre el machismo en Internet<\/a> @elperiodico<\/li>\n<li role=\"heading\" aria-level=\"3\"><a href=\"https:\/\/www.ideal.es\/culturas\/musica\/rauw-alejandro-bizarrap-karol-machismo-exitos-musicales-20250909073358-ntrc.html\">Rauw Alejandro, Bizarrap o Karol G: el machismo en los \u00e9xitos musicales de una d\u00e9cada en datos <\/a> @ideal<\/li>\n<\/ul>\n<\/div>\n<\/div>\n<\/div><\/div><\/div><\/div><\/div><div class=\"fusion-fullwidth fullwidth-box fusion-builder-row-4 fusion-flex-container has-pattern-background has-mask-background hundred-percent-fullwidth non-hundred-percent-height-scrolling\" style=\"--awb-border-radius-top-left:0px;--awb-border-radius-top-right:0px;--awb-border-radius-bottom-right:0px;--awb-border-radius-bottom-left:0px;--awb-padding-right-small:2%;--awb-padding-left-small:2%;--awb-flex-wrap:wrap;\" id=\"and\" ><div class=\"fusion-builder-row fusion-row fusion-flex-align-items-flex-start fusion-flex-content-wrap\" style=\"width:104% !important;max-width:104% !important;margin-left: calc(-4% \/ 2 );margin-right: calc(-4% \/ 2 );\"><div class=\"fusion-layout-column fusion_builder_column fusion-builder-column-3 fusion_builder_column_1_1 1_1 fusion-flex-column\" style=\"--awb-padding-right:20px;--awb-padding-left:20px;--awb-padding-right-small:15px;--awb-padding-left-small:15px;--awb-overflow:hidden;--awb-bg-color:var(--awb-color1);--awb-bg-color-hover:var(--awb-color1);--awb-bg-size:cover;--awb-border-color:var(--awb-color3);--awb-border-top:2px;--awb-border-right:2px;--awb-border-bottom:2px;--awb-border-left:2px;--awb-border-style:solid;--awb-border-radius:15px 15px 15px 15px;--awb-width-large:100%;--awb-margin-top-large:0px;--awb-spacing-right-large:1.92%;--awb-margin-bottom-large:20px;--awb-spacing-left-large:1.92%;--awb-width-medium:100%;--awb-order-medium:0;--awb-spacing-right-medium:1.92%;--awb-spacing-left-medium:1.92%;--awb-width-small:100%;--awb-order-small:0;--awb-spacing-right-small:0px;--awb-spacing-left-small:0px;\" id=\"c_andalucia\" data-scroll-devices=\"small-visibility,medium-visibility,large-visibility\"><div class=\"fusion-column-wrapper fusion-column-has-shadow fusion-flex-justify-content-flex-start fusion-content-layout-column\"><div class=\"fusion-title title fusion-title-4 fusion-sep-none fusion-title-text fusion-title-size-one\" style=\"--awb-margin-top:20px;--awb-margin-top-small:10px;--awb-margin-right-small:0px;--awb-margin-bottom-small:10px;--awb-margin-left-small:0px;--awb-sep-color:var(--awb-custom_color_1);\" id=\"andalucia\"><h1 class=\"fusion-title-heading title-heading-left fusion-responsive-typography-calculated\" style=\"font-family:&quot;Raleway&quot;;font-style:normal;font-weight:400;margin:0;--fontSize:40;line-height:var(--awb-typography1-line-height);\"><mark class=\"fusion-highlight custom-textcolor highlight1 awb-highlight-background rounded\" style=\"--awb-color:#4cb700;--awb-text-color:#ffffff;\"><strong>Andaluc\u00eda<\/strong><\/mark><\/h1><\/div><div class=\"fusion-title title fusion-title-5 fusion-sep-none fusion-title-text fusion-title-size-two fusion-animated\" style=\"--awb-text-color:var(--awb-color7);--awb-margin-top-small:10px;--awb-margin-right-small:0px;--awb-margin-bottom-small:10px;--awb-margin-left-small:0px;--awb-sep-color:var(--awb-custom_color_1);--awb-font-size:24px;\" data-animationType=\"fadeIn\" data-animationDuration=\"0.3\" data-animationOffset=\"top-into-view\" id=\"a_institucional\"><h2 class=\"fusion-title-heading title-heading-left fusion-responsive-typography-calculated\" style=\"margin:0;font-size:1em;--fontSize:24;line-height:var(--awb-typography1-line-height);\"><mark class=\"fusion-highlight light highlight1 awb-highlight-background rounded\" style=\"--awb-color:#d1d1d1;\"><strong> Institucional<\/strong>\u00a0<\/mark><\/h2><\/div><div class=\"fusion-text fusion-text-3\" style=\"--awb-line-height:1.5em;\"><div class=\"lSfe4c r5bEn aI5QMe\">\n<div class=\"SoAPf\">\n<ul>\n<li role=\"heading\" aria-level=\"3\"><a href=\"https:\/\/www.msn.com\/es-es\/noticias\/espana\/moreno-inicia-la-tramitaci%C3%B3n-de-la-nueva-ley-de-vivienda-de-andaluc%C3%ADa-para-aprobarla-antes-de-las-elecciones\/ar-AA1Mbntw?ocid=BingNewsVerp\">Moreno inicia la tramitaci\u00f3n de la nueva ley de vivienda de Andaluc\u00eda para aprobarla antes de las elecciones<\/a> @20minutos<\/li>\n<\/ul>\n<div class=\"n0jPhd ynAwRc MBeuO nDgy9d\" role=\"heading\" aria-level=\"3\"><\/div>\n<div role=\"heading\" aria-level=\"3\"><\/div>\n<div role=\"heading\" aria-level=\"3\"><\/div>\n<\/div>\n<\/div>\n<\/div><div class=\"fusion-title title fusion-title-6 fusion-sep-none fusion-title-text fusion-title-size-two fusion-animated\" style=\"--awb-text-color:var(--awb-color7);--awb-margin-top-small:10px;--awb-margin-right-small:0px;--awb-margin-bottom-small:10px;--awb-margin-left-small:0px;--awb-sep-color:var(--awb-custom_color_1);--awb-font-size:24px;\" data-animationType=\"fadeIn\" data-animationDuration=\"0.3\" data-animationOffset=\"top-into-view\" id=\"a_economia_empresa\"><h2 class=\"fusion-title-heading title-heading-left fusion-responsive-typography-calculated\" style=\"margin:0;font-size:1em;--fontSize:24;line-height:var(--awb-typography1-line-height);\"><mark class=\"fusion-highlight light highlight1 awb-highlight-background rounded\" style=\"--awb-color:#d1d1d1;\"><strong>Econom\u00eda y Empresa<\/strong><\/mark><\/h2><\/div><div class=\"fusion-text fusion-text-4\" style=\"--awb-line-height:1.5em;\"><div class=\"n0jPhd ynAwRc tNxQIb nDgy9d\" role=\"heading\" aria-level=\"3\">\n<div class=\"n0jPhd ynAwRc tNxQIb nDgy9d\" role=\"heading\" aria-level=\"3\">\n<div class=\"lSfe4c r5bEn aI5QMe\">\n<div class=\"SoAPf\">\n<ul>\n<li role=\"heading\" aria-level=\"3\"><a href=\"https:\/\/www.telecinco.es\/noticias\/andalucia\/20250909\/maria-morales-voz-femenina-impulsa-agricultura-andaluza_18_016541179.html\">Mar\u00eda Morales, presidenta de ASAJA Sevilla, la voz femenina que impulsa la agricultura andaluza<\/a> @telecinco<\/li>\n<li role=\"heading\" aria-level=\"3\"><a href=\"https:\/\/www.google.com\/url?rct=j&amp;sa=t&amp;url=https:\/\/andaluciaeconomica.com\/coviran-y-sus-socios-refuerzan-el-compromiso-solidario-con-las-personas-mas-vulnerables\/&amp;ct=ga&amp;cd=CAEYACoUMTM3MDUxNDQxNzU0NzczNTU2MjYyGzkxODg1N2NkNjBmOTc3NDg6ZXM6ZXM6RVM6TA&amp;usg=AOvVaw0sWZDrfnrtCB5segVtyIcG\" target=\"_blank\" rel=\"noopener\" data-saferedirecturl=\"https:\/\/www.google.com\/url?q=https:\/\/www.google.com\/url?rct%3Dj%26sa%3Dt%26url%3Dhttps:\/\/andaluciaeconomica.com\/coviran-y-sus-socios-refuerzan-el-compromiso-solidario-con-las-personas-mas-vulnerables\/%26ct%3Dga%26cd%3DCAEYACoUMTM3MDUxNDQxNzU0NzczNTU2MjYyGzkxODg1N2NkNjBmOTc3NDg6ZXM6ZXM6RVM6TA%26usg%3DAOvVaw0sWZDrfnrtCB5segVtyIcG&amp;source=gmail&amp;ust=1757141757192000&amp;usg=AOvVaw2pKVmPkBLCKat508SF8vLR\">Covir\u00e1n y sus socios refuerzan el compromiso solidario\u00a0con las personas m\u00e1s vulnerables <\/a>\u00a0@<a>Andaluc\u00eda Econ\u00f3mica<\/a><\/li>\n<li role=\"heading\" aria-level=\"3\"><a href=\"https:\/\/www.google.com\/url?rct=j&amp;sa=t&amp;url=https:\/\/www.europapress.es\/andalucia\/unia-01278\/noticia-experta-destaca-mayor-resiliencia-cooperativas-contextos-economicos-dificiles-20250905113008.html&amp;ct=ga&amp;cd=CAEYACoUMTExMDYzMzU0NjkzMjI4NTYzMjMyGWRiNmMzZTkyMGZhYzE1NmE6ZXM6ZXM6RVM&amp;usg=AOvVaw1EiX-oAvW3rXTEQWm6Yp5X\" target=\"_blank\" rel=\"noopener\" data-saferedirecturl=\"https:\/\/www.google.com\/url?q=https:\/\/www.google.com\/url?rct%3Dj%26sa%3Dt%26url%3Dhttps:\/\/www.europapress.es\/andalucia\/unia-01278\/noticia-experta-destaca-mayor-resiliencia-cooperativas-contextos-economicos-dificiles-20250905113008.html%26ct%3Dga%26cd%3DCAEYACoUMTExMDYzMzU0NjkzMjI4NTYzMjMyGWRiNmMzZTkyMGZhYzE1NmE6ZXM6ZXM6RVM%26usg%3DAOvVaw1EiX-oAvW3rXTEQWm6Yp5X&amp;source=gmail&amp;ust=1757401087756000&amp;usg=AOvVaw1s1ss3INh40qNeeDjqtpxU\">Experta destaca la mayor resiliencia de las cooperativas en contextos econ\u00f3micos dif\u00edciles <\/a><a>@Europa Press<\/a><\/li>\n<li role=\"heading\" aria-level=\"3\"><a href=\"https:\/\/www.eldiadecordoba.es\/cordoba\/foro-empresarias-profesionales-mujeres-cordoba_0_2004698259.html\">El Foro de Empresarias y Profesionales reconoce a mujeres y entidades destacadas de C\u00f3rdoba<\/a> @DiarioCordoba<\/li>\n<li role=\"heading\" aria-level=\"3\"><a href=\"https:\/\/www.msn.com\/es-es\/noticias\/espana\/un-total-de-127-empresas-andaluzas-piden-asesoramiento-a-la-junta-para-impulsar-medidas-y-planes-de-igualdad\/ar-AA1M093u?ocid=BingNewsVerp\">Un total de 127 empresas andaluzas piden asesoramiento a la Junta para impulsar medidas y planes de igualdad<\/a> @europapress<\/li>\n<li role=\"heading\" aria-level=\"3\"><a href=\"https:\/\/www.msn.com\/es-es\/motor\/noticias\/visibilizan-el-papel-de-la-mujer-en-el-mundo-del-automovilismo\/ar-AA1MbMcf?ocid=BingNewsVerp\">Visibilizan el papel de la mujer en el mundo del automovilismo<\/a> @elespa\u00f1ol<\/li>\n<li role=\"heading\" aria-level=\"3\"><a href=\"https:\/\/www.huelvainformacion.es\/huelva\/huelva-acogera-ii-edicion-premios_0_2004735675.html\">Huelva acoger\u00e1 la II edici\u00f3n de los Premios al Emprendimiento Femenino en la provincia el 27 de octubre en el Muelle de las Carabelas<\/a>@huelvainformacion<\/li>\n<li role=\"heading\" aria-level=\"3\"><a href=\"https:\/\/www.msn.com\/es-es\/dinero\/economia\/el-observatorio-econ%C3%B3mico-de-andaluc%C3%ADa-revisa-al-alza-el-crecimiento-de-este-a%C3%B1o-hasta-el-25\/ar-AA1MbHKJ?ocid=BingNewsVerp\">El Observatorio Econ\u00f3mico de Andaluc\u00eda revisa al alza el crecimiento de este a\u00f1o hasta el 2,5%<\/a> @eleconomista<\/li>\n<\/ul>\n<\/div>\n<\/div>\n<\/div>\n<\/div>\n<\/div><div class=\"fusion-title title fusion-title-7 fusion-sep-none fusion-title-text fusion-title-size-two fusion-animated\" style=\"--awb-text-color:var(--awb-color7);--awb-margin-top-small:10px;--awb-margin-right-small:0px;--awb-margin-bottom-small:10px;--awb-margin-left-small:0px;--awb-sep-color:var(--awb-custom_color_1);--awb-font-size:24px;\" data-animationType=\"fadeIn\" data-animationDuration=\"0.3\" data-animationOffset=\"top-into-view\" id=\"a_actualidad\"><h2 class=\"fusion-title-heading title-heading-left fusion-responsive-typography-calculated\" style=\"margin:0;font-size:1em;--fontSize:24;line-height:var(--awb-typography1-line-height);\"><mark class=\"fusion-highlight light highlight1 awb-highlight-background rounded\" style=\"--awb-color:#d1d1d1;\"><strong>Actualidad<\/strong><\/mark><\/h2><\/div><div class=\"fusion-text fusion-text-5\" style=\"--awb-line-height:1.5em;\"><div class=\"lSfe4c r5bEn aI5QMe\">\n<div class=\"SoAPf\">\n<div role=\"heading\" aria-level=\"3\">\n<div class=\"lSfe4c r5bEn aI5QMe\">\n<div class=\"SoAPf\">\n<div class=\"lSfe4c r5bEn aI5QMe\">\n<div class=\"SoAPf\">\n<ul>\n<li><a href=\"https:\/\/www.andaluciainformacion.es\/articulo\/el-condado-local\/iam-mancomunidad-garantizan-continuidad-centro-informacion-mujer-once-localidades-condado\/202509051121323134516.html\">Once municipios del Condado mantendr\u00e1n su Centro de Informaci\u00f3n a la Mujer gracias al IAM y la Mancomunidad<\/a> @andaluciainformacion<\/li>\n<li><a href=\"https:\/\/www.lavozdealmeria.com\/sociedad\/321225\/laura-baena-m-madre-debe-aplastar-m-mujer.html\">Laura Baena: \u201cLa \u2018m\u2019 de madre no debe aplastar a la \u2018m\u2019 de mujer\u201d<\/a> @diariodealmeria<\/li>\n<li><a href=\"https:\/\/www.abc.es\/espana\/andalucia\/andalucia-refuerza-prevencion-conducta-suicida-personas-mayores-20250909174440-nts.html\">Andaluc\u00eda refuerza la prevenci\u00f3n de la conducta suicida en personas mayores en situaci\u00f3n de aislamiento<\/a> @abc<\/li>\n<\/ul>\n<\/div>\n<\/div>\n<\/div>\n<\/div>\n<\/div>\n<div role=\"heading\" aria-level=\"3\"><\/div>\n<\/div>\n<\/div>\n<\/div><div class=\"fusion-title title fusion-title-8 fusion-sep-none fusion-title-text fusion-title-size-two fusion-animated\" style=\"--awb-text-color:var(--awb-color7);--awb-margin-top-small:10px;--awb-margin-right-small:0px;--awb-margin-bottom-small:10px;--awb-margin-left-small:0px;--awb-sep-color:var(--awb-custom_color_1);--awb-font-size:24px;\" data-animationType=\"fadeIn\" data-animationDuration=\"0.3\" data-animationOffset=\"top-into-view\" id=\"a_violencias\"><h2 class=\"fusion-title-heading title-heading-left fusion-responsive-typography-calculated\" style=\"margin:0;font-size:1em;--fontSize:24;line-height:var(--awb-typography1-line-height);\"><mark class=\"fusion-highlight light highlight1 awb-highlight-background rounded\" style=\"--awb-color:#d1d1d1;\"><strong>Violencias<\/strong><\/mark><\/h2><\/div><div class=\"fusion-text fusion-text-6\" style=\"--awb-line-height:1.5em;\"><div class=\"lSfe4c r5bEn aI5QMe\">\n<div class=\"SoAPf\">\n<ul>\n<li><a href=\"https:\/\/cadenaser.com\/andalucia\/2025\/09\/02\/ayudandolas-a-recuperar-su-vida-80-mujeres-han-sido-atendidas-en-centros-de-acogidas-hasta-julio-radio-algeciras\/\">Ayud\u00e1ndolas a recuperar su vida, 80 mujeres han sido atendidas en centros de acogidas hasta julio | Hoy por Hoy Campo de Gibraltar |\u00a0<\/a>@cadenaser<\/li>\n<li><a href=\"https:\/\/www.msn.com\/es-es\/noticias\/espana\/la-junta-contabiliza-en-torno-a-700-llamadas-al-tel%C3%A9fono-de-violencia-intrafamiliar-en-casi-a%C3%B1o-y-medio-desde-2023\/ar-AA1M2rpX?ocid=BingNewsVerp\">La Junta contabiliza en torno a 700 llamadas al tel\u00e9fono de violencia intrafamiliar en casi a\u00f1o y medio desde 2023<\/a> @europapress<\/li>\n<li><a href=\"https:\/\/www.msn.com\/es-es\/noticias\/espana\/andaluc%C3%ADa-suma-ocho-mujeres-muertas-por-violencia-de-g%C3%A9nero-en-2025-tras-caso-de-sevillasegundo-en-quince-d%C3%ADas\/ar-AA1M7aRk?ocid=BingNewsVerp\">Andaluc\u00eda suma ocho mujeres muertas por violencia de g\u00e9nero en 2025 tras caso de Sevilla,segundo en quince d\u00edas<\/a> @europapress<\/li>\n<\/ul>\n<\/div>\n<\/div>\n<\/div><div class=\"fusion-title title fusion-title-9 fusion-sep-none fusion-title-text fusion-title-size-two fusion-animated\" style=\"--awb-text-color:var(--awb-color7);--awb-margin-top-small:10px;--awb-margin-right-small:0px;--awb-margin-bottom-small:10px;--awb-margin-left-small:0px;--awb-sep-color:var(--awb-custom_color_1);--awb-font-size:24px;\" data-animationType=\"fadeIn\" data-animationDuration=\"0.3\" data-animationOffset=\"top-into-view\" id=\"a_violencias\"><h2 class=\"fusion-title-heading title-heading-left fusion-responsive-typography-calculated\" style=\"margin:0;font-size:1em;--fontSize:24;line-height:var(--awb-typography1-line-height);\"><mark class=\"fusion-highlight light highlight1 awb-highlight-background rounded\" style=\"--awb-color:#d1d1d1;\"><strong> Ciencia y Cultura<\/strong> <\/mark><\/h2><\/div><div class=\"fusion-text fusion-text-7\" style=\"--awb-line-height:1.5em;\"><div class=\"SoAPf\">\n<ul>\n<li><a href=\"https:\/\/www.msn.com\/es-es\/noticias\/espana\/cajasol-la-fundaci%C3%B3n-cajasol-acoge-la-muestra-mujeres-romero-de-torres-y-grandes-artistas-contempor%C3%A1neos\/ar-AA1LST9V?ocid=BingNewsVerp\">Cajasol.- La Fundaci\u00f3n Cajasol acoge la muestra &#8216;Mujeres. Romero de Torres y grandes artistas contempor\u00e1neos&#8217;<\/a> @europapress<\/li>\n<li><a href=\"https:\/\/www.diariodecadiz.es\/noticias-provincia-cadiz\/generamma-festival-cine-mujeres-chiclana_0_2004689634.html\">Generamma, el Festival de Cine realizado por Mujeres, abre paso a su quinta edici\u00f3n en Chiclana<\/a> @diariodecadiz<\/li>\n<li><a href=\"https:\/\/cadenaser.com\/andalucia\/2025\/09\/05\/una-de-las-artistas-mas-importantes-del-mundo-en-el-arte-contemporaneo-lita-cabellut-estrenara-en-renace-baeza-radio-jaen\/\">Una de las artistas m\u00e1s importantes del mundo en el arte contempor\u00e1neo, Lita Cabellut, estrenar\u00e1 en Renace Baeza <\/a> @cadenaser<\/li>\n<li><a href=\"https:\/\/www.ideal.es\/jaen\/jaen\/exposicion-sobre-historia-cultura-mujer-gitana-20250909212443-nt.html\">Exposici\u00f3n sobre la historia y cultura de la mujer gitana<\/a> @ideal<\/li>\n<li><a href=\"https:\/\/www.msn.com\/es-es\/entretenimiento\/cine\/la-filmoteca-de-andaluc%C3%ADa-presenta-el-ciclo-la-primera-vez-que-re%C3%BAne-las-%C3%B3peras-primas-de-nueve-directores\/ar-AA1MbfTS?ocid=BingNewsVerp\">La Filmoteca de Andaluc\u00eda presenta el ciclo &#8216;La primera vez&#8217;, que re\u00fane las \u00f3peras primas de nueve directores<\/a> @europapress<\/li>\n<li><a href=\"https:\/\/sevillaymas.com\/noticias\/24429-Virginia-Bersab-descubre-la-emocin-de-la-interaccin-con-el-pblico-con-su-mural-para-Plazes-24-en-El-Viso-del-Alcor\">Virginia Bersab\u00e9 descubre \u201cla emoci\u00f3n de la interacci\u00f3n con el p\u00fablico\u201d con su mural para \u2018Plazes-24\u2019 en El Viso del Alcor &#8211; <\/a>@sevillaymas.com<\/li>\n<\/ul>\n<\/div>\n<div class=\"SoAPf\">\n<div role=\"heading\" aria-level=\"3\"><\/div>\n<div role=\"heading\" aria-level=\"3\"><\/div>\n<\/div>\n<div class=\"lSfe4c r5bEn aI5QMe\">\n<div class=\"SoAPf\"><\/div>\n<\/div>\n<\/div><div class=\"fusion-title title fusion-title-10 fusion-sep-none fusion-title-text fusion-title-size-two fusion-animated\" style=\"--awb-text-color:var(--awb-color7);--awb-margin-top-small:10px;--awb-margin-right-small:0px;--awb-margin-bottom-small:10px;--awb-margin-left-small:0px;--awb-sep-color:var(--awb-custom_color_1);--awb-font-size:24px;\" data-animationType=\"fadeIn\" data-animationDuration=\"0.3\" data-animationOffset=\"top-into-view\" id=\"a_deporte\"><h2 class=\"fusion-title-heading title-heading-left fusion-responsive-typography-calculated\" style=\"margin:0;font-size:1em;--fontSize:24;line-height:var(--awb-typography1-line-height);\"><mark class=\"fusion-highlight light highlight1 awb-highlight-background rounded\" style=\"--awb-color:#d1d1d1;\"><strong> Deporte<\/strong> <\/mark><\/h2><\/div><div class=\"fusion-text fusion-text-8\" style=\"--awb-line-height:1.5em;\"><div class=\"lSfe4c r5bEn aI5QMe\">\n<div class=\"SoAPf\">\n<div role=\"heading\" aria-level=\"3\">\n<div class=\"lSfe4c r5bEn aI5QMe\">\n<div class=\"SoAPf\">\n<ul>\n<li role=\"heading\" aria-level=\"3\"><a href=\"https:\/\/www.diariodealmeria.es\/deportes\/almeria-sede-copa-andalucia-balonmano_0_2004724039.html\">Almer\u00eda ser\u00e1 sede de la final de la Copa de Andaluc\u00eda de Balonmano Femenina<\/a> @diarioalmeria<\/li>\n<\/ul>\n<\/div>\n<\/div>\n<\/div>\n<div role=\"heading\" aria-level=\"3\"><\/div>\n<div role=\"heading\" aria-level=\"3\"><\/div>\n<\/div>\n<\/div>\n<\/div><\/div><\/div><\/div><\/div><div class=\"fusion-fullwidth fullwidth-box fusion-builder-row-5 fusion-flex-container has-pattern-background has-mask-background hundred-percent-fullwidth non-hundred-percent-height-scrolling\" style=\"--awb-border-radius-top-left:0px;--awb-border-radius-top-right:0px;--awb-border-radius-bottom-right:0px;--awb-border-radius-bottom-left:0px;--awb-padding-right-small:2%;--awb-padding-left-small:2%;--awb-flex-wrap:wrap;\" ><div class=\"fusion-builder-row fusion-row fusion-flex-align-items-flex-start fusion-flex-content-wrap\" style=\"width:104% !important;max-width:104% !important;margin-left: calc(-4% \/ 2 );margin-right: calc(-4% \/ 2 );\"><div class=\"fusion-layout-column fusion_builder_column fusion-builder-column-4 fusion_builder_column_1_1 1_1 fusion-flex-column\" style=\"--awb-padding-right:20px;--awb-padding-left:20px;--awb-padding-right-small:15px;--awb-padding-left-small:15px;--awb-overflow:hidden;--awb-bg-color:var(--awb-color1);--awb-bg-color-hover:var(--awb-color1);--awb-bg-size:cover;--awb-border-color:var(--awb-color3);--awb-border-top:2px;--awb-border-right:2px;--awb-border-bottom:2px;--awb-border-left:2px;--awb-border-style:solid;--awb-border-radius:15px 15px 15px 15px;--awb-width-large:100%;--awb-margin-top-large:0px;--awb-spacing-right-large:1.92%;--awb-margin-bottom-large:20px;--awb-spacing-left-large:1.92%;--awb-width-medium:100%;--awb-order-medium:0;--awb-spacing-right-medium:1.92%;--awb-spacing-left-medium:1.92%;--awb-width-small:100%;--awb-order-small:0;--awb-spacing-right-small:0px;--awb-spacing-left-small:0px;\" id=\"c_estado\" data-scroll-devices=\"small-visibility,medium-visibility,large-visibility\"><div class=\"fusion-column-wrapper fusion-column-has-shadow fusion-flex-justify-content-flex-start fusion-content-layout-column\"><div class=\"fusion-title title fusion-title-11 fusion-sep-none fusion-title-text fusion-title-size-one\" style=\"--awb-margin-top:20px;--awb-margin-top-small:10px;--awb-margin-right-small:0px;--awb-margin-bottom-small:10px;--awb-margin-left-small:0px;--awb-sep-color:var(--awb-custom_color_1);\" id=\"estado\"><h1 class=\"fusion-title-heading title-heading-left fusion-responsive-typography-calculated\" style=\"font-family:&quot;Raleway&quot;;font-style:normal;font-weight:400;margin:0;--fontSize:40;line-height:var(--awb-typography1-line-height);\"><mark class=\"fusion-highlight custom-textcolor highlight1 awb-highlight-background rounded\" style=\"--awb-text-color:#ffffff;\"><strong>Estado<\/strong><\/mark><\/h1><\/div><div class=\"fusion-title title fusion-title-12 fusion-sep-none fusion-title-text fusion-title-size-two fusion-animated\" style=\"--awb-text-color:var(--awb-color7);--awb-margin-top-small:10px;--awb-margin-right-small:0px;--awb-margin-bottom-small:10px;--awb-margin-left-small:0px;--awb-sep-color:var(--awb-custom_color_1);--awb-font-size:24px;\" data-animationType=\"fadeIn\" data-animationDuration=\"0.3\" data-animationOffset=\"top-into-view\" id=\"e_institucional\"><h2 class=\"fusion-title-heading title-heading-left fusion-responsive-typography-calculated\" style=\"margin:0;font-size:1em;--fontSize:24;line-height:var(--awb-typography1-line-height);\"><mark class=\"fusion-highlight light highlight1 awb-highlight-background rounded\" style=\"--awb-color:#d1d1d1;\"><strong> Institucional<\/strong>\u00a0<\/mark><\/h2><\/div><div class=\"fusion-text fusion-text-9\" style=\"--awb-line-height:1.5em;\"><ul>\n<li><a href=\"https:\/\/www.europapress.es\/epsocial\/igualdad\/noticia-montero-reivindica-mujeres-gobiernos-afea-solo-diga-son-trabajadoras-no-cono-son-listas-20250904115818.html\">Montero reivindica a las mujeres en los gobiernos y afea que s\u00f3lo se diga que son trabajadoras: \u00abNo, co\u00f1o, son listas\u00bb<\/a> @europapress<\/li>\n<li><a href=\"https:\/\/www.msn.com\/es-es\/noticias\/espana\/d%C3%ADaz-asegura-que-la-reducci%C3%B3n-de-la-jornada-saldr%C3%A1-adelante-porque-est%C3%A1-ganada-en-la-calle\/ar-AA1LVGzF?ocid=BingNewsVerp\">D\u00edaz asegura que la reducci\u00f3n de la jornada saldr\u00e1 adelante \u00abporque est\u00e1 ganada en la calle\u00bb<\/a> @europapress<\/li>\n<li><a href=\"https:\/\/www.google.com\/url?rct=j&amp;sa=t&amp;url=https:\/\/www.mapa.gob.es\/es\/prensa\/ultimas-noticias\/detalle_noticias\/el-ministerio-de-agricultura--pesca-y-alimentaci-n-reconoce-con-un-premio-honor-fico-a-las-mujeres-cooperativistas-del-sector-agroalimentario-\/f79047c0-fc5f-4e23-bd79-445ee294f398&amp;ct=ga&amp;cd=CAEYBCoUMTI5MzY1NjgxODM4ODcwMzU2ODYyGTAwN2NjMjk1MWZlN2IzMTY6ZXM6ZXM6RVM&amp;usg=AOvVaw3wS5k0777ZbG99UbWa3NAf\" target=\"_blank\" rel=\"noopener\" data-saferedirecturl=\"https:\/\/www.google.com\/url?q=https:\/\/www.google.com\/url?rct%3Dj%26sa%3Dt%26url%3Dhttps:\/\/www.mapa.gob.es\/es\/prensa\/ultimas-noticias\/detalle_noticias\/el-ministerio-de-agricultura--pesca-y-alimentaci-n-reconoce-con-un-premio-honor-fico-a-las-mujeres-cooperativistas-del-sector-agroalimentario-\/f79047c0-fc5f-4e23-bd79-445ee294f398%26ct%3Dga%26cd%3DCAEYBCoUMTI5MzY1NjgxODM4ODcwMzU2ODYyGTAwN2NjMjk1MWZlN2IzMTY6ZXM6ZXM6RVM%26usg%3DAOvVaw3wS5k0777ZbG99UbWa3NAf&amp;source=gmail&amp;ust=1757517599949000&amp;usg=AOvVaw16zMCxaTB8AdMmXq1UA8Ts\">El Ministerio de Agricultura, Pesca y Alimentaci\u00f3n reconoce con un premio honor\u00edfico a las mujeres cooperativistas del sector agroalimentario &#8230;<\/a><a>@Ministerio de Agricultura, Pesca y Alimentaci\u00f3n<\/a><\/li>\n<\/ul>\n<\/div><div class=\"fusion-title title fusion-title-13 fusion-sep-none fusion-title-text fusion-title-size-two fusion-animated\" style=\"--awb-text-color:var(--awb-color7);--awb-margin-top-small:10px;--awb-margin-right-small:0px;--awb-margin-bottom-small:10px;--awb-margin-left-small:0px;--awb-sep-color:var(--awb-custom_color_1);--awb-font-size:24px;\" data-animationType=\"fadeIn\" data-animationDuration=\"0.3\" data-animationOffset=\"top-into-view\" id=\"e_institucional_ccaa\"><h2 class=\"fusion-title-heading title-heading-left fusion-responsive-typography-calculated\" style=\"margin:0;font-size:1em;--fontSize:24;line-height:var(--awb-typography1-line-height);\"><mark class=\"fusion-highlight light highlight1 awb-highlight-background rounded\" style=\"--awb-color:#d1d1d1;\"><strong> Institucional &#8211; CCAA<\/strong>\u00a0<\/mark><\/h2><\/div><div class=\"fusion-text fusion-text-10\" style=\"--awb-line-height:1.5em;\"><div class=\"lSfe4c r5bEn aI5QMe\">\n<div class=\"SoAPf\">\n<ul>\n<li role=\"heading\" aria-level=\"3\"><a href=\"https:\/\/cadenaser.com\/navarra\/2025\/09\/04\/en-marcha-un-renovado-programa-de-empoderamiento-social-y-politico-de-las-mujeres-promovido-por-el-inai-radio-pamplona\/\">En marcha un renovado programa de empoderamiento social y pol\u00edtico de las mujeres promovido por el INAI <\/a> @cadenaser<\/li>\n<li role=\"heading\" aria-level=\"3\"><a href=\"https:\/\/www.galiciapress.es\/articulo\/economia\/2025-09-01\/5412111-xunta-promueve-medidas-impulsar-igualdad-efectiva-mujeres-ambito-rural-mar\">La Xunta promueve medidas para impulsar la igualdad efectiva de las mujeres en el \u00e1mbito rural y del mar<\/a> @galiciapress<\/li>\n<li role=\"heading\" aria-level=\"3\"><a href=\"https:\/\/www.laprovincia.es\/cultura\/2025\/09\/01\/diez-millones-euros-volver-campana-121129702.html\"> M\u00e1s de diez millones de euros podr\u00edan volver al Estado: Una campa\u00f1a feminista alerta del bloqueo de fondos del Instituto Canario de Igualdad<\/a> @laprovincia<\/li>\n<li role=\"heading\" aria-level=\"3\"><a href=\"https:\/\/www.elcorreo.com\/economia\/solo-empleos-industriales-euskadi-ocupados-mujeres-20250905135028-nt.html\">Solo el 18% de los empleos industriales en Euskadi est\u00e1n ocupados por mujeres | <\/a>\u00a0@elcorreo<\/li>\n<li role=\"heading\" aria-level=\"3\"><a href=\"https:\/\/www.eldiario.es\/asturias\/asturias-amplia-ayudas-victimas-violencia-genero-extiende-violencia-vicaria_1_12580271.html\">Asturias ampl\u00eda las ayudas a v\u00edctimas de violencia de g\u00e9nero y las extiende a las de violencia vicaria<\/a> @eldiario<\/li>\n<li role=\"heading\" aria-level=\"3\"><a href=\"https:\/\/www.google.com\/url?rct=j&amp;sa=t&amp;url=https:\/\/www.cuadernosmanchegos.com\/castilla-la-mancha\/toledo\/eapn-clm-pide-reforzar-cuidados-y-conciliacion-en-la-futura-ley-de-brechas-de-genero-para-reducir-la-pobreza-femenina\/&amp;ct=ga&amp;cd=CAEYACoTMjUzMTQ1MDMyNjc3NjU1MzY3MDIbZTBmNTg2ODk3YjVmNzgzZTplczplczpFUzpM&amp;usg=AOvVaw0xm_rh1AC8ST7RAQIkShAU\" target=\"_blank\" rel=\"noopener\" data-saferedirecturl=\"https:\/\/www.google.com\/url?q=https:\/\/www.google.com\/url?rct%3Dj%26sa%3Dt%26url%3Dhttps:\/\/www.cuadernosmanchegos.com\/castilla-la-mancha\/toledo\/eapn-clm-pide-reforzar-cuidados-y-conciliacion-en-la-futura-ley-de-brechas-de-genero-para-reducir-la-pobreza-femenina\/%26ct%3Dga%26cd%3DCAEYACoTMjUzMTQ1MDMyNjc3NjU1MzY3MDIbZTBmNTg2ODk3YjVmNzgzZTplczplczpFUzpM%26usg%3DAOvVaw0xm_rh1AC8ST7RAQIkShAU&amp;source=gmail&amp;ust=1757517600552000&amp;usg=AOvVaw1CLyDoz2Tti15szM0DDb6L\">EAPN-CLM pide reforzar cuidados y conciliaci\u00f3n en la futura Ley de brechas de g\u00e9nero &#8230;<\/a> @cuadernosmanchegos<\/li>\n<li role=\"heading\" aria-level=\"3\"><a href=\"https:\/\/www.latribunadealbacete.es\/noticia\/z3f5d1778-a2ac-4407-8bb97a10c85b5220\/202509\/la-junta-impulsara-a-la-mujer-en-el-mundo-empresarial\">Albacete. La Junta impulsar\u00e1 a la mujer en el mundo empresarial <\/a>\u00a0@tribunadealbacete<\/li>\n<\/ul>\n<div role=\"heading\" aria-level=\"3\"><\/div>\n<div role=\"heading\" aria-level=\"3\"><\/div>\n<div role=\"heading\" aria-level=\"3\"><\/div>\n<\/div>\n<\/div>\n<\/div><div class=\"fusion-title title fusion-title-14 fusion-sep-none fusion-title-text fusion-title-size-two fusion-animated\" style=\"--awb-text-color:var(--awb-color7);--awb-margin-top-small:10px;--awb-margin-right-small:0px;--awb-margin-bottom-small:10px;--awb-margin-left-small:0px;--awb-sep-color:var(--awb-custom_color_1);--awb-font-size:24px;\" data-animationType=\"fadeIn\" data-animationDuration=\"0.3\" data-animationOffset=\"top-into-view\" id=\"e_economia_empresa\"><h2 class=\"fusion-title-heading title-heading-left fusion-responsive-typography-calculated\" style=\"margin:0;font-size:1em;--fontSize:24;line-height:var(--awb-typography1-line-height);\"><mark class=\"fusion-highlight light highlight1 awb-highlight-background rounded\" style=\"--awb-color:#d1d1d1;\"><strong>Econom\u00eda y Empresa<\/strong><\/mark><\/h2><\/div><div class=\"fusion-text fusion-text-11\" style=\"--awb-line-height:1.5em;\"><div class=\"lSfe4c r5bEn aI5QMe\">\n<div class=\"SoAPf\">\n<ul>\n<li role=\"heading\" aria-level=\"3\"><a href=\"https:\/\/www.laprovincia.es\/economia\/2025\/09\/05\/yolanda-diaz-denuncia-despidos-mujeres-dv-121251044.html\"> Yolanda D\u00edaz denuncia despidos a mujeres embarazadas: \u00bfqu\u00e9 derechos las protegen en Espa\u00f1a?\u00a0<\/a>@laprovincia<\/li>\n<li role=\"heading\" aria-level=\"3\"><a href=\"https:\/\/www.msn.com\/es-es\/dinero\/noticias\/celia-rubio-experta-en-inversiones-de-promedio-las-mujeres-consiguen-un-2-m%C3%A1s-de-rentabilidad-que-los-hombres\/ar-AA1MbbFV?ocid=BingNewsVerp\">Celia Rubio, experta en inversiones: \u00abDe promedio, las mujeres consiguen un 2% m\u00e1s de rentabilidad que los hombres\u00bb<\/a> @men&#8217;shealth<\/li>\n<li role=\"heading\" aria-level=\"3\"><a href=\"https:\/\/www.equiposytalento.com\/noticias\/2025\/09\/09\/las-mujeres-principales-afectadas-por-falta-de-bienestar-emocional-laboral-en-espana\">Las mujeres, principales afectadas por falta de bienestar emocional laboral en Espa\u00f1a ::<\/a>@equipo&amp;talento<\/li>\n<li role=\"heading\" aria-level=\"3\"><a href=\"https:\/\/www.msn.com\/es-es\/dinero\/economia\/registro-horario-por-decreto-el-plan-b-de-yolanda-d%C3%ADaz-la-reducci%C3%B3n-de-jornada-fracasa-el-mi%C3%A9rcoles-en-el-congreso\/ar-AA1M4qFC?ocid=BingNewsVerp\">Registro horario por decreto: el &#8216;plan B&#8217; de Yolanda D\u00edaz la reducci\u00f3n de jornada fracasa el mi\u00e9rcoles en el Congreso<\/a> @elindependiente<\/li>\n<\/ul>\n<\/div>\n<\/div>\n<\/div><div class=\"fusion-title title fusion-title-15 fusion-sep-none fusion-title-text fusion-title-size-two fusion-animated\" style=\"--awb-text-color:var(--awb-color7);--awb-margin-top-small:10px;--awb-margin-right-small:0px;--awb-margin-bottom-small:10px;--awb-margin-left-small:0px;--awb-sep-color:var(--awb-custom_color_1);--awb-font-size:24px;\" data-animationType=\"fadeIn\" data-animationDuration=\"0.3\" data-animationOffset=\"top-into-view\" id=\"e_actualidad\"><h2 class=\"fusion-title-heading title-heading-left fusion-responsive-typography-calculated\" style=\"margin:0;font-size:1em;--fontSize:24;line-height:var(--awb-typography1-line-height);\"><mark class=\"fusion-highlight light highlight1 awb-highlight-background rounded\" style=\"--awb-color:#d1d1d1;\"><strong>Actualidad<\/strong><\/mark><\/h2><\/div><div class=\"fusion-text fusion-text-12\" style=\"--awb-line-height:1.5em;\"><div class=\"source biglogo set_top\">\n<div class=\"lSfe4c r5bEn aI5QMe\">\n<div class=\"SoAPf\">\n<ul>\n<li><a href=\"https:\/\/www.google.com\/url?rct=j&amp;sa=t&amp;url=https:\/\/sciencemediacentre.es\/un-estudio-masivo-refuerza-la-relacion-entre-seguir-una-dieta-respetuosa-con-el-planeta-y-una-menor&amp;ct=ga&amp;cd=CAEYAioUMTc0Mjg4ODUwMDk0MjEzMDQwNTcyGTAwN2NjMjk1MWZlN2IzMTY6ZXM6ZXM6RVM&amp;usg=AOvVaw1OMAytAMSZVZ5ZUWNfdNss\" target=\"_blank\" rel=\"noopener\" data-saferedirecturl=\"https:\/\/www.google.com\/url?q=https:\/\/www.google.com\/url?rct%3Dj%26sa%3Dt%26url%3Dhttps:\/\/sciencemediacentre.es\/un-estudio-masivo-refuerza-la-relacion-entre-seguir-una-dieta-respetuosa-con-el-planeta-y-una-menor%26ct%3Dga%26cd%3DCAEYAioUMTc0Mjg4ODUwMDk0MjEzMDQwNTcyGTAwN2NjMjk1MWZlN2IzMTY6ZXM6ZXM6RVM%26usg%3DAOvVaw1OMAytAMSZVZ5ZUWNfdNss&amp;source=gmail&amp;ust=1757401086177000&amp;usg=AOvVaw0EkE1xwAsPwnD7R17MqiDv\">La dieta respetuosa con el planeta se asocia con menor mortalidad<\/a> @<a>Science Media Centre Espa\u00f1a<\/a><\/li>\n<li><a href=\"https:\/\/www.eleconomista.es\/salud-bienestar\/belleza-estetica\/noticias\/13530811\/09\/25\/lucia-yturriaga-de-womanhood-la-menopausia-no-son-solo-sofocos-es-hora-de-dejar-atras-el-tabu.html\">Luc\u00eda Yturriaga de &#8216;Womanhood&#8217;, la plataforma dedicada a la salud femenina: \u00abLa menopausia no son s\u00f3lo sofocos, es hora de dejar atr\u00e1s el tab\u00fa\u00bb<\/a> @eleconomista<\/li>\n<li><a href=\"https:\/\/laopinion.com\/2025\/09\/07\/por-que-algunas-mujeres-acaban-sufriendo-infartos-y-acv-a-pesar-de-parecer-sanas\/\">\u00bfPor qu\u00e9 algunas mujeres acaban sufriendo infartos y ACV a pesar de parecer sanas? &#8211;<\/a> @laopinion<\/li>\n<li><a href=\"https:\/\/www.msn.com\/es-es\/noticias\/espana\/organizaciones-feministas-reclaman-en-madrid-que-el-gobierno-act%C3%BAe-con-m%C3%A1s-contundencia-contra-los-vientres-de-alquiler\/ar-AA1M153T?ocid=BingNewsVerp\">Organizaciones feministas reclaman en Madrid que el Gobierno act\u00fae con \u00abm\u00e1s contundencia\u00bb contra los vientres de alquiler<\/a> @publico<\/li>\n<li><a href=\"https:\/\/www.msn.com\/es-es\/entretenimiento\/noticias\/nevenka-fern%C3%A1ndez-hay-que-escuchar-a-las-mujeres-que-se-atreven-a-hablar-ya-que-hacerlo-tiene-consecuencias-devastadoras\/ar-AA1M8UYw?ocid=BingNewsVerp\">Nevenka Fern\u00e1ndez: \u00abHay que escuchar a las mujeres que se atreven a hablar, ya que hacerlo tiene consecuencias devastadoras\u00bb<\/a> @eldiario<\/li>\n<\/ul>\n<div role=\"heading\" aria-level=\"3\"><\/div>\n<div role=\"heading\" aria-level=\"3\"><\/div>\n<\/div>\n<\/div>\n<\/div>\n<\/div><div class=\"fusion-title title fusion-title-16 fusion-sep-none fusion-title-text fusion-title-size-two fusion-animated\" style=\"--awb-text-color:var(--awb-color7);--awb-margin-top-small:10px;--awb-margin-right-small:0px;--awb-margin-bottom-small:10px;--awb-margin-left-small:0px;--awb-sep-color:var(--awb-custom_color_1);--awb-font-size:24px;\" data-animationType=\"fadeIn\" data-animationDuration=\"0.3\" data-animationOffset=\"top-into-view\" id=\"e_violencias\"><h2 class=\"fusion-title-heading title-heading-left fusion-responsive-typography-calculated\" style=\"margin:0;font-size:1em;--fontSize:24;line-height:var(--awb-typography1-line-height);\"><mark class=\"fusion-highlight light highlight1 awb-highlight-background rounded\" style=\"--awb-color:#d1d1d1;\"><strong>Violencias<\/strong><\/mark><\/h2><\/div><div class=\"fusion-text fusion-text-13\" style=\"--awb-line-height:1.5em;\"><div class=\"SoAPf\">\n<div role=\"heading\" aria-level=\"3\">\n<div class=\"lSfe4c r5bEn aI5QMe\">\n<div class=\"SoAPf\">\n<ul>\n<li><a href=\"https:\/\/www.larazon.es\/sociedad\/igualdad-actualiza-cifra-asesinatos-machistas-27-2025-1321-2003_2025090868beeddac752286abd9e7f47.html\">Igualdad actualiza la cifra de asesinatos machistas: 27 en 2025 y 1.321 desde 2003<\/a> @larazon<\/li>\n<li><a href=\"https:\/\/www.msn.com\/es-es\/noticias\/espana\/interior-detecta-en-viog%C3%A9n-m%C3%A1s-de-2500-casos-activos-de-v%C3%ADctimas-de-violencia-de-g%C3%A9nero-en-arag%C3%B3n\/ar-AA1M1gY5?ocid=BingNewsVerp\">Interior detecta en VioG\u00e9n m\u00e1s de 2.500 casos activos de v\u00edctimas de violencia de g\u00e9nero en Arag\u00f3n<\/a> @europapress<\/li>\n<\/ul>\n<\/div>\n<\/div>\n<\/div>\n<div role=\"heading\" aria-level=\"3\"><\/div>\n<\/div>\n<\/div><div class=\"fusion-title title fusion-title-17 fusion-sep-none fusion-title-text fusion-title-size-two fusion-animated\" style=\"--awb-text-color:var(--awb-color7);--awb-margin-top-small:10px;--awb-margin-right-small:0px;--awb-margin-bottom-small:10px;--awb-margin-left-small:0px;--awb-sep-color:var(--awb-custom_color_1);--awb-font-size:24px;\" data-animationType=\"fadeIn\" data-animationDuration=\"0.3\" data-animationOffset=\"top-into-view\" id=\"e_violencias\"><h2 class=\"fusion-title-heading title-heading-left fusion-responsive-typography-calculated\" style=\"margin:0;font-size:1em;--fontSize:24;line-height:var(--awb-typography1-line-height);\"><mark class=\"fusion-highlight light highlight1 awb-highlight-background rounded\" style=\"--awb-color:#d1d1d1;\"><strong> Ciencia y Cultura<\/strong> <\/mark><\/h2><\/div><div class=\"fusion-text fusion-text-14\" style=\"--awb-line-height:1.5em;\"><div class=\"SoAPf\">\n<ul>\n<li role=\"heading\" aria-level=\"3\"><a href=\"https:\/\/www.msn.com\/es-es\/noticias\/espana\/fundos-y-amit-presentan-un-ciclo-de-entrevistas-sobre-liderazgo-femenino-con-diez-mujeres-referentes-en-investigaci%C3%B3n\/ar-AA1LIZMj?ocid=BingNewsVerp\">Fundos y AMIT presentan un ciclo de entrevistas sobre liderazgo femenino con diez mujeres referentes en investigaci\u00f3n<\/a> @europapress<\/li>\n<li role=\"heading\" aria-level=\"3\"><a href=\"https:\/\/www.abc.es\/cultura\/diversidad-autoria-era-ia-cultura-paz-protagonizaran-20250908144400-nt.html\">La diversidad, la autor\u00eda en la era IA y la \u00abcultura de la paz\u00bb protagonizar\u00e1n el \u00c1gora C\u00edvica de Mondiacult<\/a> @abc<\/li>\n<li role=\"heading\" aria-level=\"3\"><a href=\"https:\/\/www.elperiodicoextremadura.com\/caceres-local\/2025\/09\/05\/helga-alvear-rinde-homenaje-caceres-121269390.html\">Helga de Alvear rinde homenaje en C\u00e1ceres a la mujer que lo hizo posible\u00a0<\/a>@elperiodicodeextremadura<\/li>\n<li role=\"heading\" aria-level=\"3\"><a href=\"https:\/\/www.eldiario.es\/cultura\/arte\/ana-valtierra-grandes-historiadores-pensaron-mujeres-mundo-clasico-creadoras_1_12568831.html\">Ana Valtierra: \u00abLos grandes historiadores nunca pensaron a las mujeres del mundo cl\u00e1sico como creadoras\u00bb<\/a> @eldiario<\/li>\n<li role=\"heading\" aria-level=\"3\"><a href=\"https:\/\/cadenaser.com\/nacional\/2025\/09\/05\/chimamanda-ngozi-adichie-si-mas-hombres-leyeran-libros-sobre-mujeres-mejoraria-la-comunicacion-cadena-ser\/\">Chimamanda Ngozi Adichie, escritora: \u00abSi m\u00e1s hombres leyeran libros sobre mujeres, mejorar\u00eda la comunicaci\u00f3n\u00bb |<\/a> @cadenaser<\/li>\n<li role=\"heading\" aria-level=\"3\"><a href=\"https:\/\/www.msn.com\/es-es\/entretenimiento\/other\/mari-paula-revisa-con-la-danza-de-lake-machine-los-dramas-de-las-mujeres-en-los-cl%C3%A1sicos\/ar-AA1MbIc0?ocid=BingNewsVerp\">Mari Paula revisa con la danza de &#8216;Lake Machine&#8217; los dramas de las mujeres en los cl\u00e1sicos<\/a> @europapress<\/li>\n<\/ul>\n<\/div>\n<\/div><div class=\"fusion-title title fusion-title-18 fusion-sep-none fusion-title-text fusion-title-size-two fusion-animated\" style=\"--awb-text-color:var(--awb-color7);--awb-margin-top-small:10px;--awb-margin-right-small:0px;--awb-margin-bottom-small:10px;--awb-margin-left-small:0px;--awb-sep-color:var(--awb-custom_color_1);--awb-font-size:24px;\" data-animationType=\"fadeIn\" data-animationDuration=\"0.3\" data-animationOffset=\"top-into-view\" id=\"e_deporte\"><h2 class=\"fusion-title-heading title-heading-left fusion-responsive-typography-calculated\" style=\"margin:0;font-size:1em;--fontSize:24;line-height:var(--awb-typography1-line-height);\"><mark class=\"fusion-highlight light highlight1 awb-highlight-background rounded\" style=\"--awb-color:#d1d1d1;\"><strong> Deporte<\/strong> <\/mark><\/h2><\/div><div class=\"fusion-text fusion-text-15\" style=\"--awb-line-height:1.5em;\"><div class=\"lSfe4c r5bEn aI5QMe\">\n<div class=\"SoAPf\">\n<ul>\n<li role=\"heading\" aria-level=\"3\"><a href=\"https:\/\/www.feb.es\/2025\/9\/7\/baloncesto\/elisa-aguilar-bronce-que-remarca-presencia-historia-del-baloncesto-espanol\/103332.aspx\">Elisa Aguilar: \u201cUn bronce que remarca su presencia en la historia del baloncesto espa\u00f1ol\u201d <\/a> @feb<\/li>\n<li role=\"heading\" aria-level=\"3\"><a href=\"https:\/\/www.msn.com\/es-es\/deportes\/futbol\/del-f%C3%BAtbol-al-waterpolo-el-negocio-que-mueve-el-deporte-femenino-en-espa%C3%B1a\/ar-AA1M1dff?ocid=BingNewsVerp\">Del f\u00fatbol al waterpolo: el negocio que mueve el deporte femenino en Espa\u00f1a<\/a> @expansion<\/li>\n<li role=\"heading\" aria-level=\"3\"><a href=\"https:\/\/www.msn.com\/es-es\/deportes\/boxeo\/laura-fuertes-una-pionera-del-deporte-espa%C3%B1ol-si-una-ni%C3%B1a-quiere-boxear-hay-que-apoyarla-muchas-veces-sentimos-miedo\/ar-AA1LMifT?ocid=BingNewsVerp\">Laura Fuertes, una pionera del deporte espa\u00f1ol: \u00abSi una ni\u00f1a quiere boxear, hay que apoyarla; muchas veces sentimos miedo\u00bb<\/a> @elespa\u00f1ol<\/li>\n<\/ul>\n<\/div>\n<\/div>\n<\/div><\/div><\/div><\/div><\/div><div class=\"fusion-fullwidth fullwidth-box fusion-builder-row-6 fusion-flex-container has-pattern-background has-mask-background hundred-percent-fullwidth non-hundred-percent-height-scrolling\" style=\"--awb-border-radius-top-left:0px;--awb-border-radius-top-right:0px;--awb-border-radius-bottom-right:0px;--awb-border-radius-bottom-left:0px;--awb-padding-right-small:2%;--awb-padding-left-small:2%;--awb-flex-wrap:wrap;\" ><div class=\"fusion-builder-row fusion-row fusion-flex-align-items-flex-start fusion-flex-content-wrap\" style=\"width:104% !important;max-width:104% !important;margin-left: calc(-4% \/ 2 );margin-right: calc(-4% \/ 2 );\"><div class=\"fusion-layout-column fusion_builder_column fusion-builder-column-5 fusion_builder_column_1_1 1_1 fusion-flex-column\" style=\"--awb-padding-right:20px;--awb-padding-left:20px;--awb-padding-right-small:15px;--awb-padding-left-small:15px;--awb-overflow:hidden;--awb-bg-color:var(--awb-color1);--awb-bg-color-hover:var(--awb-color1);--awb-bg-size:cover;--awb-border-color:var(--awb-color3);--awb-border-top:2px;--awb-border-right:2px;--awb-border-bottom:2px;--awb-border-left:2px;--awb-border-style:solid;--awb-border-radius:15px 15px 15px 15px;--awb-width-large:100%;--awb-margin-top-large:0px;--awb-spacing-right-large:1.92%;--awb-margin-bottom-large:20px;--awb-spacing-left-large:1.92%;--awb-width-medium:100%;--awb-order-medium:0;--awb-spacing-right-medium:1.92%;--awb-spacing-left-medium:1.92%;--awb-width-small:100%;--awb-order-small:0;--awb-spacing-right-small:0px;--awb-spacing-left-small:0px;\" id=\"c_internacional\" data-scroll-devices=\"small-visibility,medium-visibility,large-visibility\"><div class=\"fusion-column-wrapper fusion-column-has-shadow fusion-flex-justify-content-flex-start fusion-content-layout-column\"><div class=\"fusion-title title fusion-title-19 fusion-sep-none fusion-title-text fusion-title-size-one\" style=\"--awb-margin-top:20px;--awb-margin-top-small:10px;--awb-margin-right-small:0px;--awb-margin-bottom-small:10px;--awb-margin-left-small:0px;--awb-sep-color:var(--awb-custom_color_1);\" id=\"internacional\"><h1 class=\"fusion-title-heading title-heading-left fusion-responsive-typography-calculated\" style=\"font-family:&quot;Raleway&quot;;font-style:normal;font-weight:400;margin:0;--fontSize:40;line-height:var(--awb-typography1-line-height);\"><mark class=\"fusion-highlight custom-textcolor highlight1 awb-highlight-background rounded\" style=\"--awb-color:#0098d9;--awb-text-color:#ffffff;\"><strong>UE &amp; Internacional<\/strong><\/mark><\/h1><\/div><div class=\"fusion-text fusion-text-16\" style=\"--awb-line-height:1.5em;\"><div class=\"lSfe4c r5bEn aI5QMe\">\n<div class=\"SoAPf\">\n<ul>\n<li role=\"heading\" aria-level=\"3\"><a href=\"https:\/\/www.elespanol.com\/invertia\/economia\/macroeconomia\/20250903\/desempleados-europeos-mujer-espanola-espana-lidera-paro-femenino-ue-tasa\/1003743908638_0.html\">Uno de cada 10 desempleados europeos es mujer y espa\u00f1ola: Espa\u00f1a lidera el paro femenino en la UE con una tasa del 11,6%<\/a> @elespa\u00f1ol<\/li>\n<li role=\"heading\" aria-level=\"3\"><a href=\"https:\/\/elpais.com\/america\/iberoamerica-democracia\/2025-09-02\/economia-feminista-en-america-latina-realidad-y-cuentas-pendientes.html\">Econom\u00eda feminista en Am\u00e9rica Latina: realidad y cuentas pendientes | Iberoam\u00e9rica democracia <\/a> @elpais<\/li>\n<li role=\"heading\" aria-level=\"3\"><a href=\"https:\/\/www.msn.com\/es-co\/noticias\/otras\/las-mujeres-reciben-60-de-las-remesas-que-llegan-a-colombia-y-los-hombres-40\/ar-AA1Madzp?ocid=BingNewsVerp\">Las mujeres reciben 60% de las remesas que llegan a Colombia y los hombres 40%<\/a> @larepublica<\/li>\n<li role=\"heading\" aria-level=\"3\"><a href=\"https:\/\/www.eleconomista.com.mx\/politica\/radiografia-mujeres-indigenas-mexico-retos-acceso-derechos-diversidad-lingueistica-20250905-775928.html\">Radiograf\u00eda de las mujeres ind\u00edgenas en M\u00e9xico: Retos en acceso a derechos y diversidad ling\u00fc\u00edstica<\/a> @eleconomista<\/li>\n<li role=\"heading\" aria-level=\"3\"><a href=\"https:\/\/www.msn.com\/es-co\/noticias\/cultura\/la-llegada-de-una-mujer-joven-a-un-liderazgo-nacional-siempre-ha-sido-inc%C3%B3moda-para-un-sector-yannai-kadamani-ministra-de-las-culturas\/ar-AA1LZGoj?ocid=BingNewsVerp\">\u201cLa llegada de una mujer joven a un liderazgo nacional siempre ha sido inc\u00f3moda para un sector\u201d: Yannai Kadamani, ministra de las Culturas<\/a> @semana<\/li>\n<li role=\"heading\" aria-level=\"3\"><a href=\"https:\/\/www.msn.com\/es-es\/noticias\/tecnologia\/la-torre-eiffel-salda-cuentas-con-las-mujeres-rendir%C3%A1-homenaje-a-72-cient%C3%ADficas-para-garantizar-la-paridad-de-g%C3%A9nero\/ar-AA1Mau1R?ocid=BingNewsVerp\">La Torre Eiffel salda cuentas con las mujeres: rendir\u00e1 homenaje a 72 cient\u00edficas para garantizar la paridad de g\u00e9nero<\/a> @eldiario<\/li>\n<li role=\"heading\" aria-level=\"3\"><a href=\"https:\/\/www.lavozdegalicia.es\/noticia\/sociedad\/2025\/09\/08\/mujeres-historia-mtv-video-music-awards-lady-gaga-cabeza\/00031757324361078184736.htm\">Las mujeres hacen historia en los MTV Video Music Awards con Lady Gaga a la cabeza<\/a> @lavozdegalicia<\/li>\n<\/ul>\n<\/div>\n<\/div>\n<\/div><\/div><\/div><\/div><\/div><\/p>\n","protected":false},"excerpt":{"rendered":"<p>Uno de cada 10 desempleados europeos es mujer y espa\u00f1ola: Espa\u00f1a lidera el paro femenino en la UE con una tasa del 11,6% * Las mujeres, principales afectadas por falta de bienestar emocional laboral en Espa\u00f1a * Igualdad actualiza la cifra de asesinatos machistas: 27 en 2025 y 1.321 desde 2003 * Las mujeres hacen historia en los MTV Video Music Awards <\/p>\n","protected":false},"author":3,"featured_media":23882,"comment_status":"closed","ping_status":"closed","sticky":false,"template":"","format":"standard","meta":{"footnotes":""},"categories":[298,654],"tags":[251,341,109],"class_list":["post-24598","post","type-post","status-publish","format-standard","has-post-thumbnail","hentry","category-newsletter","category-nwl-v-4-0","tag-desempleo","tag-mujer-y-cultura","tag-violencia-de-genero"],"yoast_head":"<!-- This site is optimized with the Yoast SEO plugin v27.4 - https:\/\/yoast.com\/product\/yoast-seo-wordpress\/ -->\n<title>Noticias Info CKL #2935-10-09-2025<\/title>\n<meta name=\"description\" content=\"Noticias Info CKL #2935-10-09-2025\" \/>\n<meta name=\"robots\" content=\"index, follow, max-snippet:-1, max-image-preview:large, max-video-preview:-1\" \/>\n<link rel=\"canonical\" href=\"https:\/\/cklcomunicaciones.es\/coop\/noticias-info-ckl-2935-10-09-2025\/\" \/>\n<meta property=\"og:locale\" content=\"es_ES\" \/>\n<meta property=\"og:type\" content=\"article\" \/>\n<meta property=\"og:title\" content=\"Noticias Info CKL #2935-10-09-2025\" \/>\n<meta property=\"og:description\" content=\"Noticias Info CKL #2935-10-09-2025\" \/>\n<meta property=\"og:url\" content=\"https:\/\/cklcomunicaciones.es\/coop\/noticias-info-ckl-2935-10-09-2025\/\" \/>\n<meta property=\"og:site_name\" content=\"CKL Comunicaciones\" \/>\n<meta property=\"article:published_time\" content=\"2025-09-10T14:54:56+00:00\" \/>\n<meta property=\"article:modified_time\" content=\"2025-09-10T15:05:06+00:00\" \/>\n<meta property=\"og:image\" content=\"https:\/\/cklcomunicaciones.es\/coop\/wp-content\/uploads\/CKL-una-mirada-distinta-de-la-comunicacion.webp\" \/>\n\t<meta property=\"og:image:width\" content=\"1482\" \/>\n\t<meta property=\"og:image:height\" content=\"775\" \/>\n\t<meta property=\"og:image:type\" content=\"image\/webp\" \/>\n<meta name=\"author\" content=\"ckl\" \/>\n<meta name=\"twitter:card\" content=\"summary_large_image\" \/>\n<meta name=\"twitter:label1\" content=\"Escrito por\" \/>\n\t<meta name=\"twitter:data1\" content=\"ckl\" \/>\n\t<meta name=\"twitter:label2\" content=\"Tiempo de lectura\" \/>\n\t<meta name=\"twitter:data2\" content=\"8 minutos\" \/>\n<script type=\"application\/ld+json\" class=\"yoast-schema-graph\">{\"@context\":\"https:\\\/\\\/schema.org\",\"@graph\":[{\"@type\":\"Article\",\"@id\":\"https:\\\/\\\/cklcomunicaciones.es\\\/coop\\\/noticias-info-ckl-2935-10-09-2025\\\/#article\",\"isPartOf\":{\"@id\":\"https:\\\/\\\/cklcomunicaciones.es\\\/coop\\\/noticias-info-ckl-2935-10-09-2025\\\/\"},\"author\":{\"name\":\"ckl\",\"@id\":\"https:\\\/\\\/cklcomunicaciones.es\\\/coop\\\/#\\\/schema\\\/person\\\/929a6837f7626450bbb50cee1aef266e\"},\"headline\":\"Noticias Info CKL #2935-10-09-2025\",\"datePublished\":\"2025-09-10T14:54:56+00:00\",\"dateModified\":\"2025-09-10T15:05:06+00:00\",\"mainEntityOfPage\":{\"@id\":\"https:\\\/\\\/cklcomunicaciones.es\\\/coop\\\/noticias-info-ckl-2935-10-09-2025\\\/\"},\"wordCount\":8754,\"image\":{\"@id\":\"https:\\\/\\\/cklcomunicaciones.es\\\/coop\\\/noticias-info-ckl-2935-10-09-2025\\\/#primaryimage\"},\"thumbnailUrl\":\"https:\\\/\\\/cklcomunicaciones.es\\\/coop\\\/wp-content\\\/uploads\\\/CKL-una-mirada-distinta-de-la-comunicacion.webp\",\"keywords\":[\"desempleo\",\"mujer y cultura\",\"violencia de g\u00e9nero\"],\"articleSection\":[\"Newsletter\",\"Nwl v.4.0\"],\"inLanguage\":\"es\"},{\"@type\":\"WebPage\",\"@id\":\"https:\\\/\\\/cklcomunicaciones.es\\\/coop\\\/noticias-info-ckl-2935-10-09-2025\\\/\",\"url\":\"https:\\\/\\\/cklcomunicaciones.es\\\/coop\\\/noticias-info-ckl-2935-10-09-2025\\\/\",\"name\":\"Noticias Info CKL #2935-10-09-2025\",\"isPartOf\":{\"@id\":\"https:\\\/\\\/cklcomunicaciones.es\\\/coop\\\/#website\"},\"primaryImageOfPage\":{\"@id\":\"https:\\\/\\\/cklcomunicaciones.es\\\/coop\\\/noticias-info-ckl-2935-10-09-2025\\\/#primaryimage\"},\"image\":{\"@id\":\"https:\\\/\\\/cklcomunicaciones.es\\\/coop\\\/noticias-info-ckl-2935-10-09-2025\\\/#primaryimage\"},\"thumbnailUrl\":\"https:\\\/\\\/cklcomunicaciones.es\\\/coop\\\/wp-content\\\/uploads\\\/CKL-una-mirada-distinta-de-la-comunicacion.webp\",\"datePublished\":\"2025-09-10T14:54:56+00:00\",\"dateModified\":\"2025-09-10T15:05:06+00:00\",\"author\":{\"@id\":\"https:\\\/\\\/cklcomunicaciones.es\\\/coop\\\/#\\\/schema\\\/person\\\/929a6837f7626450bbb50cee1aef266e\"},\"description\":\"Noticias Info CKL #2935-10-09-2025\",\"breadcrumb\":{\"@id\":\"https:\\\/\\\/cklcomunicaciones.es\\\/coop\\\/noticias-info-ckl-2935-10-09-2025\\\/#breadcrumb\"},\"inLanguage\":\"es\",\"potentialAction\":[{\"@type\":\"ReadAction\",\"target\":[\"https:\\\/\\\/cklcomunicaciones.es\\\/coop\\\/noticias-info-ckl-2935-10-09-2025\\\/\"]}]},{\"@type\":\"ImageObject\",\"inLanguage\":\"es\",\"@id\":\"https:\\\/\\\/cklcomunicaciones.es\\\/coop\\\/noticias-info-ckl-2935-10-09-2025\\\/#primaryimage\",\"url\":\"https:\\\/\\\/cklcomunicaciones.es\\\/coop\\\/wp-content\\\/uploads\\\/CKL-una-mirada-distinta-de-la-comunicacion.webp\",\"contentUrl\":\"https:\\\/\\\/cklcomunicaciones.es\\\/coop\\\/wp-content\\\/uploads\\\/CKL-una-mirada-distinta-de-la-comunicacion.webp\",\"width\":1482,\"height\":775,\"caption\":\"CKL - una mirada distinta de la comunicaci\u00f3n\"},{\"@type\":\"BreadcrumbList\",\"@id\":\"https:\\\/\\\/cklcomunicaciones.es\\\/coop\\\/noticias-info-ckl-2935-10-09-2025\\\/#breadcrumb\",\"itemListElement\":[{\"@type\":\"ListItem\",\"position\":1,\"name\":\"Portada\",\"item\":\"https:\\\/\\\/cklcomunicaciones.es\\\/coop\\\/\"},{\"@type\":\"ListItem\",\"position\":2,\"name\":\"Noticias Info CKL #2935-10-09-2025\"}]},{\"@type\":\"WebSite\",\"@id\":\"https:\\\/\\\/cklcomunicaciones.es\\\/coop\\\/#website\",\"url\":\"https:\\\/\\\/cklcomunicaciones.es\\\/coop\\\/\",\"name\":\"CKL Comunicaciones\",\"description\":\"Sitio web de CKL Comunicaciones coop , la consultora de comunicaci\u00f3n y estrategia\",\"potentialAction\":[{\"@type\":\"SearchAction\",\"target\":{\"@type\":\"EntryPoint\",\"urlTemplate\":\"https:\\\/\\\/cklcomunicaciones.es\\\/coop\\\/?s={search_term_string}\"},\"query-input\":{\"@type\":\"PropertyValueSpecification\",\"valueRequired\":true,\"valueName\":\"search_term_string\"}}],\"inLanguage\":\"es\"},{\"@type\":\"Person\",\"@id\":\"https:\\\/\\\/cklcomunicaciones.es\\\/coop\\\/#\\\/schema\\\/person\\\/929a6837f7626450bbb50cee1aef266e\",\"name\":\"ckl\",\"image\":{\"@type\":\"ImageObject\",\"inLanguage\":\"es\",\"@id\":\"https:\\\/\\\/secure.gravatar.com\\\/avatar\\\/c82db564e8a669bf6023357a157b9dc4780f4d4c618f2ad1d71a6a5dede45057?s=96&d=mm&r=g\",\"url\":\"https:\\\/\\\/secure.gravatar.com\\\/avatar\\\/c82db564e8a669bf6023357a157b9dc4780f4d4c618f2ad1d71a6a5dede45057?s=96&d=mm&r=g\",\"contentUrl\":\"https:\\\/\\\/secure.gravatar.com\\\/avatar\\\/c82db564e8a669bf6023357a157b9dc4780f4d4c618f2ad1d71a6a5dede45057?s=96&d=mm&r=g\",\"caption\":\"ckl\"},\"url\":\"https:\\\/\\\/cklcomunicaciones.es\\\/coop\\\/author\\\/cklcomunicaciones\\\/\"}]}<\/script>\n<!-- \/ Yoast SEO plugin. -->","yoast_head_json":{"title":"Noticias Info CKL #2935-10-09-2025","description":"Noticias Info CKL #2935-10-09-2025","robots":{"index":"index","follow":"follow","max-snippet":"max-snippet:-1","max-image-preview":"max-image-preview:large","max-video-preview":"max-video-preview:-1"},"canonical":"https:\/\/cklcomunicaciones.es\/coop\/noticias-info-ckl-2935-10-09-2025\/","og_locale":"es_ES","og_type":"article","og_title":"Noticias Info CKL #2935-10-09-2025","og_description":"Noticias Info CKL #2935-10-09-2025","og_url":"https:\/\/cklcomunicaciones.es\/coop\/noticias-info-ckl-2935-10-09-2025\/","og_site_name":"CKL Comunicaciones","article_published_time":"2025-09-10T14:54:56+00:00","article_modified_time":"2025-09-10T15:05:06+00:00","og_image":[{"width":1482,"height":775,"url":"https:\/\/cklcomunicaciones.es\/coop\/wp-content\/uploads\/CKL-una-mirada-distinta-de-la-comunicacion.webp","type":"image\/webp"}],"author":"ckl","twitter_card":"summary_large_image","twitter_misc":{"Escrito por":"ckl","Tiempo de lectura":"8 minutos"},"schema":{"@context":"https:\/\/schema.org","@graph":[{"@type":"Article","@id":"https:\/\/cklcomunicaciones.es\/coop\/noticias-info-ckl-2935-10-09-2025\/#article","isPartOf":{"@id":"https:\/\/cklcomunicaciones.es\/coop\/noticias-info-ckl-2935-10-09-2025\/"},"author":{"name":"ckl","@id":"https:\/\/cklcomunicaciones.es\/coop\/#\/schema\/person\/929a6837f7626450bbb50cee1aef266e"},"headline":"Noticias Info CKL #2935-10-09-2025","datePublished":"2025-09-10T14:54:56+00:00","dateModified":"2025-09-10T15:05:06+00:00","mainEntityOfPage":{"@id":"https:\/\/cklcomunicaciones.es\/coop\/noticias-info-ckl-2935-10-09-2025\/"},"wordCount":8754,"image":{"@id":"https:\/\/cklcomunicaciones.es\/coop\/noticias-info-ckl-2935-10-09-2025\/#primaryimage"},"thumbnailUrl":"https:\/\/cklcomunicaciones.es\/coop\/wp-content\/uploads\/CKL-una-mirada-distinta-de-la-comunicacion.webp","keywords":["desempleo","mujer y cultura","violencia de g\u00e9nero"],"articleSection":["Newsletter","Nwl v.4.0"],"inLanguage":"es"},{"@type":"WebPage","@id":"https:\/\/cklcomunicaciones.es\/coop\/noticias-info-ckl-2935-10-09-2025\/","url":"https:\/\/cklcomunicaciones.es\/coop\/noticias-info-ckl-2935-10-09-2025\/","name":"Noticias Info CKL #2935-10-09-2025","isPartOf":{"@id":"https:\/\/cklcomunicaciones.es\/coop\/#website"},"primaryImageOfPage":{"@id":"https:\/\/cklcomunicaciones.es\/coop\/noticias-info-ckl-2935-10-09-2025\/#primaryimage"},"image":{"@id":"https:\/\/cklcomunicaciones.es\/coop\/noticias-info-ckl-2935-10-09-2025\/#primaryimage"},"thumbnailUrl":"https:\/\/cklcomunicaciones.es\/coop\/wp-content\/uploads\/CKL-una-mirada-distinta-de-la-comunicacion.webp","datePublished":"2025-09-10T14:54:56+00:00","dateModified":"2025-09-10T15:05:06+00:00","author":{"@id":"https:\/\/cklcomunicaciones.es\/coop\/#\/schema\/person\/929a6837f7626450bbb50cee1aef266e"},"description":"Noticias Info CKL #2935-10-09-2025","breadcrumb":{"@id":"https:\/\/cklcomunicaciones.es\/coop\/noticias-info-ckl-2935-10-09-2025\/#breadcrumb"},"inLanguage":"es","potentialAction":[{"@type":"ReadAction","target":["https:\/\/cklcomunicaciones.es\/coop\/noticias-info-ckl-2935-10-09-2025\/"]}]},{"@type":"ImageObject","inLanguage":"es","@id":"https:\/\/cklcomunicaciones.es\/coop\/noticias-info-ckl-2935-10-09-2025\/#primaryimage","url":"https:\/\/cklcomunicaciones.es\/coop\/wp-content\/uploads\/CKL-una-mirada-distinta-de-la-comunicacion.webp","contentUrl":"https:\/\/cklcomunicaciones.es\/coop\/wp-content\/uploads\/CKL-una-mirada-distinta-de-la-comunicacion.webp","width":1482,"height":775,"caption":"CKL - una mirada distinta de la comunicaci\u00f3n"},{"@type":"BreadcrumbList","@id":"https:\/\/cklcomunicaciones.es\/coop\/noticias-info-ckl-2935-10-09-2025\/#breadcrumb","itemListElement":[{"@type":"ListItem","position":1,"name":"Portada","item":"https:\/\/cklcomunicaciones.es\/coop\/"},{"@type":"ListItem","position":2,"name":"Noticias Info CKL #2935-10-09-2025"}]},{"@type":"WebSite","@id":"https:\/\/cklcomunicaciones.es\/coop\/#website","url":"https:\/\/cklcomunicaciones.es\/coop\/","name":"CKL Comunicaciones","description":"Sitio web de CKL Comunicaciones coop , la consultora de comunicaci\u00f3n y estrategia","potentialAction":[{"@type":"SearchAction","target":{"@type":"EntryPoint","urlTemplate":"https:\/\/cklcomunicaciones.es\/coop\/?s={search_term_string}"},"query-input":{"@type":"PropertyValueSpecification","valueRequired":true,"valueName":"search_term_string"}}],"inLanguage":"es"},{"@type":"Person","@id":"https:\/\/cklcomunicaciones.es\/coop\/#\/schema\/person\/929a6837f7626450bbb50cee1aef266e","name":"ckl","image":{"@type":"ImageObject","inLanguage":"es","@id":"https:\/\/secure.gravatar.com\/avatar\/c82db564e8a669bf6023357a157b9dc4780f4d4c618f2ad1d71a6a5dede45057?s=96&d=mm&r=g","url":"https:\/\/secure.gravatar.com\/avatar\/c82db564e8a669bf6023357a157b9dc4780f4d4c618f2ad1d71a6a5dede45057?s=96&d=mm&r=g","contentUrl":"https:\/\/secure.gravatar.com\/avatar\/c82db564e8a669bf6023357a157b9dc4780f4d4c618f2ad1d71a6a5dede45057?s=96&d=mm&r=g","caption":"ckl"},"url":"https:\/\/cklcomunicaciones.es\/coop\/author\/cklcomunicaciones\/"}]}},"_links":{"self":[{"href":"https:\/\/cklcomunicaciones.es\/coop\/wp-json\/wp\/v2\/posts\/24598","targetHints":{"allow":["GET"]}}],"collection":[{"href":"https:\/\/cklcomunicaciones.es\/coop\/wp-json\/wp\/v2\/posts"}],"about":[{"href":"https:\/\/cklcomunicaciones.es\/coop\/wp-json\/wp\/v2\/types\/post"}],"author":[{"embeddable":true,"href":"https:\/\/cklcomunicaciones.es\/coop\/wp-json\/wp\/v2\/users\/3"}],"replies":[{"embeddable":true,"href":"https:\/\/cklcomunicaciones.es\/coop\/wp-json\/wp\/v2\/comments?post=24598"}],"version-history":[{"count":0,"href":"https:\/\/cklcomunicaciones.es\/coop\/wp-json\/wp\/v2\/posts\/24598\/revisions"}],"wp:featuredmedia":[{"embeddable":true,"href":"https:\/\/cklcomunicaciones.es\/coop\/wp-json\/wp\/v2\/media\/23882"}],"wp:attachment":[{"href":"https:\/\/cklcomunicaciones.es\/coop\/wp-json\/wp\/v2\/media?parent=24598"}],"wp:term":[{"taxonomy":"category","embeddable":true,"href":"https:\/\/cklcomunicaciones.es\/coop\/wp-json\/wp\/v2\/categories?post=24598"},{"taxonomy":"post_tag","embeddable":true,"href":"https:\/\/cklcomunicaciones.es\/coop\/wp-json\/wp\/v2\/tags?post=24598"}],"curies":[{"name":"wp","href":"https:\/\/api.w.org\/{rel}","templated":true}]}}