{"id":24559,"date":"2025-07-24T18:37:23","date_gmt":"2025-07-24T16:37:23","guid":{"rendered":"https:\/\/cklcomunicaciones.es\/coop\/?p=24559"},"modified":"2025-07-24T18:37:23","modified_gmt":"2025-07-24T16:37:23","slug":"noticias-info-ckl-2932-24-07-2025","status":"publish","type":"post","link":"https:\/\/cklcomunicaciones.es\/coop\/noticias-info-ckl-2932-24-07-2025\/","title":{"rendered":"Noticias Info CKL #2932-24-07-2025"},"content":{"rendered":"<p><div class=\"fusion-fullwidth fullwidth-box fusion-builder-row-1 fusion-flex-container has-pattern-background has-mask-background nonhundred-percent-fullwidth non-hundred-percent-height-scrolling\" style=\"--awb-border-radius-top-left:0px;--awb-border-radius-top-right:0px;--awb-border-radius-bottom-right:0px;--awb-border-radius-bottom-left:0px;--awb-flex-wrap:wrap;\" ><div class=\"fusion-builder-row fusion-row fusion-flex-align-items-flex-start fusion-flex-content-wrap\" style=\"max-width:1248px;margin-left: calc(-4% \/ 2 );margin-right: calc(-4% \/ 2 );\"><div class=\"fusion-layout-column fusion_builder_column fusion-builder-column-0 fusion_builder_column_1_1 1_1 fusion-flex-column\" style=\"--awb-bg-size:cover;--awb-width-large:100%;--awb-margin-top-large:0px;--awb-spacing-right-large:1.92%;--awb-margin-bottom-large:20px;--awb-spacing-left-large:1.92%;--awb-width-medium:100%;--awb-order-medium:0;--awb-spacing-right-medium:1.92%;--awb-spacing-left-medium:1.92%;--awb-width-small:100%;--awb-order-small:0;--awb-spacing-right-small:1.92%;--awb-spacing-left-small:1.92%;\"><div class=\"fusion-column-wrapper fusion-column-has-shadow fusion-flex-justify-content-flex-start fusion-content-layout-column\"><div class=\"fusion-title title fusion-title-1 fusion-sep-none fusion-title-text fusion-title-size-paragraph\" style=\"--awb-margin-top:20px;--awb-margin-top-small:10px;--awb-margin-right-small:0px;--awb-margin-bottom-small:10px;--awb-margin-left-small:0px;--awb-sep-color:var(--awb-custom_color_1);--awb-font-size:20px;\"><p class=\"fusion-title-heading title-heading-left title-heading-tag fusion-responsive-typography-calculated\" style=\"font-family:&quot;Raleway&quot;;font-style:normal;font-weight:400;margin:0;font-size:1em;--fontSize:20;--minFontSize:20;line-height:var(--awb-typography4-line-height);\"><a class=\"fusion-one-page-text-link\" href=\"#convocatorias\"><mark class=\"fusion-highlight custom-textcolor highlight1 awb-highlight-background rounded\" style=\"--awb-text-color:#ffffff;\"><strong>Convocatorias<\/strong><\/mark><\/a> <a class=\"fusion-one-page-text-link\" href=\"#comunicacion\"><mark class=\"fusion-highlight custom-textcolor highlight1 awb-highlight-background rounded\" style=\"--awb-color:#db9600;--awb-text-color:#ffffff;\"><strong>Comunicaci\u00f3n, Publicidad y TICs<\/strong><\/mark><\/a> <a class=\"fusion-one-page-text-link\" href=\"#andalucia\"><mark class=\"fusion-highlight custom-textcolor highlight1 awb-highlight-background rounded\" style=\"--awb-color:#4cb700;--awb-text-color:#ffffff;\"><strong>Andaluc\u00eda<\/strong><\/mark><\/a> <a class=\"fusion-one-page-text-link\" href=\"#estado\"><mark class=\"fusion-highlight custom-textcolor highlight1 awb-highlight-background rounded\" style=\"--awb-text-color:#ffffff;\"><strong>Estado<\/strong><\/mark><\/a> <a class=\"fusion-one-page-text-link\" href=\"#internacional\"><mark class=\"fusion-highlight custom-textcolor highlight1 awb-highlight-background rounded\" style=\"--awb-color:#0098d9;--awb-text-color:#ffffff;\"><strong>Internacional<\/strong><\/mark><\/a><\/p><\/div><\/div><\/div><\/div><\/div><div class=\"fusion-fullwidth fullwidth-box fusion-builder-row-2 fusion-flex-container has-pattern-background has-mask-background hundred-percent-fullwidth non-hundred-percent-height-scrolling\" style=\"--awb-border-radius-top-left:0px;--awb-border-radius-top-right:0px;--awb-border-radius-bottom-right:0px;--awb-border-radius-bottom-left:0px;--awb-padding-right-small:2%;--awb-padding-left-small:2%;--awb-flex-wrap:wrap;\" ><div class=\"fusion-builder-row fusion-row fusion-flex-align-items-flex-start fusion-flex-content-wrap\" style=\"width:104% !important;max-width:104% !important;margin-left: calc(-4% \/ 2 );margin-right: calc(-4% \/ 2 );\"><div class=\"fusion-layout-column fusion_builder_column fusion-builder-column-1 fusion_builder_column_1_1 1_1 fusion-flex-column\" style=\"--awb-padding-right:20px;--awb-padding-left:20px;--awb-padding-right-small:15px;--awb-padding-left-small:15px;--awb-overflow:hidden;--awb-bg-color:var(--awb-color1);--awb-bg-color-hover:var(--awb-color1);--awb-bg-size:cover;--awb-border-color:var(--awb-color3);--awb-border-top:2px;--awb-border-right:2px;--awb-border-bottom:2px;--awb-border-left:2px;--awb-border-style:solid;--awb-border-radius:15px 15px 15px 15px;--awb-width-large:100%;--awb-margin-top-large:0px;--awb-spacing-right-large:1.92%;--awb-margin-bottom-large:20px;--awb-spacing-left-large:1.92%;--awb-width-medium:100%;--awb-order-medium:0;--awb-spacing-right-medium:1.92%;--awb-spacing-left-medium:1.92%;--awb-width-small:100%;--awb-order-small:0;--awb-spacing-right-small:0px;--awb-spacing-left-small:0px;\" id=\"c_convocatorias\" data-scroll-devices=\"small-visibility,medium-visibility,large-visibility\"><div class=\"fusion-column-wrapper fusion-column-has-shadow fusion-flex-justify-content-flex-start fusion-content-layout-column\"><div class=\"fusion-title title fusion-title-2 fusion-sep-none fusion-title-text fusion-title-size-one\" style=\"--awb-margin-top:20px;--awb-margin-top-small:10px;--awb-margin-right-small:0px;--awb-margin-bottom-small:10px;--awb-margin-left-small:0px;--awb-sep-color:var(--awb-custom_color_1);\" id=\"convocatorias\"><h1 class=\"fusion-title-heading title-heading-left fusion-responsive-typography-calculated\" style=\"font-family:&quot;Raleway&quot;;font-style:normal;font-weight:400;margin:0;--fontSize:40;line-height:var(--awb-typography1-line-height);\"><mark class=\"fusion-highlight custom-textcolor highlight1 awb-highlight-background rounded\" style=\"--awb-text-color:#ffffff;\"><strong>Convocatorias<\/strong><\/mark><\/h1><\/div><div class=\"fusion-text fusion-text-1\" style=\"--awb-line-height:1.5em;--awb-margin-left:10px;\"><ul>\n<li>\n<p lang=\"zxx\"><a href=\"https:\/\/view.genially.com\/681b9138db5ec5cb9effd949\/interactive-content-itinerario-mujeres-diversidad-funcional\" target=\"_blank\" rel=\"noopener\" data-saferedirecturl=\"https:\/\/www.google.com\/url?q=https:\/\/view.genially.com\/681b9138db5ec5cb9effd949\/interactive-content-itinerario-mujeres-diversidad-funcional&amp;source=gmail&amp;ust=1751469439758000&amp;usg=AOvVaw2pmA4onx250YP9S6bjtvov\">Formaci\u00f3n: \u201cItinerario formativo para fomentar el empleo de mujeres con diversidad funcional desde un enfoque de g\u00e9nero\u201d.<\/a>\u00a0Servicio de Formaci\u00f3n y Empleo del Instituto Andaluz de la Mujer. Duraci\u00f3n de 4 meses desde septiembre a diciembre.\u00a0<a href=\"https:\/\/encuestas.juntadeandalucia.es\/index.php\/926431?lang=es\" target=\"_blank\" rel=\"noopener\" data-saferedirecturl=\"https:\/\/www.google.com\/url?q=https:\/\/encuestas.juntadeandalucia.es\/index.php\/926431?lang%3Des&amp;source=gmail&amp;ust=1751469439758000&amp;usg=AOvVaw3c_dPLhWVVMjIw24-TFo-L\">Inscripci\u00f3n<\/a><\/p>\n<\/li>\n<\/ul>\n<\/div><\/div><\/div><\/div><\/div><div class=\"fusion-fullwidth fullwidth-box fusion-builder-row-3 fusion-flex-container has-pattern-background has-mask-background hundred-percent-fullwidth non-hundred-percent-height-scrolling\" style=\"--awb-border-radius-top-left:0px;--awb-border-radius-top-right:0px;--awb-border-radius-bottom-right:0px;--awb-border-radius-bottom-left:0px;--awb-padding-right-small:2%;--awb-padding-left-small:2%;--awb-flex-wrap:wrap;\" ><div class=\"fusion-builder-row fusion-row fusion-flex-align-items-flex-start fusion-flex-content-wrap\" style=\"width:104% !important;max-width:104% !important;margin-left: calc(-4% \/ 2 );margin-right: calc(-4% \/ 2 );\"><div class=\"fusion-layout-column fusion_builder_column fusion-builder-column-2 fusion_builder_column_1_1 1_1 fusion-flex-column\" style=\"--awb-padding-right:20px;--awb-padding-left:20px;--awb-padding-right-small:15px;--awb-padding-left-small:15px;--awb-overflow:hidden;--awb-bg-color:var(--awb-color1);--awb-bg-color-hover:var(--awb-color1);--awb-bg-size:cover;--awb-border-color:var(--awb-color3);--awb-border-top:2px;--awb-border-right:2px;--awb-border-bottom:2px;--awb-border-left:2px;--awb-border-style:solid;--awb-border-radius:15px 15px 15px 15px;--awb-width-large:100%;--awb-margin-top-large:0px;--awb-spacing-right-large:1.92%;--awb-margin-bottom-large:20px;--awb-spacing-left-large:1.92%;--awb-width-medium:100%;--awb-order-medium:0;--awb-spacing-right-medium:1.92%;--awb-spacing-left-medium:1.92%;--awb-width-small:100%;--awb-order-small:0;--awb-spacing-right-small:0px;--awb-spacing-left-small:0px;\" id=\"comunicacion_tics\" data-scroll-devices=\"small-visibility,medium-visibility,large-visibility\"><div class=\"fusion-column-wrapper fusion-column-has-shadow fusion-flex-justify-content-flex-start fusion-content-layout-column\"><div class=\"fusion-title title fusion-title-3 fusion-sep-none fusion-title-text fusion-title-size-one\" style=\"--awb-margin-top:20px;--awb-margin-top-small:10px;--awb-margin-right-small:0px;--awb-margin-bottom-small:10px;--awb-margin-left-small:0px;--awb-sep-color:var(--awb-custom_color_1);\" id=\"comunicacion\"><h1 class=\"fusion-title-heading title-heading-left fusion-responsive-typography-calculated\" style=\"font-family:&quot;Raleway&quot;;font-style:normal;font-weight:400;margin:0;--fontSize:40;line-height:var(--awb-typography1-line-height);\"><mark class=\"fusion-highlight custom-textcolor highlight1 awb-highlight-background rounded\" style=\"--awb-color:#db9600;--awb-text-color:#ffffff;\"><strong>Comunicaci\u00f3n, Publicidad y TICs<\/strong><\/mark><\/h1><\/div><div class=\"fusion-text fusion-text-2\" style=\"--awb-line-height:1.5em;--awb-margin-left:10px;\"><div class=\"lSfe4c r5bEn aI5QMe\">\n<div class=\"SoAPf\">\n<ul>\n<li role=\"heading\" aria-level=\"3\"><a class=\"title\" href=\"https:\/\/www.elperiodico.com\/es\/politica\/20250723\/parlament-ley-violencia-machista-acoso-redes-periodistas-indemnizaciones-violencia-vicaria-119991804\" target=\"_blank\" rel=\"noopener\" data-artpy=\"0\" data-author=\"El Peri\u00f3dico\">El Parlament da luz verde a la ley que obligar\u00e1 a los medios a proteger a las periodistas que sufran violencia digital<\/a> @elperiodico<\/li>\n<li class=\"n0jPhd ynAwRc MBeuO nDgy9d\" role=\"heading\" aria-level=\"3\"><a class=\"title\" href=\"https:\/\/www.rtve.es\/television\/20250718\/f-futbol-sabes-cocinar-discriminacion-historica-mujeres\/16659222.shtml\" target=\"_blank\" rel=\"noopener\" data-artpy=\"0\" data-author=\"RTVE\">&#8216;F de F\u00fatbol&#8217;: \u00ab\u00bfSabes cocinar?\u00bb La discriminaci\u00f3n hist\u00f3rica de las mujeres en este deporte<\/a> @rtve<\/li>\n<li role=\"heading\" aria-level=\"3\"><a class=\"title\" href=\"https:\/\/www.msn.com\/es-mx\/entretenimiento\/other\/agn%C3%A8s-y-georgina-dos-periodistas-dos-perfiles-diversos-as%C3%AD-son-las-presentadoras-de-los-premios-princesa-de-girona-2025\/ar-AA1J9bVo?ocid=BingNewsVerp\" target=\"_blank\" rel=\"noopener\" data-artpy=\"0\" data-author=\"HOLA.com on MSN\">Agn\u00e8s y Georgina, dos periodistas, dos perfiles diversos: as\u00ed son las presentadoras de los premios Princesa de Girona 2025<\/a> @hola<\/li>\n<li role=\"heading\" aria-level=\"3\"><a class=\"title\" href=\"https:\/\/www.msn.com\/es-es\/noticias\/other\/la-periodista-rosa-lerchundi-nueva-directora-de-comunicaci%C3%B3n-de-la-casa-del-rey-en-lugar-de-jordi-guti%C3%A9rrez\/ar-AA1INKJu?ocid=BingNewsVerp\" target=\"_blank\" rel=\"noopener\" data-artpy=\"0\" data-author=\"El Espa\u00f1ol on MSN\">La periodista Rosa Lerchundi, nueva directora de Comunicaci\u00f3n de la Casa del Rey en lugar de Jordi Guti\u00e9rrez<\/a> @elespa\u00f1ol<\/li>\n<li role=\"heading\" aria-level=\"3\"><a class=\"title\" href=\"https:\/\/www.20minutos.es\/noticia\/5729591\/0\/feminismo-pierde-fuelle-generacion-z-redes-sociales-han-potenciado-guerra-sexos\/\" target=\"_blank\" rel=\"noopener\" data-artpy=\"0\" data-author=\"20 minutos\">El feminismo pierde fuelle en la generaci\u00f3n Z: \u00abLas redes sociales han potenciado una guerra de los sexos\u00bb<\/a> @20mintuos<\/li>\n<\/ul>\n<div role=\"heading\" aria-level=\"3\"><\/div>\n<div role=\"heading\" aria-level=\"3\"><\/div>\n<\/div>\n<\/div>\n<\/div><\/div><\/div><\/div><\/div><div class=\"fusion-fullwidth fullwidth-box fusion-builder-row-4 fusion-flex-container has-pattern-background has-mask-background hundred-percent-fullwidth non-hundred-percent-height-scrolling\" style=\"--awb-border-radius-top-left:0px;--awb-border-radius-top-right:0px;--awb-border-radius-bottom-right:0px;--awb-border-radius-bottom-left:0px;--awb-padding-right-small:2%;--awb-padding-left-small:2%;--awb-flex-wrap:wrap;\" id=\"and\" ><div class=\"fusion-builder-row fusion-row fusion-flex-align-items-flex-start fusion-flex-content-wrap\" style=\"width:104% !important;max-width:104% !important;margin-left: calc(-4% \/ 2 );margin-right: calc(-4% \/ 2 );\"><div class=\"fusion-layout-column fusion_builder_column fusion-builder-column-3 fusion_builder_column_1_1 1_1 fusion-flex-column\" style=\"--awb-padding-right:20px;--awb-padding-left:20px;--awb-padding-right-small:15px;--awb-padding-left-small:15px;--awb-overflow:hidden;--awb-bg-color:var(--awb-color1);--awb-bg-color-hover:var(--awb-color1);--awb-bg-size:cover;--awb-border-color:var(--awb-color3);--awb-border-top:2px;--awb-border-right:2px;--awb-border-bottom:2px;--awb-border-left:2px;--awb-border-style:solid;--awb-border-radius:15px 15px 15px 15px;--awb-width-large:100%;--awb-margin-top-large:0px;--awb-spacing-right-large:1.92%;--awb-margin-bottom-large:20px;--awb-spacing-left-large:1.92%;--awb-width-medium:100%;--awb-order-medium:0;--awb-spacing-right-medium:1.92%;--awb-spacing-left-medium:1.92%;--awb-width-small:100%;--awb-order-small:0;--awb-spacing-right-small:0px;--awb-spacing-left-small:0px;\" id=\"c_andalucia\" data-scroll-devices=\"small-visibility,medium-visibility,large-visibility\"><div class=\"fusion-column-wrapper fusion-column-has-shadow fusion-flex-justify-content-flex-start fusion-content-layout-column\"><div class=\"fusion-title title fusion-title-4 fusion-sep-none fusion-title-text fusion-title-size-one\" style=\"--awb-margin-top:20px;--awb-margin-top-small:10px;--awb-margin-right-small:0px;--awb-margin-bottom-small:10px;--awb-margin-left-small:0px;--awb-sep-color:var(--awb-custom_color_1);\" id=\"andalucia\"><h1 class=\"fusion-title-heading title-heading-left fusion-responsive-typography-calculated\" style=\"font-family:&quot;Raleway&quot;;font-style:normal;font-weight:400;margin:0;--fontSize:40;line-height:var(--awb-typography1-line-height);\"><mark class=\"fusion-highlight custom-textcolor highlight1 awb-highlight-background rounded\" style=\"--awb-color:#4cb700;--awb-text-color:#ffffff;\"><strong>Andaluc\u00eda<\/strong><\/mark><\/h1><\/div><div class=\"fusion-title title fusion-title-5 fusion-sep-none fusion-title-text fusion-title-size-two fusion-animated\" style=\"--awb-text-color:var(--awb-color7);--awb-margin-top-small:10px;--awb-margin-right-small:0px;--awb-margin-bottom-small:10px;--awb-margin-left-small:0px;--awb-sep-color:var(--awb-custom_color_1);--awb-font-size:24px;\" data-animationType=\"fadeIn\" data-animationDuration=\"0.3\" data-animationOffset=\"top-into-view\" id=\"a_institucional\"><h2 class=\"fusion-title-heading title-heading-left fusion-responsive-typography-calculated\" style=\"margin:0;font-size:1em;--fontSize:24;line-height:var(--awb-typography1-line-height);\"><mark class=\"fusion-highlight light highlight1 awb-highlight-background rounded\" style=\"--awb-color:#d1d1d1;\"><strong> Institucional<\/strong>\u00a0<\/mark><\/h2><\/div><div class=\"fusion-text fusion-text-3\" style=\"--awb-line-height:1.5em;\"><div class=\"lSfe4c r5bEn aI5QMe\">\n<div class=\"SoAPf\">\n<ul>\n<li role=\"heading\" aria-level=\"3\"><a class=\"title\" href=\"https:\/\/www.juntadeandalucia.es\/presidencia\/portavoz\/gobiernoaldia\/207310\/JuanmaMoreno\/Andalucia\/Gobiernoandaluz\/cuposeparatista\/Cataluna\/igualdad\/solidaridad\/territorios\/principios\/equidad\/marcofinanciero\" target=\"_blank\" rel=\"noopener\" data-artpy=\"0\" data-author=\"Junta de Andaluc\u00eda\">Moreno afirma que Andaluc\u00eda nunca ceder\u00e1 ante quienes quieren romper los principios de la solidaridad interterritorial y la igualdad<\/a> @juntadeandalucia<\/li>\n<li role=\"heading\" aria-level=\"3\"><a class=\"title\" href=\"https:\/\/www.msn.com\/es-es\/noticias\/espana\/moreno-ve-el-talento-la-capacidad-y-la-iniciativa-de-las-mujeres-como-claves-para-el-avance-y-progreso-de-la-sociedad\/ar-AA1J08BR?ocid=BingNewsVerp\" target=\"_blank\" rel=\"noopener\" data-artpy=\"0\" data-author=\"Europa Press on MSN\">Moreno ve \u00abel talento, la capacidad y la iniciativa de las mujeres\u00bb como claves para el avance y progreso de la sociedad<\/a> @europapress<\/li>\n<\/ul>\n<div class=\"n0jPhd ynAwRc MBeuO nDgy9d\" role=\"heading\" aria-level=\"3\"><\/div>\n<div role=\"heading\" aria-level=\"3\"><\/div>\n<div role=\"heading\" aria-level=\"3\"><\/div>\n<\/div>\n<\/div>\n<\/div><div class=\"fusion-title title fusion-title-6 fusion-sep-none fusion-title-text fusion-title-size-two fusion-animated\" style=\"--awb-text-color:var(--awb-color7);--awb-margin-top-small:10px;--awb-margin-right-small:0px;--awb-margin-bottom-small:10px;--awb-margin-left-small:0px;--awb-sep-color:var(--awb-custom_color_1);--awb-font-size:24px;\" data-animationType=\"fadeIn\" data-animationDuration=\"0.3\" data-animationOffset=\"top-into-view\" id=\"a_economia_empresa\"><h2 class=\"fusion-title-heading title-heading-left fusion-responsive-typography-calculated\" style=\"margin:0;font-size:1em;--fontSize:24;line-height:var(--awb-typography1-line-height);\"><mark class=\"fusion-highlight light highlight1 awb-highlight-background rounded\" style=\"--awb-color:#d1d1d1;\"><strong>Econom\u00eda y Empresa<\/strong><\/mark><\/h2><\/div><div class=\"fusion-text fusion-text-4\" style=\"--awb-line-height:1.5em;\"><div class=\"n0jPhd ynAwRc tNxQIb nDgy9d\" role=\"heading\" aria-level=\"3\">\n<div class=\"n0jPhd ynAwRc tNxQIb nDgy9d\" role=\"heading\" aria-level=\"3\">\n<div class=\"lSfe4c r5bEn aI5QMe\">\n<div class=\"SoAPf\">\n<ul>\n<li role=\"heading\" aria-level=\"3\"><a class=\"title\" href=\"https:\/\/www.diariodesevilla.es\/economia\/sofia-osborne-premio-empresaria-andalucia-caixabank_0_2004400965.html\" target=\"_blank\" rel=\"noopener\" data-artpy=\"0\" data-author=\"Diario de Sevilla\">Sof\u00eda Osborne gana el Premio Empresaria CaixaBank en Andaluc\u00eda<\/a> @diariodesevilla<\/li>\n<li role=\"heading\" aria-level=\"3\"><a class=\"title\" href=\"https:\/\/www.elcorreoweb.es\/economia\/2025\/07\/19\/marcaje-empresario-ines-rosales-empresas-sevilla-119727022.html\" target=\"_blank\" rel=\"noopener\" data-artpy=\"0\" data-author=\"El Correo de Andaluc\u00eda\">Los 115 a\u00f1os de historia de In\u00e9s Rosales: de repartir en motocarro por Sevilla a vender sus tortas de aceite a 35 pa\u00edses<\/a> @elcorreodeandalucia<\/li>\n<li class=\"n0jPhd ynAwRc MBeuO nDgy9d\" role=\"heading\" aria-level=\"3\"><a class=\"title\" href=\"https:\/\/www.msn.com\/es-es\/noticias\/espana\/la-diputaci%C3%B3n-acoger%C3%A1-en-septiembre-el-i-encuentro-mujer-migrante-y-econom%C3%ADa-en-andaluc%C3%ADa\/ar-AA1JdgBG?ocid=BingNewsVerp\" target=\"_blank\" rel=\"noopener\" data-artpy=\"0\" data-author=\"Europa Press on MSN\">La Diputaci\u00f3n de C\u00f3rdoba acoger\u00e1 en septiembre el I Encuentro Mujer Migrante y Econom\u00eda en Andaluc\u00eda<\/a> @europaparess<\/li>\n<li role=\"heading\" aria-level=\"3\"><a class=\"title\" href=\"https:\/\/www.msn.com\/es-es\/noticias\/espana\/mujeres-gitanas-y-ayuntamiento-se-re%C3%BAnen-para-impulsar-el-autoempleo-y-la-venta-ambulante\/ar-AA1J9B6Z?ocid=BingNewsVerp\" target=\"_blank\" rel=\"noopener\" data-artpy=\"0\" data-author=\"Europa Press on MSN\">Mujeres gitanas y Ayuntamiento de C\u00f3rdoba se re\u00fanen para impulsar el autoempleo y la venta ambulante<\/a> @europapress<\/li>\n<li role=\"heading\" aria-level=\"3\"><a class=\"title\" href=\"https:\/\/www.diariodecadiz.es\/bc-cadiz\/exito-iv-edicion-premios-emprendimiento_0_2004416295.html\" target=\"_blank\" rel=\"noopener\" data-artpy=\"0\" data-author=\"Diario de C\u00e1diz\">\u00c9xito de la IV Edici\u00f3n de los Premios al Emprendimiento y Liderazgo Femenino en C\u00e1diz<\/a> @diariodecadiz<\/li>\n<li><a class=\"title\" href=\"https:\/\/www.elconfidencialdigital.com\/articulo\/dinero\/junta-andalucia-activa-ayudas-7200E-autonomos-andaluces-hijos\/20250718085946973189.html\" target=\"_blank\" rel=\"noopener\" data-artpy=\"0\" data-author=\"Confidencial Digital\">La Junta de Andaluc\u00eda activa ayudas de hasta 7.200\u20ac para aut\u00f3nomos andaluces con hijos<\/a> @ecd<\/li>\n<li role=\"heading\" aria-level=\"3\"><a class=\"title\" href=\"https:\/\/www.elnortedecastilla.es\/sociedad\/camaras-comercio-adhieren-pacto-conciliacion-corresponsabilidad-20250721131528-vi.html\" target=\"_blank\" rel=\"noopener\" data-artpy=\"0\" data-author=\"El Norte de Castilla\">Las C\u00e1maras de Comercio andaluzas se adhieren al Pacto por la Conciliaci\u00f3n y la Corresponsabilidad<\/a>@elnortedecastilla<\/li>\n<li role=\"heading\" aria-level=\"3\"><a class=\"title\" href=\"https:\/\/www.msn.com\/es-es\/dinero\/other\/el-paro-baja-en-50-600-personas-en-el-segundo-trimestre-en-andaluc%C3%ADa-y-se-crean-70-600-empleos\/ar-AA1JbWh0?ocid=BingNewsVerp\" target=\"_blank\" rel=\"noopener\" data-artpy=\"0\" data-author=\"La Raz\u00f3n on MSN\">El paro baja en 50.600 personas en el segundo trimestre en Andaluc\u00eda y se crean 70.600 empleos<\/a> @larazon\n<div class=\"SoAPf\"><\/div>\n<\/li>\n<\/ul>\n<\/div>\n<\/div>\n<\/div>\n<\/div>\n<\/div><div class=\"fusion-title title fusion-title-7 fusion-sep-none fusion-title-text fusion-title-size-two fusion-animated\" style=\"--awb-text-color:var(--awb-color7);--awb-margin-top-small:10px;--awb-margin-right-small:0px;--awb-margin-bottom-small:10px;--awb-margin-left-small:0px;--awb-sep-color:var(--awb-custom_color_1);--awb-font-size:24px;\" data-animationType=\"fadeIn\" data-animationDuration=\"0.3\" data-animationOffset=\"top-into-view\" id=\"a_actualidad\"><h2 class=\"fusion-title-heading title-heading-left fusion-responsive-typography-calculated\" style=\"margin:0;font-size:1em;--fontSize:24;line-height:var(--awb-typography1-line-height);\"><mark class=\"fusion-highlight light highlight1 awb-highlight-background rounded\" style=\"--awb-color:#d1d1d1;\"><strong>Actualidad<\/strong><\/mark><\/h2><\/div><div class=\"fusion-text fusion-text-5\" style=\"--awb-line-height:1.5em;\"><div class=\"lSfe4c r5bEn aI5QMe\">\n<div class=\"SoAPf\">\n<div role=\"heading\" aria-level=\"3\">\n<div class=\"lSfe4c r5bEn aI5QMe\">\n<div class=\"SoAPf\">\n<div class=\"lSfe4c r5bEn aI5QMe\">\n<div class=\"SoAPf\">\n<ul>\n<li role=\"heading\" aria-level=\"3\"><a class=\"title\" href=\"https:\/\/cadiznoticias.es\/el-consejo-andaluz-de-colegios-de-farmaceuticos-se-une-al-pacto-andaluz-por-la-conciliacion-y-la-corresponsabilidad\/\" target=\"_blank\" rel=\"noopener\" data-artpy=\"0\" data-author=\"Cadiznoticias\">El Consejo Andaluz de Colegios de Farmac\u00e9uticos se une al Pacto Andaluz por la Conciliaci\u00f3n y la Corresponsabilidad<\/a>@cadiznoticias<\/li>\n<li role=\"heading\" aria-level=\"3\"><a class=\"title\" href=\"https:\/\/www.infobae.com\/historias\/2025\/07\/24\/las-tejedoras-de-un-pueblo-andaluz-que-hacen-frente-al-calor-con-techos-al-crochet-para-nuestra-tierra-lo-hacemos-gratis\/\" target=\"_blank\" rel=\"noopener\" data-artpy=\"0\" data-author=\"Infobae\">Las tejedoras de un pueblo andaluz que hacen frente al calor con techos al crochet: \u201cPara nuestra tierra lo hacemos gratis\u201d<\/a> @infobae<\/li>\n<li role=\"heading\" aria-level=\"3\"><a class=\"title\" href=\"https:\/\/www.eldiario.es\/andalucia\/sostenibilidad\/mujeres-donana-grupo-ecologista-femenino-salvar-parque-nacional_1_12477901.html\" target=\"_blank\" rel=\"noopener\" data-artpy=\"0\" data-author=\"elDiario.es\">Mujeres por Do\u00f1ana, un grupo ecologista femenino para \u201csalvar\u201d el Parque Nacional<\/a> @eldiario<\/li>\n<li role=\"heading\" aria-level=\"3\"><a class=\"title\" href=\"https:\/\/www.msn.com\/es-es\/noticias\/espana\/los-divorcios-suben-m%C3%A1s-de-un-10-en-andaluc%C3%ADa-ascendiendo-a-los-15382-casos-en-2024\/ar-AA1ITufp?ocid=BingNewsVerp\" target=\"_blank\" rel=\"noopener\" data-artpy=\"0\" data-author=\"Europa Press on MSN\">Los divorcios se disparan en Andaluc\u00eda: 40 matrimonios se disuelven cada d\u00eda<\/a> @europapress<\/li>\n<\/ul>\n<\/div>\n<\/div>\n<\/div>\n<\/div>\n<\/div>\n<div role=\"heading\" aria-level=\"3\"><\/div>\n<\/div>\n<\/div>\n<\/div><div class=\"fusion-title title fusion-title-8 fusion-sep-none fusion-title-text fusion-title-size-two fusion-animated\" style=\"--awb-text-color:var(--awb-color7);--awb-margin-top-small:10px;--awb-margin-right-small:0px;--awb-margin-bottom-small:10px;--awb-margin-left-small:0px;--awb-sep-color:var(--awb-custom_color_1);--awb-font-size:24px;\" data-animationType=\"fadeIn\" data-animationDuration=\"0.3\" data-animationOffset=\"top-into-view\" id=\"a_violencias\"><h2 class=\"fusion-title-heading title-heading-left fusion-responsive-typography-calculated\" style=\"margin:0;font-size:1em;--fontSize:24;line-height:var(--awb-typography1-line-height);\"><mark class=\"fusion-highlight light highlight1 awb-highlight-background rounded\" style=\"--awb-color:#d1d1d1;\"><strong>Violencias<\/strong><\/mark><\/h2><\/div><div class=\"fusion-text fusion-text-6\" style=\"--awb-line-height:1.5em;\"><div class=\"lSfe4c r5bEn aI5QMe\">\n<div class=\"SoAPf\">\n<ul>\n<li role=\"heading\" aria-level=\"3\"><a class=\"title\" href=\"https:\/\/www.msn.com\/es-es\/noticias\/internacional\/ocho-a%C3%B1os-y-muchas-denuncias-despu%C3%A9s-la-historia-de-juana-rivas-se-repite\/ar-AA1J5Mq9?ocid=BingNewsVerp\" target=\"_blank\" rel=\"noopener\" data-artpy=\"0\" data-author=\"elDiario.es on MSN\">Ocho a\u00f1os y muchas denuncias despu\u00e9s, la historia de Juana Rivas se repite<\/a> @eldiario<\/li>\n<li role=\"heading\" aria-level=\"3\"><a class=\"title\" href=\"https:\/\/www.msn.com\/es-es\/noticias\/espana\/a-prisi%C3%B3n-acusado-de-agredir-a-su-pareja-en-un-caso-de-violencia-de-g%C3%A9nero-de-riesgo-extremo-en-c%C3%A1diz\/ar-AA1IZMxd?ocid=BingNewsVerp\" target=\"_blank\" rel=\"noopener\" data-artpy=\"0\" data-author=\"20 minutos on MSN\">A prisi\u00f3n acusado de agredir a su pareja en un caso de violencia de g\u00e9nero de \u00abriesgo extremo\u00bb en C\u00e1diz<\/a> @20minutos<\/li>\n<\/ul>\n<\/div>\n<\/div>\n<\/div><div class=\"fusion-title title fusion-title-9 fusion-sep-none fusion-title-text fusion-title-size-two fusion-animated\" style=\"--awb-text-color:var(--awb-color7);--awb-margin-top-small:10px;--awb-margin-right-small:0px;--awb-margin-bottom-small:10px;--awb-margin-left-small:0px;--awb-sep-color:var(--awb-custom_color_1);--awb-font-size:24px;\" data-animationType=\"fadeIn\" data-animationDuration=\"0.3\" data-animationOffset=\"top-into-view\" id=\"a_violencias\"><h2 class=\"fusion-title-heading title-heading-left fusion-responsive-typography-calculated\" style=\"margin:0;font-size:1em;--fontSize:24;line-height:var(--awb-typography1-line-height);\"><mark class=\"fusion-highlight light highlight1 awb-highlight-background rounded\" style=\"--awb-color:#d1d1d1;\"><strong> Ciencia y Cultura<\/strong> <\/mark><\/h2><\/div><div class=\"fusion-text fusion-text-7\" style=\"--awb-line-height:1.5em;\"><div class=\"SoAPf\">\n<ul>\n<li class=\"n0jPhd ynAwRc MBeuO nDgy9d\" role=\"heading\" aria-level=\"3\"><a href=\"https:\/\/www.google.com\/url?rct=j&amp;sa=t&amp;url=https:\/\/www.abc.es\/sevilla\/ciudad\/premios-roma-olavide-distinguen-cuatro-mujeres-club-20250721115659-nts.html&amp;ct=ga&amp;cd=CAEYASoTODQ0MTM1NzU0NzkzOTQ1MDAxNjIbZTBmNTg2ODk3YjVmNzgzZTplczplczpFUzpM&amp;usg=AOvVaw1pxFT4jpcYzjlQFhL4JZNd\" target=\"_blank\" rel=\"noopener\" data-saferedirecturl=\"https:\/\/www.google.com\/url?q=https:\/\/www.google.com\/url?rct%3Dj%26sa%3Dt%26url%3Dhttps:\/\/www.abc.es\/sevilla\/ciudad\/premios-roma-olavide-distinguen-cuatro-mujeres-club-20250721115659-nts.html%26ct%3Dga%26cd%3DCAEYASoTODQ0MTM1NzU0NzkzOTQ1MDAxNjIbZTBmNTg2ODk3YjVmNzgzZTplczplczpFUzpM%26usg%3DAOvVaw1pxFT4jpcYzjlQFhL4JZNd&amp;source=gmail&amp;ust=1753283838574000&amp;usg=AOvVaw0uSXaWHboVxZGTcN7d_-QN\">Los Premios ROMA de la Olavide distinguen a cuatro mujeres y al Club Nataci\u00f3n Sincro Sevilla <\/a><a>@abc<\/a><\/li>\n<li role=\"heading\" aria-level=\"3\"><a class=\"title\" href=\"https:\/\/www.elespanol.com\/mujer\/20250719\/noche-magas-granada-gran-alfombra-liderazgo-cultura-alhambra-mujeres-lvmh\/1003743853789_32.html\" target=\"_blank\" rel=\"noopener\" data-artpy=\"0\" data-author=\"El Espa\u00f1ol\">Noche de Magas en Granada: as\u00ed fue la gran Alfombra del Liderazgo y la Cultura en La Alhambra con las mujeres LVMH<\/a> @elespa\u00f1ol<\/li>\n<li role=\"heading\" aria-level=\"3\"><a class=\"title\" href=\"https:\/\/www.diariodesevilla.es\/entrevistas\/judeline-manera-tratamos-andalucia-unica_0_2004439628.html\" target=\"_blank\" rel=\"noopener\" data-artpy=\"0\" data-author=\"Diario de Sevilla\">Judeline: \u00abLa manera en la que nos tratamos en Andaluc\u00eda es \u00fanica en el mundo\u00bb<\/a> @diariodesevilla<\/li>\n<li role=\"heading\" aria-level=\"3\"><a class=\"title\" href=\"https:\/\/www.lavozdelsur.es\/ediciones\/provincia-cadiz\/cinco-mujeres-referentes-premiadas-en-cadiz-investigadores-expertas-en-drones-vecinas_338324_102.html\" target=\"_blank\" rel=\"noopener\" data-artpy=\"0\" data-author=\"lavozdelsur.es\">Cinco mujeres referentes, premiadas en C\u00e1diz: investigadores, expertas en drones o &#8216;vecinas&#8217;<\/a> @lavozdelsur<\/li>\n<li role=\"heading\" aria-level=\"3\"><a class=\"title\" href=\"https:\/\/www.diariodesevilla.es\/vivirensevilla\/240-participantes-decena-actividades-artisticas_0_2004400752.html\" target=\"_blank\" rel=\"noopener\" data-artpy=\"0\" data-author=\"Diario de Sevilla\">M\u00e1s de 240 participantes y una decena de actividades art\u00edsticas en Barraca XXI Sevilla<\/a> @diariodesevilla<\/li>\n<li role=\"heading\" aria-level=\"3\"><a class=\"title\" href=\"https:\/\/www.diariodealmeria.es\/ocio\/elena-caballero-publica-autobiografia-titulada_0_2004418683.html\" target=\"_blank\" rel=\"noopener\" data-artpy=\"0\" data-author=\"Diario de Almer\u00eda\">Elena Caballero publica su autobiograf\u00eda titulada \u2018Mujeres que hay en m\u00ed\u2019<\/a> @diariodealmeria<\/li>\n<\/ul>\n<div class=\"n0jPhd ynAwRc MBeuO nDgy9d\" role=\"heading\" aria-level=\"3\"><\/div>\n<\/div>\n<div class=\"SoAPf\">\n<div role=\"heading\" aria-level=\"3\"><\/div>\n<div role=\"heading\" aria-level=\"3\"><\/div>\n<\/div>\n<div class=\"lSfe4c r5bEn aI5QMe\">\n<div class=\"SoAPf\"><\/div>\n<\/div>\n<\/div><div class=\"fusion-title title fusion-title-10 fusion-sep-none fusion-title-text fusion-title-size-two fusion-animated\" style=\"--awb-text-color:var(--awb-color7);--awb-margin-top-small:10px;--awb-margin-right-small:0px;--awb-margin-bottom-small:10px;--awb-margin-left-small:0px;--awb-sep-color:var(--awb-custom_color_1);--awb-font-size:24px;\" data-animationType=\"fadeIn\" data-animationDuration=\"0.3\" data-animationOffset=\"top-into-view\" id=\"a_deporte\"><h2 class=\"fusion-title-heading title-heading-left fusion-responsive-typography-calculated\" style=\"margin:0;font-size:1em;--fontSize:24;line-height:var(--awb-typography1-line-height);\"><mark class=\"fusion-highlight light highlight1 awb-highlight-background rounded\" style=\"--awb-color:#d1d1d1;\"><strong> Deporte<\/strong> <\/mark><\/h2><\/div><div class=\"fusion-text fusion-text-8\" style=\"--awb-line-height:1.5em;\"><div class=\"lSfe4c r5bEn aI5QMe\">\n<div class=\"SoAPf\">\n<div role=\"heading\" aria-level=\"3\">\n<div class=\"lSfe4c r5bEn aI5QMe\">\n<div class=\"SoAPf\">\n<ul>\n<li class=\"n0jPhd ynAwRc MBeuO nDgy9d\" role=\"heading\" aria-level=\"3\"><a class=\"title\" href=\"https:\/\/www.laopiniondemalaga.es\/deportes\/2025\/07\/18\/andalucia-reconoce-mejores-deportistas-119815548.html\" target=\"_blank\" rel=\"noopener\" data-artpy=\"0\" data-author=\"La Opini\u00f3n de M\u00e1laga\">Andaluc\u00eda reconoce a sus mejores deportistas<\/a> @laopiniondemalaga<\/li>\n<\/ul>\n<\/div>\n<\/div>\n<\/div>\n<div role=\"heading\" aria-level=\"3\"><\/div>\n<div role=\"heading\" aria-level=\"3\"><\/div>\n<\/div>\n<\/div>\n<\/div><\/div><\/div><\/div><\/div><div class=\"fusion-fullwidth fullwidth-box fusion-builder-row-5 fusion-flex-container has-pattern-background has-mask-background hundred-percent-fullwidth non-hundred-percent-height-scrolling\" style=\"--awb-border-radius-top-left:0px;--awb-border-radius-top-right:0px;--awb-border-radius-bottom-right:0px;--awb-border-radius-bottom-left:0px;--awb-padding-right-small:2%;--awb-padding-left-small:2%;--awb-flex-wrap:wrap;\" ><div class=\"fusion-builder-row fusion-row fusion-flex-align-items-flex-start fusion-flex-content-wrap\" style=\"width:104% !important;max-width:104% !important;margin-left: calc(-4% \/ 2 );margin-right: calc(-4% \/ 2 );\"><div class=\"fusion-layout-column fusion_builder_column fusion-builder-column-4 fusion_builder_column_1_1 1_1 fusion-flex-column\" style=\"--awb-padding-right:20px;--awb-padding-left:20px;--awb-padding-right-small:15px;--awb-padding-left-small:15px;--awb-overflow:hidden;--awb-bg-color:var(--awb-color1);--awb-bg-color-hover:var(--awb-color1);--awb-bg-size:cover;--awb-border-color:var(--awb-color3);--awb-border-top:2px;--awb-border-right:2px;--awb-border-bottom:2px;--awb-border-left:2px;--awb-border-style:solid;--awb-border-radius:15px 15px 15px 15px;--awb-width-large:100%;--awb-margin-top-large:0px;--awb-spacing-right-large:1.92%;--awb-margin-bottom-large:20px;--awb-spacing-left-large:1.92%;--awb-width-medium:100%;--awb-order-medium:0;--awb-spacing-right-medium:1.92%;--awb-spacing-left-medium:1.92%;--awb-width-small:100%;--awb-order-small:0;--awb-spacing-right-small:0px;--awb-spacing-left-small:0px;\" id=\"c_estado\" data-scroll-devices=\"small-visibility,medium-visibility,large-visibility\"><div class=\"fusion-column-wrapper fusion-column-has-shadow fusion-flex-justify-content-flex-start fusion-content-layout-column\"><div class=\"fusion-title title fusion-title-11 fusion-sep-none fusion-title-text fusion-title-size-one\" style=\"--awb-margin-top:20px;--awb-margin-top-small:10px;--awb-margin-right-small:0px;--awb-margin-bottom-small:10px;--awb-margin-left-small:0px;--awb-sep-color:var(--awb-custom_color_1);\" id=\"estado\"><h1 class=\"fusion-title-heading title-heading-left fusion-responsive-typography-calculated\" style=\"font-family:&quot;Raleway&quot;;font-style:normal;font-weight:400;margin:0;--fontSize:40;line-height:var(--awb-typography1-line-height);\"><mark class=\"fusion-highlight custom-textcolor highlight1 awb-highlight-background rounded\" style=\"--awb-text-color:#ffffff;\"><strong>Estado<\/strong><\/mark><\/h1><\/div><div class=\"fusion-title title fusion-title-12 fusion-sep-none fusion-title-text fusion-title-size-two fusion-animated\" style=\"--awb-text-color:var(--awb-color7);--awb-margin-top-small:10px;--awb-margin-right-small:0px;--awb-margin-bottom-small:10px;--awb-margin-left-small:0px;--awb-sep-color:var(--awb-custom_color_1);--awb-font-size:24px;\" data-animationType=\"fadeIn\" data-animationDuration=\"0.3\" data-animationOffset=\"top-into-view\" id=\"e_institucional\"><h2 class=\"fusion-title-heading title-heading-left fusion-responsive-typography-calculated\" style=\"margin:0;font-size:1em;--fontSize:24;line-height:var(--awb-typography1-line-height);\"><mark class=\"fusion-highlight light highlight1 awb-highlight-background rounded\" style=\"--awb-color:#d1d1d1;\"><strong> Institucional<\/strong>\u00a0<\/mark><\/h2><\/div><div class=\"fusion-text fusion-text-9\" style=\"--awb-line-height:1.5em;\"><ul>\n<li><a href=\"https:\/\/www.rtve.es\/noticias\/20250722\/congreso-diputados-pasara-a-llamarse-solo-congreso-tras-reforma-se-aprueba-este-martes\/16672981.shtml\">El Congreso de los Diputados pasar\u00e1 a llamarse solo \u00abCongreso\u00bb<\/a> @rtve<\/li>\n<li><a class=\"title\" href=\"https:\/\/www.europapress.es\/epsocial\/igualdad\/noticia-saiz-afirma-mujeres-gitanas-pueden-beneficiarse-especialmente-imv-apuesta-adaptarlo-mejor-20250721172805.html\" target=\"_blank\" rel=\"noopener\" data-artpy=\"0\" data-author=\"Europa Press\">Saiz afirma que \u00ablas mujeres gitanas pueden beneficiarse especialmente\u00bb del IMV y apuesta por \u00abadaptarlo mejor\u00bb<\/a> @europapress<\/li>\n<li><a class=\"title\" href=\"https:\/\/www.europapress.es\/epsocial\/igualdad\/noticia-igualdad-pide-ampliar-mirada-feminismo-lograr-conciencia-critica-saber-movilizar-hombres-20250718170052.html\" target=\"_blank\" rel=\"noopener\" data-artpy=\"0\" data-author=\"Europa Press\">Igualdad pide ampliar la mirada del feminismo para lograr \u00abuna conciencia cr\u00edtica\u00bb y saber \u00abmovilizar\u00bb a los hombres<\/a> @europapress<\/li>\n<li><a class=\"title\" href=\"https:\/\/www.msn.com\/es-es\/noticias\/otras\/vivimos-una-ola-reaccionaria-que-pretende-devolvernos-a-la-espa%C3%B1a-en-blanco-y-negro-y-al-armario\/ar-AA1J5B1Q?ocid=BingNewsVerp\" target=\"_blank\" rel=\"noopener\" data-artpy=\"0\" data-author=\"P\u00fablico on MSN\">Entrevista a Ana Redondo, ministra de Igualdad\u00bbVivimos una ola reaccionaria que pretende devolvernos a la Espa\u00f1a en blanco y negro y al armario\u00bb<\/a> @publico<\/li>\n<\/ul>\n<\/div><div class=\"fusion-title title fusion-title-13 fusion-sep-none fusion-title-text fusion-title-size-two fusion-animated\" style=\"--awb-text-color:var(--awb-color7);--awb-margin-top-small:10px;--awb-margin-right-small:0px;--awb-margin-bottom-small:10px;--awb-margin-left-small:0px;--awb-sep-color:var(--awb-custom_color_1);--awb-font-size:24px;\" data-animationType=\"fadeIn\" data-animationDuration=\"0.3\" data-animationOffset=\"top-into-view\" id=\"e_institucional_ccaa\"><h2 class=\"fusion-title-heading title-heading-left fusion-responsive-typography-calculated\" style=\"margin:0;font-size:1em;--fontSize:24;line-height:var(--awb-typography1-line-height);\"><mark class=\"fusion-highlight light highlight1 awb-highlight-background rounded\" style=\"--awb-color:#d1d1d1;\"><strong> Institucional &#8211; CCAA<\/strong>\u00a0<\/mark><\/h2><\/div><div class=\"fusion-text fusion-text-10\" style=\"--awb-line-height:1.5em;\"><div class=\"lSfe4c r5bEn aI5QMe\">\n<div class=\"SoAPf\">\n<ul>\n<li class=\"n0jPhd ynAwRc MBeuO nDgy9d\" role=\"heading\" aria-level=\"3\"><a href=\"https:\/\/www.google.com\/url?rct=j&amp;sa=t&amp;url=https:\/\/www.diarioelcanal.com\/raquel-gil-asume-la-presidencia-de-mercabarna-con-foco-en-sostenibilidad-innovacion-y-cohesion-social\/&amp;ct=ga&amp;cd=CAEYByoUMTUwMjI2NzU1MjI2ODEwMjc1NTYyGTAwN2NjMjk1MWZlN2IzMTY6ZXM6ZXM6RVM&amp;usg=AOvVaw1jSdEYczzardgyJqKyRMZt\" target=\"_blank\" rel=\"noopener\" data-saferedirecturl=\"https:\/\/www.google.com\/url?q=https:\/\/www.google.com\/url?rct%3Dj%26sa%3Dt%26url%3Dhttps:\/\/www.diarioelcanal.com\/raquel-gil-asume-la-presidencia-de-mercabarna-con-foco-en-sostenibilidad-innovacion-y-cohesion-social\/%26ct%3Dga%26cd%3DCAEYByoUMTUwMjI2NzU1MjI2ODEwMjc1NTYyGTAwN2NjMjk1MWZlN2IzMTY6ZXM6ZXM6RVM%26usg%3DAOvVaw1jSdEYczzardgyJqKyRMZt&amp;source=gmail&amp;ust=1753453125519000&amp;usg=AOvVaw2QwM0qiKPfoWM_6RPbBFUD\">Raquel Gil asume la presidencia de Mercabarna con foco en sostenibilidad, innovaci\u00f3n y &#8230;\u00a0<\/a><a>@El Canal Mar\u00edtimo y Log\u00edstico<\/a><\/li>\n<li role=\"heading\" aria-level=\"3\"><a class=\"title\" href=\"https:\/\/cadenaser.com\/comunitat-valenciana\/2025\/07\/23\/mujeres-empresarias-el-843-de-las-mujeres-con-cargos-directivos-en-la-comunitat-valenciana-han-tenido-que-emprender-para-poder-liderar-radio-valencia\/\" target=\"_blank\" rel=\"noopener\" data-artpy=\"0\" data-author=\"Cadena SER\">&#8216;Mujeres empresarias&#8217;: El 84,3 % de las mujeres con cargos directivos en la Comunitat Valenciana han tenido que emprender para poder liderar<\/a> @ser<\/li>\n<li role=\"heading\" aria-level=\"3\"><a class=\"title\" href=\"https:\/\/www.elprogreso.es\/articulo\/a-chaira\/pioneras-romper-brecha-genero-40-mujeres-mina-pontes\/202507200502441895983.html\" target=\"_blank\" rel=\"noopener\" data-artpy=\"0\" data-author=\"El Progreso de Lugo\">Pioneras en romper la brecha de g\u00e9nero: las 40 mujeres de la mina de As Pontes<\/a>@elprogresodelugo<\/li>\n<li role=\"heading\" aria-level=\"3\"><a class=\"title\" href=\"https:\/\/www.eldiario.es\/canariasahora\/sociedad\/red-feminista-gran-canaria-rechaza-use-violencia-genero-incitar-racismo_1_12487048.html\" target=\"_blank\" rel=\"noopener\" data-artpy=\"0\" data-author=\"elDiario.es\">La Red Feminista de Gran Canaria rechaza que se use la violencia de g\u00e9nero para \u201cincitar al racismo\u201d<\/a> @eldiario<\/li>\n<li role=\"heading\" aria-level=\"3\"><a class=\"title\" href=\"https:\/\/www.europapress.es\/europapress-legal\/noticia-colegio-abogados-madrid-icam-crea-nueva-seccion-violencia-genero-reforzar-respuesta-juridica-20250723144050.html\" target=\"_blank\" rel=\"noopener\" data-artpy=\"0\" data-author=\"Europa Press\">Colegio de Abogados de Madrid.- El ICAM crea una nueva secci\u00f3n sobre violencia de g\u00e9nero para reforzar la respuesta jur\u00eddica<\/a> @europapress<\/li>\n<\/ul>\n<div role=\"heading\" aria-level=\"3\"><\/div>\n<div role=\"heading\" aria-level=\"3\"><\/div>\n<div role=\"heading\" aria-level=\"3\"><\/div>\n<\/div>\n<\/div>\n<\/div><div class=\"fusion-title title fusion-title-14 fusion-sep-none fusion-title-text fusion-title-size-two fusion-animated\" style=\"--awb-text-color:var(--awb-color7);--awb-margin-top-small:10px;--awb-margin-right-small:0px;--awb-margin-bottom-small:10px;--awb-margin-left-small:0px;--awb-sep-color:var(--awb-custom_color_1);--awb-font-size:24px;\" data-animationType=\"fadeIn\" data-animationDuration=\"0.3\" data-animationOffset=\"top-into-view\" id=\"e_economia_empresa\"><h2 class=\"fusion-title-heading title-heading-left fusion-responsive-typography-calculated\" style=\"margin:0;font-size:1em;--fontSize:24;line-height:var(--awb-typography1-line-height);\"><mark class=\"fusion-highlight light highlight1 awb-highlight-background rounded\" style=\"--awb-color:#d1d1d1;\"><strong>Econom\u00eda y Empresa<\/strong><\/mark><\/h2><\/div><div class=\"fusion-text fusion-text-11\" style=\"--awb-line-height:1.5em;\"><div class=\"lSfe4c r5bEn aI5QMe\">\n<div class=\"SoAPf\">\n<ul>\n<li class=\"n0jPhd ynAwRc MBeuO nDgy9d\" role=\"heading\" aria-level=\"3\"><a class=\"title\" href=\"https:\/\/www.msn.com\/es-es\/noticias\/internacional\/xiii-edici%C3%B3n-las-top-100-mujeres-l%C3%ADderes-en-espa%C3%B1a-condiciones-y-bases\/ar-AA1IHqRC?ocid=BingNewsVerp\" target=\"_blank\" rel=\"noopener\" data-artpy=\"0\" data-author=\"El Espa\u00f1ol on MSN\">XIII Edici\u00f3n &#8216;Las Top 100 Mujeres L\u00edderes&#8217; en Espa\u00f1a: condiciones y bases<\/a> @elespa\u00f1ol<\/li>\n<li role=\"heading\" aria-level=\"3\"><a class=\"title\" href=\"https:\/\/www.msn.com\/es-es\/news\/other\/manos-a-la-obra-compa%C3%B1eras-el-pulso-firme-de-cinco-mujeres-j%C3%B3venes-que-desaf%C3%ADan-el-oficio-de-la-construcci%C3%B3n\/ar-AA1J2GYp?ocid=BingNewsVerp\" target=\"_blank\" rel=\"noopener\" data-artpy=\"0\" data-author=\"El Espa\u00f1ol on MSN\">Manos a la obra, compa\u00f1eras: el pulso firme de cinco mujeres j\u00f3venes que desaf\u00edan el oficio de la construcci\u00f3n<\/a> @elespa\u00f1ol<\/li>\n<li role=\"heading\" aria-level=\"3\"><a class=\"title\" href=\"https:\/\/www.emol.com\/noticias\/Economia\/2025\/07\/23\/1172978\/preferencias-laborales-en-mujeres.html\" target=\"_blank\" rel=\"noopener\" data-artpy=\"0\" data-author=\"EMOL\">M\u00e1s del 50% de las mujeres prioriza el desarrollo profesional en sus empleos: \u00bfEst\u00e1 cambiando la conciliaci\u00f3n entre trabajo y vida personal?<\/a> @emol<\/li>\n<\/ul>\n<\/div>\n<\/div>\n<\/div><div class=\"fusion-title title fusion-title-15 fusion-sep-none fusion-title-text fusion-title-size-two fusion-animated\" style=\"--awb-text-color:var(--awb-color7);--awb-margin-top-small:10px;--awb-margin-right-small:0px;--awb-margin-bottom-small:10px;--awb-margin-left-small:0px;--awb-sep-color:var(--awb-custom_color_1);--awb-font-size:24px;\" data-animationType=\"fadeIn\" data-animationDuration=\"0.3\" data-animationOffset=\"top-into-view\" id=\"e_actualidad\"><h2 class=\"fusion-title-heading title-heading-left fusion-responsive-typography-calculated\" style=\"margin:0;font-size:1em;--fontSize:24;line-height:var(--awb-typography1-line-height);\"><mark class=\"fusion-highlight light highlight1 awb-highlight-background rounded\" style=\"--awb-color:#d1d1d1;\"><strong>Actualidad<\/strong><\/mark><\/h2><\/div><div class=\"fusion-text fusion-text-12\" style=\"--awb-line-height:1.5em;\"><div class=\"source biglogo set_top\">\n<div class=\"lSfe4c r5bEn aI5QMe\">\n<div class=\"SoAPf\">\n<ul>\n<li class=\"n0jPhd ynAwRc MBeuO nDgy9d\" role=\"heading\" aria-level=\"3\"><a href=\"https:\/\/www.eldiario.es\/sociedad\/juezas-escriben-cartas-ninos-entiendan-sentencias-he-decidido-sigas-viviendo-mama_1_12470009.html\">Las juezas que escriben cartas a los ni\u00f1os para que entiendan sus sentencias: \u00abHe decidido que sigas viviendo con tu mam\u00e1\u00bb<\/a> @eldiario<\/li>\n<li role=\"heading\" aria-level=\"3\"><a href=\"https:\/\/www.google.com\/url?rct=j&amp;sa=t&amp;url=https:\/\/www.europapress.es\/epsocial\/igualdad\/noticia-mari-fe-mujer-gitana-28-anos-beneficiaria-solidaria-he-perdido-miedo-desenvolverme-misma-20250719121254.html&amp;ct=ga&amp;cd=CAEYACoUMTEzNzU4MDQ2NDY0MTE4MzAwMzUyG2UwZjU4Njg5N2I1Zjc4M2U6ZXM6ZXM6RVM6TA&amp;usg=AOvVaw3SSsbY-qqxEoMd_0Qv2Zdl\" target=\"_blank\" rel=\"noopener\" data-saferedirecturl=\"https:\/\/www.google.com\/url?q=https:\/\/www.google.com\/url?rct%3Dj%26sa%3Dt%26url%3Dhttps:\/\/www.europapress.es\/epsocial\/igualdad\/noticia-mari-fe-mujer-gitana-28-anos-beneficiaria-solidaria-he-perdido-miedo-desenvolverme-misma-20250719121254.html%26ct%3Dga%26cd%3DCAEYACoUMTEzNzU4MDQ2NDY0MTE4MzAwMzUyG2UwZjU4Njg5N2I1Zjc4M2U6ZXM6ZXM6RVM6TA%26usg%3DAOvVaw3SSsbY-qqxEoMd_0Qv2Zdl&amp;source=gmail&amp;ust=1753289112524000&amp;usg=AOvVaw1EvD1NpsQTQDNCNJtsFuO_\">Mar\u00ed Fe,\u00a0mujer\u00a0gitana de 28 a\u00f1os beneficiaria de la X\u00a0Solidaria: \u00abHe perdido el miedo a &#8230;<\/a><a>@EuropaPress\u00a0<\/a><\/li>\n<li role=\"heading\" aria-level=\"3\"><a class=\"title\" href=\"https:\/\/www.lasexta.com\/programas\/el-intermedio\/mujeres-discapacidad-menudo-somos-vistas-como-mujeres-costa-badia-habla-feminidad-ines-rodriguez_2025072368814df4ffbf4a1a6741b14d.html\" target=\"_blank\" rel=\"noopener\" data-artpy=\"0\" data-author=\"laSexta\">\u00abLas mujeres con discapacidad a menudo no somos vistas como mujeres\u00bb: Costa Bad\u00eda habla de feminidad con In\u00e9s Rodr\u00edguez<\/a> @lasexta<\/li>\n<li role=\"heading\" aria-level=\"3\"><a class=\"title\" href=\"https:\/\/www.msn.com\/es-mx\/salud\/other\/alzheimer-por-qu%C3%A9-afecta-m%C3%A1s-a-las-mujeres-que-a-los-hombres\/ar-AA1J9Qhy?ocid=BingNewsVerp\" target=\"_blank\" rel=\"noopener\" data-artpy=\"0\" data-author=\"EL IMPARCIAL on MSN\">Alzheimer: por qu\u00e9 afecta m\u00e1s a las mujeres que a los hombres<\/a> @elimparcial<\/li>\n<\/ul>\n<div role=\"heading\" aria-level=\"3\"><\/div>\n<div role=\"heading\" aria-level=\"3\"><\/div>\n<\/div>\n<\/div>\n<\/div>\n<\/div><div class=\"fusion-title title fusion-title-16 fusion-sep-none fusion-title-text fusion-title-size-two fusion-animated\" style=\"--awb-text-color:var(--awb-color7);--awb-margin-top-small:10px;--awb-margin-right-small:0px;--awb-margin-bottom-small:10px;--awb-margin-left-small:0px;--awb-sep-color:var(--awb-custom_color_1);--awb-font-size:24px;\" data-animationType=\"fadeIn\" data-animationDuration=\"0.3\" data-animationOffset=\"top-into-view\" id=\"e_violencias\"><h2 class=\"fusion-title-heading title-heading-left fusion-responsive-typography-calculated\" style=\"margin:0;font-size:1em;--fontSize:24;line-height:var(--awb-typography1-line-height);\"><mark class=\"fusion-highlight light highlight1 awb-highlight-background rounded\" style=\"--awb-color:#d1d1d1;\"><strong>Violencias<\/strong><\/mark><\/h2><\/div><div class=\"fusion-text fusion-text-13\" style=\"--awb-line-height:1.5em;\"><div class=\"SoAPf\">\n<div role=\"heading\" aria-level=\"3\">\n<div class=\"lSfe4c r5bEn aI5QMe\">\n<div class=\"SoAPf\">\n<ul>\n<li><a class=\"title\" href=\"https:\/\/www.abc.es\/espana\/andalucia\/malaga\/liberadas-162-mujeres-red-trata-operaba-siete-20250722102034-nts.html\" target=\"_blank\" rel=\"noopener\" data-artpy=\"0\" data-author=\"ABC\">Liberadas 162 mujeres de una red de trata que operaba en siete provincias<\/a> @abc<\/li>\n<\/ul>\n<\/div>\n<\/div>\n<\/div>\n<div role=\"heading\" aria-level=\"3\"><\/div>\n<\/div>\n<\/div><div class=\"fusion-title title fusion-title-17 fusion-sep-none fusion-title-text fusion-title-size-two fusion-animated\" style=\"--awb-text-color:var(--awb-color7);--awb-margin-top-small:10px;--awb-margin-right-small:0px;--awb-margin-bottom-small:10px;--awb-margin-left-small:0px;--awb-sep-color:var(--awb-custom_color_1);--awb-font-size:24px;\" data-animationType=\"fadeIn\" data-animationDuration=\"0.3\" data-animationOffset=\"top-into-view\" id=\"e_violencias\"><h2 class=\"fusion-title-heading title-heading-left fusion-responsive-typography-calculated\" style=\"margin:0;font-size:1em;--fontSize:24;line-height:var(--awb-typography1-line-height);\"><mark class=\"fusion-highlight light highlight1 awb-highlight-background rounded\" style=\"--awb-color:#d1d1d1;\"><strong> Ciencia y Cultura<\/strong> <\/mark><\/h2><\/div><div class=\"fusion-text fusion-text-14\" style=\"--awb-line-height:1.5em;\"><div class=\"SoAPf\">\n<ul>\n<li class=\"n0jPhd ynAwRc MBeuO nDgy9d\" role=\"heading\" aria-level=\"3\"><a href=\"https:\/\/www.google.com\/url?rct=j&amp;sa=t&amp;url=https:\/\/www.elsaltodiario.com\/extrema-derecha\/nuria-alabao-guerras-genero-politica-odio&amp;ct=ga&amp;cd=CAEYASoTNzI2MzIyODc4ODMxNDYyMjkwNTIbZTBmNTg2ODk3YjVmNzgzZTplczplczpFUzpM&amp;usg=AOvVaw2u9Dedp7a-g50-kqiS5D6A\" target=\"_blank\" rel=\"noopener\" data-saferedirecturl=\"https:\/\/www.google.com\/url?q=https:\/\/www.google.com\/url?rct%3Dj%26sa%3Dt%26url%3Dhttps:\/\/www.elsaltodiario.com\/extrema-derecha\/nuria-alabao-guerras-genero-politica-odio%26ct%3Dga%26cd%3DCAEYASoTNzI2MzIyODc4ODMxNDYyMjkwNTIbZTBmNTg2ODk3YjVmNzgzZTplczplczpFUzpM%26usg%3DAOvVaw2u9Dedp7a-g50-kqiS5D6A&amp;source=gmail&amp;ust=1753283838558000&amp;usg=AOvVaw3hsUMoY8-7uAEoq9-dqLD-\">Nuria Alabao: \u201cFrente a la l\u00f3gica reaccionaria que explota el odio, una pol\u00edtica cara a &#8230; &#8211; <\/a><a>@El Salto<\/a><\/li>\n<li role=\"heading\" aria-level=\"3\"><a class=\"title\" href=\"https:\/\/www.levante-emv.com\/cultura\/2025\/07\/22\/ivam-amplia-coleccion-compra-obras-arte-119945484.html\" target=\"_blank\" rel=\"noopener\" data-artpy=\"0\" data-author=\"Levante-EMV\">El IVAM ampl\u00eda su colecci\u00f3n con la compra de obras de 14 mujeres artistas por un mill\u00f3n de euros<\/a> @levante<\/li>\n<li role=\"heading\" aria-level=\"3\"><a class=\"title\" href=\"https:\/\/www.eldiariomontanes.es\/culturas\/uimp\/uimp-celebra-gabriela-mistral-autora-intima-rebelde-20250718072330-nt.html\" target=\"_blank\" rel=\"noopener\" data-artpy=\"0\" data-author=\"El Diario Monta\u00f1\u00e9s\">La UIMP celebra a Gabriela Mistral, una \u00abautora \u00edntima, rebelde y actual\u00bb<\/a> @eldiariomonta\u00f1es<\/li>\n<li role=\"heading\" aria-level=\"3\"><a class=\"title\" href=\"https:\/\/cadenaser.com\/nacional\/2025\/07\/18\/ya-desde-la-epoca-de-los-sumerios-encontramos-poesia-escrita-por-mujeres-un-viaje-por-algunas-de-las-obras-femeninas-mas-relevantes-cadena-ser\/\" target=\"_blank\" rel=\"noopener\" data-artpy=\"0\" data-author=\"Cadena SER\">\u00abYa desde la \u00e9poca de los sumerios encontramos poes\u00eda escrita por mujeres\u00bb: un viaje por algunas de las obras femeninas m\u00e1s relevantes<\/a> @ser<\/li>\n<li role=\"heading\" aria-level=\"3\"><a class=\"title\" href=\"https:\/\/acento.com.do\/cultura\/emilia-pardo-bazan-la-dama-del-naturalismo-y-la-pluma-incisiva-9526485.html\" target=\"_blank\" rel=\"noopener\" data-artpy=\"0\" data-author=\"Acento\">Emilia Pardo Baz\u00e1n: La dama del naturalismo y la pluma incisiva<\/a> @elacento<\/li>\n<\/ul>\n<\/div>\n<\/div><div class=\"fusion-title title fusion-title-18 fusion-sep-none fusion-title-text fusion-title-size-two fusion-animated\" style=\"--awb-text-color:var(--awb-color7);--awb-margin-top-small:10px;--awb-margin-right-small:0px;--awb-margin-bottom-small:10px;--awb-margin-left-small:0px;--awb-sep-color:var(--awb-custom_color_1);--awb-font-size:24px;\" data-animationType=\"fadeIn\" data-animationDuration=\"0.3\" data-animationOffset=\"top-into-view\" id=\"e_deporte\"><h2 class=\"fusion-title-heading title-heading-left fusion-responsive-typography-calculated\" style=\"margin:0;font-size:1em;--fontSize:24;line-height:var(--awb-typography1-line-height);\"><mark class=\"fusion-highlight light highlight1 awb-highlight-background rounded\" style=\"--awb-color:#d1d1d1;\"><strong> Deporte<\/strong> <\/mark><\/h2><\/div><div class=\"fusion-text fusion-text-15\" style=\"--awb-line-height:1.5em;\"><div class=\"lSfe4c r5bEn aI5QMe\">\n<div class=\"SoAPf\">\n<ul>\n<li role=\"heading\" aria-level=\"3\"><a class=\"title\" href=\"https:\/\/www.europapress.es\/deportes\/futbol-00162\/noticia-csd-destina-855-millones-euros-proteccion-social-futbol-femenino-aficionado-20250721163017.html\" target=\"_blank\" rel=\"noopener\" data-artpy=\"0\" data-author=\"Europa Press\">El CSD destina 8,55 millones de euros para la protecci\u00f3n social en el f\u00fatbol femenino y aficionado<\/a> @europapress<\/li>\n<li class=\"n0jPhd ynAwRc MBeuO nDgy9d\" role=\"heading\" aria-level=\"3\"><a class=\"title\" href=\"https:\/\/www.msn.com\/es-es\/noticias\/other\/teresa-portela-v%C3%ADctima-de-la-falta-de-%C3%A9tica-organizativa-su-salud-mental-es-preocupante\/ar-AA1ISV9z?ocid=BingNewsVerp\" target=\"_blank\" rel=\"noopener\" data-artpy=\"0\" data-author=\"El Confidencial on MSN\">Teresa Portela, v\u00edctima de la falta de \u00e9tica organizativa: \u00abSu salud mental es preocupante\u00bb<\/a> @elconfidencial<\/li>\n<li role=\"heading\" aria-level=\"3\"><a class=\"title\" href=\"https:\/\/spherasports.com\/espana-hace-historia-y-logra-el-billete-a-su-primera-final-europea\/\" target=\"_blank\" rel=\"noopener\" data-artpy=\"0\" data-author=\"Sphera Sports\">Espa\u00f1a hace historia y logra el billete a su primera final europea<\/a> @Spherasport<\/li>\n<\/ul>\n<\/div>\n<\/div>\n<\/div><\/div><\/div><\/div><\/div><div class=\"fusion-fullwidth fullwidth-box fusion-builder-row-6 fusion-flex-container has-pattern-background has-mask-background hundred-percent-fullwidth non-hundred-percent-height-scrolling\" style=\"--awb-border-radius-top-left:0px;--awb-border-radius-top-right:0px;--awb-border-radius-bottom-right:0px;--awb-border-radius-bottom-left:0px;--awb-padding-right-small:2%;--awb-padding-left-small:2%;--awb-flex-wrap:wrap;\" ><div class=\"fusion-builder-row fusion-row fusion-flex-align-items-flex-start fusion-flex-content-wrap\" style=\"width:104% !important;max-width:104% !important;margin-left: calc(-4% \/ 2 );margin-right: calc(-4% \/ 2 );\"><div class=\"fusion-layout-column fusion_builder_column fusion-builder-column-5 fusion_builder_column_1_1 1_1 fusion-flex-column\" style=\"--awb-padding-right:20px;--awb-padding-left:20px;--awb-padding-right-small:15px;--awb-padding-left-small:15px;--awb-overflow:hidden;--awb-bg-color:var(--awb-color1);--awb-bg-color-hover:var(--awb-color1);--awb-bg-size:cover;--awb-border-color:var(--awb-color3);--awb-border-top:2px;--awb-border-right:2px;--awb-border-bottom:2px;--awb-border-left:2px;--awb-border-style:solid;--awb-border-radius:15px 15px 15px 15px;--awb-width-large:100%;--awb-margin-top-large:0px;--awb-spacing-right-large:1.92%;--awb-margin-bottom-large:20px;--awb-spacing-left-large:1.92%;--awb-width-medium:100%;--awb-order-medium:0;--awb-spacing-right-medium:1.92%;--awb-spacing-left-medium:1.92%;--awb-width-small:100%;--awb-order-small:0;--awb-spacing-right-small:0px;--awb-spacing-left-small:0px;\" id=\"c_internacional\" data-scroll-devices=\"small-visibility,medium-visibility,large-visibility\"><div class=\"fusion-column-wrapper fusion-column-has-shadow fusion-flex-justify-content-flex-start fusion-content-layout-column\"><div class=\"fusion-title title fusion-title-19 fusion-sep-none fusion-title-text fusion-title-size-one\" style=\"--awb-margin-top:20px;--awb-margin-top-small:10px;--awb-margin-right-small:0px;--awb-margin-bottom-small:10px;--awb-margin-left-small:0px;--awb-sep-color:var(--awb-custom_color_1);\" id=\"internacional\"><h1 class=\"fusion-title-heading title-heading-left fusion-responsive-typography-calculated\" style=\"font-family:&quot;Raleway&quot;;font-style:normal;font-weight:400;margin:0;--fontSize:40;line-height:var(--awb-typography1-line-height);\"><mark class=\"fusion-highlight custom-textcolor highlight1 awb-highlight-background rounded\" style=\"--awb-color:#0098d9;--awb-text-color:#ffffff;\"><strong>UE &amp; Internacional<\/strong><\/mark><\/h1><\/div><div class=\"fusion-text fusion-text-16\" style=\"--awb-line-height:1.5em;\"><div class=\"lSfe4c r5bEn aI5QMe\">\n<div class=\"SoAPf\">\n<ul>\n<li role=\"heading\" aria-level=\"3\"><a class=\"title\" href=\"https:\/\/www.baenegocios.com\/negocios\/Mujeres-y-economias-regionales-el-2-Foro-AGEI-WEF-llega-a-Cordoba-20250724-0024.html\" target=\"_blank\" rel=\"noopener\" data-artpy=\"0\" data-author=\"BAE Negocios\">Mujeres y econom\u00edas regionales: el 2\u00b0 Foro AGEI WEF llega a C\u00f3rdoba<\/a> @BAEnegocios<\/li>\n<li class=\"n0jPhd ynAwRc MBeuO nDgy9d\" role=\"heading\" aria-level=\"3\"><a href=\"https:\/\/www.google.com\/url?rct=j&amp;sa=t&amp;url=https:\/\/www.larazon.es\/economia\/banco-africano-desarrollo-destina-100-millones-euros-mujeres-jovenes-marroquies_20250721687e3307ffbf4a1a673e0744.html&amp;ct=ga&amp;cd=CAEYACoTODQ0MTM1NzU0NzkzOTQ1MDAxNjIbZTBmNTg2ODk3YjVmNzgzZTplczplczpFUzpM&amp;usg=AOvVaw0Kf47xDTRAF7y2Vw72eEGu\" target=\"_blank\" rel=\"noopener\" data-saferedirecturl=\"https:\/\/www.google.com\/url?q=https:\/\/www.google.com\/url?rct%3Dj%26sa%3Dt%26url%3Dhttps:\/\/www.larazon.es\/economia\/banco-africano-desarrollo-destina-100-millones-euros-mujeres-jovenes-marroquies_20250721687e3307ffbf4a1a673e0744.html%26ct%3Dga%26cd%3DCAEYACoTODQ0MTM1NzU0NzkzOTQ1MDAxNjIbZTBmNTg2ODk3YjVmNzgzZTplczplczpFUzpM%26usg%3DAOvVaw0Kf47xDTRAF7y2Vw72eEGu&amp;source=gmail&amp;ust=1753283838574000&amp;usg=AOvVaw3nG50otYO5qZJYA6rZYGOQ\">El Banco Africano de Desarrollo destina 100 millones de euros a\u00a0mujeres\u00a0y j\u00f3venes marroqu\u00edes <\/a><a>@La Raz\u00f3n<\/a><\/li>\n<li role=\"heading\" aria-level=\"3\"><a class=\"title\" href=\"https:\/\/talcualdigital.com\/reconocer-el-rol-transformador-de-las-mujeres-de-al-y-el-caribe-para-la-crisis-climatica\/\" target=\"_blank\" rel=\"noopener\" data-artpy=\"0\" data-author=\"TalCual\">Reconocer el rol transformador de las mujeres de AL y el Caribe para la crisis clim\u00e1tica<\/a> @talcual<\/li>\n<li role=\"heading\" aria-level=\"3\"><a class=\"title\" href=\"https:\/\/www.swissinfo.ch\/spa\/el-senado-italiano-aprueba-el-delito-de-feminicidio-penado-con-cadena-perpetua\/89726129\" target=\"_blank\" rel=\"noopener\" data-artpy=\"0\" data-author=\"SWI swissinfo.ch\">El Senado italiano aprueba el delito de feminicidio penado con cadena perpetua<\/a> @swissinfo<\/li>\n<li role=\"heading\" aria-level=\"3\"><a class=\"title\" href=\"https:\/\/www.clarin.com\/cultura\/maria-montessori-medica-pionera-defendio-rol-mujer-trabajadora-voto-femenino_0_FkpyLCzPMe.html\" target=\"_blank\" rel=\"noopener\" data-artpy=\"0\" data-author=\"Clar\u00edn\">Mar\u00eda Montessori: La m\u00e9dica pionera que defendi\u00f3 el rol de la mujer trabajadora y el voto femenino<\/a> @elclarin<\/li>\n<li role=\"heading\" aria-level=\"3\"><a class=\"title\" href=\"https:\/\/www.msn.com\/es-es\/noticias\/otras\/las-ligas-femeninas-europeas-se-unen-para-garantizar-una-representaci%C3%B3n-coordinada-a-nivel-europeo\/ar-AA1J4Rbp?ocid=BingNewsVerp\" target=\"_blank\" rel=\"noopener\" data-artpy=\"0\" data-author=\"Europa Press on MSN\">Las ligas femeninas europeas se unen en una plataforma para \u00abgarantizar una representaci\u00f3n coordinada\u00bb<\/a>@europapress<\/li>\n<li role=\"heading\" aria-level=\"3\"><a class=\"title\" href=\"https:\/\/www.msn.com\/es-us\/noticias\/mundo\/el-ciclismo-femenino-cobra-auge-pero-todav%C3%ADa-hay-desigualdad\/ar-AA1J9tXF?ocid=BingNewsVerp\" target=\"_blank\" rel=\"noopener\" data-artpy=\"0\" data-author=\"DW US (Spanish) on MSN\">El ciclismo femenino cobra auge, pero a\u00fan hay desigualdad<\/a> @deutchewell<\/li>\n<li role=\"heading\" aria-level=\"3\"><a class=\"title\" href=\"https:\/\/www.ntn24.com\/noticias-deportes\/federacion-mexicana-de-futbol-sancionara-a-javier-el-chicharito-hernandez-por-expresiones-que-uso-para-referirse-a-las-mujeres-570203\" target=\"_blank\" rel=\"noopener\" data-artpy=\"0\" data-author=\"NTN24\">Federaci\u00f3n Mexicana de Futbol sancionar\u00e1 a Javier &#8216;el Chicharito&#8217; Hern\u00e1ndez por expresiones que us\u00f3 para referirse a las mujeres<\/a> @NTN24<\/li>\n<\/ul>\n<\/div>\n<\/div>\n<\/div><\/div><\/div><\/div><\/div><\/p>\n","protected":false},"excerpt":{"rendered":"<p>El Congreso de los Diputados pasar\u00e1 a llamarse solo \u00abCongreso\u00bb * M\u00e1s del 50% de las mujeres prioriza el desarrollo profesional en sus empleos: \u00bfEst\u00e1 cambiando la conciliaci\u00f3n entre trabajo y vida personal? * El feminismo pierde fuelle en la generaci\u00f3n Z: \u00abLas redes sociales han potenciado una guerra de los sexos\u00bb * Espa\u00f1a derrota a Alemania y se mete en la final de la Eurocopa Femenina <\/p>\n","protected":false},"author":3,"featured_media":23882,"comment_status":"closed","ping_status":"closed","sticky":false,"template":"","format":"standard","meta":{"footnotes":""},"categories":[298,654],"tags":[132,232,693,695,314],"class_list":["post-24559","post","type-post","status-publish","format-standard","has-post-thumbnail","hentry","category-newsletter","category-nwl-v-4-0","tag-corresponsabilidad","tag-deporte-femenino","tag-desarrollo-profesional","tag-lenguaje-inclusivo","tag-violencia-digital"],"yoast_head":"<!-- This site is optimized with the Yoast SEO plugin v27.5 - https:\/\/yoast.com\/product\/yoast-seo-wordpress\/ -->\n<title>Noticias Info CKL #2932-24-07-2025<\/title>\n<meta name=\"description\" content=\"Noticias Info CKL #2932-24-07-2025\" \/>\n<meta name=\"robots\" content=\"index, follow, max-snippet:-1, max-image-preview:large, max-video-preview:-1\" \/>\n<link rel=\"canonical\" href=\"https:\/\/cklcomunicaciones.es\/coop\/noticias-info-ckl-2932-24-07-2025\/\" \/>\n<meta property=\"og:locale\" content=\"es_ES\" \/>\n<meta property=\"og:type\" content=\"article\" \/>\n<meta property=\"og:title\" content=\"Noticias Info CKL #2932-24-07-2025\" \/>\n<meta property=\"og:description\" content=\"Noticias Info CKL #2932-24-07-2025\" \/>\n<meta property=\"og:url\" content=\"https:\/\/cklcomunicaciones.es\/coop\/noticias-info-ckl-2932-24-07-2025\/\" \/>\n<meta property=\"og:site_name\" content=\"CKL Comunicaciones\" \/>\n<meta property=\"article:published_time\" content=\"2025-07-24T16:37:23+00:00\" \/>\n<meta property=\"og:image\" content=\"https:\/\/cklcomunicaciones.es\/coop\/wp-content\/uploads\/CKL-una-mirada-distinta-de-la-comunicacion.webp\" \/>\n\t<meta property=\"og:image:width\" content=\"1482\" \/>\n\t<meta property=\"og:image:height\" content=\"775\" \/>\n\t<meta property=\"og:image:type\" content=\"image\/webp\" \/>\n<meta name=\"author\" content=\"ckl\" \/>\n<meta name=\"twitter:card\" content=\"summary_large_image\" \/>\n<meta name=\"twitter:label1\" content=\"Escrito por\" \/>\n\t<meta name=\"twitter:data1\" content=\"ckl\" \/>\n\t<meta name=\"twitter:label2\" content=\"Tiempo de lectura\" \/>\n\t<meta name=\"twitter:data2\" content=\"6 minutos\" \/>\n<script type=\"application\/ld+json\" class=\"yoast-schema-graph\">{\"@context\":\"https:\\\/\\\/schema.org\",\"@graph\":[{\"@type\":\"Article\",\"@id\":\"https:\\\/\\\/cklcomunicaciones.es\\\/coop\\\/noticias-info-ckl-2932-24-07-2025\\\/#article\",\"isPartOf\":{\"@id\":\"https:\\\/\\\/cklcomunicaciones.es\\\/coop\\\/noticias-info-ckl-2932-24-07-2025\\\/\"},\"author\":{\"name\":\"ckl\",\"@id\":\"https:\\\/\\\/cklcomunicaciones.es\\\/coop\\\/#\\\/schema\\\/person\\\/929a6837f7626450bbb50cee1aef266e\"},\"headline\":\"Noticias Info CKL #2932-24-07-2025\",\"datePublished\":\"2025-07-24T16:37:23+00:00\",\"mainEntityOfPage\":{\"@id\":\"https:\\\/\\\/cklcomunicaciones.es\\\/coop\\\/noticias-info-ckl-2932-24-07-2025\\\/\"},\"wordCount\":8289,\"image\":{\"@id\":\"https:\\\/\\\/cklcomunicaciones.es\\\/coop\\\/noticias-info-ckl-2932-24-07-2025\\\/#primaryimage\"},\"thumbnailUrl\":\"https:\\\/\\\/cklcomunicaciones.es\\\/coop\\\/wp-content\\\/uploads\\\/CKL-una-mirada-distinta-de-la-comunicacion.webp\",\"keywords\":[\"corresponsabilidad\",\"deporte femenino\",\"desarrollo profesional\",\"lenguaje inclusivo\",\"violencia digital\"],\"articleSection\":[\"Newsletter\",\"Nwl v.4.0\"],\"inLanguage\":\"es\"},{\"@type\":\"WebPage\",\"@id\":\"https:\\\/\\\/cklcomunicaciones.es\\\/coop\\\/noticias-info-ckl-2932-24-07-2025\\\/\",\"url\":\"https:\\\/\\\/cklcomunicaciones.es\\\/coop\\\/noticias-info-ckl-2932-24-07-2025\\\/\",\"name\":\"Noticias Info CKL #2932-24-07-2025\",\"isPartOf\":{\"@id\":\"https:\\\/\\\/cklcomunicaciones.es\\\/coop\\\/#website\"},\"primaryImageOfPage\":{\"@id\":\"https:\\\/\\\/cklcomunicaciones.es\\\/coop\\\/noticias-info-ckl-2932-24-07-2025\\\/#primaryimage\"},\"image\":{\"@id\":\"https:\\\/\\\/cklcomunicaciones.es\\\/coop\\\/noticias-info-ckl-2932-24-07-2025\\\/#primaryimage\"},\"thumbnailUrl\":\"https:\\\/\\\/cklcomunicaciones.es\\\/coop\\\/wp-content\\\/uploads\\\/CKL-una-mirada-distinta-de-la-comunicacion.webp\",\"datePublished\":\"2025-07-24T16:37:23+00:00\",\"author\":{\"@id\":\"https:\\\/\\\/cklcomunicaciones.es\\\/coop\\\/#\\\/schema\\\/person\\\/929a6837f7626450bbb50cee1aef266e\"},\"description\":\"Noticias Info CKL #2932-24-07-2025\",\"breadcrumb\":{\"@id\":\"https:\\\/\\\/cklcomunicaciones.es\\\/coop\\\/noticias-info-ckl-2932-24-07-2025\\\/#breadcrumb\"},\"inLanguage\":\"es\",\"potentialAction\":[{\"@type\":\"ReadAction\",\"target\":[\"https:\\\/\\\/cklcomunicaciones.es\\\/coop\\\/noticias-info-ckl-2932-24-07-2025\\\/\"]}]},{\"@type\":\"ImageObject\",\"inLanguage\":\"es\",\"@id\":\"https:\\\/\\\/cklcomunicaciones.es\\\/coop\\\/noticias-info-ckl-2932-24-07-2025\\\/#primaryimage\",\"url\":\"https:\\\/\\\/cklcomunicaciones.es\\\/coop\\\/wp-content\\\/uploads\\\/CKL-una-mirada-distinta-de-la-comunicacion.webp\",\"contentUrl\":\"https:\\\/\\\/cklcomunicaciones.es\\\/coop\\\/wp-content\\\/uploads\\\/CKL-una-mirada-distinta-de-la-comunicacion.webp\",\"width\":1482,\"height\":775,\"caption\":\"CKL - una mirada distinta de la comunicaci\u00f3n\"},{\"@type\":\"BreadcrumbList\",\"@id\":\"https:\\\/\\\/cklcomunicaciones.es\\\/coop\\\/noticias-info-ckl-2932-24-07-2025\\\/#breadcrumb\",\"itemListElement\":[{\"@type\":\"ListItem\",\"position\":1,\"name\":\"Portada\",\"item\":\"https:\\\/\\\/cklcomunicaciones.es\\\/coop\\\/\"},{\"@type\":\"ListItem\",\"position\":2,\"name\":\"Noticias Info CKL #2932-24-07-2025\"}]},{\"@type\":\"WebSite\",\"@id\":\"https:\\\/\\\/cklcomunicaciones.es\\\/coop\\\/#website\",\"url\":\"https:\\\/\\\/cklcomunicaciones.es\\\/coop\\\/\",\"name\":\"CKL Comunicaciones\",\"description\":\"Sitio web de CKL Comunicaciones coop , la consultora de comunicaci\u00f3n y estrategia\",\"potentialAction\":[{\"@type\":\"SearchAction\",\"target\":{\"@type\":\"EntryPoint\",\"urlTemplate\":\"https:\\\/\\\/cklcomunicaciones.es\\\/coop\\\/?s={search_term_string}\"},\"query-input\":{\"@type\":\"PropertyValueSpecification\",\"valueRequired\":true,\"valueName\":\"search_term_string\"}}],\"inLanguage\":\"es\"},{\"@type\":\"Person\",\"@id\":\"https:\\\/\\\/cklcomunicaciones.es\\\/coop\\\/#\\\/schema\\\/person\\\/929a6837f7626450bbb50cee1aef266e\",\"name\":\"ckl\",\"image\":{\"@type\":\"ImageObject\",\"inLanguage\":\"es\",\"@id\":\"https:\\\/\\\/secure.gravatar.com\\\/avatar\\\/c82db564e8a669bf6023357a157b9dc4780f4d4c618f2ad1d71a6a5dede45057?s=96&d=mm&r=g\",\"url\":\"https:\\\/\\\/secure.gravatar.com\\\/avatar\\\/c82db564e8a669bf6023357a157b9dc4780f4d4c618f2ad1d71a6a5dede45057?s=96&d=mm&r=g\",\"contentUrl\":\"https:\\\/\\\/secure.gravatar.com\\\/avatar\\\/c82db564e8a669bf6023357a157b9dc4780f4d4c618f2ad1d71a6a5dede45057?s=96&d=mm&r=g\",\"caption\":\"ckl\"},\"url\":\"https:\\\/\\\/cklcomunicaciones.es\\\/coop\\\/author\\\/cklcomunicaciones\\\/\"}]}<\/script>\n<!-- \/ Yoast SEO plugin. -->","yoast_head_json":{"title":"Noticias Info CKL #2932-24-07-2025","description":"Noticias Info CKL #2932-24-07-2025","robots":{"index":"index","follow":"follow","max-snippet":"max-snippet:-1","max-image-preview":"max-image-preview:large","max-video-preview":"max-video-preview:-1"},"canonical":"https:\/\/cklcomunicaciones.es\/coop\/noticias-info-ckl-2932-24-07-2025\/","og_locale":"es_ES","og_type":"article","og_title":"Noticias Info CKL #2932-24-07-2025","og_description":"Noticias Info CKL #2932-24-07-2025","og_url":"https:\/\/cklcomunicaciones.es\/coop\/noticias-info-ckl-2932-24-07-2025\/","og_site_name":"CKL Comunicaciones","article_published_time":"2025-07-24T16:37:23+00:00","og_image":[{"width":1482,"height":775,"url":"https:\/\/cklcomunicaciones.es\/coop\/wp-content\/uploads\/CKL-una-mirada-distinta-de-la-comunicacion.webp","type":"image\/webp"}],"author":"ckl","twitter_card":"summary_large_image","twitter_misc":{"Escrito por":"ckl","Tiempo de lectura":"6 minutos"},"schema":{"@context":"https:\/\/schema.org","@graph":[{"@type":"Article","@id":"https:\/\/cklcomunicaciones.es\/coop\/noticias-info-ckl-2932-24-07-2025\/#article","isPartOf":{"@id":"https:\/\/cklcomunicaciones.es\/coop\/noticias-info-ckl-2932-24-07-2025\/"},"author":{"name":"ckl","@id":"https:\/\/cklcomunicaciones.es\/coop\/#\/schema\/person\/929a6837f7626450bbb50cee1aef266e"},"headline":"Noticias Info CKL #2932-24-07-2025","datePublished":"2025-07-24T16:37:23+00:00","mainEntityOfPage":{"@id":"https:\/\/cklcomunicaciones.es\/coop\/noticias-info-ckl-2932-24-07-2025\/"},"wordCount":8289,"image":{"@id":"https:\/\/cklcomunicaciones.es\/coop\/noticias-info-ckl-2932-24-07-2025\/#primaryimage"},"thumbnailUrl":"https:\/\/cklcomunicaciones.es\/coop\/wp-content\/uploads\/CKL-una-mirada-distinta-de-la-comunicacion.webp","keywords":["corresponsabilidad","deporte femenino","desarrollo profesional","lenguaje inclusivo","violencia digital"],"articleSection":["Newsletter","Nwl v.4.0"],"inLanguage":"es"},{"@type":"WebPage","@id":"https:\/\/cklcomunicaciones.es\/coop\/noticias-info-ckl-2932-24-07-2025\/","url":"https:\/\/cklcomunicaciones.es\/coop\/noticias-info-ckl-2932-24-07-2025\/","name":"Noticias Info CKL #2932-24-07-2025","isPartOf":{"@id":"https:\/\/cklcomunicaciones.es\/coop\/#website"},"primaryImageOfPage":{"@id":"https:\/\/cklcomunicaciones.es\/coop\/noticias-info-ckl-2932-24-07-2025\/#primaryimage"},"image":{"@id":"https:\/\/cklcomunicaciones.es\/coop\/noticias-info-ckl-2932-24-07-2025\/#primaryimage"},"thumbnailUrl":"https:\/\/cklcomunicaciones.es\/coop\/wp-content\/uploads\/CKL-una-mirada-distinta-de-la-comunicacion.webp","datePublished":"2025-07-24T16:37:23+00:00","author":{"@id":"https:\/\/cklcomunicaciones.es\/coop\/#\/schema\/person\/929a6837f7626450bbb50cee1aef266e"},"description":"Noticias Info CKL #2932-24-07-2025","breadcrumb":{"@id":"https:\/\/cklcomunicaciones.es\/coop\/noticias-info-ckl-2932-24-07-2025\/#breadcrumb"},"inLanguage":"es","potentialAction":[{"@type":"ReadAction","target":["https:\/\/cklcomunicaciones.es\/coop\/noticias-info-ckl-2932-24-07-2025\/"]}]},{"@type":"ImageObject","inLanguage":"es","@id":"https:\/\/cklcomunicaciones.es\/coop\/noticias-info-ckl-2932-24-07-2025\/#primaryimage","url":"https:\/\/cklcomunicaciones.es\/coop\/wp-content\/uploads\/CKL-una-mirada-distinta-de-la-comunicacion.webp","contentUrl":"https:\/\/cklcomunicaciones.es\/coop\/wp-content\/uploads\/CKL-una-mirada-distinta-de-la-comunicacion.webp","width":1482,"height":775,"caption":"CKL - una mirada distinta de la comunicaci\u00f3n"},{"@type":"BreadcrumbList","@id":"https:\/\/cklcomunicaciones.es\/coop\/noticias-info-ckl-2932-24-07-2025\/#breadcrumb","itemListElement":[{"@type":"ListItem","position":1,"name":"Portada","item":"https:\/\/cklcomunicaciones.es\/coop\/"},{"@type":"ListItem","position":2,"name":"Noticias Info CKL #2932-24-07-2025"}]},{"@type":"WebSite","@id":"https:\/\/cklcomunicaciones.es\/coop\/#website","url":"https:\/\/cklcomunicaciones.es\/coop\/","name":"CKL Comunicaciones","description":"Sitio web de CKL Comunicaciones coop , la consultora de comunicaci\u00f3n y estrategia","potentialAction":[{"@type":"SearchAction","target":{"@type":"EntryPoint","urlTemplate":"https:\/\/cklcomunicaciones.es\/coop\/?s={search_term_string}"},"query-input":{"@type":"PropertyValueSpecification","valueRequired":true,"valueName":"search_term_string"}}],"inLanguage":"es"},{"@type":"Person","@id":"https:\/\/cklcomunicaciones.es\/coop\/#\/schema\/person\/929a6837f7626450bbb50cee1aef266e","name":"ckl","image":{"@type":"ImageObject","inLanguage":"es","@id":"https:\/\/secure.gravatar.com\/avatar\/c82db564e8a669bf6023357a157b9dc4780f4d4c618f2ad1d71a6a5dede45057?s=96&d=mm&r=g","url":"https:\/\/secure.gravatar.com\/avatar\/c82db564e8a669bf6023357a157b9dc4780f4d4c618f2ad1d71a6a5dede45057?s=96&d=mm&r=g","contentUrl":"https:\/\/secure.gravatar.com\/avatar\/c82db564e8a669bf6023357a157b9dc4780f4d4c618f2ad1d71a6a5dede45057?s=96&d=mm&r=g","caption":"ckl"},"url":"https:\/\/cklcomunicaciones.es\/coop\/author\/cklcomunicaciones\/"}]}},"_links":{"self":[{"href":"https:\/\/cklcomunicaciones.es\/coop\/wp-json\/wp\/v2\/posts\/24559","targetHints":{"allow":["GET"]}}],"collection":[{"href":"https:\/\/cklcomunicaciones.es\/coop\/wp-json\/wp\/v2\/posts"}],"about":[{"href":"https:\/\/cklcomunicaciones.es\/coop\/wp-json\/wp\/v2\/types\/post"}],"author":[{"embeddable":true,"href":"https:\/\/cklcomunicaciones.es\/coop\/wp-json\/wp\/v2\/users\/3"}],"replies":[{"embeddable":true,"href":"https:\/\/cklcomunicaciones.es\/coop\/wp-json\/wp\/v2\/comments?post=24559"}],"version-history":[{"count":0,"href":"https:\/\/cklcomunicaciones.es\/coop\/wp-json\/wp\/v2\/posts\/24559\/revisions"}],"wp:featuredmedia":[{"embeddable":true,"href":"https:\/\/cklcomunicaciones.es\/coop\/wp-json\/wp\/v2\/media\/23882"}],"wp:attachment":[{"href":"https:\/\/cklcomunicaciones.es\/coop\/wp-json\/wp\/v2\/media?parent=24559"}],"wp:term":[{"taxonomy":"category","embeddable":true,"href":"https:\/\/cklcomunicaciones.es\/coop\/wp-json\/wp\/v2\/categories?post=24559"},{"taxonomy":"post_tag","embeddable":true,"href":"https:\/\/cklcomunicaciones.es\/coop\/wp-json\/wp\/v2\/tags?post=24559"}],"curies":[{"name":"wp","href":"https:\/\/api.w.org\/{rel}","templated":true}]}}