{"id":24503,"date":"2025-06-12T17:26:38","date_gmt":"2025-06-12T15:26:38","guid":{"rendered":"https:\/\/cklcomunicaciones.es\/coop\/?p=24503"},"modified":"2025-06-12T17:26:38","modified_gmt":"2025-06-12T15:26:38","slug":"noticias-info-ckl-2927-12-06-2025","status":"publish","type":"post","link":"https:\/\/cklcomunicaciones.es\/coop\/noticias-info-ckl-2927-12-06-2025\/","title":{"rendered":"Noticias Info CKL #2927 12-06-2025"},"content":{"rendered":"<p><div class=\"fusion-fullwidth fullwidth-box fusion-builder-row-1 fusion-flex-container has-pattern-background has-mask-background nonhundred-percent-fullwidth non-hundred-percent-height-scrolling\" style=\"--awb-border-radius-top-left:0px;--awb-border-radius-top-right:0px;--awb-border-radius-bottom-right:0px;--awb-border-radius-bottom-left:0px;--awb-flex-wrap:wrap;\" ><div class=\"fusion-builder-row fusion-row fusion-flex-align-items-flex-start fusion-flex-content-wrap\" style=\"max-width:1248px;margin-left: calc(-4% \/ 2 );margin-right: calc(-4% \/ 2 );\"><div class=\"fusion-layout-column fusion_builder_column fusion-builder-column-0 fusion_builder_column_1_1 1_1 fusion-flex-column\" style=\"--awb-bg-size:cover;--awb-width-large:100%;--awb-margin-top-large:0px;--awb-spacing-right-large:1.92%;--awb-margin-bottom-large:20px;--awb-spacing-left-large:1.92%;--awb-width-medium:100%;--awb-order-medium:0;--awb-spacing-right-medium:1.92%;--awb-spacing-left-medium:1.92%;--awb-width-small:100%;--awb-order-small:0;--awb-spacing-right-small:1.92%;--awb-spacing-left-small:1.92%;\"><div class=\"fusion-column-wrapper fusion-column-has-shadow fusion-flex-justify-content-flex-start fusion-content-layout-column\"><div class=\"fusion-title title fusion-title-1 fusion-sep-none fusion-title-text fusion-title-size-paragraph\" style=\"--awb-margin-top:20px;--awb-margin-top-small:10px;--awb-margin-right-small:0px;--awb-margin-bottom-small:10px;--awb-margin-left-small:0px;--awb-sep-color:var(--awb-custom_color_1);--awb-font-size:20px;\"><p class=\"fusion-title-heading title-heading-left title-heading-tag fusion-responsive-typography-calculated\" style=\"font-family:&quot;Raleway&quot;;font-style:normal;font-weight:400;margin:0;font-size:1em;--fontSize:20;--minFontSize:20;line-height:var(--awb-typography4-line-height);\"><a class=\"fusion-one-page-text-link\" href=\"#convocatorias\"><mark class=\"fusion-highlight custom-textcolor highlight1 awb-highlight-background rounded\" style=\"--awb-text-color:#ffffff;\"><strong>Convocatorias<\/strong><\/mark><\/a> <a class=\"fusion-one-page-text-link\" href=\"#comunicacion\"><mark class=\"fusion-highlight custom-textcolor highlight1 awb-highlight-background rounded\" style=\"--awb-color:#db9600;--awb-text-color:#ffffff;\"><strong>Comunicaci\u00f3n, Publicidad y TICs<\/strong><\/mark><\/a> <a class=\"fusion-one-page-text-link\" href=\"#andalucia\"><mark class=\"fusion-highlight custom-textcolor highlight1 awb-highlight-background rounded\" style=\"--awb-color:#4cb700;--awb-text-color:#ffffff;\"><strong>Andaluc\u00eda<\/strong><\/mark><\/a> <a class=\"fusion-one-page-text-link\" href=\"#estado\"><mark class=\"fusion-highlight custom-textcolor highlight1 awb-highlight-background rounded\" style=\"--awb-text-color:#ffffff;\"><strong>Estado<\/strong><\/mark><\/a> <a class=\"fusion-one-page-text-link\" href=\"#internacional\"><mark class=\"fusion-highlight custom-textcolor highlight1 awb-highlight-background rounded\" style=\"--awb-color:#0098d9;--awb-text-color:#ffffff;\"><strong>Internacional<\/strong><\/mark><\/a><\/p><\/div><\/div><\/div><\/div><\/div><div class=\"fusion-fullwidth fullwidth-box fusion-builder-row-2 fusion-flex-container has-pattern-background has-mask-background hundred-percent-fullwidth non-hundred-percent-height-scrolling\" style=\"--awb-border-radius-top-left:0px;--awb-border-radius-top-right:0px;--awb-border-radius-bottom-right:0px;--awb-border-radius-bottom-left:0px;--awb-padding-right-small:2%;--awb-padding-left-small:2%;--awb-flex-wrap:wrap;\" ><div class=\"fusion-builder-row fusion-row fusion-flex-align-items-flex-start fusion-flex-content-wrap\" style=\"width:104% !important;max-width:104% !important;margin-left: calc(-4% \/ 2 );margin-right: calc(-4% \/ 2 );\"><div class=\"fusion-layout-column fusion_builder_column fusion-builder-column-1 fusion_builder_column_1_1 1_1 fusion-flex-column\" style=\"--awb-padding-right:20px;--awb-padding-left:20px;--awb-padding-right-small:15px;--awb-padding-left-small:15px;--awb-overflow:hidden;--awb-bg-color:var(--awb-color1);--awb-bg-color-hover:var(--awb-color1);--awb-bg-size:cover;--awb-border-color:var(--awb-color3);--awb-border-top:2px;--awb-border-right:2px;--awb-border-bottom:2px;--awb-border-left:2px;--awb-border-style:solid;--awb-border-radius:15px 15px 15px 15px;--awb-width-large:100%;--awb-margin-top-large:0px;--awb-spacing-right-large:1.92%;--awb-margin-bottom-large:20px;--awb-spacing-left-large:1.92%;--awb-width-medium:100%;--awb-order-medium:0;--awb-spacing-right-medium:1.92%;--awb-spacing-left-medium:1.92%;--awb-width-small:100%;--awb-order-small:0;--awb-spacing-right-small:0px;--awb-spacing-left-small:0px;\" id=\"c_convocatorias\" data-scroll-devices=\"small-visibility,medium-visibility,large-visibility\"><div class=\"fusion-column-wrapper fusion-column-has-shadow fusion-flex-justify-content-flex-start fusion-content-layout-column\"><div class=\"fusion-title title fusion-title-2 fusion-sep-none fusion-title-text fusion-title-size-one\" style=\"--awb-margin-top:20px;--awb-margin-top-small:10px;--awb-margin-right-small:0px;--awb-margin-bottom-small:10px;--awb-margin-left-small:0px;--awb-sep-color:var(--awb-custom_color_1);\" id=\"convocatorias\"><h1 class=\"fusion-title-heading title-heading-left fusion-responsive-typography-calculated\" style=\"font-family:&quot;Raleway&quot;;font-style:normal;font-weight:400;margin:0;--fontSize:40;line-height:var(--awb-typography1-line-height);\"><mark class=\"fusion-highlight custom-textcolor highlight1 awb-highlight-background rounded\" style=\"--awb-text-color:#ffffff;\"><strong>Convocatorias<\/strong><\/mark><\/h1><\/div><div class=\"fusion-text fusion-text-1\" style=\"--awb-line-height:1.5em;--awb-margin-left:10px;\"><ul>\n<li>Taller Emprendimiento y Autonom\u00eda de la Mujer Andaluza.\u00a0 Organiza AMECOOP Andaluc\u00eda. Sevilla, Centro C\u00edvico de Los Carteros, 24 de junio a las 9.30h. Inscripci\u00f3n: <a href=\"https:\/\/docs.google.com\/forms\/d\/e\/1FAIpQLSekHPRyANqMyFeATFgzVW1QLX4_T1VDjD9Wge8YlqlDTjFyKg\/viewform\">Emprendimiento y Autonom\u00eda Econ\u00f3mica de la Mujer Andaluza<\/a><\/li>\n<li><span style=\"color: #222222;\"><span style=\"font-family: Calibri, sans-serif;\"><span style=\"font-size: medium;\"><a href=\"https:\/\/www1.ccul.junta-andalucia.es\/cultura\/caletras\/evento\/98488\/Sevilla.%20Roc%C3%ADo%20Garc%C3%ADa%20y%20Livia%20Garc%C3%ADa%20conversan%20sobre%20los%20100%20a%C3%B1os%20de%20la%20primera%20traducci%C3%B3n%20de%20%E2%80%98La%20metamorfosis%E2%80%99\" target=\"_blank\" rel=\"noopener\" data-saferedirecturl=\"https:\/\/www.google.com\/url?q=https:\/\/www1.ccul.junta-andalucia.es\/cultura\/caletras\/evento\/98488\/Sevilla.%2520Roc%25C3%25ADo%2520Garc%25C3%25ADa%2520y%2520Livia%2520Garc%25C3%25ADa%2520conversan%2520sobre%2520los%2520100%2520a%25C3%25B1os%2520de%2520la%2520primera%2520traducci%25C3%25B3n%2520de%2520%25E2%2580%2598La%2520metamorfosis%25E2%2580%2599&amp;source=gmail&amp;ust=1749826066979000&amp;usg=AOvVaw2ML-zwi4hHDLChkj1wcfKo\">Margarita Nelken. 100 a\u00f1os de la primera traducci\u00f3n de la metamorfosis de Franz Kafka.<\/a>\u00a0Centro Andaluz de las Letras, el pr\u00f3ximo viernes 13 de junio, a las 19:30 horas en el Centro de Iniciativas Culturales de la Universidad de Sevilla, CICUS (C\/ Madre de Dios 1).<\/span><\/span><\/span><\/li>\n<li><a href=\"http:\/\/www.juntadeandalucia.es\/iam\/catalogo\/doc\/convocatorias\/2025-genero\/El-cartel-convivencia.jpg\" target=\"_blank\" rel=\"noopener\" data-saferedirecturl=\"https:\/\/www.google.com\/url?q=http:\/\/www.juntadeandalucia.es\/iam\/catalogo\/doc\/convocatorias\/2025-genero\/El-cartel-convivencia.jpg&amp;source=gmail&amp;ust=1749654229197000&amp;usg=AOvVaw1iYGmE5e_V-u1-0r7TZ-l2\">D\u00eda de convivencia, \u00abAparcer\u00eda Feminista\u00bb.<\/a> En una caseta del recinto ferial de Pozoblanco.\u00a014 de junio a partir de las 12:00 horas.<\/li>\n<li><a href=\"http:\/\/www.juntadeandalucia.es\/iam\/catalogo\/doc\/convocatorias\/2025-genero\/EL-cartel-corpus.jpg\" target=\"_blank\" rel=\"noopener\" data-saferedirecturl=\"https:\/\/www.google.com\/url?q=http:\/\/www.juntadeandalucia.es\/iam\/catalogo\/doc\/convocatorias\/2025-genero\/EL-cartel-corpus.jpg&amp;source=gmail&amp;ust=1749654229197000&amp;usg=AOvVaw3Qmql0doF0bAk7zSKFzApE\">Campa\u00f1a Corpus Granada: Este Corpus, Abandera!<\/a>. Ayuntamiento de Granada.\u00a0Centro Europeo de las Mujeres Mariana Pineda.\u00a0Del 14 al 21 de\u00a0junio.\u00a0<a href=\"http:\/\/www.juntadeandalucia.es\/iam\/catalogo\/doc\/convocatorias\/2025-genero\/puntos-violeta-corpus.pdf\" target=\"_blank\" rel=\"noopener\" data-saferedirecturl=\"https:\/\/www.google.com\/url?q=http:\/\/www.juntadeandalucia.es\/iam\/catalogo\/doc\/convocatorias\/2025-genero\/puntos-violeta-corpus.pdf&amp;source=gmail&amp;ust=1749654229197000&amp;usg=AOvVaw3NJG3Gt5Yj_dsM7ur2uMLa\">Puntos Violeta<\/a>.<\/li>\n<li><a href=\"https:\/\/www.bne.es\/es\/agenda\/mujeres-periodistas-cambio-paradigma?utm_campaign=boletin-junio-2025&amp;utm_medium=email&amp;utm_source=acumbamail\" target=\"_blank\" rel=\"noopener\" data-saferedirecturl=\"https:\/\/www.google.com\/url?q=https:\/\/www.bne.es\/es\/agenda\/mujeres-periodistas-cambio-paradigma?utm_campaign%3Dboletin-junio-2025%26utm_medium%3Demail%26utm_source%3Dacumbamail&amp;source=gmail&amp;ust=1749654229197000&amp;usg=AOvVaw3trnx8IG3srzT0wuQxOwTu\">Encuentro: Mujeres periodistas, \u00bfun cambio de paradigma?<\/a>. Biblioteca Nacional de Espa\u00f1a. Lunes, 16 de Junio de 2025 de 18:30h -20:00h.\u00a0<a href=\"https:\/\/www.youtube.com\/watch?v=mduJUHZfYqE\" target=\"_blank\" rel=\"noopener\" data-saferedirecturl=\"https:\/\/www.google.com\/url?q=https:\/\/www.youtube.com\/watch?v%3DmduJUHZfYqE&amp;source=gmail&amp;ust=1749654229197000&amp;usg=AOvVaw1oJZTAfbeACJfmK-RKahUB\">Retransmisi\u00f3n en l\u00ednea<\/a><\/li>\n<\/ul>\n<\/div><\/div><\/div><\/div><\/div><div class=\"fusion-fullwidth fullwidth-box fusion-builder-row-3 fusion-flex-container has-pattern-background has-mask-background hundred-percent-fullwidth non-hundred-percent-height-scrolling\" style=\"--awb-border-radius-top-left:0px;--awb-border-radius-top-right:0px;--awb-border-radius-bottom-right:0px;--awb-border-radius-bottom-left:0px;--awb-padding-right-small:2%;--awb-padding-left-small:2%;--awb-flex-wrap:wrap;\" ><div class=\"fusion-builder-row fusion-row fusion-flex-align-items-flex-start fusion-flex-content-wrap\" style=\"width:104% !important;max-width:104% !important;margin-left: calc(-4% \/ 2 );margin-right: calc(-4% \/ 2 );\"><div class=\"fusion-layout-column fusion_builder_column fusion-builder-column-2 fusion_builder_column_1_1 1_1 fusion-flex-column\" style=\"--awb-padding-right:20px;--awb-padding-left:20px;--awb-padding-right-small:15px;--awb-padding-left-small:15px;--awb-overflow:hidden;--awb-bg-color:var(--awb-color1);--awb-bg-color-hover:var(--awb-color1);--awb-bg-size:cover;--awb-border-color:var(--awb-color3);--awb-border-top:2px;--awb-border-right:2px;--awb-border-bottom:2px;--awb-border-left:2px;--awb-border-style:solid;--awb-border-radius:15px 15px 15px 15px;--awb-width-large:100%;--awb-margin-top-large:0px;--awb-spacing-right-large:1.92%;--awb-margin-bottom-large:20px;--awb-spacing-left-large:1.92%;--awb-width-medium:100%;--awb-order-medium:0;--awb-spacing-right-medium:1.92%;--awb-spacing-left-medium:1.92%;--awb-width-small:100%;--awb-order-small:0;--awb-spacing-right-small:0px;--awb-spacing-left-small:0px;\" id=\"comunicacion_tics\" data-scroll-devices=\"small-visibility,medium-visibility,large-visibility\"><div class=\"fusion-column-wrapper fusion-column-has-shadow fusion-flex-justify-content-flex-start fusion-content-layout-column\"><div class=\"fusion-title title fusion-title-3 fusion-sep-none fusion-title-text fusion-title-size-one\" style=\"--awb-margin-top:20px;--awb-margin-top-small:10px;--awb-margin-right-small:0px;--awb-margin-bottom-small:10px;--awb-margin-left-small:0px;--awb-sep-color:var(--awb-custom_color_1);\" id=\"comunicacion\"><h1 class=\"fusion-title-heading title-heading-left fusion-responsive-typography-calculated\" style=\"font-family:&quot;Raleway&quot;;font-style:normal;font-weight:400;margin:0;--fontSize:40;line-height:var(--awb-typography1-line-height);\"><mark class=\"fusion-highlight custom-textcolor highlight1 awb-highlight-background rounded\" style=\"--awb-color:#db9600;--awb-text-color:#ffffff;\"><strong>Comunicaci\u00f3n, Publicidad y TICs<\/strong><\/mark><\/h1><\/div><div class=\"fusion-text fusion-text-2\" style=\"--awb-line-height:1.5em;--awb-margin-left:10px;\"><ul>\n<li><a class=\"title\" href=\"https:\/\/www.jotdown.es\/2025\/06\/sin-mujeres-al-mando-en-los-medios-de-comunicacion-y-todos-tan-tranquilos\/\" target=\"_blank\" rel=\"noopener\" data-artpy=\"0\" data-author=\"Jot Down\">Sin mujeres al mando en los medios de comunicaci\u00f3n y todos tan tranquilos<\/a> @jotdown<\/li>\n<li><a class=\"title\" href=\"https:\/\/www.msn.com\/es-es\/entretenimiento\/noticias\/premios-maga-de-magas-as%C3%AD-ser%C3%A1-la-ceremonia-de-entrega-de-los-pulitzer-del-periodismo-y-la-literatura-en-femenino\/ar-AA1Gliyx?ocid=BingNewsVerp\" target=\"_blank\" rel=\"noopener\" data-artpy=\"0\" data-author=\"El Espa\u00f1ol on MSN\">Premios Maga de Magas: as\u00ed ser\u00e1 la ceremonia de entrega de los &#8216;Pulitzer&#8217; del periodismo y la literatura en femenino<\/a> @elperiodico<\/li>\n<li><a class=\"title\" href=\"https:\/\/www.diariodejerez.es\/jerez\/francisca-bernal-apunta-jerez-claves-mejorar-tratamiento-medios-violencia-genero_0_2004121142.html\" target=\"_blank\" rel=\"noopener\" data-artpy=\"0\" data-author=\"Diario de Jerez\">Francisca Bernal apunta en Jerez las claves para mejorar el tratamiento medi\u00e1tico de la violencia de g\u00e9nero<\/a> @diariojerez<\/li>\n<li><a class=\"title\" href=\"https:\/\/www.rtve.es\/rtve\/20250610\/conxita-casanovas-rne-considerada-forbes-women-mujeres-mas-influyentes-cataluna\/16618645.shtml\" target=\"_blank\" rel=\"noopener\" data-artpy=\"0\" data-author=\"RTVE\">Conxita Casanovas, de RNE, considerada por &#8216;Forbes Women&#8217; una de las mujeres m\u00e1s influyentes de Catalu\u00f1a<\/a> @rtve<\/li>\n<li><a class=\"title\" href=\"https:\/\/www.marca.com\/tiramillas\/sociedad\/2025\/06\/08\/mamen-mendizabal-denuncia-vivir-dia-dia-hora-informar-basicamente-siendo-mujer.html\" target=\"_blank\" rel=\"noopener\" data-artpy=\"0\" data-author=\"MARCA\">Mamen Mendiz\u00e1bal denuncia lo que tiene que vivir d\u00eda tras d\u00eda a la hora de informar: \u201cB\u00e1sicamente siendo mujer\u201d<\/a> @marca<\/li>\n<li><a class=\"title\" href=\"https:\/\/www.diariodeteruel.es\/entrevistas\/cristina-fallaras-periodista-escritora-y-activista-mi-lucha-es-contra-el-silencio-porque-la-violencia-queda-impune-en-el-silencio\" target=\"_blank\" rel=\"noopener\" data-artpy=\"0\" data-author=\"DIARIO DE TERUEL\">Cristina Fallar\u00e1s, periodista, escritora y activista: \u201cMi lucha es contra el silencio, porque la violencia queda impune en el silencio\u201d<\/a> @diariodeteruel<\/li>\n<li><a class=\"title\" href=\"https:\/\/listindiario.com\/la-vida\/20250609\/doris-nouel-trabaja-fortalecer-red-global-mujeres-periodistas-escritoras_860948.html\" target=\"_blank\" rel=\"noopener\" data-artpy=\"0\" data-author=\"List\u00edn Diario\">Doris Nouel trabaja para fortalecer una red global de mujeres periodistas y escritoras<\/a> @listindiario<\/li>\n<li><a class=\"title\" href=\"https:\/\/www.msn.com\/es-es\/dinero\/formacion-empleo\/inteligencia-artificial-empleo-y-g%C3%A9nero\/ar-AA1G7fyZ?ocid=BingNewsVerp\" target=\"_blank\" rel=\"noopener\" data-artpy=\"0\" data-author=\"eldiario.es on MSN\">Inteligencia artificial, empleo y g\u00e9nero<\/a> @eldiario<\/li>\n<\/ul>\n<\/div><\/div><\/div><\/div><\/div><div class=\"fusion-fullwidth fullwidth-box fusion-builder-row-4 fusion-flex-container has-pattern-background has-mask-background hundred-percent-fullwidth non-hundred-percent-height-scrolling\" style=\"--awb-border-radius-top-left:0px;--awb-border-radius-top-right:0px;--awb-border-radius-bottom-right:0px;--awb-border-radius-bottom-left:0px;--awb-padding-right-small:2%;--awb-padding-left-small:2%;--awb-flex-wrap:wrap;\" id=\"and\" ><div class=\"fusion-builder-row fusion-row fusion-flex-align-items-flex-start fusion-flex-content-wrap\" style=\"width:104% !important;max-width:104% !important;margin-left: calc(-4% \/ 2 );margin-right: calc(-4% \/ 2 );\"><div class=\"fusion-layout-column fusion_builder_column fusion-builder-column-3 fusion_builder_column_1_1 1_1 fusion-flex-column\" style=\"--awb-padding-right:20px;--awb-padding-left:20px;--awb-padding-right-small:15px;--awb-padding-left-small:15px;--awb-overflow:hidden;--awb-bg-color:var(--awb-color1);--awb-bg-color-hover:var(--awb-color1);--awb-bg-size:cover;--awb-border-color:var(--awb-color3);--awb-border-top:2px;--awb-border-right:2px;--awb-border-bottom:2px;--awb-border-left:2px;--awb-border-style:solid;--awb-border-radius:15px 15px 15px 15px;--awb-width-large:100%;--awb-margin-top-large:0px;--awb-spacing-right-large:1.92%;--awb-margin-bottom-large:20px;--awb-spacing-left-large:1.92%;--awb-width-medium:100%;--awb-order-medium:0;--awb-spacing-right-medium:1.92%;--awb-spacing-left-medium:1.92%;--awb-width-small:100%;--awb-order-small:0;--awb-spacing-right-small:0px;--awb-spacing-left-small:0px;\" id=\"c_andalucia\" data-scroll-devices=\"small-visibility,medium-visibility,large-visibility\"><div class=\"fusion-column-wrapper fusion-column-has-shadow fusion-flex-justify-content-flex-start fusion-content-layout-column\"><div class=\"fusion-title title fusion-title-4 fusion-sep-none fusion-title-text fusion-title-size-one\" style=\"--awb-margin-top:20px;--awb-margin-top-small:10px;--awb-margin-right-small:0px;--awb-margin-bottom-small:10px;--awb-margin-left-small:0px;--awb-sep-color:var(--awb-custom_color_1);\" id=\"andalucia\"><h1 class=\"fusion-title-heading title-heading-left fusion-responsive-typography-calculated\" style=\"font-family:&quot;Raleway&quot;;font-style:normal;font-weight:400;margin:0;--fontSize:40;line-height:var(--awb-typography1-line-height);\"><mark class=\"fusion-highlight custom-textcolor highlight1 awb-highlight-background rounded\" style=\"--awb-color:#4cb700;--awb-text-color:#ffffff;\"><strong>Andaluc\u00eda<\/strong><\/mark><\/h1><\/div><div class=\"fusion-title title fusion-title-5 fusion-sep-none fusion-title-text fusion-title-size-two fusion-animated\" style=\"--awb-text-color:var(--awb-color7);--awb-margin-top-small:10px;--awb-margin-right-small:0px;--awb-margin-bottom-small:10px;--awb-margin-left-small:0px;--awb-sep-color:var(--awb-custom_color_1);--awb-font-size:24px;\" data-animationType=\"fadeIn\" data-animationDuration=\"0.3\" data-animationOffset=\"top-into-view\" id=\"a_institucional\"><h2 class=\"fusion-title-heading title-heading-left fusion-responsive-typography-calculated\" style=\"margin:0;font-size:1em;--fontSize:24;line-height:var(--awb-typography1-line-height);\"><mark class=\"fusion-highlight light highlight1 awb-highlight-background rounded\" style=\"--awb-color:#d1d1d1;\"><strong> Institucional<\/strong>\u00a0<\/mark><\/h2><\/div><div class=\"fusion-text fusion-text-3\" style=\"--awb-line-height:1.5em;\"><ul>\n<li><a class=\"title\" href=\"https:\/\/www.msn.com\/es-es\/dinero\/economia\/la-junta-reconoce-el-papel-clave-de-las-mujeres-en-el-sector-pesquero-andaluz\/ar-AA1Gefni?ocid=BingNewsVerp\" target=\"_blank\" rel=\"noopener\" data-artpy=\"0\" data-author=\"Europa Press on MSN\">La Junta reconoce el papel \u00abclave\u00bb de las mujeres en el sector pesquero en Andaluc\u00eda<\/a> @europapress<\/li>\n<li><a class=\"title\" href=\"https:\/\/www.cope.es\/emisoras\/andalucia\/noticias\/renovado-2025-compromiso-famp-economia-cuidados-mediante-plan-accion-20250609_3165930.html\" target=\"_blank\" rel=\"noopener\" data-artpy=\"0\" data-author=\"COPE\">Renovado para 2025 el compromiso de la FAMP con la Econom\u00eda de los Cuidados mediante un plan de acci\u00f3n<\/a> @cope<\/li>\n<\/ul>\n<\/div><div class=\"fusion-title title fusion-title-6 fusion-sep-none fusion-title-text fusion-title-size-two fusion-animated\" style=\"--awb-text-color:var(--awb-color7);--awb-margin-top-small:10px;--awb-margin-right-small:0px;--awb-margin-bottom-small:10px;--awb-margin-left-small:0px;--awb-sep-color:var(--awb-custom_color_1);--awb-font-size:24px;\" data-animationType=\"fadeIn\" data-animationDuration=\"0.3\" data-animationOffset=\"top-into-view\" id=\"a_economia_empresa\"><h2 class=\"fusion-title-heading title-heading-left fusion-responsive-typography-calculated\" style=\"margin:0;font-size:1em;--fontSize:24;line-height:var(--awb-typography1-line-height);\"><mark class=\"fusion-highlight light highlight1 awb-highlight-background rounded\" style=\"--awb-color:#d1d1d1;\"><strong>Econom\u00eda y Empresa<\/strong><\/mark><\/h2><\/div><div class=\"fusion-text fusion-text-4\" style=\"--awb-line-height:1.5em;\"><ul>\n<li><a class=\"title\" href=\"https:\/\/www.juntadeandalucia.es\/presidencia\/portavoz\/social\/205723\/MarcaAndaluzadeExcelenciaenIgualdad\/empresas\/igualdad\/medidas\/InstitutoAndaluzdelaMujer\/IAM\/ConsejeriadeInclusionSocial\/Juventud\/FamiliaseIgualdad\" target=\"_blank\" rel=\"noopener\" data-artpy=\"0\" data-author=\"Junta de Andaluc\u00eda\">Un total de 45 empresas, distinguidas por primera vez con la Marca Andaluza de Excelencia en Igualdad<\/a> @juntadeandalucia<\/li>\n<li><a class=\"title\" href=\"https:\/\/www.granadahoy.com\/granada\/andaluzaa-nueva-aplicacion-movil-formacion-empleo-mujeres_0_2004123057.html\" target=\"_blank\" rel=\"noopener\" data-artpy=\"0\" data-author=\"Granada Hoy\">&#8216;Andaluzaa&#8217;, la nueva aplicaci\u00f3n m\u00f3vil destinada a formaci\u00f3n y empleo para mujeres de Granada<\/a> @granadahoy<\/li>\n<li><a class=\"title\" href=\"https:\/\/www.europapress.es\/andalucia\/malaga-00356\/noticia-diputacion-financia-proyecto-fomentar-autoempleo-mujeres-jovenes-municipios-interior-20250612151050.html\" target=\"_blank\" rel=\"noopener\" data-artpy=\"0\" data-author=\"Europa Press\">La Diputaci\u00f3n de M\u00e1laga financia un proyecto para fomentar el autoempleo entre mujeres j\u00f3venes de municipios del interior<\/a> @euroapress<\/li>\n<\/ul>\n<\/div><div class=\"fusion-title title fusion-title-7 fusion-sep-none fusion-title-text fusion-title-size-two fusion-animated\" style=\"--awb-text-color:var(--awb-color7);--awb-margin-top-small:10px;--awb-margin-right-small:0px;--awb-margin-bottom-small:10px;--awb-margin-left-small:0px;--awb-sep-color:var(--awb-custom_color_1);--awb-font-size:24px;\" data-animationType=\"fadeIn\" data-animationDuration=\"0.3\" data-animationOffset=\"top-into-view\" id=\"a_actualidad\"><h2 class=\"fusion-title-heading title-heading-left fusion-responsive-typography-calculated\" style=\"margin:0;font-size:1em;--fontSize:24;line-height:var(--awb-typography1-line-height);\"><mark class=\"fusion-highlight light highlight1 awb-highlight-background rounded\" style=\"--awb-color:#d1d1d1;\"><strong>Actualidad<\/strong><\/mark><\/h2><\/div><div class=\"fusion-text fusion-text-5\" style=\"--awb-line-height:1.5em;\"><ul>\n<li><a class=\"title\" href=\"https:\/\/www.canalsur.es\/television\/programas\/andalucia-directo\/noticia\/2173294.html\" target=\"_blank\" rel=\"noopener\" data-artpy=\"0\" data-author=\"Canal Sur\">Mujeres luchadoras plantan cara al c\u00e1ncer de mama remando juntas<\/a> @canalsur<\/li>\n<li><a class=\"title\" href=\"https:\/\/www.abc.es\/sevilla\/salud\/virgen-macarena-sevilla-quiere-reclutar-1000-mujeres-20250605142548-nts.html\" target=\"_blank\" rel=\"noopener\" data-artpy=\"0\" data-author=\"ABC\">El Virgen Macarena de Sevilla quiere reclutar a 1.000 mujeres para un estudio sobre infartos y enfermedades cardiovasculares<\/a> @abc<\/li>\n<li><a class=\"title\" href=\"https:\/\/www.diariodecadiz.es\/andalucia\/salud-femenina-silencios-tabues-fecha_0_2004128568.html\" target=\"_blank\" rel=\"noopener\" data-artpy=\"0\" data-author=\"Diario de C\u00e1diz\">Salud femenina sin silencios, sin tab\u00faes y sin fecha de caducidad para todas las mujeres<\/a> @diariodecadiz<br \/>\n<a class=\"title\" href=\"https:\/\/www.msn.com\/es-es\/noticias\/espana\/la-consejera-de-igualdad-celebra-como-lugar-de-encuentro-el-congreso-lgtbi-andaluz-aunque-queda-mucho-por-avanzar\/ar-AA1Gwyb9?ocid=BingNewsVerp\" target=\"_blank\" rel=\"noopener\" data-artpy=\"0\" data-author=\"Europa Press on MSN\">La consejera de Igualdad celebra como \u00ablugar de encuentro\u00bb el Congreso Lgtbi andaluz aunque \u00abqueda mucho por avanzar\u00bb<\/a> @europapress<\/li>\n<\/ul>\n<\/div><div class=\"fusion-title title fusion-title-8 fusion-sep-none fusion-title-text fusion-title-size-two fusion-animated\" style=\"--awb-text-color:var(--awb-color7);--awb-margin-top-small:10px;--awb-margin-right-small:0px;--awb-margin-bottom-small:10px;--awb-margin-left-small:0px;--awb-sep-color:var(--awb-custom_color_1);--awb-font-size:24px;\" data-animationType=\"fadeIn\" data-animationDuration=\"0.3\" data-animationOffset=\"top-into-view\" id=\"a_violencias\"><h2 class=\"fusion-title-heading title-heading-left fusion-responsive-typography-calculated\" style=\"margin:0;font-size:1em;--fontSize:24;line-height:var(--awb-typography1-line-height);\"><mark class=\"fusion-highlight light highlight1 awb-highlight-background rounded\" style=\"--awb-color:#d1d1d1;\"><strong>Violencias<\/strong><\/mark><\/h2><\/div><div class=\"fusion-text fusion-text-6\" style=\"--awb-line-height:1.5em;\"><ul>\n<li><a class=\"title\" href=\"https:\/\/www.msn.com\/es-es\/noticias\/espana\/la-famp-suscribe-con-mujeres-rurales-de-andaluc%C3%ADa-un-acuerdo-por-la-igualdad-y-contra-la-violencia-de-g%C3%A9nero\/ar-AA1GvwV9?ocid=BingNewsVerp\" target=\"_blank\" rel=\"noopener\" data-artpy=\"0\" data-author=\"Europa Press on MSN\">La FAMP suscribe con mujeres rurales de Andaluc\u00eda un acuerdo por la igualdad y contra la violencia de g\u00e9nero<\/a> @europapress<\/li>\n<li><a class=\"title\" href=\"https:\/\/www.diariodesevilla.es\/andalucia\/cuatro-mujeres-han-sido-asesinadas_0_2004107458.html\" target=\"_blank\" rel=\"noopener\" data-artpy=\"0\" data-author=\"Diario de Sevilla\">Cuatro mujeres han sido asesinadas este a\u00f1o en Andaluc\u00eda<\/a> @diariodesevilla<\/li>\n<li><a class=\"title\" href=\"https:\/\/www.huelvainformacion.es\/elrocio\/punto-infomujer-junta-ofrece-atencion-violencia-genero-sexual-rocio_0_2004094171.html\" target=\"_blank\" rel=\"noopener\" data-artpy=\"0\" data-author=\"Huelva Informaci\u00f3n\">El punto InfoMujer de la Junta de Andaluc\u00eda ofrece atenci\u00f3n frente a la violencia de g\u00e9nero y sexual durante El Roc\u00edo<\/a> @huelvainformacion<\/li>\n<\/ul>\n<\/div><div class=\"fusion-title title fusion-title-9 fusion-sep-none fusion-title-text fusion-title-size-two fusion-animated\" style=\"--awb-text-color:var(--awb-color7);--awb-margin-top-small:10px;--awb-margin-right-small:0px;--awb-margin-bottom-small:10px;--awb-margin-left-small:0px;--awb-sep-color:var(--awb-custom_color_1);--awb-font-size:24px;\" data-animationType=\"fadeIn\" data-animationDuration=\"0.3\" data-animationOffset=\"top-into-view\" id=\"a_violencias\"><h2 class=\"fusion-title-heading title-heading-left fusion-responsive-typography-calculated\" style=\"margin:0;font-size:1em;--fontSize:24;line-height:var(--awb-typography1-line-height);\"><mark class=\"fusion-highlight light highlight1 awb-highlight-background rounded\" style=\"--awb-color:#d1d1d1;\"><strong> Ciencia y Cultura<\/strong> <\/mark><\/h2><\/div><div class=\"fusion-text fusion-text-7\" style=\"--awb-line-height:1.5em;\"><ul>\n<li><a class=\"title\" href=\"https:\/\/www.diariodesevilla.es\/ocio\/laura-alvea-gracias-netflix-plataformas_0_2004105887.html\" target=\"_blank\" rel=\"noopener\" data-artpy=\"0\" data-author=\"Diario de Sevilla\">Laura Alvea: \u00abGracias a Netflix y las plataformas estamos trabajando m\u00e1s y con m\u00e1s medios que nunca\u00bb<\/a> @diariodesevilla<\/li>\n<li><a class=\"title\" href=\"https:\/\/www.msn.com\/es-es\/noticias\/espana\/rtva-inaugura-relatos-femeninos-una-exposici%C3%B3n-de-ana-aydillo-que-explora-el-universo-de-la-mujer-actual\/ar-AA1G5GDl?ocid=BingNewsVerp\" target=\"_blank\" rel=\"noopener\" data-artpy=\"0\" data-author=\"Europa Press on MSN\">RTVA inaugura &#8216;Relatos femeninos&#8217;, una exposici\u00f3n de Ana Aydillo que explora el universo de la mujer actual<\/a> @europapress<\/li>\n<li><a class=\"title\" href=\"https:\/\/cadenaser.com\/andalucia\/2025\/06\/11\/literatura-con-memoria-isamar-cabeza-presenta-en-moron-su-novela-sobre-mujeres-invisibles-en-la-historia-radio-moron\/\" target=\"_blank\" rel=\"noopener\" data-artpy=\"0\" data-author=\"Cadena SER\">Literatura con memoria: Isamar Cabeza presenta en Mor\u00f3n su novela sobre mujeres invisibles en la historia<\/a> @ser<\/li>\n<li><a class=\"title\" href=\"https:\/\/www.abc.es\/sevilla\/cultura\/diez-andaluces-finalistas-premios-max-20250611180702-nts.html\" target=\"_blank\" rel=\"noopener\" data-artpy=\"0\" data-author=\"ABC\">Diez andaluces, finalistas en los 28 Premios Max<\/a> @abc<\/li>\n<li><a class=\"title\" href=\"https:\/\/www.diariodejerez.es\/rincon-flamenco\/mujer-gitana-patrimonio-cultural-flamenco_0_2004129600.html\" target=\"_blank\" rel=\"noopener\" data-artpy=\"0\" data-author=\"Diario de Jerez\">&#8216;Mujer Gitana en el Patrimonio Cultural Flamenco&#8217;, este viernes 13 en el Centro Andaluz de Documentaci\u00f3n del Flamenco<\/a> @diariodejerez<\/li>\n<\/ul>\n<\/div><div class=\"fusion-title title fusion-title-10 fusion-sep-none fusion-title-text fusion-title-size-two fusion-animated\" style=\"--awb-text-color:var(--awb-color7);--awb-margin-top-small:10px;--awb-margin-right-small:0px;--awb-margin-bottom-small:10px;--awb-margin-left-small:0px;--awb-sep-color:var(--awb-custom_color_1);--awb-font-size:24px;\" data-animationType=\"fadeIn\" data-animationDuration=\"0.3\" data-animationOffset=\"top-into-view\" id=\"a_deporte\"><h2 class=\"fusion-title-heading title-heading-left fusion-responsive-typography-calculated\" style=\"margin:0;font-size:1em;--fontSize:24;line-height:var(--awb-typography1-line-height);\"><mark class=\"fusion-highlight light highlight1 awb-highlight-background rounded\" style=\"--awb-color:#d1d1d1;\"><strong> Deporte<\/strong> <\/mark><\/h2><\/div><div class=\"fusion-text fusion-text-8\" style=\"--awb-line-height:1.5em;\"><ul>\n<li><a class=\"title\" href=\"https:\/\/www.msn.com\/es-es\/deportes\/other\/mar%C3%ADa-p%C3%A9rez-y-ayoub-ghadfa-entre-los-galardonados-con-los-premios-andaluc%C3%ADa-de-los-deportes-2024\/ar-AA1GcqSH?ocid=BingNewsVerp\" target=\"_blank\" rel=\"noopener\" data-artpy=\"0\" data-author=\"MARCA on MSN\">Mar\u00eda P\u00e9rez y Ayoub Ghadfa, entre los galardonados con los Premios Andaluc\u00eda de los Deportes 2024<\/a> @marca<\/li>\n<\/ul>\n<\/div><\/div><\/div><\/div><\/div><div class=\"fusion-fullwidth fullwidth-box fusion-builder-row-5 fusion-flex-container has-pattern-background has-mask-background hundred-percent-fullwidth non-hundred-percent-height-scrolling\" style=\"--awb-border-radius-top-left:0px;--awb-border-radius-top-right:0px;--awb-border-radius-bottom-right:0px;--awb-border-radius-bottom-left:0px;--awb-padding-right-small:2%;--awb-padding-left-small:2%;--awb-flex-wrap:wrap;\" ><div class=\"fusion-builder-row fusion-row fusion-flex-align-items-flex-start fusion-flex-content-wrap\" style=\"width:104% !important;max-width:104% !important;margin-left: calc(-4% \/ 2 );margin-right: calc(-4% \/ 2 );\"><div class=\"fusion-layout-column fusion_builder_column fusion-builder-column-4 fusion_builder_column_1_1 1_1 fusion-flex-column\" style=\"--awb-padding-right:20px;--awb-padding-left:20px;--awb-padding-right-small:15px;--awb-padding-left-small:15px;--awb-overflow:hidden;--awb-bg-color:var(--awb-color1);--awb-bg-color-hover:var(--awb-color1);--awb-bg-size:cover;--awb-border-color:var(--awb-color3);--awb-border-top:2px;--awb-border-right:2px;--awb-border-bottom:2px;--awb-border-left:2px;--awb-border-style:solid;--awb-border-radius:15px 15px 15px 15px;--awb-width-large:100%;--awb-margin-top-large:0px;--awb-spacing-right-large:1.92%;--awb-margin-bottom-large:20px;--awb-spacing-left-large:1.92%;--awb-width-medium:100%;--awb-order-medium:0;--awb-spacing-right-medium:1.92%;--awb-spacing-left-medium:1.92%;--awb-width-small:100%;--awb-order-small:0;--awb-spacing-right-small:0px;--awb-spacing-left-small:0px;\" id=\"c_estado\" data-scroll-devices=\"small-visibility,medium-visibility,large-visibility\"><div class=\"fusion-column-wrapper fusion-column-has-shadow fusion-flex-justify-content-flex-start fusion-content-layout-column\"><div class=\"fusion-title title fusion-title-11 fusion-sep-none fusion-title-text fusion-title-size-one\" style=\"--awb-margin-top:20px;--awb-margin-top-small:10px;--awb-margin-right-small:0px;--awb-margin-bottom-small:10px;--awb-margin-left-small:0px;--awb-sep-color:var(--awb-custom_color_1);\" id=\"estado\"><h1 class=\"fusion-title-heading title-heading-left fusion-responsive-typography-calculated\" style=\"font-family:&quot;Raleway&quot;;font-style:normal;font-weight:400;margin:0;--fontSize:40;line-height:var(--awb-typography1-line-height);\"><mark class=\"fusion-highlight custom-textcolor highlight1 awb-highlight-background rounded\" style=\"--awb-text-color:#ffffff;\"><strong>Estado<\/strong><\/mark><\/h1><\/div><div class=\"fusion-title title fusion-title-12 fusion-sep-none fusion-title-text fusion-title-size-two fusion-animated\" style=\"--awb-text-color:var(--awb-color7);--awb-margin-top-small:10px;--awb-margin-right-small:0px;--awb-margin-bottom-small:10px;--awb-margin-left-small:0px;--awb-sep-color:var(--awb-custom_color_1);--awb-font-size:24px;\" data-animationType=\"fadeIn\" data-animationDuration=\"0.3\" data-animationOffset=\"top-into-view\" id=\"e_institucional\"><h2 class=\"fusion-title-heading title-heading-left fusion-responsive-typography-calculated\" style=\"margin:0;font-size:1em;--fontSize:24;line-height:var(--awb-typography1-line-height);\"><mark class=\"fusion-highlight light highlight1 awb-highlight-background rounded\" style=\"--awb-color:#d1d1d1;\"><strong> Institucional<\/strong>\u00a0<\/mark><\/h2><\/div><div class=\"fusion-text fusion-text-9\" style=\"--awb-line-height:1.5em;\"><ul>\n<li><a class=\"title\" href=\"https:\/\/www.europapress.es\/epsocial\/igualdad\/noticia-perello-cgpj-violencia-genero-debemos-seguir-trabajando-respuesta-judicial-sea-humana-20250609141429.html\" target=\"_blank\" rel=\"noopener\" data-artpy=\"0\" data-author=\"Europa Press\">Perell\u00f3 (CGPJ) sobre la violencia de g\u00e9nero: \u00abDebemos seguir trabajando para que la respuesta judicial sea humana\u00bb<\/a> @europapress<\/li>\n<li><a class=\"title\" href=\"https:\/\/www.europapress.es\/epsocial\/igualdad\/noticia-guijarro-nueva-secretaria-estado-igualdad-recuerda-mujeres-sufren-conflictos-gaza-20250611180418.html\" target=\"_blank\" rel=\"noopener\" data-artpy=\"0\" data-author=\"Europa Press\">Guijarro, nueva secretaria de Estado de Igualdad, recuerda a las mujeres que sufren en conflictos como el de Gaza<\/a> @europapress<\/li>\n<li><a class=\"title\" href=\"https:\/\/www.lacerca.com\/noticias\/espana\/diaz-subida-salario-minimo-crecimiento-economico-reduccion-desigualdad-770410-1.html\" target=\"_blank\" rel=\"noopener\" data-artpy=\"0\" data-author=\"La Cerca\">D\u00edaz: \u201cLa subida del salario m\u00ednimo ha impulsado el crecimiento econ\u00f3mico, la creaci\u00f3n de empleo y la reducci\u00f3n de la desigualdad\u201d<\/a> @lacerca<\/li>\n<li><a class=\"title\" href=\"https:\/\/www.msn.com\/es-es\/noticias\/espana\/morant-apuesta-por-un-sistema-cient%C3%ADfico-m%C3%A1s-igualitario-inclusivo-y-democr%C3%A1tico-y-defiende-el-talento-femenino\/ar-AA1Gww2j?ocid=BingNewsVerp\" target=\"_blank\" rel=\"noopener\" data-artpy=\"0\" data-author=\"Europa Press on MSN\">Morant apuesta por un sistema cient\u00edfico \u00abm\u00e1s igualitario, inclusivo y democr\u00e1tico\u00bb y defiende el talento femenino<\/a> @europapress<\/li>\n<\/ul>\n<\/div><div class=\"fusion-title title fusion-title-13 fusion-sep-none fusion-title-text fusion-title-size-two fusion-animated\" style=\"--awb-text-color:var(--awb-color7);--awb-margin-top-small:10px;--awb-margin-right-small:0px;--awb-margin-bottom-small:10px;--awb-margin-left-small:0px;--awb-sep-color:var(--awb-custom_color_1);--awb-font-size:24px;\" data-animationType=\"fadeIn\" data-animationDuration=\"0.3\" data-animationOffset=\"top-into-view\" id=\"e_institucional_ccaa\"><h2 class=\"fusion-title-heading title-heading-left fusion-responsive-typography-calculated\" style=\"margin:0;font-size:1em;--fontSize:24;line-height:var(--awb-typography1-line-height);\"><mark class=\"fusion-highlight light highlight1 awb-highlight-background rounded\" style=\"--awb-color:#d1d1d1;\"><strong> Institucional &#8211; CCAA<\/strong>\u00a0<\/mark><\/h2><\/div><div class=\"fusion-text fusion-text-10\" style=\"--awb-line-height:1.5em;\"><ul>\n<li><a class=\"title\" title=\"EVAP impulsa 'WikiDona': c\u00f3mo lograr que el t\u00e9rmino 'cient\u00edfica' tenga m\u00e1s peso que el de 'esposa' en los art\u00edculos biogr\u00e1ficos sobre mujeres\" href=\"https:\/\/www.lasprovincias.es\/economia\/evap-impulsa-wikidona-lograr-termino-cientifica-peso-20250609133817-nt.html\" target=\"_blank\" rel=\"noopener\" data-artpy=\"0\" data-author=\"Las Provincias\">EVAP impulsa &#8216;WikiDona&#8217;: c\u00f3mo lograr que el t\u00e9rmino &#8216;cient\u00edfica&#8217; tenga m\u00e1s peso que el de &#8216;esposa&#8217; en los art\u00edculos biogr\u00e1ficos<\/a> &#8230;@Laprovincias<\/li>\n<li><a class=\"title\" href=\"https:\/\/www.elperiodico.com\/es\/economia\/20250606\/catalunya-alza-voz-femenina-forbes-118323733\" target=\"_blank\" rel=\"noopener\" data-artpy=\"0\" data-author=\"El Peri\u00f3dico\">Catalunya alza la voz femenina: Forbes elige a sus 100 mujeres m\u00e1s influyentes de 2025<\/a> @elperiodico<\/li>\n<li><a class=\"title\" href=\"https:\/\/www.msn.com\/es-es\/dinero\/economia\/m%C3%A1s-de-200-empresarias-y-directivas-de-la-comunitat-impulsan-una-agenda-com%C3%BAn-para-el-liderazgo-femenino\/ar-AA1G8JQh?ocid=BingNewsVerp\" target=\"_blank\" rel=\"noopener\" data-artpy=\"0\" data-author=\"Europa Press on MSN\">M\u00e1s de 200 empresarias y directivas de la Comunitat impulsan una \u00abagenda com\u00fan\u00bb para el liderazgo femenino<\/a> @europapress<\/li>\n<li><a class=\"title\" href=\"https:\/\/www.europapress.es\/epsocial\/responsables\/noticia-programa-gira-mujeres-abre-proxima-convocatoria-madrid-ayudar-emprendedoras-desarrollar-negocio-20250610182250.html\" target=\"_blank\" rel=\"noopener\" data-artpy=\"0\" data-author=\"Europa Press\">El programa GIRA Mujeres abre su pr\u00f3xima convocatoria en Madrid para ayudar a las emprendedoras a desarrollar su negocio<\/a> @europapress<\/li>\n<li><a class=\"title\" href=\"https:\/\/www.msn.com\/es-es\/pol%C3%ADtica\/gobierno\/los-bajos-salarios-y-la-econom%C3%ADa-sumergida-hunden-la-pensi%C3%B3n-de-las-mujeres-murcianas\/ar-AA1Gzk57?ocid=BingNewsVerp\" target=\"_blank\" rel=\"noopener\" data-artpy=\"0\" data-author=\"La Opini\u00f3n de Murcia on MSN\">Los bajos salarios y la econom\u00eda sumergida hunden la pensi\u00f3n de las mujeres murcianas<\/a> @laopiniondemurcia<\/li>\n<\/ul>\n<\/div><div class=\"fusion-title title fusion-title-14 fusion-sep-none fusion-title-text fusion-title-size-two fusion-animated\" style=\"--awb-text-color:var(--awb-color7);--awb-margin-top-small:10px;--awb-margin-right-small:0px;--awb-margin-bottom-small:10px;--awb-margin-left-small:0px;--awb-sep-color:var(--awb-custom_color_1);--awb-font-size:24px;\" data-animationType=\"fadeIn\" data-animationDuration=\"0.3\" data-animationOffset=\"top-into-view\" id=\"e_economia_empresa\"><h2 class=\"fusion-title-heading title-heading-left fusion-responsive-typography-calculated\" style=\"margin:0;font-size:1em;--fontSize:24;line-height:var(--awb-typography1-line-height);\"><mark class=\"fusion-highlight light highlight1 awb-highlight-background rounded\" style=\"--awb-color:#d1d1d1;\"><strong>Econom\u00eda y Empresa<\/strong><\/mark><\/h2><\/div><div class=\"fusion-text fusion-text-11\" style=\"--awb-line-height:1.5em;\"><ul>\n<li><a href=\"https:\/\/www.google.com\/url?rct=j&amp;sa=t&amp;url=https:\/\/www.autonomosyemprendedor.es\/articulo\/ayudas-subvenciones\/todos-incentivos-que-ofrece-estado-mujeres-que-deciden-emprender\/20250606000828043064.html&amp;ct=ga&amp;cd=CAEYACoTMzA5MzU5NDU1NTAxNjAzNTc1ODIbZTBmNTg2ODk3YjVmNzgzZTplczplczpFUzpM&amp;usg=AOvVaw1aE3Owfxu3UiWrD_LA1xjF\" target=\"_blank\" rel=\"noopener\" data-saferedirecturl=\"https:\/\/www.google.com\/url?q=https:\/\/www.google.com\/url?rct%3Dj%26sa%3Dt%26url%3Dhttps:\/\/www.autonomosyemprendedor.es\/articulo\/ayudas-subvenciones\/todos-incentivos-que-ofrece-estado-mujeres-que-deciden-emprender\/20250606000828043064.html%26ct%3Dga%26cd%3DCAEYACoTMzA5MzU5NDU1NTAxNjAzNTc1ODIbZTBmNTg2ODk3YjVmNzgzZTplczplczpFUzpM%26usg%3DAOvVaw1aE3Owfxu3UiWrD_LA1xjF&amp;source=gmail&amp;ust=1749654483459000&amp;usg=AOvVaw2zAXRkJXD7iubxmgqg95yG\">Todos los incentivos que ofrece el Estado para las\u00a0mujeres\u00a0que deciden emprender<\/a>@<a>Aut\u00f3nomos y Emprendedores<\/a><\/li>\n<li><a class=\"title\" title=\"Financieras que rompen el techo de cristal: los Premios Womenvalue 2025 reconocen el talento de siete mujeres de las finanzas y la econom\u00eda\" href=\"https:\/\/www.lasexta.com\/noticias\/economia\/financieras-que-rompen-techo-cristal-premios-womenvalue-2025-reconocen-talento-siete-mujeres-finanzas-economia_202506066842c97569892f403368a4b3.html\" target=\"_blank\" rel=\"noopener\" data-artpy=\"0\" data-author=\"laSexta\">Financieras que rompen el techo de cristal: los Premios Womenvalue 2025 reconocen el talento de siete mujeres de las<\/a>&#8230; @Lasexta<\/li>\n<li><a class=\"title\" href=\"https:\/\/www.lavozdegalicia.es\/noticia\/somosmar\/2025\/06\/07\/mujeres-representan-34-empleo-sector-pesquero-acuicola\/00031749317214556439311.htm\" target=\"_blank\" rel=\"noopener\" data-artpy=\"0\" data-author=\"La Voz de Galicia\">Las mujeres representan un 34% del empleo en el sector pesquero y acu\u00edcola<\/a> @lavozdegalicia<\/li>\n<li><a class=\"title\" href=\"https:\/\/www.msn.com\/es-es\/noticias\/espana\/women-in-banking-lanza-un-directorio-de-mujeres-referentes-en-el-sector-bancario\/ar-AA1G8t3e?ocid=BingNewsVerp\" target=\"_blank\" rel=\"noopener\" data-artpy=\"0\" data-author=\"Europa Press on MSN\">Women in Banking lanza un directorio de mujeres referentes en el sector bancario<\/a> @europapress<\/li>\n<li><a class=\"title\" title=\"La brecha salarial y la escasa presencia femenina en la direcci\u00f3n, asignaturas pendientes en materias de igualdad de las empresas espa\u00f1olas\" href=\"https:\/\/prnoticias.com\/2025\/06\/04\/la-brecha-salarial-y-la-escasa-presencia-femenina-en-la-direccion-asignaturas-pendientes-en-materias-de-igualdad-de-las-empresas-espanolas\/\" target=\"_blank\" rel=\"noopener\" data-artpy=\"0\" data-author=\"PR Noticias\">La brecha salarial y la escasa presencia femenina en la direcci\u00f3n, asignaturas pendientes en materias de igualdad de las empresas<\/a> @prnoticias<\/li>\n<li><a href=\"https:\/\/www.google.com\/url?rct=j&amp;sa=t&amp;url=https:\/\/www.publico.es\/sociedad\/trabajadoras-cuidados-tejen-alianzas-dignificar-labor-hay-conciencia-social.html&amp;ct=ga&amp;cd=CAEYACoUMTU5NzIzNzMwMjg2MjY1MTE2NDkyG2UwZjU4Njg5N2I1Zjc4M2U6ZXM6ZXM6RVM6TA&amp;usg=AOvVaw2u1qpqE5orunLrbElzdjdO\" target=\"_blank\" rel=\"noopener\" data-saferedirecturl=\"https:\/\/www.google.com\/url?q=https:\/\/www.google.com\/url?rct%3Dj%26sa%3Dt%26url%3Dhttps:\/\/www.publico.es\/sociedad\/trabajadoras-cuidados-tejen-alianzas-dignificar-labor-hay-conciencia-social.html%26ct%3Dga%26cd%3DCAEYACoUMTU5NzIzNzMwMjg2MjY1MTE2NDkyG2UwZjU4Njg5N2I1Zjc4M2U6ZXM6ZXM6RVM6TA%26usg%3DAOvVaw2u1qpqE5orunLrbElzdjdO&amp;source=gmail&amp;ust=1749826065652000&amp;usg=AOvVaw3JJVeW9Kw-D7wUyYiRlbBW\">Las trabajadoras de cuidados tejen alianzas para dignificar su labor: \u00abNo hay conciencia social\u00bb<\/a> @publico<\/li>\n<\/ul>\n<\/div><div class=\"fusion-title title fusion-title-15 fusion-sep-none fusion-title-text fusion-title-size-two fusion-animated\" style=\"--awb-text-color:var(--awb-color7);--awb-margin-top-small:10px;--awb-margin-right-small:0px;--awb-margin-bottom-small:10px;--awb-margin-left-small:0px;--awb-sep-color:var(--awb-custom_color_1);--awb-font-size:24px;\" data-animationType=\"fadeIn\" data-animationDuration=\"0.3\" data-animationOffset=\"top-into-view\" id=\"e_actualidad\"><h2 class=\"fusion-title-heading title-heading-left fusion-responsive-typography-calculated\" style=\"margin:0;font-size:1em;--fontSize:24;line-height:var(--awb-typography1-line-height);\"><mark class=\"fusion-highlight light highlight1 awb-highlight-background rounded\" style=\"--awb-color:#d1d1d1;\"><strong>Actualidad<\/strong><\/mark><\/h2><\/div><div class=\"fusion-text fusion-text-12\" style=\"--awb-line-height:1.5em;\"><div class=\"source biglogo set_top\">\n<ul>\n<li><a class=\"title\" href=\"https:\/\/www.msn.com\/es-es\/dinero\/econom%C3%ADa\/espa%C3%B1a-pierde-fuelle-en-igualdad-y-queda-fuera-del-top-10-mundial-por-brecha-salarial-y-falta-de-directivas\/ar-AA1Gz2l6?ocid=BingNewsVerp\" target=\"_blank\" rel=\"noopener\" data-artpy=\"0\" data-author=\"El Espa\u00f1ol on MSN\">Espa\u00f1a pierde fuelle en igualdad y queda fuera del Top 10 mundial por brecha salarial y falta de directivas<\/a><\/li>\n<li><a class=\"title\" href=\"https:\/\/noticias.juridicas.com\/actualidad\/noticias\/20306-lsquo;mujeres-por-derechorsquo;-celebra-su-cuarta-edicion-destacando-el-liderazgo-femenino-en-la-era-de-la-ia\/\" target=\"_blank\" rel=\"noopener\" data-artpy=\"0\" data-author=\"Noticias Jur\u00eddicas\">\u2018Mujeres por Derecho\u2019 celebra su cuarta edici\u00f3n destacando el liderazgo femenino en la era de la IA<\/a> @noticiasjuridicas<\/li>\n<li><a href=\"https:\/\/www.google.com\/url?rct=j&amp;sa=t&amp;url=https:\/\/www.tercerainformacion.es\/articulo\/catalunya\/12\/06\/2025\/el-primer-congreso-estatal-de-cooperativas-y-organizaciones-de-cuidados-lideradas-por-mujeres-migrantes-se-celebrara-en-barcelona\/&amp;ct=ga&amp;cd=CAEYAioUMTU5NzIzNzMwMjg2MjY1MTE2NDkyG2UwZjU4Njg5N2I1Zjc4M2U6ZXM6ZXM6RVM6TA&amp;usg=AOvVaw3QeTMzp2zSVZv2ql1d5wvj\" target=\"_blank\" rel=\"noopener\" data-saferedirecturl=\"https:\/\/www.google.com\/url?q=https:\/\/www.google.com\/url?rct%3Dj%26sa%3Dt%26url%3Dhttps:\/\/www.tercerainformacion.es\/articulo\/catalunya\/12\/06\/2025\/el-primer-congreso-estatal-de-cooperativas-y-organizaciones-de-cuidados-lideradas-por-mujeres-migrantes-se-celebrara-en-barcelona\/%26ct%3Dga%26cd%3DCAEYAioUMTU5NzIzNzMwMjg2MjY1MTE2NDkyG2UwZjU4Njg5N2I1Zjc4M2U6ZXM6ZXM6RVM6TA%26usg%3DAOvVaw3QeTMzp2zSVZv2ql1d5wvj&amp;source=gmail&amp;ust=1749826065652000&amp;usg=AOvVaw0NZvbPIgnfRT1bqQsfU6Fm\">El primer Congreso Estatal de Cooperativas y Organizaciones de Cuidados lideradas por mujeres migrantes&#8230;<\/a> @<a>Tercera Informaci\u00f3n<\/a><\/li>\n<\/ul>\n<\/div>\n<\/div><div class=\"fusion-title title fusion-title-16 fusion-sep-none fusion-title-text fusion-title-size-two fusion-animated\" style=\"--awb-text-color:var(--awb-color7);--awb-margin-top-small:10px;--awb-margin-right-small:0px;--awb-margin-bottom-small:10px;--awb-margin-left-small:0px;--awb-sep-color:var(--awb-custom_color_1);--awb-font-size:24px;\" data-animationType=\"fadeIn\" data-animationDuration=\"0.3\" data-animationOffset=\"top-into-view\" id=\"e_violencias\"><h2 class=\"fusion-title-heading title-heading-left fusion-responsive-typography-calculated\" style=\"margin:0;font-size:1em;--fontSize:24;line-height:var(--awb-typography1-line-height);\"><mark class=\"fusion-highlight light highlight1 awb-highlight-background rounded\" style=\"--awb-color:#d1d1d1;\"><strong>Violencias<\/strong><\/mark><\/h2><\/div><div class=\"fusion-text fusion-text-13\" style=\"--awb-line-height:1.5em;\"><ul>\n<li><a class=\"title\" href=\"https:\/\/cadenaser.com\/andalucia\/2025\/06\/08\/expertas-en-violencia-machista-piden-que-se-fiscalicen-las-politicas-para-combatirlas-ser-malaga\/\" target=\"_blank\" rel=\"noopener\" data-artpy=\"0\" data-author=\"Cadena SER\">Expertas en violencia machista piden que se fiscalicen las pol\u00edticas para combatirlas<\/a> @ser<\/li>\n<li><a class=\"title\" href=\"https:\/\/www.msn.com\/es-es\/noticias\/internacional\/el-maltratador-intensifica-su-violencia-tras-la-jubilaci%C3%B3n-al-pasar-m%C3%A1s-tiempo-en-casa\/ar-AA1GpaaM?ocid=BingNewsVerp\" target=\"_blank\" rel=\"noopener\" data-artpy=\"0\" data-author=\"P\u00fablico on MSN\">El maltratador intensifica su violencia tras la jubilaci\u00f3n al pasar m\u00e1s tiempo en casa<\/a> @publico<\/li>\n<\/ul>\n<\/div><div class=\"fusion-title title fusion-title-17 fusion-sep-none fusion-title-text fusion-title-size-two fusion-animated\" style=\"--awb-text-color:var(--awb-color7);--awb-margin-top-small:10px;--awb-margin-right-small:0px;--awb-margin-bottom-small:10px;--awb-margin-left-small:0px;--awb-sep-color:var(--awb-custom_color_1);--awb-font-size:24px;\" data-animationType=\"fadeIn\" data-animationDuration=\"0.3\" data-animationOffset=\"top-into-view\" id=\"e_violencias\"><h2 class=\"fusion-title-heading title-heading-left fusion-responsive-typography-calculated\" style=\"margin:0;font-size:1em;--fontSize:24;line-height:var(--awb-typography1-line-height);\"><mark class=\"fusion-highlight light highlight1 awb-highlight-background rounded\" style=\"--awb-color:#d1d1d1;\"><strong> Ciencia y Cultura<\/strong> <\/mark><\/h2><\/div><div class=\"fusion-text fusion-text-14\" style=\"--awb-line-height:1.5em;\"><ul>\n<li><a class=\"title\" href=\"https:\/\/www.msn.com\/es-es\/entretenimiento\/other\/el-libro-de-alicia-mullor-aragonesa-pionera-en-el-fmi-fue-una-mujer-comprometida-con-su-tiempo\/ar-AA1Gawap?ocid=BingNewsVerp\" target=\"_blank\" rel=\"noopener\" data-artpy=\"0\" data-author=\"Heraldo de Arag\u00f3n on MSN\">El libro de Alicia Mullor, aragonesa pionera en el FMI: \u00abFue una mujer comprometida con su tiempo\u00bb<\/a> @heraldo<\/li>\n<li><a class=\"title\" href=\"https:\/\/www.europapress.es\/cultura\/exposiciones-00131\/noticia-alteraciones-exposicion-arte-contemporaneo-perspectiva-genero-colecciones-reales-20250610131932.html\" target=\"_blank\" rel=\"noopener\" data-artpy=\"0\" data-author=\"Europa Press\">&#8216;Alteraciones&#8217;, la exposici\u00f3n de arte contempor\u00e1neo con perspectiva de g\u00e9nero entre las Colecciones Reales<\/a> @europapress<\/li>\n<li><a class=\"title\" href=\"https:\/\/www.msn.com\/es-es\/estilo\/other\/claudia-pi%C3%B1eiro-berna-gonz%C3%A1lez-harbour-mar%C3%ADa-zaragoza-y-care-santos-hablan-de-mujeres-de-literatura-y-del-idioma-espa%C3%B1ol\/ar-AA1GlbBL?ocid=BingNewsVerp\" target=\"_blank\" rel=\"noopener\" data-artpy=\"0\" data-author=\"20 minutos on MSN\">Claudia Pi\u00f1eiro, Berna Gonz\u00e1lez-Harbour, Mar\u00eda Zaragoza y Care Santos hablan de mujeres, de literatura y del idioma espa\u00f1ol<\/a> @20minutos<\/li>\n<li><a class=\"title\" href=\"https:\/\/www.elperiodico.com\/es\/ocio-y-cultura\/20250609\/mujer-escolto-picasso-pinto-guernica-dora-maar-lucha-igualdad-barcelona-118403188\" target=\"_blank\" rel=\"noopener\" data-artpy=\"0\" data-author=\"El Peri\u00f3dico\">Dora Maar, la mujer que escolt\u00f3 a Pablo Picasso durante los 35 d\u00edas que pint\u00f3 el &#8216;Guernica&#8217;: \u00abEra muy activa en la lucha por la igualdad\u00bb<\/a>@elperiodico<\/li>\n<li><a class=\"title\" href=\"https:\/\/www.msn.com\/es-es\/entretenimiento\/other\/megan-montaner-es-un-poco-decepcionante-que-sea-noticia-que-una-mujer-sea-fuerte-y-tenga-car%C3%A1cter\/ar-AA1GabIz?ocid=BingNewsVerp\" target=\"_blank\" rel=\"noopener\" data-artpy=\"0\" data-author=\"EL MUNDO on MSN\">Megan Montaner: \u00abEs un poco decepcionante que sea noticia que una mujer sea fuerte y tenga car\u00e1cter\u00bb<\/a> @elmundo<\/li>\n<li><a class=\"title\" href=\"https:\/\/www.abc.es\/espana\/castilla-la-mancha\/maria-jesus-obra-camiseras-gana-mujeres-arte-20250605144922-nt.html\" target=\"_blank\" rel=\"noopener\" data-artpy=\"0\" data-author=\"ABC\">Mar\u00eda Jes\u00fas Huerta habla en &#8216;Las camiseras&#8217; del 8M y de los trabajos olvidados y la lucha femenina<\/a> @abc<\/li>\n<\/ul>\n<\/div><div class=\"fusion-title title fusion-title-18 fusion-sep-none fusion-title-text fusion-title-size-two fusion-animated\" style=\"--awb-text-color:var(--awb-color7);--awb-margin-top-small:10px;--awb-margin-right-small:0px;--awb-margin-bottom-small:10px;--awb-margin-left-small:0px;--awb-sep-color:var(--awb-custom_color_1);--awb-font-size:24px;\" data-animationType=\"fadeIn\" data-animationDuration=\"0.3\" data-animationOffset=\"top-into-view\" id=\"e_deporte\"><h2 class=\"fusion-title-heading title-heading-left fusion-responsive-typography-calculated\" style=\"margin:0;font-size:1em;--fontSize:24;line-height:var(--awb-typography1-line-height);\"><mark class=\"fusion-highlight light highlight1 awb-highlight-background rounded\" style=\"--awb-color:#d1d1d1;\"><strong> Deporte<\/strong> <\/mark><\/h2><\/div><div class=\"fusion-text fusion-text-15\" style=\"--awb-line-height:1.5em;\"><ul>\n<li><a class=\"title\" href=\"https:\/\/www.msn.com\/es-es\/salud\/other\/virginia-torrecilla-el-deporte-me-ha-salvado-la-vida\/ar-AA1GmBNv?ocid=BingNewsVerp\" target=\"_blank\" rel=\"noopener\" data-artpy=\"0\" data-author=\"Mundo Deportivo on MSN\">Virginia Torrecilla: \u00abEl deporte me ha salvado la vida\u00bb<\/a> @mundodeportivo<\/li>\n<li><a class=\"title\" href=\"https:\/\/www.msn.com\/es-es\/deportes\/futbol\/el-gol-en-las-gaunas-lo-marcan-ellas\/ar-AA1Glui0?ocid=BingNewsVerp\" target=\"_blank\" rel=\"noopener\" data-artpy=\"0\" data-author=\"eldiario.es on MSN\">El Gol en Las Gaunas lo marcan ellas<\/a> @eldiario<\/li>\n<li><a class=\"title\" href=\"https:\/\/www.lagacetadesalamanca.es\/deportes\/women-bike-salamanca-20250607171458-nt.html\" target=\"_blank\" rel=\"noopener\" data-artpy=\"0\" data-author=\"La Gaceta de Salamanca\">&#8216;Women In Bike&#8217; en Salamanca<\/a> @lagacetadesalamanca<\/li>\n<li><a class=\"title\" href=\"https:\/\/www.msn.com\/es-es\/deportes\/other\/ana-peleteiro-y-paula-sevilla-lideran-a-la-armada-espa%C3%B1ola-en-la-diamond-de-roma\/ar-AA1GcznT?ocid=BingNewsVerp\" target=\"_blank\" rel=\"noopener\" data-artpy=\"0\" data-author=\"Sport on MSN\">Ana Peleteiro y Paula Sevilla lideran a la armada espa\u00f1ola en la Diamond de Roma<\/a> @sport<\/li>\n<li><a class=\"title\" href=\"https:\/\/www.sport.es\/es\/noticias\/seleccion\/femenino\/lista-espana-eurocopa-2025-23-118462707\" target=\"_blank\" rel=\"noopener\" data-artpy=\"0\" data-author=\"Sport\">La lista de Espa\u00f1a para la Eurocopa 2025: las 23 convocadas de Montse Tom\u00e9<\/a> @sport<\/li>\n<li><a class=\"title\" href=\"https:\/\/as.com\/masdeporte\/polideportivo\/el-reseteo-de-antia-necesitaba-vivir-como-alguien-normal-n\/\" target=\"_blank\" rel=\"noopener\" data-artpy=\"0\" data-author=\"Diario AS\">El reseteo de Ant\u00eda: \u201cNecesitaba vivir como alguien normal\u201d<\/a> @as<\/li>\n<\/ul>\n<\/div><\/div><\/div><\/div><\/div><div class=\"fusion-fullwidth fullwidth-box fusion-builder-row-6 fusion-flex-container has-pattern-background has-mask-background hundred-percent-fullwidth non-hundred-percent-height-scrolling\" style=\"--awb-border-radius-top-left:0px;--awb-border-radius-top-right:0px;--awb-border-radius-bottom-right:0px;--awb-border-radius-bottom-left:0px;--awb-padding-right-small:2%;--awb-padding-left-small:2%;--awb-flex-wrap:wrap;\" ><div class=\"fusion-builder-row fusion-row fusion-flex-align-items-flex-start fusion-flex-content-wrap\" style=\"width:104% !important;max-width:104% !important;margin-left: calc(-4% \/ 2 );margin-right: calc(-4% \/ 2 );\"><div class=\"fusion-layout-column fusion_builder_column fusion-builder-column-5 fusion_builder_column_1_1 1_1 fusion-flex-column\" style=\"--awb-padding-right:20px;--awb-padding-left:20px;--awb-padding-right-small:15px;--awb-padding-left-small:15px;--awb-overflow:hidden;--awb-bg-color:var(--awb-color1);--awb-bg-color-hover:var(--awb-color1);--awb-bg-size:cover;--awb-border-color:var(--awb-color3);--awb-border-top:2px;--awb-border-right:2px;--awb-border-bottom:2px;--awb-border-left:2px;--awb-border-style:solid;--awb-border-radius:15px 15px 15px 15px;--awb-width-large:100%;--awb-margin-top-large:0px;--awb-spacing-right-large:1.92%;--awb-margin-bottom-large:20px;--awb-spacing-left-large:1.92%;--awb-width-medium:100%;--awb-order-medium:0;--awb-spacing-right-medium:1.92%;--awb-spacing-left-medium:1.92%;--awb-width-small:100%;--awb-order-small:0;--awb-spacing-right-small:0px;--awb-spacing-left-small:0px;\" id=\"c_internacional\" data-scroll-devices=\"small-visibility,medium-visibility,large-visibility\"><div class=\"fusion-column-wrapper fusion-column-has-shadow fusion-flex-justify-content-flex-start fusion-content-layout-column\"><div class=\"fusion-title title fusion-title-19 fusion-sep-none fusion-title-text fusion-title-size-one\" style=\"--awb-margin-top:20px;--awb-margin-top-small:10px;--awb-margin-right-small:0px;--awb-margin-bottom-small:10px;--awb-margin-left-small:0px;--awb-sep-color:var(--awb-custom_color_1);\" id=\"internacional\"><h1 class=\"fusion-title-heading title-heading-left fusion-responsive-typography-calculated\" style=\"font-family:&quot;Raleway&quot;;font-style:normal;font-weight:400;margin:0;--fontSize:40;line-height:var(--awb-typography1-line-height);\"><mark class=\"fusion-highlight custom-textcolor highlight1 awb-highlight-background rounded\" style=\"--awb-color:#0098d9;--awb-text-color:#ffffff;\"><strong>UE &amp; Internacional<\/strong><\/mark><\/h1><\/div><div class=\"fusion-text fusion-text-16\" style=\"--awb-line-height:1.5em;\"><ul>\n<li><a href=\"https:\/\/www.google.com\/url?rct=j&amp;sa=t&amp;url=https:\/\/www.articulo14.es\/internacional\/de-las-seis-pioneras-a-las-treinta-actuales-el-auge-de-las-mujeres-espanolas-en-el-parlamento-europeo-20250612.html&amp;ct=ga&amp;cd=CAEYASoTNTc4MzcyOTc2MTg0NjM4NjIxMjIZMGE3MDMxZmMzMWI2ZDliZDplczplczpFUw&amp;usg=AOvVaw10ocGKjn-Y66l8LxBXYT1D\" target=\"_blank\" rel=\"noopener\" data-saferedirecturl=\"https:\/\/www.google.com\/url?q=https:\/\/www.google.com\/url?rct%3Dj%26sa%3Dt%26url%3Dhttps:\/\/www.articulo14.es\/internacional\/de-las-seis-pioneras-a-las-treinta-actuales-el-auge-de-las-mujeres-espanolas-en-el-parlamento-europeo-20250612.html%26ct%3Dga%26cd%3DCAEYASoTNTc4MzcyOTc2MTg0NjM4NjIxMjIZMGE3MDMxZmMzMWI2ZDliZDplczplczpFUw%26usg%3DAOvVaw10ocGKjn-Y66l8LxBXYT1D&amp;source=gmail&amp;ust=1749826065768000&amp;usg=AOvVaw0t5KG9HYoqQvjwA9cVlse6\">De las seis pioneras a las treinta actuales: el auge de las mujeres espa\u00f1olas en el Parlamento Europeo&#8230; &#8211; <\/a>@<a>Art\u00edculo 14<\/a><\/li>\n<li><a class=\"title\" href=\"https:\/\/www.pagina12.com.ar\/832649-la-agenda-de-las-mujeres-rurales-llega-para-imponerse-en-sud\" target=\"_blank\" rel=\"noopener\" data-artpy=\"0\" data-author=\"P\u00e1gina|12\">La agenda de las mujeres rurales llega para imponerse en Sud\u00e1frica<\/a> @pagina12<\/li>\n<li><a class=\"title\" href=\"https:\/\/elpais.com\/extra\/medio-ambiente\/2025-06-05\/mujeres-en-la-primera-linea-de-la-lucha-contra-el-cambio-climatico.html\" target=\"_blank\" rel=\"noopener\" data-artpy=\"0\" data-author=\"EL PA\u00cdS\">Mujeres en la primera l\u00ednea de la lucha contra el cambio clim\u00e1tico<\/a> @elpais<\/li>\n<li><a class=\"title\" href=\"https:\/\/www.rtve.es\/play\/videos\/objetivo-igualdad\/retrato-100x100-feminista-maria-noel-vaeza\/16610832\/\" target=\"_blank\" rel=\"noopener\" data-artpy=\"0\" data-author=\"RTVE\">Objetivo igualdad Retrato 100&#215;100 feminista: Mar\u00eda Noel Vaeza<\/a> @rtve<\/li>\n<li><a class=\"title\" href=\"https:\/\/www.abc.es\/espana\/gabriela-ramos-cultura-servirnos-tender-puentes-20250610225757-vi.html\" target=\"_blank\" rel=\"noopener\" data-artpy=\"0\" data-author=\"ABC\">Gabriela Ramos: \u00bb La cultura tiene que servirnos m\u00e1s para tender puentes\u00bb<\/a> @abc<\/li>\n<li><a class=\"title\" href=\"https:\/\/www.europapress.es\/epsocial\/igualdad\/noticia-nadia-murad-nobel-paz-defiende-feminismo-luche-derechos-mujeres-mundo-entero-20250610223326.html\" target=\"_blank\" rel=\"noopener\" data-artpy=\"0\" data-author=\"Europa Press\">Nadia Murad, Nobel de la Paz, defiende un feminismo que luche por los derechos de las mujeres \u00abdel mundo \u00abentero\u00bb<\/a> @europapress<\/li>\n<li><a class=\"title\" href=\"https:\/\/www.msn.com\/es-es\/noticias\/espana\/siria-impone-el-uso-obligatorio-de-burkinis-para-las-mujeres-en-playas-p%C3%BAblicas\/ar-AA1Gs4mz?ocid=BingNewsVerp\" target=\"_blank\" rel=\"noopener\" data-artpy=\"0\" data-author=\"20minutos on MSN\">Siria impone el uso obligatorio de burkinis para las mujeres en playas p\u00fablicas<\/a> @20minutos<\/li>\n<li><a class=\"title\" href=\"https:\/\/elcomercio.pe\/deporte-total\/polideportivo\/roland-garros-femenino-coco-gauff-campeona-en-el-abierto-de-francia-tras-vencer-2-1-a-sabalenka-video-noticia\/\" target=\"_blank\" rel=\"noopener\" data-artpy=\"0\" data-author=\"El Comercio\">Coco Gauff campeona de Roland Garros tras vencer 2-1 a Aryna Sabalenka<\/a> @elcomercio<\/li>\n<li><a class=\"title\" href=\"https:\/\/www.msn.com\/es-us\/deportes\/tenis\/las-mujeres-vuelven-a-queen-s-medio-siglo-despu%C3%A9s\/ar-AA1Gn0UQ?ocid=BingNewsVerp\" target=\"_blank\" rel=\"noopener\" data-artpy=\"0\" data-author=\"Agencia EFE on MSN\">Las mujeres vuelven a Queen&#8217;s medio siglo despu\u00e9s<\/a>@agenciaefe<\/li>\n<\/ul>\n<\/div><\/div><\/div><\/div><\/div><\/p>\n","protected":false},"excerpt":{"rendered":"<p>De las seis pioneras a las treinta actuales: el auge de las mujeres espa\u00f1olas en el Parlamento Europeo * La brecha salarial y la escasa presencia femenina en la direcci\u00f3n, asignaturas pendientes en materias de igualdad de las empresas * Nadia Murad, Nobel de la Paz, defiende un feminismo que luche por los derechos de las mujeres \u00abdel mundo \u00abentero\u00bb * Sin mujeres al mando en los medios de comunicaci\u00f3n y todos tan tranquilos<\/p>\n","protected":false},"author":3,"featured_media":23882,"comment_status":"closed","ping_status":"closed","sticky":false,"template":"","format":"standard","meta":{"footnotes":""},"categories":[298,654],"tags":[],"class_list":["post-24503","post","type-post","status-publish","format-standard","has-post-thumbnail","hentry","category-newsletter","category-nwl-v-4-0"],"yoast_head":"<!-- This site is optimized with the Yoast SEO plugin v27.5 - https:\/\/yoast.com\/product\/yoast-seo-wordpress\/ -->\n<title>Noticias Info CKL #2927 12-06-2025<\/title>\n<meta name=\"description\" content=\"Noticias Info CKL #2927 12-06-2025\" \/>\n<meta name=\"robots\" content=\"index, follow, max-snippet:-1, max-image-preview:large, max-video-preview:-1\" \/>\n<link rel=\"canonical\" href=\"https:\/\/cklcomunicaciones.es\/coop\/noticias-info-ckl-2927-12-06-2025\/\" \/>\n<meta property=\"og:locale\" content=\"es_ES\" \/>\n<meta property=\"og:type\" content=\"article\" \/>\n<meta property=\"og:title\" content=\"Noticias Info CKL #2927 12-06-2025\" \/>\n<meta property=\"og:description\" content=\"Noticias Info CKL #2927 12-06-2025\" \/>\n<meta property=\"og:url\" content=\"https:\/\/cklcomunicaciones.es\/coop\/noticias-info-ckl-2927-12-06-2025\/\" \/>\n<meta property=\"og:site_name\" content=\"CKL Comunicaciones\" \/>\n<meta property=\"article:published_time\" content=\"2025-06-12T15:26:38+00:00\" \/>\n<meta property=\"og:image\" content=\"https:\/\/cklcomunicaciones.es\/coop\/wp-content\/uploads\/CKL-una-mirada-distinta-de-la-comunicacion.webp\" \/>\n\t<meta property=\"og:image:width\" content=\"1482\" \/>\n\t<meta property=\"og:image:height\" content=\"775\" \/>\n\t<meta property=\"og:image:type\" content=\"image\/webp\" \/>\n<meta name=\"author\" content=\"ckl\" \/>\n<meta name=\"twitter:card\" content=\"summary_large_image\" \/>\n<meta name=\"twitter:label1\" content=\"Escrito por\" \/>\n\t<meta name=\"twitter:data1\" content=\"ckl\" \/>\n\t<meta name=\"twitter:label2\" content=\"Tiempo de lectura\" \/>\n\t<meta name=\"twitter:data2\" content=\"7 minutos\" \/>\n<script type=\"application\/ld+json\" class=\"yoast-schema-graph\">{\"@context\":\"https:\\\/\\\/schema.org\",\"@graph\":[{\"@type\":\"Article\",\"@id\":\"https:\\\/\\\/cklcomunicaciones.es\\\/coop\\\/noticias-info-ckl-2927-12-06-2025\\\/#article\",\"isPartOf\":{\"@id\":\"https:\\\/\\\/cklcomunicaciones.es\\\/coop\\\/noticias-info-ckl-2927-12-06-2025\\\/\"},\"author\":{\"name\":\"ckl\",\"@id\":\"https:\\\/\\\/cklcomunicaciones.es\\\/coop\\\/#\\\/schema\\\/person\\\/929a6837f7626450bbb50cee1aef266e\"},\"headline\":\"Noticias Info CKL #2927 12-06-2025\",\"datePublished\":\"2025-06-12T15:26:38+00:00\",\"mainEntityOfPage\":{\"@id\":\"https:\\\/\\\/cklcomunicaciones.es\\\/coop\\\/noticias-info-ckl-2927-12-06-2025\\\/\"},\"wordCount\":8401,\"image\":{\"@id\":\"https:\\\/\\\/cklcomunicaciones.es\\\/coop\\\/noticias-info-ckl-2927-12-06-2025\\\/#primaryimage\"},\"thumbnailUrl\":\"https:\\\/\\\/cklcomunicaciones.es\\\/coop\\\/wp-content\\\/uploads\\\/CKL-una-mirada-distinta-de-la-comunicacion.webp\",\"articleSection\":[\"Newsletter\",\"Nwl v.4.0\"],\"inLanguage\":\"es\"},{\"@type\":\"WebPage\",\"@id\":\"https:\\\/\\\/cklcomunicaciones.es\\\/coop\\\/noticias-info-ckl-2927-12-06-2025\\\/\",\"url\":\"https:\\\/\\\/cklcomunicaciones.es\\\/coop\\\/noticias-info-ckl-2927-12-06-2025\\\/\",\"name\":\"Noticias Info CKL #2927 12-06-2025\",\"isPartOf\":{\"@id\":\"https:\\\/\\\/cklcomunicaciones.es\\\/coop\\\/#website\"},\"primaryImageOfPage\":{\"@id\":\"https:\\\/\\\/cklcomunicaciones.es\\\/coop\\\/noticias-info-ckl-2927-12-06-2025\\\/#primaryimage\"},\"image\":{\"@id\":\"https:\\\/\\\/cklcomunicaciones.es\\\/coop\\\/noticias-info-ckl-2927-12-06-2025\\\/#primaryimage\"},\"thumbnailUrl\":\"https:\\\/\\\/cklcomunicaciones.es\\\/coop\\\/wp-content\\\/uploads\\\/CKL-una-mirada-distinta-de-la-comunicacion.webp\",\"datePublished\":\"2025-06-12T15:26:38+00:00\",\"author\":{\"@id\":\"https:\\\/\\\/cklcomunicaciones.es\\\/coop\\\/#\\\/schema\\\/person\\\/929a6837f7626450bbb50cee1aef266e\"},\"description\":\"Noticias Info CKL #2927 12-06-2025\",\"breadcrumb\":{\"@id\":\"https:\\\/\\\/cklcomunicaciones.es\\\/coop\\\/noticias-info-ckl-2927-12-06-2025\\\/#breadcrumb\"},\"inLanguage\":\"es\",\"potentialAction\":[{\"@type\":\"ReadAction\",\"target\":[\"https:\\\/\\\/cklcomunicaciones.es\\\/coop\\\/noticias-info-ckl-2927-12-06-2025\\\/\"]}]},{\"@type\":\"ImageObject\",\"inLanguage\":\"es\",\"@id\":\"https:\\\/\\\/cklcomunicaciones.es\\\/coop\\\/noticias-info-ckl-2927-12-06-2025\\\/#primaryimage\",\"url\":\"https:\\\/\\\/cklcomunicaciones.es\\\/coop\\\/wp-content\\\/uploads\\\/CKL-una-mirada-distinta-de-la-comunicacion.webp\",\"contentUrl\":\"https:\\\/\\\/cklcomunicaciones.es\\\/coop\\\/wp-content\\\/uploads\\\/CKL-una-mirada-distinta-de-la-comunicacion.webp\",\"width\":1482,\"height\":775,\"caption\":\"CKL - una mirada distinta de la comunicaci\u00f3n\"},{\"@type\":\"BreadcrumbList\",\"@id\":\"https:\\\/\\\/cklcomunicaciones.es\\\/coop\\\/noticias-info-ckl-2927-12-06-2025\\\/#breadcrumb\",\"itemListElement\":[{\"@type\":\"ListItem\",\"position\":1,\"name\":\"Portada\",\"item\":\"https:\\\/\\\/cklcomunicaciones.es\\\/coop\\\/\"},{\"@type\":\"ListItem\",\"position\":2,\"name\":\"Noticias Info CKL #2927 12-06-2025\"}]},{\"@type\":\"WebSite\",\"@id\":\"https:\\\/\\\/cklcomunicaciones.es\\\/coop\\\/#website\",\"url\":\"https:\\\/\\\/cklcomunicaciones.es\\\/coop\\\/\",\"name\":\"CKL Comunicaciones\",\"description\":\"Sitio web de CKL Comunicaciones coop , la consultora de comunicaci\u00f3n y estrategia\",\"potentialAction\":[{\"@type\":\"SearchAction\",\"target\":{\"@type\":\"EntryPoint\",\"urlTemplate\":\"https:\\\/\\\/cklcomunicaciones.es\\\/coop\\\/?s={search_term_string}\"},\"query-input\":{\"@type\":\"PropertyValueSpecification\",\"valueRequired\":true,\"valueName\":\"search_term_string\"}}],\"inLanguage\":\"es\"},{\"@type\":\"Person\",\"@id\":\"https:\\\/\\\/cklcomunicaciones.es\\\/coop\\\/#\\\/schema\\\/person\\\/929a6837f7626450bbb50cee1aef266e\",\"name\":\"ckl\",\"image\":{\"@type\":\"ImageObject\",\"inLanguage\":\"es\",\"@id\":\"https:\\\/\\\/secure.gravatar.com\\\/avatar\\\/c82db564e8a669bf6023357a157b9dc4780f4d4c618f2ad1d71a6a5dede45057?s=96&d=mm&r=g\",\"url\":\"https:\\\/\\\/secure.gravatar.com\\\/avatar\\\/c82db564e8a669bf6023357a157b9dc4780f4d4c618f2ad1d71a6a5dede45057?s=96&d=mm&r=g\",\"contentUrl\":\"https:\\\/\\\/secure.gravatar.com\\\/avatar\\\/c82db564e8a669bf6023357a157b9dc4780f4d4c618f2ad1d71a6a5dede45057?s=96&d=mm&r=g\",\"caption\":\"ckl\"},\"url\":\"https:\\\/\\\/cklcomunicaciones.es\\\/coop\\\/author\\\/cklcomunicaciones\\\/\"}]}<\/script>\n<!-- \/ Yoast SEO plugin. -->","yoast_head_json":{"title":"Noticias Info CKL #2927 12-06-2025","description":"Noticias Info CKL #2927 12-06-2025","robots":{"index":"index","follow":"follow","max-snippet":"max-snippet:-1","max-image-preview":"max-image-preview:large","max-video-preview":"max-video-preview:-1"},"canonical":"https:\/\/cklcomunicaciones.es\/coop\/noticias-info-ckl-2927-12-06-2025\/","og_locale":"es_ES","og_type":"article","og_title":"Noticias Info CKL #2927 12-06-2025","og_description":"Noticias Info CKL #2927 12-06-2025","og_url":"https:\/\/cklcomunicaciones.es\/coop\/noticias-info-ckl-2927-12-06-2025\/","og_site_name":"CKL Comunicaciones","article_published_time":"2025-06-12T15:26:38+00:00","og_image":[{"width":1482,"height":775,"url":"https:\/\/cklcomunicaciones.es\/coop\/wp-content\/uploads\/CKL-una-mirada-distinta-de-la-comunicacion.webp","type":"image\/webp"}],"author":"ckl","twitter_card":"summary_large_image","twitter_misc":{"Escrito por":"ckl","Tiempo de lectura":"7 minutos"},"schema":{"@context":"https:\/\/schema.org","@graph":[{"@type":"Article","@id":"https:\/\/cklcomunicaciones.es\/coop\/noticias-info-ckl-2927-12-06-2025\/#article","isPartOf":{"@id":"https:\/\/cklcomunicaciones.es\/coop\/noticias-info-ckl-2927-12-06-2025\/"},"author":{"name":"ckl","@id":"https:\/\/cklcomunicaciones.es\/coop\/#\/schema\/person\/929a6837f7626450bbb50cee1aef266e"},"headline":"Noticias Info CKL #2927 12-06-2025","datePublished":"2025-06-12T15:26:38+00:00","mainEntityOfPage":{"@id":"https:\/\/cklcomunicaciones.es\/coop\/noticias-info-ckl-2927-12-06-2025\/"},"wordCount":8401,"image":{"@id":"https:\/\/cklcomunicaciones.es\/coop\/noticias-info-ckl-2927-12-06-2025\/#primaryimage"},"thumbnailUrl":"https:\/\/cklcomunicaciones.es\/coop\/wp-content\/uploads\/CKL-una-mirada-distinta-de-la-comunicacion.webp","articleSection":["Newsletter","Nwl v.4.0"],"inLanguage":"es"},{"@type":"WebPage","@id":"https:\/\/cklcomunicaciones.es\/coop\/noticias-info-ckl-2927-12-06-2025\/","url":"https:\/\/cklcomunicaciones.es\/coop\/noticias-info-ckl-2927-12-06-2025\/","name":"Noticias Info CKL #2927 12-06-2025","isPartOf":{"@id":"https:\/\/cklcomunicaciones.es\/coop\/#website"},"primaryImageOfPage":{"@id":"https:\/\/cklcomunicaciones.es\/coop\/noticias-info-ckl-2927-12-06-2025\/#primaryimage"},"image":{"@id":"https:\/\/cklcomunicaciones.es\/coop\/noticias-info-ckl-2927-12-06-2025\/#primaryimage"},"thumbnailUrl":"https:\/\/cklcomunicaciones.es\/coop\/wp-content\/uploads\/CKL-una-mirada-distinta-de-la-comunicacion.webp","datePublished":"2025-06-12T15:26:38+00:00","author":{"@id":"https:\/\/cklcomunicaciones.es\/coop\/#\/schema\/person\/929a6837f7626450bbb50cee1aef266e"},"description":"Noticias Info CKL #2927 12-06-2025","breadcrumb":{"@id":"https:\/\/cklcomunicaciones.es\/coop\/noticias-info-ckl-2927-12-06-2025\/#breadcrumb"},"inLanguage":"es","potentialAction":[{"@type":"ReadAction","target":["https:\/\/cklcomunicaciones.es\/coop\/noticias-info-ckl-2927-12-06-2025\/"]}]},{"@type":"ImageObject","inLanguage":"es","@id":"https:\/\/cklcomunicaciones.es\/coop\/noticias-info-ckl-2927-12-06-2025\/#primaryimage","url":"https:\/\/cklcomunicaciones.es\/coop\/wp-content\/uploads\/CKL-una-mirada-distinta-de-la-comunicacion.webp","contentUrl":"https:\/\/cklcomunicaciones.es\/coop\/wp-content\/uploads\/CKL-una-mirada-distinta-de-la-comunicacion.webp","width":1482,"height":775,"caption":"CKL - una mirada distinta de la comunicaci\u00f3n"},{"@type":"BreadcrumbList","@id":"https:\/\/cklcomunicaciones.es\/coop\/noticias-info-ckl-2927-12-06-2025\/#breadcrumb","itemListElement":[{"@type":"ListItem","position":1,"name":"Portada","item":"https:\/\/cklcomunicaciones.es\/coop\/"},{"@type":"ListItem","position":2,"name":"Noticias Info CKL #2927 12-06-2025"}]},{"@type":"WebSite","@id":"https:\/\/cklcomunicaciones.es\/coop\/#website","url":"https:\/\/cklcomunicaciones.es\/coop\/","name":"CKL Comunicaciones","description":"Sitio web de CKL Comunicaciones coop , la consultora de comunicaci\u00f3n y estrategia","potentialAction":[{"@type":"SearchAction","target":{"@type":"EntryPoint","urlTemplate":"https:\/\/cklcomunicaciones.es\/coop\/?s={search_term_string}"},"query-input":{"@type":"PropertyValueSpecification","valueRequired":true,"valueName":"search_term_string"}}],"inLanguage":"es"},{"@type":"Person","@id":"https:\/\/cklcomunicaciones.es\/coop\/#\/schema\/person\/929a6837f7626450bbb50cee1aef266e","name":"ckl","image":{"@type":"ImageObject","inLanguage":"es","@id":"https:\/\/secure.gravatar.com\/avatar\/c82db564e8a669bf6023357a157b9dc4780f4d4c618f2ad1d71a6a5dede45057?s=96&d=mm&r=g","url":"https:\/\/secure.gravatar.com\/avatar\/c82db564e8a669bf6023357a157b9dc4780f4d4c618f2ad1d71a6a5dede45057?s=96&d=mm&r=g","contentUrl":"https:\/\/secure.gravatar.com\/avatar\/c82db564e8a669bf6023357a157b9dc4780f4d4c618f2ad1d71a6a5dede45057?s=96&d=mm&r=g","caption":"ckl"},"url":"https:\/\/cklcomunicaciones.es\/coop\/author\/cklcomunicaciones\/"}]}},"_links":{"self":[{"href":"https:\/\/cklcomunicaciones.es\/coop\/wp-json\/wp\/v2\/posts\/24503","targetHints":{"allow":["GET"]}}],"collection":[{"href":"https:\/\/cklcomunicaciones.es\/coop\/wp-json\/wp\/v2\/posts"}],"about":[{"href":"https:\/\/cklcomunicaciones.es\/coop\/wp-json\/wp\/v2\/types\/post"}],"author":[{"embeddable":true,"href":"https:\/\/cklcomunicaciones.es\/coop\/wp-json\/wp\/v2\/users\/3"}],"replies":[{"embeddable":true,"href":"https:\/\/cklcomunicaciones.es\/coop\/wp-json\/wp\/v2\/comments?post=24503"}],"version-history":[{"count":0,"href":"https:\/\/cklcomunicaciones.es\/coop\/wp-json\/wp\/v2\/posts\/24503\/revisions"}],"wp:featuredmedia":[{"embeddable":true,"href":"https:\/\/cklcomunicaciones.es\/coop\/wp-json\/wp\/v2\/media\/23882"}],"wp:attachment":[{"href":"https:\/\/cklcomunicaciones.es\/coop\/wp-json\/wp\/v2\/media?parent=24503"}],"wp:term":[{"taxonomy":"category","embeddable":true,"href":"https:\/\/cklcomunicaciones.es\/coop\/wp-json\/wp\/v2\/categories?post=24503"},{"taxonomy":"post_tag","embeddable":true,"href":"https:\/\/cklcomunicaciones.es\/coop\/wp-json\/wp\/v2\/tags?post=24503"}],"curies":[{"name":"wp","href":"https:\/\/api.w.org\/{rel}","templated":true}]}}