{"id":24488,"date":"2025-06-05T18:58:04","date_gmt":"2025-06-05T16:58:04","guid":{"rendered":"https:\/\/cklcomunicaciones.es\/coop\/?p=24488"},"modified":"2025-06-05T19:03:33","modified_gmt":"2025-06-05T17:03:33","slug":"noticias-info-ckl-2926-05-06-2025","status":"publish","type":"post","link":"https:\/\/cklcomunicaciones.es\/coop\/noticias-info-ckl-2926-05-06-2025\/","title":{"rendered":"Noticias Info CKL #2926 05-06-2025"},"content":{"rendered":"<p><div class=\"fusion-fullwidth fullwidth-box fusion-builder-row-1 fusion-flex-container has-pattern-background has-mask-background nonhundred-percent-fullwidth non-hundred-percent-height-scrolling\" style=\"--awb-border-radius-top-left:0px;--awb-border-radius-top-right:0px;--awb-border-radius-bottom-right:0px;--awb-border-radius-bottom-left:0px;--awb-flex-wrap:wrap;\" ><div class=\"fusion-builder-row fusion-row fusion-flex-align-items-flex-start fusion-flex-content-wrap\" style=\"max-width:1248px;margin-left: calc(-4% \/ 2 );margin-right: calc(-4% \/ 2 );\"><div class=\"fusion-layout-column fusion_builder_column fusion-builder-column-0 fusion_builder_column_1_1 1_1 fusion-flex-column\" style=\"--awb-bg-size:cover;--awb-width-large:100%;--awb-margin-top-large:0px;--awb-spacing-right-large:1.92%;--awb-margin-bottom-large:20px;--awb-spacing-left-large:1.92%;--awb-width-medium:100%;--awb-order-medium:0;--awb-spacing-right-medium:1.92%;--awb-spacing-left-medium:1.92%;--awb-width-small:100%;--awb-order-small:0;--awb-spacing-right-small:1.92%;--awb-spacing-left-small:1.92%;\"><div class=\"fusion-column-wrapper fusion-column-has-shadow fusion-flex-justify-content-flex-start fusion-content-layout-column\"><div class=\"fusion-title title fusion-title-1 fusion-sep-none fusion-title-text fusion-title-size-paragraph\" style=\"--awb-margin-top:20px;--awb-margin-top-small:10px;--awb-margin-right-small:0px;--awb-margin-bottom-small:10px;--awb-margin-left-small:0px;--awb-sep-color:var(--awb-custom_color_1);--awb-font-size:20px;\"><p class=\"fusion-title-heading title-heading-left title-heading-tag fusion-responsive-typography-calculated\" style=\"font-family:&quot;Raleway&quot;;font-style:normal;font-weight:400;margin:0;font-size:1em;--fontSize:20;--minFontSize:20;line-height:var(--awb-typography4-line-height);\"><a class=\"fusion-one-page-text-link\" href=\"#convocatorias\"><mark class=\"fusion-highlight custom-textcolor highlight1 awb-highlight-background rounded\" style=\"--awb-text-color:#ffffff;\"><strong>Convocatorias<\/strong><\/mark><\/a> <a class=\"fusion-one-page-text-link\" href=\"#comunicacion\"><mark class=\"fusion-highlight custom-textcolor highlight1 awb-highlight-background rounded\" style=\"--awb-color:#db9600;--awb-text-color:#ffffff;\"><strong>Comunicaci\u00f3n, Publicidad y TICs<\/strong><\/mark><\/a> <a class=\"fusion-one-page-text-link\" href=\"#andalucia\"><mark class=\"fusion-highlight custom-textcolor highlight1 awb-highlight-background rounded\" style=\"--awb-color:#4cb700;--awb-text-color:#ffffff;\"><strong>Andaluc\u00eda<\/strong><\/mark><\/a> <a class=\"fusion-one-page-text-link\" href=\"#estado\"><mark class=\"fusion-highlight custom-textcolor highlight1 awb-highlight-background rounded\" style=\"--awb-text-color:#ffffff;\"><strong>Estado<\/strong><\/mark><\/a> <a class=\"fusion-one-page-text-link\" href=\"#internacional\"><mark class=\"fusion-highlight custom-textcolor highlight1 awb-highlight-background rounded\" style=\"--awb-color:#0098d9;--awb-text-color:#ffffff;\"><strong>Internacional<\/strong><\/mark><\/a><\/p><\/div><\/div><\/div><\/div><\/div><div class=\"fusion-fullwidth fullwidth-box fusion-builder-row-2 fusion-flex-container has-pattern-background has-mask-background hundred-percent-fullwidth non-hundred-percent-height-scrolling\" style=\"--awb-border-radius-top-left:0px;--awb-border-radius-top-right:0px;--awb-border-radius-bottom-right:0px;--awb-border-radius-bottom-left:0px;--awb-padding-right-small:2%;--awb-padding-left-small:2%;--awb-flex-wrap:wrap;\" ><div class=\"fusion-builder-row fusion-row fusion-flex-align-items-flex-start fusion-flex-content-wrap\" style=\"width:104% !important;max-width:104% !important;margin-left: calc(-4% \/ 2 );margin-right: calc(-4% \/ 2 );\"><div class=\"fusion-layout-column fusion_builder_column fusion-builder-column-1 fusion_builder_column_1_1 1_1 fusion-flex-column\" style=\"--awb-padding-right:20px;--awb-padding-left:20px;--awb-padding-right-small:15px;--awb-padding-left-small:15px;--awb-overflow:hidden;--awb-bg-color:var(--awb-color1);--awb-bg-color-hover:var(--awb-color1);--awb-bg-size:cover;--awb-border-color:var(--awb-color3);--awb-border-top:2px;--awb-border-right:2px;--awb-border-bottom:2px;--awb-border-left:2px;--awb-border-style:solid;--awb-border-radius:15px 15px 15px 15px;--awb-width-large:100%;--awb-margin-top-large:0px;--awb-spacing-right-large:1.92%;--awb-margin-bottom-large:20px;--awb-spacing-left-large:1.92%;--awb-width-medium:100%;--awb-order-medium:0;--awb-spacing-right-medium:1.92%;--awb-spacing-left-medium:1.92%;--awb-width-small:100%;--awb-order-small:0;--awb-spacing-right-small:0px;--awb-spacing-left-small:0px;\" id=\"c_convocatorias\" data-scroll-devices=\"small-visibility,medium-visibility,large-visibility\"><div class=\"fusion-column-wrapper fusion-column-has-shadow fusion-flex-justify-content-flex-start fusion-content-layout-column\"><div class=\"fusion-title title fusion-title-2 fusion-sep-none fusion-title-text fusion-title-size-one\" style=\"--awb-margin-top:20px;--awb-margin-top-small:10px;--awb-margin-right-small:0px;--awb-margin-bottom-small:10px;--awb-margin-left-small:0px;--awb-sep-color:var(--awb-custom_color_1);\" id=\"convocatorias\"><h1 class=\"fusion-title-heading title-heading-left fusion-responsive-typography-calculated\" style=\"font-family:&quot;Raleway&quot;;font-style:normal;font-weight:400;margin:0;--fontSize:40;line-height:var(--awb-typography1-line-height);\"><mark class=\"fusion-highlight custom-textcolor highlight1 awb-highlight-background rounded\" style=\"--awb-text-color:#ffffff;\"><strong>Convocatorias<\/strong><\/mark><\/h1><\/div><div class=\"fusion-text fusion-text-1\" style=\"--awb-line-height:1.5em;--awb-margin-left:10px;\"><ul>\n<li><a href=\"https:\/\/fundacionmujeres.es\/agenda\/tertulia-haz-mas-rentable-tu-negocio-sin-trabajar-mas-horas\/\" target=\"_blank\" rel=\"noopener\" data-saferedirecturl=\"https:\/\/www.google.com\/url?q=https:\/\/fundacionmujeres.es\/agenda\/tertulia-haz-mas-rentable-tu-negocio-sin-trabajar-mas-horas\/&amp;source=gmail&amp;ust=1748948805676000&amp;usg=AOvVaw1sy_fV0cLjvcseSFhzJHuK\">Tertulia: Haz m\u00e1s rentable tu negocio sin trabajar m\u00e1s horas<\/a>.\u00a0Fundaci\u00f3n de Mujeres.\u00a011\u00a0de\u00a0junio, de 10:00 a 12:00 horas.\u00a0<a href=\"https:\/\/app.fundacionmujeres.es\/formulario-inscripcion-embebido?params=ZGVmNTAyMDA0ZjViOTkwYzAyYTU3NWE2NTFhYjExMWJhNjFlZWI3NTdhNWYyMmU1NGYxNmNmZTllZmFiN2NmNmVhYTMzOWIxOGFmNWE4N2UzYWZmYjc1MWIwZWNmOTEzNWU3ZDI0Zjc0ZThhNWFkMjY5OGFjYzVkZWJmNTc3YWFkM2MyYjVmMzJhZGI3YWY5NTY0MGMwYjI2ZWQzNzc4YzUwYjVjNWQwYmUwZDQ0ZjI1MDM1NDMxNzQ5NDBkMTE2Y2I2ZWY1NmE2NTQxM2I0N2QwZTIwNjUxNjYyMmIzMWE0NDdjN2ExOTA3YzVmNTk0YzBjYTgyNDBkZWMzYTI3MzdjY2VhNWE5MzY3YzEwYjJkZmU2NmVkMzk0NWFhM2M1Yjg3ZQ\" target=\"_blank\" rel=\"noopener\" data-saferedirecturl=\"https:\/\/www.google.com\/url?q=https:\/\/app.fundacionmujeres.es\/formulario-inscripcion-embebido?params%3DZGVmNTAyMDA0ZjViOTkwYzAyYTU3NWE2NTFhYjExMWJhNjFlZWI3NTdhNWYyMmU1NGYxNmNmZTllZmFiN2NmNmVhYTMzOWIxOGFmNWE4N2UzYWZmYjc1MWIwZWNmOTEzNWU3ZDI0Zjc0ZThhNWFkMjY5OGFjYzVkZWJmNTc3YWFkM2MyYjVmMzJhZGI3YWY5NTY0MGMwYjI2ZWQzNzc4YzUwYjVjNWQwYmUwZDQ0ZjI1MDM1NDMxNzQ5NDBkMTE2Y2I2ZWY1NmE2NTQxM2I0N2QwZTIwNjUxNjYyMmIzMWE0NDdjN2ExOTA3YzVmNTk0YzBjYTgyNDBkZWMzYTI3MzdjY2VhNWE5MzY3YzEwYjJkZmU2NmVkMzk0NWFhM2M1Yjg3ZQ&amp;source=gmail&amp;ust=1748948805676000&amp;usg=AOvVaw2k9jSeVn9VTWtxSFctH9re\">Inscripciones<\/a>.<\/li>\n<li><a href=\"http:\/\/www.juntadeandalucia.es\/iam\/catalogo\/doc\/convocatorias\/2025-genero\/EL-cartel-forum.png\" target=\"_blank\" rel=\"noopener\" data-saferedirecturl=\"https:\/\/www.google.com\/url?q=http:\/\/www.juntadeandalucia.es\/iam\/catalogo\/doc\/convocatorias\/2025-genero\/EL-cartel-forum.png&amp;source=gmail&amp;ust=1748948805676000&amp;usg=AOvVaw24c7CoGTlo-7kxpbphDCHg\">Mesa Redonda: \u00abTrabajar siendo mujer: brechas, violencias y salud\u00bb<\/a>. Forum de Pol\u00edtica Feminista de Granada. Centro Europeo de las Mujeres Mariana Pineda. 6 de junio,\u00a0a las 19:00 horas.<\/li>\n<li><a href=\"http:\/\/www.juntadeandalucia.es\/iam\/catalogo\/doc\/convocatorias\/2025-genero\/EL-cartel-viogen2.png\" target=\"_blank\" rel=\"noopener\" data-saferedirecturl=\"https:\/\/www.google.com\/url?q=http:\/\/www.juntadeandalucia.es\/iam\/catalogo\/doc\/convocatorias\/2025-genero\/EL-cartel-viogen2.png&amp;source=gmail&amp;ust=1748948805676000&amp;usg=AOvVaw23FCHqusa3RPYbqFvRpSAR\">Formaci\u00f3n: \u201cNuevo sistema VioG\u00e9n 2\u201d<\/a>. Ayuntamiento de Bormujos. 20 de junio, de 9:00 a 14:00 horas.\u00a0<a href=\"https:\/\/forms.gle\/kCz655mMZNEmhD427\" target=\"_blank\" rel=\"noopener\" data-saferedirecturl=\"https:\/\/www.google.com\/url?q=https:\/\/forms.gle\/kCz655mMZNEmhD427&amp;source=gmail&amp;ust=1748948805676000&amp;usg=AOvVaw0x2q5bB3NcxqUbSUnz4mQu\">Inscripciones hasta el 16 de junio<\/a>.<\/li>\n<li>Conversaci\u00f3n con Keniz\u00e9 Mourad.\u00a0Fundaci\u00f3n Tres Culturas. 10\u00a0de\u00a0junio,\u00a0a las 19:30 horas.\u00a0<a href=\"https:\/\/tresculturas.org\/actividad\/conversacion-con-kenize-mourad\/\" target=\"_blank\" rel=\"noopener\" data-saferedirecturl=\"https:\/\/www.google.com\/url?q=https:\/\/tresculturas.org\/actividad\/conversacion-con-kenize-mourad\/&amp;source=gmail&amp;ust=1748948805676000&amp;usg=AOvVaw36Ob9YJ-FLXdTITAjKpPXX\">M\u00e1s informaci\u00f3n e inscripciones<\/a>.<\/li>\n<li><a href=\"http:\/\/www.juntadeandalucia.es\/iam\/catalogo\/doc\/convocatorias\/2025-genero\/El-cartel-Carmen.pdf\" target=\"_blank\" rel=\"noopener\" data-saferedirecturl=\"https:\/\/www.google.com\/url?q=http:\/\/www.juntadeandalucia.es\/iam\/catalogo\/doc\/convocatorias\/2025-genero\/El-cartel-Carmen.pdf&amp;source=gmail&amp;ust=1748948805676000&amp;usg=AOvVaw14yD3HmQh9S4OFE_RFLB6S\">Conferencia \u201cDe Sevilla a Paris. 150 a\u00f1os de Carmen, una \u00f3pera universal\u201d del Instituto franc\u00e9s de Sevilla<\/a>. Teatro de la Maestranza. 3 de junio a las 18:00 horas.\u00a0<a href=\"https:\/\/www.institutfrancais.es\/sevilla\/evento\/de-sevilla-a-paris-150-anos-de-carmen-una-opera-universal-a-cargo-del-director-malagueno-santiago-otero\/\" target=\"_blank\" rel=\"noopener\" data-saferedirecturl=\"https:\/\/www.google.com\/url?q=https:\/\/www.institutfrancais.es\/sevilla\/evento\/de-sevilla-a-paris-150-anos-de-carmen-una-opera-universal-a-cargo-del-director-malagueno-santiago-otero\/&amp;source=gmail&amp;ust=1748948805676000&amp;usg=AOvVaw0-tNwrAeH8KJZwle81LoGx\">M\u00e1s informaci\u00f3n e inscripciones<\/a>.<\/li>\n<li><a href=\"http:\/\/www.juntadeandalucia.es\/iam\/catalogo\/doc\/convocatorias\/2025-genero\/EL-cartel-viogen2.png\" target=\"_blank\" rel=\"noopener\" data-saferedirecturl=\"https:\/\/www.google.com\/url?q=http:\/\/www.juntadeandalucia.es\/iam\/catalogo\/doc\/convocatorias\/2025-genero\/EL-cartel-viogen2.png&amp;source=gmail&amp;ust=1748948805676000&amp;usg=AOvVaw23FCHqusa3RPYbqFvRpSAR\">Formaci\u00f3n: \u201cNuevo sistema VioG\u00e9n 2\u201d<\/a>. Ayuntamiento de Bormujos. 20 de junio, de 9:00 a 14:00 horas.\u00a0<a href=\"https:\/\/forms.gle\/kCz655mMZNEmhD427\" target=\"_blank\" rel=\"noopener\" data-saferedirecturl=\"https:\/\/www.google.com\/url?q=https:\/\/forms.gle\/kCz655mMZNEmhD427&amp;source=gmail&amp;ust=1748948805676000&amp;usg=AOvVaw0x2q5bB3NcxqUbSUnz4mQu\">Inscripciones hasta el 16 de junio<\/a>.<\/li>\n<li>Conversaci\u00f3n con Keniz\u00e9 Mourad.\u00a0Fundaci\u00f3n Tres Culturas. 10\u00a0de\u00a0junio,\u00a0a las 19:30 horas.\u00a0<a href=\"https:\/\/tresculturas.org\/actividad\/conversacion-con-kenize-mourad\/\" target=\"_blank\" rel=\"noopener\" data-saferedirecturl=\"https:\/\/www.google.com\/url?q=https:\/\/tresculturas.org\/actividad\/conversacion-con-kenize-mourad\/&amp;source=gmail&amp;ust=1748948805676000&amp;usg=AOvVaw36Ob9YJ-FLXdTITAjKpPXX\">M\u00e1s informaci\u00f3n e inscripciones<\/a>.<\/li>\n<li>Jornada Historia del Feminismo Andaluz. Por Derecho Propio. Historia del Feminismo Andaluz. Organiza COAMUR. Sevilla, C\/ Alameda de H\u00e9rcules, 12, a las 19:00 horas<\/li>\n<li>Jornadas Salud en Femenino. Ayuntamiento de Jerez de la Frontera. 06 de junio, a\u00a0las\u00a010:30 horas en el sal\u00f3n de actos del Centro Social Blas Infante de Jerez.\u00a0<a href=\"http:\/\/www.juntadeandalucia.es\/iam\/catalogo\/doc\/convocatorias\/2025-genero\/cartel-jornada-salud.pdf\" target=\"_blank\" rel=\"noopener\" data-saferedirecturl=\"https:\/\/www.google.com\/url?q=http:\/\/www.juntadeandalucia.es\/iam\/catalogo\/doc\/convocatorias\/2025-genero\/cartel-jornada-salud.pdf&amp;source=gmail&amp;ust=1749226606316000&amp;usg=AOvVaw0533sydk3OLVMncDrCQ2WZ\">M\u00e1s informaci\u00f3n.<\/a><\/li>\n<li>Webinar \u00abHerramientas y estrategias de respuesta frente a las ciberviolencias machistas. Buenas pr\u00e1cticas y claves legales\u00bb.\u00a0Colaboratorias.\u00a011 de junio, de 11:00 a 14:00 horas.\u00a0<a href=\"https:\/\/forms.gle\/4tfkxWUnT13yb3Hw9\" target=\"_blank\" rel=\"noopener\" data-saferedirecturl=\"https:\/\/www.google.com\/url?q=https:\/\/forms.gle\/4tfkxWUnT13yb3Hw9&amp;source=gmail&amp;ust=1749226606316000&amp;usg=AOvVaw2FzFBq9hi9Aq5424DwKAof\">Inscripciones<\/a>.<\/li>\n<\/ul>\n<\/div><\/div><\/div><\/div><\/div><div class=\"fusion-fullwidth fullwidth-box fusion-builder-row-3 fusion-flex-container has-pattern-background has-mask-background hundred-percent-fullwidth non-hundred-percent-height-scrolling\" style=\"--awb-border-radius-top-left:0px;--awb-border-radius-top-right:0px;--awb-border-radius-bottom-right:0px;--awb-border-radius-bottom-left:0px;--awb-padding-right-small:2%;--awb-padding-left-small:2%;--awb-flex-wrap:wrap;\" ><div class=\"fusion-builder-row fusion-row fusion-flex-align-items-flex-start fusion-flex-content-wrap\" style=\"width:104% !important;max-width:104% !important;margin-left: calc(-4% \/ 2 );margin-right: calc(-4% \/ 2 );\"><div class=\"fusion-layout-column fusion_builder_column fusion-builder-column-2 fusion_builder_column_1_1 1_1 fusion-flex-column\" style=\"--awb-padding-right:20px;--awb-padding-left:20px;--awb-padding-right-small:15px;--awb-padding-left-small:15px;--awb-overflow:hidden;--awb-bg-color:var(--awb-color1);--awb-bg-color-hover:var(--awb-color1);--awb-bg-size:cover;--awb-border-color:var(--awb-color3);--awb-border-top:2px;--awb-border-right:2px;--awb-border-bottom:2px;--awb-border-left:2px;--awb-border-style:solid;--awb-border-radius:15px 15px 15px 15px;--awb-width-large:100%;--awb-margin-top-large:0px;--awb-spacing-right-large:1.92%;--awb-margin-bottom-large:20px;--awb-spacing-left-large:1.92%;--awb-width-medium:100%;--awb-order-medium:0;--awb-spacing-right-medium:1.92%;--awb-spacing-left-medium:1.92%;--awb-width-small:100%;--awb-order-small:0;--awb-spacing-right-small:0px;--awb-spacing-left-small:0px;\" id=\"comunicacion_tics\" data-scroll-devices=\"small-visibility,medium-visibility,large-visibility\"><div class=\"fusion-column-wrapper fusion-column-has-shadow fusion-flex-justify-content-flex-start fusion-content-layout-column\"><div class=\"fusion-title title fusion-title-3 fusion-sep-none fusion-title-text fusion-title-size-one\" style=\"--awb-margin-top:20px;--awb-margin-top-small:10px;--awb-margin-right-small:0px;--awb-margin-bottom-small:10px;--awb-margin-left-small:0px;--awb-sep-color:var(--awb-custom_color_1);\" id=\"comunicacion\"><h1 class=\"fusion-title-heading title-heading-left fusion-responsive-typography-calculated\" style=\"font-family:&quot;Raleway&quot;;font-style:normal;font-weight:400;margin:0;--fontSize:40;line-height:var(--awb-typography1-line-height);\"><mark class=\"fusion-highlight custom-textcolor highlight1 awb-highlight-background rounded\" style=\"--awb-color:#db9600;--awb-text-color:#ffffff;\"><strong>Comunicaci\u00f3n, Publicidad y TICs<\/strong><\/mark><\/h1><\/div><div class=\"fusion-text fusion-text-2\" style=\"--awb-line-height:1.5em;--awb-margin-left:10px;\"><ul>\n<li><a class=\"title\" title=\"El II Foro Woman Care, organizado por la revista Woman y Prensa Ib\u00e9rica, re\u00fane a los mejores expertos de salud con perspectiva de g\u00e9nero\" href=\"https:\/\/www.elcorreogallego.es\/sociedad\/2025\/06\/03\/ii-foro-care-organizado-woman-prensa-iberica-118165620.html\" target=\"_blank\" rel=\"noopener\" data-artpy=\"0\" data-author=\"El Correo Gallego\">El II Foro Woman Care, organizado por la revista Woman y Prensa Ib\u00e9rica, re\u00fane a los mejores expertos de salud con perspectiva de<\/a>&#8230; @elcorreogallego<\/li>\n<li><a class=\"title\" href=\"https:\/\/espanol.almayadeen.net\/noticias\/medios-internacionales\/2022145\/mujeres-periodistas-desaf%C3%ADan-el-silencio-medi%C3%A1tico-sobre-gaz\" target=\"_blank\" rel=\"noopener\" data-artpy=\"0\" data-author=\"Al Mayadeen Espa\u00f1ol\">Mujeres periodistas desaf\u00edan el silencio medi\u00e1tico sobre Gaza<\/a> @almayadeenespa\u00f1ol<\/li>\n<li><a class=\"title\" href=\"https:\/\/cronicaglobal.elespanol.com\/letraglobal\/letras\/20250601\/yolanda-morato-en-tiempos-guerra-periodismo-independiente\/1003742662155_0.html\" target=\"_blank\" rel=\"noopener\" data-artpy=\"0\" data-author=\"Cr\u00f3nica Global\">Yolanda Morat\u00f3: \u00abEn tiempos de guerra el periodismo independiente no existe\u00bb<\/a> @cronicaglobal<\/li>\n<li><a class=\"title\" href=\"https:\/\/rtvc.es\/radio-mulher-feminismo-a-traves-de-las-ondas-en-guinea-bissau\/\" target=\"_blank\" rel=\"noopener\" data-artpy=\"0\" data-author=\"Radio Televisi\u00f3n Canaria\">Radio Mulher, feminismo a trav\u00e9s de las ondas en Guinea Bissau<\/a> @radiotelevisioncanaria<\/li>\n<li><a class=\"title\" href=\"https:\/\/www.rtve.es\/rtve\/20250602\/catedra-rtve-us-convocatoria-del-i-premio-a-mejor-tesis-doctoral-sector-audiovisual-digital\/16603782.shtml\" target=\"_blank\" rel=\"noopener\" data-artpy=\"0\" data-author=\"RTVE\">La C\u00e1tedra RTVE-US y el Consejo Audiovisual de Andaluc\u00eda convocan el I Premio a la mejor Tesis Doctoral en el sector<\/a> &#8230;@rtve<\/li>\n<li><a href=\"https:\/\/www.eldiario.es\/sevilla\/arranca-prosodia-encuentro-global-podcast-espanol-celebra-sevilla_1_12355066.html\" data-mrf-link=\"https:\/\/www.eldiario.es\/sevilla\/arranca-prosodia-encuentro-global-podcast-espanol-celebra-sevilla_1_12355066.html\">Arranca Prosodia, el encuentro global del p\u00f3dcast en espa\u00f1ol que se celebra en Sevilla <\/a>@eldiario<\/li>\n<\/ul>\n<\/div><\/div><\/div><\/div><\/div><div class=\"fusion-fullwidth fullwidth-box fusion-builder-row-4 fusion-flex-container has-pattern-background has-mask-background hundred-percent-fullwidth non-hundred-percent-height-scrolling\" style=\"--awb-border-radius-top-left:0px;--awb-border-radius-top-right:0px;--awb-border-radius-bottom-right:0px;--awb-border-radius-bottom-left:0px;--awb-padding-right-small:2%;--awb-padding-left-small:2%;--awb-flex-wrap:wrap;\" id=\"and\" ><div class=\"fusion-builder-row fusion-row fusion-flex-align-items-flex-start fusion-flex-content-wrap\" style=\"width:104% !important;max-width:104% !important;margin-left: calc(-4% \/ 2 );margin-right: calc(-4% \/ 2 );\"><div class=\"fusion-layout-column fusion_builder_column fusion-builder-column-3 fusion_builder_column_1_1 1_1 fusion-flex-column\" style=\"--awb-padding-right:20px;--awb-padding-left:20px;--awb-padding-right-small:15px;--awb-padding-left-small:15px;--awb-overflow:hidden;--awb-bg-color:var(--awb-color1);--awb-bg-color-hover:var(--awb-color1);--awb-bg-size:cover;--awb-border-color:var(--awb-color3);--awb-border-top:2px;--awb-border-right:2px;--awb-border-bottom:2px;--awb-border-left:2px;--awb-border-style:solid;--awb-border-radius:15px 15px 15px 15px;--awb-width-large:100%;--awb-margin-top-large:0px;--awb-spacing-right-large:1.92%;--awb-margin-bottom-large:20px;--awb-spacing-left-large:1.92%;--awb-width-medium:100%;--awb-order-medium:0;--awb-spacing-right-medium:1.92%;--awb-spacing-left-medium:1.92%;--awb-width-small:100%;--awb-order-small:0;--awb-spacing-right-small:0px;--awb-spacing-left-small:0px;\" id=\"c_andalucia\" data-scroll-devices=\"small-visibility,medium-visibility,large-visibility\"><div class=\"fusion-column-wrapper fusion-column-has-shadow fusion-flex-justify-content-flex-start fusion-content-layout-column\"><div class=\"fusion-title title fusion-title-4 fusion-sep-none fusion-title-text fusion-title-size-one\" style=\"--awb-margin-top:20px;--awb-margin-top-small:10px;--awb-margin-right-small:0px;--awb-margin-bottom-small:10px;--awb-margin-left-small:0px;--awb-sep-color:var(--awb-custom_color_1);\" id=\"andalucia\"><h1 class=\"fusion-title-heading title-heading-left fusion-responsive-typography-calculated\" style=\"font-family:&quot;Raleway&quot;;font-style:normal;font-weight:400;margin:0;--fontSize:40;line-height:var(--awb-typography1-line-height);\"><mark class=\"fusion-highlight custom-textcolor highlight1 awb-highlight-background rounded\" style=\"--awb-color:#4cb700;--awb-text-color:#ffffff;\"><strong>Andaluc\u00eda<\/strong><\/mark><\/h1><\/div><div class=\"fusion-title title fusion-title-5 fusion-sep-none fusion-title-text fusion-title-size-two fusion-animated\" style=\"--awb-text-color:var(--awb-color7);--awb-margin-top-small:10px;--awb-margin-right-small:0px;--awb-margin-bottom-small:10px;--awb-margin-left-small:0px;--awb-sep-color:var(--awb-custom_color_1);--awb-font-size:24px;\" data-animationType=\"fadeIn\" data-animationDuration=\"0.3\" data-animationOffset=\"top-into-view\" id=\"a_institucional\"><h2 class=\"fusion-title-heading title-heading-left fusion-responsive-typography-calculated\" style=\"margin:0;font-size:1em;--fontSize:24;line-height:var(--awb-typography1-line-height);\"><mark class=\"fusion-highlight light highlight1 awb-highlight-background rounded\" style=\"--awb-color:#d1d1d1;\"><strong> Institucional<\/strong>\u00a0<\/mark><\/h2><\/div><div class=\"fusion-text fusion-text-3\" style=\"--awb-line-height:1.5em;\"><ul>\n<li><a class=\"title\" href=\"https:\/\/www.ideal.es\/granada\/junta-propicia-debate-sobre-aplicacion-perspectiva-genero-20250604112723-nt.html\" target=\"_blank\" rel=\"noopener\" data-artpy=\"0\" data-author=\"IDEAL\">La Junta propicia el debate sobre la aplicaci\u00f3n de la perspectiva de g\u00e9nero en la prevenci\u00f3n de riesgos laborales\u00a0<\/a>@Elideal<\/li>\n<li><a class=\"title\" href=\"https:\/\/www.canarias7.es\/nacional\/andalucia-destaca-ceapi-puente-espana-iberoamerica-20250604180508-vi.html\" target=\"_blank\" rel=\"noopener\" data-artpy=\"0\" data-author=\"Canarias7\">Andaluc\u00eda destaca en Ceapi ser puente entre Espa\u00f1a, UE e Iberoam\u00e9rica<\/a> @canarias7<\/li>\n<\/ul>\n<\/div><div class=\"fusion-title title fusion-title-6 fusion-sep-none fusion-title-text fusion-title-size-two fusion-animated\" style=\"--awb-text-color:var(--awb-color7);--awb-margin-top-small:10px;--awb-margin-right-small:0px;--awb-margin-bottom-small:10px;--awb-margin-left-small:0px;--awb-sep-color:var(--awb-custom_color_1);--awb-font-size:24px;\" data-animationType=\"fadeIn\" data-animationDuration=\"0.3\" data-animationOffset=\"top-into-view\" id=\"a_economia_empresa\"><h2 class=\"fusion-title-heading title-heading-left fusion-responsive-typography-calculated\" style=\"margin:0;font-size:1em;--fontSize:24;line-height:var(--awb-typography1-line-height);\"><mark class=\"fusion-highlight light highlight1 awb-highlight-background rounded\" style=\"--awb-color:#d1d1d1;\"><strong>Econom\u00eda y Empresa<\/strong><\/mark><\/h2><\/div><div class=\"fusion-text fusion-text-4\" style=\"--awb-line-height:1.5em;\"><ul>\n<li><a class=\"title\" href=\"https:\/\/www.eldiario.es\/andalucia\/desdeelsur\/papel-mujer-medio-rural-andaluz_132_12346232.html\" target=\"_blank\" rel=\"noopener\" data-artpy=\"0\" data-author=\"elDiario.es\">El papel de la mujer en el medio rural andaluz<\/a> @eldiario<\/li>\n<li><a class=\"title\" href=\"https:\/\/www.prensa-latina.cu\/2025\/06\/03\/mujeres-protagonistas-en-cita-empresarial-iberoamericana-en-sevilla\/\" target=\"_blank\" rel=\"noopener\" data-artpy=\"0\" data-author=\"Prensa Latina\">Mujeres protagonistas en cita empresarial iberoamericana en Sevilla<\/a> @prensalatina<\/li>\n<li><a class=\"title\" href=\"https:\/\/www.msn.com\/es-es\/noticias\/espana\/una-jornada-con-mujeres-empresarias-analiza-en-la-capital-las-ventajas-del-sistema-arbitral-de-consumo\/ar-AA1G1eKG?ocid=BingNewsVerp\" target=\"_blank\" rel=\"noopener\" data-artpy=\"0\" data-author=\"Europa Press on MSN\">Una jornada con mujeres empresarias analiza en Ja\u00e9n las ventajas del sistema arbitral de consumo<\/a> @europapress<\/li>\n<li><a class=\"title\" href=\"https:\/\/www.abc.es\/espana\/andalucia\/cordoba\/expo-marcamujer-diputacion-cordoba-fechas-actos-talleres-20250604135649-nts.html\" target=\"_blank\" rel=\"noopener\" data-artpy=\"0\" data-author=\"ABC\">La mayor feria empresarial de mujeres de Andaluc\u00eda llega a C\u00f3rdoba: fechas, sede y actividades<\/a> @abc<\/li>\n<li><a class=\"title\" href=\"https:\/\/www.elcorreoweb.es\/sociedad\/2025\/05\/28\/andalucia-lanza-portal-acceder-formacion-117908112.html\" target=\"_blank\" rel=\"noopener\" data-artpy=\"0\" data-author=\"El Correo de Andaluc\u00eda\">Andaluc\u00eda lanza un portal para acceder a las Formaci\u00f3n Profesional para el Empleo: para qu\u00e9 sirve y c\u00f3mo utilizarlo<\/a> @elcorreodeandalucia<\/li>\n<li><a class=\"title\" href=\"https:\/\/www.diariodesevilla.es\/economia\/fundacion-endesa-konecta-foundation-presentan_0_2004084343.html\" target=\"_blank\" rel=\"noopener\" data-artpy=\"0\" data-author=\"Diario de Sevilla\">Fundaci\u00f3n Endesa y Konecta Foundation presentan su programa \u201cHub Empleo Verde\u201d en Andaluc\u00eda<\/a> @diariodesevilla<\/li>\n<\/ul>\n<\/div><div class=\"fusion-title title fusion-title-7 fusion-sep-none fusion-title-text fusion-title-size-two fusion-animated\" style=\"--awb-text-color:var(--awb-color7);--awb-margin-top-small:10px;--awb-margin-right-small:0px;--awb-margin-bottom-small:10px;--awb-margin-left-small:0px;--awb-sep-color:var(--awb-custom_color_1);--awb-font-size:24px;\" data-animationType=\"fadeIn\" data-animationDuration=\"0.3\" data-animationOffset=\"top-into-view\" id=\"a_actualidad\"><h2 class=\"fusion-title-heading title-heading-left fusion-responsive-typography-calculated\" style=\"margin:0;font-size:1em;--fontSize:24;line-height:var(--awb-typography1-line-height);\"><mark class=\"fusion-highlight light highlight1 awb-highlight-background rounded\" style=\"--awb-color:#d1d1d1;\"><strong>Actualidad<\/strong><\/mark><\/h2><\/div><div class=\"fusion-text fusion-text-5\" style=\"--awb-line-height:1.5em;\"><ul>\n<li><a class=\"title\" href=\"https:\/\/www.msn.com\/es-es\/salud\/vida-saludable\/andaluc%C3%ADa-bajar%C3%A1-la-edad-del-cribado-del-c%C3%A1ncer-de-mama-a-mujeres-de-entre-40-y-45-a%C3%B1os\/ar-AA1FPdvr?ocid=BingNewsVerp\" target=\"_blank\" rel=\"noopener\" data-artpy=\"0\" data-author=\"La Raz\u00f3n on MSN\">Andaluc\u00eda bajar\u00e1 la edad del cribado del c\u00e1ncer de mama a mujeres de entre 40 y 45 a\u00f1os<\/a> @larazon<\/li>\n<li><a class=\"title\" href=\"https:\/\/www.europapress.es\/andalucia\/noticia-csif-denuncia-falta-matronas-sas-reclama-mas-recursos-ofrecer-atencion-calidad-mujeres-20250528135800.html\" target=\"_blank\" rel=\"noopener\" data-artpy=\"0\" data-author=\"Europa Press\">CSIF-A denuncia la falta de matronas en el SAS y reclama m\u00e1s recursos para ofrecer \u00abuna atenci\u00f3n de calidad\u00bb a mujeres<\/a> @europapress<\/li>\n<li><a class=\"title\" href=\"https:\/\/www.msn.com\/es-es\/noticias\/videos\/m%C3%A1s-de-150-mujeres-an%C3%B3nimas-claveles-mantones-y-un-entorno-%C3%BAnico-el-homenaje-de-sevilla-a-la-%C3%B3pera-carmen\/ar-AA1G1SAs?ocid=BingNewsVerp\" target=\"_blank\" rel=\"noopener\" data-artpy=\"0\" data-author=\"El Espa\u00f1ol on MSN\">M\u00e1s de 150 mujeres an\u00f3nimas, claveles, mantones y un entorno \u00fanico: el homenaje de Sevilla a la \u00f3pera Carmen<\/a> @elespa\u00f1ol<\/li>\n<li><a class=\"title\" href=\"https:\/\/www.diariodesevilla.es\/andalucia\/andaluces-podran-registrar-testamento-vital_0_2004072769.html\" target=\"_blank\" rel=\"noopener\" data-artpy=\"0\" data-author=\"Diario de Sevilla\">Los andaluces podr\u00e1n registrar en el testamento vital su petici\u00f3n de eutanasia<\/a> @abc<\/li>\n<li><a class=\"title\" href=\"https:\/\/masjerez.com\/noticias\/jerez-acogera-el-i-encuentro-andaluz-de-ciudades-por-el-comercio-justo-el-proximo-19-de-junio\" target=\"_blank\" rel=\"noopener\" data-artpy=\"0\" data-author=\"Masjerez\">Jerez acoger\u00e1 el I Encuentro Andaluz de Ciudades por el Comercio Justo el pr\u00f3ximo 19 de junio<\/a> @masjerez<\/li>\n<\/ul>\n<\/div><div class=\"fusion-title title fusion-title-8 fusion-sep-none fusion-title-text fusion-title-size-two fusion-animated\" style=\"--awb-text-color:var(--awb-color7);--awb-margin-top-small:10px;--awb-margin-right-small:0px;--awb-margin-bottom-small:10px;--awb-margin-left-small:0px;--awb-sep-color:var(--awb-custom_color_1);--awb-font-size:24px;\" data-animationType=\"fadeIn\" data-animationDuration=\"0.3\" data-animationOffset=\"top-into-view\" id=\"a_violencias\"><h2 class=\"fusion-title-heading title-heading-left fusion-responsive-typography-calculated\" style=\"margin:0;font-size:1em;--fontSize:24;line-height:var(--awb-typography1-line-height);\"><mark class=\"fusion-highlight light highlight1 awb-highlight-background rounded\" style=\"--awb-color:#d1d1d1;\"><strong>Violencias<\/strong><\/mark><\/h2><\/div><div class=\"fusion-text fusion-text-6\" style=\"--awb-line-height:1.5em;\"><ul>\n<li><a class=\"title\" href=\"https:\/\/www.msn.com\/es-es\/crimen\/general\/juezas-y-fiscales-brasile%C3%B1as-visitan-andaluc%C3%ADa-como-referente-en-atenci%C3%B3n-a-v%C3%ADctimas-de-violencia-de-g%C3%A9nero\/ar-AA1FRUcY?ocid=BingNewsVerp\" target=\"_blank\" rel=\"noopener\" data-artpy=\"0\" data-author=\"Europa Press on MSN\">Juezas y fiscales brasile\u00f1as visitan Andaluc\u00eda como referente en atenci\u00f3n a v\u00edctimas de violencia de g\u00e9nero<\/a> @europapress<\/li>\n<li><a class=\"title\" href=\"https:\/\/www.msn.com\/es-es\/noticias\/espana\/del-r%C3%ADo-pide-un-incremento-de-100-jueces-en-andaluc%C3%ADa-y-avisa-que-en-violencia-machista-se-nos-puede-ir-de-las-manos\/ar-AA1G0jCF?ocid=BingNewsVerp\" target=\"_blank\" rel=\"noopener\" data-artpy=\"0\" data-author=\"Europa Press on MSN\">Del R\u00edo pide un incremento de 100 jueces en Andaluc\u00eda y avisa que en violencia machista \u00abse nos puede ir de las manos\u00bb<\/a> @europapress<\/li>\n<li><a class=\"title\" href=\"https:\/\/www.msn.com\/es-es\/noticias\/espana\/junta-y-fiscal%C3%ADa-firman-un-protocolo-para-reforzar-la-formaci%C3%B3n-de-fiscales-andaluces-en-violencia-de-g%C3%A9nero\/ar-AA1G0dro?ocid=BingNewsVerp\" target=\"_blank\" rel=\"noopener\" data-artpy=\"0\" data-author=\"Europa Press on MSN\">Andaluc\u00eda y Fiscal\u00eda firman un protocolo para reforzar la formaci\u00f3n de fiscales en violencia de g\u00e9nero<\/a> @europapress<\/li>\n<li><a class=\"title\" href=\"https:\/\/www.msn.com\/es-es\/noticias\/espana\/jueces-de-toda-andaluc%C3%ADa-analizan-en-sevilla-las-nuevas-formas-de-violencia-contra-la-mujer\/ar-AA1G9VV3?ocid=BingNewsVerp\" target=\"_blank\" rel=\"noopener\" data-artpy=\"0\" data-author=\"Europa Press on MSN\">Jueces de toda Andaluc\u00eda analizan en Sevilla las nuevas formas de violencia contra la mujer<\/a> @europapress<\/li>\n<\/ul>\n<\/div><div class=\"fusion-title title fusion-title-9 fusion-sep-none fusion-title-text fusion-title-size-two fusion-animated\" style=\"--awb-text-color:var(--awb-color7);--awb-margin-top-small:10px;--awb-margin-right-small:0px;--awb-margin-bottom-small:10px;--awb-margin-left-small:0px;--awb-sep-color:var(--awb-custom_color_1);--awb-font-size:24px;\" data-animationType=\"fadeIn\" data-animationDuration=\"0.3\" data-animationOffset=\"top-into-view\" id=\"a_violencias\"><h2 class=\"fusion-title-heading title-heading-left fusion-responsive-typography-calculated\" style=\"margin:0;font-size:1em;--fontSize:24;line-height:var(--awb-typography1-line-height);\"><mark class=\"fusion-highlight light highlight1 awb-highlight-background rounded\" style=\"--awb-color:#d1d1d1;\"><strong> Ciencia y Cultura<\/strong> <\/mark><\/h2><\/div><div class=\"fusion-text fusion-text-7\" style=\"--awb-line-height:1.5em;\"><ul>\n<li><a class=\"title\" href=\"https:\/\/www.msn.com\/es-es\/noticias\/espana\/desgranan-las-claves-del-enfoque-de-g%C3%A9nero-en-la-investigaci%C3%B3n-en-salud-en-un-estudio-cient%C3%ADfico\/ar-AA1G9x2F?ocid=BingNewsVerp\" target=\"_blank\" rel=\"noopener\" data-artpy=\"0\" data-author=\"Europa Press on MSN\">Desgranan las claves del enfoque de g\u00e9nero en la investigaci\u00f3n en salud en un estudio cient\u00edfico<\/a> @europapress<\/li>\n<li><a class=\"title\" href=\"https:\/\/www.eldiario.es\/sevilla\/universidad-pablo-olavide-convoca-sevilla-vii-premios-roma-reconocer-talento-femenino_1_12339779.html\" target=\"_blank\" rel=\"noopener\" data-artpy=\"0\" data-author=\"elDiario.es\">La Universidad Pablo de Olavide convoca en Sevilla los VII Premios ROMA para reconocer el talento de las mujeres<\/a> @eldiario<\/li>\n<li><a class=\"title\" href=\"https:\/\/www.canalsur.es\/television\/programas\/hoy-en-dia\/noticia\/2171005.html\" target=\"_blank\" rel=\"noopener\" data-artpy=\"0\" data-author=\"Canal Sur\">Miriam Guti\u00e9rrez, una fil\u00f3loga que defiende el andaluz en las redes<\/a> @canalsur<\/li>\n<li><a class=\"title\" href=\"https:\/\/www.sport.es\/es\/noticias\/cultura\/mala-rodriguez-derechos-mujeres-espana-puta-madre-feminismo-entrevista-117859192\" target=\"_blank\" rel=\"noopener\" data-artpy=\"0\" data-author=\"Sport\">Mala Rodr\u00edguez: \u00abLos derechos de las mujeres en Espa\u00f1a est\u00e1n de puta madre, han ganado gracias al feminismo\u00bb<\/a>@sport<\/li>\n<li><a class=\"title\" href=\"https:\/\/www.diariodesevilla.es\/ocio\/mito-paisaje-andaluz-propuesta-regina_0_2004036037.html\" target=\"_blank\" rel=\"noopener\" data-artpy=\"0\" data-author=\"Diario de Sevilla\">Mito y verdad en el paisaje andaluz: la propuesta de Regina de Miguel para el CAAC<\/a> @diariodesevilla<\/li>\n<li><a class=\"title\" href=\"https:\/\/www.eldiario.es\/cultura\/may-r-ayamonte-hay-prejuicios-novela-negra-escrita-mujeres_1_12347405.html\" target=\"_blank\" rel=\"noopener\" data-artpy=\"0\" data-author=\"elDiario.es\">May R. Ayamonte: hay muchos prejuicios sobre la novela negra escrita por mujeres<\/a> @eldiario<\/li>\n<li><a class=\"title\" href=\"https:\/\/www.msn.com\/es-es\/noticias\/espana\/la-caja-blanca-acoge-la-exposici%C3%B3n-el-mar-es-un-desierto-con-obras-de-la-pintora-andrea-reina\/ar-AA1G4r0H?ocid=BingNewsVerp\" target=\"_blank\" rel=\"noopener\" data-artpy=\"0\" data-author=\"Europa Press on MSN\">La Caja Blanca de M\u00e1laga acoge la exposici\u00f3n &#8216;El mar es un desierto&#8217; con obras de la pintora Andrea Reina<\/a> @europapress<\/li>\n<li><a class=\"title\" href=\"https:\/\/www.elespanol.com\/el-cultural\/historia\/20250603\/mujeres-sufrieron-franquismo-pequenas-historias-hacen-historia\/1003743784015_0.html\" target=\"_blank\" rel=\"noopener\" data-artpy=\"0\" data-author=\"El Espa\u00f1ol\">Mujeres que sufrieron el franquismo: las peque\u00f1as historias que hacen la Historia<\/a> @elespa\u00f1ol<\/li>\n<li><a class=\"title\" href=\"https:\/\/www.huelvainformacion.es\/huelva\/escritora-onubense-may-r-ayamonte-rompe-moldes-mujer-escribo-novela-negra-soy-joven_0_2004054205.html\" target=\"_blank\" rel=\"noopener\" data-artpy=\"0\" data-author=\"Huelva Informaci\u00f3n\">La escritora onubense May R. Ayamonte rompe moldes: \u00abSoy mujer, escribo novela negra y soy joven\u00bb<\/a> @huelvainformacion<\/li>\n<\/ul>\n<\/div><div class=\"fusion-title title fusion-title-10 fusion-sep-none fusion-title-text fusion-title-size-two fusion-animated\" style=\"--awb-text-color:var(--awb-color7);--awb-margin-top-small:10px;--awb-margin-right-small:0px;--awb-margin-bottom-small:10px;--awb-margin-left-small:0px;--awb-sep-color:var(--awb-custom_color_1);--awb-font-size:24px;\" data-animationType=\"fadeIn\" data-animationDuration=\"0.3\" data-animationOffset=\"top-into-view\" id=\"a_deporte\"><h2 class=\"fusion-title-heading title-heading-left fusion-responsive-typography-calculated\" style=\"margin:0;font-size:1em;--fontSize:24;line-height:var(--awb-typography1-line-height);\"><mark class=\"fusion-highlight light highlight1 awb-highlight-background rounded\" style=\"--awb-color:#d1d1d1;\"><strong> Deporte<\/strong> <\/mark><\/h2><\/div><div class=\"fusion-text fusion-text-8\" style=\"--awb-line-height:1.5em;\"><ul>\n<li><a class=\"title\" href=\"https:\/\/www.msn.com\/es-es\/deportes\/deportes\/la-junta-aumenta-un-60-el-presupuesto-del-plan-andaluc%C3%ADa-ol%C3%ADmpica-de-cara-a-los-%C3%A1ngeles-2028-hasta-los-530-000-euros\/ar-AA1FLPjA?ocid=BingNewsVerp\" target=\"_blank\" rel=\"noopener\" data-artpy=\"0\" data-author=\"Europa Press on MSN\">Andaluc\u00eda da la cara por sus ol\u00edmpicos<\/a> @europapress<\/li>\n<li><a class=\"title\" href=\"https:\/\/www.lavozdelsur.es\/ediciones\/jerez\/fatima-jerezana-rompe-barreras-con-basket-jugara-mundial-kazajistan_335437_102.html\" target=\"_blank\" rel=\"noopener\" data-artpy=\"0\" data-author=\"lavozdelsur.es\">F\u00e1tima, la jerezana que rompe barreras con el basket: jugar\u00e1 el Mundial de Kazajist\u00e1n<\/a> @lavozdelsur<\/li>\n<li><a class=\"title\" href=\"https:\/\/www.msn.com\/es-es\/deportes\/other\/julia-l%C3%B3pez-vive-su-primer-domingo-entre-las-grandes\/ar-AA1FToDw?ocid=BingNewsVerp\" target=\"_blank\" rel=\"noopener\" data-artpy=\"0\" data-author=\"MARCA on MSN\">Julia L\u00f3pez vive su primer domingo entre las grandes<\/a> @sport<\/li>\n<li><a class=\"title\" href=\"https:\/\/alhama.com\/digital\/deportes\/ciclismo\/16837-alba-membrilla-se-proclama-campeona-de-espana-de-xcm-maraton-en-la-categoria-m30-femenina\" target=\"_blank\" rel=\"noopener\" data-artpy=\"0\" data-author=\"alhama.com\">Alba Membrilla se proclama campeona de Espa\u00f1a de XCM marat\u00f3n en la Categor\u00eda M30 Femenina<\/a> @alhama<\/li>\n<\/ul>\n<\/div><\/div><\/div><\/div><\/div><div class=\"fusion-fullwidth fullwidth-box fusion-builder-row-5 fusion-flex-container has-pattern-background has-mask-background hundred-percent-fullwidth non-hundred-percent-height-scrolling\" style=\"--awb-border-radius-top-left:0px;--awb-border-radius-top-right:0px;--awb-border-radius-bottom-right:0px;--awb-border-radius-bottom-left:0px;--awb-padding-right-small:2%;--awb-padding-left-small:2%;--awb-flex-wrap:wrap;\" ><div class=\"fusion-builder-row fusion-row fusion-flex-align-items-flex-start fusion-flex-content-wrap\" style=\"width:104% !important;max-width:104% !important;margin-left: calc(-4% \/ 2 );margin-right: calc(-4% \/ 2 );\"><div class=\"fusion-layout-column fusion_builder_column fusion-builder-column-4 fusion_builder_column_1_1 1_1 fusion-flex-column\" style=\"--awb-padding-right:20px;--awb-padding-left:20px;--awb-padding-right-small:15px;--awb-padding-left-small:15px;--awb-overflow:hidden;--awb-bg-color:var(--awb-color1);--awb-bg-color-hover:var(--awb-color1);--awb-bg-size:cover;--awb-border-color:var(--awb-color3);--awb-border-top:2px;--awb-border-right:2px;--awb-border-bottom:2px;--awb-border-left:2px;--awb-border-style:solid;--awb-border-radius:15px 15px 15px 15px;--awb-width-large:100%;--awb-margin-top-large:0px;--awb-spacing-right-large:1.92%;--awb-margin-bottom-large:20px;--awb-spacing-left-large:1.92%;--awb-width-medium:100%;--awb-order-medium:0;--awb-spacing-right-medium:1.92%;--awb-spacing-left-medium:1.92%;--awb-width-small:100%;--awb-order-small:0;--awb-spacing-right-small:0px;--awb-spacing-left-small:0px;\" id=\"c_estado\" data-scroll-devices=\"small-visibility,medium-visibility,large-visibility\"><div class=\"fusion-column-wrapper fusion-column-has-shadow fusion-flex-justify-content-flex-start fusion-content-layout-column\"><div class=\"fusion-title title fusion-title-11 fusion-sep-none fusion-title-text fusion-title-size-one\" style=\"--awb-margin-top:20px;--awb-margin-top-small:10px;--awb-margin-right-small:0px;--awb-margin-bottom-small:10px;--awb-margin-left-small:0px;--awb-sep-color:var(--awb-custom_color_1);\" id=\"estado\"><h1 class=\"fusion-title-heading title-heading-left fusion-responsive-typography-calculated\" style=\"font-family:&quot;Raleway&quot;;font-style:normal;font-weight:400;margin:0;--fontSize:40;line-height:var(--awb-typography1-line-height);\"><mark class=\"fusion-highlight custom-textcolor highlight1 awb-highlight-background rounded\" style=\"--awb-text-color:#ffffff;\"><strong>Estado<\/strong><\/mark><\/h1><\/div><div class=\"fusion-title title fusion-title-12 fusion-sep-none fusion-title-text fusion-title-size-two fusion-animated\" style=\"--awb-text-color:var(--awb-color7);--awb-margin-top-small:10px;--awb-margin-right-small:0px;--awb-margin-bottom-small:10px;--awb-margin-left-small:0px;--awb-sep-color:var(--awb-custom_color_1);--awb-font-size:24px;\" data-animationType=\"fadeIn\" data-animationDuration=\"0.3\" data-animationOffset=\"top-into-view\" id=\"e_institucional\"><h2 class=\"fusion-title-heading title-heading-left fusion-responsive-typography-calculated\" style=\"margin:0;font-size:1em;--fontSize:24;line-height:var(--awb-typography1-line-height);\"><mark class=\"fusion-highlight light highlight1 awb-highlight-background rounded\" style=\"--awb-color:#d1d1d1;\"><strong> Institucional<\/strong>\u00a0<\/mark><\/h2><\/div><div class=\"fusion-text fusion-text-9\" style=\"--awb-line-height:1.5em;\"><ul>\n<li><a class=\"title\" href=\"https:\/\/www.europapress.es\/epsocial\/igualdad\/noticia-igualdad-propone-revision-jubilacion-anticipada-sectores-feminizados-acceso-pension-justa-20250530141849.html\" target=\"_blank\" rel=\"noopener\" data-artpy=\"0\" data-author=\"Europa Press\">Igualdad propone una revisi\u00f3n de la jubilaci\u00f3n anticipada en sectores feminizados para el acceso a una pensi\u00f3n \u00abjusta\u00bb<\/a> @europapress<\/li>\n<li><a class=\"title\" href=\"https:\/\/www.msn.com\/es-es\/noticias\/other\/la-diputada-mar%C3%ADa-guijarro-ser%C3%A1-la-n%C3%BAmero-dos-del-ministerio-de-igualdad\/ar-AA1FWPfy?ocid=BingNewsVerp\" target=\"_blank\" rel=\"noopener\" data-artpy=\"0\" data-author=\"elDiario.es on MSN\">La diputada Mar\u00eda Guijarro ser\u00e1 la &#8216;n\u00famero dos&#8217; del Ministerio de Igualdad<\/a> @eldiario<\/li>\n<li><a href=\"https:\/\/www.eldiario.es\/illes-balears\/politica\/aina-calvo-nueva-numero-interior-marcha-rafael-perez_1_12339244.html\">Aina Calvo, nueva &#8216;n\u00famero dos&#8217; de Interior tras la marcha de Rafael P\u00e9rez<\/a> @eldiario<\/li>\n<li><a class=\"title\" href=\"https:\/\/www.msn.com\/es-es\/dinero\/formacion-empleo\/saiz-busca-ampliar-la-jubilaci%C3%B3n-anticipada-a-profesiones-con-mayor%C3%ADa-de-mujeres\/ar-AA1FYb9P?ocid=BingNewsVerp\" target=\"_blank\" rel=\"noopener\" data-artpy=\"0\" data-author=\"elEconomista.es on MSN\">Saiz busca ampliar la jubilaci\u00f3n anticipada a profesiones con mayor\u00eda de mujeres<\/a> @eleconomista<\/li>\n<\/ul>\n<\/div><div class=\"fusion-title title fusion-title-13 fusion-sep-none fusion-title-text fusion-title-size-two fusion-animated\" style=\"--awb-text-color:var(--awb-color7);--awb-margin-top-small:10px;--awb-margin-right-small:0px;--awb-margin-bottom-small:10px;--awb-margin-left-small:0px;--awb-sep-color:var(--awb-custom_color_1);--awb-font-size:24px;\" data-animationType=\"fadeIn\" data-animationDuration=\"0.3\" data-animationOffset=\"top-into-view\" id=\"e_institucional_ccaa\"><h2 class=\"fusion-title-heading title-heading-left fusion-responsive-typography-calculated\" style=\"margin:0;font-size:1em;--fontSize:24;line-height:var(--awb-typography1-line-height);\"><mark class=\"fusion-highlight light highlight1 awb-highlight-background rounded\" style=\"--awb-color:#d1d1d1;\"><strong> Institucional &#8211; CCAA<\/strong>\u00a0<\/mark><\/h2><\/div><div class=\"fusion-text fusion-text-10\" style=\"--awb-line-height:1.5em;\"><ul>\n<li><a class=\"title\" href=\"https:\/\/www.elperiodico.com\/es\/economia\/20250529\/mitad-mujeres-dedican-tecnologia-abandonan-carrera-antes-35-117983894\" target=\"_blank\" rel=\"noopener\" data-artpy=\"0\" data-author=\"El Peri\u00f3dico\">La mitad de las mujeres que se dedican a la tecnolog\u00eda en Catalu\u00f1a abandonan la industria antes de los 35<\/a> @elperiodico<\/li>\n<li><a class=\"title\" href=\"https:\/\/www.noticiasdenavarra.com\/deportes\/2025\/06\/03\/navarra-region-mujeres-federadas-media-9715018.html\" target=\"_blank\" rel=\"noopener\" data-artpy=\"0\" data-author=\"Noticias de Navarra\">Navarra, la regi\u00f3n con m\u00e1s mujeres federadas de media; Extremadura, a la cola<\/a> @diariodenavarra<\/li>\n<li><a class=\"title\" href=\"https:\/\/www.levante-emv.com\/valencia\/2025\/06\/03\/cumbre-violencia-machista-valencia-jovenes-abuso-redes-118176879.html\" target=\"_blank\" rel=\"noopener\" data-artpy=\"0\" data-author=\"Levante-EMV\">Cumbre en Val\u00e8ncia contra la violencia de g\u00e9nero: \u00abLas redes sociales han normalizado el abuso\u00bb<\/a> @levante<\/li>\n<li><a class=\"title\" href=\"https:\/\/www.msn.com\/es-es\/dinero\/noticias\/catalu%C3%B1a-tiene-uno-de-los-mejores-sueldos-de-espa%C3%B1a-pero-la-brecha-salarial-entre-hombres-y-mujeres-es-de-5400-euros\/ar-AA1G9oZG?ocid=BingNewsVerp\" target=\"_blank\" rel=\"noopener\" data-artpy=\"0\" data-author=\"20minutos on MSN\">Catalu\u00f1a tiene uno de los mejores sueldos de Espa\u00f1a, pero la brecha salarial entre hombres y mujeres es de 5.400 euros<\/a> @20minutos<\/li>\n<\/ul>\n<\/div><div class=\"fusion-title title fusion-title-14 fusion-sep-none fusion-title-text fusion-title-size-two fusion-animated\" style=\"--awb-text-color:var(--awb-color7);--awb-margin-top-small:10px;--awb-margin-right-small:0px;--awb-margin-bottom-small:10px;--awb-margin-left-small:0px;--awb-sep-color:var(--awb-custom_color_1);--awb-font-size:24px;\" data-animationType=\"fadeIn\" data-animationDuration=\"0.3\" data-animationOffset=\"top-into-view\" id=\"e_economia_empresa\"><h2 class=\"fusion-title-heading title-heading-left fusion-responsive-typography-calculated\" style=\"margin:0;font-size:1em;--fontSize:24;line-height:var(--awb-typography1-line-height);\"><mark class=\"fusion-highlight light highlight1 awb-highlight-background rounded\" style=\"--awb-color:#d1d1d1;\"><strong>Econom\u00eda y Empresa<\/strong><\/mark><\/h2><\/div><div class=\"fusion-text fusion-text-11\" style=\"--awb-line-height:1.5em;\"><ul>\n<li><a class=\"title\" href=\"https:\/\/www.msn.com\/es-es\/dinero\/other\/el-sepe-ayuda-a-las-mujeres-con-hijos-podr%C3%A1n-sumar-hasta-5-a%C3%B1os-de-cotizaci%C3%B3n\/ar-AA1FUK37?ocid=BingNewsVerp\" target=\"_blank\" rel=\"noopener\" data-artpy=\"0\" data-author=\"El Independiente on MSN\">El SEPE ayuda a las mujeres con hijos: podr\u00e1n sumar hasta 5 a\u00f1os de cotizaci\u00f3n<\/a> @elindependiente<\/li>\n<li><a class=\"title\" href=\"https:\/\/www.finanzas.com\/inversion\/womenvalue\/jurado-premios-2025\/\" target=\"_blank\" rel=\"noopener\" data-artpy=\"0\" data-author=\"finanzas.com\">Siete grandes l\u00edderes financieras fallan los Premios Womenvalue 2025<\/a> @finanzas<\/li>\n<li><a class=\"title\" href=\"https:\/\/www.eldiario.es\/sociedad\/brecha-salarial-genero-sigue-reduciendose-espana-marco-minimo-2023-15-7_1_12336327.html\" target=\"_blank\" rel=\"noopener\" data-artpy=\"0\" data-author=\"elDiario.es\">La brecha salarial de g\u00e9nero sigue reduci\u00e9ndose en Espa\u00f1a y marc\u00f3 un m\u00ednimo en 2023 con el 15,7 %<\/a> @eldiario<\/li>\n<li><a class=\"title\" title=\"La brecha salarial y la escasa presencia femenina en la direcci\u00f3n, asignaturas pendientes en materias de igualdad de las empresas espa\u00f1olas\" href=\"https:\/\/www.diariosigloxxi.com\/texto-diario\/mostrar\/5316513\/brecha-salarial-escasa-presencia-femenina-direccion-asignaturas-pendientes-materias-igualdad-empresas-espanolas\" target=\"_blank\" rel=\"noopener\" data-artpy=\"0\" data-author=\"Diario Siglo XXI\">La brecha salarial y la escasa presencia femenina en la direcci\u00f3n, asignaturas pendientes en materias de igualdad de las empresas<\/a> @diariosigloxxi<\/li>\n<\/ul>\n<\/div><div class=\"fusion-title title fusion-title-15 fusion-sep-none fusion-title-text fusion-title-size-two fusion-animated\" style=\"--awb-text-color:var(--awb-color7);--awb-margin-top-small:10px;--awb-margin-right-small:0px;--awb-margin-bottom-small:10px;--awb-margin-left-small:0px;--awb-sep-color:var(--awb-custom_color_1);--awb-font-size:24px;\" data-animationType=\"fadeIn\" data-animationDuration=\"0.3\" data-animationOffset=\"top-into-view\" id=\"e_actualidad\"><h2 class=\"fusion-title-heading title-heading-left fusion-responsive-typography-calculated\" style=\"margin:0;font-size:1em;--fontSize:24;line-height:var(--awb-typography1-line-height);\"><mark class=\"fusion-highlight light highlight1 awb-highlight-background rounded\" style=\"--awb-color:#d1d1d1;\"><strong>Actualidad<\/strong><\/mark><\/h2><\/div><div class=\"fusion-text fusion-text-12\" style=\"--awb-line-height:1.5em;\"><ul>\n<li>\n<div class=\"source biglogo set_top\">\n<div class=\"caption_img nositelink\"><\/div>\n<div><a class=\"title\" href=\"https:\/\/www.msn.com\/es-es\/noticias\/espana\/ccoo-y-ugt-piden-adaptar-a-la-doctrina-europea-el-complemento-en-pensiones-para-reducir-la-brecha-de-g%C3%A9nero\/ar-AA1G3V0t?ocid=BingNewsVerp\" target=\"_blank\" rel=\"noopener\" data-artpy=\"0\" data-author=\"Europa Press on MSN\">CCOO y UGT piden adaptar a la doctrina europea el complemento en pensiones para reducir la brecha de g\u00e9nero<\/a>@europapress<\/div>\n<\/div>\n<\/li>\n<li><a class=\"title\" href=\"https:\/\/www.eleconomista.es\/actualidad\/noticias\/13387121\/05\/25\/el-dia-mundial-de-la-salud-de-la-mujer-recuerda-que-la-salud-femenina-merece-mayor-atencion-recursos-y-visibilidad.html\" target=\"_blank\" rel=\"noopener\" data-artpy=\"0\" data-author=\"elEconomista.es\">El D\u00eda Mundial de la Salud de la Mujer recuerda que la salud femenina merece mayor atenci\u00f3n, recursos y visibilidad<\/a> @eleconomista<\/li>\n<li><a class=\"title\" href=\"https:\/\/www.rrhhpress.com\/mujer-y-trabajo\/61663-menopausia-impacto-laboral-falta-apoyo-empresas-espana\" target=\"_blank\" rel=\"noopener\" data-artpy=\"0\" data-author=\"RRHH Press\">Un estudio revela el impacto de la menopausia en el entorno laboral y la falta de apoyo en las empresas<\/a> @RRHH<\/li>\n<li><a class=\"title\" href=\"https:\/\/www.rtve.es\/noticias\/20250531\/100-anos-del-acceso-mujeres-ejercicio-abogacia-espana\/16596970.shtml\" target=\"_blank\" rel=\"noopener\" data-artpy=\"0\" data-author=\"RTVE\">100 a\u00f1os del acceso de las mujeres al ejercicio de la abogac\u00eda en Espa\u00f1a<\/a> @rtve<\/li>\n<li><a class=\"title\" href=\"https:\/\/www.msn.com\/es-es\/estilo\/familia\/mar%C3%ADa-esclapez-psic%C3%B3loga-no-es-solo-llevar-al-ni%C3%B1o-al-pediatra-es-pedir-la-cita-y-saber-cu%C3%A1ndo-le-toca-la-pr%C3%B3xima-revisi%C3%B3n\/ar-AA1FNzoI?ocid=BingNewsVerp\" target=\"_blank\" rel=\"noopener\" data-artpy=\"0\" data-author=\"20minutos on MSN\">Mar\u00eda Esclapez, psic\u00f3loga: \u00abNo es solo llevar al ni\u00f1o al pediatra, es pedir la cita y saber cu\u00e1ndo le toca la pr\u00f3xima revisi\u00f3n\u00bb<\/a> @20minutos<\/li>\n<li><a class=\"title\" href=\"https:\/\/www.telecinco.es\/noticias\/estilo-de-vida\/20250604\/lucia-yturriaga-emprendedora-plataforma-menopausia-woomanhood-upp3rs_18_015742640.html\" target=\"_blank\" rel=\"noopener\" data-artpy=\"0\" data-author=\"Telecinco\">Luc\u00eda Yturriaga, de pasar una enfermedad a crear una comunidad para ayudar a las mujeres con menopausia<\/a> @telecinco<\/li>\n<li><a class=\"title\" href=\"https:\/\/www.msn.com\/es-es\/sociedad-cultura-e-historia\/problemas-sociales\/un-estudio-resalta-el-peso-del-estigma-sobre-las-mujeres-que-consumen-drogas-en-situaciones-de-exclusi%C3%B3n-residencial\/ar-AA1G4761?ocid=BingNewsVerp\" target=\"_blank\" rel=\"noopener\" data-artpy=\"0\" data-author=\"Europa Press on MSN\">Un estudio resalta el peso del estigma sobre las mujeres que consumen drogas en situaciones de exclusi\u00f3n residencial<\/a> @europapress<\/li>\n<\/ul>\n<\/div><div class=\"fusion-title title fusion-title-16 fusion-sep-none fusion-title-text fusion-title-size-two fusion-animated\" style=\"--awb-text-color:var(--awb-color7);--awb-margin-top-small:10px;--awb-margin-right-small:0px;--awb-margin-bottom-small:10px;--awb-margin-left-small:0px;--awb-sep-color:var(--awb-custom_color_1);--awb-font-size:24px;\" data-animationType=\"fadeIn\" data-animationDuration=\"0.3\" data-animationOffset=\"top-into-view\" id=\"e_violencias\"><h2 class=\"fusion-title-heading title-heading-left fusion-responsive-typography-calculated\" style=\"margin:0;font-size:1em;--fontSize:24;line-height:var(--awb-typography1-line-height);\"><mark class=\"fusion-highlight light highlight1 awb-highlight-background rounded\" style=\"--awb-color:#d1d1d1;\"><strong>Violencias<\/strong><\/mark><\/h2><\/div><div class=\"fusion-text fusion-text-13\" style=\"--awb-line-height:1.5em;\"><ul>\n<li><a class=\"title\" href=\"https:\/\/www.abc.es\/espana\/aina-calvo-alcanzar-igualdad-libertad-mujeres-necesitamos-20250605163015-vi.html\" target=\"_blank\" rel=\"noopener\" data-artpy=\"0\" data-author=\"ABC\">Aina Calvo: Para alcanzar la igualdad y la libertad de las mujeres necesitamos una vida sin violencia<\/a> @abc<\/li>\n<li><a class=\"title\" href=\"https:\/\/www.msn.com\/es-es\/noticias\/espana\/la-violencia-de-g%C3%A9nero-las-adicciones-o-el-maltrato-los-motivos-que-empujan-a-los-menores-espa%C3%B1oles-a-fugarse-de-sus-casas\/ar-AA1FcrxC?ocid=BingNewsVerp\" target=\"_blank\" rel=\"noopener\" data-artpy=\"0\" data-author=\"El Peri\u00f3dico on MSN\">La violencia de g\u00e9nero, las adicciones o el maltrato, los motivos que empujan a los menores espa\u00f1oles a fugarse de sus casas<\/a> @elperiodico<\/li>\n<li><a class=\"title\" href=\"https:\/\/www.msn.com\/es-es\/noticias\/virales\/las-consecuencias-de-la-violencia-digital-de-g%C3%A9nero\/ar-AA1FbrxL?ocid=BingNewsVerp\" target=\"_blank\" rel=\"noopener\" data-artpy=\"0\" data-author=\"20 minutos on MSN\">Las consecuencias de la violencia digital de g\u00e9nero<\/a> @20minutos<\/li>\n<li><a class=\"title\" href=\"https:\/\/www.abc.es\/espana\/liberadas-mujeres-red-explotacion-sexual-operaba-diferentes-20250604135526-nt.html\" target=\"_blank\" rel=\"noopener\" data-artpy=\"0\" data-author=\"ABC\">Liberadas 34 mujeres de una red de explotaci\u00f3n sexual que operaba en diferentes puntos de Espa\u00f1a<\/a> @abc<\/li>\n<\/ul>\n<\/div><div class=\"fusion-title title fusion-title-17 fusion-sep-none fusion-title-text fusion-title-size-two fusion-animated\" style=\"--awb-text-color:var(--awb-color7);--awb-margin-top-small:10px;--awb-margin-right-small:0px;--awb-margin-bottom-small:10px;--awb-margin-left-small:0px;--awb-sep-color:var(--awb-custom_color_1);--awb-font-size:24px;\" data-animationType=\"fadeIn\" data-animationDuration=\"0.3\" data-animationOffset=\"top-into-view\" id=\"e_violencias\"><h2 class=\"fusion-title-heading title-heading-left fusion-responsive-typography-calculated\" style=\"margin:0;font-size:1em;--fontSize:24;line-height:var(--awb-typography1-line-height);\"><mark class=\"fusion-highlight light highlight1 awb-highlight-background rounded\" style=\"--awb-color:#d1d1d1;\"><strong> Ciencia y Cultura<\/strong> <\/mark><\/h2><\/div><div class=\"fusion-text fusion-text-14\" style=\"--awb-line-height:1.5em;\"><ul>\n<li><a class=\"title\" href=\"https:\/\/www.msn.com\/es-es\/ciencia\/aeron%C3%A1utica\/sara-garc%C3%ADa-alonso-astronauta-los-referentes-no-tienen-g%C3%A9nero\/ar-AA1FRHu3?ocid=BingNewsVerp\" target=\"_blank\" rel=\"noopener\" data-artpy=\"0\" data-author=\"ELLE Espa\u00f1a on MSN\">Sara Garc\u00eda Alonso, astronauta: \u00abLos referentes no tienen g\u00e9nero\u00bb<\/a> @elle<\/li>\n<li><a class=\"title\" href=\"https:\/\/www.europapress.es\/epsocial\/igualdad\/noticia-instituto-mujeres-destina-200000-euros-proyectos-creacion-artistica-cultural-enfoque-feminista-20250530151949.html\" target=\"_blank\" rel=\"noopener\" data-artpy=\"0\" data-author=\"Europa Press\">El Instituto de las Mujeres destina 200.000 euros para proyectos de creaci\u00f3n art\u00edstica y cultural con enfoque feminista<\/a> @europapress<\/li>\n<li><a class=\"b_dftt\" href=\"https:\/\/www.bing.com\/ck\/a?!&amp;&amp;p=faca56e513680608fc5ce2579e45992ba9e0ed7c0fbcf1cac2887d726e7cdc95JmltdHM9MTc0OTA4MTYwMA&amp;ptn=3&amp;ver=2&amp;hsh=4&amp;fclid=18e6066e-baca-67a8-3812-140dbb626690&amp;psq=premios+de+la+academia+de+la+musica&amp;u=a1aHR0cHM6Ly93d3cucnR2ZS5lcy9ub3RpY2lhcy8yMDI1MDYwNC9wcmVtaW9zLWFjYWRlbWlhLW11c2ljYS0yMDI1LWRpcmVjdG8tY3JvbmljYS1nYW5hZG9yZXMvMTY2MTA0Njkuc2h0bWw&amp;ntb=1\" target=\"_blank\" rel=\"noopener\">Rozal\u00e9n gana en los Premios de la Academia de la M\u00fasica 2025<\/a>@rtve<\/li>\n<li><a class=\"title\" href=\"https:\/\/www.elperiodico.com\/es\/ocio-y-cultura\/20250531\/mujeres-literatura-o-soltera-118046327\" target=\"_blank\" rel=\"noopener\" data-artpy=\"0\" data-author=\"El Peri\u00f3dico\">Mujeres en la literatura: \u00bfser o no ser (soltera)?<\/a> @elperiodico<\/li>\n<li><a class=\"title\" href=\"https:\/\/www.rtve.es\/play\/videos\/telediario-2\/auge-voces-femeninas-latinas-feria-libro-madrid-2025\/16604583\/\" target=\"_blank\" rel=\"noopener\" data-artpy=\"0\" data-author=\"RTVE\">Por primera vez, la Feria del Libro de Madrid cuenta con un pabell\u00f3n iberoamericano, donde las voces femeninas son las grandes protagonistas<\/a> @rtve<\/li>\n<li><a class=\"title\" href=\"https:\/\/www.msn.com\/es-es\/noticias\/internacional\/las-primeras-ferroviarias-lucha-social-sindicalismo-y-nuevas-alianzas-para-las-mujeres-durante-la-segunda-guerra-mundial\/ar-AA1FKOGq?ocid=BingNewsVerp\" target=\"_blank\" rel=\"noopener\" data-artpy=\"0\" data-author=\"elDiario.es on MSN\">Las primeras ferroviarias: lucha social, sindicalismo y nuevas alianzas para las mujeres durante la Segunda Guerra Mundial<\/a> @eldiario<\/li>\n<li><a class=\"title\" href=\"https:\/\/www.artezblai.com\/una-instalacion-audiovisual-en-almagro-para-escuchar-a-las-mujeres-del-siglo-de-oro\/\" target=\"_blank\" rel=\"noopener\" data-artpy=\"0\" data-author=\"Artezblai\">Una instalaci\u00f3n audiovisual en Almagro para escuchar a las mujeres del Siglo de Oro<\/a> @arteblaiz<\/li>\n<\/ul>\n<\/div><div class=\"fusion-title title fusion-title-18 fusion-sep-none fusion-title-text fusion-title-size-two fusion-animated\" style=\"--awb-text-color:var(--awb-color7);--awb-margin-top-small:10px;--awb-margin-right-small:0px;--awb-margin-bottom-small:10px;--awb-margin-left-small:0px;--awb-sep-color:var(--awb-custom_color_1);--awb-font-size:24px;\" data-animationType=\"fadeIn\" data-animationDuration=\"0.3\" data-animationOffset=\"top-into-view\" id=\"e_deporte\"><h2 class=\"fusion-title-heading title-heading-left fusion-responsive-typography-calculated\" style=\"margin:0;font-size:1em;--fontSize:24;line-height:var(--awb-typography1-line-height);\"><mark class=\"fusion-highlight light highlight1 awb-highlight-background rounded\" style=\"--awb-color:#d1d1d1;\"><strong> Deporte<\/strong> <\/mark><\/h2><\/div><div class=\"fusion-text fusion-text-15\" style=\"--awb-line-height:1.5em;\"><ul>\n<li><a class=\"title\" href=\"https:\/\/www.msn.com\/es-es\/dinero\/other\/liderazgo-y-talento-femenino-en-el-gilmar-women-leaders-golf-tour-2025\/ar-AA1F2LMH?ocid=BingNewsVerp\" target=\"_blank\" rel=\"noopener\" data-artpy=\"0\" data-author=\"20 minutos on MSN\">Liderazgo y talento femenino en el Gilmar Women Leaders Golf Tour 2025<\/a> @20minutos<\/li>\n<li><a class=\"title\" href=\"https:\/\/www.msn.com\/es-es\/deportes\/futbol\/el-deporte-femenino-ilumina-barcelona-en-la-gala-woman-sport-2025\/ar-AA1FXnGt?ocid=BingNewsVerp\" target=\"_blank\" rel=\"noopener\" data-artpy=\"0\" data-author=\"Sport on MSN\">El deporte femenino ilumina Barcelona en la Gala Woman Sport 2025<\/a> @sport<\/li>\n<li><a class=\"title\" href=\"https:\/\/as.com\/ciclismo\/vuelta_espana\/la-vuelta-femenina-by-carrefoures-reduce-casi-800-kilos-de-plastico-n\/\" target=\"_blank\" rel=\"noopener\" data-artpy=\"0\" data-author=\"Diario AS\">La Vuelta Femenina by Carrefour.es reduce casi 800 kilos de pl\u00e1stico<\/a> @as<\/li>\n<li><a class=\"title\" href=\"https:\/\/www.msn.com\/es-es\/deportes\/futbol\/6-atletas-entre-las-100-mujeres-deportistas-m%C3%A1s-influyentes-de-espa%C3%B1a-este-2025\/ar-AA1FIGWG?ocid=BingNewsVerp\" target=\"_blank\" rel=\"noopener\" data-artpy=\"0\" data-author=\"MundoDeportivo.com on MSN\">Ana Peleteiro y Verdeliss: entre las 100 mujeres deportistas m\u00e1s influyentes de Espa\u00f1a este 2025<\/a> @mundodeportivo<\/li>\n<li><a class=\"title\" href=\"https:\/\/www.abc.es\/espana\/castilla-la-mancha\/premios-iberdrola-supera-suenos-deportistas-realidad-20250602123610-nt.html\" target=\"_blank\" rel=\"noopener\" data-artpy=\"0\" data-author=\"ABC\">Premios Iberdrola Supera, donde los sue\u00f1os de las deportistas se hacen realidad<\/a> @abc<\/li>\n<li><a class=\"title\" href=\"https:\/\/www.estadiodeportivo.com\/futbol\/futbol-femenino\/espana-inglaterra-claudia-pina-brilla-con-luz-propia-lleva-equipo-las-semifinales-20250603-497924.html\" target=\"_blank\" rel=\"noopener\" data-artpy=\"0\" data-author=\"Estadio Deportivo\">Espa\u00f1a 2-1 Inglaterra: Claudia Pina brilla con luz propia y mete al equipo de Montse Tom\u00e9 en las semifinales<\/a> @estadiodeportivo<\/li>\n<\/ul>\n<\/div><\/div><\/div><\/div><\/div><div class=\"fusion-fullwidth fullwidth-box fusion-builder-row-6 fusion-flex-container has-pattern-background has-mask-background hundred-percent-fullwidth non-hundred-percent-height-scrolling\" style=\"--awb-border-radius-top-left:0px;--awb-border-radius-top-right:0px;--awb-border-radius-bottom-right:0px;--awb-border-radius-bottom-left:0px;--awb-padding-right-small:2%;--awb-padding-left-small:2%;--awb-flex-wrap:wrap;\" ><div class=\"fusion-builder-row fusion-row fusion-flex-align-items-flex-start fusion-flex-content-wrap\" style=\"width:104% !important;max-width:104% !important;margin-left: calc(-4% \/ 2 );margin-right: calc(-4% \/ 2 );\"><div class=\"fusion-layout-column fusion_builder_column fusion-builder-column-5 fusion_builder_column_1_1 1_1 fusion-flex-column\" style=\"--awb-padding-right:20px;--awb-padding-left:20px;--awb-padding-right-small:15px;--awb-padding-left-small:15px;--awb-overflow:hidden;--awb-bg-color:var(--awb-color1);--awb-bg-color-hover:var(--awb-color1);--awb-bg-size:cover;--awb-border-color:var(--awb-color3);--awb-border-top:2px;--awb-border-right:2px;--awb-border-bottom:2px;--awb-border-left:2px;--awb-border-style:solid;--awb-border-radius:15px 15px 15px 15px;--awb-width-large:100%;--awb-margin-top-large:0px;--awb-spacing-right-large:1.92%;--awb-margin-bottom-large:20px;--awb-spacing-left-large:1.92%;--awb-width-medium:100%;--awb-order-medium:0;--awb-spacing-right-medium:1.92%;--awb-spacing-left-medium:1.92%;--awb-width-small:100%;--awb-order-small:0;--awb-spacing-right-small:0px;--awb-spacing-left-small:0px;\" id=\"c_internacional\" data-scroll-devices=\"small-visibility,medium-visibility,large-visibility\"><div class=\"fusion-column-wrapper fusion-column-has-shadow fusion-flex-justify-content-flex-start fusion-content-layout-column\"><div class=\"fusion-title title fusion-title-19 fusion-sep-none fusion-title-text fusion-title-size-one\" style=\"--awb-margin-top:20px;--awb-margin-top-small:10px;--awb-margin-right-small:0px;--awb-margin-bottom-small:10px;--awb-margin-left-small:0px;--awb-sep-color:var(--awb-custom_color_1);\" id=\"internacional\"><h1 class=\"fusion-title-heading title-heading-left fusion-responsive-typography-calculated\" style=\"font-family:&quot;Raleway&quot;;font-style:normal;font-weight:400;margin:0;--fontSize:40;line-height:var(--awb-typography1-line-height);\"><mark class=\"fusion-highlight custom-textcolor highlight1 awb-highlight-background rounded\" style=\"--awb-color:#0098d9;--awb-text-color:#ffffff;\"><strong>UE &amp; Internacional<\/strong><\/mark><\/h1><\/div><div class=\"fusion-text fusion-text-16\" style=\"--awb-line-height:1.5em;\"><ul>\n<li><a class=\"title\" href=\"https:\/\/www.rtve.es\/noticias\/20250602\/alemana-annalena-baerbock-quinta-mujer-asamblea-general-onu\/16607168.shtml\" target=\"_blank\" rel=\"noopener\" data-artpy=\"0\" data-author=\"RTVE\">La alemana Annalena Baerbock se convierte en la quinta mujer en presidir la Asamblea General de la ONU<\/a> @rtve<\/li>\n<li><a class=\"title\" href=\"https:\/\/www.msn.com\/es-es\/estilo\/shopping\/melinda-french-gates-existen-barreras-que-impiden-a-la-mujer-utilizar-su-potencial\/ar-AA1FRJXm?ocid=BingNewsVerp\" target=\"_blank\" rel=\"noopener\" data-artpy=\"0\" data-author=\"ELLE Espa\u00f1a on MSN\">Melinda French Gates: \u00abExisten barreras que impiden a la mujer utilizar su potencial. Nuestra labor es ayudar a eliminarlas\u00bb<\/a> @elle<\/li>\n<li><a class=\"title\" href=\"https:\/\/www.eleconomista.com.mx\/empresas\/igualdad-genero-sostenibilidad-binomio-clave-desarrollo-america-latina-20250602-761894.html\" target=\"_blank\" rel=\"noopener\" data-artpy=\"0\" data-author=\"El Economista\">Igualdad de g\u00e9nero y sostenibilidad: un binomio clave para el desarrollo en Am\u00e9rica Latina<\/a> @eleconomista<\/li>\n<li><a class=\"title\" href=\"https:\/\/www.msn.com\/es-cl\/pol%C3%ADtica\/gobierno\/bachelet-respalda-despenalizaci%C3%B3n-del-aborto-el-estado-tiene-que-asegurar-opciones-a-las-mujeres\/ar-AA1FTdbI?ocid=BingNewsVerp\" target=\"_blank\" rel=\"noopener\" data-artpy=\"0\" data-author=\"BioBioChile on MSN\">Bachelet respalda despenalizaci\u00f3n del aborto: \u00abEl Estado tiene que asegurar opciones a las mujeres\u00bb<\/a> @biobiochile<\/li>\n<li><a class=\"title\" href=\"https:\/\/www.elperiodico.com\/es\/ocio-y-cultura\/20250602\/vivian-gornick-escritora-hombres-odian-118129087\" target=\"_blank\" rel=\"noopener\" data-artpy=\"0\" data-author=\"El Peri\u00f3dico\">Vivian Gornick, escritora: \u00abLos hombres no nos odian m\u00e1s de lo que nosotras, las mujeres, les odiamos a ellos\u00bb<\/a>@elperiodico<\/li>\n<li><a class=\"title\" href=\"https:\/\/eldiariony.com\/2025\/06\/02\/shakira-se-convierte-en-la-artista-latina-mas-taquillera-del-mundo-de-2025\/\" target=\"_blank\" rel=\"noopener\" data-artpy=\"0\" data-author=\"El Diario NY\">Shakira se convierte en la artista latina m\u00e1s taquillera del mundo de 2025<\/a> @eldiario<\/li>\n<\/ul>\n<\/div><\/div><\/div><\/div><\/div><\/p>\n","protected":false},"excerpt":{"rendered":"<p>Igualdad propone una revisi\u00f3n de la jubilaci\u00f3n anticipada en sectores feminizados para el acceso a una pensi\u00f3n \u00abjusta\u00bb-Mar\u00eda Guijarro, nueva secretaria de Estado de Igualdad-Rozal\u00e9n mejor artista del a\u00f1o en los Premios de la Academia de la M\u00fasica 2025-Annalena Baerbock se convierte en la quinta mujer en presidir la Asamblea General de la ONU<\/p>\n","protected":false},"author":3,"featured_media":23882,"comment_status":"closed","ping_status":"closed","sticky":false,"template":"","format":"standard","meta":{"footnotes":""},"categories":[298,654],"tags":[96,133],"class_list":["post-24488","post","type-post","status-publish","format-standard","has-post-thumbnail","hentry","category-newsletter","category-nwl-v-4-0","tag-mujeres","tag-pensiones"],"yoast_head":"<!-- This site is optimized with the Yoast SEO plugin v27.5 - https:\/\/yoast.com\/product\/yoast-seo-wordpress\/ -->\n<title>Noticias Info CKL #2926 05-06-2025<\/title>\n<meta name=\"description\" content=\"Noticias Info CKL #2926 05-06-2025\" \/>\n<meta name=\"robots\" content=\"index, follow, max-snippet:-1, max-image-preview:large, max-video-preview:-1\" \/>\n<link rel=\"canonical\" href=\"https:\/\/cklcomunicaciones.es\/coop\/noticias-info-ckl-2926-05-06-2025\/\" \/>\n<meta property=\"og:locale\" content=\"es_ES\" \/>\n<meta property=\"og:type\" content=\"article\" \/>\n<meta property=\"og:title\" content=\"Noticias Info CKL #2926 05-06-2025\" \/>\n<meta property=\"og:description\" content=\"Noticias Info CKL #2926 05-06-2025\" \/>\n<meta property=\"og:url\" content=\"https:\/\/cklcomunicaciones.es\/coop\/noticias-info-ckl-2926-05-06-2025\/\" \/>\n<meta property=\"og:site_name\" content=\"CKL Comunicaciones\" \/>\n<meta property=\"article:published_time\" content=\"2025-06-05T16:58:04+00:00\" \/>\n<meta property=\"article:modified_time\" content=\"2025-06-05T17:03:33+00:00\" \/>\n<meta property=\"og:image\" content=\"https:\/\/cklcomunicaciones.es\/coop\/wp-content\/uploads\/CKL-una-mirada-distinta-de-la-comunicacion.webp\" \/>\n\t<meta property=\"og:image:width\" content=\"1482\" \/>\n\t<meta property=\"og:image:height\" content=\"775\" \/>\n\t<meta property=\"og:image:type\" content=\"image\/webp\" \/>\n<meta name=\"author\" content=\"ckl\" \/>\n<meta name=\"twitter:card\" content=\"summary_large_image\" \/>\n<meta name=\"twitter:label1\" content=\"Escrito por\" \/>\n\t<meta name=\"twitter:data1\" content=\"ckl\" \/>\n\t<meta name=\"twitter:label2\" content=\"Tiempo de lectura\" \/>\n\t<meta name=\"twitter:data2\" content=\"8 minutos\" \/>\n<script type=\"application\/ld+json\" class=\"yoast-schema-graph\">{\"@context\":\"https:\\\/\\\/schema.org\",\"@graph\":[{\"@type\":\"Article\",\"@id\":\"https:\\\/\\\/cklcomunicaciones.es\\\/coop\\\/noticias-info-ckl-2926-05-06-2025\\\/#article\",\"isPartOf\":{\"@id\":\"https:\\\/\\\/cklcomunicaciones.es\\\/coop\\\/noticias-info-ckl-2926-05-06-2025\\\/\"},\"author\":{\"name\":\"ckl\",\"@id\":\"https:\\\/\\\/cklcomunicaciones.es\\\/coop\\\/#\\\/schema\\\/person\\\/929a6837f7626450bbb50cee1aef266e\"},\"headline\":\"Noticias Info CKL #2926 05-06-2025\",\"datePublished\":\"2025-06-05T16:58:04+00:00\",\"dateModified\":\"2025-06-05T17:03:33+00:00\",\"mainEntityOfPage\":{\"@id\":\"https:\\\/\\\/cklcomunicaciones.es\\\/coop\\\/noticias-info-ckl-2926-05-06-2025\\\/\"},\"wordCount\":8639,\"image\":{\"@id\":\"https:\\\/\\\/cklcomunicaciones.es\\\/coop\\\/noticias-info-ckl-2926-05-06-2025\\\/#primaryimage\"},\"thumbnailUrl\":\"https:\\\/\\\/cklcomunicaciones.es\\\/coop\\\/wp-content\\\/uploads\\\/CKL-una-mirada-distinta-de-la-comunicacion.webp\",\"keywords\":[\"mujeres\",\"pensiones\"],\"articleSection\":[\"Newsletter\",\"Nwl v.4.0\"],\"inLanguage\":\"es\"},{\"@type\":\"WebPage\",\"@id\":\"https:\\\/\\\/cklcomunicaciones.es\\\/coop\\\/noticias-info-ckl-2926-05-06-2025\\\/\",\"url\":\"https:\\\/\\\/cklcomunicaciones.es\\\/coop\\\/noticias-info-ckl-2926-05-06-2025\\\/\",\"name\":\"Noticias Info CKL #2926 05-06-2025\",\"isPartOf\":{\"@id\":\"https:\\\/\\\/cklcomunicaciones.es\\\/coop\\\/#website\"},\"primaryImageOfPage\":{\"@id\":\"https:\\\/\\\/cklcomunicaciones.es\\\/coop\\\/noticias-info-ckl-2926-05-06-2025\\\/#primaryimage\"},\"image\":{\"@id\":\"https:\\\/\\\/cklcomunicaciones.es\\\/coop\\\/noticias-info-ckl-2926-05-06-2025\\\/#primaryimage\"},\"thumbnailUrl\":\"https:\\\/\\\/cklcomunicaciones.es\\\/coop\\\/wp-content\\\/uploads\\\/CKL-una-mirada-distinta-de-la-comunicacion.webp\",\"datePublished\":\"2025-06-05T16:58:04+00:00\",\"dateModified\":\"2025-06-05T17:03:33+00:00\",\"author\":{\"@id\":\"https:\\\/\\\/cklcomunicaciones.es\\\/coop\\\/#\\\/schema\\\/person\\\/929a6837f7626450bbb50cee1aef266e\"},\"description\":\"Noticias Info CKL #2926 05-06-2025\",\"breadcrumb\":{\"@id\":\"https:\\\/\\\/cklcomunicaciones.es\\\/coop\\\/noticias-info-ckl-2926-05-06-2025\\\/#breadcrumb\"},\"inLanguage\":\"es\",\"potentialAction\":[{\"@type\":\"ReadAction\",\"target\":[\"https:\\\/\\\/cklcomunicaciones.es\\\/coop\\\/noticias-info-ckl-2926-05-06-2025\\\/\"]}]},{\"@type\":\"ImageObject\",\"inLanguage\":\"es\",\"@id\":\"https:\\\/\\\/cklcomunicaciones.es\\\/coop\\\/noticias-info-ckl-2926-05-06-2025\\\/#primaryimage\",\"url\":\"https:\\\/\\\/cklcomunicaciones.es\\\/coop\\\/wp-content\\\/uploads\\\/CKL-una-mirada-distinta-de-la-comunicacion.webp\",\"contentUrl\":\"https:\\\/\\\/cklcomunicaciones.es\\\/coop\\\/wp-content\\\/uploads\\\/CKL-una-mirada-distinta-de-la-comunicacion.webp\",\"width\":1482,\"height\":775,\"caption\":\"CKL - una mirada distinta de la comunicaci\u00f3n\"},{\"@type\":\"BreadcrumbList\",\"@id\":\"https:\\\/\\\/cklcomunicaciones.es\\\/coop\\\/noticias-info-ckl-2926-05-06-2025\\\/#breadcrumb\",\"itemListElement\":[{\"@type\":\"ListItem\",\"position\":1,\"name\":\"Portada\",\"item\":\"https:\\\/\\\/cklcomunicaciones.es\\\/coop\\\/\"},{\"@type\":\"ListItem\",\"position\":2,\"name\":\"Noticias Info CKL #2926 05-06-2025\"}]},{\"@type\":\"WebSite\",\"@id\":\"https:\\\/\\\/cklcomunicaciones.es\\\/coop\\\/#website\",\"url\":\"https:\\\/\\\/cklcomunicaciones.es\\\/coop\\\/\",\"name\":\"CKL Comunicaciones\",\"description\":\"Sitio web de CKL Comunicaciones coop , la consultora de comunicaci\u00f3n y estrategia\",\"potentialAction\":[{\"@type\":\"SearchAction\",\"target\":{\"@type\":\"EntryPoint\",\"urlTemplate\":\"https:\\\/\\\/cklcomunicaciones.es\\\/coop\\\/?s={search_term_string}\"},\"query-input\":{\"@type\":\"PropertyValueSpecification\",\"valueRequired\":true,\"valueName\":\"search_term_string\"}}],\"inLanguage\":\"es\"},{\"@type\":\"Person\",\"@id\":\"https:\\\/\\\/cklcomunicaciones.es\\\/coop\\\/#\\\/schema\\\/person\\\/929a6837f7626450bbb50cee1aef266e\",\"name\":\"ckl\",\"image\":{\"@type\":\"ImageObject\",\"inLanguage\":\"es\",\"@id\":\"https:\\\/\\\/secure.gravatar.com\\\/avatar\\\/c82db564e8a669bf6023357a157b9dc4780f4d4c618f2ad1d71a6a5dede45057?s=96&d=mm&r=g\",\"url\":\"https:\\\/\\\/secure.gravatar.com\\\/avatar\\\/c82db564e8a669bf6023357a157b9dc4780f4d4c618f2ad1d71a6a5dede45057?s=96&d=mm&r=g\",\"contentUrl\":\"https:\\\/\\\/secure.gravatar.com\\\/avatar\\\/c82db564e8a669bf6023357a157b9dc4780f4d4c618f2ad1d71a6a5dede45057?s=96&d=mm&r=g\",\"caption\":\"ckl\"},\"url\":\"https:\\\/\\\/cklcomunicaciones.es\\\/coop\\\/author\\\/cklcomunicaciones\\\/\"}]}<\/script>\n<!-- \/ Yoast SEO plugin. -->","yoast_head_json":{"title":"Noticias Info CKL #2926 05-06-2025","description":"Noticias Info CKL #2926 05-06-2025","robots":{"index":"index","follow":"follow","max-snippet":"max-snippet:-1","max-image-preview":"max-image-preview:large","max-video-preview":"max-video-preview:-1"},"canonical":"https:\/\/cklcomunicaciones.es\/coop\/noticias-info-ckl-2926-05-06-2025\/","og_locale":"es_ES","og_type":"article","og_title":"Noticias Info CKL #2926 05-06-2025","og_description":"Noticias Info CKL #2926 05-06-2025","og_url":"https:\/\/cklcomunicaciones.es\/coop\/noticias-info-ckl-2926-05-06-2025\/","og_site_name":"CKL Comunicaciones","article_published_time":"2025-06-05T16:58:04+00:00","article_modified_time":"2025-06-05T17:03:33+00:00","og_image":[{"width":1482,"height":775,"url":"https:\/\/cklcomunicaciones.es\/coop\/wp-content\/uploads\/CKL-una-mirada-distinta-de-la-comunicacion.webp","type":"image\/webp"}],"author":"ckl","twitter_card":"summary_large_image","twitter_misc":{"Escrito por":"ckl","Tiempo de lectura":"8 minutos"},"schema":{"@context":"https:\/\/schema.org","@graph":[{"@type":"Article","@id":"https:\/\/cklcomunicaciones.es\/coop\/noticias-info-ckl-2926-05-06-2025\/#article","isPartOf":{"@id":"https:\/\/cklcomunicaciones.es\/coop\/noticias-info-ckl-2926-05-06-2025\/"},"author":{"name":"ckl","@id":"https:\/\/cklcomunicaciones.es\/coop\/#\/schema\/person\/929a6837f7626450bbb50cee1aef266e"},"headline":"Noticias Info CKL #2926 05-06-2025","datePublished":"2025-06-05T16:58:04+00:00","dateModified":"2025-06-05T17:03:33+00:00","mainEntityOfPage":{"@id":"https:\/\/cklcomunicaciones.es\/coop\/noticias-info-ckl-2926-05-06-2025\/"},"wordCount":8639,"image":{"@id":"https:\/\/cklcomunicaciones.es\/coop\/noticias-info-ckl-2926-05-06-2025\/#primaryimage"},"thumbnailUrl":"https:\/\/cklcomunicaciones.es\/coop\/wp-content\/uploads\/CKL-una-mirada-distinta-de-la-comunicacion.webp","keywords":["mujeres","pensiones"],"articleSection":["Newsletter","Nwl v.4.0"],"inLanguage":"es"},{"@type":"WebPage","@id":"https:\/\/cklcomunicaciones.es\/coop\/noticias-info-ckl-2926-05-06-2025\/","url":"https:\/\/cklcomunicaciones.es\/coop\/noticias-info-ckl-2926-05-06-2025\/","name":"Noticias Info CKL #2926 05-06-2025","isPartOf":{"@id":"https:\/\/cklcomunicaciones.es\/coop\/#website"},"primaryImageOfPage":{"@id":"https:\/\/cklcomunicaciones.es\/coop\/noticias-info-ckl-2926-05-06-2025\/#primaryimage"},"image":{"@id":"https:\/\/cklcomunicaciones.es\/coop\/noticias-info-ckl-2926-05-06-2025\/#primaryimage"},"thumbnailUrl":"https:\/\/cklcomunicaciones.es\/coop\/wp-content\/uploads\/CKL-una-mirada-distinta-de-la-comunicacion.webp","datePublished":"2025-06-05T16:58:04+00:00","dateModified":"2025-06-05T17:03:33+00:00","author":{"@id":"https:\/\/cklcomunicaciones.es\/coop\/#\/schema\/person\/929a6837f7626450bbb50cee1aef266e"},"description":"Noticias Info CKL #2926 05-06-2025","breadcrumb":{"@id":"https:\/\/cklcomunicaciones.es\/coop\/noticias-info-ckl-2926-05-06-2025\/#breadcrumb"},"inLanguage":"es","potentialAction":[{"@type":"ReadAction","target":["https:\/\/cklcomunicaciones.es\/coop\/noticias-info-ckl-2926-05-06-2025\/"]}]},{"@type":"ImageObject","inLanguage":"es","@id":"https:\/\/cklcomunicaciones.es\/coop\/noticias-info-ckl-2926-05-06-2025\/#primaryimage","url":"https:\/\/cklcomunicaciones.es\/coop\/wp-content\/uploads\/CKL-una-mirada-distinta-de-la-comunicacion.webp","contentUrl":"https:\/\/cklcomunicaciones.es\/coop\/wp-content\/uploads\/CKL-una-mirada-distinta-de-la-comunicacion.webp","width":1482,"height":775,"caption":"CKL - una mirada distinta de la comunicaci\u00f3n"},{"@type":"BreadcrumbList","@id":"https:\/\/cklcomunicaciones.es\/coop\/noticias-info-ckl-2926-05-06-2025\/#breadcrumb","itemListElement":[{"@type":"ListItem","position":1,"name":"Portada","item":"https:\/\/cklcomunicaciones.es\/coop\/"},{"@type":"ListItem","position":2,"name":"Noticias Info CKL #2926 05-06-2025"}]},{"@type":"WebSite","@id":"https:\/\/cklcomunicaciones.es\/coop\/#website","url":"https:\/\/cklcomunicaciones.es\/coop\/","name":"CKL Comunicaciones","description":"Sitio web de CKL Comunicaciones coop , la consultora de comunicaci\u00f3n y estrategia","potentialAction":[{"@type":"SearchAction","target":{"@type":"EntryPoint","urlTemplate":"https:\/\/cklcomunicaciones.es\/coop\/?s={search_term_string}"},"query-input":{"@type":"PropertyValueSpecification","valueRequired":true,"valueName":"search_term_string"}}],"inLanguage":"es"},{"@type":"Person","@id":"https:\/\/cklcomunicaciones.es\/coop\/#\/schema\/person\/929a6837f7626450bbb50cee1aef266e","name":"ckl","image":{"@type":"ImageObject","inLanguage":"es","@id":"https:\/\/secure.gravatar.com\/avatar\/c82db564e8a669bf6023357a157b9dc4780f4d4c618f2ad1d71a6a5dede45057?s=96&d=mm&r=g","url":"https:\/\/secure.gravatar.com\/avatar\/c82db564e8a669bf6023357a157b9dc4780f4d4c618f2ad1d71a6a5dede45057?s=96&d=mm&r=g","contentUrl":"https:\/\/secure.gravatar.com\/avatar\/c82db564e8a669bf6023357a157b9dc4780f4d4c618f2ad1d71a6a5dede45057?s=96&d=mm&r=g","caption":"ckl"},"url":"https:\/\/cklcomunicaciones.es\/coop\/author\/cklcomunicaciones\/"}]}},"_links":{"self":[{"href":"https:\/\/cklcomunicaciones.es\/coop\/wp-json\/wp\/v2\/posts\/24488","targetHints":{"allow":["GET"]}}],"collection":[{"href":"https:\/\/cklcomunicaciones.es\/coop\/wp-json\/wp\/v2\/posts"}],"about":[{"href":"https:\/\/cklcomunicaciones.es\/coop\/wp-json\/wp\/v2\/types\/post"}],"author":[{"embeddable":true,"href":"https:\/\/cklcomunicaciones.es\/coop\/wp-json\/wp\/v2\/users\/3"}],"replies":[{"embeddable":true,"href":"https:\/\/cklcomunicaciones.es\/coop\/wp-json\/wp\/v2\/comments?post=24488"}],"version-history":[{"count":0,"href":"https:\/\/cklcomunicaciones.es\/coop\/wp-json\/wp\/v2\/posts\/24488\/revisions"}],"wp:featuredmedia":[{"embeddable":true,"href":"https:\/\/cklcomunicaciones.es\/coop\/wp-json\/wp\/v2\/media\/23882"}],"wp:attachment":[{"href":"https:\/\/cklcomunicaciones.es\/coop\/wp-json\/wp\/v2\/media?parent=24488"}],"wp:term":[{"taxonomy":"category","embeddable":true,"href":"https:\/\/cklcomunicaciones.es\/coop\/wp-json\/wp\/v2\/categories?post=24488"},{"taxonomy":"post_tag","embeddable":true,"href":"https:\/\/cklcomunicaciones.es\/coop\/wp-json\/wp\/v2\/tags?post=24488"}],"curies":[{"name":"wp","href":"https:\/\/api.w.org\/{rel}","templated":true}]}}