{"id":24458,"date":"2025-05-12T11:37:24","date_gmt":"2025-05-12T09:37:24","guid":{"rendered":"https:\/\/cklcomunicaciones.es\/coop\/?p=24458"},"modified":"2025-05-15T11:53:32","modified_gmt":"2025-05-15T09:53:32","slug":"parques-urbanos-residuos-cero-andalucia-iniciativa-pionera-centrada-sostenibilidad-reduccion-residuos","status":"publish","type":"post","link":"https:\/\/cklcomunicaciones.es\/coop\/parques-urbanos-residuos-cero-andalucia-iniciativa-pionera-centrada-sostenibilidad-reduccion-residuos\/","title":{"rendered":"Parques Urbanos de Residuos Cero en Andaluc\u00eda, una iniciativa pionera centrada en la sostenibilidad y la reducci\u00f3n de residuos"},"content":{"rendered":"<div class=\"fusion-fullwidth fullwidth-box fusion-builder-row-1 fusion-flex-container nonhundred-percent-fullwidth non-hundred-percent-height-scrolling\" style=\"--awb-border-radius-top-left:0px;--awb-border-radius-top-right:0px;--awb-border-radius-bottom-right:0px;--awb-border-radius-bottom-left:0px;--awb-flex-wrap:wrap;\" ><div class=\"fusion-builder-row fusion-row fusion-flex-align-items-flex-start fusion-flex-content-wrap\" style=\"max-width:1248px;margin-left: calc(-4% \/ 2 );margin-right: calc(-4% \/ 2 );\"><div class=\"fusion-layout-column fusion_builder_column fusion-builder-column-0 fusion_builder_column_1_1 1_1 fusion-flex-column\" style=\"--awb-bg-blend:overlay;--awb-bg-size:cover;--awb-width-large:100%;--awb-margin-top-large:0px;--awb-spacing-right-large:1.92%;--awb-margin-bottom-large:0px;--awb-spacing-left-large:1.92%;--awb-width-medium:100%;--awb-spacing-right-medium:1.92%;--awb-spacing-left-medium:1.92%;--awb-width-small:100%;--awb-spacing-right-small:1.92%;--awb-spacing-left-small:1.92%;\"><div class=\"fusion-column-wrapper fusion-flex-justify-content-flex-start fusion-content-layout-column\"><div class=\"fusion-text fusion-text-1\"><div class=\"x11i5rnm xat24cr x1mh8g0r x1vvkbs xdj266r x126k92a\">\n<p>Sevilla acoger\u00e1 el encuentro final del proyecto europeo \u2018Zero Waste Urban Parks\u2019 que durante dos a\u00f1os ha trabajado para transformar los parques urbanos en laboratorios de sostenibilidad.<\/p>\n<p>El evento se celebra el mi\u00e9rcoles 14 de mayo en el Cortijo del Parque del Alamillo de 9:30 a 14:30h. <br \/>Acceso libre previa inscripci\u00f3n. Aforo limitado: <a href=\"https:\/\/forms.gle\/TXWaSd6Q8unxd95C9\">https:\/\/forms.gle\/TXWaSd6Q8unxd95C9<\/a>\u00a0<\/p>\n<p>M\u00e1s informaci\u00f3n: <a href=\"https:\/\/cklcomunicaciones.es\/coop\/wp-content\/uploads\/Encuentro-final-Zero-Waste-Urban-Parks_.pdf\">Sevilla acoge este mi\u00e9rcoles el encuentro final del proyecto europeo Parques Urbanos de Residuos Cero<\/a> (cklcomunicaciones)<\/p>\n<\/div>\n<div class=\"x11i5rnm xat24cr x1mh8g0r x1vvkbs xtlvy1s x126k92a\">\n<div dir=\"auto\">\u00a0<\/div>\n<\/div>\n<p>&nbsp;<\/p>\n<p>&nbsp;<\/p>\n<p>&nbsp;<\/p>\n<p>&nbsp;<\/p>\n<\/div><\/div><\/div><\/div><\/div>","protected":false},"excerpt":{"rendered":"","protected":false},"author":3,"featured_media":24459,"comment_status":"closed","ping_status":"closed","sticky":false,"template":"","format":"standard","meta":{"footnotes":""},"categories":[297,299],"tags":[681,679,311,683],"class_list":["post-24458","post","type-post","status-publish","format-standard","has-post-thumbnail","hentry","category-actualidad","category-noticias-destacadas","tag-parques-urbanos","tag-residuos-cero","tag-sostenibilidad","tag-zero-waste-urban-parks"],"yoast_head":"<!-- This site is optimized with the Yoast SEO plugin v27.5 - https:\/\/yoast.com\/product\/yoast-seo-wordpress\/ -->\n<title>Sevilla acoger\u00e1 el encuentro final del proyecto europeo Zero Waste Urban Parks<\/title>\n<meta name=\"description\" content=\"Sevilla acoger\u00e1 el pr\u00f3ximo 14 de mayo en Sevilla encuentro final del proyecto europeo \u2018Zero Waste Urban Parks\u2019 que durante dos a\u00f1os ha trabajado para transformar los parques urbanos en laboratorios de sostenibilidad.\" \/>\n<meta name=\"robots\" content=\"index, follow, max-snippet:-1, max-image-preview:large, max-video-preview:-1\" \/>\n<link rel=\"canonical\" href=\"https:\/\/cklcomunicaciones.es\/coop\/parques-urbanos-residuos-cero-andalucia-iniciativa-pionera-centrada-sostenibilidad-reduccion-residuos\/\" \/>\n<meta property=\"og:locale\" content=\"es_ES\" \/>\n<meta property=\"og:type\" content=\"article\" \/>\n<meta property=\"og:title\" content=\"Sevilla acoger\u00e1 el encuentro final del proyecto europeo Zero Waste Urban Parks\" \/>\n<meta property=\"og:description\" content=\"Sevilla acoger\u00e1 el pr\u00f3ximo 14 de mayo en Sevilla encuentro final del proyecto europeo \u2018Zero Waste Urban Parks\u2019 que durante dos a\u00f1os ha trabajado para transformar los parques urbanos en laboratorios de sostenibilidad.\" \/>\n<meta property=\"og:url\" content=\"https:\/\/cklcomunicaciones.es\/coop\/parques-urbanos-residuos-cero-andalucia-iniciativa-pionera-centrada-sostenibilidad-reduccion-residuos\/\" \/>\n<meta property=\"og:site_name\" content=\"CKL Comunicaciones\" \/>\n<meta property=\"article:published_time\" content=\"2025-05-12T09:37:24+00:00\" \/>\n<meta property=\"article:modified_time\" content=\"2025-05-15T09:53:32+00:00\" \/>\n<meta property=\"og:image\" content=\"https:\/\/cklcomunicaciones.es\/coop\/wp-content\/uploads\/ACPP-A_Encuentro-Zero-Waste-Urban-Parks-EU_Andalucia-junio2023-1.jpg\" \/>\n\t<meta property=\"og:image:width\" content=\"1338\" \/>\n\t<meta property=\"og:image:height\" content=\"753\" \/>\n\t<meta property=\"og:image:type\" content=\"image\/jpeg\" \/>\n<meta name=\"author\" content=\"ckl\" \/>\n<meta name=\"twitter:card\" content=\"summary_large_image\" \/>\n<meta name=\"twitter:label1\" content=\"Escrito por\" \/>\n\t<meta name=\"twitter:data1\" content=\"ckl\" \/>\n\t<meta name=\"twitter:label2\" content=\"Tiempo de lectura\" \/>\n\t<meta name=\"twitter:data2\" content=\"1 minuto\" \/>\n<script type=\"application\/ld+json\" class=\"yoast-schema-graph\">{\"@context\":\"https:\\\/\\\/schema.org\",\"@graph\":[{\"@type\":\"Article\",\"@id\":\"https:\\\/\\\/cklcomunicaciones.es\\\/coop\\\/parques-urbanos-residuos-cero-andalucia-iniciativa-pionera-centrada-sostenibilidad-reduccion-residuos\\\/#article\",\"isPartOf\":{\"@id\":\"https:\\\/\\\/cklcomunicaciones.es\\\/coop\\\/parques-urbanos-residuos-cero-andalucia-iniciativa-pionera-centrada-sostenibilidad-reduccion-residuos\\\/\"},\"author\":{\"name\":\"ckl\",\"@id\":\"https:\\\/\\\/cklcomunicaciones.es\\\/coop\\\/#\\\/schema\\\/person\\\/929a6837f7626450bbb50cee1aef266e\"},\"headline\":\"Parques Urbanos de Residuos Cero en Andaluc\u00eda, una iniciativa pionera centrada en la sostenibilidad y la reducci\u00f3n de residuos\",\"datePublished\":\"2025-05-12T09:37:24+00:00\",\"dateModified\":\"2025-05-15T09:53:32+00:00\",\"mainEntityOfPage\":{\"@id\":\"https:\\\/\\\/cklcomunicaciones.es\\\/coop\\\/parques-urbanos-residuos-cero-andalucia-iniciativa-pionera-centrada-sostenibilidad-reduccion-residuos\\\/\"},\"wordCount\":235,\"image\":{\"@id\":\"https:\\\/\\\/cklcomunicaciones.es\\\/coop\\\/parques-urbanos-residuos-cero-andalucia-iniciativa-pionera-centrada-sostenibilidad-reduccion-residuos\\\/#primaryimage\"},\"thumbnailUrl\":\"https:\\\/\\\/cklcomunicaciones.es\\\/coop\\\/wp-content\\\/uploads\\\/ACPP-A_Encuentro-Zero-Waste-Urban-Parks-EU_Andalucia-junio2023-1.jpg\",\"keywords\":[\"parques urbanos\",\"Residuos cero\",\"sostenibilidad\",\"Zero Waste Urban Parks\"],\"articleSection\":[\"Actualidad\",\"noticias destacadas\"],\"inLanguage\":\"es\"},{\"@type\":\"WebPage\",\"@id\":\"https:\\\/\\\/cklcomunicaciones.es\\\/coop\\\/parques-urbanos-residuos-cero-andalucia-iniciativa-pionera-centrada-sostenibilidad-reduccion-residuos\\\/\",\"url\":\"https:\\\/\\\/cklcomunicaciones.es\\\/coop\\\/parques-urbanos-residuos-cero-andalucia-iniciativa-pionera-centrada-sostenibilidad-reduccion-residuos\\\/\",\"name\":\"Sevilla acoger\u00e1 el encuentro final del proyecto europeo Zero Waste Urban Parks\",\"isPartOf\":{\"@id\":\"https:\\\/\\\/cklcomunicaciones.es\\\/coop\\\/#website\"},\"primaryImageOfPage\":{\"@id\":\"https:\\\/\\\/cklcomunicaciones.es\\\/coop\\\/parques-urbanos-residuos-cero-andalucia-iniciativa-pionera-centrada-sostenibilidad-reduccion-residuos\\\/#primaryimage\"},\"image\":{\"@id\":\"https:\\\/\\\/cklcomunicaciones.es\\\/coop\\\/parques-urbanos-residuos-cero-andalucia-iniciativa-pionera-centrada-sostenibilidad-reduccion-residuos\\\/#primaryimage\"},\"thumbnailUrl\":\"https:\\\/\\\/cklcomunicaciones.es\\\/coop\\\/wp-content\\\/uploads\\\/ACPP-A_Encuentro-Zero-Waste-Urban-Parks-EU_Andalucia-junio2023-1.jpg\",\"datePublished\":\"2025-05-12T09:37:24+00:00\",\"dateModified\":\"2025-05-15T09:53:32+00:00\",\"author\":{\"@id\":\"https:\\\/\\\/cklcomunicaciones.es\\\/coop\\\/#\\\/schema\\\/person\\\/929a6837f7626450bbb50cee1aef266e\"},\"description\":\"Sevilla acoger\u00e1 el pr\u00f3ximo 14 de mayo en Sevilla encuentro final del proyecto europeo \u2018Zero Waste Urban Parks\u2019 que durante dos a\u00f1os ha trabajado para transformar los parques urbanos en laboratorios de sostenibilidad.\",\"breadcrumb\":{\"@id\":\"https:\\\/\\\/cklcomunicaciones.es\\\/coop\\\/parques-urbanos-residuos-cero-andalucia-iniciativa-pionera-centrada-sostenibilidad-reduccion-residuos\\\/#breadcrumb\"},\"inLanguage\":\"es\",\"potentialAction\":[{\"@type\":\"ReadAction\",\"target\":[\"https:\\\/\\\/cklcomunicaciones.es\\\/coop\\\/parques-urbanos-residuos-cero-andalucia-iniciativa-pionera-centrada-sostenibilidad-reduccion-residuos\\\/\"]}]},{\"@type\":\"ImageObject\",\"inLanguage\":\"es\",\"@id\":\"https:\\\/\\\/cklcomunicaciones.es\\\/coop\\\/parques-urbanos-residuos-cero-andalucia-iniciativa-pionera-centrada-sostenibilidad-reduccion-residuos\\\/#primaryimage\",\"url\":\"https:\\\/\\\/cklcomunicaciones.es\\\/coop\\\/wp-content\\\/uploads\\\/ACPP-A_Encuentro-Zero-Waste-Urban-Parks-EU_Andalucia-junio2023-1.jpg\",\"contentUrl\":\"https:\\\/\\\/cklcomunicaciones.es\\\/coop\\\/wp-content\\\/uploads\\\/ACPP-A_Encuentro-Zero-Waste-Urban-Parks-EU_Andalucia-junio2023-1.jpg\",\"width\":1338,\"height\":753,\"caption\":\"ACPP-A-Encuentro-final-Zero-Waste-Urban-Parks-Sevilla\"},{\"@type\":\"BreadcrumbList\",\"@id\":\"https:\\\/\\\/cklcomunicaciones.es\\\/coop\\\/parques-urbanos-residuos-cero-andalucia-iniciativa-pionera-centrada-sostenibilidad-reduccion-residuos\\\/#breadcrumb\",\"itemListElement\":[{\"@type\":\"ListItem\",\"position\":1,\"name\":\"Portada\",\"item\":\"https:\\\/\\\/cklcomunicaciones.es\\\/coop\\\/\"},{\"@type\":\"ListItem\",\"position\":2,\"name\":\"Parques Urbanos de Residuos Cero en Andaluc\u00eda, una iniciativa pionera centrada en la sostenibilidad y la reducci\u00f3n de residuos\"}]},{\"@type\":\"WebSite\",\"@id\":\"https:\\\/\\\/cklcomunicaciones.es\\\/coop\\\/#website\",\"url\":\"https:\\\/\\\/cklcomunicaciones.es\\\/coop\\\/\",\"name\":\"CKL Comunicaciones\",\"description\":\"Sitio web de CKL Comunicaciones coop , la consultora de comunicaci\u00f3n y estrategia\",\"potentialAction\":[{\"@type\":\"SearchAction\",\"target\":{\"@type\":\"EntryPoint\",\"urlTemplate\":\"https:\\\/\\\/cklcomunicaciones.es\\\/coop\\\/?s={search_term_string}\"},\"query-input\":{\"@type\":\"PropertyValueSpecification\",\"valueRequired\":true,\"valueName\":\"search_term_string\"}}],\"inLanguage\":\"es\"},{\"@type\":\"Person\",\"@id\":\"https:\\\/\\\/cklcomunicaciones.es\\\/coop\\\/#\\\/schema\\\/person\\\/929a6837f7626450bbb50cee1aef266e\",\"name\":\"ckl\",\"image\":{\"@type\":\"ImageObject\",\"inLanguage\":\"es\",\"@id\":\"https:\\\/\\\/secure.gravatar.com\\\/avatar\\\/c82db564e8a669bf6023357a157b9dc4780f4d4c618f2ad1d71a6a5dede45057?s=96&d=mm&r=g\",\"url\":\"https:\\\/\\\/secure.gravatar.com\\\/avatar\\\/c82db564e8a669bf6023357a157b9dc4780f4d4c618f2ad1d71a6a5dede45057?s=96&d=mm&r=g\",\"contentUrl\":\"https:\\\/\\\/secure.gravatar.com\\\/avatar\\\/c82db564e8a669bf6023357a157b9dc4780f4d4c618f2ad1d71a6a5dede45057?s=96&d=mm&r=g\",\"caption\":\"ckl\"},\"url\":\"https:\\\/\\\/cklcomunicaciones.es\\\/coop\\\/author\\\/cklcomunicaciones\\\/\"}]}<\/script>\n<!-- \/ Yoast SEO plugin. -->","yoast_head_json":{"title":"Sevilla acoger\u00e1 el encuentro final del proyecto europeo Zero Waste Urban Parks","description":"Sevilla acoger\u00e1 el pr\u00f3ximo 14 de mayo en Sevilla encuentro final del proyecto europeo \u2018Zero Waste Urban Parks\u2019 que durante dos a\u00f1os ha trabajado para transformar los parques urbanos en laboratorios de sostenibilidad.","robots":{"index":"index","follow":"follow","max-snippet":"max-snippet:-1","max-image-preview":"max-image-preview:large","max-video-preview":"max-video-preview:-1"},"canonical":"https:\/\/cklcomunicaciones.es\/coop\/parques-urbanos-residuos-cero-andalucia-iniciativa-pionera-centrada-sostenibilidad-reduccion-residuos\/","og_locale":"es_ES","og_type":"article","og_title":"Sevilla acoger\u00e1 el encuentro final del proyecto europeo Zero Waste Urban Parks","og_description":"Sevilla acoger\u00e1 el pr\u00f3ximo 14 de mayo en Sevilla encuentro final del proyecto europeo \u2018Zero Waste Urban Parks\u2019 que durante dos a\u00f1os ha trabajado para transformar los parques urbanos en laboratorios de sostenibilidad.","og_url":"https:\/\/cklcomunicaciones.es\/coop\/parques-urbanos-residuos-cero-andalucia-iniciativa-pionera-centrada-sostenibilidad-reduccion-residuos\/","og_site_name":"CKL Comunicaciones","article_published_time":"2025-05-12T09:37:24+00:00","article_modified_time":"2025-05-15T09:53:32+00:00","og_image":[{"width":1338,"height":753,"url":"https:\/\/cklcomunicaciones.es\/coop\/wp-content\/uploads\/ACPP-A_Encuentro-Zero-Waste-Urban-Parks-EU_Andalucia-junio2023-1.jpg","type":"image\/jpeg"}],"author":"ckl","twitter_card":"summary_large_image","twitter_misc":{"Escrito por":"ckl","Tiempo de lectura":"1 minuto"},"schema":{"@context":"https:\/\/schema.org","@graph":[{"@type":"Article","@id":"https:\/\/cklcomunicaciones.es\/coop\/parques-urbanos-residuos-cero-andalucia-iniciativa-pionera-centrada-sostenibilidad-reduccion-residuos\/#article","isPartOf":{"@id":"https:\/\/cklcomunicaciones.es\/coop\/parques-urbanos-residuos-cero-andalucia-iniciativa-pionera-centrada-sostenibilidad-reduccion-residuos\/"},"author":{"name":"ckl","@id":"https:\/\/cklcomunicaciones.es\/coop\/#\/schema\/person\/929a6837f7626450bbb50cee1aef266e"},"headline":"Parques Urbanos de Residuos Cero en Andaluc\u00eda, una iniciativa pionera centrada en la sostenibilidad y la reducci\u00f3n de residuos","datePublished":"2025-05-12T09:37:24+00:00","dateModified":"2025-05-15T09:53:32+00:00","mainEntityOfPage":{"@id":"https:\/\/cklcomunicaciones.es\/coop\/parques-urbanos-residuos-cero-andalucia-iniciativa-pionera-centrada-sostenibilidad-reduccion-residuos\/"},"wordCount":235,"image":{"@id":"https:\/\/cklcomunicaciones.es\/coop\/parques-urbanos-residuos-cero-andalucia-iniciativa-pionera-centrada-sostenibilidad-reduccion-residuos\/#primaryimage"},"thumbnailUrl":"https:\/\/cklcomunicaciones.es\/coop\/wp-content\/uploads\/ACPP-A_Encuentro-Zero-Waste-Urban-Parks-EU_Andalucia-junio2023-1.jpg","keywords":["parques urbanos","Residuos cero","sostenibilidad","Zero Waste Urban Parks"],"articleSection":["Actualidad","noticias destacadas"],"inLanguage":"es"},{"@type":"WebPage","@id":"https:\/\/cklcomunicaciones.es\/coop\/parques-urbanos-residuos-cero-andalucia-iniciativa-pionera-centrada-sostenibilidad-reduccion-residuos\/","url":"https:\/\/cklcomunicaciones.es\/coop\/parques-urbanos-residuos-cero-andalucia-iniciativa-pionera-centrada-sostenibilidad-reduccion-residuos\/","name":"Sevilla acoger\u00e1 el encuentro final del proyecto europeo Zero Waste Urban Parks","isPartOf":{"@id":"https:\/\/cklcomunicaciones.es\/coop\/#website"},"primaryImageOfPage":{"@id":"https:\/\/cklcomunicaciones.es\/coop\/parques-urbanos-residuos-cero-andalucia-iniciativa-pionera-centrada-sostenibilidad-reduccion-residuos\/#primaryimage"},"image":{"@id":"https:\/\/cklcomunicaciones.es\/coop\/parques-urbanos-residuos-cero-andalucia-iniciativa-pionera-centrada-sostenibilidad-reduccion-residuos\/#primaryimage"},"thumbnailUrl":"https:\/\/cklcomunicaciones.es\/coop\/wp-content\/uploads\/ACPP-A_Encuentro-Zero-Waste-Urban-Parks-EU_Andalucia-junio2023-1.jpg","datePublished":"2025-05-12T09:37:24+00:00","dateModified":"2025-05-15T09:53:32+00:00","author":{"@id":"https:\/\/cklcomunicaciones.es\/coop\/#\/schema\/person\/929a6837f7626450bbb50cee1aef266e"},"description":"Sevilla acoger\u00e1 el pr\u00f3ximo 14 de mayo en Sevilla encuentro final del proyecto europeo \u2018Zero Waste Urban Parks\u2019 que durante dos a\u00f1os ha trabajado para transformar los parques urbanos en laboratorios de sostenibilidad.","breadcrumb":{"@id":"https:\/\/cklcomunicaciones.es\/coop\/parques-urbanos-residuos-cero-andalucia-iniciativa-pionera-centrada-sostenibilidad-reduccion-residuos\/#breadcrumb"},"inLanguage":"es","potentialAction":[{"@type":"ReadAction","target":["https:\/\/cklcomunicaciones.es\/coop\/parques-urbanos-residuos-cero-andalucia-iniciativa-pionera-centrada-sostenibilidad-reduccion-residuos\/"]}]},{"@type":"ImageObject","inLanguage":"es","@id":"https:\/\/cklcomunicaciones.es\/coop\/parques-urbanos-residuos-cero-andalucia-iniciativa-pionera-centrada-sostenibilidad-reduccion-residuos\/#primaryimage","url":"https:\/\/cklcomunicaciones.es\/coop\/wp-content\/uploads\/ACPP-A_Encuentro-Zero-Waste-Urban-Parks-EU_Andalucia-junio2023-1.jpg","contentUrl":"https:\/\/cklcomunicaciones.es\/coop\/wp-content\/uploads\/ACPP-A_Encuentro-Zero-Waste-Urban-Parks-EU_Andalucia-junio2023-1.jpg","width":1338,"height":753,"caption":"ACPP-A-Encuentro-final-Zero-Waste-Urban-Parks-Sevilla"},{"@type":"BreadcrumbList","@id":"https:\/\/cklcomunicaciones.es\/coop\/parques-urbanos-residuos-cero-andalucia-iniciativa-pionera-centrada-sostenibilidad-reduccion-residuos\/#breadcrumb","itemListElement":[{"@type":"ListItem","position":1,"name":"Portada","item":"https:\/\/cklcomunicaciones.es\/coop\/"},{"@type":"ListItem","position":2,"name":"Parques Urbanos de Residuos Cero en Andaluc\u00eda, una iniciativa pionera centrada en la sostenibilidad y la reducci\u00f3n de residuos"}]},{"@type":"WebSite","@id":"https:\/\/cklcomunicaciones.es\/coop\/#website","url":"https:\/\/cklcomunicaciones.es\/coop\/","name":"CKL Comunicaciones","description":"Sitio web de CKL Comunicaciones coop , la consultora de comunicaci\u00f3n y estrategia","potentialAction":[{"@type":"SearchAction","target":{"@type":"EntryPoint","urlTemplate":"https:\/\/cklcomunicaciones.es\/coop\/?s={search_term_string}"},"query-input":{"@type":"PropertyValueSpecification","valueRequired":true,"valueName":"search_term_string"}}],"inLanguage":"es"},{"@type":"Person","@id":"https:\/\/cklcomunicaciones.es\/coop\/#\/schema\/person\/929a6837f7626450bbb50cee1aef266e","name":"ckl","image":{"@type":"ImageObject","inLanguage":"es","@id":"https:\/\/secure.gravatar.com\/avatar\/c82db564e8a669bf6023357a157b9dc4780f4d4c618f2ad1d71a6a5dede45057?s=96&d=mm&r=g","url":"https:\/\/secure.gravatar.com\/avatar\/c82db564e8a669bf6023357a157b9dc4780f4d4c618f2ad1d71a6a5dede45057?s=96&d=mm&r=g","contentUrl":"https:\/\/secure.gravatar.com\/avatar\/c82db564e8a669bf6023357a157b9dc4780f4d4c618f2ad1d71a6a5dede45057?s=96&d=mm&r=g","caption":"ckl"},"url":"https:\/\/cklcomunicaciones.es\/coop\/author\/cklcomunicaciones\/"}]}},"_links":{"self":[{"href":"https:\/\/cklcomunicaciones.es\/coop\/wp-json\/wp\/v2\/posts\/24458","targetHints":{"allow":["GET"]}}],"collection":[{"href":"https:\/\/cklcomunicaciones.es\/coop\/wp-json\/wp\/v2\/posts"}],"about":[{"href":"https:\/\/cklcomunicaciones.es\/coop\/wp-json\/wp\/v2\/types\/post"}],"author":[{"embeddable":true,"href":"https:\/\/cklcomunicaciones.es\/coop\/wp-json\/wp\/v2\/users\/3"}],"replies":[{"embeddable":true,"href":"https:\/\/cklcomunicaciones.es\/coop\/wp-json\/wp\/v2\/comments?post=24458"}],"version-history":[{"count":0,"href":"https:\/\/cklcomunicaciones.es\/coop\/wp-json\/wp\/v2\/posts\/24458\/revisions"}],"wp:featuredmedia":[{"embeddable":true,"href":"https:\/\/cklcomunicaciones.es\/coop\/wp-json\/wp\/v2\/media\/24459"}],"wp:attachment":[{"href":"https:\/\/cklcomunicaciones.es\/coop\/wp-json\/wp\/v2\/media?parent=24458"}],"wp:term":[{"taxonomy":"category","embeddable":true,"href":"https:\/\/cklcomunicaciones.es\/coop\/wp-json\/wp\/v2\/categories?post=24458"},{"taxonomy":"post_tag","embeddable":true,"href":"https:\/\/cklcomunicaciones.es\/coop\/wp-json\/wp\/v2\/tags?post=24458"}],"curies":[{"name":"wp","href":"https:\/\/api.w.org\/{rel}","templated":true}]}}