{"id":24418,"date":"2025-01-31T19:01:52","date_gmt":"2025-01-31T18:01:52","guid":{"rendered":"https:\/\/cklcomunicaciones.es\/coop\/?p=24418"},"modified":"2025-11-06T18:50:18","modified_gmt":"2025-11-06T17:50:18","slug":"20-anos-innovando-conectando-ideas-creando-impacto","status":"publish","type":"post","link":"https:\/\/cklcomunicaciones.es\/coop\/20-anos-innovando-conectando-ideas-creando-impacto\/","title":{"rendered":"CKL Comunicaciones: 20 a\u00f1os innovando, conectando ideas y creando impacto"},"content":{"rendered":"<div class=\"fusion-fullwidth fullwidth-box fusion-builder-row-1 fusion-flex-container nonhundred-percent-fullwidth non-hundred-percent-height-scrolling\" style=\"--awb-border-radius-top-left:0px;--awb-border-radius-top-right:0px;--awb-border-radius-bottom-right:0px;--awb-border-radius-bottom-left:0px;--awb-flex-wrap:wrap;\" ><div class=\"fusion-builder-row fusion-row fusion-flex-align-items-flex-start fusion-flex-content-wrap\" style=\"max-width:1248px;margin-left: calc(-4% \/ 2 );margin-right: calc(-4% \/ 2 );\"><div class=\"fusion-layout-column fusion_builder_column fusion-builder-column-0 fusion_builder_column_1_1 1_1 fusion-flex-column\" style=\"--awb-bg-blend:overlay;--awb-bg-size:cover;--awb-width-large:100%;--awb-margin-top-large:0px;--awb-spacing-right-large:1.92%;--awb-margin-bottom-large:0px;--awb-spacing-left-large:1.92%;--awb-width-medium:100%;--awb-spacing-right-medium:1.92%;--awb-spacing-left-medium:1.92%;--awb-width-small:100%;--awb-spacing-right-small:1.92%;--awb-spacing-left-small:1.92%;\"><div class=\"fusion-column-wrapper fusion-flex-justify-content-flex-start fusion-content-layout-column\"><div class=\"fusion-text fusion-text-1\"><div class=\"x11i5rnm xat24cr x1mh8g0r x1vvkbs xdj266r x126k92a\">\n<p class=\"article-excerpt\"><strong>CKL Comunicaciones Coop<\/strong>, consultora europea especializada en proyectos de econom\u00eda social y solidaria con 20 a\u00f1os de experiencia, contin\u00faa con su filosof\u00eda de seguir innovando, conectando ideas y creando impacto. En esta l\u00ednea, ha presentado el proyecto \u2018<strong>CKL Comunicaciones: Conectando ideas y Creando impacto\u2019<\/strong>, una iniciativa p\u00fablico-privada cofinanciada por la propia empresa cooperativa y por el Gobierno de Espa\u00f1a a trav\u00e9s de fondos del PERTE de Econom\u00eda Social y Cuidados y fondos europeos NextGenerationEU.<\/p>\n<p class=\"article-excerpt\">La propuesta del proyecto &#8216;CKL Comunicaciones: Conectando ideas y Creando impacto\u2019 se plantea como un proyecto trasformador de apoyo a la modernizaci\u00f3n tecnol\u00f3gica de la empresa cooperativa mediante la creaci\u00f3n de una nueva plataforma digital como herramienta para seguir aumentando su alcance a nuevos p\u00fablicos a los que ofrecer sus servicios, con un claro componente de valor a\u00f1adido de justicia econ\u00f3mica y social, de reducci\u00f3n de las brechas rural y de g\u00e9nero, as\u00ed como de coadyuvar a la consecuci\u00f3n de la igualdad real y efectiva entre mujeres y hombres.<\/p>\n<p class=\" b_topTitle\">Con este objetivo, CKL Comunicaciones Coop ha actualizado el dise\u00f1o y la arquitectura de su sitio web y ampliado la cartera de los servicios y productos que ofrece, redefiniendo la estrategia digital de difusi\u00f3n a trav\u00e9s de la que los da a conocer y se interrelaciona con sus clientes, prescriptores y ciudadan\u00eda en general. Con este proceso de modernizaci\u00f3n, se busca por tanto adaptarse a las nuevas realidades en el contexto de la transici\u00f3n digital.<\/p>\n<p>Paz Castro Arillo, socia fundadora de CKL Comunicaciones, explic\u00f3 en su intervenci\u00f3n durante la presentaci\u00f3n que la nueva apuesta del sitio web de la cooperativa sirve para avanzar, para ser cada vez m\u00e1s inclusiva y accesible. Se ha optado por un dise\u00f1o limpio, simple y atractivo, con clara jerarqu\u00eda visual, navegaci\u00f3n intuitiva, mensajes claros, contenido persuasivo y elementos interactivos, im\u00e1genes y multimedia de calidad y con <em>calls to action<\/em> efectivos para guiar a las personas usuarias hacia las acciones que desean\u00a0 realizar. De igual forma, indic\u00f3 que la nueva apuesta tecnol\u00f3gica aumenta la credibilidad de la marca corporativa de la empresa ante personas y entidades prescriptoras y posible clientela y personas usuarias. Se refuerza la interacci\u00f3n con prescriptoras y potenciales leads y garantiza que tanto el contenido y los servicios y productos presentados en la plataforma sean accesibles, cumpliendo con los est\u00e1ndares W3C.<\/p>\n<p>Este proyecto de innovaci\u00f3n tecnol\u00f3gica ha supuesto un apoyo cr\u00edtico para la empresa en la prestaci\u00f3n de sus servicios renovados, manteniendo su marco de referencia en la econom\u00eda social y con perspectiva de g\u00e9nero desde Andaluc\u00eda para el mundo.<\/p>\n<p>M\u00e1s informaci\u00f3n: <a href=\"https:\/\/cklcomunicaciones.es\/coop\/\">CKL Comunicaciones: consultora de comunicaci\u00f3n y estrategia<\/a><\/p>\n<\/div>\n<p>&nbsp;<\/p>\n<p>&nbsp;<\/p>\n<p>&nbsp;<\/p>\n<\/div><\/div><\/div><\/div><\/div>","protected":false},"excerpt":{"rendered":"","protected":false},"author":3,"featured_media":24717,"comment_status":"closed","ping_status":"closed","sticky":false,"template":"","format":"standard","meta":{"footnotes":""},"categories":[297,299],"tags":[103],"class_list":["post-24418","post","type-post","status-publish","format-standard","has-post-thumbnail","hentry","category-actualidad","category-noticias-destacadas","tag-ckl"],"yoast_head":"<!-- This site is optimized with the Yoast SEO plugin v27.5 - https:\/\/yoast.com\/product\/yoast-seo-wordpress\/ -->\n<title>CKL Comunicaciones: 20 a\u00f1os innovando, conectando ideas y creando impacto<\/title>\n<meta name=\"description\" content=\"El proyecto &#039;CKL Comunicaciones: 20 a\u00f1os innovando, conectando ideas y creando impacto&#039; se cofinancia por el Gobierno de Espa\u00f1a con NextGenEU\" \/>\n<meta name=\"robots\" content=\"index, follow, max-snippet:-1, max-image-preview:large, max-video-preview:-1\" \/>\n<link rel=\"canonical\" href=\"https:\/\/cklcomunicaciones.es\/coop\/20-anos-innovando-conectando-ideas-creando-impacto\/\" \/>\n<meta property=\"og:locale\" content=\"es_ES\" \/>\n<meta property=\"og:type\" content=\"article\" \/>\n<meta property=\"og:title\" content=\"CKL Comunicaciones: 20 a\u00f1os innovando, conectando ideas y creando impacto\" \/>\n<meta property=\"og:description\" content=\"El proyecto &#039;CKL Comunicaciones: 20 a\u00f1os innovando, conectando ideas y creando impacto&#039; se cofinancia por el Gobierno de Espa\u00f1a con NextGenEU\" \/>\n<meta property=\"og:url\" content=\"https:\/\/cklcomunicaciones.es\/coop\/20-anos-innovando-conectando-ideas-creando-impacto\/\" \/>\n<meta property=\"og:site_name\" content=\"CKL Comunicaciones\" \/>\n<meta property=\"article:published_time\" content=\"2025-01-31T18:01:52+00:00\" \/>\n<meta property=\"article:modified_time\" content=\"2025-11-06T17:50:18+00:00\" \/>\n<meta property=\"og:image\" content=\"https:\/\/cklcomunicaciones.es\/coop\/wp-content\/uploads\/CKL-Conectando-Presentacion-enero-2025-2-1200x675.png\" \/>\n\t<meta property=\"og:image:width\" content=\"1200\" \/>\n\t<meta property=\"og:image:height\" content=\"675\" \/>\n\t<meta property=\"og:image:type\" content=\"image\/png\" \/>\n<meta name=\"author\" content=\"ckl\" \/>\n<meta name=\"twitter:card\" content=\"summary_large_image\" \/>\n<meta name=\"twitter:label1\" content=\"Escrito por\" \/>\n\t<meta name=\"twitter:data1\" content=\"ckl\" \/>\n\t<meta name=\"twitter:label2\" content=\"Tiempo de lectura\" \/>\n\t<meta name=\"twitter:data2\" content=\"3 minutos\" \/>\n<script type=\"application\/ld+json\" class=\"yoast-schema-graph\">{\"@context\":\"https:\\\/\\\/schema.org\",\"@graph\":[{\"@type\":\"Article\",\"@id\":\"https:\\\/\\\/cklcomunicaciones.es\\\/coop\\\/20-anos-innovando-conectando-ideas-creando-impacto\\\/#article\",\"isPartOf\":{\"@id\":\"https:\\\/\\\/cklcomunicaciones.es\\\/coop\\\/20-anos-innovando-conectando-ideas-creando-impacto\\\/\"},\"author\":{\"name\":\"ckl\",\"@id\":\"https:\\\/\\\/cklcomunicaciones.es\\\/coop\\\/#\\\/schema\\\/person\\\/929a6837f7626450bbb50cee1aef266e\"},\"headline\":\"CKL Comunicaciones: 20 a\u00f1os innovando, conectando ideas y creando impacto\",\"datePublished\":\"2025-01-31T18:01:52+00:00\",\"dateModified\":\"2025-11-06T17:50:18+00:00\",\"mainEntityOfPage\":{\"@id\":\"https:\\\/\\\/cklcomunicaciones.es\\\/coop\\\/20-anos-innovando-conectando-ideas-creando-impacto\\\/\"},\"wordCount\":614,\"image\":{\"@id\":\"https:\\\/\\\/cklcomunicaciones.es\\\/coop\\\/20-anos-innovando-conectando-ideas-creando-impacto\\\/#primaryimage\"},\"thumbnailUrl\":\"https:\\\/\\\/cklcomunicaciones.es\\\/coop\\\/wp-content\\\/uploads\\\/CKL-Conectando-Presentacion-enero-2025-2.png\",\"keywords\":[\"CKL\"],\"articleSection\":[\"Actualidad\",\"noticias destacadas\"],\"inLanguage\":\"es\"},{\"@type\":\"WebPage\",\"@id\":\"https:\\\/\\\/cklcomunicaciones.es\\\/coop\\\/20-anos-innovando-conectando-ideas-creando-impacto\\\/\",\"url\":\"https:\\\/\\\/cklcomunicaciones.es\\\/coop\\\/20-anos-innovando-conectando-ideas-creando-impacto\\\/\",\"name\":\"CKL Comunicaciones: 20 a\u00f1os innovando, conectando ideas y creando impacto\",\"isPartOf\":{\"@id\":\"https:\\\/\\\/cklcomunicaciones.es\\\/coop\\\/#website\"},\"primaryImageOfPage\":{\"@id\":\"https:\\\/\\\/cklcomunicaciones.es\\\/coop\\\/20-anos-innovando-conectando-ideas-creando-impacto\\\/#primaryimage\"},\"image\":{\"@id\":\"https:\\\/\\\/cklcomunicaciones.es\\\/coop\\\/20-anos-innovando-conectando-ideas-creando-impacto\\\/#primaryimage\"},\"thumbnailUrl\":\"https:\\\/\\\/cklcomunicaciones.es\\\/coop\\\/wp-content\\\/uploads\\\/CKL-Conectando-Presentacion-enero-2025-2.png\",\"datePublished\":\"2025-01-31T18:01:52+00:00\",\"dateModified\":\"2025-11-06T17:50:18+00:00\",\"author\":{\"@id\":\"https:\\\/\\\/cklcomunicaciones.es\\\/coop\\\/#\\\/schema\\\/person\\\/929a6837f7626450bbb50cee1aef266e\"},\"description\":\"El proyecto 'CKL Comunicaciones: 20 a\u00f1os innovando, conectando ideas y creando impacto' se cofinancia por el Gobierno de Espa\u00f1a con NextGenEU\",\"breadcrumb\":{\"@id\":\"https:\\\/\\\/cklcomunicaciones.es\\\/coop\\\/20-anos-innovando-conectando-ideas-creando-impacto\\\/#breadcrumb\"},\"inLanguage\":\"es\",\"potentialAction\":[{\"@type\":\"ReadAction\",\"target\":[\"https:\\\/\\\/cklcomunicaciones.es\\\/coop\\\/20-anos-innovando-conectando-ideas-creando-impacto\\\/\"]}]},{\"@type\":\"ImageObject\",\"inLanguage\":\"es\",\"@id\":\"https:\\\/\\\/cklcomunicaciones.es\\\/coop\\\/20-anos-innovando-conectando-ideas-creando-impacto\\\/#primaryimage\",\"url\":\"https:\\\/\\\/cklcomunicaciones.es\\\/coop\\\/wp-content\\\/uploads\\\/CKL-Conectando-Presentacion-enero-2025-2.png\",\"contentUrl\":\"https:\\\/\\\/cklcomunicaciones.es\\\/coop\\\/wp-content\\\/uploads\\\/CKL-Conectando-Presentacion-enero-2025-2.png\",\"width\":1920,\"height\":1080},{\"@type\":\"BreadcrumbList\",\"@id\":\"https:\\\/\\\/cklcomunicaciones.es\\\/coop\\\/20-anos-innovando-conectando-ideas-creando-impacto\\\/#breadcrumb\",\"itemListElement\":[{\"@type\":\"ListItem\",\"position\":1,\"name\":\"Portada\",\"item\":\"https:\\\/\\\/cklcomunicaciones.es\\\/coop\\\/\"},{\"@type\":\"ListItem\",\"position\":2,\"name\":\"CKL Comunicaciones: 20 a\u00f1os innovando, conectando ideas y creando impacto\"}]},{\"@type\":\"WebSite\",\"@id\":\"https:\\\/\\\/cklcomunicaciones.es\\\/coop\\\/#website\",\"url\":\"https:\\\/\\\/cklcomunicaciones.es\\\/coop\\\/\",\"name\":\"CKL Comunicaciones\",\"description\":\"Sitio web de CKL Comunicaciones coop , la consultora de comunicaci\u00f3n y estrategia\",\"potentialAction\":[{\"@type\":\"SearchAction\",\"target\":{\"@type\":\"EntryPoint\",\"urlTemplate\":\"https:\\\/\\\/cklcomunicaciones.es\\\/coop\\\/?s={search_term_string}\"},\"query-input\":{\"@type\":\"PropertyValueSpecification\",\"valueRequired\":true,\"valueName\":\"search_term_string\"}}],\"inLanguage\":\"es\"},{\"@type\":\"Person\",\"@id\":\"https:\\\/\\\/cklcomunicaciones.es\\\/coop\\\/#\\\/schema\\\/person\\\/929a6837f7626450bbb50cee1aef266e\",\"name\":\"ckl\",\"image\":{\"@type\":\"ImageObject\",\"inLanguage\":\"es\",\"@id\":\"https:\\\/\\\/secure.gravatar.com\\\/avatar\\\/c82db564e8a669bf6023357a157b9dc4780f4d4c618f2ad1d71a6a5dede45057?s=96&d=mm&r=g\",\"url\":\"https:\\\/\\\/secure.gravatar.com\\\/avatar\\\/c82db564e8a669bf6023357a157b9dc4780f4d4c618f2ad1d71a6a5dede45057?s=96&d=mm&r=g\",\"contentUrl\":\"https:\\\/\\\/secure.gravatar.com\\\/avatar\\\/c82db564e8a669bf6023357a157b9dc4780f4d4c618f2ad1d71a6a5dede45057?s=96&d=mm&r=g\",\"caption\":\"ckl\"},\"url\":\"https:\\\/\\\/cklcomunicaciones.es\\\/coop\\\/author\\\/cklcomunicaciones\\\/\"}]}<\/script>\n<!-- \/ Yoast SEO plugin. -->","yoast_head_json":{"title":"CKL Comunicaciones: 20 a\u00f1os innovando, conectando ideas y creando impacto","description":"El proyecto 'CKL Comunicaciones: 20 a\u00f1os innovando, conectando ideas y creando impacto' se cofinancia por el Gobierno de Espa\u00f1a con NextGenEU","robots":{"index":"index","follow":"follow","max-snippet":"max-snippet:-1","max-image-preview":"max-image-preview:large","max-video-preview":"max-video-preview:-1"},"canonical":"https:\/\/cklcomunicaciones.es\/coop\/20-anos-innovando-conectando-ideas-creando-impacto\/","og_locale":"es_ES","og_type":"article","og_title":"CKL Comunicaciones: 20 a\u00f1os innovando, conectando ideas y creando impacto","og_description":"El proyecto 'CKL Comunicaciones: 20 a\u00f1os innovando, conectando ideas y creando impacto' se cofinancia por el Gobierno de Espa\u00f1a con NextGenEU","og_url":"https:\/\/cklcomunicaciones.es\/coop\/20-anos-innovando-conectando-ideas-creando-impacto\/","og_site_name":"CKL Comunicaciones","article_published_time":"2025-01-31T18:01:52+00:00","article_modified_time":"2025-11-06T17:50:18+00:00","og_image":[{"width":1200,"height":675,"url":"https:\/\/cklcomunicaciones.es\/coop\/wp-content\/uploads\/CKL-Conectando-Presentacion-enero-2025-2-1200x675.png","type":"image\/png"}],"author":"ckl","twitter_card":"summary_large_image","twitter_misc":{"Escrito por":"ckl","Tiempo de lectura":"3 minutos"},"schema":{"@context":"https:\/\/schema.org","@graph":[{"@type":"Article","@id":"https:\/\/cklcomunicaciones.es\/coop\/20-anos-innovando-conectando-ideas-creando-impacto\/#article","isPartOf":{"@id":"https:\/\/cklcomunicaciones.es\/coop\/20-anos-innovando-conectando-ideas-creando-impacto\/"},"author":{"name":"ckl","@id":"https:\/\/cklcomunicaciones.es\/coop\/#\/schema\/person\/929a6837f7626450bbb50cee1aef266e"},"headline":"CKL Comunicaciones: 20 a\u00f1os innovando, conectando ideas y creando impacto","datePublished":"2025-01-31T18:01:52+00:00","dateModified":"2025-11-06T17:50:18+00:00","mainEntityOfPage":{"@id":"https:\/\/cklcomunicaciones.es\/coop\/20-anos-innovando-conectando-ideas-creando-impacto\/"},"wordCount":614,"image":{"@id":"https:\/\/cklcomunicaciones.es\/coop\/20-anos-innovando-conectando-ideas-creando-impacto\/#primaryimage"},"thumbnailUrl":"https:\/\/cklcomunicaciones.es\/coop\/wp-content\/uploads\/CKL-Conectando-Presentacion-enero-2025-2.png","keywords":["CKL"],"articleSection":["Actualidad","noticias destacadas"],"inLanguage":"es"},{"@type":"WebPage","@id":"https:\/\/cklcomunicaciones.es\/coop\/20-anos-innovando-conectando-ideas-creando-impacto\/","url":"https:\/\/cklcomunicaciones.es\/coop\/20-anos-innovando-conectando-ideas-creando-impacto\/","name":"CKL Comunicaciones: 20 a\u00f1os innovando, conectando ideas y creando impacto","isPartOf":{"@id":"https:\/\/cklcomunicaciones.es\/coop\/#website"},"primaryImageOfPage":{"@id":"https:\/\/cklcomunicaciones.es\/coop\/20-anos-innovando-conectando-ideas-creando-impacto\/#primaryimage"},"image":{"@id":"https:\/\/cklcomunicaciones.es\/coop\/20-anos-innovando-conectando-ideas-creando-impacto\/#primaryimage"},"thumbnailUrl":"https:\/\/cklcomunicaciones.es\/coop\/wp-content\/uploads\/CKL-Conectando-Presentacion-enero-2025-2.png","datePublished":"2025-01-31T18:01:52+00:00","dateModified":"2025-11-06T17:50:18+00:00","author":{"@id":"https:\/\/cklcomunicaciones.es\/coop\/#\/schema\/person\/929a6837f7626450bbb50cee1aef266e"},"description":"El proyecto 'CKL Comunicaciones: 20 a\u00f1os innovando, conectando ideas y creando impacto' se cofinancia por el Gobierno de Espa\u00f1a con NextGenEU","breadcrumb":{"@id":"https:\/\/cklcomunicaciones.es\/coop\/20-anos-innovando-conectando-ideas-creando-impacto\/#breadcrumb"},"inLanguage":"es","potentialAction":[{"@type":"ReadAction","target":["https:\/\/cklcomunicaciones.es\/coop\/20-anos-innovando-conectando-ideas-creando-impacto\/"]}]},{"@type":"ImageObject","inLanguage":"es","@id":"https:\/\/cklcomunicaciones.es\/coop\/20-anos-innovando-conectando-ideas-creando-impacto\/#primaryimage","url":"https:\/\/cklcomunicaciones.es\/coop\/wp-content\/uploads\/CKL-Conectando-Presentacion-enero-2025-2.png","contentUrl":"https:\/\/cklcomunicaciones.es\/coop\/wp-content\/uploads\/CKL-Conectando-Presentacion-enero-2025-2.png","width":1920,"height":1080},{"@type":"BreadcrumbList","@id":"https:\/\/cklcomunicaciones.es\/coop\/20-anos-innovando-conectando-ideas-creando-impacto\/#breadcrumb","itemListElement":[{"@type":"ListItem","position":1,"name":"Portada","item":"https:\/\/cklcomunicaciones.es\/coop\/"},{"@type":"ListItem","position":2,"name":"CKL Comunicaciones: 20 a\u00f1os innovando, conectando ideas y creando impacto"}]},{"@type":"WebSite","@id":"https:\/\/cklcomunicaciones.es\/coop\/#website","url":"https:\/\/cklcomunicaciones.es\/coop\/","name":"CKL Comunicaciones","description":"Sitio web de CKL Comunicaciones coop , la consultora de comunicaci\u00f3n y estrategia","potentialAction":[{"@type":"SearchAction","target":{"@type":"EntryPoint","urlTemplate":"https:\/\/cklcomunicaciones.es\/coop\/?s={search_term_string}"},"query-input":{"@type":"PropertyValueSpecification","valueRequired":true,"valueName":"search_term_string"}}],"inLanguage":"es"},{"@type":"Person","@id":"https:\/\/cklcomunicaciones.es\/coop\/#\/schema\/person\/929a6837f7626450bbb50cee1aef266e","name":"ckl","image":{"@type":"ImageObject","inLanguage":"es","@id":"https:\/\/secure.gravatar.com\/avatar\/c82db564e8a669bf6023357a157b9dc4780f4d4c618f2ad1d71a6a5dede45057?s=96&d=mm&r=g","url":"https:\/\/secure.gravatar.com\/avatar\/c82db564e8a669bf6023357a157b9dc4780f4d4c618f2ad1d71a6a5dede45057?s=96&d=mm&r=g","contentUrl":"https:\/\/secure.gravatar.com\/avatar\/c82db564e8a669bf6023357a157b9dc4780f4d4c618f2ad1d71a6a5dede45057?s=96&d=mm&r=g","caption":"ckl"},"url":"https:\/\/cklcomunicaciones.es\/coop\/author\/cklcomunicaciones\/"}]}},"_links":{"self":[{"href":"https:\/\/cklcomunicaciones.es\/coop\/wp-json\/wp\/v2\/posts\/24418","targetHints":{"allow":["GET"]}}],"collection":[{"href":"https:\/\/cklcomunicaciones.es\/coop\/wp-json\/wp\/v2\/posts"}],"about":[{"href":"https:\/\/cklcomunicaciones.es\/coop\/wp-json\/wp\/v2\/types\/post"}],"author":[{"embeddable":true,"href":"https:\/\/cklcomunicaciones.es\/coop\/wp-json\/wp\/v2\/users\/3"}],"replies":[{"embeddable":true,"href":"https:\/\/cklcomunicaciones.es\/coop\/wp-json\/wp\/v2\/comments?post=24418"}],"version-history":[{"count":0,"href":"https:\/\/cklcomunicaciones.es\/coop\/wp-json\/wp\/v2\/posts\/24418\/revisions"}],"wp:featuredmedia":[{"embeddable":true,"href":"https:\/\/cklcomunicaciones.es\/coop\/wp-json\/wp\/v2\/media\/24717"}],"wp:attachment":[{"href":"https:\/\/cklcomunicaciones.es\/coop\/wp-json\/wp\/v2\/media?parent=24418"}],"wp:term":[{"taxonomy":"category","embeddable":true,"href":"https:\/\/cklcomunicaciones.es\/coop\/wp-json\/wp\/v2\/categories?post=24418"},{"taxonomy":"post_tag","embeddable":true,"href":"https:\/\/cklcomunicaciones.es\/coop\/wp-json\/wp\/v2\/tags?post=24418"}],"curies":[{"name":"wp","href":"https:\/\/api.w.org\/{rel}","templated":true}]}}