{"id":24351,"date":"2025-03-21T14:40:52","date_gmt":"2025-03-21T13:40:52","guid":{"rendered":"https:\/\/cklcomunicaciones.es\/coop\/?p=24351"},"modified":"2025-04-01T12:32:28","modified_gmt":"2025-04-01T10:32:28","slug":"noticias-info-ckl-2918-21-03-2025","status":"publish","type":"post","link":"https:\/\/cklcomunicaciones.es\/coop\/noticias-info-ckl-2918-21-03-2025\/","title":{"rendered":"Noticias Info CKL #2918 21-03-2025"},"content":{"rendered":"<p><div class=\"fusion-fullwidth fullwidth-box fusion-builder-row-1 fusion-flex-container has-pattern-background has-mask-background nonhundred-percent-fullwidth non-hundred-percent-height-scrolling\" style=\"--awb-border-radius-top-left:0px;--awb-border-radius-top-right:0px;--awb-border-radius-bottom-right:0px;--awb-border-radius-bottom-left:0px;--awb-flex-wrap:wrap;\" ><div class=\"fusion-builder-row fusion-row fusion-flex-align-items-flex-start fusion-flex-content-wrap\" style=\"max-width:1248px;margin-left: calc(-4% \/ 2 );margin-right: calc(-4% \/ 2 );\"><div class=\"fusion-layout-column fusion_builder_column fusion-builder-column-0 fusion_builder_column_1_1 1_1 fusion-flex-column\" style=\"--awb-bg-size:cover;--awb-width-large:100%;--awb-margin-top-large:0px;--awb-spacing-right-large:1.92%;--awb-margin-bottom-large:20px;--awb-spacing-left-large:1.92%;--awb-width-medium:100%;--awb-order-medium:0;--awb-spacing-right-medium:1.92%;--awb-spacing-left-medium:1.92%;--awb-width-small:100%;--awb-order-small:0;--awb-spacing-right-small:1.92%;--awb-spacing-left-small:1.92%;\"><div class=\"fusion-column-wrapper fusion-column-has-shadow fusion-flex-justify-content-flex-start fusion-content-layout-column\"><div class=\"fusion-title title fusion-title-1 fusion-sep-none fusion-title-text fusion-title-size-paragraph\" style=\"--awb-margin-top:20px;--awb-margin-top-small:10px;--awb-margin-right-small:0px;--awb-margin-bottom-small:10px;--awb-margin-left-small:0px;--awb-sep-color:var(--awb-custom_color_1);--awb-font-size:20px;\"><p class=\"fusion-title-heading title-heading-left title-heading-tag fusion-responsive-typography-calculated\" style=\"font-family:&quot;Raleway&quot;;font-style:normal;font-weight:400;margin:0;font-size:1em;--fontSize:20;--minFontSize:20;line-height:var(--awb-typography4-line-height);\"><a class=\"fusion-one-page-text-link\" href=\"#convocatorias\"><mark class=\"fusion-highlight custom-textcolor highlight1 awb-highlight-background rounded\" style=\"--awb-text-color:#ffffff;\"><strong>Convocatorias<\/strong><\/mark><\/a> <a class=\"fusion-one-page-text-link\" href=\"#comunicacion\"><mark class=\"fusion-highlight custom-textcolor highlight1 awb-highlight-background rounded\" style=\"--awb-color:#db9600;--awb-text-color:#ffffff;\"><strong>Comunicaci\u00f3n, Publicidad y TICs<\/strong><\/mark><\/a> <a class=\"fusion-one-page-text-link\" href=\"#andalucia\"><mark class=\"fusion-highlight custom-textcolor highlight1 awb-highlight-background rounded\" style=\"--awb-color:#4cb700;--awb-text-color:#ffffff;\"><strong>Andaluc\u00eda<\/strong><\/mark><\/a> <a class=\"fusion-one-page-text-link\" href=\"#estado\"><mark class=\"fusion-highlight custom-textcolor highlight1 awb-highlight-background rounded\" style=\"--awb-text-color:#ffffff;\"><strong>Estado<\/strong><\/mark><\/a> <a class=\"fusion-one-page-text-link\" href=\"#internacional\"><mark class=\"fusion-highlight custom-textcolor highlight1 awb-highlight-background rounded\" style=\"--awb-color:#0098d9;--awb-text-color:#ffffff;\"><strong>Internacional<\/strong><\/mark><\/a><\/p><\/div><\/div><\/div><\/div><\/div><div class=\"fusion-fullwidth fullwidth-box fusion-builder-row-2 fusion-flex-container has-pattern-background has-mask-background hundred-percent-fullwidth non-hundred-percent-height-scrolling\" style=\"--awb-border-radius-top-left:0px;--awb-border-radius-top-right:0px;--awb-border-radius-bottom-right:0px;--awb-border-radius-bottom-left:0px;--awb-padding-right-small:2%;--awb-padding-left-small:2%;--awb-flex-wrap:wrap;\" ><div class=\"fusion-builder-row fusion-row fusion-flex-align-items-flex-start fusion-flex-content-wrap\" style=\"width:104% !important;max-width:104% !important;margin-left: calc(-4% \/ 2 );margin-right: calc(-4% \/ 2 );\"><div class=\"fusion-layout-column fusion_builder_column fusion-builder-column-1 fusion_builder_column_1_1 1_1 fusion-flex-column\" style=\"--awb-padding-right:20px;--awb-padding-left:20px;--awb-padding-right-small:15px;--awb-padding-left-small:15px;--awb-overflow:hidden;--awb-bg-color:var(--awb-color1);--awb-bg-color-hover:var(--awb-color1);--awb-bg-size:cover;--awb-border-color:var(--awb-color3);--awb-border-top:2px;--awb-border-right:2px;--awb-border-bottom:2px;--awb-border-left:2px;--awb-border-style:solid;--awb-border-radius:15px 15px 15px 15px;--awb-width-large:100%;--awb-margin-top-large:0px;--awb-spacing-right-large:1.92%;--awb-margin-bottom-large:20px;--awb-spacing-left-large:1.92%;--awb-width-medium:100%;--awb-order-medium:0;--awb-spacing-right-medium:1.92%;--awb-spacing-left-medium:1.92%;--awb-width-small:100%;--awb-order-small:0;--awb-spacing-right-small:0px;--awb-spacing-left-small:0px;\" id=\"c_convocatorias\" data-scroll-devices=\"small-visibility,medium-visibility,large-visibility\"><div class=\"fusion-column-wrapper fusion-column-has-shadow fusion-flex-justify-content-flex-start fusion-content-layout-column\"><div class=\"fusion-title title fusion-title-2 fusion-sep-none fusion-title-text fusion-title-size-one\" style=\"--awb-margin-top:20px;--awb-margin-top-small:10px;--awb-margin-right-small:0px;--awb-margin-bottom-small:10px;--awb-margin-left-small:0px;--awb-sep-color:var(--awb-custom_color_1);\" id=\"convocatorias\"><h1 class=\"fusion-title-heading title-heading-left fusion-responsive-typography-calculated\" style=\"font-family:&quot;Raleway&quot;;font-style:normal;font-weight:400;margin:0;--fontSize:40;line-height:var(--awb-typography1-line-height);\"><mark class=\"fusion-highlight custom-textcolor highlight1 awb-highlight-background rounded\" style=\"--awb-text-color:#ffffff;\"><strong>Convocatorias<\/strong><\/mark><\/h1><\/div><div class=\"fusion-text fusion-text-1\" style=\"--awb-line-height:1.5em;--awb-margin-left:10px;\"><ul>\n<li><a href=\"http:\/\/www.juntadeandalucia.es\/iam\/catalogo\/doc\/convocatorias\/2025-genero\/EL-cartel-rural.jpg\" target=\"_blank\" rel=\"noopener\" data-saferedirecturl=\"https:\/\/www.google.com\/url?q=http:\/\/www.juntadeandalucia.es\/iam\/catalogo\/doc\/convocatorias\/2025-genero\/EL-cartel-rural.jpg&amp;source=gmail&amp;ust=1742399808678000&amp;usg=AOvVaw1LY8EJMP9DJbpGz4nC1xN3\">Proyecto \u201cEstrategia cultural en el medio rural: igualdad, patrimonio y teatro<\/a>. Asociaci\u00f3n de Mujeres Artistas Las Roldanas.\n<ul>\n<li>24 de marzo. Puerto Real.\u00a0<a href=\"https:\/\/forms.gle\/8E6CzgTHq4vAVsFW9\" target=\"_blank\" rel=\"noopener\" data-saferedirecturl=\"https:\/\/www.google.com\/url?q=https:\/\/forms.gle\/8E6CzgTHq4vAVsFW9&amp;source=gmail&amp;ust=1742399808678000&amp;usg=AOvVaw27UP9rrUCgZSIh7nL75mt0\">Inscripciones<\/a>.\u00a0<a href=\"mailto:ammaalasroldanas@gmail.com\" target=\"_blank\" rel=\"noopener\">M\u00e1s informaci\u00f3n<\/a><\/li>\n<li>26 de marzo. Hornachuelos.\u00a0<a href=\"https:\/\/forms.gle\/8E6CzgTHq4vAVsFW9\" target=\"_blank\" rel=\"noopener\" data-saferedirecturl=\"https:\/\/www.google.com\/url?q=https:\/\/forms.gle\/8E6CzgTHq4vAVsFW9&amp;source=gmail&amp;ust=1742399808678000&amp;usg=AOvVaw27UP9rrUCgZSIh7nL75mt0\">Inscripciones<\/a>.\u00a0<a href=\"mailto:ammaalasroldanas@gmail.com\" target=\"_blank\" rel=\"noopener\">M\u00e1s informaci\u00f3n<\/a>.<\/li>\n<li>27 de marzo. Alcal\u00e1 del R\u00edo. <a href=\"https:\/\/forms.gle\/8E6CzgTHq4vAVsFW9\" target=\"_blank\" rel=\"noopener\" data-saferedirecturl=\"https:\/\/www.google.com\/url?q=https:\/\/forms.gle\/8E6CzgTHq4vAVsFW9&amp;source=gmail&amp;ust=1742399808678000&amp;usg=AOvVaw27UP9rrUCgZSIh7nL75mt0\">Inscripciones<\/a>.\u00a0<a href=\"mailto:ammaalasroldanas@gmail.com\" target=\"_blank\" rel=\"noopener\">M\u00e1s informaci\u00f3n<\/a>.<\/li>\n<\/ul>\n<\/li>\n<li>Exposici\u00f3n de arte\u00a0\u00abDi\u00e1logos con Mujeres. Exposici\u00f3n para la Igualdad\u00bb. Centro Europeo de las Mujeres Mariana Pineda.\u00a0Disponible hasta el 28\u00a0de marzo de 2025.\u00a0<a href=\"https:\/\/www.granada.org\/inet\/wmujer8.nsf\/b8aed10edab670f1c12573f3003a253e\/fa529baf54c8ef82c1258c4900380edd!OpenDocument\" target=\"_blank\" rel=\"noopener\" data-saferedirecturl=\"https:\/\/www.google.com\/url?q=https:\/\/www.granada.org\/inet\/wmujer8.nsf\/b8aed10edab670f1c12573f3003a253e\/fa529baf54c8ef82c1258c4900380edd!OpenDocument&amp;source=gmail&amp;ust=1742399808678000&amp;usg=AOvVaw2BRXELJKD_9mtCDbIWTqQb\">M\u00e1s informaci\u00f3n<\/a>.<\/li>\n<li>Exposici\u00f3n\u00a0\u00ab#8M.Matria\u00bb. Fundaci\u00f3n Euro\u00e1rabe.\u00a0Disponible hasta el 28\u00a0de marzo de 2025.\u00a0<a href=\"https:\/\/fundea.org\/8m-matria25\/\" target=\"_blank\" rel=\"noopener\" data-saferedirecturl=\"https:\/\/www.google.com\/url?q=https:\/\/fundea.org\/8m-matria25\/&amp;source=gmail&amp;ust=1742399808678000&amp;usg=AOvVaw3W2Xmv16KYjcDXJ1pB8RWs\">M\u00e1s informaci\u00f3n<\/a>.<\/li>\n<li>Exposici\u00f3n \u00abMujeres arquitectas\u00bb. Biblioteca de la E.T.S. de Arquitectura de Granada. Disponible hasta el 31 de marzo de 2025. <a href=\"https:\/\/biblioteca.ugr.es\/informacion\/noticias\/mujeres-arquitectas-exposicion-carteles\" target=\"_blank\" rel=\"noopener\" data-saferedirecturl=\"https:\/\/www.google.com\/url?q=https:\/\/biblioteca.ugr.es\/informacion\/noticias\/mujeres-arquitectas-exposicion-carteles&amp;source=gmail&amp;ust=1742399808678000&amp;usg=AOvVaw1zckfxHXskHqgonlIR9-os\">M\u00e1s informaci\u00f3n<\/a>.<\/li>\n<li>Exposici\u00f3n \u00abMujeres en la ciencia y en el deporte\u00bb. Instituto Mixto Universitario Deporte y Salud (iMUDS) de la Universidad de Granada. Disponible hasta el 31 de marzo de 2025.\u00a0<a href=\"https:\/\/canal.ugr.es\/evento\/exposicion-mujeres-en-la-ciencia-y-en-el-deporte\/\" target=\"_blank\" rel=\"noopener\" data-saferedirecturl=\"https:\/\/www.google.com\/url?q=https:\/\/canal.ugr.es\/evento\/exposicion-mujeres-en-la-ciencia-y-en-el-deporte\/&amp;source=gmail&amp;ust=1742399808678000&amp;usg=AOvVaw1XkiPLjySo5lFOCDcBg22g\">M\u00e1s informaci\u00f3n<\/a>.<\/li>\n<li>X Encuentro de EUFEM: La Coeducaci\u00f3n como Pilar de la Igualdad. Plataforma Universitaria de Estudios Feministas y de G\u00e9nero (EUFEM).\u00a020\u00a0y\u00a021\u00a0de marzo. Universidad de Ja\u00e9n.\u00a0<a href=\"https:\/\/plataformauniversitariafemgen.wordpress.com\/2025\/03\/16\/x-encuentro-de-eufem-la-coeducacion-como-pilar-de-la-igualdad\/\" target=\"_blank\" rel=\"noopener\" data-saferedirecturl=\"https:\/\/www.google.com\/url?q=https:\/\/plataformauniversitariafemgen.wordpress.com\/2025\/03\/16\/x-encuentro-de-eufem-la-coeducacion-como-pilar-de-la-igualdad\/&amp;source=gmail&amp;ust=1742399808678000&amp;usg=AOvVaw3SE1FGRg9DZntzZYDB6CGW\">M\u00e1s informaci\u00f3n<\/a>.\u00a0<a href=\"https:\/\/plataformauniversitariafemgen.wordpress.com\/wp-content\/uploads\/2025\/03\/x-eufem.pdf\" target=\"_blank\" rel=\"noopener\" data-saferedirecturl=\"https:\/\/www.google.com\/url?q=https:\/\/plataformauniversitariafemgen.wordpress.com\/wp-content\/uploads\/2025\/03\/x-eufem.pdf&amp;source=gmail&amp;ust=1742399808678000&amp;usg=AOvVaw37-PdUKkbZTOLk23ZnnZ_i\">Programa<\/a>.<\/li>\n<li><a href=\"http:\/\/www.juntadeandalucia.es\/iam\/catalogo\/doc\/convocatorias\/2025-genero\/EL-cartel-asociaciones-jaen.jpg\" target=\"_blank\" rel=\"noopener\" data-saferedirecturl=\"https:\/\/www.google.com\/url?q=http:\/\/www.juntadeandalucia.es\/iam\/catalogo\/doc\/convocatorias\/2025-genero\/EL-cartel-asociaciones-jaen.jpg&amp;source=gmail&amp;ust=1742399808678000&amp;usg=AOvVaw0RZaBWJY2mA4mdCo4hiViK\">I Encuentro nacional de asociaciones de mujeres \u00abJuntas hacemos historia\u00bb<\/a>. Asociaci\u00f3n Mujeres Progresistas Ja\u00e9n. 19 de marzo, a las 18:30 horas.\u00a0<a href=\"http:\/\/www.juntadeandalucia.es\/iam\/catalogo\/doc\/convocatorias\/2025-genero\/EL-programa-asociaciones-jaen.jpg\" target=\"_blank\" rel=\"noopener\" data-saferedirecturl=\"https:\/\/www.google.com\/url?q=http:\/\/www.juntadeandalucia.es\/iam\/catalogo\/doc\/convocatorias\/2025-genero\/EL-programa-asociaciones-jaen.jpg&amp;source=gmail&amp;ust=1742399808678000&amp;usg=AOvVaw2ODpKe6AYaAIO9inxhAaBa\">Programa<\/a>.<\/li>\n<li><a href=\"http:\/\/www.juntadeandalucia.es\/iam\/catalogo\/doc\/convocatorias\/2025-genero\/EL-curso-VG-historica.png\" target=\"_blank\" rel=\"noopener\" data-saferedirecturl=\"https:\/\/www.google.com\/url?q=http:\/\/www.juntadeandalucia.es\/iam\/catalogo\/doc\/convocatorias\/2025-genero\/EL-curso-VG-historica.png&amp;source=gmail&amp;ust=1742399808678000&amp;usg=AOvVaw1iNJ4jxkUvRmCRxTF9XSNS\">Curso de Profundizaci\u00f3n. Violencia de G\u00e9nero: una perspectiva hist\u00f3rica (2\u00aa edici\u00f3n)<\/a>. Asociaci\u00f3n La Bisabuela.\u00a0Del 1 de abril al 31 de mayo de 2025.\u00a0<a href=\"https:\/\/forms.gle\/DW8HWabovxdkoVCQ9\" target=\"_blank\" rel=\"noopener\" data-saferedirecturl=\"https:\/\/www.google.com\/url?q=https:\/\/forms.gle\/DW8HWabovxdkoVCQ9&amp;source=gmail&amp;ust=1742399808678000&amp;usg=AOvVaw0VvVsyuZHxgvxlpnHnC5Yw\">Inscripciones<\/a>.<\/li>\n<li>Presentaci\u00f3n del libro \u201cTal como existimos\u201d de Kaoutar Harchi. Fundaci\u00f3n Tres Culturas. 25 de marzo, a las 19:00 horas.\u00a0<a href=\"https:\/\/tresculturas.org\/actividad\/kaoutar-harchi-nos-presenta-su-libro-tal-como-existimos\/\" target=\"_blank\" rel=\"noopener\" data-saferedirecturl=\"https:\/\/www.google.com\/url?q=https:\/\/tresculturas.org\/actividad\/kaoutar-harchi-nos-presenta-su-libro-tal-como-existimos\/&amp;source=gmail&amp;ust=1742628454122000&amp;usg=AOvVaw1rBh4nXlzlIUtIgc8wu_fE\">M\u00e1s informaci\u00f3n<\/a>.\u00a0<a href=\"https:\/\/www.eventbrite.es\/e\/entradas-conversacion-con-kaoutar-harchi-1262278211109?aff=oddtdtcreator\" target=\"_blank\" rel=\"noopener\" data-saferedirecturl=\"https:\/\/www.google.com\/url?q=https:\/\/www.eventbrite.es\/e\/entradas-conversacion-con-kaoutar-harchi-1262278211109?aff%3Doddtdtcreator&amp;source=gmail&amp;ust=1742628454122000&amp;usg=AOvVaw3v8SoHzIU8kH7gRWphnXYb\">Inscripciones<\/a>.<\/li>\n<li>Proyecci\u00f3n de cortometrajes franc\u00f3fonos en VOSE. Lua\u2019Eba. 24 y 25 de marzo, a las 20:00 horas.\u00a0<a href=\"https:\/\/www.institutfrancais.es\/sevilla\/evento\/lua-eba-kultur-kolectif-la-fiesta-del-cortometraje-los-24-y-25-de-marzo\/\" target=\"_blank\" rel=\"noopener\" data-saferedirecturl=\"https:\/\/www.google.com\/url?q=https:\/\/www.institutfrancais.es\/sevilla\/evento\/lua-eba-kultur-kolectif-la-fiesta-del-cortometraje-los-24-y-25-de-marzo\/&amp;source=gmail&amp;ust=1742628454122000&amp;usg=AOvVaw27t3AeBWqwERFqdz7279VP\">M\u00e1s informaci\u00f3n<\/a>. Reserva previa.<\/li>\n<li>Inauguraci\u00f3n de la exposici\u00f3n \u201cLa mujer que soy: 10 arquitectas rumanas y sus obras\u201d. Institut Fran\u00e7ais de Sevilla. 25 de marzo, a las 10:30 horas. La exposici\u00f3n estar\u00e1 disponible desde el 25 de marzo hasta el 8 de abril.\u00a0<a href=\"https:\/\/www.institutfrancais.es\/sevilla\/evento\/la-mujer-que-soy-10-arquitectas-rumanas-y-sus-obras\/\" target=\"_blank\" rel=\"noopener\" data-saferedirecturl=\"https:\/\/www.google.com\/url?q=https:\/\/www.institutfrancais.es\/sevilla\/evento\/la-mujer-que-soy-10-arquitectas-rumanas-y-sus-obras\/&amp;source=gmail&amp;ust=1742628454122000&amp;usg=AOvVaw061COCNK1AlS8BR_g2bE8g\">M\u00e1s informaci\u00f3n<\/a>.<\/li>\n<li>Concierto \u201cF\u00e1brica F\u00e9mina x Nuevas Carmen\u201d.\u00a0Institut Fran\u00e7ais de Sevilla.\u00a027 de marzo, a las 20:00 horas. Entrada gratuita previa reserva.\u00a0<a href=\"https:\/\/www.institutfrancais.es\/sevilla\/evento\/f3c-fabrica-femina-un-concierto-de-cleo-t\/\" target=\"_blank\" rel=\"noopener\" data-saferedirecturl=\"https:\/\/www.google.com\/url?q=https:\/\/www.institutfrancais.es\/sevilla\/evento\/f3c-fabrica-femina-un-concierto-de-cleo-t\/&amp;source=gmail&amp;ust=1742628454122000&amp;usg=AOvVaw1_TcJ7F5kSnVAd59LGY1dn\">M\u00e1s informaci\u00f3n<\/a>.<\/li>\n<li>Encuentros culturales\u00bbCordobesas en la historia. Un recorrido por nuestras mujeres desde Roma al siglo XX\u00bb.\u00a0Fundaci\u00f3n Cajasol. 25 de marzo, a las 19:30 horas.\u00a0Entrada libre hasta completar aforo.\u00a0<a href=\"https:\/\/fundacioncajasol.com\/events\/cordobesas-en-la-historia-un-recorrido-por-nuestras-mujeres-desde-roma-al-siglo-xx-sede-cordoba\/\" target=\"_blank\" rel=\"noopener\" data-saferedirecturl=\"https:\/\/www.google.com\/url?q=https:\/\/fundacioncajasol.com\/events\/cordobesas-en-la-historia-un-recorrido-por-nuestras-mujeres-desde-roma-al-siglo-xx-sede-cordoba\/&amp;source=gmail&amp;ust=1742628454122000&amp;usg=AOvVaw3VM5BJCh0vGqUKgUOKZSx8\">M\u00e1s informaci\u00f3n<\/a>.<\/li>\n<\/ul>\n<\/div><\/div><\/div><\/div><\/div><div class=\"fusion-fullwidth fullwidth-box fusion-builder-row-3 fusion-flex-container has-pattern-background has-mask-background hundred-percent-fullwidth non-hundred-percent-height-scrolling\" style=\"--awb-border-radius-top-left:0px;--awb-border-radius-top-right:0px;--awb-border-radius-bottom-right:0px;--awb-border-radius-bottom-left:0px;--awb-padding-right-small:2%;--awb-padding-left-small:2%;--awb-flex-wrap:wrap;\" ><div class=\"fusion-builder-row fusion-row fusion-flex-align-items-flex-start fusion-flex-content-wrap\" style=\"width:104% !important;max-width:104% !important;margin-left: calc(-4% \/ 2 );margin-right: calc(-4% \/ 2 );\"><div class=\"fusion-layout-column fusion_builder_column fusion-builder-column-2 fusion_builder_column_1_1 1_1 fusion-flex-column\" style=\"--awb-padding-right:20px;--awb-padding-left:20px;--awb-padding-right-small:15px;--awb-padding-left-small:15px;--awb-overflow:hidden;--awb-bg-color:var(--awb-color1);--awb-bg-color-hover:var(--awb-color1);--awb-bg-size:cover;--awb-border-color:var(--awb-color3);--awb-border-top:2px;--awb-border-right:2px;--awb-border-bottom:2px;--awb-border-left:2px;--awb-border-style:solid;--awb-border-radius:15px 15px 15px 15px;--awb-width-large:100%;--awb-margin-top-large:0px;--awb-spacing-right-large:1.92%;--awb-margin-bottom-large:20px;--awb-spacing-left-large:1.92%;--awb-width-medium:100%;--awb-order-medium:0;--awb-spacing-right-medium:1.92%;--awb-spacing-left-medium:1.92%;--awb-width-small:100%;--awb-order-small:0;--awb-spacing-right-small:0px;--awb-spacing-left-small:0px;\" id=\"comunicacion_tics\" data-scroll-devices=\"small-visibility,medium-visibility,large-visibility\"><div class=\"fusion-column-wrapper fusion-column-has-shadow fusion-flex-justify-content-flex-start fusion-content-layout-column\"><div class=\"fusion-title title fusion-title-3 fusion-sep-none fusion-title-text fusion-title-size-one\" style=\"--awb-margin-top:20px;--awb-margin-top-small:10px;--awb-margin-right-small:0px;--awb-margin-bottom-small:10px;--awb-margin-left-small:0px;--awb-sep-color:var(--awb-custom_color_1);\" id=\"comunicacion\"><h1 class=\"fusion-title-heading title-heading-left fusion-responsive-typography-calculated\" style=\"font-family:&quot;Raleway&quot;;font-style:normal;font-weight:400;margin:0;--fontSize:40;line-height:var(--awb-typography1-line-height);\"><mark class=\"fusion-highlight custom-textcolor highlight1 awb-highlight-background rounded\" style=\"--awb-color:#db9600;--awb-text-color:#ffffff;\"><strong>Comunicaci\u00f3n, Publicidad y TICs<\/strong><\/mark><\/h1><\/div><div class=\"fusion-text fusion-text-2\" style=\"--awb-line-height:1.5em;--awb-margin-left:10px;\"><ul>\n<li><a class=\"title\" href=\"https:\/\/www.diariodecadiz.es\/cadiz\/viii-jornadas-igualdad-csif-centran-representacion-mujer-cultura-medios_0_2003525156.html\" target=\"_blank\" rel=\"noopener\" data-artpy=\"0\" data-author=\"Diario de C\u00e1diz\">Las VIII Jornadas de Igualdad de CSIF se centran en la representaci\u00f3n de la mujer en la cultura y en los medios<\/a> @diariodecadiz<\/li>\n<li><a class=\"title\" href=\"https:\/\/www.rtve.es\/rtve\/20250319\/rtve-obtiene-distintivo-igualdad-empresa-instituto-mujeres\/16498736.shtml\" target=\"_blank\" rel=\"noopener\" data-artpy=\"0\" data-author=\"RTVE\">RTVE obtiene el distintivo &#8216;Igualdad en la Empresa&#8217; del Instituto de las Mujeres<\/a> @rtve<\/li>\n<li><a class=\"title\" href=\"https:\/\/www.relevo.com\/juegos-olimpicos\/teledeporte-busca-director-20250320190740-nt.html\" target=\"_blank\" rel=\"noopener\" data-artpy=\"0\" data-author=\"Relevo\">Teledeporte busca nuevo director para definir el futuro del canal y potenciar el deporte femenino<\/a> @relevo<\/li>\n<li><a class=\"title\" href=\"https:\/\/www.elperiodico.com\/es\/tele\/20250320\/mujeres-television-cosmo-115462407\" target=\"_blank\" rel=\"noopener\" data-artpy=\"0\" data-author=\"El Peri\u00f3dico\">Acoso, sexismo e intentos de agresi\u00f3n: seis profesionales de la televisi\u00f3n hablan de la evoluci\u00f3n de la mujer en la peque\u00f1a pantalla<\/a> @elperiodico<\/li>\n<\/ul>\n<\/div><\/div><\/div><\/div><\/div><div class=\"fusion-fullwidth fullwidth-box fusion-builder-row-4 fusion-flex-container has-pattern-background has-mask-background hundred-percent-fullwidth non-hundred-percent-height-scrolling\" style=\"--awb-border-radius-top-left:0px;--awb-border-radius-top-right:0px;--awb-border-radius-bottom-right:0px;--awb-border-radius-bottom-left:0px;--awb-padding-right-small:2%;--awb-padding-left-small:2%;--awb-flex-wrap:wrap;\" id=\"and\" ><div class=\"fusion-builder-row fusion-row fusion-flex-align-items-flex-start fusion-flex-content-wrap\" style=\"width:104% !important;max-width:104% !important;margin-left: calc(-4% \/ 2 );margin-right: calc(-4% \/ 2 );\"><div class=\"fusion-layout-column fusion_builder_column fusion-builder-column-3 fusion_builder_column_1_1 1_1 fusion-flex-column\" style=\"--awb-padding-right:20px;--awb-padding-left:20px;--awb-padding-right-small:15px;--awb-padding-left-small:15px;--awb-overflow:hidden;--awb-bg-color:var(--awb-color1);--awb-bg-color-hover:var(--awb-color1);--awb-bg-size:cover;--awb-border-color:var(--awb-color3);--awb-border-top:2px;--awb-border-right:2px;--awb-border-bottom:2px;--awb-border-left:2px;--awb-border-style:solid;--awb-border-radius:15px 15px 15px 15px;--awb-width-large:100%;--awb-margin-top-large:0px;--awb-spacing-right-large:1.92%;--awb-margin-bottom-large:20px;--awb-spacing-left-large:1.92%;--awb-width-medium:100%;--awb-order-medium:0;--awb-spacing-right-medium:1.92%;--awb-spacing-left-medium:1.92%;--awb-width-small:100%;--awb-order-small:0;--awb-spacing-right-small:0px;--awb-spacing-left-small:0px;\" id=\"c_andalucia\" data-scroll-devices=\"small-visibility,medium-visibility,large-visibility\"><div class=\"fusion-column-wrapper fusion-column-has-shadow fusion-flex-justify-content-flex-start fusion-content-layout-column\"><div class=\"fusion-title title fusion-title-4 fusion-sep-none fusion-title-text fusion-title-size-one\" style=\"--awb-margin-top:20px;--awb-margin-top-small:10px;--awb-margin-right-small:0px;--awb-margin-bottom-small:10px;--awb-margin-left-small:0px;--awb-sep-color:var(--awb-custom_color_1);\" id=\"andalucia\"><h1 class=\"fusion-title-heading title-heading-left fusion-responsive-typography-calculated\" style=\"font-family:&quot;Raleway&quot;;font-style:normal;font-weight:400;margin:0;--fontSize:40;line-height:var(--awb-typography1-line-height);\"><mark class=\"fusion-highlight custom-textcolor highlight1 awb-highlight-background rounded\" style=\"--awb-color:#4cb700;--awb-text-color:#ffffff;\"><strong>Andaluc\u00eda<\/strong><\/mark><\/h1><\/div><div class=\"fusion-title title fusion-title-5 fusion-sep-none fusion-title-text fusion-title-size-two fusion-animated\" style=\"--awb-text-color:var(--awb-color7);--awb-margin-top-small:10px;--awb-margin-right-small:0px;--awb-margin-bottom-small:10px;--awb-margin-left-small:0px;--awb-sep-color:var(--awb-custom_color_1);--awb-font-size:24px;\" data-animationType=\"fadeIn\" data-animationDuration=\"0.3\" data-animationOffset=\"top-into-view\" id=\"a_institucional\"><h2 class=\"fusion-title-heading title-heading-left fusion-responsive-typography-calculated\" style=\"margin:0;font-size:1em;--fontSize:24;line-height:var(--awb-typography1-line-height);\"><mark class=\"fusion-highlight light highlight1 awb-highlight-background rounded\" style=\"--awb-color:#d1d1d1;\"><strong> Institucional<\/strong>\u00a0<\/mark><\/h2><\/div><div class=\"fusion-text fusion-text-3\" style=\"--awb-line-height:1.5em;\"><ul>\n<li><a class=\"title\" href=\"https:\/\/www.msn.com\/es-es\/educaci%C3%B3n-y-aprendizaje\/general\/loles-l%C3%B3pez-pone-el-foco-en-la-sensibilizaci%C3%B3n-y-la-formaci%C3%B3n-para-construir-una-sociedad-libre-e-igualitaria\/ar-AA1B4Xn6?ocid=BingNewsVerp\" target=\"_blank\" rel=\"noopener\" data-artpy=\"0\" data-author=\"Europa Press on MSN\">Loles L\u00f3pez pone el foco en la sensibilizaci\u00f3n y la formaci\u00f3n para construir una sociedad libre e igualitaria<\/a> @europapress<\/li>\n<\/ul>\n<\/div><div class=\"fusion-title title fusion-title-6 fusion-sep-none fusion-title-text fusion-title-size-two fusion-animated\" style=\"--awb-text-color:var(--awb-color7);--awb-margin-top-small:10px;--awb-margin-right-small:0px;--awb-margin-bottom-small:10px;--awb-margin-left-small:0px;--awb-sep-color:var(--awb-custom_color_1);--awb-font-size:24px;\" data-animationType=\"fadeIn\" data-animationDuration=\"0.3\" data-animationOffset=\"top-into-view\" id=\"a_economia_empresa\"><h2 class=\"fusion-title-heading title-heading-left fusion-responsive-typography-calculated\" style=\"margin:0;font-size:1em;--fontSize:24;line-height:var(--awb-typography1-line-height);\"><mark class=\"fusion-highlight light highlight1 awb-highlight-background rounded\" style=\"--awb-color:#d1d1d1;\"><strong>Econom\u00eda y Empresa<\/strong><\/mark><\/h2><\/div><div class=\"fusion-text fusion-text-4\" style=\"--awb-line-height:1.5em;\"><ul>\n<li><a class=\"title\" href=\"https:\/\/www.msn.com\/es-es\/noticias\/other\/roc%C3%ADo-blanco-destaca-que-andaluc%C3%ADa-es-la-segunda-comunidad-donde-m%C3%A1s-ha-disminuido-el-desempleo-femenino-desde-2018\/ar-AA1BnECK?ocid=BingNewsVerp\" target=\"_blank\" rel=\"noopener\" data-artpy=\"0\" data-author=\"Europa Press on MSN\">Roc\u00edo Blanco destaca que Andaluc\u00eda es la segunda comunidad donde m\u00e1s ha disminuido el desempleo femenino desde 2018\u00a0<\/a>@europapress<\/li>\n<li><a class=\"title\" href=\"https:\/\/andaluciainformacion.es\/cadiz\/1879370\/el-esfuerzo-la-experiencia-y-el-exito-profesional-desde-el-punto-de-vista-femenino\/\" target=\"_blank\" rel=\"noopener\" data-artpy=\"0\" data-author=\"Andaluc\u00eda Informaci\u00f3n\">El esfuerzo, la experiencia y el \u00e9xito profesional, desde el punto de vista femenino<\/a> @andaluciainformacion<\/li>\n<li><a class=\"title\" href=\"https:\/\/www.ideal.es\/almeria\/almeria\/mujeres-profesionales-almeria-debaten-sobre-desafios-lucha-20250317235212-nt.html\" target=\"_blank\" rel=\"noopener\" data-artpy=\"0\" data-author=\"IDEAL\">Mujeres profesionales de Almer\u00eda debaten sobre los desaf\u00edos y la lucha diaria por la igualdad real<\/a> @ideal<\/li>\n<li><a class=\"title\" href=\"https:\/\/www.diariodesevilla.es\/economia\/empleo-digitalizacion-andalucia-mercado-transformacion_0_2003561818.html\" target=\"_blank\" rel=\"noopener\" data-artpy=\"0\" data-author=\"Diario de Sevilla\">Empleo y digitalizaci\u00f3n en Andaluc\u00eda, un mercado en transformaci\u00f3n<\/a> @diariodesevilla<\/li>\n<li><a href=\"https:\/\/www.google.com\/url?rct=j&amp;sa=t&amp;url=https:\/\/cordopolis.eldiario.es\/mas-noticias\/nace-catedra-economia-social-universidad-cordoba_1_12144195.html&amp;ct=ga&amp;cd=CAEYAioTNjEyNTY3MzAzMTc1ODc3MTA3NjIbZTBmNTg2ODk3YjVmNzgzZTplczplczpFUzpM&amp;usg=AOvVaw1225nuq_Vko2HIyUFaoy8s\" target=\"_blank\" rel=\"noopener\" data-saferedirecturl=\"https:\/\/www.google.com\/url?q=https:\/\/www.google.com\/url?rct%3Dj%26sa%3Dt%26url%3Dhttps:\/\/cordopolis.eldiario.es\/mas-noticias\/nace-catedra-economia-social-universidad-cordoba_1_12144195.html%26ct%3Dga%26cd%3DCAEYAioTNjEyNTY3MzAzMTc1ODc3MTA3NjIbZTBmNTg2ODk3YjVmNzgzZTplczplczpFUzpM%26usg%3DAOvVaw1225nuq_Vko2HIyUFaoy8s&amp;source=gmail&amp;ust=1742630592949000&amp;usg=AOvVaw1_y3uDZxTrXuW1NEqtn3dG\">Nace la C\u00e1tedra de\u00a0Econom\u00eda Social\u00a0de la Universidad de C\u00f3rdoba<\/a> @cordopolis<\/li>\n<\/ul>\n<\/div><div class=\"fusion-title title fusion-title-7 fusion-sep-none fusion-title-text fusion-title-size-two fusion-animated\" style=\"--awb-text-color:var(--awb-color7);--awb-margin-top-small:10px;--awb-margin-right-small:0px;--awb-margin-bottom-small:10px;--awb-margin-left-small:0px;--awb-sep-color:var(--awb-custom_color_1);--awb-font-size:24px;\" data-animationType=\"fadeIn\" data-animationDuration=\"0.3\" data-animationOffset=\"top-into-view\" id=\"a_actualidad\"><h2 class=\"fusion-title-heading title-heading-left fusion-responsive-typography-calculated\" style=\"margin:0;font-size:1em;--fontSize:24;line-height:var(--awb-typography1-line-height);\"><mark class=\"fusion-highlight light highlight1 awb-highlight-background rounded\" style=\"--awb-color:#d1d1d1;\"><strong>Actualidad<\/strong><\/mark><\/h2><\/div><div class=\"fusion-text fusion-text-5\" style=\"--awb-line-height:1.5em;\"><ul>\n<li><a class=\"title\" href=\"https:\/\/www.msn.com\/es-es\/noticias\/espana\/andaluc%C3%ADa-distingue-a-15-personas-y-entidades-por-su-compromiso-en-la-defensa-de-la-igualdad-real\/ar-AA1BiPuH?ocid=BingNewsVerp\" target=\"_blank\" rel=\"noopener\" data-artpy=\"0\" data-author=\"Europa Press on MSN\">Andaluc\u00eda distingue a 15 personas y entidades por su compromiso en la defensa de la igualdad real<\/a> @europapress<\/li>\n<li><a class=\"title\" href=\"https:\/\/www.msn.com\/es-es\/pol%C3%ADtica\/gobierno\/la-asociaci%C3%B3n-mujeres-en-el-sector-p%C3%BAblico-debate-en-la-rinconada-la-igualdad-mediante-la-transversalidad\/ar-AA1AWitY?ocid=BingNewsVerp\" target=\"_blank\" rel=\"noopener\" data-artpy=\"0\" data-author=\"Europa Press on MSN\">La asociaci\u00f3n &#8216;Mujeres en el Sector P\u00fablico&#8217; debate en La Rinconada (Sevilla) la igualdad mediante la transversalidad<\/a> @europapress<\/li>\n<\/ul>\n<\/div><div class=\"fusion-title title fusion-title-8 fusion-sep-none fusion-title-text fusion-title-size-two fusion-animated\" style=\"--awb-text-color:var(--awb-color7);--awb-margin-top-small:10px;--awb-margin-right-small:0px;--awb-margin-bottom-small:10px;--awb-margin-left-small:0px;--awb-sep-color:var(--awb-custom_color_1);--awb-font-size:24px;\" data-animationType=\"fadeIn\" data-animationDuration=\"0.3\" data-animationOffset=\"top-into-view\" id=\"a_violencias\"><h2 class=\"fusion-title-heading title-heading-left fusion-responsive-typography-calculated\" style=\"margin:0;font-size:1em;--fontSize:24;line-height:var(--awb-typography1-line-height);\"><mark class=\"fusion-highlight light highlight1 awb-highlight-background rounded\" style=\"--awb-color:#d1d1d1;\"><strong>Violencias<\/strong><\/mark><\/h2><\/div><div class=\"fusion-text fusion-text-6\" style=\"--awb-line-height:1.5em;\"><ul>\n<li><a class=\"title\" href=\"https:\/\/www.juntadeandalucia.es\/presidencia\/portavoz\/salud\/202717\/salud\/universidad\/granada\/colaboraran\/acreditar\/centros\/universitarios\/libres\/violencia\/genero\" target=\"_blank\" rel=\"noopener\" data-artpy=\"0\" data-author=\"Junta de Andaluc\u00eda\">Salud y la Universidad de Granada acreditar\u00e1n a los &#8216;centros universitarios libres de violencia de g\u00e9nero&#8217;<\/a> @juntadeandalucia<\/li>\n<li><a class=\"title\" href=\"https:\/\/www.msn.com\/es-es\/crimen\/general\/interior-detecta-en-viog%C3%A9n-16-413-casos-activos-de-v%C3%ADctimas-de-violencia-de-g%C3%A9nero-en-la-comunitat-valenciana\/ar-AA1AVIiM?ocid=BingNewsVerp\" target=\"_blank\" rel=\"noopener\" data-artpy=\"0\" data-author=\"Valencia Plaza on MSN\">Andaluc\u00eda es la comunidad que m\u00e1s casos activos de violencia de g\u00e9nero registra en VioG\u00e9n, un total de 26.407<\/a> @valenciaplaza<\/li>\n<\/ul>\n<\/div><div class=\"fusion-title title fusion-title-9 fusion-sep-none fusion-title-text fusion-title-size-two fusion-animated\" style=\"--awb-text-color:var(--awb-color7);--awb-margin-top-small:10px;--awb-margin-right-small:0px;--awb-margin-bottom-small:10px;--awb-margin-left-small:0px;--awb-sep-color:var(--awb-custom_color_1);--awb-font-size:24px;\" data-animationType=\"fadeIn\" data-animationDuration=\"0.3\" data-animationOffset=\"top-into-view\" id=\"a_violencias\"><h2 class=\"fusion-title-heading title-heading-left fusion-responsive-typography-calculated\" style=\"margin:0;font-size:1em;--fontSize:24;line-height:var(--awb-typography1-line-height);\"><mark class=\"fusion-highlight light highlight1 awb-highlight-background rounded\" style=\"--awb-color:#d1d1d1;\"><strong> Ciencia y Cultura<\/strong> <\/mark><\/h2><\/div><div class=\"fusion-text fusion-text-7\" style=\"--awb-line-height:1.5em;\"><ul>\n<li><a class=\"title\" href=\"https:\/\/www.canalsur.es\/rtva\/comunicacion\/andaluzas-del-siglo-xxi-mujeres-valientes\/2143040.html\" target=\"_blank\" rel=\"noopener\" data-artpy=\"0\" data-author=\"Canal Sur\">Andaluzas del siglo XXI. Mujeres valientes<\/a> @Canalsur<\/li>\n<li><a class=\"title\" href=\"https:\/\/www.ideal.es\/culturas\/jaen\/mujer-internacional-2025-muestra-obras-arte-realizadas-20250313225652-nt.html\" target=\"_blank\" rel=\"noopener\" data-artpy=\"0\" data-author=\"IDEAL\">&#8216;Mujer Internacional 2025&#8217; muestra 60 obras de arte realizadas por pintoras de 8 pa\u00edses diferentes<\/a> @elideal<\/li>\n<li><a class=\"title\" href=\"https:\/\/www.diariosur.es\/cronicauma\/ocio\/cine-protagonizado-mujeres-llega-contenedor-cultural-20250312192112-nt.html\" target=\"_blank\" rel=\"noopener\" data-artpy=\"0\" data-author=\"Diario Sur\">El cine protagonizado por mujeres llega al Contenedor Cultural<\/a> @sur<\/li>\n<li><a class=\"title\" href=\"https:\/\/www.elperiodico.com\/es\/ocio-y-cultura\/20250314\/festival-malaga-arranca-60-peliculas-115304161\" target=\"_blank\" rel=\"noopener\" data-artpy=\"0\" data-author=\"El Peri\u00f3dico\">El Festival de M\u00e1laga arranca con un 60% de pel\u00edculas dirigidas por mujeres<\/a> @elperiodico<\/li>\n<li><a class=\"title\" href=\"https:\/\/www.canarias7.es\/cultura\/festival-malaga-entrega-biznagas-reivindican-mujer-derechos-20250319160506-vi.html\" target=\"_blank\" rel=\"noopener\" data-artpy=\"0\" data-author=\"Canarias7\">Festival de M\u00e1laga entrega Biznagas que reivindican a la mujer y sus derechos en el cine<\/a> @canarias7<\/li>\n<li><a class=\"title\" href=\"https:\/\/www.rtve.es\/rtve\/20250320\/igualdad-foco-encuentro-del-observatorio-igualdad-rtve-festival-malaga-con-asociaciones-mujeres-del-sector-audiovisual\/16499485.shtml\" target=\"_blank\" rel=\"noopener\" data-artpy=\"0\" data-author=\"RTVE\">&#8216;Igualdad en el foco&#8217;: encuentro del Observatorio de Igualdad de RTVE en el Festival de M\u00e1laga con asociaciones de mujeres del sector audiovisual<\/a> @rtve<\/li>\n<\/ul>\n<\/div><div class=\"fusion-title title fusion-title-10 fusion-sep-none fusion-title-text fusion-title-size-two fusion-animated\" style=\"--awb-text-color:var(--awb-color7);--awb-margin-top-small:10px;--awb-margin-right-small:0px;--awb-margin-bottom-small:10px;--awb-margin-left-small:0px;--awb-sep-color:var(--awb-custom_color_1);--awb-font-size:24px;\" data-animationType=\"fadeIn\" data-animationDuration=\"0.3\" data-animationOffset=\"top-into-view\" id=\"a_deporte\"><h2 class=\"fusion-title-heading title-heading-left fusion-responsive-typography-calculated\" style=\"margin:0;font-size:1em;--fontSize:24;line-height:var(--awb-typography1-line-height);\"><mark class=\"fusion-highlight light highlight1 awb-highlight-background rounded\" style=\"--awb-color:#d1d1d1;\"><strong> Deporte<\/strong> <\/mark><\/h2><\/div><div class=\"fusion-text fusion-text-8\" style=\"--awb-line-height:1.5em;\"><ul>\n<li><a class=\"title\" href=\"https:\/\/andaluciainformacion.es\/andalucia\/1878734\/la-marchadora-granadina-maria-perez-premiada-por-la-aepd\/\" target=\"_blank\" rel=\"noopener\" data-artpy=\"0\" data-author=\"Andaluc\u00eda Informaci\u00f3n\">La marchadora granadina Mar\u00eda P\u00e9rez, premiada por la AEPD<\/a> @andaluciainformacion<\/li>\n<li><a class=\"title\" href=\"https:\/\/www.msn.com\/es-es\/dinero\/economia\/wow-el-espect%C3%A1culo-deportivo-de-mma-que-llega-a-sevilla-el-pr%C3%B3ximo-12-de-abril\/ar-AA1B9zdL?ocid=BingNewsVerp\" target=\"_blank\" rel=\"noopener\" data-artpy=\"0\" data-author=\"Europa Press on MSN\">Wow, el espect\u00e1culo deportivo de MMA que llega a Sevilla el pr\u00f3ximo 12 de abril<\/a> @europapress<\/li>\n<li><a class=\"title\" href=\"https:\/\/www.diariosur.es\/marbella\/pabellon-scariolo-estreno-baloncesto-femenino-20250320175846-nt.html\" target=\"_blank\" rel=\"noopener\" data-artpy=\"0\" data-author=\"Diario Sur\">Un campeonato de baloncesto femenino estrenar\u00e1 oficialmente el Pabell\u00f3n Sergio Scariolo<\/a> @sur<\/li>\n<\/ul>\n<\/div><\/div><\/div><\/div><\/div><div class=\"fusion-fullwidth fullwidth-box fusion-builder-row-5 fusion-flex-container has-pattern-background has-mask-background hundred-percent-fullwidth non-hundred-percent-height-scrolling\" style=\"--awb-border-radius-top-left:0px;--awb-border-radius-top-right:0px;--awb-border-radius-bottom-right:0px;--awb-border-radius-bottom-left:0px;--awb-padding-right-small:2%;--awb-padding-left-small:2%;--awb-flex-wrap:wrap;\" ><div class=\"fusion-builder-row fusion-row fusion-flex-align-items-flex-start fusion-flex-content-wrap\" style=\"width:104% !important;max-width:104% !important;margin-left: calc(-4% \/ 2 );margin-right: calc(-4% \/ 2 );\"><div class=\"fusion-layout-column fusion_builder_column fusion-builder-column-4 fusion_builder_column_1_1 1_1 fusion-flex-column\" style=\"--awb-padding-right:20px;--awb-padding-left:20px;--awb-padding-right-small:15px;--awb-padding-left-small:15px;--awb-overflow:hidden;--awb-bg-color:var(--awb-color1);--awb-bg-color-hover:var(--awb-color1);--awb-bg-size:cover;--awb-border-color:var(--awb-color3);--awb-border-top:2px;--awb-border-right:2px;--awb-border-bottom:2px;--awb-border-left:2px;--awb-border-style:solid;--awb-border-radius:15px 15px 15px 15px;--awb-width-large:100%;--awb-margin-top-large:0px;--awb-spacing-right-large:1.92%;--awb-margin-bottom-large:20px;--awb-spacing-left-large:1.92%;--awb-width-medium:100%;--awb-order-medium:0;--awb-spacing-right-medium:1.92%;--awb-spacing-left-medium:1.92%;--awb-width-small:100%;--awb-order-small:0;--awb-spacing-right-small:0px;--awb-spacing-left-small:0px;\" id=\"c_estado\" data-scroll-devices=\"small-visibility,medium-visibility,large-visibility\"><div class=\"fusion-column-wrapper fusion-column-has-shadow fusion-flex-justify-content-flex-start fusion-content-layout-column\"><div class=\"fusion-title title fusion-title-11 fusion-sep-none fusion-title-text fusion-title-size-one\" style=\"--awb-margin-top:20px;--awb-margin-top-small:10px;--awb-margin-right-small:0px;--awb-margin-bottom-small:10px;--awb-margin-left-small:0px;--awb-sep-color:var(--awb-custom_color_1);\" id=\"estado\"><h1 class=\"fusion-title-heading title-heading-left fusion-responsive-typography-calculated\" style=\"font-family:&quot;Raleway&quot;;font-style:normal;font-weight:400;margin:0;--fontSize:40;line-height:var(--awb-typography1-line-height);\"><mark class=\"fusion-highlight custom-textcolor highlight1 awb-highlight-background rounded\" style=\"--awb-text-color:#ffffff;\"><strong>Estado<\/strong><\/mark><\/h1><\/div><div class=\"fusion-title title fusion-title-12 fusion-sep-none fusion-title-text fusion-title-size-two fusion-animated\" style=\"--awb-text-color:var(--awb-color7);--awb-margin-top-small:10px;--awb-margin-right-small:0px;--awb-margin-bottom-small:10px;--awb-margin-left-small:0px;--awb-sep-color:var(--awb-custom_color_1);--awb-font-size:24px;\" data-animationType=\"fadeIn\" data-animationDuration=\"0.3\" data-animationOffset=\"top-into-view\" id=\"e_institucional\"><h2 class=\"fusion-title-heading title-heading-left fusion-responsive-typography-calculated\" style=\"margin:0;font-size:1em;--fontSize:24;line-height:var(--awb-typography1-line-height);\"><mark class=\"fusion-highlight light highlight1 awb-highlight-background rounded\" style=\"--awb-color:#d1d1d1;\"><strong> Institucional<\/strong>\u00a0<\/mark><\/h2><\/div><div class=\"fusion-text fusion-text-9\" style=\"--awb-line-height:1.5em;\"><ul>\n<li><a class=\"title\" href=\"https:\/\/www.msn.com\/es-es\/noticias\/espana\/saiz-destaca-el-avance-en-afiliaci%C3%B3n-de-las-mujeres-a-la-seguridad-social-para-reducir-la-brecha-en-las-pensiones\/ar-AA1AvmGK?ocid=BingNewsVerp\" target=\"_blank\" rel=\"noopener\" data-artpy=\"0\" data-author=\"Europa Press on MSN\">Saiz remarca el avance de las mujeres afiliadas a Seguridad Social para reducir la \u00abbrecha\u00bb en las pensiones<\/a> @europapress<\/li>\n<li><a class=\"title\" href=\"https:\/\/www.eldiario.es\/internacional\/ministra-redondo-lanza-onu-alianza-global-feminista-poniendo-espana-ejemplo_1_12134846.html\" target=\"_blank\" rel=\"noopener\" data-artpy=\"0\" data-author=\"elDiario.es\">Ministra Redondo lanza en la ONU una Alianza Global Feminista poniendo a Espa\u00f1a de ejemplo<\/a> @eldiario<\/li>\n<\/ul>\n<\/div><div class=\"fusion-title title fusion-title-13 fusion-sep-none fusion-title-text fusion-title-size-two fusion-animated\" style=\"--awb-text-color:var(--awb-color7);--awb-margin-top-small:10px;--awb-margin-right-small:0px;--awb-margin-bottom-small:10px;--awb-margin-left-small:0px;--awb-sep-color:var(--awb-custom_color_1);--awb-font-size:24px;\" data-animationType=\"fadeIn\" data-animationDuration=\"0.3\" data-animationOffset=\"top-into-view\" id=\"e_institucional_ccaa\"><h2 class=\"fusion-title-heading title-heading-left fusion-responsive-typography-calculated\" style=\"margin:0;font-size:1em;--fontSize:24;line-height:var(--awb-typography1-line-height);\"><mark class=\"fusion-highlight light highlight1 awb-highlight-background rounded\" style=\"--awb-color:#d1d1d1;\"><strong> Institucional &#8211; CCAA<\/strong>\u00a0<\/mark><\/h2><\/div><div class=\"fusion-text fusion-text-10\" style=\"--awb-line-height:1.5em;\"><ul>\n<li><a href=\"https:\/\/www.google.com\/url?rct=j&amp;sa=t&amp;url=https:\/\/www.ehu.eus\/es\/web\/campusa\/-\/fehuminista-dia-internacional-mujeres&amp;ct=ga&amp;cd=CAEYACoTMjQ3NzkyMDk0MDg5ODQ2NzU4NzIbZTBmNTg2ODk3YjVmNzgzZTplczplczpFUzpM&amp;usg=AOvVaw03QMM9rBuUUHVtVbGEZVIK\" target=\"_blank\" rel=\"noopener\" data-saferedirecturl=\"https:\/\/www.google.com\/url?q=https:\/\/www.google.com\/url?rct%3Dj%26sa%3Dt%26url%3Dhttps:\/\/www.ehu.eus\/es\/web\/campusa\/-\/fehuminista-dia-internacional-mujeres%26ct%3Dga%26cd%3DCAEYACoTMjQ3NzkyMDk0MDg5ODQ2NzU4NzIbZTBmNTg2ODk3YjVmNzgzZTplczplczpFUzpM%26usg%3DAOvVaw03QMM9rBuUUHVtVbGEZVIK&amp;source=gmail&amp;ust=1741797197407000&amp;usg=AOvVaw1DsWMLehLGjvO7leD3A-Hj\">La nueva directora de Igualdad de la UPV\/EHU Maggie Bullen llama a trabajar por una ..<\/a> @<a>UPV\/EHU<\/a><\/li>\n<li><a class=\"title\" href=\"https:\/\/www.diariodemallorca.es\/mallorca\/2025\/03\/06\/estudio-ibdona-pimem-senala-importancia-115018957.html\" target=\"_blank\" rel=\"noopener\" data-artpy=\"0\" data-author=\"Diario de Mallorca\">Un estudio del Ibdona y la Pimem se\u00f1ala la importancia de la salud emocional para detectar casos de violencia machista<\/a> @diariodemallorca<\/li>\n<li><a class=\"title\" href=\"https:\/\/www.msn.com\/es-es\/noticias\/other\/la-junta-valora-el-papel-de-los-medios-de-comunicaci%C3%B3n-en-la-promoci%C3%B3n-de-valores-de-igualdad-entre-mujeres-y-hombres\/ar-AA1AkhII?ocid=BingNewsVerp\" target=\"_blank\" rel=\"noopener\" data-artpy=\"0\" data-author=\"Europa Press on MSN\">La Junta valora el papel de los medios de comunicaci\u00f3n en la promoci\u00f3n de valores de igualdad entre mujeres y hombres<\/a> @europapress<\/li>\n<li><a class=\"title\" href=\"https:\/\/diariodeavisos.elespanol.com\/2025\/03\/mas-de-1-200-llamadas-por-violencia-de-genero-en-un-mes-en-canarias-la-mitad-fueron-situaciones-de-peligro-inminente\/\" target=\"_blank\" rel=\"noopener\" data-artpy=\"0\" data-author=\"Diario de Avisos\">M\u00e1s de 1.200 llamadas por violencia de g\u00e9nero en un mes en Canarias: la mitad fueron situaciones de peligro inminente<\/a> @diariodeavisos<\/li>\n<li><a class=\"title\" href=\"https:\/\/www.msn.com\/es-es\/crimen\/general\/castilla-y-le%C3%B3n-reforzar%C3%A1-la-protecci%C3%B3n-de-los-menores-frente-a-la-violencia-vicaria-en-la-futura-ley-de-violencia-de-g%C3%A9nero\/ar-AA1BntNG?ocid=BingNewsVerp\" target=\"_blank\" rel=\"noopener\" data-artpy=\"0\" data-author=\"La Raz\u00f3n on MSN\">Castilla y Le\u00f3n reforzar\u00e1 la protecci\u00f3n de los menores frente a la violencia vicaria en la futura Ley de Violencia de G\u00e9nero<\/a> @larazon<\/li>\n<\/ul>\n<\/div><div class=\"fusion-title title fusion-title-14 fusion-sep-none fusion-title-text fusion-title-size-two fusion-animated\" style=\"--awb-text-color:var(--awb-color7);--awb-margin-top-small:10px;--awb-margin-right-small:0px;--awb-margin-bottom-small:10px;--awb-margin-left-small:0px;--awb-sep-color:var(--awb-custom_color_1);--awb-font-size:24px;\" data-animationType=\"fadeIn\" data-animationDuration=\"0.3\" data-animationOffset=\"top-into-view\" id=\"e_economia_empresa\"><h2 class=\"fusion-title-heading title-heading-left fusion-responsive-typography-calculated\" style=\"margin:0;font-size:1em;--fontSize:24;line-height:var(--awb-typography1-line-height);\"><mark class=\"fusion-highlight light highlight1 awb-highlight-background rounded\" style=\"--awb-color:#d1d1d1;\"><strong>Econom\u00eda y Empresa<\/strong><\/mark><\/h2><\/div><div class=\"fusion-text fusion-text-11\" style=\"--awb-line-height:1.5em;\"><ul>\n<li><a class=\"title\" href=\"https:\/\/www.lasillavacia.com\/red-de-expertos\/red-de-democracia-y-tecnologia\/mujeres-en-la-economia-digital-equidad-democracia-y-oportunidad\/\" target=\"_blank\" rel=\"noopener\" data-artpy=\"0\" data-author=\"La Silla Vac\u00eda\">Mujeres en la econom\u00eda digital: equidad, democracia y oportunidad<\/a> @lasillavacia<\/li>\n<li><a class=\"title\" href=\"https:\/\/www.msn.com\/es-es\/estilo\/shopping\/el-verdadero-motivo-por-el-que-emprenden-las-mujeres-espa%C3%B1olas\/ar-AA1B9cpN?ocid=BingNewsVerp\" target=\"_blank\" rel=\"noopener\" data-artpy=\"0\" data-author=\"ELLE on MSN\">Ni ganar m\u00e1s dinero ni ser su propia jefa: este es el verdadero motivo por el que emprenden las mujeres espa\u00f1olas<\/a> @elle<\/li>\n<li><a class=\"title\" href=\"https:\/\/www.msn.com\/es-es\/estilo\/shopping\/disminuye-dr%C3%A1sticamente-el-n%C3%BAmero-de-mujeres-directivas-en-las-empresas\/ar-AA1Bis6C?ocid=BingNewsVerp\" target=\"_blank\" rel=\"noopener\" data-artpy=\"0\" data-author=\"ELLE on MSN\">El progreso se estanca en Espa\u00f1a: disminuye dr\u00e1sticamente el n\u00famero de mujeres directivas en las empresas<\/a> @elle<\/li>\n<li><a class=\"title\" href=\"https:\/\/www.elperiodico.com\/es\/economia\/20250317\/d-ona-invierte-start-ups-115254951\" target=\"_blank\" rel=\"noopener\" data-artpy=\"0\" data-author=\"El Peri\u00f3dico\">D-ONA invierte en &#8216;start-ups&#8217; creadas por mujeres<\/a> @elperiodico<\/li>\n<li><a class=\"title\" href=\"https:\/\/www.europapress.es\/epsocial\/responsables\/noticia-total-40-nuevas-empresas-obtienen-distintivo-igualdad-empresa-instituto-mujeres-20250319182530.html\" target=\"_blank\" rel=\"noopener\" data-artpy=\"0\" data-author=\"Europa Press\">Un total de 40 nuevas empresas obtienen el distintivo &#8216;Igualdad en la Empresa&#8217; del Instituto de las Mujeres<\/a> @europapress<\/li>\n<li><a class=\"title\" href=\"https:\/\/www.rrhhdigital.com\/secciones\/empresa\/768213\/la-igualdad-de-genero-una-asignatura-pendiente-en-las-empresas\/\" target=\"_blank\" rel=\"noopener\" data-artpy=\"0\" data-author=\"RRHH Digital\">La igualdad de g\u00e9nero, una asignatura pendiente en las empresas<\/a> @rrhhdigital<\/li>\n<li><a class=\"title\" href=\"https:\/\/www.eldiario.es\/castilla-la-mancha\/agroalimentaria\/toque-diferente-aportan-mujeres-sector-vitivinicola-ahora-rico-vino_1_12150439.html\" target=\"_blank\" rel=\"noopener\" data-artpy=\"0\" data-author=\"elDiario.es\">El \u201ctoque diferente\u201d que aportan las mujeres al sector vitivin\u00edcola: \u201cPor eso ahora tambi\u00e9n es m\u00e1s rico el vino\u201d<\/a> @eldiario<\/li>\n<\/ul>\n<\/div><div class=\"fusion-title title fusion-title-15 fusion-sep-none fusion-title-text fusion-title-size-two fusion-animated\" style=\"--awb-text-color:var(--awb-color7);--awb-margin-top-small:10px;--awb-margin-right-small:0px;--awb-margin-bottom-small:10px;--awb-margin-left-small:0px;--awb-sep-color:var(--awb-custom_color_1);--awb-font-size:24px;\" data-animationType=\"fadeIn\" data-animationDuration=\"0.3\" data-animationOffset=\"top-into-view\" id=\"e_actualidad\"><h2 class=\"fusion-title-heading title-heading-left fusion-responsive-typography-calculated\" style=\"margin:0;font-size:1em;--fontSize:24;line-height:var(--awb-typography1-line-height);\"><mark class=\"fusion-highlight light highlight1 awb-highlight-background rounded\" style=\"--awb-color:#d1d1d1;\"><strong>Actualidad<\/strong><\/mark><\/h2><\/div><div class=\"fusion-text fusion-text-12\" style=\"--awb-line-height:1.5em;\"><ul>\n<li><a class=\"title\" href=\"https:\/\/www.deia.eus\/bilbao\/2025\/03\/18\/bilbao-abre-primer-hostel-euskadi-9411816.html\" target=\"_blank\" rel=\"noopener\" data-artpy=\"0\" data-author=\"Deia\">Bilbao abre el primer hostel de Euskadi solo para mujeres<\/a> @deia<\/li>\n<li><a class=\"title\" href=\"https:\/\/www.pauta.cl\/actualidad\/2025\/03\/18\/salud-mental-y-brecha-de-genero-como-afecta-a-las-mujeres.html\" target=\"_blank\" rel=\"noopener\" data-artpy=\"0\" data-author=\"Pauta\">Salud mental y brecha de g\u00e9nero: \u00bfC\u00f3mo afecta a las mujeres?<\/a> @pauta<\/li>\n<li><a href=\"https:\/\/www.google.com\/url?rct=j&amp;sa=t&amp;url=https:\/\/www.msn.com\/es-pe\/noticias\/other\/por-qu%25C3%25A9-estas-profesiones-atraen-a-tantas-mujeres-en-2025\/ar-AA1BmVOc&amp;ct=ga&amp;cd=CAEYACoUMTEwNzIwMjAxMDQ2MDA2MjY1MjcyGzkxODg1N2NkNjBmOTc3NDg6ZXM6ZXM6RVM6TA&amp;usg=AOvVaw3gAMkByTnfOX6PPbHeK9cr\" target=\"_blank\" rel=\"noopener\" data-saferedirecturl=\"https:\/\/www.google.com\/url?q=https:\/\/www.google.com\/url?rct%3Dj%26sa%3Dt%26url%3Dhttps:\/\/www.msn.com\/es-pe\/noticias\/other\/por-qu%2525C3%2525A9-estas-profesiones-atraen-a-tantas-mujeres-en-2025\/ar-AA1BmVOc%26ct%3Dga%26cd%3DCAEYACoUMTEwNzIwMjAxMDQ2MDA2MjY1MjcyGzkxODg1N2NkNjBmOTc3NDg6ZXM6ZXM6RVM6TA%26usg%3DAOvVaw3gAMkByTnfOX6PPbHeK9cr&amp;source=gmail&amp;ust=1742646976936000&amp;usg=AOvVaw0TjXDxKJVA_pHZDfqcR6-z\">\u00bfPor qu\u00e9 estas profesiones atraen a tantas mujeres en 2025? &#8211;\u00a0<\/a>@<a>MSN<\/a><\/li>\n<li><a class=\"title\" href=\"https:\/\/www.vanitatis.elconfidencial.com\/vida-saludable\/2025-03-15\/motivos-investigan-mujeres-salud-bienestar-1qrt_4084941\/\" target=\"_blank\" rel=\"noopener\" data-artpy=\"0\" data-author=\"Vanitatis\">Este es el motivo por el que las mujeres viven m\u00e1s y mejor, seg\u00fan una investigaci\u00f3n<\/a> @vanitatis<\/li>\n<\/ul>\n<\/div><div class=\"fusion-title title fusion-title-16 fusion-sep-none fusion-title-text fusion-title-size-two fusion-animated\" style=\"--awb-text-color:var(--awb-color7);--awb-margin-top-small:10px;--awb-margin-right-small:0px;--awb-margin-bottom-small:10px;--awb-margin-left-small:0px;--awb-sep-color:var(--awb-custom_color_1);--awb-font-size:24px;\" data-animationType=\"fadeIn\" data-animationDuration=\"0.3\" data-animationOffset=\"top-into-view\" id=\"e_violencias\"><h2 class=\"fusion-title-heading title-heading-left fusion-responsive-typography-calculated\" style=\"margin:0;font-size:1em;--fontSize:24;line-height:var(--awb-typography1-line-height);\"><mark class=\"fusion-highlight light highlight1 awb-highlight-background rounded\" style=\"--awb-color:#d1d1d1;\"><strong>Violencias<\/strong><\/mark><\/h2><\/div><div class=\"fusion-text fusion-text-13\" style=\"--awb-line-height:1.5em;\"><ul>\n<li><a class=\"title\" href=\"https:\/\/www.rtve.es\/noticias\/20250320\/mujer-asesinada-puigpunyent-mallorca-baleares-victima-violencia-genero-2025\/16499757.shtml\" target=\"_blank\" rel=\"noopener\" data-artpy=\"0\" data-author=\"RTVE\">La mujer de 79 a\u00f1os asesinada en Puigpunyent, Mallorca, es la sexta v\u00edctima de violencia de g\u00e9nero en 2025<\/a> @rtve<\/li>\n<li><a class=\"title\" href=\"https:\/\/cadenaser.com\/andalucia\/2025\/03\/17\/si-eres-mujer-y-negra-las-dificultades-frente-a-la-violencia-de-genero-se-cuadruplican-radio-jerez\/\" target=\"_blank\" rel=\"noopener\" data-artpy=\"0\" data-author=\"Cadena SER\">\u00abSi eres mujer y negra, las dificultades frente a la violencia de g\u00e9nero se cuadruplican\u00bb<\/a> @ser<\/li>\n<\/ul>\n<\/div><div class=\"fusion-title title fusion-title-17 fusion-sep-none fusion-title-text fusion-title-size-two fusion-animated\" style=\"--awb-text-color:var(--awb-color7);--awb-margin-top-small:10px;--awb-margin-right-small:0px;--awb-margin-bottom-small:10px;--awb-margin-left-small:0px;--awb-sep-color:var(--awb-custom_color_1);--awb-font-size:24px;\" data-animationType=\"fadeIn\" data-animationDuration=\"0.3\" data-animationOffset=\"top-into-view\" id=\"e_violencias\"><h2 class=\"fusion-title-heading title-heading-left fusion-responsive-typography-calculated\" style=\"margin:0;font-size:1em;--fontSize:24;line-height:var(--awb-typography1-line-height);\"><mark class=\"fusion-highlight light highlight1 awb-highlight-background rounded\" style=\"--awb-color:#d1d1d1;\"><strong> Ciencia y Cultura<\/strong> <\/mark><\/h2><\/div><div class=\"fusion-text fusion-text-14\" style=\"--awb-line-height:1.5em;\"><ul>\n<li><a class=\"title\" href=\"https:\/\/www.eldiario.es\/cultura\/cuatro-hombres-cuatro-mujeres-sentaron-bases-exito-comic-espanol_1_12136445.html\" target=\"_blank\" rel=\"noopener\" data-artpy=\"0\" data-author=\"elDiario.es\">Cuatro hombres y cuatro mujeres que sentaron las bases del \u00e9xito del c\u00f3mic espa\u00f1ol<\/a> @eldiario<\/li>\n<li><a class=\"title\" href=\"https:\/\/efe.com\/cultura\/2025-03-18\/piedad-bonnett-relacion-mujer-xx-xxi\/\" target=\"_blank\" rel=\"noopener\" data-artpy=\"0\" data-author=\"Agencia EFE\">Piedad Bonnett: \u201cEl gran tema de finales del siglo XX y XXI es la relaci\u00f3n con la mujer\u00bb<\/a> @agenciaefe<\/li>\n<li><a class=\"title\" href=\"https:\/\/www.abc.es\/cultura\/arte-mujeres-humor-recuperar-mujeres-olvidadas-traves-20250316093904-vi.html\" target=\"_blank\" rel=\"noopener\" data-artpy=\"0\" data-author=\"ABC\">Arte, mujeres y humor para recuperar a 28 mujeres olvidadas a trav\u00e9s de sus caricaturas<\/a> @abc<\/li>\n<li><a class=\"title\" href=\"https:\/\/www.msn.com\/es-es\/entretenimiento\/other\/noelia-muriana-artista-las-artistas-feministas-lo-tenemos-a%C3%BAn-m%C3%A1s-dif%C3%ADcil-sobre-todo-si-eres-lesbiana\/ar-AA1B0Wnr?ocid=BingNewsVerp\" target=\"_blank\" rel=\"noopener\" data-artpy=\"0\" data-author=\"La Opini\u00f3n de Murcia on MSN\">Noelia Muriana, artista: \u00abLas artistas feministas lo tenemos a\u00fan m\u00e1s dif\u00edcil, sobre todo si eres lesbiana\u00bb<\/a> @laoponiondemurcia<\/li>\n<li><a class=\"title\" href=\"https:\/\/www.msn.com\/es-es\/noticias\/espana\/las-mujeres-est%C3%A1n-infrarrepresentadas-en-las-artes-esc%C3%A9nicas-seg%C3%BAn-un-estudio\/ar-AA1Bnq68?ocid=BingNewsVerp\" target=\"_blank\" rel=\"noopener\" data-artpy=\"0\" data-author=\"Agencia EFE on MSN\">Las mujeres est\u00e1n infrarrepresentadas en las artes esc\u00e9nicas, seg\u00fan un estudio<\/a> @agenciaefe<\/li>\n<li><a class=\"title\" href=\"https:\/\/cadenaser.com\/nacional\/2025\/03\/16\/la-mujer-nueva-una-novela-feminista-sobre-la-experiencia-religiosa-cadena-ser\/\" target=\"_blank\" rel=\"noopener\" data-artpy=\"0\" data-author=\"Cadena SER\">&#8216;La mujer nueva&#8217;, una novela feminista sobre la experiencia religiosa<\/a> @ser<\/li>\n<\/ul>\n<\/div><div class=\"fusion-title title fusion-title-18 fusion-sep-none fusion-title-text fusion-title-size-two fusion-animated\" style=\"--awb-text-color:var(--awb-color7);--awb-margin-top-small:10px;--awb-margin-right-small:0px;--awb-margin-bottom-small:10px;--awb-margin-left-small:0px;--awb-sep-color:var(--awb-custom_color_1);--awb-font-size:24px;\" data-animationType=\"fadeIn\" data-animationDuration=\"0.3\" data-animationOffset=\"top-into-view\" id=\"e_deporte\"><h2 class=\"fusion-title-heading title-heading-left fusion-responsive-typography-calculated\" style=\"margin:0;font-size:1em;--fontSize:24;line-height:var(--awb-typography1-line-height);\"><mark class=\"fusion-highlight light highlight1 awb-highlight-background rounded\" style=\"--awb-color:#d1d1d1;\"><strong> Deporte<\/strong> <\/mark><\/h2><\/div><div class=\"fusion-text fusion-text-15\" style=\"--awb-line-height:1.5em;\"><ul>\n<li><a class=\"title\" href=\"https:\/\/www.deia.eus\/deportes\/2025\/03\/18\/bilbao-sede-futbol-femenino-mundial-athletic-bbk-9413267.html\" target=\"_blank\" rel=\"noopener\" data-artpy=\"0\" data-author=\"Deia\">Bilbao, sede del f\u00fatbol femenino mundial durante siete d\u00edas<\/a> @deia<\/li>\n<li><a class=\"title\" href=\"https:\/\/www.msn.com\/es-es\/deportes\/baloncesto\/el-%C3%A9xito-del-baloncesto-3x3-y-la-carrera-por-el-trono-en-el-p%C3%A1del-marcan-la-semana-del-deporte-femenino-espa%C3%B1ol\/ar-AA1B5YNC?ocid=BingNewsVerp\" target=\"_blank\" rel=\"noopener\" data-artpy=\"0\" data-author=\"20minutos on MSN\">El \u00e9xito del baloncesto 3&#215;3 y la carrera por el trono en el p\u00e1del marcan la semana del deporte femenino espa\u00f1ol<\/a> @20minutos<\/li>\n<li><a class=\"title\" href=\"https:\/\/www.diariosigloxxi.com\/texto-diario\/mostrar\/5214965\/santander-golf-tour-abre-puerta-tenerife-womens-open\" target=\"_blank\" rel=\"noopener\" data-artpy=\"0\" data-author=\"Diario Siglo XXI\">El Santander Golf Tour abre la puerta al Tenerife Women\u2019s Open<\/a> @diariosigloxxi<\/li>\n<li><a class=\"title\" href=\"https:\/\/www.relevo.com\/juegos-olimpicos\/juan-antonio-samaranch-candidato-presidencia-20250315223626-nt.html\" target=\"_blank\" rel=\"noopener\" data-artpy=\"0\" data-author=\"Relevo\">Juan Antonio Samaranch Jr., candidato a la presidencia del COI: \u00abTomar\u00e9 el liderazgo para que el deporte femenino sea seguro\u00bb<\/a> @relevo<\/li>\n<li><a class=\"title\" href=\"https:\/\/www.msn.com\/es-es\/deportes\/futbol\/montse-tom%C3%A9-recoge-el-galard%C3%B3n-nacional-del-deporte-a-la-selecci%C3%B3n-espa%C3%B1ola-femenina-por-ganar-la-nations-league\/ar-AA1B6YC3?ocid=BingNewsVerp\" target=\"_blank\" rel=\"noopener\" data-artpy=\"0\" data-author=\"20minutos on MSN\">Montse Tom\u00e9 recoge el galard\u00f3n nacional del deporte a la selecci\u00f3n espa\u00f1ola femenina por ganar la Nations League<\/a> @20minutos<\/li>\n<\/ul>\n<\/div><\/div><\/div><\/div><\/div><div class=\"fusion-fullwidth fullwidth-box fusion-builder-row-6 fusion-flex-container has-pattern-background has-mask-background hundred-percent-fullwidth non-hundred-percent-height-scrolling\" style=\"--awb-border-radius-top-left:0px;--awb-border-radius-top-right:0px;--awb-border-radius-bottom-right:0px;--awb-border-radius-bottom-left:0px;--awb-padding-right-small:2%;--awb-padding-left-small:2%;--awb-flex-wrap:wrap;\" ><div class=\"fusion-builder-row fusion-row fusion-flex-align-items-flex-start fusion-flex-content-wrap\" style=\"width:104% !important;max-width:104% !important;margin-left: calc(-4% \/ 2 );margin-right: calc(-4% \/ 2 );\"><div class=\"fusion-layout-column fusion_builder_column fusion-builder-column-5 fusion_builder_column_1_1 1_1 fusion-flex-column\" style=\"--awb-padding-right:20px;--awb-padding-left:20px;--awb-padding-right-small:15px;--awb-padding-left-small:15px;--awb-overflow:hidden;--awb-bg-color:var(--awb-color1);--awb-bg-color-hover:var(--awb-color1);--awb-bg-size:cover;--awb-border-color:var(--awb-color3);--awb-border-top:2px;--awb-border-right:2px;--awb-border-bottom:2px;--awb-border-left:2px;--awb-border-style:solid;--awb-border-radius:15px 15px 15px 15px;--awb-width-large:100%;--awb-margin-top-large:0px;--awb-spacing-right-large:1.92%;--awb-margin-bottom-large:20px;--awb-spacing-left-large:1.92%;--awb-width-medium:100%;--awb-order-medium:0;--awb-spacing-right-medium:1.92%;--awb-spacing-left-medium:1.92%;--awb-width-small:100%;--awb-order-small:0;--awb-spacing-right-small:0px;--awb-spacing-left-small:0px;\" id=\"c_internacional\" data-scroll-devices=\"small-visibility,medium-visibility,large-visibility\"><div class=\"fusion-column-wrapper fusion-column-has-shadow fusion-flex-justify-content-flex-start fusion-content-layout-column\"><div class=\"fusion-title title fusion-title-19 fusion-sep-none fusion-title-text fusion-title-size-one\" style=\"--awb-margin-top:20px;--awb-margin-top-small:10px;--awb-margin-right-small:0px;--awb-margin-bottom-small:10px;--awb-margin-left-small:0px;--awb-sep-color:var(--awb-custom_color_1);\" id=\"internacional\"><h1 class=\"fusion-title-heading title-heading-left fusion-responsive-typography-calculated\" style=\"font-family:&quot;Raleway&quot;;font-style:normal;font-weight:400;margin:0;--fontSize:40;line-height:var(--awb-typography1-line-height);\"><mark class=\"fusion-highlight custom-textcolor highlight1 awb-highlight-background rounded\" style=\"--awb-color:#0098d9;--awb-text-color:#ffffff;\"><strong>UE &amp; Internacional<\/strong><\/mark><\/h1><\/div><div class=\"fusion-text fusion-text-16\" style=\"--awb-line-height:1.5em;\"><ul>\n<li><a href=\"https:\/\/www.google.com\/url?rct=j&amp;sa=t&amp;url=https:\/\/www.eluniversal.com.mx\/opinion\/redaccion\/csw69-reflexiones-y-acciones-para-avanzar-hacia-la-igualdad-de-genero-y-el-empoderamiento-de-las-mujeres\/&amp;ct=ga&amp;cd=CAEYACoTNzUyNzQzNjUxNTczNTU0ODgwMTIbZTBmNTg2ODk3YjVmNzgzZTplczplczpFUzpM&amp;usg=AOvVaw0a7DmVGDZdZ8REmJLNstBr\" target=\"_blank\" rel=\"noopener\" data-saferedirecturl=\"https:\/\/www.google.com\/url?q=https:\/\/www.google.com\/url?rct%3Dj%26sa%3Dt%26url%3Dhttps:\/\/www.eluniversal.com.mx\/opinion\/redaccion\/csw69-reflexiones-y-acciones-para-avanzar-hacia-la-igualdad-de-genero-y-el-empoderamiento-de-las-mujeres\/%26ct%3Dga%26cd%3DCAEYACoTNzUyNzQzNjUxNTczNTU0ODgwMTIbZTBmNTg2ODk3YjVmNzgzZTplczplczpFUzpM%26usg%3DAOvVaw0a7DmVGDZdZ8REmJLNstBr&amp;source=gmail&amp;ust=1742628626376000&amp;usg=AOvVaw1n0MsWyIyTdMP_IYGngU3f\">CSW69: reflexiones y acciones para avanzar hacia la igualdad de g\u00e9nero y el empoderamiento de las mujeres&#8230;\u00a0<\/a>@eluniversal<\/li>\n<li><a class=\"title\" href=\"https:\/\/cadenaser.com\/nacional\/2025\/03\/15\/la-onu-alerta-del-retroceso-del-numero-de-mujeres-en-los-gobiernos-y-del-sesgo-de-genero-de-los-ministerios-que-lideran-cadena-ser\/\" target=\"_blank\" rel=\"noopener\" data-artpy=\"0\" data-author=\"Cadena SER\">La ONU alerta del retroceso del n\u00famero de mujeres en los gobiernos y del sesgo de g\u00e9nero de los ministerios que lideran<\/a> @ser<\/li>\n<li><a class=\"title\" title=\"Radiograf\u00eda Mujeres en el trabajo 2025 de Buk: De los pa\u00edses estudiados, Chile tiene la mayor brecha salarial entre padres y madres\" href=\"https:\/\/www.msn.com\/es-cl\/noticias\/other\/radiograf%C3%ADa-mujeres-en-el-trabajo-2025-de-buk-de-los-pa%C3%ADses-estudiados-chile-tiene-la-mayor-brecha-salarial-entre-padres-y-madres\/ar-AA1Bg9hM?ocid=BingNewsVerp\" target=\"_blank\" rel=\"noopener\" data-artpy=\"0\" data-author=\"La Tercera on MSN\">Radiograf\u00eda Mujeres en el trabajo 2025 de Buk: De los pa\u00edses estudiados, Chile tiene la mayor brecha salarial entre padres y<\/a> @latercera<\/li>\n<li><a href=\"https:\/\/www.google.com\/url?rct=j&amp;sa=t&amp;url=https:\/\/www.elcorreoweb.es\/politica\/2025\/03\/16\/sentemos-mujeres-mesa-guerra-115310779.html&amp;ct=ga&amp;cd=CAEYACoTOTc4MjM5MTY0MzMyNDM4NjE1OTIZMWZhYTM2NGQzZDExMjIxYjplczplczpFUw&amp;usg=AOvVaw0u3n2QYiIu1HRerJIkHMYw\" target=\"_blank\" rel=\"noopener\" data-saferedirecturl=\"https:\/\/www.google.com\/url?q=https:\/\/www.google.com\/url?rct%3Dj%26sa%3Dt%26url%3Dhttps:\/\/www.elcorreoweb.es\/politica\/2025\/03\/16\/sentemos-mujeres-mesa-guerra-115310779.html%26ct%3Dga%26cd%3DCAEYACoTOTc4MjM5MTY0MzMyNDM4NjE1OTIZMWZhYTM2NGQzZDExMjIxYjplczplczpFUw%26usg%3DAOvVaw0u3n2QYiIu1HRerJIkHMYw&amp;source=gmail&amp;ust=1742399832757000&amp;usg=AOvVaw3Ln0dgSPT73rRfkOkWOOBM\">Sentemos a mujeres a la mesa de la guerra &#8211;\u00a0<\/a><a>El Correo de Andaluc\u00eda<\/a><\/li>\n<li><a href=\"https:\/\/www.google.com\/url?rct=j&amp;sa=t&amp;url=https:\/\/www.corresponsables.com\/opinion\/mujeres-ninas-soportan-mayor-carga-crisis-mundial-agua\/&amp;ct=ga&amp;cd=CAEYACoUMTE3Nzg0MjE4MTk3NjQ5NjEwMTcyG2UwZjU4Njg5N2I1Zjc4M2U6ZXM6ZXM6RVM6TA&amp;usg=AOvVaw3ebEaLsv-Gbqi0sVy5pl7F\" target=\"_blank\" rel=\"noopener\" data-saferedirecturl=\"https:\/\/www.google.com\/url?q=https:\/\/www.google.com\/url?rct%3Dj%26sa%3Dt%26url%3Dhttps:\/\/www.corresponsables.com\/opinion\/mujeres-ninas-soportan-mayor-carga-crisis-mundial-agua\/%26ct%3Dga%26cd%3DCAEYACoUMTE3Nzg0MjE4MTk3NjQ5NjEwMTcyG2UwZjU4Njg5N2I1Zjc4M2U6ZXM6ZXM6RVM6TA%26usg%3DAOvVaw3ebEaLsv-Gbqi0sVy5pl7F&amp;source=gmail&amp;ust=1742635839712000&amp;usg=AOvVaw2YaZWeGoCG1UwDWLMQesli\">Las\u00a0mujeres y las ni\u00f1as soportan la mayor carga de la crisis mundial del agua @<\/a><a>Corresponsables<\/a><\/li>\n<li><a class=\"title\" href=\"https:\/\/www.ellitoral.com\/internacionales\/onu-denuncia-iran-usa-drones-aplicaciones-imponer-codigo-vestimenta-mujeres_0_USdH9FPc4o.html\" target=\"_blank\" rel=\"noopener\" data-artpy=\"0\" data-author=\"El Litoral\">La ONU denuncia que Ir\u00e1n usa drones y aplicaciones para imponer el c\u00f3digo de vestimenta a las mujeres<\/a> @ellitoral<\/li>\n<li><a class=\"title\" href=\"https:\/\/www.infolibre.es\/igualdad\/malas-malisimas-lolita-cine-moldeado-imagen-mujer-imaginario-colectivo_1_1950408.html\" target=\"_blank\" rel=\"noopener\" data-artpy=\"0\" data-author=\"infoLibre\">De &#8216;Gilda&#8217; a &#8216;La sustancia&#8217;, as\u00ed ha creado el cine la imagen de las mujeres a lo largo de la historia<\/a> @infolibre<\/li>\n<li><a class=\"title\" href=\"https:\/\/www.msn.com\/es-es\/entretenimiento\/musica\/un-himno-a-la-vida-el-libro-de-memorias-de-gis%C3%A8le-pelicot-se-publicar%C3%A1-en-enero-de-2026\/ar-AA1Bkbto?ocid=BingNewsVerp\" target=\"_blank\" rel=\"noopener\" data-artpy=\"0\" data-author=\"Sport on MSN\">&#8216;Un himno a la vida&#8217;, el libro de memorias de Gis\u00e8le Pelicot, se publicar\u00e1 en enero de 2026<\/a> @sport<\/li>\n<li><a class=\"title\" href=\"https:\/\/www.rfi.fr\/es\/m%C3%A1s-noticias\/20250318-el-deporte-femenino-mundial-facturar%C3%A1-2-350-millones-de-d%C3%B3lares-este-a%C3%B1o\" target=\"_blank\" rel=\"noopener\" data-artpy=\"0\" data-author=\"Radio France Internationale\">El deporte femenino mundial facturar\u00e1 2.350 millones de d\u00f3lares este a\u00f1o<\/a> @radiofrance<\/li>\n<li><a class=\"title\" href=\"https:\/\/www.noticiasdenavarra.com\/videos\/2025\/03\/21\/kirsty-coventry-primera-presidenta-coi-9426317.html\" target=\"_blank\" rel=\"noopener\" data-artpy=\"0\" data-author=\"Noticias de Navarra\">Kirsty Coventry, primera presidenta del COI<\/a> @noticiasdenavarra<\/li>\n<\/ul>\n<\/div><\/div><\/div><\/div><\/div><\/p>\n","protected":false},"excerpt":{"rendered":"<p>CSW69: reflexiones y acciones para avanzar hacia la igualdad de g\u00e9nero y el empoderamiento de las mujeres * La ONU alerta del retroceso del n\u00famero de mujeres en los gobiernos y del sesgo de g\u00e9nero de los ministerios que lideran * La igualdad de g\u00e9nero, una asignatura pendiente en las empresas * Kirsty Coventry, primera presidenta del COI<\/p>\n","protected":false},"author":3,"featured_media":23882,"comment_status":"closed","ping_status":"closed","sticky":false,"template":"","format":"standard","meta":{"footnotes":""},"categories":[298,654],"tags":[85,327,90],"class_list":["post-24351","post","type-post","status-publish","format-standard","has-post-thumbnail","hentry","category-newsletter","category-nwl-v-4-0","tag-consejos-de-administracion","tag-desigualdad-de-genero","tag-directivas"],"yoast_head":"<!-- This site is optimized with the Yoast SEO plugin v27.4 - https:\/\/yoast.com\/product\/yoast-seo-wordpress\/ -->\n<title>Noticias Info CKL #2918 21-03-2025<\/title>\n<meta name=\"description\" content=\"Noticias Info CKL #2918 21-03-2025\" \/>\n<meta name=\"robots\" content=\"index, follow, max-snippet:-1, max-image-preview:large, max-video-preview:-1\" \/>\n<link rel=\"canonical\" href=\"https:\/\/cklcomunicaciones.es\/coop\/noticias-info-ckl-2918-21-03-2025\/\" \/>\n<meta property=\"og:locale\" content=\"es_ES\" \/>\n<meta property=\"og:type\" content=\"article\" \/>\n<meta property=\"og:title\" content=\"Noticias Info CKL #2918 21-03-2025\" \/>\n<meta property=\"og:description\" content=\"Noticias Info CKL #2918 21-03-2025\" \/>\n<meta property=\"og:url\" content=\"https:\/\/cklcomunicaciones.es\/coop\/noticias-info-ckl-2918-21-03-2025\/\" \/>\n<meta property=\"og:site_name\" content=\"CKL Comunicaciones\" \/>\n<meta property=\"article:published_time\" content=\"2025-03-21T13:40:52+00:00\" \/>\n<meta property=\"article:modified_time\" content=\"2025-04-01T10:32:28+00:00\" \/>\n<meta property=\"og:image\" content=\"https:\/\/cklcomunicaciones.es\/coop\/wp-content\/uploads\/CKL-una-mirada-distinta-de-la-comunicacion.webp\" \/>\n\t<meta property=\"og:image:width\" content=\"1482\" \/>\n\t<meta property=\"og:image:height\" content=\"775\" \/>\n\t<meta property=\"og:image:type\" content=\"image\/webp\" \/>\n<meta name=\"author\" content=\"ckl\" \/>\n<meta name=\"twitter:card\" content=\"summary_large_image\" \/>\n<meta name=\"twitter:label1\" content=\"Escrito por\" \/>\n\t<meta name=\"twitter:data1\" content=\"ckl\" \/>\n\t<meta name=\"twitter:label2\" content=\"Tiempo de lectura\" \/>\n\t<meta name=\"twitter:data2\" content=\"7 minutos\" \/>\n<script type=\"application\/ld+json\" class=\"yoast-schema-graph\">{\"@context\":\"https:\\\/\\\/schema.org\",\"@graph\":[{\"@type\":\"Article\",\"@id\":\"https:\\\/\\\/cklcomunicaciones.es\\\/coop\\\/noticias-info-ckl-2918-21-03-2025\\\/#article\",\"isPartOf\":{\"@id\":\"https:\\\/\\\/cklcomunicaciones.es\\\/coop\\\/noticias-info-ckl-2918-21-03-2025\\\/\"},\"author\":{\"name\":\"ckl\",\"@id\":\"https:\\\/\\\/cklcomunicaciones.es\\\/coop\\\/#\\\/schema\\\/person\\\/929a6837f7626450bbb50cee1aef266e\"},\"headline\":\"Noticias Info CKL #2918 21-03-2025\",\"datePublished\":\"2025-03-21T13:40:52+00:00\",\"dateModified\":\"2025-04-01T10:32:28+00:00\",\"mainEntityOfPage\":{\"@id\":\"https:\\\/\\\/cklcomunicaciones.es\\\/coop\\\/noticias-info-ckl-2918-21-03-2025\\\/\"},\"wordCount\":8138,\"image\":{\"@id\":\"https:\\\/\\\/cklcomunicaciones.es\\\/coop\\\/noticias-info-ckl-2918-21-03-2025\\\/#primaryimage\"},\"thumbnailUrl\":\"https:\\\/\\\/cklcomunicaciones.es\\\/coop\\\/wp-content\\\/uploads\\\/CKL-una-mirada-distinta-de-la-comunicacion.webp\",\"keywords\":[\"consejos de administraci\u00f3n\",\"desigualdad de g\u00e9nero\",\"directivas\"],\"articleSection\":[\"Newsletter\",\"Nwl v.4.0\"],\"inLanguage\":\"es\"},{\"@type\":\"WebPage\",\"@id\":\"https:\\\/\\\/cklcomunicaciones.es\\\/coop\\\/noticias-info-ckl-2918-21-03-2025\\\/\",\"url\":\"https:\\\/\\\/cklcomunicaciones.es\\\/coop\\\/noticias-info-ckl-2918-21-03-2025\\\/\",\"name\":\"Noticias Info CKL #2918 21-03-2025\",\"isPartOf\":{\"@id\":\"https:\\\/\\\/cklcomunicaciones.es\\\/coop\\\/#website\"},\"primaryImageOfPage\":{\"@id\":\"https:\\\/\\\/cklcomunicaciones.es\\\/coop\\\/noticias-info-ckl-2918-21-03-2025\\\/#primaryimage\"},\"image\":{\"@id\":\"https:\\\/\\\/cklcomunicaciones.es\\\/coop\\\/noticias-info-ckl-2918-21-03-2025\\\/#primaryimage\"},\"thumbnailUrl\":\"https:\\\/\\\/cklcomunicaciones.es\\\/coop\\\/wp-content\\\/uploads\\\/CKL-una-mirada-distinta-de-la-comunicacion.webp\",\"datePublished\":\"2025-03-21T13:40:52+00:00\",\"dateModified\":\"2025-04-01T10:32:28+00:00\",\"author\":{\"@id\":\"https:\\\/\\\/cklcomunicaciones.es\\\/coop\\\/#\\\/schema\\\/person\\\/929a6837f7626450bbb50cee1aef266e\"},\"description\":\"Noticias Info CKL #2918 21-03-2025\",\"breadcrumb\":{\"@id\":\"https:\\\/\\\/cklcomunicaciones.es\\\/coop\\\/noticias-info-ckl-2918-21-03-2025\\\/#breadcrumb\"},\"inLanguage\":\"es\",\"potentialAction\":[{\"@type\":\"ReadAction\",\"target\":[\"https:\\\/\\\/cklcomunicaciones.es\\\/coop\\\/noticias-info-ckl-2918-21-03-2025\\\/\"]}]},{\"@type\":\"ImageObject\",\"inLanguage\":\"es\",\"@id\":\"https:\\\/\\\/cklcomunicaciones.es\\\/coop\\\/noticias-info-ckl-2918-21-03-2025\\\/#primaryimage\",\"url\":\"https:\\\/\\\/cklcomunicaciones.es\\\/coop\\\/wp-content\\\/uploads\\\/CKL-una-mirada-distinta-de-la-comunicacion.webp\",\"contentUrl\":\"https:\\\/\\\/cklcomunicaciones.es\\\/coop\\\/wp-content\\\/uploads\\\/CKL-una-mirada-distinta-de-la-comunicacion.webp\",\"width\":1482,\"height\":775,\"caption\":\"CKL - una mirada distinta de la comunicaci\u00f3n\"},{\"@type\":\"BreadcrumbList\",\"@id\":\"https:\\\/\\\/cklcomunicaciones.es\\\/coop\\\/noticias-info-ckl-2918-21-03-2025\\\/#breadcrumb\",\"itemListElement\":[{\"@type\":\"ListItem\",\"position\":1,\"name\":\"Portada\",\"item\":\"https:\\\/\\\/cklcomunicaciones.es\\\/coop\\\/\"},{\"@type\":\"ListItem\",\"position\":2,\"name\":\"Noticias Info CKL #2918 21-03-2025\"}]},{\"@type\":\"WebSite\",\"@id\":\"https:\\\/\\\/cklcomunicaciones.es\\\/coop\\\/#website\",\"url\":\"https:\\\/\\\/cklcomunicaciones.es\\\/coop\\\/\",\"name\":\"CKL Comunicaciones\",\"description\":\"Sitio web de CKL Comunicaciones coop , la consultora de comunicaci\u00f3n y estrategia\",\"potentialAction\":[{\"@type\":\"SearchAction\",\"target\":{\"@type\":\"EntryPoint\",\"urlTemplate\":\"https:\\\/\\\/cklcomunicaciones.es\\\/coop\\\/?s={search_term_string}\"},\"query-input\":{\"@type\":\"PropertyValueSpecification\",\"valueRequired\":true,\"valueName\":\"search_term_string\"}}],\"inLanguage\":\"es\"},{\"@type\":\"Person\",\"@id\":\"https:\\\/\\\/cklcomunicaciones.es\\\/coop\\\/#\\\/schema\\\/person\\\/929a6837f7626450bbb50cee1aef266e\",\"name\":\"ckl\",\"image\":{\"@type\":\"ImageObject\",\"inLanguage\":\"es\",\"@id\":\"https:\\\/\\\/secure.gravatar.com\\\/avatar\\\/c82db564e8a669bf6023357a157b9dc4780f4d4c618f2ad1d71a6a5dede45057?s=96&d=mm&r=g\",\"url\":\"https:\\\/\\\/secure.gravatar.com\\\/avatar\\\/c82db564e8a669bf6023357a157b9dc4780f4d4c618f2ad1d71a6a5dede45057?s=96&d=mm&r=g\",\"contentUrl\":\"https:\\\/\\\/secure.gravatar.com\\\/avatar\\\/c82db564e8a669bf6023357a157b9dc4780f4d4c618f2ad1d71a6a5dede45057?s=96&d=mm&r=g\",\"caption\":\"ckl\"},\"url\":\"https:\\\/\\\/cklcomunicaciones.es\\\/coop\\\/author\\\/cklcomunicaciones\\\/\"}]}<\/script>\n<!-- \/ Yoast SEO plugin. -->","yoast_head_json":{"title":"Noticias Info CKL #2918 21-03-2025","description":"Noticias Info CKL #2918 21-03-2025","robots":{"index":"index","follow":"follow","max-snippet":"max-snippet:-1","max-image-preview":"max-image-preview:large","max-video-preview":"max-video-preview:-1"},"canonical":"https:\/\/cklcomunicaciones.es\/coop\/noticias-info-ckl-2918-21-03-2025\/","og_locale":"es_ES","og_type":"article","og_title":"Noticias Info CKL #2918 21-03-2025","og_description":"Noticias Info CKL #2918 21-03-2025","og_url":"https:\/\/cklcomunicaciones.es\/coop\/noticias-info-ckl-2918-21-03-2025\/","og_site_name":"CKL Comunicaciones","article_published_time":"2025-03-21T13:40:52+00:00","article_modified_time":"2025-04-01T10:32:28+00:00","og_image":[{"width":1482,"height":775,"url":"https:\/\/cklcomunicaciones.es\/coop\/wp-content\/uploads\/CKL-una-mirada-distinta-de-la-comunicacion.webp","type":"image\/webp"}],"author":"ckl","twitter_card":"summary_large_image","twitter_misc":{"Escrito por":"ckl","Tiempo de lectura":"7 minutos"},"schema":{"@context":"https:\/\/schema.org","@graph":[{"@type":"Article","@id":"https:\/\/cklcomunicaciones.es\/coop\/noticias-info-ckl-2918-21-03-2025\/#article","isPartOf":{"@id":"https:\/\/cklcomunicaciones.es\/coop\/noticias-info-ckl-2918-21-03-2025\/"},"author":{"name":"ckl","@id":"https:\/\/cklcomunicaciones.es\/coop\/#\/schema\/person\/929a6837f7626450bbb50cee1aef266e"},"headline":"Noticias Info CKL #2918 21-03-2025","datePublished":"2025-03-21T13:40:52+00:00","dateModified":"2025-04-01T10:32:28+00:00","mainEntityOfPage":{"@id":"https:\/\/cklcomunicaciones.es\/coop\/noticias-info-ckl-2918-21-03-2025\/"},"wordCount":8138,"image":{"@id":"https:\/\/cklcomunicaciones.es\/coop\/noticias-info-ckl-2918-21-03-2025\/#primaryimage"},"thumbnailUrl":"https:\/\/cklcomunicaciones.es\/coop\/wp-content\/uploads\/CKL-una-mirada-distinta-de-la-comunicacion.webp","keywords":["consejos de administraci\u00f3n","desigualdad de g\u00e9nero","directivas"],"articleSection":["Newsletter","Nwl v.4.0"],"inLanguage":"es"},{"@type":"WebPage","@id":"https:\/\/cklcomunicaciones.es\/coop\/noticias-info-ckl-2918-21-03-2025\/","url":"https:\/\/cklcomunicaciones.es\/coop\/noticias-info-ckl-2918-21-03-2025\/","name":"Noticias Info CKL #2918 21-03-2025","isPartOf":{"@id":"https:\/\/cklcomunicaciones.es\/coop\/#website"},"primaryImageOfPage":{"@id":"https:\/\/cklcomunicaciones.es\/coop\/noticias-info-ckl-2918-21-03-2025\/#primaryimage"},"image":{"@id":"https:\/\/cklcomunicaciones.es\/coop\/noticias-info-ckl-2918-21-03-2025\/#primaryimage"},"thumbnailUrl":"https:\/\/cklcomunicaciones.es\/coop\/wp-content\/uploads\/CKL-una-mirada-distinta-de-la-comunicacion.webp","datePublished":"2025-03-21T13:40:52+00:00","dateModified":"2025-04-01T10:32:28+00:00","author":{"@id":"https:\/\/cklcomunicaciones.es\/coop\/#\/schema\/person\/929a6837f7626450bbb50cee1aef266e"},"description":"Noticias Info CKL #2918 21-03-2025","breadcrumb":{"@id":"https:\/\/cklcomunicaciones.es\/coop\/noticias-info-ckl-2918-21-03-2025\/#breadcrumb"},"inLanguage":"es","potentialAction":[{"@type":"ReadAction","target":["https:\/\/cklcomunicaciones.es\/coop\/noticias-info-ckl-2918-21-03-2025\/"]}]},{"@type":"ImageObject","inLanguage":"es","@id":"https:\/\/cklcomunicaciones.es\/coop\/noticias-info-ckl-2918-21-03-2025\/#primaryimage","url":"https:\/\/cklcomunicaciones.es\/coop\/wp-content\/uploads\/CKL-una-mirada-distinta-de-la-comunicacion.webp","contentUrl":"https:\/\/cklcomunicaciones.es\/coop\/wp-content\/uploads\/CKL-una-mirada-distinta-de-la-comunicacion.webp","width":1482,"height":775,"caption":"CKL - una mirada distinta de la comunicaci\u00f3n"},{"@type":"BreadcrumbList","@id":"https:\/\/cklcomunicaciones.es\/coop\/noticias-info-ckl-2918-21-03-2025\/#breadcrumb","itemListElement":[{"@type":"ListItem","position":1,"name":"Portada","item":"https:\/\/cklcomunicaciones.es\/coop\/"},{"@type":"ListItem","position":2,"name":"Noticias Info CKL #2918 21-03-2025"}]},{"@type":"WebSite","@id":"https:\/\/cklcomunicaciones.es\/coop\/#website","url":"https:\/\/cklcomunicaciones.es\/coop\/","name":"CKL Comunicaciones","description":"Sitio web de CKL Comunicaciones coop , la consultora de comunicaci\u00f3n y estrategia","potentialAction":[{"@type":"SearchAction","target":{"@type":"EntryPoint","urlTemplate":"https:\/\/cklcomunicaciones.es\/coop\/?s={search_term_string}"},"query-input":{"@type":"PropertyValueSpecification","valueRequired":true,"valueName":"search_term_string"}}],"inLanguage":"es"},{"@type":"Person","@id":"https:\/\/cklcomunicaciones.es\/coop\/#\/schema\/person\/929a6837f7626450bbb50cee1aef266e","name":"ckl","image":{"@type":"ImageObject","inLanguage":"es","@id":"https:\/\/secure.gravatar.com\/avatar\/c82db564e8a669bf6023357a157b9dc4780f4d4c618f2ad1d71a6a5dede45057?s=96&d=mm&r=g","url":"https:\/\/secure.gravatar.com\/avatar\/c82db564e8a669bf6023357a157b9dc4780f4d4c618f2ad1d71a6a5dede45057?s=96&d=mm&r=g","contentUrl":"https:\/\/secure.gravatar.com\/avatar\/c82db564e8a669bf6023357a157b9dc4780f4d4c618f2ad1d71a6a5dede45057?s=96&d=mm&r=g","caption":"ckl"},"url":"https:\/\/cklcomunicaciones.es\/coop\/author\/cklcomunicaciones\/"}]}},"_links":{"self":[{"href":"https:\/\/cklcomunicaciones.es\/coop\/wp-json\/wp\/v2\/posts\/24351","targetHints":{"allow":["GET"]}}],"collection":[{"href":"https:\/\/cklcomunicaciones.es\/coop\/wp-json\/wp\/v2\/posts"}],"about":[{"href":"https:\/\/cklcomunicaciones.es\/coop\/wp-json\/wp\/v2\/types\/post"}],"author":[{"embeddable":true,"href":"https:\/\/cklcomunicaciones.es\/coop\/wp-json\/wp\/v2\/users\/3"}],"replies":[{"embeddable":true,"href":"https:\/\/cklcomunicaciones.es\/coop\/wp-json\/wp\/v2\/comments?post=24351"}],"version-history":[{"count":0,"href":"https:\/\/cklcomunicaciones.es\/coop\/wp-json\/wp\/v2\/posts\/24351\/revisions"}],"wp:featuredmedia":[{"embeddable":true,"href":"https:\/\/cklcomunicaciones.es\/coop\/wp-json\/wp\/v2\/media\/23882"}],"wp:attachment":[{"href":"https:\/\/cklcomunicaciones.es\/coop\/wp-json\/wp\/v2\/media?parent=24351"}],"wp:term":[{"taxonomy":"category","embeddable":true,"href":"https:\/\/cklcomunicaciones.es\/coop\/wp-json\/wp\/v2\/categories?post=24351"},{"taxonomy":"post_tag","embeddable":true,"href":"https:\/\/cklcomunicaciones.es\/coop\/wp-json\/wp\/v2\/tags?post=24351"}],"curies":[{"name":"wp","href":"https:\/\/api.w.org\/{rel}","templated":true}]}}