{"id":24334,"date":"2025-03-07T15:05:29","date_gmt":"2025-03-07T14:05:29","guid":{"rendered":"https:\/\/cklcomunicaciones.es\/coop\/?p=24334"},"modified":"2025-03-07T15:05:29","modified_gmt":"2025-03-07T14:05:29","slug":"newsletter-info-ckl-2-916","status":"publish","type":"post","link":"https:\/\/cklcomunicaciones.es\/coop\/newsletter-info-ckl-2-916\/","title":{"rendered":"Newsletter Info CKL #2.916"},"content":{"rendered":"<p><div class=\"fusion-fullwidth fullwidth-box fusion-builder-row-1 fusion-flex-container has-pattern-background has-mask-background nonhundred-percent-fullwidth non-hundred-percent-height-scrolling\" style=\"--awb-border-radius-top-left:0px;--awb-border-radius-top-right:0px;--awb-border-radius-bottom-right:0px;--awb-border-radius-bottom-left:0px;--awb-flex-wrap:wrap;\" ><div class=\"fusion-builder-row fusion-row fusion-flex-align-items-flex-start fusion-flex-content-wrap\" style=\"max-width:1248px;margin-left: calc(-4% \/ 2 );margin-right: calc(-4% \/ 2 );\"><div class=\"fusion-layout-column fusion_builder_column fusion-builder-column-0 fusion_builder_column_1_1 1_1 fusion-flex-column\" style=\"--awb-bg-size:cover;--awb-width-large:100%;--awb-margin-top-large:0px;--awb-spacing-right-large:1.92%;--awb-margin-bottom-large:20px;--awb-spacing-left-large:1.92%;--awb-width-medium:100%;--awb-order-medium:0;--awb-spacing-right-medium:1.92%;--awb-spacing-left-medium:1.92%;--awb-width-small:100%;--awb-order-small:0;--awb-spacing-right-small:1.92%;--awb-spacing-left-small:1.92%;\"><div class=\"fusion-column-wrapper fusion-column-has-shadow fusion-flex-justify-content-flex-start fusion-content-layout-column\"><div class=\"fusion-title title fusion-title-1 fusion-sep-none fusion-title-text fusion-title-size-paragraph\" style=\"--awb-margin-top:20px;--awb-margin-top-small:10px;--awb-margin-right-small:0px;--awb-margin-bottom-small:10px;--awb-margin-left-small:0px;--awb-sep-color:var(--awb-custom_color_1);--awb-font-size:20px;\"><p class=\"fusion-title-heading title-heading-left title-heading-tag fusion-responsive-typography-calculated\" style=\"font-family:&quot;Raleway&quot;;font-style:normal;font-weight:400;margin:0;font-size:1em;--fontSize:20;--minFontSize:20;line-height:var(--awb-typography4-line-height);\"><a class=\"fusion-one-page-text-link\" href=\"#convocatorias\"><mark class=\"fusion-highlight custom-textcolor highlight1 awb-highlight-background rounded\" style=\"--awb-text-color:#ffffff;\"><strong>Convocatorias<\/strong><\/mark><\/a> <a class=\"fusion-one-page-text-link\" href=\"#comunicacion\"><mark class=\"fusion-highlight custom-textcolor highlight1 awb-highlight-background rounded\" style=\"--awb-color:#db9600;--awb-text-color:#ffffff;\"><strong>Comunicaci\u00f3n, Publicidad y TICs<\/strong><\/mark><\/a> <a class=\"fusion-one-page-text-link\" href=\"#andalucia\"><mark class=\"fusion-highlight custom-textcolor highlight1 awb-highlight-background rounded\" style=\"--awb-color:#4cb700;--awb-text-color:#ffffff;\"><strong>Andaluc\u00eda<\/strong><\/mark><\/a> <a class=\"fusion-one-page-text-link\" href=\"#estado\"><mark class=\"fusion-highlight custom-textcolor highlight1 awb-highlight-background rounded\" style=\"--awb-text-color:#ffffff;\"><strong>Estado<\/strong><\/mark><\/a> <a class=\"fusion-one-page-text-link\" href=\"#internacional\"><mark class=\"fusion-highlight custom-textcolor highlight1 awb-highlight-background rounded\" style=\"--awb-color:#0098d9;--awb-text-color:#ffffff;\"><strong>UE &amp; Internacional<\/strong><\/mark><\/a><\/p><\/div><\/div><\/div><\/div><\/div><div class=\"fusion-fullwidth fullwidth-box fusion-builder-row-2 fusion-flex-container has-pattern-background has-mask-background hundred-percent-fullwidth non-hundred-percent-height-scrolling\" style=\"--awb-border-radius-top-left:0px;--awb-border-radius-top-right:0px;--awb-border-radius-bottom-right:0px;--awb-border-radius-bottom-left:0px;--awb-padding-right-small:2%;--awb-padding-left-small:2%;--awb-flex-wrap:wrap;\" ><div class=\"fusion-builder-row fusion-row fusion-flex-align-items-flex-start fusion-flex-content-wrap\" style=\"width:104% !important;max-width:104% !important;margin-left: calc(-4% \/ 2 );margin-right: calc(-4% \/ 2 );\"><div class=\"fusion-layout-column fusion_builder_column fusion-builder-column-1 fusion_builder_column_1_1 1_1 fusion-flex-column\" style=\"--awb-padding-right:20px;--awb-padding-left:20px;--awb-padding-right-small:15px;--awb-padding-left-small:15px;--awb-overflow:hidden;--awb-bg-color:var(--awb-color1);--awb-bg-color-hover:var(--awb-color1);--awb-bg-size:cover;--awb-border-color:#850e5b;--awb-border-top:2px;--awb-border-right:2px;--awb-border-bottom:2px;--awb-border-left:2px;--awb-border-style:solid;--awb-border-radius:15px 15px 15px 15px;--awb-width-large:100%;--awb-margin-top-large:0px;--awb-spacing-right-large:1.92%;--awb-margin-bottom-large:20px;--awb-spacing-left-large:1.92%;--awb-width-medium:100%;--awb-order-medium:0;--awb-spacing-right-medium:1.92%;--awb-spacing-left-medium:1.92%;--awb-width-small:100%;--awb-order-small:0;--awb-spacing-right-small:0px;--awb-spacing-left-small:0px;\" id=\"c_8m\" data-scroll-devices=\"small-visibility,medium-visibility,large-visibility\"><div class=\"fusion-column-wrapper fusion-column-has-shadow fusion-flex-justify-content-flex-start fusion-content-layout-column\"><div class=\"fusion-title title fusion-title-2 fusion-sep-none fusion-title-text fusion-title-size-one\" style=\"--awb-margin-top:20px;--awb-margin-top-small:10px;--awb-margin-right-small:0px;--awb-margin-bottom-small:10px;--awb-margin-left-small:0px;--awb-sep-color:var(--awb-custom_color_1);\" id=\"8m\"><h1 class=\"fusion-title-heading title-heading-left fusion-responsive-typography-calculated\" style=\"font-family:&quot;Raleway&quot;;font-style:normal;font-weight:400;margin:0;--fontSize:40;line-height:var(--awb-typography1-line-height);\"><mark class=\"fusion-highlight custom-textcolor highlight1 awb-highlight-background rounded\" style=\"--awb-color:#850e5b;--awb-text-color:#ffffff;\"><i class=\"fb-icon-element-1 fb-icon-element fontawesome-icon fa-venus fas circle-no fusion-text-flow\" style=\"--awb-font-size:32px;--awb-margin-right:16px;\"><\/i><strong>Especial 8M<\/strong><\/mark><\/h1><\/div><div class=\"fusion-text fusion-text-1\" style=\"--awb-line-height:1.5em;--awb-margin-left:10px;--awb-text-font-family:Georgia, serif;--awb-text-font-style:normal;--awb-text-font-weight:400;\"><ul>\n<li><a href=\"https:\/\/www.infobae.com\/espana\/2025\/03\/06\/manifestaciones-8m-a-que-hora-son-y-cual-es-el-recorrido-en-las-principales-ciudades-de-espana\/\">Manifestaciones 8M: a qu\u00e9 hora son y cu\u00e1l es el recorrido en las principales ciudades de Espa\u00f1a\u00a0\u00a0<\/a>@infobae<\/li>\n<li>Andaluc\u00eda:\n<ul>\n<li>\n<p lang=\"zxx\">Presentaci\u00f3n de la app Andaluzaa.\u00a0<a href=\"http:\/\/www.juntadeandalucia.es\/institutodelamujer\/catalogo\/doc\/convocatorias\/2025-iam\/cartel-andaluzaa.jpg\" target=\"_blank\" rel=\"noopener\" data-saferedirecturl=\"https:\/\/www.google.com\/url?q=http:\/\/www.juntadeandalucia.es\/institutodelamujer\/catalogo\/doc\/convocatorias\/2025-iam\/cartel-andaluzaa.jpg&amp;source=gmail&amp;ust=1741420048995000&amp;usg=AOvVaw2_wMTSHCPnITkDMcQguR5j\">Cartel<\/a>.\u00a0<a href=\"https:\/\/juntadeandalucia.es\/presidencia\/portavoz\/social\/202175\/ConsejeriadeInclusionSocial\/IAM\/InstitutoAndaluzdelaMujer\/aplicacionmovil\/ofertas\/formacion\/mujeres\" target=\"_blank\" rel=\"noopener\" data-saferedirecturl=\"https:\/\/www.google.com\/url?q=https:\/\/juntadeandalucia.es\/presidencia\/portavoz\/social\/202175\/ConsejeriadeInclusionSocial\/IAM\/InstitutoAndaluzdelaMujer\/aplicacionmovil\/ofertas\/formacion\/mujeres&amp;source=gmail&amp;ust=1741420048995000&amp;usg=AOvVaw0B_hDzMRXQmHGwGFD33oZs\">M\u00e1s informaci\u00f3n<\/a>.\u00a0<a href=\"https:\/\/youtu.be\/FBQRT_Jcdmk\" target=\"_blank\" rel=\"noopener\" data-saferedirecturl=\"https:\/\/www.google.com\/url?q=https:\/\/youtu.be\/FBQRT_Jcdmk&amp;source=gmail&amp;ust=1741420048995000&amp;usg=AOvVaw05CsoMMTVhzqzErsf3dtWT\">Enlace al v\u00eddeo<\/a><\/p>\n<\/li>\n<li>\n<p lang=\"zxx\">D\u00eda Internacional de las mujeres, 8 de marzo.\u00a0<a href=\"http:\/\/www.juntadeandalucia.es\/institutodelamujer\/catalogo\/doc\/convocatorias\/2025-iam\/cartel-8M.jpeg\" target=\"_blank\" rel=\"noopener\" data-saferedirecturl=\"https:\/\/www.google.com\/url?q=http:\/\/www.juntadeandalucia.es\/institutodelamujer\/catalogo\/doc\/convocatorias\/2025-iam\/cartel-8M.jpeg&amp;source=gmail&amp;ust=1741420048995000&amp;usg=AOvVaw2RMLtDO_MCkwUzx3m47u7l\">Cartel<\/a>.\u00a0<a href=\"https:\/\/juntadeandalucia.es\/presidencia\/portavoz\/social\/202168\/JuntadeAndalucia\/ConsejodeGobierno\" target=\"_blank\" rel=\"noopener\" data-saferedirecturl=\"https:\/\/www.google.com\/url?q=https:\/\/juntadeandalucia.es\/presidencia\/portavoz\/social\/202168\/JuntadeAndalucia\/ConsejodeGobierno&amp;source=gmail&amp;ust=1741420048995000&amp;usg=AOvVaw3HcvhIysK8wa1nRDjcfjdt\">M\u00e1s informaci\u00f3n<\/a>.\u00a0<a href=\"https:\/\/www.youtube.com\/watch?v=D-vwzudNdm8\" target=\"_blank\" rel=\"noopener\" data-saferedirecturl=\"https:\/\/www.google.com\/url?q=https:\/\/www.youtube.com\/watch?v%3DD-vwzudNdm8&amp;source=gmail&amp;ust=1741420048995000&amp;usg=AOvVaw3uc8zO-5QhXk4w8gxSxpKM\">Enlace al v\u00eddeo<\/a>.<\/p>\n<\/li>\n<li>Programaci\u00f3n de actividades 2025 por el 8M: D\u00eda Internacional de la Mujer.\u00a0Ayuntamiento de Almer\u00eda.\u00a0<a href=\"https:\/\/www.mujeralmeria.es\/wp-content\/uploads\/2025\/02\/programacion_8m-2025-1.pdf\" target=\"_blank\" rel=\"noopener\" data-saferedirecturl=\"https:\/\/www.google.com\/url?q=https:\/\/www.mujeralmeria.es\/wp-content\/uploads\/2025\/02\/programacion_8m-2025-1.pdf&amp;source=gmail&amp;ust=1741420049000000&amp;usg=AOvVaw1fCLjDxWwZPbszey6r6DWa\">Programaci\u00f3n<\/a>.<\/li>\n<li>Actividades conmemorativas del D\u00eda de la Mujer.\u00a0Ayuntamiento de Jerez.\u00a0<a href=\"https:\/\/www.jerez.es\/eventos\/detalle\/programacion-8m2025-dia-internacional-de-las-mujeres\" target=\"_blank\" rel=\"noopener\" data-saferedirecturl=\"https:\/\/www.google.com\/url?q=https:\/\/www.jerez.es\/eventos\/detalle\/programacion-8m2025-dia-internacional-de-las-mujeres&amp;source=gmail&amp;ust=1741420049000000&amp;usg=AOvVaw2CadIB_3W7IbjVhU6umbw6\">M\u00e1s informaci\u00f3n<\/a>.\u00a0<a href=\"https:\/\/www.jerez.es\/fileadmin\/Image_Archive\/Igualdad\/Para_la_Igualdad\/Programa_8M_2025.pdf\" target=\"_blank\" rel=\"noopener\" data-saferedirecturl=\"https:\/\/www.google.com\/url?q=https:\/\/www.jerez.es\/fileadmin\/Image_Archive\/Igualdad\/Para_la_Igualdad\/Programa_8M_2025.pdf&amp;source=gmail&amp;ust=1741420049000000&amp;usg=AOvVaw1Dp2-3sTQfhAnxqEXN160P\">Programa<\/a>.\u00a0<a href=\"https:\/\/www.jerez.es\/fileadmin\/Image_Archive\/Igualdad\/Para_la_Igualdad\/Cronograma_8M_2025.pdf\" target=\"_blank\" rel=\"noopener\" data-saferedirecturl=\"https:\/\/www.google.com\/url?q=https:\/\/www.jerez.es\/fileadmin\/Image_Archive\/Igualdad\/Para_la_Igualdad\/Cronograma_8M_2025.pdf&amp;source=gmail&amp;ust=1741420049000000&amp;usg=AOvVaw08SLwvrlRTkGUNoUKBoCEK\">Cronograma<\/a>.<\/li>\n<li>Actividades conmemorativas del D\u00eda de la Mujer.\u00a0Universidad de C\u00e1diz.\u00a0<a href=\"https:\/\/igualdad.uca.es\/8m2025\/\" target=\"_blank\" rel=\"noopener\" data-saferedirecturl=\"https:\/\/www.google.com\/url?q=https:\/\/igualdad.uca.es\/8m2025\/&amp;source=gmail&amp;ust=1741420049000000&amp;usg=AOvVaw3NdQm-Jw2pUgovAgU3duDE\">M\u00e1s informaci\u00f3n<\/a>.<\/li>\n<li><a href=\"http:\/\/www.juntadeandalucia.es\/iam\/catalogo\/doc\/convocatorias\/2025-genero\/EL-pozoblanco.png\" target=\"_blank\" rel=\"noopener\" data-saferedirecturl=\"https:\/\/www.google.com\/url?q=http:\/\/www.juntadeandalucia.es\/iam\/catalogo\/doc\/convocatorias\/2025-genero\/EL-pozoblanco.png&amp;source=gmail&amp;ust=1741420049000000&amp;usg=AOvVaw3kFPIdNjzB_bU7NcTRpC9q\">Actividades conmemorativas del D\u00eda de la Mujer. Asociaci\u00f3n de Mujeres \u00abVentana Abierta\u00bb<\/a>.\u00a0Pozoblanco.\u00a08\u00a0de\u00a0marzo\u00a0de 2025.<\/li>\n<li>Actividades conmemorativas del D\u00eda de la Mujer. Ayuntamiento de\u00a0C\u00f3rdoba.\u00a0<a href=\"https:\/\/www.cordoba.es\/servicios\/mujer-e-igualdad\/actividades\/8m\/2025\/8m-dia-internacional-mujeres\" target=\"_blank\" rel=\"noopener\" data-saferedirecturl=\"https:\/\/www.google.com\/url?q=https:\/\/www.cordoba.es\/servicios\/mujer-e-igualdad\/actividades\/8m\/2025\/8m-dia-internacional-mujeres&amp;source=gmail&amp;ust=1741420049000000&amp;usg=AOvVaw38y2hQd7TQyiJBw9df4bL0\">M\u00e1s informaci\u00f3n<\/a>.\u00a0<a href=\"https:\/\/www.cordoba.es\/sites\/default\/files\/2025-02\/PROGRAMA_8M%20(3).pdf\" target=\"_blank\" rel=\"noopener\" data-saferedirecturl=\"https:\/\/www.google.com\/url?q=https:\/\/www.cordoba.es\/sites\/default\/files\/2025-02\/PROGRAMA_8M%2520(3).pdf&amp;source=gmail&amp;ust=1741420049000000&amp;usg=AOvVaw2dZy6pWGph5YXIVD2nzxER\">Programa<\/a>.<\/li>\n<li>Festival 100% Mujer.\u00a0Azucarera de Granada.\u00a015\u00a0de marzo de 2025.\u00a0<a href=\"https:\/\/www.azucareradegranada.com\/\" target=\"_blank\" rel=\"noopener\" data-saferedirecturl=\"https:\/\/www.google.com\/url?q=https:\/\/www.azucareradegranada.com\/&amp;source=gmail&amp;ust=1741420049000000&amp;usg=AOvVaw05R9b_xNpq5bMWfv-ttar2\">M\u00e1s informaci\u00f3n\u00a0y entradas<\/a>.<\/li>\n<li>Actividades conmemorativas del D\u00eda de la Mujer. Ayuntamiento de Granada.\u00a0<a href=\"https:\/\/www.granada.org\/inet\/wmujer8.nsf\/b8aed10edab670f1c12573f3003a253e\/178cd8575c701408c1258c42002d6627!OpenDocument\" target=\"_blank\" rel=\"noopener\" data-saferedirecturl=\"https:\/\/www.google.com\/url?q=https:\/\/www.granada.org\/inet\/wmujer8.nsf\/b8aed10edab670f1c12573f3003a253e\/178cd8575c701408c1258c42002d6627!OpenDocument&amp;source=gmail&amp;ust=1741420049000000&amp;usg=AOvVaw3mMtaioWxYqMXcIQMnvyGx\">M\u00e1s informaci\u00f3n<\/a>.\u00a0<a href=\"https:\/\/www.granada.org\/obj.nsf\/in\/WCDOTKG\/$file\/programacion-8-marzo-igualdad-2025.pdf\" target=\"_blank\" rel=\"noopener\" data-saferedirecturl=\"https:\/\/www.google.com\/url?q=https:\/\/www.granada.org\/obj.nsf\/in\/WCDOTKG\/$file\/programacion-8-marzo-igualdad-2025.pdf&amp;source=gmail&amp;ust=1741420049000000&amp;usg=AOvVaw19bymmhAIDo4nuwBKb3IHZ\">Programaci\u00f3n<\/a>.<\/li>\n<li><a href=\"http:\/\/www.juntadeandalucia.es\/iam\/catalogo\/doc\/convocatorias\/2025-genero\/EL-distritos.jpg\" target=\"_blank\" rel=\"noopener\" data-saferedirecturl=\"https:\/\/www.google.com\/url?q=http:\/\/www.juntadeandalucia.es\/iam\/catalogo\/doc\/convocatorias\/2025-genero\/EL-distritos.jpg&amp;source=gmail&amp;ust=1741420049000000&amp;usg=AOvVaw3Sq0OKo2sJq93f64zB5dzc\">Acto de Reconocimiento a Mujeres Referentes de nuestros Distritos<\/a>. Ayuntamiento de Granada. 10 de marzo de 2025, a las 17:00 horas. Entrada libre hasta completar aforo.<\/li>\n<li><a href=\"http:\/\/www.juntadeandalucia.es\/iam\/catalogo\/doc\/convocatorias\/2025-genero\/EL-manifestacion-granada.jpeg\" target=\"_blank\" rel=\"noopener\" data-saferedirecturl=\"https:\/\/www.google.com\/url?q=http:\/\/www.juntadeandalucia.es\/iam\/catalogo\/doc\/convocatorias\/2025-genero\/EL-manifestacion-granada.jpeg&amp;source=gmail&amp;ust=1741420049000000&amp;usg=AOvVaw2EOa3b7yhfl-Ah76ruXtNR\">Manifestaci\u00f3n 8 de Marzo<\/a>. Plataforma 8M \/ 25N Contra la Violencia de G\u00e9nero de Granada. 8 de marzo, 12:00 horas.\u00a0<a href=\"http:\/\/www.juntadeandalucia.es\/iam\/catalogo\/doc\/convocatorias\/2025-genero\/EL-manifiesto-granada.pdf\" target=\"_blank\" rel=\"noopener\" data-saferedirecturl=\"https:\/\/www.google.com\/url?q=http:\/\/www.juntadeandalucia.es\/iam\/catalogo\/doc\/convocatorias\/2025-genero\/EL-manifiesto-granada.pdf&amp;source=gmail&amp;ust=1741420049000000&amp;usg=AOvVaw2r7qzX2UfpmJboynCGU4hT\">Manifiesto<\/a>.<\/li>\n<li>Ruta mujeres que dejaron huella.\u00a0Ayuntamiento de Huelva.\u00a0<a href=\"https:\/\/www.huelva.es\/portal\/es\/eventos\/ruta-mujeres-que-dejaron-huella\" target=\"_blank\" rel=\"noopener\" data-saferedirecturl=\"https:\/\/www.google.com\/url?q=https:\/\/www.huelva.es\/portal\/es\/eventos\/ruta-mujeres-que-dejaron-huella&amp;source=gmail&amp;ust=1741420049000000&amp;usg=AOvVaw1bf-Cyqi8sLN6BOotnqV94\">M\u00e1s informaci\u00f3n<\/a>.<\/li>\n<li><a href=\"http:\/\/www.juntadeandalucia.es\/iam\/catalogo\/doc\/convocatorias\/2025-genero\/EL-exposicion-talentosas.jpg\" target=\"_blank\" rel=\"noopener\" data-saferedirecturl=\"https:\/\/www.google.com\/url?q=http:\/\/www.juntadeandalucia.es\/iam\/catalogo\/doc\/convocatorias\/2025-genero\/EL-exposicion-talentosas.jpg&amp;source=gmail&amp;ust=1741420049000000&amp;usg=AOvVaw24POIHWwJ_mAI5DdFs28BM\">Exposici\u00f3n de dibujos y pinturas : \u201cTalentosas\u201d<\/a>.\u00a0Instituto Andaluz de la Mujer de Ja\u00e9n. 11\u00a0de\u00a0marzo, a las 18:00 horas.<\/li>\n<li><a href=\"http:\/\/www.juntadeandalucia.es\/iam\/catalogo\/doc\/convocatorias\/2025-genero\/EL-manifestacion-8M.jpg\" target=\"_blank\" rel=\"noopener\" data-saferedirecturl=\"https:\/\/www.google.com\/url?q=http:\/\/www.juntadeandalucia.es\/iam\/catalogo\/doc\/convocatorias\/2025-genero\/EL-manifestacion-8M.jpg&amp;source=gmail&amp;ust=1741420049000000&amp;usg=AOvVaw31o0NucpPQLaiUcReEXlIY\">Manifestaci\u00f3n 8 de marzo<\/a>. Asociaci\u00f3n Feministas 8M Ja\u00e9n. 8 de marzo, a las 11:00 horas.<\/li>\n<li>Actividades conmemorativas del D\u00eda de la Mujer.\u00a0Museo\u00a0de M\u00e1laga.\u00a06\u00a0y 7\u00a0de marzo\u00a0de 2025.\u00a0Aforo limitado.\u00a0<a href=\"https:\/\/www.juntadeandalucia.es\/cultura\/agendaculturaldeandalucia\/evento\/actividades-conmemorativas-del-dia-de-la-mujer-8-de-marzo-de-2025-en-el-museo-de-malaga\" target=\"_blank\" rel=\"noopener\" data-saferedirecturl=\"https:\/\/www.google.com\/url?q=https:\/\/www.juntadeandalucia.es\/cultura\/agendaculturaldeandalucia\/evento\/actividades-conmemorativas-del-dia-de-la-mujer-8-de-marzo-de-2025-en-el-museo-de-malaga&amp;source=gmail&amp;ust=1741420049000000&amp;usg=AOvVaw169KTsN4X_YRccZICUOZRm\">M\u00e1s informaci\u00f3n<\/a>.<\/li>\n<li>Conferencia Luisa Rold\u00e1n y sus hermanas.\u00a0Art\u00e9polis. 14 de marzo, de 18:00 a 19:30 horas.\u00a0<a href=\"https:\/\/artepolis.es\/producto\/conferencia-luisa-roldan-y-sus-hermanas\/\" target=\"_blank\" rel=\"noopener\" data-saferedirecturl=\"https:\/\/www.google.com\/url?q=https:\/\/artepolis.es\/producto\/conferencia-luisa-roldan-y-sus-hermanas\/&amp;source=gmail&amp;ust=1741420049000000&amp;usg=AOvVaw1wHZgAOf4uib-aHYcqYKRM\">M\u00e1s informaci\u00f3n e inscripciones<\/a>.<\/li>\n<li>Encuentro territorial #MSPAndaluc\u00eda 2025 :\u00a0Mujeres de palabra. Mujeres en el Sector P\u00fablico.\u00a0San Jos\u00e9 de la Rinconada\u00a014 de marzo de 2025, de 12:00 a 16:30 horas.\u00a0<a href=\"https:\/\/docs.google.com\/forms\/d\/19uWcGNvu4OG9V3LKBCi93dwlCtt8SVL5h2lfHB4b7gE\/viewform?edit_requested=true\" target=\"_blank\" rel=\"noopener\" data-saferedirecturl=\"https:\/\/www.google.com\/url?q=https:\/\/docs.google.com\/forms\/d\/19uWcGNvu4OG9V3LKBCi93dwlCtt8SVL5h2lfHB4b7gE\/viewform?edit_requested%3Dtrue&amp;source=gmail&amp;ust=1741420049000000&amp;usg=AOvVaw3Kx1UW9cpSw-osm2mbLV4r\">Inscripciones<\/a>.<\/li>\n<\/ul>\n<\/li>\n<\/ul>\n<\/div><\/div><\/div><\/div><\/div><div class=\"fusion-fullwidth fullwidth-box fusion-builder-row-3 fusion-flex-container has-pattern-background has-mask-background hundred-percent-fullwidth non-hundred-percent-height-scrolling\" style=\"--awb-border-radius-top-left:0px;--awb-border-radius-top-right:0px;--awb-border-radius-bottom-right:0px;--awb-border-radius-bottom-left:0px;--awb-padding-right-small:2%;--awb-padding-left-small:2%;--awb-flex-wrap:wrap;\" ><div class=\"fusion-builder-row fusion-row fusion-flex-align-items-flex-start fusion-flex-content-wrap\" style=\"width:104% !important;max-width:104% !important;margin-left: calc(-4% \/ 2 );margin-right: calc(-4% \/ 2 );\"><div class=\"fusion-layout-column fusion_builder_column fusion-builder-column-2 fusion_builder_column_1_1 1_1 fusion-flex-column\" style=\"--awb-padding-right:20px;--awb-padding-left:20px;--awb-padding-right-small:15px;--awb-padding-left-small:15px;--awb-overflow:hidden;--awb-bg-color:var(--awb-color1);--awb-bg-color-hover:var(--awb-color1);--awb-bg-size:cover;--awb-border-color:var(--awb-color3);--awb-border-top:2px;--awb-border-right:2px;--awb-border-bottom:2px;--awb-border-left:2px;--awb-border-style:solid;--awb-border-radius:15px 15px 15px 15px;--awb-width-large:100%;--awb-margin-top-large:0px;--awb-spacing-right-large:1.92%;--awb-margin-bottom-large:20px;--awb-spacing-left-large:1.92%;--awb-width-medium:100%;--awb-order-medium:0;--awb-spacing-right-medium:1.92%;--awb-spacing-left-medium:1.92%;--awb-width-small:100%;--awb-order-small:0;--awb-spacing-right-small:0px;--awb-spacing-left-small:0px;\" id=\"c_convocatorias\" data-scroll-devices=\"small-visibility,medium-visibility,large-visibility\"><div class=\"fusion-column-wrapper fusion-column-has-shadow fusion-flex-justify-content-flex-start fusion-content-layout-column\"><div class=\"fusion-title title fusion-title-3 fusion-sep-none fusion-title-text fusion-title-size-one\" style=\"--awb-margin-top:20px;--awb-margin-top-small:10px;--awb-margin-right-small:0px;--awb-margin-bottom-small:10px;--awb-margin-left-small:0px;--awb-sep-color:var(--awb-custom_color_1);\" id=\"convocatorias\"><h1 class=\"fusion-title-heading title-heading-left fusion-responsive-typography-calculated\" style=\"font-family:&quot;Raleway&quot;;font-style:normal;font-weight:400;margin:0;--fontSize:40;line-height:var(--awb-typography1-line-height);\"><mark class=\"fusion-highlight custom-textcolor highlight1 awb-highlight-background rounded\" style=\"--awb-text-color:#ffffff;\"><strong>Convocatorias<\/strong><\/mark><\/h1><\/div><div class=\"fusion-text fusion-text-2\" style=\"--awb-line-height:1.5em;--awb-margin-left:10px;\"><ul>\n<li><a href=\"http:\/\/www.juntadeandalucia.es\/iam\/catalogo\/doc\/convocatorias\/2025-iam\/cartel-libro-ferretera.jpeg\" target=\"_blank\" rel=\"noopener\" data-saferedirecturl=\"https:\/\/www.google.com\/url?q=http:\/\/www.juntadeandalucia.es\/iam\/catalogo\/doc\/convocatorias\/2025-iam\/cartel-libro-ferretera.jpeg&amp;source=gmail&amp;ust=1741279350739000&amp;usg=AOvVaw1aZvvIVMQDKxOqPBy-qNGL\">Presentaci\u00f3n del libro\u00a0\u2018Historia de una ferretera empoder\u00e1&#8217;\u00a0de\u00a0Encarni Reyes Moriana,\u00a0en coloquio con Roc\u00edo Fern\u00e1ndez Berrocal<\/a>. Centro de Documentaci\u00f3n Mar\u00eda Zambrano. 11 de marzo de 2025. 18:00 horas<\/li>\n<li>Encuentro de Carmen Bretones con clubes de lectura.\u00a0Centro Andaluz de las Letras. 7\u00a0de marzo, a las 19:00 horas. Aforo limitado.\u00a0<a href=\"https:\/\/www1.ccul.junta-andalucia.es\/cultura\/caletras\/evento\/98341\/Almer%C3%ADa.%20Encuentro%20de%20Carmen%20Bretones%20con%20clubes%20de%20lectura\" target=\"_blank\" rel=\"noopener\" data-saferedirecturl=\"https:\/\/www.google.com\/url?q=https:\/\/www1.ccul.junta-andalucia.es\/cultura\/caletras\/evento\/98341\/Almer%25C3%25ADa.%2520Encuentro%2520de%2520Carmen%2520Bretones%2520con%2520clubes%2520de%2520lectura&amp;source=gmail&amp;ust=1741279419049000&amp;usg=AOvVaw1CgCf2OdX8bMBm9Cn32-zE\">M\u00e1s informaci\u00f3n<\/a>.<\/li>\n<li>Club de lectura \u201cLas comadres\u201d: \u00abUn trabajo para toda la vida\u00bb de Rachel Cusk.\u00a027\u00a0de\u00a0marzo\u00a0de 2025.\u00a0<a href=\"https:\/\/fundacionandalucia.ccoo.es\/noticia:718996--La_Fundacion_Memoria_y_Futuro_del_Trabajo_inaugura_una_exposicion_sobre_las_mujeres_y_la_conquista_del_espacio_publico_en_la_Transicion&amp;opc_id=5e95fe95f5155f9f4f2e766902eb4022\" target=\"_blank\" rel=\"noopener\" data-saferedirecturl=\"https:\/\/www.google.com\/url?q=https:\/\/fundacionandalucia.ccoo.es\/noticia:718996--La_Fundacion_Memoria_y_Futuro_del_Trabajo_inaugura_una_exposicion_sobre_las_mujeres_y_la_conquista_del_espacio_publico_en_la_Transicion%26opc_id%3D5e95fe95f5155f9f4f2e766902eb4022&amp;source=gmail&amp;ust=1741279419049000&amp;usg=AOvVaw0eY1j8LxmnC1W9RIR3BKor\">M\u00e1s informaci\u00f3n<\/a>.\u00a0<a href=\"https:\/\/forms.gle\/R9wW4bV8KeJjDji29\" target=\"_blank\" rel=\"noopener\" data-saferedirecturl=\"https:\/\/www.google.com\/url?q=https:\/\/forms.gle\/R9wW4bV8KeJjDji29&amp;source=gmail&amp;ust=1741279419049000&amp;usg=AOvVaw3SmNV2O4CC0vuZrwa4Xl72\">Inscripciones<\/a>.<\/li>\n<li><a href=\"http:\/\/www.juntadeandalucia.es\/iam\/catalogo\/doc\/convocatorias\/2025-genero\/EL-cartel-ciberseguras.jpg\" target=\"_blank\" rel=\"noopener\" data-saferedirecturl=\"https:\/\/www.google.com\/url?q=http:\/\/www.juntadeandalucia.es\/iam\/catalogo\/doc\/convocatorias\/2025-genero\/EL-cartel-ciberseguras.jpg&amp;source=gmail&amp;ust=1741279419049000&amp;usg=AOvVaw2rBKJg1nI9fg6gp3KIoFVh\">Webinar \u201cCiberseguras: por unas relaciones digitales libres de violencia contra las mujeres y ni\u00f1as\u201d<\/a>.\u00a0Colaboratorias.\u00a010\u00a0de\u00a0marzo\u00a0de 2025,\u00a0de\u00a018:00 a 20:00\u00a0horas.\u00a0<a href=\"https:\/\/forms.gle\/ND1xw1WVYrETBW4z5\" target=\"_blank\" rel=\"noopener\" data-saferedirecturl=\"https:\/\/www.google.com\/url?q=https:\/\/forms.gle\/ND1xw1WVYrETBW4z5&amp;source=gmail&amp;ust=1741279419049000&amp;usg=AOvVaw0HGmEV6ekPu9B5wnZGgY6M\">Inscripciones<\/a>.<\/li>\n<li>Presentaci\u00f3n de la revista \u201cNueva Revista n\u00famero 191\u201d. Incluye una secci\u00f3n de \u201cIdentidad de g\u00e9nero\u201d. 10 de marzo de 2025, a las 12:00 horas.\u00a0<a href=\"https:\/\/www.unir.net\/evento\/jornadas-y-congresos\/presentacion-pactos-divergencias\/?utm_source=Fundaci%C3%B3n+Felipe+Gonz%C3%A1lez&amp;utm_campaign=6e58d51b9c-EMAIL_CAMPAIGN_2019_10_09_09_55_COPY_01&amp;utm_medium=email&amp;utm_term=0_40654a6129-6e58d51b9c-223728761\" target=\"_blank\" rel=\"noopener\" data-saferedirecturl=\"https:\/\/www.google.com\/url?q=https:\/\/www.unir.net\/evento\/jornadas-y-congresos\/presentacion-pactos-divergencias\/?utm_source%3DFundaci%25C3%25B3n%2BFelipe%2BGonz%25C3%25A1lez%26utm_campaign%3D6e58d51b9c-EMAIL_CAMPAIGN_2019_10_09_09_55_COPY_01%26utm_medium%3Demail%26utm_term%3D0_40654a6129-6e58d51b9c-223728761&amp;source=gmail&amp;ust=1741279419049000&amp;usg=AOvVaw3tT0ZBbwb-iXDexNU8r9KS\">M\u00e1s informaci\u00f3n e inscripciones<\/a>.<\/li>\n<li>Curso\u00a0\u00abAgentes de Cambio frente a la Violencia de G\u00e9nero\u00bb. Asociaci\u00f3n PRODIVERSA- Progreso y diversidad.\u00a0Del 31\u00a0de\u00a0marzo\u00a0al 13 de abril\u00a0de 2025.\u00a0<a href=\"https:\/\/forms.gle\/YAKao6xeo7gZqjm69\" target=\"_blank\" rel=\"noopener\" data-saferedirecturl=\"https:\/\/www.google.com\/url?q=https:\/\/forms.gle\/YAKao6xeo7gZqjm69&amp;source=gmail&amp;ust=1741420049000000&amp;usg=AOvVaw1bFSCUL1hfE7Hh_3XhGFNC\">Inscripciones<\/a>.<\/li>\n<li><a href=\"https:\/\/fundacionmujeres.es\/agenda\/curso-intervencion-social-con-enfoque-de-genero-para-el-voluntariado-conceptos-basicos-6\/\" target=\"_blank\" rel=\"noopener\" data-saferedirecturl=\"https:\/\/www.google.com\/url?q=https:\/\/fundacionmujeres.es\/agenda\/curso-intervencion-social-con-enfoque-de-genero-para-el-voluntariado-conceptos-basicos-6\/&amp;source=gmail&amp;ust=1741420049000000&amp;usg=AOvVaw2vJIc5yMaVHgsDkpLESJRd\">Curso \u00abIntervenci\u00f3n social con enfoque de g\u00e9nero para el voluntariado\u00bb<\/a>.\u00a0Fundaci\u00f3n Mujeres. Del\u00a020 de marzo\u00a0al\u00a011 de\u00a0abril\u00a0de 2025. Dirigido a personas residentes en la provincia de C\u00f3rdoba.\u00a0<a href=\"https:\/\/forms.office.com\/e\/1R5J0Vg6Tg\" target=\"_blank\" rel=\"noopener\" data-saferedirecturl=\"https:\/\/www.google.com\/url?q=https:\/\/forms.office.com\/e\/1R5J0Vg6Tg&amp;source=gmail&amp;ust=1741420049000000&amp;usg=AOvVaw0Fmmyzo4dt824pyOYOXHnr\">Inscripciones<\/a>.<\/li>\n<li>Club de lectura Volc\u00e1n y Cristales: Poes\u00eda, Feminismo y Resistencia. PeriF\u00e9ricas, Escuela de feminismos alternativos. 20 de marzo, 18 horas.\u00a0<a href=\"https:\/\/docs.google.com\/forms\/d\/1wWO0v2H1RvBwlCmPTFy6X9hcZDMS1JGT5tdxWMFmt9I\/preview\" target=\"_blank\" rel=\"noopener\" data-saferedirecturl=\"https:\/\/www.google.com\/url?q=https:\/\/docs.google.com\/forms\/d\/1wWO0v2H1RvBwlCmPTFy6X9hcZDMS1JGT5tdxWMFmt9I\/preview&amp;source=gmail&amp;ust=1741420049000000&amp;usg=AOvVaw20eBLoSIRT1zfxhtWs16oo\">Inscripciones<\/a>.<\/li>\n<li>Curso \u201cAcompa\u00f1ar en situaciones de violencia de g\u00e9nero en el \u00e1mbito laboral\u201d. Asociaci\u00f3n Frecuencias Colectivas. Del 17 de marzo al 18 de abril de 2025.\u00a0<a href=\"https:\/\/bit.ly\/ViolenciaG%C3%A9nero25\" target=\"_blank\" rel=\"noopener\" data-saferedirecturl=\"https:\/\/www.google.com\/url?q=https:\/\/bit.ly\/ViolenciaG%25C3%25A9nero25&amp;source=gmail&amp;ust=1741420049000000&amp;usg=AOvVaw2JgJ5vwYp-B1ns1e9qXUTR\">Inscripciones<\/a>.<\/li>\n<\/ul>\n<\/div><\/div><\/div><\/div><\/div><div class=\"fusion-fullwidth fullwidth-box fusion-builder-row-4 fusion-flex-container has-pattern-background has-mask-background hundred-percent-fullwidth non-hundred-percent-height-scrolling\" style=\"--awb-border-radius-top-left:0px;--awb-border-radius-top-right:0px;--awb-border-radius-bottom-right:0px;--awb-border-radius-bottom-left:0px;--awb-padding-right-small:2%;--awb-padding-left-small:2%;--awb-flex-wrap:wrap;\" ><div class=\"fusion-builder-row fusion-row fusion-flex-align-items-flex-start fusion-flex-content-wrap\" style=\"width:104% !important;max-width:104% !important;margin-left: calc(-4% \/ 2 );margin-right: calc(-4% \/ 2 );\"><div class=\"fusion-layout-column fusion_builder_column fusion-builder-column-3 fusion_builder_column_1_1 1_1 fusion-flex-column\" style=\"--awb-padding-right:20px;--awb-padding-left:20px;--awb-padding-right-small:15px;--awb-padding-left-small:15px;--awb-overflow:hidden;--awb-bg-color:var(--awb-color1);--awb-bg-color-hover:var(--awb-color1);--awb-bg-size:cover;--awb-border-color:var(--awb-color3);--awb-border-top:2px;--awb-border-right:2px;--awb-border-bottom:2px;--awb-border-left:2px;--awb-border-style:solid;--awb-border-radius:15px 15px 15px 15px;--awb-width-large:100%;--awb-margin-top-large:0px;--awb-spacing-right-large:1.92%;--awb-margin-bottom-large:20px;--awb-spacing-left-large:1.92%;--awb-width-medium:100%;--awb-order-medium:0;--awb-spacing-right-medium:1.92%;--awb-spacing-left-medium:1.92%;--awb-width-small:100%;--awb-order-small:0;--awb-spacing-right-small:0px;--awb-spacing-left-small:0px;\" id=\"comunicacion_tics\" data-scroll-devices=\"small-visibility,medium-visibility,large-visibility\"><div class=\"fusion-column-wrapper fusion-column-has-shadow fusion-flex-justify-content-flex-start fusion-content-layout-column\"><div class=\"fusion-title title fusion-title-4 fusion-sep-none fusion-title-text fusion-title-size-one\" style=\"--awb-margin-top:20px;--awb-margin-top-small:10px;--awb-margin-right-small:0px;--awb-margin-bottom-small:10px;--awb-margin-left-small:0px;--awb-sep-color:var(--awb-custom_color_1);\" id=\"comunicacion\"><h1 class=\"fusion-title-heading title-heading-left fusion-responsive-typography-calculated\" style=\"font-family:&quot;Raleway&quot;;font-style:normal;font-weight:400;margin:0;--fontSize:40;line-height:var(--awb-typography1-line-height);\"><mark class=\"fusion-highlight custom-textcolor highlight1 awb-highlight-background rounded\" style=\"--awb-color:#db9600;--awb-text-color:#ffffff;\"><strong>Comunicaci\u00f3n, Publicidad y TICs<\/strong><\/mark><\/h1><\/div><div class=\"fusion-text fusion-text-3\" style=\"--awb-line-height:1.5em;--awb-margin-left:10px;\"><ul>\n<li><a class=\"title\" href=\"https:\/\/www.europapress.es\/epsocial\/igualdad\/noticia-fape-llama-denunciar-misoginia-discriminacion-genero-todas-formas-20250307131828.html\" target=\"_blank\" rel=\"noopener\" data-artpy=\"0\" data-author=\"Europa Press\">La FAPE llama a \u00abdenunciar la misoginia y la discriminaci\u00f3n de g\u00e9nero en todas sus formas\u00bb<\/a> @europapress<\/li>\n<li><a class=\"title\" href=\"https:\/\/www.elcomercio.es\/sociedad\/maria-fernandezmiranda-nueva-directora-mujerhoy-20250305170536-ntrc.html\" target=\"_blank\" rel=\"noopener\" data-artpy=\"0\" data-author=\"El Comercio\">Mar\u00eda Fern\u00e1ndez-Miranda, nueva directora de Mujerhoy<\/a> @elcomercio<\/li>\n<li><a class=\"title\" href=\"https:\/\/www.rtve.es\/rtve\/20250305\/rtve-lanza-campana-igualdad-ni-paso-atras-con-motivo-del-dia-internacional-mujer\/16477125.shtml\" target=\"_blank\" rel=\"noopener\" data-artpy=\"0\" data-author=\"RTVE\">RTVE lanza la campa\u00f1a &#8216;En igualdad, ni un paso atr\u00e1s&#8217; con motivo del D\u00eda Internacional de la Mujer<\/a> @rtve<\/li>\n<li><a class=\"title\" href=\"https:\/\/www.msn.com\/es-es\/deportes\/futbol\/el-inter%C3%A9s-en-el-deporte-femenino-alcanza-un-25-de-visibilidad-en-los-medios-de-comunicaci%C3%B3n-en-2024\/ar-AA1ArLei?ocid=BingNewsVerp\" target=\"_blank\" rel=\"noopener\" data-artpy=\"0\" data-author=\"Europa Press on MSN\">El inter\u00e9s en el deporte femenino alcanza un 25% de visibilidad en los medios de comunicaci\u00f3n en 2024<\/a> @europapress<\/li>\n<li><a class=\"title\" href=\"https:\/\/www.msn.com\/es-es\/estilo\/lifestylegeneral\/una-mujer-de-64-a%C3%B1os-se-convierte-en-la-primera-persona-real-en-ser-clonada-con-ia-para-fines-publicitarios\/ar-AA1AqwkX?ocid=BingNewsVerp\" target=\"_blank\" rel=\"noopener\" data-artpy=\"0\" data-author=\"20minutos on MSN\">Una mujer de 64 a\u00f1os se convierte en la primera persona real en ser clonada con IA para fines publicitarios<\/a> @2ominutos<\/li>\n<li><a class=\"title\" href=\"https:\/\/www.rtve.es\/noticias\/20250307\/dia-mujer-2025-8m-ia-reproduce-sesgos-genero\/16477962.shtml\" target=\"_blank\" rel=\"noopener\" data-artpy=\"0\" data-author=\"RTVE\">D\u00eda de la Mujer: as\u00ed responde la IA cuando preguntamos por bulos machistas extendidos entre los j\u00f3venes<\/a> @rtve<\/li>\n<\/ul>\n<\/div><\/div><\/div><\/div><\/div><div class=\"fusion-fullwidth fullwidth-box fusion-builder-row-5 fusion-flex-container has-pattern-background has-mask-background hundred-percent-fullwidth non-hundred-percent-height-scrolling\" style=\"--awb-border-radius-top-left:0px;--awb-border-radius-top-right:0px;--awb-border-radius-bottom-right:0px;--awb-border-radius-bottom-left:0px;--awb-padding-right-small:2%;--awb-padding-left-small:2%;--awb-flex-wrap:wrap;\" id=\"and\" ><div class=\"fusion-builder-row fusion-row fusion-flex-align-items-flex-start fusion-flex-content-wrap\" style=\"width:104% !important;max-width:104% !important;margin-left: calc(-4% \/ 2 );margin-right: calc(-4% \/ 2 );\"><div class=\"fusion-layout-column fusion_builder_column fusion-builder-column-4 fusion_builder_column_1_1 1_1 fusion-flex-column\" style=\"--awb-padding-right:20px;--awb-padding-left:20px;--awb-padding-right-small:15px;--awb-padding-left-small:15px;--awb-overflow:hidden;--awb-bg-color:var(--awb-color1);--awb-bg-color-hover:var(--awb-color1);--awb-bg-size:cover;--awb-border-color:var(--awb-color3);--awb-border-top:2px;--awb-border-right:2px;--awb-border-bottom:2px;--awb-border-left:2px;--awb-border-style:solid;--awb-border-radius:15px 15px 15px 15px;--awb-width-large:100%;--awb-margin-top-large:0px;--awb-spacing-right-large:1.92%;--awb-margin-bottom-large:20px;--awb-spacing-left-large:1.92%;--awb-width-medium:100%;--awb-order-medium:0;--awb-spacing-right-medium:1.92%;--awb-spacing-left-medium:1.92%;--awb-width-small:100%;--awb-order-small:0;--awb-spacing-right-small:0px;--awb-spacing-left-small:0px;\" id=\"c_andalucia\" data-scroll-devices=\"small-visibility,medium-visibility,large-visibility\"><div class=\"fusion-column-wrapper fusion-column-has-shadow fusion-flex-justify-content-flex-start fusion-content-layout-column\"><div class=\"fusion-title title fusion-title-5 fusion-sep-none fusion-title-text fusion-title-size-one\" style=\"--awb-margin-top:20px;--awb-margin-top-small:10px;--awb-margin-right-small:0px;--awb-margin-bottom-small:10px;--awb-margin-left-small:0px;--awb-sep-color:var(--awb-custom_color_1);\" id=\"andalucia\"><h1 class=\"fusion-title-heading title-heading-left fusion-responsive-typography-calculated\" style=\"font-family:&quot;Raleway&quot;;font-style:normal;font-weight:400;margin:0;--fontSize:40;line-height:var(--awb-typography1-line-height);\"><mark class=\"fusion-highlight custom-textcolor highlight1 awb-highlight-background rounded\" style=\"--awb-color:#4cb700;--awb-text-color:#ffffff;\"><strong>Andaluc\u00eda<\/strong><\/mark><\/h1><\/div><div class=\"fusion-title title fusion-title-6 fusion-sep-none fusion-title-text fusion-title-size-two fusion-animated\" style=\"--awb-text-color:var(--awb-color7);--awb-margin-top-small:10px;--awb-margin-right-small:0px;--awb-margin-bottom-small:10px;--awb-margin-left-small:0px;--awb-sep-color:var(--awb-custom_color_1);--awb-font-size:24px;\" data-animationType=\"fadeIn\" data-animationDuration=\"0.3\" data-animationOffset=\"top-into-view\" id=\"a_institucional\"><h2 class=\"fusion-title-heading title-heading-left fusion-responsive-typography-calculated\" style=\"margin:0;font-size:1em;--fontSize:24;line-height:var(--awb-typography1-line-height);\"><mark class=\"fusion-highlight light highlight1 awb-highlight-background rounded\" style=\"--awb-color:#d1d1d1;\"><strong> Institucional<\/strong>\u00a0<\/mark><\/h2><\/div><div class=\"fusion-text fusion-text-4\" style=\"--awb-line-height:1.5em;\"><ul>\n<li><a class=\"title\" href=\"https:\/\/www.ideal.es\/granada\/moreno-mujeres-pilar-esencial-consolidar-liderazgo-andalucia-20250306215925-nt.html\" target=\"_blank\" rel=\"noopener\" data-artpy=\"0\" data-author=\"IDEAL\">Moreno: \u00abLas mujeres son un pilar esencial para consolidar el liderazgo de Andaluc\u00eda\u00bb<\/a> @ideal<\/li>\n<li><a class=\"title\" href=\"https:\/\/www.msn.com\/es-es\/noticias\/espana\/la-consejera-de-igualdad-pide-unidad-y-alejar-la-ideolog%C3%ADa-del-feminismo-visto-como-causa-y-no-estrategia-pol%C3%ADtica\/ar-AA1AjHpc?ocid=BingNewsVerp\" target=\"_blank\" rel=\"noopener\" data-artpy=\"0\" data-author=\"Europa Press on MSN\">La consejera andaluza de Igualdad pide \u00abunidad\u00bb y alejar la \u00abideolog\u00eda\u00bb del feminismo que reivindica como una \u00abcausa\u00bb<\/a> @europapress<\/li>\n<li><a class=\"title\" href=\"https:\/\/www.msn.com\/es-es\/noticias\/espana\/la-junta-reivindica-en-la-campa%C3%B1a-del-8m-el-papel-fundamental-de-las-mujeres-en-el-entorno-rural-andaluz\/ar-AA1AjfuT?ocid=BingNewsVerp\" target=\"_blank\" rel=\"noopener\" data-artpy=\"0\" data-author=\"Europa Press on MSN\">La Junta reivindica en la campa\u00f1a del 8M el papel fundamental de las mujeres en el entorno rural andaluz<\/a> @europapress<\/li>\n<\/ul>\n<\/div><div class=\"fusion-title title fusion-title-7 fusion-sep-none fusion-title-text fusion-title-size-two fusion-animated\" style=\"--awb-text-color:var(--awb-color7);--awb-margin-top-small:10px;--awb-margin-right-small:0px;--awb-margin-bottom-small:10px;--awb-margin-left-small:0px;--awb-sep-color:var(--awb-custom_color_1);--awb-font-size:24px;\" data-animationType=\"fadeIn\" data-animationDuration=\"0.3\" data-animationOffset=\"top-into-view\" id=\"a_economia_empresa\"><h2 class=\"fusion-title-heading title-heading-left fusion-responsive-typography-calculated\" style=\"margin:0;font-size:1em;--fontSize:24;line-height:var(--awb-typography1-line-height);\"><mark class=\"fusion-highlight light highlight1 awb-highlight-background rounded\" style=\"--awb-color:#d1d1d1;\"><strong>Econom\u00eda y Empresa<\/strong><\/mark><\/h2><\/div><div class=\"fusion-text fusion-text-5\" style=\"--awb-line-height:1.5em;\"><ul>\n<li><a class=\"title\" href=\"https:\/\/www.diariodesevilla.es\/economia\/mujeres-directivas-andalucia-cae-grant-thornton_0_2003466869.html\" target=\"_blank\" rel=\"noopener\" data-artpy=\"0\" data-author=\"Diario de Sevilla\">La cifra de mujeres directivas en Andaluc\u00eda se desploma casi ocho puntos hasta el 28,2%, seg\u00fan Grant Thornton<\/a> @diariodesevilla<\/li>\n<li><a class=\"title\" href=\"https:\/\/www.abc.es\/espana\/andalucia\/isabel-gutierrez-fin-mujeres-frente-empresas-maridos-20250228065035-nts.html\" target=\"_blank\" rel=\"noopener\" data-artpy=\"0\" data-author=\"ABC\">Isabel Guti\u00e9rrez: \u00abPor fin las mujeres est\u00e1n al frente de las empresas y no sus maridos\u00bb<\/a> @abc<\/li>\n<li><a href=\"https:\/\/www.google.com\/url?rct=j&amp;sa=t&amp;url=https:\/\/www.elsaltodiario.com\/economia-social\/empresas-cooperativas-faecta-olavide-forma-democratica&amp;ct=ga&amp;cd=CAEYAioUMTE1MDA5MDM2OTA1NjAzNTQxNzYyG2UwZjU4Njg5N2I1Zjc4M2U6ZXM6ZXM6RVM6TA&amp;usg=AOvVaw34dWubBna7LEPDoD2UvTSH\" target=\"_blank\" rel=\"noopener\" data-saferedirecturl=\"https:\/\/www.google.com\/url?q=https:\/\/www.google.com\/url?rct%3Dj%26sa%3Dt%26url%3Dhttps:\/\/www.elsaltodiario.com\/economia-social\/empresas-cooperativas-faecta-olavide-forma-democratica%26ct%3Dga%26cd%3DCAEYAioUMTE1MDA5MDM2OTA1NjAzNTQxNzYyG2UwZjU4Njg5N2I1Zjc4M2U6ZXM6ZXM6RVM6TA%26usg%3DAOvVaw34dWubBna7LEPDoD2UvTSH&amp;source=gmail&amp;ust=1741279044931000&amp;usg=AOvVaw03Mc7s7JdRA1UZo3h7tR1T\">Empresas cooperativas, una forma de\u00a0econom\u00eda democr\u00e1tica &#8211;\u00a0<\/a> @<a>ElSalto<\/a><\/li>\n<\/ul>\n<\/div><div class=\"fusion-title title fusion-title-8 fusion-sep-none fusion-title-text fusion-title-size-two fusion-animated\" style=\"--awb-text-color:var(--awb-color7);--awb-margin-top-small:10px;--awb-margin-right-small:0px;--awb-margin-bottom-small:10px;--awb-margin-left-small:0px;--awb-sep-color:var(--awb-custom_color_1);--awb-font-size:24px;\" data-animationType=\"fadeIn\" data-animationDuration=\"0.3\" data-animationOffset=\"top-into-view\" id=\"a_actualidad\"><h2 class=\"fusion-title-heading title-heading-left fusion-responsive-typography-calculated\" style=\"margin:0;font-size:1em;--fontSize:24;line-height:var(--awb-typography1-line-height);\"><mark class=\"fusion-highlight light highlight1 awb-highlight-background rounded\" style=\"--awb-color:#d1d1d1;\"><strong>Actualidad<\/strong><\/mark><\/h2><\/div><div class=\"fusion-text fusion-text-6\" style=\"--awb-line-height:1.5em;\"><ul>\n<li><a class=\"title\" href=\"https:\/\/www.msn.com\/es-es\/noticias\/espana\/dos-tercios-de-los-titulares-y-m%C3%A1s-de-la-mitad-de-los-beneficiarios-del-ingreso-m%C3%ADnimo-vital-en-andaluc%C3%ADa-son-mujeres\/ar-AA1Ais10?ocid=BingNewsVerp\" target=\"_blank\" rel=\"noopener\" data-artpy=\"0\" data-author=\"Europa Press on MSN\">Dos tercios de los titulares y m\u00e1s de la mitad de los beneficiarios del Ingreso M\u00ednimo Vital en Andaluc\u00eda son mujeres<\/a> @europapress<\/li>\n<li><a class=\"title\" href=\"https:\/\/www.msn.com\/es-es\/dinero\/noticias\/la-junta-lanza-una-app-m%C3%B3vil-que-a%C3%BAna-todas-las-ofertas-formativas-y-de-empleo-para-las-mujeres-andaluzas\/ar-AA1Aihrb?ocid=BingNewsVerp\" target=\"_blank\" rel=\"noopener\" data-artpy=\"0\" data-author=\"20minutos on MSN\">La Junta lanza una &#8216;app&#8217; m\u00f3vil que a\u00fana todas las ofertas formativas y de empleo para las mujeres andaluzas<\/a> @20minutos<\/li>\n<li><a class=\"title\" href=\"https:\/\/www.abc.es\/sevilla\/economia\/sevillana-sofia-acuna-seleccionada-cien-mujeres-referentes-20250307140825-nts.html\" target=\"_blank\" rel=\"noopener\" data-artpy=\"0\" data-author=\"ABC\">La sevillana Sof\u00eda Acu\u00f1a seleccionada entre las cien Mujeres Referentes del Sector Legal en Espa\u00f1a<\/a> @abc<\/li>\n<li><a class=\"title\" href=\"https:\/\/www.msn.com\/es-es\/pol%C3%ADtica\/gobierno\/ccoo-y-ugt-reclaman-a-las-instituciones-hechos-y-no-solo-palabras-respecto-a-la-igualdad-y-la-violencia-machista\/ar-AA1AscwI?ocid=BingNewsVerp\" target=\"_blank\" rel=\"noopener\" data-artpy=\"0\" data-author=\"Europa Press on MSN\">CCOO y UGT abren las movilizaciones del 8M en Andaluc\u00eda exigiendo a las instituciones \u00abhechos y no solo palabras\u00bb<\/a> @europapress<\/li>\n<\/ul>\n<\/div><div class=\"fusion-title title fusion-title-9 fusion-sep-none fusion-title-text fusion-title-size-two fusion-animated\" style=\"--awb-text-color:var(--awb-color7);--awb-margin-top-small:10px;--awb-margin-right-small:0px;--awb-margin-bottom-small:10px;--awb-margin-left-small:0px;--awb-sep-color:var(--awb-custom_color_1);--awb-font-size:24px;\" data-animationType=\"fadeIn\" data-animationDuration=\"0.3\" data-animationOffset=\"top-into-view\" id=\"a_violencias\"><h2 class=\"fusion-title-heading title-heading-left fusion-responsive-typography-calculated\" style=\"margin:0;font-size:1em;--fontSize:24;line-height:var(--awb-typography1-line-height);\"><mark class=\"fusion-highlight light highlight1 awb-highlight-background rounded\" style=\"--awb-color:#d1d1d1;\"><strong>Violencias<\/strong><\/mark><\/h2><\/div><div class=\"fusion-text fusion-text-7\" style=\"--awb-line-height:1.5em;\"><ul>\n<li><a class=\"title\" href=\"https:\/\/www.abc.es\/sevilla\/ciudad\/ayuntamiento-sevilla-crea-red-comercios-seguros-acoger-20250307130434-nts.html\" target=\"_blank\" rel=\"noopener\" data-artpy=\"0\" data-author=\"ABC\">El Ayuntamiento de Sevilla crea una red de comercios seguros para acoger a las v\u00edctimas de violencia de g\u00e9nero\u00a0<\/a>@abc<\/li>\n<\/ul>\n<\/div><div class=\"fusion-title title fusion-title-10 fusion-sep-none fusion-title-text fusion-title-size-two fusion-animated\" style=\"--awb-text-color:var(--awb-color7);--awb-margin-top-small:10px;--awb-margin-right-small:0px;--awb-margin-bottom-small:10px;--awb-margin-left-small:0px;--awb-sep-color:var(--awb-custom_color_1);--awb-font-size:24px;\" data-animationType=\"fadeIn\" data-animationDuration=\"0.3\" data-animationOffset=\"top-into-view\" id=\"a_violencias\"><h2 class=\"fusion-title-heading title-heading-left fusion-responsive-typography-calculated\" style=\"margin:0;font-size:1em;--fontSize:24;line-height:var(--awb-typography1-line-height);\"><mark class=\"fusion-highlight light highlight1 awb-highlight-background rounded\" style=\"--awb-color:#d1d1d1;\"><strong> Ciencia y Cultura<\/strong> <\/mark><\/h2><\/div><div class=\"fusion-text fusion-text-8\" style=\"--awb-line-height:1.5em;\"><ul>\n<li><a class=\"title\" title=\"De investigar desigualdades a impulsar el \u201ccambio social\u201d: las universidades p\u00fablicas andaluzas frente al reto de la igualdad de g\u00e9nero\" href=\"https:\/\/www.eldiario.es\/andalucia\/edcreativo-andalucia\/investigar-desigualdades-impulsar-cambio-social-universidades-publicas-andaluzas-frente-reto-igualdad-genero_132_12108607.html\" target=\"_blank\" rel=\"noopener\" data-artpy=\"0\" data-author=\"elDiario.es\">De investigar desigualdades a impulsar el \u201ccambio social\u201d: las universidades p\u00fablicas andaluzas frente al reto de la igualdad de<\/a>&#8230; @eldiario<\/li>\n<li><a class=\"title\" href=\"https:\/\/www.msn.com\/es-es\/noticias\/espana\/m%C3%A1s-de-130-actividades-culturales-en-andaluc%C3%ADa-para-conmemorar-el-8m-y-destacar-el-papel-de-la-mujer-durante-todo-el-a%C3%B1o\/ar-AA1Ak8J4?ocid=BingNewsVerp\" target=\"_blank\" rel=\"noopener\" data-artpy=\"0\" data-author=\"Europa Press on MSN\">M\u00e1s de 130 actividades culturales en Andaluc\u00eda para conmemorar el 8M y destacar el papel de la mujer durante todo el a\u00f1o<\/a> @europapress<\/li>\n<li><a class=\"title\" href=\"https:\/\/www.diariosur.es\/malaga\/cien-malaguenas-influyentes-20250305235652-nt.html\" target=\"_blank\" rel=\"noopener\" data-artpy=\"0\" data-author=\"Diario Sur\">D\u00eda de las Mujeres: cien malague\u00f1as influyentes<\/a> @sur<\/li>\n<li><a class=\"title\" href=\"https:\/\/www.cope.es\/emisoras\/andalucia\/huelva-provincia\/huelva\/noticias\/mujeres-dejaron-huella-huelva-recorrido-historia-femenina-ciudad-20250305_3107235.html\" target=\"_blank\" rel=\"noopener\" data-artpy=\"0\" data-author=\"COPE\">Mujeres que dejaron huella en Huelva: un recorrido por la historia femenina de la ciudad<\/a> @cope<\/li>\n<li><a class=\"title\" href=\"https:\/\/www.canalsur.es\/rtva\/mujeres-artistas-y-empoderadas-en-mujereando-el-quejio-de-una-diosa\/2139126.html\" target=\"_blank\" rel=\"noopener\" data-artpy=\"0\" data-author=\"canalsur\">Mujeres artistas y empoderadas en \u00abMujereando, el quej\u00edo de una diosa\u00bb<\/a> @canalsur<\/li>\n<li><a class=\"title\" href=\"https:\/\/www.abc.es\/espana\/andalucia\/cordoba\/diputacion-cordoba-acoge-exposicion-fotografica-mujeres-inspiran-20250305101556-nts.html\" target=\"_blank\" rel=\"noopener\" data-artpy=\"0\" data-author=\"ABC\">La Diputaci\u00f3n de C\u00f3rdoba acoge la exposici\u00f3n fotogr\u00e1fica &#8216;Mujeres que inspiran&#8217;<\/a> @abc<\/li>\n<\/ul>\n<\/div><div class=\"fusion-title title fusion-title-11 fusion-sep-none fusion-title-text fusion-title-size-two fusion-animated\" style=\"--awb-text-color:var(--awb-color7);--awb-margin-top-small:10px;--awb-margin-right-small:0px;--awb-margin-bottom-small:10px;--awb-margin-left-small:0px;--awb-sep-color:var(--awb-custom_color_1);--awb-font-size:24px;\" data-animationType=\"fadeIn\" data-animationDuration=\"0.3\" data-animationOffset=\"top-into-view\" id=\"a_deporte\"><h2 class=\"fusion-title-heading title-heading-left fusion-responsive-typography-calculated\" style=\"margin:0;font-size:1em;--fontSize:24;line-height:var(--awb-typography1-line-height);\"><mark class=\"fusion-highlight light highlight1 awb-highlight-background rounded\" style=\"--awb-color:#d1d1d1;\"><strong> Deporte<\/strong> <\/mark><\/h2><\/div><div class=\"fusion-text fusion-text-9\" style=\"--awb-line-height:1.5em;\"><ul>\n<li><a class=\"title\" href=\"https:\/\/www.diariosur.es\/costadelsol\/fuengirola-analiza-coloquio-papel-mujer-deporte-20250306185316-nt.html\" target=\"_blank\" rel=\"noopener\" data-artpy=\"0\" data-author=\"Diario Sur\">Fuengirola analiza durante un coloquio el papel de la mujer en el deporte<\/a> @sur<\/li>\n<li><a class=\"title\" href=\"https:\/\/www.diariodecadiz.es\/vivir_en_cadiz\/golpeas-chica-empoderamiento-femenino-deporte_0_2003470807.html\" target=\"_blank\" rel=\"noopener\" data-artpy=\"0\" data-author=\"Diario de C\u00e1diz\">\u201cGolpeas como una chica\u201d: el empoderamiento femenino en el deporte<\/a> @diariodecadiz<\/li>\n<li><a class=\"title\" href=\"https:\/\/cadiznoticias.es\/los-mejores-regatistas-del-mundo-se-dan-cita-en-la-bahia-para-disputar-los-iqfoil-games-cadiz-2025\/\" target=\"_blank\" rel=\"noopener\" data-artpy=\"0\" data-author=\"Cadiznoticias\">Los mejores regatistas del mundo se dan cita en la Bah\u00eda para disputar los iQFOil Games C\u00e1diz 2025<\/a> @cadiznoticias<\/li>\n<\/ul>\n<\/div><\/div><\/div><\/div><\/div><div class=\"fusion-fullwidth fullwidth-box fusion-builder-row-6 fusion-flex-container has-pattern-background has-mask-background hundred-percent-fullwidth non-hundred-percent-height-scrolling\" style=\"--awb-border-radius-top-left:0px;--awb-border-radius-top-right:0px;--awb-border-radius-bottom-right:0px;--awb-border-radius-bottom-left:0px;--awb-padding-right-small:2%;--awb-padding-left-small:2%;--awb-flex-wrap:wrap;\" ><div class=\"fusion-builder-row fusion-row fusion-flex-align-items-flex-start fusion-flex-content-wrap\" style=\"width:104% !important;max-width:104% !important;margin-left: calc(-4% \/ 2 );margin-right: calc(-4% \/ 2 );\"><div class=\"fusion-layout-column fusion_builder_column fusion-builder-column-5 fusion_builder_column_1_1 1_1 fusion-flex-column\" style=\"--awb-padding-right:20px;--awb-padding-left:20px;--awb-padding-right-small:15px;--awb-padding-left-small:15px;--awb-overflow:hidden;--awb-bg-color:var(--awb-color1);--awb-bg-color-hover:var(--awb-color1);--awb-bg-size:cover;--awb-border-color:var(--awb-color3);--awb-border-top:2px;--awb-border-right:2px;--awb-border-bottom:2px;--awb-border-left:2px;--awb-border-style:solid;--awb-border-radius:15px 15px 15px 15px;--awb-width-large:100%;--awb-margin-top-large:0px;--awb-spacing-right-large:1.92%;--awb-margin-bottom-large:20px;--awb-spacing-left-large:1.92%;--awb-width-medium:100%;--awb-order-medium:0;--awb-spacing-right-medium:1.92%;--awb-spacing-left-medium:1.92%;--awb-width-small:100%;--awb-order-small:0;--awb-spacing-right-small:0px;--awb-spacing-left-small:0px;\" id=\"c_estado\" data-scroll-devices=\"small-visibility,medium-visibility,large-visibility\"><div class=\"fusion-column-wrapper fusion-column-has-shadow fusion-flex-justify-content-flex-start fusion-content-layout-column\"><div class=\"fusion-title title fusion-title-12 fusion-sep-none fusion-title-text fusion-title-size-one\" style=\"--awb-margin-top:20px;--awb-margin-top-small:10px;--awb-margin-right-small:0px;--awb-margin-bottom-small:10px;--awb-margin-left-small:0px;--awb-sep-color:var(--awb-custom_color_1);\" id=\"estado\"><h1 class=\"fusion-title-heading title-heading-left fusion-responsive-typography-calculated\" style=\"font-family:&quot;Raleway&quot;;font-style:normal;font-weight:400;margin:0;--fontSize:40;line-height:var(--awb-typography1-line-height);\"><mark class=\"fusion-highlight custom-textcolor highlight1 awb-highlight-background rounded\" style=\"--awb-text-color:#ffffff;\"><strong>Estado<\/strong><\/mark><\/h1><\/div><div class=\"fusion-title title fusion-title-13 fusion-sep-none fusion-title-text fusion-title-size-two fusion-animated\" style=\"--awb-text-color:var(--awb-color7);--awb-margin-top-small:10px;--awb-margin-right-small:0px;--awb-margin-bottom-small:10px;--awb-margin-left-small:0px;--awb-sep-color:var(--awb-custom_color_1);--awb-font-size:24px;\" data-animationType=\"fadeIn\" data-animationDuration=\"0.3\" data-animationOffset=\"top-into-view\" id=\"e_institucional\"><h2 class=\"fusion-title-heading title-heading-left fusion-responsive-typography-calculated\" style=\"margin:0;font-size:1em;--fontSize:24;line-height:var(--awb-typography1-line-height);\"><mark class=\"fusion-highlight light highlight1 awb-highlight-background rounded\" style=\"--awb-color:#d1d1d1;\"><strong> Institucional<\/strong>\u00a0<\/mark><\/h2><\/div><div class=\"fusion-text fusion-text-10\" style=\"--awb-line-height:1.5em;\"><ul>\n<li><a class=\"title\" href=\"https:\/\/www.msn.com\/es-es\/noticias\/other\/aina-calvo-secretaria-de-estado-de-igualdad-el-gran-reto-es-que-las-mujeres-tambi%C3%A9n-puedan-ejercer-su-derecho-a-no-cuidar\/ar-AA1AqtxB?ocid=BingNewsVerp\" target=\"_blank\" rel=\"noopener\" data-artpy=\"0\" data-author=\"20 minutos on MSN\">Aina Calvo, secretaria de Estado de Igualdad: \u00abEl gran reto es que las mujeres tambi\u00e9n puedan ejercer su derecho a no cuidar\u00bb<\/a> @2ominutos<\/li>\n<li><a class=\"title\" href=\"https:\/\/www.msn.com\/es-es\/dinero\/economia\/el-gobierno-celebra-la-resiliencia-del-mercado-laboral-y-que-la-brecha-de-g%C3%A9nero-se-est%C3%A9-corrigiendo\/ar-AA1AdgBG?ocid=BingNewsVerp\" target=\"_blank\" rel=\"noopener\" data-artpy=\"0\" data-author=\"Europa Press on MSN\">El Gobierno celebra la resiliencia del mercado laboral y que la brecha de g\u00e9nero se est\u00e9 corrigiendo<\/a> @europapress<\/li>\n<\/ul>\n<\/div><div class=\"fusion-title title fusion-title-14 fusion-sep-none fusion-title-text fusion-title-size-two fusion-animated\" style=\"--awb-text-color:var(--awb-color7);--awb-margin-top-small:10px;--awb-margin-right-small:0px;--awb-margin-bottom-small:10px;--awb-margin-left-small:0px;--awb-sep-color:var(--awb-custom_color_1);--awb-font-size:24px;\" data-animationType=\"fadeIn\" data-animationDuration=\"0.3\" data-animationOffset=\"top-into-view\" id=\"e_institucional_ccaa\"><h2 class=\"fusion-title-heading title-heading-left fusion-responsive-typography-calculated\" style=\"margin:0;font-size:1em;--fontSize:24;line-height:var(--awb-typography1-line-height);\"><mark class=\"fusion-highlight light highlight1 awb-highlight-background rounded\" style=\"--awb-color:#d1d1d1;\"><strong> Institucional &#8211; CCAA<\/strong>\u00a0<\/mark><\/h2><\/div><div class=\"fusion-text fusion-text-11\" style=\"--awb-line-height:1.5em;\"><ul>\n<li><a class=\"title\" href=\"https:\/\/www.msn.com\/es-es\/dinero\/liderazgo-y-administraci%C3%B3n-ejecutiva\/andaluc%C3%ADa-comunidad-valenciana-y-pa%C3%ADs-vasco-las-regiones-con-menos-mujeres-en-puestos-directivos\/ar-AA1AqxdA?ocid=BingNewsVerp\" target=\"_blank\" rel=\"noopener\" data-artpy=\"0\" data-author=\"El Peri\u00f3dico on MSN\">Andaluc\u00eda, Comunidad Valenciana y Pa\u00eds Vasco, las regiones con menos mujeres en puestos directivos<\/a> @elperiodico<\/li>\n<li><span class=\"im\"><a href=\"https:\/\/www.google.com\/url?rct=j&amp;sa=t&amp;url=https:\/\/navarra.red\/navarra-red-musica\/331961\/mujeres-de-la-economia-social-navarra-muestran-como-avanzar-en-equidad-de-genero-repercute-positivamente-en-la-sociedad\/&amp;ct=ga&amp;cd=CAEYACoUMTMzOTgwNDU2NDgyMTkwMDc0NTQyG2UwZjU4Njg5N2I1Zjc4M2U6ZXM6ZXM6RVM6TA&amp;usg=AOvVaw2QpXpnT_y2lQx4wOYsfRYm\" target=\"_blank\" rel=\"noopener\" data-saferedirecturl=\"https:\/\/www.google.com\/url?q=https:\/\/www.google.com\/url?rct%3Dj%26sa%3Dt%26url%3Dhttps:\/\/navarra.red\/navarra-red-musica\/331961\/mujeres-de-la-economia-social-navarra-muestran-como-avanzar-en-equidad-de-genero-repercute-positivamente-en-la-sociedad\/%26ct%3Dga%26cd%3DCAEYACoUMTMzOTgwNDU2NDgyMTkwMDc0NTQyG2UwZjU4Njg5N2I1Zjc4M2U6ZXM6ZXM6RVM6TA%26usg%3DAOvVaw2QpXpnT_y2lQx4wOYsfRYm&amp;source=gmail&amp;ust=1741279044968000&amp;usg=AOvVaw0bE_a9454di8LImSUbR1Ab\">Mujeres\u00a0de la\u00a0Econom\u00eda Social\u00a0navarra muestran como avanzar en equidad de g\u00e9nero &#8230; <\/a>@<\/span><a>NavarraRed<\/a><\/li>\n<li><a class=\"title\" href=\"https:\/\/www.elperiodico.com\/es\/economia\/20250304\/bwaw-desaprovechar-talento-femenino-economia-finanzas-8m-114931545\" target=\"_blank\" rel=\"noopener\" data-artpy=\"0\" data-author=\"El Peri\u00f3dico\">La BWAW exige dejar de desaprovechar el talento femenino: \u00abEl feminismo&#8230;\u00bb<\/a> @elperiodico<\/li>\n<li><a class=\"title\" href=\"https:\/\/www.msn.com\/es-es\/noticias\/espana\/la-comunidad-ayuda-a-mujeres-mayores-de-50-a%C3%B1os-a-desarrollar-su-propio-proyecto-empresarial\/ar-AA1AiqJA?ocid=BingNewsVerp\" target=\"_blank\" rel=\"noopener\" data-artpy=\"0\" data-author=\"Europa Press on MSN\">La Comunidad ayuda a mujeres mayores de 50 a\u00f1os a desarrollar su propio proyecto empresarial<\/a> @europapress<\/li>\n<li><a class=\"title\" href=\"https:\/\/www.msn.com\/es-es\/dinero\/noticias\/la-junta-facilita-que-469-mujeres-asciendan-en-sus-empresas-a-trav%C3%A9s-de-las-subvenciones-de-promoci%C3%B3n-profesional\/ar-AA1ArVNI?ocid=BingNewsVerp\" target=\"_blank\" rel=\"noopener\" data-artpy=\"0\" data-author=\"La Raz\u00f3n on MSN\">La Junta facilita que 469 mujeres asciendan en sus empresas a trav\u00e9s de las subvenciones de promoci\u00f3n profesional<\/a> @larazon<\/li>\n<\/ul>\n<\/div><div class=\"fusion-title title fusion-title-15 fusion-sep-none fusion-title-text fusion-title-size-two fusion-animated\" style=\"--awb-text-color:var(--awb-color7);--awb-margin-top-small:10px;--awb-margin-right-small:0px;--awb-margin-bottom-small:10px;--awb-margin-left-small:0px;--awb-sep-color:var(--awb-custom_color_1);--awb-font-size:24px;\" data-animationType=\"fadeIn\" data-animationDuration=\"0.3\" data-animationOffset=\"top-into-view\" id=\"e_economia_empresa\"><h2 class=\"fusion-title-heading title-heading-left fusion-responsive-typography-calculated\" style=\"margin:0;font-size:1em;--fontSize:24;line-height:var(--awb-typography1-line-height);\"><mark class=\"fusion-highlight light highlight1 awb-highlight-background rounded\" style=\"--awb-color:#d1d1d1;\"><strong>Econom\u00eda y Empresa<\/strong><\/mark><\/h2><\/div><div class=\"fusion-text fusion-text-12\" style=\"--awb-line-height:1.5em;\"><ul>\n<li><a href=\"https:\/\/www.google.com\/url?rct=j&amp;sa=t&amp;url=https:\/\/www.corresponsables.com\/actualidad\/ong-presididas-mujeres-gestionan-41-menos-presupuesto-fundacion-lealtad\/&amp;ct=ga&amp;cd=CAEYASoUMTE1MDA5MDM2OTA1NjAzNTQxNzYyG2UwZjU4Njg5N2I1Zjc4M2U6ZXM6ZXM6RVM6TA&amp;usg=AOvVaw0oKVTv96FZslcN4XxJ5b9f\" target=\"_blank\" rel=\"noopener\" data-saferedirecturl=\"https:\/\/www.google.com\/url?q=https:\/\/www.google.com\/url?rct%3Dj%26sa%3Dt%26url%3Dhttps:\/\/www.corresponsables.com\/actualidad\/ong-presididas-mujeres-gestionan-41-menos-presupuesto-fundacion-lealtad\/%26ct%3Dga%26cd%3DCAEYASoUMTE1MDA5MDM2OTA1NjAzNTQxNzYyG2UwZjU4Njg5N2I1Zjc4M2U6ZXM6ZXM6RVM6TA%26usg%3DAOvVaw0oKVTv96FZslcN4XxJ5b9f&amp;source=gmail&amp;ust=1741279044931000&amp;usg=AOvVaw26El_N95klNb5OULzqj8HL\">Las ONG presididas por\u00a0mujeres gestionan un 41% menos de presupuesto que aquellas &#8230;<\/a> @<a>Corresponsables<\/a><\/li>\n<li><a class=\"title\" href=\"https:\/\/www.bolsamania.com\/noticias\/economia\/economia--el-numero-de-mujeres-directivas-en-espana-desciende-hasta-el-384-segun-un-estudio-de-grant-thornton--19090578.html\" target=\"_blank\" rel=\"noopener\" data-artpy=\"0\" data-author=\"Capitalbolsa\">El n\u00famero de mujeres directivas en Espa\u00f1a desciende hasta el 38,4%, seg\u00fan un estudio de Grant Thornton<\/a> @bolsamania<\/li>\n<li><a href=\"https:\/\/www.google.com\/url?rct=j&amp;sa=t&amp;url=https:\/\/www.servimedia.es\/noticias\/mujeres-suponen-67-5-titulares-53-4-beneficiarios-ingreso-minimo-vital\/1411503132&amp;ct=ga&amp;cd=CAEYAyoTODc3NTY3NDYxNTQ3MDc1NjE2MDIZYzAzNzJlYmMyZmVhZGE1OTplczplczpFUw&amp;usg=AOvVaw0KgUSTmDf9bN59P2X1IVEA\" target=\"_blank\" rel=\"noopener\" data-saferedirecturl=\"https:\/\/www.google.com\/url?q=https:\/\/www.google.com\/url?rct%3Dj%26sa%3Dt%26url%3Dhttps:\/\/www.servimedia.es\/noticias\/mujeres-suponen-67-5-titulares-53-4-beneficiarios-ingreso-minimo-vital\/1411503132%26ct%3Dga%26cd%3DCAEYAyoTODc3NTY3NDYxNTQ3MDc1NjE2MDIZYzAzNzJlYmMyZmVhZGE1OTplczplczpFUw%26usg%3DAOvVaw0KgUSTmDf9bN59P2X1IVEA&amp;source=gmail&amp;ust=1741283712839000&amp;usg=AOvVaw1cH6X7TATjRCnL70W_btG9\">Las\u00a0mujeres suponen el 67,5% de los titulares y el 53,4% de los beneficiarios del Ingreso M\u00ednimo\u00a0 &#8230;<\/a> @<a>Servimedia<\/a><\/li>\n<li><a class=\"title\" href=\"https:\/\/www.msn.com\/es-es\/dinero\/formacion-empleo\/impulsar-la-igualdad-de-g%C3%A9nero-en-el-%C3%A1mbito-laboral-debe-ser-una-prioridad-para-todas-las-naciones-en-el-marco-de-la-agenda-2030\/ar-AA1A8CAq?ocid=BingNewsVerp\" target=\"_blank\" rel=\"noopener\" data-artpy=\"0\" data-author=\"elEconomista.es on MSN\">\u00abImpulsar la igualdad de g\u00e9nero en el \u00e1mbito laboral debe ser una prioridad para todas las naciones, en el marco de la agenda 2030\u00bb<\/a> @eleconomista<\/li>\n<li><a href=\"https:\/\/www.google.com\/url?rct=j&amp;sa=t&amp;url=https:\/\/www.infobae.com\/espana\/2025\/03\/05\/las-mujeres-jovenes-ganan-mas-dinero-que-los-hombres-por-primera-vez-segun-un-estudio-de-reino-unido\/&amp;ct=ga&amp;cd=CAEYAioUMTE1ODkyNTU3NTI4OTAzNjQxODUyG2UwZjU4Njg5N2I1Zjc4M2U6ZXM6ZXM6RVM6TA&amp;usg=AOvVaw0IFIxZJyLD32WYemrgF5Mp\" target=\"_blank\" rel=\"noopener\" data-saferedirecturl=\"https:\/\/www.google.com\/url?q=https:\/\/www.google.com\/url?rct%3Dj%26sa%3Dt%26url%3Dhttps:\/\/www.infobae.com\/espana\/2025\/03\/05\/las-mujeres-jovenes-ganan-mas-dinero-que-los-hombres-por-primera-vez-segun-un-estudio-de-reino-unido\/%26ct%3Dga%26cd%3DCAEYAioUMTE1ODkyNTU3NTI4OTAzNjQxODUyG2UwZjU4Njg5N2I1Zjc4M2U6ZXM6ZXM6RVM6TA%26usg%3DAOvVaw0IFIxZJyLD32WYemrgF5Mp&amp;source=gmail&amp;ust=1741282288636000&amp;usg=AOvVaw29V5SPFrAUDffl2sWC38bR\">Las j\u00f3venes ganan m\u00e1s dinero que los hombres por primera vez, seg\u00fan un estudio &#8230;<\/a> @Infobae<\/li>\n<li><a href=\"https:\/\/www.google.com\/url?rct=j&amp;sa=t&amp;url=https:\/\/www.corresponsables.com\/per\/actualidad\/las-mujeres-emprenden-mas-a-pesar-de-contar-con-menos-recursos-cuanto-se-ha-avanzado-en-30-anos\/&amp;ct=ga&amp;cd=CAEYAioUMTAxMjE5NjM1OTU5NDA2Mjg2ODEyG2UwZjU4Njg5N2I1Zjc4M2U6ZXM6ZXM6RVM6TA&amp;usg=AOvVaw2GR1fdyxX-jrQRZiFMY0CB\" target=\"_blank\" rel=\"noopener\" data-saferedirecturl=\"https:\/\/www.google.com\/url?q=https:\/\/www.google.com\/url?rct%3Dj%26sa%3Dt%26url%3Dhttps:\/\/www.corresponsables.com\/per\/actualidad\/las-mujeres-emprenden-mas-a-pesar-de-contar-con-menos-recursos-cuanto-se-ha-avanzado-en-30-anos\/%26ct%3Dga%26cd%3DCAEYAioUMTAxMjE5NjM1OTU5NDA2Mjg2ODEyG2UwZjU4Njg5N2I1Zjc4M2U6ZXM6ZXM6RVM6TA%26usg%3DAOvVaw2GR1fdyxX-jrQRZiFMY0CB&amp;source=gmail&amp;ust=1741420048250000&amp;usg=AOvVaw0CatIFWLYRSKA8tZf2FhYt\">Las\u00a0mujeres emprenden m\u00e1s, a pesar de contar con menos recursos, \u00bfCu\u00e1nto &#8230; <\/a>@<a>Corresponsables<\/a><\/li>\n<li><a class=\"title\" href=\"https:\/\/www.eldiario.es\/sociedad\/empleo-femenino-gana-fuerza-10-millones-ocupadas-persisten-desigualdades_1_12111611.html\" target=\"_blank\" rel=\"noopener\" data-artpy=\"0\" data-author=\"elDiario.es\">El empleo femenino gana fuerza con 10 millones de ocupadas, aunque persisten las desigualdades<\/a> @eldiario<\/li>\n<li><a href=\"https:\/\/www.google.com\/url?rct=j&amp;sa=t&amp;url=https:\/\/www.eldiario.es\/castilla-la-mancha\/hacemos-economia-social\/sostenibilidad-ecologica-economia-social-solidaria_132_12101237.html&amp;ct=ga&amp;cd=CAEYAyoUMTA5MTgxOTcxNjM3ODczNTQ5OTkyG2UwZjU4Njg5N2I1Zjc4M2U6ZXM6ZXM6RVM6TA&amp;usg=AOvVaw0rgZFlJVVfcO5r5fjez04c\" target=\"_blank\" rel=\"noopener\" data-saferedirecturl=\"https:\/\/www.google.com\/url?q=https:\/\/www.google.com\/url?rct%3Dj%26sa%3Dt%26url%3Dhttps:\/\/www.eldiario.es\/castilla-la-mancha\/hacemos-economia-social\/sostenibilidad-ecologica-economia-social-solidaria_132_12101237.html%26ct%3Dga%26cd%3DCAEYAyoUMTA5MTgxOTcxNjM3ODczNTQ5OTkyG2UwZjU4Njg5N2I1Zjc4M2U6ZXM6ZXM6RVM6TA%26usg%3DAOvVaw0rgZFlJVVfcO5r5fjez04c&amp;source=gmail&amp;ust=1741279044957000&amp;usg=AOvVaw3ENRpe6GcPlxizWF0bGTB4\">La sostenibilidad ecol\u00f3gica en la\u00a0econom\u00eda social y solidaria &#8211;\u00a0<\/a> @<a>elDiarioes<\/a><\/li>\n<\/ul>\n<\/div><div class=\"fusion-title title fusion-title-16 fusion-sep-none fusion-title-text fusion-title-size-two fusion-animated\" style=\"--awb-text-color:var(--awb-color7);--awb-margin-top-small:10px;--awb-margin-right-small:0px;--awb-margin-bottom-small:10px;--awb-margin-left-small:0px;--awb-sep-color:var(--awb-custom_color_1);--awb-font-size:24px;\" data-animationType=\"fadeIn\" data-animationDuration=\"0.3\" data-animationOffset=\"top-into-view\" id=\"e_actualidad\"><h2 class=\"fusion-title-heading title-heading-left fusion-responsive-typography-calculated\" style=\"margin:0;font-size:1em;--fontSize:24;line-height:var(--awb-typography1-line-height);\"><mark class=\"fusion-highlight light highlight1 awb-highlight-background rounded\" style=\"--awb-color:#d1d1d1;\"><strong>Actualidad<\/strong><\/mark><\/h2><\/div><div class=\"fusion-text fusion-text-13\" style=\"--awb-line-height:1.5em;\"><ul>\n<li><a href=\"https:\/\/www.youtube.com\/watch?v=PdZhA6tdmPo\">Campa\u00f1a 8M \u00ab\u00bfTe cansas de o\u00edrlo? Nosotras de vivirlo\u00bb. Nuestra voz. M\u00e1s alta. M\u00e1s clara. M\u00e1s fuerte.<\/a> @youtube<\/li>\n<li><a href=\"https:\/\/www.google.com\/url?rct=j&amp;sa=t&amp;url=https:\/\/www.infobae.com\/espana\/agencias\/2025\/03\/04\/el-cuidado-de-hijos-ocupa-al-37-de-las-mujeres-frente-al-56-de-los-hombres-segun-oxfam\/&amp;ct=ga&amp;cd=CAEYBCoUMTE1ODkyNTU3NTI4OTAzNjQxODUyG2UwZjU4Njg5N2I1Zjc4M2U6ZXM6ZXM6RVM6TA&amp;usg=AOvVaw0DlclLw-jZVQ-vSklXuM1C\" target=\"_blank\" rel=\"noopener\" data-saferedirecturl=\"https:\/\/www.google.com\/url?q=https:\/\/www.google.com\/url?rct%3Dj%26sa%3Dt%26url%3Dhttps:\/\/www.infobae.com\/espana\/agencias\/2025\/03\/04\/el-cuidado-de-hijos-ocupa-al-37-de-las-mujeres-frente-al-56-de-los-hombres-segun-oxfam\/%26ct%3Dga%26cd%3DCAEYBCoUMTE1ODkyNTU3NTI4OTAzNjQxODUyG2UwZjU4Njg5N2I1Zjc4M2U6ZXM6ZXM6RVM6TA%26usg%3DAOvVaw0DlclLw-jZVQ-vSklXuM1C&amp;source=gmail&amp;ust=1741282288637000&amp;usg=AOvVaw3QvHvaMuTnwvKoYccidHgX\">El cuidado de hijos ocupa al 37 % de las mujeres\u00a0frente al 5,6 de los hombres, seg\u00fan Oxfam<\/a> @<a>Infobae<\/a><\/li>\n<li><a href=\"https:\/\/www.google.com\/url?rct=j&amp;sa=t&amp;url=https:\/\/www.eldiario.es\/canariasahora\/lapalmaahora\/sociedad\/nace-primera-red-regional-mujeres-problemas-salud-mental_1_12103925.html&amp;ct=ga&amp;cd=CAEYAioUMTA5ODYxNjQ5NjE5NzU3MTA2ODgyG2UwZjU4Njg5N2I1Zjc4M2U6ZXM6ZXM6RVM6TA&amp;usg=AOvVaw3VYgD63vj91k9Mo-o6A-oQ\" target=\"_blank\" rel=\"noopener\" data-saferedirecturl=\"https:\/\/www.google.com\/url?q=https:\/\/www.google.com\/url?rct%3Dj%26sa%3Dt%26url%3Dhttps:\/\/www.eldiario.es\/canariasahora\/lapalmaahora\/sociedad\/nace-primera-red-regional-mujeres-problemas-salud-mental_1_12103925.html%26ct%3Dga%26cd%3DCAEYAioUMTA5ODYxNjQ5NjE5NzU3MTA2ODgyG2UwZjU4Njg5N2I1Zjc4M2U6ZXM6ZXM6RVM6TA%26usg%3DAOvVaw3VYgD63vj91k9Mo-o6A-oQ&amp;source=gmail&amp;ust=1741279044963000&amp;usg=AOvVaw1P_3mgXKXCE1TM1KH2Quxq\">Nace la primera red regional de mujeres con problemas de salud mental &#8211; <\/a> @<a>elDiario.es<\/a><\/li>\n<li><a href=\"https:\/\/www.google.com\/url?rct=j&amp;sa=t&amp;url=https:\/\/www.caritas.es\/asturias\/noticias\/uno-cada-cinco-hogares-sustentado-mujeres-sufre-exclusion-social\/&amp;ct=ga&amp;cd=CAEYACoUMTAxMjE5NjM1OTU5NDA2Mjg2ODEyG2UwZjU4Njg5N2I1Zjc4M2U6ZXM6ZXM6RVM6TA&amp;usg=AOvVaw3AtFHsC_DBs9GkKKIrhy4S\" target=\"_blank\" rel=\"noopener\" data-saferedirecturl=\"https:\/\/www.google.com\/url?q=https:\/\/www.google.com\/url?rct%3Dj%26sa%3Dt%26url%3Dhttps:\/\/www.caritas.es\/asturias\/noticias\/uno-cada-cinco-hogares-sustentado-mujeres-sufre-exclusion-social\/%26ct%3Dga%26cd%3DCAEYACoUMTAxMjE5NjM1OTU5NDA2Mjg2ODEyG2UwZjU4Njg5N2I1Zjc4M2U6ZXM6ZXM6RVM6TA%26usg%3DAOvVaw3AtFHsC_DBs9GkKKIrhy4S&amp;source=gmail&amp;ust=1741420048250000&amp;usg=AOvVaw1_kk8cafV625VCivYZPkCb\">Uno de cada cinco hogares sustentado por\u00a0mujeres\u00a0sufre exclusi\u00f3n\u00a0social &#8211;\u00a0 <\/a>@<a>C\u00e1ritas<\/a><\/li>\n<li><a class=\"title\" href=\"https:\/\/www.publico.es\/politica\/tribunales\/jueza-mercantil-aplica-perspectiva-genero-exonera-deudas-madre-paro.html\" target=\"_blank\" rel=\"noopener\" data-artpy=\"0\" data-author=\"P\u00fablico\">Una jueza de lo Mercantil aplica perspectiva de g\u00e9nero y exonera de sus deudas a una madre en paro<\/a> @publico<\/li>\n<li><a class=\"title\" href=\"https:\/\/www.msn.com\/es-es\/noticias\/internacional\/hombres-y-mujeres-de-alto-valor-o-c%C3%B3mo-el-feminismo-convive-con-los-nuevos-estereotipos-de-g%C3%A9nero-de-siempre\/ar-AA1ApgHn?ocid=BingNewsVerp\" target=\"_blank\" rel=\"noopener\" data-artpy=\"0\" data-author=\"eldiario.es on MSN\">Hombres y mujeres de \u201calto valor\u201d o c\u00f3mo el feminismo convive con los nuevos estereotipos de g\u00e9nero (de siempre)<\/a> @eldiario<\/li>\n<\/ul>\n<\/div><div class=\"fusion-title title fusion-title-17 fusion-sep-none fusion-title-text fusion-title-size-two fusion-animated\" style=\"--awb-text-color:var(--awb-color7);--awb-margin-top-small:10px;--awb-margin-right-small:0px;--awb-margin-bottom-small:10px;--awb-margin-left-small:0px;--awb-sep-color:var(--awb-custom_color_1);--awb-font-size:24px;\" data-animationType=\"fadeIn\" data-animationDuration=\"0.3\" data-animationOffset=\"top-into-view\" id=\"e_violencias\"><h2 class=\"fusion-title-heading title-heading-left fusion-responsive-typography-calculated\" style=\"margin:0;font-size:1em;--fontSize:24;line-height:var(--awb-typography1-line-height);\"><mark class=\"fusion-highlight light highlight1 awb-highlight-background rounded\" style=\"--awb-color:#d1d1d1;\"><strong>Violencias<\/strong><\/mark><\/h2><\/div><div class=\"fusion-text fusion-text-14\" style=\"--awb-line-height:1.5em;\"><ul>\n<li><a class=\"title\" href=\"https:\/\/www.msn.com\/es-es\/pol%C3%ADtica\/gobierno\/saiz-destaca-la-importancia-de-apoyar-a-mujeres-migrantes-v%C3%ADctimas-de-violencia-de-g%C3%A9nero\/ar-AA1Ascwe?ocid=BingNewsVerp\" target=\"_blank\" rel=\"noopener\" data-artpy=\"0\" data-author=\"Agencia EFE on MSN\">Saiz destaca la importancia de apoyar a mujeres migrantes v\u00edctimas de violencia de g\u00e9nero<\/a> @agenciaefe<\/li>\n<li><a class=\"title\" href=\"https:\/\/www.ondacero.es\/emisoras\/extremadura\/falta-educacion-igualdad-principal-factor-predisponente-violencia-genero-jovenes-segun-estudio_2025030667c9d2fb9ce7140001a515f8.html\" target=\"_blank\" rel=\"noopener\" data-artpy=\"0\" data-author=\"Onda Cero\">La falta de educaci\u00f3n en igualdad es el principal factor predisponente a la violencia g\u00e9nero en j\u00f3venes, seg\u00fan estudio<\/a> @ondacero<\/li>\n<li><a class=\"title\" href=\"https:\/\/www.msn.com\/es-es\/noticias\/internacional\/de-2004-a-2025-as%C3%AD-se-ha-reflejado-la-lucha-contra-las-violencias-machistas-en-la-legislaci%C3%B3n-del-congreso\/ar-AA1Aqb2o?ocid=BingNewsVerp\" target=\"_blank\" rel=\"noopener\" data-artpy=\"0\" data-author=\"P\u00fablico on MSN\">De 2004 a 2025: as\u00ed se ha reflejado la lucha contra las violencias machistas en la legislaci\u00f3n del Congreso<\/a> @publico<\/li>\n<\/ul>\n<\/div><div class=\"fusion-title title fusion-title-18 fusion-sep-none fusion-title-text fusion-title-size-two fusion-animated\" style=\"--awb-text-color:var(--awb-color7);--awb-margin-top-small:10px;--awb-margin-right-small:0px;--awb-margin-bottom-small:10px;--awb-margin-left-small:0px;--awb-sep-color:var(--awb-custom_color_1);--awb-font-size:24px;\" data-animationType=\"fadeIn\" data-animationDuration=\"0.3\" data-animationOffset=\"top-into-view\" id=\"e_violencias\"><h2 class=\"fusion-title-heading title-heading-left fusion-responsive-typography-calculated\" style=\"margin:0;font-size:1em;--fontSize:24;line-height:var(--awb-typography1-line-height);\"><mark class=\"fusion-highlight light highlight1 awb-highlight-background rounded\" style=\"--awb-color:#d1d1d1;\"><strong> Ciencia y Cultura<\/strong> <\/mark><\/h2><\/div><div class=\"fusion-text fusion-text-15\" style=\"--awb-line-height:1.5em;\"><ul>\n<li><a class=\"title\" href=\"https:\/\/www.20minutos.es\/noticia\/5687933\/0\/cultura-celebra-dia-mujer-sus-16-museos-con-una-programacion-especial\/\" target=\"_blank\" rel=\"noopener\" data-artpy=\"0\" data-author=\"20 minutos\">Cultura celebra el D\u00eda de la Mujer en sus 16 museos con una programaci\u00f3n que abarca todas las artes y todo marzo<\/a> @20minutos<\/li>\n<li><a class=\"title\" href=\"https:\/\/cadenaser.com\/aragon\/2025\/03\/07\/el-8m-y-el-cine-realizado-por-mujeres-intentamos-hacer-comunidad-radio-zaragoza\/\" target=\"_blank\" rel=\"noopener\" data-artpy=\"0\" data-author=\"Cadena SER\">El 8M y el cine realizado por mujeres: \u00abIntentamos hacer comunidad\u00bb<\/a> @ser<\/li>\n<li><a class=\"title\" href=\"https:\/\/www.levante-emv.com\/cultura\/2025\/03\/07\/sandra-miret-cine-crecimos-machista-115034554.html\" target=\"_blank\" rel=\"noopener\" data-artpy=\"0\" data-author=\"Levante-EMV\">Sandra Miret: \u00abEl cine con el que crecimos era machista, le faltan muchas miradas\u00bb<\/a> @levante<\/li>\n<li><a class=\"title\" href=\"https:\/\/www.eldiario.es\/castilla-la-mancha\/cultura\/exposicion-virtual-archivo-historico-nobleza-visibiliza-papel-mujer-espana-siglo-xviii_1_12109478.html\" target=\"_blank\" rel=\"noopener\" data-artpy=\"0\" data-author=\"elDiario.es\">Una exposici\u00f3n virtual del Archivo Hist\u00f3rico de la Nobleza visibiliza el papel de la mujer en la Espa\u00f1a del siglo XVIII<\/a> @eldiario<\/li>\n<li><a class=\"title\" href=\"https:\/\/www.rtve.es\/noticias\/20250306\/nueve-voces-para-lucha-comun-mujeres-vulnerables-reivindican-igualdad-genero-a-traves-quijote\/16476904.shtml\" target=\"_blank\" rel=\"noopener\" data-artpy=\"0\" data-author=\"RTVE\">Nueve voces para una lucha com\u00fan: mujeres vulnerables reivindican la igualdad de g\u00e9nero a trav\u00e9s de &#8216;El Quijote&#8217;<\/a> @rtve<\/li>\n<li><a class=\"title\" href=\"https:\/\/www.msn.com\/es-es\/estilo\/lifestylegeneral\/marina-vargas-artista-espa%C3%B1ola-los-museos-nos-legitiman-si-estamos-en-ellos-tambi%C3%A9n-estamos-en-el-mercado\/ar-AA1AqvOy?ocid=BingNewsVerp\" target=\"_blank\" rel=\"noopener\" data-artpy=\"0\" data-author=\"20minutos on MSN\">Marina Vargas, artista espa\u00f1ola: \u00abLos museos nos legitiman, si estamos en ellos, tambi\u00e9n estamos en el mercado\u00bb<\/a> @20minutos<\/li>\n<\/ul>\n<\/div><div class=\"fusion-title title fusion-title-19 fusion-sep-none fusion-title-text fusion-title-size-two fusion-animated\" style=\"--awb-text-color:var(--awb-color7);--awb-margin-top-small:10px;--awb-margin-right-small:0px;--awb-margin-bottom-small:10px;--awb-margin-left-small:0px;--awb-sep-color:var(--awb-custom_color_1);--awb-font-size:24px;\" data-animationType=\"fadeIn\" data-animationDuration=\"0.3\" data-animationOffset=\"top-into-view\" id=\"e_deporte\"><h2 class=\"fusion-title-heading title-heading-left fusion-responsive-typography-calculated\" style=\"margin:0;font-size:1em;--fontSize:24;line-height:var(--awb-typography1-line-height);\"><mark class=\"fusion-highlight light highlight1 awb-highlight-background rounded\" style=\"--awb-color:#d1d1d1;\"><strong> Deporte<\/strong> <\/mark><\/h2><\/div><div class=\"fusion-text fusion-text-16\" style=\"--awb-line-height:1.5em;\"><ul>\n<li><a class=\"title\" href=\"https:\/\/www.mundodeportivo.com\/palco23\/entorno\/el-deporte-en-espana-un-motor-de-empleo-femenino-con-mas-de-108000-trabajadoras\" target=\"_blank\" rel=\"noopener\" data-artpy=\"0\" data-author=\"Mundo Deportivo\">El deporte en Espa\u00f1a: un motor de empleo femenino con m\u00e1s de 108.000 trabajadoras<\/a> @mundodeportivo<\/li>\n<li><a class=\"title\" href=\"https:\/\/www.mundodeportivo.com\/ciclismo\/20250307\/1002420757\/mujer-deporte-esta-rompiendo-barreras-esta-cambiando-limites.html\" target=\"_blank\" rel=\"noopener\" data-artpy=\"0\" data-author=\"Mundo Deportivo\">\u00abLa mujer en el deporte est\u00e1 rompiendo barreras, algo est\u00e1 cambiando. No tenemos l\u00edmites\u00bb<\/a> @mundodeportivo<\/li>\n<li><a class=\"title\" href=\"https:\/\/www.ondacero.es\/programas\/radioestadio-noche\/sara-monforte-unica-entrenadora-liga-cuesta-mucho-dar-oportunidad-mujer-banquillo_2025030767ca3da139a0dc0001bfac64.html\" target=\"_blank\" rel=\"noopener\" data-artpy=\"0\" data-author=\"Onda Cero\">Sara Monforte, \u00fanica entrenadora de la Liga F: \u00abCuesta mucho dar la oportunidad a una mujer en un banquillo\u00bb<\/a> @ondacero<\/li>\n<li><a class=\"title\" href=\"https:\/\/www.superdeporte.es\/tenis\/2025\/03\/07\/bbva-open-internacional-valencia-anuncia-sus-fechas-para-la-edicion-de-2025-115039390.html\" target=\"_blank\" rel=\"noopener\" data-artpy=\"0\" data-author=\"Superdeporte\">El BBVA Open Internacional de Valencia anuncia sus fechas para la edici\u00f3n de 2025<\/a> @super<\/li>\n<li><a class=\"title\" href=\"https:\/\/as.com\/opinion\/mujeres-en-el-deporte-una-carrera-de-obstaculos-n\/\" target=\"_blank\" rel=\"noopener\" data-artpy=\"0\" data-author=\"Diario AS\">Mujeres en el deporte: una carrera de obst\u00e1culos<\/a> @as<\/li>\n<li><a class=\"title\" href=\"https:\/\/www.abc.es\/deportes\/l-20250303114658-nt.html\" target=\"_blank\" rel=\"noopener\" data-artpy=\"0\" data-author=\"ABC\">Aitana Bonmat\u00ed y el Bar\u00e7a femenino, candidatos a los premios Laureus<\/a>\u00a0 @abc<\/li>\n<\/ul>\n<\/div><\/div><\/div><\/div><\/div><div class=\"fusion-fullwidth fullwidth-box fusion-builder-row-7 fusion-flex-container has-pattern-background has-mask-background hundred-percent-fullwidth non-hundred-percent-height-scrolling\" style=\"--awb-border-radius-top-left:0px;--awb-border-radius-top-right:0px;--awb-border-radius-bottom-right:0px;--awb-border-radius-bottom-left:0px;--awb-padding-right-small:2%;--awb-padding-left-small:2%;--awb-flex-wrap:wrap;\" ><div class=\"fusion-builder-row fusion-row fusion-flex-align-items-flex-start fusion-flex-content-wrap\" style=\"width:104% !important;max-width:104% !important;margin-left: calc(-4% \/ 2 );margin-right: calc(-4% \/ 2 );\"><div class=\"fusion-layout-column fusion_builder_column fusion-builder-column-6 fusion_builder_column_1_1 1_1 fusion-flex-column\" style=\"--awb-padding-right:20px;--awb-padding-left:20px;--awb-padding-right-small:15px;--awb-padding-left-small:15px;--awb-overflow:hidden;--awb-bg-color:var(--awb-color1);--awb-bg-color-hover:var(--awb-color1);--awb-bg-size:cover;--awb-border-color:var(--awb-color3);--awb-border-top:2px;--awb-border-right:2px;--awb-border-bottom:2px;--awb-border-left:2px;--awb-border-style:solid;--awb-border-radius:15px 15px 15px 15px;--awb-width-large:100%;--awb-margin-top-large:0px;--awb-spacing-right-large:1.92%;--awb-margin-bottom-large:20px;--awb-spacing-left-large:1.92%;--awb-width-medium:100%;--awb-order-medium:0;--awb-spacing-right-medium:1.92%;--awb-spacing-left-medium:1.92%;--awb-width-small:100%;--awb-order-small:0;--awb-spacing-right-small:0px;--awb-spacing-left-small:0px;\" id=\"c_internacional\" data-scroll-devices=\"small-visibility,medium-visibility,large-visibility\"><div class=\"fusion-column-wrapper fusion-column-has-shadow fusion-flex-justify-content-flex-start fusion-content-layout-column\"><div class=\"fusion-title title fusion-title-20 fusion-sep-none fusion-title-text fusion-title-size-one\" style=\"--awb-margin-top:20px;--awb-margin-top-small:10px;--awb-margin-right-small:0px;--awb-margin-bottom-small:10px;--awb-margin-left-small:0px;--awb-sep-color:var(--awb-custom_color_1);\" id=\"internacional\"><h1 class=\"fusion-title-heading title-heading-left fusion-responsive-typography-calculated\" style=\"font-family:&quot;Raleway&quot;;font-style:normal;font-weight:400;margin:0;--fontSize:40;line-height:var(--awb-typography1-line-height);\"><mark class=\"fusion-highlight custom-textcolor highlight1 awb-highlight-background rounded\" style=\"--awb-color:#0098d9;--awb-text-color:#ffffff;\"><strong>UE &amp; Internacional<\/strong><\/mark><\/h1><\/div><div class=\"fusion-text fusion-text-17\" style=\"--awb-line-height:1.5em;\"><ul>\n<li><a class=\"title\" href=\"https:\/\/www.equiposytalento.com\/noticias\/2025\/03\/07\/la-equidad-de-genero-podria-aumentar-el-pib-en-mas-de-un-20-en-los-proximos-10-anos\" target=\"_blank\" rel=\"noopener\" data-artpy=\"0\" data-author=\"EQUIPOS &amp; TALENTO\">La equidad de g\u00e9nero podr\u00eda aumentar el PIB en m\u00e1s de un 20% en los pr\u00f3ximos 10 a\u00f1os<\/a> @equipo&amp;talento<\/li>\n<li><a href=\"https:\/\/www.google.com\/url?rct=j&amp;sa=t&amp;url=https:\/\/www.europarl.europa.eu\/news\/es\/press-room\/20250303IPR27136\/international-women-s-day-women-in-foreign-affairs-and-international-security&amp;ct=ga&amp;cd=CAEYACoRNTMzODA4ODkxNTQ1Njc4MDMyGTFmYWEzNjRkM2QxMTIyMWI6ZXM6ZXM6RVM&amp;usg=AOvVaw1E2zCHUkxm-x05Uh5JhyGq\" target=\"_blank\" rel=\"noopener\" data-saferedirecturl=\"https:\/\/www.google.com\/url?q=https:\/\/www.google.com\/url?rct%3Dj%26sa%3Dt%26url%3Dhttps:\/\/www.europarl.europa.eu\/news\/es\/press-room\/20250303IPR27136\/international-women-s-day-women-in-foreign-affairs-and-international-security%26ct%3Dga%26cd%3DCAEYACoRNTMzODA4ODkxNTQ1Njc4MDMyGTFmYWEzNjRkM2QxMTIyMWI6ZXM6ZXM6RVM%26usg%3DAOvVaw1E2zCHUkxm-x05Uh5JhyGq&amp;source=gmail&amp;ust=1741278944743000&amp;usg=AOvVaw2v5GPIF5jS9f9ATE3SQZHb\">International Women&#8217;s Day: women in foreign affairs and international security &#8211;<\/a><a>European Parliament<\/a><\/li>\n<li><a href=\"https:\/\/www.google.com\/url?rct=j&amp;sa=t&amp;url=https:\/\/www.mil21.es\/noticia\/14183\/datos\/parlamento-europeo-promueve-la-participacion-femenina-en-defensa-y-seguridad.html&amp;ct=ga&amp;cd=CAEYACoUMTAxMzIxNDg2NDY5MTU4MDE5MDgyGTFmYWEzNjRkM2QxMTIyMWI6ZXM6ZXM6RVM&amp;usg=AOvVaw2-5044BNz1oUggiKOZqFU7\" target=\"_blank\" rel=\"noopener\" data-saferedirecturl=\"https:\/\/www.google.com\/url?q=https:\/\/www.google.com\/url?rct%3Dj%26sa%3Dt%26url%3Dhttps:\/\/www.mil21.es\/noticia\/14183\/datos\/parlamento-europeo-promueve-la-participacion-femenina-en-defensa-y-seguridad.html%26ct%3Dga%26cd%3DCAEYACoUMTAxMzIxNDg2NDY5MTU4MDE5MDgyGTFmYWEzNjRkM2QxMTIyMWI6ZXM6ZXM6RVM%26usg%3DAOvVaw2-5044BNz1oUggiKOZqFU7&amp;source=gmail&amp;ust=1741420049008000&amp;usg=AOvVaw0h5VgEq7K5wXuKk2s8829t\">Parlamento Europeo promueve la participaci\u00f3n femenina en defensa y seguridad &#8211;\u00a0<\/a> @<a>mil21<\/a><\/li>\n<li><a class=\"title\" href=\"https:\/\/elpais.com\/economia\/2025-03-04\/el-freno-de-las-mujeres-en-las-empresas-cotizadas-mundiales.html\" target=\"_blank\" rel=\"noopener\" data-artpy=\"0\" data-author=\"EL PA\u00cdS\">El freno de las mujeres en las empresas cotizadas mundiales<\/a> @elpais<\/li>\n<li><a class=\"title\" href=\"https:\/\/www.emol.com\/noticias\/Economia\/2025\/03\/02\/1159050\/mujeres-influyentes-brecha-de-genero.html\" target=\"_blank\" rel=\"noopener\" data-artpy=\"0\" data-author=\"Emol\">Las 30 mujeres m\u00e1s influyentes de LinkedIn en Chile y las brechas de g\u00e9nero en empresas: Directoras aumentan un 11%<\/a> @emol<\/li>\n<li><a class=\"title\" href=\"https:\/\/www.ntn24.com\/noticias-deportes\/tenistas-de-la-wta-recibiran-pagos-de-hasta-un-ano-por-licencias-de-maternidad-es-el-primer-deporte-femenino-en-hacer-esto-542920\" target=\"_blank\" rel=\"noopener\" data-artpy=\"0\" data-author=\"NTN24\">Tenistas de la WTA recibir\u00e1n pagos de hasta un a\u00f1o por licencias de maternidad: \u00abEs el primer deporte femenino en hacer esto\u00bb<\/a> @ntn24<\/li>\n<li><a class=\"title\" href=\"https:\/\/larepublica.pe\/deportes\/2025\/03\/04\/serena-williams-se-une-al-equipo-wnba-toronto-tempo-como-copropietaria-se-trata-de-mostrar-el-potencial-de-atletas-femeninas-nba-lrtmus-139168\" target=\"_blank\" rel=\"noopener\" data-artpy=\"0\" data-author=\"La Rep\u00fablica\">Serena Williams se une al equipo WNBA Toronto Tempo como copropietaria: \u00abSe trata de mostrar el potencial de atletas femeninas\u00bb<\/a> @larepublica<\/li>\n<\/ul>\n<\/div><\/div><\/div><\/div><\/div><\/p>\n","protected":false},"excerpt":{"rendered":"<p>La equidad de g\u00e9nero podr\u00eda aumentar el PIB en m\u00e1s de un 20% en los pr\u00f3ximos 10 a\u00f1os * El n\u00famero de mujeres directivas en Espa\u00f1a desciende hasta el 38,4% * El cuidado de hijos ocupa al 37 % de las mujeres frente al 5,6 de los hombres * Campa\u00f1a 8M \u00bfTe cansas de o\u00edrlo? Nosotras de vivirlo. Nuestra voz. M\u00e1s alta. M\u00e1s clara. M\u00e1s fuerte<\/p>\n","protected":false},"author":3,"featured_media":23882,"comment_status":"closed","ping_status":"closed","sticky":false,"template":"","format":"standard","meta":{"footnotes":""},"categories":[298,654],"tags":[157,95,85,132,107],"class_list":["post-24334","post","type-post","status-publish","format-standard","has-post-thumbnail","hentry","category-newsletter","category-nwl-v-4-0","tag-8m","tag-brecha-salarial","tag-consejos-de-administracion","tag-corresponsabilidad","tag-pib"],"yoast_head":"<!-- This site is optimized with the Yoast SEO plugin v27.5 - https:\/\/yoast.com\/product\/yoast-seo-wordpress\/ -->\n<title>Newsletter Info CKL #2.916<\/title>\n<meta name=\"description\" content=\"Newsletter Info CKL #2.916\" \/>\n<meta name=\"robots\" content=\"index, follow, max-snippet:-1, max-image-preview:large, max-video-preview:-1\" \/>\n<link rel=\"canonical\" href=\"https:\/\/cklcomunicaciones.es\/coop\/newsletter-info-ckl-2-916\/\" \/>\n<meta property=\"og:locale\" content=\"es_ES\" \/>\n<meta property=\"og:type\" content=\"article\" \/>\n<meta property=\"og:title\" content=\"Newsletter Info CKL #2.916\" \/>\n<meta property=\"og:description\" content=\"Newsletter Info CKL #2.916\" \/>\n<meta property=\"og:url\" content=\"https:\/\/cklcomunicaciones.es\/coop\/newsletter-info-ckl-2-916\/\" \/>\n<meta property=\"og:site_name\" content=\"CKL Comunicaciones\" \/>\n<meta property=\"article:published_time\" content=\"2025-03-07T14:05:29+00:00\" \/>\n<meta property=\"og:image\" content=\"https:\/\/cklcomunicaciones.es\/coop\/wp-content\/uploads\/CKL-una-mirada-distinta-de-la-comunicacion.webp\" \/>\n\t<meta property=\"og:image:width\" content=\"1482\" \/>\n\t<meta property=\"og:image:height\" content=\"775\" \/>\n\t<meta property=\"og:image:type\" content=\"image\/webp\" \/>\n<meta name=\"author\" content=\"ckl\" \/>\n<meta name=\"twitter:card\" content=\"summary_large_image\" \/>\n<meta name=\"twitter:label1\" content=\"Escrito por\" \/>\n\t<meta name=\"twitter:data1\" content=\"ckl\" \/>\n\t<meta name=\"twitter:label2\" content=\"Tiempo de lectura\" \/>\n\t<meta name=\"twitter:data2\" content=\"9 minutos\" \/>\n<script type=\"application\/ld+json\" class=\"yoast-schema-graph\">{\"@context\":\"https:\\\/\\\/schema.org\",\"@graph\":[{\"@type\":\"Article\",\"@id\":\"https:\\\/\\\/cklcomunicaciones.es\\\/coop\\\/newsletter-info-ckl-2-916\\\/#article\",\"isPartOf\":{\"@id\":\"https:\\\/\\\/cklcomunicaciones.es\\\/coop\\\/newsletter-info-ckl-2-916\\\/\"},\"author\":{\"name\":\"ckl\",\"@id\":\"https:\\\/\\\/cklcomunicaciones.es\\\/coop\\\/#\\\/schema\\\/person\\\/929a6837f7626450bbb50cee1aef266e\"},\"headline\":\"Newsletter Info CKL #2.916\",\"datePublished\":\"2025-03-07T14:05:29+00:00\",\"mainEntityOfPage\":{\"@id\":\"https:\\\/\\\/cklcomunicaciones.es\\\/coop\\\/newsletter-info-ckl-2-916\\\/\"},\"wordCount\":9246,\"image\":{\"@id\":\"https:\\\/\\\/cklcomunicaciones.es\\\/coop\\\/newsletter-info-ckl-2-916\\\/#primaryimage\"},\"thumbnailUrl\":\"https:\\\/\\\/cklcomunicaciones.es\\\/coop\\\/wp-content\\\/uploads\\\/CKL-una-mirada-distinta-de-la-comunicacion.webp\",\"keywords\":[\"8M\",\"brecha salarial\",\"consejos de administraci\u00f3n\",\"corresponsabilidad\",\"PIB\"],\"articleSection\":[\"Newsletter\",\"Nwl v.4.0\"],\"inLanguage\":\"es\"},{\"@type\":\"WebPage\",\"@id\":\"https:\\\/\\\/cklcomunicaciones.es\\\/coop\\\/newsletter-info-ckl-2-916\\\/\",\"url\":\"https:\\\/\\\/cklcomunicaciones.es\\\/coop\\\/newsletter-info-ckl-2-916\\\/\",\"name\":\"Newsletter Info CKL #2.916\",\"isPartOf\":{\"@id\":\"https:\\\/\\\/cklcomunicaciones.es\\\/coop\\\/#website\"},\"primaryImageOfPage\":{\"@id\":\"https:\\\/\\\/cklcomunicaciones.es\\\/coop\\\/newsletter-info-ckl-2-916\\\/#primaryimage\"},\"image\":{\"@id\":\"https:\\\/\\\/cklcomunicaciones.es\\\/coop\\\/newsletter-info-ckl-2-916\\\/#primaryimage\"},\"thumbnailUrl\":\"https:\\\/\\\/cklcomunicaciones.es\\\/coop\\\/wp-content\\\/uploads\\\/CKL-una-mirada-distinta-de-la-comunicacion.webp\",\"datePublished\":\"2025-03-07T14:05:29+00:00\",\"author\":{\"@id\":\"https:\\\/\\\/cklcomunicaciones.es\\\/coop\\\/#\\\/schema\\\/person\\\/929a6837f7626450bbb50cee1aef266e\"},\"description\":\"Newsletter Info CKL #2.916\",\"breadcrumb\":{\"@id\":\"https:\\\/\\\/cklcomunicaciones.es\\\/coop\\\/newsletter-info-ckl-2-916\\\/#breadcrumb\"},\"inLanguage\":\"es\",\"potentialAction\":[{\"@type\":\"ReadAction\",\"target\":[\"https:\\\/\\\/cklcomunicaciones.es\\\/coop\\\/newsletter-info-ckl-2-916\\\/\"]}]},{\"@type\":\"ImageObject\",\"inLanguage\":\"es\",\"@id\":\"https:\\\/\\\/cklcomunicaciones.es\\\/coop\\\/newsletter-info-ckl-2-916\\\/#primaryimage\",\"url\":\"https:\\\/\\\/cklcomunicaciones.es\\\/coop\\\/wp-content\\\/uploads\\\/CKL-una-mirada-distinta-de-la-comunicacion.webp\",\"contentUrl\":\"https:\\\/\\\/cklcomunicaciones.es\\\/coop\\\/wp-content\\\/uploads\\\/CKL-una-mirada-distinta-de-la-comunicacion.webp\",\"width\":1482,\"height\":775,\"caption\":\"CKL - una mirada distinta de la comunicaci\u00f3n\"},{\"@type\":\"BreadcrumbList\",\"@id\":\"https:\\\/\\\/cklcomunicaciones.es\\\/coop\\\/newsletter-info-ckl-2-916\\\/#breadcrumb\",\"itemListElement\":[{\"@type\":\"ListItem\",\"position\":1,\"name\":\"Portada\",\"item\":\"https:\\\/\\\/cklcomunicaciones.es\\\/coop\\\/\"},{\"@type\":\"ListItem\",\"position\":2,\"name\":\"Newsletter Info CKL #2.916\"}]},{\"@type\":\"WebSite\",\"@id\":\"https:\\\/\\\/cklcomunicaciones.es\\\/coop\\\/#website\",\"url\":\"https:\\\/\\\/cklcomunicaciones.es\\\/coop\\\/\",\"name\":\"CKL Comunicaciones\",\"description\":\"Sitio web de CKL Comunicaciones coop , la consultora de comunicaci\u00f3n y estrategia\",\"potentialAction\":[{\"@type\":\"SearchAction\",\"target\":{\"@type\":\"EntryPoint\",\"urlTemplate\":\"https:\\\/\\\/cklcomunicaciones.es\\\/coop\\\/?s={search_term_string}\"},\"query-input\":{\"@type\":\"PropertyValueSpecification\",\"valueRequired\":true,\"valueName\":\"search_term_string\"}}],\"inLanguage\":\"es\"},{\"@type\":\"Person\",\"@id\":\"https:\\\/\\\/cklcomunicaciones.es\\\/coop\\\/#\\\/schema\\\/person\\\/929a6837f7626450bbb50cee1aef266e\",\"name\":\"ckl\",\"image\":{\"@type\":\"ImageObject\",\"inLanguage\":\"es\",\"@id\":\"https:\\\/\\\/secure.gravatar.com\\\/avatar\\\/c82db564e8a669bf6023357a157b9dc4780f4d4c618f2ad1d71a6a5dede45057?s=96&d=mm&r=g\",\"url\":\"https:\\\/\\\/secure.gravatar.com\\\/avatar\\\/c82db564e8a669bf6023357a157b9dc4780f4d4c618f2ad1d71a6a5dede45057?s=96&d=mm&r=g\",\"contentUrl\":\"https:\\\/\\\/secure.gravatar.com\\\/avatar\\\/c82db564e8a669bf6023357a157b9dc4780f4d4c618f2ad1d71a6a5dede45057?s=96&d=mm&r=g\",\"caption\":\"ckl\"},\"url\":\"https:\\\/\\\/cklcomunicaciones.es\\\/coop\\\/author\\\/cklcomunicaciones\\\/\"}]}<\/script>\n<!-- \/ Yoast SEO plugin. -->","yoast_head_json":{"title":"Newsletter Info CKL #2.916","description":"Newsletter Info CKL #2.916","robots":{"index":"index","follow":"follow","max-snippet":"max-snippet:-1","max-image-preview":"max-image-preview:large","max-video-preview":"max-video-preview:-1"},"canonical":"https:\/\/cklcomunicaciones.es\/coop\/newsletter-info-ckl-2-916\/","og_locale":"es_ES","og_type":"article","og_title":"Newsletter Info CKL #2.916","og_description":"Newsletter Info CKL #2.916","og_url":"https:\/\/cklcomunicaciones.es\/coop\/newsletter-info-ckl-2-916\/","og_site_name":"CKL Comunicaciones","article_published_time":"2025-03-07T14:05:29+00:00","og_image":[{"width":1482,"height":775,"url":"https:\/\/cklcomunicaciones.es\/coop\/wp-content\/uploads\/CKL-una-mirada-distinta-de-la-comunicacion.webp","type":"image\/webp"}],"author":"ckl","twitter_card":"summary_large_image","twitter_misc":{"Escrito por":"ckl","Tiempo de lectura":"9 minutos"},"schema":{"@context":"https:\/\/schema.org","@graph":[{"@type":"Article","@id":"https:\/\/cklcomunicaciones.es\/coop\/newsletter-info-ckl-2-916\/#article","isPartOf":{"@id":"https:\/\/cklcomunicaciones.es\/coop\/newsletter-info-ckl-2-916\/"},"author":{"name":"ckl","@id":"https:\/\/cklcomunicaciones.es\/coop\/#\/schema\/person\/929a6837f7626450bbb50cee1aef266e"},"headline":"Newsletter Info CKL #2.916","datePublished":"2025-03-07T14:05:29+00:00","mainEntityOfPage":{"@id":"https:\/\/cklcomunicaciones.es\/coop\/newsletter-info-ckl-2-916\/"},"wordCount":9246,"image":{"@id":"https:\/\/cklcomunicaciones.es\/coop\/newsletter-info-ckl-2-916\/#primaryimage"},"thumbnailUrl":"https:\/\/cklcomunicaciones.es\/coop\/wp-content\/uploads\/CKL-una-mirada-distinta-de-la-comunicacion.webp","keywords":["8M","brecha salarial","consejos de administraci\u00f3n","corresponsabilidad","PIB"],"articleSection":["Newsletter","Nwl v.4.0"],"inLanguage":"es"},{"@type":"WebPage","@id":"https:\/\/cklcomunicaciones.es\/coop\/newsletter-info-ckl-2-916\/","url":"https:\/\/cklcomunicaciones.es\/coop\/newsletter-info-ckl-2-916\/","name":"Newsletter Info CKL #2.916","isPartOf":{"@id":"https:\/\/cklcomunicaciones.es\/coop\/#website"},"primaryImageOfPage":{"@id":"https:\/\/cklcomunicaciones.es\/coop\/newsletter-info-ckl-2-916\/#primaryimage"},"image":{"@id":"https:\/\/cklcomunicaciones.es\/coop\/newsletter-info-ckl-2-916\/#primaryimage"},"thumbnailUrl":"https:\/\/cklcomunicaciones.es\/coop\/wp-content\/uploads\/CKL-una-mirada-distinta-de-la-comunicacion.webp","datePublished":"2025-03-07T14:05:29+00:00","author":{"@id":"https:\/\/cklcomunicaciones.es\/coop\/#\/schema\/person\/929a6837f7626450bbb50cee1aef266e"},"description":"Newsletter Info CKL #2.916","breadcrumb":{"@id":"https:\/\/cklcomunicaciones.es\/coop\/newsletter-info-ckl-2-916\/#breadcrumb"},"inLanguage":"es","potentialAction":[{"@type":"ReadAction","target":["https:\/\/cklcomunicaciones.es\/coop\/newsletter-info-ckl-2-916\/"]}]},{"@type":"ImageObject","inLanguage":"es","@id":"https:\/\/cklcomunicaciones.es\/coop\/newsletter-info-ckl-2-916\/#primaryimage","url":"https:\/\/cklcomunicaciones.es\/coop\/wp-content\/uploads\/CKL-una-mirada-distinta-de-la-comunicacion.webp","contentUrl":"https:\/\/cklcomunicaciones.es\/coop\/wp-content\/uploads\/CKL-una-mirada-distinta-de-la-comunicacion.webp","width":1482,"height":775,"caption":"CKL - una mirada distinta de la comunicaci\u00f3n"},{"@type":"BreadcrumbList","@id":"https:\/\/cklcomunicaciones.es\/coop\/newsletter-info-ckl-2-916\/#breadcrumb","itemListElement":[{"@type":"ListItem","position":1,"name":"Portada","item":"https:\/\/cklcomunicaciones.es\/coop\/"},{"@type":"ListItem","position":2,"name":"Newsletter Info CKL #2.916"}]},{"@type":"WebSite","@id":"https:\/\/cklcomunicaciones.es\/coop\/#website","url":"https:\/\/cklcomunicaciones.es\/coop\/","name":"CKL Comunicaciones","description":"Sitio web de CKL Comunicaciones coop , la consultora de comunicaci\u00f3n y estrategia","potentialAction":[{"@type":"SearchAction","target":{"@type":"EntryPoint","urlTemplate":"https:\/\/cklcomunicaciones.es\/coop\/?s={search_term_string}"},"query-input":{"@type":"PropertyValueSpecification","valueRequired":true,"valueName":"search_term_string"}}],"inLanguage":"es"},{"@type":"Person","@id":"https:\/\/cklcomunicaciones.es\/coop\/#\/schema\/person\/929a6837f7626450bbb50cee1aef266e","name":"ckl","image":{"@type":"ImageObject","inLanguage":"es","@id":"https:\/\/secure.gravatar.com\/avatar\/c82db564e8a669bf6023357a157b9dc4780f4d4c618f2ad1d71a6a5dede45057?s=96&d=mm&r=g","url":"https:\/\/secure.gravatar.com\/avatar\/c82db564e8a669bf6023357a157b9dc4780f4d4c618f2ad1d71a6a5dede45057?s=96&d=mm&r=g","contentUrl":"https:\/\/secure.gravatar.com\/avatar\/c82db564e8a669bf6023357a157b9dc4780f4d4c618f2ad1d71a6a5dede45057?s=96&d=mm&r=g","caption":"ckl"},"url":"https:\/\/cklcomunicaciones.es\/coop\/author\/cklcomunicaciones\/"}]}},"_links":{"self":[{"href":"https:\/\/cklcomunicaciones.es\/coop\/wp-json\/wp\/v2\/posts\/24334","targetHints":{"allow":["GET"]}}],"collection":[{"href":"https:\/\/cklcomunicaciones.es\/coop\/wp-json\/wp\/v2\/posts"}],"about":[{"href":"https:\/\/cklcomunicaciones.es\/coop\/wp-json\/wp\/v2\/types\/post"}],"author":[{"embeddable":true,"href":"https:\/\/cklcomunicaciones.es\/coop\/wp-json\/wp\/v2\/users\/3"}],"replies":[{"embeddable":true,"href":"https:\/\/cklcomunicaciones.es\/coop\/wp-json\/wp\/v2\/comments?post=24334"}],"version-history":[{"count":0,"href":"https:\/\/cklcomunicaciones.es\/coop\/wp-json\/wp\/v2\/posts\/24334\/revisions"}],"wp:featuredmedia":[{"embeddable":true,"href":"https:\/\/cklcomunicaciones.es\/coop\/wp-json\/wp\/v2\/media\/23882"}],"wp:attachment":[{"href":"https:\/\/cklcomunicaciones.es\/coop\/wp-json\/wp\/v2\/media?parent=24334"}],"wp:term":[{"taxonomy":"category","embeddable":true,"href":"https:\/\/cklcomunicaciones.es\/coop\/wp-json\/wp\/v2\/categories?post=24334"},{"taxonomy":"post_tag","embeddable":true,"href":"https:\/\/cklcomunicaciones.es\/coop\/wp-json\/wp\/v2\/tags?post=24334"}],"curies":[{"name":"wp","href":"https:\/\/api.w.org\/{rel}","templated":true}]}}