{"id":23054,"date":"2025-01-25T18:03:31","date_gmt":"2025-01-25T17:03:31","guid":{"rendered":"https:\/\/cklcomunicaciones.es\/coop\/?p=23054"},"modified":"2025-02-07T10:11:03","modified_gmt":"2025-02-07T09:11:03","slug":"noticias-info-ckl-no-2910-24-01-25","status":"publish","type":"post","link":"https:\/\/cklcomunicaciones.es\/coop\/noticias-info-ckl-no-2910-24-01-25\/","title":{"rendered":"Noticias Info CKL #2910 &#8211; 24\/01\/2025"},"content":{"rendered":"<p><div class=\"fusion-fullwidth fullwidth-box fusion-builder-row-1 fusion-flex-container has-pattern-background has-mask-background nonhundred-percent-fullwidth non-hundred-percent-height-scrolling\" style=\"--awb-border-radius-top-left:0px;--awb-border-radius-top-right:0px;--awb-border-radius-bottom-right:0px;--awb-border-radius-bottom-left:0px;--awb-flex-wrap:wrap;\" ><div class=\"fusion-builder-row fusion-row fusion-flex-align-items-flex-start fusion-flex-content-wrap\" style=\"max-width:1248px;margin-left: calc(-4% \/ 2 );margin-right: calc(-4% \/ 2 );\"><div class=\"fusion-layout-column fusion_builder_column fusion-builder-column-0 fusion_builder_column_1_1 1_1 fusion-flex-column\" style=\"--awb-bg-size:cover;--awb-width-large:100%;--awb-margin-top-large:0px;--awb-spacing-right-large:1.92%;--awb-margin-bottom-large:20px;--awb-spacing-left-large:1.92%;--awb-width-medium:100%;--awb-order-medium:0;--awb-spacing-right-medium:1.92%;--awb-spacing-left-medium:1.92%;--awb-width-small:100%;--awb-order-small:0;--awb-spacing-right-small:1.92%;--awb-spacing-left-small:1.92%;\"><div class=\"fusion-column-wrapper fusion-column-has-shadow fusion-flex-justify-content-flex-start fusion-content-layout-column\"><div class=\"fusion-title title fusion-title-1 fusion-sep-none fusion-title-text fusion-title-size-paragraph\" style=\"--awb-margin-top:20px;--awb-margin-top-small:10px;--awb-margin-right-small:0px;--awb-margin-bottom-small:10px;--awb-margin-left-small:0px;--awb-sep-color:var(--awb-custom_color_1);--awb-font-size:20px;\"><p class=\"fusion-title-heading title-heading-left title-heading-tag fusion-responsive-typography-calculated\" style=\"font-family:&quot;Raleway&quot;;font-style:normal;font-weight:400;margin:0;font-size:1em;--fontSize:20;--minFontSize:20;line-height:var(--awb-typography4-line-height);\"><a class=\"fusion-one-page-text-link\" href=\"#convocatorias\"><mark class=\"fusion-highlight custom-textcolor highlight1 awb-highlight-background rounded\" style=\"--awb-text-color:#ffffff;\"><strong>Convocatorias<\/strong><\/mark><\/a> <a class=\"fusion-one-page-text-link\" href=\"#comunicacion\"><mark class=\"fusion-highlight custom-textcolor highlight1 awb-highlight-background rounded\" style=\"--awb-color:#db9600;--awb-text-color:#ffffff;\"><strong>Comunicaci\u00f3n, Publicidad y TICs<\/strong><\/mark><\/a> <a class=\"fusion-one-page-text-link\" href=\"#andalucia\"><mark class=\"fusion-highlight custom-textcolor highlight1 awb-highlight-background rounded\" style=\"--awb-color:#4cb700;--awb-text-color:#ffffff;\"><strong>Andaluc\u00eda<\/strong><\/mark><\/a> <a class=\"fusion-one-page-text-link\" href=\"#estado\"><mark class=\"fusion-highlight custom-textcolor highlight1 awb-highlight-background rounded\" style=\"--awb-text-color:#ffffff;\"><strong>Estado<\/strong><\/mark><\/a> <a class=\"fusion-one-page-text-link\" href=\"#internacional\"><mark class=\"fusion-highlight custom-textcolor highlight1 awb-highlight-background rounded\" style=\"--awb-color:#0098d9;--awb-text-color:#ffffff;\"><strong>UE &amp; Internacional<\/strong><\/mark><\/a><\/p><\/div><\/div><\/div><\/div><\/div><div class=\"fusion-fullwidth fullwidth-box fusion-builder-row-2 fusion-flex-container has-pattern-background has-mask-background hundred-percent-fullwidth non-hundred-percent-height-scrolling\" style=\"--awb-border-radius-top-left:0px;--awb-border-radius-top-right:0px;--awb-border-radius-bottom-right:0px;--awb-border-radius-bottom-left:0px;--awb-padding-right-small:2%;--awb-padding-left-small:2%;--awb-flex-wrap:wrap;\" ><div class=\"fusion-builder-row fusion-row fusion-flex-align-items-flex-start fusion-flex-content-wrap\" style=\"width:104% !important;max-width:104% !important;margin-left: calc(-4% \/ 2 );margin-right: calc(-4% \/ 2 );\"><div class=\"fusion-layout-column fusion_builder_column fusion-builder-column-1 fusion_builder_column_1_1 1_1 fusion-flex-column\" style=\"--awb-padding-right:20px;--awb-padding-left:20px;--awb-padding-right-small:15px;--awb-padding-left-small:15px;--awb-overflow:hidden;--awb-bg-color:var(--awb-color1);--awb-bg-color-hover:var(--awb-color1);--awb-bg-size:cover;--awb-border-color:var(--awb-color3);--awb-border-top:2px;--awb-border-right:2px;--awb-border-bottom:2px;--awb-border-left:2px;--awb-border-style:solid;--awb-border-radius:15px 15px 15px 15px;--awb-width-large:100%;--awb-margin-top-large:0px;--awb-spacing-right-large:1.92%;--awb-margin-bottom-large:20px;--awb-spacing-left-large:1.92%;--awb-width-medium:100%;--awb-order-medium:0;--awb-spacing-right-medium:1.92%;--awb-spacing-left-medium:1.92%;--awb-width-small:100%;--awb-order-small:0;--awb-spacing-right-small:0px;--awb-spacing-left-small:0px;\" id=\"c_convocatorias\" data-scroll-devices=\"small-visibility,medium-visibility,large-visibility\"><div class=\"fusion-column-wrapper fusion-column-has-shadow fusion-flex-justify-content-flex-start fusion-content-layout-column\"><div class=\"fusion-title title fusion-title-2 fusion-sep-none fusion-title-text fusion-title-size-one\" style=\"--awb-margin-top:20px;--awb-margin-top-small:10px;--awb-margin-right-small:0px;--awb-margin-bottom-small:10px;--awb-margin-left-small:0px;--awb-sep-color:var(--awb-custom_color_1);\" id=\"convocatorias\"><h1 class=\"fusion-title-heading title-heading-left fusion-responsive-typography-calculated\" style=\"font-family:&quot;Raleway&quot;;font-style:normal;font-weight:400;margin:0;--fontSize:40;line-height:var(--awb-typography1-line-height);\"><mark class=\"fusion-highlight custom-textcolor highlight1 awb-highlight-background rounded\" style=\"--awb-text-color:#ffffff;\"><strong>Convocatorias<\/strong><\/mark><\/h1><\/div><div class=\"fusion-text fusion-text-1\" style=\"--awb-line-height:1.5em;--awb-margin-left:10px;\"><ul>\n<li>Actividad \u201cPaseo \u00abLa Alhambra: ciudad habitada\u00bb\u201d.\u00a0Herst\u00f3ricas.\u00a02\u00a0de\u00a0febrero\u00a0de 2025,\u00a0a las\u00a011:00.\u00a0<a href=\"https:\/\/herstoricas.com\/tienda\/paseos\/alhambra\/\" target=\"_blank\" rel=\"noopener\" data-saferedirecturl=\"https:\/\/www.google.com\/url?q=https:\/\/herstoricas.com\/tienda\/paseos\/alhambra\/&amp;source=gmail&amp;ust=1737735508829000&amp;usg=AOvVaw29J8ENQzBtfPgPnRTN1JKf\">M\u00e1s informaci\u00f3n e inscripciones<\/a>.<\/li>\n<li><a href=\"http:\/\/www.juntadeandalucia.es\/iam\/catalogo\/doc\/convocatorias\/2025-genero\/EL-cartel-mujeres-diversas.jpeg\" target=\"_blank\" rel=\"noopener prettyPhoto&#091;21480&#093;\" data-saferedirecturl=\"https:\/\/www.google.com\/url?q=http:\/\/www.juntadeandalucia.es\/iam\/catalogo\/doc\/convocatorias\/2025-genero\/EL-cartel-mujeres-diversas.jpeg&amp;source=gmail&amp;ust=1737735508829000&amp;usg=AOvVaw37aY0spNWYfsJAUp21taVt\">Actividad \u201cMujeres diversas\u201d<\/a>. Mujeres Supervivientes de Violencias de G\u00e9nero.\u00a0Viernes de Enero a Mayo, de 18.00 a 20.00 horas. Casa Grande del Pumarejo.<\/li>\n<li><a href=\"http:\/\/www.juntadeandalucia.es\/iam\/catalogo\/doc\/convocatorias\/2025-genero\/EL-cartel-libro-juezas.jpeg\" target=\"_blank\" rel=\"noopener prettyPhoto&#091;21480&#093;\" data-saferedirecturl=\"https:\/\/www.google.com\/url?q=http:\/\/www.juntadeandalucia.es\/iam\/catalogo\/doc\/convocatorias\/2025-genero\/EL-cartel-libro-juezas.jpeg&amp;source=gmail&amp;ust=1737735508829000&amp;usg=AOvVaw2g03Jb1TeuErf_LRZRBN-o\">Presentaci\u00f3n del libro \u201cHijas del miedo y otros relatos de violencia de g\u00e9nero\u201d<\/a>. Asociaci\u00f3n de Mujeres Juezas de Espa\u00f1a. 24 de enero de 2025, a las 19.00 horas. Casa de la Provincia.<\/li>\n<li><a href=\"http:\/\/www.juntadeandalucia.es\/iam\/catalogo\/doc\/convocatorias\/2025-genero\/EL-cartel-libro-carmen.jpeg\" target=\"_blank\" rel=\"noopener prettyPhoto&#091;21480&#093;\" data-saferedirecturl=\"https:\/\/www.google.com\/url?q=http:\/\/www.juntadeandalucia.es\/iam\/catalogo\/doc\/convocatorias\/2025-genero\/EL-cartel-libro-carmen.jpeg&amp;source=gmail&amp;ust=1737735508829000&amp;usg=AOvVaw3jSyc8KHn8hEhAFIZp4KUH\">Presentaci\u00f3n del libro \u201cLeyendo Carmen: viaje literario y legado patrimonial\u201d<\/a>. Institut fran\u00e7ais de Sevilla. 27 de enero de 2025, a las 18.00 horas. Archivo de Indias.\u00a0<a href=\"https:\/\/www.institutfrancais.es\/sevilla\/evento\/fiesta-de-la-lectura-leyendo-carmen-viaje-literario-y-legado-patrimonial\/\" target=\"_blank\" rel=\"noopener\" data-saferedirecturl=\"https:\/\/www.google.com\/url?q=https:\/\/www.institutfrancais.es\/sevilla\/evento\/fiesta-de-la-lectura-leyendo-carmen-viaje-literario-y-legado-patrimonial\/&amp;source=gmail&amp;ust=1737735508829000&amp;usg=AOvVaw26hAOvX_uA0H5SZzwSHPhM\">M\u00e1s informaci\u00f3n<\/a>.<\/li>\n<li><a href=\"http:\/\/www.juntadeandalucia.es\/iam\/catalogo\/doc\/convocatorias\/2025-genero\/foro-bienestar-emocional-adultas.pdf\" target=\"_blank\" rel=\"noopener\" data-saferedirecturl=\"https:\/\/www.google.com\/url?q=http:\/\/www.juntadeandalucia.es\/iam\/catalogo\/doc\/convocatorias\/2025-genero\/foro-bienestar-emocional-adultas.pdf&amp;source=gmail&amp;ust=1737735508829000&amp;usg=AOvVaw1vl8NfAWpbSlhpXAsMPChC\">Foro Universitario Internacional Bienestar Emocional de personas adultas en situaci\u00f3n de inactividad laboral. Urdimbre Social<\/a>. 30 de enero de 2025, de 09.00 a 18.30 horas. Facultad de Ciencias de la Educaci\u00f3n de la Universidad de Sevilla.\u00a0<a href=\"https:\/\/forms.gle\/JbjTdNiPRgZZqyhn9\" target=\"_blank\" rel=\"noopener\" data-saferedirecturl=\"https:\/\/www.google.com\/url?q=https:\/\/forms.gle\/JbjTdNiPRgZZqyhn9&amp;source=gmail&amp;ust=1737735508829000&amp;usg=AOvVaw0-hpfSs7-ji8Pdb2Hg-myT\">Inscripciones<\/a>.<\/li>\n<li><a href=\"http:\/\/www.juntadeandalucia.es\/iam\/catalogo\/doc\/convocatorias\/2025-genero\/EL-curso-empresa-igualdad.png\" target=\"_blank\" rel=\"noopener prettyPhoto&#091;21480&#093;\" data-saferedirecturl=\"https:\/\/www.google.com\/url?q=http:\/\/www.juntadeandalucia.es\/iam\/catalogo\/doc\/convocatorias\/2025-genero\/EL-curso-empresa-igualdad.png&amp;source=gmail&amp;ust=1737821299224000&amp;usg=AOvVaw0apcsxQRHka6nAWFhR-E_C\">Curso \u201c\u00bfCumple tu empresa las obligaciones en materia de igualdad?\u201d<\/a>. CADE Centro Andaluz de Emprendimiento San Roque.\u00a028 de enero de 2025,\u00a0a las\u00a010.00 horas.\u00a0<a href=\"https:\/\/forms.office.com\/pages\/responsepage.aspx?id=DQSIkWdsW0yxEjajBLZtrQAAAAAAAAAAAAO__SmdlV5URUpPOUJUMzEyM0dYS0U2QUo5T1dFTjMyMy4u&amp;route=shorturl\" target=\"_blank\" rel=\"noopener\" data-saferedirecturl=\"https:\/\/www.google.com\/url?q=https:\/\/forms.office.com\/pages\/responsepage.aspx?id%3DDQSIkWdsW0yxEjajBLZtrQAAAAAAAAAAAAO__SmdlV5URUpPOUJUMzEyM0dYS0U2QUo5T1dFTjMyMy4u%26route%3Dshorturl&amp;source=gmail&amp;ust=1737821299224000&amp;usg=AOvVaw0Y4FB9wH3nQRhTE5I-n3zp\">Inscripciones<\/a>.<\/li>\n<\/ul>\n<\/div><\/div><\/div><\/div><\/div><div class=\"fusion-fullwidth fullwidth-box fusion-builder-row-3 fusion-flex-container has-pattern-background has-mask-background hundred-percent-fullwidth non-hundred-percent-height-scrolling\" style=\"--awb-border-radius-top-left:0px;--awb-border-radius-top-right:0px;--awb-border-radius-bottom-right:0px;--awb-border-radius-bottom-left:0px;--awb-padding-right-small:2%;--awb-padding-left-small:2%;--awb-flex-wrap:wrap;\" ><div class=\"fusion-builder-row fusion-row fusion-flex-align-items-flex-start fusion-flex-content-wrap\" style=\"width:104% !important;max-width:104% !important;margin-left: calc(-4% \/ 2 );margin-right: calc(-4% \/ 2 );\"><div class=\"fusion-layout-column fusion_builder_column fusion-builder-column-2 fusion_builder_column_1_1 1_1 fusion-flex-column\" style=\"--awb-padding-right:20px;--awb-padding-left:20px;--awb-padding-right-small:15px;--awb-padding-left-small:15px;--awb-overflow:hidden;--awb-bg-color:var(--awb-color1);--awb-bg-color-hover:var(--awb-color1);--awb-bg-size:cover;--awb-border-color:var(--awb-color3);--awb-border-top:2px;--awb-border-right:2px;--awb-border-bottom:2px;--awb-border-left:2px;--awb-border-style:solid;--awb-border-radius:15px 15px 15px 15px;--awb-width-large:100%;--awb-margin-top-large:0px;--awb-spacing-right-large:1.92%;--awb-margin-bottom-large:20px;--awb-spacing-left-large:1.92%;--awb-width-medium:100%;--awb-order-medium:0;--awb-spacing-right-medium:1.92%;--awb-spacing-left-medium:1.92%;--awb-width-small:100%;--awb-order-small:0;--awb-spacing-right-small:0px;--awb-spacing-left-small:0px;\" id=\"comunicacion_tics\" data-scroll-devices=\"small-visibility,medium-visibility,large-visibility\"><div class=\"fusion-column-wrapper fusion-column-has-shadow fusion-flex-justify-content-flex-start fusion-content-layout-column\"><div class=\"fusion-title title fusion-title-3 fusion-sep-none fusion-title-text fusion-title-size-one\" style=\"--awb-margin-top:20px;--awb-margin-top-small:10px;--awb-margin-right-small:0px;--awb-margin-bottom-small:10px;--awb-margin-left-small:0px;--awb-sep-color:var(--awb-custom_color_1);\" id=\"comunicacion\"><h1 class=\"fusion-title-heading title-heading-left fusion-responsive-typography-calculated\" style=\"font-family:&quot;Raleway&quot;;font-style:normal;font-weight:400;margin:0;--fontSize:40;line-height:var(--awb-typography1-line-height);\"><mark class=\"fusion-highlight custom-textcolor highlight1 awb-highlight-background rounded\" style=\"--awb-color:#db9600;--awb-text-color:#ffffff;\"><strong>Comunicaci\u00f3n, Publicidad y TICs<\/strong><\/mark><\/h1><\/div><div class=\"fusion-text fusion-text-2\" style=\"--awb-line-height:1.5em;--awb-margin-left:10px;\"><ul>\n<li><a class=\"title\" href=\"https:\/\/www.msn.com\/es-es\/sociedad-cultura-e-historia\/problemas-sociales\/paloma-del-r%C3%ADo-las-mujeres-a%C3%BAn-somos-minor%C3%ADa-en-los-listados-de-reconocimientos\/ar-AA1xs5uI?ocid=BingNewsVerp\" target=\"_blank\" rel=\"noopener\" data-artpy=\"0\" data-author=\"Diario Informaci\u00f3n on MSN\">Paloma del R\u00edo: \u00abLas mujeres a\u00fan somos minor\u00eda en los listados de reconocimientos\u00bb<\/a> @diarioinformacion<\/li>\n<li><a class=\"title\" href=\"https:\/\/www.msn.com\/es-es\/noticias\/espana\/adriana-v%C3%A1zquez-primera-mujer-en-la-historia-de-rtve-en-ocupar-el-puesto-de-directora-de-producci%C3%B3n-y-medios\/ar-AA1xIQ3D?ocid=BingNewsVerp\" target=\"_blank\" rel=\"noopener\" data-artpy=\"0\" data-author=\"Europa Press on MSN\">Adriana V\u00e1zquez, primera mujer en la historia de RTVE en ocupar el puesto de directora de Producci\u00f3n y Medios<\/a> @rtve<\/li>\n<li><a class=\"title\" href=\"https:\/\/www.eldiadecordoba.es\/television\/periodista-mercedes-pablos-nueva-presidenta-observatorio-igualdad-rtve_0_2003157277.html\" target=\"_blank\" rel=\"noopener\" data-artpy=\"0\" data-author=\"El dia de C\u00f3rdoba\">La periodista Mercedes de Pablos, nueva presidenta del Observatorio de Igualdad de RTVE<\/a> @eldiadecordoba<\/li>\n<li><a class=\"title\" href=\"https:\/\/www.marca.com\/tiramillas\/television\/2025\/01\/23\/6791fef0ca4741d05e8b458b.html\" target=\"_blank\" rel=\"noopener\" data-artpy=\"0\" data-author=\"MARCA\">Sandra Sabat\u00e9s, sobre el juez Carretero tras su interrogatorio a Elisa Moulia\u00e1: \u00abAct\u00faa como su enemigo\u00bb<\/a> @marca<\/li>\n<li><a class=\"title\" href=\"https:\/\/www.msn.com\/es-es\/estilo\/familia\/opini%C3%B3n-el-poder-de-la-comunicaci%C3%B3n-inclusiva-por-luc%C3%ADa-mateo-gir%C3%B3n\/ar-AA1xznQn?ocid=BingNewsVerp\" target=\"_blank\" rel=\"noopener\" data-artpy=\"0\" data-author=\"20minutos on MSN\">El poder de la comunicaci\u00f3n inclusiva<\/a> @20minutos<\/li>\n<li><a class=\"title\" href=\"https:\/\/www.msn.com\/es-es\/estilo\/shopping\/faltan-mujeres-directivas-en-el-sector-de-la-publicidad\/ar-AA1xzbaL?ocid=BingNewsVerp\" target=\"_blank\" rel=\"noopener\" data-artpy=\"0\" data-author=\"ELLE Espa\u00f1a on MSN\">Por qu\u00e9 faltan mujeres directivas en el sector de la publicidad<\/a> @elle<\/li>\n<li><a class=\"title\" href=\"https:\/\/www.rtve.es\/rtve\/20250121\/serie-documental-mujeres-historia-ya-mejor-calidad-rtve-play-archivo\/16367476.shtml\" target=\"_blank\" rel=\"noopener\" data-artpy=\"0\" data-author=\"RTVE\">La serie documental &#8216;Mujeres en la historia&#8217;, ya en mejor calidad en RTVE Play Archivo<\/a> @rtve<\/li>\n<li><a class=\"title\" href=\"https:\/\/www.europapress.es\/comunitat-valenciana\/noticia-redes-sociales-perpetuan-estereotipos-genero-fomentan-agresiones-mujeres-ninas-estudio-20250118122001.html\" target=\"_blank\" rel=\"noopener\" data-artpy=\"0\" data-author=\"Europa Press\">Las redes sociales perpet\u00faan estereotipos de g\u00e9nero y fomentan agresiones hacia mujeres y ni\u00f1as, seg\u00fan un estudio<\/a> @europapress<\/li>\n<li><a class=\"title\" href=\"https:\/\/www.msn.com\/es-es\/noticias\/other\/meta-cambia-su-modelo-de-verificaci%C3%B3n-de-contenido-as%C3%AD-afectar%C3%A1-a-la-seguridad-de-las-mujeres-en-redes-sociales\/ar-AA1xztd5?ocid=BingNewsVerp\" target=\"_blank\" rel=\"noopener\" data-artpy=\"0\" data-author=\"ESPA\u00d1OL on MSN\">Meta cambia su modelo de verificaci\u00f3n de contenido: as\u00ed afectar\u00e1 a la seguridad de las mujeres en redes sociales<\/a> @elespa\u00f1ol<\/li>\n<\/ul>\n<\/div><\/div><\/div><\/div><\/div><div class=\"fusion-fullwidth fullwidth-box fusion-builder-row-4 fusion-flex-container has-pattern-background has-mask-background hundred-percent-fullwidth non-hundred-percent-height-scrolling\" style=\"--awb-border-radius-top-left:0px;--awb-border-radius-top-right:0px;--awb-border-radius-bottom-right:0px;--awb-border-radius-bottom-left:0px;--awb-padding-right-small:2%;--awb-padding-left-small:2%;--awb-flex-wrap:wrap;\" id=\"and\" ><div class=\"fusion-builder-row fusion-row fusion-flex-align-items-flex-start fusion-flex-content-wrap\" style=\"width:104% !important;max-width:104% !important;margin-left: calc(-4% \/ 2 );margin-right: calc(-4% \/ 2 );\"><div class=\"fusion-layout-column fusion_builder_column fusion-builder-column-3 fusion_builder_column_1_1 1_1 fusion-flex-column\" style=\"--awb-padding-right:20px;--awb-padding-left:20px;--awb-padding-right-small:15px;--awb-padding-left-small:15px;--awb-overflow:hidden;--awb-bg-color:var(--awb-color1);--awb-bg-color-hover:var(--awb-color1);--awb-bg-size:cover;--awb-border-color:var(--awb-color3);--awb-border-top:2px;--awb-border-right:2px;--awb-border-bottom:2px;--awb-border-left:2px;--awb-border-style:solid;--awb-border-radius:15px 15px 15px 15px;--awb-width-large:100%;--awb-margin-top-large:0px;--awb-spacing-right-large:1.92%;--awb-margin-bottom-large:20px;--awb-spacing-left-large:1.92%;--awb-width-medium:100%;--awb-order-medium:0;--awb-spacing-right-medium:1.92%;--awb-spacing-left-medium:1.92%;--awb-width-small:100%;--awb-order-small:0;--awb-spacing-right-small:0px;--awb-spacing-left-small:0px;\" id=\"c_andalucia\" data-scroll-devices=\"small-visibility,medium-visibility,large-visibility\"><div class=\"fusion-column-wrapper fusion-column-has-shadow fusion-flex-justify-content-flex-start fusion-content-layout-column\"><div class=\"fusion-title title fusion-title-4 fusion-sep-none fusion-title-text fusion-title-size-one\" style=\"--awb-margin-top:20px;--awb-margin-top-small:10px;--awb-margin-right-small:0px;--awb-margin-bottom-small:10px;--awb-margin-left-small:0px;--awb-sep-color:var(--awb-custom_color_1);\" id=\"andalucia\"><h1 class=\"fusion-title-heading title-heading-left fusion-responsive-typography-calculated\" style=\"font-family:&quot;Raleway&quot;;font-style:normal;font-weight:400;margin:0;--fontSize:40;line-height:var(--awb-typography1-line-height);\"><mark class=\"fusion-highlight custom-textcolor highlight1 awb-highlight-background rounded\" style=\"--awb-color:#4cb700;--awb-text-color:#ffffff;\"><strong>Andaluc\u00eda<\/strong><\/mark><\/h1><\/div><div class=\"fusion-title title fusion-title-5 fusion-sep-none fusion-title-text fusion-title-size-two fusion-animated\" style=\"--awb-text-color:var(--awb-color7);--awb-margin-top-small:10px;--awb-margin-right-small:0px;--awb-margin-bottom-small:10px;--awb-margin-left-small:0px;--awb-sep-color:var(--awb-custom_color_1);--awb-font-size:24px;\" data-animationType=\"fadeIn\" data-animationDuration=\"0.3\" data-animationOffset=\"top-into-view\" id=\"a_institucional\"><h2 class=\"fusion-title-heading title-heading-left fusion-responsive-typography-calculated\" style=\"margin:0;font-size:1em;--fontSize:24;line-height:var(--awb-typography1-line-height);\"><mark class=\"fusion-highlight light highlight1 awb-highlight-background rounded\" style=\"--awb-color:#d1d1d1;\"><strong> Institucional<\/strong>\u00a0<\/mark><\/h2><\/div><div class=\"fusion-text fusion-text-3\" style=\"--awb-line-height:1.5em;\"><ul>\n<li><a class=\"title\" href=\"https:\/\/www.europapress.es\/andalucia\/malaga-00356\/noticia-carolina-espana-dice-junta-ayuntamiento-diputacion-defenderan-lideraran-malaga-sea-sede-mundial-2030-20250124131946.html\" target=\"_blank\" rel=\"noopener\" data-artpy=\"0\" data-author=\"Europa Press\">Carolina Espa\u00f1a dice que Junta, Ayuntamiento y Diputaci\u00f3n defender\u00e1n y liderar\u00e1n que M\u00e1laga sea sede del Mundial 2030<\/a>\u00a0@europapress<\/li>\n<\/ul>\n<\/div><div class=\"fusion-title title fusion-title-6 fusion-sep-none fusion-title-text fusion-title-size-two fusion-animated\" style=\"--awb-text-color:var(--awb-color7);--awb-margin-top-small:10px;--awb-margin-right-small:0px;--awb-margin-bottom-small:10px;--awb-margin-left-small:0px;--awb-sep-color:var(--awb-custom_color_1);--awb-font-size:24px;\" data-animationType=\"fadeIn\" data-animationDuration=\"0.3\" data-animationOffset=\"top-into-view\" id=\"a_economia_empresa\"><h2 class=\"fusion-title-heading title-heading-left fusion-responsive-typography-calculated\" style=\"margin:0;font-size:1em;--fontSize:24;line-height:var(--awb-typography1-line-height);\"><mark class=\"fusion-highlight light highlight1 awb-highlight-background rounded\" style=\"--awb-color:#d1d1d1;\"><strong>Econom\u00eda y Empresa<\/strong><\/mark><\/h2><\/div><div class=\"fusion-text fusion-text-4\" style=\"--awb-line-height:1.5em;\"><ul>\n<li><a class=\"title\" href=\"https:\/\/www.msn.com\/es-es\/dinero\/noticias\/la-junta-organiza-la-i-semana-de-la-mujer-en-la-industria-y-la-miner%C3%ADa-con-m%C3%A1s-de-80-participantes\/ar-AA1xFzrz?ocid=BingNewsVerp\" target=\"_blank\" rel=\"noopener\" data-artpy=\"0\" data-author=\"20minutos on MSN\">La Junta organiza la I Semana de la Mujer en la industria y la miner\u00eda con m\u00e1s de 80 participantes<\/a> @20minutos<\/li>\n<li><a class=\"title\" href=\"https:\/\/cadenaser.com\/andalucia\/2025\/01\/22\/las-mujeres-representan-el-26-de-la-industria-en-nuestra-comunidad-radio-sevilla\/\" target=\"_blank\" rel=\"noopener\" data-artpy=\"0\" data-author=\"Cadena SER\">Las mujeres representan el 26% de la Industria en Andaluc\u00eda<\/a> @ser<\/li>\n<li><a class=\"title\" href=\"https:\/\/www.msn.com\/es-es\/noticias\/espana\/la-junta-organiza-unas-jornadas-para-poner-en-valor-la-contribuci%C3%B3n-de-la-mujer-en-la-industria\/ar-AA1xNhpe?ocid=BingNewsVerp\" target=\"_blank\" rel=\"noopener\" data-artpy=\"0\" data-author=\"Europa Press on MSN\">Huelva acoger\u00e1 unas jornadas para poner en valor la contribuci\u00f3n de la mujer en la industria<\/a> @europapress<\/li>\n<li><a class=\"title\" href=\"https:\/\/www.msn.com\/es-es\/noticias\/espana\/m%C3%A1s-de-150-empresas-andaluzas-se-unen-a-iniciativas-de-la-junta-contra-el-acoso-sexual-y-promoci%C3%B3n-de-la-conciliaci%C3%B3n\/ar-AA1xEpqU?ocid=BingNewsVerp\" target=\"_blank\" rel=\"noopener\" data-artpy=\"0\" data-author=\"Europa Press on MSN\">M\u00e1s de 150 empresas andaluzas se unen a iniciativas de la Junta contra el acoso sexual y promoci\u00f3n de la conciliaci\u00f3n<\/a> @europapress<\/li>\n<li><a class=\"title\" href=\"http:\/\/www.gentedigital.es\/cordoba\/noticia\/3986893\/el-sae-pondra-en-marcha-de-nuevo-las-unidades-de-insercion-para-mujeres-victimas-de-violencia-de-genero\/\" target=\"_blank\" rel=\"noopener\" data-artpy=\"0\" data-author=\"Gente Digital\">El SAE pondr\u00e1 en marcha de nuevo las unidades de inserci\u00f3n para mujeres v\u00edctimas de violencia de g\u00e9nero<\/a> @gentedigital<\/li>\n<\/ul>\n<\/div><div class=\"fusion-title title fusion-title-7 fusion-sep-none fusion-title-text fusion-title-size-two fusion-animated\" style=\"--awb-text-color:var(--awb-color7);--awb-margin-top-small:10px;--awb-margin-right-small:0px;--awb-margin-bottom-small:10px;--awb-margin-left-small:0px;--awb-sep-color:var(--awb-custom_color_1);--awb-font-size:24px;\" data-animationType=\"fadeIn\" data-animationDuration=\"0.3\" data-animationOffset=\"top-into-view\" id=\"a_actualidad\"><h2 class=\"fusion-title-heading title-heading-left fusion-responsive-typography-calculated\" style=\"margin:0;font-size:1em;--fontSize:24;line-height:var(--awb-typography1-line-height);\"><mark class=\"fusion-highlight light highlight1 awb-highlight-background rounded\" style=\"--awb-color:#d1d1d1;\"><strong>Actualidad<\/strong><\/mark><\/h2><\/div><div class=\"fusion-text fusion-text-5\" style=\"--awb-line-height:1.5em;\"><ul>\n<li><a class=\"title\" href=\"https:\/\/andaluciainformacion.es\/sociedad\/1859089\/las-matronas-mejoran-la-salud-de-la-madre-y-el-bebe-y-suponen-un-ahorro-apunta-un-estudio\/\" target=\"_blank\" rel=\"noopener\" data-artpy=\"0\" data-author=\"Andaluc\u00eda Informaci\u00f3n\">Las matronas mejoran la salud de la madre y el beb\u00e9 y suponen un ahorro, apunta un estudio<\/a> @andaluc\u00edainformacion<\/li>\n<li><a class=\"title\" href=\"https:\/\/www.abc.es\/espana\/andalucia\/andalucia-femenino-solidaridad-tercer-sector-imagenes-20250121203231-gas.html\" target=\"_blank\" rel=\"noopener\" data-artpy=\"0\" data-author=\"ABC\">Andaluc\u00eda en femenino \u2018Solidaridad y tercer sector\u2019, en im\u00e1genes<\/a> @abc<\/li>\n<li><a class=\"title\" href=\"https:\/\/www.ideal.es\/jaen\/jaen\/vamos-tener-asuntos-ano-inasumible-juzgado-colapsara-20250115224422-nt.html\" target=\"_blank\" rel=\"noopener\" data-artpy=\"0\" data-author=\"ideal\">Isabel Mar\u00eda Moreno Almagro | Titular del Juzgado de Violencia sobre la Mujer n\u00famero 1 de Ja\u00e9n<\/a> @ideal<strong><br \/>\n<\/strong><\/li>\n<li><a class=\"title\" href=\"https:\/\/www.infobae.com\/espana\/agencias\/2025\/01\/18\/maria-jesus-montero-segunda-mujer-y-septima-secretaria-general-del-psoe-de-andalucia\/\" target=\"_blank\" rel=\"noopener\" data-artpy=\"0\" data-author=\"Infobae\">Mar\u00eda Jes\u00fas Montero, segunda mujer y s\u00e9ptima secretaria general del PSOE de Andaluc\u00eda<\/a> @infobae<\/li>\n<li><a href=\"https:\/\/www.google.com\/url?rct=j&amp;sa=t&amp;url=https:\/\/www.malagactualidad.es\/parlamento-andaluz\/63970-loles-lopez-llama-a-las-entidades-a-participar-en-los-premios-andalucia-%2B-social&amp;ct=ga&amp;cd=CAEYAioTNTc4NDc3MTI1ODU3MjQ1MjE3ODIZZDc4ZTU4NzVhMGYxZjJhYzplczplczpFUw&amp;usg=AOvVaw2RntVhgjJxyeSlPHgxhZl8\" target=\"_blank\" rel=\"noopener\" data-saferedirecturl=\"https:\/\/www.google.com\/url?q=https:\/\/www.google.com\/url?rct%3Dj%26sa%3Dt%26url%3Dhttps:\/\/www.malagactualidad.es\/parlamento-andaluz\/63970-loles-lopez-llama-a-las-entidades-a-participar-en-los-premios-andalucia-%252B-social%26ct%3Dga%26cd%3DCAEYAioTNTc4NDc3MTI1ODU3MjQ1MjE3ODIZZDc4ZTU4NzVhMGYxZjJhYzplczplczpFUw%26usg%3DAOvVaw2RntVhgjJxyeSlPHgxhZl8&amp;source=gmail&amp;ust=1737743310745000&amp;usg=AOvVaw3dnxqGzV-cPDPC3_oQdhCx\">Loles L\u00f3pez llama a las entidades a participar en los premios &#8216;Andaluc\u00eda + Social&#8217;<\/a> @Malaga Actualidad<a><br \/>\n<\/a><\/li>\n<li><a class=\"title\" href=\"https:\/\/www.economistjurist.es\/actualidad-juridica\/jurisprudencia\/la-justicia-reconoce-la-compatibilidad-de-cobrar-la-pension-de-jubilacion-y-continuar-realizando-funciones-administrativas-en-tu-propio-negocio\/\" target=\"_blank\" rel=\"noopener\" data-artpy=\"0\" data-author=\"economistjurist\">La Justicia reconoce la compatibilidad de cobrar la pensi\u00f3n de jubilaci\u00f3n y continuar realizando funciones administrativas en tu<\/a>&#8230; @economistjurist<\/li>\n<\/ul>\n<\/div><div class=\"fusion-title title fusion-title-8 fusion-sep-none fusion-title-text fusion-title-size-two fusion-animated\" style=\"--awb-text-color:var(--awb-color7);--awb-margin-top-small:10px;--awb-margin-right-small:0px;--awb-margin-bottom-small:10px;--awb-margin-left-small:0px;--awb-sep-color:var(--awb-custom_color_1);--awb-font-size:24px;\" data-animationType=\"fadeIn\" data-animationDuration=\"0.3\" data-animationOffset=\"top-into-view\" id=\"a_violencias\"><h2 class=\"fusion-title-heading title-heading-left fusion-responsive-typography-calculated\" style=\"margin:0;font-size:1em;--fontSize:24;line-height:var(--awb-typography1-line-height);\"><mark class=\"fusion-highlight light highlight1 awb-highlight-background rounded\" style=\"--awb-color:#d1d1d1;\"><strong>Violencias<\/strong><\/mark><\/h2><\/div><div class=\"fusion-text fusion-text-6\" style=\"--awb-line-height:1.5em;\"><ul>\n<li><a class=\"title\" href=\"https:\/\/www.msn.com\/es-es\/noticias\/other\/juana-rivas-denuncia-a-su-expareja-por-violencia-de-g%C3%A9nero-vicaria-y-maltrato-desde-2017\/ar-AA1xAazl?ocid=BingNewsVerp\" target=\"_blank\" rel=\"noopener\" data-artpy=\"0\" data-author=\"ESPA\u00d1OL on MSN\">Juana Rivas denuncia a su expareja por violencia de g\u00e9nero vicaria y maltrato desde 2016<\/a> @elespa\u00f1ol<strong><br \/>\n<\/strong><\/li>\n<li><a class=\"title\" href=\"https:\/\/www.msn.com\/es-es\/estilo\/pareja\/uno-de-cada-cuatro-adolescentes-ha-sufrido-violencia-por-parte-de-alg%C3%BAn-familiar-en-el-%C3%BAltimo-a%C3%B1o\/ar-AA1xJcGo?ocid=BingNewsVerp\" target=\"_blank\" rel=\"noopener\" data-artpy=\"0\" data-author=\"El Peri\u00f3dico on MSN\">Uno de cada cuatro adolescentes ha sufrido violencia por parte de alg\u00fan familiar en el \u00faltimo a\u00f1o<\/a> @elperiodico<\/li>\n<\/ul>\n<\/div><div class=\"fusion-title title fusion-title-9 fusion-sep-none fusion-title-text fusion-title-size-two fusion-animated\" style=\"--awb-text-color:var(--awb-color7);--awb-margin-top-small:10px;--awb-margin-right-small:0px;--awb-margin-bottom-small:10px;--awb-margin-left-small:0px;--awb-sep-color:var(--awb-custom_color_1);--awb-font-size:24px;\" data-animationType=\"fadeIn\" data-animationDuration=\"0.3\" data-animationOffset=\"top-into-view\" id=\"a_violencias\"><h2 class=\"fusion-title-heading title-heading-left fusion-responsive-typography-calculated\" style=\"margin:0;font-size:1em;--fontSize:24;line-height:var(--awb-typography1-line-height);\"><mark class=\"fusion-highlight light highlight1 awb-highlight-background rounded\" style=\"--awb-color:#d1d1d1;\"><strong> Ciencia y Cultura<\/strong> <\/mark><\/h2><\/div><div class=\"fusion-text fusion-text-7\" style=\"--awb-line-height:1.5em;\"><ul>\n<li><a class=\"title\" href=\"https:\/\/www.msn.com\/es-es\/tecnolog%C3%ADa\/inteligencia-artificial\/la-uja-re%C3%BAne-a-investigadores-y-comunidades-especializadas-en-humanidades-digitales-y-ciencias-sociales\/ar-AA1xO6bx?ocid=BingNewsVerp\" target=\"_blank\" rel=\"noopener\" data-artpy=\"0\" data-author=\"MSN\">La UJA re\u00fane a investigadores y comunidades especializadas en Humanidades Digitales y Ciencias Sociales<\/a> @europapress<\/li>\n<li><a class=\"title\" href=\"https:\/\/www.granadahoy.com\/ocio\/facultad-comunicacion-encuentros-cineastas-goya-granada_0_2003207137.html\" target=\"_blank\" rel=\"noopener\" data-artpy=\"0\" data-author=\"Granada Hoy\">La Facultad de Comunicaci\u00f3n acoge \u2018Encuentros con cineastas de Granada\u2019 con motivo de los Premios Goya<\/a> @granadahoy<b><br \/>\n<\/b><\/li>\n<li><a class=\"title\" href=\"https:\/\/www.diariocordoba.com\/cultura\/2025\/01\/22\/ciclo-mujer-museo-vuelve-arqueologico-113608961.html\" target=\"_blank\" rel=\"noopener\" data-artpy=\"0\" data-author=\"Diario C\u00f3rdoba\">El ciclo Mujer y Museo vuelve al Arqueol\u00f3gico con una ponencia de la restauradora Ana Bel\u00e9n Camas<\/a> @diariocordoba<\/li>\n<li><a class=\"title\" href=\"https:\/\/www.msn.com\/es-es\/noticias\/espana\/el-foro-mujer-sociedad-de-sevilla-pone-en-valor-el-papel-crucial-del-patrimonio-hist%C3%B3rico-en-la-sociedad\/ar-AA1xIGop?ocid=BingNewsVerp\" target=\"_blank\" rel=\"noopener\" data-artpy=\"0\" data-author=\"Europa Press on MSN\">El Foro &#8216;Mujer Sociedad de Sevilla&#8217; pone el valor el papel \u00abcrucial\u00bb del patrimonio hist\u00f3rico en la sociedad<\/a> @europapress<\/li>\n<li><a class=\"title\" href=\"https:\/\/cadenaser.com\/andalucia\/2025\/01\/21\/todas-putas-o-viola-monjas-mensajes-que-cosifican-a-la-mujer-en-las-pintadas-urbanas-de-huelva-radio-huelva\/\" target=\"_blank\" rel=\"noopener\" data-artpy=\"0\" data-author=\"Cadena SER\">Lo que hay detr\u00e1s de las pintadas urbanas: un estudio constata c\u00f3mo normalizan la violencia machista<\/a> @ser<\/li>\n<li><a class=\"title\" href=\"https:\/\/www.diariosur.es\/culturas\/pas-eternel-elo-vega-sanciona-mirada-machista-20250123162230-nt.html\" target=\"_blank\" rel=\"noopener\" data-artpy=\"0\" data-author=\"SUR\">&#8216;Pas \u00c9ternel&#8217;: Elo Vega sanciona la mirada machista del arte<\/a> @sur<\/li>\n<li><a class=\"title\" href=\"https:\/\/www.canalsur.es\/television\/sario-tellez-y-antonia-gomez-nos-presentan-festivalada-un-festival-para-dar-visibilidad-a-las-mujeres-en-las-artes-escenicas\/2126713.html\" target=\"_blank\" rel=\"noopener\" data-artpy=\"0\" data-author=\"canalsur\">Sario T\u00e9llez y Antonia G\u00f3mez nos presentan Festivalada, un festival para dar visibilidad a las mujeres en las artes esc\u00e9nicas<\/a> @canalsur<\/li>\n<\/ul>\n<\/div><div class=\"fusion-title title fusion-title-10 fusion-sep-none fusion-title-text fusion-title-size-two fusion-animated\" style=\"--awb-text-color:var(--awb-color7);--awb-margin-top-small:10px;--awb-margin-right-small:0px;--awb-margin-bottom-small:10px;--awb-margin-left-small:0px;--awb-sep-color:var(--awb-custom_color_1);--awb-font-size:24px;\" data-animationType=\"fadeIn\" data-animationDuration=\"0.3\" data-animationOffset=\"top-into-view\" id=\"a_deporte\"><h2 class=\"fusion-title-heading title-heading-left fusion-responsive-typography-calculated\" style=\"margin:0;font-size:1em;--fontSize:24;line-height:var(--awb-typography1-line-height);\"><mark class=\"fusion-highlight light highlight1 awb-highlight-background rounded\" style=\"--awb-color:#d1d1d1;\"><strong> Deporte<\/strong> <\/mark><\/h2><\/div><div class=\"fusion-text fusion-text-8\" style=\"--awb-line-height:1.5em;\"><ul>\n<li><a class=\"title\" href=\"https:\/\/adra.ideal.es\/adra\/dalias-acogera-mejores-jugadoras-futbol-sala-andalucia-20250117124429-nt.html\" target=\"_blank\" rel=\"noopener\" data-artpy=\"0\" data-author=\"ideal\">Dal\u00edas acoger\u00e1 a las mejores jugadoras de f\u00fatbol sala de Andaluc\u00eda<\/a> @ideal<\/li>\n<\/ul>\n<\/div><\/div><\/div><\/div><\/div><div class=\"fusion-fullwidth fullwidth-box fusion-builder-row-5 fusion-flex-container has-pattern-background has-mask-background hundred-percent-fullwidth non-hundred-percent-height-scrolling\" style=\"--awb-border-radius-top-left:0px;--awb-border-radius-top-right:0px;--awb-border-radius-bottom-right:0px;--awb-border-radius-bottom-left:0px;--awb-padding-right-small:2%;--awb-padding-left-small:2%;--awb-flex-wrap:wrap;\" ><div class=\"fusion-builder-row fusion-row fusion-flex-align-items-flex-start fusion-flex-content-wrap\" style=\"width:104% !important;max-width:104% !important;margin-left: calc(-4% \/ 2 );margin-right: calc(-4% \/ 2 );\"><div class=\"fusion-layout-column fusion_builder_column fusion-builder-column-4 fusion_builder_column_1_1 1_1 fusion-flex-column\" style=\"--awb-padding-right:20px;--awb-padding-left:20px;--awb-padding-right-small:15px;--awb-padding-left-small:15px;--awb-overflow:hidden;--awb-bg-color:var(--awb-color1);--awb-bg-color-hover:var(--awb-color1);--awb-bg-size:cover;--awb-border-color:var(--awb-color3);--awb-border-top:2px;--awb-border-right:2px;--awb-border-bottom:2px;--awb-border-left:2px;--awb-border-style:solid;--awb-border-radius:15px 15px 15px 15px;--awb-width-large:100%;--awb-margin-top-large:0px;--awb-spacing-right-large:1.92%;--awb-margin-bottom-large:20px;--awb-spacing-left-large:1.92%;--awb-width-medium:100%;--awb-order-medium:0;--awb-spacing-right-medium:1.92%;--awb-spacing-left-medium:1.92%;--awb-width-small:100%;--awb-order-small:0;--awb-spacing-right-small:0px;--awb-spacing-left-small:0px;\" id=\"c_estado\" data-scroll-devices=\"small-visibility,medium-visibility,large-visibility\"><div class=\"fusion-column-wrapper fusion-column-has-shadow fusion-flex-justify-content-flex-start fusion-content-layout-column\"><div class=\"fusion-title title fusion-title-11 fusion-sep-none fusion-title-text fusion-title-size-one\" style=\"--awb-margin-top:20px;--awb-margin-top-small:10px;--awb-margin-right-small:0px;--awb-margin-bottom-small:10px;--awb-margin-left-small:0px;--awb-sep-color:var(--awb-custom_color_1);\" id=\"estado\"><h1 class=\"fusion-title-heading title-heading-left fusion-responsive-typography-calculated\" style=\"font-family:&quot;Raleway&quot;;font-style:normal;font-weight:400;margin:0;--fontSize:40;line-height:var(--awb-typography1-line-height);\"><mark class=\"fusion-highlight custom-textcolor highlight1 awb-highlight-background rounded\" style=\"--awb-text-color:#ffffff;\"><strong>Estado<\/strong><\/mark><\/h1><\/div><div class=\"fusion-title title fusion-title-12 fusion-sep-none fusion-title-text fusion-title-size-two fusion-animated\" style=\"--awb-text-color:var(--awb-color7);--awb-margin-top-small:10px;--awb-margin-right-small:0px;--awb-margin-bottom-small:10px;--awb-margin-left-small:0px;--awb-sep-color:var(--awb-custom_color_1);--awb-font-size:24px;\" data-animationType=\"fadeIn\" data-animationDuration=\"0.3\" data-animationOffset=\"top-into-view\" id=\"e_institucional\"><h2 class=\"fusion-title-heading title-heading-left fusion-responsive-typography-calculated\" style=\"margin:0;font-size:1em;--fontSize:24;line-height:var(--awb-typography1-line-height);\"><mark class=\"fusion-highlight light highlight1 awb-highlight-background rounded\" style=\"--awb-color:#d1d1d1;\"><strong> Institucional<\/strong>\u00a0<\/mark><\/h2><\/div><div class=\"fusion-text fusion-text-9\" style=\"--awb-line-height:1.5em;\"><ul>\n<li><a class=\"title\" href=\"https:\/\/www.diariodesevilla.es\/sociedad\/congreso-ultima-pacto-violencia-machista_0_2003189455.html\" target=\"_blank\" rel=\"noopener\" data-artpy=\"0\" data-author=\"Diario de Sevilla\">El Congreso ultima el Pacto de Estado contra la violencia machista, con m\u00e1s de 400 medidas<\/a> @diariodesevilla<strong><br \/>\n<\/strong><\/li>\n<li><a class=\"title\" href=\"https:\/\/cadenaser.com\/nacional\/2025\/01\/22\/el-cgpj-abre-expediente-al-juez-adolfo-carretero-tras-su-interrogatorio-a-elisa-mouliaa-cadena-ser\/\" target=\"_blank\" rel=\"noopener\" data-artpy=\"0\" data-author=\"Cadena SER\">El CGPJ abre expediente al juez Adolfo Carretero tras su interrogatorio a Elisa Moulia\u00e1<\/a> @ser<\/li>\n<li><a class=\"title\" href=\"https:\/\/www.msn.com\/es-es\/noticias\/espana\/la-ministra-de-igualdad-critica-el-interrogatorio-del-juez-a-elisa-moulia%C3%A1-por-revictimizarla\/ar-AA1xA2D2?ocid=BingNewsVerp\" target=\"_blank\" rel=\"noopener\" data-artpy=\"0\" data-author=\"eldiario.es on MSN\">La ministra de Igualdad critica el interrogatorio del juez a Elisa Moulia\u00e1 por \u201crevictimizarla\u201d<\/a> @eldiario<\/li>\n<\/ul>\n<\/div><div class=\"fusion-title title fusion-title-13 fusion-sep-none fusion-title-text fusion-title-size-two fusion-animated\" style=\"--awb-text-color:var(--awb-color7);--awb-margin-top-small:10px;--awb-margin-right-small:0px;--awb-margin-bottom-small:10px;--awb-margin-left-small:0px;--awb-sep-color:var(--awb-custom_color_1);--awb-font-size:24px;\" data-animationType=\"fadeIn\" data-animationDuration=\"0.3\" data-animationOffset=\"top-into-view\" id=\"e_institucional_ccaa\"><h2 class=\"fusion-title-heading title-heading-left fusion-responsive-typography-calculated\" style=\"margin:0;font-size:1em;--fontSize:24;line-height:var(--awb-typography1-line-height);\"><mark class=\"fusion-highlight light highlight1 awb-highlight-background rounded\" style=\"--awb-color:#d1d1d1;\"><strong> Institucional &#8211; CCAA<\/strong>\u00a0<\/mark><\/h2><\/div><div class=\"fusion-text fusion-text-10\" style=\"--awb-line-height:1.5em;\"><ul>\n<li><a class=\"title\" href=\"https:\/\/www.msn.com\/es-es\/noticias\/other\/evap-pide-a-mar-chao-impulsar-la-presencia-de-mujeres-en-el-sector-portuario\/ar-AA1xJ6CG?ocid=BingNewsVerp\" target=\"_blank\" rel=\"noopener\" data-artpy=\"0\" data-author=\"Europa Press on MSN\">EVAP pide a Mar Chao \u00abimpulsar\u00bb la presencia de mujeres en el sector portuario<\/a> @europapress<\/li>\n<li><a class=\"title\" href=\"https:\/\/www.elllobregat.com\/noticia\/28354\/economia\/mujeres-al-poder.-la-bwaw-2025-sera-de-nuevo-el-altavoz-del-emprendimiento-femenino-en-espana.html\" target=\"_blank\" rel=\"noopener\" data-artpy=\"0\" data-author=\"elllobregat\">Mujeres al poder. La BWAW 2025 ser\u00e1 de nuevo el altavoz del emprendimiento femenino en Espa\u00f1a<\/a> @ellobregat<\/li>\n<li><a href=\"https:\/\/www.google.com\/url?rct=j&amp;sa=t&amp;url=https:\/\/www.ondavasca.com\/emakunde-apunta-que-euskadi-registro-dos-denuncias-diarias-por-agresion-sexual-en-2024\/&amp;ct=ga&amp;cd=CAEYASoTOTk4MzY4MTgyMjI0OTM2MTE2OTIZYzAzNzJlYmMyZmVhZGE1OTplczplczpFUw&amp;usg=AOvVaw0UQhnl6cLRhhrgePch9aRf\" target=\"_blank\" rel=\"noopener\" data-saferedirecturl=\"https:\/\/www.google.com\/url?q=https:\/\/www.google.com\/url?rct%3Dj%26sa%3Dt%26url%3Dhttps:\/\/www.ondavasca.com\/emakunde-apunta-que-euskadi-registro-dos-denuncias-diarias-por-agresion-sexual-en-2024\/%26ct%3Dga%26cd%3DCAEYASoTOTk4MzY4MTgyMjI0OTM2MTE2OTIZYzAzNzJlYmMyZmVhZGE1OTplczplczpFUw%26usg%3DAOvVaw0UQhnl6cLRhhrgePch9aRf&amp;source=gmail&amp;ust=1737742551265000&amp;usg=AOvVaw1en_ufC2AIDJdymjrBFjHW\">Emakunde apunta que Euskadi registr\u00f3 dos denuncias diarias por agresi\u00f3n sexual en 2024 @\u00a0<\/a><a>Onda Vasca<br \/>\n<\/a><\/li>\n<li><a class=\"title\" href=\"https:\/\/www.msn.com\/es-es\/dinero\/noticias\/mar%C3%ADa-fern%C3%A1ndez-rosillo-nueva-directora-general-de-la-sociedad-regional-de-educaci%C3%B3n-cultura-y-deporte\/ar-AA1xxGKZ?ocid=BingNewsVerp\" target=\"_blank\" rel=\"noopener\" data-artpy=\"0\" data-author=\"eldiario.es on MSN\">Mar\u00eda Fern\u00e1ndez-Rosillo, nueva directora general de la Sociedad Regional de Educaci\u00f3n, Cultura y Deporte<\/a> @eldiario<\/li>\n<li><a class=\"title\" href=\"https:\/\/www.msn.com\/es-es\/noticias\/espana\/el-proyecto-cm-en-red-dar%C3%A1-visibilidad-a-los-centros-de-la-mujer-de-murcia-en-el-territorio-espa%C3%B1ol\/ar-AA1xEUls?ocid=BingNewsVerp\" target=\"_blank\" rel=\"noopener\" data-artpy=\"0\" data-author=\"Europa Press on MSN\">El proyecto &#8216;CM en Red&#8217; dar\u00e1 visibilidad a los centros de la mujer de Murcia en el territorio espa\u00f1ol<\/a> @europapress<\/li>\n<li><a class=\"title\" href=\"https:\/\/www.castillalamancha.es\/actualidad\/notasdeprensa\/el-gobierno-de-castilla-la-mancha-pide-la-sociedad-que-se-aleje-de-los-mensajes-negacionistas-y\" target=\"_blank\" rel=\"noopener\" data-artpy=\"0\" data-author=\"castillalamancha\">El Gobierno de Castilla-La Mancha pide a la sociedad que se aleje de los mensajes negacionistas y apoye a las victimas de violencia de g\u00e9nero<\/a> @castillalamancha<\/li>\n<\/ul>\n<\/div><div class=\"fusion-title title fusion-title-14 fusion-sep-none fusion-title-text fusion-title-size-two fusion-animated\" style=\"--awb-text-color:var(--awb-color7);--awb-margin-top-small:10px;--awb-margin-right-small:0px;--awb-margin-bottom-small:10px;--awb-margin-left-small:0px;--awb-sep-color:var(--awb-custom_color_1);--awb-font-size:24px;\" data-animationType=\"fadeIn\" data-animationDuration=\"0.3\" data-animationOffset=\"top-into-view\" id=\"e_economia_empresa\"><h2 class=\"fusion-title-heading title-heading-left fusion-responsive-typography-calculated\" style=\"margin:0;font-size:1em;--fontSize:24;line-height:var(--awb-typography1-line-height);\"><mark class=\"fusion-highlight light highlight1 awb-highlight-background rounded\" style=\"--awb-color:#d1d1d1;\"><strong>Econom\u00eda y Empresa<\/strong><\/mark><\/h2><\/div><div class=\"fusion-text fusion-text-11\" style=\"--awb-line-height:1.5em;\"><ul>\n<li><a class=\"title\" href=\"https:\/\/www.msn.com\/es-es\/dinero\/noticias\/fitur-woman-2025-destaca-que-el-futuro-del-turismo-pasa-por-el-liderazgo-femenino\/ar-AA1xIarv?ocid=BingNewsVerp\" target=\"_blank\" rel=\"noopener\" data-artpy=\"0\" data-author=\"Qu\u00e9! on MSN\">FITUR Woman 2025 destaca que el futuro del turismo pasa por el liderazgo femenino<\/a> @que<\/li>\n<li><a class=\"title\" href=\"https:\/\/www.infobae.com\/espana\/agencias\/2025\/01\/23\/la-presencia-de-mujeres-en-la-direccion-de-micropymes-supera-a-la-de-grandes-empresas\/\" target=\"_blank\" rel=\"noopener\" data-artpy=\"0\" data-author=\"Infobae\">La presencia de mujeres en la direcci\u00f3n de micropymes supera a la de grandes empresas<\/a> @infobae<strong><br \/>\n<\/strong><\/li>\n<li><a class=\"title\" href=\"https:\/\/cadenaser.com\/nacional\/2025\/01\/20\/ser-mujer-y-senior-mision-imposible-encontrar-un-empleo-cadena-ser\/\" target=\"_blank\" rel=\"noopener\" data-artpy=\"0\" data-author=\"Cadena SER\">Ser mujer y s\u00e9nior: misi\u00f3n imposible encontrar un empleo<\/a> @ser<\/li>\n<li><a class=\"title\" href=\"https:\/\/www.spri.eus\/es\/igualdad\/el-grupo-spri-presenta-en-madrid-su-informe-sobre-la-mujer-y-la-industria\/\" target=\"_blank\" rel=\"noopener\" data-artpy=\"0\" data-author=\"spri\">El Grupo SPRI presenta en Madrid su informe sobre la mujer y la industria<\/a> @spri<\/li>\n<li><a class=\"title\" href=\"https:\/\/www.corresponsables.com\/agenda\/encuentro-igualdad-diversidad-posibles-alianzas-empresas-organizaciones-mujeres-transforman-mundo\/\" target=\"_blank\" rel=\"noopener\" data-artpy=\"0\" data-author=\"Correspondables\">Encuentro por la igualdad y la diversidad: Posibles alianzas entre empresas y organizaciones de mujeres que transforman el mundo<\/a>&#8230; @corresponsables<\/li>\n<li><a class=\"title\" href=\"https:\/\/www.europapress.es\/epsocial\/igualdad\/noticia-emprendedoras-celebran-espana-tenga-mujeres-muy-potentes-ciencia-innovacion-tecnologia-20250117134525.html\" target=\"_blank\" rel=\"noopener\" data-artpy=\"0\" data-author=\"Europa Press\">Emprendedoras celebran que Espa\u00f1a tenga mujeres \u00abmuy potentes\u00bb en ciencia, innovaci\u00f3n y tecnolog\u00eda<\/a> @europapress<\/li>\n<li><a class=\"title\" href=\"https:\/\/www.lawyerpress.com\/2025\/01\/24\/el-colegio-de-registradores-presenta-el-informe-del-rol-de-la-mujer-en-la-empresa-espanola\/\" target=\"_blank\" rel=\"noopener\" data-artpy=\"0\" data-author=\"Lawyerpress\">El Colegio de Registradores presenta el Informe del rol de la mujer en la empresa espa\u00f1ola<\/a> @laywerpress<\/li>\n<\/ul>\n<\/div><div class=\"fusion-title title fusion-title-15 fusion-sep-none fusion-title-text fusion-title-size-two fusion-animated\" style=\"--awb-text-color:var(--awb-color7);--awb-margin-top-small:10px;--awb-margin-right-small:0px;--awb-margin-bottom-small:10px;--awb-margin-left-small:0px;--awb-sep-color:var(--awb-custom_color_1);--awb-font-size:24px;\" data-animationType=\"fadeIn\" data-animationDuration=\"0.3\" data-animationOffset=\"top-into-view\" id=\"e_actualidad\"><h2 class=\"fusion-title-heading title-heading-left fusion-responsive-typography-calculated\" style=\"margin:0;font-size:1em;--fontSize:24;line-height:var(--awb-typography1-line-height);\"><mark class=\"fusion-highlight light highlight1 awb-highlight-background rounded\" style=\"--awb-color:#d1d1d1;\"><strong>Actualidad<\/strong><\/mark><\/h2><\/div><div class=\"fusion-text fusion-text-12\" style=\"--awb-line-height:1.5em;\"><ul>\n<li><a class=\"title\" href=\"https:\/\/www.europapress.es\/epsocial\/migracion\/noticia-total-600-mujeres-marroquies-culminan-espana-plan-integracion-formacion-programa-wafira-20250124122505.html\" target=\"_blank\" rel=\"noopener\" data-artpy=\"0\" data-author=\"Europa Press\">Un total de 600 mujeres marroqu\u00edes culminan en Espa\u00f1a el plan de integraci\u00f3n y formaci\u00f3n del programa &#8216;Wafira&#8217;<\/a> @europapress<strong><br \/>\n<\/strong><\/li>\n<li><a class=\"title\" href=\"https:\/\/www.msn.com\/es-mx\/salud\/other\/mujeres-menores-de-50-a%C3%B1os-son-m%C3%A1s-propensas-a-contraer-c%C3%A1ncer-que-los-hombres\/ar-AA1xybhc?ocid=BingNewsVerp\" target=\"_blank\" rel=\"noopener\" data-artpy=\"0\" data-author=\"Expansi\u00f3n on MSN\">Mujeres menores de 50 a\u00f1os son m\u00e1s propensas a contraer c\u00e1ncer que los hombres<\/a> @expansion<strong><br \/>\n<\/strong><\/li>\n<li><a class=\"title\" href=\"https:\/\/www.cronista.com\/usa\/ciencia-salud\/anorgasmia-en-mujeres-cuales-son-los-sintomas-de-esta-patologia-y-de-que-forma-se-puede-evitar\/\" target=\"_blank\" rel=\"noopener\" data-artpy=\"0\" data-author=\"Cronista\">Anorgasmia en mujeres: cu\u00e1les son los s\u00edntomas de esta patolog\u00eda y de qu\u00e9 forma se puede evitar<\/a> @elcronista<\/li>\n<li><a href=\"https:\/\/www.eldiario.es\/sociedad\/sistema-forma-luego-no-les-da-cobijo-fraude-enfermeras-especialistas-espana_1_11960592.html\" data-mrf-link=\"https:\/\/www.eldiario.es\/sociedad\/sistema-forma-luego-no-les-da-cobijo-fraude-enfermeras-especialistas-espana_1_11960592.html\">El sistema las forma pero luego no les da cobijo: el \u201cfraude\u201d de las enfermeras especialistas<\/a> @eldiario<\/li>\n<\/ul>\n<\/div><div class=\"fusion-title title fusion-title-16 fusion-sep-none fusion-title-text fusion-title-size-two fusion-animated\" style=\"--awb-text-color:var(--awb-color7);--awb-margin-top-small:10px;--awb-margin-right-small:0px;--awb-margin-bottom-small:10px;--awb-margin-left-small:0px;--awb-sep-color:var(--awb-custom_color_1);--awb-font-size:24px;\" data-animationType=\"fadeIn\" data-animationDuration=\"0.3\" data-animationOffset=\"top-into-view\" id=\"e_violencias\"><h2 class=\"fusion-title-heading title-heading-left fusion-responsive-typography-calculated\" style=\"margin:0;font-size:1em;--fontSize:24;line-height:var(--awb-typography1-line-height);\"><mark class=\"fusion-highlight light highlight1 awb-highlight-background rounded\" style=\"--awb-color:#d1d1d1;\"><strong>Violencias<\/strong><\/mark><\/h2><\/div><div class=\"fusion-text fusion-text-13\" style=\"--awb-line-height:1.5em;\"><ul>\n<li><a class=\"title\" href=\"https:\/\/www.mundodeportivo.com\/actualidad\/20250123\/1002392645\/alba-alfageme-psicologa-45-anos-sobre-actitud-juez-elisa-mouliaa-clase-magistral-hay-dct.html\" target=\"_blank\" rel=\"noopener\" data-artpy=\"0\" data-author=\"Mundo Deportivo\">Alba Alfageme, psic\u00f3loga, 45 a\u00f1os, sobre la actitud del juez con Elisa Moulia\u00e1: \u00abEs una clase magistral de lo que no hay que hacer\u00bb<\/a> @mundodeportivo<\/li>\n<li><a class=\"title\" href=\"https:\/\/www.europapress.es\/epsocial\/responsables\/noticia-expertos-reclaman-cambio-cultural-organizaciones-eliminar-violencia-mujer-trabajo-20250124152810.html\" target=\"_blank\" rel=\"noopener\" data-artpy=\"0\" data-author=\"Europa Press\">Expertos reclaman un \u00abcambio cultural\u00bb en organizaciones para eliminar la violencia hacia la mujer en el trabajo<\/a> @europapress<strong><br \/>\n<\/strong><\/li>\n<li><a class=\"title\" href=\"https:\/\/www.infolibre.es\/igualdad\/metoo-periodistas-catalanas-sacude-redacciones-agitando-cimientos_1_1929787.html\" target=\"_blank\" rel=\"noopener\" data-artpy=\"0\" data-author=\"infolibre.es\">El #MeToo de las periodistas catalanas y la violencia en los medios: \u00abEstamos agitando los cimientos del poder\u00bb<\/a> @infolibre<\/li>\n<\/ul>\n<\/div><div class=\"fusion-title title fusion-title-17 fusion-sep-none fusion-title-text fusion-title-size-two fusion-animated\" style=\"--awb-text-color:var(--awb-color7);--awb-margin-top-small:10px;--awb-margin-right-small:0px;--awb-margin-bottom-small:10px;--awb-margin-left-small:0px;--awb-sep-color:var(--awb-custom_color_1);--awb-font-size:24px;\" data-animationType=\"fadeIn\" data-animationDuration=\"0.3\" data-animationOffset=\"top-into-view\" id=\"e_violencias\"><h2 class=\"fusion-title-heading title-heading-left fusion-responsive-typography-calculated\" style=\"margin:0;font-size:1em;--fontSize:24;line-height:var(--awb-typography1-line-height);\"><mark class=\"fusion-highlight light highlight1 awb-highlight-background rounded\" style=\"--awb-color:#d1d1d1;\"><strong> Ciencia y Cultura<\/strong> <\/mark><\/h2><\/div><div class=\"fusion-text fusion-text-14\" style=\"--awb-line-height:1.5em;\"><ul>\n<li><a class=\"title\" title=\"La Asociaci\u00f3n de Mujeres Investigadoras y Tecn\u00f3logas (AMIT) defiende a Mar\u00eda Blasco y alerta sobre una \" href=\"https:\/\/www.msn.com\/es-es\/noticias\/espana\/la-asociaci%C3%B3n-de-mujeres-investigadoras-y-tecn%C3%B3logas-amit-defiende-a-mar%C3%ADa-blasco-y-alerta-sobre-una-campa%C3%B1a-de-desprestigio\/ar-AA1xEIWm?ocid=BingNewsVerp\" target=\"_blank\" rel=\"noopener\" data-artpy=\"0\" data-author=\"La Raz\u00f3n on MSN\">La Asociaci\u00f3n de Mujeres Investigadoras y Tecn\u00f3logas (AMIT) defiende a Mar\u00eda Blasco y alerta sobre una \u00abcampa\u00f1a de<\/a>&#8230; @larazon<strong><br \/>\n<\/strong><\/li>\n<li><a class=\"title\" href=\"https:\/\/www.lasexta.com\/el-muro\/deborah-garcia\/pantomima-lucha-brecha-genero-ciencia_202501226790c311691a460001e72e92.html\" target=\"_blank\" rel=\"noopener\" data-artpy=\"0\" data-author=\"laSexta\">La pantomima de la lucha contra la brecha de g\u00e9nero en ciencia<\/a> @lasexta<strong><br \/>\n<\/strong><\/li>\n<li><a class=\"title\" href=\"https:\/\/www.telemadrid.es\/noticias\/cultura\/Nominaciones-Oscar-2025-La-espanola-Sofia-Gascon-primer-mujer-trans-que-optara-al-premio-a-mejor-actriz-0-2745925400--20250123024715.html\" target=\"_blank\" rel=\"noopener\" data-artpy=\"0\" data-author=\"Telemadrid\">La espa\u00f1ola Sof\u00eda Gasc\u00f3n, nominada a mejor actriz de los premios Oscar 2025<\/a> @telemadrid<\/li>\n<li><a class=\"title\" href=\"https:\/\/www.mujerhoy.com\/actualidad\/revista-mujerhoy-febrero-2025-entrevista-aitana-sanchez-gijon-javier-gutierrez-elizabeth-strout-20250117160728-nt.html\" target=\"_blank\" rel=\"noopener\" data-artpy=\"0\" data-author=\"Mujerhoy\">Aitana S\u00e1nchez Gij\u00f3n, talento, verdad y Goya de Honor 2025 @ <\/a>mujerhoy<strong><br \/>\n<\/strong><\/li>\n<li><a class=\"title\" href=\"https:\/\/www.msn.com\/es-es\/carreras\/asesoramiento-profesional\/la-dif%C3%ADcil-conciliaci%C3%B3n-en-la-universidad-de-las-mujeres-obligadas-a-elegir-entre-la-carrera-y-los-cuidados\/ar-AA1xr2Em?ocid=BingNewsVerp\" target=\"_blank\" rel=\"noopener\" data-artpy=\"0\" data-author=\"P\u00fablico on MSN\">La dif\u00edcil conciliaci\u00f3n en la universidad de las mujeres, obligadas a elegir entre la carrera y los cuidados<\/a><strong> @<\/strong>publico<\/li>\n<li><a href=\"https:\/\/www.google.com\/url?rct=j&amp;sa=t&amp;url=https:\/\/www.infobae.com\/espana\/agencias\/2025\/01\/22\/el-thyssen-inaugura-un-ciclo-de-performances-de-artistas-mujeres-de-mexico-cuba-y-chile\/&amp;ct=ga&amp;cd=CAEYASoUMTYzOTYyODk2NzEwMzEzNjk0NTIyG2UwZjU4Njg5N2I1Zjc4M2U6ZXM6ZXM6RVM6TA&amp;usg=AOvVaw2DVk-wAtsTsrb3QN8FRqlv\" target=\"_blank\" rel=\"noopener\" data-saferedirecturl=\"https:\/\/www.google.com\/url?q=https:\/\/www.google.com\/url?rct%3Dj%26sa%3Dt%26url%3Dhttps:\/\/www.infobae.com\/espana\/agencias\/2025\/01\/22\/el-thyssen-inaugura-un-ciclo-de-performances-de-artistas-mujeres-de-mexico-cuba-y-chile\/%26ct%3Dga%26cd%3DCAEYASoUMTYzOTYyODk2NzEwMzEzNjk0NTIyG2UwZjU4Njg5N2I1Zjc4M2U6ZXM6ZXM6RVM6TA%26usg%3DAOvVaw2DVk-wAtsTsrb3QN8FRqlv&amp;source=gmail&amp;ust=1737735340712000&amp;usg=AOvVaw2r_8XGfk9vQOtXFxlnDcBj\">El Thyssen inaugura un ciclo de &#8216;performances&#8217; de artistas mujeres de M\u00e9xico, Cuba y Chile @\u00a0<\/a><a>Infobae<br \/>\n<\/a><\/li>\n<li><a class=\"title\" href=\"https:\/\/www.larazon.es\/cultura\/maribel-verdu-leonor-watling-primera-dupla-mujeres-presentar-gala-goya-fuera-normal\/20250122\/1142592.html\" target=\"_blank\" rel=\"noopener\" data-artpy=\"0\" data-author=\"La Raz\u00f3n Digital\">Maribel Verd\u00fa y Leonor Watling presentar\u00e1n unos premios Goya para celebrar la cultura y no hablar de pol\u00edtica<\/a> @larazon<\/li>\n<li><a class=\"title\" href=\"https:\/\/www.msn.com\/es-es\/noticias\/internacional\/elena-l%C3%B3pez-riera-directora-de-las-novias-del-sur-el-feminismo-no-puede-tener-miedo-es-grave-que-se-someta-y-sea-pol%C3%ADticamente-correcto\/ar-AA1xkq28?ocid=BingNewsVerp\" target=\"_blank\" rel=\"noopener\" data-artpy=\"0\" data-author=\"El Mundo on MSN\">Elena L\u00f3pez Riera, directora de &#8216;Las novias del sur&#8217;: \u00abEl feminismo no puede tener miedo, es grave que se someta y sea pol\u00edticamente<\/a>&#8230; @elmundo<\/li>\n<li><a class=\"title\" href=\"https:\/\/www.rtve.es\/television\/20250119\/cervantes-feminista-leticia-dolera-absolutamente-convencida-motivos\/16413144.shtml\" target=\"_blank\" rel=\"noopener\" data-artpy=\"0\" data-author=\"RTVE\">Cervantes era feminista: Leticia Dolera est\u00e1 absolutamente convencida por estos motivos<\/a> @rtve<strong><br \/>\n<\/strong><\/li>\n<li><a class=\"title\" href=\"https:\/\/www.msn.com\/es-es\/noticias\/internacional\/las-mujeres-prehist%C3%B3ricas-ten%C3%ADan-m%C3%A1s-poder-del-que-se-pensaba-de-forma-original-las-pruebas-est%C3%A1n-en-este-cementerio-de-hace-2000-a%C3%B1os\/ar-AA1xwopM?ocid=BingNewsVerp\" target=\"_blank\" rel=\"noopener\" data-artpy=\"0\" data-author=\"Urban Tecno on MSN\">Las mujeres prehist\u00f3ricas ten\u00edan m\u00e1s poder del que se pensaba de forma original. Las pruebas est\u00e1n en este cementerio de hace 2.000 <\/a>\u00a0&#8230; @mundodeportivo<\/li>\n<\/ul>\n<\/div><div class=\"fusion-title title fusion-title-18 fusion-sep-none fusion-title-text fusion-title-size-two fusion-animated\" style=\"--awb-text-color:var(--awb-color7);--awb-margin-top-small:10px;--awb-margin-right-small:0px;--awb-margin-bottom-small:10px;--awb-margin-left-small:0px;--awb-sep-color:var(--awb-custom_color_1);--awb-font-size:24px;\" data-animationType=\"fadeIn\" data-animationDuration=\"0.3\" data-animationOffset=\"top-into-view\" id=\"e_deporte\"><h2 class=\"fusion-title-heading title-heading-left fusion-responsive-typography-calculated\" style=\"margin:0;font-size:1em;--fontSize:24;line-height:var(--awb-typography1-line-height);\"><mark class=\"fusion-highlight light highlight1 awb-highlight-background rounded\" style=\"--awb-color:#d1d1d1;\"><strong> Deporte<\/strong> <\/mark><\/h2><\/div><div class=\"fusion-text fusion-text-15\" style=\"--awb-line-height:1.5em;\"><ul>\n<li><a class=\"title\" href=\"https:\/\/www.abc.es\/deportes\/elisa-aguilar-queda-sola-deporte-espanol-20250124183016-nt.html\" target=\"_blank\" rel=\"noopener\" data-artpy=\"0\" data-author=\"ABC\">Una entre 66: Elisa Aguilar se queda sola en el deporte espa\u00f1ol<\/a> @abc<strong><br \/>\n<\/strong><\/li>\n<li><a class=\"title\" href=\"https:\/\/www.msn.com\/es-es\/dinero\/general\/las-mujeres-generan-en-espa%C3%B1a-el-20-de-los-beneficios-de-las-empresas-del-sector-ciclista\/ar-AA1xq5QM?ocid=BingNewsVerp\" target=\"_blank\" rel=\"noopener\" data-artpy=\"0\" data-author=\"Sport on MSN\">Las mujeres generan en Espa\u00f1a el 20% de los beneficios de las empresas del sector ciclista<\/a> @sport<\/li>\n<li><a class=\"title\" href=\"https:\/\/www.catalunyapress.es\/articulo\/deportes\/2025-01-20\/5144664-paola-manjon-otras-expertas-analizaran-retos-lograr-igualdad-deporte-mujeres-ninas\" target=\"_blank\" rel=\"noopener\" data-artpy=\"0\" data-author=\"catalunyapress\">Paola Manj\u00f3n y otras expertas analizar\u00e1n los retos para lograr la igualdad en el deporte de mujeres y ni\u00f1as<\/a> @catalunyapress<\/li>\n<li><a class=\"title\" href=\"https:\/\/www.elperiodico.com\/es\/deporte-femenino\/20250121\/levante-reconoce-negociaciones-vender-seccion-113593716\" target=\"_blank\" rel=\"noopener\" data-artpy=\"0\" data-author=\"El Peri\u00f3dico\">El Levante reconoce negociaciones para vender la secci\u00f3n de f\u00fatbol femenino<\/a> @levante<\/li>\n<li><a class=\"title\" href=\"https:\/\/www.estadiodeportivo.com\/futbol\/futbol-femenino\/supercopa-femenina-arabia-nuevo-conflicto-futbol-femenino-20250123-479535.html\" target=\"_blank\" rel=\"noopener\" data-artpy=\"0\" data-author=\"Estadio deportivo\">La Supercopa femenina en Arabia, nuevo conflicto en el f\u00fatbol femenino<\/a> @estadiodeportivo<\/li>\n<\/ul>\n<\/div><\/div><\/div><\/div><\/div><div class=\"fusion-fullwidth fullwidth-box fusion-builder-row-6 fusion-flex-container has-pattern-background has-mask-background hundred-percent-fullwidth non-hundred-percent-height-scrolling\" style=\"--awb-border-radius-top-left:0px;--awb-border-radius-top-right:0px;--awb-border-radius-bottom-right:0px;--awb-border-radius-bottom-left:0px;--awb-padding-right-small:2%;--awb-padding-left-small:2%;--awb-flex-wrap:wrap;\" ><div class=\"fusion-builder-row fusion-row fusion-flex-align-items-flex-start fusion-flex-content-wrap\" style=\"width:104% !important;max-width:104% !important;margin-left: calc(-4% \/ 2 );margin-right: calc(-4% \/ 2 );\"><div class=\"fusion-layout-column fusion_builder_column fusion-builder-column-5 fusion_builder_column_1_1 1_1 fusion-flex-column\" style=\"--awb-padding-right:20px;--awb-padding-left:20px;--awb-padding-right-small:15px;--awb-padding-left-small:15px;--awb-overflow:hidden;--awb-bg-color:var(--awb-color1);--awb-bg-color-hover:var(--awb-color1);--awb-bg-size:cover;--awb-border-color:var(--awb-color3);--awb-border-top:2px;--awb-border-right:2px;--awb-border-bottom:2px;--awb-border-left:2px;--awb-border-style:solid;--awb-border-radius:15px 15px 15px 15px;--awb-width-large:100%;--awb-margin-top-large:0px;--awb-spacing-right-large:1.92%;--awb-margin-bottom-large:20px;--awb-spacing-left-large:1.92%;--awb-width-medium:100%;--awb-order-medium:0;--awb-spacing-right-medium:1.92%;--awb-spacing-left-medium:1.92%;--awb-width-small:100%;--awb-order-small:0;--awb-spacing-right-small:0px;--awb-spacing-left-small:0px;\" id=\"c_internacional\" data-scroll-devices=\"small-visibility,medium-visibility,large-visibility\"><div class=\"fusion-column-wrapper fusion-column-has-shadow fusion-flex-justify-content-flex-start fusion-content-layout-column\"><div class=\"fusion-title title fusion-title-19 fusion-sep-none fusion-title-text fusion-title-size-one\" style=\"--awb-margin-top:20px;--awb-margin-top-small:10px;--awb-margin-right-small:0px;--awb-margin-bottom-small:10px;--awb-margin-left-small:0px;--awb-sep-color:var(--awb-custom_color_1);\" id=\"internacional\"><h1 class=\"fusion-title-heading title-heading-left fusion-responsive-typography-calculated\" style=\"font-family:&quot;Raleway&quot;;font-style:normal;font-weight:400;margin:0;--fontSize:40;line-height:var(--awb-typography1-line-height);\"><mark class=\"fusion-highlight custom-textcolor highlight1 awb-highlight-background rounded\" style=\"--awb-color:#0098d9;--awb-text-color:#ffffff;\"><strong>UE &amp; Internacional<\/strong><\/mark><\/h1><\/div><div class=\"fusion-text fusion-text-16\" style=\"--awb-line-height:1.5em;\"><ul>\n<li><a class=\"title\" href=\"https:\/\/www.abc.es\/economia\/christine-lagarde-kristalina-georgieva-valoran-panorama-economico-20250124110810-nt.html\" target=\"_blank\" rel=\"noopener\" data-artpy=\"0\" data-author=\"ABC\">Christine Lagarde y Kristalina Georgieva valoran el panorama econ\u00f3mico en el Foro de Davos 2025<\/a>\u00a0@abc<\/li>\n<li><a href=\"https:\/\/www.google.com\/url?rct=j&amp;sa=t&amp;url=https:\/\/www.eldebate.com\/sociedad\/20250122\/bruselas-quiere-crear-agencia-europea-frenar-perdida-poblacionalguien-debe-tomar-riendas_263411.html&amp;ct=ga&amp;cd=CAEYACoTNzc1MjA4MDIyNzczMDc5MDk0NjIZMWZhYTM2NGQzZDExMjIxYjplczplczpFUw&amp;usg=AOvVaw383Bajik7tzzcumSvuyTaA\" target=\"_blank\" rel=\"noopener\" data-saferedirecturl=\"https:\/\/www.google.com\/url?q=https:\/\/www.google.com\/url?rct%3Dj%26sa%3Dt%26url%3Dhttps:\/\/www.eldebate.com\/sociedad\/20250122\/bruselas-quiere-crear-agencia-europea-frenar-perdida-poblacionalguien-debe-tomar-riendas_263411.html%26ct%3Dga%26cd%3DCAEYACoTNzc1MjA4MDIyNzczMDc5MDk0NjIZMWZhYTM2NGQzZDExMjIxYjplczplczpFUw%26usg%3DAOvVaw383Bajik7tzzcumSvuyTaA&amp;source=gmail&amp;ust=1737735347835000&amp;usg=AOvVaw2yrCS1GtF8GrsKDO9j6DGD\">Bruselas quiere crear una agencia europea para frenar la p\u00e9rdida de poblaci\u00f3n<\/a> @El Debate<a><br \/>\n<\/a><\/li>\n<li><a class=\"title\" href=\"https:\/\/www.msn.com\/es-co\/noticias\/nacional\/cuatro-mujeres-ocupar%C3%A1n-las-presidencias-de-la-corte-suprema-de-justicia-en-2025\/ar-AA1xJXM1?ocid=BingNewsVerp\" target=\"_blank\" rel=\"noopener\" data-artpy=\"0\" data-author=\"El Espectador on MSN\">Cuatro mujeres ocupar\u00e1n las presidencias de la Corte Suprema de Justicia en 2025<\/a> @elespectador<\/li>\n<li><a class=\"title\" href=\"https:\/\/news.un.org\/es\/story\/2025\/01\/1535911\" target=\"_blank\" rel=\"noopener\" data-artpy=\"0\" data-author=\"UN News Centre\">El fiscal de la Corte Penal Internacional presenta \u00f3rdenes de detenci\u00f3n contra dos l\u00edderes talibanes<\/a> @UN News<\/li>\n<li><a class=\"title\" href=\"https:\/\/www.msn.com\/es-us\/noticias\/other\/mujeres-inmigrantes-de-la-gran-manzana-llaman-a-estar-en-pie-de-lucha-para-enfrentar-las-pol%C3%ADticas-de-trump\/ar-AA1xBCVW?ocid=BingNewsVerp\" target=\"_blank\" rel=\"noopener\" data-artpy=\"0\" data-author=\"El Diario NY on MSN\">Mujeres inmigrantes de la Gran Manzana llaman a estar en pie de lucha para enfrentar las pol\u00edticas de Trump<\/a> @eldiario<\/li>\n<li><a class=\"title\" href=\"https:\/\/www.expreso.ec\/actualidad\/mujeres-buscan-visibilidad-derechos-propuestas-presidenciales-228577.html\" target=\"_blank\" rel=\"noopener\" data-artpy=\"0\" data-author=\"Expreso\">Mujeres buscan visibilidad para sus derechos en las propuestas presidenciales<\/a> @expreso<a><br \/>\n<\/a><\/li>\n<li><a class=\"title\" href=\"https:\/\/www.elprogreso.es\/articulo\/cultura\/emilia-perez-lidera-carrera-oscar-2025-karla-sofia-gascon-opta-mejor-actriz\/202501231747251824080.html\" target=\"_blank\" rel=\"noopener\" data-artpy=\"0\" data-author=\"El Progres\">&#8216;<\/a><a class=\"title\" href=\"https:\/\/www.msn.com\/es-es\/entretenimiento\/cine\/coralie-fargeat-se-convierte-en-la-novena-mujer-nominada-al-oscar-a-mejor-direcci%C3%B3n-en-casi-100-a%C3%B1os-de-historia\/ar-AA1xJcqr?ocid=BingNewsVerp\" target=\"_blank\" rel=\"noopener\" data-artpy=\"0\" data-author=\"Trendencias on MSN\">Coralie Fargeat se convierte en la novena mujer nominada al Oscar a mejor direcci\u00f3n en casi 100 a\u00f1os de historia<\/a> @trendencias<\/li>\n<li><a class=\"title\" href=\"https:\/\/www.msn.com\/es-co\/entretenimiento\/famosos\/karol-g-anuncia-gala-ben%C3%A9fica-en-miami-para-empoderar-a-mujeres\/ar-AA1xB2wl?ocid=BingNewsVerp\" target=\"_blank\" rel=\"noopener\" data-artpy=\"0\" data-author=\"El Espectador on MSN\">Karol G har\u00e1 gala para apoyar a mujeres para que persigan sus sue\u00f1os<\/a> @elespectador<\/li>\n<li><a class=\"title\" href=\"https:\/\/www.elespanol.com\/el-cultural\/cine\/20250117\/mohammad-rasoulof-cineasta-exilio-movimientos-liberacion-iran-deben-mujer\/916158628_0.html\" target=\"_blank\" rel=\"noopener\" data-artpy=\"0\" data-author=\"ESPA\u00d1OL\">Mohammad Rasoulof, cineasta en el exilio: \u00abLos movimientos de liberaci\u00f3n en Ir\u00e1n deben mucho a la mujer\u00bb<\/a> @elespa\u00f1ol<\/li>\n<li><a class=\"title\" href=\"https:\/\/www.abc.es\/cultura\/mujeres-islas-cicladas-protagonistas-exposicion-ano-grecia-20250124141933-nt.html\" target=\"_blank\" rel=\"noopener\" data-artpy=\"0\" data-author=\"ABC\">&#8216;La Romana Hechizada&#8217; y otras mujeres de las Islas C\u00edcladas, protagonistas de la exposici\u00f3n del a\u00f1o en Grecia<\/a> @abc<\/li>\n<li><a class=\"title\" href=\"https:\/\/www.emol.com\/noticias\/Deportes\/2025\/01\/23\/1155102\/finalistas-australia-arynasabalenka-swiatek-keys.html\" target=\"_blank\" rel=\"noopener\" data-artpy=\"0\" data-author=\"Emol\">Madison Keys, 14 del mundo, dio el batacazo ante Iga Swiatek&#8230; As\u00ed qued\u00f3 la final femenina del Abierto de Australia y cu\u00e1ndo se juega<\/a> @emol<\/li>\n<\/ul>\n<\/div><\/div><\/div><\/div><\/div><\/p>\n","protected":false},"excerpt":{"rendered":"<p>El Congreso ultima el Pacto de Estado contra la violencia machista, con m\u00e1s de 400 medidas  *  FITUR Woman 2025 destaca que el futuro del turismo pasa por el liderazgo femenino  *  La espa\u00f1ola Sof\u00eda Gasc\u00f3n, nominada a mejor actriz de los premios Oscar 2025  *  Meta cambia su modelo de verificaci\u00f3n de contenido: as\u00ed afectar\u00e1 a la seguridad de las mujeres en redes sociales<\/p>\n","protected":false},"author":5,"featured_media":23882,"comment_status":"closed","ping_status":"closed","sticky":false,"template":"","format":"standard","meta":{"footnotes":""},"categories":[298,654],"tags":[245,96,97,109],"class_list":["post-23054","post","type-post","status-publish","format-standard","has-post-thumbnail","hentry","category-newsletter","category-nwl-v-4-0","tag-mujer-y-turismo","tag-mujeres","tag-redes-sociales","tag-violencia-de-genero"],"yoast_head":"<!-- This site is optimized with the Yoast SEO plugin v27.5 - https:\/\/yoast.com\/product\/yoast-seo-wordpress\/ -->\n<title>Noticias Info CKL #2910 - 24\/01\/2025<\/title>\n<meta name=\"description\" content=\"Noticias Info CKL #2910 - 24\/01\/2025\" \/>\n<meta name=\"robots\" content=\"index, follow, max-snippet:-1, max-image-preview:large, max-video-preview:-1\" \/>\n<link rel=\"canonical\" href=\"https:\/\/cklcomunicaciones.es\/coop\/noticias-info-ckl-no-2910-24-01-25\/\" \/>\n<meta property=\"og:locale\" content=\"es_ES\" \/>\n<meta property=\"og:type\" content=\"article\" \/>\n<meta property=\"og:title\" content=\"Noticias Info CKL #2910 - 24\/01\/2025\" \/>\n<meta property=\"og:description\" content=\"Noticias Info CKL #2910 - 24\/01\/2025\" \/>\n<meta property=\"og:url\" content=\"https:\/\/cklcomunicaciones.es\/coop\/noticias-info-ckl-no-2910-24-01-25\/\" \/>\n<meta property=\"og:site_name\" content=\"CKL Comunicaciones\" \/>\n<meta property=\"article:published_time\" content=\"2025-01-25T17:03:31+00:00\" \/>\n<meta property=\"article:modified_time\" content=\"2025-02-07T09:11:03+00:00\" \/>\n<meta property=\"og:image\" content=\"https:\/\/cklcomunicaciones.es\/coop\/wp-content\/uploads\/2025\/01\/CKL-una-mirada-distinta-de-la-comunicacion.jpg\" \/>\n\t<meta property=\"og:image:width\" content=\"1482\" \/>\n\t<meta property=\"og:image:height\" content=\"775\" \/>\n\t<meta property=\"og:image:type\" content=\"image\/jpeg\" \/>\n<meta name=\"author\" content=\"ECAwms\" \/>\n<meta name=\"twitter:card\" content=\"summary_large_image\" \/>\n<meta name=\"twitter:label1\" content=\"Escrito por\" \/>\n\t<meta name=\"twitter:data1\" content=\"ECAwms\" \/>\n\t<meta name=\"twitter:label2\" content=\"Tiempo de lectura\" \/>\n\t<meta name=\"twitter:data2\" content=\"8 minutos\" \/>\n<script type=\"application\/ld+json\" class=\"yoast-schema-graph\">{\"@context\":\"https:\\\/\\\/schema.org\",\"@graph\":[{\"@type\":\"Article\",\"@id\":\"https:\\\/\\\/cklcomunicaciones.es\\\/coop\\\/noticias-info-ckl-no-2910-24-01-25\\\/#article\",\"isPartOf\":{\"@id\":\"https:\\\/\\\/cklcomunicaciones.es\\\/coop\\\/noticias-info-ckl-no-2910-24-01-25\\\/\"},\"author\":{\"name\":\"ECAwms\",\"@id\":\"https:\\\/\\\/cklcomunicaciones.es\\\/coop\\\/#\\\/schema\\\/person\\\/c22ed0dfa5417a2cd0de23a9ea1afda5\"},\"headline\":\"Noticias Info CKL #2910 &#8211; 24\\\/01\\\/2025\",\"datePublished\":\"2025-01-25T17:03:31+00:00\",\"dateModified\":\"2025-02-07T09:11:03+00:00\",\"mainEntityOfPage\":{\"@id\":\"https:\\\/\\\/cklcomunicaciones.es\\\/coop\\\/noticias-info-ckl-no-2910-24-01-25\\\/\"},\"wordCount\":8237,\"image\":{\"@id\":\"https:\\\/\\\/cklcomunicaciones.es\\\/coop\\\/noticias-info-ckl-no-2910-24-01-25\\\/#primaryimage\"},\"thumbnailUrl\":\"https:\\\/\\\/cklcomunicaciones.es\\\/coop\\\/wp-content\\\/uploads\\\/CKL-una-mirada-distinta-de-la-comunicacion.webp\",\"keywords\":[\"mujer y turismo\",\"mujeres\",\"redes sociales\",\"violencia de g\u00e9nero\"],\"articleSection\":[\"Newsletter\",\"Nwl v.4.0\"],\"inLanguage\":\"es\"},{\"@type\":\"WebPage\",\"@id\":\"https:\\\/\\\/cklcomunicaciones.es\\\/coop\\\/noticias-info-ckl-no-2910-24-01-25\\\/\",\"url\":\"https:\\\/\\\/cklcomunicaciones.es\\\/coop\\\/noticias-info-ckl-no-2910-24-01-25\\\/\",\"name\":\"Noticias Info CKL #2910 - 24\\\/01\\\/2025\",\"isPartOf\":{\"@id\":\"https:\\\/\\\/cklcomunicaciones.es\\\/coop\\\/#website\"},\"primaryImageOfPage\":{\"@id\":\"https:\\\/\\\/cklcomunicaciones.es\\\/coop\\\/noticias-info-ckl-no-2910-24-01-25\\\/#primaryimage\"},\"image\":{\"@id\":\"https:\\\/\\\/cklcomunicaciones.es\\\/coop\\\/noticias-info-ckl-no-2910-24-01-25\\\/#primaryimage\"},\"thumbnailUrl\":\"https:\\\/\\\/cklcomunicaciones.es\\\/coop\\\/wp-content\\\/uploads\\\/CKL-una-mirada-distinta-de-la-comunicacion.webp\",\"datePublished\":\"2025-01-25T17:03:31+00:00\",\"dateModified\":\"2025-02-07T09:11:03+00:00\",\"author\":{\"@id\":\"https:\\\/\\\/cklcomunicaciones.es\\\/coop\\\/#\\\/schema\\\/person\\\/c22ed0dfa5417a2cd0de23a9ea1afda5\"},\"description\":\"Noticias Info CKL #2910 - 24\\\/01\\\/2025\",\"breadcrumb\":{\"@id\":\"https:\\\/\\\/cklcomunicaciones.es\\\/coop\\\/noticias-info-ckl-no-2910-24-01-25\\\/#breadcrumb\"},\"inLanguage\":\"es\",\"potentialAction\":[{\"@type\":\"ReadAction\",\"target\":[\"https:\\\/\\\/cklcomunicaciones.es\\\/coop\\\/noticias-info-ckl-no-2910-24-01-25\\\/\"]}]},{\"@type\":\"ImageObject\",\"inLanguage\":\"es\",\"@id\":\"https:\\\/\\\/cklcomunicaciones.es\\\/coop\\\/noticias-info-ckl-no-2910-24-01-25\\\/#primaryimage\",\"url\":\"https:\\\/\\\/cklcomunicaciones.es\\\/coop\\\/wp-content\\\/uploads\\\/CKL-una-mirada-distinta-de-la-comunicacion.webp\",\"contentUrl\":\"https:\\\/\\\/cklcomunicaciones.es\\\/coop\\\/wp-content\\\/uploads\\\/CKL-una-mirada-distinta-de-la-comunicacion.webp\",\"width\":1482,\"height\":775,\"caption\":\"CKL - una mirada distinta de la comunicaci\u00f3n\"},{\"@type\":\"BreadcrumbList\",\"@id\":\"https:\\\/\\\/cklcomunicaciones.es\\\/coop\\\/noticias-info-ckl-no-2910-24-01-25\\\/#breadcrumb\",\"itemListElement\":[{\"@type\":\"ListItem\",\"position\":1,\"name\":\"Portada\",\"item\":\"https:\\\/\\\/cklcomunicaciones.es\\\/coop\\\/\"},{\"@type\":\"ListItem\",\"position\":2,\"name\":\"Noticias Info CKL #2910 &#8211; 24\\\/01\\\/2025\"}]},{\"@type\":\"WebSite\",\"@id\":\"https:\\\/\\\/cklcomunicaciones.es\\\/coop\\\/#website\",\"url\":\"https:\\\/\\\/cklcomunicaciones.es\\\/coop\\\/\",\"name\":\"CKL Comunicaciones\",\"description\":\"Sitio web de CKL Comunicaciones coop , la consultora de comunicaci\u00f3n y estrategia\",\"potentialAction\":[{\"@type\":\"SearchAction\",\"target\":{\"@type\":\"EntryPoint\",\"urlTemplate\":\"https:\\\/\\\/cklcomunicaciones.es\\\/coop\\\/?s={search_term_string}\"},\"query-input\":{\"@type\":\"PropertyValueSpecification\",\"valueRequired\":true,\"valueName\":\"search_term_string\"}}],\"inLanguage\":\"es\"},{\"@type\":\"Person\",\"@id\":\"https:\\\/\\\/cklcomunicaciones.es\\\/coop\\\/#\\\/schema\\\/person\\\/c22ed0dfa5417a2cd0de23a9ea1afda5\",\"name\":\"ECAwms\",\"image\":{\"@type\":\"ImageObject\",\"inLanguage\":\"es\",\"@id\":\"https:\\\/\\\/secure.gravatar.com\\\/avatar\\\/d54446e5bbbbdee0295c3cf81e992af3e193b1db2fa491b68017b25be8bd5f10?s=96&d=mm&r=g\",\"url\":\"https:\\\/\\\/secure.gravatar.com\\\/avatar\\\/d54446e5bbbbdee0295c3cf81e992af3e193b1db2fa491b68017b25be8bd5f10?s=96&d=mm&r=g\",\"contentUrl\":\"https:\\\/\\\/secure.gravatar.com\\\/avatar\\\/d54446e5bbbbdee0295c3cf81e992af3e193b1db2fa491b68017b25be8bd5f10?s=96&d=mm&r=g\",\"caption\":\"ECAwms\"},\"url\":\"https:\\\/\\\/cklcomunicaciones.es\\\/coop\\\/author\\\/ecawms\\\/\"}]}<\/script>\n<!-- \/ Yoast SEO plugin. -->","yoast_head_json":{"title":"Noticias Info CKL #2910 - 24\/01\/2025","description":"Noticias Info CKL #2910 - 24\/01\/2025","robots":{"index":"index","follow":"follow","max-snippet":"max-snippet:-1","max-image-preview":"max-image-preview:large","max-video-preview":"max-video-preview:-1"},"canonical":"https:\/\/cklcomunicaciones.es\/coop\/noticias-info-ckl-no-2910-24-01-25\/","og_locale":"es_ES","og_type":"article","og_title":"Noticias Info CKL #2910 - 24\/01\/2025","og_description":"Noticias Info CKL #2910 - 24\/01\/2025","og_url":"https:\/\/cklcomunicaciones.es\/coop\/noticias-info-ckl-no-2910-24-01-25\/","og_site_name":"CKL Comunicaciones","article_published_time":"2025-01-25T17:03:31+00:00","article_modified_time":"2025-02-07T09:11:03+00:00","og_image":[{"width":1482,"height":775,"url":"https:\/\/cklcomunicaciones.es\/coop\/wp-content\/uploads\/2025\/01\/CKL-una-mirada-distinta-de-la-comunicacion.jpg","type":"image\/jpeg"}],"author":"ECAwms","twitter_card":"summary_large_image","twitter_misc":{"Escrito por":"ECAwms","Tiempo de lectura":"8 minutos"},"schema":{"@context":"https:\/\/schema.org","@graph":[{"@type":"Article","@id":"https:\/\/cklcomunicaciones.es\/coop\/noticias-info-ckl-no-2910-24-01-25\/#article","isPartOf":{"@id":"https:\/\/cklcomunicaciones.es\/coop\/noticias-info-ckl-no-2910-24-01-25\/"},"author":{"name":"ECAwms","@id":"https:\/\/cklcomunicaciones.es\/coop\/#\/schema\/person\/c22ed0dfa5417a2cd0de23a9ea1afda5"},"headline":"Noticias Info CKL #2910 &#8211; 24\/01\/2025","datePublished":"2025-01-25T17:03:31+00:00","dateModified":"2025-02-07T09:11:03+00:00","mainEntityOfPage":{"@id":"https:\/\/cklcomunicaciones.es\/coop\/noticias-info-ckl-no-2910-24-01-25\/"},"wordCount":8237,"image":{"@id":"https:\/\/cklcomunicaciones.es\/coop\/noticias-info-ckl-no-2910-24-01-25\/#primaryimage"},"thumbnailUrl":"https:\/\/cklcomunicaciones.es\/coop\/wp-content\/uploads\/CKL-una-mirada-distinta-de-la-comunicacion.webp","keywords":["mujer y turismo","mujeres","redes sociales","violencia de g\u00e9nero"],"articleSection":["Newsletter","Nwl v.4.0"],"inLanguage":"es"},{"@type":"WebPage","@id":"https:\/\/cklcomunicaciones.es\/coop\/noticias-info-ckl-no-2910-24-01-25\/","url":"https:\/\/cklcomunicaciones.es\/coop\/noticias-info-ckl-no-2910-24-01-25\/","name":"Noticias Info CKL #2910 - 24\/01\/2025","isPartOf":{"@id":"https:\/\/cklcomunicaciones.es\/coop\/#website"},"primaryImageOfPage":{"@id":"https:\/\/cklcomunicaciones.es\/coop\/noticias-info-ckl-no-2910-24-01-25\/#primaryimage"},"image":{"@id":"https:\/\/cklcomunicaciones.es\/coop\/noticias-info-ckl-no-2910-24-01-25\/#primaryimage"},"thumbnailUrl":"https:\/\/cklcomunicaciones.es\/coop\/wp-content\/uploads\/CKL-una-mirada-distinta-de-la-comunicacion.webp","datePublished":"2025-01-25T17:03:31+00:00","dateModified":"2025-02-07T09:11:03+00:00","author":{"@id":"https:\/\/cklcomunicaciones.es\/coop\/#\/schema\/person\/c22ed0dfa5417a2cd0de23a9ea1afda5"},"description":"Noticias Info CKL #2910 - 24\/01\/2025","breadcrumb":{"@id":"https:\/\/cklcomunicaciones.es\/coop\/noticias-info-ckl-no-2910-24-01-25\/#breadcrumb"},"inLanguage":"es","potentialAction":[{"@type":"ReadAction","target":["https:\/\/cklcomunicaciones.es\/coop\/noticias-info-ckl-no-2910-24-01-25\/"]}]},{"@type":"ImageObject","inLanguage":"es","@id":"https:\/\/cklcomunicaciones.es\/coop\/noticias-info-ckl-no-2910-24-01-25\/#primaryimage","url":"https:\/\/cklcomunicaciones.es\/coop\/wp-content\/uploads\/CKL-una-mirada-distinta-de-la-comunicacion.webp","contentUrl":"https:\/\/cklcomunicaciones.es\/coop\/wp-content\/uploads\/CKL-una-mirada-distinta-de-la-comunicacion.webp","width":1482,"height":775,"caption":"CKL - una mirada distinta de la comunicaci\u00f3n"},{"@type":"BreadcrumbList","@id":"https:\/\/cklcomunicaciones.es\/coop\/noticias-info-ckl-no-2910-24-01-25\/#breadcrumb","itemListElement":[{"@type":"ListItem","position":1,"name":"Portada","item":"https:\/\/cklcomunicaciones.es\/coop\/"},{"@type":"ListItem","position":2,"name":"Noticias Info CKL #2910 &#8211; 24\/01\/2025"}]},{"@type":"WebSite","@id":"https:\/\/cklcomunicaciones.es\/coop\/#website","url":"https:\/\/cklcomunicaciones.es\/coop\/","name":"CKL Comunicaciones","description":"Sitio web de CKL Comunicaciones coop , la consultora de comunicaci\u00f3n y estrategia","potentialAction":[{"@type":"SearchAction","target":{"@type":"EntryPoint","urlTemplate":"https:\/\/cklcomunicaciones.es\/coop\/?s={search_term_string}"},"query-input":{"@type":"PropertyValueSpecification","valueRequired":true,"valueName":"search_term_string"}}],"inLanguage":"es"},{"@type":"Person","@id":"https:\/\/cklcomunicaciones.es\/coop\/#\/schema\/person\/c22ed0dfa5417a2cd0de23a9ea1afda5","name":"ECAwms","image":{"@type":"ImageObject","inLanguage":"es","@id":"https:\/\/secure.gravatar.com\/avatar\/d54446e5bbbbdee0295c3cf81e992af3e193b1db2fa491b68017b25be8bd5f10?s=96&d=mm&r=g","url":"https:\/\/secure.gravatar.com\/avatar\/d54446e5bbbbdee0295c3cf81e992af3e193b1db2fa491b68017b25be8bd5f10?s=96&d=mm&r=g","contentUrl":"https:\/\/secure.gravatar.com\/avatar\/d54446e5bbbbdee0295c3cf81e992af3e193b1db2fa491b68017b25be8bd5f10?s=96&d=mm&r=g","caption":"ECAwms"},"url":"https:\/\/cklcomunicaciones.es\/coop\/author\/ecawms\/"}]}},"_links":{"self":[{"href":"https:\/\/cklcomunicaciones.es\/coop\/wp-json\/wp\/v2\/posts\/23054","targetHints":{"allow":["GET"]}}],"collection":[{"href":"https:\/\/cklcomunicaciones.es\/coop\/wp-json\/wp\/v2\/posts"}],"about":[{"href":"https:\/\/cklcomunicaciones.es\/coop\/wp-json\/wp\/v2\/types\/post"}],"author":[{"embeddable":true,"href":"https:\/\/cklcomunicaciones.es\/coop\/wp-json\/wp\/v2\/users\/5"}],"replies":[{"embeddable":true,"href":"https:\/\/cklcomunicaciones.es\/coop\/wp-json\/wp\/v2\/comments?post=23054"}],"version-history":[{"count":0,"href":"https:\/\/cklcomunicaciones.es\/coop\/wp-json\/wp\/v2\/posts\/23054\/revisions"}],"wp:featuredmedia":[{"embeddable":true,"href":"https:\/\/cklcomunicaciones.es\/coop\/wp-json\/wp\/v2\/media\/23882"}],"wp:attachment":[{"href":"https:\/\/cklcomunicaciones.es\/coop\/wp-json\/wp\/v2\/media?parent=23054"}],"wp:term":[{"taxonomy":"category","embeddable":true,"href":"https:\/\/cklcomunicaciones.es\/coop\/wp-json\/wp\/v2\/categories?post=23054"},{"taxonomy":"post_tag","embeddable":true,"href":"https:\/\/cklcomunicaciones.es\/coop\/wp-json\/wp\/v2\/tags?post=23054"}],"curies":[{"name":"wp","href":"https:\/\/api.w.org\/{rel}","templated":true}]}}