{"id":22499,"date":"2023-12-12T20:28:46","date_gmt":"2023-12-12T19:28:46","guid":{"rendered":"https:\/\/cklcomunicaciones.es\/coop\/?p=22499"},"modified":"2025-02-14T14:13:17","modified_gmt":"2025-02-14T13:13:17","slug":"gobierno-nombra-aicha-belassir-directora-general-economia-social-responsabilidad-social-empresas","status":"publish","type":"post","link":"https:\/\/cklcomunicaciones.es\/coop\/gobierno-nombra-aicha-belassir-directora-general-economia-social-responsabilidad-social-empresas\/","title":{"rendered":"El Gobierno nombra a Aicha Belassir directora general de Econom\u00eda Social y Responsabilidad Social de las Empresas"},"content":{"rendered":"<div class=\"fusion-fullwidth fullwidth-box fusion-builder-row-1 fusion-flex-container nonhundred-percent-fullwidth non-hundred-percent-height-scrolling\" style=\"--awb-border-radius-top-left:0px;--awb-border-radius-top-right:0px;--awb-border-radius-bottom-right:0px;--awb-border-radius-bottom-left:0px;--awb-flex-wrap:wrap;\" ><div class=\"fusion-builder-row fusion-row fusion-flex-align-items-flex-start fusion-flex-content-wrap\" style=\"max-width:1248px;margin-left: calc(-4% \/ 2 );margin-right: calc(-4% \/ 2 );\"><div class=\"fusion-layout-column fusion_builder_column fusion-builder-column-0 fusion_builder_column_1_1 1_1 fusion-flex-column\" style=\"--awb-bg-blend:overlay;--awb-bg-size:cover;--awb-width-large:100%;--awb-margin-top-large:0px;--awb-spacing-right-large:1.92%;--awb-margin-bottom-large:0px;--awb-spacing-left-large:1.92%;--awb-width-medium:100%;--awb-spacing-right-medium:1.92%;--awb-spacing-left-medium:1.92%;--awb-width-small:100%;--awb-spacing-right-small:1.92%;--awb-spacing-left-small:1.92%;\"><div class=\"fusion-column-wrapper fusion-flex-justify-content-flex-start fusion-content-layout-column\"><div class=\"fusion-text fusion-text-1\"><p>El Consejo de Ministros aprob\u00f3 este martes el nombramiento de Aicha Belassir Khayati directora general de Econom\u00eda Social y de la Responsabilidad Social de las Empresas, departamento perteneciente al Ministerio de Trabajo y Econom\u00eda Social.<\/p>\n<p>Seg\u00fan consta en las referencias del Consejo de Ministros, Belassir es licenciada en Lenguas y Literaturas Extranjeras en la Universidad de los Estudios de Tur\u00edn (Italia), y m\u00e1ster en Gesti\u00f3n Directiva de Organizaciones no Lucrativas por la Universidad de Educaci\u00f3n a Distancia (UNED).<\/p>\n<p>M\u00e1s informaci\u00f3n: <a href=\"https:\/\/www.diariosigloxxi.com\/texto-s\/mostrar\/528930\/gobierno-nombra-aicha-belassir-directora-general-economia-social-responsabilidad-social-empresas\">El Gobierno nombra a Aicha Belassir directora general de Econom\u00eda Social y Responsabilidad Social de las Empresas<\/a> (diariosigloxxi)<\/p>\n<\/div><\/div><\/div><\/div><\/div>\n","protected":false},"excerpt":{"rendered":"","protected":false},"author":3,"featured_media":23890,"comment_status":"closed","ping_status":"closed","sticky":false,"template":"","format":"standard","meta":{"footnotes":""},"categories":[297],"tags":[329,656],"class_list":["post-22499","post","type-post","status-publish","format-standard","has-post-thumbnail","hentry","category-actualidad","tag-economia-social-y-solidaria","tag-rse"],"yoast_head":"<!-- This site is optimized with the Yoast SEO plugin v27.5 - https:\/\/yoast.com\/product\/yoast-seo-wordpress\/ -->\n<title>Aicha Belassir directora general de Econom\u00eda Social y RSE<\/title>\n<meta name=\"description\" content=\"El Consejo de Ministros aprob\u00f3 este martes el nombramiento de Aicha Belassir Khayati directora general de Econom\u00eda Social y RSE\" \/>\n<meta name=\"robots\" content=\"index, follow, max-snippet:-1, max-image-preview:large, max-video-preview:-1\" \/>\n<link rel=\"canonical\" href=\"https:\/\/cklcomunicaciones.es\/coop\/gobierno-nombra-aicha-belassir-directora-general-economia-social-responsabilidad-social-empresas\/\" \/>\n<meta property=\"og:locale\" content=\"es_ES\" \/>\n<meta property=\"og:type\" content=\"article\" \/>\n<meta property=\"og:title\" content=\"Aicha Belassir directora general de Econom\u00eda Social y RSE\" \/>\n<meta property=\"og:description\" content=\"El Consejo de Ministros aprob\u00f3 este martes el nombramiento de Aicha Belassir Khayati directora general de Econom\u00eda Social y RSE\" \/>\n<meta property=\"og:url\" content=\"https:\/\/cklcomunicaciones.es\/coop\/gobierno-nombra-aicha-belassir-directora-general-economia-social-responsabilidad-social-empresas\/\" \/>\n<meta property=\"og:site_name\" content=\"CKL Comunicaciones\" \/>\n<meta property=\"article:published_time\" content=\"2023-12-12T19:28:46+00:00\" \/>\n<meta property=\"article:modified_time\" content=\"2025-02-14T13:13:17+00:00\" \/>\n<meta property=\"og:image\" content=\"https:\/\/cklcomunicaciones.es\/coop\/wp-content\/uploads\/Aicha-Belassir_.jpg\" \/>\n\t<meta property=\"og:image:width\" content=\"1920\" \/>\n\t<meta property=\"og:image:height\" content=\"1080\" \/>\n\t<meta property=\"og:image:type\" content=\"image\/jpeg\" \/>\n<meta name=\"author\" content=\"ckl\" \/>\n<meta name=\"twitter:card\" content=\"summary_large_image\" \/>\n<meta name=\"twitter:label1\" content=\"Escrito por\" \/>\n\t<meta name=\"twitter:data1\" content=\"ckl\" \/>\n\t<meta name=\"twitter:label2\" content=\"Tiempo de lectura\" \/>\n\t<meta name=\"twitter:data2\" content=\"1 minuto\" \/>\n<script type=\"application\/ld+json\" class=\"yoast-schema-graph\">{\"@context\":\"https:\\\/\\\/schema.org\",\"@graph\":[{\"@type\":\"Article\",\"@id\":\"https:\\\/\\\/cklcomunicaciones.es\\\/coop\\\/gobierno-nombra-aicha-belassir-directora-general-economia-social-responsabilidad-social-empresas\\\/#article\",\"isPartOf\":{\"@id\":\"https:\\\/\\\/cklcomunicaciones.es\\\/coop\\\/gobierno-nombra-aicha-belassir-directora-general-economia-social-responsabilidad-social-empresas\\\/\"},\"author\":{\"name\":\"ckl\",\"@id\":\"https:\\\/\\\/cklcomunicaciones.es\\\/coop\\\/#\\\/schema\\\/person\\\/929a6837f7626450bbb50cee1aef266e\"},\"headline\":\"El Gobierno nombra a Aicha Belassir directora general de Econom\u00eda Social y Responsabilidad Social de las Empresas\",\"datePublished\":\"2023-12-12T19:28:46+00:00\",\"dateModified\":\"2025-02-14T13:13:17+00:00\",\"mainEntityOfPage\":{\"@id\":\"https:\\\/\\\/cklcomunicaciones.es\\\/coop\\\/gobierno-nombra-aicha-belassir-directora-general-economia-social-responsabilidad-social-empresas\\\/\"},\"wordCount\":254,\"image\":{\"@id\":\"https:\\\/\\\/cklcomunicaciones.es\\\/coop\\\/gobierno-nombra-aicha-belassir-directora-general-economia-social-responsabilidad-social-empresas\\\/#primaryimage\"},\"thumbnailUrl\":\"https:\\\/\\\/cklcomunicaciones.es\\\/coop\\\/wp-content\\\/uploads\\\/Aicha-Belassir_.jpg\",\"keywords\":[\"Econom\u00eda Social y Solidaria\",\"RSE\"],\"articleSection\":[\"Actualidad\"],\"inLanguage\":\"es\"},{\"@type\":\"WebPage\",\"@id\":\"https:\\\/\\\/cklcomunicaciones.es\\\/coop\\\/gobierno-nombra-aicha-belassir-directora-general-economia-social-responsabilidad-social-empresas\\\/\",\"url\":\"https:\\\/\\\/cklcomunicaciones.es\\\/coop\\\/gobierno-nombra-aicha-belassir-directora-general-economia-social-responsabilidad-social-empresas\\\/\",\"name\":\"Aicha Belassir directora general de Econom\u00eda Social y RSE\",\"isPartOf\":{\"@id\":\"https:\\\/\\\/cklcomunicaciones.es\\\/coop\\\/#website\"},\"primaryImageOfPage\":{\"@id\":\"https:\\\/\\\/cklcomunicaciones.es\\\/coop\\\/gobierno-nombra-aicha-belassir-directora-general-economia-social-responsabilidad-social-empresas\\\/#primaryimage\"},\"image\":{\"@id\":\"https:\\\/\\\/cklcomunicaciones.es\\\/coop\\\/gobierno-nombra-aicha-belassir-directora-general-economia-social-responsabilidad-social-empresas\\\/#primaryimage\"},\"thumbnailUrl\":\"https:\\\/\\\/cklcomunicaciones.es\\\/coop\\\/wp-content\\\/uploads\\\/Aicha-Belassir_.jpg\",\"datePublished\":\"2023-12-12T19:28:46+00:00\",\"dateModified\":\"2025-02-14T13:13:17+00:00\",\"author\":{\"@id\":\"https:\\\/\\\/cklcomunicaciones.es\\\/coop\\\/#\\\/schema\\\/person\\\/929a6837f7626450bbb50cee1aef266e\"},\"description\":\"El Consejo de Ministros aprob\u00f3 este martes el nombramiento de Aicha Belassir Khayati directora general de Econom\u00eda Social y RSE\",\"breadcrumb\":{\"@id\":\"https:\\\/\\\/cklcomunicaciones.es\\\/coop\\\/gobierno-nombra-aicha-belassir-directora-general-economia-social-responsabilidad-social-empresas\\\/#breadcrumb\"},\"inLanguage\":\"es\",\"potentialAction\":[{\"@type\":\"ReadAction\",\"target\":[\"https:\\\/\\\/cklcomunicaciones.es\\\/coop\\\/gobierno-nombra-aicha-belassir-directora-general-economia-social-responsabilidad-social-empresas\\\/\"]}]},{\"@type\":\"ImageObject\",\"inLanguage\":\"es\",\"@id\":\"https:\\\/\\\/cklcomunicaciones.es\\\/coop\\\/gobierno-nombra-aicha-belassir-directora-general-economia-social-responsabilidad-social-empresas\\\/#primaryimage\",\"url\":\"https:\\\/\\\/cklcomunicaciones.es\\\/coop\\\/wp-content\\\/uploads\\\/Aicha-Belassir_.jpg\",\"contentUrl\":\"https:\\\/\\\/cklcomunicaciones.es\\\/coop\\\/wp-content\\\/uploads\\\/Aicha-Belassir_.jpg\",\"width\":1920,\"height\":1080},{\"@type\":\"BreadcrumbList\",\"@id\":\"https:\\\/\\\/cklcomunicaciones.es\\\/coop\\\/gobierno-nombra-aicha-belassir-directora-general-economia-social-responsabilidad-social-empresas\\\/#breadcrumb\",\"itemListElement\":[{\"@type\":\"ListItem\",\"position\":1,\"name\":\"Portada\",\"item\":\"https:\\\/\\\/cklcomunicaciones.es\\\/coop\\\/\"},{\"@type\":\"ListItem\",\"position\":2,\"name\":\"El Gobierno nombra a Aicha Belassir directora general de Econom\u00eda Social y Responsabilidad Social de las Empresas\"}]},{\"@type\":\"WebSite\",\"@id\":\"https:\\\/\\\/cklcomunicaciones.es\\\/coop\\\/#website\",\"url\":\"https:\\\/\\\/cklcomunicaciones.es\\\/coop\\\/\",\"name\":\"CKL Comunicaciones\",\"description\":\"Sitio web de CKL Comunicaciones coop , la consultora de comunicaci\u00f3n y estrategia\",\"potentialAction\":[{\"@type\":\"SearchAction\",\"target\":{\"@type\":\"EntryPoint\",\"urlTemplate\":\"https:\\\/\\\/cklcomunicaciones.es\\\/coop\\\/?s={search_term_string}\"},\"query-input\":{\"@type\":\"PropertyValueSpecification\",\"valueRequired\":true,\"valueName\":\"search_term_string\"}}],\"inLanguage\":\"es\"},{\"@type\":\"Person\",\"@id\":\"https:\\\/\\\/cklcomunicaciones.es\\\/coop\\\/#\\\/schema\\\/person\\\/929a6837f7626450bbb50cee1aef266e\",\"name\":\"ckl\",\"image\":{\"@type\":\"ImageObject\",\"inLanguage\":\"es\",\"@id\":\"https:\\\/\\\/secure.gravatar.com\\\/avatar\\\/c82db564e8a669bf6023357a157b9dc4780f4d4c618f2ad1d71a6a5dede45057?s=96&d=mm&r=g\",\"url\":\"https:\\\/\\\/secure.gravatar.com\\\/avatar\\\/c82db564e8a669bf6023357a157b9dc4780f4d4c618f2ad1d71a6a5dede45057?s=96&d=mm&r=g\",\"contentUrl\":\"https:\\\/\\\/secure.gravatar.com\\\/avatar\\\/c82db564e8a669bf6023357a157b9dc4780f4d4c618f2ad1d71a6a5dede45057?s=96&d=mm&r=g\",\"caption\":\"ckl\"},\"url\":\"https:\\\/\\\/cklcomunicaciones.es\\\/coop\\\/author\\\/cklcomunicaciones\\\/\"}]}<\/script>\n<!-- \/ Yoast SEO plugin. -->","yoast_head_json":{"title":"Aicha Belassir directora general de Econom\u00eda Social y RSE","description":"El Consejo de Ministros aprob\u00f3 este martes el nombramiento de Aicha Belassir Khayati directora general de Econom\u00eda Social y RSE","robots":{"index":"index","follow":"follow","max-snippet":"max-snippet:-1","max-image-preview":"max-image-preview:large","max-video-preview":"max-video-preview:-1"},"canonical":"https:\/\/cklcomunicaciones.es\/coop\/gobierno-nombra-aicha-belassir-directora-general-economia-social-responsabilidad-social-empresas\/","og_locale":"es_ES","og_type":"article","og_title":"Aicha Belassir directora general de Econom\u00eda Social y RSE","og_description":"El Consejo de Ministros aprob\u00f3 este martes el nombramiento de Aicha Belassir Khayati directora general de Econom\u00eda Social y RSE","og_url":"https:\/\/cklcomunicaciones.es\/coop\/gobierno-nombra-aicha-belassir-directora-general-economia-social-responsabilidad-social-empresas\/","og_site_name":"CKL Comunicaciones","article_published_time":"2023-12-12T19:28:46+00:00","article_modified_time":"2025-02-14T13:13:17+00:00","og_image":[{"width":1920,"height":1080,"url":"https:\/\/cklcomunicaciones.es\/coop\/wp-content\/uploads\/Aicha-Belassir_.jpg","type":"image\/jpeg"}],"author":"ckl","twitter_card":"summary_large_image","twitter_misc":{"Escrito por":"ckl","Tiempo de lectura":"1 minuto"},"schema":{"@context":"https:\/\/schema.org","@graph":[{"@type":"Article","@id":"https:\/\/cklcomunicaciones.es\/coop\/gobierno-nombra-aicha-belassir-directora-general-economia-social-responsabilidad-social-empresas\/#article","isPartOf":{"@id":"https:\/\/cklcomunicaciones.es\/coop\/gobierno-nombra-aicha-belassir-directora-general-economia-social-responsabilidad-social-empresas\/"},"author":{"name":"ckl","@id":"https:\/\/cklcomunicaciones.es\/coop\/#\/schema\/person\/929a6837f7626450bbb50cee1aef266e"},"headline":"El Gobierno nombra a Aicha Belassir directora general de Econom\u00eda Social y Responsabilidad Social de las Empresas","datePublished":"2023-12-12T19:28:46+00:00","dateModified":"2025-02-14T13:13:17+00:00","mainEntityOfPage":{"@id":"https:\/\/cklcomunicaciones.es\/coop\/gobierno-nombra-aicha-belassir-directora-general-economia-social-responsabilidad-social-empresas\/"},"wordCount":254,"image":{"@id":"https:\/\/cklcomunicaciones.es\/coop\/gobierno-nombra-aicha-belassir-directora-general-economia-social-responsabilidad-social-empresas\/#primaryimage"},"thumbnailUrl":"https:\/\/cklcomunicaciones.es\/coop\/wp-content\/uploads\/Aicha-Belassir_.jpg","keywords":["Econom\u00eda Social y Solidaria","RSE"],"articleSection":["Actualidad"],"inLanguage":"es"},{"@type":"WebPage","@id":"https:\/\/cklcomunicaciones.es\/coop\/gobierno-nombra-aicha-belassir-directora-general-economia-social-responsabilidad-social-empresas\/","url":"https:\/\/cklcomunicaciones.es\/coop\/gobierno-nombra-aicha-belassir-directora-general-economia-social-responsabilidad-social-empresas\/","name":"Aicha Belassir directora general de Econom\u00eda Social y RSE","isPartOf":{"@id":"https:\/\/cklcomunicaciones.es\/coop\/#website"},"primaryImageOfPage":{"@id":"https:\/\/cklcomunicaciones.es\/coop\/gobierno-nombra-aicha-belassir-directora-general-economia-social-responsabilidad-social-empresas\/#primaryimage"},"image":{"@id":"https:\/\/cklcomunicaciones.es\/coop\/gobierno-nombra-aicha-belassir-directora-general-economia-social-responsabilidad-social-empresas\/#primaryimage"},"thumbnailUrl":"https:\/\/cklcomunicaciones.es\/coop\/wp-content\/uploads\/Aicha-Belassir_.jpg","datePublished":"2023-12-12T19:28:46+00:00","dateModified":"2025-02-14T13:13:17+00:00","author":{"@id":"https:\/\/cklcomunicaciones.es\/coop\/#\/schema\/person\/929a6837f7626450bbb50cee1aef266e"},"description":"El Consejo de Ministros aprob\u00f3 este martes el nombramiento de Aicha Belassir Khayati directora general de Econom\u00eda Social y RSE","breadcrumb":{"@id":"https:\/\/cklcomunicaciones.es\/coop\/gobierno-nombra-aicha-belassir-directora-general-economia-social-responsabilidad-social-empresas\/#breadcrumb"},"inLanguage":"es","potentialAction":[{"@type":"ReadAction","target":["https:\/\/cklcomunicaciones.es\/coop\/gobierno-nombra-aicha-belassir-directora-general-economia-social-responsabilidad-social-empresas\/"]}]},{"@type":"ImageObject","inLanguage":"es","@id":"https:\/\/cklcomunicaciones.es\/coop\/gobierno-nombra-aicha-belassir-directora-general-economia-social-responsabilidad-social-empresas\/#primaryimage","url":"https:\/\/cklcomunicaciones.es\/coop\/wp-content\/uploads\/Aicha-Belassir_.jpg","contentUrl":"https:\/\/cklcomunicaciones.es\/coop\/wp-content\/uploads\/Aicha-Belassir_.jpg","width":1920,"height":1080},{"@type":"BreadcrumbList","@id":"https:\/\/cklcomunicaciones.es\/coop\/gobierno-nombra-aicha-belassir-directora-general-economia-social-responsabilidad-social-empresas\/#breadcrumb","itemListElement":[{"@type":"ListItem","position":1,"name":"Portada","item":"https:\/\/cklcomunicaciones.es\/coop\/"},{"@type":"ListItem","position":2,"name":"El Gobierno nombra a Aicha Belassir directora general de Econom\u00eda Social y Responsabilidad Social de las Empresas"}]},{"@type":"WebSite","@id":"https:\/\/cklcomunicaciones.es\/coop\/#website","url":"https:\/\/cklcomunicaciones.es\/coop\/","name":"CKL Comunicaciones","description":"Sitio web de CKL Comunicaciones coop , la consultora de comunicaci\u00f3n y estrategia","potentialAction":[{"@type":"SearchAction","target":{"@type":"EntryPoint","urlTemplate":"https:\/\/cklcomunicaciones.es\/coop\/?s={search_term_string}"},"query-input":{"@type":"PropertyValueSpecification","valueRequired":true,"valueName":"search_term_string"}}],"inLanguage":"es"},{"@type":"Person","@id":"https:\/\/cklcomunicaciones.es\/coop\/#\/schema\/person\/929a6837f7626450bbb50cee1aef266e","name":"ckl","image":{"@type":"ImageObject","inLanguage":"es","@id":"https:\/\/secure.gravatar.com\/avatar\/c82db564e8a669bf6023357a157b9dc4780f4d4c618f2ad1d71a6a5dede45057?s=96&d=mm&r=g","url":"https:\/\/secure.gravatar.com\/avatar\/c82db564e8a669bf6023357a157b9dc4780f4d4c618f2ad1d71a6a5dede45057?s=96&d=mm&r=g","contentUrl":"https:\/\/secure.gravatar.com\/avatar\/c82db564e8a669bf6023357a157b9dc4780f4d4c618f2ad1d71a6a5dede45057?s=96&d=mm&r=g","caption":"ckl"},"url":"https:\/\/cklcomunicaciones.es\/coop\/author\/cklcomunicaciones\/"}]}},"_links":{"self":[{"href":"https:\/\/cklcomunicaciones.es\/coop\/wp-json\/wp\/v2\/posts\/22499","targetHints":{"allow":["GET"]}}],"collection":[{"href":"https:\/\/cklcomunicaciones.es\/coop\/wp-json\/wp\/v2\/posts"}],"about":[{"href":"https:\/\/cklcomunicaciones.es\/coop\/wp-json\/wp\/v2\/types\/post"}],"author":[{"embeddable":true,"href":"https:\/\/cklcomunicaciones.es\/coop\/wp-json\/wp\/v2\/users\/3"}],"replies":[{"embeddable":true,"href":"https:\/\/cklcomunicaciones.es\/coop\/wp-json\/wp\/v2\/comments?post=22499"}],"version-history":[{"count":0,"href":"https:\/\/cklcomunicaciones.es\/coop\/wp-json\/wp\/v2\/posts\/22499\/revisions"}],"wp:featuredmedia":[{"embeddable":true,"href":"https:\/\/cklcomunicaciones.es\/coop\/wp-json\/wp\/v2\/media\/23890"}],"wp:attachment":[{"href":"https:\/\/cklcomunicaciones.es\/coop\/wp-json\/wp\/v2\/media?parent=22499"}],"wp:term":[{"taxonomy":"category","embeddable":true,"href":"https:\/\/cklcomunicaciones.es\/coop\/wp-json\/wp\/v2\/categories?post=22499"},{"taxonomy":"post_tag","embeddable":true,"href":"https:\/\/cklcomunicaciones.es\/coop\/wp-json\/wp\/v2\/tags?post=22499"}],"curies":[{"name":"wp","href":"https:\/\/api.w.org\/{rel}","templated":true}]}}