{"id":22125,"date":"2025-01-10T14:58:57","date_gmt":"2025-01-10T13:58:57","guid":{"rendered":"https:\/\/www.cklcomunicaciones.es\/?p=21461"},"modified":"2025-02-07T09:58:22","modified_gmt":"2025-02-07T08:58:22","slug":"noticias-info-ckl-no-2908-10-01-25","status":"publish","type":"post","link":"https:\/\/cklcomunicaciones.es\/coop\/noticias-info-ckl-no-2908-10-01-25\/","title":{"rendered":"Noticias Info CKL #2908-10\/01\/2025"},"content":{"rendered":"<p><div class=\"fusion-fullwidth fullwidth-box fusion-builder-row-1 fusion-flex-container has-pattern-background has-mask-background nonhundred-percent-fullwidth non-hundred-percent-height-scrolling\" style=\"--awb-border-radius-top-left:0px;--awb-border-radius-top-right:0px;--awb-border-radius-bottom-right:0px;--awb-border-radius-bottom-left:0px;--awb-flex-wrap:wrap;\" ><div class=\"fusion-builder-row fusion-row fusion-flex-align-items-flex-start fusion-flex-content-wrap\" style=\"max-width:1248px;margin-left: calc(-4% \/ 2 );margin-right: calc(-4% \/ 2 );\"><div class=\"fusion-layout-column fusion_builder_column fusion-builder-column-0 fusion_builder_column_1_1 1_1 fusion-flex-column\" style=\"--awb-bg-size:cover;--awb-width-large:100%;--awb-margin-top-large:0px;--awb-spacing-right-large:1.92%;--awb-margin-bottom-large:20px;--awb-spacing-left-large:1.92%;--awb-width-medium:100%;--awb-order-medium:0;--awb-spacing-right-medium:1.92%;--awb-spacing-left-medium:1.92%;--awb-width-small:100%;--awb-order-small:0;--awb-spacing-right-small:1.92%;--awb-spacing-left-small:1.92%;\"><div class=\"fusion-column-wrapper fusion-column-has-shadow fusion-flex-justify-content-flex-start fusion-content-layout-column\"><div class=\"fusion-title title fusion-title-1 fusion-sep-none fusion-title-text fusion-title-size-paragraph\" style=\"--awb-margin-top:20px;--awb-margin-top-small:10px;--awb-margin-right-small:0px;--awb-margin-bottom-small:10px;--awb-margin-left-small:0px;--awb-sep-color:var(--awb-custom_color_1);--awb-font-size:20px;\"><p class=\"fusion-title-heading title-heading-left title-heading-tag fusion-responsive-typography-calculated\" style=\"font-family:&quot;Raleway&quot;;font-style:normal;font-weight:400;margin:0;font-size:1em;--fontSize:20;--minFontSize:20;line-height:var(--awb-typography4-line-height);\"><a class=\"fusion-one-page-text-link\" href=\"#comunicacion\"><mark class=\"fusion-highlight custom-textcolor highlight1 awb-highlight-background rounded\" style=\"--awb-color:#db9600;--awb-text-color:#ffffff;\"><strong>Comunicaci\u00f3n, Publicidad y TICs<\/strong><\/mark><\/a> <a class=\"fusion-one-page-text-link\" href=\"#andalucia\"><mark class=\"fusion-highlight custom-textcolor highlight1 awb-highlight-background rounded\" style=\"--awb-color:#4cb700;--awb-text-color:#ffffff;\"><strong>Andaluc\u00eda<\/strong><\/mark><\/a> <a class=\"fusion-one-page-text-link\" href=\"#estado\"><mark class=\"fusion-highlight custom-textcolor highlight1 awb-highlight-background rounded\" style=\"--awb-text-color:#ffffff;\"><strong>Estado<\/strong><\/mark><\/a> <a class=\"fusion-one-page-text-link\" href=\"#internacional\"><mark class=\"fusion-highlight custom-textcolor highlight1 awb-highlight-background rounded\" style=\"--awb-color:#0098d9;--awb-text-color:#ffffff;\"><strong>UE &amp; Internacional<\/strong><\/mark><\/a><\/p><\/div><\/div><\/div><\/div><\/div><div class=\"fusion-fullwidth fullwidth-box fusion-builder-row-2 fusion-flex-container has-pattern-background has-mask-background hundred-percent-fullwidth non-hundred-percent-height-scrolling\" style=\"--awb-border-radius-top-left:0px;--awb-border-radius-top-right:0px;--awb-border-radius-bottom-right:0px;--awb-border-radius-bottom-left:0px;--awb-padding-right-small:2%;--awb-padding-left-small:2%;--awb-flex-wrap:wrap;\" ><div class=\"fusion-builder-row fusion-row fusion-flex-align-items-flex-start fusion-flex-content-wrap\" style=\"width:104% !important;max-width:104% !important;margin-left: calc(-4% \/ 2 );margin-right: calc(-4% \/ 2 );\"><div class=\"fusion-layout-column fusion_builder_column fusion-builder-column-1 fusion_builder_column_1_1 1_1 fusion-flex-column\" style=\"--awb-padding-right:20px;--awb-padding-left:20px;--awb-padding-right-small:15px;--awb-padding-left-small:15px;--awb-overflow:hidden;--awb-bg-color:var(--awb-color1);--awb-bg-color-hover:var(--awb-color1);--awb-bg-size:cover;--awb-border-color:var(--awb-color3);--awb-border-top:2px;--awb-border-right:2px;--awb-border-bottom:2px;--awb-border-left:2px;--awb-border-style:solid;--awb-border-radius:15px 15px 15px 15px;--awb-width-large:100%;--awb-margin-top-large:0px;--awb-spacing-right-large:1.92%;--awb-margin-bottom-large:20px;--awb-spacing-left-large:1.92%;--awb-width-medium:100%;--awb-order-medium:0;--awb-spacing-right-medium:1.92%;--awb-spacing-left-medium:1.92%;--awb-width-small:100%;--awb-order-small:0;--awb-spacing-right-small:0px;--awb-spacing-left-small:0px;\" id=\"comunicacion_tics\" data-scroll-devices=\"small-visibility,medium-visibility,large-visibility\"><div class=\"fusion-column-wrapper fusion-column-has-shadow fusion-flex-justify-content-flex-start fusion-content-layout-column\"><div class=\"fusion-title title fusion-title-2 fusion-sep-none fusion-title-text fusion-title-size-one\" style=\"--awb-margin-top:20px;--awb-margin-top-small:10px;--awb-margin-right-small:0px;--awb-margin-bottom-small:10px;--awb-margin-left-small:0px;--awb-sep-color:var(--awb-custom_color_1);\" id=\"comunicacion\"><h1 class=\"fusion-title-heading title-heading-left fusion-responsive-typography-calculated\" style=\"font-family:&quot;Raleway&quot;;font-style:normal;font-weight:400;margin:0;--fontSize:40;line-height:var(--awb-typography1-line-height);\"><mark class=\"fusion-highlight custom-textcolor highlight1 awb-highlight-background rounded\" style=\"--awb-color:#db9600;--awb-text-color:#ffffff;\"><strong>Comunicaci\u00f3n, Publicidad y TICs<\/strong><\/mark><\/h1><\/div><div class=\"fusion-text fusion-text-1\" style=\"--awb-line-height:1.5em;--awb-margin-left:10px;\"><ul>\n<li><a class=\"title\" href=\"https:\/\/www.infobae.com\/america\/agencias\/2025\/01\/08\/la-periodista-mexicana-lydia-cacho-recibira-el-iii-premio-munoz-torrero-a-los-valores-democraticos-y-constitucionales\/\" target=\"_blank\" rel=\"noopener\" data-artpy=\"0\" data-author=\"Infobae\">La periodista mexicana Lydia Cacho recibir\u00e1 el III Premio Mu\u00f1oz @Torrero a los Valores Democr\u00e1ticos y Constitucionales<\/a> @infobae<\/li>\n<li><a class=\"title\" href=\"https:\/\/www.ondacero.es\/programas\/por-fin\/audios\/entrevistas\/paloma-rio-deporte-femenino-noticia-puntualmente_20250106677c12d8af21750001481673.html\" target=\"_blank\" rel=\"noopener\" data-artpy=\"0\" data-author=\"ondacero.es\">Paloma del R\u00edo: \u00abEl deporte femenino es noticia puntualmente\u00bb<\/a> @ondacero<\/li>\n<li><a class=\"title\" href=\"https:\/\/www.elperiodico.com\/es\/sociedad\/20250109\/cristina-fallaras-convivir-violencia-sexual-113239937\" target=\"_blank\" rel=\"noopener\" data-artpy=\"0\" data-author=\"El Peri\u00f3dico\">Cristina Fallar\u00e1s, periodista y escritora: \u00abSe ha aprendido a convivir con la violencia sexual\u00bb<\/a> @elperiodico<\/li>\n<li><a class=\"title\" href=\"https:\/\/www.rtve.es\/noticias\/20250108\/iran-libera-periodista-detenida-italiana-cecilia-sala\/16398530.shtml\" target=\"_blank\" rel=\"noopener\" data-artpy=\"0\" data-author=\"RTVE\">Ir\u00e1n libera a la periodista italiana Cecilia Sala, detenida desde el 19 de diciembre<\/a> @rtve<\/li>\n<li><a class=\"title\" href=\"https:\/\/www.elespanol.com\/mujer\/protagonistas\/20250108\/irene-casa-directora-agencia-comunicacion-evercom-cambio-va-listas-estrategicas\/907409274_0.html\" target=\"_blank\" rel=\"noopener\" data-artpy=\"0\" data-author=\"ESPA\u00d1OL\">Irene de la Casa, directora de la agencia de comunicaci\u00f3n Evercom: \u00abEl cambio va de ser m\u00e1s listas y estrat\u00e9gicas\u00bb<\/a> @elespa\u00f1ol<\/li>\n<li><a class=\"title\" href=\"https:\/\/www.servimedia.es\/noticias\/estudio-concluye-comunicacion-es-crucial-para-visibilizar-vulnerabilidad-humana-promover-inclusion\/1411435675\" target=\"_blank\" rel=\"noopener\" data-artpy=\"0\" data-author=\"Servimedia\">Un estudio concluye que la comunicaci\u00f3n es crucial para visibilizar la vulnerabilidad humana y promover la inclusi\u00f3n<\/a> @servimedia<\/li>\n<li><a class=\"title\" href=\"https:\/\/www.msn.com\/es-es\/entretenimiento\/other\/the-brutalist-la-sustancia-y-c%C3%B3nclave-destacan-en-los-premios-de-las-mujeres-periodistas-de-cine\/ar-AA1x8d16?ocid=BingNewsVerp\" target=\"_blank\" rel=\"noopener\" data-artpy=\"0\" data-author=\"20 minutos on MSN\">&#8216;The Brutalist&#8217;, &#8216;La sustancia&#8217; y &#8216;C\u00f3nclave&#8217; destacan en los premios de las Mujeres Periodistas de Cine<\/a> @20minutos<\/li>\n<li><a class=\"title\" href=\"https:\/\/www.europapress.es\/epsocial\/igualdad\/noticia-2024-ano-verguenza-cambio-bando-mujeres-denunciaron-violencias-traves-redes-sociales-20241230124857.html\" target=\"_blank\" rel=\"noopener\" data-artpy=\"0\" data-author=\"Europa Press\">2024, el a\u00f1o en el que la verg\u00fcenza cambi\u00f3 de bando y mujeres denunciaron violencias a trav\u00e9s de las redes sociales<\/a> @europapress<\/li>\n<li><a class=\"title\" href=\"https:\/\/diariodechiapas.com\/opinion\/mujeres-y-tecnologia-2025-una-oportunidad-para-avanzar-en-la-igualdad-de-genero\/\" target=\"_blank\" rel=\"noopener\" data-artpy=\"0\" data-author=\"Diario de Chiapas\">Mujeres y tecnolog\u00eda. 2025 una oportunidad para avanzar en la igualdad de g\u00e9nero<\/a> @diariodechiapas<\/li>\n<\/ul>\n<\/div><\/div><\/div><\/div><\/div><div class=\"fusion-fullwidth fullwidth-box fusion-builder-row-3 fusion-flex-container has-pattern-background has-mask-background hundred-percent-fullwidth non-hundred-percent-height-scrolling\" style=\"--awb-border-radius-top-left:0px;--awb-border-radius-top-right:0px;--awb-border-radius-bottom-right:0px;--awb-border-radius-bottom-left:0px;--awb-padding-right-small:2%;--awb-padding-left-small:2%;--awb-flex-wrap:wrap;\" id=\"and\" ><div class=\"fusion-builder-row fusion-row fusion-flex-align-items-flex-start fusion-flex-content-wrap\" style=\"width:104% !important;max-width:104% !important;margin-left: calc(-4% \/ 2 );margin-right: calc(-4% \/ 2 );\"><div class=\"fusion-layout-column fusion_builder_column fusion-builder-column-2 fusion_builder_column_1_1 1_1 fusion-flex-column\" style=\"--awb-padding-right:20px;--awb-padding-left:20px;--awb-padding-right-small:15px;--awb-padding-left-small:15px;--awb-overflow:hidden;--awb-bg-color:var(--awb-color1);--awb-bg-color-hover:var(--awb-color1);--awb-bg-size:cover;--awb-border-color:var(--awb-color3);--awb-border-top:2px;--awb-border-right:2px;--awb-border-bottom:2px;--awb-border-left:2px;--awb-border-style:solid;--awb-border-radius:15px 15px 15px 15px;--awb-width-large:100%;--awb-margin-top-large:0px;--awb-spacing-right-large:1.92%;--awb-margin-bottom-large:20px;--awb-spacing-left-large:1.92%;--awb-width-medium:100%;--awb-order-medium:0;--awb-spacing-right-medium:1.92%;--awb-spacing-left-medium:1.92%;--awb-width-small:100%;--awb-order-small:0;--awb-spacing-right-small:0px;--awb-spacing-left-small:0px;\" id=\"c_andalucia\" data-scroll-devices=\"small-visibility,medium-visibility,large-visibility\"><div class=\"fusion-column-wrapper fusion-column-has-shadow fusion-flex-justify-content-flex-start fusion-content-layout-column\"><div class=\"fusion-title title fusion-title-3 fusion-sep-none fusion-title-text fusion-title-size-one\" style=\"--awb-margin-top:20px;--awb-margin-top-small:10px;--awb-margin-right-small:0px;--awb-margin-bottom-small:10px;--awb-margin-left-small:0px;--awb-sep-color:var(--awb-custom_color_1);\" id=\"andalucia\"><h1 class=\"fusion-title-heading title-heading-left fusion-responsive-typography-calculated\" style=\"font-family:&quot;Raleway&quot;;font-style:normal;font-weight:400;margin:0;--fontSize:40;line-height:var(--awb-typography1-line-height);\"><mark class=\"fusion-highlight custom-textcolor highlight1 awb-highlight-background rounded\" style=\"--awb-color:#4cb700;--awb-text-color:#ffffff;\"><strong>Andaluc\u00eda<\/strong><\/mark><\/h1><\/div><div class=\"fusion-title title fusion-title-4 fusion-sep-none fusion-title-text fusion-title-size-two fusion-animated\" style=\"--awb-text-color:var(--awb-color7);--awb-margin-top-small:10px;--awb-margin-right-small:0px;--awb-margin-bottom-small:10px;--awb-margin-left-small:0px;--awb-sep-color:var(--awb-custom_color_1);--awb-font-size:24px;\" data-animationType=\"fadeIn\" data-animationDuration=\"0.3\" data-animationOffset=\"top-into-view\" id=\"a_economia_empresa\"><h2 class=\"fusion-title-heading title-heading-left fusion-responsive-typography-calculated\" style=\"margin:0;font-size:1em;--fontSize:24;line-height:var(--awb-typography1-line-height);\"><mark class=\"fusion-highlight light highlight1 awb-highlight-background rounded\" style=\"--awb-color:#d1d1d1;\"><strong>Econom\u00eda y Empresa<\/strong><\/mark><\/h2><\/div><div class=\"fusion-text fusion-text-2\" style=\"--awb-line-height:1.5em;\"><ul>\n<li><a class=\"title\" href=\"https:\/\/www.elsaltodiario.com\/sevilla\/mantecados-estepa-explotacion-laboral-sostiene-dulces-te-has-comido-navidad\" target=\"_blank\" rel=\"noopener\" data-artpy=\"0\" data-author=\"elsaltodiario\">Mantecados de Estepa: la explotaci\u00f3n laboral que sostiene los dulces que te has comido esta Navidad<\/a> @elsaltodiario<strong><br \/>\n<\/strong><\/li>\n<li><a class=\"title\" href=\"https:\/\/www.msn.com\/es-es\/noticias\/espana\/el-sae-licita-un-nuevo-concurso-para-reeditar-las-unidades-de-inserci%C3%B3n-para-mujeres-v%C3%ADctimas-de-violencia-de-g%C3%A9nero\/ar-AA1x2VFg?ocid=BingNewsVerp\" target=\"_blank\" rel=\"noopener\" data-artpy=\"0\" data-author=\"Europa Press on MSN\">El SAE licita un nuevo concurso para reeditar las unidades de inserci\u00f3n para mujeres v\u00edctimas de violencia de g\u00e9nero<\/a> @europapress<strong><br \/>\n<\/strong><\/li>\n<li><a class=\"title\" href=\"https:\/\/www.europapress.es\/esandalucia\/sevilla\/noticia-junta-cea-camaras-comercio-lanzan-programa-impulsar-pymes-mercado-unico-europeo-20250104125000.html\" target=\"_blank\" rel=\"noopener\" data-artpy=\"0\" data-author=\"Europa Press\">La Junta, la CEA y las c\u00e1maras de comercio lanzan un programa para impulsar a las pymes en el Mercado \u00danico Europeo<\/a> @europapress<\/li>\n<li><a class=\"title\" href=\"https:\/\/www.diariosur.es\/economia\/trabajo\/andalucia-derriba-mito-menor-tasa-absentismo-laboral-20250108130345-nt.html\" target=\"_blank\" rel=\"noopener\" data-artpy=\"0\" data-author=\"SUR\">Andaluc\u00eda derriba el mito: tiene la menor tasa de absentismo laboral de la Pen\u00ednsula<\/a> @sur<\/li>\n<\/ul>\n<\/div><div class=\"fusion-title title fusion-title-5 fusion-sep-none fusion-title-text fusion-title-size-two fusion-animated\" style=\"--awb-text-color:var(--awb-color7);--awb-margin-top-small:10px;--awb-margin-right-small:0px;--awb-margin-bottom-small:10px;--awb-margin-left-small:0px;--awb-sep-color:var(--awb-custom_color_1);--awb-font-size:24px;\" data-animationType=\"fadeIn\" data-animationDuration=\"0.3\" data-animationOffset=\"top-into-view\" id=\"a_actualidad\"><h2 class=\"fusion-title-heading title-heading-left fusion-responsive-typography-calculated\" style=\"margin:0;font-size:1em;--fontSize:24;line-height:var(--awb-typography1-line-height);\"><mark class=\"fusion-highlight light highlight1 awb-highlight-background rounded\" style=\"--awb-color:#d1d1d1;\"><strong>Actualidad<\/strong><\/mark><\/h2><\/div><div class=\"fusion-text fusion-text-3\" style=\"--awb-line-height:1.5em;\"><ul>\n<li><a class=\"title\" href=\"https:\/\/www.diariosur.es\/malaga-capital\/carmen-casasola-nueva-vocal-malaga-consejo-notarial-20241226002054-nt.html\" target=\"_blank\" rel=\"noopener\" data-artpy=\"0\" data-author=\"SUR\">Carmen Casasola, nueva vocal por M\u00e1laga en el Consejo Notarial de Andaluc\u00eda<\/a> @sur<strong><br \/>\n<\/strong><\/li>\n<li><a class=\"title\" href=\"https:\/\/www.msn.com\/es-es\/familia-y-relaciones\/control-parental\/mujer-y-familia-monoparental-sos-situaci%C3%B3n-de-riesgo-en-andaluc%C3%ADa\/ar-AA1wPIcV?ocid=BingNewsVerp\" target=\"_blank\" rel=\"noopener\" data-artpy=\"0\" data-author=\"MSN\">Mujer y familia monoparental: SOS, situaci\u00f3n de riesgo en Andaluc\u00eda<\/a> @larazon<\/li>\n<li><a class=\"title\" href=\"https:\/\/www.diariosur.es\/six\/andalucia-aprueba-nueva-herramienta-promover-igualdad-personas-20250103191615-nt.html\" target=\"_blank\" rel=\"noopener\" data-artpy=\"0\" data-author=\"SUR\">Andaluc\u00eda aprueba una nueva herramienta para promover la igualdad de las personas LGTBI<\/a> @sur<\/li>\n<li><a class=\"title\" href=\"https:\/\/www.europapress.es\/andalucia\/noticia-plataforma-andaluza-apoyo-lobby-europeo-mujeres-presenta-cordoba-agenda-2025-20250109182740.html\" target=\"_blank\" rel=\"noopener\" data-artpy=\"0\" data-author=\"Europa Press\">La Plataforma Andaluza de Apoyo Lobby Europeo de Mujeres presenta en C\u00f3rdoba su agenda 2025<\/a> @europapress<\/li>\n<li><a class=\"title\" href=\"https:\/\/www.msn.com\/es-es\/noticias\/espana\/m%C3%A1s-de-300-madres-acuden-al-materno-infantil-para-participar-en-la-investigaci%C3%B3n-del-c%C3%A1ncer-de-mama-posparto\/ar-BB1ra1Hk?ocid=BingNewsVerp\" target=\"_blank\" rel=\"noopener\" data-artpy=\"0\" data-author=\"Europa Press on MSN\">M\u00e1s de 300 madres acuden al Materno Infantil de Almer\u00eda para participar en la investigaci\u00f3n del c\u00e1ncer de mama posparto<\/a> @europapress<\/li>\n<li><a class=\"title\" href=\"https:\/\/elcorreoweb.es\/andalucia\/2025\/01\/08\/andalucia-reduccion-renta-minima-pobreza-113202381.html\" target=\"_blank\" rel=\"noopener\" data-artpy=\"0\" data-author=\"El correo de Andaluc\u00eda\">Solo siete de cada diez mil personas en riesgo de pobreza en Andaluc\u00eda reciben la Renta M\u00ednima de Inserci\u00f3n<\/a> @elcorreodeandalucia<\/li>\n<li><a class=\"title\" href=\"http:\/\/www.cibersur.com\/cibersur\/impe\/23556\" target=\"_blank\" rel=\"noopener\" data-artpy=\"0\" data-author=\"Cibersur\">Andaluc\u00eda, pionera en la creaci\u00f3n de una herramienta que eval\u00faa el conocimiento digital de las familias<\/a> @cibersur<\/li>\n<\/ul>\n<\/div><div class=\"fusion-title title fusion-title-6 fusion-sep-none fusion-title-text fusion-title-size-two fusion-animated\" style=\"--awb-text-color:var(--awb-color7);--awb-margin-top-small:10px;--awb-margin-right-small:0px;--awb-margin-bottom-small:10px;--awb-margin-left-small:0px;--awb-sep-color:var(--awb-custom_color_1);--awb-font-size:24px;\" data-animationType=\"fadeIn\" data-animationDuration=\"0.3\" data-animationOffset=\"top-into-view\" id=\"a_violencias\"><h2 class=\"fusion-title-heading title-heading-left fusion-responsive-typography-calculated\" style=\"margin:0;font-size:1em;--fontSize:24;line-height:var(--awb-typography1-line-height);\"><mark class=\"fusion-highlight light highlight1 awb-highlight-background rounded\" style=\"--awb-color:#d1d1d1;\"><strong>Violencias<\/strong><\/mark><\/h2><\/div><div class=\"fusion-text fusion-text-4\" style=\"--awb-line-height:1.5em;\"><ul>\n<li><a class=\"title\" href=\"https:\/\/elcorreoweb.es\/andalucia\/2025\/01\/08\/nueve-diez-mujeres-asesinadas-andalucia-113206771.html\" target=\"_blank\" rel=\"noopener\" data-artpy=\"0\" data-author=\"El correo de Andaluc\u00eda\">Nueve de las diez mujeres asesinadas en Andaluc\u00eda por violencia machista no denunciaron<\/a> @elcorreodeandalucia<strong><br \/>\n<\/strong><\/li>\n<li><a href=\"https:\/\/www.google.com\/url?rct=j&amp;sa=t&amp;url=https:\/\/www.europapress.es\/andalucia\/noticia-jueza-ve-convincente-relato-hijo-rivas-peligro-extremo-siente-padre-20250108104527.html&amp;ct=ga&amp;cd=CAEYASoUMTM2Mzc3NDQwNTk2OTE5MTEyMDIyGTFmYWEzNjRkM2QxMTIyMWI6ZXM6ZXM6RVM&amp;usg=AOvVaw3Wq9678KmZSU-0ya66ux0J\" target=\"_blank\" rel=\"noopener\" data-saferedirecturl=\"https:\/\/www.google.com\/url?q=https:\/\/www.google.com\/url?rct%3Dj%26sa%3Dt%26url%3Dhttps:\/\/www.europapress.es\/andalucia\/noticia-jueza-ve-convincente-relato-hijo-rivas-peligro-extremo-siente-padre-20250108104527.html%26ct%3Dga%26cd%3DCAEYASoUMTM2Mzc3NDQwNTk2OTE5MTEyMDIyGTFmYWEzNjRkM2QxMTIyMWI6ZXM6ZXM6RVM%26usg%3DAOvVaw3Wq9678KmZSU-0ya66ux0J&amp;source=gmail&amp;ust=1736528907886000&amp;usg=AOvVaw3BVhFcYiIb1XDUHt0NErwJ\">La jueza ve \u00abconvincente\u00bb el relato del hijo de Rivas sobre el \u00abpeligro extremo\u00bb que siente<\/a> &#8230; @Europa Press<\/li>\n<\/ul>\n<\/div><div class=\"fusion-title title fusion-title-7 fusion-sep-none fusion-title-text fusion-title-size-two fusion-animated\" style=\"--awb-text-color:var(--awb-color7);--awb-margin-top-small:10px;--awb-margin-right-small:0px;--awb-margin-bottom-small:10px;--awb-margin-left-small:0px;--awb-sep-color:var(--awb-custom_color_1);--awb-font-size:24px;\" data-animationType=\"fadeIn\" data-animationDuration=\"0.3\" data-animationOffset=\"top-into-view\" id=\"a_violencias\"><h2 class=\"fusion-title-heading title-heading-left fusion-responsive-typography-calculated\" style=\"margin:0;font-size:1em;--fontSize:24;line-height:var(--awb-typography1-line-height);\"><mark class=\"fusion-highlight light highlight1 awb-highlight-background rounded\" style=\"--awb-color:#d1d1d1;\"><strong> Ciencia y Cultura<\/strong> <\/mark><\/h2><\/div><div class=\"fusion-text fusion-text-5\" style=\"--awb-line-height:1.5em;\"><ul>\n<li><a title=\"El programa Emergia capta y estabiliza para la ciencia andaluza a 42 investigadores de prestigio\" href=\"https:\/\/www.juntadeandalucia.es\/presidencia\/portavoz\/educacion\/200452\/JuntadeAndalucia\/ConsejodeGobierno\">El programa Emergia capta y estabiliza para la ciencia andaluza a 42 investigadores de prestigio<\/a> @juntadeandalucia<\/li>\n<li><a class=\"title\" href=\"https:\/\/www.abc.es\/espana\/andalucia\/carmen-rondon-andalucia-045-alergologos-50000-habitantes-20250106071029-nts.html\" target=\"_blank\" rel=\"noopener\" data-artpy=\"0\" data-author=\"ABC\">Carmen Rond\u00f3n: \u00abEn Andaluc\u00eda hay 0&#8217;45 alerg\u00f3logos por cada 50.000 habitantes\u00bb<\/a> @abc<b><br \/>\n<\/b><\/li>\n<li><a class=\"title\" href=\"https:\/\/www.diariosur.es\/malaga\/susana-guerrero-filologa-reconocida-defensa-valores-feministas-20241217003412-nt.html\" target=\"_blank\" rel=\"noopener\" data-artpy=\"0\" data-author=\"SUR\">La catedr\u00e1tica de la UMA, Susana Guerrero reconocida por su defensa de los valores feministas<\/a> @sur<b><br \/>\n<\/b><\/li>\n<li><a class=\"title\" href=\"https:\/\/www.abc.es\/cultura\/musica\/maria-duenas-sentido-ningun-prejuicio-orquestas-mujer-20250103182345-nt.html\" target=\"_blank\" rel=\"noopener\" data-artpy=\"0\" data-author=\"ABC\">Mar\u00eda Due\u00f1as: \u00abNo he sentido ning\u00fan prejuicio en las orquestas por el hecho de ser mujer\u00bb<\/a> @abc<\/li>\n<li><a class=\"title\" href=\"https:\/\/www.lanocion.es\/malaga-capital\/20250108\/el-libro-cruces-de-culturas-reflexiona-sobr-356.html\" target=\"_blank\" rel=\"noopener\" data-artpy=\"0\" data-author=\"lanocion\">El libro \u201cCruces de culturas\u201d reflexiona sobre la historia del arte y las mujeres en la modernidad<\/a> @lanocion<\/li>\n<li><a class=\"title\" href=\"https:\/\/www.lavozdelsur.es\/actualidad\/sociedad\/muere-chunga-bailaora-descalza-cautivo-artistas-como-picasso-miro-dali_326585_102.html\" target=\"_blank\" rel=\"noopener\" data-artpy=\"0\" data-author=\"lavozdelsur\">Muere La Chunga, la bailaora descalza que cautiv\u00f3 a artistas como Picasso, Mir\u00f3 o Dal\u00ed<\/a> @lavozdelsur<\/li>\n<li><a class=\"title\" href=\"https:\/\/www.diariosur.es\/culturas\/maria-victoria-atencia-legado-memoria-patrimonio-malaga-20250103160006-nt.html\" target=\"_blank\" rel=\"noopener\" data-artpy=\"0\" data-author=\"SUR\">Mar\u00eda Victoria Atencia, un legado y una memoria que son ya patrimonio de M\u00e1laga<\/a> @sur<\/li>\n<li><a class=\"title\" href=\"https:\/\/www.canalsur.es\/television\/programas\/una-de-cine\/noticia\/2119622.html\" target=\"_blank\" rel=\"noopener\" data-artpy=\"0\" data-author=\"canalsur\">Isa S\u00e1nchez, una figura clave detr\u00e1s de la pel\u00edcula &#8216;Las chicas de la estaci\u00f3n&#8217;<\/a> @canalsur<\/li>\n<li><a class=\"title\" href=\"https:\/\/www.diariodesevilla.es\/ocio\/tierra-bendita-recorrido-flamenco-territorios_0_2003080361.html\" target=\"_blank\" rel=\"noopener\" data-artpy=\"0\" data-author=\"Diario de Sevilla\">&#8216;Tierra bendita&#8217;, un recorrido flamenco por los territorios de Andaluc\u00eda<\/a> @diariodesevilla<\/li>\n<li><a class=\"title\" href=\"https:\/\/www.ideal.es\/nacional\/caac-centro-creacion-contemporanea-acogeran-exposiciones-seis-20250109133511-vi.html\" target=\"_blank\" rel=\"noopener\" data-artpy=\"0\" data-author=\"ideal\">El CAAC y el Centro de Creaci\u00f3n Contempor\u00e1nea acoger\u00e1n 19 exposiciones, seis de andaluces<\/a> @ideal<\/li>\n<\/ul>\n<\/div><div class=\"fusion-title title fusion-title-8 fusion-sep-none fusion-title-text fusion-title-size-two fusion-animated\" style=\"--awb-text-color:var(--awb-color7);--awb-margin-top-small:10px;--awb-margin-right-small:0px;--awb-margin-bottom-small:10px;--awb-margin-left-small:0px;--awb-sep-color:var(--awb-custom_color_1);--awb-font-size:24px;\" data-animationType=\"fadeIn\" data-animationDuration=\"0.3\" data-animationOffset=\"top-into-view\" id=\"a_deporte\"><h2 class=\"fusion-title-heading title-heading-left fusion-responsive-typography-calculated\" style=\"margin:0;font-size:1em;--fontSize:24;line-height:var(--awb-typography1-line-height);\"><mark class=\"fusion-highlight light highlight1 awb-highlight-background rounded\" style=\"--awb-color:#d1d1d1;\"><strong> Deporte<\/strong> <\/mark><\/h2><\/div><div class=\"fusion-text fusion-text-6\" style=\"--awb-line-height:1.5em;\"><ul>\n<li><a class=\"title\" href=\"https:\/\/www.laopiniondemalaga.es\/deportes\/2025\/01\/08\/diez-malaguenas-cuelgan-oro-campeonato-espana-113214109.html\" target=\"_blank\" rel=\"noopener\" data-artpy=\"0\" data-author=\"Deportes\">Diez malague\u00f1as se cuelgan el oro en los Campeonatos de Espa\u00f1a de balonmano<\/a> @laopiniondemalaga<\/li>\n<\/ul>\n<\/div><\/div><\/div><\/div><\/div><div class=\"fusion-fullwidth fullwidth-box fusion-builder-row-4 fusion-flex-container has-pattern-background has-mask-background hundred-percent-fullwidth non-hundred-percent-height-scrolling\" style=\"--awb-border-radius-top-left:0px;--awb-border-radius-top-right:0px;--awb-border-radius-bottom-right:0px;--awb-border-radius-bottom-left:0px;--awb-padding-right-small:2%;--awb-padding-left-small:2%;--awb-flex-wrap:wrap;\" ><div class=\"fusion-builder-row fusion-row fusion-flex-align-items-flex-start fusion-flex-content-wrap\" style=\"width:104% !important;max-width:104% !important;margin-left: calc(-4% \/ 2 );margin-right: calc(-4% \/ 2 );\"><div class=\"fusion-layout-column fusion_builder_column fusion-builder-column-3 fusion_builder_column_1_1 1_1 fusion-flex-column\" style=\"--awb-padding-right:20px;--awb-padding-left:20px;--awb-padding-right-small:15px;--awb-padding-left-small:15px;--awb-overflow:hidden;--awb-bg-color:var(--awb-color1);--awb-bg-color-hover:var(--awb-color1);--awb-bg-size:cover;--awb-border-color:var(--awb-color3);--awb-border-top:2px;--awb-border-right:2px;--awb-border-bottom:2px;--awb-border-left:2px;--awb-border-style:solid;--awb-border-radius:15px 15px 15px 15px;--awb-width-large:100%;--awb-margin-top-large:0px;--awb-spacing-right-large:1.92%;--awb-margin-bottom-large:20px;--awb-spacing-left-large:1.92%;--awb-width-medium:100%;--awb-order-medium:0;--awb-spacing-right-medium:1.92%;--awb-spacing-left-medium:1.92%;--awb-width-small:100%;--awb-order-small:0;--awb-spacing-right-small:0px;--awb-spacing-left-small:0px;\" id=\"c_estado\" data-scroll-devices=\"small-visibility,medium-visibility,large-visibility\"><div class=\"fusion-column-wrapper fusion-column-has-shadow fusion-flex-justify-content-flex-start fusion-content-layout-column\"><div class=\"fusion-title title fusion-title-9 fusion-sep-none fusion-title-text fusion-title-size-one\" style=\"--awb-margin-top:20px;--awb-margin-top-small:10px;--awb-margin-right-small:0px;--awb-margin-bottom-small:10px;--awb-margin-left-small:0px;--awb-sep-color:var(--awb-custom_color_1);\" id=\"estado\"><h1 class=\"fusion-title-heading title-heading-left fusion-responsive-typography-calculated\" style=\"font-family:&quot;Raleway&quot;;font-style:normal;font-weight:400;margin:0;--fontSize:40;line-height:var(--awb-typography1-line-height);\"><mark class=\"fusion-highlight custom-textcolor highlight1 awb-highlight-background rounded\" style=\"--awb-text-color:#ffffff;\"><strong>Estado<\/strong><\/mark><\/h1><\/div><div class=\"fusion-title title fusion-title-10 fusion-sep-none fusion-title-text fusion-title-size-two fusion-animated\" style=\"--awb-text-color:var(--awb-color7);--awb-margin-top-small:10px;--awb-margin-right-small:0px;--awb-margin-bottom-small:10px;--awb-margin-left-small:0px;--awb-sep-color:var(--awb-custom_color_1);--awb-font-size:24px;\" data-animationType=\"fadeIn\" data-animationDuration=\"0.3\" data-animationOffset=\"top-into-view\" id=\"e_institucional\"><h2 class=\"fusion-title-heading title-heading-left fusion-responsive-typography-calculated\" style=\"margin:0;font-size:1em;--fontSize:24;line-height:var(--awb-typography1-line-height);\"><mark class=\"fusion-highlight light highlight1 awb-highlight-background rounded\" style=\"--awb-color:#d1d1d1;\"><strong> Institucional<\/strong>\u00a0<\/mark><\/h2><\/div><div class=\"fusion-text fusion-text-7\" style=\"--awb-line-height:1.5em;\"><ul>\n<li><a class=\"title\" href=\"https:\/\/www.msn.com\/es-es\/noticias\/espana\/judith-carreras-y-elena-pita-nuevas-directoras-del-instituto-para-la-transici%C3%B3n-justa-y-la-oficina-de-cambio-clim%C3%A1tico\/ar-AA1x6XEv?ocid=BingNewsVerp\" target=\"_blank\" rel=\"noopener\" data-artpy=\"0\" data-author=\"Europa Press on MSN\">Judith Carreras y Elena Pita, nuevas directoras del Instituto para la Transici\u00f3n Justa y la Oficina de Cambio Clim\u00e1tico<\/a> @europapress<\/li>\n<li><a class=\"title\" href=\"https:\/\/elpais.com\/videos\/2025-01-04\/cristina-hernandez-necesitamos-un-mayor-compromiso-de-los-hombres-contra-la-violencia-machista.html\" target=\"_blank\" rel=\"noopener\" data-artpy=\"0\" data-author=\"EL PA\u00cdS\">Cristina Hern\u00e1ndez, directora del Instituto de las Mujeres: \u201cNecesitamos un mayor compromiso de los hombres\u201d contra la violencia machista<\/a> @elpais<\/li>\n<li><a class=\"title\" href=\"https:\/\/cadenaser.com\/nacional\/2025\/01\/09\/el-gobierno-prepara-un-real-decreto-para-evitar-el-colapso-que-auguran-los-juzgados-de-violencia-de-genero-cadena-ser\/\" target=\"_blank\" rel=\"noopener\" data-artpy=\"0\" data-author=\"Cadena SER\">El Gobierno prepara un Real Decreto para evitar el colapso que auguran los juzgados de violencia de g\u00e9nero<\/a> @ser<\/li>\n<\/ul>\n<\/div><div class=\"fusion-title title fusion-title-11 fusion-sep-none fusion-title-text fusion-title-size-two fusion-animated\" style=\"--awb-text-color:var(--awb-color7);--awb-margin-top-small:10px;--awb-margin-right-small:0px;--awb-margin-bottom-small:10px;--awb-margin-left-small:0px;--awb-sep-color:var(--awb-custom_color_1);--awb-font-size:24px;\" data-animationType=\"fadeIn\" data-animationDuration=\"0.3\" data-animationOffset=\"top-into-view\" id=\"e_institucional_ccaa\"><h2 class=\"fusion-title-heading title-heading-left fusion-responsive-typography-calculated\" style=\"margin:0;font-size:1em;--fontSize:24;line-height:var(--awb-typography1-line-height);\"><mark class=\"fusion-highlight light highlight1 awb-highlight-background rounded\" style=\"--awb-color:#d1d1d1;\"><strong> Institucional &#8211; CCAA<\/strong>\u00a0<\/mark><\/h2><\/div><div class=\"fusion-text fusion-text-8\" style=\"--awb-line-height:1.5em;\"><ul>\n<li><a class=\"title\" href=\"https:\/\/www.lanzadigital.com\/provincia\/ciudad-real\/rosa-garcia-andujar-toma-posesion-como-nueva-consejera-del-instituto-de-estudios-manchegos\/\" target=\"_blank\" rel=\"noopener\" data-artpy=\"0\" data-author=\"Lanza Digital\">Rosa Garc\u00eda And\u00fajar toma posesi\u00f3n como nueva consejera del Instituto de Estudios Manchegos<\/a> @lanzadigital<\/li>\n<li><a class=\"title\" href=\"https:\/\/www.msn.com\/es-es\/noticias\/espana\/emakunde-condena-el-asesinato-de-una-mujer-en-barakaldo-y-llama-a-frenar-el-machismo\/ar-AA1wXHvS?ocid=BingNewsVerp\" target=\"_blank\" rel=\"noopener\" data-artpy=\"0\" data-author=\"eldiario.es on MSN\">Emakunde condena el asesinato de una mujer en Barakaldo y llama a \u201cfrenar el machismo\u201d<\/a> @eldiario<\/li>\n<li><a class=\"title\" href=\"https:\/\/www.diariodenavarra.es\/noticias\/navarra\/2025\/01\/08\/brecha-esperanza-vida-hombres-mujeres-acorta-navarra-634081-300.html\" target=\"_blank\" rel=\"noopener\" data-artpy=\"0\" data-author=\"blogs.diariodenavarra.es\">La brecha en la esperanza de vida entre hombres y mujeres se acorta en Navarra<\/a> @blogdiarionavarra<\/li>\n<li><a class=\"title\" href=\"https:\/\/elmirondesoria.es\/cyl\/junta-de-castilla-y-leon\/las-mujeres-estan-en-el-centro-de-las-politicas-de-intervencion-de-la-junta-en-paises-empobrecidos\" target=\"_blank\" rel=\"noopener\" data-artpy=\"0\" data-author=\"Noticias de Soria\">Las mujeres est\u00e1n en el centro de las pol\u00edticas de intervenci\u00f3n de la Junta en pa\u00edses empobrecidos<\/a> @noticiasdesoria<\/li>\n<\/ul>\n<\/div><div class=\"fusion-title title fusion-title-12 fusion-sep-none fusion-title-text fusion-title-size-two fusion-animated\" style=\"--awb-text-color:var(--awb-color7);--awb-margin-top-small:10px;--awb-margin-right-small:0px;--awb-margin-bottom-small:10px;--awb-margin-left-small:0px;--awb-sep-color:var(--awb-custom_color_1);--awb-font-size:24px;\" data-animationType=\"fadeIn\" data-animationDuration=\"0.3\" data-animationOffset=\"top-into-view\" id=\"e_economia_empresa\"><h2 class=\"fusion-title-heading title-heading-left fusion-responsive-typography-calculated\" style=\"margin:0;font-size:1em;--fontSize:24;line-height:var(--awb-typography1-line-height);\"><mark class=\"fusion-highlight light highlight1 awb-highlight-background rounded\" style=\"--awb-color:#d1d1d1;\"><strong>Econom\u00eda y Empresa<\/strong><\/mark><\/h2><\/div><div class=\"fusion-text fusion-text-9\" style=\"--awb-line-height:1.5em;\"><ul>\n<li><a class=\"title\" href=\"https:\/\/www.msn.com\/es-es\/dinero\/formacion-empleo\/mujer-agro-s%C3%B3lo-el-23-de-las-explotaciones-agrarias-tienen-nombre-femenino\/ar-BB1r9sdv?ocid=BingNewsVerp\" target=\"_blank\" rel=\"noopener\" data-artpy=\"0\" data-author=\"elEconomista.es on MSN\">Mujer agro: s\u00f3lo el 23% de las explotaciones agrarias tienen nombre femenino<\/a> @eleconomista<\/li>\n<li><a class=\"title\" href=\"https:\/\/www.msn.com\/es-es\/dinero\/formacion-empleo\/ccoo-reclama-un-plan-espec%C3%ADfico-para-mujeres-para-conseguir-empleo-y-extender-medidas-de-conciliaci%C3%B3n\/ar-BB1r9QLp?ocid=BingNewsVerp\" target=\"_blank\" rel=\"noopener\" data-artpy=\"0\" data-author=\"Europa Press on MSN\">CCOO reclama un plan espec\u00edfico para mujeres para conseguir empleo y extender medidas de conciliaci\u00f3n<\/a> @europapress<\/li>\n<li><a class=\"title\" href=\"https:\/\/www.europapress.es\/epsocial\/responsables\/noticia-expertos-rsc-ven-2025-ano-crucial-hacer-empresa-distinta-mas-humana-social-20250107130358.html\" target=\"_blank\" rel=\"noopener\" data-artpy=\"0\" data-author=\"Europa Press\">Expertos en RSC ven 2025 como \u00aba\u00f1o crucial\u00bb para hacer una empresa \u00abdistinta, m\u00e1s humana y social\u00bb<\/a> @europapress<\/li>\n<li><a class=\"title\" href=\"https:\/\/www.vinetur.com\/2025010783897\/mujeres-del-vino-transformando-el-panorama-vitivinicola.html\" target=\"_blank\" rel=\"noopener\" data-artpy=\"0\" data-author=\"Vinetur\">Mujeres del Vino: Transformando el panorama vitivin\u00edcola<\/a> @vinetur<\/li>\n<li><a class=\"title\" href=\"https:\/\/www.marca.com\/tiramillas\/actualidad\/economia\/2025\/01\/10\/6780f0b9ca474167438b457f.html\" target=\"_blank\" rel=\"noopener\" data-artpy=\"0\" data-author=\"MARCA\">Una nueva ley obligar\u00e1 a las empresas a hacer p\u00fablico el sueldo de todos los trabajadores<\/a> @marca<\/li>\n<\/ul>\n<\/div><div class=\"fusion-title title fusion-title-13 fusion-sep-none fusion-title-text fusion-title-size-two fusion-animated\" style=\"--awb-text-color:var(--awb-color7);--awb-margin-top-small:10px;--awb-margin-right-small:0px;--awb-margin-bottom-small:10px;--awb-margin-left-small:0px;--awb-sep-color:var(--awb-custom_color_1);--awb-font-size:24px;\" data-animationType=\"fadeIn\" data-animationDuration=\"0.3\" data-animationOffset=\"top-into-view\" id=\"e_actualidad\"><h2 class=\"fusion-title-heading title-heading-left fusion-responsive-typography-calculated\" style=\"margin:0;font-size:1em;--fontSize:24;line-height:var(--awb-typography1-line-height);\"><mark class=\"fusion-highlight light highlight1 awb-highlight-background rounded\" style=\"--awb-color:#d1d1d1;\"><strong>Actualidad<\/strong><\/mark><\/h2><\/div><div class=\"fusion-text fusion-text-10\" style=\"--awb-line-height:1.5em;\"><ul>\n<li><a class=\"title\" href=\"https:\/\/www.europapress.es\/turismo\/nacional\/noticia-turismo-regenerativo-auge-mujeres-viajeras-solitario-tendencias-definiran-viajes-2025-20250107105210.html\" target=\"_blank\" rel=\"noopener\" data-artpy=\"0\" data-author=\"Europa Press\">El turismo regenerativo y el auge de las mujeres viajeras en solitario, tendencias que definir\u00e1n los viajes en 2025<\/a> @europapress<\/li>\n<li><a class=\"title\" href=\"https:\/\/cadenaser.com\/aragon\/2025\/01\/05\/el-punto-critico-de-natalia-salvo-los-retos-para-el-feminismo-son-muchos-y-urgentes-radio-zaragoza\/\" target=\"_blank\" rel=\"noopener\" data-artpy=\"0\" data-author=\"Cadena SER\">El Punto Cr\u00edtico, de Natalia Salvo: \u00abLos retos para el feminismo son muchos y urgentes\u00bb<\/a> @ser<\/li>\n<li><a class=\"title\" href=\"https:\/\/www.elespanol.com\/ciencia\/salud\/20250109\/gripe-entra-fase-epidemica-espana-incidencia-crece-semanas-ccaa-recuperan-mascarilla\/914908975_0.html\" target=\"_blank\" rel=\"noopener\" data-artpy=\"0\" data-author=\"ESPA\u00d1OL\">La gripe entra en fase epid\u00e9mica en Espa\u00f1a: la incidencia crece un 72% en dos semanas y las CCAA recuperan la mascarilla<\/a> @europapress<\/li>\n<li><a class=\"title\" href=\"https:\/\/www.europapress.es\/epsocial\/igualdad\/noticia-fakali-prepara-acto-institucional-sevilla-rutas-exposiciones-seis-siglos-presencia-gitana-espana-20250110141051.html\" target=\"_blank\" rel=\"noopener\" data-artpy=\"0\" data-author=\"Europa Press\">FAKALI prepara un acto institucional en Sevilla, rutas y exposiciones por los seis siglos de presencia gitana en Espa\u00f1a<\/a> @europapress<\/li>\n<\/ul>\n<\/div><div class=\"fusion-title title fusion-title-14 fusion-sep-none fusion-title-text fusion-title-size-two fusion-animated\" style=\"--awb-text-color:var(--awb-color7);--awb-margin-top-small:10px;--awb-margin-right-small:0px;--awb-margin-bottom-small:10px;--awb-margin-left-small:0px;--awb-sep-color:var(--awb-custom_color_1);--awb-font-size:24px;\" data-animationType=\"fadeIn\" data-animationDuration=\"0.3\" data-animationOffset=\"top-into-view\" id=\"e_violencias\"><h2 class=\"fusion-title-heading title-heading-left fusion-responsive-typography-calculated\" style=\"margin:0;font-size:1em;--fontSize:24;line-height:var(--awb-typography1-line-height);\"><mark class=\"fusion-highlight light highlight1 awb-highlight-background rounded\" style=\"--awb-color:#d1d1d1;\"><strong>Violencias<\/strong><\/mark><\/h2><\/div><div class=\"fusion-text fusion-text-11\" style=\"--awb-line-height:1.5em;\"><ul>\n<li><a class=\"title\" href=\"https:\/\/www.laopiniondemurcia.es\/nacional\/2025\/01\/09\/jueces-instruccion-pasaran-asumir-competencias-violencia-mujer-113238289.html\" target=\"_blank\" rel=\"noopener\" data-artpy=\"0\" data-author=\"La Opini\u00f3n de Murcia\">Jueces de instrucci\u00f3n pasar\u00e1n a asumir competencias sobre violencia contra la mujer<\/a> @laopiniondemurcia<\/li>\n<li><a class=\"title\" href=\"https:\/\/www.lamarea.com\/2025\/01\/03\/igualdad-abierto-grueso-centros-violencia-sexual\/\" target=\"_blank\" rel=\"noopener\" data-artpy=\"0\" data-author=\"La Marea\">Igualdad admite que s\u00f3lo est\u00e1 abierto \u201cel grueso\u201d de los centros 24 horas y rechaza proporcionar el listado de los 53 anunciados<\/a> @lamarea<\/li>\n<\/ul>\n<\/div><div class=\"fusion-title title fusion-title-15 fusion-sep-none fusion-title-text fusion-title-size-two fusion-animated\" style=\"--awb-text-color:var(--awb-color7);--awb-margin-top-small:10px;--awb-margin-right-small:0px;--awb-margin-bottom-small:10px;--awb-margin-left-small:0px;--awb-sep-color:var(--awb-custom_color_1);--awb-font-size:24px;\" data-animationType=\"fadeIn\" data-animationDuration=\"0.3\" data-animationOffset=\"top-into-view\" id=\"e_violencias\"><h2 class=\"fusion-title-heading title-heading-left fusion-responsive-typography-calculated\" style=\"margin:0;font-size:1em;--fontSize:24;line-height:var(--awb-typography1-line-height);\"><mark class=\"fusion-highlight light highlight1 awb-highlight-background rounded\" style=\"--awb-color:#d1d1d1;\"><strong> Ciencia y Cultura<\/strong> <\/mark><\/h2><\/div><div class=\"fusion-text fusion-text-12\" style=\"--awb-line-height:1.5em;\"><ul>\n<li><a class=\"title\" href=\"https:\/\/cadenaser.com\/murcia\/2025\/01\/08\/carmen-conde-una-mujer-todavia-muy-viva-en-cartagena-y-en-la-literatura-espanola-radio-cartagena\/\" target=\"_blank\" rel=\"noopener\" data-artpy=\"0\" data-author=\"Cadena SER\">Carmen Conde, una mujer todav\u00eda \u00abmuy viva\u00bb en Cartagena y en la literatura espa\u00f1ola<\/a> @ser<\/li>\n<li><a class=\"title\" href=\"https:\/\/www.msn.com\/es-es\/noticias\/other\/pocos-personajes-femeninos-y-sexualizados-la-investigaci%C3%B3n-que-muestra-el-machismo-de-la-novela-espa%C3%B1ola\/ar-AA1wYqKa?ocid=BingNewsVerp\" target=\"_blank\" rel=\"noopener\" data-artpy=\"0\" data-author=\"eldiario.es on MSN\">Pocos personajes femeninos y sexualizados, la investigaci\u00f3n que muestra el machismo de la novela espa\u00f1ola<\/a> @eldiario<\/li>\n<li><a class=\"title\" href=\"https:\/\/www.farodevigo.es\/cultura\/2025\/01\/03\/guerreras-cazadoras-libro-infantil-desmontar-113097423.html\" target=\"_blank\" rel=\"noopener\" data-artpy=\"0\" data-author=\"Faro de Vigo\">Guerreras y cazadoras: un libro infantil para desmontar los clich\u00e9s sobre las mujeres en la Prehistoria<\/a> @farodevigo<\/li>\n<li><a class=\"title\" href=\"https:\/\/www.rtve.es\/noticias\/20250104\/exposiciones-vienen-2025-maruja-mallo-a-joana-vasconcelos\/16393707.shtml\" target=\"_blank\" rel=\"noopener\" data-artpy=\"0\" data-author=\"RTVE\">Las exposiciones que vienen en 2025, de Maruja Mallo a Joana Vasconcelos<\/a> @rtve<\/li>\n<li><a class=\"title\" href=\"https:\/\/www.elespanol.com\/mujer\/protagonistas\/20250107\/tiziana-dominguez-directora-creativa-artista-construccion-feminidad-requiere-esfuerzo-masculinidad\/913658749_0.html\" target=\"_blank\" rel=\"noopener\" data-artpy=\"0\" data-author=\"ESPA\u00d1OL\">Tiziana Dom\u00ednguez, de directora creativa a artista: \u00abLa construcci\u00f3n de la feminidad requiere m\u00e1s esfuerzo que la masculinidad\u00bb<\/a> @elespa\u00f1ol<\/li>\n<\/ul>\n<\/div><div class=\"fusion-title title fusion-title-16 fusion-sep-none fusion-title-text fusion-title-size-two fusion-animated\" style=\"--awb-text-color:var(--awb-color7);--awb-margin-top-small:10px;--awb-margin-right-small:0px;--awb-margin-bottom-small:10px;--awb-margin-left-small:0px;--awb-sep-color:var(--awb-custom_color_1);--awb-font-size:24px;\" data-animationType=\"fadeIn\" data-animationDuration=\"0.3\" data-animationOffset=\"top-into-view\" id=\"e_deporte\"><h2 class=\"fusion-title-heading title-heading-left fusion-responsive-typography-calculated\" style=\"margin:0;font-size:1em;--fontSize:24;line-height:var(--awb-typography1-line-height);\"><mark class=\"fusion-highlight light highlight1 awb-highlight-background rounded\" style=\"--awb-color:#d1d1d1;\"><strong> Deporte<\/strong> <\/mark><\/h2><\/div><div class=\"fusion-text fusion-text-13\" style=\"--awb-line-height:1.5em;\"><ul>\n<li><a class=\"title\" href=\"https:\/\/cadenaser.com\/euskadi\/2025\/01\/07\/el-deporte-femenino-en-estados-unidos-esta-mejor-valorado-para-2-remeras-tenemos-un-equipo-de-60-personas-radio-irun\/\" target=\"_blank\" rel=\"noopener\" data-artpy=\"0\" data-author=\"Cadena SER\">\u00abEl deporte femenino en Estados Unidos est\u00e1 mejor valorado, para 2 remeras tenemos un equipo de 60 personas\u00bb<\/a> @ser<\/li>\n<li><a class=\"title\" href=\"https:\/\/www.msn.com\/es-es\/deportes\/general\/paula-leit%C3%B3n-nadie-me-ha-criticado-como-waterpolista-s%C3%AD-lo-han-hecho-por-mi-f%C3%ADsico\/ar-BB1r81R1?ocid=BingNewsVerp\" target=\"_blank\" rel=\"noopener\" data-artpy=\"0\" data-author=\"Vanitatis on MSN\">Paula Leit\u00f3n: \u00abNadie me ha criticado como waterpolista. S\u00ed lo han hecho por mi f\u00edsico\u00bb<\/a> @vanitatis<\/li>\n<li><a class=\"title\" href=\"https:\/\/www.estadiodeportivo.com\/tenis\/paula-badosa-necesita-cambio-drastico-20250109-477590.html\" target=\"_blank\" rel=\"noopener\" data-artpy=\"0\" data-author=\"Estadio deportivo\">Paula Badosa necesita un cambio dr\u00e1stico<\/a> @estadiodeportivo<\/li>\n<\/ul>\n<\/div><\/div><\/div><\/div><\/div><div class=\"fusion-fullwidth fullwidth-box fusion-builder-row-5 fusion-flex-container has-pattern-background has-mask-background hundred-percent-fullwidth non-hundred-percent-height-scrolling\" style=\"--awb-border-radius-top-left:0px;--awb-border-radius-top-right:0px;--awb-border-radius-bottom-right:0px;--awb-border-radius-bottom-left:0px;--awb-padding-right-small:2%;--awb-padding-left-small:2%;--awb-flex-wrap:wrap;\" ><div class=\"fusion-builder-row fusion-row fusion-flex-align-items-flex-start fusion-flex-content-wrap\" style=\"width:104% !important;max-width:104% !important;margin-left: calc(-4% \/ 2 );margin-right: calc(-4% \/ 2 );\"><div class=\"fusion-layout-column fusion_builder_column fusion-builder-column-4 fusion_builder_column_1_1 1_1 fusion-flex-column\" style=\"--awb-padding-right:20px;--awb-padding-left:20px;--awb-padding-right-small:15px;--awb-padding-left-small:15px;--awb-overflow:hidden;--awb-bg-color:var(--awb-color1);--awb-bg-color-hover:var(--awb-color1);--awb-bg-size:cover;--awb-border-color:var(--awb-color3);--awb-border-top:2px;--awb-border-right:2px;--awb-border-bottom:2px;--awb-border-left:2px;--awb-border-style:solid;--awb-border-radius:15px 15px 15px 15px;--awb-width-large:100%;--awb-margin-top-large:0px;--awb-spacing-right-large:1.92%;--awb-margin-bottom-large:20px;--awb-spacing-left-large:1.92%;--awb-width-medium:100%;--awb-order-medium:0;--awb-spacing-right-medium:1.92%;--awb-spacing-left-medium:1.92%;--awb-width-small:100%;--awb-order-small:0;--awb-spacing-right-small:0px;--awb-spacing-left-small:0px;\" id=\"c_internacional\" data-scroll-devices=\"small-visibility,medium-visibility,large-visibility\"><div class=\"fusion-column-wrapper fusion-column-has-shadow fusion-flex-justify-content-flex-start fusion-content-layout-column\"><div class=\"fusion-title title fusion-title-17 fusion-sep-none fusion-title-text fusion-title-size-one\" style=\"--awb-margin-top:20px;--awb-margin-top-small:10px;--awb-margin-right-small:0px;--awb-margin-bottom-small:10px;--awb-margin-left-small:0px;--awb-sep-color:var(--awb-custom_color_1);\" id=\"internacional\"><h1 class=\"fusion-title-heading title-heading-left fusion-responsive-typography-calculated\" style=\"font-family:&quot;Raleway&quot;;font-style:normal;font-weight:400;margin:0;--fontSize:40;line-height:var(--awb-typography1-line-height);\"><mark class=\"fusion-highlight custom-textcolor highlight1 awb-highlight-background rounded\" style=\"--awb-color:#0098d9;--awb-text-color:#ffffff;\"><strong>UE &amp; Internacional<\/strong><\/mark><\/h1><\/div><div class=\"fusion-text fusion-text-14\" style=\"--awb-line-height:1.5em;\"><ul>\n<li><a class=\"title\" href=\"https:\/\/www.navarrainformacion.es\/2025\/01\/07\/europa-aplica-normativa-para-que-la-mujer-ocupe-un-40-de-puestos-directivo-en-las-empresas\/\" target=\"_blank\" rel=\"noopener\" data-artpy=\"0\" data-author=\"NAVARRA INFORMACI\u00d3N\">Europa aplica normativa para que la mujer ocupe un 40% de puestos directivo en las empresas<\/a> @navarrainformacion<\/li>\n<li><a class=\"title\" href=\"https:\/\/www.msn.com\/es-mx\/noticias\/mexico\/sheinbaum-reafirma-apoyo-a-las-mujeres-con-nuevas-pensiones-y-programas-sociales\/ar-AA1x3TBO?ocid=BingNewsVerp\" target=\"_blank\" rel=\"noopener\" data-artpy=\"0\" data-author=\"LaVerdadNoticias on MSN\">Sheinbaum reafirma apoyo a las mujeres con nuevas pensiones y programas sociales<\/a> @laverdad<\/li>\n<li><a class=\"title\" href=\"https:\/\/www.lmneuquen.com\/mundo\/estas-son-las-10-mujeres-mas-poderosas-del-mundo-2024-segun-forbes-n1163973\" target=\"_blank\" rel=\"noopener\" data-artpy=\"0\" data-author=\"LMNeuquen\">Estas son las 10 mujeres m\u00e1s poderosas del mundo en 2024, seg\u00fan Forbes<\/a> @LMNeuquen<\/li>\n<li><a class=\"title\" href=\"https:\/\/www.msn.com\/es-mx\/noticias\/mundo\/estos-pa%C3%ADses-celebrar%C3%A1n-elecciones-en-2025-am%C3%A9rica-y-europa-se-preparan-para-definir-su-futuro-pol%C3%ADtico\/ar-AA1x8ze5?ocid=BingNewsVerp\" target=\"_blank\" rel=\"noopener\" data-artpy=\"0\" data-author=\"El Universal Online on MSN\">Estos pa\u00edses celebrar\u00e1n elecciones en 2025; Am\u00e9rica y Europa se preparan para definir su futuro pol\u00edtico<\/a> @eluniversal<\/li>\n<li><a class=\"title\" href=\"https:\/\/www.msn.com\/es-es\/pol%C3%ADtica\/general\/rafia-zakaria-el-problema-del-feminismo-blanco-es-creer-que-la-cultura-occidental-es-la-m%C3%A1s-adecuada-para-la-igualdad\/ar-AA1x44GA?ocid=BingNewsVerp\" target=\"_blank\" rel=\"noopener\" data-artpy=\"0\" data-author=\"eldiario.es on MSN\">Rafia Zakaria: \u201cEl problema del feminismo blanco es creer que la cultura occidental es la m\u00e1s adecuada para la igualdad\u201d<\/a> @eldiario<\/li>\n<li><a class=\"title\" href=\"https:\/\/historia.nationalgeographic.com.es\/a\/leonardo-da-vinci-esplendor-renacimiento_22880\" target=\"_blank\" rel=\"noopener\" data-artpy=\"0\" data-author=\"historia.nationalgeographic\">Leonardo da Vinci y el arte de retratar a las mujeres del Renacimiento<\/a> @nationalgeographic<\/li>\n<li><a class=\"title\" href=\"https:\/\/www.diariolibre.com\/revista\/musica\/2025\/01\/08\/kirsys-kingsley-el-trabajo-de-las-mujeres-transforma-la-musica\/2961797\" target=\"_blank\" rel=\"noopener\" data-artpy=\"0\" data-author=\"Diario Libre\">Kirsys Kingsley: \u00abEl trabajo de las mujeres fortalece el futuro de la industria\u00bb<\/a> @diariolibre<\/li>\n<\/ul>\n<\/div><\/div><\/div><\/div><\/div><\/p>\n","protected":false},"excerpt":{"rendered":"<p>Europa aplica normativa para que la mujer ocupe un 40% de puestos directivo en las empresas  *  Jueces de instrucci\u00f3n pasar\u00e1n a asumir competencias sobre violencia contra la mujer  *  Estudio concluye que la comunicaci\u00f3n es crucial para visibilizar la vulnerabilidad humana y promover la inclusi\u00f3n<\/p>\n","protected":false},"author":3,"featured_media":23882,"comment_status":"closed","ping_status":"closed","sticky":false,"template":"","format":"standard","meta":{"footnotes":""},"categories":[298,654],"tags":[80,341],"class_list":["post-22125","post","type-post","status-publish","format-standard","has-post-thumbnail","hentry","category-newsletter","category-nwl-v-4-0","tag-igualdad-de-genero","tag-mujer-y-cultura"],"yoast_head":"<!-- This site is optimized with the Yoast SEO plugin v27.5 - https:\/\/yoast.com\/product\/yoast-seo-wordpress\/ -->\n<title>Noticias Info CKL n\u00ba 2908-10\/01\/25-Comunicar con perspectiva de g\u00e9nero<\/title>\n<meta name=\"description\" content=\"Noticias Info CKL #2908-10\/01\/2025\" \/>\n<meta name=\"robots\" content=\"index, follow, max-snippet:-1, max-image-preview:large, max-video-preview:-1\" \/>\n<link rel=\"canonical\" href=\"https:\/\/cklcomunicaciones.es\/coop\/noticias-info-ckl-no-2908-10-01-25\/\" \/>\n<meta property=\"og:locale\" content=\"es_ES\" \/>\n<meta property=\"og:type\" content=\"article\" \/>\n<meta property=\"og:title\" content=\"Noticias Info CKL n\u00ba 2908-10\/01\/25-Comunicar con perspectiva de g\u00e9nero\" \/>\n<meta property=\"og:description\" content=\"Noticias Info CKL #2908-10\/01\/2025\" \/>\n<meta property=\"og:url\" content=\"https:\/\/cklcomunicaciones.es\/coop\/noticias-info-ckl-no-2908-10-01-25\/\" \/>\n<meta property=\"og:site_name\" content=\"CKL Comunicaciones\" \/>\n<meta property=\"article:published_time\" content=\"2025-01-10T13:58:57+00:00\" \/>\n<meta property=\"article:modified_time\" content=\"2025-02-07T08:58:22+00:00\" \/>\n<meta property=\"og:image\" content=\"https:\/\/cklcomunicaciones.es\/coop\/wp-content\/uploads\/2025\/01\/CKL-una-mirada-distinta-de-la-comunicacion.jpg\" \/>\n\t<meta property=\"og:image:width\" content=\"1482\" \/>\n\t<meta property=\"og:image:height\" content=\"775\" \/>\n\t<meta property=\"og:image:type\" content=\"image\/jpeg\" \/>\n<meta name=\"author\" content=\"ckl\" \/>\n<meta name=\"twitter:card\" content=\"summary_large_image\" \/>\n<meta name=\"twitter:label1\" content=\"Escrito por\" \/>\n\t<meta name=\"twitter:data1\" content=\"ckl\" \/>\n\t<meta name=\"twitter:label2\" content=\"Tiempo de lectura\" \/>\n\t<meta name=\"twitter:data2\" content=\"6 minutos\" \/>\n<script type=\"application\/ld+json\" class=\"yoast-schema-graph\">{\"@context\":\"https:\\\/\\\/schema.org\",\"@graph\":[{\"@type\":\"Article\",\"@id\":\"https:\\\/\\\/cklcomunicaciones.es\\\/coop\\\/noticias-info-ckl-no-2908-10-01-25\\\/#article\",\"isPartOf\":{\"@id\":\"https:\\\/\\\/cklcomunicaciones.es\\\/coop\\\/noticias-info-ckl-no-2908-10-01-25\\\/\"},\"author\":{\"name\":\"ckl\",\"@id\":\"https:\\\/\\\/cklcomunicaciones.es\\\/coop\\\/#\\\/schema\\\/person\\\/929a6837f7626450bbb50cee1aef266e\"},\"headline\":\"Noticias Info CKL #2908-10\\\/01\\\/2025\",\"datePublished\":\"2025-01-10T13:58:57+00:00\",\"dateModified\":\"2025-02-07T08:58:22+00:00\",\"mainEntityOfPage\":{\"@id\":\"https:\\\/\\\/cklcomunicaciones.es\\\/coop\\\/noticias-info-ckl-no-2908-10-01-25\\\/\"},\"wordCount\":6840,\"image\":{\"@id\":\"https:\\\/\\\/cklcomunicaciones.es\\\/coop\\\/noticias-info-ckl-no-2908-10-01-25\\\/#primaryimage\"},\"thumbnailUrl\":\"https:\\\/\\\/cklcomunicaciones.es\\\/coop\\\/wp-content\\\/uploads\\\/CKL-una-mirada-distinta-de-la-comunicacion.webp\",\"keywords\":[\"Igualdad de g\u00e9nero\",\"mujer y cultura\"],\"articleSection\":[\"Newsletter\",\"Nwl v.4.0\"],\"inLanguage\":\"es\"},{\"@type\":\"WebPage\",\"@id\":\"https:\\\/\\\/cklcomunicaciones.es\\\/coop\\\/noticias-info-ckl-no-2908-10-01-25\\\/\",\"url\":\"https:\\\/\\\/cklcomunicaciones.es\\\/coop\\\/noticias-info-ckl-no-2908-10-01-25\\\/\",\"name\":\"Noticias Info CKL n\u00ba 2908-10\\\/01\\\/25-Comunicar con perspectiva de g\u00e9nero\",\"isPartOf\":{\"@id\":\"https:\\\/\\\/cklcomunicaciones.es\\\/coop\\\/#website\"},\"primaryImageOfPage\":{\"@id\":\"https:\\\/\\\/cklcomunicaciones.es\\\/coop\\\/noticias-info-ckl-no-2908-10-01-25\\\/#primaryimage\"},\"image\":{\"@id\":\"https:\\\/\\\/cklcomunicaciones.es\\\/coop\\\/noticias-info-ckl-no-2908-10-01-25\\\/#primaryimage\"},\"thumbnailUrl\":\"https:\\\/\\\/cklcomunicaciones.es\\\/coop\\\/wp-content\\\/uploads\\\/CKL-una-mirada-distinta-de-la-comunicacion.webp\",\"datePublished\":\"2025-01-10T13:58:57+00:00\",\"dateModified\":\"2025-02-07T08:58:22+00:00\",\"author\":{\"@id\":\"https:\\\/\\\/cklcomunicaciones.es\\\/coop\\\/#\\\/schema\\\/person\\\/929a6837f7626450bbb50cee1aef266e\"},\"description\":\"Noticias Info CKL #2908-10\\\/01\\\/2025\",\"breadcrumb\":{\"@id\":\"https:\\\/\\\/cklcomunicaciones.es\\\/coop\\\/noticias-info-ckl-no-2908-10-01-25\\\/#breadcrumb\"},\"inLanguage\":\"es\",\"potentialAction\":[{\"@type\":\"ReadAction\",\"target\":[\"https:\\\/\\\/cklcomunicaciones.es\\\/coop\\\/noticias-info-ckl-no-2908-10-01-25\\\/\"]}]},{\"@type\":\"ImageObject\",\"inLanguage\":\"es\",\"@id\":\"https:\\\/\\\/cklcomunicaciones.es\\\/coop\\\/noticias-info-ckl-no-2908-10-01-25\\\/#primaryimage\",\"url\":\"https:\\\/\\\/cklcomunicaciones.es\\\/coop\\\/wp-content\\\/uploads\\\/CKL-una-mirada-distinta-de-la-comunicacion.webp\",\"contentUrl\":\"https:\\\/\\\/cklcomunicaciones.es\\\/coop\\\/wp-content\\\/uploads\\\/CKL-una-mirada-distinta-de-la-comunicacion.webp\",\"width\":1482,\"height\":775,\"caption\":\"CKL - una mirada distinta de la comunicaci\u00f3n\"},{\"@type\":\"BreadcrumbList\",\"@id\":\"https:\\\/\\\/cklcomunicaciones.es\\\/coop\\\/noticias-info-ckl-no-2908-10-01-25\\\/#breadcrumb\",\"itemListElement\":[{\"@type\":\"ListItem\",\"position\":1,\"name\":\"Portada\",\"item\":\"https:\\\/\\\/cklcomunicaciones.es\\\/coop\\\/\"},{\"@type\":\"ListItem\",\"position\":2,\"name\":\"Noticias Info CKL #2908-10\\\/01\\\/2025\"}]},{\"@type\":\"WebSite\",\"@id\":\"https:\\\/\\\/cklcomunicaciones.es\\\/coop\\\/#website\",\"url\":\"https:\\\/\\\/cklcomunicaciones.es\\\/coop\\\/\",\"name\":\"CKL Comunicaciones\",\"description\":\"Sitio web de CKL Comunicaciones coop , la consultora de comunicaci\u00f3n y estrategia\",\"potentialAction\":[{\"@type\":\"SearchAction\",\"target\":{\"@type\":\"EntryPoint\",\"urlTemplate\":\"https:\\\/\\\/cklcomunicaciones.es\\\/coop\\\/?s={search_term_string}\"},\"query-input\":{\"@type\":\"PropertyValueSpecification\",\"valueRequired\":true,\"valueName\":\"search_term_string\"}}],\"inLanguage\":\"es\"},{\"@type\":\"Person\",\"@id\":\"https:\\\/\\\/cklcomunicaciones.es\\\/coop\\\/#\\\/schema\\\/person\\\/929a6837f7626450bbb50cee1aef266e\",\"name\":\"ckl\",\"image\":{\"@type\":\"ImageObject\",\"inLanguage\":\"es\",\"@id\":\"https:\\\/\\\/secure.gravatar.com\\\/avatar\\\/c82db564e8a669bf6023357a157b9dc4780f4d4c618f2ad1d71a6a5dede45057?s=96&d=mm&r=g\",\"url\":\"https:\\\/\\\/secure.gravatar.com\\\/avatar\\\/c82db564e8a669bf6023357a157b9dc4780f4d4c618f2ad1d71a6a5dede45057?s=96&d=mm&r=g\",\"contentUrl\":\"https:\\\/\\\/secure.gravatar.com\\\/avatar\\\/c82db564e8a669bf6023357a157b9dc4780f4d4c618f2ad1d71a6a5dede45057?s=96&d=mm&r=g\",\"caption\":\"ckl\"},\"url\":\"https:\\\/\\\/cklcomunicaciones.es\\\/coop\\\/author\\\/cklcomunicaciones\\\/\"}]}<\/script>\n<!-- \/ Yoast SEO plugin. -->","yoast_head_json":{"title":"Noticias Info CKL n\u00ba 2908-10\/01\/25-Comunicar con perspectiva de g\u00e9nero","description":"Noticias Info CKL #2908-10\/01\/2025","robots":{"index":"index","follow":"follow","max-snippet":"max-snippet:-1","max-image-preview":"max-image-preview:large","max-video-preview":"max-video-preview:-1"},"canonical":"https:\/\/cklcomunicaciones.es\/coop\/noticias-info-ckl-no-2908-10-01-25\/","og_locale":"es_ES","og_type":"article","og_title":"Noticias Info CKL n\u00ba 2908-10\/01\/25-Comunicar con perspectiva de g\u00e9nero","og_description":"Noticias Info CKL #2908-10\/01\/2025","og_url":"https:\/\/cklcomunicaciones.es\/coop\/noticias-info-ckl-no-2908-10-01-25\/","og_site_name":"CKL Comunicaciones","article_published_time":"2025-01-10T13:58:57+00:00","article_modified_time":"2025-02-07T08:58:22+00:00","og_image":[{"width":1482,"height":775,"url":"https:\/\/cklcomunicaciones.es\/coop\/wp-content\/uploads\/2025\/01\/CKL-una-mirada-distinta-de-la-comunicacion.jpg","type":"image\/jpeg"}],"author":"ckl","twitter_card":"summary_large_image","twitter_misc":{"Escrito por":"ckl","Tiempo de lectura":"6 minutos"},"schema":{"@context":"https:\/\/schema.org","@graph":[{"@type":"Article","@id":"https:\/\/cklcomunicaciones.es\/coop\/noticias-info-ckl-no-2908-10-01-25\/#article","isPartOf":{"@id":"https:\/\/cklcomunicaciones.es\/coop\/noticias-info-ckl-no-2908-10-01-25\/"},"author":{"name":"ckl","@id":"https:\/\/cklcomunicaciones.es\/coop\/#\/schema\/person\/929a6837f7626450bbb50cee1aef266e"},"headline":"Noticias Info CKL #2908-10\/01\/2025","datePublished":"2025-01-10T13:58:57+00:00","dateModified":"2025-02-07T08:58:22+00:00","mainEntityOfPage":{"@id":"https:\/\/cklcomunicaciones.es\/coop\/noticias-info-ckl-no-2908-10-01-25\/"},"wordCount":6840,"image":{"@id":"https:\/\/cklcomunicaciones.es\/coop\/noticias-info-ckl-no-2908-10-01-25\/#primaryimage"},"thumbnailUrl":"https:\/\/cklcomunicaciones.es\/coop\/wp-content\/uploads\/CKL-una-mirada-distinta-de-la-comunicacion.webp","keywords":["Igualdad de g\u00e9nero","mujer y cultura"],"articleSection":["Newsletter","Nwl v.4.0"],"inLanguage":"es"},{"@type":"WebPage","@id":"https:\/\/cklcomunicaciones.es\/coop\/noticias-info-ckl-no-2908-10-01-25\/","url":"https:\/\/cklcomunicaciones.es\/coop\/noticias-info-ckl-no-2908-10-01-25\/","name":"Noticias Info CKL n\u00ba 2908-10\/01\/25-Comunicar con perspectiva de g\u00e9nero","isPartOf":{"@id":"https:\/\/cklcomunicaciones.es\/coop\/#website"},"primaryImageOfPage":{"@id":"https:\/\/cklcomunicaciones.es\/coop\/noticias-info-ckl-no-2908-10-01-25\/#primaryimage"},"image":{"@id":"https:\/\/cklcomunicaciones.es\/coop\/noticias-info-ckl-no-2908-10-01-25\/#primaryimage"},"thumbnailUrl":"https:\/\/cklcomunicaciones.es\/coop\/wp-content\/uploads\/CKL-una-mirada-distinta-de-la-comunicacion.webp","datePublished":"2025-01-10T13:58:57+00:00","dateModified":"2025-02-07T08:58:22+00:00","author":{"@id":"https:\/\/cklcomunicaciones.es\/coop\/#\/schema\/person\/929a6837f7626450bbb50cee1aef266e"},"description":"Noticias Info CKL #2908-10\/01\/2025","breadcrumb":{"@id":"https:\/\/cklcomunicaciones.es\/coop\/noticias-info-ckl-no-2908-10-01-25\/#breadcrumb"},"inLanguage":"es","potentialAction":[{"@type":"ReadAction","target":["https:\/\/cklcomunicaciones.es\/coop\/noticias-info-ckl-no-2908-10-01-25\/"]}]},{"@type":"ImageObject","inLanguage":"es","@id":"https:\/\/cklcomunicaciones.es\/coop\/noticias-info-ckl-no-2908-10-01-25\/#primaryimage","url":"https:\/\/cklcomunicaciones.es\/coop\/wp-content\/uploads\/CKL-una-mirada-distinta-de-la-comunicacion.webp","contentUrl":"https:\/\/cklcomunicaciones.es\/coop\/wp-content\/uploads\/CKL-una-mirada-distinta-de-la-comunicacion.webp","width":1482,"height":775,"caption":"CKL - una mirada distinta de la comunicaci\u00f3n"},{"@type":"BreadcrumbList","@id":"https:\/\/cklcomunicaciones.es\/coop\/noticias-info-ckl-no-2908-10-01-25\/#breadcrumb","itemListElement":[{"@type":"ListItem","position":1,"name":"Portada","item":"https:\/\/cklcomunicaciones.es\/coop\/"},{"@type":"ListItem","position":2,"name":"Noticias Info CKL #2908-10\/01\/2025"}]},{"@type":"WebSite","@id":"https:\/\/cklcomunicaciones.es\/coop\/#website","url":"https:\/\/cklcomunicaciones.es\/coop\/","name":"CKL Comunicaciones","description":"Sitio web de CKL Comunicaciones coop , la consultora de comunicaci\u00f3n y estrategia","potentialAction":[{"@type":"SearchAction","target":{"@type":"EntryPoint","urlTemplate":"https:\/\/cklcomunicaciones.es\/coop\/?s={search_term_string}"},"query-input":{"@type":"PropertyValueSpecification","valueRequired":true,"valueName":"search_term_string"}}],"inLanguage":"es"},{"@type":"Person","@id":"https:\/\/cklcomunicaciones.es\/coop\/#\/schema\/person\/929a6837f7626450bbb50cee1aef266e","name":"ckl","image":{"@type":"ImageObject","inLanguage":"es","@id":"https:\/\/secure.gravatar.com\/avatar\/c82db564e8a669bf6023357a157b9dc4780f4d4c618f2ad1d71a6a5dede45057?s=96&d=mm&r=g","url":"https:\/\/secure.gravatar.com\/avatar\/c82db564e8a669bf6023357a157b9dc4780f4d4c618f2ad1d71a6a5dede45057?s=96&d=mm&r=g","contentUrl":"https:\/\/secure.gravatar.com\/avatar\/c82db564e8a669bf6023357a157b9dc4780f4d4c618f2ad1d71a6a5dede45057?s=96&d=mm&r=g","caption":"ckl"},"url":"https:\/\/cklcomunicaciones.es\/coop\/author\/cklcomunicaciones\/"}]}},"_links":{"self":[{"href":"https:\/\/cklcomunicaciones.es\/coop\/wp-json\/wp\/v2\/posts\/22125","targetHints":{"allow":["GET"]}}],"collection":[{"href":"https:\/\/cklcomunicaciones.es\/coop\/wp-json\/wp\/v2\/posts"}],"about":[{"href":"https:\/\/cklcomunicaciones.es\/coop\/wp-json\/wp\/v2\/types\/post"}],"author":[{"embeddable":true,"href":"https:\/\/cklcomunicaciones.es\/coop\/wp-json\/wp\/v2\/users\/3"}],"replies":[{"embeddable":true,"href":"https:\/\/cklcomunicaciones.es\/coop\/wp-json\/wp\/v2\/comments?post=22125"}],"version-history":[{"count":0,"href":"https:\/\/cklcomunicaciones.es\/coop\/wp-json\/wp\/v2\/posts\/22125\/revisions"}],"wp:featuredmedia":[{"embeddable":true,"href":"https:\/\/cklcomunicaciones.es\/coop\/wp-json\/wp\/v2\/media\/23882"}],"wp:attachment":[{"href":"https:\/\/cklcomunicaciones.es\/coop\/wp-json\/wp\/v2\/media?parent=22125"}],"wp:term":[{"taxonomy":"category","embeddable":true,"href":"https:\/\/cklcomunicaciones.es\/coop\/wp-json\/wp\/v2\/categories?post=22125"},{"taxonomy":"post_tag","embeddable":true,"href":"https:\/\/cklcomunicaciones.es\/coop\/wp-json\/wp\/v2\/tags?post=22125"}],"curies":[{"name":"wp","href":"https:\/\/api.w.org\/{rel}","templated":true}]}}