{"id":22123,"date":"2024-12-05T18:05:13","date_gmt":"2024-12-05T17:05:13","guid":{"rendered":"https:\/\/www.cklcomunicaciones.es\/?p=21431"},"modified":"2025-02-07T12:11:18","modified_gmt":"2025-02-07T11:11:18","slug":"noticias-info-ckl-no-2905-05-12-24","status":"publish","type":"post","link":"https:\/\/cklcomunicaciones.es\/coop\/noticias-info-ckl-no-2905-05-12-24\/","title":{"rendered":"Noticias Info CKL #2905 &#8211; 05\/12\/2024"},"content":{"rendered":"<p><div class=\"fusion-fullwidth fullwidth-box fusion-builder-row-1 fusion-flex-container has-pattern-background has-mask-background nonhundred-percent-fullwidth non-hundred-percent-height-scrolling\" style=\"--awb-border-radius-top-left:0px;--awb-border-radius-top-right:0px;--awb-border-radius-bottom-right:0px;--awb-border-radius-bottom-left:0px;--awb-flex-wrap:wrap;\" ><div class=\"fusion-builder-row fusion-row fusion-flex-align-items-flex-start fusion-flex-content-wrap\" style=\"max-width:1248px;margin-left: calc(-4% \/ 2 );margin-right: calc(-4% \/ 2 );\"><div class=\"fusion-layout-column fusion_builder_column fusion-builder-column-0 fusion_builder_column_1_1 1_1 fusion-flex-column\" style=\"--awb-bg-size:cover;--awb-width-large:100%;--awb-margin-top-large:0px;--awb-spacing-right-large:1.92%;--awb-margin-bottom-large:20px;--awb-spacing-left-large:1.92%;--awb-width-medium:100%;--awb-order-medium:0;--awb-spacing-right-medium:1.92%;--awb-spacing-left-medium:1.92%;--awb-width-small:100%;--awb-order-small:0;--awb-spacing-right-small:1.92%;--awb-spacing-left-small:1.92%;\"><div class=\"fusion-column-wrapper fusion-column-has-shadow fusion-flex-justify-content-flex-start fusion-content-layout-column\"><div class=\"fusion-title title fusion-title-1 fusion-sep-none fusion-title-text fusion-title-size-paragraph\" style=\"--awb-margin-top:20px;--awb-margin-top-small:10px;--awb-margin-right-small:0px;--awb-margin-bottom-small:10px;--awb-margin-left-small:0px;--awb-sep-color:var(--awb-custom_color_1);--awb-font-size:20px;\"><p class=\"fusion-title-heading title-heading-left title-heading-tag fusion-responsive-typography-calculated\" style=\"font-family:&quot;Raleway&quot;;font-style:normal;font-weight:400;margin:0;font-size:1em;--fontSize:20;--minFontSize:20;line-height:var(--awb-typography4-line-height);\"><a class=\"fusion-one-page-text-link\" href=\"#convocatorias\"><mark class=\"fusion-highlight custom-textcolor highlight1 awb-highlight-background rounded\" style=\"--awb-text-color:#ffffff;\"><strong>Convocatorias<\/strong><\/mark><\/a> <a class=\"fusion-one-page-text-link\" href=\"#comunicacion\"><mark class=\"fusion-highlight custom-textcolor highlight1 awb-highlight-background rounded\" style=\"--awb-color:#db9600;--awb-text-color:#ffffff;\"><strong>Comunicaci\u00f3n, Publicidad y TICs<\/strong><\/mark><\/a> <a class=\"fusion-one-page-text-link\" href=\"#andalucia\"><mark class=\"fusion-highlight custom-textcolor highlight1 awb-highlight-background rounded\" style=\"--awb-color:#4cb700;--awb-text-color:#ffffff;\"><strong>Andaluc\u00eda<\/strong><\/mark><\/a> <a class=\"fusion-one-page-text-link\" href=\"#estado\"><mark class=\"fusion-highlight custom-textcolor highlight1 awb-highlight-background rounded\" style=\"--awb-text-color:#ffffff;\"><strong>Estado<\/strong><\/mark><\/a> <a class=\"fusion-one-page-text-link\" href=\"#internacional\"><mark class=\"fusion-highlight custom-textcolor highlight1 awb-highlight-background rounded\" style=\"--awb-color:#0098d9;--awb-text-color:#ffffff;\"><strong>UE &amp; Internacional<\/strong><\/mark><\/a><\/p><\/div><\/div><\/div><\/div><\/div><div class=\"fusion-fullwidth fullwidth-box fusion-builder-row-2 fusion-flex-container has-pattern-background has-mask-background hundred-percent-fullwidth non-hundred-percent-height-scrolling\" style=\"--awb-border-radius-top-left:0px;--awb-border-radius-top-right:0px;--awb-border-radius-bottom-right:0px;--awb-border-radius-bottom-left:0px;--awb-padding-right-small:2%;--awb-padding-left-small:2%;--awb-flex-wrap:wrap;\" ><div class=\"fusion-builder-row fusion-row fusion-flex-align-items-flex-start fusion-flex-content-wrap\" style=\"width:104% !important;max-width:104% !important;margin-left: calc(-4% \/ 2 );margin-right: calc(-4% \/ 2 );\"><div class=\"fusion-layout-column fusion_builder_column fusion-builder-column-1 fusion_builder_column_1_1 1_1 fusion-flex-column\" style=\"--awb-padding-right:20px;--awb-padding-left:20px;--awb-padding-right-small:15px;--awb-padding-left-small:15px;--awb-overflow:hidden;--awb-bg-color:var(--awb-color1);--awb-bg-color-hover:var(--awb-color1);--awb-bg-size:cover;--awb-border-color:var(--awb-color3);--awb-border-top:2px;--awb-border-right:2px;--awb-border-bottom:2px;--awb-border-left:2px;--awb-border-style:solid;--awb-border-radius:15px 15px 15px 15px;--awb-width-large:100%;--awb-margin-top-large:0px;--awb-spacing-right-large:1.92%;--awb-margin-bottom-large:20px;--awb-spacing-left-large:1.92%;--awb-width-medium:100%;--awb-order-medium:0;--awb-spacing-right-medium:1.92%;--awb-spacing-left-medium:1.92%;--awb-width-small:100%;--awb-order-small:0;--awb-spacing-right-small:0px;--awb-spacing-left-small:0px;\" id=\"c_convocatorias\" data-scroll-devices=\"small-visibility,medium-visibility,large-visibility\"><div class=\"fusion-column-wrapper fusion-column-has-shadow fusion-flex-justify-content-flex-start fusion-content-layout-column\"><div class=\"fusion-title title fusion-title-2 fusion-sep-none fusion-title-text fusion-title-size-one\" style=\"--awb-margin-top:20px;--awb-margin-top-small:10px;--awb-margin-right-small:0px;--awb-margin-bottom-small:10px;--awb-margin-left-small:0px;--awb-sep-color:var(--awb-custom_color_1);\" id=\"convocatorias\"><h1 class=\"fusion-title-heading title-heading-left fusion-responsive-typography-calculated\" style=\"font-family:&quot;Raleway&quot;;font-style:normal;font-weight:400;margin:0;--fontSize:40;line-height:var(--awb-typography1-line-height);\"><mark class=\"fusion-highlight custom-textcolor highlight1 awb-highlight-background rounded\" style=\"--awb-text-color:#ffffff;\"><strong>Convocatorias<\/strong><\/mark><\/h1><\/div><div class=\"fusion-text fusion-text-1\" style=\"--awb-line-height:1.5em;--awb-margin-left:10px;\"><ul>\n<li>Convocatoria\u00a0VI\u00a0Premios\u00a0Tourism\u00a0Women:\u00a0Categor\u00edas Destino y Experiencia. Mujeres para el Di\u00e1logo y la Educaci\u00f3n (MDE).\u00a0Plazo\u00a0hasta el 10 de enero de 2025.\u00a0<a href=\"https:\/\/actividades.acblnk.com\/url\/ver\/721284378\/2960985\/bd1a79354b8f3ace4b62664e9b140989\" target=\"_blank\" rel=\"noopener\" data-saferedirecturl=\"https:\/\/www.google.com\/url?q=https:\/\/actividades.acblnk.com\/url\/ver\/721284378\/2960985\/bd1a79354b8f3ace4b62664e9b140989&amp;source=gmail&amp;ust=1733416769447000&amp;usg=AOvVaw2G9554RY7ppzklvf4os5CR\">Bases de la convocatoria<\/a>.<\/li>\n<li><a href=\"https:\/\/www.easp.ws\/familias24cb\" target=\"_blank\" rel=\"noopener\" data-saferedirecturl=\"https:\/\/www.google.com\/url?q=https:\/\/www.easp.ws\/familias24cb&amp;source=gmail&amp;ust=1733416769447000&amp;usg=AOvVaw0faL3VP-Pa71051DhiErXe\">Certamen Buenas Pr\u00e1cticas en Cuidados y Corresponsabilidad en el \u00e1mbito de la Infancia, la Adolescencia y la Juventud en Andaluc\u00eda<\/a>.\u00a0Consejer\u00eda de Salud y Consumo.\u00a0Plazo hasta el 10\u00a0de\u00a0diciembre de 2024.\u00a0<a href=\"https:\/\/www.ventanafamilias.es\/wp-content\/uploads\/Bases_Certamen_BBPP_CorresponsabilidadCuidados2024.pdf\" target=\"_blank\" rel=\"noopener\" data-saferedirecturl=\"https:\/\/www.google.com\/url?q=https:\/\/www.ventanafamilias.es\/wp-content\/uploads\/Bases_Certamen_BBPP_CorresponsabilidadCuidados2024.pdf&amp;source=gmail&amp;ust=1733416769447000&amp;usg=AOvVaw2pqP8Jcq2eY68k2Aakk7N5\">Bases de la convocatoria<\/a>.\u00a0<a href=\"https:\/\/web.easp.es\/bbp\/va\/inscripcion\" target=\"_blank\" rel=\"noopener\" data-saferedirecturl=\"https:\/\/www.google.com\/url?q=https:\/\/web.easp.es\/bbp\/va\/inscripcion&amp;source=gmail&amp;ust=1733416769447000&amp;usg=AOvVaw3vHbhgqqD-Nj407DSbFyvn\">Inscripciones<\/a>.<\/li>\n<li><a href=\"http:\/\/www.juntadeandalucia.es\/iam\/catalogo\/doc\/convocatorias\/2024-genero\/EL-jornada-ley-violencia.jpg\" target=\"_blank\" rel=\"noopener prettyPhoto&#091;21431&#093;\" data-saferedirecturl=\"https:\/\/www.google.com\/url?q=http:\/\/www.juntadeandalucia.es\/iam\/catalogo\/doc\/convocatorias\/2024-genero\/EL-jornada-ley-violencia.jpg&amp;source=gmail&amp;ust=1733416769447000&amp;usg=AOvVaw0-8cxP1CMSp6OHCgHySTlW\">Jornada \u201cLey Org\u00e1nica 1\/2004, de 28 de diciembre, de Medidas de Protecci\u00f3n Integral contra la Violencia de G\u00e9nero. Logros y propuestas para avanzar\u201d<\/a>. Seminario Hermanas Mirabal. 10 de Diciembre de 2024,\u00a0a las 10.00 horas.<\/li>\n<li><a href=\"http:\/\/www.juntadeandalucia.es\/iam\/catalogo\/doc\/convocatorias\/2024-genero\/EL-jornada-emprendimiento.pdf\" target=\"_blank\" rel=\"noopener\" data-saferedirecturl=\"https:\/\/www.google.com\/url?q=http:\/\/www.juntadeandalucia.es\/iam\/catalogo\/doc\/convocatorias\/2024-genero\/EL-jornada-emprendimiento.pdf&amp;source=gmail&amp;ust=1733416769447000&amp;usg=AOvVaw37q8s614DkcqpWbECVQM-s\">Jornada \u201cEmprendimiento con Perspectiva de G\u00e9nero 2024&#8243;<\/a>. Universidad Pablo de Olavide.\u00a012\u00a0de\u00a0diciembre,\u00a0a las 11.30\u00a0horas.\u00a0Opci\u00f3n modalidad virtual.\u00a0<a href=\"https:\/\/encuestas.juntadeandalucia.es\/index.php\/263321?lang=es\" target=\"_blank\" rel=\"noopener\" data-saferedirecturl=\"https:\/\/www.google.com\/url?q=https:\/\/encuestas.juntadeandalucia.es\/index.php\/263321?lang%3Des&amp;source=gmail&amp;ust=1733416769447000&amp;usg=AOvVaw3QVMQd5CfYTnd1vawtDudR\">Inscripciones<\/a>.<\/li>\n<\/ul>\n<\/div><\/div><\/div><\/div><\/div><div class=\"fusion-fullwidth fullwidth-box fusion-builder-row-3 fusion-flex-container has-pattern-background has-mask-background hundred-percent-fullwidth non-hundred-percent-height-scrolling\" style=\"--awb-border-radius-top-left:0px;--awb-border-radius-top-right:0px;--awb-border-radius-bottom-right:0px;--awb-border-radius-bottom-left:0px;--awb-padding-right-small:2%;--awb-padding-left-small:2%;--awb-flex-wrap:wrap;\" ><div class=\"fusion-builder-row fusion-row fusion-flex-align-items-flex-start fusion-flex-content-wrap\" style=\"width:104% !important;max-width:104% !important;margin-left: calc(-4% \/ 2 );margin-right: calc(-4% \/ 2 );\"><div class=\"fusion-layout-column fusion_builder_column fusion-builder-column-2 fusion_builder_column_1_1 1_1 fusion-flex-column\" style=\"--awb-padding-right:20px;--awb-padding-left:20px;--awb-padding-right-small:15px;--awb-padding-left-small:15px;--awb-overflow:hidden;--awb-bg-color:var(--awb-color1);--awb-bg-color-hover:var(--awb-color1);--awb-bg-size:cover;--awb-border-color:var(--awb-color3);--awb-border-top:2px;--awb-border-right:2px;--awb-border-bottom:2px;--awb-border-left:2px;--awb-border-style:solid;--awb-border-radius:15px 15px 15px 15px;--awb-width-large:100%;--awb-margin-top-large:0px;--awb-spacing-right-large:1.92%;--awb-margin-bottom-large:20px;--awb-spacing-left-large:1.92%;--awb-width-medium:100%;--awb-order-medium:0;--awb-spacing-right-medium:1.92%;--awb-spacing-left-medium:1.92%;--awb-width-small:100%;--awb-order-small:0;--awb-spacing-right-small:0px;--awb-spacing-left-small:0px;\" id=\"comunicacion_tics\" data-scroll-devices=\"small-visibility,medium-visibility,large-visibility\"><div class=\"fusion-column-wrapper fusion-column-has-shadow fusion-flex-justify-content-flex-start fusion-content-layout-column\"><div class=\"fusion-title title fusion-title-3 fusion-sep-none fusion-title-text fusion-title-size-one\" style=\"--awb-margin-top:20px;--awb-margin-top-small:10px;--awb-margin-right-small:0px;--awb-margin-bottom-small:10px;--awb-margin-left-small:0px;--awb-sep-color:var(--awb-custom_color_1);\" id=\"comunicacion\"><h1 class=\"fusion-title-heading title-heading-left fusion-responsive-typography-calculated\" style=\"font-family:&quot;Raleway&quot;;font-style:normal;font-weight:400;margin:0;--fontSize:40;line-height:var(--awb-typography1-line-height);\"><mark class=\"fusion-highlight custom-textcolor highlight1 awb-highlight-background rounded\" style=\"--awb-color:#db9600;--awb-text-color:#ffffff;\"><strong>Comunicaci\u00f3n, Publicidad y TICs<\/strong><\/mark><\/h1><\/div><div class=\"fusion-text fusion-text-2\" style=\"--awb-line-height:1.5em;--awb-margin-left:10px;\"><ul>\n<li><a class=\"title\" href=\"https:\/\/www.msn.com\/es-es\/noticias\/espana\/lucrecia-hevia-directora-de-eldiarioes-andaluc%C3%ADa-premio-plaza-de-espa%C3%B1a-por-su-defensa-y-difusi%C3%B3n-de-los-valores-democr%C3%A1ticos\/ar-AA1vkFG5?ocid=BingNewsVerp\" target=\"_blank\" rel=\"noopener\" data-artpy=\"0\" data-author=\"eldiario.es on MSN\" data-bm=\"61\">Lucrecia Hevia, directora de elDiario.es Andaluc\u00eda, premio Plaza de Espa\u00f1a por su defensa y difusi\u00f3n de los valores democr\u00e1ticos<\/a> @eldiario<\/li>\n<li><a class=\"title\" title=\"El lema \u2018Sin periodismo, no hay democracia\u2019 marca el \u00faltimo encuentro iberoamericano de prensa, dedicado a la mujer periodista en Huelva\" href=\"https:\/\/www.huelvainformacion.es\/huelva\/lema-periodismo-no-hay-democracia_0_2002926889.html\" target=\"_blank\" rel=\"noopener\" data-artpy=\"0\" data-author=\"Huelva Informaci\u00f3n\">El lema \u2018Sin periodismo, no hay democracia\u2019 marca el \u00faltimo encuentro iberoamericano de prensa, dedicado a la mujer periodista<\/a> @huelvainformacion<\/li>\n<li><a class=\"title\" href=\"https:\/\/www.huelvainformacion.es\/huelva\/papel-mujer-periodismo-debate-miercoles_0_2002923839.html\" target=\"_blank\" rel=\"noopener\" data-artpy=\"0\" data-author=\"Huelva Informaci\u00f3n\">El papel de la mujer en el periodismo, a debate este mi\u00e9rcoles en el Centro de la Comunicaci\u00f3n Jes\u00fas Hermida de Huelva<\/a> @huelvainformacion<\/li>\n<li><a class=\"title\" href=\"https:\/\/cadenaser.com\/emisora\/2018\/11\/15\/radio_cordoba\/1542268739_009308.html\" target=\"_blank\" rel=\"noopener\" data-artpy=\"0\" data-author=\"Cadena SER\">El periodismo social tiene nombre de mujer @<\/a>cadenaser<\/li>\n<li><a class=\"title\" href=\"https:\/\/www.europapress.es\/epsocial\/igualdad\/noticia-cermi-mujeres-acerca-arte-mujeres-discapacidad-premios-fotografia-generosidad-2024-20241202162600.html\" target=\"_blank\" rel=\"noopener\" data-artpy=\"0\" data-author=\"Europa Press\">CERMI Mujeres acerca el arte a las mujeres con discapacidad con los &#8216;Premios de Fotograf\u00eda Generosidad 2024&#8217;<\/a> @europapress<\/li>\n<li><a href=\"https:\/\/www.google.com\/url?rct=j&amp;sa=t&amp;url=https:\/\/www.101tvsevilla.es\/esta-navidad-juguetes-no-sexistas\/&amp;ct=ga&amp;cd=CAEYAioTMjQyMTI2ODcwMzAxODI1NzQ3MDIbOWFiMWNkZDdlMzY2ZWYzODplczplczpFUzpS&amp;usg=AOvVaw0s_Z765lprDkPgnEztjGmg\" target=\"_blank\" rel=\"noopener\" data-saferedirecturl=\"https:\/\/www.google.com\/url?q=https:\/\/www.google.com\/url?rct%3Dj%26sa%3Dt%26url%3Dhttps:\/\/www.101tvsevilla.es\/esta-navidad-juguetes-no-sexistas\/%26ct%3Dga%26cd%3DCAEYAioTMjQyMTI2ODcwMzAxODI1NzQ3MDIbOWFiMWNkZDdlMzY2ZWYzODplczplczpFUzpS%26usg%3DAOvVaw0s_Z765lprDkPgnEztjGmg&amp;source=gmail&amp;ust=1733416610965000&amp;usg=AOvVaw3nRYz-BF3JgQgmdFOZ0TfB\">Esta Navidad, juguetes no sexistas @\u00a0<\/a><a>101tv Sevilla<br \/>\n<\/a><\/li>\n<li><a class=\"title\" href=\"https:\/\/www.infobae.com\/espana\/agencias\/2024\/12\/02\/el-70-de-los-mensajes-de-odio-atacan-a-politicos-mujeres-inmigrantes-y-comunidad-lgtbi\/\" target=\"_blank\" rel=\"noopener\" data-artpy=\"0\" data-author=\"Infobae\">El 70% de los mensajes de odio atacan a pol\u00edticos, mujeres, inmigrantes y comunidad LGTBI+<\/a> @infobae<\/li>\n<\/ul>\n<\/div><\/div><\/div><\/div><\/div><div class=\"fusion-fullwidth fullwidth-box fusion-builder-row-4 fusion-flex-container has-pattern-background has-mask-background hundred-percent-fullwidth non-hundred-percent-height-scrolling\" style=\"--awb-border-radius-top-left:0px;--awb-border-radius-top-right:0px;--awb-border-radius-bottom-right:0px;--awb-border-radius-bottom-left:0px;--awb-padding-right-small:2%;--awb-padding-left-small:2%;--awb-flex-wrap:wrap;\" id=\"and\" ><div class=\"fusion-builder-row fusion-row fusion-flex-align-items-flex-start fusion-flex-content-wrap\" style=\"width:104% !important;max-width:104% !important;margin-left: calc(-4% \/ 2 );margin-right: calc(-4% \/ 2 );\"><div class=\"fusion-layout-column fusion_builder_column fusion-builder-column-3 fusion_builder_column_1_1 1_1 fusion-flex-column\" style=\"--awb-padding-right:20px;--awb-padding-left:20px;--awb-padding-right-small:15px;--awb-padding-left-small:15px;--awb-overflow:hidden;--awb-bg-color:var(--awb-color1);--awb-bg-color-hover:var(--awb-color1);--awb-bg-size:cover;--awb-border-color:var(--awb-color3);--awb-border-top:2px;--awb-border-right:2px;--awb-border-bottom:2px;--awb-border-left:2px;--awb-border-style:solid;--awb-border-radius:15px 15px 15px 15px;--awb-width-large:100%;--awb-margin-top-large:0px;--awb-spacing-right-large:1.92%;--awb-margin-bottom-large:20px;--awb-spacing-left-large:1.92%;--awb-width-medium:100%;--awb-order-medium:0;--awb-spacing-right-medium:1.92%;--awb-spacing-left-medium:1.92%;--awb-width-small:100%;--awb-order-small:0;--awb-spacing-right-small:0px;--awb-spacing-left-small:0px;\" id=\"c_andalucia\" data-scroll-devices=\"small-visibility,medium-visibility,large-visibility\"><div class=\"fusion-column-wrapper fusion-column-has-shadow fusion-flex-justify-content-flex-start fusion-content-layout-column\"><div class=\"fusion-title title fusion-title-4 fusion-sep-none fusion-title-text fusion-title-size-one\" style=\"--awb-margin-top:20px;--awb-margin-top-small:10px;--awb-margin-right-small:0px;--awb-margin-bottom-small:10px;--awb-margin-left-small:0px;--awb-sep-color:var(--awb-custom_color_1);\" id=\"andalucia\"><h1 class=\"fusion-title-heading title-heading-left fusion-responsive-typography-calculated\" style=\"font-family:&quot;Raleway&quot;;font-style:normal;font-weight:400;margin:0;--fontSize:40;line-height:var(--awb-typography1-line-height);\"><mark class=\"fusion-highlight custom-textcolor highlight1 awb-highlight-background rounded\" style=\"--awb-color:#4cb700;--awb-text-color:#ffffff;\"><strong>Andaluc\u00eda<\/strong><\/mark><\/h1><\/div><div class=\"fusion-title title fusion-title-5 fusion-sep-none fusion-title-text fusion-title-size-two fusion-animated\" style=\"--awb-text-color:var(--awb-color7);--awb-margin-top-small:10px;--awb-margin-right-small:0px;--awb-margin-bottom-small:10px;--awb-margin-left-small:0px;--awb-sep-color:var(--awb-custom_color_1);--awb-font-size:24px;\" data-animationType=\"fadeIn\" data-animationDuration=\"0.3\" data-animationOffset=\"top-into-view\" id=\"a_institucional\"><h2 class=\"fusion-title-heading title-heading-left fusion-responsive-typography-calculated\" style=\"margin:0;font-size:1em;--fontSize:24;line-height:var(--awb-typography1-line-height);\"><mark class=\"fusion-highlight light highlight1 awb-highlight-background rounded\" style=\"--awb-color:#d1d1d1;\"><strong> Institucional<\/strong>\u00a0<\/mark><\/h2><\/div><div class=\"fusion-text fusion-text-3\" style=\"--awb-line-height:1.5em;\"><ul>\n<li><a class=\"title\" href=\"https:\/\/www.diariocordoba.com\/cordoba-ciudad\/2024\/12\/02\/carolina-espana-asegura-cordoba-andalucia-112264708.html\" target=\"_blank\" rel=\"noopener\" data-artpy=\"0\" data-author=\"Diario C\u00f3rdoba\">Carolina Espa\u00f1a asegura en C\u00f3rdoba que \u00abAndaluc\u00eda va por el buen camino\u00bb y crece \u00abpor encima de la media\u00bb<\/a>\u00a0@diariocordoba<\/li>\n<li><a class=\"title\" href=\"https:\/\/www.laverdad.es\/nacional\/blanco-destaca-presupuesto-empleo-comercio-artesania-andalucia-20241203194503-vi.html\" target=\"_blank\" rel=\"noopener\" data-artpy=\"0\" data-author=\"laverdad\">Blanco destaca que el Presupuesto de Empleo para comercio y artesan\u00eda en Andaluc\u00eda crece 10&#8217;6%<\/a>\u00a0@laverdad<\/li>\n<\/ul>\n<\/div><div class=\"fusion-title title fusion-title-6 fusion-sep-none fusion-title-text fusion-title-size-two fusion-animated\" style=\"--awb-text-color:var(--awb-color7);--awb-margin-top-small:10px;--awb-margin-right-small:0px;--awb-margin-bottom-small:10px;--awb-margin-left-small:0px;--awb-sep-color:var(--awb-custom_color_1);--awb-font-size:24px;\" data-animationType=\"fadeIn\" data-animationDuration=\"0.3\" data-animationOffset=\"top-into-view\" id=\"a_economia_empresa\"><h2 class=\"fusion-title-heading title-heading-left fusion-responsive-typography-calculated\" style=\"margin:0;font-size:1em;--fontSize:24;line-height:var(--awb-typography1-line-height);\"><mark class=\"fusion-highlight light highlight1 awb-highlight-background rounded\" style=\"--awb-color:#d1d1d1;\"><strong>Econom\u00eda y Empresa<\/strong><\/mark><\/h2><\/div><div class=\"fusion-text fusion-text-4\" style=\"--awb-line-height:1.5em;\"><ul>\n<li><a href=\"https:\/\/www.google.com\/url?rct=j&amp;sa=t&amp;url=https:\/\/aljarafeymas.com\/noticias\/19369-La-Asociacin-de-Mujeres-Empresarias-Sevillanas-celebra-su-10-Aniversario&amp;ct=ga&amp;cd=CAEYASoTNjIzMjM2OTk5NDkyMDg5MjQyODIbZTBmNTg2ODk3YjVmNzgzZTplczplczpFUzpM&amp;usg=AOvVaw3xKn8WewEZ6zmxNUM3tZAe\" target=\"_blank\" rel=\"noopener\" data-saferedirecturl=\"https:\/\/www.google.com\/url?q=https:\/\/www.google.com\/url?rct%3Dj%26sa%3Dt%26url%3Dhttps:\/\/aljarafeymas.com\/noticias\/19369-La-Asociacin-de-Mujeres-Empresarias-Sevillanas-celebra-su-10-Aniversario%26ct%3Dga%26cd%3DCAEYASoTNjIzMjM2OTk5NDkyMDg5MjQyODIbZTBmNTg2ODk3YjVmNzgzZTplczplczpFUzpM%26usg%3DAOvVaw3xKn8WewEZ6zmxNUM3tZAe&amp;source=gmail&amp;ust=1733416597525000&amp;usg=AOvVaw0TuacHHpzUCfTWGnmKRMUZ\">La Asociaci\u00f3n de Mujeres Empresarias Sevillanas celebra su 10\u00ba Aniversario<\/a> @Aljarafe y m\u00e1s<a><br \/>\n<\/a><\/li>\n<li><a class=\"title\" href=\"https:\/\/www.diariosur.es\/andalucia\/450000-personas-teletrabajan-andalucia-135-ocupados-20241205144127-nt.html\" target=\"_blank\" rel=\"noopener\" data-artpy=\"0\" data-author=\"SUR\">M\u00e1s de 450.000 personas teletrabajan en Andaluc\u00eda, el 13,5% de los ocupados<\/a> @sur<\/li>\n<li><a class=\"title\" href=\"https:\/\/www.eldiario.es\/andalucia\/economia\/tres-jovenes-andaluces-confia-emprendimiento-salida-laboral_1_11876909.html\" target=\"_blank\" rel=\"noopener\" data-artpy=\"0\" data-author=\"eldiario.es\">Uno de cada tres j\u00f3venes andaluces conf\u00eda en el emprendimiento como salida laboral<\/a> @eldiario<\/li>\n<li><a class=\"title\" href=\"https:\/\/andaluciainformacion.es\/andalucia\/1834869\/la-juventud-andaluza-dividida-entre-emprender-ser-funcionario-y-asalariado\/\" target=\"_blank\" rel=\"noopener\" data-artpy=\"0\" data-author=\"Andaluc\u00eda Informaci\u00f3n\">La juventud andaluza, dividida entre emprender, ser funcionario y asalariado<\/a> @andaluciainformacion<\/li>\n<li><a class=\"title\" href=\"https:\/\/www.eldiario.es\/andalucia\/economia\/andalucia-baja-650-000-desempleados-lidera-descenso-paro-noviembre_1_11870890.html\" target=\"_blank\" rel=\"noopener\" data-artpy=\"0\" data-author=\"eldiario.es\">Andaluc\u00eda baja de los 650.000 desempleados y lidera el descenso del paro en noviembre<\/a> @eldiario<\/li>\n<\/ul>\n<\/div><div class=\"fusion-title title fusion-title-7 fusion-sep-none fusion-title-text fusion-title-size-two fusion-animated\" style=\"--awb-text-color:var(--awb-color7);--awb-margin-top-small:10px;--awb-margin-right-small:0px;--awb-margin-bottom-small:10px;--awb-margin-left-small:0px;--awb-sep-color:var(--awb-custom_color_1);--awb-font-size:24px;\" data-animationType=\"fadeIn\" data-animationDuration=\"0.3\" data-animationOffset=\"top-into-view\" id=\"a_actualidad\"><h2 class=\"fusion-title-heading title-heading-left fusion-responsive-typography-calculated\" style=\"margin:0;font-size:1em;--fontSize:24;line-height:var(--awb-typography1-line-height);\"><mark class=\"fusion-highlight light highlight1 awb-highlight-background rounded\" style=\"--awb-color:#d1d1d1;\"><strong>Actualidad<\/strong><\/mark><\/h2><\/div><div class=\"fusion-text fusion-text-5\" style=\"--awb-line-height:1.5em;\"><ul>\n<li><a href=\"https:\/\/www.google.com\/url?rct=j&amp;sa=t&amp;url=https:\/\/condavision.es\/la-junta-presenta-la-campana-libres-e-iguales\/&amp;ct=ga&amp;cd=CAEYACoTNjg4NDA4MDA0ODA4NTMzNTEyNjIbOWFiMWNkZDdlMzY2ZWYzODplczplczpFUzpS&amp;usg=AOvVaw3Ioo-nazhJY10Dy6HvnTSz\" target=\"_blank\" rel=\"noopener\" data-saferedirecturl=\"https:\/\/www.google.com\/url?q=https:\/\/www.google.com\/url?rct%3Dj%26sa%3Dt%26url%3Dhttps:\/\/condavision.es\/la-junta-presenta-la-campana-libres-e-iguales\/%26ct%3Dga%26cd%3DCAEYACoTNjg4NDA4MDA0ODA4NTMzNTEyNjIbOWFiMWNkZDdlMzY2ZWYzODplczplczpFUzpS%26usg%3DAOvVaw3Ioo-nazhJY10Dy6HvnTSz&amp;source=gmail&amp;ust=1733416593973000&amp;usg=AOvVaw3QD8tnJnJIncx5UeiMJ5V2\">La Junta presenta la campa\u00f1a: \u00ablibres e iguales\u00bb<\/a> @Condavisi\u00f3n<a><br \/>\n<\/a><\/li>\n<li><a class=\"title\" href=\"https:\/\/www.msn.com\/es-es\/noticias\/espana\/la-junta-asegura-que-trabaja-en-la-fase-final-del-plan-integral-de-atenci%C3%B3n-a-las-mujeres-con-discapacidad\/ar-AA1v7V6e?ocid=BingNewsVerp\" target=\"_blank\" rel=\"noopener\" data-artpy=\"0\" data-author=\"Europa Press on MSN\">La Junta trabaja en la fase final del Plan Integral de Atenci\u00f3n a Mujeres con Discapacidad<\/a> @europapress<strong><br \/>\n<\/strong><\/li>\n<li><a class=\"title\" href=\"https:\/\/www.rtve.es\/noticias\/20241203\/virus-del-nilo-provoca-nuevo-fallecido-andalucia\/16357499.shtml\" target=\"_blank\" rel=\"noopener\" data-artpy=\"0\" data-author=\"RTVE\">El virus del Nilo provoca un nuevo fallecido en Andaluc\u00eda<\/a> @rtve<\/li>\n<\/ul>\n<\/div><div class=\"fusion-title title fusion-title-8 fusion-sep-none fusion-title-text fusion-title-size-two fusion-animated\" style=\"--awb-text-color:var(--awb-color7);--awb-margin-top-small:10px;--awb-margin-right-small:0px;--awb-margin-bottom-small:10px;--awb-margin-left-small:0px;--awb-sep-color:var(--awb-custom_color_1);--awb-font-size:24px;\" data-animationType=\"fadeIn\" data-animationDuration=\"0.3\" data-animationOffset=\"top-into-view\" id=\"a_violencias\"><h2 class=\"fusion-title-heading title-heading-left fusion-responsive-typography-calculated\" style=\"margin:0;font-size:1em;--fontSize:24;line-height:var(--awb-typography1-line-height);\"><mark class=\"fusion-highlight light highlight1 awb-highlight-background rounded\" style=\"--awb-color:#d1d1d1;\"><strong>Violencias<\/strong><\/mark><\/h2><\/div><div class=\"fusion-text fusion-text-6\" style=\"--awb-line-height:1.5em;\"><ul>\n<li><a class=\"title\" title=\"La Junta de Andaluc\u00eda ofrecer\u00e1 una \u00abasistencia m\u00e1s integral y completa\u00bb a las mujeres con discapacidad v\u00edctimas de violencia machista\" href=\"https:\/\/www.abc.es\/espana\/andalucia\/junta-andalucia-ofrecera-asistencia-integral-completa-mujeres-20241129170500-nts.html\" target=\"_blank\" rel=\"noopener\" data-artpy=\"0\" data-author=\"ABC\">La Junta de Andaluc\u00eda ofrecer\u00e1 una \u00abasistencia m\u00e1s integral y completa\u00bb a las mujeres con discapacidad v\u00edctimas de violencia<\/a>&#8230; @abc<\/li>\n<li><a class=\"title\" href=\"https:\/\/www.abc.es\/sevilla\/ciudad\/ayuntamiento-sevilla-junta-firman-convenio-pionero-violencia-20241201104355-nts.html\" target=\"_blank\" rel=\"noopener\" data-artpy=\"0\" data-author=\"ABC\">Ayuntamiento de Sevilla y Junta firman un convenio pionero contra la violencia de g\u00e9nero para formaci\u00f3n y sensibilizaci\u00f3n<\/a> @abc<\/li>\n<li><a class=\"title\" href=\"https:\/\/www.lamarea.com\/2024\/12\/05\/el-caso-de-juana-rivas-vuelve-a-evidenciar-como-los-hijos-e-hijas-siguen-sin-ser-escuchados\/\" target=\"_blank\" rel=\"noopener\" data-artpy=\"0\" data-author=\"La Marea\">El caso de Juana Rivas vuelve a evidenciar c\u00f3mo los hijos e hijas siguen sin ser escuchados<\/a> @lamarea<\/li>\n<\/ul>\n<\/div><div class=\"fusion-title title fusion-title-9 fusion-sep-none fusion-title-text fusion-title-size-two fusion-animated\" style=\"--awb-text-color:var(--awb-color7);--awb-margin-top-small:10px;--awb-margin-right-small:0px;--awb-margin-bottom-small:10px;--awb-margin-left-small:0px;--awb-sep-color:var(--awb-custom_color_1);--awb-font-size:24px;\" data-animationType=\"fadeIn\" data-animationDuration=\"0.3\" data-animationOffset=\"top-into-view\" id=\"a_violencias\"><h2 class=\"fusion-title-heading title-heading-left fusion-responsive-typography-calculated\" style=\"margin:0;font-size:1em;--fontSize:24;line-height:var(--awb-typography1-line-height);\"><mark class=\"fusion-highlight light highlight1 awb-highlight-background rounded\" style=\"--awb-color:#d1d1d1;\"><strong> Ciencia y Cultura<\/strong> <\/mark><\/h2><\/div><div class=\"fusion-text fusion-text-7\" style=\"--awb-line-height:1.5em;\"><ul>\n<li><a class=\"title\" href=\"https:\/\/www.ideal.es\/culturas\/almeria\/imagen-antonio-pollo-merche-moria-gana-certamen-20241204140324-nt.html\" target=\"_blank\" rel=\"noopener\" data-artpy=\"0\" data-author=\"ideal\">La imagen &#8216;Antonio El Pollo&#8217;, de Merche Moria, gana el certamen &#8216;Visiones de Andaluc\u00eda&#8217; del Centro Andaluz de Fotograf\u00eda<\/a> @elideal<b><br \/>\n<\/b><\/li>\n<li><a class=\"title\" href=\"https:\/\/www.msn.com\/es-es\/entretenimiento\/other\/la-cantautora-alba-lamerced-lanza-d%C3%A9jame-un-canto-a-la-mujer-la-m%C3%BAsica-debe-servir-para-cambiar-realidades\/ar-AA1v6ip9?ocid=BingNewsVerp\" target=\"_blank\" rel=\"noopener\" data-artpy=\"0\" data-author=\"ESPA\u00d1OL on MSN\">La cantautora Alba LaMerced lanza &#8216;D\u00e9jame&#8217;, un canto a la mujer: \u00abLa m\u00fasica debe servir para cambiar realidades\u00bb<\/a> @elespa\u00f1ol<\/li>\n<li><a class=\"title\" href=\"https:\/\/www.mujerhoy.com\/actualidad\/tamara-rojo-entrevista-no-hay-voluntad-convertir-espana-lider-cultural-arte-ballet-20241201085438-nt.html\" target=\"_blank\" rel=\"noopener\" data-artpy=\"0\" data-author=\"Mujerhoy\">Tamara Rojo: \u00abCreo que no hay conciencia ni voluntad para convertir a Espa\u00f1a en un l\u00edder cultural\u00bb<\/a> @mujeryhoy<\/li>\n<li><a class=\"title\" href=\"https:\/\/www.diariodejerez.es\/ocio\/gracias-mujeres-conservado-patrimonio-musical_0_2002887252.html\" target=\"_blank\" rel=\"noopener\" data-artpy=\"0\" data-author=\"Diario de Jerez\">\u201cGracias a las mujeres se ha conservado el patrimonio musical sefard\u00ed\u201d<\/a> @diariodejerez<\/li>\n<li><a class=\"title\" href=\"https:\/\/www.abc.es\/sevilla\/cultura\/centro-andaluz-arte-contemporaneo-echa-mirada-popular-20241203133609-nts.html\" target=\"_blank\" rel=\"noopener\" data-artpy=\"0\" data-author=\"ABC\">El Centro Andaluz de Arte Contempor\u00e1neo echa una mirada a lo popular desde el sur con creadores como Fred Moten o Tania Adam<\/a> @abc<\/li>\n<li><a class=\"title\" href=\"https:\/\/www.eldiario.es\/andalucia\/muestras-fotograficas-malaguenas-ay-mujer-flamenca-abren-viii-bienal-arte-flamenco_1_10163197.html\" target=\"_blank\" rel=\"noopener\" data-artpy=\"0\" data-author=\"eldiario.es\">Las muestras fotogr\u00e1ficas &#8216;Por! Malague\u00f1as&#8217; y &#8216;AY! (Mujer flamenca)&#8217; abren la VIII Bienal de Arte Flamenco<\/a> @eldiario<\/li>\n<li><a class=\"title\" href=\"https:\/\/www.infobae.com\/america\/agencias\/2024\/12\/05\/delcy-morelos-elegida-artista-del-ano-de-los-artnews-awards-2024-expone-su-obra-profundis-en-el-caac\/\" target=\"_blank\" rel=\"noopener\" data-artpy=\"0\" data-author=\"Infobae\">Delcy Morelos, elegida &#8216;Artista del a\u00f1o&#8217; de los ARTnews Awards 2024, expone su obra &#8216;Profundis&#8217; en el CAAC<\/a> @infobae<\/li>\n<\/ul>\n<\/div><div class=\"fusion-title title fusion-title-10 fusion-sep-none fusion-title-text fusion-title-size-two fusion-animated\" style=\"--awb-text-color:var(--awb-color7);--awb-margin-top-small:10px;--awb-margin-right-small:0px;--awb-margin-bottom-small:10px;--awb-margin-left-small:0px;--awb-sep-color:var(--awb-custom_color_1);--awb-font-size:24px;\" data-animationType=\"fadeIn\" data-animationDuration=\"0.3\" data-animationOffset=\"top-into-view\" id=\"a_deporte\"><h2 class=\"fusion-title-heading title-heading-left fusion-responsive-typography-calculated\" style=\"margin:0;font-size:1em;--fontSize:24;line-height:var(--awb-typography1-line-height);\"><mark class=\"fusion-highlight light highlight1 awb-highlight-background rounded\" style=\"--awb-color:#d1d1d1;\"><strong> Deporte<\/strong> <\/mark><\/h2><\/div><div class=\"fusion-text fusion-text-8\" style=\"--awb-line-height:1.5em;\"><ul>\n<li><a class=\"title\" href=\"https:\/\/www.ideal.es\/culturas\/almeria\/mercedes-oliver-impulsora-ocal-premio-deporte-cultura-20241205122434-nt.html\" target=\"_blank\" rel=\"noopener\" data-artpy=\"0\" data-author=\"ideal\">Mercedes Oliver, impulsora de la OCAL, premio &#8216;Deporte y Cultura en Femenino&#8217;<\/a> @ideal<\/li>\n<li><a class=\"title\" href=\"https:\/\/www.diariodesevilla.es\/deportes\/mariola-rus-expresidenta-cocos-nueva_0_2002923165.html\" target=\"_blank\" rel=\"noopener\" data-artpy=\"0\" data-author=\"Diario de Sevilla\">Mariola Rus, expresidenta de las Cocos, nueva directora general de Sistemas y Valores del Deporte<\/a> @diariodesevilla<\/li>\n<li><a class=\"title\" href=\"https:\/\/www.malagahoy.es\/deportes\/malaga-acogera-campeonato-espana-minibasket_0_2002924809.html\" target=\"_blank\" rel=\"noopener\" data-artpy=\"0\" data-author=\"M\u00e1laga Hoy\">M\u00e1laga acoger\u00e1 el Campeonato de Espa\u00f1a de minib\u00e1sket femenino<\/a> @malagahoy<\/li>\n<\/ul>\n<\/div><\/div><\/div><\/div><\/div><div class=\"fusion-fullwidth fullwidth-box fusion-builder-row-5 fusion-flex-container has-pattern-background has-mask-background hundred-percent-fullwidth non-hundred-percent-height-scrolling\" style=\"--awb-border-radius-top-left:0px;--awb-border-radius-top-right:0px;--awb-border-radius-bottom-right:0px;--awb-border-radius-bottom-left:0px;--awb-padding-right-small:2%;--awb-padding-left-small:2%;--awb-flex-wrap:wrap;\" ><div class=\"fusion-builder-row fusion-row fusion-flex-align-items-flex-start fusion-flex-content-wrap\" style=\"width:104% !important;max-width:104% !important;margin-left: calc(-4% \/ 2 );margin-right: calc(-4% \/ 2 );\"><div class=\"fusion-layout-column fusion_builder_column fusion-builder-column-4 fusion_builder_column_1_1 1_1 fusion-flex-column\" style=\"--awb-padding-right:20px;--awb-padding-left:20px;--awb-padding-right-small:15px;--awb-padding-left-small:15px;--awb-overflow:hidden;--awb-bg-color:var(--awb-color1);--awb-bg-color-hover:var(--awb-color1);--awb-bg-size:cover;--awb-border-color:var(--awb-color3);--awb-border-top:2px;--awb-border-right:2px;--awb-border-bottom:2px;--awb-border-left:2px;--awb-border-style:solid;--awb-border-radius:15px 15px 15px 15px;--awb-width-large:100%;--awb-margin-top-large:0px;--awb-spacing-right-large:1.92%;--awb-margin-bottom-large:20px;--awb-spacing-left-large:1.92%;--awb-width-medium:100%;--awb-order-medium:0;--awb-spacing-right-medium:1.92%;--awb-spacing-left-medium:1.92%;--awb-width-small:100%;--awb-order-small:0;--awb-spacing-right-small:0px;--awb-spacing-left-small:0px;\" id=\"c_estado\" data-scroll-devices=\"small-visibility,medium-visibility,large-visibility\"><div class=\"fusion-column-wrapper fusion-column-has-shadow fusion-flex-justify-content-flex-start fusion-content-layout-column\"><div class=\"fusion-title title fusion-title-11 fusion-sep-none fusion-title-text fusion-title-size-one\" style=\"--awb-margin-top:20px;--awb-margin-top-small:10px;--awb-margin-right-small:0px;--awb-margin-bottom-small:10px;--awb-margin-left-small:0px;--awb-sep-color:var(--awb-custom_color_1);\" id=\"estado\"><h1 class=\"fusion-title-heading title-heading-left fusion-responsive-typography-calculated\" style=\"font-family:&quot;Raleway&quot;;font-style:normal;font-weight:400;margin:0;--fontSize:40;line-height:var(--awb-typography1-line-height);\"><mark class=\"fusion-highlight custom-textcolor highlight1 awb-highlight-background rounded\" style=\"--awb-text-color:#ffffff;\"><strong>Estado<\/strong><\/mark><\/h1><\/div><div class=\"fusion-title title fusion-title-12 fusion-sep-none fusion-title-text fusion-title-size-two fusion-animated\" style=\"--awb-text-color:var(--awb-color7);--awb-margin-top-small:10px;--awb-margin-right-small:0px;--awb-margin-bottom-small:10px;--awb-margin-left-small:0px;--awb-sep-color:var(--awb-custom_color_1);--awb-font-size:24px;\" data-animationType=\"fadeIn\" data-animationDuration=\"0.3\" data-animationOffset=\"top-into-view\" id=\"e_institucional\"><h2 class=\"fusion-title-heading title-heading-left fusion-responsive-typography-calculated\" style=\"margin:0;font-size:1em;--fontSize:24;line-height:var(--awb-typography1-line-height);\"><mark class=\"fusion-highlight light highlight1 awb-highlight-background rounded\" style=\"--awb-color:#d1d1d1;\"><strong> Institucional<\/strong>\u00a0<\/mark><\/h2><\/div><div class=\"fusion-text fusion-text-9\" style=\"--awb-line-height:1.5em;\"><ul>\n<li><a class=\"title\" href=\"https:\/\/www.elperiodico.com\/es\/politica\/20241205\/congreso-reconoce-maternidad-constitucion-mujeres-democracia-igualdad-112360379\" target=\"_blank\" rel=\"noopener\" data-artpy=\"0\" data-author=\"El Peri\u00f3dico\">El Congreso reconoce la maternidad de la Constituci\u00f3n: 27 mujeres que lucharon por la democracia y la igualdad<\/a>\u00a0@elperiodico<\/li>\n<\/ul>\n<\/div><div class=\"fusion-title title fusion-title-13 fusion-sep-none fusion-title-text fusion-title-size-two fusion-animated\" style=\"--awb-text-color:var(--awb-color7);--awb-margin-top-small:10px;--awb-margin-right-small:0px;--awb-margin-bottom-small:10px;--awb-margin-left-small:0px;--awb-sep-color:var(--awb-custom_color_1);--awb-font-size:24px;\" data-animationType=\"fadeIn\" data-animationDuration=\"0.3\" data-animationOffset=\"top-into-view\" id=\"e_institucional_ccaa\"><h2 class=\"fusion-title-heading title-heading-left fusion-responsive-typography-calculated\" style=\"margin:0;font-size:1em;--fontSize:24;line-height:var(--awb-typography1-line-height);\"><mark class=\"fusion-highlight light highlight1 awb-highlight-background rounded\" style=\"--awb-color:#d1d1d1;\"><strong> Institucional &#8211; CCAA<\/strong>\u00a0<\/mark><\/h2><\/div><div class=\"fusion-text fusion-text-10\" style=\"--awb-line-height:1.5em;\"><ul>\n<li><a class=\"title\" href=\"https:\/\/www.eldiario.es\/castilla-la-mancha\/social\/igualdad-distribuye-guia-detectar-prevenir-violencia-sexual-mujer-castilla-mancha_1_11876309.html\" target=\"_blank\" rel=\"noopener\" data-artpy=\"0\" data-author=\"eldiario.es\">Igualdad distribuye una gu\u00eda para detectar y prevenir la violencia sexual hacia la mujer en Castilla-La Mancha<\/a> @eldiario<\/li>\n<li><a class=\"title\" href=\"https:\/\/cadenaser.com\/audio\/1733151323501\/\" target=\"_blank\" rel=\"noopener\" data-artpy=\"0\" data-author=\"Cadena SER\">Empresa y mujer, \u00bfc\u00f3mo siguen siendo los retos hacia la igualdad? Sobre techos de cristal y suelos de barro<\/a> @ser<\/li>\n<li><a class=\"title\" href=\"https:\/\/www.msn.com\/es-es\/noticias\/espana\/las-mujeres-ocupan-el-244-de-los-puestos-de-responsabilidad-en-empresas-en-catalunya\/ar-AA1uZCZW?ocid=BingNewsVerp\" target=\"_blank\" rel=\"noopener\" data-artpy=\"0\" data-author=\"Europa Press on MSN\">Las mujeres ocupan el 24,4% de los puestos de responsabilidad en empresas en Catalunya<\/a> @europapress<\/li>\n<li><a class=\"title\" href=\"https:\/\/www.msn.com\/es-es\/noticias\/other\/blanco-apuesta-por-fomentar-el-liderazgo-y-el-emprendimiento-femenino-para-avanzar-en-una-sociedad-m%C3%A1s-igualitaria\/ar-AA1vhEjs?ocid=BingNewsVerp\" target=\"_blank\" rel=\"noopener\" data-artpy=\"0\" data-author=\"ESPA\u00d1OL on MSN\">Blanco apuesta por fomentar el liderazgo y el emprendimiento femenino para \u00abavanzar en una sociedad m\u00e1s igualitaria\u00bb<\/a> @elespa\u00f1ol<\/li>\n<li><a class=\"title\" href=\"https:\/\/cadenaser.com\/euskadi\/2024\/12\/02\/empresarias-de-bizkaia-rompiendo-techos-de-cristal-y-enfrentando-suelos-de-barro-hacia-la-igualdad-radio-bilbao\/\" target=\"_blank\" rel=\"noopener\" data-artpy=\"0\" data-author=\"Cadena SER\">Empresarias de Bizkaia: rompiendo techos de cristal y enfrentando suelos de barro hacia la igualdad<\/a> @ser<\/li>\n<\/ul>\n<\/div><div class=\"fusion-title title fusion-title-14 fusion-sep-none fusion-title-text fusion-title-size-two fusion-animated\" style=\"--awb-text-color:var(--awb-color7);--awb-margin-top-small:10px;--awb-margin-right-small:0px;--awb-margin-bottom-small:10px;--awb-margin-left-small:0px;--awb-sep-color:var(--awb-custom_color_1);--awb-font-size:24px;\" data-animationType=\"fadeIn\" data-animationDuration=\"0.3\" data-animationOffset=\"top-into-view\" id=\"e_economia_empresa\"><h2 class=\"fusion-title-heading title-heading-left fusion-responsive-typography-calculated\" style=\"margin:0;font-size:1em;--fontSize:24;line-height:var(--awb-typography1-line-height);\"><mark class=\"fusion-highlight light highlight1 awb-highlight-background rounded\" style=\"--awb-color:#d1d1d1;\"><strong>Econom\u00eda y Empresa<\/strong><\/mark><\/h2><\/div><div class=\"fusion-text fusion-text-11\" style=\"--awb-line-height:1.5em;\"><ul>\n<li><a class=\"title\" href=\"https:\/\/www.elplural.com\/economia\/brecha-genero-mujeres-trabajan-gratis-30-noviembre_342413102\" target=\"_blank\" rel=\"noopener\" data-artpy=\"0\" data-author=\"Elplural.com\">Brecha de g\u00e9nero: las mujeres trabajan gratis desde el 30 de noviembre<\/a> @elplural<\/li>\n<li><a class=\"title\" href=\"https:\/\/www.msn.com\/es-es\/dinero\/other\/la-brecha-salarial-de-g%C3%A9nero-en-espa%C3%B1a-un-problema-persistente\/ar-AA1v1FKa?ocid=BingNewsVerp\" target=\"_blank\" rel=\"noopener\" data-artpy=\"0\" data-author=\"actualidad on MSN\">La brecha salarial de g\u00e9nero en Espa\u00f1a: un problema persistente<\/a> @actualidad<\/li>\n<li><a class=\"title\" href=\"https:\/\/www.eldiario.es\/edcreativo\/banco-santander-impulsa-talento-femenino-santander-w50_1_11852831.html\" target=\"_blank\" rel=\"noopener\" data-artpy=\"0\" data-author=\"eldiario.es\">Banco Santander impulsa el talento femenino con \u2018Santander W50\u2019<\/a> @eldiario<\/li>\n<li><a class=\"title\" href=\"https:\/\/www.corresponsables.com\/entrevistas\/somos-una-empresa-donde-mas-del-70-son-mujeres\/\" target=\"_blank\" rel=\"noopener\" data-artpy=\"0\" data-author=\"Correspondables\">\u201cSomos una empresa donde m\u00e1s del 70% son mujeres\u201d<\/a> @corresponsables<a><br \/>\n<\/a><\/li>\n<li><a class=\"title\" href=\"https:\/\/www.msn.com\/es-es\/dinero\/noticias\/aumento-de-las-pensiones-cu%C3%A1nto-subir%C3%A1-el-complemento-para-reducir-la-brecha-de-g%C3%A9nero-en-2025\/ar-AA1v7Mss?ocid=BingNewsVerp\" target=\"_blank\" rel=\"noopener\" data-artpy=\"0\" data-author=\"La Raz\u00f3n on MSN\">Aumento de las pensiones: cu\u00e1nto subir\u00e1 el complemento para reducir la brecha de g\u00e9nero en 2025<\/a> @larazon<\/li>\n<li><a class=\"title\" href=\"https:\/\/www.msn.com\/es-es\/dinero\/noticias\/las-kellys-y-las-trabajadoras-del-hogar-a%C3%BAnan-fuerzas-no-es-l%C3%B3gico-que-un-torero-se-jubile-a-los-55-a%C3%B1os-y-nosotras-a-los-67\/ar-AA1v1ag9?ocid=BingNewsVerp\" target=\"_blank\" rel=\"noopener\" data-artpy=\"0\" data-author=\"P\u00fablico on MSN\">Las Kellys y las trabajadoras del hogar a\u00fanan fuerzas: \u00abNo es l\u00f3gico que un torero se jubile a los 55 a\u00f1os y nosotras a los 67\u00bb<\/a> @publico<\/li>\n<\/ul>\n<\/div><div class=\"fusion-title title fusion-title-15 fusion-sep-none fusion-title-text fusion-title-size-two fusion-animated\" style=\"--awb-text-color:var(--awb-color7);--awb-margin-top-small:10px;--awb-margin-right-small:0px;--awb-margin-bottom-small:10px;--awb-margin-left-small:0px;--awb-sep-color:var(--awb-custom_color_1);--awb-font-size:24px;\" data-animationType=\"fadeIn\" data-animationDuration=\"0.3\" data-animationOffset=\"top-into-view\" id=\"e_actualidad\"><h2 class=\"fusion-title-heading title-heading-left fusion-responsive-typography-calculated\" style=\"margin:0;font-size:1em;--fontSize:24;line-height:var(--awb-typography1-line-height);\"><mark class=\"fusion-highlight light highlight1 awb-highlight-background rounded\" style=\"--awb-color:#d1d1d1;\"><strong>Actualidad<\/strong><\/mark><\/h2><\/div><div class=\"fusion-text fusion-text-12\" style=\"--awb-line-height:1.5em;\"><ul>\n<li><a class=\"title\" href=\"https:\/\/www.mundodeportivo.com\/actualidad\/20241203\/1002364676\/forbes-revela-lista-10-mujeres-mas-ricas-espana-esto-dedican-dct.html\" target=\"_blank\" rel=\"noopener\" data-artpy=\"0\" data-author=\"Mundo Deportivo\">Forbes revela la lista de las 10 mujeres m\u00e1s ricas de Espa\u00f1a: esto es a lo que se dedican<\/a>-mundodeportivo<\/li>\n<li><a class=\"title\" href=\"https:\/\/www.infobae.com\/america\/agencias\/2024\/12\/05\/el-83-de-empresas-espanolas-enfoca-sus-voluntariados-corporativos-en-las-personas-con-discapacidad-segun-un-estudio\/\" target=\"_blank\" rel=\"noopener\" data-artpy=\"0\" data-author=\"Infobae\">El 83% de empresas espa\u00f1olas enfoca sus voluntariados corporativos en las personas con discapacidad, seg\u00fan un estudio<\/a>-infobae<\/li>\n<li><a class=\"title\" href=\"https:\/\/www.elespanol.com\/mujer\/actualidad\/20241203\/redeia-acoge-ii-foro-incidencia-liderazgo-promueve-participacion-femenina-vida-publica\/905909736_0.html\" target=\"_blank\" rel=\"noopener\" data-artpy=\"0\" data-author=\"ESPA\u00d1OL\">Redeia acoge el II Foro de Incidencia y Liderazgo, que promueve la participaci\u00f3n femenina en la vida p\u00fablica<\/a>-elespa\u00f1ol<\/li>\n<\/ul>\n<\/div><div class=\"fusion-title title fusion-title-16 fusion-sep-none fusion-title-text fusion-title-size-two fusion-animated\" style=\"--awb-text-color:var(--awb-color7);--awb-margin-top-small:10px;--awb-margin-right-small:0px;--awb-margin-bottom-small:10px;--awb-margin-left-small:0px;--awb-sep-color:var(--awb-custom_color_1);--awb-font-size:24px;\" data-animationType=\"fadeIn\" data-animationDuration=\"0.3\" data-animationOffset=\"top-into-view\" id=\"e_violencias\"><h2 class=\"fusion-title-heading title-heading-left fusion-responsive-typography-calculated\" style=\"margin:0;font-size:1em;--fontSize:24;line-height:var(--awb-typography1-line-height);\"><mark class=\"fusion-highlight light highlight1 awb-highlight-background rounded\" style=\"--awb-color:#d1d1d1;\"><strong>Violencias<\/strong><\/mark><\/h2><\/div><div class=\"fusion-text fusion-text-13\" style=\"--awb-line-height:1.5em;\"><ul>\n<li><a class=\"title\" href=\"https:\/\/cadenaser.com\/comunitat-valenciana\/2024\/12\/04\/la-lucha-contra-la-violencia-de-genero-en-el-mundo-rural-mas-invisible-menos-herramientas-radio-valencia\/\" target=\"_blank\" rel=\"noopener\" data-artpy=\"0\" data-author=\"Cadena SER\">La lucha contra la violencia de g\u00e9nero en el mundo rural: m\u00e1s invisible, menos herramientas<\/a> @ser<\/li>\n<li><a class=\"title\" href=\"https:\/\/www.msn.com\/es-co\/noticias\/nacional\/el-50-de-las-mujeres-ha-vivido-la-violencia-de-g%C3%A9nero-en-el-mundo-digital\/ar-AA1vc3GW?ocid=BingNewsVerp\" target=\"_blank\" rel=\"noopener\" data-artpy=\"0\" data-author=\"El Espectador on MSN\">El 50 % de las mujeres ha vivido la violencia de g\u00e9nero en el mundo digital<\/a> @elespectador<\/li>\n<\/ul>\n<\/div><div class=\"fusion-title title fusion-title-17 fusion-sep-none fusion-title-text fusion-title-size-two fusion-animated\" style=\"--awb-text-color:var(--awb-color7);--awb-margin-top-small:10px;--awb-margin-right-small:0px;--awb-margin-bottom-small:10px;--awb-margin-left-small:0px;--awb-sep-color:var(--awb-custom_color_1);--awb-font-size:24px;\" data-animationType=\"fadeIn\" data-animationDuration=\"0.3\" data-animationOffset=\"top-into-view\" id=\"e_violencias\"><h2 class=\"fusion-title-heading title-heading-left fusion-responsive-typography-calculated\" style=\"margin:0;font-size:1em;--fontSize:24;line-height:var(--awb-typography1-line-height);\"><mark class=\"fusion-highlight light highlight1 awb-highlight-background rounded\" style=\"--awb-color:#d1d1d1;\"><strong> Ciencia y Cultura<\/strong> <\/mark><\/h2><\/div><div class=\"fusion-text fusion-text-14\" style=\"--awb-line-height:1.5em;\"><ul>\n<li><a class=\"title\" href=\"https:\/\/www.msn.com\/es-es\/noticias\/other\/caixaforum-zaragoza-analiza-el-poder-de-la-mujer-en-178-piezas-que-abarcan-5-000-a%C3%B1os-de-historia\/ar-AA1vgCKY?ocid=BingNewsVerp\" target=\"_blank\" rel=\"noopener\" data-artpy=\"0\" data-author=\"Heraldo on MSN\">Caixaforum Zaragoza analiza el poder de la mujer en 178 piezas que abarcan 5.000 a\u00f1os de historia<\/a> @heraldo<\/li>\n<li><a class=\"title\" href=\"https:\/\/elpais.com\/babelia\/2024-12-05\/womankind-la-historia-de-la-mujer-a-traves-del-collage.html\" target=\"_blank\" rel=\"noopener\" data-artpy=\"0\" data-author=\"EL PA\u00cdS\">\u2018Womankind\u2019: la historia de la mujer a trav\u00e9s del \u2018collage\u2019<\/a> @elespa\u00f1ol<\/li>\n<li><a class=\"title\" href=\"https:\/\/www.elperiodico.com\/es\/ocio-y-cultura\/20241129\/museu-mares-barcelona-reivindica-mujeres-catalunya-112189011\" target=\"_blank\" rel=\"noopener\" data-artpy=\"0\" data-author=\"El Peri\u00f3dico\">El Museu Mar\u00e8s de Barcelona reivindica \u00abla palabra desde un universo femenino\u00bb en una exposici\u00f3n<\/a> @elperiodico<strong><br \/>\n<\/strong><\/li>\n<li><a class=\"title\" href=\"https:\/\/www.msn.com\/es-es\/entretenimiento\/other\/karla-sof%C3%ADa-gasc%C3%B3n-me-gusta-esa-imagen-que-da-emilia-p%C3%A9rez-de-mujeres-fuertes-que-salen-adelante-por-ellas-mismas\/ar-AA1viVnI?ocid=BingNewsVerp\" target=\"_blank\" rel=\"noopener\" data-artpy=\"0\" data-author=\"Cosmopolitan Espa\u00f1a on MSN\">Karla Sof\u00eda Gasc\u00f3n: \u00abMe gusta esa imagen que da &#8216;Emilia P\u00e9rez&#8217; de mujeres fuertes y potentes que salen adelante por ellas mismas\u00bb<\/a> @cosmopolitan<\/li>\n<\/ul>\n<\/div><div class=\"fusion-title title fusion-title-18 fusion-sep-none fusion-title-text fusion-title-size-two fusion-animated\" style=\"--awb-text-color:var(--awb-color7);--awb-margin-top-small:10px;--awb-margin-right-small:0px;--awb-margin-bottom-small:10px;--awb-margin-left-small:0px;--awb-sep-color:var(--awb-custom_color_1);--awb-font-size:24px;\" data-animationType=\"fadeIn\" data-animationDuration=\"0.3\" data-animationOffset=\"top-into-view\" id=\"e_deporte\"><h2 class=\"fusion-title-heading title-heading-left fusion-responsive-typography-calculated\" style=\"margin:0;font-size:1em;--fontSize:24;line-height:var(--awb-typography1-line-height);\"><mark class=\"fusion-highlight light highlight1 awb-highlight-background rounded\" style=\"--awb-color:#d1d1d1;\"><strong> Deporte<\/strong> <\/mark><\/h2><\/div><div class=\"fusion-text fusion-text-15\" style=\"--awb-line-height:1.5em;\"><ul>\n<li><a class=\"title\" href=\"https:\/\/www.msn.com\/es-es\/deportes\/futbol\/elisa-aguilar-vienen-nuevos-nombres-y-las-perspectivas-son-muy-ilusionantes-con-las-selecciones\/ar-AA1vg2YS?ocid=BingNewsVerp\" target=\"_blank\" rel=\"noopener\" data-artpy=\"0\" data-author=\"Europa Press on MSN\">Elisa Aguilar: \u00abVienen nuevos nombres y las perspectivas son muy ilusionantes\u00bb<\/a> @europapress<strong><br \/>\n<\/strong><\/li>\n<li><a class=\"title\" href=\"https:\/\/www.rtve.es\/deportes\/20241129\/real-madrid-barca-femenino-arrasan-candidatos-premios-the-best\/16351849.shtml\" target=\"_blank\" rel=\"noopener\" data-artpy=\"0\" data-author=\"RTVE\">El Bar\u00e7a femenino arrasan entre los candidatos a los premios The Best @<\/a>rtve<\/li>\n<li><a class=\"title\" href=\"https:\/\/www.rtve.es\/deportes\/20241203\/espana-francia-directo-resumen-resultado-amistoso-femenino\/16354930.shtml\" target=\"_blank\" rel=\"noopener\" data-artpy=\"0\" data-author=\"RTVE\">La selecci\u00f3n espa\u00f1ola femenina vence con contundencia a Francia y cierra con buena nota el 2024<\/a> @rtve<\/li>\n<li><a class=\"title\" href=\"https:\/\/www.sport.es\/es\/noticias\/45-aniversario\/rompiendo-barreras-fuerza-deporte-femenino-112153897\" target=\"_blank\" rel=\"noopener\" data-artpy=\"0\" data-author=\"Sport\">&#8216;Rompiendo barreras, la fuerza del deporte femenino&#8217;<\/a> @sport<\/li>\n<\/ul>\n<\/div><\/div><\/div><\/div><\/div><div class=\"fusion-fullwidth fullwidth-box fusion-builder-row-6 fusion-flex-container has-pattern-background has-mask-background hundred-percent-fullwidth non-hundred-percent-height-scrolling\" style=\"--awb-border-radius-top-left:0px;--awb-border-radius-top-right:0px;--awb-border-radius-bottom-right:0px;--awb-border-radius-bottom-left:0px;--awb-padding-right-small:2%;--awb-padding-left-small:2%;--awb-flex-wrap:wrap;\" ><div class=\"fusion-builder-row fusion-row fusion-flex-align-items-flex-start fusion-flex-content-wrap\" style=\"width:104% !important;max-width:104% !important;margin-left: calc(-4% \/ 2 );margin-right: calc(-4% \/ 2 );\"><div class=\"fusion-layout-column fusion_builder_column fusion-builder-column-5 fusion_builder_column_1_1 1_1 fusion-flex-column\" style=\"--awb-padding-right:20px;--awb-padding-left:20px;--awb-padding-right-small:15px;--awb-padding-left-small:15px;--awb-overflow:hidden;--awb-bg-color:var(--awb-color1);--awb-bg-color-hover:var(--awb-color1);--awb-bg-size:cover;--awb-border-color:var(--awb-color3);--awb-border-top:2px;--awb-border-right:2px;--awb-border-bottom:2px;--awb-border-left:2px;--awb-border-style:solid;--awb-border-radius:15px 15px 15px 15px;--awb-width-large:100%;--awb-margin-top-large:0px;--awb-spacing-right-large:1.92%;--awb-margin-bottom-large:20px;--awb-spacing-left-large:1.92%;--awb-width-medium:100%;--awb-order-medium:0;--awb-spacing-right-medium:1.92%;--awb-spacing-left-medium:1.92%;--awb-width-small:100%;--awb-order-small:0;--awb-spacing-right-small:0px;--awb-spacing-left-small:0px;\" id=\"c_internacional\" data-scroll-devices=\"small-visibility,medium-visibility,large-visibility\"><div class=\"fusion-column-wrapper fusion-column-has-shadow fusion-flex-justify-content-flex-start fusion-content-layout-column\"><div class=\"fusion-title title fusion-title-19 fusion-sep-none fusion-title-text fusion-title-size-one\" style=\"--awb-margin-top:20px;--awb-margin-top-small:10px;--awb-margin-right-small:0px;--awb-margin-bottom-small:10px;--awb-margin-left-small:0px;--awb-sep-color:var(--awb-custom_color_1);\" id=\"internacional\"><h1 class=\"fusion-title-heading title-heading-left fusion-responsive-typography-calculated\" style=\"font-family:&quot;Raleway&quot;;font-style:normal;font-weight:400;margin:0;--fontSize:40;line-height:var(--awb-typography1-line-height);\"><mark class=\"fusion-highlight custom-textcolor highlight1 awb-highlight-background rounded\" style=\"--awb-color:#0098d9;--awb-text-color:#ffffff;\"><strong>UE &amp; Internacional<\/strong><\/mark><\/h1><\/div><div class=\"fusion-text fusion-text-16\" style=\"--awb-line-height:1.5em;\"><ul>\n<li><a class=\"title\" href=\"https:\/\/www.msn.com\/es-es\/dinero\/noticias\/brasil-mira-a-la-inclusi%C3%B3n-de-mujeres-en-el-comercio-exterior-para-fortalecer-la-econom%C3%ADa\/ar-AA1vgSfl?ocid=BingNewsVerp\" target=\"_blank\" rel=\"noopener\" data-artpy=\"0\" data-author=\"Agencia EFE on MSN\">Brasil mira a la inclusi\u00f3n de mujeres en el comercio exterior para fortalecer la econom\u00eda<\/a> @agenciaefe<\/li>\n<li><a class=\"title\" href=\"https:\/\/www.msn.com\/es-mx\/dinero\/other\/ingenieras-activistas-y-empresarias-las-mujeres-del-consejo-empresarial-de-sheinbaum\/ar-AA1uWx0H?ocid=BingNewsVerp\" target=\"_blank\" rel=\"noopener\" data-artpy=\"0\" data-author=\"MSN\">Ingenieras, activistas y empresarias: las mujeres del Consejo Empresarial de Sheinbaum<\/a> @hospedado<\/li>\n<li><a class=\"title\" href=\"https:\/\/www.abc.es\/cultura\/talibanes-impiden-mujeres-formarse-matronas-enfermeras-denuncian-20241205165406-vi.html\" target=\"_blank\" rel=\"noopener\" data-artpy=\"0\" data-author=\"ABC\">Los talibanes impiden a mujeres formarse como matronas o enfermeras, denuncian estudiantes<\/a> @abc<\/li>\n<li><a class=\"title\" href=\"https:\/\/www.msn.com\/es-es\/noticias\/internacional\/el-gobierno-colombiano-lanza-plan-para-mujeres-v%C3%ADctimas-del-conflicto-y-la-violencia-sexual\/ar-AA1v2zWA?ocid=BingNewsVerp\" target=\"_blank\" rel=\"noopener\" data-artpy=\"0\" data-author=\"Agencia EFE on MSN\">Colombia lanza plan para mujeres v\u00edctimas del conflicto y la violencia sexual<\/a> @agenciaefe<\/li>\n<li><a class=\"title\" href=\"https:\/\/www.msn.com\/es-co\/noticias\/nacional\/koyo-kouoh-es-la-nueva-directora-art%C3%ADstica-de-la-bienal-de-venecia-2026\/ar-AA1vgNBp?ocid=BingNewsVerp\" target=\"_blank\" rel=\"noopener\" data-artpy=\"0\" data-author=\"El Espectador on MSN\">Koyo Kouoh es la nueva directora art\u00edstica de la Bienal de Venecia 2026<\/a> @elespectador<\/li>\n<li><a class=\"title\" title=\"Nicole Kidman, Pamela Anderson y Demi Moore: tres actrices que triunfan con papeles arriesgados que reivindican el cuerpo de la mujer en la madurez\" href=\"https:\/\/www.infobae.com\/espana\/cultura\/2024\/12\/05\/nicole-kidman-pamela-anderson-y-demi-moore-tres-actrices-que-triunfan-con-papeles-arriesgados-que-reivindican-el-cuerpo-de-la-mujer-en-la-madurez\/\" target=\"_blank\" rel=\"noopener\" data-artpy=\"0\" data-author=\"Infobae\">Nicole Kidman, Pamela Anderson y Demi Moore: tres actrices que triunfan con papeles arriesgados que reivindican el cuerpo de la<\/a>&#8230; @infobae<\/li>\n<\/ul>\n<\/div><\/div><\/div><\/div><\/div><\/p>\n","protected":false},"excerpt":{"rendered":"<p>El Congreso reconoce la maternidad de la Constituci\u00f3n: 27 mujeres que lucharon por la democracia y la igualdad  *  Brecha de g\u00e9nero: las mujeres trabajan gratis desde el 30 de noviembre  *  Koyo Kouoh, directora art\u00edstica de la Bienal de Venecia 2026  *  Lucrecia Hevia, directora de elDiario.es Andaluc\u00eda, premio Plaza de Espa\u00f1a por su defensa y difusi\u00f3n de los valores democr\u00e1ticos<\/p>\n","protected":false},"author":3,"featured_media":22909,"comment_status":"closed","ping_status":"closed","sticky":false,"template":"","format":"standard","meta":{"footnotes":""},"categories":[298,654],"tags":[95,341,116],"class_list":["post-22123","post","type-post","status-publish","format-standard","has-post-thumbnail","hentry","category-newsletter","category-nwl-v-4-0","tag-brecha-salarial","tag-mujer-y-cultura","tag-periodismo"],"yoast_head":"<!-- This site is optimized with the Yoast SEO plugin v27.5 - https:\/\/yoast.com\/product\/yoast-seo-wordpress\/ -->\n<title>Noticias Info CKL n\u00ba 2905-05\/12\/24-Comunicar con perspectiva de g\u00e9nero<\/title>\n<meta name=\"description\" content=\"Noticias Info CKL #2905 - 05\/12\/2024 El Congreso reconoce la maternidad de la Constituci\u00f3n: 27 mujeres que lucharon por la democracia y la igualdad-Brecha de g\u00e9nero: las mujeres trabajan gratis desde el 30 de noviembre-Koyo Kouoh, directora art\u00edstica de la Bienal de Venecia 2026-Lucrecia Hevia, directora de elDiario.es Andaluc\u00eda, premio Plaza de Espa\u00f1a por su defensa y difusi\u00f3n de los valores democr\u00e1ticos.\" \/>\n<meta name=\"robots\" content=\"index, follow, max-snippet:-1, max-image-preview:large, max-video-preview:-1\" \/>\n<link rel=\"canonical\" href=\"https:\/\/cklcomunicaciones.es\/coop\/noticias-info-ckl-no-2905-05-12-24\/\" \/>\n<meta property=\"og:locale\" content=\"es_ES\" \/>\n<meta property=\"og:type\" content=\"article\" \/>\n<meta property=\"og:title\" content=\"Noticias Info CKL n\u00ba 2905-05\/12\/24-Comunicar con perspectiva de g\u00e9nero\" \/>\n<meta property=\"og:description\" content=\"Noticias Info CKL #2905 - 05\/12\/2024 El Congreso reconoce la maternidad de la Constituci\u00f3n: 27 mujeres que lucharon por la democracia y la igualdad-Brecha de g\u00e9nero: las mujeres trabajan gratis desde el 30 de noviembre-Koyo Kouoh, directora art\u00edstica de la Bienal de Venecia 2026-Lucrecia Hevia, directora de elDiario.es Andaluc\u00eda, premio Plaza de Espa\u00f1a por su defensa y difusi\u00f3n de los valores democr\u00e1ticos.\" \/>\n<meta property=\"og:url\" content=\"https:\/\/cklcomunicaciones.es\/coop\/noticias-info-ckl-no-2905-05-12-24\/\" \/>\n<meta property=\"og:site_name\" content=\"CKL Comunicaciones\" \/>\n<meta property=\"article:published_time\" content=\"2024-12-05T17:05:13+00:00\" \/>\n<meta property=\"article:modified_time\" content=\"2025-02-07T11:11:18+00:00\" \/>\n<meta property=\"og:image\" content=\"https:\/\/cklcomunicaciones.es\/coop\/wp-content\/uploads\/2025\/01\/CKL-una-mirada-distinta-de-la-comunicacion.jpg\" \/>\n\t<meta property=\"og:image:width\" content=\"1482\" \/>\n\t<meta property=\"og:image:height\" content=\"775\" \/>\n\t<meta property=\"og:image:type\" content=\"image\/jpeg\" \/>\n<meta name=\"author\" content=\"ckl\" \/>\n<meta name=\"twitter:card\" content=\"summary_large_image\" \/>\n<meta name=\"twitter:label1\" content=\"Escrito por\" \/>\n\t<meta name=\"twitter:data1\" content=\"ckl\" \/>\n\t<meta name=\"twitter:label2\" content=\"Tiempo de lectura\" \/>\n\t<meta name=\"twitter:data2\" content=\"6 minutos\" \/>\n<script type=\"application\/ld+json\" class=\"yoast-schema-graph\">{\"@context\":\"https:\\\/\\\/schema.org\",\"@graph\":[{\"@type\":\"Article\",\"@id\":\"https:\\\/\\\/cklcomunicaciones.es\\\/coop\\\/noticias-info-ckl-no-2905-05-12-24\\\/#article\",\"isPartOf\":{\"@id\":\"https:\\\/\\\/cklcomunicaciones.es\\\/coop\\\/noticias-info-ckl-no-2905-05-12-24\\\/\"},\"author\":{\"name\":\"ckl\",\"@id\":\"https:\\\/\\\/cklcomunicaciones.es\\\/coop\\\/#\\\/schema\\\/person\\\/929a6837f7626450bbb50cee1aef266e\"},\"headline\":\"Noticias Info CKL #2905 &#8211; 05\\\/12\\\/2024\",\"datePublished\":\"2024-12-05T17:05:13+00:00\",\"dateModified\":\"2025-02-07T11:11:18+00:00\",\"mainEntityOfPage\":{\"@id\":\"https:\\\/\\\/cklcomunicaciones.es\\\/coop\\\/noticias-info-ckl-no-2905-05-12-24\\\/\"},\"wordCount\":7783,\"image\":{\"@id\":\"https:\\\/\\\/cklcomunicaciones.es\\\/coop\\\/noticias-info-ckl-no-2905-05-12-24\\\/#primaryimage\"},\"thumbnailUrl\":\"https:\\\/\\\/cklcomunicaciones.es\\\/coop\\\/wp-content\\\/uploads\\\/2025\\\/01\\\/CKL-una-mirada-distinta-de-la-comunicacion.jpg\",\"keywords\":[\"brecha salarial\",\"mujer y cultura\",\"periodismo\"],\"articleSection\":[\"Newsletter\",\"Nwl v.4.0\"],\"inLanguage\":\"es\"},{\"@type\":\"WebPage\",\"@id\":\"https:\\\/\\\/cklcomunicaciones.es\\\/coop\\\/noticias-info-ckl-no-2905-05-12-24\\\/\",\"url\":\"https:\\\/\\\/cklcomunicaciones.es\\\/coop\\\/noticias-info-ckl-no-2905-05-12-24\\\/\",\"name\":\"Noticias Info CKL n\u00ba 2905-05\\\/12\\\/24-Comunicar con perspectiva de g\u00e9nero\",\"isPartOf\":{\"@id\":\"https:\\\/\\\/cklcomunicaciones.es\\\/coop\\\/#website\"},\"primaryImageOfPage\":{\"@id\":\"https:\\\/\\\/cklcomunicaciones.es\\\/coop\\\/noticias-info-ckl-no-2905-05-12-24\\\/#primaryimage\"},\"image\":{\"@id\":\"https:\\\/\\\/cklcomunicaciones.es\\\/coop\\\/noticias-info-ckl-no-2905-05-12-24\\\/#primaryimage\"},\"thumbnailUrl\":\"https:\\\/\\\/cklcomunicaciones.es\\\/coop\\\/wp-content\\\/uploads\\\/2025\\\/01\\\/CKL-una-mirada-distinta-de-la-comunicacion.jpg\",\"datePublished\":\"2024-12-05T17:05:13+00:00\",\"dateModified\":\"2025-02-07T11:11:18+00:00\",\"author\":{\"@id\":\"https:\\\/\\\/cklcomunicaciones.es\\\/coop\\\/#\\\/schema\\\/person\\\/929a6837f7626450bbb50cee1aef266e\"},\"description\":\"Noticias Info CKL #2905 - 05\\\/12\\\/2024 El Congreso reconoce la maternidad de la Constituci\u00f3n: 27 mujeres que lucharon por la democracia y la igualdad-Brecha de g\u00e9nero: las mujeres trabajan gratis desde el 30 de noviembre-Koyo Kouoh, directora art\u00edstica de la Bienal de Venecia 2026-Lucrecia Hevia, directora de elDiario.es Andaluc\u00eda, premio Plaza de Espa\u00f1a por su defensa y difusi\u00f3n de los valores democr\u00e1ticos.\",\"breadcrumb\":{\"@id\":\"https:\\\/\\\/cklcomunicaciones.es\\\/coop\\\/noticias-info-ckl-no-2905-05-12-24\\\/#breadcrumb\"},\"inLanguage\":\"es\",\"potentialAction\":[{\"@type\":\"ReadAction\",\"target\":[\"https:\\\/\\\/cklcomunicaciones.es\\\/coop\\\/noticias-info-ckl-no-2905-05-12-24\\\/\"]}]},{\"@type\":\"ImageObject\",\"inLanguage\":\"es\",\"@id\":\"https:\\\/\\\/cklcomunicaciones.es\\\/coop\\\/noticias-info-ckl-no-2905-05-12-24\\\/#primaryimage\",\"url\":\"https:\\\/\\\/cklcomunicaciones.es\\\/coop\\\/wp-content\\\/uploads\\\/2025\\\/01\\\/CKL-una-mirada-distinta-de-la-comunicacion.jpg\",\"contentUrl\":\"https:\\\/\\\/cklcomunicaciones.es\\\/coop\\\/wp-content\\\/uploads\\\/2025\\\/01\\\/CKL-una-mirada-distinta-de-la-comunicacion.jpg\",\"width\":1482,\"height\":775,\"caption\":\"CKL - una mirada distinta de la comunicacion\"},{\"@type\":\"BreadcrumbList\",\"@id\":\"https:\\\/\\\/cklcomunicaciones.es\\\/coop\\\/noticias-info-ckl-no-2905-05-12-24\\\/#breadcrumb\",\"itemListElement\":[{\"@type\":\"ListItem\",\"position\":1,\"name\":\"Portada\",\"item\":\"https:\\\/\\\/cklcomunicaciones.es\\\/coop\\\/\"},{\"@type\":\"ListItem\",\"position\":2,\"name\":\"Noticias Info CKL #2905 &#8211; 05\\\/12\\\/2024\"}]},{\"@type\":\"WebSite\",\"@id\":\"https:\\\/\\\/cklcomunicaciones.es\\\/coop\\\/#website\",\"url\":\"https:\\\/\\\/cklcomunicaciones.es\\\/coop\\\/\",\"name\":\"CKL Comunicaciones\",\"description\":\"Sitio web de CKL Comunicaciones coop , la consultora de comunicaci\u00f3n y estrategia\",\"potentialAction\":[{\"@type\":\"SearchAction\",\"target\":{\"@type\":\"EntryPoint\",\"urlTemplate\":\"https:\\\/\\\/cklcomunicaciones.es\\\/coop\\\/?s={search_term_string}\"},\"query-input\":{\"@type\":\"PropertyValueSpecification\",\"valueRequired\":true,\"valueName\":\"search_term_string\"}}],\"inLanguage\":\"es\"},{\"@type\":\"Person\",\"@id\":\"https:\\\/\\\/cklcomunicaciones.es\\\/coop\\\/#\\\/schema\\\/person\\\/929a6837f7626450bbb50cee1aef266e\",\"name\":\"ckl\",\"image\":{\"@type\":\"ImageObject\",\"inLanguage\":\"es\",\"@id\":\"https:\\\/\\\/secure.gravatar.com\\\/avatar\\\/c82db564e8a669bf6023357a157b9dc4780f4d4c618f2ad1d71a6a5dede45057?s=96&d=mm&r=g\",\"url\":\"https:\\\/\\\/secure.gravatar.com\\\/avatar\\\/c82db564e8a669bf6023357a157b9dc4780f4d4c618f2ad1d71a6a5dede45057?s=96&d=mm&r=g\",\"contentUrl\":\"https:\\\/\\\/secure.gravatar.com\\\/avatar\\\/c82db564e8a669bf6023357a157b9dc4780f4d4c618f2ad1d71a6a5dede45057?s=96&d=mm&r=g\",\"caption\":\"ckl\"},\"url\":\"https:\\\/\\\/cklcomunicaciones.es\\\/coop\\\/author\\\/cklcomunicaciones\\\/\"}]}<\/script>\n<!-- \/ Yoast SEO plugin. -->","yoast_head_json":{"title":"Noticias Info CKL n\u00ba 2905-05\/12\/24-Comunicar con perspectiva de g\u00e9nero","description":"Noticias Info CKL #2905 - 05\/12\/2024 El Congreso reconoce la maternidad de la Constituci\u00f3n: 27 mujeres que lucharon por la democracia y la igualdad-Brecha de g\u00e9nero: las mujeres trabajan gratis desde el 30 de noviembre-Koyo Kouoh, directora art\u00edstica de la Bienal de Venecia 2026-Lucrecia Hevia, directora de elDiario.es Andaluc\u00eda, premio Plaza de Espa\u00f1a por su defensa y difusi\u00f3n de los valores democr\u00e1ticos.","robots":{"index":"index","follow":"follow","max-snippet":"max-snippet:-1","max-image-preview":"max-image-preview:large","max-video-preview":"max-video-preview:-1"},"canonical":"https:\/\/cklcomunicaciones.es\/coop\/noticias-info-ckl-no-2905-05-12-24\/","og_locale":"es_ES","og_type":"article","og_title":"Noticias Info CKL n\u00ba 2905-05\/12\/24-Comunicar con perspectiva de g\u00e9nero","og_description":"Noticias Info CKL #2905 - 05\/12\/2024 El Congreso reconoce la maternidad de la Constituci\u00f3n: 27 mujeres que lucharon por la democracia y la igualdad-Brecha de g\u00e9nero: las mujeres trabajan gratis desde el 30 de noviembre-Koyo Kouoh, directora art\u00edstica de la Bienal de Venecia 2026-Lucrecia Hevia, directora de elDiario.es Andaluc\u00eda, premio Plaza de Espa\u00f1a por su defensa y difusi\u00f3n de los valores democr\u00e1ticos.","og_url":"https:\/\/cklcomunicaciones.es\/coop\/noticias-info-ckl-no-2905-05-12-24\/","og_site_name":"CKL Comunicaciones","article_published_time":"2024-12-05T17:05:13+00:00","article_modified_time":"2025-02-07T11:11:18+00:00","og_image":[{"width":1482,"height":775,"url":"https:\/\/cklcomunicaciones.es\/coop\/wp-content\/uploads\/2025\/01\/CKL-una-mirada-distinta-de-la-comunicacion.jpg","type":"image\/jpeg"}],"author":"ckl","twitter_card":"summary_large_image","twitter_misc":{"Escrito por":"ckl","Tiempo de lectura":"6 minutos"},"schema":{"@context":"https:\/\/schema.org","@graph":[{"@type":"Article","@id":"https:\/\/cklcomunicaciones.es\/coop\/noticias-info-ckl-no-2905-05-12-24\/#article","isPartOf":{"@id":"https:\/\/cklcomunicaciones.es\/coop\/noticias-info-ckl-no-2905-05-12-24\/"},"author":{"name":"ckl","@id":"https:\/\/cklcomunicaciones.es\/coop\/#\/schema\/person\/929a6837f7626450bbb50cee1aef266e"},"headline":"Noticias Info CKL #2905 &#8211; 05\/12\/2024","datePublished":"2024-12-05T17:05:13+00:00","dateModified":"2025-02-07T11:11:18+00:00","mainEntityOfPage":{"@id":"https:\/\/cklcomunicaciones.es\/coop\/noticias-info-ckl-no-2905-05-12-24\/"},"wordCount":7783,"image":{"@id":"https:\/\/cklcomunicaciones.es\/coop\/noticias-info-ckl-no-2905-05-12-24\/#primaryimage"},"thumbnailUrl":"https:\/\/cklcomunicaciones.es\/coop\/wp-content\/uploads\/2025\/01\/CKL-una-mirada-distinta-de-la-comunicacion.jpg","keywords":["brecha salarial","mujer y cultura","periodismo"],"articleSection":["Newsletter","Nwl v.4.0"],"inLanguage":"es"},{"@type":"WebPage","@id":"https:\/\/cklcomunicaciones.es\/coop\/noticias-info-ckl-no-2905-05-12-24\/","url":"https:\/\/cklcomunicaciones.es\/coop\/noticias-info-ckl-no-2905-05-12-24\/","name":"Noticias Info CKL n\u00ba 2905-05\/12\/24-Comunicar con perspectiva de g\u00e9nero","isPartOf":{"@id":"https:\/\/cklcomunicaciones.es\/coop\/#website"},"primaryImageOfPage":{"@id":"https:\/\/cklcomunicaciones.es\/coop\/noticias-info-ckl-no-2905-05-12-24\/#primaryimage"},"image":{"@id":"https:\/\/cklcomunicaciones.es\/coop\/noticias-info-ckl-no-2905-05-12-24\/#primaryimage"},"thumbnailUrl":"https:\/\/cklcomunicaciones.es\/coop\/wp-content\/uploads\/2025\/01\/CKL-una-mirada-distinta-de-la-comunicacion.jpg","datePublished":"2024-12-05T17:05:13+00:00","dateModified":"2025-02-07T11:11:18+00:00","author":{"@id":"https:\/\/cklcomunicaciones.es\/coop\/#\/schema\/person\/929a6837f7626450bbb50cee1aef266e"},"description":"Noticias Info CKL #2905 - 05\/12\/2024 El Congreso reconoce la maternidad de la Constituci\u00f3n: 27 mujeres que lucharon por la democracia y la igualdad-Brecha de g\u00e9nero: las mujeres trabajan gratis desde el 30 de noviembre-Koyo Kouoh, directora art\u00edstica de la Bienal de Venecia 2026-Lucrecia Hevia, directora de elDiario.es Andaluc\u00eda, premio Plaza de Espa\u00f1a por su defensa y difusi\u00f3n de los valores democr\u00e1ticos.","breadcrumb":{"@id":"https:\/\/cklcomunicaciones.es\/coop\/noticias-info-ckl-no-2905-05-12-24\/#breadcrumb"},"inLanguage":"es","potentialAction":[{"@type":"ReadAction","target":["https:\/\/cklcomunicaciones.es\/coop\/noticias-info-ckl-no-2905-05-12-24\/"]}]},{"@type":"ImageObject","inLanguage":"es","@id":"https:\/\/cklcomunicaciones.es\/coop\/noticias-info-ckl-no-2905-05-12-24\/#primaryimage","url":"https:\/\/cklcomunicaciones.es\/coop\/wp-content\/uploads\/2025\/01\/CKL-una-mirada-distinta-de-la-comunicacion.jpg","contentUrl":"https:\/\/cklcomunicaciones.es\/coop\/wp-content\/uploads\/2025\/01\/CKL-una-mirada-distinta-de-la-comunicacion.jpg","width":1482,"height":775,"caption":"CKL - una mirada distinta de la comunicacion"},{"@type":"BreadcrumbList","@id":"https:\/\/cklcomunicaciones.es\/coop\/noticias-info-ckl-no-2905-05-12-24\/#breadcrumb","itemListElement":[{"@type":"ListItem","position":1,"name":"Portada","item":"https:\/\/cklcomunicaciones.es\/coop\/"},{"@type":"ListItem","position":2,"name":"Noticias Info CKL #2905 &#8211; 05\/12\/2024"}]},{"@type":"WebSite","@id":"https:\/\/cklcomunicaciones.es\/coop\/#website","url":"https:\/\/cklcomunicaciones.es\/coop\/","name":"CKL Comunicaciones","description":"Sitio web de CKL Comunicaciones coop , la consultora de comunicaci\u00f3n y estrategia","potentialAction":[{"@type":"SearchAction","target":{"@type":"EntryPoint","urlTemplate":"https:\/\/cklcomunicaciones.es\/coop\/?s={search_term_string}"},"query-input":{"@type":"PropertyValueSpecification","valueRequired":true,"valueName":"search_term_string"}}],"inLanguage":"es"},{"@type":"Person","@id":"https:\/\/cklcomunicaciones.es\/coop\/#\/schema\/person\/929a6837f7626450bbb50cee1aef266e","name":"ckl","image":{"@type":"ImageObject","inLanguage":"es","@id":"https:\/\/secure.gravatar.com\/avatar\/c82db564e8a669bf6023357a157b9dc4780f4d4c618f2ad1d71a6a5dede45057?s=96&d=mm&r=g","url":"https:\/\/secure.gravatar.com\/avatar\/c82db564e8a669bf6023357a157b9dc4780f4d4c618f2ad1d71a6a5dede45057?s=96&d=mm&r=g","contentUrl":"https:\/\/secure.gravatar.com\/avatar\/c82db564e8a669bf6023357a157b9dc4780f4d4c618f2ad1d71a6a5dede45057?s=96&d=mm&r=g","caption":"ckl"},"url":"https:\/\/cklcomunicaciones.es\/coop\/author\/cklcomunicaciones\/"}]}},"_links":{"self":[{"href":"https:\/\/cklcomunicaciones.es\/coop\/wp-json\/wp\/v2\/posts\/22123","targetHints":{"allow":["GET"]}}],"collection":[{"href":"https:\/\/cklcomunicaciones.es\/coop\/wp-json\/wp\/v2\/posts"}],"about":[{"href":"https:\/\/cklcomunicaciones.es\/coop\/wp-json\/wp\/v2\/types\/post"}],"author":[{"embeddable":true,"href":"https:\/\/cklcomunicaciones.es\/coop\/wp-json\/wp\/v2\/users\/3"}],"replies":[{"embeddable":true,"href":"https:\/\/cklcomunicaciones.es\/coop\/wp-json\/wp\/v2\/comments?post=22123"}],"version-history":[{"count":0,"href":"https:\/\/cklcomunicaciones.es\/coop\/wp-json\/wp\/v2\/posts\/22123\/revisions"}],"wp:featuredmedia":[{"embeddable":true,"href":"https:\/\/cklcomunicaciones.es\/coop\/wp-json\/wp\/v2\/media\/22909"}],"wp:attachment":[{"href":"https:\/\/cklcomunicaciones.es\/coop\/wp-json\/wp\/v2\/media?parent=22123"}],"wp:term":[{"taxonomy":"category","embeddable":true,"href":"https:\/\/cklcomunicaciones.es\/coop\/wp-json\/wp\/v2\/categories?post=22123"},{"taxonomy":"post_tag","embeddable":true,"href":"https:\/\/cklcomunicaciones.es\/coop\/wp-json\/wp\/v2\/tags?post=22123"}],"curies":[{"name":"wp","href":"https:\/\/api.w.org\/{rel}","templated":true}]}}