{"id":22121,"date":"2024-11-21T20:14:37","date_gmt":"2024-11-21T19:14:37","guid":{"rendered":"https:\/\/www.cklcomunicaciones.es\/?p=21413"},"modified":"2025-02-12T10:38:32","modified_gmt":"2025-02-12T09:38:32","slug":"noticias-info-ckl-no-2903-21-11-24","status":"publish","type":"post","link":"https:\/\/cklcomunicaciones.es\/coop\/noticias-info-ckl-no-2903-21-11-24\/","title":{"rendered":"Noticias Info CKL n\u00ba 2903-21\/11\/24"},"content":{"rendered":"<p><div class=\"fusion-fullwidth fullwidth-box fusion-builder-row-1 fusion-flex-container has-pattern-background has-mask-background nonhundred-percent-fullwidth non-hundred-percent-height-scrolling\" style=\"--awb-border-radius-top-left:0px;--awb-border-radius-top-right:0px;--awb-border-radius-bottom-right:0px;--awb-border-radius-bottom-left:0px;--awb-flex-wrap:wrap;\" ><div class=\"fusion-builder-row fusion-row fusion-flex-align-items-flex-start fusion-flex-content-wrap\" style=\"max-width:1248px;margin-left: calc(-4% \/ 2 );margin-right: calc(-4% \/ 2 );\"><div class=\"fusion-layout-column fusion_builder_column fusion-builder-column-0 fusion_builder_column_1_1 1_1 fusion-flex-column\" style=\"--awb-bg-size:cover;--awb-width-large:100%;--awb-margin-top-large:0px;--awb-spacing-right-large:1.92%;--awb-margin-bottom-large:20px;--awb-spacing-left-large:1.92%;--awb-width-medium:100%;--awb-order-medium:0;--awb-spacing-right-medium:1.92%;--awb-spacing-left-medium:1.92%;--awb-width-small:100%;--awb-order-small:0;--awb-spacing-right-small:1.92%;--awb-spacing-left-small:1.92%;\"><div class=\"fusion-column-wrapper fusion-column-has-shadow fusion-flex-justify-content-flex-start fusion-content-layout-column\"><div class=\"fusion-title title fusion-title-1 fusion-sep-none fusion-title-text fusion-title-size-paragraph\" style=\"--awb-margin-top:20px;--awb-margin-top-small:10px;--awb-margin-right-small:0px;--awb-margin-bottom-small:10px;--awb-margin-left-small:0px;--awb-sep-color:var(--awb-custom_color_1);--awb-font-size:20px;\"><p class=\"fusion-title-heading title-heading-left title-heading-tag fusion-responsive-typography-calculated\" style=\"font-family:&quot;Raleway&quot;;font-style:normal;font-weight:400;margin:0;font-size:1em;--fontSize:20;--minFontSize:20;line-height:var(--awb-typography4-line-height);\"><a class=\"fusion-one-page-text-link\" href=\"#convocatorias\"><mark class=\"fusion-highlight custom-textcolor highlight1 awb-highlight-background rounded\" style=\"--awb-text-color:#ffffff;\"><strong>Convocatorias<\/strong><\/mark><\/a> <a class=\"fusion-one-page-text-link\" href=\"#comunicacion\"><mark class=\"fusion-highlight custom-textcolor highlight1 awb-highlight-background rounded\" style=\"--awb-color:#db9600;--awb-text-color:#ffffff;\"><strong>Comunicaci\u00f3n, Publicidad y TICs<\/strong><\/mark><\/a> <a class=\"fusion-one-page-text-link\" href=\"#andalucia\"><mark class=\"fusion-highlight custom-textcolor highlight1 awb-highlight-background rounded\" style=\"--awb-color:#4cb700;--awb-text-color:#ffffff;\"><strong>Andaluc\u00eda<\/strong><\/mark><\/a> <a class=\"fusion-one-page-text-link\" href=\"#estado\"><mark class=\"fusion-highlight custom-textcolor highlight1 awb-highlight-background rounded\" style=\"--awb-text-color:#ffffff;\"><strong>Estado<\/strong><\/mark><\/a> <a class=\"fusion-one-page-text-link\" href=\"#internacional\"><mark class=\"fusion-highlight custom-textcolor highlight1 awb-highlight-background rounded\" style=\"--awb-color:#0098d9;--awb-text-color:#ffffff;\"><strong>UE &amp; Internacional<\/strong><\/mark><\/a><\/p><\/div><\/div><\/div><\/div><\/div><div class=\"fusion-fullwidth fullwidth-box fusion-builder-row-2 fusion-flex-container has-pattern-background has-mask-background hundred-percent-fullwidth non-hundred-percent-height-scrolling\" style=\"--awb-border-radius-top-left:0px;--awb-border-radius-top-right:0px;--awb-border-radius-bottom-right:0px;--awb-border-radius-bottom-left:0px;--awb-padding-right-small:2%;--awb-padding-left-small:2%;--awb-flex-wrap:wrap;\" ><div class=\"fusion-builder-row fusion-row fusion-flex-align-items-flex-start fusion-flex-content-wrap\" style=\"width:104% !important;max-width:104% !important;margin-left: calc(-4% \/ 2 );margin-right: calc(-4% \/ 2 );\"><div class=\"fusion-layout-column fusion_builder_column fusion-builder-column-1 fusion_builder_column_1_1 1_1 fusion-flex-column\" style=\"--awb-padding-right:20px;--awb-padding-left:20px;--awb-padding-right-small:15px;--awb-padding-left-small:15px;--awb-overflow:hidden;--awb-bg-color:var(--awb-color1);--awb-bg-color-hover:var(--awb-color1);--awb-bg-size:cover;--awb-border-color:#f56e28;--awb-border-top:2px;--awb-border-right:2px;--awb-border-bottom:2px;--awb-border-left:2px;--awb-border-style:solid;--awb-border-radius:15px 15px 15px 15px;--awb-width-large:100%;--awb-margin-top-large:0px;--awb-spacing-right-large:1.92%;--awb-margin-bottom-large:20px;--awb-spacing-left-large:1.92%;--awb-width-medium:100%;--awb-order-medium:0;--awb-spacing-right-medium:1.92%;--awb-spacing-left-medium:1.92%;--awb-width-small:100%;--awb-order-small:0;--awb-spacing-right-small:0px;--awb-spacing-left-small:0px;\" id=\"c_25n\" data-scroll-devices=\"small-visibility,medium-visibility,large-visibility\"><div class=\"fusion-column-wrapper fusion-column-has-shadow fusion-flex-justify-content-flex-start fusion-content-layout-column\"><div class=\"fusion-title title fusion-title-2 fusion-sep-none fusion-title-text fusion-title-size-one\" style=\"--awb-margin-top:20px;--awb-margin-top-small:10px;--awb-margin-right-small:0px;--awb-margin-bottom-small:10px;--awb-margin-left-small:0px;--awb-sep-color:var(--awb-custom_color_1);\" id=\"8m\"><h1 class=\"fusion-title-heading title-heading-left fusion-responsive-typography-calculated\" style=\"font-family:&quot;Raleway&quot;;font-style:normal;font-weight:400;margin:0;--fontSize:40;line-height:var(--awb-typography1-line-height);\"><mark class=\"fusion-highlight custom-textcolor highlight1 awb-highlight-background rounded\" style=\"--awb-color:#F56E28;--awb-text-color:#ffffff;\"><i class=\"fb-icon-element-1 fb-icon-element fontawesome-icon fa-hand-sparkles fas circle-no fusion-text-flow\" style=\"--awb-font-size:32px;--awb-margin-right:16px;\"><\/i><strong>Especial 25N<\/strong><\/mark><\/h1><\/div><div class=\"fusion-text fusion-text-1\" style=\"--awb-line-height:1.5em;--awb-margin-left:10px;--awb-text-font-family:Georgia, serif;--awb-text-font-style:normal;--awb-text-font-weight:400;\"><ul>\n<li><a href=\"https:\/\/www.feministas.org\/movilizaciones-2024-25noviembre.html\">Movilizaciones 2024 #25Noviembre Dia Internacional Por la Eliminaci\u00f3n de las Violencias hacia las Mujeres &#8211; Coordinadora Feminista<\/a><\/li>\n<\/ul>\n<\/div><\/div><\/div><\/div><\/div><div class=\"fusion-fullwidth fullwidth-box fusion-builder-row-3 fusion-flex-container has-pattern-background has-mask-background hundred-percent-fullwidth non-hundred-percent-height-scrolling\" style=\"--awb-border-radius-top-left:0px;--awb-border-radius-top-right:0px;--awb-border-radius-bottom-right:0px;--awb-border-radius-bottom-left:0px;--awb-padding-right-small:2%;--awb-padding-left-small:2%;--awb-flex-wrap:wrap;\" ><div class=\"fusion-builder-row fusion-row fusion-flex-align-items-flex-start fusion-flex-content-wrap\" style=\"width:104% !important;max-width:104% !important;margin-left: calc(-4% \/ 2 );margin-right: calc(-4% \/ 2 );\"><div class=\"fusion-layout-column fusion_builder_column fusion-builder-column-2 fusion_builder_column_1_1 1_1 fusion-flex-column\" style=\"--awb-padding-right:20px;--awb-padding-left:20px;--awb-padding-right-small:15px;--awb-padding-left-small:15px;--awb-overflow:hidden;--awb-bg-color:var(--awb-color1);--awb-bg-color-hover:var(--awb-color1);--awb-bg-size:cover;--awb-border-color:var(--awb-color3);--awb-border-top:2px;--awb-border-right:2px;--awb-border-bottom:2px;--awb-border-left:2px;--awb-border-style:solid;--awb-border-radius:15px 15px 15px 15px;--awb-width-large:100%;--awb-margin-top-large:0px;--awb-spacing-right-large:1.92%;--awb-margin-bottom-large:20px;--awb-spacing-left-large:1.92%;--awb-width-medium:100%;--awb-order-medium:0;--awb-spacing-right-medium:1.92%;--awb-spacing-left-medium:1.92%;--awb-width-small:100%;--awb-order-small:0;--awb-spacing-right-small:0px;--awb-spacing-left-small:0px;\" id=\"c_convocatorias\" data-scroll-devices=\"small-visibility,medium-visibility,large-visibility\"><div class=\"fusion-column-wrapper fusion-column-has-shadow fusion-flex-justify-content-flex-start fusion-content-layout-column\"><div class=\"fusion-title title fusion-title-3 fusion-sep-none fusion-title-text fusion-title-size-one\" style=\"--awb-margin-top:20px;--awb-margin-top-small:10px;--awb-margin-right-small:0px;--awb-margin-bottom-small:10px;--awb-margin-left-small:0px;--awb-sep-color:var(--awb-custom_color_1);\" id=\"convocatorias\"><h1 class=\"fusion-title-heading title-heading-left fusion-responsive-typography-calculated\" style=\"font-family:&quot;Raleway&quot;;font-style:normal;font-weight:400;margin:0;--fontSize:40;line-height:var(--awb-typography1-line-height);\"><mark class=\"fusion-highlight custom-textcolor highlight1 awb-highlight-background rounded\" style=\"--awb-text-color:#ffffff;\"><strong>Convocatorias<\/strong><\/mark><\/h1><\/div><div class=\"fusion-text fusion-text-2\" style=\"--awb-line-height:1.5em;--awb-margin-left:10px;\"><ul>\n<li>FEPME2024 Feria de Empresarias de la Provincia de Sevilla. 22, 23 y 24 de noviembre en el Patio de la Diputaci\u00f3n de Sevilla. M\u00e1s informaci\u00f3n: <a href=\"https:\/\/www.dipusevilla.es\/comunicacion\/noticias\/La-Feria-de-Empresarias-de-la-Provincia-de-Sevilla-FEPME-alcanza-su-mayoria-de-edad-y-se-consolida-conmo-feria-de-experiencias-en-el-ambito-estatal\/\">La Feria de Empresarias de la Provincia de Sevilla, FEPME, alcanza su mayor\u00eda de edad y se consolida conmo feria de experiencias en el \u00e1mbito estatal<\/a><\/li>\n<li><a href=\"http:\/\/www.juntadeandalucia.es\/iam\/catalogo\/doc\/convocatorias\/2024-genero\/EL-cartel-quiero-libre.jpg\" rel=\"prettyPhoto&#091;21413&#093;\">Taller \u00abTe quiero libre, y me quiero libre contigo\u00bb<\/a>. Asociaci\u00f3n Dem\u00e9ter.\u00a028 de noviembre, de 10 a 13 horas.\u00a0<a href=\"https:\/\/docs.google.com\/forms\/d\/1MJALib2nBQh8p5DFKVMTCzbWcUzShx-cW1L_NRxYnWw\/edit\">Inscripciones.<\/a><\/li>\n<li>Ciclo vivencial de Toma de conciencia, crecimiento y empoderamiento de las mujeres. F-ENLACE.\u00a028 de noviembre.\u00a0<a href=\"https:\/\/forms.gle\/Ye6CzXyGWGn492J77\" target=\"_blank\" rel=\"noopener noreferrer\" data-saferedirecturl=\"https:\/\/www.google.com\/url?q=https:\/\/forms.gle\/Ye6CzXyGWGn492J77&amp;source=gmail&amp;ust=1732297469536000&amp;usg=AOvVaw2qHTQAUfv3FGdc_hjCJySA\">Inscripciones<\/a>.<\/li>\n<li><a href=\"http:\/\/www.juntadeandalucia.es\/iam\/catalogo\/doc\/convocatorias\/2024-genero\/cartel-manifestacion25N-jerez.jpg\" target=\"_blank\" rel=\"noopener prettyPhoto&#091;21413&#093;\" data-saferedirecturl=\"https:\/\/www.google.com\/url?q=http:\/\/www.juntadeandalucia.es\/iam\/catalogo\/doc\/convocatorias\/2024-genero\/cartel-manifestacion25N-jerez.jpg&amp;source=gmail&amp;ust=1732297469536000&amp;usg=AOvVaw1XNTvBV9oYrPsT5l659RBW\">Manifestaci\u00f3n con motivo de la celebraci\u00f3n del D\u00eda Internacional contra la Violencia de G\u00e9nero<\/a>.\u00a025\u00a0de noviembre,\u00a0a las\u00a017.00\u00a0horas. Ayuntamiento de Jerez.<\/li>\n<li>Jornada \u201cEstrategia para la Salud Sexual y Salud Reproductiva de Andaluc\u00eda\u201d. New Medical Economics.\u00a0Retransmis\u00f3n en streaming. 28\u00a0de noviembre,\u00a0de 11.00 a 13.45\u00a0horas.\u00a0<a href=\"http:\/\/www.juntadeandalucia.es\/iam\/catalogo\/doc\/convocatorias\/2024-genero\/EL-estrategia-salud-sexual.pdf\" target=\"_blank\" rel=\"noopener noreferrer\" data-saferedirecturl=\"https:\/\/www.google.com\/url?q=http:\/\/www.juntadeandalucia.es\/iam\/catalogo\/doc\/convocatorias\/2024-genero\/EL-estrategia-salud-sexual.pdf&amp;source=gmail&amp;ust=1732297469536000&amp;usg=AOvVaw0Y_k6SOCFKlpmL4H2OduKj\">Programa<\/a>.\u00a0<a href=\"https:\/\/www.newmedicaleconomics.es\/estrategia-para-la-salud-sexual-y-salud-reproductiva-de-andalucia\/\" target=\"_blank\" rel=\"noopener noreferrer\" data-saferedirecturl=\"https:\/\/www.google.com\/url?q=https:\/\/www.newmedicaleconomics.es\/estrategia-para-la-salud-sexual-y-salud-reproductiva-de-andalucia\/&amp;source=gmail&amp;ust=1732297469536000&amp;usg=AOvVaw3ppD9FEYeeniJxgLBCV2RU\">M\u00e1s informaci\u00f3n e incripciones<\/a>.<\/li>\n<li><a href=\"http:\/\/www.juntadeandalucia.es\/iam\/catalogo\/doc\/convocatorias\/2024-genero\/EL-ciclo-tertulias-annie.png\" target=\"_blank\" rel=\"noopener prettyPhoto&#091;21413&#093;\" data-saferedirecturl=\"https:\/\/www.google.com\/url?q=http:\/\/www.juntadeandalucia.es\/iam\/catalogo\/doc\/convocatorias\/2024-genero\/EL-ciclo-tertulias-annie.png&amp;source=gmail&amp;ust=1732297469536000&amp;usg=AOvVaw304lEw5yVYJ4sp-9OV_BeW\">Ciclo de tertulias sobre escritoras con Premio Nobel: Annie Ernaux<\/a>. El Erizo de Papel. 26 de noviembre, a las 19.00 horas.\u00a0<a href=\"https:\/\/forms.gle\/G22SkTuYJsCZNpPq8\" target=\"_blank\" rel=\"noopener noreferrer\" data-saferedirecturl=\"https:\/\/www.google.com\/url?q=https:\/\/forms.gle\/G22SkTuYJsCZNpPq8&amp;source=gmail&amp;ust=1732297469536000&amp;usg=AOvVaw0YydM1H2PDCpV99ZrFOfY9\">M\u00e1s informaci\u00f3n e Inscripciones<\/a>.<\/li>\n<li><a href=\"http:\/\/www.juntadeandalucia.es\/iam\/catalogo\/doc\/convocatorias\/2024-genero\/cartel-genero-constitucion.pdf\" target=\"_blank\" rel=\"noopener noreferrer\" data-saferedirecturl=\"https:\/\/www.google.com\/url?q=http:\/\/www.juntadeandalucia.es\/iam\/catalogo\/doc\/convocatorias\/2024-genero\/cartel-genero-constitucion.pdf&amp;source=gmail&amp;ust=1732297469536000&amp;usg=AOvVaw1s_y1jbIbLwbPWRz7BFC7V\">Actividad Con-ciencia : El orden de g\u00e9nero de la Constituci\u00f3n Espa\u00f1ola<\/a>. C\u00e1tedra de Estudios de las Mujeres Leonor de Guzm\u00e1n.\u00a02\u00a0de\u00a0diciembre,\u00a0a las 18.00\u00a0horas.<\/li>\n<li>Seminario web: La violencia oculta tras el consumo de psicof\u00e1rmacos. F-ENLACE. 22 de noviembre.\u00a0<a href=\"https:\/\/forms.gle\/hvjUeTqXLVhqpb4r9\" target=\"_blank\" rel=\"noopener noreferrer\" data-saferedirecturl=\"https:\/\/www.google.com\/url?q=https:\/\/forms.gle\/hvjUeTqXLVhqpb4r9&amp;source=gmail&amp;ust=1732297469536000&amp;usg=AOvVaw22MVSWJJH5rRZQVry4wYZ0\">Inscripciones<\/a>.<\/li>\n<\/ul>\n<\/div><\/div><\/div><\/div><\/div><div class=\"fusion-fullwidth fullwidth-box fusion-builder-row-4 fusion-flex-container has-pattern-background has-mask-background hundred-percent-fullwidth non-hundred-percent-height-scrolling\" style=\"--awb-border-radius-top-left:0px;--awb-border-radius-top-right:0px;--awb-border-radius-bottom-right:0px;--awb-border-radius-bottom-left:0px;--awb-padding-right-small:2%;--awb-padding-left-small:2%;--awb-flex-wrap:wrap;\" ><div class=\"fusion-builder-row fusion-row fusion-flex-align-items-flex-start fusion-flex-content-wrap\" style=\"width:104% !important;max-width:104% !important;margin-left: calc(-4% \/ 2 );margin-right: calc(-4% \/ 2 );\"><div class=\"fusion-layout-column fusion_builder_column fusion-builder-column-3 fusion_builder_column_1_1 1_1 fusion-flex-column\" style=\"--awb-padding-right:20px;--awb-padding-left:20px;--awb-padding-right-small:15px;--awb-padding-left-small:15px;--awb-overflow:hidden;--awb-bg-color:var(--awb-color1);--awb-bg-color-hover:var(--awb-color1);--awb-bg-size:cover;--awb-border-color:var(--awb-color3);--awb-border-top:2px;--awb-border-right:2px;--awb-border-bottom:2px;--awb-border-left:2px;--awb-border-style:solid;--awb-border-radius:15px 15px 15px 15px;--awb-width-large:100%;--awb-margin-top-large:0px;--awb-spacing-right-large:1.92%;--awb-margin-bottom-large:20px;--awb-spacing-left-large:1.92%;--awb-width-medium:100%;--awb-order-medium:0;--awb-spacing-right-medium:1.92%;--awb-spacing-left-medium:1.92%;--awb-width-small:100%;--awb-order-small:0;--awb-spacing-right-small:0px;--awb-spacing-left-small:0px;\" id=\"comunicacion_tics\" data-scroll-devices=\"small-visibility,medium-visibility,large-visibility\"><div class=\"fusion-column-wrapper fusion-column-has-shadow fusion-flex-justify-content-flex-start fusion-content-layout-column\"><div class=\"fusion-title title fusion-title-4 fusion-sep-none fusion-title-text fusion-title-size-one\" style=\"--awb-margin-top:20px;--awb-margin-top-small:10px;--awb-margin-right-small:0px;--awb-margin-bottom-small:10px;--awb-margin-left-small:0px;--awb-sep-color:var(--awb-custom_color_1);\" id=\"comunicacion\"><h1 class=\"fusion-title-heading title-heading-left fusion-responsive-typography-calculated\" style=\"font-family:&quot;Raleway&quot;;font-style:normal;font-weight:400;margin:0;--fontSize:40;line-height:var(--awb-typography1-line-height);\"><mark class=\"fusion-highlight custom-textcolor highlight1 awb-highlight-background rounded\" style=\"--awb-color:#db9600;--awb-text-color:#ffffff;\"><strong>Comunicaci\u00f3n, Publicidad y TICs<\/strong><\/mark><\/h1><\/div><div class=\"fusion-text fusion-text-3\" style=\"--awb-line-height:1.5em;--awb-margin-left:10px;\"><ul>\n<li><a class=\"title\" title=\"El Observatorio de Igualdad de RTVE celebra la jornada 'La violencia que no cesa: 20 a\u00f1os de la Ley Integral contra la Violencia de G\u00e9nero'\" href=\"https:\/\/www.rtve.es\/rtve\/20241120\/observatorio-igualdad-rtve-celebra-jornada-violencia-no-cesa-20-anos-ley-integral-contra-violencia-genero\/16338825.shtml\" target=\"_blank\" rel=\"noopener\" data-artpy=\"0\" data-author=\"RTVE\">El Observatorio de Igualdad de RTVE celebra la jornada &#8216;La violencia que no cesa: 20 a\u00f1os de la Ley Integral contra la Violencia de<\/a>&#8230; @rtve<\/li>\n<li><a href=\"https:\/\/www.elespanol.com\/mujer\/actualidad\/20241119\/vicepresidenta-espanol-cruz-sanchez-lara-mejor-empresaria-medios-comunicacion\/902409765_0.html\">La vicepresidenta de EL ESPA\u00d1OL, Cruz S\u00e1nchez de Lara, Mejor Empresaria en Medios de Comunicaci\u00f3n<\/a> @elespa\u00f1ol<\/li>\n<li><a href=\"https:\/\/www.google.com\/url?rct=j&amp;sa=t&amp;url=https:\/\/www.diariosur.es\/malaga\/igualdad-premia-elena-blanco-asociacion-prensa-malaga-20241121170304-nt.html&amp;ct=ga&amp;cd=CAEYAioUMTQyOTYyNTg5OTQyMzg0MDc1NjUyGzlhYjFjZGQ3ZTM2NmVmMzg6ZXM6ZXM6RVM6Ug&amp;usg=AOvVaw2jMtVdANhVQgrgSa81il5S\" target=\"_blank\" rel=\"noopener\" data-saferedirecturl=\"https:\/\/www.google.com\/url?q=https:\/\/www.google.com\/url?rct%3Dj%26sa%3Dt%26url%3Dhttps:\/\/www.diariosur.es\/malaga\/igualdad-premia-elena-blanco-asociacion-prensa-malaga-20241121170304-nt.html%26ct%3Dga%26cd%3DCAEYAioUMTQyOTYyNTg5OTQyMzg0MDc1NjUyGzlhYjFjZGQ3ZTM2NmVmMzg6ZXM6ZXM6RVM6Ug%26usg%3DAOvVaw2jMtVdANhVQgrgSa81il5S&amp;source=gmail&amp;ust=1732298280832000&amp;usg=AOvVaw3uQBIj5tJ8Fl2s5kxRwCFn\">El Ministerio de Igualdad premia a Elena Blanco, presidenta de la Asociaci\u00f3n de la Prensa de M\u00e1laga<\/a>&#8230; @Diario Sur<a><br \/>\n<\/a><\/li>\n<li><a class=\"title\" href=\"https:\/\/www.msn.com\/es-es\/entretenimiento\/other\/mar%C3%ADa-casado-la-televisi%C3%B3n-p%C3%BAblica-nos-hace-m%C3%A1s-fuertes-como-pa%C3%ADs-pero-necesita-que-no-haya-injerencias-pol%C3%ADticas\/ar-AA1uu1Xs?ocid=BingNewsVerp\" target=\"_blank\" rel=\"noopener\" data-artpy=\"0\" data-author=\"La Raz\u00f3n Digital on MSN\">Mar\u00eda Casado: \u00abLa televisi\u00f3n p\u00fablica nos hace m\u00e1s fuertes como pa\u00eds, pero necesita que no haya injerencias pol\u00edticas\u00bb<\/a> @larazon<a><br \/>\n<\/a><\/li>\n<li><a class=\"title\" href=\"https:\/\/www.msn.com\/es-es\/noticias\/espana\/un-estudio-liderado-por-uv-analiza-el-papel-del-periodismo-en-los-discursos-de-odio-contra-mujeres-pol%C3%ADticas-en-twitter\/ar-AA1ur8Hk?ocid=BingNewsVerp\" target=\"_blank\" rel=\"noopener\" data-artpy=\"0\" data-author=\"Europa Press on MSN\">Un estudio liderado por UV analiza el papel del periodismo en los discursos de odio contra mujeres pol\u00edticas en Twitter<\/a> @europapress<a><br \/>\n<\/a><\/li>\n<li><a href=\"https:\/\/www.google.com\/url?rct=j&amp;sa=t&amp;url=https:\/\/www.eldiario.es\/andalucia\/economia\/ugt-andalucia-alerta-impacto-desinformacion-democracia_1_11838557.html&amp;ct=ga&amp;cd=CAEYBCoTMjI0MDcwMzE0MzQ0NzUwOTIwNDIZZDc4ZTU4NzVhMGYxZjJhYzplczplczpFUw&amp;usg=AOvVaw1hCL31ZOqV-T0uddA2q1pT\" target=\"_blank\" rel=\"noopener\" data-saferedirecturl=\"https:\/\/www.google.com\/url?q=https:\/\/www.google.com\/url?rct%3Dj%26sa%3Dt%26url%3Dhttps:\/\/www.eldiario.es\/andalucia\/economia\/ugt-andalucia-alerta-impacto-desinformacion-democracia_1_11838557.html%26ct%3Dga%26cd%3DCAEYBCoTMjI0MDcwMzE0MzQ0NzUwOTIwNDIZZDc4ZTU4NzVhMGYxZjJhYzplczplczpFUw%26usg%3DAOvVaw1hCL31ZOqV-T0uddA2q1pT&amp;source=gmail&amp;ust=1732297470164000&amp;usg=AOvVaw3CYXjJ_k6-bB6yCucGXwaC\">UGT Andaluc\u00eda alerta sobre el impacto de la desinformaci\u00f3n en la democracia<\/a> @elDiario<a><br \/>\n<\/a><\/li>\n<li><a class=\"title\" href=\"https:\/\/www.rtve.es\/radio\/20241115\/nosotras-cultura-contra-violencia-genero\/16332196.shtml\" target=\"_blank\" rel=\"noopener\" data-artpy=\"0\" data-author=\"RTVE\">Nosotras, cultura contra la violencia de g\u00e9nero<\/a> @rtve<a><br \/>\n<\/a><\/li>\n<li><a href=\"https:\/\/www.google.com\/url?rct=j&amp;sa=t&amp;url=https:\/\/www.eldiario.es\/sociedad\/instituto-mujeres-pide-retirada-campana-asociacion-familias-numerosas-maternidad_1_11841104.html&amp;ct=ga&amp;cd=CAEYACoUMTA0MzQyMjk1NTE4MzE1NTQ0ODEyGWMwMzcyZWJjMmZlYWRhNTk6ZXM6ZXM6RVM&amp;usg=AOvVaw1Jq0mN0au8u4l-H-IWV5vG\" target=\"_blank\" rel=\"noopener\" data-saferedirecturl=\"https:\/\/www.google.com\/url?q=https:\/\/www.google.com\/url?rct%3Dj%26sa%3Dt%26url%3Dhttps:\/\/www.eldiario.es\/sociedad\/instituto-mujeres-pide-retirada-campana-asociacion-familias-numerosas-maternidad_1_11841104.html%26ct%3Dga%26cd%3DCAEYACoUMTA0MzQyMjk1NTE4MzE1NTQ0ODEyGWMwMzcyZWJjMmZlYWRhNTk6ZXM6ZXM6RVM%26usg%3DAOvVaw1Jq0mN0au8u4l-H-IWV5vG&amp;source=gmail&amp;ust=1732299745150000&amp;usg=AOvVaw2Z8jVgscsD1Uw8viY9F4Ck\">El Instituto de las Mujeres pide la retirada de la campa\u00f1a que pregunta si \u00abse te est\u00e1<\/a>&#8230; @elDiario<a><br \/>\n<\/a><\/li>\n<li><a class=\"title\" href=\"https:\/\/www.msn.com\/es-es\/noticias\/internacional\/ocho-de-cada-10-espa%C3%B1oles-creen-que-la-televisi%C3%B3n-la-prensa-y-la-radio-frenan-la-desinformaci%C3%B3n\/ar-AA1uvMk5?ocid=BingNewsVerp\" target=\"_blank\" rel=\"noopener\" data-artpy=\"0\" data-author=\"El Peri\u00f3dico on MSN\">Ocho de cada 10 espa\u00f1oles creen que la televisi\u00f3n, la prensa y la radio frenan la desinformaci\u00f3n<\/a> @elperiodico<\/li>\n<li><a class=\"title\" href=\"https:\/\/www.europapress.es\/sociedad\/noticia-mas-68-espanoles-elige-television-abierto-informarse-diario-estudio-uteca-20241121114949.html\" target=\"_blank\" rel=\"noopener\" data-artpy=\"0\" data-author=\"Europa Press\">M\u00e1s del 68% de los espa\u00f1oles elige la televisi\u00f3n en abierto para informarse a diario, seg\u00fan un estudio de UTECA<\/a> @europapress<\/li>\n<\/ul>\n<\/div><\/div><\/div><\/div><\/div><div class=\"fusion-fullwidth fullwidth-box fusion-builder-row-5 fusion-flex-container has-pattern-background has-mask-background hundred-percent-fullwidth non-hundred-percent-height-scrolling\" style=\"--awb-border-radius-top-left:0px;--awb-border-radius-top-right:0px;--awb-border-radius-bottom-right:0px;--awb-border-radius-bottom-left:0px;--awb-padding-right-small:2%;--awb-padding-left-small:2%;--awb-flex-wrap:wrap;\" id=\"and\" ><div class=\"fusion-builder-row fusion-row fusion-flex-align-items-flex-start fusion-flex-content-wrap\" style=\"width:104% !important;max-width:104% !important;margin-left: calc(-4% \/ 2 );margin-right: calc(-4% \/ 2 );\"><div class=\"fusion-layout-column fusion_builder_column fusion-builder-column-4 fusion_builder_column_1_1 1_1 fusion-flex-column\" style=\"--awb-padding-right:20px;--awb-padding-left:20px;--awb-padding-right-small:15px;--awb-padding-left-small:15px;--awb-overflow:hidden;--awb-bg-color:var(--awb-color1);--awb-bg-color-hover:var(--awb-color1);--awb-bg-size:cover;--awb-border-color:var(--awb-color3);--awb-border-top:2px;--awb-border-right:2px;--awb-border-bottom:2px;--awb-border-left:2px;--awb-border-style:solid;--awb-border-radius:15px 15px 15px 15px;--awb-width-large:100%;--awb-margin-top-large:0px;--awb-spacing-right-large:1.92%;--awb-margin-bottom-large:20px;--awb-spacing-left-large:1.92%;--awb-width-medium:100%;--awb-order-medium:0;--awb-spacing-right-medium:1.92%;--awb-spacing-left-medium:1.92%;--awb-width-small:100%;--awb-order-small:0;--awb-spacing-right-small:0px;--awb-spacing-left-small:0px;\" id=\"c_andalucia\" data-scroll-devices=\"small-visibility,medium-visibility,large-visibility\"><div class=\"fusion-column-wrapper fusion-column-has-shadow fusion-flex-justify-content-flex-start fusion-content-layout-column\"><div class=\"fusion-title title fusion-title-5 fusion-sep-none fusion-title-text fusion-title-size-one\" style=\"--awb-margin-top:20px;--awb-margin-top-small:10px;--awb-margin-right-small:0px;--awb-margin-bottom-small:10px;--awb-margin-left-small:0px;--awb-sep-color:var(--awb-custom_color_1);\" id=\"andalucia\"><h1 class=\"fusion-title-heading title-heading-left fusion-responsive-typography-calculated\" style=\"font-family:&quot;Raleway&quot;;font-style:normal;font-weight:400;margin:0;--fontSize:40;line-height:var(--awb-typography1-line-height);\"><mark class=\"fusion-highlight custom-textcolor highlight1 awb-highlight-background rounded\" style=\"--awb-color:#4cb700;--awb-text-color:#ffffff;\"><strong>Andaluc\u00eda<\/strong><\/mark><\/h1><\/div><div class=\"fusion-title title fusion-title-6 fusion-sep-none fusion-title-text fusion-title-size-two\" style=\"--awb-text-color:var(--awb-color7);--awb-margin-top-small:10px;--awb-margin-right-small:0px;--awb-margin-bottom-small:10px;--awb-margin-left-small:0px;--awb-sep-color:var(--awb-custom_color_1);--awb-font-size:24px;\" id=\"a_institucional\"><h2 class=\"fusion-title-heading title-heading-left fusion-responsive-typography-calculated\" style=\"margin:0;font-size:1em;--fontSize:24;line-height:var(--awb-typography1-line-height);\"><mark class=\"fusion-highlight light highlight1 awb-highlight-background rounded\" style=\"--awb-color:#d1d1d1;\"><strong> Institucional<\/strong>\u00a0<\/mark><\/h2><\/div><div class=\"fusion-text fusion-text-4\" style=\"--awb-line-height:1.5em;\"><ul>\n<li><a href=\"https:\/\/www.google.com\/url?rct=j&amp;sa=t&amp;url=https:\/\/www.juntadeandalucia.es\/iam\/index.php\/iam\/noticias\/la-junta-apela-a-la-esperanza-e-implicacion-social-para-combatir-entre-todos-la-violencia-de-genero&amp;ct=ga&amp;cd=CAEYACoUMTA5NzQwMDU2NDI4MTk3OTk0NDIyGzlhYjFjZGQ3ZTM2NmVmMzg6ZXM6ZXM6RVM6Ug&amp;usg=AOvVaw3qw8xpbnhwlXWXqZ7w4S25\">La Junta apela a la esperanza e implicaci\u00f3n social para combatir entre todos la violencia de g\u00e9nero<\/a> @Junta de Andaluc\u00eda<\/li>\n<\/ul>\n<\/div><div class=\"fusion-title title fusion-title-7 fusion-sep-none fusion-title-text fusion-title-size-two\" style=\"--awb-text-color:var(--awb-color7);--awb-margin-top-small:10px;--awb-margin-right-small:0px;--awb-margin-bottom-small:10px;--awb-margin-left-small:0px;--awb-sep-color:var(--awb-custom_color_1);--awb-font-size:24px;\" id=\"a_economia_empresa\"><h2 class=\"fusion-title-heading title-heading-left fusion-responsive-typography-calculated\" style=\"margin:0;font-size:1em;--fontSize:24;line-height:var(--awb-typography1-line-height);\"><mark class=\"fusion-highlight light highlight1 awb-highlight-background rounded\" style=\"--awb-color:#d1d1d1;\"><strong>Econom\u00eda y Empresa<\/strong><\/mark><\/h2><\/div><div class=\"fusion-text fusion-text-5\" style=\"--awb-line-height:1.5em;\"><ul>\n<li><a href=\"https:\/\/www.dipusevilla.es\/comunicacion\/noticias\/La-Feria-de-Empresarias-de-la-Provincia-de-Sevilla-FEPME-alcanza-su-mayoria-de-edad-y-se-consolida-conmo-feria-de-experiencias-en-el-ambito-estatal\/\">La Feria de Empresarias de la Provincia de Sevilla, FEPME, alcanza su mayor\u00eda de edad y se consolida como feria de experiencias en el \u00e1mbito estatal<\/a> @diputaciondesevilla<strong><br \/>\n<\/strong><\/li>\n<li><a href=\"https:\/\/www.google.com\/url?rct=j&amp;sa=t&amp;url=https:\/\/www.elestrechodigital.com\/2024\/11\/15\/la-economia-azul-y-la-igualdad-de-genero-centraran-el-debate-del-ii-foro-de-mujeres-lideres-del-sector\/&amp;ct=ga&amp;cd=CAEYACoSMzA2Mjc0MTIyMzU4NDI3NTQxMhlkNzhlNTg3NWEwZjFmMmFjOmVzOmVzOkVT&amp;usg=AOvVaw0NxLhyWDeVVoD0a66YQ8Ii\">La\u00a0Econom\u00eda\u00a0Azul y la Igualdad de G\u00e9nero centrar\u00e1n el debate del \u00abII Foro de Mujeres<\/a> &#8230; @El Estrecho Digital<\/li>\n<li><a class=\"title\" href=\"https:\/\/www.msn.com\/es-es\/noticias\/espana\/diputaci%C3%B3n-diputaci%C3%B3n-abre-una-convocatoria-de-ayudas-para-mujeres-empresarias-de-la-provincia\/ar-AA1tXfAs?ocid=BingNewsVerp\" target=\"_blank\" rel=\"noopener\" data-artpy=\"0\" data-author=\"Europa Press on MSN\">Diputaci\u00f3n de Almer\u00eda abre una convocatoria de ayudas para mujeres empresarias de la provincia<\/a> @europapress<\/li>\n<li><a href=\"https:\/\/www.google.com\/url?rct=j&amp;sa=t&amp;url=https:\/\/www.tribunadeandalucia.es\/casi-16-000-autonomos-andaluces-ponen-en-marcha-su-negocio-con-el-apoyo-de-las-ayudas-de-empleo\/&amp;ct=ga&amp;cd=CAEYAioTMjI0MDcwMzE0MzQ0NzUwOTIwNDIZZDc4ZTU4NzVhMGYxZjJhYzplczplczpFUw&amp;usg=AOvVaw3bAd7nT10B5Jt_1fYSN8ee\" target=\"_blank\" rel=\"noopener\" data-saferedirecturl=\"https:\/\/www.google.com\/url?q=https:\/\/www.google.com\/url?rct%3Dj%26sa%3Dt%26url%3Dhttps:\/\/www.tribunadeandalucia.es\/casi-16-000-autonomos-andaluces-ponen-en-marcha-su-negocio-con-el-apoyo-de-las-ayudas-de-empleo\/%26ct%3Dga%26cd%3DCAEYAioTMjI0MDcwMzE0MzQ0NzUwOTIwNDIZZDc4ZTU4NzVhMGYxZjJhYzplczplczpFUw%26usg%3DAOvVaw3bAd7nT10B5Jt_1fYSN8ee&amp;source=gmail&amp;ust=1732297470164000&amp;usg=AOvVaw18VHo3ThrcrLOW3Z5DBCsk\">Casi 16.000 aut\u00f3nomos andaluces ponen en marcha su negocio con el apoyo de las<\/a> &#8230; @Tribuna de Andaluc\u00eda<\/li>\n<\/ul>\n<\/div><div class=\"fusion-title title fusion-title-8 fusion-sep-none fusion-title-text fusion-title-size-two\" style=\"--awb-text-color:var(--awb-color7);--awb-margin-top-small:10px;--awb-margin-right-small:0px;--awb-margin-bottom-small:10px;--awb-margin-left-small:0px;--awb-sep-color:var(--awb-custom_color_1);--awb-font-size:24px;\" id=\"a_actualidad\"><h2 class=\"fusion-title-heading title-heading-left fusion-responsive-typography-calculated\" style=\"margin:0;font-size:1em;--fontSize:24;line-height:var(--awb-typography1-line-height);\"><mark class=\"fusion-highlight light highlight1 awb-highlight-background rounded\" style=\"--awb-color:#d1d1d1;\"><strong>Actualidad<\/strong><\/mark><\/h2><\/div><div class=\"fusion-text fusion-text-6\" style=\"--awb-line-height:1.5em;\"><ul>\n<li><a href=\"https:\/\/www.google.com\/url?rct=j&amp;sa=t&amp;url=https:\/\/canal.ugr.es\/noticia\/diploma-menina-2024-a-carmen-ruiz-repullo-profesora-de-la-ugr-experta-en-violencia-de-genero-en-adolescentes-y-jovenes\/&amp;ct=ga&amp;cd=CAEYBSoUMTU5OTU2MTE3MDY3NDEzMzA2MjIyGzlhYjFjZGQ3ZTM2NmVmMzg6ZXM6ZXM6RVM6Ug&amp;usg=AOvVaw3Oiy1alhVCy6nw6ymtf1NB\">Diploma Menina 2024 a Carmen Ruiz Repullo, profesora de la UGR, experta en violencia<\/a> &#8230; @Canal UGR<\/li>\n<li><a href=\"https:\/\/www.google.com\/url?rct=j&amp;sa=t&amp;url=https:\/\/www.europapress.es\/esandalucia\/sevilla\/noticia-andalucia-destina-cuatro-millones-85-proyectos-atender-4000-mujeres-vulnerables-violencia-genero-20241121132422.html&amp;ct=ga&amp;cd=CAEYACoUMTAyMjE4NDU3Njg2OTM5MjM2OTIyGzlhYjFjZGQ3ZTM2NmVmMzg6ZXM6ZXM6RVM6Ug&amp;usg=AOvVaw1TfwzpVJbi1u88dntDVbyx\" target=\"_blank\" rel=\"noopener\" data-saferedirecturl=\"https:\/\/www.google.com\/url?q=https:\/\/www.google.com\/url?rct%3Dj%26sa%3Dt%26url%3Dhttps:\/\/www.europapress.es\/esandalucia\/sevilla\/noticia-andalucia-destina-cuatro-millones-85-proyectos-atender-4000-mujeres-vulnerables-violencia-genero-20241121132422.html%26ct%3Dga%26cd%3DCAEYACoUMTAyMjE4NDU3Njg2OTM5MjM2OTIyGzlhYjFjZGQ3ZTM2NmVmMzg6ZXM6ZXM6RVM6Ug%26usg%3DAOvVaw1TfwzpVJbi1u88dntDVbyx&amp;source=gmail&amp;ust=1732297469479000&amp;usg=AOvVaw2dJcttsNg14l1WsA-srWAz\">Andaluc\u00eda destina cuatro millones a 85 proyectos para atender a 4.000 mujeres vulnerables<\/a> &#8230; @Europa Press<a><br \/>\n<\/a><\/li>\n<li><a class=\"title\" href=\"https:\/\/www.europapress.es\/esandalucia\/cordoba\/noticia-delegado-junta-cordoba-destaca-mujeres-gitanas-son-motor-cambio-referentes-sociales-20241121164027.html\" target=\"_blank\" rel=\"noopener\" data-artpy=\"0\" data-author=\"Europa Press\">El delegado de la Junta en C\u00f3rdoba destaca que \u00ablas mujeres gitanas son motor de cambio y referentes sociales\u00bb<\/a> @europapress<\/li>\n<li><a class=\"title\" href=\"https:\/\/www.abc.es\/espana\/andalucia\/junta-andalucia-ugt-sellan-pacto-mejorar-implantacion-20241121181400-nts.html\" target=\"_blank\" rel=\"noopener\" data-artpy=\"0\" data-author=\"ABC\">La Junta de Andaluc\u00eda y UGT sellan un pacto para mejorar la implantaci\u00f3n del nuevo procedimiento para la dependencia<\/a> @abc<\/li>\n<\/ul>\n<\/div><div class=\"fusion-title title fusion-title-9 fusion-sep-none fusion-title-text fusion-title-size-two\" style=\"--awb-text-color:var(--awb-color7);--awb-margin-top-small:10px;--awb-margin-right-small:0px;--awb-margin-bottom-small:10px;--awb-margin-left-small:0px;--awb-sep-color:var(--awb-custom_color_1);--awb-font-size:24px;\" id=\"a_violencias\"><h2 class=\"fusion-title-heading title-heading-left fusion-responsive-typography-calculated\" style=\"margin:0;font-size:1em;--fontSize:24;line-height:var(--awb-typography1-line-height);\"><mark class=\"fusion-highlight light highlight1 awb-highlight-background rounded\" style=\"--awb-color:#d1d1d1;\"><strong>Violencias<\/strong><\/mark><\/h2><\/div><div class=\"fusion-text fusion-text-7\" style=\"--awb-line-height:1.5em;\"><ul>\n<li><a href=\"https:\/\/www.google.com\/url?rct=j&amp;sa=t&amp;url=https:\/\/www.europapress.es\/andalucia\/noticia-foro-contra-explotacion-sexual-galardonado-reconocimientos-menina-2024-20241116155620.html&amp;ct=ga&amp;cd=CAEYACoUMTc5MzM2OTIzODU5OTY0NjU5MzUyGzlhYjFjZGQ3ZTM2NmVmMzg6ZXM6ZXM6RVM6Ug&amp;usg=AOvVaw0c-SXTCl8418CYkYd7comW\">El foro contra la explotaci\u00f3n sexual, galardonado con los Reconocimientos Menina 2024<\/a> @Europa Press<\/li>\n<li><a href=\"https:\/\/www.google.com\/url?rct=j&amp;sa=t&amp;url=https:\/\/www.abc.es\/espana\/andalucia\/vidas-cambian-vidas-colofon-campana-instituto-andaluz-20241118114354-nts.html&amp;ct=ga&amp;cd=CAEYACoTNTU5MDU0MDkwODU2MjA1NjA5MzIbOWFiMWNkZDdlMzY2ZWYzODplczplczpFUzpS&amp;usg=AOvVaw3MOpPJhJCHKx87YkZ2rshF\">\u00abVidas que cambian vidas&#8217;, as\u00ed es la nueva campa\u00f1a del Instituto Andaluz de la Mujer contra<\/a>\u2026 @abc<\/li>\n<li><a href=\"https:\/\/www.google.com\/url?rct=j&amp;sa=t&amp;url=https:\/\/www.eldiadecordoba.es\/cordoba\/cordoba-protocolo-agresiones-sexuales-ocio-nocturno_0_2002815570.html&amp;ct=ga&amp;cd=CAEYBCoTNTU5MDU0MDkwODU2MjA1NjA5MzIbOWFiMWNkZDdlMzY2ZWYzODplczplczpFUzpS&amp;usg=AOvVaw0-lJ7Oy8EnJIvqu3GTDDs3\">C\u00f3rdoba se dotar\u00e1 de un protocolo de actuaci\u00f3n contra las agresiones sexuales en los locales nocturnos<\/a>&#8230; @El D\u00eda de C\u00f3rdoba<\/li>\n<li><a href=\"https:\/\/www.google.com\/url?rct=j&amp;sa=t&amp;url=https:\/\/www.canalsur.es\/noticias\/andalucia\/crece-el-negacionismo-de-la-violencia-machista-entre-chicos-y-chicas-menores-de-25-anos\/2101304.html&amp;ct=ga&amp;cd=CAEYASoUMTI3NTc2NDkyMDMxNzk2MzkxNTYyGzlhYjFjZGQ3ZTM2NmVmMzg6ZXM6ZXM6RVM6Ug&amp;usg=AOvVaw2tB2EoSFhcBv1CMNInbqUi\" target=\"_blank\" rel=\"noopener\" data-saferedirecturl=\"https:\/\/www.google.com\/url?q=https:\/\/www.google.com\/url?rct%3Dj%26sa%3Dt%26url%3Dhttps:\/\/www.canalsur.es\/noticias\/andalucia\/crece-el-negacionismo-de-la-violencia-machista-entre-chicos-y-chicas-menores-de-25-anos\/2101304.html%26ct%3Dga%26cd%3DCAEYASoUMTI3NTc2NDkyMDMxNzk2MzkxNTYyGzlhYjFjZGQ3ZTM2NmVmMzg6ZXM6ZXM6RVM6Ug%26usg%3DAOvVaw2tB2EoSFhcBv1CMNInbqUi&amp;source=gmail&amp;ust=1732297469485000&amp;usg=AOvVaw0Mdb2U1z8kPb0YUKh-K-14\">Crece el negacionismo de la violencia machista entre chicos y chicas menores de 25 a\u00f1os<\/a> @Canal Sur<\/li>\n<\/ul>\n<\/div><div class=\"fusion-title title fusion-title-10 fusion-sep-none fusion-title-text fusion-title-size-two\" style=\"--awb-text-color:var(--awb-color7);--awb-margin-top-small:10px;--awb-margin-right-small:0px;--awb-margin-bottom-small:10px;--awb-margin-left-small:0px;--awb-sep-color:var(--awb-custom_color_1);--awb-font-size:24px;\" id=\"a_violencias\"><h2 class=\"fusion-title-heading title-heading-left fusion-responsive-typography-calculated\" style=\"margin:0;font-size:1em;--fontSize:24;line-height:var(--awb-typography1-line-height);\"><mark class=\"fusion-highlight light highlight1 awb-highlight-background rounded\" style=\"--awb-color:#d1d1d1;\"><strong> Ciencia y Cultura<\/strong> <\/mark><\/h2><\/div><div class=\"fusion-text fusion-text-8\" style=\"--awb-line-height:1.5em;\"><ul>\n<li><a class=\"title\" href=\"https:\/\/www.msn.com\/es-es\/noticias\/espana\/la-junta-hace-un-llamamiento-a-las-mujeres-j%C3%B3venes-de-andaluc%C3%ADa-para-que-exploren-su-vocaci%C3%B3n-cient%C3%ADfica\/ar-AA1u9c7q?ocid=BingNewsVerp\" target=\"_blank\" rel=\"noopener\" data-artpy=\"0\" data-author=\"Europa Press on MSN\">La Junta hace un llamamiento a las mujeres j\u00f3venes de Andaluc\u00eda para que exploren su vocaci\u00f3n cient\u00edfica<\/a> @europapress<b><br \/>\n<\/b><\/li>\n<li><a href=\"https:\/\/www.google.com\/url?rct=j&amp;sa=t&amp;url=https:\/\/www.eldiadecordoba.es\/cordoba\/versos-bordados-c3a-cordoba-erradicacion-violencia-genero_0_2002818837.html&amp;ct=ga&amp;cd=CAEYACoUMTM5ODIwMDQ1MTA3MTE2Njk0MTQyGzlhYjFjZGQ3ZTM2NmVmMzg6ZXM6ZXM6RVM6Ug&amp;usg=AOvVaw3MSYRVJRAzetqyaI19H86s\">Versos bordados en el C3A de C\u00f3rdoba por la erradicaci\u00f3n de la violencia de g\u00e9nero<\/a> @El D\u00eda de C\u00f3rdoba<\/li>\n<li><a href=\"https:\/\/www.todoliteratura.es\/noticia\/60282\/eventos\/cordoba-celebra-el-i-encuentro-cultural-espana-india:-un-homenaje-a-la-mujer-y-la-diversidad-artistica.html\">C\u00f3rdoba celebra el I Encuentro Cultural Espa\u00f1a-India: un homenaje a la mujer y la diversidad art\u00edstica<\/a> @todoliteratura<\/li>\n<li><a class=\"title\" href=\"https:\/\/cadenaser.com\/andalucia\/2024\/11\/15\/inauguracion-de-la-exposicion-yo-el-manton-en-el-museo-del-automovil-y-la-moda-de-malaga-ser-malaga\/\" target=\"_blank\" rel=\"noopener\" data-artpy=\"0\" data-author=\"Cadena SER\">Inauguraci\u00f3n de la exposici\u00f3n &#8216;Yo, el mant\u00f3n&#8217; en el Museo del Autom\u00f3vil y la Moda de M\u00e1laga<\/a> @ser<\/li>\n<li><a class=\"title\" href=\"https:\/\/www.jotdown.es\/2024\/11\/revolucionarias-del-arte-digital-el-poder-femenino-que-transforma-offf-sevilla-2024\/\" target=\"_blank\" rel=\"noopener\" data-artpy=\"0\" data-author=\"Jot Down\">Revolucionarias del arte digital: el poder femenino que transforma OFFF Sevilla 2024<\/a> @jotdown<\/li>\n<li><a href=\"https:\/\/www.eldiario.es\/andalucia\/lacajanegra\/cine\/laura-hojman-cineasta-transicion-no-construyo-memoria-olvido-conscientemente-pasado_1_11834976.html\" data-mrf-link=\"https:\/\/www.eldiario.es\/andalucia\/lacajanegra\/cine\/laura-hojman-cineasta-transicion-no-construyo-memoria-olvido-conscientemente-pasado_1_11834976.html\">Laura Hojman, cineasta: \u201cLa Transici\u00f3n no se construy\u00f3 sobre la memoria, olvid\u00f3 conscientemente el pasado\u201d<\/a> @eldiario<\/li>\n<\/ul>\n<\/div><div class=\"fusion-title title fusion-title-11 fusion-sep-none fusion-title-text fusion-title-size-two\" style=\"--awb-text-color:var(--awb-color7);--awb-margin-top-small:10px;--awb-margin-right-small:0px;--awb-margin-bottom-small:10px;--awb-margin-left-small:0px;--awb-sep-color:var(--awb-custom_color_1);--awb-font-size:24px;\" id=\"a_deporte\"><h2 class=\"fusion-title-heading title-heading-left fusion-responsive-typography-calculated\" style=\"margin:0;font-size:1em;--fontSize:24;line-height:var(--awb-typography1-line-height);\"><mark class=\"fusion-highlight light highlight1 awb-highlight-background rounded\" style=\"--awb-color:#d1d1d1;\"><strong> Deporte<\/strong> <\/mark><\/h2><\/div><div class=\"fusion-text fusion-text-9\" style=\"--awb-line-height:1.5em;\"><ul>\n<li><a class=\"title\" href=\"https:\/\/www.msn.com\/es-es\/noticias\/espana\/del-pozo-destaca-la-apuesta-de-billie-jean-king-cup-por-la-igualdad-deportiva-siempre-rompiendo-barreras\/ar-AA1us3WY?ocid=BingNewsVerp\" target=\"_blank\" rel=\"noopener\" data-artpy=\"0\" data-author=\"Europa Press on MSN\">Del Pozo destaca la apuesta de la Billie Jean King Cup por la igualdad en el deporte: \u00abDesde siempre rompiendo barreras\u00bb<\/a> @europapress<strong><br \/>\n<\/strong><\/li>\n<li><a href=\"https:\/\/www.lanocion.es\/rincon-de-la-victoria\/20241120\/unas-40-jugadoras-disputaran-el-campeonato-de-22972.html\">Unas 40 jugadoras disputar\u00e1n el Campeonato de Andaluc\u00eda Femenino por Clubes de B\u00e1dminton en Rinc\u00f3n de la Victoria<\/a> @lanocion<\/li>\n<li><a class=\"title\" href=\"https:\/\/cadenaser.com\/andalucia\/2024\/11\/21\/la-malaguena-ana-pelaez-estrella-en-el-andalucia-costa-del-sol-open-de-espana-ser-malaga\/\" target=\"_blank\" rel=\"noopener\" data-artpy=\"0\" data-author=\"Cadena SER\">La malague\u00f1a Ana Pel\u00e1ez estrella en el Andaluc\u00eda Costa del Sol Open de Espa\u00f1a<\/a> @ser<\/li>\n<li><a class=\"title\" href=\"https:\/\/www.abc.es\/deportes\/sevilla\/carolina-marin-apadrinara-domingo-carrera-mujer-sevilla-20241121125218-nts.html\" target=\"_blank\" rel=\"noopener\" data-artpy=\"0\" data-author=\"ABC\">Carolina Mar\u00edn apadrinar\u00e1 este domingo la Carrera de la Mujer de Sevilla<\/a> @abc<\/li>\n<\/ul>\n<\/div><\/div><\/div><\/div><\/div><div class=\"fusion-fullwidth fullwidth-box fusion-builder-row-6 fusion-flex-container has-pattern-background has-mask-background hundred-percent-fullwidth non-hundred-percent-height-scrolling\" style=\"--awb-border-radius-top-left:0px;--awb-border-radius-top-right:0px;--awb-border-radius-bottom-right:0px;--awb-border-radius-bottom-left:0px;--awb-padding-right-small:2%;--awb-padding-left-small:2%;--awb-flex-wrap:wrap;\" ><div class=\"fusion-builder-row fusion-row fusion-flex-align-items-flex-start fusion-flex-content-wrap\" style=\"width:104% !important;max-width:104% !important;margin-left: calc(-4% \/ 2 );margin-right: calc(-4% \/ 2 );\"><div class=\"fusion-layout-column fusion_builder_column fusion-builder-column-5 fusion_builder_column_1_1 1_1 fusion-flex-column\" style=\"--awb-padding-right:20px;--awb-padding-left:20px;--awb-padding-right-small:15px;--awb-padding-left-small:15px;--awb-overflow:hidden;--awb-bg-color:var(--awb-color1);--awb-bg-color-hover:var(--awb-color1);--awb-bg-size:cover;--awb-border-color:var(--awb-color3);--awb-border-top:2px;--awb-border-right:2px;--awb-border-bottom:2px;--awb-border-left:2px;--awb-border-style:solid;--awb-border-radius:15px 15px 15px 15px;--awb-width-large:100%;--awb-margin-top-large:0px;--awb-spacing-right-large:1.92%;--awb-margin-bottom-large:20px;--awb-spacing-left-large:1.92%;--awb-width-medium:100%;--awb-order-medium:0;--awb-spacing-right-medium:1.92%;--awb-spacing-left-medium:1.92%;--awb-width-small:100%;--awb-order-small:0;--awb-spacing-right-small:0px;--awb-spacing-left-small:0px;\" id=\"c_estado\" data-scroll-devices=\"small-visibility,medium-visibility,large-visibility\"><div class=\"fusion-column-wrapper fusion-column-has-shadow fusion-flex-justify-content-flex-start fusion-content-layout-column\"><div class=\"fusion-title title fusion-title-12 fusion-sep-none fusion-title-text fusion-title-size-one\" style=\"--awb-margin-top:20px;--awb-margin-top-small:10px;--awb-margin-right-small:0px;--awb-margin-bottom-small:10px;--awb-margin-left-small:0px;--awb-sep-color:var(--awb-custom_color_1);\" id=\"estado\"><h1 class=\"fusion-title-heading title-heading-left fusion-responsive-typography-calculated\" style=\"font-family:&quot;Raleway&quot;;font-style:normal;font-weight:400;margin:0;--fontSize:40;line-height:var(--awb-typography1-line-height);\"><mark class=\"fusion-highlight custom-textcolor highlight1 awb-highlight-background rounded\" style=\"--awb-text-color:#ffffff;\"><strong>Estado<\/strong><\/mark><\/h1><\/div><div class=\"fusion-title title fusion-title-13 fusion-sep-none fusion-title-text fusion-title-size-two\" style=\"--awb-text-color:var(--awb-color7);--awb-margin-top-small:10px;--awb-margin-right-small:0px;--awb-margin-bottom-small:10px;--awb-margin-left-small:0px;--awb-sep-color:var(--awb-custom_color_1);--awb-font-size:24px;\" id=\"e_institucional\"><h2 class=\"fusion-title-heading title-heading-left fusion-responsive-typography-calculated\" style=\"margin:0;font-size:1em;--fontSize:24;line-height:var(--awb-typography1-line-height);\"><mark class=\"fusion-highlight light highlight1 awb-highlight-background rounded\" style=\"--awb-color:#d1d1d1;\"><strong> Institucional<\/strong>\u00a0<\/mark><\/h2><\/div><div class=\"fusion-text fusion-text-10\" style=\"--awb-line-height:1.5em;\"><ul>\n<li><a class=\"title\" href=\"https:\/\/elpais.com\/internacional\/2024-11-20\/populares-y-socialdemocratas-allanan-el-camino-para-desbloquear-la-formacion-de-la-nueva-comision-europea-con-ribera-como-vicepresidenta.html\" target=\"_blank\" rel=\"noopener\" data-artpy=\"0\" data-author=\"EL PA\u00cdS\">Teresa Ribera, vicepresidenta de la Comisi\u00f3n Europea<\/a> @elpais<strong><br \/>\n<\/strong><\/li>\n<li><a class=\"title\" href=\"https:\/\/www.europapress.es\/economia\/noticia-agricultura-destaca-liderazgo-emprendimiento-mujeres-sector-aceite-oliva-espanol-20241121122939.html\" target=\"_blank\" rel=\"noopener\" data-artpy=\"0\" data-author=\"Europa Press\">Agricultura destaca el liderazgo y emprendimiento de las mujeres en el sector del aceite de oliva espa\u00f1ol<\/a> @europapress<\/li>\n<\/ul>\n<\/div><div class=\"fusion-title title fusion-title-14 fusion-sep-none fusion-title-text fusion-title-size-two\" style=\"--awb-text-color:var(--awb-color7);--awb-margin-top-small:10px;--awb-margin-right-small:0px;--awb-margin-bottom-small:10px;--awb-margin-left-small:0px;--awb-sep-color:var(--awb-custom_color_1);--awb-font-size:24px;\" id=\"e_institucional_ccaa\"><h2 class=\"fusion-title-heading title-heading-left fusion-responsive-typography-calculated\" style=\"margin:0;font-size:1em;--fontSize:24;line-height:var(--awb-typography1-line-height);\"><mark class=\"fusion-highlight light highlight1 awb-highlight-background rounded\" style=\"--awb-color:#d1d1d1;\"><strong> Institucional &#8211; CCAA<\/strong>\u00a0<\/mark><\/h2><\/div><div class=\"fusion-text fusion-text-11\" style=\"--awb-line-height:1.5em;\"><ul>\n<li><a class=\"title\" href=\"https:\/\/www.europapress.es\/castilla-y-leon\/noticia-junta-incrementa-49-presupuesto-dedicado-economia-social-rompe-brecha-genero-genera-30000-empleos-20241118185852.html\" target=\"_blank\" rel=\"noopener\" data-artpy=\"0\" data-author=\"Europa Press\">Castilla y Le\u00f3n incrementa un 49% el presupuesto dedicado a Econom\u00eda Social que rompe la brecha de g\u00e9nero y genera 30.000 empleos<\/a> @europapress<\/li>\n<li><a class=\"title\" href=\"https:\/\/www.eitb.eus\/es\/noticias\/economia\/detalle\/9632171\/un-informe-senala-que-euskadi-no-aprovecha-participacion-y-capacidades-de-mujeres-y-personas-extranjeras\/\" target=\"_blank\" rel=\"noopener\" data-artpy=\"0\" data-author=\"EITB\">Un informe se\u00f1ala que Euskadi no aprovecha la participaci\u00f3n y capacidades de mujeres y personas extranjeras<\/a> @eitb<\/li>\n<li><a class=\"title\" href=\"https:\/\/www.elespanol.com\/eldigitalcastillalamancha\/region\/20241119\/igualdad-dedicara-millones-lucha-violencia-genero-mitad-presupuesto\/902410268_0.html\" target=\"_blank\" rel=\"noopener\" data-artpy=\"0\" data-author=\"ESPA\u00d1OL\">Castilla-La Mancha dedicar\u00e1 22 millones a la lucha contra la violencia de g\u00e9nero, casi la mitad de su presupuesto<\/a> @elespa\u00f1ol<\/li>\n<li><a class=\"title\" href=\"https:\/\/www.cope.es\/emisoras\/aragon\/zaragoza-provincia\/zaragoza\/noticias\/instituto-aragones-mujer-recibio-primeros-9-meses-ano-2-600-llamadas-victimas-violencia-genero-20241119_3048569.html\" target=\"_blank\" rel=\"noopener\" data-artpy=\"0\" data-author=\"COPE\">El Instituto Aragon\u00e9s de la Mujer recibi\u00f3 en los primeros 9 meses de este a\u00f1o 2.600 llamadas de v\u00edctimas de violencia de g\u00e9nero<\/a> @cope<\/li>\n<\/ul>\n<\/div><div class=\"fusion-title title fusion-title-15 fusion-sep-none fusion-title-text fusion-title-size-two\" style=\"--awb-text-color:var(--awb-color7);--awb-margin-top-small:10px;--awb-margin-right-small:0px;--awb-margin-bottom-small:10px;--awb-margin-left-small:0px;--awb-sep-color:var(--awb-custom_color_1);--awb-font-size:24px;\" id=\"e_economia_empresa\"><h2 class=\"fusion-title-heading title-heading-left fusion-responsive-typography-calculated\" style=\"margin:0;font-size:1em;--fontSize:24;line-height:var(--awb-typography1-line-height);\"><mark class=\"fusion-highlight light highlight1 awb-highlight-background rounded\" style=\"--awb-color:#d1d1d1;\"><strong>Econom\u00eda y Empresa<\/strong><\/mark><\/h2><\/div><div class=\"fusion-text fusion-text-12\" style=\"--awb-line-height:1.5em;\"><ul>\n<li><a href=\"https:\/\/www.elperiodico.com\/es\/economia\/20241117\/retrato-nuevas-empresarias-preparadas-ambiciosas-111731195\">Retrato de las nuevas empresarias: m\u00e1s preparadas y m\u00e1s ambiciosas<\/a> @elperiodico<\/li>\n<li><a href=\"https:\/\/www.eleconomista.es\/actualidad\/noticias\/13085859\/11\/24\/el-60-de-los-empleados-en-la-administracion-publica-son-mujeres-pero-persiste-el-sesgo-en-puestos-de-direccion.html\">El 60% de los empleados en la administraci\u00f3n son mujeres pero persiste el sesgo en puestos de direcci\u00f3n<\/a> @eleconomista<\/li>\n<li><a href=\"https:\/\/cincodias.elpais.com\/companias\/2024-11-15\/solo-un-10-de-las-startups-espanolas-esta-fundada-exclusivamente-por-mujeres.html\">Solo un 10% de las startups espa\u00f1olas est\u00e1 fundada exclusivamente por mujeres<\/a> @cincodias<\/li>\n<li><a class=\"title\" href=\"https:\/\/www.elespanol.com\/mujer\/actualidad\/20241119\/premios-aseme-reunen-grandes-empresarias-pais-techo-pongamos\/902409766_0.html\" target=\"_blank\" rel=\"noopener\" data-artpy=\"0\" data-author=\"ESPA\u00d1OL\">Los Premios ASEME re\u00fanen a las grandes empresarias del pa\u00eds: \u00abNuestro techo estar\u00e1 donde nosotras lo pongamos\u00bb<\/a> @elespa\u00f1ol<\/li>\n<li><a class=\"title\" href=\"https:\/\/www.infolibre.es\/economia\/espana-conectividad-digital-brecha-genero-cobertura-rural_1_1901445.html\" target=\"_blank\" rel=\"noopener\" data-artpy=\"0\" data-author=\"infolibre.es\">La econom\u00eda digital despega sin ellas: las mujeres solo dirigen el 5% de empresas emergentes en Espa\u00f1a<\/a> @infolibre<\/li>\n<li><a href=\"https:\/\/www.google.com\/url?rct=j&amp;sa=t&amp;url=https:\/\/www.superdeporte.es\/ideas\/hablemos-de-futuro\/Santander-W50.html&amp;ct=ga&amp;cd=CAEYCCoUMTA0MzQyMjk1NTE4MzE1NTQ0ODEyGWMwMzcyZWJjMmZlYWRhNTk6ZXM6ZXM6RVM&amp;usg=AOvVaw1MS-Xyq9-KwESCle8_01eX\" target=\"_blank\" rel=\"noopener\" data-saferedirecturl=\"https:\/\/www.google.com\/url?q=https:\/\/www.google.com\/url?rct%3Dj%26sa%3Dt%26url%3Dhttps:\/\/www.superdeporte.es\/ideas\/hablemos-de-futuro\/Santander-W50.html%26ct%3Dga%26cd%3DCAEYCCoUMTA0MzQyMjk1NTE4MzE1NTQ0ODEyGWMwMzcyZWJjMmZlYWRhNTk6ZXM6ZXM6RVM%26usg%3DAOvVaw1MS-Xyq9-KwESCle8_01eX&amp;source=gmail&amp;ust=1732299745151000&amp;usg=AOvVaw2NImXZI-_mJjtPYLtktE20\">\u00danete a las mejores directivas de 11 pa\u00edses e impulsa tu carrera gracias al programa Santander W50<\/a> @Superdeporte<\/li>\n<li><a class=\"title\" href=\"https:\/\/www.farodevigo.es\/economia\/2024\/11\/18\/mujeres-representan-40-plantilla-empresas-111783829.html\" target=\"_blank\" rel=\"noopener\" data-artpy=\"0\" data-author=\"Faro de Vigo\">Las mujeres representan un 40% de la plantilla de las empresas asociadas al Instituto de Empresa Familiar<\/a> @farodevigo<\/li>\n<\/ul>\n<\/div><div class=\"fusion-title title fusion-title-16 fusion-sep-none fusion-title-text fusion-title-size-two\" style=\"--awb-text-color:var(--awb-color7);--awb-margin-top-small:10px;--awb-margin-right-small:0px;--awb-margin-bottom-small:10px;--awb-margin-left-small:0px;--awb-sep-color:var(--awb-custom_color_1);--awb-font-size:24px;\" id=\"e_actualidad\"><h2 class=\"fusion-title-heading title-heading-left fusion-responsive-typography-calculated\" style=\"margin:0;font-size:1em;--fontSize:24;line-height:var(--awb-typography1-line-height);\"><mark class=\"fusion-highlight light highlight1 awb-highlight-background rounded\" style=\"--awb-color:#d1d1d1;\"><strong>Actualidad<\/strong><\/mark><\/h2><\/div><div class=\"fusion-text fusion-text-13\" style=\"--awb-line-height:1.5em;\"><ul>\n<li><a class=\"title\" href=\"https:\/\/www.europapress.es\/epsocial\/igualdad\/noticia-47-mujeres-afirma-ser-madres-modificado-trayectoria-situacion-laboral-estudio-20241118132454.html\" target=\"_blank\" rel=\"noopener\" data-artpy=\"0\" data-author=\"Europa Press\">El 47% de las mujeres afirma que ser madres ha modificado su trayectoria y situaci\u00f3n laboral, seg\u00fan un estudio<\/a> @europapress<\/li>\n<li><a class=\"title\" href=\"https:\/\/www.eldiario.es\/politica\/judicial-divide-hora-aplicar-paridad-informes-contradictorios-ascenso-mujeres_1_11837877.html\" target=\"_blank\" rel=\"noopener\" data-artpy=\"0\" data-author=\"eldiario.es\">El Poder Judicial se divide a la hora de aplicar la paridad: informes contradictorios sobre el ascenso de mujeres<\/a> @eldiario<\/li>\n<\/ul>\n<\/div><div class=\"fusion-title title fusion-title-17 fusion-sep-none fusion-title-text fusion-title-size-two\" style=\"--awb-text-color:var(--awb-color7);--awb-margin-top-small:10px;--awb-margin-right-small:0px;--awb-margin-bottom-small:10px;--awb-margin-left-small:0px;--awb-sep-color:var(--awb-custom_color_1);--awb-font-size:24px;\" id=\"e_violencias\"><h2 class=\"fusion-title-heading title-heading-left fusion-responsive-typography-calculated\" style=\"margin:0;font-size:1em;--fontSize:24;line-height:var(--awb-typography1-line-height);\"><mark class=\"fusion-highlight light highlight1 awb-highlight-background rounded\" style=\"--awb-color:#d1d1d1;\"><strong>Violencias<\/strong><\/mark><\/h2><\/div><div class=\"fusion-text fusion-text-14\" style=\"--awb-line-height:1.5em;\"><ul>\n<li><a class=\"title\" href=\"https:\/\/www.elespanol.com\/mujer\/actualidad\/20241121\/ley-violencia-genero-cumple-anos-nuevas-tecnologias-hacen-dano-mujeres\/902659986_0.html\" target=\"_blank\" rel=\"noopener\" data-artpy=\"0\" data-author=\"ESPA\u00d1OL\">La Ley contra la Violencia de G\u00e9nero cumple 20 a\u00f1os: \u00abLas nuevas tecnolog\u00edas hacen mucho da\u00f1o a las mujeres\u00bb<\/a> @elespa\u00f1ol<\/li>\n<li><a class=\"title\" href=\"https:\/\/www.infobae.com\/espana\/agencias\/2024\/11\/14\/menos-violencia-machista-en-20-anos-de-ley-pero-mas-grave-en-las-formas-de-ejercerla\/\" target=\"_blank\" rel=\"noopener\" data-artpy=\"0\" data-author=\"Infobae\">Menos violencia machista en 20 a\u00f1os de ley, pero m\u00e1s grave en las formas de ejercerla<\/a> @infobae<\/li>\n<\/ul>\n<\/div><div class=\"fusion-title title fusion-title-18 fusion-sep-none fusion-title-text fusion-title-size-two\" style=\"--awb-text-color:var(--awb-color7);--awb-margin-top-small:10px;--awb-margin-right-small:0px;--awb-margin-bottom-small:10px;--awb-margin-left-small:0px;--awb-sep-color:var(--awb-custom_color_1);--awb-font-size:24px;\" id=\"e_violencias\"><h2 class=\"fusion-title-heading title-heading-left fusion-responsive-typography-calculated\" style=\"margin:0;font-size:1em;--fontSize:24;line-height:var(--awb-typography1-line-height);\"><mark class=\"fusion-highlight light highlight1 awb-highlight-background rounded\" style=\"--awb-color:#d1d1d1;\"><strong> Ciencia y Cultura<\/strong> <\/mark><\/h2><\/div><div class=\"fusion-text fusion-text-15\" style=\"--awb-line-height:1.5em;\"><ul>\n<li><a class=\"title\" href=\"https:\/\/www.consalud.es\/profesionales\/juana-gallar-sera-primera-mujer-dirigira-instituto-neurociencias-csic-umh_151298_102.html\" target=\"_blank\" rel=\"noopener\" data-artpy=\"0\" data-author=\"consalud.es\">Juana Gallar ser\u00e1 la primera mujer que dirigir\u00e1 el Instituto de Neurociencias CSIC @UMH<\/a> @consalud<strong><br \/>\n<\/strong><\/li>\n<li><a href=\"https:\/\/www.eldiario.es\/cultura\/paridad-llega-sgae-duplica-presencia-mujeres-organos-gobierno_1_11826791.html\">La paridad llega a la SGAE y duplica la presencia de mujeres en sus \u00f3rganos de gobierno<\/a> @eldiario<\/li>\n<li><a class=\"title\" href=\"https:\/\/www.msn.com\/es-es\/noticias\/otras\/las-coleccionistas-reivindican-a-galer%C3%ADas-y-museos-para-visibilizar-a-mujeres-artistas\/ar-AA1ur7aZ?ocid=BingNewsVerp\" target=\"_blank\" rel=\"noopener\" data-artpy=\"0\" data-author=\"La Nueva Espa\u00f1a (espa\u00f1ol) on MSN\">Las coleccionistas reivindican a galer\u00edas y museos para visibilizar a mujeres artistas<\/a> @lanuevaespa\u00f1a<\/li>\n<li><a href=\"https:\/\/www.google.com\/url?rct=j&amp;sa=t&amp;url=https:\/\/www.articulo14.es\/violencia-contra-las-mujeres\/no-publiques-mi-nombre-un-grito-que-todos-los-hombres-deberian-leer-20241117.html&amp;ct=ga&amp;cd=CAEYACoTNjQ5MDczNTM1MTE3ODkwMDA3MjIZMWZhYTM2NGQzZDExMjIxYjplczplczpFUw&amp;usg=AOvVaw0xhfiiLLMxokl1BFtKfVH9\">No publiques mi nombre: un grito que todos los hombres deber\u00edan leer<\/a> @Art\u00edculo 14<\/li>\n<li><a href=\"https:\/\/www.msn.com\/es-es\/estilo\/lifestylegeneral\/el-42-de-los-espa%C3%B1oles-cree-que-la-mujer-a%C3%BAn-no-est%C3%A1-lo-suficientemente-representada-en-el-sector-cultural-seg%C3%BAn-un-estudio\/ar-AA1ujd0h?ocid=BingNewsVerp\">El 42% de los espa\u00f1oles cree que la mujer a\u00fan no est\u00e1 lo suficientemente representada en el sector cultural, seg\u00fan un estudio<\/a> @20minutos<\/li>\n<li><a href=\"https:\/\/www.larazon.es\/cultura\/historia\/servir-parir-destino-mujeres-siglo-oro\/20241118\/1135160.html\">Servir y parir: el destino de las mujeres en el Siglo de Oro<\/a> @larazon<\/li>\n<li><a href=\"https:\/\/www.eldia.es\/cultura\/2024\/11\/20\/isla-mujeres-union-archipielagos-traves-111847954.html\">Isla Mujeres, la uni\u00f3n de dos archipi\u00e9lagos a trav\u00e9s de un cine con mirada \u201cfemenina y feminista\u201d<\/a> @eldia<\/li>\n<li><a class=\"title\" href=\"https:\/\/www.rtve.es\/television\/20241117\/elvira-siurana-hay-poca-cultura-feminista-realmente-nuestra-historia-no-se-conoce\/16311464.shtml\" target=\"_blank\" rel=\"noopener\" data-artpy=\"0\" data-author=\"RTVE\">Elvira Siurana: \u201cHay poca cultura feminista, realmente nuestra historia no se conoce\u201d<\/a> @rtve<\/li>\n<\/ul>\n<\/div><div class=\"fusion-title title fusion-title-19 fusion-sep-none fusion-title-text fusion-title-size-two\" style=\"--awb-text-color:var(--awb-color7);--awb-margin-top-small:10px;--awb-margin-right-small:0px;--awb-margin-bottom-small:10px;--awb-margin-left-small:0px;--awb-sep-color:var(--awb-custom_color_1);--awb-font-size:24px;\" id=\"e_deporte\"><h2 class=\"fusion-title-heading title-heading-left fusion-responsive-typography-calculated\" style=\"margin:0;font-size:1em;--fontSize:24;line-height:var(--awb-typography1-line-height);\"><mark class=\"fusion-highlight light highlight1 awb-highlight-background rounded\" style=\"--awb-color:#d1d1d1;\"><strong> Deporte<\/strong> <\/mark><\/h2><\/div><div class=\"fusion-text fusion-text-16\" style=\"--awb-line-height:1.5em;\"><ul>\n<li><a href=\"https:\/\/www.msn.com\/es-es\/deportes\/tenis\/conchita-mart%C3%ADnez-cree-que-el-tenis-femenino-ha-ganado-terreno-pero-que-a%C3%BAn-hay-mucho-trabajo-por-hacer\/ar-AA1ulzgB?ocid=BingNewsVerp\">Conchita Mart\u00ednez cree que el tenis femenino \u00abha ganado terreno\u00bb, pero que \u00aba\u00fan hay mucho trabajo por hacer\u00bb<\/a> @europapress<\/li>\n<li><a class=\"title\" href=\"https:\/\/as.com\/masdeporte\/golf\/carlota-ciganda-la-gran-estrella-espanola-en-el-andalucia-costa-del-sol-open-de-espana-n\/\" target=\"_blank\" rel=\"noopener\" data-artpy=\"0\" data-author=\"AS Mexico\">Carlota Ciganda, la gran estrella espa\u00f1ola en el Andaluc\u00eda Costa del Sol Open de Espa\u00f1a<\/a> @as<\/li>\n<li><a class=\"title\" href=\"https:\/\/www.ciclismoafondo.es\/competicion\/entrevistas-ciclismo\/usoa-ostolaza-campeona-espana-protagonista-en-inside-by-beloki_302774_102.html\" target=\"_blank\" rel=\"noopener\" data-artpy=\"0\" data-author=\"ciclismoafondo\">Usoa Ostolaza, campeona de Espa\u00f1a, protagonista en \u00abInside by Beloki\u00bb<\/a> @ciclismoafondo<\/li>\n<\/ul>\n<\/div><\/div><\/div><\/div><\/div><div class=\"fusion-fullwidth fullwidth-box fusion-builder-row-7 fusion-flex-container has-pattern-background has-mask-background hundred-percent-fullwidth non-hundred-percent-height-scrolling\" style=\"--awb-border-radius-top-left:0px;--awb-border-radius-top-right:0px;--awb-border-radius-bottom-right:0px;--awb-border-radius-bottom-left:0px;--awb-padding-right-small:2%;--awb-padding-left-small:2%;--awb-flex-wrap:wrap;\" ><div class=\"fusion-builder-row fusion-row fusion-flex-align-items-flex-start fusion-flex-content-wrap\" style=\"width:104% !important;max-width:104% !important;margin-left: calc(-4% \/ 2 );margin-right: calc(-4% \/ 2 );\"><div class=\"fusion-layout-column fusion_builder_column fusion-builder-column-6 fusion_builder_column_1_1 1_1 fusion-flex-column\" style=\"--awb-padding-right:20px;--awb-padding-left:20px;--awb-padding-right-small:15px;--awb-padding-left-small:15px;--awb-overflow:hidden;--awb-bg-color:var(--awb-color1);--awb-bg-color-hover:var(--awb-color1);--awb-bg-size:cover;--awb-border-color:var(--awb-color3);--awb-border-top:2px;--awb-border-right:2px;--awb-border-bottom:2px;--awb-border-left:2px;--awb-border-style:solid;--awb-border-radius:15px 15px 15px 15px;--awb-width-large:100%;--awb-margin-top-large:0px;--awb-spacing-right-large:1.92%;--awb-margin-bottom-large:20px;--awb-spacing-left-large:1.92%;--awb-width-medium:100%;--awb-order-medium:0;--awb-spacing-right-medium:1.92%;--awb-spacing-left-medium:1.92%;--awb-width-small:100%;--awb-order-small:0;--awb-spacing-right-small:0px;--awb-spacing-left-small:0px;\" id=\"c_internacional\" data-scroll-devices=\"small-visibility,medium-visibility,large-visibility\"><div class=\"fusion-column-wrapper fusion-column-has-shadow fusion-flex-justify-content-flex-start fusion-content-layout-column\"><div class=\"fusion-title title fusion-title-20 fusion-sep-none fusion-title-text fusion-title-size-one\" style=\"--awb-margin-top:20px;--awb-margin-top-small:10px;--awb-margin-right-small:0px;--awb-margin-bottom-small:10px;--awb-margin-left-small:0px;--awb-sep-color:var(--awb-custom_color_1);\" id=\"internacional\"><h1 class=\"fusion-title-heading title-heading-left fusion-responsive-typography-calculated\" style=\"font-family:&quot;Raleway&quot;;font-style:normal;font-weight:400;margin:0;--fontSize:40;line-height:var(--awb-typography1-line-height);\"><mark class=\"fusion-highlight custom-textcolor highlight1 awb-highlight-background rounded\" style=\"--awb-color:#0098d9;--awb-text-color:#ffffff;\"><strong>UE &amp; Internacional<\/strong><\/mark><\/h1><\/div><div class=\"fusion-text fusion-text-17\" style=\"--awb-line-height:1.5em;\"><ul>\n<li><a class=\"title\" href=\"https:\/\/www.europapress.es\/internacional\/noticia-onu-alerta-asombroso-aumento-50-violencia-genero-mundo-2023-respecto-ano-anterior-20241116072035.html\" target=\"_blank\" rel=\"noopener\" data-artpy=\"0\" data-author=\"Europa Press\">La ONU alerta de un \u00abasombroso\u00bb aumento del 50% de la violencia de g\u00e9nero en el mundo en 2023 respecto al a\u00f1o anterior<\/a> @europapress<\/li>\n<li><a href=\"https:\/\/www.google.com\/url?rct=j&amp;sa=t&amp;url=https:\/\/www.articulo14.es\/violencia-contra-las-mujeres\/lina-galvez-tenemos-una-generacion-joven-que-esta-justificando-la-violencia-y-las-desigualdades-20241116.html&amp;ct=ga&amp;cd=CAEYACoUMTM1NTg5MDA5NjI4MDg3NzkwMzcyGTFmYWEzNjRkM2QxMTIyMWI6ZXM6ZXM6RVM&amp;usg=AOvVaw1dA5ymVLi-WWXmLsEMxtNa\">Lina G\u00e1lvez, presidenta de la Comisi\u00f3n de Derechos de las Mujeres e Igualdad de G\u00e9nero en el Parlamento Europeo: \u00abTenemos una generaci\u00f3n joven que est\u00e1 justificando la violencia y las desigualdades\u00bb<\/a> @Art\u00edculo 14<\/li>\n<li><a href=\"https:\/\/www.google.com\/url?rct=j&amp;sa=t&amp;url=https:\/\/www.ecoticias.com\/cambio-climatico\/cop29-europa-consecuencias-cambio-climatico&amp;ct=ga&amp;cd=CAEYASoUMTM1NTg5MDA5NjI4MDg3NzkwMzcyGTFmYWEzNjRkM2QxMTIyMWI6ZXM6ZXM6RVM&amp;usg=AOvVaw0SKIOYXd1fMpICV-Z6KY8W\">COP29: Europa exige que todos los pa\u00edses paguen por las consecuencias del cambio clim\u00e1tico<\/a> @ECOticias<\/li>\n<li><a class=\"title\" href=\"https:\/\/www.eldiario.es\/agencias\/onu-mujeres-agenda-2030-eliminar-hambre-pobreza-milei-acuerdo_1_11825371.html\" target=\"_blank\" rel=\"noopener\" data-artpy=\"0\" data-author=\"eldiario.es\">ONU Mujeres: la Agenda 2030 es eliminar hambre y pobreza, Milei tiene que estar de acuerdo<\/a> @eldiario<\/li>\n<li><a class=\"title\" href=\"https:\/\/www.eluniversal.com.mx\/opinion\/carla-humphrey\/programa-piloto-para-las-mujeres-en-situacion-de-violencia-de-politica\/\" target=\"_blank\" rel=\"noopener\" data-artpy=\"0\" data-author=\"El Universal\">Programa piloto para las mujeres en situaci\u00f3n de violencia de pol\u00edtica<\/a> @eluniversal<\/li>\n<li><a href=\"https:\/\/www.google.com\/url?rct=j&amp;sa=t&amp;url=https:\/\/www.france24.com\/es\/video\/20241120-susana-sottoli-el-cuerpo-de-mujeres-y-ni%25C3%25B1as-en-hait%25C3%25AD-es-el-campo-de-batalla-del-conflicto&amp;ct=ga&amp;cd=CAEYBCoTMjMzODM3NzI0ODAyNTI2OTI4NjIZNTlkNzgxNzEzNmEyZDAyODplczplczpFUw&amp;usg=AOvVaw3tZja0IMd2mG-0B2u8WBwi\" target=\"_blank\" rel=\"noopener\" data-saferedirecturl=\"https:\/\/www.google.com\/url?q=https:\/\/www.google.com\/url?rct%3Dj%26sa%3Dt%26url%3Dhttps:\/\/www.france24.com\/es\/video\/20241120-susana-sottoli-el-cuerpo-de-mujeres-y-ni%2525C3%2525B1as-en-hait%2525C3%2525AD-es-el-campo-de-batalla-del-conflicto%26ct%3Dga%26cd%3DCAEYBCoTMjMzODM3NzI0ODAyNTI2OTI4NjIZNTlkNzgxNzEzNmEyZDAyODplczplczpFUw%26usg%3DAOvVaw3tZja0IMd2mG-0B2u8WBwi&amp;source=gmail&amp;ust=1732297470254000&amp;usg=AOvVaw0xSzJyjE6ulCU9yMtNlxYe\">Susana Sottoli: \u201cEl cuerpo de mujeres y ni\u00f1as en Hait\u00ed es el campo de batalla del conflicto\u201d<\/a> @France 24<a><br \/>\n<\/a><\/li>\n<li><a href=\"https:\/\/elpais.com\/internacional\/2024-11-15\/libia-anuncia-una-policia-de-la-moral-para-imponer-el-velo-a-las-mujeres.html\">Libia anuncia una polic\u00eda de la moral para imponer el velo a las mujeres<\/a> @elpais<\/li>\n<li><a class=\"title\" href=\"https:\/\/www.lanacion.com.ar\/cultura\/seynabou-sonko-quise-mostrar-el-destino-a-menudo-tragico-de-las-mujeres-negras-y-arabes-migrantes-nid20112024\/\" target=\"_blank\" rel=\"noopener\" data-artpy=\"0\" data-author=\"La Nacion\">Seynabou Sonko. \u201cQuise mostrar el destino, a menudo tr\u00e1gico, de las mujeres negras y \u00e1rabes migrantes\u201d<\/a> @lanacion<\/li>\n<li><a class=\"title\" href=\"https:\/\/www.msn.com\/es-es\/noticias\/internacional\/jennifer-clement-la-mujer-que-encontr%C3%B3-las-horquillas-de-frida-kahlo-una-vez-muerta-y-as%C3%AD-cont%C3%B3-el-arte-del-siglo-xx\/ar-AA1utv9I?ocid=BingNewsVerp\" target=\"_blank\" rel=\"noopener\" data-artpy=\"0\" data-author=\"eldiario.es on MSN\">Jennifer Clement, la mujer que encontr\u00f3 las horquillas de Frida Kahlo una vez muerta y as\u00ed cont\u00f3 el arte del siglo XX<\/a> @eldiario<\/li>\n<\/ul>\n<\/div><\/div><\/div><\/div><\/div><\/p>\n","protected":false},"excerpt":{"rendered":"<p>La ONU alerta de un \u00abasombroso\u00bb aumento del 50% de la violencia de g\u00e9nero en el mundo en 2023  *  Ley contra la Violencia de G\u00e9nero cumple 20 a\u00f1os, menos violencia pero m\u00e1s grave en las formas de ejercerla  *  Crece el negacionismo de la violencia machista entre chicos y chicas menores de 25 a\u00f1os  *  Campa\u00f1a 25N \u00abVidas que cambian vidas\u2019<\/p>\n","protected":false},"author":3,"featured_media":22909,"comment_status":"closed","ping_status":"closed","sticky":false,"template":"","format":"standard","meta":{"footnotes":""},"categories":[298,654],"tags":[230,109],"class_list":["post-22121","post","type-post","status-publish","format-standard","has-post-thumbnail","hentry","category-newsletter","category-nwl-v-4-0","tag-25n","tag-violencia-de-genero"],"yoast_head":"<!-- This site is optimized with the Yoast SEO plugin v27.5 - https:\/\/yoast.com\/product\/yoast-seo-wordpress\/ -->\n<title>Noticias Info CKL n\u00ba 2903-21\/11\/24-Comunicar con perspectiva de g\u00e9nero<\/title>\n<meta name=\"description\" content=\"Noticias Info CKL n\u00ba 2903-21\/11\/24 La ONU alerta de un &quot;asombroso&quot; aumento del 50% de la violencia de g\u00e9nero en el mundo en 2023-Ley contra la Violencia de G\u00e9nero cumple 20 a\u00f1os, menos violencia pero m\u00e1s grave en las formas de ejercerla-Crece el negacionismo de la violencia machista entre chicos y chicas menores de 25 a\u00f1os-Campa\u00f1a 25N &quot;Vidas que cambian vidas&#039;\" \/>\n<meta name=\"robots\" content=\"index, follow, max-snippet:-1, max-image-preview:large, max-video-preview:-1\" \/>\n<link rel=\"canonical\" href=\"https:\/\/cklcomunicaciones.es\/coop\/noticias-info-ckl-no-2903-21-11-24\/\" \/>\n<meta property=\"og:locale\" content=\"es_ES\" \/>\n<meta property=\"og:type\" content=\"article\" \/>\n<meta property=\"og:title\" content=\"Noticias Info CKL n\u00ba 2903-21\/11\/24-Comunicar con perspectiva de g\u00e9nero\" \/>\n<meta property=\"og:description\" content=\"Noticias Info CKL n\u00ba 2903-21\/11\/24 La ONU alerta de un &quot;asombroso&quot; aumento del 50% de la violencia de g\u00e9nero en el mundo en 2023-Ley contra la Violencia de G\u00e9nero cumple 20 a\u00f1os, menos violencia pero m\u00e1s grave en las formas de ejercerla-Crece el negacionismo de la violencia machista entre chicos y chicas menores de 25 a\u00f1os-Campa\u00f1a 25N &quot;Vidas que cambian vidas&#039;\" \/>\n<meta property=\"og:url\" content=\"https:\/\/cklcomunicaciones.es\/coop\/noticias-info-ckl-no-2903-21-11-24\/\" \/>\n<meta property=\"og:site_name\" content=\"CKL Comunicaciones\" \/>\n<meta property=\"article:published_time\" content=\"2024-11-21T19:14:37+00:00\" \/>\n<meta property=\"article:modified_time\" content=\"2025-02-12T09:38:32+00:00\" \/>\n<meta property=\"og:image\" content=\"https:\/\/cklcomunicaciones.es\/coop\/wp-content\/uploads\/2025\/01\/CKL-una-mirada-distinta-de-la-comunicacion.jpg\" \/>\n\t<meta property=\"og:image:width\" content=\"1482\" \/>\n\t<meta property=\"og:image:height\" content=\"775\" \/>\n\t<meta property=\"og:image:type\" content=\"image\/jpeg\" \/>\n<meta name=\"author\" content=\"ckl\" \/>\n<meta name=\"twitter:card\" content=\"summary_large_image\" \/>\n<meta name=\"twitter:label1\" content=\"Escrito por\" \/>\n\t<meta name=\"twitter:data1\" content=\"ckl\" \/>\n\t<meta name=\"twitter:label2\" content=\"Tiempo de lectura\" \/>\n\t<meta name=\"twitter:data2\" content=\"8 minutos\" \/>\n<script type=\"application\/ld+json\" class=\"yoast-schema-graph\">{\"@context\":\"https:\\\/\\\/schema.org\",\"@graph\":[{\"@type\":\"Article\",\"@id\":\"https:\\\/\\\/cklcomunicaciones.es\\\/coop\\\/noticias-info-ckl-no-2903-21-11-24\\\/#article\",\"isPartOf\":{\"@id\":\"https:\\\/\\\/cklcomunicaciones.es\\\/coop\\\/noticias-info-ckl-no-2903-21-11-24\\\/\"},\"author\":{\"name\":\"ckl\",\"@id\":\"https:\\\/\\\/cklcomunicaciones.es\\\/coop\\\/#\\\/schema\\\/person\\\/929a6837f7626450bbb50cee1aef266e\"},\"headline\":\"Noticias Info CKL n\u00ba 2903-21\\\/11\\\/24\",\"datePublished\":\"2024-11-21T19:14:37+00:00\",\"dateModified\":\"2025-02-12T09:38:32+00:00\",\"mainEntityOfPage\":{\"@id\":\"https:\\\/\\\/cklcomunicaciones.es\\\/coop\\\/noticias-info-ckl-no-2903-21-11-24\\\/\"},\"wordCount\":8976,\"image\":{\"@id\":\"https:\\\/\\\/cklcomunicaciones.es\\\/coop\\\/noticias-info-ckl-no-2903-21-11-24\\\/#primaryimage\"},\"thumbnailUrl\":\"https:\\\/\\\/cklcomunicaciones.es\\\/coop\\\/wp-content\\\/uploads\\\/2025\\\/01\\\/CKL-una-mirada-distinta-de-la-comunicacion.jpg\",\"keywords\":[\"25N\",\"violencia de g\u00e9nero\"],\"articleSection\":[\"Newsletter\",\"Nwl v.4.0\"],\"inLanguage\":\"es\"},{\"@type\":\"WebPage\",\"@id\":\"https:\\\/\\\/cklcomunicaciones.es\\\/coop\\\/noticias-info-ckl-no-2903-21-11-24\\\/\",\"url\":\"https:\\\/\\\/cklcomunicaciones.es\\\/coop\\\/noticias-info-ckl-no-2903-21-11-24\\\/\",\"name\":\"Noticias Info CKL n\u00ba 2903-21\\\/11\\\/24-Comunicar con perspectiva de g\u00e9nero\",\"isPartOf\":{\"@id\":\"https:\\\/\\\/cklcomunicaciones.es\\\/coop\\\/#website\"},\"primaryImageOfPage\":{\"@id\":\"https:\\\/\\\/cklcomunicaciones.es\\\/coop\\\/noticias-info-ckl-no-2903-21-11-24\\\/#primaryimage\"},\"image\":{\"@id\":\"https:\\\/\\\/cklcomunicaciones.es\\\/coop\\\/noticias-info-ckl-no-2903-21-11-24\\\/#primaryimage\"},\"thumbnailUrl\":\"https:\\\/\\\/cklcomunicaciones.es\\\/coop\\\/wp-content\\\/uploads\\\/2025\\\/01\\\/CKL-una-mirada-distinta-de-la-comunicacion.jpg\",\"datePublished\":\"2024-11-21T19:14:37+00:00\",\"dateModified\":\"2025-02-12T09:38:32+00:00\",\"author\":{\"@id\":\"https:\\\/\\\/cklcomunicaciones.es\\\/coop\\\/#\\\/schema\\\/person\\\/929a6837f7626450bbb50cee1aef266e\"},\"description\":\"Noticias Info CKL n\u00ba 2903-21\\\/11\\\/24 La ONU alerta de un \\\"asombroso\\\" aumento del 50% de la violencia de g\u00e9nero en el mundo en 2023-Ley contra la Violencia de G\u00e9nero cumple 20 a\u00f1os, menos violencia pero m\u00e1s grave en las formas de ejercerla-Crece el negacionismo de la violencia machista entre chicos y chicas menores de 25 a\u00f1os-Campa\u00f1a 25N \\\"Vidas que cambian vidas'\",\"breadcrumb\":{\"@id\":\"https:\\\/\\\/cklcomunicaciones.es\\\/coop\\\/noticias-info-ckl-no-2903-21-11-24\\\/#breadcrumb\"},\"inLanguage\":\"es\",\"potentialAction\":[{\"@type\":\"ReadAction\",\"target\":[\"https:\\\/\\\/cklcomunicaciones.es\\\/coop\\\/noticias-info-ckl-no-2903-21-11-24\\\/\"]}]},{\"@type\":\"ImageObject\",\"inLanguage\":\"es\",\"@id\":\"https:\\\/\\\/cklcomunicaciones.es\\\/coop\\\/noticias-info-ckl-no-2903-21-11-24\\\/#primaryimage\",\"url\":\"https:\\\/\\\/cklcomunicaciones.es\\\/coop\\\/wp-content\\\/uploads\\\/2025\\\/01\\\/CKL-una-mirada-distinta-de-la-comunicacion.jpg\",\"contentUrl\":\"https:\\\/\\\/cklcomunicaciones.es\\\/coop\\\/wp-content\\\/uploads\\\/2025\\\/01\\\/CKL-una-mirada-distinta-de-la-comunicacion.jpg\",\"width\":1482,\"height\":775,\"caption\":\"CKL - una mirada distinta de la comunicacion\"},{\"@type\":\"BreadcrumbList\",\"@id\":\"https:\\\/\\\/cklcomunicaciones.es\\\/coop\\\/noticias-info-ckl-no-2903-21-11-24\\\/#breadcrumb\",\"itemListElement\":[{\"@type\":\"ListItem\",\"position\":1,\"name\":\"Portada\",\"item\":\"https:\\\/\\\/cklcomunicaciones.es\\\/coop\\\/\"},{\"@type\":\"ListItem\",\"position\":2,\"name\":\"Noticias Info CKL n\u00ba 2903-21\\\/11\\\/24\"}]},{\"@type\":\"WebSite\",\"@id\":\"https:\\\/\\\/cklcomunicaciones.es\\\/coop\\\/#website\",\"url\":\"https:\\\/\\\/cklcomunicaciones.es\\\/coop\\\/\",\"name\":\"CKL Comunicaciones\",\"description\":\"Sitio web de CKL Comunicaciones coop , la consultora de comunicaci\u00f3n y estrategia\",\"potentialAction\":[{\"@type\":\"SearchAction\",\"target\":{\"@type\":\"EntryPoint\",\"urlTemplate\":\"https:\\\/\\\/cklcomunicaciones.es\\\/coop\\\/?s={search_term_string}\"},\"query-input\":{\"@type\":\"PropertyValueSpecification\",\"valueRequired\":true,\"valueName\":\"search_term_string\"}}],\"inLanguage\":\"es\"},{\"@type\":\"Person\",\"@id\":\"https:\\\/\\\/cklcomunicaciones.es\\\/coop\\\/#\\\/schema\\\/person\\\/929a6837f7626450bbb50cee1aef266e\",\"name\":\"ckl\",\"image\":{\"@type\":\"ImageObject\",\"inLanguage\":\"es\",\"@id\":\"https:\\\/\\\/secure.gravatar.com\\\/avatar\\\/c82db564e8a669bf6023357a157b9dc4780f4d4c618f2ad1d71a6a5dede45057?s=96&d=mm&r=g\",\"url\":\"https:\\\/\\\/secure.gravatar.com\\\/avatar\\\/c82db564e8a669bf6023357a157b9dc4780f4d4c618f2ad1d71a6a5dede45057?s=96&d=mm&r=g\",\"contentUrl\":\"https:\\\/\\\/secure.gravatar.com\\\/avatar\\\/c82db564e8a669bf6023357a157b9dc4780f4d4c618f2ad1d71a6a5dede45057?s=96&d=mm&r=g\",\"caption\":\"ckl\"},\"url\":\"https:\\\/\\\/cklcomunicaciones.es\\\/coop\\\/author\\\/cklcomunicaciones\\\/\"}]}<\/script>\n<!-- \/ Yoast SEO plugin. -->","yoast_head_json":{"title":"Noticias Info CKL n\u00ba 2903-21\/11\/24-Comunicar con perspectiva de g\u00e9nero","description":"Noticias Info CKL n\u00ba 2903-21\/11\/24 La ONU alerta de un \"asombroso\" aumento del 50% de la violencia de g\u00e9nero en el mundo en 2023-Ley contra la Violencia de G\u00e9nero cumple 20 a\u00f1os, menos violencia pero m\u00e1s grave en las formas de ejercerla-Crece el negacionismo de la violencia machista entre chicos y chicas menores de 25 a\u00f1os-Campa\u00f1a 25N \"Vidas que cambian vidas'","robots":{"index":"index","follow":"follow","max-snippet":"max-snippet:-1","max-image-preview":"max-image-preview:large","max-video-preview":"max-video-preview:-1"},"canonical":"https:\/\/cklcomunicaciones.es\/coop\/noticias-info-ckl-no-2903-21-11-24\/","og_locale":"es_ES","og_type":"article","og_title":"Noticias Info CKL n\u00ba 2903-21\/11\/24-Comunicar con perspectiva de g\u00e9nero","og_description":"Noticias Info CKL n\u00ba 2903-21\/11\/24 La ONU alerta de un \"asombroso\" aumento del 50% de la violencia de g\u00e9nero en el mundo en 2023-Ley contra la Violencia de G\u00e9nero cumple 20 a\u00f1os, menos violencia pero m\u00e1s grave en las formas de ejercerla-Crece el negacionismo de la violencia machista entre chicos y chicas menores de 25 a\u00f1os-Campa\u00f1a 25N \"Vidas que cambian vidas'","og_url":"https:\/\/cklcomunicaciones.es\/coop\/noticias-info-ckl-no-2903-21-11-24\/","og_site_name":"CKL Comunicaciones","article_published_time":"2024-11-21T19:14:37+00:00","article_modified_time":"2025-02-12T09:38:32+00:00","og_image":[{"width":1482,"height":775,"url":"https:\/\/cklcomunicaciones.es\/coop\/wp-content\/uploads\/2025\/01\/CKL-una-mirada-distinta-de-la-comunicacion.jpg","type":"image\/jpeg"}],"author":"ckl","twitter_card":"summary_large_image","twitter_misc":{"Escrito por":"ckl","Tiempo de lectura":"8 minutos"},"schema":{"@context":"https:\/\/schema.org","@graph":[{"@type":"Article","@id":"https:\/\/cklcomunicaciones.es\/coop\/noticias-info-ckl-no-2903-21-11-24\/#article","isPartOf":{"@id":"https:\/\/cklcomunicaciones.es\/coop\/noticias-info-ckl-no-2903-21-11-24\/"},"author":{"name":"ckl","@id":"https:\/\/cklcomunicaciones.es\/coop\/#\/schema\/person\/929a6837f7626450bbb50cee1aef266e"},"headline":"Noticias Info CKL n\u00ba 2903-21\/11\/24","datePublished":"2024-11-21T19:14:37+00:00","dateModified":"2025-02-12T09:38:32+00:00","mainEntityOfPage":{"@id":"https:\/\/cklcomunicaciones.es\/coop\/noticias-info-ckl-no-2903-21-11-24\/"},"wordCount":8976,"image":{"@id":"https:\/\/cklcomunicaciones.es\/coop\/noticias-info-ckl-no-2903-21-11-24\/#primaryimage"},"thumbnailUrl":"https:\/\/cklcomunicaciones.es\/coop\/wp-content\/uploads\/2025\/01\/CKL-una-mirada-distinta-de-la-comunicacion.jpg","keywords":["25N","violencia de g\u00e9nero"],"articleSection":["Newsletter","Nwl v.4.0"],"inLanguage":"es"},{"@type":"WebPage","@id":"https:\/\/cklcomunicaciones.es\/coop\/noticias-info-ckl-no-2903-21-11-24\/","url":"https:\/\/cklcomunicaciones.es\/coop\/noticias-info-ckl-no-2903-21-11-24\/","name":"Noticias Info CKL n\u00ba 2903-21\/11\/24-Comunicar con perspectiva de g\u00e9nero","isPartOf":{"@id":"https:\/\/cklcomunicaciones.es\/coop\/#website"},"primaryImageOfPage":{"@id":"https:\/\/cklcomunicaciones.es\/coop\/noticias-info-ckl-no-2903-21-11-24\/#primaryimage"},"image":{"@id":"https:\/\/cklcomunicaciones.es\/coop\/noticias-info-ckl-no-2903-21-11-24\/#primaryimage"},"thumbnailUrl":"https:\/\/cklcomunicaciones.es\/coop\/wp-content\/uploads\/2025\/01\/CKL-una-mirada-distinta-de-la-comunicacion.jpg","datePublished":"2024-11-21T19:14:37+00:00","dateModified":"2025-02-12T09:38:32+00:00","author":{"@id":"https:\/\/cklcomunicaciones.es\/coop\/#\/schema\/person\/929a6837f7626450bbb50cee1aef266e"},"description":"Noticias Info CKL n\u00ba 2903-21\/11\/24 La ONU alerta de un \"asombroso\" aumento del 50% de la violencia de g\u00e9nero en el mundo en 2023-Ley contra la Violencia de G\u00e9nero cumple 20 a\u00f1os, menos violencia pero m\u00e1s grave en las formas de ejercerla-Crece el negacionismo de la violencia machista entre chicos y chicas menores de 25 a\u00f1os-Campa\u00f1a 25N \"Vidas que cambian vidas'","breadcrumb":{"@id":"https:\/\/cklcomunicaciones.es\/coop\/noticias-info-ckl-no-2903-21-11-24\/#breadcrumb"},"inLanguage":"es","potentialAction":[{"@type":"ReadAction","target":["https:\/\/cklcomunicaciones.es\/coop\/noticias-info-ckl-no-2903-21-11-24\/"]}]},{"@type":"ImageObject","inLanguage":"es","@id":"https:\/\/cklcomunicaciones.es\/coop\/noticias-info-ckl-no-2903-21-11-24\/#primaryimage","url":"https:\/\/cklcomunicaciones.es\/coop\/wp-content\/uploads\/2025\/01\/CKL-una-mirada-distinta-de-la-comunicacion.jpg","contentUrl":"https:\/\/cklcomunicaciones.es\/coop\/wp-content\/uploads\/2025\/01\/CKL-una-mirada-distinta-de-la-comunicacion.jpg","width":1482,"height":775,"caption":"CKL - una mirada distinta de la comunicacion"},{"@type":"BreadcrumbList","@id":"https:\/\/cklcomunicaciones.es\/coop\/noticias-info-ckl-no-2903-21-11-24\/#breadcrumb","itemListElement":[{"@type":"ListItem","position":1,"name":"Portada","item":"https:\/\/cklcomunicaciones.es\/coop\/"},{"@type":"ListItem","position":2,"name":"Noticias Info CKL n\u00ba 2903-21\/11\/24"}]},{"@type":"WebSite","@id":"https:\/\/cklcomunicaciones.es\/coop\/#website","url":"https:\/\/cklcomunicaciones.es\/coop\/","name":"CKL Comunicaciones","description":"Sitio web de CKL Comunicaciones coop , la consultora de comunicaci\u00f3n y estrategia","potentialAction":[{"@type":"SearchAction","target":{"@type":"EntryPoint","urlTemplate":"https:\/\/cklcomunicaciones.es\/coop\/?s={search_term_string}"},"query-input":{"@type":"PropertyValueSpecification","valueRequired":true,"valueName":"search_term_string"}}],"inLanguage":"es"},{"@type":"Person","@id":"https:\/\/cklcomunicaciones.es\/coop\/#\/schema\/person\/929a6837f7626450bbb50cee1aef266e","name":"ckl","image":{"@type":"ImageObject","inLanguage":"es","@id":"https:\/\/secure.gravatar.com\/avatar\/c82db564e8a669bf6023357a157b9dc4780f4d4c618f2ad1d71a6a5dede45057?s=96&d=mm&r=g","url":"https:\/\/secure.gravatar.com\/avatar\/c82db564e8a669bf6023357a157b9dc4780f4d4c618f2ad1d71a6a5dede45057?s=96&d=mm&r=g","contentUrl":"https:\/\/secure.gravatar.com\/avatar\/c82db564e8a669bf6023357a157b9dc4780f4d4c618f2ad1d71a6a5dede45057?s=96&d=mm&r=g","caption":"ckl"},"url":"https:\/\/cklcomunicaciones.es\/coop\/author\/cklcomunicaciones\/"}]}},"_links":{"self":[{"href":"https:\/\/cklcomunicaciones.es\/coop\/wp-json\/wp\/v2\/posts\/22121","targetHints":{"allow":["GET"]}}],"collection":[{"href":"https:\/\/cklcomunicaciones.es\/coop\/wp-json\/wp\/v2\/posts"}],"about":[{"href":"https:\/\/cklcomunicaciones.es\/coop\/wp-json\/wp\/v2\/types\/post"}],"author":[{"embeddable":true,"href":"https:\/\/cklcomunicaciones.es\/coop\/wp-json\/wp\/v2\/users\/3"}],"replies":[{"embeddable":true,"href":"https:\/\/cklcomunicaciones.es\/coop\/wp-json\/wp\/v2\/comments?post=22121"}],"version-history":[{"count":0,"href":"https:\/\/cklcomunicaciones.es\/coop\/wp-json\/wp\/v2\/posts\/22121\/revisions"}],"wp:featuredmedia":[{"embeddable":true,"href":"https:\/\/cklcomunicaciones.es\/coop\/wp-json\/wp\/v2\/media\/22909"}],"wp:attachment":[{"href":"https:\/\/cklcomunicaciones.es\/coop\/wp-json\/wp\/v2\/media?parent=22121"}],"wp:term":[{"taxonomy":"category","embeddable":true,"href":"https:\/\/cklcomunicaciones.es\/coop\/wp-json\/wp\/v2\/categories?post=22121"},{"taxonomy":"post_tag","embeddable":true,"href":"https:\/\/cklcomunicaciones.es\/coop\/wp-json\/wp\/v2\/tags?post=22121"}],"curies":[{"name":"wp","href":"https:\/\/api.w.org\/{rel}","templated":true}]}}