{"id":22120,"date":"2024-11-14T19:29:21","date_gmt":"2024-11-14T18:29:21","guid":{"rendered":"https:\/\/www.cklcomunicaciones.es\/?p=21407"},"modified":"2025-02-11T15:50:10","modified_gmt":"2025-02-11T14:50:10","slug":"noticias-info-ckl-no-2902-14-11-24","status":"publish","type":"post","link":"https:\/\/cklcomunicaciones.es\/coop\/noticias-info-ckl-no-2902-14-11-24\/","title":{"rendered":"Noticias Info CKL n\u00ba 2902-14\/11\/24"},"content":{"rendered":"<div class=\"fusion-fullwidth fullwidth-box fusion-builder-row-1 fusion-flex-container nonhundred-percent-fullwidth non-hundred-percent-height-scrolling\" style=\"--awb-border-radius-top-left:0px;--awb-border-radius-top-right:0px;--awb-border-radius-bottom-right:0px;--awb-border-radius-bottom-left:0px;--awb-flex-wrap:wrap;\" ><div class=\"fusion-builder-row fusion-row fusion-flex-align-items-flex-start fusion-flex-content-wrap\" style=\"max-width:1248px;margin-left: calc(-4% \/ 2 );margin-right: calc(-4% \/ 2 );\"><div class=\"fusion-layout-column fusion_builder_column fusion-builder-column-0 fusion_builder_column_1_1 1_1 fusion-flex-column\" style=\"--awb-bg-blend:overlay;--awb-bg-size:cover;--awb-width-large:100%;--awb-margin-top-large:0px;--awb-spacing-right-large:1.92%;--awb-margin-bottom-large:0px;--awb-spacing-left-large:1.92%;--awb-width-medium:100%;--awb-spacing-right-medium:1.92%;--awb-spacing-left-medium:1.92%;--awb-width-small:100%;--awb-spacing-right-small:1.92%;--awb-spacing-left-small:1.92%;\"><div class=\"fusion-column-wrapper fusion-flex-justify-content-flex-start fusion-content-layout-column\"><div class=\"fusion-text fusion-text-1\"><div id=\"\" class=\"lsow-panel lsow-active\">\n<h1>Comunicaci\u00f3n, Publicidad y TICs<\/h1>\n<div class=\"lsow-panel-content\">\n<p><a class=\"title\" href=\"https:\/\/www.msn.com\/es-es\/noticias\/otras\/premios-poder-femenino-2024-yo-dona-homenajea-a-siete-mujeres-excepcionales-en-una-noche-cargada-de-esperanza-y-entusiasmo\/ar-AA1u2Pq4?ocid=BingNewsVerp\" target=\"_blank\" rel=\"noopener\" data-artpy=\"0\" data-author=\"El Mundo on MSN\">Premios Poder Femenino 2024: Yo Dona homenajea a siete mujeres excepcionales en una noche cargada de esperanza y entusiasmo<\/a>-elmundo<br \/>\n<a class=\"title\" href=\"https:\/\/www.msn.com\/es-es\/noticias\/espana\/paloma-del-r%C3%ADo-recorre-el-esfuerzo-y-los-logros-del-deporte-espa%C3%B1ol-femenino-este-jueves-en-la-biblioteca-de-c-lm\/ar-AA1tZLu5?ocid=BingNewsVerp\" target=\"_blank\" rel=\"noopener\" data-artpy=\"0\" data-author=\"Europa Press on MSN\">Paloma del R\u00edo recorre el esfuerzo y los logros del deporte espa\u00f1ol femenino este jueves en la Biblioteca de C-LM<\/a>-europapress<br \/>\n<a class=\"title\" href=\"https:\/\/www.msn.com\/es-es\/deportes\/other\/whoopi-goldberg-crea-un-canal-de-televisi%C3%B3n-especializado-en-deporte-femenino\/ar-AA1tZWxC?ocid=BingNewsVerp\" target=\"_blank\" rel=\"noopener\" data-artpy=\"0\" data-author=\"Mundo Deportivo on MSN\">Whoopi Goldberg crea un canal de televisi\u00f3n especializado en deporte femenino<\/a>-mundodeportivo<br \/>\n<a class=\"title\" href=\"https:\/\/www.europapress.es\/epsocial\/responsables\/noticia-periodista-rosa-maria-calaf-mencion-especial-premios-fundacion-diversidad-20241112182850.html\" target=\"_blank\" rel=\"noopener\" data-artpy=\"0\" data-author=\"Europa Press\">La periodista Rosa Mar\u00eda Calaf, menci\u00f3n especial en los X Premios Fundaci\u00f3n Diversidad<\/a>-europapress<br \/>\n<a class=\"title\" href=\"https:\/\/www.rtve.es\/rtve\/20241108\/nuria-verde-rtve-noticias-premio-icapem-2024-por-su-reportaje-sobre-cancer-pulmon-mujeres\/16322070.shtml\" target=\"_blank\" rel=\"noopener\" data-artpy=\"0\" data-author=\"RTVE\">Nuria Verde, de RTVE Noticias, Premio ICAPEM 2024 por su reportaje sobre el c\u00e1ncer de pulm\u00f3n en mujeres<\/a>-rtve<br \/>\n<a class=\"title\" href=\"https:\/\/www.elplural.com\/todo-tv\/broncano-no-ninguna-broma-donde-estan-mujeres-prime-time_341192102\" target=\"_blank\" rel=\"noopener\" data-artpy=\"0\" data-author=\"Elplural.com\">Broncano, esto no es ninguna broma: \u00bfd\u00f3nde est\u00e1n las mujeres en el prime time?<\/a>-elplural<\/p>\n<\/div>\n<\/div>\n<div id=\"\" class=\"lsow-panel lsow-active\">\n<h1 class=\"lsow-panel-title\">Andaluc\u00eda<\/h1>\n<div class=\"lsow-panel-content\">\n<div class=\"source set_top\">\n<div data-priority=\"2\" aria-hidden=\"true\">\n<p><strong>Institucional<br \/>\n<\/strong><a href=\"https:\/\/www.google.com\/url?rct=j&amp;sa=t&amp;url=https:\/\/cadenaser.com\/andalucia\/2024\/11\/13\/carolina-espana-este-es-el-presupuesto-de-las-personas-que-se-esfuerzan-en-hacer-de-andalucia-un-lugar-mejor-para-vivir-radio-sevilla\/&amp;ct=ga&amp;cd=CAEYACoUMTUwMDUxMzMwMzY1MDcxMzExMTQyGWQ3OGU1ODc1YTBmMWYyYWM6ZXM6ZXM6RVM&amp;usg=AOvVaw3X457ClDOCj8Esm71Qer_L\" target=\"_blank\" rel=\"noopener\" data-saferedirecturl=\"https:\/\/www.google.com\/url?q=https:\/\/www.google.com\/url?rct%3Dj%26sa%3Dt%26url%3Dhttps:\/\/cadenaser.com\/andalucia\/2024\/11\/13\/carolina-espana-este-es-el-presupuesto-de-las-personas-que-se-esfuerzan-en-hacer-de-andalucia-un-lugar-mejor-para-vivir-radio-sevilla\/%26ct%3Dga%26cd%3DCAEYACoUMTUwMDUxMzMwMzY1MDcxMzExMTQyGWQ3OGU1ODc1YTBmMWYyYWM6ZXM6ZXM6RVM%26usg%3DAOvVaw3X457ClDOCj8Esm71Qer_L&amp;source=gmail&amp;ust=1731598745290000&amp;usg=AOvVaw1CY6KlbmjnGVKdeG2evjX1\">Carolina Espa\u00f1a: \u00abEste es el presupuesto de las personas que se esfuerzan en hacer de &#8230;-\u00a0<\/a><a>Cadena SER<\/a><\/p>\n<p><strong>Econom\u00eda y Empresa<br \/>\n<\/strong><a href=\"https:\/\/www.google.com\/url?rct=j&amp;sa=t&amp;url=https:\/\/www.tribunadeandalucia.es\/rocio-blanco-la-formacion-profesional-es-el-mejor-instrumento-para-responder-a-las-necesidades-del-mercado-laboral\/&amp;ct=ga&amp;cd=CAEYAioUMTE5NDg3ODgyMTgwMzQwMzM5NjcyGWQ3OGU1ODc1YTBmMWYyYWM6ZXM6ZXM6RVM&amp;usg=AOvVaw3Z-p_wiAm4ktQVRBePl9Si\" target=\"_blank\" rel=\"noopener\" data-saferedirecturl=\"https:\/\/www.google.com\/url?q=https:\/\/www.google.com\/url?rct%3Dj%26sa%3Dt%26url%3Dhttps:\/\/www.tribunadeandalucia.es\/rocio-blanco-la-formacion-profesional-es-el-mejor-instrumento-para-responder-a-las-necesidades-del-mercado-laboral\/%26ct%3Dga%26cd%3DCAEYAioUMTE5NDg3ODgyMTgwMzQwMzM5NjcyGWQ3OGU1ODc1YTBmMWYyYWM6ZXM6ZXM6RVM%26usg%3DAOvVaw3Z-p_wiAm4ktQVRBePl9Si&amp;source=gmail&amp;ust=1731687657109000&amp;usg=AOvVaw2RVKXo1LtVF65fvjc8sw-I\">Roc\u00edo Blanco: \u201cLa Formaci\u00f3n Profesional es el mejor instrumento para responder a las &#8230;-\u00a0<\/a><a>Tribuna de Andaluc\u00eda<br \/>\n<\/a><a href=\"https:\/\/www.google.com\/url?rct=j&amp;sa=t&amp;url=https:\/\/www.abc.es\/sevilla\/economia\/sevillana-soraya-pujol-gana-octava-edicion-programa-20241113164056-nts.html&amp;ct=ga&amp;cd=CAEYACoUMTAzMzI0MzE3MDIxODAwOTU5MjcyG2UwZjU4Njg5N2I1Zjc4M2U6ZXM6ZXM6RVM6TA&amp;usg=AOvVaw07kVZcnUbesgwTUFTyNpJ5\" target=\"_blank\" rel=\"noopener\" data-saferedirecturl=\"https:\/\/www.google.com\/url?q=https:\/\/www.google.com\/url?rct%3Dj%26sa%3Dt%26url%3Dhttps:\/\/www.abc.es\/sevilla\/economia\/sevillana-soraya-pujol-gana-octava-edicion-programa-20241113164056-nts.html%26ct%3Dga%26cd%3DCAEYACoUMTAzMzI0MzE3MDIxODAwOTU5MjcyG2UwZjU4Njg5N2I1Zjc4M2U6ZXM6ZXM6RVM6TA%26usg%3DAOvVaw07kVZcnUbesgwTUFTyNpJ5&amp;source=gmail&amp;ust=1731687682906000&amp;usg=AOvVaw0tF7qgGIhcRhJkc0n1Dorm\">La sevillana Soraya Pujol gana la octava edici\u00f3n del programa de emprendimiento GIRA Mujeres-\u00a0<\/a><a>ABC<br \/>\n<\/a><a class=\"title\" href=\"https:\/\/www.eldiario.es\/andalucia\/edcreativo-andalucia\/floresta-sur-proyecto-ganador-gira-mujeres-2024-impulsa-inclusion-sociolaboral-mujeres-victimas-violencia-genero_132_11815378.html\" target=\"_blank\" rel=\"noopener\" data-artpy=\"0\" data-author=\"eldiario.es\">Floresta Sur, proyecto ganador de GIRA Mujeres 2024, impulsa la inclusi\u00f3n sociolaboral de mujeres v\u00edctimas de violencia de g\u00e9nero<\/a>-eldiario<br \/>\n<a href=\"https:\/\/www.caixabank.com\/comunicacion\/noticia\/fatiha-lahasen-reconocida-con-el-premio-a-mujer-profesional-autonoma-de-caixabank-en-andalucia-ceuta-y-melilla_es.html?id=45358\">Fatiha Lahasen, reconocida con el \u2018Premio A Mujer Profesional Aut\u00f3noma\u2019 de CaixaBank en Andaluc\u00eda, Ceuta y Melilla<\/a>-caixabank<br \/>\n<a href=\"https:\/\/vivamalaga.net\/sevilla\/1813218\/teresa-suarez-la-sostenibilidad-economica-dificulta-enormemente-emprender\/amp\/\">Teresa Su\u00e1rez: \u201cLa sostenibilidad econ\u00f3mica dificulta enormemente emprender\u201d &#8211;<\/a>vivamalaga<\/p>\n<p><strong>Actualidad<br \/>\n<\/strong><a class=\"title\" href=\"https:\/\/www.europapress.es\/andalucia\/noticia-diputacion-cordoba-convierte-escenario-reflexion-analisis-corresponsabilidad-20241114134217.html\" target=\"_blank\" rel=\"noopener\" data-artpy=\"0\" data-author=\"Europa Press\">La Diputaci\u00f3n de C\u00f3rdoba se convierte en escenario de reflexi\u00f3n y an\u00e1lisis sobre corresponsabilidad<\/a>-europapress<strong><br \/>\n<\/strong><a href=\"https:\/\/www.google.com\/url?rct=j&amp;sa=t&amp;url=http:\/\/www.juntadeandalucia.es\/presidencia\/portavoz\/198850\/almeria\/iam\/presenta\/campana\/quieres\/sexo\/ensene\/porno&amp;ct=ga&amp;cd=CAEYACoUMTAyNTQ0MDUxMjY1MjE1NDkyNjIyGzlhYjFjZGQ3ZTM2NmVmMzg6ZXM6ZXM6RVM6Ug&amp;usg=AOvVaw0oBtgc1bsuDfLV4fKvyucL\" target=\"_blank\" rel=\"noopener\" data-saferedirecturl=\"https:\/\/www.google.com\/url?q=https:\/\/www.google.com\/url?rct%3Dj%26sa%3Dt%26url%3Dhttp:\/\/www.juntadeandalucia.es\/presidencia\/portavoz\/198850\/almeria\/iam\/presenta\/campana\/quieres\/sexo\/ensene\/porno%26ct%3Dga%26cd%3DCAEYACoUMTAyNTQ0MDUxMjY1MjE1NDkyNjIyGzlhYjFjZGQ3ZTM2NmVmMzg6ZXM6ZXM6RVM6Ug%26usg%3DAOvVaw0oBtgc1bsuDfLV4fKvyucL&amp;source=gmail&amp;ust=1731687657240000&amp;usg=AOvVaw2nIp5dH-qHyn_wMxMDmGSu\">El IAM presenta la campa\u00f1a \u00abLo que quieres saber del sexo que no te lo ense\u00f1e el porno\u00bb-\u00a0<\/a><a>Junta de Andaluc\u00eda<br \/>\n<\/a><a href=\"https:\/\/www.google.com\/url?rct=j&amp;sa=t&amp;url=https:\/\/www.20minutos.es\/noticia\/5651821\/0\/entrevista-lina-galvez-eurodiputada-victoria-trump-eeuu-demuestra-agenda-antifeminista-avanza-mas-pensabamos\/&amp;ct=ga&amp;cd=CAEYACoTODAxODA0ODg4NjEzNjYzNTIzNzIZMGE3MDMxZmMzMWI2ZDliZDplczplczpFUw&amp;usg=AOvVaw1B8M1kOJEtDRH85FhyOJ6A\" target=\"_blank\" rel=\"noopener\" data-saferedirecturl=\"https:\/\/www.google.com\/url?q=https:\/\/www.google.com\/url?rct%3Dj%26sa%3Dt%26url%3Dhttps:\/\/www.20minutos.es\/noticia\/5651821\/0\/entrevista-lina-galvez-eurodiputada-victoria-trump-eeuu-demuestra-agenda-antifeminista-avanza-mas-pensabamos\/%26ct%3Dga%26cd%3DCAEYACoTODAxODA0ODg4NjEzNjYzNTIzNzIZMGE3MDMxZmMzMWI2ZDliZDplczplczpFUw%26usg%3DAOvVaw1B8M1kOJEtDRH85FhyOJ6A&amp;source=gmail&amp;ust=1731603262504000&amp;usg=AOvVaw1u952501HqivpVyr2KL2h7\">Lina G\u00e1lvez: \u00abLa victoria de Trump demuestra que la agenda antifeminista ha avanzado &#8230;-<\/a><a>20Minutos<\/a><\/p>\n<p><strong>Violencias<br \/>\n<\/strong><a href=\"https:\/\/www.google.com\/url?rct=j&amp;sa=t&amp;url=https:\/\/www.europapress.es\/esandalucia\/huelva\/noticia-junta-subraya-violencia-genero-cada-vez-mas-digital-afecta-jovenes-20241113132403.html&amp;ct=ga&amp;cd=CAEYAioTMzE4MzE2NDU1MDcyODUwODM5MDIbOWFiMWNkZDdlMzY2ZWYzODplczplczpFUzpS&amp;usg=AOvVaw3cwh_NraCe9kQCt0i3Jrbb\" target=\"_blank\" rel=\"noopener\" data-saferedirecturl=\"https:\/\/www.google.com\/url?q=https:\/\/www.google.com\/url?rct%3Dj%26sa%3Dt%26url%3Dhttps:\/\/www.europapress.es\/esandalucia\/huelva\/noticia-junta-subraya-violencia-genero-cada-vez-mas-digital-afecta-jovenes-20241113132403.html%26ct%3Dga%26cd%3DCAEYAioTMzE4MzE2NDU1MDcyODUwODM5MDIbOWFiMWNkZDdlMzY2ZWYzODplczplczpFUzpS%26usg%3DAOvVaw3cwh_NraCe9kQCt0i3Jrbb&amp;source=gmail&amp;ust=1731601227091000&amp;usg=AOvVaw0SXRSNUXXRJGks9OWDciB8\">La Junta subraya que la violencia de g\u00e9nero es cada vez m\u00e1s digital y afecta a los j\u00f3venes-<\/a><a>Europa Press<br \/>\n<\/a><a class=\"title\" href=\"https:\/\/www.msn.com\/es-es\/salud\/other\/la-junta-refuerza-la-atenci%C3%B3n-a-mujeres-v%C3%ADctimas-de-violencia-de-g%C3%A9nero-con-problemas-de-adicciones\/ar-AA1tS5Fp?ocid=BingNewsVerp\" target=\"_blank\" rel=\"noopener\" data-artpy=\"0\" data-author=\"Europa Press on MSN\">Andaluc\u00eda refuerza la atenci\u00f3n a mujeres v\u00edctimas de violencia de g\u00e9nero con problemas de adicciones<\/a>-europapress<br \/>\n<a title=\"Andaluc\u00eda asiste y acompa\u00f1a a m\u00e1s de 241.000 v\u00edctimas durante el proceso judicial gracias al SAVA\" href=\"https:\/\/www.juntadeandalucia.es\/presidencia\/portavoz\/gobiernoaldia\/198851\/JuntadeAndalucia\/ConsejeriadeJusticiaAdministracionLocalyFuncionPublica\/Andalucia\/ServicioAsistenciaVictimasdeAndalucia\/SAVA\/procesojudicial\">Andaluc\u00eda asiste y acompa\u00f1a a m\u00e1s de 241.000 v\u00edctimas durante el proceso judicial gracias al SAVA<\/a>-juntadeandalucia<a><br \/>\n<\/a><\/p>\n<p><b>Ciencia y Cultura<br \/>\n<\/b><a href=\"https:\/\/www.google.com\/url?rct=j&amp;sa=t&amp;url=https:\/\/andaluciaeconomica.com\/la-oftalmologa-margarita-cabanas-primera-mujer-espanola-en-recibir-el-prestigioso-premio-internacional-gusi-peace-prize-2024\/&amp;ct=ga&amp;cd=CAEYASoUMTE3MjQxMTM0MDA5ODQ2NjYyODUyGWMwMzcyZWJjMmZlYWRhNTk6ZXM6ZXM6RVM&amp;usg=AOvVaw0Xgtb-sSA7zlXu_7n890Q7\" target=\"_blank\" rel=\"noopener\" data-saferedirecturl=\"https:\/\/www.google.com\/url?q=https:\/\/www.google.com\/url?rct%3Dj%26sa%3Dt%26url%3Dhttps:\/\/andaluciaeconomica.com\/la-oftalmologa-margarita-cabanas-primera-mujer-espanola-en-recibir-el-prestigioso-premio-internacional-gusi-peace-prize-2024\/%26ct%3Dga%26cd%3DCAEYASoUMTE3MjQxMTM0MDA5ODQ2NjYyODUyGWMwMzcyZWJjMmZlYWRhNTk6ZXM6ZXM6RVM%26usg%3DAOvVaw0Xgtb-sSA7zlXu_7n890Q7&amp;source=gmail&amp;ust=1731687654571000&amp;usg=AOvVaw2BzIMRkV_AjcR1E1JkmDud\">La oftalm\u00f3loga Margarita Caban\u00e1s, primera\u00a0mujer espa\u00f1ola en recibir el prestigioso Premio Internacional Gusi Peace Prize 2024\u00a0 &#8230;-\u00a0<\/a><a>Andaluc\u00eda Econ\u00f3mica<br \/>\n<\/a><a class=\"title\" href=\"https:\/\/www.huelvainformacion.es\/huelva\/onubense-teresa-suarez-primera-andaluza-premiada-estados-unidos-impulsar-talento-femenino-ramas-ciencia_0_2002753847.html\" target=\"_blank\" rel=\"noopener\" data-artpy=\"0\" data-author=\"Huelva Informaci\u00f3n\">La onubense Teresa Su\u00e1rez, primera andaluza premiada en Estados Unidos por impulsar el talento femenino en las ramas de la Ciencia<\/a>-huelvainformacion<br \/>\n<b><\/b><a href=\"https:\/\/www.google.com\/url?rct=j&amp;sa=t&amp;url=https:\/\/www.us.es\/eventos\/agenda\/la-investigacion-en-prehistoria-desde-la-perspectiva-de-genero&amp;ct=ga&amp;cd=CAEYByoUMTEzMjEzNjMwOTcwOTM0MzIyMTUyGTU5ZDc4MTcxMzZhMmQwMjg6ZXM6ZXM6RVM&amp;usg=AOvVaw1SODtmARjJgtTchJgCta5B\" target=\"_blank\" rel=\"noopener\" data-saferedirecturl=\"https:\/\/www.google.com\/url?q=https:\/\/www.google.com\/url?rct%3Dj%26sa%3Dt%26url%3Dhttps:\/\/www.us.es\/eventos\/agenda\/la-investigacion-en-prehistoria-desde-la-perspectiva-de-genero%26ct%3Dga%26cd%3DCAEYByoUMTEzMjEzNjMwOTcwOTM0MzIyMTUyGTU5ZDc4MTcxMzZhMmQwMjg6ZXM6ZXM6RVM%26usg%3DAOvVaw1SODtmARjJgtTchJgCta5B&amp;source=gmail&amp;ust=1731598745253000&amp;usg=AOvVaw1fZJ-D8Szv3q8ZkehAvlg8\">La investigaci\u00f3n en Prehistoria desde la perspectiva de\u00a0g\u00e9nero &#8211;<\/a><a>Universidad de Sevilla<br \/>\n<\/a><a class=\"title\" href=\"https:\/\/www.rtve.es\/noticias\/20241112\/mirada-femenina-cineastas-andaluzas\/16327540.shtml\" target=\"_blank\" rel=\"noopener\" data-artpy=\"0\" data-author=\"RTVE\">La \u00edntima verdad de las cineastas andaluzas<\/a>-rtve<br \/>\n<a class=\"title\" href=\"https:\/\/www.rtve.es\/noticias\/20241112\/presencia-femenina-cine-andaluz\/16327434.shtml\" target=\"_blank\" rel=\"noopener\" data-artpy=\"0\" data-author=\"RTVE\">La profesionalizaci\u00f3n del audiovisual en Andaluc\u00eda no se refleja en una mayor presencia femenina<\/a>-rtve<br \/>\n<a class=\"title\" href=\"https:\/\/www.diariodecadiz.es\/ocio\/museo-cadiz-explora-representacion-mujeres-historia_0_2002786875.html\" target=\"_blank\" rel=\"noopener\" data-artpy=\"0\" data-author=\"Diario de C\u00e1diz\">El Museo de C\u00e1diz explora este domingo la representaci\u00f3n de las mujeres a lo largo de la historia<\/a>-diariodecadiz<br \/>\n<a href=\"https:\/\/www.eldiario.es\/sevilla\/hallan-fosa-sevilla-posibles-restos-ninas-aguaucho-simbolo-atroz-represion-franquista-mujeres_1_11802534.html\" data-mrf-link=\"https:\/\/www.eldiario.es\/sevilla\/hallan-fosa-sevilla-posibles-restos-ninas-aguaucho-simbolo-atroz-represion-franquista-mujeres_1_11802534.html\">Hallan en una fosa de Sevilla los posibles restos de &#8216;las ni\u00f1as del Aguaucho&#8217;, s\u00edmbolo de la atroz represi\u00f3n franquista a la mujer<\/a>-eldiario<br \/>\n<a title=\"La Junta destaca el rigor de la candidatura del carnaval de C\u00e1diz como Patrimonio de la Humanidad\" href=\"https:\/\/www.juntadeandalucia.es\/presidencia\/portavoz\/cultura\/198856\/candidatura\/carnavaldecadiz\/patrimonioculturalinmaterialdelahumanidad\/Unesco\/ConsejeriadeCulturayDeporte\">La Junta destaca el rigor de la candidatura del carnaval de C\u00e1diz como Patrimonio de la Humanidad<\/a>-juntadeandalucia<\/p>\n<p><strong>Deporte<br \/>\n<\/strong><a href=\"https:\/\/www.google.com\/url?rct=j&amp;sa=t&amp;url=https:\/\/www.canalsur.es\/noticias\/andalucia\/cordoba\/apuesta-en-cordoba-por-la-igualdad-en-las-deportistas-de-elite\/2098427.html&amp;ct=ga&amp;cd=CAEYACoTMTY0NTY1NjQxOTk5OTYxOTc3MDIZYzAzNzJlYmMyZmVhZGE1OTplczplczpFUw&amp;usg=AOvVaw1fDwcODzyCGWbvoA9_cMqh\" target=\"_blank\" rel=\"noopener\" data-saferedirecturl=\"https:\/\/www.google.com\/url?q=https:\/\/www.google.com\/url?rct%3Dj%26sa%3Dt%26url%3Dhttps:\/\/www.canalsur.es\/noticias\/andalucia\/cordoba\/apuesta-en-cordoba-por-la-igualdad-en-las-deportistas-de-elite\/2098427.html%26ct%3Dga%26cd%3DCAEYACoTMTY0NTY1NjQxOTk5OTYxOTc3MDIZYzAzNzJlYmMyZmVhZGE1OTplczplczpFUw%26usg%3DAOvVaw1fDwcODzyCGWbvoA9_cMqh&amp;source=gmail&amp;ust=1731598747347000&amp;usg=AOvVaw0WwwhgKgP-YGNsdOTNEptx\">Apuesta en C\u00f3rdoba por la igualdad en las deportistas de \u00e9lite &#8211;\u00a0<\/a><a>Canal Sur<br \/>\n<\/a><a class=\"title\" href=\"https:\/\/www.estadiodeportivo.com\/tenis\/conchita-martinez-coloca-espana-entre-las-favoritas-para-billie-jean-king-cup-20241112-470983.html\" target=\"_blank\" rel=\"noopener\" data-artpy=\"0\" data-author=\"Estadio deportivo\">Conchita Mart\u00ednez coloca a Espa\u00f1a entre las favoritas para la Billie Jean King Cup<\/a>-estadiodeportivo<br \/>\n<a class=\"title\" href=\"https:\/\/www.relevo.com\/ciclismo\/realidad-esconde-auge-ciclismo-femenino-20241105171334-nt.html\" target=\"_blank\" rel=\"noopener\" data-artpy=\"0\" data-author=\"relevo\">La realidad que esconde el auge del ciclismo femenino: \u00abSi no consigo un sueldo, busco trabajo ma\u00f1ana mismo\u00bb<\/a>-relevo<a><br \/>\n<\/a><\/p>\n<\/div>\n<\/div>\n<\/div>\n<\/div>\n<div id=\"\" class=\"lsow-panel lsow-active\">\n<h1 class=\"lsow-panel-title\">Estado<\/h1>\n<div class=\"lsow-panel-content\">\n<p><strong>Institucional<br \/>\n<\/strong><a class=\"title\" title=\"El Gobierno dona m\u00e1s de 61 millones a la ONU para \u00abimpartir educaci\u00f3n sexual\u00bb o \u00abluchar contra la violencia de g\u00e9nero\u00bb en Am\u00e9rica y \u00c1frica\" href=\"https:\/\/gaceta.es\/espana\/el-gobierno-dona-mas-de-61-millones-a-la-onu-para-impartir-educacion-sexual-o-luchar-contra-la-violencia-de-genero-en-america-y-africa-20241114-1756\/\" target=\"_blank\" rel=\"noopener\" data-artpy=\"0\" data-author=\"Gaceta\">El Gobierno dona m\u00e1s de 61 millones a la ONU para \u00abimpartir educaci\u00f3n sexual\u00bb o \u00abluchar contra la violencia de g\u00e9nero\u00bb en<\/a>&#8230;-lagaceta<\/p>\n<p><strong>Institucional &#8211; CCAA<br \/>\n<\/strong><a href=\"https:\/\/www.google.com\/url?rct=j&amp;sa=t&amp;url=https:\/\/www.unavarra.es\/sites\/actualidad\/contents\/noticias\/2024\/11\/13\/1113_emakunde.html&amp;ct=ga&amp;cd=CAEYACoSOTYyNzE4NzU5NTk2NTM5MjUwMhljMDM3MmViYzJmZWFkYTU5OmVzOmVzOkVT&amp;usg=AOvVaw3ULNza3zWfnA0BBooqSY1G\" target=\"_blank\" rel=\"noopener\" data-saferedirecturl=\"https:\/\/www.google.com\/url?q=https:\/\/www.google.com\/url?rct%3Dj%26sa%3Dt%26url%3Dhttps:\/\/www.unavarra.es\/sites\/actualidad\/contents\/noticias\/2024\/11\/13\/1113_emakunde.html%26ct%3Dga%26cd%3DCAEYACoSOTYyNzE4NzU5NTk2NTM5MjUwMhljMDM3MmViYzJmZWFkYTU5OmVzOmVzOkVT%26usg%3DAOvVaw3ULNza3zWfnA0BBooqSY1G&amp;source=gmail&amp;ust=1731598747355000&amp;usg=AOvVaw0G4KT3LW-Z4jnr8J8iXNqb\">Las profesoras de la UPNA Lohitzune Zuloaga, Eliana Alem\u00e1n y Elisa Sierra, autoras de una investigaci\u00f3n sobre el liderazgo femenino en los sindicatos vascos &#8230;-\u00a0<\/a><a>UPNA<br \/>\n<\/a><a href=\"https:\/\/www.google.com\/url?rct=j&amp;sa=t&amp;url=https:\/\/www.elespanol.com\/castilla-y-leon\/region\/20241114\/mujeres-solo-representaban-policia-local-cyl-ces-pide-igualdad\/901160088_0.html&amp;ct=ga&amp;cd=CAEYASoUMTA4OTc0MjU2MTg1MTIyMjkwMDEyG2UwZjU4Njg5N2I1Zjc4M2U6ZXM6ZXM6RVM6TA&amp;usg=AOvVaw0HocjSX-ZGbgrfTJcWiZPG\" target=\"_blank\" rel=\"noopener\" data-saferedirecturl=\"https:\/\/www.google.com\/url?q=https:\/\/www.google.com\/url?rct%3Dj%26sa%3Dt%26url%3Dhttps:\/\/www.elespanol.com\/castilla-y-leon\/region\/20241114\/mujeres-solo-representaban-policia-local-cyl-ces-pide-igualdad\/901160088_0.html%26ct%3Dga%26cd%3DCAEYASoUMTA4OTc0MjU2MTg1MTIyMjkwMDEyG2UwZjU4Njg5N2I1Zjc4M2U6ZXM6ZXM6RVM6TA%26usg%3DAOvVaw0HocjSX-ZGbgrfTJcWiZPG&amp;source=gmail&amp;ust=1731687654421000&amp;usg=AOvVaw2mDrtLqgkWe9Qq3cqaKoBr\">Las\u00a0mujeres tan solo representaban un 12% en la Polic\u00eda Local de CyL en 2023-\u00a0<\/a><a>El Espa\u00f1ol<br \/>\n<\/a><a href=\"https:\/\/www.google.com\/url?rct=j&amp;sa=t&amp;url=https:\/\/regiondigital.com\/noticias\/portada\/403227-ara-sanchez-apunta-la-formacion-como-clave-para-luchar-contra-la-violencia-sexual.html&amp;ct=ga&amp;cd=CAEYACoUMTE3MjQxMTM0MDA5ODQ2NjYyODUyGWMwMzcyZWJjMmZlYWRhNTk6ZXM6ZXM6RVM&amp;usg=AOvVaw2GzzWra-DbJH9Jymmd7GF8\" target=\"_blank\" rel=\"noopener\" data-saferedirecturl=\"https:\/\/www.google.com\/url?q=https:\/\/www.google.com\/url?rct%3Dj%26sa%3Dt%26url%3Dhttps:\/\/regiondigital.com\/noticias\/portada\/403227-ara-sanchez-apunta-la-formacion-como-clave-para-luchar-contra-la-violencia-sexual.html%26ct%3Dga%26cd%3DCAEYACoUMTE3MjQxMTM0MDA5ODQ2NjYyODUyGWMwMzcyZWJjMmZlYWRhNTk6ZXM6ZXM6RVM%26usg%3DAOvVaw2GzzWra-DbJH9Jymmd7GF8&amp;source=gmail&amp;ust=1731687654571000&amp;usg=AOvVaw1BiwBDwSnyLgEKSvDLLYQ9\">Ara S\u00e1nchez apunta la formaci\u00f3n como \u00abclave\u00bb para luchar contra la violencia sexual-\u00a0<\/a><a>Regi\u00f3n Digital<br \/>\n<\/a><a class=\"title\" href=\"https:\/\/www.elespanol.com\/castilla-y-leon\/economia\/empleo\/20241112\/empleados-publicos-junta-castilla-leon-mujeres\/900660259_0.html\" target=\"_blank\" rel=\"noopener\" data-artpy=\"0\" data-author=\"ESPA\u00d1OL\">Casi tres de cada cuatro empleados p\u00fablicos de la Junta de Castilla y Le\u00f3n son mujeres<\/a>-elespa\u00f1ol<br \/>\n<a class=\"title\" href=\"https:\/\/www.msn.com\/es-es\/noticias\/espana\/el-n%C3%BAmero-de-mujeres-empresarias-en-la-regi%C3%B3n-crece-un-77-en-los-%C3%BAltimos-5-a%C3%B1os\/ar-AA1tSHUI?ocid=BingNewsVerp\" target=\"_blank\" rel=\"noopener\" data-artpy=\"0\" data-author=\"Europa Press on MSN\">El n\u00famero de mujeres empresarias en la Regi\u00f3n de Murcia crece un 77% en los \u00faltimos 5 a\u00f1os<\/a>-europapress<a><br \/>\n<\/a><\/p>\n<p><strong>Econom\u00eda y Empresa<br \/>\n<\/strong><a class=\"title\" href=\"https:\/\/www.rrhhdigital.com\/secciones\/actualidad\/760538\/mujeres-invierten-en-mujeres-un-nuevo-impulso-para-el-emprendimiento-femenino\/\" target=\"_blank\" rel=\"noopener\" data-artpy=\"0\" data-author=\"RRHHDigital\">Mujeres invierten en mujeres: un nuevo impulso para el emprendimiento femenino<\/a>-RRHHdigital<br \/>\n<a class=\"title\" href=\"https:\/\/www.eleconomista.es\/actualidad\/noticias\/13085859\/11\/24\/el-60-de-los-empleados-en-la-administracion-publica-son-mujeres-pero-persiste-el-sesgo-en-puestos-de-direccion.html\" target=\"_blank\" rel=\"noopener\" data-artpy=\"0\" data-author=\"elEconomista\">El 60% de los empleados en la administraci\u00f3n son mujeres pero persiste el sesgo en puestos de direcci\u00f3n<\/a>-eleconomista<strong><br \/>\n<\/strong><a href=\"https:\/\/www.google.com\/url?rct=j&amp;sa=t&amp;url=https:\/\/www.elpublicista.es\/investigacion1\/emprendimiento-como-via-acceso-mercado-laboral-para-mujeres&amp;ct=ga&amp;cd=CAEYACoSMzkwOTgwODE4NzE2NjkyMTE4MhtlMGY1ODY4OTdiNWY3ODNlOmVzOmVzOkVTOkw&amp;usg=AOvVaw3u0UP1R0LiFvtldtsCDucB\" target=\"_blank\" rel=\"noopener\" data-saferedirecturl=\"https:\/\/www.google.com\/url?q=https:\/\/www.google.com\/url?rct%3Dj%26sa%3Dt%26url%3Dhttps:\/\/www.elpublicista.es\/investigacion1\/emprendimiento-como-via-acceso-mercado-laboral-para-mujeres%26ct%3Dga%26cd%3DCAEYACoSMzkwOTgwODE4NzE2NjkyMTE4MhtlMGY1ODY4OTdiNWY3ODNlOmVzOmVzOkVTOkw%26usg%3DAOvVaw3u0UP1R0LiFvtldtsCDucB&amp;source=gmail&amp;ust=1731598812988000&amp;usg=AOvVaw0vn3PVPbxXG0xDLa90It-R\">El emprendimiento como v\u00eda de acceso al mercado laboral para las\u00a0mujeres &#8211;\u00a0<\/a><a>El Publicista<br \/>\n<\/a><a class=\"title\" href=\"https:\/\/www.msn.com\/es-es\/dinero\/economia\/la-aed-lanza-la-5-edici%C3%B3n-de-women-cross-mentoring-que-impulsa-el-talento-femenino-en-las-empresas\/ar-AA1u4uF0?ocid=BingNewsVerp\" target=\"_blank\" rel=\"noopener\" data-artpy=\"0\" data-author=\"Europa Press on MSN\">Econom\u00eda.- La AED lanza la 5 edici\u00f3n de &#8216;Women Cross-mentoring&#8217; que impulsa el talento femenino en las empresas<\/a>-europapress<br \/>\n<a class=\"title\" href=\"https:\/\/www.msn.com\/es-es\/dinero\/other\/solo-4-de-cada-10-empresas-tic-tiene-al-menos-a-una-mujer-en-su-plantilla\/ar-AA1u3vi8?ocid=BingNewsVerp\" target=\"_blank\" rel=\"noopener\" data-artpy=\"0\" data-author=\"elEconomista on MSN\">Solo 4 de cada 10 empresas TIC tiene al menos a una mujer en su plantilla<\/a>-eleconomista<\/p>\n<p><strong>Actualidad<br \/>\n<\/strong><a class=\"title\" href=\"https:\/\/www.eldiario.es\/andalucia\/la-cuadratura-del-circulo\/salud-mujeres-investigaciones-torno-dimension-social-genero_132_11803639.html\" target=\"_blank\" rel=\"noopener\" data-artpy=\"0\" data-author=\"eldiario.es\">&#8216;La salud y las mujeres&#8217;: investigaciones en torno a la dimensi\u00f3n social y de g\u00e9nero<\/a>-eldiario<br \/>\n<a class=\"title\" href=\"https:\/\/www.msn.com\/es-es\/dinero\/empresa\/google-t-systems-huawei-hp-telef%C3%B3nica-tech-y-accenture-meten-a-sus-directivas-en-el-top-100-mujeres-m%C3%A1s-influyentes-de-forbes\/ar-AA1u5P3W?ocid=BingNewsVerp\" target=\"_blank\" rel=\"noopener\" data-artpy=\"0\" data-author=\"El Independiente on MSN\">Forbes publica la lista de las 100 mujeres m\u00e1s influyentes de Espa\u00f1a<\/a>-elindependiente<br \/>\n<a class=\"title\" href=\"https:\/\/www.larazon.es\/sociedad\/esta-ciudad-espana-donde-estan-mujeres-mas-inteligentes-segun-inteligencia-artificial-p7m_2024111467360709b747ad00018121b9.html\" target=\"_blank\" rel=\"noopener\" data-artpy=\"0\" data-author=\"La Raz\u00f3n Digital\">Esta es la ciudad de Espa\u00f1a donde est\u00e1n las mujeres m\u00e1s inteligentes seg\u00fan la Inteligencia Artificial<\/a>-larazon<br \/>\n<a class=\"title\" href=\"https:\/\/www.europapress.es\/epsocial\/igualdad\/noticia-39-hombres-cree-mujeres-estan-mas-capacitadas-cuidar-hijos-fundacion-caixa-20241114123119.html\" target=\"_blank\" rel=\"noopener\" data-artpy=\"0\" data-author=\"Europa Press\">El 39% de los hombres cree que las mujeres est\u00e1n m\u00e1s capacitadas para cuidar a los hijos, seg\u00fan Fundaci\u00f3n &#8216;la Caixa&#8217;<\/a>-europapress<strong><br \/>\n<\/strong><\/p>\n<p><strong>Violencias<br \/>\n<\/strong><a class=\"title\" href=\"https:\/\/www.eldiario.es\/castilla-la-mancha\/social\/violencia-genero-delito-publico-hay-intervenir-oficio-no-denuncias_1_11820629.html\" target=\"_blank\" rel=\"noopener\" data-artpy=\"0\" data-author=\"eldiario.es\">La violencia de g\u00e9nero, un \u201cdelito p\u00fablico\u201d en el que tambi\u00e9n hay que \u201cintervenir de oficio\u201d y no solo por las denuncias<\/a>-eldiario<\/p>\n<p><strong>Ciencia y Cultura<br \/>\n<\/strong><a href=\"https:\/\/www.google.com\/url?rct=j&amp;sa=t&amp;url=https:\/\/www.mujeresaseguir.com\/empresas\/noticia\/1185638048515\/miren-arzalluz-dirigira-el-museo-guggenheim-bilbao.1.html&amp;ct=ga&amp;cd=CAEYASoSOTYyNzE4NzU5NTk2NTM5MjUwMhljMDM3MmViYzJmZWFkYTU5OmVzOmVzOkVT&amp;usg=AOvVaw2X2I6gbY_AQAW_W2d6bXS3\" target=\"_blank\" rel=\"noopener\" data-saferedirecturl=\"https:\/\/www.google.com\/url?q=https:\/\/www.google.com\/url?rct%3Dj%26sa%3Dt%26url%3Dhttps:\/\/www.mujeresaseguir.com\/empresas\/noticia\/1185638048515\/miren-arzalluz-dirigira-el-museo-guggenheim-bilbao.1.html%26ct%3Dga%26cd%3DCAEYASoSOTYyNzE4NzU5NTk2NTM5MjUwMhljMDM3MmViYzJmZWFkYTU5OmVzOmVzOkVT%26usg%3DAOvVaw2X2I6gbY_AQAW_W2d6bXS3&amp;source=gmail&amp;ust=1731598747355000&amp;usg=AOvVaw3NtOapF10nGDao8OY94Avf\">Miren Arzalluz dirigir\u00e1 el Museo Guggenheim Bilbao &#8211;\u00a0<\/a><a>Mujeres a seguir<br \/>\n<\/a><a class=\"title\" href=\"https:\/\/www.elprogreso.es\/articulo\/cultura\/rae-ha-cambiado-mucho-siglo-xix-primera-mujer-entro-1978\/202411111016301803491.html\" target=\"_blank\" rel=\"noopener\" data-artpy=\"0\" data-author=\"El Progres\">\u00c1ngela Banzas: \u00abLa RAE no ha cambiado mucho desde el XIX, la primera mujer entr\u00f3 en 1978\u00bb<\/a>-elprogress<br \/>\n<a class=\"title\" href=\"https:\/\/www.lasexta.com\/noticias\/cultura\/goya-2025-tienen-presentadoras-maribel-verdu-leonor-watling-primera-vez-seran-dos-mujeres_202411136734ca3cb747ad0001801623.html\" target=\"_blank\" rel=\"noopener\" data-artpy=\"0\" data-author=\"laSexta\">Los Goya 2025 ya tienen presentadoras, Maribel Verd\u00fa y Leonor Watling: por primera vez, ser\u00e1n dos mujeres<\/a>-lasexta<br \/>\n<a class=\"title\" href=\"https:\/\/theobjective.com\/cultura\/arte\/2024-11-14\/gabriele-munter-gran-dama-expresionismo-aleman\/\" target=\"_blank\" rel=\"noopener\" data-artpy=\"0\" data-author=\"The Objective\">Gabriele M\u00fcnter, la gran dama del expresionismo alem\u00e1n<\/a>-theobjective<br \/>\n<a class=\"title\" href=\"https:\/\/los40.com\/2024\/11\/13\/rozalen-sigue-teniendo-muy-presente-la-tragedia-de-la-dana-en-los-grammy-latinos-2024-hay-que-seguir\/\" target=\"_blank\" rel=\"noopener\" data-artpy=\"0\" data-author=\"Los40.com\">Rozal\u00e9n sigue teniendo muy presente la tragedia de la DANA en los Grammy Latinos 2024: \u201cHay que seguir\u2026\u201d<\/a>-los40<br \/>\n<a class=\"title\" href=\"https:\/\/www.elcorreo.com\/culturas\/cine\/esther-garcia-era-vergonzoso-mujeres-veiamos-rodajes-20241113195922-nt.html\" target=\"_blank\" rel=\"noopener\" data-artpy=\"0\" data-author=\"El Correo\">Esther Garc\u00eda: \u00abEra vergonzoso lo que las mujeres ve\u00edamos en los rodajes del cine del destape\u00bb<\/a>-elcorreo<a><br \/>\n<\/a><\/p>\n<p><strong>Deporte<br \/>\n<\/strong><a class=\"title\" href=\"https:\/\/theobjective.com\/espana\/2024-11-14\/igualdad-exige-paridad-federaciones-deportivas\/\" target=\"_blank\" rel=\"noopener\" data-artpy=\"0\" data-author=\"The Objective\">Igualdad exige la paridad en las federaciones deportivas por ser \u00abpatriarcales\u00bb<\/a>-theobjective<strong><br \/>\n<\/strong><a class=\"title\" href=\"https:\/\/www.msn.com\/es-es\/deportes\/other\/presentan-el-i-congreso-internacional-de-f%C3%BAtbol-femenino-los-c%C3%B3digos-culturales-a%C3%BAn-nos-impiden-alzar-la-voz\/ar-AA1u5ouJ?ocid=BingNewsVerp\" target=\"_blank\" rel=\"noopener\" data-artpy=\"0\" data-author=\"MARCA on MSN\">Presentan el I Congreso Internacional de F\u00fatbol Femenino: \u00abLos c\u00f3digos culturales a\u00fan nos impiden alzar la voz\u00bb<\/a>-marca<br \/>\n<a class=\"title\" href=\"https:\/\/www.msn.com\/es-es\/deportes\/futbol\/se-acab%C3%B3-el-documental-donde-las-campeonas-cuentan-todo-lo-que-sucedi%C3%B3\/ar-AA1tlBrC?ocid=BingNewsVerp\" target=\"_blank\" rel=\"noopener\" data-artpy=\"0\" data-author=\"El Peri\u00f3dico on MSN\">\u00abSe Acab\u00f3\u00bb: el documental en el que las campeonas cuentan todo lo que sucedi\u00f3<\/a>-elperiodico<br \/>\n<a class=\"title\" href=\"https:\/\/as.com\/masdeporte\/polideportivo\/les-deferlantes-el-equipo-femenino-que-quiere-conquistar-el-oceano-n\/\" target=\"_blank\" rel=\"noopener\" data-artpy=\"0\" data-author=\"AS Mexico\">\u2018Les D\u00e9ferlantes\u2019, el equipo femenino que quiere conquistar el oc\u00e9ano<\/a>-as<strong><br \/>\n<\/strong><\/p>\n<\/div>\n<\/div>\n<div id=\"\" class=\"lsow-panel lsow-active\">\n<h1 class=\"lsow-panel-title\">Internacional<\/h1>\n<div class=\"lsow-panel-content\">\n<p><a href=\"https:\/\/www.google.com\/url?rct=j&amp;sa=t&amp;url=https:\/\/colombia.unwomen.org\/es\/stories\/noticia\/2024\/11\/onu-mujeres-y-el-dane-presentan-la-tercera-edicion-del-estudio-mujeres-y-hombres-brechas-de-genero-en-colombia-evidenciando-persistentes-desigualdades-en-el-pais&amp;ct=ga&amp;cd=CAEYAioTNzUxNjA5NDE4MjQyMDUzNDQ3ODIZNTlkNzgxNzEzNmEyZDAyODplczplczpFUw&amp;usg=AOvVaw1eCwNQjZL2zL5kH6eN2HwK\" target=\"_blank\" rel=\"noopener\" data-saferedirecturl=\"https:\/\/www.google.com\/url?q=https:\/\/www.google.com\/url?rct%3Dj%26sa%3Dt%26url%3Dhttps:\/\/colombia.unwomen.org\/es\/stories\/noticia\/2024\/11\/onu-mujeres-y-el-dane-presentan-la-tercera-edicion-del-estudio-mujeres-y-hombres-brechas-de-genero-en-colombia-evidenciando-persistentes-desigualdades-en-el-pais%26ct%3Dga%26cd%3DCAEYAioTNzUxNjA5NDE4MjQyMDUzNDQ3ODIZNTlkNzgxNzEzNmEyZDAyODplczplczpFUw%26usg%3DAOvVaw1eCwNQjZL2zL5kH6eN2HwK&amp;source=gmail&amp;ust=1731692458153000&amp;usg=AOvVaw3VZh-2r1Zfp-bcyog_vmN4\">ONU Mujeres y el DANE presentan la tercera edici\u00f3n del estudio Mujeres y hombres-\u00a0<\/a><a>ONU Mujeres Colombia<br \/>\n<\/a><a class=\"title\" href=\"https:\/\/www.msn.com\/es-es\/salud\/other\/el-m%C3%A9todo-de-un-minuto-que-te-mantiene-fuerte-y-sana-que-adoran-las-mujeres-de-m%C3%A1s-de-40-a%C3%B1os-y-que-puedes-hacer-incluso-en-la-oficina\/ar-AA1tTjLC?ocid=BingNewsVerp\" target=\"_blank\" rel=\"noopener\" data-artpy=\"0\" data-author=\"Women's Health Espa\u00f1a on MSN\">El m\u00e9todo de un minuto que te mantiene fuerte y sana que adoran las mujeres de m\u00e1s de 40 a\u00f1os y que puedes hacer incluso en la<\/a>&#8230;-msn<br \/>\n<a class=\"title\" href=\"https:\/\/elpais.com\/internacional\/2024-11-14\/iran-castigara-con-tratamientos-en-una-clinica-a-las-mujeres-que-no-usen-el-hiyab.html\" target=\"_blank\" rel=\"noopener\" data-artpy=\"0\" data-author=\"EL PA\u00cdS\">Ir\u00e1n castigar\u00e1 con tratamientos en una cl\u00ednica a las mujeres que no usen el hiyab<\/a>-elpais<a><br \/>\n<\/a><a class=\"title\" href=\"https:\/\/www.msn.com\/es-xl\/noticias\/other\/afganist%C3%A1n-la-intimidad-devastada-de-las-ni%C3%B1as-y-mujeres-en-una-exposici%C3%B3n-fotogr%C3%A1fica\/ar-AA1tLGCg?ocid=BingNewsVerp\" target=\"_blank\" rel=\"noopener\" data-artpy=\"0\" data-author=\"France 24 on MSN\">Afganist\u00e1n: la intimidad devastada de las ni\u00f1as y mujeres en una exposici\u00f3n fotogr\u00e1fica<\/a>-france24h<br \/>\n<a class=\"title\" href=\"https:\/\/www.diaridetarragona.com\/cultura\/margaret-atwood-muchos-norteamericanos-tenian-miedo-de-una-mujer-y-de-color-FI21831598\" target=\"_blank\" rel=\"noopener\" data-artpy=\"0\" data-author=\"Diaride Tarragona\">Margaret Atwood: \u00abMuchos norteamericanos ten\u00edan miedo de una mujer y de color\u00bb<\/a>-diariodetarragona<br \/>\n<a class=\"title\" href=\"https:\/\/www.elnuevodia.com\/deportes\/beisbol\/notas\/las-mujeres-tendran-otra-vez-su-propia-liga-profesional-de-beisbol-en-estados-unidos\/\" target=\"_blank\" rel=\"noopener\" data-artpy=\"0\" data-author=\"El Nuevo D\u00eda\">Las mujeres tendr\u00e1n otra vez su propia liga profesional de b\u00e9isbol en Estados Unidos<\/a>-elnuevodia<\/p>\n<\/div>\n<\/div>\n<\/div><\/div><\/div><\/div><\/div>\n","protected":false},"excerpt":{"rendered":"<p>Espa\u00f1a dona m\u00e1s de 61 mill. a la ONU para formar en educaci\u00f3n sexual o luchar contra la violencia de g\u00e9nero * La violencia de g\u00e9nero, un delito p\u00fablico en el que tambi\u00e9n hay que intervenir de oficio y no solo por denuncia * Miren Arzalluz directora del Museo Guggenheim Bilbao * Igualdad exige la paridad en las federaciones deportivas<\/p>\n","protected":false},"author":3,"featured_media":22909,"comment_status":"closed","ping_status":"closed","sticky":false,"template":"","format":"standard","meta":{"footnotes":""},"categories":[298,654],"tags":[79,637,280],"class_list":["post-22120","post","type-post","status-publish","format-standard","has-post-thumbnail","hentry","category-newsletter","category-nwl-v-4-0","tag-andalucia","tag-dana","tag-mujeres-rurales"],"yoast_head":"<!-- This site is optimized with the Yoast SEO plugin v27.5 - https:\/\/yoast.com\/product\/yoast-seo-wordpress\/ -->\n<title>Noticias Info CKL n\u00ba 2902-14\/11\/24-Comunicar con perspectiva de g\u00e9nero<\/title>\n<meta name=\"description\" content=\"Noticias Info CKL n\u00ba 2902-14\/11\/24 Espa\u00f1a dona m\u00e1s de 61 mill. a la ONU para formar en educaci\u00f3n sexual o luchar contra la violencia de g\u00e9nero * La violencia de g\u00e9nero, un delito p\u00fablico en el que tambi\u00e9n hay que intervenir de oficio y no solo por denuncia * Miren Arzalluz directora del Museo Guggenheim Bilbao * Igualdad exige la paridad en las federaciones deportivas\" \/>\n<meta name=\"robots\" content=\"index, follow, max-snippet:-1, max-image-preview:large, max-video-preview:-1\" \/>\n<link rel=\"canonical\" href=\"https:\/\/cklcomunicaciones.es\/coop\/noticias-info-ckl-no-2902-14-11-24\/\" \/>\n<meta property=\"og:locale\" content=\"es_ES\" \/>\n<meta property=\"og:type\" content=\"article\" \/>\n<meta property=\"og:title\" content=\"Noticias Info CKL n\u00ba 2902-14\/11\/24-Comunicar con perspectiva de g\u00e9nero\" \/>\n<meta property=\"og:description\" content=\"Noticias Info CKL n\u00ba 2902-14\/11\/24 Espa\u00f1a dona m\u00e1s de 61 mill. a la ONU para formar en educaci\u00f3n sexual o luchar contra la violencia de g\u00e9nero * La violencia de g\u00e9nero, un delito p\u00fablico en el que tambi\u00e9n hay que intervenir de oficio y no solo por denuncia * Miren Arzalluz directora del Museo Guggenheim Bilbao * Igualdad exige la paridad en las federaciones deportivas\" \/>\n<meta property=\"og:url\" content=\"https:\/\/cklcomunicaciones.es\/coop\/noticias-info-ckl-no-2902-14-11-24\/\" \/>\n<meta property=\"og:site_name\" content=\"CKL Comunicaciones\" \/>\n<meta property=\"article:published_time\" content=\"2024-11-14T18:29:21+00:00\" \/>\n<meta property=\"article:modified_time\" content=\"2025-02-11T14:50:10+00:00\" \/>\n<meta property=\"og:image\" content=\"https:\/\/cklcomunicaciones.es\/coop\/wp-content\/uploads\/2025\/01\/CKL-una-mirada-distinta-de-la-comunicacion.jpg\" \/>\n\t<meta property=\"og:image:width\" content=\"1482\" \/>\n\t<meta property=\"og:image:height\" content=\"775\" \/>\n\t<meta property=\"og:image:type\" content=\"image\/jpeg\" \/>\n<meta name=\"author\" content=\"ckl\" \/>\n<meta name=\"twitter:card\" content=\"summary_large_image\" \/>\n<meta name=\"twitter:label1\" content=\"Escrito por\" \/>\n\t<meta name=\"twitter:data1\" content=\"ckl\" \/>\n\t<meta name=\"twitter:label2\" content=\"Tiempo de lectura\" \/>\n\t<meta name=\"twitter:data2\" content=\"6 minutos\" \/>\n<script type=\"application\/ld+json\" class=\"yoast-schema-graph\">{\"@context\":\"https:\\\/\\\/schema.org\",\"@graph\":[{\"@type\":\"Article\",\"@id\":\"https:\\\/\\\/cklcomunicaciones.es\\\/coop\\\/noticias-info-ckl-no-2902-14-11-24\\\/#article\",\"isPartOf\":{\"@id\":\"https:\\\/\\\/cklcomunicaciones.es\\\/coop\\\/noticias-info-ckl-no-2902-14-11-24\\\/\"},\"author\":{\"name\":\"ckl\",\"@id\":\"https:\\\/\\\/cklcomunicaciones.es\\\/coop\\\/#\\\/schema\\\/person\\\/929a6837f7626450bbb50cee1aef266e\"},\"headline\":\"Noticias Info CKL n\u00ba 2902-14\\\/11\\\/24\",\"datePublished\":\"2024-11-14T18:29:21+00:00\",\"dateModified\":\"2025-02-11T14:50:10+00:00\",\"mainEntityOfPage\":{\"@id\":\"https:\\\/\\\/cklcomunicaciones.es\\\/coop\\\/noticias-info-ckl-no-2902-14-11-24\\\/\"},\"wordCount\":1273,\"image\":{\"@id\":\"https:\\\/\\\/cklcomunicaciones.es\\\/coop\\\/noticias-info-ckl-no-2902-14-11-24\\\/#primaryimage\"},\"thumbnailUrl\":\"https:\\\/\\\/cklcomunicaciones.es\\\/coop\\\/wp-content\\\/uploads\\\/2025\\\/01\\\/CKL-una-mirada-distinta-de-la-comunicacion.jpg\",\"keywords\":[\"Andaluc\u00eda\",\"DANA\",\"mujeres rurales\"],\"articleSection\":[\"Newsletter\",\"Nwl v.4.0\"],\"inLanguage\":\"es\"},{\"@type\":\"WebPage\",\"@id\":\"https:\\\/\\\/cklcomunicaciones.es\\\/coop\\\/noticias-info-ckl-no-2902-14-11-24\\\/\",\"url\":\"https:\\\/\\\/cklcomunicaciones.es\\\/coop\\\/noticias-info-ckl-no-2902-14-11-24\\\/\",\"name\":\"Noticias Info CKL n\u00ba 2902-14\\\/11\\\/24-Comunicar con perspectiva de g\u00e9nero\",\"isPartOf\":{\"@id\":\"https:\\\/\\\/cklcomunicaciones.es\\\/coop\\\/#website\"},\"primaryImageOfPage\":{\"@id\":\"https:\\\/\\\/cklcomunicaciones.es\\\/coop\\\/noticias-info-ckl-no-2902-14-11-24\\\/#primaryimage\"},\"image\":{\"@id\":\"https:\\\/\\\/cklcomunicaciones.es\\\/coop\\\/noticias-info-ckl-no-2902-14-11-24\\\/#primaryimage\"},\"thumbnailUrl\":\"https:\\\/\\\/cklcomunicaciones.es\\\/coop\\\/wp-content\\\/uploads\\\/2025\\\/01\\\/CKL-una-mirada-distinta-de-la-comunicacion.jpg\",\"datePublished\":\"2024-11-14T18:29:21+00:00\",\"dateModified\":\"2025-02-11T14:50:10+00:00\",\"author\":{\"@id\":\"https:\\\/\\\/cklcomunicaciones.es\\\/coop\\\/#\\\/schema\\\/person\\\/929a6837f7626450bbb50cee1aef266e\"},\"description\":\"Noticias Info CKL n\u00ba 2902-14\\\/11\\\/24 Espa\u00f1a dona m\u00e1s de 61 mill. a la ONU para formar en educaci\u00f3n sexual o luchar contra la violencia de g\u00e9nero * La violencia de g\u00e9nero, un delito p\u00fablico en el que tambi\u00e9n hay que intervenir de oficio y no solo por denuncia * Miren Arzalluz directora del Museo Guggenheim Bilbao * Igualdad exige la paridad en las federaciones deportivas\",\"breadcrumb\":{\"@id\":\"https:\\\/\\\/cklcomunicaciones.es\\\/coop\\\/noticias-info-ckl-no-2902-14-11-24\\\/#breadcrumb\"},\"inLanguage\":\"es\",\"potentialAction\":[{\"@type\":\"ReadAction\",\"target\":[\"https:\\\/\\\/cklcomunicaciones.es\\\/coop\\\/noticias-info-ckl-no-2902-14-11-24\\\/\"]}]},{\"@type\":\"ImageObject\",\"inLanguage\":\"es\",\"@id\":\"https:\\\/\\\/cklcomunicaciones.es\\\/coop\\\/noticias-info-ckl-no-2902-14-11-24\\\/#primaryimage\",\"url\":\"https:\\\/\\\/cklcomunicaciones.es\\\/coop\\\/wp-content\\\/uploads\\\/2025\\\/01\\\/CKL-una-mirada-distinta-de-la-comunicacion.jpg\",\"contentUrl\":\"https:\\\/\\\/cklcomunicaciones.es\\\/coop\\\/wp-content\\\/uploads\\\/2025\\\/01\\\/CKL-una-mirada-distinta-de-la-comunicacion.jpg\",\"width\":1482,\"height\":775,\"caption\":\"CKL - una mirada distinta de la comunicacion\"},{\"@type\":\"BreadcrumbList\",\"@id\":\"https:\\\/\\\/cklcomunicaciones.es\\\/coop\\\/noticias-info-ckl-no-2902-14-11-24\\\/#breadcrumb\",\"itemListElement\":[{\"@type\":\"ListItem\",\"position\":1,\"name\":\"Portada\",\"item\":\"https:\\\/\\\/cklcomunicaciones.es\\\/coop\\\/\"},{\"@type\":\"ListItem\",\"position\":2,\"name\":\"Noticias Info CKL n\u00ba 2902-14\\\/11\\\/24\"}]},{\"@type\":\"WebSite\",\"@id\":\"https:\\\/\\\/cklcomunicaciones.es\\\/coop\\\/#website\",\"url\":\"https:\\\/\\\/cklcomunicaciones.es\\\/coop\\\/\",\"name\":\"CKL Comunicaciones\",\"description\":\"Sitio web de CKL Comunicaciones coop , la consultora de comunicaci\u00f3n y estrategia\",\"potentialAction\":[{\"@type\":\"SearchAction\",\"target\":{\"@type\":\"EntryPoint\",\"urlTemplate\":\"https:\\\/\\\/cklcomunicaciones.es\\\/coop\\\/?s={search_term_string}\"},\"query-input\":{\"@type\":\"PropertyValueSpecification\",\"valueRequired\":true,\"valueName\":\"search_term_string\"}}],\"inLanguage\":\"es\"},{\"@type\":\"Person\",\"@id\":\"https:\\\/\\\/cklcomunicaciones.es\\\/coop\\\/#\\\/schema\\\/person\\\/929a6837f7626450bbb50cee1aef266e\",\"name\":\"ckl\",\"image\":{\"@type\":\"ImageObject\",\"inLanguage\":\"es\",\"@id\":\"https:\\\/\\\/secure.gravatar.com\\\/avatar\\\/c82db564e8a669bf6023357a157b9dc4780f4d4c618f2ad1d71a6a5dede45057?s=96&d=mm&r=g\",\"url\":\"https:\\\/\\\/secure.gravatar.com\\\/avatar\\\/c82db564e8a669bf6023357a157b9dc4780f4d4c618f2ad1d71a6a5dede45057?s=96&d=mm&r=g\",\"contentUrl\":\"https:\\\/\\\/secure.gravatar.com\\\/avatar\\\/c82db564e8a669bf6023357a157b9dc4780f4d4c618f2ad1d71a6a5dede45057?s=96&d=mm&r=g\",\"caption\":\"ckl\"},\"url\":\"https:\\\/\\\/cklcomunicaciones.es\\\/coop\\\/author\\\/cklcomunicaciones\\\/\"}]}<\/script>\n<!-- \/ Yoast SEO plugin. -->","yoast_head_json":{"title":"Noticias Info CKL n\u00ba 2902-14\/11\/24-Comunicar con perspectiva de g\u00e9nero","description":"Noticias Info CKL n\u00ba 2902-14\/11\/24 Espa\u00f1a dona m\u00e1s de 61 mill. a la ONU para formar en educaci\u00f3n sexual o luchar contra la violencia de g\u00e9nero * La violencia de g\u00e9nero, un delito p\u00fablico en el que tambi\u00e9n hay que intervenir de oficio y no solo por denuncia * Miren Arzalluz directora del Museo Guggenheim Bilbao * Igualdad exige la paridad en las federaciones deportivas","robots":{"index":"index","follow":"follow","max-snippet":"max-snippet:-1","max-image-preview":"max-image-preview:large","max-video-preview":"max-video-preview:-1"},"canonical":"https:\/\/cklcomunicaciones.es\/coop\/noticias-info-ckl-no-2902-14-11-24\/","og_locale":"es_ES","og_type":"article","og_title":"Noticias Info CKL n\u00ba 2902-14\/11\/24-Comunicar con perspectiva de g\u00e9nero","og_description":"Noticias Info CKL n\u00ba 2902-14\/11\/24 Espa\u00f1a dona m\u00e1s de 61 mill. a la ONU para formar en educaci\u00f3n sexual o luchar contra la violencia de g\u00e9nero * La violencia de g\u00e9nero, un delito p\u00fablico en el que tambi\u00e9n hay que intervenir de oficio y no solo por denuncia * Miren Arzalluz directora del Museo Guggenheim Bilbao * Igualdad exige la paridad en las federaciones deportivas","og_url":"https:\/\/cklcomunicaciones.es\/coop\/noticias-info-ckl-no-2902-14-11-24\/","og_site_name":"CKL Comunicaciones","article_published_time":"2024-11-14T18:29:21+00:00","article_modified_time":"2025-02-11T14:50:10+00:00","og_image":[{"width":1482,"height":775,"url":"https:\/\/cklcomunicaciones.es\/coop\/wp-content\/uploads\/2025\/01\/CKL-una-mirada-distinta-de-la-comunicacion.jpg","type":"image\/jpeg"}],"author":"ckl","twitter_card":"summary_large_image","twitter_misc":{"Escrito por":"ckl","Tiempo de lectura":"6 minutos"},"schema":{"@context":"https:\/\/schema.org","@graph":[{"@type":"Article","@id":"https:\/\/cklcomunicaciones.es\/coop\/noticias-info-ckl-no-2902-14-11-24\/#article","isPartOf":{"@id":"https:\/\/cklcomunicaciones.es\/coop\/noticias-info-ckl-no-2902-14-11-24\/"},"author":{"name":"ckl","@id":"https:\/\/cklcomunicaciones.es\/coop\/#\/schema\/person\/929a6837f7626450bbb50cee1aef266e"},"headline":"Noticias Info CKL n\u00ba 2902-14\/11\/24","datePublished":"2024-11-14T18:29:21+00:00","dateModified":"2025-02-11T14:50:10+00:00","mainEntityOfPage":{"@id":"https:\/\/cklcomunicaciones.es\/coop\/noticias-info-ckl-no-2902-14-11-24\/"},"wordCount":1273,"image":{"@id":"https:\/\/cklcomunicaciones.es\/coop\/noticias-info-ckl-no-2902-14-11-24\/#primaryimage"},"thumbnailUrl":"https:\/\/cklcomunicaciones.es\/coop\/wp-content\/uploads\/2025\/01\/CKL-una-mirada-distinta-de-la-comunicacion.jpg","keywords":["Andaluc\u00eda","DANA","mujeres rurales"],"articleSection":["Newsletter","Nwl v.4.0"],"inLanguage":"es"},{"@type":"WebPage","@id":"https:\/\/cklcomunicaciones.es\/coop\/noticias-info-ckl-no-2902-14-11-24\/","url":"https:\/\/cklcomunicaciones.es\/coop\/noticias-info-ckl-no-2902-14-11-24\/","name":"Noticias Info CKL n\u00ba 2902-14\/11\/24-Comunicar con perspectiva de g\u00e9nero","isPartOf":{"@id":"https:\/\/cklcomunicaciones.es\/coop\/#website"},"primaryImageOfPage":{"@id":"https:\/\/cklcomunicaciones.es\/coop\/noticias-info-ckl-no-2902-14-11-24\/#primaryimage"},"image":{"@id":"https:\/\/cklcomunicaciones.es\/coop\/noticias-info-ckl-no-2902-14-11-24\/#primaryimage"},"thumbnailUrl":"https:\/\/cklcomunicaciones.es\/coop\/wp-content\/uploads\/2025\/01\/CKL-una-mirada-distinta-de-la-comunicacion.jpg","datePublished":"2024-11-14T18:29:21+00:00","dateModified":"2025-02-11T14:50:10+00:00","author":{"@id":"https:\/\/cklcomunicaciones.es\/coop\/#\/schema\/person\/929a6837f7626450bbb50cee1aef266e"},"description":"Noticias Info CKL n\u00ba 2902-14\/11\/24 Espa\u00f1a dona m\u00e1s de 61 mill. a la ONU para formar en educaci\u00f3n sexual o luchar contra la violencia de g\u00e9nero * La violencia de g\u00e9nero, un delito p\u00fablico en el que tambi\u00e9n hay que intervenir de oficio y no solo por denuncia * Miren Arzalluz directora del Museo Guggenheim Bilbao * Igualdad exige la paridad en las federaciones deportivas","breadcrumb":{"@id":"https:\/\/cklcomunicaciones.es\/coop\/noticias-info-ckl-no-2902-14-11-24\/#breadcrumb"},"inLanguage":"es","potentialAction":[{"@type":"ReadAction","target":["https:\/\/cklcomunicaciones.es\/coop\/noticias-info-ckl-no-2902-14-11-24\/"]}]},{"@type":"ImageObject","inLanguage":"es","@id":"https:\/\/cklcomunicaciones.es\/coop\/noticias-info-ckl-no-2902-14-11-24\/#primaryimage","url":"https:\/\/cklcomunicaciones.es\/coop\/wp-content\/uploads\/2025\/01\/CKL-una-mirada-distinta-de-la-comunicacion.jpg","contentUrl":"https:\/\/cklcomunicaciones.es\/coop\/wp-content\/uploads\/2025\/01\/CKL-una-mirada-distinta-de-la-comunicacion.jpg","width":1482,"height":775,"caption":"CKL - una mirada distinta de la comunicacion"},{"@type":"BreadcrumbList","@id":"https:\/\/cklcomunicaciones.es\/coop\/noticias-info-ckl-no-2902-14-11-24\/#breadcrumb","itemListElement":[{"@type":"ListItem","position":1,"name":"Portada","item":"https:\/\/cklcomunicaciones.es\/coop\/"},{"@type":"ListItem","position":2,"name":"Noticias Info CKL n\u00ba 2902-14\/11\/24"}]},{"@type":"WebSite","@id":"https:\/\/cklcomunicaciones.es\/coop\/#website","url":"https:\/\/cklcomunicaciones.es\/coop\/","name":"CKL Comunicaciones","description":"Sitio web de CKL Comunicaciones coop , la consultora de comunicaci\u00f3n y estrategia","potentialAction":[{"@type":"SearchAction","target":{"@type":"EntryPoint","urlTemplate":"https:\/\/cklcomunicaciones.es\/coop\/?s={search_term_string}"},"query-input":{"@type":"PropertyValueSpecification","valueRequired":true,"valueName":"search_term_string"}}],"inLanguage":"es"},{"@type":"Person","@id":"https:\/\/cklcomunicaciones.es\/coop\/#\/schema\/person\/929a6837f7626450bbb50cee1aef266e","name":"ckl","image":{"@type":"ImageObject","inLanguage":"es","@id":"https:\/\/secure.gravatar.com\/avatar\/c82db564e8a669bf6023357a157b9dc4780f4d4c618f2ad1d71a6a5dede45057?s=96&d=mm&r=g","url":"https:\/\/secure.gravatar.com\/avatar\/c82db564e8a669bf6023357a157b9dc4780f4d4c618f2ad1d71a6a5dede45057?s=96&d=mm&r=g","contentUrl":"https:\/\/secure.gravatar.com\/avatar\/c82db564e8a669bf6023357a157b9dc4780f4d4c618f2ad1d71a6a5dede45057?s=96&d=mm&r=g","caption":"ckl"},"url":"https:\/\/cklcomunicaciones.es\/coop\/author\/cklcomunicaciones\/"}]}},"_links":{"self":[{"href":"https:\/\/cklcomunicaciones.es\/coop\/wp-json\/wp\/v2\/posts\/22120","targetHints":{"allow":["GET"]}}],"collection":[{"href":"https:\/\/cklcomunicaciones.es\/coop\/wp-json\/wp\/v2\/posts"}],"about":[{"href":"https:\/\/cklcomunicaciones.es\/coop\/wp-json\/wp\/v2\/types\/post"}],"author":[{"embeddable":true,"href":"https:\/\/cklcomunicaciones.es\/coop\/wp-json\/wp\/v2\/users\/3"}],"replies":[{"embeddable":true,"href":"https:\/\/cklcomunicaciones.es\/coop\/wp-json\/wp\/v2\/comments?post=22120"}],"version-history":[{"count":0,"href":"https:\/\/cklcomunicaciones.es\/coop\/wp-json\/wp\/v2\/posts\/22120\/revisions"}],"wp:featuredmedia":[{"embeddable":true,"href":"https:\/\/cklcomunicaciones.es\/coop\/wp-json\/wp\/v2\/media\/22909"}],"wp:attachment":[{"href":"https:\/\/cklcomunicaciones.es\/coop\/wp-json\/wp\/v2\/media?parent=22120"}],"wp:term":[{"taxonomy":"category","embeddable":true,"href":"https:\/\/cklcomunicaciones.es\/coop\/wp-json\/wp\/v2\/categories?post=22120"},{"taxonomy":"post_tag","embeddable":true,"href":"https:\/\/cklcomunicaciones.es\/coop\/wp-json\/wp\/v2\/tags?post=22120"}],"curies":[{"name":"wp","href":"https:\/\/api.w.org\/{rel}","templated":true}]}}