{"id":22118,"date":"2024-10-31T18:52:37","date_gmt":"2024-10-31T17:52:37","guid":{"rendered":"https:\/\/www.cklcomunicaciones.es\/?p=21358"},"modified":"2025-02-11T15:28:30","modified_gmt":"2025-02-11T14:28:30","slug":"noticias-info-ckl-no-2900-31-10-24","status":"publish","type":"post","link":"https:\/\/cklcomunicaciones.es\/coop\/noticias-info-ckl-no-2900-31-10-24\/","title":{"rendered":"Noticias Info CKL n\u00ba 2900-31\/10\/24"},"content":{"rendered":"<div class=\"fusion-fullwidth fullwidth-box fusion-builder-row-1 fusion-flex-container nonhundred-percent-fullwidth non-hundred-percent-height-scrolling\" style=\"--awb-border-radius-top-left:0px;--awb-border-radius-top-right:0px;--awb-border-radius-bottom-right:0px;--awb-border-radius-bottom-left:0px;--awb-flex-wrap:wrap;\" ><div class=\"fusion-builder-row fusion-row fusion-flex-align-items-flex-start fusion-flex-content-wrap\" style=\"max-width:1248px;margin-left: calc(-4% \/ 2 );margin-right: calc(-4% \/ 2 );\"><div class=\"fusion-layout-column fusion_builder_column fusion-builder-column-0 fusion_builder_column_1_1 1_1 fusion-flex-column\" style=\"--awb-bg-blend:overlay;--awb-bg-size:cover;--awb-width-large:100%;--awb-margin-top-large:0px;--awb-spacing-right-large:1.92%;--awb-margin-bottom-large:0px;--awb-spacing-left-large:1.92%;--awb-width-medium:100%;--awb-spacing-right-medium:1.92%;--awb-spacing-left-medium:1.92%;--awb-width-small:100%;--awb-spacing-right-small:1.92%;--awb-spacing-left-small:1.92%;\"><div class=\"fusion-column-wrapper fusion-flex-justify-content-flex-start fusion-content-layout-column\"><div class=\"fusion-text fusion-text-1\"><h1>Convocatorias<\/h1>\n<div id=\"\" class=\"lsow-panel lsow-active\">\n<div class=\"lsow-panel-content\">\n<ul>\n<li>Convocatoria de propuestas de participaci\u00f3n en los talleres, actividades y sesiones del \u201cAula de Igualdad\u201d para la\u00a0Feria\u00a0Internacional de la Educaci\u00f3n 2025. Instituto de las Mujeres.\u00a0<a href=\"https:\/\/www.inmujeres.gob.es\/areasTematicas\/AreaEstudiosInvestigacion\/docs\/ProyectosActividadesConvocatoias\/Convocatorias\/report_Convocatoria_Talleres.pdf\" target=\"_blank\" rel=\"noopener\" data-saferedirecturl=\"https:\/\/www.google.com\/url?q=https:\/\/www.inmujeres.gob.es\/areasTematicas\/AreaEstudiosInvestigacion\/docs\/ProyectosActividadesConvocatoias\/Convocatorias\/report_Convocatoria_Talleres.pdf&amp;source=gmail&amp;ust=1730477878520000&amp;usg=AOvVaw0WezvW-js5lrMuGNaQdqPx\">Bases de la convocatoria<\/a>.<\/li>\n<li><a href=\"https:\/\/www.easp.es\/project\/jornadas-provinciales-del-violencia-de-genero-2024\/\" target=\"_blank\" rel=\"noopener\" data-saferedirecturl=\"https:\/\/www.google.com\/url?q=https:\/\/www.easp.es\/project\/jornadas-provinciales-del-violencia-de-genero-2024\/&amp;source=gmail&amp;ust=1730477878520000&amp;usg=AOvVaw0m4WwHD7Btyj-5Fg8Ed9ed\">Jornadas Provinciales de \u00e1mbito sanitario ante la Violencia de G\u00e9nero<\/a>.\u00a0Escuela Andaluza de Salud P\u00fablica. Programas provinciales. Del 12 al 28 de noviembre.\u00a0<a href=\"https:\/\/intranet.easp.es\/Sipro2\/Documento.aspx?id=246WKM\" target=\"_blank\" rel=\"noopener\" data-saferedirecturl=\"https:\/\/www.google.com\/url?q=https:\/\/intranet.easp.es\/Sipro2\/Documento.aspx?id%3D246WKM&amp;source=gmail&amp;ust=1730477878520000&amp;usg=AOvVaw35e5w9Xmqmsvn_aJeJ31gk\">Programa<\/a>.\u00a0<a href=\"https:\/\/www.easp.edu.es\/programadocente\/Preinscripcion\/?idCurso=1z7PZ9n%2BJC4Ht%2BnYoDrwVXbTRUDmM%2B2te5XGyUo0oSg%3D\" target=\"_blank\" rel=\"noopener\" data-saferedirecturl=\"https:\/\/www.google.com\/url?q=https:\/\/www.easp.edu.es\/programadocente\/Preinscripcion\/?idCurso%3D1z7PZ9n%252BJC4Ht%252BnYoDrwVXbTRUDmM%252B2te5XGyUo0oSg%253D&amp;source=gmail&amp;ust=1730477878520000&amp;usg=AOvVaw17Y30bz8O28T8StGe74W4r\">Inscripciones<\/a>.<\/li>\n<li><a href=\"https:\/\/www.ampvictoriakent.org\/eventos\/5o-congreso-sobre-violencia-desvelando-la-violencia-sexual\" target=\"_blank\" rel=\"noopener\" data-saferedirecturl=\"https:\/\/www.google.com\/url?q=https:\/\/www.ampvictoriakent.org\/eventos\/5o-congreso-sobre-violencia-desvelando-la-violencia-sexual&amp;source=gmail&amp;ust=1730477878520000&amp;usg=AOvVaw2GtRaYlOVcuYSPCp7KG2-z\">V Congreso sobre Violencia: Revelando la Violencia Sexual<\/a>. Asociaci\u00f3n Victoria Kent. Del 21 al 22 de noviembre. Modalidad mixta.<\/li>\n<li>Ciclo vivencial de Toma de conciencia, crecimiento y empoderamiento de las mujeres.\u00a0F-ENLACE. 28 de noviembre.\u00a0<a href=\"https:\/\/forms.gle\/Ye6CzXyGWGn492J77\" target=\"_blank\" rel=\"noopener\" data-saferedirecturl=\"https:\/\/www.google.com\/url?q=https:\/\/forms.gle\/Ye6CzXyGWGn492J77&amp;source=gmail&amp;ust=1730477878520000&amp;usg=AOvVaw0Vx49oMs5yHstivhP3qpgQ\">Inscripciones<\/a>.<\/li>\n<li>Curso de Incorporaci\u00f3n de la perspectiva de g\u00e9nero en las adicciones sin sustancias. F-ENLACE. Semipresencial. 5 y 6 de noviembre.\u00a0<a href=\"https:\/\/forms.gle\/GjHRngVnKd2VeyuSA\" target=\"_blank\" rel=\"noopener\" data-saferedirecturl=\"https:\/\/www.google.com\/url?q=https:\/\/forms.gle\/GjHRngVnKd2VeyuSA&amp;source=gmail&amp;ust=1730477878520000&amp;usg=AOvVaw2Hk5MbF71LGO4hSGpnw4L2\">Inscripciones<\/a>.<\/li>\n<li><a href=\"https:\/\/www.upo.es\/facultad-ciencias-sociales\/es\/fcslab\/noticias\/movilizando-conciencia-y-activismo-social-en-la-lucha-contra-las-violencias-hacia-las-mujeres\/\" target=\"_blank\" rel=\"noopener\" data-saferedirecturl=\"https:\/\/www.google.com\/url?q=https:\/\/www.upo.es\/facultad-ciencias-sociales\/es\/fcslab\/noticias\/movilizando-conciencia-y-activismo-social-en-la-lucha-contra-las-violencias-hacia-las-mujeres\/&amp;source=gmail&amp;ust=1730477878520000&amp;usg=AOvVaw1XxPDR6tPfb2Za4br-KXHe\">Actividad: \u201cMovilizando conciencia y activismo social en la lucha contra las violencias hacia las mujeres: No est\u00e1s sola, la lucha contra la manada<\/a>. Universidad Pablo de Olavide.\u00a08\u00a0de\u00a0noviembre.\u00a0<a href=\"https:\/\/docs.google.com\/forms\/d\/e\/1FAIpQLSdprBcLBavaCNcUPyzXX_LbSJCF0hY2seEzaB_nXODmisDKiQ\/viewform\" target=\"_blank\" rel=\"noopener\" data-saferedirecturl=\"https:\/\/www.google.com\/url?q=https:\/\/docs.google.com\/forms\/d\/e\/1FAIpQLSdprBcLBavaCNcUPyzXX_LbSJCF0hY2seEzaB_nXODmisDKiQ\/viewform&amp;source=gmail&amp;ust=1730477878521000&amp;usg=AOvVaw3W8S3DTDPOZbaV7mVmd-UU\">Inscripciones<\/a>.<\/li>\n<li>Curso:\u00a0Motivar para Incluir: costurero de retales para la dinamizaci\u00f3n de grupos en riesgo de exclusi\u00f3n social.\u00a0F-ENLACE. Semipresencial. Del 4 de noviembre al 4 de diciembre. 20 horas.\u00a0<a href=\"https:\/\/forms.gle\/8aJ8EL5g18NnT9jD7\" target=\"_blank\" rel=\"noopener\" data-saferedirecturl=\"https:\/\/www.google.com\/url?q=https:\/\/forms.gle\/8aJ8EL5g18NnT9jD7&amp;source=gmail&amp;ust=1730477878521000&amp;usg=AOvVaw1-h1yMgZ-XYWZ0QfXKtdVs\">Inscripciones<\/a>.<\/li>\n<li><a href=\"http:\/\/www.juntadeandalucia.es\/iam\/catalogo\/doc\/convocatorias\/2024-genero\/CO-toma-conciencia.png\" target=\"_blank\" rel=\"noopener prettyPhoto&#091;21358&#093;\" data-saferedirecturl=\"https:\/\/www.google.com\/url?q=http:\/\/www.juntadeandalucia.es\/iam\/catalogo\/doc\/convocatorias\/2024-genero\/CO-toma-conciencia.png&amp;source=gmail&amp;ust=1730477878521000&amp;usg=AOvVaw0OcRx4kxG98cqs6lUX-zxs\">Ciclo formativo vivencial de \u201cToma de conciencia, crecimiento y empoderamiento de las mujeres\u201d<\/a>. F-ENLACE.\u00a08 de noviembre, de 10:30 a 13:30\u00a0horas.\u00a0<a href=\"https:\/\/docs.google.com\/forms\/d\/e\/1FAIpQLSdH5rwxnjhSbTajMGkthUnVHIVP2wI60yevm5KKRHoh2hs8Ow\/viewform\" target=\"_blank\" rel=\"noopener\" data-saferedirecturl=\"https:\/\/www.google.com\/url?q=https:\/\/docs.google.com\/forms\/d\/e\/1FAIpQLSdH5rwxnjhSbTajMGkthUnVHIVP2wI60yevm5KKRHoh2hs8Ow\/viewform&amp;source=gmail&amp;ust=1730477878521000&amp;usg=AOvVaw3Q_MUtTS7xLEIicr6P2-hT\">Inscripciones<\/a>.<\/li>\n<li>Ciclo vivencial de Toma de conciencia, crecimiento y empoderamiento de las mujeres.\u00a0F-ENLACE. 8 de noviembre.\u00a0<a href=\"https:\/\/forms.gle\/Z8iC3Sa4bekCF6Va8\" target=\"_blank\" rel=\"noopener\" data-saferedirecturl=\"https:\/\/www.google.com\/url?q=https:\/\/forms.gle\/Z8iC3Sa4bekCF6Va8&amp;source=gmail&amp;ust=1730477878521000&amp;usg=AOvVaw2hHOSfMI5NzOG9i6_vPxev\">Inscripciones.<\/a><\/li>\n<li>VI Encuentro de mujeres cuidadoras en Andaluc\u00eda. Fundaci\u00f3n Mujeres. 7 de noviembre, a las 9:30 horas.\u00a0<a href=\"https:\/\/forms.office.com\/Pages\/ResponsePage.aspx?id=3ekzs0n4b0-iuuMYuxobtAoaCuIyohZJpkT-YJC9b65UOUZBSjdFRDcwN00zTVJEWkZIUU9WRDBUUCQlQCN0PWcu\" target=\"_blank\" rel=\"noopener\" data-saferedirecturl=\"https:\/\/www.google.com\/url?q=https:\/\/forms.office.com\/Pages\/ResponsePage.aspx?id%3D3ekzs0n4b0-iuuMYuxobtAoaCuIyohZJpkT-YJC9b65UOUZBSjdFRDcwN00zTVJEWkZIUU9WRDBUUCQlQCN0PWcu&amp;source=gmail&amp;ust=1730477878521000&amp;usg=AOvVaw0jVUgNMhjB3Yixa1d3NjVI\">Inscripciones<\/a>.<\/li>\n<li><a href=\"https:\/\/cuidadanas.es\/agenda\/espa-proyecto-vital-y-malestares-de-genero\/\" target=\"_blank\" rel=\"noopener\" data-saferedirecturl=\"https:\/\/www.google.com\/url?q=https:\/\/cuidadanas.es\/agenda\/espa-proyecto-vital-y-malestares-de-genero\/&amp;source=gmail&amp;ust=1730477878521000&amp;usg=AOvVaw0R2K-ZAiu3MAAukzcufpkF\">ESPA: Proyecto vital y malestares de g\u00e9nero<\/a>. Fundaci\u00f3n Mujeres. 4 de noviembre, a las 16:30 horas. Posibilidad de modalidad mixta.\u00a0<a href=\"https:\/\/forms.office.com\/Pages\/ResponsePage.aspx?id=3ekzs0n4b0-iuuMYuxobtAoaCuIyohZJpkT-YJC9b65URVE1SlA0WVoyM0E5OE8yQThJRkJHUzYwWCQlQCN0PWcu\" target=\"_blank\" rel=\"noopener\" data-saferedirecturl=\"https:\/\/www.google.com\/url?q=https:\/\/forms.office.com\/Pages\/ResponsePage.aspx?id%3D3ekzs0n4b0-iuuMYuxobtAoaCuIyohZJpkT-YJC9b65URVE1SlA0WVoyM0E5OE8yQThJRkJHUzYwWCQlQCN0PWcu&amp;source=gmail&amp;ust=1730477878521000&amp;usg=AOvVaw1u7_rNVdXpMV7eC4SKBAPH\">Inscripciones<\/a>.<\/li>\n<li><a href=\"https:\/\/www.ampvictoriakent.org\/programa\/trais-2024\" target=\"_blank\" rel=\"noopener\" data-saferedirecturl=\"https:\/\/www.google.com\/url?q=https:\/\/www.ampvictoriakent.org\/programa\/trais-2024&amp;source=gmail&amp;ust=1730477878521000&amp;usg=AOvVaw3dGfpIDCozkq5FdKntj2Cq\">Programa\u00a0TRAIS: Curso de Formaci\u00f3n en la Violencia de G\u00e9nero, Redes Sociales, Internet y Adolescencia<\/a>. Asociaci\u00f3n Victoria Kent.\u00a0Desde el\u00a028\u00a0de noviembre.\u00a030 horas.<\/li>\n<li>Curso:\u00a0Habilidades Terap\u00e9uticas para la intervenci\u00f3n de adicciones sin sustancias con perspectiva de g\u00e9nero.\u00a0F-ENLACE. Del 4 de noviembre al 2 de diciembre. 30 horas.\u00a0<a href=\"https:\/\/forms.gle\/csRuqAw1SXpJ6dxV8\" target=\"_blank\" rel=\"noopener\" data-saferedirecturl=\"https:\/\/www.google.com\/url?q=https:\/\/forms.gle\/csRuqAw1SXpJ6dxV8&amp;source=gmail&amp;ust=1730477878521000&amp;usg=AOvVaw0MO1woU6olW57d-AUMh8Ah\">Inscripciones<\/a>.<\/li>\n<li><a href=\"https:\/\/cuidadanas.es\/agenda\/taller-rumbo-a-mi-vida-6\/\" target=\"_blank\" rel=\"noopener\" data-saferedirecturl=\"https:\/\/www.google.com\/url?q=https:\/\/cuidadanas.es\/agenda\/taller-rumbo-a-mi-vida-6\/&amp;source=gmail&amp;ust=1730477878521000&amp;usg=AOvVaw2_IM0RMbffSQc5NDEvnPrs\">Taller: \u00abRumbo a mi vida\u00bb<\/a>. Fundaci\u00f3n Mujeres. 31 de octubre, de 10 a 13 horas.\u00a0<a href=\"https:\/\/forms.office.com\/Pages\/ResponsePage.aspx?id=3ekzs0n4b0-iuuMYuxobtAoaCuIyohZJpkT-YJC9b65URVE1SlA0WVoyM0E5OE8yQThJRkJHUzYwWCQlQCN0PWcu\" target=\"_blank\" rel=\"noopener\" data-saferedirecturl=\"https:\/\/www.google.com\/url?q=https:\/\/forms.office.com\/Pages\/ResponsePage.aspx?id%3D3ekzs0n4b0-iuuMYuxobtAoaCuIyohZJpkT-YJC9b65URVE1SlA0WVoyM0E5OE8yQThJRkJHUzYwWCQlQCN0PWcu&amp;source=gmail&amp;ust=1730477878521000&amp;usg=AOvVaw1u7_rNVdXpMV7eC4SKBAPH\">Inscripciones<\/a>.<\/li>\n<li><a href=\"https:\/\/cuidadanas.es\/agenda\/taller-mi-tiempo-mi-organizacion-4\/\" target=\"_blank\" rel=\"noopener\" data-saferedirecturl=\"https:\/\/www.google.com\/url?q=https:\/\/cuidadanas.es\/agenda\/taller-mi-tiempo-mi-organizacion-4\/&amp;source=gmail&amp;ust=1730477878521000&amp;usg=AOvVaw05VEv8J4WGDzoJ5m90GzZm\">Taller: \u00abMi tiempo, mi organizaci\u00f3n\u00bb<\/a>. Fundaci\u00f3n Mujeres. 8 de noviembre, de 10 a 13 horas.\u00a0<a href=\"https:\/\/forms.office.com\/Pages\/ResponsePage.aspx?id=3ekzs0n4b0-iuuMYuxobtAoaCuIyohZJpkT-YJC9b65URVE1SlA0WVoyM0E5OE8yQThJRkJHUzYwWCQlQCN0PWcu\" target=\"_blank\" rel=\"noopener\" data-saferedirecturl=\"https:\/\/www.google.com\/url?q=https:\/\/forms.office.com\/Pages\/ResponsePage.aspx?id%3D3ekzs0n4b0-iuuMYuxobtAoaCuIyohZJpkT-YJC9b65URVE1SlA0WVoyM0E5OE8yQThJRkJHUzYwWCQlQCN0PWcu&amp;source=gmail&amp;ust=1730477878521000&amp;usg=AOvVaw1u7_rNVdXpMV7eC4SKBAPH\">Inscripciones<\/a>.<\/li>\n<li><a href=\"http:\/\/www.juntadeandalucia.es\/iam\/index.php\/recursos-y-servicios\/marca-andaluza-de-excelencia-en-igualdad\" target=\"_blank\" rel=\"noopener\" data-saferedirecturl=\"https:\/\/www.google.com\/url?q=http:\/\/www.juntadeandalucia.es\/iam\/index.php\/recursos-y-servicios\/marca-andaluza-de-excelencia-en-igualdad&amp;source=gmail&amp;ust=1730477878515000&amp;usg=AOvVaw2I2MQTL49_AatVktatFHN9\">Marca Andaluza de Excelencia en Igualdad (MAEI)<\/a>. Instituto Andaluz de la Mujer. Plazo de solicitudes hasta el 22 de noviembre.\u00a0<a href=\"http:\/\/www.juntadeandalucia.es\/institutodelamujer\/catalogo\/doc\/convocatorias\/2024-iam\/boletin-equipa-4.pdf\" target=\"_blank\" rel=\"noopener\" data-saferedirecturl=\"https:\/\/www.google.com\/url?q=http:\/\/www.juntadeandalucia.es\/institutodelamujer\/catalogo\/doc\/convocatorias\/2024-iam\/boletin-equipa-4.pdf&amp;source=gmail&amp;ust=1730477878515000&amp;usg=AOvVaw2l9VvrsTgZ7LbSz_LjrYzL\">Bolet\u00edn informativo<\/a>.<\/li>\n<\/ul>\n<\/div>\n<\/div>\n<div id=\"\" class=\"lsow-panel lsow-active\">\n<h1 class=\"lsow-panel-title\">Comunicaci\u00f3n, Publicidad y TICs<\/h1>\n<div class=\"lsow-panel-content\">\n<p><a class=\"title\" href=\"https:\/\/www.msn.com\/es-es\/noticias\/virales\/mavi-do%C3%B1ate-siempre-hab%C3%ADa-querido-ejercer-el-periodismo-en-el-exterior\/ar-AA1t2wyW?ocid=BingNewsVerp\" target=\"_blank\" rel=\"noopener\" data-artpy=\"0\" data-author=\"Heraldo de Arag\u00f3n on MSN\">Mavi Do\u00f1ate: \u00abSiempre hab\u00eda querido ejercer el periodismo en el exterior\u00bb<\/a>-heraldo<br \/>\n<a class=\"title\" href=\"https:\/\/www.elperiodico.com\/es\/sociedad\/20241026\/radio-mulher-coraje-hablar-feminismo-109940490\" target=\"_blank\" rel=\"noopener\" data-artpy=\"0\" data-author=\"El Peri\u00f3dico\">R\u00e1dio Mulher, el coraje de hablar de feminismo en uno de los pa\u00edses m\u00e1s machistas de \u00c1frica<\/a>-elperiodico<br \/>\n<a class=\"title\" href=\"https:\/\/www.infolibre.es\/politica\/visibles-infolibre-visibiliza-avances-retos-igualdad-acto-proximo-lunes_1_1889795.html\" target=\"_blank\" rel=\"noopener\" data-artpy=\"0\" data-author=\"infolibre.es\">infoLibre analiza los avances y retos en igualdad el pr\u00f3ximo lunes en el acto #Visibles<\/a>-infolibre<br \/>\n<a class=\"title\" href=\"https:\/\/www.msn.com\/es-es\/noticias\/espana\/periodistas-se-forman-para-combatir-los-estereotipos-sexistas-en-la-comunicaci%C3%B3n-pol%C3%ADtica\/ar-AA1sRcGe?ocid=BingNewsVerp\" target=\"_blank\" rel=\"noopener\" data-artpy=\"0\" data-author=\"Europa Press on MSN\">Periodistas se forman en M\u00e1laga para combatir los estereotipos sexistas en la comunicaci\u00f3n pol\u00edtica<\/a>-europapress<br \/>\n<a class=\"title\" href=\"https:\/\/www.msn.com\/es-es\/noticias\/espana\/las-noticias-sobre-violencia-de-g%C3%A9nero-son-un-20-m%C3%A1s-reducidas-que-las-dem%C3%A1s-seg%C3%BAn-el-consejo-audiovisual-de-andaluc%C3%ADa\/ar-AA1tdC5s?ocid=BingNewsVerp\" target=\"_blank\" rel=\"noopener\" data-artpy=\"0\" data-author=\"Europa Press on MSN\">Las noticias sobre violencia de g\u00e9nero son un 20% m\u00e1s reducidas que las dem\u00e1s, seg\u00fan el Consejo Audiovisual de Andaluc\u00eda-\u00a0<\/a>europapress<br \/>\n<a class=\"title\" href=\"https:\/\/cadenaser.com\/audio\/1730220070555\/\" target=\"_blank\" rel=\"noopener\" data-artpy=\"0\" data-author=\"Cadena SER\">La Ventana de la Tele | El rol de las mujeres en las series<\/a>-ser<br \/>\n<a class=\"title\" href=\"https:\/\/arainfo.org\/periodistas-por-la-igualdad-el-periodismo-es-un-pilar-clave-en-la-lucha-contra-el-machismo-denunciando-casos-como-el-de-errejon\/\" target=\"_blank\" rel=\"noopener\" data-artpy=\"0\" data-author=\"arainfo\">Periodistas por la Igualdad: \u00abEl periodismo es un pilar clave en la lucha contra el machismo denunciando casos como el de Errej\u00f3n\u00bb<\/a>-arainfo<br \/>\n<a class=\"title\" href=\"https:\/\/cincodias.elpais.com\/criptoactivos\/2024-10-28\/los-criptobro-ahogan-a-las-mujeres-en-el-mundo-de-los-activos-digitales-aun-nos-siguen-faltando-referentes.html\" target=\"_blank\" rel=\"noopener\" data-artpy=\"0\" data-author=\"EL PA\u00cdS\">Los \u2018criptobro\u2019 ahogan a las mujeres en el mundo de los activos digitales: \u201cA\u00fan nos siguen faltando referentes\u201d<\/a>-elperiodico<\/p>\n<\/div>\n<\/div>\n<div id=\"\" class=\"lsow-panel lsow-active\">\n<h1 class=\"lsow-panel-title\">Andaluc\u00eda<\/h1>\n<div class=\"lsow-panel-content\">\n<div class=\"source set_top\">\n<div data-priority=\"2\" aria-hidden=\"true\">\n<p><strong>Institucional<br \/>\n<\/strong><a class=\"title\" href=\"https:\/\/www.europapress.es\/andalucia\/noticia-pleno-parlamento-aborda-proxima-semana-aprobar-ley-mujeres-rurales-ejecucion-presupuesto-2024-20241030150018.html\" target=\"_blank\" rel=\"noopener\" data-artpy=\"0\" data-author=\"Europa Press\">El Pleno del Parlamento aborda la pr\u00f3xima semana aprobar la Ley de Mujeres Rurales y la ejecuci\u00f3n del Presupuesto 2024<\/a>-europapress<\/p>\n<p><strong>Econom\u00eda y Empresa<br \/>\n<\/strong><a class=\"title\" href=\"https:\/\/elcorreoweb.es\/andalucia\/2024\/10\/28\/cooperativasagroalimentarias-hiba-agrotech-en-femenino-ii-110397437.html\" target=\"_blank\" rel=\"noopener\" data-artpy=\"0\" data-author=\"El correo de Andaluc\u00eda\">M\u00e1s de 140 Mujeres de Andaluc\u00eda y Portugal exploran soluciones tecnol\u00f3gicas en Cooperativas Agroalimentarias con el Proyecto HIBA+<\/a>-elcorreodeandalucia<br \/>\n<a class=\"title\" href=\"https:\/\/cadenaser.com\/andalucia\/2024\/10\/30\/dos-proyectos-andaluces-finalistas-de-la-viii-edicion-del-programa-gira-mujeres-ser-malaga\/\" target=\"_blank\" rel=\"noopener\" data-artpy=\"0\" data-author=\"Cadena SER\">Dos proyectos andaluces, finalistas de la VIII edici\u00f3n del programa GIRA Mujeres<\/a>-ser<br \/>\n<a class=\"title\" href=\"https:\/\/www.europapress.es\/andalucia\/federacion-andaluza-municipios-provincias-01122\/noticia-famp-reconoce-inmenso-valor-tejido-empresarial-andaluz-motor-cohesion-social-territorial-20241028150802.html\" target=\"_blank\" rel=\"noopener\" data-artpy=\"0\" data-author=\"Europa Press\">La FAMP reconoce el \u00abinmenso valor\u00bb del tejido empresarial andaluz como motor de \u00abcohesi\u00f3n social y territorial\u00bb<\/a>-europapress<\/p>\n<p><strong>Actualidad<br \/>\n<\/strong><a class=\"title\" href=\"https:\/\/www.msn.com\/es-es\/salud\/other\/la-diputaci%C3%B3n-de-c%C3%B3rdoba-se-suma-a-las-iii-jornadas-de-salud-mujer-y-empresa\/ar-AA1t0yN1?ocid=BingNewsVerp\" target=\"_blank\" rel=\"noopener\" data-artpy=\"0\" data-author=\"Europa Press on MSN\">La Diputaci\u00f3n de C\u00f3rdoba se suma a las III Jornadas de Salud, Mujer y Empresa<\/a>-europapress<br \/>\n<a class=\"title\" href=\"https:\/\/www.teleprensa.com\/articulo\/almeria-sociedad\/cruz-roja-convoca-empresas-mesa-dialogo-liderazgo-femenino-igualdad-futuro-sectores-masculinizados\/202410311233191939159.html\" target=\"_blank\" rel=\"noopener\" data-artpy=\"0\" data-author=\"Tele Prensa\">Cruz Roja convoca a empresas a la Mesa de Di\u00e1logo \u201cLiderazgo femenino: igualdad y futuro en sectores masculinizados\u201d<\/a>-teleprensa<br \/>\n<a class=\"title\" href=\"https:\/\/cadenaser.com\/andalucia\/2024\/10\/29\/cordoba-impulsa-un-estudio-para-detectar-altas-capacidades-en-mujeres-de-diferentes-generaciones-ninas-madres-y-abuelas-radio-cordoba\/\" target=\"_blank\" rel=\"noopener\" data-artpy=\"0\" data-author=\"Cadena SER\">C\u00f3rdoba impulsa un estudio para detectar altas capacidades en mujeres de diferentes generaciones: ni\u00f1as, madres y abuelas<\/a>-ser<br \/>\n<a class=\"title\" href=\"https:\/\/www.europapress.es\/andalucia\/educacion-00651\/noticia-andalucia-destinara-proximo-curso-bonificaciones-guarderias-259-millones-diez-gratuidad-anos-20241029152156.html\" target=\"_blank\" rel=\"noopener\" data-artpy=\"0\" data-author=\"Europa Press\">Andaluc\u00eda destinar\u00e1 el pr\u00f3ximo curso a bonificaciones en guarder\u00edas 259 millones, diez para la gratuidad de 2 a 3 a\u00f1os<\/a>-europaress<\/p>\n<p><strong>Violencias<br \/>\n<\/strong><a class=\"title\" href=\"https:\/\/www.msn.com\/es-es\/noticias\/espana\/igualdad-estima-que-habr%C3%ADa-casi-17000-mujeres-en-situaci%C3%B3n-de-prostituci%C3%B3n-en-andaluc%C3%ADa-en-2023\/ar-AA1tdh0S?ocid=BingNewsVerp\" target=\"_blank\" rel=\"noopener\" data-artpy=\"0\" data-author=\"Europa Press on MSN\">Igualdad estima que habr\u00eda casi 17.000 mujeres en situaci\u00f3n de prostituci\u00f3n en Andaluc\u00eda en 2023<\/a>-europapress<\/p>\n<p><b>Ciencia y Cultura<br \/>\n<\/b><a class=\"title\" href=\"https:\/\/www.diariosur.es\/cronicauma\/investigacion\/ventana-talento-mujeres-investigadoras-universidad-malaga-20241003210843-nt.html\" target=\"_blank\" rel=\"noopener\" data-artpy=\"0\" data-author=\"SUR\">Una ventana para el talento de las mujeres investigadoras de la Universidad de M\u00e1laga<\/a>-sur<br \/>\n<a class=\"title\" href=\"https:\/\/www.diariodesevilla.es\/suplemento-tecnologico\/42-malaga-colabora-leadingirls-reducir_0_2002682838.html\" target=\"_blank\" rel=\"noopener\" data-artpy=\"0\" data-author=\"Diario de Sevilla\">42 M\u00e1laga colabora con Leadingirls para reducir la brecha de g\u00e9nero<\/a>-diariodesevilla<br \/>\n<a class=\"title\" href=\"https:\/\/www.cope.es\/emisoras\/andalucia\/cadiz-provincia\/cadiz\/noticias\/cadiz-acoge-presentacion-docu-serie-sobre-cayetana-alba-queremos-conocer-persona-20241031_3038295.html\" target=\"_blank\" rel=\"noopener\" data-artpy=\"0\" data-author=\"COPE\">C\u00e1diz acoge la presentaci\u00f3n de una docu-serie sobre Cayetana de Alba: \u00abQueremos conocer a la persona\u00bb<\/a>-cope<br \/>\n<a class=\"title\" href=\"https:\/\/www.ondacero.es\/emisoras\/andalucia\/malaga\/audios-podcast\/mas-de-uno\/luz-arcas-esta-pasando-algo-danza-malaga-esta-perdiendo_20241025671b902fd058410001709169.html\" target=\"_blank\" rel=\"noopener\" data-artpy=\"0\" data-author=\"ondacero.es\">Luz Arcas: \u00abEst\u00e1 pasando algo con la danza y M\u00e1laga se lo est\u00e1 perdiendo\u00bb<\/a>-ondacero<br \/>\n<a class=\"title\" href=\"https:\/\/www.abc.es\/espana\/andalucia\/cordoba\/medina-azahara-llena-nueva-york-20241029211731-nts.html\" target=\"_blank\" rel=\"noopener\" data-artpy=\"0\" data-author=\"ABC\">La exposici\u00f3n de Medina Azahara llena Nueva York: \u00abEsta muestra va a suponer un antes y un despu\u00e9s\u00bb<\/a>-abc<br \/>\n<a class=\"title\" href=\"https:\/\/masjerez.com\/noticias\/surrender-to-the-andalusian-crush-la-nueva-campana-que-rinde-homenaje-a-la-riqueza-cultural-y-patrimonial-de-andalucia\" target=\"_blank\" rel=\"noopener\" data-artpy=\"0\" data-author=\"MASJEREZ\">&#8216;Surrender to the Andalusian Crush&#8217;, la nueva campa\u00f1a que rinde homenaje a la riqueza cultural y patrimonial de Andaluc\u00eda<\/a>-masjerez<a><br \/>\n<\/a><\/p>\n<p><strong>Deporte<br \/>\n<\/strong><a class=\"title\" href=\"https:\/\/www.laopiniondemalaga.es\/deportes\/2024\/10\/30\/elena-congost-maria-perez-protagonistas-110926133.html\" target=\"_blank\" rel=\"noopener\" data-artpy=\"0\" data-author=\"Deportes\">Elena Congost y Mar\u00eda P\u00e9rez, protagonistas del foro &#8216;M\u00e1s Deporte, M\u00e1s Mujer&#8217;<\/a>-laopiniondemalaga<strong><br \/>\n<\/strong><a class=\"title\" href=\"https:\/\/www.europasur.es\/deportes\/vela-copa-andalucia-la-linea-linenses-raquel-retamero-maria-corte-campeonas-club-nautico_0_2002664830.html\" target=\"_blank\" rel=\"noopener\" data-artpy=\"0\" data-author=\"Europa Sur\">Las linenses Raquel Retamero y Mar\u00eda de la Corte levantan t\u00edtulos en la Copa de Andaluc\u00eda de ILCA de La L\u00ednea<\/a>-europasur<br \/>\n<a class=\"title\" href=\"https:\/\/www.mundodeportivo.com\/golf\/20241031\/1002344470\/santander-campeonato-espana-profesionales-femenino-duplica-montante-premios.html\" target=\"_blank\" rel=\"noopener\" data-artpy=\"0\" data-author=\"Mundo Deportivo\">El Santander Campeonato de Espa\u00f1a de Profesionales Femenino duplica su montante de premios<\/a>-mundodeportivo<\/p>\n<\/div>\n<\/div>\n<\/div>\n<\/div>\n<div id=\"\" class=\"lsow-panel lsow-active\">\n<h1 class=\"lsow-panel-title\">Estado<\/h1>\n<div class=\"lsow-panel-content\">\n<p><strong>Institucional<br \/>\n<\/strong><a class=\"title\" href=\"https:\/\/www.msn.com\/es-es\/noticias\/internacional\/el-cgpj-elige-a-esther-erice-y-a-esther-rojo-para-el-observatorio-contra-la-violencia-de-la-mujer\/ar-AA1t1L6f?ocid=BingNewsVerp\" target=\"_blank\" rel=\"noopener\" data-artpy=\"0\" data-author=\"El Independiente on MSN\">El CGPJ elige a Esther Erice y a Esther Rojo para el Observatorio contra la Violencia de la Mujer<\/a>-elindependiente<strong><br \/>\n<\/strong><\/p>\n<p><strong>Institucional &#8211; CCAA<br \/>\n<\/strong><a class=\"title\" href=\"https:\/\/www.msn.com\/es-es\/dinero\/formacion-empleo\/la-asociaci%C3%B3n-de-mujeres-empresarias-de-huesca-analiza-la-econom%C3%ADa-de-los-cuidados\/ar-AA1sUW8e?ocid=BingNewsVerp\" target=\"_blank\" rel=\"noopener\" data-artpy=\"0\" data-author=\"Heraldo de Arag\u00f3n on MSN\">La Asociaci\u00f3n de mujeres Empresarias de Huesca analiza la econom\u00eda de los cuidados<\/a>-heraldo<br \/>\n<a class=\"title\" href=\"https:\/\/www.msn.com\/es-es\/dinero\/economia\/las-empresas-de-la-econom%C3%ADa-social-de-cyl-referente-en-igualdad-menor-brecha-salarial-y-acceso-a-puestos-directivos\/ar-AA1t8sel?ocid=BingNewsVerp\" target=\"_blank\" rel=\"noopener\" data-artpy=\"0\" data-author=\"Europa Press on MSN\">Las empresas de la econom\u00eda social de CyL, referente en igualdad, menor brecha salarial y acceso a puestos directivos<\/a>-europapress<br \/>\n<a class=\"title\" href=\"https:\/\/www.msn.com\/es-es\/dinero\/noticias\/iii-foro-de-liderazgo-femenino-aprobados-y-suspensos-en-igualdad-conciliaci%C3%B3n-y-equidad\/ar-AA1tbEHM?ocid=BingNewsVerp\" target=\"_blank\" rel=\"noopener\" data-artpy=\"0\" data-author=\"La Raz\u00f3n on MSN\">III Foro de Liderazgo Femenino: Aprobados y suspensos en igualdad, conciliaci\u00f3n y equidad<\/a>-larazon<br \/>\n<a class=\"title\" href=\"https:\/\/www.eldiariomontanes.es\/culturas\/mujeres-olvidadas-cultura-cantabria-recuperan-espacio-20241030072818-nt.html\" target=\"_blank\" rel=\"noopener\" data-artpy=\"0\" data-author=\"El Diario Monta\u00f1\u00e9s\">Las mujeres olvidadas de la cultura de Cantabria recuperan su espacio<\/a>-eldiariomonta\u00f1es<br \/>\n<a class=\"title\" href=\"https:\/\/www.msn.com\/es-es\/noticias\/other\/el-consell-de-mallorca-reivindica-la-memoria-oral-de-las-mujeres-con-dos-exposiciones-en-la-miseric%C3%B2rdia\/ar-AA1sUXpd?ocid=BingNewsVerp\" target=\"_blank\" rel=\"noopener\" data-artpy=\"0\" data-author=\"Europa Press on MSN\">El Consell de Mallorca reivindica la memoria oral de las mujeres con dos exposiciones en La Miseric\u00f2rdia<\/a>-europapress<\/p>\n<p><strong>Econom\u00eda y Empresa<br \/>\n<\/strong><a class=\"title\" href=\"https:\/\/cadenaser.com\/audio\/1729784923788\/\" target=\"_blank\" rel=\"noopener\" data-artpy=\"0\" data-author=\"Cadena SER\">La econom\u00eda de los cuidados: mujeres que trabajan gratis<\/a>-ser<br \/>\n<a class=\"title\" href=\"https:\/\/dirigentesdigital.com\/funds-markets\/inversion\/si-las-mujeres-invirtieran-la-misma-cantidad-que-los-hombres-el-mercado-creceria-en-32-billones\/\" target=\"_blank\" rel=\"noopener\" data-artpy=\"0\" data-author=\"Dirigentes Digital\">Si las mujeres invirtieran la misma cantidad que los hombres, el mercado crecer\u00eda en 3,2 billones<\/a>-dirigentedigital<br \/>\n<a class=\"title\" href=\"https:\/\/www.mundodeportivo.com\/actualidad\/20241028\/1002339870\/seguridad-social-anuncia-proyecto-repercute-todas-mujeres-viven-espana-finanzas-nmd.html\" target=\"_blank\" rel=\"noopener\" data-artpy=\"0\" data-author=\"Mundo Deportivo\">La Seguridad Social anuncia un proyecto que repercute en todas las mujeres que viven en Espa\u00f1a-<\/a>mundodeportivo<br \/>\n<a class=\"title\" href=\"https:\/\/www.elespanol.com\/mujer\/protagonistas\/20241030\/directora-fabrica-mundo-ines-fernandez-llegue-puesto-atrevi-levante-mano\/897160315_0.html\" target=\"_blank\" rel=\"noopener\" data-artpy=\"0\" data-author=\"ESPA\u00d1OL\">La directora de la &#8216;f\u00e1brica del mundo&#8217;, In\u00e9s Fern\u00e1ndez: \u201cLlegu\u00e9 a este puesto porque me atrev\u00ed y levant\u00e9 la mano\u00bb<\/a>-elespa\u00f1ol<\/p>\n<p><strong>Actualidad<br \/>\n<\/strong><a class=\"title\" href=\"https:\/\/www.europapress.es\/chance\/lifestyle\/noticia-hipergamia-moderna-mujer-empoderada-redefine-valores-metas-comunes-busca-pareja-20241030132730.html\" target=\"_blank\" rel=\"noopener\" data-artpy=\"0\" data-author=\"Europa Press\">Hipergamia Moderna, la mujer empoderada redefine qu\u00e9 valores y metas comunes busca en una pareja<\/a>-europapress<br \/>\n<a class=\"title\" href=\"https:\/\/www.msn.com\/es-es\/estilo\/other\/el-s%C3%ADndrome-maripili-la-obsesi%C3%B3n-por-ser-aceptada-y-valorada\/ar-AA1tborp?ocid=BingNewsVerp\" target=\"_blank\" rel=\"noopener\" data-artpy=\"0\" data-author=\"20 minutos on MSN\">El &#8216;s\u00edndrome Maripili&#8217;: la obsesi\u00f3n por ser aceptada y valorada<\/a>-20minutos<br \/>\n<a class=\"title\" href=\"https:\/\/www.cuatro.com\/noticias\/sociedad\/20241026\/ultima-chica-del-cable-magdalena-martin_18_013830788.html\" target=\"_blank\" rel=\"noopener\" data-artpy=\"0\" data-author=\"Cuatro\">La historia de Magdalena Mart\u00edn, la ultima chica del cable de Espa\u00f1a<\/a>-cuatro<br \/>\n<a class=\"title\" href=\"https:\/\/cadenaser.com\/aragon\/2024\/10\/29\/el-punto-critico-de-natalia-salvo-lo-que-diferencia-a-unas-organizaciones-de-otras-no-es-el-numero-de-machistas-sino-el-de-feministas-radio-zaragoza\/\" target=\"_blank\" rel=\"noopener\" data-artpy=\"0\" data-author=\"Cadena SER\">El Punto Cr\u00edtico, de Natalia Salvo: \u00abLo que diferencia a unas organizaciones de otras no es el n\u00famero de machistas, sino el de<\/a>&#8230;-ser<\/p>\n<p><strong>Violencias<br \/>\n<\/strong><a class=\"title\" href=\"https:\/\/www.msn.com\/es-es\/noticias\/internacional\/igualdad-estima-que-al-menos-un-24-de-las-mujeres-que-ejercen-la-prostituci%C3%B3n-est%C3%A1n-en-riesgo-de-explotaci%C3%B3n-sexual\/ar-AA1tcPdx?ocid=BingNewsVerp\" target=\"_blank\" rel=\"noopener\" data-artpy=\"0\" data-author=\"eldiario.es on MSN\">Igualdad estima que al menos un 24% de las mujeres que ejercen la prostituci\u00f3n est\u00e1n en riesgo de explotaci\u00f3n sexual<\/a>-eldiario<br \/>\n<a class=\"title\" href=\"https:\/\/www.elperiodico.com\/es\/politica\/20241027\/nuria-parlon-comisaria-mujer-mossos-violencia-machista-entrevista-consellera-110398760\" target=\"_blank\" rel=\"noopener\" data-artpy=\"0\" data-author=\"El Peri\u00f3dico\">N\u00faria Parlon: \u00abLa &#8216;comisar\u00eda de la mujer&#8217; permitir\u00e1 un abordaje integral de la violencia de g\u00e9nero\u00bb<\/a>-elperiodico<br \/>\n<a class=\"title\" href=\"https:\/\/www.elespanol.com\/castilla-y-leon\/region\/zamora\/20241028\/igualdad-genero-estudio-chicas-reciben-chantajes-difundir-contenido-sexual\/896910462_0.html\" target=\"_blank\" rel=\"noopener\" data-artpy=\"0\" data-author=\"ESPA\u00d1OL\">La igualdad de g\u00e9nero bajo estudio: el 43% de las chicas reciben chantajes para difundir contenido sexual<\/a>-elperiodico<\/p>\n<p><strong>Ciencia y Cultura<br \/>\n<\/strong><a class=\"title\" href=\"https:\/\/www.rtve.es\/television\/20241028\/anna-surinyach-fotografa-documental-donde-vivi-mas-machismo-fue-espana\/16297613.shtml\" target=\"_blank\" rel=\"noopener\" data-artpy=\"0\" data-author=\"RTVE\">Anna Surinyach, fot\u00f3grafa documental: \u00abDonde viv\u00ed m\u00e1s machismo fue en Espa\u00f1a\u00bb<\/a>-rtve<br \/>\n<a class=\"title\" href=\"https:\/\/cadenaser.com\/aragon\/2024\/10\/29\/la-sociologa-maria-angeles-duran-analiza-en-el-campus-de-huesca-la-economia-de-los-cuidados-radio-huesca\/\" target=\"_blank\" rel=\"noopener\" data-artpy=\"0\" data-author=\"Cadena SER\">La soci\u00f3loga Mar\u00eda Angeles Dur\u00e1n analiza en el Campus de Huesca la &#8216;econom\u00eda de los cuidados&#8217;<\/a>-cadenaser<br \/>\n<a class=\"title\" href=\"https:\/\/www.diariodelaltoaragon.es\/noticias\/cultura\/2024\/10\/28\/isabel-ortega-no-puedes-analizar-una-sociedad-sin-la-diferencia-entre-hombres-y-mujeres-1773238-daa.html\" target=\"_blank\" rel=\"noopener\" data-artpy=\"0\" data-author=\"Diaro del Alto Arag\u00f3n\">Isabel Ortega: \u00abNo puedes analizar una sociedad sin la diferencia entre hombres y mujeres\u00bb<\/a>-diarioaltoaragon<br \/>\n<a class=\"title\" href=\"https:\/\/www.msn.com\/es-es\/noticias\/internacional\/cristina-guirao-soci%C3%B3loga-la-producci%C3%B3n-cultural-de-la-mujer-es-una-m%C3%A1quina-de-combate\/ar-AA1t6CXr?ocid=BingNewsVerp\" target=\"_blank\" rel=\"noopener\" data-artpy=\"0\" data-author=\"eldiario.es on MSN\">Cristina Guirao, soci\u00f3loga: \u201cLa producci\u00f3n cultural de la mujer es una m\u00e1quina de combate\u201d<\/a>-eldiario<br \/>\n<a class=\"title\" href=\"https:\/\/www.infobae.com\/cultura\/2024\/10\/28\/vanguardistas-disruptivas-y-audaces-un-ciclo-revaloriza-la-obra-de-mujeres-destacadas-del-siglo-xx\/\" target=\"_blank\" rel=\"noopener\" data-artpy=\"0\" data-author=\"Infobae\">Vanguardistas, disruptivas y audaces: un ciclo revaloriza la obra de mujeres destacadas del siglo XX<\/a>-infobae<br \/>\n<a class=\"title\" href=\"https:\/\/www.diariodepontevedra.es\/articulo\/cultura\/paula-ortiz\/202410310855341327005.html\" target=\"_blank\" rel=\"noopener\" data-artpy=\"0\" data-author=\"diariodepontevedra\">Paula Ortiz: \u00abLa representaci\u00f3n femenina necesita todav\u00eda de discusi\u00f3n\u00bb<\/a>-diariodepontevedra<br \/>\n<a class=\"title\" href=\"https:\/\/theobjective.com\/cultura\/cine\/2024-10-29\/festival-cine-por-mujeres-madrid\/\" target=\"_blank\" rel=\"noopener\" data-artpy=\"0\" data-author=\"The Objective\">El Festival de Cine por Mujeres reunir\u00e1 74 t\u00edtulos de 28 pa\u00edses en su VII edici\u00f3n en Madrid<\/a>-theobjective<strong><br \/>\n<\/strong><\/p>\n<p><strong>Deporte<br \/>\n<\/strong><a class=\"title\" href=\"https:\/\/www.laverdad.es\/deportes\/futbol\/segundo-balon-oro-aitana-bonmati-prolonga-hegemonia-20241028221405-ntrc.html\" target=\"_blank\" rel=\"noopener\" data-artpy=\"0\" data-author=\"laverdad\">El segundo Bal\u00f3n de Oro de Aitana Bonmat\u00ed prolonga la hegemon\u00eda en el f\u00fatbol femenino espa\u00f1ol<\/a>-laverdad<br \/>\n<a class=\"title\" href=\"https:\/\/www.telecinco.es\/noticias\/deportes\/20241028\/jenni-hermoso-trofeo-socrates-balon-oro_18_013849982.html\" target=\"_blank\" rel=\"noopener\" data-artpy=\"0\" data-author=\"TeleCinco\">Jenni Hermoso recibe el Trofeo S\u00f3crates: \u00abVoy a seguir siendo valiente por todas las mujeres\u00bb<\/a>-telecinco<strong><br \/>\n<\/strong><a class=\"title\" href=\"https:\/\/www.elperiodico.com\/es\/deporte-femenino\/20241030\/futbol-femenino-firma-nuevo-convenio-110886230\" target=\"_blank\" rel=\"noopener\" data-artpy=\"0\" data-author=\"El Peri\u00f3dico\">El f\u00fatbol femenino firma su nuevo convenio no exento de pol\u00e9mica<\/a>-elperiodico<br \/>\n<a class=\"title\" href=\"https:\/\/www.eldesmarque.com\/otros-deportes\/20241026\/susana-rodriguez-privilegiada-evolucion-deporte-femenino_300480064.html\" target=\"_blank\" rel=\"noopener\" data-artpy=\"0\" data-author=\"eldesmarque\">Susana Rodr\u00edguez se siente una privilegiada y remarca los pasos que ha dado el deporte femenino: \u201cNo me puedo quejar\u201d<\/a>-eldesmarque<\/p>\n<\/div>\n<\/div>\n<div id=\"\" class=\"lsow-panel lsow-active\">\n<h1 class=\"lsow-panel-title\">Internacional<\/h1>\n<div class=\"lsow-panel-content\">\n<p><a class=\"title\" href=\"https:\/\/www.msn.com\/es-es\/dinero\/economia\/el-banco-mundial-pone-en-marcha-una-nueva-estrategia-para-impulsar-las-oportunidades-econ%C3%B3micas-de-las-mujeres\/ar-AA1sTELJ?ocid=BingNewsVerp\" target=\"_blank\" rel=\"noopener\" data-artpy=\"0\" data-author=\"MSN\">El Banco Mundial pone en marcha una nueva estrategia para impulsar las oportunidades econ\u00f3micas de las mujeres<\/a>-reuters<br \/>\n<a class=\"title\" href=\"https:\/\/www.diariodesevilla.es\/empresas-al-dia\/onu-estudia-peso-laboral-mujer_0_2002673854.html\" target=\"_blank\" rel=\"noopener\" data-artpy=\"0\" data-author=\"Diario de Sevilla\">La ONU estudia el peso laboral de la mujer en el sector del turismo<\/a>-diariodesevilla<br \/>\n<a class=\"title\" href=\"https:\/\/www.las2orillas.co\/cesa-crea-primer-programa-academico-para-formar-nuevas-generaciones-de-mujeres-lideres-del-pais\/\" target=\"_blank\" rel=\"noopener\" data-artpy=\"0\" data-author=\"Las2orillas\">CESA crea primer programa acad\u00e9mico para formar nuevas generaciones de mujeres l\u00edderes del pa\u00eds<\/a>-las2orillas<br \/>\n<a class=\"title\" href=\"https:\/\/cadenaser.com\/nacional\/2024\/10\/27\/kamala-harris-y-michelle-obama-se-alian-para-advertir-sobre-el-peligro-de-elegir-a-trump-cadena-ser\/\" target=\"_blank\" rel=\"noopener\" data-artpy=\"0\" data-author=\"Cadena SER\">Kamala Harris y Michelle Obama se al\u00edan para advertir sobre el peligro de elegir a Trump<\/a>-ser<br \/>\n<a class=\"title\" href=\"https:\/\/www.larazon.es\/internacional\/economia-aborto-movilizan-votantes_202410246719aa2dd8f8950001cdb3d7.html\" target=\"_blank\" rel=\"noopener\" data-artpy=\"0\" data-author=\"La Raz\u00f3n Digital\">La econom\u00eda y el aborto movilizan a los votantes en EE UU<\/a>-larazon<br \/>\n<a class=\"title\" href=\"https:\/\/www.msn.com\/es-mx\/noticias\/virales\/en-jap%C3%B3n-la-literatura-de-ficci%C3%B3n-naci%C3%B3-de-la-mano-de-las-mujeres-mari%C3%A1n-bango-editora\/ar-AA1sYqgx?ocid=BingNewsVerp\" target=\"_blank\" rel=\"noopener\" data-artpy=\"0\" data-author=\"Milenio.com on MSN\">\u201cEn Jap\u00f3n, la literatura de ficci\u00f3n naci\u00f3 de la mano de las mujeres\u201d: Mari\u00e1n Bango, editora<\/a>-milenio<br \/>\n<a class=\"title\" href=\"https:\/\/www.msn.com\/es-es\/deportes\/futbol\/la-uefa-lanza-su-hoja-de-ruta-unstoppable-para-liberar-todo-el-potencial-del-f%C3%BAtbol-femenino\/ar-AA1td4gu?ocid=BingNewsVerp\" target=\"_blank\" rel=\"noopener\" data-artpy=\"0\" data-author=\"Europa Press on MSN\">UEFA lanza &#8216;Unstoppable&#8217;, su \u00abhoja de ruta\u00bb para \u00abliberar todo el potencial del f\u00fatbol femenino\u00bb<\/a>-europapress<\/p>\n<\/div>\n<\/div>\n<\/div><\/div><\/div><\/div><\/div>\n","protected":false},"excerpt":{"rendered":"<p>El CGPJ elige a Esther Erice y a Esther Rojo para el Observatorio contra la Violencia de la Mujer * La econom\u00eda de los cuidados: mujeres que trabajan gratis * El s\u00edndrome Maripili: la obsesi\u00f3n por ser aceptada y valorada * El 43% de las chicas reciben chantajes para difundir contenido sexual<\/p>\n","protected":false},"author":3,"featured_media":22909,"comment_status":"closed","ping_status":"closed","sticky":false,"template":"","format":"standard","meta":{"footnotes":""},"categories":[298,654],"tags":[331,277],"class_list":["post-22118","post","type-post","status-publish","format-standard","has-post-thumbnail","hentry","category-newsletter","category-nwl-v-4-0","tag-economia-de-los-cuidados","tag-prostitucion"],"yoast_head":"<!-- This site is optimized with the Yoast SEO plugin v27.5 - https:\/\/yoast.com\/product\/yoast-seo-wordpress\/ -->\n<title>Noticias Info CKL n\u00ba 2900-31\/10\/24-Comunicar con perspectiva de g\u00e9nero<\/title>\n<meta name=\"description\" content=\"Noticias Info CKL n\u00ba 2900-31\/10\/24 El CGPJ elige a Esther Erice y a Esther Rojo para el Observatorio contra la Violencia de la Mujer * La econom\u00eda de los cuidados: mujeres que trabajan gratis * El s\u00edndrome Maripili: la obsesi\u00f3n por ser aceptada y valorada * El 43% de las chicas reciben chantajes para difundir contenido sexual\" \/>\n<meta name=\"robots\" content=\"index, follow, max-snippet:-1, max-image-preview:large, max-video-preview:-1\" \/>\n<link rel=\"canonical\" href=\"https:\/\/cklcomunicaciones.es\/coop\/noticias-info-ckl-no-2900-31-10-24\/\" \/>\n<meta property=\"og:locale\" content=\"es_ES\" \/>\n<meta property=\"og:type\" content=\"article\" \/>\n<meta property=\"og:title\" content=\"Noticias Info CKL n\u00ba 2900-31\/10\/24-Comunicar con perspectiva de g\u00e9nero\" \/>\n<meta property=\"og:description\" content=\"Noticias Info CKL n\u00ba 2900-31\/10\/24 El CGPJ elige a Esther Erice y a Esther Rojo para el Observatorio contra la Violencia de la Mujer * La econom\u00eda de los cuidados: mujeres que trabajan gratis * El s\u00edndrome Maripili: la obsesi\u00f3n por ser aceptada y valorada * El 43% de las chicas reciben chantajes para difundir contenido sexual\" \/>\n<meta property=\"og:url\" content=\"https:\/\/cklcomunicaciones.es\/coop\/noticias-info-ckl-no-2900-31-10-24\/\" \/>\n<meta property=\"og:site_name\" content=\"CKL Comunicaciones\" \/>\n<meta property=\"article:published_time\" content=\"2024-10-31T17:52:37+00:00\" \/>\n<meta property=\"article:modified_time\" content=\"2025-02-11T14:28:30+00:00\" \/>\n<meta property=\"og:image\" content=\"https:\/\/cklcomunicaciones.es\/coop\/wp-content\/uploads\/2025\/01\/CKL-una-mirada-distinta-de-la-comunicacion.jpg\" \/>\n\t<meta property=\"og:image:width\" content=\"1482\" \/>\n\t<meta property=\"og:image:height\" content=\"775\" \/>\n\t<meta property=\"og:image:type\" content=\"image\/jpeg\" \/>\n<meta name=\"author\" content=\"ckl\" \/>\n<meta name=\"twitter:card\" content=\"summary_large_image\" \/>\n<meta name=\"twitter:label1\" content=\"Escrito por\" \/>\n\t<meta name=\"twitter:data1\" content=\"ckl\" \/>\n\t<meta name=\"twitter:label2\" content=\"Tiempo de lectura\" \/>\n\t<meta name=\"twitter:data2\" content=\"8 minutos\" \/>\n<script type=\"application\/ld+json\" class=\"yoast-schema-graph\">{\"@context\":\"https:\\\/\\\/schema.org\",\"@graph\":[{\"@type\":\"Article\",\"@id\":\"https:\\\/\\\/cklcomunicaciones.es\\\/coop\\\/noticias-info-ckl-no-2900-31-10-24\\\/#article\",\"isPartOf\":{\"@id\":\"https:\\\/\\\/cklcomunicaciones.es\\\/coop\\\/noticias-info-ckl-no-2900-31-10-24\\\/\"},\"author\":{\"name\":\"ckl\",\"@id\":\"https:\\\/\\\/cklcomunicaciones.es\\\/coop\\\/#\\\/schema\\\/person\\\/929a6837f7626450bbb50cee1aef266e\"},\"headline\":\"Noticias Info CKL n\u00ba 2900-31\\\/10\\\/24\",\"datePublished\":\"2024-10-31T17:52:37+00:00\",\"dateModified\":\"2025-02-11T14:28:30+00:00\",\"mainEntityOfPage\":{\"@id\":\"https:\\\/\\\/cklcomunicaciones.es\\\/coop\\\/noticias-info-ckl-no-2900-31-10-24\\\/\"},\"wordCount\":1597,\"image\":{\"@id\":\"https:\\\/\\\/cklcomunicaciones.es\\\/coop\\\/noticias-info-ckl-no-2900-31-10-24\\\/#primaryimage\"},\"thumbnailUrl\":\"https:\\\/\\\/cklcomunicaciones.es\\\/coop\\\/wp-content\\\/uploads\\\/2025\\\/01\\\/CKL-una-mirada-distinta-de-la-comunicacion.jpg\",\"keywords\":[\"econom\u00eda de los cuidados\",\"prostituci\u00f3n\"],\"articleSection\":[\"Newsletter\",\"Nwl v.4.0\"],\"inLanguage\":\"es\"},{\"@type\":\"WebPage\",\"@id\":\"https:\\\/\\\/cklcomunicaciones.es\\\/coop\\\/noticias-info-ckl-no-2900-31-10-24\\\/\",\"url\":\"https:\\\/\\\/cklcomunicaciones.es\\\/coop\\\/noticias-info-ckl-no-2900-31-10-24\\\/\",\"name\":\"Noticias Info CKL n\u00ba 2900-31\\\/10\\\/24-Comunicar con perspectiva de g\u00e9nero\",\"isPartOf\":{\"@id\":\"https:\\\/\\\/cklcomunicaciones.es\\\/coop\\\/#website\"},\"primaryImageOfPage\":{\"@id\":\"https:\\\/\\\/cklcomunicaciones.es\\\/coop\\\/noticias-info-ckl-no-2900-31-10-24\\\/#primaryimage\"},\"image\":{\"@id\":\"https:\\\/\\\/cklcomunicaciones.es\\\/coop\\\/noticias-info-ckl-no-2900-31-10-24\\\/#primaryimage\"},\"thumbnailUrl\":\"https:\\\/\\\/cklcomunicaciones.es\\\/coop\\\/wp-content\\\/uploads\\\/2025\\\/01\\\/CKL-una-mirada-distinta-de-la-comunicacion.jpg\",\"datePublished\":\"2024-10-31T17:52:37+00:00\",\"dateModified\":\"2025-02-11T14:28:30+00:00\",\"author\":{\"@id\":\"https:\\\/\\\/cklcomunicaciones.es\\\/coop\\\/#\\\/schema\\\/person\\\/929a6837f7626450bbb50cee1aef266e\"},\"description\":\"Noticias Info CKL n\u00ba 2900-31\\\/10\\\/24 El CGPJ elige a Esther Erice y a Esther Rojo para el Observatorio contra la Violencia de la Mujer * La econom\u00eda de los cuidados: mujeres que trabajan gratis * El s\u00edndrome Maripili: la obsesi\u00f3n por ser aceptada y valorada * El 43% de las chicas reciben chantajes para difundir contenido sexual\",\"breadcrumb\":{\"@id\":\"https:\\\/\\\/cklcomunicaciones.es\\\/coop\\\/noticias-info-ckl-no-2900-31-10-24\\\/#breadcrumb\"},\"inLanguage\":\"es\",\"potentialAction\":[{\"@type\":\"ReadAction\",\"target\":[\"https:\\\/\\\/cklcomunicaciones.es\\\/coop\\\/noticias-info-ckl-no-2900-31-10-24\\\/\"]}]},{\"@type\":\"ImageObject\",\"inLanguage\":\"es\",\"@id\":\"https:\\\/\\\/cklcomunicaciones.es\\\/coop\\\/noticias-info-ckl-no-2900-31-10-24\\\/#primaryimage\",\"url\":\"https:\\\/\\\/cklcomunicaciones.es\\\/coop\\\/wp-content\\\/uploads\\\/2025\\\/01\\\/CKL-una-mirada-distinta-de-la-comunicacion.jpg\",\"contentUrl\":\"https:\\\/\\\/cklcomunicaciones.es\\\/coop\\\/wp-content\\\/uploads\\\/2025\\\/01\\\/CKL-una-mirada-distinta-de-la-comunicacion.jpg\",\"width\":1482,\"height\":775,\"caption\":\"CKL - una mirada distinta de la comunicacion\"},{\"@type\":\"BreadcrumbList\",\"@id\":\"https:\\\/\\\/cklcomunicaciones.es\\\/coop\\\/noticias-info-ckl-no-2900-31-10-24\\\/#breadcrumb\",\"itemListElement\":[{\"@type\":\"ListItem\",\"position\":1,\"name\":\"Portada\",\"item\":\"https:\\\/\\\/cklcomunicaciones.es\\\/coop\\\/\"},{\"@type\":\"ListItem\",\"position\":2,\"name\":\"Noticias Info CKL n\u00ba 2900-31\\\/10\\\/24\"}]},{\"@type\":\"WebSite\",\"@id\":\"https:\\\/\\\/cklcomunicaciones.es\\\/coop\\\/#website\",\"url\":\"https:\\\/\\\/cklcomunicaciones.es\\\/coop\\\/\",\"name\":\"CKL Comunicaciones\",\"description\":\"Sitio web de CKL Comunicaciones coop , la consultora de comunicaci\u00f3n y estrategia\",\"potentialAction\":[{\"@type\":\"SearchAction\",\"target\":{\"@type\":\"EntryPoint\",\"urlTemplate\":\"https:\\\/\\\/cklcomunicaciones.es\\\/coop\\\/?s={search_term_string}\"},\"query-input\":{\"@type\":\"PropertyValueSpecification\",\"valueRequired\":true,\"valueName\":\"search_term_string\"}}],\"inLanguage\":\"es\"},{\"@type\":\"Person\",\"@id\":\"https:\\\/\\\/cklcomunicaciones.es\\\/coop\\\/#\\\/schema\\\/person\\\/929a6837f7626450bbb50cee1aef266e\",\"name\":\"ckl\",\"image\":{\"@type\":\"ImageObject\",\"inLanguage\":\"es\",\"@id\":\"https:\\\/\\\/secure.gravatar.com\\\/avatar\\\/c82db564e8a669bf6023357a157b9dc4780f4d4c618f2ad1d71a6a5dede45057?s=96&d=mm&r=g\",\"url\":\"https:\\\/\\\/secure.gravatar.com\\\/avatar\\\/c82db564e8a669bf6023357a157b9dc4780f4d4c618f2ad1d71a6a5dede45057?s=96&d=mm&r=g\",\"contentUrl\":\"https:\\\/\\\/secure.gravatar.com\\\/avatar\\\/c82db564e8a669bf6023357a157b9dc4780f4d4c618f2ad1d71a6a5dede45057?s=96&d=mm&r=g\",\"caption\":\"ckl\"},\"url\":\"https:\\\/\\\/cklcomunicaciones.es\\\/coop\\\/author\\\/cklcomunicaciones\\\/\"}]}<\/script>\n<!-- \/ Yoast SEO plugin. -->","yoast_head_json":{"title":"Noticias Info CKL n\u00ba 2900-31\/10\/24-Comunicar con perspectiva de g\u00e9nero","description":"Noticias Info CKL n\u00ba 2900-31\/10\/24 El CGPJ elige a Esther Erice y a Esther Rojo para el Observatorio contra la Violencia de la Mujer * La econom\u00eda de los cuidados: mujeres que trabajan gratis * El s\u00edndrome Maripili: la obsesi\u00f3n por ser aceptada y valorada * El 43% de las chicas reciben chantajes para difundir contenido sexual","robots":{"index":"index","follow":"follow","max-snippet":"max-snippet:-1","max-image-preview":"max-image-preview:large","max-video-preview":"max-video-preview:-1"},"canonical":"https:\/\/cklcomunicaciones.es\/coop\/noticias-info-ckl-no-2900-31-10-24\/","og_locale":"es_ES","og_type":"article","og_title":"Noticias Info CKL n\u00ba 2900-31\/10\/24-Comunicar con perspectiva de g\u00e9nero","og_description":"Noticias Info CKL n\u00ba 2900-31\/10\/24 El CGPJ elige a Esther Erice y a Esther Rojo para el Observatorio contra la Violencia de la Mujer * La econom\u00eda de los cuidados: mujeres que trabajan gratis * El s\u00edndrome Maripili: la obsesi\u00f3n por ser aceptada y valorada * El 43% de las chicas reciben chantajes para difundir contenido sexual","og_url":"https:\/\/cklcomunicaciones.es\/coop\/noticias-info-ckl-no-2900-31-10-24\/","og_site_name":"CKL Comunicaciones","article_published_time":"2024-10-31T17:52:37+00:00","article_modified_time":"2025-02-11T14:28:30+00:00","og_image":[{"width":1482,"height":775,"url":"https:\/\/cklcomunicaciones.es\/coop\/wp-content\/uploads\/2025\/01\/CKL-una-mirada-distinta-de-la-comunicacion.jpg","type":"image\/jpeg"}],"author":"ckl","twitter_card":"summary_large_image","twitter_misc":{"Escrito por":"ckl","Tiempo de lectura":"8 minutos"},"schema":{"@context":"https:\/\/schema.org","@graph":[{"@type":"Article","@id":"https:\/\/cklcomunicaciones.es\/coop\/noticias-info-ckl-no-2900-31-10-24\/#article","isPartOf":{"@id":"https:\/\/cklcomunicaciones.es\/coop\/noticias-info-ckl-no-2900-31-10-24\/"},"author":{"name":"ckl","@id":"https:\/\/cklcomunicaciones.es\/coop\/#\/schema\/person\/929a6837f7626450bbb50cee1aef266e"},"headline":"Noticias Info CKL n\u00ba 2900-31\/10\/24","datePublished":"2024-10-31T17:52:37+00:00","dateModified":"2025-02-11T14:28:30+00:00","mainEntityOfPage":{"@id":"https:\/\/cklcomunicaciones.es\/coop\/noticias-info-ckl-no-2900-31-10-24\/"},"wordCount":1597,"image":{"@id":"https:\/\/cklcomunicaciones.es\/coop\/noticias-info-ckl-no-2900-31-10-24\/#primaryimage"},"thumbnailUrl":"https:\/\/cklcomunicaciones.es\/coop\/wp-content\/uploads\/2025\/01\/CKL-una-mirada-distinta-de-la-comunicacion.jpg","keywords":["econom\u00eda de los cuidados","prostituci\u00f3n"],"articleSection":["Newsletter","Nwl v.4.0"],"inLanguage":"es"},{"@type":"WebPage","@id":"https:\/\/cklcomunicaciones.es\/coop\/noticias-info-ckl-no-2900-31-10-24\/","url":"https:\/\/cklcomunicaciones.es\/coop\/noticias-info-ckl-no-2900-31-10-24\/","name":"Noticias Info CKL n\u00ba 2900-31\/10\/24-Comunicar con perspectiva de g\u00e9nero","isPartOf":{"@id":"https:\/\/cklcomunicaciones.es\/coop\/#website"},"primaryImageOfPage":{"@id":"https:\/\/cklcomunicaciones.es\/coop\/noticias-info-ckl-no-2900-31-10-24\/#primaryimage"},"image":{"@id":"https:\/\/cklcomunicaciones.es\/coop\/noticias-info-ckl-no-2900-31-10-24\/#primaryimage"},"thumbnailUrl":"https:\/\/cklcomunicaciones.es\/coop\/wp-content\/uploads\/2025\/01\/CKL-una-mirada-distinta-de-la-comunicacion.jpg","datePublished":"2024-10-31T17:52:37+00:00","dateModified":"2025-02-11T14:28:30+00:00","author":{"@id":"https:\/\/cklcomunicaciones.es\/coop\/#\/schema\/person\/929a6837f7626450bbb50cee1aef266e"},"description":"Noticias Info CKL n\u00ba 2900-31\/10\/24 El CGPJ elige a Esther Erice y a Esther Rojo para el Observatorio contra la Violencia de la Mujer * La econom\u00eda de los cuidados: mujeres que trabajan gratis * El s\u00edndrome Maripili: la obsesi\u00f3n por ser aceptada y valorada * El 43% de las chicas reciben chantajes para difundir contenido sexual","breadcrumb":{"@id":"https:\/\/cklcomunicaciones.es\/coop\/noticias-info-ckl-no-2900-31-10-24\/#breadcrumb"},"inLanguage":"es","potentialAction":[{"@type":"ReadAction","target":["https:\/\/cklcomunicaciones.es\/coop\/noticias-info-ckl-no-2900-31-10-24\/"]}]},{"@type":"ImageObject","inLanguage":"es","@id":"https:\/\/cklcomunicaciones.es\/coop\/noticias-info-ckl-no-2900-31-10-24\/#primaryimage","url":"https:\/\/cklcomunicaciones.es\/coop\/wp-content\/uploads\/2025\/01\/CKL-una-mirada-distinta-de-la-comunicacion.jpg","contentUrl":"https:\/\/cklcomunicaciones.es\/coop\/wp-content\/uploads\/2025\/01\/CKL-una-mirada-distinta-de-la-comunicacion.jpg","width":1482,"height":775,"caption":"CKL - una mirada distinta de la comunicacion"},{"@type":"BreadcrumbList","@id":"https:\/\/cklcomunicaciones.es\/coop\/noticias-info-ckl-no-2900-31-10-24\/#breadcrumb","itemListElement":[{"@type":"ListItem","position":1,"name":"Portada","item":"https:\/\/cklcomunicaciones.es\/coop\/"},{"@type":"ListItem","position":2,"name":"Noticias Info CKL n\u00ba 2900-31\/10\/24"}]},{"@type":"WebSite","@id":"https:\/\/cklcomunicaciones.es\/coop\/#website","url":"https:\/\/cklcomunicaciones.es\/coop\/","name":"CKL Comunicaciones","description":"Sitio web de CKL Comunicaciones coop , la consultora de comunicaci\u00f3n y estrategia","potentialAction":[{"@type":"SearchAction","target":{"@type":"EntryPoint","urlTemplate":"https:\/\/cklcomunicaciones.es\/coop\/?s={search_term_string}"},"query-input":{"@type":"PropertyValueSpecification","valueRequired":true,"valueName":"search_term_string"}}],"inLanguage":"es"},{"@type":"Person","@id":"https:\/\/cklcomunicaciones.es\/coop\/#\/schema\/person\/929a6837f7626450bbb50cee1aef266e","name":"ckl","image":{"@type":"ImageObject","inLanguage":"es","@id":"https:\/\/secure.gravatar.com\/avatar\/c82db564e8a669bf6023357a157b9dc4780f4d4c618f2ad1d71a6a5dede45057?s=96&d=mm&r=g","url":"https:\/\/secure.gravatar.com\/avatar\/c82db564e8a669bf6023357a157b9dc4780f4d4c618f2ad1d71a6a5dede45057?s=96&d=mm&r=g","contentUrl":"https:\/\/secure.gravatar.com\/avatar\/c82db564e8a669bf6023357a157b9dc4780f4d4c618f2ad1d71a6a5dede45057?s=96&d=mm&r=g","caption":"ckl"},"url":"https:\/\/cklcomunicaciones.es\/coop\/author\/cklcomunicaciones\/"}]}},"_links":{"self":[{"href":"https:\/\/cklcomunicaciones.es\/coop\/wp-json\/wp\/v2\/posts\/22118","targetHints":{"allow":["GET"]}}],"collection":[{"href":"https:\/\/cklcomunicaciones.es\/coop\/wp-json\/wp\/v2\/posts"}],"about":[{"href":"https:\/\/cklcomunicaciones.es\/coop\/wp-json\/wp\/v2\/types\/post"}],"author":[{"embeddable":true,"href":"https:\/\/cklcomunicaciones.es\/coop\/wp-json\/wp\/v2\/users\/3"}],"replies":[{"embeddable":true,"href":"https:\/\/cklcomunicaciones.es\/coop\/wp-json\/wp\/v2\/comments?post=22118"}],"version-history":[{"count":0,"href":"https:\/\/cklcomunicaciones.es\/coop\/wp-json\/wp\/v2\/posts\/22118\/revisions"}],"wp:featuredmedia":[{"embeddable":true,"href":"https:\/\/cklcomunicaciones.es\/coop\/wp-json\/wp\/v2\/media\/22909"}],"wp:attachment":[{"href":"https:\/\/cklcomunicaciones.es\/coop\/wp-json\/wp\/v2\/media?parent=22118"}],"wp:term":[{"taxonomy":"category","embeddable":true,"href":"https:\/\/cklcomunicaciones.es\/coop\/wp-json\/wp\/v2\/categories?post=22118"},{"taxonomy":"post_tag","embeddable":true,"href":"https:\/\/cklcomunicaciones.es\/coop\/wp-json\/wp\/v2\/tags?post=22118"}],"curies":[{"name":"wp","href":"https:\/\/api.w.org\/{rel}","templated":true}]}}