{"id":22116,"date":"2024-10-18T19:28:23","date_gmt":"2024-10-18T17:28:23","guid":{"rendered":"https:\/\/www.cklcomunicaciones.es\/?p=21337"},"modified":"2025-02-11T15:17:10","modified_gmt":"2025-02-11T14:17:10","slug":"noticias-info-ckl-no-2898-18-10-24","status":"publish","type":"post","link":"https:\/\/cklcomunicaciones.es\/coop\/noticias-info-ckl-no-2898-18-10-24\/","title":{"rendered":"Noticias Info CKL n\u00ba 2898-18\/10\/24"},"content":{"rendered":"<div class=\"fusion-fullwidth fullwidth-box fusion-builder-row-1 fusion-flex-container nonhundred-percent-fullwidth non-hundred-percent-height-scrolling\" style=\"--awb-border-radius-top-left:0px;--awb-border-radius-top-right:0px;--awb-border-radius-bottom-right:0px;--awb-border-radius-bottom-left:0px;--awb-flex-wrap:wrap;\" ><div class=\"fusion-builder-row fusion-row fusion-flex-align-items-flex-start fusion-flex-content-wrap\" style=\"max-width:1248px;margin-left: calc(-4% \/ 2 );margin-right: calc(-4% \/ 2 );\"><div class=\"fusion-layout-column fusion_builder_column fusion-builder-column-0 fusion_builder_column_1_1 1_1 fusion-flex-column\" style=\"--awb-bg-blend:overlay;--awb-bg-size:cover;--awb-width-large:100%;--awb-margin-top-large:0px;--awb-spacing-right-large:1.92%;--awb-margin-bottom-large:0px;--awb-spacing-left-large:1.92%;--awb-width-medium:100%;--awb-spacing-right-medium:1.92%;--awb-spacing-left-medium:1.92%;--awb-width-small:100%;--awb-spacing-right-small:1.92%;--awb-spacing-left-small:1.92%;\"><div class=\"fusion-column-wrapper fusion-flex-justify-content-flex-start fusion-content-layout-column\"><div class=\"fusion-text fusion-text-1\"><h1>Recomendaciones<\/h1>\n<div id=\"\" class=\"lsow-panel lsow-active\">\n<div class=\"lsow-panel-content\">\n<ul>\n<li dir=\"auto\"><a href=\"https:\/\/wecoop.es\/ya-eres-wecoop-mujeres-ess\/\">Newsletter \u00bfYe eres de WeCoop?.\u00a0<\/a><a href=\"https:\/\/wecoop.es\/\" target=\"_blank\" rel=\"noopener\"><span class=\"html-span xdj266r x11i5rnm xat24cr x1mh8g0r xexx8yu x4uap5 x18d9i69 xkhd6sd x1hl2dhg x16tdsg8 x1vvkbs\">WeCoop<\/span><\/a>\u00a0es la plataforma abierta que da soporte a la comunidad de las mujeres de la econom\u00eda social y solidaria (ESS) en Espa\u00f1a \u00a1\u00danete a nuestra Comunidad!<\/li>\n<\/ul>\n<\/div>\n<\/div>\n<div id=\"\" class=\"lsow-panel lsow-active\">\n<h1 class=\"lsow-panel-title\">Convocatorias<\/h1>\n<div class=\"lsow-panel-content\">\n<ul>\n<li class=\"hP\" tabindex=\"-1\" data-thread-perm-id=\"thread-f:1813154172386026063\" data-legacy-thread-id=\"19299e1d0016224f\">Seminario online \u00abNueva normativa y obligaciones en Planes de igualdad en las cooperativas\u00bb. Organiza AMECOOP Andaluc\u00eda con la financiaci\u00f3n del Ayuntamiento de Sevilla y con la colaboraci\u00f3n de FAECTA. Jueves, 24 de octubre de 2024, jueves, de 10 a 13 horas. Inscripciones:\u00a0<a href=\"https:\/\/forms.gle\/ytRwpHR9ybQaocnH7\">https:\/\/forms.gle\/ytRwpHR9ybQaocnH7<\/a><\/li>\n<li>Encuentro Swami Shubamritananda Puri. \u00abGestionar las expectativas: estrategias para la paz y el equilibrio en la vida\u00bb. Organiza Ayuntamiento de Sevilla y Asociaci\u00f3n AMIGA, Sevilla, domingo 27 de octubre en el Hogar Virgen de los Reyes, a las 18.00 horas. Inscripciones: inscripcioneswaml2024@gmail.com<\/li>\n<li class=\"hP\" tabindex=\"-1\" data-thread-perm-id=\"thread-f:1813154172386026063\" data-legacy-thread-id=\"19299e1d0016224f\"><a href=\"https:\/\/www.inmujeres.gob.es\/servRecursos\/convocatorias\/2024\/PremiosCeliaAmoros2024.htm\" target=\"_blank\" rel=\"noopener noreferrer\" data-saferedirecturl=\"https:\/\/www.google.com\/url?q=https:\/\/www.inmujeres.gob.es\/servRecursos\/convocatorias\/2024\/PremiosCeliaAmoros2024.htm&amp;source=gmail&amp;ust=1729319030459000&amp;usg=AOvVaw0o_sx2Cwo1iBTJAAFAABhA\">III Edici\u00f3n de los Premios Celia Amor\u00f3s de Ensayo Feminista<\/a>.\u00a0Instituto de las Mujeres. Plazo de solicitudes hasta el 13\u00a0de\u00a0diciembre.<\/li>\n<li><a href=\"http:\/\/www.juntadeandalucia.es\/iam\/catalogo\/doc\/convocatorias\/2024-genero\/cartel-libro-covid.jpg\" target=\"_blank\" rel=\"noopener prettyPhoto&#091;21337&#093;\" data-saferedirecturl=\"https:\/\/www.google.com\/url?q=http:\/\/www.juntadeandalucia.es\/iam\/catalogo\/doc\/convocatorias\/2024-genero\/cartel-libro-covid.jpg&amp;source=gmail&amp;ust=1729319030459000&amp;usg=AOvVaw1SEoJ65BR-ZTkIrdG4apNo\">Presentaci\u00f3n del libro \u201dIgualdad de G\u00e9nero percibida en el reparto de cuidados y salud mental: Impacto de la crisis sanitaria por COVID-19 en una muestra de mujeres andaluzas\u201d.<\/a>\u00a0Fundaci\u00f3n Fulmen.\u00a024\u00a0de octubre,\u00a019\u00a0horas.<\/li>\n<li><a href=\"https:\/\/www.juntadeandalucia.es\/institutodelamujer\/catalogo\/doc\/convocatorias\/2024-iam\/cartel-dia-escritoras.png\" target=\"_blank\" rel=\"noopener prettyPhoto&#091;21337&#093;\" data-saferedirecturl=\"https:\/\/www.google.com\/url?q=https:\/\/www.juntadeandalucia.es\/institutodelamujer\/catalogo\/doc\/convocatorias\/2024-iam\/cartel-dia-escritoras.png&amp;source=gmail&amp;ust=1729319030459000&amp;usg=AOvVaw1noRaNwsBxI4FJqYRlYlnQ\">Presentaci\u00f3n de \u2018El Legado de las Mujeres&#8217; y la presencia de las escritoras Rosario Cartes, Rosa D\u00edaz, Pilar Alcal\u00e1 y Ana Alvea<\/a>. Centro de Documentaci\u00f3n Mar\u00eda Zambrano. 17 de octubre. 18:00 horas.<\/li>\n<li><a href=\"https:\/\/formacion.colaboratorias.org\/\" target=\"_blank\" rel=\"noopener noreferrer\" data-saferedirecturl=\"https:\/\/www.google.com\/url?q=https:\/\/formacion.colaboratorias.org\/&amp;source=gmail&amp;ust=1729319030459000&amp;usg=AOvVaw2fj2BaDw6sVUeP_pejCPq4\">Curso\u00a0Online\u00a0\u201cPersonas LGTBI y sus familiares: Marco normativo e institucional en Andaluc\u00eda\u201d<\/a>.\u00a0Colaboratorias.\u00a0<wbr \/>Desde\u00a0el\u00a029 de octubre al 19 de noviembre.\u00a050 horas.\u00a0<a href=\"https:\/\/docs.google.com\/forms\/d\/1JHyLXu4nZzUTdJBizMRWRHL-eQyu62lr09huQIOdahA\/viewform?ts=66fe6837&amp;edit_requested=true\" target=\"_blank\" rel=\"noopener noreferrer\" data-saferedirecturl=\"https:\/\/www.google.com\/url?q=https:\/\/docs.google.com\/forms\/d\/1JHyLXu4nZzUTdJBizMRWRHL-eQyu62lr09huQIOdahA\/viewform?ts%3D66fe6837%26edit_requested%3Dtrue&amp;source=gmail&amp;ust=1729319030459000&amp;usg=AOvVaw0-ALnDPMaTfVnA2AYl5DJ7\">Inscripciones.<\/a><\/li>\n<li><a href=\"http:\/\/www.juntadeandalucia.es\/iam\/catalogo\/doc\/convocatorias\/2024-genero\/cartel-empresa-igualdad.jpg\" target=\"_blank\" rel=\"noopener prettyPhoto&#091;21337&#093;\" data-saferedirecturl=\"https:\/\/www.google.com\/url?q=http:\/\/www.juntadeandalucia.es\/iam\/catalogo\/doc\/convocatorias\/2024-genero\/cartel-empresa-igualdad.jpg&amp;source=gmail&amp;ust=1729319030459000&amp;usg=AOvVaw2RS9LFi4vtrX2WXTHwtcft\">Curso \u00ab\u00bfCumple tu empresa las obligaciones en materia de igualdad?\u201d.<\/a>\u00a0Andaluc\u00eda Emprende.\u00a0<a href=\"https:\/\/bit.ly\/4b3rLiF\" target=\"_blank\" rel=\"noopener noreferrer\" data-saferedirecturl=\"https:\/\/www.google.com\/url?q=https:\/\/bit.ly\/4b3rLiF&amp;source=gmail&amp;ust=1729319030459000&amp;usg=AOvVaw1fngps7Nmqe2uuhfxiht-G\">Inscripciones.<\/a><\/li>\n<\/ul>\n<\/div>\n<\/div>\n<div id=\"\" class=\"lsow-panel lsow-active\">\n<h1 class=\"lsow-panel-title\">Comunicaci\u00f3n, Publicidad y TICs<\/h1>\n<div class=\"lsow-panel-content\">\n<p><a class=\"title\" href=\"https:\/\/www.msn.com\/es-es\/dinero\/formacion-empleo\/acabar-con-el-cabeza-de-familia-o-pelear-por-el-aborto-40-a%C3%B1os-de-trabajadora-la-revista-pionera-en-unir-feminismo-y-clase\/ar-AA1somdG?ocid=BingNewsVerp\" target=\"_blank\" rel=\"noopener\" data-artpy=\"0\" data-author=\"eldiario.es on MSN\">Acabar con el &#8216;cabeza de familia&#8217; o pelear por el aborto: 40 a\u00f1os de &#8216;Trabajadora&#8217;, la revista pionera en unir feminismo y clase<\/a>-eldiario<br \/>\n<a class=\"title\" href=\"https:\/\/efe.com\/la-rioja\/2024-10-14\/jugonas-repasa-la-vida-de-las-principales-referentes-del-futbol-femenino\/\" target=\"_blank\" rel=\"noopener\" data-artpy=\"0\" data-author=\"EFE\">\u2018Jugonas\u2019 repasa la vida de las principales referentes del f\u00fatbol femenino<\/a>-efe<br \/>\n<a class=\"title\" href=\"https:\/\/www.ondacero.es\/emisoras\/andalucia\/malaga\/audios-podcast\/mas-de-uno\/apm-acoge-taller-union-europea-periodismo-genero-dias-22-23-octubre_202410116708e677596dfb00012a1bf3.html\" target=\"_blank\" rel=\"noopener\" data-artpy=\"0\" data-author=\"ondacero.es\">La APM acoge un taller de la Uni\u00f3n Europea sobre Periodismo y G\u00e9nero, los d\u00edas 22 y 23 de octubre<\/a>-ondacero<br \/>\n<a class=\"title\" href=\"https:\/\/www.msn.com\/es-es\/noticias\/espana\/el-periodismo-que-necesitamos-en-una-sociedad-sobreinformada-a-debate-en-zaragoza\/ar-AA1snWoH?ocid=BingNewsVerp\" target=\"_blank\" rel=\"noopener\" data-artpy=\"0\" data-author=\"Heraldo de Arag\u00f3n on MSN\">El periodismo que necesitamos en una sociedad sobreinformada, a debate en Zaragoza<\/a>-heraldo<br \/>\n<a class=\"title\" href=\"https:\/\/www.rtve.es\/television\/20241013\/ella-no-esta-wikipedia-crear-biografias-mujeres-mayor-enciclopedia-online-del-mundo\/16253534.shtml\" target=\"_blank\" rel=\"noopener\" data-artpy=\"0\" data-author=\"RTVE\">\u201cElla no est\u00e1 en Wikipedia\u201d: crear biograf\u00edas de mujeres en la mayor enciclopedia online del mundo<\/a>-rtve<br \/>\n<a class=\"title\" href=\"https:\/\/www.computerworld.es\/article\/3569812\/el-71-de-las-mujeres-del-sector-ti-trabajan-muchas-mas-horas-que-los-hombres-para-poder-lograr-un-ascenso.html\" target=\"_blank\" rel=\"noopener\" data-artpy=\"0\" data-author=\"computerworld.es\">El 71% de las mujeres del sector TI trabajan muchas m\u00e1s horas que los hombres para poder lograr un ascenso<\/a>-computerworld<\/p>\n<\/div>\n<\/div>\n<div id=\"\" class=\"lsow-panel lsow-active\">\n<h1 class=\"lsow-panel-title\">Andaluc\u00eda<\/h1>\n<div class=\"lsow-panel-content\">\n<div class=\"source set_top\">\n<div data-priority=\"2\" aria-hidden=\"true\">\n<p><strong>Institucional<br \/>\n<\/strong><a class=\"title\" href=\"https:\/\/www.lanocion.es\/andalucia\/20241015\/la-junta-impulsa-el-papel-de-la-mujer-en-el-medio-20295.html\" target=\"_blank\" rel=\"noopener\" data-artpy=\"0\" data-author=\"lanocion\">La Junta impulsa el papel de la mujer en el medio rural con un estatuto que las sit\u00faa en el centro del debate agrario de Andaluc\u00eda<\/a>-lanocion<\/p>\n<p><strong>Econom\u00eda y Empresa<br \/>\n<\/strong><a href=\"https:\/\/www.google.com\/url?rct=j&amp;sa=t&amp;url=https:\/\/www.tribunadeandalucia.es\/carmen-duran-trabajo-autonoma-junta-de-andalucia-la-evaluacion-de-la-tarifa-plana-ha-sido-muy-positiva\/&amp;ct=ga&amp;cd=CAEYASoTNTE5MDg0MjA1NTcyOTIwNTg3MTIZZDc4ZTU4NzVhMGYxZjJhYzplczplczpFUw&amp;usg=AOvVaw0ufIbDAjJduvWQoUpdKp6r\" target=\"_blank\" rel=\"noopener\" data-saferedirecturl=\"https:\/\/www.google.com\/url?q=https:\/\/www.google.com\/url?rct%3Dj%26sa%3Dt%26url%3Dhttps:\/\/www.tribunadeandalucia.es\/carmen-duran-trabajo-autonoma-junta-de-andalucia-la-evaluacion-de-la-tarifa-plana-ha-sido-muy-positiva\/%26ct%3Dga%26cd%3DCAEYASoTNTE5MDg0MjA1NTcyOTIwNTg3MTIZZDc4ZTU4NzVhMGYxZjJhYzplczplczpFUw%26usg%3DAOvVaw0ufIbDAjJduvWQoUpdKp6r&amp;source=gmail&amp;ust=1729352078036000&amp;usg=AOvVaw2znGKkDObRAuReQjAYr4-5\">Carmen Dur\u00e1n (Trabajo Aut\u00f3noma Junta de\u00a0Andaluc\u00eda): \u201cLa evaluaci\u00f3n de la tarifa plana ha &#8230;-\u00a0<\/a><a>Tribuna de Andaluc\u00eda<br \/>\n<\/a><a href=\"https:\/\/www.eldiario.es\/andalucia\/blogs\/wecoop\/liderazgo-mujeres-economia-social-vez-representacion-responsabilidad_132_11736628.html\">El liderazgo de las mujeres en la econom\u00eda social: cada vez m\u00e1s representaci\u00f3n y m\u00e1s responsabilidad &#8211;<\/a>eldiario<strong><br \/>\n<\/strong><a href=\"https:\/\/www.google.com\/url?rct=j&amp;sa=t&amp;url=https:\/\/www.d-cerca.com\/noticia-46548\/afammer-andaluc%25C3%25ADa-apuesta-por-el-ejido-para-celebrar-el-d%25C3%25ADa-internacional-de-las-mujeres-rurales-con-el-objetivo-de-impulsar-la-igualdad.aspx&amp;ct=ga&amp;cd=CAEYACoUMTQzODY1OTg0NzQyMjgwMTExNTEyGzlhYjFjZGQ3ZTM2NmVmMzg6ZXM6ZXM6RVM6Ug&amp;usg=AOvVaw2kgrJ1AyAXVzZuqHvMVjR_\" target=\"_blank\" rel=\"noopener\" data-saferedirecturl=\"https:\/\/www.google.com\/url?q=https:\/\/www.google.com\/url?rct%3Dj%26sa%3Dt%26url%3Dhttps:\/\/www.d-cerca.com\/noticia-46548\/afammer-andaluc%2525C3%2525ADa-apuesta-por-el-ejido-para-celebrar-el-d%2525C3%2525ADa-internacional-de-las-mujeres-rurales-con-el-objetivo-de-impulsar-la-igualdad.aspx%26ct%3Dga%26cd%3DCAEYACoUMTQzODY1OTg0NzQyMjgwMTExNTEyGzlhYjFjZGQ3ZTM2NmVmMzg6ZXM6ZXM6RVM6Ug%26usg%3DAOvVaw2kgrJ1AyAXVzZuqHvMVjR_&amp;source=gmail&amp;ust=1729101579490000&amp;usg=AOvVaw2eqEyd9Spfd5igegXQ9Dk7\">AFAMMER Andaluc\u00eda apuesta por El Ejido para celebrar el D\u00eda Internacional de las Mujeres &#8230;-\u00a0<\/a><a>D-Cerca<br \/>\n<\/a><a class=\"title\" href=\"https:\/\/www.cope.es\/emisoras\/andalucia\/cordoba-provincia\/cordoba\/cope-cordoba\/noticias\/congreso-creciendo-juntas-reune-mujeres-lideres-sector-aceite-debatir-sobre-industria-20241014_3027887.html\" target=\"_blank\" rel=\"noopener\" data-artpy=\"0\" data-author=\"COPE\">El congreso \u2018Creciendo Juntas\u2019 de Deoleo resalta el papel de la mujer en el futuro del sector ole\u00edcola<\/a>-cope<br \/>\n<a class=\"title\" href=\"https:\/\/www.diariovasco.com\/sociedad\/sucesos\/junta-anuncia-ampliacion-programa-formacion-preparadas-llegar-20241011151504-vi.html\" target=\"_blank\" rel=\"noopener\" data-artpy=\"0\" data-author=\"Diario\">Junta anuncia la ampliaci\u00f3n del programa de formaci\u00f3n Preparadas para llegar a 85.000 mujeres<\/a>-diario<br \/>\n<a class=\"title\" href=\"https:\/\/www.msn.com\/es-es\/noticias\/espana\/los-premios-universidad-mujer-y-empresa-roma-2024-reconocen-la-excelencia-y-el-ejemplo-inspirador-de-mujeres\/ar-AA1rXpwO?ocid=BingNewsVerp\" target=\"_blank\" rel=\"noopener\" data-artpy=\"0\" data-author=\"Europa Press on MSN\">Los Premios Universidad, Mujer y Empresa: Roma 2024 reconocen la excelencia y el ejemplo inspirador de mujeres<\/a>-europapress<a><br \/>\n<\/a><a class=\"title\" href=\"https:\/\/www.europapress.es\/esandalucia\/sevilla\/noticia-andalucia-convoca-ayudas-empresas-realicen-actividades-fomentar-igualdad-laboral-conciliacion-20241018114503.html\" target=\"_blank\" rel=\"noopener\" data-artpy=\"0\" data-author=\"Europa Press\">Andaluc\u00eda convoca ayudas para empresas que realicen actividades para fomentar la igualdad laboral y la conciliaci\u00f3n<\/a>-europapress<a><br \/>\n<\/a><\/p>\n<p><strong>Actualidad<br \/>\n<\/strong><a class=\"title\" href=\"https:\/\/www.msn.com\/es-es\/salud\/other\/la-fundaci%C3%B3n-progreso-y-salud-organiza-una-conferencia-sobre-la-salud-cardiovascular-de-las-mujeres-en-la-menopausia\/ar-AA1sv6N8?ocid=BingNewsVerp\" target=\"_blank\" rel=\"noopener\" data-artpy=\"0\" data-author=\"Europa Press on MSN\">La Fundaci\u00f3n Progreso y Salud organiza una conferencia sobre la salud cardiovascular de las mujeres en la menopausia<\/a>-europapress<br \/>\n<a href=\"https:\/\/www.campodegibraltarsigloxxi.com\/mujeres-de-nuestro-barrio-historias-itinerantes-de-campogibraltarenas\/\">\u00abMujeres de nuestro barrio\u00bb: historias itinerantes de campogibraltare\u00f1as\u00a0<\/a>-campodegibraltarsigloxxi<strong><br \/>\n<\/strong><\/p>\n<p><strong>Violencias<br \/>\n<\/strong><a class=\"title\" href=\"https:\/\/www.msn.com\/es-es\/noticias\/other\/mar%C3%ADa-jes%C3%BAs-correa-abogada-los-juzgados-de-violencia-de-g%C3%A9nero-no-son-un-lugar-seguro-para-las-v%C3%ADctimas\/ar-AA1sjEIT?ocid=BingNewsVerp\" target=\"_blank\" rel=\"noopener\" data-artpy=\"0\" data-author=\"Europa Press on MSN\">Mar\u00eda Jes\u00fas Correa, abogada: \u00abLos juzgados de Violencia de G\u00e9nero no son un lugar seguro para las v\u00edctimas\u00bb<\/a>-europapress<strong><br \/>\n<\/strong><a class=\"title\" href=\"https:\/\/www.diariosur.es\/andalucia\/numero-denuncias-violencia-genero-sube-andalucia-abril-20241016162016-nt.html\" target=\"_blank\" rel=\"noopener\" data-artpy=\"0\" data-author=\"SUR\">El n\u00famero de denuncias por violencia de g\u00e9nero sube en Andaluc\u00eda de abril a junio y superan las 10.400<\/a>-sur<strong><br \/>\n<\/strong><\/p>\n<p><b>Ciencia y Cultura<br \/>\n<\/b><a class=\"title\" href=\"https:\/\/www.diariodesevilla.es\/vivirensevilla\/foro-mujer-sociedad-inaugura-curso_0_2002575646.html\" target=\"_blank\" rel=\"noopener\" data-artpy=\"0\" data-author=\"Diario de Sevilla\">El Foro Mujer Sociedad inaugura el curso en el Museo Arqueol\u00f3gico de Sevilla debatiendo el papel de la mujer en el arte<\/a><b>&#8211;<\/b>diariodesevilla<b><br \/>\n<\/b><a class=\"title\" href=\"https:\/\/www.msn.com\/es-es\/entretenimiento\/musica\/maria-pag%C3%A9s-la-marginaci%C3%B3n-de-la-danza-tiene-que-ver-con-la-sociedad-patriarcal-en-la-que-vivimos\/ar-AA1s9Wel?ocid=BingNewsVerp\" target=\"_blank\" rel=\"noopener\" data-artpy=\"0\" data-author=\"eldiario.es on MSN\">Mar\u00eda Pag\u00e9s: \u201cLa marginaci\u00f3n de la danza tiene que ver con la sociedad patriarcal en la que vivimos\u201d<\/a><b>&#8211;<\/b>eldiario<b><br \/>\n<\/b><a class=\"title\" href=\"https:\/\/www.diariocordoba.com\/cultura\/2024\/10\/13\/exposicion-rinde-tributo-vino-maternidad-109269730.html\" target=\"_blank\" rel=\"noopener\" data-artpy=\"0\" data-author=\"Diario C\u00f3rdoba\">Una exposici\u00f3n rinde tributo al vino y a la maternidad<\/a>-diariocordoba<a><br \/>\n<\/a><\/p>\n<p><strong>Deporte<br \/>\n<\/strong><a class=\"title\" href=\"https:\/\/www.msn.com\/es-es\/deportes\/other\/espa%C3%B1a-busca-superar-las-cuatro-medallas-de-los-juegos-en-el-mundial-torremolinos-andaluc%C3%ADa\/ar-AA1sreYS?ocid=BingNewsVerp\" target=\"_blank\" rel=\"noopener\" data-artpy=\"0\" data-author=\"Marca on MSN\">Espa\u00f1a busca superar las cuatro medallas de los Juegos en el Mundial Torremolinos-Andaluc\u00eda<\/a>-marca<br \/>\n<a class=\"title\" href=\"https:\/\/www.msn.com\/es-es\/salud\/other\/sevilla-acoge-el-final-de-la-carrera-de-la-mujer-2024-deporte-solidaridad-y-lucha-contra-el-c%C3%A1ncer\/ar-AA1seZs9?ocid=BingNewsVerp\" target=\"_blank\" rel=\"noopener\" data-artpy=\"0\" data-author=\"ESPA\u00d1OL on MSN\">Sevilla acoge el final de la Carrera de la Mujer 2024: deporte, solidaridad y lucha contra el c\u00e1ncer<\/a>-elespa\u00f1ol<\/p>\n<\/div>\n<\/div>\n<\/div>\n<\/div>\n<div id=\"\" class=\"lsow-panel lsow-active\">\n<h1 class=\"lsow-panel-title\">Estado<\/h1>\n<div class=\"lsow-panel-content\">\n<p><strong>Institucional<br \/>\n<\/strong><a class=\"title\" href=\"https:\/\/www.europapress.es\/epsocial\/igualdad\/noticia-redondo-afirma-mujeres-son-sosten-entornos-rurales-claves-fijar-poblacion-motor-economico-20241015163753.html\" target=\"_blank\" rel=\"noopener\" data-artpy=\"0\" data-author=\"Europa Press\">Redondo afirma que las mujeres son el \u00absost\u00e9n\u00bb de los entornos rurales y \u00abclaves para fijar poblaci\u00f3n y motor econ\u00f3mico\u00bb<\/a>-europapress<strong><br \/>\n<\/strong><\/p>\n<p><strong>Institucional &#8211; CCAA<br \/>\n<\/strong><a class=\"title\" href=\"https:\/\/www.msn.com\/es-es\/dinero\/formacion-empleo\/el-perfil-de-la-v%C3%ADctima-de-explotaci%C3%B3n-laboral-en-arag%C3%B3n-mujer-joven-migrante-y-en-empleo-dom%C3%A9stico\/ar-AA1stS3z?ocid=BingNewsVerp\" target=\"_blank\" rel=\"noopener\" data-artpy=\"0\" data-author=\"eldiario.es on MSN\">El perfil de la v\u00edctima de explotaci\u00f3n laboral en Arag\u00f3n: mujer, joven, migrante y en empleo dom\u00e9stico<\/a>-eldiario<br \/>\n<a class=\"title\" href=\"https:\/\/www.msn.com\/es-es\/dinero\/noticias\/el-riesgo-de-pobreza-en-galicia-se-ceba-con-mujeres-y-ni%C3%B1os-y-alcanza-el-52-de-los-hogares-monoparentales\/ar-AA1ss9EO?ocid=BingNewsVerp\" target=\"_blank\" rel=\"noopener\" data-artpy=\"0\" data-author=\"eldiario.es on MSN\">El riesgo de pobreza en Galicia se ceba con mujeres y ni\u00f1os y alcanza el 52% de los hogares monoparentales<\/a>-eldiario<br \/>\n<a class=\"title\" href=\"https:\/\/www.msn.com\/es-es\/noticias\/espana\/castilla-la-mancha-reivindica-el-papel-de-las-mujeres-en-el-%C3%A1mbito-rural-sin-nosotras-no-hay-vida-en-nuestros-pueblos\/ar-AA1sve7B?ocid=BingNewsVerp\" target=\"_blank\" rel=\"noopener\" data-artpy=\"0\" data-author=\"Europa Press on MSN\">El papel de las mujeres en el \u00e1mbito rural de Castilla-La Mancha: \u201cSin nosotras no hay vida en nuestros pueblos\u201d<\/a>-europapress<br \/>\n<a class=\"title\" href=\"https:\/\/www.ondacero.es\/emisoras\/extremadura\/noticias\/campus-mujeres-cooperativistas-extremadura-ensalza-talento-femenino-como-motor-transformacion-empresarial_20241016670f1224e2e54f000182579d.html\" target=\"_blank\" rel=\"noopener\" data-artpy=\"0\" data-author=\"ondacero.es\">El Campus de Mujeres Cooperativistas de Extremadura ensalza el talento femenino como motor de transformaci\u00f3n empresarial<\/a>-ondacero<br \/>\n<a class=\"title\" href=\"https:\/\/www.abc.es\/espana\/comunidad-valenciana\/camarero-anuncia-plan-promocion-mujeres-rurales-valencianas-20241018165141-nt.html\" target=\"_blank\" rel=\"noopener\" data-artpy=\"0\" data-author=\"ABC\">Camarero anuncia un Plan de Promoci\u00f3n de las Mujeres Rurales valencianas en 2025<\/a>-abc<strong><br \/>\n<\/strong><\/p>\n<p><strong>Econom\u00eda y Empresa<br \/>\n<\/strong><a class=\"title\" href=\"https:\/\/www.rtve.es\/noticias\/20241014\/dia-internacional-mujer-rural\/16286625.shtml\" target=\"_blank\" rel=\"noopener\" data-artpy=\"0\" data-author=\"RTVE\">Emprendimiento femenino: la lucha por la sostenibilidad y la igualdad en el campo<\/a>-rtve<br \/>\n<a class=\"title\" href=\"https:\/\/www.merca2.es\/2024\/10\/18\/enagas-se-suma-a-closingap-para-impulsar-el-crecimiento-economico-desde-la-igualdad-de-genero-2034352\/\" target=\"_blank\" rel=\"noopener\" data-artpy=\"0\" data-author=\"Merca2.es\">Enag\u00e1s se suma a ClosinGap para impulsar el crecimiento econ\u00f3mico desde la igualdad de g\u00e9nero<\/a>-Merca2<br \/>\n<a class=\"title\" href=\"https:\/\/www.msn.com\/es-es\/noticias\/otras\/la-gente-llegaba-a-la-granja-y-al-verme-me-preguntaba-d%C3%B3nde-est%C3%A1-el-due%C3%B1o\/ar-AA1s8TjZ?ocid=BingNewsVerp\" target=\"_blank\" rel=\"noopener\" data-artpy=\"0\" data-author=\"La Raz\u00f3n on MSN\" data-bm=\"56\">Mar\u00eda \u00c1ngeles D\u00edez, ganadera: \u00abLa gente llegaba a la granja y, al verme, me preguntaba \u00bfd\u00f3nde est\u00e1 el due\u00f1o?\u00bb<\/a>-larazon<br \/>\n<a class=\"title\" href=\"https:\/\/www.economistjurist.es\/articulos-juridicos-destacados\/la-ley-de-paridad-un-avance-significativo-ante-la-igualdad-de-genero-en-el-trabajo\/\" target=\"_blank\" rel=\"noopener\" data-artpy=\"0\" data-author=\"economistjurist\">La Ley de Paridad: un avance significativo ante la igualdad de g\u00e9nero en el trabajo<\/a>-economistjurist<br \/>\n<a class=\"title\" href=\"https:\/\/www.bolsamania.com\/nota-de-prensa\/empresas\/la-menopausia-ha-afectado-a-la-vida-laboral-de-casi-la-mitad-de-las-mujeres-espanolas-segun-intimina--17730694.html\" target=\"_blank\" rel=\"noopener\" data-artpy=\"0\" data-author=\"Capitalbolsa\">La menopausia ha afectado a la vida laboral de casi la mitad de las mujeres espa\u00f1olas-<\/a><a>infobae<\/a><\/p>\n<p><strong>Actualidad<br \/>\n<\/strong><a class=\"title\" href=\"https:\/\/www.rtve.es\/noticias\/20241018\/menopausia-prejuicio-tabu-mujeres\/16293529.shtml\" target=\"_blank\" rel=\"noopener\" data-artpy=\"0\" data-author=\"RTVE\">La menopausia sigue siendo un tab\u00fa sin atenci\u00f3n especializada: las mujeres no se sienten escuchadas en consulta<\/a>-rtve<br \/>\n<a class=\"title\" href=\"https:\/\/www.msn.com\/es-es\/salud\/other\/los-7-h%C3%A1bitos-que-las-mujeres-tenemos-que-practicar-antes-de-los-60-a%C3%B1os-para-vivir-mejor\/ar-AA1slKrn?ocid=BingNewsVerp\" target=\"_blank\" rel=\"noopener\" data-artpy=\"0\" data-author=\"20minutos on MSN\">Los 7 h\u00e1bitos que las mujeres tenemos que practicar antes de los 60 a\u00f1os para vivir mejor<\/a>-20minutos<\/p>\n<p><strong>Violencias<br \/>\n<\/strong><a class=\"title\" href=\"https:\/\/www.msn.com\/es-es\/estilo\/other\/el-26-de-mujeres-que-mataron-a-su-pareja-hab%C3%ADa-sufrido-violencia-machista-seg%C3%BAn-el-cgpj\/ar-AA1smZpD?ocid=BingNewsVerp\" target=\"_blank\" rel=\"noopener\" data-artpy=\"0\" data-author=\"Heraldo on MSN\">El 26 % de mujeres que mataron a su pareja hab\u00eda sufrido violencia machista, seg\u00fan el CGPJ<\/a>-heraldo<br \/>\n<a class=\"title\" href=\"https:\/\/www.eldiario.es\/sociedad\/aumentan-victimas-maltrato-renuncian-declarar-agresor-5-000_1_11737209.html\" target=\"_blank\" rel=\"noopener\" data-artpy=\"0\" data-author=\"eldiario.es\">Aumentan las v\u00edctimas de maltrato que renuncian a declarar contra su agresor: m\u00e1s de 5.000<\/a>-eldiario<br \/>\n<a class=\"title\" href=\"https:\/\/www.msn.com\/es-es\/noticias\/espana\/igualdad-investiga-como-crimen-machista-el-caso-de-una-mujer-en-segovia-lo-que-elevar%C3%ADa-el-n%C3%BAmero-a-38-en-2024\/ar-AA1ss451?ocid=BingNewsVerp\" target=\"_blank\" rel=\"noopener\" data-artpy=\"0\" data-author=\"P\u00fablico on MSN\">Igualdad investiga como crimen machista el caso de una mujer en Segovia, lo que elevar\u00eda el n\u00famero a 38 en 2024<\/a>-publico<\/p>\n<p><strong>Ciencia y Cultura<br \/>\n<\/strong><a href=\"https:\/\/www.google.com\/url?rct=j&amp;sa=t&amp;url=https:\/\/elpais.com\/ciencia\/2024-10-17\/los-premios-nacionales-de-investigacion-galardonan-a-mas-mujeres-que-hombres-por-primera-vez-desde-1982.html&amp;ct=ga&amp;cd=CAEYACoUMTAwNDM2MjY2MzY3MTQwMTQyODkyGWMwMzcyZWJjMmZlYWRhNTk6ZXM6ZXM6RVM&amp;usg=AOvVaw0sEqabSuzNMTUTVAwFGa5w\" target=\"_blank\" rel=\"noopener\" data-saferedirecturl=\"https:\/\/www.google.com\/url?q=https:\/\/www.google.com\/url?rct%3Dj%26sa%3Dt%26url%3Dhttps:\/\/elpais.com\/ciencia\/2024-10-17\/los-premios-nacionales-de-investigacion-galardonan-a-mas-mujeres-que-hombres-por-primera-vez-desde-1982.html%26ct%3Dga%26cd%3DCAEYACoUMTAwNDM2MjY2MzY3MTQwMTQyODkyGWMwMzcyZWJjMmZlYWRhNTk6ZXM6ZXM6RVM%26usg%3DAOvVaw0sEqabSuzNMTUTVAwFGa5w&amp;source=gmail&amp;ust=1729319024981000&amp;usg=AOvVaw1dA5fHB1Z-9lrUdBUGEbKX\">Los Premios Nacionales de Investigaci\u00f3n galardonan a m\u00e1s\u00a0mujeres que hombres por &#8230; &#8211;\u00a0<\/a><a>elpais<br \/>\n<\/a><a href=\"https:\/\/www.google.com\/url?rct=j&amp;sa=t&amp;url=https:\/\/www.redaccionmedica.com\/secciones\/medicina\/carmen-ayuso-primera-mujer-que-gana-el-premio-nacional-de-medicina-5036&amp;ct=ga&amp;cd=CAEYASoTNzYzOTIyNTcyNzkwOTA5MzMyMzIZYzAzNzJlYmMyZmVhZGE1OTplczplczpFUw&amp;usg=AOvVaw3h-WG3m79zMp-8yI9iRp6W\" target=\"_blank\" rel=\"noopener\" data-saferedirecturl=\"https:\/\/www.google.com\/url?q=https:\/\/www.google.com\/url?rct%3Dj%26sa%3Dt%26url%3Dhttps:\/\/www.redaccionmedica.com\/secciones\/medicina\/carmen-ayuso-primera-mujer-que-gana-el-premio-nacional-de-medicina-5036%26ct%3Dga%26cd%3DCAEYASoTNzYzOTIyNTcyNzkwOTA5MzMyMzIZYzAzNzJlYmMyZmVhZGE1OTplczplczpFUw%26usg%3DAOvVaw3h-WG3m79zMp-8yI9iRp6W&amp;source=gmail&amp;ust=1729319025000000&amp;usg=AOvVaw04GrcLQY1CPQ8STpQnMrnO\">Carmen Ayuso, primera\u00a0mujer que gana el Premio Nacional de Medicina-\u00a0<\/a><a>Redacci\u00f3n M\u00e9dica<br \/>\n<\/a><a class=\"title\" href=\"https:\/\/www.msn.com\/es-es\/salud\/other\/la-ciencia-lo-confirma-hombres-y-mujeres-procesan-el-dolor-diferente\/ar-AA1spJCl?ocid=BingNewsVerp\" target=\"_blank\" rel=\"noopener\" data-artpy=\"0\" data-author=\"La Raz\u00f3n on MSN\">La ciencia lo confirma: hombres y mujeres procesan el dolor diferente<\/a>-larazon<a><br \/>\n<\/a><a class=\"title\" href=\"https:\/\/www.eldiario.es\/cultura\/tulsa-premio-nacional-musicas-actuales-2024_1_11731783.html\" target=\"_blank\" rel=\"noopener\" data-artpy=\"0\" data-author=\"eldiario.es\">Tulsa, Premio Nacional de M\u00fasicas Actuales 2024, tras a\u00f1os \u00abde baches y dudas\u00bb como mujer<\/a>-eldiario<br \/>\n<a class=\"title\" href=\"https:\/\/www.elespanol.com\/mujer\/actualidad\/20241016\/vez-mujeres-planeta-reducido-brecha-genero-prestigioso-premio-literario\/893910655_0.html\" target=\"_blank\" rel=\"noopener\" data-artpy=\"0\" data-author=\"ESPA\u00d1OL\">Cada vez hay m\u00e1s mujeres &#8216;Planeta&#8217;: as\u00ed se ha reducido la brecha de g\u00e9nero en este prestigioso premio literario<\/a>-elespa\u00f1ol<br \/>\n<a class=\"title\" href=\"https:\/\/www.ondacero.es\/emisoras\/extremadura\/noticias\/papel-mujeres-historia-cultura-abordara-jornadas-21-23-octubre-merida_20241014670c79c5596dfb0001c3b60b.html\" target=\"_blank\" rel=\"noopener\" data-artpy=\"0\" data-author=\"ondacero.es\">El papel de las mujeres en la historia de la cultura se abordar\u00e1 en unas jornadas del 21 al 23 de octubre en M\u00e9rida<\/a>-ondacero<br \/>\n<a class=\"title\" href=\"https:\/\/www.abc.es\/cultura\/arte\/hilma-klint-pintora-invento-abstraccion-oculto-vida-20241017195659-nt.html\" target=\"_blank\" rel=\"noopener\" data-artpy=\"0\" data-author=\"ABC\">Hilma af Klint, la pintora que &#8216;invent\u00f3&#8217; la abstracci\u00f3n y se llev\u00f3 el secreto a la tumba<\/a>-abc<strong><br \/>\n<\/strong><a class=\"title\" href=\"https:\/\/www.msn.com\/es-es\/noticias\/other\/21-mujeres-ponen-voz-a-la-obra-de-escritoras-que-reivindicaron-el-mundo-rural\/ar-AA1sguuB?ocid=BingNewsVerp\" target=\"_blank\" rel=\"noopener\" data-artpy=\"0\" data-author=\"20 minutos on MSN\">21 mujeres ponen voz a la obra de escritoras que reivindicaron el mundo rural<\/a>-20minutos<strong><br \/>\n<\/strong><\/p>\n<p><strong>Deporte<br \/>\n<\/strong><a class=\"title\" href=\"https:\/\/www.msn.com\/es-es\/deportes\/other\/paula-soria-me-llegaron-a-decir-que-ten%C3%ADa-que-elegir-entre-ser-estudiante-y-deportista-de-%C3%A9lite\/ar-AA1stWDb?ocid=BingNewsVerp\" target=\"_blank\" rel=\"noopener\" data-artpy=\"0\" data-author=\"20minutos on MSN\">Paula Soria: \u00abMe llegaron a decir que ten\u00eda que elegir entre ser estudiante y deportista de \u00e9lite\u00bb<\/a>-20minutos<br \/>\n<a class=\"title\" href=\"https:\/\/www.msn.com\/es-es\/deportes\/other\/dori-ruano-es-fundamental-que-en-los-puestos-de-gesti%C3%B3n-deportiva-haya-mujeres-es-donde-se-parte-el-bacalao\/ar-AA1snN7z?ocid=BingNewsVerp\" target=\"_blank\" rel=\"noopener\" data-artpy=\"0\" data-author=\"Europa Press on MSN\">Dori Ruano: \u00abEs fundamental que en los puestos de gesti\u00f3n haya mujeres, es donde se parte el bacalao\u00bb<\/a>-europapress<br \/>\n<a class=\"title\" href=\"https:\/\/www.lasexta.com\/programas\/el-intermedio\/paula-leiton-comentarios-sus-haters-aprendido-querer-monton-cuerpo_20241015670ee294e2e54f00018236ea.html\" target=\"_blank\" rel=\"noopener\" data-artpy=\"0\" data-author=\"laSexta\">Paula Leit\u00f3n, sobre los comentarios de sus haters: \u00abHe aprendido a querer un mont\u00f3n mi cuerpo\u00bb<\/a>-lasexta<br \/>\n<a class=\"title\" href=\"https:\/\/www.msn.com\/es-es\/deportes\/tenis\/paula-badosa-sigue-su-racha-triunfal-y-se-mete-en-otra-semifinal-en-china\/ar-AA1svGAY?ocid=BingNewsVerp\" target=\"_blank\" rel=\"noopener\" data-artpy=\"0\" data-author=\"MundoDeportivo.com on MSN\">Paula Badosa sigue su racha triunfal y se mete en otra semifinal en China<\/a>-mundodeportivo<\/p>\n<\/div>\n<\/div>\n<div id=\"\" class=\"lsow-panel lsow-active\">\n<h1 class=\"lsow-panel-title\">Internacional<\/h1>\n<div class=\"lsow-panel-content\">\n<p><a class=\"title\" href=\"https:\/\/www.eldiario.es\/agencias\/mujeres-rurales-miran-ue-romper-brechas-genero-vigentes_1_11733184.html\" target=\"_blank\" rel=\"noopener\" data-artpy=\"0\" data-author=\"eldiario.es\">Las mujeres rurales miran a la UE para romper las brechas de g\u00e9nero a\u00fan vigentes<\/a>-eldiario<br \/>\n<a class=\"title\" href=\"https:\/\/www.msn.com\/es-ar\/noticias\/other\/harris-se-centra-en-los-hombres-negros-y-trump-en-las-mujeres-intentando-movilizar-a-votantes-clave\/ar-AA1sjzEq?ocid=BingNewsVerp\" target=\"_blank\" rel=\"noopener\" data-artpy=\"0\" data-author=\"The Associated Press on MSN\">A tres semanas de las elecciones, Kamala Harris se centra en los hombres afroamericanos y Donald Trump en las mujeres<\/a>-apnews<br \/>\n<a class=\"title\" href=\"https:\/\/www.msn.com\/es-ar\/noticias\/other\/andrea-sarnari-presidenta-de-la-federaci%C3%B3n-agraria-las-mujeres-somos-contagiadoras-motivadoras-y-luchadoras\/ar-AA1snDCv?ocid=BingNewsVerp\" target=\"_blank\" rel=\"noopener\" data-artpy=\"0\" data-author=\"Perfil on MSN\">Andrea Sarnari, presidenta de la Federaci\u00f3n Agraria: \u00abLas mujeres somos contagiadoras, motivadoras y luchadoras\u00bb<\/a>-perfil<br \/>\n<a class=\"title\" href=\"https:\/\/www.infobae.com\/america\/agencias\/2024\/10\/18\/las-mujeres-rurales-dedican-el-triple-de-tiempo-a-cuidar-que-los-hombres-en-america-latina\/\" target=\"_blank\" rel=\"noopener\" data-artpy=\"0\" data-author=\"Infobae\">Las mujeres rurales dedican el triple de tiempo a cuidar que los hombres en Am\u00e9rica Latina<\/a>-infobae<br \/>\n<a class=\"title\" href=\"https:\/\/www.msn.com\/es-es\/noticias\/internacional\/peggy-guggenheim-y-las-mujeres-que-unieron-las-vanguardias-europeas-y-norteamericanas\/ar-AA1svHcS?ocid=BingNewsVerp\" target=\"_blank\" rel=\"noopener\" data-artpy=\"0\" data-author=\"Informalia on MSN\">Peggy Guggenheim y las mujeres que unieron las vanguardias europeas y norteamericanas<\/a>-eleconomista<br \/>\n<a class=\"title\" href=\"https:\/\/www.abc.es\/cultura\/barcomuseo-festival-art-explora-homenajea-rabat-mujeres-20241012012106-vi.html\" target=\"_blank\" rel=\"noopener\" data-artpy=\"0\" data-author=\"ABC\">El barco-museo del Festival Art Explora homenajea en Rabat a las mujeres del Mediterr\u00e1neo<\/a>-abc<br \/>\n<a class=\"title\" href=\"https:\/\/elpais.com\/mexico\/2024-10-18\/gina-enriquez-compositora-ya-basta-de-que-no-nos-tomen-en-cuenta-a-las-mujeres-para-la-musica.html\" target=\"_blank\" rel=\"noopener\" data-artpy=\"0\" data-author=\"EL PA\u00cdS\">Gina Enr\u00edquez, compositora: \u201cYa basta de que no nos tomen en cuenta a las mujeres para la m\u00fasica\u201d<\/a>-elpais<br \/>\n<a class=\"title\" href=\"https:\/\/www.msn.com\/es-es\/entretenimiento\/other\/karol-g-dedica-una-canci%C3%B3n-al-amor-libre-y-arrasa-con-un-vestido-semitransparente-muy-sensual\/ar-AA1svct7?ocid=BingNewsVerp\" target=\"_blank\" rel=\"noopener\" data-artpy=\"0\" data-author=\"20 minutos on MSN\">Karol G dedica una canci\u00f3n al \u00abamor libre\u00bb y arrasa con un vestido semitransparente muy sensual<\/a>-20minutas<\/p>\n<\/div>\n<\/div>\n<\/div><\/div><\/div><\/div><\/div>\n","protected":false},"excerpt":{"rendered":"<p>Las mujeres rurales miran a la UE para romper las brechas de g\u00e9nero a\u00fan vigentes * La Ley de Paridad: un avance significativo ante la igualdad de g\u00e9nero en el trabajo * Tulsa Premio Nacional de M\u00fasicas Actuales 2024 *  Trabajadora 40 a\u00f1os de la revista pionera en unir feminismo y clase<\/p>\n","protected":false},"author":3,"featured_media":22909,"comment_status":"closed","ping_status":"closed","sticky":false,"template":"","format":"standard","meta":{"footnotes":""},"categories":[298,654],"tags":[317,280],"class_list":["post-22116","post","type-post","status-publish","format-standard","has-post-thumbnail","hentry","category-newsletter","category-nwl-v-4-0","tag-ley-de-paridad","tag-mujeres-rurales"],"yoast_head":"<!-- This site is optimized with the Yoast SEO plugin v27.5 - https:\/\/yoast.com\/product\/yoast-seo-wordpress\/ -->\n<title>Noticias Info CKL n\u00ba 2898-18\/10\/24-Comunicar con perspectiva de g\u00e9nero<\/title>\n<meta name=\"description\" content=\"Noticias Info CKL n\u00ba 2898-18\/10\/24 Las mujeres rurales miran a la UE para romper las brechas de g\u00e9nero a\u00fan vigentes * La Ley de Paridad: un avance significativo ante la igualdad de g\u00e9nero en el trabajo * Tulsa Premio Nacional de M\u00fasicas Actuales 2024 * Trabajadora 40 a\u00f1os de la revista pionera en unir feminismo y clase\" \/>\n<meta name=\"robots\" content=\"index, follow, max-snippet:-1, max-image-preview:large, max-video-preview:-1\" \/>\n<link rel=\"canonical\" href=\"https:\/\/cklcomunicaciones.es\/coop\/noticias-info-ckl-no-2898-18-10-24\/\" \/>\n<meta property=\"og:locale\" content=\"es_ES\" \/>\n<meta property=\"og:type\" content=\"article\" \/>\n<meta property=\"og:title\" content=\"Noticias Info CKL n\u00ba 2898-18\/10\/24-Comunicar con perspectiva de g\u00e9nero\" \/>\n<meta property=\"og:description\" content=\"Noticias Info CKL n\u00ba 2898-18\/10\/24 Las mujeres rurales miran a la UE para romper las brechas de g\u00e9nero a\u00fan vigentes * La Ley de Paridad: un avance significativo ante la igualdad de g\u00e9nero en el trabajo * Tulsa Premio Nacional de M\u00fasicas Actuales 2024 * Trabajadora 40 a\u00f1os de la revista pionera en unir feminismo y clase\" \/>\n<meta property=\"og:url\" content=\"https:\/\/cklcomunicaciones.es\/coop\/noticias-info-ckl-no-2898-18-10-24\/\" \/>\n<meta property=\"og:site_name\" content=\"CKL Comunicaciones\" \/>\n<meta property=\"article:published_time\" content=\"2024-10-18T17:28:23+00:00\" \/>\n<meta property=\"article:modified_time\" content=\"2025-02-11T14:17:10+00:00\" \/>\n<meta property=\"og:image\" content=\"https:\/\/cklcomunicaciones.es\/coop\/wp-content\/uploads\/2025\/01\/CKL-una-mirada-distinta-de-la-comunicacion.jpg\" \/>\n\t<meta property=\"og:image:width\" content=\"1482\" \/>\n\t<meta property=\"og:image:height\" content=\"775\" \/>\n\t<meta property=\"og:image:type\" content=\"image\/jpeg\" \/>\n<meta name=\"author\" content=\"ckl\" \/>\n<meta name=\"twitter:card\" content=\"summary_large_image\" \/>\n<meta name=\"twitter:label1\" content=\"Escrito por\" \/>\n\t<meta name=\"twitter:data1\" content=\"ckl\" \/>\n\t<meta name=\"twitter:label2\" content=\"Tiempo de lectura\" \/>\n\t<meta name=\"twitter:data2\" content=\"7 minutos\" \/>\n<script type=\"application\/ld+json\" class=\"yoast-schema-graph\">{\"@context\":\"https:\\\/\\\/schema.org\",\"@graph\":[{\"@type\":\"Article\",\"@id\":\"https:\\\/\\\/cklcomunicaciones.es\\\/coop\\\/noticias-info-ckl-no-2898-18-10-24\\\/#article\",\"isPartOf\":{\"@id\":\"https:\\\/\\\/cklcomunicaciones.es\\\/coop\\\/noticias-info-ckl-no-2898-18-10-24\\\/\"},\"author\":{\"name\":\"ckl\",\"@id\":\"https:\\\/\\\/cklcomunicaciones.es\\\/coop\\\/#\\\/schema\\\/person\\\/929a6837f7626450bbb50cee1aef266e\"},\"headline\":\"Noticias Info CKL n\u00ba 2898-18\\\/10\\\/24\",\"datePublished\":\"2024-10-18T17:28:23+00:00\",\"dateModified\":\"2025-02-11T14:17:10+00:00\",\"mainEntityOfPage\":{\"@id\":\"https:\\\/\\\/cklcomunicaciones.es\\\/coop\\\/noticias-info-ckl-no-2898-18-10-24\\\/\"},\"wordCount\":1497,\"image\":{\"@id\":\"https:\\\/\\\/cklcomunicaciones.es\\\/coop\\\/noticias-info-ckl-no-2898-18-10-24\\\/#primaryimage\"},\"thumbnailUrl\":\"https:\\\/\\\/cklcomunicaciones.es\\\/coop\\\/wp-content\\\/uploads\\\/2025\\\/01\\\/CKL-una-mirada-distinta-de-la-comunicacion.jpg\",\"keywords\":[\"ley de paridad\",\"mujeres rurales\"],\"articleSection\":[\"Newsletter\",\"Nwl v.4.0\"],\"inLanguage\":\"es\"},{\"@type\":\"WebPage\",\"@id\":\"https:\\\/\\\/cklcomunicaciones.es\\\/coop\\\/noticias-info-ckl-no-2898-18-10-24\\\/\",\"url\":\"https:\\\/\\\/cklcomunicaciones.es\\\/coop\\\/noticias-info-ckl-no-2898-18-10-24\\\/\",\"name\":\"Noticias Info CKL n\u00ba 2898-18\\\/10\\\/24-Comunicar con perspectiva de g\u00e9nero\",\"isPartOf\":{\"@id\":\"https:\\\/\\\/cklcomunicaciones.es\\\/coop\\\/#website\"},\"primaryImageOfPage\":{\"@id\":\"https:\\\/\\\/cklcomunicaciones.es\\\/coop\\\/noticias-info-ckl-no-2898-18-10-24\\\/#primaryimage\"},\"image\":{\"@id\":\"https:\\\/\\\/cklcomunicaciones.es\\\/coop\\\/noticias-info-ckl-no-2898-18-10-24\\\/#primaryimage\"},\"thumbnailUrl\":\"https:\\\/\\\/cklcomunicaciones.es\\\/coop\\\/wp-content\\\/uploads\\\/2025\\\/01\\\/CKL-una-mirada-distinta-de-la-comunicacion.jpg\",\"datePublished\":\"2024-10-18T17:28:23+00:00\",\"dateModified\":\"2025-02-11T14:17:10+00:00\",\"author\":{\"@id\":\"https:\\\/\\\/cklcomunicaciones.es\\\/coop\\\/#\\\/schema\\\/person\\\/929a6837f7626450bbb50cee1aef266e\"},\"description\":\"Noticias Info CKL n\u00ba 2898-18\\\/10\\\/24 Las mujeres rurales miran a la UE para romper las brechas de g\u00e9nero a\u00fan vigentes * La Ley de Paridad: un avance significativo ante la igualdad de g\u00e9nero en el trabajo * Tulsa Premio Nacional de M\u00fasicas Actuales 2024 * Trabajadora 40 a\u00f1os de la revista pionera en unir feminismo y clase\",\"breadcrumb\":{\"@id\":\"https:\\\/\\\/cklcomunicaciones.es\\\/coop\\\/noticias-info-ckl-no-2898-18-10-24\\\/#breadcrumb\"},\"inLanguage\":\"es\",\"potentialAction\":[{\"@type\":\"ReadAction\",\"target\":[\"https:\\\/\\\/cklcomunicaciones.es\\\/coop\\\/noticias-info-ckl-no-2898-18-10-24\\\/\"]}]},{\"@type\":\"ImageObject\",\"inLanguage\":\"es\",\"@id\":\"https:\\\/\\\/cklcomunicaciones.es\\\/coop\\\/noticias-info-ckl-no-2898-18-10-24\\\/#primaryimage\",\"url\":\"https:\\\/\\\/cklcomunicaciones.es\\\/coop\\\/wp-content\\\/uploads\\\/2025\\\/01\\\/CKL-una-mirada-distinta-de-la-comunicacion.jpg\",\"contentUrl\":\"https:\\\/\\\/cklcomunicaciones.es\\\/coop\\\/wp-content\\\/uploads\\\/2025\\\/01\\\/CKL-una-mirada-distinta-de-la-comunicacion.jpg\",\"width\":1482,\"height\":775,\"caption\":\"CKL - una mirada distinta de la comunicacion\"},{\"@type\":\"BreadcrumbList\",\"@id\":\"https:\\\/\\\/cklcomunicaciones.es\\\/coop\\\/noticias-info-ckl-no-2898-18-10-24\\\/#breadcrumb\",\"itemListElement\":[{\"@type\":\"ListItem\",\"position\":1,\"name\":\"Portada\",\"item\":\"https:\\\/\\\/cklcomunicaciones.es\\\/coop\\\/\"},{\"@type\":\"ListItem\",\"position\":2,\"name\":\"Noticias Info CKL n\u00ba 2898-18\\\/10\\\/24\"}]},{\"@type\":\"WebSite\",\"@id\":\"https:\\\/\\\/cklcomunicaciones.es\\\/coop\\\/#website\",\"url\":\"https:\\\/\\\/cklcomunicaciones.es\\\/coop\\\/\",\"name\":\"CKL Comunicaciones\",\"description\":\"Sitio web de CKL Comunicaciones coop , la consultora de comunicaci\u00f3n y estrategia\",\"potentialAction\":[{\"@type\":\"SearchAction\",\"target\":{\"@type\":\"EntryPoint\",\"urlTemplate\":\"https:\\\/\\\/cklcomunicaciones.es\\\/coop\\\/?s={search_term_string}\"},\"query-input\":{\"@type\":\"PropertyValueSpecification\",\"valueRequired\":true,\"valueName\":\"search_term_string\"}}],\"inLanguage\":\"es\"},{\"@type\":\"Person\",\"@id\":\"https:\\\/\\\/cklcomunicaciones.es\\\/coop\\\/#\\\/schema\\\/person\\\/929a6837f7626450bbb50cee1aef266e\",\"name\":\"ckl\",\"image\":{\"@type\":\"ImageObject\",\"inLanguage\":\"es\",\"@id\":\"https:\\\/\\\/secure.gravatar.com\\\/avatar\\\/c82db564e8a669bf6023357a157b9dc4780f4d4c618f2ad1d71a6a5dede45057?s=96&d=mm&r=g\",\"url\":\"https:\\\/\\\/secure.gravatar.com\\\/avatar\\\/c82db564e8a669bf6023357a157b9dc4780f4d4c618f2ad1d71a6a5dede45057?s=96&d=mm&r=g\",\"contentUrl\":\"https:\\\/\\\/secure.gravatar.com\\\/avatar\\\/c82db564e8a669bf6023357a157b9dc4780f4d4c618f2ad1d71a6a5dede45057?s=96&d=mm&r=g\",\"caption\":\"ckl\"},\"url\":\"https:\\\/\\\/cklcomunicaciones.es\\\/coop\\\/author\\\/cklcomunicaciones\\\/\"}]}<\/script>\n<!-- \/ Yoast SEO plugin. -->","yoast_head_json":{"title":"Noticias Info CKL n\u00ba 2898-18\/10\/24-Comunicar con perspectiva de g\u00e9nero","description":"Noticias Info CKL n\u00ba 2898-18\/10\/24 Las mujeres rurales miran a la UE para romper las brechas de g\u00e9nero a\u00fan vigentes * La Ley de Paridad: un avance significativo ante la igualdad de g\u00e9nero en el trabajo * Tulsa Premio Nacional de M\u00fasicas Actuales 2024 * Trabajadora 40 a\u00f1os de la revista pionera en unir feminismo y clase","robots":{"index":"index","follow":"follow","max-snippet":"max-snippet:-1","max-image-preview":"max-image-preview:large","max-video-preview":"max-video-preview:-1"},"canonical":"https:\/\/cklcomunicaciones.es\/coop\/noticias-info-ckl-no-2898-18-10-24\/","og_locale":"es_ES","og_type":"article","og_title":"Noticias Info CKL n\u00ba 2898-18\/10\/24-Comunicar con perspectiva de g\u00e9nero","og_description":"Noticias Info CKL n\u00ba 2898-18\/10\/24 Las mujeres rurales miran a la UE para romper las brechas de g\u00e9nero a\u00fan vigentes * La Ley de Paridad: un avance significativo ante la igualdad de g\u00e9nero en el trabajo * Tulsa Premio Nacional de M\u00fasicas Actuales 2024 * Trabajadora 40 a\u00f1os de la revista pionera en unir feminismo y clase","og_url":"https:\/\/cklcomunicaciones.es\/coop\/noticias-info-ckl-no-2898-18-10-24\/","og_site_name":"CKL Comunicaciones","article_published_time":"2024-10-18T17:28:23+00:00","article_modified_time":"2025-02-11T14:17:10+00:00","og_image":[{"width":1482,"height":775,"url":"https:\/\/cklcomunicaciones.es\/coop\/wp-content\/uploads\/2025\/01\/CKL-una-mirada-distinta-de-la-comunicacion.jpg","type":"image\/jpeg"}],"author":"ckl","twitter_card":"summary_large_image","twitter_misc":{"Escrito por":"ckl","Tiempo de lectura":"7 minutos"},"schema":{"@context":"https:\/\/schema.org","@graph":[{"@type":"Article","@id":"https:\/\/cklcomunicaciones.es\/coop\/noticias-info-ckl-no-2898-18-10-24\/#article","isPartOf":{"@id":"https:\/\/cklcomunicaciones.es\/coop\/noticias-info-ckl-no-2898-18-10-24\/"},"author":{"name":"ckl","@id":"https:\/\/cklcomunicaciones.es\/coop\/#\/schema\/person\/929a6837f7626450bbb50cee1aef266e"},"headline":"Noticias Info CKL n\u00ba 2898-18\/10\/24","datePublished":"2024-10-18T17:28:23+00:00","dateModified":"2025-02-11T14:17:10+00:00","mainEntityOfPage":{"@id":"https:\/\/cklcomunicaciones.es\/coop\/noticias-info-ckl-no-2898-18-10-24\/"},"wordCount":1497,"image":{"@id":"https:\/\/cklcomunicaciones.es\/coop\/noticias-info-ckl-no-2898-18-10-24\/#primaryimage"},"thumbnailUrl":"https:\/\/cklcomunicaciones.es\/coop\/wp-content\/uploads\/2025\/01\/CKL-una-mirada-distinta-de-la-comunicacion.jpg","keywords":["ley de paridad","mujeres rurales"],"articleSection":["Newsletter","Nwl v.4.0"],"inLanguage":"es"},{"@type":"WebPage","@id":"https:\/\/cklcomunicaciones.es\/coop\/noticias-info-ckl-no-2898-18-10-24\/","url":"https:\/\/cklcomunicaciones.es\/coop\/noticias-info-ckl-no-2898-18-10-24\/","name":"Noticias Info CKL n\u00ba 2898-18\/10\/24-Comunicar con perspectiva de g\u00e9nero","isPartOf":{"@id":"https:\/\/cklcomunicaciones.es\/coop\/#website"},"primaryImageOfPage":{"@id":"https:\/\/cklcomunicaciones.es\/coop\/noticias-info-ckl-no-2898-18-10-24\/#primaryimage"},"image":{"@id":"https:\/\/cklcomunicaciones.es\/coop\/noticias-info-ckl-no-2898-18-10-24\/#primaryimage"},"thumbnailUrl":"https:\/\/cklcomunicaciones.es\/coop\/wp-content\/uploads\/2025\/01\/CKL-una-mirada-distinta-de-la-comunicacion.jpg","datePublished":"2024-10-18T17:28:23+00:00","dateModified":"2025-02-11T14:17:10+00:00","author":{"@id":"https:\/\/cklcomunicaciones.es\/coop\/#\/schema\/person\/929a6837f7626450bbb50cee1aef266e"},"description":"Noticias Info CKL n\u00ba 2898-18\/10\/24 Las mujeres rurales miran a la UE para romper las brechas de g\u00e9nero a\u00fan vigentes * La Ley de Paridad: un avance significativo ante la igualdad de g\u00e9nero en el trabajo * Tulsa Premio Nacional de M\u00fasicas Actuales 2024 * Trabajadora 40 a\u00f1os de la revista pionera en unir feminismo y clase","breadcrumb":{"@id":"https:\/\/cklcomunicaciones.es\/coop\/noticias-info-ckl-no-2898-18-10-24\/#breadcrumb"},"inLanguage":"es","potentialAction":[{"@type":"ReadAction","target":["https:\/\/cklcomunicaciones.es\/coop\/noticias-info-ckl-no-2898-18-10-24\/"]}]},{"@type":"ImageObject","inLanguage":"es","@id":"https:\/\/cklcomunicaciones.es\/coop\/noticias-info-ckl-no-2898-18-10-24\/#primaryimage","url":"https:\/\/cklcomunicaciones.es\/coop\/wp-content\/uploads\/2025\/01\/CKL-una-mirada-distinta-de-la-comunicacion.jpg","contentUrl":"https:\/\/cklcomunicaciones.es\/coop\/wp-content\/uploads\/2025\/01\/CKL-una-mirada-distinta-de-la-comunicacion.jpg","width":1482,"height":775,"caption":"CKL - una mirada distinta de la comunicacion"},{"@type":"BreadcrumbList","@id":"https:\/\/cklcomunicaciones.es\/coop\/noticias-info-ckl-no-2898-18-10-24\/#breadcrumb","itemListElement":[{"@type":"ListItem","position":1,"name":"Portada","item":"https:\/\/cklcomunicaciones.es\/coop\/"},{"@type":"ListItem","position":2,"name":"Noticias Info CKL n\u00ba 2898-18\/10\/24"}]},{"@type":"WebSite","@id":"https:\/\/cklcomunicaciones.es\/coop\/#website","url":"https:\/\/cklcomunicaciones.es\/coop\/","name":"CKL Comunicaciones","description":"Sitio web de CKL Comunicaciones coop , la consultora de comunicaci\u00f3n y estrategia","potentialAction":[{"@type":"SearchAction","target":{"@type":"EntryPoint","urlTemplate":"https:\/\/cklcomunicaciones.es\/coop\/?s={search_term_string}"},"query-input":{"@type":"PropertyValueSpecification","valueRequired":true,"valueName":"search_term_string"}}],"inLanguage":"es"},{"@type":"Person","@id":"https:\/\/cklcomunicaciones.es\/coop\/#\/schema\/person\/929a6837f7626450bbb50cee1aef266e","name":"ckl","image":{"@type":"ImageObject","inLanguage":"es","@id":"https:\/\/secure.gravatar.com\/avatar\/c82db564e8a669bf6023357a157b9dc4780f4d4c618f2ad1d71a6a5dede45057?s=96&d=mm&r=g","url":"https:\/\/secure.gravatar.com\/avatar\/c82db564e8a669bf6023357a157b9dc4780f4d4c618f2ad1d71a6a5dede45057?s=96&d=mm&r=g","contentUrl":"https:\/\/secure.gravatar.com\/avatar\/c82db564e8a669bf6023357a157b9dc4780f4d4c618f2ad1d71a6a5dede45057?s=96&d=mm&r=g","caption":"ckl"},"url":"https:\/\/cklcomunicaciones.es\/coop\/author\/cklcomunicaciones\/"}]}},"_links":{"self":[{"href":"https:\/\/cklcomunicaciones.es\/coop\/wp-json\/wp\/v2\/posts\/22116","targetHints":{"allow":["GET"]}}],"collection":[{"href":"https:\/\/cklcomunicaciones.es\/coop\/wp-json\/wp\/v2\/posts"}],"about":[{"href":"https:\/\/cklcomunicaciones.es\/coop\/wp-json\/wp\/v2\/types\/post"}],"author":[{"embeddable":true,"href":"https:\/\/cklcomunicaciones.es\/coop\/wp-json\/wp\/v2\/users\/3"}],"replies":[{"embeddable":true,"href":"https:\/\/cklcomunicaciones.es\/coop\/wp-json\/wp\/v2\/comments?post=22116"}],"version-history":[{"count":0,"href":"https:\/\/cklcomunicaciones.es\/coop\/wp-json\/wp\/v2\/posts\/22116\/revisions"}],"wp:featuredmedia":[{"embeddable":true,"href":"https:\/\/cklcomunicaciones.es\/coop\/wp-json\/wp\/v2\/media\/22909"}],"wp:attachment":[{"href":"https:\/\/cklcomunicaciones.es\/coop\/wp-json\/wp\/v2\/media?parent=22116"}],"wp:term":[{"taxonomy":"category","embeddable":true,"href":"https:\/\/cklcomunicaciones.es\/coop\/wp-json\/wp\/v2\/categories?post=22116"},{"taxonomy":"post_tag","embeddable":true,"href":"https:\/\/cklcomunicaciones.es\/coop\/wp-json\/wp\/v2\/tags?post=22116"}],"curies":[{"name":"wp","href":"https:\/\/api.w.org\/{rel}","templated":true}]}}