{"id":22114,"date":"2024-10-04T14:21:02","date_gmt":"2024-10-04T12:21:02","guid":{"rendered":"https:\/\/www.cklcomunicaciones.es\/?p=21313"},"modified":"2025-02-11T15:04:12","modified_gmt":"2025-02-11T14:04:12","slug":"noticias-info-ckl-no-2896-04-10-24","status":"publish","type":"post","link":"https:\/\/cklcomunicaciones.es\/coop\/noticias-info-ckl-no-2896-04-10-24\/","title":{"rendered":"Noticias Info CKL n\u00ba 2896-04\/10\/24"},"content":{"rendered":"<div class=\"fusion-fullwidth fullwidth-box fusion-builder-row-1 fusion-flex-container nonhundred-percent-fullwidth non-hundred-percent-height-scrolling\" style=\"--awb-border-radius-top-left:0px;--awb-border-radius-top-right:0px;--awb-border-radius-bottom-right:0px;--awb-border-radius-bottom-left:0px;--awb-flex-wrap:wrap;\" ><div class=\"fusion-builder-row fusion-row fusion-flex-align-items-flex-start fusion-flex-content-wrap\" style=\"max-width:1248px;margin-left: calc(-4% \/ 2 );margin-right: calc(-4% \/ 2 );\"><div class=\"fusion-layout-column fusion_builder_column fusion-builder-column-0 fusion_builder_column_1_1 1_1 fusion-flex-column\" style=\"--awb-bg-blend:overlay;--awb-bg-size:cover;--awb-width-large:100%;--awb-margin-top-large:0px;--awb-spacing-right-large:1.92%;--awb-margin-bottom-large:0px;--awb-spacing-left-large:1.92%;--awb-width-medium:100%;--awb-spacing-right-medium:1.92%;--awb-spacing-left-medium:1.92%;--awb-width-small:100%;--awb-spacing-right-small:1.92%;--awb-spacing-left-small:1.92%;\"><div class=\"fusion-column-wrapper fusion-flex-justify-content-flex-start fusion-content-layout-column\"><div class=\"fusion-text fusion-text-1\"><h1>Convocatorias<\/h1>\n<div id=\"\" class=\"lsow-panel lsow-active\">\n<div class=\"lsow-panel-content\">\n<ul>\n<li>Curso de Autocuidado para profesionales que trabajan en el \u00e1mbito de la violencia de g\u00e9nero. 16, 21, 23 y 28 de octubre de 2024.\u00a020 horas.\u00a0Columbares.\u00a0<a href=\"https:\/\/columbares.org\/comienza-el-curso-de-autocuidado-para-profesionales-que-trabajan-en-el-ambito-de-la-violencia-de-genero\/\" target=\"_blank\" rel=\"noopener\" data-saferedirecturl=\"https:\/\/www.google.com\/url?q=https:\/\/columbares.org\/comienza-el-curso-de-autocuidado-para-profesionales-que-trabajan-en-el-ambito-de-la-violencia-de-genero\/&amp;source=gmail&amp;ust=1728127809884000&amp;usg=AOvVaw2eeoFR4OxtnZno9pUocFF_\">M\u00e1s informaci\u00f3n<\/a>.\u00a0<a href=\"https:\/\/docs.google.com\/forms\/d\/e\/1FAIpQLSfkwSB070GAJhYGBBDZX8DvKT-fl2O7_B0-979vGm6C5N0N5w\/viewform\" target=\"_blank\" rel=\"noopener\" data-saferedirecturl=\"https:\/\/www.google.com\/url?q=https:\/\/docs.google.com\/forms\/d\/e\/1FAIpQLSfkwSB070GAJhYGBBDZX8DvKT-fl2O7_B0-979vGm6C5N0N5w\/viewform&amp;source=gmail&amp;ust=1728127809884000&amp;usg=AOvVaw1G1uUs7PFqZf8rRE7lYo77\">Inscripciones.<\/a><\/li>\n<li>Webinario \u201cSesgos de g\u00e9nero en la detecci\u00f3n y atenci\u00f3n de necesidades educativas especiales: la invisibilidad de las ni\u00f1as\u201d.\u00a0CERMI Andaluc\u00eda. 14 de octubre. De 17 a 19 horas.\u00a0<a href=\"https:\/\/www.cermiandalucia.es\/webinario-1-sesgos-geacutenero-y-neae.html\" target=\"_blank\" rel=\"noopener\" data-saferedirecturl=\"https:\/\/www.google.com\/url?q=https:\/\/www.cermiandalucia.es\/webinario-1-sesgos-geacutenero-y-neae.html&amp;source=gmail&amp;ust=1728127809884000&amp;usg=AOvVaw2rfHocsZ4Y4aK87FB1TPhJ\">M\u00e1s informaci\u00f3n<\/a>.\u00a0<a href=\"https:\/\/docs.google.com\/forms\/d\/e\/1FAIpQLScvRup_VlhpUYTEW3WjPQ_O5n_FB05C8O_o0cP3dorGPCyT7w\/viewform\" target=\"_blank\" rel=\"noopener\" data-saferedirecturl=\"https:\/\/www.google.com\/url?q=https:\/\/docs.google.com\/forms\/d\/e\/1FAIpQLScvRup_VlhpUYTEW3WjPQ_O5n_FB05C8O_o0cP3dorGPCyT7w\/viewform&amp;source=gmail&amp;ust=1728127809884000&amp;usg=AOvVaw3FTWpqXk-B9MNyz10Z_Zqo\">Inscripciones.<\/a><\/li>\n<li>Proyecto CREA Y EMPRENDE +. Fundaci\u00f3n INCYDE. Del 3 al 25 de octubre.\u00a0<a href=\"https:\/\/www.camarasandalucia.com\/proyecto-crea-y-emprende\/\" target=\"_blank\" rel=\"noopener\" data-saferedirecturl=\"https:\/\/www.google.com\/url?q=https:\/\/www.camarasandalucia.com\/proyecto-crea-y-emprende\/&amp;source=gmail&amp;ust=1728127809884000&amp;usg=AOvVaw0t_3HR7FFKzusXwaQIJkaK\">M\u00e1s informaci\u00f3n<\/a>.\u00a0<a href=\"https:\/\/docs.google.com\/forms\/d\/e\/1FAIpQLSdDI7iuLkbWmVLFpDTpJAs191r6UZrPYGLjkgaywN2RC1NUSA\/viewform\" target=\"_blank\" rel=\"noopener\" data-saferedirecturl=\"https:\/\/www.google.com\/url?q=https:\/\/docs.google.com\/forms\/d\/e\/1FAIpQLSdDI7iuLkbWmVLFpDTpJAs191r6UZrPYGLjkgaywN2RC1NUSA\/viewform&amp;source=gmail&amp;ust=1728127809884000&amp;usg=AOvVaw0m_OXUIK2XNm5nqrGwUhtF\">Inscripciones<\/a>.<\/li>\n<\/ul>\n<\/div>\n<\/div>\n<div id=\"\" class=\"lsow-panel lsow-active\">\n<div class=\"lsow-panel-title\"><strong>Comunicaci\u00f3n, Publicidad y TICs<\/strong><\/div>\n<div class=\"lsow-panel-content\">\n<p><a class=\"title\" href=\"https:\/\/www.servimedia.es\/noticias\/igualdad-publico-rinden-hoy-homenaje-mujeres-cambiaron-historia-tras-transicion\/1410268451\" target=\"_blank\" rel=\"noopener\" data-artpy=\"0\" data-author=\"Servimedia\">Igualdad y &#8216;P\u00fablico&#8217; rinden hoy un homenaje a mujeres que cambiaron la historia tras la Transici\u00f3n<\/a>-servimedia<br \/>\n<a class=\"title\" href=\"https:\/\/www.europapress.es\/andalucia\/malaga-00356\/noticia-diputacion-anima-descubrir-voces-femeninas-malaga-encuentro-periodista-musical-ana-ramos-20241001140907.html\" target=\"_blank\" rel=\"noopener\" data-artpy=\"0\" data-author=\"Europa Press\">La Diputaci\u00f3n anima a descubrir las voces femeninas de M\u00e1laga en un encuentro con la periodista musical Ana Ramos<\/a>-europapress<br \/>\n<a class=\"title\" href=\"https:\/\/www.unesco.org\/es\/gender-equality\/media-gender-equality\" target=\"_blank\" rel=\"noopener\" data-artpy=\"0\" data-author=\"UNESCO\">Medios de comunicaci\u00f3n e igualdad de g\u00e9nero<\/a>-unesco<br \/>\n<a class=\"title\" href=\"https:\/\/www.mundodeportivo.com\/actualidad\/20241003\/1002326915\/indignacion-maxima-resena-sexista-cliente-gentuza-deje-hosteleria-dct.html\" target=\"_blank\" rel=\"noopener\" data-artpy=\"0\" data-author=\"Mundo Deportivo\">Indignaci\u00f3n m\u00e1xima por la rese\u00f1a sexista de un cliente: \u00abPor gentuza como esta dej\u00e9 la hosteler\u00eda\u00bb<\/a>-mundodeportivo<br \/>\n<a class=\"title\" href=\"https:\/\/www.65ymas.com\/sociedad\/desarrollan-guia-comunicacion-libre-edadismo_63644_102.html\" target=\"_blank\" rel=\"noopener\" data-artpy=\"0\" data-author=\"65ymas\">Desarrollan una gu\u00eda para \u00abuna comunicaci\u00f3n libre de edadismo\u00bb<\/a>-65ymas<br \/>\n<a class=\"title\" href=\"https:\/\/theobjective.com\/espana\/politica\/2024-10-02\/yolanda-diaz-cnmc-registro-medios\/\" target=\"_blank\" rel=\"noopener\" data-artpy=\"0\" data-author=\"The Objective\">Yolanda D\u00edaz quiere colocar en la CNMC a una persona de confianza para el registro de medios<\/a>-theobjective<\/p>\n<\/div>\n<\/div>\n<div id=\"\" class=\"lsow-panel lsow-active\">\n<h1 class=\"lsow-panel-title\">Andaluc\u00eda<\/h1>\n<div class=\"lsow-panel-content\">\n<div class=\"source set_top\">\n<div data-priority=\"2\" aria-hidden=\"true\">\n<p><strong>Econom\u00eda y Empresa<br \/>\n<\/strong><a class=\"title\" href=\"https:\/\/www.europapress.es\/andalucia\/malaga-00356\/noticia-junta-destaca-empresarios-andalucia-tiene-economia-fiable-tierra-fiar-20241001163720.html\" target=\"_blank\" rel=\"noopener\" data-artpy=\"0\" data-author=\"Europa Press\">La Junta destaca ante los empresarios que \u00abAndaluc\u00eda tiene una econom\u00eda fiable y es una tierra de fiar\u00bb<\/a>-europapress<strong><br \/>\n<\/strong><a href=\"https:\/\/www.google.com\/url?rct=j&amp;sa=t&amp;url=https:\/\/www.europapress.es\/andalucia\/noticia-blanco-indica-datos-desempleo-no-son-buenos-apunta-fortalezas-economia-andaluza-20241002123801.html&amp;ct=ga&amp;cd=CAEYASoTMjkzNDE4Mzk5ODg3MjYwMzQzOTIZZDc4ZTU4NzVhMGYxZjJhYzplczplczpFUw&amp;usg=AOvVaw0RlZBeHgNnGs_RsdSnNUm8\" target=\"_blank\" rel=\"noopener\" data-saferedirecturl=\"https:\/\/www.google.com\/url?q=https:\/\/www.google.com\/url?rct%3Dj%26sa%3Dt%26url%3Dhttps:\/\/www.europapress.es\/andalucia\/noticia-blanco-indica-datos-desempleo-no-son-buenos-apunta-fortalezas-economia-andaluza-20241002123801.html%26ct%3Dga%26cd%3DCAEYASoTMjkzNDE4Mzk5ODg3MjYwMzQzOTIZZDc4ZTU4NzVhMGYxZjJhYzplczplczpFUw%26usg%3DAOvVaw0RlZBeHgNnGs_RsdSnNUm8&amp;source=gmail&amp;ust=1727969159883000&amp;usg=AOvVaw2nTtUfc6UhcrM7wYa-1XY7\">Blanco indica que los datos del desempleo no son \u00abbuenos\u00bb pero apunta a las \u00abfortalezas &#8230;-<\/a><a>Europa Press<br \/>\n<\/a><a class=\"title\" href=\"https:\/\/www.bolsamania.com\/noticias\/empresas\/economia--deoleo-impulsa-el-primer-congreso-sobre-la-mujer-en-el-sector-del-aceite-el-14-de-octubre--17585219.html\" target=\"_blank\" rel=\"noopener\" data-artpy=\"0\" data-author=\"Capitalbolsa\">Deoleo impulsa el primer congreso sobre la mujer en el sector del aceite el 14 de octubre-\u00a0<\/a><a>bolsamania<br \/>\n<\/a><a class=\"title\" href=\"https:\/\/www.telecinco.es\/noticias\/andalucia\/20240929\/emprender-mayores-50-desafio-estetico-grupo-mujeres-sevillanas_18_013534816.html\" target=\"_blank\" rel=\"noopener\" data-artpy=\"0\" data-author=\"TeleCinco\">Emprender a los 50: el desaf\u00edo &#8216;est\u00e9tico&#8217; de unas mujeres sevillanas \u00abdemasiado mayores\u00bb para trabajar<\/a>-telecinco<a><br \/>\n<\/a><\/p>\n<p><strong>Actualidad<br \/>\n<\/strong><a class=\"title\" href=\"https:\/\/cadenaser.com\/andalucia\/2024\/10\/03\/la-diputacion-de-jaen-marca-sus-lineas-de-igualdad-con-un-nuevo-plan-provincial-a-cuatro-anos-radio-jaen\/\" target=\"_blank\" rel=\"noopener\" data-artpy=\"0\" data-author=\"Cadena SER\">La Diputaci\u00f3n de Ja\u00e9n marca sus l\u00edneas de igualdad con un nuevo plan provincial a cuatro a\u00f1os<\/a>-ser<strong><br \/>\n<\/strong><a class=\"title\" href=\"https:\/\/www.europapress.es\/esandalucia\/sevilla\/noticia-llamadas-telefono-andaluz-mujeres-aumentan-26-meses-julio-agosto-20240928095111.html\" target=\"_blank\" rel=\"noopener\" data-artpy=\"0\" data-author=\"Europa Press\">Las llamadas al tel\u00e9fono andaluz de las mujeres aumentan un 26% en los meses de julio y agosto<\/a>-europapress<br \/>\n<a href=\"https:\/\/www.google.com\/url?rct=j&amp;sa=t&amp;url=https:\/\/www.servimedia.es\/noticias\/junta-andalucia-abre-una-nueva-aula-programa-edyta-favor-mujeres-riesgo-exclusion\/1410269264&amp;ct=ga&amp;cd=CAEYACoUMTM2OTk2MTEyOTMxNjg5MDQ3OTkyGzlhYjFjZGQ3ZTM2NmVmMzg6ZXM6ZXM6RVM6Ug&amp;usg=AOvVaw3yUhgAi89g73i9efndPCsN\" target=\"_blank\" rel=\"noopener\" data-saferedirecturl=\"https:\/\/www.google.com\/url?q=https:\/\/www.google.com\/url?rct%3Dj%26sa%3Dt%26url%3Dhttps:\/\/www.servimedia.es\/noticias\/junta-andalucia-abre-una-nueva-aula-programa-edyta-favor-mujeres-riesgo-exclusion\/1410269264%26ct%3Dga%26cd%3DCAEYACoUMTM2OTk2MTEyOTMxNjg5MDQ3OTkyGzlhYjFjZGQ3ZTM2NmVmMzg6ZXM6ZXM6RVM6Ug%26usg%3DAOvVaw3yUhgAi89g73i9efndPCsN&amp;source=gmail&amp;ust=1727975877062000&amp;usg=AOvVaw1_dTb4HxNmhDSBdQo5Due5\">La Junta de Andaluc\u00eda abre una nueva aula del programa &#8216;EDYTA&#8217; a favor de las mujeres &#8230;-\u00a0<\/a><a>Servimedia<br \/>\n<\/a><a href=\"https:\/\/www.google.com\/url?rct=j&amp;sa=t&amp;url=https:\/\/www.ideal.es\/granada\/iam-ayuntamiento-granada-esada-unen-visibilizar-mujer-20241003115857-nt.html&amp;ct=ga&amp;cd=CAEYACoTMzUwNTI2MDc2ODY1MDk3ODI0MzIbOWFiMWNkZDdlMzY2ZWYzODplczplczpFUzpS&amp;usg=AOvVaw05iquwjnVQ2qHcNzeVFk2s\" target=\"_blank\" rel=\"noopener\" data-saferedirecturl=\"https:\/\/www.google.com\/url?q=https:\/\/www.google.com\/url?rct%3Dj%26sa%3Dt%26url%3Dhttps:\/\/www.ideal.es\/granada\/iam-ayuntamiento-granada-esada-unen-visibilizar-mujer-20241003115857-nt.html%26ct%3Dga%26cd%3DCAEYACoTMzUwNTI2MDc2ODY1MDk3ODI0MzIbOWFiMWNkZDdlMzY2ZWYzODplczplczpFUzpS%26usg%3DAOvVaw05iquwjnVQ2qHcNzeVFk2s&amp;source=gmail&amp;ust=1728109816685000&amp;usg=AOvVaw1t4yI2aH7FruE3bg4Qx4be\">El IAM, el Ayuntamiento de Granada y ESADA se unen para visibilizar a la mujer en los videojuegos-\u00a0<\/a><a>Ideal<br \/>\n<\/a><a class=\"title\" href=\"https:\/\/www.laopiniondemalaga.es\/andalucia\/2024\/09\/27\/cancer-mama-problema-salud-preocupa-mujeres-108645741.html\" target=\"_blank\" rel=\"noopener\" data-artpy=\"0\" data-author=\"Deportes\">El c\u00e1ncer de mama es el problema de salud que m\u00e1s preocupa a las andaluzas-\u00a0<\/a>laopiniondemalaga<\/p>\n<p><strong>Violencias<\/strong><br \/>\n<a class=\"title\" href=\"https:\/\/www.msn.com\/es-es\/noticias\/espana\/la-junta-organiza-un-congreso-para-el-estudio-de-la-violencia-contra-las-mujeres-en-el-%C3%A1mbito-digital\/ar-AA1rGTwv?ocid=BingNewsVerp\" target=\"_blank\" rel=\"noopener\" data-artpy=\"0\" data-author=\"Europa Press on MSN\">La Junta organiza en Sevilla un congreso para el estudio de la violencia contra las mujeres en el \u00e1mbito digital<\/a>-europapress<strong><br \/>\n<\/strong><a title=\"La ONU premia a Andaluc\u00eda por la iniciativa 'Centros sanitarios comprometidos contra la violencia de g\u00e9nero'\" href=\"https:\/\/www.juntadeandalucia.es\/presidencia\/portavoz\/salud\/197305\/Centrossanitarioscomprometidoscontralaviolenciadegenero\/proyecto\/premiointernacional\/ONU\/ConsejeriadeSaludyConsumo\">La ONU premia a Andaluc\u00eda por la iniciativa &#8216;Centros sanitarios comprometidos contra la violencia de g\u00e9nero&#8217;<\/a>-juntadeandalucia<a><br \/>\n<\/a><\/p>\n<p><b>Ciencia y Cultura<br \/>\n<\/b><a class=\"title\" href=\"https:\/\/cadenaser.com\/nacional\/2024\/10\/04\/carmen-paradas-con-apenas-unos-milimetros-de-musculo-de-un-paciente-con-ela-podemos-avanzar-muchisimo-en-investigacion-cadena-ser\/\" target=\"_blank\" rel=\"noopener\" data-artpy=\"0\" data-author=\"Cadena SER\">Carmen Paradas, neur\u00f3loga: \u00abCon apenas unos mil\u00edmetros de m\u00fasculo de un paciente con ELA podemos avanzar mucho en<\/a>&#8230;-ser<b><br \/>\n<\/b><a class=\"title\" href=\"https:\/\/www.europapress.es\/esandalucia\/granada\/noticia-junta-andalucia-oferta-medio-centenar-cursos-especializacion-artes-escenicas-profesionales-20240930132625.html\" target=\"_blank\" rel=\"noopener\" data-artpy=\"0\" data-author=\"Europa Press\">La Junta de Andaluc\u00eda oferta medio centenar de cursos de especializaci\u00f3n en artes esc\u00e9nicas para profesionales<\/a>-europapress<b><br \/>\n<\/b><a href=\"https:\/\/www.google.com\/url?rct=j&amp;sa=t&amp;url=https:\/\/www.us.es\/actualidad-de-la-us\/el-amor-y-la-identidad-de-genero-los-grandes-temas-del-nuevo-programa-teatral&amp;ct=ga&amp;cd=CAEYACoTODI5ODgwNTgxMjcwOTY1OTAxMTIZNTlkNzgxNzEzNmEyZDAyODplczplczpFUw&amp;usg=AOvVaw2zbPGjF_EkcUFbjDBOymx2\" target=\"_blank\" rel=\"noopener\" data-saferedirecturl=\"https:\/\/www.google.com\/url?q=https:\/\/www.google.com\/url?rct%3Dj%26sa%3Dt%26url%3Dhttps:\/\/www.us.es\/actualidad-de-la-us\/el-amor-y-la-identidad-de-genero-los-grandes-temas-del-nuevo-programa-teatral%26ct%3Dga%26cd%3DCAEYACoTODI5ODgwNTgxMjcwOTY1OTAxMTIZNTlkNzgxNzEzNmEyZDAyODplczplczpFUw%26usg%3DAOvVaw2zbPGjF_EkcUFbjDBOymx2&amp;source=gmail&amp;ust=1727973717444000&amp;usg=AOvVaw1CMtrRCnACVhVT3HXQmY1Q\">El amor y la identidad de\u00a0<b>g<\/b>\u00e9nero, los grandes temas del nuevo programa teatral Estr\u00e9nate-\u00a0<\/a><a>Universidad de Sevilla<br \/>\n<\/a><a href=\"https:\/\/www.google.com\/url?rct=j&amp;sa=t&amp;url=https:\/\/www.diariodealmeria.es\/almeria\/comienza-xv-ciclo-cine-derechos_0_2002486769.html&amp;ct=ga&amp;cd=CAEYBSoUMTM2OTk2MTEyOTMxNjg5MDQ3OTkyGzlhYjFjZGQ3ZTM2NmVmMzg6ZXM6ZXM6RVM6Ug&amp;usg=AOvVaw2v8_aY59wNgB5kGMlNxRdO\" target=\"_blank\" rel=\"noopener\" data-saferedirecturl=\"https:\/\/www.google.com\/url?q=https:\/\/www.google.com\/url?rct%3Dj%26sa%3Dt%26url%3Dhttps:\/\/www.diariodealmeria.es\/almeria\/comienza-xv-ciclo-cine-derechos_0_2002486769.html%26ct%3Dga%26cd%3DCAEYBSoUMTM2OTk2MTEyOTMxNjg5MDQ3OTkyGzlhYjFjZGQ3ZTM2NmVmMzg6ZXM6ZXM6RVM6Ug%26usg%3DAOvVaw2v8_aY59wNgB5kGMlNxRdO&amp;source=gmail&amp;ust=1727975877063000&amp;usg=AOvVaw2Gxuri1tqYP0DwNRIcS4mA\">Comienza el XV Ciclo de Cine y Derechos Humanos de Almer\u00eda-\u00a0<\/a><a>Diario de Almer\u00eda<br \/>\n<\/a><a class=\"title\" href=\"https:\/\/www.msn.com\/es-es\/noticias\/espana\/el-lenguaje-y-la-materia-se-combinan-en-el-c3a-de-la-mano-de-alegr%C3%ADa-y-pi%C3%B1ero\/ar-AA1rjTXq?ocid=BingNewsVerp\" target=\"_blank\" rel=\"noopener\" data-artpy=\"0\" data-author=\"Europa Press on MSN\">El lenguaje y la materia se combinan en el C3A de la mano de Alegr\u00eda y Pi\u00f1ero<\/a>-europapress<br \/>\n<a class=\"title\" href=\"https:\/\/www.msn.com\/es-es\/noticias\/internacional\/el-franquismo-borr%C3%B3-el-papel-de-la-mujer-en-la-historia-y-esos-ecos-a%C3%BAn-resuenan-hoy\/ar-AA1rGkYQ?ocid=BingNewsVerp\" target=\"_blank\" rel=\"noopener\" data-artpy=\"0\" data-author=\"20minutos on MSN\">El franquismo borr\u00f3 el papel de la mujer en la historia y esos ecos a\u00fan resuenan hoy<\/a>-20minutos<a><br \/>\n<\/a><a class=\"title\" href=\"https:\/\/www.msn.com\/es-es\/entretenimiento\/cine\/unicaja-fundaci%C3%B3n-unicaja-organiza-un-encuentro-sobre-la-mujer-y-el-cine\/ar-AA1rE3tu?ocid=BingNewsVerp\" target=\"_blank\" rel=\"noopener\" data-artpy=\"0\" data-author=\"Europa Press on MSN\">Fundaci\u00f3n Unicaja organiza un encuentro sobre la mujer y el cine<\/a>-europapress<a><br \/>\n<\/a><\/p>\n<p><strong>Deporte<br \/>\n<\/strong><a class=\"title\" href=\"https:\/\/www.eldesmarque.com\/tenis\/20241003\/copa-davis-billie-jean-king-andalucia-importante-mundial-1982_300462168.html\" target=\"_blank\" rel=\"noopener\" data-artpy=\"0\" data-author=\"eldesmarque\">Copa Davis y Billie Jean King, la joya de la corona de Andaluc\u00eda: \u00abLo m\u00e1s importante desde el Mundial 1982\u00bb<\/a>-eldesmarque<br \/>\n<a class=\"title\" href=\"https:\/\/www.laopiniondemalaga.es\/deportes\/2024\/10\/01\/cw-malaga-campeon-copa-andalucia-108799918.html\" target=\"_blank\" rel=\"noopener\" data-artpy=\"0\" data-author=\"Deportes\">El CW M\u00e1laga, campe\u00f3n de la Copa Andaluc\u00eda femenina<\/a>-laopiniondemalaga<br \/>\n<a class=\"title\" href=\"https:\/\/www.esciclismo.com\/actualidad\/carretera\/83331.html\" target=\"_blank\" rel=\"noopener\" data-artpy=\"0\" data-author=\"Es Ciclismo\">Reinas de la Alhambra regresa a Granada para celebrar el crecimiento del ciclismo femenino<\/a>-esciclismo<\/p>\n<\/div>\n<\/div>\n<\/div>\n<\/div>\n<div id=\"\" class=\"lsow-panel lsow-active\">\n<h1 class=\"lsow-panel-title\">Estado<\/h1>\n<div class=\"lsow-panel-content\">\n<p><strong>Institucional<br \/>\n<\/strong><a class=\"title\" href=\"https:\/\/www.lamoncloa.gob.es\/serviciosdeprensa\/notasprensa\/igualdad\/Paginas\/2024\/031024-homenaje-mujeres-historia.aspx\" target=\"_blank\" rel=\"noopener\" data-artpy=\"0\" data-author=\"lamoncloa.gob\">Ana Redondo: \u00abSomos quienes somos gracias a mujeres que pusieron incluso su vida al servicio de la lucha feminista\u00bb<\/a>-lamoncloa<br \/>\n<a class=\"title\" href=\"https:\/\/www.laverdad.es\/nacional\/ministra-montero-insta-espantar-amenaza-mujeres-supone-20241001172506-vi.html\" target=\"_blank\" rel=\"noopener\" data-artpy=\"0\" data-author=\"laverdad\">La ministra Montero insta a \u00abespantar la amenaza\u00bb que para las mujeres supone la ultraderecha<\/a>-laverdad<strong><br \/>\n<\/strong><\/p>\n<p><strong>Institucional &#8211; CCAA<br \/>\n<\/strong><a href=\"https:\/\/www.google.com\/url?rct=j&amp;sa=t&amp;url=https:\/\/www.xunta.gal\/es\/notas-de-prensa\/-\/nova\/005836\/xunta-defiende-feminismo-inclusivo-para-sumar-voluntades-avance-igualdad-entre&amp;ct=ga&amp;cd=CAEYACoUMTgxMjc4OTYzNjE2NTA0NjM3ODUyGWMwMzcyZWJjMmZlYWRhNTk6ZXM6ZXM6RVM&amp;usg=AOvVaw0urMEJPZJ7klFYXK1WZ7mt\" target=\"_blank\" rel=\"noopener\" data-saferedirecturl=\"https:\/\/www.google.com\/url?q=https:\/\/www.google.com\/url?rct%3Dj%26sa%3Dt%26url%3Dhttps:\/\/www.xunta.gal\/es\/notas-de-prensa\/-\/nova\/005836\/xunta-defiende-feminismo-inclusivo-para-sumar-voluntades-avance-igualdad-entre%26ct%3Dga%26cd%3DCAEYACoUMTgxMjc4OTYzNjE2NTA0NjM3ODUyGWMwMzcyZWJjMmZlYWRhNTk6ZXM6ZXM6RVM%26usg%3DAOvVaw0urMEJPZJ7klFYXK1WZ7mt&amp;source=gmail&amp;ust=1727969479079000&amp;usg=AOvVaw16xJWTPgMZdopulpe3mKcC\">La Xunta defiende un feminismo inclusivo para sumar voluntades en el avance de la &#8230;-\u00a0<\/a><a>Xunta de Galicia<br \/>\n<\/a><a class=\"title\" href=\"https:\/\/www.msn.com\/es-es\/noticias\/other\/acuerdo-entre-junta-y-uclm-para-estudiar-la-participaci%C3%B3n-de-las-mujeres-en-el-mundo-rural\/ar-AA1rtwwi?ocid=BingNewsVerp\" target=\"_blank\" rel=\"noopener\" data-artpy=\"0\" data-author=\"ESPA\u00d1OL on MSN\">Acuerdo entre Junta y UCLM para estudiar la participaci\u00f3n de las mujeres en el mundo rural<\/a>-elespa\u00f1ol<br \/>\n<a class=\"title\" href=\"https:\/\/www.murcia.com\/region\/noticias\/2024\/10\/02-la-comunidad-facilita-que-mujeres-con-mas-de-50-anos-desarrollen-su-proyecto-empresarial.asp\" target=\"_blank\" rel=\"noopener\" data-artpy=\"0\" data-author=\"Murcia.com\">La Regi\u00f3n de Murcia\u00a0 facilita que mujeres con m\u00e1s de 50 a\u00f1os desarrollen su proyecto empresarial-\u00a0<\/a>murcia<br \/>\n<a class=\"title\" href=\"https:\/\/www.noticiasdenavarra.com\/sociedad\/2024\/09\/30\/cuidados-remunerados-asumen-mujeres-76-8750645.html\" target=\"_blank\" rel=\"noopener\" data-artpy=\"0\" data-author=\"Noticias\">Los cuidados no remunerados que asumen las mujeres en el 76% de los casos representar\u00edan el 9% del PIB mundial<\/a>-noticiasdenavarra<br \/>\n<a class=\"title\" href=\"https:\/\/www.eldiario.es\/euskadi\/jovenes-vascos-vez-alejados-feminismo-sentirse-senalados-desprotegidos-victimas_1_11697442.html\" target=\"_blank\" rel=\"noopener\" data-artpy=\"0\" data-author=\"eldiario.es\">Los j\u00f3venes vascos, cada vez m\u00e1s alejados del feminismo por sentirse \u201cse\u00f1alados\u201d, \u201cdesprotegidos\u201d y \u201cv\u00edctimas\u201d<\/a>-eldiario<br \/>\n<a class=\"title\" href=\"https:\/\/www.msn.com\/es-es\/dinero\/other\/la-junta-de-extremadura-apuesta-por-fortalecer-la-presencia-de-mujeres-l%C3%ADderes-en-el-%C3%A1mbito-de-la-empresa\/ar-AA1rDG0O?ocid=BingNewsVerp\" target=\"_blank\" rel=\"noopener\" data-artpy=\"0\" data-author=\"elEconomista on MSN\">La Junta de Extremadura apuesta por fortalecer la presencia de mujeres l\u00edderes en el \u00e1mbito de la empresa<\/a>-eleconomista<\/p>\n<p><strong>Econom\u00eda y Empresa<br \/>\n<\/strong><a class=\"title\" href=\"https:\/\/www.telecinco.es\/noticias\/sociedad\/20241003\/generacion-sandwich-mujeres-triple-jornada-laboral_18_013622754.html\" target=\"_blank\" rel=\"noopener\" data-artpy=\"0\" data-author=\"TeleCinco\">As\u00ed es la &#8216;Generaci\u00f3n S\u00e1ndwich&#8217;: mujeres con una triple jornada laboral<\/a>-telecinco<br \/>\n<a class=\"title\" href=\"https:\/\/capital.es\/capital-women\/las-mujeres-ceo-representan-unicamente-el-2-de-las-empresas-tecnologicas\/100278\/\" target=\"_blank\" rel=\"noopener\" data-artpy=\"0\" data-author=\"Capital\">Las mujeres CEO representan \u00fanicamente el 2% de las empresas tecnol\u00f3gicas<\/a>.-capital<br \/>\n<a class=\"title\" href=\"https:\/\/www.elespanol.com\/mujer\/actualidad\/20241002\/magas-celebra-jornada-mujer-rural-talento-liderazgo-sin-campo-no-mismo\/890411176_0.html\" target=\"_blank\" rel=\"noopener\" data-artpy=\"0\" data-author=\"ESPA\u00d1OL\">Magas celebra la I Jornada Mujer Rural, Talento y Liderazgo: \u00abSin ellas, el campo no ser\u00eda lo mismo\u00bb<\/a>-elespa\u00f1ol<br \/>\n<a class=\"title\" href=\"https:\/\/www.catalunyapress.es\/articulo\/opinion\/2024-09-30\/5014961-debe-haber-mujeres-profesiones-digitales\" target=\"_blank\" rel=\"noopener\" data-artpy=\"0\" data-author=\"catalunyapress\">Por qu\u00e9 debe haber m\u00e1s mujeres en las profesiones digitales<\/a>-catalunyapress<strong><br \/>\n<\/strong><a href=\"https:\/\/www.eldiario.es\/economia\/paro-sube-3-164-personas-septiembre-menor-incremento-2007_1_11699175.html\" data-mrf-link=\"https:\/\/www.eldiario.es\/economia\/paro-sube-3-164-personas-septiembre-menor-incremento-2007_1_11699175.html\">El paro sube en 3.164 personas en septiembre, el menor incremento desde 2007<\/a>-eldiario<\/p>\n<p><strong>Actualidad<br \/>\n<\/strong><a class=\"title\" href=\"https:\/\/www.elespanol.com\/mujer\/lideres\/20241002\/ii-encuentro-alcaldesas-acoge-mujeres-gobiernan-cambio\/890161607_0.html\" target=\"_blank\" rel=\"noopener\" data-artpy=\"0\" data-author=\"ESPA\u00d1OL\">El II Encuentro de Alcaldesas acoge a las 30 mujeres que gobiernan por el cambio<\/a>-elespa\u00f1ol<br \/>\n<a class=\"title\" href=\"https:\/\/www.diariodesevilla.es\/sevilla\/mujeres-frente-fuerzas-seguridad-ejercito_0_2002387510.html\" target=\"_blank\" rel=\"noopener\" data-artpy=\"0\" data-author=\"Diario de Sevilla\">Mujeres al frente de las Fuerzas de Seguridad y del Ej\u00e9rcito, cuesti\u00f3n de tiempo<\/a>-diariodesevilla<br \/>\n<a class=\"title\" href=\"https:\/\/www.rtve.es\/noticias\/20241003\/seis-mujeres-cambiaron-historia-despues-transicion-espana\/16271622.shtml\" target=\"_blank\" rel=\"noopener\" data-artpy=\"0\" data-author=\"RTVE\">Seis mujeres que cambiaron la historia despu\u00e9s de la Transici\u00f3n en Espa\u00f1a<\/a>-rtve<\/p>\n<p><strong>Violencias<br \/>\n<\/strong><a class=\"title\" href=\"https:\/\/www.eleconomista.es\/legal\/noticias\/13007753\/09\/24\/la-abogacia-espanola-reclama-incluir-el-control-economico-como-otra-forma-de-violencia-de-genero.html\" target=\"_blank\" rel=\"noopener\" data-artpy=\"0\" data-author=\"elEconomista\">La Abogac\u00eda espa\u00f1ola reclama incluir el control econ\u00f3mico como otra forma de violencia de g\u00e9nero<\/a>-eleconomista<strong><br \/>\n<\/strong><a href=\"https:\/\/www.google.com\/url?rct=j&amp;sa=t&amp;url=https:\/\/efeminista.com\/csic-actualiza-protocolo-acoso-sexual-en-sus-centros\/&amp;ct=ga&amp;cd=CAEYBCoUMTgxMjc4OTYzNjE2NTA0NjM3ODUyGWMwMzcyZWJjMmZlYWRhNTk6ZXM6ZXM6RVM&amp;usg=AOvVaw2Z6L8-zg1OQBKDgp1h2NEu\" target=\"_blank\" rel=\"noopener\" data-saferedirecturl=\"https:\/\/www.google.com\/url?q=https:\/\/www.google.com\/url?rct%3Dj%26sa%3Dt%26url%3Dhttps:\/\/efeminista.com\/csic-actualiza-protocolo-acoso-sexual-en-sus-centros\/%26ct%3Dga%26cd%3DCAEYBCoUMTgxMjc4OTYzNjE2NTA0NjM3ODUyGWMwMzcyZWJjMmZlYWRhNTk6ZXM6ZXM6RVM%26usg%3DAOvVaw2Z6L8-zg1OQBKDgp1h2NEu&amp;source=gmail&amp;ust=1727969479079000&amp;usg=AOvVaw26AGGO5i_oDi31gIBhXSVs\">El CSIC actualiza su protocolo contra el acoso sexual en sus centros, incluidos los buques &#8230;-\u00a0<\/a><a>efeminista<br \/>\n<\/a><a class=\"title\" href=\"https:\/\/www.msn.com\/es-es\/noticias\/espana\/un-estudio-pide-la-regulaci%C3%B3n-jur%C3%ADdica-de-las-violencias-econ%C3%B3micas-hacia-las-mujeres\/ar-AA1rzGWs?ocid=BingNewsVerp\" target=\"_blank\" rel=\"noopener\" data-artpy=\"0\" data-author=\"Europa Press on MSN\">Un estudio pide la regulaci\u00f3n jur\u00eddica de las violencias econ\u00f3micas hacia las mujeres<\/a>-europapress<br \/>\n<a class=\"title\" href=\"https:\/\/www.rtve.es\/rtve\/20241002\/rtve-estrena-parir-documental-parto-respetado-denuncia-violencia-obstetrica-la-2\/16271036.shtml\" target=\"_blank\" rel=\"noopener\" data-artpy=\"0\" data-author=\"RTVE\">RTVE estrena &#8216;Parir&#8217;, el documental que explora el parto respetado y denuncia la violencia obst\u00e9trica<\/a>-rtve<br \/>\n<a class=\"title\" href=\"https:\/\/www.msn.com\/es-es\/estilo\/other\/un-estudio-activa-todas-las-alarmas-sobre-lo-que-les-ocurre-a-las-mujeres-en-las-calles-espa%C3%B1olas\/ar-AA1rDX1a?ocid=BingNewsVerp\" target=\"_blank\" rel=\"noopener\" data-artpy=\"0\" data-author=\"Huffington Post on MSN\">Un estudio activa todas las alarmas sobre lo que les ocurre a las mujeres en las calles espa\u00f1olas<\/a>-huffingtonpost<\/p>\n<p><strong>Ciencia y Cultura<br \/>\n<\/strong><a class=\"title\" href=\"https:\/\/www.cuatro.com\/noticias\/sociedad\/20240928\/ana-crespo-primera-mujer-presidenta-real-academia-ciencias_18_013571323.html\" target=\"_blank\" rel=\"noopener\" data-artpy=\"0\" data-author=\"Cuatro\">Ana Crespo, la primera mujer presidenta de la Real Academia de las Ciencias en sus 177 a\u00f1os de historia<\/a>-cuatro<strong><br \/>\n<\/strong><a class=\"title\" href=\"https:\/\/www.europapress.es\/comunitat-valenciana\/noticia-angela-perez-mujeres-tenemos-labor-interna-externa-lograr-paridad-puestos-mayor-influencia-20240927184945.html\" target=\"_blank\" rel=\"noopener\" data-artpy=\"0\" data-author=\"Europa Press\">\u00c1ngela P\u00e9rez: \u00abLas mujeres tenemos una labor interna y externa para lograr paridad en los puestos de mayor influencia\u00bb<\/a>-europapress<br \/>\n<a class=\"title\" href=\"https:\/\/cadenaser.com\/comunitat-valenciana\/2024\/10\/01\/cientificas-del-csic-lideran-manuela-un-proyecto-sobre-alimentacion-microbiota-y-salud-de-las-mujeres-en-espana-radio-valencia\/\" target=\"_blank\" rel=\"noopener\" data-artpy=\"0\" data-author=\"Cadena SER\">Cient\u00edficas del CSIC lideran &#8216;Manuela&#8217;, un proyecto sobre alimentaci\u00f3n, microbiota y salud de las mujeres en Espa\u00f1a<\/a>-ser<br \/>\n<a class=\"title\" href=\"https:\/\/www.elbierzodigital.com\/investigadoras-espanolas-destacan-el-papel-de-la-mujer-en-el-arte-medieval-a-traves-de-una-serie-de-articulos\/\" target=\"_blank\" rel=\"noopener\" data-artpy=\"0\" data-author=\"El Bierzo Digital\">Investigadoras espa\u00f1olas destacan el papel de la mujer en el arte medieval a trav\u00e9s de una serie de art\u00edculos<\/a>-elbierzodigital<br \/>\n<a class=\"title\" href=\"https:\/\/www.eldiario.es\/aragon\/cultura\/zaragoza-muestra-palacio-sastago-mejor-grabado-nipon-exposicion-mujer-japon_1_11703957.html\" target=\"_blank\" rel=\"noopener\" data-artpy=\"0\" data-author=\"eldiario.es\">Zaragoza muestra en el palacio de S\u00e1stago el mejor grabado nip\u00f3n con la exposici\u00f3n &#8216;La mujer en Jap\u00f3n&#8217;<\/a>-eldiario<br \/>\n<a class=\"title\" href=\"https:\/\/cadenaser.com\/nacional\/2024\/10\/03\/el-alegato-de-silvia-abril-en-favor-de-las-mujeres-que-no-se-han-puesto-en-valor-son-diosas-cadena-ser\/\" target=\"_blank\" rel=\"noopener\" data-artpy=\"0\" data-author=\"Cadena SER\">El alegato de Silvia Abril en favor de las mujeres que \u00abno se han puesto en valor\u00bb: \u00abSon diosas\u00bb<\/a>-ser<br \/>\n<a class=\"title\" href=\"https:\/\/www.galiciapress.es\/articulo\/cultura\/2024-10-03\/5019683-mirada-femenina-triunfa-palmares-xxix-edicion-ourense-film-festival\" target=\"_blank\" rel=\"noopener\" data-artpy=\"0\" data-author=\"galiciapress\">La mirada femenina triunfa en el palmar\u00e9s de la XXIX edici\u00f3n del Ourense Film Festival<\/a>-galiciapress<br \/>\n<a class=\"title\" href=\"https:\/\/www.msn.com\/es-es\/entretenimiento\/other\/en-la-m%C3%BAsica-hay-muchas-mujeres-en-el-escaparate-y-pocas-en-la-trastienda-el-grito-feminista-de-sole-gim%C3%A9nez\/ar-AA1rGeee?ocid=BingNewsVerp\" target=\"_blank\" rel=\"noopener\" data-artpy=\"0\" data-author=\"ESPA\u00d1OL on MSN\">\u00abEn la m\u00fasica hay muchas mujeres en el escaparate y pocas en la trastienda\u00bb: el grito feminista de Sole Gim\u00e9nez<\/a>-elespa\u00f1ol<a><br \/>\n<\/a><\/p>\n<p><strong>Deporte<br \/>\n<\/strong><a class=\"title\" href=\"https:\/\/www.mundodeportivo.com\/tenis\/20241003\/1002326873\/paula-badosa-paso-firme-semifinales-pekin.html\" target=\"_blank\" rel=\"noopener\" data-artpy=\"0\" data-author=\"Mundo Deportivo\">Paula Badosa, con paso firme a las semifinales de Pek\u00edn contra Coco Gauff<\/a>-mundodeportivo<br \/>\n<a class=\"title\" href=\"https:\/\/as.com\/opinion\/la-mujer-manda-en-el-baloncesto-n\/\" target=\"_blank\" rel=\"noopener\" data-artpy=\"0\" data-author=\"AS Mexico\">La mujer manda en el baloncesto<\/a>-as<strong><br \/>\n<\/strong><a class=\"title\" href=\"https:\/\/as.com\/masdeporte\/polideportivo\/el-primer-mundial-ya-tiene-fecha-n\/\" target=\"_blank\" rel=\"noopener\" data-artpy=\"0\" data-author=\"AS Mexico\">El primer Mundial de futbol sala femenino ya tiene fecha-\u00a0<\/a><a>as<\/a><\/p>\n<\/div>\n<\/div>\n<div id=\"\" class=\"lsow-panel lsow-active\">\n<h1 class=\"lsow-panel-title\">Internacional<\/h1>\n<div class=\"lsow-panel-content\">\n<p><a class=\"title\" href=\"https:\/\/www.abc.es\/espana\/mujeres-piden-g20-promueva-emprendimiento-femenino-20241001234506-vi.html\" target=\"_blank\" rel=\"noopener\" data-artpy=\"0\" data-author=\"ABC\">Las mujeres le piden al G20 que promueva el emprendimiento femenino<\/a>-abc<br \/>\n<a class=\"title\" href=\"https:\/\/www.eldiario.es\/economia\/foro-economico-mujer-ecuador-aborda-brechas-genero-ponentes-14-paises_1_11686568.html\" target=\"_blank\" rel=\"noopener\" data-artpy=\"0\" data-author=\"eldiario.es\">Foro Econ\u00f3mico de la Mujer en Ecuador aborda brechas de g\u00e9nero con ponentes de 14 pa\u00edses<\/a>-eldiario<br \/>\n<a class=\"title\" href=\"https:\/\/www.msn.com\/es-mx\/dinero\/noticias\/claudia-sheinbaum-desaparecer%C3%A1-la-brecha-salarial-entre-ligas-masculinas-y-femeninas\/ar-AA1rErDW?ocid=BingNewsVerp\" target=\"_blank\" rel=\"noopener\" data-artpy=\"0\" data-author=\"Publimetro Mexico on MSN\">Claudia Sheinbaum asegura que desaparecer\u00e1 la brecha salarial en el deporte<\/a>-publimetro<br \/>\n<a class=\"title\" href=\"https:\/\/www.eldiario.es\/sevilla\/hayat-zirari-antropologa-feminista-hay-vetos-machistas-mujeres-marroquies-no-imputables-islam-colonizacion-francesa_128_11684451.html\" target=\"_blank\" rel=\"noopener\" data-artpy=\"0\" data-author=\"eldiario.es\">Hayat Zirari, antrop\u00f3loga feminista: \u201cHay vetos machistas a las mujeres marroqu\u00edes no imputables al Islam, sino a la colonizaci\u00f3n<\/a>&#8230;-eldiario<br \/>\n<a class=\"title\" href=\"https:\/\/www.sport.es\/es\/noticias\/internacional\/silencio-atronador-mujeres-afganas-108824017\" target=\"_blank\" rel=\"noopener\" data-artpy=\"0\" data-author=\"Sport\">El silencio atronador de las mujeres afganas<\/a>-sport<br \/>\n<a class=\"title\" href=\"https:\/\/www.msn.com\/es-es\/noticias\/other\/jenna-segal-la-magnate-de-broadway-que-reivindica-a-peggy-guggenheim-y-las-mujeres-olvidadas-en-el-arte\/ar-AA1rwRMO?ocid=BingNewsVerp\" target=\"_blank\" rel=\"noopener\" data-artpy=\"0\" data-author=\"El Peri\u00f3dico on MSN\">Jenna Segal, la magnate de Broadway que reivindica a Peggy Guggenheim y las mujeres olvidadas en el arte<\/a>-elperiodico<br \/>\n<a class=\"title\" href=\"https:\/\/larepublica.pe\/sociedad\/2024\/09\/30\/hallazgo-arqueologico-sin-precedentes-en-peru-el-poder-femenino-en-la-antigua-mochica-en-murales-y-adobes-de-ancash-909000\" target=\"_blank\" rel=\"noopener\" data-artpy=\"0\" data-author=\"La Rep\u00fablica\">Hallazgo arqueol\u00f3gico sin precedentes en Per\u00fa: el poder femenino en la antigua mochica en murales y adobes de \u00c1ncash<\/a>-larepublica<br \/>\n<a class=\"title\" href=\"https:\/\/www.diariolasamericas.com\/cultura\/mafalda-cumple-60-anos-y-recorre-el-mundo-n5364448\" target=\"_blank\" rel=\"noopener\" data-artpy=\"0\" data-author=\"Diario Las Am\u00e9ricas\">Mafalda cumple 60 a\u00f1os y recorre el mundo<\/a>-diariolasamericas<br \/>\n<a class=\"title\" href=\"https:\/\/www.laestrella.com.pa\/vida-y-cultura\/los-grammy-se-renuevan-con-3000-mujeres-mas-pero-aun-no-tienen-un-jurado-paritario-EF8766688\" target=\"_blank\" rel=\"noopener\" data-artpy=\"0\" data-author=\"laestrella.com.pa\">Los Grammy se renuevan con 3.000 mujeres m\u00e1s, pero a\u00fan no tienen un jurado paritario<\/a>-laestrella<br \/>\n<a class=\"title\" href=\"https:\/\/historia.nationalgeographic.com.es\/a\/mujeres-ante-inquisicion-moriscas-herejes-conversas-y-brujas_22327\" target=\"_blank\" rel=\"noopener\" data-artpy=\"0\" data-author=\"historia.nationalgeographic\">Las mujeres ante la Inquisici\u00f3n: moriscas, herejes, conversas y brujas<\/a>-historia-nationalgeographic<br \/>\n<a class=\"title\" href=\"https:\/\/www.msn.com\/es-pe\/noticias\/other\/kate-winslet-lleva-a-la-gran-pantalla-historia-de-fot%C3%B3grafa-de-guerra-lee-miller\/ar-AA1rhmGU?ocid=BingNewsVerp\" target=\"_blank\" rel=\"noopener\" data-artpy=\"0\" data-author=\"The Associated Press - en Espa\u00f1ol on MSN\">Kate Winslet lleva al cine la historia de fot\u00f3grafa de guerra Lee Miller<\/a>-theassociatedpress<\/p>\n<\/div>\n<\/div>\n<\/div><\/div><\/div><\/div><\/div>\n","protected":false},"excerpt":{"rendered":"<p>Las mujeres le piden al G20 que promueva el emprendimiento femenino  *  Generaci\u00f3n S\u00e1ndwich: mujeres con una triple jornada laboral  *  Cient\u00edficas del CSIC lideran Manuela, un proyecto sobre alimentaci\u00f3n, microbiota y salud de las mujeres en Espa\u00f1a  *  Mafalda cumple 60 a\u00f1os y recorre el mundo<\/p>\n","protected":false},"author":3,"featured_media":22909,"comment_status":"closed","ping_status":"closed","sticky":false,"template":"","format":"standard","meta":{"footnotes":""},"categories":[298,654],"tags":[84,247],"class_list":["post-22114","post","type-post","status-publish","format-standard","has-post-thumbnail","hentry","category-newsletter","category-nwl-v-4-0","tag-empresarias","tag-mujer-y-ciencia"],"yoast_head":"<!-- This site is optimized with the Yoast SEO plugin v27.5 - https:\/\/yoast.com\/product\/yoast-seo-wordpress\/ -->\n<title>Noticias Info CKL n\u00ba 2896-04\/10\/24-Comunicar con perspectiva de g\u00e9nero<\/title>\n<meta name=\"description\" content=\"Noticias Info CKL n\u00ba 2896-04\/10\/24 Las mujeres le piden al G20 que promueva el emprendimiento femenino * Generaci\u00f3n S\u00e1ndwich: mujeres con una triple jornada laboral * Cient\u00edficas del CSIC lideran Manuela, un proyecto sobre alimentaci\u00f3n, microbiota y salud de las mujeres en Espa\u00f1a * Mafalda cumple 60 a\u00f1os y recorre el mundo\" \/>\n<meta name=\"robots\" content=\"index, follow, max-snippet:-1, max-image-preview:large, max-video-preview:-1\" \/>\n<link rel=\"canonical\" href=\"https:\/\/cklcomunicaciones.es\/coop\/noticias-info-ckl-no-2896-04-10-24\/\" \/>\n<meta property=\"og:locale\" content=\"es_ES\" \/>\n<meta property=\"og:type\" content=\"article\" \/>\n<meta property=\"og:title\" content=\"Noticias Info CKL n\u00ba 2896-04\/10\/24-Comunicar con perspectiva de g\u00e9nero\" \/>\n<meta property=\"og:description\" content=\"Noticias Info CKL n\u00ba 2896-04\/10\/24 Las mujeres le piden al G20 que promueva el emprendimiento femenino * Generaci\u00f3n S\u00e1ndwich: mujeres con una triple jornada laboral * Cient\u00edficas del CSIC lideran Manuela, un proyecto sobre alimentaci\u00f3n, microbiota y salud de las mujeres en Espa\u00f1a * Mafalda cumple 60 a\u00f1os y recorre el mundo\" \/>\n<meta property=\"og:url\" content=\"https:\/\/cklcomunicaciones.es\/coop\/noticias-info-ckl-no-2896-04-10-24\/\" \/>\n<meta property=\"og:site_name\" content=\"CKL Comunicaciones\" \/>\n<meta property=\"article:published_time\" content=\"2024-10-04T12:21:02+00:00\" \/>\n<meta property=\"article:modified_time\" content=\"2025-02-11T14:04:12+00:00\" \/>\n<meta property=\"og:image\" content=\"https:\/\/cklcomunicaciones.es\/coop\/wp-content\/uploads\/2025\/01\/CKL-una-mirada-distinta-de-la-comunicacion.jpg\" \/>\n\t<meta property=\"og:image:width\" content=\"1482\" \/>\n\t<meta property=\"og:image:height\" content=\"775\" \/>\n\t<meta property=\"og:image:type\" content=\"image\/jpeg\" \/>\n<meta name=\"author\" content=\"ckl\" \/>\n<meta name=\"twitter:card\" content=\"summary_large_image\" \/>\n<meta name=\"twitter:label1\" content=\"Escrito por\" \/>\n\t<meta name=\"twitter:data1\" content=\"ckl\" \/>\n\t<meta name=\"twitter:label2\" content=\"Tiempo de lectura\" \/>\n\t<meta name=\"twitter:data2\" content=\"7 minutos\" \/>\n<script type=\"application\/ld+json\" class=\"yoast-schema-graph\">{\"@context\":\"https:\\\/\\\/schema.org\",\"@graph\":[{\"@type\":\"Article\",\"@id\":\"https:\\\/\\\/cklcomunicaciones.es\\\/coop\\\/noticias-info-ckl-no-2896-04-10-24\\\/#article\",\"isPartOf\":{\"@id\":\"https:\\\/\\\/cklcomunicaciones.es\\\/coop\\\/noticias-info-ckl-no-2896-04-10-24\\\/\"},\"author\":{\"name\":\"ckl\",\"@id\":\"https:\\\/\\\/cklcomunicaciones.es\\\/coop\\\/#\\\/schema\\\/person\\\/929a6837f7626450bbb50cee1aef266e\"},\"headline\":\"Noticias Info CKL n\u00ba 2896-04\\\/10\\\/24\",\"datePublished\":\"2024-10-04T12:21:02+00:00\",\"dateModified\":\"2025-02-11T14:04:12+00:00\",\"mainEntityOfPage\":{\"@id\":\"https:\\\/\\\/cklcomunicaciones.es\\\/coop\\\/noticias-info-ckl-no-2896-04-10-24\\\/\"},\"wordCount\":1434,\"image\":{\"@id\":\"https:\\\/\\\/cklcomunicaciones.es\\\/coop\\\/noticias-info-ckl-no-2896-04-10-24\\\/#primaryimage\"},\"thumbnailUrl\":\"https:\\\/\\\/cklcomunicaciones.es\\\/coop\\\/wp-content\\\/uploads\\\/2025\\\/01\\\/CKL-una-mirada-distinta-de-la-comunicacion.jpg\",\"keywords\":[\"empresarias\",\"mujer y ciencia\"],\"articleSection\":[\"Newsletter\",\"Nwl v.4.0\"],\"inLanguage\":\"es\"},{\"@type\":\"WebPage\",\"@id\":\"https:\\\/\\\/cklcomunicaciones.es\\\/coop\\\/noticias-info-ckl-no-2896-04-10-24\\\/\",\"url\":\"https:\\\/\\\/cklcomunicaciones.es\\\/coop\\\/noticias-info-ckl-no-2896-04-10-24\\\/\",\"name\":\"Noticias Info CKL n\u00ba 2896-04\\\/10\\\/24-Comunicar con perspectiva de g\u00e9nero\",\"isPartOf\":{\"@id\":\"https:\\\/\\\/cklcomunicaciones.es\\\/coop\\\/#website\"},\"primaryImageOfPage\":{\"@id\":\"https:\\\/\\\/cklcomunicaciones.es\\\/coop\\\/noticias-info-ckl-no-2896-04-10-24\\\/#primaryimage\"},\"image\":{\"@id\":\"https:\\\/\\\/cklcomunicaciones.es\\\/coop\\\/noticias-info-ckl-no-2896-04-10-24\\\/#primaryimage\"},\"thumbnailUrl\":\"https:\\\/\\\/cklcomunicaciones.es\\\/coop\\\/wp-content\\\/uploads\\\/2025\\\/01\\\/CKL-una-mirada-distinta-de-la-comunicacion.jpg\",\"datePublished\":\"2024-10-04T12:21:02+00:00\",\"dateModified\":\"2025-02-11T14:04:12+00:00\",\"author\":{\"@id\":\"https:\\\/\\\/cklcomunicaciones.es\\\/coop\\\/#\\\/schema\\\/person\\\/929a6837f7626450bbb50cee1aef266e\"},\"description\":\"Noticias Info CKL n\u00ba 2896-04\\\/10\\\/24 Las mujeres le piden al G20 que promueva el emprendimiento femenino * Generaci\u00f3n S\u00e1ndwich: mujeres con una triple jornada laboral * Cient\u00edficas del CSIC lideran Manuela, un proyecto sobre alimentaci\u00f3n, microbiota y salud de las mujeres en Espa\u00f1a * Mafalda cumple 60 a\u00f1os y recorre el mundo\",\"breadcrumb\":{\"@id\":\"https:\\\/\\\/cklcomunicaciones.es\\\/coop\\\/noticias-info-ckl-no-2896-04-10-24\\\/#breadcrumb\"},\"inLanguage\":\"es\",\"potentialAction\":[{\"@type\":\"ReadAction\",\"target\":[\"https:\\\/\\\/cklcomunicaciones.es\\\/coop\\\/noticias-info-ckl-no-2896-04-10-24\\\/\"]}]},{\"@type\":\"ImageObject\",\"inLanguage\":\"es\",\"@id\":\"https:\\\/\\\/cklcomunicaciones.es\\\/coop\\\/noticias-info-ckl-no-2896-04-10-24\\\/#primaryimage\",\"url\":\"https:\\\/\\\/cklcomunicaciones.es\\\/coop\\\/wp-content\\\/uploads\\\/2025\\\/01\\\/CKL-una-mirada-distinta-de-la-comunicacion.jpg\",\"contentUrl\":\"https:\\\/\\\/cklcomunicaciones.es\\\/coop\\\/wp-content\\\/uploads\\\/2025\\\/01\\\/CKL-una-mirada-distinta-de-la-comunicacion.jpg\",\"width\":1482,\"height\":775,\"caption\":\"CKL - una mirada distinta de la comunicacion\"},{\"@type\":\"BreadcrumbList\",\"@id\":\"https:\\\/\\\/cklcomunicaciones.es\\\/coop\\\/noticias-info-ckl-no-2896-04-10-24\\\/#breadcrumb\",\"itemListElement\":[{\"@type\":\"ListItem\",\"position\":1,\"name\":\"Portada\",\"item\":\"https:\\\/\\\/cklcomunicaciones.es\\\/coop\\\/\"},{\"@type\":\"ListItem\",\"position\":2,\"name\":\"Noticias Info CKL n\u00ba 2896-04\\\/10\\\/24\"}]},{\"@type\":\"WebSite\",\"@id\":\"https:\\\/\\\/cklcomunicaciones.es\\\/coop\\\/#website\",\"url\":\"https:\\\/\\\/cklcomunicaciones.es\\\/coop\\\/\",\"name\":\"CKL Comunicaciones\",\"description\":\"Sitio web de CKL Comunicaciones coop , la consultora de comunicaci\u00f3n y estrategia\",\"potentialAction\":[{\"@type\":\"SearchAction\",\"target\":{\"@type\":\"EntryPoint\",\"urlTemplate\":\"https:\\\/\\\/cklcomunicaciones.es\\\/coop\\\/?s={search_term_string}\"},\"query-input\":{\"@type\":\"PropertyValueSpecification\",\"valueRequired\":true,\"valueName\":\"search_term_string\"}}],\"inLanguage\":\"es\"},{\"@type\":\"Person\",\"@id\":\"https:\\\/\\\/cklcomunicaciones.es\\\/coop\\\/#\\\/schema\\\/person\\\/929a6837f7626450bbb50cee1aef266e\",\"name\":\"ckl\",\"image\":{\"@type\":\"ImageObject\",\"inLanguage\":\"es\",\"@id\":\"https:\\\/\\\/secure.gravatar.com\\\/avatar\\\/c82db564e8a669bf6023357a157b9dc4780f4d4c618f2ad1d71a6a5dede45057?s=96&d=mm&r=g\",\"url\":\"https:\\\/\\\/secure.gravatar.com\\\/avatar\\\/c82db564e8a669bf6023357a157b9dc4780f4d4c618f2ad1d71a6a5dede45057?s=96&d=mm&r=g\",\"contentUrl\":\"https:\\\/\\\/secure.gravatar.com\\\/avatar\\\/c82db564e8a669bf6023357a157b9dc4780f4d4c618f2ad1d71a6a5dede45057?s=96&d=mm&r=g\",\"caption\":\"ckl\"},\"url\":\"https:\\\/\\\/cklcomunicaciones.es\\\/coop\\\/author\\\/cklcomunicaciones\\\/\"}]}<\/script>\n<!-- \/ Yoast SEO plugin. -->","yoast_head_json":{"title":"Noticias Info CKL n\u00ba 2896-04\/10\/24-Comunicar con perspectiva de g\u00e9nero","description":"Noticias Info CKL n\u00ba 2896-04\/10\/24 Las mujeres le piden al G20 que promueva el emprendimiento femenino * Generaci\u00f3n S\u00e1ndwich: mujeres con una triple jornada laboral * Cient\u00edficas del CSIC lideran Manuela, un proyecto sobre alimentaci\u00f3n, microbiota y salud de las mujeres en Espa\u00f1a * Mafalda cumple 60 a\u00f1os y recorre el mundo","robots":{"index":"index","follow":"follow","max-snippet":"max-snippet:-1","max-image-preview":"max-image-preview:large","max-video-preview":"max-video-preview:-1"},"canonical":"https:\/\/cklcomunicaciones.es\/coop\/noticias-info-ckl-no-2896-04-10-24\/","og_locale":"es_ES","og_type":"article","og_title":"Noticias Info CKL n\u00ba 2896-04\/10\/24-Comunicar con perspectiva de g\u00e9nero","og_description":"Noticias Info CKL n\u00ba 2896-04\/10\/24 Las mujeres le piden al G20 que promueva el emprendimiento femenino * Generaci\u00f3n S\u00e1ndwich: mujeres con una triple jornada laboral * Cient\u00edficas del CSIC lideran Manuela, un proyecto sobre alimentaci\u00f3n, microbiota y salud de las mujeres en Espa\u00f1a * Mafalda cumple 60 a\u00f1os y recorre el mundo","og_url":"https:\/\/cklcomunicaciones.es\/coop\/noticias-info-ckl-no-2896-04-10-24\/","og_site_name":"CKL Comunicaciones","article_published_time":"2024-10-04T12:21:02+00:00","article_modified_time":"2025-02-11T14:04:12+00:00","og_image":[{"width":1482,"height":775,"url":"https:\/\/cklcomunicaciones.es\/coop\/wp-content\/uploads\/2025\/01\/CKL-una-mirada-distinta-de-la-comunicacion.jpg","type":"image\/jpeg"}],"author":"ckl","twitter_card":"summary_large_image","twitter_misc":{"Escrito por":"ckl","Tiempo de lectura":"7 minutos"},"schema":{"@context":"https:\/\/schema.org","@graph":[{"@type":"Article","@id":"https:\/\/cklcomunicaciones.es\/coop\/noticias-info-ckl-no-2896-04-10-24\/#article","isPartOf":{"@id":"https:\/\/cklcomunicaciones.es\/coop\/noticias-info-ckl-no-2896-04-10-24\/"},"author":{"name":"ckl","@id":"https:\/\/cklcomunicaciones.es\/coop\/#\/schema\/person\/929a6837f7626450bbb50cee1aef266e"},"headline":"Noticias Info CKL n\u00ba 2896-04\/10\/24","datePublished":"2024-10-04T12:21:02+00:00","dateModified":"2025-02-11T14:04:12+00:00","mainEntityOfPage":{"@id":"https:\/\/cklcomunicaciones.es\/coop\/noticias-info-ckl-no-2896-04-10-24\/"},"wordCount":1434,"image":{"@id":"https:\/\/cklcomunicaciones.es\/coop\/noticias-info-ckl-no-2896-04-10-24\/#primaryimage"},"thumbnailUrl":"https:\/\/cklcomunicaciones.es\/coop\/wp-content\/uploads\/2025\/01\/CKL-una-mirada-distinta-de-la-comunicacion.jpg","keywords":["empresarias","mujer y ciencia"],"articleSection":["Newsletter","Nwl v.4.0"],"inLanguage":"es"},{"@type":"WebPage","@id":"https:\/\/cklcomunicaciones.es\/coop\/noticias-info-ckl-no-2896-04-10-24\/","url":"https:\/\/cklcomunicaciones.es\/coop\/noticias-info-ckl-no-2896-04-10-24\/","name":"Noticias Info CKL n\u00ba 2896-04\/10\/24-Comunicar con perspectiva de g\u00e9nero","isPartOf":{"@id":"https:\/\/cklcomunicaciones.es\/coop\/#website"},"primaryImageOfPage":{"@id":"https:\/\/cklcomunicaciones.es\/coop\/noticias-info-ckl-no-2896-04-10-24\/#primaryimage"},"image":{"@id":"https:\/\/cklcomunicaciones.es\/coop\/noticias-info-ckl-no-2896-04-10-24\/#primaryimage"},"thumbnailUrl":"https:\/\/cklcomunicaciones.es\/coop\/wp-content\/uploads\/2025\/01\/CKL-una-mirada-distinta-de-la-comunicacion.jpg","datePublished":"2024-10-04T12:21:02+00:00","dateModified":"2025-02-11T14:04:12+00:00","author":{"@id":"https:\/\/cklcomunicaciones.es\/coop\/#\/schema\/person\/929a6837f7626450bbb50cee1aef266e"},"description":"Noticias Info CKL n\u00ba 2896-04\/10\/24 Las mujeres le piden al G20 que promueva el emprendimiento femenino * Generaci\u00f3n S\u00e1ndwich: mujeres con una triple jornada laboral * Cient\u00edficas del CSIC lideran Manuela, un proyecto sobre alimentaci\u00f3n, microbiota y salud de las mujeres en Espa\u00f1a * Mafalda cumple 60 a\u00f1os y recorre el mundo","breadcrumb":{"@id":"https:\/\/cklcomunicaciones.es\/coop\/noticias-info-ckl-no-2896-04-10-24\/#breadcrumb"},"inLanguage":"es","potentialAction":[{"@type":"ReadAction","target":["https:\/\/cklcomunicaciones.es\/coop\/noticias-info-ckl-no-2896-04-10-24\/"]}]},{"@type":"ImageObject","inLanguage":"es","@id":"https:\/\/cklcomunicaciones.es\/coop\/noticias-info-ckl-no-2896-04-10-24\/#primaryimage","url":"https:\/\/cklcomunicaciones.es\/coop\/wp-content\/uploads\/2025\/01\/CKL-una-mirada-distinta-de-la-comunicacion.jpg","contentUrl":"https:\/\/cklcomunicaciones.es\/coop\/wp-content\/uploads\/2025\/01\/CKL-una-mirada-distinta-de-la-comunicacion.jpg","width":1482,"height":775,"caption":"CKL - una mirada distinta de la comunicacion"},{"@type":"BreadcrumbList","@id":"https:\/\/cklcomunicaciones.es\/coop\/noticias-info-ckl-no-2896-04-10-24\/#breadcrumb","itemListElement":[{"@type":"ListItem","position":1,"name":"Portada","item":"https:\/\/cklcomunicaciones.es\/coop\/"},{"@type":"ListItem","position":2,"name":"Noticias Info CKL n\u00ba 2896-04\/10\/24"}]},{"@type":"WebSite","@id":"https:\/\/cklcomunicaciones.es\/coop\/#website","url":"https:\/\/cklcomunicaciones.es\/coop\/","name":"CKL Comunicaciones","description":"Sitio web de CKL Comunicaciones coop , la consultora de comunicaci\u00f3n y estrategia","potentialAction":[{"@type":"SearchAction","target":{"@type":"EntryPoint","urlTemplate":"https:\/\/cklcomunicaciones.es\/coop\/?s={search_term_string}"},"query-input":{"@type":"PropertyValueSpecification","valueRequired":true,"valueName":"search_term_string"}}],"inLanguage":"es"},{"@type":"Person","@id":"https:\/\/cklcomunicaciones.es\/coop\/#\/schema\/person\/929a6837f7626450bbb50cee1aef266e","name":"ckl","image":{"@type":"ImageObject","inLanguage":"es","@id":"https:\/\/secure.gravatar.com\/avatar\/c82db564e8a669bf6023357a157b9dc4780f4d4c618f2ad1d71a6a5dede45057?s=96&d=mm&r=g","url":"https:\/\/secure.gravatar.com\/avatar\/c82db564e8a669bf6023357a157b9dc4780f4d4c618f2ad1d71a6a5dede45057?s=96&d=mm&r=g","contentUrl":"https:\/\/secure.gravatar.com\/avatar\/c82db564e8a669bf6023357a157b9dc4780f4d4c618f2ad1d71a6a5dede45057?s=96&d=mm&r=g","caption":"ckl"},"url":"https:\/\/cklcomunicaciones.es\/coop\/author\/cklcomunicaciones\/"}]}},"_links":{"self":[{"href":"https:\/\/cklcomunicaciones.es\/coop\/wp-json\/wp\/v2\/posts\/22114","targetHints":{"allow":["GET"]}}],"collection":[{"href":"https:\/\/cklcomunicaciones.es\/coop\/wp-json\/wp\/v2\/posts"}],"about":[{"href":"https:\/\/cklcomunicaciones.es\/coop\/wp-json\/wp\/v2\/types\/post"}],"author":[{"embeddable":true,"href":"https:\/\/cklcomunicaciones.es\/coop\/wp-json\/wp\/v2\/users\/3"}],"replies":[{"embeddable":true,"href":"https:\/\/cklcomunicaciones.es\/coop\/wp-json\/wp\/v2\/comments?post=22114"}],"version-history":[{"count":0,"href":"https:\/\/cklcomunicaciones.es\/coop\/wp-json\/wp\/v2\/posts\/22114\/revisions"}],"wp:featuredmedia":[{"embeddable":true,"href":"https:\/\/cklcomunicaciones.es\/coop\/wp-json\/wp\/v2\/media\/22909"}],"wp:attachment":[{"href":"https:\/\/cklcomunicaciones.es\/coop\/wp-json\/wp\/v2\/media?parent=22114"}],"wp:term":[{"taxonomy":"category","embeddable":true,"href":"https:\/\/cklcomunicaciones.es\/coop\/wp-json\/wp\/v2\/categories?post=22114"},{"taxonomy":"post_tag","embeddable":true,"href":"https:\/\/cklcomunicaciones.es\/coop\/wp-json\/wp\/v2\/tags?post=22114"}],"curies":[{"name":"wp","href":"https:\/\/api.w.org\/{rel}","templated":true}]}}