{"id":22113,"date":"2024-09-26T19:21:57","date_gmt":"2024-09-26T17:21:57","guid":{"rendered":"https:\/\/www.cklcomunicaciones.es\/?p=21307"},"modified":"2025-02-11T14:57:02","modified_gmt":"2025-02-11T13:57:02","slug":"noticias-info-ckl-no-2895-26-09-24","status":"publish","type":"post","link":"https:\/\/cklcomunicaciones.es\/coop\/noticias-info-ckl-no-2895-26-09-24\/","title":{"rendered":"Noticias Info CKL n\u00ba 2895-26\/09\/24"},"content":{"rendered":"<div class=\"fusion-fullwidth fullwidth-box fusion-builder-row-1 fusion-flex-container nonhundred-percent-fullwidth non-hundred-percent-height-scrolling\" style=\"--awb-border-radius-top-left:0px;--awb-border-radius-top-right:0px;--awb-border-radius-bottom-right:0px;--awb-border-radius-bottom-left:0px;--awb-flex-wrap:wrap;\" ><div class=\"fusion-builder-row fusion-row fusion-flex-align-items-flex-start fusion-flex-content-wrap\" style=\"max-width:1248px;margin-left: calc(-4% \/ 2 );margin-right: calc(-4% \/ 2 );\"><div class=\"fusion-layout-column fusion_builder_column fusion-builder-column-0 fusion_builder_column_1_1 1_1 fusion-flex-column\" style=\"--awb-bg-blend:overlay;--awb-bg-size:cover;--awb-width-large:100%;--awb-margin-top-large:0px;--awb-spacing-right-large:1.92%;--awb-margin-bottom-large:0px;--awb-spacing-left-large:1.92%;--awb-width-medium:100%;--awb-spacing-right-medium:1.92%;--awb-spacing-left-medium:1.92%;--awb-width-small:100%;--awb-spacing-right-small:1.92%;--awb-spacing-left-small:1.92%;\"><div class=\"fusion-column-wrapper fusion-flex-justify-content-flex-start fusion-content-layout-column\"><div class=\"fusion-text fusion-text-1\"><h1>Convocatorias<\/h1>\n<div id=\"\" class=\"lsow-panel lsow-active\">\n<div class=\"lsow-panel-content\">\n<ul>\n<li><a href=\"https:\/\/wecoop.es\/event\/mujeres-del-medio-rural-situacion-participacion-socioeconomica\/\">Mujeres del medio rural: Situaci\u00f3n y participaci\u00f3n socioecon\u00f3mica. Organiza la Universidad de Castilla-La Mancha<\/a><\/li>\n<li><a href=\"https:\/\/perifericas.es\/products\/sesi-n-formativa-online-a-un-clic-de-la-prostitucion\" target=\"_blank\" rel=\"noopener\" data-saferedirecturl=\"https:\/\/www.google.com\/url?q=https:\/\/perifericas.es\/products\/sesi-n-formativa-online-a-un-clic-de-la-prostitucion&amp;source=gmail&amp;ust=1727426788215000&amp;usg=AOvVaw3tOQzk-cY7gYPqn3EB7r78\">A un clic de la prostituci\u00f3n: la nueva explotaci\u00f3n sexual online.\u00a0<\/a>PeriF\u00e9ricas, Escuela de feminismos alternativos. 17 de octubre, 18 horas<\/li>\n<li><a href=\"http:\/\/ws229.juntadeandalucia.es\/agenciaagrariaypesquera\/encuestas\/index.php\/945132?lang=es\" target=\"_blank\" rel=\"noopener\" data-saferedirecturl=\"https:\/\/www.google.com\/url?q=http:\/\/ws229.juntadeandalucia.es\/agenciaagrariaypesquera\/encuestas\/index.php\/945132?lang%3Des&amp;source=gmail&amp;ust=1727426788215000&amp;usg=AOvVaw3UfId6Ml3pI2eUTXk8nJid\">Taller de empoderamiento y liderazgo de las mujeres en la producci\u00f3n ecol\u00f3gica<\/a>. Agencia de Gesti\u00f3n Agraria y Pesquera de Andaluc\u00eda. AGAPA. 8 y 9 de octubre.\u00a0Antigua Estaci\u00f3n de trenes de Mor\u00f3n de la Frontera (Sevilla)\u00a0<a href=\"https:\/\/maps.app.goo.gl\/WpyBvSTzNLrC3vjPA\" target=\"_blank\" rel=\"noopener noreferrer noreferrer noreferrer\" data-saferedirecturl=\"https:\/\/www.google.com\/url?q=https:\/\/maps.app.goo.gl\/WpyBvSTzNLrC3vjPA&amp;source=gmail&amp;ust=1727426788215000&amp;usg=AOvVaw0WVSTWeP6FxCK3mxgBR8_T\">https:\/\/maps.app.<wbr \/>goo.gl\/WpyBvSTzNLrC3vjPA<\/a><\/li>\n<\/ul>\n<\/div>\n<\/div>\n<div id=\"\" class=\"lsow-panel lsow-active\">\n<h1 class=\"lsow-panel-title\">Comunicaci\u00f3n, Publicidad y TICs<\/h1>\n<div class=\"lsow-panel-content\">\n<p><a class=\"title\" href=\"https:\/\/www.msn.com\/es-es\/dinero\/formacion-empleo\/los-dircom-hombres-acceden-a-posiciones-directivas-con-un-salario-un-18-superior-al-de-las-mujeres-seg%C3%BAn-un-estudio\/ar-AA1rbRsq?ocid=BingNewsVerp\" target=\"_blank\" rel=\"noopener\" data-artpy=\"0\" data-author=\"Qu\u00e9.es on MSN\">Los \u2018dircom\u2019 hombres acceden a posiciones directivas con un salario un 18% superior al de las mujeres, seg\u00fan un estudio<\/a>-que<br \/>\n<a class=\"title\" href=\"https:\/\/tn.com.ar\/sociedad\/2024\/09\/24\/rosa-montero-en-el-mundo-la-democracia-esta-en-crisis-y-el-periodismo-esta-en-riesgo\/\" target=\"_blank\" rel=\"noopener\" data-artpy=\"0\" data-author=\"Todo Noticias\">Rosa Montero: \u201cEn el mundo, la democracia est\u00e1 en crisis y el periodismo est\u00e1 en riesgo\u201d<\/a>-tn<br \/>\n<a class=\"title\" href=\"https:\/\/www.unesco.org\/es\/safety-journalists\/safety-women-journalists\" target=\"_blank\" rel=\"noopener\" data-artpy=\"0\" data-author=\"UNESCO\">Seguridad de las mujeres periodistas<\/a>-unesco<br \/>\n<a class=\"title\" href=\"https:\/\/www.eldiario.es\/sociedad\/valentia-nevenka-fernandez-periodismo_129_11675837.html\" target=\"_blank\" rel=\"noopener\" data-artpy=\"0\" data-author=\"eldiario.es\">La valent\u00eda de Nevenka Fern\u00e1ndez (y el valor del periodismo)<\/a>-eldiario<\/p>\n<\/div>\n<\/div>\n<div id=\"\" class=\"lsow-panel lsow-active\">\n<h1 class=\"lsow-panel-title\">Andaluc\u00eda<\/h1>\n<div class=\"lsow-panel-content\">\n<div class=\"source set_top\">\n<div data-priority=\"2\" aria-hidden=\"true\">\n<p><strong>Institucional<br \/>\n<\/strong><a class=\"title\" href=\"https:\/\/www.europapress.es\/andalucia\/malaga-00356\/noticia-igualdad-pide-junta-mueva-ficha-mujeres-puedan-ejercer-derecho-abortar-voluntariamente-20240926153107.html\" target=\"_blank\" rel=\"noopener\" data-artpy=\"0\" data-author=\"Europa Press\">Igualdad pide a Junta que \u00abmueva ficha\u00bb para que las mujeres puedan ejercer derecho a abortar voluntariamente<\/a>-europapress<br \/>\n<a href=\"https:\/\/www.google.com\/url?rct=j&amp;sa=t&amp;url=https:\/\/www.europapress.es\/andalucia\/noticia-loles-lopez-indica-junta-trabaja-nuevo-modelo-financiacion-centros-mujer-20240926130111.html&amp;ct=ga&amp;cd=CAEYACoTMzgxOTc2NDY2NzkxNDgxODIwNjIbOWFiMWNkZDdlMzY2ZWYzODplczplczpFUzpS&amp;usg=AOvVaw0xZAjcpSlLdwptbMgedT6F\" target=\"_blank\" rel=\"noopener\" data-saferedirecturl=\"https:\/\/www.google.com\/url?q=https:\/\/www.google.com\/url?rct%3Dj%26sa%3Dt%26url%3Dhttps:\/\/www.europapress.es\/andalucia\/noticia-loles-lopez-indica-junta-trabaja-nuevo-modelo-financiacion-centros-mujer-20240926130111.html%26ct%3Dga%26cd%3DCAEYACoTMzgxOTc2NDY2NzkxNDgxODIwNjIbOWFiMWNkZDdlMzY2ZWYzODplczplczpFUzpS%26usg%3DAOvVaw0xZAjcpSlLdwptbMgedT6F&amp;source=gmail&amp;ust=1727454724127000&amp;usg=AOvVaw2pfLl8BCNayISgrQ8XSN5x\">Loles L\u00f3pez indica que la Junta trabaja en el nuevo \u00abmodelo de financiaci\u00f3n\u00bb en centros de la\u00a0mujer<b>&#8211;\u00a0<\/b><\/a><a>Europa Press<\/a><\/p>\n<p><strong>Econom\u00eda y Empresa<br \/>\n<\/strong><a class=\"title\" href=\"https:\/\/www.europapress.es\/andalucia\/noticia-rocio-blanco-anuncia-20-millones-ayudas-modernizacion-pymes-comerciales-artesanales-20240924210627.html\" target=\"_blank\" rel=\"noopener\" data-artpy=\"0\" data-author=\"Europa Press\">Roc\u00edo Blanco anuncia 20 millones en ayudas para la modernizaci\u00f3n de pymes comerciales y artesanales<\/a>-europapress<br \/>\n<a class=\"title\" href=\"https:\/\/www.europapress.es\/esandalucia\/granada\/noticia-blanco-inaugura-congreso-andaluz-artesania-reune-mas-centenar-profesionales-expertos-granada-20240925110206.html\" target=\"_blank\" rel=\"noopener\" data-artpy=\"0\" data-author=\"Europa Press\">Blanco inaugura el Congreso Andaluz de Artesan\u00eda, que re\u00fane a m\u00e1s de un centenar de profesionales y expertos en Granada<\/a>-europapress<strong><br \/>\n<\/strong><a class=\"title\" href=\"https:\/\/cadenaser.com\/andalucia\/2024\/09\/26\/malaga-acogera-el-ii-foro-mujeres-que-cambian-el-mundo-ser-malaga\/\" target=\"_blank\" rel=\"noopener\" data-artpy=\"0\" data-author=\"Cadena SER\">M\u00e1laga acoger\u00e1 el II Foro mujeres que cambian el mundo<\/a>-ser<br \/>\n<a class=\"title\" href=\"https:\/\/www.diarioelcanal.com\/s4andalucia\/\" target=\"_blank\" rel=\"noopener\" data-artpy=\"0\" data-author=\"diarioelcanal\">Andaluc\u00eda se transforma con la econom\u00eda azul y la innovaci\u00f3n como baluartes<\/a>-diarioelcanal<br \/>\n<a class=\"title\" href=\"https:\/\/www.juntadeandalucia.es\/presidencia\/portavoz\/turismo\/197112\/ConsejeriadeTurismo\/ArturoBernal\/LeydeAccionExterior\/empresas\/destinosturisticos\/inteligenciaartificiall\" target=\"_blank\" rel=\"noopener\" data-artpy=\"0\" data-author=\"juntadeandalucia.es\">La Junta aprobar\u00e1 una nueva Ley de Acci\u00f3n Exterior y pondr\u00e1 al servicio de empresas y destinos la Inteligencia Artificial<\/a>-juntadeandalucia<br \/>\n<a class=\"title\" href=\"https:\/\/theobjective.com\/espana\/andalucia\/2024-09-26\/concentraciones-reduccion-jornada-andalucia\/\" target=\"_blank\" rel=\"noopener\" data-artpy=\"0\" data-author=\"The Objective\">CCOO y UGT salen a la calle en defensa de la reducci\u00f3n de jornada en Andaluc\u00eda este jueves<\/a>-theobjective<a><br \/>\n<\/a><\/p>\n<p><strong>Actualidad<br \/>\n<\/strong><a href=\"https:\/\/www.google.com\/url?rct=j&amp;sa=t&amp;url=https:\/\/www.europapress.es\/esandalucia\/sevilla\/noticia-elegidas-26-vocalias-conformaran-consejo-andaluz-participacion-mujeres-20240925143815.html&amp;ct=ga&amp;cd=CAEYACoTNjIyMzM5Mzg0Mzg3NjE3NzUwMDIbOWFiMWNkZDdlMzY2ZWYzODplczplczpFUzpS&amp;usg=AOvVaw0VwpXCesDIR8Srh2lcHqVQ\" target=\"_blank\" rel=\"noopener\" data-saferedirecturl=\"https:\/\/www.google.com\/url?q=https:\/\/www.google.com\/url?rct%3Dj%26sa%3Dt%26url%3Dhttps:\/\/www.europapress.es\/esandalucia\/sevilla\/noticia-elegidas-26-vocalias-conformaran-consejo-andaluz-participacion-mujeres-20240925143815.html%26ct%3Dga%26cd%3DCAEYACoTNjIyMzM5Mzg0Mzg3NjE3NzUwMDIbOWFiMWNkZDdlMzY2ZWYzODplczplczpFUzpS%26usg%3DAOvVaw0VwpXCesDIR8Srh2lcHqVQ&amp;source=gmail&amp;ust=1727424762623000&amp;usg=AOvVaw35OLS5tye8yZU2j48vYPg6\">Elegidas las 26 vocal\u00edas que conformar\u00e1n el Consejo\u00a0Andaluz\u00a0de Participaci\u00f3n de\u00a0las Mujeres-\u00a0<\/a><a>Europa Press<br \/>\n<\/a><a class=\"title\" href=\"https:\/\/cadenaser.com\/andalucia\/2024\/09\/18\/mujeres-inspiradoras-protagonizaran-el-ii-foro-mujeres-que-cambian-el-mundo-en-el-auditorio-edgar-neville-de-la-diputacion-ser-malaga\/\" target=\"_blank\" rel=\"noopener\" data-artpy=\"0\" data-author=\"Cadena SER\">Mujeres inspiradoras protagonizar\u00e1n el II Foro Mujeres que Cambian el Mundo en el auditorio Edgar Neville de la Diputaci\u00f3n<\/a>-ser<a><br \/>\n<\/a><a class=\"title\" href=\"https:\/\/www.juntadeandalucia.es\/presidencia\/portavoz\/social\/196972\/ConsejeriadeInclusionSocial\/mujeres\/campana\/supervivientes\/victimas\/violenciadegenero\/malostratos\/maltrato\/LolesLopez\/denuncia\" target=\"_blank\" rel=\"noopener\" data-artpy=\"0\" data-author=\"juntadeandalucia.es\">La campa\u00f1a \u2018Vidas que cambian vidas&#8217; anima a las mujeres que sufren violencia de g\u00e9nero a denunciar y pedir ayuda<\/a><strong>&#8211;<\/strong>juntadeandalucia<\/p>\n<p><strong>Violencias<br \/>\n<\/strong><a class=\"title\" href=\"https:\/\/www.msn.com\/es-es\/noticias\/espana\/la-junta-lanza-una-campa%C3%B1a-para-animar-a-las-mujeres-que-sufren-violencia-de-g%C3%A9nero-a-denunciar\/ar-AA1r35a3?ocid=BingNewsVerp\" target=\"_blank\" rel=\"noopener\" data-artpy=\"0\" data-author=\"Europa Press on MSN\">La Junta lanza una campa\u00f1a para animar a las mujeres que sufren violencia de g\u00e9nero a denunciar<\/a>-europapress<strong><br \/>\n<\/strong><a href=\"https:\/\/www.google.com\/url?rct=j&amp;sa=t&amp;url=https:\/\/www.abc.es\/espana\/andalucia\/andalucia-atendido-346-casos-confirmados-mujeres-ninas-20240922132038-nts.html&amp;ct=ga&amp;cd=CAEYACoTNjg0NjIzOTgxMjU5NzI1OTg4MjIbOWFiMWNkZDdlMzY2ZWYzODplczplczpFUzpS&amp;usg=AOvVaw0A0nPacsAgXLuQl4rJD1xi\" target=\"_blank\" rel=\"noopener\" data-saferedirecturl=\"https:\/\/www.google.com\/url?q=https:\/\/www.google.com\/url?rct%3Dj%26sa%3Dt%26url%3Dhttps:\/\/www.abc.es\/espana\/andalucia\/andalucia-atendido-346-casos-confirmados-mujeres-ninas-20240922132038-nts.html%26ct%3Dga%26cd%3DCAEYACoTNjg0NjIzOTgxMjU5NzI1OTg4MjIbOWFiMWNkZDdlMzY2ZWYzODplczplczpFUzpS%26usg%3DAOvVaw0A0nPacsAgXLuQl4rJD1xi&amp;source=gmail&amp;ust=1727366711273000&amp;usg=AOvVaw3QG-9SW-469mequuFg1nHA\">Andaluc\u00eda ha atendido a 3.754 mujeres y ni\u00f1as en el servicio de v\u00edctimas de trata con fines &#8230; &#8211;\u00a0<\/a><a>ABC<br \/>\n<\/a><a class=\"title\" href=\"https:\/\/www.abc.es\/espana\/andalucia\/mujeres-coraje-plantan-cara-violencia-machista-20240924181957-nts.html\" target=\"_blank\" rel=\"noopener\" data-artpy=\"0\" data-author=\"ABC\">Mujeres coraje plantan cara a la violencia machista en Andaluc\u00eda<\/a>-abc<a><br \/>\n<\/a><\/p>\n<p><b>Ciencia y Cultura<br \/>\n<\/b><a class=\"title\" href=\"https:\/\/www.europapress.es\/andalucia\/fundacion-unicaja-01059\/noticia-fundacion-unicaja-impulsa-ciclo-sevilla-papel-mujer-flamenco-20240926153043.html\" target=\"_blank\" rel=\"noopener\" data-artpy=\"0\" data-author=\"Europa Press\">Fundaci\u00f3n Unicaja impulsa un ciclo en Sevilla sobre el papel de la mujer en el flamenco<\/a>-europapress<br \/>\n<a class=\"title\" href=\"https:\/\/www.diariocordoba.com\/cultura\/2024\/09\/23\/mujer-deberias-uco-debate-normas-108463494.html\" target=\"_blank\" rel=\"noopener\" data-artpy=\"0\" data-author=\"Diario C\u00f3rdoba\">&#8216;\u00bfLa mujer que deber\u00edas ser?&#8217;: la UCO debate sobre las normas impuestas al g\u00e9nero femenino<\/a>-diariodecordoba<br \/>\n<a class=\"title\" href=\"https:\/\/www.msn.com\/es-es\/entretenimiento\/cine\/la-filmoteca-de-andaluc%C3%ADa-participa-en-el-programa-nosotras-contamos-con-proyecciones-en-c%C3%B3rdoba-y-granada\/ar-AA1r8bf7?ocid=BingNewsVerp\" target=\"_blank\" rel=\"noopener\" data-artpy=\"0\" data-author=\"Europa Press on MSN\">La Filmoteca de Andaluc\u00eda participa en el programa &#8216;Nosotras contamos&#8217; con proyecciones en C\u00f3rdoba y Granada<\/a>-europapress<br \/>\n<a class=\"title\" href=\"https:\/\/www.msn.com\/es-es\/noticias\/other\/el-caac-presenta-rede-social-una-experiencia-de-convivencia-y-arte-relacional-a-cargo-del-colectivo-opavivar%C3%A1\/ar-AA1qQhlc?ocid=BingNewsVerp\" target=\"_blank\" rel=\"noopener\" data-artpy=\"0\" data-author=\"Europa Press on MSN\">El CAAC presenta &#8216;Rede Social&#8217;, una experiencia de convivencia y arte relacional a cargo del colectivo Opavivar\u00e1!<\/a>-europapress<br \/>\n<a class=\"title\" href=\"https:\/\/www.europapress.es\/andalucia\/almeria-00350\/noticia-idoia-sojo-lanza-mujeres-eran-luna-obra-realista-sincera-refleja-crudeza-colonizacion-20240925175033.html\" target=\"_blank\" rel=\"noopener\" data-artpy=\"0\" data-author=\"Europa Press\">Idoia Sojo lanza &#8216;Las mujeres eran luna&#8217;, una obra \u00abrealista y sincera\u00bb que \u00abrefleja la crudeza de la colonizaci\u00f3n\u00bb<\/a>-europapress<br \/>\n<a class=\"title\" href=\"https:\/\/www.europapress.es\/esandalucia\/jaen\/noticia-junta-iam-respaldan-jaen-muestra-contagia-sororidad-mujeres-burundesas-reclaman-derechos-20240919215753.html\" target=\"_blank\" rel=\"noopener\" data-artpy=\"0\" data-author=\"Europa Press\">La Junta y el IAM respaldan en Ja\u00e9n la muestra &#8216;\u00a1Contagia Sororidad! Las Mujeres Burundesas reclaman sus Derechos&#8217;<\/a>-europapress<a><br \/>\n<\/a><\/p>\n<p><strong>Deporte<br \/>\n<\/strong><a class=\"title\" href=\"https:\/\/www.ideal.es\/deportes\/provincial-granada\/maria-perez-premio-andalucia-deportes-2023-20240925115155-nt.html\" target=\"_blank\" rel=\"noopener\" data-artpy=\"0\" data-author=\"ideal\">Mar\u00eda P\u00e9rez, Premio Andaluc\u00eda de los Deportes 2023<\/a>-ideal<strong><br \/>\n<\/strong><a class=\"title\" href=\"https:\/\/cadenaser.com\/andalucia\/2024\/09\/26\/social-energy-y-el-sevilla-fc-femenino-celebran-su-union-con-una-visita-muy-especial-radio-sevilla\/\" target=\"_blank\" rel=\"noopener\" data-artpy=\"0\" data-author=\"Cadena SER\">Social Energy y el Sevilla FC Femenino celebran su uni\u00f3n con una visita muy especial<\/a>-ser<strong><br \/>\n<\/strong><\/p>\n<\/div>\n<\/div>\n<\/div>\n<\/div>\n<div id=\"\" class=\"lsow-panel lsow-active\">\n<h1 class=\"lsow-panel-title\">Estado<\/h1>\n<div class=\"lsow-panel-content\">\n<p><strong>Institucional<br \/>\n<\/strong><a class=\"title\" href=\"https:\/\/www.msn.com\/es-es\/noticias\/other\/la-ministra-de-igualdad-ve-imprescindible-la-perspectiva-de-g%C3%A9nero-en-la-justicia-y-a-la-hora-de-interpretar-la-ley\/ar-AA1rfV2c?ocid=BingNewsVerp\" target=\"_blank\" rel=\"noopener\" data-artpy=\"0\" data-author=\"Europa Press on MSN\">La ministra de Igualdad ve \u00abimprescindible\u00bb la perspectiva de g\u00e9nero en la justicia y a la hora de interpretar la ley<\/a>-europapress<br \/>\n<a class=\"title\" href=\"https:\/\/www.20minutos.es\/lainformacion\/economia-y-finanzas\/gobierno-atajar-brecha-jubilacion-parcial-26-mujeres-5636580\/\" target=\"_blank\" rel=\"noopener\" data-artpy=\"0\" data-author=\"20 minutos\">El Gobierno busca atajar la brecha en la jubilaci\u00f3n parcial: solo un 26% son mujeres<\/a>-20minutos<\/p>\n<p><strong>Institucional &#8211; CCAA<br \/>\n<\/strong><a class=\"title\" href=\"https:\/\/www.msn.com\/es-es\/noticias\/espana\/las-diputaciones-de-c%C3%A1ceres-y-badajoz-impulsan-un-proyecto-para-fomentar-la-presencia-de-mujeres-en-la-cultura\/ar-AA1qUxCm?ocid=BingNewsVerp\" target=\"_blank\" rel=\"noopener\" data-artpy=\"0\" data-author=\"Europa Press on MSN\">Las diputaciones de C\u00e1ceres y Badajoz impulsan un proyecto para fomentar la presencia de mujeres en la cultura<\/a>-europapress<br \/>\n<a class=\"title\" href=\"https:\/\/www.msn.com\/es-es\/noticias\/espana\/el-37-de-mujeres-j%C3%B3venes-en-cyl-cree-que-hay-ausencia-de-referentes-femeninas-en-pol%C3%ADtica-por-prejuicios-o-cr%C3%ADticas\/ar-AA1qPKQZ?ocid=BingNewsVerp\" target=\"_blank\" rel=\"noopener\" data-artpy=\"0\" data-author=\"Europa Press on MSN\">El 37% de mujeres j\u00f3venes en CyL cree que hay ausencia de referentes femeninas en pol\u00edtica<\/a>-europapress<br \/>\n<a class=\"title\" href=\"https:\/\/www.europapress.es\/castilla-lamancha\/noticia-casi-450-trabajadores-red-recursos-igualdad-lm-recibiran-formacion-atencion-integral-mujeres-20240920113536.html\" target=\"_blank\" rel=\"noopener\" data-artpy=\"0\" data-author=\"Europa Press\">Los casi 450 trabajadores de la red de recursos de igualdad de C-LM recibir\u00e1n formaci\u00f3n para atenci\u00f3n integral a mujeres<\/a>-europapress<br \/>\n<a class=\"title\" href=\"https:\/\/www.msn.com\/es-es\/salud\/other\/el-principado-impulsa-talleres-de-sensibilizaci%C3%B3n-sobre-la-lucha-contra-la-violencia-hacia-las-mujeres-en-el-deporte\/ar-AA1qGYsO?ocid=BingNewsVerp\" target=\"_blank\" rel=\"noopener\" data-artpy=\"0\" data-author=\"Europa Press on MSN\">El Principado impulsa talleres de sensibilizaci\u00f3n sobre la lucha contra la violencia hacia las mujeres en el deporte<\/a>-europapress<br \/>\n<a class=\"title\" href=\"https:\/\/www.europapress.es\/euskadi\/noticia-emakunde-abre-plazo-participar-concurso-audiovisual-prevencion-violencia-machista-jovenes-20240920103656.html\" target=\"_blank\" rel=\"noopener\" data-artpy=\"0\" data-author=\"Europa Press\">Emakunde abre el plazo para participar en el concurso audiovisual para la prevenci\u00f3n de la violencia machista en j\u00f3venes<\/a>-europapress<strong><br \/>\n<\/strong><\/p>\n<p><strong>Econom\u00eda y Empresa<br \/>\n<\/strong><a href=\"https:\/\/www.google.com\/url?rct=j&amp;sa=t&amp;url=https:\/\/www.lavanguardia.com\/sociedad\/20240925\/9970158\/nace-w8-red-auna-mujeres-lideres-referentes-femeninos-sectores-estrategicos-economia-espanola-ep-agenciaslv20240925.html&amp;ct=ga&amp;cd=CAEYACoUMTYzOTU0Mjc4NzU0NjMyMTcxNzIyG2UwZjU4Njg5N2I1Zjc4M2U6ZXM6ZXM6RVM6TA&amp;usg=AOvVaw0w5_zZBp5o0Bem48bXLXVy\" target=\"_blank\" rel=\"noopener\" data-saferedirecturl=\"https:\/\/www.google.com\/url?q=https:\/\/www.google.com\/url?rct%3Dj%26sa%3Dt%26url%3Dhttps:\/\/www.lavanguardia.com\/sociedad\/20240925\/9970158\/nace-w8-red-auna-mujeres-lideres-referentes-femeninos-sectores-estrategicos-economia-espanola-ep-agenciaslv20240925.html%26ct%3Dga%26cd%3DCAEYACoUMTYzOTU0Mjc4NzU0NjMyMTcxNzIyG2UwZjU4Njg5N2I1Zjc4M2U6ZXM6ZXM6RVM6TA%26usg%3DAOvVaw0w5_zZBp5o0Bem48bXLXVy&amp;source=gmail&amp;ust=1727436308559000&amp;usg=AOvVaw3kaH_8SrhiibRjVW_zluwg\">Nace W8, una red que a\u00fana a\u00a0mujeres l\u00edderes y referentes femeninos de sectores estrat\u00e9gicos &#8230; &#8211;\u00a0<\/a><a>La Vanguardia<br \/>\n<\/a><a class=\"title\" href=\"https:\/\/www.elespanol.com\/invertia\/disruptores\/ecosistema-startup\/20240925\/mujeres-alta-direccion-ecosistema-fintech-caida-libre-desploma-mitad\/888411617_0.html\" target=\"_blank\" rel=\"noopener\" data-artpy=\"0\" data-author=\"ESPA\u00d1OL\">Las mujeres en la alta direcci\u00f3n del ecosistema &#8216;fintech&#8217;, en ca\u00edda libre: se desploma a la mitad en 2024<\/a>-eleconomista<a><br \/>\n<\/a><a class=\"title\" href=\"https:\/\/cincodias.elpais.com\/fortunas\/2024-09-25\/ellas-son-mas-pero-mandan-ellos-la-igualdad-de-genero-en-la-comunicacion-corporativa-en-espana.html\" target=\"_blank\" rel=\"noopener\" data-artpy=\"0\" data-author=\"EL PA\u00cdS\">Ellas son m\u00e1s, pero mandan ellos: la igualdad de g\u00e9nero en la comunicaci\u00f3n corporativa en Espa\u00f1a<\/a>-cincodias<a><br \/>\n<\/a><\/p>\n<p><strong>Actualidad<br \/>\n<\/strong><a class=\"title\" href=\"https:\/\/www.eleconomista.es\/empleo\/noticias\/12991051\/09\/24\/el-titulo-universitario-incrementa-el-retorno-salarial-un-22-para-hombres-y-un-29-para-mujeres.html\" target=\"_blank\" rel=\"noopener\" data-artpy=\"0\" data-author=\"elEconomista\">El t\u00edtulo universitario incrementa el retorno salarial un 22% para hombres y un 29% para mujeres<\/a>-eleconomista<br \/>\n<a class=\"title\" href=\"https:\/\/www.cope.es\/programas\/poniendo-las-calles\/audios\/diferencia-hombres-y-mujeres-espana-coche-corroboran-expertos-estudio-mas-20240925_3016512.html\" target=\"_blank\" rel=\"noopener\" data-artpy=\"0\" data-author=\"COPE\">La diferencia entre hombres y mujeres de Espa\u00f1a con el coche que corroboran expertos en un estudio: \u00abMucho m\u00e1s\u00bb<\/a>-cope<br \/>\n<a class=\"title\" href=\"https:\/\/www.rtve.es\/television\/20240926\/parir-documental-denuncia-violencia-obstetrica-parto-embarazo\/16263290.shtml\" target=\"_blank\" rel=\"noopener\" data-artpy=\"0\" data-author=\"RTVE\">Parir, el documental que denuncia la violencia obst\u00e9trica en el parto y el embarazo<\/a>-rtve<br \/>\n<a class=\"title\" href=\"https:\/\/www.larazon.es\/lr-content\/como-frenar-epidemia-infecciones-transmision-sexual-mujeres-espana_2024092266e2a76c3c8787000183c21f.html\" target=\"_blank\" rel=\"noopener\" data-artpy=\"0\" data-author=\"La Raz\u00f3n Digital\">C\u00f3mo frenar la epidemia de infecciones de transmisi\u00f3n sexual en mujeres en Espa\u00f1a<\/a>-larazon<strong><br \/>\n<\/strong><\/p>\n<p><strong>Violencias<br \/>\n<\/strong><a class=\"title\" href=\"https:\/\/www.telecinco.es\/noticias\/espana\/20240926\/abogacia-espanola-reforzar-pacto-violencia-genero_18_013552775.html\" target=\"_blank\" rel=\"noopener\" data-artpy=\"0\" data-author=\"TeleCinco\">La Abogac\u00eda Espa\u00f1ola pide reforzar el Pacto contra la Violencia de G\u00e9nero y \u00abm\u00e1s recursos\u00bb para la defensa de las v\u00edctimas<\/a>-telecinco<br \/>\n<a class=\"title\" href=\"https:\/\/www.rtve.es\/noticias\/20240920\/mas-123000-hechos-graves-violencia-genero-2023\/16256523.shtml\" target=\"_blank\" rel=\"noopener\" data-artpy=\"0\" data-author=\"RTVE\">M\u00e1s de 123.000 hechos graves de violencia de g\u00e9nero en 2023<\/a>-rtve<strong><br \/>\n<\/strong><\/p>\n<p><strong>Ciencia y Cultura<br \/>\n<\/strong><a class=\"title\" href=\"https:\/\/www.abc.es\/cultura\/monica-rodriguez-premio-nacional-literatura-infantil-juvenil-20240924134732-nt.html\" target=\"_blank\" rel=\"noopener\" data-artpy=\"0\" data-author=\"ABC\">M\u00f3nica Rodr\u00edguez, premio Nacional de Literatura Infantil y Juvenil 2024<\/a><strong>&#8211;<\/strong>abc<strong><br \/>\n<\/strong><a class=\"title\" href=\"https:\/\/www.levante-emv.com\/cultura\/2024\/09\/21\/ministro-cultura-entrega-valenciana-maria-108388528.html\" target=\"_blank\" rel=\"noopener\" data-artpy=\"0\" data-author=\"Levante-EMV\">Mar\u00eda Zamora el Premio Nacional de Cinematograf\u00eda<\/a><strong>&#8211;<\/strong>levante<br \/>\n<a href=\"https:\/\/www.google.com\/url?rct=j&amp;sa=t&amp;url=https:\/\/www.20minutos.es\/noticia\/5637792\/0\/maria-velasco-premio-nacional-literatura-dramatica-2024-por-primera-sangre-sobre-realidades-que-angustian-tejido-social\/&amp;ct=ga&amp;cd=CAEYACoSODM1OTQ3MDkyMjc1MTA5OTkwMhljMDM3MmViYzJmZWFkYTU5OmVzOmVzOkVT&amp;usg=AOvVaw2Fn9BeVZxchUFS89NPP4u-\" target=\"_blank\" rel=\"noopener\" data-saferedirecturl=\"https:\/\/www.google.com\/url?q=https:\/\/www.google.com\/url?rct%3Dj%26sa%3Dt%26url%3Dhttps:\/\/www.20minutos.es\/noticia\/5637792\/0\/maria-velasco-premio-nacional-literatura-dramatica-2024-por-primera-sangre-sobre-realidades-que-angustian-tejido-social\/%26ct%3Dga%26cd%3DCAEYACoSODM1OTQ3MDkyMjc1MTA5OTkwMhljMDM3MmViYzJmZWFkYTU5OmVzOmVzOkVT%26usg%3DAOvVaw2Fn9BeVZxchUFS89NPP4u-&amp;source=gmail&amp;ust=1727454444085000&amp;usg=AOvVaw09nK0qcCuJifvwokv-7bdt\">Mar\u00eda Velasco, Premio Nacional de Literatura Dram\u00e1tica 2024 por &#8216;Primera sangre&#8217;, sobre la &#8230;-\u00a0<\/a><a>20Minutos<br \/>\n<\/a><a class=\"title\" href=\"https:\/\/www.eldiario.es\/cultura\/carmen-burgos-maria-lejarraga-escritoras-abanderadas-derechos-mujer_1_11684819.html\" target=\"_blank\" rel=\"noopener\" data-artpy=\"0\" data-author=\"eldiario.es\">Carmen de Burgos y Mar\u00eda Lej\u00e1rraga, dos escritoras abanderadas de los derechos de la mujer<\/a>-eldiario<br \/>\n<a class=\"title\" href=\"https:\/\/elpais.com\/cultura\/2024-09-25\/la-nueva-compania-nacional-de-danza-mas-mujeres-y-mas-vanguardia.html\" target=\"_blank\" rel=\"noopener\" data-artpy=\"0\" data-author=\"EL PA\u00cdS\">La nueva Compa\u00f1\u00eda Nacional de Danza: m\u00e1s mujeres y m\u00e1s vanguardia<\/a>-elpais<br \/>\n<a class=\"title\" href=\"https:\/\/www.abc.es\/cultura\/cultural\/paula-ortiz-estrena-virgen-roja-seguimos-hijos-20240921070900-nt.html\" target=\"_blank\" rel=\"noopener\" data-artpy=\"0\" data-author=\"ABC\">Paula Ortiz estrena &#8216;La virgen roja&#8217;: \u00abSeguimos siendo hijos de los mayores sue\u00f1os y pesadillas de la raz\u00f3n\u00bb<\/a>-abc<br \/>\n<a class=\"title\" href=\"https:\/\/www.elmundo.es\/la-lectura\/2024\/09\/25\/66ec41c3fc6c839d0b8b458a.html\" target=\"_blank\" rel=\"noopener\" data-artpy=\"0\" data-author=\"El Mundo\">Sexo expl\u00edcito en el arte rom\u00e1nico: \u00abLa mujer ten\u00eda que disfrutar, el orgasmo femenino estaba muy valorado\u00bb<\/a>-elmundo<br \/>\n<a class=\"title\" href=\"https:\/\/www.diariocritico.com\/feminajazz-2024\" target=\"_blank\" rel=\"noopener\" data-artpy=\"0\" data-author=\"Diariocr\u00edtico.com\">El poder de las mujeres sigue en alza: nueva edici\u00f3n de F\u00e9minaJazz con grandes m\u00fasicas<\/a>-diariocritico<a><br \/>\n<\/a><\/p>\n<p><strong>Deporte<br \/>\n<\/strong><a class=\"title\" href=\"https:\/\/elgeneracionalpost.com\/deportes\/2024\/0925\/167090\/la-liga-endesa-lidera-el-deporte-femenino-en-europa.html\" target=\"_blank\" rel=\"noopener\" data-artpy=\"0\" data-author=\"elgeneracionalpost\">La Liga Endesa lidera el deporte femenino en Europa<\/a>-elgeneracional<strong><br \/>\n<\/strong><a class=\"title\" href=\"https:\/\/www.msn.com\/es-es\/salud\/other\/todo-lo-que-aprendimos-sobre-c%C3%B3mo-el-deporte-femenino-e-inclusivo-puede-cambiar-el-mundo\/ar-AA1rb61H?ocid=BingNewsVerp\" target=\"_blank\" rel=\"noopener\" data-artpy=\"0\" data-author=\"Glamour Spain on MSN\">Todo lo que aprendimos sobre c\u00f3mo el deporte (femenino e inclusivo) puede cambiar el mundo<\/a>-glamour<br \/>\n<a class=\"title\" href=\"https:\/\/www.msn.com\/es-es\/deportes\/other\/bucsa-debuta-con-victoria-en-pek%C3%ADn\/ar-AA1rem7q?ocid=BingNewsVerp\" target=\"_blank\" rel=\"noopener\" data-artpy=\"0\" data-author=\"Mundo Deportivo on MSN\">Bucsa y Sorribes debutan con victoria en Pek\u00edn<\/a>-mundodeportivo<a><br \/>\n<\/a><\/p>\n<\/div>\n<\/div>\n<div id=\"\" class=\"lsow-panel lsow-active\">\n<h1 class=\"lsow-panel-title\">Internacional<\/h1>\n<div class=\"lsow-panel-content\">\n<p><a href=\"https:\/\/www.google.com\/url?rct=j&amp;sa=t&amp;url=https:\/\/euroefe.euractiv.es\/section\/feminismo\/news\/ribera-alerta-sobre-regresion-en-igualdad-en-la-ue-en-espacios-que-se-creian-conquistados\/&amp;ct=ga&amp;cd=CAEYASoTNzI4OTI3NzcyNzYzNDc3MzAzNDIZMGE3MDMxZmMzMWI2ZDliZDplczplczpFUw&amp;usg=AOvVaw2M6_tSUaGQGWhzZUK4bEjF\" target=\"_blank\" rel=\"noopener\" data-saferedirecturl=\"https:\/\/www.google.com\/url?q=https:\/\/www.google.com\/url?rct%3Dj%26sa%3Dt%26url%3Dhttps:\/\/euroefe.euractiv.es\/section\/feminismo\/news\/ribera-alerta-sobre-regresion-en-igualdad-en-la-ue-en-espacios-que-se-creian-conquistados\/%26ct%3Dga%26cd%3DCAEYASoTNzI4OTI3NzcyNzYzNDc3MzAzNDIZMGE3MDMxZmMzMWI2ZDliZDplczplczpFUw%26usg%3DAOvVaw2M6_tSUaGQGWhzZUK4bEjF&amp;source=gmail&amp;ust=1727369603750000&amp;usg=AOvVaw1TB6XHQ2-uHCieQj4NAGPe\">Ribera alerta sobre regresi\u00f3n en igualdad en la UE en espacios que se cre\u00edan conquistados-\u00a0<\/a><a>EuroEFE<br \/>\n<\/a><a class=\"title\" href=\"https:\/\/www.msn.com\/es-es\/noticias\/internacional\/rebelde-y-austera-as%C3%AD-es-alice-walton-la-heredera-de-walmart-que-se-ha-convertido-en-la-mujer-m%C3%A1s-rica-del-mundo\/ar-AA1qvdnq?ocid=BingNewsVerp\" target=\"_blank\" rel=\"noopener\" data-artpy=\"0\" data-author=\"ESPA\u00d1OL on MSN\">Rebelde y austera: as\u00ed es Alice Walton, la heredera de Walmart que se ha convertido en la mujer m\u00e1s rica del mundo<\/a>-elespa\u00f1ol<a><br \/>\n<\/a><a class=\"title\" href=\"https:\/\/www.elperiodico.com\/es\/internacional\/20240926\/avance-desigual-retrocesos-derechos-mujer-mundo-empoderadas-108601806\" target=\"_blank\" rel=\"noopener\" data-artpy=\"0\" data-author=\"El Peri\u00f3dico\">Los derechos de la mujer: luces y sombras de un avance desigual en el mundo<\/a>-elperiodico<br \/>\n<a class=\"title\" href=\"https:\/\/cnnespanol.cnn.com\/2024\/09\/15\/cultura-lugar-mujer-fallan-instituciones-india-victimas-violacion-trax\/\" target=\"_blank\" rel=\"noopener\" data-artpy=\"0\" data-author=\"CNN\">\u00abEn nuestra cultura no hay lugar para la mujer\u00bb: c\u00f3mo fallan las instituciones indias ante la violencia sexual<\/a>-cnn<br \/>\n<a class=\"title\" href=\"https:\/\/www.rtve.es\/noticias\/20240924\/meryl-streep-denuncia-onu-situacion-mujeres-afganas\/16261232.shtml\" target=\"_blank\" rel=\"noopener\" data-artpy=\"0\" data-author=\"RTVE\">Meryl Streep denuncia ante la ONU la situaci\u00f3n de las mujeres afganas: \u00abHasta una ardilla tiene m\u00e1s derechos\u00bb<\/a>-rtve<br \/>\n<a class=\"title\" href=\"https:\/\/es-us.vida-estilo.yahoo.com\/congreso-mujeres-fot%C3%B3grafas-explora-fotograf%C3%ADa-210732846.html\" target=\"_blank\" rel=\"noopener\" data-artpy=\"0\" data-author=\"Yahoo Vida y Estilo Espa\u00f1a\">Congreso de Mujeres Fot\u00f3grafas explora &#8216;c\u00f3mo la fotograf\u00eda nos ense\u00f1a a vivir ahora&#8217;<\/a>-yahoo<\/p>\n<\/div>\n<\/div>\n<\/div><\/div><\/div><\/div><\/div>\n","protected":false},"excerpt":{"rendered":"<p>Ribera alerta sobre regresi\u00f3n en igualdad en la UE en espacios que se cre\u00edan conquistados  *  Igualdad ve imprescindible la perspectiva de g\u00e9nero en la justicia y a la hora de interpretar la ley  *  Ellas son m\u00e1s pero mandan ellos: la igualdad de g\u00e9nero en la comunicaci\u00f3n corporativa en Espa\u00f1a<\/p>\n","protected":false},"author":3,"featured_media":22909,"comment_status":"closed","ping_status":"closed","sticky":false,"template":"","format":"standard","meta":{"footnotes":""},"categories":[298,621],"tags":[95,635,317,277],"class_list":["post-22113","post","type-post","status-publish","format-standard","has-post-thumbnail","hentry","category-newsletter","category-nwl-3-0","tag-brecha-salarial","tag-comision-europea","tag-ley-de-paridad","tag-prostitucion"],"yoast_head":"<!-- This site is optimized with the Yoast SEO plugin v27.5 - https:\/\/yoast.com\/product\/yoast-seo-wordpress\/ -->\n<title>Noticias Info CKL n\u00ba 2895-26\/09\/24-Comunicar con perspectiva de g\u00e9nero<\/title>\n<meta name=\"description\" content=\"Noticias Info CKL n\u00ba 2895-26\/09\/24 Ribera alerta sobre regresi\u00f3n en igualdad en la UE en espacios que se cre\u00edan conquistados * Igualdad ve imprescindible la perspectiva de g\u00e9nero en la justicia y a la hora de interpretar la ley * Ellas son m\u00e1s pero mandan ellos: la igualdad de g\u00e9nero en la comunicaci\u00f3n corporativa en Espa\u00f1a\" \/>\n<meta name=\"robots\" content=\"index, follow, max-snippet:-1, max-image-preview:large, max-video-preview:-1\" \/>\n<link rel=\"canonical\" href=\"https:\/\/cklcomunicaciones.es\/coop\/noticias-info-ckl-no-2895-26-09-24\/\" \/>\n<meta property=\"og:locale\" content=\"es_ES\" \/>\n<meta property=\"og:type\" content=\"article\" \/>\n<meta property=\"og:title\" content=\"Noticias Info CKL n\u00ba 2895-26\/09\/24-Comunicar con perspectiva de g\u00e9nero\" \/>\n<meta property=\"og:description\" content=\"Noticias Info CKL n\u00ba 2895-26\/09\/24 Ribera alerta sobre regresi\u00f3n en igualdad en la UE en espacios que se cre\u00edan conquistados * Igualdad ve imprescindible la perspectiva de g\u00e9nero en la justicia y a la hora de interpretar la ley * Ellas son m\u00e1s pero mandan ellos: la igualdad de g\u00e9nero en la comunicaci\u00f3n corporativa en Espa\u00f1a\" \/>\n<meta property=\"og:url\" content=\"https:\/\/cklcomunicaciones.es\/coop\/noticias-info-ckl-no-2895-26-09-24\/\" \/>\n<meta property=\"og:site_name\" content=\"CKL Comunicaciones\" \/>\n<meta property=\"article:published_time\" content=\"2024-09-26T17:21:57+00:00\" \/>\n<meta property=\"article:modified_time\" content=\"2025-02-11T13:57:02+00:00\" \/>\n<meta property=\"og:image\" content=\"https:\/\/cklcomunicaciones.es\/coop\/wp-content\/uploads\/2025\/01\/CKL-una-mirada-distinta-de-la-comunicacion.jpg\" \/>\n\t<meta property=\"og:image:width\" content=\"1482\" \/>\n\t<meta property=\"og:image:height\" content=\"775\" \/>\n\t<meta property=\"og:image:type\" content=\"image\/jpeg\" \/>\n<meta name=\"author\" content=\"ckl\" \/>\n<meta name=\"twitter:card\" content=\"summary_large_image\" \/>\n<meta name=\"twitter:label1\" content=\"Escrito por\" \/>\n\t<meta name=\"twitter:data1\" content=\"ckl\" \/>\n\t<meta name=\"twitter:label2\" content=\"Tiempo de lectura\" \/>\n\t<meta name=\"twitter:data2\" content=\"6 minutos\" \/>\n<script type=\"application\/ld+json\" class=\"yoast-schema-graph\">{\"@context\":\"https:\\\/\\\/schema.org\",\"@graph\":[{\"@type\":\"Article\",\"@id\":\"https:\\\/\\\/cklcomunicaciones.es\\\/coop\\\/noticias-info-ckl-no-2895-26-09-24\\\/#article\",\"isPartOf\":{\"@id\":\"https:\\\/\\\/cklcomunicaciones.es\\\/coop\\\/noticias-info-ckl-no-2895-26-09-24\\\/\"},\"author\":{\"name\":\"ckl\",\"@id\":\"https:\\\/\\\/cklcomunicaciones.es\\\/coop\\\/#\\\/schema\\\/person\\\/929a6837f7626450bbb50cee1aef266e\"},\"headline\":\"Noticias Info CKL n\u00ba 2895-26\\\/09\\\/24\",\"datePublished\":\"2024-09-26T17:21:57+00:00\",\"dateModified\":\"2025-02-11T13:57:02+00:00\",\"mainEntityOfPage\":{\"@id\":\"https:\\\/\\\/cklcomunicaciones.es\\\/coop\\\/noticias-info-ckl-no-2895-26-09-24\\\/\"},\"wordCount\":1291,\"image\":{\"@id\":\"https:\\\/\\\/cklcomunicaciones.es\\\/coop\\\/noticias-info-ckl-no-2895-26-09-24\\\/#primaryimage\"},\"thumbnailUrl\":\"https:\\\/\\\/cklcomunicaciones.es\\\/coop\\\/wp-content\\\/uploads\\\/2025\\\/01\\\/CKL-una-mirada-distinta-de-la-comunicacion.jpg\",\"keywords\":[\"brecha salarial\",\"Comisi\u00f3n Europea\",\"ley de paridad\",\"prostituci\u00f3n\"],\"articleSection\":[\"Newsletter\",\"Nwl v3.0\"],\"inLanguage\":\"es\"},{\"@type\":\"WebPage\",\"@id\":\"https:\\\/\\\/cklcomunicaciones.es\\\/coop\\\/noticias-info-ckl-no-2895-26-09-24\\\/\",\"url\":\"https:\\\/\\\/cklcomunicaciones.es\\\/coop\\\/noticias-info-ckl-no-2895-26-09-24\\\/\",\"name\":\"Noticias Info CKL n\u00ba 2895-26\\\/09\\\/24-Comunicar con perspectiva de g\u00e9nero\",\"isPartOf\":{\"@id\":\"https:\\\/\\\/cklcomunicaciones.es\\\/coop\\\/#website\"},\"primaryImageOfPage\":{\"@id\":\"https:\\\/\\\/cklcomunicaciones.es\\\/coop\\\/noticias-info-ckl-no-2895-26-09-24\\\/#primaryimage\"},\"image\":{\"@id\":\"https:\\\/\\\/cklcomunicaciones.es\\\/coop\\\/noticias-info-ckl-no-2895-26-09-24\\\/#primaryimage\"},\"thumbnailUrl\":\"https:\\\/\\\/cklcomunicaciones.es\\\/coop\\\/wp-content\\\/uploads\\\/2025\\\/01\\\/CKL-una-mirada-distinta-de-la-comunicacion.jpg\",\"datePublished\":\"2024-09-26T17:21:57+00:00\",\"dateModified\":\"2025-02-11T13:57:02+00:00\",\"author\":{\"@id\":\"https:\\\/\\\/cklcomunicaciones.es\\\/coop\\\/#\\\/schema\\\/person\\\/929a6837f7626450bbb50cee1aef266e\"},\"description\":\"Noticias Info CKL n\u00ba 2895-26\\\/09\\\/24 Ribera alerta sobre regresi\u00f3n en igualdad en la UE en espacios que se cre\u00edan conquistados * Igualdad ve imprescindible la perspectiva de g\u00e9nero en la justicia y a la hora de interpretar la ley * Ellas son m\u00e1s pero mandan ellos: la igualdad de g\u00e9nero en la comunicaci\u00f3n corporativa en Espa\u00f1a\",\"breadcrumb\":{\"@id\":\"https:\\\/\\\/cklcomunicaciones.es\\\/coop\\\/noticias-info-ckl-no-2895-26-09-24\\\/#breadcrumb\"},\"inLanguage\":\"es\",\"potentialAction\":[{\"@type\":\"ReadAction\",\"target\":[\"https:\\\/\\\/cklcomunicaciones.es\\\/coop\\\/noticias-info-ckl-no-2895-26-09-24\\\/\"]}]},{\"@type\":\"ImageObject\",\"inLanguage\":\"es\",\"@id\":\"https:\\\/\\\/cklcomunicaciones.es\\\/coop\\\/noticias-info-ckl-no-2895-26-09-24\\\/#primaryimage\",\"url\":\"https:\\\/\\\/cklcomunicaciones.es\\\/coop\\\/wp-content\\\/uploads\\\/2025\\\/01\\\/CKL-una-mirada-distinta-de-la-comunicacion.jpg\",\"contentUrl\":\"https:\\\/\\\/cklcomunicaciones.es\\\/coop\\\/wp-content\\\/uploads\\\/2025\\\/01\\\/CKL-una-mirada-distinta-de-la-comunicacion.jpg\",\"width\":1482,\"height\":775,\"caption\":\"CKL - una mirada distinta de la comunicacion\"},{\"@type\":\"BreadcrumbList\",\"@id\":\"https:\\\/\\\/cklcomunicaciones.es\\\/coop\\\/noticias-info-ckl-no-2895-26-09-24\\\/#breadcrumb\",\"itemListElement\":[{\"@type\":\"ListItem\",\"position\":1,\"name\":\"Portada\",\"item\":\"https:\\\/\\\/cklcomunicaciones.es\\\/coop\\\/\"},{\"@type\":\"ListItem\",\"position\":2,\"name\":\"Noticias Info CKL n\u00ba 2895-26\\\/09\\\/24\"}]},{\"@type\":\"WebSite\",\"@id\":\"https:\\\/\\\/cklcomunicaciones.es\\\/coop\\\/#website\",\"url\":\"https:\\\/\\\/cklcomunicaciones.es\\\/coop\\\/\",\"name\":\"CKL Comunicaciones\",\"description\":\"Sitio web de CKL Comunicaciones coop , la consultora de comunicaci\u00f3n y estrategia\",\"potentialAction\":[{\"@type\":\"SearchAction\",\"target\":{\"@type\":\"EntryPoint\",\"urlTemplate\":\"https:\\\/\\\/cklcomunicaciones.es\\\/coop\\\/?s={search_term_string}\"},\"query-input\":{\"@type\":\"PropertyValueSpecification\",\"valueRequired\":true,\"valueName\":\"search_term_string\"}}],\"inLanguage\":\"es\"},{\"@type\":\"Person\",\"@id\":\"https:\\\/\\\/cklcomunicaciones.es\\\/coop\\\/#\\\/schema\\\/person\\\/929a6837f7626450bbb50cee1aef266e\",\"name\":\"ckl\",\"image\":{\"@type\":\"ImageObject\",\"inLanguage\":\"es\",\"@id\":\"https:\\\/\\\/secure.gravatar.com\\\/avatar\\\/c82db564e8a669bf6023357a157b9dc4780f4d4c618f2ad1d71a6a5dede45057?s=96&d=mm&r=g\",\"url\":\"https:\\\/\\\/secure.gravatar.com\\\/avatar\\\/c82db564e8a669bf6023357a157b9dc4780f4d4c618f2ad1d71a6a5dede45057?s=96&d=mm&r=g\",\"contentUrl\":\"https:\\\/\\\/secure.gravatar.com\\\/avatar\\\/c82db564e8a669bf6023357a157b9dc4780f4d4c618f2ad1d71a6a5dede45057?s=96&d=mm&r=g\",\"caption\":\"ckl\"},\"url\":\"https:\\\/\\\/cklcomunicaciones.es\\\/coop\\\/author\\\/cklcomunicaciones\\\/\"}]}<\/script>\n<!-- \/ Yoast SEO plugin. -->","yoast_head_json":{"title":"Noticias Info CKL n\u00ba 2895-26\/09\/24-Comunicar con perspectiva de g\u00e9nero","description":"Noticias Info CKL n\u00ba 2895-26\/09\/24 Ribera alerta sobre regresi\u00f3n en igualdad en la UE en espacios que se cre\u00edan conquistados * Igualdad ve imprescindible la perspectiva de g\u00e9nero en la justicia y a la hora de interpretar la ley * Ellas son m\u00e1s pero mandan ellos: la igualdad de g\u00e9nero en la comunicaci\u00f3n corporativa en Espa\u00f1a","robots":{"index":"index","follow":"follow","max-snippet":"max-snippet:-1","max-image-preview":"max-image-preview:large","max-video-preview":"max-video-preview:-1"},"canonical":"https:\/\/cklcomunicaciones.es\/coop\/noticias-info-ckl-no-2895-26-09-24\/","og_locale":"es_ES","og_type":"article","og_title":"Noticias Info CKL n\u00ba 2895-26\/09\/24-Comunicar con perspectiva de g\u00e9nero","og_description":"Noticias Info CKL n\u00ba 2895-26\/09\/24 Ribera alerta sobre regresi\u00f3n en igualdad en la UE en espacios que se cre\u00edan conquistados * Igualdad ve imprescindible la perspectiva de g\u00e9nero en la justicia y a la hora de interpretar la ley * Ellas son m\u00e1s pero mandan ellos: la igualdad de g\u00e9nero en la comunicaci\u00f3n corporativa en Espa\u00f1a","og_url":"https:\/\/cklcomunicaciones.es\/coop\/noticias-info-ckl-no-2895-26-09-24\/","og_site_name":"CKL Comunicaciones","article_published_time":"2024-09-26T17:21:57+00:00","article_modified_time":"2025-02-11T13:57:02+00:00","og_image":[{"width":1482,"height":775,"url":"https:\/\/cklcomunicaciones.es\/coop\/wp-content\/uploads\/2025\/01\/CKL-una-mirada-distinta-de-la-comunicacion.jpg","type":"image\/jpeg"}],"author":"ckl","twitter_card":"summary_large_image","twitter_misc":{"Escrito por":"ckl","Tiempo de lectura":"6 minutos"},"schema":{"@context":"https:\/\/schema.org","@graph":[{"@type":"Article","@id":"https:\/\/cklcomunicaciones.es\/coop\/noticias-info-ckl-no-2895-26-09-24\/#article","isPartOf":{"@id":"https:\/\/cklcomunicaciones.es\/coop\/noticias-info-ckl-no-2895-26-09-24\/"},"author":{"name":"ckl","@id":"https:\/\/cklcomunicaciones.es\/coop\/#\/schema\/person\/929a6837f7626450bbb50cee1aef266e"},"headline":"Noticias Info CKL n\u00ba 2895-26\/09\/24","datePublished":"2024-09-26T17:21:57+00:00","dateModified":"2025-02-11T13:57:02+00:00","mainEntityOfPage":{"@id":"https:\/\/cklcomunicaciones.es\/coop\/noticias-info-ckl-no-2895-26-09-24\/"},"wordCount":1291,"image":{"@id":"https:\/\/cklcomunicaciones.es\/coop\/noticias-info-ckl-no-2895-26-09-24\/#primaryimage"},"thumbnailUrl":"https:\/\/cklcomunicaciones.es\/coop\/wp-content\/uploads\/2025\/01\/CKL-una-mirada-distinta-de-la-comunicacion.jpg","keywords":["brecha salarial","Comisi\u00f3n Europea","ley de paridad","prostituci\u00f3n"],"articleSection":["Newsletter","Nwl v3.0"],"inLanguage":"es"},{"@type":"WebPage","@id":"https:\/\/cklcomunicaciones.es\/coop\/noticias-info-ckl-no-2895-26-09-24\/","url":"https:\/\/cklcomunicaciones.es\/coop\/noticias-info-ckl-no-2895-26-09-24\/","name":"Noticias Info CKL n\u00ba 2895-26\/09\/24-Comunicar con perspectiva de g\u00e9nero","isPartOf":{"@id":"https:\/\/cklcomunicaciones.es\/coop\/#website"},"primaryImageOfPage":{"@id":"https:\/\/cklcomunicaciones.es\/coop\/noticias-info-ckl-no-2895-26-09-24\/#primaryimage"},"image":{"@id":"https:\/\/cklcomunicaciones.es\/coop\/noticias-info-ckl-no-2895-26-09-24\/#primaryimage"},"thumbnailUrl":"https:\/\/cklcomunicaciones.es\/coop\/wp-content\/uploads\/2025\/01\/CKL-una-mirada-distinta-de-la-comunicacion.jpg","datePublished":"2024-09-26T17:21:57+00:00","dateModified":"2025-02-11T13:57:02+00:00","author":{"@id":"https:\/\/cklcomunicaciones.es\/coop\/#\/schema\/person\/929a6837f7626450bbb50cee1aef266e"},"description":"Noticias Info CKL n\u00ba 2895-26\/09\/24 Ribera alerta sobre regresi\u00f3n en igualdad en la UE en espacios que se cre\u00edan conquistados * Igualdad ve imprescindible la perspectiva de g\u00e9nero en la justicia y a la hora de interpretar la ley * Ellas son m\u00e1s pero mandan ellos: la igualdad de g\u00e9nero en la comunicaci\u00f3n corporativa en Espa\u00f1a","breadcrumb":{"@id":"https:\/\/cklcomunicaciones.es\/coop\/noticias-info-ckl-no-2895-26-09-24\/#breadcrumb"},"inLanguage":"es","potentialAction":[{"@type":"ReadAction","target":["https:\/\/cklcomunicaciones.es\/coop\/noticias-info-ckl-no-2895-26-09-24\/"]}]},{"@type":"ImageObject","inLanguage":"es","@id":"https:\/\/cklcomunicaciones.es\/coop\/noticias-info-ckl-no-2895-26-09-24\/#primaryimage","url":"https:\/\/cklcomunicaciones.es\/coop\/wp-content\/uploads\/2025\/01\/CKL-una-mirada-distinta-de-la-comunicacion.jpg","contentUrl":"https:\/\/cklcomunicaciones.es\/coop\/wp-content\/uploads\/2025\/01\/CKL-una-mirada-distinta-de-la-comunicacion.jpg","width":1482,"height":775,"caption":"CKL - una mirada distinta de la comunicacion"},{"@type":"BreadcrumbList","@id":"https:\/\/cklcomunicaciones.es\/coop\/noticias-info-ckl-no-2895-26-09-24\/#breadcrumb","itemListElement":[{"@type":"ListItem","position":1,"name":"Portada","item":"https:\/\/cklcomunicaciones.es\/coop\/"},{"@type":"ListItem","position":2,"name":"Noticias Info CKL n\u00ba 2895-26\/09\/24"}]},{"@type":"WebSite","@id":"https:\/\/cklcomunicaciones.es\/coop\/#website","url":"https:\/\/cklcomunicaciones.es\/coop\/","name":"CKL Comunicaciones","description":"Sitio web de CKL Comunicaciones coop , la consultora de comunicaci\u00f3n y estrategia","potentialAction":[{"@type":"SearchAction","target":{"@type":"EntryPoint","urlTemplate":"https:\/\/cklcomunicaciones.es\/coop\/?s={search_term_string}"},"query-input":{"@type":"PropertyValueSpecification","valueRequired":true,"valueName":"search_term_string"}}],"inLanguage":"es"},{"@type":"Person","@id":"https:\/\/cklcomunicaciones.es\/coop\/#\/schema\/person\/929a6837f7626450bbb50cee1aef266e","name":"ckl","image":{"@type":"ImageObject","inLanguage":"es","@id":"https:\/\/secure.gravatar.com\/avatar\/c82db564e8a669bf6023357a157b9dc4780f4d4c618f2ad1d71a6a5dede45057?s=96&d=mm&r=g","url":"https:\/\/secure.gravatar.com\/avatar\/c82db564e8a669bf6023357a157b9dc4780f4d4c618f2ad1d71a6a5dede45057?s=96&d=mm&r=g","contentUrl":"https:\/\/secure.gravatar.com\/avatar\/c82db564e8a669bf6023357a157b9dc4780f4d4c618f2ad1d71a6a5dede45057?s=96&d=mm&r=g","caption":"ckl"},"url":"https:\/\/cklcomunicaciones.es\/coop\/author\/cklcomunicaciones\/"}]}},"_links":{"self":[{"href":"https:\/\/cklcomunicaciones.es\/coop\/wp-json\/wp\/v2\/posts\/22113","targetHints":{"allow":["GET"]}}],"collection":[{"href":"https:\/\/cklcomunicaciones.es\/coop\/wp-json\/wp\/v2\/posts"}],"about":[{"href":"https:\/\/cklcomunicaciones.es\/coop\/wp-json\/wp\/v2\/types\/post"}],"author":[{"embeddable":true,"href":"https:\/\/cklcomunicaciones.es\/coop\/wp-json\/wp\/v2\/users\/3"}],"replies":[{"embeddable":true,"href":"https:\/\/cklcomunicaciones.es\/coop\/wp-json\/wp\/v2\/comments?post=22113"}],"version-history":[{"count":0,"href":"https:\/\/cklcomunicaciones.es\/coop\/wp-json\/wp\/v2\/posts\/22113\/revisions"}],"wp:featuredmedia":[{"embeddable":true,"href":"https:\/\/cklcomunicaciones.es\/coop\/wp-json\/wp\/v2\/media\/22909"}],"wp:attachment":[{"href":"https:\/\/cklcomunicaciones.es\/coop\/wp-json\/wp\/v2\/media?parent=22113"}],"wp:term":[{"taxonomy":"category","embeddable":true,"href":"https:\/\/cklcomunicaciones.es\/coop\/wp-json\/wp\/v2\/categories?post=22113"},{"taxonomy":"post_tag","embeddable":true,"href":"https:\/\/cklcomunicaciones.es\/coop\/wp-json\/wp\/v2\/tags?post=22113"}],"curies":[{"name":"wp","href":"https:\/\/api.w.org\/{rel}","templated":true}]}}