{"id":22112,"date":"2024-09-18T19:52:42","date_gmt":"2024-09-18T17:52:42","guid":{"rendered":"https:\/\/www.cklcomunicaciones.es\/?p=21301"},"modified":"2025-02-11T14:52:47","modified_gmt":"2025-02-11T13:52:47","slug":"noticias-info-ckl-no-2894-18-09-24","status":"publish","type":"post","link":"https:\/\/cklcomunicaciones.es\/coop\/noticias-info-ckl-no-2894-18-09-24\/","title":{"rendered":"Noticias Info CKL n\u00ba 2894-18\/09\/24"},"content":{"rendered":"<div class=\"fusion-fullwidth fullwidth-box fusion-builder-row-1 fusion-flex-container nonhundred-percent-fullwidth non-hundred-percent-height-scrolling\" style=\"--awb-border-radius-top-left:0px;--awb-border-radius-top-right:0px;--awb-border-radius-bottom-right:0px;--awb-border-radius-bottom-left:0px;--awb-flex-wrap:wrap;\" ><div class=\"fusion-builder-row fusion-row fusion-flex-align-items-flex-start fusion-flex-content-wrap\" style=\"max-width:1248px;margin-left: calc(-4% \/ 2 );margin-right: calc(-4% \/ 2 );\"><div class=\"fusion-layout-column fusion_builder_column fusion-builder-column-0 fusion_builder_column_1_1 1_1 fusion-flex-column\" style=\"--awb-bg-blend:overlay;--awb-bg-size:cover;--awb-width-large:100%;--awb-margin-top-large:0px;--awb-spacing-right-large:1.92%;--awb-margin-bottom-large:0px;--awb-spacing-left-large:1.92%;--awb-width-medium:100%;--awb-spacing-right-medium:1.92%;--awb-spacing-left-medium:1.92%;--awb-width-small:100%;--awb-spacing-right-small:1.92%;--awb-spacing-left-small:1.92%;\"><div class=\"fusion-column-wrapper fusion-flex-justify-content-flex-start fusion-content-layout-column\"><div class=\"fusion-text fusion-text-1\"><h1>Comunicaci\u00f3n, Publicidad y TICs<\/h1>\n<div id=\"\" class=\"lsow-panel lsow-active\">\n<div class=\"lsow-panel-content\">\n<p><a class=\"title\" title=\"Radio Valencia presenta \u201cMujeres ten\u00edan que ser\u201d, los premios que reconocen el talento de mujeres valencianas en sectores fundamentales\" href=\"https:\/\/cadenaser.com\/comunitat-valenciana\/2024\/09\/18\/radio-valencia-presenta-mujeres-tenian-que-ser-los-premios-que-reconocen-el-talento-de-mujeres-valencianas-en-sectores-fundamentales-radio-valencia\/\" target=\"_blank\" rel=\"noopener\" data-artpy=\"0\" data-author=\"Cadena SER\">Radio Valencia presenta \u201cMujeres ten\u00edan que ser\u201d, los premios que reconocen el talento de mujeres valencianas en sectores<\/a>&#8230;-ser<br \/>\n<a class=\"title\" href=\"https:\/\/www.vozpopuli.com\/deportes\/acoso-mujeres-periodistas-deportes.html\" target=\"_blank\" rel=\"noopener\" data-artpy=\"0\" data-author=\"Voz Populi\">Acoso y discriminaci\u00f3n: la realidad de las mujeres periodistas en deportes<\/a>-vozpopuli<br \/>\n<a class=\"title\" href=\"https:\/\/www.msn.com\/es-ar\/noticias\/other\/ciberacoso-presentan-un-informe-sobre-la-violencia-digital-que-afecta-gravemente-a-mujeres-periodistas\/ar-AA1qFpMk?ocid=BingNewsVerp\" target=\"_blank\" rel=\"noopener\" data-artpy=\"0\" data-author=\"eldiario.es on MSN\">Ciberacoso: presentan un informe sobre la violencia digital que afecta gravemente a mujeres periodistas<\/a>-eldiario<br \/>\n<a class=\"title\" href=\"https:\/\/www.msn.com\/es-ar\/noticias\/argentina\/nancy-pazos-hay-tres-veces-m%C3%A1s-ataques-a-periodistas-mujeres-que-a-periodistas-varones\/ar-AA1qJ61x?ocid=BingNewsVerp\" target=\"_blank\" rel=\"noopener\" data-artpy=\"0\" data-author=\"Perfil on MSN\">Nancy Pazos: \u00abHay tres veces m\u00e1s ataques a periodistas mujeres que a periodistas varones\u00bb<\/a>-perfil<br \/>\n<a class=\"title\" href=\"https:\/\/www.canalsur.es\/television\/khadija-amin-periodista-afgana-los-talibanes-odian-a-las-mujeres-las-han-borrado-de-la-sociedad\/2077216.html\" target=\"_blank\" rel=\"noopener\" data-artpy=\"0\" data-author=\"canalsur\">Khadija Amin, periodista afgana: \u00abLos talibanes odian a las mujeres, las han borrado de la sociedad\u00bb<\/a>-canalsur<br \/>\n<a href=\"https:\/\/www.google.com\/url?rct=j&amp;sa=t&amp;url=https:\/\/amp.rtve.es\/rtve\/20240918\/sesgos-genero-ia-representacion-visual-diversidad-inteligencia-artificial\/16252682.shtml&amp;ct=ga&amp;cd=CAEYACoTODUzNzQxNTA5NjIyMjA1Nzk4MzIZYzAzNzJlYmMyZmVhZGE1OTplczplczpFUw&amp;usg=AOvVaw2nphAyYNKOeCVUiH7gDAUl\" target=\"_blank\" rel=\"noopener\" data-saferedirecturl=\"https:\/\/www.google.com\/url?q=https:\/\/www.google.com\/url?rct%3Dj%26sa%3Dt%26url%3Dhttps:\/\/amp.rtve.es\/rtve\/20240918\/sesgos-genero-ia-representacion-visual-diversidad-inteligencia-artificial\/16252682.shtml%26ct%3Dga%26cd%3DCAEYACoTODUzNzQxNTA5NjIyMjA1Nzk4MzIZYzAzNzJlYmMyZmVhZGE1OTplczplczpFUw%26usg%3DAOvVaw2nphAyYNKOeCVUiH7gDAUl&amp;source=gmail&amp;ust=1726766954654000&amp;usg=AOvVaw0LJdfkj3PW9jgH3OGpBZFb\">Sesgos de g\u00e9nero en IA, \u201cRepresentaci\u00f3n visual y diversidad en la Inteligencia artificial\u201d-\u00a0<\/a><a>RTVE.es<\/a><\/p>\n<\/div>\n<\/div>\n<div id=\"\" class=\"lsow-panel lsow-active\">\n<h1 class=\"lsow-panel-title\">Andaluc\u00eda<\/h1>\n<div class=\"lsow-panel-content\">\n<div class=\"source set_top\">\n<div data-priority=\"2\" aria-hidden=\"true\">\n<p><strong>Institucional<br \/>\n<\/strong><a href=\"https:\/\/www.google.com\/url?rct=j&amp;sa=t&amp;url=https:\/\/www.europapress.es\/andalucia\/noticia-laboratorio-innovacion-famp-economia-cuidado-aborda-perspectiva-social-contratacion-20240917132038.html&amp;ct=ga&amp;cd=CAEYAyoUMTQ3MDE3MTQxMjM1MjU5MzQzNjUyGWQ3OGU1ODc1YTBmMWYyYWM6ZXM6ZXM6RVM&amp;usg=AOvVaw3yFxCCClgDAicLsSj5Tfrl\" target=\"_blank\" rel=\"noopener\" data-saferedirecturl=\"https:\/\/www.google.com\/url?q=https:\/\/www.google.com\/url?rct%3Dj%26sa%3Dt%26url%3Dhttps:\/\/www.europapress.es\/andalucia\/noticia-laboratorio-innovacion-famp-economia-cuidado-aborda-perspectiva-social-contratacion-20240917132038.html%26ct%3Dga%26cd%3DCAEYAyoUMTQ3MDE3MTQxMjM1MjU5MzQzNjUyGWQ3OGU1ODc1YTBmMWYyYWM6ZXM6ZXM6RVM%26usg%3DAOvVaw3yFxCCClgDAicLsSj5Tfrl&amp;source=gmail&amp;ust=1726758452887000&amp;usg=AOvVaw2qPWsn7Stf2lcH_oAoKgaa\">El Laboratorio de Innovaci\u00f3n FAMP por la\u00a0econom\u00eda del cuidado aborda la perspectiva social en la contrataci\u00f3n-\u00a0<\/a><a>Europa Press<\/a><\/p>\n<p><strong>Econom\u00eda y Empresa<br \/>\n<\/strong><a href=\"https:\/\/www.google.com\/url?rct=j&amp;sa=t&amp;url=http:\/\/www.gentedigital.es\/sevilla\/noticia\/3900083\/la-directora-del-iam-presenta-a-las-empresas-una-herramienta-informatica-para-fomentar-la-igualdad\/&amp;ct=ga&amp;cd=CAEYACoTMTcwMDkwMjQ0MzUzMDgyNjgzMDIbOWFiMWNkZDdlMzY2ZWYzODplczplczpFUzpS&amp;usg=AOvVaw2c2Pla126UNI6Pn5FSsT1q\" target=\"_blank\" rel=\"noopener\" data-saferedirecturl=\"https:\/\/www.google.com\/url?q=https:\/\/www.google.com\/url?rct%3Dj%26sa%3Dt%26url%3Dhttp:\/\/www.gentedigital.es\/sevilla\/noticia\/3900083\/la-directora-del-iam-presenta-a-las-empresas-una-herramienta-informatica-para-fomentar-la-igualdad\/%26ct%3Dga%26cd%3DCAEYACoTMTcwMDkwMjQ0MzUzMDgyNjgzMDIbOWFiMWNkZDdlMzY2ZWYzODplczplczpFUzpS%26usg%3DAOvVaw2c2Pla126UNI6Pn5FSsT1q&amp;source=gmail&amp;ust=1726758778752000&amp;usg=AOvVaw22S4uvNtSwguqxU9L3cBN1\">La directora del IAM presenta a las empresas una herramienta inform\u00e1tica para fomentar la igualdad-<\/a><a>Gente Digital<br \/>\n<\/a><a href=\"https:\/\/www.google.com\/url?rct=j&amp;sa=t&amp;url=https:\/\/andaluciaeconomica.com\/malaga-acogera-el-ii-foro-mujeres-que-cambian-el-mundo\/&amp;ct=ga&amp;cd=CAEYAioTMTg1ODUzNzQ2Mzk5ODc4NTc5ODIZZDc4ZTU4NzVhMGYxZjJhYzplczplczpFUw&amp;usg=AOvVaw3VRjA-wPFU_N6aG_0uPvc0\" target=\"_blank\" rel=\"noopener\" data-saferedirecturl=\"https:\/\/www.google.com\/url?q=https:\/\/www.google.com\/url?rct%3Dj%26sa%3Dt%26url%3Dhttps:\/\/andaluciaeconomica.com\/malaga-acogera-el-ii-foro-mujeres-que-cambian-el-mundo\/%26ct%3Dga%26cd%3DCAEYAioTMTg1ODUzNzQ2Mzk5ODc4NTc5ODIZZDc4ZTU4NzVhMGYxZjJhYzplczplczpFUw%26usg%3DAOvVaw3VRjA-wPFU_N6aG_0uPvc0&amp;source=gmail&amp;ust=1726759110019000&amp;usg=AOvVaw17rH5m34M-u8pWQFg3fXg_\">M\u00e1laga acoger\u00e1 el II Foro Mujeres que Cambian el Mundo &#8211;\u00a0<\/a><a>Andaluc\u00eda Econ\u00f3mica<br \/>\n<\/a><a class=\"title\" href=\"https:\/\/cadenaser.com\/andalucia\/2024\/09\/13\/los-premios-al-emprendimiento-y-el-liderazgo-femenino-reconocen-a-mujeres-referentes-en-cadiz-radio-algeciras\/\" target=\"_blank\" rel=\"noopener\" data-artpy=\"0\" data-author=\"Cadena SER\">Los Premios al Emprendimiento y el Liderazgo Femenino reconocen a mujeres referentes en C\u00e1diz<\/a>-ser<br \/>\n<a class=\"title\" href=\"https:\/\/theobjective.com\/economia\/banca\/2024-09-18\/gonzalez-novo-nueva-directora-comercial-caixabank-andalucia\/\" target=\"_blank\" rel=\"noopener\" data-artpy=\"0\" data-author=\"The Objective\">Caixabank designa a Carmen Gonz\u00e1lez Novo como nueva directora comercial en Andaluc\u00eda<\/a>-theobjective<br \/>\n<a class=\"title\" href=\"https:\/\/www.abc.es\/espana\/andalucia\/andalucia-promueve-pruebas-adaptadas-ofertas-empleo-publico-20240918163611-nts.html\" target=\"_blank\" rel=\"noopener\" data-artpy=\"0\" data-author=\"ABC\">Andaluc\u00eda promueve pruebas adaptadas en las ofertas de empleo p\u00fablico para personas con discapacidad intelectual<\/a>-abc<a><br \/>\n<\/a><\/p>\n<p><strong>Actualidad<\/strong><br \/>\n<a class=\"title\" href=\"https:\/\/www.abc.es\/espana\/andalucia\/granada\/maria-mar-terrones-mujer-nego-irse-cocina-20240911070653-nts.html\" target=\"_blank\" rel=\"noopener\" data-artpy=\"0\" data-author=\"ABC\">Mar\u00eda del Mar Terrones, la mujer que se neg\u00f3 a irse \u00aba la cocina\u00bb y fue la primera doctora de Andaluc\u00eda-\u00a0<\/a>abc<\/p>\n<p><strong>Violencias<br \/>\n<\/strong><a class=\"title\" href=\"https:\/\/www.msn.com\/es-es\/noticias\/espana\/m%C3%A1s-de-114-000-mujeres-en-situaci%C3%B3n-de-prostituci%C3%B3n-en-espa%C3%B1a-un-80-en-riesgo-de-trata\/ar-AA1qHVBL?ocid=BingNewsVerp\" target=\"_blank\" rel=\"noopener\" data-artpy=\"0\" data-author=\"Agencia EFE on MSN\">M\u00e1s de 9.000 mujeres practican la prostituci\u00f3n en Andaluc\u00eda, el 80% en riesgo de trata<\/a>-agenciaefe<\/p>\n<p><b>Ciencia y Cultura<br \/>\n<\/b><a class=\"title\" href=\"https:\/\/www.msn.com\/es-es\/noticias\/espana\/las-universidades-p%C3%BAblicas-de-andaluc%C3%ADa-firman-su-adhesi%C3%B3n-al-pacto-por-la-conciliaci%C3%B3n-y-corresponsabilidad-de-la-junta\/ar-AA1qBTPN?ocid=BingNewsVerp\" target=\"_blank\" rel=\"noopener\" data-artpy=\"0\" data-author=\"Europa Press on MSN\">Las universidades p\u00fablicas de Andaluc\u00eda firman su adhesi\u00f3n al pacto por la Conciliaci\u00f3n y Corresponsabilidad de la Junta<\/a>-europapress<b><br \/>\n<\/b><a class=\"title\" href=\"https:\/\/www.msn.com\/es-es\/noticias\/espana\/la-junta-de-cyl-y-la-de-andaluc%C3%ADa-estud%C3%ADan-v%C3%ADas-de-colaboraci%C3%B3n-para-futuros-proyectos-culturales\/ar-AA1qJ2uE?ocid=BingNewsVerp\" target=\"_blank\" rel=\"noopener\" data-artpy=\"0\" data-author=\"Europa Press on MSN\">La Junta de CyL y la de Andaluc\u00eda estud\u00edan v\u00edas de colaboraci\u00f3n para futuros proyectos culturales<\/a>-europapress<b><br \/>\n<\/b><a class=\"title\" href=\"https:\/\/www.diariobahiadecadiz.com\/cadiz\/la-56-edicion-de-alcances-se-presenta-muy-gaditana-y-buscando-que-cadiz-respire-cine\/\" target=\"_blank\" rel=\"noopener\" data-artpy=\"0\" data-author=\"Diario Bah\u00eda de C\u00e1diz\">La 56 edici\u00f3n de Alcances se presenta \u201cmuy gaditana\u201d y buscando que C\u00e1diz \u201crespire cine\u201d<\/a>-diariobahiadecadiz<br \/>\n<a href=\"https:\/\/www.google.com\/url?rct=j&amp;sa=t&amp;url=https:\/\/www.dipucadiz.es\/prensa\/actualidad\/El-programa-del-South-2024-comprende-desde-la-vanguardia-de-la-inteligencia-artificial-hasta-los-generos-mas-clasicos\/&amp;ct=ga&amp;cd=CAEYACoTMzIxNzQyNTY3NzQ1MTMzNTg0MjIZNTlkNzgxNzEzNmEyZDAyODplczplczpFUw&amp;usg=AOvVaw3PEYL4_SZcU_GCtupLkSrP\" target=\"_blank\" rel=\"noopener\" data-saferedirecturl=\"https:\/\/www.google.com\/url?q=https:\/\/www.google.com\/url?rct%3Dj%26sa%3Dt%26url%3Dhttps:\/\/www.dipucadiz.es\/prensa\/actualidad\/El-programa-del-South-2024-comprende-desde-la-vanguardia-de-la-inteligencia-artificial-hasta-los-generos-mas-clasicos\/%26ct%3Dga%26cd%3DCAEYACoTMzIxNzQyNTY3NzQ1MTMzNTg0MjIZNTlkNzgxNzEzNmEyZDAyODplczplczpFUw%26usg%3DAOvVaw3PEYL4_SZcU_GCtupLkSrP&amp;source=gmail&amp;ust=1726763689632000&amp;usg=AOvVaw0UMeueFsvpUxoG9zhdY9zQ\">El programa del South 2024 comprende desde la vanguardia de la inteligencia artificial &#8230;-\u00a0<\/a><a>Diputaci\u00f3n Provincial de C\u00e1diz<br \/>\n<\/a><a class=\"title\" href=\"https:\/\/www.ondacero.es\/emisoras\/andalucia\/marbella\/audios-podcast\/mas-de-uno\/carmen-sanchez-gijon-resalza-ultimo-libro-figura-mujeres-que-lucharon-derecho-sufragio-femenino_2024091766e98ee23c87870001e2c96a.html\" target=\"_blank\" rel=\"noopener\" data-artpy=\"0\" data-author=\"ondacero.es\">Carmen S\u00e1nchez Gij\u00f3n resalza en su \u00faltimo libro la figura de las mujeres que lucharon por el derecho al sufragio femenino<\/a>-ondacero<br \/>\n<a class=\"title\" href=\"https:\/\/www.canalsur.es\/television\/programas\/la-tarde-aqui-y-ahora\/noticia\/2079645.html\" target=\"_blank\" rel=\"noopener\" data-artpy=\"0\" data-author=\"canalsur\">Pilar, la artesana de Salteras que eleva el papel a una forma de arte reconocida<\/a>-canalsur<a><br \/>\n<\/a><\/p>\n<p><strong>Deporte<br \/>\n<\/strong><a class=\"title\" href=\"https:\/\/www.diariodesevilla.es\/deportes\/marian-otamendi-ceo-world-football_0_2002401387.html\" target=\"_blank\" rel=\"noopener\" data-artpy=\"0\" data-author=\"Diario de Sevilla\">Marian Otamendi, CEO del World Football Summit: \u00abSevilla es la ciudad ideal para nuestro congreso\u00bb<\/a><strong>&#8211;<\/strong>diariodesevilla<br \/>\n<a class=\"title\" href=\"https:\/\/www.msn.com\/es-es\/dinero\/economia\/m%C3%A1s-de-2500-profesionales-de-la-industria-del-f%C3%BAtbol-se-dan-cita-en-el-world-football-summit-europe\/ar-AA1qLZ2W?ocid=BingNewsVerp\" target=\"_blank\" rel=\"noopener\" data-artpy=\"0\" data-author=\"Europa Press on MSN\">Sevilla acoge por tercera vez el World Football Summit Europe, con m\u00e1s de 2.500 profesionales de la industria del f\u00fatbol<\/a>-europapress<br \/>\n<a class=\"title\" href=\"https:\/\/www.msn.com\/es-es\/noticias\/other\/la-mancomunidad-destaca-el-legado-de-la-solheim-cup-celebrado-hace-un-a%C3%B1o-en-la-costa-del-sol-occidental\/ar-AA1qMAee?ocid=BingNewsVerp\" target=\"_blank\" rel=\"noopener\" data-artpy=\"0\" data-author=\"Europa Press on MSN\">La Mancomunidad destaca el legado de la Solheim Cup celebrado hace un a\u00f1o en la Costa del Sol Occidental<\/a>-europapress<\/p>\n<\/div>\n<\/div>\n<\/div>\n<\/div>\n<div id=\"\" class=\"lsow-panel lsow-active\">\n<h1 class=\"lsow-panel-title\">Estado<\/h1>\n<div class=\"lsow-panel-content\">\n<p><strong>Institucional &#8211; CCAA<br \/>\n<\/strong><a class=\"title\" href=\"https:\/\/www.eldiario.es\/opinion\/zona-critica\/igualdad-dineros-comunidades-autonomas_129_11658638.html\" target=\"_blank\" rel=\"noopener\" data-artpy=\"0\" data-author=\"eldiario.es\">La igualdad y los dineros de las comunidades aut\u00f3nomas<\/a>-eldiario<br \/>\n<a class=\"title\" href=\"https:\/\/www.msn.com\/es-es\/noticias\/other\/navarra-es-la-segunda-comunidad-m%C3%A1s-longeva-de-espa%C3%B1a-seg%C3%BAn-el-plan-de-salud-2014-2020\/ar-AA1qM2NG?ocid=BingNewsVerp\" target=\"_blank\" rel=\"noopener\" data-artpy=\"0\" data-author=\"Europa Press on MSN\">Navarra es la segunda Comunidad m\u00e1s longeva de Espa\u00f1a, seg\u00fan el Plan de Salud 2014-2020<\/a>-europapress<br \/>\n<a href=\"https:\/\/www.google.com\/url?rct=j&amp;sa=t&amp;url=https:\/\/actualidad.asturias.es\/-\/m%25C3%25A1s-de-mil-familias-se-benefician-cada-a%25C3%25B1o-de-los-bonos-de-igualdad-para-contribuir-a-la-conciliaci%25C3%25B3n-de-la-vida-laboral-personal-y-familiar%3Fredirect%3D%252F&amp;ct=ga&amp;cd=CAEYAyoTODUzNzQxNTA5NjIyMjA1Nzk4MzIZYzAzNzJlYmMyZmVhZGE1OTplczplczpFUw&amp;usg=AOvVaw2lWrrp7QplrCOAtDUpL3xl\" target=\"_blank\" rel=\"noopener\" data-saferedirecturl=\"https:\/\/www.google.com\/url?q=https:\/\/www.google.com\/url?rct%3Dj%26sa%3Dt%26url%3Dhttps:\/\/actualidad.asturias.es\/-\/m%2525C3%2525A1s-de-mil-familias-se-benefician-cada-a%2525C3%2525B1o-de-los-bonos-de-igualdad-para-contribuir-a-la-conciliaci%2525C3%2525B3n-de-la-vida-laboral-personal-y-familiar%253Fredirect%253D%25252F%26ct%3Dga%26cd%3DCAEYAyoTODUzNzQxNTA5NjIyMjA1Nzk4MzIZYzAzNzJlYmMyZmVhZGE1OTplczplczpFUw%26usg%3DAOvVaw2lWrrp7QplrCOAtDUpL3xl&amp;source=gmail&amp;ust=1726766954655000&amp;usg=AOvVaw0xeUCxgzcPndezaj0AuQx-\">M\u00e1s de mil familias se benefician cada a\u00f1o de los bonos de Igualdad para &#8230; &#8211;\u00a0<\/a><a>Actualidad Asturias<br \/>\n<\/a><a href=\"https:\/\/www.google.com\/url?rct=j&amp;sa=t&amp;url=https:\/\/www.lanzadigital.com\/castilla-la-mancha\/la-junta-publica-la-nueva-convocatoria-de-ayudas-de-orfandad-para-victimas-de-violencia-de-genero\/&amp;ct=ga&amp;cd=CAEYAyoUMTA2NTg4NzU2MTQzNjI2MzkwNDQyGWUyZGVmYTdkNWRhOTE1N2Q6ZXM6ZXM6RVM&amp;usg=AOvVaw2yFR6uOUBW7MFQ63MeCVrd\" target=\"_blank\" rel=\"noopener\" data-saferedirecturl=\"https:\/\/www.google.com\/url?q=https:\/\/www.google.com\/url?rct%3Dj%26sa%3Dt%26url%3Dhttps:\/\/www.lanzadigital.com\/castilla-la-mancha\/la-junta-publica-la-nueva-convocatoria-de-ayudas-de-orfandad-para-victimas-de-violencia-de-genero\/%26ct%3Dga%26cd%3DCAEYAyoUMTA2NTg4NzU2MTQzNjI2MzkwNDQyGWUyZGVmYTdkNWRhOTE1N2Q6ZXM6ZXM6RVM%26usg%3DAOvVaw2yFR6uOUBW7MFQ63MeCVrd&amp;source=gmail&amp;ust=1726766954668000&amp;usg=AOvVaw0CiwPWMsZGdnVYSJzl-EWn\">La Junta de C-LM publica la nueva convocatoria de ayudas de orfandad para v\u00edctimas de violencia de g\u00e9nero<b>&#8211;\u00a0<\/b><\/a><a>Lanza Digital<\/a><\/p>\n<p><strong>Econom\u00eda y Empresa<br \/>\n<\/strong><a class=\"title\" href=\"https:\/\/www.rtve.es\/noticias\/20240915\/espana-cabeza-ue-puestos-directivos-ocupados-mujeres\/16041926.shtml\" target=\"_blank\" rel=\"noopener\" data-artpy=\"0\" data-author=\"RTVE\">Espa\u00f1a, a la cabeza de la UE en n\u00famero de directivas: \u00abSigue habiendo mucho por hacer, pero es un paso importante\u00bb<\/a>-rtve<br \/>\n<a class=\"title\" href=\"https:\/\/www.msn.com\/es-es\/noticias\/espana\/el-gobierno-mejora-la-gesti%C3%B3n-de-las-ayudas-a-asociaciones-de-mujeres-rurales-y-del-programa-cultiva\/ar-AA1qHUyc?ocid=BingNewsVerp\" target=\"_blank\" rel=\"noopener\" data-artpy=\"0\" data-author=\"Europa Press on MSN\">El Gobierno mejora la gesti\u00f3n de las ayudas a asociaciones de mujeres rurales y del programa Cultiva<\/a>-europapress<strong><br \/>\n<\/strong><a class=\"title\" href=\"https:\/\/www.bolsamania.com\/noticias\/economia\/mujeres-espana-reducen-brecha-salarial-10-puntos-decada-87--17516704.html\" target=\"_blank\" rel=\"noopener\" data-artpy=\"0\" data-author=\"Capitalbolsa\">Las mujeres en Espa\u00f1a reducen su brecha salarial 10 puntos en una d\u00e9cada, al 8,7%<\/a>-bolsamania<br \/>\n<a class=\"title\" href=\"https:\/\/www.europapress.es\/epsocial\/responsables\/noticia-instituto-mujeres-convoca-xii-edicion-distintivo-igualdad-empresa-20240913124534.html\" target=\"_blank\" rel=\"noopener\" data-artpy=\"0\" data-author=\"Europa Press\">El Instituto de las Mujeres convoca la XII edici\u00f3n del distintivo &#8216;Igualdad en la Empresa&#8217;<\/a>-europapress<br \/>\n<a class=\"title\" href=\"https:\/\/www.msn.com\/es-es\/dinero\/formacion-empleo\/no-todo-es-normativa-en-la-lucha-para-eliminar-la-desigualdad-salarial-entre-hombres-y-mujeres\/ar-AA1qMs41?ocid=BingNewsVerp\" target=\"_blank\" rel=\"noopener\" data-artpy=\"0\" data-author=\"elEconomista.es on MSN\">No todo es normativa en la lucha para eliminar la desigualdad salarial entre hombres y mujeres<\/a>-eleconomista<a><br \/>\n<\/a><\/p>\n<p><strong>Actualidad<br \/>\n<\/strong><a class=\"title\" href=\"https:\/\/www.rtve.es\/noticias\/20240917\/importante-mujeres-hablar-dinero-jovenes\/16251190.shtml\" target=\"_blank\" rel=\"noopener\" data-artpy=\"0\" data-author=\"RTVE\">Por qu\u00e9 es importante para las mujeres hablar de dinero desde j\u00f3venes<\/a>-rtve<br \/>\n<a class=\"title\" href=\"https:\/\/www.larazon.es\/andalucia\/sevilla\/fakali-reclama-plan-integral-mujeres-gitanas-que-combata-discriminacion-multiple-que-sufren_2024091666e86628fcf7b30001365f60.html\" target=\"_blank\" rel=\"noopener\" data-artpy=\"0\" data-author=\"La Raz\u00f3n Digital\">Fakali reclama un Plan Integral para mujeres gitanas que combata la discriminaci\u00f3n m\u00faltiple que sufren<\/a>-larazon<br \/>\n<a class=\"title\" href=\"https:\/\/www.msn.com\/es-es\/salud\/other\/marta-reyes-experta-en-salud-femenina-las-mujeres-vivimos-m%C3%A1s-pero-pasamos-un-25-de-nuestra-vida-enfermas\/ar-AA1qKXn2?ocid=BingNewsVerp\" target=\"_blank\" rel=\"noopener\" data-artpy=\"0\" data-author=\"ESPA\u00d1OL on MSN\">Marta Reyes, experta en salud femenina: \u00abLas mujeres vivimos m\u00e1s, pero pasamos un 25% de nuestra vida enfermas\u00bb<\/a>-elespa\u00f1ol<br \/>\n<a class=\"title\" href=\"https:\/\/www.heraldo.es\/noticias\/ocio-y-cultura\/2024\/09\/17\/carmen-iglesias-historiadora-perfil-premio-henneo-2024-1763027.html\" target=\"_blank\" rel=\"noopener\" data-artpy=\"0\" data-author=\"Heraldo\">Carmen Iglesias, una mujer de acci\u00f3n y reflexi\u00f3n<\/a>-heraldo<br \/>\n<a class=\"title\" href=\"https:\/\/www.cope.es\/emisoras\/navarra\/noticias\/mortalidad-cancer-redujo-21-hombres-y-15-mujeres-20240918_3012881.html\" target=\"_blank\" rel=\"noopener\" data-artpy=\"0\" data-author=\"COPE\">La mortalidad por c\u00e1ncer se redujo un 21% en hombres y un 15% en mujeres de 2014 a 2020<\/a>-cope<br \/>\n<a class=\"title\" href=\"https:\/\/www.msn.com\/es-es\/salud\/other\/el-efecto-del-magnesio-en-el-cuerpo-de-las-mujeres\/ar-AA1qAlCK?ocid=BingNewsVerp\" target=\"_blank\" rel=\"noopener\" data-artpy=\"0\" data-author=\"20minutos on MSN\">El efecto del magnesio en el cuerpo de las mujeres<\/a>-20minutos<br \/>\n<a class=\"title\" href=\"https:\/\/www.msn.com\/es-es\/salud\/other\/un-an%C3%A1lisis-de-tres-caracter%C3%ADsticas-de-la-sangre-logra-predecir-el-riesgo-de-infarto-e-ictus-en-las-mujeres\/ar-AA1qorvr?ocid=BingNewsVerp\" target=\"_blank\" rel=\"noopener\" data-artpy=\"0\" data-author=\"20minutos on MSN\">Un an\u00e1lisis de tres caracter\u00edsticas de la sangre logra predecir el riesgo de infarto e ictus en las mujeres<\/a>-20minutos<\/p>\n<p><strong>Violencias<br \/>\n<\/strong><a class=\"title\" title=\"Un informe pionero revela que 114.500 mujeres ejercen la prostituci\u00f3n en Espa\u00f1a, m\u00e1s de la mitad son latinas y un 80% est\u00e1 en riesgo de trata\" href=\"https:\/\/www.infobae.com\/espana\/2024\/09\/18\/un-informe-pionero-revela-que-114500-mujeres-ejercen-la-prostitucion-en-espana-mas-de-la-mitad-son-latinas-y-un-80-esta-en-riesgo-de-trata\/\" target=\"_blank\" rel=\"noopener\" data-artpy=\"0\" data-author=\"Infobae\">Un informe pionero revela que 114.500 mujeres ejercen la prostituci\u00f3n en Espa\u00f1a, m\u00e1s de la mitad son latinas y un 80% est\u00e1<\/a>&#8230;-infobae<\/p>\n<p><strong>Ciencia y Cultura<\/strong><strong><br \/>\n<\/strong><a class=\"title\" href=\"https:\/\/www.rtve.es\/noticias\/20240918\/31-mujeres-peggy-guggenheim-reviven-exposicion-fundacion-mapfre\/16252783.shtml\" target=\"_blank\" rel=\"noopener\" data-artpy=\"0\" data-author=\"RTVE\">&#8217;31 mujeres&#8217; de Peggy Guggenheim reviven en la exposici\u00f3n de la Fundaci\u00f3n Mapfre<\/a>-rtve<br \/>\n<a class=\"title\" href=\"https:\/\/www.msn.com\/es-es\/noticias\/otras\/mujeres-artistas-performance-y-el-siglo-xx-en-espa%C3%B1a-en-la-agenda-del-museo-reina-sof%C3%ADa\/ar-AA1qHLja?ocid=BingNewsVerp\" target=\"_blank\" rel=\"noopener\" data-artpy=\"0\" data-author=\"El Mundo on MSN\">Mujeres artistas, performance y el siglo XX en Espa\u00f1a en la agenda del Reina Sof\u00eda<\/a>-elmundo<br \/>\n<a class=\"title\" href=\"https:\/\/www.msn.com\/es-es\/entretenimiento\/cine\/mariona-borrull-jurado-en-sitges-renuncia-a-su-cargo-por-la-ausencia-de-cineastas-mujeres-y-no-binarias\/ar-AA1qHfQs?ocid=BingNewsVerp\" target=\"_blank\" rel=\"noopener\" data-artpy=\"0\" data-author=\"eldiario.es on MSN\">Mariona Borrull, jurado en Sitges, renuncia a su cargo \u201cpor la ausencia de cineastas mujeres y no binarias\u201d<\/a>-eldiario<br \/>\n<a class=\"title\" href=\"https:\/\/www.elespanol.com\/el-cultural\/escenarios\/musica\/20240918\/alondra-parra-directora-orquesta-trabajo-hacer-brillar-musicos\/885162082_0.html\" target=\"_blank\" rel=\"noopener\" data-artpy=\"0\" data-author=\"ESPA\u00d1OL\">Alondra de la Parra, directora de orquesta: \u201cMi trabajo es hacer brillar a los m\u00fasicos\u201d<\/a>-elespa\u00f1ol<br \/>\n<a class=\"title\" href=\"https:\/\/www.europapress.es\/cantabria\/noticia-mujeres-cuentan-llega-edicion-espectaculos-seis-comunidades-mexico-pais-invitado-20240918144101.html\" target=\"_blank\" rel=\"noopener\" data-artpy=\"0\" data-author=\"Europa Press\">&#8216;Mujeres que cuentan&#8217; llega a su X edici\u00f3n con espect\u00e1culos de seis comunidades y M\u00e9xico como pa\u00eds invitado<\/a>-europapress<br \/>\n<a class=\"title\" href=\"https:\/\/www.eldiarioar.com\/cultura\/maruja-torres-tres-generaciones-hay-pais-suicida-olvida-les-paso_1_11658270.html\" target=\"_blank\" rel=\"noopener\" data-artpy=\"0\" data-author=\"eldiarioar\">Maruja Torres: \u201cCada tres generaciones hay un pa\u00eds que se suicida porque olvida lo que les pas\u00f3\u201d<\/a>-eldiarioar<a><br \/>\n<\/a><\/p>\n<p><strong>Deporte<br \/>\n<\/strong><a href=\"https:\/\/www.google.com\/url?rct=j&amp;sa=t&amp;url=https:\/\/www.tycsports.com\/polideportivo\/peleteiro-cumplo-el-sueno-de-volver-a-ribeira-y-mi-entrenador-sera-benjamin-id608615.html&amp;ct=ga&amp;cd=CAEYEyoUMTI5NjM5Nzk3MDk4MTY5MTkzMDMyGWUyZGVmYTdkNWRhOTE1N2Q6ZXM6ZXM6RVM&amp;usg=AOvVaw0O4ds61TaGe8HNvW8Dng9U\" target=\"_blank\" rel=\"noopener\" data-saferedirecturl=\"https:\/\/www.google.com\/url?q=https:\/\/www.google.com\/url?rct%3Dj%26sa%3Dt%26url%3Dhttps:\/\/www.tycsports.com\/polideportivo\/peleteiro-cumplo-el-sueno-de-volver-a-ribeira-y-mi-entrenador-sera-benjamin-id608615.html%26ct%3Dga%26cd%3DCAEYEyoUMTI5NjM5Nzk3MDk4MTY5MTkzMDMyGWUyZGVmYTdkNWRhOTE1N2Q6ZXM6ZXM6RVM%26usg%3DAOvVaw0O4ds61TaGe8HNvW8Dng9U&amp;source=gmail&amp;ust=1726763267124000&amp;usg=AOvVaw2g8pcCNgblsapfDSNKdNud\">Peleteiro: \u00abCumplo el sue\u00f1o de volver a Ribeira y mi entrenador ser\u00e1 Benjamin\u00bb-\u00a0<\/a><a>TyC Sports<br \/>\n<\/a><a class=\"title\" href=\"https:\/\/www.eldesmarque.com\/tenis\/20240916\/paula-badosa-cartel-lujo-finales-copa-billie-jean-king-malaga_300445476.html\" target=\"_blank\" rel=\"noopener\" data-artpy=\"0\" data-author=\"eldesmarque\">Paula Badosa lidera un cartel de lujo para las finales de Copa Billie Jean King en M\u00e1laga<\/a>-eldesmarque<a><br \/>\n<\/a><a class=\"title\" href=\"https:\/\/cadenaser.com\/extremadura\/2024\/09\/18\/el-i-torneo-por-la-igualdad-de-futbol-femenino-se-celebra-con-el-objetivo-de-superar-estereotipos-en-el-deporte-radio-extremadura\/\" target=\"_blank\" rel=\"noopener\" data-artpy=\"0\" data-author=\"Cadena SER\">El I Torneo por la Igualdad de f\u00fatbol femenino se celebra con el objetivo de superar estereotipos en el deporte<\/a>-cadenaser<a><br \/>\n<\/a><\/p>\n<\/div>\n<\/div>\n<div id=\"\" class=\"lsow-panel lsow-active\">\n<h1 class=\"lsow-panel-title\">Internacional<\/h1>\n<div class=\"lsow-panel-content\">\n<p><a href=\"https:\/\/www.google.com\/url?rct=j&amp;sa=t&amp;url=https:\/\/www.elespanol.com\/mujer\/actualidad\/20240913\/mujeres-estrategia-paridad-hace-aguas-nueva-comision-europea-von-der-leyen\/884911678_0.html&amp;ct=ga&amp;cd=CAEYACoTNDE3NDY0NTM4ODQxNDcwNzEyNjIZMGE3MDMxZmMzMWI2ZDliZDplczplczpFUw&amp;usg=AOvVaw3yXu95IkMZttmzoBlfA3L9\" target=\"_blank\" rel=\"noopener\" data-saferedirecturl=\"https:\/\/www.google.com\/url?q=https:\/\/www.google.com\/url?rct%3Dj%26sa%3Dt%26url%3Dhttps:\/\/www.elespanol.com\/mujer\/actualidad\/20240913\/mujeres-estrategia-paridad-hace-aguas-nueva-comision-europea-von-der-leyen\/884911678_0.html%26ct%3Dga%26cd%3DCAEYACoTNDE3NDY0NTM4ODQxNDcwNzEyNjIZMGE3MDMxZmMzMWI2ZDliZDplczplczpFUw%26usg%3DAOvVaw3yXu95IkMZttmzoBlfA3L9&amp;source=gmail&amp;ust=1726759957572000&amp;usg=AOvVaw2bTsETlr6__rr_SMz4iTpj\">\u00bfD\u00f3nde est\u00e1n las mujeres? La estrategia de paridad hace aguas en la nueva Comisi\u00f3n Europea&#8230;-\u00a0<\/a><a>El Espa\u00f1ol<br \/>\n<\/a><a class=\"title\" href=\"https:\/\/www.larazon.es\/internacional\/crece-numero-mujeres-marroquies-que-dan-hombre-ultima-decision-seno-familia_2024091366e422103c87870001de618e.html\" target=\"_blank\" rel=\"noopener\" data-artpy=\"0\" data-author=\"La Raz\u00f3n Digital\">Crece el n\u00famero de mujeres marroqu\u00edes que dan al hombre la \u00faltima decisi\u00f3n en el seno de la familia<\/a>-larazon<br \/>\n<a class=\"title\" href=\"https:\/\/laopinion.com\/2024\/09\/17\/kamala-harris-atrae-a-mujeres-y-jovenes-votantes-latinos-en-estados-clave\/\" target=\"_blank\" rel=\"noopener\" data-artpy=\"0\" data-author=\"La Opini\u00f3n\">Kamala Harris atrae a mujeres y j\u00f3venes votantes latinos en estados clave<\/a>-laopinion<a><br \/>\n<\/a><a class=\"title\" href=\"https:\/\/www.msn.com\/es-es\/salud\/other\/esto-es-en-lo-que-deben-pensar-las-mujeres-para-ser-m%C3%A1s-felices-seg%C3%BAn-un-estudio-de-la-universidad-de-harvard\/ar-AA1qv1Dq?ocid=BingNewsVerp\" target=\"_blank\" rel=\"noopener\" data-artpy=\"0\" data-author=\"20minutos on MSN\">Esto es en lo que deben pensar las mujeres para ser m\u00e1s felices, seg\u00fan un estudio de la Universidad de Harvard<\/a>-20minutos<br \/>\n<a class=\"title\" href=\"https:\/\/theobjective.com\/sociedad\/educacion\/2024-09-08\/cifra-mujeres-carreras-stem-baja\/\" target=\"_blank\" rel=\"noopener\" data-artpy=\"0\" data-author=\"The Objective\">Las mujeres que estudian carreras de ciencias bajan pese al esfuerzo de los gobiernos<\/a>-theobjective<br \/>\n<a class=\"title\" href=\"https:\/\/elpais.com\/cultura\/2024-09-17\/natalia-litvinova-escritora-de-mi-infancia-recuerdo-cosas-muy-puntuales-y-todas-tienen-que-ver-con-la-crisis-y-la-radiacion.html\" target=\"_blank\" rel=\"noopener\" data-artpy=\"0\" data-author=\"EL PA\u00cdS\">Natalia Litvinova, escritora: \u201cLas mujeres sosten\u00edan todo en la Uni\u00f3n Sovi\u00e9tica y los hombres sobreviv\u00edan como pod\u00edan\u201d<\/a>-elpais<br \/>\n<a class=\"title\" href=\"https:\/\/www.abc.es\/internacional\/mujeres-desafiaron-nazismo-protagonizan-exposicion-berlin-20240913213927-vi.html\" target=\"_blank\" rel=\"noopener\" data-artpy=\"0\" data-author=\"ABC\">Las mujeres que desafiaron al nazismo protagonizan una exposici\u00f3n en Berl\u00edn<\/a>-abc<br \/>\n<a class=\"title\" href=\"https:\/\/www.elespanol.com\/reportajes\/20240917\/taylor-swift-rebelion-cat-ladies-trump-voto-mujeres-decisivo\/886411898_0.html\" target=\"_blank\" rel=\"noopener\" data-artpy=\"0\" data-author=\"ESPA\u00d1OL\">Taylor Swift y rebeli\u00f3n de las &#8216;cat ladies&#8217; contra Trump. \u00bfPor qu\u00e9 el voto de las mujeres ser\u00e1 decisivo?<\/a>-elespa\u00f1ol<\/p>\n<\/div>\n<\/div>\n<\/div><\/div><\/div><\/div><\/div>\n","protected":false},"excerpt":{"rendered":"<p>\u00bfD\u00f3nde est\u00e1n las mujeres? La estrategia de paridad hace aguas en la nueva Comisi\u00f3n Europea  *  Espa\u00f1a a la cabeza de la UE en n\u00famero de directivas  *  Informe revela que 114.500 mujeres ejercen la prostituci\u00f3n en Espa\u00f1a  *  Las mujeres que estudian carreras de ciencias bajan pese al esfuerzo de los gobiernos<\/p>\n","protected":false},"author":3,"featured_media":22909,"comment_status":"closed","ping_status":"closed","sticky":false,"template":"","format":"standard","meta":{"footnotes":""},"categories":[298,621],"tags":[95,635,317,277],"class_list":["post-22112","post","type-post","status-publish","format-standard","has-post-thumbnail","hentry","category-newsletter","category-nwl-3-0","tag-brecha-salarial","tag-comision-europea","tag-ley-de-paridad","tag-prostitucion"],"yoast_head":"<!-- This site is optimized with the Yoast SEO plugin v27.5 - https:\/\/yoast.com\/product\/yoast-seo-wordpress\/ -->\n<title>Noticias Info CKL n\u00ba 2893-12\/098\/24-Comunicar con perspectiva de g\u00e9nero<\/title>\n<meta name=\"description\" content=\"Noticias Info CKL n\u00ba 2894-18\/09\/24 \u00bfD\u00f3nde est\u00e1n las mujeres? La estrategia de paridad hace aguas en la nueva Comisi\u00f3n Europea * Espa\u00f1a a la cabeza de la UE en n\u00famero de directivas * Informe revela que 114.500 mujeres ejercen la prostituci\u00f3n en Espa\u00f1a * Las mujeres que estudian carreras de ciencias bajan pese al esfuerzo de los gobiernos\" \/>\n<meta name=\"robots\" content=\"index, follow, max-snippet:-1, max-image-preview:large, max-video-preview:-1\" \/>\n<link rel=\"canonical\" href=\"https:\/\/cklcomunicaciones.es\/coop\/noticias-info-ckl-no-2894-18-09-24\/\" \/>\n<meta property=\"og:locale\" content=\"es_ES\" \/>\n<meta property=\"og:type\" content=\"article\" \/>\n<meta property=\"og:title\" content=\"Noticias Info CKL n\u00ba 2893-12\/098\/24-Comunicar con perspectiva de g\u00e9nero\" \/>\n<meta property=\"og:description\" content=\"Noticias Info CKL n\u00ba 2894-18\/09\/24 \u00bfD\u00f3nde est\u00e1n las mujeres? La estrategia de paridad hace aguas en la nueva Comisi\u00f3n Europea * Espa\u00f1a a la cabeza de la UE en n\u00famero de directivas * Informe revela que 114.500 mujeres ejercen la prostituci\u00f3n en Espa\u00f1a * Las mujeres que estudian carreras de ciencias bajan pese al esfuerzo de los gobiernos\" \/>\n<meta property=\"og:url\" content=\"https:\/\/cklcomunicaciones.es\/coop\/noticias-info-ckl-no-2894-18-09-24\/\" \/>\n<meta property=\"og:site_name\" content=\"CKL Comunicaciones\" \/>\n<meta property=\"article:published_time\" content=\"2024-09-18T17:52:42+00:00\" \/>\n<meta property=\"article:modified_time\" content=\"2025-02-11T13:52:47+00:00\" \/>\n<meta property=\"og:image\" content=\"https:\/\/cklcomunicaciones.es\/coop\/wp-content\/uploads\/2025\/01\/CKL-una-mirada-distinta-de-la-comunicacion.jpg\" \/>\n\t<meta property=\"og:image:width\" content=\"1482\" \/>\n\t<meta property=\"og:image:height\" content=\"775\" \/>\n\t<meta property=\"og:image:type\" content=\"image\/jpeg\" \/>\n<meta name=\"author\" content=\"ckl\" \/>\n<meta name=\"twitter:card\" content=\"summary_large_image\" \/>\n<meta name=\"twitter:label1\" content=\"Escrito por\" \/>\n\t<meta name=\"twitter:data1\" content=\"ckl\" \/>\n\t<meta name=\"twitter:label2\" content=\"Tiempo de lectura\" \/>\n\t<meta name=\"twitter:data2\" content=\"6 minutos\" \/>\n<script type=\"application\/ld+json\" class=\"yoast-schema-graph\">{\"@context\":\"https:\\\/\\\/schema.org\",\"@graph\":[{\"@type\":\"Article\",\"@id\":\"https:\\\/\\\/cklcomunicaciones.es\\\/coop\\\/noticias-info-ckl-no-2894-18-09-24\\\/#article\",\"isPartOf\":{\"@id\":\"https:\\\/\\\/cklcomunicaciones.es\\\/coop\\\/noticias-info-ckl-no-2894-18-09-24\\\/\"},\"author\":{\"name\":\"ckl\",\"@id\":\"https:\\\/\\\/cklcomunicaciones.es\\\/coop\\\/#\\\/schema\\\/person\\\/929a6837f7626450bbb50cee1aef266e\"},\"headline\":\"Noticias Info CKL n\u00ba 2894-18\\\/09\\\/24\",\"datePublished\":\"2024-09-18T17:52:42+00:00\",\"dateModified\":\"2025-02-11T13:52:47+00:00\",\"mainEntityOfPage\":{\"@id\":\"https:\\\/\\\/cklcomunicaciones.es\\\/coop\\\/noticias-info-ckl-no-2894-18-09-24\\\/\"},\"wordCount\":1195,\"image\":{\"@id\":\"https:\\\/\\\/cklcomunicaciones.es\\\/coop\\\/noticias-info-ckl-no-2894-18-09-24\\\/#primaryimage\"},\"thumbnailUrl\":\"https:\\\/\\\/cklcomunicaciones.es\\\/coop\\\/wp-content\\\/uploads\\\/2025\\\/01\\\/CKL-una-mirada-distinta-de-la-comunicacion.jpg\",\"keywords\":[\"brecha salarial\",\"Comisi\u00f3n Europea\",\"ley de paridad\",\"prostituci\u00f3n\"],\"articleSection\":[\"Newsletter\",\"Nwl v3.0\"],\"inLanguage\":\"es\"},{\"@type\":\"WebPage\",\"@id\":\"https:\\\/\\\/cklcomunicaciones.es\\\/coop\\\/noticias-info-ckl-no-2894-18-09-24\\\/\",\"url\":\"https:\\\/\\\/cklcomunicaciones.es\\\/coop\\\/noticias-info-ckl-no-2894-18-09-24\\\/\",\"name\":\"Noticias Info CKL n\u00ba 2893-12\\\/098\\\/24-Comunicar con perspectiva de g\u00e9nero\",\"isPartOf\":{\"@id\":\"https:\\\/\\\/cklcomunicaciones.es\\\/coop\\\/#website\"},\"primaryImageOfPage\":{\"@id\":\"https:\\\/\\\/cklcomunicaciones.es\\\/coop\\\/noticias-info-ckl-no-2894-18-09-24\\\/#primaryimage\"},\"image\":{\"@id\":\"https:\\\/\\\/cklcomunicaciones.es\\\/coop\\\/noticias-info-ckl-no-2894-18-09-24\\\/#primaryimage\"},\"thumbnailUrl\":\"https:\\\/\\\/cklcomunicaciones.es\\\/coop\\\/wp-content\\\/uploads\\\/2025\\\/01\\\/CKL-una-mirada-distinta-de-la-comunicacion.jpg\",\"datePublished\":\"2024-09-18T17:52:42+00:00\",\"dateModified\":\"2025-02-11T13:52:47+00:00\",\"author\":{\"@id\":\"https:\\\/\\\/cklcomunicaciones.es\\\/coop\\\/#\\\/schema\\\/person\\\/929a6837f7626450bbb50cee1aef266e\"},\"description\":\"Noticias Info CKL n\u00ba 2894-18\\\/09\\\/24 \u00bfD\u00f3nde est\u00e1n las mujeres? La estrategia de paridad hace aguas en la nueva Comisi\u00f3n Europea * Espa\u00f1a a la cabeza de la UE en n\u00famero de directivas * Informe revela que 114.500 mujeres ejercen la prostituci\u00f3n en Espa\u00f1a * Las mujeres que estudian carreras de ciencias bajan pese al esfuerzo de los gobiernos\",\"breadcrumb\":{\"@id\":\"https:\\\/\\\/cklcomunicaciones.es\\\/coop\\\/noticias-info-ckl-no-2894-18-09-24\\\/#breadcrumb\"},\"inLanguage\":\"es\",\"potentialAction\":[{\"@type\":\"ReadAction\",\"target\":[\"https:\\\/\\\/cklcomunicaciones.es\\\/coop\\\/noticias-info-ckl-no-2894-18-09-24\\\/\"]}]},{\"@type\":\"ImageObject\",\"inLanguage\":\"es\",\"@id\":\"https:\\\/\\\/cklcomunicaciones.es\\\/coop\\\/noticias-info-ckl-no-2894-18-09-24\\\/#primaryimage\",\"url\":\"https:\\\/\\\/cklcomunicaciones.es\\\/coop\\\/wp-content\\\/uploads\\\/2025\\\/01\\\/CKL-una-mirada-distinta-de-la-comunicacion.jpg\",\"contentUrl\":\"https:\\\/\\\/cklcomunicaciones.es\\\/coop\\\/wp-content\\\/uploads\\\/2025\\\/01\\\/CKL-una-mirada-distinta-de-la-comunicacion.jpg\",\"width\":1482,\"height\":775,\"caption\":\"CKL - una mirada distinta de la comunicacion\"},{\"@type\":\"BreadcrumbList\",\"@id\":\"https:\\\/\\\/cklcomunicaciones.es\\\/coop\\\/noticias-info-ckl-no-2894-18-09-24\\\/#breadcrumb\",\"itemListElement\":[{\"@type\":\"ListItem\",\"position\":1,\"name\":\"Portada\",\"item\":\"https:\\\/\\\/cklcomunicaciones.es\\\/coop\\\/\"},{\"@type\":\"ListItem\",\"position\":2,\"name\":\"Noticias Info CKL n\u00ba 2894-18\\\/09\\\/24\"}]},{\"@type\":\"WebSite\",\"@id\":\"https:\\\/\\\/cklcomunicaciones.es\\\/coop\\\/#website\",\"url\":\"https:\\\/\\\/cklcomunicaciones.es\\\/coop\\\/\",\"name\":\"CKL Comunicaciones\",\"description\":\"Sitio web de CKL Comunicaciones coop , la consultora de comunicaci\u00f3n y estrategia\",\"potentialAction\":[{\"@type\":\"SearchAction\",\"target\":{\"@type\":\"EntryPoint\",\"urlTemplate\":\"https:\\\/\\\/cklcomunicaciones.es\\\/coop\\\/?s={search_term_string}\"},\"query-input\":{\"@type\":\"PropertyValueSpecification\",\"valueRequired\":true,\"valueName\":\"search_term_string\"}}],\"inLanguage\":\"es\"},{\"@type\":\"Person\",\"@id\":\"https:\\\/\\\/cklcomunicaciones.es\\\/coop\\\/#\\\/schema\\\/person\\\/929a6837f7626450bbb50cee1aef266e\",\"name\":\"ckl\",\"image\":{\"@type\":\"ImageObject\",\"inLanguage\":\"es\",\"@id\":\"https:\\\/\\\/secure.gravatar.com\\\/avatar\\\/c82db564e8a669bf6023357a157b9dc4780f4d4c618f2ad1d71a6a5dede45057?s=96&d=mm&r=g\",\"url\":\"https:\\\/\\\/secure.gravatar.com\\\/avatar\\\/c82db564e8a669bf6023357a157b9dc4780f4d4c618f2ad1d71a6a5dede45057?s=96&d=mm&r=g\",\"contentUrl\":\"https:\\\/\\\/secure.gravatar.com\\\/avatar\\\/c82db564e8a669bf6023357a157b9dc4780f4d4c618f2ad1d71a6a5dede45057?s=96&d=mm&r=g\",\"caption\":\"ckl\"},\"url\":\"https:\\\/\\\/cklcomunicaciones.es\\\/coop\\\/author\\\/cklcomunicaciones\\\/\"}]}<\/script>\n<!-- \/ Yoast SEO plugin. -->","yoast_head_json":{"title":"Noticias Info CKL n\u00ba 2893-12\/098\/24-Comunicar con perspectiva de g\u00e9nero","description":"Noticias Info CKL n\u00ba 2894-18\/09\/24 \u00bfD\u00f3nde est\u00e1n las mujeres? La estrategia de paridad hace aguas en la nueva Comisi\u00f3n Europea * Espa\u00f1a a la cabeza de la UE en n\u00famero de directivas * Informe revela que 114.500 mujeres ejercen la prostituci\u00f3n en Espa\u00f1a * Las mujeres que estudian carreras de ciencias bajan pese al esfuerzo de los gobiernos","robots":{"index":"index","follow":"follow","max-snippet":"max-snippet:-1","max-image-preview":"max-image-preview:large","max-video-preview":"max-video-preview:-1"},"canonical":"https:\/\/cklcomunicaciones.es\/coop\/noticias-info-ckl-no-2894-18-09-24\/","og_locale":"es_ES","og_type":"article","og_title":"Noticias Info CKL n\u00ba 2893-12\/098\/24-Comunicar con perspectiva de g\u00e9nero","og_description":"Noticias Info CKL n\u00ba 2894-18\/09\/24 \u00bfD\u00f3nde est\u00e1n las mujeres? La estrategia de paridad hace aguas en la nueva Comisi\u00f3n Europea * Espa\u00f1a a la cabeza de la UE en n\u00famero de directivas * Informe revela que 114.500 mujeres ejercen la prostituci\u00f3n en Espa\u00f1a * Las mujeres que estudian carreras de ciencias bajan pese al esfuerzo de los gobiernos","og_url":"https:\/\/cklcomunicaciones.es\/coop\/noticias-info-ckl-no-2894-18-09-24\/","og_site_name":"CKL Comunicaciones","article_published_time":"2024-09-18T17:52:42+00:00","article_modified_time":"2025-02-11T13:52:47+00:00","og_image":[{"width":1482,"height":775,"url":"https:\/\/cklcomunicaciones.es\/coop\/wp-content\/uploads\/2025\/01\/CKL-una-mirada-distinta-de-la-comunicacion.jpg","type":"image\/jpeg"}],"author":"ckl","twitter_card":"summary_large_image","twitter_misc":{"Escrito por":"ckl","Tiempo de lectura":"6 minutos"},"schema":{"@context":"https:\/\/schema.org","@graph":[{"@type":"Article","@id":"https:\/\/cklcomunicaciones.es\/coop\/noticias-info-ckl-no-2894-18-09-24\/#article","isPartOf":{"@id":"https:\/\/cklcomunicaciones.es\/coop\/noticias-info-ckl-no-2894-18-09-24\/"},"author":{"name":"ckl","@id":"https:\/\/cklcomunicaciones.es\/coop\/#\/schema\/person\/929a6837f7626450bbb50cee1aef266e"},"headline":"Noticias Info CKL n\u00ba 2894-18\/09\/24","datePublished":"2024-09-18T17:52:42+00:00","dateModified":"2025-02-11T13:52:47+00:00","mainEntityOfPage":{"@id":"https:\/\/cklcomunicaciones.es\/coop\/noticias-info-ckl-no-2894-18-09-24\/"},"wordCount":1195,"image":{"@id":"https:\/\/cklcomunicaciones.es\/coop\/noticias-info-ckl-no-2894-18-09-24\/#primaryimage"},"thumbnailUrl":"https:\/\/cklcomunicaciones.es\/coop\/wp-content\/uploads\/2025\/01\/CKL-una-mirada-distinta-de-la-comunicacion.jpg","keywords":["brecha salarial","Comisi\u00f3n Europea","ley de paridad","prostituci\u00f3n"],"articleSection":["Newsletter","Nwl v3.0"],"inLanguage":"es"},{"@type":"WebPage","@id":"https:\/\/cklcomunicaciones.es\/coop\/noticias-info-ckl-no-2894-18-09-24\/","url":"https:\/\/cklcomunicaciones.es\/coop\/noticias-info-ckl-no-2894-18-09-24\/","name":"Noticias Info CKL n\u00ba 2893-12\/098\/24-Comunicar con perspectiva de g\u00e9nero","isPartOf":{"@id":"https:\/\/cklcomunicaciones.es\/coop\/#website"},"primaryImageOfPage":{"@id":"https:\/\/cklcomunicaciones.es\/coop\/noticias-info-ckl-no-2894-18-09-24\/#primaryimage"},"image":{"@id":"https:\/\/cklcomunicaciones.es\/coop\/noticias-info-ckl-no-2894-18-09-24\/#primaryimage"},"thumbnailUrl":"https:\/\/cklcomunicaciones.es\/coop\/wp-content\/uploads\/2025\/01\/CKL-una-mirada-distinta-de-la-comunicacion.jpg","datePublished":"2024-09-18T17:52:42+00:00","dateModified":"2025-02-11T13:52:47+00:00","author":{"@id":"https:\/\/cklcomunicaciones.es\/coop\/#\/schema\/person\/929a6837f7626450bbb50cee1aef266e"},"description":"Noticias Info CKL n\u00ba 2894-18\/09\/24 \u00bfD\u00f3nde est\u00e1n las mujeres? La estrategia de paridad hace aguas en la nueva Comisi\u00f3n Europea * Espa\u00f1a a la cabeza de la UE en n\u00famero de directivas * Informe revela que 114.500 mujeres ejercen la prostituci\u00f3n en Espa\u00f1a * Las mujeres que estudian carreras de ciencias bajan pese al esfuerzo de los gobiernos","breadcrumb":{"@id":"https:\/\/cklcomunicaciones.es\/coop\/noticias-info-ckl-no-2894-18-09-24\/#breadcrumb"},"inLanguage":"es","potentialAction":[{"@type":"ReadAction","target":["https:\/\/cklcomunicaciones.es\/coop\/noticias-info-ckl-no-2894-18-09-24\/"]}]},{"@type":"ImageObject","inLanguage":"es","@id":"https:\/\/cklcomunicaciones.es\/coop\/noticias-info-ckl-no-2894-18-09-24\/#primaryimage","url":"https:\/\/cklcomunicaciones.es\/coop\/wp-content\/uploads\/2025\/01\/CKL-una-mirada-distinta-de-la-comunicacion.jpg","contentUrl":"https:\/\/cklcomunicaciones.es\/coop\/wp-content\/uploads\/2025\/01\/CKL-una-mirada-distinta-de-la-comunicacion.jpg","width":1482,"height":775,"caption":"CKL - una mirada distinta de la comunicacion"},{"@type":"BreadcrumbList","@id":"https:\/\/cklcomunicaciones.es\/coop\/noticias-info-ckl-no-2894-18-09-24\/#breadcrumb","itemListElement":[{"@type":"ListItem","position":1,"name":"Portada","item":"https:\/\/cklcomunicaciones.es\/coop\/"},{"@type":"ListItem","position":2,"name":"Noticias Info CKL n\u00ba 2894-18\/09\/24"}]},{"@type":"WebSite","@id":"https:\/\/cklcomunicaciones.es\/coop\/#website","url":"https:\/\/cklcomunicaciones.es\/coop\/","name":"CKL Comunicaciones","description":"Sitio web de CKL Comunicaciones coop , la consultora de comunicaci\u00f3n y estrategia","potentialAction":[{"@type":"SearchAction","target":{"@type":"EntryPoint","urlTemplate":"https:\/\/cklcomunicaciones.es\/coop\/?s={search_term_string}"},"query-input":{"@type":"PropertyValueSpecification","valueRequired":true,"valueName":"search_term_string"}}],"inLanguage":"es"},{"@type":"Person","@id":"https:\/\/cklcomunicaciones.es\/coop\/#\/schema\/person\/929a6837f7626450bbb50cee1aef266e","name":"ckl","image":{"@type":"ImageObject","inLanguage":"es","@id":"https:\/\/secure.gravatar.com\/avatar\/c82db564e8a669bf6023357a157b9dc4780f4d4c618f2ad1d71a6a5dede45057?s=96&d=mm&r=g","url":"https:\/\/secure.gravatar.com\/avatar\/c82db564e8a669bf6023357a157b9dc4780f4d4c618f2ad1d71a6a5dede45057?s=96&d=mm&r=g","contentUrl":"https:\/\/secure.gravatar.com\/avatar\/c82db564e8a669bf6023357a157b9dc4780f4d4c618f2ad1d71a6a5dede45057?s=96&d=mm&r=g","caption":"ckl"},"url":"https:\/\/cklcomunicaciones.es\/coop\/author\/cklcomunicaciones\/"}]}},"_links":{"self":[{"href":"https:\/\/cklcomunicaciones.es\/coop\/wp-json\/wp\/v2\/posts\/22112","targetHints":{"allow":["GET"]}}],"collection":[{"href":"https:\/\/cklcomunicaciones.es\/coop\/wp-json\/wp\/v2\/posts"}],"about":[{"href":"https:\/\/cklcomunicaciones.es\/coop\/wp-json\/wp\/v2\/types\/post"}],"author":[{"embeddable":true,"href":"https:\/\/cklcomunicaciones.es\/coop\/wp-json\/wp\/v2\/users\/3"}],"replies":[{"embeddable":true,"href":"https:\/\/cklcomunicaciones.es\/coop\/wp-json\/wp\/v2\/comments?post=22112"}],"version-history":[{"count":0,"href":"https:\/\/cklcomunicaciones.es\/coop\/wp-json\/wp\/v2\/posts\/22112\/revisions"}],"wp:featuredmedia":[{"embeddable":true,"href":"https:\/\/cklcomunicaciones.es\/coop\/wp-json\/wp\/v2\/media\/22909"}],"wp:attachment":[{"href":"https:\/\/cklcomunicaciones.es\/coop\/wp-json\/wp\/v2\/media?parent=22112"}],"wp:term":[{"taxonomy":"category","embeddable":true,"href":"https:\/\/cklcomunicaciones.es\/coop\/wp-json\/wp\/v2\/categories?post=22112"},{"taxonomy":"post_tag","embeddable":true,"href":"https:\/\/cklcomunicaciones.es\/coop\/wp-json\/wp\/v2\/tags?post=22112"}],"curies":[{"name":"wp","href":"https:\/\/api.w.org\/{rel}","templated":true}]}}