{"id":22110,"date":"2024-08-02T19:15:10","date_gmt":"2024-08-02T17:15:10","guid":{"rendered":"https:\/\/www.cklcomunicaciones.es\/?p=21273"},"modified":"2025-02-11T14:06:40","modified_gmt":"2025-02-11T13:06:40","slug":"noticias-info-ckl-no-2892-02-08-24","status":"publish","type":"post","link":"https:\/\/cklcomunicaciones.es\/coop\/noticias-info-ckl-no-2892-02-08-24\/","title":{"rendered":"Noticias Info CKL n\u00ba 2892-02\/08\/24"},"content":{"rendered":"<div class=\"fusion-fullwidth fullwidth-box fusion-builder-row-1 fusion-flex-container nonhundred-percent-fullwidth non-hundred-percent-height-scrolling\" style=\"--awb-border-radius-top-left:0px;--awb-border-radius-top-right:0px;--awb-border-radius-bottom-right:0px;--awb-border-radius-bottom-left:0px;--awb-flex-wrap:wrap;\" ><div class=\"fusion-builder-row fusion-row fusion-flex-align-items-flex-start fusion-flex-content-wrap\" style=\"max-width:1248px;margin-left: calc(-4% \/ 2 );margin-right: calc(-4% \/ 2 );\"><div class=\"fusion-layout-column fusion_builder_column fusion-builder-column-0 fusion_builder_column_1_1 1_1 fusion-flex-column\" style=\"--awb-bg-blend:overlay;--awb-bg-size:cover;--awb-width-large:100%;--awb-margin-top-large:0px;--awb-spacing-right-large:1.92%;--awb-margin-bottom-large:0px;--awb-spacing-left-large:1.92%;--awb-width-medium:100%;--awb-spacing-right-medium:1.92%;--awb-spacing-left-medium:1.92%;--awb-width-small:100%;--awb-spacing-right-small:1.92%;--awb-spacing-left-small:1.92%;\"><div class=\"fusion-column-wrapper fusion-flex-justify-content-flex-start fusion-content-layout-column\"><div class=\"fusion-text fusion-text-1\"><div id=\"\" class=\"lsow-panel lsow-active\">\n<h1 class=\"lsow-panel-title\">Recomendaciones<\/h1>\n<div class=\"lsow-panel-content\">\n<ul>\n<li>Newsletter n\u00ba1 WeCoop.\u00a0<a href=\"https:\/\/dhlwl.r.sp1-brevo.net\/mk\/mr\/sh\/6rqJ8GoudeITQpqERTtHZL1Ngdb\/D06LWSkHeA1X\">\u00bfYa conoces WeCoop? Mujeres de la ESS\u00a0<\/a><\/li>\n<\/ul>\n<\/div>\n<\/div>\n<div id=\"\" class=\"lsow-panel lsow-active\">\n<h1 class=\"lsow-panel-title\">Comunicaci\u00f3n, Publicidad y TICs<\/h1>\n<div class=\"lsow-panel-content\">\n<p><a href=\"https:\/\/www.google.com\/url?rct=j&amp;sa=t&amp;url=https:\/\/ethic.es\/2024\/08\/carmen-de-burgos-la-gran-dama-de-la-edad-de-plata\/&amp;ct=ga&amp;cd=CAEYASoTNzA3Mjc0MDcxNDg5NjQ0NDIyOTIZYzAzNzJlYmMyZmVhZGE1OTplczplczpFUw&amp;usg=AOvVaw05wClOgDNou8Kg3m-DFSyo\" target=\"_blank\" rel=\"noopener\" data-saferedirecturl=\"https:\/\/www.google.com\/url?q=https:\/\/www.google.com\/url?rct%3Dj%26sa%3Dt%26url%3Dhttps:\/\/ethic.es\/2024\/08\/carmen-de-burgos-la-gran-dama-de-la-edad-de-plata\/%26ct%3Dga%26cd%3DCAEYASoTNzA3Mjc0MDcxNDg5NjQ0NDIyOTIZYzAzNzJlYmMyZmVhZGE1OTplczplczpFUw%26usg%3DAOvVaw05wClOgDNou8Kg3m-DFSyo&amp;source=gmail&amp;ust=1722685776514000&amp;usg=AOvVaw1ic5zpjdLszdbS_M3Ge2kF\">Carmen de Burgos: la gran dama de la Edad de Plata &#8211;\u00a0<\/a><a>Ethic<br \/>\n<\/a><a class=\"title\" href=\"https:\/\/www.elsaltodiario.com\/mapas\/pena-muerte-una-periodista-protesto-ejecuciones-iran\" target=\"_blank\" rel=\"noopener\" data-artpy=\"0\" data-author=\"elsaltodiario\">Pena de muerte para una periodista que protest\u00f3 contra las ejecuciones en Ir\u00e1n<\/a>-elsaltodiario<br \/>\n<a class=\"title\" href=\"https:\/\/www.msn.com\/es-ar\/entretenimiento\/famosos\/agustina-k%C3%A4mpfer-y-periodistas-argentinas-ampliaron-su-denuncia-contra-pedro-brieger-en-diputados\/ar-BB1r3O5a?ocid=BingNewsVerp\" target=\"_blank\" rel=\"noopener\" data-artpy=\"0\" data-author=\"Perfil on MSN\">Agustina K\u00e4mpfer y Periodistas Argentinas ampliaron su denuncia contra Pedro Brieger en Diputados<\/a>-perfil<br \/>\n<a class=\"title\" href=\"https:\/\/efectococuyo.com\/la-humanidad\/silenciar-a-la-radio-y-criminalizar-a-periodistas-los-patrones-que-se-acentuan-tras-las-elecciones\/\" target=\"_blank\" rel=\"noopener\" data-artpy=\"0\" data-author=\"efectococuyo\">Silenciar a la radio y criminalizar a periodistas: los patrones que se acent\u00faan tras las elecciones<\/a>-efectocoyuco<a><br \/>\n<\/a><a class=\"title\" href=\"https:\/\/www.foxsports.com.mx\/2024\/08\/01\/paris-2024-comentarista-es-suspendido-por-misogino-ya-conocen-a-las-mujeres\/\" target=\"_blank\" rel=\"noopener\" data-artpy=\"0\" data-author=\"foxsports\">Comentarista es suspendido de Par\u00eds 2024 por mis\u00f3gino: \u2018Ya conocen a las mujeres\u2019<\/a>-fox<br \/>\n<a class=\"title\" href=\"https:\/\/andaluciainformacion.es\/benalmadena\/1725336\/las-redes-sociales-claves-en-la-captacion-de-victimas-de-trata-menores-de-edad\/\" target=\"_blank\" rel=\"noopener\" data-artpy=\"0\" data-author=\"Andaluc\u00eda Informaci\u00f3n\">Las redes sociales, claves en la captaci\u00f3n de v\u00edctimas de trata menores de edad<\/a>-andaluciainformacion<\/p>\n<\/div>\n<\/div>\n<div id=\"\" class=\"lsow-panel lsow-active\">\n<h1 class=\"lsow-panel-title\">Andaluc\u00eda<\/h1>\n<div class=\"lsow-panel-content\">\n<div class=\"source set_top\">\n<div data-priority=\"2\" aria-hidden=\"true\">\n<p><strong>Institucional<br \/>\n<\/strong><a href=\"https:\/\/www.google.com\/url?rct=j&amp;sa=t&amp;url=https:\/\/www.juntadeandalucia.es\/presidencia\/portavoz\/gobiernoaldia\/195848\/JuanmaMoreno\/Andalucia\/Gobiernoandaluz\/nuevoGobierno\/consejeros\/cambios\/regeneracion\/referente\/transparencia\/portavoz&amp;ct=ga&amp;cd=CAEYASoTMzM0Mjc4MDQ1MDEyMjAyODYxMTIZZDc4ZTU4NzVhMGYxZjJhYzplczplczpFUw&amp;usg=AOvVaw2PDNephEw8HYctw7cM89NH\" target=\"_blank\" rel=\"noopener\" data-saferedirecturl=\"https:\/\/www.google.com\/url?q=https:\/\/www.google.com\/url?rct%3Dj%26sa%3Dt%26url%3Dhttps:\/\/www.juntadeandalucia.es\/presidencia\/portavoz\/gobiernoaldia\/195848\/JuanmaMoreno\/Andalucia\/Gobiernoandaluz\/nuevoGobierno\/consejeros\/cambios\/regeneracion\/referente\/transparencia\/portavoz%26ct%3Dga%26cd%3DCAEYASoTMzM0Mjc4MDQ1MDEyMjAyODYxMTIZZDc4ZTU4NzVhMGYxZjJhYzplczplczpFUw%26usg%3DAOvVaw2PDNephEw8HYctw7cM89NH&amp;source=gmail&amp;ust=1722352564978000&amp;usg=AOvVaw2dLp78svCyknKgm4J0zHhD\">Ocho mujeres, seis hombres y cuatro de ellos independientes, nuevo Gobierno de\u00a0Andaluc\u00eda<b>&#8211;<\/b><\/a><a>Junta de Andaluc\u00eda<br \/>\n<\/a><a href=\"https:\/\/www.google.com\/url?rct=j&amp;sa=t&amp;url=https:\/\/www.abc.es\/espana\/andalucia\/carolina-espana-superconsejera-perseguida-dara-garra-politica-20240729164700-nts.html&amp;ct=ga&amp;cd=CAEYACoTMjgwNzQ2NDU1MDkyMDYzNDEzNTIZZDc4ZTU4NzVhMGYxZjJhYzplczplczpFUw&amp;usg=AOvVaw2DD7vCUGAPJ48op7LUeWoa\" target=\"_blank\" rel=\"noopener\" data-saferedirecturl=\"https:\/\/www.google.com\/url?q=https:\/\/www.google.com\/url?rct%3Dj%26sa%3Dt%26url%3Dhttps:\/\/www.abc.es\/espana\/andalucia\/carolina-espana-superconsejera-perseguida-dara-garra-politica-20240729164700-nts.html%26ct%3Dga%26cd%3DCAEYACoTMjgwNzQ2NDU1MDkyMDYzNDEzNTIZZDc4ZTU4NzVhMGYxZjJhYzplczplczpFUw%26usg%3DAOvVaw2DD7vCUGAPJ48op7LUeWoa&amp;source=gmail&amp;ust=1722435231164000&amp;usg=AOvVaw0z5lLp5ZwtDP58cw3ZGO8f\">Carolina Espa\u00f1a, una portavoz curtida en n\u00fameros en la Junta de\u00a0Andaluc\u00eda para pedirle &#8230; &#8211;\u00a0<\/a><a>ABC<br \/>\n<\/a><a href=\"https:\/\/www.google.com\/url?rct=j&amp;sa=t&amp;url=https:\/\/www.europapress.es\/andalucia\/noticia-carolina-espana-espera-ir-mas-alla-crecimiento-economia-andaluza-2024-estamos-convencidos-20240731103000.html&amp;ct=ga&amp;cd=CAEYAyoUMTUyOTcyMzYzNDA2MzcwMjY4MTkyGWQ3OGU1ODc1YTBmMWYyYWM6ZXM6ZXM6RVM&amp;usg=AOvVaw2ZDkTaA14kyBBJQU7DG8oG\" target=\"_blank\" rel=\"noopener\" data-saferedirecturl=\"https:\/\/www.google.com\/url?q=https:\/\/www.google.com\/url?rct%3Dj%26sa%3Dt%26url%3Dhttps:\/\/www.europapress.es\/andalucia\/noticia-carolina-espana-espera-ir-mas-alla-crecimiento-economia-andaluza-2024-estamos-convencidos-20240731103000.html%26ct%3Dga%26cd%3DCAEYAyoUMTUyOTcyMzYzNDA2MzcwMjY4MTkyGWQ3OGU1ODc1YTBmMWYyYWM6ZXM6ZXM6RVM%26usg%3DAOvVaw2ZDkTaA14kyBBJQU7DG8oG&amp;source=gmail&amp;ust=1722611981945000&amp;usg=AOvVaw12JdZFtUZWr40q9j2mkUZy\">Carolina Espa\u00f1a espera \u00abir m\u00e1s all\u00e1\u00bb del 2% en el crecimiento de la\u00a0econom\u00eda andaluza para 2024-\u00a0<\/a><a>Europa Press<\/a><\/p>\n<p><strong>Econom\u00eda y Empresa<br \/>\n<\/strong><a class=\"title\" href=\"https:\/\/www.europapress.es\/andalucia\/autonomos-01091\/noticia-rocio-blanco-destaca-cambio-mentalidad-economia-emprendimiento-record-autonomos-20240730103455.html\" target=\"_blank\" rel=\"noopener\" data-artpy=\"0\" data-author=\"Europa Press\">Roc\u00edo Blanco destaca \u00abel cambio de mentalidad\u00bb hacia una econom\u00eda del emprendimiento ante el r\u00e9cord de aut\u00f3nomos<\/a>-europapress<strong><br \/>\n<\/strong><a href=\"https:\/\/www.google.com\/url?rct=j&amp;sa=t&amp;url=https:\/\/www.juntadeandalucia.es\/presidencia\/portavoz\/195812\/loles\/lopez\/firma\/convenio\/inserta\/favorecer\/inclusion\/laboral\/mujeres\/discapacidad&amp;ct=ga&amp;cd=CAEYACoUMTczNjg4NjU3NDc4MDQxNjc4NTkyGzlhYjFjZGQ3ZTM2NmVmMzg6ZXM6ZXM6RVM6Ug&amp;usg=AOvVaw2lFsiDPLhRIZRz30elwPIN\" target=\"_blank\" rel=\"noopener\" data-saferedirecturl=\"https:\/\/www.google.com\/url?q=https:\/\/www.google.com\/url?rct%3Dj%26sa%3Dt%26url%3Dhttps:\/\/www.juntadeandalucia.es\/presidencia\/portavoz\/195812\/loles\/lopez\/firma\/convenio\/inserta\/favorecer\/inclusion\/laboral\/mujeres\/discapacidad%26ct%3Dga%26cd%3DCAEYACoUMTczNjg4NjU3NDc4MDQxNjc4NTkyGzlhYjFjZGQ3ZTM2NmVmMzg6ZXM6ZXM6RVM6Ug%26usg%3DAOvVaw2lFsiDPLhRIZRz30elwPIN&amp;source=gmail&amp;ust=1722321974920000&amp;usg=AOvVaw1hHm8c8cJ4ZRsFfYy-J87W\">La directora del IAM firma un convenio con Inserta Empleo para favorecer la inclusi\u00f3n laboral de las mujeres con discapacidad&#8230; &#8211;\u00a0<\/a><a>Junta de Andaluc\u00eda<br \/>\n<\/a><a href=\"https:\/\/www.google.com\/url?rct=j&amp;sa=t&amp;url=https:\/\/www.tribunadeandalucia.es\/vanessa-munoz-presidenta-empresarias-sevillanas-la-vida-de-la-mujer-empresaria-esta-llena-de-renuncias\/&amp;ct=ga&amp;cd=CAEYACoTMTg4OTY1NDg5MDk1NzY0NTU4NjIZZDc4ZTU4NzVhMGYxZjJhYzplczplczpFUw&amp;usg=AOvVaw0NbCv0wwIMLOD5TBXc5ckR\" target=\"_blank\" rel=\"noopener\" data-saferedirecturl=\"https:\/\/www.google.com\/url?q=https:\/\/www.google.com\/url?rct%3Dj%26sa%3Dt%26url%3Dhttps:\/\/www.tribunadeandalucia.es\/vanessa-munoz-presidenta-empresarias-sevillanas-la-vida-de-la-mujer-empresaria-esta-llena-de-renuncias\/%26ct%3Dga%26cd%3DCAEYACoTMTg4OTY1NDg5MDk1NzY0NTU4NjIZZDc4ZTU4NzVhMGYxZjJhYzplczplczpFUw%26usg%3DAOvVaw0NbCv0wwIMLOD5TBXc5ckR&amp;source=gmail&amp;ust=1722611981938000&amp;usg=AOvVaw1dvJ7EGUv19mN5Rkg9tzKp\">Vanessa Mu\u00f1oz (Presidenta Empresarias Sevillanas): \u201cLa vida de la mujer &#8230; &#8211;\u00a0<\/a><a>Tribuna de Andaluc\u00eda<br \/>\n<\/a><a href=\"https:\/\/www.google.com\/url?rct=j&amp;sa=t&amp;url=http:\/\/www.uco.es\/vidauniversitaria\/igualdad\/novedades-calidad\/285-herramienta-para-realizar-el-diagnostico-de-empresas-en-materia-de-igualdad&amp;ct=ga&amp;cd=CAEYACoUMTAxMzYyNzIzODU4NDE5MDU3OTUyGzlhYjFjZGQ3ZTM2NmVmMzg6ZXM6ZXM6RVM6Ug&amp;usg=AOvVaw0empdvGW07EdlNpbecQqrY\" target=\"_blank\" rel=\"noopener\" data-saferedirecturl=\"https:\/\/www.google.com\/url?q=https:\/\/www.google.com\/url?rct%3Dj%26sa%3Dt%26url%3Dhttp:\/\/www.uco.es\/vidauniversitaria\/igualdad\/novedades-calidad\/285-herramienta-para-realizar-el-diagnostico-de-empresas-en-materia-de-igualdad%26ct%3Dga%26cd%3DCAEYACoUMTAxMzYyNzIzODU4NDE5MDU3OTUyGzlhYjFjZGQ3ZTM2NmVmMzg6ZXM6ZXM6RVM6Ug%26usg%3DAOvVaw0empdvGW07EdlNpbecQqrY&amp;source=gmail&amp;ust=1722611983195000&amp;usg=AOvVaw0AbNlecjFB1XgmqdUDOgV3\">Herramienta para realizar el \u201cDiagn\u00f3stico de Empresas en Materia de Igualdad\u201d &#8211;\u00a0<\/a><a>UCO<br \/>\n<\/a><a class=\"title\" href=\"https:\/\/www.msn.com\/es-es\/dinero\/other\/andaluc%C3%ADa-lidera-la-bajada-del-paro-en-espa%C3%B1a-en-julio-con-15-965-desempleados-menos\/ar-BB1r4xaG?ocid=BingNewsVerp\" target=\"_blank\" rel=\"noopener\" data-artpy=\"0\" data-author=\"eldiario.es on MSN\">Andaluc\u00eda lidera la bajada del paro en Espa\u00f1a en julio con 15.965 desempleados menos<\/a>-eldiario<a><br \/>\n<\/a><\/p>\n<p><strong>Actualidad<br \/>\n<\/strong><a class=\"title\" href=\"https:\/\/www.elperiodico.com\/es\/politica\/20240801\/maria-gamez-archivarse-caso-marido-106362091\" target=\"_blank\" rel=\"noopener\" data-artpy=\"0\" data-author=\"El Peri\u00f3dico\">Mar\u00eda G\u00e1mez, tras archivarse el caso de su marido: \u00abEl da\u00f1o no tendr\u00e1 jam\u00e1s reparaci\u00f3n posible\u00bb<\/a>-elperiodico<strong><br \/>\n<\/strong><a href=\"https:\/\/www.google.com\/url?rct=j&amp;sa=t&amp;url=https:\/\/www.elcorreoweb.es\/economia\/2024\/07\/29\/igualdad-pueblos-pasa-digital-habia-103752482.html&amp;ct=ga&amp;cd=CAEYACoUMTEyMjA3MTQyMTgxODE0NjUwMzUyGWQ3OGU1ODc1YTBmMWYyYWM6ZXM6ZXM6RVM&amp;usg=AOvVaw1bmp797ig3iYL1ighSyVoj\" target=\"_blank\" rel=\"noopener\" data-saferedirecturl=\"https:\/\/www.google.com\/url?q=https:\/\/www.google.com\/url?rct%3Dj%26sa%3Dt%26url%3Dhttps:\/\/www.elcorreoweb.es\/economia\/2024\/07\/29\/igualdad-pueblos-pasa-digital-habia-103752482.html%26ct%3Dga%26cd%3DCAEYACoUMTEyMjA3MTQyMTgxODE0NjUwMzUyGWQ3OGU1ODc1YTBmMWYyYWM6ZXM6ZXM6RVM%26usg%3DAOvVaw1bmp797ig3iYL1ighSyVoj&amp;source=gmail&amp;ust=1722323648910000&amp;usg=AOvVaw33-dvay3vWK7qqxsFVwves\">La igualdad en los pueblos pasa por lo digital: \u00abHab\u00eda mujeres que no sab\u00edan ni encender &#8230;-\u00a0<\/a><a>El Correo de Andaluc\u00eda<br \/>\n<\/a><a class=\"title\" href=\"https:\/\/www.diariodesevilla.es\/andalucia\/5-andaluces-pedido-ano-ayuda_0_2002085087.html\" target=\"_blank\" rel=\"noopener\" data-artpy=\"0\" data-author=\"Diario de Sevilla\">Un 5% de los andaluces ha pedido este a\u00f1o ayuda para la atenci\u00f3n a la dependencia<\/a>-diariodesevilla<a><br \/>\n<\/a><\/p>\n<p><strong>Violencias<br \/>\n<\/strong><a href=\"https:\/\/www.google.com\/url?rct=j&amp;sa=t&amp;url=https:\/\/www.lavanguardia.com\/local\/sevilla\/20240728\/9834745\/ciberviolencia-centrara-xv-congreso-internacional-estudio-violencia-mujeres-andalucia-agenciaslv20240728.html&amp;ct=ga&amp;cd=CAEYBioUMTQ4OTA3MjE4MzEyMzUyNDA4MTcyGWUyZGVmYTdkNWRhOTE1N2Q6ZXM6ZXM6RVM&amp;usg=AOvVaw0xm5vDb42oljpVFBpB0k3g\" target=\"_blank\" rel=\"noopener\" data-saferedirecturl=\"https:\/\/www.google.com\/url?q=https:\/\/www.google.com\/url?rct%3Dj%26sa%3Dt%26url%3Dhttps:\/\/www.lavanguardia.com\/local\/sevilla\/20240728\/9834745\/ciberviolencia-centrara-xv-congreso-internacional-estudio-violencia-mujeres-andalucia-agenciaslv20240728.html%26ct%3Dga%26cd%3DCAEYBioUMTQ4OTA3MjE4MzEyMzUyNDA4MTcyGWUyZGVmYTdkNWRhOTE1N2Q6ZXM6ZXM6RVM%26usg%3DAOvVaw0xm5vDb42oljpVFBpB0k3g&amp;source=gmail&amp;ust=1722336691239000&amp;usg=AOvVaw1_42xHE3E7l-Pz9go459WX\">La ciberviolencia centrar\u00e1 el XV Congreso Internacional para el Estudio de la\u00a0Violencia &#8230;-<\/a><a>La Vanguardia<br \/>\n<\/a><a class=\"title\" href=\"https:\/\/www.ideal.es\/almeria\/almeria\/victimas-trata-migrantes-mayoria-mujeres-fines-explotacion-20240729115752-nt.html\" target=\"_blank\" rel=\"noopener\" data-artpy=\"0\" data-author=\"ideal\">El 96% de las v\u00edctimas de trata son migrantes, en su mayor\u00eda mujeres con fines de explotaci\u00f3n sexual y laboral<\/a>-elideal<a><br \/>\n<\/a><a class=\"title\" href=\"https:\/\/www.ondacero.es\/emisoras\/andalucia\/granada\/audios-podcast\/mas-de-uno\/loreto-mendoza-que-que-cada-muerte-hay-400-mujeres-que-sufren-algun-tipo-discapacidad-grave_2024073066a8d6c68ec920000146fd59.html\" target=\"_blank\" rel=\"noopener\" data-artpy=\"0\" data-author=\"ondacero.es\">Loreto Mendoza: \u00abLo que no se ve es que, por cada muerte, hay 400 mujeres que sufren alg\u00fan tipo de discapacidad grave\u201d<\/a>-ondacero<br \/>\n<a href=\"https:\/\/www.google.com\/url?rct=j&amp;sa=t&amp;url=https:\/\/www.condavision.es\/un-telefono-para-todas-nueva-campana-contra-la-violencia-de-genero\/&amp;ct=ga&amp;cd=CAEYAioUMTMzNTE0ODkzNDcyNjUwMDcwMTAyGzlhYjFjZGQ3ZTM2NmVmMzg6ZXM6ZXM6RVM6Ug&amp;usg=AOvVaw09ePyhkFZk-78hihlAr_DL\" target=\"_blank\" rel=\"noopener\" data-saferedirecturl=\"https:\/\/www.google.com\/url?q=https:\/\/www.google.com\/url?rct%3Dj%26sa%3Dt%26url%3Dhttps:\/\/www.condavision.es\/un-telefono-para-todas-nueva-campana-contra-la-violencia-de-genero\/%26ct%3Dga%26cd%3DCAEYAioUMTMzNTE0ODkzNDcyNjUwMDcwMTAyGzlhYjFjZGQ3ZTM2NmVmMzg6ZXM6ZXM6RVM6Ug%26usg%3DAOvVaw09ePyhkFZk-78hihlAr_DL&amp;source=gmail&amp;ust=1722703620974000&amp;usg=AOvVaw28E9RdYJnE-iWnwYLFnFe6\">&#8216;Un tel\u00e9fono para todas&#8217;, nueva campa\u00f1a contra la violencia de g\u00e9nero &#8211;\u00a0<\/a><a>Condavisi\u00f3n<\/a><\/p>\n<p><b>Ciencia y Cultura<br \/>\n<\/b><a class=\"title\" href=\"https:\/\/www.abc.es\/sevilla\/cultura\/patricia-guerrero-ballet-andalucia-deberia-insignia-flamenco-20240802193837-nts.html\" target=\"_blank\" rel=\"noopener\" data-artpy=\"0\" data-author=\"ABC\">Patricia Guerrero: \u00abEl Ballet de Andaluc\u00eda deber\u00eda ser la insignia del flamenco\u00bb<\/a>-abc<b><br \/>\n<\/b><a href=\"https:\/\/www.google.com\/url?rct=j&amp;sa=t&amp;url=https:\/\/www.europapress.es\/esandalucia\/sevilla\/noticia-iam-lanza-verano-letras-mujer-guia-75-propuestas-literarias-dar-visibilidad-escritoras-20240727111555.html&amp;ct=ga&amp;cd=CAEYACoUMTYyODE1MDAyNTk5MDc3NDU3MDEyGzlhYjFjZGQ3ZTM2NmVmMzg6ZXM6ZXM6RVM6Ug&amp;usg=AOvVaw15dCoF4K72QTiTOXvTwJ2L\" target=\"_blank\" rel=\"noopener\" data-saferedirecturl=\"https:\/\/www.google.com\/url?q=https:\/\/www.google.com\/url?rct%3Dj%26sa%3Dt%26url%3Dhttps:\/\/www.europapress.es\/esandalucia\/sevilla\/noticia-iam-lanza-verano-letras-mujer-guia-75-propuestas-literarias-dar-visibilidad-escritoras-20240727111555.html%26ct%3Dga%26cd%3DCAEYACoUMTYyODE1MDAyNTk5MDc3NDU3MDEyGzlhYjFjZGQ3ZTM2NmVmMzg6ZXM6ZXM6RVM6Ug%26usg%3DAOvVaw15dCoF4K72QTiTOXvTwJ2L&amp;source=gmail&amp;ust=1722321975807000&amp;usg=AOvVaw3qPWm4en2pFxMnodvvzKfc\">El IAM lanza &#8216;Un verano con letras de\u00a0mujer&#8217;, una gu\u00eda de 75 propuestas literarias para dar &#8230;-\u00a0<\/a><a>Europa Press<br \/>\n<\/a><a class=\"title\" href=\"https:\/\/www.abc.es\/espana\/andalucia\/cordoba\/pompeya-cordobesa-gran-yacimiento-romano-puedes-visitar-20240729113828-nts.html\" target=\"_blank\" rel=\"noopener\" data-artpy=\"0\" data-author=\"ABC\">La &#8216;Pompeya cordobesa&#8217;, el gran yacimiento romano que puedes visitar por dos euros<\/a>-abc<br \/>\n<a class=\"title\" href=\"https:\/\/www.msn.com\/es-es\/entretenimiento\/musica\/m%C3%A1sja%C3%A9n-el-56%C2%BA-festival-de-arte-flamenco-de-pegalajar-rendir%C3%A1-homenaje-a-la-mujer\/ar-BB1r1y2G?ocid=BingNewsVerp\" target=\"_blank\" rel=\"noopener\" data-artpy=\"0\" data-author=\"Europa Press on MSN\">El 56\u00ba Festival de Arte Flamenco de Pegalajar rendir\u00e1 homenaje a la mujer-\u00a0<\/a>europapress<br \/>\n\u00c7<a class=\"title\" href=\"https:\/\/www.msn.com\/es-es\/estilo\/hogar-y-jardin\/sonia-lekuona-la-artesana-de-un-pueblo-malague%C3%B1o-que-reinterpreta-la-esparter%C3%ADa\/ar-BB1r4dJD?ocid=BingNewsVerp\" target=\"_blank\" rel=\"noopener\" data-artpy=\"0\" data-author=\"Elle Decor Espa\u00f1a on MSN\">Sonia Lekuona, la artesana de un pueblo malague\u00f1o que reinterpreta la esparter\u00eda<\/a>-ElleDecor<br \/>\n<a class=\"title\" href=\"https:\/\/www.europapress.es\/andalucia\/noticia-ciclo-1001-musicas-granada-cierra-julio-excelente-conciertos-diana-krall-simple-minds-20240802172423.html\" target=\"_blank\" rel=\"noopener\" data-artpy=\"0\" data-author=\"Europa Press\">El ciclo &#8216;1001 M\u00fasicas&#8217; de Granada cierra un julio \u00abexcelente\u00bb con los conciertos de Diana Krall y Simple Minds<\/a>-europapress<br \/>\n<a class=\"title\" href=\"https:\/\/www.cordobabn.com\/articulo\/cordoba\/xix-muestra-cine-social-recibe-156-peliculas-procedentes-36-paises\/20240802122709200774.html\" target=\"_blank\" rel=\"noopener\" data-artpy=\"0\" data-author=\"C\u00f3rdoba Buenas Noticias\">La XIX Muestra de Cine Social recibe 156 pel\u00edculas procedentes de 36 pa\u00edses<\/a>-cordobanoticias<\/p>\n<p><strong>Deporte<br \/>\n<\/strong><a class=\"title\" href=\"https:\/\/www.msn.com\/es-es\/deportes\/other\/mar%C3%ADa-p%C3%A9rez-logra-una-plata-%C3%A9pica-en-20-km-marcha\/ar-BB1r0LJK?ocid=BingNewsVerp\" target=\"_blank\" rel=\"noopener\" data-artpy=\"0\" data-author=\"Sport on MSN\">Mar\u00eda P\u00e9rez logra una plata \u00e9pica en 20 km marcha<\/a>-marca<\/p>\n<\/div>\n<\/div>\n<\/div>\n<\/div>\n<div id=\"\" class=\"lsow-panel lsow-active\">\n<h1 class=\"lsow-panel-title\">Estado<\/h1>\n<div class=\"lsow-panel-content\">\n<p><strong>Institucional<br \/>\n<\/strong><a href=\"https:\/\/www.google.com\/url?rct=j&amp;sa=t&amp;url=https:\/\/www.elespanol.com\/espana\/politica\/20240728\/llega-ley-paridad-mujeres-cupula-militar-judicial\/873412959_0.html&amp;ct=ga&amp;cd=CAEYACoSNjM0NjQ2NTA0NDYxMzA5NTMyMhljMDM3MmViYzJmZWFkYTU5OmVzOmVzOkVT&amp;usg=AOvVaw39FbFHO39X6F8uAhbgkvXS\" target=\"_blank\" rel=\"noopener\" data-saferedirecturl=\"https:\/\/www.google.com\/url?q=https:\/\/www.google.com\/url?rct%3Dj%26sa%3Dt%26url%3Dhttps:\/\/www.elespanol.com\/espana\/politica\/20240728\/llega-ley-paridad-mujeres-cupula-militar-judicial\/873412959_0.html%26ct%3Dga%26cd%3DCAEYACoSNjM0NjQ2NTA0NDYxMzA5NTMyMhljMDM3MmViYzJmZWFkYTU5OmVzOmVzOkVT%26usg%3DAOvVaw39FbFHO39X6F8uAhbgkvXS&amp;source=gmail&amp;ust=1722321970019000&amp;usg=AOvVaw10WS1J2FExgWqOwLoH5rWe\">Llega la Ley de Paridad: habr\u00e1 al menos un 40% de\u00a0mujeres tambi\u00e9n en la c\u00fapula militar y judicial-\u00a0<\/a><a>El Espa\u00f1ol<br \/>\n<\/a><a class=\"title\" href=\"https:\/\/www.marca.com\/tiramillas\/actualidad\/2024\/07\/28\/66a65cbd268e3e7c788b458b.html\" target=\"_blank\" rel=\"noopener\" data-artpy=\"0\" data-author=\"MARCA\">M\u00f3nica Garc\u00eda alza la voz contra la privatizaci\u00f3n de la sanidad: \u00abHay personas y empresas que se aprovechan de la salud de otras\u00bb<\/a>-marca<a><br \/>\n<\/a><a class=\"title\" href=\"https:\/\/www.elplural.com\/politica\/espana\/cgpj-vota-martes-proximo-presidente-tres-son-favoritos-cargo_334460102\" target=\"_blank\" rel=\"noopener\" data-artpy=\"0\" data-author=\"Elplural.com\">El CGPJ vota este martes a su pr\u00f3ximo presidente: Tres son los favoritos para el cargo<\/a>-elplural<a><br \/>\n<\/a><\/p>\n<p><strong>Institucional &#8211; CCAA<br \/>\n<\/strong><a href=\"https:\/\/www.google.com\/url?rct=j&amp;sa=t&amp;url=https:\/\/www.businessinsider.es\/comunidad-autonoma-perfecta-mujer-emprendedora-1369254&amp;ct=ga&amp;cd=CAEYAyoUMTcwMDQwODY1MzM5MDk4OTE5MDkyGWMwMzcyZWJjMmZlYWRhNTk6ZXM6ZXM6RVM&amp;usg=AOvVaw3wmVLVxy2IYyXEQSFAVCL0\" target=\"_blank\" rel=\"noopener\" data-saferedirecturl=\"https:\/\/www.google.com\/url?q=https:\/\/www.google.com\/url?rct%3Dj%26sa%3Dt%26url%3Dhttps:\/\/www.businessinsider.es\/comunidad-autonoma-perfecta-mujer-emprendedora-1369254%26ct%3Dga%26cd%3DCAEYAyoUMTcwMDQwODY1MzM5MDk4OTE5MDkyGWMwMzcyZWJjMmZlYWRhNTk6ZXM6ZXM6RVM%26usg%3DAOvVaw3wmVLVxy2IYyXEQSFAVCL0&amp;source=gmail&amp;ust=1722321970051000&amp;usg=AOvVaw0IWVPy4cAORLIswzA5SN5y\">La comunidad aut\u00f3noma perfecta si eres mujer emprendedora &#8211;\u00a0<\/a><a>Business Insider Espa\u00f1a<br \/>\n<\/a><a href=\"https:\/\/www.google.com\/url?rct=j&amp;sa=t&amp;url=https:\/\/www.eldiario.es\/castilla-la-mancha\/social\/protocolo-refuerza-proteccion-empleadas-victimas-violencia-genero-junta-castilla-mancha_1_11555248.html&amp;ct=ga&amp;cd=CAEYACoTOTc5NDA3NDI5NDQwNDI1OTE4OTIZNTlkNzgxNzEzNmEyZDAyODplczplczpFUw&amp;usg=AOvVaw2B_XzO3erG7M1u7qNpd7F2\" target=\"_blank\" rel=\"noopener\" data-saferedirecturl=\"https:\/\/www.google.com\/url?q=https:\/\/www.google.com\/url?rct%3Dj%26sa%3Dt%26url%3Dhttps:\/\/www.eldiario.es\/castilla-la-mancha\/social\/protocolo-refuerza-proteccion-empleadas-victimas-violencia-genero-junta-castilla-mancha_1_11555248.html%26ct%3Dga%26cd%3DCAEYACoTOTc5NDA3NDI5NDQwNDI1OTE4OTIZNTlkNzgxNzEzNmEyZDAyODplczplczpFUw%26usg%3DAOvVaw2B_XzO3erG7M1u7qNpd7F2&amp;source=gmail&amp;ust=1722331123138000&amp;usg=AOvVaw230EntKLCU57cjd59Y_vKe\">Un protocolo refuerza la protecci\u00f3n a las empleadas v\u00edctimas de violencia de\u00a0g\u00e9nero de la Junta de Castilla La-Mancha &#8230; &#8211;\u00a0<\/a><a>El Diario<br \/>\n<\/a><a class=\"title\" href=\"https:\/\/www.eldiario.es\/euskadi\/eldiariobrands-euskadi\/turismo\/fotografia-comercio-euskadi-mayoria-mujeres-vez-asalariados-micropymes_1_11550608.html\" target=\"_blank\" rel=\"noopener\" data-artpy=\"0\" data-author=\"eldiario.es\">La fotograf\u00eda del comercio en Euskadi: mayor\u00eda de mujeres, cada vez m\u00e1s asalariados y sobre todo micropymes<\/a>-eldiario<br \/>\n<a href=\"https:\/\/www.google.com\/url?rct=j&amp;sa=t&amp;url=https:\/\/www.diariodefuerteventura.com\/noticia\/el-cabildo-lanza-crea-tu-videojuego-para-fomentar-la-igualdad-de-g%25C3%25A9nero-en-el-sector&amp;ct=ga&amp;cd=CAEYACoUMTI5NDY1NDEyNDMxNDAxNzQwNDYyGWUxZTc3ZDE1NjA5OGE4ZTM6ZXM6ZXM6RVM&amp;usg=AOvVaw2woa3U1_9DsModEeBuIPGl\" target=\"_blank\" rel=\"noopener\" data-saferedirecturl=\"https:\/\/www.google.com\/url?q=https:\/\/www.google.com\/url?rct%3Dj%26sa%3Dt%26url%3Dhttps:\/\/www.diariodefuerteventura.com\/noticia\/el-cabildo-lanza-crea-tu-videojuego-para-fomentar-la-igualdad-de-g%2525C3%2525A9nero-en-el-sector%26ct%3Dga%26cd%3DCAEYACoUMTI5NDY1NDEyNDMxNDAxNzQwNDYyGWUxZTc3ZDE1NjA5OGE4ZTM6ZXM6ZXM6RVM%26usg%3DAOvVaw2woa3U1_9DsModEeBuIPGl&amp;source=gmail&amp;ust=1722337845570000&amp;usg=AOvVaw3nH41G_ALq2iIYAxYLSj3_\">El Cabildo lanza &#8216;Crea tu videojuego&#8217; para fomentar la igualdad de g\u00e9nero en el sector tecnol\u00f3gico-\u00a0<\/a><a>Diario de Fuerteventura<\/a><strong><br \/>\n<\/strong><a class=\"title\" href=\"https:\/\/www.msn.com\/es-es\/noticias\/espana\/un-total-de-22-empresas-murcianas-han-obtenido-el-distintivo-de-igualdad-de-la-regi%C3%B3n-de-murcia\/ar-BB1qTCEB?ocid=BingNewsVerp\" target=\"_blank\" rel=\"noopener\" data-artpy=\"0\" data-author=\"Europa Press on MSN\">Un total de 22 empresas murcianas han obtenido el Distintivo de Igualdad de la Regi\u00f3n de Murcia<\/a>-europapress<br \/>\n<a class=\"title\" href=\"https:\/\/www.noticiasde.es\/castilla-y-leon\/el-vi-festival-de-mujeres-creadoras-de-castilla-y-leon-tiene-como-protagonistas-a-las-abuelas-y-los-cuentos\/\" target=\"_blank\" rel=\"noopener\" data-artpy=\"0\" data-author=\"noticiasde\">El VI Festival de Mujeres Creadoras de Castilla y Le\u00f3n tiene como protagonistas a las abuelas y los cuentos<\/a>-noticiasde<strong><br \/>\n<\/strong><\/p>\n<p><strong>Econom\u00eda y Empresa<br \/>\n<\/strong><a class=\"title\" href=\"https:\/\/www.economiadigital.es\/empresas\/cotizadas-espanolas-mujeres.html\" target=\"_blank\" rel=\"noopener\" data-artpy=\"0\" data-author=\"Econom\u00eda Digital\">Las cotizadas espa\u00f1olas deber\u00e1n dar preferencia a las mujeres en la selecci\u00f3n de sus consejeros<\/a>-economiadigital<strong><br \/>\n<\/strong><a class=\"title\" href=\"https:\/\/www.mujerhoy.com\/womennow\/noticias\/bettina-karsch-recursos-humanos-cepsa-proposito-relevante-jovenes-20240729120402-nt.html\" target=\"_blank\" rel=\"noopener\" data-artpy=\"0\" data-author=\"Mujerhoy\">Bettina Karsch: \u00abEl prop\u00f3sito es muy relevante para los j\u00f3venes y Cepsa est\u00e1 en un momento id\u00f3neo para entusiasmarlos\u00bb<\/a>-mujerhoy<br \/>\n<a class=\"title\" href=\"https:\/\/elpais.com\/planeta-futuro\/2024-08-01\/susana-arrechea-premio-princesa-de-girona-algunos-prefieren-estar-sin-luz-a-que-las-mujeres-lideren-el-proyecto.html\" target=\"_blank\" rel=\"noopener\" data-artpy=\"0\" data-author=\"EL PA\u00cdS\">Susana Arrechea, premio Princesa de Girona: \u201cAlgunos prefieren estar sin luz a que las mujeres lideren el proyecto\u201d<\/a>-elpais<br \/>\n<a class=\"title\" href=\"https:\/\/theobjective.com\/economia\/2024-08-02\/seis-mujeres-admirar-brecha-genero-emprendimiento\/\" target=\"_blank\" rel=\"noopener\" data-artpy=\"0\" data-author=\"The Objective\">Seis mujeres a las que admirar para romper la brecha de g\u00e9nero en el emprendimiento<\/a>-theobjective<br \/>\n<a href=\"https:\/\/www.google.com\/url?rct=j&amp;sa=t&amp;url=https:\/\/www.infobae.com\/espana\/agencias\/2024\/07\/30\/el-instituto-de-las-mujeres-denuncia-las-condiciones-de-trabajo-de-las-camareras-de-piso\/&amp;ct=ga&amp;cd=CAEYACoTOTYzMzg4NzEzODI5MzE4NjQ0NDIZYzAzNzJlYmMyZmVhZGE1OTplczplczpFUw&amp;usg=AOvVaw3o2soqhhUT7Fy98NrszwuZ\" target=\"_blank\" rel=\"noopener\" data-saferedirecturl=\"https:\/\/www.google.com\/url?q=https:\/\/www.google.com\/url?rct%3Dj%26sa%3Dt%26url%3Dhttps:\/\/www.infobae.com\/espana\/agencias\/2024\/07\/30\/el-instituto-de-las-mujeres-denuncia-las-condiciones-de-trabajo-de-las-camareras-de-piso\/%26ct%3Dga%26cd%3DCAEYACoTOTYzMzg4NzEzODI5MzE4NjQ0NDIZYzAzNzJlYmMyZmVhZGE1OTplczplczpFUw%26usg%3DAOvVaw3o2soqhhUT7Fy98NrszwuZ&amp;source=gmail&amp;ust=1722435235700000&amp;usg=AOvVaw2kFxMCZWy4zXRL7h8Fsxbb\">El\u00a0Instituto\u00a0de las\u00a0Mujeres denuncia las condiciones de trabajo de las camareras de piso-\u00a0<\/a><a>Infobae<br \/>\n<\/a><a class=\"title\" href=\"https:\/\/www.msn.com\/es-es\/salud\/other\/women-leaders-in-healthcare-constituye-su-comit%C3%A9-de-expertas-con-nueve-mujeres-del-sector-de-la-salud\/ar-BB1qT5Dj?ocid=BingNewsVerp\" target=\"_blank\" rel=\"noopener\" data-artpy=\"0\" data-author=\"Europa Press on MSN\">Women Leaders in Healthcare constituye su comit\u00e9 de expertas con nueve mujeres del sector de la salud<\/a>-europapress<br \/>\n<a class=\"title\" href=\"https:\/\/www.msn.com\/es-es\/dinero\/other\/as%C3%AD-es-el-s%C3%ADndrome-de-la-abeja-reina-mujeres-t%C3%B3xicas-en-el-trabajo\/ar-BB1qSkEo?ocid=BingNewsVerp\" target=\"_blank\" rel=\"noopener\" data-artpy=\"0\" data-author=\"noticiastrabajo.huffingtonpost on MSN\">As\u00ed es el S\u00edndrome de la abeja reina: mujeres t\u00f3xicas en el trabajo<\/a>-noticiasdetrabajo<br \/>\n<a class=\"title\" href=\"https:\/\/www.msn.com\/es-es\/dinero\/other\/el-sepe-pone-en-marcha-5-ayudas-para-mujeres-desempleadas-mayores-de-45-a%C3%B1os\/ar-BB1r1Dal?ocid=BingNewsVerp\" target=\"_blank\" rel=\"noopener\" data-artpy=\"0\" data-author=\"La Raz\u00f3n Digital on MSN\">El SEPE pone en marcha 5 ayudas para mujeres desempleadas mayores de 45 a\u00f1os<\/a>-larazon<br \/>\n<a class=\"title\" href=\"https:\/\/www.20minutos.es\/lainformacion\/economia-y-finanzas\/destruccion-empleo-ceba-julio-mujeres-62356-afiliadas-menos-5542337\/\" target=\"_blank\" rel=\"noopener\" data-artpy=\"0\" data-author=\"20 minutos\">La destrucci\u00f3n de empleo se ceba en julio con las mujeres con 62.356 afiliadas menos<\/a>-20minutos<\/p>\n<p><strong>Actualidad<br \/>\n<\/strong><a href=\"https:\/\/www.google.com\/url?rct=j&amp;sa=t&amp;url=https:\/\/www.eldiario.es\/sociedad\/justicia-igualdad-mujeres-son-mayoria-carrera-judicial-excepcion-cupulas_129_11559806.html&amp;ct=ga&amp;cd=CAEYBCoTNzEwMjE0MzkyNzMzMzgwNjgxMzIZYzAzNzJlYmMyZmVhZGE1OTplczplczpFUw&amp;usg=AOvVaw2kTZqgoir4rIXi-NCFM2s8\" target=\"_blank\" rel=\"noopener\" data-saferedirecturl=\"https:\/\/www.google.com\/url?q=https:\/\/www.google.com\/url?rct%3Dj%26sa%3Dt%26url%3Dhttps:\/\/www.eldiario.es\/sociedad\/justicia-igualdad-mujeres-son-mayoria-carrera-judicial-excepcion-cupulas_129_11559806.html%26ct%3Dga%26cd%3DCAEYBCoTNzEwMjE0MzkyNzMzMzgwNjgxMzIZYzAzNzJlYmMyZmVhZGE1OTplczplczpFUw%26usg%3DAOvVaw2kTZqgoir4rIXi-NCFM2s8&amp;source=gmail&amp;ust=1722611975071000&amp;usg=AOvVaw0F5uQFhSItsEFbsRUAm6oU\">Justicia sin igualdad: las\u00a0mujeres son mayor\u00eda en la carrera judicial pero la excepci\u00f3n en las c\u00fapulas-\u00a0<\/a><a>El Diario<br \/>\n<\/a><a href=\"https:\/\/www.google.com\/url?rct=j&amp;sa=t&amp;url=https:\/\/www.eldiario.es\/canariasahora\/sociedad\/kika-fumero-activista-feminista-no-derecho-aborto-precariza-mujeres-atenta-vidas_1_11553262.html&amp;ct=ga&amp;cd=CAEYBCoUMTcwMDQwODY1MzM5MDk4OTE5MDkyGWMwMzcyZWJjMmZlYWRhNTk6ZXM6ZXM6RVM&amp;usg=AOvVaw3tYRXkUl0_uhkSwYP455IX\" target=\"_blank\" rel=\"noopener\" data-saferedirecturl=\"https:\/\/www.google.com\/url?q=https:\/\/www.google.com\/url?rct%3Dj%26sa%3Dt%26url%3Dhttps:\/\/www.eldiario.es\/canariasahora\/sociedad\/kika-fumero-activista-feminista-no-derecho-aborto-precariza-mujeres-atenta-vidas_1_11553262.html%26ct%3Dga%26cd%3DCAEYBCoUMTcwMDQwODY1MzM5MDk4OTE5MDkyGWMwMzcyZWJjMmZlYWRhNTk6ZXM6ZXM6RVM%26usg%3DAOvVaw3tYRXkUl0_uhkSwYP455IX&amp;source=gmail&amp;ust=1722321970051000&amp;usg=AOvVaw0nWebJjkK19rHniGQd6I2R\">Kika Fumero, activista feminista: \u201cNo tener derecho al aborto precariza a las\u00a0mujeres y &#8230;-<\/a><a>El Diario<br \/>\n<\/a><a class=\"title\" href=\"https:\/\/www.20minutos.es\/mujer\/estar-bien\/recomendacion-medicos-prevenir-cancer-ovario-salud-5531331\/\" target=\"_blank\" rel=\"noopener\" data-artpy=\"0\" data-author=\"20 minutos\">La recomendaci\u00f3n m\u00e9dica a las mujeres para prevenir el c\u00e1ncer de ovario<\/a>-20minutos<strong><br \/>\n<\/strong><a class=\"title\" href=\"https:\/\/www.elsaltodiario.com\/derechos-reproductivos\/matronas-peligro-extincion\" target=\"_blank\" rel=\"noopener\" data-artpy=\"0\" data-author=\"elsaltodiario\">Matronas, en peligro de extinci\u00f3n<\/a>-elsaltodiario<br \/>\n<a class=\"title\" href=\"https:\/\/www.msn.com\/es-co\/entretenimiento\/other\/la-menopausia-ya-no-es-un-tab%C3%BA\/ar-BB1r5rxX?ocid=BingNewsVerp\" target=\"_blank\" rel=\"noopener\" data-artpy=\"0\" data-author=\"El Espectador on MSN\">La menopausia ya no es un tab\u00fa-\u00a0<\/a>elespectador<strong><br \/>\n<\/strong><\/p>\n<p><strong>Violencias<br \/>\n<\/strong><a href=\"https:\/\/www.google.com\/url?rct=j&amp;sa=t&amp;url=https:\/\/www.rtpa.es\/noticias-nacional:Casi-8.000-casos-de-violencia-de-genero-mas-con-seguimiento-policial-en-Espa%25C3%25B1a-que-hace-un-a%25C3%25B1o_111699356126.html&amp;ct=ga&amp;cd=CAEYAioUMTI5NDY1NDEyNDMxNDAxNzQwNDYyGWUxZTc3ZDE1NjA5OGE4ZTM6ZXM6ZXM6RVM&amp;usg=AOvVaw3d2v5r4c4JIK3Op8-dle51\" target=\"_blank\" rel=\"noopener\" data-saferedirecturl=\"https:\/\/www.google.com\/url?q=https:\/\/www.google.com\/url?rct%3Dj%26sa%3Dt%26url%3Dhttps:\/\/www.rtpa.es\/noticias-nacional:Casi-8.000-casos-de-violencia-de-genero-mas-con-seguimiento-policial-en-Espa%2525C3%2525B1a-que-hace-un-a%2525C3%2525B1o_111699356126.html%26ct%3Dga%26cd%3DCAEYAioUMTI5NDY1NDEyNDMxNDAxNzQwNDYyGWUxZTc3ZDE1NjA5OGE4ZTM6ZXM6ZXM6RVM%26usg%3DAOvVaw3d2v5r4c4JIK3Op8-dle51&amp;source=gmail&amp;ust=1722337845570000&amp;usg=AOvVaw3ZHD1K6JGseSUS0xEYdgx-\">Casi 8.000 casos de violencia de g\u00e9nero m\u00e1s con seguimiento policial en Espa\u00f1a que hace un a\u00f1o-\u00a0<\/a><a>RTPA<br \/>\n<\/a><a href=\"https:\/\/www.google.com\/url?rct=j&amp;sa=t&amp;url=https:\/\/www.elperiodico.com\/es\/sociedad\/20240730\/espana-violencia-genero-adolescentes-oms-106247678&amp;ct=ga&amp;cd=CAEYASoUMTM5OTU3NDQ2OTU3Nzg3MDkwNDgyGWUxZTc3ZDE1NjA5OGE4ZTM6ZXM6ZXM6RVM&amp;usg=AOvVaw07_M-Ub0jObVRq7cKmNOg9\" target=\"_blank\" rel=\"noopener\" data-saferedirecturl=\"https:\/\/www.google.com\/url?q=https:\/\/www.google.com\/url?rct%3Dj%26sa%3Dt%26url%3Dhttps:\/\/www.elperiodico.com\/es\/sociedad\/20240730\/espana-violencia-genero-adolescentes-oms-106247678%26ct%3Dga%26cd%3DCAEYASoUMTM5OTU3NDQ2OTU3Nzg3MDkwNDgyGWUxZTc3ZDE1NjA5OGE4ZTM6ZXM6ZXM6RVM%26usg%3DAOvVaw07_M-Ub0jObVRq7cKmNOg9&amp;source=gmail&amp;ust=1722435235193000&amp;usg=AOvVaw1JADr4BO0-XgR1goyz1DbW\">Espa\u00f1a, entre los pa\u00edses con menos\u00a0violencia de g\u00e9nero hacia ni\u00f1as pero donde crece el &#8230;-\u00a0<\/a><a>El Peri\u00f3dico<br \/>\n<\/a><a href=\"https:\/\/www.google.com\/url?rct=j&amp;sa=t&amp;url=https:\/\/www.marca.com\/ganamosjuntos\/2024\/08\/01\/66aa8a0746163fc6748b45f0.html&amp;ct=ga&amp;cd=CAEYACoUMTQ4MDcwNzkzNDE0Mzk0MTM4MTYyGWUyZGVmYTdkNWRhOTE1N2Q6ZXM6ZXM6RVM&amp;usg=AOvVaw0r1gUUNCRyjMx6Z46BgjHw\" target=\"_blank\" rel=\"noopener\" data-saferedirecturl=\"https:\/\/www.google.com\/url?q=https:\/\/www.google.com\/url?rct%3Dj%26sa%3Dt%26url%3Dhttps:\/\/www.marca.com\/ganamosjuntos\/2024\/08\/01\/66aa8a0746163fc6748b45f0.html%26ct%3Dga%26cd%3DCAEYACoUMTQ4MDcwNzkzNDE0Mzk0MTM4MTYyGWUyZGVmYTdkNWRhOTE1N2Q6ZXM6ZXM6RVM%26usg%3DAOvVaw0r1gUUNCRyjMx6Z46BgjHw&amp;source=gmail&amp;ust=1722613435022000&amp;usg=AOvVaw0OrKidfVY2Ebu82KfNL6hZ\">Ainhoa Azurmendi: \u00abLa\u00a0violencia contra la mujer en el deporte es un reflejo de lo que &#8230; &#8211;\u00a0<\/a><a>Marca<\/a><\/p>\n<p><strong>Ciencia y Cultura<br \/>\n<\/strong><a href=\"https:\/\/www.google.com\/url?rct=j&amp;sa=t&amp;url=https:\/\/www.nuevatribuna.es\/articulo\/sociedad\/concha-roldan-premio-isabel-bohemia-2024\/20240802111418229405.html&amp;ct=ga&amp;cd=CAEYDyoUMTUzNTI5MjcyMzAyMjY4MzAzODMyGWMwMzcyZWJjMmZlYWRhNTk6ZXM6ZXM6RVM&amp;usg=AOvVaw3N2nJAS2ZXS_MXu2WEcr6F\" target=\"_blank\" rel=\"noopener\" data-saferedirecturl=\"https:\/\/www.google.com\/url?q=https:\/\/www.google.com\/url?rct%3Dj%26sa%3Dt%26url%3Dhttps:\/\/www.nuevatribuna.es\/articulo\/sociedad\/concha-roldan-premio-isabel-bohemia-2024\/20240802111418229405.html%26ct%3Dga%26cd%3DCAEYDyoUMTUzNTI5MjcyMzAyMjY4MzAzODMyGWMwMzcyZWJjMmZlYWRhNTk6ZXM6ZXM6RVM%26usg%3DAOvVaw3N2nJAS2ZXS_MXu2WEcr6F&amp;source=gmail&amp;ust=1722699551752000&amp;usg=AOvVaw26nhSaMdI5zZBiuyzHIcpx\">Concha Rold\u00e1n, Premio Isabel de Bohemia 2024 &#8211;\u00a0<\/a><a>Nueva Tribuna<br \/>\n<\/a><a class=\"title\" href=\"https:\/\/diarioresponsable.com\/opinion\/37053-el-impacto-de-las-mujeres-en-la-innovacion-la-brecha-de-genero-en-las-carreras-stem-y-en-deep-tech\" target=\"_blank\" rel=\"noopener\" data-artpy=\"0\" data-author=\"Diario Responsable\">El impacto de las mujeres en la innovaci\u00f3n: la brecha de g\u00e9nero en las carreras STEM y en Deep Tech<\/a>-diarioresponsable<br \/>\n<a href=\"https:\/\/www.google.com\/url?rct=j&amp;sa=t&amp;url=https:\/\/www.corresponsables.com\/actualidad\/social\/fundacion-randstad-y-nestle-convocan-los-premios-diverstem-2024-para-fomentar-las-formaciones-cientifico-tecnicas-entre-las-mujeres\/&amp;ct=ga&amp;cd=CAEYACoTMjc1OTUzOTQxMjUzMjQwNDcxMzIbZTBmNTg2ODk3YjVmNzgzZTplczplczpFUzpM&amp;usg=AOvVaw2MZajcGbgfVJwDmZH_Ni9O\" target=\"_blank\" rel=\"noopener\" data-saferedirecturl=\"https:\/\/www.google.com\/url?q=https:\/\/www.google.com\/url?rct%3Dj%26sa%3Dt%26url%3Dhttps:\/\/www.corresponsables.com\/actualidad\/social\/fundacion-randstad-y-nestle-convocan-los-premios-diverstem-2024-para-fomentar-las-formaciones-cientifico-tecnicas-entre-las-mujeres\/%26ct%3Dga%26cd%3DCAEYACoTMjc1OTUzOTQxMjUzMjQwNDcxMzIbZTBmNTg2ODk3YjVmNzgzZTplczplczpFUzpM%26usg%3DAOvVaw2MZajcGbgfVJwDmZH_Ni9O&amp;source=gmail&amp;ust=1722611983157000&amp;usg=AOvVaw1o4UC2QiNebN8k00BBfBSR\">Fundaci\u00f3n Randstad y Nestl\u00e9 convocan los Premios DIVERStem 2024 para promover las &#8230;-\u00a0<\/a><a>Corresponsables<br \/>\n<\/a><a href=\"https:\/\/www.google.com\/url?rct=j&amp;sa=t&amp;url=https:\/\/www.teleprensa.com\/articulo\/nacional-3\/convocan-premios-ingenia-100-talento-divulgar-importancia-participacion-mujer-ingenieria\/202407311543051861080.html&amp;ct=ga&amp;cd=CAEYACoTODI2NDAwOTE1MjI0MzkzNDI2MDIZYzAzNzJlYmMyZmVhZGE1OTplczplczpFUw&amp;usg=AOvVaw0mGJ7c5FKHlprkV-XlExgL\" target=\"_blank\" rel=\"noopener\" data-saferedirecturl=\"https:\/\/www.google.com\/url?q=https:\/\/www.google.com\/url?rct%3Dj%26sa%3Dt%26url%3Dhttps:\/\/www.teleprensa.com\/articulo\/nacional-3\/convocan-premios-ingenia-100-talento-divulgar-importancia-participacion-mujer-ingenieria\/202407311543051861080.html%26ct%3Dga%26cd%3DCAEYACoTODI2NDAwOTE1MjI0MzkzNDI2MDIZYzAzNzJlYmMyZmVhZGE1OTplczplczpFUw%26usg%3DAOvVaw0mGJ7c5FKHlprkV-XlExgL&amp;source=gmail&amp;ust=1722611975127000&amp;usg=AOvVaw3u6ZkFZCwmU5bUIUISDKpT\">Convocan los Premios Ingenia 100% Talento para divulgar la importancia de la &#8230; &#8211;\u00a0<\/a><a>Teleprensa<br \/>\n<\/a><a class=\"title\" href=\"https:\/\/www.msn.com\/es-es\/entretenimiento\/musica\/delante-y-detr%C3%A1s-del-escenario-las-mujeres-encuentran-su-lugar-en-la-espa%C3%B1a-vaciada\/ar-BB1qgXen?ocid=BingNewsVerp\" target=\"_blank\" rel=\"noopener\" data-artpy=\"0\" data-author=\"Cadena SER on MSN\">Delante y detr\u00e1s del escenario, las mujeres encuentran su lugar en la Espa\u00f1a vaciada<\/a>-ser<br \/>\n<a class=\"title\" href=\"https:\/\/diariodeavisos.elespanol.com\/2024\/07\/mujeres-world-fest-un-21-de-septiembre-lleno-de-musica\/\" target=\"_blank\" rel=\"noopener\" data-artpy=\"0\" data-author=\"ESPA\u00d1OL\">Mujeres World Fest: un 21 de septiembre lleno de m\u00fasica<\/a>-espa\u00f1ol<br \/>\n<a class=\"title\" href=\"https:\/\/www.msn.com\/es-es\/entretenimiento\/other\/las-mujeres-traicionadas-de-puccini-vuelven-a-madrid-para-bailar\/ar-BB1r1G4V?ocid=BingNewsVerp\" target=\"_blank\" rel=\"noopener\" data-artpy=\"0\" data-author=\"ESPA\u00d1OL on MSN\">Las mujeres traicionadas de Puccini vuelven a Madrid para bailar<\/a>-elespa\u00f1ol<a><br \/>\n<\/a><\/p>\n<p><strong>Deporte<br \/>\n<\/strong><a href=\"https:\/\/www.google.com\/url?rct=j&amp;sa=t&amp;url=https:\/\/eldiariofeminista.info\/2024\/07\/29\/una-nueva-era-para-las-mujeres-en-el-deporte\/&amp;ct=ga&amp;cd=CAEYACoUMTgxOTAxODQ2NDUzMzUwODA2NDQyGWUyZGVmYTdkNWRhOTE1N2Q6ZXM6ZXM6RVM&amp;usg=AOvVaw0RyFbavT8SdfJFLlLkFXcM\" target=\"_blank\" rel=\"noopener\" data-saferedirecturl=\"https:\/\/www.google.com\/url?q=https:\/\/www.google.com\/url?rct%3Dj%26sa%3Dt%26url%3Dhttps:\/\/eldiariofeminista.info\/2024\/07\/29\/una-nueva-era-para-las-mujeres-en-el-deporte\/%26ct%3Dga%26cd%3DCAEYACoUMTgxOTAxODQ2NDUzMzUwODA2NDQyGWUyZGVmYTdkNWRhOTE1N2Q6ZXM6ZXM6RVM%26usg%3DAOvVaw0RyFbavT8SdfJFLlLkFXcM&amp;source=gmail&amp;ust=1722321974862000&amp;usg=AOvVaw2bDECnDh-eS2G6VrKRXaIj\">Una nueva era para las mujeres en el deporte &#8211;<\/a><a>Diario Feminista<br \/>\n<\/a><a href=\"https:\/\/www.google.com\/url?rct=j&amp;sa=t&amp;url=https:\/\/efeminista.com\/brecha-genero-liderazgo-deportivo\/&amp;ct=ga&amp;cd=CAEYBCoUMTU1Nzk2MDQ4MjcwNjc5Nzc3MjAyGTU5ZDc4MTcxMzZhMmQwMjg6ZXM6ZXM6RVM&amp;usg=AOvVaw11mtNMiQ-cVWPjQ73sUDTL\" target=\"_blank\" rel=\"noopener\" data-saferedirecturl=\"https:\/\/www.google.com\/url?q=https:\/\/www.google.com\/url?rct%3Dj%26sa%3Dt%26url%3Dhttps:\/\/efeminista.com\/brecha-genero-liderazgo-deportivo\/%26ct%3Dga%26cd%3DCAEYBCoUMTU1Nzk2MDQ4MjcwNjc5Nzc3MjAyGTU5ZDc4MTcxMzZhMmQwMjg6ZXM6ZXM6RVM%26usg%3DAOvVaw11mtNMiQ-cVWPjQ73sUDTL&amp;source=gmail&amp;ust=1722699551818000&amp;usg=AOvVaw1EI-KkXtlO3opyFHophabg\">As\u00ed es la brecha de\u00a0g\u00e9nero en el liderazgo deportivo &#8211;\u00a0<\/a><a>efeminista<\/a><\/p>\n<\/div>\n<\/div>\n<div id=\"\" class=\"lsow-panel lsow-active\">\n<h1 class=\"lsow-panel-title\">Internacional<\/h1>\n<div class=\"lsow-panel-content\">\n<p><a href=\"https:\/\/www.google.com\/url?rct=j&amp;sa=t&amp;url=https:\/\/es.euronews.com\/2024\/08\/01\/los-eurodiputados-hombre-sobrerrepresentados-en-varias-de-las-comisiones-de-la-eurocamara&amp;ct=ga&amp;cd=CAEYEioSMTAwOTc0MDEyNTQ1NjI4OTUwMhllMWU3N2QxNTYwOThhOGUzOmVzOmVzOkVT&amp;usg=AOvVaw1RzfNXVHT8OlJohGB_M0nj\" target=\"_blank\" rel=\"noopener\" data-saferedirecturl=\"https:\/\/www.google.com\/url?q=https:\/\/www.google.com\/url?rct%3Dj%26sa%3Dt%26url%3Dhttps:\/\/es.euronews.com\/2024\/08\/01\/los-eurodiputados-hombre-sobrerrepresentados-en-varias-de-las-comisiones-de-la-eurocamara%26ct%3Dga%26cd%3DCAEYEioSMTAwOTc0MDEyNTQ1NjI4OTUwMhllMWU3N2QxNTYwOThhOGUzOmVzOmVzOkVT%26usg%3DAOvVaw1RzfNXVHT8OlJohGB_M0nj&amp;source=gmail&amp;ust=1722699551933000&amp;usg=AOvVaw2GFEEtuBZ2PAnVN-Ti3CTJ\">Los hombres sobrerrepresentados en varias de las comisiones de la Euroc\u00e1mara-\u00a0<\/a><a>Euronews<br \/>\n<\/a><a href=\"https:\/\/www.google.com\/url?rct=j&amp;sa=t&amp;url=https:\/\/es.vietnamplus.vn\/mujeres-lideres-de-cooperativas-ocupan-lugar-central-en-cumbre-en-hanoi-post201682.vnp&amp;ct=ga&amp;cd=CAEYACoTNTIxNjk2MzY0MTMyNDQ4MDc1NDIZNTlkNzgxNzEzNmEyZDAyODplczplczpFUw&amp;usg=AOvVaw1T7YS9yGlKYN0ZlI_7jYXX\" target=\"_blank\" rel=\"noopener\" data-saferedirecturl=\"https:\/\/www.google.com\/url?q=https:\/\/www.google.com\/url?rct%3Dj%26sa%3Dt%26url%3Dhttps:\/\/es.vietnamplus.vn\/mujeres-lideres-de-cooperativas-ocupan-lugar-central-en-cumbre-en-hanoi-post201682.vnp%26ct%3Dga%26cd%3DCAEYACoTNTIxNjk2MzY0MTMyNDQ4MDc1NDIZNTlkNzgxNzEzNmEyZDAyODplczplczpFUw%26usg%3DAOvVaw1T7YS9yGlKYN0ZlI_7jYXX&amp;source=gmail&amp;ust=1722435231283000&amp;usg=AOvVaw0UubshQPiVGUJ54odSUlUK\">Mujeres l\u00edderes de cooperativas ocupan lugar central en cumbre en Hanoi &#8211;<\/a><a>Vietnam+<br \/>\n<\/a><a href=\"https:\/\/www.google.com\/url?rct=j&amp;sa=t&amp;url=https:\/\/noticiasdel6.com\/soberania-alimentaria-economia-biodiversidad-mujeres-y-jovenes-en-la-agenda-del-movimiento-agroecologico-latinoamericano-y-del-caribe\/&amp;ct=ga&amp;cd=CAEYACoTMjE5MTk5NzUzNDcxNTU5OTkyMzIbZTBmNTg2ODk3YjVmNzgzZTplczplczpFUzpM&amp;usg=AOvVaw0QlwN566V1IiAJtoKn7osn\" target=\"_blank\" rel=\"noopener\" data-saferedirecturl=\"https:\/\/www.google.com\/url?q=https:\/\/www.google.com\/url?rct%3Dj%26sa%3Dt%26url%3Dhttps:\/\/noticiasdel6.com\/soberania-alimentaria-economia-biodiversidad-mujeres-y-jovenes-en-la-agenda-del-movimiento-agroecologico-latinoamericano-y-del-caribe\/%26ct%3Dga%26cd%3DCAEYACoTMjE5MTk5NzUzNDcxNTU5OTkyMzIbZTBmNTg2ODk3YjVmNzgzZTplczplczpFUzpM%26usg%3DAOvVaw0QlwN566V1IiAJtoKn7osn&amp;source=gmail&amp;ust=1722321975875000&amp;usg=AOvVaw3KdnIu9tTaCcV-pgo0Huqn\">Soberan\u00eda alimentaria,\u00a0econom\u00eda, biodiversidad,\u00a0mujeres y j\u00f3venes en la agenda del &#8230;-\u00a0<\/a><a>Noticiasdel6.com<br \/>\n<\/a><a href=\"https:\/\/www.google.com\/url?rct=j&amp;sa=t&amp;url=https:\/\/www.huffingtonpost.es\/sociedad\/el-24-adolescentes-sufre-violencia-fisica-sexual-pareja-alerta-omsbr.html&amp;ct=ga&amp;cd=CAEYAyoUMTM4MzUwMTI0NjIzMTM3MjcxNTQyGWUyZGVmYTdkNWRhOTE1N2Q6ZXM6ZXM6RVM&amp;usg=AOvVaw0y5GiR4Zugsg0DPKB4RzDA\" target=\"_blank\" rel=\"noopener\" data-saferedirecturl=\"https:\/\/www.google.com\/url?q=https:\/\/www.google.com\/url?rct%3Dj%26sa%3Dt%26url%3Dhttps:\/\/www.huffingtonpost.es\/sociedad\/el-24-adolescentes-sufre-violencia-fisica-sexual-pareja-alerta-omsbr.html%26ct%3Dga%26cd%3DCAEYAyoUMTM4MzUwMTI0NjIzMTM3MjcxNTQyGWUyZGVmYTdkNWRhOTE1N2Q6ZXM6ZXM6RVM%26usg%3DAOvVaw0y5GiR4Zugsg0DPKB4RzDA&amp;source=gmail&amp;ust=1722435231075000&amp;usg=AOvVaw1rr1dg9WICnL0WMWH2pksP\">El 24 % de las adolescentes sufre\u00a0<b>v<\/b>iolencia f\u00edsica o sexual de su pareja, alerta la OMS-\u00a0<\/a><a>El HuffPost<br \/>\n<\/a><a href=\"https:\/\/www.google.com\/url?rct=j&amp;sa=t&amp;url=https:\/\/www.unesco.org\/es\/articles\/convocatoria-premio-loreal-unesco-2024-mujeres-en-la-ciencia&amp;ct=ga&amp;cd=CAEYACoUMTc0NjcyMTUxNjk1NzAwMzYwODUyGWMwMzcyZWJjMmZlYWRhNTk6ZXM6ZXM6RVM&amp;usg=AOvVaw0Z2tWmrTTWvwC7pXrzxHjv\" target=\"_blank\" rel=\"noopener\" data-saferedirecturl=\"https:\/\/www.google.com\/url?q=https:\/\/www.google.com\/url?rct%3Dj%26sa%3Dt%26url%3Dhttps:\/\/www.unesco.org\/es\/articles\/convocatoria-premio-loreal-unesco-2024-mujeres-en-la-ciencia%26ct%3Dga%26cd%3DCAEYACoUMTc0NjcyMTUxNjk1NzAwMzYwODUyGWMwMzcyZWJjMmZlYWRhNTk6ZXM6ZXM6RVM%26usg%3DAOvVaw0Z2tWmrTTWvwC7pXrzxHjv&amp;source=gmail&amp;ust=1722612197562000&amp;usg=AOvVaw0buRNkAa9znCxDeYieKoiq\">Convocatoria Premio L\u00b4Or\u00e9al UNESCO 2024 \u00abMujeres en la Ciencia\u00bb-\u00a0<\/a><a>UNESCO<br \/>\n<\/a><a class=\"title\" href=\"https:\/\/www.msn.com\/es-es\/entretenimiento\/noticias\/la-escritora-irlandesa-edna-o-brien-audaz-autora-de-m%C3%A1s-de-veinte-novelas-muere-a-los-93-a%C3%B1os\/ar-BB1qMZ59?ocid=BingNewsVerp\" target=\"_blank\" rel=\"noopener\" data-artpy=\"0\" data-author=\"Sport on MSN\">Muere a los 93 a\u00f1os la \u201cpol\u00e9mica y extravagante\u201d escritora irlandesa Edna O\u2019Brien<\/a>-sport<br \/>\n<a class=\"title\" href=\"https:\/\/elpais.com\/cultura\/2024-07-29\/la-revolucion-visual-con-pegamento-papel-y-tijeras-de-hannah-hoch.html\" target=\"_blank\" rel=\"noopener\" data-artpy=\"0\" data-author=\"EL PA\u00cdS\">La revoluci\u00f3n visual con pegamento, papel y tijeras de Hannah H\u00f6ch<\/a> &#8211; elpais<\/p>\n<\/div>\n<\/div>\n<\/div><\/div><\/div><\/div><\/div>\n","protected":false},"excerpt":{"rendered":"<p>Llega la Ley de Paridad: habr\u00e1 al menos un 40% de mujeres tambi\u00e9n en la c\u00fapula militar y judicial  *  Las cotizadas espa\u00f1olas deber\u00e1n dar preferencia a las mujeres en la selecci\u00f3n de sus consejeros  *  Concha Rold\u00e1n, Premio Isabel de Bohemia 2024  *  As\u00ed es la brecha de g\u00e9nero en el liderazgo deportivo<\/p>\n","protected":false},"author":3,"featured_media":22909,"comment_status":"closed","ping_status":"closed","sticky":false,"template":"","format":"standard","meta":{"footnotes":""},"categories":[298,621],"tags":[85,232,631,96],"class_list":["post-22110","post","type-post","status-publish","format-standard","has-post-thumbnail","hentry","category-newsletter","category-nwl-3-0","tag-consejos-de-administracion","tag-deporte-femenino","tag-mujer-y-empleo","tag-mujeres"],"yoast_head":"<!-- This site is optimized with the Yoast SEO plugin v27.5 - https:\/\/yoast.com\/product\/yoast-seo-wordpress\/ -->\n<title>Noticias Info CKL n\u00ba 2892-02\/08\/24-Comunicar con perspectiva de g\u00e9nero<\/title>\n<meta name=\"description\" content=\"Noticias Info CKL n\u00ba 2892-02\/08\/24 Llega la Ley de Paridad: habr\u00e1 al menos un 40% de mujeres tambi\u00e9n en la c\u00fapula militar y judicial * Las cotizadas espa\u00f1olas deber\u00e1n dar preferencia a las mujeres en la selecci\u00f3n de sus consejeros * Concha Rold\u00e1n Premio Isabel de Bohemia 2024 * As\u00ed es la brecha de g\u00e9nero en el liderazgo deportivo\" \/>\n<meta name=\"robots\" content=\"index, follow, max-snippet:-1, max-image-preview:large, max-video-preview:-1\" \/>\n<link rel=\"canonical\" href=\"https:\/\/cklcomunicaciones.es\/coop\/noticias-info-ckl-no-2892-02-08-24\/\" \/>\n<meta property=\"og:locale\" content=\"es_ES\" \/>\n<meta property=\"og:type\" content=\"article\" \/>\n<meta property=\"og:title\" content=\"Noticias Info CKL n\u00ba 2892-02\/08\/24-Comunicar con perspectiva de g\u00e9nero\" \/>\n<meta property=\"og:description\" content=\"Noticias Info CKL n\u00ba 2892-02\/08\/24 Llega la Ley de Paridad: habr\u00e1 al menos un 40% de mujeres tambi\u00e9n en la c\u00fapula militar y judicial * Las cotizadas espa\u00f1olas deber\u00e1n dar preferencia a las mujeres en la selecci\u00f3n de sus consejeros * Concha Rold\u00e1n Premio Isabel de Bohemia 2024 * As\u00ed es la brecha de g\u00e9nero en el liderazgo deportivo\" \/>\n<meta property=\"og:url\" content=\"https:\/\/cklcomunicaciones.es\/coop\/noticias-info-ckl-no-2892-02-08-24\/\" \/>\n<meta property=\"og:site_name\" content=\"CKL Comunicaciones\" \/>\n<meta property=\"article:published_time\" content=\"2024-08-02T17:15:10+00:00\" \/>\n<meta property=\"article:modified_time\" content=\"2025-02-11T13:06:40+00:00\" \/>\n<meta property=\"og:image\" content=\"https:\/\/cklcomunicaciones.es\/coop\/wp-content\/uploads\/2025\/01\/CKL-una-mirada-distinta-de-la-comunicacion.jpg\" \/>\n\t<meta property=\"og:image:width\" content=\"1482\" \/>\n\t<meta property=\"og:image:height\" content=\"775\" \/>\n\t<meta property=\"og:image:type\" content=\"image\/jpeg\" \/>\n<meta name=\"author\" content=\"ckl\" \/>\n<meta name=\"twitter:card\" content=\"summary_large_image\" \/>\n<meta name=\"twitter:label1\" content=\"Escrito por\" \/>\n\t<meta name=\"twitter:data1\" content=\"ckl\" \/>\n\t<meta name=\"twitter:label2\" content=\"Tiempo de lectura\" \/>\n\t<meta name=\"twitter:data2\" content=\"7 minutos\" \/>\n<script type=\"application\/ld+json\" class=\"yoast-schema-graph\">{\"@context\":\"https:\\\/\\\/schema.org\",\"@graph\":[{\"@type\":\"Article\",\"@id\":\"https:\\\/\\\/cklcomunicaciones.es\\\/coop\\\/noticias-info-ckl-no-2892-02-08-24\\\/#article\",\"isPartOf\":{\"@id\":\"https:\\\/\\\/cklcomunicaciones.es\\\/coop\\\/noticias-info-ckl-no-2892-02-08-24\\\/\"},\"author\":{\"name\":\"ckl\",\"@id\":\"https:\\\/\\\/cklcomunicaciones.es\\\/coop\\\/#\\\/schema\\\/person\\\/929a6837f7626450bbb50cee1aef266e\"},\"headline\":\"Noticias Info CKL n\u00ba 2892-02\\\/08\\\/24\",\"datePublished\":\"2024-08-02T17:15:10+00:00\",\"dateModified\":\"2025-02-11T13:06:40+00:00\",\"mainEntityOfPage\":{\"@id\":\"https:\\\/\\\/cklcomunicaciones.es\\\/coop\\\/noticias-info-ckl-no-2892-02-08-24\\\/\"},\"wordCount\":1375,\"image\":{\"@id\":\"https:\\\/\\\/cklcomunicaciones.es\\\/coop\\\/noticias-info-ckl-no-2892-02-08-24\\\/#primaryimage\"},\"thumbnailUrl\":\"https:\\\/\\\/cklcomunicaciones.es\\\/coop\\\/wp-content\\\/uploads\\\/2025\\\/01\\\/CKL-una-mirada-distinta-de-la-comunicacion.jpg\",\"keywords\":[\"consejos de administraci\u00f3n\",\"deporte femenino\",\"mujer y empleo\",\"mujeres\"],\"articleSection\":[\"Newsletter\",\"Nwl v3.0\"],\"inLanguage\":\"es\"},{\"@type\":\"WebPage\",\"@id\":\"https:\\\/\\\/cklcomunicaciones.es\\\/coop\\\/noticias-info-ckl-no-2892-02-08-24\\\/\",\"url\":\"https:\\\/\\\/cklcomunicaciones.es\\\/coop\\\/noticias-info-ckl-no-2892-02-08-24\\\/\",\"name\":\"Noticias Info CKL n\u00ba 2892-02\\\/08\\\/24-Comunicar con perspectiva de g\u00e9nero\",\"isPartOf\":{\"@id\":\"https:\\\/\\\/cklcomunicaciones.es\\\/coop\\\/#website\"},\"primaryImageOfPage\":{\"@id\":\"https:\\\/\\\/cklcomunicaciones.es\\\/coop\\\/noticias-info-ckl-no-2892-02-08-24\\\/#primaryimage\"},\"image\":{\"@id\":\"https:\\\/\\\/cklcomunicaciones.es\\\/coop\\\/noticias-info-ckl-no-2892-02-08-24\\\/#primaryimage\"},\"thumbnailUrl\":\"https:\\\/\\\/cklcomunicaciones.es\\\/coop\\\/wp-content\\\/uploads\\\/2025\\\/01\\\/CKL-una-mirada-distinta-de-la-comunicacion.jpg\",\"datePublished\":\"2024-08-02T17:15:10+00:00\",\"dateModified\":\"2025-02-11T13:06:40+00:00\",\"author\":{\"@id\":\"https:\\\/\\\/cklcomunicaciones.es\\\/coop\\\/#\\\/schema\\\/person\\\/929a6837f7626450bbb50cee1aef266e\"},\"description\":\"Noticias Info CKL n\u00ba 2892-02\\\/08\\\/24 Llega la Ley de Paridad: habr\u00e1 al menos un 40% de mujeres tambi\u00e9n en la c\u00fapula militar y judicial * Las cotizadas espa\u00f1olas deber\u00e1n dar preferencia a las mujeres en la selecci\u00f3n de sus consejeros * Concha Rold\u00e1n Premio Isabel de Bohemia 2024 * As\u00ed es la brecha de g\u00e9nero en el liderazgo deportivo\",\"breadcrumb\":{\"@id\":\"https:\\\/\\\/cklcomunicaciones.es\\\/coop\\\/noticias-info-ckl-no-2892-02-08-24\\\/#breadcrumb\"},\"inLanguage\":\"es\",\"potentialAction\":[{\"@type\":\"ReadAction\",\"target\":[\"https:\\\/\\\/cklcomunicaciones.es\\\/coop\\\/noticias-info-ckl-no-2892-02-08-24\\\/\"]}]},{\"@type\":\"ImageObject\",\"inLanguage\":\"es\",\"@id\":\"https:\\\/\\\/cklcomunicaciones.es\\\/coop\\\/noticias-info-ckl-no-2892-02-08-24\\\/#primaryimage\",\"url\":\"https:\\\/\\\/cklcomunicaciones.es\\\/coop\\\/wp-content\\\/uploads\\\/2025\\\/01\\\/CKL-una-mirada-distinta-de-la-comunicacion.jpg\",\"contentUrl\":\"https:\\\/\\\/cklcomunicaciones.es\\\/coop\\\/wp-content\\\/uploads\\\/2025\\\/01\\\/CKL-una-mirada-distinta-de-la-comunicacion.jpg\",\"width\":1482,\"height\":775,\"caption\":\"CKL - una mirada distinta de la comunicacion\"},{\"@type\":\"BreadcrumbList\",\"@id\":\"https:\\\/\\\/cklcomunicaciones.es\\\/coop\\\/noticias-info-ckl-no-2892-02-08-24\\\/#breadcrumb\",\"itemListElement\":[{\"@type\":\"ListItem\",\"position\":1,\"name\":\"Portada\",\"item\":\"https:\\\/\\\/cklcomunicaciones.es\\\/coop\\\/\"},{\"@type\":\"ListItem\",\"position\":2,\"name\":\"Noticias Info CKL n\u00ba 2892-02\\\/08\\\/24\"}]},{\"@type\":\"WebSite\",\"@id\":\"https:\\\/\\\/cklcomunicaciones.es\\\/coop\\\/#website\",\"url\":\"https:\\\/\\\/cklcomunicaciones.es\\\/coop\\\/\",\"name\":\"CKL Comunicaciones\",\"description\":\"Sitio web de CKL Comunicaciones coop , la consultora de comunicaci\u00f3n y estrategia\",\"potentialAction\":[{\"@type\":\"SearchAction\",\"target\":{\"@type\":\"EntryPoint\",\"urlTemplate\":\"https:\\\/\\\/cklcomunicaciones.es\\\/coop\\\/?s={search_term_string}\"},\"query-input\":{\"@type\":\"PropertyValueSpecification\",\"valueRequired\":true,\"valueName\":\"search_term_string\"}}],\"inLanguage\":\"es\"},{\"@type\":\"Person\",\"@id\":\"https:\\\/\\\/cklcomunicaciones.es\\\/coop\\\/#\\\/schema\\\/person\\\/929a6837f7626450bbb50cee1aef266e\",\"name\":\"ckl\",\"image\":{\"@type\":\"ImageObject\",\"inLanguage\":\"es\",\"@id\":\"https:\\\/\\\/secure.gravatar.com\\\/avatar\\\/c82db564e8a669bf6023357a157b9dc4780f4d4c618f2ad1d71a6a5dede45057?s=96&d=mm&r=g\",\"url\":\"https:\\\/\\\/secure.gravatar.com\\\/avatar\\\/c82db564e8a669bf6023357a157b9dc4780f4d4c618f2ad1d71a6a5dede45057?s=96&d=mm&r=g\",\"contentUrl\":\"https:\\\/\\\/secure.gravatar.com\\\/avatar\\\/c82db564e8a669bf6023357a157b9dc4780f4d4c618f2ad1d71a6a5dede45057?s=96&d=mm&r=g\",\"caption\":\"ckl\"},\"url\":\"https:\\\/\\\/cklcomunicaciones.es\\\/coop\\\/author\\\/cklcomunicaciones\\\/\"}]}<\/script>\n<!-- \/ Yoast SEO plugin. -->","yoast_head_json":{"title":"Noticias Info CKL n\u00ba 2892-02\/08\/24-Comunicar con perspectiva de g\u00e9nero","description":"Noticias Info CKL n\u00ba 2892-02\/08\/24 Llega la Ley de Paridad: habr\u00e1 al menos un 40% de mujeres tambi\u00e9n en la c\u00fapula militar y judicial * Las cotizadas espa\u00f1olas deber\u00e1n dar preferencia a las mujeres en la selecci\u00f3n de sus consejeros * Concha Rold\u00e1n Premio Isabel de Bohemia 2024 * As\u00ed es la brecha de g\u00e9nero en el liderazgo deportivo","robots":{"index":"index","follow":"follow","max-snippet":"max-snippet:-1","max-image-preview":"max-image-preview:large","max-video-preview":"max-video-preview:-1"},"canonical":"https:\/\/cklcomunicaciones.es\/coop\/noticias-info-ckl-no-2892-02-08-24\/","og_locale":"es_ES","og_type":"article","og_title":"Noticias Info CKL n\u00ba 2892-02\/08\/24-Comunicar con perspectiva de g\u00e9nero","og_description":"Noticias Info CKL n\u00ba 2892-02\/08\/24 Llega la Ley de Paridad: habr\u00e1 al menos un 40% de mujeres tambi\u00e9n en la c\u00fapula militar y judicial * Las cotizadas espa\u00f1olas deber\u00e1n dar preferencia a las mujeres en la selecci\u00f3n de sus consejeros * Concha Rold\u00e1n Premio Isabel de Bohemia 2024 * As\u00ed es la brecha de g\u00e9nero en el liderazgo deportivo","og_url":"https:\/\/cklcomunicaciones.es\/coop\/noticias-info-ckl-no-2892-02-08-24\/","og_site_name":"CKL Comunicaciones","article_published_time":"2024-08-02T17:15:10+00:00","article_modified_time":"2025-02-11T13:06:40+00:00","og_image":[{"width":1482,"height":775,"url":"https:\/\/cklcomunicaciones.es\/coop\/wp-content\/uploads\/2025\/01\/CKL-una-mirada-distinta-de-la-comunicacion.jpg","type":"image\/jpeg"}],"author":"ckl","twitter_card":"summary_large_image","twitter_misc":{"Escrito por":"ckl","Tiempo de lectura":"7 minutos"},"schema":{"@context":"https:\/\/schema.org","@graph":[{"@type":"Article","@id":"https:\/\/cklcomunicaciones.es\/coop\/noticias-info-ckl-no-2892-02-08-24\/#article","isPartOf":{"@id":"https:\/\/cklcomunicaciones.es\/coop\/noticias-info-ckl-no-2892-02-08-24\/"},"author":{"name":"ckl","@id":"https:\/\/cklcomunicaciones.es\/coop\/#\/schema\/person\/929a6837f7626450bbb50cee1aef266e"},"headline":"Noticias Info CKL n\u00ba 2892-02\/08\/24","datePublished":"2024-08-02T17:15:10+00:00","dateModified":"2025-02-11T13:06:40+00:00","mainEntityOfPage":{"@id":"https:\/\/cklcomunicaciones.es\/coop\/noticias-info-ckl-no-2892-02-08-24\/"},"wordCount":1375,"image":{"@id":"https:\/\/cklcomunicaciones.es\/coop\/noticias-info-ckl-no-2892-02-08-24\/#primaryimage"},"thumbnailUrl":"https:\/\/cklcomunicaciones.es\/coop\/wp-content\/uploads\/2025\/01\/CKL-una-mirada-distinta-de-la-comunicacion.jpg","keywords":["consejos de administraci\u00f3n","deporte femenino","mujer y empleo","mujeres"],"articleSection":["Newsletter","Nwl v3.0"],"inLanguage":"es"},{"@type":"WebPage","@id":"https:\/\/cklcomunicaciones.es\/coop\/noticias-info-ckl-no-2892-02-08-24\/","url":"https:\/\/cklcomunicaciones.es\/coop\/noticias-info-ckl-no-2892-02-08-24\/","name":"Noticias Info CKL n\u00ba 2892-02\/08\/24-Comunicar con perspectiva de g\u00e9nero","isPartOf":{"@id":"https:\/\/cklcomunicaciones.es\/coop\/#website"},"primaryImageOfPage":{"@id":"https:\/\/cklcomunicaciones.es\/coop\/noticias-info-ckl-no-2892-02-08-24\/#primaryimage"},"image":{"@id":"https:\/\/cklcomunicaciones.es\/coop\/noticias-info-ckl-no-2892-02-08-24\/#primaryimage"},"thumbnailUrl":"https:\/\/cklcomunicaciones.es\/coop\/wp-content\/uploads\/2025\/01\/CKL-una-mirada-distinta-de-la-comunicacion.jpg","datePublished":"2024-08-02T17:15:10+00:00","dateModified":"2025-02-11T13:06:40+00:00","author":{"@id":"https:\/\/cklcomunicaciones.es\/coop\/#\/schema\/person\/929a6837f7626450bbb50cee1aef266e"},"description":"Noticias Info CKL n\u00ba 2892-02\/08\/24 Llega la Ley de Paridad: habr\u00e1 al menos un 40% de mujeres tambi\u00e9n en la c\u00fapula militar y judicial * Las cotizadas espa\u00f1olas deber\u00e1n dar preferencia a las mujeres en la selecci\u00f3n de sus consejeros * Concha Rold\u00e1n Premio Isabel de Bohemia 2024 * As\u00ed es la brecha de g\u00e9nero en el liderazgo deportivo","breadcrumb":{"@id":"https:\/\/cklcomunicaciones.es\/coop\/noticias-info-ckl-no-2892-02-08-24\/#breadcrumb"},"inLanguage":"es","potentialAction":[{"@type":"ReadAction","target":["https:\/\/cklcomunicaciones.es\/coop\/noticias-info-ckl-no-2892-02-08-24\/"]}]},{"@type":"ImageObject","inLanguage":"es","@id":"https:\/\/cklcomunicaciones.es\/coop\/noticias-info-ckl-no-2892-02-08-24\/#primaryimage","url":"https:\/\/cklcomunicaciones.es\/coop\/wp-content\/uploads\/2025\/01\/CKL-una-mirada-distinta-de-la-comunicacion.jpg","contentUrl":"https:\/\/cklcomunicaciones.es\/coop\/wp-content\/uploads\/2025\/01\/CKL-una-mirada-distinta-de-la-comunicacion.jpg","width":1482,"height":775,"caption":"CKL - una mirada distinta de la comunicacion"},{"@type":"BreadcrumbList","@id":"https:\/\/cklcomunicaciones.es\/coop\/noticias-info-ckl-no-2892-02-08-24\/#breadcrumb","itemListElement":[{"@type":"ListItem","position":1,"name":"Portada","item":"https:\/\/cklcomunicaciones.es\/coop\/"},{"@type":"ListItem","position":2,"name":"Noticias Info CKL n\u00ba 2892-02\/08\/24"}]},{"@type":"WebSite","@id":"https:\/\/cklcomunicaciones.es\/coop\/#website","url":"https:\/\/cklcomunicaciones.es\/coop\/","name":"CKL Comunicaciones","description":"Sitio web de CKL Comunicaciones coop , la consultora de comunicaci\u00f3n y estrategia","potentialAction":[{"@type":"SearchAction","target":{"@type":"EntryPoint","urlTemplate":"https:\/\/cklcomunicaciones.es\/coop\/?s={search_term_string}"},"query-input":{"@type":"PropertyValueSpecification","valueRequired":true,"valueName":"search_term_string"}}],"inLanguage":"es"},{"@type":"Person","@id":"https:\/\/cklcomunicaciones.es\/coop\/#\/schema\/person\/929a6837f7626450bbb50cee1aef266e","name":"ckl","image":{"@type":"ImageObject","inLanguage":"es","@id":"https:\/\/secure.gravatar.com\/avatar\/c82db564e8a669bf6023357a157b9dc4780f4d4c618f2ad1d71a6a5dede45057?s=96&d=mm&r=g","url":"https:\/\/secure.gravatar.com\/avatar\/c82db564e8a669bf6023357a157b9dc4780f4d4c618f2ad1d71a6a5dede45057?s=96&d=mm&r=g","contentUrl":"https:\/\/secure.gravatar.com\/avatar\/c82db564e8a669bf6023357a157b9dc4780f4d4c618f2ad1d71a6a5dede45057?s=96&d=mm&r=g","caption":"ckl"},"url":"https:\/\/cklcomunicaciones.es\/coop\/author\/cklcomunicaciones\/"}]}},"_links":{"self":[{"href":"https:\/\/cklcomunicaciones.es\/coop\/wp-json\/wp\/v2\/posts\/22110","targetHints":{"allow":["GET"]}}],"collection":[{"href":"https:\/\/cklcomunicaciones.es\/coop\/wp-json\/wp\/v2\/posts"}],"about":[{"href":"https:\/\/cklcomunicaciones.es\/coop\/wp-json\/wp\/v2\/types\/post"}],"author":[{"embeddable":true,"href":"https:\/\/cklcomunicaciones.es\/coop\/wp-json\/wp\/v2\/users\/3"}],"replies":[{"embeddable":true,"href":"https:\/\/cklcomunicaciones.es\/coop\/wp-json\/wp\/v2\/comments?post=22110"}],"version-history":[{"count":0,"href":"https:\/\/cklcomunicaciones.es\/coop\/wp-json\/wp\/v2\/posts\/22110\/revisions"}],"wp:featuredmedia":[{"embeddable":true,"href":"https:\/\/cklcomunicaciones.es\/coop\/wp-json\/wp\/v2\/media\/22909"}],"wp:attachment":[{"href":"https:\/\/cklcomunicaciones.es\/coop\/wp-json\/wp\/v2\/media?parent=22110"}],"wp:term":[{"taxonomy":"category","embeddable":true,"href":"https:\/\/cklcomunicaciones.es\/coop\/wp-json\/wp\/v2\/categories?post=22110"},{"taxonomy":"post_tag","embeddable":true,"href":"https:\/\/cklcomunicaciones.es\/coop\/wp-json\/wp\/v2\/tags?post=22110"}],"curies":[{"name":"wp","href":"https:\/\/api.w.org\/{rel}","templated":true}]}}