{"id":22105,"date":"2024-07-11T19:50:07","date_gmt":"2024-07-11T17:50:07","guid":{"rendered":"https:\/\/www.cklcomunicaciones.es\/?p=21237"},"modified":"2025-02-11T13:35:53","modified_gmt":"2025-02-11T12:35:53","slug":"noticias-info-ckl-no-2887-11-07-24","status":"publish","type":"post","link":"https:\/\/cklcomunicaciones.es\/coop\/noticias-info-ckl-no-2887-11-07-24\/","title":{"rendered":"Noticias Info CKL n\u00ba 2887-11\/07\/24"},"content":{"rendered":"<div class=\"fusion-fullwidth fullwidth-box fusion-builder-row-1 fusion-flex-container nonhundred-percent-fullwidth non-hundred-percent-height-scrolling\" style=\"--awb-border-radius-top-left:0px;--awb-border-radius-top-right:0px;--awb-border-radius-bottom-right:0px;--awb-border-radius-bottom-left:0px;--awb-flex-wrap:wrap;\" ><div class=\"fusion-builder-row fusion-row fusion-flex-align-items-flex-start fusion-flex-content-wrap\" style=\"max-width:1248px;margin-left: calc(-4% \/ 2 );margin-right: calc(-4% \/ 2 );\"><div class=\"fusion-layout-column fusion_builder_column fusion-builder-column-0 fusion_builder_column_1_1 1_1 fusion-flex-column\" style=\"--awb-bg-blend:overlay;--awb-bg-size:cover;--awb-width-large:100%;--awb-margin-top-large:0px;--awb-spacing-right-large:1.92%;--awb-margin-bottom-large:0px;--awb-spacing-left-large:1.92%;--awb-width-medium:100%;--awb-spacing-right-medium:1.92%;--awb-spacing-left-medium:1.92%;--awb-width-small:100%;--awb-spacing-right-small:1.92%;--awb-spacing-left-small:1.92%;\"><div class=\"fusion-column-wrapper fusion-flex-justify-content-flex-start fusion-content-layout-column\"><div class=\"fusion-text fusion-text-1\"><div id=\"\" class=\"lsow-panel lsow-active\">\n<h1 class=\"lsow-panel-title\">Comunicaci\u00f3n, Publicidad y TICs<\/h1>\n<div class=\"lsow-panel-content\">\n<p><a class=\"title\" href=\"https:\/\/www.elespanol.com\/mujer\/protagonistas\/20240711\/periodista-autora-cruz-morcillo-series-hacen-flaco-favor-idealizan-demasiado-malos\/865413565_0.html\" target=\"_blank\" rel=\"noopener\" data-artpy=\"0\" data-author=\"ESPA\u00d1OL\">La periodista y autora Cruz Morcillo: \u00abLas series hacen flaco favor porque idealizan demasiado a los malos\u00bb<\/a>-elespa\u00f1ol<br \/>\n<a class=\"title\" href=\"https:\/\/www.msn.com\/es-co\/noticias\/other\/festival-gabo-2024-arte-en-defensa-del-periodismo\/ar-BB1pOCTW?ocid=BingNewsVerp\" target=\"_blank\" rel=\"noopener\" data-artpy=\"0\" data-author=\"Publimetro on MSN\">Festival Gabo 2024: arte en defensa del periodismo<\/a>-publimetro<br \/>\n<a href=\"https:\/\/www.eldiario.es\/politica\/medios-publicaron-bulos-mar-eldiario-vulneraron-codigo-deontologico-fape_1_11514317.html\" data-mrf-link=\"https:\/\/www.eldiario.es\/politica\/medios-publicaron-bulos-mar-eldiario-vulneraron-codigo-deontologico-fape_1_11514317.html\">Los medios que publicaron los bulos de MAR contra elDiario.es vulneraron el C\u00f3digo Deontol\u00f3gico de la FAPE<\/a>-eldiario<br \/>\n<a class=\"title\" href=\"https:\/\/www.agenciasinc.es\/Noticias\/Una-investigacion-revela-la-existencia-de-una-tasa-rosa-oculta-en-la-publicidad-digital\" target=\"_blank\" rel=\"noopener\" data-artpy=\"0\" data-author=\"SINC\">Una investigaci\u00f3n revela la existencia de una \u2018tasa rosa\u2019 oculta en la publicidad digital<\/a>-sinc<br \/>\n<a class=\"title\" href=\"https:\/\/www.elespanol.com\/mujer\/mujeres-historia\/20240711\/sibilina-vida-descubrimientos-hija-lord-byron-ada-lovelace-primera-mujer-programadora-mundo\/853164882_0.html\" target=\"_blank\" rel=\"noopener\" data-artpy=\"0\" data-author=\"ESPA\u00d1OL\">La sibilina vida y descubrimientos de la hija de Lord Byron, Ada Lovelace, la primera mujer programadora del mundo<\/a>-elespa\u00f1ol<\/p>\n<\/div>\n<\/div>\n<div id=\"\" class=\"lsow-panel lsow-active\">\n<h1 class=\"lsow-panel-title\">Andaluc\u00eda<\/h1>\n<div class=\"lsow-panel-content\">\n<div class=\"source set_top\">\n<div data-priority=\"2\" aria-hidden=\"true\">\n<p><strong>Econom\u00eda y Empresa<br \/>\n<\/strong><a href=\"https:\/\/www.google.com\/url?rct=j&amp;sa=t&amp;url=https:\/\/www.ideal.es\/almeria\/agricultura\/papel-mujeres-mundo-cooperativo-centrara-actos-dia-20240710180402-nt.html&amp;ct=ga&amp;cd=CAEYASoUMTQ0NjczOTg1NjMzNDIzOTc2NjkyGWQ3OGU1ODc1YTBmMWYyYWM6ZXM6ZXM6RVM&amp;usg=AOvVaw2QRQ1yN5cEp3YaYUmFeR67\" target=\"_blank\" rel=\"noopener\" data-saferedirecturl=\"https:\/\/www.google.com\/url?q=https:\/\/www.google.com\/url?rct%3Dj%26sa%3Dt%26url%3Dhttps:\/\/www.ideal.es\/almeria\/agricultura\/papel-mujeres-mundo-cooperativo-centrara-actos-dia-20240710180402-nt.html%26ct%3Dga%26cd%3DCAEYASoUMTQ0NjczOTg1NjMzNDIzOTc2NjkyGWQ3OGU1ODc1YTBmMWYyYWM6ZXM6ZXM6RVM%26usg%3DAOvVaw2QRQ1yN5cEp3YaYUmFeR67&amp;source=gmail&amp;ust=1720763981770000&amp;usg=AOvVaw0QTZNRB3MagYuSQt8xvleJ\">El papel de las mujeres en el mundo cooperativo centrar\u00e1 los actos del D\u00eda del Cooperativismo-<\/a><a>Ideal<br \/>\n<\/a><a class=\"title\" href=\"https:\/\/www.cope.es\/emisoras\/andalucia\/cordoba-provincia\/cordoba\/noticias\/mercedes-romero-balsera-primera-mujer-liderar-consejo-andaluz-administradores-fincas-20240710_3393190\" target=\"_blank\" rel=\"noopener\" data-artpy=\"0\" data-author=\"COPE\">Mercedes Romero Balsera: primera mujer en liderar el Consejo Andaluz de Administradores de Fincas<\/a>-cope<a><br \/>\n<\/a><a href=\"https:\/\/www.google.com\/url?rct=j&amp;sa=t&amp;url=https:\/\/andaluciaeconomica.com\/la-sevillana-eva-roldan-se-incorpora-a-bms-group\/&amp;ct=ga&amp;cd=CAEYBCoTNDMyMDI4MTM1MzM5NDgzMTcwMjIZZDc4ZTU4NzVhMGYxZjJhYzplczplczpFUw&amp;usg=AOvVaw3lmcTbhjpdYKn5_tWMaK1c\" target=\"_blank\" rel=\"noopener\" data-saferedirecturl=\"https:\/\/www.google.com\/url?q=https:\/\/www.google.com\/url?rct%3Dj%26sa%3Dt%26url%3Dhttps:\/\/andaluciaeconomica.com\/la-sevillana-eva-roldan-se-incorpora-a-bms-group\/%26ct%3Dga%26cd%3DCAEYBCoTNDMyMDI4MTM1MzM5NDgzMTcwMjIZZDc4ZTU4NzVhMGYxZjJhYzplczplczpFUw%26usg%3DAOvVaw3lmcTbhjpdYKn5_tWMaK1c&amp;source=gmail&amp;ust=1720763981761000&amp;usg=AOvVaw0aFpjnrT3JUKWANos9wmIG\">La sevillana Eva Rold\u00e1n se incorpora a BMS Group &#8211;\u00a0<\/a><a>Andaluc\u00eda Econ\u00f3mica<br \/>\n<\/a><a class=\"title\" href=\"https:\/\/www.abc.es\/sevilla\/ciudad\/concha-yoldi-jose-luis-garcia-palacios-academicos-20240711183606-nts.html\" target=\"_blank\" rel=\"noopener\" data-artpy=\"0\" data-author=\"ABC\">Concha Yoldi , acad\u00e9mica de Ciencias Sociales-<\/a><a>abc<\/a><\/p>\n<p><strong>Actualidad<br \/>\n<\/strong><a class=\"title\" href=\"https:\/\/www.abc.es\/sevilla\/ciudad\/nuevo-perfil-personas-adicciones-sevilla-jovenes-mujeres-20240711170443-nts.html\" target=\"_blank\" rel=\"noopener\" data-artpy=\"0\" data-author=\"ABC\">Nuevo perfil de las personas con adicciones en Sevilla: hay m\u00e1s j\u00f3venes y m\u00e1s mujeres-<\/a>abc<strong><br \/>\n<\/strong><a class=\"title\" href=\"https:\/\/www.europapress.es\/andalucia\/noticia-poblacion-extranjera-residente-andalucia-asciende-813724-personas-95-total-informe-ugt-20240711124419.html\" target=\"_blank\" rel=\"noopener\" data-artpy=\"0\" data-author=\"Europa Press\">La poblaci\u00f3n extranjera residente en Andaluc\u00eda asciende a 813.724 personas, un 9,5% del total, seg\u00fan un informe de UGT<\/a>-europapress<br \/>\n<a class=\"title\" href=\"https:\/\/www.msn.com\/es-es\/salud\/other\/andaluc%C3%ADa-confirma-dos-casos-de-virus-del-nilo-occidental-y-una-fallecida-en-sevilla\/ar-BB1pO6fr?ocid=BingNewsVerp\" target=\"_blank\" rel=\"noopener\" data-artpy=\"0\" data-author=\"Elplural.com on MSN\">Andaluc\u00eda confirma dos casos de virus del Nilo Occidental y una fallecida en Sevilla<\/a>-elplural<br \/>\n<a class=\"title\" href=\"https:\/\/www.eldiario.es\/andalucia\/desdeelsur\/prefiere-frio-calor-prefiero-techo_132_11502562.html\" data-mrf-link=\"https:\/\/www.eldiario.es\/andalucia\/desdeelsur\/prefiere-frio-calor-prefiero-techo_132_11502562.html\">\u00bfQu\u00e9 prefiere, fr\u00edo o calor? Yo prefiero un techo<\/a>-eldiario<strong><br \/>\n<\/strong><\/p>\n<p><strong>Violencias<br \/>\n<\/strong><a class=\"title\" href=\"https:\/\/www.msn.com\/es-es\/noticias\/espana\/el-servicio-andaluz-de-asistencia-a-v%C3%ADctimas-atendi%C3%B3-a-cerca-de-25200-personas-en-2023-el-53-por-violencia-de-g%C3%A9nero\/ar-BB1pJGCq?ocid=BingNewsVerp\" target=\"_blank\" rel=\"noopener\" data-artpy=\"0\" data-author=\"Europa Press on MSN\">El Servicio andaluz de Asistencia a V\u00edctimas atendi\u00f3 a cerca de 25.200 personas en 2023, el 53% por violencia de g\u00e9nero<\/a>-europapress<strong><br \/>\n<\/strong><a href=\"https:\/\/www.google.com\/url?rct=j&amp;sa=t&amp;url=https:\/\/www.diariodesevilla.es\/andalucia\/24-000-mujeres-andaluzas-sistema_0_2001497591.html&amp;ct=ga&amp;cd=CAEYACoTNzQ0Njg2MjM2NTMwNzY3OTM1NDIZZTJkZWZhN2Q1ZGE5MTU3ZDplczplczpFUw&amp;usg=AOvVaw1VEeLzbeSOyw_01NJW51-s\" target=\"_blank\" rel=\"noopener\" data-saferedirecturl=\"https:\/\/www.google.com\/url?q=https:\/\/www.google.com\/url?rct%3Dj%26sa%3Dt%26url%3Dhttps:\/\/www.diariodesevilla.es\/andalucia\/24-000-mujeres-andaluzas-sistema_0_2001497591.html%26ct%3Dga%26cd%3DCAEYACoTNzQ0Njg2MjM2NTMwNzY3OTM1NDIZZTJkZWZhN2Q1ZGE5MTU3ZDplczplczpFUw%26usg%3DAOvVaw1VEeLzbeSOyw_01NJW51-s&amp;source=gmail&amp;ust=1720763978711000&amp;usg=AOvVaw13ZIstKvXJR1EV5llRsYdQ\">Casi 24.000 mujeres andaluzas est\u00e1n dentro del sistema VioG\u00e9n tras denunciar\u00a0violencia machista-\u00a0<\/a><a>Diario de Sevilla<br \/>\n<\/a><a href=\"https:\/\/www.google.com\/url?rct=j&amp;sa=t&amp;url=https:\/\/www.diariodealmeria.es\/provincia\/finana-abla-gergal-adhieren-sistema_0_2001493709.html&amp;ct=ga&amp;cd=CAEYACoTMzU2NjgyNjAwNjMwMDQ4MDYxNDIZZTJkZWZhN2Q1ZGE5MTU3ZDplczplczpFUw&amp;usg=AOvVaw0j3stlgh8p-KSv4wn1CLy0\" target=\"_blank\" rel=\"noopener\" data-saferedirecturl=\"https:\/\/www.google.com\/url?q=https:\/\/www.google.com\/url?rct%3Dj%26sa%3Dt%26url%3Dhttps:\/\/www.diariodealmeria.es\/provincia\/finana-abla-gergal-adhieren-sistema_0_2001493709.html%26ct%3Dga%26cd%3DCAEYACoTMzU2NjgyNjAwNjMwMDQ4MDYxNDIZZTJkZWZhN2Q1ZGE5MTU3ZDplczplczpFUw%26usg%3DAOvVaw0j3stlgh8p-KSv4wn1CLy0&amp;source=gmail&amp;ust=1720763978742000&amp;usg=AOvVaw2GbMIZpkcYdnFKNz-0Ax85\">Fi\u00f1ana, Abla y G\u00e9rgal se adhieren al sistema VioGen &#8211;\u00a0<\/a><a>Diario de Almer\u00eda<br \/>\n<\/a><a href=\"https:\/\/www.google.com\/url?rct=j&amp;sa=t&amp;url=https:\/\/www.laopiniondemalaga.es\/andalucia\/2024\/07\/11\/mujeres-asesinadas-andalucia-habia-denunciado-105470555.html&amp;ct=ga&amp;cd=CAEYCSoTNzEwMTEyMjMwMzc2MTc0MTk4NTIZZTFlNzdkMTU2MDk4YThlMzplczplczpFUw&amp;usg=AOvVaw1C4teKU4QMdNKFw0NBOCsz\" target=\"_blank\" rel=\"noopener\" data-saferedirecturl=\"https:\/\/www.google.com\/url?q=https:\/\/www.google.com\/url?rct%3Dj%26sa%3Dt%26url%3Dhttps:\/\/www.laopiniondemalaga.es\/andalucia\/2024\/07\/11\/mujeres-asesinadas-andalucia-habia-denunciado-105470555.html%26ct%3Dga%26cd%3DCAEYCSoTNzEwMTEyMjMwMzc2MTc0MTk4NTIZZTFlNzdkMTU2MDk4YThlMzplczplczpFUw%26usg%3DAOvVaw1C4teKU4QMdNKFw0NBOCsz&amp;source=gmail&amp;ust=1720771992063000&amp;usg=AOvVaw3rQkP2PH9FGJMv7Jmh_cA4\">Ninguna de las mujeres asesinadas en Andaluc\u00eda hab\u00eda denunciado a su pareja-\u00a0<\/a><a>La Opini\u00f3n de M\u00e1laga<\/a><\/p>\n<p><b>Ciencia y Cultura<br \/>\n<\/b><a class=\"title\" href=\"https:\/\/www.elestrechodigital.com\/2024\/07\/11\/el-buque-oceanografico-odon-de-buen-tendra-a-cadiz-como-puerto-base-para-sus-estudios-y-campanas\/\" target=\"_blank\" rel=\"noopener\" data-artpy=\"0\" data-author=\"elestrechodigital\">El buque oceanogr\u00e1fico \u2018Od\u00f3n de Buen\u2019 tendr\u00e1 a C\u00e1diz como puerto base para sus estudios y campa\u00f1as<\/a>-elestrechodigital<b><br \/>\n<\/b><a class=\"title\" href=\"https:\/\/www.msn.com\/es-es\/noticias\/espana\/nutricionista-critica-que-la-medicina-la-ciencia-y-la-investigaci%C3%B3n-se-han-focalizado-poco-en-el-sexo-femenino\/ar-BB1pOg0p?ocid=BingNewsVerp\" target=\"_blank\" rel=\"noopener\" data-artpy=\"0\" data-author=\"Europa Press on MSN\">Nutricionista, profesora de la UPO, critica que la medicina, la ciencia y la investigaci\u00f3n \u00abse han focalizado muy poco en el sexo femenino\u00bb-<\/a>msn<br \/>\n<a class=\"title\" href=\"https:\/\/www.diariocordoba.com\/sociedad\/2024\/07\/11\/investigadores-espanoles-desarrollan-escaner-unico-protonterapia-cancer-105506954.html\" target=\"_blank\" rel=\"noopener\" data-artpy=\"0\" data-author=\"Diario C\u00f3rdoba\">Investigadores espa\u00f1oles desarrollan un esc\u00e1ner \u00fanico para planificar mejor la protonterapia contra el c\u00e1ncer<\/a>-diariocordoba<b><br \/>\n<\/b><a href=\"https:\/\/www.google.com\/url?rct=j&amp;sa=t&amp;url=https:\/\/diariodigital.ujaen.es\/emprendimiento-y-empleabilidad\/clausurado-el-programa-univergem-ujaen-2023-para-la-promocion-de-la&amp;ct=ga&amp;cd=CAEYACoUMTE3NTMyMzAyNTg1MTE0NDY1MzUyGzlhYjFjZGQ3ZTM2NmVmMzg6ZXM6ZXM6RVM6Ug&amp;usg=AOvVaw0wmS4cLp6nADyfuJh580Rm\" target=\"_blank\" rel=\"noopener\" data-saferedirecturl=\"https:\/\/www.google.com\/url?q=https:\/\/www.google.com\/url?rct%3Dj%26sa%3Dt%26url%3Dhttps:\/\/diariodigital.ujaen.es\/emprendimiento-y-empleabilidad\/clausurado-el-programa-univergem-ujaen-2023-para-la-promocion-de-la%26ct%3Dga%26cd%3DCAEYACoUMTE3NTMyMzAyNTg1MTE0NDY1MzUyGzlhYjFjZGQ3ZTM2NmVmMzg6ZXM6ZXM6RVM6Ug%26usg%3DAOvVaw0wmS4cLp6nADyfuJh580Rm&amp;source=gmail&amp;ust=1720763982370000&amp;usg=AOvVaw0GXS65UcS6USxnG4In78mn\">Clausurado el programa UNIVERGEM UJA 2023 para la promoci\u00f3n de la igualdad de &#8230;-\u00a0<\/a><a>Diario Digital UJA<br \/>\n<\/a><a class=\"title\" href=\"https:\/\/www.msn.com\/es-es\/noticias\/espana\/isabel-rodr%C3%ADguez-resalta-el-programa-del-2-cultural-como-garante-del-patrimonio-hist%C3%B3rico-y-cultural\/ar-BB1pOu1o?ocid=BingNewsVerp\" target=\"_blank\" rel=\"noopener\" data-artpy=\"0\" data-author=\"Europa Press on MSN\">Isabel Rodr\u00edguez destaca el programa del 2% Cultural como protector del patrimonio hist\u00f3rico y cultural<\/a>-europapress<a><br \/>\n<\/a><a class=\"title\" href=\"https:\/\/www.diariocordoba.com\/cultura\/2024\/07\/11\/mejor-jazz-regresa-rambla-alba-105496482.html\" target=\"_blank\" rel=\"noopener\" data-artpy=\"0\" data-author=\"Diario C\u00f3rdoba\">El mejor jazz regresa a La Rambla con Alba Armengou, Irene Caumel y Ester Quevedo<\/a>-diariocordoba<br \/>\n<a class=\"title\" href=\"https:\/\/www.msn.com\/es-es\/entretenimiento\/other\/ana-mena-inaugura-la-x-edici%C3%B3n-t%C3%ADo-pepe-festival-con-su-bellodrama-tour\/ar-BB1pNyze?ocid=BingNewsVerp\" target=\"_blank\" rel=\"noopener\" data-artpy=\"0\" data-author=\"Cadena SER on MSN\">Ana Mena inaugura la X edici\u00f3n T\u00edo Pepe Festival con su &#8216;Bellodrama Tour&#8217;<\/a>-ser<br \/>\n<a class=\"title\" href=\"https:\/\/viajar.elperiodico.com\/hoteles\/malaga-hotel-molina-lario-104399296\" target=\"_blank\" rel=\"noopener\" data-artpy=\"0\" data-author=\"viajar.elperiodico\">M\u00e1laga y el legado de sus mujeres m\u00e1s ilustres<\/a>-viajar<a><br \/>\n<\/a><\/p>\n<p><strong>Deporte<br \/>\n<\/strong><a class=\"title\" href=\"https:\/\/www.laopiniondemalaga.es\/deportes\/2024\/07\/11\/malaguena-sole-lopez-queda-fuera-105409871.html\" target=\"_blank\" rel=\"noopener\" data-artpy=\"0\" data-author=\"Deportes\">La malague\u00f1a Sole L\u00f3pez se queda como suplente de las 14 elegidas de las Guerreras para los JJOO<\/a>-laopiniondemalaga<strong><br \/>\n<\/strong><\/p>\n<\/div>\n<\/div>\n<\/div>\n<\/div>\n<div id=\"\" class=\"lsow-panel lsow-active\">\n<h1 class=\"lsow-panel-title\">Estado<\/h1>\n<div class=\"lsow-panel-content\">\n<p><strong>Institucional<\/strong><br \/>\n<a class=\"title\" href=\"https:\/\/www.msn.com\/es-es\/dinero\/noticias\/el-gobierno-hace-caso-a-la-airef-y-avanza-que-flexibilizar%C3%A1-los-criterios-de-acceso-al-ingreso-m%C3%ADnimo-vital\/ar-BB1pKAyw?ocid=BingNewsVerp\" target=\"_blank\" rel=\"noopener\" data-artpy=\"0\" data-author=\"El Peri\u00f3dico on MSN\">El Gobierno hace caso a la Airef y avanza que flexibilizar\u00e1 los criterios de acceso al Ingreso M\u00ednimo Vital<\/a>-elperiodico<br \/>\n<a class=\"title\" href=\"https:\/\/www.europapress.es\/sociedad\/noticia-alegria-urge-renovar-pacto-estado-contra-violencia-genero-pide-feijoo-rompa-vox-20240709134942.html\" target=\"_blank\" rel=\"noopener\" data-artpy=\"0\" data-author=\"Europa Press\">Alegr\u00eda urge a renovar el Pacto de Estado contra la violencia de G\u00e9nero &#8230;<\/a>-europapress<a><br \/>\n<\/a><\/p>\n<p><strong>Institucional &#8211; CCAA<br \/>\n<\/strong><a href=\"https:\/\/www.google.com\/url?rct=j&amp;sa=t&amp;url=https:\/\/www.elcorreo.com\/sociedad\/emakunde-alerta-avance-discursos-machistas-red-20240711131730-nt.html&amp;ct=ga&amp;cd=CAEYAyoUMTMxMDY5NjU0MjQ4NjA2NDM3NzUyGWMwMzcyZWJjMmZlYWRhNTk6ZXM6ZXM6RVM&amp;usg=AOvVaw2RTzHnwRuj1Lryn8W2oPkr\" target=\"_blank\" rel=\"noopener\" data-saferedirecturl=\"https:\/\/www.google.com\/url?q=https:\/\/www.google.com\/url?rct%3Dj%26sa%3Dt%26url%3Dhttps:\/\/www.elcorreo.com\/sociedad\/emakunde-alerta-avance-discursos-machistas-red-20240711131730-nt.html%26ct%3Dga%26cd%3DCAEYAyoUMTMxMDY5NjU0MjQ4NjA2NDM3NzUyGWMwMzcyZWJjMmZlYWRhNTk6ZXM6ZXM6RVM%26usg%3DAOvVaw2RTzHnwRuj1Lryn8W2oPkr&amp;source=gmail&amp;ust=1720798428688000&amp;usg=AOvVaw2EuLUe8qQqWSSSrjOt5gtb\">Emakunde alerta del \u00abavance de los discursos machistas\u00bb en la red &#8211;\u00a0<\/a><a>El Correo<\/a>\u00a0<strong><br \/>\n<\/strong><a href=\"https:\/\/www.google.com\/url?rct=j&amp;sa=t&amp;url=https:\/\/actualidad.asturias.es\/-\/el-principado-convoca-el-premio-amparo-pedregal-2024-que-reconoce-la-excelencia-en-obras-literarias-y-trabajos-de-investigaci%25C3%25B3n-con-perspectiva-de-g%25C3%25A9nero%3Fredirect%3D%252F&amp;ct=ga&amp;cd=CAEYAioTNjAwMDU3NzM0MjE4MDM1NTI3MzIZNTlkNzgxNzEzNmEyZDAyODplczplczpFUw&amp;usg=AOvVaw0BYM8ZaZvRGv4_sCEO3b_u\" target=\"_blank\" rel=\"noopener\" data-saferedirecturl=\"https:\/\/www.google.com\/url?q=https:\/\/www.google.com\/url?rct%3Dj%26sa%3Dt%26url%3Dhttps:\/\/actualidad.asturias.es\/-\/el-principado-convoca-el-premio-amparo-pedregal-2024-que-reconoce-la-excelencia-en-obras-literarias-y-trabajos-de-investigaci%2525C3%2525B3n-con-perspectiva-de-g%2525C3%2525A9nero%253Fredirect%253D%25252F%26ct%3Dga%26cd%3DCAEYAioTNjAwMDU3NzM0MjE4MDM1NTI3MzIZNTlkNzgxNzEzNmEyZDAyODplczplczpFUw%26usg%3DAOvVaw0BYM8ZaZvRGv4_sCEO3b_u&amp;source=gmail&amp;ust=1720763981654000&amp;usg=AOvVaw2Q_byIyFEDevF7fjeDPXIz\">El Principado convoca el premio Amparo Pedregal 2024, que reconoce la excelencia en &#8230;-<\/a><a>Actualidad Asturias<br \/>\n<\/a><a href=\"https:\/\/www.google.com\/url?rct=j&amp;sa=t&amp;url=https:\/\/actualidad.asturias.es\/-\/el-principado-presenta-dos-protocolos-para-reforzar-la-lucha-frente-a-la-violencia-contra-mujeres-y-menores-en-el-deporte%3Fredirect%3D%252F&amp;ct=ga&amp;cd=CAEYASoTNTM4OTcwNTA2MjAxMDU0ODk5MDIZYzAzNzJlYmMyZmVhZGE1OTplczplczpFUw&amp;usg=AOvVaw1XsfaFJNgR_6NdcPMd47Mb\" target=\"_blank\" rel=\"noopener\" data-saferedirecturl=\"https:\/\/www.google.com\/url?q=https:\/\/www.google.com\/url?rct%3Dj%26sa%3Dt%26url%3Dhttps:\/\/actualidad.asturias.es\/-\/el-principado-presenta-dos-protocolos-para-reforzar-la-lucha-frente-a-la-violencia-contra-mujeres-y-menores-en-el-deporte%253Fredirect%253D%25252F%26ct%3Dga%26cd%3DCAEYASoTNTM4OTcwNTA2MjAxMDU0ODk5MDIZYzAzNzJlYmMyZmVhZGE1OTplczplczpFUw%26usg%3DAOvVaw1XsfaFJNgR_6NdcPMd47Mb&amp;source=gmail&amp;ust=1720801435324000&amp;usg=AOvVaw1qPhkV_Jk10cE5Zh1XBCGt\">El Principado presenta dos protocolos para reforzar la lucha frente a la violencia contra &#8230;-\u00a0<\/a><a>Actualidad Asturias<br \/>\n<\/a><a href=\"https:\/\/www.google.com\/url?rct=j&amp;sa=t&amp;url=https:\/\/www.ondacero.es\/emisoras\/extremadura\/noticias\/junta-extremadura-cgpj-formaran-jueces-magistrados-empleados-publicos-igualdad-violencia-genero_20240711668f38ee099c8900015e1432.html&amp;ct=ga&amp;cd=CAEYAyoTMjMwMjk4Mzg0MjY3ODc0MDE1MTIZZTJkZWZhN2Q1ZGE5MTU3ZDplczplczpFUw&amp;usg=AOvVaw3aLWPLAvnxHNlSFO-XVqY3\" target=\"_blank\" rel=\"noopener\" data-saferedirecturl=\"https:\/\/www.google.com\/url?q=https:\/\/www.google.com\/url?rct%3Dj%26sa%3Dt%26url%3Dhttps:\/\/www.ondacero.es\/emisoras\/extremadura\/noticias\/junta-extremadura-cgpj-formaran-jueces-magistrados-empleados-publicos-igualdad-violencia-genero_20240711668f38ee099c8900015e1432.html%26ct%3Dga%26cd%3DCAEYAyoTMjMwMjk4Mzg0MjY3ODc0MDE1MTIZZTJkZWZhN2Q1ZGE5MTU3ZDplczplczpFUw%26usg%3DAOvVaw3aLWPLAvnxHNlSFO-XVqY3&amp;source=gmail&amp;ust=1720763978750000&amp;usg=AOvVaw0itFP2nvhCsxziFtm5x53L\">La Junta de Extremadura y el CGPJ formar\u00e1n a jueces, magistrados y empleados p\u00fablicos &#8230;-\u00a0<\/a><a>Onda Cero<\/a><strong><br \/>\n<\/strong><a class=\"title\" href=\"https:\/\/www.castillalamancha.es\/actualidad\/notasdeprensa\/el-gobierno-de-castilla-la-mancha-visibiliza-el-talento-femenino-de-la-regi%C3%B3n-con-la-muestra-mujeres\" target=\"_blank\" rel=\"noopener\" data-artpy=\"0\" data-author=\"castillalamancha\">El Gobierno de Castilla-La Mancha visibiliza el talento femenino de la regi\u00f3n con la Muestra Mujeres en el Arte y los Premios \u2018Amalia Avia\u2019<\/a>-castillalamancha<br \/>\n<a href=\"https:\/\/www.google.com\/url?rct=j&amp;sa=t&amp;url=https:\/\/www.aragondigital.es\/articulo\/sociedad\/tsja-prepara-salas-amigables-victimas-violencia-genero-base-datos-conjunta\/20240711140122880247.html&amp;ct=ga&amp;cd=CAEYAioUMTUyMzc5MDg5NTk2MjQ1OTY3ODIyGWMwMzcyZWJjMmZlYWRhNTk6ZXM6ZXM6RVM&amp;usg=AOvVaw0RGx4x2GBsQoxKoOeKCqpt\" target=\"_blank\" rel=\"noopener\" data-saferedirecturl=\"https:\/\/www.google.com\/url?q=https:\/\/www.google.com\/url?rct%3Dj%26sa%3Dt%26url%3Dhttps:\/\/www.aragondigital.es\/articulo\/sociedad\/tsja-prepara-salas-amigables-victimas-violencia-genero-base-datos-conjunta\/20240711140122880247.html%26ct%3Dga%26cd%3DCAEYAioUMTUyMzc5MDg5NTk2MjQ1OTY3ODIyGWMwMzcyZWJjMmZlYWRhNTk6ZXM6ZXM6RVM%26usg%3DAOvVaw0RGx4x2GBsQoxKoOeKCqpt&amp;source=gmail&amp;ust=1720794220285000&amp;usg=AOvVaw08MxutxF0WcmxRW1PXBSqK\">El TSJA prepara \u00absalas amigables\u00bb para las v\u00edctimas de violencia de g\u00e9nero y una &#8230; &#8211;\u00a0<\/a><a>Arag\u00f3n Digital<\/a><\/p>\n<p><strong>Econom\u00eda y Empresa<br \/>\n<\/strong><a class=\"title\" href=\"https:\/\/www.europapress.es\/epsocial\/igualdad\/noticia-senado-elimina-comision-posibilidad-mujeres-ocupen-100-cargos-organos-direccion-20240711181727.html\" target=\"_blank\" rel=\"noopener\" data-artpy=\"0\" data-author=\"Europa Press\">El Senado elimina en Comisi\u00f3n la posibilidad de que las mujeres ocupen 100% de los cargos en los \u00f3rganos de direcci\u00f3n<\/a>-europapress<br \/>\n<a class=\"title\" href=\"https:\/\/www.infobae.com\/fortune\/2024\/07\/10\/el-estigma-de-la-menopausia-frena-el-crecimiento-profesional-de-las-mujeres-y-afecta-a-la-economia-segun-una-encuesta\/\" target=\"_blank\" rel=\"noopener\" data-artpy=\"0\" data-author=\"Infobae\">El estigma de la menopausia frena el crecimiento profesional de las mujeres y afecta a la econom\u00eda, seg\u00fan una encuesta<\/a>-infobae<strong><br \/>\n<\/strong><a class=\"title\" href=\"https:\/\/www.europapress.es\/epsocial\/igualdad\/noticia-instituto-mujeres-convoca-subvenciones-financiar-sindicatos-implantacion-planes-igualdad-20240711103053.html\" target=\"_blank\" rel=\"noopener\" data-artpy=\"0\" data-author=\"Europa Press\">Instituto de las Mujeres convoca subvenciones para financiar a sindicatos en la implantaci\u00f3n de los planes de igualdad<\/a>-europapress<br \/>\n<a class=\"title\" href=\"https:\/\/www.msn.com\/es-es\/dinero\/formacion-empleo\/m%C3%A1s-de-la-mitad-de-los-empleados-no-desconectan-del-trabajo-en-su-tiempo-libre-valencianos-y-andaluces-los-que-menos\/ar-BB1pMkb1?ocid=BingNewsVerp\" target=\"_blank\" rel=\"noopener\" data-artpy=\"0\" data-author=\"Business Insider Espa\u00f1a on MSN\">M\u00e1s de la mitad de los empleados no desconectan del trabajo en su tiempo libre: valencianos y andaluces, los que menos<\/a>-businessinsider<\/p>\n<p><strong>Actualidad<br \/>\n<\/strong><a class=\"title\" href=\"https:\/\/www.laopiniondemurcia.es\/opinion\/2024\/07\/11\/papel-mujeres-proteccion-medioambiente-105466392.html\" target=\"_blank\" rel=\"noopener\" data-artpy=\"0\" data-author=\"La Opini\u00f3n de Murcia\">El papel de las mujeres en la protecci\u00f3n del medioambiente<\/a>-laopiniondemurcia<br \/>\n<a class=\"title\" href=\"https:\/\/www.cope.es\/actualidad\/sociedad\/noticias\/cada-mujeres-tienen-problemas-para-conciliar-20240710_3395009\" target=\"_blank\" rel=\"noopener\" data-artpy=\"0\" data-author=\"COPE\">8 de cada 10 mujeres tienen problemas para conciliar<\/a>-cope<strong><br \/>\n<\/strong><a href=\"https:\/\/www.google.com\/url?rct=j&amp;sa=t&amp;url=https:\/\/www.elespanol.com\/sociedad\/20240710\/nara-programa-mujeres-abandonadas-consumo-solucion-problema\/858914523_0.html&amp;ct=ga&amp;cd=CAEYACoTNDAzNDI0MjI2MDA5NjI4NTUzNTIbOWFiMWNkZDdlMzY2ZWYzODplczplczpFUzpS&amp;usg=AOvVaw2FTCFtIx76jceo0vIbL8qh\" target=\"_blank\" rel=\"noopener\" data-saferedirecturl=\"https:\/\/www.google.com\/url?q=https:\/\/www.google.com\/url?rct%3Dj%26sa%3Dt%26url%3Dhttps:\/\/www.elespanol.com\/sociedad\/20240710\/nara-programa-mujeres-abandonadas-consumo-solucion-problema\/858914523_0.html%26ct%3Dga%26cd%3DCAEYACoTNDAzNDI0MjI2MDA5NjI4NTUzNTIbOWFiMWNkZDdlMzY2ZWYzODplczplczpFUzpS%26usg%3DAOvVaw2FTCFtIx76jceo0vIbL8qh&amp;source=gmail&amp;ust=1720763982353000&amp;usg=AOvVaw2cha866xlvY5MdUa6Guiks\">Nara, el programa para mujeres &#8216;abandonadas&#8217;: \u00abEl consumo ha sido la soluci\u00f3n a su problema\u00bb-\u00a0<\/a><a>El Espa\u00f1ol<br \/>\n<\/a><a class=\"title\" href=\"https:\/\/www.lanocion.es\/pais-vasco\/20240711\/un-estudio-advierte-de-que-las-resistencias-antife-13696.html\" target=\"_blank\" rel=\"noopener\" data-artpy=\"0\" data-author=\"lanocion\">Un estudio advierte de que las resistencias antifeministas son globales y est\u00e1n generalizadas<\/a>-lanocion<a><br \/>\n<\/a><a class=\"title\" href=\"https:\/\/www.msn.com\/es-us\/noticias\/other\/el-tabaco-corteja-a-las-mujeres-j%C3%B3venes-con-marketing-encubierto-el-resurgir-del-cigarrillo-entre-influencers-y-famosos\/ar-BB1pMuft?ocid=BingNewsVerp\" target=\"_blank\" rel=\"noopener\" data-artpy=\"0\" data-author=\"El Pa\u00eds (US Espa\u00f1ol) on MSN\">El tabaco corteja a las mujeres j\u00f3venes con marketing encubierto: el resurgir del cigarrillo entre \u2018influencers\u2019 y famosos<\/a>-elpais<a><br \/>\n<\/a><\/p>\n<p><strong>Violencias<br \/>\n<\/strong><a class=\"title\" href=\"https:\/\/cadenaser.com\/andalucia\/2024\/07\/08\/gonzalo-fernandez-fiscal-de-violencia-de-genero-hago-mas-contra-la-violencia-educando-a-mis-hijos-que-siendo-fiscal-radio-algeciras\/\" target=\"_blank\" rel=\"noopener\" data-artpy=\"0\" data-author=\"Cadena SER\">Gonzalo Fern\u00e1ndez, fiscal de Violencia de G\u00e9nero: \u00abHago m\u00e1s contra la violencia educando a mis hijos que siendo fiscal\u00bb<\/a>-ser<strong><br \/>\n<\/strong><a class=\"title\" href=\"https:\/\/www.antena3.com\/noticias\/sociedad\/mas-200-municipios-espana-toman-iniciativas-violencia-genero_20240709668d8c95301df70001fd0dd9.html\" target=\"_blank\" rel=\"noopener\" data-artpy=\"0\" data-author=\"Antena 3\">M\u00e1s de 200 municipios de Espa\u00f1a toman iniciativas contra la violencia de g\u00e9nero<\/a>-antena3<br \/>\n<a class=\"title\" href=\"https:\/\/nuevarevolucion.es\/la-prostitucion-establece-un-sistema-de-subordinacion-y-explotacion-de-mujeres-que-anula-los-principios-de-igualdad\/\" target=\"_blank\" rel=\"noopener\" data-artpy=\"0\" data-author=\"nuevarevolucion\">La prostituci\u00f3n establece un sistema de subordinaci\u00f3n y explotaci\u00f3n de mujeres, que anula los principios de igualdad.<\/a>-nuevarevolucion<a><br \/>\n<\/a><\/p>\n<p><strong>Ciencia y Cultura<br \/>\n<\/strong><a class=\"title\" href=\"https:\/\/www.eldiario.es\/canariasahora\/cultura\/voces-mujer-octava-edicion-maspalomas-costa-canaria-soul-festival_1_11516158.html\" target=\"_blank\" rel=\"noopener\" data-artpy=\"0\" data-author=\"eldiario.es\">Voces de mujer para la octava edici\u00f3n del Maspalomas Costa Canaria Soul Festival<\/a>-eldiario<br \/>\n<a class=\"title\" href=\"https:\/\/www.eldiario.es\/castilla-la-mancha\/cultura\/museo-santa-cruz-toledo-acoge-x-muestra-mujeres-arte_1_11514896.html\" target=\"_blank\" rel=\"noopener\" data-artpy=\"0\" data-author=\"eldiario.es\">El Museo de Santa Cruz de Toledo acoge la X Muestra &#8216;Mujeres en el Arte&#8217;<\/a>-eldiario<br \/>\n<a class=\"title\" href=\"https:\/\/www.mallorcadiario.com\/la-mallorquina-victoria-luengo-galardonada-con-el-premio-princesa-de-girona-de-arte\" target=\"_blank\" rel=\"noopener\" data-artpy=\"0\" data-author=\"Pantoja\">La mallorquina Victoria Luengo, galardonada con el Premio Princesa de Girona de Arte<\/a>-pantoja<br \/>\n<a class=\"title\" href=\"https:\/\/www.msn.com\/es-es\/noticias\/other\/artistas-y-escritoras-mujeres-silenciadas-a-lo-largo-de-la-historia\/ar-BB1pBskn?ocid=BingNewsVerp\" target=\"_blank\" rel=\"noopener\" data-artpy=\"0\" data-author=\"Cadena SER on MSN\">Artistas y escritoras, mujeres silenciadas a lo largo de la Historia<\/a>-ser<br \/>\n<a class=\"title\" href=\"https:\/\/www.cuatro.com\/noticias\/cultura\/20240711\/elisabet-benavent-entrevista-libro-esnob_18_012940840.html\" target=\"_blank\" rel=\"noopener\" data-artpy=\"0\" data-author=\"Cuatro\">El\u00edsabet Benavent: \u201cNo hay nada m\u00e1s t\u00f3xico que decirle a una mujer que tiene que cambiar a un hombre para que la quiera\u201d<\/a>-cuatro<br \/>\n<a class=\"title\" href=\"https:\/\/www.msn.com\/es-es\/noticias\/fotos\/mari-chord%C3%A0-la-artista-pop-y-feminista-que-ya-pintaba-vaginas-durante-el-franquismo-desembarca-en-el-macba\/ar-BB1pwW97?ocid=BingNewsVerp\" target=\"_blank\" rel=\"noopener\" data-artpy=\"0\" data-author=\"eldiario.es on MSN\">Mari Chord\u00e0, la artista pop y feminista que ya pintaba vaginas durante el franquismo desembarca en el MACBA<\/a>-eldiario<\/p>\n<p><strong>Deporte<br \/>\n<\/strong><a class=\"title\" href=\"https:\/\/www.msn.com\/es-es\/deportes\/futbol\/espa%C3%B1a-juega-en-chequia-el-pen%C3%BAltimo-clasificatorio-de-la-eurocopa-con-la-vista-en-par%C3%ADs\/ar-BB1pO0VG?ocid=BingNewsVerp\" target=\"_blank\" rel=\"noopener\" data-artpy=\"0\" data-author=\"Agencia EFE on MSN\">Espa\u00f1a juega en Chequia el pen\u00faltimo clasificatorio de la Eurocopa con la vista en Par\u00eds<\/a>-agenciaefe<strong><br \/>\n<\/strong><a class=\"title\" href=\"https:\/\/www.msn.com\/es-co\/news\/other\/paula-pati%C3%B1o-un-pedalazo-al-coraz%C3%B3n-del-lote-femenino\/ar-BB1pMD9A?ocid=BingNewsVerp\" target=\"_blank\" rel=\"noopener\" data-artpy=\"0\" data-author=\"El Tiempo on MSN\">Paula Pati\u00f1o: un pedalazo al coraz\u00f3n del lote femenino<\/a>-eltiempo<br \/>\n<a class=\"title\" href=\"https:\/\/www.europapress.es\/andalucia\/unia-01278\/noticia-preparadora-fisica-seleccion-futbol-femenino-alerta-riesgo-lesiones-dias-previos-ovulacion-20240711132245.html\" target=\"_blank\" rel=\"noopener\" data-artpy=\"0\" data-author=\"Europa Press\">Blanca Romero, la preparadora f\u00edsica de la Selecci\u00f3n de F\u00fatbol Femenino alerta del riesgo de lesiones los d\u00edas previos a la ovulaci\u00f3n<\/a>-europapress<br \/>\n<a class=\"title\" href=\"https:\/\/www.madridactual.es\/7966008-la-defensa-espanola-maria-mendez-ficha-por-el-real-madrid-femenino-para-el-curso-2024-25\" target=\"_blank\" rel=\"noopener\" data-artpy=\"0\" data-author=\"Madrid actual\">Mar\u00eda M\u00e9ndez se une al Real Madrid Femenino<\/a>-madridactual<strong><br \/>\n<\/strong><\/p>\n<\/div>\n<\/div>\n<div id=\"\" class=\"lsow-panel lsow-active\">\n<h1 class=\"lsow-panel-title\">Internacional<\/h1>\n<div class=\"lsow-panel-content\">\n<p><a href=\"https:\/\/www.google.com\/url?rct=j&amp;sa=t&amp;url=https:\/\/es-us.noticias.yahoo.com\/d%25C3%25ADa-mundial-poblaci%25C3%25B3n-mujeres-siguen-145456711.html&amp;ct=ga&amp;cd=CAEYDSoUMTY4MjA2MDEwNjA4OTkwMzMxNDUyGWUyZGVmYTdkNWRhOTE1N2Q6ZXM6ZXM6RVM&amp;usg=AOvVaw0iPgZlAuYVumdRbleglMvT\" target=\"_blank\" rel=\"noopener\" data-saferedirecturl=\"https:\/\/www.google.com\/url?q=https:\/\/www.google.com\/url?rct%3Dj%26sa%3Dt%26url%3Dhttps:\/\/es-us.noticias.yahoo.com\/d%2525C3%2525ADa-mundial-poblaci%2525C3%2525B3n-mujeres-siguen-145456711.html%26ct%3Dga%26cd%3DCAEYDSoUMTY4MjA2MDEwNjA4OTkwMzMxNDUyGWUyZGVmYTdkNWRhOTE1N2Q6ZXM6ZXM6RVM%26usg%3DAOvVaw0iPgZlAuYVumdRbleglMvT&amp;source=gmail&amp;ust=1720799029798000&amp;usg=AOvVaw0TRVaNECOS4yuC0ZMARAVD\">D\u00eda Mundial de la Poblaci\u00f3n: las mujeres siguen siendo excluidas y marginadas-\u00a0<\/a><a>Yahoo Noticias<br \/>\n<\/a><a class=\"title\" href=\"https:\/\/www.unidiversidad.com.ar\/el-avance-de-las-mujeres-en-el-mercado-del-trabajo-puede-aumentar-un-20-el-pbi-mundial\" target=\"_blank\" rel=\"noopener\" data-artpy=\"0\" data-author=\"unidiversidad\">El avance de las mujeres en el mercado del trabajo puede aumentar el 20% el PBI mundial<\/a>-unidiversidad<br \/>\n<a class=\"title\" href=\"https:\/\/www.abc.es\/sociedad\/programa-europeo-mediterraneo-africa-cierra-ayudas-400-20240711171815-vi.html\" target=\"_blank\" rel=\"noopener\" data-artpy=\"0\" data-author=\"ABC\">Programa europeo para el Mediterr\u00e1neo y \u00c1frica cierra con ayudas a m\u00e1s de 400 personas<\/a>-abc<br \/>\n<a class=\"title\" href=\"https:\/\/quinto-poder.mx\/rumbo-2024\/2024\/7\/10\/altagracia-gomez-la-mujer-fuerte-de-claudia-sheinbaum-en-el-consejo-empresarial-31022.html\" target=\"_blank\" rel=\"noopener\" data-artpy=\"0\" data-author=\"quinto-poder\">Altagracia G\u00f3mez, la mujer fuerte de Claudia Sheinbaum en el Consejo Empresarial<\/a>-quintopoder<br \/>\n<a href=\"https:\/\/www.google.com\/url?rct=j&amp;sa=t&amp;url=https:\/\/www.infobae.com\/america\/agencias\/2024\/07\/10\/maria-angeles-tenor-y-lucia-maria-busquier-ganadoras-de-los-premios-maria-moliner-y-leonor-de-guzman\/&amp;ct=ga&amp;cd=CAEYBCoTNjAwMDU3NzM0MjE4MDM1NTI3MzIZNTlkNzgxNzEzNmEyZDAyODplczplczpFUw&amp;usg=AOvVaw2na9ViyAautYiVzWB2_k0m\" target=\"_blank\" rel=\"noopener\" data-saferedirecturl=\"https:\/\/www.google.com\/url?q=https:\/\/www.google.com\/url?rct%3Dj%26sa%3Dt%26url%3Dhttps:\/\/www.infobae.com\/america\/agencias\/2024\/07\/10\/maria-angeles-tenor-y-lucia-maria-busquier-ganadoras-de-los-premios-maria-moliner-y-leonor-de-guzman\/%26ct%3Dga%26cd%3DCAEYBCoTNjAwMDU3NzM0MjE4MDM1NTI3MzIZNTlkNzgxNzEzNmEyZDAyODplczplczpFUw%26usg%3DAOvVaw2na9ViyAautYiVzWB2_k0m&amp;source=gmail&amp;ust=1720763981655000&amp;usg=AOvVaw2YMPl__Dk3hty7w6K9rbAA\">Mar\u00eda \u00c1ngeles Tenor y Luc\u00eda Mar\u00eda Busquier, ganadoras de los premios &#8216;Mar\u00eda Moliner&#8217; y &#8230; &#8211;\u00a0<\/a><a>Infobae<br \/>\n<\/a><a class=\"title\" href=\"https:\/\/www.nuevatribuna.es\/articulo\/cultura---ocio\/agnes-varda-cineasta-capaz-emocionar-que-dio-voz-mujeres-olvidados\/20240711095704228741.html\" target=\"_blank\" rel=\"noopener\" data-artpy=\"0\" data-author=\"Nueva tribuna\">Agn\u00e8s Varda, la cineasta capaz de emocionar, que dio voz a las mujeres y a los olvidados<\/a>-nuevatribuna<a><br \/>\n<\/a><a href=\"https:\/\/www.google.com\/url?rct=j&amp;sa=t&amp;url=https:\/\/www.unwomen.org\/es\/paris-2024-olympics-new-era-for-women-in-sport&amp;ct=ga&amp;cd=CAEYACoTNjE2MDk0MDIzNjMwMDA5MzY5NDIZZTJkZWZhN2Q1ZGE5MTU3ZDplczplczpFUw&amp;usg=AOvVaw1Np41wh3AlVRmnjtzsTreZ\" target=\"_blank\" rel=\"noopener\" data-saferedirecturl=\"https:\/\/www.google.com\/url?q=https:\/\/www.google.com\/url?rct%3Dj%26sa%3Dt%26url%3Dhttps:\/\/www.unwomen.org\/es\/paris-2024-olympics-new-era-for-women-in-sport%26ct%3Dga%26cd%3DCAEYACoTNjE2MDk0MDIzNjMwMDA5MzY5NDIZZTJkZWZhN2Q1ZGE5MTU3ZDplczplczpFUw%26usg%3DAOvVaw1Np41wh3AlVRmnjtzsTreZ&amp;source=gmail&amp;ust=1720763978682000&amp;usg=AOvVaw3gJ0Srk_1pVoWO3IpTPsRP\">Juegos Ol\u00edmpicos de Par\u00eds 2024: una nueva era para las mujeres en el deporte-\u00a0<\/a><a>UN Women<br \/>\n<\/a><a class=\"title\" href=\"http:\/\/spanish.xinhuanet.com\/20240711\/b68692efc4bd4583aba0971e6f7183f7\/c.html\" target=\"_blank\" rel=\"noopener\" data-artpy=\"0\" data-author=\"Xinhua\">El Museo del F\u00fatbol de Brasil reabre con homenajes a f\u00fatbol femenino y a Pel\u00e9-<\/a>xhinua<\/p>\n<\/div>\n<\/div>\n<\/div><\/div><\/div><\/div><\/div>\n","protected":false},"excerpt":{"rendered":"<p>11J D\u00eda Mundial de la Poblaci\u00f3n: las mujeres siguen siendo excluidas y marginadas *  El avance de las mujeres en el mercado del trabajo puede aumentar el 20% el PBI mundial * 12J El D\u00eda del Cooperativismo pondr\u00e1 el foco en el papel de la mujer en las cooperativas  *  \u00bfQu\u00e9 prefiere, fr\u00edo o calor? Yo prefiero un techo<\/p>\n","protected":false},"author":3,"featured_media":22909,"comment_status":"closed","ping_status":"closed","sticky":false,"template":"","format":"standard","meta":{"footnotes":""},"categories":[298,621],"tags":[104,107],"class_list":["post-22105","post","type-post","status-publish","format-standard","has-post-thumbnail","hentry","category-newsletter","category-nwl-3-0","tag-cooperativismo","tag-pib"],"yoast_head":"<!-- This site is optimized with the Yoast SEO plugin v27.5 - https:\/\/yoast.com\/product\/yoast-seo-wordpress\/ -->\n<title>Noticias Info CKL n\u00ba 2887-11\/07\/24-Comunicar con perspectiva de g\u00e9nero<\/title>\n<meta name=\"description\" content=\"Noticias Info CKL n\u00ba 2887-11\/07\/24 11J D\u00eda Mundial de la Poblaci\u00f3n: las mujeres siguen siendo excluidas y marginadas * El avance de las mujeres en el mercado del trabajo puede aumentar el 20% el PBI mundial * 12J El D\u00eda del Cooperativismo pondr\u00e1 el foco en el papel de la mujer en las cooperativas * \u00bfQu\u00e9 prefiere, fr\u00edo o calor? Yo prefiero un techo\" \/>\n<meta name=\"robots\" content=\"index, follow, max-snippet:-1, max-image-preview:large, max-video-preview:-1\" \/>\n<link rel=\"canonical\" href=\"https:\/\/cklcomunicaciones.es\/coop\/noticias-info-ckl-no-2887-11-07-24\/\" \/>\n<meta property=\"og:locale\" content=\"es_ES\" \/>\n<meta property=\"og:type\" content=\"article\" \/>\n<meta property=\"og:title\" content=\"Noticias Info CKL n\u00ba 2887-11\/07\/24-Comunicar con perspectiva de g\u00e9nero\" \/>\n<meta property=\"og:description\" content=\"Noticias Info CKL n\u00ba 2887-11\/07\/24 11J D\u00eda Mundial de la Poblaci\u00f3n: las mujeres siguen siendo excluidas y marginadas * El avance de las mujeres en el mercado del trabajo puede aumentar el 20% el PBI mundial * 12J El D\u00eda del Cooperativismo pondr\u00e1 el foco en el papel de la mujer en las cooperativas * \u00bfQu\u00e9 prefiere, fr\u00edo o calor? Yo prefiero un techo\" \/>\n<meta property=\"og:url\" content=\"https:\/\/cklcomunicaciones.es\/coop\/noticias-info-ckl-no-2887-11-07-24\/\" \/>\n<meta property=\"og:site_name\" content=\"CKL Comunicaciones\" \/>\n<meta property=\"article:published_time\" content=\"2024-07-11T17:50:07+00:00\" \/>\n<meta property=\"article:modified_time\" content=\"2025-02-11T12:35:53+00:00\" \/>\n<meta property=\"og:image\" content=\"https:\/\/cklcomunicaciones.es\/coop\/wp-content\/uploads\/2025\/01\/CKL-una-mirada-distinta-de-la-comunicacion.jpg\" \/>\n\t<meta property=\"og:image:width\" content=\"1482\" \/>\n\t<meta property=\"og:image:height\" content=\"775\" \/>\n\t<meta property=\"og:image:type\" content=\"image\/jpeg\" \/>\n<meta name=\"author\" content=\"ckl\" \/>\n<meta name=\"twitter:card\" content=\"summary_large_image\" \/>\n<meta name=\"twitter:label1\" content=\"Escrito por\" \/>\n\t<meta name=\"twitter:data1\" content=\"ckl\" \/>\n\t<meta name=\"twitter:label2\" content=\"Tiempo de lectura\" \/>\n\t<meta name=\"twitter:data2\" content=\"6 minutos\" \/>\n<script type=\"application\/ld+json\" class=\"yoast-schema-graph\">{\"@context\":\"https:\\\/\\\/schema.org\",\"@graph\":[{\"@type\":\"Article\",\"@id\":\"https:\\\/\\\/cklcomunicaciones.es\\\/coop\\\/noticias-info-ckl-no-2887-11-07-24\\\/#article\",\"isPartOf\":{\"@id\":\"https:\\\/\\\/cklcomunicaciones.es\\\/coop\\\/noticias-info-ckl-no-2887-11-07-24\\\/\"},\"author\":{\"name\":\"ckl\",\"@id\":\"https:\\\/\\\/cklcomunicaciones.es\\\/coop\\\/#\\\/schema\\\/person\\\/929a6837f7626450bbb50cee1aef266e\"},\"headline\":\"Noticias Info CKL n\u00ba 2887-11\\\/07\\\/24\",\"datePublished\":\"2024-07-11T17:50:07+00:00\",\"dateModified\":\"2025-02-11T12:35:53+00:00\",\"mainEntityOfPage\":{\"@id\":\"https:\\\/\\\/cklcomunicaciones.es\\\/coop\\\/noticias-info-ckl-no-2887-11-07-24\\\/\"},\"wordCount\":1260,\"image\":{\"@id\":\"https:\\\/\\\/cklcomunicaciones.es\\\/coop\\\/noticias-info-ckl-no-2887-11-07-24\\\/#primaryimage\"},\"thumbnailUrl\":\"https:\\\/\\\/cklcomunicaciones.es\\\/coop\\\/wp-content\\\/uploads\\\/2025\\\/01\\\/CKL-una-mirada-distinta-de-la-comunicacion.jpg\",\"keywords\":[\"cooperativismo\",\"PIB\"],\"articleSection\":[\"Newsletter\",\"Nwl v3.0\"],\"inLanguage\":\"es\"},{\"@type\":\"WebPage\",\"@id\":\"https:\\\/\\\/cklcomunicaciones.es\\\/coop\\\/noticias-info-ckl-no-2887-11-07-24\\\/\",\"url\":\"https:\\\/\\\/cklcomunicaciones.es\\\/coop\\\/noticias-info-ckl-no-2887-11-07-24\\\/\",\"name\":\"Noticias Info CKL n\u00ba 2887-11\\\/07\\\/24-Comunicar con perspectiva de g\u00e9nero\",\"isPartOf\":{\"@id\":\"https:\\\/\\\/cklcomunicaciones.es\\\/coop\\\/#website\"},\"primaryImageOfPage\":{\"@id\":\"https:\\\/\\\/cklcomunicaciones.es\\\/coop\\\/noticias-info-ckl-no-2887-11-07-24\\\/#primaryimage\"},\"image\":{\"@id\":\"https:\\\/\\\/cklcomunicaciones.es\\\/coop\\\/noticias-info-ckl-no-2887-11-07-24\\\/#primaryimage\"},\"thumbnailUrl\":\"https:\\\/\\\/cklcomunicaciones.es\\\/coop\\\/wp-content\\\/uploads\\\/2025\\\/01\\\/CKL-una-mirada-distinta-de-la-comunicacion.jpg\",\"datePublished\":\"2024-07-11T17:50:07+00:00\",\"dateModified\":\"2025-02-11T12:35:53+00:00\",\"author\":{\"@id\":\"https:\\\/\\\/cklcomunicaciones.es\\\/coop\\\/#\\\/schema\\\/person\\\/929a6837f7626450bbb50cee1aef266e\"},\"description\":\"Noticias Info CKL n\u00ba 2887-11\\\/07\\\/24 11J D\u00eda Mundial de la Poblaci\u00f3n: las mujeres siguen siendo excluidas y marginadas * El avance de las mujeres en el mercado del trabajo puede aumentar el 20% el PBI mundial * 12J El D\u00eda del Cooperativismo pondr\u00e1 el foco en el papel de la mujer en las cooperativas * \u00bfQu\u00e9 prefiere, fr\u00edo o calor? Yo prefiero un techo\",\"breadcrumb\":{\"@id\":\"https:\\\/\\\/cklcomunicaciones.es\\\/coop\\\/noticias-info-ckl-no-2887-11-07-24\\\/#breadcrumb\"},\"inLanguage\":\"es\",\"potentialAction\":[{\"@type\":\"ReadAction\",\"target\":[\"https:\\\/\\\/cklcomunicaciones.es\\\/coop\\\/noticias-info-ckl-no-2887-11-07-24\\\/\"]}]},{\"@type\":\"ImageObject\",\"inLanguage\":\"es\",\"@id\":\"https:\\\/\\\/cklcomunicaciones.es\\\/coop\\\/noticias-info-ckl-no-2887-11-07-24\\\/#primaryimage\",\"url\":\"https:\\\/\\\/cklcomunicaciones.es\\\/coop\\\/wp-content\\\/uploads\\\/2025\\\/01\\\/CKL-una-mirada-distinta-de-la-comunicacion.jpg\",\"contentUrl\":\"https:\\\/\\\/cklcomunicaciones.es\\\/coop\\\/wp-content\\\/uploads\\\/2025\\\/01\\\/CKL-una-mirada-distinta-de-la-comunicacion.jpg\",\"width\":1482,\"height\":775,\"caption\":\"CKL - una mirada distinta de la comunicacion\"},{\"@type\":\"BreadcrumbList\",\"@id\":\"https:\\\/\\\/cklcomunicaciones.es\\\/coop\\\/noticias-info-ckl-no-2887-11-07-24\\\/#breadcrumb\",\"itemListElement\":[{\"@type\":\"ListItem\",\"position\":1,\"name\":\"Portada\",\"item\":\"https:\\\/\\\/cklcomunicaciones.es\\\/coop\\\/\"},{\"@type\":\"ListItem\",\"position\":2,\"name\":\"Noticias Info CKL n\u00ba 2887-11\\\/07\\\/24\"}]},{\"@type\":\"WebSite\",\"@id\":\"https:\\\/\\\/cklcomunicaciones.es\\\/coop\\\/#website\",\"url\":\"https:\\\/\\\/cklcomunicaciones.es\\\/coop\\\/\",\"name\":\"CKL Comunicaciones\",\"description\":\"Sitio web de CKL Comunicaciones coop , la consultora de comunicaci\u00f3n y estrategia\",\"potentialAction\":[{\"@type\":\"SearchAction\",\"target\":{\"@type\":\"EntryPoint\",\"urlTemplate\":\"https:\\\/\\\/cklcomunicaciones.es\\\/coop\\\/?s={search_term_string}\"},\"query-input\":{\"@type\":\"PropertyValueSpecification\",\"valueRequired\":true,\"valueName\":\"search_term_string\"}}],\"inLanguage\":\"es\"},{\"@type\":\"Person\",\"@id\":\"https:\\\/\\\/cklcomunicaciones.es\\\/coop\\\/#\\\/schema\\\/person\\\/929a6837f7626450bbb50cee1aef266e\",\"name\":\"ckl\",\"image\":{\"@type\":\"ImageObject\",\"inLanguage\":\"es\",\"@id\":\"https:\\\/\\\/secure.gravatar.com\\\/avatar\\\/c82db564e8a669bf6023357a157b9dc4780f4d4c618f2ad1d71a6a5dede45057?s=96&d=mm&r=g\",\"url\":\"https:\\\/\\\/secure.gravatar.com\\\/avatar\\\/c82db564e8a669bf6023357a157b9dc4780f4d4c618f2ad1d71a6a5dede45057?s=96&d=mm&r=g\",\"contentUrl\":\"https:\\\/\\\/secure.gravatar.com\\\/avatar\\\/c82db564e8a669bf6023357a157b9dc4780f4d4c618f2ad1d71a6a5dede45057?s=96&d=mm&r=g\",\"caption\":\"ckl\"},\"url\":\"https:\\\/\\\/cklcomunicaciones.es\\\/coop\\\/author\\\/cklcomunicaciones\\\/\"}]}<\/script>\n<!-- \/ Yoast SEO plugin. -->","yoast_head_json":{"title":"Noticias Info CKL n\u00ba 2887-11\/07\/24-Comunicar con perspectiva de g\u00e9nero","description":"Noticias Info CKL n\u00ba 2887-11\/07\/24 11J D\u00eda Mundial de la Poblaci\u00f3n: las mujeres siguen siendo excluidas y marginadas * El avance de las mujeres en el mercado del trabajo puede aumentar el 20% el PBI mundial * 12J El D\u00eda del Cooperativismo pondr\u00e1 el foco en el papel de la mujer en las cooperativas * \u00bfQu\u00e9 prefiere, fr\u00edo o calor? Yo prefiero un techo","robots":{"index":"index","follow":"follow","max-snippet":"max-snippet:-1","max-image-preview":"max-image-preview:large","max-video-preview":"max-video-preview:-1"},"canonical":"https:\/\/cklcomunicaciones.es\/coop\/noticias-info-ckl-no-2887-11-07-24\/","og_locale":"es_ES","og_type":"article","og_title":"Noticias Info CKL n\u00ba 2887-11\/07\/24-Comunicar con perspectiva de g\u00e9nero","og_description":"Noticias Info CKL n\u00ba 2887-11\/07\/24 11J D\u00eda Mundial de la Poblaci\u00f3n: las mujeres siguen siendo excluidas y marginadas * El avance de las mujeres en el mercado del trabajo puede aumentar el 20% el PBI mundial * 12J El D\u00eda del Cooperativismo pondr\u00e1 el foco en el papel de la mujer en las cooperativas * \u00bfQu\u00e9 prefiere, fr\u00edo o calor? Yo prefiero un techo","og_url":"https:\/\/cklcomunicaciones.es\/coop\/noticias-info-ckl-no-2887-11-07-24\/","og_site_name":"CKL Comunicaciones","article_published_time":"2024-07-11T17:50:07+00:00","article_modified_time":"2025-02-11T12:35:53+00:00","og_image":[{"width":1482,"height":775,"url":"https:\/\/cklcomunicaciones.es\/coop\/wp-content\/uploads\/2025\/01\/CKL-una-mirada-distinta-de-la-comunicacion.jpg","type":"image\/jpeg"}],"author":"ckl","twitter_card":"summary_large_image","twitter_misc":{"Escrito por":"ckl","Tiempo de lectura":"6 minutos"},"schema":{"@context":"https:\/\/schema.org","@graph":[{"@type":"Article","@id":"https:\/\/cklcomunicaciones.es\/coop\/noticias-info-ckl-no-2887-11-07-24\/#article","isPartOf":{"@id":"https:\/\/cklcomunicaciones.es\/coop\/noticias-info-ckl-no-2887-11-07-24\/"},"author":{"name":"ckl","@id":"https:\/\/cklcomunicaciones.es\/coop\/#\/schema\/person\/929a6837f7626450bbb50cee1aef266e"},"headline":"Noticias Info CKL n\u00ba 2887-11\/07\/24","datePublished":"2024-07-11T17:50:07+00:00","dateModified":"2025-02-11T12:35:53+00:00","mainEntityOfPage":{"@id":"https:\/\/cklcomunicaciones.es\/coop\/noticias-info-ckl-no-2887-11-07-24\/"},"wordCount":1260,"image":{"@id":"https:\/\/cklcomunicaciones.es\/coop\/noticias-info-ckl-no-2887-11-07-24\/#primaryimage"},"thumbnailUrl":"https:\/\/cklcomunicaciones.es\/coop\/wp-content\/uploads\/2025\/01\/CKL-una-mirada-distinta-de-la-comunicacion.jpg","keywords":["cooperativismo","PIB"],"articleSection":["Newsletter","Nwl v3.0"],"inLanguage":"es"},{"@type":"WebPage","@id":"https:\/\/cklcomunicaciones.es\/coop\/noticias-info-ckl-no-2887-11-07-24\/","url":"https:\/\/cklcomunicaciones.es\/coop\/noticias-info-ckl-no-2887-11-07-24\/","name":"Noticias Info CKL n\u00ba 2887-11\/07\/24-Comunicar con perspectiva de g\u00e9nero","isPartOf":{"@id":"https:\/\/cklcomunicaciones.es\/coop\/#website"},"primaryImageOfPage":{"@id":"https:\/\/cklcomunicaciones.es\/coop\/noticias-info-ckl-no-2887-11-07-24\/#primaryimage"},"image":{"@id":"https:\/\/cklcomunicaciones.es\/coop\/noticias-info-ckl-no-2887-11-07-24\/#primaryimage"},"thumbnailUrl":"https:\/\/cklcomunicaciones.es\/coop\/wp-content\/uploads\/2025\/01\/CKL-una-mirada-distinta-de-la-comunicacion.jpg","datePublished":"2024-07-11T17:50:07+00:00","dateModified":"2025-02-11T12:35:53+00:00","author":{"@id":"https:\/\/cklcomunicaciones.es\/coop\/#\/schema\/person\/929a6837f7626450bbb50cee1aef266e"},"description":"Noticias Info CKL n\u00ba 2887-11\/07\/24 11J D\u00eda Mundial de la Poblaci\u00f3n: las mujeres siguen siendo excluidas y marginadas * El avance de las mujeres en el mercado del trabajo puede aumentar el 20% el PBI mundial * 12J El D\u00eda del Cooperativismo pondr\u00e1 el foco en el papel de la mujer en las cooperativas * \u00bfQu\u00e9 prefiere, fr\u00edo o calor? Yo prefiero un techo","breadcrumb":{"@id":"https:\/\/cklcomunicaciones.es\/coop\/noticias-info-ckl-no-2887-11-07-24\/#breadcrumb"},"inLanguage":"es","potentialAction":[{"@type":"ReadAction","target":["https:\/\/cklcomunicaciones.es\/coop\/noticias-info-ckl-no-2887-11-07-24\/"]}]},{"@type":"ImageObject","inLanguage":"es","@id":"https:\/\/cklcomunicaciones.es\/coop\/noticias-info-ckl-no-2887-11-07-24\/#primaryimage","url":"https:\/\/cklcomunicaciones.es\/coop\/wp-content\/uploads\/2025\/01\/CKL-una-mirada-distinta-de-la-comunicacion.jpg","contentUrl":"https:\/\/cklcomunicaciones.es\/coop\/wp-content\/uploads\/2025\/01\/CKL-una-mirada-distinta-de-la-comunicacion.jpg","width":1482,"height":775,"caption":"CKL - una mirada distinta de la comunicacion"},{"@type":"BreadcrumbList","@id":"https:\/\/cklcomunicaciones.es\/coop\/noticias-info-ckl-no-2887-11-07-24\/#breadcrumb","itemListElement":[{"@type":"ListItem","position":1,"name":"Portada","item":"https:\/\/cklcomunicaciones.es\/coop\/"},{"@type":"ListItem","position":2,"name":"Noticias Info CKL n\u00ba 2887-11\/07\/24"}]},{"@type":"WebSite","@id":"https:\/\/cklcomunicaciones.es\/coop\/#website","url":"https:\/\/cklcomunicaciones.es\/coop\/","name":"CKL Comunicaciones","description":"Sitio web de CKL Comunicaciones coop , la consultora de comunicaci\u00f3n y estrategia","potentialAction":[{"@type":"SearchAction","target":{"@type":"EntryPoint","urlTemplate":"https:\/\/cklcomunicaciones.es\/coop\/?s={search_term_string}"},"query-input":{"@type":"PropertyValueSpecification","valueRequired":true,"valueName":"search_term_string"}}],"inLanguage":"es"},{"@type":"Person","@id":"https:\/\/cklcomunicaciones.es\/coop\/#\/schema\/person\/929a6837f7626450bbb50cee1aef266e","name":"ckl","image":{"@type":"ImageObject","inLanguage":"es","@id":"https:\/\/secure.gravatar.com\/avatar\/c82db564e8a669bf6023357a157b9dc4780f4d4c618f2ad1d71a6a5dede45057?s=96&d=mm&r=g","url":"https:\/\/secure.gravatar.com\/avatar\/c82db564e8a669bf6023357a157b9dc4780f4d4c618f2ad1d71a6a5dede45057?s=96&d=mm&r=g","contentUrl":"https:\/\/secure.gravatar.com\/avatar\/c82db564e8a669bf6023357a157b9dc4780f4d4c618f2ad1d71a6a5dede45057?s=96&d=mm&r=g","caption":"ckl"},"url":"https:\/\/cklcomunicaciones.es\/coop\/author\/cklcomunicaciones\/"}]}},"_links":{"self":[{"href":"https:\/\/cklcomunicaciones.es\/coop\/wp-json\/wp\/v2\/posts\/22105","targetHints":{"allow":["GET"]}}],"collection":[{"href":"https:\/\/cklcomunicaciones.es\/coop\/wp-json\/wp\/v2\/posts"}],"about":[{"href":"https:\/\/cklcomunicaciones.es\/coop\/wp-json\/wp\/v2\/types\/post"}],"author":[{"embeddable":true,"href":"https:\/\/cklcomunicaciones.es\/coop\/wp-json\/wp\/v2\/users\/3"}],"replies":[{"embeddable":true,"href":"https:\/\/cklcomunicaciones.es\/coop\/wp-json\/wp\/v2\/comments?post=22105"}],"version-history":[{"count":0,"href":"https:\/\/cklcomunicaciones.es\/coop\/wp-json\/wp\/v2\/posts\/22105\/revisions"}],"wp:featuredmedia":[{"embeddable":true,"href":"https:\/\/cklcomunicaciones.es\/coop\/wp-json\/wp\/v2\/media\/22909"}],"wp:attachment":[{"href":"https:\/\/cklcomunicaciones.es\/coop\/wp-json\/wp\/v2\/media?parent=22105"}],"wp:term":[{"taxonomy":"category","embeddable":true,"href":"https:\/\/cklcomunicaciones.es\/coop\/wp-json\/wp\/v2\/categories?post=22105"},{"taxonomy":"post_tag","embeddable":true,"href":"https:\/\/cklcomunicaciones.es\/coop\/wp-json\/wp\/v2\/tags?post=22105"}],"curies":[{"name":"wp","href":"https:\/\/api.w.org\/{rel}","templated":true}]}}