{"id":22094,"date":"2024-05-27T18:51:11","date_gmt":"2024-05-27T16:51:11","guid":{"rendered":"https:\/\/www.cklcomunicaciones.es\/?p=21133"},"modified":"2025-02-11T11:45:19","modified_gmt":"2025-02-11T10:45:19","slug":"noticias-info-ckl-no-2873-27-05-24","status":"publish","type":"post","link":"https:\/\/cklcomunicaciones.es\/coop\/noticias-info-ckl-no-2873-27-05-24\/","title":{"rendered":"Noticias Info CKL n\u00ba 2873-27\/05\/24"},"content":{"rendered":"<div class=\"fusion-fullwidth fullwidth-box fusion-builder-row-1 fusion-flex-container nonhundred-percent-fullwidth non-hundred-percent-height-scrolling\" style=\"--awb-border-radius-top-left:0px;--awb-border-radius-top-right:0px;--awb-border-radius-bottom-right:0px;--awb-border-radius-bottom-left:0px;--awb-flex-wrap:wrap;\" ><div class=\"fusion-builder-row fusion-row fusion-flex-align-items-flex-start fusion-flex-content-wrap\" style=\"max-width:1248px;margin-left: calc(-4% \/ 2 );margin-right: calc(-4% \/ 2 );\"><div class=\"fusion-layout-column fusion_builder_column fusion-builder-column-0 fusion_builder_column_1_1 1_1 fusion-flex-column\" style=\"--awb-bg-blend:overlay;--awb-bg-size:cover;--awb-width-large:100%;--awb-margin-top-large:0px;--awb-spacing-right-large:1.92%;--awb-margin-bottom-large:0px;--awb-spacing-left-large:1.92%;--awb-width-medium:100%;--awb-spacing-right-medium:1.92%;--awb-spacing-left-medium:1.92%;--awb-width-small:100%;--awb-spacing-right-small:1.92%;--awb-spacing-left-small:1.92%;\"><div class=\"fusion-column-wrapper fusion-flex-justify-content-flex-start fusion-content-layout-column\"><div class=\"fusion-text fusion-text-1\"><h1>Comunicaci\u00f3n, Publicidad y TICs<\/h1>\n<div id=\"\" class=\"lsow-panel lsow-active\">\n<div class=\"lsow-panel-content\">\n<p><a class=\"title\" href=\"https:\/\/www.rtve.es\/rtve\/20240524\/rtve-participa-elaboracion-guia-para-informar-sobre-mujeres-politicas\/16118609.shtml\" target=\"_blank\" rel=\"noopener\" data-artpy=\"0\" data-author=\"RTVE\">RTVE participa en la elaboraci\u00f3n de una &#8216;Gu\u00eda para informar sobre mujeres pol\u00edticas&#8217;<\/a>-rtve<br \/>\n<a class=\"title\" href=\"https:\/\/www.msn.com\/es-es\/noticias\/espana\/me-han-intentado-violar-rosa-mar%C3%ADa-calaf-pone-el-foco-sobre-la-violencia-sexual-contra-las-periodistas-en-la-cobertura-de-conflictos\/ar-BB1mYwth?ocid=BingNewsSearch\" target=\"_blank\" rel=\"noopener\" data-artpy=\"0\" data-author=\"Cadena SER on MSN\">\u00abMe han intentado violar\u00bb: Rosa Mar\u00eda Calaf pone el foco sobre la violencia sexual contra las periodistas en la cobertura de conflictos<\/a>-ser<br \/>\n<a class=\"title\" href=\"https:\/\/www.msn.com\/es-es\/noticias\/internacional\/gerda-grepp-la-periodista-con-pantalones-largos-que-document%C3%B3-la-ca%C3%ADda-de-m%C3%A1laga-en-la-guerra-civil\/ar-BB1n7iei?ocid=BingNewsSearch\" target=\"_blank\" rel=\"noopener\" data-artpy=\"0\" data-author=\"eldiario.es on MSN\">Gerda Grepp, la periodista \u201ccon pantalones largos\u201d que document\u00f3 la ca\u00edda de M\u00e1laga en la Guerra Civil<\/a>-eldiario<br \/>\n<a href=\"https:\/\/www.google.com\/url?rct=j&amp;sa=t&amp;url=https:\/\/coordinadoraongd.org\/2024\/05\/dia-de-africa-el-papel-transformador-de-las-mujeres-periodistas-en-rd-congo\/&amp;ct=ga&amp;cd=CAEYACoUMTM2MDgwNTU4ODcwMDY2NTE1NjAyGTU5ZDc4MTcxMzZhMmQwMjg6ZXM6ZXM6RVM&amp;usg=AOvVaw3sh5Qjq245EK4Z0w9eXkqO\" target=\"_blank\" rel=\"noopener\" data-saferedirecturl=\"https:\/\/www.google.com\/url?q=https:\/\/www.google.com\/url?rct%3Dj%26sa%3Dt%26url%3Dhttps:\/\/coordinadoraongd.org\/2024\/05\/dia-de-africa-el-papel-transformador-de-las-mujeres-periodistas-en-rd-congo\/%26ct%3Dga%26cd%3DCAEYACoUMTM2MDgwNTU4ODcwMDY2NTE1NjAyGTU5ZDc4MTcxMzZhMmQwMjg6ZXM6ZXM6RVM%26usg%3DAOvVaw3sh5Qjq245EK4Z0w9eXkqO&amp;source=gmail&amp;ust=1716875394819000&amp;usg=AOvVaw12Y_5erszJhoKDJ9it1E5j\">D\u00eda de \u00c1frica: El papel transformador de las mujeres periodistas en RD Congo-\u00a0<\/a><a>Coordinadora de ONGD<br \/>\n<\/a><a class=\"title\" href=\"https:\/\/www.murcia.com\/empresas\/noticias\/2024\/05\/27-women-in-print-issue-la-mujer-y-la-maquina---el-nuevo-numero-de-la-revista-women4women-de-fujifilm.asp\" target=\"_blank\" rel=\"noopener\" data-artpy=\"0\" data-author=\"Murcia.com\">\u00abWomen in Print Issue: La mujer y la m\u00e1quina &#8211; El nuevo n\u00famero de la revista \u00abWomen4Women\u00bb de Fujifilm<\/a>-murcia<br \/>\n<a class=\"title\" href=\"https:\/\/www.msn.com\/es-es\/noticias\/espana\/los-true-crime-la-frontera-entre-la-libertad-de-informaci%C3%B3n-y-la-%C3%A9tica\/ar-BB1n8CVu?ocid=BingNewsSearch\" target=\"_blank\" rel=\"noopener\" data-artpy=\"0\" data-author=\"Cadena SER on MSN\">Los &#8216;true crime&#8217;: la frontera entre la libertad de informaci\u00f3n y la \u00e9tica<\/a>-ser<a><br \/>\n<\/a><\/p>\n<\/div>\n<\/div>\n<div id=\"\" class=\"lsow-panel lsow-active\">\n<h1 class=\"lsow-panel-title\">Andaluc\u00eda<\/h1>\n<div class=\"lsow-panel-content\">\n<div class=\"source set_top\">\n<div data-priority=\"2\" aria-hidden=\"true\">\n<p><strong>Institucional<br \/>\n<\/strong><a href=\"https:\/\/www.google.com\/url?rct=j&amp;sa=t&amp;url=https:\/\/elpais.com\/economia\/2024-05-27\/carolina-espana-seguimos-estudiando-formulas-para-dejar-mas-renta-disponible-en-las-familias.html&amp;ct=ga&amp;cd=CAEYAioUMTMyNDU0NTkyMzI5OTYyNjkyMTkyGWQ3OGU1ODc1YTBmMWYyYWM6ZXM6ZXM6RVM&amp;usg=AOvVaw2sueBqGv6GgNUBC0DagIcy\" target=\"_blank\" rel=\"noopener\" data-saferedirecturl=\"https:\/\/www.google.com\/url?q=https:\/\/www.google.com\/url?rct%3Dj%26sa%3Dt%26url%3Dhttps:\/\/elpais.com\/economia\/2024-05-27\/carolina-espana-seguimos-estudiando-formulas-para-dejar-mas-renta-disponible-en-las-familias.html%26ct%3Dga%26cd%3DCAEYAioUMTMyNDU0NTkyMzI5OTYyNjkyMTkyGWQ3OGU1ODc1YTBmMWYyYWM6ZXM6ZXM6RVM%26usg%3DAOvVaw2sueBqGv6GgNUBC0DagIcy&amp;source=gmail&amp;ust=1716881648030000&amp;usg=AOvVaw2Rdg35od_FI-MrOfDnJYOu\">Carolina Espa\u00f1a: \u201cSeguimos estudiando f\u00f3rmulas para dejar m\u00e1s renta disponible en las familias\u201d-<\/a><a>El Pa\u00eds<br \/>\n<\/a><a href=\"https:\/\/www.google.com\/url?rct=j&amp;sa=t&amp;url=https:\/\/www.tribunadeandalucia.es\/rocio-blanco-participa-en-la-clausura-del-encuentro-internacional-agroseguridad-en-jaen\/&amp;ct=ga&amp;cd=CAEYBioUMTY4NjE2NDUyMDU0ODk3MzEwMDAyGWQ3OGU1ODc1YTBmMWYyYWM6ZXM6ZXM6RVM&amp;usg=AOvVaw1Xf1_Qcq53mOLuCvybL7M9\" target=\"_blank\" rel=\"noopener\" data-saferedirecturl=\"https:\/\/www.google.com\/url?q=https:\/\/www.google.com\/url?rct%3Dj%26sa%3Dt%26url%3Dhttps:\/\/www.tribunadeandalucia.es\/rocio-blanco-participa-en-la-clausura-del-encuentro-internacional-agroseguridad-en-jaen\/%26ct%3Dga%26cd%3DCAEYBioUMTY4NjE2NDUyMDU0ODk3MzEwMDAyGWQ3OGU1ODc1YTBmMWYyYWM6ZXM6ZXM6RVM%26usg%3DAOvVaw1Xf1_Qcq53mOLuCvybL7M9&amp;source=gmail&amp;ust=1716875398906000&amp;usg=AOvVaw0Nb0hYQtUZqjohbUT1_QLC\">Roc\u00edo Blanco participa en la clausura del encuentro internacional Agroseguridad en Ja\u00e9n R-\u00a0<\/a><a>Tribuna de Andaluc\u00eda<\/a><strong><br \/>\n<\/strong><\/p>\n<p><strong>Econom\u00eda y Empresa<br \/>\n<\/strong><a class=\"title\" href=\"https:\/\/www.msn.com\/es-es\/noticias\/other\/crespo-apuesta-por-impulsar-un-estatuto-de-la-mujer-rural-en-europa\/ar-BB1n8kYo?ocid=BingNewsSearch\" target=\"_blank\" rel=\"noopener\" data-artpy=\"0\" data-author=\"Europa Press on MSN\">Crespo apuesta por impulsar un estatuto de la mujer rural en Europa<\/a>-europapress<strong><br \/>\n<\/strong><a href=\"https:\/\/www.google.com\/url?rct=j&amp;sa=t&amp;url=https:\/\/www.tribunadeandalucia.es\/manuela-hernandez-cicap-queremos-que-el-mundo-agricola-sea-sostenible-en-todos-los-sentidos\/&amp;ct=ga&amp;cd=CAEYBCoUMTY4NjE2NDUyMDU0ODk3MzEwMDAyGWQ3OGU1ODc1YTBmMWYyYWM6ZXM6ZXM6RVM&amp;usg=AOvVaw1iWtcMtpKutMgWJqMbsO_I\" target=\"_blank\" rel=\"noopener\" data-saferedirecturl=\"https:\/\/www.google.com\/url?q=https:\/\/www.google.com\/url?rct%3Dj%26sa%3Dt%26url%3Dhttps:\/\/www.tribunadeandalucia.es\/manuela-hernandez-cicap-queremos-que-el-mundo-agricola-sea-sostenible-en-todos-los-sentidos\/%26ct%3Dga%26cd%3DCAEYBCoUMTY4NjE2NDUyMDU0ODk3MzEwMDAyGWQ3OGU1ODc1YTBmMWYyYWM6ZXM6ZXM6RVM%26usg%3DAOvVaw1iWtcMtpKutMgWJqMbsO_I&amp;source=gmail&amp;ust=1716875398905000&amp;usg=AOvVaw05sRwJiZt2xG53yaoe7dhA\">Manuela Hern\u00e1ndez (CICAP): \u201cQueremos que el mundo agr\u00edcola sea sostenible, en todos &#8230;-\u00a0<\/a><a>Tribuna de Andaluc\u00eda<br \/>\n<\/a><a href=\"https:\/\/www.economiadigital.es\/andalucia\/atlas-empresa-comprometida-andalucia\/atlas-de-la-empresa.html\">Nace el Atlas de la Empresa Comprometida de Andaluc\u00eda &#8211;<\/a><a>economiadigital<br \/>\n<\/a><a href=\"https:\/\/www.google.com\/url?rct=j&amp;sa=t&amp;url=https:\/\/www.europapress.es\/esandalucia\/sevilla\/noticia-andalucia-dispone-2206-millones-ayudas-turismo-cultura-deporte-memoria-democratica-2025-20240526104951.html&amp;ct=ga&amp;cd=CAEYASoUMTgwMTIwMDU4MDg2MjIxOTM1NDIyGWQ3OGU1ODc1YTBmMWYyYWM6ZXM6ZXM6RVM&amp;usg=AOvVaw2CeBLCegQuj5s98ay4a7H8\" target=\"_blank\" rel=\"noopener\" data-saferedirecturl=\"https:\/\/www.google.com\/url?q=https:\/\/www.google.com\/url?rct%3Dj%26sa%3Dt%26url%3Dhttps:\/\/www.europapress.es\/esandalucia\/sevilla\/noticia-andalucia-dispone-2206-millones-ayudas-turismo-cultura-deporte-memoria-democratica-2025-20240526104951.html%26ct%3Dga%26cd%3DCAEYASoUMTgwMTIwMDU4MDg2MjIxOTM1NDIyGWQ3OGU1ODc1YTBmMWYyYWM6ZXM6ZXM6RVM%26usg%3DAOvVaw2CeBLCegQuj5s98ay4a7H8&amp;source=gmail&amp;ust=1716875399024000&amp;usg=AOvVaw0sAeWxrFIl9ddwxek0E6o6\">Andaluc\u00eda dispone de 220,6 millones para ayudas al turismo, la cultura, el deporte y la &#8230;-<\/a><a>Europa Press<\/a><\/p>\n<p><strong>Actualidad<br \/>\n<\/strong><a class=\"title\" href=\"https:\/\/www.msn.com\/es-es\/dinero\/formacion-empleo\/homenaje-a-carmen-la-socia-m%C3%A1s-antigua-de-ata-andauc%C3%ADa-que-no-se-quiere-jubilar-a-los-89-a%C3%B1os\/ar-BB1n7cQq?ocid=BingNewsSearch\" target=\"_blank\" rel=\"noopener\" data-artpy=\"0\" data-author=\"elEconomista on MSN\">Homenaje a Carmen, la socia m\u00e1s antigua de ATA-Andaluc\u00eda, que no se quiere jubilar a los 89 a\u00f1os-\u00a0<\/a><a>eleconomista<br \/>\n<\/a><a class=\"title\" href=\"https:\/\/www.lanocion.es\/almeria\/20240527\/gran-implicacion-de-las-asociaciones-de-el-ej-10831.html\" target=\"_blank\" rel=\"noopener\" data-artpy=\"0\" data-author=\"lanocion\">Gran implicaci\u00f3n de las asociaciones de El Ejido en la celebraci\u00f3n de la \u201cII Semana Salud y Mujer\u201d<\/a>-lanocion<a><br \/>\n<\/a><\/p>\n<p><strong>Violencias<br \/>\n<\/strong><a href=\"https:\/\/www.google.com\/url?rct=j&amp;sa=t&amp;url=https:\/\/www.europapress.es\/esandalucia\/sevilla\/noticia-andalucia-lleva-experiencia-conferencia-anual-organizacion-europea-apoyo-victimas-celebrada-zagreb-20240524141731.html&amp;ct=ga&amp;cd=CAEYAioTNjI5MTY3MTg1ODk2MjM1OTY5NDIbOWFiMWNkZDdlMzY2ZWYzODplczplczpFUzpS&amp;usg=AOvVaw0JEXS9eBYdk3mdg4QzPjeX\" target=\"_blank\" rel=\"noopener\" data-saferedirecturl=\"https:\/\/www.google.com\/url?q=https:\/\/www.google.com\/url?rct%3Dj%26sa%3Dt%26url%3Dhttps:\/\/www.europapress.es\/esandalucia\/sevilla\/noticia-andalucia-lleva-experiencia-conferencia-anual-organizacion-europea-apoyo-victimas-celebrada-zagreb-20240524141731.html%26ct%3Dga%26cd%3DCAEYAioTNjI5MTY3MTg1ODk2MjM1OTY5NDIbOWFiMWNkZDdlMzY2ZWYzODplczplczpFUzpS%26usg%3DAOvVaw0JEXS9eBYdk3mdg4QzPjeX&amp;source=gmail&amp;ust=1716879391263000&amp;usg=AOvVaw0DKoP8Q2VsG8ojsqQ8ZGAr\">Andaluc\u00eda lleva su experiencia a la Conferencia Anual de la organizaci\u00f3n europea de apoyo a las victimas celebrada en Zagreb &#8230; &#8211;\u00a0<\/a><a>Europa Press<br \/>\n<\/a><a href=\"https:\/\/www.eldiario.es\/andalucia\/volvi-pueblo-ver-tumba-madre-estudio-saca-sombras-violencia-machista-mundo-rural_1_11375503.html\" data-mrf-link=\"https:\/\/www.eldiario.es\/andalucia\/volvi-pueblo-ver-tumba-madre-estudio-saca-sombras-violencia-machista-mundo-rural_1_11375503.html\">\u201cS\u00f3lo volv\u00ed al pueblo para ver la tumba de mi madre\u201d: un estudio saca de las sombras la violencia machista en el mundo rural<\/a>-eldiario<\/p>\n<p><b>Ciencia y Cultura<br \/>\n<\/b><span class=\"im\"><a href=\"https:\/\/www.google.com\/url?rct=j&amp;sa=t&amp;url=https:\/\/www.europapress.es\/andalucia\/huelva-00354\/noticia-universidad-huelva-reconoce-mas-300-estudiantes-compromiso-social-expedientes-academicos-20240526153420.html&amp;ct=ga&amp;cd=CAEYACoTOTI4MTAyOTY1NDUyMzQ2MzI0MDIZNTlkNzgxNzEzNmEyZDAyODplczplczpFUw&amp;usg=AOvVaw3eaSah_WW8CeKlWbYGYcoN\" target=\"_blank\" rel=\"noopener\" data-saferedirecturl=\"https:\/\/www.google.com\/url?q=https:\/\/www.google.com\/url?rct%3Dj%26sa%3Dt%26url%3Dhttps:\/\/www.europapress.es\/andalucia\/huelva-00354\/noticia-universidad-huelva-reconoce-mas-300-estudiantes-compromiso-social-expedientes-academicos-20240526153420.html%26ct%3Dga%26cd%3DCAEYACoTOTI4MTAyOTY1NDUyMzQ2MzI0MDIZNTlkNzgxNzEzNmEyZDAyODplczplczpFUw%26usg%3DAOvVaw3eaSah_WW8CeKlWbYGYcoN&amp;source=gmail&amp;ust=1716875395083000&amp;usg=AOvVaw3xcy7tiqTv6lsI9v96sEzV\">La Universidad de Huelva reconoce a m\u00e1s de 300 estudiantes por su compromiso social y &#8230;-<\/a><\/span><a>Europa Press<br \/>\n<\/a><a class=\"title\" href=\"https:\/\/www.malagahoy.es\/ocio\/Sotto-Nuovi-Cieli-Espana-documental-italianas-estreno-Malaga_0_1906610447.html\" target=\"_blank\" rel=\"noopener\" data-artpy=\"0\" data-author=\"M\u00e1laga Hoy\">&#8216;Sotto Nuovi Cieli&#8217;: el documental que retrata las historias de mujeres italianas en Espa\u00f1a se estrena en M\u00e1laga<\/a>-malagahoy<br \/>\n<a class=\"title\" href=\"https:\/\/www.granadahoy.com\/ocio\/Mi-Barbara-Laura-Andreu-Lorca-Granada_0_1906609680.html\" target=\"_blank\" rel=\"noopener\" data-artpy=\"0\" data-author=\"Granada Hoy\">&#8216;Mi B\u00e1rbara&#8217;, el c\u00f3ctel literario que mezcla Lorca, el dinero de las azucareras granadinas y el amor en tiempos de guerra<\/a>-granadahoy<br \/>\n<a class=\"title\" href=\"https:\/\/www.cope.es\/emisoras\/catalunya\/noticias\/mala-rodriguez-gusta-mirar-atras-mis-traumas-pero-con-este-disco-tenido-que-hacerlo-20240527_3318256\" target=\"_blank\" rel=\"noopener\" data-artpy=\"0\" data-author=\"COPE\">Mala Rodr\u00edguez: \u00abNo me gusta mirar atr\u00e1s, a mis traumas, pero con este disco he tenido que hacerlo\u00bb<\/a>-cope<br \/>\n<a class=\"title\" href=\"https:\/\/www.juntadeandalucia.es\/presidencia\/portavoz\/cultura\/193722\/ConsejeriadeTurismoCulturayDeporte\/JuntadeAndalucia\/Andalucia\/SevillaCAAC\/America\/funden\/profundis\/primer\/proyecto\/espana\/delcy\/morelos\/caac\" target=\"_blank\" rel=\"noopener\" data-artpy=\"0\" data-author=\"juntadeandalucia.es\">Andaluc\u00eda y Am\u00e9rica se funden en &#8216;Profundis&#8217;, primer proyecto en Espa\u00f1a de Delcy Morelos para el CAAC<\/a>-juntadeandalucia<a><br \/>\n<\/a><\/p>\n<p><strong>Deporte<br \/>\n<\/strong><a class=\"title\" href=\"https:\/\/www.esciclismo.com\/actualidad\/carretera\/81290.html\" target=\"_blank\" rel=\"noopener\" data-artpy=\"0\" data-author=\"Es Ciclismo\">Ja\u00e9n acoger\u00e1 la etapa m\u00e1s larga de la III Vuelta a Andaluc\u00eda Elite Women<\/a>-esciclismo<br \/>\n<a class=\"title\" href=\"https:\/\/www.cope.es\/emisoras\/andalucia\/sevilla-provincia\/sevilla\/sevilla-deportes-en-femenino\/noticias\/betis-feminas-tendra-que-seguir-sufriendo-para-asegurar-permanencia-20240527_3317630\" target=\"_blank\" rel=\"noopener\" data-artpy=\"0\" data-author=\"COPE\">El Betis F\u00e9minas tendr\u00e1 que seguir sufriendo para asegurar la permanencia al empatar con el Madrid<\/a>-cope<strong><br \/>\n<\/strong><\/p>\n<\/div>\n<\/div>\n<\/div>\n<\/div>\n<div id=\"\" class=\"lsow-panel lsow-active\">\n<h1 class=\"lsow-panel-title\">Estado<\/h1>\n<div class=\"lsow-panel-content\">\n<p><strong>Institucional &#8211; CCAA<br \/>\n<\/strong><a class=\"title\" href=\"https:\/\/www.clm24.es\/articulo\/sociedad\/castilla-mancha-modifica-orden-aumentar-investigadoras-que-lideran-proyectos\/20240527165751423042.html\" target=\"_blank\" rel=\"noopener\" data-artpy=\"0\" data-author=\"Clm24\">Castilla-La Mancha modifica una orden para aumentar las investigadoras que lideran proyectos<\/a>-clm24<br \/>\n<a class=\"title\" href=\"https:\/\/rtvc.es\/la-pobreza-y-la-exclusion-social-se-han-intensificado-en-2023\/\" target=\"_blank\" rel=\"noopener\" data-artpy=\"0\" data-author=\"RTVC\">La pobreza y la exclusi\u00f3n social se han intensificado durante 2023 en Canarias<\/a>-rtvc<br \/>\n<a class=\"title\" href=\"https:\/\/www.msn.com\/es-es\/estilo\/other\/las-mujeres-cada-vez-m%C3%A1s-presentes-en-los-altos-cargos-de-las-empresas-de-la-regi%C3%B3n\/ar-BB1n499a?ocid=BingNewsSearch\" target=\"_blank\" rel=\"noopener\" data-artpy=\"0\" data-author=\"La Opini\u00f3n de Murcia on MSN\">Las mujeres, cada vez m\u00e1s presentes en los altos cargos de las empresas de la Regi\u00f3n<\/a>-laopiniondemurcia<br \/>\n<a class=\"title\" href=\"https:\/\/intereconomia.com\/noticia\/mujer-e-industria-reunira-en-burgos-a-las-lideres-de-pymes-y-grandes-empresas-20240524-1332\/\" target=\"_blank\" rel=\"noopener\" data-artpy=\"0\" data-author=\"Punto Pelota\">\u2018Mujer e industria\u2019 reunir\u00e1 en Burgos a las l\u00edderes de pymes y grandes empresas<\/a>-puntopelota<br \/>\n<a class=\"title\" href=\"https:\/\/www.msn.com\/es-es\/noticias\/espana\/el-consejo-rector-del-instituto-aragon%C3%A9s-de-la-mujer-renueva-sus-integrantes-y-expone-sus-l%C3%ADneas-de-acci%C3%B3n\/ar-BB1n8Cus?ocid=BingNewsSearch\" target=\"_blank\" rel=\"noopener\" data-artpy=\"0\" data-author=\"Europa Press on MSN\">El Consejo Rector del Instituto Aragon\u00e9s de la Mujer renueva sus integrantes y expone sus l\u00edneas de acci\u00f3n<\/a>-europapress<a><br \/>\n<\/a><\/p>\n<p><strong>Econom\u00eda y Empresa<br \/>\n<\/strong><a class=\"title\" href=\"https:\/\/www.elespanol.com\/enclave-ods\/opinion\/20240527\/empresas-aliadas-igualdad-genero\/858044190_13.html\" target=\"_blank\" rel=\"noopener\" data-artpy=\"0\" data-author=\"ESPA\u00d1OL\">Las empresas, aliadas de la igualdad de g\u00e9nero<\/a>-elespa\u00f1ol<strong><br \/>\n<\/strong><a class=\"title\" href=\"https:\/\/www.inese.es\/la-presencia-de-mujeres-en-los-consejos-del-ibex-alcanza-por-primera-vez-el-40-en-2023\/\" target=\"_blank\" rel=\"noopener\" data-artpy=\"0\" data-author=\"Inese.es\">La presencia de mujeres en los Consejos del Ibex alcanza por primera vez el 40% en 2023<\/a>-lne<strong><br \/>\n<\/strong><a href=\"https:\/\/www.google.com\/url?rct=j&amp;sa=t&amp;url=https:\/\/www.publico.es\/mujer\/universitarias-espanolas-cobran-1000-euros-companeros-estudios-son-mayoria.html&amp;ct=ga&amp;cd=CAEYACoTMjA4MTUxMzU1NTI5ODU1OTUxMzIZYzAzNzJlYmMyZmVhZGE1OTplczplczpFUw&amp;usg=AOvVaw2UHPjOSQSmljSBrSGDVF28\" target=\"_blank\" rel=\"noopener\" data-saferedirecturl=\"https:\/\/www.google.com\/url?q=https:\/\/www.google.com\/url?rct%3Dj%26sa%3Dt%26url%3Dhttps:\/\/www.publico.es\/mujer\/universitarias-espanolas-cobran-1000-euros-companeros-estudios-son-mayoria.html%26ct%3Dga%26cd%3DCAEYACoTMjA4MTUxMzU1NTI5ODU1OTUxMzIZYzAzNzJlYmMyZmVhZGE1OTplczplczpFUw%26usg%3DAOvVaw2UHPjOSQSmljSBrSGDVF28&amp;source=gmail&amp;ust=1716875392893000&amp;usg=AOvVaw2CBgkjFHNFFKy0BObL00ha\">Las universitarias espa\u00f1olas cobran 1.000 euros menos que sus compa\u00f1eros incluso en &#8230;-\u00a0<\/a><a>Diario P\u00fablico<br \/>\n<\/a><a class=\"title\" href=\"https:\/\/www.20minutos.es\/noticia\/5333883\/0\/los-espanoles-entre-34-45-anos-son-unico-colectivo-que-pierde-trabajadores-desde-pandemia\/\" target=\"_blank\" rel=\"noopener\" data-artpy=\"0\" data-author=\"20 minutos\">Los espa\u00f1oles entre 34 y 45 a\u00f1os son el \u00fanico colectivo que pierde trabajadores desde la pandemia<\/a>-20minutos<\/p>\n<p><strong>Actualidad<br \/>\n<\/strong><a class=\"title\" href=\"https:\/\/www.msn.com\/es-es\/noticias\/internacional\/las-mujeres-retrasan-la-maternidad-por-la-econom%C3%ADa-y-porque-no-encuentran-hombres-con-quienes-tener-hijos\/ar-BB1mDwsr?ocid=BingNewsSearch\" target=\"_blank\" rel=\"noopener\" data-artpy=\"0\" data-author=\"eldiario.es on MSN\">Las mujeres retrasan la maternidad por la econom\u00eda&#8230; y porque no encuentran hombres con quienes tener hijos<\/a>-eldiario<strong><br \/>\n<\/strong><a href=\"https:\/\/www.google.com\/url?rct=j&amp;sa=t&amp;url=https:\/\/eldiariofeminista.info\/2024\/05\/26\/tener-en-cuenta-el-sexo-y-el-genero-en-la-investigacion-clave-para-una-mejor-salud-publica\/&amp;ct=ga&amp;cd=CAEYACoTNTUyNDIyMzgwMDcxODMwMTMzMDIZNTlkNzgxNzEzNmEyZDAyODplczplczpFUw&amp;usg=AOvVaw1EPC2vnXLCzqd16dUVlSwr\" target=\"_blank\" rel=\"noopener\" data-saferedirecturl=\"https:\/\/www.google.com\/url?q=https:\/\/www.google.com\/url?rct%3Dj%26sa%3Dt%26url%3Dhttps:\/\/eldiariofeminista.info\/2024\/05\/26\/tener-en-cuenta-el-sexo-y-el-genero-en-la-investigacion-clave-para-una-mejor-salud-publica\/%26ct%3Dga%26cd%3DCAEYACoTNTUyNDIyMzgwMDcxODMwMTMzMDIZNTlkNzgxNzEzNmEyZDAyODplczplczpFUw%26usg%3DAOvVaw1EPC2vnXLCzqd16dUVlSwr&amp;source=gmail&amp;ust=1716875395056000&amp;usg=AOvVaw3AjmkQcpq7-ngxuYzzIk5g\">Tener en cuenta el sexo y el\u00a0g\u00e9nero en la investigaci\u00f3n clave para una mejor salud p\u00fablica<\/a>-diariofeminista<br \/>\n<a href=\"https:\/\/www.google.com\/url?rct=j&amp;sa=t&amp;url=https:\/\/www.20minutos.es\/mujer\/estar-bien\/como-afecta-obesidad-morbida-las-mujeres-trabajo-5303824\/&amp;ct=ga&amp;cd=CAEYASoUMTQyNzM2MjE2NjgxMzU1MDY1NzgyGWMwMzcyZWJjMmZlYWRhNTk6ZXM6ZXM6RVM&amp;usg=AOvVaw24ExPvsu3Yd3KBhPKTQNi-\" target=\"_blank\" rel=\"noopener\" data-saferedirecturl=\"https:\/\/www.google.com\/url?q=https:\/\/www.google.com\/url?rct%3Dj%26sa%3Dt%26url%3Dhttps:\/\/www.20minutos.es\/mujer\/estar-bien\/como-afecta-obesidad-morbida-las-mujeres-trabajo-5303824\/%26ct%3Dga%26cd%3DCAEYASoUMTQyNzM2MjE2NjgxMzU1MDY1NzgyGWMwMzcyZWJjMmZlYWRhNTk6ZXM6ZXM6RVM%26usg%3DAOvVaw24ExPvsu3Yd3KBhPKTQNi-&amp;source=gmail&amp;ust=1716886400594000&amp;usg=AOvVaw1wP5RINCLW7AaZwTjWU03y\">C\u00f3mo afecta la obesidad m\u00f3rbida a las\u00a0mujeres en el trabajo &#8211;\u00a0<\/a><a>20Minutos<br \/>\n<\/a><a href=\"https:\/\/www.google.com\/url?rct=j&amp;sa=t&amp;url=https:\/\/www.elespanol.com\/mujer\/salud-bienestar\/20240527\/mujeres-propensas-sufrir-dependencia-emocional-jaula\/846915493_0.html&amp;ct=ga&amp;cd=CAEYACoUMTI0ODIzMTQxMTMzOTMzODkwMzkyGWMwMzcyZWJjMmZlYWRhNTk6ZXM6ZXM6RVM&amp;usg=AOvVaw3bVAx7BKBGjL43yCp9r97H\" target=\"_blank\" rel=\"noopener\" data-saferedirecturl=\"https:\/\/www.google.com\/url?q=https:\/\/www.google.com\/url?rct%3Dj%26sa%3Dt%26url%3Dhttps:\/\/www.elespanol.com\/mujer\/salud-bienestar\/20240527\/mujeres-propensas-sufrir-dependencia-emocional-jaula\/846915493_0.html%26ct%3Dga%26cd%3DCAEYACoUMTI0ODIzMTQxMTMzOTMzODkwMzkyGWMwMzcyZWJjMmZlYWRhNTk6ZXM6ZXM6RVM%26usg%3DAOvVaw3bVAx7BKBGjL43yCp9r97H&amp;source=gmail&amp;ust=1716875392947000&amp;usg=AOvVaw0DTstIEWILgulzKk48kG9C\">Las\u00a0mujeres, m\u00e1s propensas a sufrir dependencia emocional: \u00abEra como una jaula\u00bb-<\/a><a>El Espa\u00f1ol<br \/>\n<\/a><a class=\"title\" href=\"https:\/\/www.diariocordoba.com\/sociedad\/2024\/05\/27\/hormonofobia-miedo-hormonas-mujeres-redes-sociales-pildora-102966909.html\" target=\"_blank\" rel=\"noopener\" data-artpy=\"0\" data-author=\"Diario C\u00f3rdoba\">La hormonofobia, crece el miedo a las hormonas entre las mujeres por culpa de las redes sociales<\/a>-diariocordoba<a><br \/>\n<\/a><a href=\"https:\/\/www.google.com\/url?rct=j&amp;sa=t&amp;url=https:\/\/eterdigital.com.ar\/hacia-una-narrativa-con-perspectiva-de-genero-en-los-videojuegos\/&amp;ct=ga&amp;cd=CAEYASoUMTY4MjMxMzA2Mjc2ODYzNzIyMjcyGWUyZGVmYTdkNWRhOTE1N2Q6ZXM6ZXM6RVM&amp;usg=AOvVaw2FYRvI2kKZq3xhoUoAzGJq\" target=\"_blank\" rel=\"noopener\" data-saferedirecturl=\"https:\/\/www.google.com\/url?q=https:\/\/www.google.com\/url?rct%3Dj%26sa%3Dt%26url%3Dhttps:\/\/eterdigital.com.ar\/hacia-una-narrativa-con-perspectiva-de-genero-en-los-videojuegos\/%26ct%3Dga%26cd%3DCAEYASoUMTY4MjMxMzA2Mjc2ODYzNzIyMjcyGWUyZGVmYTdkNWRhOTE1N2Q6ZXM6ZXM6RVM%26usg%3DAOvVaw2FYRvI2kKZq3xhoUoAzGJq&amp;source=gmail&amp;ust=1716908236642000&amp;usg=AOvVaw1j3oPtoracZ4JvOBtZK6nO\">Hacia una narrativa con perspectiva de g\u00e9nero en los videojuegos &#8211;\u00a0<\/a><a>ETERDigital<br \/>\n<\/a><a class=\"title\" href=\"https:\/\/www.msn.com\/es-es\/salud\/other\/solo-1408-bajas-por-regla-incapacitante-un-a%C3%B1o-despu%C3%A9s-de-su-entrada-en-vigor\/ar-BB1n7bMS?ocid=BingNewsSearch\" target=\"_blank\" rel=\"noopener\" data-artpy=\"0\" data-author=\"Heraldo de Arag\u00f3n on MSN\">Diez meses y s\u00f3lo se han tramitado 1.408 bajas por menstruaci\u00f3n incapacitante \u00bfQu\u00e9 ha pasado?<\/a>-heraldo<a><br \/>\n<\/a><\/p>\n<p><strong>Violencias<br \/>\n<\/strong><a href=\"https:\/\/www.google.com\/url?rct=j&amp;sa=t&amp;url=https:\/\/www.igualdad.gob.es\/comunicacion\/notasprensa\/el-ministerio-de-igualdad-condena-un-nuevo-asesinato-por-violencia-de-genero-en-barcelona-4\/&amp;ct=ga&amp;cd=CAEYASoUMTcwMDY2MDU3NDk2OTUzMzI1MTQyGWMwMzcyZWJjMmZlYWRhNTk6ZXM6ZXM6RVM&amp;usg=AOvVaw2otHP5bAj7OMl0dLQDAoS0\" target=\"_blank\" rel=\"noopener\" data-saferedirecturl=\"https:\/\/www.google.com\/url?q=https:\/\/www.google.com\/url?rct%3Dj%26sa%3Dt%26url%3Dhttps:\/\/www.igualdad.gob.es\/comunicacion\/notasprensa\/el-ministerio-de-igualdad-condena-un-nuevo-asesinato-por-violencia-de-genero-en-barcelona-4\/%26ct%3Dga%26cd%3DCAEYASoUMTcwMDY2MDU3NDk2OTUzMzI1MTQyGWMwMzcyZWJjMmZlYWRhNTk6ZXM6ZXM6RVM%26usg%3DAOvVaw2otHP5bAj7OMl0dLQDAoS0&amp;source=gmail&amp;ust=1716911149901000&amp;usg=AOvVaw253Hjo63q417_aQLS0BrI0\">El Ministerio de Igualdad condena un nuevo asesinato por violencia de g\u00e9nero en Barcelona-\u00a0<\/a><a>Ministerio de Igualdad<br \/>\n<\/a><a href=\"https:\/\/www.google.com\/url?rct=j&amp;sa=t&amp;url=https:\/\/www.elmundo.es\/espana\/2024\/05\/26\/66520470e9cf4aeb358b4596.html&amp;ct=ga&amp;cd=CAEYACoTMTI1MDQ3MjI2MTM5OTkyMTU2OTIbOWFiMWNkZDdlMzY2ZWYzODplczplczpFUzpS&amp;usg=AOvVaw1pfH-3SfPLzEOH3rFyIXP1\" target=\"_blank\" rel=\"noopener\" data-saferedirecturl=\"https:\/\/www.google.com\/url?q=https:\/\/www.google.com\/url?rct%3Dj%26sa%3Dt%26url%3Dhttps:\/\/www.elmundo.es\/espana\/2024\/05\/26\/66520470e9cf4aeb358b4596.html%26ct%3Dga%26cd%3DCAEYACoTMTI1MDQ3MjI2MTM5OTkyMTU2OTIbOWFiMWNkZDdlMzY2ZWYzODplczplczpFUzpS%26usg%3DAOvVaw1pfH-3SfPLzEOH3rFyIXP1&amp;source=gmail&amp;ust=1716875398436000&amp;usg=AOvVaw0kfBJ7ScCQ3Th2aScO76j_\">Interior autoriza a la Polic\u00eda a inscribir como mujeres maltratadas en el sistema VioG\u00e9n &#8230; &#8211;\u00a0<\/a><a>El Mundo<br \/>\n<\/a><a class=\"title\" href=\"https:\/\/www.noticiasdegipuzkoa.eus\/sociedad\/2024\/05\/27\/mabel-lozano-congreso-hecho-frente-comun-enemigo-8282840.html\" target=\"_blank\" rel=\"noopener\" data-artpy=\"0\" data-author=\"noticiasdegipuzkoa.eus\">Mabel Lozano: \u201cEl Congreso no ha hecho frente com\u00fan ante un enemigo que explota y exprime a las mujeres\u201d<\/a>-noticiasdegipuzkoa<\/p>\n<p><strong>Ciencia y Cultura<br \/>\n<\/strong><a class=\"title\" href=\"https:\/\/www.msn.com\/es-es\/noticias\/other\/la-ontinyentina-isabel-ferri-moll%C3%A0-premiada-por-la-sociedad-cient%C3%ADfica-inform%C3%A1tica-de-espa%C3%B1a\/ar-BB1n7EP6?ocid=BingNewsSearch\" target=\"_blank\" rel=\"noopener\" data-artpy=\"0\" data-author=\"Levante-EMV on MSN\">La ontinyentina Isabel Ferri Moll\u00e0, premiada por la Sociedad Cient\u00edfica Inform\u00e1tica de Espa\u00f1a<\/a>-levante<br \/>\n<a class=\"title\" href=\"https:\/\/www.eldiariomontanes.es\/dmusica\/lanzamientos\/mari-trini-retrato-mujer-libre-reivindica-legado-20240527133706-nt.html\" target=\"_blank\" rel=\"noopener\" data-artpy=\"0\" data-author=\"El Diario Monta\u00f1\u00e9s\">&#8216;Mari Trini. Retrato de una mujer libre&#8217;, reivindica el legado de la cantautora<\/a>-diariomonta\u00f1es<br \/>\n<a class=\"title\" href=\"https:\/\/www.eitb.eus\/es\/cultura\/cine\/detalle\/9505774\/la-caravana-de-cine-realizado-por-mujeres-lucha-en-bilbao-por-romper-techos-de-cristal\/\" target=\"_blank\" rel=\"noopener\" data-artpy=\"0\" data-author=\"EITB\">La Caravana de Cine realizado por Mujeres lucha en Bilbao por romper techos de cristal<\/a>-eitb<br \/>\n<a class=\"title\" href=\"https:\/\/elcierredigital.com\/cultura-y-ocio\/794692316\/libro-cartas-a-una-reina-reune-ilustres-cultura-politica-espana.html\" target=\"_blank\" rel=\"noopener\" data-artpy=\"0\" data-author=\"elcierredigital\">El libro \u2018Cartas a una reina\u2019 re\u00fane a personalidades de la cultura y la pol\u00edtica espa\u00f1ola<\/a>-elcierredigital<br \/>\n<a class=\"title\" href=\"https:\/\/www.cope.es\/programas\/poniendo-las-calles\/noticias\/mayor-coleccionista-espana-arte-mujer-muy-importante-para-historia-moda-madrilena-20240527_3276560\" target=\"_blank\" rel=\"noopener\" data-artpy=\"0\" data-author=\"COPE\">El mayor coleccionista de Espa\u00f1a de arte es mujer y muy importante para la historia de la moda: \u00abMadrile\u00f1a\u00bb<\/a>-cope<a><br \/>\n<\/a><\/p>\n<p><strong>Deporte<br \/>\n<\/strong><a class=\"title\" href=\"https:\/\/theobjective.com\/deportes\/2024-05-26\/fc-barcelona-femenino-celebra-titulos\/\" target=\"_blank\" rel=\"noopener\" data-artpy=\"0\" data-author=\"The Objective\">El FC Barcelona femenino celebra los cuatro t\u00edtulos logrados en la Ciudad Condal<\/a>-theobjective<strong><br \/>\n<\/strong><a class=\"title\" href=\"https:\/\/www.msn.com\/es-es\/deportes\/other\/la-ua-se-corona-como-campeona-de-espa%C3%B1a-de-remo-femenino-y-completa-un-triplete-hist%C3%B3rico\/ar-BB1n8wDl?ocid=BingNewsSearch\" target=\"_blank\" rel=\"noopener\" data-artpy=\"0\" data-author=\"ESPA\u00d1OL on MSN\">La UA se corona como campeona de Espa\u00f1a de remo femenino y completa un triplete hist\u00f3rico<\/a>-elespa\u00f1ol<strong><br \/>\n<\/strong><\/p>\n<\/div>\n<\/div>\n<div id=\"\" class=\"lsow-panel lsow-active\">\n<h1 class=\"lsow-panel-title\">Internacional<\/h1>\n<div class=\"lsow-panel-content\">\n<p><a href=\"https:\/\/www.google.com\/url?rct=j&amp;sa=t&amp;url=https:\/\/elpais.com\/sociedad\/2024-05-27\/la-salud-del-planeta-pasa-por-las-urnas-y-las-mujeres.html&amp;ct=ga&amp;cd=CAEYACoTNTAyMzQyNTQwMTU5NTE1NDI5NTIZYzAzNzJlYmMyZmVhZGE1OTplczplczpFUw&amp;usg=AOvVaw21vDq36KwM6YUX2G5-l0n5\" target=\"_blank\" rel=\"noopener\" data-saferedirecturl=\"https:\/\/www.google.com\/url?q=https:\/\/www.google.com\/url?rct%3Dj%26sa%3Dt%26url%3Dhttps:\/\/elpais.com\/sociedad\/2024-05-27\/la-salud-del-planeta-pasa-por-las-urnas-y-las-mujeres.html%26ct%3Dga%26cd%3DCAEYACoTNTAyMzQyNTQwMTU5NTE1NDI5NTIZYzAzNzJlYmMyZmVhZGE1OTplczplczpFUw%26usg%3DAOvVaw21vDq36KwM6YUX2G5-l0n5&amp;source=gmail&amp;ust=1716889946586000&amp;usg=AOvVaw0TXnMouElQlKlk2wef0Jyw\">La salud del planeta pasa por las urnas y las\u00a0mujeres &#8211;<\/a><a>El Pa\u00eds<br \/>\n<\/a><a class=\"title\" href=\"https:\/\/www.msn.com\/es-es\/noticias\/other\/ursula-von-der-leyen-la-mujer-m%C3%A1s-poderosa-de-europa\/ar-BB1n6RVZ?ocid=BingNewsSearch\" target=\"_blank\" rel=\"noopener\" data-artpy=\"0\" data-author=\"La Vanguardia on MSN\">Ursula von der Leyen, la mujer m\u00e1s poderosa de Europa<\/a>-lavanguardia<br \/>\n<a href=\"https:\/\/www.google.com\/url?rct=j&amp;sa=t&amp;url=https:\/\/newsinamerica.com\/pdcc\/boletin\/2024\/eeuu-y-honduras-firman-una-alianza-para-combatir-la-violencia-contra-mujeres-y-ninas\/&amp;ct=ga&amp;cd=CAEYACoTMjU0ODA5MDc2MDQ4NzIzNzYwOTIZNTlkNzgxNzEzNmEyZDAyODplczplczpFUw&amp;usg=AOvVaw1kdh7mhc6tvKlXuWWhFvZ4\" target=\"_blank\" rel=\"noopener\" data-saferedirecturl=\"https:\/\/www.google.com\/url?q=https:\/\/www.google.com\/url?rct%3Dj%26sa%3Dt%26url%3Dhttps:\/\/newsinamerica.com\/pdcc\/boletin\/2024\/eeuu-y-honduras-firman-una-alianza-para-combatir-la-violencia-contra-mujeres-y-ninas\/%26ct%3Dga%26cd%3DCAEYACoTMjU0ODA5MDc2MDQ4NzIzNzYwOTIZNTlkNzgxNzEzNmEyZDAyODplczplczpFUw%26usg%3DAOvVaw1kdh7mhc6tvKlXuWWhFvZ4&amp;source=gmail&amp;ust=1716875395022000&amp;usg=AOvVaw1avAiEMOF-A_JwoGn0ZHbY\">EEUU y Honduras firman una alianza para combatir la violencia contra mujeres y ni\u00f1as-\u00a0<\/a><a>Peri\u00f3dico Digital Centroamericano y del Caribe<br \/>\n<\/a><a href=\"https:\/\/www.google.com\/url?rct=j&amp;sa=t&amp;url=https:\/\/www.prensa-latina.cu\/2024\/05\/25\/presidente-sudafricano-firma-ley-sobre-violencia-de-genero\/&amp;ct=ga&amp;cd=CAEYAyoUMTQ3NTUxNTQ0ODk2MDkyODEyMDMyGTU5ZDc4MTcxMzZhMmQwMjg6ZXM6ZXM6RVM&amp;usg=AOvVaw2lK7YojGomDwtbpYn06OVj\" target=\"_blank\" rel=\"noopener\" data-saferedirecturl=\"https:\/\/www.google.com\/url?q=https:\/\/www.google.com\/url?rct%3Dj%26sa%3Dt%26url%3Dhttps:\/\/www.prensa-latina.cu\/2024\/05\/25\/presidente-sudafricano-firma-ley-sobre-violencia-de-genero\/%26ct%3Dga%26cd%3DCAEYAyoUMTQ3NTUxNTQ0ODk2MDkyODEyMDMyGTU5ZDc4MTcxMzZhMmQwMjg6ZXM6ZXM6RVM%26usg%3DAOvVaw2lK7YojGomDwtbpYn06OVj&amp;source=gmail&amp;ust=1716875394921000&amp;usg=AOvVaw20vBPqk9ltKh8DSHd8JE46\">Presidente sudafricano firma ley sobre violencia de\u00a0g\u00e9nero &#8211;\u00a0<\/a><a>Prensa Latina<br \/>\n<\/a><a href=\"https:\/\/www.google.com\/url?rct=j&amp;sa=t&amp;url=https:\/\/www.elmundo.es\/opinion\/columnistas\/2024\/05\/26\/66512175e9cf4a305d8b4591.html&amp;ct=ga&amp;cd=CAEYAioUMTYxOTcwNDUxODU4NzAzMTMyMTIyGWMwMzcyZWJjMmZlYWRhNTk6ZXM6ZXM6RVM&amp;usg=AOvVaw0enE7tDOAk6ClZYf9eGlqw\" target=\"_blank\" rel=\"noopener\" data-saferedirecturl=\"https:\/\/www.google.com\/url?q=https:\/\/www.google.com\/url?rct%3Dj%26sa%3Dt%26url%3Dhttps:\/\/www.elmundo.es\/opinion\/columnistas\/2024\/05\/26\/66512175e9cf4a305d8b4591.html%26ct%3Dga%26cd%3DCAEYAioUMTYxOTcwNDUxODU4NzAzMTMyMTIyGWMwMzcyZWJjMmZlYWRhNTk6ZXM6ZXM6RVM%26usg%3DAOvVaw0enE7tDOAk6ClZYf9eGlqw&amp;source=gmail&amp;ust=1716875392740000&amp;usg=AOvVaw1b8i_SSa0_MNIM_qhFRgM9\">Ana Blandiana, contra el comunismo y con unos poemas &#8211;\u00a0<\/a><a>El Mundo<br \/>\n<\/a><a class=\"title\" href=\"https:\/\/elpais.com\/babelia\/2024-05-27\/lola-arias-actriz-y-directora-teatral-milei-quisiera-vivir-en-una-argentina-que-no-existe.html\" target=\"_blank\" rel=\"noopener\" data-artpy=\"0\" data-author=\"EL PA\u00cdS\">Lola Arias, actriz y directora teatral: \u201cMilei quisiera vivir en una Argentina que no existe\u201d<\/a>-elpa\u00eds<a><br \/>\n<\/a><a href=\"https:\/\/www.google.com\/url?rct=j&amp;sa=t&amp;url=https:\/\/inside.fifa.com\/es\/news\/la-fifa-y-la-afd-renuevan-su-acuerdo-para-promover-el-acceso-al-deporte-la&amp;ct=ga&amp;cd=CAEYACoSNTYyMTE5MzQxNjkyNzQ2ODExMhk1OWQ3ODE3MTM2YTJkMDI4OmVzOmVzOkVT&amp;usg=AOvVaw2vXmNXhsHsSwj6bPMo83M9\" target=\"_blank\" rel=\"noopener\" data-saferedirecturl=\"https:\/\/www.google.com\/url?q=https:\/\/www.google.com\/url?rct%3Dj%26sa%3Dt%26url%3Dhttps:\/\/inside.fifa.com\/es\/news\/la-fifa-y-la-afd-renuevan-su-acuerdo-para-promover-el-acceso-al-deporte-la%26ct%3Dga%26cd%3DCAEYACoSNTYyMTE5MzQxNjkyNzQ2ODExMhk1OWQ3ODE3MTM2YTJkMDI4OmVzOmVzOkVT%26usg%3DAOvVaw2vXmNXhsHsSwj6bPMo83M9&amp;source=gmail&amp;ust=1716875395013000&amp;usg=AOvVaw16YEdHbiALXaQHX8vjZkgC\">La FIFA y la AFD renuevan su acuerdo para promover el acceso al deporte, la igualdad de &#8230;-\u00a0<\/a><a>FIFA<br \/>\n<\/a><a class=\"title\" href=\"https:\/\/www.infobae.com\/america\/america-latina\/2024\/05\/27\/el-mundial-femenino-de-2027-en-brasil-una-victoria-para-las-mujeres-y-un-desafio-para-la-politica\/\" target=\"_blank\" rel=\"noopener\" data-artpy=\"0\" data-author=\"Infobae\">El mundial femenino de 2027 en Brasil: una victoria para las mujeres y un desaf\u00edo para la pol\u00edtica<\/a>-infobae<\/p>\n<\/div>\n<\/div>\n<\/div><\/div><\/div><\/div><\/div>\n","protected":false},"excerpt":{"rendered":"<p>La salud del planeta pasa por las urnas y las mujeres  *  Andalucia apuesta por impulsar un estatuto de la mujer rural en Europa * Las empresas, aliadas de la igualdad de g\u00e9nero  *  Ursula von der Leyen la mujer m\u00e1s poderosa de Europa  *  Barcelona Femenino gana su tercera Champions League<\/p>\n","protected":false},"author":3,"featured_media":22909,"comment_status":"closed","ping_status":"closed","sticky":false,"template":"","format":"standard","meta":{"footnotes":""},"categories":[298,621],"tags":[],"class_list":["post-22094","post","type-post","status-publish","format-standard","has-post-thumbnail","hentry","category-newsletter","category-nwl-3-0"],"yoast_head":"<!-- This site is optimized with the Yoast SEO plugin v27.5 - https:\/\/yoast.com\/product\/yoast-seo-wordpress\/ -->\n<title>Noticias Info CKL n\u00ba 2873-27\/05\/24-Comunicar con perspectiva de g\u00e9nero<\/title>\n<meta name=\"description\" content=\"Noticias Info CKL n\u00ba 2873-27\/05\/24 La salud del planeta pasa por las urnas y las mujeres * Andalucia apuesta por impulsar un estatuto de la mujer rural en Europa * Las empresas, aliadas de la igualdad de g\u00e9nero * Ursula von der Leyen la mujer m\u00e1s poderosa de Europa * Barcelona Femenino gana su tercera Champions League\" \/>\n<meta name=\"robots\" content=\"index, follow, max-snippet:-1, max-image-preview:large, max-video-preview:-1\" \/>\n<link rel=\"canonical\" href=\"https:\/\/cklcomunicaciones.es\/coop\/noticias-info-ckl-no-2873-27-05-24\/\" \/>\n<meta property=\"og:locale\" content=\"es_ES\" \/>\n<meta property=\"og:type\" content=\"article\" \/>\n<meta property=\"og:title\" content=\"Noticias Info CKL n\u00ba 2873-27\/05\/24-Comunicar con perspectiva de g\u00e9nero\" \/>\n<meta property=\"og:description\" content=\"Noticias Info CKL n\u00ba 2873-27\/05\/24 La salud del planeta pasa por las urnas y las mujeres * Andalucia apuesta por impulsar un estatuto de la mujer rural en Europa * Las empresas, aliadas de la igualdad de g\u00e9nero * Ursula von der Leyen la mujer m\u00e1s poderosa de Europa * Barcelona Femenino gana su tercera Champions League\" \/>\n<meta property=\"og:url\" content=\"https:\/\/cklcomunicaciones.es\/coop\/noticias-info-ckl-no-2873-27-05-24\/\" \/>\n<meta property=\"og:site_name\" content=\"CKL Comunicaciones\" \/>\n<meta property=\"article:published_time\" content=\"2024-05-27T16:51:11+00:00\" \/>\n<meta property=\"article:modified_time\" content=\"2025-02-11T10:45:19+00:00\" \/>\n<meta property=\"og:image\" content=\"https:\/\/cklcomunicaciones.es\/coop\/wp-content\/uploads\/2025\/01\/CKL-una-mirada-distinta-de-la-comunicacion.jpg\" \/>\n\t<meta property=\"og:image:width\" content=\"1482\" \/>\n\t<meta property=\"og:image:height\" content=\"775\" \/>\n\t<meta property=\"og:image:type\" content=\"image\/jpeg\" \/>\n<meta name=\"author\" content=\"ckl\" \/>\n<meta name=\"twitter:card\" content=\"summary_large_image\" \/>\n<meta name=\"twitter:label1\" content=\"Escrito por\" \/>\n\t<meta name=\"twitter:data1\" content=\"ckl\" \/>\n\t<meta name=\"twitter:label2\" content=\"Tiempo de lectura\" \/>\n\t<meta name=\"twitter:data2\" content=\"6 minutos\" \/>\n<script type=\"application\/ld+json\" class=\"yoast-schema-graph\">{\"@context\":\"https:\\\/\\\/schema.org\",\"@graph\":[{\"@type\":\"Article\",\"@id\":\"https:\\\/\\\/cklcomunicaciones.es\\\/coop\\\/noticias-info-ckl-no-2873-27-05-24\\\/#article\",\"isPartOf\":{\"@id\":\"https:\\\/\\\/cklcomunicaciones.es\\\/coop\\\/noticias-info-ckl-no-2873-27-05-24\\\/\"},\"author\":{\"name\":\"ckl\",\"@id\":\"https:\\\/\\\/cklcomunicaciones.es\\\/coop\\\/#\\\/schema\\\/person\\\/929a6837f7626450bbb50cee1aef266e\"},\"headline\":\"Noticias Info CKL n\u00ba 2873-27\\\/05\\\/24\",\"datePublished\":\"2024-05-27T16:51:11+00:00\",\"dateModified\":\"2025-02-11T10:45:19+00:00\",\"mainEntityOfPage\":{\"@id\":\"https:\\\/\\\/cklcomunicaciones.es\\\/coop\\\/noticias-info-ckl-no-2873-27-05-24\\\/\"},\"wordCount\":1171,\"image\":{\"@id\":\"https:\\\/\\\/cklcomunicaciones.es\\\/coop\\\/noticias-info-ckl-no-2873-27-05-24\\\/#primaryimage\"},\"thumbnailUrl\":\"https:\\\/\\\/cklcomunicaciones.es\\\/coop\\\/wp-content\\\/uploads\\\/2025\\\/01\\\/CKL-una-mirada-distinta-de-la-comunicacion.jpg\",\"articleSection\":[\"Newsletter\",\"Nwl v3.0\"],\"inLanguage\":\"es\"},{\"@type\":\"WebPage\",\"@id\":\"https:\\\/\\\/cklcomunicaciones.es\\\/coop\\\/noticias-info-ckl-no-2873-27-05-24\\\/\",\"url\":\"https:\\\/\\\/cklcomunicaciones.es\\\/coop\\\/noticias-info-ckl-no-2873-27-05-24\\\/\",\"name\":\"Noticias Info CKL n\u00ba 2873-27\\\/05\\\/24-Comunicar con perspectiva de g\u00e9nero\",\"isPartOf\":{\"@id\":\"https:\\\/\\\/cklcomunicaciones.es\\\/coop\\\/#website\"},\"primaryImageOfPage\":{\"@id\":\"https:\\\/\\\/cklcomunicaciones.es\\\/coop\\\/noticias-info-ckl-no-2873-27-05-24\\\/#primaryimage\"},\"image\":{\"@id\":\"https:\\\/\\\/cklcomunicaciones.es\\\/coop\\\/noticias-info-ckl-no-2873-27-05-24\\\/#primaryimage\"},\"thumbnailUrl\":\"https:\\\/\\\/cklcomunicaciones.es\\\/coop\\\/wp-content\\\/uploads\\\/2025\\\/01\\\/CKL-una-mirada-distinta-de-la-comunicacion.jpg\",\"datePublished\":\"2024-05-27T16:51:11+00:00\",\"dateModified\":\"2025-02-11T10:45:19+00:00\",\"author\":{\"@id\":\"https:\\\/\\\/cklcomunicaciones.es\\\/coop\\\/#\\\/schema\\\/person\\\/929a6837f7626450bbb50cee1aef266e\"},\"description\":\"Noticias Info CKL n\u00ba 2873-27\\\/05\\\/24 La salud del planeta pasa por las urnas y las mujeres * Andalucia apuesta por impulsar un estatuto de la mujer rural en Europa * Las empresas, aliadas de la igualdad de g\u00e9nero * Ursula von der Leyen la mujer m\u00e1s poderosa de Europa * Barcelona Femenino gana su tercera Champions League\",\"breadcrumb\":{\"@id\":\"https:\\\/\\\/cklcomunicaciones.es\\\/coop\\\/noticias-info-ckl-no-2873-27-05-24\\\/#breadcrumb\"},\"inLanguage\":\"es\",\"potentialAction\":[{\"@type\":\"ReadAction\",\"target\":[\"https:\\\/\\\/cklcomunicaciones.es\\\/coop\\\/noticias-info-ckl-no-2873-27-05-24\\\/\"]}]},{\"@type\":\"ImageObject\",\"inLanguage\":\"es\",\"@id\":\"https:\\\/\\\/cklcomunicaciones.es\\\/coop\\\/noticias-info-ckl-no-2873-27-05-24\\\/#primaryimage\",\"url\":\"https:\\\/\\\/cklcomunicaciones.es\\\/coop\\\/wp-content\\\/uploads\\\/2025\\\/01\\\/CKL-una-mirada-distinta-de-la-comunicacion.jpg\",\"contentUrl\":\"https:\\\/\\\/cklcomunicaciones.es\\\/coop\\\/wp-content\\\/uploads\\\/2025\\\/01\\\/CKL-una-mirada-distinta-de-la-comunicacion.jpg\",\"width\":1482,\"height\":775,\"caption\":\"CKL - una mirada distinta de la comunicacion\"},{\"@type\":\"BreadcrumbList\",\"@id\":\"https:\\\/\\\/cklcomunicaciones.es\\\/coop\\\/noticias-info-ckl-no-2873-27-05-24\\\/#breadcrumb\",\"itemListElement\":[{\"@type\":\"ListItem\",\"position\":1,\"name\":\"Portada\",\"item\":\"https:\\\/\\\/cklcomunicaciones.es\\\/coop\\\/\"},{\"@type\":\"ListItem\",\"position\":2,\"name\":\"Noticias Info CKL n\u00ba 2873-27\\\/05\\\/24\"}]},{\"@type\":\"WebSite\",\"@id\":\"https:\\\/\\\/cklcomunicaciones.es\\\/coop\\\/#website\",\"url\":\"https:\\\/\\\/cklcomunicaciones.es\\\/coop\\\/\",\"name\":\"CKL Comunicaciones\",\"description\":\"Sitio web de CKL Comunicaciones coop , la consultora de comunicaci\u00f3n y estrategia\",\"potentialAction\":[{\"@type\":\"SearchAction\",\"target\":{\"@type\":\"EntryPoint\",\"urlTemplate\":\"https:\\\/\\\/cklcomunicaciones.es\\\/coop\\\/?s={search_term_string}\"},\"query-input\":{\"@type\":\"PropertyValueSpecification\",\"valueRequired\":true,\"valueName\":\"search_term_string\"}}],\"inLanguage\":\"es\"},{\"@type\":\"Person\",\"@id\":\"https:\\\/\\\/cklcomunicaciones.es\\\/coop\\\/#\\\/schema\\\/person\\\/929a6837f7626450bbb50cee1aef266e\",\"name\":\"ckl\",\"image\":{\"@type\":\"ImageObject\",\"inLanguage\":\"es\",\"@id\":\"https:\\\/\\\/secure.gravatar.com\\\/avatar\\\/c82db564e8a669bf6023357a157b9dc4780f4d4c618f2ad1d71a6a5dede45057?s=96&d=mm&r=g\",\"url\":\"https:\\\/\\\/secure.gravatar.com\\\/avatar\\\/c82db564e8a669bf6023357a157b9dc4780f4d4c618f2ad1d71a6a5dede45057?s=96&d=mm&r=g\",\"contentUrl\":\"https:\\\/\\\/secure.gravatar.com\\\/avatar\\\/c82db564e8a669bf6023357a157b9dc4780f4d4c618f2ad1d71a6a5dede45057?s=96&d=mm&r=g\",\"caption\":\"ckl\"},\"url\":\"https:\\\/\\\/cklcomunicaciones.es\\\/coop\\\/author\\\/cklcomunicaciones\\\/\"}]}<\/script>\n<!-- \/ Yoast SEO plugin. -->","yoast_head_json":{"title":"Noticias Info CKL n\u00ba 2873-27\/05\/24-Comunicar con perspectiva de g\u00e9nero","description":"Noticias Info CKL n\u00ba 2873-27\/05\/24 La salud del planeta pasa por las urnas y las mujeres * Andalucia apuesta por impulsar un estatuto de la mujer rural en Europa * Las empresas, aliadas de la igualdad de g\u00e9nero * Ursula von der Leyen la mujer m\u00e1s poderosa de Europa * Barcelona Femenino gana su tercera Champions League","robots":{"index":"index","follow":"follow","max-snippet":"max-snippet:-1","max-image-preview":"max-image-preview:large","max-video-preview":"max-video-preview:-1"},"canonical":"https:\/\/cklcomunicaciones.es\/coop\/noticias-info-ckl-no-2873-27-05-24\/","og_locale":"es_ES","og_type":"article","og_title":"Noticias Info CKL n\u00ba 2873-27\/05\/24-Comunicar con perspectiva de g\u00e9nero","og_description":"Noticias Info CKL n\u00ba 2873-27\/05\/24 La salud del planeta pasa por las urnas y las mujeres * Andalucia apuesta por impulsar un estatuto de la mujer rural en Europa * Las empresas, aliadas de la igualdad de g\u00e9nero * Ursula von der Leyen la mujer m\u00e1s poderosa de Europa * Barcelona Femenino gana su tercera Champions League","og_url":"https:\/\/cklcomunicaciones.es\/coop\/noticias-info-ckl-no-2873-27-05-24\/","og_site_name":"CKL Comunicaciones","article_published_time":"2024-05-27T16:51:11+00:00","article_modified_time":"2025-02-11T10:45:19+00:00","og_image":[{"width":1482,"height":775,"url":"https:\/\/cklcomunicaciones.es\/coop\/wp-content\/uploads\/2025\/01\/CKL-una-mirada-distinta-de-la-comunicacion.jpg","type":"image\/jpeg"}],"author":"ckl","twitter_card":"summary_large_image","twitter_misc":{"Escrito por":"ckl","Tiempo de lectura":"6 minutos"},"schema":{"@context":"https:\/\/schema.org","@graph":[{"@type":"Article","@id":"https:\/\/cklcomunicaciones.es\/coop\/noticias-info-ckl-no-2873-27-05-24\/#article","isPartOf":{"@id":"https:\/\/cklcomunicaciones.es\/coop\/noticias-info-ckl-no-2873-27-05-24\/"},"author":{"name":"ckl","@id":"https:\/\/cklcomunicaciones.es\/coop\/#\/schema\/person\/929a6837f7626450bbb50cee1aef266e"},"headline":"Noticias Info CKL n\u00ba 2873-27\/05\/24","datePublished":"2024-05-27T16:51:11+00:00","dateModified":"2025-02-11T10:45:19+00:00","mainEntityOfPage":{"@id":"https:\/\/cklcomunicaciones.es\/coop\/noticias-info-ckl-no-2873-27-05-24\/"},"wordCount":1171,"image":{"@id":"https:\/\/cklcomunicaciones.es\/coop\/noticias-info-ckl-no-2873-27-05-24\/#primaryimage"},"thumbnailUrl":"https:\/\/cklcomunicaciones.es\/coop\/wp-content\/uploads\/2025\/01\/CKL-una-mirada-distinta-de-la-comunicacion.jpg","articleSection":["Newsletter","Nwl v3.0"],"inLanguage":"es"},{"@type":"WebPage","@id":"https:\/\/cklcomunicaciones.es\/coop\/noticias-info-ckl-no-2873-27-05-24\/","url":"https:\/\/cklcomunicaciones.es\/coop\/noticias-info-ckl-no-2873-27-05-24\/","name":"Noticias Info CKL n\u00ba 2873-27\/05\/24-Comunicar con perspectiva de g\u00e9nero","isPartOf":{"@id":"https:\/\/cklcomunicaciones.es\/coop\/#website"},"primaryImageOfPage":{"@id":"https:\/\/cklcomunicaciones.es\/coop\/noticias-info-ckl-no-2873-27-05-24\/#primaryimage"},"image":{"@id":"https:\/\/cklcomunicaciones.es\/coop\/noticias-info-ckl-no-2873-27-05-24\/#primaryimage"},"thumbnailUrl":"https:\/\/cklcomunicaciones.es\/coop\/wp-content\/uploads\/2025\/01\/CKL-una-mirada-distinta-de-la-comunicacion.jpg","datePublished":"2024-05-27T16:51:11+00:00","dateModified":"2025-02-11T10:45:19+00:00","author":{"@id":"https:\/\/cklcomunicaciones.es\/coop\/#\/schema\/person\/929a6837f7626450bbb50cee1aef266e"},"description":"Noticias Info CKL n\u00ba 2873-27\/05\/24 La salud del planeta pasa por las urnas y las mujeres * Andalucia apuesta por impulsar un estatuto de la mujer rural en Europa * Las empresas, aliadas de la igualdad de g\u00e9nero * Ursula von der Leyen la mujer m\u00e1s poderosa de Europa * Barcelona Femenino gana su tercera Champions League","breadcrumb":{"@id":"https:\/\/cklcomunicaciones.es\/coop\/noticias-info-ckl-no-2873-27-05-24\/#breadcrumb"},"inLanguage":"es","potentialAction":[{"@type":"ReadAction","target":["https:\/\/cklcomunicaciones.es\/coop\/noticias-info-ckl-no-2873-27-05-24\/"]}]},{"@type":"ImageObject","inLanguage":"es","@id":"https:\/\/cklcomunicaciones.es\/coop\/noticias-info-ckl-no-2873-27-05-24\/#primaryimage","url":"https:\/\/cklcomunicaciones.es\/coop\/wp-content\/uploads\/2025\/01\/CKL-una-mirada-distinta-de-la-comunicacion.jpg","contentUrl":"https:\/\/cklcomunicaciones.es\/coop\/wp-content\/uploads\/2025\/01\/CKL-una-mirada-distinta-de-la-comunicacion.jpg","width":1482,"height":775,"caption":"CKL - una mirada distinta de la comunicacion"},{"@type":"BreadcrumbList","@id":"https:\/\/cklcomunicaciones.es\/coop\/noticias-info-ckl-no-2873-27-05-24\/#breadcrumb","itemListElement":[{"@type":"ListItem","position":1,"name":"Portada","item":"https:\/\/cklcomunicaciones.es\/coop\/"},{"@type":"ListItem","position":2,"name":"Noticias Info CKL n\u00ba 2873-27\/05\/24"}]},{"@type":"WebSite","@id":"https:\/\/cklcomunicaciones.es\/coop\/#website","url":"https:\/\/cklcomunicaciones.es\/coop\/","name":"CKL Comunicaciones","description":"Sitio web de CKL Comunicaciones coop , la consultora de comunicaci\u00f3n y estrategia","potentialAction":[{"@type":"SearchAction","target":{"@type":"EntryPoint","urlTemplate":"https:\/\/cklcomunicaciones.es\/coop\/?s={search_term_string}"},"query-input":{"@type":"PropertyValueSpecification","valueRequired":true,"valueName":"search_term_string"}}],"inLanguage":"es"},{"@type":"Person","@id":"https:\/\/cklcomunicaciones.es\/coop\/#\/schema\/person\/929a6837f7626450bbb50cee1aef266e","name":"ckl","image":{"@type":"ImageObject","inLanguage":"es","@id":"https:\/\/secure.gravatar.com\/avatar\/c82db564e8a669bf6023357a157b9dc4780f4d4c618f2ad1d71a6a5dede45057?s=96&d=mm&r=g","url":"https:\/\/secure.gravatar.com\/avatar\/c82db564e8a669bf6023357a157b9dc4780f4d4c618f2ad1d71a6a5dede45057?s=96&d=mm&r=g","contentUrl":"https:\/\/secure.gravatar.com\/avatar\/c82db564e8a669bf6023357a157b9dc4780f4d4c618f2ad1d71a6a5dede45057?s=96&d=mm&r=g","caption":"ckl"},"url":"https:\/\/cklcomunicaciones.es\/coop\/author\/cklcomunicaciones\/"}]}},"_links":{"self":[{"href":"https:\/\/cklcomunicaciones.es\/coop\/wp-json\/wp\/v2\/posts\/22094","targetHints":{"allow":["GET"]}}],"collection":[{"href":"https:\/\/cklcomunicaciones.es\/coop\/wp-json\/wp\/v2\/posts"}],"about":[{"href":"https:\/\/cklcomunicaciones.es\/coop\/wp-json\/wp\/v2\/types\/post"}],"author":[{"embeddable":true,"href":"https:\/\/cklcomunicaciones.es\/coop\/wp-json\/wp\/v2\/users\/3"}],"replies":[{"embeddable":true,"href":"https:\/\/cklcomunicaciones.es\/coop\/wp-json\/wp\/v2\/comments?post=22094"}],"version-history":[{"count":0,"href":"https:\/\/cklcomunicaciones.es\/coop\/wp-json\/wp\/v2\/posts\/22094\/revisions"}],"wp:featuredmedia":[{"embeddable":true,"href":"https:\/\/cklcomunicaciones.es\/coop\/wp-json\/wp\/v2\/media\/22909"}],"wp:attachment":[{"href":"https:\/\/cklcomunicaciones.es\/coop\/wp-json\/wp\/v2\/media?parent=22094"}],"wp:term":[{"taxonomy":"category","embeddable":true,"href":"https:\/\/cklcomunicaciones.es\/coop\/wp-json\/wp\/v2\/categories?post=22094"},{"taxonomy":"post_tag","embeddable":true,"href":"https:\/\/cklcomunicaciones.es\/coop\/wp-json\/wp\/v2\/tags?post=22094"}],"curies":[{"name":"wp","href":"https:\/\/api.w.org\/{rel}","templated":true}]}}