{"id":22090,"date":"2024-05-13T18:03:33","date_gmt":"2024-05-13T16:03:33","guid":{"rendered":"https:\/\/www.cklcomunicaciones.es\/?p=21096"},"modified":"2025-02-11T11:25:21","modified_gmt":"2025-02-11T10:25:21","slug":"noticias-info-ckl-no-2869-13-05-24","status":"publish","type":"post","link":"https:\/\/cklcomunicaciones.es\/coop\/noticias-info-ckl-no-2869-13-05-24\/","title":{"rendered":"Noticias Info CKL n\u00ba 2869-13\/05\/24"},"content":{"rendered":"<div class=\"fusion-fullwidth fullwidth-box fusion-builder-row-1 fusion-flex-container nonhundred-percent-fullwidth non-hundred-percent-height-scrolling\" style=\"--awb-border-radius-top-left:0px;--awb-border-radius-top-right:0px;--awb-border-radius-bottom-right:0px;--awb-border-radius-bottom-left:0px;--awb-flex-wrap:wrap;\" ><div class=\"fusion-builder-row fusion-row fusion-flex-align-items-flex-start fusion-flex-content-wrap\" style=\"max-width:1248px;margin-left: calc(-4% \/ 2 );margin-right: calc(-4% \/ 2 );\"><div class=\"fusion-layout-column fusion_builder_column fusion-builder-column-0 fusion_builder_column_1_1 1_1 fusion-flex-column\" style=\"--awb-bg-blend:overlay;--awb-bg-size:cover;--awb-width-large:100%;--awb-margin-top-large:0px;--awb-spacing-right-large:1.92%;--awb-margin-bottom-large:0px;--awb-spacing-left-large:1.92%;--awb-width-medium:100%;--awb-spacing-right-medium:1.92%;--awb-spacing-left-medium:1.92%;--awb-width-small:100%;--awb-spacing-right-small:1.92%;--awb-spacing-left-small:1.92%;\"><div class=\"fusion-column-wrapper fusion-flex-justify-content-flex-start fusion-content-layout-column\"><div class=\"fusion-text fusion-text-1\"><h1>Convocatorias<\/h1>\n<div id=\"\" class=\"lsow-panel lsow-active\">\n<div class=\"lsow-panel-content\">\n<ul>\n<li><a href=\"http:\/\/www.juntadeandalucia.es\/iam\/catalogo\/doc\/convocatorias\/2024-genero\/EL-violencia-interseccional.png\" target=\"_blank\" rel=\"noopener prettyPhoto&#091;21096&#093;\" data-saferedirecturl=\"https:\/\/www.google.com\/url?q=http:\/\/www.juntadeandalucia.es\/iam\/catalogo\/doc\/convocatorias\/2024-genero\/EL-violencia-interseccional.png&amp;source=gmail&amp;ust=1715674485923000&amp;usg=AOvVaw02w8M2S5fF_fLMw9jS0uix\">Actividad formativa\u00a0\u00abLa Violencia de G\u00e9nero Desde un Enfoque Interseccional\u00bb<\/a>. Asociaci\u00f3n de Mujeres Progresista La Mitad Del Cielo.\u00a0Del 20 de mayo al 17 de junio.\u00a0<a href=\"https:\/\/docs.google.com\/forms\/d\/e\/1FAIpQLSfvS13jHMDNsCckYin-fzIrdDoGUttBOD0u9ZxejAAscjq6Og\/viewform\" target=\"_blank\" rel=\"noopener\" data-saferedirecturl=\"https:\/\/www.google.com\/url?q=https:\/\/docs.google.com\/forms\/d\/e\/1FAIpQLSfvS13jHMDNsCckYin-fzIrdDoGUttBOD0u9ZxejAAscjq6Og\/viewform&amp;source=gmail&amp;ust=1715674485923000&amp;usg=AOvVaw34Mw4JsWza8bsaKTpQGAw8\">Inscripciones<\/a>.<\/li>\n<li>Formaci\u00f3n en Corresponsabilidad y cuidados. AURA. 21 de mayo.\u00a0<a href=\"https:\/\/forms.gle\/GMtDT2QRV2TUAVs48\" target=\"_blank\" rel=\"noopener\" data-saferedirecturl=\"https:\/\/www.google.com\/url?q=https:\/\/forms.gle\/GMtDT2QRV2TUAVs48&amp;source=gmail&amp;ust=1715674485923000&amp;usg=AOvVaw2P_f_Cwy-qEBXceMcCXz_A\">Inscripciones<\/a>.<\/li>\n<li>Curso \u00abViolencias contra las mujeres con discapacidad\u00bb.\u00a0CERMI. Del\u00a022\u00a0de mayo al 22\u00a0de junio.\u00a0<a href=\"https:\/\/www.cermiandalucia.es\/proacuteximo-curso-violencias.html\" target=\"_blank\" rel=\"noopener\" data-saferedirecturl=\"https:\/\/www.google.com\/url?q=https:\/\/www.cermiandalucia.es\/proacuteximo-curso-violencias.html&amp;source=gmail&amp;ust=1715674485923000&amp;usg=AOvVaw1KBJt0-K8nB7e_rfGq_Smg\">M\u00e1s informaci\u00f3n e inscripciones<\/a>.<\/li>\n<li><a href=\"https:\/\/bejob.com\/digital-power-for-young-women\/\" target=\"_blank\" rel=\"noopener\" data-saferedirecturl=\"https:\/\/www.google.com\/url?q=https:\/\/bejob.com\/digital-power-for-young-women\/&amp;source=gmail&amp;ust=1715674485923000&amp;usg=AOvVaw0Mz44mPyjYstITTX-092if\">Programa \u201cDIGITAL POWER FOR YOUNG WOMEN\u201d<\/a>. Bejob. Del 14 de mayo al 5 de julio.<\/li>\n<li><a href=\"http:\/\/www.juntadeandalucia.es\/iam\/catalogo\/doc\/convocatorias\/2024-genero\/EL-taller-todo.jpg\" target=\"_blank\" rel=\"noopener prettyPhoto&#091;21096&#093;\" data-saferedirecturl=\"https:\/\/www.google.com\/url?q=http:\/\/www.juntadeandalucia.es\/iam\/catalogo\/doc\/convocatorias\/2024-genero\/EL-taller-todo.jpg&amp;source=gmail&amp;ust=1715674485923000&amp;usg=AOvVaw0HvPotdL0UyQtEqdXl4gco\">Taller \u201cTodo lo que quisiste saber sobre sexo\u2026 y no te atreviste (o dejaron) preguntar<\/a>. Merakias. 18 de mayo.<\/li>\n<li><a href=\"https:\/\/www.unia.es\/estudios-y-acceso\/oferta-academica\/formacion-continua\/i-encuentro-universitario-andaluz-mujeres-y-salud\" target=\"_blank\" rel=\"noopener\" data-saferedirecturl=\"https:\/\/www.google.com\/url?q=https:\/\/www.unia.es\/estudios-y-acceso\/oferta-academica\/formacion-continua\/i-encuentro-universitario-andaluz-mujeres-y-salud&amp;source=gmail&amp;ust=1715674485923000&amp;usg=AOvVaw2YzKLEjgk7xuUp8O7b3IPM\">I Encuentro universitario andaluz \u00abMujeres y salud\u00bb<\/a>.\u00a0UNIA. 28 de mayo<\/li>\n<li><a href=\"http:\/\/www.juntadeandalucia.es\/iam\/catalogo\/doc\/convocatorias\/2024-genero\/EL-jornadas-violencia-sexual.png\" target=\"_blank\" rel=\"noopener prettyPhoto&#091;21096&#093;\" data-saferedirecturl=\"https:\/\/www.google.com\/url?q=http:\/\/www.juntadeandalucia.es\/iam\/catalogo\/doc\/convocatorias\/2024-genero\/EL-jornadas-violencia-sexual.png&amp;source=gmail&amp;ust=1715674485923000&amp;usg=AOvVaw21h4cMI8VvVf1oSvlP8WT1\">Jornadas violencia Sexual: una visi\u00f3n multidisciplinar<\/a>.\u00a0Asociaci\u00f3n\u00a0Mujeres polit\u00f3logas.\u00a0Del 22 de mayo al 12 de junio.<\/li>\n<\/ul>\n<\/div>\n<\/div>\n<div id=\"\" class=\"lsow-panel lsow-active\">\n<h1 class=\"lsow-panel-title\">Comunicaci\u00f3n, Publicidad y TICs<\/h1>\n<div class=\"lsow-panel-content\">\n<p><a class=\"title\" href=\"https:\/\/www.lavozdelsur.es\/cultura\/comunicacion\/informe-semanal-yolanda-rosado-ganadoras-premio-periodismo-juan-andres-garcia-apj_314751_102.html\" target=\"_blank\" rel=\"noopener\" data-artpy=\"0\" data-author=\"lavozdelsur\">&#8216;Informe semanal&#8217; y Yolanda Rosado, ganadoras del Premio de Periodismo Juan Andr\u00e9s Garc\u00eda de la APJ<\/a>-lavozdelsur<br \/>\n<a class=\"title\" href=\"https:\/\/www.diariodecadiz.es\/con-la-venia\/mujer-periodismo-deportivo_0_1901810223.html\" target=\"_blank\" rel=\"noopener\" data-artpy=\"0\" data-author=\"Diario de C\u00e1diz\">La mujer en el periodismo deportivo<\/a>-diariodecadiz<br \/>\n<a class=\"title\" href=\"https:\/\/www.diariosigloxxi.com\/texto-diario\/mostrar\/4830279\/libertad-prensa-zonas-conflicto-elevado-precio-informacion-contextos-guerra\" target=\"_blank\" rel=\"noopener\" data-artpy=\"0\" data-author=\"Diario Siglo XXI\">Libertad de prensa en zonas de conflicto: el elevado precio de la informaci\u00f3n en contextos de guerra<\/a>-diariosigloxxi<br \/>\n<span class=\"im\"><a href=\"https:\/\/www.google.com\/url?rct=j&amp;sa=t&amp;url=https:\/\/www.eleconomista.com.mx\/arteseideas\/Medios-de-comunicacion-y-feminicidio-cuando-se-perpetuan-estereotipos-daninos-20240510-0046.html&amp;ct=ga&amp;cd=CAEYACoTOTMxMzg3MDQwMzk3ODY2NjQyNDIZZTFlNzdkMTU2MDk4YThlMzplczplczpFUw&amp;usg=AOvVaw1kde3ybaZe_jPjc6a4Td4l\" target=\"_blank\" rel=\"noopener\" data-saferedirecturl=\"https:\/\/www.google.com\/url?q=https:\/\/www.google.com\/url?rct%3Dj%26sa%3Dt%26url%3Dhttps:\/\/www.eleconomista.com.mx\/arteseideas\/Medios-de-comunicacion-y-feminicidio-cuando-se-perpetuan-estereotipos-daninos-20240510-0046.html%26ct%3Dga%26cd%3DCAEYACoTOTMxMzg3MDQwMzk3ODY2NjQyNDIZZTFlNzdkMTU2MDk4YThlMzplczplczpFUw%26usg%3DAOvVaw1kde3ybaZe_jPjc6a4Td4l&amp;source=gmail&amp;ust=1715668239112000&amp;usg=AOvVaw3z2nRk40EtZUdlq3MH-9gL\">Medios de comunicaci\u00f3n y feminicidio: cuando se perpet\u00faan estereotipos da\u00f1inos-\u00a0<\/a><\/span><a>El Economista<br \/>\n<\/a><a class=\"title\" href=\"https:\/\/www.elespanol.com\/ciencia\/investigacion\/20240513\/ana-lozano-campeona-espana-divulgadora-deporte-salud-mujer-ignorado\/853164753_0.html\" target=\"_blank\" rel=\"noopener\" data-artpy=\"0\" data-author=\"ESPA\u00d1OL\">Ana Lozano, de campeona de Espa\u00f1a a divulgadora: \u00abEn el deporte la salud de la mujer se ha ignorado\u00bb<\/a>-elespa\u00f1ol<br \/>\n<a class=\"title\" href=\"https:\/\/www.elperiodico.com\/es\/sociedad\/20240513\/estudio-global-relaciona-acceso-internet-102316847\" target=\"_blank\" rel=\"noopener\" data-artpy=\"0\" data-author=\"El Peri\u00f3dico\">Un estudio global relaciona el acceso a Internet con un mayor bienestar<\/a>-elperiodico<a><br \/>\n<\/a><\/p>\n<\/div>\n<\/div>\n<div id=\"\" class=\"lsow-panel lsow-active\">\n<h1 class=\"lsow-panel-title\">Andaluc\u00eda<\/h1>\n<div class=\"lsow-panel-content\">\n<div class=\"source set_top\">\n<div data-priority=\"2\" aria-hidden=\"true\">\n<p><strong>Institucional<br \/>\n<\/strong><a class=\"title\" href=\"https:\/\/www.diariodealmeria.es\/finanzasyagricultura\/Carmen-Crespo-Almeria-agricultores-convierten_0_1902409970.html\" target=\"_blank\" rel=\"noopener\" data-artpy=\"0\" data-author=\"diariodealmeria\">Carmen Crespo destaca en Almer\u00eda que los agricultores \u00abconvierten los problemas en soluciones\u00bb<\/a>-diariodealmeria<br \/>\n<a class=\"title\" title=\"La consejera Carolina Espa\u00f1a sit\u00faa a Grupo Cosentino como \u00abun espejo en el que mirarse para las empresas de Andaluc\u00eda, de Espa\u00f1a y del mundo\u00bb\" href=\"https:\/\/almanzora.ideal.es\/actualidad\/consejera-carolina-espana-situa-grupo-cosentino-espejo-20240513172914-nt.html\" target=\"_blank\" rel=\"noopener\" data-artpy=\"0\" data-author=\"ideal\">La consejera Carolina Espa\u00f1a sit\u00faa a Grupo Cosentino como \u00abun espejo en el que mirarse para las empresas de Andaluc\u00eda, de Espa\u00f1a<\/a>-ideal<strong><br \/>\n<\/strong><\/p>\n<p><strong>Econom\u00eda y Empresa<br \/>\n<\/strong><a href=\"https:\/\/www.google.com\/url?rct=j&amp;sa=t&amp;url=https:\/\/www.noticiasdealmeria.com\/mujeres-influyentes-de-almeria:-una-comunidad-para-el-empoderamiento-femenino&amp;ct=ga&amp;cd=CAEYACoUMTI1ODM4Mjk4ODYzNTI0OTY1ODYyGzlhYjFjZGQ3ZTM2NmVmMzg6ZXM6ZXM6RVM6Ug&amp;usg=AOvVaw1Rn-x5e2hLWfHoyR9IkJF6\" target=\"_blank\" rel=\"noopener\" data-saferedirecturl=\"https:\/\/www.google.com\/url?q=https:\/\/www.google.com\/url?rct%3Dj%26sa%3Dt%26url%3Dhttps:\/\/www.noticiasdealmeria.com\/mujeres-influyentes-de-almeria:-una-comunidad-para-el-empoderamiento-femenino%26ct%3Dga%26cd%3DCAEYACoUMTI1ODM4Mjk4ODYzNTI0OTY1ODYyGzlhYjFjZGQ3ZTM2NmVmMzg6ZXM6ZXM6RVM6Ug%26usg%3DAOvVaw1Rn-x5e2hLWfHoyR9IkJF6&amp;source=gmail&amp;ust=1715672462021000&amp;usg=AOvVaw3GocRVp_EFkNKyD8fpYpOX\">Mujeres Influyentes de Almer\u00eda&#8217;: una comunidad para el empoderamiento femenino-\u00a0<\/a><a>Noticias de Almer\u00eda<br \/>\n<\/a><a class=\"title\" href=\"https:\/\/www.msn.com\/es-es\/noticias\/espana\/el-foro-infinitas-abordar%C3%A1-estrategias-para-el-crecimiento-personal-y-profesional-de-las-mujeres-empresarias\/ar-BB1mibM9?ocid=BingNewsSearch\" target=\"_blank\" rel=\"noopener\" data-artpy=\"0\" data-author=\"Europa Press on MSN\">El foro &#8216;Infinitas&#8217; abordar\u00e1 en M\u00e1laga estrategias para el crecimiento personal y profesional de mujeres empresarias<\/a>-europapress<br \/>\n<a href=\"https:\/\/www.google.com\/url?rct=j&amp;sa=t&amp;url=https:\/\/www.juntadeandalucia.es\/presidencia\/portavoz\/social\/193291\/ConsejeriadeInclusionSocial\/Ikea\/insercionsociolaboral\/victimas\/violenciadegenero\/Almeria&amp;ct=ga&amp;cd=CAEYBCoUMTQ2NDk5NTI1OTI4MTI3NTg0MTIyGWUxZTc3ZDE1NjA5OGE4ZTM6ZXM6ZXM6RVM&amp;usg=AOvVaw3LZ_ZPkp1purE9MKq-6-W8\" target=\"_blank\" rel=\"noopener\" data-saferedirecturl=\"https:\/\/www.google.com\/url?q=https:\/\/www.google.com\/url?rct%3Dj%26sa%3Dt%26url%3Dhttps:\/\/www.juntadeandalucia.es\/presidencia\/portavoz\/social\/193291\/ConsejeriadeInclusionSocial\/Ikea\/insercionsociolaboral\/victimas\/violenciadegenero\/Almeria%26ct%3Dga%26cd%3DCAEYBCoUMTQ2NDk5NTI1OTI4MTI3NTg0MTIyGWUxZTc3ZDE1NjA5OGE4ZTM6ZXM6ZXM6RVM%26usg%3DAOvVaw3LZ_ZPkp1purE9MKq-6-W8&amp;source=gmail&amp;ust=1715690691669000&amp;usg=AOvVaw17TamSUA5ZY7amzdGNr6mx\">La Junta e IKEA se al\u00edan para la inserci\u00f3n sociolaboral de las v\u00edctimas de violencia de g\u00e9nero-<\/a><a>Junta de Andaluc\u00eda<\/a><\/p>\n<p><strong>Actualidad<br \/>\n<\/strong><a href=\"https:\/\/www.google.com\/url?rct=j&amp;sa=t&amp;url=https:\/\/huelvacosta.com\/la-junta-de-andalucia-aprueba-subvenciones-para-fomentar-la-conciliacion-entre-la-vida-laboral-y-familiar\/&amp;ct=ga&amp;cd=CAEYAioUMTAyNDMxNzE1Nzk4MDg5NTA5NzcyGWQ3OGU1ODc1YTBmMWYyYWM6ZXM6ZXM6RVM&amp;usg=AOvVaw1pVl4BV27nI0lhaHkburnL\" target=\"_blank\" rel=\"noopener\" data-saferedirecturl=\"https:\/\/www.google.com\/url?q=https:\/\/www.google.com\/url?rct%3Dj%26sa%3Dt%26url%3Dhttps:\/\/huelvacosta.com\/la-junta-de-andalucia-aprueba-subvenciones-para-fomentar-la-conciliacion-entre-la-vida-laboral-y-familiar\/%26ct%3Dga%26cd%3DCAEYAioUMTAyNDMxNzE1Nzk4MDg5NTA5NzcyGWQ3OGU1ODc1YTBmMWYyYWM6ZXM6ZXM6RVM%26usg%3DAOvVaw1pVl4BV27nI0lhaHkburnL&amp;source=gmail&amp;ust=1715678512449000&amp;usg=AOvVaw2QdA6BZGLcOrjRYKGc392l\">La Junta de\u00a0Andaluc\u00eda aprueba subvenciones para fomentar la conciliaci\u00f3n entre la vida laboral y familiar &#8230;-\u00a0<\/a><a>Huelva Costa<br \/>\n<\/a><a href=\"https:\/\/www.google.com\/url?rct=j&amp;sa=t&amp;url=https:\/\/www.diariocordoba.com\/cordoba\/2024\/05\/12\/premios-diputacion-reconoceran-diversidad-sexual-102269020.html&amp;ct=ga&amp;cd=CAEYACoUMTA0NzcyMTg4MTcyNzA3NjQ2MTQyGTU5ZDc4MTcxMzZhMmQwMjg6ZXM6ZXM6RVM&amp;usg=AOvVaw0WfqJWq2g5IOrSOyPThW_y\" target=\"_blank\" rel=\"noopener\" data-saferedirecturl=\"https:\/\/www.google.com\/url?q=https:\/\/www.google.com\/url?rct%3Dj%26sa%3Dt%26url%3Dhttps:\/\/www.diariocordoba.com\/cordoba\/2024\/05\/12\/premios-diputacion-reconoceran-diversidad-sexual-102269020.html%26ct%3Dga%26cd%3DCAEYACoUMTA0NzcyMTg4MTcyNzA3NjQ2MTQyGTU5ZDc4MTcxMzZhMmQwMjg6ZXM6ZXM6RVM%26usg%3DAOvVaw0WfqJWq2g5IOrSOyPThW_y&amp;source=gmail&amp;ust=1715668240314000&amp;usg=AOvVaw0nSeCbhdUYiVfVYevOETzv\">Unos premios de la Diputaci\u00f3n reconocer\u00e1n la diversidad sexual y de\u00a0g\u00e9nero &#8211;\u00a0<\/a><a>Diario C\u00f3rdoba<br \/>\n<\/a><a class=\"title\" href=\"https:\/\/www.malagahoy.es\/malaga\/mujeres-hombres-Medicina-Malaga_0_1900911558.html\" target=\"_blank\" rel=\"noopener\" data-artpy=\"0\" data-author=\"M\u00e1laga Hoy\">Las mujeres ya superan a los hombres en el ejercicio de la Medicina en M\u00e1laga<\/a>-malagahoy<br \/>\n<a class=\"title\" href=\"http:\/\/www.gentedigital.es\/huelva\/noticia\/3835485\/expertos-de-andalucia-abordan-las-adicciones-desde-unaperspectiva-de-genero-en-las-ii-jornadas-gafas-violetas\/\" target=\"_blank\" rel=\"noopener\" data-artpy=\"0\" data-author=\"Gente Digital\">Expertos de Andaluc\u00eda abordan las adicciones desde una perspectiva de g\u00e9nero en las II Jornadas &#8216;Gafas Violetas&#8217;-\u00a0<\/a><a>gentedigital<br \/>\n<\/a><a class=\"title\" href=\"https:\/\/www.msn.com\/es-es\/noticias\/espana\/gobierno-central-afirma-que-el-ingreso-m%C3%ADnimo-vital-protegi%C3%B3-a-m%C3%A1s-de-576600-andaluces-en-abril\/ar-BB1mflnM?ocid=BingNewsSearch\" target=\"_blank\" rel=\"noopener\" data-artpy=\"0\" data-author=\"Europa Press on MSN\">El ingreso m\u00ednimo vital protege ya a m\u00e1s de 576.000 ciudadanos andaluces<\/a>-europapress<a><br \/>\n<\/a><\/p>\n<p><strong>Violencias<br \/>\n<\/strong><a class=\"title\" href=\"https:\/\/www.msn.com\/es-es\/noticias\/espana\/unia-supervivientes-de-violencia-sexual-en-conflictos-armados-narran-c%C3%B3mo-han-sido-sus-procesos-de-reparaci%C3%B3n\/ar-BB1mj1PM?ocid=BingNewsSearch\" target=\"_blank\" rel=\"noopener\" data-artpy=\"0\" data-author=\"Europa Press on MSN\">Supervivientes de violencia sexual en conflictos armados narran en Sevilla c\u00f3mo han sido sus procesos de reparaci\u00f3n<\/a>-eruopapress<a><br \/>\n<\/a><\/p>\n<p><b>Ciencia y Cultura<br \/>\n<\/b><a href=\"https:\/\/www.google.com\/url?rct=j&amp;sa=t&amp;url=https:\/\/www.cordobabn.com\/articulo\/educacion\/eurodiputada-lina-galvez-dialoga-uco-retos-ue\/20240510170121194314.html&amp;ct=ga&amp;cd=CAEYBSoUMTIzMDE1ODc5ODAxMDM1ODE2NTMyGWMwMzcyZWJjMmZlYWRhNTk6ZXM6ZXM6RVM&amp;usg=AOvVaw2g8APqo8kBVgB9_l_YhWzF\" target=\"_blank\" rel=\"noopener\" data-saferedirecturl=\"https:\/\/www.google.com\/url?q=https:\/\/www.google.com\/url?rct%3Dj%26sa%3Dt%26url%3Dhttps:\/\/www.cordobabn.com\/articulo\/educacion\/eurodiputada-lina-galvez-dialoga-uco-retos-ue\/20240510170121194314.html%26ct%3Dga%26cd%3DCAEYBSoUMTIzMDE1ODc5ODAxMDM1ODE2NTMyGWMwMzcyZWJjMmZlYWRhNTk6ZXM6ZXM6RVM%26usg%3DAOvVaw2g8APqo8kBVgB9_l_YhWzF&amp;source=gmail&amp;ust=1715668240080000&amp;usg=AOvVaw1z4Uqmwcqjlrifc_CmFSKL\">La eurodiputada Lina G\u00e1lvez dialoga en la UCO sobre los retos de la UE-\u00a0<\/a><a>C\u00f3rdoba Buenas Noticias<br \/>\n<\/a><a href=\"https:\/\/www.google.com\/url?rct=j&amp;sa=t&amp;url=https:\/\/www.horajaen.com\/2024\/05\/13\/el-proyecto-pioneras-informaticas-del-instituto-dasci-de-la-uja-celebra-dos-anos-de-exito-y-expansion-educativa\/&amp;ct=ga&amp;cd=CAEYAyoSOTkzMTMzODA1NDE4MTc1MzYxMhljMDM3MmViYzJmZWFkYTU5OmVzOmVzOkVT&amp;usg=AOvVaw0jUWg5jpTmoSPdQqvbQXqG\" target=\"_blank\" rel=\"noopener\" data-saferedirecturl=\"https:\/\/www.google.com\/url?q=https:\/\/www.google.com\/url?rct%3Dj%26sa%3Dt%26url%3Dhttps:\/\/www.horajaen.com\/2024\/05\/13\/el-proyecto-pioneras-informaticas-del-instituto-dasci-de-la-uja-celebra-dos-anos-de-exito-y-expansion-educativa\/%26ct%3Dga%26cd%3DCAEYAyoSOTkzMTMzODA1NDE4MTc1MzYxMhljMDM3MmViYzJmZWFkYTU5OmVzOmVzOkVT%26usg%3DAOvVaw0jUWg5jpTmoSPdQqvbQXqG&amp;source=gmail&amp;ust=1715701259625000&amp;usg=AOvVaw1qH-HE0X-YN01jT9c1PPtx\">El Proyecto &#8216;Pioneras Inform\u00e1ticas&#8217; del\u00a0Instituto DaSCI de la UJA celebra dos a\u00f1os de &#8230; &#8211;\u00a0<\/a><a>Hora Ja\u00e9n<br \/>\n<\/a><a class=\"title\" href=\"https:\/\/www.lanocion.es\/jaen\/20240513\/la-uja-finaliza-el-piloto-andaluz-del-proyecto-eur-9846.html\" target=\"_blank\" rel=\"noopener\" data-artpy=\"0\" data-author=\"lanocion\">La UJA finaliza el piloto andaluz del proyecto europeo PHArA-ON que reduce la brecha digital y mejorar el bienestar de los adultos<\/a>-lanocion<a><br \/>\n<\/a><a class=\"title\" href=\"https:\/\/www.diariodecadiz.es\/cadiz\/universidad-cadiz-UCA-celebra-I-Semana-Orgullo-cuatro-campus_0_1902410661.html\" target=\"_blank\" rel=\"noopener\" data-artpy=\"0\" data-author=\"Diario de C\u00e1diz\">La Universidad de C\u00e1diz celebra su I Semana del Orgullo en sus cuatro campus<\/a>-diariodecadiz<br \/>\n<a class=\"title\" href=\"https:\/\/www.msn.com\/es-es\/entretenimiento\/musica\/eva-yerbabuena-abre-el-ciclo-andaluc%C3%ADa-flamenco-esta-semana-en-el-teatro-alhambra\/ar-BB1miuVY?ocid=BingNewsSearch\" target=\"_blank\" rel=\"noopener\" data-artpy=\"0\" data-author=\"Europa Press on MSN\">Eva Yerbabuena abre el ciclo &#8216;Andaluc\u00eda-Flamenco&#8217; esta semana en el Teatro Alhambra<\/a>-europapress<br \/>\n<a class=\"title\" href=\"https:\/\/www.noticiasde.es\/andalucia\/sevilla\/la-escritora-sara-mesa-es-galardonada-con-el-premio-nacional-factoria-creativa-de-las-letras-2024-en-la-rinconada\/\" target=\"_blank\" rel=\"noopener\" data-artpy=\"0\" data-author=\"noticiasde\">La escritora Sara Mesa es galardonada con el Premio Nacional Factor\u00eda Creativa de las Letras 2024 en La Rinconada<\/a>-noticiasde<br \/>\n<b><\/b><\/p>\n<div>\n<p><strong>Deporte<br \/>\n<\/strong><a class=\"title\" href=\"https:\/\/www.diariocordoba.com\/cordoba-ciudad\/2024\/05\/13\/11a-copa-covap-sensibiliza-35-102308386.html\" target=\"_blank\" rel=\"noopener\" data-artpy=\"0\" data-author=\"Diario C\u00f3rdoba\">La 11\u00aa Copa Covap sensibiliza a m\u00e1s de 35.000 ni\u00f1os y ni\u00f1as en h\u00e1bitos saludables<\/a>-diariocordoba<strong><br \/>\n<\/strong><a class=\"title\" href=\"https:\/\/www.msn.com\/es-es\/deportes\/tenis\/el-espa%C3%B1a-polonia-abrir%C3%A1-el-13-de-noviembre-los-playoffs-de-las-finales-de-la-billie-jean-king-cup-de-sevilla\/ar-BB1mijtg?ocid=BingNewsSearch\" target=\"_blank\" rel=\"noopener\" data-artpy=\"0\" data-author=\"Europa Press on MSN\">El Espa\u00f1a-Polonia abrir\u00e1 el 13 de noviembre los &#8216;playoffs&#8217; de las Finales de la Billie Jean King Cup de Sevilla<\/a>-europapress<\/p>\n<\/div>\n<\/div>\n<\/div>\n<\/div>\n<\/div>\n<div id=\"\" class=\"lsow-panel lsow-active\">\n<h1 class=\"lsow-panel-title\">Estado<\/h1>\n<div class=\"lsow-panel-content\">\n<p><strong>Institucional<br \/>\n<\/strong><a class=\"title\" href=\"https:\/\/www.msn.com\/es-es\/dinero\/formacion-empleo\/m%C3%B3nica-mart%C3%ADnez-bravo-la-econom%C3%ADa-te-hace-entender-c%C3%B3mo-funciona-el-mundo-y-cambiarlo\/ar-BB1mhePA?ocid=BingNewsSearch\" target=\"_blank\" rel=\"noopener\" data-artpy=\"0\" data-author=\"El confidencial on MSN\">M\u00f3nica Mart\u00ednez Bravo, Secretaria General de Inclusi\u00f3n, Seguridad Social y Migraciones,: \u201cLa econom\u00eda te hace entender c\u00f3mo funciona el mundo&#8230; y cambiarlo\u201d<\/a>-elconfidencial<br \/>\n<a class=\"title\" href=\"https:\/\/www.eldiario.es\/politica\/ultima-hora-elecciones-catalanas-directo_6_11361478_1107854.html\" target=\"_blank\" rel=\"noopener\" data-artpy=\"0\" data-author=\"eldiario.es\">La ministra de Juventud agradece a los j\u00f3venes y estudiantes las acampadas \u201cen solidaridad con el pueblo palestino\u201d<\/a>-eldiario<strong><br \/>\n<\/strong><\/p>\n<p><strong>Institucional &#8211; CCAA<br \/>\n<\/strong><a href=\"https:\/\/www.google.com\/url?rct=j&amp;sa=t&amp;url=https:\/\/www.cope.es\/actualidad\/espana\/noticias\/principado-impulsa-documental-que-promueve-igualdad-genero-traves-los-retos-del-deporte-femenino-20240512_3293032&amp;ct=ga&amp;cd=CAEYASoUMTY0MTAxMzA5NDQ4NDIwNjAxNDMyGWMwMzcyZWJjMmZlYWRhNTk6ZXM6ZXM6RVM&amp;usg=AOvVaw2WueTJoSw4bc8VtUeIatcl\" target=\"_blank\" rel=\"noopener\" data-saferedirecturl=\"https:\/\/www.google.com\/url?q=https:\/\/www.google.com\/url?rct%3Dj%26sa%3Dt%26url%3Dhttps:\/\/www.cope.es\/actualidad\/espana\/noticias\/principado-impulsa-documental-que-promueve-igualdad-genero-traves-los-retos-del-deporte-femenino-20240512_3293032%26ct%3Dga%26cd%3DCAEYASoUMTY0MTAxMzA5NDQ4NDIwNjAxNDMyGWMwMzcyZWJjMmZlYWRhNTk6ZXM6ZXM6RVM%26usg%3DAOvVaw2WueTJoSw4bc8VtUeIatcl&amp;source=gmail&amp;ust=1715668240228000&amp;usg=AOvVaw1JSylJLIP9FwxvMQZYAqaq\">El Principado impulsa un documental que promueve la igualdad de g\u00e9nero a trav\u00e9s de los retos del deporte femenino &#8230;-<\/a><a>COPE<br \/>\n<\/a><a href=\"https:\/\/www.google.com\/url?rct=j&amp;sa=t&amp;url=https:\/\/ahoraclm.com\/la-junta-destina-380000-euros-para-actividades-de-las-asociaciones-de-mujeres&amp;ct=ga&amp;cd=CAEYAioUMTU4ODg2NjUwNTMwNTIwMzEyNzQyGWMwMzcyZWJjMmZlYWRhNTk6ZXM6ZXM6RVM&amp;usg=AOvVaw3j0FznLDcslG0PNYdBK7_K\" target=\"_blank\" rel=\"noopener\" data-saferedirecturl=\"https:\/\/www.google.com\/url?q=https:\/\/www.google.com\/url?rct%3Dj%26sa%3Dt%26url%3Dhttps:\/\/ahoraclm.com\/la-junta-destina-380000-euros-para-actividades-de-las-asociaciones-de-mujeres%26ct%3Dga%26cd%3DCAEYAioUMTU4ODg2NjUwNTMwNTIwMzEyNzQyGWMwMzcyZWJjMmZlYWRhNTk6ZXM6ZXM6RVM%26usg%3DAOvVaw3j0FznLDcslG0PNYdBK7_K&amp;source=gmail&amp;ust=1715668240000000&amp;usg=AOvVaw3y31e0smw-4N7J_SzFfphO\">La Junta destina 380.000 euros para actividades de las asociaciones de\u00a0mujeres<b>&#8211;\u00a0<\/b><\/a><a>Ahora CLM<br \/>\n<\/a><a href=\"https:\/\/www.google.com\/url?rct=j&amp;sa=t&amp;url=https:\/\/www.hoy.es\/badajoz\/mujer-tecnologia-divertida-20240513072624-nt.html&amp;ct=ga&amp;cd=CAEYDioSMzU3NTc1MTY3NzM3MTU4NDcxMhljMDM3MmViYzJmZWFkYTU5OmVzOmVzOkVT&amp;usg=AOvVaw3u99dt1rtfqCDR6PBwdrN5\" target=\"_blank\" rel=\"noopener\" data-saferedirecturl=\"https:\/\/www.google.com\/url?q=https:\/\/www.google.com\/url?rct%3Dj%26sa%3Dt%26url%3Dhttps:\/\/www.hoy.es\/badajoz\/mujer-tecnologia-divertida-20240513072624-nt.html%26ct%3Dga%26cd%3DCAEYDioSMzU3NTc1MTY3NzM3MTU4NDcxMhljMDM3MmViYzJmZWFkYTU5OmVzOmVzOkVT%26usg%3DAOvVaw3u99dt1rtfqCDR6PBwdrN5&amp;source=gmail&amp;ust=1715687320354000&amp;usg=AOvVaw3sOYoWHEokco5wGqj9h5yP\">Extremadura en femenino: La\u00a0mujer que hace la tecnolog\u00eda divertida &#8211;\u00a0<\/a><a>Hoy<\/a><\/p>\n<p><strong>Econom\u00eda y Empresa<br \/>\n<\/strong><a href=\"https:\/\/www.google.com\/url?rct=j&amp;sa=t&amp;url=https:\/\/www.elconfidencial.com\/economia\/2024-05-12\/mujeres-economia-salud-sociedad-iberoamerica-bra_3880929\/&amp;ct=ga&amp;cd=CAEYASoTNTk4NjQ5OTc4NjExMDM3NjUzMzIZYzAzNzJlYmMyZmVhZGE1OTplczplczpFUw&amp;usg=AOvVaw2U_oTj0GmjnmQEF7Q_gebV\" target=\"_blank\" rel=\"noopener\" data-saferedirecturl=\"https:\/\/www.google.com\/url?q=https:\/\/www.google.com\/url?rct%3Dj%26sa%3Dt%26url%3Dhttps:\/\/www.elconfidencial.com\/economia\/2024-05-12\/mujeres-economia-salud-sociedad-iberoamerica-bra_3880929\/%26ct%3Dga%26cd%3DCAEYASoTNTk4NjQ5OTc4NjExMDM3NjUzMzIZYzAzNzJlYmMyZmVhZGE1OTplczplczpFUw%26usg%3DAOvVaw2U_oTj0GmjnmQEF7Q_gebV&amp;source=gmail&amp;ust=1715668240165000&amp;usg=AOvVaw2B4sJKnsPQMSwOHF62thJx\">Mujer, econom\u00eda y equidad: el momento de pasar de la palabra a la acci\u00f3n &#8211;\u00a0<\/a><a>El Confidencial<br \/>\n<\/a><a class=\"title\" href=\"https:\/\/www.elplural.com\/economia\/cuota-cero-autonomos-como-pedir-solicitar-g_328408102\" target=\"_blank\" rel=\"noopener\" data-artpy=\"0\" data-author=\"Elplural.com\">Cuota cero para aut\u00f3nomos 2024: \u00bfc\u00f3mo se pide y qui\u00e9n puede solicitarla?<\/a>-elplural<br \/>\n<a class=\"title\" href=\"https:\/\/www.elespanol.com\/mujer\/actualidad\/20240513\/stem-women-congress-celebra-vi-edicion-madrid-cita-empoderamiento-femenino-igualdad\/853914831_0.html\" target=\"_blank\" rel=\"noopener\" data-artpy=\"0\" data-author=\"ESPA\u00d1OL\">El STEM Women Congress celebra su VI edici\u00f3n en Madrid: una cita de empoderamiento femenino e igualdad<\/a>-elespa\u00f1ol<a><br \/>\n<\/a><\/p>\n<p><strong>Actualidad<br \/>\n<\/strong><a class=\"title\" href=\"https:\/\/www.msn.com\/es-es\/salud\/other\/dia-mundial-de-la-fibromialgia-s%C3%ADntomas-de-esta-esquiva-enfermedad-incapacitante-e-invisible-que-afecta-m%C3%A1s-a-las-mujeres\/ar-BB1mjiFH?ocid=BingNewsSearch\" target=\"_blank\" rel=\"noopener\" data-artpy=\"0\" data-author=\"20 minutos on MSN\">Dia mundial de la fibromialgia: s\u00edntomas de esta esquiva enfermedad incapacitante e &#8216;invisible&#8217; que afecta m\u00e1s a las mujeres<\/a>-20minutos<strong><br \/>\n<\/strong><a href=\"https:\/\/www.google.com\/url?rct=j&amp;sa=t&amp;url=https:\/\/www.uso.es\/uso-pide-a-igualdad-y-sanidad-que-garanticen-la-salud-integral-de-las-mujeres\/&amp;ct=ga&amp;cd=CAEYASoUMTYyNjM0NzU1Nzc4ODQwOTI4MDcyGTU5ZDc4MTcxMzZhMmQwMjg6ZXM6ZXM6RVM&amp;usg=AOvVaw3cqWLz8rIWK45bZF2m3ta9\" target=\"_blank\" rel=\"noopener\" data-saferedirecturl=\"https:\/\/www.google.com\/url?q=https:\/\/www.google.com\/url?rct%3Dj%26sa%3Dt%26url%3Dhttps:\/\/www.uso.es\/uso-pide-a-igualdad-y-sanidad-que-garanticen-la-salud-integral-de-las-mujeres\/%26ct%3Dga%26cd%3DCAEYASoUMTYyNjM0NzU1Nzc4ODQwOTI4MDcyGTU5ZDc4MTcxMzZhMmQwMjg6ZXM6ZXM6RVM%26usg%3DAOvVaw3cqWLz8rIWK45bZF2m3ta9&amp;source=gmail&amp;ust=1715686933927000&amp;usg=AOvVaw2btr9BKjGY-qeYHrN6fl3j\">USO pide a Igualdad y Sanidad que garanticen la salud integral de las mujeres-\u00a0<\/a><a>Uni\u00f3n Sindical Obrera<br \/>\n<\/a><a class=\"title\" href=\"https:\/\/www.laprovincia.es\/sociedad\/2024\/05\/13\/mujeres-congelan-ovulos-triplican-ultima-decada-102303694.html\" target=\"_blank\" rel=\"noopener\" data-artpy=\"0\" data-author=\"La provincia\">Las mujeres que congelan sus \u00f3vulos se triplican en la \u00faltima d\u00e9cada<\/a>-laprovincia<br \/>\n<a class=\"title\" href=\"https:\/\/www.msn.com\/es-es\/salud\/other\/espa%C3%B1a-est%C3%A1-a-la-cabeza-de-europa-en-muertes-por-culpa-del-calor-que-afecta-m%C3%A1s-a-las-mujeres\/ar-BB1mimG9?ocid=BingNewsSearch\" target=\"_blank\" rel=\"noopener\" data-artpy=\"0\" data-author=\"Los40.com on MSN\">Espa\u00f1a est\u00e1 a la cabeza de Europa en muertes por culpa del calor, que afecta m\u00e1s a las mujeres<\/a>-los40<a><br \/>\n<\/a><\/p>\n<p><strong>Violencias<br \/>\n<\/strong><a href=\"https:\/\/www.google.com\/url?rct=j&amp;sa=t&amp;url=https:\/\/www.eldiario.es\/la-rioja\/logrono\/her-proyecto-ingenieras-adolescentes-rioja-violencia-genero-sexual-realidad-silicon-valley_1_11349310.html&amp;ct=ga&amp;cd=CAEYACoUMTE2NTI2OTc4MDU1MjM3ODI2MTgyGWUxZTc3ZDE1NjA5OGE4ZTM6ZXM6ZXM6RVM&amp;usg=AOvVaw3w84T39xXmqmV_ZwBoS9kc\" target=\"_blank\" rel=\"noopener\" data-saferedirecturl=\"https:\/\/www.google.com\/url?q=https:\/\/www.google.com\/url?rct%3Dj%26sa%3Dt%26url%3Dhttps:\/\/www.eldiario.es\/la-rioja\/logrono\/her-proyecto-ingenieras-adolescentes-rioja-violencia-genero-sexual-realidad-silicon-valley_1_11349310.html%26ct%3Dga%26cd%3DCAEYACoUMTE2NTI2OTc4MDU1MjM3ODI2MTgyGWUxZTc3ZDE1NjA5OGE4ZTM6ZXM6ZXM6RVM%26usg%3DAOvVaw3w84T39xXmqmV_ZwBoS9kc&amp;source=gmail&amp;ust=1715668239064000&amp;usg=AOvVaw0Porhkot_A3B991mdpwvFH\">HER, el proyecto de unas ingenieras adolescentes de La Rioja sobre\u00a0violencia de g\u00e9nero y que puede ser una realidad en Silicon Valley &#8230;-\u00a0<\/a><a>El Diario<br \/>\n<\/a><a class=\"title\" href=\"https:\/\/elpais.com\/sociedad\/2024-05-13\/interior-registro-el-pasado-ano-mas-de-600-victimas-de-trata-y-explotacion-sexual.html\" target=\"_blank\" rel=\"noopener\" data-artpy=\"0\" data-author=\"EL PA\u00cdS\">Interior registr\u00f3 el pasado a\u00f1o m\u00e1s de 600 v\u00edctimas de trata y explotaci\u00f3n sexual<\/a>-elpais<a><br \/>\n<\/a><\/p>\n<p><strong>Ciencia y Cultura<br \/>\n<\/strong><a href=\"https:\/\/www.google.com\/url?rct=j&amp;sa=t&amp;url=https:\/\/www.rtve.es\/television\/20240511\/mayte-moreno-casbas-somos-sexto-pais-investigacion-cuidados\/16062981.shtml&amp;ct=ga&amp;cd=CAEYAioUMTc5MDI4Nzg5ODcwMjI3MTY3OTkyGWMwMzcyZWJjMmZlYWRhNTk6ZXM6ZXM6RVM&amp;usg=AOvVaw2x4M0Y0ZTDr0x09i8Mroee\" target=\"_blank\" rel=\"noopener\" data-saferedirecturl=\"https:\/\/www.google.com\/url?q=https:\/\/www.google.com\/url?rct%3Dj%26sa%3Dt%26url%3Dhttps:\/\/www.rtve.es\/television\/20240511\/mayte-moreno-casbas-somos-sexto-pais-investigacion-cuidados\/16062981.shtml%26ct%3Dga%26cd%3DCAEYAioUMTc5MDI4Nzg5ODcwMjI3MTY3OTkyGWMwMzcyZWJjMmZlYWRhNTk6ZXM6ZXM6RVM%26usg%3DAOvVaw2x4M0Y0ZTDr0x09i8Mroee&amp;source=gmail&amp;ust=1715668240058000&amp;usg=AOvVaw1Voi78mK_g1qaPNCadvoZN\">Objetivo Igualdad-Mayte Moreno: Somos el sexto pa\u00eds en investigaci\u00f3n de cuidados &#8211;\u00a0<\/a><a>RTVE<br \/>\n<\/a><a href=\"https:\/\/www.google.com\/url?rct=j&amp;sa=t&amp;url=https:\/\/tiempodecanarias.com\/noticia\/planeta\/isabel-coixet-los-espanoles-nos-queremos-poco-pero-no-somos-tan-diferentes-del-resto&amp;ct=ga&amp;cd=CAEYACoUMTc5MDI4Nzg5ODcwMjI3MTY3OTkyGWMwMzcyZWJjMmZlYWRhNTk6ZXM6ZXM6RVM&amp;usg=AOvVaw2I6CXJvzaIJE8A7dUTtRLI\" target=\"_blank\" rel=\"noopener\" data-saferedirecturl=\"https:\/\/www.google.com\/url?q=https:\/\/www.google.com\/url?rct%3Dj%26sa%3Dt%26url%3Dhttps:\/\/tiempodecanarias.com\/noticia\/planeta\/isabel-coixet-los-espanoles-nos-queremos-poco-pero-no-somos-tan-diferentes-del-resto%26ct%3Dga%26cd%3DCAEYACoUMTc5MDI4Nzg5ODcwMjI3MTY3OTkyGWMwMzcyZWJjMmZlYWRhNTk6ZXM6ZXM6RVM%26usg%3DAOvVaw2I6CXJvzaIJE8A7dUTtRLI&amp;source=gmail&amp;ust=1715668240058000&amp;usg=AOvVaw2gfIA0Ekd33Otdz5N66NH_\">Isabel Coixet: \u00abLos espa\u00f1oles nos queremos poco, pero no somos tan diferentes del resto\u00bb-\u00a0<\/a><a>Tiempo de Canarias<br \/>\n<\/a><a class=\"title\" href=\"https:\/\/www.msn.com\/es-es\/noticias\/other\/las-voces-femeninas-de-la-ilustraci%C3%B3n\/ar-BB1mhFwS?ocid=BingNewsSearch\" target=\"_blank\" rel=\"noopener\" data-artpy=\"0\" data-author=\"La Vanguardia on MSN\">Las voces femeninas de la Ilustraci\u00f3n<\/a>-lavanguardia<br \/>\n<a class=\"title\" href=\"https:\/\/www.msn.com\/es-es\/estilo\/shopping\/de-isabel-de-borb%C3%B3n-a-cristina-de-suecia-la-exposici%C3%B3n-de-madrid-pone-en-valor-a-a-mujeres-promotoras-en-el-mundo-del-arte\/ar-BB1miNLf?ocid=BingNewsSearch\" target=\"_blank\" rel=\"noopener\" data-artpy=\"0\" data-author=\"Harper's Bazaar Espa\u00f1a on MSN\">De Isabel de Borb\u00f3n a Cristina de Suecia: la exposici\u00f3n de Madrid pone en valor a a mujeres promotoras en el mundo del arte<\/a>-bazaar<br \/>\n<a class=\"title\" href=\"https:\/\/www.msn.com\/es-es\/estilo\/other\/moda-sin-g%C3%A9nero-todo-sobre-el-estilo-genderless-y-c%C3%B3mo-aplicarlo-a-tu-d%C3%ADa-a-d%C3%ADa\/ar-BB1mhMwL?ocid=BingNewsSearch\" target=\"_blank\" rel=\"noopener\" data-artpy=\"0\" data-author=\"20 minutos on MSN\">Moda sin g\u00e9nero: todo sobre el estilo &#8216;genderless&#8217; y c\u00f3mo aplicarlo a tu d\u00eda a d\u00eda<\/a>-20minutos<a><br \/>\n<\/a><\/p>\n<p><strong>Deporte<br \/>\n<\/strong><a class=\"title\" href=\"https:\/\/www.eldesmarque.com\/futbol\/20240513\/alexia-putellas-se-embarca-proyecto-solidario-tendra-su-propia-fundacion_300332167.html\" target=\"_blank\" rel=\"noopener\" data-artpy=\"0\" data-author=\"eldesmarque\">Alexia Putellas se embarca en un proyecto solidario: tendr\u00e1 su propia fundaci\u00f3n<\/a>-eldesmarque<br \/>\n<a class=\"title\" href=\"https:\/\/www.yosoynoticia.es\/basket\/valencia-basket-consigue-un-historico-triplete-femenino\" target=\"_blank\" rel=\"noopener\" data-artpy=\"0\" data-author=\"yosoynoticia\">Valencia Basket consigue un hist\u00f3rico triplete femenino<\/a>-yosoynoticia<br \/>\n<a class=\"title\" href=\"https:\/\/www.diariovasco.com\/deportes\/balonmano\/bera-bera\/bera-bera-conquista-copa-reina-20240512151908-nt.html\" target=\"_blank\" rel=\"noopener\" data-artpy=\"0\" data-author=\"Diario\">El Bera Bera conquista su Copa de la Reina<\/a>-diario<strong><br \/>\n<\/strong><\/p>\n<\/div>\n<\/div>\n<div id=\"\" class=\"lsow-panel lsow-active\">\n<h1 class=\"lsow-panel-title\">Internacional<\/h1>\n<div class=\"lsow-panel-content\">\n<p><a href=\"https:\/\/www.google.com\/url?rct=j&amp;sa=t&amp;url=https:\/\/www.eleconomista.es\/legal\/noticias\/12806067\/05\/24\/el-tribunal-europeo-decidira-el-jueves-si-doblar-la-baja-a-las-madres-solteras.html&amp;ct=ga&amp;cd=CAEYACoSMzU3NTc1MTY3NzM3MTU4NDcxMhljMDM3MmViYzJmZWFkYTU5OmVzOmVzOkVT&amp;usg=AOvVaw1gup62XrbSAfg7647zhkNa\" target=\"_blank\" rel=\"noopener\" data-saferedirecturl=\"https:\/\/www.google.com\/url?q=https:\/\/www.google.com\/url?rct%3Dj%26sa%3Dt%26url%3Dhttps:\/\/www.eleconomista.es\/legal\/noticias\/12806067\/05\/24\/el-tribunal-europeo-decidira-el-jueves-si-doblar-la-baja-a-las-madres-solteras.html%26ct%3Dga%26cd%3DCAEYACoSMzU3NTc1MTY3NzM3MTU4NDcxMhljMDM3MmViYzJmZWFkYTU5OmVzOmVzOkVT%26usg%3DAOvVaw1gup62XrbSAfg7647zhkNa&amp;source=gmail&amp;ust=1715687320352000&amp;usg=AOvVaw2YFGAOCDqqqVeXVLuBhyQG\">El tribunal europeo decidir\u00e1 el jueves si doblar la baja a las madres solteras-\u00a0<\/a><a>elEconomista<br \/>\n<\/a><a class=\"title\" href=\"https:\/\/www.msn.com\/es-es\/noticias\/espana\/europa-y-las-pol%C3%ADticas-de-igualdad\/ar-BB1miK5V?ocid=BingNewsSearch\" target=\"_blank\" rel=\"noopener\" data-artpy=\"0\" data-author=\"Cadena SER on MSN\">Europa y las pol\u00edticas de igualdad<\/a>-ser<br \/>\n<a href=\"https:\/\/www.google.com\/url?rct=j&amp;sa=t&amp;url=https:\/\/www.eluniversal.com.mx\/cartera\/maternidad-por-que-influye-en-la-brecha-salarial\/&amp;ct=ga&amp;cd=CAEYAyoUMTU4ODg2NjUwNTMwNTIwMzEyNzQyGWMwMzcyZWJjMmZlYWRhNTk6ZXM6ZXM6RVM&amp;usg=AOvVaw3-zSaTCU-ZQqRKnN3xNLQW\" target=\"_blank\" rel=\"noopener\" data-saferedirecturl=\"https:\/\/www.google.com\/url?q=https:\/\/www.google.com\/url?rct%3Dj%26sa%3Dt%26url%3Dhttps:\/\/www.eluniversal.com.mx\/cartera\/maternidad-por-que-influye-en-la-brecha-salarial\/%26ct%3Dga%26cd%3DCAEYAyoUMTU4ODg2NjUwNTMwNTIwMzEyNzQyGWMwMzcyZWJjMmZlYWRhNTk6ZXM6ZXM6RVM%26usg%3DAOvVaw3-zSaTCU-ZQqRKnN3xNLQW&amp;source=gmail&amp;ust=1715668240000000&amp;usg=AOvVaw1vn2D_o1DFbPMCyd5h35Qn\">Maternidad \u00bfPor qu\u00e9 influye en la brecha salarial? &#8211;\u00a0<\/a><a>El Universal<br \/>\n<\/a><a href=\"https:\/\/www.google.com\/url?rct=j&amp;sa=t&amp;url=https:\/\/coordinadoraongd.org\/2024\/05\/presentamos-analisis-comparado-de-sistemas-integrales-de-cuidados-en-paises-referentes-de-la-ue-y-america-latina-y-el-caribe\/&amp;ct=ga&amp;cd=CAEYAioUMTYyNjM0NzU1Nzc4ODQwOTI4MDcyGTU5ZDc4MTcxMzZhMmQwMjg6ZXM6ZXM6RVM&amp;usg=AOvVaw3PC4lPdN0Tt7FGrwtkCZfT\" target=\"_blank\" rel=\"noopener\" data-saferedirecturl=\"https:\/\/www.google.com\/url?q=https:\/\/www.google.com\/url?rct%3Dj%26sa%3Dt%26url%3Dhttps:\/\/coordinadoraongd.org\/2024\/05\/presentamos-analisis-comparado-de-sistemas-integrales-de-cuidados-en-paises-referentes-de-la-ue-y-america-latina-y-el-caribe\/%26ct%3Dga%26cd%3DCAEYAioUMTYyNjM0NzU1Nzc4ODQwOTI4MDcyGTU5ZDc4MTcxMzZhMmQwMjg6ZXM6ZXM6RVM%26usg%3DAOvVaw3PC4lPdN0Tt7FGrwtkCZfT&amp;source=gmail&amp;ust=1715686933927000&amp;usg=AOvVaw1Fyc69bGX_b1yA8cR615sL\">Presentamos &#8216;An\u00e1lisis comparado de sistemas integrales de cuidados en pa\u00edses referentes &#8230;-\u00a0<\/a><a>Coordinadora de ONGD<br \/>\n<\/a><a href=\"https:\/\/www.google.com\/url?rct=j&amp;sa=t&amp;url=https:\/\/www.abc.es\/espana\/cien-anos-lucha-matilde-hidalgo-primera-mujer-20240510232415-vi.html&amp;ct=ga&amp;cd=CAEYACoTMzU3NDMxNzU2MzIxMTczNzM4MDIZYzAzNzJlYmMyZmVhZGE1OTplczplczpFUw&amp;usg=AOvVaw1EiaWchHmZPVttwvb9G_2q\" target=\"_blank\" rel=\"noopener\" data-saferedirecturl=\"https:\/\/www.google.com\/url?q=https:\/\/www.google.com\/url?rct%3Dj%26sa%3Dt%26url%3Dhttps:\/\/www.abc.es\/espana\/cien-anos-lucha-matilde-hidalgo-primera-mujer-20240510232415-vi.html%26ct%3Dga%26cd%3DCAEYACoTMzU3NDMxNzU2MzIxMTczNzM4MDIZYzAzNzJlYmMyZmVhZGE1OTplczplczpFUw%26usg%3DAOvVaw1EiaWchHmZPVttwvb9G_2q&amp;source=gmail&amp;ust=1715668240044000&amp;usg=AOvVaw19Pwch39T4IAbplVNrhO7R\">Cien a\u00f1os de lucha de Matilde Hidalgo, primera\u00a0mujer en votar en Latinoam\u00e9rica &#8211;\u00a0<\/a><a>ABC<br \/>\n<\/a><a href=\"https:\/\/www.google.com\/url?rct=j&amp;sa=t&amp;url=https:\/\/www.rtve.es\/play\/videos\/telediario-1\/cambio-climatico-realidad-mata\/16101562\/&amp;ct=ga&amp;cd=CAEYBCoSOTkzMTMzODA1NDE4MTc1MzYxMhljMDM3MmViYzJmZWFkYTU5OmVzOmVzOkVT&amp;usg=AOvVaw2L3XqZSyU7SsEcjwVJWI7L\" target=\"_blank\" rel=\"noopener\" data-saferedirecturl=\"https:\/\/www.google.com\/url?q=https:\/\/www.google.com\/url?rct%3Dj%26sa%3Dt%26url%3Dhttps:\/\/www.rtve.es\/play\/videos\/telediario-1\/cambio-climatico-realidad-mata\/16101562\/%26ct%3Dga%26cd%3DCAEYBCoSOTkzMTMzODA1NDE4MTc1MzYxMhljMDM3MmViYzJmZWFkYTU5OmVzOmVzOkVT%26usg%3DAOvVaw2L3XqZSyU7SsEcjwVJWI7L&amp;source=gmail&amp;ust=1715701259625000&amp;usg=AOvVaw3lz06r1ystD-1u9GCApO-b\">Cambio clim\u00e1tico: las\u00a0mujeres sufren el doble de muertes por calor en Europa &#8211;\u00a0<\/a><a>RTVE<br \/>\n<\/a><a class=\"title\" href=\"https:\/\/www.abc.es\/internacional\/salvini-propone-reintroducir-servicio-militar-obligatorio-hombres-20240513151451-nt.html\" target=\"_blank\" rel=\"noopener\" data-artpy=\"0\" data-author=\"ABC\">Italia se plantea reintroducir el servicio militar obligatorio para hombres y mujeres<\/a>-abc<a><br \/>\n<\/a><a class=\"title\" href=\"https:\/\/www.vanguardia.com\/entretenimiento\/farandula\/2024\/05\/12\/las-100-mujeres-mas-poderosas-forbes-2024-shakira-y-karol-g-en-el-top-5\/\" target=\"_blank\" rel=\"noopener\" data-artpy=\"0\" data-author=\"Vanguardia\">Las 100 mujeres m\u00e1s poderosas Forbes 2024, \u00a1Shakira y Karol G en el Top 5!<\/a>-vanguardia<a><br \/>\n<\/a><a class=\"title\" href=\"https:\/\/larazon.pe\/museo-de-orsay-demanda-a-mujeres-protestantes\/\" target=\"_blank\" rel=\"noopener\" data-artpy=\"0\" data-author=\"La Raz\u00f3n\">Museo de Orsay demanda a mujeres protestantes<\/a>-larazon<\/p>\n<\/div>\n<\/div>\n<\/div><\/div><\/div><\/div><\/div>\n","protected":false},"excerpt":{"rendered":"<p>Cambio clim\u00e1tico: las mujeres sufren el doble de muertes por calor en Europa  *  Europa y las pol\u00edticas de igualdad  *  Espa\u00f1a 6\u00ba pa\u00eds en investigaci\u00f3n de cuidados  *  Dia mundial de la fibromialgia la enfermedad incapacitante e invisible que afecta m\u00e1s a las mujeres<\/p>\n","protected":false},"author":3,"featured_media":22909,"comment_status":"closed","ping_status":"closed","sticky":false,"template":"","format":"standard","meta":{"footnotes":""},"categories":[298,621],"tags":[260,132,331,96,262],"class_list":["post-22090","post","type-post","status-publish","format-standard","has-post-thumbnail","hentry","category-newsletter","category-nwl-3-0","tag-cambio-climatico","tag-corresponsabilidad","tag-economia-de-los-cuidados","tag-mujeres","tag-salud"],"yoast_head":"<!-- This site is optimized with the Yoast SEO plugin v27.5 - https:\/\/yoast.com\/product\/yoast-seo-wordpress\/ -->\n<title>Noticias Info CKL n\u00ba 2869-13\/05\/24-Comunicar con perspectiva de g\u00e9nero<\/title>\n<meta name=\"description\" content=\"Noticias Info CKL n\u00ba 2869-13\/05\/24 Cambio clim\u00e1tico: las mujeres sufren el doble de muertes por calor en Europa * Europa y las pol\u00edticas de igualdad * Espa\u00f1a 6\u00ba pa\u00eds en investigaci\u00f3n de cuidados * Dia mundial de la fibromialgia la enfermedad incapacitante e invisible que afecta m\u00e1s a las mujeres\" \/>\n<meta name=\"robots\" content=\"index, follow, max-snippet:-1, max-image-preview:large, max-video-preview:-1\" \/>\n<link rel=\"canonical\" href=\"https:\/\/cklcomunicaciones.es\/coop\/noticias-info-ckl-no-2869-13-05-24\/\" \/>\n<meta property=\"og:locale\" content=\"es_ES\" \/>\n<meta property=\"og:type\" content=\"article\" \/>\n<meta property=\"og:title\" content=\"Noticias Info CKL n\u00ba 2869-13\/05\/24-Comunicar con perspectiva de g\u00e9nero\" \/>\n<meta property=\"og:description\" content=\"Noticias Info CKL n\u00ba 2869-13\/05\/24 Cambio clim\u00e1tico: las mujeres sufren el doble de muertes por calor en Europa * Europa y las pol\u00edticas de igualdad * Espa\u00f1a 6\u00ba pa\u00eds en investigaci\u00f3n de cuidados * Dia mundial de la fibromialgia la enfermedad incapacitante e invisible que afecta m\u00e1s a las mujeres\" \/>\n<meta property=\"og:url\" content=\"https:\/\/cklcomunicaciones.es\/coop\/noticias-info-ckl-no-2869-13-05-24\/\" \/>\n<meta property=\"og:site_name\" content=\"CKL Comunicaciones\" \/>\n<meta property=\"article:published_time\" content=\"2024-05-13T16:03:33+00:00\" \/>\n<meta property=\"article:modified_time\" content=\"2025-02-11T10:25:21+00:00\" \/>\n<meta property=\"og:image\" content=\"https:\/\/cklcomunicaciones.es\/coop\/wp-content\/uploads\/2025\/01\/CKL-una-mirada-distinta-de-la-comunicacion.jpg\" \/>\n\t<meta property=\"og:image:width\" content=\"1482\" \/>\n\t<meta property=\"og:image:height\" content=\"775\" \/>\n\t<meta property=\"og:image:type\" content=\"image\/jpeg\" \/>\n<meta name=\"author\" content=\"ckl\" \/>\n<meta name=\"twitter:card\" content=\"summary_large_image\" \/>\n<meta name=\"twitter:label1\" content=\"Escrito por\" \/>\n\t<meta name=\"twitter:data1\" content=\"ckl\" \/>\n\t<meta name=\"twitter:label2\" content=\"Tiempo de lectura\" \/>\n\t<meta name=\"twitter:data2\" content=\"6 minutos\" \/>\n<script type=\"application\/ld+json\" class=\"yoast-schema-graph\">{\"@context\":\"https:\\\/\\\/schema.org\",\"@graph\":[{\"@type\":\"Article\",\"@id\":\"https:\\\/\\\/cklcomunicaciones.es\\\/coop\\\/noticias-info-ckl-no-2869-13-05-24\\\/#article\",\"isPartOf\":{\"@id\":\"https:\\\/\\\/cklcomunicaciones.es\\\/coop\\\/noticias-info-ckl-no-2869-13-05-24\\\/\"},\"author\":{\"name\":\"ckl\",\"@id\":\"https:\\\/\\\/cklcomunicaciones.es\\\/coop\\\/#\\\/schema\\\/person\\\/929a6837f7626450bbb50cee1aef266e\"},\"headline\":\"Noticias Info CKL n\u00ba 2869-13\\\/05\\\/24\",\"datePublished\":\"2024-05-13T16:03:33+00:00\",\"dateModified\":\"2025-02-11T10:25:21+00:00\",\"mainEntityOfPage\":{\"@id\":\"https:\\\/\\\/cklcomunicaciones.es\\\/coop\\\/noticias-info-ckl-no-2869-13-05-24\\\/\"},\"wordCount\":1233,\"image\":{\"@id\":\"https:\\\/\\\/cklcomunicaciones.es\\\/coop\\\/noticias-info-ckl-no-2869-13-05-24\\\/#primaryimage\"},\"thumbnailUrl\":\"https:\\\/\\\/cklcomunicaciones.es\\\/coop\\\/wp-content\\\/uploads\\\/2025\\\/01\\\/CKL-una-mirada-distinta-de-la-comunicacion.jpg\",\"keywords\":[\"cambio clim\u00e1tico\",\"corresponsabilidad\",\"econom\u00eda de los cuidados\",\"mujeres\",\"salud\"],\"articleSection\":[\"Newsletter\",\"Nwl v3.0\"],\"inLanguage\":\"es\"},{\"@type\":\"WebPage\",\"@id\":\"https:\\\/\\\/cklcomunicaciones.es\\\/coop\\\/noticias-info-ckl-no-2869-13-05-24\\\/\",\"url\":\"https:\\\/\\\/cklcomunicaciones.es\\\/coop\\\/noticias-info-ckl-no-2869-13-05-24\\\/\",\"name\":\"Noticias Info CKL n\u00ba 2869-13\\\/05\\\/24-Comunicar con perspectiva de g\u00e9nero\",\"isPartOf\":{\"@id\":\"https:\\\/\\\/cklcomunicaciones.es\\\/coop\\\/#website\"},\"primaryImageOfPage\":{\"@id\":\"https:\\\/\\\/cklcomunicaciones.es\\\/coop\\\/noticias-info-ckl-no-2869-13-05-24\\\/#primaryimage\"},\"image\":{\"@id\":\"https:\\\/\\\/cklcomunicaciones.es\\\/coop\\\/noticias-info-ckl-no-2869-13-05-24\\\/#primaryimage\"},\"thumbnailUrl\":\"https:\\\/\\\/cklcomunicaciones.es\\\/coop\\\/wp-content\\\/uploads\\\/2025\\\/01\\\/CKL-una-mirada-distinta-de-la-comunicacion.jpg\",\"datePublished\":\"2024-05-13T16:03:33+00:00\",\"dateModified\":\"2025-02-11T10:25:21+00:00\",\"author\":{\"@id\":\"https:\\\/\\\/cklcomunicaciones.es\\\/coop\\\/#\\\/schema\\\/person\\\/929a6837f7626450bbb50cee1aef266e\"},\"description\":\"Noticias Info CKL n\u00ba 2869-13\\\/05\\\/24 Cambio clim\u00e1tico: las mujeres sufren el doble de muertes por calor en Europa * Europa y las pol\u00edticas de igualdad * Espa\u00f1a 6\u00ba pa\u00eds en investigaci\u00f3n de cuidados * Dia mundial de la fibromialgia la enfermedad incapacitante e invisible que afecta m\u00e1s a las mujeres\",\"breadcrumb\":{\"@id\":\"https:\\\/\\\/cklcomunicaciones.es\\\/coop\\\/noticias-info-ckl-no-2869-13-05-24\\\/#breadcrumb\"},\"inLanguage\":\"es\",\"potentialAction\":[{\"@type\":\"ReadAction\",\"target\":[\"https:\\\/\\\/cklcomunicaciones.es\\\/coop\\\/noticias-info-ckl-no-2869-13-05-24\\\/\"]}]},{\"@type\":\"ImageObject\",\"inLanguage\":\"es\",\"@id\":\"https:\\\/\\\/cklcomunicaciones.es\\\/coop\\\/noticias-info-ckl-no-2869-13-05-24\\\/#primaryimage\",\"url\":\"https:\\\/\\\/cklcomunicaciones.es\\\/coop\\\/wp-content\\\/uploads\\\/2025\\\/01\\\/CKL-una-mirada-distinta-de-la-comunicacion.jpg\",\"contentUrl\":\"https:\\\/\\\/cklcomunicaciones.es\\\/coop\\\/wp-content\\\/uploads\\\/2025\\\/01\\\/CKL-una-mirada-distinta-de-la-comunicacion.jpg\",\"width\":1482,\"height\":775,\"caption\":\"CKL - una mirada distinta de la comunicacion\"},{\"@type\":\"BreadcrumbList\",\"@id\":\"https:\\\/\\\/cklcomunicaciones.es\\\/coop\\\/noticias-info-ckl-no-2869-13-05-24\\\/#breadcrumb\",\"itemListElement\":[{\"@type\":\"ListItem\",\"position\":1,\"name\":\"Portada\",\"item\":\"https:\\\/\\\/cklcomunicaciones.es\\\/coop\\\/\"},{\"@type\":\"ListItem\",\"position\":2,\"name\":\"Noticias Info CKL n\u00ba 2869-13\\\/05\\\/24\"}]},{\"@type\":\"WebSite\",\"@id\":\"https:\\\/\\\/cklcomunicaciones.es\\\/coop\\\/#website\",\"url\":\"https:\\\/\\\/cklcomunicaciones.es\\\/coop\\\/\",\"name\":\"CKL Comunicaciones\",\"description\":\"Sitio web de CKL Comunicaciones coop , la consultora de comunicaci\u00f3n y estrategia\",\"potentialAction\":[{\"@type\":\"SearchAction\",\"target\":{\"@type\":\"EntryPoint\",\"urlTemplate\":\"https:\\\/\\\/cklcomunicaciones.es\\\/coop\\\/?s={search_term_string}\"},\"query-input\":{\"@type\":\"PropertyValueSpecification\",\"valueRequired\":true,\"valueName\":\"search_term_string\"}}],\"inLanguage\":\"es\"},{\"@type\":\"Person\",\"@id\":\"https:\\\/\\\/cklcomunicaciones.es\\\/coop\\\/#\\\/schema\\\/person\\\/929a6837f7626450bbb50cee1aef266e\",\"name\":\"ckl\",\"image\":{\"@type\":\"ImageObject\",\"inLanguage\":\"es\",\"@id\":\"https:\\\/\\\/secure.gravatar.com\\\/avatar\\\/c82db564e8a669bf6023357a157b9dc4780f4d4c618f2ad1d71a6a5dede45057?s=96&d=mm&r=g\",\"url\":\"https:\\\/\\\/secure.gravatar.com\\\/avatar\\\/c82db564e8a669bf6023357a157b9dc4780f4d4c618f2ad1d71a6a5dede45057?s=96&d=mm&r=g\",\"contentUrl\":\"https:\\\/\\\/secure.gravatar.com\\\/avatar\\\/c82db564e8a669bf6023357a157b9dc4780f4d4c618f2ad1d71a6a5dede45057?s=96&d=mm&r=g\",\"caption\":\"ckl\"},\"url\":\"https:\\\/\\\/cklcomunicaciones.es\\\/coop\\\/author\\\/cklcomunicaciones\\\/\"}]}<\/script>\n<!-- \/ Yoast SEO plugin. -->","yoast_head_json":{"title":"Noticias Info CKL n\u00ba 2869-13\/05\/24-Comunicar con perspectiva de g\u00e9nero","description":"Noticias Info CKL n\u00ba 2869-13\/05\/24 Cambio clim\u00e1tico: las mujeres sufren el doble de muertes por calor en Europa * Europa y las pol\u00edticas de igualdad * Espa\u00f1a 6\u00ba pa\u00eds en investigaci\u00f3n de cuidados * Dia mundial de la fibromialgia la enfermedad incapacitante e invisible que afecta m\u00e1s a las mujeres","robots":{"index":"index","follow":"follow","max-snippet":"max-snippet:-1","max-image-preview":"max-image-preview:large","max-video-preview":"max-video-preview:-1"},"canonical":"https:\/\/cklcomunicaciones.es\/coop\/noticias-info-ckl-no-2869-13-05-24\/","og_locale":"es_ES","og_type":"article","og_title":"Noticias Info CKL n\u00ba 2869-13\/05\/24-Comunicar con perspectiva de g\u00e9nero","og_description":"Noticias Info CKL n\u00ba 2869-13\/05\/24 Cambio clim\u00e1tico: las mujeres sufren el doble de muertes por calor en Europa * Europa y las pol\u00edticas de igualdad * Espa\u00f1a 6\u00ba pa\u00eds en investigaci\u00f3n de cuidados * Dia mundial de la fibromialgia la enfermedad incapacitante e invisible que afecta m\u00e1s a las mujeres","og_url":"https:\/\/cklcomunicaciones.es\/coop\/noticias-info-ckl-no-2869-13-05-24\/","og_site_name":"CKL Comunicaciones","article_published_time":"2024-05-13T16:03:33+00:00","article_modified_time":"2025-02-11T10:25:21+00:00","og_image":[{"width":1482,"height":775,"url":"https:\/\/cklcomunicaciones.es\/coop\/wp-content\/uploads\/2025\/01\/CKL-una-mirada-distinta-de-la-comunicacion.jpg","type":"image\/jpeg"}],"author":"ckl","twitter_card":"summary_large_image","twitter_misc":{"Escrito por":"ckl","Tiempo de lectura":"6 minutos"},"schema":{"@context":"https:\/\/schema.org","@graph":[{"@type":"Article","@id":"https:\/\/cklcomunicaciones.es\/coop\/noticias-info-ckl-no-2869-13-05-24\/#article","isPartOf":{"@id":"https:\/\/cklcomunicaciones.es\/coop\/noticias-info-ckl-no-2869-13-05-24\/"},"author":{"name":"ckl","@id":"https:\/\/cklcomunicaciones.es\/coop\/#\/schema\/person\/929a6837f7626450bbb50cee1aef266e"},"headline":"Noticias Info CKL n\u00ba 2869-13\/05\/24","datePublished":"2024-05-13T16:03:33+00:00","dateModified":"2025-02-11T10:25:21+00:00","mainEntityOfPage":{"@id":"https:\/\/cklcomunicaciones.es\/coop\/noticias-info-ckl-no-2869-13-05-24\/"},"wordCount":1233,"image":{"@id":"https:\/\/cklcomunicaciones.es\/coop\/noticias-info-ckl-no-2869-13-05-24\/#primaryimage"},"thumbnailUrl":"https:\/\/cklcomunicaciones.es\/coop\/wp-content\/uploads\/2025\/01\/CKL-una-mirada-distinta-de-la-comunicacion.jpg","keywords":["cambio clim\u00e1tico","corresponsabilidad","econom\u00eda de los cuidados","mujeres","salud"],"articleSection":["Newsletter","Nwl v3.0"],"inLanguage":"es"},{"@type":"WebPage","@id":"https:\/\/cklcomunicaciones.es\/coop\/noticias-info-ckl-no-2869-13-05-24\/","url":"https:\/\/cklcomunicaciones.es\/coop\/noticias-info-ckl-no-2869-13-05-24\/","name":"Noticias Info CKL n\u00ba 2869-13\/05\/24-Comunicar con perspectiva de g\u00e9nero","isPartOf":{"@id":"https:\/\/cklcomunicaciones.es\/coop\/#website"},"primaryImageOfPage":{"@id":"https:\/\/cklcomunicaciones.es\/coop\/noticias-info-ckl-no-2869-13-05-24\/#primaryimage"},"image":{"@id":"https:\/\/cklcomunicaciones.es\/coop\/noticias-info-ckl-no-2869-13-05-24\/#primaryimage"},"thumbnailUrl":"https:\/\/cklcomunicaciones.es\/coop\/wp-content\/uploads\/2025\/01\/CKL-una-mirada-distinta-de-la-comunicacion.jpg","datePublished":"2024-05-13T16:03:33+00:00","dateModified":"2025-02-11T10:25:21+00:00","author":{"@id":"https:\/\/cklcomunicaciones.es\/coop\/#\/schema\/person\/929a6837f7626450bbb50cee1aef266e"},"description":"Noticias Info CKL n\u00ba 2869-13\/05\/24 Cambio clim\u00e1tico: las mujeres sufren el doble de muertes por calor en Europa * Europa y las pol\u00edticas de igualdad * Espa\u00f1a 6\u00ba pa\u00eds en investigaci\u00f3n de cuidados * Dia mundial de la fibromialgia la enfermedad incapacitante e invisible que afecta m\u00e1s a las mujeres","breadcrumb":{"@id":"https:\/\/cklcomunicaciones.es\/coop\/noticias-info-ckl-no-2869-13-05-24\/#breadcrumb"},"inLanguage":"es","potentialAction":[{"@type":"ReadAction","target":["https:\/\/cklcomunicaciones.es\/coop\/noticias-info-ckl-no-2869-13-05-24\/"]}]},{"@type":"ImageObject","inLanguage":"es","@id":"https:\/\/cklcomunicaciones.es\/coop\/noticias-info-ckl-no-2869-13-05-24\/#primaryimage","url":"https:\/\/cklcomunicaciones.es\/coop\/wp-content\/uploads\/2025\/01\/CKL-una-mirada-distinta-de-la-comunicacion.jpg","contentUrl":"https:\/\/cklcomunicaciones.es\/coop\/wp-content\/uploads\/2025\/01\/CKL-una-mirada-distinta-de-la-comunicacion.jpg","width":1482,"height":775,"caption":"CKL - una mirada distinta de la comunicacion"},{"@type":"BreadcrumbList","@id":"https:\/\/cklcomunicaciones.es\/coop\/noticias-info-ckl-no-2869-13-05-24\/#breadcrumb","itemListElement":[{"@type":"ListItem","position":1,"name":"Portada","item":"https:\/\/cklcomunicaciones.es\/coop\/"},{"@type":"ListItem","position":2,"name":"Noticias Info CKL n\u00ba 2869-13\/05\/24"}]},{"@type":"WebSite","@id":"https:\/\/cklcomunicaciones.es\/coop\/#website","url":"https:\/\/cklcomunicaciones.es\/coop\/","name":"CKL Comunicaciones","description":"Sitio web de CKL Comunicaciones coop , la consultora de comunicaci\u00f3n y estrategia","potentialAction":[{"@type":"SearchAction","target":{"@type":"EntryPoint","urlTemplate":"https:\/\/cklcomunicaciones.es\/coop\/?s={search_term_string}"},"query-input":{"@type":"PropertyValueSpecification","valueRequired":true,"valueName":"search_term_string"}}],"inLanguage":"es"},{"@type":"Person","@id":"https:\/\/cklcomunicaciones.es\/coop\/#\/schema\/person\/929a6837f7626450bbb50cee1aef266e","name":"ckl","image":{"@type":"ImageObject","inLanguage":"es","@id":"https:\/\/secure.gravatar.com\/avatar\/c82db564e8a669bf6023357a157b9dc4780f4d4c618f2ad1d71a6a5dede45057?s=96&d=mm&r=g","url":"https:\/\/secure.gravatar.com\/avatar\/c82db564e8a669bf6023357a157b9dc4780f4d4c618f2ad1d71a6a5dede45057?s=96&d=mm&r=g","contentUrl":"https:\/\/secure.gravatar.com\/avatar\/c82db564e8a669bf6023357a157b9dc4780f4d4c618f2ad1d71a6a5dede45057?s=96&d=mm&r=g","caption":"ckl"},"url":"https:\/\/cklcomunicaciones.es\/coop\/author\/cklcomunicaciones\/"}]}},"_links":{"self":[{"href":"https:\/\/cklcomunicaciones.es\/coop\/wp-json\/wp\/v2\/posts\/22090","targetHints":{"allow":["GET"]}}],"collection":[{"href":"https:\/\/cklcomunicaciones.es\/coop\/wp-json\/wp\/v2\/posts"}],"about":[{"href":"https:\/\/cklcomunicaciones.es\/coop\/wp-json\/wp\/v2\/types\/post"}],"author":[{"embeddable":true,"href":"https:\/\/cklcomunicaciones.es\/coop\/wp-json\/wp\/v2\/users\/3"}],"replies":[{"embeddable":true,"href":"https:\/\/cklcomunicaciones.es\/coop\/wp-json\/wp\/v2\/comments?post=22090"}],"version-history":[{"count":0,"href":"https:\/\/cklcomunicaciones.es\/coop\/wp-json\/wp\/v2\/posts\/22090\/revisions"}],"wp:featuredmedia":[{"embeddable":true,"href":"https:\/\/cklcomunicaciones.es\/coop\/wp-json\/wp\/v2\/media\/22909"}],"wp:attachment":[{"href":"https:\/\/cklcomunicaciones.es\/coop\/wp-json\/wp\/v2\/media?parent=22090"}],"wp:term":[{"taxonomy":"category","embeddable":true,"href":"https:\/\/cklcomunicaciones.es\/coop\/wp-json\/wp\/v2\/categories?post=22090"},{"taxonomy":"post_tag","embeddable":true,"href":"https:\/\/cklcomunicaciones.es\/coop\/wp-json\/wp\/v2\/tags?post=22090"}],"curies":[{"name":"wp","href":"https:\/\/api.w.org\/{rel}","templated":true}]}}