{"id":22080,"date":"2024-03-22T15:03:00","date_gmt":"2024-03-22T14:03:00","guid":{"rendered":"https:\/\/www.cklcomunicaciones.es\/?p=21009"},"modified":"2025-02-11T10:28:38","modified_gmt":"2025-02-11T09:28:38","slug":"noticias-info-ckl-no-2859-22-03-24","status":"publish","type":"post","link":"https:\/\/cklcomunicaciones.es\/coop\/noticias-info-ckl-no-2859-22-03-24\/","title":{"rendered":"Noticias Info CKL n\u00ba 2859-22\/03\/24"},"content":{"rendered":"<div class=\"fusion-fullwidth fullwidth-box fusion-builder-row-1 fusion-flex-container nonhundred-percent-fullwidth non-hundred-percent-height-scrolling\" style=\"--awb-border-radius-top-left:0px;--awb-border-radius-top-right:0px;--awb-border-radius-bottom-right:0px;--awb-border-radius-bottom-left:0px;--awb-flex-wrap:wrap;\" ><div class=\"fusion-builder-row fusion-row fusion-flex-align-items-flex-start fusion-flex-content-wrap\" style=\"max-width:1248px;margin-left: calc(-4% \/ 2 );margin-right: calc(-4% \/ 2 );\"><div class=\"fusion-layout-column fusion_builder_column fusion-builder-column-0 fusion_builder_column_1_1 1_1 fusion-flex-column\" style=\"--awb-bg-blend:overlay;--awb-bg-size:cover;--awb-width-large:100%;--awb-margin-top-large:0px;--awb-spacing-right-large:1.92%;--awb-margin-bottom-large:0px;--awb-spacing-left-large:1.92%;--awb-width-medium:100%;--awb-spacing-right-medium:1.92%;--awb-spacing-left-medium:1.92%;--awb-width-small:100%;--awb-spacing-right-small:1.92%;--awb-spacing-left-small:1.92%;\"><div class=\"fusion-column-wrapper fusion-flex-justify-content-flex-start fusion-content-layout-column\"><div class=\"fusion-text fusion-text-1\"><div id=\"\" class=\"lsow-panel lsow-active\">\n<h1 class=\"lsow-panel-title\">Comunicaci\u00f3n, Publicidad y TICs<\/h1>\n<div class=\"lsow-panel-content\">\n<p><a class=\"title\" href=\"https:\/\/www.eldia.es\/opinion\/2024\/03\/22\/condenadas-periodismo-99802667.html\" target=\"_blank\" rel=\"noopener\" data-artpy=\"0\" data-author=\"eldia\">Condenadas por hacer periodismo<\/a>-eldia<br \/>\n<a class=\"title\" href=\"https:\/\/www.msn.com\/es-es\/noticias\/espana\/art%C3%ADculo-14-el-nuevo-peri%C3%B3dico-de-pilar-g%C3%B3mez-llega-el-8-de-abril-para-que-todos-los-d%C3%ADas-sean-un-8-de-marzo\/ar-BB1klhed\" target=\"_blank\" rel=\"noopener\" data-artpy=\"0\" data-author=\"Europa Press on MSN\">&#8216;Art\u00edculo 14&#8217;, el nuevo peri\u00f3dico de Pilar G\u00f3mez, llega el 8 de abril para que \u00abtodos los d\u00edas sean un 8 de Marzo\u00bb<\/a>-europapress<br \/>\n<a class=\"title\" href=\"https:\/\/www.elperiodicodearagon.com\/aragon\/2024\/03\/20\/ewoman-pone-granito-arena-transformar-99754860.html\" target=\"_blank\" rel=\"noopener\" data-artpy=\"0\" data-author=\"El Peri\u00f3dico de Arag\u00f3n\">eWoman visibiliza a mujeres l\u00edderes que transforman la sociedad<\/a>-elperiodicodearagon<br \/>\n<a class=\"title\" href=\"https:\/\/www.caras.com.mx\/arte-cultura\/ana-tejeda-la-artista-detras-del-premio-caras-mujeres-en-el-mundo-de-la-comunicacion\" target=\"_blank\" rel=\"noopener\" data-artpy=\"0\" data-author=\"Caras\">Ana Tejeda, la artista detr\u00e1s del premio CARAS, Mujeres En El Mundo De La Comunicaci\u00f3n<\/a>-caras<br \/>\n<a class=\"title\" href=\"https:\/\/blogs.publico.es\/otrasmiradas\/81412\/los-hombres-que-creen-amar-a-las-mujeres\/\" target=\"_blank\" rel=\"noopener\" data-artpy=\"0\" data-author=\"P\u00fablico\">Los hombres que creen amar a las mujeres<\/a>-publico<br \/>\n<a href=\"https:\/\/www.bing.com\/ck\/a?!&amp;&amp;p=145646d5d2c9c6cbJmltdHM9MTcxMDk3OTIwMCZpZ3VpZD0xOGU2MDY2ZS1iYWNhLTY3YTgtMzgxMi0xNDBkYmI2MjY2OTAmaW5zaWQ9NTE5Mg&amp;ptn=3&amp;ver=2&amp;hsh=3&amp;fclid=18e6066e-baca-67a8-3812-140dbb626690&amp;psq=%22Las+redes+sociales+son+como+conducir+sin+l%c3%admites+de+velocidad%22%2c+seg%c3%ban+el+responsable+de+...&amp;u=a1aHR0cHM6Ly9kaWFyaW8xNnBsdXMuY29tL2xhcy1yZWRlcy1zb2NpYWxlcy1zb24tY29tby1jb25kdWNpci1zaW4tbGltaXRlcy1kZS12ZWxvY2lkYWQtc2VndW4tZWwtcmVzcG9uc2FibGUtZGUtc2FsdWQtZGUtZWV1dS8&amp;ntb=1\" target=\"_blank\" rel=\"noopener\">\u00abLas redes sociales son como conducir sin l\u00edmites de velocidad\u00bb,\u00a0<\/a>-diario16<\/p>\n<\/div>\n<\/div>\n<div id=\"\" class=\"lsow-panel lsow-active\">\n<h1 class=\"lsow-panel-title\">Andaluc\u00eda<\/h1>\n<div class=\"lsow-panel-content\">\n<div class=\"source set_top\">\n<div data-priority=\"2\" aria-hidden=\"true\">\n<p><strong>Econom\u00eda y Empresa<br \/>\n<\/strong><a href=\"https:\/\/www.juntadeandalucia.es\/presidencia\/portavoz\/economiayempleo\/191656\/ConsejeriadeEmpleo\/RocioBlanco\/incentivos\/autonomos\/contratos\/asalariados\/Andalucia\/JuntadeAndalucia\/GobiernodeAndalucia\">Roc\u00edo Blanco anuncia nuevos incentivos para que los aut\u00f3nomos contraten a su primer asalariado &#8211;\u00a0<\/a>Junta de Andaluc\u00eda<br \/>\n<a class=\"title\" href=\"https:\/\/www.autonomosyemprendedor.es\/articulo\/herramientas-digitales\/dificultades-financiacion-son-principal-problema-mujeres-que-buscan-abrir-startup\/20240320131221035251.html\" target=\"_blank\" rel=\"noopener\" data-artpy=\"0\" data-author=\"Aut\u00f3nomos y Emprendedores\">Estudio Universidad de M\u00e1laga. Las dificultades de financiaci\u00f3n es el principal problema de las mujeres que buscan abrir una startup<\/a>-autonomosyemprendedores<br \/>\n<a href=\"https:\/\/www.bing.com\/ck\/a?!&amp;&amp;p=fa67150f9e27f738JmltdHM9MTcxMDk3OTIwMCZpZ3VpZD0xOGU2MDY2ZS1iYWNhLTY3YTgtMzgxMi0xNDBkYmI2MjY2OTAmaW5zaWQ9NTIwNg&amp;ptn=3&amp;ver=2&amp;hsh=3&amp;fclid=18e6066e-baca-67a8-3812-140dbb626690&amp;psq=Premian+el+emprendimiento+y+liderazgo+femenino+en+la+Costa+Tropical+-+Granada+Hoy&amp;u=a1aHR0cHM6Ly93d3cuZ3JhbmFkYWhveS5jb20vY29zdGFfdHJvcGljYWwvUHJlbWlhbi1lbXByZW5kaW1pZW50by1saWRlcmF6Z28tQ29zdGEtVHJvcGljYWwtR3JhbmFkYV8wXzE4ODY1MTEzMzkuaHRtbA&amp;ntb=1\" target=\"_blank\" rel=\"noopener\">Premian el emprendimiento y liderazgo femenino en la Costa\u00a0<\/a><a href=\"about:blank\">&#8211;\u00a0<\/a>Granada Hoy<br \/>\n<a href=\"http:\/\/www.gentedigital.es\/cordoba\/noticia\/3793011\/el-iii-foro-de-economia-social-se-centrara-en-retos-de-sostenibilidad-economica-y-medioambiental\/\">El III Foro de Econom\u00eda Social se centrar\u00e1 en retos de sostenibilidad econ\u00f3mica y medioambiental<\/a>&#8211; gentedigital<\/p>\n<p><strong>Actualidad<br \/>\n<\/strong><a href=\"https:\/\/www.google.com\/url?rct=j&amp;sa=t&amp;url=https:\/\/www.europapress.es\/esandalucia\/sevilla\/noticia-junta-lanza-campana-dar-conocer-programas-recursos-ofrece-favorecer-conciliacion-20240322114826.html&amp;ct=ga&amp;cd=CAEYACoUMTc2ODY0NDQxMzc1NTY5NTEzNzEyGzlhYjFjZGQ3ZTM2NmVmMzg6ZXM6ZXM6RVM6Ug&amp;usg=AOvVaw1VUZ1PgthsFf6wQeRlvqUT\" target=\"_blank\" rel=\"noopener\" data-saferedirecturl=\"https:\/\/www.google.com\/url?q=https:\/\/www.google.com\/url?rct%3Dj%26sa%3Dt%26url%3Dhttps:\/\/www.europapress.es\/esandalucia\/sevilla\/noticia-junta-lanza-campana-dar-conocer-programas-recursos-ofrece-favorecer-conciliacion-20240322114826.html%26ct%3Dga%26cd%3DCAEYACoUMTc2ODY0NDQxMzc1NTY5NTEzNzEyGzlhYjFjZGQ3ZTM2NmVmMzg6ZXM6ZXM6RVM6Ug%26usg%3DAOvVaw1VUZ1PgthsFf6wQeRlvqUT&amp;source=gmail&amp;ust=1711198641260000&amp;usg=AOvVaw1PeNzsFa0YCzYOOgdX05di\">La Junta lanza una campa\u00f1a para dar a conocer los programas y recursos que ofrece para favorecer la<\/a><a href=\"https:\/\/www.google.com\/url?rct=j&amp;sa=t&amp;url=https:\/\/www.europapress.es\/esandalucia\/sevilla\/noticia-junta-lanza-campana-dar-conocer-programas-recursos-ofrece-favorecer-conciliacion-20240322114826.html&amp;ct=ga&amp;cd=CAEYACoUMTc2ODY0NDQxMzc1NTY5NTEzNzEyGzlhYjFjZGQ3ZTM2NmVmMzg6ZXM6ZXM6RVM6Ug&amp;usg=AOvVaw1VUZ1PgthsFf6wQeRlvqUT\" target=\"_blank\" rel=\"noopener\" data-saferedirecturl=\"https:\/\/www.google.com\/url?q=https:\/\/www.google.com\/url?rct%3Dj%26sa%3Dt%26url%3Dhttps:\/\/www.europapress.es\/esandalucia\/sevilla\/noticia-junta-lanza-campana-dar-conocer-programas-recursos-ofrece-favorecer-conciliacion-20240322114826.html%26ct%3Dga%26cd%3DCAEYACoUMTc2ODY0NDQxMzc1NTY5NTEzNzEyGzlhYjFjZGQ3ZTM2NmVmMzg6ZXM6ZXM6RVM6Ug%26usg%3DAOvVaw1VUZ1PgthsFf6wQeRlvqUT&amp;source=gmail&amp;ust=1711198641260000&amp;usg=AOvVaw1PeNzsFa0YCzYOOgdX05di\">\u00a0conciliaci\u00f3n<\/a><a href=\"https:\/\/www.google.com\/url?rct=j&amp;sa=t&amp;url=https:\/\/www.europapress.es\/esandalucia\/sevilla\/noticia-junta-lanza-campana-dar-conocer-programas-recursos-ofrece-favorecer-conciliacion-20240322114826.html&amp;ct=ga&amp;cd=CAEYACoUMTc2ODY0NDQxMzc1NTY5NTEzNzEyGzlhYjFjZGQ3ZTM2NmVmMzg6ZXM6ZXM6RVM6Ug&amp;usg=AOvVaw1VUZ1PgthsFf6wQeRlvqUT\" target=\"_blank\" rel=\"noopener\" data-saferedirecturl=\"https:\/\/www.google.com\/url?q=https:\/\/www.google.com\/url?rct%3Dj%26sa%3Dt%26url%3Dhttps:\/\/www.europapress.es\/esandalucia\/sevilla\/noticia-junta-lanza-campana-dar-conocer-programas-recursos-ofrece-favorecer-conciliacion-20240322114826.html%26ct%3Dga%26cd%3DCAEYACoUMTc2ODY0NDQxMzc1NTY5NTEzNzEyGzlhYjFjZGQ3ZTM2NmVmMzg6ZXM6ZXM6RVM6Ug%26usg%3DAOvVaw1VUZ1PgthsFf6wQeRlvqUT&amp;source=gmail&amp;ust=1711198641260000&amp;usg=AOvVaw1PeNzsFa0YCzYOOgdX05di\">\u00a0&#8230;-\u00a0<\/a><a>Europa Press<br \/>\n<\/a><a href=\"https:\/\/www.google.com\/url?rct=j&amp;sa=t&amp;url=https:\/\/www.europapress.es\/andalucia\/noticia-diputacion-granada-entrega-premios-igualdad-genero-20240321203711.html&amp;ct=ga&amp;cd=CAEYASoTNzIzMjE4MDc2ODMxMzQ2Mjg1MDIZNTlkNzgxNzEzNmEyZDAyODplczplczpFUw&amp;usg=AOvVaw0qdwaHz5MKkhnepD80V5X8\" target=\"_blank\" rel=\"noopener\" data-saferedirecturl=\"https:\/\/www.google.com\/url?q=https:\/\/www.google.com\/url?rct%3Dj%26sa%3Dt%26url%3Dhttps:\/\/www.europapress.es\/andalucia\/noticia-diputacion-granada-entrega-premios-igualdad-genero-20240321203711.html%26ct%3Dga%26cd%3DCAEYASoTNzIzMjE4MDc2ODMxMzQ2Mjg1MDIZNTlkNzgxNzEzNmEyZDAyODplczplczpFUw%26usg%3DAOvVaw0qdwaHz5MKkhnepD80V5X8&amp;source=gmail&amp;ust=1711179652604000&amp;usg=AOvVaw2ohRoNqmAHno24idYL6i80\">La Diputaci\u00f3n de Granada entrega los Premios por la Igualdad de\u00a0G\u00e9nero &#8211;<\/a><a>Europa Press<br \/>\n<\/a><a class=\"title\" href=\"https:\/\/andaluciainformacion.es\/sevilla\/1609146\/homenajean-a-la-pionera-enologa-isabel-mijares-en-la-cata-de-los-mejores-vinos-de-sevilla\/\" target=\"_blank\" rel=\"noopener\" data-artpy=\"0\" data-author=\"Andaluc\u00eda Informaci\u00f3n\">Homenajean a la pionera en\u00f3loga Isabel Mijares en la cata de los mejores vinos de Sevilla<\/a><a>-andaluciainformacion<br \/>\n<\/a><\/p>\n<p><strong>Violencia<br \/>\n<\/strong><a class=\"title\" href=\"https:\/\/www.diariodesevilla.es\/andalucia\/Andalucia-contabiliza-denuncias-violencia-genero_0_1886212632.html\" target=\"_blank\" rel=\"noopener\" data-artpy=\"0\" data-author=\"Diario de Sevilla\">Andaluc\u00eda contabiliza 40.717 denuncias por violencia de g\u00e9nero en 2023 con un alza del 5,1 por ciento<\/a>-diariodesevilla<strong><br \/>\n<\/strong><a class=\"title\" href=\"https:\/\/www.msn.com\/es-es\/noticias\/espana\/ugt-andaluc%C3%ADa-reclama-acciones-efectivas-contra-la-violencia-de-g%C3%A9nero-y-recursos-cercanos-en-las-zonas-rurales\/ar-BB1khoDH\" target=\"_blank\" rel=\"noopener\" data-artpy=\"0\" data-author=\"Europa Press on MSN\">UGT Andaluc\u00eda reclama acciones \u00abefectivas\u00bb contra la violencia de g\u00e9nero y recursos cercanos en las zonas rurales<\/a>-europapress<strong><br \/>\n<\/strong><\/p>\n<p><b>Ciencia y Cultura<br \/>\n<\/b><a href=\"https:\/\/www.eldiadecordoba.es\/cordoba\/Universidad-Cordoba-Instituto-Mujer-MOOC-violencia-genero_0_1886212009.html\">La Universidad de C\u00f3rdoba y el Instituto Andaluz de la Mujer ponen en marcha el primer MOOC sobre violencia de g\u00e9nero &#8211;\u00a0<\/a><a>eldiadecordoba<br \/>\n<\/a><a href=\"https:\/\/www.bing.com\/ck\/a?!&amp;&amp;p=5179a2911761725aJmltdHM9MTcxMDk3OTIwMCZpZ3VpZD0xOGU2MDY2ZS1iYWNhLTY3YTgtMzgxMi0xNDBkYmI2MjY2OTAmaW5zaWQ9NTE5OQ&amp;ptn=3&amp;ver=2&amp;hsh=3&amp;fclid=18e6066e-baca-67a8-3812-140dbb626690&amp;psq=La+UAL+consolida+sus+estudios+de+igualdad+y+contra+la+violencia+de+g%c3%a9nero+-+Diario+de+Almer%c3%ada&amp;u=a1aHR0cHM6Ly9uZXdzLnVhbC5lcy9zb2NpZWRhZC9sYS11YWwtY29uc29saWRhLXN1cy1lc3R1ZGlvcy1kZS1pZ3VhbGRhZC15LWNvbnRyYS1sYS12aW9sZW5jaWEtZGUtZ2VuZXJvLw&amp;ntb=1\" target=\"_blank\" rel=\"noopener\">La UAL consolida sus estudios de igualdad y contra la violencia de \u2026<\/a>-ualnews<br \/>\n<a href=\"https:\/\/www.google.com\/url?rct=j&amp;sa=t&amp;url=https:\/\/novaciencia.es\/retos-para-la-igualdad-tambien-en-el-campo-de-la-inteligencia-artificial\/&amp;ct=ga&amp;cd=CAEYACoUMTIyODY3MDU2ODc2ODc0MDkzOTUyGWUyZGVmYTdkNWRhOTE1N2Q6ZXM6ZXM6RVM&amp;usg=AOvVaw2D4ZKoJkpDw9C7KLWVbQbd\" target=\"_blank\" rel=\"noopener\" data-saferedirecturl=\"https:\/\/www.google.com\/url?q=https:\/\/www.google.com\/url?rct%3Dj%26sa%3Dt%26url%3Dhttps:\/\/novaciencia.es\/retos-para-la-igualdad-tambien-en-el-campo-de-la-inteligencia-artificial\/%26ct%3Dga%26cd%3DCAEYACoUMTIyODY3MDU2ODc2ODc0MDkzOTUyGWUyZGVmYTdkNWRhOTE1N2Q6ZXM6ZXM6RVM%26usg%3DAOvVaw2D4ZKoJkpDw9C7KLWVbQbd&amp;source=gmail&amp;ust=1711125395520000&amp;usg=AOvVaw2b90vCzIlQAJyJiuXULhgl\">Retos para la igualdad, tambi\u00e9n en el campo de la inteligencia artificial &#8211;\u00a0<\/a><a>Nova Ciencia<br \/>\n<\/a><a class=\"title\" href=\"https:\/\/www.huelva24.com\/cultura\/sandra-cerezo-pone-alma-blues-broche-palabra-20240322131508-nth.html\" target=\"_blank\" rel=\"noopener\" data-artpy=\"0\" data-author=\"huelva24\">Sandra Cerezo pone con alma de blues un broche de palabra y m\u00fasica al ciclo &#8216;Mujeres en escena<\/a>-huelva24<br \/>\n<a class=\"title\" href=\"https:\/\/www.lanocion.es\/cordoba\/20240322\/la-uco-trae-a-cordoba-una-muestra-de-fotografia-so-6494.html\" target=\"_blank\" rel=\"noopener\" data-artpy=\"0\" data-author=\"lanocion\">La UCO trae a C\u00f3rdoba una muestra de fotograf\u00eda sobre la dura realidad de las mujeres en Afganist\u00e1n<\/a>-lanocion<br \/>\n<a class=\"title\" href=\"https:\/\/www.diariodeavila.es\/noticia\/zfd0f59c4-f125-d6d3-8394c37bacef4cea\/202403\/carmen-linares-ii-premio-diputacion-de-avila-de-las-artes\" target=\"_blank\" rel=\"noopener\" data-artpy=\"0\" data-author=\"Diario de \u00c1vila\">Carmen Linares, II Premio Diputaci\u00f3n de \u00c1vila de las Artes<\/a>-diariodeavila<\/p>\n<p><b><\/b><strong>Deporte<br \/>\n<\/strong><a class=\"title\" href=\"https:\/\/www.msn.com\/es-es\/deportes\/baloncesto\/huelva-acoge-este-desde-este-jueves-la-final-de-la-copa-de-la-reina-de-la-lf-endesa-de-baloncesto\/ar-BB1kixxQ\" target=\"_blank\" rel=\"noopener\" data-artpy=\"0\" data-author=\"Europa Press on MSN\">Huelva acoge este desde este jueves la final de la Copa de la Reina de la LF Endesa de baloncesto<\/a>-europapress<strong><br \/>\n<\/strong><\/p>\n<\/div>\n<\/div>\n<\/div>\n<\/div>\n<div id=\"\" class=\"lsow-panel lsow-active\">\n<h1 class=\"lsow-panel-title\">Estado<\/h1>\n<div class=\"lsow-panel-content\">\n<p><strong>Institucional<br \/>\n<\/strong><a href=\"https:\/\/www.google.com\/url?rct=j&amp;sa=t&amp;url=https:\/\/www.minjusticia.gob.cl\/ministerio-de-justicia-y-ddhh-en-cooperacion-con-la-union-europea-realizan-seminario-internacional-de-mediacion-penal-juvenil\/&amp;ct=ga&amp;cd=CAEYACoTODkxNjk0NTc1MzI4ODcwNjczODIZNTlkNzgxNzEzNmEyZDAyODplczplczpFUw&amp;usg=AOvVaw0oj7SH1Sq2zd6EBxZ6iwzB\" target=\"_blank\" rel=\"noopener\" data-saferedirecturl=\"https:\/\/www.google.com\/url?q=https:\/\/www.google.com\/url?rct%3Dj%26sa%3Dt%26url%3Dhttps:\/\/www.minjusticia.gob.cl\/ministerio-de-justicia-y-ddhh-en-cooperacion-con-la-union-europea-realizan-seminario-internacional-de-mediacion-penal-juvenil\/%26ct%3Dga%26cd%3DCAEYACoTODkxNjk0NTc1MzI4ODcwNjczODIZNTlkNzgxNzEzNmEyZDAyODplczplczpFUw%26usg%3DAOvVaw0oj7SH1Sq2zd6EBxZ6iwzB&amp;source=gmail&amp;ust=1711179652612000&amp;usg=AOvVaw2CcujvgwMFTMixgvtzDS7N\">Ministerio de Justicia y DDHH en\u00a0cooperaci\u00f3n con la Uni\u00f3n Europea realizan Seminario &#8230;-\u00a0<\/a><a>Ministerio de Justicia<br \/>\n<\/a><a class=\"title\" href=\"https:\/\/www.msn.com\/es-es\/noticias\/espana\/el-defensor-del-pueblo-detecta-m%C3%A1s-casos-de-gravedad-de-violencia-escolar-y-advierte-de-la-corta-edad-de-los-agresores\/ar-BB1klCXc\" target=\"_blank\" rel=\"noopener\" data-artpy=\"0\" data-author=\"Europa Press on MSN\">El Defensor del Pueblo detecta m\u00e1s casos de gravedad de violencia escolar y advierte de la corta edad de los agresores<\/a>-europapress<br \/>\n<a class=\"title\" href=\"https:\/\/www.europapress.es\/sociedad\/noticia-defensor-pide-gratuidad-educacion-anos-eliminaria-obstaculos-incorporacion-mujer-trabajo-20240322141048.html\" target=\"_blank\" rel=\"noopener\" data-artpy=\"0\" data-author=\"Europa Press\">Defensor pide la gratuidad en Educaci\u00f3n 0-3 a\u00f1os: \u00abEliminar\u00eda obst\u00e1culos para la incorporaci\u00f3n de la mujer al trabajo\u00bb<\/a>-europapress<\/p>\n<p><strong>Institucional &#8211; CCAA<br \/>\n<\/strong><a class=\"title\" href=\"https:\/\/www.elcorreo.com\/sociedad\/sucesos\/sanidad-presentara-ccaa-protocolo-garantizar-mujeres-elijan-20240308160505-vi.html\" target=\"_blank\" rel=\"noopener\" data-artpy=\"0\" data-author=\"El Correo\">Sanidad presentar\u00e1 a las CCAA un protocolo para garantizar que las mujeres elijan d\u00f3nde abortar<\/a>-elcorreo<strong><br \/>\n<\/strong><a class=\"title\" href=\"https:\/\/www.msn.com\/es-es\/noticias\/espana\/el-plan-anual-de-estad%C3%ADstica-2024-contiene-231-operaciones-y-recupera-indicador-sobre-mujeres-riojanas-y-digitalizaci%C3%B3n\/ar-BB1klxPJ\" target=\"_blank\" rel=\"noopener\" data-artpy=\"0\" data-author=\"Europa Press on MSN\">El Plan Anual de Estad\u00edstica 2024 contiene 231 operaciones y recupera indicador sobre mujeres riojanas y digitalizaci\u00f3n<\/a>-europapress<br \/>\n<a class=\"title\" href=\"https:\/\/www.msn.com\/es-es\/noticias\/espana\/el-gobierno-destinar%C3%A1-este-a%C3%B1o-casi-195-millones-a-los-servicios-sociales-de-atenci%C3%B3n-primaria-de-los-ayuntamientos\/ar-BB1khOWb\" target=\"_blank\" rel=\"noopener\" data-artpy=\"0\" data-author=\"Europa Press on MSN\">El Gobierno destinar\u00e1 este a\u00f1o casi 19,5 millones a los Servicios Sociales de Atenci\u00f3n Primaria de los ayuntamientos<\/a>-europapress<br \/>\n<a class=\"title\" href=\"https:\/\/www.levante-emv.com\/comunitat-valenciana\/2024\/03\/17\/mujeres-igualdad-lenguaje-inclusivo-genero-paridad-feminismo-poder-y-mujer-99348089.html\" target=\"_blank\" rel=\"noopener\" data-artpy=\"0\" data-author=\"Levante-EMV\">Las mujeres valencianas apenas ocupan cuatro de cada 10 puestos de alta direcci\u00f3n<\/a>-levante<a><br \/>\n<\/a><\/p>\n<p><strong>Econom\u00eda y Empresa<\/strong><br \/>\n<a class=\"title\" href=\"https:\/\/blogs.elconfidencial.com\/juridico\/tribuna\/2024-03-22\/influencia-y-liderazgo-femenino-un-oceano-azul_3853004\/\" target=\"_blank\" rel=\"noopener\" data-artpy=\"0\" data-author=\"El confidencial\" data-bm=\"42\">Influencia y liderazgo femenino, \u00bfun oc\u00e9ano azul?<\/a>-lavanguardia<br \/>\n<a class=\"title\" href=\"https:\/\/fly-news.es\/mujer-y-aeronautica\/fly-news-celebra-la-x-jornada-de-mujer-y-aeronautica-en-getafe\/\" target=\"_blank\" rel=\"noopener\" data-artpy=\"0\" data-author=\"Fly news\">Mujer y Aeron\u00e1utica celebra su d\u00e9cimo aniversario con las mujeres referentes en Espa\u00f1a<\/a>-flynews<a><br \/>\n<\/a><a class=\"title\" href=\"https:\/\/www.msn.com\/es-es\/noticias\/espana\/alsa-ofrece-150-becas-gratuitas-para-ser-conductora-de-autob%C3%BAs\/ar-BB1kll52\" target=\"_blank\" rel=\"noopener\" data-artpy=\"0\" data-author=\"Europa Press on MSN\">Alsa ofrece 150 becas gratuitas para ser conductora de autob\u00fas-\u00a0<\/a><a>europapress<br \/>\n<\/a><a class=\"title\" href=\"https:\/\/www.rrhhdigital.com\/secciones\/conciliacion-e-igualdad\/743756\/webinar-plennio\/\" target=\"_blank\" rel=\"noopener\" data-artpy=\"0\" data-author=\"RRHHDigital\">\u201cLas empresas que no tengan en cuenta al talento senior se encontrar\u00e1n con muchas dificultades\u201d<\/a>-RRHHdigital<a><br \/>\n<\/a><a href=\"https:\/\/www.google.com\/url?rct=j&amp;sa=t&amp;url=https:\/\/tecnologiaparatuempresa.ituser.es\/transformacion-digital\/2024\/03\/el-315-de-las-empresas-apuestan-por-el-trabajo-hibrido-sin-que-afecte-a-su-rendimiento&amp;ct=ga&amp;cd=CAEYAyoTNzI3NTAyNTcwOTA2MjgwMDQ1NTIZYzAzNzJlYmMyZmVhZGE1OTplczplczpFUw&amp;usg=AOvVaw2HO09HiYs_hS4IDiWqzEoU\" target=\"_blank\" rel=\"noopener\" data-saferedirecturl=\"https:\/\/www.google.com\/url?q=https:\/\/www.google.com\/url?rct%3Dj%26sa%3Dt%26url%3Dhttps:\/\/tecnologiaparatuempresa.ituser.es\/transformacion-digital\/2024\/03\/el-315-de-las-empresas-apuestan-por-el-trabajo-hibrido-sin-que-afecte-a-su-rendimiento%26ct%3Dga%26cd%3DCAEYAyoTNzI3NTAyNTcwOTA2MjgwMDQ1NTIZYzAzNzJlYmMyZmVhZGE1OTplczplczpFUw%26usg%3DAOvVaw2HO09HiYs_hS4IDiWqzEoU&amp;source=gmail&amp;ust=1711179652409000&amp;usg=AOvVaw3N1HcY_FrNJDSEPXbpdtK9\">El 31,5% de las empresas apuestan por el trabajo h\u00edbrido sin que afecte a su rendimiento-\u00a0<\/a><a>\u00a0IT User<\/a><a><br \/>\n<\/a><\/p>\n<p><strong>Actualidad<br \/>\n<\/strong><a href=\"https:\/\/www.bing.com\/ck\/a?!&amp;&amp;p=ef5837c587f34593JmltdHM9MTcxMDk3OTIwMCZpZ3VpZD0xOGU2MDY2ZS1iYWNhLTY3YTgtMzgxMi0xNDBkYmI2MjY2OTAmaW5zaWQ9NTIwNQ&amp;ptn=3&amp;ver=2&amp;hsh=3&amp;fclid=18e6066e-baca-67a8-3812-140dbb626690&amp;psq=El+IV+Encuentro+Nacional+de+Mujeres+Profesionales+reclama+un+mundo+m%c3%a1s+sostenible+y+&amp;u=a1aHR0cHM6Ly93d3cuYWJvZ2FjaWEuZXMvYWN0dWFsaWRhZC9ub3RpY2lhcy9lbC1pdi1lbmN1ZW50cm8tbmFjaW9uYWwtZGUtbXVqZXJlcy1wcm9mZXNpb25hbGVzLXJlY2xhbWEtdW4tbXVuZG8tbWFzLXNvc3RlbmlibGUteS1tYXMtaWd1YWxpdGFyaW8v&amp;ntb=1\" target=\"_blank\" rel=\"noopener\">El IV Encuentro Nacional de Mujeres Profesionales reclama un mundo m\u00e1s sostenible e igualitario\u00a0<\/a>&#8230;-abogacia<br \/>\n<a href=\"https:\/\/www.bing.com\/ck\/a?!&amp;&amp;p=888164114300e08eJmltdHM9MTcxMDk3OTIwMCZpZ3VpZD0xOGU2MDY2ZS1iYWNhLTY3YTgtMzgxMi0xNDBkYmI2MjY2OTAmaW5zaWQ9NTIwNA&amp;ptn=3&amp;ver=2&amp;hsh=3&amp;fclid=18e6066e-baca-67a8-3812-140dbb626690&amp;psq=Mar%c3%ada+Laffitte%2c+pionera+feminismo+intelectual+siglo+XX+&amp;u=a1aHR0cHM6Ly93d3cucnR2ZS5lcy9wbGF5L2F1ZGlvcy9wdW50by1kZS1lbmxhY2UvcHVudG8tZW5sYWNlLW1hcmlhLWxhZmZpdHRlLWZlbWluaXNtby1pbnRlbGVjdHVhbC1zaWdsby14eC8xNjAyMzcwMi8&amp;ntb=1\" target=\"_blank\" rel=\"noopener\">Mar\u00eda Laffitte, pionera feminismo intelectual siglo XX<\/a>-rtve<br \/>\n<a href=\"https:\/\/www.google.com\/url?rct=j&amp;sa=t&amp;url=https:\/\/www.cope.es\/actualidad\/sociedad\/noticias\/riesgo-mujeres-dependencia-farmacos-opioides-receta-alerta-especialistas-20240321_3209829&amp;ct=ga&amp;cd=CAEYAioUMTQ5NDk2NzQ4NTM2MTIyNzU3MzEyGzlhYjFjZGQ3ZTM2NmVmMzg6ZXM6ZXM6RVM6Ug&amp;usg=AOvVaw3afpb8IoryRoUK9EGBnD60\" target=\"_blank\" rel=\"noopener\" data-saferedirecturl=\"https:\/\/www.google.com\/url?q=https:\/\/www.google.com\/url?rct%3Dj%26sa%3Dt%26url%3Dhttps:\/\/www.cope.es\/actualidad\/sociedad\/noticias\/riesgo-mujeres-dependencia-farmacos-opioides-receta-alerta-especialistas-20240321_3209829%26ct%3Dga%26cd%3DCAEYAioUMTQ5NDk2NzQ4NTM2MTIyNzU3MzEyGzlhYjFjZGQ3ZTM2NmVmMzg6ZXM6ZXM6RVM6Ug%26usg%3DAOvVaw3afpb8IoryRoUK9EGBnD60&amp;source=gmail&amp;ust=1711122898912000&amp;usg=AOvVaw2UcynGDLzU0Eq6hgcZPbp-\">El riesgo en\u00a0<b>l<\/b>as mujeres de dependencia de f\u00e1rmacos opioides con receta, alerta a los especialistas-\u00a0<\/a><a>cope<br \/>\n<\/a><a class=\"title\" href=\"https:\/\/www.rtve.es\/rtve\/20240321\/dependientes-fallecen-sin-prestaciones\/16026750.shtml\" target=\"_blank\" rel=\"noopener\" data-artpy=\"0\" data-author=\"RTVE\">M\u00e1s de 100 personas dependientes fallecen diariamente sin prestaciones en Espa\u00f1a<\/a>-rtve<br \/>\n<a class=\"title\" href=\"https:\/\/www.elcorreogallego.es\/sociedad\/2024\/03\/22\/mujeres-adictas-invisibles-masculinizacion-carceles-99826491.html\" target=\"_blank\" rel=\"noopener\" data-artpy=\"0\" data-author=\"Elcorreogallego.es\">Mujeres, adictas e invisibles: la &#8216;masculinizaci\u00f3n&#8217; de las c\u00e1rceles se ceba con las presas<\/a>-elcorreogallego<a><br \/>\n<\/a><\/p>\n<p><strong>Violencias<br \/>\n<\/strong><a href=\"https:\/\/www.msn.com\/es-es\/noticias\/espana\/la-violencia-machista-sigue-sin-freno-en-espa%C3%B1a-y-el-n%C3%BAmero-de-v%C3%ADctimas-crece-un-10-en-2023\/ar-BB1keqmz\">La violencia machista sigue sin freno en Espa\u00f1a y el n\u00famero de v\u00edctimas crece un 10% en 2023-\u00a0<\/a><a>msn<br \/>\n<\/a><a href=\"https:\/\/www.infobae.com\/espana\/2024\/03\/19\/como-funciona-viogen-el-sistema-de-proteccion-de-las-victimas-de-violencia-de-genero\/\">C\u00f3mo funciona VioG\u00e9n, el sistema de protecci\u00f3n de las v\u00edctimas de violencia de g\u00e9nero &#8211;<\/a><a>infobae<br \/>\n<\/a><a href=\"https:\/\/www.google.com\/url?rct=j&amp;sa=t&amp;url=https:\/\/fuentesinformadas.com\/las-victimas-de-violencia-de-genero-aumentaron-un-10-en-2023-al-menos-533-mujeres-fueron-maltratadas-cada-dia&amp;ct=ga&amp;cd=CAEYACoUMTUzMjk5MTA0MTk3MTc1MjEyMjUyGWUxZTc3ZDE1NjA5OGE4ZTM6ZXM6ZXM6RVM&amp;usg=AOvVaw0wTmF3UdCN7gAuhoHeKIrk\" target=\"_blank\" rel=\"noopener\" data-saferedirecturl=\"https:\/\/www.google.com\/url?q=https:\/\/www.google.com\/url?rct%3Dj%26sa%3Dt%26url%3Dhttps:\/\/fuentesinformadas.com\/las-victimas-de-violencia-de-genero-aumentaron-un-10-en-2023-al-menos-533-mujeres-fueron-maltratadas-cada-dia%26ct%3Dga%26cd%3DCAEYACoUMTUzMjk5MTA0MTk3MTc1MjEyMjUyGWUxZTc3ZDE1NjA5OGE4ZTM6ZXM6ZXM6RVM%26usg%3DAOvVaw0wTmF3UdCN7gAuhoHeKIrk&amp;source=gmail&amp;ust=1711179652715000&amp;usg=AOvVaw37vExux4kp8Co1ugKBqf8e\">M\u00e1s de 500 mujeres son v\u00edctimas de la\u00a0violencia machista cada d\u00eda en Espa\u00f1a-\u00a0<\/a><a>Fuentes Informadas<\/a><\/p>\n<p><strong>Ciencia y Cultura<br \/>\n<\/strong><a class=\"title\" href=\"https:\/\/www.laopiniondemalaga.es\/tendencias21\/2024\/03\/22\/mujeres-cientificas-lideran-investigaciones-sequia-99719821.html\" target=\"_blank\" rel=\"noopener\" data-artpy=\"0\" data-author=\"Deportes\">Las cient\u00edficas lideran las investigaciones sobre la sequ\u00eda<\/a>-laopiniondemalaga<strong><br \/>\n<\/strong><a href=\"https:\/\/www.google.com\/url?rct=j&amp;sa=t&amp;url=https:\/\/www.swissinfo.ch\/spa\/%2522la-primera-mestiza%2522-pone-luz-a-una-figura-clave-en-el-mestizaje-entre-am%25C3%25A9rica-y-espa%25C3%25B1a\/74023978&amp;ct=ga&amp;cd=CAEYBCoTODI0NzcxMDc0OTI2MjI5MDYxMTIZYzAzNzJlYmMyZmVhZGE1OTplczplczpFUw&amp;usg=AOvVaw3CQBVUM0k01iBF7GAoZvPe\" target=\"_blank\" rel=\"noopener\" data-saferedirecturl=\"https:\/\/www.google.com\/url?q=https:\/\/www.google.com\/url?rct%3Dj%26sa%3Dt%26url%3Dhttps:\/\/www.swissinfo.ch\/spa\/%252522la-primera-mestiza%252522-pone-luz-a-una-figura-clave-en-el-mestizaje-entre-am%2525C3%2525A9rica-y-espa%2525C3%2525B1a\/74023978%26ct%3Dga%26cd%3DCAEYBCoTODI0NzcxMDc0OTI2MjI5MDYxMTIZYzAzNzJlYmMyZmVhZGE1OTplczplczpFUw%26usg%3DAOvVaw3CQBVUM0k01iBF7GAoZvPe&amp;source=gmail&amp;ust=1711192296020000&amp;usg=AOvVaw2X5ekkMeRnPlpPkVxcZTVg\">\u00abLa primera mestiza\u00bb pone luz a una figura clave en el mestizaje entre Am\u00e9rica y Espa\u00f1a-\u00a0<\/a><a>Swissinfo<br \/>\n<\/a><a class=\"title\" href=\"https:\/\/www.msn.com\/es-es\/noticias\/internacional\/isabel-arcos-de-alg%C3%BAn-tiempo-a-esta-parte-advierte-que-hay-que-estar-atentos-y-no-mirar-hacia-otro-lado\/ar-BB1klUGe\" target=\"_blank\" rel=\"noopener\" data-artpy=\"0\" data-author=\"Cadena SER on MSN\">Isabel Arcos : \u201c\u2018De alg\u00fan tiempo a esta parte\u2019 advierte que hay que estar atentos y no mirar hacia otro lado\u201d<\/a>-ser<br \/>\n<a class=\"title\" href=\"https:\/\/www.lavozdegalicia.es\/noticia\/cultura\/2024\/03\/21\/arte-feminista-cruza-atlantico-moma-neoyorquino-camarinas\/00031711047629649453230.htm\" target=\"_blank\" rel=\"noopener\" data-artpy=\"0\" data-author=\"La Voz de Galicia\">Arte feminista que cruza el Atl\u00e1ntico: Del MOMA neoyorquino a Camari\u00f1as<\/a>-lavozdegalicia<a><br \/>\n<\/a><\/p>\n<p><strong>Deporte<br \/>\n<\/strong><a href=\"https:\/\/www.bing.com\/ck\/a?!&amp;&amp;p=dddc90aa938517efJmltdHM9MTcxMDk3OTIwMCZpZ3VpZD0xOGU2MDY2ZS1iYWNhLTY3YTgtMzgxMi0xNDBkYmI2MjY2OTAmaW5zaWQ9NTE5OA&amp;ptn=3&amp;ver=2&amp;hsh=3&amp;fclid=18e6066e-baca-67a8-3812-140dbb626690&amp;psq=+Majida+Maayouf%2c+Ester+Navarrete+y+Meritxell+Soler+preseleccionadas+para+la+marat%c3%b3n+de+los+...+Diario+Feminista+&amp;u=a1aHR0cHM6Ly9lbGRpYXJpb2ZlbWluaXN0YS5pbmZvLzIwMjQvMDMvMjEvbWFqaWRhLW1hYXlvdWYtZXN0ZXItbmF2YXJyZXRlLXktbWVyaXR4ZWxsLXNvbGVyLXByZXNlbGVjY2lvbmFkYXMtcGFyYS1sYS1tYXJhdG9uLWRlLWxvcy1qdWVnb3MtZGUtcGFyaXMv&amp;ntb=1\" target=\"_blank\" rel=\"noopener\">Majida Maayouf, Ester Navarrete y Meritxell Soler \u2026<\/a>-diariofeminista<br \/>\n<a href=\"https:\/\/www.google.com\/url?rct=j&amp;sa=t&amp;url=https:\/\/www.sport.es\/es\/noticias\/seleccion\/femenino\/rivales-seleccion-espanola-femenina-juegos-99746794&amp;ct=ga&amp;cd=CAEYACoTOTUzNDk0NDM1NTE0NDQyNTU4MjIZZTJkZWZhN2Q1ZGE5MTU3ZDplczplczpFUw&amp;usg=AOvVaw0slYiRUGcVfQStgwnpkyHi\" target=\"_blank\" rel=\"noopener\" data-saferedirecturl=\"https:\/\/www.google.com\/url?q=https:\/\/www.google.com\/url?rct%3Dj%26sa%3Dt%26url%3Dhttps:\/\/www.sport.es\/es\/noticias\/seleccion\/femenino\/rivales-seleccion-espanola-femenina-juegos-99746794%26ct%3Dga%26cd%3DCAEYACoTOTUzNDk0NDM1NTE0NDQyNTU4MjIZZTJkZWZhN2Q1ZGE5MTU3ZDplczplczpFUw%26usg%3DAOvVaw0slYiRUGcVfQStgwnpkyHi&amp;source=gmail&amp;ust=1711179652828000&amp;usg=AOvVaw1t7jM25OUtBeMULrMHuNt3\">Los rivales de la selecci\u00f3n espa\u00f1ola femenina en los\u00a0Juegos Ol\u00edmpicos de Par\u00eds 2024-\u00a0<\/a><a>sport<\/a><a><br \/>\n<\/a><a class=\"title\" href=\"https:\/\/www.msn.com\/es-es\/deportes\/other\/sara-montoya-del-boxeo-al-cine-una-mujer-gitana-en-un-deporte-de-hombres-fue-un-choque\/ar-BB1klXQd\" target=\"_blank\" rel=\"noopener\" data-artpy=\"0\" data-author=\"AS Mexico on MSN\">Sara Montoya, del boxeo al cine: \u201cUna mujer gitana en un deporte de hombres fue un choque\u201d<\/a>-as<br \/>\n<a class=\"title\" href=\"https:\/\/www.relevo.com\/futbol\/liga-femenina\/batalla-mente-real-madrid-femenino-20240322114255-nt.html\" target=\"_blank\" rel=\"noopener\" data-artpy=\"0\" data-author=\"relevo\">La batalla contra la mente en el Real Madrid femenino&#8230; con el Bar\u00e7a a la vista<\/a>-relevo<br \/>\n<a class=\"title\" href=\"https:\/\/www.relevo.com\/baloncesto\/elisa-aguilar-salgo-presidenta-sergio-20240320190809-nt.html\" target=\"_blank\" rel=\"noopener\" data-artpy=\"0\" data-author=\"relevo\">Elisa Aguilar: \u00abSi yo salgo presidenta, Sergio Scariolo va a estar a mi lado muchos a\u00f1os\u00bb<\/a>-relevo<\/p>\n<\/div>\n<\/div>\n<div id=\"\" class=\"lsow-panel lsow-active\">\n<h1 class=\"lsow-panel-title\">Internacional<\/h1>\n<div class=\"lsow-panel-content\">\n<p><a class=\"title\" href=\"https:\/\/www.bolsamania.com\/noticias\/economia\/economia--la-oit-pide-mas-igualdad-de-genero-para-impulsar-el-crecimiento-economico-y-la-productividad-de-latinoamerica--16478036.html\" target=\"_blank\" rel=\"noopener\" data-artpy=\"0\" data-author=\"Capitalbolsa\">La OIT pide m\u00e1s igualdad de g\u00e9nero para impulsar el crecimiento econ\u00f3mico y la productividad de Latinoam\u00e9rica-<\/a>bolsamania<br \/>\n<a href=\"https:\/\/www.bing.com\/ck\/a?!&amp;&amp;p=ae64e674272feca4JmltdHM9MTcxMDk3OTIwMCZpZ3VpZD0xOGU2MDY2ZS1iYWNhLTY3YTgtMzgxMi0xNDBkYmI2MjY2OTAmaW5zaWQ9NTE5Nw&amp;ptn=3&amp;ver=2&amp;hsh=3&amp;fclid=18e6066e-baca-67a8-3812-140dbb626690&amp;psq=+Diez+a%c3%b1os+de+pol%c3%adtica+exterior+feminista+y+pol%c3%adtica+de+cooperaci%c3%b3n+internacional+para+el+...+Cepal+&amp;u=a1aHR0cHM6Ly93d3cuY2VwYWwub3JnL2VzL3B1YmxpY2FjaW9uZXMvNjkwNzAtZGllei1hbm9zLXBvbGl0aWNhLWV4dGVyaW9yLWZlbWluaXN0YS1wb2xpdGljYS1jb29wZXJhY2lvbi1pbnRlcm5hY2lvbmFs&amp;ntb=1\" target=\"_blank\" rel=\"noopener\">Diez a\u00f1os de pol\u00edtica exterior feminista y pol\u00edtica de cooperaci\u00f3n &#8230;<\/a>-cepal<br \/>\n<a href=\"https:\/\/www.google.com\/url?rct=j&amp;sa=t&amp;url=https:\/\/eldia.com.do\/onu-premia-18-instrucciones-de-america-latina-por-politicas-de-igualdad-de-genero\/&amp;ct=ga&amp;cd=CAEYAioTNzIzMjE4MDc2ODMxMzQ2Mjg1MDIZNTlkNzgxNzEzNmEyZDAyODplczplczpFUw&amp;usg=AOvVaw3VcGnCqi1dpwamHAiH88el\" target=\"_blank\" rel=\"noopener\" data-saferedirecturl=\"https:\/\/www.google.com\/url?q=https:\/\/www.google.com\/url?rct%3Dj%26sa%3Dt%26url%3Dhttps:\/\/eldia.com.do\/onu-premia-18-instrucciones-de-america-latina-por-politicas-de-igualdad-de-genero\/%26ct%3Dga%26cd%3DCAEYAioTNzIzMjE4MDc2ODMxMzQ2Mjg1MDIZNTlkNzgxNzEzNmEyZDAyODplczplczpFUw%26usg%3DAOvVaw3VcGnCqi1dpwamHAiH88el&amp;source=gmail&amp;ust=1711179652604000&amp;usg=AOvVaw2LEZ5ZyVTa9XeRfBHRH7uK\">ONU premia 18 instrucciones de Am\u00e9rica Latina por pol\u00edticas de igualdad de\u00a0g\u00e9nero<b>&#8211;\u00a0<\/b><\/a><a>El D\u00eda<br \/>\n<\/a><a class=\"title\" href=\"https:\/\/www.df.cl\/internacional\/economia\/la-disminucion-de-las-tasas-de-fertilidad-transformara-la-economia\" target=\"_blank\" rel=\"noopener\" data-artpy=\"0\" data-author=\"Diario Financiero\">La disminuci\u00f3n de las tasas de fertilidad transformar\u00e1 la econom\u00eda mundial, seg\u00fan un informe<\/a>-diariofinanciero<br \/>\n<a class=\"title\" href=\"https:\/\/www.religionenlibertad.com\/espana\/607811071\/keniana-kinyua-recibe-premio-harambee-2024-creatividad-favor-mujeres.html\" target=\"_blank\" rel=\"noopener\" data-artpy=\"0\" data-author=\"Religi\u00f3n en libertad\">La keniana Susan Kinyua recibe el Premio Harambee 2024 por su creatividad en favor de las mujeres<\/a>-religionenlibertad<a><br \/>\n<\/a><a href=\"https:\/\/www.bing.com\/ck\/a?!&amp;&amp;p=cb1d0ddc30207ba1JmltdHM9MTcxMDk3OTIwMCZpZ3VpZD0xOGU2MDY2ZS1iYWNhLTY3YTgtMzgxMi0xNDBkYmI2MjY2OTAmaW5zaWQ9NTE5Nw&amp;ptn=3&amp;ver=2&amp;hsh=3&amp;fclid=18e6066e-baca-67a8-3812-140dbb626690&amp;psq=+Directoras+del+Instituto+Jane+Goodall+llaman+a+generar+acciones+positivas+para+la+...+UDP+Internacional+&amp;u=a1aHR0cHM6Ly9pbnRlcm5hY2lvbmFsLnVkcC5jbC9kaXJlY3RvcmFzLWRlbC1pbnN0aXR1dG8tamFuZS1nb29kYWxsLWxsYW1hbi1hLWdlbmVyYXItYWNjaW9uZXMtcG9zaXRpdmFzLXBhcmEtbGEtY29uc2VydmFjaW9uLWRlLWxhLWJpb2RpdmVyc2lkYWQv&amp;ntb=1\" target=\"_blank\" rel=\"noopener\">Directoras del Instituto Jane Goodall llaman a generar acciones positivas-\u00a0<\/a>udpinternacional<br \/>\n<a class=\"title\" href=\"https:\/\/theobjective.com\/cultura\/2024-03-21\/s50-hombres-deprimidas-libro-suecia\/\" target=\"_blank\" rel=\"noopener\" data-artpy=\"0\" data-author=\"The Objective\">Sexo con 50 hombres y depresi\u00f3n: el libro que &#8216;desnuda&#8217; a las mujeres de Suecia<\/a>-theobjective<br \/>\n<a href=\"https:\/\/www.google.com\/url?rct=j&amp;sa=t&amp;url=https:\/\/www.elespanol.com\/mujer\/actualidad\/20240321\/academia-bellas-artes-paris-premia-annie-leibovitz-claves-ceremonia\/841666185_0.html&amp;ct=ga&amp;cd=CAEYBCoUMTEyOTkyNTg5NTAxNDcwODI3MDgyGWMwMzcyZWJjMmZlYWRhNTk6ZXM6ZXM6RVM&amp;usg=AOvVaw3PAlah9Xc3Jbd710oUmi_Y\" target=\"_blank\" rel=\"noopener\" data-saferedirecturl=\"https:\/\/www.google.com\/url?q=https:\/\/www.google.com\/url?rct%3Dj%26sa%3Dt%26url%3Dhttps:\/\/www.elespanol.com\/mujer\/actualidad\/20240321\/academia-bellas-artes-paris-premia-annie-leibovitz-claves-ceremonia\/841666185_0.html%26ct%3Dga%26cd%3DCAEYBCoUMTEyOTkyNTg5NTAxNDcwODI3MDgyGWMwMzcyZWJjMmZlYWRhNTk6ZXM6ZXM6RVM%26usg%3DAOvVaw3PAlah9Xc3Jbd710oUmi_Y&amp;source=gmail&amp;ust=1711126726946000&amp;usg=AOvVaw1d8J2xKYn42WFyWChpGvOK\">La Academia de Bellas Artes de Par\u00eds premia a Annie Leibovitz: las claves de la ceremonia-\u00a0<\/a><a>El Espa\u00f1ol<br \/>\n<\/a><a class=\"title\" href=\"https:\/\/es-us.noticias.yahoo.com\/deportes\/exposici%C3%B3n-arte-feminista-museo-exclu%C3%ADa-181432306.html\" target=\"_blank\" rel=\"noopener\" data-artpy=\"0\" data-author=\"Yahoo Noticias en Espa\u00f1ol\">Una exposici\u00f3n de arte feminista en un museo exclu\u00eda a los hombres, as\u00ed que uno decidi\u00f3 ir a los tribunales<\/a>-yahoo<\/p>\n<\/div>\n<\/div>\n<\/div><\/div><\/div><\/div><\/div>\n","protected":false},"excerpt":{"rendered":"<p>La violencia machista sigue sin freno en Espa\u00f1a y el n\u00famero de v\u00edctimas crece un 10% en 2023  *  Influencia y liderazgo femenino, \u00bfun oc\u00e9ano azul?  *  Las cient\u00edficas lideran las investigaciones sobre la sequ\u00eda  *  La Academia de Bellas Artes de Par\u00eds premia a Annie Leibovitz  *  Condenadas por hacer periodismo<\/p>\n","protected":false},"author":3,"featured_media":22909,"comment_status":"closed","ping_status":"closed","sticky":false,"template":"","format":"standard","meta":{"footnotes":""},"categories":[298,621],"tags":[247,109],"class_list":["post-22080","post","type-post","status-publish","format-standard","has-post-thumbnail","hentry","category-newsletter","category-nwl-3-0","tag-mujer-y-ciencia","tag-violencia-de-genero"],"yoast_head":"<!-- This site is optimized with the Yoast SEO plugin v27.5 - https:\/\/yoast.com\/product\/yoast-seo-wordpress\/ -->\n<title>Noticias Info CKL n\u00ba 2859-22\/03\/24-Comunicar con perspectiva de g\u00e9nero<\/title>\n<meta name=\"description\" content=\"Noticias Info CKL n\u00ba 2859-22\/03\/24 La violencia machista sigue sin freno en Espa\u00f1a y el n\u00famero de v\u00edctimas crece un 10% en 2023 * Influencia y liderazgo femenino, \u00bfun oc\u00e9ano azul? * Las cient\u00edficas lideran las investigaciones sobre la sequ\u00eda * La Academia de Bellas Artes de Par\u00eds premia a Annie Leibovitz * Condenadas por hacer periodismo\" \/>\n<meta name=\"robots\" content=\"index, follow, max-snippet:-1, max-image-preview:large, max-video-preview:-1\" \/>\n<link rel=\"canonical\" href=\"https:\/\/cklcomunicaciones.es\/coop\/noticias-info-ckl-no-2859-22-03-24\/\" \/>\n<meta property=\"og:locale\" content=\"es_ES\" \/>\n<meta property=\"og:type\" content=\"article\" \/>\n<meta property=\"og:title\" content=\"Noticias Info CKL n\u00ba 2859-22\/03\/24-Comunicar con perspectiva de g\u00e9nero\" \/>\n<meta property=\"og:description\" content=\"Noticias Info CKL n\u00ba 2859-22\/03\/24 La violencia machista sigue sin freno en Espa\u00f1a y el n\u00famero de v\u00edctimas crece un 10% en 2023 * Influencia y liderazgo femenino, \u00bfun oc\u00e9ano azul? * Las cient\u00edficas lideran las investigaciones sobre la sequ\u00eda * La Academia de Bellas Artes de Par\u00eds premia a Annie Leibovitz * Condenadas por hacer periodismo\" \/>\n<meta property=\"og:url\" content=\"https:\/\/cklcomunicaciones.es\/coop\/noticias-info-ckl-no-2859-22-03-24\/\" \/>\n<meta property=\"og:site_name\" content=\"CKL Comunicaciones\" \/>\n<meta property=\"article:published_time\" content=\"2024-03-22T14:03:00+00:00\" \/>\n<meta property=\"article:modified_time\" content=\"2025-02-11T09:28:38+00:00\" \/>\n<meta property=\"og:image\" content=\"https:\/\/cklcomunicaciones.es\/coop\/wp-content\/uploads\/2025\/01\/CKL-una-mirada-distinta-de-la-comunicacion.jpg\" \/>\n\t<meta property=\"og:image:width\" content=\"1482\" \/>\n\t<meta property=\"og:image:height\" content=\"775\" \/>\n\t<meta property=\"og:image:type\" content=\"image\/jpeg\" \/>\n<meta name=\"author\" content=\"ckl\" \/>\n<meta name=\"twitter:card\" content=\"summary_large_image\" \/>\n<meta name=\"twitter:label1\" content=\"Escrito por\" \/>\n\t<meta name=\"twitter:data1\" content=\"ckl\" \/>\n\t<meta name=\"twitter:label2\" content=\"Tiempo de lectura\" \/>\n\t<meta name=\"twitter:data2\" content=\"6 minutos\" \/>\n<script type=\"application\/ld+json\" class=\"yoast-schema-graph\">{\"@context\":\"https:\\\/\\\/schema.org\",\"@graph\":[{\"@type\":\"Article\",\"@id\":\"https:\\\/\\\/cklcomunicaciones.es\\\/coop\\\/noticias-info-ckl-no-2859-22-03-24\\\/#article\",\"isPartOf\":{\"@id\":\"https:\\\/\\\/cklcomunicaciones.es\\\/coop\\\/noticias-info-ckl-no-2859-22-03-24\\\/\"},\"author\":{\"name\":\"ckl\",\"@id\":\"https:\\\/\\\/cklcomunicaciones.es\\\/coop\\\/#\\\/schema\\\/person\\\/929a6837f7626450bbb50cee1aef266e\"},\"headline\":\"Noticias Info CKL n\u00ba 2859-22\\\/03\\\/24\",\"datePublished\":\"2024-03-22T14:03:00+00:00\",\"dateModified\":\"2025-02-11T09:28:38+00:00\",\"mainEntityOfPage\":{\"@id\":\"https:\\\/\\\/cklcomunicaciones.es\\\/coop\\\/noticias-info-ckl-no-2859-22-03-24\\\/\"},\"wordCount\":1169,\"image\":{\"@id\":\"https:\\\/\\\/cklcomunicaciones.es\\\/coop\\\/noticias-info-ckl-no-2859-22-03-24\\\/#primaryimage\"},\"thumbnailUrl\":\"https:\\\/\\\/cklcomunicaciones.es\\\/coop\\\/wp-content\\\/uploads\\\/2025\\\/01\\\/CKL-una-mirada-distinta-de-la-comunicacion.jpg\",\"keywords\":[\"mujer y ciencia\",\"violencia de g\u00e9nero\"],\"articleSection\":[\"Newsletter\",\"Nwl v3.0\"],\"inLanguage\":\"es\"},{\"@type\":\"WebPage\",\"@id\":\"https:\\\/\\\/cklcomunicaciones.es\\\/coop\\\/noticias-info-ckl-no-2859-22-03-24\\\/\",\"url\":\"https:\\\/\\\/cklcomunicaciones.es\\\/coop\\\/noticias-info-ckl-no-2859-22-03-24\\\/\",\"name\":\"Noticias Info CKL n\u00ba 2859-22\\\/03\\\/24-Comunicar con perspectiva de g\u00e9nero\",\"isPartOf\":{\"@id\":\"https:\\\/\\\/cklcomunicaciones.es\\\/coop\\\/#website\"},\"primaryImageOfPage\":{\"@id\":\"https:\\\/\\\/cklcomunicaciones.es\\\/coop\\\/noticias-info-ckl-no-2859-22-03-24\\\/#primaryimage\"},\"image\":{\"@id\":\"https:\\\/\\\/cklcomunicaciones.es\\\/coop\\\/noticias-info-ckl-no-2859-22-03-24\\\/#primaryimage\"},\"thumbnailUrl\":\"https:\\\/\\\/cklcomunicaciones.es\\\/coop\\\/wp-content\\\/uploads\\\/2025\\\/01\\\/CKL-una-mirada-distinta-de-la-comunicacion.jpg\",\"datePublished\":\"2024-03-22T14:03:00+00:00\",\"dateModified\":\"2025-02-11T09:28:38+00:00\",\"author\":{\"@id\":\"https:\\\/\\\/cklcomunicaciones.es\\\/coop\\\/#\\\/schema\\\/person\\\/929a6837f7626450bbb50cee1aef266e\"},\"description\":\"Noticias Info CKL n\u00ba 2859-22\\\/03\\\/24 La violencia machista sigue sin freno en Espa\u00f1a y el n\u00famero de v\u00edctimas crece un 10% en 2023 * Influencia y liderazgo femenino, \u00bfun oc\u00e9ano azul? * Las cient\u00edficas lideran las investigaciones sobre la sequ\u00eda * La Academia de Bellas Artes de Par\u00eds premia a Annie Leibovitz * Condenadas por hacer periodismo\",\"breadcrumb\":{\"@id\":\"https:\\\/\\\/cklcomunicaciones.es\\\/coop\\\/noticias-info-ckl-no-2859-22-03-24\\\/#breadcrumb\"},\"inLanguage\":\"es\",\"potentialAction\":[{\"@type\":\"ReadAction\",\"target\":[\"https:\\\/\\\/cklcomunicaciones.es\\\/coop\\\/noticias-info-ckl-no-2859-22-03-24\\\/\"]}]},{\"@type\":\"ImageObject\",\"inLanguage\":\"es\",\"@id\":\"https:\\\/\\\/cklcomunicaciones.es\\\/coop\\\/noticias-info-ckl-no-2859-22-03-24\\\/#primaryimage\",\"url\":\"https:\\\/\\\/cklcomunicaciones.es\\\/coop\\\/wp-content\\\/uploads\\\/2025\\\/01\\\/CKL-una-mirada-distinta-de-la-comunicacion.jpg\",\"contentUrl\":\"https:\\\/\\\/cklcomunicaciones.es\\\/coop\\\/wp-content\\\/uploads\\\/2025\\\/01\\\/CKL-una-mirada-distinta-de-la-comunicacion.jpg\",\"width\":1482,\"height\":775,\"caption\":\"CKL - una mirada distinta de la comunicacion\"},{\"@type\":\"BreadcrumbList\",\"@id\":\"https:\\\/\\\/cklcomunicaciones.es\\\/coop\\\/noticias-info-ckl-no-2859-22-03-24\\\/#breadcrumb\",\"itemListElement\":[{\"@type\":\"ListItem\",\"position\":1,\"name\":\"Portada\",\"item\":\"https:\\\/\\\/cklcomunicaciones.es\\\/coop\\\/\"},{\"@type\":\"ListItem\",\"position\":2,\"name\":\"Noticias Info CKL n\u00ba 2859-22\\\/03\\\/24\"}]},{\"@type\":\"WebSite\",\"@id\":\"https:\\\/\\\/cklcomunicaciones.es\\\/coop\\\/#website\",\"url\":\"https:\\\/\\\/cklcomunicaciones.es\\\/coop\\\/\",\"name\":\"CKL Comunicaciones\",\"description\":\"Sitio web de CKL Comunicaciones coop , la consultora de comunicaci\u00f3n y estrategia\",\"potentialAction\":[{\"@type\":\"SearchAction\",\"target\":{\"@type\":\"EntryPoint\",\"urlTemplate\":\"https:\\\/\\\/cklcomunicaciones.es\\\/coop\\\/?s={search_term_string}\"},\"query-input\":{\"@type\":\"PropertyValueSpecification\",\"valueRequired\":true,\"valueName\":\"search_term_string\"}}],\"inLanguage\":\"es\"},{\"@type\":\"Person\",\"@id\":\"https:\\\/\\\/cklcomunicaciones.es\\\/coop\\\/#\\\/schema\\\/person\\\/929a6837f7626450bbb50cee1aef266e\",\"name\":\"ckl\",\"image\":{\"@type\":\"ImageObject\",\"inLanguage\":\"es\",\"@id\":\"https:\\\/\\\/secure.gravatar.com\\\/avatar\\\/c82db564e8a669bf6023357a157b9dc4780f4d4c618f2ad1d71a6a5dede45057?s=96&d=mm&r=g\",\"url\":\"https:\\\/\\\/secure.gravatar.com\\\/avatar\\\/c82db564e8a669bf6023357a157b9dc4780f4d4c618f2ad1d71a6a5dede45057?s=96&d=mm&r=g\",\"contentUrl\":\"https:\\\/\\\/secure.gravatar.com\\\/avatar\\\/c82db564e8a669bf6023357a157b9dc4780f4d4c618f2ad1d71a6a5dede45057?s=96&d=mm&r=g\",\"caption\":\"ckl\"},\"url\":\"https:\\\/\\\/cklcomunicaciones.es\\\/coop\\\/author\\\/cklcomunicaciones\\\/\"}]}<\/script>\n<!-- \/ Yoast SEO plugin. -->","yoast_head_json":{"title":"Noticias Info CKL n\u00ba 2859-22\/03\/24-Comunicar con perspectiva de g\u00e9nero","description":"Noticias Info CKL n\u00ba 2859-22\/03\/24 La violencia machista sigue sin freno en Espa\u00f1a y el n\u00famero de v\u00edctimas crece un 10% en 2023 * Influencia y liderazgo femenino, \u00bfun oc\u00e9ano azul? * Las cient\u00edficas lideran las investigaciones sobre la sequ\u00eda * La Academia de Bellas Artes de Par\u00eds premia a Annie Leibovitz * Condenadas por hacer periodismo","robots":{"index":"index","follow":"follow","max-snippet":"max-snippet:-1","max-image-preview":"max-image-preview:large","max-video-preview":"max-video-preview:-1"},"canonical":"https:\/\/cklcomunicaciones.es\/coop\/noticias-info-ckl-no-2859-22-03-24\/","og_locale":"es_ES","og_type":"article","og_title":"Noticias Info CKL n\u00ba 2859-22\/03\/24-Comunicar con perspectiva de g\u00e9nero","og_description":"Noticias Info CKL n\u00ba 2859-22\/03\/24 La violencia machista sigue sin freno en Espa\u00f1a y el n\u00famero de v\u00edctimas crece un 10% en 2023 * Influencia y liderazgo femenino, \u00bfun oc\u00e9ano azul? * Las cient\u00edficas lideran las investigaciones sobre la sequ\u00eda * La Academia de Bellas Artes de Par\u00eds premia a Annie Leibovitz * Condenadas por hacer periodismo","og_url":"https:\/\/cklcomunicaciones.es\/coop\/noticias-info-ckl-no-2859-22-03-24\/","og_site_name":"CKL Comunicaciones","article_published_time":"2024-03-22T14:03:00+00:00","article_modified_time":"2025-02-11T09:28:38+00:00","og_image":[{"width":1482,"height":775,"url":"https:\/\/cklcomunicaciones.es\/coop\/wp-content\/uploads\/2025\/01\/CKL-una-mirada-distinta-de-la-comunicacion.jpg","type":"image\/jpeg"}],"author":"ckl","twitter_card":"summary_large_image","twitter_misc":{"Escrito por":"ckl","Tiempo de lectura":"6 minutos"},"schema":{"@context":"https:\/\/schema.org","@graph":[{"@type":"Article","@id":"https:\/\/cklcomunicaciones.es\/coop\/noticias-info-ckl-no-2859-22-03-24\/#article","isPartOf":{"@id":"https:\/\/cklcomunicaciones.es\/coop\/noticias-info-ckl-no-2859-22-03-24\/"},"author":{"name":"ckl","@id":"https:\/\/cklcomunicaciones.es\/coop\/#\/schema\/person\/929a6837f7626450bbb50cee1aef266e"},"headline":"Noticias Info CKL n\u00ba 2859-22\/03\/24","datePublished":"2024-03-22T14:03:00+00:00","dateModified":"2025-02-11T09:28:38+00:00","mainEntityOfPage":{"@id":"https:\/\/cklcomunicaciones.es\/coop\/noticias-info-ckl-no-2859-22-03-24\/"},"wordCount":1169,"image":{"@id":"https:\/\/cklcomunicaciones.es\/coop\/noticias-info-ckl-no-2859-22-03-24\/#primaryimage"},"thumbnailUrl":"https:\/\/cklcomunicaciones.es\/coop\/wp-content\/uploads\/2025\/01\/CKL-una-mirada-distinta-de-la-comunicacion.jpg","keywords":["mujer y ciencia","violencia de g\u00e9nero"],"articleSection":["Newsletter","Nwl v3.0"],"inLanguage":"es"},{"@type":"WebPage","@id":"https:\/\/cklcomunicaciones.es\/coop\/noticias-info-ckl-no-2859-22-03-24\/","url":"https:\/\/cklcomunicaciones.es\/coop\/noticias-info-ckl-no-2859-22-03-24\/","name":"Noticias Info CKL n\u00ba 2859-22\/03\/24-Comunicar con perspectiva de g\u00e9nero","isPartOf":{"@id":"https:\/\/cklcomunicaciones.es\/coop\/#website"},"primaryImageOfPage":{"@id":"https:\/\/cklcomunicaciones.es\/coop\/noticias-info-ckl-no-2859-22-03-24\/#primaryimage"},"image":{"@id":"https:\/\/cklcomunicaciones.es\/coop\/noticias-info-ckl-no-2859-22-03-24\/#primaryimage"},"thumbnailUrl":"https:\/\/cklcomunicaciones.es\/coop\/wp-content\/uploads\/2025\/01\/CKL-una-mirada-distinta-de-la-comunicacion.jpg","datePublished":"2024-03-22T14:03:00+00:00","dateModified":"2025-02-11T09:28:38+00:00","author":{"@id":"https:\/\/cklcomunicaciones.es\/coop\/#\/schema\/person\/929a6837f7626450bbb50cee1aef266e"},"description":"Noticias Info CKL n\u00ba 2859-22\/03\/24 La violencia machista sigue sin freno en Espa\u00f1a y el n\u00famero de v\u00edctimas crece un 10% en 2023 * Influencia y liderazgo femenino, \u00bfun oc\u00e9ano azul? * Las cient\u00edficas lideran las investigaciones sobre la sequ\u00eda * La Academia de Bellas Artes de Par\u00eds premia a Annie Leibovitz * Condenadas por hacer periodismo","breadcrumb":{"@id":"https:\/\/cklcomunicaciones.es\/coop\/noticias-info-ckl-no-2859-22-03-24\/#breadcrumb"},"inLanguage":"es","potentialAction":[{"@type":"ReadAction","target":["https:\/\/cklcomunicaciones.es\/coop\/noticias-info-ckl-no-2859-22-03-24\/"]}]},{"@type":"ImageObject","inLanguage":"es","@id":"https:\/\/cklcomunicaciones.es\/coop\/noticias-info-ckl-no-2859-22-03-24\/#primaryimage","url":"https:\/\/cklcomunicaciones.es\/coop\/wp-content\/uploads\/2025\/01\/CKL-una-mirada-distinta-de-la-comunicacion.jpg","contentUrl":"https:\/\/cklcomunicaciones.es\/coop\/wp-content\/uploads\/2025\/01\/CKL-una-mirada-distinta-de-la-comunicacion.jpg","width":1482,"height":775,"caption":"CKL - una mirada distinta de la comunicacion"},{"@type":"BreadcrumbList","@id":"https:\/\/cklcomunicaciones.es\/coop\/noticias-info-ckl-no-2859-22-03-24\/#breadcrumb","itemListElement":[{"@type":"ListItem","position":1,"name":"Portada","item":"https:\/\/cklcomunicaciones.es\/coop\/"},{"@type":"ListItem","position":2,"name":"Noticias Info CKL n\u00ba 2859-22\/03\/24"}]},{"@type":"WebSite","@id":"https:\/\/cklcomunicaciones.es\/coop\/#website","url":"https:\/\/cklcomunicaciones.es\/coop\/","name":"CKL Comunicaciones","description":"Sitio web de CKL Comunicaciones coop , la consultora de comunicaci\u00f3n y estrategia","potentialAction":[{"@type":"SearchAction","target":{"@type":"EntryPoint","urlTemplate":"https:\/\/cklcomunicaciones.es\/coop\/?s={search_term_string}"},"query-input":{"@type":"PropertyValueSpecification","valueRequired":true,"valueName":"search_term_string"}}],"inLanguage":"es"},{"@type":"Person","@id":"https:\/\/cklcomunicaciones.es\/coop\/#\/schema\/person\/929a6837f7626450bbb50cee1aef266e","name":"ckl","image":{"@type":"ImageObject","inLanguage":"es","@id":"https:\/\/secure.gravatar.com\/avatar\/c82db564e8a669bf6023357a157b9dc4780f4d4c618f2ad1d71a6a5dede45057?s=96&d=mm&r=g","url":"https:\/\/secure.gravatar.com\/avatar\/c82db564e8a669bf6023357a157b9dc4780f4d4c618f2ad1d71a6a5dede45057?s=96&d=mm&r=g","contentUrl":"https:\/\/secure.gravatar.com\/avatar\/c82db564e8a669bf6023357a157b9dc4780f4d4c618f2ad1d71a6a5dede45057?s=96&d=mm&r=g","caption":"ckl"},"url":"https:\/\/cklcomunicaciones.es\/coop\/author\/cklcomunicaciones\/"}]}},"_links":{"self":[{"href":"https:\/\/cklcomunicaciones.es\/coop\/wp-json\/wp\/v2\/posts\/22080","targetHints":{"allow":["GET"]}}],"collection":[{"href":"https:\/\/cklcomunicaciones.es\/coop\/wp-json\/wp\/v2\/posts"}],"about":[{"href":"https:\/\/cklcomunicaciones.es\/coop\/wp-json\/wp\/v2\/types\/post"}],"author":[{"embeddable":true,"href":"https:\/\/cklcomunicaciones.es\/coop\/wp-json\/wp\/v2\/users\/3"}],"replies":[{"embeddable":true,"href":"https:\/\/cklcomunicaciones.es\/coop\/wp-json\/wp\/v2\/comments?post=22080"}],"version-history":[{"count":0,"href":"https:\/\/cklcomunicaciones.es\/coop\/wp-json\/wp\/v2\/posts\/22080\/revisions"}],"wp:featuredmedia":[{"embeddable":true,"href":"https:\/\/cklcomunicaciones.es\/coop\/wp-json\/wp\/v2\/media\/22909"}],"wp:attachment":[{"href":"https:\/\/cklcomunicaciones.es\/coop\/wp-json\/wp\/v2\/media?parent=22080"}],"wp:term":[{"taxonomy":"category","embeddable":true,"href":"https:\/\/cklcomunicaciones.es\/coop\/wp-json\/wp\/v2\/categories?post=22080"},{"taxonomy":"post_tag","embeddable":true,"href":"https:\/\/cklcomunicaciones.es\/coop\/wp-json\/wp\/v2\/tags?post=22080"}],"curies":[{"name":"wp","href":"https:\/\/api.w.org\/{rel}","templated":true}]}}