{"id":22076,"date":"2024-03-08T13:55:43","date_gmt":"2024-03-08T12:55:43","guid":{"rendered":"https:\/\/www.cklcomunicaciones.es\/?p=20975"},"modified":"2025-02-11T10:14:47","modified_gmt":"2025-02-11T09:14:47","slug":"noticias-info-ckl-no-2855-08-03-24","status":"publish","type":"post","link":"https:\/\/cklcomunicaciones.es\/coop\/noticias-info-ckl-no-2855-08-03-24\/","title":{"rendered":"Noticias Info CKL n\u00ba 2855-08\/03\/24"},"content":{"rendered":"<div class=\"fusion-fullwidth fullwidth-box fusion-builder-row-1 fusion-flex-container nonhundred-percent-fullwidth non-hundred-percent-height-scrolling\" style=\"--awb-border-radius-top-left:0px;--awb-border-radius-top-right:0px;--awb-border-radius-bottom-right:0px;--awb-border-radius-bottom-left:0px;--awb-flex-wrap:wrap;\" ><div class=\"fusion-builder-row fusion-row fusion-flex-align-items-flex-start fusion-flex-content-wrap\" style=\"max-width:1248px;margin-left: calc(-4% \/ 2 );margin-right: calc(-4% \/ 2 );\"><div class=\"fusion-layout-column fusion_builder_column fusion-builder-column-0 fusion_builder_column_1_1 1_1 fusion-flex-column\" style=\"--awb-bg-blend:overlay;--awb-bg-size:cover;--awb-width-large:100%;--awb-margin-top-large:0px;--awb-spacing-right-large:1.92%;--awb-margin-bottom-large:0px;--awb-spacing-left-large:1.92%;--awb-width-medium:100%;--awb-spacing-right-medium:1.92%;--awb-spacing-left-medium:1.92%;--awb-width-small:100%;--awb-spacing-right-small:1.92%;--awb-spacing-left-small:1.92%;\"><div class=\"fusion-column-wrapper fusion-flex-justify-content-flex-start fusion-content-layout-column\"><div class=\"fusion-text fusion-text-1\"><h1>Manifestaciones 8M<\/h1>\n<div id=\"\" class=\"lsow-panel lsow-active\">\n<div class=\"lsow-panel-content\">\n<ul>\n<li><a href=\"https:\/\/www.msn.com\/es-es\/noticias\/espana\/manifestaciones-por-el-8m-horarios-y-recorrido-en-las-principales-ciudades-de-espa%C3%B1a\/ar-BB1jsWFl\">Manifestaciones por el 8M: horarios y recorrido en las principales ciudades de Espa\u00f1a (msn.com)<\/a><\/li>\n<\/ul>\n<\/div>\n<\/div>\n<div id=\"\" class=\"lsow-panel lsow-active\">\n<h1 class=\"lsow-panel-title\">Convocatorias<\/h1>\n<div class=\"lsow-panel-content\">\n<ul>\n<li><a href=\"http:\/\/www.juntadeandalucia.es\/institutodelamujer\/catalogo\/doc\/convocatorias\/2024-iam\/guia_8M_2024.pdf\" target=\"_blank\" rel=\"noopener\" data-saferedirecturl=\"https:\/\/www.google.com\/url?q=http:\/\/www.juntadeandalucia.es\/institutodelamujer\/catalogo\/doc\/convocatorias\/2024-iam\/guia_8M_2024.pdf&amp;source=gmail&amp;ust=1709828526350000&amp;usg=AOvVaw0imBYai0HHDQ-oZih3VFRF\">Gu\u00eda de recursos por el 8 de Marzo &#8211; D\u00eda Internacional de las Mujeres 2024<\/a><\/li>\n<li><a href=\"http:\/\/www.juntadeandalucia.es\/iam\/catalogo\/doc\/convocatorias\/2024-genero\/EL-formacion-empresas-igualdad.jpg\" target=\"_blank\" rel=\"noopener prettyPhoto&#091;20975&#093;\" data-saferedirecturl=\"https:\/\/www.google.com\/url?q=http:\/\/www.juntadeandalucia.es\/iam\/catalogo\/doc\/convocatorias\/2024-genero\/EL-formacion-empresas-igualdad.jpg&amp;source=gmail&amp;ust=1709827626265000&amp;usg=AOvVaw0I7mS8Vg1kvmn_NtkL1v4p\">Formaci\u00f3n: \u201cObligaciones en materia de igualdad para empresas\u201d<\/a>. 8\u00a0de marzo.<a href=\"https:\/\/plataforma.sevillaemprendedora.org\/welcome\/matricula\" target=\"_blank\" rel=\"noopener\" data-saferedirecturl=\"https:\/\/www.google.com\/url?q=https:\/\/plataforma.sevillaemprendedora.org\/welcome\/matricula&amp;source=gmail&amp;ust=1709827626265000&amp;usg=AOvVaw3IIEbp1yE65wf22PMXlS-o\">\u00a0Inscripciones.<\/a><\/li>\n<li><a href=\"https:\/\/trabajosocialsevilla.es\/curso-violencia-contra-mujeres-desde-perspectiva-social-2aedicion\/\" target=\"_blank\" rel=\"noopener\" data-saferedirecturl=\"https:\/\/www.google.com\/url?q=https:\/\/trabajosocialsevilla.es\/curso-violencia-contra-mujeres-desde-perspectiva-social-2aedicion\/&amp;source=gmail&amp;ust=1709827626265000&amp;usg=AOvVaw1PpNDuiWj88_O_sq3M9KXR\">Curso \u00abViolencia contra las mujeres desde una perspectiva social. Sensibilizaci\u00f3n y medidas de protecci\u00f3n\u00bb<\/a>. Colegio Oficial de Trabajo Social de Sevilla.\u00a0Del 12 de marzo al 15\u00a0de\u00a0abril de\u00a02024.\u00a0<a href=\"https:\/\/www.cgtrabajosocial.es\/sevilla\/inscripciones\/add\/2485\" target=\"_blank\" rel=\"noopener\" data-saferedirecturl=\"https:\/\/www.google.com\/url?q=https:\/\/www.cgtrabajosocial.es\/sevilla\/inscripciones\/add\/2485&amp;source=gmail&amp;ust=1709827626265000&amp;usg=AOvVaw2BZpYVLWyxeK8fISN4vma_\">Inscripciones.<\/a><\/li>\n<li><a href=\"http:\/\/www.juntadeandalucia.es\/iam\/catalogo\/doc\/convocatorias\/2024-genero\/EL-manifestacion-8m.png\" target=\"_blank\" rel=\"noopener prettyPhoto&#091;20975&#093;\" data-saferedirecturl=\"https:\/\/www.google.com\/url?q=http:\/\/www.juntadeandalucia.es\/iam\/catalogo\/doc\/convocatorias\/2024-genero\/EL-manifestacion-8m.png&amp;source=gmail&amp;ust=1709827626266000&amp;usg=AOvVaw00T7EfL5awdGpRoWua8-LV\">Manifestaci\u00f3n 8 de marzo<\/a>.\u00a0Plataforma 8 de marzo. 8 de marzo. 20\u00a0h<\/li>\n<li><a href=\"https:\/\/www.somajasa.es\/index.php?opcionSelec=519\" target=\"_blank\" rel=\"noopener\" data-saferedirecturl=\"https:\/\/www.google.com\/url?q=https:\/\/www.somajasa.es\/index.php?opcionSelec%3D519&amp;source=gmail&amp;ust=1709827626266000&amp;usg=AOvVaw0tj-YYWl1hhpJsF-Xs5-pm\">V Foro de Empresas Comprometidas con la Igualdad<\/a>. Somojasa. 7 de marzo. De 9:15 a 13 h.\u00a0<a href=\"https:\/\/forms.office.com\/pages\/responsepage.aspx?id=yA15vhjfO0qAFx7aQQYQ75yPgAtR3ARCrO3CBtuT7TRUMjEyTlI3OE9ISVNYNk4xTlhLVjI5TDdEQS4u&amp;origin=lprLink\" target=\"_blank\" rel=\"noopener\" data-saferedirecturl=\"https:\/\/www.google.com\/url?q=https:\/\/forms.office.com\/pages\/responsepage.aspx?id%3DyA15vhjfO0qAFx7aQQYQ75yPgAtR3ARCrO3CBtuT7TRUMjEyTlI3OE9ISVNYNk4xTlhLVjI5TDdEQS4u%26origin%3DlprLink&amp;source=gmail&amp;ust=1709827626266000&amp;usg=AOvVaw37CeWVt39Ufu7AWfOmkED5\">Inscripciones.<\/a><\/li>\n<li>\u00a0<a href=\"https:\/\/alcalalareal.es\/2024\/02\/21\/convocado-el-xv-certamen-de-cuentos-por-la-igualdad\/\">Convocado el XV certamen de cuentos por la igualdad \u2013 Ayuntamiento de Alcal\u00e1 la Real (alcalalareal.es)<\/a><\/li>\n<\/ul>\n<\/div>\n<\/div>\n<div id=\"\" class=\"lsow-panel lsow-active\">\n<h1 class=\"lsow-panel-title\">Comunicaci\u00f3n, Publicidad y TICs<\/h1>\n<div class=\"lsow-panel-content\">\n<p>El rap feminista de las mujeres mayores para el 8M y para todos los d\u00edas-<a href=\"https:\/\/www.youtube.com\/watch?v=32_N25f5Gws\">https:\/\/www.youtube.com\/watch?v=32_N25f5Gws<\/a><br \/>\n<a href=\"https:\/\/www.google.com\/url?rct=j&amp;sa=t&amp;url=https:\/\/www.eldiario.es\/sevilla\/guia-ceguera-genero-medios-periodismo-no-neutral-violencia-machista_1_10979992.html&amp;ct=ga&amp;cd=CAEYASoUMTM3NzcwMTAwMTQ5MjU2MTM2NDQyGWUxZTc3ZDE1NjA5OGE4ZTM6ZXM6ZXM6RVM&amp;usg=AOvVaw0H_nN1RxEubk1CmfAC3cID\" target=\"_blank\" rel=\"noopener\" data-saferedirecturl=\"https:\/\/www.google.com\/url?q=https:\/\/www.google.com\/url?rct%3Dj%26sa%3Dt%26url%3Dhttps:\/\/www.eldiario.es\/sevilla\/guia-ceguera-genero-medios-periodismo-no-neutral-violencia-machista_1_10979992.html%26ct%3Dga%26cd%3DCAEYASoUMTM3NzcwMTAwMTQ5MjU2MTM2NDQyGWUxZTc3ZDE1NjA5OGE4ZTM6ZXM6ZXM6RVM%26usg%3DAOvVaw0H_nN1RxEubk1CmfAC3cID&amp;source=gmail&amp;ust=1709913843998000&amp;usg=AOvVaw3ugGp0qseD-kHIfhPxOYSR\">Una gu\u00eda contra la \u00abceguera de g\u00e9nero\u00bb en los medios: \u00abEl periodismo no puede ser neutral &#8230;-\u00a0<\/a><a>El Diario<br \/>\n<\/a><a href=\"https:\/\/www.google.com\/url?rct=j&amp;sa=t&amp;url=https:\/\/www.us.es\/eventos\/agenda\/presentacion-del-libro-tratamiento-etico-de-la-violencia-de-genero-en-los-medios&amp;ct=ga&amp;cd=CAEYCyoUMTAyNzI0Njc4Mzc1OTAxOTU1MDMyGTU5ZDc4MTcxMzZhMmQwMjg6ZXM6ZXM6RVM&amp;usg=AOvVaw2VfMP386B3Di6sxL1raMYk\" target=\"_blank\" rel=\"noopener\" data-saferedirecturl=\"https:\/\/www.google.com\/url?q=https:\/\/www.google.com\/url?rct%3Dj%26sa%3Dt%26url%3Dhttps:\/\/www.us.es\/eventos\/agenda\/presentacion-del-libro-tratamiento-etico-de-la-violencia-de-genero-en-los-medios%26ct%3Dga%26cd%3DCAEYCyoUMTAyNzI0Njc4Mzc1OTAxOTU1MDMyGTU5ZDc4MTcxMzZhMmQwMjg6ZXM6ZXM6RVM%26usg%3DAOvVaw2VfMP386B3Di6sxL1raMYk&amp;source=gmail&amp;ust=1709827596736000&amp;usg=AOvVaw2pa6Ype4nJAVV1iTcwP6O1\">Presentaci\u00f3n del libro &#8216;Tratamiento \u00e9tico de la violencia de\u00a0g\u00e9nero en los medios&#8217;-\u00a0<\/a><a>Universidad de Sevilla<br \/>\n<\/a><a href=\"https:\/\/www.google.com\/url?rct=j&amp;sa=t&amp;url=https:\/\/elpais.com\/sociedad\/2024-03-05\/las-noticias-que-niegan-la-violencia-machista-multiplican-por-cuatro-su-impacto-en-redes.html&amp;ct=ga&amp;cd=CAEYACoUMTA4MjEyMTE2NzY1MjU3ODc0NTgyGWUyZGVmYTdkNWRhOTE1N2Q6ZXM6ZXM6RVM&amp;usg=AOvVaw2CnByCT-fi-Eu2jNCUq1-p\" target=\"_blank\" rel=\"noopener\" data-saferedirecturl=\"https:\/\/www.google.com\/url?q=https:\/\/www.google.com\/url?rct%3Dj%26sa%3Dt%26url%3Dhttps:\/\/elpais.com\/sociedad\/2024-03-05\/las-noticias-que-niegan-la-violencia-machista-multiplican-por-cuatro-su-impacto-en-redes.html%26ct%3Dga%26cd%3DCAEYACoUMTA4MjEyMTE2NzY1MjU3ODc0NTgyGWUyZGVmYTdkNWRhOTE1N2Q6ZXM6ZXM6RVM%26usg%3DAOvVaw2CnByCT-fi-Eu2jNCUq1-p&amp;source=gmail&amp;ust=1709827621789000&amp;usg=AOvVaw3Z5KvZ5LaZXs-8YtZQQs1n\">Las noticias que niegan la\u00a0violencia machista multiplican por cuatro su impacto en redes-\u00a0<\/a><a>elpais<br \/>\n<\/a><a href=\"https:\/\/www.google.com\/url?rct=j&amp;sa=t&amp;url=https:\/\/www.dicyt.com\/noticias\/la-brecha-de-genero-tambien-esta-presente-en-la-wikipedia&amp;ct=ga&amp;cd=CAEYECoUMTAyNzI0Njc4Mzc1OTAxOTU1MDMyGTU5ZDc4MTcxMzZhMmQwMjg6ZXM6ZXM6RVM&amp;usg=AOvVaw3WS0NTLrX2aoxAjbeD8wRi\" target=\"_blank\" rel=\"noopener\" data-saferedirecturl=\"https:\/\/www.google.com\/url?q=https:\/\/www.google.com\/url?rct%3Dj%26sa%3Dt%26url%3Dhttps:\/\/www.dicyt.com\/noticias\/la-brecha-de-genero-tambien-esta-presente-en-la-wikipedia%26ct%3Dga%26cd%3DCAEYECoUMTAyNzI0Njc4Mzc1OTAxOTU1MDMyGTU5ZDc4MTcxMzZhMmQwMjg6ZXM6ZXM6RVM%26usg%3DAOvVaw3WS0NTLrX2aoxAjbeD8wRi&amp;source=gmail&amp;ust=1709827596737000&amp;usg=AOvVaw0o3QAn4ydOJdJnB6q_5Acu\">La brecha de\u00a0g\u00e9nero tambi\u00e9n est\u00e1 presente en la Wikipedia &#8211;\u00a0<\/a><a>DiCYT<br \/>\n<\/a><a href=\"https:\/\/www.google.com\/url?rct=j&amp;sa=t&amp;url=https:\/\/www.ondacero.es\/emisoras\/andalucia\/almeria\/noticias\/onda-cero-almeria-premio-meridiana-labor-defensa-igualdad_2024030565e71f89dac8310001f3c0c5.html&amp;ct=ga&amp;cd=CAEYAyoTNDM0ODg1MzczMjMzMjE5MDI0OTIZYzAzNzJlYmMyZmVhZGE1OTplczplczpFUw&amp;usg=AOvVaw1X8uPLXbt3CUb9-CxYZb10\" target=\"_blank\" rel=\"noopener\" data-saferedirecturl=\"https:\/\/www.google.com\/url?q=https:\/\/www.google.com\/url?rct%3Dj%26sa%3Dt%26url%3Dhttps:\/\/www.ondacero.es\/emisoras\/andalucia\/almeria\/noticias\/onda-cero-almeria-premio-meridiana-labor-defensa-igualdad_2024030565e71f89dac8310001f3c0c5.html%26ct%3Dga%26cd%3DCAEYAyoTNDM0ODg1MzczMjMzMjE5MDI0OTIZYzAzNzJlYmMyZmVhZGE1OTplczplczpFUw%26usg%3DAOvVaw1X8uPLXbt3CUb9-CxYZb10&amp;source=gmail&amp;ust=1709827622512000&amp;usg=AOvVaw3xIJRaM-PTn5JU9YuGVMEi\">Onda Cero Almer\u00eda, Premio Meridiana por su labor en defensa de la igualdad-\u00a0<\/a><a>Onda Cero<br \/>\n<\/a><a href=\"https:\/\/www.google.com\/url?rct=j&amp;sa=t&amp;url=https:\/\/www.lanocion.es\/granada\/20240307\/una-investigacion-de-la-ugr-analiza-miles-de-mensa-5198.html&amp;ct=ga&amp;cd=CAEYBioUMTYxNjI5NzU1MTczMDA5MDAxMTcyGWUyZGVmYTdkNWRhOTE1N2Q6ZXM6ZXM6RVM&amp;usg=AOvVaw1Wqe2T5RH3JeIg1C81ckoh\" target=\"_blank\" rel=\"noopener\" data-saferedirecturl=\"https:\/\/www.google.com\/url?q=https:\/\/www.google.com\/url?rct%3Dj%26sa%3Dt%26url%3Dhttps:\/\/www.lanocion.es\/granada\/20240307\/una-investigacion-de-la-ugr-analiza-miles-de-mensa-5198.html%26ct%3Dga%26cd%3DCAEYBioUMTYxNjI5NzU1MTczMDA5MDAxMTcyGWUyZGVmYTdkNWRhOTE1N2Q6ZXM6ZXM6RVM%26usg%3DAOvVaw1Wqe2T5RH3JeIg1C81ckoh&amp;source=gmail&amp;ust=1709913843834000&amp;usg=AOvVaw1LhWpd4q6qJWmqSO95wC02\">Una investigaci\u00f3n de la UGR analiza miles de mensajes en redes e identifica &#8211;\u00a0<\/a><a>La Noci\u00f3n<br \/>\n<\/a><a href=\"https:\/\/www.google.com\/url?rct=j&amp;sa=t&amp;url=https:\/\/www.elespanol.com\/invertia\/disruptores-innovadores\/innovadores\/investigacion\/20240308\/inteligencia-artificial-construyen-hombres-gran-brecha-genero-momento\/836166609_0.html&amp;ct=ga&amp;cd=CAEYACoUMTE1Mzg3ODY1MzU1OTU0ODY5MDAyGTU5ZDc4MTcxMzZhMmQwMjg6ZXM6ZXM6RVM&amp;usg=AOvVaw2ErWY51Cf0GwMvhElJDsA3\" target=\"_blank\" rel=\"noopener\" data-saferedirecturl=\"https:\/\/www.google.com\/url?q=https:\/\/www.google.com\/url?rct%3Dj%26sa%3Dt%26url%3Dhttps:\/\/www.elespanol.com\/invertia\/disruptores-innovadores\/innovadores\/investigacion\/20240308\/inteligencia-artificial-construyen-hombres-gran-brecha-genero-momento\/836166609_0.html%26ct%3Dga%26cd%3DCAEYACoUMTE1Mzg3ODY1MzU1OTU0ODY5MDAyGTU5ZDc4MTcxMzZhMmQwMjg6ZXM6ZXM6RVM%26usg%3DAOvVaw2ErWY51Cf0GwMvhElJDsA3&amp;source=gmail&amp;ust=1709969498404000&amp;usg=AOvVaw2tAUChr_zGGO5lKK6wwqv3\">La inteligencia artificial tambi\u00e9n la construyen hombres: as\u00ed es la gran brecha de\u00a0g\u00e9nero del &#8230;-<\/a><a>El Espa\u00f1ol<br \/>\n<\/a><a href=\"https:\/\/www.google.com\/url?rct=j&amp;sa=t&amp;url=https:\/\/euroefe.euractiv.es\/section\/ciberseguridad\/news\/la-ue-acuerda-crear-un-sistema-europeo-de-alerta-ante-ataques-de-ciberseguridad\/&amp;ct=ga&amp;cd=CAEYASoUMTUwMzQzODAwOTEyMTE4MTQ2NDMyGTFmYWEzNjRkM2QxMTIyMWI6ZXM6ZXM6RVM&amp;usg=AOvVaw1VbyrDwSXfehK2n4WISCBb\" target=\"_blank\" rel=\"noopener\" data-saferedirecturl=\"https:\/\/www.google.com\/url?q=https:\/\/www.google.com\/url?rct%3Dj%26sa%3Dt%26url%3Dhttps:\/\/euroefe.euractiv.es\/section\/ciberseguridad\/news\/la-ue-acuerda-crear-un-sistema-europeo-de-alerta-ante-ataques-de-ciberseguridad\/%26ct%3Dga%26cd%3DCAEYASoUMTUwMzQzODAwOTEyMTE4MTQ2NDMyGTFmYWEzNjRkM2QxMTIyMWI6ZXM6ZXM6RVM%26usg%3DAOvVaw1VbyrDwSXfehK2n4WISCBb&amp;source=gmail&amp;ust=1709827625953000&amp;usg=AOvVaw0zZKzHtBQkDXF7XXh8Alzh\">La UE acuerda crear un \u00absistema europeo de alerta\u00bb ante ataques de ciberseguridad-\u00a0<\/a><a>EuroEFE<\/a><\/p>\n<\/div>\n<\/div>\n<div id=\"\" class=\"lsow-panel lsow-active\">\n<h1 class=\"lsow-panel-title\">Andaluc\u00eda<\/h1>\n<div class=\"lsow-panel-content\">\n<div class=\"source set_top\">\n<div data-priority=\"2\" aria-hidden=\"true\">\n<p><strong>Institucional<br \/>\n<\/strong><a href=\"https:\/\/www.google.com\/url?rct=j&amp;sa=t&amp;url=https:\/\/www.juntadeandalucia.es\/presidencia\/portavoz\/191199\/moreno\/igualdad\/genero\/asunto\/debe\/servir\/unir\/compartido&amp;ct=ga&amp;cd=CAEYACoUMTAxMDY2MjAwNDEyNDA2NTI2ODYyGWQ3OGU1ODc1YTBmMWYyYWM6ZXM6ZXM6RVM&amp;usg=AOvVaw349Izk46tmV7MZRdkk0vS7\" target=\"_blank\" rel=\"noopener\" data-saferedirecturl=\"https:\/\/www.google.com\/url?q=https:\/\/www.google.com\/url?rct%3Dj%26sa%3Dt%26url%3Dhttps:\/\/www.juntadeandalucia.es\/presidencia\/portavoz\/191199\/moreno\/igualdad\/genero\/asunto\/debe\/servir\/unir\/compartido%26ct%3Dga%26cd%3DCAEYACoUMTAxMDY2MjAwNDEyNDA2NTI2ODYyGWQ3OGU1ODc1YTBmMWYyYWM6ZXM6ZXM6RVM%26usg%3DAOvVaw349Izk46tmV7MZRdkk0vS7&amp;source=gmail&amp;ust=1709969501906000&amp;usg=AOvVaw2jS-wjUCist2zZbH2-p-zx\">Moreno: \u00abLa igualdad de g\u00e9nero es un asunto de Estado que debe servir para unir y ser compartido\u00bb<\/a><strong><a href=\"https:\/\/www.google.com\/url?rct=j&amp;sa=t&amp;url=https:\/\/www.juntadeandalucia.es\/presidencia\/portavoz\/191199\/moreno\/igualdad\/genero\/asunto\/debe\/servir\/unir\/compartido&amp;ct=ga&amp;cd=CAEYACoUMTAxMDY2MjAwNDEyNDA2NTI2ODYyGWQ3OGU1ODc1YTBmMWYyYWM6ZXM6ZXM6RVM&amp;usg=AOvVaw349Izk46tmV7MZRdkk0vS7\" target=\"_blank\" rel=\"noopener\" data-saferedirecturl=\"https:\/\/www.google.com\/url?q=https:\/\/www.google.com\/url?rct%3Dj%26sa%3Dt%26url%3Dhttps:\/\/www.juntadeandalucia.es\/presidencia\/portavoz\/191199\/moreno\/igualdad\/genero\/asunto\/debe\/servir\/unir\/compartido%26ct%3Dga%26cd%3DCAEYACoUMTAxMDY2MjAwNDEyNDA2NTI2ODYyGWQ3OGU1ODc1YTBmMWYyYWM6ZXM6ZXM6RVM%26usg%3DAOvVaw349Izk46tmV7MZRdkk0vS7&amp;source=gmail&amp;ust=1709969501906000&amp;usg=AOvVaw2jS-wjUCist2zZbH2-p-zx\">&#8211;<\/a><\/strong><a>Junta de Andaluc\u00eda<br \/>\n<\/a><a href=\"https:\/\/www.google.com\/url?rct=j&amp;sa=t&amp;url=https:\/\/www.20minutos.es\/noticia\/5224283\/0\/andalucia-pide-ministerio-igualdad-que-convoque-las-comunidades-para-avanzar-un-pacto-nacional-por-corresponsabilidad\/&amp;ct=ga&amp;cd=CAEYACoUMTMwNjg2NTYyMjE0Mjg5Njk0MDcyGzlhYjFjZGQ3ZTM2NmVmMzg6ZXM6ZXM6RVM6Ug&amp;usg=AOvVaw1K4ogfb5d4kb8X9PPb7Onv\" target=\"_blank\" rel=\"noopener\" data-saferedirecturl=\"https:\/\/www.google.com\/url?q=https:\/\/www.google.com\/url?rct%3Dj%26sa%3Dt%26url%3Dhttps:\/\/www.20minutos.es\/noticia\/5224283\/0\/andalucia-pide-ministerio-igualdad-que-convoque-las-comunidades-para-avanzar-un-pacto-nacional-por-corresponsabilidad\/%26ct%3Dga%26cd%3DCAEYACoUMTMwNjg2NTYyMjE0Mjg5Njk0MDcyGzlhYjFjZGQ3ZTM2NmVmMzg6ZXM6ZXM6RVM6Ug%26usg%3DAOvVaw1K4ogfb5d4kb8X9PPb7Onv&amp;source=gmail&amp;ust=1709827963393000&amp;usg=AOvVaw3agCwGOApSLGJFRmV-d3HW\">Andaluc\u00eda pide al ministerio de Igualdad que convoque a las comunidades para avanzar en un pacto nacional por la corresponsabilidad &#8230;-\u00a0<\/a><a>20Minutos<br \/>\n<\/a><a href=\"https:\/\/www.google.com\/url?rct=j&amp;sa=t&amp;url=http:\/\/www.juntadeandalucia.es\/presidencia\/portavoz\/191109\/crespo\/celebra\/dia\/internacional\/mujer\/acto\/mujeres\/sectores\/agrario\/pesquero&amp;ct=ga&amp;cd=CAEYAyoUMTc3MzkwNjExMjYyMjg5NzIzNDIyGWMwMzcyZWJjMmZlYWRhNTk6ZXM6ZXM6RVM&amp;usg=AOvVaw2N2cZtkQuUZH55p-fYzJ2k\" target=\"_blank\" rel=\"noopener\" data-saferedirecturl=\"https:\/\/www.google.com\/url?q=https:\/\/www.google.com\/url?rct%3Dj%26sa%3Dt%26url%3Dhttp:\/\/www.juntadeandalucia.es\/presidencia\/portavoz\/191109\/crespo\/celebra\/dia\/internacional\/mujer\/acto\/mujeres\/sectores\/agrario\/pesquero%26ct%3Dga%26cd%3DCAEYAyoUMTc3MzkwNjExMjYyMjg5NzIzNDIyGWMwMzcyZWJjMmZlYWRhNTk6ZXM6ZXM6RVM%26usg%3DAOvVaw2N2cZtkQuUZH55p-fYzJ2k&amp;source=gmail&amp;ust=1709827622459000&amp;usg=AOvVaw2XVBD1kDw1FIrG3ZTzht-1\">Crespo celebra el D\u00eda Internacional de la\u00a0Mujer\u00a0con un acto con\u00a0mujeres de &#8230; &#8211;\u00a0<\/a><a>Junta de Andaluc\u00eda<br \/>\n<\/a><a href=\"https:\/\/www.google.com\/url?rct=j&amp;sa=t&amp;url=https:\/\/www.abc.es\/espana\/andalucia\/olga-carrion-bandera-feminismo-debe-estar-sostenida-20240308065603-nts.html&amp;ct=ga&amp;cd=CAEYACoSODA0MDM5MjIyNDk2MjAxOTgxMhs5YWIxY2RkN2UzNjZlZjM4OmVzOmVzOkVTOlI&amp;usg=AOvVaw0V4NkJtgUJ2bcyyCEPqc56\" target=\"_blank\" rel=\"noopener\" data-saferedirecturl=\"https:\/\/www.google.com\/url?q=https:\/\/www.google.com\/url?rct%3Dj%26sa%3Dt%26url%3Dhttps:\/\/www.abc.es\/espana\/andalucia\/olga-carrion-bandera-feminismo-debe-estar-sostenida-20240308065603-nts.html%26ct%3Dga%26cd%3DCAEYACoSODA0MDM5MjIyNDk2MjAxOTgxMhs5YWIxY2RkN2UzNjZlZjM4OmVzOmVzOkVTOlI%26usg%3DAOvVaw0V4NkJtgUJ2bcyyCEPqc56&amp;source=gmail&amp;ust=1709972025577000&amp;usg=AOvVaw3W2LiX2SapS2Y74z3G1k-T\">Olga Carri\u00f3n: \u00abLa bandera del feminismo debe estar sostenida por todos los partidos pol\u00edticos\u00bb-\u00a0<\/a>abc<\/p>\n<p><strong>Econom\u00eda y Empresa<br \/>\n<\/strong><a href=\"https:\/\/www.google.com\/url?rct=j&amp;sa=t&amp;url=https:\/\/www.abc.es\/sevilla\/economia\/mujeres-ocupan-primera-vez-puestos-directivos-andalucia-20240307203837-nts.html&amp;ct=ga&amp;cd=CAEYBCoUMTI0NDc0ODI1MTA4NTYwODE1OTYyG2UwZjU4Njg5N2I1Zjc4M2U6ZXM6ZXM6RVM6TA&amp;usg=AOvVaw3GfZo_MbPcbKQwGtY9mzyu\" target=\"_blank\" rel=\"noopener\" data-saferedirecturl=\"https:\/\/www.google.com\/url?q=https:\/\/www.google.com\/url?rct%3Dj%26sa%3Dt%26url%3Dhttps:\/\/www.abc.es\/sevilla\/economia\/mujeres-ocupan-primera-vez-puestos-directivos-andalucia-20240307203837-nts.html%26ct%3Dga%26cd%3DCAEYBCoUMTI0NDc0ODI1MTA4NTYwODE1OTYyG2UwZjU4Njg5N2I1Zjc4M2U6ZXM6ZXM6RVM6TA%26usg%3DAOvVaw3GfZo_MbPcbKQwGtY9mzyu&amp;source=gmail&amp;ust=1709914694337000&amp;usg=AOvVaw0gVrvkt2c4X9NtAZG_DSwl\">Las\u00a0mujeres ocupan por primera vez el 36% de los puestos directivos en Andaluc\u00eda &#8211;<\/a><a>ABC<br \/>\n<\/a><a href=\"https:\/\/www.google.com\/url?rct=j&amp;sa=t&amp;url=https:\/\/www.larazon.es\/andalucia\/casi-20-mujeres-activo-andalucia-supera-55-anos_2024030565e6a768ab79d800017acf10.html&amp;ct=ga&amp;cd=CAEYACoUMTE0MzY3ODE1NDIzMTg5MjUyMDAyGWUxZTc3ZDE1NjA5OGE4ZTM6ZXM6ZXM6RVM&amp;usg=AOvVaw2ZLulRyP8-GXOIrhI9reTo\" target=\"_blank\" rel=\"noopener\" data-saferedirecturl=\"https:\/\/www.google.com\/url?q=https:\/\/www.google.com\/url?rct%3Dj%26sa%3Dt%26url%3Dhttps:\/\/www.larazon.es\/andalucia\/casi-20-mujeres-activo-andalucia-supera-55-anos_2024030565e6a768ab79d800017acf10.html%26ct%3Dga%26cd%3DCAEYACoUMTE0MzY3ODE1NDIzMTg5MjUyMDAyGWUxZTc3ZDE1NjA5OGE4ZTM6ZXM6ZXM6RVM%26usg%3DAOvVaw2ZLulRyP8-GXOIrhI9reTo&amp;source=gmail&amp;ust=1709827621490000&amp;usg=AOvVaw3n6pHRB3RyiOU46a0n5yQu\">Casi el 20% de las mujeres en activo en Andaluc\u00eda ya supera los 55 a\u00f1os &#8211;\u00a0<\/a><a>La Raz\u00f3n<br \/>\n<\/a><a class=\"title\" href=\"https:\/\/www.msn.com\/es-es\/noticias\/espana\/andaluc%C3%ADa-subraya-su-apuesta-por-seguir-adelante-para-alcanzar-la-igualdad-real-en-el-campo-y-el-mar\/ar-BB1jqPe4\" target=\"_blank\" rel=\"noopener\" data-artpy=\"0\" data-author=\"Europa Press on MSN\">Andaluc\u00eda subraya su apuesta por \u201cseguir adelante\u201d para alcanzar la igualdad real en el campo y el mar<\/a>-europapress<a><br \/>\n<\/a><a href=\"https:\/\/www.google.com\/url?rct=j&amp;sa=t&amp;url=https:\/\/www.abc.es\/economia\/andalucia-costa-mediterranea-acumulan-siete-diez-nuevos-20240304204610-nt.html&amp;ct=ga&amp;cd=CAEYACoUMTcxMDE3NDY1ODYxNTc5OTQ1OTQyGWQ3OGU1ODc1YTBmMWYyYWM6ZXM6ZXM6RVM&amp;usg=AOvVaw3mErzeSOH2RFXfVacLlulu\" target=\"_blank\" rel=\"noopener\" data-saferedirecturl=\"https:\/\/www.google.com\/url?q=https:\/\/www.google.com\/url?rct%3Dj%26sa%3Dt%26url%3Dhttps:\/\/www.abc.es\/economia\/andalucia-costa-mediterranea-acumulan-siete-diez-nuevos-20240304204610-nt.html%26ct%3Dga%26cd%3DCAEYACoUMTcxMDE3NDY1ODYxNTc5OTQ1OTQyGWQ3OGU1ODc1YTBmMWYyYWM6ZXM6ZXM6RVM%26usg%3DAOvVaw3mErzeSOH2RFXfVacLlulu&amp;source=gmail&amp;ust=1709827596100000&amp;usg=AOvVaw2G72gYhnJb2eZbEIjtSC1y\">Andaluc\u00eda y la costa mediterr\u00e1nea acumulan siete de cada diez nuevos empleos creados en Espa\u00f1a-\u00a0<\/a><a>ABC<br \/>\n<\/a><a href=\"https:\/\/www.google.com\/url?rct=j&amp;sa=t&amp;url=https:\/\/www.europapress.es\/andalucia\/noticia-empresas-tamano-medio-protagonizan-creacion-riqueza-andalucia-informe-fundacion-cre100do-20240307181154.html&amp;ct=ga&amp;cd=CAEYACoTODE2NjEzNjU5ODcyMjkyMDYzMDIZZDc4ZTU4NzVhMGYxZjJhYzplczplczpFUw&amp;usg=AOvVaw3C0pjDqtmRZs6KyD9DWsmY\" target=\"_blank\" rel=\"noopener\" data-saferedirecturl=\"https:\/\/www.google.com\/url?q=https:\/\/www.google.com\/url?rct%3Dj%26sa%3Dt%26url%3Dhttps:\/\/www.europapress.es\/andalucia\/noticia-empresas-tamano-medio-protagonizan-creacion-riqueza-andalucia-informe-fundacion-cre100do-20240307181154.html%26ct%3Dga%26cd%3DCAEYACoTODE2NjEzNjU5ODcyMjkyMDYzMDIZZDc4ZTU4NzVhMGYxZjJhYzplczplczpFUw%26usg%3DAOvVaw3C0pjDqtmRZs6KyD9DWsmY&amp;source=gmail&amp;ust=1709969501850000&amp;usg=AOvVaw3lat-KpCn0Ryq_mfQ3cu5C\">Las empresas de tama\u00f1o medio protagonizan la creaci\u00f3n de riqueza en\u00a0Andaluc\u00eda, seg\u00fan &#8230;-\u00a0<\/a><a>Europa Press<\/a><\/p>\n<p><strong>Actualidad<br \/>\n<\/strong><a href=\"https:\/\/www.google.com\/url?rct=j&amp;sa=t&amp;url=https:\/\/www.juntadeandalucia.es\/presidencia\/portavoz\/social\/191196\/ConsejeriadeInclusionSocialJuventudFamiliaseigualdad\/InstitutoAndaluzdelaMujer\/IAM\/8M\/actos\/diainternacionaldelasmujeres&amp;ct=ga&amp;cd=CAEYASoTNjc0NTI1ODI2NTQzNTAwMDk0NzIZYzAzNzJlYmMyZmVhZGE1OTplczplczpFUw&amp;usg=AOvVaw3u4qAg-Qfh3dVCyRzJLl6O\" target=\"_blank\" rel=\"noopener\" data-saferedirecturl=\"https:\/\/www.google.com\/url?q=https:\/\/www.google.com\/url?rct%3Dj%26sa%3Dt%26url%3Dhttps:\/\/www.juntadeandalucia.es\/presidencia\/portavoz\/social\/191196\/ConsejeriadeInclusionSocialJuventudFamiliaseigualdad\/InstitutoAndaluzdelaMujer\/IAM\/8M\/actos\/diainternacionaldelasmujeres%26ct%3Dga%26cd%3DCAEYASoTNjc0NTI1ODI2NTQzNTAwMDk0NzIZYzAzNzJlYmMyZmVhZGE1OTplczplczpFUw%26usg%3DAOvVaw3u4qAg-Qfh3dVCyRzJLl6O&amp;source=gmail&amp;ust=1709969498962000&amp;usg=AOvVaw1DUGpFoyJaC5RbNcBYa2z2\">Igualdad organiza m\u00e1s de una treintena de actos con motivo del D\u00eda Internacional de las\u00a0Mujeres-\u00a0<\/a><a>Junta de Andaluc\u00eda<br \/>\n<\/a><a href=\"https:\/\/www.google.com\/url?rct=j&amp;sa=t&amp;url=https:\/\/www.europapress.es\/esandalucia\/sevilla\/noticia-andalucia-distingue-premios-meridiana-18-personas-entidades-labor-defensa-igualdad-20240305103801.html&amp;ct=ga&amp;cd=CAEYBioSNTYzNTc3OTAxOTg1MTU1NjYyMhs5YWIxY2RkN2UzNjZlZjM4OmVzOmVzOkVTOlI&amp;usg=AOvVaw36LnEuYx8gFqzPwhNvvezb\" target=\"_blank\" rel=\"noopener\" data-saferedirecturl=\"https:\/\/www.google.com\/url?q=https:\/\/www.google.com\/url?rct%3Dj%26sa%3Dt%26url%3Dhttps:\/\/www.europapress.es\/esandalucia\/sevilla\/noticia-andalucia-distingue-premios-meridiana-18-personas-entidades-labor-defensa-igualdad-20240305103801.html%26ct%3Dga%26cd%3DCAEYBioSNTYzNTc3OTAxOTg1MTU1NjYyMhs5YWIxY2RkN2UzNjZlZjM4OmVzOmVzOkVTOlI%26usg%3DAOvVaw36LnEuYx8gFqzPwhNvvezb&amp;source=gmail&amp;ust=1709827963438000&amp;usg=AOvVaw0EDBJ_7JKJBFQYwjwXLdr5\">Andaluc\u00eda distingue con los Premios Meridiana a 18 personas y entidades con &#8230;-\u00a0<\/a><a>Europa Press<br \/>\n<\/a><a href=\"https:\/\/www.google.com\/url?rct=j&amp;sa=t&amp;url=https:\/\/www.dipusevilla.es\/comunicacion\/noticias\/La-Diputacion-celebra-el-I-Foro-de-Urbanismo-con-Perspectiva-de-Genero\/&amp;ct=ga&amp;cd=CAEYByoUMTAyNzI0Njc4Mzc1OTAxOTU1MDMyGTU5ZDc4MTcxMzZhMmQwMjg6ZXM6ZXM6RVM&amp;usg=AOvVaw09Bm7Wuel4pOGFE6n_mhON\" target=\"_blank\" rel=\"noopener\" data-saferedirecturl=\"https:\/\/www.google.com\/url?q=https:\/\/www.google.com\/url?rct%3Dj%26sa%3Dt%26url%3Dhttps:\/\/www.dipusevilla.es\/comunicacion\/noticias\/La-Diputacion-celebra-el-I-Foro-de-Urbanismo-con-Perspectiva-de-Genero\/%26ct%3Dga%26cd%3DCAEYByoUMTAyNzI0Njc4Mzc1OTAxOTU1MDMyGTU5ZDc4MTcxMzZhMmQwMjg6ZXM6ZXM6RVM%26usg%3DAOvVaw09Bm7Wuel4pOGFE6n_mhON&amp;source=gmail&amp;ust=1709827596734000&amp;usg=AOvVaw0ORdZY2vrGbXzsShNSygdr\">La Diputaci\u00f3n se Sevilla celebra el I Foro de Urbanismo con Perspectiva de G\u00e9nero<b>&#8211;\u00a0<\/b><\/a><a>Diputaci\u00f3n de Sevilla<br \/>\n<\/a><a href=\"https:\/\/www.google.com\/url?rct=j&amp;sa=t&amp;url=https:\/\/www.infocostatropical.com\/noticia.asp%3Fid_noticia%3D105938&amp;ct=ga&amp;cd=CAEYByoUMTAzMDExNDczMzg0NDk4NzIyODkyGzlhYjFjZGQ3ZTM2NmVmMzg6ZXM6ZXM6RVM6Ug&amp;usg=AOvVaw1c2q8A1ElS6JYfMluBNI0P\" target=\"_blank\" rel=\"noopener\" data-saferedirecturl=\"https:\/\/www.google.com\/url?q=https:\/\/www.google.com\/url?rct%3Dj%26sa%3Dt%26url%3Dhttps:\/\/www.infocostatropical.com\/noticia.asp%253Fid_noticia%253D105938%26ct%3Dga%26cd%3DCAEYByoUMTAzMDExNDczMzg0NDk4NzIyODkyGzlhYjFjZGQ3ZTM2NmVmMzg6ZXM6ZXM6RVM6Ug%26usg%3DAOvVaw1c2q8A1ElS6JYfMluBNI0P&amp;source=gmail&amp;ust=1709829170715000&amp;usg=AOvVaw3x1p4t5v9KRty9lG80FwTQ\">Diputaci\u00f3n de Granada promueve las XVII Jornadas Mujer y Empresa &#8216;Turismo Rural y Emprendimiento &#8230;-\u00a0<\/a><a>InfoCostaTropical<br \/>\n<\/a><a href=\"https:\/\/www.google.com\/url?rct=j&amp;sa=t&amp;url=https:\/\/www.diariosur.es\/malaga\/militancia-whatsapp-haciendo-dano-feminismo-20240306000100-nt.html&amp;ct=ga&amp;cd=CAEYACoTMzExMzYwODg4MjE2NzQxNzkwMzIbOWFiMWNkZDdlMzY2ZWYzODplczplczpFUzpS&amp;usg=AOvVaw0K78aSSf_jk3sGyGHqZd9I\" target=\"_blank\" rel=\"noopener\" data-saferedirecturl=\"https:\/\/www.google.com\/url?q=https:\/\/www.google.com\/url?rct%3Dj%26sa%3Dt%26url%3Dhttps:\/\/www.diariosur.es\/malaga\/militancia-whatsapp-haciendo-dano-feminismo-20240306000100-nt.html%26ct%3Dga%26cd%3DCAEYACoTMzExMzYwODg4MjE2NzQxNzkwMzIbOWFiMWNkZDdlMzY2ZWYzODplczplczpFUzpS%26usg%3DAOvVaw0K78aSSf_jk3sGyGHqZd9I&amp;source=gmail&amp;ust=1709913847712000&amp;usg=AOvVaw2Axun1N4JIGGIlwfTZ0SJC\">Andrea Barbota, vicepresidenta de la CAPM\u00abLa &#8216;militancia del WhatsApp&#8217; est\u00e1 haciendo mucho da\u00f1o al feminismo\u00bb &#8211;<\/a><a>Diario Sur<br \/>\n<\/a><a href=\"https:\/\/www.google.com\/url?rct=j&amp;sa=t&amp;url=https:\/\/www.cordobabn.com\/articulo\/economia\/ccoo-dice-que-mientras-85-excedencias-cuidado-familiares-cojan-mujeres-habra-igualdad\/20240307122257188562.html&amp;ct=ga&amp;cd=CAEYDSoUMTI0NDc0ODI1MTA4NTYwODE1OTYyG2UwZjU4Njg5N2I1Zjc4M2U6ZXM6ZXM6RVM6TA&amp;usg=AOvVaw02Y0J32V1qn06BhJAoVAVR\" target=\"_blank\" rel=\"noopener\" data-saferedirecturl=\"https:\/\/www.google.com\/url?q=https:\/\/www.google.com\/url?rct%3Dj%26sa%3Dt%26url%3Dhttps:\/\/www.cordobabn.com\/articulo\/economia\/ccoo-dice-que-mientras-85-excedencias-cuidado-familiares-cojan-mujeres-habra-igualdad\/20240307122257188562.html%26ct%3Dga%26cd%3DCAEYDSoUMTI0NDc0ODI1MTA4NTYwODE1OTYyG2UwZjU4Njg5N2I1Zjc4M2U6ZXM6ZXM6RVM6TA%26usg%3DAOvVaw02Y0J32V1qn06BhJAoVAVR&amp;source=gmail&amp;ust=1709914694339000&amp;usg=AOvVaw1E0r9M1uzvJfdYuOEfZoE1\">Mientras el 85% de las excedencias para el cuidado de familiares las cojan las\u00a0mujeres no &#8230;-\u00a0<\/a><a>C\u00f3rdoba Buenas Noticias<br \/>\n<\/a><a href=\"https:\/\/www.google.com\/url?rct=j&amp;sa=t&amp;url=https:\/\/www.europapress.es\/esandalucia\/sevilla\/noticia-salud-desgrana-iniciativas-materia-igualdad-jornada-formacion-instituto-andaluz-mujer-20240307122832.html&amp;ct=ga&amp;cd=CAEYACoTODc3MTcwNTY1NzgxODA5OTYyNzIbOWFiMWNkZDdlMzY2ZWYzODplczplczpFUzpS&amp;usg=AOvVaw3i_8CPX2qswKoR82TonbNb\" target=\"_blank\" rel=\"noopener\" data-saferedirecturl=\"https:\/\/www.google.com\/url?q=https:\/\/www.google.com\/url?rct%3Dj%26sa%3Dt%26url%3Dhttps:\/\/www.europapress.es\/esandalucia\/sevilla\/noticia-salud-desgrana-iniciativas-materia-igualdad-jornada-formacion-instituto-andaluz-mujer-20240307122832.html%26ct%3Dga%26cd%3DCAEYACoTODc3MTcwNTY1NzgxODA5OTYyNzIbOWFiMWNkZDdlMzY2ZWYzODplczplczpFUzpS%26usg%3DAOvVaw3i_8CPX2qswKoR82TonbNb&amp;source=gmail&amp;ust=1709917264416000&amp;usg=AOvVaw0p1Rfrouo_vdLjfnUn6tfa\">Salud desgrana sus iniciativas en materia de igualdad en una jornada de formaci\u00f3n con el &#8230;-\u00a0<\/a><a>Europa Press<br \/>\n<\/a><a href=\"https:\/\/www.google.com\/url?rct=j&amp;sa=t&amp;url=https:\/\/www.diariosur.es\/malaga\/flor-torres-20240307001448-nt.html&amp;ct=ga&amp;cd=CAEYACoTMzk3Mjg0Mjc1MTM0ODEwNDAyNzIZNTlkNzgxNzEzNmEyZDAyODplczplczpFUw&amp;usg=AOvVaw3ktFLCMN1aeRmjqbmYR4bX\" target=\"_blank\" rel=\"noopener\" data-saferedirecturl=\"https:\/\/www.google.com\/url?q=https:\/\/www.google.com\/url?rct%3Dj%26sa%3Dt%26url%3Dhttps:\/\/www.diariosur.es\/malaga\/flor-torres-20240307001448-nt.html%26ct%3Dga%26cd%3DCAEYACoTMzk3Mjg0Mjc1MTM0ODEwNDAyNzIZNTlkNzgxNzEzNmEyZDAyODplczplczpFUw%26usg%3DAOvVaw3ktFLCMN1aeRmjqbmYR4bX&amp;source=gmail&amp;ust=1709969498431000&amp;usg=AOvVaw0M8RruXSsCOcZrOGld7tFB\">Flor de Torres &#8211;<\/a><a>Diario Sur<\/a><\/p>\n<p><strong>Violencia<br \/>\n<\/strong><a href=\"https:\/\/www.google.com\/url?rct=j&amp;sa=t&amp;url=https:\/\/www.telemadrid.es\/mujer\/VioGen-ha-seguido-en-febrero-mas-de-83000-casos-de-violencia-contra-la-mujer-un-95-mas-que-en-2023-0-2649035089--20240306112156.html&amp;ct=ga&amp;cd=CAEYACoTOTA4MTc0NDY4NTUyMjM3OTk5MjIZZTJkZWZhN2Q1ZGE5MTU3ZDplczplczpFUw&amp;usg=AOvVaw07ckRK5BQ8dRBqiPQCUYX6\" target=\"_blank\" rel=\"noopener\" data-saferedirecturl=\"https:\/\/www.google.com\/url?q=https:\/\/www.google.com\/url?rct%3Dj%26sa%3Dt%26url%3Dhttps:\/\/www.telemadrid.es\/mujer\/VioGen-ha-seguido-en-febrero-mas-de-83000-casos-de-violencia-contra-la-mujer-un-95-mas-que-en-2023-0-2649035089--20240306112156.html%26ct%3Dga%26cd%3DCAEYACoTOTA4MTc0NDY4NTUyMjM3OTk5MjIZZTJkZWZhN2Q1ZGE5MTU3ZDplczplczpFUw%26usg%3DAOvVaw07ckRK5BQ8dRBqiPQCUYX6&amp;source=gmail&amp;ust=1709831801444000&amp;usg=AOvVaw2y9MYM6W55AQQBcewQVw3M\">VioG\u00e9n ha seguido en febrero m\u00e1s de 83.000 casos de\u00a0violencia contra la mujer, un 9,5 &#8230;-\u00a0<\/a><a>Telemadrid<br \/>\n<\/a><a href=\"https:\/\/www.google.com\/url?rct=j&amp;sa=t&amp;url=https:\/\/www.noticiasdealmeria.com\/noticia\/203922\/&amp;ct=ga&amp;cd=CAEYBSoTODcxODk0NDYxMTIwMzI5NTgwNzIbOWFiMWNkZDdlMzY2ZWYzODplczplczpFUzpS&amp;usg=AOvVaw1L8ZzemClOj_WXlcoJM2tT\" target=\"_blank\" rel=\"noopener\" data-saferedirecturl=\"https:\/\/www.google.com\/url?q=https:\/\/www.google.com\/url?rct%3Dj%26sa%3Dt%26url%3Dhttps:\/\/www.noticiasdealmeria.com\/noticia\/203922\/%26ct%3Dga%26cd%3DCAEYBSoTODcxODk0NDYxMTIwMzI5NTgwNzIbOWFiMWNkZDdlMzY2ZWYzODplczplczpFUzpS%26usg%3DAOvVaw1L8ZzemClOj_WXlcoJM2tT&amp;source=gmail&amp;ust=1709969501986000&amp;usg=AOvVaw1R9XTwWHgAcv2Bmwh0g8ep\">Autoridad Portuaria de Almer\u00eda aprueba un protocolo contra el acoso sexual | &#8211;<\/a><a>Noticias de Almer\u00eda<\/a><\/p>\n<p><b>Ciencia y Cultura<br \/>\n<\/b><a href=\"https:\/\/www.google.com\/url?rct=j&amp;sa=t&amp;url=https:\/\/www.lavozdigital.es\/provincia\/jerez\/luz-shopping-ensalza-papel-mujer-mundo-oceanografia-20240304181406-ntv.html&amp;ct=ga&amp;cd=CAEYACoTNzA2MDcxMDkyOTc3NTY2NjI1MjIZYzAzNzJlYmMyZmVhZGE1OTplczplczpFUw&amp;usg=AOvVaw0oNeBv1X0NNdk1wkU514kS\" target=\"_blank\" rel=\"noopener\" data-saferedirecturl=\"https:\/\/www.google.com\/url?q=https:\/\/www.google.com\/url?rct%3Dj%26sa%3Dt%26url%3Dhttps:\/\/www.lavozdigital.es\/provincia\/jerez\/luz-shopping-ensalza-papel-mujer-mundo-oceanografia-20240304181406-ntv.html%26ct%3Dga%26cd%3DCAEYACoTNzA2MDcxMDkyOTc3NTY2NjI1MjIZYzAzNzJlYmMyZmVhZGE1OTplczplczpFUw%26usg%3DAOvVaw0oNeBv1X0NNdk1wkU514kS&amp;source=gmail&amp;ust=1709827622106000&amp;usg=AOvVaw0_VscNZnBDUvsaTiKkicIl\">LUZ Shopping ensalza el papel de la mujer en el mundo de la oceanograf\u00eda-\u00a0<\/a><a>La voz de C\u00e1diz<br \/>\n<\/a><a href=\"https:\/\/www.google.com\/url?rct=j&amp;sa=t&amp;url=https:\/\/www.us.es\/actualidad-de-la-us\/la-us-reconoce-el-compromiso-por-la-igualdad-de-su-comunidad-universitaria&amp;ct=ga&amp;cd=CAEYAyoTNTgwNTc1MTM0MDU0NDA4MDg1NTIZYzAzNzJlYmMyZmVhZGE1OTplczplczpFUw&amp;usg=AOvVaw12qfGeH2HbNEciCod918e5\" target=\"_blank\" rel=\"noopener\" data-saferedirecturl=\"https:\/\/www.google.com\/url?q=https:\/\/www.google.com\/url?rct%3Dj%26sa%3Dt%26url%3Dhttps:\/\/www.us.es\/actualidad-de-la-us\/la-us-reconoce-el-compromiso-por-la-igualdad-de-su-comunidad-universitaria%26ct%3Dga%26cd%3DCAEYAyoTNTgwNTc1MTM0MDU0NDA4MDg1NTIZYzAzNzJlYmMyZmVhZGE1OTplczplczpFUw%26usg%3DAOvVaw12qfGeH2HbNEciCod918e5&amp;source=gmail&amp;ust=1709918067597000&amp;usg=AOvVaw1hQol_hLomTT1KpbOdTEru\">La US premia el compromiso por la igualdad de la comunidad universitaria-\u00a0<\/a><a>Universidad de Sevilla<br \/>\n<\/a><a class=\"title\" href=\"https:\/\/www.europapress.es\/andalucia\/sevilla-00357\/noticia-ballet-flamenco-andalucia-abre-espectaculo-solidario-mujeres-cantan-maria-jimenez-sevilla-20240306181550.html\" target=\"_blank\" rel=\"noopener\" data-artpy=\"0\" data-author=\"Europa Press\">El Ballet Flamenco de Andaluc\u00eda abre el espect\u00e1culo solidario &#8216;Mujeres cantan a Mar\u00eda Jim\u00e9nez&#8217; en Sevilla<\/a>-europapress<br \/>\n<a class=\"title\" href=\"https:\/\/www.diariosur.es\/festival-malaga\/festival-entrega-biznagas-afirmando-derechos-mujeres-mujeres-20240306180642-nt.html\" target=\"_blank\" rel=\"noopener\" data-artpy=\"0\" data-author=\"SUR\">El Festival entrega las biznagas de &#8216;Afirmando los derechos de las mujeres&#8217; y &#8216;Mujeres en escena&#8217;<\/a>-sur<br \/>\n<a href=\"https:\/\/www.google.com\/url?rct=j&amp;sa=t&amp;url=https:\/\/www.eldiadecordoba.es\/vivir-cordoba\/mujeres-Medina-Azahara-unica-ocasion_0_1882311782.html&amp;ct=ga&amp;cd=CAEYBioTMzU1MjkwMTM4NTcyNzMxNDc0OTIZYzAzNzJlYmMyZmVhZGE1OTplczplczpFUw&amp;usg=AOvVaw0sdzNwUgoE7IaOTztOax-v\" target=\"_blank\" rel=\"noopener\" data-saferedirecturl=\"https:\/\/www.google.com\/url?q=https:\/\/www.google.com\/url?rct%3Dj%26sa%3Dt%26url%3Dhttps:\/\/www.eldiadecordoba.es\/vivir-cordoba\/mujeres-Medina-Azahara-unica-ocasion_0_1882311782.html%26ct%3Dga%26cd%3DCAEYBioTMzU1MjkwMTM4NTcyNzMxNDc0OTIZYzAzNzJlYmMyZmVhZGE1OTplczplczpFUw%26usg%3DAOvVaw0sdzNwUgoE7IaOTztOax-v&amp;source=gmail&amp;ust=1709913844539000&amp;usg=AOvVaw2MvmtkylgVgdKYk0ep9UgK\">Las mil y una\u00a0mujeres en Medina Azahara&#8217;, una ruta \u00fanica con ocasi\u00f3n del 8M &#8211;\u00a0<\/a><a>El D\u00eda de C\u00f3rdoba<\/a><\/p>\n<p><b><\/b><strong>Deporte<br \/>\n<\/strong><a href=\"https:\/\/www.google.com\/url?rct=j&amp;sa=t&amp;url=https:\/\/www.andaluzabaloncesto.org\/noticia-4-35577\/celebrado-en-sevilla-el-v-espacio-mujer-talento-y-deporte&amp;ct=ga&amp;cd=CAEYDSoTNDM0ODg1MzczMjMzMjE5MDI0OTIZYzAzNzJlYmMyZmVhZGE1OTplczplczpFUw&amp;usg=AOvVaw3H3kXaHfWYB-SRV8zhJ4Fi\" target=\"_blank\" rel=\"noopener\" data-saferedirecturl=\"https:\/\/www.google.com\/url?q=https:\/\/www.google.com\/url?rct%3Dj%26sa%3Dt%26url%3Dhttps:\/\/www.andaluzabaloncesto.org\/noticia-4-35577\/celebrado-en-sevilla-el-v-espacio-mujer-talento-y-deporte%26ct%3Dga%26cd%3DCAEYDSoTNDM0ODg1MzczMjMzMjE5MDI0OTIZYzAzNzJlYmMyZmVhZGE1OTplczplczpFUw%26usg%3DAOvVaw3H3kXaHfWYB-SRV8zhJ4Fi&amp;source=gmail&amp;ust=1709827622515000&amp;usg=AOvVaw2lsCJnYQ3w5bfRtS6caae5\">Celebrado en Sevilla el V Espacio\u00a0Mujer, Talento y Deporte &#8211;\u00a0<\/a><a>FAB<br \/>\n<\/a><a href=\"https:\/\/www.google.com\/url?rct=j&amp;sa=t&amp;url=https:\/\/www.granadacf.es\/noticias\/el-granada-femenino-presente-en-la-mesa-redonda-mujeres-por-bandera&amp;ct=ga&amp;cd=CAEYBSoTNTgwNTc1MTM0MDU0NDA4MDg1NTIZYzAzNzJlYmMyZmVhZGE1OTplczplczpFUw&amp;usg=AOvVaw2CX1F3qa09eet0hwQ8MqOj\" target=\"_blank\" rel=\"noopener\" data-saferedirecturl=\"https:\/\/www.google.com\/url?q=https:\/\/www.google.com\/url?rct%3Dj%26sa%3Dt%26url%3Dhttps:\/\/www.granadacf.es\/noticias\/el-granada-femenino-presente-en-la-mesa-redonda-mujeres-por-bandera%26ct%3Dga%26cd%3DCAEYBSoTNTgwNTc1MTM0MDU0NDA4MDg1NTIZYzAzNzJlYmMyZmVhZGE1OTplczplczpFUw%26usg%3DAOvVaw2CX1F3qa09eet0hwQ8MqOj&amp;source=gmail&amp;ust=1709918067598000&amp;usg=AOvVaw0FEmZFwNBeydl8MPyMSzmA\">El Granada Femenino, presente en la mesa redonda \u00abMujeres por bandera\u00bb-\u00a0<\/a><a>Granada CF<\/a><a>\u00a0<\/a><\/p>\n<\/div>\n<\/div>\n<\/div>\n<\/div>\n<div id=\"\" class=\"lsow-panel lsow-active\">\n<h1 class=\"lsow-panel-title\">Estado<\/h1>\n<div class=\"lsow-panel-content\">\n<p><strong>Institucional<br \/>\n<\/strong><a href=\"https:\/\/www.google.com\/url?rct=j&amp;sa=t&amp;url=https:\/\/www.ciencia.gob.es\/Noticias\/2024\/marzo\/Diana-Morant-mujeres-innovacion.html&amp;ct=ga&amp;cd=CAEYBSoTNDM0ODg1MzczMjMzMjE5MDI0OTIZYzAzNzJlYmMyZmVhZGE1OTplczplczpFUw&amp;usg=AOvVaw1A7tNVEd_WsZK-eogYAHpu\" target=\"_blank\" rel=\"noopener\" data-saferedirecturl=\"https:\/\/www.google.com\/url?q=https:\/\/www.google.com\/url?rct%3Dj%26sa%3Dt%26url%3Dhttps:\/\/www.ciencia.gob.es\/Noticias\/2024\/marzo\/Diana-Morant-mujeres-innovacion.html%26ct%3Dga%26cd%3DCAEYBSoTNDM0ODg1MzczMjMzMjE5MDI0OTIZYzAzNzJlYmMyZmVhZGE1OTplczplczpFUw%26usg%3DAOvVaw1A7tNVEd_WsZK-eogYAHpu&amp;source=gmail&amp;ust=1709827622513000&amp;usg=AOvVaw0hAt7K7O7N_bJOfpfVauk8\">Diana Morant: \u201cHoy, hay m\u00e1s\u00a0mujeres transformando Espa\u00f1a en un pa\u00eds mejor, avanzando &#8230;-\u00a0<\/a><a>Ministerio de Ciencia, Innovaci\u00f3n y Universidades<br \/>\n<\/a><a href=\"https:\/\/www.google.com\/url?rct=j&amp;sa=t&amp;url=https:\/\/www.rtve.es\/play\/audios\/cooperacion-publica-en-el-mundo-fiiapp\/cooperacion-publica-mundo-fiiapp-mujer-administracion-publica\/16000946\/&amp;ct=ga&amp;cd=CAEYACoUMTAyNzI0Njc4Mzc1OTAxOTU1MDMyGTU5ZDc4MTcxMzZhMmQwMjg6ZXM6ZXM6RVM&amp;usg=AOvVaw39SqIxD8cvUwUsneGaiCBt\" target=\"_blank\" rel=\"noopener\" data-saferedirecturl=\"https:\/\/www.google.com\/url?q=https:\/\/www.google.com\/url?rct%3Dj%26sa%3Dt%26url%3Dhttps:\/\/www.rtve.es\/play\/audios\/cooperacion-publica-en-el-mundo-fiiapp\/cooperacion-publica-mundo-fiiapp-mujer-administracion-publica\/16000946\/%26ct%3Dga%26cd%3DCAEYACoUMTAyNzI0Njc4Mzc1OTAxOTU1MDMyGTU5ZDc4MTcxMzZhMmQwMjg6ZXM6ZXM6RVM%26usg%3DAOvVaw39SqIxD8cvUwUsneGaiCBt&amp;source=gmail&amp;ust=1709827596732000&amp;usg=AOvVaw0t65NDznpYDJoLvZ3xjdMG\">La presencia de la mujer en la administraci\u00f3n p\u00fablica &#8211;\u00a0<\/a><a>RTVE<br \/>\n<\/a><a href=\"https:\/\/www.google.com\/url?rct=j&amp;sa=t&amp;url=https:\/\/www.injuve.es\/prensa\/noticia\/la-directora-injuve-destaca-que-la-educacion-sexoafectiva-y-consentimiento-clave-de-sexualidad-sana-respetuosa-libre-de-violencias&amp;ct=ga&amp;cd=CAEYASoSMjI4NDcxNzQwNTg3MTIyNzI1MhljMDM3MmViYzJmZWFkYTU5OmVzOmVzOkVT&amp;usg=AOvVaw1SX4yE5a-ve8sH39MAVls-\" target=\"_blank\" rel=\"noopener\" data-saferedirecturl=\"https:\/\/www.google.com\/url?q=https:\/\/www.google.com\/url?rct%3Dj%26sa%3Dt%26url%3Dhttps:\/\/www.injuve.es\/prensa\/noticia\/la-directora-injuve-destaca-que-la-educacion-sexoafectiva-y-consentimiento-clave-de-sexualidad-sana-respetuosa-libre-de-violencias%26ct%3Dga%26cd%3DCAEYASoSMjI4NDcxNzQwNTg3MTIyNzI1MhljMDM3MmViYzJmZWFkYTU5OmVzOmVzOkVT%26usg%3DAOvVaw1SX4yE5a-ve8sH39MAVls-&amp;source=gmail&amp;ust=1709913844686000&amp;usg=AOvVaw3nAG3wIutBxwXKl2TsJaj2\">La directora general del Injuve destaca que la educaci\u00f3n sexoafectiva y el consentimiento son la clave de una sexualidad sana &#8230;-\u00a0<\/a><a>Injuve<br \/>\n<\/a><a href=\"https:\/\/www.google.com\/url?rct=j&amp;sa=t&amp;url=https:\/\/www.elpais.com.co\/colombia\/ministra-del-trabajo-expedira-un-decreto-para-prevenir-situaciones-de-acoso-y-violencia-sexual-de-mujeres-en-el-trabajo-0735.html&amp;ct=ga&amp;cd=CAEYACoTNzgxNDM3MDQ2ODgxODEyMzM1ODIbZTBmNTg2ODk3YjVmNzgzZTplczplczpFUzpM&amp;usg=AOvVaw3hhnFJweGcasJ3gJFepzoS\" target=\"_blank\" rel=\"noopener\" data-saferedirecturl=\"https:\/\/www.google.com\/url?q=https:\/\/www.google.com\/url?rct%3Dj%26sa%3Dt%26url%3Dhttps:\/\/www.elpais.com.co\/colombia\/ministra-del-trabajo-expedira-un-decreto-para-prevenir-situaciones-de-acoso-y-violencia-sexual-de-mujeres-en-el-trabajo-0735.html%26ct%3Dga%26cd%3DCAEYACoTNzgxNDM3MDQ2ODgxODEyMzM1ODIbZTBmNTg2ODk3YjVmNzgzZTplczplczpFUzpM%26usg%3DAOvVaw3hhnFJweGcasJ3gJFepzoS&amp;source=gmail&amp;ust=1709969502074000&amp;usg=AOvVaw0W3u3TOYaP77lICTFYcIkY\">Ministra del Trabajo expedir\u00e1 un decreto para prevenir situaciones de acoso y violencia &#8230; &#8211;\u00a0<\/a>elpais<\/p>\n<p><strong>Institucional &#8211; CCAA<br \/>\n<\/strong><a href=\"https:\/\/www.google.com\/url?rct=j&amp;sa=t&amp;url=https:\/\/www.lacerca.com\/noticias\/castilla_la_mancha\/directora-instituto-mujer-papel-asociaciones-mujeres-medio-rural-704512-1.html&amp;ct=ga&amp;cd=CAEYACoUMTczOTc5NDg1MjE0ODkxOTMyNDEyGWMwMzcyZWJjMmZlYWRhNTk6ZXM6ZXM6RVM&amp;usg=AOvVaw3Z7nLm3av9193xCE1oX7X_\" target=\"_blank\" rel=\"noopener\" data-saferedirecturl=\"https:\/\/www.google.com\/url?q=https:\/\/www.google.com\/url?rct%3Dj%26sa%3Dt%26url%3Dhttps:\/\/www.lacerca.com\/noticias\/castilla_la_mancha\/directora-instituto-mujer-papel-asociaciones-mujeres-medio-rural-704512-1.html%26ct%3Dga%26cd%3DCAEYACoUMTczOTc5NDg1MjE0ODkxOTMyNDEyGWMwMzcyZWJjMmZlYWRhNTk6ZXM6ZXM6RVM%26usg%3DAOvVaw3Z7nLm3av9193xCE1oX7X_&amp;source=gmail&amp;ust=1709827622231000&amp;usg=AOvVaw2yYf-f5lRq0AvC40niu_gW\">La directora del\u00a0Instituto de la Mujer de Castilla-La Mancha destaca el papel de las &#8230; &#8211;\u00a0<\/a><a>La Cerca<br \/>\n<\/a><a href=\"https:\/\/www.google.com\/url?rct=j&amp;sa=t&amp;url=https:\/\/www.juntaex.es\/w\/20240305-borrador-rp-consejo-de-gobierno&amp;ct=ga&amp;cd=CAEYBioUMTM2NzgxNDQwODQ3NzkxNzkyMTgyGWMwMzcyZWJjMmZlYWRhNTk6ZXM6ZXM6RVM&amp;usg=AOvVaw3QwE5wjuSNt7KfzsEgLtyI\" target=\"_blank\" rel=\"noopener\" data-saferedirecturl=\"https:\/\/www.google.com\/url?q=https:\/\/www.google.com\/url?rct%3Dj%26sa%3Dt%26url%3Dhttps:\/\/www.juntaex.es\/w\/20240305-borrador-rp-consejo-de-gobierno%26ct%3Dga%26cd%3DCAEYBioUMTM2NzgxNDQwODQ3NzkxNzkyMTgyGWMwMzcyZWJjMmZlYWRhNTk6ZXM6ZXM6RVM%26usg%3DAOvVaw3QwE5wjuSNt7KfzsEgLtyI&amp;source=gmail&amp;ust=1709827622289000&amp;usg=AOvVaw0ZFDmgewyc_yD4eqteb2fq\">La Junta de Extremadura subraya su \u00abtotal compromiso con la igualdad\u00bb como \u00abun elemento &#8230;-\u00a0<\/a><a>Juntaex<br \/>\n<\/a><a href=\"https:\/\/www.google.com\/url?rct=j&amp;sa=t&amp;url=https:\/\/www.ondacero.es\/emisoras\/aragon\/noticias\/afammer-celebra-40-anos-trabajo-familias-mujeres-rurales-alto-aragon_2024030565e70d16d331030001281bf7.html&amp;ct=ga&amp;cd=CAEYByoUMTM2NzgxNDQwODQ3NzkxNzkyMTgyGWMwMzcyZWJjMmZlYWRhNTk6ZXM6ZXM6RVM&amp;usg=AOvVaw0dhNWl469n3bQKJvLsktYf\" target=\"_blank\" rel=\"noopener\" data-saferedirecturl=\"https:\/\/www.google.com\/url?q=https:\/\/www.google.com\/url?rct%3Dj%26sa%3Dt%26url%3Dhttps:\/\/www.ondacero.es\/emisoras\/aragon\/noticias\/afammer-celebra-40-anos-trabajo-familias-mujeres-rurales-alto-aragon_2024030565e70d16d331030001281bf7.html%26ct%3Dga%26cd%3DCAEYByoUMTM2NzgxNDQwODQ3NzkxNzkyMTgyGWMwMzcyZWJjMmZlYWRhNTk6ZXM6ZXM6RVM%26usg%3DAOvVaw0dhNWl469n3bQKJvLsktYf&amp;source=gmail&amp;ust=1709827622289000&amp;usg=AOvVaw0BYzjEuchlI1ZbJwJuWDa7\">AFAMMER celebra 40 a\u00f1os de trabajo por las familias y\u00a0mujeres rurales del Alto Arag\u00f3n-\u00a0<\/a><a>Onda Cero<br \/>\n<\/a><a href=\"https:\/\/www.google.com\/url?rct=j&amp;sa=t&amp;url=https:\/\/www.elperiodicodearagon.com\/cultura\/2024\/03\/05\/gobierno-aragon-recuerda-mujer-afgana-99023215.html&amp;ct=ga&amp;cd=CAEYACoUMTQ1OTI2NTc5NzkxMjk3OTk0NTQyGWMwMzcyZWJjMmZlYWRhNTk6ZXM6ZXM6RVM&amp;usg=AOvVaw2iFJ42KJCQM9esVojRDz_7\" target=\"_blank\" rel=\"noopener\" data-saferedirecturl=\"https:\/\/www.google.com\/url?q=https:\/\/www.google.com\/url?rct%3Dj%26sa%3Dt%26url%3Dhttps:\/\/www.elperiodicodearagon.com\/cultura\/2024\/03\/05\/gobierno-aragon-recuerda-mujer-afgana-99023215.html%26ct%3Dga%26cd%3DCAEYACoUMTQ1OTI2NTc5NzkxMjk3OTk0NTQyGWMwMzcyZWJjMmZlYWRhNTk6ZXM6ZXM6RVM%26usg%3DAOvVaw2iFJ42KJCQM9esVojRDz_7&amp;source=gmail&amp;ust=1709827622443000&amp;usg=AOvVaw1V86s0-WsYG-38deeQTL61\">El Gobierno de Arag\u00f3n tambi\u00e9n recuerda a la\u00a0mujer afgana en el 8-M-\u00a0<\/a><a>El Peri\u00f3dico de Arag\u00f3n<br \/>\n<\/a><a href=\"https:\/\/www.google.com\/url?rct=j&amp;sa=t&amp;url=https:\/\/www.noticiasdegipuzkoa.eus\/sociedad\/2024\/03\/06\/emakunde-formara-profesionales-farmacias-ayudarles-7963964.html&amp;ct=ga&amp;cd=CAEYASoUMTUwOTQyMzEyNDYyMzAyOTAxMjQyGWUyZGVmYTdkNWRhOTE1N2Q6ZXM6ZXM6RVM&amp;usg=AOvVaw1VUCuYoBftoGaQoISaHmAl\" target=\"_blank\" rel=\"noopener\" data-saferedirecturl=\"https:\/\/www.google.com\/url?q=https:\/\/www.google.com\/url?rct%3Dj%26sa%3Dt%26url%3Dhttps:\/\/www.noticiasdegipuzkoa.eus\/sociedad\/2024\/03\/06\/emakunde-formara-profesionales-farmacias-ayudarles-7963964.html%26ct%3Dga%26cd%3DCAEYASoUMTUwOTQyMzEyNDYyMzAyOTAxMjQyGWUyZGVmYTdkNWRhOTE1N2Q6ZXM6ZXM6RVM%26usg%3DAOvVaw1VUCuYoBftoGaQoISaHmAl&amp;source=gmail&amp;ust=1709828401071000&amp;usg=AOvVaw1iSlGYDlkuo_QKkhzAlXOs\">Emakunde formar\u00e1 a profesionales de las farmacias para ayudarles a detectar casos de &#8230;-\u00a0<\/a><a>Noticias de Gipuzkoa<br \/>\n<\/a><a href=\"https:\/\/www.google.com\/url?rct=j&amp;sa=t&amp;url=https:\/\/www.abc.es\/espana\/castilla-la-mancha\/500-bibliotecas-region-convertiran-puntos-violeta-atender-20240307111342-nt.html&amp;ct=ga&amp;cd=CAEYBCoSNDE2OTgwMTE2MzIyNTMxNDMxMhllMWU3N2QxNTYwOThhOGUzOmVzOmVzOkVT&amp;usg=AOvVaw3PUy4a8D8GsfqcpCldDQ3y\" target=\"_blank\" rel=\"noopener\" data-saferedirecturl=\"https:\/\/www.google.com\/url?q=https:\/\/www.google.com\/url?rct%3Dj%26sa%3Dt%26url%3Dhttps:\/\/www.abc.es\/espana\/castilla-la-mancha\/500-bibliotecas-region-convertiran-puntos-violeta-atender-20240307111342-nt.html%26ct%3Dga%26cd%3DCAEYBCoSNDE2OTgwMTE2MzIyNTMxNDMxMhllMWU3N2QxNTYwOThhOGUzOmVzOmVzOkVT%26usg%3DAOvVaw3PUy4a8D8GsfqcpCldDQ3y&amp;source=gmail&amp;ust=1709913844042000&amp;usg=AOvVaw0EI1aIuNtI3fIQTQHBySka\">Las casi 500 bibliotecas de la regi\u00f3n se convertir\u00e1n en puntos violeta para atender a las &#8230; &#8211;\u00a0<\/a><a>ABC<\/a><\/p>\n<p><strong>Econom\u00eda y Empresa<br \/>\n<\/strong><a href=\"https:\/\/www.google.com\/url?rct=j&amp;sa=t&amp;url=https:\/\/confilegal.com\/20240305-asi-ha-evolucionado-el-papel-de-la-mujer-en-el-ambito-laboral-en-los-ultimos-40-anos\/&amp;ct=ga&amp;cd=CAEYAyoUMTczOTc5NDg1MjE0ODkxOTMyNDEyGWMwMzcyZWJjMmZlYWRhNTk6ZXM6ZXM6RVM&amp;usg=AOvVaw2uu5sXYiP2jRGPU9rNwxUn\" target=\"_blank\" rel=\"noopener\" data-saferedirecturl=\"https:\/\/www.google.com\/url?q=https:\/\/www.google.com\/url?rct%3Dj%26sa%3Dt%26url%3Dhttps:\/\/confilegal.com\/20240305-asi-ha-evolucionado-el-papel-de-la-mujer-en-el-ambito-laboral-en-los-ultimos-40-anos\/%26ct%3Dga%26cd%3DCAEYAyoUMTczOTc5NDg1MjE0ODkxOTMyNDEyGWMwMzcyZWJjMmZlYWRhNTk6ZXM6ZXM6RVM%26usg%3DAOvVaw2uu5sXYiP2jRGPU9rNwxUn&amp;source=gmail&amp;ust=1709827622232000&amp;usg=AOvVaw2SrwNlsBpN1MJrFEouCB9R\">As\u00ed ha evolucionado el papel de la\u00a0mujer en el \u00e1mbito laboral en los \u00faltimos 40 a\u00f1os-\u00a0<\/a><a>Confilegal<br \/>\n<\/a><a href=\"https:\/\/www.google.com\/url?rct=j&amp;sa=t&amp;url=https:\/\/economia3.com\/2024\/03\/07\/599635-mar-mestre-caixa-popular-las-mujeres-deben-construir-su-propio-estilo-de-liderazgo\/&amp;ct=ga&amp;cd=CAEYACoTMzY4NTgyMjYyMDQzMjM3NDIxNzIZNTlkNzgxNzEzNmEyZDAyODplczplczpFUw&amp;usg=AOvVaw1zbi99EWoGt9D0Beh9rI-V\" target=\"_blank\" rel=\"noopener\" data-saferedirecturl=\"https:\/\/www.google.com\/url?q=https:\/\/www.google.com\/url?rct%3Dj%26sa%3Dt%26url%3Dhttps:\/\/economia3.com\/2024\/03\/07\/599635-mar-mestre-caixa-popular-las-mujeres-deben-construir-su-propio-estilo-de-liderazgo\/%26ct%3Dga%26cd%3DCAEYACoTMzY4NTgyMjYyMDQzMjM3NDIxNzIZNTlkNzgxNzEzNmEyZDAyODplczplczpFUw%26usg%3DAOvVaw1zbi99EWoGt9D0Beh9rI-V&amp;source=gmail&amp;ust=1709969498368000&amp;usg=AOvVaw2td5n19-H03IxqsHWG6A51\">Mar Mestre (Caixa Popular): \u201cLas mujeres deben construir su propio estilo de liderazgo\u201d-\u00a0<\/a><a>Econom\u00eda 3<br \/>\n<\/a><a href=\"https:\/\/www.google.com\/url?rct=j&amp;sa=t&amp;url=https:\/\/www.rtve.es\/noticias\/20240306\/impuestos-penalizan-mujer-irpf-iva-8m\/16000338.shtml&amp;ct=ga&amp;cd=CAEYByoTNDM0ODg1MzczMjMzMjE5MDI0OTIZYzAzNzJlYmMyZmVhZGE1OTplczplczpFUw&amp;usg=AOvVaw17UNmrYSXM1vSnh9KvVySs\" target=\"_blank\" rel=\"noopener\" data-saferedirecturl=\"https:\/\/www.google.com\/url?q=https:\/\/www.google.com\/url?rct%3Dj%26sa%3Dt%26url%3Dhttps:\/\/www.rtve.es\/noticias\/20240306\/impuestos-penalizan-mujer-irpf-iva-8m\/16000338.shtml%26ct%3Dga%26cd%3DCAEYByoTNDM0ODg1MzczMjMzMjE5MDI0OTIZYzAzNzJlYmMyZmVhZGE1OTplczplczpFUw%26usg%3DAOvVaw17UNmrYSXM1vSnh9KvVySs&amp;source=gmail&amp;ust=1709827622513000&amp;usg=AOvVaw0c_vkDznaX1Gld7Nc9T8WH\">D\u00eda de la\u00a0Mujer: as\u00ed discriminan el IRPF o el IVA a las\u00a0mujeres &#8211;\u00a0<\/a><a>RTVE<br \/>\n<\/a><a href=\"https:\/\/www.google.com\/url?rct=j&amp;sa=t&amp;url=https:\/\/www.20minutos.es\/noticia\/5225259\/0\/casi-mitad-los-espanoles-considera-que-las-mujeres-tienen-menos-oportunidades-laborales\/&amp;ct=ga&amp;cd=CAEYBCoTNTQ0Njg2ODgwNDg1MDIzOTkwOTIZYzAzNzJlYmMyZmVhZGE1OTplczplczpFUw&amp;usg=AOvVaw0w3QIIf039l361JfrInrZL\" target=\"_blank\" rel=\"noopener\" data-saferedirecturl=\"https:\/\/www.google.com\/url?q=https:\/\/www.google.com\/url?rct%3Dj%26sa%3Dt%26url%3Dhttps:\/\/www.20minutos.es\/noticia\/5225259\/0\/casi-mitad-los-espanoles-considera-que-las-mujeres-tienen-menos-oportunidades-laborales\/%26ct%3Dga%26cd%3DCAEYBCoTNTQ0Njg2ODgwNDg1MDIzOTkwOTIZYzAzNzJlYmMyZmVhZGE1OTplczplczpFUw%26usg%3DAOvVaw0w3QIIf039l361JfrInrZL&amp;source=gmail&amp;ust=1709974917191000&amp;usg=AOvVaw3iWPyRcJCDnLTWiRLYtjKb\">Casi la mitad de los espa\u00f1oles considera que las\u00a0mujeres tienen menos oportunidades laborales-\u00a0<\/a><a>20Minutos<br \/>\n<\/a><a href=\"https:\/\/www.google.com\/url?rct=j&amp;sa=t&amp;url=https:\/\/cincodias.elpais.com\/fortunas\/2024-03-06\/abierto-el-plazo-de-candidaturas-para-la-iii-edicion-del-premio-mujer-y-liderazgo.html&amp;ct=ga&amp;cd=CAEYCyoTNDM0ODg1MzczMjMzMjE5MDI0OTIZYzAzNzJlYmMyZmVhZGE1OTplczplczpFUw&amp;usg=AOvVaw2JmjzdiaVWPq8MXFnhvSbU\" target=\"_blank\" rel=\"noopener\" data-saferedirecturl=\"https:\/\/www.google.com\/url?q=https:\/\/www.google.com\/url?rct%3Dj%26sa%3Dt%26url%3Dhttps:\/\/cincodias.elpais.com\/fortunas\/2024-03-06\/abierto-el-plazo-de-candidaturas-para-la-iii-edicion-del-premio-mujer-y-liderazgo.html%26ct%3Dga%26cd%3DCAEYCyoTNDM0ODg1MzczMjMzMjE5MDI0OTIZYzAzNzJlYmMyZmVhZGE1OTplczplczpFUw%26usg%3DAOvVaw2JmjzdiaVWPq8MXFnhvSbU&amp;source=gmail&amp;ust=1709827622514000&amp;usg=AOvVaw2qe9JOjoIxNGQHzzc8GFGA\">Abierto el plazo de candidaturas para la III edici\u00f3n del Premio\u00a0Mujer y Liderazgo &#8211;<\/a><a>Cinco D\u00edas<br \/>\n<\/a><a href=\"https:\/\/www.google.com\/url?rct=j&amp;sa=t&amp;url=https:\/\/www.infobae.com\/peru\/2024\/03\/05\/aumenta-la-presencia-femenina-en-el-mercado-laboral-estas-son-las-4-carreras-tecnicas-mas-demandadas-por-mujeres\/&amp;ct=ga&amp;cd=CAEYACoUMTYwOTkyNjg5MjYwMjcxMzY0ODMyGWUyZGVmYTdkNWRhOTE1N2Q6ZXM6ZXM6RVM&amp;usg=AOvVaw1s9dDXH1uid6qTQF1gUhGk\" target=\"_blank\" rel=\"noopener\" data-saferedirecturl=\"https:\/\/www.google.com\/url?q=https:\/\/www.google.com\/url?rct%3Dj%26sa%3Dt%26url%3Dhttps:\/\/www.infobae.com\/peru\/2024\/03\/05\/aumenta-la-presencia-femenina-en-el-mercado-laboral-estas-son-las-4-carreras-tecnicas-mas-demandadas-por-mujeres\/%26ct%3Dga%26cd%3DCAEYACoUMTYwOTkyNjg5MjYwMjcxMzY0ODMyGWUyZGVmYTdkNWRhOTE1N2Q6ZXM6ZXM6RVM%26usg%3DAOvVaw1s9dDXH1uid6qTQF1gUhGk&amp;source=gmail&amp;ust=1709827621927000&amp;usg=AOvVaw22IhKENcfsGeNLFzf2Kvnn\">Aumenta la presencia femenina en el mercado laboral: estas son las 4 carreras t\u00e9cnicas &#8230;-\u00a0<\/a><a>Infobae<\/a><\/p>\n<p><strong>Actualidad<br \/>\n<\/strong><a href=\"https:\/\/www.google.com\/url?rct=j&amp;sa=t&amp;url=https:\/\/www.lasexta.com\/noticias\/sociedad\/feminismo-frente-realidad-espana-datos-que-demuestran-que-igualdad-esta-aun-lejos_2024030865eab696ab79d80001881a93.html&amp;ct=ga&amp;cd=CAEYACoTNjI5NDA2MDc0MzAyMjQ4MTYwNjIZYzAzNzJlYmMyZmVhZGE1OTplczplczpFUw&amp;usg=AOvVaw3DZLdJiTCych4ImLNe4NoN\" target=\"_blank\" rel=\"noopener\" data-saferedirecturl=\"https:\/\/www.google.com\/url?q=https:\/\/www.google.com\/url?rct%3Dj%26sa%3Dt%26url%3Dhttps:\/\/www.lasexta.com\/noticias\/sociedad\/feminismo-frente-realidad-espana-datos-que-demuestran-que-igualdad-esta-aun-lejos_2024030865eab696ab79d80001881a93.html%26ct%3Dga%26cd%3DCAEYACoTNjI5NDA2MDc0MzAyMjQ4MTYwNjIZYzAzNzJlYmMyZmVhZGE1OTplczplczpFUw%26usg%3DAOvVaw3DZLdJiTCych4ImLNe4NoN&amp;source=gmail&amp;ust=1709978325957000&amp;usg=AOvVaw0-x5g0F1c6GYGDdt9DAtn3\">El feminismo, frente a su realidad en Espa\u00f1a: datos que demuestran que la igualdad est\u00e1 a\u00fan lejos-\u00a0<\/a><a>LaSexta<br \/>\n<\/a><a href=\"https:\/\/www.google.com\/url?rct=j&amp;sa=t&amp;url=https:\/\/www.uppers.es\/economia-y-dinero\/estrategias-de-inversion-y-ahorro\/20240308\/yolanda-dominguez-mujeres-facturan-recompensa-era-solo-amor_18_011904644.html&amp;ct=ga&amp;cd=CAEYASoTNDgwMTI2MjU4OTA4NjgzNjQ1NjIZZTJkZWZhN2Q1ZGE5MTU3ZDplczplczpFUw&amp;usg=AOvVaw2InYGjiXlyaagCw4AfUVk_\" target=\"_blank\" rel=\"noopener\" data-saferedirecturl=\"https:\/\/www.google.com\/url?q=https:\/\/www.google.com\/url?rct%3Dj%26sa%3Dt%26url%3Dhttps:\/\/www.uppers.es\/economia-y-dinero\/estrategias-de-inversion-y-ahorro\/20240308\/yolanda-dominguez-mujeres-facturan-recompensa-era-solo-amor_18_011904644.html%26ct%3Dga%26cd%3DCAEYASoTNDgwMTI2MjU4OTA4NjgzNjQ1NjIZZTJkZWZhN2Q1ZGE5MTU3ZDplczplczpFUw%26usg%3DAOvVaw2InYGjiXlyaagCw4AfUVk_&amp;source=gmail&amp;ust=1709983054687000&amp;usg=AOvVaw2rMI5c90CQjbrfh2jyiqyr\">Yolanda Dom\u00ednguez o cuando las mujeres facturan: \u00abHasta ahora la recompensa era solo el amor\u00bb-\u00a0<\/a><a>Uppers<br \/>\n<\/a><a href=\"https:\/\/www.google.com\/url?rct=j&amp;sa=t&amp;url=https:\/\/conahcyt.mx\/evento\/webinario-feminismo-y-salud-por-el-derecho-a-la-salud-de-las-mujeres\/&amp;ct=ga&amp;cd=CAEYACoUMTU0OTQwMjA4OTg1OTk4ODgyNjQyGTU5ZDc4MTcxMzZhMmQwMjg6ZXM6ZXM6RVM&amp;usg=AOvVaw0VakI1MLnEkG82g8ELqEgQ\" target=\"_blank\" rel=\"noopener\" data-saferedirecturl=\"https:\/\/www.google.com\/url?q=https:\/\/www.google.com\/url?rct%3Dj%26sa%3Dt%26url%3Dhttps:\/\/conahcyt.mx\/evento\/webinario-feminismo-y-salud-por-el-derecho-a-la-salud-de-las-mujeres\/%26ct%3Dga%26cd%3DCAEYACoUMTU0OTQwMjA4OTg1OTk4ODgyNjQyGTU5ZDc4MTcxMzZhMmQwMjg6ZXM6ZXM6RVM%26usg%3DAOvVaw0VakI1MLnEkG82g8ELqEgQ&amp;source=gmail&amp;ust=1709827596456000&amp;usg=AOvVaw3CI8BHpdowdQKDnEiWWKQO\">Webinario \u201cFeminismo y Salud: por el derecho a la salud de las mujeres\u201d &#8211;\u00a0<\/a><a>Conahcyt<br \/>\n<\/a><a href=\"https:\/\/www.google.com\/url?rct=j&amp;sa=t&amp;url=https:\/\/www.telemadrid.es\/mujer\/Maria-Castellano-pionera-en-la-lucha-contra-la-violencia-de-genero-0-2649035077--20240306094323.html&amp;ct=ga&amp;cd=CAEYACoUMTQ3MDA5MDIzNDMxNDAwNjM2NDIyGWUyZGVmYTdkNWRhOTE1N2Q6ZXM6ZXM6RVM&amp;usg=AOvVaw1_MUaOSLxZfhzuiFh6QkyU\" target=\"_blank\" rel=\"noopener\" data-saferedirecturl=\"https:\/\/www.google.com\/url?q=https:\/\/www.google.com\/url?rct%3Dj%26sa%3Dt%26url%3Dhttps:\/\/www.telemadrid.es\/mujer\/Maria-Castellano-pionera-en-la-lucha-contra-la-violencia-de-genero-0-2649035077--20240306094323.html%26ct%3Dga%26cd%3DCAEYACoUMTQ3MDA5MDIzNDMxNDAwNjM2NDIyGWUyZGVmYTdkNWRhOTE1N2Q6ZXM6ZXM6RVM%26usg%3DAOvVaw1_MUaOSLxZfhzuiFh6QkyU&amp;source=gmail&amp;ust=1709827621984000&amp;usg=AOvVaw2m6Bjij5-E7tXvT9zxjKgq\">Mar\u00eda Castellano, pionera en la lucha contra la violencia de g\u00e9nero &#8211;\u00a0<\/a><a>Telemadrid<br \/>\n<\/a><a href=\"https:\/\/www.google.com\/url?rct=j&amp;sa=t&amp;url=https:\/\/www.epe.es\/es\/igualdad\/20240305\/feminismo-guia-completa-movimiento-feminista-dv-84201924&amp;ct=ga&amp;cd=CAEYACoUMTI4MzY4NzE2ODQ3MTkzODU0NTYyGWUxZTc3ZDE1NjA5OGE4ZTM6ZXM6ZXM6RVM&amp;usg=AOvVaw0IL61eF_XU_84DQvlzO5w_\" target=\"_blank\" rel=\"noopener\" data-saferedirecturl=\"https:\/\/www.google.com\/url?q=https:\/\/www.google.com\/url?rct%3Dj%26sa%3Dt%26url%3Dhttps:\/\/www.epe.es\/es\/igualdad\/20240305\/feminismo-guia-completa-movimiento-feminista-dv-84201924%26ct%3Dga%26cd%3DCAEYACoUMTI4MzY4NzE2ODQ3MTkzODU0NTYyGWUxZTc3ZDE1NjA5OGE4ZTM6ZXM6ZXM6RVM%26usg%3DAOvVaw0IL61eF_XU_84DQvlzO5w_&amp;source=gmail&amp;ust=1709827621676000&amp;usg=AOvVaw11thXl0TfENwLWPmeKMBrr\">\u00bfQu\u00e9 es el feminismo? Una gu\u00eda completa para entender el movimiento feminista-\u00a0<\/a><a>El Peri\u00f3dico de Espa\u00f1a<br \/>\n<\/a><a href=\"https:\/\/www.google.com\/url?rct=j&amp;sa=t&amp;url=https:\/\/cadenaser.com\/nacional\/2024\/03\/06\/solo-un-25-de-la-poblacion-sabe-que-la-primera-causa-de-muerte-en-mujeres-son-las-enfermedades-cardiovasculares-cadena-ser\/&amp;ct=ga&amp;cd=CAEYBCoTNzI1NzY2NTQ2MTc2MzAzNTY2MDIZYzAzNzJlYmMyZmVhZGE1OTplczplczpFUw&amp;usg=AOvVaw3Poig8FEX8J0bClBKnNGoU\" target=\"_blank\" rel=\"noopener\" data-saferedirecturl=\"https:\/\/www.google.com\/url?q=https:\/\/www.google.com\/url?rct%3Dj%26sa%3Dt%26url%3Dhttps:\/\/cadenaser.com\/nacional\/2024\/03\/06\/solo-un-25-de-la-poblacion-sabe-que-la-primera-causa-de-muerte-en-mujeres-son-las-enfermedades-cardiovasculares-cadena-ser\/%26ct%3Dga%26cd%3DCAEYBCoTNzI1NzY2NTQ2MTc2MzAzNTY2MDIZYzAzNzJlYmMyZmVhZGE1OTplczplczpFUw%26usg%3DAOvVaw3Poig8FEX8J0bClBKnNGoU&amp;source=gmail&amp;ust=1709913844381000&amp;usg=AOvVaw3XL1E59mDBbhS5Fk9c9Hnd\">Solo un 25% de la poblaci\u00f3n sabe que la primera causa de muerte en\u00a0mujeres son las enfermedades cardiovasculares &#8230; &#8211;\u00a0<\/a><a>cadena SER<br \/>\n<\/a><a href=\"https:\/\/www.google.com\/url?rct=j&amp;sa=t&amp;url=https:\/\/www.20minutos.es\/noticia\/5225179\/0\/que-es-suelo-pegajoso-mujeres-profesiones-precarizadas-sueldos-bajos\/&amp;ct=ga&amp;cd=CAEYAioUMTUwNDI2OTY5MDE1MzAxMzY4NjYyGWMwMzcyZWJjMmZlYWRhNTk6ZXM6ZXM6RVM&amp;usg=AOvVaw2hTlGO-OZlC7CZ5FtV6l23\" target=\"_blank\" rel=\"noopener\" data-saferedirecturl=\"https:\/\/www.google.com\/url?q=https:\/\/www.google.com\/url?rct%3Dj%26sa%3Dt%26url%3Dhttps:\/\/www.20minutos.es\/noticia\/5225179\/0\/que-es-suelo-pegajoso-mujeres-profesiones-precarizadas-sueldos-bajos\/%26ct%3Dga%26cd%3DCAEYAioUMTUwNDI2OTY5MDE1MzAxMzY4NjYyGWMwMzcyZWJjMmZlYWRhNTk6ZXM6ZXM6RVM%26usg%3DAOvVaw2hTlGO-OZlC7CZ5FtV6l23&amp;source=gmail&amp;ust=1709913844603000&amp;usg=AOvVaw3f9J2WGrk6PTYZUQ7QK496\">El &#8216;suelo pegajoso&#8217; o porque a las\u00a0mujeres les cuesta salir de los puestos m\u00e1s precarios &#8211;\u00a0<\/a><a>20Minutos<\/a><\/p>\n<p><strong>Violencias<br \/>\n<\/strong><a href=\"https:\/\/www.google.com\/url?rct=j&amp;sa=t&amp;url=https:\/\/www.servimedia.es\/noticias\/observatorio-anuncia-puesta-marcha-especialidad-violencia-genero\/1410110806&amp;ct=ga&amp;cd=CAEYAioTNzg5NjAxMDIyNDU5MTI0NzgwNzIZZTFlNzdkMTU2MDk4YThlMzplczplczpFUw&amp;usg=AOvVaw3PSSEwnp_f2TTRybq1Udix\" target=\"_blank\" rel=\"noopener\" data-saferedirecturl=\"https:\/\/www.google.com\/url?q=https:\/\/www.google.com\/url?rct%3Dj%26sa%3Dt%26url%3Dhttps:\/\/www.servimedia.es\/noticias\/observatorio-anuncia-puesta-marcha-especialidad-violencia-genero\/1410110806%26ct%3Dga%26cd%3DCAEYAioTNzg5NjAxMDIyNDU5MTI0NzgwNzIZZTFlNzdkMTU2MDk4YThlMzplczplczpFUw%26usg%3DAOvVaw3PSSEwnp_f2TTRybq1Udix&amp;source=gmail&amp;ust=1709913844057000&amp;usg=AOvVaw2i9A5joVwhwveCx0PR3NfA\">El Observatorio anuncia la puesta en marcha de la especialidad en\u00a0violencia de g\u00e9nero-\u00a0<\/a><a>Servimedia<br \/>\n<\/a><a href=\"https:\/\/www.google.com\/url?rct=j&amp;sa=t&amp;url=https:\/\/www.laopinioncoruna.es\/sociedad\/2024\/03\/05\/diez-adolescentes-espanoles-sufre-control-99021484.html&amp;ct=ga&amp;cd=CAEYACoUMTM2MTk0MDAwNzU2MTI5NjUyMzUyGWUyZGVmYTdkNWRhOTE1N2Q6ZXM6ZXM6RVM&amp;usg=AOvVaw0IDY6wzZnmcC6f8h7w2oxF\" target=\"_blank\" rel=\"noopener\" data-saferedirecturl=\"https:\/\/www.google.com\/url?q=https:\/\/www.google.com\/url?rct%3Dj%26sa%3Dt%26url%3Dhttps:\/\/www.laopinioncoruna.es\/sociedad\/2024\/03\/05\/diez-adolescentes-espanoles-sufre-control-99021484.html%26ct%3Dga%26cd%3DCAEYACoUMTM2MTk0MDAwNzU2MTI5NjUyMzUyGWUyZGVmYTdkNWRhOTE1N2Q6ZXM6ZXM6RVM%26usg%3DAOvVaw0IDY6wzZnmcC6f8h7w2oxF&amp;source=gmail&amp;ust=1709827621852000&amp;usg=AOvVaw3-Cyo3caRJtmmbSI4TbaVl\">Uno de cada diez adolescentes espa\u00f1oles sufre el control en sus relaciones de pareja-\u00a0<\/a><a>La Opini\u00f3n A Coru\u00f1a<br \/>\n<\/a><a href=\"https:\/\/www.google.com\/url?rct=j&amp;sa=t&amp;url=https:\/\/www.infobae.com\/espana\/2024\/03\/06\/el-82-de-las-agresiones-sexuales-en-la-infancia-tienen-como-victimas-a-ninas-y-adolescentes\/&amp;ct=ga&amp;cd=CAEYACoUMTUwNjAzNDcyOTcxMDcxOTcyMDQyGWUxZTc3ZDE1NjA5OGE4ZTM6ZXM6ZXM6RVM&amp;usg=AOvVaw3sE_vLowgNb7bltlM90h3m\" target=\"_blank\" rel=\"noopener\" data-saferedirecturl=\"https:\/\/www.google.com\/url?q=https:\/\/www.google.com\/url?rct%3Dj%26sa%3Dt%26url%3Dhttps:\/\/www.infobae.com\/espana\/2024\/03\/06\/el-82-de-las-agresiones-sexuales-en-la-infancia-tienen-como-victimas-a-ninas-y-adolescentes\/%26ct%3Dga%26cd%3DCAEYACoUMTUwNjAzNDcyOTcxMDcxOTcyMDQyGWUxZTc3ZDE1NjA5OGE4ZTM6ZXM6ZXM6RVM%26usg%3DAOvVaw3sE_vLowgNb7bltlM90h3m&amp;source=gmail&amp;ust=1709828454837000&amp;usg=AOvVaw1Bt7m6FY76CVbt63bePIOK\">El 82% de las agresiones sexuales en la infancia tienen como v\u00edctimas a ni\u00f1as y adolescentes-\u00a0<\/a><a>Infobae<\/a><strong><br \/>\n<\/strong><a href=\"https:\/\/www.google.com\/url?rct=j&amp;sa=t&amp;url=https:\/\/lasillarota.com\/nacion\/2024\/3\/6\/se-me-ve-todo-pero-no-es-mi-cuerpo-violencia-contra-las-mujeres-con-inteligencia-artificial-472897.html&amp;ct=ga&amp;cd=CAEYASoUMTMxMTUwOTg1NjUwMDkwNzUzOTYyGWUxZTc3ZDE1NjA5OGE4ZTM6ZXM6ZXM6RVM&amp;usg=AOvVaw1Zze3kRVLuNpYFDqEGroUb\" target=\"_blank\" rel=\"noopener\" data-saferedirecturl=\"https:\/\/www.google.com\/url?q=https:\/\/www.google.com\/url?rct%3Dj%26sa%3Dt%26url%3Dhttps:\/\/lasillarota.com\/nacion\/2024\/3\/6\/se-me-ve-todo-pero-no-es-mi-cuerpo-violencia-contra-las-mujeres-con-inteligencia-artificial-472897.html%26ct%3Dga%26cd%3DCAEYASoUMTMxMTUwOTg1NjUwMDkwNzUzOTYyGWUxZTc3ZDE1NjA5OGE4ZTM6ZXM6ZXM6RVM%26usg%3DAOvVaw1Zze3kRVLuNpYFDqEGroUb&amp;source=gmail&amp;ust=1709913843984000&amp;usg=AOvVaw2_Bd50MBUMXOfjnWnWn578\">Se me ve todo, pero no es mi cuerpo\u201d;\u00a0violencia contra las mujeres con Inteligencia Artificial-\u00a0<\/a><a>La Silla Rota<\/a><\/p>\n<p><strong>Ciencia y Cultura<br \/>\n<\/strong><a href=\"https:\/\/www.google.com\/url?rct=j&amp;sa=t&amp;url=https:\/\/www.csic.es\/es\/actualidad-del-csic\/las-politicas-de-igualdad-de-genero-deben-tomar-en-serio-la-diversidad-entre-las-mujeres&amp;ct=ga&amp;cd=CAEYASoTMTUyNzAyMjM4MTE1Mjg0MTA4MTIZNTlkNzgxNzEzNmEyZDAyODplczplczpFUw&amp;usg=AOvVaw1rIhQgqzHynyDpDbfYCs3F\" target=\"_blank\" rel=\"noopener\" data-saferedirecturl=\"https:\/\/www.google.com\/url?q=https:\/\/www.google.com\/url?rct%3Dj%26sa%3Dt%26url%3Dhttps:\/\/www.csic.es\/es\/actualidad-del-csic\/las-politicas-de-igualdad-de-genero-deben-tomar-en-serio-la-diversidad-entre-las-mujeres%26ct%3Dga%26cd%3DCAEYASoTMTUyNzAyMjM4MTE1Mjg0MTA4MTIZNTlkNzgxNzEzNmEyZDAyODplczplczpFUw%26usg%3DAOvVaw1rIhQgqzHynyDpDbfYCs3F&amp;source=gmail&amp;ust=1709827596552000&amp;usg=AOvVaw2htvXmRP1IkU1Fcpt0wMWs\">Las pol\u00edticas de igualdad de\u00a0g\u00e9nero deben tomar en serio la diversidad entre las mujeres-\u00a0<\/a><a>CSIC<br \/>\n<\/a><a href=\"https:\/\/www.google.com\/url?rct=j&amp;sa=t&amp;url=https:\/\/www.diariodesevilla.es\/sociedad\/cientifica-Margarita-Salas-imagen-coleccion-moneda-10-euros-8M_0_1881711986.html&amp;ct=ga&amp;cd=CAEYBCoUMTczOTc5NDg1MjE0ODkxOTMyNDEyGWMwMzcyZWJjMmZlYWRhNTk6ZXM6ZXM6RVM&amp;usg=AOvVaw2TCWxdAGECXw2QZSCMJnxM\" target=\"_blank\" rel=\"noopener\" data-saferedirecturl=\"https:\/\/www.google.com\/url?q=https:\/\/www.google.com\/url?rct%3Dj%26sa%3Dt%26url%3Dhttps:\/\/www.diariodesevilla.es\/sociedad\/cientifica-Margarita-Salas-imagen-coleccion-moneda-10-euros-8M_0_1881711986.html%26ct%3Dga%26cd%3DCAEYBCoUMTczOTc5NDg1MjE0ODkxOTMyNDEyGWMwMzcyZWJjMmZlYWRhNTk6ZXM6ZXM6RVM%26usg%3DAOvVaw2TCWxdAGECXw2QZSCMJnxM&amp;source=gmail&amp;ust=1709827622232000&amp;usg=AOvVaw36AAMtIST2a_djWIv_WeNx\">La cient\u00edfica Margarita Salas ser\u00e1 la imagen de una moneda de colecci\u00f3n de 10 euros por el 8-M-\u00a0<\/a><a>Diario de Sevilla<br \/>\n<\/a><a href=\"https:\/\/www.google.com\/url?rct=j&amp;sa=t&amp;url=https:\/\/elpais.com\/ciencia\/2024-03-05\/las-mujeres-la-ciencia-y-el-tiempo.html&amp;ct=ga&amp;cd=CAEYBioUMTMyNTk1NjEwMTg3NjcyNzMzOTgyGWMwMzcyZWJjMmZlYWRhNTk6ZXM6ZXM6RVM&amp;usg=AOvVaw0Lqc97VSYBwpYdtKhqjr7h\" target=\"_blank\" rel=\"noopener\" data-saferedirecturl=\"https:\/\/www.google.com\/url?q=https:\/\/www.google.com\/url?rct%3Dj%26sa%3Dt%26url%3Dhttps:\/\/elpais.com\/ciencia\/2024-03-05\/las-mujeres-la-ciencia-y-el-tiempo.html%26ct%3Dga%26cd%3DCAEYBioUMTMyNTk1NjEwMTg3NjcyNzMzOTgyGWMwMzcyZWJjMmZlYWRhNTk6ZXM6ZXM6RVM%26usg%3DAOvVaw0Lqc97VSYBwpYdtKhqjr7h&amp;source=gmail&amp;ust=1709827622263000&amp;usg=AOvVaw1kfHrx85CT8xfFju92Rht9\">Las\u00a0mujeres, la ciencia y el tiempo &#8211;<\/a><a>elpais<br \/>\n<\/a><a href=\"https:\/\/www.google.com\/url?rct=j&amp;sa=t&amp;url=https:\/\/www.20minutos.es\/noticia\/5224721\/0\/blanco-negro-magenta-entrega-sus-premios-compromiso-feminista-traves-arte\/&amp;ct=ga&amp;cd=CAEYBCoTNDM0ODg1MzczMjMzMjE5MDI0OTIZYzAzNzJlYmMyZmVhZGE1OTplczplczpFUw&amp;usg=AOvVaw1lpJ9pPRPT_7Y9BrLl2Aus\" target=\"_blank\" rel=\"noopener\" data-saferedirecturl=\"https:\/\/www.google.com\/url?q=https:\/\/www.google.com\/url?rct%3Dj%26sa%3Dt%26url%3Dhttps:\/\/www.20minutos.es\/noticia\/5224721\/0\/blanco-negro-magenta-entrega-sus-premios-compromiso-feminista-traves-arte\/%26ct%3Dga%26cd%3DCAEYBCoTNDM0ODg1MzczMjMzMjE5MDI0OTIZYzAzNzJlYmMyZmVhZGE1OTplczplczpFUw%26usg%3DAOvVaw1lpJ9pPRPT_7Y9BrLl2Aus&amp;source=gmail&amp;ust=1709827622512000&amp;usg=AOvVaw2322HuRqKeTLPXZ-OOI3Lg\">Blanco, Negro y Magenta entrega sus premios al compromiso feminista a trav\u00e9s del arte-\u00a0<\/a><a>20Minutos<br \/>\n<\/a><a href=\"https:\/\/www.google.com\/url?rct=j&amp;sa=t&amp;url=https:\/\/www.elindependiente.com\/tendencias\/2024\/03\/06\/charo-lopez-seguramente-no-he-sabido-despedirme-o-no-he-querido-hacerlo\/&amp;ct=ga&amp;cd=CAEYACoUMTQ5NTA5NTMyNDczNjEyMjM3MzQyGWMwMzcyZWJjMmZlYWRhNTk6ZXM6ZXM6RVM&amp;usg=AOvVaw0K4a1BxXlUQJyoo5w-9JCn\" target=\"_blank\" rel=\"noopener\" data-saferedirecturl=\"https:\/\/www.google.com\/url?q=https:\/\/www.google.com\/url?rct%3Dj%26sa%3Dt%26url%3Dhttps:\/\/www.elindependiente.com\/tendencias\/2024\/03\/06\/charo-lopez-seguramente-no-he-sabido-despedirme-o-no-he-querido-hacerlo\/%26ct%3Dga%26cd%3DCAEYACoUMTQ5NTA5NTMyNDczNjEyMjM3MzQyGWMwMzcyZWJjMmZlYWRhNTk6ZXM6ZXM6RVM%26usg%3DAOvVaw0K4a1BxXlUQJyoo5w-9JCn&amp;source=gmail&amp;ust=1709913844347000&amp;usg=AOvVaw0cY0nrh3DjKK_rcOj2QgNT\">Charo L\u00f3pez: \u00abSeguramente no he sabido despedirme o no he querido hacerlo\u00bb-<\/a><a>El Independiente<br \/>\n<\/a><a href=\"https:\/\/www.google.com\/url?rct=j&amp;sa=t&amp;url=https:\/\/cadenaser.com\/castillayleon\/2024\/03\/06\/histwomery-o-como-devolver-a-la-mujer-al-lugar-historico-que-le-pertenece-radio-valladolid\/&amp;ct=ga&amp;cd=CAEYACoTNTU1NzI2Mzc4MjA5MDQxMDQ2OTIZYzAzNzJlYmMyZmVhZGE1OTplczplczpFUw&amp;usg=AOvVaw2G6GOkCzc9UPyKoB7dqKNR\" target=\"_blank\" rel=\"noopener\" data-saferedirecturl=\"https:\/\/www.google.com\/url?q=https:\/\/www.google.com\/url?rct%3Dj%26sa%3Dt%26url%3Dhttps:\/\/cadenaser.com\/castillayleon\/2024\/03\/06\/histwomery-o-como-devolver-a-la-mujer-al-lugar-historico-que-le-pertenece-radio-valladolid\/%26ct%3Dga%26cd%3DCAEYACoTNTU1NzI2Mzc4MjA5MDQxMDQ2OTIZYzAzNzJlYmMyZmVhZGE1OTplczplczpFUw%26usg%3DAOvVaw2G6GOkCzc9UPyKoB7dqKNR&amp;source=gmail&amp;ust=1709913844398000&amp;usg=AOvVaw0XsCAOus-GBXkWY4wP71Zq\">Histwomery o c\u00f3mo devolver a la\u00a0mujer al lugar (hist\u00f3rico) que le pertenece &#8211;\u00a0<\/a><a>cadena SER<\/a><\/p>\n<p><strong>Deporte<br \/>\n<\/strong><a href=\"https:\/\/www.google.com\/url?rct=j&amp;sa=t&amp;url=https:\/\/www.lasprovincias.es\/deportes\/atletismo\/fatima-diame-veo-capaz-saltar-siete-metros-20240304003956-nt.html&amp;ct=ga&amp;cd=CAEYBCoUMTA4MjEyMTE2NzY1MjU3ODc0NTgyGWUyZGVmYTdkNWRhOTE1N2Q6ZXM6ZXM6RVM&amp;usg=AOvVaw0sz7Bgsz2hobtAfZVKsiTd\" target=\"_blank\" rel=\"noopener\" data-saferedirecturl=\"https:\/\/www.google.com\/url?q=https:\/\/www.google.com\/url?rct%3Dj%26sa%3Dt%26url%3Dhttps:\/\/www.lasprovincias.es\/deportes\/atletismo\/fatima-diame-veo-capaz-saltar-siete-metros-20240304003956-nt.html%26ct%3Dga%26cd%3DCAEYBCoUMTA4MjEyMTE2NzY1MjU3ODc0NTgyGWUyZGVmYTdkNWRhOTE1N2Q6ZXM6ZXM6RVM%26usg%3DAOvVaw0sz7Bgsz2hobtAfZVKsiTd&amp;source=gmail&amp;ust=1709827621791000&amp;usg=AOvVaw2yBhbi-opoHhUBYO_nn4jn\">F\u00e1tima Diame: \u00abMe veo capaz de saltar siete metros. No s\u00e9 cu\u00e1ndo, ojal\u00e1 en los\u00a0Juegos<\/a>&#8211; L<a>as Provincias<br \/>\n<\/a><a href=\"https:\/\/www.google.com\/url?rct=j&amp;sa=t&amp;url=https:\/\/diario16plus.com\/la-seleccion-espanola-es-un-referente-deportivo-en-europa-y-tambien-puede-serlo-para-combatir-la-crisis-climatica\/&amp;ct=ga&amp;cd=CAEYCyoUMTA4MjEyMTE2NzY1MjU3ODc0NTgyGWUyZGVmYTdkNWRhOTE1N2Q6ZXM6ZXM6RVM&amp;usg=AOvVaw063txYgPbia5C_nVsnPZka\" target=\"_blank\" rel=\"noopener\" data-saferedirecturl=\"https:\/\/www.google.com\/url?q=https:\/\/www.google.com\/url?rct%3Dj%26sa%3Dt%26url%3Dhttps:\/\/diario16plus.com\/la-seleccion-espanola-es-un-referente-deportivo-en-europa-y-tambien-puede-serlo-para-combatir-la-crisis-climatica\/%26ct%3Dga%26cd%3DCAEYCyoUMTA4MjEyMTE2NzY1MjU3ODc0NTgyGWUyZGVmYTdkNWRhOTE1N2Q6ZXM6ZXM6RVM%26usg%3DAOvVaw063txYgPbia5C_nVsnPZka&amp;source=gmail&amp;ust=1709827621793000&amp;usg=AOvVaw24SnlejDYcqcUXz-SQ9Uqs\">\u00abLa Selecci\u00f3n Espa\u00f1ola es un referente deportivo en Europa y tambi\u00e9n puede serlo para &#8230;-\u00a0<\/a><a>Diario 16<br \/>\n<\/a><a href=\"https:\/\/www.google.com\/url?rct=j&amp;sa=t&amp;url=https:\/\/efeminista.com\/patricia-cazon-las-mujeres-salmon\/&amp;ct=ga&amp;cd=CAEYCCoUMTA4MjEyMTE2NzY1MjU3ODc0NTgyGWUyZGVmYTdkNWRhOTE1N2Q6ZXM6ZXM6RVM&amp;usg=AOvVaw2E4hewM3Z-uwtu5i6q8Nln\" target=\"_blank\" rel=\"noopener\" data-saferedirecturl=\"https:\/\/www.google.com\/url?q=https:\/\/www.google.com\/url?rct%3Dj%26sa%3Dt%26url%3Dhttps:\/\/efeminista.com\/patricia-cazon-las-mujeres-salmon\/%26ct%3Dga%26cd%3DCAEYCCoUMTA4MjEyMTE2NzY1MjU3ODc0NTgyGWUyZGVmYTdkNWRhOTE1N2Q6ZXM6ZXM6RVM%26usg%3DAOvVaw2E4hewM3Z-uwtu5i6q8Nln&amp;source=gmail&amp;ust=1709827621792000&amp;usg=AOvVaw3FDmvYT9tAfHwCy9XmS7DW\">Patricia Caz\u00f3n recoge los logros de las deportistas olvidadas en \u00abLas mujeres Salm\u00f3n-\u00a0<\/a><a>efeminista<br \/>\n<\/a><a href=\"https:\/\/www.google.com\/url?rct=j&amp;sa=t&amp;url=https:\/\/www.dw.com\/es\/la-desigualdad-de-g%25C3%25A9nero-sigue-frenando-al-deporte-femenino\/a-68468029&amp;ct=ga&amp;cd=CAEYACoUMTc5MjcxOTg4Mzc0ODU0MDg2NzkyGTU5ZDc4MTcxMzZhMmQwMjg6ZXM6ZXM6RVM&amp;usg=AOvVaw3ReDto19SRzx7KAx7-YG0W\" target=\"_blank\" rel=\"noopener\" data-saferedirecturl=\"https:\/\/www.google.com\/url?q=https:\/\/www.google.com\/url?rct%3Dj%26sa%3Dt%26url%3Dhttps:\/\/www.dw.com\/es\/la-desigualdad-de-g%2525C3%2525A9nero-sigue-frenando-al-deporte-femenino\/a-68468029%26ct%3Dga%26cd%3DCAEYACoUMTc5MjcxOTg4Mzc0ODU0MDg2NzkyGTU5ZDc4MTcxMzZhMmQwMjg6ZXM6ZXM6RVM%26usg%3DAOvVaw3ReDto19SRzx7KAx7-YG0W&amp;source=gmail&amp;ust=1709969498344000&amp;usg=AOvVaw3KWMF0z8ZJbcqScgclLIFl\">La desigualdad de g\u00e9nero sigue frenando al deporte femenino &#8211;\u00a0<\/a><a>DW<\/a><a>\u00a0<\/a><\/p>\n<\/div>\n<\/div>\n<div id=\"\" class=\"lsow-panel lsow-active\">\n<h1 class=\"lsow-panel-title\">Internacional<\/h1>\n<div class=\"lsow-panel-content\">\n<p><a href=\"https:\/\/www.google.com\/url?rct=j&amp;sa=t&amp;url=https:\/\/www.europapress.es\/epsocial\/responsables\/noticia-tendran-pasar-300-anos-lograr-equidad-genero-onu-mujeres-fundacion-microfinanzas-bbva-20240307171246.html&amp;ct=ga&amp;cd=CAEYACoUMTY0MjM3ODA2ODAyNTAzOTgxNjgyGTU5ZDc4MTcxMzZhMmQwMjg6ZXM6ZXM6RVM&amp;usg=AOvVaw1hrWjDWu4xclTnS3EIpjsP\" target=\"_blank\" rel=\"noopener\" data-saferedirecturl=\"https:\/\/www.google.com\/url?q=https:\/\/www.google.com\/url?rct%3Dj%26sa%3Dt%26url%3Dhttps:\/\/www.europapress.es\/epsocial\/responsables\/noticia-tendran-pasar-300-anos-lograr-equidad-genero-onu-mujeres-fundacion-microfinanzas-bbva-20240307171246.html%26ct%3Dga%26cd%3DCAEYACoUMTY0MjM3ODA2ODAyNTAzOTgxNjgyGTU5ZDc4MTcxMzZhMmQwMjg6ZXM6ZXM6RVM%26usg%3DAOvVaw1hrWjDWu4xclTnS3EIpjsP&amp;source=gmail&amp;ust=1709969498359000&amp;usg=AOvVaw0AUUUOaV8RJ1joXVMSgoS7\">Tendr\u00e1n que pasar 300 a\u00f1os para lograr la equidad de g\u00e9nero, seg\u00fan ONU Mujeres y &#8230;-\u00a0<\/a><a>Europa Press<br \/>\n<\/a><a href=\"https:\/\/www.google.com\/url?rct=j&amp;sa=t&amp;url=https:\/\/diariolaley.laleynext.es\/dll\/2024\/03\/06\/los-derechos-de-la-mujer-en-la-ue-a-debate-en-madrid&amp;ct=ga&amp;cd=CAEYACoUMTUwMzQzODAwOTEyMTE4MTQ2NDMyGTFmYWEzNjRkM2QxMTIyMWI6ZXM6ZXM6RVM&amp;usg=AOvVaw11-81ZuSYY_h5y439wrQXK\" target=\"_blank\" rel=\"noopener\" data-saferedirecturl=\"https:\/\/www.google.com\/url?q=https:\/\/www.google.com\/url?rct%3Dj%26sa%3Dt%26url%3Dhttps:\/\/diariolaley.laleynext.es\/dll\/2024\/03\/06\/los-derechos-de-la-mujer-en-la-ue-a-debate-en-madrid%26ct%3Dga%26cd%3DCAEYACoUMTUwMzQzODAwOTEyMTE4MTQ2NDMyGTFmYWEzNjRkM2QxMTIyMWI6ZXM6ZXM6RVM%26usg%3DAOvVaw11-81ZuSYY_h5y439wrQXK&amp;source=gmail&amp;ust=1709827625951000&amp;usg=AOvVaw2NC87oO8GxtxPJgiNhgkc0\">Derechos de la mujer en la UE: logros y retos ante las elecciones europeas 2024\u00bb &#8211;<\/a><a>diariolaley<br \/>\n<\/a><a href=\"https:\/\/www.google.com\/url?rct=j&amp;sa=t&amp;url=https:\/\/radio.uchile.cl\/2024\/03\/07\/paises-ocde-necesitan-mas-de-medio-siglo-para-cerrar-brecha-salarial-de-genero\/&amp;ct=ga&amp;cd=CAEYASoTMzY4NTgyMjYyMDQzMjM3NDIxNzIZNTlkNzgxNzEzNmEyZDAyODplczplczpFUw&amp;usg=AOvVaw3kcV0saKaxiKbswvx3Fajb\" target=\"_blank\" rel=\"noopener\" data-saferedirecturl=\"https:\/\/www.google.com\/url?q=https:\/\/www.google.com\/url?rct%3Dj%26sa%3Dt%26url%3Dhttps:\/\/radio.uchile.cl\/2024\/03\/07\/paises-ocde-necesitan-mas-de-medio-siglo-para-cerrar-brecha-salarial-de-genero\/%26ct%3Dga%26cd%3DCAEYASoTMzY4NTgyMjYyMDQzMjM3NDIxNzIZNTlkNzgxNzEzNmEyZDAyODplczplczpFUw%26usg%3DAOvVaw3kcV0saKaxiKbswvx3Fajb&amp;source=gmail&amp;ust=1709969498368000&amp;usg=AOvVaw2zHAXpc0px6D67i_NR5QZm\">Pa\u00edses OCDE necesitan m\u00e1s de medio siglo para cerrar brecha salarial de\u00a0g\u00e9nero<b>&#8211;\u00a0<\/b><\/a><a>Radio Universidad de Chile<br \/>\n<\/a><a href=\"https:\/\/www.google.com\/url?rct=j&amp;sa=t&amp;url=https:\/\/euroefe.euractiv.es\/section\/feminismo\/news\/la-ley-europea-contra-la-trata-avanza-sin-oposicion-hacia-su-aprobacion-en-abril\/&amp;ct=ga&amp;cd=CAEYACoUMTA1ODA5MTk4MTA1NDU5NzY4ODQyGTFmYWEzNjRkM2QxMTIyMWI6ZXM6ZXM6RVM&amp;usg=AOvVaw0sroHxwnslcg5bI0pM20F1\" target=\"_blank\" rel=\"noopener\" data-saferedirecturl=\"https:\/\/www.google.com\/url?q=https:\/\/www.google.com\/url?rct%3Dj%26sa%3Dt%26url%3Dhttps:\/\/euroefe.euractiv.es\/section\/feminismo\/news\/la-ley-europea-contra-la-trata-avanza-sin-oposicion-hacia-su-aprobacion-en-abril\/%26ct%3Dga%26cd%3DCAEYACoUMTA1ODA5MTk4MTA1NDU5NzY4ODQyGTFmYWEzNjRkM2QxMTIyMWI6ZXM6ZXM6RVM%26usg%3DAOvVaw0sroHxwnslcg5bI0pM20F1&amp;source=gmail&amp;ust=1709828372750000&amp;usg=AOvVaw1AK59og0FSOdLUSeMqMz8o\">La ley europea contra la trata avanza \u00absin oposici\u00f3n\u00bb hacia su aprobaci\u00f3n en abril-\u00a0<\/a><a>EuroEFE-<br \/>\n<\/a><a href=\"https:\/\/www.google.com\/url?rct=j&amp;sa=t&amp;url=https:\/\/euroefe.euractiv.es\/section\/feminismo\/linksdossier\/un-8m-a-la-espera-de-la-primera-ley-europea-de-violencia-de-genero\/&amp;ct=ga&amp;cd=CAEYASoUMTUyNzE1MTMzODgyMDY2MTI2OTMyGTFmYWEzNjRkM2QxMTIyMWI6ZXM6ZXM6RVM&amp;usg=AOvVaw2bplj0VWvzMMKPdjVdGg_U\" target=\"_blank\" rel=\"noopener\" data-saferedirecturl=\"https:\/\/www.google.com\/url?q=https:\/\/www.google.com\/url?rct%3Dj%26sa%3Dt%26url%3Dhttps:\/\/euroefe.euractiv.es\/section\/feminismo\/linksdossier\/un-8m-a-la-espera-de-la-primera-ley-europea-de-violencia-de-genero\/%26ct%3Dga%26cd%3DCAEYASoUMTUyNzE1MTMzODgyMDY2MTI2OTMyGTFmYWEzNjRkM2QxMTIyMWI6ZXM6ZXM6RVM%26usg%3DAOvVaw2bplj0VWvzMMKPdjVdGg_U&amp;source=gmail&amp;ust=1709986107685000&amp;usg=AOvVaw15yitOHZdfGVmImkKgFud5\">Un 8M a la espera de la primera ley europea de violencia de g\u00e9nero &#8211;\u00a0<\/a><a>EuroEFE<br \/>\n<\/a><a href=\"https:\/\/www.google.com\/url?rct=j&amp;sa=t&amp;url=https:\/\/www.portafolio.co\/internacional\/brecha-de-genero-en-el-mercado-laboral-es-mayor-a-lo-esperado-segun-el-banco-mundial-599770&amp;ct=ga&amp;cd=CAEYACoUMTI2ODkwNzQyNzI2Mzk4OTk3NzYyGTU5ZDc4MTcxMzZhMmQwMjg6ZXM6ZXM6RVM&amp;usg=AOvVaw2EQ7GaVIne3n39rHHyBDzl\" target=\"_blank\" rel=\"noopener\" data-saferedirecturl=\"https:\/\/www.google.com\/url?q=https:\/\/www.google.com\/url?rct%3Dj%26sa%3Dt%26url%3Dhttps:\/\/www.portafolio.co\/internacional\/brecha-de-genero-en-el-mercado-laboral-es-mayor-a-lo-esperado-segun-el-banco-mundial-599770%26ct%3Dga%26cd%3DCAEYACoUMTI2ODkwNzQyNzI2Mzk4OTk3NzYyGTU5ZDc4MTcxMzZhMmQwMjg6ZXM6ZXM6RVM%26usg%3DAOvVaw2EQ7GaVIne3n39rHHyBDzl&amp;source=gmail&amp;ust=1709827596426000&amp;usg=AOvVaw3KETJ2bGqHWSFV_uby12M5\">Brecha de\u00a0g\u00e9nero en el mercado laboral es mayor a lo esperado, seg\u00fan el Banco Mundial-\u00a0<\/a><a>Portafolio<br \/>\n<\/a><a href=\"https:\/\/www.google.com\/url?rct=j&amp;sa=t&amp;url=https:\/\/www.ilo.org\/global\/about-the-ilo\/newsroom\/news\/WCMS_915792\/lang--es\/index.htm&amp;ct=ga&amp;cd=CAEYACoTODMwMjIxNTM1MTk2MDgxMjA2ODIZNTlkNzgxNzEzNmEyZDAyODplczplczpFUw&amp;usg=AOvVaw1gg1FbKxYA5pIeHpkzqkI3\" target=\"_blank\" rel=\"noopener\" data-saferedirecturl=\"https:\/\/www.google.com\/url?q=https:\/\/www.google.com\/url?rct%3Dj%26sa%3Dt%26url%3Dhttps:\/\/www.ilo.org\/global\/about-the-ilo\/newsroom\/news\/WCMS_915792\/lang--es\/index.htm%26ct%3Dga%26cd%3DCAEYACoTODMwMjIxNTM1MTk2MDgxMjA2ODIZNTlkNzgxNzEzNmEyZDAyODplczplczpFUw%26usg%3DAOvVaw1gg1FbKxYA5pIeHpkzqkI3&amp;source=gmail&amp;ust=1709827596514000&amp;usg=AOvVaw2_soQ5UtDPyEGymjrZ7BW2\">Las organizaciones de empleadores y empresas progresan en la igualdad de\u00a0g\u00e9nero, pero &#8230;-\u00a0<\/a><a>ilo<br \/>\n<\/a><a href=\"https:\/\/www.google.com\/url?rct=j&amp;sa=t&amp;url=https:\/\/www.cepal.org\/es\/publicaciones\/69036-la-agenda-2030-desarrollo-sostenible-la-agenda-regional-genero-america-latina&amp;ct=ga&amp;cd=CAEYBSoUMTAyNzI0Njc4Mzc1OTAxOTU1MDMyGTU5ZDc4MTcxMzZhMmQwMjg6ZXM6ZXM6RVM&amp;usg=AOvVaw0Z0acveyGqiif3Q79Sm-8i\" target=\"_blank\" rel=\"noopener\" data-saferedirecturl=\"https:\/\/www.google.com\/url?q=https:\/\/www.google.com\/url?rct%3Dj%26sa%3Dt%26url%3Dhttps:\/\/www.cepal.org\/es\/publicaciones\/69036-la-agenda-2030-desarrollo-sostenible-la-agenda-regional-genero-america-latina%26ct%3Dga%26cd%3DCAEYBSoUMTAyNzI0Njc4Mzc1OTAxOTU1MDMyGTU5ZDc4MTcxMzZhMmQwMjg6ZXM6ZXM6RVM%26usg%3DAOvVaw0Z0acveyGqiif3Q79Sm-8i&amp;source=gmail&amp;ust=1709827596733000&amp;usg=AOvVaw1LP0UpB_E_QEiI01C9gVbL\">La Agenda 2030 para el Desarrollo Sostenible y la Agenda Regional de G\u00e9nero en Am\u00e9rica &#8230;-\u00a0<\/a><a>CEPAL<br \/>\n<\/a><a href=\"https:\/\/www.google.com\/url?rct=j&amp;sa=t&amp;url=https:\/\/www.eleconomista.com.mx\/opinion\/Falta-empoderar-a-las-mujeres-en-el-sector-salud-20240305-0151.html&amp;ct=ga&amp;cd=CAEYCioUMTAyNzI0Njc4Mzc1OTAxOTU1MDMyGTU5ZDc4MTcxMzZhMmQwMjg6ZXM6ZXM6RVM&amp;usg=AOvVaw2kmtZIgGTGBFtZvhbcc2e1\" target=\"_blank\" rel=\"noopener\" data-saferedirecturl=\"https:\/\/www.google.com\/url?q=https:\/\/www.google.com\/url?rct%3Dj%26sa%3Dt%26url%3Dhttps:\/\/www.eleconomista.com.mx\/opinion\/Falta-empoderar-a-las-mujeres-en-el-sector-salud-20240305-0151.html%26ct%3Dga%26cd%3DCAEYCioUMTAyNzI0Njc4Mzc1OTAxOTU1MDMyGTU5ZDc4MTcxMzZhMmQwMjg6ZXM6ZXM6RVM%26usg%3DAOvVaw2kmtZIgGTGBFtZvhbcc2e1&amp;source=gmail&amp;ust=1709827596735000&amp;usg=AOvVaw1xc1aWZMGFTqQjjj1OcB4V\">Falta empoderar a las mujeres en el sector salud &#8211;<\/a><a>El Economista<br \/>\n<\/a><a href=\"https:\/\/www.google.com\/url?rct=j&amp;sa=t&amp;url=https:\/\/www.rtve.es\/noticias\/20240306\/lucha-mujeres-islandesas-para-construir-paraiso-feminista\/15991772.shtml&amp;ct=ga&amp;cd=CAEYAioUMTc1NTkwNjY3MTYxMjcxMDc1NDkyGWMwMzcyZWJjMmZlYWRhNTk6ZXM6ZXM6RVM&amp;usg=AOvVaw26sqq6GVmktXvU0vrbIzGQ\" target=\"_blank\" rel=\"noopener\" data-saferedirecturl=\"https:\/\/www.google.com\/url?q=https:\/\/www.google.com\/url?rct%3Dj%26sa%3Dt%26url%3Dhttps:\/\/www.rtve.es\/noticias\/20240306\/lucha-mujeres-islandesas-para-construir-paraiso-feminista\/15991772.shtml%26ct%3Dga%26cd%3DCAEYAioUMTc1NTkwNjY3MTYxMjcxMDc1NDkyGWMwMzcyZWJjMmZlYWRhNTk6ZXM6ZXM6RVM%26usg%3DAOvVaw26sqq6GVmktXvU0vrbIzGQ&amp;source=gmail&amp;ust=1709828038553000&amp;usg=AOvVaw3CthUPtzWSlDt27tsAeVhq\">La lucha de las islandesas para construir el para\u00edso feminista &#8211;\u00a0<\/a><a>RTVE<br \/>\n<\/a><a href=\"https:\/\/www.google.com\/url?rct=j&amp;sa=t&amp;url=https:\/\/www.clacso.org\/hacia-los-feminismos-descoloniales-negros-y-comunitarios-para-descolonizar-los-estudios-de-genero-y-salud\/&amp;ct=ga&amp;cd=CAEYACoUMTY3Mjc5MzMxMzc0NTE2MDI0MzkyGTU5ZDc4MTcxMzZhMmQwMjg6ZXM6ZXM6RVM&amp;usg=AOvVaw3uAA8yRmgurQ8hYA_tA2KR\" target=\"_blank\" rel=\"noopener\" data-saferedirecturl=\"https:\/\/www.google.com\/url?q=https:\/\/www.google.com\/url?rct%3Dj%26sa%3Dt%26url%3Dhttps:\/\/www.clacso.org\/hacia-los-feminismos-descoloniales-negros-y-comunitarios-para-descolonizar-los-estudios-de-genero-y-salud\/%26ct%3Dga%26cd%3DCAEYACoUMTY3Mjc5MzMxMzc0NTE2MDI0MzkyGTU5ZDc4MTcxMzZhMmQwMjg6ZXM6ZXM6RVM%26usg%3DAOvVaw3uAA8yRmgurQ8hYA_tA2KR&amp;source=gmail&amp;ust=1709827596390000&amp;usg=AOvVaw3BNL2b9lf87OvLM1rQ7sqb\">Hacia los feminismos descoloniales, negros y comunitarios para descolonizar los estudios &#8230;-\u00a0<\/a><a>clacso<br \/>\n<\/a><a href=\"https:\/\/www.google.com\/url?rct=j&amp;sa=t&amp;url=https:\/\/inba.gob.mx\/prensa\/19587\/compositoras-rompiendo-el-silencio-titulo-del-programa-que-presentara-la-orquesta-sinfonica-nacional&amp;ct=ga&amp;cd=CAEYBCoUMTMyNTk1NjEwMTg3NjcyNzMzOTgyGWMwMzcyZWJjMmZlYWRhNTk6ZXM6ZXM6RVM&amp;usg=AOvVaw0eQx0jCJdSPdpCaNTqb-Mb\" target=\"_blank\" rel=\"noopener\" data-saferedirecturl=\"https:\/\/www.google.com\/url?q=https:\/\/www.google.com\/url?rct%3Dj%26sa%3Dt%26url%3Dhttps:\/\/inba.gob.mx\/prensa\/19587\/compositoras-rompiendo-el-silencio-titulo-del-programa-que-presentara-la-orquesta-sinfonica-nacional%26ct%3Dga%26cd%3DCAEYBCoUMTMyNTk1NjEwMTg3NjcyNzMzOTgyGWMwMzcyZWJjMmZlYWRhNTk6ZXM6ZXM6RVM%26usg%3DAOvVaw0eQx0jCJdSPdpCaNTqb-Mb&amp;source=gmail&amp;ust=1709827622262000&amp;usg=AOvVaw2nxnMGhP5gWvwvvDs2aouX\">Compositoras rompiendo el silencio, t\u00edtulo del programa que presentar\u00e1 la Orquesta &#8230;-\u00a0<\/a><a>Instituto Nacional de Bellas Artes y Literatura<br \/>\n<\/a><a href=\"https:\/\/www.google.com\/url?rct=j&amp;sa=t&amp;url=https:\/\/www.nationalgeographicla.com\/historia\/2024\/03\/la-historia-de-jane-goodall-la-mujer-pionera-en-el-estudio-de-los-chimpances-que-deja-huella-en-la-ciencia&amp;ct=ga&amp;cd=CAEYAioTNTY0ODM5MjQ0MzQ3MTIzMzA5NDIZYzAzNzJlYmMyZmVhZGE1OTplczplczpFUw&amp;usg=AOvVaw2SZyQ0SiMPg3FTcpvWPY0c\" target=\"_blank\" rel=\"noopener\" data-saferedirecturl=\"https:\/\/www.google.com\/url?q=https:\/\/www.google.com\/url?rct%3Dj%26sa%3Dt%26url%3Dhttps:\/\/www.nationalgeographicla.com\/historia\/2024\/03\/la-historia-de-jane-goodall-la-mujer-pionera-en-el-estudio-de-los-chimpances-que-deja-huella-en-la-ciencia%26ct%3Dga%26cd%3DCAEYAioTNTY0ODM5MjQ0MzQ3MTIzMzA5NDIZYzAzNzJlYmMyZmVhZGE1OTplczplczpFUw%26usg%3DAOvVaw2SZyQ0SiMPg3FTcpvWPY0c&amp;source=gmail&amp;ust=1709913844526000&amp;usg=AOvVaw2tf4Dg4F8Iqykl1vfo2oBa\">La historia de Jane Goodall, la mujer pionera en el estudio de los chimpanc\u00e9s que deja &#8230;-\u00a0<\/a><a>National Geographic<\/a><a>\u00a0<\/a><\/p>\n<\/div>\n<\/div>\n<\/div><\/div><\/div><\/div><\/div>\n","protected":false},"excerpt":{"rendered":"<p>Tendr\u00e1n que pasar 300 a\u00f1os para lograr la equidad de g\u00e9nero * El 46% de los espa\u00f1oles considera que las mujeres tienen menos oportunidades laborales * El feminismo frente a su realidad en Espa\u00f1a: datos que demuestran que la igualdad est\u00e1 a\u00fan lejos * Un 8M a la espera de la primera ley europea de violencia de g\u00e9nero * Manifestaciones 8M<\/p>\n","protected":false},"author":3,"featured_media":22909,"comment_status":"closed","ping_status":"closed","sticky":false,"template":"","format":"standard","meta":{"footnotes":""},"categories":[298,621],"tags":[157,80,109],"class_list":["post-22076","post","type-post","status-publish","format-standard","has-post-thumbnail","hentry","category-newsletter","category-nwl-3-0","tag-8m","tag-igualdad-de-genero","tag-violencia-de-genero"],"yoast_head":"<!-- This site is optimized with the Yoast SEO plugin v27.4 - https:\/\/yoast.com\/product\/yoast-seo-wordpress\/ -->\n<title>Noticias Info CKL n\u00ba 2855-08\/03\/24-Comunicar con perspectiva de g\u00e9nero<\/title>\n<meta name=\"description\" content=\"Noticias Info CKL n\u00ba 2855-08\/03\/24 Tendr\u00e1n que pasar 300 a\u00f1os para lograr la equidad de g\u00e9nero * El 46% de los espa\u00f1oles considera que las mujeres tienen menos oportunidades laborales * El feminismo frente a su realidad en Espa\u00f1a: datos que demuestran que la igualdad est\u00e1 a\u00fan lejos * Un 8M a la espera de la primera ley europea de violencia de g\u00e9nero * Manifestaciones 8M\" \/>\n<meta name=\"robots\" content=\"index, follow, max-snippet:-1, max-image-preview:large, max-video-preview:-1\" \/>\n<link rel=\"canonical\" href=\"https:\/\/cklcomunicaciones.es\/coop\/noticias-info-ckl-no-2855-08-03-24\/\" \/>\n<meta property=\"og:locale\" content=\"es_ES\" \/>\n<meta property=\"og:type\" content=\"article\" \/>\n<meta property=\"og:title\" content=\"Noticias Info CKL n\u00ba 2855-08\/03\/24-Comunicar con perspectiva de g\u00e9nero\" \/>\n<meta property=\"og:description\" content=\"Noticias Info CKL n\u00ba 2855-08\/03\/24 Tendr\u00e1n que pasar 300 a\u00f1os para lograr la equidad de g\u00e9nero * El 46% de los espa\u00f1oles considera que las mujeres tienen menos oportunidades laborales * El feminismo frente a su realidad en Espa\u00f1a: datos que demuestran que la igualdad est\u00e1 a\u00fan lejos * Un 8M a la espera de la primera ley europea de violencia de g\u00e9nero * Manifestaciones 8M\" \/>\n<meta property=\"og:url\" content=\"https:\/\/cklcomunicaciones.es\/coop\/noticias-info-ckl-no-2855-08-03-24\/\" \/>\n<meta property=\"og:site_name\" content=\"CKL Comunicaciones\" \/>\n<meta property=\"article:published_time\" content=\"2024-03-08T12:55:43+00:00\" \/>\n<meta property=\"article:modified_time\" content=\"2025-02-11T09:14:47+00:00\" \/>\n<meta property=\"og:image\" content=\"https:\/\/cklcomunicaciones.es\/coop\/wp-content\/uploads\/2025\/01\/CKL-una-mirada-distinta-de-la-comunicacion.jpg\" \/>\n\t<meta property=\"og:image:width\" content=\"1482\" \/>\n\t<meta property=\"og:image:height\" content=\"775\" \/>\n\t<meta property=\"og:image:type\" content=\"image\/jpeg\" \/>\n<meta name=\"author\" content=\"ckl\" \/>\n<meta name=\"twitter:card\" content=\"summary_large_image\" \/>\n<meta name=\"twitter:label1\" content=\"Escrito por\" \/>\n\t<meta name=\"twitter:data1\" content=\"ckl\" \/>\n\t<meta name=\"twitter:label2\" content=\"Tiempo de lectura\" \/>\n\t<meta name=\"twitter:data2\" content=\"8 minutos\" \/>\n<script type=\"application\/ld+json\" class=\"yoast-schema-graph\">{\"@context\":\"https:\\\/\\\/schema.org\",\"@graph\":[{\"@type\":\"Article\",\"@id\":\"https:\\\/\\\/cklcomunicaciones.es\\\/coop\\\/noticias-info-ckl-no-2855-08-03-24\\\/#article\",\"isPartOf\":{\"@id\":\"https:\\\/\\\/cklcomunicaciones.es\\\/coop\\\/noticias-info-ckl-no-2855-08-03-24\\\/\"},\"author\":{\"name\":\"ckl\",\"@id\":\"https:\\\/\\\/cklcomunicaciones.es\\\/coop\\\/#\\\/schema\\\/person\\\/929a6837f7626450bbb50cee1aef266e\"},\"headline\":\"Noticias Info CKL n\u00ba 2855-08\\\/03\\\/24\",\"datePublished\":\"2024-03-08T12:55:43+00:00\",\"dateModified\":\"2025-02-11T09:14:47+00:00\",\"mainEntityOfPage\":{\"@id\":\"https:\\\/\\\/cklcomunicaciones.es\\\/coop\\\/noticias-info-ckl-no-2855-08-03-24\\\/\"},\"wordCount\":1800,\"image\":{\"@id\":\"https:\\\/\\\/cklcomunicaciones.es\\\/coop\\\/noticias-info-ckl-no-2855-08-03-24\\\/#primaryimage\"},\"thumbnailUrl\":\"https:\\\/\\\/cklcomunicaciones.es\\\/coop\\\/wp-content\\\/uploads\\\/2025\\\/01\\\/CKL-una-mirada-distinta-de-la-comunicacion.jpg\",\"keywords\":[\"8M\",\"Igualdad de g\u00e9nero\",\"violencia de g\u00e9nero\"],\"articleSection\":[\"Newsletter\",\"Nwl v3.0\"],\"inLanguage\":\"es\"},{\"@type\":\"WebPage\",\"@id\":\"https:\\\/\\\/cklcomunicaciones.es\\\/coop\\\/noticias-info-ckl-no-2855-08-03-24\\\/\",\"url\":\"https:\\\/\\\/cklcomunicaciones.es\\\/coop\\\/noticias-info-ckl-no-2855-08-03-24\\\/\",\"name\":\"Noticias Info CKL n\u00ba 2855-08\\\/03\\\/24-Comunicar con perspectiva de g\u00e9nero\",\"isPartOf\":{\"@id\":\"https:\\\/\\\/cklcomunicaciones.es\\\/coop\\\/#website\"},\"primaryImageOfPage\":{\"@id\":\"https:\\\/\\\/cklcomunicaciones.es\\\/coop\\\/noticias-info-ckl-no-2855-08-03-24\\\/#primaryimage\"},\"image\":{\"@id\":\"https:\\\/\\\/cklcomunicaciones.es\\\/coop\\\/noticias-info-ckl-no-2855-08-03-24\\\/#primaryimage\"},\"thumbnailUrl\":\"https:\\\/\\\/cklcomunicaciones.es\\\/coop\\\/wp-content\\\/uploads\\\/2025\\\/01\\\/CKL-una-mirada-distinta-de-la-comunicacion.jpg\",\"datePublished\":\"2024-03-08T12:55:43+00:00\",\"dateModified\":\"2025-02-11T09:14:47+00:00\",\"author\":{\"@id\":\"https:\\\/\\\/cklcomunicaciones.es\\\/coop\\\/#\\\/schema\\\/person\\\/929a6837f7626450bbb50cee1aef266e\"},\"description\":\"Noticias Info CKL n\u00ba 2855-08\\\/03\\\/24 Tendr\u00e1n que pasar 300 a\u00f1os para lograr la equidad de g\u00e9nero * El 46% de los espa\u00f1oles considera que las mujeres tienen menos oportunidades laborales * El feminismo frente a su realidad en Espa\u00f1a: datos que demuestran que la igualdad est\u00e1 a\u00fan lejos * Un 8M a la espera de la primera ley europea de violencia de g\u00e9nero * Manifestaciones 8M\",\"breadcrumb\":{\"@id\":\"https:\\\/\\\/cklcomunicaciones.es\\\/coop\\\/noticias-info-ckl-no-2855-08-03-24\\\/#breadcrumb\"},\"inLanguage\":\"es\",\"potentialAction\":[{\"@type\":\"ReadAction\",\"target\":[\"https:\\\/\\\/cklcomunicaciones.es\\\/coop\\\/noticias-info-ckl-no-2855-08-03-24\\\/\"]}]},{\"@type\":\"ImageObject\",\"inLanguage\":\"es\",\"@id\":\"https:\\\/\\\/cklcomunicaciones.es\\\/coop\\\/noticias-info-ckl-no-2855-08-03-24\\\/#primaryimage\",\"url\":\"https:\\\/\\\/cklcomunicaciones.es\\\/coop\\\/wp-content\\\/uploads\\\/2025\\\/01\\\/CKL-una-mirada-distinta-de-la-comunicacion.jpg\",\"contentUrl\":\"https:\\\/\\\/cklcomunicaciones.es\\\/coop\\\/wp-content\\\/uploads\\\/2025\\\/01\\\/CKL-una-mirada-distinta-de-la-comunicacion.jpg\",\"width\":1482,\"height\":775,\"caption\":\"CKL - una mirada distinta de la comunicacion\"},{\"@type\":\"BreadcrumbList\",\"@id\":\"https:\\\/\\\/cklcomunicaciones.es\\\/coop\\\/noticias-info-ckl-no-2855-08-03-24\\\/#breadcrumb\",\"itemListElement\":[{\"@type\":\"ListItem\",\"position\":1,\"name\":\"Portada\",\"item\":\"https:\\\/\\\/cklcomunicaciones.es\\\/coop\\\/\"},{\"@type\":\"ListItem\",\"position\":2,\"name\":\"Noticias Info CKL n\u00ba 2855-08\\\/03\\\/24\"}]},{\"@type\":\"WebSite\",\"@id\":\"https:\\\/\\\/cklcomunicaciones.es\\\/coop\\\/#website\",\"url\":\"https:\\\/\\\/cklcomunicaciones.es\\\/coop\\\/\",\"name\":\"CKL Comunicaciones\",\"description\":\"Sitio web de CKL Comunicaciones coop , la consultora de comunicaci\u00f3n y estrategia\",\"potentialAction\":[{\"@type\":\"SearchAction\",\"target\":{\"@type\":\"EntryPoint\",\"urlTemplate\":\"https:\\\/\\\/cklcomunicaciones.es\\\/coop\\\/?s={search_term_string}\"},\"query-input\":{\"@type\":\"PropertyValueSpecification\",\"valueRequired\":true,\"valueName\":\"search_term_string\"}}],\"inLanguage\":\"es\"},{\"@type\":\"Person\",\"@id\":\"https:\\\/\\\/cklcomunicaciones.es\\\/coop\\\/#\\\/schema\\\/person\\\/929a6837f7626450bbb50cee1aef266e\",\"name\":\"ckl\",\"image\":{\"@type\":\"ImageObject\",\"inLanguage\":\"es\",\"@id\":\"https:\\\/\\\/secure.gravatar.com\\\/avatar\\\/c82db564e8a669bf6023357a157b9dc4780f4d4c618f2ad1d71a6a5dede45057?s=96&d=mm&r=g\",\"url\":\"https:\\\/\\\/secure.gravatar.com\\\/avatar\\\/c82db564e8a669bf6023357a157b9dc4780f4d4c618f2ad1d71a6a5dede45057?s=96&d=mm&r=g\",\"contentUrl\":\"https:\\\/\\\/secure.gravatar.com\\\/avatar\\\/c82db564e8a669bf6023357a157b9dc4780f4d4c618f2ad1d71a6a5dede45057?s=96&d=mm&r=g\",\"caption\":\"ckl\"},\"url\":\"https:\\\/\\\/cklcomunicaciones.es\\\/coop\\\/author\\\/cklcomunicaciones\\\/\"}]}<\/script>\n<!-- \/ Yoast SEO plugin. -->","yoast_head_json":{"title":"Noticias Info CKL n\u00ba 2855-08\/03\/24-Comunicar con perspectiva de g\u00e9nero","description":"Noticias Info CKL n\u00ba 2855-08\/03\/24 Tendr\u00e1n que pasar 300 a\u00f1os para lograr la equidad de g\u00e9nero * El 46% de los espa\u00f1oles considera que las mujeres tienen menos oportunidades laborales * El feminismo frente a su realidad en Espa\u00f1a: datos que demuestran que la igualdad est\u00e1 a\u00fan lejos * Un 8M a la espera de la primera ley europea de violencia de g\u00e9nero * Manifestaciones 8M","robots":{"index":"index","follow":"follow","max-snippet":"max-snippet:-1","max-image-preview":"max-image-preview:large","max-video-preview":"max-video-preview:-1"},"canonical":"https:\/\/cklcomunicaciones.es\/coop\/noticias-info-ckl-no-2855-08-03-24\/","og_locale":"es_ES","og_type":"article","og_title":"Noticias Info CKL n\u00ba 2855-08\/03\/24-Comunicar con perspectiva de g\u00e9nero","og_description":"Noticias Info CKL n\u00ba 2855-08\/03\/24 Tendr\u00e1n que pasar 300 a\u00f1os para lograr la equidad de g\u00e9nero * El 46% de los espa\u00f1oles considera que las mujeres tienen menos oportunidades laborales * El feminismo frente a su realidad en Espa\u00f1a: datos que demuestran que la igualdad est\u00e1 a\u00fan lejos * Un 8M a la espera de la primera ley europea de violencia de g\u00e9nero * Manifestaciones 8M","og_url":"https:\/\/cklcomunicaciones.es\/coop\/noticias-info-ckl-no-2855-08-03-24\/","og_site_name":"CKL Comunicaciones","article_published_time":"2024-03-08T12:55:43+00:00","article_modified_time":"2025-02-11T09:14:47+00:00","og_image":[{"width":1482,"height":775,"url":"https:\/\/cklcomunicaciones.es\/coop\/wp-content\/uploads\/2025\/01\/CKL-una-mirada-distinta-de-la-comunicacion.jpg","type":"image\/jpeg"}],"author":"ckl","twitter_card":"summary_large_image","twitter_misc":{"Escrito por":"ckl","Tiempo de lectura":"8 minutos"},"schema":{"@context":"https:\/\/schema.org","@graph":[{"@type":"Article","@id":"https:\/\/cklcomunicaciones.es\/coop\/noticias-info-ckl-no-2855-08-03-24\/#article","isPartOf":{"@id":"https:\/\/cklcomunicaciones.es\/coop\/noticias-info-ckl-no-2855-08-03-24\/"},"author":{"name":"ckl","@id":"https:\/\/cklcomunicaciones.es\/coop\/#\/schema\/person\/929a6837f7626450bbb50cee1aef266e"},"headline":"Noticias Info CKL n\u00ba 2855-08\/03\/24","datePublished":"2024-03-08T12:55:43+00:00","dateModified":"2025-02-11T09:14:47+00:00","mainEntityOfPage":{"@id":"https:\/\/cklcomunicaciones.es\/coop\/noticias-info-ckl-no-2855-08-03-24\/"},"wordCount":1800,"image":{"@id":"https:\/\/cklcomunicaciones.es\/coop\/noticias-info-ckl-no-2855-08-03-24\/#primaryimage"},"thumbnailUrl":"https:\/\/cklcomunicaciones.es\/coop\/wp-content\/uploads\/2025\/01\/CKL-una-mirada-distinta-de-la-comunicacion.jpg","keywords":["8M","Igualdad de g\u00e9nero","violencia de g\u00e9nero"],"articleSection":["Newsletter","Nwl v3.0"],"inLanguage":"es"},{"@type":"WebPage","@id":"https:\/\/cklcomunicaciones.es\/coop\/noticias-info-ckl-no-2855-08-03-24\/","url":"https:\/\/cklcomunicaciones.es\/coop\/noticias-info-ckl-no-2855-08-03-24\/","name":"Noticias Info CKL n\u00ba 2855-08\/03\/24-Comunicar con perspectiva de g\u00e9nero","isPartOf":{"@id":"https:\/\/cklcomunicaciones.es\/coop\/#website"},"primaryImageOfPage":{"@id":"https:\/\/cklcomunicaciones.es\/coop\/noticias-info-ckl-no-2855-08-03-24\/#primaryimage"},"image":{"@id":"https:\/\/cklcomunicaciones.es\/coop\/noticias-info-ckl-no-2855-08-03-24\/#primaryimage"},"thumbnailUrl":"https:\/\/cklcomunicaciones.es\/coop\/wp-content\/uploads\/2025\/01\/CKL-una-mirada-distinta-de-la-comunicacion.jpg","datePublished":"2024-03-08T12:55:43+00:00","dateModified":"2025-02-11T09:14:47+00:00","author":{"@id":"https:\/\/cklcomunicaciones.es\/coop\/#\/schema\/person\/929a6837f7626450bbb50cee1aef266e"},"description":"Noticias Info CKL n\u00ba 2855-08\/03\/24 Tendr\u00e1n que pasar 300 a\u00f1os para lograr la equidad de g\u00e9nero * El 46% de los espa\u00f1oles considera que las mujeres tienen menos oportunidades laborales * El feminismo frente a su realidad en Espa\u00f1a: datos que demuestran que la igualdad est\u00e1 a\u00fan lejos * Un 8M a la espera de la primera ley europea de violencia de g\u00e9nero * Manifestaciones 8M","breadcrumb":{"@id":"https:\/\/cklcomunicaciones.es\/coop\/noticias-info-ckl-no-2855-08-03-24\/#breadcrumb"},"inLanguage":"es","potentialAction":[{"@type":"ReadAction","target":["https:\/\/cklcomunicaciones.es\/coop\/noticias-info-ckl-no-2855-08-03-24\/"]}]},{"@type":"ImageObject","inLanguage":"es","@id":"https:\/\/cklcomunicaciones.es\/coop\/noticias-info-ckl-no-2855-08-03-24\/#primaryimage","url":"https:\/\/cklcomunicaciones.es\/coop\/wp-content\/uploads\/2025\/01\/CKL-una-mirada-distinta-de-la-comunicacion.jpg","contentUrl":"https:\/\/cklcomunicaciones.es\/coop\/wp-content\/uploads\/2025\/01\/CKL-una-mirada-distinta-de-la-comunicacion.jpg","width":1482,"height":775,"caption":"CKL - una mirada distinta de la comunicacion"},{"@type":"BreadcrumbList","@id":"https:\/\/cklcomunicaciones.es\/coop\/noticias-info-ckl-no-2855-08-03-24\/#breadcrumb","itemListElement":[{"@type":"ListItem","position":1,"name":"Portada","item":"https:\/\/cklcomunicaciones.es\/coop\/"},{"@type":"ListItem","position":2,"name":"Noticias Info CKL n\u00ba 2855-08\/03\/24"}]},{"@type":"WebSite","@id":"https:\/\/cklcomunicaciones.es\/coop\/#website","url":"https:\/\/cklcomunicaciones.es\/coop\/","name":"CKL Comunicaciones","description":"Sitio web de CKL Comunicaciones coop , la consultora de comunicaci\u00f3n y estrategia","potentialAction":[{"@type":"SearchAction","target":{"@type":"EntryPoint","urlTemplate":"https:\/\/cklcomunicaciones.es\/coop\/?s={search_term_string}"},"query-input":{"@type":"PropertyValueSpecification","valueRequired":true,"valueName":"search_term_string"}}],"inLanguage":"es"},{"@type":"Person","@id":"https:\/\/cklcomunicaciones.es\/coop\/#\/schema\/person\/929a6837f7626450bbb50cee1aef266e","name":"ckl","image":{"@type":"ImageObject","inLanguage":"es","@id":"https:\/\/secure.gravatar.com\/avatar\/c82db564e8a669bf6023357a157b9dc4780f4d4c618f2ad1d71a6a5dede45057?s=96&d=mm&r=g","url":"https:\/\/secure.gravatar.com\/avatar\/c82db564e8a669bf6023357a157b9dc4780f4d4c618f2ad1d71a6a5dede45057?s=96&d=mm&r=g","contentUrl":"https:\/\/secure.gravatar.com\/avatar\/c82db564e8a669bf6023357a157b9dc4780f4d4c618f2ad1d71a6a5dede45057?s=96&d=mm&r=g","caption":"ckl"},"url":"https:\/\/cklcomunicaciones.es\/coop\/author\/cklcomunicaciones\/"}]}},"_links":{"self":[{"href":"https:\/\/cklcomunicaciones.es\/coop\/wp-json\/wp\/v2\/posts\/22076","targetHints":{"allow":["GET"]}}],"collection":[{"href":"https:\/\/cklcomunicaciones.es\/coop\/wp-json\/wp\/v2\/posts"}],"about":[{"href":"https:\/\/cklcomunicaciones.es\/coop\/wp-json\/wp\/v2\/types\/post"}],"author":[{"embeddable":true,"href":"https:\/\/cklcomunicaciones.es\/coop\/wp-json\/wp\/v2\/users\/3"}],"replies":[{"embeddable":true,"href":"https:\/\/cklcomunicaciones.es\/coop\/wp-json\/wp\/v2\/comments?post=22076"}],"version-history":[{"count":0,"href":"https:\/\/cklcomunicaciones.es\/coop\/wp-json\/wp\/v2\/posts\/22076\/revisions"}],"wp:featuredmedia":[{"embeddable":true,"href":"https:\/\/cklcomunicaciones.es\/coop\/wp-json\/wp\/v2\/media\/22909"}],"wp:attachment":[{"href":"https:\/\/cklcomunicaciones.es\/coop\/wp-json\/wp\/v2\/media?parent=22076"}],"wp:term":[{"taxonomy":"category","embeddable":true,"href":"https:\/\/cklcomunicaciones.es\/coop\/wp-json\/wp\/v2\/categories?post=22076"},{"taxonomy":"post_tag","embeddable":true,"href":"https:\/\/cklcomunicaciones.es\/coop\/wp-json\/wp\/v2\/tags?post=22076"}],"curies":[{"name":"wp","href":"https:\/\/api.w.org\/{rel}","templated":true}]}}