{"id":21040,"date":"2017-09-06T11:28:00","date_gmt":"2017-09-06T09:28:00","guid":{"rendered":"https:\/\/cklcomunicaciones.es\/coop\/?p=21040"},"modified":"2025-01-16T10:59:19","modified_gmt":"2025-01-16T09:59:19","slug":"portavocia","status":"publish","type":"post","link":"https:\/\/cklcomunicaciones.es\/coop\/portavocia\/","title":{"rendered":"Presentaciones y portavoc\u00eda"},"content":{"rendered":"<div class=\"fusion-fullwidth fullwidth-box fusion-builder-row-1 fusion-flex-container has-pattern-background has-mask-background nonhundred-percent-fullwidth non-hundred-percent-height-scrolling\" style=\"--awb-border-radius-top-left:0px;--awb-border-radius-top-right:0px;--awb-border-radius-bottom-right:0px;--awb-border-radius-bottom-left:0px;--awb-flex-wrap:wrap;\" ><div class=\"fusion-builder-row fusion-row fusion-flex-align-items-flex-start fusion-flex-content-wrap\" style=\"max-width:1248px;margin-left: calc(-4% \/ 2 );margin-right: calc(-4% \/ 2 );\"><div class=\"fusion-layout-column fusion_builder_column fusion-builder-column-0 fusion_builder_column_1_1 1_1 fusion-flex-column\" style=\"--awb-bg-size:cover;--awb-width-large:100%;--awb-margin-top-large:0px;--awb-spacing-right-large:1.92%;--awb-margin-bottom-large:20px;--awb-spacing-left-large:1.92%;--awb-width-medium:100%;--awb-order-medium:0;--awb-spacing-right-medium:1.92%;--awb-spacing-left-medium:1.92%;--awb-width-small:100%;--awb-order-small:0;--awb-spacing-right-small:1.92%;--awb-spacing-left-small:1.92%;\" data-scroll-devices=\"small-visibility,medium-visibility,large-visibility\"><div class=\"fusion-column-wrapper fusion-column-has-shadow fusion-flex-justify-content-flex-start fusion-content-layout-column\"><div class=\"fusion-text fusion-text-1\"><p>CKL Comunicaciones Coop\u00a0cuenta con profesionales expert@s en:<\/p>\n<\/div><ul style=\"--awb-line-height:27.2px;--awb-icon-width:27.2px;--awb-icon-height:27.2px;--awb-icon-margin:11.2px;--awb-content-margin:38.4px;\" class=\"fusion-checklist fusion-checklist-1 fusion-checklist-default fusion-checklist-divider type-icons\"><li class=\"fusion-li-item\" style=\"\"><span class=\"icon-wrapper circle-no\"><i class=\"fusion-li-icon fa-check fas\" aria-hidden=\"true\"><\/i><\/span><div class=\"fusion-li-item-content\">Consultor\u00edas estrat\u00e9gicas para personas relevantes y en instituciones p\u00fablicas: toma de decisiones, portavoc\u00eda, generaci\u00f3n de agenda p\u00fablica.<\/div><\/li><li class=\"fusion-li-item\" style=\"\"><span class=\"icon-wrapper circle-no\"><i class=\"fusion-li-icon fa-check fas\" aria-hidden=\"true\"><\/i><\/span><div class=\"fusion-li-item-content\">Herramientas para desarrollar las skills personales y la capacidad de liderazgo para una comunicaci\u00f3n exitosa y eficiente.<\/div><\/li><li class=\"fusion-li-item\" style=\"\"><span class=\"icon-wrapper circle-no\"><i class=\"fusion-li-icon fa-check fas\" aria-hidden=\"true\"><\/i><\/span><div class=\"fusion-li-item-content\">T\u00e9cnicas de control de la capacidad comunicativa de las personas portavoces: modulaci\u00f3n y construcci\u00f3n de mensajes a transmitir con rigor, y de acuerdo con la audiencia y el contexto.<\/div><\/li><li class=\"fusion-li-item\" style=\"\"><span class=\"icon-wrapper circle-no\"><i class=\"fusion-li-icon fa-check fas\" aria-hidden=\"true\"><\/i><\/span><div class=\"fusion-li-item-content\">Formaci\u00f3n en conceptos b\u00e1sicos de la comunicaci\u00f3n y periodismo, identificaci\u00f3n de mensajes, relaci\u00f3n con los medios, etc.<\/div><\/li><li class=\"fusion-li-item\" style=\"\"><span class=\"icon-wrapper circle-no\"><i class=\"fusion-li-icon fa-check fas\" aria-hidden=\"true\"><\/i><\/span><div class=\"fusion-li-item-content\">Acompa\u00f1amiento y mentoring permanente.<\/div><\/li><li class=\"fusion-li-item\" style=\"\"><span class=\"icon-wrapper circle-no\"><i class=\"fusion-li-icon fa-check fas\" aria-hidden=\"true\"><\/i><\/span><div class=\"fusion-li-item-content\">Elaboraci\u00f3n de discursos convincentes (presentaciones ante proveedores, clientes, equipo de trabajo, ferias y seminarios, videoconferencias\u2026<\/div><\/li><\/ul><\/div><\/div><\/div><\/div>\n","protected":false},"excerpt":{"rendered":"","protected":false},"author":5,"featured_media":8540,"comment_status":"closed","ping_status":"closed","sticky":false,"template":"","format":"standard","meta":{"footnotes":""},"categories":[613,615,611],"tags":[],"class_list":["post-21040","post","type-post","status-publish","format-standard","has-post-thumbnail","hentry","category-corporativa","category-personas","category-servicios"],"yoast_head":"<!-- This site is optimized with the Yoast SEO plugin v27.4 - https:\/\/yoast.com\/product\/yoast-seo-wordpress\/ -->\n<title>T\u00e9cnicas de portavoc\u00eda: aprende a modular y a construir mensajes<\/title>\n<meta name=\"description\" content=\"T\u00e9cnicas comunicativas para ejercer portavoc\u00edas: ense\u00f1amos modulaci\u00f3n y construcci\u00f3n de discursos para amplificar el mensaje.\" \/>\n<meta name=\"robots\" content=\"index, follow, max-snippet:-1, max-image-preview:large, max-video-preview:-1\" \/>\n<link rel=\"canonical\" href=\"https:\/\/cklcomunicaciones.es\/coop\/portavocia\/\" \/>\n<meta property=\"og:locale\" content=\"es_ES\" \/>\n<meta property=\"og:type\" content=\"article\" \/>\n<meta property=\"og:title\" content=\"T\u00e9cnicas de portavoc\u00eda: aprende a modular y a construir mensajes\" \/>\n<meta property=\"og:description\" content=\"T\u00e9cnicas comunicativas para ejercer portavoc\u00edas: ense\u00f1amos modulaci\u00f3n y construcci\u00f3n de discursos para amplificar el mensaje.\" \/>\n<meta property=\"og:url\" content=\"https:\/\/cklcomunicaciones.es\/coop\/portavocia\/\" \/>\n<meta property=\"og:site_name\" content=\"CKL Comunicaciones\" \/>\n<meta property=\"article:published_time\" content=\"2017-09-06T09:28:00+00:00\" \/>\n<meta property=\"article:modified_time\" content=\"2025-01-16T09:59:19+00:00\" \/>\n<meta property=\"og:image\" content=\"https:\/\/cklcomunicaciones.es\/coop\/wp-content\/uploads\/2017\/06\/ServiciosCKLicono-Presentaciones-y-Portavocia.png\" \/>\n\t<meta property=\"og:image:width\" content=\"295\" \/>\n\t<meta property=\"og:image:height\" content=\"295\" \/>\n\t<meta property=\"og:image:type\" content=\"image\/png\" \/>\n<meta name=\"author\" content=\"ECAwms\" \/>\n<meta name=\"twitter:card\" content=\"summary_large_image\" \/>\n<meta name=\"twitter:label1\" content=\"Escrito por\" \/>\n\t<meta name=\"twitter:data1\" content=\"ECAwms\" \/>\n\t<meta name=\"twitter:label2\" content=\"Tiempo de lectura\" \/>\n\t<meta name=\"twitter:data2\" content=\"1 minuto\" \/>\n<script type=\"application\/ld+json\" class=\"yoast-schema-graph\">{\"@context\":\"https:\\\/\\\/schema.org\",\"@graph\":[{\"@type\":\"Article\",\"@id\":\"https:\\\/\\\/cklcomunicaciones.es\\\/coop\\\/portavocia\\\/#article\",\"isPartOf\":{\"@id\":\"https:\\\/\\\/cklcomunicaciones.es\\\/coop\\\/portavocia\\\/\"},\"author\":{\"name\":\"ECAwms\",\"@id\":\"https:\\\/\\\/cklcomunicaciones.es\\\/coop\\\/#\\\/schema\\\/person\\\/c22ed0dfa5417a2cd0de23a9ea1afda5\"},\"headline\":\"Presentaciones y portavoc\u00eda\",\"datePublished\":\"2017-09-06T09:28:00+00:00\",\"dateModified\":\"2025-01-16T09:59:19+00:00\",\"mainEntityOfPage\":{\"@id\":\"https:\\\/\\\/cklcomunicaciones.es\\\/coop\\\/portavocia\\\/\"},\"wordCount\":1344,\"image\":{\"@id\":\"https:\\\/\\\/cklcomunicaciones.es\\\/coop\\\/portavocia\\\/#primaryimage\"},\"thumbnailUrl\":\"https:\\\/\\\/cklcomunicaciones.es\\\/coop\\\/wp-content\\\/uploads\\\/2017\\\/06\\\/ServiciosCKLicono-Presentaciones-y-Portavocia.png\",\"articleSection\":[\"Institucional y corporativa\",\"Personas\",\"Servicios\"],\"inLanguage\":\"es\"},{\"@type\":\"WebPage\",\"@id\":\"https:\\\/\\\/cklcomunicaciones.es\\\/coop\\\/portavocia\\\/\",\"url\":\"https:\\\/\\\/cklcomunicaciones.es\\\/coop\\\/portavocia\\\/\",\"name\":\"T\u00e9cnicas de portavoc\u00eda: aprende a modular y a construir mensajes\",\"isPartOf\":{\"@id\":\"https:\\\/\\\/cklcomunicaciones.es\\\/coop\\\/#website\"},\"primaryImageOfPage\":{\"@id\":\"https:\\\/\\\/cklcomunicaciones.es\\\/coop\\\/portavocia\\\/#primaryimage\"},\"image\":{\"@id\":\"https:\\\/\\\/cklcomunicaciones.es\\\/coop\\\/portavocia\\\/#primaryimage\"},\"thumbnailUrl\":\"https:\\\/\\\/cklcomunicaciones.es\\\/coop\\\/wp-content\\\/uploads\\\/2017\\\/06\\\/ServiciosCKLicono-Presentaciones-y-Portavocia.png\",\"datePublished\":\"2017-09-06T09:28:00+00:00\",\"dateModified\":\"2025-01-16T09:59:19+00:00\",\"author\":{\"@id\":\"https:\\\/\\\/cklcomunicaciones.es\\\/coop\\\/#\\\/schema\\\/person\\\/c22ed0dfa5417a2cd0de23a9ea1afda5\"},\"description\":\"T\u00e9cnicas comunicativas para ejercer portavoc\u00edas: ense\u00f1amos modulaci\u00f3n y construcci\u00f3n de discursos para amplificar el mensaje.\",\"breadcrumb\":{\"@id\":\"https:\\\/\\\/cklcomunicaciones.es\\\/coop\\\/portavocia\\\/#breadcrumb\"},\"inLanguage\":\"es\",\"potentialAction\":[{\"@type\":\"ReadAction\",\"target\":[\"https:\\\/\\\/cklcomunicaciones.es\\\/coop\\\/portavocia\\\/\"]}]},{\"@type\":\"ImageObject\",\"inLanguage\":\"es\",\"@id\":\"https:\\\/\\\/cklcomunicaciones.es\\\/coop\\\/portavocia\\\/#primaryimage\",\"url\":\"https:\\\/\\\/cklcomunicaciones.es\\\/coop\\\/wp-content\\\/uploads\\\/2017\\\/06\\\/ServiciosCKLicono-Presentaciones-y-Portavocia.png\",\"contentUrl\":\"https:\\\/\\\/cklcomunicaciones.es\\\/coop\\\/wp-content\\\/uploads\\\/2017\\\/06\\\/ServiciosCKLicono-Presentaciones-y-Portavocia.png\",\"width\":295,\"height\":295,\"caption\":\"presentaciones y portavoc\u00edas para empresas\"},{\"@type\":\"BreadcrumbList\",\"@id\":\"https:\\\/\\\/cklcomunicaciones.es\\\/coop\\\/portavocia\\\/#breadcrumb\",\"itemListElement\":[{\"@type\":\"ListItem\",\"position\":1,\"name\":\"Portada\",\"item\":\"https:\\\/\\\/cklcomunicaciones.es\\\/coop\\\/\"},{\"@type\":\"ListItem\",\"position\":2,\"name\":\"Presentaciones y portavoc\u00eda\"}]},{\"@type\":\"WebSite\",\"@id\":\"https:\\\/\\\/cklcomunicaciones.es\\\/coop\\\/#website\",\"url\":\"https:\\\/\\\/cklcomunicaciones.es\\\/coop\\\/\",\"name\":\"CKL Comunicaciones\",\"description\":\"Sitio web de CKL Comunicaciones coop , la consultora de comunicaci\u00f3n y estrategia\",\"potentialAction\":[{\"@type\":\"SearchAction\",\"target\":{\"@type\":\"EntryPoint\",\"urlTemplate\":\"https:\\\/\\\/cklcomunicaciones.es\\\/coop\\\/?s={search_term_string}\"},\"query-input\":{\"@type\":\"PropertyValueSpecification\",\"valueRequired\":true,\"valueName\":\"search_term_string\"}}],\"inLanguage\":\"es\"},{\"@type\":\"Person\",\"@id\":\"https:\\\/\\\/cklcomunicaciones.es\\\/coop\\\/#\\\/schema\\\/person\\\/c22ed0dfa5417a2cd0de23a9ea1afda5\",\"name\":\"ECAwms\",\"image\":{\"@type\":\"ImageObject\",\"inLanguage\":\"es\",\"@id\":\"https:\\\/\\\/secure.gravatar.com\\\/avatar\\\/d54446e5bbbbdee0295c3cf81e992af3e193b1db2fa491b68017b25be8bd5f10?s=96&d=mm&r=g\",\"url\":\"https:\\\/\\\/secure.gravatar.com\\\/avatar\\\/d54446e5bbbbdee0295c3cf81e992af3e193b1db2fa491b68017b25be8bd5f10?s=96&d=mm&r=g\",\"contentUrl\":\"https:\\\/\\\/secure.gravatar.com\\\/avatar\\\/d54446e5bbbbdee0295c3cf81e992af3e193b1db2fa491b68017b25be8bd5f10?s=96&d=mm&r=g\",\"caption\":\"ECAwms\"},\"url\":\"https:\\\/\\\/cklcomunicaciones.es\\\/coop\\\/author\\\/ecawms\\\/\"}]}<\/script>\n<!-- \/ Yoast SEO plugin. -->","yoast_head_json":{"title":"T\u00e9cnicas de portavoc\u00eda: aprende a modular y a construir mensajes","description":"T\u00e9cnicas comunicativas para ejercer portavoc\u00edas: ense\u00f1amos modulaci\u00f3n y construcci\u00f3n de discursos para amplificar el mensaje.","robots":{"index":"index","follow":"follow","max-snippet":"max-snippet:-1","max-image-preview":"max-image-preview:large","max-video-preview":"max-video-preview:-1"},"canonical":"https:\/\/cklcomunicaciones.es\/coop\/portavocia\/","og_locale":"es_ES","og_type":"article","og_title":"T\u00e9cnicas de portavoc\u00eda: aprende a modular y a construir mensajes","og_description":"T\u00e9cnicas comunicativas para ejercer portavoc\u00edas: ense\u00f1amos modulaci\u00f3n y construcci\u00f3n de discursos para amplificar el mensaje.","og_url":"https:\/\/cklcomunicaciones.es\/coop\/portavocia\/","og_site_name":"CKL Comunicaciones","article_published_time":"2017-09-06T09:28:00+00:00","article_modified_time":"2025-01-16T09:59:19+00:00","og_image":[{"width":295,"height":295,"url":"https:\/\/cklcomunicaciones.es\/coop\/wp-content\/uploads\/2017\/06\/ServiciosCKLicono-Presentaciones-y-Portavocia.png","type":"image\/png"}],"author":"ECAwms","twitter_card":"summary_large_image","twitter_misc":{"Escrito por":"ECAwms","Tiempo de lectura":"1 minuto"},"schema":{"@context":"https:\/\/schema.org","@graph":[{"@type":"Article","@id":"https:\/\/cklcomunicaciones.es\/coop\/portavocia\/#article","isPartOf":{"@id":"https:\/\/cklcomunicaciones.es\/coop\/portavocia\/"},"author":{"name":"ECAwms","@id":"https:\/\/cklcomunicaciones.es\/coop\/#\/schema\/person\/c22ed0dfa5417a2cd0de23a9ea1afda5"},"headline":"Presentaciones y portavoc\u00eda","datePublished":"2017-09-06T09:28:00+00:00","dateModified":"2025-01-16T09:59:19+00:00","mainEntityOfPage":{"@id":"https:\/\/cklcomunicaciones.es\/coop\/portavocia\/"},"wordCount":1344,"image":{"@id":"https:\/\/cklcomunicaciones.es\/coop\/portavocia\/#primaryimage"},"thumbnailUrl":"https:\/\/cklcomunicaciones.es\/coop\/wp-content\/uploads\/2017\/06\/ServiciosCKLicono-Presentaciones-y-Portavocia.png","articleSection":["Institucional y corporativa","Personas","Servicios"],"inLanguage":"es"},{"@type":"WebPage","@id":"https:\/\/cklcomunicaciones.es\/coop\/portavocia\/","url":"https:\/\/cklcomunicaciones.es\/coop\/portavocia\/","name":"T\u00e9cnicas de portavoc\u00eda: aprende a modular y a construir mensajes","isPartOf":{"@id":"https:\/\/cklcomunicaciones.es\/coop\/#website"},"primaryImageOfPage":{"@id":"https:\/\/cklcomunicaciones.es\/coop\/portavocia\/#primaryimage"},"image":{"@id":"https:\/\/cklcomunicaciones.es\/coop\/portavocia\/#primaryimage"},"thumbnailUrl":"https:\/\/cklcomunicaciones.es\/coop\/wp-content\/uploads\/2017\/06\/ServiciosCKLicono-Presentaciones-y-Portavocia.png","datePublished":"2017-09-06T09:28:00+00:00","dateModified":"2025-01-16T09:59:19+00:00","author":{"@id":"https:\/\/cklcomunicaciones.es\/coop\/#\/schema\/person\/c22ed0dfa5417a2cd0de23a9ea1afda5"},"description":"T\u00e9cnicas comunicativas para ejercer portavoc\u00edas: ense\u00f1amos modulaci\u00f3n y construcci\u00f3n de discursos para amplificar el mensaje.","breadcrumb":{"@id":"https:\/\/cklcomunicaciones.es\/coop\/portavocia\/#breadcrumb"},"inLanguage":"es","potentialAction":[{"@type":"ReadAction","target":["https:\/\/cklcomunicaciones.es\/coop\/portavocia\/"]}]},{"@type":"ImageObject","inLanguage":"es","@id":"https:\/\/cklcomunicaciones.es\/coop\/portavocia\/#primaryimage","url":"https:\/\/cklcomunicaciones.es\/coop\/wp-content\/uploads\/2017\/06\/ServiciosCKLicono-Presentaciones-y-Portavocia.png","contentUrl":"https:\/\/cklcomunicaciones.es\/coop\/wp-content\/uploads\/2017\/06\/ServiciosCKLicono-Presentaciones-y-Portavocia.png","width":295,"height":295,"caption":"presentaciones y portavoc\u00edas para empresas"},{"@type":"BreadcrumbList","@id":"https:\/\/cklcomunicaciones.es\/coop\/portavocia\/#breadcrumb","itemListElement":[{"@type":"ListItem","position":1,"name":"Portada","item":"https:\/\/cklcomunicaciones.es\/coop\/"},{"@type":"ListItem","position":2,"name":"Presentaciones y portavoc\u00eda"}]},{"@type":"WebSite","@id":"https:\/\/cklcomunicaciones.es\/coop\/#website","url":"https:\/\/cklcomunicaciones.es\/coop\/","name":"CKL Comunicaciones","description":"Sitio web de CKL Comunicaciones coop , la consultora de comunicaci\u00f3n y estrategia","potentialAction":[{"@type":"SearchAction","target":{"@type":"EntryPoint","urlTemplate":"https:\/\/cklcomunicaciones.es\/coop\/?s={search_term_string}"},"query-input":{"@type":"PropertyValueSpecification","valueRequired":true,"valueName":"search_term_string"}}],"inLanguage":"es"},{"@type":"Person","@id":"https:\/\/cklcomunicaciones.es\/coop\/#\/schema\/person\/c22ed0dfa5417a2cd0de23a9ea1afda5","name":"ECAwms","image":{"@type":"ImageObject","inLanguage":"es","@id":"https:\/\/secure.gravatar.com\/avatar\/d54446e5bbbbdee0295c3cf81e992af3e193b1db2fa491b68017b25be8bd5f10?s=96&d=mm&r=g","url":"https:\/\/secure.gravatar.com\/avatar\/d54446e5bbbbdee0295c3cf81e992af3e193b1db2fa491b68017b25be8bd5f10?s=96&d=mm&r=g","contentUrl":"https:\/\/secure.gravatar.com\/avatar\/d54446e5bbbbdee0295c3cf81e992af3e193b1db2fa491b68017b25be8bd5f10?s=96&d=mm&r=g","caption":"ECAwms"},"url":"https:\/\/cklcomunicaciones.es\/coop\/author\/ecawms\/"}]}},"_links":{"self":[{"href":"https:\/\/cklcomunicaciones.es\/coop\/wp-json\/wp\/v2\/posts\/21040","targetHints":{"allow":["GET"]}}],"collection":[{"href":"https:\/\/cklcomunicaciones.es\/coop\/wp-json\/wp\/v2\/posts"}],"about":[{"href":"https:\/\/cklcomunicaciones.es\/coop\/wp-json\/wp\/v2\/types\/post"}],"author":[{"embeddable":true,"href":"https:\/\/cklcomunicaciones.es\/coop\/wp-json\/wp\/v2\/users\/5"}],"replies":[{"embeddable":true,"href":"https:\/\/cklcomunicaciones.es\/coop\/wp-json\/wp\/v2\/comments?post=21040"}],"version-history":[{"count":0,"href":"https:\/\/cklcomunicaciones.es\/coop\/wp-json\/wp\/v2\/posts\/21040\/revisions"}],"wp:featuredmedia":[{"embeddable":true,"href":"https:\/\/cklcomunicaciones.es\/coop\/wp-json\/wp\/v2\/media\/8540"}],"wp:attachment":[{"href":"https:\/\/cklcomunicaciones.es\/coop\/wp-json\/wp\/v2\/media?parent=21040"}],"wp:term":[{"taxonomy":"category","embeddable":true,"href":"https:\/\/cklcomunicaciones.es\/coop\/wp-json\/wp\/v2\/categories?post=21040"},{"taxonomy":"post_tag","embeddable":true,"href":"https:\/\/cklcomunicaciones.es\/coop\/wp-json\/wp\/v2\/tags?post=21040"}],"curies":[{"name":"wp","href":"https:\/\/api.w.org\/{rel}","templated":true}]}}