{"id":20913,"date":"2024-02-12T19:12:41","date_gmt":"2024-02-12T18:12:41","guid":{"rendered":"https:\/\/www.cklcomunicaciones.es\/?p=20913"},"modified":"2025-02-07T15:26:03","modified_gmt":"2025-02-07T14:26:03","slug":"noticias-info-ckl-no-2849-12-02-24","status":"publish","type":"post","link":"https:\/\/cklcomunicaciones.es\/coop\/noticias-info-ckl-no-2849-12-02-24\/","title":{"rendered":"Noticias Info CKL n\u00ba 2849-12\/02\/24"},"content":{"rendered":"<div class=\"fusion-fullwidth fullwidth-box fusion-builder-row-1 fusion-flex-container nonhundred-percent-fullwidth non-hundred-percent-height-scrolling\" style=\"--awb-border-radius-top-left:0px;--awb-border-radius-top-right:0px;--awb-border-radius-bottom-right:0px;--awb-border-radius-bottom-left:0px;--awb-flex-wrap:wrap;\" ><div class=\"fusion-builder-row fusion-row fusion-flex-align-items-flex-start fusion-flex-content-wrap\" style=\"max-width:1248px;margin-left: calc(-4% \/ 2 );margin-right: calc(-4% \/ 2 );\"><div class=\"fusion-layout-column fusion_builder_column fusion-builder-column-0 fusion_builder_column_1_1 1_1 fusion-flex-column\" style=\"--awb-bg-blend:overlay;--awb-bg-size:cover;--awb-width-large:100%;--awb-margin-top-large:0px;--awb-spacing-right-large:1.92%;--awb-margin-bottom-large:0px;--awb-spacing-left-large:1.92%;--awb-width-medium:100%;--awb-spacing-right-medium:1.92%;--awb-spacing-left-medium:1.92%;--awb-width-small:100%;--awb-spacing-right-small:1.92%;--awb-spacing-left-small:1.92%;\"><div class=\"fusion-column-wrapper fusion-flex-justify-content-flex-start fusion-content-layout-column\"><div class=\"fusion-text fusion-text-1\"><div id=\"\" class=\"lsow-panel lsow-active\">\n<h1 class=\"lsow-panel-title\">Comunicaci\u00f3n, Publicidad y TICs<\/h1>\n<div class=\"lsow-panel-content\">\n<p><a href=\"https:\/\/www.google.com\/url?rct=j&amp;sa=t&amp;url=https:\/\/www.infobae.com\/espana\/agencias\/2024\/02\/09\/dimite-la-delegada-de-igualdad-de-rtve-tras-la-eleccion-de-zorra-para-eurovision\/&amp;ct=ga&amp;cd=CAEYACoUMTQwMjU2NjA5MDUyODQ4OTA0MTUyGWUyZGVmYTdkNWRhOTE1N2Q6ZXM6ZXM6RVM&amp;usg=AOvVaw2uMj-ddSYe4VJz2_XUshDc\" target=\"_blank\" rel=\"noopener\" data-saferedirecturl=\"https:\/\/www.google.com\/url?q=https:\/\/www.google.com\/url?rct%3Dj%26sa%3Dt%26url%3Dhttps:\/\/www.infobae.com\/espana\/agencias\/2024\/02\/09\/dimite-la-delegada-de-igualdad-de-rtve-tras-la-eleccion-de-zorra-para-eurovision\/%26ct%3Dga%26cd%3DCAEYACoUMTQwMjU2NjA5MDUyODQ4OTA0MTUyGWUyZGVmYTdkNWRhOTE1N2Q6ZXM6ZXM6RVM%26usg%3DAOvVaw2uMj-ddSYe4VJz2_XUshDc&amp;source=gmail&amp;ust=1707811756760000&amp;usg=AOvVaw29SH9AKzqMmjFtSwQgNrR3\">Dimite la delegada de igualdad de RTVE, Montserrat Boix, tras la elecci\u00f3n de &#8216;Zorra&#8217; para Eurovisi\u00f3n-\u00a0<\/a><a>Infobae<br \/>\n<\/a><a class=\"title\" href=\"https:\/\/cadenaser.com\/aragon\/2024\/02\/10\/el-congreso-de-periodismo-abordara-la-perspectiva-de-genero-y-el-lenguaje-inclusivo-en-las-redacciones-radio-huesca\/\" target=\"_blank\" rel=\"noopener\" data-artpy=\"0\" data-author=\"Cadena SER\">El Congreso de Periodismo abordar\u00e1 la perspectiva de g\u00e9nero y el lenguaje inclusivo en las redacciones<\/a>-ser<br \/>\n<a class=\"title\" href=\"https:\/\/www.msn.com\/es-es\/entretenimiento\/other\/una-noche-en-el-faro-de-la-radio\/ar-BB1i9dhD\" target=\"_blank\" rel=\"noopener\" data-artpy=\"0\" data-author=\"Huffington Post on MSN\">Una noche en &#8216;El Faro&#8217; de la radio<\/a>-huffingtonpost<br \/>\n<a class=\"title\" href=\"https:\/\/www.msn.com\/es-es\/dinero\/other\/mejorar-las-habilidades-especialmente-en-mujeres-es-clave-para-potenciar-la-ia\/ar-BB1i65yI\" target=\"_blank\" rel=\"noopener\" data-artpy=\"0\" data-author=\"ESPA\u00d1OL on MSN\">Mejorar las habilidades, especialmente en mujeres, es clave para potenciar la IA<\/a>-elespa\u00f1ol<a><br \/>\n<\/a><\/p>\n<\/div>\n<\/div>\n<div id=\"\" class=\"lsow-panel lsow-active\">\n<h1 class=\"lsow-panel-title\">Andaluc\u00eda<\/h1>\n<div class=\"lsow-panel-content\">\n<div class=\"source set_top\">\n<div data-priority=\"2\" aria-hidden=\"true\">\n<p><strong>Institucional<br \/>\n<\/strong><a title=\"La Junta apuesta por el emprendimiento y la innovaci\u00f3n social para revitalizar Andaluc\u00eda\" href=\"https:\/\/www.juntadeandalucia.es\/presidencia\/portavoz\/economiayempleo\/190449\/juntadeAndalucia\/ConsejeriadeUniversidadInvestigacioneInnovacion\/emprendimiento\/innovacion\/social\/revitalizar\/andalucia\">La Junta apuesta por el emprendimiento y la innovaci\u00f3n social para revitalizar Andaluc\u00eda<\/a>-juntadeandalucia<\/p>\n<p><strong>Econom\u00eda y Empresa<br \/>\n<\/strong><a href=\"https:\/\/www.google.com\/url?rct=j&amp;sa=t&amp;url=https:\/\/www.cope.es\/actualidad\/espana\/noticias\/carolina-espana-expone-madrid-las-claves-via-andaluza-para-transformar-economia-20240212_3141506&amp;ct=ga&amp;cd=CAEYASoUMTc5NDUzNTYyMTYyMjU0MDE5MTMyGWQ3OGU1ODc1YTBmMWYyYWM6ZXM6ZXM6RVM&amp;usg=AOvVaw1rr_gzd-O4eqoVIL4x1oWe\">Carolina Espa\u00f1a expone en Madrid las claves de la \u00abv\u00eda\u00a0andaluza\u00bb para la \u00abtransformar\u00bb la\u00a0econom\u00eda<\/a>&#8211; COPE<br \/>\n<a href=\"https:\/\/www.google.com\/url?rct=j&amp;sa=t&amp;url=https:\/\/www.europapress.es\/esandalucia\/malaga\/noticia-blanco-anima-sector-empresarial-malagueno-afianzar-motor-economico-andalucia-20240209142309.html&amp;ct=ga&amp;cd=CAEYBSoUMTY4Nzc5MjI1NjgyNjUzNjgyMDcyGWQ3OGU1ODc1YTBmMWYyYWM6ZXM6ZXM6RVM&amp;usg=AOvVaw2Bd3TgJMWa_6gtAWVWXVlT\" target=\"_blank\" rel=\"noopener\" data-saferedirecturl=\"https:\/\/www.google.com\/url?q=https:\/\/www.google.com\/url?rct%3Dj%26sa%3Dt%26url%3Dhttps:\/\/www.europapress.es\/esandalucia\/malaga\/noticia-blanco-anima-sector-empresarial-malagueno-afianzar-motor-economico-andalucia-20240209142309.html%26ct%3Dga%26cd%3DCAEYBSoUMTY4Nzc5MjI1NjgyNjUzNjgyMDcyGWQ3OGU1ODc1YTBmMWYyYWM6ZXM6ZXM6RVM%26usg%3DAOvVaw2Bd3TgJMWa_6gtAWVWXVlT&amp;source=gmail&amp;ust=1707811760397000&amp;usg=AOvVaw0v_nj--UoVybkBxbAVlWmY\">Blanco anima al sector empresarial malague\u00f1o a afianzar \u00abel motor econ\u00f3mico\u00bb de Andaluc\u00eda<b>&#8211;\u00a0<\/b><\/a><a>Europa Press<br \/>\n<\/a><a class=\"title\" href=\"https:\/\/www.ideal.es\/jaen\/jaen\/mujeres-rurales-jaen-aprenderan-pilotar-drones-usarlos-20240212173701-nt.html\" target=\"_blank\" rel=\"noopener\" data-artpy=\"0\" data-author=\"ideal\">Mujeres rurales de Ja\u00e9n aprender\u00e1n a pilotar drones para usarlos en agricultura y ganader\u00eda<\/a>-ideal<br \/>\n<a href=\"https:\/\/www.eldiario.es\/andalucia\/medica-mes-mes-rotacion-infinita-contratos-beatriz-lopez-sanidad-andaluza_1_10890676.html\">M\u00e9dica de \u201cmes en mes\u201d: as\u00ed es la rotaci\u00f3n &#8216;infinita&#8217; de los contratos de Beatriz L\u00f3pez en la sanidad andaluza<\/a>-eldiario<\/p>\n<p><strong>Actualidad<br \/>\n<\/strong><a href=\"https:\/\/www.google.com\/url?rct=j&amp;sa=t&amp;url=https:\/\/www.europapress.es\/andalucia\/noticia-andalucia-organiza-proximo-marzo-350-actividades-destacar-papel-investigadoras-20240209142808.html&amp;ct=ga&amp;cd=CAEYBSoUMTMyNjYyODIwMjc4MDg3NDcxODYyGWMwMzcyZWJjMmZlYWRhNTk6ZXM6ZXM6RVM&amp;usg=AOvVaw2MOkruWS5phxUEIPnckR4y\" target=\"_blank\" rel=\"noopener\" data-saferedirecturl=\"https:\/\/www.google.com\/url?q=https:\/\/www.google.com\/url?rct%3Dj%26sa%3Dt%26url%3Dhttps:\/\/www.europapress.es\/andalucia\/noticia-andalucia-organiza-proximo-marzo-350-actividades-destacar-papel-investigadoras-20240209142808.html%26ct%3Dga%26cd%3DCAEYBSoUMTMyNjYyODIwMjc4MDg3NDcxODYyGWMwMzcyZWJjMmZlYWRhNTk6ZXM6ZXM6RVM%26usg%3DAOvVaw2MOkruWS5phxUEIPnckR4y&amp;source=gmail&amp;ust=1707811757709000&amp;usg=AOvVaw0qqRZU4Hlp61Rqh_MPrP_R\">Andaluc\u00eda organiza hasta el pr\u00f3ximo 8 de marzo 350 actividades para destacar el papel de &#8230;-\u00a0<\/a><a>Europa Press<br \/>\n<\/a><a href=\"https:\/\/www.google.com\/url?rct=j&amp;sa=t&amp;url=https:\/\/www.juntadeandalucia.es\/presidencia\/portavoz\/social\/190302\/telefono\/atencion\/mujeres\/llamadas\/violenciadegenero\/InstitutoAndaluzdelaMujer\/ConsejeriadeInclusionSocial\/Juventud\/FamiliaseIgualdad\/JuntadeAndalucia&amp;ct=ga&amp;cd=CAEYACoUMTEzMjQxMDU5NTEyOTM0NDI2NDQyGzlhYjFjZGQ3ZTM2NmVmMzg6ZXM6ZXM6RVM6Ug&amp;usg=AOvVaw3HEhR6-ExRncV9aIJHo1OR\" target=\"_blank\" rel=\"noopener\" data-saferedirecturl=\"https:\/\/www.google.com\/url?q=https:\/\/www.google.com\/url?rct%3Dj%26sa%3Dt%26url%3Dhttps:\/\/www.juntadeandalucia.es\/presidencia\/portavoz\/social\/190302\/telefono\/atencion\/mujeres\/llamadas\/violenciadegenero\/InstitutoAndaluzdelaMujer\/ConsejeriadeInclusionSocial\/Juventud\/FamiliaseIgualdad\/JuntadeAndalucia%26ct%3Dga%26cd%3DCAEYACoUMTEzMjQxMDU5NTEyOTM0NDI2NDQyGzlhYjFjZGQ3ZTM2NmVmMzg6ZXM6ZXM6RVM6Ug%26usg%3DAOvVaw3HEhR6-ExRncV9aIJHo1OR&amp;source=gmail&amp;ust=1707811759355000&amp;usg=AOvVaw3jszcquV5mh7Hcg2uLRwFu\">El tel\u00e9fono de atenci\u00f3n a las mujeres supera por primera vez las 40.000 llamadas-\u00a0<\/a><a>Junta de Andaluc\u00eda<br \/>\n<\/a><a href=\"https:\/\/www.google.com\/url?rct=j&amp;sa=t&amp;url=https:\/\/www.infosalus.com\/mujer\/noticia-andalucia-lidera-investigacion-busqueda-herramienta-diagnostico-riesgo-cardiovascular-mujeres-20240209130310.html&amp;ct=ga&amp;cd=CAEYAyoUMTMyNjYyODIwMjc4MDg3NDcxODYyGWMwMzcyZWJjMmZlYWRhNTk6ZXM6ZXM6RVM&amp;usg=AOvVaw2Plr_-hsqEmpTRLFe6HWUW\" target=\"_blank\" rel=\"noopener\" data-saferedirecturl=\"https:\/\/www.google.com\/url?q=https:\/\/www.google.com\/url?rct%3Dj%26sa%3Dt%26url%3Dhttps:\/\/www.infosalus.com\/mujer\/noticia-andalucia-lidera-investigacion-busqueda-herramienta-diagnostico-riesgo-cardiovascular-mujeres-20240209130310.html%26ct%3Dga%26cd%3DCAEYAyoUMTMyNjYyODIwMjc4MDg3NDcxODYyGWMwMzcyZWJjMmZlYWRhNTk6ZXM6ZXM6RVM%26usg%3DAOvVaw2Plr_-hsqEmpTRLFe6HWUW&amp;source=gmail&amp;ust=1707811757709000&amp;usg=AOvVaw0kZWwDkWMZnTreyy-CXGQi\">Andaluc\u00eda lidera la investigaci\u00f3n para la b\u00fasqueda de una herramienta de diagn\u00f3stico &#8230; &#8211;\u00a0<\/a><a>Infosalus<br \/>\n<\/a><a class=\"title\" href=\"https:\/\/www.msn.com\/es-es\/noticias\/espana\/andaluc%C3%ADa-defiende-la-atenci%C3%B3n-humanizada-a-pacientes-oncol%C3%B3gicos-y-sus-familias-para-reducir-el-impacto-del-c%C3%A1ncer\/ar-BB1i9uqi\" target=\"_blank\" rel=\"noopener\" data-artpy=\"0\" data-author=\"Europa Press on MSN\">Andaluc\u00eda defiende la atenci\u00f3n humanizada a pacientes oncol\u00f3gicos y sus familias para reducir el \u00abimpacto\u00bb del c\u00e1ncer<\/a>-europapress<br \/>\n<a class=\"title\" href=\"https:\/\/sevilla.abc.es\/andalucia\/funcionarias-prisiones-coraje-mujeres-territorio-hostil-20240212195351-nts.html\" target=\"_blank\" rel=\"noopener\" data-artpy=\"0\" data-author=\"ABC\">Funcionarias de prisiones, el coraje de unas mujeres en territorio hostil<\/a>-abcsevilla<br \/>\n<a class=\"title\" href=\"https:\/\/sevilla.abc.es\/andalucia\/enfermedades-transmision-sexual-aumentan-manera-exponencial-andalucia-20240211121647-nts.html\" target=\"_blank\" rel=\"noopener\" data-artpy=\"0\" data-author=\"ABC\">Las enfermedades de transmisi\u00f3n sexual aumentan \u00abde manera exponencial\u00bb en Andaluc\u00eda<\/a>-abcsevilla<br \/>\n<a class=\"title\" href=\"https:\/\/www.msn.com\/es-es\/noticias\/espana\/colectivo-feminista-rechaza-el-taller-hogares-saludables-y-considera-que-quieren-de-nuevo-a-la-mujer-en-casa\/ar-BB1iaz9N\" target=\"_blank\" rel=\"noopener\" data-artpy=\"0\" data-author=\"Europa Press on MSN\">Colectivo feminista de Huelva rechaza el taller Hogares Saludables y considera que \u00abquieren de nuevo a la mujer en casa\u00bb<\/a>-europapress<a><br \/>\n<\/a><\/p>\n<p><b>Violencias<br \/>\n<\/b><a class=\"title\" href=\"https:\/\/www.msn.com\/es-es\/noticias\/espana\/junta-destina-430000-euros-al-segundo-juzgado-de-violencia-de-g%C3%A9nero-que-comenzar%C3%A1-a-funcionar-el-31-de-marzo\/ar-BB1ia2Pi\" target=\"_blank\" rel=\"noopener\" data-artpy=\"0\" data-author=\"Europa Press on MSN\">La Junta destinar\u00e1 430.000 euros al segundo juzgado de Violencia de G\u00e9nero, que se pondr\u00e1 en marcha el 31 de marzo<\/a>-europapress<br \/>\n<b><\/b><\/p>\n<p><b>Ciencia y Cultura<br \/>\n<\/b><a href=\"https:\/\/www.google.com\/url?rct=j&amp;sa=t&amp;url=https:\/\/www.juntadeandalucia.es\/presidencia\/portavoz\/190365\/Mujeres\/sistemaandaluzdelconocimiento\/informe\/trayectoria\/gruposdeinvestigacion\/AgenciaparalaCalidadCientificayUniversitariadeAndalucia\/ConsejeriadeUniversidad\/InvestigacioneInnovacion\/JuntadeAndalucia&amp;ct=ga&amp;cd=CAEYASoUMTY1ODY1OTk3NDA4OTYxMjMzNDkyGWMwMzcyZWJjMmZlYWRhNTk6ZXM6ZXM6RVM&amp;usg=AOvVaw3tW4rHpAQio9BZCEqJaoyZ\" target=\"_blank\" rel=\"noopener\" data-saferedirecturl=\"https:\/\/www.google.com\/url?q=https:\/\/www.google.com\/url?rct%3Dj%26sa%3Dt%26url%3Dhttps:\/\/www.juntadeandalucia.es\/presidencia\/portavoz\/190365\/Mujeres\/sistemaandaluzdelconocimiento\/informe\/trayectoria\/gruposdeinvestigacion\/AgenciaparalaCalidadCientificayUniversitariadeAndalucia\/ConsejeriadeUniversidad\/InvestigacioneInnovacion\/JuntadeAndalucia%26ct%3Dga%26cd%3DCAEYASoUMTY1ODY1OTk3NDA4OTYxMjMzNDkyGWMwMzcyZWJjMmZlYWRhNTk6ZXM6ZXM6RVM%26usg%3DAOvVaw3tW4rHpAQio9BZCEqJaoyZ&amp;source=gmail&amp;ust=1707811757800000&amp;usg=AOvVaw3o884xk-gfX2DFpswfSLR-\">Crece un 19,9% la presencia de la mujer en la I+D en Andaluc\u00eda &#8211;\u00a0<\/a><a>Junta de Andaluc\u00eda<br \/>\n<\/a><a class=\"title\" href=\"https:\/\/www.msn.com\/es-es\/noticias\/espana\/la-directora-cient%C3%ADfica-del-ibsgranada-primer-puesto-de-andaluc%C3%ADa-en-el-ranking-de-investigadoras-del-csic\/ar-BB1i6Gxx\" target=\"_blank\" rel=\"noopener\" data-artpy=\"0\" data-author=\"Europa Press on MSN\">La directora cient\u00edfica del ibs.Granada, M\u00aa Jos\u00e9 S\u00e1nchez Perez, primer puesto de Andaluc\u00eda en el ranking de investigadoras del CSIC-\u00a0<\/a><a>europapress<br \/>\n<\/a><b><\/b><a href=\"https:\/\/www.google.com\/url?rct=j&amp;sa=t&amp;url=https:\/\/www.europapress.es\/esandalucia\/sevilla\/noticia-instituto-andaluz-patrimonio-historico-suma-dia-internacional-mujer-nina-ciencia-20240208095145.html&amp;ct=ga&amp;cd=CAEYACoTNzAzMzEzODkxMDgyNjgzMDI0ODIbOWFiMWNkZDdlMzY2ZWYzODplczplczpFUzpS&amp;usg=AOvVaw2WTxfgdQg5BwJstqMkgGH3\" target=\"_blank\" rel=\"noopener\" data-saferedirecturl=\"https:\/\/www.google.com\/url?q=https:\/\/www.google.com\/url?rct%3Dj%26sa%3Dt%26url%3Dhttps:\/\/www.europapress.es\/esandalucia\/sevilla\/noticia-instituto-andaluz-patrimonio-historico-suma-dia-internacional-mujer-nina-ciencia-20240208095145.html%26ct%3Dga%26cd%3DCAEYACoTNzAzMzEzODkxMDgyNjgzMDI0ODIbOWFiMWNkZDdlMzY2ZWYzODplczplczpFUzpS%26usg%3DAOvVaw2WTxfgdQg5BwJstqMkgGH3&amp;source=gmail&amp;ust=1707498360932000&amp;usg=AOvVaw1vFHH8YQr4-De6y60Q_JhH\">El Instituto Andaluz\u00a0del Patrimonio Hist\u00f3rico se suma al D\u00eda Internacional de la\u00a0Mujer y la Ciencia &#8230;-\u00a0<\/a><a>Europa Press<br \/>\n<\/a><a href=\"https:\/\/www.google.com\/url?rct=j&amp;sa=t&amp;url=https:\/\/www.us.es\/actualidad-de-la-us\/la-presencia-de-la-mujer-en-la-actividad-cientifica-de-la-us-avanza&amp;ct=ga&amp;cd=CAEYASoUMTM1NzE1NjI1OTU1MjI5NTY2ODAyGWMwMzcyZWJjMmZlYWRhNTk6ZXM6ZXM6RVM&amp;usg=AOvVaw1s1rQdxGbTjPCfRbWhH0K3\" target=\"_blank\" rel=\"noopener\" data-saferedirecturl=\"https:\/\/www.google.com\/url?q=https:\/\/www.google.com\/url?rct%3Dj%26sa%3Dt%26url%3Dhttps:\/\/www.us.es\/actualidad-de-la-us\/la-presencia-de-la-mujer-en-la-actividad-cientifica-de-la-us-avanza%26ct%3Dga%26cd%3DCAEYASoUMTM1NzE1NjI1OTU1MjI5NTY2ODAyGWMwMzcyZWJjMmZlYWRhNTk6ZXM6ZXM6RVM%26usg%3DAOvVaw1s1rQdxGbTjPCfRbWhH0K3&amp;source=gmail&amp;ust=1707811757665000&amp;usg=AOvVaw2YPpx9yzq5cqwFvJprd9o0\">La presencia de la\u00a0mujer en la actividad cient\u00edfica de la US avanza progresivamente-\u00a0<\/a><a>Universidad de Sevilla<br \/>\n<\/a><a href=\"https:\/\/www.google.com\/url?rct=j&amp;sa=t&amp;url=https:\/\/www.diariojaen.es\/provincia\/el-papel-clave-de-la-mujer-en-la-ciencia-a-pesar-de-su-baja-representacion-JE9655847&amp;ct=ga&amp;cd=CAEYCioUMTYyMzAyNjcwNzc0Mzg2Nzg5OTkyGWMwMzcyZWJjMmZlYWRhNTk6ZXM6ZXM6RVM&amp;usg=AOvVaw3gq8JfsMefe0eov5lkTqvw\" target=\"_blank\" rel=\"noopener\" data-saferedirecturl=\"https:\/\/www.google.com\/url?q=https:\/\/www.google.com\/url?rct%3Dj%26sa%3Dt%26url%3Dhttps:\/\/www.diariojaen.es\/provincia\/el-papel-clave-de-la-mujer-en-la-ciencia-a-pesar-de-su-baja-representacion-JE9655847%26ct%3Dga%26cd%3DCAEYCioUMTYyMzAyNjcwNzc0Mzg2Nzg5OTkyGWMwMzcyZWJjMmZlYWRhNTk6ZXM6ZXM6RVM%26usg%3DAOvVaw3gq8JfsMefe0eov5lkTqvw&amp;source=gmail&amp;ust=1707811757996000&amp;usg=AOvVaw0NyDYUPOqla-pR_S71_xkX\">El papel clave de la\u00a0mujer en la ciencia, a pesar de su baja representaci\u00f3n &#8211;\u00a0<\/a><a>Diario JAEN<br \/>\n<\/a><a class=\"title\" href=\"https:\/\/www.msn.com\/es-es\/noticias\/espana\/uma-el-reconocimiento-de-la-mujer-investigadora-es-fundamental-para-la-justicia-social\/ar-BB1i9I2d\" target=\"_blank\" rel=\"noopener\" data-artpy=\"0\" data-author=\"Cadena SER on MSN\">Investigadoras emergentes y consolidadas, juntas para conmemorar el 11 de febrero en la UMA<\/a>-ser<br \/>\n<a class=\"title\" href=\"https:\/\/www.msn.com\/es-es\/noticias\/espana\/medio-centenar-de-caf%C3%A9s-con-ciencia-dar%C3%A1n-visibilidad-durante-un-mes-al-papel-de-las-cient%C3%ADficas-en-andaluc%C3%ADa\/ar-BB1i9vCf\" target=\"_blank\" rel=\"noopener\" data-artpy=\"0\" data-author=\"Europa Press on MSN\">Medio centenar de Caf\u00e9s con Ciencia dar\u00e1n visibilidad durante un mes al papel de las cient\u00edficas en Andaluc\u00eda<\/a>-europapress<a><br \/>\n<\/a><a class=\"title\" href=\"https:\/\/www.diariocordoba.com\/cordoba-ciudad\/2024\/02\/12\/mujeres-logran-mejores-notas-grados-uco-98036755.html\" target=\"_blank\" rel=\"noopener\" data-artpy=\"0\" data-author=\"Diario C\u00f3rdoba\">Las mujeres logran mejores notas en el 77% de los grados de la UCO<\/a>-diadecordoba<br \/>\n<a class=\"title\" href=\"https:\/\/www.diariodecadiz.es\/puerto-real\/Enciclopedia-Mujeres-STEAM-Campus-Puerto_0_1875113760.html\" target=\"_blank\" rel=\"noopener\" data-artpy=\"0\" data-author=\"Diario de C\u00e1diz\">La &#8216;Enciclopedia de Mujeres STEAM\u2019 ya se puede visitar en el Campus de Puerto Real<\/a>-diariodecadiz<a><br \/>\n<\/a><\/p>\n<p><strong>Deporte<br \/>\n<\/strong><a class=\"title\" href=\"https:\/\/www.canalsur.es\/television\/programas\/andalucia-x-el-mundo\/noticia\/2012106.html\" target=\"_blank\" rel=\"noopener\" data-artpy=\"0\" data-author=\"canalsur\">Surfeamos con la Cordobesa Valle Fern\u00e1ndez en la famosa playa de Rest Bay<\/a>-canalsur<br \/>\n<a class=\"title\" href=\"https:\/\/sevilla.abc.es\/deportes\/sevi-futura-ley-deporte-andaluza-preve-crear-tribunal-justicia-201006010300-140223426358_noticia.html\" target=\"_blank\" rel=\"noopener\" data-artpy=\"0\" data-author=\"ABC\">La futura Ley del Deporte andaluza prev\u00e9 crear un tribunal de justicia<\/a>-abcsevilla<strong><br \/>\n<\/strong><\/p>\n<\/div>\n<\/div>\n<\/div>\n<\/div>\n<div id=\"\" class=\"lsow-panel lsow-active\">\n<h1 class=\"lsow-panel-title\">Estado<\/h1>\n<div class=\"lsow-panel-content\">\n<p><strong>Institucional<br \/>\n<\/strong><a href=\"https:\/\/www.google.com\/url?rct=j&amp;sa=t&amp;url=https:\/\/www.noticiasde.es\/espana\/pedro-sanchez-critica-la-violencia-estructural-que-experimentan-las-mujeres-en-todos-los-ambitos\/&amp;ct=ga&amp;cd=CAEYASoTMjYwMzg0NjAyMTQyODA1MTg3MTIZZTJkZWZhN2Q1ZGE5MTU3ZDplczplczpFUw&amp;usg=AOvVaw1I5OKMlZyJhD1d4SVNLPqZ\" target=\"_blank\" rel=\"noopener\" data-saferedirecturl=\"https:\/\/www.google.com\/url?q=https:\/\/www.google.com\/url?rct%3Dj%26sa%3Dt%26url%3Dhttps:\/\/www.noticiasde.es\/espana\/pedro-sanchez-critica-la-violencia-estructural-que-experimentan-las-mujeres-en-todos-los-ambitos\/%26ct%3Dga%26cd%3DCAEYASoTMjYwMzg0NjAyMTQyODA1MTg3MTIZZTJkZWZhN2Q1ZGE5MTU3ZDplczplczpFUw%26usg%3DAOvVaw1I5OKMlZyJhD1d4SVNLPqZ&amp;source=gmail&amp;ust=1707811756974000&amp;usg=AOvVaw3EiIl_TyII1TSSe9VuCkr6\">Pedro S\u00e1nchez critica la \u00abviolencia estructural\u00bb que experimentan las mujeres en todos los \u00e1mbitos \u00ab-\u00a0<\/a><a>NoticiasDe<br \/>\n<\/a><a href=\"https:\/\/www.google.com\/url?rct=j&amp;sa=t&amp;url=https:\/\/www.infobae.com\/espana\/agencias\/2024\/02\/08\/interior-restringira-los-criterios-para-desactivar-la-proteccion-en-casos-de-maltrato\/&amp;ct=ga&amp;cd=CAEYACoTNzc0OTQxOTY0NTgwNjM4OTM1OTIZZTJkZWZhN2Q1ZGE5MTU3ZDplczplczpFUw&amp;usg=AOvVaw0R8oERXT1MDMiZ4CNpLFsM\" target=\"_blank\" rel=\"noopener\" data-saferedirecturl=\"https:\/\/www.google.com\/url?q=https:\/\/www.google.com\/url?rct%3Dj%26sa%3Dt%26url%3Dhttps:\/\/www.infobae.com\/espana\/agencias\/2024\/02\/08\/interior-restringira-los-criterios-para-desactivar-la-proteccion-en-casos-de-maltrato\/%26ct%3Dga%26cd%3DCAEYACoTNzc0OTQxOTY0NTgwNjM4OTM1OTIZZTJkZWZhN2Q1ZGE5MTU3ZDplczplczpFUw%26usg%3DAOvVaw0R8oERXT1MDMiZ4CNpLFsM&amp;source=gmail&amp;ust=1707498360889000&amp;usg=AOvVaw1-zu8m118SoyiQOQM5lPhE\">Interior restringir\u00e1 los criterios para desactivar la protecci\u00f3n en casos de maltrato &#8211;\u00a0<\/a><a>Infobae<\/a><\/p>\n<p><strong>Institucional &#8211; CCAA<br \/>\n<\/strong><a class=\"title\" href=\"https:\/\/www.clarin.com\/mundo\/ana-ponton-primera-mujer-aspira-gobernar-galicia-gustaria-jovenes-quieran-retornar-vengan_0_OjfaoH5BLN.html\" target=\"_blank\" rel=\"noopener\" data-artpy=\"0\" data-author=\"Clarin\">Ana Pont\u00f3n, la primera mujer que aspira a gobernar Galicia: \u201cNos gustar\u00eda que todos los j\u00f3venes que quieran retornar vengan\u201d<\/a>-clarin<strong><br \/>\n<\/strong><a href=\"https:\/\/www.google.com\/url?rct=j&amp;sa=t&amp;url=https:\/\/www.cantabriadiario.com\/mundubat-y-cantabria-por-el-sahara-lanzan-un-nuevo-proyecto-centrado-en-los-derechos-de-las-mujeres-saharauis\/&amp;ct=ga&amp;cd=CAEYAyoUMTU4MTM1MzczNzQ2MzU0Njk5MzMyGTU5ZDc4MTcxMzZhMmQwMjg6ZXM6ZXM6RVM&amp;usg=AOvVaw28HKnyi0fMKY2Lrmmj6ZzL\" target=\"_blank\" rel=\"noopener\" data-saferedirecturl=\"https:\/\/www.google.com\/url?q=https:\/\/www.google.com\/url?rct%3Dj%26sa%3Dt%26url%3Dhttps:\/\/www.cantabriadiario.com\/mundubat-y-cantabria-por-el-sahara-lanzan-un-nuevo-proyecto-centrado-en-los-derechos-de-las-mujeres-saharauis\/%26ct%3Dga%26cd%3DCAEYAyoUMTU4MTM1MzczNzQ2MzU0Njk5MzMyGTU5ZDc4MTcxMzZhMmQwMjg6ZXM6ZXM6RVM%26usg%3DAOvVaw28HKnyi0fMKY2Lrmmj6ZzL&amp;source=gmail&amp;ust=1707498362879000&amp;usg=AOvVaw0XPnZHN3MIPJsN16UFqNWw\">Mundubat y Cantabria por el S\u00e1hara lanzan un nuevo proyecto centrado en los derechos de las mujeres saharauis &#8230;-<\/a><a>Cantabria Diario<br \/>\n<\/a><a href=\"https:\/\/www.google.com\/url?rct=j&amp;sa=t&amp;url=https:\/\/www.tribunasalamanca.com\/noticias\/358377\/castilla-y-leon-por-encima-de-la-media-espanola-y-europea-en-igualdad-de-genero-en-alta-tecnologia&amp;ct=ga&amp;cd=CAEYBioUMTU3ODg1MDM1NTgyNDExOTUxNzQyGWMwMzcyZWJjMmZlYWRhNTk6ZXM6ZXM6RVM&amp;usg=AOvVaw23BoORpDtNRgFadm04wuZA\" target=\"_blank\" rel=\"noopener\" data-saferedirecturl=\"https:\/\/www.google.com\/url?q=https:\/\/www.google.com\/url?rct%3Dj%26sa%3Dt%26url%3Dhttps:\/\/www.tribunasalamanca.com\/noticias\/358377\/castilla-y-leon-por-encima-de-la-media-espanola-y-europea-en-igualdad-de-genero-en-alta-tecnologia%26ct%3Dga%26cd%3DCAEYBioUMTU3ODg1MDM1NTgyNDExOTUxNzQyGWMwMzcyZWJjMmZlYWRhNTk6ZXM6ZXM6RVM%26usg%3DAOvVaw23BoORpDtNRgFadm04wuZA&amp;source=gmail&amp;ust=1707811758025000&amp;usg=AOvVaw3_qPfVYvEvXlymijTWjfC4\">Castilla y Le\u00f3n, por encima de la media espa\u00f1ola y europea en igualdad de g\u00e9nero en alta tecnolog\u00eda &#8230;-<\/a><a>Tribuna Salamanca<\/a><\/p>\n<p><strong>Econom\u00eda y Empresa<br \/>\n<\/strong><a class=\"title\" href=\"https:\/\/theobjective.com\/espana\/2024-02-11\/sanchez-incumple-paridad-altos-cargos\/?comentarios=1\" target=\"_blank\" rel=\"noopener\" data-artpy=\"0\" data-author=\"The Objective\">El Gobierno incumple la paridad que le exige al Ibex: el 34% de sus altos cargos son mujeres<\/a>-theobjective<strong><br \/>\n<\/strong><a href=\"https:\/\/www.google.com\/url?rct=j&amp;sa=t&amp;url=https:\/\/www.lavanguardia.com\/economia\/20240207\/9514392\/santander-w50-programa-liderazgo-femenino-traspasa-fronteras-brl.html&amp;ct=ga&amp;cd=CAEYACoUMTU4MTM1MzczNzQ2MzU0Njk5MzMyGTU5ZDc4MTcxMzZhMmQwMjg6ZXM6ZXM6RVM&amp;usg=AOvVaw3pLUnIiPXQg7CJTLDgCDcI\" target=\"_blank\" rel=\"noopener\" data-saferedirecturl=\"https:\/\/www.google.com\/url?q=https:\/\/www.google.com\/url?rct%3Dj%26sa%3Dt%26url%3Dhttps:\/\/www.lavanguardia.com\/economia\/20240207\/9514392\/santander-w50-programa-liderazgo-femenino-traspasa-fronteras-brl.html%26ct%3Dga%26cd%3DCAEYACoUMTU4MTM1MzczNzQ2MzU0Njk5MzMyGTU5ZDc4MTcxMzZhMmQwMjg6ZXM6ZXM6RVM%26usg%3DAOvVaw3pLUnIiPXQg7CJTLDgCDcI&amp;source=gmail&amp;ust=1707498362878000&amp;usg=AOvVaw0S2R-qd8F1ZgIjbMYMcvlL\">Santander W50, el programa de liderazgo femenino que traspasa fronteras &#8211;\u00a0<\/a><a>La Vanguardia<br \/>\n<\/a><a class=\"title\" href=\"https:\/\/www.levante-emv.com\/economia\/empresas-y-responsabilidad-social\/2024\/02\/12\/iberdrola-apuesta-mujer-desarrollo-carreras-ciencias-98082786.html\" target=\"_blank\" rel=\"noopener\" data-artpy=\"0\" data-author=\"Levante-EMV\">Iberdrola apuesta por la mujer y su desarrollo en las carreras de ciencias<\/a>-levante<br \/>\n<a class=\"title\" href=\"https:\/\/www.elperiodico.com\/es\/sociedad\/20240212\/blanca-sorigue-industria-futuro-debe-98089645\" target=\"_blank\" rel=\"noopener\" data-artpy=\"0\" data-author=\"El Peri\u00f3dico\">Blanca Sorigu\u00e9: La industria del futuro debe ser un faro de liderazgo y equidad<\/a>-elperiodico<br \/>\n<a class=\"title\" href=\"https:\/\/www.autonomosyemprendedor.es\/articulo\/ayudas-estatales\/todas-ayudas-estatales-mujeres-autonomas-que-desean-abrir-negocio-2024\/20240208131749034501.html\" target=\"_blank\" rel=\"noopener\" data-artpy=\"0\" data-author=\"Aut\u00f3nomos y Emprendedores\">Todas las ayudas estatales para mujeres aut\u00f3nomas que desean abrir un negocio en 2024-<\/a><a>autonomoyemprendedor<\/a><\/p>\n<p><strong>Actualidad<br \/>\n<\/strong><a href=\"https:\/\/www.google.com\/url?rct=j&amp;sa=t&amp;url=https:\/\/www.publico.es\/external\/240210050131-publico-otras-miradas-mujeres-les-preocupa-mas-sanidad.html&amp;ct=ga&amp;cd=CAEYACoTMTI4MTU2ODM4MjIwMzI1MTM2MDIZYzAzNzJlYmMyZmVhZGE1OTplczplczpFUw&amp;usg=AOvVaw3MYZjGN1AvajiPJKLZmblZ\" target=\"_blank\" rel=\"noopener\" data-saferedirecturl=\"https:\/\/www.google.com\/url?q=https:\/\/www.google.com\/url?rct%3Dj%26sa%3Dt%26url%3Dhttps:\/\/www.publico.es\/external\/240210050131-publico-otras-miradas-mujeres-les-preocupa-mas-sanidad.html%26ct%3Dga%26cd%3DCAEYACoTMTI4MTU2ODM4MjIwMzI1MTM2MDIZYzAzNzJlYmMyZmVhZGE1OTplczplczpFUw%26usg%3DAOvVaw3MYZjGN1AvajiPJKLZmblZ&amp;source=gmail&amp;ust=1707811757818000&amp;usg=AOvVaw3mXVOTsPN_Tf11jdyWfU5d\">\u00bfPor qu\u00e9 a las\u00a0mujeres les preocupa m\u00e1s la sanidad? \u2013 Otras miradas &#8211;\u00a0<\/a><a>Diario P\u00fablico<br \/>\n<\/a><a href=\"https:\/\/www.google.com\/url?rct=j&amp;sa=t&amp;url=https:\/\/www.20minutos.es\/mujer\/mas-mujer\/por-que-menudo-sentimos-atraccion-hacia-personas-toxicas-5213407\/&amp;ct=ga&amp;cd=CAEYGyoTNzQ0MTQ2MjA4OTY2ODIwNzM1MzIZYzAzNzJlYmMyZmVhZGE1OTplczplczpFUw&amp;usg=AOvVaw0dY3uOAFp4GbtG5KjS3NrQ\">\u00bfPor qu\u00e9 las\u00a0mujeres sienten m\u00e1s atracci\u00f3n que los hombres por personas t\u00f3xicas?-\u00a0<\/a>20Minutos<a>\u00a0<\/a><\/p>\n<p><strong>Violencias<br \/>\n<\/strong><a href=\"https:\/\/www.google.com\/url?rct=j&amp;sa=t&amp;url=https:\/\/elpais.com\/cultura\/2024-02-09\/el-ministerio-de-cultura-creara-una-oficina-de-atencion-a-victimas-de-violencia-machista.html&amp;ct=ga&amp;cd=CAEYACoUMTM1Njk0NDg3MTM3ODc5MDA2OTkyGWUyZGVmYTdkNWRhOTE1N2Q6ZXM6ZXM6RVM&amp;usg=AOvVaw2zHmtKqA-dcNgJB30QCaf2\" target=\"_blank\" rel=\"noopener\" data-saferedirecturl=\"https:\/\/www.google.com\/url?q=https:\/\/www.google.com\/url?rct%3Dj%26sa%3Dt%26url%3Dhttps:\/\/elpais.com\/cultura\/2024-02-09\/el-ministerio-de-cultura-creara-una-oficina-de-atencion-a-victimas-de-violencia-machista.html%26ct%3Dga%26cd%3DCAEYACoUMTM1Njk0NDg3MTM3ODc5MDA2OTkyGWUyZGVmYTdkNWRhOTE1N2Q6ZXM6ZXM6RVM%26usg%3DAOvVaw2zHmtKqA-dcNgJB30QCaf2&amp;source=gmail&amp;ust=1707811756687000&amp;usg=AOvVaw2U-fSSIZFcFr699QELPhQh\">El Ministerio de Cultura crear\u00e1 una oficina de atenci\u00f3n a v\u00edctimas de\u00a0violencia machista-\u00a0<\/a><a>elpais<br \/>\n<\/a><a href=\"https:\/\/www.google.com\/url?rct=j&amp;sa=t&amp;url=https:\/\/alfayomega.es\/mabel-lozano-gana-otro-goya-por-denunciar-la-explotacion-sexual-de-mujeres-con-discapacidad\/&amp;ct=ga&amp;cd=CAEYACoUMTIwMjQwMDY0MTAyNTA4MTIyMjEyGWMwMzcyZWJjMmZlYWRhNTk6ZXM6ZXM6RVM&amp;usg=AOvVaw0TnKzay-fD7sTHi6SfpvEh\" target=\"_blank\" rel=\"noopener\" data-saferedirecturl=\"https:\/\/www.google.com\/url?q=https:\/\/www.google.com\/url?rct%3Dj%26sa%3Dt%26url%3Dhttps:\/\/alfayomega.es\/mabel-lozano-gana-otro-goya-por-denunciar-la-explotacion-sexual-de-mujeres-con-discapacidad\/%26ct%3Dga%26cd%3DCAEYACoUMTIwMjQwMDY0MTAyNTA4MTIyMjEyGWMwMzcyZWJjMmZlYWRhNTk6ZXM6ZXM6RVM%26usg%3DAOvVaw0TnKzay-fD7sTHi6SfpvEh&amp;source=gmail&amp;ust=1707811758049000&amp;usg=AOvVaw03zH54iHcH92g6vZW3XWZB\">Mabel Lozano gana otro Goya por denunciar la explotaci\u00f3n sexual de\u00a0mujeres con discapacidad-\u00a0<\/a><a>Alfa y Omega<\/a><\/p>\n<p><strong>Ciencia y Cultura<br \/>\n<\/strong><a href=\"https:\/\/www.google.com\/url?rct=j&amp;sa=t&amp;url=https:\/\/cadenaser.com\/comunitat-valenciana\/2024\/02\/11\/marta-martinez-premio-nacional-de-investigacion-hace-falta-mas-apoyo-administrativo-hacia-los-cientificos-radio-valencia\/&amp;ct=ga&amp;cd=CAEYASoUMTI1NDA3Mjc5MTMyNTk2NzIwODcyGWMwMzcyZWJjMmZlYWRhNTk6ZXM6ZXM6RVM&amp;usg=AOvVaw02eQAz9n4Ev9hJP8C5xjNM\" target=\"_blank\" rel=\"noopener\" data-saferedirecturl=\"https:\/\/www.google.com\/url?q=https:\/\/www.google.com\/url?rct%3Dj%26sa%3Dt%26url%3Dhttps:\/\/cadenaser.com\/comunitat-valenciana\/2024\/02\/11\/marta-martinez-premio-nacional-de-investigacion-hace-falta-mas-apoyo-administrativo-hacia-los-cientificos-radio-valencia\/%26ct%3Dga%26cd%3DCAEYASoUMTI1NDA3Mjc5MTMyNTk2NzIwODcyGWMwMzcyZWJjMmZlYWRhNTk6ZXM6ZXM6RVM%26usg%3DAOvVaw02eQAz9n4Ev9hJP8C5xjNM&amp;source=gmail&amp;ust=1707811758012000&amp;usg=AOvVaw1R64w43l9YBC9vb3hbRdWV\">Marta Mart\u00ednez, Premio Nacional de Investigaci\u00f3n: \u00abHace falta m\u00e1s apoyo administrativo &#8230;-\u00a0<\/a><a>cadena SER<br \/>\n<\/a><a href=\"https:\/\/www.google.com\/url?rct=j&amp;sa=t&amp;url=https:\/\/www.corresponsables.com\/actualidad\/aec-acuerdo-brecha-genero-profesion-tecnologica&amp;ct=ga&amp;cd=CAEYACoTMTEyMDA2NzgwMzc0MjE0OTQ1NTIZNTlkNzgxNzEzNmEyZDAyODplczplczpFUw&amp;usg=AOvVaw3igBEtGQx9UCiGIgkOoaHx\" target=\"_blank\" rel=\"noopener\" data-saferedirecturl=\"https:\/\/www.google.com\/url?q=https:\/\/www.google.com\/url?rct%3Dj%26sa%3Dt%26url%3Dhttps:\/\/www.corresponsables.com\/actualidad\/aec-acuerdo-brecha-genero-profesion-tecnologica%26ct%3Dga%26cd%3DCAEYACoTMTEyMDA2NzgwMzc0MjE0OTQ1NTIZNTlkNzgxNzEzNmEyZDAyODplczplczpFUw%26usg%3DAOvVaw3igBEtGQx9UCiGIgkOoaHx&amp;source=gmail&amp;ust=1707825160697000&amp;usg=AOvVaw3TWEWcm0EZ3fQN2H4jGkAa\">La AEC llama a un gran acuerdo para superar la brecha de\u00a0g\u00e9nero en las profesiones tecnol\u00f3gicas-\u00a0<\/a><a>Corresponsables<br \/>\n<\/a><a href=\"https:\/\/www.google.com\/url?rct=j&amp;sa=t&amp;url=https:\/\/www.diariosigloxxi.com\/texto-s\/mostrar\/536844\/rectores-consideran-imprescindible-compromiso-serio-universidad-acceso-mujeres-ciencia&amp;ct=ga&amp;cd=CAEYACoUMTA0MTUwMzc3NzM4MDUxMzYyMDEyG2UwZjU4Njg5N2I1Zjc4M2U6ZXM6ZXM6RVM6TA&amp;usg=AOvVaw2J17dCxIL-dttOKi0yaQSW\" target=\"_blank\" rel=\"noopener\" data-saferedirecturl=\"https:\/\/www.google.com\/url?q=https:\/\/www.google.com\/url?rct%3Dj%26sa%3Dt%26url%3Dhttps:\/\/www.diariosigloxxi.com\/texto-s\/mostrar\/536844\/rectores-consideran-imprescindible-compromiso-serio-universidad-acceso-mujeres-ciencia%26ct%3Dga%26cd%3DCAEYACoUMTA0MTUwMzc3NzM4MDUxMzYyMDEyG2UwZjU4Njg5N2I1Zjc4M2U6ZXM6ZXM6RVM6TA%26usg%3DAOvVaw2J17dCxIL-dttOKi0yaQSW&amp;source=gmail&amp;ust=1707811760062000&amp;usg=AOvVaw1efDZs-7gzGsVg1tH_LeYi\">Los rectores consideran \u00abimprescindible\u00bb un compromiso \u00abserio\u00bb de la Universidad con el acceso de las mujeres a la ciencia &#8230;-\u00a0<\/a><a>Diario Siglo XXI<br \/>\n<\/a><a href=\"https:\/\/www.google.com\/url?rct=j&amp;sa=t&amp;url=https:\/\/www.eldiario.es\/andalucia\/la-cuadratura-del-circulo\/malabarismo-mujer-investigadora_132_10906040.html&amp;ct=ga&amp;cd=CAEYACoUMTAyODU3NDExMjY2ODcxMjIzNTIyGWMwMzcyZWJjMmZlYWRhNTk6ZXM6ZXM6RVM&amp;usg=AOvVaw2Ad8yhcLqiiFzX8wkX3sT0\" target=\"_blank\" rel=\"noopener\" data-saferedirecturl=\"https:\/\/www.google.com\/url?q=https:\/\/www.google.com\/url?rct%3Dj%26sa%3Dt%26url%3Dhttps:\/\/www.eldiario.es\/andalucia\/la-cuadratura-del-circulo\/malabarismo-mujer-investigadora_132_10906040.html%26ct%3Dga%26cd%3DCAEYACoUMTAyODU3NDExMjY2ODcxMjIzNTIyGWMwMzcyZWJjMmZlYWRhNTk6ZXM6ZXM6RVM%26usg%3DAOvVaw2Ad8yhcLqiiFzX8wkX3sT0&amp;source=gmail&amp;ust=1707811757610000&amp;usg=AOvVaw3f43InbBaMvcMYX92spBCz\">El &#8216;malabarismo&#8217; de ser\u00a0mujer investigadora &#8211;\u00a0<\/a><a>El Diario<br \/>\n<\/a><a class=\"title\" href=\"https:\/\/www.msn.com\/es-es\/entretenimiento\/cine\/la-trata-de-ni%C3%B1as-con-discapacidad-intelectual-y-el-alzh%C3%A9imer-los-documentales-ganadores-de-los-goya\/ar-BB1i8PdB\" target=\"_blank\" rel=\"noopener\" data-artpy=\"0\" data-author=\"20 minutos on MSN\">La trata de ni\u00f1as con discapacidad intelectual y el alzh\u00e9imer, los documentales ganadores de los Goya<\/a>-20minutos<br \/>\n<a class=\"title\" title=\"Condena en la gala de los Premios Goya a la violencia sexual: &quot;Queremos decirles a las v\u00edctimas que no est\u00e1n solas. Aqu\u00ed en el cine se acab\u00f3&quot;\" href=\"https:\/\/www.elmundo.es\/cultura\/premios-goya\/2024\/02\/10\/65c7d80afdddff6c0d8b45d3.html\" target=\"_blank\" rel=\"noopener\" data-artpy=\"0\" data-author=\"El Mundo\">Condena en la gala de los Premios Goya a la violencia sexual: \u00abQueremos decirles a las v\u00edctimas que no est\u00e1n solas. Aqu\u00ed en el cine espa\u00f1ol se acab\u00f3\u00bb<\/a>&#8230;-elmundo<br \/>\n<a href=\"https:\/\/www.eldiario.es\/cultura\/comics\/debajo-salario-minimo-40-horas-semanales-precariedad-comic-espanol_1_10912278.html\">Por debajo del salario m\u00ednimo y por encima de las 40 horas semanales: la precariedad del c\u00f3mic espa\u00f1ol<\/a>-eldiario<\/p>\n<p><strong>Deporte<br \/>\n<\/strong><a class=\"title\" href=\"https:\/\/www.pharmatech.es\/noticias\/20240212\/moderna-y-la-federacion-espanola-de-baloncesto-celebran-referentes-evento-para-dar-visibilidad-a-la-mujer-en-la-ciencia-y-el-deporte\" target=\"_blank\" rel=\"noopener\" data-artpy=\"0\" data-author=\"pharmatech.es\">Moderna y la Federaci\u00f3n Espa\u00f1ola de Baloncesto celebran \u00b4Referentes\u00b4, evento para dar visibilidad a la mujer en la ciencia y el deporte<\/a>-pharmatech<strong><br \/>\n<\/strong><a class=\"title\" href=\"https:\/\/www.superdeporte.es\/baloncesto\/2024\/02\/11\/seleccion-espanola-femenina-baloncesto-clasifica-hungria-98046792.html\" target=\"_blank\" rel=\"noopener\" data-artpy=\"0\" data-author=\"Superdeporte\">La selecci\u00f3n espa\u00f1ola femenina de baloncesto se clasifica para los Juegos Ol\u00edmpicos de Par\u00eds<\/a>-superdeporte<br \/>\n<a class=\"title\" href=\"https:\/\/www.motociclismo.es\/deporte\/superbike\/ana-carrasco-disputara-mundial-femenino-velocidad-2024_289759_102.html\" target=\"_blank\" rel=\"noopener\" data-artpy=\"0\" data-author=\"Motociclismo\">Ana Carrasco disputar\u00e1 el Mundial Femenino de Velocidad 2024<\/a>-motociclismo<br \/>\n<a class=\"title\" href=\"https:\/\/www.europapress.es\/deportes\/tenis-00166\/noticia-badosa-completa-triunfo-krueger-avanza-segunda-ronda-doha-20240212140636.html\" target=\"_blank\" rel=\"noopener\" data-artpy=\"0\" data-author=\"Europa Press\">Badosa completa su triunfo ante Krueger y avanza a segunda ronda en Doha<\/a>-europapress<\/p>\n<\/div>\n<\/div>\n<div id=\"\" class=\"lsow-panel lsow-active\">\n<h1 class=\"lsow-panel-title\">Internacional<\/h1>\n<div class=\"lsow-panel-content\">\n<p><a class=\"title\" href=\"https:\/\/www.msn.com\/es-co\/news\/other\/el-conflicto-en-gaza-y-los-ataques-en-el-mar-rojo-amenazan-la-econom%C3%ADa-global\/ar-BB1iar7E\" target=\"_blank\" rel=\"noopener\" data-artpy=\"0\" data-author=\"Portafolio on MSN\">El conflicto en Gaza y los ataques en el mar Rojo amenazan la econom\u00eda global<\/a>-portafolio<br \/>\n<a href=\"https:\/\/www.google.com\/url?rct=j&amp;sa=t&amp;url=https:\/\/www.infobae.com\/america\/agencias\/2024\/02\/11\/la-brecha-de-genero-en-la-pension-de-jubilacion-cae-al-211-en-2023-ellas-cobran-338-euros-menos-al-mes\/&amp;ct=ga&amp;cd=CAEYAyoTNDkyNjIzODYwODAzMzYyMDUzMDIZZTJkZWZhN2Q1ZGE5MTU3ZDplczplczpFUw&amp;usg=AOvVaw2rXYS30e0cuEWpdbsKHB1J\" target=\"_blank\" rel=\"noopener\" data-saferedirecturl=\"https:\/\/www.google.com\/url?q=https:\/\/www.google.com\/url?rct%3Dj%26sa%3Dt%26url%3Dhttps:\/\/www.infobae.com\/america\/agencias\/2024\/02\/11\/la-brecha-de-genero-en-la-pension-de-jubilacion-cae-al-211-en-2023-ellas-cobran-338-euros-menos-al-mes\/%26ct%3Dga%26cd%3DCAEYAyoTNDkyNjIzODYwODAzMzYyMDUzMDIZZTJkZWZhN2Q1ZGE5MTU3ZDplczplczpFUw%26usg%3DAOvVaw2rXYS30e0cuEWpdbsKHB1J&amp;source=gmail&amp;ust=1707811756934000&amp;usg=AOvVaw1wbfAjwmGcZPGtG-kPrUNn\">La brecha de g\u00e9nero en la pensi\u00f3n de jubilaci\u00f3n cae al 21,1% en 2023: ellas cobran 338 &#8230;-\u00a0<\/a><a>Infobae<br \/>\n<\/a><a href=\"https:\/\/www.google.com\/url?rct=j&amp;sa=t&amp;url=https:\/\/cimacnoticias.com.mx\/2024\/02\/06\/se-necesitan-mas-ninas-en-la-ciencia-y-las-tecnologias-onu-mujeres\/&amp;ct=ga&amp;cd=CAEYACoUMTM3NDI4NDYwMjU5NDIyODI4NzgyGWUxZTc3ZDE1NjA5OGE4ZTM6ZXM6ZXM6RVM&amp;usg=AOvVaw0sUAhNydBHGRZYBWADJRzX\" target=\"_blank\" rel=\"noopener\" data-saferedirecturl=\"https:\/\/www.google.com\/url?q=https:\/\/www.google.com\/url?rct%3Dj%26sa%3Dt%26url%3Dhttps:\/\/cimacnoticias.com.mx\/2024\/02\/06\/se-necesitan-mas-ninas-en-la-ciencia-y-las-tecnologias-onu-mujeres\/%26ct%3Dga%26cd%3DCAEYACoUMTM3NDI4NDYwMjU5NDIyODI4NzgyGWUxZTc3ZDE1NjA5OGE4ZTM6ZXM6ZXM6RVM%26usg%3DAOvVaw0sUAhNydBHGRZYBWADJRzX&amp;source=gmail&amp;ust=1707498363858000&amp;usg=AOvVaw00smlk2sqRuRLOS0FMBg_8\">Se necesitan m\u00e1s ni\u00f1as en la ciencia y las\u00a0tecnolog\u00edas: ONU Mujeres &#8211;\u00a0<\/a><a>CIMAC Noticias<br \/>\n<\/a><a href=\"https:\/\/www.google.com\/url?rct=j&amp;sa=t&amp;url=https:\/\/elpais.com\/sociedad\/2024-02-06\/la-ley-contra-la-violencia-machista-de-la-ue-no-incluira-el-delito-de-violacion.html&amp;ct=ga&amp;cd=CAEYACoTOTA0ODk4OTQ1NDM1NDc1OTk0NTIZZTJkZWZhN2Q1ZGE5MTU3ZDplczplczpFUw&amp;usg=AOvVaw3raLzFv04JRdaS0Zs9LxRC\" target=\"_blank\" rel=\"noopener\" data-saferedirecturl=\"https:\/\/www.google.com\/url?q=https:\/\/www.google.com\/url?rct%3Dj%26sa%3Dt%26url%3Dhttps:\/\/elpais.com\/sociedad\/2024-02-06\/la-ley-contra-la-violencia-machista-de-la-ue-no-incluira-el-delito-de-violacion.html%26ct%3Dga%26cd%3DCAEYACoTOTA0ODk4OTQ1NDM1NDc1OTk0NTIZZTJkZWZhN2Q1ZGE5MTU3ZDplczplczpFUw%26usg%3DAOvVaw3raLzFv04JRdaS0Zs9LxRC&amp;source=gmail&amp;ust=1707498360636000&amp;usg=AOvVaw38SqpMseMwaqPgOSO2Jqq0\">La ley contra la\u00a0violencia machista de la UE no incluir\u00e1 el delito de violaci\u00f3n &#8211;\u00a0<\/a><a>elpais<br \/>\n<\/a><a href=\"https:\/\/www.google.com\/url?rct=j&amp;sa=t&amp;url=https:\/\/lac.unwomen.org\/es\/stories\/noticia\/2024\/02\/julieta-orlando-la-voz-y-vision-de-las-mujeres-son-fundamentales-para-el-progreso-cientifico&amp;ct=ga&amp;cd=CAEYACoUMTU4NTUxODYxNjQzOTg1MjI5OTIyGWMwMzcyZWJjMmZlYWRhNTk6ZXM6ZXM6RVM&amp;usg=AOvVaw2bMFtdsVZSZ2cyuoh93xJQ\" target=\"_blank\" rel=\"noopener\" data-saferedirecturl=\"https:\/\/www.google.com\/url?q=https:\/\/www.google.com\/url?rct%3Dj%26sa%3Dt%26url%3Dhttps:\/\/lac.unwomen.org\/es\/stories\/noticia\/2024\/02\/julieta-orlando-la-voz-y-vision-de-las-mujeres-son-fundamentales-para-el-progreso-cientifico%26ct%3Dga%26cd%3DCAEYACoUMTU4NTUxODYxNjQzOTg1MjI5OTIyGWMwMzcyZWJjMmZlYWRhNTk6ZXM6ZXM6RVM%26usg%3DAOvVaw2bMFtdsVZSZ2cyuoh93xJQ&amp;source=gmail&amp;ust=1707811757768000&amp;usg=AOvVaw3bCas1mE9Ve7L1NdcnlJu2\">Julieta Orlando la voz y visi\u00f3n de las mujeres son fundamentales para el progreso cient\u00edfico-\u00a0<\/a><a>ONU Mujeres<br \/>\n<\/a><a href=\"https:\/\/www.google.com\/url?rct=j&amp;sa=t&amp;url=https:\/\/www.unesco.org\/es\/articles\/katherine-vergara-ganadora-del-premio-loreal-chile-unesco-la-mujer-y-la-ciencia-nunca-es-demasiado&amp;ct=ga&amp;cd=CAEYASoTNzIzODYxNTkyMTQ1MTEzNTAwMjIZYzAzNzJlYmMyZmVhZGE1OTplczplczpFUw&amp;usg=AOvVaw3RClkpmJ8vbFij5QMSCx9k\" target=\"_blank\" rel=\"noopener\" data-saferedirecturl=\"https:\/\/www.google.com\/url?q=https:\/\/www.google.com\/url?rct%3Dj%26sa%3Dt%26url%3Dhttps:\/\/www.unesco.org\/es\/articles\/katherine-vergara-ganadora-del-premio-loreal-chile-unesco-la-mujer-y-la-ciencia-nunca-es-demasiado%26ct%3Dga%26cd%3DCAEYASoTNzIzODYxNTkyMTQ1MTEzNTAwMjIZYzAzNzJlYmMyZmVhZGE1OTplczplczpFUw%26usg%3DAOvVaw3RClkpmJ8vbFij5QMSCx9k&amp;source=gmail&amp;ust=1707811757957000&amp;usg=AOvVaw3hG899oBIki9xkVxP-_DUN\">Katherine Vergara, ganadora del premio L&#8217;Or\u00e9al Chile\u2013UNESCO La\u00a0Mujer y la Ciencia-\u00a0<\/a><a>UNESCO<br \/>\n<\/a><a href=\"https:\/\/www.eldiario.es\/cultura\/libros\/gabriela-mistral-chilena-mestiza-lesbiana-pudo-encajar-corriente_1_10910499.html\">Gabriela Mistral, la chilena mestiza y lesbiana a la que jam\u00e1s se la pudo encajar en corriente alguna<\/a>-eldiario<\/p>\n<\/div>\n<\/div>\n<\/div><\/div><\/div><\/div><\/div>\n","protected":false},"excerpt":{"rendered":"<p>La ley contra la violencia machista de la UE no incluir\u00e1 el delito de violaci\u00f3n * Interior restringir\u00e1 los criterios para desactivar la protecci\u00f3n en casos de maltrato * El \u2018malabarismo\u2019 de ser mujer investigadora * Crece un 19,9% la presencia de la mujer en la I+D en Andaluc\u00eda<\/p>\n","protected":false},"author":3,"featured_media":22909,"comment_status":"closed","ping_status":"closed","sticky":false,"template":"","format":"standard","meta":{"footnotes":""},"categories":[298,621],"tags":[247,130,109],"class_list":["post-20913","post","type-post","status-publish","format-standard","has-post-thumbnail","hentry","category-newsletter","category-nwl-3-0","tag-mujer-y-ciencia","tag-ue","tag-violencia-de-genero"],"yoast_head":"<!-- This site is optimized with the Yoast SEO plugin v27.4 - https:\/\/yoast.com\/product\/yoast-seo-wordpress\/ -->\n<title>Noticias Info CKL n\u00ba 2849-09\/02\/24-Comunicar con perspectiva de g\u00e9nero<\/title>\n<meta name=\"description\" content=\"Noticias Info CKL n\u00ba 2849-12\/02\/24 La ley contra la violencia machista de la UE no incluir\u00e1 el delito de violaci\u00f3n * Interior restringir\u00e1 los criterios para desactivar la protecci\u00f3n en casos de maltrato * El \u2018malabarismo\u2019 de ser mujer investigadora * Crece un 19,9% la presencia de la mujer en la I+D en Andaluc\u00eda\" \/>\n<meta name=\"robots\" content=\"index, follow, max-snippet:-1, max-image-preview:large, max-video-preview:-1\" \/>\n<link rel=\"canonical\" href=\"https:\/\/cklcomunicaciones.es\/coop\/noticias-info-ckl-no-2849-12-02-24\/\" \/>\n<meta property=\"og:locale\" content=\"es_ES\" \/>\n<meta property=\"og:type\" content=\"article\" \/>\n<meta property=\"og:title\" content=\"Noticias Info CKL n\u00ba 2849-09\/02\/24-Comunicar con perspectiva de g\u00e9nero\" \/>\n<meta property=\"og:description\" content=\"Noticias Info CKL n\u00ba 2849-12\/02\/24 La ley contra la violencia machista de la UE no incluir\u00e1 el delito de violaci\u00f3n * Interior restringir\u00e1 los criterios para desactivar la protecci\u00f3n en casos de maltrato * El \u2018malabarismo\u2019 de ser mujer investigadora * Crece un 19,9% la presencia de la mujer en la I+D en Andaluc\u00eda\" \/>\n<meta property=\"og:url\" content=\"https:\/\/cklcomunicaciones.es\/coop\/noticias-info-ckl-no-2849-12-02-24\/\" \/>\n<meta property=\"og:site_name\" content=\"CKL Comunicaciones\" \/>\n<meta property=\"article:published_time\" content=\"2024-02-12T18:12:41+00:00\" \/>\n<meta property=\"article:modified_time\" content=\"2025-02-07T14:26:03+00:00\" \/>\n<meta property=\"og:image\" content=\"https:\/\/cklcomunicaciones.es\/coop\/wp-content\/uploads\/2025\/01\/CKL-una-mirada-distinta-de-la-comunicacion.jpg\" \/>\n\t<meta property=\"og:image:width\" content=\"1482\" \/>\n\t<meta property=\"og:image:height\" content=\"775\" \/>\n\t<meta property=\"og:image:type\" content=\"image\/jpeg\" \/>\n<meta name=\"author\" content=\"ckl\" \/>\n<meta name=\"twitter:card\" content=\"summary_large_image\" \/>\n<meta name=\"twitter:label1\" content=\"Escrito por\" \/>\n\t<meta name=\"twitter:data1\" content=\"ckl\" \/>\n\t<meta name=\"twitter:label2\" content=\"Tiempo de lectura\" \/>\n\t<meta name=\"twitter:data2\" content=\"5 minutos\" \/>\n<script type=\"application\/ld+json\" class=\"yoast-schema-graph\">{\"@context\":\"https:\\\/\\\/schema.org\",\"@graph\":[{\"@type\":\"Article\",\"@id\":\"https:\\\/\\\/cklcomunicaciones.es\\\/coop\\\/noticias-info-ckl-no-2849-12-02-24\\\/#article\",\"isPartOf\":{\"@id\":\"https:\\\/\\\/cklcomunicaciones.es\\\/coop\\\/noticias-info-ckl-no-2849-12-02-24\\\/\"},\"author\":{\"name\":\"ckl\",\"@id\":\"https:\\\/\\\/cklcomunicaciones.es\\\/coop\\\/#\\\/schema\\\/person\\\/929a6837f7626450bbb50cee1aef266e\"},\"headline\":\"Noticias Info CKL n\u00ba 2849-12\\\/02\\\/24\",\"datePublished\":\"2024-02-12T18:12:41+00:00\",\"dateModified\":\"2025-02-07T14:26:03+00:00\",\"mainEntityOfPage\":{\"@id\":\"https:\\\/\\\/cklcomunicaciones.es\\\/coop\\\/noticias-info-ckl-no-2849-12-02-24\\\/\"},\"wordCount\":1229,\"image\":{\"@id\":\"https:\\\/\\\/cklcomunicaciones.es\\\/coop\\\/noticias-info-ckl-no-2849-12-02-24\\\/#primaryimage\"},\"thumbnailUrl\":\"https:\\\/\\\/cklcomunicaciones.es\\\/coop\\\/wp-content\\\/uploads\\\/2025\\\/01\\\/CKL-una-mirada-distinta-de-la-comunicacion.jpg\",\"keywords\":[\"mujer y ciencia\",\"UE\",\"violencia de g\u00e9nero\"],\"articleSection\":[\"Newsletter\",\"Nwl v3.0\"],\"inLanguage\":\"es\"},{\"@type\":\"WebPage\",\"@id\":\"https:\\\/\\\/cklcomunicaciones.es\\\/coop\\\/noticias-info-ckl-no-2849-12-02-24\\\/\",\"url\":\"https:\\\/\\\/cklcomunicaciones.es\\\/coop\\\/noticias-info-ckl-no-2849-12-02-24\\\/\",\"name\":\"Noticias Info CKL n\u00ba 2849-09\\\/02\\\/24-Comunicar con perspectiva de g\u00e9nero\",\"isPartOf\":{\"@id\":\"https:\\\/\\\/cklcomunicaciones.es\\\/coop\\\/#website\"},\"primaryImageOfPage\":{\"@id\":\"https:\\\/\\\/cklcomunicaciones.es\\\/coop\\\/noticias-info-ckl-no-2849-12-02-24\\\/#primaryimage\"},\"image\":{\"@id\":\"https:\\\/\\\/cklcomunicaciones.es\\\/coop\\\/noticias-info-ckl-no-2849-12-02-24\\\/#primaryimage\"},\"thumbnailUrl\":\"https:\\\/\\\/cklcomunicaciones.es\\\/coop\\\/wp-content\\\/uploads\\\/2025\\\/01\\\/CKL-una-mirada-distinta-de-la-comunicacion.jpg\",\"datePublished\":\"2024-02-12T18:12:41+00:00\",\"dateModified\":\"2025-02-07T14:26:03+00:00\",\"author\":{\"@id\":\"https:\\\/\\\/cklcomunicaciones.es\\\/coop\\\/#\\\/schema\\\/person\\\/929a6837f7626450bbb50cee1aef266e\"},\"description\":\"Noticias Info CKL n\u00ba 2849-12\\\/02\\\/24 La ley contra la violencia machista de la UE no incluir\u00e1 el delito de violaci\u00f3n * Interior restringir\u00e1 los criterios para desactivar la protecci\u00f3n en casos de maltrato * El \u2018malabarismo\u2019 de ser mujer investigadora * Crece un 19,9% la presencia de la mujer en la I+D en Andaluc\u00eda\",\"breadcrumb\":{\"@id\":\"https:\\\/\\\/cklcomunicaciones.es\\\/coop\\\/noticias-info-ckl-no-2849-12-02-24\\\/#breadcrumb\"},\"inLanguage\":\"es\",\"potentialAction\":[{\"@type\":\"ReadAction\",\"target\":[\"https:\\\/\\\/cklcomunicaciones.es\\\/coop\\\/noticias-info-ckl-no-2849-12-02-24\\\/\"]}]},{\"@type\":\"ImageObject\",\"inLanguage\":\"es\",\"@id\":\"https:\\\/\\\/cklcomunicaciones.es\\\/coop\\\/noticias-info-ckl-no-2849-12-02-24\\\/#primaryimage\",\"url\":\"https:\\\/\\\/cklcomunicaciones.es\\\/coop\\\/wp-content\\\/uploads\\\/2025\\\/01\\\/CKL-una-mirada-distinta-de-la-comunicacion.jpg\",\"contentUrl\":\"https:\\\/\\\/cklcomunicaciones.es\\\/coop\\\/wp-content\\\/uploads\\\/2025\\\/01\\\/CKL-una-mirada-distinta-de-la-comunicacion.jpg\",\"width\":1482,\"height\":775,\"caption\":\"CKL - una mirada distinta de la comunicacion\"},{\"@type\":\"BreadcrumbList\",\"@id\":\"https:\\\/\\\/cklcomunicaciones.es\\\/coop\\\/noticias-info-ckl-no-2849-12-02-24\\\/#breadcrumb\",\"itemListElement\":[{\"@type\":\"ListItem\",\"position\":1,\"name\":\"Portada\",\"item\":\"https:\\\/\\\/cklcomunicaciones.es\\\/coop\\\/\"},{\"@type\":\"ListItem\",\"position\":2,\"name\":\"Noticias Info CKL n\u00ba 2849-12\\\/02\\\/24\"}]},{\"@type\":\"WebSite\",\"@id\":\"https:\\\/\\\/cklcomunicaciones.es\\\/coop\\\/#website\",\"url\":\"https:\\\/\\\/cklcomunicaciones.es\\\/coop\\\/\",\"name\":\"CKL Comunicaciones\",\"description\":\"Sitio web de CKL Comunicaciones coop , la consultora de comunicaci\u00f3n y estrategia\",\"potentialAction\":[{\"@type\":\"SearchAction\",\"target\":{\"@type\":\"EntryPoint\",\"urlTemplate\":\"https:\\\/\\\/cklcomunicaciones.es\\\/coop\\\/?s={search_term_string}\"},\"query-input\":{\"@type\":\"PropertyValueSpecification\",\"valueRequired\":true,\"valueName\":\"search_term_string\"}}],\"inLanguage\":\"es\"},{\"@type\":\"Person\",\"@id\":\"https:\\\/\\\/cklcomunicaciones.es\\\/coop\\\/#\\\/schema\\\/person\\\/929a6837f7626450bbb50cee1aef266e\",\"name\":\"ckl\",\"image\":{\"@type\":\"ImageObject\",\"inLanguage\":\"es\",\"@id\":\"https:\\\/\\\/secure.gravatar.com\\\/avatar\\\/c82db564e8a669bf6023357a157b9dc4780f4d4c618f2ad1d71a6a5dede45057?s=96&d=mm&r=g\",\"url\":\"https:\\\/\\\/secure.gravatar.com\\\/avatar\\\/c82db564e8a669bf6023357a157b9dc4780f4d4c618f2ad1d71a6a5dede45057?s=96&d=mm&r=g\",\"contentUrl\":\"https:\\\/\\\/secure.gravatar.com\\\/avatar\\\/c82db564e8a669bf6023357a157b9dc4780f4d4c618f2ad1d71a6a5dede45057?s=96&d=mm&r=g\",\"caption\":\"ckl\"},\"url\":\"https:\\\/\\\/cklcomunicaciones.es\\\/coop\\\/author\\\/cklcomunicaciones\\\/\"}]}<\/script>\n<!-- \/ Yoast SEO plugin. -->","yoast_head_json":{"title":"Noticias Info CKL n\u00ba 2849-09\/02\/24-Comunicar con perspectiva de g\u00e9nero","description":"Noticias Info CKL n\u00ba 2849-12\/02\/24 La ley contra la violencia machista de la UE no incluir\u00e1 el delito de violaci\u00f3n * Interior restringir\u00e1 los criterios para desactivar la protecci\u00f3n en casos de maltrato * El \u2018malabarismo\u2019 de ser mujer investigadora * Crece un 19,9% la presencia de la mujer en la I+D en Andaluc\u00eda","robots":{"index":"index","follow":"follow","max-snippet":"max-snippet:-1","max-image-preview":"max-image-preview:large","max-video-preview":"max-video-preview:-1"},"canonical":"https:\/\/cklcomunicaciones.es\/coop\/noticias-info-ckl-no-2849-12-02-24\/","og_locale":"es_ES","og_type":"article","og_title":"Noticias Info CKL n\u00ba 2849-09\/02\/24-Comunicar con perspectiva de g\u00e9nero","og_description":"Noticias Info CKL n\u00ba 2849-12\/02\/24 La ley contra la violencia machista de la UE no incluir\u00e1 el delito de violaci\u00f3n * Interior restringir\u00e1 los criterios para desactivar la protecci\u00f3n en casos de maltrato * El \u2018malabarismo\u2019 de ser mujer investigadora * Crece un 19,9% la presencia de la mujer en la I+D en Andaluc\u00eda","og_url":"https:\/\/cklcomunicaciones.es\/coop\/noticias-info-ckl-no-2849-12-02-24\/","og_site_name":"CKL Comunicaciones","article_published_time":"2024-02-12T18:12:41+00:00","article_modified_time":"2025-02-07T14:26:03+00:00","og_image":[{"width":1482,"height":775,"url":"https:\/\/cklcomunicaciones.es\/coop\/wp-content\/uploads\/2025\/01\/CKL-una-mirada-distinta-de-la-comunicacion.jpg","type":"image\/jpeg"}],"author":"ckl","twitter_card":"summary_large_image","twitter_misc":{"Escrito por":"ckl","Tiempo de lectura":"5 minutos"},"schema":{"@context":"https:\/\/schema.org","@graph":[{"@type":"Article","@id":"https:\/\/cklcomunicaciones.es\/coop\/noticias-info-ckl-no-2849-12-02-24\/#article","isPartOf":{"@id":"https:\/\/cklcomunicaciones.es\/coop\/noticias-info-ckl-no-2849-12-02-24\/"},"author":{"name":"ckl","@id":"https:\/\/cklcomunicaciones.es\/coop\/#\/schema\/person\/929a6837f7626450bbb50cee1aef266e"},"headline":"Noticias Info CKL n\u00ba 2849-12\/02\/24","datePublished":"2024-02-12T18:12:41+00:00","dateModified":"2025-02-07T14:26:03+00:00","mainEntityOfPage":{"@id":"https:\/\/cklcomunicaciones.es\/coop\/noticias-info-ckl-no-2849-12-02-24\/"},"wordCount":1229,"image":{"@id":"https:\/\/cklcomunicaciones.es\/coop\/noticias-info-ckl-no-2849-12-02-24\/#primaryimage"},"thumbnailUrl":"https:\/\/cklcomunicaciones.es\/coop\/wp-content\/uploads\/2025\/01\/CKL-una-mirada-distinta-de-la-comunicacion.jpg","keywords":["mujer y ciencia","UE","violencia de g\u00e9nero"],"articleSection":["Newsletter","Nwl v3.0"],"inLanguage":"es"},{"@type":"WebPage","@id":"https:\/\/cklcomunicaciones.es\/coop\/noticias-info-ckl-no-2849-12-02-24\/","url":"https:\/\/cklcomunicaciones.es\/coop\/noticias-info-ckl-no-2849-12-02-24\/","name":"Noticias Info CKL n\u00ba 2849-09\/02\/24-Comunicar con perspectiva de g\u00e9nero","isPartOf":{"@id":"https:\/\/cklcomunicaciones.es\/coop\/#website"},"primaryImageOfPage":{"@id":"https:\/\/cklcomunicaciones.es\/coop\/noticias-info-ckl-no-2849-12-02-24\/#primaryimage"},"image":{"@id":"https:\/\/cklcomunicaciones.es\/coop\/noticias-info-ckl-no-2849-12-02-24\/#primaryimage"},"thumbnailUrl":"https:\/\/cklcomunicaciones.es\/coop\/wp-content\/uploads\/2025\/01\/CKL-una-mirada-distinta-de-la-comunicacion.jpg","datePublished":"2024-02-12T18:12:41+00:00","dateModified":"2025-02-07T14:26:03+00:00","author":{"@id":"https:\/\/cklcomunicaciones.es\/coop\/#\/schema\/person\/929a6837f7626450bbb50cee1aef266e"},"description":"Noticias Info CKL n\u00ba 2849-12\/02\/24 La ley contra la violencia machista de la UE no incluir\u00e1 el delito de violaci\u00f3n * Interior restringir\u00e1 los criterios para desactivar la protecci\u00f3n en casos de maltrato * El \u2018malabarismo\u2019 de ser mujer investigadora * Crece un 19,9% la presencia de la mujer en la I+D en Andaluc\u00eda","breadcrumb":{"@id":"https:\/\/cklcomunicaciones.es\/coop\/noticias-info-ckl-no-2849-12-02-24\/#breadcrumb"},"inLanguage":"es","potentialAction":[{"@type":"ReadAction","target":["https:\/\/cklcomunicaciones.es\/coop\/noticias-info-ckl-no-2849-12-02-24\/"]}]},{"@type":"ImageObject","inLanguage":"es","@id":"https:\/\/cklcomunicaciones.es\/coop\/noticias-info-ckl-no-2849-12-02-24\/#primaryimage","url":"https:\/\/cklcomunicaciones.es\/coop\/wp-content\/uploads\/2025\/01\/CKL-una-mirada-distinta-de-la-comunicacion.jpg","contentUrl":"https:\/\/cklcomunicaciones.es\/coop\/wp-content\/uploads\/2025\/01\/CKL-una-mirada-distinta-de-la-comunicacion.jpg","width":1482,"height":775,"caption":"CKL - una mirada distinta de la comunicacion"},{"@type":"BreadcrumbList","@id":"https:\/\/cklcomunicaciones.es\/coop\/noticias-info-ckl-no-2849-12-02-24\/#breadcrumb","itemListElement":[{"@type":"ListItem","position":1,"name":"Portada","item":"https:\/\/cklcomunicaciones.es\/coop\/"},{"@type":"ListItem","position":2,"name":"Noticias Info CKL n\u00ba 2849-12\/02\/24"}]},{"@type":"WebSite","@id":"https:\/\/cklcomunicaciones.es\/coop\/#website","url":"https:\/\/cklcomunicaciones.es\/coop\/","name":"CKL Comunicaciones","description":"Sitio web de CKL Comunicaciones coop , la consultora de comunicaci\u00f3n y estrategia","potentialAction":[{"@type":"SearchAction","target":{"@type":"EntryPoint","urlTemplate":"https:\/\/cklcomunicaciones.es\/coop\/?s={search_term_string}"},"query-input":{"@type":"PropertyValueSpecification","valueRequired":true,"valueName":"search_term_string"}}],"inLanguage":"es"},{"@type":"Person","@id":"https:\/\/cklcomunicaciones.es\/coop\/#\/schema\/person\/929a6837f7626450bbb50cee1aef266e","name":"ckl","image":{"@type":"ImageObject","inLanguage":"es","@id":"https:\/\/secure.gravatar.com\/avatar\/c82db564e8a669bf6023357a157b9dc4780f4d4c618f2ad1d71a6a5dede45057?s=96&d=mm&r=g","url":"https:\/\/secure.gravatar.com\/avatar\/c82db564e8a669bf6023357a157b9dc4780f4d4c618f2ad1d71a6a5dede45057?s=96&d=mm&r=g","contentUrl":"https:\/\/secure.gravatar.com\/avatar\/c82db564e8a669bf6023357a157b9dc4780f4d4c618f2ad1d71a6a5dede45057?s=96&d=mm&r=g","caption":"ckl"},"url":"https:\/\/cklcomunicaciones.es\/coop\/author\/cklcomunicaciones\/"}]}},"_links":{"self":[{"href":"https:\/\/cklcomunicaciones.es\/coop\/wp-json\/wp\/v2\/posts\/20913","targetHints":{"allow":["GET"]}}],"collection":[{"href":"https:\/\/cklcomunicaciones.es\/coop\/wp-json\/wp\/v2\/posts"}],"about":[{"href":"https:\/\/cklcomunicaciones.es\/coop\/wp-json\/wp\/v2\/types\/post"}],"author":[{"embeddable":true,"href":"https:\/\/cklcomunicaciones.es\/coop\/wp-json\/wp\/v2\/users\/3"}],"replies":[{"embeddable":true,"href":"https:\/\/cklcomunicaciones.es\/coop\/wp-json\/wp\/v2\/comments?post=20913"}],"version-history":[{"count":0,"href":"https:\/\/cklcomunicaciones.es\/coop\/wp-json\/wp\/v2\/posts\/20913\/revisions"}],"wp:featuredmedia":[{"embeddable":true,"href":"https:\/\/cklcomunicaciones.es\/coop\/wp-json\/wp\/v2\/media\/22909"}],"wp:attachment":[{"href":"https:\/\/cklcomunicaciones.es\/coop\/wp-json\/wp\/v2\/media?parent=20913"}],"wp:term":[{"taxonomy":"category","embeddable":true,"href":"https:\/\/cklcomunicaciones.es\/coop\/wp-json\/wp\/v2\/categories?post=20913"},{"taxonomy":"post_tag","embeddable":true,"href":"https:\/\/cklcomunicaciones.es\/coop\/wp-json\/wp\/v2\/tags?post=20913"}],"curies":[{"name":"wp","href":"https:\/\/api.w.org\/{rel}","templated":true}]}}