{"id":20869,"date":"2024-01-23T19:25:14","date_gmt":"2024-01-23T18:25:14","guid":{"rendered":"https:\/\/www.cklcomunicaciones.es\/?p=20869"},"modified":"2025-02-07T16:00:16","modified_gmt":"2025-02-07T15:00:16","slug":"noticias-info-ckl-no-2844-23-01-24","status":"publish","type":"post","link":"https:\/\/cklcomunicaciones.es\/coop\/noticias-info-ckl-no-2844-23-01-24\/","title":{"rendered":"Noticias Info CKL n\u00ba 2844-23\/01\/24"},"content":{"rendered":"<div class=\"fusion-fullwidth fullwidth-box fusion-builder-row-1 fusion-flex-container nonhundred-percent-fullwidth non-hundred-percent-height-scrolling\" style=\"--awb-border-radius-top-left:0px;--awb-border-radius-top-right:0px;--awb-border-radius-bottom-right:0px;--awb-border-radius-bottom-left:0px;--awb-flex-wrap:wrap;\" ><div class=\"fusion-builder-row fusion-row fusion-flex-align-items-flex-start fusion-flex-content-wrap\" style=\"max-width:1248px;margin-left: calc(-4% \/ 2 );margin-right: calc(-4% \/ 2 );\"><div class=\"fusion-layout-column fusion_builder_column fusion-builder-column-0 fusion_builder_column_1_1 1_1 fusion-flex-column\" style=\"--awb-bg-blend:overlay;--awb-bg-size:cover;--awb-width-large:100%;--awb-margin-top-large:0px;--awb-spacing-right-large:1.92%;--awb-margin-bottom-large:0px;--awb-spacing-left-large:1.92%;--awb-width-medium:100%;--awb-spacing-right-medium:1.92%;--awb-spacing-left-medium:1.92%;--awb-width-small:100%;--awb-spacing-right-small:1.92%;--awb-spacing-left-small:1.92%;\"><div class=\"fusion-column-wrapper fusion-flex-justify-content-flex-start fusion-content-layout-column\"><div class=\"fusion-text fusion-text-1\"><div id=\"\" class=\"lsow-panel lsow-active\">\n<h1 class=\"lsow-panel-title\">Convocatorias<\/h1>\n<div class=\"lsow-panel-content\">\n<ul>\n<li>Seminario Web \u2019<a href=\"http:\/\/www.juntadeandalucia.es\/iam\/catalogo\/doc\/convocatorias\/2024-genero\/EL-webinar-violencia.pdf\" target=\"_blank\" rel=\"noopener\" data-saferedirecturl=\"https:\/\/www.google.com\/url?q=http:\/\/www.juntadeandalucia.es\/iam\/catalogo\/doc\/convocatorias\/2024-genero\/EL-webinar-violencia.pdf&amp;source=gmail&amp;ust=1706081799518000&amp;usg=AOvVaw3bblQkERqxBJWWjqkHMk2d\">Violencia digital contra las mujeres, narrativas mis\u00f3ginas y discursos de odio en l\u00ednea<\/a>\u00a0\u2018. Colaboratorias. 30 de enero de 11 a 13:30 h.\u00a0<a href=\"https:\/\/docs.google.com\/forms\/d\/e\/1FAIpQLSd39QXkgCIDxmxAePM1s57l2m2kRvkbzxlPf87TrndynVmKWw\/viewform\" target=\"_blank\" rel=\"noopener\" data-saferedirecturl=\"https:\/\/www.google.com\/url?q=https:\/\/docs.google.com\/forms\/d\/e\/1FAIpQLSd39QXkgCIDxmxAePM1s57l2m2kRvkbzxlPf87TrndynVmKWw\/viewform&amp;source=gmail&amp;ust=1706081799518000&amp;usg=AOvVaw3-hgsdHe3fqk4bsotoubdD\">Inscripciones<\/a><\/li>\n<li>\u2018<a href=\"http:\/\/www.juntadeandalucia.es\/iam\/catalogo\/doc\/convocatorias\/2024-genero\/Guia-50-personas-trabajadoras.pdf\" target=\"_blank\" rel=\"noopener\" data-saferedirecturl=\"https:\/\/www.google.com\/url?q=http:\/\/www.juntadeandalucia.es\/iam\/catalogo\/doc\/convocatorias\/2024-genero\/Guia-50-personas-trabajadoras.pdf&amp;source=gmail&amp;ust=1706081799513000&amp;usg=AOvVaw1z45dBhVLxEju-ZGQPl6Pv\">Gu\u00eda Metodol\u00f3gica para empresas andaluzas de menos de 50 personas trabajadoras en plantilla que no est\u00e9n obligadas a elaborar un Plan de Igualdad para integrar la igualdad de oportunidades y de trato<\/a>\u2019.\u00a0Equipa. Instituto Andaluz de la mujer. Junta de Andaluc\u00eda.<\/li>\n<\/ul>\n<\/div>\n<\/div>\n<div id=\"\" class=\"lsow-panel lsow-active\">\n<h1 class=\"lsow-panel-title\">Comunicaci\u00f3n, Publicidad y TICs<\/h1>\n<div class=\"lsow-panel-content\">\n<p><a class=\"title\" href=\"https:\/\/www.larazon.es\/andalucia\/sevilla\/chaves-nogales-premio-dignidad-periodismo_2024012265aec9a5014c8a0001ddc660.html\" target=\"_blank\" rel=\"noopener\" data-artpy=\"0\" data-author=\"La Raz\u00f3n Digital\">\u00abChaves Nogales, un premio a la dignidad del periodismo\u201d<\/a>-larazon<br \/>\n<a class=\"title\" href=\"https:\/\/www.msn.com\/es-mx\/noticias\/mexico\/yanet-aguilar-sosa-gana-premio-nacional-de-periodismo-filey\/ar-BB1h8AY9\" target=\"_blank\" rel=\"noopener\" data-artpy=\"0\" data-author=\"El Universal on MSN\">Yanet Aguilar Sosa gana Premio Nacional de Periodismo FILEY<\/a>-eluniversal<br \/>\n<a class=\"title\" href=\"https:\/\/www.msn.com\/es-es\/noticias\/internacional\/leila-guerriero-periodismo-literatura-y-tanto-da%C3%B1o\/ar-BB1h3RxE\" target=\"_blank\" rel=\"noopener\" data-artpy=\"0\" data-author=\"El Mundo on MSN\">Leila Guerriero: periodismo, literatura y tanto da\u00f1<\/a>o-elmundo<br \/>\n<a class=\"title\" href=\"https:\/\/www.msn.com\/es-es\/dinero\/formacion-empleo\/el-icam-elaborar%C3%A1-una-gu%C3%ADa-de-mujeres-juristas-para-fomentar-su-presencia-en-los-medios-de-comunicaci%C3%B3n\/ar-BB1h5831\" target=\"_blank\" rel=\"noopener\" data-artpy=\"0\" data-author=\"EL PA\u00cdS on MSN\">El ICAM elaborar\u00e1 una Gu\u00eda de Mujeres Juristas para fomentar su presencia en los medios de comunicaci\u00f3n<\/a>-cincodias<br \/>\n<a class=\"title\" href=\"https:\/\/www.msn.com\/es-es\/noticias\/other\/h-m-retira-un-anuncio-tras-recibir-cr%C3%ADticas-por-sexualizar-a-ni%C3%B1as\/ar-BB1h8act\" target=\"_blank\" rel=\"noopener\" data-artpy=\"0\" data-author=\"20 minutos on MSN\">H&amp;M retira un anuncio tras recibir cr\u00edticas por sexualizar a ni\u00f1as<\/a>-20minutos<br \/>\n<a href=\"https:\/\/www.google.com\/url?rct=j&amp;sa=t&amp;url=https:\/\/www.semana.com\/nacion\/articulo\/conectadas-pero-vulnerables-esto-revelan-las-cifras-sobre-violencia-digital-contra-mujeres\/202452\/&amp;ct=ga&amp;cd=CAEYBCoTOTIxMDk2NzI5MzA3NDYwMzk0NTIZZTJkZWZhN2Q1ZGE5MTU3ZDplczplczpFUw&amp;usg=AOvVaw2X3CIok1mXr4owtItoMZ_O\" target=\"_blank\" rel=\"noopener\" data-saferedirecturl=\"https:\/\/www.google.com\/url?q=https:\/\/www.google.com\/url?rct%3Dj%26sa%3Dt%26url%3Dhttps:\/\/www.semana.com\/nacion\/articulo\/conectadas-pero-vulnerables-esto-revelan-las-cifras-sobre-violencia-digital-contra-mujeres\/202452\/%26ct%3Dga%26cd%3DCAEYBCoTOTIxMDk2NzI5MzA3NDYwMzk0NTIZZTJkZWZhN2Q1ZGE5MTU3ZDplczplczpFUw%26usg%3DAOvVaw2X3CIok1mXr4owtItoMZ_O&amp;source=gmail&amp;ust=1706081795774000&amp;usg=AOvVaw0eJn8QgD0EHC3FFzvkj1Wd\">Conectadas pero vulnerables: esto revelan las cifras sobre\u00a0violencia digital contra mujeres-\u00a0<\/a><a>Semana<br \/>\n<\/a><a class=\"title\" href=\"https:\/\/www.msn.com\/es-es\/entretenimiento\/cine\/el-polo-de-contenidos-digitales-acoge-m%C3%A1lagajam-weekend-con-300-participantes-de-espa%C3%B1a-y-europa\/ar-BB1h86HJ\" target=\"_blank\" rel=\"noopener\" data-artpy=\"0\" data-author=\"Europa Press on MSN\">El Polo de Contenidos Digitales acoge M\u00e1lagaJam Weekend con 300 participantes de Espa\u00f1a y Europa<\/a>-europapress<a><br \/>\n<\/a><\/p>\n<\/div>\n<\/div>\n<div id=\"\" class=\"lsow-panel lsow-active\">\n<h1 class=\"lsow-panel-title\">Andaluc\u00eda<\/h1>\n<div class=\"lsow-panel-content\">\n<div class=\"source set_top\">\n<div data-priority=\"2\" aria-hidden=\"true\">\n<div>\n<div>\n<div><strong>Institucional<br \/>\n<\/strong><a title=\"Carolina Espa\u00f1a: \" href=\"https:\/\/www.juntadeandalucia.es\/presidencia\/portavoz\/economiayempleo\/189773\/carolinaespana\/fedea\/financiacionautonomica\/informe\/Andalucia\/JuntadeAndalucia\">Carolina Espa\u00f1a: \u00abEl informe de FEDEA cifra en 1.409 millones lo que Andaluc\u00eda pierde cada a\u00f1o\u00bb<\/a>-juntadeandalucia<\/div>\n<\/div>\n<\/div>\n<p><strong>Econom\u00eda y Empresa<br \/>\n<\/strong><a href=\"https:\/\/www.google.com\/url?rct=j&amp;sa=t&amp;url=https:\/\/www.europapress.es\/esandalucia\/sevilla\/noticia-junta-publica-guia-fomentar-igualdad-empresas-menos-50-personas-plantilla-20240121105938.html&amp;ct=ga&amp;cd=CAEYASoSNDE5NjMwMjg1MDMxMTc3NDk2Mhs5YWIxY2RkN2UzNjZlZjM4OmVzOmVzOkVTOlI&amp;usg=AOvVaw0w-x2gtQ9O3GK7ERnAsvt7\" target=\"_blank\" rel=\"noopener\" data-saferedirecturl=\"https:\/\/www.google.com\/url?q=https:\/\/www.google.com\/url?rct%3Dj%26sa%3Dt%26url%3Dhttps:\/\/www.europapress.es\/esandalucia\/sevilla\/noticia-junta-publica-guia-fomentar-igualdad-empresas-menos-50-personas-plantilla-20240121105938.html%26ct%3Dga%26cd%3DCAEYASoSNDE5NjMwMjg1MDMxMTc3NDk2Mhs5YWIxY2RkN2UzNjZlZjM4OmVzOmVzOkVTOlI%26usg%3DAOvVaw0w-x2gtQ9O3GK7ERnAsvt7&amp;source=gmail&amp;ust=1706081799528000&amp;usg=AOvVaw3xOSE7qz99AFkV1QnKVcwG\">La Junta publica una gu\u00eda para fomentar la igualdad en empresas con menos de 50 personas empleadas&#8230; &#8211;<\/a><a>Europa Press<br \/>\n<\/a><a href=\"https:\/\/www.google.com\/url?rct=j&amp;sa=t&amp;url=https:\/\/www.diariodealmeria.es\/almeria\/IAM-emprendimiento-almeriense-Programa-Mentoring_0_1867914010.html&amp;ct=ga&amp;cd=CAEYACoUMTc2ODg1MTEzNTYwMzI0Mjg5MTEyGzlhYjFjZGQ3ZTM2NmVmMzg6ZXM6ZXM6RVM6Ug&amp;usg=AOvVaw1flTtBEeMnMGralCTBJWU0\" target=\"_blank\" rel=\"noopener\" data-saferedirecturl=\"https:\/\/www.google.com\/url?q=https:\/\/www.google.com\/url?rct%3Dj%26sa%3Dt%26url%3Dhttps:\/\/www.diariodealmeria.es\/almeria\/IAM-emprendimiento-almeriense-Programa-Mentoring_0_1867914010.html%26ct%3Dga%26cd%3DCAEYACoUMTc2ODg1MTEzNTYwMzI0Mjg5MTEyGzlhYjFjZGQ3ZTM2NmVmMzg6ZXM6ZXM6RVM6Ug%26usg%3DAOvVaw1flTtBEeMnMGralCTBJWU0&amp;source=gmail&amp;ust=1706111345082000&amp;usg=AOvVaw3mnpsRYxVF7_MZbwHh7Lbu\">El IAM apoya el emprendimiento y la autonom\u00eda de la mujer almeriense con el Programa Mentoring-\u00a0<\/a><a>Diario de Almer\u00eda<br \/>\n<\/a><a href=\"https:\/\/www.google.com\/url?rct=j&amp;sa=t&amp;url=https:\/\/sevilla.abc.es\/economia\/andalucia-quiere-incentivar-2000-euros-autonomos-contraten-20240120195308-nts.html&amp;ct=ga&amp;cd=CAEYACoUMTEzNzUxOTcxNTI4NjU5MjkyODcyGWQ3OGU1ODc1YTBmMWYyYWM6ZXM6ZXM6RVM&amp;usg=AOvVaw2j0qlXZweEXSb2mVA-AoU6\" target=\"_blank\" rel=\"noopener\" data-saferedirecturl=\"https:\/\/www.google.com\/url?q=https:\/\/www.google.com\/url?rct%3Dj%26sa%3Dt%26url%3Dhttps:\/\/sevilla.abc.es\/economia\/andalucia-quiere-incentivar-2000-euros-autonomos-contraten-20240120195308-nts.html%26ct%3Dga%26cd%3DCAEYACoUMTEzNzUxOTcxNTI4NjU5MjkyODcyGWQ3OGU1ODc1YTBmMWYyYWM6ZXM6ZXM6RVM%26usg%3DAOvVaw2j0qlXZweEXSb2mVA-AoU6&amp;source=gmail&amp;ust=1706081799899000&amp;usg=AOvVaw14qzI8F5XPevnOTIU624h4\">Andaluc\u00eda busca incentivar con 2.000 euros a los aut\u00f3nomos que contraten a su primer empleado-\u00a0<\/a>abcsevilla<\/p>\n<p><strong>Actualidad<br \/>\n<\/strong><a href=\"https:\/\/www.google.com\/url?rct=j&amp;sa=t&amp;url=https:\/\/cadenaser.com\/andalucia\/2024\/01\/22\/el-ayuntamiento-de-malaga-lanza-sexpectativas-una-campana-de-informacion-sexual-dirigida-a-ninos-ser-malaga\/&amp;ct=ga&amp;cd=CAEYASoTOTIxMDk2NzI5MzA3NDYwMzk0NTIZZTJkZWZhN2Q1ZGE5MTU3ZDplczplczpFUw&amp;usg=AOvVaw1WqOENskHyXpk9xG87swUJ\" target=\"_blank\" rel=\"noopener\" data-saferedirecturl=\"https:\/\/www.google.com\/url?q=https:\/\/www.google.com\/url?rct%3Dj%26sa%3Dt%26url%3Dhttps:\/\/cadenaser.com\/andalucia\/2024\/01\/22\/el-ayuntamiento-de-malaga-lanza-sexpectativas-una-campana-de-informacion-sexual-dirigida-a-ninos-ser-malaga\/%26ct%3Dga%26cd%3DCAEYASoTOTIxMDk2NzI5MzA3NDYwMzk0NTIZZTJkZWZhN2Q1ZGE5MTU3ZDplczplczpFUw%26usg%3DAOvVaw1WqOENskHyXpk9xG87swUJ&amp;source=gmail&amp;ust=1706081795773000&amp;usg=AOvVaw2pLczT9OAO6Mb67b4NtA1M\">El ayuntamiento de M\u00e1laga lanza &#8216;sexpectativas&#8217; una campa\u00f1a de informaci\u00f3n sexual &#8230;-\u00a0<\/a><a>cadena SER<br \/>\n<\/a><a class=\"title\" href=\"https:\/\/www.lanocion.es\/sevilla\/20240123\/inclusion-social-y-salud-se-alian-para-prevenir-la-1593.html\" target=\"_blank\" rel=\"noopener\" data-artpy=\"0\" data-author=\"lanocion\">Inclusi\u00f3n Social y Salud se al\u00edan para prevenir la dependencia con un proyecto piloto de cuidados intermedios<\/a>-lanocion<br \/>\n<a title=\"La Junta destina 123 millones a 48 entidades locales para su estrategia de intervenci\u00f3n social\" href=\"https:\/\/www.juntadeandalucia.es\/presidencia\/portavoz\/social\/189735\/JuntadeAndalucia\/ConsejodeGobierno\">La Junta destina 123 millones a 48 entidades locales para su estrategia de intervenci\u00f3n social<\/a>-juntadeandalucia<a><br \/>\n<\/a><\/p>\n<p><b>Violencias<br \/>\n<\/b><a href=\"https:\/\/www.google.com\/url?rct=j&amp;sa=t&amp;url=https:\/\/www.europapress.es\/esandalucia\/sevilla\/noticia-andalucia-licita-cuatro-millones-servicio-atencion-psicologica-victimas-violencia-genero-20240120110051.html&amp;ct=ga&amp;cd=CAEYACoTMjE5MTgyMzMyODE3NTExOTI1NjIbOWFiMWNkZDdlMzY2ZWYzODplczplczpFUzpS&amp;usg=AOvVaw2gxcKdSxRzwzS_f5zD3p0b\" target=\"_blank\" rel=\"noopener\" data-saferedirecturl=\"https:\/\/www.google.com\/url?q=https:\/\/www.google.com\/url?rct%3Dj%26sa%3Dt%26url%3Dhttps:\/\/www.europapress.es\/esandalucia\/sevilla\/noticia-andalucia-licita-cuatro-millones-servicio-atencion-psicologica-victimas-violencia-genero-20240120110051.html%26ct%3Dga%26cd%3DCAEYACoTMjE5MTgyMzMyODE3NTExOTI1NjIbOWFiMWNkZDdlMzY2ZWYzODplczplczpFUzpS%26usg%3DAOvVaw2gxcKdSxRzwzS_f5zD3p0b&amp;source=gmail&amp;ust=1706081799856000&amp;usg=AOvVaw0hRv_lOPqJ1Wxyn8KUDNrC\">Andaluc\u00eda licita por cuatro millones su servicio de atenci\u00f3n psicol\u00f3gica para v\u00edctimas de &#8230;-\u00a0<\/a><a>Europa Press<\/a><\/p>\n<p><b>Ciencia y Cultura<br \/>\n<\/b><a class=\"title\" href=\"https:\/\/www.diariocordoba.com\/cordoba-ciudad\/2024\/01\/23\/cientificas-ganan-peso-lideran-35-97226630.html\" target=\"_blank\" rel=\"noopener\" data-artpy=\"0\" data-author=\"Diario C\u00f3rdoba\">Las cient\u00edficas ganan peso y lideran ya el 35% de proyectos de la UCO<\/a>-diariocordoba<br \/>\n<a class=\"title\" href=\"https:\/\/cadenaser.com\/andalucia\/2024\/01\/23\/mas-de-300-actividades-integran-el-xiv-plan-de-divulgacion-cientifica-que-abre-las-puertas-de-la-uja-a-la-sociedad-radio-linares\/\" target=\"_blank\" rel=\"noopener\" data-artpy=\"0\" data-author=\"Cadena SER\">M\u00e1s de 300 actividades integran el XIV Plan de Divulgaci\u00f3n Cient\u00edfica que \u201cabre las puertas de la UJA a la sociedad\u201d<\/a>-cadenaser<br \/>\n<a href=\"https:\/\/www.eldiario.es\/sevilla\/universidad-pablo-olavide-lidera-estudio-viviendas-inclusivas-personas-discapacidad-intelectual_1_10858732.html\">La Universidad Pablo de Olavide lidera un estudio de viviendas inclusivas para personas con discapacidad intelectual<\/a>-eldiario<br \/>\n<b><\/b><a class=\"title\" href=\"https:\/\/es-us.vida-estilo.yahoo.com\/juana-mart%C3%ADn-reivindica-mimbre-alta-184654188.html\" target=\"_blank\" rel=\"noopener\" data-artpy=\"0\" data-author=\"Yahoo Vida y Estilo Espa\u00f1a\">Juana Mart\u00edn reivindica el mimbre en la alta costura parisina<\/a>-yahoovida<br \/>\n<a class=\"title\" href=\"https:\/\/www.aionsur.com\/los-premios-carmen-llevan-a-huelva-a-grandes-actrices-como-paz-vega-o-maria-leon\/\" target=\"_blank\" rel=\"noopener\" data-artpy=\"0\" data-author=\"que\">Los Premios Carmen llevan a Huelva a grandes actrices como Paz Vega o Mar\u00eda Le\u00f3n<\/a>-que<br \/>\n<a class=\"title\" href=\"https:\/\/www.eldiario.es\/sevilla\/cinco-escritores-sevillanos-finalistas-premios-andalucia-critica_1_10857805.html\" target=\"_blank\" rel=\"noopener\" data-artpy=\"0\" data-author=\"eldiario.es\">Cinco escritores sevillanos, finalistas en los Premios Andaluc\u00eda de la Cr\u00edtica<\/a>-eldiario<a><br \/>\n<\/a><\/p>\n<p><strong>Deporte<br \/>\n<\/strong><a class=\"title\" href=\"https:\/\/cadenaser.com\/andalucia\/2024\/01\/23\/la-women-cycling-es-una-prueba-deportiva-que-lo-tiene-todo-ser-almeria\/\" target=\"_blank\" rel=\"noopener\" data-artpy=\"0\" data-author=\"Cadena SER\">\u201cLa Women Cycling es una prueba deportiva que lo tiene todo\u201d<\/a>-ser<\/p>\n<\/div>\n<\/div>\n<\/div>\n<\/div>\n<div id=\"\" class=\"lsow-panel lsow-active\">\n<h1 class=\"lsow-panel-title\">Estado<\/h1>\n<div class=\"lsow-panel-content\">\n<p><strong>Institucional<br \/>\n<\/strong><a class=\"title\" title=\"Pedro S\u00e1nchez: &quot;Espa\u00f1a es la tercera econom\u00eda del mundo que est\u00e1 m\u00e1s cerca de cerrar la brecha de g\u00e9nero. Para el Gobierno, es una obligaci\u00f3n&quot;\" href=\"https:\/\/www.murcia.com\/nacional\/noticias\/2024\/01\/22-pedro-sanchez-espana-es-la-tercera-economia-del-mundo-que-esta-mas-cerca-de-cerrar-la-brecha-de-gene.asp\" target=\"_blank\" rel=\"noopener\" data-artpy=\"0\" data-author=\"Murcia.com\">Pedro S\u00e1nchez: \u00abEspa\u00f1a es la tercera econom\u00eda del mundo que est\u00e1 m\u00e1s cerca de cerrar la brecha de g\u00e9nero. Para el Gobierno, es una<\/a>&#8230;-murcia<br \/>\n<a class=\"title\" href=\"https:\/\/www.lavanguardia.com\/sociedad\/20240123\/9504105\/marlaska-reconoce-mejorar-interoperabilidad-fuerzas-cuerpos-seguridad-necesidad-lucha-violencia-machista-agenciaslv20240123.html\" target=\"_blank\" rel=\"noopener\" data-artpy=\"0\" data-author=\"La Vanguardia\">Marlaska reconoce que mejorar la interoperabilidad de las Fuerzas y Cuerpos de Seguridad \u00abes una necesidad\u00bb en la lucha contra la violencia de g\u00e9nero-lavanguardia<br \/>\n<\/a><\/p>\n<p><strong>Institucional &#8211; CCAA<br \/>\n<\/strong><a href=\"https:\/\/www.google.com\/url?rct=j&amp;sa=t&amp;url=https:\/\/www.lanocion.es\/principado-de-asturias\/20240121\/el-proyecto-conectas-de-la-consejeria-1375.html&amp;ct=ga&amp;cd=CAEYACoUMTc4MzUzNTY2NzE0MTI2MDg3NjgyGWUxZTc3ZDE1NjA5OGE4ZTM6ZXM6ZXM6RVM&amp;usg=AOvVaw0XLEu1k0s3cnmWdFqKgxm6\" target=\"_blank\" rel=\"noopener\" data-saferedirecturl=\"https:\/\/www.google.com\/url?q=https:\/\/www.google.com\/url?rct%3Dj%26sa%3Dt%26url%3Dhttps:\/\/www.lanocion.es\/principado-de-asturias\/20240121\/el-proyecto-conectas-de-la-consejeria-1375.html%26ct%3Dga%26cd%3DCAEYACoUMTc4MzUzNTY2NzE0MTI2MDg3NjgyGWUxZTc3ZDE1NjA5OGE4ZTM6ZXM6ZXM6RVM%26usg%3DAOvVaw0XLEu1k0s3cnmWdFqKgxm6&amp;source=gmail&amp;ust=1706081798437000&amp;usg=AOvVaw2l59aTxTHmtraAZ3yRzA1W\">El proyecto &#8216;ConectAs&#8217; de la Consejer\u00eda de Derechos Sociales de Asturias gana el premio &#8230;-\u00a0<\/a><a>La Noci\u00f3n<br \/>\n<\/a><a href=\"https:\/\/www.google.com\/url?rct=j&amp;sa=t&amp;url=https:\/\/www.cartagenaactualidad.com\/articulo\/economia\/CCOO%2Bpresenta%2Bsu%2B%25E2%2580%2598An%25C3%25A1lisis%2Bcon%2Bperspectiva%2Bde%2Bg%25C3%25A9nero%2Bdel%2Btrabajo%2Baut%25C3%25B3nomo%2Ben%2Bla%2BRegi%25C3%25B3n%2Bde%2BMurcia%25E2%2580%2599\/20240122113755138814.html&amp;ct=ga&amp;cd=CAEYAioTNDEzNzg4ODg5MTgyOTQzODg5MzIZZTJkZWZhN2Q1ZGE5MTU3ZDplczplczpFUw&amp;usg=AOvVaw0Zsl77LxJkXXoBJXn7PW-A\" target=\"_blank\" rel=\"noopener\" data-saferedirecturl=\"https:\/\/www.google.com\/url?q=https:\/\/www.google.com\/url?rct%3Dj%26sa%3Dt%26url%3Dhttps:\/\/www.cartagenaactualidad.com\/articulo\/economia\/CCOO%252Bpresenta%252Bsu%252B%2525E2%252580%252598An%2525C3%2525A1lisis%252Bcon%252Bperspectiva%252Bde%252Bg%2525C3%2525A9nero%252Bdel%252Btrabajo%252Baut%2525C3%2525B3nomo%252Ben%252Bla%252BRegi%2525C3%2525B3n%252Bde%252BMurcia%2525E2%252580%252599\/20240122113755138814.html%26ct%3Dga%26cd%3DCAEYAioTNDEzNzg4ODg5MTgyOTQzODg5MzIZZTJkZWZhN2Q1ZGE5MTU3ZDplczplczpFUw%26usg%3DAOvVaw0Zsl77LxJkXXoBJXn7PW-A&amp;source=gmail&amp;ust=1706081795760000&amp;usg=AOvVaw3A3ouhKZ0gfhh2X3QJRbtU\">CCOO presenta su &#8216;An\u00e1lisis con perspectiva de\u00a0g\u00e9nero del trabajo aut\u00f3nomo en la Re&#8230;-\u00a0<\/a><a>Cartagena Actualidad<br \/>\n<\/a><a href=\"https:\/\/www.google.com\/url?rct=j&amp;sa=t&amp;url=https:\/\/www.latribunadealbacete.es\/noticia\/zea2e987a-c6cb-a168-f6dc68c7aa0ae123\/202401\/mar-gonzalez-presidenta-manchega-de-la-red-contra-la-pobreza&amp;ct=ga&amp;cd=CAEYACoUMTE5MTQzNzU0MTQwNzE5ODYxNzkyGzkxODg1N2NkNjBmOTc3NDg6ZXM6ZXM6RVM6TA&amp;usg=AOvVaw068LR1WqfUFwlkox3zwsgI\" target=\"_blank\" rel=\"noopener\" data-saferedirecturl=\"https:\/\/www.google.com\/url?q=https:\/\/www.google.com\/url?rct%3Dj%26sa%3Dt%26url%3Dhttps:\/\/www.latribunadealbacete.es\/noticia\/zea2e987a-c6cb-a168-f6dc68c7aa0ae123\/202401\/mar-gonzalez-presidenta-manchega-de-la-red-contra-la-pobreza%26ct%3Dga%26cd%3DCAEYACoUMTE5MTQzNzU0MTQwNzE5ODYxNzkyGzkxODg1N2NkNjBmOTc3NDg6ZXM6ZXM6RVM6TA%26usg%3DAOvVaw068LR1WqfUFwlkox3zwsgI&amp;source=gmail&amp;ust=1706081795940000&amp;usg=AOvVaw2K6ntpWzqOP5dzsc-YbfWb\">Mar Gonz\u00e1lez, presidenta manchega de la red contra la pobreza &#8211;\u00a0<\/a><a>La Tribuna de Albacete<br \/>\n<\/a><a href=\"https:\/\/www.google.com\/url?rct=j&amp;sa=t&amp;url=https:\/\/www.noticiasdegipuzkoa.eus\/sociedad\/2024\/01\/22\/emakunde-lanza-escuela-internet-igualdad-7771199.html&amp;ct=ga&amp;cd=CAEYASoSMzMzOTM1NTE1ODk5OTExNzk5MhljMDM3MmViYzJmZWFkYTU5OmVzOmVzOkVT&amp;usg=AOvVaw0dKnCnxt5oPSAIQzwDuzMk\" target=\"_blank\" rel=\"noopener\" data-saferedirecturl=\"https:\/\/www.google.com\/url?q=https:\/\/www.google.com\/url?rct%3Dj%26sa%3Dt%26url%3Dhttps:\/\/www.noticiasdegipuzkoa.eus\/sociedad\/2024\/01\/22\/emakunde-lanza-escuela-internet-igualdad-7771199.html%26ct%3Dga%26cd%3DCAEYASoSMzMzOTM1NTE1ODk5OTExNzk5MhljMDM3MmViYzJmZWFkYTU5OmVzOmVzOkVT%26usg%3DAOvVaw0dKnCnxt5oPSAIQzwDuzMk&amp;source=gmail&amp;ust=1706081797146000&amp;usg=AOvVaw3ApWauxPhsD_V7IhVcVzP4\">Emakunde lanza una escuela por internet sobre igualdad con 32 cursos gratuitos-\u00a0<\/a><a>Noticias de Gipuzkoa<br \/>\n<\/a><a class=\"title\" href=\"https:\/\/www.laopinioncoruna.es\/economia\/2024\/01\/23\/cinco-firmas-tecnologicas-mujeres-puestos-97229226.html\" target=\"_blank\" rel=\"noopener\" data-artpy=\"0\" data-author=\"Opini\u00f3n\">Solo una de cada cinco firmas tecnol\u00f3gicas tiene a mujeres en sus puestos directivos<\/a>-laopinion<br \/>\n<a class=\"title\" href=\"https:\/\/www.msn.com\/es-es\/dinero\/noticias\/la-c%C3%A1tedra-mujer-empresaria-y-directiva-de-la-umu-investiga-con-neurociencia-e-ia-los-modelos-de-liderazgo-en-empresas\/ar-AA1naTzt\" target=\"_blank\" rel=\"noopener\" data-artpy=\"0\" data-author=\"Europa Press on MSN\">La C\u00e1tedra Mujer Empresaria y Directiva de la UMU investiga con neurociencia e IA los modelos de liderazgo en empresas<\/a>-europapress<a><br \/>\n<\/a><\/p>\n<p><strong>Econom\u00eda y Empresa<br \/>\n<\/strong><a href=\"https:\/\/www.google.com\/url?rct=j&amp;sa=t&amp;url=https:\/\/www.rrhhdigital.com\/secciones\/actualidad\/738770\/nueva-edicion-del-proyecto-im-pacto-generando-nuevas-oportunidades\/&amp;ct=ga&amp;cd=CAEYACoUMTM4NDEzMjU3OTk1NDY3MDY3OTQyGWUxZTc3ZDE1NjA5OGE4ZTM6ZXM6ZXM6RVM&amp;usg=AOvVaw0sNHkFVn70Rm4CqMDq8dMl\" target=\"_blank\" rel=\"noopener\" data-saferedirecturl=\"https:\/\/www.google.com\/url?q=https:\/\/www.google.com\/url?rct%3Dj%26sa%3Dt%26url%3Dhttps:\/\/www.rrhhdigital.com\/secciones\/actualidad\/738770\/nueva-edicion-del-proyecto-im-pacto-generando-nuevas-oportunidades\/%26ct%3Dga%26cd%3DCAEYACoUMTM4NDEzMjU3OTk1NDY3MDY3OTQyGWUxZTc3ZDE1NjA5OGE4ZTM6ZXM6ZXM6RVM%26usg%3DAOvVaw0sNHkFVn70Rm4CqMDq8dMl&amp;source=gmail&amp;ust=1706081799783000&amp;usg=AOvVaw20xcuFnyfv_waYiUHK40qQ\">Nueva\u00a0edici\u00f3n del proyecto \u201cIm-pacto: Generando\u00a0nuevas oportunidades\u201d &#8211;\u00a0<\/a><a>RRHH Digital<br \/>\n<\/a><a href=\"https:\/\/www.google.com\/url?rct=j&amp;sa=t&amp;url=https:\/\/www.agronewscastillayleon.com\/programa-talenta-mujer\/&amp;ct=ga&amp;cd=CAEYAioUMTIxMTMxNzc2OTA4MjgzNDEyODIyGWMwMzcyZWJjMmZlYWRhNTk6ZXM6ZXM6RVM&amp;usg=AOvVaw1fMj4wA3ICNhd-fqnIJKwL\" target=\"_blank\" rel=\"noopener\" data-saferedirecturl=\"https:\/\/www.google.com\/url?q=https:\/\/www.google.com\/url?rct%3Dj%26sa%3Dt%26url%3Dhttps:\/\/www.agronewscastillayleon.com\/programa-talenta-mujer\/%26ct%3Dga%26cd%3DCAEYAioUMTIxMTMxNzc2OTA4MjgzNDEyODIyGWMwMzcyZWJjMmZlYWRhNTk6ZXM6ZXM6RVM%26usg%3DAOvVaw1fMj4wA3ICNhd-fqnIJKwL&amp;source=gmail&amp;ust=1706081797171000&amp;usg=AOvVaw0FjfGBzKpgF-Lq9cVqTlsz\">Programa TalentA: Empoderando a\u00a0Mujeres en el Medio Rural &#8211;\u00a0<\/a><a>Agronews<br \/>\n<\/a><a class=\"title\" href=\"https:\/\/www.elespanol.com\/quincemil\/articulos\/economia\/gira-mujeres-de-coca-cola-inicia-su-octava-edicion-aumentando-su-apoyo-a-las-emprendedoras\" target=\"_blank\" rel=\"noopener\" data-artpy=\"0\" data-author=\"ESPA\u00d1OL\">GIRA Mujeres de Coca-Cola inicia su octava edici\u00f3n aumentando su apoyo a las emprendedoras<\/a>-elespa\u00f1ol<br \/>\n<a class=\"title\" href=\"https:\/\/www.infobae.com\/espana\/2024\/01\/23\/el-sector-que-busca-mujeres-para-700000-puestos-de-trabajo-en-los-proximos-anos\/\" target=\"_blank\" rel=\"noopener\" data-artpy=\"0\" data-author=\"Infobae\">La construcci\u00f3n, el sector que busca mujeres para 700.000 puestos de trabajo en los pr\u00f3ximos a\u00f1os<\/a>-infobae<br \/>\n<a class=\"title\" href=\"https:\/\/www.rrhhpress.com\/tendencias\/58670-la-subida-del-salario-minimo-en-espana-y-su-impacto-en-la-retribucion-flexible\" target=\"_blank\" rel=\"noopener\" data-artpy=\"0\" data-author=\"RRHH Press\">La subida del salario m\u00ednimo en Espa\u00f1a y su impacto en la retribuci\u00f3n flexible<\/a>-RRHHpress<a><br \/>\n<\/a><\/p>\n<p><strong>Actualidad<br \/>\n<\/strong><a class=\"title\" href=\"https:\/\/www.huelva24.com\/sociedad\/ayudas-seguridad-social-puedes-pedir-madre-soltera-20240123085412-nth.html\" target=\"_blank\" rel=\"noopener\" data-artpy=\"0\" data-author=\"huelva24\">Las ayudas de la Seguridad Social que puedes pedir si eres madre soltera en 2024<\/a>-huelvaya<br \/>\n<a class=\"title\" href=\"https:\/\/www.msn.com\/es-es\/noticias\/internacional\/mujeres-que-cambian-el-juego-gwl-voices-y-la-revoluci%C3%B3n-hacia-la-igualdad-global\/ar-BB1gXmWy\" target=\"_blank\" rel=\"noopener\" data-artpy=\"0\" data-author=\"ESPA\u00d1OL on MSN\">Mujeres que cambian el juego: GWL Voices y la revoluci\u00f3n hacia la igualdad global<\/a>-elespa\u00f1ol<strong><br \/>\n<\/strong><a href=\"https:\/\/www.google.com\/url?rct=j&amp;sa=t&amp;url=https:\/\/www.saludadiario.es\/pacientes\/a-las-mujeres-se-les-prescriben-mas-opioides-que-a-los-hombres-lo-que-aumenta-el-riesgo-de-adiccion\/&amp;ct=ga&amp;cd=CAEYAioTMjE5MTgyMzMyODE3NTExOTI1NjIbOWFiMWNkZDdlMzY2ZWYzODplczplczpFUzpS&amp;usg=AOvVaw1Gvejh02j_E1Tk72DJVa4v\" target=\"_blank\" rel=\"noopener\" data-saferedirecturl=\"https:\/\/www.google.com\/url?q=https:\/\/www.google.com\/url?rct%3Dj%26sa%3Dt%26url%3Dhttps:\/\/www.saludadiario.es\/pacientes\/a-las-mujeres-se-les-prescriben-mas-opioides-que-a-los-hombres-lo-que-aumenta-el-riesgo-de-adiccion\/%26ct%3Dga%26cd%3DCAEYAioTMjE5MTgyMzMyODE3NTExOTI1NjIbOWFiMWNkZDdlMzY2ZWYzODplczplczpFUzpS%26usg%3DAOvVaw1Gvejh02j_E1Tk72DJVa4v&amp;source=gmail&amp;ust=1706081799856000&amp;usg=AOvVaw2xsAeMHRkwGdU8m-9QhvxJ\">Las mujeres presentan m\u00e1s riesgo de adicci\u00f3n a opioides &#8211;\u00a0<\/a><a>Salud a Diario<br \/>\n<\/a><a href=\"https:\/\/www.google.com\/url?rct=j&amp;sa=t&amp;url=https:\/\/www.informacion.es\/opinion\/cartas-de-los-lectores\/2024\/01\/23\/alerta-alicante-salud-mujer-panales-97216474.html&amp;ct=ga&amp;cd=CAEYBSoTNTY5NzU1MTA0ODQzNjA0Mzg3MTIZYzAzNzJlYmMyZmVhZGE1OTplczplczpFUw&amp;usg=AOvVaw0vmpjCk-fsde9Q_csFc6ZI\" target=\"_blank\" rel=\"noopener\" data-saferedirecturl=\"https:\/\/www.google.com\/url?q=https:\/\/www.google.com\/url?rct%3Dj%26sa%3Dt%26url%3Dhttps:\/\/www.informacion.es\/opinion\/cartas-de-los-lectores\/2024\/01\/23\/alerta-alicante-salud-mujer-panales-97216474.html%26ct%3Dga%26cd%3DCAEYBSoTNTY5NzU1MTA0ODQzNjA0Mzg3MTIZYzAzNzJlYmMyZmVhZGE1OTplczplczpFUw%26usg%3DAOvVaw0vmpjCk-fsde9Q_csFc6ZI&amp;source=gmail&amp;ust=1706098740668000&amp;usg=AOvVaw3-4S5qMfGlPQ3cBx9XwMUK\">Salud de la\u00a0mujer en pa\u00f1ales\u00bb, una carta de Adela Gil Espelta &#8211;\u00a0<\/a><a>Diario Informaci\u00f3n<br \/>\n<\/a><a href=\"https:\/\/www.google.com\/url?rct=j&amp;sa=t&amp;url=https:\/\/www.antena3.com\/noticias\/salud\/20-espanoles-podria-tener-problemas-infertilidad-culpa-obesidad_2024012365afea6ad8aa250001d62f7d.html&amp;ct=ga&amp;cd=CAEYAioTNzM5NDA0Mjc5NzA2MDkzOTgyMzIZYzAzNzJlYmMyZmVhZGE1OTplczplczpFUw&amp;usg=AOvVaw2rPiPf35hyYjztGzABlv9I\" target=\"_blank\" rel=\"noopener\" data-saferedirecturl=\"https:\/\/www.google.com\/url?q=https:\/\/www.google.com\/url?rct%3Dj%26sa%3Dt%26url%3Dhttps:\/\/www.antena3.com\/noticias\/salud\/20-espanoles-podria-tener-problemas-infertilidad-culpa-obesidad_2024012365afea6ad8aa250001d62f7d.html%26ct%3Dga%26cd%3DCAEYAioTNzM5NDA0Mjc5NzA2MDkzOTgyMzIZYzAzNzJlYmMyZmVhZGE1OTplczplczpFUw%26usg%3DAOvVaw2rPiPf35hyYjztGzABlv9I&amp;source=gmail&amp;ust=1706115459497000&amp;usg=AOvVaw2z3q-DArldaJHxODbBaZkr\">El 20% de los espa\u00f1oles podr\u00eda tener problemas de infertilidad por culpa de la obesidad-<\/a><a>Antena 3<br \/>\n<\/a><a class=\"title\" href=\"https:\/\/www.lne.es\/asturianos\/gijon\/2024\/01\/23\/feminismo-explicado-hijas-hijos-97223927.html\" target=\"_blank\" rel=\"noopener\" data-artpy=\"0\" data-author=\"lne\">El feminismo explicado a tus hijas (y tambi\u00e9n a tus hijos)<\/a>-lanuevaespa\u00f1a<a><br \/>\n<\/a><\/p>\n<p><strong>Violencias<br \/>\n<\/strong><a class=\"title\" href=\"https:\/\/www.msn.com\/es-es\/noticias\/espana\/clara-serra-la-cultura-de-la-violaci%C3%B3n-no-se-cambia-con-el-derecho-penal-y-el-castigo\/ar-BB1h0bR8\" target=\"_blank\" rel=\"noopener\" data-artpy=\"0\" data-author=\"eldiario.es on MSN\">Clara Serra: \u201cLa cultura de la violaci\u00f3n no se cambia con el derecho penal y el castigo\u201d<\/a>-eldiario<strong><br \/>\n<\/strong><\/p>\n<p><strong>Ciencia y Cultura<br \/>\n<\/strong><a class=\"title\" href=\"https:\/\/www.telecinco.es\/noticias\/cultura\/20240123\/consuelo-varela-historiadora-descolonizar-museos-olvidar-pasado-colonizador-espana-disparate_18_011509668.html\" target=\"_blank\" rel=\"noopener\" data-artpy=\"0\" data-author=\"TeleCinco\">Consuelo Varela, historiadora: \u00abOlvidar el pasado colonizador de Espa\u00f1a es un disparate\u00bb<\/a>-telecinco<br \/>\n<a href=\"https:\/\/www.google.com\/url?rct=j&amp;sa=t&amp;url=https:\/\/www.elcomercio.es\/aviles\/exposicion-disnea-sobre-mujer-iran-febrero-20240123002402-nt.html&amp;ct=ga&amp;cd=CAEYAioTNTA4NDk4MzQwMzEyNTk2OTI5MDIZYzAzNzJlYmMyZmVhZGE1OTplczplczpFUw&amp;usg=AOvVaw36ms-sY1ymcpHa_pFayvdv\" target=\"_blank\" rel=\"noopener\" data-saferedirecturl=\"https:\/\/www.google.com\/url?q=https:\/\/www.google.com\/url?rct%3Dj%26sa%3Dt%26url%3Dhttps:\/\/www.elcomercio.es\/aviles\/exposicion-disnea-sobre-mujer-iran-febrero-20240123002402-nt.html%26ct%3Dga%26cd%3DCAEYAioTNTA4NDk4MzQwMzEyNTk2OTI5MDIZYzAzNzJlYmMyZmVhZGE1OTplczplczpFUw%26usg%3DAOvVaw36ms-sY1ymcpHa_pFayvdv&amp;source=gmail&amp;ust=1706081797282000&amp;usg=AOvVaw058-IOGUiu2AhxZNSrG69U\">Exposici\u00f3n &#8216;Disnea&#8217; sobre la\u00a0mujer en Ir\u00e1n, hasta el 9 de febrero &#8211;<\/a><a>El Comercio<br \/>\n<\/a><a class=\"title\" href=\"https:\/\/www.msn.com\/es-es\/noticias\/other\/guerreras-cazadoras-y-pintoras-prehist%C3%B3ricas-las-mujeres-tambi%C3%A9n-estaban-all%C3%AD\/ar-BB1h1psD\" target=\"_blank\" rel=\"noopener\" data-artpy=\"0\" data-author=\"Cadena SER on MSN\">Guerreras, cazadoras y pintoras prehist\u00f3ricas: las mujeres tambi\u00e9n estaban all\u00ed<\/a>-ser<br \/>\n<a class=\"title\" href=\"https:\/\/www.laregion.es\/articulo\/cultura\/espanolas-sociedad-nieve-robot-dreams-nominadas-premios-oscar\/202401231647111267765.html\" target=\"_blank\" rel=\"noopener\" data-artpy=\"0\" data-author=\"Ourense\">Las espa\u00f1olas \u00abLa sociedad de la nieve\u00bb y \u00abRobot Dreams\u00bb, nominadas a los premios Oscar<\/a>-ourense<br \/>\n<a class=\"title\" href=\"https:\/\/cadenaser.com\/euskadi\/2024\/01\/20\/la-ia-para-hacer-arte-el-arte-no-es-solo-tecnica-tambien-es-experiencia-y-conocimiento-eso-es-dificil-de-replicar-radio-bilbao\/\" target=\"_blank\" rel=\"noopener\" data-artpy=\"0\" data-author=\"Cadena SER\">La IA para hacer arte. \u00abEl arte no es solo t\u00e9cnica, tambi\u00e9n es experiencia y conocimiento. Eso es dif\u00edcil de replicar\u00bb<\/a>-ser<a><br \/>\n<\/a><\/p>\n<p><strong>Deporte<br \/>\n<\/strong><a href=\"https:\/\/www.google.com\/url?rct=j&amp;sa=t&amp;url=https:\/\/www.canarias7.es\/deportes\/mas-deportes\/espana-logra-plaza-juegos-hockey-sobre-hierba-20240118150126-ntrc.html&amp;ct=ga&amp;cd=CAEYASoTOTM3MTA2MjA0MzM2NTY2NjIwMTIZZTJkZWZhN2Q1ZGE5MTU3ZDplczplczpFUw&amp;usg=AOvVaw2Te2VKnGYNbGja00Xpg6-w\" target=\"_blank\" rel=\"noopener\" data-saferedirecturl=\"https:\/\/www.google.com\/url?q=https:\/\/www.google.com\/url?rct%3Dj%26sa%3Dt%26url%3Dhttps:\/\/www.canarias7.es\/deportes\/mas-deportes\/espana-logra-plaza-juegos-hockey-sobre-hierba-20240118150126-ntrc.html%26ct%3Dga%26cd%3DCAEYASoTOTM3MTA2MjA0MzM2NTY2NjIwMTIZZTJkZWZhN2Q1ZGE5MTU3ZDplczplczpFUw%26usg%3DAOvVaw2Te2VKnGYNbGja00Xpg6-w&amp;source=gmail&amp;ust=1706081799574000&amp;usg=AOvVaw08Lr1c9438B-ePp6Riithe\">Las Red Sticks sellan su pase a los Juegos de Par\u00eds &#8211;\u00a0<\/a><a>Canarias7<br \/>\n<\/a><a class=\"title\" href=\"https:\/\/www.msn.com\/es-es\/salud\/other\/la-n%C3%B3mada-que-disfruta-explorando-oriente-medio-y-ense%C3%B1%C3%A1ndoselo-a-otras-mujeres-nunca-hab%C3%ADa-encontrado-tanta-humanidad\/ar-BB1h79tp\" target=\"_blank\" rel=\"noopener\" data-artpy=\"0\" data-author=\"ESPA\u00d1OL on MSN\">La n\u00f3mada que disfruta explorando Oriente Medio y ense\u00f1\u00e1ndoselo a otras mujeres: \u00abNunca hab\u00eda encontrado tanta humanidad\u00bb<\/a>-elespa\u00f1ol<br \/>\n<a class=\"title\" title=\"Cristina Guti\u00e9rrez, ganadora del Dakar 2024: \u00abHe tenido que demostrar much\u00edsimo m\u00e1s que un hombre\u00bb\" href=\"https:\/\/www.abc.es\/deportes\/cristina-gutierrez-ganadora-dakar-2024-demostrar-muchisimo-20240123185612-nt.html\" target=\"_blank\" rel=\"noopener\" data-artpy=\"0\" data-author=\"ABC\">Cristina Guti\u00e9rrez, ganadora del Dakar 2024: \u00abHe tenido que demostrar much\u00edsimo m\u00e1s que un&#8230;-<\/a><a>abc<\/a><\/p>\n<\/div>\n<\/div>\n<div id=\"\" class=\"lsow-panel lsow-active\">\n<h1 class=\"lsow-panel-title\">Internacional<\/h1>\n<div class=\"lsow-panel-content\">\n<p><a class=\"title\" href=\"https:\/\/www.msn.com\/es-es\/noticias\/internacional\/sin-mujeres-en-lo-m%C3%A1s-alto-de-las-organizaciones-internacionales-el-87-de-los-l%C3%ADderes-han-sido-hombres-en-80-a%C3%B1os\/ar-BB1h5QqW\" target=\"_blank\" rel=\"noopener\" data-artpy=\"0\" data-author=\"eldiario.es on MSN\">Sin mujeres en lo m\u00e1s alto de las organizaciones internacionales: el 87% de los l\u00edderes han sido hombres en 80 a\u00f1os<\/a>-eldiario<br \/>\n<a href=\"https:\/\/www.google.com\/url?rct=j&amp;sa=t&amp;url=https:\/\/www.infobae.com\/america\/agencias\/2024\/01\/20\/onu-mujeres-asegura-que-el-conflicto-de-gaza-es-fundamentalmente-una-crisis-de-proteccion-para-las-mujeres\/&amp;ct=ga&amp;cd=CAEYACoTOTAzMzU1NDM3MTE2MjEyMDc2OTIZZTJkZWZhN2Q1ZGE5MTU3ZDplczplczpFUw&amp;usg=AOvVaw36ng9gSIpLdDfjWS_ighFN\" target=\"_blank\" rel=\"noopener\" data-saferedirecturl=\"https:\/\/www.google.com\/url?q=https:\/\/www.google.com\/url?rct%3Dj%26sa%3Dt%26url%3Dhttps:\/\/www.infobae.com\/america\/agencias\/2024\/01\/20\/onu-mujeres-asegura-que-el-conflicto-de-gaza-es-fundamentalmente-una-crisis-de-proteccion-para-las-mujeres\/%26ct%3Dga%26cd%3DCAEYACoTOTAzMzU1NDM3MTE2MjEyMDc2OTIZZTJkZWZhN2Q1ZGE5MTU3ZDplczplczpFUw%26usg%3DAOvVaw36ng9gSIpLdDfjWS_ighFN&amp;source=gmail&amp;ust=1706081799680000&amp;usg=AOvVaw1nsUty03znTlG7KubWYUv5\">ONU Mujeres asegura que el conflicto de Gaza es \u00abfundamentalmente una crisis de &#8230; &#8211;\u00a0<\/a><a>Infobae<br \/>\n<\/a><a class=\"title\" href=\"https:\/\/www.eleconomista.es\/tecnologia\/noticias\/12637606\/01\/24\/quien-es-sheryl-sandberg-la-mujer-mas-poderosa-de-silicon-valley-que-abandonara-en-mayo-el-consejo-de-meta.html\" target=\"_blank\" rel=\"noopener\" data-artpy=\"0\" data-author=\"elEconomista\">Qui\u00e9n es Sheryl Sandberg, la mujer m\u00e1s poderosa de Silicon Valley que abandonar\u00e1 en mayo el consejo de Meta<\/a>-eleconomista<a><br \/>\n<\/a><a href=\"https:\/\/www.google.com\/url?rct=j&amp;sa=t&amp;url=https:\/\/www.elobservador.com.uy\/nota\/el-trabajo-de-cuidados-de-las-mujeres-subsidia-la-economia-global-en-us-10-billones-al-ano-2024121101052&amp;ct=ga&amp;cd=CAEYACoUMTY3MzIzOTg2Njg3Mzg2OTE2OTIyGWUyZGVmYTdkNWRhOTE1N2Q6ZXM6ZXM6RVM&amp;usg=AOvVaw0kgm5KQa36VrPihgssWd0f\" target=\"_blank\" rel=\"noopener\" data-saferedirecturl=\"https:\/\/www.google.com\/url?q=https:\/\/www.google.com\/url?rct%3Dj%26sa%3Dt%26url%3Dhttps:\/\/www.elobservador.com.uy\/nota\/el-trabajo-de-cuidados-de-las-mujeres-subsidia-la-economia-global-en-us-10-billones-al-ano-2024121101052%26ct%3Dga%26cd%3DCAEYACoUMTY3MzIzOTg2Njg3Mzg2OTE2OTIyGWUyZGVmYTdkNWRhOTE1N2Q6ZXM6ZXM6RVM%26usg%3DAOvVaw0kgm5KQa36VrPihgssWd0f&amp;source=gmail&amp;ust=1706081795710000&amp;usg=AOvVaw37BI2HeZkp_jkOxeFlDrzN\">El trabajo de cuidados de las mujeres subsidia la econom\u00eda global en US$ 10 billones al a\u00f1o-\u00a0<\/a><a>El Observador<br \/>\n<\/a><a href=\"https:\/\/www.google.com\/url?rct=j&amp;sa=t&amp;url=https:\/\/espanol.radio.cz\/la-brecha-salarial-entre-hombres-y-mujeres-en-chequia-es-la-peor-de-europa-8806331&amp;ct=ga&amp;cd=CAEYBCoUMTIxMTMxNzc2OTA4MjgzNDEyODIyGWMwMzcyZWJjMmZlYWRhNTk6ZXM6ZXM6RVM&amp;usg=AOvVaw3pKhqmE1S4fPavzq_BaVRb\" target=\"_blank\" rel=\"noopener\" data-saferedirecturl=\"https:\/\/www.google.com\/url?q=https:\/\/www.google.com\/url?rct%3Dj%26sa%3Dt%26url%3Dhttps:\/\/espanol.radio.cz\/la-brecha-salarial-entre-hombres-y-mujeres-en-chequia-es-la-peor-de-europa-8806331%26ct%3Dga%26cd%3DCAEYBCoUMTIxMTMxNzc2OTA4MjgzNDEyODIyGWMwMzcyZWJjMmZlYWRhNTk6ZXM6ZXM6RVM%26usg%3DAOvVaw3pKhqmE1S4fPavzq_BaVRb&amp;source=gmail&amp;ust=1706081797171000&amp;usg=AOvVaw34H1Liw32USCeZvDaBtBry\">La brecha salarial entre hombres y\u00a0mujeres en Chequia es la peor de Europa &#8211;\u00a0<\/a><a>Radio Praga<br \/>\n<\/a><a href=\"https:\/\/www.google.com\/url?rct=j&amp;sa=t&amp;url=https:\/\/www.smartgridsinfo.es\/2024\/01\/22\/estudio-jrc-subraya-necesidad-reducir-brechas-genero-transicion-energetica&amp;ct=ga&amp;cd=CAEYACoTNDI5Mjk3Nzg2MDgwMjA3NzA3ODIZNTlkNzgxNzEzNmEyZDAyODplczplczpFUw&amp;usg=AOvVaw2yjxfKm-edE7I_qrJUez-i\" target=\"_blank\" rel=\"noopener\" data-saferedirecturl=\"https:\/\/www.google.com\/url?q=https:\/\/www.google.com\/url?rct%3Dj%26sa%3Dt%26url%3Dhttps:\/\/www.smartgridsinfo.es\/2024\/01\/22\/estudio-jrc-subraya-necesidad-reducir-brechas-genero-transicion-energetica%26ct%3Dga%26cd%3DCAEYACoTNDI5Mjk3Nzg2MDgwMjA3NzA3ODIZNTlkNzgxNzEzNmEyZDAyODplczplczpFUw%26usg%3DAOvVaw2yjxfKm-edE7I_qrJUez-i&amp;source=gmail&amp;ust=1706081795412000&amp;usg=AOvVaw18cGxSfTyUa7SUUevDU6WX\">Un estudio del JRC subraya la necesidad de reducir las brechas de\u00a0g\u00e9nero en la transici\u00f3n energ\u00e9tica &#8230;\u00a0<\/a>&#8211;<a>smartgridsinfo<br \/>\n<\/a><a href=\"https:\/\/www.google.com\/url?rct=j&amp;sa=t&amp;url=https:\/\/www.modaes.com\/entorno\/who-made-my-clothes-seguramente-una-mujer&amp;ct=ga&amp;cd=CAEYBioSMzMzOTM1NTE1ODk5OTExNzk5MhljMDM3MmViYzJmZWFkYTU5OmVzOmVzOkVT&amp;usg=AOvVaw23wnuR5yF1Zwevf7aJtiHe\" target=\"_blank\" rel=\"noopener\" data-saferedirecturl=\"https:\/\/www.google.com\/url?q=https:\/\/www.google.com\/url?rct%3Dj%26sa%3Dt%26url%3Dhttps:\/\/www.modaes.com\/entorno\/who-made-my-clothes-seguramente-una-mujer%26ct%3Dga%26cd%3DCAEYBioSMzMzOTM1NTE1ODk5OTExNzk5MhljMDM3MmViYzJmZWFkYTU5OmVzOmVzOkVT%26usg%3DAOvVaw23wnuR5yF1Zwevf7aJtiHe&amp;source=gmail&amp;ust=1706081797147000&amp;usg=AOvVaw3XFNhkU053VXEMsz8thjut\">&#8216;Who made my clothes?&#8217; Seguramente, una\u00a0mujer &#8211;\u00a0<\/a><a>Modaes<br \/>\n<\/a><a href=\"https:\/\/www.google.com\/url?rct=j&amp;sa=t&amp;url=https:\/\/elpais.com\/ciencia\/2024-01-23\/ciencia-viva-o-memoria-francia-debate-como-honrar-el-legado-de-marie-curie.html&amp;ct=ga&amp;cd=CAEYAyoUMTI3MzExNjkzMzE0ODE1NzU4NzQyGWMwMzcyZWJjMmZlYWRhNTk6ZXM6ZXM6RVM&amp;usg=AOvVaw2wrlR3q4VC17m9RMeyUT63\" target=\"_blank\" rel=\"noopener\" data-saferedirecturl=\"https:\/\/www.google.com\/url?q=https:\/\/www.google.com\/url?rct%3Dj%26sa%3Dt%26url%3Dhttps:\/\/elpais.com\/ciencia\/2024-01-23\/ciencia-viva-o-memoria-francia-debate-como-honrar-el-legado-de-marie-curie.html%26ct%3Dga%26cd%3DCAEYAyoUMTI3MzExNjkzMzE0ODE1NzU4NzQyGWMwMzcyZWJjMmZlYWRhNTk6ZXM6ZXM6RVM%26usg%3DAOvVaw2wrlR3q4VC17m9RMeyUT63&amp;source=gmail&amp;ust=1706081797295000&amp;usg=AOvVaw3fE0HTTVarLAKmdqaj6de3\">Ciencia viva o memoria? Francia debate c\u00f3mo honrar el legado de Marie Curie &#8211;\u00a0<\/a><a>elpais<br \/>\n<\/a><a href=\"https:\/\/www.google.com\/url?rct=j&amp;sa=t&amp;url=https:\/\/www.zendalibros.com\/historia-de-la-primera-mujer-que-atraveso-la-amazonia\/&amp;ct=ga&amp;cd=CAEYAioTODY3MzI1NzExODM4MDgzMjY5ODIZYzAzNzJlYmMyZmVhZGE1OTplczplczpFUw&amp;usg=AOvVaw3uzILcOPxdLy_aUnf_Gcwd\" target=\"_blank\" rel=\"noopener\" data-saferedirecturl=\"https:\/\/www.google.com\/url?q=https:\/\/www.google.com\/url?rct%3Dj%26sa%3Dt%26url%3Dhttps:\/\/www.zendalibros.com\/historia-de-la-primera-mujer-que-atraveso-la-amazonia\/%26ct%3Dga%26cd%3DCAEYAioTODY3MzI1NzExODM4MDgzMjY5ODIZYzAzNzJlYmMyZmVhZGE1OTplczplczpFUw%26usg%3DAOvVaw3uzILcOPxdLy_aUnf_Gcwd&amp;source=gmail&amp;ust=1706084057630000&amp;usg=AOvVaw3Dmwn0wPqAxD2KKINf15xe\">Historia de la primera\u00a0mujer que atraves\u00f3 la Amazon\u00eda &#8211;\u00a0<\/a><a>Zenda<br \/>\n<\/a><a class=\"title\" href=\"https:\/\/es-us.vida-estilo.yahoo.com\/mujer-84-anos-planta-oscar-carrera-cine-martin-scorsese-155212600.html\" target=\"_blank\" rel=\"noopener\" data-artpy=\"0\" data-author=\"Yahoo Vida y Estilo Espa\u00f1a\">Thelma Schoonmaker<\/a>,<a class=\"title\" href=\"https:\/\/es-us.vida-estilo.yahoo.com\/mujer-84-anos-planta-oscar-carrera-cine-martin-scorsese-155212600.html\" target=\"_blank\" rel=\"noopener\" data-artpy=\"0\" data-author=\"Yahoo Vida y Estilo Espa\u00f1a\">la mujer de 84 a\u00f1os que se planta firme en los Oscar tras una carrera de cine<\/a>-yahoo<br \/>\n<a class=\"title\" href=\"https:\/\/www.msn.com\/es-es\/entretenimiento\/other\/margot-robbie-y-greta-gerwig-se-quedan-fuera-de-los-oscar-el-%C3%A9xito-de-barbie-no-premia-a-sus-mujeres\/ar-BB1h8PnH\" target=\"_blank\" rel=\"noopener\" data-artpy=\"0\" data-author=\"ESPA\u00d1OL on MSN\">Margot Robbie y Greta Gerwig se quedan fuera de los Oscar: el \u00e9xito de &#8216;Barbie&#8217; no premia a sus mujeres<\/a>-elespa\u00f1ol<\/p>\n<\/div>\n<\/div>\n<\/div><\/div><\/div><\/div><\/div>\n","protected":false},"excerpt":{"rendered":"<p>Sin mujeres en lo m\u00e1s alto de las organizaciones internacionales: el 87% de los l\u00edderes han sido hombres en 80 a\u00f1os * El trabajo de cuidados de las mujeres subsidia la econom\u00eda global en US$ 10 billones al a\u00f1o * \u2018Who made my clothes?\u2019 Seguramente, una mujer * Cristina Guti\u00e9rrez, ganadora del Dakar 2024<\/p>\n","protected":false},"author":3,"featured_media":22909,"comment_status":"closed","ping_status":"closed","sticky":false,"template":"","format":"standard","meta":{"footnotes":""},"categories":[298,621],"tags":[85,232,331,96],"class_list":["post-20869","post","type-post","status-publish","format-standard","has-post-thumbnail","hentry","category-newsletter","category-nwl-3-0","tag-consejos-de-administracion","tag-deporte-femenino","tag-economia-de-los-cuidados","tag-mujeres"],"yoast_head":"<!-- This site is optimized with the Yoast SEO plugin v27.4 - https:\/\/yoast.com\/product\/yoast-seo-wordpress\/ -->\n<title>Noticias Info CKL n\u00ba 2844-23\/01\/24-Comunicar con perspectiva de g\u00e9nero<\/title>\n<meta name=\"description\" content=\"Noticias Info CKL n\u00ba 2844-23\/01\/24 Sin mujeres en lo m\u00e1s alto de las organizaciones internacionales: el 87% de los l\u00edderes han sido hombres en 80 a\u00f1os * El trabajo de cuidados de las mujeres subsidia la econom\u00eda global en US$ 10 billones al a\u00f1o * \u2018Who made my clothes?\u2019 Seguramente, una mujer * Cristina Guti\u00e9rrez, ganadora del Dakar 2024\" \/>\n<meta name=\"robots\" content=\"index, follow, max-snippet:-1, max-image-preview:large, max-video-preview:-1\" \/>\n<link rel=\"canonical\" href=\"https:\/\/cklcomunicaciones.es\/coop\/noticias-info-ckl-no-2844-23-01-24\/\" \/>\n<meta property=\"og:locale\" content=\"es_ES\" \/>\n<meta property=\"og:type\" content=\"article\" \/>\n<meta property=\"og:title\" content=\"Noticias Info CKL n\u00ba 2844-23\/01\/24-Comunicar con perspectiva de g\u00e9nero\" \/>\n<meta property=\"og:description\" content=\"Noticias Info CKL n\u00ba 2844-23\/01\/24 Sin mujeres en lo m\u00e1s alto de las organizaciones internacionales: el 87% de los l\u00edderes han sido hombres en 80 a\u00f1os * El trabajo de cuidados de las mujeres subsidia la econom\u00eda global en US$ 10 billones al a\u00f1o * \u2018Who made my clothes?\u2019 Seguramente, una mujer * Cristina Guti\u00e9rrez, ganadora del Dakar 2024\" \/>\n<meta property=\"og:url\" content=\"https:\/\/cklcomunicaciones.es\/coop\/noticias-info-ckl-no-2844-23-01-24\/\" \/>\n<meta property=\"og:site_name\" content=\"CKL Comunicaciones\" \/>\n<meta property=\"article:published_time\" content=\"2024-01-23T18:25:14+00:00\" \/>\n<meta property=\"article:modified_time\" content=\"2025-02-07T15:00:16+00:00\" \/>\n<meta property=\"og:image\" content=\"https:\/\/cklcomunicaciones.es\/coop\/wp-content\/uploads\/2025\/01\/CKL-una-mirada-distinta-de-la-comunicacion.jpg\" \/>\n\t<meta property=\"og:image:width\" content=\"1482\" \/>\n\t<meta property=\"og:image:height\" content=\"775\" \/>\n\t<meta property=\"og:image:type\" content=\"image\/jpeg\" \/>\n<meta name=\"author\" content=\"ckl\" \/>\n<meta name=\"twitter:card\" content=\"summary_large_image\" \/>\n<meta name=\"twitter:label1\" content=\"Escrito por\" \/>\n\t<meta name=\"twitter:data1\" content=\"ckl\" \/>\n\t<meta name=\"twitter:label2\" content=\"Tiempo de lectura\" \/>\n\t<meta name=\"twitter:data2\" content=\"6 minutos\" \/>\n<script type=\"application\/ld+json\" class=\"yoast-schema-graph\">{\"@context\":\"https:\\\/\\\/schema.org\",\"@graph\":[{\"@type\":\"Article\",\"@id\":\"https:\\\/\\\/cklcomunicaciones.es\\\/coop\\\/noticias-info-ckl-no-2844-23-01-24\\\/#article\",\"isPartOf\":{\"@id\":\"https:\\\/\\\/cklcomunicaciones.es\\\/coop\\\/noticias-info-ckl-no-2844-23-01-24\\\/\"},\"author\":{\"name\":\"ckl\",\"@id\":\"https:\\\/\\\/cklcomunicaciones.es\\\/coop\\\/#\\\/schema\\\/person\\\/929a6837f7626450bbb50cee1aef266e\"},\"headline\":\"Noticias Info CKL n\u00ba 2844-23\\\/01\\\/24\",\"datePublished\":\"2024-01-23T18:25:14+00:00\",\"dateModified\":\"2025-02-07T15:00:16+00:00\",\"mainEntityOfPage\":{\"@id\":\"https:\\\/\\\/cklcomunicaciones.es\\\/coop\\\/noticias-info-ckl-no-2844-23-01-24\\\/\"},\"wordCount\":1263,\"image\":{\"@id\":\"https:\\\/\\\/cklcomunicaciones.es\\\/coop\\\/noticias-info-ckl-no-2844-23-01-24\\\/#primaryimage\"},\"thumbnailUrl\":\"https:\\\/\\\/cklcomunicaciones.es\\\/coop\\\/wp-content\\\/uploads\\\/2025\\\/01\\\/CKL-una-mirada-distinta-de-la-comunicacion.jpg\",\"keywords\":[\"consejos de administraci\u00f3n\",\"deporte femenino\",\"econom\u00eda de los cuidados\",\"mujeres\"],\"articleSection\":[\"Newsletter\",\"Nwl v3.0\"],\"inLanguage\":\"es\"},{\"@type\":\"WebPage\",\"@id\":\"https:\\\/\\\/cklcomunicaciones.es\\\/coop\\\/noticias-info-ckl-no-2844-23-01-24\\\/\",\"url\":\"https:\\\/\\\/cklcomunicaciones.es\\\/coop\\\/noticias-info-ckl-no-2844-23-01-24\\\/\",\"name\":\"Noticias Info CKL n\u00ba 2844-23\\\/01\\\/24-Comunicar con perspectiva de g\u00e9nero\",\"isPartOf\":{\"@id\":\"https:\\\/\\\/cklcomunicaciones.es\\\/coop\\\/#website\"},\"primaryImageOfPage\":{\"@id\":\"https:\\\/\\\/cklcomunicaciones.es\\\/coop\\\/noticias-info-ckl-no-2844-23-01-24\\\/#primaryimage\"},\"image\":{\"@id\":\"https:\\\/\\\/cklcomunicaciones.es\\\/coop\\\/noticias-info-ckl-no-2844-23-01-24\\\/#primaryimage\"},\"thumbnailUrl\":\"https:\\\/\\\/cklcomunicaciones.es\\\/coop\\\/wp-content\\\/uploads\\\/2025\\\/01\\\/CKL-una-mirada-distinta-de-la-comunicacion.jpg\",\"datePublished\":\"2024-01-23T18:25:14+00:00\",\"dateModified\":\"2025-02-07T15:00:16+00:00\",\"author\":{\"@id\":\"https:\\\/\\\/cklcomunicaciones.es\\\/coop\\\/#\\\/schema\\\/person\\\/929a6837f7626450bbb50cee1aef266e\"},\"description\":\"Noticias Info CKL n\u00ba 2844-23\\\/01\\\/24 Sin mujeres en lo m\u00e1s alto de las organizaciones internacionales: el 87% de los l\u00edderes han sido hombres en 80 a\u00f1os * El trabajo de cuidados de las mujeres subsidia la econom\u00eda global en US$ 10 billones al a\u00f1o * \u2018Who made my clothes?\u2019 Seguramente, una mujer * Cristina Guti\u00e9rrez, ganadora del Dakar 2024\",\"breadcrumb\":{\"@id\":\"https:\\\/\\\/cklcomunicaciones.es\\\/coop\\\/noticias-info-ckl-no-2844-23-01-24\\\/#breadcrumb\"},\"inLanguage\":\"es\",\"potentialAction\":[{\"@type\":\"ReadAction\",\"target\":[\"https:\\\/\\\/cklcomunicaciones.es\\\/coop\\\/noticias-info-ckl-no-2844-23-01-24\\\/\"]}]},{\"@type\":\"ImageObject\",\"inLanguage\":\"es\",\"@id\":\"https:\\\/\\\/cklcomunicaciones.es\\\/coop\\\/noticias-info-ckl-no-2844-23-01-24\\\/#primaryimage\",\"url\":\"https:\\\/\\\/cklcomunicaciones.es\\\/coop\\\/wp-content\\\/uploads\\\/2025\\\/01\\\/CKL-una-mirada-distinta-de-la-comunicacion.jpg\",\"contentUrl\":\"https:\\\/\\\/cklcomunicaciones.es\\\/coop\\\/wp-content\\\/uploads\\\/2025\\\/01\\\/CKL-una-mirada-distinta-de-la-comunicacion.jpg\",\"width\":1482,\"height\":775,\"caption\":\"CKL - una mirada distinta de la comunicacion\"},{\"@type\":\"BreadcrumbList\",\"@id\":\"https:\\\/\\\/cklcomunicaciones.es\\\/coop\\\/noticias-info-ckl-no-2844-23-01-24\\\/#breadcrumb\",\"itemListElement\":[{\"@type\":\"ListItem\",\"position\":1,\"name\":\"Portada\",\"item\":\"https:\\\/\\\/cklcomunicaciones.es\\\/coop\\\/\"},{\"@type\":\"ListItem\",\"position\":2,\"name\":\"Noticias Info CKL n\u00ba 2844-23\\\/01\\\/24\"}]},{\"@type\":\"WebSite\",\"@id\":\"https:\\\/\\\/cklcomunicaciones.es\\\/coop\\\/#website\",\"url\":\"https:\\\/\\\/cklcomunicaciones.es\\\/coop\\\/\",\"name\":\"CKL Comunicaciones\",\"description\":\"Sitio web de CKL Comunicaciones coop , la consultora de comunicaci\u00f3n y estrategia\",\"potentialAction\":[{\"@type\":\"SearchAction\",\"target\":{\"@type\":\"EntryPoint\",\"urlTemplate\":\"https:\\\/\\\/cklcomunicaciones.es\\\/coop\\\/?s={search_term_string}\"},\"query-input\":{\"@type\":\"PropertyValueSpecification\",\"valueRequired\":true,\"valueName\":\"search_term_string\"}}],\"inLanguage\":\"es\"},{\"@type\":\"Person\",\"@id\":\"https:\\\/\\\/cklcomunicaciones.es\\\/coop\\\/#\\\/schema\\\/person\\\/929a6837f7626450bbb50cee1aef266e\",\"name\":\"ckl\",\"image\":{\"@type\":\"ImageObject\",\"inLanguage\":\"es\",\"@id\":\"https:\\\/\\\/secure.gravatar.com\\\/avatar\\\/c82db564e8a669bf6023357a157b9dc4780f4d4c618f2ad1d71a6a5dede45057?s=96&d=mm&r=g\",\"url\":\"https:\\\/\\\/secure.gravatar.com\\\/avatar\\\/c82db564e8a669bf6023357a157b9dc4780f4d4c618f2ad1d71a6a5dede45057?s=96&d=mm&r=g\",\"contentUrl\":\"https:\\\/\\\/secure.gravatar.com\\\/avatar\\\/c82db564e8a669bf6023357a157b9dc4780f4d4c618f2ad1d71a6a5dede45057?s=96&d=mm&r=g\",\"caption\":\"ckl\"},\"url\":\"https:\\\/\\\/cklcomunicaciones.es\\\/coop\\\/author\\\/cklcomunicaciones\\\/\"}]}<\/script>\n<!-- \/ Yoast SEO plugin. -->","yoast_head_json":{"title":"Noticias Info CKL n\u00ba 2844-23\/01\/24-Comunicar con perspectiva de g\u00e9nero","description":"Noticias Info CKL n\u00ba 2844-23\/01\/24 Sin mujeres en lo m\u00e1s alto de las organizaciones internacionales: el 87% de los l\u00edderes han sido hombres en 80 a\u00f1os * El trabajo de cuidados de las mujeres subsidia la econom\u00eda global en US$ 10 billones al a\u00f1o * \u2018Who made my clothes?\u2019 Seguramente, una mujer * Cristina Guti\u00e9rrez, ganadora del Dakar 2024","robots":{"index":"index","follow":"follow","max-snippet":"max-snippet:-1","max-image-preview":"max-image-preview:large","max-video-preview":"max-video-preview:-1"},"canonical":"https:\/\/cklcomunicaciones.es\/coop\/noticias-info-ckl-no-2844-23-01-24\/","og_locale":"es_ES","og_type":"article","og_title":"Noticias Info CKL n\u00ba 2844-23\/01\/24-Comunicar con perspectiva de g\u00e9nero","og_description":"Noticias Info CKL n\u00ba 2844-23\/01\/24 Sin mujeres en lo m\u00e1s alto de las organizaciones internacionales: el 87% de los l\u00edderes han sido hombres en 80 a\u00f1os * El trabajo de cuidados de las mujeres subsidia la econom\u00eda global en US$ 10 billones al a\u00f1o * \u2018Who made my clothes?\u2019 Seguramente, una mujer * Cristina Guti\u00e9rrez, ganadora del Dakar 2024","og_url":"https:\/\/cklcomunicaciones.es\/coop\/noticias-info-ckl-no-2844-23-01-24\/","og_site_name":"CKL Comunicaciones","article_published_time":"2024-01-23T18:25:14+00:00","article_modified_time":"2025-02-07T15:00:16+00:00","og_image":[{"width":1482,"height":775,"url":"https:\/\/cklcomunicaciones.es\/coop\/wp-content\/uploads\/2025\/01\/CKL-una-mirada-distinta-de-la-comunicacion.jpg","type":"image\/jpeg"}],"author":"ckl","twitter_card":"summary_large_image","twitter_misc":{"Escrito por":"ckl","Tiempo de lectura":"6 minutos"},"schema":{"@context":"https:\/\/schema.org","@graph":[{"@type":"Article","@id":"https:\/\/cklcomunicaciones.es\/coop\/noticias-info-ckl-no-2844-23-01-24\/#article","isPartOf":{"@id":"https:\/\/cklcomunicaciones.es\/coop\/noticias-info-ckl-no-2844-23-01-24\/"},"author":{"name":"ckl","@id":"https:\/\/cklcomunicaciones.es\/coop\/#\/schema\/person\/929a6837f7626450bbb50cee1aef266e"},"headline":"Noticias Info CKL n\u00ba 2844-23\/01\/24","datePublished":"2024-01-23T18:25:14+00:00","dateModified":"2025-02-07T15:00:16+00:00","mainEntityOfPage":{"@id":"https:\/\/cklcomunicaciones.es\/coop\/noticias-info-ckl-no-2844-23-01-24\/"},"wordCount":1263,"image":{"@id":"https:\/\/cklcomunicaciones.es\/coop\/noticias-info-ckl-no-2844-23-01-24\/#primaryimage"},"thumbnailUrl":"https:\/\/cklcomunicaciones.es\/coop\/wp-content\/uploads\/2025\/01\/CKL-una-mirada-distinta-de-la-comunicacion.jpg","keywords":["consejos de administraci\u00f3n","deporte femenino","econom\u00eda de los cuidados","mujeres"],"articleSection":["Newsletter","Nwl v3.0"],"inLanguage":"es"},{"@type":"WebPage","@id":"https:\/\/cklcomunicaciones.es\/coop\/noticias-info-ckl-no-2844-23-01-24\/","url":"https:\/\/cklcomunicaciones.es\/coop\/noticias-info-ckl-no-2844-23-01-24\/","name":"Noticias Info CKL n\u00ba 2844-23\/01\/24-Comunicar con perspectiva de g\u00e9nero","isPartOf":{"@id":"https:\/\/cklcomunicaciones.es\/coop\/#website"},"primaryImageOfPage":{"@id":"https:\/\/cklcomunicaciones.es\/coop\/noticias-info-ckl-no-2844-23-01-24\/#primaryimage"},"image":{"@id":"https:\/\/cklcomunicaciones.es\/coop\/noticias-info-ckl-no-2844-23-01-24\/#primaryimage"},"thumbnailUrl":"https:\/\/cklcomunicaciones.es\/coop\/wp-content\/uploads\/2025\/01\/CKL-una-mirada-distinta-de-la-comunicacion.jpg","datePublished":"2024-01-23T18:25:14+00:00","dateModified":"2025-02-07T15:00:16+00:00","author":{"@id":"https:\/\/cklcomunicaciones.es\/coop\/#\/schema\/person\/929a6837f7626450bbb50cee1aef266e"},"description":"Noticias Info CKL n\u00ba 2844-23\/01\/24 Sin mujeres en lo m\u00e1s alto de las organizaciones internacionales: el 87% de los l\u00edderes han sido hombres en 80 a\u00f1os * El trabajo de cuidados de las mujeres subsidia la econom\u00eda global en US$ 10 billones al a\u00f1o * \u2018Who made my clothes?\u2019 Seguramente, una mujer * Cristina Guti\u00e9rrez, ganadora del Dakar 2024","breadcrumb":{"@id":"https:\/\/cklcomunicaciones.es\/coop\/noticias-info-ckl-no-2844-23-01-24\/#breadcrumb"},"inLanguage":"es","potentialAction":[{"@type":"ReadAction","target":["https:\/\/cklcomunicaciones.es\/coop\/noticias-info-ckl-no-2844-23-01-24\/"]}]},{"@type":"ImageObject","inLanguage":"es","@id":"https:\/\/cklcomunicaciones.es\/coop\/noticias-info-ckl-no-2844-23-01-24\/#primaryimage","url":"https:\/\/cklcomunicaciones.es\/coop\/wp-content\/uploads\/2025\/01\/CKL-una-mirada-distinta-de-la-comunicacion.jpg","contentUrl":"https:\/\/cklcomunicaciones.es\/coop\/wp-content\/uploads\/2025\/01\/CKL-una-mirada-distinta-de-la-comunicacion.jpg","width":1482,"height":775,"caption":"CKL - una mirada distinta de la comunicacion"},{"@type":"BreadcrumbList","@id":"https:\/\/cklcomunicaciones.es\/coop\/noticias-info-ckl-no-2844-23-01-24\/#breadcrumb","itemListElement":[{"@type":"ListItem","position":1,"name":"Portada","item":"https:\/\/cklcomunicaciones.es\/coop\/"},{"@type":"ListItem","position":2,"name":"Noticias Info CKL n\u00ba 2844-23\/01\/24"}]},{"@type":"WebSite","@id":"https:\/\/cklcomunicaciones.es\/coop\/#website","url":"https:\/\/cklcomunicaciones.es\/coop\/","name":"CKL Comunicaciones","description":"Sitio web de CKL Comunicaciones coop , la consultora de comunicaci\u00f3n y estrategia","potentialAction":[{"@type":"SearchAction","target":{"@type":"EntryPoint","urlTemplate":"https:\/\/cklcomunicaciones.es\/coop\/?s={search_term_string}"},"query-input":{"@type":"PropertyValueSpecification","valueRequired":true,"valueName":"search_term_string"}}],"inLanguage":"es"},{"@type":"Person","@id":"https:\/\/cklcomunicaciones.es\/coop\/#\/schema\/person\/929a6837f7626450bbb50cee1aef266e","name":"ckl","image":{"@type":"ImageObject","inLanguage":"es","@id":"https:\/\/secure.gravatar.com\/avatar\/c82db564e8a669bf6023357a157b9dc4780f4d4c618f2ad1d71a6a5dede45057?s=96&d=mm&r=g","url":"https:\/\/secure.gravatar.com\/avatar\/c82db564e8a669bf6023357a157b9dc4780f4d4c618f2ad1d71a6a5dede45057?s=96&d=mm&r=g","contentUrl":"https:\/\/secure.gravatar.com\/avatar\/c82db564e8a669bf6023357a157b9dc4780f4d4c618f2ad1d71a6a5dede45057?s=96&d=mm&r=g","caption":"ckl"},"url":"https:\/\/cklcomunicaciones.es\/coop\/author\/cklcomunicaciones\/"}]}},"_links":{"self":[{"href":"https:\/\/cklcomunicaciones.es\/coop\/wp-json\/wp\/v2\/posts\/20869","targetHints":{"allow":["GET"]}}],"collection":[{"href":"https:\/\/cklcomunicaciones.es\/coop\/wp-json\/wp\/v2\/posts"}],"about":[{"href":"https:\/\/cklcomunicaciones.es\/coop\/wp-json\/wp\/v2\/types\/post"}],"author":[{"embeddable":true,"href":"https:\/\/cklcomunicaciones.es\/coop\/wp-json\/wp\/v2\/users\/3"}],"replies":[{"embeddable":true,"href":"https:\/\/cklcomunicaciones.es\/coop\/wp-json\/wp\/v2\/comments?post=20869"}],"version-history":[{"count":0,"href":"https:\/\/cklcomunicaciones.es\/coop\/wp-json\/wp\/v2\/posts\/20869\/revisions"}],"wp:featuredmedia":[{"embeddable":true,"href":"https:\/\/cklcomunicaciones.es\/coop\/wp-json\/wp\/v2\/media\/22909"}],"wp:attachment":[{"href":"https:\/\/cklcomunicaciones.es\/coop\/wp-json\/wp\/v2\/media?parent=20869"}],"wp:term":[{"taxonomy":"category","embeddable":true,"href":"https:\/\/cklcomunicaciones.es\/coop\/wp-json\/wp\/v2\/categories?post=20869"},{"taxonomy":"post_tag","embeddable":true,"href":"https:\/\/cklcomunicaciones.es\/coop\/wp-json\/wp\/v2\/tags?post=20869"}],"curies":[{"name":"wp","href":"https:\/\/api.w.org\/{rel}","templated":true}]}}