{"id":20817,"date":"2023-12-22T18:27:05","date_gmt":"2023-12-22T17:27:05","guid":{"rendered":"https:\/\/www.cklcomunicaciones.es\/?p=20817"},"modified":"2025-02-07T16:26:09","modified_gmt":"2025-02-07T15:26:09","slug":"noticias-info-ckl-no-2840-22-12-23","status":"publish","type":"post","link":"https:\/\/cklcomunicaciones.es\/coop\/noticias-info-ckl-no-2840-22-12-23\/","title":{"rendered":"Noticias Info CKL n\u00ba 2840-22\/12\/23"},"content":{"rendered":"<div class=\"fusion-fullwidth fullwidth-box fusion-builder-row-1 fusion-flex-container nonhundred-percent-fullwidth non-hundred-percent-height-scrolling\" style=\"--awb-border-radius-top-left:0px;--awb-border-radius-top-right:0px;--awb-border-radius-bottom-right:0px;--awb-border-radius-bottom-left:0px;--awb-flex-wrap:wrap;\" ><div class=\"fusion-builder-row fusion-row fusion-flex-align-items-flex-start fusion-flex-content-wrap\" style=\"max-width:1248px;margin-left: calc(-4% \/ 2 );margin-right: calc(-4% \/ 2 );\"><div class=\"fusion-layout-column fusion_builder_column fusion-builder-column-0 fusion_builder_column_1_1 1_1 fusion-flex-column\" style=\"--awb-bg-blend:overlay;--awb-bg-size:cover;--awb-width-large:100%;--awb-margin-top-large:0px;--awb-spacing-right-large:1.92%;--awb-margin-bottom-large:0px;--awb-spacing-left-large:1.92%;--awb-width-medium:100%;--awb-spacing-right-medium:1.92%;--awb-spacing-left-medium:1.92%;--awb-width-small:100%;--awb-spacing-right-small:1.92%;--awb-spacing-left-small:1.92%;\"><div class=\"fusion-column-wrapper fusion-flex-justify-content-flex-start fusion-content-layout-column\"><div class=\"fusion-text fusion-text-1\"><div id=\"\" class=\"lsow-panel lsow-active\">\n<h1 class=\"lsow-panel-title\">Comunicaci\u00f3n, Publicidad y TICs<\/h1>\n<div class=\"lsow-panel-content\">\n<div class=\"source set_top\">\n<div class=\"publogo\" data-priority=\"2\" aria-hidden=\"true\"><a class=\"title\" href=\"https:\/\/www.razon.com.mx\/cultura\/adios-cristina-pacheco-periodista-referencial-revelo-preguntas-historias-esencias-558287\" target=\"_blank\" rel=\"noopener\" data-artpy=\"0\" data-author=\"La Razon\">Adi\u00f3s a Cristina Pacheco, periodista referencial que revel\u00f3 con preguntas historias y esencias<\/a>-larazon<br \/>\n<a class=\"title\" href=\"https:\/\/www.noticiasdenavarra.com\/television\/2023\/12\/22\/television-francesa-desdice-macron-certifica-7672554.html\" target=\"_blank\" rel=\"noopener\" data-artpy=\"0\" data-author=\"Noticias\">La televisi\u00f3n francesa desdice a Macron y certifica los comentarios sexistas de Depardieu<\/a>-diariodenavarra<br \/>\n<a href=\"https:\/\/www.google.com\/url?rct=j&amp;sa=t&amp;url=https:\/\/maldita.es\/feminismo\/20231222\/autorregulacion-prohibe-anuncios-juguetes-sexistas\/&amp;ct=ga&amp;cd=CAEYACoUMTE3OTk1MTk2NDE2NTcyNTg0NDAyGWMwMzcyZWJjMmZlYWRhNTk6ZXM6ZXM6RVM&amp;usg=AOvVaw257PZohPQhSpGf5nCuDFWv\" target=\"_blank\" rel=\"noopener\" data-saferedirecturl=\"https:\/\/www.google.com\/url?q=https:\/\/www.google.com\/url?rct%3Dj%26sa%3Dt%26url%3Dhttps:\/\/maldita.es\/feminismo\/20231222\/autorregulacion-prohibe-anuncios-juguetes-sexistas\/%26ct%3Dga%26cd%3DCAEYACoUMTE3OTk1MTk2NDE2NTcyNTg0NDAyGWMwMzcyZWJjMmZlYWRhNTk6ZXM6ZXM6RVM%26usg%3DAOvVaw257PZohPQhSpGf5nCuDFWv&amp;source=gmail&amp;ust=1703344035024000&amp;usg=AOvVaw0kAbGPFGwsAZuzRXEN853a\">C\u00f3mo se aplica el c\u00f3digo de autorregulaci\u00f3n que proh\u00edbe anuncios sexistas de juguetes-\u00a0<\/a><a>Maldita<br \/>\n<\/a><a href=\"https:\/\/www.google.com\/url?rct=j&amp;sa=t&amp;url=https:\/\/www.diariosigloxxi.com\/texto-diario\/mostrar\/4658220\/consejos-prevenir-mal-tecnologia&amp;ct=ga&amp;cd=CAEYACoSOTIyNTQ1NTQ1MDM4NTE4MTY1MhllMWU3N2QxNTYwOThhOGUzOmVzOmVzOkVT&amp;usg=AOvVaw2Yk4EzzmHsBV4r0S5I7Hqv\" target=\"_blank\" rel=\"noopener\" data-saferedirecturl=\"https:\/\/www.google.com\/url?q=https:\/\/www.google.com\/url?rct%3Dj%26sa%3Dt%26url%3Dhttps:\/\/www.diariosigloxxi.com\/texto-diario\/mostrar\/4658220\/consejos-prevenir-mal-tecnologia%26ct%3Dga%26cd%3DCAEYACoSOTIyNTQ1NTQ1MDM4NTE4MTY1MhllMWU3N2QxNTYwOThhOGUzOmVzOmVzOkVT%26usg%3DAOvVaw2Yk4EzzmHsBV4r0S5I7Hqv&amp;source=gmail&amp;ust=1703344037498000&amp;usg=AOvVaw2xLsfcgP5GCj2HZ8Q1ith5\">Consejos para prevenir el mal uso de la tecnolog\u00eda &#8211;\u00a0<\/a><a>Diario Siglo XXI<\/a><\/div>\n<\/div>\n<\/div>\n<\/div>\n<div id=\"\" class=\"lsow-panel lsow-active\">\n<h1 class=\"lsow-panel-title\">Andaluc\u00eda<\/h1>\n<div class=\"lsow-panel-content\">\n<div class=\"source set_top\">\n<div data-priority=\"2\" aria-hidden=\"true\">\n<p><strong>Institucional<br \/>\n<\/strong><a class=\"title\" href=\"https:\/\/revistalugardeencuentro.com\/2023\/12\/22\/el-parlamento-aprueba-el-presupuesto-de-la-junta-para-2024-tras-incorporarle-85-enmiendas\/\" target=\"_blank\" rel=\"noopener\" data-artpy=\"0\" data-author=\"revistalugardeencuentro\">El Parlamento aprueba el Presupuesto de la Junta para 2024 tras incorporarle 85 enmiendas-\u00a0<\/a><a>revistalugardeencuentro<\/a><\/p>\n<p><strong>Econom\u00eda y Empresa<br \/>\n<\/strong><a href=\"https:\/\/www.google.com\/url?rct=j&amp;sa=t&amp;url=https:\/\/www.lasprovincias.es\/economia\/consejera-economia-destaca-andalucia-reduce-deuda-debajo-20231220171504-vi.html&amp;ct=ga&amp;cd=CAEYACoTMzg1NjgxMjU1MDA4MzMxMzgxMjIZZDc4ZTU4NzVhMGYxZjJhYzplczplczpFUw&amp;usg=AOvVaw056V67jM384V7NE3d5ZAYO\" target=\"_blank\" rel=\"noopener\" data-saferedirecturl=\"https:\/\/www.google.com\/url?q=https:\/\/www.google.com\/url?rct%3Dj%26sa%3Dt%26url%3Dhttps:\/\/www.lasprovincias.es\/economia\/consejera-economia-destaca-andalucia-reduce-deuda-debajo-20231220171504-vi.html%26ct%3Dga%26cd%3DCAEYACoTMzg1NjgxMjU1MDA4MzMxMzgxMjIZZDc4ZTU4NzVhMGYxZjJhYzplczplczpFUw%26usg%3DAOvVaw056V67jM384V7NE3d5ZAYO&amp;source=gmail&amp;ust=1703183326352000&amp;usg=AOvVaw1e6bvKCtxm820qa6bMw5gN\">La consejera de\u00a0Econom\u00eda\u00a0destaca que\u00a0Andaluc\u00eda reduce su deuda por debajo del 20% del PIB-\u00a0<\/a><a>Las Provincias<br \/>\n<\/a><a href=\"https:\/\/www.google.com\/url?rct=j&amp;sa=t&amp;url=https:\/\/andaluciainforma.eldiario.es\/el-instituto-de-las-mujeres-ofrece-4-vias-de-ayudas-al-emprendimiento-con-microcreditos-de-hasta-25-000-euros\/&amp;ct=ga&amp;cd=CAEYACoUMTMwMTIyMTg5MDE4Mzk5NjI5NTYyGWMwMzcyZWJjMmZlYWRhNTk6ZXM6ZXM6RVM&amp;usg=AOvVaw0Dd7zP95pvju9pJusb03r9\" target=\"_blank\" rel=\"noopener\" data-saferedirecturl=\"https:\/\/www.google.com\/url?q=https:\/\/www.google.com\/url?rct%3Dj%26sa%3Dt%26url%3Dhttps:\/\/andaluciainforma.eldiario.es\/el-instituto-de-las-mujeres-ofrece-4-vias-de-ayudas-al-emprendimiento-con-microcreditos-de-hasta-25-000-euros\/%26ct%3Dga%26cd%3DCAEYACoUMTMwMTIyMTg5MDE4Mzk5NjI5NTYyGWMwMzcyZWJjMmZlYWRhNTk6ZXM6ZXM6RVM%26usg%3DAOvVaw0Dd7zP95pvju9pJusb03r9&amp;source=gmail&amp;ust=1703344034980000&amp;usg=AOvVaw0LdSG1cnyfzcld7l8riGxM\">El\u00a0Instituto\u00a0de las\u00a0Mujeres ofrece 4 v\u00edas de ayudas al emprendimiento con microcr\u00e9ditos de &#8230;-<\/a>an<a>daluc\u00eda informa<br \/>\n<\/a><a class=\"title\" href=\"https:\/\/revistalugardeencuentro.com\/2023\/12\/22\/el-cmma-ve-2024-como-una-oportunidad-para-el-impulso-definitivo-de-la-economia-azul-sostenible-en-andalucia\/\" target=\"_blank\" rel=\"noopener\" data-artpy=\"0\" data-author=\"revistalugardeencuentro\">El CMMA ve 2024 como una oportunidad para el impulso definitivo de la Econom\u00eda Azul Sostenible en Andaluc\u00eda<\/a>-revistalugardeencuentro<br \/>\n<a class=\"title\" href=\"https:\/\/www.diariodesevilla.es\/andalucia\/Diputacion-destinara-insercion-simulacion-empresas_0_1859515077.html\" target=\"_blank\" rel=\"noopener\" data-artpy=\"0\" data-author=\"Diario de Sevilla\">La Diputaci\u00f3n destinar\u00e1 900.000 euros para la inserci\u00f3n laboral a trav\u00e9s de la simulaci\u00f3n de empresas<\/a>-diariodesevilla<a><br \/>\n<\/a><\/p>\n<p><strong>Actualidad<br \/>\n<\/strong><a href=\"https:\/\/www.google.com\/url?rct=j&amp;sa=t&amp;url=https:\/\/www.almerianoticias.es\/la-junta-anima-a-regalar-juguetes-no-violentos-ni-sexistas-con-la-campana-las-reglas-del-juego-estan-cambiando\/&amp;ct=ga&amp;cd=CAEYACoUMTU0NjQwMzMwMjQ0NDM4MzgyODgyGWUyZGVmYTdkNWRhOTE1N2Q6ZXM6ZXM6RVM&amp;usg=AOvVaw1cpivBft0xK3oe7xIdfbEi\" target=\"_blank\" rel=\"noopener\" data-saferedirecturl=\"https:\/\/www.google.com\/url?q=https:\/\/www.google.com\/url?rct%3Dj%26sa%3Dt%26url%3Dhttps:\/\/www.almerianoticias.es\/la-junta-anima-a-regalar-juguetes-no-violentos-ni-sexistas-con-la-campana-las-reglas-del-juego-estan-cambiando\/%26ct%3Dga%26cd%3DCAEYACoUMTU0NjQwMzMwMjQ0NDM4MzgyODgyGWUyZGVmYTdkNWRhOTE1N2Q6ZXM6ZXM6RVM%26usg%3DAOvVaw1cpivBft0xK3oe7xIdfbEi&amp;source=gmail&amp;ust=1703344034215000&amp;usg=AOvVaw2gPDTh_YM4cwFx6IfDauAi\">La Junta anima a regalar juguetes no violentos ni sexistas con la campa\u00f1a &#8216;Las reglas del &#8230;-\u00a0<\/a><a>Almeria Noticia<br \/>\n<\/a><a class=\"title\" href=\"https:\/\/www.ideal.es\/granada\/area-metropolitana\/200-mamas-noeles-salen-calle-cabalgata-unica-20231222123036-nt.html\" target=\"_blank\" rel=\"noopener\" data-artpy=\"0\" data-author=\"ideal\">M\u00e1s de 200 &#8216;mam\u00e1s noeles&#8217; salen a la calle en una cabalgata \u00fanica en Espa\u00f1a<\/a>-ideal<a><br \/>\n<\/a><\/p>\n<p><b>Violencias<br \/>\n<\/b><a href=\"https:\/\/www.google.com\/url?rct=j&amp;sa=t&amp;url=https:\/\/www.juntadeandalucia.es\/presidencia\/portavoz\/social\/189039\/violencia\/genero\/mujeres\/grupos\/discapacidad\/ciberviolencia\/ObservatorioAndaluzcontralaViolenciadeGenero\/ConsejeriadeInclusionSocial\/Juventud\/FamiliaseIgualdad\/JuntadeAndalucia&amp;ct=ga&amp;cd=CAEYACoUMTY3Mjk2NTIwNzQzMDU2MTAwODQyGzlhYjFjZGQ3ZTM2NmVmMzg6ZXM6ZXM6RVM6Ug&amp;usg=AOvVaw1rquoMH9n5jf21a2ltyx46\" target=\"_blank\" rel=\"noopener\" data-saferedirecturl=\"https:\/\/www.google.com\/url?q=https:\/\/www.google.com\/url?rct%3Dj%26sa%3Dt%26url%3Dhttps:\/\/www.juntadeandalucia.es\/presidencia\/portavoz\/social\/189039\/violencia\/genero\/mujeres\/grupos\/discapacidad\/ciberviolencia\/ObservatorioAndaluzcontralaViolenciadeGenero\/ConsejeriadeInclusionSocial\/Juventud\/FamiliaseIgualdad\/JuntadeAndalucia%26ct%3Dga%26cd%3DCAEYACoUMTY3Mjk2NTIwNzQzMDU2MTAwODQyGzlhYjFjZGQ3ZTM2NmVmMzg6ZXM6ZXM6RVM6Ug%26usg%3DAOvVaw1rquoMH9n5jf21a2ltyx46&amp;source=gmail&amp;ust=1703175469381000&amp;usg=AOvVaw3nSquWzGVuYn7GAMXEa9M6\">Loles L\u00f3pez anuncia la creaci\u00f3n de dos grupos de trabajo de violencia de g\u00e9nero sobre &#8230;-\u00a0<\/a><a>Junta de Andaluc\u00eda<br \/>\n<\/a><a href=\"https:\/\/www.google.com\/url?rct=j&amp;sa=t&amp;url=https:\/\/www.diariodesevilla.es\/andalucia\/Observatorio-Violencia-Genero-discapacitadas-ciberviolencia_0_1858915496.html&amp;ct=ga&amp;cd=CAEYAyoUMTY3Mjk2NTIwNzQzMDU2MTAwODQyGzlhYjFjZGQ3ZTM2NmVmMzg6ZXM6ZXM6RVM6Ug&amp;usg=AOvVaw0O9AH2O4M1B5Yune25i0-Y\" target=\"_blank\" rel=\"noopener\" data-saferedirecturl=\"https:\/\/www.google.com\/url?q=https:\/\/www.google.com\/url?rct%3Dj%26sa%3Dt%26url%3Dhttps:\/\/www.diariodesevilla.es\/andalucia\/Observatorio-Violencia-Genero-discapacitadas-ciberviolencia_0_1858915496.html%26ct%3Dga%26cd%3DCAEYAyoUMTY3Mjk2NTIwNzQzMDU2MTAwODQyGzlhYjFjZGQ3ZTM2NmVmMzg6ZXM6ZXM6RVM6Ug%26usg%3DAOvVaw0O9AH2O4M1B5Yune25i0-Y&amp;source=gmail&amp;ust=1703175469382000&amp;usg=AOvVaw3wpqwFZWLKH1ZJW31yFrlp\">El Observatorio contra la Violencia de G\u00e9nero abordar\u00e1 la situaci\u00f3n de\u00a0<b>l<\/b>as mujeres &#8230;-\u00a0<\/a><a>Diario de Sevilla<br \/>\n<\/a><a href=\"https:\/\/www.google.com\/url?rct=j&amp;sa=t&amp;url=https:\/\/eldiariofeminista.info\/2023\/12\/21\/andalucia-concentra-su-atencion-en-la-violencia-de-genero-dirigida-a-mujeres-con-discapacidad-y-en-la-ciberviolencia-entre-adolescentes\/&amp;ct=ga&amp;cd=CAEYACoUMTAwNzE1NjQ1NjQyMDIyMTg3OTAyGTU5ZDc4MTcxMzZhMmQwMjg6ZXM6ZXM6RVM&amp;usg=AOvVaw3YVA5QtXpdOMQtj2WlNyjk\" target=\"_blank\" rel=\"noopener\" data-saferedirecturl=\"https:\/\/www.google.com\/url?q=https:\/\/www.google.com\/url?rct%3Dj%26sa%3Dt%26url%3Dhttps:\/\/eldiariofeminista.info\/2023\/12\/21\/andalucia-concentra-su-atencion-en-la-violencia-de-genero-dirigida-a-mujeres-con-discapacidad-y-en-la-ciberviolencia-entre-adolescentes\/%26ct%3Dga%26cd%3DCAEYACoUMTAwNzE1NjQ1NjQyMDIyMTg3OTAyGTU5ZDc4MTcxMzZhMmQwMjg6ZXM6ZXM6RVM%26usg%3DAOvVaw3YVA5QtXpdOMQtj2WlNyjk&amp;source=gmail&amp;ust=1703344038371000&amp;usg=AOvVaw367AL14UOqWR3DECEf1mfJ\">Andaluc\u00eda concentra su atenci\u00f3n en la violencia de g\u00e9nero dirigida a mujeres con &#8230;-\u00a0<\/a><a>Diario Feminista<\/a><\/p>\n<p><b>Ciencia y Cultura<br \/>\n<\/b><a class=\"title\" href=\"https:\/\/www.elnortedecastilla.es\/nacional\/andalucia-pone-marcha-supercomputador-hercules-potentes-espana-20231222110504-vi.html\" target=\"_blank\" rel=\"noopener\" data-artpy=\"0\" data-author=\"elnortedecastilla.es\">Andaluc\u00eda pone en marcha el supercomputador &#8216;H\u00e9rcules&#8217;, \u00abuno de los m\u00e1s potentes de Espa\u00f1a\u00bb<\/a>-elnortedecastilla<b><br \/>\n<\/b><a href=\"https:\/\/www.google.com\/url?rct=j&amp;sa=t&amp;url=https:\/\/www.uca.es\/noticia\/medio-millar-de-adolescentes-participan-en-la-ii-feria-agenda-2030-de-cooperacion-y-educacion-para-el-desarrollo-en-cadiz\/&amp;ct=ga&amp;cd=CAEYAioUMTY1MDY3NjY5OTU1NjE2ODE1NjgyGTU5ZDc4MTcxMzZhMmQwMjg6ZXM6ZXM6RVM&amp;usg=AOvVaw2i4WuB4hx0S6tYm2ZyDPf_\" target=\"_blank\" rel=\"noopener\" data-saferedirecturl=\"https:\/\/www.google.com\/url?q=https:\/\/www.google.com\/url?rct%3Dj%26sa%3Dt%26url%3Dhttps:\/\/www.uca.es\/noticia\/medio-millar-de-adolescentes-participan-en-la-ii-feria-agenda-2030-de-cooperacion-y-educacion-para-el-desarrollo-en-cadiz\/%26ct%3Dga%26cd%3DCAEYAioUMTY1MDY3NjY5OTU1NjE2ODE1NjgyGTU5ZDc4MTcxMzZhMmQwMjg6ZXM6ZXM6RVM%26usg%3DAOvVaw2i4WuB4hx0S6tYm2ZyDPf_&amp;source=gmail&amp;ust=1703175473278000&amp;usg=AOvVaw3yzVlQBo0Dxotg0fCHVqbb\">500 j\u00f3venes participan en la II Feria Agenda 2030 de Cooperaci\u00f3n al Desarrollo y &#8230; &#8211;\u00a0<\/a><a>UCA<br \/>\n<\/a><a class=\"title\" href=\"https:\/\/www.diariodesevilla.es\/ocio\/HappeningVol1-Estadio-Olimpico-Creacion-Contemporanea-video_0_1859216106.html\" target=\"_blank\" rel=\"noopener\" data-artpy=\"0\" data-author=\"Diario de Sevilla\">La creaci\u00f3n andaluza muestra sus trabajos en el Estadio de la Cartuja<\/a>-diariodesevilla<br \/>\n<a class=\"title\" href=\"https:\/\/www.europapress.es\/andalucia\/huelva-00354\/noticia-caixabank-colabora-academia-cine-andalucia-premios-carmen-celebraran-huelva-2024-20231218162512.html\" target=\"_blank\" rel=\"noopener\" data-artpy=\"0\" data-author=\"Europa Press\">CaixaBank colabora con la Academia de Cine de Andaluc\u00eda y sus Premios Carmen, que se celebrar\u00e1n en Huelva en 2024<\/a>-europapress<a><br \/>\n<\/a><\/p>\n<p><strong>Deporte<br \/>\n<\/strong><a class=\"title\" href=\"https:\/\/cadenaser.com\/rioja\/2023\/12\/22\/el-camino-hacia-la-inclusion-de-la-mujer-en-el-deporte-pasa-por-el-trabajo-colectivo-radio-rioja\/\" target=\"_blank\" rel=\"noopener\" data-artpy=\"0\" data-author=\"Cadena SER\">\u00abEl camino hacia la inclusi\u00f3n de la mujer en el deporte pasa por el trabajo colectivo\u00bb<\/a>-ser<a><br \/>\n<\/a><\/p>\n<\/div>\n<\/div>\n<\/div>\n<\/div>\n<div id=\"\" class=\"lsow-panel lsow-active\">\n<h1 class=\"lsow-panel-title\">Estado<\/h1>\n<div class=\"lsow-panel-content\">\n<p><strong>Institucional<\/strong><strong><br \/>\n<\/strong><a href=\"https:\/\/www.google.com\/url?rct=j&amp;sa=t&amp;url=https:\/\/www.hispanidad.com\/politica\/espana\/pilar-cancela-nueva-secretaria-estado-migraciones-apoya-aborto-matrimonio-homosexual_12047414_102.html&amp;ct=ga&amp;cd=CAEYACoUMTAzNTcyOTYxODM3MzkyOTg5MDQyGTU5ZDc4MTcxMzZhMmQwMjg6ZXM6ZXM6RVM&amp;usg=AOvVaw3l8CsNAErt9-kMrWh1ldTj\" target=\"_blank\" rel=\"noopener\" data-saferedirecturl=\"https:\/\/www.google.com\/url?q=https:\/\/www.google.com\/url?rct%3Dj%26sa%3Dt%26url%3Dhttps:\/\/www.hispanidad.com\/politica\/espana\/pilar-cancela-nueva-secretaria-estado-migraciones-apoya-aborto-matrimonio-homosexual_12047414_102.html%26ct%3Dga%26cd%3DCAEYACoUMTAzNTcyOTYxODM3MzkyOTg5MDQyGTU5ZDc4MTcxMzZhMmQwMjg6ZXM6ZXM6RVM%26usg%3DAOvVaw3l8CsNAErt9-kMrWh1ldTj&amp;source=gmail&amp;ust=1703175473333000&amp;usg=AOvVaw2Oyq129cxB5tm9IGHELLCZ\">Pilar Cancela, nueva secretaria de Estado de Migraciones,&#8230; &#8211;\u00a0<\/a><a>Hispanidad<br \/>\n<\/a><a href=\"https:\/\/www.google.com\/url?rct=j&amp;sa=t&amp;url=https:\/\/www.animalshealth.es\/profesionales\/ana-rodriguez-castano-nueva-directora-general-de-producciones-y-mercados-agrarios-ministerio-agricultura-mapa&amp;ct=ga&amp;cd=CAEYACoTOTU1NzM4MjQ5NzE1NDQ5ODQ2OTIZYzAzNzJlYmMyZmVhZGE1OTplczplczpFUw&amp;usg=AOvVaw0o0mY0GPDmEyFCXDRn-iyb\" target=\"_blank\" rel=\"noopener\" data-saferedirecturl=\"https:\/\/www.google.com\/url?q=https:\/\/www.google.com\/url?rct%3Dj%26sa%3Dt%26url%3Dhttps:\/\/www.animalshealth.es\/profesionales\/ana-rodriguez-castano-nueva-directora-general-de-producciones-y-mercados-agrarios-ministerio-agricultura-mapa%26ct%3Dga%26cd%3DCAEYACoTOTU1NzM4MjQ5NzE1NDQ5ODQ2OTIZYzAzNzJlYmMyZmVhZGE1OTplczplczpFUw%26usg%3DAOvVaw0o0mY0GPDmEyFCXDRn-iyb&amp;source=gmail&amp;ust=1703344034446000&amp;usg=AOvVaw1kisi4EETraq8oolsUzhM5\">Ana Rodr\u00edguez Casta\u00f1o, nueva directora general de Producciones y Mercados Agrarios-\u00a0<\/a><a>Animal&#8217;s Health<\/a><\/p>\n<p><strong>Institucional &#8211; CCAA<br \/>\n<\/strong><a class=\"title\" href=\"https:\/\/www.galiciapress.es\/articulo\/ultima-hora\/2023-12-22\/4659077-xunta-celebra-6-encuentro-mujeres-emprendedoras-programa-distribuyo-ano-48-millones-euros\" target=\"_blank\" rel=\"noopener\" data-artpy=\"0\" data-author=\"galiciapress\">Xunta celebra el 6\u00ba encuentro de mujeres emprendedoras con un programa que distribuy\u00f3 este a\u00f1o 4,8 millones de euros<\/a>-galiciapress<strong><br \/>\n<\/strong><a href=\"https:\/\/www.google.com\/url?rct=j&amp;sa=t&amp;url=https:\/\/www.lavanguardia.com\/local\/aragon\/20231221\/9467603\/vaquero-apuesta-desarrollar-talento-aragones-programa-dirigido-mujeres-alto-potencial-agenciaslv20231221.html&amp;ct=ga&amp;cd=CAEYACoSODQyMjk4NjQwNzkzNjE4ODA5MhtlMGY1ODY4OTdiNWY3ODNlOmVzOmVzOkVTOkw&amp;usg=AOvVaw0rEbxCd_B3tm-svpmnzyqj\" target=\"_blank\" rel=\"noopener\" data-saferedirecturl=\"https:\/\/www.google.com\/url?q=https:\/\/www.google.com\/url?rct%3Dj%26sa%3Dt%26url%3Dhttps:\/\/www.lavanguardia.com\/local\/aragon\/20231221\/9467603\/vaquero-apuesta-desarrollar-talento-aragones-programa-dirigido-mujeres-alto-potencial-agenciaslv20231221.html%26ct%3Dga%26cd%3DCAEYACoSODQyMjk4NjQwNzkzNjE4ODA5MhtlMGY1ODY4OTdiNWY3ODNlOmVzOmVzOkVTOkw%26usg%3DAOvVaw0rEbxCd_B3tm-svpmnzyqj&amp;source=gmail&amp;ust=1703344036649000&amp;usg=AOvVaw0TdL0OCsA_YU4uU4mvyfsn\">Vaquero apuesta por \u00abdesarrollar el talento aragon\u00e9s\u00bb con el programa dirigido a mujeres &#8230;-<\/a><a>La Vanguardia<br \/>\n<\/a><a href=\"https:\/\/www.google.com\/url?rct=j&amp;sa=t&amp;url=https:\/\/www.juntaex.es\/w\/el-instituto-de-la-mujer-trabajara-para-concienciar-a-toda-la-ciudadania-en-la-lucha-contra-cualquier-violencia-hacia-las-mujeres&amp;ct=ga&amp;cd=CAEYACoUMTQyMjAyMDMzMzU4MTMyMTM4MTUyGWMwMzcyZWJjMmZlYWRhNTk6ZXM6ZXM6RVM&amp;usg=AOvVaw1OGYZT5Dz7KDIk0OKfugkv\" target=\"_blank\" rel=\"noopener\" data-saferedirecturl=\"https:\/\/www.google.com\/url?q=https:\/\/www.google.com\/url?rct%3Dj%26sa%3Dt%26url%3Dhttps:\/\/www.juntaex.es\/w\/el-instituto-de-la-mujer-trabajara-para-concienciar-a-toda-la-ciudadania-en-la-lucha-contra-cualquier-violencia-hacia-las-mujeres%26ct%3Dga%26cd%3DCAEYACoUMTQyMjAyMDMzMzU4MTMyMTM4MTUyGWMwMzcyZWJjMmZlYWRhNTk6ZXM6ZXM6RVM%26usg%3DAOvVaw1OGYZT5Dz7KDIk0OKfugkv&amp;source=gmail&amp;ust=1703344034781000&amp;usg=AOvVaw2Ynsy1mJMtVmhh9en0xN8m\">El Instituto de la Mujer trabajar\u00e1 para concienciar a toda la ciudadan\u00eda en la lucha contra &#8230;-<\/a><a>juntaex<br \/>\n<\/a><a href=\"https:\/\/www.google.com\/url?rct=j&amp;sa=t&amp;url=https:\/\/nuevecuatrouno.com\/2023\/12\/21\/gobierno-rioja-impulsa-igualdad-ambito-deportivo-campana-sensibilizacion-mujer-deporte\/&amp;ct=ga&amp;cd=CAEYByoTODQ5MDQzMjUwNDQ4NDUxNTIyOTIZYzAzNzJlYmMyZmVhZGE1OTplczplczpFUw&amp;usg=AOvVaw0bSFNgOcOQQK1nFxd65f8A\" target=\"_blank\" rel=\"noopener\" data-saferedirecturl=\"https:\/\/www.google.com\/url?q=https:\/\/www.google.com\/url?rct%3Dj%26sa%3Dt%26url%3Dhttps:\/\/nuevecuatrouno.com\/2023\/12\/21\/gobierno-rioja-impulsa-igualdad-ambito-deportivo-campana-sensibilizacion-mujer-deporte\/%26ct%3Dga%26cd%3DCAEYByoTODQ5MDQzMjUwNDQ4NDUxNTIyOTIZYzAzNzJlYmMyZmVhZGE1OTplczplczpFUw%26usg%3DAOvVaw0bSFNgOcOQQK1nFxd65f8A&amp;source=gmail&amp;ust=1703344034808000&amp;usg=AOvVaw3GholLddRonR-QqzT_iNtt\">El Gobierno de La Rioja impulsa la igualdad en el \u00e1mbito deportivo &#8211;\u00a0<\/a><a>NueveCuatroUno<br \/>\n<\/a><a href=\"https:\/\/www.google.com\/url?rct=j&amp;sa=t&amp;url=https:\/\/www.regiondigital.com\/noticias\/portada\/388556-imex-luchara-contra-malgasto-que-suponia-desdoblamiento-con-la-consejeria-de-igualdad.html&amp;ct=ga&amp;cd=CAEYACoTNTE5NzE1MjkzMDcxMzc0Mzg3NzIZYzAzNzJlYmMyZmVhZGE1OTplczplczpFUw&amp;usg=AOvVaw3iqqvwtdiBMhDqhrX6NniE\" target=\"_blank\" rel=\"noopener\" data-saferedirecturl=\"https:\/\/www.google.com\/url?q=https:\/\/www.google.com\/url?rct%3Dj%26sa%3Dt%26url%3Dhttps:\/\/www.regiondigital.com\/noticias\/portada\/388556-imex-luchara-contra-malgasto-que-suponia-desdoblamiento-con-la-consejeria-de-igualdad.html%26ct%3Dga%26cd%3DCAEYACoTNTE5NzE1MjkzMDcxMzc0Mzg3NzIZYzAzNzJlYmMyZmVhZGE1OTplczplczpFUw%26usg%3DAOvVaw3iqqvwtdiBMhDqhrX6NniE&amp;source=gmail&amp;ust=1703344034877000&amp;usg=AOvVaw1tQ1zX1bP4qPI6Yx8XohzD\">IMEx luchar\u00e1 contra \u00abmalgasto\u00bb que supon\u00eda \u00abdesdoblamiento\u00bb con la Consejer\u00eda de Igualdad-\u00a0<\/a><a>Regi\u00f3n Digital<br \/>\n<\/a><a href=\"https:\/\/www.google.com\/url?rct=j&amp;sa=t&amp;url=https:\/\/gaceta.es\/economia\/madrid-andalucia-y-galicia-gastaran-mas-de-200-millones-de-euros-en-igualdad-en-2024-20231222-0500\/&amp;ct=ga&amp;cd=CAEYAyoUMTE3OTk1MTk2NDE2NTcyNTg0NDAyGWMwMzcyZWJjMmZlYWRhNTk6ZXM6ZXM6RVM&amp;usg=AOvVaw2SIR5rmPH0bPoZi-Xt7UTk\" target=\"_blank\" rel=\"noopener\" data-saferedirecturl=\"https:\/\/www.google.com\/url?q=https:\/\/www.google.com\/url?rct%3Dj%26sa%3Dt%26url%3Dhttps:\/\/gaceta.es\/economia\/madrid-andalucia-y-galicia-gastaran-mas-de-200-millones-de-euros-en-igualdad-en-2024-20231222-0500\/%26ct%3Dga%26cd%3DCAEYAyoUMTE3OTk1MTk2NDE2NTcyNTg0NDAyGWMwMzcyZWJjMmZlYWRhNTk6ZXM6ZXM6RVM%26usg%3DAOvVaw2SIR5rmPH0bPoZi-Xt7UTk&amp;source=gmail&amp;ust=1703344035025000&amp;usg=AOvVaw0m8i6Sgo2LAgXt3rv9j50o\">Madrid, Andaluc\u00eda y Galicia gastar\u00e1n m\u00e1s de 200 millones de euros en Igualdad en 2024-\u00a0<\/a><a>lagaceta<\/a><\/p>\n<p><strong>Econom\u00eda y Empresa<br \/>\n<\/strong><a class=\"title\" href=\"https:\/\/www.msn.com\/es-es\/dinero\/economia\/calvi%C3%B1o-tomar%C3%A1-posesi%C3%B3n-como-presidenta-del-bei-el-1-de-enero-y-s%C3%A1nchez-designar%C3%A1-a-su-sustituto-pronto\/ar-AA1lUdXN\" target=\"_blank\" rel=\"noopener\" data-artpy=\"0\" data-author=\"Expansi\u00f3n.com on MSN\">Calvi\u00f1o tomar\u00e1 posesi\u00f3n de su cargo al frente del BEI el 1 de enero y S\u00e1nchez designar\u00e1 a su sustituto pronto-\u00a0<\/a>msn<strong><br \/>\n<\/strong><a class=\"title\" href=\"https:\/\/www.msn.com\/es-es\/noticias\/espana\/las-25-personas-m%C3%A1s-influyentes-en-espa%C3%B1a-en-el-%C3%A1rea-de-la-gastronom%C3%ADa\/ar-AA1lSAha\" target=\"_blank\" rel=\"noopener\" data-artpy=\"0\" data-author=\"Merca2.es on MSN\">Las 25 personas m\u00e1s influyentes en Espa\u00f1a en el \u00e1rea de la gastronom\u00eda<\/a>-merca2<a><br \/>\n<\/a><\/p>\n<p><strong>Actualidad<br \/>\n<\/strong><a href=\"https:\/\/www.google.com\/url?rct=j&amp;sa=t&amp;url=https:\/\/elpais.com\/planeta-futuro\/red-de-expertos\/2023-12-20\/no-hay-democracia-sin-igualdad-de-genero.html&amp;ct=ga&amp;cd=CAEYACoUMTcwMDczMjkzNjYyMDg5ODI2MjIyGWUyZGVmYTdkNWRhOTE1N2Q6ZXM6ZXM6RVM&amp;usg=AOvVaw0Thi0iUu0f97AKPJ8N0Jk6\" target=\"_blank\" rel=\"noopener\" data-saferedirecturl=\"https:\/\/www.google.com\/url?q=https:\/\/www.google.com\/url?rct%3Dj%26sa%3Dt%26url%3Dhttps:\/\/elpais.com\/planeta-futuro\/red-de-expertos\/2023-12-20\/no-hay-democracia-sin-igualdad-de-genero.html%26ct%3Dga%26cd%3DCAEYACoUMTcwMDczMjkzNjYyMDg5ODI2MjIyGWUyZGVmYTdkNWRhOTE1N2Q6ZXM6ZXM6RVM%26usg%3DAOvVaw0Thi0iUu0f97AKPJ8N0Jk6&amp;source=gmail&amp;ust=1703344033971000&amp;usg=AOvVaw1cL4mrYB2jTfkcD6wZ-HP5\">No hay democracia sin igualdad de\u00a0g\u00e9nero | Red de expertos | Planeta Futuro &#8211;\u00a0<\/a><a>EL PA\u00cdS<br \/>\n<\/a><a href=\"https:\/\/www.google.com\/url?rct=j&amp;sa=t&amp;url=https:\/\/www.20minutos.es\/noticia\/5201560\/0\/una-senal-quimica-las-lagrimas-femeninas-reduce-agresividad-los-hombres\/&amp;ct=ga&amp;cd=CAEYAioUMTMwMTIyMTg5MDE4Mzk5NjI5NTYyGWMwMzcyZWJjMmZlYWRhNTk6ZXM6ZXM6RVM&amp;usg=AOvVaw0lqTvV2foF2m-d5T2aAPFs\" target=\"_blank\" rel=\"noopener\" data-saferedirecturl=\"https:\/\/www.google.com\/url?q=https:\/\/www.google.com\/url?rct%3Dj%26sa%3Dt%26url%3Dhttps:\/\/www.20minutos.es\/noticia\/5201560\/0\/una-senal-quimica-las-lagrimas-femeninas-reduce-agresividad-los-hombres\/%26ct%3Dga%26cd%3DCAEYAioUMTMwMTIyMTg5MDE4Mzk5NjI5NTYyGWMwMzcyZWJjMmZlYWRhNTk6ZXM6ZXM6RVM%26usg%3DAOvVaw0lqTvV2foF2m-d5T2aAPFs&amp;source=gmail&amp;ust=1703344034980000&amp;usg=AOvVaw3TuB_0lQekeiYX5fbKPLxf\">Una se\u00f1al qu\u00edmica en las l\u00e1grimas femeninas reduce la agresividad en los hombres-\u00a0<\/a><a>20Minutos<br \/>\n<\/a><a href=\"https:\/\/www.google.com\/url?rct=j&amp;sa=t&amp;url=https:\/\/efe.com\/espana\/2023-12-21\/educacion-sexual-espana-estancamiento-empeoramiento\/&amp;ct=ga&amp;cd=CAEYACoTODIwMjE5NDUxNjkzNTQ1NDg1NDIZYzAzNzJlYmMyZmVhZGE1OTplczplczpFUw&amp;usg=AOvVaw3G07Shz41gyIoSB2Eh_TVS\" target=\"_blank\" rel=\"noopener\" data-saferedirecturl=\"https:\/\/www.google.com\/url?q=https:\/\/www.google.com\/url?rct%3Dj%26sa%3Dt%26url%3Dhttps:\/\/efe.com\/espana\/2023-12-21\/educacion-sexual-espana-estancamiento-empeoramiento\/%26ct%3Dga%26cd%3DCAEYACoTODIwMjE5NDUxNjkzNTQ1NDg1NDIZYzAzNzJlYmMyZmVhZGE1OTplczplczpFUw%26usg%3DAOvVaw3G07Shz41gyIoSB2Eh_TVS&amp;source=gmail&amp;ust=1703344034767000&amp;usg=AOvVaw0OsQFC1SYAVTdL57k1mEH3\">La educaci\u00f3n sexual se estanca en Espa\u00f1a y tiene consecuencias &#8211;<\/a><a>Agencia EFE<\/a><strong><br \/>\n<\/strong><\/p>\n<p><strong>Ciencia y Cultura<br \/>\n<\/strong><a class=\"title\" href=\"https:\/\/www.diariosigloxxi.com\/texto-ep\/mostrar\/20231222141949\/cultura-concede-ayudas-veintena-proyectos-salvaguarda-patrimonio-221648-euros\" target=\"_blank\" rel=\"noopener\" data-artpy=\"0\" data-author=\"Diario Siglo XXI\">Cultura concede ayudas a m\u00e1s de una veintena de proyectos para salvaguarda de patrimonio por 221.648 euros<\/a><strong>&#8211;<\/strong>diariosigloxxi<br \/>\n<a href=\"https:\/\/www.google.com\/url?rct=j&amp;sa=t&amp;url=https:\/\/www.lavanguardia.com\/vida\/20231221\/9467664\/antonia-varela-nueva-directora-museo-ciencia-cosmos-agenciaslv20231221.html&amp;ct=ga&amp;cd=CAEYASoUMTI4MDc0NjE4MzUwMjY5MDc4NTAyGWMwMzcyZWJjMmZlYWRhNTk6ZXM6ZXM6RVM&amp;usg=AOvVaw14GBfJDxryrXWw1Syrfy1g\" target=\"_blank\" rel=\"noopener\" data-saferedirecturl=\"https:\/\/www.google.com\/url?q=https:\/\/www.google.com\/url?rct%3Dj%26sa%3Dt%26url%3Dhttps:\/\/www.lavanguardia.com\/vida\/20231221\/9467664\/antonia-varela-nueva-directora-museo-ciencia-cosmos-agenciaslv20231221.html%26ct%3Dga%26cd%3DCAEYASoUMTI4MDc0NjE4MzUwMjY5MDc4NTAyGWMwMzcyZWJjMmZlYWRhNTk6ZXM6ZXM6RVM%26usg%3DAOvVaw14GBfJDxryrXWw1Syrfy1g&amp;source=gmail&amp;ust=1703344034916000&amp;usg=AOvVaw08bBjQ63wDLZumwF-gWnyb\">Antonia Varela, nueva directora del Museo de la Ciencia y el Cosmos &#8211;\u00a0<\/a><a>La Vanguardia<br \/>\n<\/a><a class=\"title\" href=\"https:\/\/www.cope.es\/actualidad\/espana\/noticias\/brecha-genero-audiovisual-faltan-proyectos-mujeres-animacion-largos-ficcion-20231222_3064603\" target=\"_blank\" rel=\"noopener\" data-artpy=\"0\" data-author=\"COPE\">La brecha de g\u00e9nero en el audiovisual: faltan proyectos de mujeres en animaci\u00f3n y largos de ficci\u00f3n<\/a>-cope<br \/>\n<a class=\"title\" href=\"https:\/\/www.msn.com\/es-es\/entretenimiento\/other\/silvia-de-p%C3%A9-actriz-en-este-pa%C3%ADs-se-valora-muy-poco-la-cultura-y-sin-ella-nos-mustiamos-como-una-planta\/ar-AA1lSr9s\" target=\"_blank\" rel=\"noopener\" data-artpy=\"0\" data-author=\"Heraldo on MSN\">Silvia de P\u00e9 (actriz): \u00abEn este pa\u00eds se valora muy poco la cultura y sin ella nos mustiamos como una planta\u00bb<\/a>-heraldo<br \/>\n<a class=\"title\" href=\"https:\/\/www.levante-emv.com\/cultura\/2023\/12\/22\/colonialismo-deforestacion-muvim-96179285.html\" target=\"_blank\" rel=\"noopener\" data-artpy=\"0\" data-author=\"Levante-EMV\">Colonialismo y deforestaci\u00f3n en el MuVIM<\/a>-levante-emv<br \/>\n<a class=\"title\" href=\"https:\/\/www.larazon.es\/madrid\/creatitis-espacio-romper-barreras-mundo-arte-hecho-mujeres_20231217657e4df229f31800017d3a7a.html\" target=\"_blank\" rel=\"noopener\" data-artpy=\"0\" data-author=\"La Raz\u00f3n Digital\">Creatitis: un espacio para romper barreras en el mundo del arte hecho por mujeres<\/a>-larazon<\/p>\n<p><strong>Deporte<br \/>\n<\/strong><a class=\"title\" href=\"https:\/\/www.farodevigo.es\/deportes\/2023\/12\/22\/uribes-asume-presidencia-csd-prometiendo-96148470.html\" target=\"_blank\" rel=\"noopener\" data-artpy=\"0\" data-author=\"Faro de Vigo\">Uribes asume la presidencia del CSD prometiendo m\u00e1s atenci\u00f3n al deporte femenino<\/a>-farodevigo<strong><br \/>\n<\/strong><a class=\"title\" href=\"https:\/\/www.msn.com\/es-es\/estilo\/shopping\/marta-garc%C3%ADa-piloto-y-campeona-del-mundo-de-f1-academy\/ar-AA1lUcP5\" target=\"_blank\" rel=\"noopener\" data-artpy=\"0\" data-author=\"ELLE Espa\u00f1a on MSN\">Marta Garc\u00eda, piloto y campeona del mundo de F1 Academy<\/a><strong>&#8211;<\/strong>elle<\/p>\n<\/div>\n<\/div>\n<div id=\"\" class=\"lsow-panel lsow-active\">\n<h1 class=\"lsow-panel-title\">Internacional<\/h1>\n<div class=\"lsow-panel-content\">\n<p><a class=\"title\" href=\"https:\/\/es-us.noticias.yahoo.com\/aprendimos-econom%C3%ADa-2023-gracias-tendencias-154903603.html\" target=\"_blank\" rel=\"noopener\" data-artpy=\"0\" data-author=\"Yahoo Noticias en Espa\u00f1ol\">Lo que aprendimos de la econom\u00eda de 2023 gracias a las tendencias sociales<\/a>-yahoo<br \/>\n<a class=\"title\" href=\"https:\/\/elcapitalfinanciero.com\/mujeres-empleadas-en-el-sector-turistico-mundial-crece-un-24-desde-2010-segun-wttc\/\" target=\"_blank\" rel=\"noopener\" data-artpy=\"0\" data-author=\"El Capital Financiero\">Mujeres empleadas en el sector tur\u00edstico mundial crece un 24% desde 2010, seg\u00fan WTTC<\/a>-elcapitalfinanciero<br \/>\n<a class=\"title\" href=\"https:\/\/www.ideal.es\/internacional\/europa\/ekaterina-duntsova-candidata-elecciones-rusia-2024-20231221163745-ntrc.html\" target=\"_blank\" rel=\"noopener\" data-artpy=\"0\" data-author=\"ideal\">Ekaterina Duntsova, la mujer que quiere derrocar a Putin<\/a>-ideal<br \/>\n<a href=\"https:\/\/www.google.com\/url?rct=j&amp;sa=t&amp;url=https:\/\/www.publico.es\/mujer\/feminista-luciana-peker-exilia-argentina.html&amp;ct=ga&amp;cd=CAEYBCoTNzAwMDAxMzA4MjQxNTg0MDUwNjIZYzAzNzJlYmMyZmVhZGE1OTplczplczpFUw&amp;usg=AOvVaw01wzPhN2TWBsNk9y9OZbjL\" target=\"_blank\" rel=\"noopener\" data-saferedirecturl=\"https:\/\/www.google.com\/url?q=https:\/\/www.google.com\/url?rct%3Dj%26sa%3Dt%26url%3Dhttps:\/\/www.publico.es\/mujer\/feminista-luciana-peker-exilia-argentina.html%26ct%3Dga%26cd%3DCAEYBCoTNzAwMDAxMzA4MjQxNTg0MDUwNjIZYzAzNzJlYmMyZmVhZGE1OTplczplczpFUw%26usg%3DAOvVaw01wzPhN2TWBsNk9y9OZbjL&amp;source=gmail&amp;ust=1703344034613000&amp;usg=AOvVaw07jMqXvuN6Xd9VtJ6Y6cww\">La feminista Luciana Peker se exilia de Argentina &#8211;\u00a0<\/a><a>Diario P\u00fablico<br \/>\n<\/a><a class=\"title\" title=\"Anahita Nassir, pol\u00edtologa hispano-iran\u00ed: &quot;El movimiento de las mujeres iran\u00edes no ha muerto, hay brasas y falta que la chispa vuelva&quot;\" href=\"https:\/\/www.elperiodico.com\/es\/internacional\/20231222\/anahita-nassir-politologa-hispano-irani-movimiento-mujeres-iran-no-ha-muerto-hay-brasas-falta-chispa-96038706\" target=\"_blank\" rel=\"noopener\" data-artpy=\"0\" data-author=\"El Peri\u00f3dico\">Anahita Nassir, pol\u00edtologa hispano-iran\u00ed: \u00abEl movimiento de las mujeres iran\u00edes no ha muerto, hay brasas y falta que la chispa<\/a>-elperiodico<a><br \/>\n<\/a><a href=\"https:\/\/www.google.com\/url?rct=j&amp;sa=t&amp;url=https:\/\/elpais.com\/america-futura\/2023-12-21\/mariposas-libres-las-mujeres-garifunas-se-unen-para-combatir-la-violencia-de-genero.html&amp;ct=ga&amp;cd=CAEYACoSMjY0NDQyMTYzNTkzNTIyMjc1MhllMmRlZmE3ZDVkYTkxNTdkOmVzOmVzOkVT&amp;usg=AOvVaw1fXjVasJEg57GqWdmDu7m5\" target=\"_blank\" rel=\"noopener\" data-saferedirecturl=\"https:\/\/www.google.com\/url?q=https:\/\/www.google.com\/url?rct%3Dj%26sa%3Dt%26url%3Dhttps:\/\/elpais.com\/america-futura\/2023-12-21\/mariposas-libres-las-mujeres-garifunas-se-unen-para-combatir-la-violencia-de-genero.html%26ct%3Dga%26cd%3DCAEYACoSMjY0NDQyMTYzNTkzNTIyMjc1MhllMmRlZmE3ZDVkYTkxNTdkOmVzOmVzOkVT%26usg%3DAOvVaw1fXjVasJEg57GqWdmDu7m5&amp;source=gmail&amp;ust=1703344034240000&amp;usg=AOvVaw1fCd6NvDcjad-SfNl0FUUo\">Mariposas libres&#8217;: las mujeres gar\u00edfunas se unen para combatir la\u00a0violencia de g\u00e9nero<b>&#8211;\u00a0<\/b><\/a><a>EL PA\u00cdS<br \/>\n<\/a><a href=\"https:\/\/www.google.com\/url?rct=j&amp;sa=t&amp;url=https:\/\/www.lanacion.com.ar\/sabado\/huesos-y-obras-congeladas-quien-es-nat-orlowski-la-mujer-que-retrato-la-luna-nid21122023\/&amp;ct=ga&amp;cd=CAEYECoTMzYzMjE3NDQ5NDk3MjU1OTEzNDIZYzAzNzJlYmMyZmVhZGE1OTplczplczpFUw&amp;usg=AOvVaw2ORrXCKoOWmDpEpcXK4gnA\" target=\"_blank\" rel=\"noopener\" data-saferedirecturl=\"https:\/\/www.google.com\/url?q=https:\/\/www.google.com\/url?rct%3Dj%26sa%3Dt%26url%3Dhttps:\/\/www.lanacion.com.ar\/sabado\/huesos-y-obras-congeladas-quien-es-nat-orlowski-la-mujer-que-retrato-la-luna-nid21122023\/%26ct%3Dga%26cd%3DCAEYECoTMzYzMjE3NDQ5NDk3MjU1OTEzNDIZYzAzNzJlYmMyZmVhZGE1OTplczplczpFUw%26usg%3DAOvVaw2ORrXCKoOWmDpEpcXK4gnA&amp;source=gmail&amp;ust=1703344034858000&amp;usg=AOvVaw0ZHk6_ZhPIme7E2k3mvuZ7\">Qui\u00e9n es Nat Orlowski, la\u00a0mujer que retrat\u00f3 la luna &#8211;\u00a0<\/a><a>La Naci\u00f3n<\/a><\/p>\n<\/div>\n<\/div>\n<\/div><\/div><\/div><\/div><\/div>\n","protected":false},"excerpt":{"rendered":"<p>Lo que aprendimos de la econom\u00eda de 2023 gracias a las tendencias sociales * No hay democracia sin igualdad de g\u00e9nero * La educaci\u00f3n sexual se estanca en Espa\u00f1a y tiene consecuencias * Uribes (CSD) promete m\u00e1s atenci\u00f3n al deporte femenino<\/p>\n","protected":false},"author":3,"featured_media":22909,"comment_status":"closed","ping_status":"closed","sticky":false,"template":"","format":"standard","meta":{"footnotes":""},"categories":[298,621],"tags":[232,106,112],"class_list":["post-20817","post","type-post","status-publish","format-standard","has-post-thumbnail","hentry","category-newsletter","category-nwl-3-0","tag-deporte-femenino","tag-economia","tag-estereotipos"],"yoast_head":"<!-- This site is optimized with the Yoast SEO plugin v27.5 - https:\/\/yoast.com\/product\/yoast-seo-wordpress\/ -->\n<title>Noticias Info CKL n\u00ba 2839-19\/12\/23-Comunicar con perspectiva de g\u00e9nero<\/title>\n<meta name=\"description\" content=\"Noticias Info CKL n\u00ba 2840-22\/12\/23 Lo que aprendimos de la econom\u00eda de 2023 gracias a las tendencias sociales * No hay democracia sin igualdad de g\u00e9nero * La educaci\u00f3n sexual se estanca en Espa\u00f1a y tiene consecuencias * Uribes (CSD) promete m\u00e1s atenci\u00f3n al deporte femenino\" \/>\n<meta name=\"robots\" content=\"index, follow, max-snippet:-1, max-image-preview:large, max-video-preview:-1\" \/>\n<link rel=\"canonical\" href=\"https:\/\/cklcomunicaciones.es\/coop\/noticias-info-ckl-no-2840-22-12-23\/\" \/>\n<meta property=\"og:locale\" content=\"es_ES\" \/>\n<meta property=\"og:type\" content=\"article\" \/>\n<meta property=\"og:title\" content=\"Noticias Info CKL n\u00ba 2839-19\/12\/23-Comunicar con perspectiva de g\u00e9nero\" \/>\n<meta property=\"og:description\" content=\"Noticias Info CKL n\u00ba 2840-22\/12\/23 Lo que aprendimos de la econom\u00eda de 2023 gracias a las tendencias sociales * No hay democracia sin igualdad de g\u00e9nero * La educaci\u00f3n sexual se estanca en Espa\u00f1a y tiene consecuencias * Uribes (CSD) promete m\u00e1s atenci\u00f3n al deporte femenino\" \/>\n<meta property=\"og:url\" content=\"https:\/\/cklcomunicaciones.es\/coop\/noticias-info-ckl-no-2840-22-12-23\/\" \/>\n<meta property=\"og:site_name\" content=\"CKL Comunicaciones\" \/>\n<meta property=\"article:published_time\" content=\"2023-12-22T17:27:05+00:00\" \/>\n<meta property=\"article:modified_time\" content=\"2025-02-07T15:26:09+00:00\" \/>\n<meta property=\"og:image\" content=\"https:\/\/cklcomunicaciones.es\/coop\/wp-content\/uploads\/2025\/01\/CKL-una-mirada-distinta-de-la-comunicacion.jpg\" \/>\n\t<meta property=\"og:image:width\" content=\"1482\" \/>\n\t<meta property=\"og:image:height\" content=\"775\" \/>\n\t<meta property=\"og:image:type\" content=\"image\/jpeg\" \/>\n<meta name=\"author\" content=\"ckl\" \/>\n<meta name=\"twitter:card\" content=\"summary_large_image\" \/>\n<meta name=\"twitter:label1\" content=\"Escrito por\" \/>\n\t<meta name=\"twitter:data1\" content=\"ckl\" \/>\n\t<meta name=\"twitter:label2\" content=\"Tiempo de lectura\" \/>\n\t<meta name=\"twitter:data2\" content=\"5 minutos\" \/>\n<script type=\"application\/ld+json\" class=\"yoast-schema-graph\">{\"@context\":\"https:\\\/\\\/schema.org\",\"@graph\":[{\"@type\":\"Article\",\"@id\":\"https:\\\/\\\/cklcomunicaciones.es\\\/coop\\\/noticias-info-ckl-no-2840-22-12-23\\\/#article\",\"isPartOf\":{\"@id\":\"https:\\\/\\\/cklcomunicaciones.es\\\/coop\\\/noticias-info-ckl-no-2840-22-12-23\\\/\"},\"author\":{\"name\":\"ckl\",\"@id\":\"https:\\\/\\\/cklcomunicaciones.es\\\/coop\\\/#\\\/schema\\\/person\\\/929a6837f7626450bbb50cee1aef266e\"},\"headline\":\"Noticias Info CKL n\u00ba 2840-22\\\/12\\\/23\",\"datePublished\":\"2023-12-22T17:27:05+00:00\",\"dateModified\":\"2025-02-07T15:26:09+00:00\",\"mainEntityOfPage\":{\"@id\":\"https:\\\/\\\/cklcomunicaciones.es\\\/coop\\\/noticias-info-ckl-no-2840-22-12-23\\\/\"},\"wordCount\":948,\"image\":{\"@id\":\"https:\\\/\\\/cklcomunicaciones.es\\\/coop\\\/noticias-info-ckl-no-2840-22-12-23\\\/#primaryimage\"},\"thumbnailUrl\":\"https:\\\/\\\/cklcomunicaciones.es\\\/coop\\\/wp-content\\\/uploads\\\/2025\\\/01\\\/CKL-una-mirada-distinta-de-la-comunicacion.jpg\",\"keywords\":[\"deporte femenino\",\"econom\u00eda\",\"estereotipos\"],\"articleSection\":[\"Newsletter\",\"Nwl v3.0\"],\"inLanguage\":\"es\"},{\"@type\":\"WebPage\",\"@id\":\"https:\\\/\\\/cklcomunicaciones.es\\\/coop\\\/noticias-info-ckl-no-2840-22-12-23\\\/\",\"url\":\"https:\\\/\\\/cklcomunicaciones.es\\\/coop\\\/noticias-info-ckl-no-2840-22-12-23\\\/\",\"name\":\"Noticias Info CKL n\u00ba 2839-19\\\/12\\\/23-Comunicar con perspectiva de g\u00e9nero\",\"isPartOf\":{\"@id\":\"https:\\\/\\\/cklcomunicaciones.es\\\/coop\\\/#website\"},\"primaryImageOfPage\":{\"@id\":\"https:\\\/\\\/cklcomunicaciones.es\\\/coop\\\/noticias-info-ckl-no-2840-22-12-23\\\/#primaryimage\"},\"image\":{\"@id\":\"https:\\\/\\\/cklcomunicaciones.es\\\/coop\\\/noticias-info-ckl-no-2840-22-12-23\\\/#primaryimage\"},\"thumbnailUrl\":\"https:\\\/\\\/cklcomunicaciones.es\\\/coop\\\/wp-content\\\/uploads\\\/2025\\\/01\\\/CKL-una-mirada-distinta-de-la-comunicacion.jpg\",\"datePublished\":\"2023-12-22T17:27:05+00:00\",\"dateModified\":\"2025-02-07T15:26:09+00:00\",\"author\":{\"@id\":\"https:\\\/\\\/cklcomunicaciones.es\\\/coop\\\/#\\\/schema\\\/person\\\/929a6837f7626450bbb50cee1aef266e\"},\"description\":\"Noticias Info CKL n\u00ba 2840-22\\\/12\\\/23 Lo que aprendimos de la econom\u00eda de 2023 gracias a las tendencias sociales * No hay democracia sin igualdad de g\u00e9nero * La educaci\u00f3n sexual se estanca en Espa\u00f1a y tiene consecuencias * Uribes (CSD) promete m\u00e1s atenci\u00f3n al deporte femenino\",\"breadcrumb\":{\"@id\":\"https:\\\/\\\/cklcomunicaciones.es\\\/coop\\\/noticias-info-ckl-no-2840-22-12-23\\\/#breadcrumb\"},\"inLanguage\":\"es\",\"potentialAction\":[{\"@type\":\"ReadAction\",\"target\":[\"https:\\\/\\\/cklcomunicaciones.es\\\/coop\\\/noticias-info-ckl-no-2840-22-12-23\\\/\"]}]},{\"@type\":\"ImageObject\",\"inLanguage\":\"es\",\"@id\":\"https:\\\/\\\/cklcomunicaciones.es\\\/coop\\\/noticias-info-ckl-no-2840-22-12-23\\\/#primaryimage\",\"url\":\"https:\\\/\\\/cklcomunicaciones.es\\\/coop\\\/wp-content\\\/uploads\\\/2025\\\/01\\\/CKL-una-mirada-distinta-de-la-comunicacion.jpg\",\"contentUrl\":\"https:\\\/\\\/cklcomunicaciones.es\\\/coop\\\/wp-content\\\/uploads\\\/2025\\\/01\\\/CKL-una-mirada-distinta-de-la-comunicacion.jpg\",\"width\":1482,\"height\":775,\"caption\":\"CKL - una mirada distinta de la comunicacion\"},{\"@type\":\"BreadcrumbList\",\"@id\":\"https:\\\/\\\/cklcomunicaciones.es\\\/coop\\\/noticias-info-ckl-no-2840-22-12-23\\\/#breadcrumb\",\"itemListElement\":[{\"@type\":\"ListItem\",\"position\":1,\"name\":\"Portada\",\"item\":\"https:\\\/\\\/cklcomunicaciones.es\\\/coop\\\/\"},{\"@type\":\"ListItem\",\"position\":2,\"name\":\"Noticias Info CKL n\u00ba 2840-22\\\/12\\\/23\"}]},{\"@type\":\"WebSite\",\"@id\":\"https:\\\/\\\/cklcomunicaciones.es\\\/coop\\\/#website\",\"url\":\"https:\\\/\\\/cklcomunicaciones.es\\\/coop\\\/\",\"name\":\"CKL Comunicaciones\",\"description\":\"Sitio web de CKL Comunicaciones coop , la consultora de comunicaci\u00f3n y estrategia\",\"potentialAction\":[{\"@type\":\"SearchAction\",\"target\":{\"@type\":\"EntryPoint\",\"urlTemplate\":\"https:\\\/\\\/cklcomunicaciones.es\\\/coop\\\/?s={search_term_string}\"},\"query-input\":{\"@type\":\"PropertyValueSpecification\",\"valueRequired\":true,\"valueName\":\"search_term_string\"}}],\"inLanguage\":\"es\"},{\"@type\":\"Person\",\"@id\":\"https:\\\/\\\/cklcomunicaciones.es\\\/coop\\\/#\\\/schema\\\/person\\\/929a6837f7626450bbb50cee1aef266e\",\"name\":\"ckl\",\"image\":{\"@type\":\"ImageObject\",\"inLanguage\":\"es\",\"@id\":\"https:\\\/\\\/secure.gravatar.com\\\/avatar\\\/c82db564e8a669bf6023357a157b9dc4780f4d4c618f2ad1d71a6a5dede45057?s=96&d=mm&r=g\",\"url\":\"https:\\\/\\\/secure.gravatar.com\\\/avatar\\\/c82db564e8a669bf6023357a157b9dc4780f4d4c618f2ad1d71a6a5dede45057?s=96&d=mm&r=g\",\"contentUrl\":\"https:\\\/\\\/secure.gravatar.com\\\/avatar\\\/c82db564e8a669bf6023357a157b9dc4780f4d4c618f2ad1d71a6a5dede45057?s=96&d=mm&r=g\",\"caption\":\"ckl\"},\"url\":\"https:\\\/\\\/cklcomunicaciones.es\\\/coop\\\/author\\\/cklcomunicaciones\\\/\"}]}<\/script>\n<!-- \/ Yoast SEO plugin. -->","yoast_head_json":{"title":"Noticias Info CKL n\u00ba 2839-19\/12\/23-Comunicar con perspectiva de g\u00e9nero","description":"Noticias Info CKL n\u00ba 2840-22\/12\/23 Lo que aprendimos de la econom\u00eda de 2023 gracias a las tendencias sociales * No hay democracia sin igualdad de g\u00e9nero * La educaci\u00f3n sexual se estanca en Espa\u00f1a y tiene consecuencias * Uribes (CSD) promete m\u00e1s atenci\u00f3n al deporte femenino","robots":{"index":"index","follow":"follow","max-snippet":"max-snippet:-1","max-image-preview":"max-image-preview:large","max-video-preview":"max-video-preview:-1"},"canonical":"https:\/\/cklcomunicaciones.es\/coop\/noticias-info-ckl-no-2840-22-12-23\/","og_locale":"es_ES","og_type":"article","og_title":"Noticias Info CKL n\u00ba 2839-19\/12\/23-Comunicar con perspectiva de g\u00e9nero","og_description":"Noticias Info CKL n\u00ba 2840-22\/12\/23 Lo que aprendimos de la econom\u00eda de 2023 gracias a las tendencias sociales * No hay democracia sin igualdad de g\u00e9nero * La educaci\u00f3n sexual se estanca en Espa\u00f1a y tiene consecuencias * Uribes (CSD) promete m\u00e1s atenci\u00f3n al deporte femenino","og_url":"https:\/\/cklcomunicaciones.es\/coop\/noticias-info-ckl-no-2840-22-12-23\/","og_site_name":"CKL Comunicaciones","article_published_time":"2023-12-22T17:27:05+00:00","article_modified_time":"2025-02-07T15:26:09+00:00","og_image":[{"width":1482,"height":775,"url":"https:\/\/cklcomunicaciones.es\/coop\/wp-content\/uploads\/2025\/01\/CKL-una-mirada-distinta-de-la-comunicacion.jpg","type":"image\/jpeg"}],"author":"ckl","twitter_card":"summary_large_image","twitter_misc":{"Escrito por":"ckl","Tiempo de lectura":"5 minutos"},"schema":{"@context":"https:\/\/schema.org","@graph":[{"@type":"Article","@id":"https:\/\/cklcomunicaciones.es\/coop\/noticias-info-ckl-no-2840-22-12-23\/#article","isPartOf":{"@id":"https:\/\/cklcomunicaciones.es\/coop\/noticias-info-ckl-no-2840-22-12-23\/"},"author":{"name":"ckl","@id":"https:\/\/cklcomunicaciones.es\/coop\/#\/schema\/person\/929a6837f7626450bbb50cee1aef266e"},"headline":"Noticias Info CKL n\u00ba 2840-22\/12\/23","datePublished":"2023-12-22T17:27:05+00:00","dateModified":"2025-02-07T15:26:09+00:00","mainEntityOfPage":{"@id":"https:\/\/cklcomunicaciones.es\/coop\/noticias-info-ckl-no-2840-22-12-23\/"},"wordCount":948,"image":{"@id":"https:\/\/cklcomunicaciones.es\/coop\/noticias-info-ckl-no-2840-22-12-23\/#primaryimage"},"thumbnailUrl":"https:\/\/cklcomunicaciones.es\/coop\/wp-content\/uploads\/2025\/01\/CKL-una-mirada-distinta-de-la-comunicacion.jpg","keywords":["deporte femenino","econom\u00eda","estereotipos"],"articleSection":["Newsletter","Nwl v3.0"],"inLanguage":"es"},{"@type":"WebPage","@id":"https:\/\/cklcomunicaciones.es\/coop\/noticias-info-ckl-no-2840-22-12-23\/","url":"https:\/\/cklcomunicaciones.es\/coop\/noticias-info-ckl-no-2840-22-12-23\/","name":"Noticias Info CKL n\u00ba 2839-19\/12\/23-Comunicar con perspectiva de g\u00e9nero","isPartOf":{"@id":"https:\/\/cklcomunicaciones.es\/coop\/#website"},"primaryImageOfPage":{"@id":"https:\/\/cklcomunicaciones.es\/coop\/noticias-info-ckl-no-2840-22-12-23\/#primaryimage"},"image":{"@id":"https:\/\/cklcomunicaciones.es\/coop\/noticias-info-ckl-no-2840-22-12-23\/#primaryimage"},"thumbnailUrl":"https:\/\/cklcomunicaciones.es\/coop\/wp-content\/uploads\/2025\/01\/CKL-una-mirada-distinta-de-la-comunicacion.jpg","datePublished":"2023-12-22T17:27:05+00:00","dateModified":"2025-02-07T15:26:09+00:00","author":{"@id":"https:\/\/cklcomunicaciones.es\/coop\/#\/schema\/person\/929a6837f7626450bbb50cee1aef266e"},"description":"Noticias Info CKL n\u00ba 2840-22\/12\/23 Lo que aprendimos de la econom\u00eda de 2023 gracias a las tendencias sociales * No hay democracia sin igualdad de g\u00e9nero * La educaci\u00f3n sexual se estanca en Espa\u00f1a y tiene consecuencias * Uribes (CSD) promete m\u00e1s atenci\u00f3n al deporte femenino","breadcrumb":{"@id":"https:\/\/cklcomunicaciones.es\/coop\/noticias-info-ckl-no-2840-22-12-23\/#breadcrumb"},"inLanguage":"es","potentialAction":[{"@type":"ReadAction","target":["https:\/\/cklcomunicaciones.es\/coop\/noticias-info-ckl-no-2840-22-12-23\/"]}]},{"@type":"ImageObject","inLanguage":"es","@id":"https:\/\/cklcomunicaciones.es\/coop\/noticias-info-ckl-no-2840-22-12-23\/#primaryimage","url":"https:\/\/cklcomunicaciones.es\/coop\/wp-content\/uploads\/2025\/01\/CKL-una-mirada-distinta-de-la-comunicacion.jpg","contentUrl":"https:\/\/cklcomunicaciones.es\/coop\/wp-content\/uploads\/2025\/01\/CKL-una-mirada-distinta-de-la-comunicacion.jpg","width":1482,"height":775,"caption":"CKL - una mirada distinta de la comunicacion"},{"@type":"BreadcrumbList","@id":"https:\/\/cklcomunicaciones.es\/coop\/noticias-info-ckl-no-2840-22-12-23\/#breadcrumb","itemListElement":[{"@type":"ListItem","position":1,"name":"Portada","item":"https:\/\/cklcomunicaciones.es\/coop\/"},{"@type":"ListItem","position":2,"name":"Noticias Info CKL n\u00ba 2840-22\/12\/23"}]},{"@type":"WebSite","@id":"https:\/\/cklcomunicaciones.es\/coop\/#website","url":"https:\/\/cklcomunicaciones.es\/coop\/","name":"CKL Comunicaciones","description":"Sitio web de CKL Comunicaciones coop , la consultora de comunicaci\u00f3n y estrategia","potentialAction":[{"@type":"SearchAction","target":{"@type":"EntryPoint","urlTemplate":"https:\/\/cklcomunicaciones.es\/coop\/?s={search_term_string}"},"query-input":{"@type":"PropertyValueSpecification","valueRequired":true,"valueName":"search_term_string"}}],"inLanguage":"es"},{"@type":"Person","@id":"https:\/\/cklcomunicaciones.es\/coop\/#\/schema\/person\/929a6837f7626450bbb50cee1aef266e","name":"ckl","image":{"@type":"ImageObject","inLanguage":"es","@id":"https:\/\/secure.gravatar.com\/avatar\/c82db564e8a669bf6023357a157b9dc4780f4d4c618f2ad1d71a6a5dede45057?s=96&d=mm&r=g","url":"https:\/\/secure.gravatar.com\/avatar\/c82db564e8a669bf6023357a157b9dc4780f4d4c618f2ad1d71a6a5dede45057?s=96&d=mm&r=g","contentUrl":"https:\/\/secure.gravatar.com\/avatar\/c82db564e8a669bf6023357a157b9dc4780f4d4c618f2ad1d71a6a5dede45057?s=96&d=mm&r=g","caption":"ckl"},"url":"https:\/\/cklcomunicaciones.es\/coop\/author\/cklcomunicaciones\/"}]}},"_links":{"self":[{"href":"https:\/\/cklcomunicaciones.es\/coop\/wp-json\/wp\/v2\/posts\/20817","targetHints":{"allow":["GET"]}}],"collection":[{"href":"https:\/\/cklcomunicaciones.es\/coop\/wp-json\/wp\/v2\/posts"}],"about":[{"href":"https:\/\/cklcomunicaciones.es\/coop\/wp-json\/wp\/v2\/types\/post"}],"author":[{"embeddable":true,"href":"https:\/\/cklcomunicaciones.es\/coop\/wp-json\/wp\/v2\/users\/3"}],"replies":[{"embeddable":true,"href":"https:\/\/cklcomunicaciones.es\/coop\/wp-json\/wp\/v2\/comments?post=20817"}],"version-history":[{"count":0,"href":"https:\/\/cklcomunicaciones.es\/coop\/wp-json\/wp\/v2\/posts\/20817\/revisions"}],"wp:featuredmedia":[{"embeddable":true,"href":"https:\/\/cklcomunicaciones.es\/coop\/wp-json\/wp\/v2\/media\/22909"}],"wp:attachment":[{"href":"https:\/\/cklcomunicaciones.es\/coop\/wp-json\/wp\/v2\/media?parent=20817"}],"wp:term":[{"taxonomy":"category","embeddable":true,"href":"https:\/\/cklcomunicaciones.es\/coop\/wp-json\/wp\/v2\/categories?post=20817"},{"taxonomy":"post_tag","embeddable":true,"href":"https:\/\/cklcomunicaciones.es\/coop\/wp-json\/wp\/v2\/tags?post=20817"}],"curies":[{"name":"wp","href":"https:\/\/api.w.org\/{rel}","templated":true}]}}