{"id":20793,"date":"2023-12-14T20:34:08","date_gmt":"2023-12-14T19:34:08","guid":{"rendered":"https:\/\/www.cklcomunicaciones.es\/?p=20793"},"modified":"2025-02-07T16:40:37","modified_gmt":"2025-02-07T15:40:37","slug":"noticias-info-ckl-no-2838-14-12-23","status":"publish","type":"post","link":"https:\/\/cklcomunicaciones.es\/coop\/noticias-info-ckl-no-2838-14-12-23\/","title":{"rendered":"Noticias Info CKL n\u00ba 2838-14\/12\/23"},"content":{"rendered":"<div class=\"fusion-fullwidth fullwidth-box fusion-builder-row-1 fusion-flex-container nonhundred-percent-fullwidth non-hundred-percent-height-scrolling\" style=\"--awb-border-radius-top-left:0px;--awb-border-radius-top-right:0px;--awb-border-radius-bottom-right:0px;--awb-border-radius-bottom-left:0px;--awb-flex-wrap:wrap;\" ><div class=\"fusion-builder-row fusion-row fusion-flex-align-items-flex-start fusion-flex-content-wrap\" style=\"max-width:1248px;margin-left: calc(-4% \/ 2 );margin-right: calc(-4% \/ 2 );\"><div class=\"fusion-layout-column fusion_builder_column fusion-builder-column-0 fusion_builder_column_1_1 1_1 fusion-flex-column\" style=\"--awb-bg-blend:overlay;--awb-bg-size:cover;--awb-width-large:100%;--awb-margin-top-large:0px;--awb-spacing-right-large:1.92%;--awb-margin-bottom-large:0px;--awb-spacing-left-large:1.92%;--awb-width-medium:100%;--awb-spacing-right-medium:1.92%;--awb-spacing-left-medium:1.92%;--awb-width-small:100%;--awb-spacing-right-small:1.92%;--awb-spacing-left-small:1.92%;\"><div class=\"fusion-column-wrapper fusion-flex-justify-content-flex-start fusion-content-layout-column\"><div class=\"fusion-text fusion-text-1\"><h1 class=\"lsow-panel-title\">Comunicaci\u00f3n, Publicidad y TICs<\/h1>\n<div id=\"\" class=\"lsow-panel lsow-active\">\n<div class=\"lsow-panel-content\">\n<p><a href=\"https:\/\/www.google.com\/url?rct=j&amp;sa=t&amp;url=https:\/\/magas.elespanol.com\/protagonistas\/20231213\/ana-nunez-milara-directora-dona-informacion-necesaria-nunca-no-caer-fake-news\/816668458_0.html&amp;ct=ga&amp;cd=CAEYACoSODM1MTU3MDI3NDk0NDY1NjQyMhtlMGY1ODY4OTdiNWY3ODNlOmVzOmVzOkVTOkw&amp;usg=AOvVaw0lky_olPy9ldcjPi7WBpAV\" target=\"_blank\" rel=\"noopener\" data-saferedirecturl=\"https:\/\/www.google.com\/url?q=https:\/\/www.google.com\/url?rct%3Dj%26sa%3Dt%26url%3Dhttps:\/\/magas.elespanol.com\/protagonistas\/20231213\/ana-nunez-milara-directora-dona-informacion-necesaria-nunca-no-caer-fake-news\/816668458_0.html%26ct%3Dga%26cd%3DCAEYACoSODM1MTU3MDI3NDk0NDY1NjQyMhtlMGY1ODY4OTdiNWY3ODNlOmVzOmVzOkVTOkw%26usg%3DAOvVaw0lky_olPy9ldcjPi7WBpAV&amp;source=gmail&amp;ust=1702570463685000&amp;usg=AOvVaw27uZcLIUe5vlmc2mcWscQd\">Ana N\u00fa\u00f1ez-Milara (directora de Yo Dona): \u00abLa informaci\u00f3n es m\u00e1s necesaria que nunca para &#8230;&#8211;\u00a0<\/a><a>Magas &#8211; El Espa\u00f1ol<br \/>\n<\/a><a href=\"https:\/\/www.google.com\/url?rct=j&amp;sa=t&amp;url=https:\/\/www.laopiniondemurcia.es\/cultura\/2023\/12\/14\/asuncion-valdes-carmen-burgos-haya-95812075.html&amp;ct=ga&amp;cd=CAEYAioTNjkzMzYxMjI1NjQ4MzQ0MzExOTIZYzAzNzJlYmMyZmVhZGE1OTplczplczpFUw&amp;usg=AOvVaw3OskMFrYV9w7WLRMqeGcUY\" target=\"_blank\" rel=\"noopener\" data-saferedirecturl=\"https:\/\/www.google.com\/url?q=https:\/\/www.google.com\/url?rct%3Dj%26sa%3Dt%26url%3Dhttps:\/\/www.laopiniondemurcia.es\/cultura\/2023\/12\/14\/asuncion-valdes-carmen-burgos-haya-95812075.html%26ct%3Dga%26cd%3DCAEYAioTNjkzMzYxMjI1NjQ4MzQ0MzExOTIZYzAzNzJlYmMyZmVhZGE1OTplczplczpFUw%26usg%3DAOvVaw3OskMFrYV9w7WLRMqeGcUY&amp;source=gmail&amp;ust=1702657095696000&amp;usg=AOvVaw31KYcLhh1oIfPw4T3ESHB-\">Asunci\u00f3n Vald\u00e9s : \u00ab\u00bfC\u00f3mo puede ser que Carmen de Burgos haya estado olvidada tanto tiempo?\u00bb-\u00a0<\/a><a>La Opini\u00f3n de Murcia<br \/>\n<\/a><a class=\"title\" href=\"https:\/\/www.msn.com\/es-es\/dinero\/formacion-empleo\/aumento-del-paro-y-precariedad-laboral-los-males-de-la-profesi%C3%B3n-period%C3%ADstica\/ar-AA1lrYH9\" target=\"_blank\" rel=\"noopener\" data-artpy=\"0\" data-author=\"P\u00fablico on MSN\">Aumento del paro y precariedad laboral, los males de la profesi\u00f3n period\u00edstica<\/a>-p\u00fablico<br \/>\n<a href=\"https:\/\/www.google.com\/url?rct=j&amp;sa=t&amp;url=https:\/\/news.ual.es\/sociedad\/revista-igualdad-ocho-anos-formando-y-concienciando\/&amp;ct=ga&amp;cd=CAEYACoTODU2MTc2NDYzNjQ4NDMxOTYwMDIbOWFiMWNkZDdlMzY2ZWYzODplczplczpFUzpS&amp;usg=AOvVaw3FWYiuROgDOIyXZor3AFVf\" target=\"_blank\" rel=\"noopener\" data-saferedirecturl=\"https:\/\/www.google.com\/url?q=https:\/\/www.google.com\/url?rct%3Dj%26sa%3Dt%26url%3Dhttps:\/\/news.ual.es\/sociedad\/revista-igualdad-ocho-anos-formando-y-concienciando\/%26ct%3Dga%26cd%3DCAEYACoTODU2MTc2NDYzNjQ4NDMxOTYwMDIbOWFiMWNkZDdlMzY2ZWYzODplczplczpFUzpS%26usg%3DAOvVaw3FWYiuROgDOIyXZor3AFVf&amp;source=gmail&amp;ust=1702571325396000&amp;usg=AOvVaw1xbMxG2reqg3n0ISVF_Wu0\">Revista IgUALdad, ocho a\u00f1os formando y concienciando &#8211;\u00a0<\/a><a>ualnews<\/a><\/p>\n<\/div>\n<\/div>\n<div id=\"\" class=\"lsow-panel lsow-active\">\n<h1 class=\"lsow-panel-title\">Andaluc\u00eda<\/h1>\n<div class=\"lsow-panel-content\">\n<div class=\"source set_top\">\n<div data-priority=\"2\" aria-hidden=\"true\">\n<p><strong>Institucional<br \/>\n<\/strong><a href=\"https:\/\/www.google.com\/url?rct=j&amp;sa=t&amp;url=https:\/\/www.europapress.es\/esandalucia\/sevilla\/noticia-parlamento-convalida-decreto-5000-euros-menores-huerfanos-violencia-machista-voto-contrario-vox-20231213215054.html&amp;ct=ga&amp;cd=CAEYAioTNTk4MTQwNzIzNDg5OTY1ODU1MDIbOWFiMWNkZDdlMzY2ZWYzODplczplczpFUzpS&amp;usg=AOvVaw2gE8dk7GGpamocIlN-Jk0e\" target=\"_blank\" rel=\"noopener\" data-saferedirecturl=\"https:\/\/www.google.com\/url?q=https:\/\/www.google.com\/url?rct%3Dj%26sa%3Dt%26url%3Dhttps:\/\/www.europapress.es\/esandalucia\/sevilla\/noticia-parlamento-convalida-decreto-5000-euros-menores-huerfanos-violencia-machista-voto-contrario-vox-20231213215054.html%26ct%3Dga%26cd%3DCAEYAioTNTk4MTQwNzIzNDg5OTY1ODU1MDIbOWFiMWNkZDdlMzY2ZWYzODplczplczpFUzpS%26usg%3DAOvVaw2gE8dk7GGpamocIlN-Jk0e&amp;source=gmail&amp;ust=1702657112291000&amp;usg=AOvVaw382N612XSdFnPA7HP5DoRx\">Parlamento convalida decreto con 5.000 euros para menores hu\u00e9rfanos por violencia &#8230;-\u00a0<\/a><a>Europa Press<br \/>\n<\/a><a class=\"title\" href=\"https:\/\/www.msn.com\/es-es\/noticias\/espana\/carmen-crespo-destaca-que-la-estrategia-sequ%C3%ADa-plus-prepara-a-andaluc%C3%ADa-ante-un-posible-escenario-m%C3%A1s-extremo\/ar-AA1lviwz\" target=\"_blank\" rel=\"noopener\" data-artpy=\"0\" data-author=\"Europa Press on MSN\">Carmen Crespo destaca que la estrategia &#8216;Sequ\u00eda Plus&#8217; prepara a Andaluc\u00eda ante un posible escenario m\u00e1s extremo<\/a>-europapress<a><br \/>\n<\/a><\/p>\n<p><strong>Econom\u00eda y Empresa<br \/>\n<\/strong><a class=\"title\" href=\"https:\/\/www.juntadeandalucia.es\/presidencia\/portavoz\/economiayempleo\/188757\/JuntadeAndalucia\/ConsejodeGobierno\" target=\"_blank\" rel=\"noopener\" data-artpy=\"0\" data-author=\"juntadeandalucia.es\">La Junta impulsa una red de empresas para fomentar la presencia de la mujer en la industria<\/a>-juntadeandalucia<strong><br \/>\n<\/strong><a class=\"title\" href=\"https:\/\/www.larazon.es\/andalucia\/pensiones-contributivas-mujer-casada-65-74-anos_20231214657a5e8bd7b0c300018c2822.html\" target=\"_blank\" rel=\"noopener\" data-artpy=\"0\" data-author=\"La Raz\u00f3n Digital\">Pensiones no contributivas en Andaluc\u00eda: mujer casada de entre 65 y 74 a\u00f1os<\/a>-larazon<a><br \/>\n<\/a><a href=\"https:\/\/www.google.com\/url?rct=j&amp;sa=t&amp;url=https:\/\/extrajaen.com\/actualidad\/satse-reclama-la-jubilacion-voluntaria-y-anticipada-para-las-enfermeras&amp;ct=ga&amp;cd=CAEYACoTNzcyMjgxNzU4MzQ1NDUwNTM0MjIZYzAzNzJlYmMyZmVhZGE1OTplczplczpFUw&amp;usg=AOvVaw27tWTgVtMQgSRr3Vkx4HLb\" target=\"_blank\" rel=\"noopener\" data-saferedirecturl=\"https:\/\/www.google.com\/url?q=https:\/\/www.google.com\/url?rct%3Dj%26sa%3Dt%26url%3Dhttps:\/\/extrajaen.com\/actualidad\/satse-reclama-la-jubilacion-voluntaria-y-anticipada-para-las-enfermeras%26ct%3Dga%26cd%3DCAEYACoTNzcyMjgxNzU4MzQ1NDUwNTM0MjIZYzAzNzJlYmMyZmVhZGE1OTplczplczpFUw%26usg%3DAOvVaw27tWTgVtMQgSRr3Vkx4HLb&amp;source=gmail&amp;ust=1702657095569000&amp;usg=AOvVaw14eJLI7Qn7c0IkZDtL2_EZ\">SATSE reclama la jubilaci\u00f3n voluntaria y anticipada para las enfermeras &#8211;\u00a0<\/a><a>Extra Ja\u00e9n<br \/>\n<\/a><a href=\"https:\/\/www.google.com\/url?rct=j&amp;sa=t&amp;url=http:\/\/www.usoandalucia.es\/uso-andalucia-junto-al-instituto-andaluz-de-la-mujer-iam-pone-en-marcha-nuevamente-el-servicio-de-asesoria-juridica-gratuita-para-mujeres-que-padecen-discriminacion-laboral-por-motivo-sexual-o-por-5\/&amp;ct=ga&amp;cd=CAEYCCoUMTE5ODE4MzYyNDQ3MDkxODQ3ODgyGWMwMzcyZWJjMmZlYWRhNTk6ZXM6ZXM6RVM&amp;usg=AOvVaw0ynNeCCn3z-i95xCGPkxF1\" target=\"_blank\" rel=\"noopener\" data-saferedirecturl=\"https:\/\/www.google.com\/url?q=https:\/\/www.google.com\/url?rct%3Dj%26sa%3Dt%26url%3Dhttp:\/\/www.usoandalucia.es\/uso-andalucia-junto-al-instituto-andaluz-de-la-mujer-iam-pone-en-marcha-nuevamente-el-servicio-de-asesoria-juridica-gratuita-para-mujeres-que-padecen-discriminacion-laboral-por-motivo-sexual-o-por-5\/%26ct%3Dga%26cd%3DCAEYCCoUMTE5ODE4MzYyNDQ3MDkxODQ3ODgyGWMwMzcyZWJjMmZlYWRhNTk6ZXM6ZXM6RVM%26usg%3DAOvVaw0ynNeCCn3z-i95xCGPkxF1&amp;source=gmail&amp;ust=1702657095611000&amp;usg=AOvVaw1ZSeqo-DymV2QEnY92AP-z\">USO-Andaluc\u00eda, junto al Instituto\u00a0Andaluz de la\u00a0Mujer (IAM), pone en marcha nuevamente el servicio de asesoramiento jur\u00eddico&#8230;-\u00a0<\/a><a>USO Andaluc\u00eda<br \/>\n<\/a><a href=\"https:\/\/www.google.com\/url?rct=j&amp;sa=t&amp;url=https:\/\/www.uca.es\/noticia\/la-uca-acoge-la-presentacion-del-perte-de-la-economia-social-y-de-los-cuidados-en-jerez\/&amp;ct=ga&amp;cd=CAEYACoTMzcxMzQ1NzczNTkxNDk2NDk4OTIbOTE4ODU3Y2Q2MGY5Nzc0ODplczplczpFUzpM&amp;usg=AOvVaw0OpTMjoGA_hsZwE5ES2Kr2\" target=\"_blank\" rel=\"noopener\" data-saferedirecturl=\"https:\/\/www.google.com\/url?q=https:\/\/www.google.com\/url?rct%3Dj%26sa%3Dt%26url%3Dhttps:\/\/www.uca.es\/noticia\/la-uca-acoge-la-presentacion-del-perte-de-la-economia-social-y-de-los-cuidados-en-jerez\/%26ct%3Dga%26cd%3DCAEYACoTMzcxMzQ1NzczNTkxNDk2NDk4OTIbOTE4ODU3Y2Q2MGY5Nzc0ODplczplczpFUzpM%26usg%3DAOvVaw0OpTMjoGA_hsZwE5ES2Kr2&amp;source=gmail&amp;ust=1702657098803000&amp;usg=AOvVaw33by4SK66YLePgI2MOhDNO\">El Campus de Jerez de la UCA acoge la presentaci\u00f3n del PERTE de la\u00a0Econom\u00eda Social y de los Cuidados en Jerez &#8230;-\u00a0<\/a><a>UCA<\/a><\/p>\n<p><strong>Actualidad<br \/>\n<\/strong><a href=\"https:\/\/www.google.com\/url?rct=j&amp;sa=t&amp;url=https:\/\/www.diariosur.es\/cronica-universitaria\/documental-uma-mujeres-rurales-20231211114020-nt.html&amp;ct=ga&amp;cd=CAEYASoTMjAxNzIzNzY2MTQzNTcyMDE2NzIbZTBmNTg2ODk3YjVmNzgzZTplczplczpFUzpM&amp;usg=AOvVaw1fy1jiKECxcZm5jxpVYZOT\" target=\"_blank\" rel=\"noopener\" data-saferedirecturl=\"https:\/\/www.google.com\/url?q=https:\/\/www.google.com\/url?rct%3Dj%26sa%3Dt%26url%3Dhttps:\/\/www.diariosur.es\/cronica-universitaria\/documental-uma-mujeres-rurales-20231211114020-nt.html%26ct%3Dga%26cd%3DCAEYASoTMjAxNzIzNzY2MTQzNTcyMDE2NzIbZTBmNTg2ODk3YjVmNzgzZTplczplczpFUzpM%26usg%3DAOvVaw1fy1jiKECxcZm5jxpVYZOT&amp;source=gmail&amp;ust=1702570463650000&amp;usg=AOvVaw02AssuOWdD-i_Y2jF6oWOX\">Paloma L\u00f3pez, profesora de la UMA: \u00abQueremos visibilizar el valor cultural, social\u00a0y\u00a0econ\u00f3mico\u00a0de las\u00a0mujeres rurales\u00bb-<\/a><a>Diario Sur<\/a><a><br \/>\n<\/a><a class=\"title\" href=\"https:\/\/huelvaya.es\/2023\/12\/14\/soledad-becerril-premio-concha-caballero\/\" target=\"_blank\" rel=\"noopener\" data-artpy=\"0\" data-author=\"Huelva Ya\">Soledad Becerril, Premio Concha Caballero de la UNIA<\/a>-huelvaya<br \/>\n<a class=\"title\" href=\"https:\/\/www.diariodejerez.es\/jerez\/Marisa-Cunado-Azcarate-MujerImparable-Gaditana-2023_0_1857114496.html\" target=\"_blank\" rel=\"noopener\" data-artpy=\"0\" data-author=\"Diario de Jerez\">Marisa Cu\u00f1ado de Azc\u00e1rate, #MujerImparable Gaditana 2023<\/a>-diariodejerez<br \/>\n<a class=\"title\" href=\"https:\/\/www.europapress.es\/comunicados\/sociedad-00909\/noticia-comunicado-fundacion-sm-colaboracion-unesco-presenta-andalucia-informe-reimaginar-juntos-20231214094158.html\" target=\"_blank\" rel=\"noopener\" data-artpy=\"0\" data-author=\"Europa Press\">La Fundaci\u00f3n SM en colaboraci\u00f3n con la UNESCO presenta en Andaluc\u00eda el informe Reimaginar juntos<\/a>-europapress<br \/>\n<a class=\"title\" href=\"https:\/\/www.laopiniondemalaga.es\/sociedad\/2023\/12\/14\/mitad-trastornos-mentales-manifiestan-18-95839142.html\" target=\"_blank\" rel=\"noopener\" data-artpy=\"0\" data-author=\"Deportes\">M\u00e1s de la mitad de los trastornos mentales se manifiestan antes de los 18 a\u00f1os<\/a>-laoponiondemalaga<a><br \/>\n<\/a><\/p>\n<p><b>Violencias<br \/>\n<\/b><a href=\"https:\/\/www.google.com\/url?rct=j&amp;sa=t&amp;url=https:\/\/www.europapress.es\/esandalucia\/sevilla\/noticia-junta-atendio-2022-mas-142000-mujeres-recibio-67000-consultas-violencia-machista-20231214140611.html&amp;ct=ga&amp;cd=CAEYASoUMTQ5MzEzNzUwMzc0MTk3NDY0ODAyGzlhYjFjZGQ3ZTM2NmVmMzg6ZXM6ZXM6RVM6Ug&amp;usg=AOvVaw3AQI9ABeMgAumVtvRDazU1\" target=\"_blank\" rel=\"noopener\" data-saferedirecturl=\"https:\/\/www.google.com\/url?q=https:\/\/www.google.com\/url?rct%3Dj%26sa%3Dt%26url%3Dhttps:\/\/www.europapress.es\/esandalucia\/sevilla\/noticia-junta-atendio-2022-mas-142000-mujeres-recibio-67000-consultas-violencia-machista-20231214140611.html%26ct%3Dga%26cd%3DCAEYASoUMTQ5MzEzNzUwMzc0MTk3NDY0ODAyGzlhYjFjZGQ3ZTM2NmVmMzg6ZXM6ZXM6RVM6Ug%26usg%3DAOvVaw3AQI9ABeMgAumVtvRDazU1&amp;source=gmail&amp;ust=1702658766991000&amp;usg=AOvVaw2IRlsDjsuJGWYRNKwoig8F\">La Junta atendi\u00f3 en 2022 a m\u00e1s de 142.000 mujeres y recibi\u00f3 67.000 consultas sobre violencia de g\u00e9nero &#8230;-\u00a0<\/a><a>Europa Press<br \/>\n<\/a><b><\/b><a href=\"https:\/\/www.google.com\/url?rct=j&amp;sa=t&amp;url=https:\/\/www.juntadeandalucia.es\/presidencia\/portavoz\/social\/188727\/Violenciadegenero\/ComisionesProvincialesdeSeguimiento\/Reuniones\/ConsejeriadeInclusionSocial\/Juventud\/FamiliaseIgualdad\/JuntadeAndalucia&amp;ct=ga&amp;cd=CAEYACoTNDI2Mjg3OTg5MzAwMDE5MjQ0NDIbOWFiMWNkZDdlMzY2ZWYzODplczplczpFUzpS&amp;usg=AOvVaw2N8Onhr_Cjb4duY3v6fBGy\" target=\"_blank\" rel=\"noopener\" data-saferedirecturl=\"https:\/\/www.google.com\/url?q=https:\/\/www.google.com\/url?rct%3Dj%26sa%3Dt%26url%3Dhttps:\/\/www.juntadeandalucia.es\/presidencia\/portavoz\/social\/188727\/Violenciadegenero\/ComisionesProvincialesdeSeguimiento\/Reuniones\/ConsejeriadeInclusionSocial\/Juventud\/FamiliaseIgualdad\/JuntadeAndalucia%26ct%3Dga%26cd%3DCAEYACoTNDI2Mjg3OTg5MzAwMDE5MjQ0NDIbOWFiMWNkZDdlMzY2ZWYzODplczplczpFUzpS%26usg%3DAOvVaw2N8Onhr_Cjb4duY3v6fBGy&amp;source=gmail&amp;ust=1702571325390000&amp;usg=AOvVaw0j0b6GpnnsqlI5wC9UZ6Gb\">Las comisiones contra la violencia de g\u00e9nero se vuelven a reunir para hacer frente a esta lacra-\u00a0<\/a><a>Junta de Andaluc\u00eda<\/a><\/p>\n<p><b>Ciencia y Cultura<br \/>\n<\/b><a href=\"https:\/\/www.google.com\/url?rct=j&amp;sa=t&amp;url=https:\/\/canal.ugr.es\/evento\/conferencia-filosofia-de-la-liberacion-y-buen-vivir-el-sur-global-tambien-existe-y-mucho\/&amp;ct=ga&amp;cd=CAEYBCoUMTIyNDg0NzU5NDM4MzMzMTM0MzkyGTU5ZDc4MTcxMzZhMmQwMjg6ZXM6ZXM6RVM&amp;usg=AOvVaw2hnCAiaIii9aVS28doibem\" target=\"_blank\" rel=\"noopener\" data-saferedirecturl=\"https:\/\/www.google.com\/url?q=https:\/\/www.google.com\/url?rct%3Dj%26sa%3Dt%26url%3Dhttps:\/\/canal.ugr.es\/evento\/conferencia-filosofia-de-la-liberacion-y-buen-vivir-el-sur-global-tambien-existe-y-mucho\/%26ct%3Dga%26cd%3DCAEYBCoUMTIyNDg0NzU5NDM4MzMzMTM0MzkyGTU5ZDc4MTcxMzZhMmQwMjg6ZXM6ZXM6RVM%26usg%3DAOvVaw2hnCAiaIii9aVS28doibem&amp;source=gmail&amp;ust=1702657096401000&amp;usg=AOvVaw11RphvDRaGRbl6kEHpzmz9\">Conferencia: \u00abFilosof\u00eda de la liberaci\u00f3n y buen vivir: el Sur Global tambi\u00e9n existe (y mucho)\u00bb-\u00a0<\/a><a>Canal UGR<br \/>\n<\/a><b><\/b><a href=\"https:\/\/www.google.com\/url?rct=j&amp;sa=t&amp;url=https:\/\/www.noticiasdealmeria.com\/el-iam-favorece-el-emprendimiento-de-las-universitarias-almerienses&amp;ct=ga&amp;cd=CAEYBioUMTQ5MzEzNzUwMzc0MTk3NDY0ODAyGzlhYjFjZGQ3ZTM2NmVmMzg6ZXM6ZXM6RVM6Ug&amp;usg=AOvVaw0nWFBduA5SM-Kqs3PINT5r\" target=\"_blank\" rel=\"noopener\" data-saferedirecturl=\"https:\/\/www.google.com\/url?q=https:\/\/www.google.com\/url?rct%3Dj%26sa%3Dt%26url%3Dhttps:\/\/www.noticiasdealmeria.com\/el-iam-favorece-el-emprendimiento-de-las-universitarias-almerienses%26ct%3Dga%26cd%3DCAEYBioUMTQ5MzEzNzUwMzc0MTk3NDY0ODAyGzlhYjFjZGQ3ZTM2NmVmMzg6ZXM6ZXM6RVM6Ug%26usg%3DAOvVaw0nWFBduA5SM-Kqs3PINT5r&amp;source=gmail&amp;ust=1702658766992000&amp;usg=AOvVaw2mQ-Ujkx9MHI_8W3GVLYt9\">El IAM favorece el emprendimiento de las universitarias almerienses &#8211;\u00a0<\/a><a>Noticias de Almer\u00eda<br \/>\n<\/a><a href=\"https:\/\/www.google.com\/url?rct=j&amp;sa=t&amp;url=https:\/\/www.diariocordoba.com\/cultura\/2023\/12\/12\/mujeres-llevamos-siglos-cargando-consignas-95731212.html&amp;ct=ga&amp;cd=CAEYECoUMTM3NDg3MDQ5NjE3OTg0NjA5NDIyGWMwMzcyZWJjMmZlYWRhNTk6ZXM6ZXM6RVM&amp;usg=AOvVaw0_UNTiM29SsuLDpaxOyl6z\" target=\"_blank\" rel=\"noopener\" data-saferedirecturl=\"https:\/\/www.google.com\/url?q=https:\/\/www.google.com\/url?rct%3Dj%26sa%3Dt%26url%3Dhttps:\/\/www.diariocordoba.com\/cultura\/2023\/12\/12\/mujeres-llevamos-siglos-cargando-consignas-95731212.html%26ct%3Dga%26cd%3DCAEYECoUMTM3NDg3MDQ5NjE3OTg0NjA5NDIyGWMwMzcyZWJjMmZlYWRhNTk6ZXM6ZXM6RVM%26usg%3DAOvVaw0_UNTiM29SsuLDpaxOyl6z&amp;source=gmail&amp;ust=1702657095358000&amp;usg=AOvVaw0tqtlT6s0xCJAiiKQ_WzJi\">Ana Ropa: \u00abLas mujeres llevamos siglos cargando con consignas del tipo calladita est\u00e1s m\u00e1s guapa &#8230;-\u00a0<\/a><a>Diario C\u00f3rdoba<br \/>\n<\/a><a class=\"title\" href=\"https:\/\/www.cope.es\/actualidad\/cultura\/noticias\/maria-jose-rivas-perder-voz-ser-nominada-goya-mejor-cancion-20231214_3050145\" target=\"_blank\" rel=\"noopener\" data-artpy=\"0\" data-author=\"COPE\">Mar\u00eda Jos\u00e9 Rivas, de perder la voz a ser nominada al Goya a la mejor canci\u00f3n<\/a>-cope<a><br \/>\n<\/a><b><\/b><\/p>\n<p><strong>Deporte<br \/>\n<\/strong><a class=\"title\" href=\"https:\/\/www.granadahoy.com\/deportes\/tenis-mesa-granada-seminario-femenino_0_1857115887.html\" target=\"_blank\" rel=\"noopener\" data-artpy=\"0\" data-author=\"Granada Hoy\">La \u00e9lite del tenis de mesa femenino europeo se re\u00fane en Granada<\/a>-granadahoy<a><br \/>\n<\/a><\/p>\n<\/div>\n<\/div>\n<\/div>\n<\/div>\n<div id=\"\" class=\"lsow-panel lsow-active\">\n<h1 class=\"lsow-panel-title\">Estado<\/h1>\n<div class=\"lsow-panel-content\">\n<p><strong>Institucional<br \/>\n<\/strong><a href=\"https:\/\/www.google.com\/url?rct=j&amp;sa=t&amp;url=https:\/\/www.lavanguardia.com\/economia\/20231212\/9444962\/gobierno-nombra-aicha-belassir-directora-general-economia-social-responsabilidad-social-empresas-agenciaslv20231212.html&amp;ct=ga&amp;cd=CAEYACoUMTY1MzA1MDI1Mjk1MDExODcyNzcyG2UwZjU4Njg5N2I1Zjc4M2U6ZXM6ZXM6RVM6TA&amp;usg=AOvVaw1TFzPATUL91gr0pkzIOYB9\" target=\"_blank\" rel=\"noopener\" data-saferedirecturl=\"https:\/\/www.google.com\/url?q=https:\/\/www.google.com\/url?rct%3Dj%26sa%3Dt%26url%3Dhttps:\/\/www.lavanguardia.com\/economia\/20231212\/9444962\/gobierno-nombra-aicha-belassir-directora-general-economia-social-responsabilidad-social-empresas-agenciaslv20231212.html%26ct%3Dga%26cd%3DCAEYACoUMTY1MzA1MDI1Mjk1MDExODcyNzcyG2UwZjU4Njg5N2I1Zjc4M2U6ZXM6ZXM6RVM6TA%26usg%3DAOvVaw1TFzPATUL91gr0pkzIOYB9&amp;source=gmail&amp;ust=1702570463675000&amp;usg=AOvVaw2kU-zbTkLOa0lBwMG7lhvq\">El Gobierno nombra a Aicha Belassir directora general de\u00a0Econom\u00eda Social y Responsabilidad Social de las Empresas&#8230; &#8211;<\/a><a>La Vanguardia<br \/>\n<\/a><a href=\"https:\/\/www.google.com\/url?rct=j&amp;sa=t&amp;url=https:\/\/www.tribunasalamanca.com\/noticias\/352683\/la-zamorana-nieves-gonzalez-garcia-nueva-directora-general-de-trabajo&amp;ct=ga&amp;cd=CAEYAioUMTI2NjUyNzY2NzYwMDI1MzQzMTMyGzkxODg1N2NkNjBmOTc3NDg6ZXM6ZXM6RVM6TA&amp;usg=AOvVaw0LJFO36Fg_JhcNG8oCgZsT\" target=\"_blank\" rel=\"noopener\" data-saferedirecturl=\"https:\/\/www.google.com\/url?q=https:\/\/www.google.com\/url?rct%3Dj%26sa%3Dt%26url%3Dhttps:\/\/www.tribunasalamanca.com\/noticias\/352683\/la-zamorana-nieves-gonzalez-garcia-nueva-directora-general-de-trabajo%26ct%3Dga%26cd%3DCAEYAioUMTI2NjUyNzY2NzYwMDI1MzQzMTMyGzkxODg1N2NkNjBmOTc3NDg6ZXM6ZXM6RVM6TA%26usg%3DAOvVaw0LJFO36Fg_JhcNG8oCgZsT&amp;source=gmail&amp;ust=1702570465979000&amp;usg=AOvVaw1SU-vsfPcYvgzAcMprXEbp\">La zamorana Nieves Gonz\u00e1lez Garc\u00eda, nueva directora general de Trabajo &#8211;\u00a0<\/a><a>Tribuna Salamanca<br \/>\n<\/a><a href=\"https:\/\/www.google.com\/url?rct=j&amp;sa=t&amp;url=https:\/\/www.sport.es\/es\/noticias\/sociedad\/igualdad-recalca-necesidad-incidir-entorno-95801570&amp;ct=ga&amp;cd=CAEYACoTOTk3NTU5NzMyNDE5MDMzMzA0MjIZZTJkZWZhN2Q1ZGE5MTU3ZDplczplczpFUw&amp;usg=AOvVaw3iM7gTikXmuSJJcrqJlw51\" target=\"_blank\" rel=\"noopener\" data-saferedirecturl=\"https:\/\/www.google.com\/url?q=https:\/\/www.google.com\/url?rct%3Dj%26sa%3Dt%26url%3Dhttps:\/\/www.sport.es\/es\/noticias\/sociedad\/igualdad-recalca-necesidad-incidir-entorno-95801570%26ct%3Dga%26cd%3DCAEYACoTOTk3NTU5NzMyNDE5MDMzMzA0MjIZZTJkZWZhN2Q1ZGE5MTU3ZDplczplczpFUw%26usg%3DAOvVaw3iM7gTikXmuSJJcrqJlw51&amp;source=gmail&amp;ust=1702574798807000&amp;usg=AOvVaw3w-uM0sDcbOK-SqGgADoHa\">Igualdad recalca la necesidad de incidir en el entorno de las v\u00edctimas de\u00a0violencia de g\u00e9nero&#8230; &#8211;\u00a0<\/a><a>SPORT<\/a><\/p>\n<p><strong>Institucional &#8211; CCAA<br \/>\n<\/strong><a href=\"https:\/\/www.google.com\/url?rct=j&amp;sa=t&amp;url=https:\/\/www.ondacero.es\/emisoras\/aragon\/noticias\/iam-cumple-30-anos-compromiso-seguir-defendiendo-igualdad-mujeres-violencia-genero-techos-cristal-saica_20231212657859d50ec7c80001d35563.html&amp;ct=ga&amp;cd=CAEYACoUMTM3NDg3MDQ5NjE3OTg0NjA5NDIyGWMwMzcyZWJjMmZlYWRhNTk6ZXM6ZXM6RVM&amp;usg=AOvVaw2BI07sCD0zU26K0zIKp8OS\" target=\"_blank\" rel=\"noopener\" data-saferedirecturl=\"https:\/\/www.google.com\/url?q=https:\/\/www.google.com\/url?rct%3Dj%26sa%3Dt%26url%3Dhttps:\/\/www.ondacero.es\/emisoras\/aragon\/noticias\/iam-cumple-30-anos-compromiso-seguir-defendiendo-igualdad-mujeres-violencia-genero-techos-cristal-saica_20231212657859d50ec7c80001d35563.html%26ct%3Dga%26cd%3DCAEYACoUMTM3NDg3MDQ5NjE3OTg0NjA5NDIyGWMwMzcyZWJjMmZlYWRhNTk6ZXM6ZXM6RVM%26usg%3DAOvVaw2BI07sCD0zU26K0zIKp8OS&amp;source=gmail&amp;ust=1702657095353000&amp;usg=AOvVaw35mT2rDr2UjGPZw7Gr_Se4\">El Instituto Aragon\u00e9s de la Mumer cumple 30 a\u00f1os de compromiso en defensa de la igualdad &#8211;<\/a><a>Onda Cero<br \/>\n<\/a><a href=\"https:\/\/www.google.com\/url?rct=j&amp;sa=t&amp;url=https:\/\/www3.gobiernodecanarias.org\/noticias\/candelaria-delgado-afirma-que-ninguna-mujer-victima-de-violencia-de-genero-se-vera-desasistida\/&amp;ct=ga&amp;cd=CAEYAyoUMTM3NDg3MDQ5NjE3OTg0NjA5NDIyGWMwMzcyZWJjMmZlYWRhNTk6ZXM6ZXM6RVM&amp;usg=AOvVaw1ylxWhoeayD99EekUFUX7v\" target=\"_blank\" rel=\"noopener\" data-saferedirecturl=\"https:\/\/www.google.com\/url?q=https:\/\/www.google.com\/url?rct%3Dj%26sa%3Dt%26url%3Dhttps:\/\/www3.gobiernodecanarias.org\/noticias\/candelaria-delgado-afirma-que-ninguna-mujer-victima-de-violencia-de-genero-se-vera-desasistida\/%26ct%3Dga%26cd%3DCAEYAyoUMTM3NDg3MDQ5NjE3OTg0NjA5NDIyGWMwMzcyZWJjMmZlYWRhNTk6ZXM6ZXM6RVM%26usg%3DAOvVaw1ylxWhoeayD99EekUFUX7v&amp;source=gmail&amp;ust=1702657095354000&amp;usg=AOvVaw3vR8_lD3e4KBIUI-Qf4F3V\">Candelaria Delgado afirma que \u201cninguna mujer v\u00edctima de violencia de g\u00e9nero se ver\u00e1 desasistida\u201d-\u00a0<\/a><a>Portal Gobierno de Canarias<br \/>\n<\/a><a href=\"https:\/\/www.google.com\/url?rct=j&amp;sa=t&amp;url=https:\/\/www.20minutos.es\/noticia\/653738\/0\/eroski-se-suma-al-foro-para-la-igualdad-entre-hombres-y-mujeres-de-emakunde\/&amp;ct=ga&amp;cd=CAEYByoUMTM3NDg3MDQ5NjE3OTg0NjA5NDIyGWMwMzcyZWJjMmZlYWRhNTk6ZXM6ZXM6RVM&amp;usg=AOvVaw191j5FrINixK6FhpEgQhd2\" target=\"_blank\" rel=\"noopener\" data-saferedirecturl=\"https:\/\/www.google.com\/url?q=https:\/\/www.google.com\/url?rct%3Dj%26sa%3Dt%26url%3Dhttps:\/\/www.20minutos.es\/noticia\/653738\/0\/eroski-se-suma-al-foro-para-la-igualdad-entre-hombres-y-mujeres-de-emakunde\/%26ct%3Dga%26cd%3DCAEYByoUMTM3NDg3MDQ5NjE3OTg0NjA5NDIyGWMwMzcyZWJjMmZlYWRhNTk6ZXM6ZXM6RVM%26usg%3DAOvVaw191j5FrINixK6FhpEgQhd2&amp;source=gmail&amp;ust=1702657095355000&amp;usg=AOvVaw271Pazu1tBgJ4H96clR600\">Eroski se suma al Foro para la igualdad entre hombres y\u00a0mujeres de Emakunde &#8211;\u00a0<\/a><a>20Minutos<br \/>\n<\/a><a href=\"https:\/\/www.google.com\/url?rct=j&amp;sa=t&amp;url=https:\/\/www.europapress.es\/castilla-lamancha\/noticia-plataforma-voluntariado-lm-demanda-ley-adaptada-siglo-xxi-mas-formacion-respaldo-normativo-20231212141315.html&amp;ct=ga&amp;cd=CAEYCCoUMTM3NDg3MDQ5NjE3OTg0NjA5NDIyGWMwMzcyZWJjMmZlYWRhNTk6ZXM6ZXM6RVM&amp;usg=AOvVaw0QG9X_MsbbW5D4cSbUJw8v\" target=\"_blank\" rel=\"noopener\" data-saferedirecturl=\"https:\/\/www.google.com\/url?q=https:\/\/www.google.com\/url?rct%3Dj%26sa%3Dt%26url%3Dhttps:\/\/www.europapress.es\/castilla-lamancha\/noticia-plataforma-voluntariado-lm-demanda-ley-adaptada-siglo-xxi-mas-formacion-respaldo-normativo-20231212141315.html%26ct%3Dga%26cd%3DCAEYCCoUMTM3NDg3MDQ5NjE3OTg0NjA5NDIyGWMwMzcyZWJjMmZlYWRhNTk6ZXM6ZXM6RVM%26usg%3DAOvVaw0QG9X_MsbbW5D4cSbUJw8v&amp;source=gmail&amp;ust=1702657095356000&amp;usg=AOvVaw0y4mudHvI1S1uaTJjCCac4\">La Plataforma del Voluntariado de C-LM demanda una ley \u00abadaptada al siglo XXI\u00bb-\u00a0<\/a><a>Europa Press<br \/>\n<\/a><a href=\"https:\/\/www.google.com\/url?rct=j&amp;sa=t&amp;url=https:\/\/comunica.gva.es\/es\/detalle%3Fid%3D377361567%26site%3D373431293&amp;ct=ga&amp;cd=CAEYDCoUMTM3NDg3MDQ5NjE3OTg0NjA5NDIyGWMwMzcyZWJjMmZlYWRhNTk6ZXM6ZXM6RVM&amp;usg=AOvVaw0OZ1TMiCXDUMVkXyEZlCjP\" target=\"_blank\" rel=\"noopener\" data-saferedirecturl=\"https:\/\/www.google.com\/url?q=https:\/\/www.google.com\/url?rct%3Dj%26sa%3Dt%26url%3Dhttps:\/\/comunica.gva.es\/es\/detalle%253Fid%253D377361567%2526site%253D373431293%26ct%3Dga%26cd%3DCAEYDCoUMTM3NDg3MDQ5NjE3OTg0NjA5NDIyGWMwMzcyZWJjMmZlYWRhNTk6ZXM6ZXM6RVM%26usg%3DAOvVaw0OZ1TMiCXDUMVkXyEZlCjP&amp;source=gmail&amp;ust=1702657095357000&amp;usg=AOvVaw228-K-xgNlyrvWG2R3egg3\">La Generalitat pone en marcha una nueva edici\u00f3n del proyecto &#8216;Fem Xarxa. Fem Igualtat&#8217;-\u00a0<\/a><a>\u00a0Comunica GVA<\/a><\/p>\n<p><strong>Econom\u00eda y Empresa<br \/>\n<\/strong><a href=\"https:\/\/www.google.com\/url?rct=j&amp;sa=t&amp;url=https:\/\/www.20minutos.es\/mujer\/mas-mujer\/green-skills-liderazgo-mujeres-5197818\/&amp;ct=ga&amp;cd=CAEYASoSNjk3Njg1OTg3ODk1NDAxMTc4MhljMDM3MmViYzJmZWFkYTU5OmVzOmVzOkVT&amp;usg=AOvVaw3piZhMipmqotEpitjD59yk\" target=\"_blank\" rel=\"noopener\" data-saferedirecturl=\"https:\/\/www.google.com\/url?q=https:\/\/www.google.com\/url?rct%3Dj%26sa%3Dt%26url%3Dhttps:\/\/www.20minutos.es\/mujer\/mas-mujer\/green-skills-liderazgo-mujeres-5197818\/%26ct%3Dga%26cd%3DCAEYASoSNjk3Njg1OTg3ODk1NDAxMTc4MhljMDM3MmViYzJmZWFkYTU5OmVzOmVzOkVT%26usg%3DAOvVaw3piZhMipmqotEpitjD59yk&amp;source=gmail&amp;ust=1702657095521000&amp;usg=AOvVaw3LRaMDCgH63iCean66z5oD\">Qu\u00e9 son las &#8216;green skills&#8217;, por qu\u00e9 las\u00a0mujeres se preocupan m\u00e1s por ellas y qu\u00e9 suponen en los puestos de poder?&#8230;-\u00a0<\/a><a>20Minutos<br \/>\n<\/a><a href=\"https:\/\/www.google.com\/url?rct=j&amp;sa=t&amp;url=https:\/\/www.eleconomista.es\/actualidad\/noticias\/12581713\/12\/23\/maria-dominguez-mas-de-150-empresas-espanolas-trabajan-cada-dia-para-eliminar-la-brecha-de-genero.html&amp;ct=ga&amp;cd=CAEYACoUMTIyNDg0NzU5NDM4MzMzMTM0MzkyGTU5ZDc4MTcxMzZhMmQwMjg6ZXM6ZXM6RVM&amp;usg=AOvVaw0Y7Qb7_P22Tn1JHL3MZ3bq\" target=\"_blank\" rel=\"noopener\" data-saferedirecturl=\"https:\/\/www.google.com\/url?q=https:\/\/www.google.com\/url?rct%3Dj%26sa%3Dt%26url%3Dhttps:\/\/www.eleconomista.es\/actualidad\/noticias\/12581713\/12\/23\/maria-dominguez-mas-de-150-empresas-espanolas-trabajan-cada-dia-para-eliminar-la-brecha-de-genero.html%26ct%3Dga%26cd%3DCAEYACoUMTIyNDg0NzU5NDM4MzMzMTM0MzkyGTU5ZDc4MTcxMzZhMmQwMjg6ZXM6ZXM6RVM%26usg%3DAOvVaw0Y7Qb7_P22Tn1JHL3MZ3bq&amp;source=gmail&amp;ust=1702657096400000&amp;usg=AOvVaw3kWFko4bTK9773NyW5N0us\">M\u00f3nica Dom\u00ednguez: \u00abM\u00e1s de 150 empresas espa\u00f1olas trabajan cada d\u00eda para eliminar la &#8230;-\u00a0<\/a><a>elEconomista<br \/>\n<\/a><a class=\"title\" href=\"https:\/\/www.equiposytalento.com\/noticias\/2023\/12\/14\/cerca-de-8-de-cada-10-profesionales--de-la-sanidad-son-mujeres\" target=\"_blank\" rel=\"noopener\" data-artpy=\"0\" data-author=\"Equipos y Talento\">Cerca de 8 de cada 10 profesionales de la sanidad son mujeres<\/a>-equiposytalento<br \/>\n<a class=\"title\" href=\"https:\/\/www.df.cl\/empresas\/banca-instituciones-financieras\/las-mujeres-tienen-un-mejor-comportamiento-de-pago-que-los-hombres\" target=\"_blank\" rel=\"noopener\" data-artpy=\"0\" data-author=\"Diario Financiero\">Las mujeres tienen un mejor comportamiento de pago que los hombres, confirma estudio<\/a>-diariofinanciero<br \/>\n<a class=\"title\" href=\"https:\/\/www.diariosur.es\/economia\/mibolsillo\/empleadas-hogar-trabajen-varias-casas-despedidas-paro-20231212131515-nt.html\" target=\"_blank\" rel=\"noopener\" data-artpy=\"0\" data-author=\"SUR\">Las empleadas de hogar que trabajen en varias casas y sean despedidas de una podr\u00e1n cobrar paro y mantener los otros contratos<\/a>-sur<br \/>\n<a class=\"title\" href=\"https:\/\/www.msn.com\/es-es\/dinero\/other\/las-comunidades-en-pie-de-guerra-contra-la-obligaci%C3%B3n-de-cotizar-por-las-pr%C3%A1cticas-son-alumnos-no-trabajadores\/ar-AA1luGp5\" target=\"_blank\" rel=\"noopener\" data-artpy=\"0\" data-author=\"elEconomista on MSN\">Las comunidades, en pie de guerra contra la obligaci\u00f3n de cotizar por las pr\u00e1cticas: \u00abSon alumnos, no trabajadores\u00bb<\/a>-eleconomista<a><br \/>\n<\/a><\/p>\n<p><strong>Actualidad<br \/>\n<\/strong><a href=\"https:\/\/www.google.com\/url?rct=j&amp;sa=t&amp;url=https:\/\/www.latercera.com\/paula\/ana-guajardo-directora-de-mujeres-en-la-industria-de-los-videojuegos-para-muchos-hombres-este-rubro-no-le-corresponde-a-las-mujeres-cuando-nos-ven-ahi-tratan-de-ponernos-en-nuestro-lugar\/&amp;ct=ga&amp;cd=CAEYACoTOTE0MDE4ODAxODY4MDkzODEzOTIZZTJkZWZhN2Q1ZGE5MTU3ZDplczplczpFUw&amp;usg=AOvVaw0NVRaWL64Q3_96LDG8A7WT\" target=\"_blank\" rel=\"noopener\" data-saferedirecturl=\"https:\/\/www.google.com\/url?q=https:\/\/www.google.com\/url?rct%3Dj%26sa%3Dt%26url%3Dhttps:\/\/www.latercera.com\/paula\/ana-guajardo-directora-de-mujeres-en-la-industria-de-los-videojuegos-para-muchos-hombres-este-rubro-no-le-corresponde-a-las-mujeres-cuando-nos-ven-ahi-tratan-de-ponernos-en-nuestro-lugar\/%26ct%3Dga%26cd%3DCAEYACoTOTE0MDE4ODAxODY4MDkzODEzOTIZZTJkZWZhN2Q1ZGE5MTU3ZDplczplczpFUw%26usg%3DAOvVaw0NVRaWL64Q3_96LDG8A7WT&amp;source=gmail&amp;ust=1702657098780000&amp;usg=AOvVaw22w67e2ZqYWZmFSZo_mNFb\">Ana Guajardo, directora de Mujeres en la Industria de los Videojuegos: \u201cPara muchos &#8230; &#8211;\u00a0<\/a><a>La Tercera<br \/>\n<\/a><a href=\"https:\/\/www.google.com\/url?rct=j&amp;sa=t&amp;url=https:\/\/www.huffingtonpost.es\/life\/salud\/un-estudio-revela-desayunar-cenar-temprano-reducir-riesgo-cardiovascularbr.html&amp;ct=ga&amp;cd=CAEYAyoRMjY4NzYxNzE0NTA1OTUwMzEyGWMwMzcyZWJjMmZlYWRhNTk6ZXM6ZXM6RVM&amp;usg=AOvVaw1OIXgLw7s-sN_GE1OXfnzV\" target=\"_blank\" rel=\"noopener\" data-saferedirecturl=\"https:\/\/www.google.com\/url?q=https:\/\/www.google.com\/url?rct%3Dj%26sa%3Dt%26url%3Dhttps:\/\/www.huffingtonpost.es\/life\/salud\/un-estudio-revela-desayunar-cenar-temprano-reducir-riesgo-cardiovascularbr.html%26ct%3Dga%26cd%3DCAEYAyoRMjY4NzYxNzE0NTA1OTUwMzEyGWMwMzcyZWJjMmZlYWRhNTk6ZXM6ZXM6RVM%26usg%3DAOvVaw1OIXgLw7s-sN_GE1OXfnzV&amp;source=gmail&amp;ust=1702657095717000&amp;usg=AOvVaw2vVoCnTD-rzr7twHtCk-WB\">Un estudio revela que desayunar y cenar temprano puede reducir el riesgo cardiovascular-\u00a0<\/a><a>El HuffPost<br \/>\n<\/a><\/p>\n<p><strong>Violencia<br \/>\n<\/strong><a href=\"https:\/\/www.google.com\/url?rct=j&amp;sa=t&amp;url=https:\/\/www.infobae.com\/espana\/2023\/12\/14\/la-violencia-de-genero-en-mujeres-migrantes-corren-mas-riesgos-al-salir-de-su-pais-en-el-viaje-y-cuando-llegan-al-destino\/&amp;ct=ga&amp;cd=CAEYACoTOTg0NTU2NjAyMDQ0ODIyOTIxNDIZNTlkNzgxNzEzNmEyZDAyODplczplczpFUw&amp;usg=AOvVaw2q5Uu2iJ52lGRhd2G9klfr\" target=\"_blank\" rel=\"noopener\" data-saferedirecturl=\"https:\/\/www.google.com\/url?q=https:\/\/www.google.com\/url?rct%3Dj%26sa%3Dt%26url%3Dhttps:\/\/www.infobae.com\/espana\/2023\/12\/14\/la-violencia-de-genero-en-mujeres-migrantes-corren-mas-riesgos-al-salir-de-su-pais-en-el-viaje-y-cuando-llegan-al-destino\/%26ct%3Dga%26cd%3DCAEYACoTOTg0NTU2NjAyMDQ0ODIyOTIxNDIZNTlkNzgxNzEzNmEyZDAyODplczplczpFUw%26usg%3DAOvVaw2q5Uu2iJ52lGRhd2G9klfr&amp;source=gmail&amp;ust=1702657096622000&amp;usg=AOvVaw3dO2ELqlZLBvUFbh0xITg_\">La violencia de g\u00e9nero en mujeres migrantes: \u201cCorren m\u00e1s riesgos al salir de su pa\u00eds, en &#8230; &#8211;<\/a><a href=\"https:\/\/www.google.com\/url?rct=j&amp;sa=t&amp;url=https:\/\/www.infobae.com\/espana\/2023\/12\/14\/la-violencia-de-genero-en-mujeres-migrantes-corren-mas-riesgos-al-salir-de-su-pais-en-el-viaje-y-cuando-llegan-al-destino\/&amp;ct=ga&amp;cd=CAEYACoTOTg0NTU2NjAyMDQ0ODIyOTIxNDIZNTlkNzgxNzEzNmEyZDAyODplczplczpFUw&amp;usg=AOvVaw2q5Uu2iJ52lGRhd2G9klfr\" target=\"_blank\" rel=\"noopener\" data-saferedirecturl=\"https:\/\/www.google.com\/url?q=https:\/\/www.google.com\/url?rct%3Dj%26sa%3Dt%26url%3Dhttps:\/\/www.infobae.com\/espana\/2023\/12\/14\/la-violencia-de-genero-en-mujeres-migrantes-corren-mas-riesgos-al-salir-de-su-pais-en-el-viaje-y-cuando-llegan-al-destino\/%26ct%3Dga%26cd%3DCAEYACoTOTg0NTU2NjAyMDQ0ODIyOTIxNDIZNTlkNzgxNzEzNmEyZDAyODplczplczpFUw%26usg%3DAOvVaw2q5Uu2iJ52lGRhd2G9klfr&amp;source=gmail&amp;ust=1702657096622000&amp;usg=AOvVaw3dO2ELqlZLBvUFbh0xITg_\">\u00a0<\/a><a>Infobae<br \/>\n<\/a><a href=\"https:\/\/www.google.com\/url?rct=j&amp;sa=t&amp;url=https:\/\/eldiariofeminista.info\/2023\/12\/13\/el-impacto-de-la-violencia-de-genero-en-el-contagio-de-vih-segun-onu-mujeres\/&amp;ct=ga&amp;cd=CAEYAioTODExMDgxMTY2MDExOTY2NDk1MDIZNTlkNzgxNzEzNmEyZDAyODplczplczpFUw&amp;usg=AOvVaw0C1NEx8fjcBlePKHJkKZxQ\" target=\"_blank\" rel=\"noopener\" data-saferedirecturl=\"https:\/\/www.google.com\/url?q=https:\/\/www.google.com\/url?rct%3Dj%26sa%3Dt%26url%3Dhttps:\/\/eldiariofeminista.info\/2023\/12\/13\/el-impacto-de-la-violencia-de-genero-en-el-contagio-de-vih-segun-onu-mujeres\/%26ct%3Dga%26cd%3DCAEYAioTODExMDgxMTY2MDExOTY2NDk1MDIZNTlkNzgxNzEzNmEyZDAyODplczplczpFUw%26usg%3DAOvVaw0C1NEx8fjcBlePKHJkKZxQ&amp;source=gmail&amp;ust=1702657096376000&amp;usg=AOvVaw0avoPdCVaA0dPqXrBORj-f\">El impacto de la violencia de\u00a0g\u00e9nero en el contagio de VIH seg\u00fan ONU Mujeres-\u00a0<\/a><a>Diario Feminista<\/a><\/p>\n<p><strong>Ciencia y Cultura<br \/>\n<\/strong><a href=\"https:\/\/www.google.com\/url?rct=j&amp;sa=t&amp;url=https:\/\/www.lavanguardia.com\/sociedad\/20231214\/9450738\/gobierno-busca-cerrar-brecha-genero-disciplinas-cientificas-tecnologicas-agenciaslv20231214.html&amp;ct=ga&amp;cd=CAEYACoTMzI4NzE4OTYzNzAwOTg4NzQ4MDIZNTlkNzgxNzEzNmEyZDAyODplczplczpFUw&amp;usg=AOvVaw1BkfzfqvujU_CSnmWKEw3Z\" target=\"_blank\" rel=\"noopener\" data-saferedirecturl=\"https:\/\/www.google.com\/url?q=https:\/\/www.google.com\/url?rct%3Dj%26sa%3Dt%26url%3Dhttps:\/\/www.lavanguardia.com\/sociedad\/20231214\/9450738\/gobierno-busca-cerrar-brecha-genero-disciplinas-cientificas-tecnologicas-agenciaslv20231214.html%26ct%3Dga%26cd%3DCAEYACoTMzI4NzE4OTYzNzAwOTg4NzQ4MDIZNTlkNzgxNzEzNmEyZDAyODplczplczpFUw%26usg%3DAOvVaw1BkfzfqvujU_CSnmWKEw3Z&amp;source=gmail&amp;ust=1702658685109000&amp;usg=AOvVaw2HpErii1dy1F05UaubCq7C\">El Gobierno busca cerrar la brecha de\u00a0g\u00e9nero en las disciplinas cient\u00edficas y tecnol\u00f3gicas-\u00a0<\/a><a>La Vanguardia<br \/>\n<\/a><a href=\"https:\/\/www.google.com\/url?rct=j&amp;sa=t&amp;url=https:\/\/rtvc.es\/destacan-papel-mujer-en-ciencia-con-expedicion-a-la-antartida\/&amp;ct=ga&amp;cd=CAEYASoTNDI0NTQ4MDk5MjExNTE0NTQ0ODIZYzAzNzJlYmMyZmVhZGE1OTplczplczpFUw&amp;usg=AOvVaw2DpKguXbm_e0ME6A_-OSIT\" target=\"_blank\" rel=\"noopener\" data-saferedirecturl=\"https:\/\/www.google.com\/url?q=https:\/\/www.google.com\/url?rct%3Dj%26sa%3Dt%26url%3Dhttps:\/\/rtvc.es\/destacan-papel-mujer-en-ciencia-con-expedicion-a-la-antartida\/%26ct%3Dga%26cd%3DCAEYASoTNDI0NTQ4MDk5MjExNTE0NTQ0ODIZYzAzNzJlYmMyZmVhZGE1OTplczplczpFUw%26usg%3DAOvVaw2DpKguXbm_e0ME6A_-OSIT&amp;source=gmail&amp;ust=1702657718719000&amp;usg=AOvVaw3bRqcwQlmi1b6-ZwVBu9F6\">Destacan el papel de la mujer en la ciencia con una expedici\u00f3n a la Ant\u00e1rtida-\u00a0<\/a><a>Radio Televisi\u00f3n Canaria<br \/>\n<\/a><a href=\"https:\/\/www.google.com\/url?rct=j&amp;sa=t&amp;url=https:\/\/www.zendalibros.com\/isabel-grameson-el-valor-de-una-mujer-en-el-siglo-xviii\/&amp;ct=ga&amp;cd=CAEYByoSNjk3Njg1OTg3ODk1NDAxMTc4MhljMDM3MmViYzJmZWFkYTU5OmVzOmVzOkVT&amp;usg=AOvVaw3qlUIcRxCdwqivEJfoUf7U\" target=\"_blank\" rel=\"noopener\" data-saferedirecturl=\"https:\/\/www.google.com\/url?q=https:\/\/www.google.com\/url?rct%3Dj%26sa%3Dt%26url%3Dhttps:\/\/www.zendalibros.com\/isabel-grameson-el-valor-de-una-mujer-en-el-siglo-xviii\/%26ct%3Dga%26cd%3DCAEYByoSNjk3Njg1OTg3ODk1NDAxMTc4MhljMDM3MmViYzJmZWFkYTU5OmVzOmVzOkVT%26usg%3DAOvVaw3qlUIcRxCdwqivEJfoUf7U&amp;source=gmail&amp;ust=1702657095523000&amp;usg=AOvVaw3f2SzJe2sy3ckoXzCVm-cf\">Isabel Grames\u00f3n: El valor de una mujer en el siglo XVIII &#8211;\u00a0<\/a><a>Zenda<br \/>\n<\/a><a href=\"https:\/\/www.google.com\/url?rct=j&amp;sa=t&amp;url=https:\/\/www.ondavasca.com\/la-escritora-mariasun-landa-premio-emakunde-por-su-aportacion-a-la-igualdad\/&amp;ct=ga&amp;cd=CAEYBioTNzI1NzQyOTc2MDgyMjMwMDk4ODIZYzAzNzJlYmMyZmVhZGE1OTplczplczpFUw&amp;usg=AOvVaw1-S_f-6V6QIf6-jrSu6H00\" target=\"_blank\" rel=\"noopener\" data-saferedirecturl=\"https:\/\/www.google.com\/url?q=https:\/\/www.google.com\/url?rct%3Dj%26sa%3Dt%26url%3Dhttps:\/\/www.ondavasca.com\/la-escritora-mariasun-landa-premio-emakunde-por-su-aportacion-a-la-igualdad\/%26ct%3Dga%26cd%3DCAEYBioTNzI1NzQyOTc2MDgyMjMwMDk4ODIZYzAzNzJlYmMyZmVhZGE1OTplczplczpFUw%26usg%3DAOvVaw1-S_f-6V6QIf6-jrSu6H00&amp;source=gmail&amp;ust=1702657095738000&amp;usg=AOvVaw1-Mn9TwuAKbuLr5t5HWAPz\">La escritora Mariasun Landa, Premio Emakunde por su aportaci\u00f3n a la igualdad-\u00a0<\/a><a>Onda Vasca<br \/>\n<\/a><a class=\"title\" href=\"https:\/\/www.europapress.es\/cultura\/exposiciones-00131\/noticia-bne-loterias-homenajean-sinsombrero-grandes-olvidadas-generacion-27-20231214185500.html\" target=\"_blank\" rel=\"noopener\" data-artpy=\"0\" data-author=\"Europa Press\">BNE y Loter\u00edas homenajean a &#8216;Las Sinsombrero&#8217;, las \u00abgrandes olvidadas\u00bb de la Generaci\u00f3n del 27<\/a>-europapress<a><br \/>\n<\/a><a class=\"title\" href=\"https:\/\/www.elsaltodiario.com\/literatura\/entrevista-purificacio-mascarell-autora-novela-mireia\" target=\"_blank\" rel=\"noopener\" data-artpy=\"0\" data-author=\"elsaltodiario\">Purificaci\u00f3 Mascarell indaga en el mito de la \u2018femme fatale\u2019 y del desconocido cient\u00edfico Luis Simarro Lacabra<\/a>-elsaltodiario<a><br \/>\n<\/a><\/p>\n<div>\n<p><strong>Deporte<br \/>\n<\/strong><a class=\"title\" href=\"https:\/\/www.teleprensa.com\/articulo\/deportes\/aitana-bonmati-jennifer-hermoso-optan-the-best-fifa\/202312141632481652365.html\" target=\"_blank\" rel=\"noopener\" data-artpy=\"0\" data-author=\"Tele Prensa\">Aitana Bonmat\u00ed y Jennifer Hermoso optan al &#8216;The Best&#8217; de la FIFA<\/a>-teleprensa<br \/>\n<a class=\"title\" href=\"https:\/\/es-us.vida-estilo.yahoo.com\/entrevistamos-paula-badosa-inseguridades-mayor%C3%ADa-172600505.html\" target=\"_blank\" rel=\"noopener\" data-artpy=\"0\" data-author=\"Yahoo Vida y Estilo Espa\u00f1a\">Entrevistamos a Paula Badosa: &#8216;Tengo inseguridades, como la mayor\u00eda, pero cada vez me quiero m\u00e1s&#8217;<\/a>-yahoo<strong><br \/>\n<\/strong><\/p>\n<\/div>\n<\/div>\n<\/div>\n<div id=\"\" class=\"lsow-panel lsow-active\">\n<h1 class=\"lsow-panel-title\">Internacional<\/h1>\n<div class=\"lsow-panel-content\">\n<p><a href=\"https:\/\/www.google.com\/url?rct=j&amp;sa=t&amp;url=https:\/\/mioriente.com\/mi-oriente\/organizaciones-representacion-mujer.html&amp;ct=ga&amp;cd=CAEYACoTNzUxMDMzNDU4NDI2MjIyOTkwMjIbZTBmNTg2ODk3YjVmNzgzZTplczplczpFUzpM&amp;usg=AOvVaw0NeW09uLOJEnLlszhRR2uK\" target=\"_blank\" rel=\"noopener\" data-saferedirecturl=\"https:\/\/www.google.com\/url?q=https:\/\/www.google.com\/url?rct%3Dj%26sa%3Dt%26url%3Dhttps:\/\/mioriente.com\/mi-oriente\/organizaciones-representacion-mujer.html%26ct%3Dga%26cd%3DCAEYACoTNzUxMDMzNDU4NDI2MjIyOTkwMjIbZTBmNTg2ODk3YjVmNzgzZTplczplczpFUzpM%26usg%3DAOvVaw0NeW09uLOJEnLlszhRR2uK&amp;source=gmail&amp;ust=1702578202390000&amp;usg=AOvVaw3YuZ5KzjfZ12WH-KQZDdYJ\">Seg\u00fan estudio, el 40 % de las organizaciones del Oriente tiene como representante legal a una mujer &#8230;-\u00a0<\/a><a>Mi Oriente<br \/>\n<\/a><a class=\"title\" href=\"https:\/\/www.elespanol.com\/enclave-ods\/opinion\/20231214\/euthenia-red-mujeres-ejecutivas-trabajan-ods\/817048296_13.html\" target=\"_blank\" rel=\"noopener\" data-artpy=\"0\" data-author=\"ESPA\u00d1OL\">Euthenia, una red de mujeres ejecutivas que trabajan por el ODS 5<\/a>-elespa\u00f1ol<a><br \/>\n<\/a><a href=\"https:\/\/www.google.com\/url?rct=j&amp;sa=t&amp;url=https:\/\/comunicacionsocial.diputados.gob.mx\/index.php\/boletines\/aprueban-en-comision-dictamen-para-incluir-la-paridad-de-genero-en-los-organos-directivos-del-infonavit&amp;ct=ga&amp;cd=CAEYBCoUMTE4OTA5NzUzNTcxMDkzODY5NzMyGWMwMzcyZWJjMmZlYWRhNTk6ZXM6ZXM6RVM&amp;usg=AOvVaw1Os8m750F06O-21nHZDceI\" target=\"_blank\" rel=\"noopener\" data-saferedirecturl=\"https:\/\/www.google.com\/url?q=https:\/\/www.google.com\/url?rct%3Dj%26sa%3Dt%26url%3Dhttps:\/\/comunicacionsocial.diputados.gob.mx\/index.php\/boletines\/aprueban-en-comision-dictamen-para-incluir-la-paridad-de-genero-en-los-organos-directivos-del-infonavit%26ct%3Dga%26cd%3DCAEYBCoUMTE4OTA5NzUzNTcxMDkzODY5NzMyGWMwMzcyZWJjMmZlYWRhNTk6ZXM6ZXM6RVM%26usg%3DAOvVaw1Os8m750F06O-21nHZDceI&amp;source=gmail&amp;ust=1702657095589000&amp;usg=AOvVaw23PGxM1MCNwvjEqaPA6B10\">Aprueban en Comisi\u00f3n dictamen para incluir la paridad de g\u00e9nero en los \u00f3rganos directivos &#8230;-\u00a0<\/a><a>Comunicaci\u00f3n &#8211; C\u00e1mara de Diputados<br \/>\n<\/a><a href=\"https:\/\/www.google.com\/url?rct=j&amp;sa=t&amp;url=https:\/\/www.infosalus.com\/actualidad\/noticia-mas-55-poblacion-mundial-no-tiene-cubiertos-servicios-esenciales-salud-20231212141213.html&amp;ct=ga&amp;cd=CAEYAioUMTUwOTAwMjMzMzA0OTYzNzIzMDMyGTU5ZDc4MTcxMzZhMmQwMjg6ZXM6ZXM6RVM&amp;usg=AOvVaw3A2ETox5CIG14FvfvcbA6F\" target=\"_blank\" rel=\"noopener\" data-saferedirecturl=\"https:\/\/www.google.com\/url?q=https:\/\/www.google.com\/url?rct%3Dj%26sa%3Dt%26url%3Dhttps:\/\/www.infosalus.com\/actualidad\/noticia-mas-55-poblacion-mundial-no-tiene-cubiertos-servicios-esenciales-salud-20231212141213.html%26ct%3Dga%26cd%3DCAEYAioUMTUwOTAwMjMzMzA0OTYzNzIzMDMyGTU5ZDc4MTcxMzZhMmQwMjg6ZXM6ZXM6RVM%26usg%3DAOvVaw3A2ETox5CIG14FvfvcbA6F&amp;source=gmail&amp;ust=1702657096487000&amp;usg=AOvVaw2Cyc7v8cg4ancOxgohylJY\">M\u00e1s del 55% de la poblaci\u00f3n mundial no tiene cubiertos sus servicios esenciales de salud-\u00a0<\/a><a>Infosalus<br \/>\n<\/a><a class=\"title\" href=\"https:\/\/www.rtve.es\/play\/videos\/telediario-1\/critica-situacion-poblacon-sur-gaza-malviven-sin-comida-agua-hacinados\/7035598\/\" target=\"_blank\" rel=\"noopener\" data-artpy=\"0\" data-author=\"RTVE\">La cr\u00edtica situaci\u00f3n de poblac\u00f3n en el sur de Gaza: malviven sin comida, agua y hacinados<\/a>-rtve<br \/>\n<a class=\"title\" href=\"https:\/\/www.abc.es\/espana\/organizacion-hondurena-centro-derechos-mujeres-gana-premio-20231213224226-vi.html\" target=\"_blank\" rel=\"noopener\" data-artpy=\"0\" data-author=\"ABC\">La organizaci\u00f3n hondure\u00f1a Centro de Derechos de Mujeres gana el Premio de D.Humanos Europa<\/a>-abc<a><br \/>\n<\/a><a href=\"https:\/\/www.google.com\/url?rct=j&amp;sa=t&amp;url=https:\/\/diario.uach.cl\/jessica-matus-la-violencia-de-genero-digital-no-existe-como-figura-penal-en-chile\/&amp;ct=ga&amp;cd=CAEYACoSOTgzMTMyMTQzMjIyMDI1NjMwMhllMWU3N2QxNTYwOThhOGUzOmVzOmVzOkVT&amp;usg=AOvVaw3ij4KNYFBOEKGQmt2ctbi8\" target=\"_blank\" rel=\"noopener\" data-saferedirecturl=\"https:\/\/www.google.com\/url?q=https:\/\/www.google.com\/url?rct%3Dj%26sa%3Dt%26url%3Dhttps:\/\/diario.uach.cl\/jessica-matus-la-violencia-de-genero-digital-no-existe-como-figura-penal-en-chile\/%26ct%3Dga%26cd%3DCAEYACoSOTgzMTMyMTQzMjIyMDI1NjMwMhllMWU3N2QxNTYwOThhOGUzOmVzOmVzOkVT%26usg%3DAOvVaw3ij4KNYFBOEKGQmt2ctbi8&amp;source=gmail&amp;ust=1702657096058000&amp;usg=AOvVaw3zQDebpVtX56xj4yJV9Oda\">Jessica Matus: \u201cLa\u00a0violencia de g\u00e9nero digital no existe como figura penal en Chile\u201d-\u00a0<\/a><a>Diario UACh<br \/>\n<\/a><a href=\"https:\/\/www.google.com\/url?rct=j&amp;sa=t&amp;url=https:\/\/www.harpersbazaar.com\/es\/cultura\/ocio\/a46088280\/mujeres-visten-mujeres-exposicion-met-museo\/&amp;ct=ga&amp;cd=CAEYAyoUMTQwNDE2NTc2MzEzNDE1MjU2MjEyGWMwMzcyZWJjMmZlYWRhNTk6ZXM6ZXM6RVM&amp;usg=AOvVaw2hpMu1SJABE61O7R-7MzGV\" target=\"_blank\" rel=\"noopener\" data-saferedirecturl=\"https:\/\/www.google.com\/url?q=https:\/\/www.google.com\/url?rct%3Dj%26sa%3Dt%26url%3Dhttps:\/\/www.harpersbazaar.com\/es\/cultura\/ocio\/a46088280\/mujeres-visten-mujeres-exposicion-met-museo\/%26ct%3Dga%26cd%3DCAEYAyoUMTQwNDE2NTc2MzEzNDE1MjU2MjEyGWMwMzcyZWJjMmZlYWRhNTk6ZXM6ZXM6RVM%26usg%3DAOvVaw2hpMu1SJABE61O7R-7MzGV&amp;source=gmail&amp;ust=1702657095466000&amp;usg=AOvVaw2O11lXek67ulcx8i83iN8V\">De Elsa Schiaparelli a Iris van Herpen: el MET homenajea el papel de las dise\u00f1adoras en la moda-\u00a0<\/a><a>Harper&#8217;s BAZAAR<br \/>\n<\/a><a href=\"https:\/\/www.google.com\/url?rct=j&amp;sa=t&amp;url=https:\/\/www.fifpro.org\/es\/quienes-somos\/miembros-de-fifpro\/una-encuesta-inedita-de-fifpro-sudamerica-entre-futbolistas-revela-las-condiciones-del-futbol-femenino-en-la-region&amp;ct=ga&amp;cd=CAEYACoTMTc0MjU2NDAzNDQyMjI2NDgxMzIZZTJkZWZhN2Q1ZGE5MTU3ZDplczplczpFUw&amp;usg=AOvVaw2w1mR_x-wrCCIalrsRhcDd\" target=\"_blank\" rel=\"noopener\" data-saferedirecturl=\"https:\/\/www.google.com\/url?q=https:\/\/www.google.com\/url?rct%3Dj%26sa%3Dt%26url%3Dhttps:\/\/www.fifpro.org\/es\/quienes-somos\/miembros-de-fifpro\/una-encuesta-inedita-de-fifpro-sudamerica-entre-futbolistas-revela-las-condiciones-del-futbol-femenino-en-la-region%26ct%3Dga%26cd%3DCAEYACoTMTc0MjU2NDAzNDQyMjI2NDgxMzIZZTJkZWZhN2Q1ZGE5MTU3ZDplczplczpFUw%26usg%3DAOvVaw2w1mR_x-wrCCIalrsRhcDd&amp;source=gmail&amp;ust=1702668122469000&amp;usg=AOvVaw1EHHO-FpBKQ0PO81GsMNWr\">Una encuesta in\u00e9dita de FIFPRO Sudam\u00e9rica entre futbolistas revela las condiciones del futbol femenino&#8230;-\u00a0<\/a> <a>FIFPro<\/a><a>\u00a0<\/a><\/p>\n<\/div>\n<\/div>\n<\/div><\/div><\/div><\/div><\/div>\n","protected":false},"excerpt":{"rendered":"<p>Euthenia, una red de mujeres ejecutivas que trabajan por el ODS 5 * \u00bfQu\u00e9 son las \u2018green skills\u2019, por qu\u00e9 las mujeres se preocupan m\u00e1s por ellas y qu\u00e9 suponen en los puestos de poder? * BNE y Loter\u00edas homenajean a \u2018Las Sinsombrero\u2019 * Aitana Bonmat\u00ed y Jennifer Hermoso optan al \u2018The Best\u2019 de la FIFA<\/p>\n","protected":false},"author":3,"featured_media":22909,"comment_status":"closed","ping_status":"closed","sticky":false,"template":"","format":"standard","meta":{"footnotes":""},"categories":[298,621],"tags":[139,337,673,224],"class_list":["post-20793","post","type-post","status-publish","format-standard","has-post-thumbnail","hentry","category-newsletter","category-nwl-3-0","tag-formacion","tag-green-skills","tag-medioambiente","tag-ods5"],"yoast_head":"<!-- This site is optimized with the Yoast SEO plugin v27.5 - https:\/\/yoast.com\/product\/yoast-seo-wordpress\/ -->\n<title>Noticias Info CKL n\u00ba 2838-14\/12\/23-Comunicar con perspectiva de g\u00e9nero<\/title>\n<meta name=\"description\" content=\"Noticias Info CKL n\u00ba 2838-14\/12\/23 Euthenia, una red de mujeres ejecutivas que trabajan por el ODS 5 * \u00bfQu\u00e9 son las \u2018green skills\u2019, por qu\u00e9 las mujeres se preocupan m\u00e1s por ellas y qu\u00e9 suponen en los puestos de poder? * BNE y Loter\u00edas homenajean a \u2018Las Sinsombrero\u2019 * Aitana Bonmat\u00ed y Jennifer Hermoso optan al \u2018The Best\u2019 de la FIFA\" \/>\n<meta name=\"robots\" content=\"index, follow, max-snippet:-1, max-image-preview:large, max-video-preview:-1\" \/>\n<link rel=\"canonical\" href=\"https:\/\/cklcomunicaciones.es\/coop\/noticias-info-ckl-no-2838-14-12-23\/\" \/>\n<meta property=\"og:locale\" content=\"es_ES\" \/>\n<meta property=\"og:type\" content=\"article\" \/>\n<meta property=\"og:title\" content=\"Noticias Info CKL n\u00ba 2838-14\/12\/23-Comunicar con perspectiva de g\u00e9nero\" \/>\n<meta property=\"og:description\" content=\"Noticias Info CKL n\u00ba 2838-14\/12\/23 Euthenia, una red de mujeres ejecutivas que trabajan por el ODS 5 * \u00bfQu\u00e9 son las \u2018green skills\u2019, por qu\u00e9 las mujeres se preocupan m\u00e1s por ellas y qu\u00e9 suponen en los puestos de poder? * BNE y Loter\u00edas homenajean a \u2018Las Sinsombrero\u2019 * Aitana Bonmat\u00ed y Jennifer Hermoso optan al \u2018The Best\u2019 de la FIFA\" \/>\n<meta property=\"og:url\" content=\"https:\/\/cklcomunicaciones.es\/coop\/noticias-info-ckl-no-2838-14-12-23\/\" \/>\n<meta property=\"og:site_name\" content=\"CKL Comunicaciones\" \/>\n<meta property=\"article:published_time\" content=\"2023-12-14T19:34:08+00:00\" \/>\n<meta property=\"article:modified_time\" content=\"2025-02-07T15:40:37+00:00\" \/>\n<meta property=\"og:image\" content=\"https:\/\/cklcomunicaciones.es\/coop\/wp-content\/uploads\/2025\/01\/CKL-una-mirada-distinta-de-la-comunicacion.jpg\" \/>\n\t<meta property=\"og:image:width\" content=\"1482\" \/>\n\t<meta property=\"og:image:height\" content=\"775\" \/>\n\t<meta property=\"og:image:type\" content=\"image\/jpeg\" \/>\n<meta name=\"author\" content=\"ckl\" \/>\n<meta name=\"twitter:card\" content=\"summary_large_image\" \/>\n<meta name=\"twitter:label1\" content=\"Escrito por\" \/>\n\t<meta name=\"twitter:data1\" content=\"ckl\" \/>\n\t<meta name=\"twitter:label2\" content=\"Tiempo de lectura\" \/>\n\t<meta name=\"twitter:data2\" content=\"6 minutos\" \/>\n<script type=\"application\/ld+json\" class=\"yoast-schema-graph\">{\"@context\":\"https:\\\/\\\/schema.org\",\"@graph\":[{\"@type\":\"Article\",\"@id\":\"https:\\\/\\\/cklcomunicaciones.es\\\/coop\\\/noticias-info-ckl-no-2838-14-12-23\\\/#article\",\"isPartOf\":{\"@id\":\"https:\\\/\\\/cklcomunicaciones.es\\\/coop\\\/noticias-info-ckl-no-2838-14-12-23\\\/\"},\"author\":{\"name\":\"ckl\",\"@id\":\"https:\\\/\\\/cklcomunicaciones.es\\\/coop\\\/#\\\/schema\\\/person\\\/929a6837f7626450bbb50cee1aef266e\"},\"headline\":\"Noticias Info CKL n\u00ba 2838-14\\\/12\\\/23\",\"datePublished\":\"2023-12-14T19:34:08+00:00\",\"dateModified\":\"2025-02-07T15:40:37+00:00\",\"mainEntityOfPage\":{\"@id\":\"https:\\\/\\\/cklcomunicaciones.es\\\/coop\\\/noticias-info-ckl-no-2838-14-12-23\\\/\"},\"wordCount\":1204,\"image\":{\"@id\":\"https:\\\/\\\/cklcomunicaciones.es\\\/coop\\\/noticias-info-ckl-no-2838-14-12-23\\\/#primaryimage\"},\"thumbnailUrl\":\"https:\\\/\\\/cklcomunicaciones.es\\\/coop\\\/wp-content\\\/uploads\\\/2025\\\/01\\\/CKL-una-mirada-distinta-de-la-comunicacion.jpg\",\"keywords\":[\"formaci\u00f3n\",\"green skills\",\"medioambiente\",\"ODS5\"],\"articleSection\":[\"Newsletter\",\"Nwl v3.0\"],\"inLanguage\":\"es\"},{\"@type\":\"WebPage\",\"@id\":\"https:\\\/\\\/cklcomunicaciones.es\\\/coop\\\/noticias-info-ckl-no-2838-14-12-23\\\/\",\"url\":\"https:\\\/\\\/cklcomunicaciones.es\\\/coop\\\/noticias-info-ckl-no-2838-14-12-23\\\/\",\"name\":\"Noticias Info CKL n\u00ba 2838-14\\\/12\\\/23-Comunicar con perspectiva de g\u00e9nero\",\"isPartOf\":{\"@id\":\"https:\\\/\\\/cklcomunicaciones.es\\\/coop\\\/#website\"},\"primaryImageOfPage\":{\"@id\":\"https:\\\/\\\/cklcomunicaciones.es\\\/coop\\\/noticias-info-ckl-no-2838-14-12-23\\\/#primaryimage\"},\"image\":{\"@id\":\"https:\\\/\\\/cklcomunicaciones.es\\\/coop\\\/noticias-info-ckl-no-2838-14-12-23\\\/#primaryimage\"},\"thumbnailUrl\":\"https:\\\/\\\/cklcomunicaciones.es\\\/coop\\\/wp-content\\\/uploads\\\/2025\\\/01\\\/CKL-una-mirada-distinta-de-la-comunicacion.jpg\",\"datePublished\":\"2023-12-14T19:34:08+00:00\",\"dateModified\":\"2025-02-07T15:40:37+00:00\",\"author\":{\"@id\":\"https:\\\/\\\/cklcomunicaciones.es\\\/coop\\\/#\\\/schema\\\/person\\\/929a6837f7626450bbb50cee1aef266e\"},\"description\":\"Noticias Info CKL n\u00ba 2838-14\\\/12\\\/23 Euthenia, una red de mujeres ejecutivas que trabajan por el ODS 5 * \u00bfQu\u00e9 son las \u2018green skills\u2019, por qu\u00e9 las mujeres se preocupan m\u00e1s por ellas y qu\u00e9 suponen en los puestos de poder? * BNE y Loter\u00edas homenajean a \u2018Las Sinsombrero\u2019 * Aitana Bonmat\u00ed y Jennifer Hermoso optan al \u2018The Best\u2019 de la FIFA\",\"breadcrumb\":{\"@id\":\"https:\\\/\\\/cklcomunicaciones.es\\\/coop\\\/noticias-info-ckl-no-2838-14-12-23\\\/#breadcrumb\"},\"inLanguage\":\"es\",\"potentialAction\":[{\"@type\":\"ReadAction\",\"target\":[\"https:\\\/\\\/cklcomunicaciones.es\\\/coop\\\/noticias-info-ckl-no-2838-14-12-23\\\/\"]}]},{\"@type\":\"ImageObject\",\"inLanguage\":\"es\",\"@id\":\"https:\\\/\\\/cklcomunicaciones.es\\\/coop\\\/noticias-info-ckl-no-2838-14-12-23\\\/#primaryimage\",\"url\":\"https:\\\/\\\/cklcomunicaciones.es\\\/coop\\\/wp-content\\\/uploads\\\/2025\\\/01\\\/CKL-una-mirada-distinta-de-la-comunicacion.jpg\",\"contentUrl\":\"https:\\\/\\\/cklcomunicaciones.es\\\/coop\\\/wp-content\\\/uploads\\\/2025\\\/01\\\/CKL-una-mirada-distinta-de-la-comunicacion.jpg\",\"width\":1482,\"height\":775,\"caption\":\"CKL - una mirada distinta de la comunicacion\"},{\"@type\":\"BreadcrumbList\",\"@id\":\"https:\\\/\\\/cklcomunicaciones.es\\\/coop\\\/noticias-info-ckl-no-2838-14-12-23\\\/#breadcrumb\",\"itemListElement\":[{\"@type\":\"ListItem\",\"position\":1,\"name\":\"Portada\",\"item\":\"https:\\\/\\\/cklcomunicaciones.es\\\/coop\\\/\"},{\"@type\":\"ListItem\",\"position\":2,\"name\":\"Noticias Info CKL n\u00ba 2838-14\\\/12\\\/23\"}]},{\"@type\":\"WebSite\",\"@id\":\"https:\\\/\\\/cklcomunicaciones.es\\\/coop\\\/#website\",\"url\":\"https:\\\/\\\/cklcomunicaciones.es\\\/coop\\\/\",\"name\":\"CKL Comunicaciones\",\"description\":\"Sitio web de CKL Comunicaciones coop , la consultora de comunicaci\u00f3n y estrategia\",\"potentialAction\":[{\"@type\":\"SearchAction\",\"target\":{\"@type\":\"EntryPoint\",\"urlTemplate\":\"https:\\\/\\\/cklcomunicaciones.es\\\/coop\\\/?s={search_term_string}\"},\"query-input\":{\"@type\":\"PropertyValueSpecification\",\"valueRequired\":true,\"valueName\":\"search_term_string\"}}],\"inLanguage\":\"es\"},{\"@type\":\"Person\",\"@id\":\"https:\\\/\\\/cklcomunicaciones.es\\\/coop\\\/#\\\/schema\\\/person\\\/929a6837f7626450bbb50cee1aef266e\",\"name\":\"ckl\",\"image\":{\"@type\":\"ImageObject\",\"inLanguage\":\"es\",\"@id\":\"https:\\\/\\\/secure.gravatar.com\\\/avatar\\\/c82db564e8a669bf6023357a157b9dc4780f4d4c618f2ad1d71a6a5dede45057?s=96&d=mm&r=g\",\"url\":\"https:\\\/\\\/secure.gravatar.com\\\/avatar\\\/c82db564e8a669bf6023357a157b9dc4780f4d4c618f2ad1d71a6a5dede45057?s=96&d=mm&r=g\",\"contentUrl\":\"https:\\\/\\\/secure.gravatar.com\\\/avatar\\\/c82db564e8a669bf6023357a157b9dc4780f4d4c618f2ad1d71a6a5dede45057?s=96&d=mm&r=g\",\"caption\":\"ckl\"},\"url\":\"https:\\\/\\\/cklcomunicaciones.es\\\/coop\\\/author\\\/cklcomunicaciones\\\/\"}]}<\/script>\n<!-- \/ Yoast SEO plugin. -->","yoast_head_json":{"title":"Noticias Info CKL n\u00ba 2838-14\/12\/23-Comunicar con perspectiva de g\u00e9nero","description":"Noticias Info CKL n\u00ba 2838-14\/12\/23 Euthenia, una red de mujeres ejecutivas que trabajan por el ODS 5 * \u00bfQu\u00e9 son las \u2018green skills\u2019, por qu\u00e9 las mujeres se preocupan m\u00e1s por ellas y qu\u00e9 suponen en los puestos de poder? * BNE y Loter\u00edas homenajean a \u2018Las Sinsombrero\u2019 * Aitana Bonmat\u00ed y Jennifer Hermoso optan al \u2018The Best\u2019 de la FIFA","robots":{"index":"index","follow":"follow","max-snippet":"max-snippet:-1","max-image-preview":"max-image-preview:large","max-video-preview":"max-video-preview:-1"},"canonical":"https:\/\/cklcomunicaciones.es\/coop\/noticias-info-ckl-no-2838-14-12-23\/","og_locale":"es_ES","og_type":"article","og_title":"Noticias Info CKL n\u00ba 2838-14\/12\/23-Comunicar con perspectiva de g\u00e9nero","og_description":"Noticias Info CKL n\u00ba 2838-14\/12\/23 Euthenia, una red de mujeres ejecutivas que trabajan por el ODS 5 * \u00bfQu\u00e9 son las \u2018green skills\u2019, por qu\u00e9 las mujeres se preocupan m\u00e1s por ellas y qu\u00e9 suponen en los puestos de poder? * BNE y Loter\u00edas homenajean a \u2018Las Sinsombrero\u2019 * Aitana Bonmat\u00ed y Jennifer Hermoso optan al \u2018The Best\u2019 de la FIFA","og_url":"https:\/\/cklcomunicaciones.es\/coop\/noticias-info-ckl-no-2838-14-12-23\/","og_site_name":"CKL Comunicaciones","article_published_time":"2023-12-14T19:34:08+00:00","article_modified_time":"2025-02-07T15:40:37+00:00","og_image":[{"width":1482,"height":775,"url":"https:\/\/cklcomunicaciones.es\/coop\/wp-content\/uploads\/2025\/01\/CKL-una-mirada-distinta-de-la-comunicacion.jpg","type":"image\/jpeg"}],"author":"ckl","twitter_card":"summary_large_image","twitter_misc":{"Escrito por":"ckl","Tiempo de lectura":"6 minutos"},"schema":{"@context":"https:\/\/schema.org","@graph":[{"@type":"Article","@id":"https:\/\/cklcomunicaciones.es\/coop\/noticias-info-ckl-no-2838-14-12-23\/#article","isPartOf":{"@id":"https:\/\/cklcomunicaciones.es\/coop\/noticias-info-ckl-no-2838-14-12-23\/"},"author":{"name":"ckl","@id":"https:\/\/cklcomunicaciones.es\/coop\/#\/schema\/person\/929a6837f7626450bbb50cee1aef266e"},"headline":"Noticias Info CKL n\u00ba 2838-14\/12\/23","datePublished":"2023-12-14T19:34:08+00:00","dateModified":"2025-02-07T15:40:37+00:00","mainEntityOfPage":{"@id":"https:\/\/cklcomunicaciones.es\/coop\/noticias-info-ckl-no-2838-14-12-23\/"},"wordCount":1204,"image":{"@id":"https:\/\/cklcomunicaciones.es\/coop\/noticias-info-ckl-no-2838-14-12-23\/#primaryimage"},"thumbnailUrl":"https:\/\/cklcomunicaciones.es\/coop\/wp-content\/uploads\/2025\/01\/CKL-una-mirada-distinta-de-la-comunicacion.jpg","keywords":["formaci\u00f3n","green skills","medioambiente","ODS5"],"articleSection":["Newsletter","Nwl v3.0"],"inLanguage":"es"},{"@type":"WebPage","@id":"https:\/\/cklcomunicaciones.es\/coop\/noticias-info-ckl-no-2838-14-12-23\/","url":"https:\/\/cklcomunicaciones.es\/coop\/noticias-info-ckl-no-2838-14-12-23\/","name":"Noticias Info CKL n\u00ba 2838-14\/12\/23-Comunicar con perspectiva de g\u00e9nero","isPartOf":{"@id":"https:\/\/cklcomunicaciones.es\/coop\/#website"},"primaryImageOfPage":{"@id":"https:\/\/cklcomunicaciones.es\/coop\/noticias-info-ckl-no-2838-14-12-23\/#primaryimage"},"image":{"@id":"https:\/\/cklcomunicaciones.es\/coop\/noticias-info-ckl-no-2838-14-12-23\/#primaryimage"},"thumbnailUrl":"https:\/\/cklcomunicaciones.es\/coop\/wp-content\/uploads\/2025\/01\/CKL-una-mirada-distinta-de-la-comunicacion.jpg","datePublished":"2023-12-14T19:34:08+00:00","dateModified":"2025-02-07T15:40:37+00:00","author":{"@id":"https:\/\/cklcomunicaciones.es\/coop\/#\/schema\/person\/929a6837f7626450bbb50cee1aef266e"},"description":"Noticias Info CKL n\u00ba 2838-14\/12\/23 Euthenia, una red de mujeres ejecutivas que trabajan por el ODS 5 * \u00bfQu\u00e9 son las \u2018green skills\u2019, por qu\u00e9 las mujeres se preocupan m\u00e1s por ellas y qu\u00e9 suponen en los puestos de poder? * BNE y Loter\u00edas homenajean a \u2018Las Sinsombrero\u2019 * Aitana Bonmat\u00ed y Jennifer Hermoso optan al \u2018The Best\u2019 de la FIFA","breadcrumb":{"@id":"https:\/\/cklcomunicaciones.es\/coop\/noticias-info-ckl-no-2838-14-12-23\/#breadcrumb"},"inLanguage":"es","potentialAction":[{"@type":"ReadAction","target":["https:\/\/cklcomunicaciones.es\/coop\/noticias-info-ckl-no-2838-14-12-23\/"]}]},{"@type":"ImageObject","inLanguage":"es","@id":"https:\/\/cklcomunicaciones.es\/coop\/noticias-info-ckl-no-2838-14-12-23\/#primaryimage","url":"https:\/\/cklcomunicaciones.es\/coop\/wp-content\/uploads\/2025\/01\/CKL-una-mirada-distinta-de-la-comunicacion.jpg","contentUrl":"https:\/\/cklcomunicaciones.es\/coop\/wp-content\/uploads\/2025\/01\/CKL-una-mirada-distinta-de-la-comunicacion.jpg","width":1482,"height":775,"caption":"CKL - una mirada distinta de la comunicacion"},{"@type":"BreadcrumbList","@id":"https:\/\/cklcomunicaciones.es\/coop\/noticias-info-ckl-no-2838-14-12-23\/#breadcrumb","itemListElement":[{"@type":"ListItem","position":1,"name":"Portada","item":"https:\/\/cklcomunicaciones.es\/coop\/"},{"@type":"ListItem","position":2,"name":"Noticias Info CKL n\u00ba 2838-14\/12\/23"}]},{"@type":"WebSite","@id":"https:\/\/cklcomunicaciones.es\/coop\/#website","url":"https:\/\/cklcomunicaciones.es\/coop\/","name":"CKL Comunicaciones","description":"Sitio web de CKL Comunicaciones coop , la consultora de comunicaci\u00f3n y estrategia","potentialAction":[{"@type":"SearchAction","target":{"@type":"EntryPoint","urlTemplate":"https:\/\/cklcomunicaciones.es\/coop\/?s={search_term_string}"},"query-input":{"@type":"PropertyValueSpecification","valueRequired":true,"valueName":"search_term_string"}}],"inLanguage":"es"},{"@type":"Person","@id":"https:\/\/cklcomunicaciones.es\/coop\/#\/schema\/person\/929a6837f7626450bbb50cee1aef266e","name":"ckl","image":{"@type":"ImageObject","inLanguage":"es","@id":"https:\/\/secure.gravatar.com\/avatar\/c82db564e8a669bf6023357a157b9dc4780f4d4c618f2ad1d71a6a5dede45057?s=96&d=mm&r=g","url":"https:\/\/secure.gravatar.com\/avatar\/c82db564e8a669bf6023357a157b9dc4780f4d4c618f2ad1d71a6a5dede45057?s=96&d=mm&r=g","contentUrl":"https:\/\/secure.gravatar.com\/avatar\/c82db564e8a669bf6023357a157b9dc4780f4d4c618f2ad1d71a6a5dede45057?s=96&d=mm&r=g","caption":"ckl"},"url":"https:\/\/cklcomunicaciones.es\/coop\/author\/cklcomunicaciones\/"}]}},"_links":{"self":[{"href":"https:\/\/cklcomunicaciones.es\/coop\/wp-json\/wp\/v2\/posts\/20793","targetHints":{"allow":["GET"]}}],"collection":[{"href":"https:\/\/cklcomunicaciones.es\/coop\/wp-json\/wp\/v2\/posts"}],"about":[{"href":"https:\/\/cklcomunicaciones.es\/coop\/wp-json\/wp\/v2\/types\/post"}],"author":[{"embeddable":true,"href":"https:\/\/cklcomunicaciones.es\/coop\/wp-json\/wp\/v2\/users\/3"}],"replies":[{"embeddable":true,"href":"https:\/\/cklcomunicaciones.es\/coop\/wp-json\/wp\/v2\/comments?post=20793"}],"version-history":[{"count":0,"href":"https:\/\/cklcomunicaciones.es\/coop\/wp-json\/wp\/v2\/posts\/20793\/revisions"}],"wp:featuredmedia":[{"embeddable":true,"href":"https:\/\/cklcomunicaciones.es\/coop\/wp-json\/wp\/v2\/media\/22909"}],"wp:attachment":[{"href":"https:\/\/cklcomunicaciones.es\/coop\/wp-json\/wp\/v2\/media?parent=20793"}],"wp:term":[{"taxonomy":"category","embeddable":true,"href":"https:\/\/cklcomunicaciones.es\/coop\/wp-json\/wp\/v2\/categories?post=20793"},{"taxonomy":"post_tag","embeddable":true,"href":"https:\/\/cklcomunicaciones.es\/coop\/wp-json\/wp\/v2\/tags?post=20793"}],"curies":[{"name":"wp","href":"https:\/\/api.w.org\/{rel}","templated":true}]}}