{"id":20736,"date":"2023-11-23T20:41:30","date_gmt":"2023-11-23T19:41:30","guid":{"rendered":"https:\/\/www.cklcomunicaciones.es\/?p=20736"},"modified":"2025-02-07T17:00:34","modified_gmt":"2025-02-07T16:00:34","slug":"noticias-info-ckl-no-2835-23-11-23","status":"publish","type":"post","link":"https:\/\/cklcomunicaciones.es\/coop\/noticias-info-ckl-no-2835-23-11-23\/","title":{"rendered":"Noticias Info CKL n\u00ba 2835-23\/11\/23"},"content":{"rendered":"<div class=\"fusion-fullwidth fullwidth-box fusion-builder-row-1 fusion-flex-container nonhundred-percent-fullwidth non-hundred-percent-height-scrolling\" style=\"--awb-border-radius-top-left:0px;--awb-border-radius-top-right:0px;--awb-border-radius-bottom-right:0px;--awb-border-radius-bottom-left:0px;--awb-flex-wrap:wrap;\" ><div class=\"fusion-builder-row fusion-row fusion-flex-align-items-flex-start fusion-flex-content-wrap\" style=\"max-width:1248px;margin-left: calc(-4% \/ 2 );margin-right: calc(-4% \/ 2 );\"><div class=\"fusion-layout-column fusion_builder_column fusion-builder-column-0 fusion_builder_column_1_1 1_1 fusion-flex-column\" style=\"--awb-bg-blend:overlay;--awb-bg-size:cover;--awb-width-large:100%;--awb-margin-top-large:0px;--awb-spacing-right-large:1.92%;--awb-margin-bottom-large:0px;--awb-spacing-left-large:1.92%;--awb-width-medium:100%;--awb-spacing-right-medium:1.92%;--awb-spacing-left-medium:1.92%;--awb-width-small:100%;--awb-spacing-right-small:1.92%;--awb-spacing-left-small:1.92%;\"><div class=\"fusion-column-wrapper fusion-flex-justify-content-flex-start fusion-content-layout-column\"><div class=\"fusion-text fusion-text-1\"><div id=\"\" class=\"lsow-panel lsow-active\">\n<h1 class=\"lsow-panel-title\">Convocatorias<\/h1>\n<div class=\"lsow-panel-content\">\n<ul>\n<li><a href=\"https:\/\/formacion.colaboratorias.org\/\" target=\"_blank\" rel=\"noopener\" data-saferedirecturl=\"https:\/\/www.google.com\/url?q=https:\/\/formacion.colaboratorias.org\/&amp;source=gmail&amp;ust=1700757536390000&amp;usg=AOvVaw3cysZVLPsFK_RsIQlYcdvI\">Curso on-line \u2018Sensibilizaci\u00f3n para la Prevenci\u00f3n de la Violencia contra las Mujeres\u2019.<\/a>\u00a0Colaboratorias.\u00a0Del 5 al 29 de diciembre.\u00a0<a href=\"https:\/\/docs.google.com\/forms\/d\/e\/1FAIpQLScO6_L0viqZ1LkC3kO8JZPQNjgazlYIwqQqIVmJ8JoTWnvSuA\/viewform\" target=\"_blank\" rel=\"noopener\" data-saferedirecturl=\"https:\/\/www.google.com\/url?q=https:\/\/docs.google.com\/forms\/d\/e\/1FAIpQLScO6_L0viqZ1LkC3kO8JZPQNjgazlYIwqQqIVmJ8JoTWnvSuA\/viewform&amp;source=gmail&amp;ust=1700757536390000&amp;usg=AOvVaw0P9V641-N-fa4uuY54InnF\">Inscripciones.<\/a><\/li>\n<li>Taller \u2018Autocuidado\u00a0y Capacitaci\u00f3n Emocional de la\u00a0Mujer\u2019.\u00a0Proyecto K\u014dan.\u00a027 de noviembre de 17.00 a 18.15 h.\u00a0<a href=\"http:\/\/docs.google.com\/forms\/d\/e\/1FAIpQLSfU2y6aUxLTIJbtIqf3sdvyXv6NyFwbnLBcN0e_yorjM90WmA\/viewform\" target=\"_blank\" rel=\"noopener\" data-saferedirecturl=\"https:\/\/www.google.com\/url?q=http:\/\/docs.google.com\/forms\/d\/e\/1FAIpQLSfU2y6aUxLTIJbtIqf3sdvyXv6NyFwbnLBcN0e_yorjM90WmA\/viewform&amp;source=gmail&amp;ust=1700757536390000&amp;usg=AOvVaw1SLDfqsTXpz5YnadHa3_wP\">Inscripciones.<\/a><\/li>\n<li><a href=\"https:\/\/www.upo.es\/upsc\/igualdad\/25n-para-la-erradicacion-de-las-violencias\/\" target=\"_blank\" rel=\"noopener\" data-saferedirecturl=\"https:\/\/www.google.com\/url?q=https:\/\/www.upo.es\/upsc\/igualdad\/25n-para-la-erradicacion-de-las-violencias\/&amp;source=gmail&amp;ust=1700757536390000&amp;usg=AOvVaw3epYD-6EXMcj1vEwgLRz_r\">Programa de actividades \u2018Campa\u00f1a 25N<\/a>\u2019.\u00a0Universidad Pablo de Olavide. 22,23,24 y 28 de noviembre.<\/li>\n<li><a href=\"http:\/\/www.juntadeandalucia.es\/iam\/catalogo\/doc\/convocatorias\/2023-genero\/SE-jornada-formativa-27n-ayto-sevilla.pdf\" target=\"_blank\" rel=\"noopener\" data-saferedirecturl=\"https:\/\/www.google.com\/url?q=http:\/\/www.juntadeandalucia.es\/iam\/catalogo\/doc\/convocatorias\/2023-genero\/SE-jornada-formativa-27n-ayto-sevilla.pdf&amp;source=gmail&amp;ust=1700757536390000&amp;usg=AOvVaw0y_QyfGdSVco0JWfdqPrnM\">Jornada formativa \u2018Atenci\u00f3n especializada en contextos de prostituci\u00f3n\u2019.<\/a>\u00a0Servicio de la Mujer. Delegaci\u00f3n de Educaci\u00f3n, Familia, Igualdad, Juventud y Asociaciones. Ayuntamiento de Sevilla. 27 de noviembre\u00a0de 9:30 a 13:30 h.\u00a0<a href=\"https:\/\/docs.google.com\/forms\/d\/e\/1FAIpQLSfUacA_16B35OdBCrv4hhMYF_yoAi_mupvF6mVSXgrOOTbJwg\/viewform\" target=\"_blank\" rel=\"noopener\" data-saferedirecturl=\"https:\/\/www.google.com\/url?q=https:\/\/docs.google.com\/forms\/d\/e\/1FAIpQLSfUacA_16B35OdBCrv4hhMYF_yoAi_mupvF6mVSXgrOOTbJwg\/viewform&amp;source=gmail&amp;ust=1700757536390000&amp;usg=AOvVaw1DIgvJWZ2Cy0k9j4F81c5m\">Inscripciones.<\/a><\/li>\n<li><a href=\"http:\/\/www.juntadeandalucia.es\/iam\/catalogo\/doc\/convocatorias\/2023-genero\/SE-pelicula_ayto-sevilla.pdf\" target=\"_blank\" rel=\"noopener\" data-saferedirecturl=\"https:\/\/www.google.com\/url?q=http:\/\/www.juntadeandalucia.es\/iam\/catalogo\/doc\/convocatorias\/2023-genero\/SE-pelicula_ayto-sevilla.pdf&amp;source=gmail&amp;ust=1700757536390000&amp;usg=AOvVaw3Y4fwsvAADlQq1u9AnKQ2z\">Cinef\u00f3rum \u2018 Si todas las puertas se cierran\u2019<\/a><a href=\"http:\/\/www.juntadeandalucia.es\/iam\/catalogo\/doc\/convocatorias\/2023-genero\/SE-pelicula_ayto-sevilla.pdf\" target=\"_blank\" rel=\"noopener\" data-saferedirecturl=\"https:\/\/www.google.com\/url?q=http:\/\/www.juntadeandalucia.es\/iam\/catalogo\/doc\/convocatorias\/2023-genero\/SE-pelicula_ayto-sevilla.pdf&amp;source=gmail&amp;ust=1700757536390000&amp;usg=AOvVaw3Y4fwsvAADlQq1u9AnKQ2z\">.\u00a0<\/a>Servicio de la Mujer. Delegaci\u00f3n de Educaci\u00f3n, Familia, Igualdad, Juventud y Asociaciones. Ayuntamiento de Sevilla. 27 de noviembre\u00a0de 17:45 a 21:00 h.\u00a0<a href=\"https:\/\/docs.google.com\/forms\/d\/e\/1FAIpQLSfUacA_16B35OdBCrv4hhMYF_yoAi_mupvF6mVSXgrOOTbJwg\/viewform\" target=\"_blank\" rel=\"noopener\" data-saferedirecturl=\"https:\/\/www.google.com\/url?q=https:\/\/docs.google.com\/forms\/d\/e\/1FAIpQLSfUacA_16B35OdBCrv4hhMYF_yoAi_mupvF6mVSXgrOOTbJwg\/viewform&amp;source=gmail&amp;ust=1700757536390000&amp;usg=AOvVaw1DIgvJWZ2Cy0k9j4F81c5m\">Inscripciones.<\/a><\/li>\n<li><a href=\"http:\/\/www.juntadeandalucia.es\/iam\/catalogo\/doc\/convocatorias\/2023-genero\/SE-cartel-25-asociacion-pumarejo.jpg\" target=\"_blank\" rel=\"noopener prettyPhoto&#091;20736&#093;\" data-saferedirecturl=\"https:\/\/www.google.com\/url?q=http:\/\/www.juntadeandalucia.es\/iam\/catalogo\/doc\/convocatorias\/2023-genero\/SE-cartel-25-asociacion-pumarejo.jpg&amp;source=gmail&amp;ust=1700850771752000&amp;usg=AOvVaw3uX10Z3ye86C-vSlsSdTR8\">Acto conmemorativo \u2018Vivas nos queremos. 25N\u2019<\/a>. Asociaci\u00f3n Casa del Pumarejo. 25 de noviembre a partir de las 12 h.<\/li>\n<li><a href=\"https:\/\/www.us.es\/eventos\/agenda\/el-hombre-que-quiero-ser-exposicion-de-graficas-publicitarias?page=1\" target=\"_blank\" rel=\"noopener noreferrer\" data-saferedirecturl=\"https:\/\/www.google.com\/url?q=https:\/\/www.us.es\/eventos\/agenda\/el-hombre-que-quiero-ser-exposicion-de-graficas-publicitarias?page%3D1&amp;source=gmail&amp;ust=1700850771752000&amp;usg=AOvVaw2ttCb_bKTb0HE-3mRFG_Dt\">Exposici\u00f3n \u2018El hombre que quiero ser\u2019<\/a>. Centro Penitenciario de Sevilla y Universidad de Sevilla. Del 21 de noviembre al 4 de diciembre.<\/li>\n<li><a href=\"https:\/\/investigacion.us.es\/noticias\/5705\" target=\"_blank\" rel=\"noopener noreferrer\" data-saferedirecturl=\"https:\/\/www.google.com\/url?q=https:\/\/investigacion.us.es\/noticias\/5705&amp;source=gmail&amp;ust=1700850771752000&amp;usg=AOvVaw2hQQ19_xNTD-7_HygRVoMD\">Encuentro en el marco de la exposici\u00f3n \u2018El hombre que quiero ser\u2019<\/a>. Facultad de Comunicaci\u00f3n de la Universidad de Sevilla. 27 de noviembre a las 12 h.<\/li>\n<li><a href=\"http:\/\/www.juntadeandalucia.es\/iam\/catalogo\/doc\/convocatorias\/2023-genero\/SE-jornada-intervencion-multidisciplinar-contextos-violencia-genero.pdf\" target=\"_blank\" rel=\"noopener noreferrer\" data-saferedirecturl=\"https:\/\/www.google.com\/url?q=http:\/\/www.juntadeandalucia.es\/iam\/catalogo\/doc\/convocatorias\/2023-genero\/SE-jornada-intervencion-multidisciplinar-contextos-violencia-genero.pdf&amp;source=gmail&amp;ust=1700850771752000&amp;usg=AOvVaw1stl7CaWQbUePOOxehcwjn\">Jornada formativa \u2018Intervenci\u00f3n Multidisciplinar en Contextos de Violencia de G\u00e9nero\u2019<\/a>.\u00a0Servicio de la Mujer de la Delegaci\u00f3n de Educaci\u00f3n, Familia, Igualdad, Juventud y Asociaciones del Ayuntamiento de Sevilla. 28 de noviembre de 18.15 a 20.30 h.\u00a0<a href=\"https:\/\/docs.google.com\/forms\/d\/e\/1FAIpQLSdQzoIMeyKOjTTxzr_y0NYXfP7QIul0mLfkQUmMGKG3bCidpg\/viewform\" target=\"_blank\" rel=\"noopener noreferrer\" data-saferedirecturl=\"https:\/\/www.google.com\/url?q=https:\/\/docs.google.com\/forms\/d\/e\/1FAIpQLSdQzoIMeyKOjTTxzr_y0NYXfP7QIul0mLfkQUmMGKG3bCidpg\/viewform&amp;source=gmail&amp;ust=1700850771752000&amp;usg=AOvVaw1C2WzGXwdSqx9tHuXiIkLD\">Incripciones.<\/a><\/li>\n<li><a href=\"http:\/\/www.juntadeandalucia.es\/iam\/catalogo\/doc\/convocatorias\/2023-genero\/JA-cartel-acto-conmemorativo-25N.jpg\" target=\"_blank\" rel=\"noopener prettyPhoto&#091;20736&#093;\" data-saferedirecturl=\"https:\/\/www.google.com\/url?q=http:\/\/www.juntadeandalucia.es\/iam\/catalogo\/doc\/convocatorias\/2023-genero\/JA-cartel-acto-conmemorativo-25N.jpg&amp;source=gmail&amp;ust=1700850771752000&amp;usg=AOvVaw0CACf9HFOzoR2HSTpJTLnT\">Acto conmemorativo \u201825N. D\u00eda Internacional de la Eliminaci\u00f3n de la Violencia contra las Mujeres\u2019<\/a>. Comisi\u00f3n por la Igualdad y contra la Violencia de G\u00e9nero de Ja\u00e9n. 25 de noviembre a las 11 h.<\/li>\n<\/ul>\n<\/div>\n<\/div>\n<div id=\"\" class=\"lsow-panel lsow-active\">\n<h1 class=\"lsow-panel-title\">Comunicaci\u00f3n, Publicidad y TICs<\/h1>\n<div class=\"lsow-panel-content\">\n<p><a href=\"https:\/\/www.google.com\/url?rct=j&amp;sa=t&amp;url=https:\/\/www.atalayar.com\/articulo\/sociedad\/isabel-valdes-pais-raquel-martin-rtve-audio-eva-villegas-canal-sur-reciben-viii-premios-periodismo-violencia-genero-fundacion-aliados\/20231122171040193976.html&amp;ct=ga&amp;cd=CAEYAyoTMTg0NDA5NTcyOTgyNTIxMDUyNTIZZTFlNzdkMTU2MDk4YThlMzplczplczpFUw&amp;usg=AOvVaw39mCDVrI_W5rfvHw_hY8ww\" target=\"_blank\" rel=\"noopener\" data-saferedirecturl=\"https:\/\/www.google.com\/url?q=https:\/\/www.google.com\/url?rct%3Dj%26sa%3Dt%26url%3Dhttps:\/\/www.atalayar.com\/articulo\/sociedad\/isabel-valdes-pais-raquel-martin-rtve-audio-eva-villegas-canal-sur-reciben-viii-premios-periodismo-violencia-genero-fundacion-aliados\/20231122171040193976.html%26ct%3Dga%26cd%3DCAEYAyoTMTg0NDA5NTcyOTgyNTIxMDUyNTIZZTFlNzdkMTU2MDk4YThlMzplczplczpFUw%26usg%3DAOvVaw39mCDVrI_W5rfvHw_hY8ww&amp;source=gmail&amp;ust=1700760434519000&amp;usg=AOvVaw08dLOEapYiO_hYEmqFbUwi\">Isabel Vald\u00e9s, de El Pa\u00eds, Raquel Mart\u00edn, de RTVE Audio, y Eva Villegas, de Canal Sur&#8230; &#8211;\u00a0<\/a><a>Atalayar<br \/>\n<\/a><a href=\"https:\/\/www.google.com\/url?rct=j&amp;sa=t&amp;url=https:\/\/www.rtve.es\/rtve\/20231122\/maria-escario-premio-trayectoria-promocion-mujer-deporte-ayuntamiento-madrid\/2461579.shtml&amp;ct=ga&amp;cd=CAEYACoTNjY0NDgwNTc1MTQ1ODk4OTY1NjIZYzAzNzJlYmMyZmVhZGE1OTplczplczpFUw&amp;usg=AOvVaw3u1tLxtrxfA4Lr6WmuwLAm\" target=\"_blank\" rel=\"noopener\" data-saferedirecturl=\"https:\/\/www.google.com\/url?q=https:\/\/www.google.com\/url?rct%3Dj%26sa%3Dt%26url%3Dhttps:\/\/www.rtve.es\/rtve\/20231122\/maria-escario-premio-trayectoria-promocion-mujer-deporte-ayuntamiento-madrid\/2461579.shtml%26ct%3Dga%26cd%3DCAEYACoTNjY0NDgwNTc1MTQ1ODk4OTY1NjIZYzAzNzJlYmMyZmVhZGE1OTplczplczpFUw%26usg%3DAOvVaw3u1tLxtrxfA4Lr6WmuwLAm&amp;source=gmail&amp;ust=1700757533663000&amp;usg=AOvVaw2tvScPBeUWMMucGqpPozHF\">Mar\u00eda Escario, premiada por la promoci\u00f3n del deporte femenino &#8211;\u00a0<\/a><a>RTVE<br \/>\n<\/a><a href=\"https:\/\/www.google.com\/url?rct=j&amp;sa=t&amp;url=https:\/\/www.canalextremadura.es\/noticias\/extremadura\/periodismo-violeta-el-impacto-del-periodismo-en-la-visibilidad-de-la&amp;ct=ga&amp;cd=CAEYAyoUMTA4NTQ4MjE5MzAzMzc5MTYxMTQyGWUxZTc3ZDE1NjA5OGE4ZTM6ZXM6ZXM6RVM&amp;usg=AOvVaw1NngxDhuo9Oo5etqM8Duqj\" target=\"_blank\" rel=\"noopener\" data-saferedirecturl=\"https:\/\/www.google.com\/url?q=https:\/\/www.google.com\/url?rct%3Dj%26sa%3Dt%26url%3Dhttps:\/\/www.canalextremadura.es\/noticias\/extremadura\/periodismo-violeta-el-impacto-del-periodismo-en-la-visibilidad-de-la%26ct%3Dga%26cd%3DCAEYAyoUMTA4NTQ4MjE5MzAzMzc5MTYxMTQyGWUxZTc3ZDE1NjA5OGE4ZTM6ZXM6ZXM6RVM%26usg%3DAOvVaw1NngxDhuo9Oo5etqM8Duqj&amp;source=gmail&amp;ust=1700850769638000&amp;usg=AOvVaw0gIeaoR1dMfTlkjfs4NEOw\">Periodismo Violeta: El impacto del periodismo en la visibilidad de la perspectiva de\u00a0g\u00e9nero<b>&#8211;\u00a0<\/b><\/a><a>Canal Extremadura<br \/>\n<\/a><a class=\"title\" href=\"https:\/\/www.rtve.es\/rtve\/20231123\/jornada-observatorio-igualdad-rtve-violencias-sexuales\/2461910.shtml\" target=\"_blank\" rel=\"noopener\" data-artpy=\"0\" data-author=\"RTVE\">El Observatorio de Igualdad de RTVE celebra una jornada sobre violencias sexuales y medios de comunicaci\u00f3n<\/a>-rtve<a><br \/>\n<\/a><a href=\"https:\/\/www.google.com\/url?rct=j&amp;sa=t&amp;url=https:\/\/elpais.com\/smoda\/2023-11-21\/ya-nadie-se-pregunta-a-que-huelen-las-nubes-asi-ha-evolucionado-la-publicidad-de-la-regla.html&amp;ct=ga&amp;cd=CAEYACoUMTQ3NTk5NDU3OTEwNjE4NTQ3MzIyGWMwMzcyZWJjMmZlYWRhNTk6ZXM6ZXM6RVM&amp;usg=AOvVaw2vPFXk-WqK-rdfXuSbYM-L\" target=\"_blank\" rel=\"noopener\" data-saferedirecturl=\"https:\/\/www.google.com\/url?q=https:\/\/www.google.com\/url?rct%3Dj%26sa%3Dt%26url%3Dhttps:\/\/elpais.com\/smoda\/2023-11-21\/ya-nadie-se-pregunta-a-que-huelen-las-nubes-asi-ha-evolucionado-la-publicidad-de-la-regla.html%26ct%3Dga%26cd%3DCAEYACoUMTQ3NTk5NDU3OTEwNjE4NTQ3MzIyGWMwMzcyZWJjMmZlYWRhNTk6ZXM6ZXM6RVM%26usg%3DAOvVaw2vPFXk-WqK-rdfXuSbYM-L&amp;source=gmail&amp;ust=1700757533379000&amp;usg=AOvVaw02w-wzioZT_nRvFhR6No4d\">Ya nadie se pregunta a qu\u00e9 huelen las nubes: as\u00ed ha evolucionado la publicidad de la regla-\u00a0<\/a><a>EL PA\u00cdS<br \/>\n<\/a><a href=\"https:\/\/www.google.com\/url?rct=j&amp;sa=t&amp;url=https:\/\/holanews.com\/onu-mujeres-pide-regular-la-inteligencia-artificial-para-prevenir-la-violencia-de-genero\/&amp;ct=ga&amp;cd=CAEYACoUMTUwODE1ODIzMDMwNjgwNzYyMzYyGWUxZTc3ZDE1NjA5OGE4ZTM6ZXM6ZXM6RVM&amp;usg=AOvVaw2i1zKBov71OjdeBlPjqJVi\" target=\"_blank\" rel=\"noopener\" data-saferedirecturl=\"https:\/\/www.google.com\/url?q=https:\/\/www.google.com\/url?rct%3Dj%26sa%3Dt%26url%3Dhttps:\/\/holanews.com\/onu-mujeres-pide-regular-la-inteligencia-artificial-para-prevenir-la-violencia-de-genero\/%26ct%3Dga%26cd%3DCAEYACoUMTUwODE1ODIzMDMwNjgwNzYyMzYyGWUxZTc3ZDE1NjA5OGE4ZTM6ZXM6ZXM6RVM%26usg%3DAOvVaw2i1zKBov71OjdeBlPjqJVi&amp;source=gmail&amp;ust=1700850769518000&amp;usg=AOvVaw0acAxc8D5aot8qSDdWF2F4\">ONU Mujeres pide regular la Inteligencia Artificial para prevenir la violencia de g\u00e9nero<b>&#8211;\u00a0<\/b><\/a><a>Hola News<\/a><\/p>\n<\/div>\n<\/div>\n<div id=\"\" class=\"lsow-panel lsow-active\">\n<h1 class=\"lsow-panel-title\">Andaluc\u00eda<\/h1>\n<div class=\"lsow-panel-content\">\n<div class=\"source set_top\">\n<div data-priority=\"2\" aria-hidden=\"true\">\n<p><strong>Institucional<br \/>\n<\/strong><a href=\"https:\/\/www.google.com\/url?rct=j&amp;sa=t&amp;url=https:\/\/www.juntadeandalucia.es\/presidencia\/portavoz\/188018\/video&amp;ct=ga&amp;cd=CAEYACoUMTU1MzczODExMTUzMTk1ODczMDIyGWQ3OGU1ODc1YTBmMWYyYWM6ZXM6ZXM6RVM&amp;usg=AOvVaw036Ltq92LTn44a2DeegzVf\" target=\"_blank\" rel=\"noopener\" data-saferedirecturl=\"https:\/\/www.google.com\/url?q=https:\/\/www.google.com\/url?rct%3Dj%26sa%3Dt%26url%3Dhttps:\/\/www.juntadeandalucia.es\/presidencia\/portavoz\/188018\/video%26ct%3Dga%26cd%3DCAEYACoUMTU1MzczODExMTUzMTk1ODczMDIyGWQ3OGU1ODc1YTBmMWYyYWM6ZXM6ZXM6RVM%26usg%3DAOvVaw036Ltq92LTn44a2DeegzVf&amp;source=gmail&amp;ust=1700757535965000&amp;usg=AOvVaw3FK_wvAfxzj5-UhJwG-hP7\">L\u00f3pez presenta las acciones emprendidas contra la violencia de g\u00e9nero con &#8230; &#8211;\u00a0<\/a><a>Junta de Andaluc\u00eda<br \/>\n<\/a><a href=\"https:\/\/www.google.com\/url?rct=j&amp;sa=t&amp;url=https:\/\/www.europapress.es\/andalucia\/federacion-andaluza-municipios-provincias-01122\/noticia-famp-apuesta-mayor-participacion-mujer-administracion-local-andaluza-20231121123453.html&amp;ct=ga&amp;cd=CAEYAioTOTU2MDk4NTkxMTI4MTkxNzk4NTIbOWFiMWNkZDdlMzY2ZWYzODplczplczpFUzpS&amp;usg=AOvVaw0F0VF52H66xUt-anTjeSVM\" target=\"_blank\" rel=\"noopener\" data-saferedirecturl=\"https:\/\/www.google.com\/url?q=https:\/\/www.google.com\/url?rct%3Dj%26sa%3Dt%26url%3Dhttps:\/\/www.europapress.es\/andalucia\/federacion-andaluza-municipios-provincias-01122\/noticia-famp-apuesta-mayor-participacion-mujer-administracion-local-andaluza-20231121123453.html%26ct%3Dga%26cd%3DCAEYAioTOTU2MDk4NTkxMTI4MTkxNzk4NTIbOWFiMWNkZDdlMzY2ZWYzODplczplczpFUzpS%26usg%3DAOvVaw0F0VF52H66xUt-anTjeSVM&amp;source=gmail&amp;ust=1700757537172000&amp;usg=AOvVaw2zTDy7MzdS2aC10SLIrifn\">La FAMP apuesta por una mayor participaci\u00f3n de la\u00a0mujer\u00a0en la administraci\u00f3n local\u00a0andaluza<b>&#8211;\u00a0<\/b><\/a><a>Europa Press<\/a><\/p>\n<p><strong>Econom\u00eda y Empresa<br \/>\n<\/strong><a href=\"https:\/\/www.google.com\/url?rct=j&amp;sa=t&amp;url=https:\/\/www.diariodesevilla.es\/andalucia\/Sandra-Golpe-Premio-Andalucia-Capital_0_1850516284.html&amp;ct=ga&amp;cd=CAEYASoSNDYyMjg0Mjc1ODg5NTAwNzI5MhlkNzhlNTg3NWEwZjFmMmFjOmVzOmVzOkVT&amp;usg=AOvVaw3qiZFxWs7aOc2IWtDWPegB\" target=\"_blank\" rel=\"noopener\" data-saferedirecturl=\"https:\/\/www.google.com\/url?q=https:\/\/www.google.com\/url?rct%3Dj%26sa%3Dt%26url%3Dhttps:\/\/www.diariodesevilla.es\/andalucia\/Sandra-Golpe-Premio-Andalucia-Capital_0_1850516284.html%26ct%3Dga%26cd%3DCAEYASoSNDYyMjg0Mjc1ODg5NTAwNzI5MhlkNzhlNTg3NWEwZjFmMmFjOmVzOmVzOkVT%26usg%3DAOvVaw3qiZFxWs7aOc2IWtDWPegB&amp;source=gmail&amp;ust=1700757536016000&amp;usg=AOvVaw3F3NLll4X9uAuIo0NCxaf_\">Sandra Golpe, Premio\u00a0Andaluc\u00eda\u00a0Capital de Onda Cero\u00a0Andaluc\u00eda &#8211;\u00a0<\/a><a>Diario de Sevilla<br \/>\n<\/a><a class=\"title\" href=\"https:\/\/www.msn.com\/es-es\/noticias\/other\/ccoo-entiende-que-la-ausencia-de-organizaciones-sindicales-en-la-mesa-andaluza-de-mujeres-rurales-es-injustificable\/ar-AA1kqaTw\" target=\"_blank\" rel=\"noopener\" data-artpy=\"0\" data-author=\"Europa Press on MSN\">CCOO entiende que la ausencia de organizaciones sindicales en la mesa andaluza de mujeres rurales es \u00abinjustificable\u00bb<\/a>-europapress<br \/>\n<a class=\"title\" href=\"https:\/\/www.elperiodico.com\/es\/economia\/20231123\/networking-mujeres-emprendedoras-tren-ave-barcelona-marsella-95006304\" target=\"_blank\" rel=\"noopener\" data-artpy=\"0\" data-author=\"El Peri\u00f3dico\">El primer &#8216;networking&#8217; de mujeres emprendedoras a bordo de un tren viaja hasta Marsella<\/a>-elperiodico<br \/>\n<a class=\"title\" href=\"https:\/\/www.canalsur.es\/noticias\/andalucia\/cadiz\/crece-el-acoso-sexual-a-las-mujeres-en-el-trabajo\/1987046.html\" target=\"_blank\" rel=\"noopener\" data-artpy=\"0\" data-author=\"canalsur\">Crece el acoso sexual a las mujeres en el trabajo<\/a>-canalsur<a><br \/>\n<\/a><\/p>\n<p><strong>Actualidad<br \/>\n<\/strong><a class=\"title\" href=\"https:\/\/www.msn.com\/es-es\/noticias\/other\/estas-son-las-candidatas-al-top-100-mujeres-l%C3%ADderes-en-espa%C3%B1a-de-andaluc%C3%ADa-as%C3%AD-puedes-votarlas\/ar-AA1kp3XU\" target=\"_blank\" rel=\"noopener\" data-artpy=\"0\" data-author=\"ESPA\u00d1OL on MSN\">Estas son las candidatas al &#8216;Top 100 Mujeres L\u00edderes en Espa\u00f1a&#8217; de Andaluc\u00eda: as\u00ed puedes votarlas<\/a>-elespa\u00f1ol<strong><br \/>\n<\/strong><a href=\"https:\/\/www.google.com\/url?rct=j&amp;sa=t&amp;url=https:\/\/cadenaser.com\/andalucia\/2023\/11\/21\/la-secretaria-de-igualdad-de-la-augc-reclama-la-presencia-de-la-mujer-en-el-plan-director-en-algeciras-radio-algeciras\/&amp;ct=ga&amp;cd=CAEYACoTNDAyODE2Mjg4NDUyNzA2NDc1OTIZYzAzNzJlYmMyZmVhZGE1OTplczplczpFUw&amp;usg=AOvVaw2w1IiSA3-a1ESwCQdUo5F4\" target=\"_blank\" rel=\"noopener\" data-saferedirecturl=\"https:\/\/www.google.com\/url?q=https:\/\/www.google.com\/url?rct%3Dj%26sa%3Dt%26url%3Dhttps:\/\/cadenaser.com\/andalucia\/2023\/11\/21\/la-secretaria-de-igualdad-de-la-augc-reclama-la-presencia-de-la-mujer-en-el-plan-director-en-algeciras-radio-algeciras\/%26ct%3Dga%26cd%3DCAEYACoTNDAyODE2Mjg4NDUyNzA2NDc1OTIZYzAzNzJlYmMyZmVhZGE1OTplczplczpFUw%26usg%3DAOvVaw2w1IiSA3-a1ESwCQdUo5F4&amp;source=gmail&amp;ust=1700757533516000&amp;usg=AOvVaw2AFgMQexJhQ79Ov64iNFkr\">La secretar\u00eda de Igualdad de la AUGC reclama la presencia de la\u00a0mujer en el Plan Director &#8230;-\u00a0<\/a>c<a>adenaser<br \/>\n<\/a><a href=\"https:\/\/www.google.com\/url?rct=j&amp;sa=t&amp;url=https:\/\/www.eldiario.es\/andalucia\/ccoo-exige-junta-recursos-violencia-genero-empresariado-compromiso-igualdad_1_10701957.html&amp;ct=ga&amp;cd=CAEYAioTOTQyMDI1NjE3OTI3MDA0NDcwMTIbOWFiMWNkZDdlMzY2ZWYzODplczplczpFUzpS&amp;usg=AOvVaw0ThxEjD0AQjRxSHQcQI0Iw\" target=\"_blank\" rel=\"noopener\" data-saferedirecturl=\"https:\/\/www.google.com\/url?q=https:\/\/www.google.com\/url?rct%3Dj%26sa%3Dt%26url%3Dhttps:\/\/www.eldiario.es\/andalucia\/ccoo-exige-junta-recursos-violencia-genero-empresariado-compromiso-igualdad_1_10701957.html%26ct%3Dga%26cd%3DCAEYAioTOTQyMDI1NjE3OTI3MDA0NDcwMTIbOWFiMWNkZDdlMzY2ZWYzODplczplczpFUzpS%26usg%3DAOvVaw0ThxEjD0AQjRxSHQcQI0Iw&amp;source=gmail&amp;ust=1700757537130000&amp;usg=AOvVaw2okU9x1blttwondcNGz5He\">CCOO exige a la Junta \u00abm\u00e1s recursos\u00bb contra la violencia de g\u00e9nero y al empresariado \u00abcompromiso\u00bb con la igualdad &#8230;-\u00a0<\/a><a>El Diario<br \/>\n<\/a><a href=\"https:\/\/www.google.com\/url?rct=j&amp;sa=t&amp;url=https:\/\/www.horajaen.com\/2023\/11\/22\/ubeda-acoge-la-undecima-gala-de-los-premios-menina-andalucia-contra-la-violencia-de-genero\/&amp;ct=ga&amp;cd=CAEYACoUMTI5MDQ3OTAwNzM5NDQ5MjQ2MzcyGTU5ZDc4MTcxMzZhMmQwMjg6ZXM6ZXM6RVM&amp;usg=AOvVaw1RMAUnbv21RGSZJlekSK3D\" target=\"_blank\" rel=\"noopener\" data-saferedirecturl=\"https:\/\/www.google.com\/url?q=https:\/\/www.google.com\/url?rct%3Dj%26sa%3Dt%26url%3Dhttps:\/\/www.horajaen.com\/2023\/11\/22\/ubeda-acoge-la-undecima-gala-de-los-premios-menina-andalucia-contra-la-violencia-de-genero\/%26ct%3Dga%26cd%3DCAEYACoUMTI5MDQ3OTAwNzM5NDQ5MjQ2MzcyGTU5ZDc4MTcxMzZhMmQwMjg6ZXM6ZXM6RVM%26usg%3DAOvVaw1RMAUnbv21RGSZJlekSK3D&amp;source=gmail&amp;ust=1700850771438000&amp;usg=AOvVaw2FZqjUpn_9w6mRKoEg5BIQ\">\u00dabeda acoge la und\u00e9cima gala de los premios Menina Andaluc\u00eda \u00abContra la violencia de\u00a0g\u00e9nero<b>&#8211;\u00a0<\/b><\/a><a>Hora Ja\u00e9n<\/a><\/p>\n<p><b>Violencias<br \/>\n<\/b><a href=\"https:\/\/www.google.com\/url?rct=j&amp;sa=t&amp;url=https:\/\/www.20minutos.es\/noticia\/5192183\/0\/andalucia-aprueba-pension-anual-5-000-euros-para-huerfanos-violencia-machista-menores-edad-claves-nueva-ayuda\/&amp;ct=ga&amp;cd=CAEYASoUMTQ2NjQ2MTg5MDQwMDQxMzc3NDUyGzlhYjFjZGQ3ZTM2NmVmMzg6ZXM6ZXM6RVM6Ug&amp;usg=AOvVaw0hOwKVpJe_2f0ANXQnaGqX\" target=\"_blank\" rel=\"noopener\" data-saferedirecturl=\"https:\/\/www.google.com\/url?q=https:\/\/www.google.com\/url?rct%3Dj%26sa%3Dt%26url%3Dhttps:\/\/www.20minutos.es\/noticia\/5192183\/0\/andalucia-aprueba-pension-anual-5-000-euros-para-huerfanos-violencia-machista-menores-edad-claves-nueva-ayuda\/%26ct%3Dga%26cd%3DCAEYASoUMTQ2NjQ2MTg5MDQwMDQxMzc3NDUyGzlhYjFjZGQ3ZTM2NmVmMzg6ZXM6ZXM6RVM6Ug%26usg%3DAOvVaw0hOwKVpJe_2f0ANXQnaGqX&amp;source=gmail&amp;ust=1700757537185000&amp;usg=AOvVaw16n59BO6cqBqlvboD4d3jE\">Andaluc\u00eda aprueba la pensi\u00f3n anual de 5.000 euros para hu\u00e9rfanos de la violencia &#8230; &#8211;\u00a0<\/a><a>20Minutos<br \/>\n<\/a><a href=\"https:\/\/www.google.com\/url?rct=j&amp;sa=t&amp;url=https:\/\/sevilla.abc.es\/andalucia\/cordoba\/junta-creara-centro-atencion-victimas-agresiones-sexuales-20231123064005-nts.html&amp;ct=ga&amp;cd=CAEYACoUMTU2NDY3NTQ2NjYxNjYwMTM4NDEyGzlhYjFjZGQ3ZTM2NmVmMzg6ZXM6ZXM6RVM6Ug&amp;usg=AOvVaw3Zi0RqKdekUIM20e0ftcKm\" target=\"_blank\" rel=\"noopener\" data-saferedirecturl=\"https:\/\/www.google.com\/url?q=https:\/\/www.google.com\/url?rct%3Dj%26sa%3Dt%26url%3Dhttps:\/\/sevilla.abc.es\/andalucia\/cordoba\/junta-creara-centro-atencion-victimas-agresiones-sexuales-20231123064005-nts.html%26ct%3Dga%26cd%3DCAEYACoUMTU2NDY3NTQ2NjYxNjYwMTM4NDEyGzlhYjFjZGQ3ZTM2NmVmMzg6ZXM6ZXM6RVM6Ug%26usg%3DAOvVaw3Zi0RqKdekUIM20e0ftcKm&amp;source=gmail&amp;ust=1700850769461000&amp;usg=AOvVaw3Vc7unWOEljhLt84w7kIbo\">La Junta crear\u00e1 un centro de atenci\u00f3n a v\u00edctimas de agresiones sexuales en C\u00f3rdoba que &#8230;-\u00a0<\/a><a>ABC de Sevilla<br \/>\n<\/a><a href=\"https:\/\/www.google.com\/url?rct=j&amp;sa=t&amp;url=https:\/\/www.diariodesevilla.es\/sociedad\/violencia-sexual-adopta-nuevas-formas_0_1850216806.html&amp;ct=ga&amp;cd=CAEYACoTNzQyOTE0MjE3NTczODAxODMwNDIZZTFlNzdkMTU2MDk4YThlMzplczplczpFUw&amp;usg=AOvVaw3LvagicJMkoBadpMwrskOO\" target=\"_blank\" rel=\"noopener\" data-saferedirecturl=\"https:\/\/www.google.com\/url?q=https:\/\/www.google.com\/url?rct%3Dj%26sa%3Dt%26url%3Dhttps:\/\/www.diariodesevilla.es\/sociedad\/violencia-sexual-adopta-nuevas-formas_0_1850216806.html%26ct%3Dga%26cd%3DCAEYACoTNzQyOTE0MjE3NTczODAxODMwNDIZZTFlNzdkMTU2MDk4YThlMzplczplczpFUw%26usg%3DAOvVaw3LvagicJMkoBadpMwrskOO&amp;source=gmail&amp;ust=1700757533109000&amp;usg=AOvVaw1cOn8iWjVF3HKnGwFDEfGd\">La\u00a0violencia\u00a0sexual adopta\u00a0nuevas formas &#8211;\u00a0<\/a><a>Diario de Sevilla<br \/>\n<\/a><a href=\"https:\/\/www.google.com\/url?rct=j&amp;sa=t&amp;url=https:\/\/www.diariocordoba.com\/cordoba-ciudad\/2023\/11\/23\/plataforma-violencia-iam-piden-educacion-94964444.html&amp;ct=ga&amp;cd=CAEYACoTMTUxODM2ODk2MzgwMzY5MjQzMDIZYzAzNzJlYmMyZmVhZGE1OTplczplczpFUw&amp;usg=AOvVaw3MYBSiINip26jV0yEh6VAQ\" target=\"_blank\" rel=\"noopener\" data-saferedirecturl=\"https:\/\/www.google.com\/url?q=https:\/\/www.google.com\/url?rct%3Dj%26sa%3Dt%26url%3Dhttps:\/\/www.diariocordoba.com\/cordoba-ciudad\/2023\/11\/23\/plataforma-violencia-iam-piden-educacion-94964444.html%26ct%3Dga%26cd%3DCAEYACoTMTUxODM2ODk2MzgwMzY5MjQzMDIZYzAzNzJlYmMyZmVhZGE1OTplczplczpFUw%26usg%3DAOvVaw3MYBSiINip26jV0yEh6VAQ&amp;source=gmail&amp;ust=1700850771695000&amp;usg=AOvVaw1r8Voy9HFX3WxuDixz34Ux\">La plataforma contra la violencia y el IAM piden m\u00e1s educaci\u00f3n afectivo sexual y desde antes-\u00a0<\/a><a>Diario C\u00f3rdoba<\/a><a><br \/>\n<\/a><a href=\"https:\/\/www.google.com\/url?rct=j&amp;sa=t&amp;url=https:\/\/www.cope.es\/emisoras\/andalucia\/malaga-provincia\/malaga\/noticias\/instituto-andaluz-mujer-atiende-cada-dia-mujeres-provincia-20231123_3017169&amp;ct=ga&amp;cd=CAEYACoTNzg0MzIzMDE5NjU1OTMwMTA3MzIbOWFiMWNkZDdlMzY2ZWYzODplczplczpFUzpS&amp;usg=AOvVaw20-hZEVrXNgOCRegKwfw48\" target=\"_blank\" rel=\"noopener\" data-saferedirecturl=\"https:\/\/www.google.com\/url?q=https:\/\/www.google.com\/url?rct%3Dj%26sa%3Dt%26url%3Dhttps:\/\/www.cope.es\/emisoras\/andalucia\/malaga-provincia\/malaga\/noticias\/instituto-andaluz-mujer-atiende-cada-dia-mujeres-provincia-20231123_3017169%26ct%3Dga%26cd%3DCAEYACoTNzg0MzIzMDE5NjU1OTMwMTA3MzIbOWFiMWNkZDdlMzY2ZWYzODplczplczpFUzpS%26usg%3DAOvVaw20-hZEVrXNgOCRegKwfw48&amp;source=gmail&amp;ust=1700850769473000&amp;usg=AOvVaw0PqyA_WKskimk9VgmiO_CZ\">Violencia de g\u00e9nero: este es el protocolo que se activa en el hospital ante un caso de maltrato-\u00a0<\/a><a>COPE<br \/>\n<\/a><a class=\"title\" href=\"https:\/\/www.eldiario.es\/andalucia\/en-abierto\/responsables-nombres-apellidos_132_10704361.html\" target=\"_blank\" rel=\"noopener\" data-artpy=\"0\" data-author=\"eldiario.es\">Responsables, con nombres y apellidos<\/a>-eldiario<a><br \/>\n<\/a><\/p>\n<p><b>Ciencia y Cultura<br \/>\n<\/b><a href=\"https:\/\/www.abc.es\/cultura\/arte\/juana-aizpuru-cierra-galeria-final-agotado-tiempo-20231120185347-nt.html\">Juana de Aizpuru cierra su galer\u00eda: \u00abTodo tiene un final y yo he agotado mi tiempo\u00bb &#8211;\u00a0<\/a><a>abc<br \/>\n<\/a><a href=\"https:\/\/www.google.com\/url?rct=j&amp;sa=t&amp;url=https:\/\/elfarodemelilla.es\/helena-cueto-autora-de-paz-en-busca-de-su-inocencia-este-libro-nos-ensena-a-poner-muchos-limites\/&amp;ct=ga&amp;cd=CAEYBCoUMTgzNDA1OTYyMjAzNDI0NjQzNTEyGzlhYjFjZGQ3ZTM2NmVmMzg6ZXM6ZXM6RVM6Ug&amp;usg=AOvVaw3qNXe5nZfbh8rj2-AL-jfM\" target=\"_blank\" rel=\"noopener\" data-saferedirecturl=\"https:\/\/www.google.com\/url?q=https:\/\/www.google.com\/url?rct%3Dj%26sa%3Dt%26url%3Dhttps:\/\/elfarodemelilla.es\/helena-cueto-autora-de-paz-en-busca-de-su-inocencia-este-libro-nos-ensena-a-poner-muchos-limites\/%26ct%3Dga%26cd%3DCAEYBCoUMTgzNDA1OTYyMjAzNDI0NjQzNTEyGzlhYjFjZGQ3ZTM2NmVmMzg6ZXM6ZXM6RVM6Ug%26usg%3DAOvVaw3qNXe5nZfbh8rj2-AL-jfM&amp;source=gmail&amp;ust=1700850769489000&amp;usg=AOvVaw1AU4Y1XszWWz0bXxU5TLgK\">Helena Cueto, autora de &#8216;Paz en busca de su inocencia&#8217;: \u00abEste libro nos ense\u00f1a a poner &#8230;-\u00a0<\/a><a>El Faro de Melilla<br \/>\n<\/a><a href=\"https:\/\/www.google.com\/url?rct=j&amp;sa=t&amp;url=https:\/\/canal.ugr.es\/evento\/seminario-como-leer-un-texto-literario-desde-la-perspectiva-historica-y-de-genero\/&amp;ct=ga&amp;cd=CAEYBSoTNzcwMjg3OTM0NzE4OTgwNTYyMDIZNTlkNzgxNzEzNmEyZDAyODplczplczpFUw&amp;usg=AOvVaw27z9mPwZYPZKRek1SKFB9F\" target=\"_blank\" rel=\"noopener\" data-saferedirecturl=\"https:\/\/www.google.com\/url?q=https:\/\/www.google.com\/url?rct%3Dj%26sa%3Dt%26url%3Dhttps:\/\/canal.ugr.es\/evento\/seminario-como-leer-un-texto-literario-desde-la-perspectiva-historica-y-de-genero\/%26ct%3Dga%26cd%3DCAEYBSoTNzcwMjg3OTM0NzE4OTgwNTYyMDIZNTlkNzgxNzEzNmEyZDAyODplczplczpFUw%26usg%3DAOvVaw27z9mPwZYPZKRek1SKFB9F&amp;source=gmail&amp;ust=1700850771491000&amp;usg=AOvVaw2D6z-8SCphjwbYbutm8cqn\">Seminario \u00abC\u00f3mo leer un texto literario desde la perspectiva hist\u00f3rica y de\u00a0g\u00e9nero\u00bb-\u00a0<\/a><a>Canal UGR<br \/>\n<\/a><a class=\"title\" href=\"https:\/\/www.msn.com\/es-es\/noticias\/virales\/la-copla-ese-g%C3%A9nero-del-mariquita-andaluz-y-las-travestis-del-que-se-apropi%C3%B3-la-dictadura\/ar-AA1kkC1d\" target=\"_blank\" rel=\"noopener\" data-artpy=\"0\" data-author=\"eldiario.es on MSN\">La copla, ese g\u00e9nero \u201cdel mariquita andaluz y las travestis\u201d del que se apropi\u00f3 la dictadura<\/a>-eldiario<br \/>\n<a class=\"title\" href=\"https:\/\/www.msn.com\/es-es\/noticias\/other\/las-ilustradoras-ilu-ros-y-ana-penyas-conversar%C3%A1n-en-c%C3%B3rdoba-sobre-c%C3%B3mo-dibujar-la-historia-de-las-mujeres\/ar-AA1kihTC\" target=\"_blank\" rel=\"noopener\" data-artpy=\"0\" data-author=\"Europa Press on MSN\">Las ilustradoras Ilu Ros y Ana Penyas conversar\u00e1n en C\u00f3rdoba sobre c\u00f3mo dibujar la historia de las mujeres<\/a>-europapress<br \/>\n<a class=\"title\" href=\"https:\/\/www.larazon.es\/cultura\/martirio-soy-mujer-sur-cosas_20231120655abe8af6ca7200012b0642.html\" target=\"_blank\" rel=\"noopener\" data-artpy=\"0\" data-author=\"La Raz\u00f3n Digital\">Martirio: \u00abSoy una mujer del sur de las cosas\u00bb<\/a>-larazon<br \/>\n<a class=\"title\" href=\"https:\/\/www.malagahoy.es\/ocio\/Graficas-impulsa-Malaga-autoras-comic-ilustracion_0_1850516990.html\" target=\"_blank\" rel=\"noopener\" data-artpy=\"0\" data-author=\"M\u00e1laga Hoy\">El ciclo \u2018Gr\u00e1ficas!\u2019 impulsa en M\u00e1laga a las autoras del mundo del c\u00f3mic y la ilustraci\u00f3n<\/a>-malagahoy<a><br \/>\n<\/a><\/p>\n<p><strong>Deporte<br \/>\n<\/strong><a href=\"https:\/\/www.google.com\/url?rct=j&amp;sa=t&amp;url=https:\/\/www.granadadigital.es\/subdelegacion-gobierno-granada-cf-vuelven-unir-luchar-contra-violencia-genero\/&amp;ct=ga&amp;cd=CAEYACoUMTY0OTA4MDA5MDI5MDM0MDQ1MDEyGWUxZTc3ZDE1NjA5OGE4ZTM6ZXM6ZXM6RVM&amp;usg=AOvVaw1gPg3Qeoa7WtWVCCWoP0H_\" target=\"_blank\" rel=\"noopener\" data-saferedirecturl=\"https:\/\/www.google.com\/url?q=https:\/\/www.google.com\/url?rct%3Dj%26sa%3Dt%26url%3Dhttps:\/\/www.granadadigital.es\/subdelegacion-gobierno-granada-cf-vuelven-unir-luchar-contra-violencia-genero\/%26ct%3Dga%26cd%3DCAEYACoUMTY0OTA4MDA5MDI5MDM0MDQ1MDEyGWUxZTc3ZDE1NjA5OGE4ZTM6ZXM6ZXM6RVM%26usg%3DAOvVaw1gPg3Qeoa7WtWVCCWoP0H_&amp;source=gmail&amp;ust=1700850769544000&amp;usg=AOvVaw3dXan4MkPF71pIhSv39su_\">La Subdelegaci\u00f3n del Gobierno y el Granada CF se vuelven a unir para luchar contra la violencia de g\u00e9nero &#8230;-\u00a0<\/a><a>Granada Digital<\/a><\/p>\n<\/div>\n<\/div>\n<\/div>\n<\/div>\n<div id=\"\" class=\"lsow-panel lsow-active\">\n<h1 class=\"lsow-panel-title\">Estado<\/h1>\n<div class=\"lsow-panel-content\">\n<p><strong>Institucional<br \/>\n<\/strong><a href=\"https:\/\/www.google.com\/url?rct=j&amp;sa=t&amp;url=https:\/\/www.newtral.es\/elma-saiz\/20231120\/&amp;ct=ga&amp;cd=CAEYACoTODUwODM4ODgyMjYyNDgxMTEwMDIZYzAzNzJlYmMyZmVhZGE1OTplczplczpFUw&amp;usg=AOvVaw18IRUvUXmguq7jbUQDN98w\" target=\"_blank\" rel=\"noopener\" data-saferedirecturl=\"https:\/\/www.google.com\/url?q=https:\/\/www.google.com\/url?rct%3Dj%26sa%3Dt%26url%3Dhttps:\/\/www.newtral.es\/elma-saiz\/20231120\/%26ct%3Dga%26cd%3DCAEYACoTODUwODM4ODgyMjYyNDgxMTEwMDIZYzAzNzJlYmMyZmVhZGE1OTplczplczpFUw%26usg%3DAOvVaw18IRUvUXmguq7jbUQDN98w&amp;source=gmail&amp;ust=1700757533389000&amp;usg=AOvVaw2mus44hmqmuHFpgpu40i6a\">La navarra Elma Saiz, nueva ministra de Seguridad Social y Pol\u00edticas Migratorias &#8211;\u00a0<\/a><a>Newtral<br \/>\n<\/a><a href=\"https:\/\/www.google.com\/url?rct=j&amp;sa=t&amp;url=https:\/\/www.publico.es\/es\/politica\/los-retos-de-la-nueva-ministra-de-igualdad-apuntalar-el-derecho-al-aborto-el-pacto-de-estado-contra-la-violencia-de-genero-y-la-ley-de-trata\/&amp;ct=ga&amp;cd=CAEYAioTODk0OTUxOTE2MzgxODg1MTYzMDIZYzAzNzJlYmMyZmVhZGE1OTplczplczpFUw&amp;usg=AOvVaw2P3sUxZrZBqOnn7tYGL0Tw\" target=\"_blank\" rel=\"noopener\" data-saferedirecturl=\"https:\/\/www.google.com\/url?q=https:\/\/www.google.com\/url?rct%3Dj%26sa%3Dt%26url%3Dhttps:\/\/www.publico.es\/es\/politica\/los-retos-de-la-nueva-ministra-de-igualdad-apuntalar-el-derecho-al-aborto-el-pacto-de-estado-contra-la-violencia-de-genero-y-la-ley-de-trata\/%26ct%3Dga%26cd%3DCAEYAioTODk0OTUxOTE2MzgxODg1MTYzMDIZYzAzNzJlYmMyZmVhZGE1OTplczplczpFUw%26usg%3DAOvVaw2P3sUxZrZBqOnn7tYGL0Tw&amp;source=gmail&amp;ust=1700757533372000&amp;usg=AOvVaw2McGJJRDPfBXCnzy4yp6Bg\">Los retos de la nueva ministra de Igualdad: apuntalar el derecho al aborto, el pacto de &#8230;-\u00a0<\/a><a>P\u00fablico<br \/>\n<\/a><a class=\"title\" href=\"https:\/\/www.cope.es\/actualidad\/sociedad\/noticias\/diaz-anuncia-plan-empleo-para-comunidad-gitana-con-mayor-impacto-las-mujeres-20231123_3017075\" target=\"_blank\" rel=\"noopener\" data-artpy=\"0\" data-author=\"COPE\">D\u00edaz anuncia un plan de empleo para la comunidad gitana, con mayor impacto en las mujeres<\/a>-cope<a><br \/>\n<\/a><\/p>\n<p><strong>Institucional &#8211; CCAA<br \/>\n<\/strong><a href=\"https:\/\/www.google.com\/url?rct=j&amp;sa=t&amp;url=https:\/\/www.infobae.com\/espana\/agencias\/2023\/11\/21\/gobierno-vasco-comparte-la-preocupacion-de-la-fiscalia-sobre-la-coordinacion-en-la-lucha-contra-la-violencia-machista\/&amp;ct=ga&amp;cd=CAEYACoUMTMxNDEyNDU3MDI5NjAzNjY2MjUyGWUyZGVmYTdkNWRhOTE1N2Q6ZXM6ZXM6RVM&amp;usg=AOvVaw2ml0LGQ9Vhel0_PeNgjUVs\" target=\"_blank\" rel=\"noopener\" data-saferedirecturl=\"https:\/\/www.google.com\/url?q=https:\/\/www.google.com\/url?rct%3Dj%26sa%3Dt%26url%3Dhttps:\/\/www.infobae.com\/espana\/agencias\/2023\/11\/21\/gobierno-vasco-comparte-la-preocupacion-de-la-fiscalia-sobre-la-coordinacion-en-la-lucha-contra-la-violencia-machista\/%26ct%3Dga%26cd%3DCAEYACoUMTMxNDEyNDU3MDI5NjAzNjY2MjUyGWUyZGVmYTdkNWRhOTE1N2Q6ZXM6ZXM6RVM%26usg%3DAOvVaw2ml0LGQ9Vhel0_PeNgjUVs&amp;source=gmail&amp;ust=1700757532757000&amp;usg=AOvVaw3rEQ_GPl7B5gbMpW0hMTxB\">Gobierno Vasco comparte la \u00abpreocupaci\u00f3n\u00bb de la Fiscal\u00eda sobre la coordinaci\u00f3n en la lucha &#8230;-\u00a0<\/a><a>Infobae<br \/>\n<\/a><a href=\"https:\/\/www.google.com\/url?rct=j&amp;sa=t&amp;url=https:\/\/www.lavanguardia.com\/local\/asturias\/20231122\/9398543\/asturias-cola-espana-numero-hijos-mujer-agenciaslv20231122.html&amp;ct=ga&amp;cd=CAEYBCoUMTAwMTYyMDEwMzYzMzkwNTY1NTYyGWMwMzcyZWJjMmZlYWRhNTk6ZXM6ZXM6RVM&amp;usg=AOvVaw0yw2vhmgpkJmJfycf5w4oC\" target=\"_blank\" rel=\"noopener\" data-saferedirecturl=\"https:\/\/www.google.com\/url?q=https:\/\/www.google.com\/url?rct%3Dj%26sa%3Dt%26url%3Dhttps:\/\/www.lavanguardia.com\/local\/asturias\/20231122\/9398543\/asturias-cola-espana-numero-hijos-mujer-agenciaslv20231122.html%26ct%3Dga%26cd%3DCAEYBCoUMTAwMTYyMDEwMzYzMzkwNTY1NTYyGWMwMzcyZWJjMmZlYWRhNTk6ZXM6ZXM6RVM%26usg%3DAOvVaw0yw2vhmgpkJmJfycf5w4oC&amp;source=gmail&amp;ust=1700760042255000&amp;usg=AOvVaw0e4NffP372D0pef1dXGe7u\">Asturias, en la cola de Espa\u00f1a en n\u00famero de hijos por\u00a0mujer &#8211;\u00a0<\/a><a>La Vanguardia<br \/>\n<\/a><a href=\"https:\/\/www.google.com\/url?rct=j&amp;sa=t&amp;url=https:\/\/www.elespanol.com\/invertia\/disruptores-innovadores\/autonomias\/cataluna\/20231122\/apuesta-reducir-brecha-genero-promocion-tecnologica-juvenil-premio-cataluna\/811419092_0.html&amp;ct=ga&amp;cd=CAEYBSoUMTE1NDE2MTE4NDYzODc0NTg5MjUyGWMwMzcyZWJjMmZlYWRhNTk6ZXM6ZXM6RVM&amp;usg=AOvVaw1LHH950FY83UyD6P5cK6r6\" target=\"_blank\" rel=\"noopener\" data-saferedirecturl=\"https:\/\/www.google.com\/url?q=https:\/\/www.google.com\/url?rct%3Dj%26sa%3Dt%26url%3Dhttps:\/\/www.elespanol.com\/invertia\/disruptores-innovadores\/autonomias\/cataluna\/20231122\/apuesta-reducir-brecha-genero-promocion-tecnologica-juvenil-premio-cataluna\/811419092_0.html%26ct%3Dga%26cd%3DCAEYBSoUMTE1NDE2MTE4NDYzODc0NTg5MjUyGWMwMzcyZWJjMmZlYWRhNTk6ZXM6ZXM6RVM%26usg%3DAOvVaw1LHH950FY83UyD6P5cK6r6&amp;source=gmail&amp;ust=1700757533692000&amp;usg=AOvVaw2LlCq22-70MEulC9WHFymB\">La apuesta por reducir la brecha de g\u00e9nero y la promoci\u00f3n tecnol\u00f3gica juvenil tienen &#8230; &#8211;\u00a0<\/a><a>El Espa\u00f1ol<br \/>\n<\/a><a href=\"https:\/\/www.google.com\/url?rct=j&amp;sa=t&amp;url=https:\/\/www.elpublicista.es\/anunciantes\/emakunde-educa-sobre-porno-como-violencia-contra-mujeres&amp;ct=ga&amp;cd=CAEYACoUMTE1NDE2MTE4NDYzODc0NTg5MjUyGWMwMzcyZWJjMmZlYWRhNTk6ZXM6ZXM6RVM&amp;usg=AOvVaw2wPiZrhKMwf72hP2z9vEZ0\" target=\"_blank\" rel=\"noopener\" data-saferedirecturl=\"https:\/\/www.google.com\/url?q=https:\/\/www.google.com\/url?rct%3Dj%26sa%3Dt%26url%3Dhttps:\/\/www.elpublicista.es\/anunciantes\/emakunde-educa-sobre-porno-como-violencia-contra-mujeres%26ct%3Dga%26cd%3DCAEYACoUMTE1NDE2MTE4NDYzODc0NTg5MjUyGWMwMzcyZWJjMmZlYWRhNTk6ZXM6ZXM6RVM%26usg%3DAOvVaw2wPiZrhKMwf72hP2z9vEZ0&amp;source=gmail&amp;ust=1700757533690000&amp;usg=AOvVaw2f4OKip9I9-CC1vtmyb5Xb\">Emakunde educa sobre el porno como violencia contra las\u00a0mujeres &#8211;\u00a0<\/a><a>El Publicista<br \/>\n<\/a><a href=\"https:\/\/www.google.com\/url?rct=j&amp;sa=t&amp;url=https:\/\/manchamedia.com\/las-cortes-regionales-celebran-el-90-aniversario-del-voto-femenino\/&amp;ct=ga&amp;cd=CAEYAioUMTExNTIzMTAxMzg0MjcxNTcwOTMyGWMwMzcyZWJjMmZlYWRhNTk6ZXM6ZXM6RVM&amp;usg=AOvVaw0puv1z66fLE8AjkEZGHsd7\" target=\"_blank\" rel=\"noopener\" data-saferedirecturl=\"https:\/\/www.google.com\/url?q=https:\/\/www.google.com\/url?rct%3Dj%26sa%3Dt%26url%3Dhttps:\/\/manchamedia.com\/las-cortes-regionales-celebran-el-90-aniversario-del-voto-femenino\/%26ct%3Dga%26cd%3DCAEYAioUMTExNTIzMTAxMzg0MjcxNTcwOTMyGWMwMzcyZWJjMmZlYWRhNTk6ZXM6ZXM6RVM%26usg%3DAOvVaw0puv1z66fLE8AjkEZGHsd7&amp;source=gmail&amp;ust=1700757533460000&amp;usg=AOvVaw0wkbfp-EM1FevXGzc-SyDw\">Las Cortes regionales celebran el 90 aniversario del voto femenino &#8211;<\/a><a>manchamedia<br \/>\n<\/a><a href=\"https:\/\/www.google.com\/url?rct=j&amp;sa=t&amp;url=https:\/\/govclipping.com\/es\/aragon\/press_release\/2023-11-20\/1239-instituto-aragones-mujer-recibe-2-630-llamadas-casos-violencia-lo-va-ano&amp;ct=ga&amp;cd=CAEYACoUMTIxNDE3MTIwNDczMTA2ODMwMjkyGWMwMzcyZWJjMmZlYWRhNTk6ZXM6ZXM6RVM&amp;usg=AOvVaw1VFrK7eCkf4eNBAp1s5jsV\" target=\"_blank\" rel=\"noopener\" data-saferedirecturl=\"https:\/\/www.google.com\/url?q=https:\/\/www.google.com\/url?rct%3Dj%26sa%3Dt%26url%3Dhttps:\/\/govclipping.com\/es\/aragon\/press_release\/2023-11-20\/1239-instituto-aragones-mujer-recibe-2-630-llamadas-casos-violencia-lo-va-ano%26ct%3Dga%26cd%3DCAEYACoUMTIxNDE3MTIwNDczMTA2ODMwMjkyGWMwMzcyZWJjMmZlYWRhNTk6ZXM6ZXM6RVM%26usg%3DAOvVaw1VFrK7eCkf4eNBAp1s5jsV&amp;source=gmail&amp;ust=1700757533348000&amp;usg=AOvVaw3RKKViM2ckrAFWaHR0C9Jt\">El\u00a0Instituto\u00a0Aragon\u00e9s de la\u00a0Mujer recibe 2.630 llamadas por casos de violencia en lo que va de a\u00f1o-\u00a0<\/a><a>Gov Clipping<br \/>\n<\/a><a href=\"https:\/\/www.google.com\/url?rct=j&amp;sa=t&amp;url=https:\/\/www.elespanol.com\/quincemil\/articulos\/actualidad\/el-sergas-extendera-el-cribado-de-violencia-de-genero-a-las-menores-y-adolescentes-gallegas&amp;ct=ga&amp;cd=CAEYAioTMjMzMTk0MDU5OTA1Mzc0MjYyNTIZZTJkZWZhN2Q1ZGE5MTU3ZDplczplczpFUw&amp;usg=AOvVaw0ThimzcmTlKAY889XSIlSx\" target=\"_blank\" rel=\"noopener\" data-saferedirecturl=\"https:\/\/www.google.com\/url?q=https:\/\/www.google.com\/url?rct%3Dj%26sa%3Dt%26url%3Dhttps:\/\/www.elespanol.com\/quincemil\/articulos\/actualidad\/el-sergas-extendera-el-cribado-de-violencia-de-genero-a-las-menores-y-adolescentes-gallegas%26ct%3Dga%26cd%3DCAEYAioTMjMzMTk0MDU5OTA1Mzc0MjYyNTIZZTJkZWZhN2Q1ZGE5MTU3ZDplczplczpFUw%26usg%3DAOvVaw0ThimzcmTlKAY889XSIlSx&amp;source=gmail&amp;ust=1700850769933000&amp;usg=AOvVaw0oqFZv2J8FTSmrZ_Ij6Nmk\">El Sergas extender\u00e1 el cribado de\u00a0violencia de g\u00e9nero a las menores y adolescentes gallegas-\u00a0<\/a><a>El Espa\u00f1ol<br \/>\n<\/a><a class=\"title\" href=\"https:\/\/www.elespanol.com\/quincemil\/articulos\/economia\/nace-as-nosas-un-evento-para-visibilizar-mujeres-referentes\" target=\"_blank\" rel=\"noopener\" data-artpy=\"0\" data-author=\"ESPA\u00d1OL\">Nace &#8216;As nosas&#8217;, un evento para visibilizar mujeres referentes de Galicia<\/a>-elespa\u00f1ol<a><br \/>\n<\/a><\/p>\n<p><strong>Econom\u00eda y Empresa<br \/>\n<\/strong><a class=\"title\" href=\"https:\/\/www.msn.com\/es-es\/dinero\/other\/la-mujer-en-la-empresa-familiar-el-camino-hacia-los-puestos-ejecutivos\/ar-AA1k9SLR\" target=\"_blank\" rel=\"noopener\" data-artpy=\"0\" data-author=\"El Independiente on MSN\">La mujer en la empresa familiar: el camino hacia los puestos ejecutivos<\/a>-elindependiente<br \/>\n<a class=\"title\" href=\"https:\/\/isanidad.com\/266191\/salud-y-mujer-en-el-ambito-laboral-un-nuevo-programa-para-los-profesionales-de-la-medicina-del-trabajo\/\" target=\"_blank\" rel=\"noopener\" data-artpy=\"0\" data-author=\"isanidad\">Salud y mujer en el \u00e1mbito laboral, un nuevo programa para los profesionales de la medicina del trabajo<\/a>-isanidad<br \/>\n<a class=\"title\" href=\"https:\/\/cincodias.elpais.com\/cincodias\/2023\/11\/17\/emprendedores\/1700232065_498788.html\" target=\"_blank\" rel=\"noopener\" data-artpy=\"0\" data-author=\"EL PA\u00cdS\">Perfil global de la mujer emprendedora<\/a>-cincodias<br \/>\n<a class=\"title\" href=\"https:\/\/www.msn.com\/es-es\/noticias\/other\/dos-mujeres-estar%C3%A1n-a-la-cabeza-del-primer-comit%C3%A9-de-empresa-de-horse-valladolid\/ar-AA1k3hS6\" target=\"_blank\" rel=\"noopener\" data-artpy=\"0\" data-author=\"ESPA\u00d1OL on MSN\">Dos mujeres estar\u00e1n a la cabeza del primer Comit\u00e9 de Empresa de Horse Valladolid<\/a>-elespa\u00f1ol<strong><br \/>\n<\/strong><\/p>\n<p><strong>Actualidad<br \/>\n<\/strong><a href=\"https:\/\/web.icam.es\/el-icam-crea-unos-premios-para-fomentar-la-igualdad-y-el-liderazgo-femenino-en-el-sector-legal\/\">El ICAM crea los premios \u2018Decana Sonia Gumpert\u2019 y \u2018Bel\u00e9n Land\u00e1buru y Mar\u00eda Telo\u2019 para promover el liderazgo femenino y la igualdad en la abogac\u00eda &#8211; ICAM &#8211; Ilustre Colegio de la Abogac\u00eda de Madrid-\u00a0<\/a>icam<br \/>\n<a href=\"https:\/\/www.google.com\/url?rct=j&amp;sa=t&amp;url=https:\/\/www.fiscal.es\/web\/fiscal\/-\/el-fiscal-general-del-estado-recoge-el-premio-menina-justicia-feminista-de-la-delegacion-del-gobierno-contra-la-violencia-de-genero&amp;ct=ga&amp;cd=CAEYASoTMjQ3NTg0ODU5NTQ5NTUzNzQ0MTIZNTlkNzgxNzEzNmEyZDAyODplczplczpFUw&amp;usg=AOvVaw0UH_GTJdGlduCU6MiMX8hG\" target=\"_blank\" rel=\"noopener\" data-saferedirecturl=\"https:\/\/www.google.com\/url?q=https:\/\/www.google.com\/url?rct%3Dj%26sa%3Dt%26url%3Dhttps:\/\/www.fiscal.es\/web\/fiscal\/-\/el-fiscal-general-del-estado-recoge-el-premio-menina-justicia-feminista-de-la-delegacion-del-gobierno-contra-la-violencia-de-genero%26ct%3Dga%26cd%3DCAEYASoTMjQ3NTg0ODU5NTQ5NTUzNzQ0MTIZNTlkNzgxNzEzNmEyZDAyODplczplczpFUw%26usg%3DAOvVaw0UH_GTJdGlduCU6MiMX8hG&amp;source=gmail&amp;ust=1700757534078000&amp;usg=AOvVaw1l8PX1qnFALxkxInILp-G3\">El Fiscal General del Estado recoge el Premio Menina Justicia Feminista de la Delegaci\u00f3n &#8230;-\u00a0<\/a><a>Fiscal<br \/>\n<\/a><a href=\"https:\/\/www.google.com\/url?rct=j&amp;sa=t&amp;url=https:\/\/www.europapress.es\/epsocial\/migracion\/noticia-mujeres-marcha-pide-politicas-migracion-garanticen-proteccion-internacional-enfoque-genero-20231121140106.html&amp;ct=ga&amp;cd=CAEYAioUMTYyOTAwNDk2NjEwMDAzMzYwMjMyGTU5ZDc4MTcxMzZhMmQwMjg6ZXM6ZXM6RVM&amp;usg=AOvVaw0jYPjuabKk_irvMUN6Hmpi\" target=\"_blank\" rel=\"noopener\" data-saferedirecturl=\"https:\/\/www.google.com\/url?q=https:\/\/www.google.com\/url?rct%3Dj%26sa%3Dt%26url%3Dhttps:\/\/www.europapress.es\/epsocial\/migracion\/noticia-mujeres-marcha-pide-politicas-migracion-garanticen-proteccion-internacional-enfoque-genero-20231121140106.html%26ct%3Dga%26cd%3DCAEYAioUMTYyOTAwNDk2NjEwMDAzMzYwMjMyGTU5ZDc4MTcxMzZhMmQwMjg6ZXM6ZXM6RVM%26usg%3DAOvVaw0jYPjuabKk_irvMUN6Hmpi&amp;source=gmail&amp;ust=1700757533976000&amp;usg=AOvVaw2eRYWxeYjea9hcS4mEcZno\">&#8216;Mujeres en Marcha&#8217; pide pol\u00edticas de migraci\u00f3n que garanticen la protecci\u00f3n internacional y &#8230;-<\/a><a>Europa Press<br \/>\n<\/a><a href=\"https:\/\/www.google.com\/url?rct=j&amp;sa=t&amp;url=https:\/\/www.eldiario.es\/castilla-la-mancha\/social\/siglo-voto-femenino-revolucion-roles-genero-inclusion-plena-mujeres_1_10705587.html&amp;ct=ga&amp;cd=CAEYASoTNjI5MjkzMTQ3NjAyODgxNzAzODIZYzAzNzJlYmMyZmVhZGE1OTplczplczpFUw&amp;usg=AOvVaw1E6ciBfV0-IQ1rS2ktVP0I\" target=\"_blank\" rel=\"noopener\" data-saferedirecturl=\"https:\/\/www.google.com\/url?q=https:\/\/www.google.com\/url?rct%3Dj%26sa%3Dt%26url%3Dhttps:\/\/www.eldiario.es\/castilla-la-mancha\/social\/siglo-voto-femenino-revolucion-roles-genero-inclusion-plena-mujeres_1_10705587.html%26ct%3Dga%26cd%3DCAEYASoTNjI5MjkzMTQ3NjAyODgxNzAzODIZYzAzNzJlYmMyZmVhZGE1OTplczplczpFUw%26usg%3DAOvVaw1E6ciBfV0-IQ1rS2ktVP0I&amp;source=gmail&amp;ust=1700757533712000&amp;usg=AOvVaw2sEV4TIGwlGix0FlHNmqTU\">Casi un siglo de voto femenino, una \u00abrevoluci\u00f3n\u00bb de los roles de g\u00e9nero y la \u00abinclusi\u00f3n plena &#8230;-\u00a0<\/a><a>El Diario<br \/>\n<\/a><a href=\"https:\/\/www.google.com\/url?rct=j&amp;sa=t&amp;url=https:\/\/www.infosalus.com\/salud-investigacion\/noticia-expertos-piden-mas-informacion-cambios-menstruales-perimenopausia-20231121074947.html&amp;ct=ga&amp;cd=CAEYASoTODk0OTUxOTE2MzgxODg1MTYzMDIZYzAzNzJlYmMyZmVhZGE1OTplczplczpFUw&amp;usg=AOvVaw0KcaYst189sD6dB4cmfW1F\" target=\"_blank\" rel=\"noopener\" data-saferedirecturl=\"https:\/\/www.google.com\/url?q=https:\/\/www.google.com\/url?rct%3Dj%26sa%3Dt%26url%3Dhttps:\/\/www.infosalus.com\/salud-investigacion\/noticia-expertos-piden-mas-informacion-cambios-menstruales-perimenopausia-20231121074947.html%26ct%3Dga%26cd%3DCAEYASoTODk0OTUxOTE2MzgxODg1MTYzMDIZYzAzNzJlYmMyZmVhZGE1OTplczplczpFUw%26usg%3DAOvVaw0KcaYst189sD6dB4cmfW1F&amp;source=gmail&amp;ust=1700757533371000&amp;usg=AOvVaw0DMSWuFWfu0nZqp1fb0ADR\">Expertos piden m\u00e1s informaci\u00f3n sobre los cambios menstruales durante la perimenopausia-\u00a0<\/a><a>Infosalus<br \/>\n<\/a><a href=\"https:\/\/www.google.com\/url?rct=j&amp;sa=t&amp;url=https:\/\/elpais.com\/sociedad\/2023-11-22\/en-2022-nacieron-mas-hijos-de-madres-solteras-que-de-casadas-por-primera-vez-en-espana.html&amp;ct=ga&amp;cd=CAEYASoTNTY5NjM4NDYwOTExNzA3ODQ3MjIZYzAzNzJlYmMyZmVhZGE1OTplczplczpFUw&amp;usg=AOvVaw0CJ3UBgRi224ALzja3_mZ3\" target=\"_blank\" rel=\"noopener\" data-saferedirecturl=\"https:\/\/www.google.com\/url?q=https:\/\/www.google.com\/url?rct%3Dj%26sa%3Dt%26url%3Dhttps:\/\/elpais.com\/sociedad\/2023-11-22\/en-2022-nacieron-mas-hijos-de-madres-solteras-que-de-casadas-por-primera-vez-en-espana.html%26ct%3Dga%26cd%3DCAEYASoTNTY5NjM4NDYwOTExNzA3ODQ3MjIZYzAzNzJlYmMyZmVhZGE1OTplczplczpFUw%26usg%3DAOvVaw0CJ3UBgRi224ALzja3_mZ3&amp;source=gmail&amp;ust=1700850771675000&amp;usg=AOvVaw2von0ci8X3rJ8N8xvCyXVU\">En 2022 nacieron m\u00e1s hijos de madres solteras que de casadas por primera vez en Espa\u00f1a-\u00a0<\/a><a>EL PA\u00cdS<\/a><\/p>\n<p><strong>Violencia<br \/>\n<\/strong><a href=\"https:\/\/www.google.com\/url?rct=j&amp;sa=t&amp;url=https:\/\/www.diariocritico.com\/nacional\/jovenes-violencia-de-genero-no-existe-o-es-un-invento-ideologico&amp;ct=ga&amp;cd=CAEYAioUMTU4NzgxNjg0MzI4MjEwNTU2OTIyGWUxZTc3ZDE1NjA5OGE4ZTM6ZXM6ZXM6RVM&amp;usg=AOvVaw38j6fdGNvZMAkFyL9dM8ol\" target=\"_blank\" rel=\"noopener\" data-saferedirecturl=\"https:\/\/www.google.com\/url?q=https:\/\/www.google.com\/url?rct%3Dj%26sa%3Dt%26url%3Dhttps:\/\/www.diariocritico.com\/nacional\/jovenes-violencia-de-genero-no-existe-o-es-un-invento-ideologico%26ct%3Dga%26cd%3DCAEYAioUMTU4NzgxNjg0MzI4MjEwNTU2OTIyGWUxZTc3ZDE1NjA5OGE4ZTM6ZXM6ZXM6RVM%26usg%3DAOvVaw38j6fdGNvZMAkFyL9dM8ol&amp;source=gmail&amp;ust=1700757533236000&amp;usg=AOvVaw3roFFFc4IHiql_EB4SCwBK\">El 23% de los j\u00f3venes cree que la\u00a0violencia de g\u00e9nero no existe o es un invento ideol\u00f3gico-\u00a0<\/a><a>Diario Cr\u00edtico<br \/>\n<\/a><a href=\"https:\/\/www.google.com\/url?rct=j&amp;sa=t&amp;url=https:\/\/www.rtve.es\/play\/audios\/esto-merece-una-explicacion\/25n-violencia-machista-asesinadas-2023\/7016824\/&amp;ct=ga&amp;cd=CAEYASoTMTUxODM2ODk2MzgwMzY5MjQzMDIZYzAzNzJlYmMyZmVhZGE1OTplczplczpFUw&amp;usg=AOvVaw3exlbHPtl-OOCYsc4_IVD_\" target=\"_blank\" rel=\"noopener\" data-saferedirecturl=\"https:\/\/www.google.com\/url?q=https:\/\/www.google.com\/url?rct%3Dj%26sa%3Dt%26url%3Dhttps:\/\/www.rtve.es\/play\/audios\/esto-merece-una-explicacion\/25n-violencia-machista-asesinadas-2023\/7016824\/%26ct%3Dga%26cd%3DCAEYASoTMTUxODM2ODk2MzgwMzY5MjQzMDIZYzAzNzJlYmMyZmVhZGE1OTplczplczpFUw%26usg%3DAOvVaw3exlbHPtl-OOCYsc4_IVD_&amp;source=gmail&amp;ust=1700850771696000&amp;usg=AOvVaw3lIkSF0mTZm4Oamy8CYIUF\">25N: \u00bfpor qu\u00e9 hay m\u00e1s asesinadas en 2023? &#8211;\u00a0<\/a><a>RTVE<\/a><\/p>\n<p><strong>Ciencia y Cultura<br \/>\n<\/strong><a class=\"title\" href=\"https:\/\/www.elperiodico.com\/es\/sociedad\/20231122\/premios-donatic-2023-mujeres-entidades-tecnologia-94870590\" target=\"_blank\" rel=\"noopener\" data-artpy=\"0\" data-author=\"El Peri\u00f3dico\">Los &#8216;Premios DonaTIC 2023&#8217; reconocen a siete mujeres y dos entidades como referentes en el \u00e1mbito tecnol\u00f3gico<\/a>-elperiodico<strong><br \/>\n<\/strong><a href=\"https:\/\/www.google.com\/url?rct=j&amp;sa=t&amp;url=https:\/\/dramatico.mcu.es\/llega-al-centro-dramatico-nacional-hedda-gabler-el-clasico-contemporaneo-de-ibsen-bajo-la-mirada-de-alex-rigola\/&amp;ct=ga&amp;cd=CAEYBCoUMTEwNTU4NjA1NDc0MDU5OTM1OTkyGWMwMzcyZWJjMmZlYWRhNTk6ZXM6ZXM6RVM&amp;usg=AOvVaw3NOSqKIwPJucN-BmlsthGx\" target=\"_blank\" rel=\"noopener\" data-saferedirecturl=\"https:\/\/www.google.com\/url?q=https:\/\/www.google.com\/url?rct%3Dj%26sa%3Dt%26url%3Dhttps:\/\/dramatico.mcu.es\/llega-al-centro-dramatico-nacional-hedda-gabler-el-clasico-contemporaneo-de-ibsen-bajo-la-mirada-de-alex-rigola\/%26ct%3Dga%26cd%3DCAEYBCoUMTEwNTU4NjA1NDc0MDU5OTM1OTkyGWMwMzcyZWJjMmZlYWRhNTk6ZXM6ZXM6RVM%26usg%3DAOvVaw3NOSqKIwPJucN-BmlsthGx&amp;source=gmail&amp;ust=1700757533444000&amp;usg=AOvVaw3MWzhcyUVqigVbROqPS6Z0\">Llega al Centro Dram\u00e1tico Nacional \u00abHedda Gabler\u00bb, el cl\u00e1sico contempor\u00e1neo de Ibsen &#8230;-\u00a0<\/a><a>Centro Dram\u00e1tico Nacional<\/a><a class=\"title\" href=\"https:\/\/www.larazon.es\/ciencia\/adios-mito-ama-casa-prehistorica-mujeres-neandertales-cazaban-cuidaban-sus-hijos_20231122655e61c7533bd20001e73f38.html\" target=\"_blank\" rel=\"noopener\" data-artpy=\"0\" data-author=\"La Raz\u00f3n Digital\">Adi\u00f3s al mito del ama de casa prehist\u00f3rica: las mujeres neandertales cazaban y cuidaban a sus hijos<\/a>-larazon<br \/>\n<a class=\"title\" href=\"https:\/\/www.diariodesevilla.es\/entrevistas\/literatura-historia-television-entrevista-mujeres-feminismo_0_1849917385.html\" target=\"_blank\" rel=\"noopener\" data-artpy=\"0\" data-author=\"Diario de Sevilla\">\u201cLa lucha de las mujeres ha cambiado y sigue cambiando el mundo occidental\u201d<\/a>-diariodesevilla<br \/>\n<a class=\"title\" href=\"https:\/\/www.larazon.es\/comunidad-valenciana\/alicante\/cononudo-festival-que-lucha-machismo-traves-arte-cultura_20231123655f3b2b1b48c300013da912.html\" target=\"_blank\" rel=\"noopener\" data-artpy=\"0\" data-author=\"La Raz\u00f3n Digital\">&#8216;Co\u00f1onudo&#8217;: el festival que lucha contra el machismo a trav\u00e9s del arte y la cultura<\/a>-larazon<br \/>\n<a class=\"title\" href=\"https:\/\/www.eldiario.es\/castilla-la-mancha\/de-ciencia\/brecha-genero-mundo-arte-mujeres-cobran-18-4_132_10709144.html\" target=\"_blank\" rel=\"noopener\" data-artpy=\"0\" data-author=\"eldiario.es\">La brecha de g\u00e9nero en el mundo del arte: \u00bfpor qu\u00e9 las mujeres cobran un 18,4% menos?<\/a>-eldiario<a><br \/>\n<\/a><\/p>\n<div><strong>Deporte<br \/>\n<\/strong><a href=\"https:\/\/www.google.com\/url?rct=j&amp;sa=t&amp;url=https:\/\/www.cope.es\/programas\/tiempo-de-juego\/noticias\/tome-incluye-alexia-putellas-irene-paredes-ultima-convocatoria-del-ano-20231121_3012886&amp;ct=ga&amp;cd=CAEYAioUMTMzOTM3NDMyNTA1MTIwMjM5ODcyGWUyZGVmYTdkNWRhOTE1N2Q6ZXM6ZXM6RVM&amp;usg=AOvVaw187jNfNDS2FDZWJei2Puuo\" target=\"_blank\" rel=\"noopener\" data-saferedirecturl=\"https:\/\/www.google.com\/url?q=https:\/\/www.google.com\/url?rct%3Dj%26sa%3Dt%26url%3Dhttps:\/\/www.cope.es\/programas\/tiempo-de-juego\/noticias\/tome-incluye-alexia-putellas-irene-paredes-ultima-convocatoria-del-ano-20231121_3012886%26ct%3Dga%26cd%3DCAEYAioUMTMzOTM3NDMyNTA1MTIwMjM5ODcyGWUyZGVmYTdkNWRhOTE1N2Q6ZXM6ZXM6RVM%26usg%3DAOvVaw187jNfNDS2FDZWJei2Puuo&amp;source=gmail&amp;ust=1700757532750000&amp;usg=AOvVaw3nvoyjlvvIDTyvGaP8INSR\">Tom\u00e9 incluye a las tocadas Alexia Putellas y a Irene Paredes en la \u00faltima convocatoria del a\u00f1o-\u00a0<\/a><a>COPE<br \/>\n<\/a><a href=\"https:\/\/www.google.com\/url?rct=j&amp;sa=t&amp;url=https:\/\/iusport.com\/art\/128136\/el-congreso-deporte-y-mujer-aborda-la-incidencia-del-ciclo-menstrual-en-el-deporte&amp;ct=ga&amp;cd=CAEYAyoUMTE4MDQ5MzUyMjczNDE3Njg5OTQyGWMwMzcyZWJjMmZlYWRhNTk6ZXM6ZXM6RVM&amp;usg=AOvVaw1IC0D6cupdTStuK-Z7HOG-\" target=\"_blank\" rel=\"noopener\" data-saferedirecturl=\"https:\/\/www.google.com\/url?q=https:\/\/www.google.com\/url?rct%3Dj%26sa%3Dt%26url%3Dhttps:\/\/iusport.com\/art\/128136\/el-congreso-deporte-y-mujer-aborda-la-incidencia-del-ciclo-menstrual-en-el-deporte%26ct%3Dga%26cd%3DCAEYAyoUMTE4MDQ5MzUyMjczNDE3Njg5OTQyGWMwMzcyZWJjMmZlYWRhNTk6ZXM6ZXM6RVM%26usg%3DAOvVaw1IC0D6cupdTStuK-Z7HOG-&amp;source=gmail&amp;ust=1700757533485000&amp;usg=AOvVaw16EhUdquNOqtTIOHbtDG1B\">El Congreso Deporte y\u00a0Mujer aborda la incidencia del ciclo menstrual en el deporte-\u00a0<\/a>iusport<br \/>\n<a href=\"https:\/\/www.rtve.es\/deportes\/20231121\/bbc-aitana-bonmati-lista-100-mujeres\/2461537.shtml\">La BBC elige a Aitana Bonmat\u00ed una de las 100 mujeres m\u00e1s influyentes &#8211;\u00a0<\/a>rtve<br \/>\n<a class=\"title\" href=\"https:\/\/www.msn.com\/es-es\/noticias\/deportes\/las-guerreras-llegan-a-santander-muy-motivadas-para-enfrentarse-a-jap%C3%B3n-argentina-y-serbia\/ar-AA1kq4fr\" target=\"_blank\" rel=\"noopener\" data-artpy=\"0\" data-author=\"Europa Press on MSN\">Las Guerreras llegan a Santander \u00abmuy motivadas\u00bb para enfrentarse a Jap\u00f3n, Argentina y Serbia<\/a>-eruopapress<\/div>\n<\/div>\n<\/div>\n<div id=\"\" class=\"lsow-panel lsow-active\">\n<h1 class=\"lsow-panel-title\">Internacional<\/h1>\n<div class=\"lsow-panel-content\">\n<p><a href=\"https:\/\/www.google.com\/url?rct=j&amp;sa=t&amp;url=https:\/\/www.unwomen.org\/es\/noticias\/comunicado-de-prensa\/2023\/11\/comunicado-de-prensa-onu-mujeres-reclama-inversiones-firmes-para-poner-fin-a-la-violencia-de-genero-tras-conocerse-un-informe-que-demuestra-la-grave-falta-de-financiacion-en-materia-de-prevencion&amp;ct=ga&amp;cd=CAEYACoTMjM1NDYwNzk2MjcwMTAwOTU3NjIZYzAzNzJlYmMyZmVhZGE1OTplczplczpFUw&amp;usg=AOvVaw0ijE7iWDXykcPk6gHGQvBt\" target=\"_blank\" rel=\"noopener\" data-saferedirecturl=\"https:\/\/www.google.com\/url?q=https:\/\/www.google.com\/url?rct%3Dj%26sa%3Dt%26url%3Dhttps:\/\/www.unwomen.org\/es\/noticias\/comunicado-de-prensa\/2023\/11\/comunicado-de-prensa-onu-mujeres-reclama-inversiones-firmes-para-poner-fin-a-la-violencia-de-genero-tras-conocerse-un-informe-que-demuestra-la-grave-falta-de-financiacion-en-materia-de-prevencion%26ct%3Dga%26cd%3DCAEYACoTMjM1NDYwNzk2MjcwMTAwOTU3NjIZYzAzNzJlYmMyZmVhZGE1OTplczplczpFUw%26usg%3DAOvVaw0ijE7iWDXykcPk6gHGQvBt&amp;source=gmail&amp;ust=1700850771639000&amp;usg=AOvVaw1J2N5FNS259YWq9n2VTVRG\">Comunicado de prensa: ONU Mujeres reclama inversiones firmes para poner fin a la violencia de g\u00e9nero &#8230; &#8211;\u00a0<\/a><a>UN Women<br \/>\n<\/a><a href=\"https:\/\/www.google.com\/url?rct=j&amp;sa=t&amp;url=https:\/\/eldiariofeminista.info\/2023\/11\/22\/la-oms-aborda-la-violencia-contra-las-mujeres-como-una-prioridad-en-igualdad-de-genero-y-salud\/&amp;ct=ga&amp;cd=CAEYBSoTMjQ3NTg0ODU5NTQ5NTUzNzQ0MTIZNTlkNzgxNzEzNmEyZDAyODplczplczpFUw&amp;usg=AOvVaw3GMHUtLrqbdxOe5QEeZZEV\" target=\"_blank\" rel=\"noopener\" data-saferedirecturl=\"https:\/\/www.google.com\/url?q=https:\/\/www.google.com\/url?rct%3Dj%26sa%3Dt%26url%3Dhttps:\/\/eldiariofeminista.info\/2023\/11\/22\/la-oms-aborda-la-violencia-contra-las-mujeres-como-una-prioridad-en-igualdad-de-genero-y-salud\/%26ct%3Dga%26cd%3DCAEYBSoTMjQ3NTg0ODU5NTQ5NTUzNzQ0MTIZNTlkNzgxNzEzNmEyZDAyODplczplczpFUw%26usg%3DAOvVaw3GMHUtLrqbdxOe5QEeZZEV&amp;source=gmail&amp;ust=1700757534079000&amp;usg=AOvVaw3l5VDAiM-T1-bNu-qm58Pm\">La OMS aborda la violencia contra las mujeres como una prioridad en igualdad de\u00a0g\u00e9nero y salud-\u00a0<\/a><a>Diario Feminista<br \/>\n<\/a><a href=\"https:\/\/www.google.com\/url?rct=j&amp;sa=t&amp;url=https:\/\/www.europapress.es\/internacional\/noticia-ue-amplia-dos-anos-mas-plan-accion-genero-politica-exterior-20231121170236.html&amp;ct=ga&amp;cd=CAEYACoUMTY2MTM1MTExMDI3MTY1ODE1NzAyGTU5ZDc4MTcxMzZhMmQwMjg6ZXM6ZXM6RVM&amp;usg=AOvVaw32FN_QLvTXXZt70y-40lBI\" target=\"_blank\" rel=\"noopener\" data-saferedirecturl=\"https:\/\/www.google.com\/url?q=https:\/\/www.google.com\/url?rct%3Dj%26sa%3Dt%26url%3Dhttps:\/\/www.europapress.es\/internacional\/noticia-ue-amplia-dos-anos-mas-plan-accion-genero-politica-exterior-20231121170236.html%26ct%3Dga%26cd%3DCAEYACoUMTY2MTM1MTExMDI3MTY1ODE1NzAyGTU5ZDc4MTcxMzZhMmQwMjg6ZXM6ZXM6RVM%26usg%3DAOvVaw32FN_QLvTXXZt70y-40lBI&amp;source=gmail&amp;ust=1700757534020000&amp;usg=AOvVaw2J2zjGiL9a721Y4fFgL3qr\">La UE amplia dos a\u00f1os m\u00e1s su plan de acci\u00f3n de\u00a0g\u00e9nero en la pol\u00edtica exterior-\u00a0<\/a><a>Europa Press<br \/>\n<\/a><a href=\"https:\/\/www.google.com\/url?rct=j&amp;sa=t&amp;url=https:\/\/www.eleconomista.com.mx\/capitalhumano\/Reducir-la-jornada-laboral-permitira-redistribuir-el-trabajo-de-cuidados-Inmujeres-20231122-0126.html&amp;ct=ga&amp;cd=CAEYFSoTNDY5MjAxNTYxMTM0ODU3Njg3MjIZYzAzNzJlYmMyZmVhZGE1OTplczplczpFUw&amp;usg=AOvVaw1teBRUyTSQJe6OdlPRhOXK\" target=\"_blank\" rel=\"noopener\" data-saferedirecturl=\"https:\/\/www.google.com\/url?q=https:\/\/www.google.com\/url?rct%3Dj%26sa%3Dt%26url%3Dhttps:\/\/www.eleconomista.com.mx\/capitalhumano\/Reducir-la-jornada-laboral-permitira-redistribuir-el-trabajo-de-cuidados-Inmujeres-20231122-0126.html%26ct%3Dga%26cd%3DCAEYFSoTNDY5MjAxNTYxMTM0ODU3Njg3MjIZYzAzNzJlYmMyZmVhZGE1OTplczplczpFUw%26usg%3DAOvVaw1teBRUyTSQJe6OdlPRhOXK&amp;source=gmail&amp;ust=1700850771740000&amp;usg=AOvVaw18fWd2TSyanHb0agamMW8y\">Reducir la jornada laboral permitir\u00e1 redistribuir el trabajo de cuidados: Inmujeres-\u00a0<\/a><a>El Economista<br \/>\n<\/a><a href=\"https:\/\/www.google.com\/url?rct=j&amp;sa=t&amp;url=https:\/\/www.bbc.com\/mundo\/resources\/idt-02d9060e-15dc-426c-bfe0-86a6437e5234&amp;ct=ga&amp;cd=CAEYBCoUMTExNTIzMTAxMzg0MjcxNTcwOTMyGWMwMzcyZWJjMmZlYWRhNTk6ZXM6ZXM6RVM&amp;usg=AOvVaw2dr9Qdxgy7PJNpI9Fc8Mnf\" target=\"_blank\" rel=\"noopener\" data-saferedirecturl=\"https:\/\/www.google.com\/url?q=https:\/\/www.google.com\/url?rct%3Dj%26sa%3Dt%26url%3Dhttps:\/\/www.bbc.com\/mundo\/resources\/idt-02d9060e-15dc-426c-bfe0-86a6437e5234%26ct%3Dga%26cd%3DCAEYBCoUMTExNTIzMTAxMzg0MjcxNTcwOTMyGWMwMzcyZWJjMmZlYWRhNTk6ZXM6ZXM6RVM%26usg%3DAOvVaw2dr9Qdxgy7PJNpI9Fc8Mnf&amp;source=gmail&amp;ust=1700757533460000&amp;usg=AOvVaw362whd8b6xX_nP0XDa8UUS\">BBC 100 Mujeres 2023: \u00bfqui\u00e9n est\u00e1 en la lista este a\u00f1o? &#8211;\u00a0<\/a><a>BBC<br \/>\n<\/a><a href=\"https:\/\/www.google.com\/url?rct=j&amp;sa=t&amp;url=https:\/\/latfem.org\/25n-con-los-cuidados-y-la-vida-en-el-centro\/&amp;ct=ga&amp;cd=CAEYACoUMTMwNTU5MDE1NjMxMTc5Mjk0NDUyG2UwZjU4Njg5N2I1Zjc4M2U6ZXM6ZXM6RVM6TA&amp;usg=AOvVaw3BjpDPH10O6LnzyLnRlhgk\" target=\"_blank\" rel=\"noopener\" data-saferedirecturl=\"https:\/\/www.google.com\/url?q=https:\/\/www.google.com\/url?rct%3Dj%26sa%3Dt%26url%3Dhttps:\/\/latfem.org\/25n-con-los-cuidados-y-la-vida-en-el-centro\/%26ct%3Dga%26cd%3DCAEYACoUMTMwNTU5MDE1NjMxMTc5Mjk0NDUyG2UwZjU4Njg5N2I1Zjc4M2U6ZXM6ZXM6RVM6TA%26usg%3DAOvVaw3BjpDPH10O6LnzyLnRlhgk&amp;source=gmail&amp;ust=1700850771555000&amp;usg=AOvVaw09jGrFZq0VFsIViiPlP-5R\">25N: con los cuidados y la vida en el centro &#8211;\u00a0<\/a><a>LatFem<br \/>\n<\/a><a href=\"https:\/\/www.google.com\/url?rct=j&amp;sa=t&amp;url=https:\/\/www.argentina.gob.ar\/noticias\/6-cientificas-argentinas-fueron-distinguidas-por-el-premio-loreal-unesco-por-las-mujeres-en&amp;ct=ga&amp;cd=CAEYAioUMTc3NzYyODQ1NTI4OTkzNzA1NTMyGWMwMzcyZWJjMmZlYWRhNTk6ZXM6ZXM6RVM&amp;usg=AOvVaw2z87iyfzC54SVLnKVd6tl1\" target=\"_blank\" rel=\"noopener\" data-saferedirecturl=\"https:\/\/www.google.com\/url?q=https:\/\/www.google.com\/url?rct%3Dj%26sa%3Dt%26url%3Dhttps:\/\/www.argentina.gob.ar\/noticias\/6-cientificas-argentinas-fueron-distinguidas-por-el-premio-loreal-unesco-por-las-mujeres-en%26ct%3Dga%26cd%3DCAEYAioUMTc3NzYyODQ1NTI4OTkzNzA1NTMyGWMwMzcyZWJjMmZlYWRhNTk6ZXM6ZXM6RVM%26usg%3DAOvVaw2z87iyfzC54SVLnKVd6tl1&amp;source=gmail&amp;ust=1700850771657000&amp;usg=AOvVaw1TiJVhfFgQ4_eBNS2apD8G\">6 cient\u00edficas argentinas fueron distinguidas por el Premio L&#8217;Or\u00e9al \u2013 UNESCO \u201cPor las &#8230;-\u00a0<\/a><a>Argentina.gob<br \/>\n<\/a><a href=\"https:\/\/www.google.com\/url?rct=j&amp;sa=t&amp;url=https:\/\/www.infobae.com\/cultura\/2023\/11\/21\/nombran-por-primera-vez-a-una-mujer-como-directora-del-museo-guggenheim-en-nueva-york\/&amp;ct=ga&amp;cd=CAEYByoUMTA5OTY3NDQ2OTM2OTI4NTY4MDIyGWMwMzcyZWJjMmZlYWRhNTk6ZXM6ZXM6RVM&amp;usg=AOvVaw1OMjKCZIazSgyVSACDz7nv\" target=\"_blank\" rel=\"noopener\" data-saferedirecturl=\"https:\/\/www.google.com\/url?q=https:\/\/www.google.com\/url?rct%3Dj%26sa%3Dt%26url%3Dhttps:\/\/www.infobae.com\/cultura\/2023\/11\/21\/nombran-por-primera-vez-a-una-mujer-como-directora-del-museo-guggenheim-en-nueva-york\/%26ct%3Dga%26cd%3DCAEYByoUMTA5OTY3NDQ2OTM2OTI4NTY4MDIyGWMwMzcyZWJjMmZlYWRhNTk6ZXM6ZXM6RVM%26usg%3DAOvVaw1OMjKCZIazSgyVSACDz7nv&amp;source=gmail&amp;ust=1700757533585000&amp;usg=AOvVaw1RLDAYQYCyb-kN6xaAyUBT\">Mari\u00ebt Westermann, primera mujer directora del Museo Guggenheim en Nueva York-\u00a0<\/a><a>Infobae<\/a><\/p>\n<\/div>\n<\/div>\n<\/div><\/div><\/div><\/div><\/div>\n","protected":false},"excerpt":{"rendered":"<p>ONU Mujeres reclama inversiones firmes para poner fin a la violencia de g\u00e9nero * 25N: \u00bfpor qu\u00e9 hay m\u00e1s asesinadas en 2023? * Perfil global de la mujer emprendedora * Mari\u00ebt Westermann, 1\u00aa mujer directora del Museo Guggenheim en Nueva York * La BBC elige a Aitana Bonmat\u00ed una de las 100 mujeres m\u00e1s influyentes<\/p>\n","protected":false},"author":3,"featured_media":22909,"comment_status":"closed","ping_status":"closed","sticky":false,"template":"","format":"standard","meta":{"footnotes":""},"categories":[298,621],"tags":[232,335,96,109],"class_list":["post-20736","post","type-post","status-publish","format-standard","has-post-thumbnail","hentry","category-newsletter","category-nwl-3-0","tag-deporte-femenino","tag-mujer-emprededora","tag-mujeres","tag-violencia-de-genero"],"yoast_head":"<!-- This site is optimized with the Yoast SEO plugin v27.5 - https:\/\/yoast.com\/product\/yoast-seo-wordpress\/ -->\n<title>Noticias Info CKL n\u00ba 2835-23\/11\/23-Comunicar con perspectiva de g\u00e9nero<\/title>\n<meta name=\"description\" content=\"Noticias Info CKL n\u00ba 2835-23\/11\/23 ONU Mujeres reclama inversiones firmes para poner fin a la violencia de g\u00e9nero * 25N: \u00bfpor qu\u00e9 hay m\u00e1s asesinadas en 2023? * Perfil global de la mujer emprendedora * Mari\u00ebt Westermann, 1\u00aa mujer directora del Museo Guggenheim en Nueva York * La BBC elige a Aitana Bonmat\u00ed una de las 100 mujeres m\u00e1s influyentes\" \/>\n<meta name=\"robots\" content=\"index, follow, max-snippet:-1, max-image-preview:large, max-video-preview:-1\" \/>\n<link rel=\"canonical\" href=\"https:\/\/cklcomunicaciones.es\/coop\/noticias-info-ckl-no-2835-23-11-23\/\" \/>\n<meta property=\"og:locale\" content=\"es_ES\" \/>\n<meta property=\"og:type\" content=\"article\" \/>\n<meta property=\"og:title\" content=\"Noticias Info CKL n\u00ba 2835-23\/11\/23-Comunicar con perspectiva de g\u00e9nero\" \/>\n<meta property=\"og:description\" content=\"Noticias Info CKL n\u00ba 2835-23\/11\/23 ONU Mujeres reclama inversiones firmes para poner fin a la violencia de g\u00e9nero * 25N: \u00bfpor qu\u00e9 hay m\u00e1s asesinadas en 2023? * Perfil global de la mujer emprendedora * Mari\u00ebt Westermann, 1\u00aa mujer directora del Museo Guggenheim en Nueva York * La BBC elige a Aitana Bonmat\u00ed una de las 100 mujeres m\u00e1s influyentes\" \/>\n<meta property=\"og:url\" content=\"https:\/\/cklcomunicaciones.es\/coop\/noticias-info-ckl-no-2835-23-11-23\/\" \/>\n<meta property=\"og:site_name\" content=\"CKL Comunicaciones\" \/>\n<meta property=\"article:published_time\" content=\"2023-11-23T19:41:30+00:00\" \/>\n<meta property=\"article:modified_time\" content=\"2025-02-07T16:00:34+00:00\" \/>\n<meta property=\"og:image\" content=\"https:\/\/cklcomunicaciones.es\/coop\/wp-content\/uploads\/2025\/01\/CKL-una-mirada-distinta-de-la-comunicacion.jpg\" \/>\n\t<meta property=\"og:image:width\" content=\"1482\" \/>\n\t<meta property=\"og:image:height\" content=\"775\" \/>\n\t<meta property=\"og:image:type\" content=\"image\/jpeg\" \/>\n<meta name=\"author\" content=\"ckl\" \/>\n<meta name=\"twitter:card\" content=\"summary_large_image\" \/>\n<meta name=\"twitter:label1\" content=\"Escrito por\" \/>\n\t<meta name=\"twitter:data1\" content=\"ckl\" \/>\n\t<meta name=\"twitter:label2\" content=\"Tiempo de lectura\" \/>\n\t<meta name=\"twitter:data2\" content=\"8 minutos\" \/>\n<script type=\"application\/ld+json\" class=\"yoast-schema-graph\">{\"@context\":\"https:\\\/\\\/schema.org\",\"@graph\":[{\"@type\":\"Article\",\"@id\":\"https:\\\/\\\/cklcomunicaciones.es\\\/coop\\\/noticias-info-ckl-no-2835-23-11-23\\\/#article\",\"isPartOf\":{\"@id\":\"https:\\\/\\\/cklcomunicaciones.es\\\/coop\\\/noticias-info-ckl-no-2835-23-11-23\\\/\"},\"author\":{\"name\":\"ckl\",\"@id\":\"https:\\\/\\\/cklcomunicaciones.es\\\/coop\\\/#\\\/schema\\\/person\\\/929a6837f7626450bbb50cee1aef266e\"},\"headline\":\"Noticias Info CKL n\u00ba 2835-23\\\/11\\\/23\",\"datePublished\":\"2023-11-23T19:41:30+00:00\",\"dateModified\":\"2025-02-07T16:00:34+00:00\",\"mainEntityOfPage\":{\"@id\":\"https:\\\/\\\/cklcomunicaciones.es\\\/coop\\\/noticias-info-ckl-no-2835-23-11-23\\\/\"},\"wordCount\":1660,\"image\":{\"@id\":\"https:\\\/\\\/cklcomunicaciones.es\\\/coop\\\/noticias-info-ckl-no-2835-23-11-23\\\/#primaryimage\"},\"thumbnailUrl\":\"https:\\\/\\\/cklcomunicaciones.es\\\/coop\\\/wp-content\\\/uploads\\\/2025\\\/01\\\/CKL-una-mirada-distinta-de-la-comunicacion.jpg\",\"keywords\":[\"deporte femenino\",\"mujer emprededora\",\"mujeres\",\"violencia de g\u00e9nero\"],\"articleSection\":[\"Newsletter\",\"Nwl v3.0\"],\"inLanguage\":\"es\"},{\"@type\":\"WebPage\",\"@id\":\"https:\\\/\\\/cklcomunicaciones.es\\\/coop\\\/noticias-info-ckl-no-2835-23-11-23\\\/\",\"url\":\"https:\\\/\\\/cklcomunicaciones.es\\\/coop\\\/noticias-info-ckl-no-2835-23-11-23\\\/\",\"name\":\"Noticias Info CKL n\u00ba 2835-23\\\/11\\\/23-Comunicar con perspectiva de g\u00e9nero\",\"isPartOf\":{\"@id\":\"https:\\\/\\\/cklcomunicaciones.es\\\/coop\\\/#website\"},\"primaryImageOfPage\":{\"@id\":\"https:\\\/\\\/cklcomunicaciones.es\\\/coop\\\/noticias-info-ckl-no-2835-23-11-23\\\/#primaryimage\"},\"image\":{\"@id\":\"https:\\\/\\\/cklcomunicaciones.es\\\/coop\\\/noticias-info-ckl-no-2835-23-11-23\\\/#primaryimage\"},\"thumbnailUrl\":\"https:\\\/\\\/cklcomunicaciones.es\\\/coop\\\/wp-content\\\/uploads\\\/2025\\\/01\\\/CKL-una-mirada-distinta-de-la-comunicacion.jpg\",\"datePublished\":\"2023-11-23T19:41:30+00:00\",\"dateModified\":\"2025-02-07T16:00:34+00:00\",\"author\":{\"@id\":\"https:\\\/\\\/cklcomunicaciones.es\\\/coop\\\/#\\\/schema\\\/person\\\/929a6837f7626450bbb50cee1aef266e\"},\"description\":\"Noticias Info CKL n\u00ba 2835-23\\\/11\\\/23 ONU Mujeres reclama inversiones firmes para poner fin a la violencia de g\u00e9nero * 25N: \u00bfpor qu\u00e9 hay m\u00e1s asesinadas en 2023? * Perfil global de la mujer emprendedora * Mari\u00ebt Westermann, 1\u00aa mujer directora del Museo Guggenheim en Nueva York * La BBC elige a Aitana Bonmat\u00ed una de las 100 mujeres m\u00e1s influyentes\",\"breadcrumb\":{\"@id\":\"https:\\\/\\\/cklcomunicaciones.es\\\/coop\\\/noticias-info-ckl-no-2835-23-11-23\\\/#breadcrumb\"},\"inLanguage\":\"es\",\"potentialAction\":[{\"@type\":\"ReadAction\",\"target\":[\"https:\\\/\\\/cklcomunicaciones.es\\\/coop\\\/noticias-info-ckl-no-2835-23-11-23\\\/\"]}]},{\"@type\":\"ImageObject\",\"inLanguage\":\"es\",\"@id\":\"https:\\\/\\\/cklcomunicaciones.es\\\/coop\\\/noticias-info-ckl-no-2835-23-11-23\\\/#primaryimage\",\"url\":\"https:\\\/\\\/cklcomunicaciones.es\\\/coop\\\/wp-content\\\/uploads\\\/2025\\\/01\\\/CKL-una-mirada-distinta-de-la-comunicacion.jpg\",\"contentUrl\":\"https:\\\/\\\/cklcomunicaciones.es\\\/coop\\\/wp-content\\\/uploads\\\/2025\\\/01\\\/CKL-una-mirada-distinta-de-la-comunicacion.jpg\",\"width\":1482,\"height\":775,\"caption\":\"CKL - una mirada distinta de la comunicacion\"},{\"@type\":\"BreadcrumbList\",\"@id\":\"https:\\\/\\\/cklcomunicaciones.es\\\/coop\\\/noticias-info-ckl-no-2835-23-11-23\\\/#breadcrumb\",\"itemListElement\":[{\"@type\":\"ListItem\",\"position\":1,\"name\":\"Portada\",\"item\":\"https:\\\/\\\/cklcomunicaciones.es\\\/coop\\\/\"},{\"@type\":\"ListItem\",\"position\":2,\"name\":\"Noticias Info CKL n\u00ba 2835-23\\\/11\\\/23\"}]},{\"@type\":\"WebSite\",\"@id\":\"https:\\\/\\\/cklcomunicaciones.es\\\/coop\\\/#website\",\"url\":\"https:\\\/\\\/cklcomunicaciones.es\\\/coop\\\/\",\"name\":\"CKL Comunicaciones\",\"description\":\"Sitio web de CKL Comunicaciones coop , la consultora de comunicaci\u00f3n y estrategia\",\"potentialAction\":[{\"@type\":\"SearchAction\",\"target\":{\"@type\":\"EntryPoint\",\"urlTemplate\":\"https:\\\/\\\/cklcomunicaciones.es\\\/coop\\\/?s={search_term_string}\"},\"query-input\":{\"@type\":\"PropertyValueSpecification\",\"valueRequired\":true,\"valueName\":\"search_term_string\"}}],\"inLanguage\":\"es\"},{\"@type\":\"Person\",\"@id\":\"https:\\\/\\\/cklcomunicaciones.es\\\/coop\\\/#\\\/schema\\\/person\\\/929a6837f7626450bbb50cee1aef266e\",\"name\":\"ckl\",\"image\":{\"@type\":\"ImageObject\",\"inLanguage\":\"es\",\"@id\":\"https:\\\/\\\/secure.gravatar.com\\\/avatar\\\/c82db564e8a669bf6023357a157b9dc4780f4d4c618f2ad1d71a6a5dede45057?s=96&d=mm&r=g\",\"url\":\"https:\\\/\\\/secure.gravatar.com\\\/avatar\\\/c82db564e8a669bf6023357a157b9dc4780f4d4c618f2ad1d71a6a5dede45057?s=96&d=mm&r=g\",\"contentUrl\":\"https:\\\/\\\/secure.gravatar.com\\\/avatar\\\/c82db564e8a669bf6023357a157b9dc4780f4d4c618f2ad1d71a6a5dede45057?s=96&d=mm&r=g\",\"caption\":\"ckl\"},\"url\":\"https:\\\/\\\/cklcomunicaciones.es\\\/coop\\\/author\\\/cklcomunicaciones\\\/\"}]}<\/script>\n<!-- \/ Yoast SEO plugin. -->","yoast_head_json":{"title":"Noticias Info CKL n\u00ba 2835-23\/11\/23-Comunicar con perspectiva de g\u00e9nero","description":"Noticias Info CKL n\u00ba 2835-23\/11\/23 ONU Mujeres reclama inversiones firmes para poner fin a la violencia de g\u00e9nero * 25N: \u00bfpor qu\u00e9 hay m\u00e1s asesinadas en 2023? * Perfil global de la mujer emprendedora * Mari\u00ebt Westermann, 1\u00aa mujer directora del Museo Guggenheim en Nueva York * La BBC elige a Aitana Bonmat\u00ed una de las 100 mujeres m\u00e1s influyentes","robots":{"index":"index","follow":"follow","max-snippet":"max-snippet:-1","max-image-preview":"max-image-preview:large","max-video-preview":"max-video-preview:-1"},"canonical":"https:\/\/cklcomunicaciones.es\/coop\/noticias-info-ckl-no-2835-23-11-23\/","og_locale":"es_ES","og_type":"article","og_title":"Noticias Info CKL n\u00ba 2835-23\/11\/23-Comunicar con perspectiva de g\u00e9nero","og_description":"Noticias Info CKL n\u00ba 2835-23\/11\/23 ONU Mujeres reclama inversiones firmes para poner fin a la violencia de g\u00e9nero * 25N: \u00bfpor qu\u00e9 hay m\u00e1s asesinadas en 2023? * Perfil global de la mujer emprendedora * Mari\u00ebt Westermann, 1\u00aa mujer directora del Museo Guggenheim en Nueva York * La BBC elige a Aitana Bonmat\u00ed una de las 100 mujeres m\u00e1s influyentes","og_url":"https:\/\/cklcomunicaciones.es\/coop\/noticias-info-ckl-no-2835-23-11-23\/","og_site_name":"CKL Comunicaciones","article_published_time":"2023-11-23T19:41:30+00:00","article_modified_time":"2025-02-07T16:00:34+00:00","og_image":[{"width":1482,"height":775,"url":"https:\/\/cklcomunicaciones.es\/coop\/wp-content\/uploads\/2025\/01\/CKL-una-mirada-distinta-de-la-comunicacion.jpg","type":"image\/jpeg"}],"author":"ckl","twitter_card":"summary_large_image","twitter_misc":{"Escrito por":"ckl","Tiempo de lectura":"8 minutos"},"schema":{"@context":"https:\/\/schema.org","@graph":[{"@type":"Article","@id":"https:\/\/cklcomunicaciones.es\/coop\/noticias-info-ckl-no-2835-23-11-23\/#article","isPartOf":{"@id":"https:\/\/cklcomunicaciones.es\/coop\/noticias-info-ckl-no-2835-23-11-23\/"},"author":{"name":"ckl","@id":"https:\/\/cklcomunicaciones.es\/coop\/#\/schema\/person\/929a6837f7626450bbb50cee1aef266e"},"headline":"Noticias Info CKL n\u00ba 2835-23\/11\/23","datePublished":"2023-11-23T19:41:30+00:00","dateModified":"2025-02-07T16:00:34+00:00","mainEntityOfPage":{"@id":"https:\/\/cklcomunicaciones.es\/coop\/noticias-info-ckl-no-2835-23-11-23\/"},"wordCount":1660,"image":{"@id":"https:\/\/cklcomunicaciones.es\/coop\/noticias-info-ckl-no-2835-23-11-23\/#primaryimage"},"thumbnailUrl":"https:\/\/cklcomunicaciones.es\/coop\/wp-content\/uploads\/2025\/01\/CKL-una-mirada-distinta-de-la-comunicacion.jpg","keywords":["deporte femenino","mujer emprededora","mujeres","violencia de g\u00e9nero"],"articleSection":["Newsletter","Nwl v3.0"],"inLanguage":"es"},{"@type":"WebPage","@id":"https:\/\/cklcomunicaciones.es\/coop\/noticias-info-ckl-no-2835-23-11-23\/","url":"https:\/\/cklcomunicaciones.es\/coop\/noticias-info-ckl-no-2835-23-11-23\/","name":"Noticias Info CKL n\u00ba 2835-23\/11\/23-Comunicar con perspectiva de g\u00e9nero","isPartOf":{"@id":"https:\/\/cklcomunicaciones.es\/coop\/#website"},"primaryImageOfPage":{"@id":"https:\/\/cklcomunicaciones.es\/coop\/noticias-info-ckl-no-2835-23-11-23\/#primaryimage"},"image":{"@id":"https:\/\/cklcomunicaciones.es\/coop\/noticias-info-ckl-no-2835-23-11-23\/#primaryimage"},"thumbnailUrl":"https:\/\/cklcomunicaciones.es\/coop\/wp-content\/uploads\/2025\/01\/CKL-una-mirada-distinta-de-la-comunicacion.jpg","datePublished":"2023-11-23T19:41:30+00:00","dateModified":"2025-02-07T16:00:34+00:00","author":{"@id":"https:\/\/cklcomunicaciones.es\/coop\/#\/schema\/person\/929a6837f7626450bbb50cee1aef266e"},"description":"Noticias Info CKL n\u00ba 2835-23\/11\/23 ONU Mujeres reclama inversiones firmes para poner fin a la violencia de g\u00e9nero * 25N: \u00bfpor qu\u00e9 hay m\u00e1s asesinadas en 2023? * Perfil global de la mujer emprendedora * Mari\u00ebt Westermann, 1\u00aa mujer directora del Museo Guggenheim en Nueva York * La BBC elige a Aitana Bonmat\u00ed una de las 100 mujeres m\u00e1s influyentes","breadcrumb":{"@id":"https:\/\/cklcomunicaciones.es\/coop\/noticias-info-ckl-no-2835-23-11-23\/#breadcrumb"},"inLanguage":"es","potentialAction":[{"@type":"ReadAction","target":["https:\/\/cklcomunicaciones.es\/coop\/noticias-info-ckl-no-2835-23-11-23\/"]}]},{"@type":"ImageObject","inLanguage":"es","@id":"https:\/\/cklcomunicaciones.es\/coop\/noticias-info-ckl-no-2835-23-11-23\/#primaryimage","url":"https:\/\/cklcomunicaciones.es\/coop\/wp-content\/uploads\/2025\/01\/CKL-una-mirada-distinta-de-la-comunicacion.jpg","contentUrl":"https:\/\/cklcomunicaciones.es\/coop\/wp-content\/uploads\/2025\/01\/CKL-una-mirada-distinta-de-la-comunicacion.jpg","width":1482,"height":775,"caption":"CKL - una mirada distinta de la comunicacion"},{"@type":"BreadcrumbList","@id":"https:\/\/cklcomunicaciones.es\/coop\/noticias-info-ckl-no-2835-23-11-23\/#breadcrumb","itemListElement":[{"@type":"ListItem","position":1,"name":"Portada","item":"https:\/\/cklcomunicaciones.es\/coop\/"},{"@type":"ListItem","position":2,"name":"Noticias Info CKL n\u00ba 2835-23\/11\/23"}]},{"@type":"WebSite","@id":"https:\/\/cklcomunicaciones.es\/coop\/#website","url":"https:\/\/cklcomunicaciones.es\/coop\/","name":"CKL Comunicaciones","description":"Sitio web de CKL Comunicaciones coop , la consultora de comunicaci\u00f3n y estrategia","potentialAction":[{"@type":"SearchAction","target":{"@type":"EntryPoint","urlTemplate":"https:\/\/cklcomunicaciones.es\/coop\/?s={search_term_string}"},"query-input":{"@type":"PropertyValueSpecification","valueRequired":true,"valueName":"search_term_string"}}],"inLanguage":"es"},{"@type":"Person","@id":"https:\/\/cklcomunicaciones.es\/coop\/#\/schema\/person\/929a6837f7626450bbb50cee1aef266e","name":"ckl","image":{"@type":"ImageObject","inLanguage":"es","@id":"https:\/\/secure.gravatar.com\/avatar\/c82db564e8a669bf6023357a157b9dc4780f4d4c618f2ad1d71a6a5dede45057?s=96&d=mm&r=g","url":"https:\/\/secure.gravatar.com\/avatar\/c82db564e8a669bf6023357a157b9dc4780f4d4c618f2ad1d71a6a5dede45057?s=96&d=mm&r=g","contentUrl":"https:\/\/secure.gravatar.com\/avatar\/c82db564e8a669bf6023357a157b9dc4780f4d4c618f2ad1d71a6a5dede45057?s=96&d=mm&r=g","caption":"ckl"},"url":"https:\/\/cklcomunicaciones.es\/coop\/author\/cklcomunicaciones\/"}]}},"_links":{"self":[{"href":"https:\/\/cklcomunicaciones.es\/coop\/wp-json\/wp\/v2\/posts\/20736","targetHints":{"allow":["GET"]}}],"collection":[{"href":"https:\/\/cklcomunicaciones.es\/coop\/wp-json\/wp\/v2\/posts"}],"about":[{"href":"https:\/\/cklcomunicaciones.es\/coop\/wp-json\/wp\/v2\/types\/post"}],"author":[{"embeddable":true,"href":"https:\/\/cklcomunicaciones.es\/coop\/wp-json\/wp\/v2\/users\/3"}],"replies":[{"embeddable":true,"href":"https:\/\/cklcomunicaciones.es\/coop\/wp-json\/wp\/v2\/comments?post=20736"}],"version-history":[{"count":0,"href":"https:\/\/cklcomunicaciones.es\/coop\/wp-json\/wp\/v2\/posts\/20736\/revisions"}],"wp:featuredmedia":[{"embeddable":true,"href":"https:\/\/cklcomunicaciones.es\/coop\/wp-json\/wp\/v2\/media\/22909"}],"wp:attachment":[{"href":"https:\/\/cklcomunicaciones.es\/coop\/wp-json\/wp\/v2\/media?parent=20736"}],"wp:term":[{"taxonomy":"category","embeddable":true,"href":"https:\/\/cklcomunicaciones.es\/coop\/wp-json\/wp\/v2\/categories?post=20736"},{"taxonomy":"post_tag","embeddable":true,"href":"https:\/\/cklcomunicaciones.es\/coop\/wp-json\/wp\/v2\/tags?post=20736"}],"curies":[{"name":"wp","href":"https:\/\/api.w.org\/{rel}","templated":true}]}}