{"id":20666,"date":"2023-11-13T20:27:53","date_gmt":"2023-11-13T19:27:53","guid":{"rendered":"https:\/\/www.cklcomunicaciones.es\/?p=20666"},"modified":"2025-02-07T17:14:22","modified_gmt":"2025-02-07T16:14:22","slug":"noticias-info-ckl-no-2833-13-11-23","status":"publish","type":"post","link":"https:\/\/cklcomunicaciones.es\/coop\/noticias-info-ckl-no-2833-13-11-23\/","title":{"rendered":"Noticias Info CKL n\u00ba 2833-13\/11\/23"},"content":{"rendered":"<div class=\"fusion-fullwidth fullwidth-box fusion-builder-row-1 fusion-flex-container nonhundred-percent-fullwidth non-hundred-percent-height-scrolling\" style=\"--awb-border-radius-top-left:0px;--awb-border-radius-top-right:0px;--awb-border-radius-bottom-right:0px;--awb-border-radius-bottom-left:0px;--awb-flex-wrap:wrap;\" ><div class=\"fusion-builder-row fusion-row fusion-flex-align-items-flex-start fusion-flex-content-wrap\" style=\"max-width:1248px;margin-left: calc(-4% \/ 2 );margin-right: calc(-4% \/ 2 );\"><div class=\"fusion-layout-column fusion_builder_column fusion-builder-column-0 fusion_builder_column_1_1 1_1 fusion-flex-column\" style=\"--awb-bg-blend:overlay;--awb-bg-size:cover;--awb-width-large:100%;--awb-margin-top-large:0px;--awb-spacing-right-large:1.92%;--awb-margin-bottom-large:0px;--awb-spacing-left-large:1.92%;--awb-width-medium:100%;--awb-spacing-right-medium:1.92%;--awb-spacing-left-medium:1.92%;--awb-width-small:100%;--awb-spacing-right-small:1.92%;--awb-spacing-left-small:1.92%;\"><div class=\"fusion-column-wrapper fusion-flex-justify-content-flex-start fusion-content-layout-column\"><div class=\"fusion-text fusion-text-1\"><div id=\"\" class=\"lsow-panel lsow-active\">\n<h1 class=\"lsow-panel-title\">Convocatorias<\/h1>\n<div class=\"lsow-panel-content\">\n<ul>\n<li><a href=\"http:\/\/www.juntadeandalucia.es\/iam\/catalogo\/doc\/convocatorias\/2023-genero\/AL-mesa-redonda-igualdad-empresas.pdf\" target=\"_blank\" rel=\"noopener\" data-saferedirecturl=\"https:\/\/www.google.com\/url?q=http:\/\/www.juntadeandalucia.es\/iam\/catalogo\/doc\/convocatorias\/2023-genero\/AL-mesa-redonda-igualdad-empresas.pdf&amp;source=gmail&amp;ust=1699980932446000&amp;usg=AOvVaw3vO5h4sFaPVBkAG2Kkp699\">&#8216;Mesa redonda: Retos y perspectivas para la igualdad en la empresa.&#8217;<\/a>\u00a0Almer\u00eda,\u00a0 Subdelegaci\u00f3n de Gobierno. 17 de noviembre de 11:00 a 13:30 h.\u00a0<a href=\"https:\/\/forma.administracionelectronica.gob.es\/form\/open\/ext\/42d1d4fa-0b73-4377-b0a3-cacbb4b505a7\/BtrK\" target=\"_blank\" rel=\"noopener\" data-saferedirecturl=\"https:\/\/www.google.com\/url?q=https:\/\/forma.administracionelectronica.gob.es\/form\/open\/ext\/42d1d4fa-0b73-4377-b0a3-cacbb4b505a7\/BtrK&amp;source=gmail&amp;ust=1699980932446000&amp;usg=AOvVaw1QaFxWSj6121eFU5jq12l6\">Inscripciones.<\/a><\/li>\n<li><a href=\"http:\/\/www.juntadeandalucia.es\/institutodelamujer\/catalogo\/doc\/convocatorias\/2023-iam\/EL-webinars-guia-igualdad-empresas.pdf\" target=\"_blank\" rel=\"noopener\" data-saferedirecturl=\"https:\/\/www.google.com\/url?q=http:\/\/www.juntadeandalucia.es\/institutodelamujer\/catalogo\/doc\/convocatorias\/2023-iam\/EL-webinars-guia-igualdad-empresas.pdf&amp;source=gmail&amp;ust=1699980932442000&amp;usg=AOvVaw1vflejpudA_bGz7WGOXjl8\">La Gu\u00eda Metodol\u00f3gica para la gesti\u00f3n de la igualdad para empresas andaluzas de menos de 50 personas trabajadoras\u2019<\/a>.\u00a0Instituto Andaluz de la Mujer y AENOR.\u00a016 de noviembre de 10:00 a 11:00 h.\u00a0<a href=\"https:\/\/docs.google.com\/forms\/d\/e\/1FAIpQLSemZy3pWweW82FnG90YRaCHU2a_UnQTaw_HW0QH-z_5Zs_xOg\/viewform\" target=\"_blank\" rel=\"noopener\" data-saferedirecturl=\"https:\/\/www.google.com\/url?q=https:\/\/docs.google.com\/forms\/d\/e\/1FAIpQLSemZy3pWweW82FnG90YRaCHU2a_UnQTaw_HW0QH-z_5Zs_xOg\/viewform&amp;source=gmail&amp;ust=1699980932442000&amp;usg=AOvVaw1B3hGeSCYeP5OatXuis5tu\">Inscripciones.<\/a><\/li>\n<\/ul>\n<\/div>\n<\/div>\n<div id=\"\" class=\"lsow-panel lsow-active\">\n<h1 class=\"lsow-panel-title\">Comunicaci\u00f3n, Publicidad y TICs<\/h1>\n<div class=\"lsow-panel-content\">\n<p><a class=\"title\" href=\"https:\/\/www.servimedia.es\/noticias\/isabel-valdes-raquel-martin-eva-villegas--ganan-viii-premios-periodismo-violencia-genero-fundacion-aliados\/4073670\" target=\"_blank\" rel=\"noopener\" data-artpy=\"0\" data-author=\"Servimedia\">Isabel Vald\u00e9s, Raquel Mart\u00edn y Eva Villegas ganan los VIII Premios de Periodismo contra la Violencia de G\u00e9nero \u2018Fundaci\u00f3n Aliados\u2019<\/a>-servimedia<br \/>\n<a href=\"https:\/\/www.google.com\/url?rct=j&amp;sa=t&amp;url=https:\/\/www.rtve.es\/rtve\/20231110\/rtve-llama-toda-sociedad-actuar-ante-primera-senal-maltrato-genero\/2460592.shtml&amp;ct=ga&amp;cd=CAEYACoTNDE5NzAyNDA2NDQ5MjYzMzIxMTIZZTFlNzdkMTU2MDk4YThlMzplczplczpFUw&amp;usg=AOvVaw2B5TZX4Od_iXQK0jWvjSMM\" target=\"_blank\" rel=\"noopener\" data-saferedirecturl=\"https:\/\/www.google.com\/url?q=https:\/\/www.google.com\/url?rct%3Dj%26sa%3Dt%26url%3Dhttps:\/\/www.rtve.es\/rtve\/20231110\/rtve-llama-toda-sociedad-actuar-ante-primera-senal-maltrato-genero\/2460592.shtml%26ct%3Dga%26cd%3DCAEYACoTNDE5NzAyNDA2NDQ5MjYzMzIxMTIZZTFlNzdkMTU2MDk4YThlMzplczplczpFUw%26usg%3DAOvVaw2B5TZX4Od_iXQK0jWvjSMM&amp;source=gmail&amp;ust=1699980334198000&amp;usg=AOvVaw2fHpw3m8nWa1JtSFsdk9E1\">RTVE llama a toda la sociedad a actuar ante la primera se\u00f1al de maltrato de g\u00e9nero<b>&#8211;\u00a0<\/b><\/a><a>RTVE<br \/>\n<\/a><a href=\"https:\/\/www.google.com\/url?rct=j&amp;sa=t&amp;url=https:\/\/www.radionacional.com.ar\/el-desafio-de-las-editoras-de-genero-ante-la-violencia-simbolica-y-mediatica\/&amp;ct=ga&amp;cd=CAEYAyoTODc3ODU3MTgxMjQ0MTA0MjAyNDIZNTlkNzgxNzEzNmEyZDAyODplczplczpFUw&amp;usg=AOvVaw1KHw6_zEYCSW1I_3k6m_Bq\" target=\"_blank\" rel=\"noopener\" data-saferedirecturl=\"https:\/\/www.google.com\/url?q=https:\/\/www.google.com\/url?rct%3Dj%26sa%3Dt%26url%3Dhttps:\/\/www.radionacional.com.ar\/el-desafio-de-las-editoras-de-genero-ante-la-violencia-simbolica-y-mediatica\/%26ct%3Dga%26cd%3DCAEYAyoTODc3ODU3MTgxMjQ0MTA0MjAyNDIZNTlkNzgxNzEzNmEyZDAyODplczplczpFUw%26usg%3DAOvVaw1KHw6_zEYCSW1I_3k6m_Bq&amp;source=gmail&amp;ust=1699979993507000&amp;usg=AOvVaw3YJc7QgS2POxn8z7yBNQjJ\">El desaf\u00edo de las editoras de g\u00e9nero ante la violencia simb\u00f3lica y medi\u00e1tica-\u00a0<\/a><a>Radio Nacional<br \/>\n<\/a><a class=\"title\" href=\"https:\/\/www.elperiodico.com\/es\/ocio-y-cultura\/20231113\/lydia-cacho-estrena-la-infamia-barcelona-94361286\" target=\"_blank\" rel=\"noopener\" data-artpy=\"0\" data-author=\"El Peri\u00f3dico\">Lydia Cacho, torturada por denunciar una red de peredastia: \u00abEn todo el mundo las mafias se mueven igual\u00bb<\/a>-elperiodico<a><br \/>\n<\/a><a class=\"title\" href=\"https:\/\/www.malagahoy.es\/malaga\/redes-sociales-tecnologias-violencia-genero_0_1847816468.html\" target=\"_blank\" rel=\"noopener\" data-artpy=\"0\" data-author=\"M\u00e1laga Hoy\">Alertan de que las redes sociales y las nuevas tecnolog\u00edas son la \u00faltima lacra de la violencia de g\u00e9nero<\/a>-malagahoy<\/p>\n<\/div>\n<\/div>\n<div id=\"\" class=\"lsow-panel lsow-active\">\n<h1 class=\"lsow-panel-title\">Andaluc\u00eda<\/h1>\n<div class=\"lsow-panel-content\">\n<div class=\"source set_top\">\n<div data-priority=\"2\" aria-hidden=\"true\">\n<p><strong>Institucional<br \/>\n<\/strong><a href=\"https:\/\/www.google.com\/url?rct=j&amp;sa=t&amp;url=https:\/\/www.europapress.es\/esandalucia\/malaga\/noticia-loles-lopez-incide-educacion-mejor-herramienta-erradicar-violencia-genero-20231113123230.html&amp;ct=ga&amp;cd=CAEYASoUMTUzNzE5MzM3NTQ3NTc5MjY5MzgyGzlhYjFjZGQ3ZTM2NmVmMzg6ZXM6ZXM6RVM6Ug&amp;usg=AOvVaw1PdVuNDz8J43k4-OC3iUEM\" target=\"_blank\" rel=\"noopener\" data-saferedirecturl=\"https:\/\/www.google.com\/url?q=https:\/\/www.google.com\/url?rct%3Dj%26sa%3Dt%26url%3Dhttps:\/\/www.europapress.es\/esandalucia\/malaga\/noticia-loles-lopez-incide-educacion-mejor-herramienta-erradicar-violencia-genero-20231113123230.html%26ct%3Dga%26cd%3DCAEYASoUMTUzNzE5MzM3NTQ3NTc5MjY5MzgyGzlhYjFjZGQ3ZTM2NmVmMzg6ZXM6ZXM6RVM6Ug%26usg%3DAOvVaw1PdVuNDz8J43k4-OC3iUEM&amp;source=gmail&amp;ust=1699979868881000&amp;usg=AOvVaw1LJN_7Yk1hvl8otoxS90XP\">Loles L\u00f3pez incide en que la educaci\u00f3n es la mejor herramienta para erradicar la violencia &#8230;-\u00a0<\/a><a>Europa Press<br \/>\n<\/a><a href=\"https:\/\/www.google.com\/url?rct=j&amp;sa=t&amp;url=https:\/\/www.lavanguardia.com\/economia\/20231113\/9373403\/consejera-andaluza-empleo-advierte-espana-permitir-reducir-jornada-laboral-agenciaslv20231113.html&amp;ct=ga&amp;cd=CAEYACoUMTA0NTU2OTA2MzcxODc5NjIxOTcyGWQ3OGU1ODc1YTBmMWYyYWM6ZXM6ZXM6RVM&amp;usg=AOvVaw3PWGu9sTUiwYSRLY16Wv1E\" target=\"_blank\" rel=\"noopener\" data-saferedirecturl=\"https:\/\/www.google.com\/url?q=https:\/\/www.google.com\/url?rct%3Dj%26sa%3Dt%26url%3Dhttps:\/\/www.lavanguardia.com\/economia\/20231113\/9373403\/consejera-andaluza-empleo-advierte-espana-permitir-reducir-jornada-laboral-agenciaslv20231113.html%26ct%3Dga%26cd%3DCAEYACoUMTA0NTU2OTA2MzcxODc5NjIxOTcyGWQ3OGU1ODc1YTBmMWYyYWM6ZXM6ZXM6RVM%26usg%3DAOvVaw3PWGu9sTUiwYSRLY16Wv1E&amp;source=gmail&amp;ust=1699979863664000&amp;usg=AOvVaw0qy8AG0WcOIfS2NT0lqWsT\">La consejera\u00a0andaluza de Empleo advierte de que \u201cen Espa\u00f1a no nos podemos permitir reducir la jornada laboral&#8230;-\u00a0<\/a><a>La Vanguardia<\/a><\/p>\n<p><strong>Econom\u00eda y Empresa<br \/>\n<\/strong><a href=\"https:\/\/www.google.com\/url?rct=j&amp;sa=t&amp;url=https:\/\/www.dipucadiz.es\/prensa\/actualidad\/Premios-a-seis-proyectos-de-Feminismo-Rural\/&amp;ct=ga&amp;cd=CAEYBCoTNDgzODgzMDQxNTc1NTUwMzMzNTIZNTlkNzgxNzEzNmEyZDAyODplczplczpFUw&amp;usg=AOvVaw2JagW0kZocIIoCGGabyAks\" target=\"_blank\" rel=\"noopener\" data-saferedirecturl=\"https:\/\/www.google.com\/url?q=https:\/\/www.google.com\/url?rct%3Dj%26sa%3Dt%26url%3Dhttps:\/\/www.dipucadiz.es\/prensa\/actualidad\/Premios-a-seis-proyectos-de-Feminismo-Rural\/%26ct%3Dga%26cd%3DCAEYBCoTNDgzODgzMDQxNTc1NTUwMzMzNTIZNTlkNzgxNzEzNmEyZDAyODplczplczpFUw%26usg%3DAOvVaw2JagW0kZocIIoCGGabyAks&amp;source=gmail&amp;ust=1699979868752000&amp;usg=AOvVaw3EhwucmQHpCPZoZdBQ7fjB\">Premios a seis proyectos de Feminismo Rural &#8211;\u00a0<\/a><a>Diputaci\u00f3n Provincial de C\u00e1diz<br \/>\n<\/a><a href=\"https:\/\/www.google.com\/url?rct=j&amp;sa=t&amp;url=https:\/\/www.europapress.es\/esandalucia\/sevilla\/noticia-fondos-incentivos-empleo-competitividad-empresarial-crecen-24-proximo-ano-335-millones-20231109171047.html&amp;ct=ga&amp;cd=CAEYASoUMTI1ODA1NDY0MDMwNzg3MDA1NDEyGWQ3OGU1ODc1YTBmMWYyYWM6ZXM6ZXM6RVM&amp;usg=AOvVaw0UUP1glGm33NTQPzi0y7Zl\" target=\"_blank\" rel=\"noopener\" data-saferedirecturl=\"https:\/\/www.google.com\/url?q=https:\/\/www.google.com\/url?rct%3Dj%26sa%3Dt%26url%3Dhttps:\/\/www.europapress.es\/esandalucia\/sevilla\/noticia-fondos-incentivos-empleo-competitividad-empresarial-crecen-24-proximo-ano-335-millones-20231109171047.html%26ct%3Dga%26cd%3DCAEYASoUMTI1ODA1NDY0MDMwNzg3MDA1NDEyGWQ3OGU1ODc1YTBmMWYyYWM6ZXM6ZXM6RVM%26usg%3DAOvVaw0UUP1glGm33NTQPzi0y7Zl&amp;source=gmail&amp;ust=1699980395351000&amp;usg=AOvVaw1HFIfzKnUpMQmrB5woal3M\">Los fondos para incentivos al empleo y la competitividad empresarial crecen un 24 &#8230; &#8211;\u00a0<\/a><a>Europa Press<br \/>\n<\/a><a class=\"title\" href=\"https:\/\/www.diariodecadiz.es\/cadiz\/Semana-Global-Emprendimiento-Universidad-Cadiz_0_1847816988.html\" target=\"_blank\" rel=\"noopener\" data-artpy=\"0\" data-author=\"Diario de C\u00e1diz\">La Semana Global del Emprendimiento de la Universidad de C\u00e1diz oferta m\u00e1s de 40 actividades<\/a>-diariodecadiz<a><br \/>\n<\/a><\/p>\n<p><strong>Actualidad<br \/>\n<\/strong><a href=\"https:\/\/www.google.com\/url?rct=j&amp;sa=t&amp;url=https:\/\/www.juntadeandalucia.es\/presidencia\/portavoz\/social\/187675\/JuntadeAndalucia\/ConsejeriadeIncluisionSocialJuventudFamiliaseIgualdad\/loleslopez\/presupuesto2024\/dependencia&amp;ct=ga&amp;cd=CAEYACoUMTU4NTcwOTQyNjMwMTQzOTIwMjkyGzlhYjFjZGQ3ZTM2NmVmMzg6ZXM6ZXM6RVM6Ug&amp;usg=AOvVaw2Gs2ZyR-4YWFJ92wczWYiR\" target=\"_blank\" rel=\"noopener\" data-saferedirecturl=\"https:\/\/www.google.com\/url?q=https:\/\/www.google.com\/url?rct%3Dj%26sa%3Dt%26url%3Dhttps:\/\/www.juntadeandalucia.es\/presidencia\/portavoz\/social\/187675\/JuntadeAndalucia\/ConsejeriadeIncluisionSocialJuventudFamiliaseIgualdad\/loleslopez\/presupuesto2024\/dependencia%26ct%3Dga%26cd%3DCAEYACoUMTU4NTcwOTQyNjMwMTQzOTIwMjkyGzlhYjFjZGQ3ZTM2NmVmMzg6ZXM6ZXM6RVM6Ug%26usg%3DAOvVaw2Gs2ZyR-4YWFJ92wczWYiR&amp;source=gmail&amp;ust=1699981580210000&amp;usg=AOvVaw1F5Ee1YWNwrsBOJ25UoxGH\">Loles L\u00f3pez destaca un \u00abpresupuesto r\u00e9cord\u00bb en dependencia, que crece en &#8230; &#8211;\u00a0<\/a><a>Junta de Andaluc\u00eda<br \/>\n<\/a><a class=\"title\" href=\"https:\/\/www.msn.com\/es-es\/noticias\/other\/laura-baena-y-las-malasmadres-cumplen-10-a%C3%B1os-nos-han-vendido-la-moto-de-que-tenemos-que-llegar-a-todo\/ar-AA1jPvY4\" target=\"_blank\" rel=\"noopener\" data-artpy=\"0\" data-author=\"eldiario.es on MSN\">Laura Baena y las &#8216;malasmadres&#8217; cumplen 10 a\u00f1os: \u201cNos han vendido la moto de que tenemos que llegar a todo\u201d<\/a>-eldiario<a><br \/>\n<\/a><a href=\"https:\/\/www.google.com\/url?rct=j&amp;sa=t&amp;url=https:\/\/www.ideal.es\/taigranada\/vuelve-taigranada-mayor-foro-sobre-inteligencia-artificial-20231112000258-nt.html&amp;ct=ga&amp;cd=CAEYACoTOTQ3MTc0Mjc2ODIzNTI1OTkzMzIZZTFlNzdkMTU2MDk4YThlMzplczplczpFUw&amp;usg=AOvVaw3E5L3_qljhHZrQDDLn7FhA\" target=\"_blank\" rel=\"noopener\" data-saferedirecturl=\"https:\/\/www.google.com\/url?q=https:\/\/www.google.com\/url?rct%3Dj%26sa%3Dt%26url%3Dhttps:\/\/www.ideal.es\/taigranada\/vuelve-taigranada-mayor-foro-sobre-inteligencia-artificial-20231112000258-nt.html%26ct%3Dga%26cd%3DCAEYACoTOTQ3MTc0Mjc2ODIzNTI1OTkzMzIZZTFlNzdkMTU2MDk4YThlMzplczplczpFUw%26usg%3DAOvVaw3E5L3_qljhHZrQDDLn7FhA&amp;source=gmail&amp;ust=1699980334349000&amp;usg=AOvVaw0lXNyLTDyZO-yYm0aOUKD-\">Vuelve #TAIGranada, el mayor foro sobre inteligencia artificial en Andaluc\u00eda &#8211;\u00a0<\/a><a>Ideal<br \/>\n<\/a><a class=\"title\" href=\"https:\/\/andaluciainformacion.es\/arcos\/1432431\/andalucia-uno-de-los-mejores-destinos-para-los-hombres-y-mujeres-que-viajan-en-solitario\/\" target=\"_blank\" rel=\"noopener\" data-artpy=\"0\" data-author=\"Andaluc\u00eda Informaci\u00f3n\">Andaluc\u00eda, uno de los mejores destinos para los hombres y mujeres que viajan en solitario<\/a>-andaluciainformacion<a><br \/>\n<\/a><\/p>\n<p><b>Violencias<br \/>\n<\/b><a class=\"title\" href=\"https:\/\/www.diariosigloxxi.com\/texto-ep\/mostrar\/20231113104807\/andalucia-aboga-modificar-codigo-penal-tecnologicas-mojen-sobre-digitalizacion-violencia-sexual\" target=\"_blank\" rel=\"noopener\" data-artpy=\"0\" data-author=\"Diario Siglo XXI\">Andaluc\u00eda aboga por modificar C\u00f3digo Penal y que las tecnol\u00f3gicas \u00abse mojen\u00bb sobre digitalizaci\u00f3n de violencia sexual<\/a><b>-diariosigloXXI<\/b><br \/>\n<a href=\"https:\/\/www.google.com\/url?rct=j&amp;sa=t&amp;url=https:\/\/www.europapress.es\/andalucia\/malaga-00356\/noticia-presidente-diputacion-malaga-pide-no-escatimar-medios-servicios-ayudar-victimas-violencia-genero-20231113140040.html&amp;ct=ga&amp;cd=CAEYACoUMTUzNzE5MzM3NTQ3NTc5MjY5MzgyGzlhYjFjZGQ3ZTM2NmVmMzg6ZXM6ZXM6RVM6Ug&amp;usg=AOvVaw1_4MfJiR3tRKfZBqnYfPQB\" target=\"_blank\" rel=\"noopener\" data-saferedirecturl=\"https:\/\/www.google.com\/url?q=https:\/\/www.google.com\/url?rct%3Dj%26sa%3Dt%26url%3Dhttps:\/\/www.europapress.es\/andalucia\/malaga-00356\/noticia-presidente-diputacion-malaga-pide-no-escatimar-medios-servicios-ayudar-victimas-violencia-genero-20231113140040.html%26ct%3Dga%26cd%3DCAEYACoUMTUzNzE5MzM3NTQ3NTc5MjY5MzgyGzlhYjFjZGQ3ZTM2NmVmMzg6ZXM6ZXM6RVM6Ug%26usg%3DAOvVaw1_4MfJiR3tRKfZBqnYfPQB&amp;source=gmail&amp;ust=1699979868881000&amp;usg=AOvVaw0GH4Q-CskB7SmL5H68Vmma\">El presidente de Diputaci\u00f3n de M\u00e1laga pide no escatimar medios ni servicios al ayudar a las v\u00edctimas de violencia de g\u00e9nero &#8230;-\u00a0<\/a><a>Europa Press<\/a><\/p>\n<p><b>Ciencia y Cultura<br \/>\n<\/b><a href=\"https:\/\/www.google.com\/url?rct=j&amp;sa=t&amp;url=https:\/\/cadenaser.com\/andalucia\/2023\/11\/13\/la-unica-mujer-que-aspira-a-ser-rectora-de-la-universidad-de-malaga-defiende-que-su-candidatura-es-seria-solvente-e-ilusionante-ser-malaga\/&amp;ct=ga&amp;cd=CAEYAioUMTA0NDM2NTA5NDY5NTAyODAxMjQyGWMwMzcyZWJjMmZlYWRhNTk6ZXM6ZXM6RVM&amp;usg=AOvVaw1-S8gmZuAAlpB4chFJGvS_\" target=\"_blank\" rel=\"noopener\" data-saferedirecturl=\"https:\/\/www.google.com\/url?q=https:\/\/www.google.com\/url?rct%3Dj%26sa%3Dt%26url%3Dhttps:\/\/cadenaser.com\/andalucia\/2023\/11\/13\/la-unica-mujer-que-aspira-a-ser-rectora-de-la-universidad-de-malaga-defiende-que-su-candidatura-es-seria-solvente-e-ilusionante-ser-malaga\/%26ct%3Dga%26cd%3DCAEYAioUMTA0NDM2NTA5NDY5NTAyODAxMjQyGWMwMzcyZWJjMmZlYWRhNTk6ZXM6ZXM6RVM%26usg%3DAOvVaw1-S8gmZuAAlpB4chFJGvS_&amp;source=gmail&amp;ust=1699989390822000&amp;usg=AOvVaw36h5DOXZHN2BSwHwtGWIKd\">Olga Guerrero, \u00fanica mujer que aspira a ser rectora de la Universidad de M\u00e1laga defiende que su candidatura es seria, solvente&#8230;-\u00a0<\/a><a>cadena SER<br \/>\n<\/a><b><\/b><a href=\"https:\/\/www.google.com\/url?rct=j&amp;sa=t&amp;url=https:\/\/canal.ugr.es\/ugrcomunica\/canal-sur-radio-entrevista-a-juana-maria-gil-con-motivo-del-comienzo-del-vi-congreso-internacional-genero-y-derecho\/&amp;ct=ga&amp;cd=CAEYACoTOTQwMDU0NzEzMDU4MTgyOTI5MTIZNTlkNzgxNzEzNmEyZDAyODplczplczpFUw&amp;usg=AOvVaw14PMrWcgzs8YD_7Sd2BtMC\" target=\"_blank\" rel=\"noopener\" data-saferedirecturl=\"https:\/\/www.google.com\/url?q=https:\/\/www.google.com\/url?rct%3Dj%26sa%3Dt%26url%3Dhttps:\/\/canal.ugr.es\/ugrcomunica\/canal-sur-radio-entrevista-a-juana-maria-gil-con-motivo-del-comienzo-del-vi-congreso-internacional-genero-y-derecho\/%26ct%3Dga%26cd%3DCAEYACoTOTQwMDU0NzEzMDU4MTgyOTI5MTIZNTlkNzgxNzEzNmEyZDAyODplczplczpFUw%26usg%3DAOvVaw14PMrWcgzs8YD_7Sd2BtMC&amp;source=gmail&amp;ust=1699979993478000&amp;usg=AOvVaw1croIYykv60sRdS95Gt2ih\">Canal Sur Radio entrevista a Juana Mar\u00eda Gil con motivo del comienzo del \u00abVI Congreso Internacional G\u00e9nero y Derecho\u00bb organizado por la UGR&#8230;-\u00a0<\/a><a>Canal UGR<br \/>\n<\/a><a href=\"https:\/\/www.google.com\/url?rct=j&amp;sa=t&amp;url=https:\/\/canal.ugr.es\/evento\/seminario-politicas-feministas-de-citacion-academica\/&amp;ct=ga&amp;cd=CAEYByoTNDgzODgzMDQxNTc1NTUwMzMzNTIZNTlkNzgxNzEzNmEyZDAyODplczplczpFUw&amp;usg=AOvVaw1Wn3bDa_p4DlatNlTksx9t\" target=\"_blank\" rel=\"noopener\" data-saferedirecturl=\"https:\/\/www.google.com\/url?q=https:\/\/www.google.com\/url?rct%3Dj%26sa%3Dt%26url%3Dhttps:\/\/canal.ugr.es\/evento\/seminario-politicas-feministas-de-citacion-academica\/%26ct%3Dga%26cd%3DCAEYByoTNDgzODgzMDQxNTc1NTUwMzMzNTIZNTlkNzgxNzEzNmEyZDAyODplczplczpFUw%26usg%3DAOvVaw1Wn3bDa_p4DlatNlTksx9t&amp;source=gmail&amp;ust=1699979868753000&amp;usg=AOvVaw3kmPlV7aT_ilrtri8OSh03\">Seminario \u201cPol\u00edticas feministas de citaci\u00f3n acad\u00e9mica\u201d &#8211;\u00a0<\/a><a>Canal UGR<br \/>\n<\/a><a href=\"https:\/\/www.google.com\/url?rct=j&amp;sa=t&amp;url=https:\/\/www.redescena.net\/noticia\/7500\/el-instituto-andaluz-de-las-artes-escenicas-y-la-musica-iaaem-convoca-el-foro-de-igualdad-y-creacion-de-las-artes-escenicas\/&amp;ct=ga&amp;cd=CAEYAioTNzU1MjU4NDU3Nzc1NjM2Mjc0MDIbOWFiMWNkZDdlMzY2ZWYzODplczplczpFUzpS&amp;usg=AOvVaw1qU27JX_9vyasLr8KkGz2_\" target=\"_blank\" rel=\"noopener\" data-saferedirecturl=\"https:\/\/www.google.com\/url?q=https:\/\/www.google.com\/url?rct%3Dj%26sa%3Dt%26url%3Dhttps:\/\/www.redescena.net\/noticia\/7500\/el-instituto-andaluz-de-las-artes-escenicas-y-la-musica-iaaem-convoca-el-foro-de-igualdad-y-creacion-de-las-artes-escenicas\/%26ct%3Dga%26cd%3DCAEYAioTNzU1MjU4NDU3Nzc1NjM2Mjc0MDIbOWFiMWNkZDdlMzY2ZWYzODplczplczpFUzpS%26usg%3DAOvVaw1qU27JX_9vyasLr8KkGz2_&amp;source=gmail&amp;ust=1699984750824000&amp;usg=AOvVaw3vmxcQlDQOkHDlLNaapXvS\">El\u00a0Instituto Andaluz de las Artes Esc\u00e9nicas y la M\u00fasica-IAAEM convoca el Foro de Igualdad &#8230;-\u00a0<\/a><a>Redescena<br \/>\n<\/a><a class=\"title\" href=\"https:\/\/huelvaya.es\/2023\/11\/13\/paz-jimenez-premio-mejor-cineasta-andalucia\/\" target=\"_blank\" rel=\"noopener\" data-artpy=\"0\" data-author=\"Huelva Ya\">Festival: Una emocionada Paz Jim\u00e9nez recibe el premio al Mejor Cineasta de Andaluc\u00eda<\/a>-huelvaya<br \/>\n<a class=\"title\" href=\"https:\/\/www.alhaurindelatorre.com\/el-espectaculo-voces-veladas-homenajeara-el-dia-25-a-mujeres-pioneras-del-jazz-americano\/\" target=\"_blank\" rel=\"noopener\" data-artpy=\"0\" data-author=\"Alhaur\u00edn de la Torre Diario Independiente\">El espect\u00e1culo \u2018Voces veladas\u2019 homenajear\u00e1 el d\u00eda 25 a mujeres pioneras del jazz americano<\/a>-alhaurinindependiente<a><br \/>\n<\/a><b><\/b><a href=\"https:\/\/www.google.com\/url?rct=j&amp;sa=t&amp;url=https:\/\/www.teleprensa.com\/articulo\/cordoba\/muestra-cine-social-imagen-sur-calienta-motores-cara-xviii-edicion\/202311081753051618874.html&amp;ct=ga&amp;cd=CAEYAyoUMTM3ODg2MTgwNjUyODQ3MDAyNDgyGWUxZTc3ZDE1NjA5OGE4ZTM6ZXM6ZXM6RVM&amp;usg=AOvVaw3Arcf__uQpo6P3zSWxCvSL\" target=\"_blank\" rel=\"noopener\" data-saferedirecturl=\"https:\/\/www.google.com\/url?q=https:\/\/www.google.com\/url?rct%3Dj%26sa%3Dt%26url%3Dhttps:\/\/www.teleprensa.com\/articulo\/cordoba\/muestra-cine-social-imagen-sur-calienta-motores-cara-xviii-edicion\/202311081753051618874.html%26ct%3Dga%26cd%3DCAEYAyoUMTM3ODg2MTgwNjUyODQ3MDAyNDgyGWUxZTc3ZDE1NjA5OGE4ZTM6ZXM6ZXM6RVM%26usg%3DAOvVaw3Arcf__uQpo6P3zSWxCvSL&amp;source=gmail&amp;ust=1699980334117000&amp;usg=AOvVaw2Vd7IOM0_rdbqykTH38qth\">La Muestra de Cine Social &#8216;La Imagen del Sur&#8217; calienta motores de cara a su XVIII edici\u00f3n-\u00a0<\/a><a>Teleprensa<br \/>\n<\/a><a href=\"https:\/\/www.google.com\/url?rct=j&amp;sa=t&amp;url=https:\/\/www.larazon.es\/andalucia\/cual-impacto-economico-industria-audiovisual-andalucia_2023111365522cdc32499c000146f722.html&amp;ct=ga&amp;cd=CAEYASoTMzI3NDU5NDM0OTQxOTY1NjE4MjIZZDc4ZTU4NzVhMGYxZjJhYzplczplczpFUw&amp;usg=AOvVaw010WO4bxMyOP7dJOSnfryH\" target=\"_blank\" rel=\"noopener\" data-saferedirecturl=\"https:\/\/www.google.com\/url?q=https:\/\/www.google.com\/url?rct%3Dj%26sa%3Dt%26url%3Dhttps:\/\/www.larazon.es\/andalucia\/cual-impacto-economico-industria-audiovisual-andalucia_2023111365522cdc32499c000146f722.html%26ct%3Dga%26cd%3DCAEYASoTMzI3NDU5NDM0OTQxOTY1NjE4MjIZZDc4ZTU4NzVhMGYxZjJhYzplczplczpFUw%26usg%3DAOvVaw010WO4bxMyOP7dJOSnfryH&amp;source=gmail&amp;ust=1699979863691000&amp;usg=AOvVaw2u-GbQbGPfaW4SofAsO1M0\">Cu\u00e1l es el impacto\u00a0econ\u00f3mico\u00a0de la industria audiovisual en\u00a0Andaluc\u00eda? &#8211;\u00a0<\/a><a>La Raz\u00f3n<\/a><\/p>\n<p><strong>Deporte<br \/>\n<\/strong><a class=\"title\" href=\"https:\/\/www.laopiniondemalaga.es\/deportes\/2023\/11\/13\/azahara-munoz-buscara-tercer-titulo-94576941.html\" target=\"_blank\" rel=\"noopener\" data-artpy=\"0\" data-author=\"Deportes\">Azahara Mu\u00f1oz buscar\u00e1 su tercer t\u00edtulo en el Andaluc\u00eda Costa del Sol Open de Espa\u00f1a 2023<\/a>-laopiniondemalaga<br \/>\n<a class=\"title\" href=\"https:\/\/sevilla.abc.es\/deportes\/canada-alcanza-gloria-sevilla-conquistando-billie-jean-20231112211531-nts.html\" target=\"_blank\" rel=\"noopener\" data-artpy=\"0\" data-author=\"ABC\">Canad\u00e1 alcanza la gloria en Sevilla conquistando la Billie Jean King Cup<\/a>-abcsevilla<a><br \/>\n<\/a><\/p>\n<\/div>\n<\/div>\n<\/div>\n<\/div>\n<div id=\"\" class=\"lsow-panel lsow-active\">\n<h1 class=\"lsow-panel-title\">Estado<\/h1>\n<div class=\"lsow-panel-content\">\n<p><strong>Institucional<br \/>\n<\/strong><a href=\"https:\/\/www.google.com\/url?rct=j&amp;sa=t&amp;url=https:\/\/www.fundacioncarolina.es\/la-secretaria-de-estado-de-asuntos-exteriores-y-globales-angeles-moreno-bau-inaugura-la-ix-edicion-del-programa-mujeres-lideres-iberoamericanas\/&amp;ct=ga&amp;cd=CAEYACoTOTk5OTU5NzQ2NTQ4OTkyMzI3OTIZNTlkNzgxNzEzNmEyZDAyODplczplczpFUw&amp;usg=AOvVaw2CFrx7h6mGedbGBVPyc0aC\" target=\"_blank\" rel=\"noopener\" data-saferedirecturl=\"https:\/\/www.google.com\/url?q=https:\/\/www.google.com\/url?rct%3Dj%26sa%3Dt%26url%3Dhttps:\/\/www.fundacioncarolina.es\/la-secretaria-de-estado-de-asuntos-exteriores-y-globales-angeles-moreno-bau-inaugura-la-ix-edicion-del-programa-mujeres-lideres-iberoamericanas\/%26ct%3Dga%26cd%3DCAEYACoTOTk5OTU5NzQ2NTQ4OTkyMzI3OTIZNTlkNzgxNzEzNmEyZDAyODplczplczpFUw%26usg%3DAOvVaw2CFrx7h6mGedbGBVPyc0aC&amp;source=gmail&amp;ust=1699983809665000&amp;usg=AOvVaw3IqyiuPfLlfYJFpTPPGEWx\">La Secretaria de Estado de Asuntos Exteriores y Globales, \u00c1ngeles Moreno Bau, inaugura la IX edici\u00f3n del Programa Mujeres L\u00edderes Iberoamericanas &#8230;-\u00a0<\/a><a>Fundaci\u00f3n Carolina<\/a><\/p>\n<p><strong>Institucional &#8211; CCAA<br \/>\n<\/strong><a href=\"https:\/\/www.google.com\/url?rct=j&amp;sa=t&amp;url=https:\/\/www.elcorreogallego.es\/galicia\/2023\/11\/12\/galicia-situa-vanguardia-politicas-fomento-94506347.html&amp;ct=ga&amp;cd=CAEYASoTMzY5MTQ2NTI5MjE3ODQ0NzcxNTIbZTBmNTg2ODk3YjVmNzgzZTplczplczpFUzpM&amp;usg=AOvVaw27ZIi9qJ5GlJDq8-L65_sg\" target=\"_blank\" rel=\"noopener\" data-saferedirecturl=\"https:\/\/www.google.com\/url?q=https:\/\/www.google.com\/url?rct%3Dj%26sa%3Dt%26url%3Dhttps:\/\/www.elcorreogallego.es\/galicia\/2023\/11\/12\/galicia-situa-vanguardia-politicas-fomento-94506347.html%26ct%3Dga%26cd%3DCAEYASoTMzY5MTQ2NTI5MjE3ODQ0NzcxNTIbZTBmNTg2ODk3YjVmNzgzZTplczplczpFUzpM%26usg%3DAOvVaw27ZIi9qJ5GlJDq8-L65_sg&amp;source=gmail&amp;ust=1699979994820000&amp;usg=AOvVaw0p1aQopR0AihPitiAIXwdy\">Galicia se sit\u00faa a la vanguardia en las pol\u00edticas de fomento del empleo inclusivo-\u00a0<\/a><a>El Correo Gallego<br \/>\n<\/a><a href=\"https:\/\/www.google.com\/url?rct=j&amp;sa=t&amp;url=https:\/\/www.noticiasdenavarra.com\/economia\/2023\/11\/12\/mujeres-ocupan-navarra-nueve-diez-7498360.html&amp;ct=ga&amp;cd=CAEYACoTMTIzMjI5OTc0NzE2NzU4NzkxOTIbZTBmNTg2ODk3YjVmNzgzZTplczplczpFUzpM&amp;usg=AOvVaw3rHMBzHB4RM-Ed8uXB2jVZ\" target=\"_blank\" rel=\"noopener\" data-saferedirecturl=\"https:\/\/www.google.com\/url?q=https:\/\/www.google.com\/url?rct%3Dj%26sa%3Dt%26url%3Dhttps:\/\/www.noticiasdenavarra.com\/economia\/2023\/11\/12\/mujeres-ocupan-navarra-nueve-diez-7498360.html%26ct%3Dga%26cd%3DCAEYACoTMTIzMjI5OTc0NzE2NzU4NzkxOTIbZTBmNTg2ODk3YjVmNzgzZTplczplczpFUzpM%26usg%3DAOvVaw3rHMBzHB4RM-Ed8uXB2jVZ&amp;source=gmail&amp;ust=1699979994829000&amp;usg=AOvVaw05OZJxDpdfinxmolOeiKv9\">Las mujeres ocupan en Navarra nueve de cada diez empleos en los cuidados-\u00a0<\/a><a>Diario de Noticias<br \/>\n<\/a><a href=\"https:\/\/www.google.com\/url?rct=j&amp;sa=t&amp;url=https:\/\/autonomico.elconfidencialdigital.com\/articulo\/madrid\/madrid-destina-fondos-atencion-integral-victimas-violencia-genero\/20231110125328118275.html&amp;ct=ga&amp;cd=CAEYASoTNTY4OTMzMzE2MTk0ODM0MzQyODIZNTlkNzgxNzEzNmEyZDAyODplczplczpFUw&amp;usg=AOvVaw3Ztk9FapbNMmn8xdHizh0B\" target=\"_blank\" rel=\"noopener\" data-saferedirecturl=\"https:\/\/www.google.com\/url?q=https:\/\/www.google.com\/url?rct%3Dj%26sa%3Dt%26url%3Dhttps:\/\/autonomico.elconfidencialdigital.com\/articulo\/madrid\/madrid-destina-fondos-atencion-integral-victimas-violencia-genero\/20231110125328118275.html%26ct%3Dga%26cd%3DCAEYASoTNTY4OTMzMzE2MTk0ODM0MzQyODIZNTlkNzgxNzEzNmEyZDAyODplczplczpFUw%26usg%3DAOvVaw3Ztk9FapbNMmn8xdHizh0B&amp;source=gmail&amp;ust=1699979993603000&amp;usg=AOvVaw0ZEJUQumIsGpha0KLDK2Qt\">Madrid destina fondos a la atenci\u00f3n integral a las v\u00edctimas de violencia de g\u00e9nero<\/a>&#8211; C<a>onfidencial Auton\u00f3mico<br \/>\n<\/a><a href=\"https:\/\/www.google.com\/url?rct=j&amp;sa=t&amp;url=https:\/\/www.diariodetenerife.info\/cabildo-muestra-respaldo-premios-mas-mujer-bpw-canarias\/&amp;ct=ga&amp;cd=CAEYBSoTNzg1OTM4NDg4NzY0NDMyMjk3MDIZYzAzNzJlYmMyZmVhZGE1OTplczplczpFUw&amp;usg=AOvVaw3WTKqzIeYYIAzYUg40zZAN\" target=\"_blank\" rel=\"noopener\" data-saferedirecturl=\"https:\/\/www.google.com\/url?q=https:\/\/www.google.com\/url?rct%3Dj%26sa%3Dt%26url%3Dhttps:\/\/www.diariodetenerife.info\/cabildo-muestra-respaldo-premios-mas-mujer-bpw-canarias\/%26ct%3Dga%26cd%3DCAEYBSoTNzg1OTM4NDg4NzY0NDMyMjk3MDIZYzAzNzJlYmMyZmVhZGE1OTplczplczpFUw%26usg%3DAOvVaw3WTKqzIeYYIAzYUg40zZAN&amp;source=gmail&amp;ust=1699979864499000&amp;usg=AOvVaw1oYyAKJ57Doeoe93PCzdBt\">El Cabildo muestra su respaldo a los Premios M\u00e1s Mujer- BPW Canarias-\u00a0<\/a><a>Diario de Tenerife<br \/>\n<\/a><a href=\"https:\/\/www.google.com\/url?rct=j&amp;sa=t&amp;url=https:\/\/objetivocastillalamancha.es\/contenidos\/gobierno-regional-pone-valor-asociacionismo-femenino-vinculado-tradiciones-durante-xii-encuentro-regional-encajes-bolillos-labores&amp;ct=ga&amp;cd=CAEYASoTMTk3OTg4Njc4NjM1Nzk5OTAzMDIZYzAzNzJlYmMyZmVhZGE1OTplczplczpFUw&amp;usg=AOvVaw0RGyYRRNy-nhsLAHHafRkw\" target=\"_blank\" rel=\"noopener\" data-saferedirecturl=\"https:\/\/www.google.com\/url?q=https:\/\/www.google.com\/url?rct%3Dj%26sa%3Dt%26url%3Dhttps:\/\/objetivocastillalamancha.es\/contenidos\/gobierno-regional-pone-valor-asociacionismo-femenino-vinculado-tradiciones-durante-xii-encuentro-regional-encajes-bolillos-labores%26ct%3Dga%26cd%3DCAEYASoTMTk3OTg4Njc4NjM1Nzk5OTAzMDIZYzAzNzJlYmMyZmVhZGE1OTplczplczpFUw%26usg%3DAOvVaw0RGyYRRNy-nhsLAHHafRkw&amp;source=gmail&amp;ust=1699979864943000&amp;usg=AOvVaw0IRIXcaiA0IAj63Z72zx0I\">El Gobierno regional pone en valor el asociacionismo femenino vinculado a las tradiciones &#8230;-\u00a0<\/a><a>Objetivo Castilla-La Mancha<br \/>\n<\/a><a class=\"title\" href=\"https:\/\/www.msn.com\/es-es\/dinero\/formacion-empleo\/casi-un-tercio-de-las-solicitudes-de-ayuda-para-el-ascenso-profesional-de-la-mujer-son-del-medio-rural\/ar-AA1jPwYm\" target=\"_blank\" rel=\"noopener\" data-artpy=\"0\" data-author=\"elEconomista on MSN\">Casi un tercio de las solicitudes de ayuda para el ascenso profesional de la mujer en Castilla y Le\u00f3n son del medio rural-\u00a0<\/a><a>europapress<\/a><\/p>\n<p><strong>Econom\u00eda y Empresa<br \/>\n<\/strong><a href=\"https:\/\/www.google.com\/url?rct=j&amp;sa=t&amp;url=https:\/\/www.elprogreso.es\/articulo\/lugo\/cooperacion-internacional-es-unica-salida-problemas-globales-mundo\/202311122126371707753.html&amp;ct=ga&amp;cd=CAEYACoUMTcxMjc3NjMxNTAyMTQ5NzE3ODgyGTU5ZDc4MTcxMzZhMmQwMjg6ZXM6ZXM6RVM&amp;usg=AOvVaw2JB9LFhf9MVYhS1CnZkceN\" target=\"_blank\" rel=\"noopener\" data-saferedirecturl=\"https:\/\/www.google.com\/url?q=https:\/\/www.google.com\/url?rct%3Dj%26sa%3Dt%26url%3Dhttps:\/\/www.elprogreso.es\/articulo\/lugo\/cooperacion-internacional-es-unica-salida-problemas-globales-mundo\/202311122126371707753.html%26ct%3Dga%26cd%3DCAEYACoUMTcxMjc3NjMxNTAyMTQ5NzE3ODgyGTU5ZDc4MTcxMzZhMmQwMjg6ZXM6ZXM6RVM%26usg%3DAOvVaw2JB9LFhf9MVYhS1CnZkceN&amp;source=gmail&amp;ust=1699979993785000&amp;usg=AOvVaw3GjGFPvi4c0f204DG8g_R6\">Ana Jos\u00e9 Varela, directora financiera de la OCDE: \u00abLa cooperaci\u00f3n internacional es la \u00fanica salida a los problemas globales del mundo&#8230;-\u00a0<\/a><a>El Progreso de Lugo<br \/>\n<\/a><a href=\"https:\/\/www.google.com\/url?rct=j&amp;sa=t&amp;url=https:\/\/www.iberianpress.es\/noticia\/mujer-en-la-empresa-medioambiente-y-salud-las-conclusiones-del-women-360o-congress\/49272&amp;ct=ga&amp;cd=CAEYASoTMzg4OTY0OTE1NTg2MzE5Mzk5ODIZYzAzNzJlYmMyZmVhZGE1OTplczplczpFUw&amp;usg=AOvVaw2yLl3Z3ZMAz5Fcy7DgJCsh\" target=\"_blank\" rel=\"noopener\" data-saferedirecturl=\"https:\/\/www.google.com\/url?q=https:\/\/www.google.com\/url?rct%3Dj%26sa%3Dt%26url%3Dhttps:\/\/www.iberianpress.es\/noticia\/mujer-en-la-empresa-medioambiente-y-salud-las-conclusiones-del-women-360o-congress\/49272%26ct%3Dga%26cd%3DCAEYASoTMzg4OTY0OTE1NTg2MzE5Mzk5ODIZYzAzNzJlYmMyZmVhZGE1OTplczplczpFUw%26usg%3DAOvVaw2yLl3Z3ZMAz5Fcy7DgJCsh&amp;source=gmail&amp;ust=1699979864534000&amp;usg=AOvVaw0UG9uOo8irBovqQdGX8hRo\">Mujer en la empresa, medioambiente y salud, las conclusiones del Women 360\u00ba Congress-\u00a0<\/a><a>Iberian Press<br \/>\n<\/a><a class=\"title\" href=\"https:\/\/www.msn.com\/es-es\/dinero\/noticias\/mcdonalds-lanza-plataforma-para-impulsar-el-emprendimiento-y-liderazgo-femenino-y-captar-nuevas-franquiciadas\/ar-AA1jQzpP\" target=\"_blank\" rel=\"noopener\" data-artpy=\"0\" data-author=\"Europa Press on MSN\">McDonald&#8217;s lanza plataforma para impulsar el emprendimiento y liderazgo femenino y captar nuevas franquiciadas-\u00a0<\/a><a>europapress<br \/>\n<\/a><a href=\"https:\/\/www.google.com\/url?rct=j&amp;sa=t&amp;url=https:\/\/andaluciainformacion.es\/andalucia\/1432148\/uno-de-cada-cuatro-jovenes-que-busca-su-primer-empleo-tarda-mas-de-un-ano-en-conseguirlo&amp;ct=ga&amp;cd=CAEYACoUMTY4ODI1ODk3MzI4ODc5NjAxNTgyGWQ3OGU1ODc1YTBmMWYyYWM6ZXM6ZXM6RVM&amp;usg=AOvVaw0rzq00AI4UVKPe_CRwiatM\" target=\"_blank\" rel=\"noopener\" data-saferedirecturl=\"https:\/\/www.google.com\/url?q=https:\/\/www.google.com\/url?rct%3Dj%26sa%3Dt%26url%3Dhttps:\/\/andaluciainformacion.es\/andalucia\/1432148\/uno-de-cada-cuatro-jovenes-que-busca-su-primer-empleo-tarda-mas-de-un-ano-en-conseguirlo%26ct%3Dga%26cd%3DCAEYACoUMTY4ODI1ODk3MzI4ODc5NjAxNTgyGWQ3OGU1ODc1YTBmMWYyYWM6ZXM6ZXM6RVM%26usg%3DAOvVaw0rzq00AI4UVKPe_CRwiatM&amp;source=gmail&amp;ust=1699980395387000&amp;usg=AOvVaw1EDPUyohMPBZ-P-mh9ULO0\">Uno de cada cuatro j\u00f3venes que busca su primer empleo tarda m\u00e1s de un a\u00f1o en conseguirlo-\u00a0<\/a><a>Andaluc\u00eda<br \/>\n<\/a><\/p>\n<p><strong>Actualidad<br \/>\n<\/strong><a href=\"https:\/\/www.google.com\/url?rct=j&amp;sa=t&amp;url=https:\/\/www.laopiniondemalaga.es\/salud\/guia\/2023\/11\/09\/menopausia-colesterol-mujer-enfermedades-cardiovasculares-94362625.html&amp;ct=ga&amp;cd=CAEYAioTODUyODk1MzAzOTU5MjI5Njk0MzIZYzAzNzJlYmMyZmVhZGE1OTplczplczpFUw&amp;usg=AOvVaw2ySlN8KNFqUB_TDg09aI4w\" target=\"_blank\" rel=\"noopener\" data-saferedirecturl=\"https:\/\/www.google.com\/url?q=https:\/\/www.google.com\/url?rct%3Dj%26sa%3Dt%26url%3Dhttps:\/\/www.laopiniondemalaga.es\/salud\/guia\/2023\/11\/09\/menopausia-colesterol-mujer-enfermedades-cardiovasculares-94362625.html%26ct%3Dga%26cd%3DCAEYAioTODUyODk1MzAzOTU5MjI5Njk0MzIZYzAzNzJlYmMyZmVhZGE1OTplczplczpFUw%26usg%3DAOvVaw2ySlN8KNFqUB_TDg09aI4w&amp;source=gmail&amp;ust=1699979864305000&amp;usg=AOvVaw1f7BEyXphXj64Lu-cT3To2\">Es culpa de la menopausia que mueran del coraz\u00f3n m\u00e1s\u00a0mujeres que hombres?-\u00a0<\/a><a>La Opini\u00f3n de M\u00e1laga<br \/>\n<\/a><a href=\"https:\/\/www.google.com\/url?rct=j&amp;sa=t&amp;url=https:\/\/theconversation.com\/por-que-es-necesario-educar-en-feminismo-214730&amp;ct=ga&amp;cd=CAEYACoUMTUzODA5MjQxMDM3NjI3NjU2NDMyGWMwMzcyZWJjMmZlYWRhNTk6ZXM6ZXM6RVM&amp;usg=AOvVaw13mn9NCt22kdsXAvcx8tUK\" target=\"_blank\" rel=\"noopener\" data-saferedirecturl=\"https:\/\/www.google.com\/url?q=https:\/\/www.google.com\/url?rct%3Dj%26sa%3Dt%26url%3Dhttps:\/\/theconversation.com\/por-que-es-necesario-educar-en-feminismo-214730%26ct%3Dga%26cd%3DCAEYACoUMTUzODA5MjQxMDM3NjI3NjU2NDMyGWMwMzcyZWJjMmZlYWRhNTk6ZXM6ZXM6RVM%26usg%3DAOvVaw13mn9NCt22kdsXAvcx8tUK&amp;source=gmail&amp;ust=1699979864996000&amp;usg=AOvVaw2truN5AFsfmtKkxghZ9YPC\">Por qu\u00e9 es necesario educar en feminismo &#8211;\u00a0<\/a><a>The Conversation<br \/>\n<\/a><a href=\"https:\/\/www.google.com\/url?rct=j&amp;sa=t&amp;url=https:\/\/coordinadoraongd.org\/2023\/11\/la-red-de-coordinadoras-autonomicas-de-ongd-renueva-su-compromiso-para-la-construccion-de-sociedades-mas-justas-democraticas-sostenibles-y-en-paz\/&amp;ct=ga&amp;cd=CAEYAyoTNDgzODgzMDQxNTc1NTUwMzMzNTIZNTlkNzgxNzEzNmEyZDAyODplczplczpFUw&amp;usg=AOvVaw3pju0tqP5piwhCtouF0S-P\" target=\"_blank\" rel=\"noopener\" data-saferedirecturl=\"https:\/\/www.google.com\/url?q=https:\/\/www.google.com\/url?rct%3Dj%26sa%3Dt%26url%3Dhttps:\/\/coordinadoraongd.org\/2023\/11\/la-red-de-coordinadoras-autonomicas-de-ongd-renueva-su-compromiso-para-la-construccion-de-sociedades-mas-justas-democraticas-sostenibles-y-en-paz\/%26ct%3Dga%26cd%3DCAEYAyoTNDgzODgzMDQxNTc1NTUwMzMzNTIZNTlkNzgxNzEzNmEyZDAyODplczplczpFUw%26usg%3DAOvVaw3pju0tqP5piwhCtouF0S-P&amp;source=gmail&amp;ust=1699979868752000&amp;usg=AOvVaw3vU0--XHFFxqAwDSoY9T6H\">La Red de Coordinadoras Auton\u00f3micas de ONGD renueva su compromiso para la &#8230;-\u00a0<\/a><a>Coordinadora de ONGD<\/a><\/p>\n<p><strong>Violencia<\/strong><br \/>\n<a href=\"https:\/\/www.google.com\/url?rct=j&amp;sa=t&amp;url=https:\/\/eldiariofeminista.info\/2023\/11\/12\/buenas-practicas-para-la-educacion-de-apoyo-a-supervivientes-y-prevencion-de-la-violencia-de-genero-en-campus-universitarios\/&amp;ct=ga&amp;cd=CAEYACoTNTY2MDIwMDUxMzQwNTQ1OTU1MTIZNTlkNzgxNzEzNmEyZDAyODplczplczpFUw&amp;usg=AOvVaw1GrhjF4ZNDci1pIYl2EfUH\" target=\"_blank\" rel=\"noopener\" data-saferedirecturl=\"https:\/\/www.google.com\/url?q=https:\/\/www.google.com\/url?rct%3Dj%26sa%3Dt%26url%3Dhttps:\/\/eldiariofeminista.info\/2023\/11\/12\/buenas-practicas-para-la-educacion-de-apoyo-a-supervivientes-y-prevencion-de-la-violencia-de-genero-en-campus-universitarios\/%26ct%3Dga%26cd%3DCAEYACoTNTY2MDIwMDUxMzQwNTQ1OTU1MTIZNTlkNzgxNzEzNmEyZDAyODplczplczpFUw%26usg%3DAOvVaw1GrhjF4ZNDci1pIYl2EfUH&amp;source=gmail&amp;ust=1699979993791000&amp;usg=AOvVaw1IvVkIanOxMgMXnqPZpdZl\">\u00abBuenas pr\u00e1cticas\u00bb para la educaci\u00f3n de apoyo a supervivientes y prevenci\u00f3n en campus universitarios &#8230; &#8211;\u00a0<\/a><a>Diario Feminista<\/a><\/p>\n<p><strong>Ciencia y Cultura<br \/>\n<\/strong><a href=\"https:\/\/www.google.com\/url?rct=j&amp;sa=t&amp;url=https:\/\/toledodiario.es\/lola-herrera-recibe-el-premio-alice-guy-en-el-cibra-a-las-mujeres-de-mi-generacion-nos-ha-tocado-luchar\/&amp;ct=ga&amp;cd=CAEYASoUMTU5MDE4ODM0MTAxOTk3NTkxMTYyGWUxZTc3ZDE1NjA5OGE4ZTM6ZXM6ZXM6RVM&amp;usg=AOvVaw2qk5NO8zAh5nsGHC6XJDCm\" target=\"_blank\" rel=\"noopener\" data-saferedirecturl=\"https:\/\/www.google.com\/url?q=https:\/\/www.google.com\/url?rct%3Dj%26sa%3Dt%26url%3Dhttps:\/\/toledodiario.es\/lola-herrera-recibe-el-premio-alice-guy-en-el-cibra-a-las-mujeres-de-mi-generacion-nos-ha-tocado-luchar\/%26ct%3Dga%26cd%3DCAEYASoUMTU5MDE4ODM0MTAxOTk3NTkxMTYyGWUxZTc3ZDE1NjA5OGE4ZTM6ZXM6ZXM6RVM%26usg%3DAOvVaw2qk5NO8zAh5nsGHC6XJDCm&amp;source=gmail&amp;ust=1699980334303000&amp;usg=AOvVaw0dRUeDDCi64kZYiqeDE0zV\">Lola Herrera recibe el premio Alice Guy en el CiBRA: \u00abA las mujeres de mi &#8230; &#8211;\u00a0<\/a><a>Toledodiario<br \/>\n<\/a><a href=\"https:\/\/www.google.com\/url?rct=j&amp;sa=t&amp;url=https:\/\/www.rtve.es\/noticias\/20231113\/mujer-industria-musica-cambiarlo-latin-grammy\/2460786.shtml&amp;ct=ga&amp;cd=CAEYAioTMjU3OTE3MDQyNDE5ODQ1OTg0MTIZYzAzNzJlYmMyZmVhZGE1OTplczplczpFUw&amp;usg=AOvVaw01L5ZIiCnM0udIWa1OVOLt\" target=\"_blank\" rel=\"noopener\" data-saferedirecturl=\"https:\/\/www.google.com\/url?q=https:\/\/www.google.com\/url?rct%3Dj%26sa%3Dt%26url%3Dhttps:\/\/www.rtve.es\/noticias\/20231113\/mujer-industria-musica-cambiarlo-latin-grammy\/2460786.shtml%26ct%3Dga%26cd%3DCAEYAioTMjU3OTE3MDQyNDE5ODQ1OTg0MTIZYzAzNzJlYmMyZmVhZGE1OTplczplczpFUw%26usg%3DAOvVaw01L5ZIiCnM0udIWa1OVOLt&amp;source=gmail&amp;ust=1699979865098000&amp;usg=AOvVaw3KyWbrEMQgBtHKnLFJjwvu\">Latin Grammy 2023 | La mujer en la industria musical: \u00abSolo 2,1% de las ingenieras musicales son mujeres\u00bb &#8230;-\u00a0<\/a><a>RTVE<br \/>\n<\/a><a class=\"title\" href=\"https:\/\/www.msn.com\/es-es\/entretenimiento\/other\/laura-ferr%C3%A9s-el-cine-lo-hace-una-clase-social-alta-que-retrata-a-otras-clases-de-forma-paternalista\/ar-AA1jQInQ\" target=\"_blank\" rel=\"noopener\" data-artpy=\"0\" data-author=\"La Vanguardia on MSN\">Laura Ferr\u00e9s: \u00abEl cine lo hace una clase social alta que retrata a otras clases de forma paternalista\u00bb<\/a>-lavanguardia<a><br \/>\n<\/a><a class=\"title\" href=\"https:\/\/www.msn.com\/es-es\/noticias\/internacional\/los-centros-de-menores-del-franquismo-regidos-por-carmen-polo-monjas-moral-cat%C3%B3lica-castigos-y-control-de-virginidad\/ar-AA1jP4G2\" target=\"_blank\" rel=\"noopener\" data-artpy=\"0\" data-author=\"eldiario.es on MSN\">Los centros de menores del franquismo regidos por Carmen Polo: monjas, moral cat\u00f3lica, castigos y control de virginidad<\/a>-eldiario<br \/>\n<a class=\"title\" href=\"https:\/\/www.murcia.com\/cartagena\/noticias\/2023\/11\/13-begona-moreno-gana-el-premio-internacional-de-poesia-antonio-oliver-belmas-de-cartagena.asp\" target=\"_blank\" rel=\"noopener\" data-artpy=\"0\" data-author=\"Murcia.com\">Bego\u00f1a Moreno gana el Premio Internacional de Poes\u00eda Antonio Oliver Belm\u00e1s de Cartagena<\/a>-murcia<a><br \/>\n<\/a><\/p>\n<div><strong>Deporte<br \/>\n<\/strong><a href=\"https:\/\/www.google.com\/url?rct=j&amp;sa=t&amp;url=https:\/\/www.europapress.es\/deportes\/noticia-igualdad-genero-deporte-tema-debate-presidencia-espanola-consejo-ue-20231112172241.html&amp;ct=ga&amp;cd=CAEYACoTMTgwMDcyMTE4NzA4NDE1OTM1NTIZNTlkNzgxNzEzNmEyZDAyODplczplczpFUw&amp;usg=AOvVaw2pU-gTN4p7N-cA3IBkSInb\" target=\"_blank\" rel=\"noopener\" data-saferedirecturl=\"https:\/\/www.google.com\/url?q=https:\/\/www.google.com\/url?rct%3Dj%26sa%3Dt%26url%3Dhttps:\/\/www.europapress.es\/deportes\/noticia-igualdad-genero-deporte-tema-debate-presidencia-espanola-consejo-ue-20231112172241.html%26ct%3Dga%26cd%3DCAEYACoTMTgwMDcyMTE4NzA4NDE1OTM1NTIZNTlkNzgxNzEzNmEyZDAyODplczplczpFUw%26usg%3DAOvVaw2pU-gTN4p7N-cA3IBkSInb&amp;source=gmail&amp;ust=1699979993768000&amp;usg=AOvVaw37q4mj2b4I0aWKeZqhM314\">La igualdad de g\u00e9nero en el deporte, tema de debate en la Presidencia espa\u00f1ola del &#8230;-\u00a0<\/a><a>Europa Press<br \/>\n<\/a><a class=\"title\" href=\"https:\/\/www.superdeporte.es\/futbol\/2023\/11\/13\/pioneras-gitanas-futbol-femenino-barcelona-94560782.html\" target=\"_blank\" rel=\"noopener\" data-artpy=\"0\" data-author=\"Superdeporte\">Las pioneras gitanas del f\u00fatbol femenino en Barcelona: \u00abQueremos romper estigmas\u00bb<\/a>-super<br \/>\n<a class=\"title\" href=\"https:\/\/www.atlantico.net\/articulo\/deportes\/espana-arrollo-austria\/202311130700511007569.html\" target=\"_blank\" rel=\"noopener\" data-artpy=\"0\" data-author=\"atlantico.net\">Espa\u00f1a arroll\u00f3 a Austria en la fase de clasificaci\u00f3n del Eurobasket 2025 femenino<\/a>-atlantico<a><br \/>\n<\/a><\/div>\n<\/div>\n<\/div>\n<div id=\"\" class=\"lsow-panel lsow-active\">\n<h1 class=\"lsow-panel-title\">Internacional<\/h1>\n<div class=\"lsow-panel-content\">\n<p><a href=\"https:\/\/www.google.com\/url?rct=j&amp;sa=t&amp;url=https:\/\/www.cepal.org\/es\/eventos\/protagonismo-parlamentarios-latinoamericanos-caribenos-la-construccion-un-modelo-desarrollo&amp;ct=ga&amp;cd=CAEYACoUMTc2MTIyNTcyNzE5NjkzNjY3MzgyGTU5ZDc4MTcxMzZhMmQwMjg6ZXM6ZXM6RVM&amp;usg=AOvVaw3_vZlE_3MpSz6LColuIPzH\" target=\"_blank\" rel=\"noopener\" data-saferedirecturl=\"https:\/\/www.google.com\/url?q=https:\/\/www.google.com\/url?rct%3Dj%26sa%3Dt%26url%3Dhttps:\/\/www.cepal.org\/es\/eventos\/protagonismo-parlamentarios-latinoamericanos-caribenos-la-construccion-un-modelo-desarrollo%26ct%3Dga%26cd%3DCAEYACoUMTc2MTIyNTcyNzE5NjkzNjY3MzgyGTU5ZDc4MTcxMzZhMmQwMjg6ZXM6ZXM6RVM%26usg%3DAOvVaw3_vZlE_3MpSz6LColuIPzH&amp;source=gmail&amp;ust=1699979993653000&amp;usg=AOvVaw3y-62N3a98Fiut9iY68HNa\">Protagonismo de los parlamentarios latinoamericanos y caribe\u00f1os en la construcci\u00f3n de un modelo verde e inclusivo &#8230; &#8211;\u00a0<\/a><a>CEPAL<br \/>\n<\/a><a href=\"https:\/\/www.google.com\/url?rct=j&amp;sa=t&amp;url=https:\/\/eleconomico.es\/opinion\/columnistas-blogs\/item\/148102-mauritania,-mujeres,-cooperaci%25C3%25B3n&amp;ct=ga&amp;cd=CAEYACoTNDgwMzQxMjU2OTM3MDY0ODc5MjIZNTlkNzgxNzEzNmEyZDAyODplczplczpFUw&amp;usg=AOvVaw0afTF6JeTaXKKKCV048_cE\" target=\"_blank\" rel=\"noopener\" data-saferedirecturl=\"https:\/\/www.google.com\/url?q=https:\/\/www.google.com\/url?rct%3Dj%26sa%3Dt%26url%3Dhttps:\/\/eleconomico.es\/opinion\/columnistas-blogs\/item\/148102-mauritania,-mujeres,-cooperaci%2525C3%2525B3n%26ct%3Dga%26cd%3DCAEYACoTNDgwMzQxMjU2OTM3MDY0ODc5MjIZNTlkNzgxNzEzNmEyZDAyODplczplczpFUw%26usg%3DAOvVaw0afTF6JeTaXKKKCV048_cE&amp;source=gmail&amp;ust=1699979993711000&amp;usg=AOvVaw0D5xZJvMR_E08D_XnotDCH\">Mauritania, mujeres, cooperaci\u00f3n &#8211;\u00a0<\/a><a>El Econ\u00f3mico<br \/>\n<\/a><a href=\"https:\/\/www.google.com\/url?rct=j&amp;sa=t&amp;url=https:\/\/prensacomunitaria.org\/2023\/11\/mujeres-mayas-proponen-un-sistema-economico-solidario-y-terminar-con-el-racismo\/&amp;ct=ga&amp;cd=CAEYACoUMTEyNTA2NzUzNTM3MTU4OTM0ODMyG2UwZjU4Njg5N2I1Zjc4M2U6ZXM6ZXM6RVM6TA&amp;usg=AOvVaw2S3jlN_VIM1FDXaCtl3lgF\" target=\"_blank\" rel=\"noopener\" data-saferedirecturl=\"https:\/\/www.google.com\/url?q=https:\/\/www.google.com\/url?rct%3Dj%26sa%3Dt%26url%3Dhttps:\/\/prensacomunitaria.org\/2023\/11\/mujeres-mayas-proponen-un-sistema-economico-solidario-y-terminar-con-el-racismo\/%26ct%3Dga%26cd%3DCAEYACoUMTEyNTA2NzUzNTM3MTU4OTM0ODMyG2UwZjU4Njg5N2I1Zjc4M2U6ZXM6ZXM6RVM6TA%26usg%3DAOvVaw2S3jlN_VIM1FDXaCtl3lgF&amp;source=gmail&amp;ust=1699980345172000&amp;usg=AOvVaw0oqzDL7c3kYvGhnwChfmvJ\">Mujeres\u00a0mayas proponen un sistema econ\u00f3mico\u00a0solidario y terminar con el racismo-\u00a0<\/a><a>Prensa Comunitaria<br \/>\n<\/a><a href=\"https:\/\/www.google.com\/url?rct=j&amp;sa=t&amp;url=https:\/\/colombia.unwomen.org\/es\/stories\/noticia\/2023\/11\/resistencia-y-esperanda-para-decir-no-mas-a-la-violencia-politica-contra-las-mujeres&amp;ct=ga&amp;cd=CAEYACoUMTYxOTg2MjE2OTk2ODU0MTYyNTUyGTU5ZDc4MTcxMzZhMmQwMjg6ZXM6ZXM6RVM&amp;usg=AOvVaw2wf5P2RTKj5LbW-ucR7Fgz\" target=\"_blank\" rel=\"noopener\" data-saferedirecturl=\"https:\/\/www.google.com\/url?q=https:\/\/www.google.com\/url?rct%3Dj%26sa%3Dt%26url%3Dhttps:\/\/colombia.unwomen.org\/es\/stories\/noticia\/2023\/11\/resistencia-y-esperanda-para-decir-no-mas-a-la-violencia-politica-contra-las-mujeres%26ct%3Dga%26cd%3DCAEYACoUMTYxOTg2MjE2OTk2ODU0MTYyNTUyGTU5ZDc4MTcxMzZhMmQwMjg6ZXM6ZXM6RVM%26usg%3DAOvVaw2wf5P2RTKj5LbW-ucR7Fgz&amp;source=gmail&amp;ust=1699979993621000&amp;usg=AOvVaw3a4K3ISKrj042QVZcT-U1_\">Resistencia y esperanda para decir &#8216;no m\u00e1s&#8217; a la violencia pol\u00edtica contra las mujeres\u00bb &#8211;<\/a><a>Colombia -UN Women<br \/>\n<\/a><a href=\"https:\/\/www.google.com\/url?rct=j&amp;sa=t&amp;url=https:\/\/es.vietnamplus.vn\/lanzan-mes-de-accion-por-igualdad-de-genero-2023\/188378.vnp&amp;ct=ga&amp;cd=CAEYAioTMzY0MTYwMjQyNDMyNDcwOTIyNzIZNTlkNzgxNzEzNmEyZDAyODplczplczpFUw&amp;usg=AOvVaw0R6qw0pnrsH5V3aQZIJMYx\" target=\"_blank\" rel=\"noopener\" data-saferedirecturl=\"https:\/\/www.google.com\/url?q=https:\/\/www.google.com\/url?rct%3Dj%26sa%3Dt%26url%3Dhttps:\/\/es.vietnamplus.vn\/lanzan-mes-de-accion-por-igualdad-de-genero-2023\/188378.vnp%26ct%3Dga%26cd%3DCAEYAioTMzY0MTYwMjQyNDMyNDcwOTIyNzIZNTlkNzgxNzEzNmEyZDAyODplczplczpFUw%26usg%3DAOvVaw0R6qw0pnrsH5V3aQZIJMYx&amp;source=gmail&amp;ust=1699979993578000&amp;usg=AOvVaw32GK8qWvlRmjH90sEnr-ZV\">Lanzan Mes de Acci\u00f3n por Igualdad de G\u00e9nero 2023 &#8211;<\/a><a>VietnamPlus<br \/>\n<\/a><a href=\"https:\/\/www.google.com\/url?rct=j&amp;sa=t&amp;url=https:\/\/www.infobae.com\/tendencias\/2023\/11\/10\/mama-papa-quiero-ser-cientifica-el-desafio-de-las-jovenes-para-superar-la-brecha-de-genero-en-la-ciencia\/&amp;ct=ga&amp;cd=CAEYBSoTMzY0MTYwMjQyNDMyNDcwOTIyNzIZNTlkNzgxNzEzNmEyZDAyODplczplczpFUw&amp;usg=AOvVaw12uuFZKwnbyVbgKVNJv4Zo\" target=\"_blank\" rel=\"noopener\" data-saferedirecturl=\"https:\/\/www.google.com\/url?q=https:\/\/www.google.com\/url?rct%3Dj%26sa%3Dt%26url%3Dhttps:\/\/www.infobae.com\/tendencias\/2023\/11\/10\/mama-papa-quiero-ser-cientifica-el-desafio-de-las-jovenes-para-superar-la-brecha-de-genero-en-la-ciencia\/%26ct%3Dga%26cd%3DCAEYBSoTMzY0MTYwMjQyNDMyNDcwOTIyNzIZNTlkNzgxNzEzNmEyZDAyODplczplczpFUw%26usg%3DAOvVaw12uuFZKwnbyVbgKVNJv4Zo&amp;source=gmail&amp;ust=1699979993579000&amp;usg=AOvVaw1oT93vYj0FwfDKeKBN_1wK\">Mam\u00e1, pap\u00e1, quiero ser cient\u00edfica\u201d: el desaf\u00edo de las j\u00f3venes para superar la brecha de &#8230; &#8211;\u00a0<\/a><a>Infobae<\/a><a>\u00a0<\/a><\/p>\n<\/div>\n<\/div>\n<\/div><\/div><\/div><\/div><\/div>\n","protected":false},"excerpt":{"rendered":"<p>La cooperaci\u00f3n internacional es la \u00fanica salida a los problemas globales del mundo * Por qu\u00e9 es necesario educar en feminismo  * Latin Grammy 2023. La mujer en la industria musical: \u00abSolo 2,1% de las ingenieras musicales son mujeres\u00bb * Isabel Vald\u00e9s de El Pa\u00eds, Raquel Mart\u00edn  de RTVE y Eva Villegas de Canal Sur, premios Violencia de G\u00e9nero de Fundaci\u00f3n Aliados<\/p>\n","protected":false},"author":3,"featured_media":22909,"comment_status":"closed","ping_status":"closed","sticky":false,"template":"","format":"standard","meta":{"footnotes":""},"categories":[298,621],"tags":[177,96,333,116,109],"class_list":["post-20666","post","type-post","status-publish","format-standard","has-post-thumbnail","hentry","category-newsletter","category-nwl-3-0","tag-feminismo","tag-mujeres","tag-musica","tag-periodismo","tag-violencia-de-genero"],"yoast_head":"<!-- This site is optimized with the Yoast SEO plugin v27.5 - https:\/\/yoast.com\/product\/yoast-seo-wordpress\/ -->\n<title>Noticias Info CKL n\u00ba 2833-13\/11\/23-Comunicar con perspectiva de g\u00e9nero<\/title>\n<meta name=\"description\" content=\"Noticias Info CKL n\u00ba 2833-13\/11\/23 La cooperaci\u00f3n internacional es la \u00fanica salida a los problemas globales del mundo * Por qu\u00e9 es necesario educar en feminismo * Latin Grammy 2023. La mujer en la industria musical: \u00abSolo 2,1% de las ingenieras musicales son mujeres\u00bb * Isabel Vald\u00e9s de El Pa\u00eds, Raquel Mart\u00edn de RTVE y Eva Villegas de Canal Sur, premios Violencia de G\u00e9nero de Fundaci\u00f3n Aliados\" \/>\n<meta name=\"robots\" content=\"index, follow, max-snippet:-1, max-image-preview:large, max-video-preview:-1\" \/>\n<link rel=\"canonical\" href=\"https:\/\/cklcomunicaciones.es\/coop\/noticias-info-ckl-no-2833-13-11-23\/\" \/>\n<meta property=\"og:locale\" content=\"es_ES\" \/>\n<meta property=\"og:type\" content=\"article\" \/>\n<meta property=\"og:title\" content=\"Noticias Info CKL n\u00ba 2833-13\/11\/23-Comunicar con perspectiva de g\u00e9nero\" \/>\n<meta property=\"og:description\" content=\"Noticias Info CKL n\u00ba 2833-13\/11\/23 La cooperaci\u00f3n internacional es la \u00fanica salida a los problemas globales del mundo * Por qu\u00e9 es necesario educar en feminismo * Latin Grammy 2023. La mujer en la industria musical: \u00abSolo 2,1% de las ingenieras musicales son mujeres\u00bb * Isabel Vald\u00e9s de El Pa\u00eds, Raquel Mart\u00edn de RTVE y Eva Villegas de Canal Sur, premios Violencia de G\u00e9nero de Fundaci\u00f3n Aliados\" \/>\n<meta property=\"og:url\" content=\"https:\/\/cklcomunicaciones.es\/coop\/noticias-info-ckl-no-2833-13-11-23\/\" \/>\n<meta property=\"og:site_name\" content=\"CKL Comunicaciones\" \/>\n<meta property=\"article:published_time\" content=\"2023-11-13T19:27:53+00:00\" \/>\n<meta property=\"article:modified_time\" content=\"2025-02-07T16:14:22+00:00\" \/>\n<meta property=\"og:image\" content=\"https:\/\/cklcomunicaciones.es\/coop\/wp-content\/uploads\/2025\/01\/CKL-una-mirada-distinta-de-la-comunicacion.jpg\" \/>\n\t<meta property=\"og:image:width\" content=\"1482\" \/>\n\t<meta property=\"og:image:height\" content=\"775\" \/>\n\t<meta property=\"og:image:type\" content=\"image\/jpeg\" \/>\n<meta name=\"author\" content=\"ckl\" \/>\n<meta name=\"twitter:card\" content=\"summary_large_image\" \/>\n<meta name=\"twitter:label1\" content=\"Escrito por\" \/>\n\t<meta name=\"twitter:data1\" content=\"ckl\" \/>\n\t<meta name=\"twitter:label2\" content=\"Tiempo de lectura\" \/>\n\t<meta name=\"twitter:data2\" content=\"6 minutos\" \/>\n<script type=\"application\/ld+json\" class=\"yoast-schema-graph\">{\"@context\":\"https:\\\/\\\/schema.org\",\"@graph\":[{\"@type\":\"Article\",\"@id\":\"https:\\\/\\\/cklcomunicaciones.es\\\/coop\\\/noticias-info-ckl-no-2833-13-11-23\\\/#article\",\"isPartOf\":{\"@id\":\"https:\\\/\\\/cklcomunicaciones.es\\\/coop\\\/noticias-info-ckl-no-2833-13-11-23\\\/\"},\"author\":{\"name\":\"ckl\",\"@id\":\"https:\\\/\\\/cklcomunicaciones.es\\\/coop\\\/#\\\/schema\\\/person\\\/929a6837f7626450bbb50cee1aef266e\"},\"headline\":\"Noticias Info CKL n\u00ba 2833-13\\\/11\\\/23\",\"datePublished\":\"2023-11-13T19:27:53+00:00\",\"dateModified\":\"2025-02-07T16:14:22+00:00\",\"mainEntityOfPage\":{\"@id\":\"https:\\\/\\\/cklcomunicaciones.es\\\/coop\\\/noticias-info-ckl-no-2833-13-11-23\\\/\"},\"wordCount\":1238,\"image\":{\"@id\":\"https:\\\/\\\/cklcomunicaciones.es\\\/coop\\\/noticias-info-ckl-no-2833-13-11-23\\\/#primaryimage\"},\"thumbnailUrl\":\"https:\\\/\\\/cklcomunicaciones.es\\\/coop\\\/wp-content\\\/uploads\\\/2025\\\/01\\\/CKL-una-mirada-distinta-de-la-comunicacion.jpg\",\"keywords\":[\"feminismo\",\"mujeres\",\"m\u00fasica\",\"periodismo\",\"violencia de g\u00e9nero\"],\"articleSection\":[\"Newsletter\",\"Nwl v3.0\"],\"inLanguage\":\"es\"},{\"@type\":\"WebPage\",\"@id\":\"https:\\\/\\\/cklcomunicaciones.es\\\/coop\\\/noticias-info-ckl-no-2833-13-11-23\\\/\",\"url\":\"https:\\\/\\\/cklcomunicaciones.es\\\/coop\\\/noticias-info-ckl-no-2833-13-11-23\\\/\",\"name\":\"Noticias Info CKL n\u00ba 2833-13\\\/11\\\/23-Comunicar con perspectiva de g\u00e9nero\",\"isPartOf\":{\"@id\":\"https:\\\/\\\/cklcomunicaciones.es\\\/coop\\\/#website\"},\"primaryImageOfPage\":{\"@id\":\"https:\\\/\\\/cklcomunicaciones.es\\\/coop\\\/noticias-info-ckl-no-2833-13-11-23\\\/#primaryimage\"},\"image\":{\"@id\":\"https:\\\/\\\/cklcomunicaciones.es\\\/coop\\\/noticias-info-ckl-no-2833-13-11-23\\\/#primaryimage\"},\"thumbnailUrl\":\"https:\\\/\\\/cklcomunicaciones.es\\\/coop\\\/wp-content\\\/uploads\\\/2025\\\/01\\\/CKL-una-mirada-distinta-de-la-comunicacion.jpg\",\"datePublished\":\"2023-11-13T19:27:53+00:00\",\"dateModified\":\"2025-02-07T16:14:22+00:00\",\"author\":{\"@id\":\"https:\\\/\\\/cklcomunicaciones.es\\\/coop\\\/#\\\/schema\\\/person\\\/929a6837f7626450bbb50cee1aef266e\"},\"description\":\"Noticias Info CKL n\u00ba 2833-13\\\/11\\\/23 La cooperaci\u00f3n internacional es la \u00fanica salida a los problemas globales del mundo * Por qu\u00e9 es necesario educar en feminismo * Latin Grammy 2023. La mujer en la industria musical: \u00abSolo 2,1% de las ingenieras musicales son mujeres\u00bb * Isabel Vald\u00e9s de El Pa\u00eds, Raquel Mart\u00edn de RTVE y Eva Villegas de Canal Sur, premios Violencia de G\u00e9nero de Fundaci\u00f3n Aliados\",\"breadcrumb\":{\"@id\":\"https:\\\/\\\/cklcomunicaciones.es\\\/coop\\\/noticias-info-ckl-no-2833-13-11-23\\\/#breadcrumb\"},\"inLanguage\":\"es\",\"potentialAction\":[{\"@type\":\"ReadAction\",\"target\":[\"https:\\\/\\\/cklcomunicaciones.es\\\/coop\\\/noticias-info-ckl-no-2833-13-11-23\\\/\"]}]},{\"@type\":\"ImageObject\",\"inLanguage\":\"es\",\"@id\":\"https:\\\/\\\/cklcomunicaciones.es\\\/coop\\\/noticias-info-ckl-no-2833-13-11-23\\\/#primaryimage\",\"url\":\"https:\\\/\\\/cklcomunicaciones.es\\\/coop\\\/wp-content\\\/uploads\\\/2025\\\/01\\\/CKL-una-mirada-distinta-de-la-comunicacion.jpg\",\"contentUrl\":\"https:\\\/\\\/cklcomunicaciones.es\\\/coop\\\/wp-content\\\/uploads\\\/2025\\\/01\\\/CKL-una-mirada-distinta-de-la-comunicacion.jpg\",\"width\":1482,\"height\":775,\"caption\":\"CKL - una mirada distinta de la comunicacion\"},{\"@type\":\"BreadcrumbList\",\"@id\":\"https:\\\/\\\/cklcomunicaciones.es\\\/coop\\\/noticias-info-ckl-no-2833-13-11-23\\\/#breadcrumb\",\"itemListElement\":[{\"@type\":\"ListItem\",\"position\":1,\"name\":\"Portada\",\"item\":\"https:\\\/\\\/cklcomunicaciones.es\\\/coop\\\/\"},{\"@type\":\"ListItem\",\"position\":2,\"name\":\"Noticias Info CKL n\u00ba 2833-13\\\/11\\\/23\"}]},{\"@type\":\"WebSite\",\"@id\":\"https:\\\/\\\/cklcomunicaciones.es\\\/coop\\\/#website\",\"url\":\"https:\\\/\\\/cklcomunicaciones.es\\\/coop\\\/\",\"name\":\"CKL Comunicaciones\",\"description\":\"Sitio web de CKL Comunicaciones coop , la consultora de comunicaci\u00f3n y estrategia\",\"potentialAction\":[{\"@type\":\"SearchAction\",\"target\":{\"@type\":\"EntryPoint\",\"urlTemplate\":\"https:\\\/\\\/cklcomunicaciones.es\\\/coop\\\/?s={search_term_string}\"},\"query-input\":{\"@type\":\"PropertyValueSpecification\",\"valueRequired\":true,\"valueName\":\"search_term_string\"}}],\"inLanguage\":\"es\"},{\"@type\":\"Person\",\"@id\":\"https:\\\/\\\/cklcomunicaciones.es\\\/coop\\\/#\\\/schema\\\/person\\\/929a6837f7626450bbb50cee1aef266e\",\"name\":\"ckl\",\"image\":{\"@type\":\"ImageObject\",\"inLanguage\":\"es\",\"@id\":\"https:\\\/\\\/secure.gravatar.com\\\/avatar\\\/c82db564e8a669bf6023357a157b9dc4780f4d4c618f2ad1d71a6a5dede45057?s=96&d=mm&r=g\",\"url\":\"https:\\\/\\\/secure.gravatar.com\\\/avatar\\\/c82db564e8a669bf6023357a157b9dc4780f4d4c618f2ad1d71a6a5dede45057?s=96&d=mm&r=g\",\"contentUrl\":\"https:\\\/\\\/secure.gravatar.com\\\/avatar\\\/c82db564e8a669bf6023357a157b9dc4780f4d4c618f2ad1d71a6a5dede45057?s=96&d=mm&r=g\",\"caption\":\"ckl\"},\"url\":\"https:\\\/\\\/cklcomunicaciones.es\\\/coop\\\/author\\\/cklcomunicaciones\\\/\"}]}<\/script>\n<!-- \/ Yoast SEO plugin. -->","yoast_head_json":{"title":"Noticias Info CKL n\u00ba 2833-13\/11\/23-Comunicar con perspectiva de g\u00e9nero","description":"Noticias Info CKL n\u00ba 2833-13\/11\/23 La cooperaci\u00f3n internacional es la \u00fanica salida a los problemas globales del mundo * Por qu\u00e9 es necesario educar en feminismo * Latin Grammy 2023. La mujer en la industria musical: \u00abSolo 2,1% de las ingenieras musicales son mujeres\u00bb * Isabel Vald\u00e9s de El Pa\u00eds, Raquel Mart\u00edn de RTVE y Eva Villegas de Canal Sur, premios Violencia de G\u00e9nero de Fundaci\u00f3n Aliados","robots":{"index":"index","follow":"follow","max-snippet":"max-snippet:-1","max-image-preview":"max-image-preview:large","max-video-preview":"max-video-preview:-1"},"canonical":"https:\/\/cklcomunicaciones.es\/coop\/noticias-info-ckl-no-2833-13-11-23\/","og_locale":"es_ES","og_type":"article","og_title":"Noticias Info CKL n\u00ba 2833-13\/11\/23-Comunicar con perspectiva de g\u00e9nero","og_description":"Noticias Info CKL n\u00ba 2833-13\/11\/23 La cooperaci\u00f3n internacional es la \u00fanica salida a los problemas globales del mundo * Por qu\u00e9 es necesario educar en feminismo * Latin Grammy 2023. La mujer en la industria musical: \u00abSolo 2,1% de las ingenieras musicales son mujeres\u00bb * Isabel Vald\u00e9s de El Pa\u00eds, Raquel Mart\u00edn de RTVE y Eva Villegas de Canal Sur, premios Violencia de G\u00e9nero de Fundaci\u00f3n Aliados","og_url":"https:\/\/cklcomunicaciones.es\/coop\/noticias-info-ckl-no-2833-13-11-23\/","og_site_name":"CKL Comunicaciones","article_published_time":"2023-11-13T19:27:53+00:00","article_modified_time":"2025-02-07T16:14:22+00:00","og_image":[{"width":1482,"height":775,"url":"https:\/\/cklcomunicaciones.es\/coop\/wp-content\/uploads\/2025\/01\/CKL-una-mirada-distinta-de-la-comunicacion.jpg","type":"image\/jpeg"}],"author":"ckl","twitter_card":"summary_large_image","twitter_misc":{"Escrito por":"ckl","Tiempo de lectura":"6 minutos"},"schema":{"@context":"https:\/\/schema.org","@graph":[{"@type":"Article","@id":"https:\/\/cklcomunicaciones.es\/coop\/noticias-info-ckl-no-2833-13-11-23\/#article","isPartOf":{"@id":"https:\/\/cklcomunicaciones.es\/coop\/noticias-info-ckl-no-2833-13-11-23\/"},"author":{"name":"ckl","@id":"https:\/\/cklcomunicaciones.es\/coop\/#\/schema\/person\/929a6837f7626450bbb50cee1aef266e"},"headline":"Noticias Info CKL n\u00ba 2833-13\/11\/23","datePublished":"2023-11-13T19:27:53+00:00","dateModified":"2025-02-07T16:14:22+00:00","mainEntityOfPage":{"@id":"https:\/\/cklcomunicaciones.es\/coop\/noticias-info-ckl-no-2833-13-11-23\/"},"wordCount":1238,"image":{"@id":"https:\/\/cklcomunicaciones.es\/coop\/noticias-info-ckl-no-2833-13-11-23\/#primaryimage"},"thumbnailUrl":"https:\/\/cklcomunicaciones.es\/coop\/wp-content\/uploads\/2025\/01\/CKL-una-mirada-distinta-de-la-comunicacion.jpg","keywords":["feminismo","mujeres","m\u00fasica","periodismo","violencia de g\u00e9nero"],"articleSection":["Newsletter","Nwl v3.0"],"inLanguage":"es"},{"@type":"WebPage","@id":"https:\/\/cklcomunicaciones.es\/coop\/noticias-info-ckl-no-2833-13-11-23\/","url":"https:\/\/cklcomunicaciones.es\/coop\/noticias-info-ckl-no-2833-13-11-23\/","name":"Noticias Info CKL n\u00ba 2833-13\/11\/23-Comunicar con perspectiva de g\u00e9nero","isPartOf":{"@id":"https:\/\/cklcomunicaciones.es\/coop\/#website"},"primaryImageOfPage":{"@id":"https:\/\/cklcomunicaciones.es\/coop\/noticias-info-ckl-no-2833-13-11-23\/#primaryimage"},"image":{"@id":"https:\/\/cklcomunicaciones.es\/coop\/noticias-info-ckl-no-2833-13-11-23\/#primaryimage"},"thumbnailUrl":"https:\/\/cklcomunicaciones.es\/coop\/wp-content\/uploads\/2025\/01\/CKL-una-mirada-distinta-de-la-comunicacion.jpg","datePublished":"2023-11-13T19:27:53+00:00","dateModified":"2025-02-07T16:14:22+00:00","author":{"@id":"https:\/\/cklcomunicaciones.es\/coop\/#\/schema\/person\/929a6837f7626450bbb50cee1aef266e"},"description":"Noticias Info CKL n\u00ba 2833-13\/11\/23 La cooperaci\u00f3n internacional es la \u00fanica salida a los problemas globales del mundo * Por qu\u00e9 es necesario educar en feminismo * Latin Grammy 2023. La mujer en la industria musical: \u00abSolo 2,1% de las ingenieras musicales son mujeres\u00bb * Isabel Vald\u00e9s de El Pa\u00eds, Raquel Mart\u00edn de RTVE y Eva Villegas de Canal Sur, premios Violencia de G\u00e9nero de Fundaci\u00f3n Aliados","breadcrumb":{"@id":"https:\/\/cklcomunicaciones.es\/coop\/noticias-info-ckl-no-2833-13-11-23\/#breadcrumb"},"inLanguage":"es","potentialAction":[{"@type":"ReadAction","target":["https:\/\/cklcomunicaciones.es\/coop\/noticias-info-ckl-no-2833-13-11-23\/"]}]},{"@type":"ImageObject","inLanguage":"es","@id":"https:\/\/cklcomunicaciones.es\/coop\/noticias-info-ckl-no-2833-13-11-23\/#primaryimage","url":"https:\/\/cklcomunicaciones.es\/coop\/wp-content\/uploads\/2025\/01\/CKL-una-mirada-distinta-de-la-comunicacion.jpg","contentUrl":"https:\/\/cklcomunicaciones.es\/coop\/wp-content\/uploads\/2025\/01\/CKL-una-mirada-distinta-de-la-comunicacion.jpg","width":1482,"height":775,"caption":"CKL - una mirada distinta de la comunicacion"},{"@type":"BreadcrumbList","@id":"https:\/\/cklcomunicaciones.es\/coop\/noticias-info-ckl-no-2833-13-11-23\/#breadcrumb","itemListElement":[{"@type":"ListItem","position":1,"name":"Portada","item":"https:\/\/cklcomunicaciones.es\/coop\/"},{"@type":"ListItem","position":2,"name":"Noticias Info CKL n\u00ba 2833-13\/11\/23"}]},{"@type":"WebSite","@id":"https:\/\/cklcomunicaciones.es\/coop\/#website","url":"https:\/\/cklcomunicaciones.es\/coop\/","name":"CKL Comunicaciones","description":"Sitio web de CKL Comunicaciones coop , la consultora de comunicaci\u00f3n y estrategia","potentialAction":[{"@type":"SearchAction","target":{"@type":"EntryPoint","urlTemplate":"https:\/\/cklcomunicaciones.es\/coop\/?s={search_term_string}"},"query-input":{"@type":"PropertyValueSpecification","valueRequired":true,"valueName":"search_term_string"}}],"inLanguage":"es"},{"@type":"Person","@id":"https:\/\/cklcomunicaciones.es\/coop\/#\/schema\/person\/929a6837f7626450bbb50cee1aef266e","name":"ckl","image":{"@type":"ImageObject","inLanguage":"es","@id":"https:\/\/secure.gravatar.com\/avatar\/c82db564e8a669bf6023357a157b9dc4780f4d4c618f2ad1d71a6a5dede45057?s=96&d=mm&r=g","url":"https:\/\/secure.gravatar.com\/avatar\/c82db564e8a669bf6023357a157b9dc4780f4d4c618f2ad1d71a6a5dede45057?s=96&d=mm&r=g","contentUrl":"https:\/\/secure.gravatar.com\/avatar\/c82db564e8a669bf6023357a157b9dc4780f4d4c618f2ad1d71a6a5dede45057?s=96&d=mm&r=g","caption":"ckl"},"url":"https:\/\/cklcomunicaciones.es\/coop\/author\/cklcomunicaciones\/"}]}},"_links":{"self":[{"href":"https:\/\/cklcomunicaciones.es\/coop\/wp-json\/wp\/v2\/posts\/20666","targetHints":{"allow":["GET"]}}],"collection":[{"href":"https:\/\/cklcomunicaciones.es\/coop\/wp-json\/wp\/v2\/posts"}],"about":[{"href":"https:\/\/cklcomunicaciones.es\/coop\/wp-json\/wp\/v2\/types\/post"}],"author":[{"embeddable":true,"href":"https:\/\/cklcomunicaciones.es\/coop\/wp-json\/wp\/v2\/users\/3"}],"replies":[{"embeddable":true,"href":"https:\/\/cklcomunicaciones.es\/coop\/wp-json\/wp\/v2\/comments?post=20666"}],"version-history":[{"count":0,"href":"https:\/\/cklcomunicaciones.es\/coop\/wp-json\/wp\/v2\/posts\/20666\/revisions"}],"wp:featuredmedia":[{"embeddable":true,"href":"https:\/\/cklcomunicaciones.es\/coop\/wp-json\/wp\/v2\/media\/22909"}],"wp:attachment":[{"href":"https:\/\/cklcomunicaciones.es\/coop\/wp-json\/wp\/v2\/media?parent=20666"}],"wp:term":[{"taxonomy":"category","embeddable":true,"href":"https:\/\/cklcomunicaciones.es\/coop\/wp-json\/wp\/v2\/categories?post=20666"},{"taxonomy":"post_tag","embeddable":true,"href":"https:\/\/cklcomunicaciones.es\/coop\/wp-json\/wp\/v2\/tags?post=20666"}],"curies":[{"name":"wp","href":"https:\/\/api.w.org\/{rel}","templated":true}]}}