{"id":20619,"date":"2023-11-05T19:58:02","date_gmt":"2023-11-05T18:58:02","guid":{"rendered":"https:\/\/www.cklcomunicaciones.es\/?p=20619"},"modified":"2025-01-27T17:24:55","modified_gmt":"2025-01-27T16:24:55","slug":"culminan-esta-semana-en-sevilla-dos-proyectos-europeos-de-cooperacion-transfronteriza-sobre-economia-social-y-solidaria","status":"publish","type":"post","link":"https:\/\/cklcomunicaciones.es\/coop\/culminan-esta-semana-en-sevilla-dos-proyectos-europeos-de-cooperacion-transfronteriza-sobre-economia-social-y-solidaria\/","title":{"rendered":"Culminan esta semana en Sevilla dos proyectos europeos de cooperaci\u00f3n transfronteriza sobre Econom\u00eda Social y Solidaria"},"content":{"rendered":"<div class=\"x11i5rnm xat24cr x1mh8g0r x1vvkbs xdj266r x126k92a\">\u00a0<\/div>\r\n<div class=\"x11i5rnm xat24cr x1mh8g0r x1vvkbs xtlvy1s x126k92a\">\r\n<div dir=\"auto\">\r\n<h4>La ciudad de Sevilla acoge esta semana la culminaci\u00f3n de dos importantes proyectos europeos de cooperaci\u00f3n transfronteriza, relacionados con la <strong>E<\/strong>conom\u00eda Social y Solidaria (ESS) en el Mediterr\u00e1neo: MedTOWN y MedRISSE<\/h4>\r\n<\/div>\r\n<\/div>\r\n<div dir=\"auto\">\r\n<p>&nbsp;<\/p>\r\n<p>Los proyectos <strong>MedTOWN y MedRiSSE<\/strong>, con una financiaci\u00f3n de m\u00e1s de 4 millones de euros cofinanciados por la Uni\u00f3n Europea (UE), han tenido como objetivo, por un lado, promover la ESS como una herramienta efectiva para abordar desaf\u00edos sociales en la regi\u00f3n mediterr\u00e1nea y, por otro, impulsar <strong>la innovaci\u00f3n social a trav\u00e9s de alianzas de lo p\u00fablico y lo privado. <\/strong><\/p>\r\n<p>La sede oficial del Palacio de los Marqueses de la Algaba acoge la conferencia final del proyecto MedTOWN, que inauguran <strong>Mercedes de Castro, Presidenta de Asamblea de Cooperaci\u00f3n por la Paz (ACPP) y Celia Rosell Mart\u00ed, Directora de la Agencia Andaluza de Cooperaci\u00f3n Internacional para el Desarrollo (AACID)<\/strong>. Despu\u00e9s se desarrollar\u00e1n dos paneles, con la participaci\u00f3n de personas expertas internacionales de la econom\u00eda social y solidaridad, entre ellas <strong>Maravillas Esp\u00edn, directora general de Trabajo Aut\u00f3nomo, Econom\u00eda Social y Responsabilidad Social de las Empresas del Gobierno de Espa\u00f1a<\/strong>. La moderadora ser\u00e1 Lucrecia Hevia, directora de ElDiario.es Andaluc\u00eda.<\/p>\r\n<p>En la misma sede se celebra el martes 7 de noviembre una mesa redonda sobre \u201cCoproducci\u00f3n de pol\u00edticas sociales: promoci\u00f3n de la innovaci\u00f3n social y la econom\u00eda solidaria en el contexto de los Fondos Europeos\u201d. Participar\u00e1n <strong>Nuria L\u00f3pez Mar\u00edn, Secretaria General Comisiones Obreras de Andaluc\u00eda CCOO, Rafael G\u00f3mez Gordillo, profesor Titular Derecho del Trabajo y Seguridad Social, Universidad Pablo de Olavide,<\/strong> ACCP y Lola Sanju\u00e1n Jurado, Directora de CKL Comunicaciones S. Coop. And.<\/p>\r\n<p>La conferencia final del proyecto MedRiSSE analizar\u00e1 las mejores pr\u00e1cticas y herramientas producidas durante el proyecto. Tras la bienvenida de <strong>Patricia S\u00e1nchez, delegada de ACPP en Andaluc\u00eda, y Jos\u00e9 Luis Garc\u00eda Mart\u00edn, Teniente de Alcalde del Ayuntamiento de Sevilla,<\/strong> tendr\u00e1 lugar el panel, \u00abInnovaci\u00f3n social a trav\u00e9s de la econom\u00eda social y solidaria (ESS)\u201d, con la participaci\u00f3n de representantes del Gobierno espa\u00f1ol, la UE, el Programa ENI CBC Med, la Red REAS y ACPP. Intervendr\u00e1n Susana Ortega, Consejera de Mercado Social y Coordinadora del Balance\/Auditoria Social de REAS RdR, <strong>Anna Dorangricchia, Directora de programas de la Divisi\u00f3n de igualdad de g\u00e9nero, asuntos Sociales y civiles en Union for the Mediterranean (UfM) y Joumana Sweiss, gestora de programas en ENI CBC Med<\/strong> y <strong>V\u00edctor Meseguer, Comisionado Especial para la Econom\u00eda Social del Gobierno de Espa\u00f1a. <\/strong><\/p>\r\n<p>El 8 de noviembre tiene lugar tambi\u00e9n una sesi\u00f3n con Georgia Karavangeli, directora del proyecto MedTOWN en ACPP, para presentar herramientas e iniciativas de consumo responsable, econom\u00eda social y solidaria, entre ellas el proyecto innovador WeCoop Mujeres ESS, https:\/\/wecoop.es\/.<\/p>\r\n<p><strong>MedTOWN<\/strong><\/p>\r\n<p>El proyecto MedTOWN se ha centrado en la coproducci\u00f3n de pol\u00edticas sociales con actores de la ESS para luchar contra la pobreza, la desigualdad y la exclusi\u00f3n social. Ha tenido lugar en seis pa\u00edses: Espa\u00f1a, Grecia, Palestina, Jordania, T\u00fanez y Portugal.<\/p>\r\n<p>Entre los resultados del proyecto destacan:<\/p>\r\n<ul>\r\n<li>La creaci\u00f3n de 210 oportunidades de empleo<\/li>\r\n<li>La prestaci\u00f3n de servicios sociales a m\u00e1s de 20.000 personas<\/li>\r\n<li>La elaboraci\u00f3n de 42 recomendaciones pol\u00edticas y regulatorias<\/li>\r\n<li>La publicaci\u00f3n de 13 estudios de investigaci\u00f3n<\/li>\r\n<\/ul>\r\n<p>M\u00e1s informaci\u00f3n: <a href=\"about:blank\">https:\/\/www.enicbcmed.eu\/projects\/medtown\u00a0<\/a><\/p>\r\n<p><img decoding=\"async\" class=\"lazyload alignnone size-thumbnail wp-image-20614\" src=\"https:\/\/cklcomunicaciones.es\/coop\/wp-content\/uploads\/2017\/03\/MedTOWN_family-foto-150x150.jpg\" data-orig-src=\"https:\/\/cklcomunicaciones.es\/coop\/wp-content\/uploads\/2017\/03\/MedTOWN_family-foto-150x150.jpg\" alt=\"\" width=\"150\" height=\"150\" srcset=\"data:image\/svg+xml,%3Csvg%20xmlns%3D%27http%3A%2F%2Fwww.w3.org%2F2000%2Fsvg%27%20width%3D%27150%27%20height%3D%27150%27%20viewBox%3D%270%200%20150%20150%27%3E%3Crect%20width%3D%27150%27%20height%3D%27150%27%20fill-opacity%3D%220%22%2F%3E%3C%2Fsvg%3E\" data-srcset=\"https:\/\/cklcomunicaciones.es\/coop\/wp-content\/uploads\/2017\/03\/MedTOWN_family-foto-66x66.jpg 66w, https:\/\/cklcomunicaciones.es\/coop\/wp-content\/uploads\/2017\/03\/MedTOWN_family-foto-150x150.jpg 150w\" data-sizes=\"auto\" data-orig-sizes=\"(max-width: 150px) 100vw, 150px\" \/><\/p>\r\n<p><strong>MedRiSSE<\/strong><\/p>\r\n<p>El proyecto MedRiSSE se ha centrado en las innovaciones replicables de la ESS en la prestaci\u00f3n de servicios y creaci\u00f3n de empleos decentes en la recuperaci\u00f3n post crisis del covid-19. Ha tenido lugar en cinco pa\u00edses: Espa\u00f1a, Palestina, Italia, Jordania y T\u00fanez.<\/p>\r\n<p>Entre los resultados del proyecto destacan:<\/p>\r\n<ul>\r\n<li>La participaci\u00f3n de 1.500 personas<\/li>\r\n<li>La participaci\u00f3n de 250 investigadores e investigadoras de universidades y organismos del entorno mediterr\u00e1neo<\/li>\r\n<li>La participaci\u00f3n de 250 empresarias\/os y responsables pol\u00edticos del sector p\u00fablico<\/li>\r\n<\/ul>\r\n<\/div>\r\n<div class=\"x11i5rnm xat24cr x1mh8g0r x1vvkbs xtlvy1s x126k92a\">\r\n<div dir=\"auto\">\r\n<p>M\u00e1s informaci\u00f3n: <a href=\"about:blank\">https:\/\/www.enicbcmed.eu\/projects\/medrisse<\/a><\/p>\r\n<p><img decoding=\"async\" class=\"lazyload alignnone size-thumbnail wp-image-20613\" src=\"https:\/\/cklcomunicaciones.es\/coop\/wp-content\/uploads\/2017\/03\/MedRiSSE-family-photo-150x150.jpg\" data-orig-src=\"https:\/\/cklcomunicaciones.es\/coop\/wp-content\/uploads\/2017\/03\/MedRiSSE-family-photo-150x150.jpg\" alt=\"\" width=\"150\" height=\"150\" srcset=\"data:image\/svg+xml,%3Csvg%20xmlns%3D%27http%3A%2F%2Fwww.w3.org%2F2000%2Fsvg%27%20width%3D%27150%27%20height%3D%27150%27%20viewBox%3D%270%200%20150%20150%27%3E%3Crect%20width%3D%27150%27%20height%3D%27150%27%20fill-opacity%3D%220%22%2F%3E%3C%2Fsvg%3E\" data-srcset=\"https:\/\/cklcomunicaciones.es\/coop\/wp-content\/uploads\/2017\/03\/MedRiSSE-family-photo-66x66.jpg 66w, https:\/\/cklcomunicaciones.es\/coop\/wp-content\/uploads\/2017\/03\/MedRiSSE-family-photo-150x150.jpg 150w\" data-sizes=\"auto\" data-orig-sizes=\"(max-width: 150px) 100vw, 150px\" \/><\/p>\r\n<\/div>\r\n<div dir=\"auto\">\r\n<p><strong>Programa de los eventos:<\/strong><\/p>\r\n<ul>\r\n<li><a href=\"https:\/\/cklcomunicaciones.es\/coop\/wp-content\/uploads\/2017\/03\/Programa-MedTOWN-Conferencia-Final_ES_20231107_.pdf\" target=\"_blank\" rel=\"noopener\">Proyecto MedTOWN Conferencia Final<\/a>\u00a07 de noviembre de 2023<\/li>\r\n<li><a href=\"https:\/\/cklcomunicaciones.es\/coop\/wp-content\/uploads\/2017\/03\/Programa-MedRiSSE-Conferencia-Final_ES_20231108_.pdf\" target=\"_blank\" rel=\"noopener\">Proyecto MedRISSE Conferencia Final\u00a0<\/a>\u00a08 de noviembre de 2023<\/li>\r\n<li><a href=\"https:\/\/cklcomunicaciones.es\/coop\/wp-content\/uploads\/2017\/03\/MedTOWN-Spain_Mesa-Redonda-1_Programa_ES_7nov2023_E2.pdf\" target=\"_blank\" rel=\"noopener\">MedTOWN Spain Mesa redonda \u00abCoproducci\u00f3n de pol\u00edticas sociales: fomento de la innovaci\u00f3n social y la econom\u00eda solidaria en el contexto de los Fondos Europeos\u00bb<\/a> 7 de noviembre de 2023<\/li>\r\n<li><a href=\"https:\/\/cklcomunicaciones.es\/coop\/wp-content\/uploads\/2017\/03\/MedTOWN-Spain_Mesa-Redonda-2_Programa_ES_8nov2023_E.pdf\" target=\"_blank\" rel=\"noopener\">MedTOWN Spain Mesa redonda \u00abHerramientas de econom\u00eda, consumo y coproducci\u00f3n para mejorar la vida de las personas en los pa\u00edses mediterr\u00e1neos: Proyecto europeo MedTOWN\u00bb<\/a> 8 de noviembre de 2023<\/li>\r\n<li><a href=\"https:\/\/cklcomunicaciones.es\/coop\/wp-content\/uploads\/2017\/03\/MedRiSSE-event-1_Agenda_EN_7nov2023_.pdf\" target=\"_blank\" rel=\"noopener\">MedRiSSE \u2018World Caf\u00e9\u2019 event: Synergies meeting<\/a> (English) 7 de noviembre de 2023<\/li>\r\n<li><a href=\"https:\/\/cklcomunicaciones.es\/coop\/wp-content\/uploads\/2017\/03\/MedRiSSE-event-2_Agenda_EN_8nov2023_.pdf\" target=\"_blank\" rel=\"noopener\">MedRiSSE project event: What\u2019s next?<\/a> (English) 8 de noviembre\u00a0de\u00a02023<\/li>\r\n<\/ul>\r\n<\/div>\r\n<\/div>\r\n\r\n<p>&nbsp;<\/p>\r\n","protected":false},"excerpt":{"rendered":"<p>\u00a0 La ciudad de Sevilla acoge esta semana la culminaci\u00f3n <a href=\"https:\/\/cklcomunicaciones.es\/coop\/culminan-esta-semana-en-sevilla-dos-proyectos-europeos-de-cooperacion-transfronteriza-sobre-economia-social-y-solidaria\/\">[&#8230;]<\/a><\/p>\n","protected":false},"author":3,"featured_media":22321,"comment_status":"closed","ping_status":"closed","sticky":false,"template":"","format":"standard","meta":{"footnotes":""},"categories":[297,299],"tags":[199,185,79,329,288,253],"class_list":["post-20619","post","type-post","status-publish","format-standard","has-post-thumbnail","hentry","category-actualidad","category-noticias-destacadas","tag-acpp","tag-acpp-andalucia","tag-andalucia","tag-economia-social-y-solidaria","tag-medrisse","tag-medtown"],"yoast_head":"<!-- This site is optimized with the Yoast SEO plugin v27.5 - https:\/\/yoast.com\/product\/yoast-seo-wordpress\/ -->\n<title>Culminan esta semana en Sevilla dos proyectos europeos de cooperaci\u00f3n transfronteriza sobre Econom\u00eda Social y Solidaria<\/title>\n<meta name=\"description\" content=\"La ciudad de Sevilla acoge esta semana la culminaci\u00f3n de dos importantes proyectos europeos de cooperaci\u00f3n transfronteriza, relacionados con la Econom\u00eda Social y Solidaria (ESS) en el Mediterr\u00e1neo: MedTOWN y MedRISSE\" \/>\n<meta name=\"robots\" content=\"index, follow, max-snippet:-1, max-image-preview:large, max-video-preview:-1\" \/>\n<link rel=\"canonical\" href=\"https:\/\/cklcomunicaciones.es\/coop\/culminan-esta-semana-en-sevilla-dos-proyectos-europeos-de-cooperacion-transfronteriza-sobre-economia-social-y-solidaria\/\" \/>\n<meta property=\"og:locale\" content=\"es_ES\" \/>\n<meta property=\"og:type\" content=\"article\" \/>\n<meta property=\"og:title\" content=\"Culminan esta semana en Sevilla dos proyectos europeos de cooperaci\u00f3n transfronteriza sobre Econom\u00eda Social y Solidaria\" \/>\n<meta property=\"og:description\" content=\"La ciudad de Sevilla acoge esta semana la culminaci\u00f3n de dos importantes proyectos europeos de cooperaci\u00f3n transfronteriza, relacionados con la Econom\u00eda Social y Solidaria (ESS) en el Mediterr\u00e1neo: MedTOWN y MedRISSE\" \/>\n<meta property=\"og:url\" content=\"https:\/\/cklcomunicaciones.es\/coop\/culminan-esta-semana-en-sevilla-dos-proyectos-europeos-de-cooperacion-transfronteriza-sobre-economia-social-y-solidaria\/\" \/>\n<meta property=\"og:site_name\" content=\"CKL Comunicaciones\" \/>\n<meta property=\"article:published_time\" content=\"2023-11-05T18:58:02+00:00\" \/>\n<meta property=\"article:modified_time\" content=\"2025-01-27T16:24:55+00:00\" \/>\n<meta property=\"og:image\" content=\"https:\/\/cklcomunicaciones.es\/coop\/wp-content\/uploads\/2023\/11\/DSF4909-scaled.jpg\" \/>\n\t<meta property=\"og:image:width\" content=\"2560\" \/>\n\t<meta property=\"og:image:height\" content=\"1706\" \/>\n\t<meta property=\"og:image:type\" content=\"image\/jpeg\" \/>\n<meta name=\"author\" content=\"ckl\" \/>\n<meta name=\"twitter:card\" content=\"summary_large_image\" \/>\n<meta name=\"twitter:label1\" content=\"Escrito por\" \/>\n\t<meta name=\"twitter:data1\" content=\"ckl\" \/>\n\t<meta name=\"twitter:label2\" content=\"Tiempo de lectura\" \/>\n\t<meta name=\"twitter:data2\" content=\"4 minutos\" \/>\n<script type=\"application\/ld+json\" class=\"yoast-schema-graph\">{\"@context\":\"https:\\\/\\\/schema.org\",\"@graph\":[{\"@type\":\"Article\",\"@id\":\"https:\\\/\\\/cklcomunicaciones.es\\\/coop\\\/culminan-esta-semana-en-sevilla-dos-proyectos-europeos-de-cooperacion-transfronteriza-sobre-economia-social-y-solidaria\\\/#article\",\"isPartOf\":{\"@id\":\"https:\\\/\\\/cklcomunicaciones.es\\\/coop\\\/culminan-esta-semana-en-sevilla-dos-proyectos-europeos-de-cooperacion-transfronteriza-sobre-economia-social-y-solidaria\\\/\"},\"author\":{\"name\":\"ckl\",\"@id\":\"https:\\\/\\\/cklcomunicaciones.es\\\/coop\\\/#\\\/schema\\\/person\\\/929a6837f7626450bbb50cee1aef266e\"},\"headline\":\"Culminan esta semana en Sevilla dos proyectos europeos de cooperaci\u00f3n transfronteriza sobre Econom\u00eda Social y Solidaria\",\"datePublished\":\"2023-11-05T18:58:02+00:00\",\"dateModified\":\"2025-01-27T16:24:55+00:00\",\"mainEntityOfPage\":{\"@id\":\"https:\\\/\\\/cklcomunicaciones.es\\\/coop\\\/culminan-esta-semana-en-sevilla-dos-proyectos-europeos-de-cooperacion-transfronteriza-sobre-economia-social-y-solidaria\\\/\"},\"wordCount\":806,\"image\":{\"@id\":\"https:\\\/\\\/cklcomunicaciones.es\\\/coop\\\/culminan-esta-semana-en-sevilla-dos-proyectos-europeos-de-cooperacion-transfronteriza-sobre-economia-social-y-solidaria\\\/#primaryimage\"},\"thumbnailUrl\":\"https:\\\/\\\/cklcomunicaciones.es\\\/coop\\\/wp-content\\\/uploads\\\/2023\\\/11\\\/DSF4909-scaled.jpg\",\"keywords\":[\"ACPP\",\"ACPP Andaluc\u00eda\",\"Andaluc\u00eda\",\"Econom\u00eda Social y Solidaria\",\"MedRISSE\",\"MedTOWN\"],\"articleSection\":[\"Actualidad\",\"noticias destacadas\"],\"inLanguage\":\"es\"},{\"@type\":\"WebPage\",\"@id\":\"https:\\\/\\\/cklcomunicaciones.es\\\/coop\\\/culminan-esta-semana-en-sevilla-dos-proyectos-europeos-de-cooperacion-transfronteriza-sobre-economia-social-y-solidaria\\\/\",\"url\":\"https:\\\/\\\/cklcomunicaciones.es\\\/coop\\\/culminan-esta-semana-en-sevilla-dos-proyectos-europeos-de-cooperacion-transfronteriza-sobre-economia-social-y-solidaria\\\/\",\"name\":\"Culminan esta semana en Sevilla dos proyectos europeos de cooperaci\u00f3n transfronteriza sobre Econom\u00eda Social y Solidaria\",\"isPartOf\":{\"@id\":\"https:\\\/\\\/cklcomunicaciones.es\\\/coop\\\/#website\"},\"primaryImageOfPage\":{\"@id\":\"https:\\\/\\\/cklcomunicaciones.es\\\/coop\\\/culminan-esta-semana-en-sevilla-dos-proyectos-europeos-de-cooperacion-transfronteriza-sobre-economia-social-y-solidaria\\\/#primaryimage\"},\"image\":{\"@id\":\"https:\\\/\\\/cklcomunicaciones.es\\\/coop\\\/culminan-esta-semana-en-sevilla-dos-proyectos-europeos-de-cooperacion-transfronteriza-sobre-economia-social-y-solidaria\\\/#primaryimage\"},\"thumbnailUrl\":\"https:\\\/\\\/cklcomunicaciones.es\\\/coop\\\/wp-content\\\/uploads\\\/2023\\\/11\\\/DSF4909-scaled.jpg\",\"datePublished\":\"2023-11-05T18:58:02+00:00\",\"dateModified\":\"2025-01-27T16:24:55+00:00\",\"author\":{\"@id\":\"https:\\\/\\\/cklcomunicaciones.es\\\/coop\\\/#\\\/schema\\\/person\\\/929a6837f7626450bbb50cee1aef266e\"},\"description\":\"La ciudad de Sevilla acoge esta semana la culminaci\u00f3n de dos importantes proyectos europeos de cooperaci\u00f3n transfronteriza, relacionados con la Econom\u00eda Social y Solidaria (ESS) en el Mediterr\u00e1neo: MedTOWN y MedRISSE\",\"breadcrumb\":{\"@id\":\"https:\\\/\\\/cklcomunicaciones.es\\\/coop\\\/culminan-esta-semana-en-sevilla-dos-proyectos-europeos-de-cooperacion-transfronteriza-sobre-economia-social-y-solidaria\\\/#breadcrumb\"},\"inLanguage\":\"es\",\"potentialAction\":[{\"@type\":\"ReadAction\",\"target\":[\"https:\\\/\\\/cklcomunicaciones.es\\\/coop\\\/culminan-esta-semana-en-sevilla-dos-proyectos-europeos-de-cooperacion-transfronteriza-sobre-economia-social-y-solidaria\\\/\"]}]},{\"@type\":\"ImageObject\",\"inLanguage\":\"es\",\"@id\":\"https:\\\/\\\/cklcomunicaciones.es\\\/coop\\\/culminan-esta-semana-en-sevilla-dos-proyectos-europeos-de-cooperacion-transfronteriza-sobre-economia-social-y-solidaria\\\/#primaryimage\",\"url\":\"https:\\\/\\\/cklcomunicaciones.es\\\/coop\\\/wp-content\\\/uploads\\\/2023\\\/11\\\/DSF4909-scaled.jpg\",\"contentUrl\":\"https:\\\/\\\/cklcomunicaciones.es\\\/coop\\\/wp-content\\\/uploads\\\/2023\\\/11\\\/DSF4909-scaled.jpg\",\"width\":2560,\"height\":1706},{\"@type\":\"BreadcrumbList\",\"@id\":\"https:\\\/\\\/cklcomunicaciones.es\\\/coop\\\/culminan-esta-semana-en-sevilla-dos-proyectos-europeos-de-cooperacion-transfronteriza-sobre-economia-social-y-solidaria\\\/#breadcrumb\",\"itemListElement\":[{\"@type\":\"ListItem\",\"position\":1,\"name\":\"Portada\",\"item\":\"https:\\\/\\\/cklcomunicaciones.es\\\/coop\\\/\"},{\"@type\":\"ListItem\",\"position\":2,\"name\":\"Culminan esta semana en Sevilla dos proyectos europeos de cooperaci\u00f3n transfronteriza sobre Econom\u00eda Social y Solidaria\"}]},{\"@type\":\"WebSite\",\"@id\":\"https:\\\/\\\/cklcomunicaciones.es\\\/coop\\\/#website\",\"url\":\"https:\\\/\\\/cklcomunicaciones.es\\\/coop\\\/\",\"name\":\"CKL Comunicaciones\",\"description\":\"Sitio web de CKL Comunicaciones coop , la consultora de comunicaci\u00f3n y estrategia\",\"potentialAction\":[{\"@type\":\"SearchAction\",\"target\":{\"@type\":\"EntryPoint\",\"urlTemplate\":\"https:\\\/\\\/cklcomunicaciones.es\\\/coop\\\/?s={search_term_string}\"},\"query-input\":{\"@type\":\"PropertyValueSpecification\",\"valueRequired\":true,\"valueName\":\"search_term_string\"}}],\"inLanguage\":\"es\"},{\"@type\":\"Person\",\"@id\":\"https:\\\/\\\/cklcomunicaciones.es\\\/coop\\\/#\\\/schema\\\/person\\\/929a6837f7626450bbb50cee1aef266e\",\"name\":\"ckl\",\"image\":{\"@type\":\"ImageObject\",\"inLanguage\":\"es\",\"@id\":\"https:\\\/\\\/secure.gravatar.com\\\/avatar\\\/c82db564e8a669bf6023357a157b9dc4780f4d4c618f2ad1d71a6a5dede45057?s=96&d=mm&r=g\",\"url\":\"https:\\\/\\\/secure.gravatar.com\\\/avatar\\\/c82db564e8a669bf6023357a157b9dc4780f4d4c618f2ad1d71a6a5dede45057?s=96&d=mm&r=g\",\"contentUrl\":\"https:\\\/\\\/secure.gravatar.com\\\/avatar\\\/c82db564e8a669bf6023357a157b9dc4780f4d4c618f2ad1d71a6a5dede45057?s=96&d=mm&r=g\",\"caption\":\"ckl\"},\"url\":\"https:\\\/\\\/cklcomunicaciones.es\\\/coop\\\/author\\\/cklcomunicaciones\\\/\"}]}<\/script>\n<!-- \/ Yoast SEO plugin. -->","yoast_head_json":{"title":"Culminan esta semana en Sevilla dos proyectos europeos de cooperaci\u00f3n transfronteriza sobre Econom\u00eda Social y Solidaria","description":"La ciudad de Sevilla acoge esta semana la culminaci\u00f3n de dos importantes proyectos europeos de cooperaci\u00f3n transfronteriza, relacionados con la Econom\u00eda Social y Solidaria (ESS) en el Mediterr\u00e1neo: MedTOWN y MedRISSE","robots":{"index":"index","follow":"follow","max-snippet":"max-snippet:-1","max-image-preview":"max-image-preview:large","max-video-preview":"max-video-preview:-1"},"canonical":"https:\/\/cklcomunicaciones.es\/coop\/culminan-esta-semana-en-sevilla-dos-proyectos-europeos-de-cooperacion-transfronteriza-sobre-economia-social-y-solidaria\/","og_locale":"es_ES","og_type":"article","og_title":"Culminan esta semana en Sevilla dos proyectos europeos de cooperaci\u00f3n transfronteriza sobre Econom\u00eda Social y Solidaria","og_description":"La ciudad de Sevilla acoge esta semana la culminaci\u00f3n de dos importantes proyectos europeos de cooperaci\u00f3n transfronteriza, relacionados con la Econom\u00eda Social y Solidaria (ESS) en el Mediterr\u00e1neo: MedTOWN y MedRISSE","og_url":"https:\/\/cklcomunicaciones.es\/coop\/culminan-esta-semana-en-sevilla-dos-proyectos-europeos-de-cooperacion-transfronteriza-sobre-economia-social-y-solidaria\/","og_site_name":"CKL Comunicaciones","article_published_time":"2023-11-05T18:58:02+00:00","article_modified_time":"2025-01-27T16:24:55+00:00","og_image":[{"width":2560,"height":1706,"url":"https:\/\/cklcomunicaciones.es\/coop\/wp-content\/uploads\/2023\/11\/DSF4909-scaled.jpg","type":"image\/jpeg"}],"author":"ckl","twitter_card":"summary_large_image","twitter_misc":{"Escrito por":"ckl","Tiempo de lectura":"4 minutos"},"schema":{"@context":"https:\/\/schema.org","@graph":[{"@type":"Article","@id":"https:\/\/cklcomunicaciones.es\/coop\/culminan-esta-semana-en-sevilla-dos-proyectos-europeos-de-cooperacion-transfronteriza-sobre-economia-social-y-solidaria\/#article","isPartOf":{"@id":"https:\/\/cklcomunicaciones.es\/coop\/culminan-esta-semana-en-sevilla-dos-proyectos-europeos-de-cooperacion-transfronteriza-sobre-economia-social-y-solidaria\/"},"author":{"name":"ckl","@id":"https:\/\/cklcomunicaciones.es\/coop\/#\/schema\/person\/929a6837f7626450bbb50cee1aef266e"},"headline":"Culminan esta semana en Sevilla dos proyectos europeos de cooperaci\u00f3n transfronteriza sobre Econom\u00eda Social y Solidaria","datePublished":"2023-11-05T18:58:02+00:00","dateModified":"2025-01-27T16:24:55+00:00","mainEntityOfPage":{"@id":"https:\/\/cklcomunicaciones.es\/coop\/culminan-esta-semana-en-sevilla-dos-proyectos-europeos-de-cooperacion-transfronteriza-sobre-economia-social-y-solidaria\/"},"wordCount":806,"image":{"@id":"https:\/\/cklcomunicaciones.es\/coop\/culminan-esta-semana-en-sevilla-dos-proyectos-europeos-de-cooperacion-transfronteriza-sobre-economia-social-y-solidaria\/#primaryimage"},"thumbnailUrl":"https:\/\/cklcomunicaciones.es\/coop\/wp-content\/uploads\/2023\/11\/DSF4909-scaled.jpg","keywords":["ACPP","ACPP Andaluc\u00eda","Andaluc\u00eda","Econom\u00eda Social y Solidaria","MedRISSE","MedTOWN"],"articleSection":["Actualidad","noticias destacadas"],"inLanguage":"es"},{"@type":"WebPage","@id":"https:\/\/cklcomunicaciones.es\/coop\/culminan-esta-semana-en-sevilla-dos-proyectos-europeos-de-cooperacion-transfronteriza-sobre-economia-social-y-solidaria\/","url":"https:\/\/cklcomunicaciones.es\/coop\/culminan-esta-semana-en-sevilla-dos-proyectos-europeos-de-cooperacion-transfronteriza-sobre-economia-social-y-solidaria\/","name":"Culminan esta semana en Sevilla dos proyectos europeos de cooperaci\u00f3n transfronteriza sobre Econom\u00eda Social y Solidaria","isPartOf":{"@id":"https:\/\/cklcomunicaciones.es\/coop\/#website"},"primaryImageOfPage":{"@id":"https:\/\/cklcomunicaciones.es\/coop\/culminan-esta-semana-en-sevilla-dos-proyectos-europeos-de-cooperacion-transfronteriza-sobre-economia-social-y-solidaria\/#primaryimage"},"image":{"@id":"https:\/\/cklcomunicaciones.es\/coop\/culminan-esta-semana-en-sevilla-dos-proyectos-europeos-de-cooperacion-transfronteriza-sobre-economia-social-y-solidaria\/#primaryimage"},"thumbnailUrl":"https:\/\/cklcomunicaciones.es\/coop\/wp-content\/uploads\/2023\/11\/DSF4909-scaled.jpg","datePublished":"2023-11-05T18:58:02+00:00","dateModified":"2025-01-27T16:24:55+00:00","author":{"@id":"https:\/\/cklcomunicaciones.es\/coop\/#\/schema\/person\/929a6837f7626450bbb50cee1aef266e"},"description":"La ciudad de Sevilla acoge esta semana la culminaci\u00f3n de dos importantes proyectos europeos de cooperaci\u00f3n transfronteriza, relacionados con la Econom\u00eda Social y Solidaria (ESS) en el Mediterr\u00e1neo: MedTOWN y MedRISSE","breadcrumb":{"@id":"https:\/\/cklcomunicaciones.es\/coop\/culminan-esta-semana-en-sevilla-dos-proyectos-europeos-de-cooperacion-transfronteriza-sobre-economia-social-y-solidaria\/#breadcrumb"},"inLanguage":"es","potentialAction":[{"@type":"ReadAction","target":["https:\/\/cklcomunicaciones.es\/coop\/culminan-esta-semana-en-sevilla-dos-proyectos-europeos-de-cooperacion-transfronteriza-sobre-economia-social-y-solidaria\/"]}]},{"@type":"ImageObject","inLanguage":"es","@id":"https:\/\/cklcomunicaciones.es\/coop\/culminan-esta-semana-en-sevilla-dos-proyectos-europeos-de-cooperacion-transfronteriza-sobre-economia-social-y-solidaria\/#primaryimage","url":"https:\/\/cklcomunicaciones.es\/coop\/wp-content\/uploads\/2023\/11\/DSF4909-scaled.jpg","contentUrl":"https:\/\/cklcomunicaciones.es\/coop\/wp-content\/uploads\/2023\/11\/DSF4909-scaled.jpg","width":2560,"height":1706},{"@type":"BreadcrumbList","@id":"https:\/\/cklcomunicaciones.es\/coop\/culminan-esta-semana-en-sevilla-dos-proyectos-europeos-de-cooperacion-transfronteriza-sobre-economia-social-y-solidaria\/#breadcrumb","itemListElement":[{"@type":"ListItem","position":1,"name":"Portada","item":"https:\/\/cklcomunicaciones.es\/coop\/"},{"@type":"ListItem","position":2,"name":"Culminan esta semana en Sevilla dos proyectos europeos de cooperaci\u00f3n transfronteriza sobre Econom\u00eda Social y Solidaria"}]},{"@type":"WebSite","@id":"https:\/\/cklcomunicaciones.es\/coop\/#website","url":"https:\/\/cklcomunicaciones.es\/coop\/","name":"CKL Comunicaciones","description":"Sitio web de CKL Comunicaciones coop , la consultora de comunicaci\u00f3n y estrategia","potentialAction":[{"@type":"SearchAction","target":{"@type":"EntryPoint","urlTemplate":"https:\/\/cklcomunicaciones.es\/coop\/?s={search_term_string}"},"query-input":{"@type":"PropertyValueSpecification","valueRequired":true,"valueName":"search_term_string"}}],"inLanguage":"es"},{"@type":"Person","@id":"https:\/\/cklcomunicaciones.es\/coop\/#\/schema\/person\/929a6837f7626450bbb50cee1aef266e","name":"ckl","image":{"@type":"ImageObject","inLanguage":"es","@id":"https:\/\/secure.gravatar.com\/avatar\/c82db564e8a669bf6023357a157b9dc4780f4d4c618f2ad1d71a6a5dede45057?s=96&d=mm&r=g","url":"https:\/\/secure.gravatar.com\/avatar\/c82db564e8a669bf6023357a157b9dc4780f4d4c618f2ad1d71a6a5dede45057?s=96&d=mm&r=g","contentUrl":"https:\/\/secure.gravatar.com\/avatar\/c82db564e8a669bf6023357a157b9dc4780f4d4c618f2ad1d71a6a5dede45057?s=96&d=mm&r=g","caption":"ckl"},"url":"https:\/\/cklcomunicaciones.es\/coop\/author\/cklcomunicaciones\/"}]}},"_links":{"self":[{"href":"https:\/\/cklcomunicaciones.es\/coop\/wp-json\/wp\/v2\/posts\/20619","targetHints":{"allow":["GET"]}}],"collection":[{"href":"https:\/\/cklcomunicaciones.es\/coop\/wp-json\/wp\/v2\/posts"}],"about":[{"href":"https:\/\/cklcomunicaciones.es\/coop\/wp-json\/wp\/v2\/types\/post"}],"author":[{"embeddable":true,"href":"https:\/\/cklcomunicaciones.es\/coop\/wp-json\/wp\/v2\/users\/3"}],"replies":[{"embeddable":true,"href":"https:\/\/cklcomunicaciones.es\/coop\/wp-json\/wp\/v2\/comments?post=20619"}],"version-history":[{"count":0,"href":"https:\/\/cklcomunicaciones.es\/coop\/wp-json\/wp\/v2\/posts\/20619\/revisions"}],"wp:featuredmedia":[{"embeddable":true,"href":"https:\/\/cklcomunicaciones.es\/coop\/wp-json\/wp\/v2\/media\/22321"}],"wp:attachment":[{"href":"https:\/\/cklcomunicaciones.es\/coop\/wp-json\/wp\/v2\/media?parent=20619"}],"wp:term":[{"taxonomy":"category","embeddable":true,"href":"https:\/\/cklcomunicaciones.es\/coop\/wp-json\/wp\/v2\/categories?post=20619"},{"taxonomy":"post_tag","embeddable":true,"href":"https:\/\/cklcomunicaciones.es\/coop\/wp-json\/wp\/v2\/tags?post=20619"}],"curies":[{"name":"wp","href":"https:\/\/api.w.org\/{rel}","templated":true}]}}