{"id":20502,"date":"2023-10-17T20:03:52","date_gmt":"2023-10-17T18:03:52","guid":{"rendered":"https:\/\/www.cklcomunicaciones.es\/?p=20502"},"modified":"2025-02-08T08:19:55","modified_gmt":"2025-02-08T07:19:55","slug":"noticias-info-ckl-no-2826-17-10-23","status":"publish","type":"post","link":"https:\/\/cklcomunicaciones.es\/coop\/noticias-info-ckl-no-2826-17-10-23\/","title":{"rendered":"Noticias Info CKL n\u00ba 2826-17\/10\/23"},"content":{"rendered":"<div class=\"fusion-fullwidth fullwidth-box fusion-builder-row-1 fusion-flex-container nonhundred-percent-fullwidth non-hundred-percent-height-scrolling\" style=\"--awb-border-radius-top-left:0px;--awb-border-radius-top-right:0px;--awb-border-radius-bottom-right:0px;--awb-border-radius-bottom-left:0px;--awb-flex-wrap:wrap;\" ><div class=\"fusion-builder-row fusion-row fusion-flex-align-items-flex-start fusion-flex-content-wrap\" style=\"max-width:1248px;margin-left: calc(-4% \/ 2 );margin-right: calc(-4% \/ 2 );\"><div class=\"fusion-layout-column fusion_builder_column fusion-builder-column-0 fusion_builder_column_1_1 1_1 fusion-flex-column\" style=\"--awb-bg-blend:overlay;--awb-bg-size:cover;--awb-width-large:100%;--awb-margin-top-large:0px;--awb-spacing-right-large:1.92%;--awb-margin-bottom-large:0px;--awb-spacing-left-large:1.92%;--awb-width-medium:100%;--awb-spacing-right-medium:1.92%;--awb-spacing-left-medium:1.92%;--awb-width-small:100%;--awb-spacing-right-small:1.92%;--awb-spacing-left-small:1.92%;\"><div class=\"fusion-column-wrapper fusion-flex-justify-content-flex-start fusion-content-layout-column\"><div class=\"fusion-text fusion-text-1\"><div id=\"\" class=\"lsow-panel lsow-active\">\n<h1 class=\"lsow-panel-title\">Convocatorias<\/h1>\n<div class=\"lsow-panel-content\">\n<p><a href=\"https:\/\/www.google.com\/url?rct=j&amp;sa=t&amp;url=http:\/\/cicode.ugr.es\/pages\/tablon\/*\/noticias-22\/curso-de-politica-exterior-y-cooperacion-feminista-e-igualdad-de-genero-6-y-7-de-noviembre\/downloadfile\/ol3435d97eaaa834fa50ba4e9ee1beea4d&amp;ct=ga&amp;cd=CAEYASoTNTg2ODE0OTYwNTM5MDU2ODk3NDIZNTlkNzgxNzEzNmEyZDAyODplczplczpFUw&amp;usg=AOvVaw1XWMZg_CfHxofS5pkxzL4x\" target=\"_blank\" rel=\"noopener\" data-saferedirecturl=\"https:\/\/www.google.com\/url?q=https:\/\/www.google.com\/url?rct%3Dj%26sa%3Dt%26url%3Dhttp:\/\/cicode.ugr.es\/pages\/tablon\/*\/noticias-22\/curso-de-politica-exterior-y-cooperacion-feminista-e-igualdad-de-genero-6-y-7-de-noviembre\/downloadfile\/ol3435d97eaaa834fa50ba4e9ee1beea4d%26ct%3Dga%26cd%3DCAEYASoTNTg2ODE0OTYwNTM5MDU2ODk3NDIZNTlkNzgxNzEzNmEyZDAyODplczplczpFUw%26usg%3DAOvVaw1XWMZg_CfHxofS5pkxzL4x&amp;source=gmail&amp;ust=1697641267378000&amp;usg=AOvVaw278KENvsqy9UQD193_T8hd\">Curso Pol\u00edtica Exterior y de Cooperaci\u00f3n\u00a0Feminista e Igualdad de\u00a0G\u00e9nero\u00a0&#8211;\u00a0<\/a>cicode<\/p>\n<\/div>\n<\/div>\n<div id=\"\" class=\"lsow-panel lsow-active\">\n<h1 class=\"lsow-panel-title\">Comunicaci\u00f3n, Publicidad y TICs<\/h1>\n<div class=\"lsow-panel-content\">\n<p><a class=\"title\" href=\"https:\/\/cadenaser.com\/euskadi\/2023\/10\/16\/la-libertad-de-expresion-y-la-informacion-sobre-salud-ejes-del-iii-congreso-de-periodismo-feminista-radio-bilbao\/\" target=\"_blank\" rel=\"noopener\" data-artpy=\"0\" data-author=\"Cadena SER\">La libertad de expresi\u00f3n y la informaci\u00f3n sobre salud, ejes del III Congreso de Periodismo Feminista<\/a>-ser<br \/>\n<a class=\"title\" href=\"https:\/\/www.lne.es\/cuencas\/2023\/10\/15\/rosa-maria-calaf-mujeres-agradecer-93346133.html\" target=\"_blank\" rel=\"noopener\" data-artpy=\"0\" data-author=\"lne\">Rosa Mar\u00eda Calaf: \u00abLas mujeres no tenemos que agradecer lo que es justicia\u00bb<\/a>-lanuevaespa\u00f1a<br \/>\n<a class=\"title\" href=\"https:\/\/www.msn.com\/es-es\/noticias\/espana\/el-festival-sindokma-homenajea-a-las-pioneras-en-el-periodismo-y-a-las-mujeres-escritoras\/ar-AA1i8rFy\" target=\"_blank\" rel=\"noopener\" data-artpy=\"0\" data-author=\"eldiario.es on MSN\">El festival Sindokma homenajea a las pioneras en el periodismo y a las mujeres escritoras<\/a>-eldiario<br \/>\n<a class=\"title\" href=\"https:\/\/www.cope.es\/actualidad\/cultura\/noticias\/marlaska-aboga-por-que-administracion-medios-colaboren-para-prevenir-desinformacion-20231017_2953202\" target=\"_blank\" rel=\"noopener\" data-artpy=\"0\" data-author=\"COPE\">Marlaska aboga por que Administraci\u00f3n y medios colaboren para prevenir la desinformaci\u00f3n<\/a>-cope<br \/>\n<a class=\"title\" href=\"https:\/\/www.lasexta.com\/metafuturo\/victor-lapuente-solo-16-trabajadores-son-mujeres_20231017652ea3398160fc00013822d1.html\" target=\"_blank\" rel=\"noopener\" data-artpy=\"0\" data-author=\"laSexta\">V\u00edctor Lapuente: \u00abSolo el 16% de los trabajadores de IA son mujeres\u00bb<\/a>-lasexta<br \/>\n<a href=\"https:\/\/www.google.com\/url?rct=j&amp;sa=t&amp;url=https:\/\/andaluciainformacion.es\/arcos\/1383621\/espana-amplia-el-marco-legislativo-para-atraer-a-nomadas-digitales\/&amp;ct=ga&amp;cd=CAEYBSoUMTA2Nzg0NDY0Njk3Njc1ODg3MzYyGWQ3OGU1ODc1YTBmMWYyYWM6ZXM6ZXM6RVM&amp;usg=AOvVaw3KoiVwMYvvTG36ZSlPI9o9\" target=\"_blank\" rel=\"noopener\" data-saferedirecturl=\"https:\/\/www.google.com\/url?q=https:\/\/www.google.com\/url?rct%3Dj%26sa%3Dt%26url%3Dhttps:\/\/andaluciainformacion.es\/arcos\/1383621\/espana-amplia-el-marco-legislativo-para-atraer-a-nomadas-digitales\/%26ct%3Dga%26cd%3DCAEYBSoUMTA2Nzg0NDY0Njk3Njc1ODg3MzYyGWQ3OGU1ODc1YTBmMWYyYWM6ZXM6ZXM6RVM%26usg%3DAOvVaw3KoiVwMYvvTG36ZSlPI9o9&amp;source=gmail&amp;ust=1697641267526000&amp;usg=AOvVaw1oWesrmvsVL1SEEsANvUY2\">Espa\u00f1a ampl\u00eda el marco legislativo para atraer a n\u00f3madas digitales &#8211;\u00a0<\/a><a>Andaluc\u00eda Informaci\u00f3n<\/a><\/p>\n<\/div>\n<\/div>\n<div id=\"\" class=\"lsow-panel lsow-active\">\n<h1 class=\"lsow-panel-title\">Andaluc\u00eda<\/h1>\n<div class=\"lsow-panel-content\">\n<div class=\"source set_top\">\n<div data-priority=\"2\" aria-hidden=\"true\">\n<p><strong>Institucional<br \/>\n<\/strong><a href=\"https:\/\/www.google.com\/url?rct=j&amp;sa=t&amp;url=https:\/\/www.europapress.es\/andalucia\/noticia-maeztu-valora-rapida-respuesta-junta-peticion-ayudas-economicas-huerfanos-violencia-machista-20231016131545.html&amp;ct=ga&amp;cd=CAEYAioSMzY5OTkwODAxNDM0NzM2NjI2Mhs5YWIxY2RkN2UzNjZlZjM4OmVzOmVzOkVTOlI&amp;usg=AOvVaw32tnxT0qDk1VM8bB1OH1yc\" target=\"_blank\" rel=\"noopener\" data-saferedirecturl=\"https:\/\/www.google.com\/url?q=https:\/\/www.google.com\/url?rct%3Dj%26sa%3Dt%26url%3Dhttps:\/\/www.europapress.es\/andalucia\/noticia-maeztu-valora-rapida-respuesta-junta-peticion-ayudas-economicas-huerfanos-violencia-machista-20231016131545.html%26ct%3Dga%26cd%3DCAEYAioSMzY5OTkwODAxNDM0NzM2NjI2Mhs5YWIxY2RkN2UzNjZlZjM4OmVzOmVzOkVTOlI%26usg%3DAOvVaw32tnxT0qDk1VM8bB1OH1yc&amp;source=gmail&amp;ust=1697641296257000&amp;usg=AOvVaw0vgq4-4-lthLQt9j2-x7CG\">Maeztu valora la \u00abr\u00e1pida respuesta\u00bb de la Junta a su petici\u00f3n de ayudas econ\u00f3micas para hu\u00e9rfanos de violencia machista &#8230;-\u00a0<\/a><a>Europa Press<br \/>\n<\/a><a href=\"https:\/\/www.google.com\/url?rct=j&amp;sa=t&amp;url=https:\/\/www.huelvainformacion.es\/huelva\/Lopez-reflexion-Pacto-aumento-violencia_0_1838517892.html&amp;ct=ga&amp;cd=CAEYACoTNjM3MzQ3NzUwOTY5NDk3NDg1NTIbOWFiMWNkZDdlMzY2ZWYzODplczplczpFUzpS&amp;usg=AOvVaw05bjXDBiKtQIu_ZyDlzTSM\" target=\"_blank\" rel=\"noopener\" data-saferedirecturl=\"https:\/\/www.google.com\/url?q=https:\/\/www.google.com\/url?rct%3Dj%26sa%3Dt%26url%3Dhttps:\/\/www.huelvainformacion.es\/huelva\/Lopez-reflexion-Pacto-aumento-violencia_0_1838517892.html%26ct%3Dga%26cd%3DCAEYACoTNjM3MzQ3NzUwOTY5NDk3NDg1NTIbOWFiMWNkZDdlMzY2ZWYzODplczplczpFUzpS%26usg%3DAOvVaw05bjXDBiKtQIu_ZyDlzTSM&amp;source=gmail&amp;ust=1697645112089000&amp;usg=AOvVaw37807OfhkQhKpHA5qxU-OE\">L\u00f3pez pide \u00abreflexi\u00f3n\u00bb del Pacto de Estado ante el \u00abaumento\u00bb de casos de violencia de g\u00e9nero-\u00a0<\/a><a>huelvainformacion<\/a><\/p>\n<p><strong>Econom\u00eda y Empresa<br \/>\n<\/strong><a class=\"title\" href=\"https:\/\/cadenaser.com\/andalucia\/2023\/10\/17\/una-investigacion-senala-el-riesgo-de-explotacion-sexual-y-laboral-de-las-temporeras-marroquies-que-se-quedan-en-los-asentamientos-de-huelva-radio-huelva\/\" target=\"_blank\" rel=\"noopener\" data-artpy=\"0\" data-author=\"Cadena SER\">Una investigaci\u00f3n se\u00f1ala el riesgo de explotaci\u00f3n sexual y laboral de las temporeras marroqu\u00edes que se quedan en los asentamientos de Huelva<\/a>-ser<strong><br \/>\n<\/strong><a class=\"title\" href=\"https:\/\/www.cordobabn.com\/articulo\/andalucia\/las-mujeres\/20231015130304175053.html\" target=\"_blank\" rel=\"noopener\" data-artpy=\"0\" data-author=\"C\u00f3rdoba Buenas Noticias\">Las mujeres rurales aumentan su presencia en los sectores productivos andaluces<\/a>-cordobanoticia<strong>s<br \/>\n<\/strong><a href=\"https:\/\/www.google.com\/url?rct=j&amp;sa=t&amp;url=https:\/\/www.juntadeandalucia.es\/presidencia\/portavoz\/social\/186841\/IAM\/Mujeres\/Proyectos\/Emprendimiento\/Formacion\/Salud\/Igualdad\/Interseccionalidad\/ConsejeriadeInclusionSocial\/Juventud\/FamiliaseIgualdad\/JuntadeAndalucia&amp;ct=ga&amp;cd=CAEYACoSNjMyMjE4MDMxOTQyMTAwNzk2Mhs5YWIxY2RkN2UzNjZlZjM4OmVzOmVzOkVTOlI&amp;usg=AOvVaw3a2N-_2YVfX8tvKeox1D-B\" target=\"_blank\" rel=\"noopener\" data-saferedirecturl=\"https:\/\/www.google.com\/url?q=https:\/\/www.google.com\/url?rct%3Dj%26sa%3Dt%26url%3Dhttps:\/\/www.juntadeandalucia.es\/presidencia\/portavoz\/social\/186841\/IAM\/Mujeres\/Proyectos\/Emprendimiento\/Formacion\/Salud\/Igualdad\/Interseccionalidad\/ConsejeriadeInclusionSocial\/Juventud\/FamiliaseIgualdad\/JuntadeAndalucia%26ct%3Dga%26cd%3DCAEYACoSNjMyMjE4MDMxOTQyMTAwNzk2Mhs5YWIxY2RkN2UzNjZlZjM4OmVzOmVzOkVTOlI%26usg%3DAOvVaw3a2N-_2YVfX8tvKeox1D-B&amp;source=gmail&amp;ust=1697641296282000&amp;usg=AOvVaw1_IDIxtx3Z3HqOuAHlOYRi\">El IA<\/a><a href=\"https:\/\/www.google.com\/url?rct=j&amp;sa=t&amp;url=https:\/\/www.juntadeandalucia.es\/presidencia\/portavoz\/social\/186841\/IAM\/Mujeres\/Proyectos\/Emprendimiento\/Formacion\/Salud\/Igualdad\/Interseccionalidad\/ConsejeriadeInclusionSocial\/Juventud\/FamiliaseIgualdad\/JuntadeAndalucia&amp;ct=ga&amp;cd=CAEYACoSNjMyMjE4MDMxOTQyMTAwNzk2Mhs5YWIxY2RkN2UzNjZlZjM4OmVzOmVzOkVTOlI&amp;usg=AOvVaw3a2N-_2YVfX8tvKeox1D-B\" target=\"_blank\" rel=\"noopener\" data-saferedirecturl=\"https:\/\/www.google.com\/url?q=https:\/\/www.google.com\/url?rct%3Dj%26sa%3Dt%26url%3Dhttps:\/\/www.juntadeandalucia.es\/presidencia\/portavoz\/social\/186841\/IAM\/Mujeres\/Proyectos\/Emprendimiento\/Formacion\/Salud\/Igualdad\/Interseccionalidad\/ConsejeriadeInclusionSocial\/Juventud\/FamiliaseIgualdad\/JuntadeAndalucia%26ct%3Dga%26cd%3DCAEYACoSNjMyMjE4MDMxOTQyMTAwNzk2Mhs5YWIxY2RkN2UzNjZlZjM4OmVzOmVzOkVTOlI%26usg%3DAOvVaw3a2N-_2YVfX8tvKeox1D-B&amp;source=gmail&amp;ust=1697641296282000&amp;usg=AOvVaw1_IDIxtx3Z3HqOuAHlOYRi\">M financiar\u00e1 proyectos de emprendimiento, formaci\u00f3n o salud dirigidos a\u00a0las mujeres-\u00a0<\/a><a>Junta de Andaluc\u00eda<br \/>\n<\/a><a href=\"https:\/\/www.google.com\/url?rct=j&amp;sa=t&amp;url=https:\/\/andujar.ideal.es\/instituciones-proponen-dar-visibilidad-mujeres-rurales-20231017124243-nt.html&amp;ct=ga&amp;cd=CAEYBCoSNjMyMjE4MDMxOTQyMTAwNzk2Mhs5YWIxY2RkN2UzNjZlZjM4OmVzOmVzOkVTOlI&amp;usg=AOvVaw1XWWVGOkfAr9CJ2ASG3Oam\" target=\"_blank\" rel=\"noopener\" data-saferedirecturl=\"https:\/\/www.google.com\/url?q=https:\/\/www.google.com\/url?rct%3Dj%26sa%3Dt%26url%3Dhttps:\/\/andujar.ideal.es\/instituciones-proponen-dar-visibilidad-mujeres-rurales-20231017124243-nt.html%26ct%3Dga%26cd%3DCAEYBCoSNjMyMjE4MDMxOTQyMTAwNzk2Mhs5YWIxY2RkN2UzNjZlZjM4OmVzOmVzOkVTOlI%26usg%3DAOvVaw1XWWVGOkfAr9CJ2ASG3Oam&amp;source=gmail&amp;ust=1697641296283000&amp;usg=AOvVaw25cKKRtnAtqKNIdoFnJH1P\">Las instituciones se proponen dar visibilidad a\u00a0las mujeres rurales &#8211;<\/a><a>Ideal And\u00fajar<\/a><strong><br \/>\n<\/strong><a href=\"https:\/\/www.google.com\/url?rct=j&amp;sa=t&amp;url=https:\/\/www.europapress.es\/esandalucia\/sevilla\/noticia-ces-celebra-miercoles-jornada-formacion-empleo-retos-futuro-20231016124450.html&amp;ct=ga&amp;cd=CAEYASoUMTA2Nzg0NDY0Njk3Njc1ODg3MzYyGWQ3OGU1ODc1YTBmMWYyYWM6ZXM6ZXM6RVM&amp;usg=AOvVaw3iUTGfDqyzmaFihP5oxWHr\" target=\"_blank\" rel=\"noopener\" data-saferedirecturl=\"https:\/\/www.google.com\/url?q=https:\/\/www.google.com\/url?rct%3Dj%26sa%3Dt%26url%3Dhttps:\/\/www.europapress.es\/esandalucia\/sevilla\/noticia-ces-celebra-miercoles-jornada-formacion-empleo-retos-futuro-20231016124450.html%26ct%3Dga%26cd%3DCAEYASoUMTA2Nzg0NDY0Njk3Njc1ODg3MzYyGWQ3OGU1ODc1YTBmMWYyYWM6ZXM6ZXM6RVM%26usg%3DAOvVaw3iUTGfDqyzmaFihP5oxWHr&amp;source=gmail&amp;ust=1697641267524000&amp;usg=AOvVaw0PlU_dGZ0a4pQhoKPqFF3D\">El CES-A celebra este mi\u00e9rcoles la jornada &#8216;La formaci\u00f3n para el empleo: retos de futuro&#8217;-\u00a0<\/a><a>Europa Press<\/a><\/p>\n<p><strong>Actualidad<br \/>\n<\/strong><a class=\"title\" href=\"https:\/\/www.larazon.es\/andalucia\/mujeres-47-49-anos-incorporaran-proximamente-cribado-cancer-mama_20231017652eb3e2a3bb2e0001612b33.html\" target=\"_blank\" rel=\"noopener\" data-artpy=\"0\" data-author=\"La Raz\u00f3n Digital\">Las mujeres de 47 a 49 a\u00f1os se incorporar\u00e1n \u00abpr\u00f3ximamente\u00bb al cribado de c\u00e1ncer de mama<\/a>-larazon<strong><br \/>\n<\/strong><a href=\"https:\/\/www.google.com\/url?rct=j&amp;sa=t&amp;url=https:\/\/www.europapress.es\/esandalucia\/sevilla\/noticia-junta-destina-cuatro-millones-atencion-mujeres-riesgo-exclusion-social-20231013105914.html&amp;ct=ga&amp;cd=CAEYASoTNDM0MjE4ODkxODU3NTM5NjQ5MDIbOWFiMWNkZDdlMzY2ZWYzODplczplczpFUzpS&amp;usg=AOvVaw0yD4uo7ywgMT9DB7U7BX7y\" target=\"_blank\" rel=\"noopener\" data-saferedirecturl=\"https:\/\/www.google.com\/url?q=https:\/\/www.google.com\/url?rct%3Dj%26sa%3Dt%26url%3Dhttps:\/\/www.europapress.es\/esandalucia\/sevilla\/noticia-junta-destina-cuatro-millones-atencion-mujeres-riesgo-exclusion-social-20231013105914.html%26ct%3Dga%26cd%3DCAEYASoTNDM0MjE4ODkxODU3NTM5NjQ5MDIbOWFiMWNkZDdlMzY2ZWYzODplczplczpFUzpS%26usg%3DAOvVaw0yD4uo7ywgMT9DB7U7BX7y&amp;source=gmail&amp;ust=1697645112080000&amp;usg=AOvVaw3VvRvk_n7qzvzMaFyrRYOR\">La Junta destina cuatro millones a la atenci\u00f3n de mujeres en riesgo de exclusi\u00f3n &#8230; &#8211;\u00a0<\/a><a>Europa Press<\/a><a><br \/>\n<\/a><a href=\"https:\/\/www.google.com\/url?rct=j&amp;sa=t&amp;url=https:\/\/www.malaga.es\/comunicacion\/2750\/com1_md1_cd-417258\/ocho-mujeres-de-la-provincia-ponen-voz-a-una-cancion-dedicada-a-la-mujer-rural&amp;ct=ga&amp;cd=CAEYACoUMTcxMjk2Mjk5NzY1ODA5NjUyOTYyG2UwZjU4Njg5N2I1Zjc4M2U6ZXM6ZXM6RVM6TA&amp;usg=AOvVaw0IsFE1btDiPfQvn0EBfXfT\" target=\"_blank\" rel=\"noopener\" data-saferedirecturl=\"https:\/\/www.google.com\/url?q=https:\/\/www.google.com\/url?rct%3Dj%26sa%3Dt%26url%3Dhttps:\/\/www.malaga.es\/comunicacion\/2750\/com1_md1_cd-417258\/ocho-mujeres-de-la-provincia-ponen-voz-a-una-cancion-dedicada-a-la-mujer-rural%26ct%3Dga%26cd%3DCAEYACoUMTcxMjk2Mjk5NzY1ODA5NjUyOTYyG2UwZjU4Njg5N2I1Zjc4M2U6ZXM6ZXM6RVM6TA%26usg%3DAOvVaw0IsFE1btDiPfQvn0EBfXfT&amp;source=gmail&amp;ust=1697643948009000&amp;usg=AOvVaw2iIxFovZjyclMAaUOjMOpt\">Ocho\u00a0mujeres\u00a0de la provincia ponen voz a una canci\u00f3n dedicada a la\u00a0mujer rural-\u00a0<\/a><a>Diputaci\u00f3n de M\u00e1laga<br \/>\n<\/a><a href=\"https:\/\/www.google.com\/url?rct=j&amp;sa=t&amp;url=https:\/\/sevilla.abc.es\/andalucia\/junta-disena-plan-280000-mujeres-ninas-andaluzas-20231014180418-nts.html&amp;ct=ga&amp;cd=CAEYACoTOTM3ODkzOTc0NDk3Nzk4MzYzMjIbZTBmNTg2ODk3YjVmNzgzZTplczplczpFUzpM&amp;usg=AOvVaw0vgUc1fCAgcxX3pkxt14-4\" target=\"_blank\" rel=\"noopener\" data-saferedirecturl=\"https:\/\/www.google.com\/url?q=https:\/\/www.google.com\/url?rct%3Dj%26sa%3Dt%26url%3Dhttps:\/\/sevilla.abc.es\/andalucia\/junta-disena-plan-280000-mujeres-ninas-andaluzas-20231014180418-nts.html%26ct%3Dga%26cd%3DCAEYACoTOTM3ODkzOTc0NDk3Nzk4MzYzMjIbZTBmNTg2ODk3YjVmNzgzZTplczplczpFUzpM%26usg%3DAOvVaw0vgUc1fCAgcxX3pkxt14-4&amp;source=gmail&amp;ust=1697641895767000&amp;usg=AOvVaw1arWvnqBWXjzmEsO7eb5Da\">La Junta de Andaluc\u00eda dise\u00f1a un plan para las 280.000\u00a0mujeres y ni\u00f1as andaluzas con discapacidad&#8230;-\u00a0<\/a><a>abcsevilla<br \/>\n<\/a><a href=\"https:\/\/www.google.com\/url?rct=j&amp;sa=t&amp;url=https:\/\/campinadigital.me\/2023\/10\/15\/unas-10-000-mujeres-de-zonas-rurales-participan-en-el-programa-de-formacion-digital-preparadas\/&amp;ct=ga&amp;cd=CAEYBCoUMTMxNDE0MzA4ODI4MTE4NDI3MzAyGWUxZTc3ZDE1NjA5OGE4ZTM6ZXM6ZXM6RVM&amp;usg=AOvVaw0nans_Vv-dBDHCpaAEkvg6\" target=\"_blank\" rel=\"noopener\" data-saferedirecturl=\"https:\/\/www.google.com\/url?q=https:\/\/www.google.com\/url?rct%3Dj%26sa%3Dt%26url%3Dhttps:\/\/campinadigital.me\/2023\/10\/15\/unas-10-000-mujeres-de-zonas-rurales-participan-en-el-programa-de-formacion-digital-preparadas\/%26ct%3Dga%26cd%3DCAEYBCoUMTMxNDE0MzA4ODI4MTE4NDI3MzAyGWUxZTc3ZDE1NjA5OGE4ZTM6ZXM6ZXM6RVM%26usg%3DAOvVaw0nans_Vv-dBDHCpaAEkvg6&amp;source=gmail&amp;ust=1697641267614000&amp;usg=AOvVaw2ese-WD6zRx-EaP0PoNway\">Unas 10.000 mujeres de zonas rurales participan en el programa de formaci\u00f3n digital &#8216;Preparadas&#8217;.-<\/a><a>Campi\u00f1a Digital<br \/>\n<\/a><a href=\"https:\/\/www.google.com\/url?rct=j&amp;sa=t&amp;url=https:\/\/www.elespanol.com\/invertia\/economia\/empleo\/20231016\/beneficiarios-ingreso-minimo-vital-andalucia\/801670024_0.html&amp;ct=ga&amp;cd=CAEYAyoUMTUxMjg3MjY0ODAwMDY3OTIyMTMyGWQ3OGU1ODc1YTBmMWYyYWM6ZXM6ZXM6RVM&amp;usg=AOvVaw0aUEx8aIsZvt0TemnGsGvN\" target=\"_blank\" rel=\"noopener\" data-saferedirecturl=\"https:\/\/www.google.com\/url?q=https:\/\/www.google.com\/url?rct%3Dj%26sa%3Dt%26url%3Dhttps:\/\/www.elespanol.com\/invertia\/economia\/empleo\/20231016\/beneficiarios-ingreso-minimo-vital-andalucia\/801670024_0.html%26ct%3Dga%26cd%3DCAEYAyoUMTUxMjg3MjY0ODAwMDY3OTIyMTMyGWQ3OGU1ODc1YTBmMWYyYWM6ZXM6ZXM6RVM%26usg%3DAOvVaw0aUEx8aIsZvt0TemnGsGvN&amp;source=gmail&amp;ust=1697641293578000&amp;usg=AOvVaw24P83p3erIRXrPfr09az7c\">Un 32% de los beneficiarios del ingreso m\u00ednimo vital est\u00e1 en\u00a0Andaluc\u00eda &#8211;\u00a0<\/a><a>El Espa\u00f1ol<\/a><\/p>\n<p><strong>Violencia<br \/>\n<\/strong><a href=\"https:\/\/www.google.com\/url?rct=j&amp;sa=t&amp;url=https:\/\/www.juntadeandalucia.es\/presidencia\/portavoz\/social\/186667\/ConsejeriadeInclusionSocial\/app\/aplicacion\/victimas\/violenciadegenero\/zonasrurales&amp;ct=ga&amp;cd=CAEYACoUMTUxMjg3MjY0ODAwMDY3OTIyMTMyGWQ3OGU1ODc1YTBmMWYyYWM6ZXM6ZXM6RVM&amp;usg=AOvVaw0n98ZasjYW7TQ3Q-q0g06D\" target=\"_blank\" rel=\"noopener\" data-saferedirecturl=\"https:\/\/www.google.com\/url?q=https:\/\/www.google.com\/url?rct%3Dj%26sa%3Dt%26url%3Dhttps:\/\/www.juntadeandalucia.es\/presidencia\/portavoz\/social\/186667\/ConsejeriadeInclusionSocial\/app\/aplicacion\/victimas\/violenciadegenero\/zonasrurales%26ct%3Dga%26cd%3DCAEYACoUMTUxMjg3MjY0ODAwMDY3OTIyMTMyGWQ3OGU1ODc1YTBmMWYyYWM6ZXM6ZXM6RVM%26usg%3DAOvVaw0n98ZasjYW7TQ3Q-q0g06D&amp;source=gmail&amp;ust=1697641293578000&amp;usg=AOvVaw1XAlKRemQEiyBeydUUWb6q\">El Gobierno\u00a0andaluz apoya una nueva &#8216;app&#8217; espec\u00edfica para v\u00edctimas de violencia de g\u00e9nero &#8230;-\u00a0<\/a><a>Junta de Andaluc\u00eda<br \/>\n<\/a><a href=\"https:\/\/www.google.com\/url?rct=j&amp;sa=t&amp;url=https:\/\/almeriaciudad.es\/almeria-se-adhiere-a-la-iniciativa-municipios-contra-el-maltrato-tolerancia-cero-de-atresmedia-y-fundacion-mutua-madrilena\/&amp;ct=ga&amp;cd=CAEYACoUMTMxNDE0MzA4ODI4MTE4NDI3MzAyGWUxZTc3ZDE1NjA5OGE4ZTM6ZXM6ZXM6RVM&amp;usg=AOvVaw3il0QagmOZGuFQIeXHSl55\" target=\"_blank\" rel=\"noopener\" data-saferedirecturl=\"https:\/\/www.google.com\/url?q=https:\/\/www.google.com\/url?rct%3Dj%26sa%3Dt%26url%3Dhttps:\/\/almeriaciudad.es\/almeria-se-adhiere-a-la-iniciativa-municipios-contra-el-maltrato-tolerancia-cero-de-atresmedia-y-fundacion-mutua-madrilena\/%26ct%3Dga%26cd%3DCAEYACoUMTMxNDE0MzA4ODI4MTE4NDI3MzAyGWUxZTc3ZDE1NjA5OGE4ZTM6ZXM6ZXM6RVM%26usg%3DAOvVaw3il0QagmOZGuFQIeXHSl55&amp;source=gmail&amp;ust=1697641267613000&amp;usg=AOvVaw3S0vyY3ZmtgDxoKkKQG-DZ\">Almer\u00eda se adhiere a la iniciativa &#8216;Municipios contra el Maltrato. Tolerancia CERO&#8217; de &#8230;-\u00a0<\/a><a>Ayuntamiento de Almer\u00eda<br \/>\n<\/a><a class=\"title\" href=\"https:\/\/www.diariodesevilla.es\/andalucia\/victimas-violencia-genero-disparan-Andalucia_0_1838517705.html\" target=\"_blank\" rel=\"noopener\" data-artpy=\"0\" data-author=\"Diario de Sevilla\">Las v\u00edctimas de violencia de g\u00e9nero se disparan un 3,8% y llegan casi a 10.000 en Andaluc\u00eda<\/a>-diariodesevilla<\/p>\n<p><b>Ciencia y Cultura<br \/>\n<\/b><a class=\"title\" href=\"https:\/\/www.laopiniondemalaga.es\/cultura-espectaculos\/2023\/10\/17\/premios-investigacion-humanidades-ciencias-fundacion-malaga-93417371.html\" target=\"_blank\" rel=\"noopener\" data-artpy=\"0\" data-author=\"Deportes\">Los Premios de Investigaci\u00f3n de Humanidades y Ciencias de Fundaci\u00f3n M\u00e1laga tienen ganadores<\/a>-laopiniondemalaga<br \/>\n<a class=\"title\" href=\"https:\/\/www.teleprensa.com\/articulo\/almeria-sociedad\/aecc-ual-acercaran-sociedad-investigaciones-frente-cancer-mama-coloquio-campus\/202310171356221596980.html\" target=\"_blank\" rel=\"noopener\" data-artpy=\"0\" data-author=\"Tele Prensa\">La AECC y la UAL acercar\u00e1n a la sociedad las investigaciones frente al C\u00e1ncer de Mama con un coloquio en el Campus<\/a>-teleprensa<b><br \/>\n<\/b><a class=\"title\" href=\"https:\/\/www.europapress.es\/andalucia\/cadiz-al-dia-01055\/noticia-diputacion-cadiz-reivindica-protagonismo-mujer-cultura-traves-festival-caleidoscopicas-20231017180111.html\" target=\"_blank\" rel=\"noopener\" data-artpy=\"0\" data-author=\"Europa Press\">Diputaci\u00f3n de C\u00e1diz reivindica el protagonismo de la mujer en la cultura a trav\u00e9s de su Festival Caleidosc\u00f3picas<\/a>-europapress<b><br \/>\n<\/b><a href=\"https:\/\/www.google.com\/url?rct=j&amp;sa=t&amp;url=https:\/\/www.diariojaen.es\/andalucia\/rosario-pardo-reconocida-en-el-dia-de-las-escritoras-por-su-labor-en-la-comedia-MI9390790&amp;ct=ga&amp;cd=CAEYASoTMTk0MDQ3MjQxMTU0OTYyMDU0MjIbOWFiMWNkZDdlMzY2ZWYzODplczplczpFUzpS&amp;usg=AOvVaw217kaSGTdB7XrNFB3YfZeb\" target=\"_blank\" rel=\"noopener\" data-saferedirecturl=\"https:\/\/www.google.com\/url?q=https:\/\/www.google.com\/url?rct%3Dj%26sa%3Dt%26url%3Dhttps:\/\/www.diariojaen.es\/andalucia\/rosario-pardo-reconocida-en-el-dia-de-las-escritoras-por-su-labor-en-la-comedia-MI9390790%26ct%3Dga%26cd%3DCAEYASoTMTk0MDQ3MjQxMTU0OTYyMDU0MjIbOWFiMWNkZDdlMzY2ZWYzODplczplczpFUzpS%26usg%3DAOvVaw217kaSGTdB7XrNFB3YfZeb&amp;source=gmail&amp;ust=1697641296246000&amp;usg=AOvVaw0o7ZkefKnR_RRdcirJ7TZZ\">Rosario Pardo, reconocida en el D\u00eda de las Escritoras por su labor en la comedia &#8211;\u00a0<\/a><a>DiarioJaen<br \/>\n<\/a><a href=\"https:\/\/www.google.com\/url?rct=j&amp;sa=t&amp;url=https:\/\/cadiznoticias.es\/presentacion-del-podcast-las-voces-curativas-de-las-mujeres-en-la-sede-provincial-del-instituto-andaluz-de-la-mujer\/&amp;ct=ga&amp;cd=CAEYACoSMzY5OTkwODAxNDM0NzM2NjI2Mhs5YWIxY2RkN2UzNjZlZjM4OmVzOmVzOkVTOlI&amp;usg=AOvVaw1-Ut_T7PDIUBQFYsWqwjJy\" target=\"_blank\" rel=\"noopener\" data-saferedirecturl=\"https:\/\/www.google.com\/url?q=https:\/\/www.google.com\/url?rct%3Dj%26sa%3Dt%26url%3Dhttps:\/\/cadiznoticias.es\/presentacion-del-podcast-las-voces-curativas-de-las-mujeres-en-la-sede-provincial-del-instituto-andaluz-de-la-mujer\/%26ct%3Dga%26cd%3DCAEYACoSMzY5OTkwODAxNDM0NzM2NjI2Mhs5YWIxY2RkN2UzNjZlZjM4OmVzOmVzOkVTOlI%26usg%3DAOvVaw1-Ut_T7PDIUBQFYsWqwjJy&amp;source=gmail&amp;ust=1697641296256000&amp;usg=AOvVaw2SGYZkzeMwxVLgZv87A_aA\">Presentaci\u00f3n del podcast \u00abLas Voces Curativas de\u00a0las Mujeres &#8211;\u00a0<\/a><a>Cadiznoticias \u00b7<br \/>\n<\/a><a class=\"title\" href=\"https:\/\/www.europapress.es\/andalucia\/noticia-ccoo-cordoba-inaugura-sede-muestra-fotografica-mujer-rural-trabajo-francisco-espadas-20231016200231.html\" target=\"_blank\" rel=\"noopener\" data-artpy=\"0\" data-author=\"Europa Press\">CCOO C\u00f3rdoba inaugura en su sede la muestra fotogr\u00e1fica &#8216;Mujer rural y trabajo&#8217; de Francisco Espadas<\/a>-europapress<br \/>\n<a class=\"title\" href=\"https:\/\/cadiznoticias.es\/ellas-una-exposicion-de-pintura-para-homenajear-a-la-mujer-y-su-contribucion-a-la-sociedad\/\" target=\"_blank\" rel=\"noopener\" data-artpy=\"0\" data-author=\"cadiznoticias\">\u2018Ellas\u2019, una exposici\u00f3n de pintura para homenajear a la mujer y su contribuci\u00f3n a la sociedad<\/a>-cadiznoticias<br \/>\n<a class=\"title\" href=\"https:\/\/www.granadahoy.com\/ocio\/Libro-Vuelve-Federico-Garcia-Lorca-Ana-Bernal_0_1835217196.html\" target=\"_blank\" rel=\"noopener\" data-artpy=\"0\" data-author=\"Granada Hoy\">Ana Bernal vuelve a dar vida y voz a Federico<\/a>-granadahoy<a><br \/>\n<\/a><\/p>\n<p><strong>Deporte<br \/>\n<\/strong><a class=\"title\" href=\"https:\/\/www.canalsur.es\/television\/programas\/la-tarde-aqui-y-ahora\/noticia\/1974647.html\" target=\"_blank\" rel=\"noopener\" data-artpy=\"0\" data-author=\"canalsur\">Antonia Cayetano y Pilar Vargas, dos pioneras del deporte andaluz<\/a>-canalsur<br \/>\n<a class=\"title\" href=\"https:\/\/www.laopiniondemalaga.es\/ideas\/Blau\/mujeres-copa-america-vela.html\" target=\"_blank\" rel=\"noopener\" data-artpy=\"0\" data-author=\"Deportes\">Las mujeres cogen la ca\u00f1a en la Copa Am\u00e9rica de vela<\/a>-laopiniondemalaga<strong><br \/>\n<\/strong><\/p>\n<\/div>\n<\/div>\n<\/div>\n<\/div>\n<div id=\"\" class=\"lsow-panel lsow-active\">\n<h1 class=\"lsow-panel-title\">Estado<\/h1>\n<div class=\"lsow-panel-content\">\n<p><strong>Institucional<br \/>\n<\/strong><\/p>\n<p><strong>Institucional &#8211; CCAA<br \/>\n<\/strong><a href=\"https:\/\/www.google.com\/url?rct=j&amp;sa=t&amp;url=https:\/\/www.ondavasca.com\/emakunde-analizara-la-necesidad-de-un-cambio-de-paradigma-en-la-ciencia-por-la-igualdad\/&amp;ct=ga&amp;cd=CAEYASoTNDA3MDcyOTgwNTg1OTM4OTYxNTIZNTlkNzgxNzEzNmEyZDAyODplczplczpFUw&amp;usg=AOvVaw3Dngw1yyw5goFIgd3df2LP\" target=\"_blank\" rel=\"noopener\" data-saferedirecturl=\"https:\/\/www.google.com\/url?q=https:\/\/www.google.com\/url?rct%3Dj%26sa%3Dt%26url%3Dhttps:\/\/www.ondavasca.com\/emakunde-analizara-la-necesidad-de-un-cambio-de-paradigma-en-la-ciencia-por-la-igualdad\/%26ct%3Dga%26cd%3DCAEYASoTNDA3MDcyOTgwNTg1OTM4OTYxNTIZNTlkNzgxNzEzNmEyZDAyODplczplczpFUw%26usg%3DAOvVaw3Dngw1yyw5goFIgd3df2LP&amp;source=gmail&amp;ust=1697641267260000&amp;usg=AOvVaw10KJJm1IvOhU7wPUWPVcZX\">Emakunde analizar\u00e1 la necesidad de un cambio de paradigma en la ciencia por la igualdad-\u00a0<\/a><a>Onda Vasca<br \/>\n<\/a><a href=\"https:\/\/www.google.com\/url?rct=j&amp;sa=t&amp;url=https:\/\/arainfo.org\/la-ley-del-estatuto-de-las-mujeres-rurales-de-aragon-en-un-cajon-del-pignatelli\/&amp;ct=ga&amp;cd=CAEYACoUMTU2MjE1NjA1NDg2NjQyNDA3NzAyG2UwZjU4Njg5N2I1Zjc4M2U6ZXM6ZXM6RVM6TA&amp;usg=AOvVaw0EoJPMdy-OyfKCFb1fFCal\" target=\"_blank\" rel=\"noopener\" data-saferedirecturl=\"https:\/\/www.google.com\/url?q=https:\/\/www.google.com\/url?rct%3Dj%26sa%3Dt%26url%3Dhttps:\/\/arainfo.org\/la-ley-del-estatuto-de-las-mujeres-rurales-de-aragon-en-un-cajon-del-pignatelli\/%26ct%3Dga%26cd%3DCAEYACoUMTU2MjE1NjA1NDg2NjQyNDA3NzAyG2UwZjU4Njg5N2I1Zjc4M2U6ZXM6ZXM6RVM6TA%26usg%3DAOvVaw0EoJPMdy-OyfKCFb1fFCal&amp;source=gmail&amp;ust=1697641895749000&amp;usg=AOvVaw2yUA26S2jyMnqdJGCSot08\">La Ley del Estatuto de las Mujeres Rurales de Arag\u00f3n \u201cen un caj\u00f3n\u201d del Pignatelli &#8211;\u00a0<\/a><a>AraInfo<br \/>\n<\/a><a href=\"https:\/\/www.google.com\/url?rct=j&amp;sa=t&amp;url=https:\/\/www.donostitik.com\/a-punto-el-vi-encuentro-de-pensamiento-feminista-de-madejas-contra-la-violencia-sexista\/&amp;ct=ga&amp;cd=CAEYAyoUMTMxNDE0MzA4ODI4MTE4NDI3MzAyGWUxZTc3ZDE1NjA5OGE4ZTM6ZXM6ZXM6RVM&amp;usg=AOvVaw1q11z3K_TxlbKaG-rVza7F\" target=\"_blank\" rel=\"noopener\" data-saferedirecturl=\"https:\/\/www.google.com\/url?q=https:\/\/www.google.com\/url?rct%3Dj%26sa%3Dt%26url%3Dhttps:\/\/www.donostitik.com\/a-punto-el-vi-encuentro-de-pensamiento-feminista-de-madejas-contra-la-violencia-sexista\/%26ct%3Dga%26cd%3DCAEYAyoUMTMxNDE0MzA4ODI4MTE4NDI3MzAyGWUxZTc3ZDE1NjA5OGE4ZTM6ZXM6ZXM6RVM%26usg%3DAOvVaw1q11z3K_TxlbKaG-rVza7F&amp;source=gmail&amp;ust=1697641267613000&amp;usg=AOvVaw1xQwATsVR2Xsd8RQYBo2B0\">A punto el VI Encuentro de Pensamiento Feminista de Madejas contra la\u00a0violencia sexista-\u00a0<\/a><a>Donostitik<br \/>\n<\/a><a href=\"https:\/\/www.google.com\/url?rct=j&amp;sa=t&amp;url=https:\/\/www.elespanol.com\/castilla-y-leon\/sociedad\/20231017\/mujer-joven-hijos-cargo-entorno-rural-perfil-pobreza-castilla-leon\/796420801_0.html&amp;ct=ga&amp;cd=CAEYDSoTODA0MzIwNDI4MDU2NjQ5NzA1MjIZYzAzNzJlYmMyZmVhZGE1OTplczplczpFUw&amp;usg=AOvVaw0nJJmHB45ykJFw91dpBf0_\" target=\"_blank\" rel=\"noopener\" data-saferedirecturl=\"https:\/\/www.google.com\/url?q=https:\/\/www.google.com\/url?rct%3Dj%26sa%3Dt%26url%3Dhttps:\/\/www.elespanol.com\/castilla-y-leon\/sociedad\/20231017\/mujer-joven-hijos-cargo-entorno-rural-perfil-pobreza-castilla-leon\/796420801_0.html%26ct%3Dga%26cd%3DCAEYDSoTODA0MzIwNDI4MDU2NjQ5NzA1MjIZYzAzNzJlYmMyZmVhZGE1OTplczplczpFUw%26usg%3DAOvVaw0nJJmHB45ykJFw91dpBf0_&amp;source=gmail&amp;ust=1697641295921000&amp;usg=AOvVaw2C-UxMcbHH9UCFK65SbjlL\">Mujer joven, con hijos a cargo y en el entorno rural: perfil de la pobreza en Castilla y Le\u00f3n-\u00a0<\/a><a>El Espa\u00f1ol<br \/>\n<\/a><a href=\"https:\/\/www.google.com\/url?rct=j&amp;sa=t&amp;url=https:\/\/digitalextremadura.com\/guardiola-respalda-la-labor-fundamental-de-las-mujeres-rurales-y-anuncia-el-pago-de-los-anticipos-de-la-pac\/&amp;ct=ga&amp;cd=CAEYDSoTNTI5ODIxODE0MjM2Njk0MjI5NTIZYzAzNzJlYmMyZmVhZGE1OTplczplczpFUw&amp;usg=AOvVaw0DovciIjhD1uP5QmV8dcAg\" target=\"_blank\" rel=\"noopener\" data-saferedirecturl=\"https:\/\/www.google.com\/url?hl=es&amp;q=https:\/\/www.google.com\/url?rct%3Dj%26sa%3Dt%26url%3Dhttps:\/\/digitalextremadura.com\/guardiola-respalda-la-labor-fundamental-de-las-mujeres-rurales-y-anuncia-el-pago-de-los-anticipos-de-la-pac\/%26ct%3Dga%26cd%3DCAEYDSoTNTI5ODIxODE0MjM2Njk0MjI5NTIZYzAzNzJlYmMyZmVhZGE1OTplczplczpFUw%26usg%3DAOvVaw0DovciIjhD1uP5QmV8dcAg&amp;source=gmail&amp;ust=1697648294989000&amp;usg=AOvVaw0YAp0EvJgEv55tP8TqUxUl\">Guardiola respalda la labor \u00abfundamental\u00bb de las\u00a0mujeres rurales y anuncia el pago de los &#8230;-\u00a0<\/a><a>Digital Extremadura<br \/>\n<\/a><a href=\"https:\/\/www.google.com\/url?rct=j&amp;sa=t&amp;url=https:\/\/www.diarimes.com\/es\/noticias\/tarragona\/2023\/10\/15\/el_institut_catala_les_dones_reivindica_papel_mujer_rural_del_camp_tarragona_145317_1091.html&amp;ct=ga&amp;cd=CAEYASoUMTQ4Njc5NTA5NDMwMDI2MDIxMjIyGWMwMzcyZWJjMmZlYWRhNTk6ZXM6ZXM6RVM&amp;usg=AOvVaw1RuQ_CyWUqfDErAcFS-ccc\" target=\"_blank\" rel=\"noopener\" data-saferedirecturl=\"https:\/\/www.google.com\/url?q=https:\/\/www.google.com\/url?rct%3Dj%26sa%3Dt%26url%3Dhttps:\/\/www.diarimes.com\/es\/noticias\/tarragona\/2023\/10\/15\/el_institut_catala_les_dones_reivindica_papel_mujer_rural_del_camp_tarragona_145317_1091.html%26ct%3Dga%26cd%3DCAEYASoUMTQ4Njc5NTA5NDMwMDI2MDIxMjIyGWMwMzcyZWJjMmZlYWRhNTk6ZXM6ZXM6RVM%26usg%3DAOvVaw1RuQ_CyWUqfDErAcFS-ccc&amp;source=gmail&amp;ust=1697641295658000&amp;usg=AOvVaw1dhdLlpjnVG5xd4yxEyudS\">El Institut Catal\u00e0 de les Dones reivindica el papel de la\u00a0mujer rural del Camp de Tarragona-\u00a0<\/a><a>Diari M\u00e9s<br \/>\n<\/a><a class=\"title\" href=\"https:\/\/www.bolsamania.com\/noticias\/economia\/economia-la-xunta-financiara-con-7500-euros-cada-contrato-indefinido-a-una-mujer-en-sectores-masculinizados-desde-2024--14986044.html\" target=\"_blank\" rel=\"noopener\" data-artpy=\"0\" data-author=\"Capitalbolsa\">La Xunta financiar\u00e1 con 7.500 euros cada contrato indefinido a una mujer en sectores masculinizados desde 2024-\u00a0<\/a><a>bolsamania<br \/>\n<\/a><a class=\"title\" href=\"https:\/\/www.lavanguardia.com\/economia\/20231017\/9304897\/catalunya-comunidad-mas-startups-fundadas-mujeres.html\" target=\"_blank\" rel=\"noopener\" data-artpy=\"0\" data-author=\"La Vanguardia\">Catalunya es la comunidad con m\u00e1s startups fundadas solo por mujeres<\/a>-lavanguardia<a><br \/>\n<\/a><\/p>\n<p><strong>Econom\u00eda y Empresa<br \/>\n<\/strong><a href=\"https:\/\/www.google.com\/url?rct=j&amp;sa=t&amp;url=https:\/\/www.cope.es\/emisoras\/aragon\/zaragoza-provincia\/zaragoza\/noticias\/fademur-necesario-empoderar-las-mujeres-rurales-ayudarlas-sus-proyectos-agroganaderos-20231016_2949538&amp;ct=ga&amp;cd=CAEYCCoTNTI5ODIxODE0MjM2Njk0MjI5NTIZYzAzNzJlYmMyZmVhZGE1OTplczplczpFUw&amp;usg=AOvVaw0rltx6pgShbzv2M2Re0p4z\" target=\"_blank\" rel=\"noopener\" data-saferedirecturl=\"https:\/\/www.google.com\/url?hl=es&amp;q=https:\/\/www.google.com\/url?rct%3Dj%26sa%3Dt%26url%3Dhttps:\/\/www.cope.es\/emisoras\/aragon\/zaragoza-provincia\/zaragoza\/noticias\/fademur-necesario-empoderar-las-mujeres-rurales-ayudarlas-sus-proyectos-agroganaderos-20231016_2949538%26ct%3Dga%26cd%3DCAEYCCoTNTI5ODIxODE0MjM2Njk0MjI5NTIZYzAzNzJlYmMyZmVhZGE1OTplczplczpFUw%26usg%3DAOvVaw0rltx6pgShbzv2M2Re0p4z&amp;source=gmail&amp;ust=1697648294987000&amp;usg=AOvVaw2sOMCjIFAxHxUdxnAuguxp\">FADEMUR: \u00abEs necesario empoderar a las mujeres y ayudarlas en sus proyectos agroganaderos\u00bb-\u00a0<\/a><a>COPE<br \/>\n<\/a><a href=\"https:\/\/www.google.com\/url?rct=j&amp;sa=t&amp;url=https:\/\/rtvc.es\/mujeres-presentan-mas-obstaculos-con-tareas-laborales\/&amp;ct=ga&amp;cd=CAEYACoUMTUzNDUzODI0Nzk5Njg3MTQxOTMyGWMwMzcyZWJjMmZlYWRhNTk6ZXM6ZXM6RVM&amp;usg=AOvVaw2twYDHIyyRC9GiJO3TvvDG\" target=\"_blank\" rel=\"noopener\" data-saferedirecturl=\"https:\/\/www.google.com\/url?q=https:\/\/www.google.com\/url?rct%3Dj%26sa%3Dt%26url%3Dhttps:\/\/rtvc.es\/mujeres-presentan-mas-obstaculos-con-tareas-laborales\/%26ct%3Dga%26cd%3DCAEYACoUMTUzNDUzODI0Nzk5Njg3MTQxOTMyGWMwMzcyZWJjMmZlYWRhNTk6ZXM6ZXM6RVM%26usg%3DAOvVaw2twYDHIyyRC9GiJO3TvvDG&amp;source=gmail&amp;ust=1697641295691000&amp;usg=AOvVaw3Gm2PkXGbDqyTdCiIsN0Jc\">Las\u00a0mujeres inform\u00e1ticas presentan m\u00e1s obst\u00e1culos con las tareas laborales &#8211;\u00a0<\/a><a>Radio Televisi\u00f3n Canaria<br \/>\n<\/a><a href=\"https:\/\/www.google.com\/url?rct=j&amp;sa=t&amp;url=https:\/\/www.antena3.com\/noticias\/economia\/mujeres-rurales-siempre-hemos-sido-ganaderas-agricultoras-pero-eramos-invisibles_20231015652c1b1490d39d0001fa9c66.html&amp;ct=ga&amp;cd=CAEYAyoUMTMxNzAyNzAyNTgxMzUxNDUwMzMyGWMwMzcyZWJjMmZlYWRhNTk6ZXM6ZXM6RVM&amp;usg=AOvVaw0MqeDiQ8OkBhYNQcF7oJ2P\" target=\"_blank\" rel=\"noopener\" data-saferedirecturl=\"https:\/\/www.google.com\/url?q=https:\/\/www.google.com\/url?rct%3Dj%26sa%3Dt%26url%3Dhttps:\/\/www.antena3.com\/noticias\/economia\/mujeres-rurales-siempre-hemos-sido-ganaderas-agricultoras-pero-eramos-invisibles_20231015652c1b1490d39d0001fa9c66.html%26ct%3Dga%26cd%3DCAEYAyoUMTMxNzAyNzAyNTgxMzUxNDUwMzMyGWMwMzcyZWJjMmZlYWRhNTk6ZXM6ZXM6RVM%26usg%3DAOvVaw0MqeDiQ8OkBhYNQcF7oJ2P&amp;source=gmail&amp;ust=1697641295681000&amp;usg=AOvVaw3G4VspywVdVSvtKxS3nn2A\">Mujeres rurales: \u00abSiempre hemos sido ganaderas y agricultoras, pero \u00e9ramos invisibles\u00bb-\u00a0<\/a><a>Antena 3<br \/>\n<\/a><a class=\"title\" href=\"https:\/\/www.bolsamania.com\/noticias\/mercados\/economiafinanzas--women-in-banking-se-constituye-como-asociacion-para-seguir-dando-visibilidad-al-talento-femenino--14989426.html\" target=\"_blank\" rel=\"noopener\" data-artpy=\"0\" data-author=\"Capitalbolsa\">Women in Banking se constituye como asociaci\u00f3n para seguir dando visibilidad al talento femenino-\u00a0<\/a><a>bolsamania<\/a><\/p>\n<p><strong>Actualidad<\/strong><a><br \/>\n<\/a><a href=\"https:\/\/www.google.com\/url?rct=j&amp;sa=t&amp;url=https:\/\/www.europapress.es\/euskadi\/noticia-activista-senegalesa-seynabou-male-cisse-premio-ignacio-ellacuria-cooperacion-desarrollo-2023-20231013181027.html&amp;ct=ga&amp;cd=CAEYASoTNzM0MzM4MzkwNTkwNDEwODI5MTIZZDcxNzUwMTgzYzVmYzQ2YTplczplczpFUw&amp;usg=AOvVaw3U6ml0Af5amyVslQk-qDZ0\" target=\"_blank\" rel=\"noopener\" data-saferedirecturl=\"https:\/\/www.google.com\/url?q=https:\/\/www.google.com\/url?rct%3Dj%26sa%3Dt%26url%3Dhttps:\/\/www.europapress.es\/euskadi\/noticia-activista-senegalesa-seynabou-male-cisse-premio-ignacio-ellacuria-cooperacion-desarrollo-2023-20231013181027.html%26ct%3Dga%26cd%3DCAEYASoTNzM0MzM4MzkwNTkwNDEwODI5MTIZZDcxNzUwMTgzYzVmYzQ2YTplczplczpFUw%26usg%3DAOvVaw3U6ml0Af5amyVslQk-qDZ0&amp;source=gmail&amp;ust=1697641907311000&amp;usg=AOvVaw1cKhjBU96TQAY2MVAkmcNF\">La activista senegalesa Seynabou Male Ciss\u00e9, Premio Ignacio Ellacur\u00eda de\u00a0cooperaci\u00f3n &#8230;-\u00a0<\/a><a>Europa Press<br \/>\n<\/a><a href=\"https:\/\/www.google.com\/url?rct=j&amp;sa=t&amp;url=https:\/\/www.eldiario.es\/cantabria\/primera-pagina\/envejecer-mujer-medio-rural-resistencia-resiliencia-protagonismo-social_132_10598691.html&amp;ct=ga&amp;cd=CAEYACoTMzI1ODMxMzE5NjY1OTA0NjI4ODIbZTBmNTg2ODk3YjVmNzgzZTplczplczpFUzpM&amp;usg=AOvVaw0BtKLjKxdhSbh_yvqT_K7Q\" target=\"_blank\" rel=\"noopener\" data-saferedirecturl=\"https:\/\/www.google.com\/url?q=https:\/\/www.google.com\/url?rct%3Dj%26sa%3Dt%26url%3Dhttps:\/\/www.eldiario.es\/cantabria\/primera-pagina\/envejecer-mujer-medio-rural-resistencia-resiliencia-protagonismo-social_132_10598691.html%26ct%3Dga%26cd%3DCAEYACoTMzI1ODMxMzE5NjY1OTA0NjI4ODIbZTBmNTg2ODk3YjVmNzgzZTplczplczpFUzpM%26usg%3DAOvVaw0BtKLjKxdhSbh_yvqT_K7Q&amp;source=gmail&amp;ust=1697641293621000&amp;usg=AOvVaw0jybUfBZfIIB0DuHZewNxq\">Envejecer siendo mujer\u00a0en el medio rural: resistencia, resiliencia y protagonismo\u00a0social-<\/a><a>El Diario<br \/>\n<\/a><a href=\"https:\/\/www.google.com\/url?rct=j&amp;sa=t&amp;url=https:\/\/www.telefonica.com\/es\/sala-comunicacion\/blog\/menopausetech-innovacion-tecnologica-bienestar-femenino\/&amp;ct=ga&amp;cd=CAEYACoUMTEwMzE0NjUyODA3NDc1ODg5NTAyGWUxZTc3ZDE1NjA5OGE4ZTM6ZXM6ZXM6RVM&amp;usg=AOvVaw3gdJrU_u0jYeC6D3XyNPNb\" target=\"_blank\" rel=\"noopener\" data-saferedirecturl=\"https:\/\/www.google.com\/url?q=https:\/\/www.google.com\/url?rct%3Dj%26sa%3Dt%26url%3Dhttps:\/\/www.telefonica.com\/es\/sala-comunicacion\/blog\/menopausetech-innovacion-tecnologica-bienestar-femenino\/%26ct%3Dga%26cd%3DCAEYACoUMTEwMzE0NjUyODA3NDc1ODg5NTAyGWUxZTc3ZDE1NjA5OGE4ZTM6ZXM6ZXM6RVM%26usg%3DAOvVaw3gdJrU_u0jYeC6D3XyNPNb&amp;source=gmail&amp;ust=1697644073319000&amp;usg=AOvVaw3-9IFh85dTr_FZvFRnnhin\">MenopauseTech: innovaci\u00f3n\u00a0tecnol\u00f3gica para el bienestar femenino-\u00a0<\/a><a>Telef\u00f3nica<\/a><\/p>\n<p><strong>Violencia<br \/>\n<\/strong><a href=\"https:\/\/www.google.com\/url?rct=j&amp;sa=t&amp;url=https:\/\/www.enfemenino.com\/feminismo-derechos-igualdad\/el-33-de-las-mujeres-rurales-victimas-de-violencia-de-genero-s4073073.html&amp;ct=ga&amp;cd=CAEYBCoSNTYxNzU4NTg3OTQ0MDM0NjM3MhllMmRlZmE3ZDVkYTkxNTdkOmVzOmVzOkVT&amp;usg=AOvVaw0m5AszHjKsYMKXXEg4Z3KE\" target=\"_blank\" rel=\"noopener\" data-saferedirecturl=\"https:\/\/www.google.com\/url?q=https:\/\/www.google.com\/url?rct%3Dj%26sa%3Dt%26url%3Dhttps:\/\/www.enfemenino.com\/feminismo-derechos-igualdad\/el-33-de-las-mujeres-rurales-victimas-de-violencia-de-genero-s4073073.html%26ct%3Dga%26cd%3DCAEYBCoSNTYxNzU4NTg3OTQ0MDM0NjM3MhllMmRlZmE3ZDVkYTkxNTdkOmVzOmVzOkVT%26usg%3DAOvVaw0m5AszHjKsYMKXXEg4Z3KE&amp;source=gmail&amp;ust=1697643497714000&amp;usg=AOvVaw3zQUSKGbwF6DvO_NleMmWX\">El 33% de las mujeres rurales v\u00edctimas de\u00a0violencia de g\u00e9nero &#8211;\u00a0<\/a><a>Enfemenino<br \/>\n<\/a><a href=\"https:\/\/www.google.com\/url?rct=j&amp;sa=t&amp;url=https:\/\/objetivocastillalamancha.es\/contenidos\/uclm-acoge-toledo-nueva-jornada-sensibilizacion-prostitucion-trata&amp;ct=ga&amp;cd=CAEYACoTNTc0NzU1MDE1OTUzMTA2NDY5ODIZYzAzNzJlYmMyZmVhZGE1OTplczplczpFUw&amp;usg=AOvVaw14WyQPVnp5ZwaPP2cJ6V6Q\" target=\"_blank\" rel=\"noopener\" data-saferedirecturl=\"https:\/\/www.google.com\/url?q=https:\/\/www.google.com\/url?rct%3Dj%26sa%3Dt%26url%3Dhttps:\/\/objetivocastillalamancha.es\/contenidos\/uclm-acoge-toledo-nueva-jornada-sensibilizacion-prostitucion-trata%26ct%3Dga%26cd%3DCAEYACoTNTc0NzU1MDE1OTUzMTA2NDY5ODIZYzAzNzJlYmMyZmVhZGE1OTplczplczpFUw%26usg%3DAOvVaw14WyQPVnp5ZwaPP2cJ6V6Q&amp;source=gmail&amp;ust=1697646779509000&amp;usg=AOvVaw15rwme6yPJh8aevfstht9U\">La UCLM acoge en Toledo una nueva jornada de sensibilizaci\u00f3n contra la prostituci\u00f3n y la trata-\u00a0<\/a><a>Objetivo Castilla-La Mancha<br \/>\n<\/a><a href=\"https:\/\/www.google.com\/url?rct=j&amp;sa=t&amp;url=https:\/\/iefs.es\/el-cge-recomienda-a-las-enfermeras-que-denuncian-cualquier-tipo-de-acoso-sexual\/&amp;ct=ga&amp;cd=CAEYACoUMTgwNjMyNjYyMDUyMjUzOTc5OTEyGWMwMzcyZWJjMmZlYWRhNTk6ZXM6ZXM6RVM&amp;usg=AOvVaw26tnRDzZc-4aeD3AbiYP23\" target=\"_blank\" rel=\"noopener\" data-saferedirecturl=\"https:\/\/www.google.com\/url?q=https:\/\/www.google.com\/url?rct%3Dj%26sa%3Dt%26url%3Dhttps:\/\/iefs.es\/el-cge-recomienda-a-las-enfermeras-que-denuncian-cualquier-tipo-de-acoso-sexual\/%26ct%3Dga%26cd%3DCAEYACoUMTgwNjMyNjYyMDUyMjUzOTc5OTEyGWMwMzcyZWJjMmZlYWRhNTk6ZXM6ZXM6RVM%26usg%3DAOvVaw26tnRDzZc-4aeD3AbiYP23&amp;source=gmail&amp;ust=1697641295818000&amp;usg=AOvVaw28CWxaTKaxZXoICG33MgR3\">El CGE recomienda a las enfermeras que denuncien cualquier tipo de acoso sexual o &#8230; &#8211;\u00a0<\/a><a>IEFS<\/a><\/p>\n<p><strong>Ciencia y Cultura<br \/>\n<\/strong><a class=\"title\" href=\"https:\/\/www.diariosigloxxi.com\/texto-ep\/mostrar\/20231017115927\/margarita-val-astronauta-sara-garcia-unicas-mujeres-top-10-lideres-elegidos-trabajadores-espanoles\" target=\"_blank\" rel=\"noopener\" data-artpy=\"0\" data-author=\"Diario Siglo XXI\">Margarita del Val y la astronauta Sara Garc\u00eda, \u00fanicas mujeres del top 10 de l\u00edderes elegidos por trabajadores espa\u00f1oles-<\/a>diariosigloxxi<strong><br \/>\n<\/strong><a href=\"https:\/\/www.google.com\/url?rct=j&amp;sa=t&amp;url=https:\/\/www.elperiodicodearagon.com\/aragon\/2023\/10\/16\/aragon-catedratica-genetica-uz-inmaculada-martin-93410732.html&amp;ct=ga&amp;cd=CAEYACoTMjAzNzIxNjIxMjc4MTg5NTYyMTIZYzAzNzJlYmMyZmVhZGE1OTplczplczpFUw&amp;usg=AOvVaw0_QmiNuYSnR1rx360V1pv1\" target=\"_blank\" rel=\"noopener\" data-saferedirecturl=\"https:\/\/www.google.com\/url?q=https:\/\/www.google.com\/url?rct%3Dj%26sa%3Dt%26url%3Dhttps:\/\/www.elperiodicodearagon.com\/aragon\/2023\/10\/16\/aragon-catedratica-genetica-uz-inmaculada-martin-93410732.html%26ct%3Dga%26cd%3DCAEYACoTMjAzNzIxNjIxMjc4MTg5NTYyMTIZYzAzNzJlYmMyZmVhZGE1OTplczplczpFUw%26usg%3DAOvVaw0_QmiNuYSnR1rx360V1pv1&amp;source=gmail&amp;ust=1697641295810000&amp;usg=AOvVaw2znBOvXGF1dWYVYTwVfrFr\">La catedr\u00e1tica de Gen\u00e9tica, Inmaculada Mart\u00edn Burriel, nueva directora del Instituto Agroalimentario de Arag\u00f3n-\u00a0<\/a><a>El Peri\u00f3dico de Arag\u00f3n<br \/>\n<\/a><a class=\"title\" href=\"https:\/\/www.antena3.com\/noticias\/cultura\/hijas-criada-sonsoles-onega-ganadora-premio-planeta-2023_20231015652c5934e0d76200019105cd.html\" target=\"_blank\" rel=\"noopener\" data-artpy=\"0\" data-author=\"Antena 3\">Sonsoles \u00d3nega gana el Premio Planeta 2023 por su novela &#8216;Las hijas de la criada&#8217;<\/a>-antena3<a><br \/>\n<\/a><a class=\"title\" href=\"https:\/\/www.infobae.com\/espana\/agencias\/2023\/10\/17\/el-espectaculo-woman-un-homenaje-a-la-mujer-a-traves-de-las-artes-escenicas\/\" target=\"_blank\" rel=\"noopener\" data-artpy=\"0\" data-author=\"Infobae\">El espect\u00e1culo \u00abWoman\u00bb, un homenaje a la mujer a trav\u00e9s de las artes esc\u00e9nicas<\/a>-infobae<br \/>\n<a class=\"title\" href=\"https:\/\/www.diariodelaltoaragon.es\/noticias\/cultura\/2023\/10\/17\/sara-soler-reivindica-a-la-mujer-en-el-cartel-del-salon-del-comic-de-zaragoza-1684682-daa.html\" target=\"_blank\" rel=\"noopener\" data-artpy=\"0\" data-author=\"Diaro del Alto Arag\u00f3n\">Sara Soler reivindica a la mujer en el cartel del Sal\u00f3n del C\u00f3mic de Zaragoza<\/a>-diarioaltoaragon<br \/>\n<a class=\"title\" href=\"https:\/\/www.vanidades.com\/entretenimiento\/de-virginia-woolf-a-almudena-grandes-estas-y-otras-escritoras-mujeres-que-han-dedicado-su-vida-a-contar-historias-en-papel\" target=\"_blank\" rel=\"noopener\" data-artpy=\"0\" data-author=\"vanidades\">De Virginia Woolf a Almudena Grandes: estas y otras escritoras mujeres que han dedicado su vida a contar historias en papel<\/a>-vanidades<a><br \/>\n<\/a><\/p>\n<p><strong>Deporte<\/strong><br \/>\n<a class=\"title\" href=\"https:\/\/www.laprovincia.es\/deportes\/2023\/10\/16\/aitana-bonmati-premio-woman-sport-93416114.html\" target=\"_blank\" rel=\"noopener\" data-artpy=\"0\" data-author=\"La provincia\">Aitana Bonmat\u00ed, Premio Woman Sport 2023<\/a>-laprovincia<a><br \/>\n<\/a><\/p>\n<\/div>\n<\/div>\n<div id=\"\" class=\"lsow-panel lsow-active\">\n<h1 class=\"lsow-panel-title\">Internacional<\/h1>\n<div class=\"lsow-panel-content\">\n<p><a href=\"https:\/\/www.google.com\/url?rct=j&amp;sa=t&amp;url=https:\/\/www.laregion.es\/articulo\/mundo\/dia-mujer-rural-brecha-genero-mundo-rural-urbano-llega-tambien-agenda-europea\/202310152108471249810.html&amp;ct=ga&amp;cd=CAEYBSoUMTM3Mzk1NzIwNzQ4MTAyMjk3NjAyGWMwMzcyZWJjMmZlYWRhNTk6ZXM6ZXM6RVM&amp;usg=AOvVaw2f8WkHLa7VejhyWjZA7G-U\" target=\"_blank\" rel=\"noopener\" data-saferedirecturl=\"https:\/\/www.google.com\/url?q=https:\/\/www.google.com\/url?rct%3Dj%26sa%3Dt%26url%3Dhttps:\/\/www.laregion.es\/articulo\/mundo\/dia-mujer-rural-brecha-genero-mundo-rural-urbano-llega-tambien-agenda-europea\/202310152108471249810.html%26ct%3Dga%26cd%3DCAEYBSoUMTM3Mzk1NzIwNzQ4MTAyMjk3NjAyGWMwMzcyZWJjMmZlYWRhNTk6ZXM6ZXM6RVM%26usg%3DAOvVaw2f8WkHLa7VejhyWjZA7G-U&amp;source=gmail&amp;ust=1697641295713000&amp;usg=AOvVaw2_pvRWLcKdaL5HNRD-L-uc\">D\u00eda de la\u00a0mujer rural: La brecha de g\u00e9nero entre el mundo rural y urbano en la agenda europea-\u00a0<\/a><a>La Regi\u00f3n<br \/>\n<\/a><a class=\"title\" href=\"https:\/\/www.sbs.com.au\/language\/spanish\/es\/podcast-episode\/nobel-reconoce-la-importancia-del-rol-de-la-mujer-en-el-trabajo-y\/670yf0ywh\" target=\"_blank\" rel=\"noopener\" data-artpy=\"0\" data-author=\"SBS\">Por qu\u00e9 debemos reducir la brecha salarial de g\u00e9nero y reconocer la importancia de la fuerza laboral femenina<\/a>-sbs<br \/>\n<a class=\"title\" href=\"https:\/\/www.msn.com\/es-cl\/noticias\/other\/ministerio-de-la-mujer-entrega-becas-del-100-para-educaci%C3%B3n-t%C3%A9cnico-profesional-c%C3%B3mo-y-qui%C3%A9nes-pueden-postular\/ar-AA1ijkk3\" target=\"_blank\" rel=\"noopener\" data-artpy=\"0\" data-author=\"ADN on MSN\">Ministerio de la Mujer entrega becas del 100% para educaci\u00f3n t\u00e9cnico profesional: \u00bfc\u00f3mo y qui\u00e9nes pueden postular?<\/a>-adn<br \/>\n<a class=\"title\" href=\"https:\/\/www.msn.com\/es-es\/entretenimiento\/famosos\/meryl-streep-llega-a-oviedo-para-recibir-el-premio-princesa-de-asturias-de-las-artes-2023\/ar-AA1imXAw\" target=\"_blank\" rel=\"noopener\" data-artpy=\"0\" data-author=\"Los40.com on MSN\">Meryl Streep llega a Oviedo para recibir el premio Princesa de Asturias de las Artes 2023<\/a>-msn<br \/>\n<a class=\"title\" href=\"https:\/\/www.relevo.com\/futbol\/presidenta-federacion-noruega-espana-aprovechar-20231016023828-nt.html\" target=\"_blank\" rel=\"noopener\" data-artpy=\"0\" data-author=\"relevo\">Lisa Klaveness, Presidenta de la Federaci\u00f3n Noruega de Futbol, una de las mujeres m\u00e1s influyentes del f\u00fatbol mundial: \u00abTodo no puede achacarse a Rubiales, esto son 50 a\u00f1os de historia\u00bb<\/a>-relevo<br \/>\n<a class=\"title\" href=\"https:\/\/www.rtve.es\/deportes\/20231017\/lacrosse-sixes-nuevo-deporte-olimpico-juegos-losangeles-2028\/2458534.shtml\" target=\"_blank\" rel=\"noopener\" data-artpy=\"0\" data-author=\"RTVE\">As\u00ed es el lacrosse, el deporte ind\u00edgena norteamericano que vuelve a unos Juegos Ol\u00edmpicos<\/a>-rtve<\/p>\n<\/div>\n<\/div>\n<\/div><\/div><\/div><\/div><\/div>\n","protected":false},"excerpt":{"rendered":"<p>D\u00eda de la mujer rural: La brecha de g\u00e9nero entre el mundo rural y urbano en la agenda europea * Margarita del Val y Sara Garc\u00eda, \u00fanicas mujeres del top 10 de l\u00edderes elegidos por trabajadores espa\u00f1oles * Sonsoles \u00d3nega, Premio Planeta 2023 por \u2018Las hijas de la criada\u2019 *  Seynabou Male Ciss\u00e9, Premio Ignacio Ellacur\u00eda de cooperaci\u00f3n para el desarrollo 2023<\/p>\n","protected":false},"author":3,"featured_media":22909,"comment_status":"closed","ping_status":"closed","sticky":false,"template":"","format":"standard","meta":{"footnotes":""},"categories":[298,621],"tags":[211,272,280],"class_list":["post-20502","post","type-post","status-publish","format-standard","has-post-thumbnail","hentry","category-newsletter","category-nwl-3-0","tag-brecha-de-genero","tag-cooperacion-feminista","tag-mujeres-rurales"],"yoast_head":"<!-- This site is optimized with the Yoast SEO plugin v27.5 - https:\/\/yoast.com\/product\/yoast-seo-wordpress\/ -->\n<title>Noticias Info CKL n\u00ba 2826-17\/10\/23-Comunicar con perspectiva de g\u00e9nero<\/title>\n<meta name=\"description\" content=\"Noticias Info CKL n\u00ba 2826-17\/10\/23 D\u00eda de la mujer rural: La brecha de g\u00e9nero entre el mundo rural y urbano en la agenda europea * Margarita del Val y Sara Garc\u00eda, \u00fanicas mujeres del top 10 de l\u00edderes elegidos por trabajadores espa\u00f1oles * Sonsoles \u00d3nega, Premio Planeta 2023 por \u2018Las hijas de la criada\u2019 * Seynabou Male Ciss\u00e9, Premio Ignacio Ellacur\u00eda de cooperaci\u00f3n para el desarrollo 2023\" \/>\n<meta name=\"robots\" content=\"index, follow, max-snippet:-1, max-image-preview:large, max-video-preview:-1\" \/>\n<link rel=\"canonical\" href=\"https:\/\/cklcomunicaciones.es\/coop\/noticias-info-ckl-no-2826-17-10-23\/\" \/>\n<meta property=\"og:locale\" content=\"es_ES\" \/>\n<meta property=\"og:type\" content=\"article\" \/>\n<meta property=\"og:title\" content=\"Noticias Info CKL n\u00ba 2826-17\/10\/23-Comunicar con perspectiva de g\u00e9nero\" \/>\n<meta property=\"og:description\" content=\"Noticias Info CKL n\u00ba 2826-17\/10\/23 D\u00eda de la mujer rural: La brecha de g\u00e9nero entre el mundo rural y urbano en la agenda europea * Margarita del Val y Sara Garc\u00eda, \u00fanicas mujeres del top 10 de l\u00edderes elegidos por trabajadores espa\u00f1oles * Sonsoles \u00d3nega, Premio Planeta 2023 por \u2018Las hijas de la criada\u2019 * Seynabou Male Ciss\u00e9, Premio Ignacio Ellacur\u00eda de cooperaci\u00f3n para el desarrollo 2023\" \/>\n<meta property=\"og:url\" content=\"https:\/\/cklcomunicaciones.es\/coop\/noticias-info-ckl-no-2826-17-10-23\/\" \/>\n<meta property=\"og:site_name\" content=\"CKL Comunicaciones\" \/>\n<meta property=\"article:published_time\" content=\"2023-10-17T18:03:52+00:00\" \/>\n<meta property=\"article:modified_time\" content=\"2025-02-08T07:19:55+00:00\" \/>\n<meta property=\"og:image\" content=\"https:\/\/cklcomunicaciones.es\/coop\/wp-content\/uploads\/2025\/01\/CKL-una-mirada-distinta-de-la-comunicacion.jpg\" \/>\n\t<meta property=\"og:image:width\" content=\"1482\" \/>\n\t<meta property=\"og:image:height\" content=\"775\" \/>\n\t<meta property=\"og:image:type\" content=\"image\/jpeg\" \/>\n<meta name=\"author\" content=\"ckl\" \/>\n<meta name=\"twitter:card\" content=\"summary_large_image\" \/>\n<meta name=\"twitter:label1\" content=\"Escrito por\" \/>\n\t<meta name=\"twitter:data1\" content=\"ckl\" \/>\n\t<meta name=\"twitter:label2\" content=\"Tiempo de lectura\" \/>\n\t<meta name=\"twitter:data2\" content=\"5 minutos\" \/>\n<script type=\"application\/ld+json\" class=\"yoast-schema-graph\">{\"@context\":\"https:\\\/\\\/schema.org\",\"@graph\":[{\"@type\":\"Article\",\"@id\":\"https:\\\/\\\/cklcomunicaciones.es\\\/coop\\\/noticias-info-ckl-no-2826-17-10-23\\\/#article\",\"isPartOf\":{\"@id\":\"https:\\\/\\\/cklcomunicaciones.es\\\/coop\\\/noticias-info-ckl-no-2826-17-10-23\\\/\"},\"author\":{\"name\":\"ckl\",\"@id\":\"https:\\\/\\\/cklcomunicaciones.es\\\/coop\\\/#\\\/schema\\\/person\\\/929a6837f7626450bbb50cee1aef266e\"},\"headline\":\"Noticias Info CKL n\u00ba 2826-17\\\/10\\\/23\",\"datePublished\":\"2023-10-17T18:03:52+00:00\",\"dateModified\":\"2025-02-08T07:19:55+00:00\",\"mainEntityOfPage\":{\"@id\":\"https:\\\/\\\/cklcomunicaciones.es\\\/coop\\\/noticias-info-ckl-no-2826-17-10-23\\\/\"},\"wordCount\":1297,\"image\":{\"@id\":\"https:\\\/\\\/cklcomunicaciones.es\\\/coop\\\/noticias-info-ckl-no-2826-17-10-23\\\/#primaryimage\"},\"thumbnailUrl\":\"https:\\\/\\\/cklcomunicaciones.es\\\/coop\\\/wp-content\\\/uploads\\\/2025\\\/01\\\/CKL-una-mirada-distinta-de-la-comunicacion.jpg\",\"keywords\":[\"brecha de g\u00e9nero\",\"cooperaci\u00f3n feminista\",\"mujeres rurales\"],\"articleSection\":[\"Newsletter\",\"Nwl v3.0\"],\"inLanguage\":\"es\"},{\"@type\":\"WebPage\",\"@id\":\"https:\\\/\\\/cklcomunicaciones.es\\\/coop\\\/noticias-info-ckl-no-2826-17-10-23\\\/\",\"url\":\"https:\\\/\\\/cklcomunicaciones.es\\\/coop\\\/noticias-info-ckl-no-2826-17-10-23\\\/\",\"name\":\"Noticias Info CKL n\u00ba 2826-17\\\/10\\\/23-Comunicar con perspectiva de g\u00e9nero\",\"isPartOf\":{\"@id\":\"https:\\\/\\\/cklcomunicaciones.es\\\/coop\\\/#website\"},\"primaryImageOfPage\":{\"@id\":\"https:\\\/\\\/cklcomunicaciones.es\\\/coop\\\/noticias-info-ckl-no-2826-17-10-23\\\/#primaryimage\"},\"image\":{\"@id\":\"https:\\\/\\\/cklcomunicaciones.es\\\/coop\\\/noticias-info-ckl-no-2826-17-10-23\\\/#primaryimage\"},\"thumbnailUrl\":\"https:\\\/\\\/cklcomunicaciones.es\\\/coop\\\/wp-content\\\/uploads\\\/2025\\\/01\\\/CKL-una-mirada-distinta-de-la-comunicacion.jpg\",\"datePublished\":\"2023-10-17T18:03:52+00:00\",\"dateModified\":\"2025-02-08T07:19:55+00:00\",\"author\":{\"@id\":\"https:\\\/\\\/cklcomunicaciones.es\\\/coop\\\/#\\\/schema\\\/person\\\/929a6837f7626450bbb50cee1aef266e\"},\"description\":\"Noticias Info CKL n\u00ba 2826-17\\\/10\\\/23 D\u00eda de la mujer rural: La brecha de g\u00e9nero entre el mundo rural y urbano en la agenda europea * Margarita del Val y Sara Garc\u00eda, \u00fanicas mujeres del top 10 de l\u00edderes elegidos por trabajadores espa\u00f1oles * Sonsoles \u00d3nega, Premio Planeta 2023 por \u2018Las hijas de la criada\u2019 * Seynabou Male Ciss\u00e9, Premio Ignacio Ellacur\u00eda de cooperaci\u00f3n para el desarrollo 2023\",\"breadcrumb\":{\"@id\":\"https:\\\/\\\/cklcomunicaciones.es\\\/coop\\\/noticias-info-ckl-no-2826-17-10-23\\\/#breadcrumb\"},\"inLanguage\":\"es\",\"potentialAction\":[{\"@type\":\"ReadAction\",\"target\":[\"https:\\\/\\\/cklcomunicaciones.es\\\/coop\\\/noticias-info-ckl-no-2826-17-10-23\\\/\"]}]},{\"@type\":\"ImageObject\",\"inLanguage\":\"es\",\"@id\":\"https:\\\/\\\/cklcomunicaciones.es\\\/coop\\\/noticias-info-ckl-no-2826-17-10-23\\\/#primaryimage\",\"url\":\"https:\\\/\\\/cklcomunicaciones.es\\\/coop\\\/wp-content\\\/uploads\\\/2025\\\/01\\\/CKL-una-mirada-distinta-de-la-comunicacion.jpg\",\"contentUrl\":\"https:\\\/\\\/cklcomunicaciones.es\\\/coop\\\/wp-content\\\/uploads\\\/2025\\\/01\\\/CKL-una-mirada-distinta-de-la-comunicacion.jpg\",\"width\":1482,\"height\":775,\"caption\":\"CKL - una mirada distinta de la comunicacion\"},{\"@type\":\"BreadcrumbList\",\"@id\":\"https:\\\/\\\/cklcomunicaciones.es\\\/coop\\\/noticias-info-ckl-no-2826-17-10-23\\\/#breadcrumb\",\"itemListElement\":[{\"@type\":\"ListItem\",\"position\":1,\"name\":\"Portada\",\"item\":\"https:\\\/\\\/cklcomunicaciones.es\\\/coop\\\/\"},{\"@type\":\"ListItem\",\"position\":2,\"name\":\"Noticias Info CKL n\u00ba 2826-17\\\/10\\\/23\"}]},{\"@type\":\"WebSite\",\"@id\":\"https:\\\/\\\/cklcomunicaciones.es\\\/coop\\\/#website\",\"url\":\"https:\\\/\\\/cklcomunicaciones.es\\\/coop\\\/\",\"name\":\"CKL Comunicaciones\",\"description\":\"Sitio web de CKL Comunicaciones coop , la consultora de comunicaci\u00f3n y estrategia\",\"potentialAction\":[{\"@type\":\"SearchAction\",\"target\":{\"@type\":\"EntryPoint\",\"urlTemplate\":\"https:\\\/\\\/cklcomunicaciones.es\\\/coop\\\/?s={search_term_string}\"},\"query-input\":{\"@type\":\"PropertyValueSpecification\",\"valueRequired\":true,\"valueName\":\"search_term_string\"}}],\"inLanguage\":\"es\"},{\"@type\":\"Person\",\"@id\":\"https:\\\/\\\/cklcomunicaciones.es\\\/coop\\\/#\\\/schema\\\/person\\\/929a6837f7626450bbb50cee1aef266e\",\"name\":\"ckl\",\"image\":{\"@type\":\"ImageObject\",\"inLanguage\":\"es\",\"@id\":\"https:\\\/\\\/secure.gravatar.com\\\/avatar\\\/c82db564e8a669bf6023357a157b9dc4780f4d4c618f2ad1d71a6a5dede45057?s=96&d=mm&r=g\",\"url\":\"https:\\\/\\\/secure.gravatar.com\\\/avatar\\\/c82db564e8a669bf6023357a157b9dc4780f4d4c618f2ad1d71a6a5dede45057?s=96&d=mm&r=g\",\"contentUrl\":\"https:\\\/\\\/secure.gravatar.com\\\/avatar\\\/c82db564e8a669bf6023357a157b9dc4780f4d4c618f2ad1d71a6a5dede45057?s=96&d=mm&r=g\",\"caption\":\"ckl\"},\"url\":\"https:\\\/\\\/cklcomunicaciones.es\\\/coop\\\/author\\\/cklcomunicaciones\\\/\"}]}<\/script>\n<!-- \/ Yoast SEO plugin. -->","yoast_head_json":{"title":"Noticias Info CKL n\u00ba 2826-17\/10\/23-Comunicar con perspectiva de g\u00e9nero","description":"Noticias Info CKL n\u00ba 2826-17\/10\/23 D\u00eda de la mujer rural: La brecha de g\u00e9nero entre el mundo rural y urbano en la agenda europea * Margarita del Val y Sara Garc\u00eda, \u00fanicas mujeres del top 10 de l\u00edderes elegidos por trabajadores espa\u00f1oles * Sonsoles \u00d3nega, Premio Planeta 2023 por \u2018Las hijas de la criada\u2019 * Seynabou Male Ciss\u00e9, Premio Ignacio Ellacur\u00eda de cooperaci\u00f3n para el desarrollo 2023","robots":{"index":"index","follow":"follow","max-snippet":"max-snippet:-1","max-image-preview":"max-image-preview:large","max-video-preview":"max-video-preview:-1"},"canonical":"https:\/\/cklcomunicaciones.es\/coop\/noticias-info-ckl-no-2826-17-10-23\/","og_locale":"es_ES","og_type":"article","og_title":"Noticias Info CKL n\u00ba 2826-17\/10\/23-Comunicar con perspectiva de g\u00e9nero","og_description":"Noticias Info CKL n\u00ba 2826-17\/10\/23 D\u00eda de la mujer rural: La brecha de g\u00e9nero entre el mundo rural y urbano en la agenda europea * Margarita del Val y Sara Garc\u00eda, \u00fanicas mujeres del top 10 de l\u00edderes elegidos por trabajadores espa\u00f1oles * Sonsoles \u00d3nega, Premio Planeta 2023 por \u2018Las hijas de la criada\u2019 * Seynabou Male Ciss\u00e9, Premio Ignacio Ellacur\u00eda de cooperaci\u00f3n para el desarrollo 2023","og_url":"https:\/\/cklcomunicaciones.es\/coop\/noticias-info-ckl-no-2826-17-10-23\/","og_site_name":"CKL Comunicaciones","article_published_time":"2023-10-17T18:03:52+00:00","article_modified_time":"2025-02-08T07:19:55+00:00","og_image":[{"width":1482,"height":775,"url":"https:\/\/cklcomunicaciones.es\/coop\/wp-content\/uploads\/2025\/01\/CKL-una-mirada-distinta-de-la-comunicacion.jpg","type":"image\/jpeg"}],"author":"ckl","twitter_card":"summary_large_image","twitter_misc":{"Escrito por":"ckl","Tiempo de lectura":"5 minutos"},"schema":{"@context":"https:\/\/schema.org","@graph":[{"@type":"Article","@id":"https:\/\/cklcomunicaciones.es\/coop\/noticias-info-ckl-no-2826-17-10-23\/#article","isPartOf":{"@id":"https:\/\/cklcomunicaciones.es\/coop\/noticias-info-ckl-no-2826-17-10-23\/"},"author":{"name":"ckl","@id":"https:\/\/cklcomunicaciones.es\/coop\/#\/schema\/person\/929a6837f7626450bbb50cee1aef266e"},"headline":"Noticias Info CKL n\u00ba 2826-17\/10\/23","datePublished":"2023-10-17T18:03:52+00:00","dateModified":"2025-02-08T07:19:55+00:00","mainEntityOfPage":{"@id":"https:\/\/cklcomunicaciones.es\/coop\/noticias-info-ckl-no-2826-17-10-23\/"},"wordCount":1297,"image":{"@id":"https:\/\/cklcomunicaciones.es\/coop\/noticias-info-ckl-no-2826-17-10-23\/#primaryimage"},"thumbnailUrl":"https:\/\/cklcomunicaciones.es\/coop\/wp-content\/uploads\/2025\/01\/CKL-una-mirada-distinta-de-la-comunicacion.jpg","keywords":["brecha de g\u00e9nero","cooperaci\u00f3n feminista","mujeres rurales"],"articleSection":["Newsletter","Nwl v3.0"],"inLanguage":"es"},{"@type":"WebPage","@id":"https:\/\/cklcomunicaciones.es\/coop\/noticias-info-ckl-no-2826-17-10-23\/","url":"https:\/\/cklcomunicaciones.es\/coop\/noticias-info-ckl-no-2826-17-10-23\/","name":"Noticias Info CKL n\u00ba 2826-17\/10\/23-Comunicar con perspectiva de g\u00e9nero","isPartOf":{"@id":"https:\/\/cklcomunicaciones.es\/coop\/#website"},"primaryImageOfPage":{"@id":"https:\/\/cklcomunicaciones.es\/coop\/noticias-info-ckl-no-2826-17-10-23\/#primaryimage"},"image":{"@id":"https:\/\/cklcomunicaciones.es\/coop\/noticias-info-ckl-no-2826-17-10-23\/#primaryimage"},"thumbnailUrl":"https:\/\/cklcomunicaciones.es\/coop\/wp-content\/uploads\/2025\/01\/CKL-una-mirada-distinta-de-la-comunicacion.jpg","datePublished":"2023-10-17T18:03:52+00:00","dateModified":"2025-02-08T07:19:55+00:00","author":{"@id":"https:\/\/cklcomunicaciones.es\/coop\/#\/schema\/person\/929a6837f7626450bbb50cee1aef266e"},"description":"Noticias Info CKL n\u00ba 2826-17\/10\/23 D\u00eda de la mujer rural: La brecha de g\u00e9nero entre el mundo rural y urbano en la agenda europea * Margarita del Val y Sara Garc\u00eda, \u00fanicas mujeres del top 10 de l\u00edderes elegidos por trabajadores espa\u00f1oles * Sonsoles \u00d3nega, Premio Planeta 2023 por \u2018Las hijas de la criada\u2019 * Seynabou Male Ciss\u00e9, Premio Ignacio Ellacur\u00eda de cooperaci\u00f3n para el desarrollo 2023","breadcrumb":{"@id":"https:\/\/cklcomunicaciones.es\/coop\/noticias-info-ckl-no-2826-17-10-23\/#breadcrumb"},"inLanguage":"es","potentialAction":[{"@type":"ReadAction","target":["https:\/\/cklcomunicaciones.es\/coop\/noticias-info-ckl-no-2826-17-10-23\/"]}]},{"@type":"ImageObject","inLanguage":"es","@id":"https:\/\/cklcomunicaciones.es\/coop\/noticias-info-ckl-no-2826-17-10-23\/#primaryimage","url":"https:\/\/cklcomunicaciones.es\/coop\/wp-content\/uploads\/2025\/01\/CKL-una-mirada-distinta-de-la-comunicacion.jpg","contentUrl":"https:\/\/cklcomunicaciones.es\/coop\/wp-content\/uploads\/2025\/01\/CKL-una-mirada-distinta-de-la-comunicacion.jpg","width":1482,"height":775,"caption":"CKL - una mirada distinta de la comunicacion"},{"@type":"BreadcrumbList","@id":"https:\/\/cklcomunicaciones.es\/coop\/noticias-info-ckl-no-2826-17-10-23\/#breadcrumb","itemListElement":[{"@type":"ListItem","position":1,"name":"Portada","item":"https:\/\/cklcomunicaciones.es\/coop\/"},{"@type":"ListItem","position":2,"name":"Noticias Info CKL n\u00ba 2826-17\/10\/23"}]},{"@type":"WebSite","@id":"https:\/\/cklcomunicaciones.es\/coop\/#website","url":"https:\/\/cklcomunicaciones.es\/coop\/","name":"CKL Comunicaciones","description":"Sitio web de CKL Comunicaciones coop , la consultora de comunicaci\u00f3n y estrategia","potentialAction":[{"@type":"SearchAction","target":{"@type":"EntryPoint","urlTemplate":"https:\/\/cklcomunicaciones.es\/coop\/?s={search_term_string}"},"query-input":{"@type":"PropertyValueSpecification","valueRequired":true,"valueName":"search_term_string"}}],"inLanguage":"es"},{"@type":"Person","@id":"https:\/\/cklcomunicaciones.es\/coop\/#\/schema\/person\/929a6837f7626450bbb50cee1aef266e","name":"ckl","image":{"@type":"ImageObject","inLanguage":"es","@id":"https:\/\/secure.gravatar.com\/avatar\/c82db564e8a669bf6023357a157b9dc4780f4d4c618f2ad1d71a6a5dede45057?s=96&d=mm&r=g","url":"https:\/\/secure.gravatar.com\/avatar\/c82db564e8a669bf6023357a157b9dc4780f4d4c618f2ad1d71a6a5dede45057?s=96&d=mm&r=g","contentUrl":"https:\/\/secure.gravatar.com\/avatar\/c82db564e8a669bf6023357a157b9dc4780f4d4c618f2ad1d71a6a5dede45057?s=96&d=mm&r=g","caption":"ckl"},"url":"https:\/\/cklcomunicaciones.es\/coop\/author\/cklcomunicaciones\/"}]}},"_links":{"self":[{"href":"https:\/\/cklcomunicaciones.es\/coop\/wp-json\/wp\/v2\/posts\/20502","targetHints":{"allow":["GET"]}}],"collection":[{"href":"https:\/\/cklcomunicaciones.es\/coop\/wp-json\/wp\/v2\/posts"}],"about":[{"href":"https:\/\/cklcomunicaciones.es\/coop\/wp-json\/wp\/v2\/types\/post"}],"author":[{"embeddable":true,"href":"https:\/\/cklcomunicaciones.es\/coop\/wp-json\/wp\/v2\/users\/3"}],"replies":[{"embeddable":true,"href":"https:\/\/cklcomunicaciones.es\/coop\/wp-json\/wp\/v2\/comments?post=20502"}],"version-history":[{"count":0,"href":"https:\/\/cklcomunicaciones.es\/coop\/wp-json\/wp\/v2\/posts\/20502\/revisions"}],"wp:featuredmedia":[{"embeddable":true,"href":"https:\/\/cklcomunicaciones.es\/coop\/wp-json\/wp\/v2\/media\/22909"}],"wp:attachment":[{"href":"https:\/\/cklcomunicaciones.es\/coop\/wp-json\/wp\/v2\/media?parent=20502"}],"wp:term":[{"taxonomy":"category","embeddable":true,"href":"https:\/\/cklcomunicaciones.es\/coop\/wp-json\/wp\/v2\/categories?post=20502"},{"taxonomy":"post_tag","embeddable":true,"href":"https:\/\/cklcomunicaciones.es\/coop\/wp-json\/wp\/v2\/tags?post=20502"}],"curies":[{"name":"wp","href":"https:\/\/api.w.org\/{rel}","templated":true}]}}