{"id":20333,"date":"2023-08-03T19:33:58","date_gmt":"2023-08-03T17:33:58","guid":{"rendered":"https:\/\/www.cklcomunicaciones.es\/?p=20333"},"modified":"2025-02-08T09:31:16","modified_gmt":"2025-02-08T08:31:16","slug":"noticias-info-ckl-no-2814-03-08-23","status":"publish","type":"post","link":"https:\/\/cklcomunicaciones.es\/coop\/noticias-info-ckl-no-2814-03-08-23\/","title":{"rendered":"Noticias Info CKL n\u00ba 2814-03\/08\/23"},"content":{"rendered":"<div class=\"fusion-fullwidth fullwidth-box fusion-builder-row-1 fusion-flex-container nonhundred-percent-fullwidth non-hundred-percent-height-scrolling\" style=\"--awb-border-radius-top-left:0px;--awb-border-radius-top-right:0px;--awb-border-radius-bottom-right:0px;--awb-border-radius-bottom-left:0px;--awb-flex-wrap:wrap;\" ><div class=\"fusion-builder-row fusion-row fusion-flex-align-items-flex-start fusion-flex-content-wrap\" style=\"max-width:1248px;margin-left: calc(-4% \/ 2 );margin-right: calc(-4% \/ 2 );\"><div class=\"fusion-layout-column fusion_builder_column fusion-builder-column-0 fusion_builder_column_1_1 1_1 fusion-flex-column\" style=\"--awb-bg-blend:overlay;--awb-bg-size:cover;--awb-width-large:100%;--awb-margin-top-large:0px;--awb-spacing-right-large:1.92%;--awb-margin-bottom-large:0px;--awb-spacing-left-large:1.92%;--awb-width-medium:100%;--awb-spacing-right-medium:1.92%;--awb-spacing-left-medium:1.92%;--awb-width-small:100%;--awb-spacing-right-small:1.92%;--awb-spacing-left-small:1.92%;\"><div class=\"fusion-column-wrapper fusion-flex-justify-content-flex-start fusion-content-layout-column\"><div class=\"fusion-text fusion-text-1\"><div id=\"\" class=\"lsow-panel lsow-active\">\n<h1 class=\"lsow-panel-title\">Convocatorias<\/h1>\n<div class=\"lsow-panel-content\">\n<ul>\n<li><a>III\u00a0Edici\u00f3n Certamen\u00a0Internacional de\u00a0Microrrelatos \u2018\u00c1ngeles \u00c1lvarez Arazola con M de Mujer\u2019<\/a>. Asociaci\u00f3n Mujeres Progresistas contra la Discriminaci\u00f3n y la Violencia de G\u00e9nero. Fecha de recepci\u00f3n 1 de noviembre a las 23:59 h.\u00a0<a href=\"http:\/\/www.juntadeandalucia.es\/iam\/catalogo\/doc\/convocatorias\/2023-genero\/III-edicion-certamen-microrrelatos-angeles-alvarez-programa.pdf\" target=\"_blank\" rel=\"noopener\" data-saferedirecturl=\"https:\/\/www.google.com\/url?q=http:\/\/www.juntadeandalucia.es\/iam\/catalogo\/doc\/convocatorias\/2023-genero\/III-edicion-certamen-microrrelatos-angeles-alvarez-programa.pdf&amp;source=gmail&amp;ust=1691074342248000&amp;usg=AOvVaw0nmro46-QqfvoVLnFn_v_Z\">Programa<\/a><\/li>\n<li><a href=\"http:\/\/www.juntadeandalucia.es\/iam\/catalogo\/doc\/convocatorias\/2023-genero\/premio-ensayo-carmen-burgos-2023-diputacionalmeria.pdf\" target=\"_blank\" rel=\"noopener\" data-saferedirecturl=\"https:\/\/www.google.com\/url?q=http:\/\/www.juntadeandalucia.es\/iam\/catalogo\/doc\/convocatorias\/2023-genero\/premio-ensayo-carmen-burgos-2023-diputacionalmeria.pdf&amp;source=gmail&amp;ust=1691074342248000&amp;usg=AOvVaw149qp2BiSOZbbpjUBoYG4e\">Premio Nacional de Ensayo \u2018Carmen de Burgos\u2019, Convocatoria 2023<\/a>. Diputaci\u00f3n de Almer\u00eda.\u00a0Plazo\u00a0hasta el 25 de septiembre<\/li>\n<li><a href=\"https:\/\/mcusercontent.com\/816c57a776c6b798404297409\/files\/1bd112a1-8696-3057-8b96-797d6892714a\/2023_Ed2_Viaje_a_la_mente_de_la_mujer_emprendedora_6_.pdf\" target=\"_blank\" rel=\"noopener\" data-saferedirecturl=\"https:\/\/www.google.com\/url?q=https:\/\/mcusercontent.com\/816c57a776c6b798404297409\/files\/1bd112a1-8696-3057-8b96-797d6892714a\/2023_Ed2_Viaje_a_la_mente_de_la_mujer_emprendedora_6_.pdf&amp;source=gmail&amp;ust=1691074342248000&amp;usg=AOvVaw03oc15hyg8mbWNhaMGkLBK\">Curso \u2018Viaje a la mente de la mujer emprendedora\u2019<\/a>. Federaci\u00f3n de Mujeres Progresistas. Del 25 de septiembre al 9 de octubre.\u00a0<a href=\"https:\/\/forms.gle\/HbYF1JTwYnLrdDgd6\" target=\"_blank\" rel=\"noopener\" data-saferedirecturl=\"https:\/\/www.google.com\/url?q=https:\/\/forms.gle\/HbYF1JTwYnLrdDgd6&amp;source=gmail&amp;ust=1691074342248000&amp;usg=AOvVaw3IiG8oC7xbosRFw3TL51fH\">Inscripciones<\/a><\/li>\n<li>Charla \u2018Representaciones feministas en las series\u2019. PeriF\u00e9ricas, Escuela de feminismos alternativos. 8 de agosto a las 17 h.\u00a0<a href=\"https:\/\/docs.google.com\/forms\/d\/e\/1FAIpQLSfGwiE5Py1KFgY2sUtPYiCc3NfPpktMMEMvYFE1iO9obOz-eQ\/viewform\" target=\"_blank\" rel=\"noopener\" data-saferedirecturl=\"https:\/\/www.google.com\/url?q=https:\/\/docs.google.com\/forms\/d\/e\/1FAIpQLSfGwiE5Py1KFgY2sUtPYiCc3NfPpktMMEMvYFE1iO9obOz-eQ\/viewform&amp;source=gmail&amp;ust=1691159841364000&amp;usg=AOvVaw1B1_S7V-4AfMOVcQZ4tcKc\">Inscripciones<\/a><\/li>\n<\/ul>\n<\/div>\n<\/div>\n<div id=\"\" class=\"lsow-panel lsow-active\">\n<h1 class=\"lsow-panel-title\">Comunicaci\u00f3n, Publicidad y TICs<\/h1>\n<div class=\"lsow-panel-content\">\n<p><a class=\"title\" href=\"https:\/\/www.lasexta.com\/programas\/el-intermedio\/maria-ressa-confiesa-que-sintio-ganar-premio-nobel-demostro-que-hacer-correcto-correcto_2023080264cacdf6c4e6600001718e0d.html\" target=\"_blank\" rel=\"noopener\" data-artpy=\"0\" data-author=\"laSexta\">Mar\u00eda Ressa confiesa qu\u00e9 sinti\u00f3 al ganar el premio Nobel: \u00abDemostr\u00f3 que hacer lo correcto es lo correcto\u00bb<\/a>-lasexta<br \/>\n<a class=\"title\" href=\"https:\/\/www.relevo.com\/futbol\/liga-primera\/lucia-villalon-aterriza-movistar-plus-20230803113242-nt.html\" target=\"_blank\" rel=\"noopener\" data-artpy=\"0\" data-author=\"relevo\">La periodista cantabra Luc\u00eda Villal\u00f3n aterriza en Movistar Plus: \u00abLlego en el momento perfecto al lugar perfecto\u00bb-\u00a0<\/a>relevo<br \/>\n<a class=\"title\" href=\"https:\/\/infocielo.com\/sociedad\/los-medios-comunicacion-y-el-futbol-femenino-se-alimenta-la-reproduccion-estereotipos-n768680\" target=\"_blank\" rel=\"noopener\" data-artpy=\"0\" data-author=\"INFOCIELO\">Los medios de comunicaci\u00f3n y el f\u00fatbol femenino: \u00bfse alimenta la reproducci\u00f3n de estereotipos?-<\/a>infocielo<br \/>\n<a class=\"title\" href=\"https:\/\/www.nytimes.com\/es\/2023\/08\/03\/espanol\/opinion\/mujeres-como-hablan.html\" target=\"_blank\" rel=\"noopener\" data-artpy=\"0\" data-author=\"The New York Times\">El poder del \u2018lenguaje d\u00e9bil\u2019 de las mujeres<\/a>-thenewyorktimes<br \/>\n<a href=\"https:\/\/www.eldiario.es\/cultura\/muere-ramon-lobo-reportero-temio_1_10426628.html\" data-mrf-link=\"https:\/\/www.eldiario.es\/cultura\/muere-ramon-lobo-reportero-temio_1_10426628.html\">Muere Ram\u00f3n Lobo, el reportero que nunca temi\u00f3 a la verdad<\/a>-eldiario<br \/>\n<a href=\"https:\/\/elpais.com\/television\/2023-08-03\/heroinas-del-futbol-y-un-premio-pulitzer-entre-los-podcasts-recomendados-de-agosto.html\">Hero\u00ednas del f\u00fatbol y un premio Pulitzer, entre los \u2018podcasts\u2019 recomendados de agosto<\/a>-elpais<br \/>\n<a href=\"https:\/\/www.google.com\/url?rct=j&amp;sa=t&amp;url=https:\/\/r3d.mx\/2023\/08\/01\/meta-debe-evitar-que-contenidos-que-denuncien-violencia-de-genero-sean-eliminados-por-error-pide-consejo-asesor\/&amp;ct=ga&amp;cd=CAEYACoSOTk0NzE3OTA0NDg1MjI0NDI5MhllMWU3N2QxNTYwOThhOGUzOmVzOmVzOkVT&amp;usg=AOvVaw3pP6aQPQOYRYOkAYG-AQmM\" target=\"_blank\" rel=\"noopener\" data-saferedirecturl=\"https:\/\/www.google.com\/url?q=https:\/\/www.google.com\/url?rct%3Dj%26sa%3Dt%26url%3Dhttps:\/\/r3d.mx\/2023\/08\/01\/meta-debe-evitar-que-contenidos-que-denuncien-violencia-de-genero-sean-eliminados-por-error-pide-consejo-asesor\/%26ct%3Dga%26cd%3DCAEYACoSOTk0NzE3OTA0NDg1MjI0NDI5MhllMWU3N2QxNTYwOThhOGUzOmVzOmVzOkVT%26usg%3DAOvVaw3pP6aQPQOYRYOkAYG-AQmM&amp;source=gmail&amp;ust=1691074339915000&amp;usg=AOvVaw2e4V7dl7wGZc3ZkRkpB509\">Meta debe evitar que contenidos que denuncien\u00a0violencia de g\u00e9nero sean eliminados por &#8230;-\u00a0<\/a><a>R3D<\/a><a><br \/>\n<\/a><\/p>\n<\/div>\n<\/div>\n<div id=\"\" class=\"lsow-panel lsow-active\">\n<h1 class=\"lsow-panel-title\">Andaluc\u00eda<\/h1>\n<div class=\"lsow-panel-content\">\n<div class=\"source set_top\">\n<div data-priority=\"2\" aria-hidden=\"true\">\n<p><strong>Institucional<br \/>\n<\/strong><a href=\"https:\/\/www.google.com\/url?rct=j&amp;sa=t&amp;url=https:\/\/www.diariosigloxxi.com\/texto-ep\/mostrar\/20230802135113\/moreno-llama-recuperar-espiritu-grandes-acuerdos-lamentar-asesinato-machista-utrera-sevilla&amp;ct=ga&amp;cd=CAEYASoTNDExMjA4MjQ5ODQ3MjM4MTIxNzIZYzAzNzJlYmMyZmVhZGE1OTplczplczpFUw&amp;usg=AOvVaw0DZYx_e17gqshXFonFaDYR\" target=\"_blank\" rel=\"noopener\" data-saferedirecturl=\"https:\/\/www.google.com\/url?q=https:\/\/www.google.com\/url?rct%3Dj%26sa%3Dt%26url%3Dhttps:\/\/www.diariosigloxxi.com\/texto-ep\/mostrar\/20230802135113\/moreno-llama-recuperar-espiritu-grandes-acuerdos-lamentar-asesinato-machista-utrera-sevilla%26ct%3Dga%26cd%3DCAEYASoTNDExMjA4MjQ5ODQ3MjM4MTIxNzIZYzAzNzJlYmMyZmVhZGE1OTplczplczpFUw%26usg%3DAOvVaw0DZYx_e17gqshXFonFaDYR&amp;source=gmail&amp;ust=1691159841430000&amp;usg=AOvVaw1ElxNjWRcEI_So3PIjQfog\">Moreno llama a recuperar el esp\u00edritu de los grandes acuerdos tras lamentar el asesinato &#8230;-\u00a0<\/a><a>Diario Siglo XXI<br \/>\n<\/a><a href=\"https:\/\/www.google.com\/url?rct=j&amp;sa=t&amp;url=https:\/\/www.europapress.es\/andalucia\/sevilla-00357\/noticia-junta-pide-sociedad-trabajar-administracion-avisar-tiempo-casos-violencia-machista-20230803114049.html&amp;ct=ga&amp;cd=CAEYACoUMTYyODgzOTEwODYwNTYwNjkyMzAyGWMwMzcyZWJjMmZlYWRhNTk6ZXM6ZXM6RVM&amp;usg=AOvVaw3qdEMNtH_wBqhngFGkuUk4\" target=\"_blank\" rel=\"noopener\" data-saferedirecturl=\"https:\/\/www.google.com\/url?q=https:\/\/www.google.com\/url?rct%3Dj%26sa%3Dt%26url%3Dhttps:\/\/www.europapress.es\/andalucia\/sevilla-00357\/noticia-junta-pide-sociedad-trabajar-administracion-avisar-tiempo-casos-violencia-machista-20230803114049.html%26ct%3Dga%26cd%3DCAEYACoUMTYyODgzOTEwODYwNTYwNjkyMzAyGWMwMzcyZWJjMmZlYWRhNTk6ZXM6ZXM6RVM%26usg%3DAOvVaw3qdEMNtH_wBqhngFGkuUk4&amp;source=gmail&amp;ust=1691163574092000&amp;usg=AOvVaw1RazZKBnftZEdD8GkDEZdo\">La Junta pide a la sociedad \u00abtrabajar\u00bb con la administraci\u00f3n y avisar \u00aba tiempo\u00bb de casos de violencia de g\u00e9nero&#8230;<\/a>&#8211; e<a>uropapress<\/a><\/p>\n<p><strong>Econom\u00eda y Empresa<\/strong><br \/>\n<a class=\"title\" href=\"https:\/\/www.europapress.es\/esandalucia\/sevilla\/noticia-espana-afirma-sequia-impedira-andalucia-crecer-pide-usar-fondos-europeos-obras-hidraulicas-20230801113057.html\" target=\"_blank\" rel=\"noopener\" data-artpy=\"0\" data-author=\"Europa Press\">Carolina Espa\u00f1a, Consejera de Econom\u00eda, afirma que la sequ\u00eda impedir\u00e1 a Andaluc\u00eda crecer hasta el 4% y pide usar los fondos europeos en obras hidr\u00e1ulicas-\u00a0<\/a>europapress<br \/>\n<a class=\"title\" href=\"https:\/\/www.noticiasde.es\/nd\/andalucia\/sevilla\/seis-de-cada-diez-parados-en-la-provincia-son-mujeres-segun-alertan-los-sindicatos\/\" target=\"_blank\" rel=\"noopener\" data-artpy=\"0\" data-author=\"noticiasde\">Seis de cada diez parados en la provincia de Sevilla son mujeres,&#8230; &#8211;\u00a0<\/a>noticiasde<strong><br \/>\n<\/strong><a class=\"title\" href=\"https:\/\/www.msn.com\/es-es\/dinero\/economia\/ccoo-a-critica-que-andaluc%C3%ADa-sea-la-tercera-comunidad-en-salario-medio-con-2742-euros-menos-que-la-media-espa%C3%B1ola\/ar-AA1eJSWU\" target=\"_blank\" rel=\"noopener\" data-artpy=\"0\" data-author=\"Europa Press on MSN\">CCOO-A critica que Andaluc\u00eda sea la tercera comunidad en salario medio \u00abcon 2.742 euros menos que la media espa\u00f1ola\u00bb<\/a>-europapress<br \/>\n<a class=\"title\" href=\"https:\/\/www.muypymes.com\/2023\/08\/03\/acelera-startups-convocatoria-impulsar-proyectos-emprendimiento\" target=\"_blank\" rel=\"noopener\" data-artpy=\"0\" data-author=\"muypymes.com\">Acelera Startups lanza una convocatoria para impulsar 6.000 proyectos de emprendimiento<\/a>-muypymes<br \/>\n<a class=\"title\" href=\"https:\/\/sevilla.abc.es\/andalucia\/cordoba\/ayuntamiento-cordoba-reformara-viveros-empresas-apoyar-proyectos-20230803133201-nts.html\" target=\"_blank\" rel=\"noopener\" data-artpy=\"0\" data-author=\"ABC\">El Ayuntamiento de C\u00f3rdoba reformar\u00e1 sus viveros de empresas para apoyar proyectos de colectivos vulnerables<\/a>-abcsevilla<a><br \/>\n<\/a><\/p>\n<p><strong>Actualidad<br \/>\n<\/strong><a class=\"title\" href=\"https:\/\/www.ondacero.es\/emisoras\/andalucia\/sevilla\/junta-nombra-milagros-borbon-como-nueva-directora-general-consumo_2023080164c8eb4bc4e66000016db610.html\" target=\"_blank\" rel=\"noopener\" data-artpy=\"0\" data-author=\"ondacero.es\">La Junta nombra a Milagros de Borb\u00f3n como nueva directora general de Consumo<\/a>-ondacero<strong><br \/>\n<\/strong><a class=\"title\" href=\"https:\/\/www.europapress.es\/esandalucia\/sevilla\/noticia-andalucia-convoca-700000-euros-nuevas-subvenciones-proyectos-apoyo-embarazadas-madres-recursos-20230803133943.html\" target=\"_blank\" rel=\"noopener\" data-artpy=\"0\" data-author=\"Europa Press\">Andaluc\u00eda convoca con 700.000 euros nuevas subvenciones para proyectos de apoyo a embarazadas y madres sin recursos-\u00a0<\/a><a>europapress<br \/>\n<\/a><a href=\"https:\/\/www.eldiario.es\/sevilla\/fusilamiento-blas-infante-centro-estudios-andaluces-consecuencia-quiebra-convivencia_1_10428193.html\" data-mrf-link=\"https:\/\/www.eldiario.es\/sevilla\/fusilamiento-blas-infante-centro-estudios-andaluces-consecuencia-quiebra-convivencia_1_10428193.html\">El fusilamiento de Blas Infante para el Centro de Estudios Andaluces: \u201cUna consecuencia de la quiebra de la convivencia\u201d<\/a>-eldiario<\/p>\n<p><strong>Violencia<br \/>\n<\/strong><a href=\"https:\/\/www.google.com\/url?rct=j&amp;sa=t&amp;url=https:\/\/www.europapress.es\/esandalucia\/huelva\/noticia-junta-andalucia-diputacion-huelva-unen-luchar-contra-violencia-sexual-20230802125421.html&amp;ct=ga&amp;cd=CAEYACoSODAwNjE2MDkyNTQ5MTMyODEzMhljMDM3MmViYzJmZWFkYTU5OmVzOmVzOkVT&amp;usg=AOvVaw12AwSHM2wbZMQYTr0aLqWd\" target=\"_blank\" rel=\"noopener\" data-saferedirecturl=\"https:\/\/www.google.com\/url?q=https:\/\/www.google.com\/url?rct%3Dj%26sa%3Dt%26url%3Dhttps:\/\/www.europapress.es\/esandalucia\/huelva\/noticia-junta-andalucia-diputacion-huelva-unen-luchar-contra-violencia-sexual-20230802125421.html%26ct%3Dga%26cd%3DCAEYACoSODAwNjE2MDkyNTQ5MTMyODEzMhljMDM3MmViYzJmZWFkYTU5OmVzOmVzOkVT%26usg%3DAOvVaw12AwSHM2wbZMQYTr0aLqWd&amp;source=gmail&amp;ust=1691076415489000&amp;usg=AOvVaw34R1nsA67qHwBurS8VyZDh\">\u00a0Junta de Andaluc\u00eda y la Diputaci\u00f3n de Huelva se unen para luchar contra la violencia sexual-\u00a0<\/a><a>Europa Press<br \/>\n<\/a><a href=\"https:\/\/www.eldiario.es\/sevilla\/pasa-judicial-prision-detenido-asesinato-mujer-utrera_1_10427447.html\" data-mrf-link=\"https:\/\/www.eldiario.es\/sevilla\/pasa-judicial-prision-detenido-asesinato-mujer-utrera_1_10427447.html\">El juez env\u00eda a prisi\u00f3n al hombre que mat\u00f3 a golpes a su ex pareja en el municipio sevillano de Utrera<\/a>-eldiario<\/p>\n<p><a>\u00a0<\/a><b>Ciencia y Cultura<br \/>\n<\/b><a href=\"https:\/\/www.google.com\/url?rct=j&amp;sa=t&amp;url=https:\/\/www.ideal.es\/culturas\/jaen\/instituto-estudios-giennenses-diputacion-suma-fondos-biblioteca-20230802175214-nt.html&amp;ct=ga&amp;cd=CAEYASoTODYwNjIxNzczMjEzODgxMjY3MjIZYzAzNzJlYmMyZmVhZGE1OTplczplczpFUw&amp;usg=AOvVaw0dbkoFubFtArMqUEIxWeWD\" target=\"_blank\" rel=\"noopener\" data-saferedirecturl=\"https:\/\/www.google.com\/url?q=https:\/\/www.google.com\/url?rct%3Dj%26sa%3Dt%26url%3Dhttps:\/\/www.ideal.es\/culturas\/jaen\/instituto-estudios-giennenses-diputacion-suma-fondos-biblioteca-20230802175214-nt.html%26ct%3Dga%26cd%3DCAEYASoTODYwNjIxNzczMjEzODgxMjY3MjIZYzAzNzJlYmMyZmVhZGE1OTplczplczpFUw%26usg%3DAOvVaw0dbkoFubFtArMqUEIxWeWD&amp;source=gmail&amp;ust=1691159841412000&amp;usg=AOvVaw0EixM9zFAgt0rsYvMO9iwy\">El\u00a0Instituto de Estudios Giennenses de la Diputaci\u00f3n suma a sus fondos la biblioteca de Pilar Palaz\u00f3n &#8230; &#8211;<\/a><a>Ideal<br \/>\n<\/a><a class=\"title\" href=\"https:\/\/sevilla.abc.es\/andalucia\/cordoba\/fundacion-tba21-thyssenbornemisza-participara-flora-cordoba-20230803120944-nts.html\" target=\"_blank\" rel=\"noopener\" data-artpy=\"0\" data-author=\"ABC\" data-bm=\"46\">La Francesca Thyssen-Bornemisza, presidenta de la Fundaci\u00f3n TBA21 participar\u00e1 en Flora de C\u00f3rdoba<\/a>-abcsevilla<br \/>\n<a class=\"title\" href=\"https:\/\/www.cope.es\/actualidad\/espana\/noticias\/artesana-bordados-durcal-encarnita-berrio-premiada-los-premios-artesania-andalucia-20230803_2842930\" target=\"_blank\" rel=\"noopener\" data-artpy=\"0\" data-author=\"COPE\">La artesana de bordados de D\u00farcal, Encarnita Berrio, premiada en los Premios de Artesan\u00eda de Andaluc\u00eda<\/a>-cope<a><br \/>\n<\/a><a class=\"title\" href=\"https:\/\/www.huelva24.com\/cultura\/festival-cine-abre-convocatoria-seccion-pantalla-huelva-20230803124559-nth.html\" target=\"_blank\" rel=\"noopener\" data-artpy=\"0\" data-author=\"huelva24\">El Festival de Cine abre su convocatoria para la secci\u00f3n Pantalla Huelva y celebra un encuentro en las Colombinas<\/a>-huelva24h<br \/>\n<a class=\"title\" href=\"https:\/\/www.diariosur.es\/andalucia\/cinco-asociaciones-inscritas-andalucia-cultural-cientifica-20230803152141-nt.html\" target=\"_blank\" rel=\"noopener\" data-artpy=\"0\" data-author=\"SUR\">Una de cada cinco asociaciones inscritas en Andaluc\u00eda es cultural o cient\u00edfica<\/a>-sur<a>\u00a0<\/a><\/p>\n<p><b>Deporte<br \/>\n<\/b><a class=\"title\" href=\"https:\/\/rfef.es\/es\/noticias\/olga-carmona-un-mundial-flor-de-piel\" target=\"_blank\" rel=\"noopener\" data-artpy=\"0\" data-author=\"rfef\">Olga Carmona, un Mundial a flor de piel<\/a>-rfef<b><br \/>\n<\/b><a class=\"title\" href=\"https:\/\/www.msn.com\/es-es\/noticias\/other\/irene-guerrero-el-sue%C3%B1o-mundial-de-una-ni%C3%B1a-en-memoria-de-su-padre\/ar-AA1eaG8R\" target=\"_blank\" rel=\"noopener\" data-artpy=\"0\" data-author=\"Sport on MSN\">Irene Guerrero, el sue\u00f1o mundial de una ni\u00f1a en memoria de su padre<\/a>-sport<b><br \/>\n<\/b><a class=\"title\" href=\"https:\/\/www.ideal.es\/deportes\/almeria\/abiertas-inscripciones-xxii-open-padel-inauguracion-feria-20230803171441-nt.html\" target=\"_blank\" rel=\"noopener\" data-artpy=\"0\" data-author=\"ideal\">Abiertas las inscripciones para el XXII Open de P\u00e1del &#8216;Inauguraci\u00f3n de Feria&#8217;<\/a>-ideal<br \/>\n<a class=\"title\" href=\"https:\/\/www.muchodeporte.com\/deporte-andaluz\/71703\/bronce-para-el-remo-andaluz-en-la-copa-de-la-juventud-de-amsterdam\/\" target=\"_blank\" rel=\"noopener\" data-artpy=\"0\" data-author=\"Mucho deporte\">Bronce para el remo andaluz en la Copa de la Juventud de \u00c1msterdam<\/a>-muchodeporte<b><br \/>\n<\/b><\/p>\n<\/div>\n<\/div>\n<\/div>\n<\/div>\n<div id=\"\" class=\"lsow-panel lsow-active\">\n<h1 class=\"lsow-panel-title\">Estado<\/h1>\n<div class=\"lsow-panel-content\">\n<p><strong>Institucional<br \/>\n<\/strong><a href=\"https:\/\/www.google.com\/url?rct=j&amp;sa=t&amp;url=https:\/\/www.que.es\/2023\/08\/03\/asesinatos-machistas-igualdad\/&amp;ct=ga&amp;cd=CAEYACoUMTQ2MzU4NTk4MzI4NTcyMDE3NjUyGWUyZGVmYTdkNWRhOTE1N2Q6ZXM6ZXM6RVM&amp;usg=AOvVaw08_B6NYnChcmRH2V0TANv5\" target=\"_blank\" rel=\"noopener\" data-saferedirecturl=\"https:\/\/www.google.com\/url?q=https:\/\/www.google.com\/url?rct%3Dj%26sa%3Dt%26url%3Dhttps:\/\/www.que.es\/2023\/08\/03\/asesinatos-machistas-igualdad\/%26ct%3Dga%26cd%3DCAEYACoUMTQ2MzU4NTk4MzI4NTcyMDE3NjUyGWUyZGVmYTdkNWRhOTE1N2Q6ZXM6ZXM6RVM%26usg%3DAOvVaw08_B6NYnChcmRH2V0TANv5&amp;source=gmail&amp;ust=1691159841200000&amp;usg=AOvVaw3ehPFDsd-VgkZC4T9i3agH\">Igualdad recurre a la ciudadan\u00eda para frenar el machismo &#8211;\u00a0<\/a><a>Diario Que!<br \/>\n<\/a><a href=\"https:\/\/www.google.com\/url?rct=j&amp;sa=t&amp;url=https:\/\/www.europapress.es\/epsocial\/cooperacion-desarrollo\/noticia-inclusion-igualdad-genero-objetivos-agenda-social-tercer-sector-presidencia-espanola-ue-20230803135750.html&amp;ct=ga&amp;cd=CAEYACoTNDkxNjY4MTE3NTUzNDU4Nzc2OTIZNTlkNzgxNzEzNmEyZDAyODplczplczpFUw&amp;usg=AOvVaw1gV7WhBVAAUNQhiraJz4vz\" target=\"_blank\" rel=\"noopener\" data-saferedirecturl=\"https:\/\/www.google.com\/url?q=https:\/\/www.google.com\/url?rct%3Dj%26sa%3Dt%26url%3Dhttps:\/\/www.europapress.es\/epsocial\/cooperacion-desarrollo\/noticia-inclusion-igualdad-genero-objetivos-agenda-social-tercer-sector-presidencia-espanola-ue-20230803135750.html%26ct%3Dga%26cd%3DCAEYACoTNDkxNjY4MTE3NTUzNDU4Nzc2OTIZNTlkNzgxNzEzNmEyZDAyODplczplczpFUw%26usg%3DAOvVaw1gV7WhBVAAUNQhiraJz4vz&amp;source=gmail&amp;ust=1691159839782000&amp;usg=AOvVaw1qX4oXUXA2RCWc7xj8mVEj\">Inclusi\u00f3n o igualdad de g\u00e9nero, objetivos de la agenda social del Tercer Sector para la presidencia espa\u00f1ola de la UE&#8230;-\u00a0<\/a><a>europapress<\/a><\/p>\n<p><strong>Institucional \u2013 CCAA<br \/>\n<\/strong><a href=\"https:\/\/www.google.com\/url?rct=j&amp;sa=t&amp;url=https:\/\/www.castillalamancha.es\/actualidad\/notasdeprensa\/el-gobierno-de-castilla-la-mancha-apoya-al-tejido-asociativo-que-fomenta-la-igualdad-con-dos-l%25C3%25ADneas&amp;ct=ga&amp;cd=CAEYACoTNzQ2MjUzODE1MTU5OTU5MTgwMjIZYzAzNzJlYmMyZmVhZGE1OTplczplczpFUw&amp;usg=AOvVaw0xbFg8A2XT1Ek2iIU8KPCl\" target=\"_blank\" rel=\"noopener\" data-saferedirecturl=\"https:\/\/www.google.com\/url?q=https:\/\/www.google.com\/url?rct%3Dj%26sa%3Dt%26url%3Dhttps:\/\/www.castillalamancha.es\/actualidad\/notasdeprensa\/el-gobierno-de-castilla-la-mancha-apoya-al-tejido-asociativo-que-fomenta-la-igualdad-con-dos-l%2525C3%2525ADneas%26ct%3Dga%26cd%3DCAEYACoTNzQ2MjUzODE1MTU5OTU5MTgwMjIZYzAzNzJlYmMyZmVhZGE1OTplczplczpFUw%26usg%3DAOvVaw0xbFg8A2XT1Ek2iIU8KPCl&amp;source=gmail&amp;ust=1691074344426000&amp;usg=AOvVaw1FYr0L-Dx1pydC4n29gFXZ\">El Gobierno de Castilla-La Mancha apoya al tejido asociativo que fomenta la igualdad con &#8230;-\u00a0<\/a><a>Gobierno de C-LM<br \/>\n<\/a><a class=\"title\" href=\"https:\/\/www.eldiario.es\/castilla-la-mancha\/social\/castilla-mancha-murcia-andalucia-son-regiones-victimas-trata-laboral_1_10425314.html\" target=\"_blank\" rel=\"noopener\" data-artpy=\"0\" data-author=\"eldiario.es\">Castilla-La Mancha, Murcia y Andaluc\u00eda son las regiones con m\u00e1s v\u00edctimas de la trata laboral<\/a>-eldiario<br \/>\n<a class=\"title\" href=\"https:\/\/www.diariodenavarra.es\/noticias\/cultura-ocio\/cultura\/2023\/08\/03\/consejera-ollo-reivindica-aportacion-el-papel-historico-sinsombrero-exposicion-el-planetario-pamplona-577890-1034.html\" target=\"_blank\" rel=\"noopener\" data-artpy=\"0\" data-author=\"blogs.diariodenavarra.es\">Ollo, Consejera de Relaciones con la Ciudadan\u00eda, reivindica la aportaci\u00f3n y el papel hist\u00f3rico de &#8216;Las Sinsombrero&#8217; &#8230;-<\/a><a>diariodenavarra<\/a><br \/>\n<a class=\"title\" href=\"https:\/\/cronicavasca.elespanol.com\/igualdad\/20230803\/aumentan-mujeres-victimas-agresion-en-euskadi-semestre\/783921757_0.html\" target=\"_blank\" rel=\"noopener\" data-artpy=\"0\" data-author=\"cronicavasca.elespanol\">Aumentan un 26% las mujeres v\u00edctimas de agresi\u00f3n sexual en Euskadi en el primer semestre<\/a>-cronicavasca<a><br \/>\n<\/a><\/p>\n<p><strong>Econom\u00eda y Empresa<br \/>\n<\/strong><a class=\"title\" href=\"https:\/\/www.msn.com\/es-es\/noticias\/other\/las-categor%C3%ADas-de-las-top-100-mujeres-l%C3%ADderes-las-top-10-exterior\/ar-AA1eIyNw\" target=\"_blank\" rel=\"noopener\" data-artpy=\"0\" data-author=\"ESPA\u00d1OL on MSN\">Las categor\u00edas de &#8216;Las Top 100 Mujeres L\u00edderes&#8217;: Las Top 10 Exterior<\/a>-elespa\u00f1ol<strong><br \/>\n<\/strong><a class=\"title\" title=\"La navarra Elena Moreno Senosiain gana el \u2018Premio A Mujer Profesional Aut\u00f3noma\u2019 de CaixaBank a la mejor emprendedora de Espa\u00f1a\" href=\"https:\/\/www.noticiasdenavarra.com\/economia\/2023\/08\/03\/navarra-elena-moreno-senosiain-gana-7115513.html\" target=\"_blank\" rel=\"noopener\" data-artpy=\"0\" data-author=\"Noticias\">La navarra Elena Moreno Senosiain gana el \u2018Premio A Mujer Profesional Aut\u00f3noma\u2019 de CaixaBank a la mejor emprendedora de<\/a>&#8230;-noticiasdenavarra<strong><br \/>\n<\/strong><a href=\"https:\/\/www.google.com\/url?rct=j&amp;sa=t&amp;url=https:\/\/www.servimedia.es\/noticias\/alcampo-recibe-mencion-especial-fedepe-impulsar-desarrollo-profesional-mujeres-discapacidad\/3769437&amp;ct=ga&amp;cd=CAEYCCoTNjE0Mzg0NjQ4MzQzMDQxMTMwNzIZYzAzNzJlYmMyZmVhZGE1OTplczplczpFUw&amp;usg=AOvVaw0bgfqK1zHtpJY6fU7l_tTO\" target=\"_blank\" rel=\"noopener\" data-saferedirecturl=\"https:\/\/www.google.com\/url?q=https:\/\/www.google.com\/url?rct%3Dj%26sa%3Dt%26url%3Dhttps:\/\/www.servimedia.es\/noticias\/alcampo-recibe-mencion-especial-fedepe-impulsar-desarrollo-profesional-mujeres-discapacidad\/3769437%26ct%3Dga%26cd%3DCAEYCCoTNjE0Mzg0NjQ4MzQzMDQxMTMwNzIZYzAzNzJlYmMyZmVhZGE1OTplczplczpFUw%26usg%3DAOvVaw0bgfqK1zHtpJY6fU7l_tTO&amp;source=gmail&amp;ust=1691074344464000&amp;usg=AOvVaw0nmp52Wj2HxBXzwDVlaTGQ\">Alcampo recibe la Menci\u00f3n Especial de Fedepe por impulsar el desarrollo profesional de mujeres con discapacidad&#8230;-\u00a0<\/a><a>Servimedia<br \/>\n<\/a><a href=\"https:\/\/www.google.com\/url?rct=j&amp;sa=t&amp;url=https:\/\/www.lavanguardia.com\/vida\/20230802\/9148034\/sindicatos-advierten-descenso-paro-estacional-peor-mujeres-jovenes.html&amp;ct=ga&amp;cd=CAEYACoUMTUyNDc3ODAyMTU5MTE3MjQxNTgyGWQ3OGU1ODc1YTBmMWYyYWM6ZXM6ZXM6RVM&amp;usg=AOvVaw2d3LoQ_1rQiXGsIqnJIC1F\" target=\"_blank\" rel=\"noopener\" data-saferedirecturl=\"https:\/\/www.google.com\/url?q=https:\/\/www.google.com\/url?rct%3Dj%26sa%3Dt%26url%3Dhttps:\/\/www.lavanguardia.com\/vida\/20230802\/9148034\/sindicatos-advierten-descenso-paro-estacional-peor-mujeres-jovenes.html%26ct%3Dga%26cd%3DCAEYACoUMTUyNDc3ODAyMTU5MTE3MjQxNTgyGWQ3OGU1ODc1YTBmMWYyYWM6ZXM6ZXM6RVM%26usg%3DAOvVaw2d3LoQ_1rQiXGsIqnJIC1F&amp;source=gmail&amp;ust=1691159840092000&amp;usg=AOvVaw2xsd3nVLZDNyivzvSEYIho\">Los sindicatos advierten de un descenso del paro estacional y peor para mujeres y j\u00f3venes-<\/a><a>La Vanguardia<\/a><\/p>\n<p><strong>Actualidad<br \/>\n<\/strong><a class=\"title\" href=\"https:\/\/www.newtral.es\/espana-madres-40-anos\/20230803\/\" target=\"_blank\" rel=\"noopener\" data-artpy=\"0\" data-author=\"newtral\">Espa\u00f1a, a la cabeza de la UE en beb\u00e9s nacidos de madres mayores de 40 a\u00f1os<\/a>-newtral<strong><br \/>\n<\/strong><a href=\"https:\/\/www.google.com\/url?rct=j&amp;sa=t&amp;url=https:\/\/www.65ymas.com\/economia\/consumo\/menopausia-tabu-marcas-esconden-disfrazan-como-si-fuera-algo-innombrable_49354_102.html&amp;ct=ga&amp;cd=CAEYBCoTODU4NzEwNzkzNTkwMjUwNjcyMDIZYzAzNzJlYmMyZmVhZGE1OTplczplczpFUw&amp;usg=AOvVaw0SWxVZO_6wy2BLgrF60pGs\" target=\"_blank\" rel=\"noopener\" data-saferedirecturl=\"https:\/\/www.google.com\/url?q=https:\/\/www.google.com\/url?rct%3Dj%26sa%3Dt%26url%3Dhttps:\/\/www.65ymas.com\/economia\/consumo\/menopausia-tabu-marcas-esconden-disfrazan-como-si-fuera-algo-innombrable_49354_102.html%26ct%3Dga%26cd%3DCAEYBCoTODU4NzEwNzkzNTkwMjUwNjcyMDIZYzAzNzJlYmMyZmVhZGE1OTplczplczpFUw%26usg%3DAOvVaw0SWxVZO_6wy2BLgrF60pGs&amp;source=gmail&amp;ust=1691159841589000&amp;usg=AOvVaw1JRDovK-AYLNLH7VsBap4I\">La menopausia, un tab\u00fa para las marcas: \u00abLa esconden o disfrazan como si fuera algo innombrable\u00bb-\u00a0<\/a><a>65YM\u00c1S<br \/>\n<\/a><a class=\"title\" href=\"https:\/\/www.telemadrid.es\/noticias\/nacional\/Una-sentencia-del-TC-sobre-el-aborto-en-Murcia-abre-la-puerta-a-fallos-similares-contra-otras-regiones-0-2575542429--20230705101336.html\" target=\"_blank\" rel=\"noopener\" data-artpy=\"0\" data-author=\"Telemadrid\">Una sentencia del TC sobre el aborto en Murcia abre la puerta a fallos similares contra otras regiones<\/a>-telemadrid<br \/>\n<a class=\"title\" href=\"https:\/\/www.cope.es\/actualidad\/economia\/noticias\/turismo-rural-sigue-captando-adeptos-destino-favorito-mujeres-familias-con-ninos-mascotas-20230803_2841715\" target=\"_blank\" rel=\"noopener\" data-artpy=\"0\" data-author=\"COPE\">El turismo rural sigue captando adeptos: destino favorito de mujeres y familias con ni\u00f1os y mascotas<\/a>-cope<br \/>\n<a href=\"https:\/\/www.google.com\/url?rct=j&amp;sa=t&amp;url=https:\/\/news.eseuro.com\/internacional\/2046805.html&amp;ct=ga&amp;cd=CAEYBCoUMTIzMTgyODQ4ODMxNjMxMjcyNjkyGTU5ZDc4MTcxMzZhMmQwMjg6ZXM6ZXM6RVM&amp;usg=AOvVaw0r9mu9Mm-jV_CTm0h7N88T\" target=\"_blank\" rel=\"noopener\" data-saferedirecturl=\"https:\/\/www.google.com\/url?q=https:\/\/www.google.com\/url?rct%3Dj%26sa%3Dt%26url%3Dhttps:\/\/news.eseuro.com\/internacional\/2046805.html%26ct%3Dga%26cd%3DCAEYBCoUMTIzMTgyODQ4ODMxNjMxMjcyNjkyGTU5ZDc4MTcxMzZhMmQwMjg6ZXM6ZXM6RVM%26usg%3DAOvVaw0r9mu9Mm-jV_CTm0h7N88T&amp;source=gmail&amp;ust=1691166584744000&amp;usg=AOvVaw2uWy0XXd3Ph7KEJRjSLx65\">La educaci\u00f3n primaria con perspectiva de g\u00e9nero no implica ning\u00fan adoctrinamiento para &#8230;-\u00a0<\/a><a>News ES Euro<br \/>\n<\/a><a class=\"title\" href=\"https:\/\/www.telecinco.es\/noticias\/salud\/20230803\/semana-mundial-lactancia-materna-tiempo_18_010192912.html\" target=\"_blank\" rel=\"noopener\" data-artpy=\"0\" data-author=\"TeleCinco\">Semana mundial de la lactancia materna: Solo un 30% de las mujeres en Espa\u00f1a supera los 6 meses de lactancia<\/a>-telecinco<a><br \/>\n<\/a><a href=\"https:\/\/www.google.com\/url?rct=j&amp;sa=t&amp;url=https:\/\/coordinadoraongd.org\/2023\/08\/indikit-indicadores-humanitarios-y-desarrollo\/&amp;ct=ga&amp;cd=CAEYASoTMzIwNDUxOTg3MzY4Mzg4NTEyMzIZNTlkNzgxNzEzNmEyZDAyODplczplczpFUw&amp;usg=AOvVaw3XkGyfvQmJspCpvSKt4KQf\" target=\"_blank\" rel=\"noopener\" data-saferedirecturl=\"https:\/\/www.google.com\/url?q=https:\/\/www.google.com\/url?rct%3Dj%26sa%3Dt%26url%3Dhttps:\/\/coordinadoraongd.org\/2023\/08\/indikit-indicadores-humanitarios-y-desarrollo\/%26ct%3Dga%26cd%3DCAEYASoTMzIwNDUxOTg3MzY4Mzg4NTEyMzIZNTlkNzgxNzEzNmEyZDAyODplczplczpFUw%26usg%3DAOvVaw3XkGyfvQmJspCpvSKt4KQf&amp;source=gmail&amp;ust=1691159839638000&amp;usg=AOvVaw0fgeM8fCwUzVELXCcpw3bq\">Indikit: la gu\u00eda definitiva de indicadores humanitarios y de desarrollo-\u00a0<\/a><a>Coordinadora de ONGD<\/a><strong>\u00a0<\/strong><\/p>\n<p><strong>Violencia<br \/>\n<\/strong><a href=\"https:\/\/www.google.com\/url?rct=j&amp;sa=t&amp;url=https:\/\/www.elconfidencial.com\/espana\/2023-08-01\/violencia-machista-repunta-julio-tragico-mujeres-asesinadas_3711559\/&amp;ct=ga&amp;cd=CAEYDCoTNzQ2MjUzODE1MTU5OTU5MTgwMjIZYzAzNzJlYmMyZmVhZGE1OTplczplczpFUw&amp;usg=AOvVaw3VVU3fhygk8FtO2R9ZwWMe\" target=\"_blank\" rel=\"noopener\" data-saferedirecturl=\"https:\/\/www.google.com\/url?q=https:\/\/www.google.com\/url?rct%3Dj%26sa%3Dt%26url%3Dhttps:\/\/www.elconfidencial.com\/espana\/2023-08-01\/violencia-machista-repunta-julio-tragico-mujeres-asesinadas_3711559\/%26ct%3Dga%26cd%3DCAEYDCoTNzQ2MjUzODE1MTU5OTU5MTgwMjIZYzAzNzJlYmMyZmVhZGE1OTplczplczpFUw%26usg%3DAOvVaw3VVU3fhygk8FtO2R9ZwWMe&amp;source=gmail&amp;ust=1691074344431000&amp;usg=AOvVaw3Vfla8BHFF3kEBmbiLQoMj\">La violencia machista repunta en un julio tr\u00e1gico: ocho mujeres asesinadas por sus parejas &#8230;-\u00a0<\/a><a>El Confidencial<\/a><\/p>\n<p><strong>Ciencia y Cultura<br \/>\n<\/strong><a href=\"https:\/\/www.google.com\/url?rct=j&amp;sa=t&amp;url=https:\/\/www.cope.es\/actualidad\/sociedad\/noticias\/ue--bruselas-selecciona-diez-universidades-espanolas-para-proyectos-cooperacion-con-centros-internacionales-20230803_2842497&amp;ct=ga&amp;cd=CAEYAyoUMTIzMTgyODQ4ODMxNjMxMjcyNjkyGTU5ZDc4MTcxMzZhMmQwMjg6ZXM6ZXM6RVM&amp;usg=AOvVaw3TkcB0Vo_6IAcSjH3aeoRM\" target=\"_blank\" rel=\"noopener\" data-saferedirecturl=\"https:\/\/www.google.com\/url?q=https:\/\/www.google.com\/url?rct%3Dj%26sa%3Dt%26url%3Dhttps:\/\/www.cope.es\/actualidad\/sociedad\/noticias\/ue--bruselas-selecciona-diez-universidades-espanolas-para-proyectos-cooperacion-con-centros-internacionales-20230803_2842497%26ct%3Dga%26cd%3DCAEYAyoUMTIzMTgyODQ4ODMxNjMxMjcyNjkyGTU5ZDc4MTcxMzZhMmQwMjg6ZXM6ZXM6RVM%26usg%3DAOvVaw3TkcB0Vo_6IAcSjH3aeoRM&amp;source=gmail&amp;ust=1691166584744000&amp;usg=AOvVaw1TtvOqouX401t3Ube_tLGi\">Bruselas selecciona diez universidades espa\u00f1olas para proyectos de\u00a0cooperaci\u00f3n con &#8230;-\u00a0<\/a>cope<strong><br \/>\n<\/strong><a class=\"title\" href=\"https:\/\/www.canalrcn.com\/super-like\/musica\/la-voz-de-muchas-mujeres-ella-es-christina-rosenvinge-179238\" target=\"_blank\" rel=\"noopener\" data-artpy=\"0\" data-author=\"RCN\">Christina Rosenvinge se convirti\u00f3 en la voz y en la fuerza de muchas mujeres<\/a>-rcn<br \/>\n<a class=\"title\" href=\"https:\/\/www.msn.com\/es-es\/entretenimiento\/other\/cayetana-guill%C3%A9n-cuervo-se-exilia-a-una-isla-pandataria-dise%C3%B1ada-por-okuda-en-sagunt-a-escena\/ar-AA1eJENv\" target=\"_blank\" rel=\"noopener\" data-artpy=\"0\" data-author=\"eldiario.es on MSN\">Cayetana Guill\u00e9n Cuervo se exilia a una isla &#8216;Pandataria&#8217; dise\u00f1ada por Okuda en Sagunt a Escena<\/a>-eldiario<br \/>\n<a class=\"title\" href=\"https:\/\/www.msn.com\/es-co\/noticias\/cultura\/c%C3%B3mo-aprend%C3%AD-a-amar-a-barbie-desde-la-filosof%C3%ADa-del-feminismo\/ar-AA1eJVNZ\" target=\"_blank\" rel=\"noopener\" data-artpy=\"0\" data-author=\"Semana on MSN\">C\u00f3mo aprend\u00ed a amar a Barbie desde la filosof\u00eda del feminismo<\/a>-semanaon<br \/>\n<a class=\"title\" href=\"https:\/\/www.milenio.com\/internacional\/cancelan-obra-teatro-lydia-cacho-espana-acusan-censura\" target=\"_blank\" rel=\"noopener\" data-artpy=\"0\" data-author=\"MILENIO\">Cancelan obra de Teatro de Lydia Cacho en Espa\u00f1a; \u00abes el silenciamiento de la pederastia\u00bb<\/a>-milenio<strong><br \/>\n<\/strong><\/p>\n<p><strong>Deporte<br \/>\n<\/strong><a class=\"title\" href=\"https:\/\/www.larazon.es\/deportes\/espana-mundiales-atletismo-mas-mujeres-que-hombres-primera-vez_2023080364cb7c0fc4e660000172b237.html\" target=\"_blank\" rel=\"noopener\" data-artpy=\"0\" data-author=\"La Raz\u00f3n Digital\">Espa\u00f1a, a los Mundiales de atletismo con m\u00e1s mujeres que hombres por primera vez<\/a>-larazon<br \/>\n<a class=\"title\" href=\"https:\/\/www.msn.com\/es-es\/noticias\/tecnologia\/elvira-llabr%C3%A9s-la-gur%C3%BA-del-viento-en-la-copa-del-rey-mapfre\/ar-AA1eJDYI\" target=\"_blank\" rel=\"noopener\" data-artpy=\"0\" data-author=\"HOLA on MSN\">Elvira Llabr\u00e9s: La gur\u00fa del viento en la Copa del Rey MAPFRE<\/a>-hola<br \/>\n<a class=\"title\" href=\"https:\/\/www.relevo.com\/futbol\/mundial-femenino\/irene-paredes-rinde-ante-marta-20230803095434-nt.html\" target=\"_blank\" rel=\"noopener\" data-artpy=\"0\" data-author=\"relevo\">Irene Paredes se rinde ante Marta: \u00abNunca tuve referentes femeninas, pero cuando empec\u00e9 a escuchar de alguien era de ella\u00bb<\/a>-relevo<br \/>\n<a class=\"title\" href=\"https:\/\/www.lanocion.es\/cantabria\/20230803\/santander-acoge-el-proximo-domingo-el-campeon-13782.html\" target=\"_blank\" rel=\"noopener\" data-artpy=\"0\" data-author=\"lanocion\">Santander acoge el pr\u00f3ximo domingo el campeonato regional femenino individual de bolos<\/a>-lanocion<strong><br \/>\n<\/strong><\/p>\n<\/div>\n<\/div>\n<div id=\"\" class=\"lsow-panel lsow-active\">\n<h1 class=\"lsow-panel-title\">Internacional<\/h1>\n<div class=\"lsow-panel-content\">\n<p><a href=\"https:\/\/www.google.com\/url?rct=j&amp;sa=t&amp;url=https:\/\/eldiariofeminista.info\/2023\/08\/03\/un-informe-de-la-onu-pone-de-manifiesto-las-importantes-brechas-de-genero-que-prevalecen-en-la-mayoria-de-los-paises-y-que-afectan-a-la-vida-de-las-mujeres\/&amp;ct=ga&amp;cd=CAEYACoSOTc4MzI3MDMyODA3ODY4NDA3Mhk1OWQ3ODE3MTM2YTJkMDI4OmVzOmVzOkVT&amp;usg=AOvVaw35y5eVqCUvUtWVgH5V4NO2\" target=\"_blank\" rel=\"noopener\" data-saferedirecturl=\"https:\/\/www.google.com\/url?q=https:\/\/www.google.com\/url?rct%3Dj%26sa%3Dt%26url%3Dhttps:\/\/eldiariofeminista.info\/2023\/08\/03\/un-informe-de-la-onu-pone-de-manifiesto-las-importantes-brechas-de-genero-que-prevalecen-en-la-mayoria-de-los-paises-y-que-afectan-a-la-vida-de-las-mujeres\/%26ct%3Dga%26cd%3DCAEYACoSOTc4MzI3MDMyODA3ODY4NDA3Mhk1OWQ3ODE3MTM2YTJkMDI4OmVzOmVzOkVT%26usg%3DAOvVaw35y5eVqCUvUtWVgH5V4NO2&amp;source=gmail&amp;ust=1691159839688000&amp;usg=AOvVaw1iMCDFnwqqVLdh2Q9y8FzM\">Un informe de la ONU pone de manifiesto las importantes brechas de\u00a0g\u00e9nero &#8230; &#8211;\u00a0<\/a>d<a>iariofeminista<br \/>\n<\/a><a href=\"https:\/\/www.google.com\/url?rct=j&amp;sa=t&amp;url=https:\/\/www.iagua.es\/noticias\/aecid\/acceso-agua-y-saneamiento-mejora-posibilidades-educativas-y-laborales-mujeres-y-ninas&amp;ct=ga&amp;cd=CAEYBCoTNTk5NTcyNTQ2ODAxMDY4MDkwNTIZNTlkNzgxNzEzNmEyZDAyODplczplczpFUw&amp;usg=AOvVaw1_fhbJySP46v47_uZxwV3-\" target=\"_blank\" rel=\"noopener\" data-saferedirecturl=\"https:\/\/www.google.com\/url?q=https:\/\/www.google.com\/url?rct%3Dj%26sa%3Dt%26url%3Dhttps:\/\/www.iagua.es\/noticias\/aecid\/acceso-agua-y-saneamiento-mejora-posibilidades-educativas-y-laborales-mujeres-y-ninas%26ct%3Dga%26cd%3DCAEYBCoTNTk5NTcyNTQ2ODAxMDY4MDkwNTIZNTlkNzgxNzEzNmEyZDAyODplczplczpFUw%26usg%3DAOvVaw1_fhbJySP46v47_uZxwV3-&amp;source=gmail&amp;ust=1691074342713000&amp;usg=AOvVaw0eEw_KJqB9YiYlCKVKYKmo\">El acceso a agua y saneamiento mejora las posibilidades educativas y laborales de mujeres y ni\u00f1as-\u00a0<\/a><a>iAgua<br \/>\n<\/a><a href=\"https:\/\/www.google.com\/url?rct=j&amp;sa=t&amp;url=https:\/\/www.prensa-latina.cu\/2023\/08\/01\/g20-en-india-centra-debates-sobre-desarrollo-liderado-por-mujeres&amp;ct=ga&amp;cd=CAEYBioTNTk5NTcyNTQ2ODAxMDY4MDkwNTIZNTlkNzgxNzEzNmEyZDAyODplczplczpFUw&amp;usg=AOvVaw1wvC4KXqjwAFKOqYUPPxt9\" target=\"_blank\" rel=\"noopener\" data-saferedirecturl=\"https:\/\/www.google.com\/url?q=https:\/\/www.google.com\/url?rct%3Dj%26sa%3Dt%26url%3Dhttps:\/\/www.prensa-latina.cu\/2023\/08\/01\/g20-en-india-centra-debates-sobre-desarrollo-liderado-por-mujeres%26ct%3Dga%26cd%3DCAEYBioTNTk5NTcyNTQ2ODAxMDY4MDkwNTIZNTlkNzgxNzEzNmEyZDAyODplczplczpFUw%26usg%3DAOvVaw1wvC4KXqjwAFKOqYUPPxt9&amp;source=gmail&amp;ust=1691074342714000&amp;usg=AOvVaw1KNUJfKA5B0AfmEcMwulwR\">G20 en India centra debates sobre desarrollo liderado por mujeres &#8211;\u00a0<\/a><a>Prensa Latina<br \/>\n<\/a><a href=\"https:\/\/www.google.com\/url?rct=j&amp;sa=t&amp;url=https:\/\/www.infosalus.com\/mujer\/noticia-nuevo-ecografo-portatil-puede-incorporarse-sujetador-podria-detectar-antes-cancer-mama-20230801072952.html&amp;ct=ga&amp;cd=CAEYAioUMTQ4MDg1NDI4MTM3NTY4NzEwODMyGWMwMzcyZWJjMmZlYWRhNTk6ZXM6ZXM6RVM&amp;usg=AOvVaw3a8c_jBiL9WnO4cLTfDunD\" target=\"_blank\" rel=\"noopener\" data-saferedirecturl=\"https:\/\/www.google.com\/url?q=https:\/\/www.google.com\/url?rct%3Dj%26sa%3Dt%26url%3Dhttps:\/\/www.infosalus.com\/mujer\/noticia-nuevo-ecografo-portatil-puede-incorporarse-sujetador-podria-detectar-antes-cancer-mama-20230801072952.html%26ct%3Dga%26cd%3DCAEYAioUMTQ4MDg1NDI4MTM3NTY4NzEwODMyGWMwMzcyZWJjMmZlYWRhNTk6ZXM6ZXM6RVM%26usg%3DAOvVaw3a8c_jBiL9WnO4cLTfDunD&amp;source=gmail&amp;ust=1691074344382000&amp;usg=AOvVaw2cMQWCJePwUll3TlMaMMF4\">Un nuevo ec\u00f3grafo port\u00e1til, que puede incorporarse a un sujetador, podr\u00eda detectar antes el c\u00e1ncer de mama&#8230;-\u00a0<\/a><a>Infosalus<br \/>\n<\/a><a class=\"title\" href=\"https:\/\/www.abc.es\/gente\/comunicadora-comprometida-causas-sociales-derechos-mujeres-sophie-20230802214255-nt.html\" target=\"_blank\" rel=\"noopener\" data-artpy=\"0\" data-author=\"ABC\">Comunicadora, comprometida con las causas sociales y los derechos de las mujeres: as\u00ed es Sophie Gr\u00e9goire, la exmujer de Justin Trudeau<\/a>-abc<br \/>\n<a class=\"title\" href=\"https:\/\/www.eltiempo.com\/cultura\/las-barreras-que-enfrentan-las-mujeres-que-no-quieren-ser-madres-en-america-latina-792640\" target=\"_blank\" rel=\"noopener\" data-artpy=\"0\" data-author=\"El Tiempo\">Las barreras que enfrentan las mujeres que no quieren ser madres en Am\u00e9rica Latina<\/a>-eltiempo<br \/>\n<a class=\"title\" href=\"https:\/\/www.infobae.com\/mexico\/2023\/08\/03\/micgenero-2023-todo-lo-que-debes-saber-sobre-el-festival-de-cine-con-perspectiva-de-genero-en-cdmx\/\" target=\"_blank\" rel=\"noopener\" data-artpy=\"0\" data-author=\"Infobae\">MICG\u00e9nero 2023: todo lo que debes saber sobre el festival de cine con perspectiva de g\u00e9nero en CDMX<\/a>-infobae<br \/>\n<a class=\"title\" href=\"https:\/\/www.msn.com\/es-pe\/noticias\/other\/isabel-allende-la-escritora-m%C3%A1s-le%C3%ADda-en-lengua-espa%C3%B1ola-cumple-81-a%C3%B1os\/ar-AA1eIBy4\" target=\"_blank\" rel=\"noopener\" data-artpy=\"0\" data-author=\"La Rep\u00fablica on MSN\">Isabel Allende, la escritora m\u00e1s le\u00edda en lengua espa\u00f1ola cumple 81 a\u00f1os<\/a>-larepublica<br \/>\n<a href=\"https:\/\/www.eldiario.es\/sociedad\/hombres-ofendidos-fichar-mujeres-nuevo-fifa-no-realista-jugar-maradona-si_1_10408999.html\">Hombres ofendidos por poder fichar a mujeres en el nuevo FIFA: \u201c\u00bfNo es realista pero jugar con Maradona s\u00ed lo es?\u201d &#8211;\u00a0<\/a>eldiario<br \/>\n<a class=\"title\" href=\"https:\/\/esdiario.com.mx\/2023\/08\/02\/leyenda-brasilena-marta-se-retira-de-mundiales\/\" target=\"_blank\" rel=\"noopener\" data-artpy=\"0\" data-author=\"ES Diario\">Leyenda brasile\u00f1a, Marta, se retira de Mundiales<\/a>-esdiario<\/p>\n<\/div>\n<\/div>\n<\/div><\/div><\/div><\/div><\/div>\n","protected":false},"excerpt":{"rendered":"<p>Informe ONU pone de manifiesto las importantes brechas de g\u00e9nero que prevalecen en la mayor\u00eda de los pa\u00edses y que afectan a la vida de las mujeres * Las categor\u00edas de \u2018Las Top 100 Mujeres L\u00edderes\u2019: Las Top 10 Exterior * El poder del \u2018lenguaje d\u00e9bil\u2019 de las mujeres<\/p>\n","protected":false},"author":3,"featured_media":22909,"comment_status":"closed","ping_status":"closed","sticky":false,"template":"","format":"standard","meta":{"footnotes":""},"categories":[298,621],"tags":[211,168,96],"class_list":["post-20333","post","type-post","status-publish","format-standard","has-post-thumbnail","hentry","category-newsletter","category-nwl-3-0","tag-brecha-de-genero","tag-empleo","tag-mujeres"],"yoast_head":"<!-- This site is optimized with the Yoast SEO plugin v27.5 - https:\/\/yoast.com\/product\/yoast-seo-wordpress\/ -->\n<title>Noticias Info CKL n\u00ba 2814-03\/08\/23-Comunicar con perspectiva de g\u00e9nero<\/title>\n<meta name=\"description\" content=\"Noticias Info CKL n\u00ba 2814-03\/08\/23 Informe ONU pone de manifiesto las importantes brechas de g\u00e9nero que prevalecen en la mayor\u00eda de los pa\u00edses y que afectan a la vida de las mujeres * Las categor\u00edas de \u2018Las Top 100 Mujeres L\u00edderes\u2019: Las Top 10 Exterior * El poder del \u2018lenguaje d\u00e9bil\u2019 de las mujeres\" \/>\n<meta name=\"robots\" content=\"index, follow, max-snippet:-1, max-image-preview:large, max-video-preview:-1\" \/>\n<link rel=\"canonical\" href=\"https:\/\/cklcomunicaciones.es\/coop\/noticias-info-ckl-no-2814-03-08-23\/\" \/>\n<meta property=\"og:locale\" content=\"es_ES\" \/>\n<meta property=\"og:type\" content=\"article\" \/>\n<meta property=\"og:title\" content=\"Noticias Info CKL n\u00ba 2814-03\/08\/23-Comunicar con perspectiva de g\u00e9nero\" \/>\n<meta property=\"og:description\" content=\"Noticias Info CKL n\u00ba 2814-03\/08\/23 Informe ONU pone de manifiesto las importantes brechas de g\u00e9nero que prevalecen en la mayor\u00eda de los pa\u00edses y que afectan a la vida de las mujeres * Las categor\u00edas de \u2018Las Top 100 Mujeres L\u00edderes\u2019: Las Top 10 Exterior * El poder del \u2018lenguaje d\u00e9bil\u2019 de las mujeres\" \/>\n<meta property=\"og:url\" content=\"https:\/\/cklcomunicaciones.es\/coop\/noticias-info-ckl-no-2814-03-08-23\/\" \/>\n<meta property=\"og:site_name\" content=\"CKL Comunicaciones\" \/>\n<meta property=\"article:published_time\" content=\"2023-08-03T17:33:58+00:00\" \/>\n<meta property=\"article:modified_time\" content=\"2025-02-08T08:31:16+00:00\" \/>\n<meta property=\"og:image\" content=\"https:\/\/cklcomunicaciones.es\/coop\/wp-content\/uploads\/2025\/01\/CKL-una-mirada-distinta-de-la-comunicacion.jpg\" \/>\n\t<meta property=\"og:image:width\" content=\"1482\" \/>\n\t<meta property=\"og:image:height\" content=\"775\" \/>\n\t<meta property=\"og:image:type\" content=\"image\/jpeg\" \/>\n<meta name=\"author\" content=\"ckl\" \/>\n<meta name=\"twitter:card\" content=\"summary_large_image\" \/>\n<meta name=\"twitter:label1\" content=\"Escrito por\" \/>\n\t<meta name=\"twitter:data1\" content=\"ckl\" \/>\n\t<meta name=\"twitter:label2\" content=\"Tiempo de lectura\" \/>\n\t<meta name=\"twitter:data2\" content=\"7 minutos\" \/>\n<script type=\"application\/ld+json\" class=\"yoast-schema-graph\">{\"@context\":\"https:\\\/\\\/schema.org\",\"@graph\":[{\"@type\":\"Article\",\"@id\":\"https:\\\/\\\/cklcomunicaciones.es\\\/coop\\\/noticias-info-ckl-no-2814-03-08-23\\\/#article\",\"isPartOf\":{\"@id\":\"https:\\\/\\\/cklcomunicaciones.es\\\/coop\\\/noticias-info-ckl-no-2814-03-08-23\\\/\"},\"author\":{\"name\":\"ckl\",\"@id\":\"https:\\\/\\\/cklcomunicaciones.es\\\/coop\\\/#\\\/schema\\\/person\\\/929a6837f7626450bbb50cee1aef266e\"},\"headline\":\"Noticias Info CKL n\u00ba 2814-03\\\/08\\\/23\",\"datePublished\":\"2023-08-03T17:33:58+00:00\",\"dateModified\":\"2025-02-08T08:31:16+00:00\",\"mainEntityOfPage\":{\"@id\":\"https:\\\/\\\/cklcomunicaciones.es\\\/coop\\\/noticias-info-ckl-no-2814-03-08-23\\\/\"},\"wordCount\":1384,\"image\":{\"@id\":\"https:\\\/\\\/cklcomunicaciones.es\\\/coop\\\/noticias-info-ckl-no-2814-03-08-23\\\/#primaryimage\"},\"thumbnailUrl\":\"https:\\\/\\\/cklcomunicaciones.es\\\/coop\\\/wp-content\\\/uploads\\\/2025\\\/01\\\/CKL-una-mirada-distinta-de-la-comunicacion.jpg\",\"keywords\":[\"brecha de g\u00e9nero\",\"empleo\",\"mujeres\"],\"articleSection\":[\"Newsletter\",\"Nwl v3.0\"],\"inLanguage\":\"es\"},{\"@type\":\"WebPage\",\"@id\":\"https:\\\/\\\/cklcomunicaciones.es\\\/coop\\\/noticias-info-ckl-no-2814-03-08-23\\\/\",\"url\":\"https:\\\/\\\/cklcomunicaciones.es\\\/coop\\\/noticias-info-ckl-no-2814-03-08-23\\\/\",\"name\":\"Noticias Info CKL n\u00ba 2814-03\\\/08\\\/23-Comunicar con perspectiva de g\u00e9nero\",\"isPartOf\":{\"@id\":\"https:\\\/\\\/cklcomunicaciones.es\\\/coop\\\/#website\"},\"primaryImageOfPage\":{\"@id\":\"https:\\\/\\\/cklcomunicaciones.es\\\/coop\\\/noticias-info-ckl-no-2814-03-08-23\\\/#primaryimage\"},\"image\":{\"@id\":\"https:\\\/\\\/cklcomunicaciones.es\\\/coop\\\/noticias-info-ckl-no-2814-03-08-23\\\/#primaryimage\"},\"thumbnailUrl\":\"https:\\\/\\\/cklcomunicaciones.es\\\/coop\\\/wp-content\\\/uploads\\\/2025\\\/01\\\/CKL-una-mirada-distinta-de-la-comunicacion.jpg\",\"datePublished\":\"2023-08-03T17:33:58+00:00\",\"dateModified\":\"2025-02-08T08:31:16+00:00\",\"author\":{\"@id\":\"https:\\\/\\\/cklcomunicaciones.es\\\/coop\\\/#\\\/schema\\\/person\\\/929a6837f7626450bbb50cee1aef266e\"},\"description\":\"Noticias Info CKL n\u00ba 2814-03\\\/08\\\/23 Informe ONU pone de manifiesto las importantes brechas de g\u00e9nero que prevalecen en la mayor\u00eda de los pa\u00edses y que afectan a la vida de las mujeres * Las categor\u00edas de \u2018Las Top 100 Mujeres L\u00edderes\u2019: Las Top 10 Exterior * El poder del \u2018lenguaje d\u00e9bil\u2019 de las mujeres\",\"breadcrumb\":{\"@id\":\"https:\\\/\\\/cklcomunicaciones.es\\\/coop\\\/noticias-info-ckl-no-2814-03-08-23\\\/#breadcrumb\"},\"inLanguage\":\"es\",\"potentialAction\":[{\"@type\":\"ReadAction\",\"target\":[\"https:\\\/\\\/cklcomunicaciones.es\\\/coop\\\/noticias-info-ckl-no-2814-03-08-23\\\/\"]}]},{\"@type\":\"ImageObject\",\"inLanguage\":\"es\",\"@id\":\"https:\\\/\\\/cklcomunicaciones.es\\\/coop\\\/noticias-info-ckl-no-2814-03-08-23\\\/#primaryimage\",\"url\":\"https:\\\/\\\/cklcomunicaciones.es\\\/coop\\\/wp-content\\\/uploads\\\/2025\\\/01\\\/CKL-una-mirada-distinta-de-la-comunicacion.jpg\",\"contentUrl\":\"https:\\\/\\\/cklcomunicaciones.es\\\/coop\\\/wp-content\\\/uploads\\\/2025\\\/01\\\/CKL-una-mirada-distinta-de-la-comunicacion.jpg\",\"width\":1482,\"height\":775,\"caption\":\"CKL - una mirada distinta de la comunicacion\"},{\"@type\":\"BreadcrumbList\",\"@id\":\"https:\\\/\\\/cklcomunicaciones.es\\\/coop\\\/noticias-info-ckl-no-2814-03-08-23\\\/#breadcrumb\",\"itemListElement\":[{\"@type\":\"ListItem\",\"position\":1,\"name\":\"Portada\",\"item\":\"https:\\\/\\\/cklcomunicaciones.es\\\/coop\\\/\"},{\"@type\":\"ListItem\",\"position\":2,\"name\":\"Noticias Info CKL n\u00ba 2814-03\\\/08\\\/23\"}]},{\"@type\":\"WebSite\",\"@id\":\"https:\\\/\\\/cklcomunicaciones.es\\\/coop\\\/#website\",\"url\":\"https:\\\/\\\/cklcomunicaciones.es\\\/coop\\\/\",\"name\":\"CKL Comunicaciones\",\"description\":\"Sitio web de CKL Comunicaciones coop , la consultora de comunicaci\u00f3n y estrategia\",\"potentialAction\":[{\"@type\":\"SearchAction\",\"target\":{\"@type\":\"EntryPoint\",\"urlTemplate\":\"https:\\\/\\\/cklcomunicaciones.es\\\/coop\\\/?s={search_term_string}\"},\"query-input\":{\"@type\":\"PropertyValueSpecification\",\"valueRequired\":true,\"valueName\":\"search_term_string\"}}],\"inLanguage\":\"es\"},{\"@type\":\"Person\",\"@id\":\"https:\\\/\\\/cklcomunicaciones.es\\\/coop\\\/#\\\/schema\\\/person\\\/929a6837f7626450bbb50cee1aef266e\",\"name\":\"ckl\",\"image\":{\"@type\":\"ImageObject\",\"inLanguage\":\"es\",\"@id\":\"https:\\\/\\\/secure.gravatar.com\\\/avatar\\\/c82db564e8a669bf6023357a157b9dc4780f4d4c618f2ad1d71a6a5dede45057?s=96&d=mm&r=g\",\"url\":\"https:\\\/\\\/secure.gravatar.com\\\/avatar\\\/c82db564e8a669bf6023357a157b9dc4780f4d4c618f2ad1d71a6a5dede45057?s=96&d=mm&r=g\",\"contentUrl\":\"https:\\\/\\\/secure.gravatar.com\\\/avatar\\\/c82db564e8a669bf6023357a157b9dc4780f4d4c618f2ad1d71a6a5dede45057?s=96&d=mm&r=g\",\"caption\":\"ckl\"},\"url\":\"https:\\\/\\\/cklcomunicaciones.es\\\/coop\\\/author\\\/cklcomunicaciones\\\/\"}]}<\/script>\n<!-- \/ Yoast SEO plugin. -->","yoast_head_json":{"title":"Noticias Info CKL n\u00ba 2814-03\/08\/23-Comunicar con perspectiva de g\u00e9nero","description":"Noticias Info CKL n\u00ba 2814-03\/08\/23 Informe ONU pone de manifiesto las importantes brechas de g\u00e9nero que prevalecen en la mayor\u00eda de los pa\u00edses y que afectan a la vida de las mujeres * Las categor\u00edas de \u2018Las Top 100 Mujeres L\u00edderes\u2019: Las Top 10 Exterior * El poder del \u2018lenguaje d\u00e9bil\u2019 de las mujeres","robots":{"index":"index","follow":"follow","max-snippet":"max-snippet:-1","max-image-preview":"max-image-preview:large","max-video-preview":"max-video-preview:-1"},"canonical":"https:\/\/cklcomunicaciones.es\/coop\/noticias-info-ckl-no-2814-03-08-23\/","og_locale":"es_ES","og_type":"article","og_title":"Noticias Info CKL n\u00ba 2814-03\/08\/23-Comunicar con perspectiva de g\u00e9nero","og_description":"Noticias Info CKL n\u00ba 2814-03\/08\/23 Informe ONU pone de manifiesto las importantes brechas de g\u00e9nero que prevalecen en la mayor\u00eda de los pa\u00edses y que afectan a la vida de las mujeres * Las categor\u00edas de \u2018Las Top 100 Mujeres L\u00edderes\u2019: Las Top 10 Exterior * El poder del \u2018lenguaje d\u00e9bil\u2019 de las mujeres","og_url":"https:\/\/cklcomunicaciones.es\/coop\/noticias-info-ckl-no-2814-03-08-23\/","og_site_name":"CKL Comunicaciones","article_published_time":"2023-08-03T17:33:58+00:00","article_modified_time":"2025-02-08T08:31:16+00:00","og_image":[{"width":1482,"height":775,"url":"https:\/\/cklcomunicaciones.es\/coop\/wp-content\/uploads\/2025\/01\/CKL-una-mirada-distinta-de-la-comunicacion.jpg","type":"image\/jpeg"}],"author":"ckl","twitter_card":"summary_large_image","twitter_misc":{"Escrito por":"ckl","Tiempo de lectura":"7 minutos"},"schema":{"@context":"https:\/\/schema.org","@graph":[{"@type":"Article","@id":"https:\/\/cklcomunicaciones.es\/coop\/noticias-info-ckl-no-2814-03-08-23\/#article","isPartOf":{"@id":"https:\/\/cklcomunicaciones.es\/coop\/noticias-info-ckl-no-2814-03-08-23\/"},"author":{"name":"ckl","@id":"https:\/\/cklcomunicaciones.es\/coop\/#\/schema\/person\/929a6837f7626450bbb50cee1aef266e"},"headline":"Noticias Info CKL n\u00ba 2814-03\/08\/23","datePublished":"2023-08-03T17:33:58+00:00","dateModified":"2025-02-08T08:31:16+00:00","mainEntityOfPage":{"@id":"https:\/\/cklcomunicaciones.es\/coop\/noticias-info-ckl-no-2814-03-08-23\/"},"wordCount":1384,"image":{"@id":"https:\/\/cklcomunicaciones.es\/coop\/noticias-info-ckl-no-2814-03-08-23\/#primaryimage"},"thumbnailUrl":"https:\/\/cklcomunicaciones.es\/coop\/wp-content\/uploads\/2025\/01\/CKL-una-mirada-distinta-de-la-comunicacion.jpg","keywords":["brecha de g\u00e9nero","empleo","mujeres"],"articleSection":["Newsletter","Nwl v3.0"],"inLanguage":"es"},{"@type":"WebPage","@id":"https:\/\/cklcomunicaciones.es\/coop\/noticias-info-ckl-no-2814-03-08-23\/","url":"https:\/\/cklcomunicaciones.es\/coop\/noticias-info-ckl-no-2814-03-08-23\/","name":"Noticias Info CKL n\u00ba 2814-03\/08\/23-Comunicar con perspectiva de g\u00e9nero","isPartOf":{"@id":"https:\/\/cklcomunicaciones.es\/coop\/#website"},"primaryImageOfPage":{"@id":"https:\/\/cklcomunicaciones.es\/coop\/noticias-info-ckl-no-2814-03-08-23\/#primaryimage"},"image":{"@id":"https:\/\/cklcomunicaciones.es\/coop\/noticias-info-ckl-no-2814-03-08-23\/#primaryimage"},"thumbnailUrl":"https:\/\/cklcomunicaciones.es\/coop\/wp-content\/uploads\/2025\/01\/CKL-una-mirada-distinta-de-la-comunicacion.jpg","datePublished":"2023-08-03T17:33:58+00:00","dateModified":"2025-02-08T08:31:16+00:00","author":{"@id":"https:\/\/cklcomunicaciones.es\/coop\/#\/schema\/person\/929a6837f7626450bbb50cee1aef266e"},"description":"Noticias Info CKL n\u00ba 2814-03\/08\/23 Informe ONU pone de manifiesto las importantes brechas de g\u00e9nero que prevalecen en la mayor\u00eda de los pa\u00edses y que afectan a la vida de las mujeres * Las categor\u00edas de \u2018Las Top 100 Mujeres L\u00edderes\u2019: Las Top 10 Exterior * El poder del \u2018lenguaje d\u00e9bil\u2019 de las mujeres","breadcrumb":{"@id":"https:\/\/cklcomunicaciones.es\/coop\/noticias-info-ckl-no-2814-03-08-23\/#breadcrumb"},"inLanguage":"es","potentialAction":[{"@type":"ReadAction","target":["https:\/\/cklcomunicaciones.es\/coop\/noticias-info-ckl-no-2814-03-08-23\/"]}]},{"@type":"ImageObject","inLanguage":"es","@id":"https:\/\/cklcomunicaciones.es\/coop\/noticias-info-ckl-no-2814-03-08-23\/#primaryimage","url":"https:\/\/cklcomunicaciones.es\/coop\/wp-content\/uploads\/2025\/01\/CKL-una-mirada-distinta-de-la-comunicacion.jpg","contentUrl":"https:\/\/cklcomunicaciones.es\/coop\/wp-content\/uploads\/2025\/01\/CKL-una-mirada-distinta-de-la-comunicacion.jpg","width":1482,"height":775,"caption":"CKL - una mirada distinta de la comunicacion"},{"@type":"BreadcrumbList","@id":"https:\/\/cklcomunicaciones.es\/coop\/noticias-info-ckl-no-2814-03-08-23\/#breadcrumb","itemListElement":[{"@type":"ListItem","position":1,"name":"Portada","item":"https:\/\/cklcomunicaciones.es\/coop\/"},{"@type":"ListItem","position":2,"name":"Noticias Info CKL n\u00ba 2814-03\/08\/23"}]},{"@type":"WebSite","@id":"https:\/\/cklcomunicaciones.es\/coop\/#website","url":"https:\/\/cklcomunicaciones.es\/coop\/","name":"CKL Comunicaciones","description":"Sitio web de CKL Comunicaciones coop , la consultora de comunicaci\u00f3n y estrategia","potentialAction":[{"@type":"SearchAction","target":{"@type":"EntryPoint","urlTemplate":"https:\/\/cklcomunicaciones.es\/coop\/?s={search_term_string}"},"query-input":{"@type":"PropertyValueSpecification","valueRequired":true,"valueName":"search_term_string"}}],"inLanguage":"es"},{"@type":"Person","@id":"https:\/\/cklcomunicaciones.es\/coop\/#\/schema\/person\/929a6837f7626450bbb50cee1aef266e","name":"ckl","image":{"@type":"ImageObject","inLanguage":"es","@id":"https:\/\/secure.gravatar.com\/avatar\/c82db564e8a669bf6023357a157b9dc4780f4d4c618f2ad1d71a6a5dede45057?s=96&d=mm&r=g","url":"https:\/\/secure.gravatar.com\/avatar\/c82db564e8a669bf6023357a157b9dc4780f4d4c618f2ad1d71a6a5dede45057?s=96&d=mm&r=g","contentUrl":"https:\/\/secure.gravatar.com\/avatar\/c82db564e8a669bf6023357a157b9dc4780f4d4c618f2ad1d71a6a5dede45057?s=96&d=mm&r=g","caption":"ckl"},"url":"https:\/\/cklcomunicaciones.es\/coop\/author\/cklcomunicaciones\/"}]}},"_links":{"self":[{"href":"https:\/\/cklcomunicaciones.es\/coop\/wp-json\/wp\/v2\/posts\/20333","targetHints":{"allow":["GET"]}}],"collection":[{"href":"https:\/\/cklcomunicaciones.es\/coop\/wp-json\/wp\/v2\/posts"}],"about":[{"href":"https:\/\/cklcomunicaciones.es\/coop\/wp-json\/wp\/v2\/types\/post"}],"author":[{"embeddable":true,"href":"https:\/\/cklcomunicaciones.es\/coop\/wp-json\/wp\/v2\/users\/3"}],"replies":[{"embeddable":true,"href":"https:\/\/cklcomunicaciones.es\/coop\/wp-json\/wp\/v2\/comments?post=20333"}],"version-history":[{"count":0,"href":"https:\/\/cklcomunicaciones.es\/coop\/wp-json\/wp\/v2\/posts\/20333\/revisions"}],"wp:featuredmedia":[{"embeddable":true,"href":"https:\/\/cklcomunicaciones.es\/coop\/wp-json\/wp\/v2\/media\/22909"}],"wp:attachment":[{"href":"https:\/\/cklcomunicaciones.es\/coop\/wp-json\/wp\/v2\/media?parent=20333"}],"wp:term":[{"taxonomy":"category","embeddable":true,"href":"https:\/\/cklcomunicaciones.es\/coop\/wp-json\/wp\/v2\/categories?post=20333"},{"taxonomy":"post_tag","embeddable":true,"href":"https:\/\/cklcomunicaciones.es\/coop\/wp-json\/wp\/v2\/tags?post=20333"}],"curies":[{"name":"wp","href":"https:\/\/api.w.org\/{rel}","templated":true}]}}