{"id":20169,"date":"2023-07-10T19:07:47","date_gmt":"2023-07-10T17:07:47","guid":{"rendered":"https:\/\/www.cklcomunicaciones.es\/?p=20169"},"modified":"2025-02-08T10:16:17","modified_gmt":"2025-02-08T09:16:17","slug":"noticias-info-ckl-no-2806-10-07-23","status":"publish","type":"post","link":"https:\/\/cklcomunicaciones.es\/coop\/noticias-info-ckl-no-2806-10-07-23\/","title":{"rendered":"Noticias Info CKL n\u00ba 2806-10\/07\/23"},"content":{"rendered":"<div class=\"fusion-fullwidth fullwidth-box fusion-builder-row-1 fusion-flex-container nonhundred-percent-fullwidth non-hundred-percent-height-scrolling\" style=\"--awb-border-radius-top-left:0px;--awb-border-radius-top-right:0px;--awb-border-radius-bottom-right:0px;--awb-border-radius-bottom-left:0px;--awb-flex-wrap:wrap;\" ><div class=\"fusion-builder-row fusion-row fusion-flex-align-items-flex-start fusion-flex-content-wrap\" style=\"max-width:1248px;margin-left: calc(-4% \/ 2 );margin-right: calc(-4% \/ 2 );\"><div class=\"fusion-layout-column fusion_builder_column fusion-builder-column-0 fusion_builder_column_1_1 1_1 fusion-flex-column\" style=\"--awb-bg-blend:overlay;--awb-bg-size:cover;--awb-width-large:100%;--awb-margin-top-large:0px;--awb-spacing-right-large:1.92%;--awb-margin-bottom-large:0px;--awb-spacing-left-large:1.92%;--awb-width-medium:100%;--awb-spacing-right-medium:1.92%;--awb-spacing-left-medium:1.92%;--awb-width-small:100%;--awb-spacing-right-small:1.92%;--awb-spacing-left-small:1.92%;\"><div class=\"fusion-column-wrapper fusion-flex-justify-content-flex-start fusion-content-layout-column\"><div class=\"fusion-text fusion-text-1\"><div id=\"\" class=\"lsow-panel lsow-active\">\n<h1 class=\"lsow-panel-title\">Comunicaci\u00f3n, Publicidad y TICs<\/h1>\n<div class=\"lsow-panel-content\">\n<p><a class=\"title\" href=\"https:\/\/www.rtve.es\/play\/videos\/objetivo-igualdad\/objetivo-igualdad-igualdad-medios-periodismo-feminista\/6929280\/\" target=\"_blank\" rel=\"noopener\" data-artpy=\"0\" data-author=\"RTVE\">Igualdad en los medios: \u00bfQu\u00e9 es el periodismo feminista?<\/a>-rtve<br \/>\n<a class=\"title\" href=\"https:\/\/elcierredigital.com\/pizarrra-deportiva\/922048469\/maria-trisac-primera-mujer-presentadora-programa-nocturno-radio-deportes.html\" target=\"_blank\" rel=\"noopener\" data-artpy=\"0\" data-author=\"elcierredigital\">Maria Trisac, primera mujer en romper moldes en la noche deportiva en la radio: \u00abHay gente que a\u00fan no est\u00e1 habituada\u00bb<\/a>-elcierredigital<br \/>\n<a class=\"title\" href=\"https:\/\/www.lasexta.com\/noticias\/sociedad\/bbc-suspende-presentador-acusado-pagar-menor-fotos-sexuales_2023071064abb81ff786880001321c8d.html\" target=\"_blank\" rel=\"noopener\" data-artpy=\"0\" data-author=\"laSexta\">La BBC suspende a un presentador acusado de pagar a un menor por fotos sexuales<\/a>-lasexta<br \/>\n<a class=\"title\" href=\"https:\/\/www.rtve.es\/rtve\/20230710\/rtve-dona-mas-140000-pares-guantes-nitrilo-para-cuidado-personas-ancianas-riesgo-exclusion\/2451672.shtml\" target=\"_blank\" rel=\"noopener\" data-artpy=\"0\" data-author=\"RTVE\">RTVE dona m\u00e1s de 140.000 pares de guantes de nitrilo a proyectos para el cuidado de personas ancianas y en riesgo de exclusi\u00f3n<\/a>-rtve<br \/>\n<a class=\"title\" href=\"https:\/\/www.msn.com\/es-es\/entretenimiento\/tv\/ana-rosa-quintana-vicente-vall%C3%A9s-y-ana-pastor-pelear%C3%A1n-en-la-misma-categor%C3%ADa-por-el-premio-iris-2023\/ar-AA1dF0Ge\" target=\"_blank\" rel=\"noopener\" data-artpy=\"0\" data-author=\"El Confidencial on MSN\">Ana Rosa Quintana, Vicente Vall\u00e9s y Ana Pastor pelear\u00e1n en la misma categor\u00eda por el Premio Iris 2023<\/a>-elconfidencial<\/p>\n<\/div>\n<\/div>\n<div id=\"\" class=\"lsow-panel lsow-active\">\n<h1 class=\"lsow-panel-title\">Andaluc\u00eda<\/h1>\n<div class=\"lsow-panel-content\">\n<div class=\"source set_top\">\n<div data-priority=\"2\" aria-hidden=\"true\">\n<p><strong>Econom\u00eda y Empresa<br \/>\n<\/strong><a class=\"title\" href=\"https:\/\/www.elcomercio.es\/sociedad\/sucesos\/carolina-espana-buenas-ideas-perderan-andalucia-falta-20230705153511-vi.html\" target=\"_blank\" rel=\"noopener\" data-artpy=\"0\" data-author=\"El Comercio\">Carolina Espa\u00f1a, Consejera de Econom\u00eda: \u00abLas buenas ideas no se perder\u00e1n en Andaluc\u00eda por falta de financiaci\u00f3n\u00bb<\/a>-elcomercio<br \/>\n<a class=\"title\" href=\"https:\/\/www.diariosur.es\/andalucia\/andalucia-aspira-contar-2027-7200-empresas-exporten-20230706201339-nt.html\" target=\"_blank\" rel=\"noopener\" data-artpy=\"0\" data-author=\"SUR\">Carolina Espa\u00f1a, Consejera de Econom\u00eda: Andaluc\u00eda aspira a contar para 2027 con m\u00e1s de 7.200 empresas que exporten regularmente<\/a>-sur<strong><br \/>\n<\/strong><a class=\"title\" href=\"https:\/\/sevilla.abc.es\/andalucia\/andalucia-permitira-empleados-publicos-seguir-optando-teletrabajo-20230710162429-nts.html\" target=\"_blank\" rel=\"noopener\" data-artpy=\"0\" data-author=\"ABC\">Andaluc\u00eda permitir\u00e1 a sus empleados p\u00fablicos seguir optando por el teletrabajo<\/a>-abcsevilla<br \/>\n<a class=\"title\" href=\"https:\/\/www.eleconomista.es\/empleo\/noticias\/12355824\/07\/23\/andalucia-marca-un-nuevo-record-y-se-acerca-a-los-572000-autonomos-.html\" target=\"_blank\" rel=\"noopener\" data-artpy=\"0\" data-author=\"elEconomista\">Andaluc\u00eda marca un nuevo r\u00e9cord y se acerca a los 572.000 aut\u00f3nomos<\/a>-eleconomista<br \/>\n<a class=\"title\" href=\"https:\/\/www.canalsur.es\/television\/la-revolucion-de-la-inteligencia-artificial-en-andalucia\/1949944.html\" target=\"_blank\" rel=\"noopener\" data-artpy=\"0\" data-author=\"canalsur\">La revoluci\u00f3n de la inteligencia artificial en Andaluc\u00eda<\/a>-canalsur<a><br \/>\n<\/a><\/p>\n<p><strong>Actualidad<br \/>\n<\/strong><a class=\"title\" href=\"https:\/\/www.msn.com\/es-es\/noticias\/espana\/el-sas-implanta-un-sistema-de-informaci%C3%B3n-centralizado-para-la-detecci%C3%B3n-precoz-del-c%C3%A1ncer-de-mama\/ar-AA1dFjKP\" target=\"_blank\" rel=\"noopener\" data-artpy=\"0\" data-author=\"Europa Press on MSN\">El SAS implanta un sistema de informaci\u00f3n centralizado para la detecci\u00f3n precoz del c\u00e1ncer de mama<\/a>-europapress<strong><br \/>\n<\/strong><a class=\"title\" href=\"https:\/\/www.ideal.es\/jaen\/jaen\/feministas-lamenta-mujeres-jaen-sigan-poder-abortar-20230710135047-nt.html\" target=\"_blank\" rel=\"noopener\" data-artpy=\"0\" data-author=\"ideal\">Feministas 8M lamenta que las mujeres de Ja\u00e9n \u00absigan sin poder abortar\u00bb<\/a>-ideal<br \/>\n<a href=\"https:\/\/www.eldiario.es\/sevilla\/pugna-denominacion-colegio-abogados-sevilla-llega-juzgado-mujeres-derecho-nombrarnos_1_10351630.html\" data-mrf-link=\"https:\/\/www.eldiario.es\/sevilla\/pugna-denominacion-colegio-abogados-sevilla-llega-juzgado-mujeres-derecho-nombrarnos_1_10351630.html\">La pugna por la denominaci\u00f3n &#8216;Colegio de Abogados de Sevilla&#8217; llega al juzgado: \u201cLas mujeres tenemos derecho a nombrarnos\u201d<\/a>-eldiario<\/p>\n<p><strong>Violencias<br \/>\n<\/strong><a href=\"https:\/\/www.google.com\/url?rct=j&amp;sa=t&amp;url=https:\/\/www.lavanguardia.com\/vida\/20230708\/9096122\/iam-presta-apoyo-victimas-violencia-machista-carcel-mujeres.html&amp;ct=ga&amp;cd=CAEYASoUMTQwODEwNTY5NjgzMzk4NTk0NTcyGzlhYjFjZGQ3ZTM2NmVmMzg6ZXM6ZXM6RVM6Ug&amp;usg=AOvVaw1_NMun2snefskJLvcxLdfb\" target=\"_blank\" rel=\"noopener\" data-saferedirecturl=\"https:\/\/www.google.com\/url?q=https:\/\/www.google.com\/url?rct%3Dj%26sa%3Dt%26url%3Dhttps:\/\/www.lavanguardia.com\/vida\/20230708\/9096122\/iam-presta-apoyo-victimas-violencia-machista-carcel-mujeres.html%26ct%3Dga%26cd%3DCAEYASoUMTQwODEwNTY5NjgzMzk4NTk0NTcyGzlhYjFjZGQ3ZTM2NmVmMzg6ZXM6ZXM6RVM6Ug%26usg%3DAOvVaw1_NMun2snefskJLvcxLdfb&amp;source=gmail&amp;ust=1689086678573000&amp;usg=AOvVaw1dp7eBv4PubCxREz-ELOc3\">El IAM presta apoyo a v\u00edctimas de violencia machista de la c\u00e1rcel de\u00a0mujeres<b>&#8211;\u00a0<\/b><\/a><a>La Vanguardia<\/a><\/p>\n<p><b>Ciencia y Cultura<br \/>\n<\/b><a class=\"title\" href=\"https:\/\/www.msn.com\/es-es\/noticias\/espana\/andaluc%C3%ADa-y-portugal-tratan-en-huelva-la-difusi%C3%B3n-internacional-de-la-cultura-resultante-de-su-cooperaci%C3%B3n\/ar-AA1dFlEt\" target=\"_blank\" rel=\"noopener\" data-artpy=\"0\" data-author=\"Europa Press on MSN\">Andaluc\u00eda y Portugal tratan en Huelva la difusi\u00f3n internacional de la cultura resultante de su cooperaci\u00f3n<\/a>-europapress<br \/>\n<a class=\"title\" href=\"https:\/\/andaluciainformacion.es\/punta-umbria\/1308099\/andalucia-ampliara-la-cooperacion-internacional-con-las-universidades-iberoamericanas\/\" target=\"_blank\" rel=\"noopener\" data-artpy=\"0\" data-author=\"Andaluc\u00eda Informaci\u00f3n\">Andaluc\u00eda ampliar\u00e1 la cooperaci\u00f3n internacional con las universidades iberoamericanas<\/a>-andaluciainformacion<b><br \/>\n<\/b><a class=\"title\" href=\"https:\/\/www.lanocion.es\/malaga-capital\/20230710\/el-museo-carmen-thyssen-malaga-propone-un-nue-12385.html\" target=\"_blank\" rel=\"noopener\" data-artpy=\"0\" data-author=\"lanocion\">El Museo Carmen Thyssen M\u00e1laga propone un nuevo relato urbano a trav\u00e9s de tres fot\u00f3grafas de los a\u00f1os treinta y cuarenta<\/a>-lanocion<br \/>\n<a class=\"title\" href=\"https:\/\/www.diariodejerez.es\/que-hacer\/Puedes-artistas-salen-molde-Chipiona_0_1809719461.html\" target=\"_blank\" rel=\"noopener\" data-artpy=\"0\" data-author=\"Diario de Jerez\">Puedes ver a 31 artistas que se salen del molde en &#8216;Las caras del arte&#8217;, en Chipiona<\/a>-diariodejerez<br \/>\n<a class=\"title\" href=\"https:\/\/www.noticiasde.es\/nd\/andalucia\/malaga\/el-conjunto-arqueologico-dolmenes-de-antequera-muestra-las-espuertas-de-la-artista-carmen-laffon\/\" target=\"_blank\" rel=\"noopener\" data-artpy=\"0\" data-author=\"noticiasde\">El Conjunto Arqueol\u00f3gico D\u00f3lmenes de Antequera muestra las \u00abespuertas\u00bb de la artista Carmen Laff\u00f3n<\/a>-noticiasde<br \/>\n<a class=\"title\" href=\"https:\/\/sevilla.abc.es\/andalucia\/cordoba\/festival-guitarra-arranca-lunes-cantante-silvia-perez-20230710061249-nts.html\" target=\"_blank\" rel=\"noopener\" data-artpy=\"0\" data-author=\"ABC\">El Festival de la Guitarra arranca este lunes con la cantante Silvia P\u00e9rez Cruz<\/a>-abcsevilla<br \/>\n<a class=\"title\" href=\"https:\/\/www.diariodecadiz.es\/ocio\/costuras-musical-talento-Falla-Cadiz_0_1810019711.html\" target=\"_blank\" rel=\"noopener\" data-artpy=\"0\" data-author=\"Diario de C\u00e1diz\">&#8216;El tiempo entre costuras&#8217;, musical con talento andaluz para abrir el Falla en C\u00e1diz<\/a>-diariodecadiz<a><br \/>\n<\/a><\/p>\n<p><b><\/b><strong>Deporte<br \/>\n<\/strong><a class=\"title\" href=\"https:\/\/as.com\/futbol\/femenino\/el-refugio-de-esther-n\/\" target=\"_blank\" rel=\"noopener\" data-artpy=\"0\" data-author=\"AS Mexico\">El refugio de Esther<\/a>-as<br \/>\n<a class=\"title\" href=\"https:\/\/cadenaser.com\/andalucia\/2023\/07\/10\/monica-gomez-bronce-en-el-campeonato-de-andalucia-absoluto-ser-almeria\/\" target=\"_blank\" rel=\"noopener\" data-artpy=\"0\" data-author=\"Cadena SER\">M\u00f3nica G\u00f3mez, bronce en el Campeonato de Andaluc\u00eda Absoluto<\/a>-ser<br \/>\n<a class=\"title\" href=\"https:\/\/www.diariodealmeria.es\/deportes\/almeria-campeonato-espana-clubes-master_0_1810020326.html\" target=\"_blank\" rel=\"noopener\" data-artpy=\"0\" data-author=\"diariodealmeria\">M\u00e1s de 350 atletas se citan en Almer\u00eda por el Campeonato de Espa\u00f1a de Clubes M\u00e1ster<\/a>-diariodealmeria<br \/>\n<a class=\"title\" href=\"https:\/\/www.lanocion.es\/cartama\/20230710\/el-equipo-cadete-femenino-de-voley-playa-de-cartam-12403.html\" target=\"_blank\" rel=\"noopener\" data-artpy=\"0\" data-author=\"lanocion\">El equipo cadete femenino de v\u00f3ley playa de C\u00e1rtama se proclama campe\u00f3n de Andaluc\u00eda<\/a>-lanocion<strong><br \/>\n<\/strong><\/p>\n<\/div>\n<\/div>\n<\/div>\n<\/div>\n<div id=\"\" class=\"lsow-panel lsow-active\">\n<h1 class=\"lsow-panel-title\">Estado<\/h1>\n<div class=\"lsow-panel-content\">\n<p><strong>Institucional<br \/>\n<\/strong><a class=\"title\" href=\"https:\/\/www.elperiodic.com\/morant-asegura-negar-violencia-machista-negar-proteccion-estado-sociedadalasmujeres_912983\" target=\"_blank\" rel=\"noopener\" data-artpy=\"0\" data-author=\"Elperiodic.com\">Morant asegura negar la violencia machista es \u00abnegar la protecci\u00f3n del Estado y la sociedad a las mujeres\u201d<\/a>-elperiodico<br \/>\n<a class=\"title\" href=\"https:\/\/www.europapress.es\/epsocial\/igualdad\/noticia-igualdad-convoca-premios-tesis-doctorales-violencia-contra-mujer-20230710165701.html\" target=\"_blank\" rel=\"noopener\" data-artpy=\"0\" data-author=\"Europa Press\">Igualdad convoca los premios a tesis doctorales sobre violencia contra la mujer<\/a>-europapress<a><br \/>\n<\/a><\/p>\n<p><strong>Institucional \u2013 CCAA<br \/>\n<\/strong><a href=\"https:\/\/www.google.com\/url?rct=j&amp;sa=t&amp;url=https:\/\/www.cuadernosmanchegos.com\/el-gobierno-de-castilla-la-mancha-se-compromete-a-seguir-apoyando-a-las-mujeres-artistas-para-reducir-la-brecha-de-genero-en-el-arte-47732.html&amp;ct=ga&amp;cd=CAEYACoUMTI5NzQ4MzUyMjM0MTE1NTc5MzQyGWMwMzcyZWJjMmZlYWRhNTk6ZXM6ZXM6RVM&amp;usg=AOvVaw20qx381Bx0GjaGrDj8AqHq\" target=\"_blank\" rel=\"noopener\" data-saferedirecturl=\"https:\/\/www.google.com\/url?q=https:\/\/www.google.com\/url?rct%3Dj%26sa%3Dt%26url%3Dhttps:\/\/www.cuadernosmanchegos.com\/el-gobierno-de-castilla-la-mancha-se-compromete-a-seguir-apoyando-a-las-mujeres-artistas-para-reducir-la-brecha-de-genero-en-el-arte-47732.html%26ct%3Dga%26cd%3DCAEYACoUMTI5NzQ4MzUyMjM0MTE1NTc5MzQyGWMwMzcyZWJjMmZlYWRhNTk6ZXM6ZXM6RVM%26usg%3DAOvVaw20qx381Bx0GjaGrDj8AqHq&amp;source=gmail&amp;ust=1689086672373000&amp;usg=AOvVaw3SSIvSW3T0xRa6errtQCf8\">El Gobierno de Castilla-La Mancha se compromete a seguir apoyando a las mujeres &#8230;-\u00a0<\/a><a>Cuadernos Manchegos<br \/>\n<\/a><a href=\"https:\/\/www.google.com\/url?rct=j&amp;sa=t&amp;url=https:\/\/www.servimedia.es\/noticias\/galicia-forma-profesionales-trabajan-victimas-violencia-genero-para-mejorar-atencion\/3749754&amp;ct=ga&amp;cd=CAEYACoUMTgwOTI0Nzc2OTc0NDY1MTcwMjIyGWUxZTc3ZDE1NjA5OGE4ZTM6ZXM6ZXM6RVM&amp;usg=AOvVaw2CagmGPgwk04T6kLNkoBJo\" target=\"_blank\" rel=\"noopener\" data-saferedirecturl=\"https:\/\/www.google.com\/url?q=https:\/\/www.google.com\/url?rct%3Dj%26sa%3Dt%26url%3Dhttps:\/\/www.servimedia.es\/noticias\/galicia-forma-profesionales-trabajan-victimas-violencia-genero-para-mejorar-atencion\/3749754%26ct%3Dga%26cd%3DCAEYACoUMTgwOTI0Nzc2OTc0NDY1MTcwMjIyGWUxZTc3ZDE1NjA5OGE4ZTM6ZXM6ZXM6RVM%26usg%3DAOvVaw2CagmGPgwk04T6kLNkoBJo&amp;source=gmail&amp;ust=1689086466293000&amp;usg=AOvVaw2yO53jccJtlwakDQMbGkhw\">Galicia forma a los profesionales que trabajan con las v\u00edctimas de\u00a0violencia de g\u00e9nero para &#8230;-\u00a0<\/a><a>Servimedia<br \/>\n<\/a><a href=\"https:\/\/www.google.com\/url?rct=j&amp;sa=t&amp;url=https:\/\/www.publico.es\/politica\/pp-acaba-consejerias-medio-ambiente-e-igualdad-balears.html&amp;ct=ga&amp;cd=CAEYACoTODA3Mzc0Mzc0NTg5ODE1Mjg4MzIZYzAzNzJlYmMyZmVhZGE1OTplczplczpFUw&amp;usg=AOvVaw1LOH_77gOPCkip7VJyQ3UG\" target=\"_blank\" rel=\"noopener\" data-saferedirecturl=\"https:\/\/www.google.com\/url?q=https:\/\/www.google.com\/url?rct%3Dj%26sa%3Dt%26url%3Dhttps:\/\/www.publico.es\/politica\/pp-acaba-consejerias-medio-ambiente-e-igualdad-balears.html%26ct%3Dga%26cd%3DCAEYACoTODA3Mzc0Mzc0NTg5ODE1Mjg4MzIZYzAzNzJlYmMyZmVhZGE1OTplczplczpFUw%26usg%3DAOvVaw1LOH_77gOPCkip7VJyQ3UG&amp;source=gmail&amp;ust=1689089253432000&amp;usg=AOvVaw16jfEnRNdfFJKBjd5C0zI8\">El Govern en Balears suprime las consejer\u00edas de Medio Ambiente e Igualdad-\u00a0<\/a><a>Diario P\u00fablico<\/a><strong><br \/>\n<\/strong><a class=\"title\" href=\"https:\/\/www.diariosigloxxi.com\/texto-ep\/mostrar\/20230709191155\/gobierno-navarra-muestra-profundo-rechazo-condena-ante-presunta-agresion-sexual-pamplona\" target=\"_blank\" rel=\"noopener\" data-artpy=\"0\" data-author=\"Diario Siglo XXI\">El Gobierno de Navarra muestra su \u00abm\u00e1s profundo rechazo y condena\u00bb ante la presunta agresi\u00f3n sexual en Pamplona<\/a>-diariosigloxxi<strong><br \/>\n<\/strong><\/p>\n<p><strong>Econom\u00eda y Empresa<br \/>\n<\/strong><a class=\"title\" href=\"https:\/\/www.miciudadreal.es\/2023\/07\/10\/amfar-destaca-que-el-teletrabajo-permite-aprovechar-el-talento-femenino-rural\/\" target=\"_blank\" rel=\"noopener\" data-artpy=\"0\" data-author=\"miciudadreal.es\">AMFAR destaca que el teletrabajo permite aprovechar el talento femenino rural-<\/a>miciudadreal<strong><br \/>\n<\/strong><a href=\"https:\/\/www.google.com\/url?rct=j&amp;sa=t&amp;url=https:\/\/www.merca2.es\/2023\/07\/10\/dia-igualdad-genero-1367095\/&amp;ct=ga&amp;cd=CAEYAioUMTAyMzkzMjI1MTA2ODU3MzAyNTUyGWUyZGVmYTdkNWRhOTE1N2Q6ZXM6ZXM6RVM&amp;usg=AOvVaw0VreasYhVxksHJOkhjb_E-\" target=\"_blank\" rel=\"noopener\" data-saferedirecturl=\"https:\/\/www.google.com\/url?q=https:\/\/www.google.com\/url?rct%3Dj%26sa%3Dt%26url%3Dhttps:\/\/www.merca2.es\/2023\/07\/10\/dia-igualdad-genero-1367095\/%26ct%3Dga%26cd%3DCAEYAioUMTAyMzkzMjI1MTA2ODU3MzAyNTUyGWUyZGVmYTdkNWRhOTE1N2Q6ZXM6ZXM6RVM%26usg%3DAOvVaw0VreasYhVxksHJOkhjb_E-&amp;source=gmail&amp;ust=1689086466810000&amp;usg=AOvVaw0-MiATwKXZtPQA_dHcCM1b\">Dia reafirma su compromiso con la igualdad de\u00a0g\u00e9nero con su \u201cII Plan de Igualdad\u201d-\u00a0<\/a><a>Merca2<br \/>\n<\/a><a class=\"title\" href=\"https:\/\/hiretail.es\/on-the-street\/woman-in-retail-y-mobietrain-organizan-un-webinar-sobre-como-crear-una-cultura-de-empresa-inclusiva\/\" target=\"_blank\" rel=\"noopener\" data-artpy=\"0\" data-author=\"hiretail\">Woman in Retail y MobieTrain organizan un webinar sobre c\u00f3mo crear una cultura de empresa inclusiva<\/a>-hiretail<a><br \/>\n<\/a><a class=\"title\" href=\"https:\/\/www.itespresso.es\/startups-espanolas-puestos-trabajo-242133.html\" target=\"_blank\" rel=\"noopener\" data-artpy=\"0\" data-author=\"ITespresso.es\">Las startups espa\u00f1olas generar\u00e1n m\u00e1s de 7.000 puestos de trabajo este 2023<\/a>-ITespresso<br \/>\n<a class=\"title\" href=\"https:\/\/www.bolsamania.com\/noticias\/ultimas\/economia--la-edad-media-de-los-trabajadores-en-espana-ha-aumentado-en-mas-de-cuatro-anos-desde-2000-segun-funcas--13960932.html\" target=\"_blank\" rel=\"noopener\" data-artpy=\"0\" data-author=\"Capitalbolsa\">La edad media de los trabajadores en Espa\u00f1a ha aumentado en m\u00e1s de cuatro a\u00f1os desde 2000, seg\u00fan Funcas-\u00a0<\/a><a>bolsamania<\/a><\/p>\n<p><strong>Actualidad<br \/>\n<\/strong><a class=\"title\" href=\"https:\/\/www.eldiario.es\/cultura\/videojuegos\/valeria-castro-presidenta-videojuegos-no-dan-dinero-derecho-existir_1_10360951.html\" target=\"_blank\" rel=\"noopener\" data-artpy=\"0\" data-author=\"eldiario.es\">Valeria Castro, &#8216;la presidenta de los videojuegos&#8217;: \u201cNo solo los que dan dinero tienen derecho a existir\u201d<\/a>-eldiario<br \/>\n<a class=\"title\" href=\"https:\/\/www.msn.com\/es-es\/estilo\/shopping\/mujeres-gamers-que-han-conseguido-hacer-de-su-hobby-su-profesi%C3%B3n\/ar-AA1dEFYb\" target=\"_blank\" rel=\"noopener\" data-artpy=\"0\" data-author=\"ELLE on MSN\">Mujeres gamers espa\u00f1olas que han conseguido hacer de su hobby, su profesi\u00f3n<\/a>-elle<strong><br \/>\n<\/strong><a href=\"https:\/\/www.google.com\/url?rct=j&amp;sa=t&amp;url=https:\/\/revistajaraysedal.es\/publican-nuevo-estudio-reafirma-determinante-papel-mujer-cazadora-prehistoria\/&amp;ct=ga&amp;cd=CAEYBCoTMjQ2MDY1MzMzNDMzMDU1Njc3NzIZYzAzNzJlYmMyZmVhZGE1OTplczplczpFUw&amp;usg=AOvVaw16ng1TBUbd_RMtEM7mFtqE\" target=\"_blank\" rel=\"noopener\" data-saferedirecturl=\"https:\/\/www.google.com\/url?q=https:\/\/www.google.com\/url?rct%3Dj%26sa%3Dt%26url%3Dhttps:\/\/revistajaraysedal.es\/publican-nuevo-estudio-reafirma-determinante-papel-mujer-cazadora-prehistoria\/%26ct%3Dga%26cd%3DCAEYBCoTMjQ2MDY1MzMzNDMzMDU1Njc3NzIZYzAzNzJlYmMyZmVhZGE1OTplczplczpFUw%26usg%3DAOvVaw16ng1TBUbd_RMtEM7mFtqE&amp;source=gmail&amp;ust=1689086469776000&amp;usg=AOvVaw1ESlNP6yQfG7ArbJI055OV\">Las mujeres han sido cazadoras desde la prehistoria y un nuevo estudio lo demuestra-\u00a0<\/a><a>Revista Jara y Sedal<br \/>\n<\/a><a href=\"https:\/\/www.google.com\/url?rct=j&amp;sa=t&amp;url=https:\/\/www.huffingtonpost.es\/planeta\/calor-verano-causo-61672-muertes-europa-11300-espan.html&amp;ct=ga&amp;cd=CAEYACoUMTQ0MjU0MzI0NDg4NTc0MjQ5MTgyGWMwMzcyZWJjMmZlYWRhNTk6ZXM6ZXM6RVM&amp;usg=AOvVaw2P8Or-DWoDI_sFc3QHnAh9\" target=\"_blank\" rel=\"noopener\" data-saferedirecturl=\"https:\/\/www.google.com\/url?q=https:\/\/www.google.com\/url?rct%3Dj%26sa%3Dt%26url%3Dhttps:\/\/www.huffingtonpost.es\/planeta\/calor-verano-causo-61672-muertes-europa-11300-espan.html%26ct%3Dga%26cd%3DCAEYACoUMTQ0MjU0MzI0NDg4NTc0MjQ5MTgyGWMwMzcyZWJjMmZlYWRhNTk6ZXM6ZXM6RVM%26usg%3DAOvVaw2P8Or-DWoDI_sFc3QHnAh9&amp;source=gmail&amp;ust=1689092825091000&amp;usg=AOvVaw0C-29cfwo-kp41FK89q5Bq\">El calor del verano caus\u00f3 61.672 muertes en Europa, 11.324 en Espa\u00f1a, en 2022-\u00a0<\/a><a>El HuffPost<\/a><\/p>\n<p><strong>Violencia<br \/>\n<\/strong><a href=\"https:\/\/www.google.com\/url?rct=j&amp;sa=t&amp;url=https:\/\/www.europapress.es\/epsocial\/cooperacion-desarrollo\/noticia-lanzan-telefono-900759759-contra-trata-trabajara-colaboracion-policia-20230707124642.html&amp;ct=ga&amp;cd=CAEYACoUMTM2MDk3Mjg1MjY5NDcyMzAxMzYyGTU5ZDc4MTcxMzZhMmQwMjg6ZXM6ZXM6RVM&amp;usg=AOvVaw3eUohO8Rv9tKYrMYZX3xnH\" target=\"_blank\" rel=\"noopener\" data-saferedirecturl=\"https:\/\/www.google.com\/url?q=https:\/\/www.google.com\/url?rct%3Dj%26sa%3Dt%26url%3Dhttps:\/\/www.europapress.es\/epsocial\/cooperacion-desarrollo\/noticia-lanzan-telefono-900759759-contra-trata-trabajara-colaboracion-policia-20230707124642.html%26ct%3Dga%26cd%3DCAEYACoUMTM2MDk3Mjg1MjY5NDcyMzAxMzYyGTU5ZDc4MTcxMzZhMmQwMjg6ZXM6ZXM6RVM%26usg%3DAOvVaw3eUohO8Rv9tKYrMYZX3xnH&amp;source=gmail&amp;ust=1689086469887000&amp;usg=AOvVaw30Gd_M7sg9iDVKANp5ZSTq\">Lanzan el tel\u00e9fono 900759759 contra la trata que trabajar\u00e1 en colaboraci\u00f3n con la Polic\u00eda-\u00a0<\/a><a>Europa Press<br \/>\n<\/a><a href=\"https:\/\/www.google.com\/url?rct=j&amp;sa=t&amp;url=https:\/\/www.niusdiario.es\/espana\/valencia\/20230709\/mata-mujer-hijo-delante-suicida-localidad-valenciana-antella_18_09999291.html&amp;ct=ga&amp;cd=CAEYACoTMjQ2MDY1MzMzNDMzMDU1Njc3NzIZYzAzNzJlYmMyZmVhZGE1OTplczplczpFUw&amp;usg=AOvVaw2D43EoGxbN2_7B4rtsnQwP\" target=\"_blank\" rel=\"noopener\" data-saferedirecturl=\"https:\/\/www.google.com\/url?q=https:\/\/www.google.com\/url?rct%3Dj%26sa%3Dt%26url%3Dhttps:\/\/www.niusdiario.es\/espana\/valencia\/20230709\/mata-mujer-hijo-delante-suicida-localidad-valenciana-antella_18_09999291.html%26ct%3Dga%26cd%3DCAEYACoTMjQ2MDY1MzMzNDMzMDU1Njc3NzIZYzAzNzJlYmMyZmVhZGE1OTplczplczpFUw%26usg%3DAOvVaw2D43EoGxbN2_7B4rtsnQwP&amp;source=gmail&amp;ust=1689086469776000&amp;usg=AOvVaw1cVdy0-GjAOHId36xT5Ey2\">Un hombre mata a su\u00a0mujer y luego se suicida en la localidad valenciana de Antella &#8211;\u00a0<\/a><a>NIUS<br \/>\n<\/a><a href=\"https:\/\/www.eldiario.es\/catalunya\/directivo-escuela-negocios-upf-despedido-acusado-acoso-laboral-siete-trabajadoras_1_10365971.html\" data-mrf-link=\"https:\/\/www.eldiario.es\/catalunya\/directivo-escuela-negocios-upf-despedido-acusado-acoso-laboral-siete-trabajadoras_1_10365971.html\">Un directivo de la escuela de negocios de la Pompeu Fabra, despedido por acoso laboral a siete trabajadoras<\/a>-eldiario<\/p>\n<p><strong>Ciencia y Cultura<br \/>\n<\/strong><a class=\"title\" href=\"https:\/\/castellondiario.com\/investigadoras-del-incliva-realizan-importantes-descubrimientos-en-la-investigacion-de-los-miomas-uterinos\/\" target=\"_blank\" rel=\"noopener\" data-artpy=\"0\" data-author=\"castellondiario.com\">Investigadoras del INCLIVA realizan importantes descubrimientos en la investigaci\u00f3n de los miomas uterinos<\/a>-castellondiario<strong><br \/>\n<\/strong><a class=\"title\" href=\"https:\/\/www.elespanol.com\/mujer\/protagonistas\/20230710\/ana-cueva-presidenta-patrimonio-colecciones-reales-turismo-pernoctara-dia\/777172350_0.html\" target=\"_blank\" rel=\"noopener\" data-artpy=\"0\" data-author=\"ESPA\u00d1OL\">Ana de la Cueva, presidenta de Patrimonio, sobre las Colecciones Reales: \u00abEl turismo pernoctar\u00e1 un d\u00eda m\u00e1s\u00bb<\/a>-elespa\u00f1o<strong>l<br \/>\n<\/strong><a class=\"title\" href=\"https:\/\/www.europapress.es\/cultura\/libros-00132\/noticia-bne-fedepe-clasicas-modernas-reivindican-legado-mujeres-escriben-dia-escritoras-20230710142453.html\" target=\"_blank\" rel=\"noopener\" data-artpy=\"0\" data-author=\"Europa Press\">La BNE, FEDEPE y Cl\u00e1sicas y Modernas reivindican el legado de las mujeres que escriben en el D\u00eda de las Escritoras<\/a>-europapress<br \/>\n<a class=\"title\" href=\"https:\/\/www.salamanca24horas.com\/cultura\/amelia-garcia-escultora-feminista-con-presencia-internacional-valverdon-con-mi-obra-pretendo-reivindicar-valor-mujer_15083321_102.html\" target=\"_blank\" rel=\"noopener\" data-artpy=\"0\" data-author=\"Salamanca24horas.com\">Amelia Garc\u00eda, la escultora feminista y con presencia internacional de Valverd\u00f3n: \u00abCon mi obra pretendo reivindicar el valor de la mujer\u00bb<\/a>-salamanca24h<strong><br \/>\n<\/strong><a href=\"https:\/\/www.google.com\/url?rct=j&amp;sa=t&amp;url=https:\/\/www.vocesdecuenca.com\/culturayvida\/inaugurada-en-la-fundacion-antonio-perez-la-muestra-de-mujeres-en-el-arte-amalia-avia\/&amp;ct=ga&amp;cd=CAEYACoTMjc1MDIxNDc2ODY2MDcyNjgyODIZYzAzNzJlYmMyZmVhZGE1OTplczplczpFUw&amp;usg=AOvVaw2GdAeP_fR-JdwRparMbNRQ\" target=\"_blank\" rel=\"noopener\" data-saferedirecturl=\"https:\/\/www.google.com\/url?q=https:\/\/www.google.com\/url?rct%3Dj%26sa%3Dt%26url%3Dhttps:\/\/www.vocesdecuenca.com\/culturayvida\/inaugurada-en-la-fundacion-antonio-perez-la-muestra-de-mujeres-en-el-arte-amalia-avia\/%26ct%3Dga%26cd%3DCAEYACoTMjc1MDIxNDc2ODY2MDcyNjgyODIZYzAzNzJlYmMyZmVhZGE1OTplczplczpFUw%26usg%3DAOvVaw2GdAeP_fR-JdwRparMbNRQ&amp;source=gmail&amp;ust=1689086672353000&amp;usg=AOvVaw30Tc4m-iA9E1zU3C6J2ojv\">Inaugurada en la Fundaci\u00f3n Antonio P\u00e9rez la muestra de\u00a0mujeres en el arte &#8216;Amalia Avia&#8217;-\u00a0<\/a><a>Voces de Cuenca<br \/>\n<\/a><a class=\"title\" href=\"https:\/\/www.elperiodico.com\/es\/sociedad\/20230710\/llum-ventura-libertaria-memoria-mujeres-guerra-civil-espanola-obituario-89689529\" target=\"_blank\" rel=\"noopener\" data-artpy=\"0\" data-author=\"El Peri\u00f3dico\">Llum Ventura, la libertaria que rescat\u00f3 la memoria de las mujeres de la guerra (y cont\u00f3 cuentos a sus bisnietas)<\/a>-elperiodico<a><br \/>\n<\/a><\/p>\n<p><strong>Deporte<br \/>\n<\/strong><a class=\"title\" href=\"https:\/\/www.abc.es\/deportes\/futbol\/costes-arbitrales-ahogan-futbol-femenino-20230710102250-nt.html\" target=\"_blank\" rel=\"noopener\" data-artpy=\"0\" data-author=\"ABC\">Los costes arbitrales ahogan al f\u00fatbol femenino<\/a>-abc<br \/>\n<a class=\"title\" href=\"https:\/\/www.msn.com\/es-es\/deportes\/baloncesto\/espa%C3%B1a-suma-la-tercera-medalla-del-verano\/ar-AA1dDD3u\" target=\"_blank\" rel=\"noopener\" data-artpy=\"0\" data-author=\"AS Mexico on MSN\">Baloncesto. Espa\u00f1a suma la tercera medalla del verano<\/a>-as<br \/>\n<a class=\"title\" href=\"https:\/\/www.ideal.es\/deportes\/futbol\/seleccion-femenina-continua-preparando-mundial-nueva-zelanda-20230710092519-vi.html\" target=\"_blank\" rel=\"noopener\" data-artpy=\"0\" data-author=\"ideal\">La selecci\u00f3n femenina contin\u00faa preparando el Mundial en Nueva Zelanda<\/a>-ideal<a><br \/>\n<\/a><\/p>\n<\/div>\n<\/div>\n<div id=\"\" class=\"lsow-panel lsow-active\">\n<h1 class=\"lsow-panel-title\">Internacional<\/h1>\n<div class=\"lsow-panel-content\">\n<p><a class=\"title\" href=\"https:\/\/plumaslibres.com.mx\/2023\/07\/09\/presentan-informe-anual-de-resultados-onu-mujeres-2022\/\" target=\"_blank\" rel=\"noopener\" data-artpy=\"0\" data-author=\"plumaslibres\">Presentan Informe Anual de Resultados ONU Mujeres 2022 en Mexico<\/a>-plumaslibres<br \/>\n<a href=\"https:\/\/www.google.com\/url?rct=j&amp;sa=t&amp;url=https:\/\/eldinero.com.do\/237448\/lagarde-bce-asegura-que-el-pib-de-la-ue-podria-crecer-hasta-un-10-mas-para-2050-de-haber-igualdad-de-sexos\/&amp;ct=ga&amp;cd=CAEYAyoTODY1Njc2MDAzMDMyNDkzMDU4MTIZYzAzNzJlYmMyZmVhZGE1OTplczplczpFUw&amp;usg=AOvVaw3xQTAZWYUdb0mx1sIaM7QF\" target=\"_blank\" rel=\"noopener\" data-saferedirecturl=\"https:\/\/www.google.com\/url?q=https:\/\/www.google.com\/url?rct%3Dj%26sa%3Dt%26url%3Dhttps:\/\/eldinero.com.do\/237448\/lagarde-bce-asegura-que-el-pib-de-la-ue-podria-crecer-hasta-un-10-mas-para-2050-de-haber-igualdad-de-sexos\/%26ct%3Dga%26cd%3DCAEYAyoTODY1Njc2MDAzMDMyNDkzMDU4MTIZYzAzNzJlYmMyZmVhZGE1OTplczplczpFUw%26usg%3DAOvVaw3xQTAZWYUdb0mx1sIaM7QF&amp;source=gmail&amp;ust=1689086672471000&amp;usg=AOvVaw0qtprYnQK-mickPbxf21ya\">Lagarde (BCE) asegura que el PIB de la UE podr\u00eda crecer hasta un 10% m\u00e1s para 2050 &#8230; &#8211;\u00a0<\/a><a>elDinero<br \/>\n<\/a><a class=\"title\" href=\"https:\/\/gestion.pe\/mundo\/eeuu\/china-i-eeuu-i-yellen-ve-progresos-en-las-relaciones-entre-eeuu-y-china-espera-mas-comunicacion-i-yellen-noticia\/\" target=\"_blank\" rel=\"noopener\" data-artpy=\"0\" data-author=\"gestion\">Yellen (FMI) ve \u201cprogresos\u201d en las relaciones entre EEUU y China, espera m\u00e1s comunicaci\u00f3n<\/a>-gestion<br \/>\n<a class=\"title\" href=\"https:\/\/www.elmundo.es\/yodona\/lifestyle\/2023\/07\/10\/649058eae4d4d8947b8b458d.html\" target=\"_blank\" rel=\"noopener\" data-artpy=\"0\" data-author=\"El Mundo\">A las mujeres nos cuesta m\u00e1s hablar de dinero (por eso nos sale todo tan caro)<\/a>-elmundo<br \/>\n<a class=\"title\" href=\"https:\/\/www.msn.com\/es-es\/entretenimiento\/other\/g%C3%A9rard-depardieu-acusado-de-acoso-sexual-por-una-nueva-mujer\/ar-AA1dFqYs\" target=\"_blank\" rel=\"noopener\" data-artpy=\"0\" data-author=\"Sport on MSN\">G\u00e9rard Depardieu, acusado de acoso sexual por una nueva mujer<\/a>-sport<br \/>\n<a class=\"title\" href=\"https:\/\/www.intramed.net\/104914\/Virginia-Woolf-la-escritora-que-defendio-su-rol-y-su-cuarto-propio\" target=\"_blank\" rel=\"noopener\" data-artpy=\"0\" data-author=\"IntraMed\">Virginia Woolf: la escritora que defendi\u00f3 su rol y su cuarto propio<\/a>-intramed<br \/>\n<a class=\"title\" href=\"https:\/\/elpais.com\/cultura\/2023-07-10\/valie-export-el-nexo-transgresor-entre-el-feminismo-radical-y-rosalia.html\" target=\"_blank\" rel=\"noopener\" data-artpy=\"0\" data-author=\"EL PA\u00cdS\">Valie Export: el nexo transgresor entre el feminismo radical y Rosal\u00eda<\/a>-elpais<br \/>\n<a class=\"title\" href=\"https:\/\/www.msn.com\/es-mx\/noticias\/mundo\/los-talibanes-vs-los-derechos-de-las-mujeres-de-afganist%C3%A1n\/ar-AA1dDBAK\" target=\"_blank\" rel=\"noopener\" data-artpy=\"0\" data-author=\"adn40.mx on MSN\">Los talibanes vs los derechos de las mujeres de Afganist\u00e1n<\/a>-adn40<br \/>\n<a href=\"https:\/\/www.google.com\/url?rct=j&amp;sa=t&amp;url=https:\/\/www.swissinfo.ch\/spa\/nataci%25C3%25B3n-m%25C3%25A9xico_la-mexicana-patricia-guerra-cruza-el-estrecho-de-gibraltar-en-tiempo-r%25C3%25A9cord\/48651530&amp;ct=ga&amp;cd=CAEYAyoTNDk5NjQ1NzA3MjE1OTkwNDE4NzIZYzAzNzJlYmMyZmVhZGE1OTplczplczpFUw&amp;usg=AOvVaw3TsMmkW5ZswycxtzV6YuV1\" target=\"_blank\" rel=\"noopener\" data-saferedirecturl=\"https:\/\/www.google.com\/url?q=https:\/\/www.google.com\/url?rct%3Dj%26sa%3Dt%26url%3Dhttps:\/\/www.swissinfo.ch\/spa\/nataci%2525C3%2525B3n-m%2525C3%2525A9xico_la-mexicana-patricia-guerra-cruza-el-estrecho-de-gibraltar-en-tiempo-r%2525C3%2525A9cord\/48651530%26ct%3Dga%26cd%3DCAEYAyoTNDk5NjQ1NzA3MjE1OTkwNDE4NzIZYzAzNzJlYmMyZmVhZGE1OTplczplczpFUw%26usg%3DAOvVaw3TsMmkW5ZswycxtzV6YuV1&amp;source=gmail&amp;ust=1689086469803000&amp;usg=AOvVaw3KApqDc7Lac4hGrnUkHQZn\">La mexicana Patricia Guerra cruza el estrecho de Gibraltar en tiempo r\u00e9cord &#8211;\u00a0<\/a><a>Swissinfo<br \/>\n<\/a><a class=\"title\" href=\"https:\/\/www.europapress.es\/deportes\/ciclismo-00396\/noticia-rotterdam-acogera-salida-tour-francia-femenino-2024-20230710125359.html\" target=\"_blank\" rel=\"noopener\" data-artpy=\"0\" data-author=\"Europa Press\">Rotterdam acoger\u00e1 la salida del Tour de Francia femenino en 2024<\/a>-europapress<a><br \/>\n<\/a><a href=\"https:\/\/www.google.com\/url?rct=j&amp;sa=t&amp;url=https:\/\/www.ole.com.ar\/futbol-internacional\/inglaterra\/primera-entrenadora-directora-tecnica-mujer-futbol-profesional-masculino-inglaterra-forest-green-rovers_0_dG4CIVS8VN.html&amp;ct=ga&amp;cd=CAEYBCoTNzI4MzA2MTIzNTkxNjY2MDA4OTIZYzAzNzJlYmMyZmVhZGE1OTplczplczpFUw&amp;usg=AOvVaw1xXjNVTkk6g6SY5_TAsQ_M\" target=\"_blank\" rel=\"noopener\" data-saferedirecturl=\"https:\/\/www.google.com\/url?q=https:\/\/www.google.com\/url?rct%3Dj%26sa%3Dt%26url%3Dhttps:\/\/www.ole.com.ar\/futbol-internacional\/inglaterra\/primera-entrenadora-directora-tecnica-mujer-futbol-profesional-masculino-inglaterra-forest-green-rovers_0_dG4CIVS8VN.html%26ct%3Dga%26cd%3DCAEYBCoTNzI4MzA2MTIzNTkxNjY2MDA4OTIZYzAzNzJlYmMyZmVhZGE1OTplczplczpFUw%26usg%3DAOvVaw1xXjNVTkk6g6SY5_TAsQ_M&amp;source=gmail&amp;ust=1689086672485000&amp;usg=AOvVaw0DPDu2cvApzyUMWJcgD2Jq\">La primera entrenadora inglesa en dirigir a un equipo masculino profesional &#8211;\u00a0<\/a><a>Ol\u00e9<\/a><\/p>\n<\/div>\n<\/div>\n<\/div><\/div><\/div><\/div><\/div>\n","protected":false},"excerpt":{"rendered":"<p>A las mujeres nos cuesta m\u00e1s hablar de dinero (por eso nos sale todo tan caro) * Igualdad convoca los premios a tesis doctorales sobre violencia contra la mujer * Igualdad en los medios: \u00bfQu\u00e9 es el periodismo feminista? * Los talibanes vs los derechos de las mujeres de Afganist\u00e1n<\/p>\n","protected":false},"author":3,"featured_media":22909,"comment_status":"closed","ping_status":"closed","sticky":false,"template":"","format":"standard","meta":{"footnotes":""},"categories":[298,621],"tags":[95,115,109],"class_list":["post-20169","post","type-post","status-publish","format-standard","has-post-thumbnail","hentry","category-newsletter","category-nwl-3-0","tag-brecha-salarial","tag-medios-de-comunicacion","tag-violencia-de-genero"],"yoast_head":"<!-- This site is optimized with the Yoast SEO plugin v27.4 - https:\/\/yoast.com\/product\/yoast-seo-wordpress\/ -->\n<title>Noticias Info CKL n\u00ba 2806-10\/07\/23-Comunicar con perspectiva de g\u00e9nero<\/title>\n<meta name=\"description\" content=\"Noticias Info CKL n\u00ba 2806-10\/07\/23 A las mujeres nos cuesta m\u00e1s hablar de dinero (por eso nos sale todo tan caro) * Igualdad convoca los premios a tesis doctorales sobre violencia contra la mujer * Igualdad en los medios: \u00bfQu\u00e9 es el periodismo feminista? * Los talibanes vs los derechos de las mujeres de Afganist\u00e1n\" \/>\n<meta name=\"robots\" content=\"index, follow, max-snippet:-1, max-image-preview:large, max-video-preview:-1\" \/>\n<link rel=\"canonical\" href=\"https:\/\/cklcomunicaciones.es\/coop\/noticias-info-ckl-no-2806-10-07-23\/\" \/>\n<meta property=\"og:locale\" content=\"es_ES\" \/>\n<meta property=\"og:type\" content=\"article\" \/>\n<meta property=\"og:title\" content=\"Noticias Info CKL n\u00ba 2806-10\/07\/23-Comunicar con perspectiva de g\u00e9nero\" \/>\n<meta property=\"og:description\" content=\"Noticias Info CKL n\u00ba 2806-10\/07\/23 A las mujeres nos cuesta m\u00e1s hablar de dinero (por eso nos sale todo tan caro) * Igualdad convoca los premios a tesis doctorales sobre violencia contra la mujer * Igualdad en los medios: \u00bfQu\u00e9 es el periodismo feminista? * Los talibanes vs los derechos de las mujeres de Afganist\u00e1n\" \/>\n<meta property=\"og:url\" content=\"https:\/\/cklcomunicaciones.es\/coop\/noticias-info-ckl-no-2806-10-07-23\/\" \/>\n<meta property=\"og:site_name\" content=\"CKL Comunicaciones\" \/>\n<meta property=\"article:published_time\" content=\"2023-07-10T17:07:47+00:00\" \/>\n<meta property=\"article:modified_time\" content=\"2025-02-08T09:16:17+00:00\" \/>\n<meta property=\"og:image\" content=\"https:\/\/cklcomunicaciones.es\/coop\/wp-content\/uploads\/2025\/01\/CKL-una-mirada-distinta-de-la-comunicacion.jpg\" \/>\n\t<meta property=\"og:image:width\" content=\"1482\" \/>\n\t<meta property=\"og:image:height\" content=\"775\" \/>\n\t<meta property=\"og:image:type\" content=\"image\/jpeg\" \/>\n<meta name=\"author\" content=\"ckl\" \/>\n<meta name=\"twitter:card\" content=\"summary_large_image\" \/>\n<meta name=\"twitter:label1\" content=\"Escrito por\" \/>\n\t<meta name=\"twitter:data1\" content=\"ckl\" \/>\n\t<meta name=\"twitter:label2\" content=\"Tiempo de lectura\" \/>\n\t<meta name=\"twitter:data2\" content=\"6 minutos\" \/>\n<script type=\"application\/ld+json\" class=\"yoast-schema-graph\">{\"@context\":\"https:\\\/\\\/schema.org\",\"@graph\":[{\"@type\":\"Article\",\"@id\":\"https:\\\/\\\/cklcomunicaciones.es\\\/coop\\\/noticias-info-ckl-no-2806-10-07-23\\\/#article\",\"isPartOf\":{\"@id\":\"https:\\\/\\\/cklcomunicaciones.es\\\/coop\\\/noticias-info-ckl-no-2806-10-07-23\\\/\"},\"author\":{\"name\":\"ckl\",\"@id\":\"https:\\\/\\\/cklcomunicaciones.es\\\/coop\\\/#\\\/schema\\\/person\\\/929a6837f7626450bbb50cee1aef266e\"},\"headline\":\"Noticias Info CKL n\u00ba 2806-10\\\/07\\\/23\",\"datePublished\":\"2023-07-10T17:07:47+00:00\",\"dateModified\":\"2025-02-08T09:16:17+00:00\",\"mainEntityOfPage\":{\"@id\":\"https:\\\/\\\/cklcomunicaciones.es\\\/coop\\\/noticias-info-ckl-no-2806-10-07-23\\\/\"},\"wordCount\":1192,\"image\":{\"@id\":\"https:\\\/\\\/cklcomunicaciones.es\\\/coop\\\/noticias-info-ckl-no-2806-10-07-23\\\/#primaryimage\"},\"thumbnailUrl\":\"https:\\\/\\\/cklcomunicaciones.es\\\/coop\\\/wp-content\\\/uploads\\\/2025\\\/01\\\/CKL-una-mirada-distinta-de-la-comunicacion.jpg\",\"keywords\":[\"brecha salarial\",\"medios de comunicaci\u00f3n\",\"violencia de g\u00e9nero\"],\"articleSection\":[\"Newsletter\",\"Nwl v3.0\"],\"inLanguage\":\"es\"},{\"@type\":\"WebPage\",\"@id\":\"https:\\\/\\\/cklcomunicaciones.es\\\/coop\\\/noticias-info-ckl-no-2806-10-07-23\\\/\",\"url\":\"https:\\\/\\\/cklcomunicaciones.es\\\/coop\\\/noticias-info-ckl-no-2806-10-07-23\\\/\",\"name\":\"Noticias Info CKL n\u00ba 2806-10\\\/07\\\/23-Comunicar con perspectiva de g\u00e9nero\",\"isPartOf\":{\"@id\":\"https:\\\/\\\/cklcomunicaciones.es\\\/coop\\\/#website\"},\"primaryImageOfPage\":{\"@id\":\"https:\\\/\\\/cklcomunicaciones.es\\\/coop\\\/noticias-info-ckl-no-2806-10-07-23\\\/#primaryimage\"},\"image\":{\"@id\":\"https:\\\/\\\/cklcomunicaciones.es\\\/coop\\\/noticias-info-ckl-no-2806-10-07-23\\\/#primaryimage\"},\"thumbnailUrl\":\"https:\\\/\\\/cklcomunicaciones.es\\\/coop\\\/wp-content\\\/uploads\\\/2025\\\/01\\\/CKL-una-mirada-distinta-de-la-comunicacion.jpg\",\"datePublished\":\"2023-07-10T17:07:47+00:00\",\"dateModified\":\"2025-02-08T09:16:17+00:00\",\"author\":{\"@id\":\"https:\\\/\\\/cklcomunicaciones.es\\\/coop\\\/#\\\/schema\\\/person\\\/929a6837f7626450bbb50cee1aef266e\"},\"description\":\"Noticias Info CKL n\u00ba 2806-10\\\/07\\\/23 A las mujeres nos cuesta m\u00e1s hablar de dinero (por eso nos sale todo tan caro) * Igualdad convoca los premios a tesis doctorales sobre violencia contra la mujer * Igualdad en los medios: \u00bfQu\u00e9 es el periodismo feminista? * Los talibanes vs los derechos de las mujeres de Afganist\u00e1n\",\"breadcrumb\":{\"@id\":\"https:\\\/\\\/cklcomunicaciones.es\\\/coop\\\/noticias-info-ckl-no-2806-10-07-23\\\/#breadcrumb\"},\"inLanguage\":\"es\",\"potentialAction\":[{\"@type\":\"ReadAction\",\"target\":[\"https:\\\/\\\/cklcomunicaciones.es\\\/coop\\\/noticias-info-ckl-no-2806-10-07-23\\\/\"]}]},{\"@type\":\"ImageObject\",\"inLanguage\":\"es\",\"@id\":\"https:\\\/\\\/cklcomunicaciones.es\\\/coop\\\/noticias-info-ckl-no-2806-10-07-23\\\/#primaryimage\",\"url\":\"https:\\\/\\\/cklcomunicaciones.es\\\/coop\\\/wp-content\\\/uploads\\\/2025\\\/01\\\/CKL-una-mirada-distinta-de-la-comunicacion.jpg\",\"contentUrl\":\"https:\\\/\\\/cklcomunicaciones.es\\\/coop\\\/wp-content\\\/uploads\\\/2025\\\/01\\\/CKL-una-mirada-distinta-de-la-comunicacion.jpg\",\"width\":1482,\"height\":775,\"caption\":\"CKL - una mirada distinta de la comunicacion\"},{\"@type\":\"BreadcrumbList\",\"@id\":\"https:\\\/\\\/cklcomunicaciones.es\\\/coop\\\/noticias-info-ckl-no-2806-10-07-23\\\/#breadcrumb\",\"itemListElement\":[{\"@type\":\"ListItem\",\"position\":1,\"name\":\"Portada\",\"item\":\"https:\\\/\\\/cklcomunicaciones.es\\\/coop\\\/\"},{\"@type\":\"ListItem\",\"position\":2,\"name\":\"Noticias Info CKL n\u00ba 2806-10\\\/07\\\/23\"}]},{\"@type\":\"WebSite\",\"@id\":\"https:\\\/\\\/cklcomunicaciones.es\\\/coop\\\/#website\",\"url\":\"https:\\\/\\\/cklcomunicaciones.es\\\/coop\\\/\",\"name\":\"CKL Comunicaciones\",\"description\":\"Sitio web de CKL Comunicaciones coop , la consultora de comunicaci\u00f3n y estrategia\",\"potentialAction\":[{\"@type\":\"SearchAction\",\"target\":{\"@type\":\"EntryPoint\",\"urlTemplate\":\"https:\\\/\\\/cklcomunicaciones.es\\\/coop\\\/?s={search_term_string}\"},\"query-input\":{\"@type\":\"PropertyValueSpecification\",\"valueRequired\":true,\"valueName\":\"search_term_string\"}}],\"inLanguage\":\"es\"},{\"@type\":\"Person\",\"@id\":\"https:\\\/\\\/cklcomunicaciones.es\\\/coop\\\/#\\\/schema\\\/person\\\/929a6837f7626450bbb50cee1aef266e\",\"name\":\"ckl\",\"image\":{\"@type\":\"ImageObject\",\"inLanguage\":\"es\",\"@id\":\"https:\\\/\\\/secure.gravatar.com\\\/avatar\\\/c82db564e8a669bf6023357a157b9dc4780f4d4c618f2ad1d71a6a5dede45057?s=96&d=mm&r=g\",\"url\":\"https:\\\/\\\/secure.gravatar.com\\\/avatar\\\/c82db564e8a669bf6023357a157b9dc4780f4d4c618f2ad1d71a6a5dede45057?s=96&d=mm&r=g\",\"contentUrl\":\"https:\\\/\\\/secure.gravatar.com\\\/avatar\\\/c82db564e8a669bf6023357a157b9dc4780f4d4c618f2ad1d71a6a5dede45057?s=96&d=mm&r=g\",\"caption\":\"ckl\"},\"url\":\"https:\\\/\\\/cklcomunicaciones.es\\\/coop\\\/author\\\/cklcomunicaciones\\\/\"}]}<\/script>\n<!-- \/ Yoast SEO plugin. -->","yoast_head_json":{"title":"Noticias Info CKL n\u00ba 2806-10\/07\/23-Comunicar con perspectiva de g\u00e9nero","description":"Noticias Info CKL n\u00ba 2806-10\/07\/23 A las mujeres nos cuesta m\u00e1s hablar de dinero (por eso nos sale todo tan caro) * Igualdad convoca los premios a tesis doctorales sobre violencia contra la mujer * Igualdad en los medios: \u00bfQu\u00e9 es el periodismo feminista? * Los talibanes vs los derechos de las mujeres de Afganist\u00e1n","robots":{"index":"index","follow":"follow","max-snippet":"max-snippet:-1","max-image-preview":"max-image-preview:large","max-video-preview":"max-video-preview:-1"},"canonical":"https:\/\/cklcomunicaciones.es\/coop\/noticias-info-ckl-no-2806-10-07-23\/","og_locale":"es_ES","og_type":"article","og_title":"Noticias Info CKL n\u00ba 2806-10\/07\/23-Comunicar con perspectiva de g\u00e9nero","og_description":"Noticias Info CKL n\u00ba 2806-10\/07\/23 A las mujeres nos cuesta m\u00e1s hablar de dinero (por eso nos sale todo tan caro) * Igualdad convoca los premios a tesis doctorales sobre violencia contra la mujer * Igualdad en los medios: \u00bfQu\u00e9 es el periodismo feminista? * Los talibanes vs los derechos de las mujeres de Afganist\u00e1n","og_url":"https:\/\/cklcomunicaciones.es\/coop\/noticias-info-ckl-no-2806-10-07-23\/","og_site_name":"CKL Comunicaciones","article_published_time":"2023-07-10T17:07:47+00:00","article_modified_time":"2025-02-08T09:16:17+00:00","og_image":[{"width":1482,"height":775,"url":"https:\/\/cklcomunicaciones.es\/coop\/wp-content\/uploads\/2025\/01\/CKL-una-mirada-distinta-de-la-comunicacion.jpg","type":"image\/jpeg"}],"author":"ckl","twitter_card":"summary_large_image","twitter_misc":{"Escrito por":"ckl","Tiempo de lectura":"6 minutos"},"schema":{"@context":"https:\/\/schema.org","@graph":[{"@type":"Article","@id":"https:\/\/cklcomunicaciones.es\/coop\/noticias-info-ckl-no-2806-10-07-23\/#article","isPartOf":{"@id":"https:\/\/cklcomunicaciones.es\/coop\/noticias-info-ckl-no-2806-10-07-23\/"},"author":{"name":"ckl","@id":"https:\/\/cklcomunicaciones.es\/coop\/#\/schema\/person\/929a6837f7626450bbb50cee1aef266e"},"headline":"Noticias Info CKL n\u00ba 2806-10\/07\/23","datePublished":"2023-07-10T17:07:47+00:00","dateModified":"2025-02-08T09:16:17+00:00","mainEntityOfPage":{"@id":"https:\/\/cklcomunicaciones.es\/coop\/noticias-info-ckl-no-2806-10-07-23\/"},"wordCount":1192,"image":{"@id":"https:\/\/cklcomunicaciones.es\/coop\/noticias-info-ckl-no-2806-10-07-23\/#primaryimage"},"thumbnailUrl":"https:\/\/cklcomunicaciones.es\/coop\/wp-content\/uploads\/2025\/01\/CKL-una-mirada-distinta-de-la-comunicacion.jpg","keywords":["brecha salarial","medios de comunicaci\u00f3n","violencia de g\u00e9nero"],"articleSection":["Newsletter","Nwl v3.0"],"inLanguage":"es"},{"@type":"WebPage","@id":"https:\/\/cklcomunicaciones.es\/coop\/noticias-info-ckl-no-2806-10-07-23\/","url":"https:\/\/cklcomunicaciones.es\/coop\/noticias-info-ckl-no-2806-10-07-23\/","name":"Noticias Info CKL n\u00ba 2806-10\/07\/23-Comunicar con perspectiva de g\u00e9nero","isPartOf":{"@id":"https:\/\/cklcomunicaciones.es\/coop\/#website"},"primaryImageOfPage":{"@id":"https:\/\/cklcomunicaciones.es\/coop\/noticias-info-ckl-no-2806-10-07-23\/#primaryimage"},"image":{"@id":"https:\/\/cklcomunicaciones.es\/coop\/noticias-info-ckl-no-2806-10-07-23\/#primaryimage"},"thumbnailUrl":"https:\/\/cklcomunicaciones.es\/coop\/wp-content\/uploads\/2025\/01\/CKL-una-mirada-distinta-de-la-comunicacion.jpg","datePublished":"2023-07-10T17:07:47+00:00","dateModified":"2025-02-08T09:16:17+00:00","author":{"@id":"https:\/\/cklcomunicaciones.es\/coop\/#\/schema\/person\/929a6837f7626450bbb50cee1aef266e"},"description":"Noticias Info CKL n\u00ba 2806-10\/07\/23 A las mujeres nos cuesta m\u00e1s hablar de dinero (por eso nos sale todo tan caro) * Igualdad convoca los premios a tesis doctorales sobre violencia contra la mujer * Igualdad en los medios: \u00bfQu\u00e9 es el periodismo feminista? * Los talibanes vs los derechos de las mujeres de Afganist\u00e1n","breadcrumb":{"@id":"https:\/\/cklcomunicaciones.es\/coop\/noticias-info-ckl-no-2806-10-07-23\/#breadcrumb"},"inLanguage":"es","potentialAction":[{"@type":"ReadAction","target":["https:\/\/cklcomunicaciones.es\/coop\/noticias-info-ckl-no-2806-10-07-23\/"]}]},{"@type":"ImageObject","inLanguage":"es","@id":"https:\/\/cklcomunicaciones.es\/coop\/noticias-info-ckl-no-2806-10-07-23\/#primaryimage","url":"https:\/\/cklcomunicaciones.es\/coop\/wp-content\/uploads\/2025\/01\/CKL-una-mirada-distinta-de-la-comunicacion.jpg","contentUrl":"https:\/\/cklcomunicaciones.es\/coop\/wp-content\/uploads\/2025\/01\/CKL-una-mirada-distinta-de-la-comunicacion.jpg","width":1482,"height":775,"caption":"CKL - una mirada distinta de la comunicacion"},{"@type":"BreadcrumbList","@id":"https:\/\/cklcomunicaciones.es\/coop\/noticias-info-ckl-no-2806-10-07-23\/#breadcrumb","itemListElement":[{"@type":"ListItem","position":1,"name":"Portada","item":"https:\/\/cklcomunicaciones.es\/coop\/"},{"@type":"ListItem","position":2,"name":"Noticias Info CKL n\u00ba 2806-10\/07\/23"}]},{"@type":"WebSite","@id":"https:\/\/cklcomunicaciones.es\/coop\/#website","url":"https:\/\/cklcomunicaciones.es\/coop\/","name":"CKL Comunicaciones","description":"Sitio web de CKL Comunicaciones coop , la consultora de comunicaci\u00f3n y estrategia","potentialAction":[{"@type":"SearchAction","target":{"@type":"EntryPoint","urlTemplate":"https:\/\/cklcomunicaciones.es\/coop\/?s={search_term_string}"},"query-input":{"@type":"PropertyValueSpecification","valueRequired":true,"valueName":"search_term_string"}}],"inLanguage":"es"},{"@type":"Person","@id":"https:\/\/cklcomunicaciones.es\/coop\/#\/schema\/person\/929a6837f7626450bbb50cee1aef266e","name":"ckl","image":{"@type":"ImageObject","inLanguage":"es","@id":"https:\/\/secure.gravatar.com\/avatar\/c82db564e8a669bf6023357a157b9dc4780f4d4c618f2ad1d71a6a5dede45057?s=96&d=mm&r=g","url":"https:\/\/secure.gravatar.com\/avatar\/c82db564e8a669bf6023357a157b9dc4780f4d4c618f2ad1d71a6a5dede45057?s=96&d=mm&r=g","contentUrl":"https:\/\/secure.gravatar.com\/avatar\/c82db564e8a669bf6023357a157b9dc4780f4d4c618f2ad1d71a6a5dede45057?s=96&d=mm&r=g","caption":"ckl"},"url":"https:\/\/cklcomunicaciones.es\/coop\/author\/cklcomunicaciones\/"}]}},"_links":{"self":[{"href":"https:\/\/cklcomunicaciones.es\/coop\/wp-json\/wp\/v2\/posts\/20169","targetHints":{"allow":["GET"]}}],"collection":[{"href":"https:\/\/cklcomunicaciones.es\/coop\/wp-json\/wp\/v2\/posts"}],"about":[{"href":"https:\/\/cklcomunicaciones.es\/coop\/wp-json\/wp\/v2\/types\/post"}],"author":[{"embeddable":true,"href":"https:\/\/cklcomunicaciones.es\/coop\/wp-json\/wp\/v2\/users\/3"}],"replies":[{"embeddable":true,"href":"https:\/\/cklcomunicaciones.es\/coop\/wp-json\/wp\/v2\/comments?post=20169"}],"version-history":[{"count":0,"href":"https:\/\/cklcomunicaciones.es\/coop\/wp-json\/wp\/v2\/posts\/20169\/revisions"}],"wp:featuredmedia":[{"embeddable":true,"href":"https:\/\/cklcomunicaciones.es\/coop\/wp-json\/wp\/v2\/media\/22909"}],"wp:attachment":[{"href":"https:\/\/cklcomunicaciones.es\/coop\/wp-json\/wp\/v2\/media?parent=20169"}],"wp:term":[{"taxonomy":"category","embeddable":true,"href":"https:\/\/cklcomunicaciones.es\/coop\/wp-json\/wp\/v2\/categories?post=20169"},{"taxonomy":"post_tag","embeddable":true,"href":"https:\/\/cklcomunicaciones.es\/coop\/wp-json\/wp\/v2\/tags?post=20169"}],"curies":[{"name":"wp","href":"https:\/\/api.w.org\/{rel}","templated":true}]}}