{"id":20132,"date":"2023-07-05T20:17:46","date_gmt":"2023-07-05T18:17:46","guid":{"rendered":"https:\/\/www.cklcomunicaciones.es\/?p=20132"},"modified":"2025-02-08T10:25:35","modified_gmt":"2025-02-08T09:25:35","slug":"noticias-info-ckl-no-2804-05-07-23","status":"publish","type":"post","link":"https:\/\/cklcomunicaciones.es\/coop\/noticias-info-ckl-no-2804-05-07-23\/","title":{"rendered":"Noticias Info CKL n\u00ba 2804-05\/07\/23"},"content":{"rendered":"<div class=\"fusion-fullwidth fullwidth-box fusion-builder-row-1 fusion-flex-container nonhundred-percent-fullwidth non-hundred-percent-height-scrolling\" style=\"--awb-border-radius-top-left:0px;--awb-border-radius-top-right:0px;--awb-border-radius-bottom-right:0px;--awb-border-radius-bottom-left:0px;--awb-flex-wrap:wrap;\" ><div class=\"fusion-builder-row fusion-row fusion-flex-align-items-flex-start fusion-flex-content-wrap\" style=\"max-width:1248px;margin-left: calc(-4% \/ 2 );margin-right: calc(-4% \/ 2 );\"><div class=\"fusion-layout-column fusion_builder_column fusion-builder-column-0 fusion_builder_column_1_1 1_1 fusion-flex-column\" style=\"--awb-bg-blend:overlay;--awb-bg-size:cover;--awb-width-large:100%;--awb-margin-top-large:0px;--awb-spacing-right-large:1.92%;--awb-margin-bottom-large:0px;--awb-spacing-left-large:1.92%;--awb-width-medium:100%;--awb-spacing-right-medium:1.92%;--awb-spacing-left-medium:1.92%;--awb-width-small:100%;--awb-spacing-right-small:1.92%;--awb-spacing-left-small:1.92%;\"><div class=\"fusion-column-wrapper fusion-flex-justify-content-flex-start fusion-content-layout-column\"><div class=\"fusion-text fusion-text-1\"><div id=\"\" class=\"lsow-panel lsow-active\">\n<h1 class=\"lsow-panel-title\">Comunicaci\u00f3n, Publicidad y TICs<\/h1>\n<div class=\"lsow-panel-content\">\n<p><a href=\"https:\/\/www.google.com\/url?rct=j&amp;sa=t&amp;url=https:\/\/www.canalsur.es\/rtva\/los-reporteros-entra-en-la-eurocamara-con-motivo-de-la-presidencia-de-espana-de-la-union-europea\/1947144.html&amp;ct=ga&amp;cd=CAEYACoTOTI3NTE2ODYwOTcwNjg4ODE1NTIZMGE3MDMxZmMzMWI2ZDliZDplczplczpFUw&amp;usg=AOvVaw0g1XknECDdKcFgPQC4DQZy\" target=\"_blank\" rel=\"noopener\" data-saferedirecturl=\"https:\/\/www.google.com\/url?q=https:\/\/www.google.com\/url?rct%3Dj%26sa%3Dt%26url%3Dhttps:\/\/www.canalsur.es\/rtva\/los-reporteros-entra-en-la-eurocamara-con-motivo-de-la-presidencia-de-espana-de-la-union-europea\/1947144.html%26ct%3Dga%26cd%3DCAEYACoTOTI3NTE2ODYwOTcwNjg4ODE1NTIZMGE3MDMxZmMzMWI2ZDliZDplczplczpFUw%26usg%3DAOvVaw0g1XknECDdKcFgPQC4DQZy&amp;source=gmail&amp;ust=1688658304184000&amp;usg=AOvVaw17N59CoUdyfJdaYUrZlHrA\">Los Reporteros entra en la Euroc\u00e1mara con motivo de la presidencia de Espa\u00f1a de la &#8230; &#8211;\u00a0<\/a><a>Canal Sur<br \/>\n<\/a><a href=\"https:\/\/www.google.com\/url?rct=j&amp;sa=t&amp;url=https:\/\/www.europapress.es\/castilla-lamancha\/noticia-lm-pone-valor-periodismo-comprometido-firme-hace-pedagogia-igualdad-visibiliza-violencia-genero-20230629211846.html&amp;ct=ga&amp;cd=CAEYBCoTMjI5NzI0ODA4NTc0NjQzMDgwOTIZYzAzNzJlYmMyZmVhZGE1OTplczplczpFUw&amp;usg=AOvVaw1N9S8w8g9RHjSYifCTrJ18\" target=\"_blank\" rel=\"noopener\" data-saferedirecturl=\"https:\/\/www.google.com\/url?q=https:\/\/www.google.com\/url?rct%3Dj%26sa%3Dt%26url%3Dhttps:\/\/www.europapress.es\/castilla-lamancha\/noticia-lm-pone-valor-periodismo-comprometido-firme-hace-pedagogia-igualdad-visibiliza-violencia-genero-20230629211846.html%26ct%3Dga%26cd%3DCAEYBCoTMjI5NzI0ODA4NTc0NjQzMDgwOTIZYzAzNzJlYmMyZmVhZGE1OTplczplczpFUw%26usg%3DAOvVaw1N9S8w8g9RHjSYifCTrJ18&amp;source=gmail&amp;ust=1688654288199000&amp;usg=AOvVaw36MCRs-zlzQM1_3q-KGxxg\">C-LM pone en valor el periodismo \u00abcomprometido y firme\u00bb, que hace pedagog\u00eda de igualdad &#8230;-\u00a0<\/a><a>Europa Press<br \/>\n<\/a><a class=\"title\" href=\"https:\/\/www.20minutos.es\/mujer\/mas-mujer\/entrevista-ana-santos-perioditsta-activista-medioambienta-planeta-necesita-desintoxiquemos-fast-fashion-5144475\/\" target=\"_blank\" rel=\"noopener\" data-artpy=\"0\" data-author=\"20 minutos\">Ana de Santos, periodista y activista medioambiental: \u00abEl planeta necesita que que nos desintoxiquemos de la &#8216;fast fashion'\u00bb<\/a>-20minutos<br \/>\n<a class=\"title\" href=\"https:\/\/www.cope.es\/actualidad\/espana\/noticias\/una-exposicion-photoespana-muestra-valladolid-trabajo-documental-dos-fotorreporteras-sobre-guerra-civil-20230705_2798681\" target=\"_blank\" rel=\"noopener\" data-artpy=\"0\" data-author=\"COPE\">Una exposici\u00f3n de PHotoESPA\u00d1A muestra en Valladolid el trabajo documental de dos fotorreporteras sobre la Guerra Civil<\/a>-cope<a><br \/>\n<\/a><a href=\"https:\/\/www.google.com\/url?rct=j&amp;sa=t&amp;url=https:\/\/www.informacion.es\/cultura\/2023\/07\/04\/premios-makinaccion-festival-internacional-publicidad-89473656.html&amp;ct=ga&amp;cd=CAEYACoUMTQxNTc5NzM5MTIxODQzNTk1MjkyGWUxZTc3ZDE1NjA5OGE4ZTM6ZXM6ZXM6RVM&amp;usg=AOvVaw34OIdZVLekY_z68YDTFjn0\" target=\"_blank\" rel=\"noopener\" data-saferedirecturl=\"https:\/\/www.google.com\/url?q=https:\/\/www.google.com\/url?rct%3Dj%26sa%3Dt%26url%3Dhttps:\/\/www.informacion.es\/cultura\/2023\/07\/04\/premios-makinaccion-festival-internacional-publicidad-89473656.html%26ct%3Dga%26cd%3DCAEYACoUMTQxNTc5NzM5MTIxODQzNTk1MjkyGWUxZTc3ZDE1NjA5OGE4ZTM6ZXM6ZXM6RVM%26usg%3DAOvVaw34OIdZVLekY_z68YDTFjn0&amp;source=gmail&amp;ust=1688654291813000&amp;usg=AOvVaw3DI02z_NEoTE1fxsPPWOeI\">Premios para MakinAcci\u00f3n en el Festival Internacional de Publicidad Social-\u00a0<\/a>informacion<br \/>\n<a href=\"https:\/\/www.google.com\/url?rct=j&amp;sa=t&amp;url=https:\/\/www.rtve.es\/noticias\/20230630\/acoso-sexual-insultos-son-redes-espacio-seguro-para-mujeres\/2450843.shtml&amp;ct=ga&amp;cd=CAEYASoTMjI5NzI0ODA4NTc0NjQzMDgwOTIZYzAzNzJlYmMyZmVhZGE1OTplczplczpFUw&amp;usg=AOvVaw28-7Ck1P-zAWp6pZ2mDTrg\" target=\"_blank\" rel=\"noopener\" data-saferedirecturl=\"https:\/\/www.google.com\/url?q=https:\/\/www.google.com\/url?rct%3Dj%26sa%3Dt%26url%3Dhttps:\/\/www.rtve.es\/noticias\/20230630\/acoso-sexual-insultos-son-redes-espacio-seguro-para-mujeres\/2450843.shtml%26ct%3Dga%26cd%3DCAEYASoTMjI5NzI0ODA4NTc0NjQzMDgwOTIZYzAzNzJlYmMyZmVhZGE1OTplczplczpFUw%26usg%3DAOvVaw28-7Ck1P-zAWp6pZ2mDTrg&amp;source=gmail&amp;ust=1688654288198000&amp;usg=AOvVaw2NGO9kbh6ZYSctPKvlOrQj\">Del acoso sexual a los insultos: \u00bfSon las redes un espacio seguro para las\u00a0mujeres?-\u00a0<\/a>rtve<a>\u00a0<\/a><\/p>\n<\/div>\n<\/div>\n<div id=\"\" class=\"lsow-panel lsow-active\">\n<h1 class=\"lsow-panel-title\">Andaluc\u00eda<\/h1>\n<div class=\"lsow-panel-content\">\n<div class=\"source set_top\">\n<div data-priority=\"2\" aria-hidden=\"true\">\n<p><strong>Institucional<br \/>\n<\/strong><a class=\"title\" href=\"https:\/\/www.msn.com\/es-es\/noticias\/espana\/crespo-aboga-por-alcanzar-un-equilibrio-h%C3%ADdrico-que-mantenga-los-sectores-productivos-y-permita-crecimientos-futuros\/ar-AA1dsBa5\" target=\"_blank\" rel=\"noopener\" data-artpy=\"0\" data-author=\"Europa Press on MSN\">Crespo aboga por alcanzar un \u00abequilibrio h\u00eddrico\u00bb que mantenga los sectores productivos y permita crecimientos futuros<\/a>-europapress<br \/>\n<a class=\"title\" href=\"https:\/\/www.msn.com\/es-es\/dinero\/economia\/carolina-espa%C3%B1a-afirma-que-las-buenas-ideas-no-se-perder%C3%A1n-en-andaluc%C3%ADa-por-falta-de-financiaci%C3%B3n\/ar-AA1dsBa4\" target=\"_blank\" rel=\"noopener\" data-artpy=\"0\" data-author=\"Europa Press on MSN\">Carolina Espa\u00f1a afirma que \u201clas buenas ideas no se perder\u00e1n en Andaluc\u00eda por falta de financiaci\u00f3n\u201d<\/a>-europapress<strong><br \/>\n<\/strong><\/p>\n<p><strong>Econom\u00eda y Empresa<\/strong><strong><br \/>\n<\/strong><a class=\"title\" href=\"https:\/\/cadenaser.com\/castillayleon\/2023\/07\/05\/la-junta-y-michelin-establecen-pautas-para-la-integracion-de-la-mujer-en-la-automocion-radio-aranda\/\" target=\"_blank\" rel=\"noopener\" data-artpy=\"0\" data-author=\"Cadena SER\">La Junta y Michelin establecen pautas para la integraci\u00f3n de la mujer en la automoci\u00f3n<\/a>-ser<strong><br \/>\n<\/strong><a href=\"https:\/\/www.google.com\/url?rct=j&amp;sa=t&amp;url=https:\/\/www.diariodesevilla.es\/andalucia\/Senecas-agrarias-impulsar-relevo-generacional_0_1806719984.html&amp;ct=ga&amp;cd=CAEYACoTMTU4NjQ3MzQ1NjkxNDc0NzEwMjIZZDc4ZTU4NzVhMGYxZjJhYzplczplczpFUw&amp;usg=AOvVaw3fjbmgC-cp3ScNO0JeXEnb\" target=\"_blank\" rel=\"noopener\" data-saferedirecturl=\"https:\/\/www.google.com\/url?q=https:\/\/www.google.com\/url?rct%3Dj%26sa%3Dt%26url%3Dhttps:\/\/www.diariodesevilla.es\/andalucia\/Senecas-agrarias-impulsar-relevo-generacional_0_1806719984.html%26ct%3Dga%26cd%3DCAEYACoTMTU4NjQ3MzQ1NjkxNDc0NzEwMjIZZDc4ZTU4NzVhMGYxZjJhYzplczplczpFUw%26usg%3DAOvVaw3fjbmgC-cp3ScNO0JeXEnb&amp;source=gmail&amp;ust=1688657795254000&amp;usg=AOvVaw06qSwDWTHW-InjxtL21asl\">S\u00e9necas&#8217; agrarias para impulsar el relevo generacional en el campo &#8211;\u00a0<\/a><a>Diario de Sevilla<br \/>\n<\/a><a href=\"https:\/\/www.google.com\/url?rct=j&amp;sa=t&amp;url=https:\/\/www.tribunadeandalucia.es\/ata-da-la-bienvenida-al-primer-plan-estrategico-del-trabajo-autonomo-en-andalucia\/&amp;ct=ga&amp;cd=CAEYACoTMTk4NzczNDcwOTE4MDY4MzM2OTIZZDc4ZTU4NzVhMGYxZjJhYzplczplczpFUw&amp;usg=AOvVaw1kaXQcyVGMNVu0wosN1Ie7\" target=\"_blank\" rel=\"noopener\" data-saferedirecturl=\"https:\/\/www.google.com\/url?q=https:\/\/www.google.com\/url?rct%3Dj%26sa%3Dt%26url%3Dhttps:\/\/www.tribunadeandalucia.es\/ata-da-la-bienvenida-al-primer-plan-estrategico-del-trabajo-autonomo-en-andalucia\/%26ct%3Dga%26cd%3DCAEYACoTMTk4NzczNDcwOTE4MDY4MzM2OTIZZDc4ZTU4NzVhMGYxZjJhYzplczplczpFUw%26usg%3DAOvVaw1kaXQcyVGMNVu0wosN1Ie7&amp;source=gmail&amp;ust=1688654355355000&amp;usg=AOvVaw39MgvXi9E6OrGik5LlVzp7\">ATA da la bienvenida al primer Plan Estrat\u00e9gico del Trabajo Aut\u00f3nomo en\u00a0Andaluc\u00eda<b>&#8211;\u00a0<\/b><\/a><a>TribunadeAndalucia<br \/>\n<\/a><a href=\"https:\/\/www.bing.com\/ck\/a?!&amp;&amp;p=42a7d461b2f318f5JmltdHM9MTY4ODUxNTIwMCZpZ3VpZD0xOGU2MDY2ZS1iYWNhLTY3YTgtMzgxMi0xNDBkYmI2MjY2OTAmaW5zaWQ9NTE5MQ&amp;ptn=3&amp;hsh=3&amp;fclid=18e6066e-baca-67a8-3812-140dbb626690&amp;psq=desempleo+andalucia+el+diario&amp;u=a1aHR0cHM6Ly93d3cuZWxkaWFyaW8uZXMvYW5kYWx1Y2lhL2Vjb25vbWlhL2FuZGFsdWNpYS1iYWphLTcwMC0wMDAtcGFyYWRvcy1ncmFjaWFzLTgtNzgwLWRlc2VtcGxlYWRvcy1qdW5pb18xXzEwMzQ4Mzk1Lmh0bWw&amp;ntb=1\" target=\"_blank\" rel=\"noopener\">Andaluc\u00eda baja de 700.000 parados gracias a los 8.780 \u2026<\/a>-eldiario<\/p>\n<p><strong>Actualidad<br \/>\n<\/strong><a href=\"https:\/\/www.google.com\/url?rct=j&amp;sa=t&amp;url=https:\/\/www.eldiario.es\/andalucia\/economia\/carmen-castilla-despide-ugt-andalucia-nueve-anos-despues-apuesta-oskar-martin-sucesor_1_10352343.html&amp;ct=ga&amp;cd=CAEYACoTMTQ1NjkwNzQxNDc3ODg4NTY1MjIZZDc4ZTU4NzVhMGYxZjJhYzplczplczpFUw&amp;usg=AOvVaw2U-6q5AsiM64mD0NeAdTyZ\" target=\"_blank\" rel=\"noopener\" data-saferedirecturl=\"https:\/\/www.google.com\/url?q=https:\/\/www.google.com\/url?rct%3Dj%26sa%3Dt%26url%3Dhttps:\/\/www.eldiario.es\/andalucia\/economia\/carmen-castilla-despide-ugt-andalucia-nueve-anos-despues-apuesta-oskar-martin-sucesor_1_10352343.html%26ct%3Dga%26cd%3DCAEYACoTMTQ1NjkwNzQxNDc3ODg4NTY1MjIZZDc4ZTU4NzVhMGYxZjJhYzplczplczpFUw%26usg%3DAOvVaw2U-6q5AsiM64mD0NeAdTyZ&amp;source=gmail&amp;ust=1688654288149000&amp;usg=AOvVaw1eDjIzhFlkp3Y0gKzYjBlq\">Carmen Castilla se despide de UGT\u00a0Andaluc\u00eda nueve a\u00f1os despu\u00e9s y &#8230;-\u00a0<\/a><a>El Diario<br \/>\n<\/a><a class=\"title\" href=\"https:\/\/www.larazon.es\/andalucia\/andalucia-estudia-mantener-mascarillas-residencias_2023070564a59aa341ef3d000141320b.html\" target=\"_blank\" rel=\"noopener\" data-artpy=\"0\" data-author=\"La Raz\u00f3n Digital\">Andaluc\u00eda estudia mantener las mascarillas en residencias<\/a>-larazon<a><br \/>\n<\/a><\/p>\n<p><strong>Violencias<br \/>\n<\/strong><a href=\"https:\/\/www.google.com\/url?rct=j&amp;sa=t&amp;url=https:\/\/www.canalsur.es\/television\/olga-carrion-hay-un-repunte-de-machismo-en-adolescentes-ellos-y-ellas\/1948861.html&amp;ct=ga&amp;cd=CAEYACoUMTE1MTExMjc4NzE0NTIyMzA5MjIyGzlhYjFjZGQ3ZTM2NmVmMzg6ZXM6ZXM6RVM6Ug&amp;usg=AOvVaw1PZlxndrnXDHN9BrZrSNoR\" target=\"_blank\" rel=\"noopener\" data-saferedirecturl=\"https:\/\/www.google.com\/url?q=https:\/\/www.google.com\/url?rct%3Dj%26sa%3Dt%26url%3Dhttps:\/\/www.canalsur.es\/television\/olga-carrion-hay-un-repunte-de-machismo-en-adolescentes-ellos-y-ellas\/1948861.html%26ct%3Dga%26cd%3DCAEYACoUMTE1MTExMjc4NzE0NTIyMzA5MjIyGzlhYjFjZGQ3ZTM2NmVmMzg6ZXM6ZXM6RVM6Ug%26usg%3DAOvVaw1PZlxndrnXDHN9BrZrSNoR&amp;source=gmail&amp;ust=1688654292926000&amp;usg=AOvVaw1DPxkQhu3YRtL-ZZsyWe92\">Olga Carri\u00f3n, directora IAM: \u00abHay un repunte de machismo en adolescentes: ellos y ellas\u00bb &#8211;\u00a0<\/a><a>Canal Sur<br \/>\n<\/a><a href=\"https:\/\/www.google.com\/url?rct=j&amp;sa=t&amp;url=https:\/\/www.diariojaen.es\/jaen\/acuerdo-para-formar-auxiliares-de-ayuda-a-domicilio-en-el-ambito-de-la-violencia-de-genero-EB9146413&amp;ct=ga&amp;cd=CAEYACoTNjMwMDk1NjUxMDA0MTMyMDM2NjIbOWFiMWNkZDdlMzY2ZWYzODplczplczpFUzpS&amp;usg=AOvVaw3v_1tJXSz5cry2ewYasG4b\" target=\"_blank\" rel=\"noopener\" data-saferedirecturl=\"https:\/\/www.google.com\/url?q=https:\/\/www.google.com\/url?rct%3Dj%26sa%3Dt%26url%3Dhttps:\/\/www.diariojaen.es\/jaen\/acuerdo-para-formar-auxiliares-de-ayuda-a-domicilio-en-el-ambito-de-la-violencia-de-genero-EB9146413%26ct%3Dga%26cd%3DCAEYACoTNjMwMDk1NjUxMDA0MTMyMDM2NjIbOWFiMWNkZDdlMzY2ZWYzODplczplczpFUzpS%26usg%3DAOvVaw3v_1tJXSz5cry2ewYasG4b&amp;source=gmail&amp;ust=1688654291961000&amp;usg=AOvVaw1ZYgwj2oDVdvLhqJpWDWpi\">Acuerdo para formar auxiliares de ayuda a domicilio en el \u00e1mbito de la violencia de g\u00e9nero-\u00a0<\/a><a>diariojaen<\/a><\/p>\n<p><b>Ciencia y Cultura<br \/>\n<\/b><a href=\"https:\/\/www.google.com\/url?rct=j&amp;sa=t&amp;url=https:\/\/www.almerianoticias.es\/almudena-gutierrez-premio-tfg-del-colegio-de-ingenieros-tecnicos-industriales-de-almeria\/&amp;ct=ga&amp;cd=CAEYBioUMTYwMDYzNzc2MjYzODA0NzcxNTkyGWUxZTc3ZDE1NjA5OGE4ZTM6ZXM6ZXM6RVM&amp;usg=AOvVaw23NcL4wVSsd6E5JZ6q5tm6\" target=\"_blank\" rel=\"noopener\" data-saferedirecturl=\"https:\/\/www.google.com\/url?q=https:\/\/www.google.com\/url?rct%3Dj%26sa%3Dt%26url%3Dhttps:\/\/www.almerianoticias.es\/almudena-gutierrez-premio-tfg-del-colegio-de-ingenieros-tecnicos-industriales-de-almeria\/%26ct%3Dga%26cd%3DCAEYBioUMTYwMDYzNzc2MjYzODA0NzcxNTkyGWUxZTc3ZDE1NjA5OGE4ZTM6ZXM6ZXM6RVM%26usg%3DAOvVaw23NcL4wVSsd6E5JZ6q5tm6&amp;source=gmail&amp;ust=1688654355247000&amp;usg=AOvVaw0GKViiIMMwChMm_SbrkW5U\">Almudena Guti\u00e9rrez, premio TFG del Colegio de Ingenieros T\u00e9cnicos Industriales de Almer\u00eda-\u00a0<\/a><a>Almer\u00eda Noticias<br \/>\n<\/a><a class=\"title\" href=\"https:\/\/www.europapress.es\/andalucia\/sevilla-00357\/noticia-pilar-rio-cursos-upo-sigue-molestando-haya-mujeres-voz-poder-nombre-femenino-20230705152239.html\" target=\"_blank\" rel=\"noopener\" data-artpy=\"0\" data-author=\"Europa Press\">Pilar del R\u00edo en los cursos de la UPO: \u00abSigue molestando que haya mujeres con voz y que el poder se nombre en femenino\u00bb<\/a>-europapress<a><br \/>\n<\/a><b><\/b><a href=\"https:\/\/www.google.com\/url?rct=j&amp;sa=t&amp;url=https:\/\/www.noticiasde.es\/andalucia-2\/nueva-version-de-la-guia-para-un-verano-violeta-2023-que-incluye-libros-y-peliculas-creadas-y-protagonizadas-exclusivamente-por-mujeres\/&amp;ct=ga&amp;cd=CAEYACoTOTc0NzE4MzU0MjE3MjI3NjQyMDIbOWFiMWNkZDdlMzY2ZWYzODplczplczpFUzpS&amp;usg=AOvVaw2L86HARz4NKhc3vs-0-yCy\" target=\"_blank\" rel=\"noopener\" data-saferedirecturl=\"https:\/\/www.google.com\/url?q=https:\/\/www.google.com\/url?rct%3Dj%26sa%3Dt%26url%3Dhttps:\/\/www.noticiasde.es\/andalucia-2\/nueva-version-de-la-guia-para-un-verano-violeta-2023-que-incluye-libros-y-peliculas-creadas-y-protagonizadas-exclusivamente-por-mujeres\/%26ct%3Dga%26cd%3DCAEYACoTOTc0NzE4MzU0MjE3MjI3NjQyMDIbOWFiMWNkZDdlMzY2ZWYzODplczplczpFUzpS%26usg%3DAOvVaw2L86HARz4NKhc3vs-0-yCy&amp;source=gmail&amp;ust=1688657699511000&amp;usg=AOvVaw02b8Y5sKuKp7vozp_ecUT9\">Nueva versi\u00f3n de la gu\u00eda &#8216;Para un verano violeta 2023&#8217; que incluye libros y pel\u00edculas &#8230;-\u00a0<\/a><a>NoticiasDe<br \/>\n<\/a><a href=\"https:\/\/www.google.com\/url?rct=j&amp;sa=t&amp;url=https:\/\/www.telemadrid.es\/programas\/telenoticias-1\/Las-mujeres-en-la-vida-de-Picasso-una-mirada-con-perspectiva-de-genero-2-2575562448--20230705032900.html&amp;ct=ga&amp;cd=CAEYACoTMTY4NzgzOTE4NzU4MzUyODQ1NzIZYzAzNzJlYmMyZmVhZGE1OTplczplczpFUw&amp;usg=AOvVaw2Aew5KCSUeUhhTuch2HI-9\" target=\"_blank\" rel=\"noopener\" data-saferedirecturl=\"https:\/\/www.google.com\/url?q=https:\/\/www.google.com\/url?rct%3Dj%26sa%3Dt%26url%3Dhttps:\/\/www.telemadrid.es\/programas\/telenoticias-1\/Las-mujeres-en-la-vida-de-Picasso-una-mirada-con-perspectiva-de-genero-2-2575562448--20230705032900.html%26ct%3Dga%26cd%3DCAEYACoTMTY4NzgzOTE4NzU4MzUyODQ1NzIZYzAzNzJlYmMyZmVhZGE1OTplczplczpFUw%26usg%3DAOvVaw2Aew5KCSUeUhhTuch2HI-9&amp;source=gmail&amp;ust=1688654289114000&amp;usg=AOvVaw1VY1olo5KLP-XIcspUWdUJ\">&#8216;Las\u00a0mujeres en la vida de Picasso&#8217;, una mirada con \u00abperspectiva de g\u00e9nero\u00bb &#8211;\u00a0<\/a><a>Telemadrid<\/a><a><br \/>\n<\/a><a href=\"https:\/\/www.google.com\/url?rct=j&amp;sa=t&amp;url=https:\/\/www.cordobahoy.es\/articulo\/cultura\/cordobesa-actos-culturales-presidencia-ue\/20230704182436140958.html&amp;ct=ga&amp;cd=CAEYCCoTNTEzMTU1ODI2MDcwOTUxNTc4ODIZYzAzNzJlYmMyZmVhZGE1OTplczplczpFUw&amp;usg=AOvVaw37J_D-ReRCp7VMQ8yts0JL\" target=\"_blank\" rel=\"noopener\" data-saferedirecturl=\"https:\/\/www.google.com\/url?q=https:\/\/www.google.com\/url?rct%3Dj%26sa%3Dt%26url%3Dhttps:\/\/www.cordobahoy.es\/articulo\/cultura\/cordobesa-actos-culturales-presidencia-ue\/20230704182436140958.html%26ct%3Dga%26cd%3DCAEYCCoTNTEzMTU1ODI2MDcwOTUxNTc4ODIZYzAzNzJlYmMyZmVhZGE1OTplczplczpFUw%26usg%3DAOvVaw37J_D-ReRCp7VMQ8yts0JL&amp;source=gmail&amp;ust=1688654289058000&amp;usg=AOvVaw3ZFHqxUKk5eYqYBR2715h1\">La escritora cordobesa Mar\u00eda S\u00e1nchez participar\u00e1 en los actos culturales con motivo de la Presidencia&#8230;-\u00a0<\/a><a>Cordoba Hoy<br \/>\n<\/a><a href=\"https:\/\/www.google.com\/url?rct=j&amp;sa=t&amp;url=https:\/\/www.eldiadecordoba.es\/vivir-cordoba\/glamurosa-Cordoba-Julio-Romero-Torres_0_1807919872.html&amp;ct=ga&amp;cd=CAEYAioUMTYyMzg1NjAyMzgxMzI3OTc3MjcyGWMwMzcyZWJjMmZlYWRhNTk6ZXM6ZXM6RVM&amp;usg=AOvVaw27eApT-2nnqUrVAr5XVF10\" target=\"_blank\" rel=\"noopener\" data-saferedirecturl=\"https:\/\/www.google.com\/url?q=https:\/\/www.google.com\/url?rct%3Dj%26sa%3Dt%26url%3Dhttps:\/\/www.eldiadecordoba.es\/vivir-cordoba\/glamurosa-Cordoba-Julio-Romero-Torres_0_1807919872.html%26ct%3Dga%26cd%3DCAEYAioUMTYyMzg1NjAyMzgxMzI3OTc3MjcyGWMwMzcyZWJjMmZlYWRhNTk6ZXM6ZXM6RVM%26usg%3DAOvVaw27eApT-2nnqUrVAr5XVF10&amp;source=gmail&amp;ust=1688654288908000&amp;usg=AOvVaw2ZMRJJyJJfXOR9ACCI0TnE\">La ruta m\u00e1s glamurosa por C\u00f3rdoba de la\u00a0mujer de Julio Romero de Torres-\u00a0<\/a><a>El D\u00eda de C\u00f3rdoba<\/a><\/p>\n<p><b><\/b><strong>Deporte<br \/>\n<\/strong><a href=\"https:\/\/www.google.com\/url?rct=j&amp;sa=t&amp;url=https:\/\/www.cadizcf.com\/noticias\/cadiz-cf-fundacion-contra-el-acoso-sexual&amp;ct=ga&amp;cd=CAEYASoTNTEzMTU1ODI2MDcwOTUxNTc4ODIZYzAzNzJlYmMyZmVhZGE1OTplczplczpFUw&amp;usg=AOvVaw1DaekK-LHdiVtRTxs0Swva\" target=\"_blank\" rel=\"noopener\" data-saferedirecturl=\"https:\/\/www.google.com\/url?q=https:\/\/www.google.com\/url?rct%3Dj%26sa%3Dt%26url%3Dhttps:\/\/www.cadizcf.com\/noticias\/cadiz-cf-fundacion-contra-el-acoso-sexual%26ct%3Dga%26cd%3DCAEYASoTNTEzMTU1ODI2MDcwOTUxNTc4ODIZYzAzNzJlYmMyZmVhZGE1OTplczplczpFUw%26usg%3DAOvVaw1DaekK-LHdiVtRTxs0Swva&amp;source=gmail&amp;ust=1688654289057000&amp;usg=AOvVaw3lx52M12R1vymrRegPPj8s\">C\u00e1diz CF Fundaci\u00f3n, contra el acoso sexual &#8211;\u00a0<\/a><a>C\u00e1diz CF<br \/>\n<\/a><a class=\"title\" href=\"https:\/\/www.msn.com\/es-es\/noticias\/espana\/publicada-la-convocatoria-de-las-subvenciones-para-la-igualdad-en-el-deporte-en-las-federaciones-andaluzas\/ar-AA1dsk7E\" target=\"_blank\" rel=\"noopener\" data-artpy=\"0\" data-author=\"Europa Press on MSN\">Publicada la convocatoria de las subvenciones para la igualdad en el deporte en las federaciones andaluzas<\/a>-europapress<strong>\u00a0<\/strong><\/p>\n<\/div>\n<\/div>\n<\/div>\n<\/div>\n<div id=\"\" class=\"lsow-panel lsow-active\">\n<h1 class=\"lsow-panel-title\">Estado<\/h1>\n<div class=\"lsow-panel-content\">\n<p><strong>Institucional<br \/>\n<\/strong><span class=\"im\"><a href=\"https:\/\/www.google.com\/url?rct=j&amp;sa=t&amp;url=https:\/\/forbes.es\/ultima-hora\/306913\/raquel-sanchez-inaugura-hoy-en-madrid-la-2-cumbre-mundial-de-igualdad-de-genero-en-la-aviacion\/&amp;ct=ga&amp;cd=CAEYACoTMzY0ODc2MzE0MzY3ODA3MDA1NTIZNTlkNzgxNzEzNmEyZDAyODplczplczpFUw&amp;usg=AOvVaw3BGVDr8qpRI-0DJ8wXMoP5\" target=\"_blank\" rel=\"noopener\" data-saferedirecturl=\"https:\/\/www.google.com\/url?q=https:\/\/www.google.com\/url?rct%3Dj%26sa%3Dt%26url%3Dhttps:\/\/forbes.es\/ultima-hora\/306913\/raquel-sanchez-inaugura-hoy-en-madrid-la-2-cumbre-mundial-de-igualdad-de-genero-en-la-aviacion\/%26ct%3Dga%26cd%3DCAEYACoTMzY0ODc2MzE0MzY3ODA3MDA1NTIZNTlkNzgxNzEzNmEyZDAyODplczplczpFUw%26usg%3DAOvVaw3BGVDr8qpRI-0DJ8wXMoP5&amp;source=gmail&amp;ust=1688654289827000&amp;usg=AOvVaw1otdqzLQ2Mc33NAKt9pP0g\">Raquel S\u00e1nchez inaugura hoy en Madrid la 2 Cumbre Mundial de Igualdad de\u00a0G\u00e9nero en la aviaci\u00f3n&#8230;-\u00a0<\/a><\/span><a>Forbes Espa\u00f1a<br \/>\n<\/a><a href=\"https:\/\/www.google.com\/url?rct=j&amp;sa=t&amp;url=http:\/\/www.andaluciasolidaria.org\/noticias\/item\/1865-cooperacion-y-agenda-sostenible-la-oportunidad-para-un-enfoque-social-de-la-presidencia-espanola-del-consejo-europeo&amp;ct=ga&amp;cd=CAEYACoQMjA3MDE2NDk4Mjc2MzIxMTIZNGRhZTgxNjJlOGFmM2U4ODplczplczpFUw&amp;usg=AOvVaw3NL4a3gUuhEOQJkt93JFDm\" target=\"_blank\" rel=\"noopener\" data-saferedirecturl=\"https:\/\/www.google.com\/url?q=https:\/\/www.google.com\/url?rct%3Dj%26sa%3Dt%26url%3Dhttp:\/\/www.andaluciasolidaria.org\/noticias\/item\/1865-cooperacion-y-agenda-sostenible-la-oportunidad-para-un-enfoque-social-de-la-presidencia-espanola-del-consejo-europeo%26ct%3Dga%26cd%3DCAEYACoQMjA3MDE2NDk4Mjc2MzIxMTIZNGRhZTgxNjJlOGFmM2U4ODplczplczpFUw%26usg%3DAOvVaw3NL4a3gUuhEOQJkt93JFDm&amp;source=gmail&amp;ust=1688654355365000&amp;usg=AOvVaw1ZntjAY8FugldHjgFvrpGV\">Cooperaci\u00f3n y agenda sostenible, la oportunidad para un enfoque social de la presidencia espa\u00f1ola del Consejo &#8230;-\u00a0<\/a><a>FAMSI<br \/>\n<\/a><a href=\"https:\/\/www.google.com\/url?rct=j&amp;sa=t&amp;url=https:\/\/efeminista.com\/justicia-perspectiva-de-genero\/&amp;ct=ga&amp;cd=CAEYASoTMTY4NzgzOTE4NzU4MzUyODQ1NzIZYzAzNzJlYmMyZmVhZGE1OTplczplczpFUw&amp;usg=AOvVaw0uzO_KEw16vvtXDyteWP9Y\" target=\"_blank\" rel=\"noopener\" data-saferedirecturl=\"https:\/\/www.google.com\/url?q=https:\/\/www.google.com\/url?rct%3Dj%26sa%3Dt%26url%3Dhttps:\/\/efeminista.com\/justicia-perspectiva-de-genero\/%26ct%3Dga%26cd%3DCAEYASoTMTY4NzgzOTE4NzU4MzUyODQ1NzIZYzAzNzJlYmMyZmVhZGE1OTplczplczpFUw%26usg%3DAOvVaw0uzO_KEw16vvtXDyteWP9Y&amp;source=gmail&amp;ust=1688654289114000&amp;usg=AOvVaw2lFFFiW1Fvk1BYD3-PlNCU\">Profesionales de la Justicia subrayan la importancia de aplicar la perspectiva de g\u00e9nero-\u00a0<\/a><a>Efeminista<\/a><\/p>\n<p><strong>Institucional \u2013 CCAA<br \/>\n<\/strong><a href=\"https:\/\/www.google.com\/url?rct=j&amp;sa=t&amp;url=https:\/\/www.lavanguardia.com\/local\/baleares\/20230630\/9078890\/ibdona-subvenciona-87-877-euros-estudios-fomento-igualdad-erradicacion-violencia-machista.html&amp;ct=ga&amp;cd=CAEYAioTMjI5NzI0ODA4NTc0NjQzMDgwOTIZYzAzNzJlYmMyZmVhZGE1OTplczplczpFUw&amp;usg=AOvVaw3BYjQFJZI57dGqwUa8-qB6\" target=\"_blank\" rel=\"noopener\" data-saferedirecturl=\"https:\/\/www.google.com\/url?q=https:\/\/www.google.com\/url?rct%3Dj%26sa%3Dt%26url%3Dhttps:\/\/www.lavanguardia.com\/local\/baleares\/20230630\/9078890\/ibdona-subvenciona-87-877-euros-estudios-fomento-igualdad-erradicacion-violencia-machista.html%26ct%3Dga%26cd%3DCAEYAioTMjI5NzI0ODA4NTc0NjQzMDgwOTIZYzAzNzJlYmMyZmVhZGE1OTplczplczpFUw%26usg%3DAOvVaw3BYjQFJZI57dGqwUa8-qB6&amp;source=gmail&amp;ust=1688654288198000&amp;usg=AOvVaw0my3jYfVayNMPG_bwaGY2u\">IBDona subvenciona con 87.877 euros estudios para el fomento de la igualdad y la &#8230;-\u00a0<\/a><a>La Vanguardia<br \/>\n<\/a><a class=\"title\" href=\"https:\/\/www.msn.com\/es-es\/noticias\/other\/elixabete-etxanobe-primera-mujer-al-frente-de-bizkaia-tendr%C3%A1-mayor%C3%ADa-absoluta-con-el-pse-ee-y-adelanta-una-reforma-fiscal-light\/ar-AA1dsVlZ\" target=\"_blank\" rel=\"noopener\" data-artpy=\"0\" data-author=\"eldiario.es on MSN\">Elixabete Etxanobe, primera mujer al frente de Bizkaia, tendr\u00e1 mayor\u00eda absoluta con el PSE-EE y adelanta una reforma fiscal &#8216;light&#8217;<\/a>-eldiario<br \/>\n<a class=\"title\" href=\"https:\/\/www.bolsamania.com\/noticias\/economia\/economia--page-quiere-regular-por-ley-puertas-giratorias-y-brecha-salarial-y-minorar-tramites-burocraticos-a-empresas--13919320.html\" target=\"_blank\" rel=\"noopener\" data-artpy=\"0\" data-author=\"Capitalbolsa\">Page quiere regular por ley puertas giratorias y brecha salarial y minorar tr\u00e1mites burocr\u00e1ticos a empresas-\u00a0<\/a><a>bolsamania<\/a><\/p>\n<p><strong>Econom\u00eda y Empresa<br \/>\n<\/strong><a href=\"https:\/\/www.google.com\/url?rct=j&amp;sa=t&amp;url=https:\/\/www.inmujeres.gob.es\/actualidad\/noticias\/2023\/JUNIO\/convocatoriaDIE.htm&amp;ct=ga&amp;cd=CAEYACoTMjI5NzI0ODA4NTc0NjQzMDgwOTIZYzAzNzJlYmMyZmVhZGE1OTplczplczpFUw&amp;usg=AOvVaw3Hubs3nlSwpBrJzhvUOFF8\" target=\"_blank\" rel=\"noopener\" data-saferedirecturl=\"https:\/\/www.google.com\/url?q=https:\/\/www.google.com\/url?rct%3Dj%26sa%3Dt%26url%3Dhttps:\/\/www.inmujeres.gob.es\/actualidad\/noticias\/2023\/JUNIO\/convocatoriaDIE.htm%26ct%3Dga%26cd%3DCAEYACoTMjI5NzI0ODA4NTc0NjQzMDgwOTIZYzAzNzJlYmMyZmVhZGE1OTplczplczpFUw%26usg%3DAOvVaw3Hubs3nlSwpBrJzhvUOFF8&amp;source=gmail&amp;ust=1688654288198000&amp;usg=AOvVaw3kWkJIkWtq6pf0PT1LrIlJ\">El\u00a0Instituto\u00a0de las\u00a0Mujeres convoca la concesi\u00f3n del distintivo \u00abIgualdad en la Empresa\u00bb-\u00a0<\/a><a>Instituto de las Mujeres<br \/>\n<\/a><a href=\"https:\/\/www.google.com\/url?rct=j&amp;sa=t&amp;url=https:\/\/mundoejecutivo.com.mx\/mujer-ejecutiva\/participacion-femenina-en-las-empresas-impulsa-el-desarrollo-economico\/&amp;ct=ga&amp;cd=CAEYACoUMTM4NjQzOTUyMTEwNTU3NTM3MzYyGWMwMzcyZWJjMmZlYWRhNTk6ZXM6ZXM6RVM&amp;usg=AOvVaw0DtPB-7w7MnFxh7BOJSqvB\" target=\"_blank\" rel=\"noopener\" data-saferedirecturl=\"https:\/\/www.google.com\/url?q=https:\/\/www.google.com\/url?rct%3Dj%26sa%3Dt%26url%3Dhttps:\/\/mundoejecutivo.com.mx\/mujer-ejecutiva\/participacion-femenina-en-las-empresas-impulsa-el-desarrollo-economico\/%26ct%3Dga%26cd%3DCAEYACoUMTM4NjQzOTUyMTEwNTU3NTM3MzYyGWMwMzcyZWJjMmZlYWRhNTk6ZXM6ZXM6RVM%26usg%3DAOvVaw0DtPB-7w7MnFxh7BOJSqvB&amp;source=gmail&amp;ust=1688654289032000&amp;usg=AOvVaw2fIsTyitqOAD54zgHlBiNM\">Participaci\u00f3n femenina en las empresas impulsa el desarrollo econ\u00f3mico |-<\/a><a>Mundo Ejecutivo<br \/>\n<\/a><a href=\"https:\/\/www.google.com\/url?rct=j&amp;sa=t&amp;url=https:\/\/aviaciondigital.com\/la-aviacion-necesitaria-450-anos-mas-para-alcanzar-la-igualdad-de-genero\/&amp;ct=ga&amp;cd=CAEYASoUMTI0MDk4MTU4NTQxNjI3ODY3NzcyGTU5ZDc4MTcxMzZhMmQwMjg6ZXM6ZXM6RVM&amp;usg=AOvVaw2Ofw8JoP2ft4JPdv2dlfsb\" target=\"_blank\" rel=\"noopener\" data-saferedirecturl=\"https:\/\/www.google.com\/url?q=https:\/\/www.google.com\/url?rct%3Dj%26sa%3Dt%26url%3Dhttps:\/\/aviaciondigital.com\/la-aviacion-necesitaria-450-anos-mas-para-alcanzar-la-igualdad-de-genero\/%26ct%3Dga%26cd%3DCAEYASoUMTI0MDk4MTU4NTQxNjI3ODY3NzcyGTU5ZDc4MTcxMzZhMmQwMjg6ZXM6ZXM6RVM%26usg%3DAOvVaw2Ofw8JoP2ft4JPdv2dlfsb&amp;source=gmail&amp;ust=1688658291576000&amp;usg=AOvVaw28nAMDHwWPcFbF8YFu4KpG\">La aviaci\u00f3n necesitar\u00eda 450 a\u00f1os m\u00e1s para alcanzar la igualdad de g\u00e9nero<b>&#8211;\u00a0<\/b><\/a><a>Aviaci\u00f3n Digital<br \/>\n<\/a><a class=\"title\" href=\"https:\/\/www.informacion.es\/economia\/2023\/07\/05\/produccion-ecologica-atrae-agricultores-jovenes-89509408.html\" target=\"_blank\" rel=\"noopener\" data-artpy=\"0\" data-author=\"INFORMACION\">La producci\u00f3n ecol\u00f3gica atrae a agricultores m\u00e1s j\u00f3venes y m\u00e1s mujeres que la tradicional<\/a>-informacion<br \/>\n<a class=\"title\" href=\"https:\/\/www.elespanol.com\/quincemil\/articulos\/economia\/galicia-es-una-tierra-de-talento-diseno-y-moda-cristina-delgado-presidenta-de-women-in-retail\" target=\"_blank\" rel=\"noopener\" data-artpy=\"0\" data-author=\"ESPA\u00d1OL\">\u00abGalicia es una tierra de talento, dise\u00f1o y moda\u00bb: Cristina Delgado, presidenta de Women In Retail<\/a>-elespa\u00f1ol<a><br \/>\n<\/a><\/p>\n<p><strong>Actualidad<br \/>\n<\/strong><a href=\"https:\/\/womandigital.es\/primera-norma-mundial-sobre-igualdad-de-genero-en-organizaciones\/\">Primera norma mundial sobre igualdad de g\u00e9nero en organizaciones &#8211;\u00a0<\/a>womandigital<br \/>\n<a href=\"https:\/\/www.google.com\/url?rct=j&amp;sa=t&amp;url=https:\/\/mundoobrero.es\/2023\/07\/04\/el-constitucional-reconoce-que-obligar-a-una-mujer-a-cambiar-de-comunidad-para-abortar-vulnera-sus-derechos-fundamentales\/&amp;ct=ga&amp;cd=CAEYACoTOTA2Nzk2MjU1NTAzODU0NDg5MTIZYzAzNzJlYmMyZmVhZGE1OTplczplczpFUw&amp;usg=AOvVaw0NW9XE6G0sooh5edHscoB1\" target=\"_blank\" rel=\"noopener\" data-saferedirecturl=\"https:\/\/www.google.com\/url?q=https:\/\/www.google.com\/url?rct%3Dj%26sa%3Dt%26url%3Dhttps:\/\/mundoobrero.es\/2023\/07\/04\/el-constitucional-reconoce-que-obligar-a-una-mujer-a-cambiar-de-comunidad-para-abortar-vulnera-sus-derechos-fundamentales\/%26ct%3Dga%26cd%3DCAEYACoTOTA2Nzk2MjU1NTAzODU0NDg5MTIZYzAzNzJlYmMyZmVhZGE1OTplczplczpFUw%26usg%3DAOvVaw0NW9XE6G0sooh5edHscoB1&amp;source=gmail&amp;ust=1688654288861000&amp;usg=AOvVaw3q6FHImCAfn6LeWjwKwlpG\">El Constitucional reconoce que obligar a una mujer a cambiar de comunidad para abortar vulnera sus derechos fundamentales &#8211;\u00a0\u00a0<\/a><a>Mundo Obrero<br \/>\n<\/a><a class=\"title\" href=\"https:\/\/www.msn.com\/es-es\/noticias\/other\/el-99-de-las-mujeres-dicen-sentirse-juzgadas-en-su-entorno-m%C3%A1s-cercano-familia-y-trabajo-por-c%C3%B3mo-ejercen-de-madres\/ar-AA1drUXn\" target=\"_blank\" rel=\"noopener\" data-artpy=\"0\" data-author=\"20 minutos on MSN\">El 99% de las mujeres dicen sentirse juzgadas en su entorno m\u00e1s cercano, familia y trabajo, por c\u00f3mo ejercen de madres<\/a>-20minutos<a><br \/>\n<\/a><a href=\"https:\/\/www.google.com\/url?rct=j&amp;sa=t&amp;url=https:\/\/www.diariovasco.com\/sociedad\/primera-pension-viudedad-victima-machista-solo-orden-20230705064958-nt.html&amp;ct=ga&amp;cd=CAEYCCoTNDIzMzI1NjgzMTU1MDQxODIwNjIZYzAzNzJlYmMyZmVhZGE1OTplczplczpFUw&amp;usg=AOvVaw2wxZeEa1Fy2osWZeircqQb\" target=\"_blank\" rel=\"noopener\" data-saferedirecturl=\"https:\/\/www.google.com\/url?q=https:\/\/www.google.com\/url?rct%3Dj%26sa%3Dt%26url%3Dhttps:\/\/www.diariovasco.com\/sociedad\/primera-pension-viudedad-victima-machista-solo-orden-20230705064958-nt.html%26ct%3Dga%26cd%3DCAEYCCoTNDIzMzI1NjgzMTU1MDQxODIwNjIZYzAzNzJlYmMyZmVhZGE1OTplczplczpFUw%26usg%3DAOvVaw2wxZeEa1Fy2osWZeircqQb&amp;source=gmail&amp;ust=1688654289091000&amp;usg=AOvVaw0C1mk66pcolMJhtyKTTP9e\">Primera pensi\u00f3n de viudedad para una v\u00edctima machista con solo una orden de alejamiento-\u00a0<\/a><a>El Diario Vasco<\/a><a><br \/>\n<\/a><a href=\"https:\/\/www.google.com\/url?rct=j&amp;sa=t&amp;url=https:\/\/theconversation.com\/por-que-hay-mas-casos-de-alzheimer-entre-las-mujeres-202163&amp;ct=ga&amp;cd=CAEYESoTMjI5NzI0ODA4NTc0NjQzMDgwOTIZYzAzNzJlYmMyZmVhZGE1OTplczplczpFUw&amp;usg=AOvVaw1Y7XLVelUwl7yHIRH42NDo\" target=\"_blank\" rel=\"noopener\" data-saferedirecturl=\"https:\/\/www.google.com\/url?q=https:\/\/www.google.com\/url?rct%3Dj%26sa%3Dt%26url%3Dhttps:\/\/theconversation.com\/por-que-hay-mas-casos-de-alzheimer-entre-las-mujeres-202163%26ct%3Dga%26cd%3DCAEYESoTMjI5NzI0ODA4NTc0NjQzMDgwOTIZYzAzNzJlYmMyZmVhZGE1OTplczplczpFUw%26usg%3DAOvVaw1Y7XLVelUwl7yHIRH42NDo&amp;source=gmail&amp;ust=1688654288201000&amp;usg=AOvVaw0wks8J5qPS_Xd9ZrV013Rz\">Por qu\u00e9 hay m\u00e1s casos de alzh\u00e9imer entre las\u00a0mujeres? &#8211;\u00a0<\/a><a>The Conversation<br \/>\n<\/a><a href=\"https:\/\/www.google.com\/url?rct=j&amp;sa=t&amp;url=https:\/\/www.65ymas.com\/sociedad\/mas-2-millones-personas-mayores-65-anos-viven-solas-en-espana_51797_102.html&amp;ct=ga&amp;cd=CAEYDCoTNDA1MTUzMzYyNzU0NTMwMTM0NTIZYzAzNzJlYmMyZmVhZGE1OTplczplczpFUw&amp;usg=AOvVaw1BP26NElSeS3ZNtWPgCPKh\" target=\"_blank\" rel=\"noopener\" data-saferedirecturl=\"https:\/\/www.google.com\/url?q=https:\/\/www.google.com\/url?rct%3Dj%26sa%3Dt%26url%3Dhttps:\/\/www.65ymas.com\/sociedad\/mas-2-millones-personas-mayores-65-anos-viven-solas-en-espana_51797_102.html%26ct%3Dga%26cd%3DCAEYDCoTNDA1MTUzMzYyNzU0NTMwMTM0NTIZYzAzNzJlYmMyZmVhZGE1OTplczplczpFUw%26usg%3DAOvVaw1BP26NElSeS3ZNtWPgCPKh&amp;source=gmail&amp;ust=1688654288247000&amp;usg=AOvVaw1v6J9GCNpzGSgCSqsdSenj\">M\u00e1s de 2 millones de personas mayores de 65 a\u00f1os viven solas en Espa\u00f1a y el 70% son\u00a0mujeres<b>&#8211;\u00a0<\/b><\/a><a>65YM\u00c1S<br \/>\n<\/a><a href=\"https:\/\/www.eldiario.es\/sociedad\/igualdad-pone-marcha-telefono-arcoiris-028-informacion-atencion-integral-derechos-lgtbi_1_10352347.html\" data-mrf-link=\"https:\/\/www.eldiario.es\/sociedad\/igualdad-pone-marcha-telefono-arcoiris-028-informacion-atencion-integral-derechos-lgtbi_1_10352347.html\">Igualdad pone en marcha el tel\u00e9fono Arco\u00edris 028 para atenci\u00f3n integral en derechos LGTBI<\/a>-eldiario<a><br \/>\n<\/a><\/p>\n<p><strong>Violencias<br \/>\n<\/strong><a href=\"https:\/\/www.google.com\/url?rct=j&amp;sa=t&amp;url=https:\/\/www.eldiario.es\/euskadi\/factor-religioso-maltrato-mujeres-mayores-matrimonio-vida-hijos-diera-dios_1_10350467.html&amp;ct=ga&amp;cd=CAEYACoTMjMyMDY0MDkyNDMyNTQ1MjQ1NzIZYzAzNzJlYmMyZmVhZGE1OTplczplczpFUw&amp;usg=AOvVaw1M_b83XwOIEhSC5oG6fCxK\" target=\"_blank\" rel=\"noopener\" data-saferedirecturl=\"https:\/\/www.google.com\/url?q=https:\/\/www.google.com\/url?rct%3Dj%26sa%3Dt%26url%3Dhttps:\/\/www.eldiario.es\/euskadi\/factor-religioso-maltrato-mujeres-mayores-matrimonio-vida-hijos-diera-dios_1_10350467.html%26ct%3Dga%26cd%3DCAEYACoTMjMyMDY0MDkyNDMyNTQ1MjQ1NzIZYzAzNzJlYmMyZmVhZGE1OTplczplczpFUw%26usg%3DAOvVaw1M_b83XwOIEhSC5oG6fCxK&amp;source=gmail&amp;ust=1688654288983000&amp;usg=AOvVaw02mq0zBenB6KXVE5kx1MKG\">El factor religioso en el maltrato a mujeres mayores: \u00abEl matrimonio era para toda la vida y &#8230;-\u00a0<\/a><a>El Diario<br \/>\n<\/a><a href=\"https:\/\/www.google.com\/url?rct=j&amp;sa=t&amp;url=https:\/\/www.infobae.com\/espana\/2023\/07\/01\/cuantos-puticlubs-hay-en-espana-nadie-lo-sabe-pero-se-han-inspeccionado-8200-en-cinco-anos\/&amp;ct=ga&amp;cd=CAEYASoTMjI0MjcxMzMzOTQyNzIwODU5ODIZYzAzNzJlYmMyZmVhZGE1OTplczplczpFUw&amp;usg=AOvVaw1kkpwJV76gOR61HlyKm19E\" target=\"_blank\" rel=\"noopener\" data-saferedirecturl=\"https:\/\/www.google.com\/url?q=https:\/\/www.google.com\/url?rct%3Dj%26sa%3Dt%26url%3Dhttps:\/\/www.infobae.com\/espana\/2023\/07\/01\/cuantos-puticlubs-hay-en-espana-nadie-lo-sabe-pero-se-han-inspeccionado-8200-en-cinco-anos\/%26ct%3Dga%26cd%3DCAEYASoTMjI0MjcxMzMzOTQyNzIwODU5ODIZYzAzNzJlYmMyZmVhZGE1OTplczplczpFUw%26usg%3DAOvVaw1kkpwJV76gOR61HlyKm19E&amp;source=gmail&amp;ust=1688654288291000&amp;usg=AOvVaw1aNjFXKFYnvReCiAigt0TO\">\u00bfCu\u00e1ntos puticlubs hay en Espa\u00f1a? Nadie lo sabe pero se han inspeccionado 8.200 en cinco a\u00f1os-\u00a0<\/a><a>Infobae<br \/>\n<\/a><a href=\"https:\/\/www.google.com\/url?rct=j&amp;sa=t&amp;url=https:\/\/www.zamora24horas.com\/nacional\/aumentan-766-delitos-odio-por-razon-orientacion-sexual-identidad-genero_15082929_102.html&amp;ct=ga&amp;cd=CAEYASoTNzI5MzIyNDE4NTY1NTM2MTMyOTIZNTlkNzgxNzEzNmEyZDAyODplczplczpFUw&amp;usg=AOvVaw1wQ4ey4lgB4-km993CUHZn\" target=\"_blank\" rel=\"noopener\" data-saferedirecturl=\"https:\/\/www.google.com\/url?q=https:\/\/www.google.com\/url?rct%3Dj%26sa%3Dt%26url%3Dhttps:\/\/www.zamora24horas.com\/nacional\/aumentan-766-delitos-odio-por-razon-orientacion-sexual-identidad-genero_15082929_102.html%26ct%3Dga%26cd%3DCAEYASoTNzI5MzIyNDE4NTY1NTM2MTMyOTIZNTlkNzgxNzEzNmEyZDAyODplczplczpFUw%26usg%3DAOvVaw1wQ4ey4lgB4-km993CUHZn&amp;source=gmail&amp;ust=1688661611652000&amp;usg=AOvVaw3CjqZ0y5PL-jRyRWaZASD0\">Aumentan un 76,6% los delitos de odio por raz\u00f3n de orientaci\u00f3n sexual e identidad de g\u00e9nero-\u00a0<\/a><a>Zamora24horas<\/a><\/p>\n<p><strong>Ciencia y Cultura<br \/>\n<\/strong><a href=\"https:\/\/www.google.com\/url?rct=j&amp;sa=t&amp;url=https:\/\/www.cope.es\/actualidad\/cultura\/noticias\/cima-celebra-primer-congreso-internacional-mujeres-del-audiovisual-50-50-2025-20230630_2790896&amp;ct=ga&amp;cd=CAEYCioTNDA1MTUzMzYyNzU0NTMwMTM0NTIZYzAzNzJlYmMyZmVhZGE1OTplczplczpFUw&amp;usg=AOvVaw1oTna6B2JghvAJvCrVKu7r\" target=\"_blank\" rel=\"noopener\" data-saferedirecturl=\"https:\/\/www.google.com\/url?q=https:\/\/www.google.com\/url?rct%3Dj%26sa%3Dt%26url%3Dhttps:\/\/www.cope.es\/actualidad\/cultura\/noticias\/cima-celebra-primer-congreso-internacional-mujeres-del-audiovisual-50-50-2025-20230630_2790896%26ct%3Dga%26cd%3DCAEYCioTNDA1MTUzMzYyNzU0NTMwMTM0NTIZYzAzNzJlYmMyZmVhZGE1OTplczplczpFUw%26usg%3DAOvVaw1oTna6B2JghvAJvCrVKu7r&amp;source=gmail&amp;ust=1688654288247000&amp;usg=AOvVaw30Ps9KksYvWJ8lYGSnxaeL\">CIMA celebra el primer congreso internacional de\u00a0mujeres del audiovisual: el 50\/50 en 2025 &#8211;\u00a0<\/a><a>COPE<br \/>\n<\/a><a class=\"title\" href=\"https:\/\/diariodeavisos.elespanol.com\/2023\/07\/mujeres-world-fest-3\/\" target=\"_blank\" rel=\"noopener\" data-artpy=\"0\" data-author=\"ESPA\u00d1OL\">Mujeres World Fest presenta las actividades paralelas a la m\u00fasica-<\/a>espa\u00f1ol<br \/>\n<a class=\"title\" href=\"https:\/\/www.msn.com\/es-es\/noticias\/other\/el-mundo-de-la-cultura-inunda-las-redes-exigiendo-stopcensura\/ar-AA1ds82r\" target=\"_blank\" rel=\"noopener\" data-artpy=\"0\" data-author=\"La Vanguardia on MSN\">El mundo de la cultura inunda las redes exigiendo #StopCensura<\/a>-lavanguardia<br \/>\n<a class=\"title\" href=\"https:\/\/www.artezblai.com\/las-mujeres-creadoras-vertebraran-la-nueva-programacion-del-fernan-gomez-centro-cultural-de-la-villa\/\" target=\"_blank\" rel=\"noopener\" data-artpy=\"0\" data-author=\"artezblai.com\">Las mujeres creadoras vertebrar\u00e1n la nueva programaci\u00f3n del Fern\u00e1n G\u00f3mez. Centro Cultural de la Villa<\/a>-artezblai<a><br \/>\n<\/a><a class=\"title\" href=\"https:\/\/www.regiondigital.com\/noticias\/cultura\/381656-esther-merino-estrena-en-tierra-de-hombres-en-el-festival-de-flamenco-y-fado-de-badajoz.html\" target=\"_blank\" rel=\"noopener\" data-artpy=\"0\" data-author=\"Regi\u00f3n Digital\">Esther Merino estrena &#8216;En tierra de hombres&#8217; en el Festival de Flamenco y Fado de Badajoz<\/a>-regiondigital<a><br \/>\n<\/a><\/p>\n<p><strong>Deporte<br \/>\n<\/strong><a class=\"title\" href=\"https:\/\/www.diariosigloxxi.com\/texto-diario\/mostrar\/4358428\/copa-mundial-sofbol-femenino-calienta-motores-valencia\" target=\"_blank\" rel=\"noopener\" data-artpy=\"0\" data-author=\"Diario Siglo XXI\">La Copa Mundial de s\u00f3fbol femenino calienta motores en Valencia<\/a>-sigloxxi<br \/>\n<a class=\"title\" href=\"https:\/\/www.msn.com\/es-co\/news\/other\/campeonas-de-sue%C3%B1os-la-iniciativa-inspirada-en-el-fc-barcelona-para-impulsar-el-f%C3%BAtbol-femenino\/ar-AA1dt47g\" target=\"_blank\" rel=\"noopener\" data-artpy=\"0\" data-author=\"Semana on MSN\">Campeonas de sue\u00f1os, la iniciativa inspirada en el FC Barcelona para impulsar el f\u00fatbol femenino<\/a>-msn<br \/>\n<a class=\"title\" href=\"https:\/\/los40.com\/2023\/07\/05\/asi-es-esta-x-venir-el-himno-de-farga-para-la-seleccion-espanola-femenina-de-futbol-para-este-mundial\/\" target=\"_blank\" rel=\"noopener\" data-artpy=\"0\" data-author=\"Los40.com\">As\u00ed es &#8216;Est\u00e1 x venir&#8217;, el himno de Farga para la Selecci\u00f3n Espa\u00f1ola Femenina de F\u00fatbol para este Mundial<\/a>-los40<a><br \/>\n<\/a><\/p>\n<\/div>\n<\/div>\n<div id=\"\" class=\"lsow-panel lsow-active\">\n<h1 class=\"lsow-panel-title\">Internacional<\/h1>\n<div class=\"lsow-panel-content\">\n<p><a href=\"https:\/\/www.google.com\/url?rct=j&amp;sa=t&amp;url=https:\/\/elpais.com\/planeta-futuro\/red-de-expertos\/2023-06-30\/mujeres-de-africa-occidental-emprendedoras-contra-viento-y-marea.html&amp;ct=ga&amp;cd=CAEYCSoTMjI5NzI0ODA4NTc0NjQzMDgwOTIZYzAzNzJlYmMyZmVhZGE1OTplczplczpFUw&amp;usg=AOvVaw0mQeygVNJOgiQuJopUjlCX\" target=\"_blank\" rel=\"noopener\" data-saferedirecturl=\"https:\/\/www.google.com\/url?q=https:\/\/www.google.com\/url?rct%3Dj%26sa%3Dt%26url%3Dhttps:\/\/elpais.com\/planeta-futuro\/red-de-expertos\/2023-06-30\/mujeres-de-africa-occidental-emprendedoras-contra-viento-y-marea.html%26ct%3Dga%26cd%3DCAEYCSoTMjI5NzI0ODA4NTc0NjQzMDgwOTIZYzAzNzJlYmMyZmVhZGE1OTplczplczpFUw%26usg%3DAOvVaw0mQeygVNJOgiQuJopUjlCX&amp;source=gmail&amp;ust=1688654288200000&amp;usg=AOvVaw31Kd3zTzhrZyAVYk8pcim-\">Mujeres de \u00c1frica Occidental, emprendedoras contra viento y marea &#8211;\u00a0<\/a>elpais<br \/>\n<a href=\"https:\/\/www.google.com\/url?rct=j&amp;sa=t&amp;url=https:\/\/www.telesurtv.net\/news\/brasil-lula-promulga-ley-igualdad-salarial-mujeres-hombres-20230704-0004.html&amp;ct=ga&amp;cd=CAEYAioTNTg3NTEyMTQ1NDIxNzg4NjgyMDIZYzAzNzJlYmMyZmVhZGE1OTplczplczpFUw&amp;usg=AOvVaw1m43DEL6Hd6kZEIcqxVXf4\" target=\"_blank\" rel=\"noopener\" data-saferedirecturl=\"https:\/\/www.google.com\/url?q=https:\/\/www.google.com\/url?rct%3Dj%26sa%3Dt%26url%3Dhttps:\/\/www.telesurtv.net\/news\/brasil-lula-promulga-ley-igualdad-salarial-mujeres-hombres-20230704-0004.html%26ct%3Dga%26cd%3DCAEYAioTNTg3NTEyMTQ1NDIxNzg4NjgyMDIZYzAzNzJlYmMyZmVhZGE1OTplczplczpFUw%26usg%3DAOvVaw1m43DEL6Hd6kZEIcqxVXf4&amp;source=gmail&amp;ust=1688654289021000&amp;usg=AOvVaw2s2xp_gnwfWK3Ca2gQXr1i\">Lula promulga ley para igualar salarios de\u00a0mujeres y hombres &#8211;<\/a><a>teleSUR<br \/>\n<\/a><a href=\"https:\/\/www.google.com\/url?rct=j&amp;sa=t&amp;url=https:\/\/portalinnova.cl\/chile-cuenta-con-su-primera-embajadora-del-programa-internacional-women-energize-women\/&amp;ct=ga&amp;cd=CAEYBSoUMTI0MDk4MTU4NTQxNjI3ODY3NzcyGTU5ZDc4MTcxMzZhMmQwMjg6ZXM6ZXM6RVM&amp;usg=AOvVaw3One1OKSQOnHcKpwWhS2Zb\" target=\"_blank\" rel=\"noopener\" data-saferedirecturl=\"https:\/\/www.google.com\/url?q=https:\/\/www.google.com\/url?rct%3Dj%26sa%3Dt%26url%3Dhttps:\/\/portalinnova.cl\/chile-cuenta-con-su-primera-embajadora-del-programa-internacional-women-energize-women\/%26ct%3Dga%26cd%3DCAEYBSoUMTI0MDk4MTU4NTQxNjI3ODY3NzcyGTU5ZDc4MTcxMzZhMmQwMjg6ZXM6ZXM6RVM%26usg%3DAOvVaw3One1OKSQOnHcKpwWhS2Zb&amp;source=gmail&amp;ust=1688658291577000&amp;usg=AOvVaw0jxdJubZxLoED1fo3WME1v\">Chile cuenta con su primera embajadora del programa internacional Women Energize Women-\u00a0<\/a><a>Portal Innova<br \/>\n<\/a><a href=\"https:\/\/www.google.com\/url?rct=j&amp;sa=t&amp;url=https:\/\/www.nytimes.com\/es\/2023\/06\/30\/espanol\/mujeres-trastorno-sueno-hormonas.html&amp;ct=ga&amp;cd=CAEYDioTMjI5NzI0ODA4NTc0NjQzMDgwOTIZYzAzNzJlYmMyZmVhZGE1OTplczplczpFUw&amp;usg=AOvVaw3i80C86wkqJYxScCgwLbX1\" target=\"_blank\" rel=\"noopener\" data-saferedirecturl=\"https:\/\/www.google.com\/url?q=https:\/\/www.google.com\/url?rct%3Dj%26sa%3Dt%26url%3Dhttps:\/\/www.nytimes.com\/es\/2023\/06\/30\/espanol\/mujeres-trastorno-sueno-hormonas.html%26ct%3Dga%26cd%3DCAEYDioTMjI5NzI0ODA4NTc0NjQzMDgwOTIZYzAzNzJlYmMyZmVhZGE1OTplczplczpFUw%26usg%3DAOvVaw3i80C86wkqJYxScCgwLbX1&amp;source=gmail&amp;ust=1688654288201000&amp;usg=AOvVaw1rm8wLOKMBMOwmMsOk2Rt_\">\u00bfPor qu\u00e9 a las\u00a0mujeres les cuesta m\u00e1s quedarse (y mantenerse) dormidas?-\u00a0<\/a><a>The New York Times<br \/>\n<\/a><a href=\"https:\/\/www.google.com\/url?rct=j&amp;sa=t&amp;url=https:\/\/www.elperiodico.com\/es\/sociedad\/20230704\/desigualdad-defensa-europa-hombres-mandan-89439399&amp;ct=ga&amp;cd=CAEYACoTNzY2MDYyMjg4MzQwNzExMjU2MTIZNTlkNzgxNzEzNmEyZDAyODplczplczpFUw&amp;usg=AOvVaw3AV2F83knqv02SmKt0MzWm\" target=\"_blank\" rel=\"noopener\" data-saferedirecturl=\"https:\/\/www.google.com\/url?q=https:\/\/www.google.com\/url?rct%3Dj%26sa%3Dt%26url%3Dhttps:\/\/www.elperiodico.com\/es\/sociedad\/20230704\/desigualdad-defensa-europa-hombres-mandan-89439399%26ct%3Dga%26cd%3DCAEYACoTNzY2MDYyMjg4MzQwNzExMjU2MTIZNTlkNzgxNzEzNmEyZDAyODplczplczpFUw%26usg%3DAOvVaw3AV2F83knqv02SmKt0MzWm&amp;source=gmail&amp;ust=1688654289682000&amp;usg=AOvVaw3O--gf1nO_jZYtOrzV876f\">Desigualdad en la defensa de Europa: los hombres a\u00fan mandan en la seguridad &#8211;\u00a0<\/a><a>El Peri\u00f3dico<br \/>\n<\/a><a class=\"title\" href=\"https:\/\/www.elcorreo.com\/antropia\/cuatro-personas-mundo-justifica-violencia-mujer-20230705001923-ntrc.html\" target=\"_blank\" rel=\"noopener\" data-artpy=\"0\" data-author=\"El Correo\">El 25% personas en el mundo justifica la violencia contra la mujer<\/a>-elcorreo<br \/>\n<a class=\"title\" href=\"https:\/\/www.infobae.com\/america\/agencias\/2023\/07\/05\/la-onu-insta-a-levantar-la-prohibicion-de-salones-de-belleza-para-mujeres-en-afganistan\/\" target=\"_blank\" rel=\"noopener\" data-artpy=\"0\" data-author=\"Infobae\">La ONU insta a levantar la prohibici\u00f3n de salones de belleza para mujeres en Afganist\u00e1n<\/a>-infobae<\/p>\n<\/div>\n<\/div>\n<\/div><\/div><\/div><\/div><\/div>\n","protected":false},"excerpt":{"rendered":"<p>Norma ISO 53800: Primera norma mundial sobre igualdad de g\u00e9nero en organizaciones * El 99% de las mujeres dicen sentirse juzgadas en su entorno m\u00e1s cercano, familia y trabajo, por c\u00f3mo ejercen de madres * El 25% personas en el mundo justifica la violencia contra la mujer * CIMA celebra el primer congreso internacional de mujeres del audiovisual: el 50\/50 en 2025<\/p>\n","protected":false},"author":3,"featured_media":22909,"comment_status":"closed","ping_status":"closed","sticky":false,"template":"","format":"standard","meta":{"footnotes":""},"categories":[298,621],"tags":[321,80,322,323,109],"class_list":["post-20132","post","type-post","status-publish","format-standard","has-post-thumbnail","hentry","category-newsletter","category-nwl-3-0","tag-audiovisual","tag-igualdad-de-genero","tag-legislacion","tag-madres","tag-violencia-de-genero"],"yoast_head":"<!-- This site is optimized with the Yoast SEO plugin v27.5 - https:\/\/yoast.com\/product\/yoast-seo-wordpress\/ -->\n<title>Noticias Info CKL n\u00ba 2804-05\/07\/23-Comunicar con perspectiva de g\u00e9nero<\/title>\n<meta name=\"description\" content=\"Noticias Info CKL n\u00ba 2804-05\/07\/23 Norma ISO 53800: Primera norma mundial sobre igualdad de g\u00e9nero en organizaciones * El 99% de las mujeres dicen sentirse juzgadas en su entorno m\u00e1s cercano, familia y trabajo, por c\u00f3mo ejercen de madres * El 25% personas en el mundo justifica la violencia contra la mujer * CIMA celebra el primer congreso internacional de mujeres del audiovisual: el 50\/50 en 2025\" \/>\n<meta name=\"robots\" content=\"index, follow, max-snippet:-1, max-image-preview:large, max-video-preview:-1\" \/>\n<link rel=\"canonical\" href=\"https:\/\/cklcomunicaciones.es\/coop\/noticias-info-ckl-no-2804-05-07-23\/\" \/>\n<meta property=\"og:locale\" content=\"es_ES\" \/>\n<meta property=\"og:type\" content=\"article\" \/>\n<meta property=\"og:title\" content=\"Noticias Info CKL n\u00ba 2804-05\/07\/23-Comunicar con perspectiva de g\u00e9nero\" \/>\n<meta property=\"og:description\" content=\"Noticias Info CKL n\u00ba 2804-05\/07\/23 Norma ISO 53800: Primera norma mundial sobre igualdad de g\u00e9nero en organizaciones * El 99% de las mujeres dicen sentirse juzgadas en su entorno m\u00e1s cercano, familia y trabajo, por c\u00f3mo ejercen de madres * El 25% personas en el mundo justifica la violencia contra la mujer * CIMA celebra el primer congreso internacional de mujeres del audiovisual: el 50\/50 en 2025\" \/>\n<meta property=\"og:url\" content=\"https:\/\/cklcomunicaciones.es\/coop\/noticias-info-ckl-no-2804-05-07-23\/\" \/>\n<meta property=\"og:site_name\" content=\"CKL Comunicaciones\" \/>\n<meta property=\"article:published_time\" content=\"2023-07-05T18:17:46+00:00\" \/>\n<meta property=\"article:modified_time\" content=\"2025-02-08T09:25:35+00:00\" \/>\n<meta property=\"og:image\" content=\"https:\/\/cklcomunicaciones.es\/coop\/wp-content\/uploads\/2025\/01\/CKL-una-mirada-distinta-de-la-comunicacion.jpg\" \/>\n\t<meta property=\"og:image:width\" content=\"1482\" \/>\n\t<meta property=\"og:image:height\" content=\"775\" \/>\n\t<meta property=\"og:image:type\" content=\"image\/jpeg\" \/>\n<meta name=\"author\" content=\"ckl\" \/>\n<meta name=\"twitter:card\" content=\"summary_large_image\" \/>\n<meta name=\"twitter:label1\" content=\"Escrito por\" \/>\n\t<meta name=\"twitter:data1\" content=\"ckl\" \/>\n\t<meta name=\"twitter:label2\" content=\"Tiempo de lectura\" \/>\n\t<meta name=\"twitter:data2\" content=\"6 minutos\" \/>\n<script type=\"application\/ld+json\" class=\"yoast-schema-graph\">{\"@context\":\"https:\\\/\\\/schema.org\",\"@graph\":[{\"@type\":\"Article\",\"@id\":\"https:\\\/\\\/cklcomunicaciones.es\\\/coop\\\/noticias-info-ckl-no-2804-05-07-23\\\/#article\",\"isPartOf\":{\"@id\":\"https:\\\/\\\/cklcomunicaciones.es\\\/coop\\\/noticias-info-ckl-no-2804-05-07-23\\\/\"},\"author\":{\"name\":\"ckl\",\"@id\":\"https:\\\/\\\/cklcomunicaciones.es\\\/coop\\\/#\\\/schema\\\/person\\\/929a6837f7626450bbb50cee1aef266e\"},\"headline\":\"Noticias Info CKL n\u00ba 2804-05\\\/07\\\/23\",\"datePublished\":\"2023-07-05T18:17:46+00:00\",\"dateModified\":\"2025-02-08T09:25:35+00:00\",\"mainEntityOfPage\":{\"@id\":\"https:\\\/\\\/cklcomunicaciones.es\\\/coop\\\/noticias-info-ckl-no-2804-05-07-23\\\/\"},\"wordCount\":1196,\"image\":{\"@id\":\"https:\\\/\\\/cklcomunicaciones.es\\\/coop\\\/noticias-info-ckl-no-2804-05-07-23\\\/#primaryimage\"},\"thumbnailUrl\":\"https:\\\/\\\/cklcomunicaciones.es\\\/coop\\\/wp-content\\\/uploads\\\/2025\\\/01\\\/CKL-una-mirada-distinta-de-la-comunicacion.jpg\",\"keywords\":[\"audiovisual\",\"Igualdad de g\u00e9nero\",\"legislaci\u00f3n\",\"madres\",\"violencia de g\u00e9nero\"],\"articleSection\":[\"Newsletter\",\"Nwl v3.0\"],\"inLanguage\":\"es\"},{\"@type\":\"WebPage\",\"@id\":\"https:\\\/\\\/cklcomunicaciones.es\\\/coop\\\/noticias-info-ckl-no-2804-05-07-23\\\/\",\"url\":\"https:\\\/\\\/cklcomunicaciones.es\\\/coop\\\/noticias-info-ckl-no-2804-05-07-23\\\/\",\"name\":\"Noticias Info CKL n\u00ba 2804-05\\\/07\\\/23-Comunicar con perspectiva de g\u00e9nero\",\"isPartOf\":{\"@id\":\"https:\\\/\\\/cklcomunicaciones.es\\\/coop\\\/#website\"},\"primaryImageOfPage\":{\"@id\":\"https:\\\/\\\/cklcomunicaciones.es\\\/coop\\\/noticias-info-ckl-no-2804-05-07-23\\\/#primaryimage\"},\"image\":{\"@id\":\"https:\\\/\\\/cklcomunicaciones.es\\\/coop\\\/noticias-info-ckl-no-2804-05-07-23\\\/#primaryimage\"},\"thumbnailUrl\":\"https:\\\/\\\/cklcomunicaciones.es\\\/coop\\\/wp-content\\\/uploads\\\/2025\\\/01\\\/CKL-una-mirada-distinta-de-la-comunicacion.jpg\",\"datePublished\":\"2023-07-05T18:17:46+00:00\",\"dateModified\":\"2025-02-08T09:25:35+00:00\",\"author\":{\"@id\":\"https:\\\/\\\/cklcomunicaciones.es\\\/coop\\\/#\\\/schema\\\/person\\\/929a6837f7626450bbb50cee1aef266e\"},\"description\":\"Noticias Info CKL n\u00ba 2804-05\\\/07\\\/23 Norma ISO 53800: Primera norma mundial sobre igualdad de g\u00e9nero en organizaciones * El 99% de las mujeres dicen sentirse juzgadas en su entorno m\u00e1s cercano, familia y trabajo, por c\u00f3mo ejercen de madres * El 25% personas en el mundo justifica la violencia contra la mujer * CIMA celebra el primer congreso internacional de mujeres del audiovisual: el 50\\\/50 en 2025\",\"breadcrumb\":{\"@id\":\"https:\\\/\\\/cklcomunicaciones.es\\\/coop\\\/noticias-info-ckl-no-2804-05-07-23\\\/#breadcrumb\"},\"inLanguage\":\"es\",\"potentialAction\":[{\"@type\":\"ReadAction\",\"target\":[\"https:\\\/\\\/cklcomunicaciones.es\\\/coop\\\/noticias-info-ckl-no-2804-05-07-23\\\/\"]}]},{\"@type\":\"ImageObject\",\"inLanguage\":\"es\",\"@id\":\"https:\\\/\\\/cklcomunicaciones.es\\\/coop\\\/noticias-info-ckl-no-2804-05-07-23\\\/#primaryimage\",\"url\":\"https:\\\/\\\/cklcomunicaciones.es\\\/coop\\\/wp-content\\\/uploads\\\/2025\\\/01\\\/CKL-una-mirada-distinta-de-la-comunicacion.jpg\",\"contentUrl\":\"https:\\\/\\\/cklcomunicaciones.es\\\/coop\\\/wp-content\\\/uploads\\\/2025\\\/01\\\/CKL-una-mirada-distinta-de-la-comunicacion.jpg\",\"width\":1482,\"height\":775,\"caption\":\"CKL - una mirada distinta de la comunicacion\"},{\"@type\":\"BreadcrumbList\",\"@id\":\"https:\\\/\\\/cklcomunicaciones.es\\\/coop\\\/noticias-info-ckl-no-2804-05-07-23\\\/#breadcrumb\",\"itemListElement\":[{\"@type\":\"ListItem\",\"position\":1,\"name\":\"Portada\",\"item\":\"https:\\\/\\\/cklcomunicaciones.es\\\/coop\\\/\"},{\"@type\":\"ListItem\",\"position\":2,\"name\":\"Noticias Info CKL n\u00ba 2804-05\\\/07\\\/23\"}]},{\"@type\":\"WebSite\",\"@id\":\"https:\\\/\\\/cklcomunicaciones.es\\\/coop\\\/#website\",\"url\":\"https:\\\/\\\/cklcomunicaciones.es\\\/coop\\\/\",\"name\":\"CKL Comunicaciones\",\"description\":\"Sitio web de CKL Comunicaciones coop , la consultora de comunicaci\u00f3n y estrategia\",\"potentialAction\":[{\"@type\":\"SearchAction\",\"target\":{\"@type\":\"EntryPoint\",\"urlTemplate\":\"https:\\\/\\\/cklcomunicaciones.es\\\/coop\\\/?s={search_term_string}\"},\"query-input\":{\"@type\":\"PropertyValueSpecification\",\"valueRequired\":true,\"valueName\":\"search_term_string\"}}],\"inLanguage\":\"es\"},{\"@type\":\"Person\",\"@id\":\"https:\\\/\\\/cklcomunicaciones.es\\\/coop\\\/#\\\/schema\\\/person\\\/929a6837f7626450bbb50cee1aef266e\",\"name\":\"ckl\",\"image\":{\"@type\":\"ImageObject\",\"inLanguage\":\"es\",\"@id\":\"https:\\\/\\\/secure.gravatar.com\\\/avatar\\\/c82db564e8a669bf6023357a157b9dc4780f4d4c618f2ad1d71a6a5dede45057?s=96&d=mm&r=g\",\"url\":\"https:\\\/\\\/secure.gravatar.com\\\/avatar\\\/c82db564e8a669bf6023357a157b9dc4780f4d4c618f2ad1d71a6a5dede45057?s=96&d=mm&r=g\",\"contentUrl\":\"https:\\\/\\\/secure.gravatar.com\\\/avatar\\\/c82db564e8a669bf6023357a157b9dc4780f4d4c618f2ad1d71a6a5dede45057?s=96&d=mm&r=g\",\"caption\":\"ckl\"},\"url\":\"https:\\\/\\\/cklcomunicaciones.es\\\/coop\\\/author\\\/cklcomunicaciones\\\/\"}]}<\/script>\n<!-- \/ Yoast SEO plugin. -->","yoast_head_json":{"title":"Noticias Info CKL n\u00ba 2804-05\/07\/23-Comunicar con perspectiva de g\u00e9nero","description":"Noticias Info CKL n\u00ba 2804-05\/07\/23 Norma ISO 53800: Primera norma mundial sobre igualdad de g\u00e9nero en organizaciones * El 99% de las mujeres dicen sentirse juzgadas en su entorno m\u00e1s cercano, familia y trabajo, por c\u00f3mo ejercen de madres * El 25% personas en el mundo justifica la violencia contra la mujer * CIMA celebra el primer congreso internacional de mujeres del audiovisual: el 50\/50 en 2025","robots":{"index":"index","follow":"follow","max-snippet":"max-snippet:-1","max-image-preview":"max-image-preview:large","max-video-preview":"max-video-preview:-1"},"canonical":"https:\/\/cklcomunicaciones.es\/coop\/noticias-info-ckl-no-2804-05-07-23\/","og_locale":"es_ES","og_type":"article","og_title":"Noticias Info CKL n\u00ba 2804-05\/07\/23-Comunicar con perspectiva de g\u00e9nero","og_description":"Noticias Info CKL n\u00ba 2804-05\/07\/23 Norma ISO 53800: Primera norma mundial sobre igualdad de g\u00e9nero en organizaciones * El 99% de las mujeres dicen sentirse juzgadas en su entorno m\u00e1s cercano, familia y trabajo, por c\u00f3mo ejercen de madres * El 25% personas en el mundo justifica la violencia contra la mujer * CIMA celebra el primer congreso internacional de mujeres del audiovisual: el 50\/50 en 2025","og_url":"https:\/\/cklcomunicaciones.es\/coop\/noticias-info-ckl-no-2804-05-07-23\/","og_site_name":"CKL Comunicaciones","article_published_time":"2023-07-05T18:17:46+00:00","article_modified_time":"2025-02-08T09:25:35+00:00","og_image":[{"width":1482,"height":775,"url":"https:\/\/cklcomunicaciones.es\/coop\/wp-content\/uploads\/2025\/01\/CKL-una-mirada-distinta-de-la-comunicacion.jpg","type":"image\/jpeg"}],"author":"ckl","twitter_card":"summary_large_image","twitter_misc":{"Escrito por":"ckl","Tiempo de lectura":"6 minutos"},"schema":{"@context":"https:\/\/schema.org","@graph":[{"@type":"Article","@id":"https:\/\/cklcomunicaciones.es\/coop\/noticias-info-ckl-no-2804-05-07-23\/#article","isPartOf":{"@id":"https:\/\/cklcomunicaciones.es\/coop\/noticias-info-ckl-no-2804-05-07-23\/"},"author":{"name":"ckl","@id":"https:\/\/cklcomunicaciones.es\/coop\/#\/schema\/person\/929a6837f7626450bbb50cee1aef266e"},"headline":"Noticias Info CKL n\u00ba 2804-05\/07\/23","datePublished":"2023-07-05T18:17:46+00:00","dateModified":"2025-02-08T09:25:35+00:00","mainEntityOfPage":{"@id":"https:\/\/cklcomunicaciones.es\/coop\/noticias-info-ckl-no-2804-05-07-23\/"},"wordCount":1196,"image":{"@id":"https:\/\/cklcomunicaciones.es\/coop\/noticias-info-ckl-no-2804-05-07-23\/#primaryimage"},"thumbnailUrl":"https:\/\/cklcomunicaciones.es\/coop\/wp-content\/uploads\/2025\/01\/CKL-una-mirada-distinta-de-la-comunicacion.jpg","keywords":["audiovisual","Igualdad de g\u00e9nero","legislaci\u00f3n","madres","violencia de g\u00e9nero"],"articleSection":["Newsletter","Nwl v3.0"],"inLanguage":"es"},{"@type":"WebPage","@id":"https:\/\/cklcomunicaciones.es\/coop\/noticias-info-ckl-no-2804-05-07-23\/","url":"https:\/\/cklcomunicaciones.es\/coop\/noticias-info-ckl-no-2804-05-07-23\/","name":"Noticias Info CKL n\u00ba 2804-05\/07\/23-Comunicar con perspectiva de g\u00e9nero","isPartOf":{"@id":"https:\/\/cklcomunicaciones.es\/coop\/#website"},"primaryImageOfPage":{"@id":"https:\/\/cklcomunicaciones.es\/coop\/noticias-info-ckl-no-2804-05-07-23\/#primaryimage"},"image":{"@id":"https:\/\/cklcomunicaciones.es\/coop\/noticias-info-ckl-no-2804-05-07-23\/#primaryimage"},"thumbnailUrl":"https:\/\/cklcomunicaciones.es\/coop\/wp-content\/uploads\/2025\/01\/CKL-una-mirada-distinta-de-la-comunicacion.jpg","datePublished":"2023-07-05T18:17:46+00:00","dateModified":"2025-02-08T09:25:35+00:00","author":{"@id":"https:\/\/cklcomunicaciones.es\/coop\/#\/schema\/person\/929a6837f7626450bbb50cee1aef266e"},"description":"Noticias Info CKL n\u00ba 2804-05\/07\/23 Norma ISO 53800: Primera norma mundial sobre igualdad de g\u00e9nero en organizaciones * El 99% de las mujeres dicen sentirse juzgadas en su entorno m\u00e1s cercano, familia y trabajo, por c\u00f3mo ejercen de madres * El 25% personas en el mundo justifica la violencia contra la mujer * CIMA celebra el primer congreso internacional de mujeres del audiovisual: el 50\/50 en 2025","breadcrumb":{"@id":"https:\/\/cklcomunicaciones.es\/coop\/noticias-info-ckl-no-2804-05-07-23\/#breadcrumb"},"inLanguage":"es","potentialAction":[{"@type":"ReadAction","target":["https:\/\/cklcomunicaciones.es\/coop\/noticias-info-ckl-no-2804-05-07-23\/"]}]},{"@type":"ImageObject","inLanguage":"es","@id":"https:\/\/cklcomunicaciones.es\/coop\/noticias-info-ckl-no-2804-05-07-23\/#primaryimage","url":"https:\/\/cklcomunicaciones.es\/coop\/wp-content\/uploads\/2025\/01\/CKL-una-mirada-distinta-de-la-comunicacion.jpg","contentUrl":"https:\/\/cklcomunicaciones.es\/coop\/wp-content\/uploads\/2025\/01\/CKL-una-mirada-distinta-de-la-comunicacion.jpg","width":1482,"height":775,"caption":"CKL - una mirada distinta de la comunicacion"},{"@type":"BreadcrumbList","@id":"https:\/\/cklcomunicaciones.es\/coop\/noticias-info-ckl-no-2804-05-07-23\/#breadcrumb","itemListElement":[{"@type":"ListItem","position":1,"name":"Portada","item":"https:\/\/cklcomunicaciones.es\/coop\/"},{"@type":"ListItem","position":2,"name":"Noticias Info CKL n\u00ba 2804-05\/07\/23"}]},{"@type":"WebSite","@id":"https:\/\/cklcomunicaciones.es\/coop\/#website","url":"https:\/\/cklcomunicaciones.es\/coop\/","name":"CKL Comunicaciones","description":"Sitio web de CKL Comunicaciones coop , la consultora de comunicaci\u00f3n y estrategia","potentialAction":[{"@type":"SearchAction","target":{"@type":"EntryPoint","urlTemplate":"https:\/\/cklcomunicaciones.es\/coop\/?s={search_term_string}"},"query-input":{"@type":"PropertyValueSpecification","valueRequired":true,"valueName":"search_term_string"}}],"inLanguage":"es"},{"@type":"Person","@id":"https:\/\/cklcomunicaciones.es\/coop\/#\/schema\/person\/929a6837f7626450bbb50cee1aef266e","name":"ckl","image":{"@type":"ImageObject","inLanguage":"es","@id":"https:\/\/secure.gravatar.com\/avatar\/c82db564e8a669bf6023357a157b9dc4780f4d4c618f2ad1d71a6a5dede45057?s=96&d=mm&r=g","url":"https:\/\/secure.gravatar.com\/avatar\/c82db564e8a669bf6023357a157b9dc4780f4d4c618f2ad1d71a6a5dede45057?s=96&d=mm&r=g","contentUrl":"https:\/\/secure.gravatar.com\/avatar\/c82db564e8a669bf6023357a157b9dc4780f4d4c618f2ad1d71a6a5dede45057?s=96&d=mm&r=g","caption":"ckl"},"url":"https:\/\/cklcomunicaciones.es\/coop\/author\/cklcomunicaciones\/"}]}},"_links":{"self":[{"href":"https:\/\/cklcomunicaciones.es\/coop\/wp-json\/wp\/v2\/posts\/20132","targetHints":{"allow":["GET"]}}],"collection":[{"href":"https:\/\/cklcomunicaciones.es\/coop\/wp-json\/wp\/v2\/posts"}],"about":[{"href":"https:\/\/cklcomunicaciones.es\/coop\/wp-json\/wp\/v2\/types\/post"}],"author":[{"embeddable":true,"href":"https:\/\/cklcomunicaciones.es\/coop\/wp-json\/wp\/v2\/users\/3"}],"replies":[{"embeddable":true,"href":"https:\/\/cklcomunicaciones.es\/coop\/wp-json\/wp\/v2\/comments?post=20132"}],"version-history":[{"count":0,"href":"https:\/\/cklcomunicaciones.es\/coop\/wp-json\/wp\/v2\/posts\/20132\/revisions"}],"wp:featuredmedia":[{"embeddable":true,"href":"https:\/\/cklcomunicaciones.es\/coop\/wp-json\/wp\/v2\/media\/22909"}],"wp:attachment":[{"href":"https:\/\/cklcomunicaciones.es\/coop\/wp-json\/wp\/v2\/media?parent=20132"}],"wp:term":[{"taxonomy":"category","embeddable":true,"href":"https:\/\/cklcomunicaciones.es\/coop\/wp-json\/wp\/v2\/categories?post=20132"},{"taxonomy":"post_tag","embeddable":true,"href":"https:\/\/cklcomunicaciones.es\/coop\/wp-json\/wp\/v2\/tags?post=20132"}],"curies":[{"name":"wp","href":"https:\/\/api.w.org\/{rel}","templated":true}]}}