{"id":19958,"date":"2023-05-22T20:01:05","date_gmt":"2023-05-22T18:01:05","guid":{"rendered":"https:\/\/www.cklcomunicaciones.es\/?p=19958"},"modified":"2025-02-08T11:27:04","modified_gmt":"2025-02-08T10:27:04","slug":"noticias-info-ckl-no-2793-22-05-23","status":"publish","type":"post","link":"https:\/\/cklcomunicaciones.es\/coop\/noticias-info-ckl-no-2793-22-05-23\/","title":{"rendered":"Noticias Info CKL n\u00ba 2793-22\/05\/23"},"content":{"rendered":"<div class=\"fusion-fullwidth fullwidth-box fusion-builder-row-1 fusion-flex-container nonhundred-percent-fullwidth non-hundred-percent-height-scrolling\" style=\"--awb-border-radius-top-left:0px;--awb-border-radius-top-right:0px;--awb-border-radius-bottom-right:0px;--awb-border-radius-bottom-left:0px;--awb-flex-wrap:wrap;\" ><div class=\"fusion-builder-row fusion-row fusion-flex-align-items-flex-start fusion-flex-content-wrap\" style=\"max-width:1248px;margin-left: calc(-4% \/ 2 );margin-right: calc(-4% \/ 2 );\"><div class=\"fusion-layout-column fusion_builder_column fusion-builder-column-0 fusion_builder_column_1_1 1_1 fusion-flex-column\" style=\"--awb-bg-blend:overlay;--awb-bg-size:cover;--awb-width-large:100%;--awb-margin-top-large:0px;--awb-spacing-right-large:1.92%;--awb-margin-bottom-large:0px;--awb-spacing-left-large:1.92%;--awb-width-medium:100%;--awb-spacing-right-medium:1.92%;--awb-spacing-left-medium:1.92%;--awb-width-small:100%;--awb-spacing-right-small:1.92%;--awb-spacing-left-small:1.92%;\"><div class=\"fusion-column-wrapper fusion-flex-justify-content-flex-start fusion-content-layout-column\"><div class=\"fusion-text fusion-text-1\"><h1>Convocatorias<\/h1>\n<div id=\"\" class=\"lsow-panel lsow-active\">\n<div class=\"lsow-panel-content\">\n<ul>\n<li><a href=\"https:\/\/iedra.uned.es\/courses\/course-v1:UNED-ONCE+AccUniMuj_002+2023\/about\" target=\"_blank\" rel=\"noopener\" data-saferedirecturl=\"https:\/\/www.google.com\/url?q=https:\/\/iedra.uned.es\/courses\/course-v1:UNED-ONCE%2BAccUniMuj_002%2B2023\/about&amp;source=gmail&amp;ust=1684852348237000&amp;usg=AOvVaw04cNpaOBhnvKhOmWcypoj_\">Curso \u2018Accesibilidad Universal y Mujeres: Discapacidad y Derechos Humanos\u2019 (2\u00aa ed.)<\/a>. Real Patronato sobre Discapacidad, Fundaci\u00f3n ONCE, Fundaci\u00f3n CERMI Mujeres y UNED. Del 15 de mayo al 27 de agosto (12 horas).\u00a0<a href=\"https:\/\/iedra.uned.es\/register?course_id=course-v1%3AUNED-ONCE%2BAccUniMuj_002%2B2023&amp;enrollment_action=enroll\" target=\"_blank\" rel=\"noopener\" data-saferedirecturl=\"https:\/\/www.google.com\/url?q=https:\/\/iedra.uned.es\/register?course_id%3Dcourse-v1%253AUNED-ONCE%252BAccUniMuj_002%252B2023%26enrollment_action%3Denroll&amp;source=gmail&amp;ust=1684852348237000&amp;usg=AOvVaw1qvA3Tv7FM5lVtOxKGjZ8a\">Inscripciones<\/a><\/li>\n<li>Webinar \u2018Toma la Palabra\u2019. Plataforma Andaluza\u00a0de Apoyo al Lobby Europeo de Mujeres\u00a0y Organizaci\u00f3n de Mujeres Ciudadanas del Mundo. 22\u00a0de mayo\u00a0a las 18:00 h.\u00a0<a href=\"https:\/\/forms.gle\/3AwBoeBQmK9WHFsJ9\" target=\"_blank\" rel=\"noopener\" data-saferedirecturl=\"https:\/\/www.google.com\/url?q=https:\/\/forms.gle\/3AwBoeBQmK9WHFsJ9&amp;source=gmail&amp;ust=1684852348237000&amp;usg=AOvVaw3O2MOSsaYMVP6js3iEn_r6\">Inscripciones<\/a><\/li>\n<li>Taller \u2018Interculturalidad: Una Mirada Para Ver\u2019. Inclusi\u00f3n Social \/ EAPN Andaluc\u00eda. 24 de mayo de 10:00 a 12:00 h.\u00a0<a href=\"https:\/\/forms.gle\/F2UVW8YWfXCLCMN4A\" target=\"_blank\" rel=\"noopener\" data-saferedirecturl=\"https:\/\/www.google.com\/url?q=https:\/\/forms.gle\/F2UVW8YWfXCLCMN4A&amp;source=gmail&amp;ust=1684852348237000&amp;usg=AOvVaw0p8mh17ovLF7sX3OKezDyD\">Inscripciones<\/a><\/li>\n<li>Taller \u2018Interculturalidad: Una Mirada Para Ver\u2019. Inclusi\u00f3n Social \/ EAPN Andaluc\u00eda. 25\u00a0de mayo de 10:00 a 12:00 h.\u00a0<a href=\"https:\/\/forms.gle\/NBTbHVBayyv22G8VA\" target=\"_blank\" rel=\"noopener\" data-saferedirecturl=\"https:\/\/www.google.com\/url?q=https:\/\/forms.gle\/NBTbHVBayyv22G8VA&amp;source=gmail&amp;ust=1684852348237000&amp;usg=AOvVaw2pcmoSuU50RuJ3o2MCJlBa\">Inscripciones<\/a><\/li>\n<li><span lang=\"es-ES\"><a href=\"https:\/\/icas.sevilla.org\/espacios\/antiquarium\/agenda\/conferencias-de-comisariado-artistico-y-feminismo-por-margarita-aizpuru\" target=\"_blank\" rel=\"noopener\" data-saferedirecturl=\"https:\/\/www.google.com\/url?q=https:\/\/icas.sevilla.org\/espacios\/antiquarium\/agenda\/conferencias-de-comisariado-artistico-y-feminismo-por-margarita-aizpuru&amp;source=gmail&amp;ust=1684852348237000&amp;usg=AOvVaw2cG6IJ-VMI98jqM8HqgLkG\">Conferencias de comisariado art\u00edstico y feminismo, por Margarita Aizpuru<\/a>. Instituto de la Cultura y las Artes de Sevilla &#8211; 23, 24 y 25 de mayo a las 19h.<\/span><\/li>\n<li><a href=\"http:\/\/www.juntadeandalucia.es\/iam\/catalogo\/doc\/convocatorias\/2023-genero\/CO-con-ciencia-mas-alla-memoria.jpg\" target=\"_blank\" rel=\"noopener prettyPhoto&#091;19958&#093;\" data-saferedirecturl=\"https:\/\/www.google.com\/url?q=http:\/\/www.juntadeandalucia.es\/iam\/catalogo\/doc\/convocatorias\/2023-genero\/CO-con-ciencia-mas-alla-memoria.jpg&amp;source=gmail&amp;ust=1684851473250000&amp;usg=AOvVaw0pIKt28OX85HNZFe_m64yz\"><span lang=\"es-ES\">Actividad de\u00a0<\/span><span lang=\"es-ES\">CON-CIENCIA<\/span><span lang=\"es-ES\">\u00a0\u2018<\/span><span lang=\"es-ES\">M\u00e1s all\u00e1 de la memoria\u2019<\/span><\/a><span lang=\"es-ES\">. C\u00e1tedra de Estudios de las Mujeres \u00abLeonor de Guzm\u00e1n\u2019.\u00a0<\/span><span lang=\"es-ES\">1 de junio a las 19:00\u00a0 h.<\/span><\/li>\n<li><span lang=\"es-ES\"><a href=\"http:\/\/www.juntadeandalucia.es\/iam\/catalogo\/doc\/convocatorias\/2023-genero\/MA-taller-atencion-victimas-violencia-desde-intervencion-social.png\" target=\"_blank\" rel=\"noopener prettyPhoto&#091;19958&#093;\" data-saferedirecturl=\"https:\/\/www.google.com\/url?q=http:\/\/www.juntadeandalucia.es\/iam\/catalogo\/doc\/convocatorias\/2023-genero\/MA-taller-atencion-victimas-violencia-desde-intervencion-social.png&amp;source=gmail&amp;ust=1684851473250000&amp;usg=AOvVaw1sg22hpbsGjtzC4-GI7FnZ\">Taller \u2018La atenci\u00f3n a las mujeres que sufren violencias machistas desde el \u00e1mbito de la Intervenci\u00f3n Social\u2019<\/a>. Colegio Profesional de Trabajo Social de M\u00e1laga. 30 de mayo a las 17:00 h.<\/span><\/li>\n<li><a href=\"https:\/\/www.ciclismoafondo.es\/competicion\/noticias-resultados-ciclismo\/ii-vuelta-andalucia-elite-women-amplia-cinco-numero-etapas_276012_102.html\" target=\"_blank\" rel=\"noopener\" data-saferedirecturl=\"https:\/\/www.google.com\/url?q=https:\/\/www.ciclismoafondo.es\/competicion\/noticias-resultados-ciclismo\/ii-vuelta-andalucia-elite-women-amplia-cinco-numero-etapas_276012_102.html&amp;source=gmail&amp;ust=1684851473250000&amp;usg=AOvVaw3A3nKNzpjz5u3VXZiWxgqB\">Segunda edici\u00f3n de la Vuelta Ciclista a Andaluc\u00eda Elite Women<\/a>. Del 31 de mayo al 4 de junio<\/li>\n<\/ul>\n<\/div>\n<\/div>\n<div id=\"\" class=\"lsow-panel lsow-active\">\n<h1 class=\"lsow-panel-title\">Comunicaci\u00f3n, Publicidad y TICs<\/h1>\n<div class=\"lsow-panel-content\">\n<p><a href=\"https:\/\/www.google.com\/url?rct=j&amp;sa=t&amp;url=https:\/\/www.noudiari.es\/local-ibiza\/el-consell-exige-a-fomento-que-retire-de-forma-inmediata-la-campana-denunciada-por-sexista\/&amp;ct=ga&amp;cd=CAEYAioTNzkzODQwMTM2NTQ3NjUxOTY2NDIZYzAzNzJlYmMyZmVhZGE1OTplczplczpFUw&amp;usg=AOvVaw2kLdpEbZCMWyvDZa4QG0Pg\" target=\"_blank\" rel=\"noopener\" data-saferedirecturl=\"https:\/\/www.google.com\/url?q=https:\/\/www.google.com\/url?rct%3Dj%26sa%3Dt%26url%3Dhttps:\/\/www.noudiari.es\/local-ibiza\/el-consell-exige-a-fomento-que-retire-de-forma-inmediata-la-campana-denunciada-por-sexista\/%26ct%3Dga%26cd%3DCAEYAioTNzkzODQwMTM2NTQ3NjUxOTY2NDIZYzAzNzJlYmMyZmVhZGE1OTplczplczpFUw%26usg%3DAOvVaw2kLdpEbZCMWyvDZa4QG0Pg&amp;source=gmail&amp;ust=1684859536424000&amp;usg=AOvVaw0-TOIRn9SEgckrnd_D37vr\">El Consell exige a Fomento que retire de forma inmediata la campa\u00f1a denunciada por sexista-\u00a0<\/a><a>Noudiari.es<br \/>\n<\/a><a class=\"title\" href=\"https:\/\/www.msn.com\/es-es\/noticias\/virales\/una-experta-en-comunicaci%C3%B3n-no-verbal-se-fija-en-un-detalle-al-fondo-de-esta-foto-de-la-graduaci%C3%B3n-de-leonor\/ar-AA1bvfq1\" target=\"_blank\" rel=\"noopener\" data-artpy=\"0\" data-author=\"Huffington Post on MSN\">Una experta en comunicaci\u00f3n no verbal se fija en un detalle al fondo de esta foto de la graduaci\u00f3n de Leonor<\/a>-huffingtonpost<br \/>\n<a class=\"title\" href=\"https:\/\/www.elperiodico.com\/es\/ocio-y-cultura\/20230518\/calendario-pirelli-fotonostrum-exposicion-87483427\" target=\"_blank\" rel=\"noopener\" data-artpy=\"0\" data-author=\"El Peri\u00f3dico\">Calendario Pirelli: de las &#8216;pin-ups&#8217; a la mujer empoderada, en FotoNostrum<\/a>-elperiodico<a><br \/>\n<\/a><a href=\"https:\/\/www.google.com\/url?rct=j&amp;sa=t&amp;url=https:\/\/elpais.com\/mexico\/2023-05-21\/la-violencia-digital-en-tiempos-de-la-ia-otra-amenaza-mas-para-las-mujeres.html&amp;ct=ga&amp;cd=CAEYACoTNjY0MzA1MDEwMjE3NDAwODIxNDIZYzAzNzJlYmMyZmVhZGE1OTplczplczpFUw&amp;usg=AOvVaw0cBI2xwETVQGIdk-N3kCCL\" target=\"_blank\" rel=\"noopener\" data-saferedirecturl=\"https:\/\/www.google.com\/url?q=https:\/\/www.google.com\/url?rct%3Dj%26sa%3Dt%26url%3Dhttps:\/\/elpais.com\/mexico\/2023-05-21\/la-violencia-digital-en-tiempos-de-la-ia-otra-amenaza-mas-para-las-mujeres.html%26ct%3Dga%26cd%3DCAEYACoTNjY0MzA1MDEwMjE3NDAwODIxNDIZYzAzNzJlYmMyZmVhZGE1OTplczplczpFUw%26usg%3DAOvVaw0cBI2xwETVQGIdk-N3kCCL&amp;source=gmail&amp;ust=1684851735292000&amp;usg=AOvVaw0k1J5V_yNHwvFYg053kXO4\">La violencia digital en tiempos de la IA, \u00bfotra amenaza m\u00e1s para las mujeres? &#8211;\u00a0<\/a><a>EL PA\u00cdS<br \/>\n<\/a><a class=\"title\" href=\"https:\/\/www.msn.com\/es-es\/salud\/other\/la-gur%C3%BA-en-inteligencia-artificial-manuela-delgado-y-el-curioso-caso-del-sesgo-de-la-croqueta\/ar-AA1buzFt\" target=\"_blank\" rel=\"noopener\" data-artpy=\"0\" data-author=\"ESPA\u00d1OL on MSN\">La gur\u00fa en inteligencia artificial Manuela Delgado y el curioso caso del sesgo de la croqueta<\/a>-elespa\u00f1ol<a><br \/>\n<\/a><\/p>\n<\/div>\n<\/div>\n<div id=\"\" class=\"lsow-panel lsow-active\">\n<h1 class=\"lsow-panel-title\">Andaluc\u00eda<\/h1>\n<div class=\"lsow-panel-content\">\n<div class=\"source set_top\">\n<div data-priority=\"2\" aria-hidden=\"true\">\n<p><strong>Econom\u00eda y Empresa<br \/>\n<\/strong><a class=\"title\" href=\"https:\/\/www.rrhhdigital.com\/secciones\/recolocacion\/158126\/El-proyecto-%E2%80%98Iluminando-el-empleo%E2%80%99-ayuda-a-un-70-de-mujeres-que-a-encontrar-un-empleo\" target=\"_blank\" rel=\"noopener\" data-artpy=\"0\" data-author=\"RRHHDigital\">El proyecto \u2018Iluminando el empleo\u2019 ayuda a un 70% de mujeres que a encontrar un empleo<\/a>-rrhhdigital<strong><br \/>\n<\/strong><a class=\"title\" href=\"https:\/\/www.elconfidencial.com\/espana\/andalucia\/2023-05-22\/andalucia-ciudades-paro-renta-ine_3634394\/\" target=\"_blank\" rel=\"noopener\" data-artpy=\"0\" data-author=\"El confidencial\">Andaluc\u00eda concentra 12 de las 15 ciudades con m\u00e1s paro y 10 de los barrios con menor renta<\/a>-elconfidencial<br \/>\n<a class=\"title\" href=\"https:\/\/www.europapress.es\/andalucia\/noticia-ugt-advierte-no-puede-haber-integracion-social-integracion-laboral-colectivo-lgtbi-20230522183108.html\" target=\"_blank\" rel=\"noopener\" data-artpy=\"0\" data-author=\"Europa Press\">UGT-A advierte que \u00abno puede haber una integraci\u00f3n social sin la integraci\u00f3n laboral del colectivo Lgtbi\u00bb<\/a>-europapress<br \/>\n<a class=\"title\" href=\"https:\/\/www.diariojaen.es\/andalucia\/entra-en-vigor-el-decreto-de-la-junta-para-avalar-a-jovenes-el-15-de-sus-hipotecas-para-primera-vivienda-en-andalucia-DE9053621\" target=\"_blank\" rel=\"noopener\" data-artpy=\"0\" data-author=\"Diariojaen.es\">Entra en vigor el decreto de la Junta para avalar a j\u00f3venes el 15% de sus hipotecas para primera vivienda en Andaluc\u00eda<\/a>-diariojaen<a><br \/>\n<\/a><\/p>\n<p><strong>Actualidad<br \/>\n<\/strong><a class=\"title\" href=\"https:\/\/www.eldiario.es\/andalucia\/asociaciones-andaluzas-salud-mental-ponen-duda-modelo-publico-juventud-viene_1_10188102.html\" target=\"_blank\" rel=\"noopener\" data-artpy=\"0\" data-author=\"eldiario.es\">Asociaciones andaluzas de salud mental ponen en duda el modelo p\u00fablico para la juventud ante \u201clo que se viene encima\u201d<\/a>-eldiario<br \/>\n<a class=\"title\" href=\"https:\/\/www.diariodesevilla.es\/andalucia\/bebes-almeria-partos_0_1794421031.html\" target=\"_blank\" rel=\"noopener\" data-artpy=\"0\" data-author=\"Diario de Sevilla\">Los partos en el hogar vuelven a estar de moda en Almer\u00eda<\/a>-diariodesevilla<br \/>\n<a title=\"Nace el primer beb\u00e9 de una mujer trasplantada del \u00fatero en Espa\u00f1a\" href=\"https:\/\/elcorreoweb.es\/salud\/nace-el-primer-bebe-de-una-mujer-trasplantada-del-utero-en-espana-DD8566162\">Nace el primer beb\u00e9 de una mujer trasplantada del \u00fatero en Espa\u00f1a-\u00a0<\/a>elcorreodeandalucia<\/p>\n<p><strong>Violencias<\/strong><strong><br \/>\n<\/strong><a class=\"title\" href=\"https:\/\/sevilla.abc.es\/andalucia\/andalucia-encabeza-cifras-trata-mujeres-espana-20230522183414-nts.html\" target=\"_blank\" rel=\"noopener\" data-artpy=\"0\" data-author=\"ABC\">Andaluc\u00eda encabeza las cifras de la trata de mujeres en Espa\u00f1a<\/a>-abc<br \/>\n<a class=\"title\" href=\"https:\/\/www.europapress.es\/andalucia\/malaga-00356\/noticia-ccoo-ugt-piden-implicacion-toda-sociedad-frenar-violencia-genero-malaga-20230522142105.html\" target=\"_blank\" rel=\"noopener\" data-artpy=\"0\" data-author=\"Europa Press\">CCOO y UGT piden la implicaci\u00f3n de toda la sociedad para frenar la violencia de g\u00e9nero en M\u00e1laga<\/a>-europapress<a><br \/>\n<\/a><\/p>\n<p><b>Ciencia y Cultura<br \/>\n<\/b><a href=\"https:\/\/www.eldiario.es\/sevilla\/excelencia-robotica-europea-reune-primera-vez-sevilla-elevar-potencial-nuevos-niveles_1_10212895.html\">La \u201cexcelencia\u201d de la rob\u00f3tica europea se re\u00fane por primera vez en Sevilla para elevar su potencial \u201ca nuevos niveles<\/a>-eldiario<br \/>\n<b><\/b><a class=\"title\" href=\"https:\/\/cadenaser.com\/andalucia\/2023\/05\/22\/la-ciencia-inunda-el-centro-de-malaga-con-el-festival-internacional-pint-of-science-ser-malaga\/\" target=\"_blank\" rel=\"noopener\" data-artpy=\"0\" data-author=\"Cadena SER\">La ciencia inunda el centro de M\u00e1laga con el festival internacional \u2018Pint of Science\u2019<\/a>-ser<br \/>\n<a title=\"Paz Vega inicia su primera pel\u00edcula como directora, \u2018Rita\u2019\" href=\"https:\/\/elcorreoweb.es\/cultura\/paz-vega-inicia-su-primera-pelicula-como-directora-rita-JE8565579\">Paz Vega inicia su primera pel\u00edcula como directora, \u2018Rita\u2019<\/a>-elcorreodeandalucia<br \/>\n<a class=\"title\" href=\"https:\/\/www.canalsur.es\/television\/programas\/andalucia-es-moda\/noticia\/1934357.html\" target=\"_blank\" rel=\"noopener\" data-artpy=\"0\" data-author=\"canalsur\">Alejandra Pe\u00f1a, dise\u00f1adora de Amazonia, y de las chaquetas toreras tendencia esta temporada<\/a>-canalsur<b><br \/>\n<\/b><a class=\"title\" href=\"https:\/\/www.elperiodico.com\/es\/ocio-y-cultura\/20230521\/origen-africano-flamenco-nadie-ve-87689736\" target=\"_blank\" rel=\"noopener\" data-artpy=\"0\" data-author=\"El Peri\u00f3dico\">El origen africano en el flamenco: lo que est\u00e1 pero nadie ve<\/a>-elperiodico<a><br \/>\n<\/a><\/p>\n<p><b><\/b><strong>Deporte<br \/>\n<\/strong><a href=\"https:\/\/www.google.com\/url?rct=j&amp;sa=t&amp;url=https:\/\/www.juntadeandalucia.es\/presidencia\/portavoz\/social\/182839\/JuntadeAndalucia\/ConsejeriadeInclusionSocialJuventudFamiliaseIgualdad\/InstitutodelaMujer\/hijasdecynisca\/igualdad\/mujeres\/iam\/deporte&amp;ct=ga&amp;cd=CAEYACoUMTUzNjUxNDk4OTI2MDQ2NzgyODEyGzlhYjFjZGQ3ZTM2NmVmMzg6ZXM6ZXM6RVM6Ug&amp;usg=AOvVaw08XHKxxkJFx-XtbrHVDBAS\" target=\"_blank\" rel=\"noopener\" data-saferedirecturl=\"https:\/\/www.google.com\/url?q=https:\/\/www.google.com\/url?rct%3Dj%26sa%3Dt%26url%3Dhttps:\/\/www.juntadeandalucia.es\/presidencia\/portavoz\/social\/182839\/JuntadeAndalucia\/ConsejeriadeInclusionSocialJuventudFamiliaseIgualdad\/InstitutodelaMujer\/hijasdecynisca\/igualdad\/mujeres\/iam\/deporte%26ct%3Dga%26cd%3DCAEYACoUMTUzNjUxNDk4OTI2MDQ2NzgyODEyGzlhYjFjZGQ3ZTM2NmVmMzg6ZXM6ZXM6RVM6Ug%26usg%3DAOvVaw08XHKxxkJFx-XtbrHVDBAS&amp;source=gmail&amp;ust=1684852164252000&amp;usg=AOvVaw2_hwZAfAmCPXYn-QJPD-_M\">M\u00e1s de 1.500 personas participan en el proyecto &#8216;Hijas de Cynisca&#8217; sobre la igualdad en el deporte-\u00a0<\/a><a>Junta de Andaluc\u00eda<br \/>\n<\/a><a class=\"title\" href=\"https:\/\/www.lavozdelsur.es\/deportes\/deportista-andaluza-hace-historia-bate-record-mundial-marcha_295900_102.html\" target=\"_blank\" rel=\"noopener\" data-artpy=\"0\" data-author=\"lavozdelsur\">La deportista andaluza Mar\u00eda P\u00e9rez bate el r\u00e9cord mundial de marcha-\u00a0<\/a><a>lavozdelsur<br \/>\n<\/a><a title=\"Un total de 20 equipos de 11 pa\u00edses participar\u00e1n en la segunda Vuelta Ciclista a Andaluc\u00eda \u00c9lite Women\" href=\"https:\/\/www.juntadeandalucia.es\/presidencia\/portavoz\/turismo\/182907\/JuntadeAndalucia\/ConsejeriadeTurismoCulturayDeporte\/equipos\/ciclismo\/vueltaciclistaandaluciaelitewomen\/Jaen\/Granada\/Malaga\/Cadiz\">Un total de 20 equipos de 11 pa\u00edses participar\u00e1n en la segunda Vuelta Ciclista a Andaluc\u00eda \u00c9lite Women<\/a>-juntadeandalucia<br \/>\n<a class=\"title\" href=\"https:\/\/www.mundodeportivo.com\/ciclismo\/20230522\/1002010271\/noruega-katrine-aalerud-neerlandesa-mareille-meijering-defienden-titulo-movistar.html\" target=\"_blank\" rel=\"noopener\" data-artpy=\"0\" data-author=\"Mundo Deportivo\">Katrine Aalerud y Mareille Meijering defienden el t\u00edtulo del Movistar en Andaluc\u00eda<\/a>-mundodeportivo<a><br \/>\n<\/a><\/p>\n<\/div>\n<\/div>\n<\/div>\n<\/div>\n<div id=\"\" class=\"lsow-panel lsow-active\">\n<h1 class=\"lsow-panel-title\">Estado<\/h1>\n<div class=\"lsow-panel-content\">\n<p><strong>Institucional \u2013 CCAA<br \/>\n<\/strong><a href=\"https:\/\/www.google.com\/url?rct=j&amp;sa=t&amp;url=https:\/\/www.irekia.euskadi.eus\/es\/news\/85839-expertas-euskadi-paises-del-sur-debatiran-sobre-perspectiva-genero-gestion-del-patrimonio-cultural&amp;ct=ga&amp;cd=CAEYACoUMTEwOTgwOTEyOTcxMDc5MDA1NzMyGTU5ZDc4MTcxMzZhMmQwMjg6ZXM6ZXM6RVM&amp;usg=AOvVaw2aUrGtZf7Xv-o9uLOuIReM\" target=\"_blank\" rel=\"noopener\" data-saferedirecturl=\"https:\/\/www.google.com\/url?q=https:\/\/www.google.com\/url?rct%3Dj%26sa%3Dt%26url%3Dhttps:\/\/www.irekia.euskadi.eus\/es\/news\/85839-expertas-euskadi-paises-del-sur-debatiran-sobre-perspectiva-genero-gestion-del-patrimonio-cultural%26ct%3Dga%26cd%3DCAEYACoUMTEwOTgwOTEyOTcxMDc5MDA1NzMyGTU5ZDc4MTcxMzZhMmQwMjg6ZXM6ZXM6RVM%26usg%3DAOvVaw2aUrGtZf7Xv-o9uLOuIReM&amp;source=gmail&amp;ust=1684851470208000&amp;usg=AOvVaw0q_LJttRm9bDJB4__KYo08\">Expertas de Euskadi y de pa\u00edses del Sur debatir\u00e1n sobre la perspectiva de g\u00e9nero en la &#8230; &#8211;\u00a0<\/a><a>Irekia Eusko Jaurlaritza<br \/>\n<\/a><a href=\"https:\/\/www.google.com\/url?rct=j&amp;sa=t&amp;url=https:\/\/www.europapress.es\/castilla-lamancha\/noticia-martes-podran-solicitar-ayudas-prevencion-trata-explotacion-sexual-lm-20230522090316.html&amp;ct=ga&amp;cd=CAEYACoSMTE0MDUxOTYzMTMzNDkwODIzMhljMDM3MmViYzJmZWFkYTU5OmVzOmVzOkVT&amp;usg=AOvVaw1XqsegtZAX-78NDr_h5oZG\" target=\"_blank\" rel=\"noopener\" data-saferedirecturl=\"https:\/\/www.google.com\/url?q=https:\/\/www.google.com\/url?rct%3Dj%26sa%3Dt%26url%3Dhttps:\/\/www.europapress.es\/castilla-lamancha\/noticia-martes-podran-solicitar-ayudas-prevencion-trata-explotacion-sexual-lm-20230522090316.html%26ct%3Dga%26cd%3DCAEYACoSMTE0MDUxOTYzMTMzNDkwODIzMhljMDM3MmViYzJmZWFkYTU5OmVzOmVzOkVT%26usg%3DAOvVaw1XqsegtZAX-78NDr_h5oZG&amp;source=gmail&amp;ust=1684851472705000&amp;usg=AOvVaw1RLG6uegwy7QE4-j28J9Ju\">Desde este martes se podr\u00e1n solicitar ayudas para la prevenci\u00f3n de la trata y la explotaci\u00f3n sexual en C-LM &#8230; &#8211;\u00a0<\/a><a>Europa Press<br \/>\n<\/a><a class=\"title\" href=\"https:\/\/www.cope.es\/actualidad\/espana\/noticias\/armengol-reune-este-martes-con-mujeres-emprendedoras-baluard-20230522_2722295\" target=\"_blank\" rel=\"noopener\" data-artpy=\"0\" data-author=\"COPE\">Armengol se re\u00fane este martes con mujeres emprendedoras en Es Baluard<\/a>-cope<a><br \/>\n<\/a><\/p>\n<p><strong>Econom\u00eda y Empresa<br \/>\n<\/strong><a class=\"title\" href=\"https:\/\/elpais.com\/economia\/negocios\/2023-05-21\/las-mujeres-avanzan-en-la-direccion-de-los-despachos.html\" target=\"_blank\" rel=\"noopener\" data-artpy=\"0\" data-author=\"EL PA\u00cdS\">Las mujeres avanzan en la direcci\u00f3n de los despachos<\/a>-elpais<br \/>\n<a class=\"title\" href=\"https:\/\/www.msn.com\/es-es\/noticias\/other\/las-bajas-laborales-de-las-mujeres-experimentan-cambios-sustanciales-menstruaci%C3%B3n-aborto-o-embarazo\/ar-AA1bxdHO\" target=\"_blank\" rel=\"noopener\" data-artpy=\"0\" data-author=\"Huffington Post on MSN\">Las bajas laborales de las mujeres experimentan cambios sustanciales: menstruaci\u00f3n, aborto o embarazo<\/a>-huffingtonpost<br \/>\n<a class=\"title\" href=\"https:\/\/www.msn.com\/es-es\/noticias\/other\/40-empresas-firman-la-carta-de-la-diversidad-para-la-no-discriminaci%C3%B3n-y-la-inclusi%C3%B3n-laboral\/ar-AA1bx40p\" target=\"_blank\" rel=\"noopener\" data-artpy=\"0\" data-author=\"Europa Press on MSN\">40 empresas firman la Carta de la Diversidad para la no discriminaci\u00f3n y la inclusi\u00f3n laboral<\/a>-europapress<br \/>\n<a class=\"title\" href=\"https:\/\/www.msn.com\/es-es\/dinero\/other\/la-econom%C3%ADa-sumergida-el-tab%C3%BA-de-la-campa%C3%B1a-aunque-supera-el-20-del-pib\/ar-AA1bu1Xt\" target=\"_blank\" rel=\"noopener\" data-artpy=\"0\" data-author=\"El Independiente on MSN\">La econom\u00eda sumergida, el tab\u00fa de la campa\u00f1a aunque supera el 20% del PIB<\/a>-elindependiente<strong><br \/>\n<\/strong><a href=\"https:\/\/www.google.com\/url?rct=j&amp;sa=t&amp;url=https:\/\/noticiastrabajo.huffingtonpost.es\/economia\/pensiones\/realidad-pensiones-6-10-pensionistas-no-llegan-salario-minimo-interprofesional\/&amp;ct=ga&amp;cd=CAEYACoUMTY1OTQ5MjU5MjU5MzY2NjU2MDQyGWMwMzcyZWJjMmZlYWRhNTk6ZXM6ZXM6RVM&amp;usg=AOvVaw0LnpvKmTXRtxa6G2ldUzaZ\" target=\"_blank\" rel=\"noopener\" data-saferedirecturl=\"https:\/\/www.google.com\/url?q=https:\/\/www.google.com\/url?rct%3Dj%26sa%3Dt%26url%3Dhttps:\/\/noticiastrabajo.huffingtonpost.es\/economia\/pensiones\/realidad-pensiones-6-10-pensionistas-no-llegan-salario-minimo-interprofesional\/%26ct%3Dga%26cd%3DCAEYACoUMTY1OTQ5MjU5MjU5MzY2NjU2MDQyGWMwMzcyZWJjMmZlYWRhNTk6ZXM6ZXM6RVM%26usg%3DAOvVaw0LnpvKmTXRtxa6G2ldUzaZ&amp;source=gmail&amp;ust=1684851472695000&amp;usg=AOvVaw34n2JegLdt1__LtqHMpj-b\">La realidad de las pensiones: 6 de cada 10 pensionistas no llegan al Salario M\u00ednimo Interprofesional-\u00a0<\/a><a>Noticiastrabajo<br \/>\n<\/a><a class=\"title\" href=\"https:\/\/www.diariosigloxxi.com\/texto-ep\/mostrar\/20230522130702\/espana-sobrepasa-21-millones-personas-situacion-pobreza-exclusion-cumplir-ods-segun-eapn\" target=\"_blank\" rel=\"noopener\" data-artpy=\"0\" data-author=\"Diario Siglo XXI\">Espa\u00f1a sobrepasa en 2,1 millones las personas en situaci\u00f3n de pobreza y exclusi\u00f3n para cumplir con los ODS, seg\u00fan EAPN<\/a>-sigloxxi<br \/>\n<a class=\"title\" href=\"https:\/\/www.economiadigital.es\/galicia\/opinion\/la-ley-de-igualdad-de-galicia-regulara-por-primera-vez-la-sostenibilidad-social-corporativa.html\" target=\"_blank\" rel=\"noopener\" data-artpy=\"0\" data-author=\"Econom\u00eda Digital\">La ley de igualdad de Galicia regular\u00e1 por primera vez la sostenibilidad social corporativa<\/a>-econom\u00edadigital<a><br \/>\n<\/a><\/p>\n<p><strong>Actualidad<br \/>\n<\/strong><a href=\"https:\/\/www.google.com\/url?rct=j&amp;sa=t&amp;url=https:\/\/eldiariofeminista.info\/2023\/05\/20\/unicef-alerta-del-aumento-de-la-violencia-de-genero-en-espacios-de-accion-humanitaria-de-la-republica-democratica-del-congo\/&amp;ct=ga&amp;cd=CAEYACoTNjMxNzAwOTg3NjM1OTE3MTcxNzIZNTlkNzgxNzEzNmEyZDAyODplczplczpFUw&amp;usg=AOvVaw1H4alPCBtrEeZ2hEnQIr8v\" target=\"_blank\" rel=\"noopener\" data-saferedirecturl=\"https:\/\/www.google.com\/url?q=https:\/\/www.google.com\/url?rct%3Dj%26sa%3Dt%26url%3Dhttps:\/\/eldiariofeminista.info\/2023\/05\/20\/unicef-alerta-del-aumento-de-la-violencia-de-genero-en-espacios-de-accion-humanitaria-de-la-republica-democratica-del-congo\/%26ct%3Dga%26cd%3DCAEYACoTNjMxNzAwOTg3NjM1OTE3MTcxNzIZNTlkNzgxNzEzNmEyZDAyODplczplczpFUw%26usg%3DAOvVaw1H4alPCBtrEeZ2hEnQIr8v&amp;source=gmail&amp;ust=1684851469958000&amp;usg=AOvVaw02eAmpsXlhyVa-ShWAlfVJ\">UNICEF alerta del aumento de la violencia de\u00a0g\u00e9nero en espacios de acci\u00f3n humanitaria &#8230;-\u00a0<\/a><a>Diario Feminista<br \/>\n<\/a><a href=\"https:\/\/www.google.com\/url?rct=j&amp;sa=t&amp;url=https:\/\/www.65ymas.com\/ocio\/libros\/ana-hardisson-esplendorosas-y-sin-embargo-viejas-sexismo-hasta-en-edadismo_50494_102.html&amp;ct=ga&amp;cd=CAEYASoUMTgwNzU5OTg1NjMwMDcyNTE5ODYyGWMwMzcyZWJjMmZlYWRhNTk6ZXM6ZXM6RVM&amp;usg=AOvVaw0zn_o9IdxJDJvagdZYe09K\" target=\"_blank\" rel=\"noopener\" data-saferedirecturl=\"https:\/\/www.google.com\/url?q=https:\/\/www.google.com\/url?rct%3Dj%26sa%3Dt%26url%3Dhttps:\/\/www.65ymas.com\/ocio\/libros\/ana-hardisson-esplendorosas-y-sin-embargo-viejas-sexismo-hasta-en-edadismo_50494_102.html%26ct%3Dga%26cd%3DCAEYASoUMTgwNzU5OTg1NjMwMDcyNTE5ODYyGWMwMzcyZWJjMmZlYWRhNTk6ZXM6ZXM6RVM%26usg%3DAOvVaw0zn_o9IdxJDJvagdZYe09K&amp;source=gmail&amp;ust=1684851472329000&amp;usg=AOvVaw2jkKXWw9NDW9ouOgj_p_Df\">Ana Hardisson: \u00abHay sexismo hasta en el edadismo\u00bb &#8211;\u00a0<\/a><a>65YM\u00c1S<br \/>\n<\/a><a href=\"https:\/\/www.google.com\/url?rct=j&amp;sa=t&amp;url=https:\/\/www.ondacero.es\/programas\/por-fin-no-es-lunes\/podcast\/entrevistas\/elena-francis-primera-influencer-personaje-que-adoctrino-toda-generacion-mujeres_202305206468a0bc277db7000166662a.html&amp;ct=ga&amp;cd=CAEYACoTODkxMDYyMTU1NDY1MTIzMTk2NjIZYzAzNzJlYmMyZmVhZGE1OTplczplczpFUw&amp;usg=AOvVaw3yrC68V1QYtnam2zdL37O5\" target=\"_blank\" rel=\"noopener\" data-saferedirecturl=\"https:\/\/www.google.com\/url?q=https:\/\/www.google.com\/url?rct%3Dj%26sa%3Dt%26url%3Dhttps:\/\/www.ondacero.es\/programas\/por-fin-no-es-lunes\/podcast\/entrevistas\/elena-francis-primera-influencer-personaje-que-adoctrino-toda-generacion-mujeres_202305206468a0bc277db7000166662a.html%26ct%3Dga%26cd%3DCAEYACoTODkxMDYyMTU1NDY1MTIzMTk2NjIZYzAzNzJlYmMyZmVhZGE1OTplczplczpFUw%26usg%3DAOvVaw3yrC68V1QYtnam2zdL37O5&amp;source=gmail&amp;ust=1684851472373000&amp;usg=AOvVaw2niTsoRWAbxunIuziBJr6r\">Elena Francis, la primera influencer&#8217;: el personaje que adoctrin\u00f3 a toda una generaci\u00f3n de mujeres<b>&#8211;<\/b><\/a><a>Onda Cero<br \/>\n<\/a><a href=\"https:\/\/www.google.com\/url?rct=j&amp;sa=t&amp;url=https:\/\/www.notimerica.com\/sociedad\/noticia-mujeres-no-tuvieron-hijo-media-11-ciudades-espanolas-2020-ninguna-gran-urbe-llego-18-media-20230522121414.html&amp;ct=ga&amp;cd=CAEYASoUMTMwMzY2OTE1NjU4ODI2OTAyODIyGWMwMzcyZWJjMmZlYWRhNTk6ZXM6ZXM6RVM&amp;usg=AOvVaw1mPABYhwWdu16tgXjq_W3-\" target=\"_blank\" rel=\"noopener\" data-saferedirecturl=\"https:\/\/www.google.com\/url?q=https:\/\/www.google.com\/url?rct%3Dj%26sa%3Dt%26url%3Dhttps:\/\/www.notimerica.com\/sociedad\/noticia-mujeres-no-tuvieron-hijo-media-11-ciudades-espanolas-2020-ninguna-gran-urbe-llego-18-media-20230522121414.html%26ct%3Dga%26cd%3DCAEYASoUMTMwMzY2OTE1NjU4ODI2OTAyODIyGWMwMzcyZWJjMmZlYWRhNTk6ZXM6ZXM6RVM%26usg%3DAOvVaw1mPABYhwWdu16tgXjq_W3-&amp;source=gmail&amp;ust=1684851472725000&amp;usg=AOvVaw0dN5AsbuojRsr846HlGrD2\">Las mujeres no tuvieron ni un hijo de media en 11 ciudades espa\u00f1olas en 2020 y ninguna &#8230;-<\/a><a>Notim\u00e9rica<br \/>\n<\/a><a class=\"title\" href=\"https:\/\/www.msn.com\/es-es\/salud\/other\/el-trabajo-por-turnos-desencadena-una-crisis-silenciosa-en-la-fertilidad-femenina\/ar-AA1bvAXH\" target=\"_blank\" rel=\"noopener\" data-artpy=\"0\" data-author=\"Mundo Deportivo on MSN\">El trabajo por turnos desencadena una crisis silenciosa en la fertilidad femenina<\/a>-mundodeportivo<br \/>\n<a class=\"title\" href=\"https:\/\/www.abc.es\/salud\/enfermedades\/causas-mujeres-mueren-hombres-tras-infarto-20230522130653-nt.html\" target=\"_blank\" rel=\"noopener\" data-artpy=\"0\" data-author=\"ABC\">Las causas por las que las mujeres mueren m\u00e1s que los hombres tras un infarto<\/a>-abc<a><br \/>\n<\/a><\/p>\n<p><strong>Violencias<br \/>\n<\/strong><a href=\"https:\/\/www.eldiario.es\/sociedad\/no-defendio-neurociencia-explica-paralisis-mujeres-violacion_1_10226819.html\">\u00bfPor qu\u00e9 no se defendi\u00f3?\u201d: la neurociencia explica la par\u00e1lisis de muchas mujeres ante una violaci\u00f3n<\/a>-eldiario<br \/>\n<a href=\"https:\/\/www.google.com\/url?rct=j&amp;sa=t&amp;url=https:\/\/www.lavanguardia.com\/vida\/20230522\/8984915\/70-sentencias-violencia-sexual-dictan-espana-afectan-menores.html&amp;ct=ga&amp;cd=CAEYACoUMTcwNjE4NTUxODU0MzkzMzY0OTAyGWUxZTc3ZDE1NjA5OGE4ZTM6ZXM6ZXM6RVM&amp;usg=AOvVaw2M4dX9r8dH2cep5rjIey0m\" target=\"_blank\" rel=\"noopener\" data-saferedirecturl=\"https:\/\/www.google.com\/url?q=https:\/\/www.google.com\/url?rct%3Dj%26sa%3Dt%26url%3Dhttps:\/\/www.lavanguardia.com\/vida\/20230522\/8984915\/70-sentencias-violencia-sexual-dictan-espana-afectan-menores.html%26ct%3Dga%26cd%3DCAEYACoUMTcwNjE4NTUxODU0MzkzMzY0OTAyGWUxZTc3ZDE1NjA5OGE4ZTM6ZXM6ZXM6RVM%26usg%3DAOvVaw2M4dX9r8dH2cep5rjIey0m&amp;source=gmail&amp;ust=1684851472179000&amp;usg=AOvVaw05C_QbguyOnLXTNfptF9jU\">El 70 % de las sentencias por\u00a0<\/a><a href=\"https:\/\/www.google.com\/url?rct=j&amp;sa=t&amp;url=https:\/\/www.lavanguardia.com\/vida\/20230522\/8984915\/70-sentencias-violencia-sexual-dictan-espana-afectan-menores.html&amp;ct=ga&amp;cd=CAEYACoUMTcwNjE4NTUxODU0MzkzMzY0OTAyGWUxZTc3ZDE1NjA5OGE4ZTM6ZXM6ZXM6RVM&amp;usg=AOvVaw2M4dX9r8dH2cep5rjIey0m\" target=\"_blank\" rel=\"noopener\" data-saferedirecturl=\"https:\/\/www.google.com\/url?q=https:\/\/www.google.com\/url?rct%3Dj%26sa%3Dt%26url%3Dhttps:\/\/www.lavanguardia.com\/vida\/20230522\/8984915\/70-sentencias-violencia-sexual-dictan-espana-afectan-menores.html%26ct%3Dga%26cd%3DCAEYACoUMTcwNjE4NTUxODU0MzkzMzY0OTAyGWUxZTc3ZDE1NjA5OGE4ZTM6ZXM6ZXM6RVM%26usg%3DAOvVaw2M4dX9r8dH2cep5rjIey0m&amp;source=gmail&amp;ust=1684851472179000&amp;usg=AOvVaw05C_QbguyOnLXTNfptF9jU\">violencia sexual que se dictan en Espa\u00f1a afectan a menores-\u00a0<\/a><a>La Vanguardia<br \/>\n<\/a><a href=\"https:\/\/www.google.com\/url?rct=j&amp;sa=t&amp;url=https:\/\/www.europapress.es\/islas-canarias\/noticia-carmonacgpj-avanza-juzgado-violencia-infantil-quiere-trasladar-toda-espana-pilotaje-canarias-20230522115137.html&amp;ct=ga&amp;cd=CAEYACoTMTExODUzMTU2MjM0MTcwMjgyMDIZZTFlNzdkMTU2MDk4YThlMzplczplczpFUw&amp;usg=AOvVaw3ldtDgDfvc3eY2Jx4UUnLl\" target=\"_blank\" rel=\"noopener\" data-saferedirecturl=\"https:\/\/www.google.com\/url?q=https:\/\/www.google.com\/url?rct%3Dj%26sa%3Dt%26url%3Dhttps:\/\/www.europapress.es\/islas-canarias\/noticia-carmonacgpj-avanza-juzgado-violencia-infantil-quiere-trasladar-toda-espana-pilotaje-canarias-20230522115137.html%26ct%3Dga%26cd%3DCAEYACoTMTExODUzMTU2MjM0MTcwMjgyMDIZZTFlNzdkMTU2MDk4YThlMzplczplczpFUw%26usg%3DAOvVaw3ldtDgDfvc3eY2Jx4UUnLl&amp;source=gmail&amp;ust=1684851472187000&amp;usg=AOvVaw1TGmEb_rap6HkjNvDl6sbV\">Carmona(CGPJ) avanza que el juzgado de violencia infantil se quiere trasladar a toda Espa\u00f1a&#8230;-\u00a0<\/a><a>Europa Press<\/a><\/p>\n<p><strong>Ciencia y Cultura<br \/>\n<\/strong><a href=\"https:\/\/elpais.com\/cultura\/2023-05-21\/la-catedratica-en-inteligencia-artificial-asuncion-gomez-perez-ingresa-en-la-rae-con-un-discurso-en-el-que-vaticina-pronto-tendremos-otros-juguetes-en-lugar-de-chatgpt.html\">La catedr\u00e1tica en inteligencia artificial Asunci\u00f3n G\u00f3mez-P\u00e9rez ingresa en la RAE con un discurso en el que vaticina: \u201cPronto tendremos otros \u2018juguetes\u2019 en lugar de ChatGPT\u201d<\/a>-elpais<br \/>\n<a href=\"https:\/\/www.google.com\/url?rct=j&amp;sa=t&amp;url=https:\/\/www.mujerhoy.com\/actualidad\/santander-womennow-joyce-carol-oates-legendaria-escritora-premio-nobel-congreso-liderazgo-femenino-vocento-20230522133755-nt.html&amp;ct=ga&amp;cd=CAEYBioTNzkzODQwMTM2NTQ3NjUxOTY2NDIZYzAzNzJlYmMyZmVhZGE1OTplczplczpFUw&amp;usg=AOvVaw3s4hGsKgeFvLmd11dkzjl9\" target=\"_blank\" rel=\"noopener\" data-saferedirecturl=\"https:\/\/www.google.com\/url?q=https:\/\/www.google.com\/url?rct%3Dj%26sa%3Dt%26url%3Dhttps:\/\/www.mujerhoy.com\/actualidad\/santander-womennow-joyce-carol-oates-legendaria-escritora-premio-nobel-congreso-liderazgo-femenino-vocento-20230522133755-nt.html%26ct%3Dga%26cd%3DCAEYBioTNzkzODQwMTM2NTQ3NjUxOTY2NDIZYzAzNzJlYmMyZmVhZGE1OTplczplczpFUw%26usg%3DAOvVaw3s4hGsKgeFvLmd11dkzjl9&amp;source=gmail&amp;ust=1684859536424000&amp;usg=AOvVaw0rgfBhNMy4C82c_-yGJ4cN\">Joyce Carol Oates: la legendaria novelista norteamericana participar\u00e1 en Santander WomenNOW-\u00a0<\/a><a>Mujer Hoy<br \/>\n<\/a><a class=\"title\" href=\"https:\/\/www.msn.com\/es-es\/noticias\/other\/la-risa-de-las-mujeres-la-novela-que-viaja-a-cuando-re%C3%ADr-estaba-prohibido-en-nombre-del-decoro\/ar-AA1buEVc\" target=\"_blank\" rel=\"noopener\" data-artpy=\"0\" data-author=\"ESPA\u00d1OL on MSN\">&#8216;La risa de las mujeres&#8217;, la novela que viaja a cuando re\u00edr estaba prohibido en nombre del decoro<\/a>-elespa\u00f1ol<br \/>\n<a class=\"title\" href=\"https:\/\/www.antena3.com\/noticias\/cultura\/600-cartas-amor-cardenal-siglo-oro-sus-amantes-lupa-patricia-marin_202305226463af57ea319400017e8fac.html\" target=\"_blank\" rel=\"noopener\" data-artpy=\"0\" data-author=\"Antena 3\">Las 600 cartas de amor entre un cardenal del Siglo de Oro y sus amantes, bajo la lupa de Patricia Mar\u00edn<\/a>-antena3<br \/>\n<a class=\"title\" href=\"https:\/\/www.elmostrador.cl\/braga\/2023\/05\/22\/isabel-baboun-autora-de-la-tailandesa-el-cuerpo-de-la-mujer-siempre-es-demandado-y-subordinado\/\" target=\"_blank\" rel=\"noopener\" data-artpy=\"0\" data-author=\"El Mostrador\">Isabel Baboun, autora de La Tailandesa: \u201cEl cuerpo de la mujer siempre es demandado y subordinado\u201d<\/a>-elmostrador<a><br \/>\n<\/a><\/p>\n<p><strong>Deporte<br \/>\n<\/strong><a class=\"title\" href=\"https:\/\/www.abc.es\/espana\/castilla-la-mancha\/toledo\/deportes\/maria-herrera-motociclismo-hombres-llega-mujer-gana-20230518202842-nt.html\" target=\"_blank\" rel=\"noopener\" data-artpy=\"0\" data-author=\"ABC\">Mar\u00eda Herrera: \u00abEn el motociclismo el 99% son hombres y cuando llega una mujer y gana, sienta mal\u00bb<\/a>-abc<br \/>\n<a class=\"title\" href=\"https:\/\/www.heraldo.es\/noticias\/deportes\/2023\/05\/22\/la-lesion-que-rompe-al-futbol-femenino-1653219.html\" target=\"_blank\" rel=\"noopener\" data-artpy=\"0\" data-author=\"Heraldo\">La lesi\u00f3n que rompe al f\u00fatbol femenino<\/a>-heraldo<br \/>\n<a class=\"title\" href=\"https:\/\/as.com\/masdeporte\/ona-carbonell-deja-su-huella-de-oro-iberdrola-n\/\" target=\"_blank\" rel=\"noopener\" data-artpy=\"0\" data-author=\"AS Mexico\">Ona Carbonell deja su \u201cHuella de Oro Iberdrola\u201d<\/a>-as<br \/>\n<a class=\"title\" href=\"https:\/\/www.larazon.es\/comunidad-valenciana\/ocho-veleros-compiten-igualdad-hombres-mujeres-aguas-valencia_20230522646b57bb910a1b0001d1f8d8.html\" target=\"_blank\" rel=\"noopener\" data-artpy=\"0\" data-author=\"La Raz\u00f3n Digital\">Ocho veleros compiten por la igualdad entre hombres y mujeres en aguas de Valencia<\/a>-larazondigital<strong><br \/>\n<\/strong><\/p>\n<\/div>\n<\/div>\n<div id=\"\" class=\"lsow-panel lsow-active\">\n<h1 class=\"lsow-panel-title\">Internacional<\/h1>\n<div class=\"lsow-panel-content\">\n<p><a class=\"title\" href=\"https:\/\/prnoticias.com\/2023\/05\/22\/carolina-orozco-analizara-la-economia-y-la-relacion-latinoamerica-ue\/\" target=\"_blank\" rel=\"noopener\" data-artpy=\"0\" data-author=\"prnoticias\">Carolina Orozco analizar\u00e1 la econom\u00eda y la relaci\u00f3n Latinoam\u00e9rica-UE<\/a>-prnoticias<br \/>\n<a href=\"https:\/\/www.google.com\/url?rct=j&amp;sa=t&amp;url=https:\/\/newsinamerica.com\/pdcc\/gerenciales\/2023\/henkel-promueve-la-diversidad-e-inclusion-en-los-entornos-laborales\/&amp;ct=ga&amp;cd=CAEYACoUMTIyNjIyNTM5NjIyODE3NzUzNzkyGTU5ZDc4MTcxMzZhMmQwMjg6ZXM6ZXM6RVM&amp;usg=AOvVaw23tYPdoIoEVgOOytM_O4Bv\" target=\"_blank\" rel=\"noopener\" data-saferedirecturl=\"https:\/\/www.google.com\/url?q=https:\/\/www.google.com\/url?rct%3Dj%26sa%3Dt%26url%3Dhttps:\/\/newsinamerica.com\/pdcc\/gerenciales\/2023\/henkel-promueve-la-diversidad-e-inclusion-en-los-entornos-laborales\/%26ct%3Dga%26cd%3DCAEYACoUMTIyNjIyNTM5NjIyODE3NzUzNzkyGTU5ZDc4MTcxMzZhMmQwMjg6ZXM6ZXM6RVM%26usg%3DAOvVaw23tYPdoIoEVgOOytM_O4Bv&amp;source=gmail&amp;ust=1684851470057000&amp;usg=AOvVaw3-eMJv3dkvbPzLmjtfcguW\">Henkel promueve la diversidad e inclusi\u00f3n en los entornos laborales-\u00a0<\/a><a>Peri\u00f3dico Digital Centroamericano y del Caribe<br \/>\n<\/a><a href=\"https:\/\/www.google.com\/url?rct=j&amp;sa=t&amp;url=https:\/\/es-us.finanzas.yahoo.com\/noticias\/mejores-chefs-mujeres-alta-cocina-gastronomia-restaurantes-233944634.html&amp;ct=ga&amp;cd=CAEYACoTOTEyNDM3NjE2MzYxMzc5ODc1ODIZYzAzNzJlYmMyZmVhZGE1OTplczplczpFUw&amp;usg=AOvVaw1FpHHrljE-r-LaekjGyoAe\" target=\"_blank\" rel=\"noopener\" data-saferedirecturl=\"https:\/\/www.google.com\/url?q=https:\/\/www.google.com\/url?rct%3Dj%26sa%3Dt%26url%3Dhttps:\/\/es-us.finanzas.yahoo.com\/noticias\/mejores-chefs-mujeres-alta-cocina-gastronomia-restaurantes-233944634.html%26ct%3Dga%26cd%3DCAEYACoTOTEyNDM3NjE2MzYxMzc5ODc1ODIZYzAzNzJlYmMyZmVhZGE1OTplczplczpFUw%26usg%3DAOvVaw1FpHHrljE-r-LaekjGyoAe&amp;source=gmail&amp;ust=1684851472649000&amp;usg=AOvVaw0Vz2stmoPaIHTM0yn8vR7O\">Por qu\u00e9 los grandes chefs son hombres si las mujeres son las que cocinan-\u00a0<\/a><a>Yahoo Finanzas<br \/>\n<\/a><a class=\"title\" href=\"https:\/\/www.infobae.com\/america\/agencias\/2023\/05\/22\/nawal-yousef-el-trabajo-en-el-campo-ha-empoderado-a-las-mujeres-palestinas\/\" target=\"_blank\" rel=\"noopener\" data-artpy=\"0\" data-author=\"Infobae\">Nawal Yousef: \u00abEl trabajo en el campo ha empoderado a las mujeres palestinas\u00bb<\/a>-infobae<a><br \/>\n<\/a><a href=\"https:\/\/www.google.com\/url?rct=j&amp;sa=t&amp;url=https:\/\/eldiariofeminista.info\/2023\/05\/20\/las-mujeres-ucranianas-rompen-las-normas-de-genero\/&amp;ct=ga&amp;cd=CAEYASoTNjMxNzAwOTg3NjM1OTE3MTcxNzIZNTlkNzgxNzEzNmEyZDAyODplczplczpFUw&amp;usg=AOvVaw2Tn2pBahnUH1THfLZCo-DS\" target=\"_blank\" rel=\"noopener\" data-saferedirecturl=\"https:\/\/www.google.com\/url?q=https:\/\/www.google.com\/url?rct%3Dj%26sa%3Dt%26url%3Dhttps:\/\/eldiariofeminista.info\/2023\/05\/20\/las-mujeres-ucranianas-rompen-las-normas-de-genero\/%26ct%3Dga%26cd%3DCAEYASoTNjMxNzAwOTg3NjM1OTE3MTcxNzIZNTlkNzgxNzEzNmEyZDAyODplczplczpFUw%26usg%3DAOvVaw2Tn2pBahnUH1THfLZCo-DS&amp;source=gmail&amp;ust=1684851469958000&amp;usg=AOvVaw2MlQNrDDr1V7q8G92TqDWi\">Las mujeres ucranianas rompen las normas de g\u00e9nero &#8211;<\/a><a>Diario Feminista<br \/>\n<\/a><a href=\"https:\/\/www.google.com\/url?rct=j&amp;sa=t&amp;url=https:\/\/colombia.unwomen.org\/es\/stories\/noticia\/2023\/05\/onu-mujeres-junto-al-gobierno-nacional-y-koica-visitaron-emprendimientos-de-mujeres-rurales-en-tumaco-narino&amp;ct=ga&amp;cd=CAEYASoUMTE0ODM2OTE0MjI4OTI4NTkyNjgyGTU5ZDc4MTcxMzZhMmQwMjg6ZXM6ZXM6RVM&amp;usg=AOvVaw16dImAjnWDiGX2OY-xeDfr\" target=\"_blank\" rel=\"noopener\" data-saferedirecturl=\"https:\/\/www.google.com\/url?q=https:\/\/www.google.com\/url?rct%3Dj%26sa%3Dt%26url%3Dhttps:\/\/colombia.unwomen.org\/es\/stories\/noticia\/2023\/05\/onu-mujeres-junto-al-gobierno-nacional-y-koica-visitaron-emprendimientos-de-mujeres-rurales-en-tumaco-narino%26ct%3Dga%26cd%3DCAEYASoUMTE0ODM2OTE0MjI4OTI4NTkyNjgyGTU5ZDc4MTcxMzZhMmQwMjg6ZXM6ZXM6RVM%26usg%3DAOvVaw16dImAjnWDiGX2OY-xeDfr&amp;source=gmail&amp;ust=1684851469930000&amp;usg=AOvVaw1zJwL1uwPogw9I8WplYBOE\">ONU Mujeres junto al Gobierno Nacional y Koica visitaron emprendimientos de mujeres &#8230;-\u00a0<\/a><a>ONU Mujeres en Colombia<br \/>\n<\/a><a href=\"https:\/\/www.google.com\/url?rct=j&amp;sa=t&amp;url=https:\/\/uchile.cl\/noticias\/205246\/prorrectora-mizala-participa-en-seminario-internacional&amp;ct=ga&amp;cd=CAEYACoUMTE0ODM2OTE0MjI4OTI4NTkyNjgyGTU5ZDc4MTcxMzZhMmQwMjg6ZXM6ZXM6RVM&amp;usg=AOvVaw2zIUOg1pqgySoK-xHhASaZ\" target=\"_blank\" rel=\"noopener\" data-saferedirecturl=\"https:\/\/www.google.com\/url?q=https:\/\/www.google.com\/url?rct%3Dj%26sa%3Dt%26url%3Dhttps:\/\/uchile.cl\/noticias\/205246\/prorrectora-mizala-participa-en-seminario-internacional%26ct%3Dga%26cd%3DCAEYACoUMTE0ODM2OTE0MjI4OTI4NTkyNjgyGTU5ZDc4MTcxMzZhMmQwMjg6ZXM6ZXM6RVM%26usg%3DAOvVaw2zIUOg1pqgySoK-xHhASaZ&amp;source=gmail&amp;ust=1684851469929000&amp;usg=AOvVaw0UyDYDlfY0NwTd7wdckO1i\">Acad\u00e9micas participan en seminario internacional sobre perspectiva de g\u00e9nero en la &#8230;-\u00a0<\/a><a>Universidad de Chile<br \/>\n<\/a><a href=\"https:\/\/www.google.com\/url?rct=j&amp;sa=t&amp;url=https:\/\/eldiariofeminista.info\/2023\/05\/21\/el-caso-de-me-too-universidad-la-red-de-solidaridad-de-victimas-de-violencia-de-genero-en-las-universidades\/&amp;ct=ga&amp;cd=CAEYASoUMTYzMzc4MzEwMDkwNTYyMTU2MzgyGTU5ZDc4MTcxMzZhMmQwMjg6ZXM6ZXM6RVM&amp;usg=AOvVaw2CBp7hE2raOpXU3JEWxrgc\" target=\"_blank\" rel=\"noopener\" data-saferedirecturl=\"https:\/\/www.google.com\/url?q=https:\/\/www.google.com\/url?rct%3Dj%26sa%3Dt%26url%3Dhttps:\/\/eldiariofeminista.info\/2023\/05\/21\/el-caso-de-me-too-universidad-la-red-de-solidaridad-de-victimas-de-violencia-de-genero-en-las-universidades\/%26ct%3Dga%26cd%3DCAEYASoUMTYzMzc4MzEwMDkwNTYyMTU2MzgyGTU5ZDc4MTcxMzZhMmQwMjg6ZXM6ZXM6RVM%26usg%3DAOvVaw2CBp7hE2raOpXU3JEWxrgc&amp;source=gmail&amp;ust=1684851470087000&amp;usg=AOvVaw1agq41K1N4hkZPdHdUHlPU\">El caso de Me Too Universidad. La red de solidaridad de v\u00edctimas de violencia de g\u00e9nero &#8230;-\u00a0<\/a><a>Diario Feminista<br \/>\n<\/a><a href=\"https:\/\/elpais.com\/cultura\/2023-05-22\/natalie-portman-nunca-hemos-visto-en-pantalla-todas-las-versiones-posibles-de-la-mujer.html\">Natalie Portman: \u201cNunca hemos visto en pantalla todas las versiones posibles de la mujer\u201d<\/a>-elpais<\/p>\n<\/div>\n<\/div>\n<\/div><\/div><\/div><\/div><\/div>\n","protected":false},"excerpt":{"rendered":"<p>Espa\u00f1a empeora los Objetivos de Desarrollo Sostenible en 2,1 mill. de personas en situaci\u00f3n de pobreza * El 70 % de las sentencias por violencia sexual que se dictan en Espa\u00f1a afectan a menores * La catedr\u00e1tica en IA Asunci\u00f3n G\u00f3mez * P\u00e9rez ingresa en la RAE * Mar\u00eda P\u00e9rez bate el r\u00e9cord mundial de marcha<\/p>\n","protected":false},"author":3,"featured_media":22909,"comment_status":"closed","ping_status":"closed","sticky":false,"template":"","format":"standard","meta":{"footnotes":""},"categories":[298,621],"tags":[263,176],"class_list":["post-19958","post","type-post","status-publish","format-standard","has-post-thumbnail","hentry","category-newsletter","category-nwl-3-0","tag-feminizacion-de-la-pobreza","tag-violencia-sexual"],"yoast_head":"<!-- This site is optimized with the Yoast SEO plugin v27.5 - https:\/\/yoast.com\/product\/yoast-seo-wordpress\/ -->\n<title>Noticias Info CKL n\u00ba 2793-22\/05\/23-Comunicar con perspectiva de g\u00e9nero<\/title>\n<meta name=\"description\" content=\"Noticias Info CKL n\u00ba 2793-22\/05\/23 Espa\u00f1a empeora los Objetivos de Desarrollo Sostenible en 2,1 mill. de personas en situaci\u00f3n de pobreza * El 70 % de las sentencias por violencia sexual que se dictan en Espa\u00f1a afectan a menores * La catedr\u00e1tica en IA Asunci\u00f3n G\u00f3mez * P\u00e9rez ingresa en la RAE * Mar\u00eda P\u00e9rez bate el r\u00e9cord mundial de marcha\" \/>\n<meta name=\"robots\" content=\"index, follow, max-snippet:-1, max-image-preview:large, max-video-preview:-1\" \/>\n<link rel=\"canonical\" href=\"https:\/\/cklcomunicaciones.es\/coop\/noticias-info-ckl-no-2793-22-05-23\/\" \/>\n<meta property=\"og:locale\" content=\"es_ES\" \/>\n<meta property=\"og:type\" content=\"article\" \/>\n<meta property=\"og:title\" content=\"Noticias Info CKL n\u00ba 2793-22\/05\/23-Comunicar con perspectiva de g\u00e9nero\" \/>\n<meta property=\"og:description\" content=\"Noticias Info CKL n\u00ba 2793-22\/05\/23 Espa\u00f1a empeora los Objetivos de Desarrollo Sostenible en 2,1 mill. de personas en situaci\u00f3n de pobreza * El 70 % de las sentencias por violencia sexual que se dictan en Espa\u00f1a afectan a menores * La catedr\u00e1tica en IA Asunci\u00f3n G\u00f3mez * P\u00e9rez ingresa en la RAE * Mar\u00eda P\u00e9rez bate el r\u00e9cord mundial de marcha\" \/>\n<meta property=\"og:url\" content=\"https:\/\/cklcomunicaciones.es\/coop\/noticias-info-ckl-no-2793-22-05-23\/\" \/>\n<meta property=\"og:site_name\" content=\"CKL Comunicaciones\" \/>\n<meta property=\"article:published_time\" content=\"2023-05-22T18:01:05+00:00\" \/>\n<meta property=\"article:modified_time\" content=\"2025-02-08T10:27:04+00:00\" \/>\n<meta property=\"og:image\" content=\"https:\/\/cklcomunicaciones.es\/coop\/wp-content\/uploads\/2025\/01\/CKL-una-mirada-distinta-de-la-comunicacion.jpg\" \/>\n\t<meta property=\"og:image:width\" content=\"1482\" \/>\n\t<meta property=\"og:image:height\" content=\"775\" \/>\n\t<meta property=\"og:image:type\" content=\"image\/jpeg\" \/>\n<meta name=\"author\" content=\"ckl\" \/>\n<meta name=\"twitter:card\" content=\"summary_large_image\" \/>\n<meta name=\"twitter:label1\" content=\"Escrito por\" \/>\n\t<meta name=\"twitter:data1\" content=\"ckl\" \/>\n\t<meta name=\"twitter:label2\" content=\"Tiempo de lectura\" \/>\n\t<meta name=\"twitter:data2\" content=\"7 minutos\" \/>\n<script type=\"application\/ld+json\" class=\"yoast-schema-graph\">{\"@context\":\"https:\\\/\\\/schema.org\",\"@graph\":[{\"@type\":\"Article\",\"@id\":\"https:\\\/\\\/cklcomunicaciones.es\\\/coop\\\/noticias-info-ckl-no-2793-22-05-23\\\/#article\",\"isPartOf\":{\"@id\":\"https:\\\/\\\/cklcomunicaciones.es\\\/coop\\\/noticias-info-ckl-no-2793-22-05-23\\\/\"},\"author\":{\"name\":\"ckl\",\"@id\":\"https:\\\/\\\/cklcomunicaciones.es\\\/coop\\\/#\\\/schema\\\/person\\\/929a6837f7626450bbb50cee1aef266e\"},\"headline\":\"Noticias Info CKL n\u00ba 2793-22\\\/05\\\/23\",\"datePublished\":\"2023-05-22T18:01:05+00:00\",\"dateModified\":\"2025-02-08T10:27:04+00:00\",\"mainEntityOfPage\":{\"@id\":\"https:\\\/\\\/cklcomunicaciones.es\\\/coop\\\/noticias-info-ckl-no-2793-22-05-23\\\/\"},\"wordCount\":1369,\"image\":{\"@id\":\"https:\\\/\\\/cklcomunicaciones.es\\\/coop\\\/noticias-info-ckl-no-2793-22-05-23\\\/#primaryimage\"},\"thumbnailUrl\":\"https:\\\/\\\/cklcomunicaciones.es\\\/coop\\\/wp-content\\\/uploads\\\/2025\\\/01\\\/CKL-una-mirada-distinta-de-la-comunicacion.jpg\",\"keywords\":[\"feminizaci\u00f3n de la pobreza\",\"violencia sexual\"],\"articleSection\":[\"Newsletter\",\"Nwl v3.0\"],\"inLanguage\":\"es\"},{\"@type\":\"WebPage\",\"@id\":\"https:\\\/\\\/cklcomunicaciones.es\\\/coop\\\/noticias-info-ckl-no-2793-22-05-23\\\/\",\"url\":\"https:\\\/\\\/cklcomunicaciones.es\\\/coop\\\/noticias-info-ckl-no-2793-22-05-23\\\/\",\"name\":\"Noticias Info CKL n\u00ba 2793-22\\\/05\\\/23-Comunicar con perspectiva de g\u00e9nero\",\"isPartOf\":{\"@id\":\"https:\\\/\\\/cklcomunicaciones.es\\\/coop\\\/#website\"},\"primaryImageOfPage\":{\"@id\":\"https:\\\/\\\/cklcomunicaciones.es\\\/coop\\\/noticias-info-ckl-no-2793-22-05-23\\\/#primaryimage\"},\"image\":{\"@id\":\"https:\\\/\\\/cklcomunicaciones.es\\\/coop\\\/noticias-info-ckl-no-2793-22-05-23\\\/#primaryimage\"},\"thumbnailUrl\":\"https:\\\/\\\/cklcomunicaciones.es\\\/coop\\\/wp-content\\\/uploads\\\/2025\\\/01\\\/CKL-una-mirada-distinta-de-la-comunicacion.jpg\",\"datePublished\":\"2023-05-22T18:01:05+00:00\",\"dateModified\":\"2025-02-08T10:27:04+00:00\",\"author\":{\"@id\":\"https:\\\/\\\/cklcomunicaciones.es\\\/coop\\\/#\\\/schema\\\/person\\\/929a6837f7626450bbb50cee1aef266e\"},\"description\":\"Noticias Info CKL n\u00ba 2793-22\\\/05\\\/23 Espa\u00f1a empeora los Objetivos de Desarrollo Sostenible en 2,1 mill. de personas en situaci\u00f3n de pobreza * El 70 % de las sentencias por violencia sexual que se dictan en Espa\u00f1a afectan a menores * La catedr\u00e1tica en IA Asunci\u00f3n G\u00f3mez * P\u00e9rez ingresa en la RAE * Mar\u00eda P\u00e9rez bate el r\u00e9cord mundial de marcha\",\"breadcrumb\":{\"@id\":\"https:\\\/\\\/cklcomunicaciones.es\\\/coop\\\/noticias-info-ckl-no-2793-22-05-23\\\/#breadcrumb\"},\"inLanguage\":\"es\",\"potentialAction\":[{\"@type\":\"ReadAction\",\"target\":[\"https:\\\/\\\/cklcomunicaciones.es\\\/coop\\\/noticias-info-ckl-no-2793-22-05-23\\\/\"]}]},{\"@type\":\"ImageObject\",\"inLanguage\":\"es\",\"@id\":\"https:\\\/\\\/cklcomunicaciones.es\\\/coop\\\/noticias-info-ckl-no-2793-22-05-23\\\/#primaryimage\",\"url\":\"https:\\\/\\\/cklcomunicaciones.es\\\/coop\\\/wp-content\\\/uploads\\\/2025\\\/01\\\/CKL-una-mirada-distinta-de-la-comunicacion.jpg\",\"contentUrl\":\"https:\\\/\\\/cklcomunicaciones.es\\\/coop\\\/wp-content\\\/uploads\\\/2025\\\/01\\\/CKL-una-mirada-distinta-de-la-comunicacion.jpg\",\"width\":1482,\"height\":775,\"caption\":\"CKL - una mirada distinta de la comunicacion\"},{\"@type\":\"BreadcrumbList\",\"@id\":\"https:\\\/\\\/cklcomunicaciones.es\\\/coop\\\/noticias-info-ckl-no-2793-22-05-23\\\/#breadcrumb\",\"itemListElement\":[{\"@type\":\"ListItem\",\"position\":1,\"name\":\"Portada\",\"item\":\"https:\\\/\\\/cklcomunicaciones.es\\\/coop\\\/\"},{\"@type\":\"ListItem\",\"position\":2,\"name\":\"Noticias Info CKL n\u00ba 2793-22\\\/05\\\/23\"}]},{\"@type\":\"WebSite\",\"@id\":\"https:\\\/\\\/cklcomunicaciones.es\\\/coop\\\/#website\",\"url\":\"https:\\\/\\\/cklcomunicaciones.es\\\/coop\\\/\",\"name\":\"CKL Comunicaciones\",\"description\":\"Sitio web de CKL Comunicaciones coop , la consultora de comunicaci\u00f3n y estrategia\",\"potentialAction\":[{\"@type\":\"SearchAction\",\"target\":{\"@type\":\"EntryPoint\",\"urlTemplate\":\"https:\\\/\\\/cklcomunicaciones.es\\\/coop\\\/?s={search_term_string}\"},\"query-input\":{\"@type\":\"PropertyValueSpecification\",\"valueRequired\":true,\"valueName\":\"search_term_string\"}}],\"inLanguage\":\"es\"},{\"@type\":\"Person\",\"@id\":\"https:\\\/\\\/cklcomunicaciones.es\\\/coop\\\/#\\\/schema\\\/person\\\/929a6837f7626450bbb50cee1aef266e\",\"name\":\"ckl\",\"image\":{\"@type\":\"ImageObject\",\"inLanguage\":\"es\",\"@id\":\"https:\\\/\\\/secure.gravatar.com\\\/avatar\\\/c82db564e8a669bf6023357a157b9dc4780f4d4c618f2ad1d71a6a5dede45057?s=96&d=mm&r=g\",\"url\":\"https:\\\/\\\/secure.gravatar.com\\\/avatar\\\/c82db564e8a669bf6023357a157b9dc4780f4d4c618f2ad1d71a6a5dede45057?s=96&d=mm&r=g\",\"contentUrl\":\"https:\\\/\\\/secure.gravatar.com\\\/avatar\\\/c82db564e8a669bf6023357a157b9dc4780f4d4c618f2ad1d71a6a5dede45057?s=96&d=mm&r=g\",\"caption\":\"ckl\"},\"url\":\"https:\\\/\\\/cklcomunicaciones.es\\\/coop\\\/author\\\/cklcomunicaciones\\\/\"}]}<\/script>\n<!-- \/ Yoast SEO plugin. -->","yoast_head_json":{"title":"Noticias Info CKL n\u00ba 2793-22\/05\/23-Comunicar con perspectiva de g\u00e9nero","description":"Noticias Info CKL n\u00ba 2793-22\/05\/23 Espa\u00f1a empeora los Objetivos de Desarrollo Sostenible en 2,1 mill. de personas en situaci\u00f3n de pobreza * El 70 % de las sentencias por violencia sexual que se dictan en Espa\u00f1a afectan a menores * La catedr\u00e1tica en IA Asunci\u00f3n G\u00f3mez * P\u00e9rez ingresa en la RAE * Mar\u00eda P\u00e9rez bate el r\u00e9cord mundial de marcha","robots":{"index":"index","follow":"follow","max-snippet":"max-snippet:-1","max-image-preview":"max-image-preview:large","max-video-preview":"max-video-preview:-1"},"canonical":"https:\/\/cklcomunicaciones.es\/coop\/noticias-info-ckl-no-2793-22-05-23\/","og_locale":"es_ES","og_type":"article","og_title":"Noticias Info CKL n\u00ba 2793-22\/05\/23-Comunicar con perspectiva de g\u00e9nero","og_description":"Noticias Info CKL n\u00ba 2793-22\/05\/23 Espa\u00f1a empeora los Objetivos de Desarrollo Sostenible en 2,1 mill. de personas en situaci\u00f3n de pobreza * El 70 % de las sentencias por violencia sexual que se dictan en Espa\u00f1a afectan a menores * La catedr\u00e1tica en IA Asunci\u00f3n G\u00f3mez * P\u00e9rez ingresa en la RAE * Mar\u00eda P\u00e9rez bate el r\u00e9cord mundial de marcha","og_url":"https:\/\/cklcomunicaciones.es\/coop\/noticias-info-ckl-no-2793-22-05-23\/","og_site_name":"CKL Comunicaciones","article_published_time":"2023-05-22T18:01:05+00:00","article_modified_time":"2025-02-08T10:27:04+00:00","og_image":[{"width":1482,"height":775,"url":"https:\/\/cklcomunicaciones.es\/coop\/wp-content\/uploads\/2025\/01\/CKL-una-mirada-distinta-de-la-comunicacion.jpg","type":"image\/jpeg"}],"author":"ckl","twitter_card":"summary_large_image","twitter_misc":{"Escrito por":"ckl","Tiempo de lectura":"7 minutos"},"schema":{"@context":"https:\/\/schema.org","@graph":[{"@type":"Article","@id":"https:\/\/cklcomunicaciones.es\/coop\/noticias-info-ckl-no-2793-22-05-23\/#article","isPartOf":{"@id":"https:\/\/cklcomunicaciones.es\/coop\/noticias-info-ckl-no-2793-22-05-23\/"},"author":{"name":"ckl","@id":"https:\/\/cklcomunicaciones.es\/coop\/#\/schema\/person\/929a6837f7626450bbb50cee1aef266e"},"headline":"Noticias Info CKL n\u00ba 2793-22\/05\/23","datePublished":"2023-05-22T18:01:05+00:00","dateModified":"2025-02-08T10:27:04+00:00","mainEntityOfPage":{"@id":"https:\/\/cklcomunicaciones.es\/coop\/noticias-info-ckl-no-2793-22-05-23\/"},"wordCount":1369,"image":{"@id":"https:\/\/cklcomunicaciones.es\/coop\/noticias-info-ckl-no-2793-22-05-23\/#primaryimage"},"thumbnailUrl":"https:\/\/cklcomunicaciones.es\/coop\/wp-content\/uploads\/2025\/01\/CKL-una-mirada-distinta-de-la-comunicacion.jpg","keywords":["feminizaci\u00f3n de la pobreza","violencia sexual"],"articleSection":["Newsletter","Nwl v3.0"],"inLanguage":"es"},{"@type":"WebPage","@id":"https:\/\/cklcomunicaciones.es\/coop\/noticias-info-ckl-no-2793-22-05-23\/","url":"https:\/\/cklcomunicaciones.es\/coop\/noticias-info-ckl-no-2793-22-05-23\/","name":"Noticias Info CKL n\u00ba 2793-22\/05\/23-Comunicar con perspectiva de g\u00e9nero","isPartOf":{"@id":"https:\/\/cklcomunicaciones.es\/coop\/#website"},"primaryImageOfPage":{"@id":"https:\/\/cklcomunicaciones.es\/coop\/noticias-info-ckl-no-2793-22-05-23\/#primaryimage"},"image":{"@id":"https:\/\/cklcomunicaciones.es\/coop\/noticias-info-ckl-no-2793-22-05-23\/#primaryimage"},"thumbnailUrl":"https:\/\/cklcomunicaciones.es\/coop\/wp-content\/uploads\/2025\/01\/CKL-una-mirada-distinta-de-la-comunicacion.jpg","datePublished":"2023-05-22T18:01:05+00:00","dateModified":"2025-02-08T10:27:04+00:00","author":{"@id":"https:\/\/cklcomunicaciones.es\/coop\/#\/schema\/person\/929a6837f7626450bbb50cee1aef266e"},"description":"Noticias Info CKL n\u00ba 2793-22\/05\/23 Espa\u00f1a empeora los Objetivos de Desarrollo Sostenible en 2,1 mill. de personas en situaci\u00f3n de pobreza * El 70 % de las sentencias por violencia sexual que se dictan en Espa\u00f1a afectan a menores * La catedr\u00e1tica en IA Asunci\u00f3n G\u00f3mez * P\u00e9rez ingresa en la RAE * Mar\u00eda P\u00e9rez bate el r\u00e9cord mundial de marcha","breadcrumb":{"@id":"https:\/\/cklcomunicaciones.es\/coop\/noticias-info-ckl-no-2793-22-05-23\/#breadcrumb"},"inLanguage":"es","potentialAction":[{"@type":"ReadAction","target":["https:\/\/cklcomunicaciones.es\/coop\/noticias-info-ckl-no-2793-22-05-23\/"]}]},{"@type":"ImageObject","inLanguage":"es","@id":"https:\/\/cklcomunicaciones.es\/coop\/noticias-info-ckl-no-2793-22-05-23\/#primaryimage","url":"https:\/\/cklcomunicaciones.es\/coop\/wp-content\/uploads\/2025\/01\/CKL-una-mirada-distinta-de-la-comunicacion.jpg","contentUrl":"https:\/\/cklcomunicaciones.es\/coop\/wp-content\/uploads\/2025\/01\/CKL-una-mirada-distinta-de-la-comunicacion.jpg","width":1482,"height":775,"caption":"CKL - una mirada distinta de la comunicacion"},{"@type":"BreadcrumbList","@id":"https:\/\/cklcomunicaciones.es\/coop\/noticias-info-ckl-no-2793-22-05-23\/#breadcrumb","itemListElement":[{"@type":"ListItem","position":1,"name":"Portada","item":"https:\/\/cklcomunicaciones.es\/coop\/"},{"@type":"ListItem","position":2,"name":"Noticias Info CKL n\u00ba 2793-22\/05\/23"}]},{"@type":"WebSite","@id":"https:\/\/cklcomunicaciones.es\/coop\/#website","url":"https:\/\/cklcomunicaciones.es\/coop\/","name":"CKL Comunicaciones","description":"Sitio web de CKL Comunicaciones coop , la consultora de comunicaci\u00f3n y estrategia","potentialAction":[{"@type":"SearchAction","target":{"@type":"EntryPoint","urlTemplate":"https:\/\/cklcomunicaciones.es\/coop\/?s={search_term_string}"},"query-input":{"@type":"PropertyValueSpecification","valueRequired":true,"valueName":"search_term_string"}}],"inLanguage":"es"},{"@type":"Person","@id":"https:\/\/cklcomunicaciones.es\/coop\/#\/schema\/person\/929a6837f7626450bbb50cee1aef266e","name":"ckl","image":{"@type":"ImageObject","inLanguage":"es","@id":"https:\/\/secure.gravatar.com\/avatar\/c82db564e8a669bf6023357a157b9dc4780f4d4c618f2ad1d71a6a5dede45057?s=96&d=mm&r=g","url":"https:\/\/secure.gravatar.com\/avatar\/c82db564e8a669bf6023357a157b9dc4780f4d4c618f2ad1d71a6a5dede45057?s=96&d=mm&r=g","contentUrl":"https:\/\/secure.gravatar.com\/avatar\/c82db564e8a669bf6023357a157b9dc4780f4d4c618f2ad1d71a6a5dede45057?s=96&d=mm&r=g","caption":"ckl"},"url":"https:\/\/cklcomunicaciones.es\/coop\/author\/cklcomunicaciones\/"}]}},"_links":{"self":[{"href":"https:\/\/cklcomunicaciones.es\/coop\/wp-json\/wp\/v2\/posts\/19958","targetHints":{"allow":["GET"]}}],"collection":[{"href":"https:\/\/cklcomunicaciones.es\/coop\/wp-json\/wp\/v2\/posts"}],"about":[{"href":"https:\/\/cklcomunicaciones.es\/coop\/wp-json\/wp\/v2\/types\/post"}],"author":[{"embeddable":true,"href":"https:\/\/cklcomunicaciones.es\/coop\/wp-json\/wp\/v2\/users\/3"}],"replies":[{"embeddable":true,"href":"https:\/\/cklcomunicaciones.es\/coop\/wp-json\/wp\/v2\/comments?post=19958"}],"version-history":[{"count":0,"href":"https:\/\/cklcomunicaciones.es\/coop\/wp-json\/wp\/v2\/posts\/19958\/revisions"}],"wp:featuredmedia":[{"embeddable":true,"href":"https:\/\/cklcomunicaciones.es\/coop\/wp-json\/wp\/v2\/media\/22909"}],"wp:attachment":[{"href":"https:\/\/cklcomunicaciones.es\/coop\/wp-json\/wp\/v2\/media?parent=19958"}],"wp:term":[{"taxonomy":"category","embeddable":true,"href":"https:\/\/cklcomunicaciones.es\/coop\/wp-json\/wp\/v2\/categories?post=19958"},{"taxonomy":"post_tag","embeddable":true,"href":"https:\/\/cklcomunicaciones.es\/coop\/wp-json\/wp\/v2\/tags?post=19958"}],"curies":[{"name":"wp","href":"https:\/\/api.w.org\/{rel}","templated":true}]}}