{"id":19940,"date":"2023-05-19T18:50:43","date_gmt":"2023-05-19T16:50:43","guid":{"rendered":"https:\/\/www.cklcomunicaciones.es\/?p=19940"},"modified":"2025-02-08T11:32:19","modified_gmt":"2025-02-08T10:32:19","slug":"noticias-info-ckl-no-2792-19-05-23","status":"publish","type":"post","link":"https:\/\/cklcomunicaciones.es\/coop\/noticias-info-ckl-no-2792-19-05-23\/","title":{"rendered":"Noticias Info CKL n\u00ba 2792-19\/05\/23"},"content":{"rendered":"<div class=\"fusion-fullwidth fullwidth-box fusion-builder-row-1 fusion-flex-container nonhundred-percent-fullwidth non-hundred-percent-height-scrolling\" style=\"--awb-border-radius-top-left:0px;--awb-border-radius-top-right:0px;--awb-border-radius-bottom-right:0px;--awb-border-radius-bottom-left:0px;--awb-flex-wrap:wrap;\" ><div class=\"fusion-builder-row fusion-row fusion-flex-align-items-flex-start fusion-flex-content-wrap\" style=\"max-width:1248px;margin-left: calc(-4% \/ 2 );margin-right: calc(-4% \/ 2 );\"><div class=\"fusion-layout-column fusion_builder_column fusion-builder-column-0 fusion_builder_column_1_1 1_1 fusion-flex-column\" style=\"--awb-bg-blend:overlay;--awb-bg-size:cover;--awb-width-large:100%;--awb-margin-top-large:0px;--awb-spacing-right-large:1.92%;--awb-margin-bottom-large:0px;--awb-spacing-left-large:1.92%;--awb-width-medium:100%;--awb-spacing-right-medium:1.92%;--awb-spacing-left-medium:1.92%;--awb-width-small:100%;--awb-spacing-right-small:1.92%;--awb-spacing-left-small:1.92%;\"><div class=\"fusion-column-wrapper fusion-flex-justify-content-flex-start fusion-content-layout-column\"><div class=\"fusion-text fusion-text-1\"><div id=\"\" class=\"lsow-panel lsow-active\">\n<h1 class=\"lsow-panel-title\">Convocatorias<\/h1>\n<div class=\"lsow-panel-content\">\n<ul>\n<li>Curso de formaci\u00f3n para personas voluntarias en materia de violencia de g\u00e9nero e intervenci\u00f3n con personas en contexto de prostituci\u00f3n y v\u00edctimas de trata. Asociaci\u00f3n Victoria Kent.\u00a020 horas.\u00a0<a href=\"https:\/\/forms.gle\/6UH4GNtXA3WAYgME6\" target=\"_blank\" rel=\"noopener\" data-saferedirecturl=\"https:\/\/www.google.com\/url?q=https:\/\/forms.gle\/6UH4GNtXA3WAYgME6&amp;source=gmail&amp;ust=1684593040716000&amp;usg=AOvVaw1A4Ev5BPwOW8XggESjpIi5\">Inscripciones<\/a>\u00a0(hasta el 17 de junio)<\/li>\n<li><a href=\"https:\/\/www.juntadeandalucia.es\/cultura\/caletras\/evento\/95422\/Aida%20R.%20Agraso%20presenta%20en%20Sevilla%20su%20novela%20'Media%20sangre'?utm_source=Sevilla&amp;utm_medium=16-05&amp;utm_campaign=AgendaCAL%3A_Aida_R._Agraso_presenta_en_Sevilla_su_novela_%27Media_sangre%27&amp;utm_content=texto&amp;utm_terms=evento\" target=\"_blank\" rel=\"noopener\" data-saferedirecturl=\"https:\/\/www.google.com\/url?q=https:\/\/www.juntadeandalucia.es\/cultura\/caletras\/evento\/95422\/Aida%2520R.%2520Agraso%2520presenta%2520en%2520Sevilla%2520su%2520novela%2520'Media%2520sangre'?utm_source%3DSevilla%26utm_medium%3D16-05%26utm_campaign%3DAgendaCAL%253A_Aida_R._Agraso_presenta_en_Sevilla_su_novela_%2527Media_sangre%2527%26utm_content%3Dtexto%26utm_terms%3Devento&amp;source=gmail&amp;ust=1684593040716000&amp;usg=AOvVaw0DPNBQhkSIvu3XNLJZMlDu\">Presentaci\u00f3n del libro \u2018Media sangre\u2019, de Aida R. Agraso<\/a>. Centro Andaluz de las Letras. 23 de mayo a las 19:30 h.<\/li>\n<li><a href=\"http:\/\/tresculturas.org\/actividad\/presentacion-del-libro-afganas-de-javier-ruiz-arevalo\/\" target=\"_blank\" rel=\"noopener\" data-saferedirecturl=\"https:\/\/www.google.com\/url?q=http:\/\/tresculturas.org\/actividad\/presentacion-del-libro-afganas-de-javier-ruiz-arevalo\/&amp;source=gmail&amp;ust=1684593040716000&amp;usg=AOvVaw1iGSZErmI-7Md7zfGXBb31\">Presentaci\u00f3n del libro `Afganas\u00b4, de Javier Ru\u00edz Ar\u00e9valo<\/a>. Fundaci\u00f3n Tres Culturas. 6 de junio a las 19:30 h.\u00a0<a href=\"https:\/\/www.eventbrite.es\/e\/entradas-presentacion-del-libro-afganas-de-javier-ruiz-arevalo-629227706007\" target=\"_blank\" rel=\"noopener\" data-saferedirecturl=\"https:\/\/www.google.com\/url?q=https:\/\/www.eventbrite.es\/e\/entradas-presentacion-del-libro-afganas-de-javier-ruiz-arevalo-629227706007&amp;source=gmail&amp;ust=1684593040717000&amp;usg=AOvVaw0ZTxXFMBf-95Pf9brNi0SM\">Inscripciones<\/a><\/li>\n<li><a href=\"http:\/\/www.juntadeandalucia.es\/iam\/catalogo\/doc\/convocatorias\/2023-genero\/SE-presentacion-libro-hilo-une-fundacionfulmen.jpg\" target=\"_blank\" rel=\"noopener prettyPhoto&#091;19940&#093;\" data-saferedirecturl=\"https:\/\/www.google.com\/url?q=http:\/\/www.juntadeandalucia.es\/iam\/catalogo\/doc\/convocatorias\/2023-genero\/SE-presentacion-libro-hilo-une-fundacionfulmen.jpg&amp;source=gmail&amp;ust=1684593040717000&amp;usg=AOvVaw3JpiMBI8-u-WGq4SeyP2hv\">Presentaci\u00f3n del libro \u2018El hilo que nos une\u2019, de Ana y Chon\u00edn Ruesga Navarro<\/a>. Fundaci\u00f3n Fulmen. 12 de junio a las 20:00 h.<\/li>\n<\/ul>\n<\/div>\n<\/div>\n<div id=\"\" class=\"lsow-panel lsow-active\">\n<h1 class=\"lsow-panel-title\">Comunicaci\u00f3n, Publicidad y TICs<\/h1>\n<div class=\"lsow-panel-content\">\n<p><a class=\"title\" href=\"https:\/\/www.diariodesevilla.es\/ocio\/Marta-Robles-literatura-prudencia-premio-factoria-creativa-ayuntamiento-la-rinconada_0_1793822612.html\" target=\"_blank\" rel=\"noopener\" data-artpy=\"0\" data-author=\"Diario de Sevilla\">Marta Robles, periodista: \u201cMe adentr\u00e9 en la literatura poco a poco por respeto y por prudencia\u201d-\u00a0<\/a>diariodesevilla<br \/>\n<a href=\"https:\/\/www.google.com\/url?rct=j&amp;sa=t&amp;url=https:\/\/toledodiario.es\/periodistas-de-toledodiario-es-y-de-eldiarioclm-es-estaran-en-el-i-ciclo-de-mujer-y-territorio\/&amp;ct=ga&amp;cd=CAEYAioUMTc5Mjk4OTA5MTkyOTk1NzI2MDcyGTU5ZDc4MTcxMzZhMmQwMjg6ZXM6ZXM6RVM&amp;usg=AOvVaw0Vhqc25XjLzeD6xEpxL0TJ\" target=\"_blank\" rel=\"noopener\" data-saferedirecturl=\"https:\/\/www.google.com\/url?q=https:\/\/www.google.com\/url?rct%3Dj%26sa%3Dt%26url%3Dhttps:\/\/toledodiario.es\/periodistas-de-toledodiario-es-y-de-eldiarioclm-es-estaran-en-el-i-ciclo-de-mujer-y-territorio\/%26ct%3Dga%26cd%3DCAEYAioUMTc5Mjk4OTA5MTkyOTk1NzI2MDcyGTU5ZDc4MTcxMzZhMmQwMjg6ZXM6ZXM6RVM%26usg%3DAOvVaw0Vhqc25XjLzeD6xEpxL0TJ&amp;source=gmail&amp;ust=1684592965257000&amp;usg=AOvVaw0fTZFgtP6ZBLsICjg52qdJ\">Periodistas de Toledodiario.es y de elDiarioclm.es estar\u00e1n en el I Ciclo de Mujer y Territorio-\u00a0<\/a><a>Toledodiario<br \/>\n<\/a><a href=\"https:\/\/www.google.com\/url?rct=j&amp;sa=t&amp;url=https:\/\/cvc.cervantes.es\/el_rinconete\/anteriores\/mayo_23\/18052023_01.htm&amp;ct=ga&amp;cd=CAEYAyoTOTkyOTYyMDM4MzQzMDQ5NjU1MzIZYzAzNzJlYmMyZmVhZGE1OTplczplczpFUw&amp;usg=AOvVaw0FACHK4dVzNxupT-zgtMpB\" target=\"_blank\" rel=\"noopener\" data-saferedirecturl=\"https:\/\/www.google.com\/url?q=https:\/\/www.google.com\/url?rct%3Dj%26sa%3Dt%26url%3Dhttps:\/\/cvc.cervantes.es\/el_rinconete\/anteriores\/mayo_23\/18052023_01.htm%26ct%3Dga%26cd%3DCAEYAyoTOTkyOTYyMDM4MzQzMDQ5NjU1MzIZYzAzNzJlYmMyZmVhZGE1OTplczplczpFUw%26usg%3DAOvVaw0FACHK4dVzNxupT-zgtMpB&amp;source=gmail&amp;ust=1684592970563000&amp;usg=AOvVaw3BBzjxRSDW-jRjPMcWFNXd\">Una forma de femenino en el limbo: testiga &#8211;\u00a0<\/a><a>Centro Virtual Cervantes<br \/>\n<\/a><a class=\"title\" href=\"https:\/\/panampost.com\/oriana-rivas\/2023\/05\/18\/nueva-campana-de-adidas\/\" target=\"_blank\" rel=\"noopener\" data-artpy=\"0\" data-author=\"PanAm Post\">La desagradable campa\u00f1a de Adidas: hombres en trajes de ba\u00f1o femeninos<\/a>-panampost<a><br \/>\n<\/a><a href=\"https:\/\/www.google.com\/url?rct=j&amp;sa=t&amp;url=https:\/\/www.sinembargo.mx\/17-05-2023\/4360938&amp;ct=ga&amp;cd=CAEYACoSNDU1ODU0OTkyNTkzNDI1NjIwMhllMWU3N2QxNTYwOThhOGUzOmVzOmVzOkVT&amp;usg=AOvVaw2XoGSVTcWYy8rNeu146MPX\" target=\"_blank\" rel=\"noopener\" data-saferedirecturl=\"https:\/\/www.google.com\/url?q=https:\/\/www.google.com\/url?rct%3Dj%26sa%3Dt%26url%3Dhttps:\/\/www.sinembargo.mx\/17-05-2023\/4360938%26ct%3Dga%26cd%3DCAEYACoSNDU1ODU0OTkyNTkzNDI1NjIwMhllMWU3N2QxNTYwOThhOGUzOmVzOmVzOkVT%26usg%3DAOvVaw2XoGSVTcWYy8rNeu146MPX&amp;source=gmail&amp;ust=1684592965012000&amp;usg=AOvVaw3vDiu07vwfDC_I53Jn-JGa\">La creaci\u00f3n de contenido \u00edntimo de mujeres con Inteligencia Artificial prende alertas-\u00a0<\/a><a>SinEmbargo MX<br \/>\n<\/a><a href=\"https:\/\/www.google.com\/url?rct=j&amp;sa=t&amp;url=https:\/\/www.eltiempo.com\/amp\/tecnosfera\/dispositivos\/google-eliminara-las-cuentas-inactivas-769126&amp;ct=ga&amp;cd=CAEYACoUMTU1ODA2Nzc0OTQ1MTQ1Mzg3NTYyGWUyZGVmYTdkNWRhOTE1N2Q6ZXM6ZXM6RVM&amp;usg=AOvVaw1cIL8EgZKRsdL5NT1Ml5AP\" target=\"_blank\" rel=\"noopener\" data-saferedirecturl=\"https:\/\/www.google.com\/url?q=https:\/\/www.google.com\/url?rct%3Dj%26sa%3Dt%26url%3Dhttps:\/\/www.eltiempo.com\/amp\/tecnosfera\/dispositivos\/google-eliminara-las-cuentas-inactivas-769126%26ct%3Dga%26cd%3DCAEYACoUMTU1ODA2Nzc0OTQ1MTQ1Mzg3NTYyGWUyZGVmYTdkNWRhOTE1N2Q6ZXM6ZXM6RVM%26usg%3DAOvVaw1cIL8EgZKRsdL5NT1Ml5AP&amp;source=gmail&amp;ust=1684592964712000&amp;usg=AOvVaw3Gd3l6uJIGfK5hKGSLQ6_h\">Google anuncia que eliminar\u00e1 todas las cuentas inactivas &#8211;\u00a0<\/a><a>El Tiempo<\/a><\/p>\n<\/div>\n<\/div>\n<div id=\"\" class=\"lsow-panel lsow-active\">\n<h1 class=\"lsow-panel-title\">Andaluc\u00eda<\/h1>\n<div class=\"lsow-panel-content\">\n<div class=\"source set_top\">\n<div data-priority=\"2\" aria-hidden=\"true\">\n<p><strong>Econom\u00eda y Empresa<br \/>\n<\/strong><a class=\"title\" href=\"https:\/\/www.msn.com\/es-es\/noticias\/espana\/andaluc%C3%ADa-incorpora-a-m%C3%A1s-de-300-matronas-en-atenci%C3%B3n-primaria-y-hospitalaria-desde-2019\/ar-AA1bm7xQ\" target=\"_blank\" rel=\"noopener\" data-artpy=\"0\" data-author=\"Europa Press on MSN\">Andaluc\u00eda incorpora a m\u00e1s de 300 matronas en Atenci\u00f3n Primaria y Hospitalaria desde 2019<\/a>-europapress<br \/>\n<a class=\"title\" href=\"https:\/\/www.diariodecadiz.es\/cadiz\/Teofila-Martinez-puertos-mujeres_0_1794421114.html\" target=\"_blank\" rel=\"noopener\" data-artpy=\"0\" data-author=\"Diario de C\u00e1diz\">Te\u00f3fila Mart\u00ednez afirma que los puertos deben ser tambi\u00e9n puerta de progreso para las mujeres-\u00a0<\/a>diariodecadiz<strong><br \/>\n<\/strong><a href=\"https:\/\/www.google.com\/url?rct=j&amp;sa=t&amp;url=https:\/\/www.lavozdealmeria.com\/noticia\/12\/almeria\/257013\/aje-pone-en-valor-el-talento-de-la-mujer-almeriense&amp;ct=ga&amp;cd=CAEYAioSMTM0MzA2OTk0MjQ0NzM0Mzc0MhljMDM3MmViYzJmZWFkYTU5OmVzOmVzOkVT&amp;usg=AOvVaw3BSUEttqxMik3QaWolS_wh\" target=\"_blank\" rel=\"noopener\" data-saferedirecturl=\"https:\/\/www.google.com\/url?q=https:\/\/www.google.com\/url?rct%3Dj%26sa%3Dt%26url%3Dhttps:\/\/www.lavozdealmeria.com\/noticia\/12\/almeria\/257013\/aje-pone-en-valor-el-talento-de-la-mujer-almeriense%26ct%3Dga%26cd%3DCAEYAioSMTM0MzA2OTk0MjQ0NzM0Mzc0MhljMDM3MmViYzJmZWFkYTU5OmVzOmVzOkVT%26usg%3DAOvVaw3BSUEttqxMik3QaWolS_wh&amp;source=gmail&amp;ust=1684592970466000&amp;usg=AOvVaw2JnCI0RSkFAftnMBFu537O\">AJE pone en valor el talento de la mujer almeriense &#8211;\u00a0<\/a><a>La Voz de Almer\u00eda<br \/>\n<\/a><a href=\"https:\/\/www.google.com\/url?rct=j&amp;sa=t&amp;url=https:\/\/www.injuve.es\/convocatorias\/becas\/subvenciones-proyectos-empresariales-jovenes-andaluces-programa-innovactiva-0&amp;ct=ga&amp;cd=CAEYACoUMTY4MzYyNDI3MTE5MjMzMzg4NTQyGWQ3OGU1ODc1YTBmMWYyYWM6ZXM6ZXM6RVM&amp;usg=AOvVaw29cBucmxXJIP5JPAJOpD9c\" target=\"_blank\" rel=\"noopener\" data-saferedirecturl=\"https:\/\/www.google.com\/url?q=https:\/\/www.google.com\/url?rct%3Dj%26sa%3Dt%26url%3Dhttps:\/\/www.injuve.es\/convocatorias\/becas\/subvenciones-proyectos-empresariales-jovenes-andaluces-programa-innovactiva-0%26ct%3Dga%26cd%3DCAEYACoUMTY4MzYyNDI3MTE5MjMzMzg4NTQyGWQ3OGU1ODc1YTBmMWYyYWM6ZXM6ZXM6RVM%26usg%3DAOvVaw29cBucmxXJIP5JPAJOpD9c&amp;source=gmail&amp;ust=1684592970888000&amp;usg=AOvVaw1yD6OxPWAW_LgY2fh5V_7s\">Subvenciones proyectos empresariales j\u00f3venes andaluces &#8216;Programa Innovactiva&#8217; &#8211;<\/a><a>Injuve<\/a><br \/>\n<a class=\"title\" href=\"https:\/\/www.cope.es\/actualidad\/espana\/noticias\/autonomos--ata-andalucia-diputacion-asesoraran-autonomos-para-mejorar-sus-prestaciones-20230518_2715915\" target=\"_blank\" rel=\"noopener\" data-artpy=\"0\" data-author=\"COPE\">ATA Andaluc\u00eda y Diputaci\u00f3n asesorar\u00e1n a aut\u00f3nomos para mejorar sus prestaciones-\u00a0<\/a><a>cope<br \/>\n<\/a><a class=\"title\" href=\"https:\/\/www.newtral.es\/economia-andalucia-pp-maria-guardiola-factcheck\/20230519\/\" target=\"_blank\" rel=\"noopener\" data-artpy=\"0\" data-author=\"newtral\">Andaluc\u00eda es la tercera econom\u00eda de Espa\u00f1a desde el a\u00f1o 2000<\/a>-newtral<a><br \/>\n<\/a><\/p>\n<p><strong>Actualidad<br \/>\n<\/strong><a href=\"https:\/\/www.google.com\/url?rct=j&amp;sa=t&amp;url=https:\/\/www.lanocion.es\/granada\/20230518\/diputacion-de-granada-edita-un-cuento-contra-9581.html&amp;ct=ga&amp;cd=CAEYACoUMTI4MjI1MzQ2ODYyODYzOTgyMTQyGWUyZGVmYTdkNWRhOTE1N2Q6ZXM6ZXM6RVM&amp;usg=AOvVaw2v4n7eFtx4_ACObNxuTiOG\" target=\"_blank\" rel=\"noopener\" data-saferedirecturl=\"https:\/\/www.google.com\/url?q=https:\/\/www.google.com\/url?rct%3Dj%26sa%3Dt%26url%3Dhttps:\/\/www.lanocion.es\/granada\/20230518\/diputacion-de-granada-edita-un-cuento-contra-9581.html%26ct%3Dga%26cd%3DCAEYACoUMTI4MjI1MzQ2ODYyODYzOTgyMTQyGWUyZGVmYTdkNWRhOTE1N2Q6ZXM6ZXM6RVM%26usg%3DAOvVaw2v4n7eFtx4_ACObNxuTiOG&amp;source=gmail&amp;ust=1684592964799000&amp;usg=AOvVaw3ePvYPefAn-BzkJHaLFfHN\">Diputaci\u00f3n de Granada edita un cuento contra la violencia de g\u00e9nero para distribuirlo &#8230; &#8211;\u00a0<\/a><a>La Noci\u00f3n<br \/>\n<\/a><a class=\"title\" href=\"https:\/\/www.granadahoy.com\/granada\/Teatro-Isabel-Catolica-Premio-Mariana_0_1794122044.html\" target=\"_blank\" rel=\"noopener\" data-artpy=\"0\" data-author=\"Granada Hoy\">Elisa P\u00e9rez Vera y el colectivo Amama, premios Mariana Pineda<\/a>-granadahoy<br \/>\n<a class=\"title\" href=\"https:\/\/www.diariodesevilla.es\/andalucia\/Andalucia-comunidad-nuevos-votantes-elecciones-2023_0_1792320846.html\" target=\"_blank\" rel=\"noopener\" data-artpy=\"0\" data-author=\"Diario de Sevilla\">Andaluc\u00eda es la comunidad que tiene m\u00e1s votantes nuevos en estas elecciones 2023<\/a>-diariodesevilla<a><br \/>\n<\/a><\/p>\n<p><strong>Violencias<br \/>\n<\/strong><a href=\"https:\/\/www.google.com\/url?rct=j&amp;sa=t&amp;url=https:\/\/diarioenfermero.es\/jornada-jaen-matronas-violencia-de-genero\/&amp;ct=ga&amp;cd=CAEYACoSOTQyNTM0ODM0MDE1NTE2MjYzMhk1OWQ3ODE3MTM2YTJkMDI4OmVzOmVzOkVT&amp;usg=AOvVaw0MC3YQV-E1KK-rzqKftyCS\" target=\"_blank\" rel=\"noopener\" data-saferedirecturl=\"https:\/\/www.google.com\/url?q=https:\/\/www.google.com\/url?rct%3Dj%26sa%3Dt%26url%3Dhttps:\/\/diarioenfermero.es\/jornada-jaen-matronas-violencia-de-genero\/%26ct%3Dga%26cd%3DCAEYACoSOTQyNTM0ODM0MDE1NTE2MjYzMhk1OWQ3ODE3MTM2YTJkMDI4OmVzOmVzOkVT%26usg%3DAOvVaw0MC3YQV-E1KK-rzqKftyCS&amp;source=gmail&amp;ust=1684592965438000&amp;usg=AOvVaw06KE1ILa8CAoPqwfbmh2kc\">Analizan el papel de la matrona en la sensibilizaci\u00f3n contra la violencia de g\u00e9nero en una &#8230;-\u00a0<\/a><a>Diario Enfermero<br \/>\n<\/a><a href=\"https:\/\/www.google.com\/url?rct=j&amp;sa=t&amp;url=http:\/\/www.andaluciasolidaria.org\/noticias\/item\/1848-famsi-renueva-las-iniciativas-relacionadas-con-la-trata-de-seres-humanos-en-los-municipios&amp;ct=ga&amp;cd=CAEYACoUMTA1OTA0NjI1NjUxNjEyNzE5NDUyGTRkYWU4MTYyZThhZjNlODg6ZXM6ZXM6RVM&amp;usg=AOvVaw2I62XiYVCd6FQw3xFjOX-8\" target=\"_blank\" rel=\"noopener\" data-saferedirecturl=\"https:\/\/www.google.com\/url?q=https:\/\/www.google.com\/url?rct%3Dj%26sa%3Dt%26url%3Dhttp:\/\/www.andaluciasolidaria.org\/noticias\/item\/1848-famsi-renueva-las-iniciativas-relacionadas-con-la-trata-de-seres-humanos-en-los-municipios%26ct%3Dga%26cd%3DCAEYACoUMTA1OTA0NjI1NjUxNjEyNzE5NDUyGTRkYWU4MTYyZThhZjNlODg6ZXM6ZXM6RVM%26usg%3DAOvVaw2I62XiYVCd6FQw3xFjOX-8&amp;source=gmail&amp;ust=1684592971703000&amp;usg=AOvVaw3FFKLrM6rxZ0R6LGOOSexO\">FAMSI renueva informaci\u00f3n e iniciativas locales para hacer frente a la trata de seres humanos-\u00a0<\/a><a>FAMSI<br \/>\n<\/a><a href=\"https:\/\/www.google.com\/url?rct=j&amp;sa=t&amp;url=https:\/\/www.europapress.es\/andalucia\/noticia-mujer-asesinada-torremolinos-malaga-septima-victima-mortal-violencia-genero-andalucia-2023-20230518164936.html&amp;ct=ga&amp;cd=CAEYASoTODUxMjQyMjE5Njc3Mjc0ODIzMzIbOWFiMWNkZDdlMzY2ZWYzODplczplczpFUzpS&amp;usg=AOvVaw1ZFNeGiuP0ivdXXcrcxUo2\" target=\"_blank\" rel=\"noopener\" data-saferedirecturl=\"https:\/\/www.google.com\/url?q=https:\/\/www.google.com\/url?rct%3Dj%26sa%3Dt%26url%3Dhttps:\/\/www.europapress.es\/andalucia\/noticia-mujer-asesinada-torremolinos-malaga-septima-victima-mortal-violencia-genero-andalucia-2023-20230518164936.html%26ct%3Dga%26cd%3DCAEYASoTODUxMjQyMjE5Njc3Mjc0ODIzMzIbOWFiMWNkZDdlMzY2ZWYzODplczplczpFUzpS%26usg%3DAOvVaw1ZFNeGiuP0ivdXXcrcxUo2&amp;source=gmail&amp;ust=1684592971573000&amp;usg=AOvVaw2M2kmMOBqfK2AtT-ZijUyO\">La mujer asesinada en Torremolinos (M\u00e1laga), s\u00e9ptima v\u00edctima mortal por violencia de g\u00e9nero en Andaluc\u00eda en 2023 &#8230;-\u00a0<\/a><a>Europa Press<br \/>\n<\/a><a class=\"title\" href=\"https:\/\/www.diariosigloxxi.com\/texto-ep\/mostrar\/20230519161841\/prision-tres-presuntos-autores-agresion-sexual-joven-puente-genil-cordoba\" target=\"_blank\" rel=\"noopener\" data-artpy=\"0\" data-author=\"Diario Siglo XXI\">A prisi\u00f3n los tres presuntos autores de la agresi\u00f3n sexual a una joven en Puente Genil (C\u00f3rdoba)<\/a>-diariosigloxxi<a><br \/>\n<\/a><\/p>\n<p><b>Ciencia y Cultura<br \/>\n<\/b><a href=\"https:\/\/www.google.com\/url?rct=j&amp;sa=t&amp;url=https:\/\/www.sspa.juntadeandalucia.es\/servicioandaluzdesalud\/todas-noticia\/una-ginecologa-del-hospital-de-antequera-participa-en-un-proyecto-de-cooperacion-internacional-en&amp;ct=ga&amp;cd=CAEYACoUMTc2ODMxMTIzNjAxNzM3NjI1NTIyGTU5ZDc4MTcxMzZhMmQwMjg6ZXM6ZXM6RVM&amp;usg=AOvVaw1V4G6T-yzQjM7fDAnytlCZ\" target=\"_blank\" rel=\"noopener\" data-saferedirecturl=\"https:\/\/www.google.com\/url?q=https:\/\/www.google.com\/url?rct%3Dj%26sa%3Dt%26url%3Dhttps:\/\/www.sspa.juntadeandalucia.es\/servicioandaluzdesalud\/todas-noticia\/una-ginecologa-del-hospital-de-antequera-participa-en-un-proyecto-de-cooperacion-internacional-en%26ct%3Dga%26cd%3DCAEYACoUMTc2ODMxMTIzNjAxNzM3NjI1NTIyGTU5ZDc4MTcxMzZhMmQwMjg6ZXM6ZXM6RVM%26usg%3DAOvVaw1V4G6T-yzQjM7fDAnytlCZ&amp;source=gmail&amp;ust=1684592965459000&amp;usg=AOvVaw2Cis9MtfR9WlW-7-XlCHgp\">La ginec\u00f3loga del Hospital de Antequera, Paula Guerrero, participa en un proyecto de cooperaci\u00f3n &#8230;-\u00a0<\/a><a>Junta de Andaluc\u00eda<br \/>\n<\/a><a class=\"title\" href=\"https:\/\/www.cope.es\/actualidad\/espana\/noticias\/biblioteca-andalucia-acoge-martes-presentacion-mal-olor-gracia-morales-20230519_2717807\" target=\"_blank\" rel=\"noopener\" data-artpy=\"0\" data-author=\"COPE\">La Biblioteca de Andaluc\u00eda acoge el martes la presentaci\u00f3n de &#8216;El mal olor&#8217; de Gracia Morales<\/a>-cope<br \/>\n<a class=\"title\" href=\"https:\/\/www.elsaltodiario.com\/cine\/fabienne-kanor-andalucia-ancestros-entrevista\" target=\"_blank\" rel=\"noopener\" data-artpy=\"0\" data-author=\"elsaltodiario\">Fabienne Kanor, cineasta, \u00abhasta Andaluc\u00eda me han tra\u00eddo mis ancestros\u201d<\/a>-elsaltodiario<br \/>\n<a class=\"title\" href=\"https:\/\/www.clarin.com\/cultura\/cordobesa-romina-berenice-recibio-premio-poesia-juan-ramon-jimenez_0_PMZ3XW92VA.html\" target=\"_blank\" rel=\"noopener\" data-artpy=\"0\" data-author=\"Clarin\">La argentina Romina Berenice recibi\u00f3 el Premio de Poes\u00eda Juan Ram\u00f3n Jim\u00e9nez<\/a>-clarin<br \/>\n<a class=\"title\" href=\"https:\/\/www.larazon.es\/andalucia\/ultimo-mes-vivir-cerca-nueva-york-lisette-model-helen-levitt-museo-thyssen-malaga_202305196463714d6cbd630001a49d8f.html\" target=\"_blank\" rel=\"noopener\" data-artpy=\"0\" data-author=\"La Raz\u00f3n Digital\">\u00daltimo mes para vivir de cerca el Nueva York de Lisette Model y Helen Levitt en el Museo Thyssen M\u00e1laga<\/a>-larazon<a><br \/>\n<\/a><\/p>\n<p><b><\/b><strong>Deporte<br \/>\n<\/strong><a class=\"title\" href=\"https:\/\/www.canalsur.es\/noticias\/deportes\/120-corredoras-participan-en-la-vuelta-ciclista-a-andalucia-femenina\/1933673.html\" target=\"_blank\" rel=\"noopener\" data-artpy=\"0\" data-author=\"canalsur\">120 corredoras participan en la Vuelta Ciclista a Andaluc\u00eda femenina<\/a>-canalsur<br \/>\n<a class=\"title\" href=\"https:\/\/andaluciainformacion.es\/jaen\/1267835\/acortando-distancia-sensibiliza-sobre-el-deporte-femenino-y-busca-la-igualdad\/\" target=\"_blank\" rel=\"noopener\" data-artpy=\"0\" data-author=\"Andaluc\u00eda Informaci\u00f3n\">&#8216;Acortando distancia&#8217; sensibiliza sobre el deporte femenino y busca la igualdad<\/a>-andaluciainformacion<strong><br \/>\n<\/strong><\/p>\n<\/div>\n<\/div>\n<\/div>\n<\/div>\n<div id=\"\" class=\"lsow-panel lsow-active\">\n<h1 class=\"lsow-panel-title\">Estado<\/h1>\n<div class=\"lsow-panel-content\">\n<p><strong>Institucional<br \/>\n<\/strong><a href=\"https:\/\/www.google.com\/url?rct=j&amp;sa=t&amp;url=https:\/\/www.moncloa.com\/2023\/05\/18\/igualdad-estudia-informar-victimas-violencia-machista-antecedentes-agresor-casos-como-malaga-1993164\/&amp;ct=ga&amp;cd=CAEYASoUMTc2OTY0MTgxNTk2MTA5MjU1MTMyGWUyZGVmYTdkNWRhOTE1N2Q6ZXM6ZXM6RVM&amp;usg=AOvVaw0VgYBrv3WtlR6hv4YZmd1e\" target=\"_blank\" rel=\"noopener\" data-saferedirecturl=\"https:\/\/www.google.com\/url?q=https:\/\/www.google.com\/url?rct%3Dj%26sa%3Dt%26url%3Dhttps:\/\/www.moncloa.com\/2023\/05\/18\/igualdad-estudia-informar-victimas-violencia-machista-antecedentes-agresor-casos-como-malaga-1993164\/%26ct%3Dga%26cd%3DCAEYASoUMTc2OTY0MTgxNTk2MTA5MjU1MTMyGWUyZGVmYTdkNWRhOTE1N2Q6ZXM6ZXM6RVM%26usg%3DAOvVaw0VgYBrv3WtlR6hv4YZmd1e&amp;source=gmail&amp;ust=1684592964828000&amp;usg=AOvVaw0pF67N5WrA50EgObd4HyqI\">Igualdad estudia informar a v\u00edctimas de violencia machista de los antecedentes de su &#8230; &#8211;\u00a0<\/a><a>Moncloa<br \/>\n<\/a><a href=\"https:\/\/www.google.com\/url?rct=j&amp;sa=t&amp;url=https:\/\/www.teleprensa.com\/articulo\/nacional-3\/yolanda-diaz-apoyaria-regularizacion-extraordinaria-miles-trabajadores-extranjeros-situacion-irregulares\/202305171720381475343.html&amp;ct=ga&amp;cd=CAEYAyoUMTAyNDMzMjkyNTkwNDQ4NTQxMzkyGWQ3OGU1ODc1YTBmMWYyYWM6ZXM6ZXM6RVM&amp;usg=AOvVaw14D_nciLkJIEbI8cIkcD00\" target=\"_blank\" rel=\"noopener\" data-saferedirecturl=\"https:\/\/www.google.com\/url?q=https:\/\/www.google.com\/url?rct%3Dj%26sa%3Dt%26url%3Dhttps:\/\/www.teleprensa.com\/articulo\/nacional-3\/yolanda-diaz-apoyaria-regularizacion-extraordinaria-miles-trabajadores-extranjeros-situacion-irregulares\/202305171720381475343.html%26ct%3Dga%26cd%3DCAEYAyoUMTAyNDMzMjkyNTkwNDQ4NTQxMzkyGWQ3OGU1ODc1YTBmMWYyYWM6ZXM6ZXM6RVM%26usg%3DAOvVaw14D_nciLkJIEbI8cIkcD00&amp;source=gmail&amp;ust=1684592970914000&amp;usg=AOvVaw3o_AajMNIuX1pHbL7Rx0T_\">Yolanda D\u00edaz apoyar\u00eda una regularizaci\u00f3n extraordinaria de \u00abmiles\u00bb de trabajadores&#8230; &#8211;\u00a0<\/a><a>Teleprensa<br \/>\n<\/a><a href=\"https:\/\/www.google.com\/url?rct=j&amp;sa=t&amp;url=https:\/\/www.acnur.org\/es-es\/noticias\/comunicados-de-prensa\/acnur-y-el-ministerio-de-asuntos-exteriores-union-europea-y&amp;ct=ga&amp;cd=CAEYACoTNjY4NjM3NTgzODkxMTk4MjU2MDIZNTlkNzgxNzEzNmEyZDAyODplczplczpFUw&amp;usg=AOvVaw1NkoGLFZaWhRv5MnfWLh3K\" target=\"_blank\" rel=\"noopener\" data-saferedirecturl=\"https:\/\/www.google.com\/url?q=https:\/\/www.google.com\/url?rct%3Dj%26sa%3Dt%26url%3Dhttps:\/\/www.acnur.org\/es-es\/noticias\/comunicados-de-prensa\/acnur-y-el-ministerio-de-asuntos-exteriores-union-europea-y%26ct%3Dga%26cd%3DCAEYACoTNjY4NjM3NTgzODkxMTk4MjU2MDIZNTlkNzgxNzEzNmEyZDAyODplczplczpFUw%26usg%3DAOvVaw1NkoGLFZaWhRv5MnfWLh3K&amp;source=gmail&amp;ust=1684600821884000&amp;usg=AOvVaw0pq5_shebn-jB5pB77DzbJ\">ACNUR y el Ministerio de Asuntos Exteriores, Uni\u00f3n Europea y Cooperaci\u00f3n organizan el primer foro con refugiados&#8230;-\u00a0<\/a><a>ACNUR<\/a><\/p>\n<p><strong>Institucional \u2013 CCAA<br \/>\n<\/strong><a href=\"https:\/\/www.google.com\/url?rct=j&amp;sa=t&amp;url=https:\/\/www.miciudadreal.es\/2023\/05\/18\/el-gobierno-de-castilla-la-mancha-convoca-ayudas-por-importe-de-103-000-para-la-investigacion-en-igualdad-y-estudios-de-genero\/&amp;ct=ga&amp;cd=CAEYAioUMTEzMzg3NzI5NzMxNzgzNzI5OTUyGWUyZGVmYTdkNWRhOTE1N2Q6ZXM6ZXM6RVM&amp;usg=AOvVaw3Ce6FpgJOY3dM1O3hUda2F\" target=\"_blank\" rel=\"noopener\" data-saferedirecturl=\"https:\/\/www.google.com\/url?q=https:\/\/www.google.com\/url?rct%3Dj%26sa%3Dt%26url%3Dhttps:\/\/www.miciudadreal.es\/2023\/05\/18\/el-gobierno-de-castilla-la-mancha-convoca-ayudas-por-importe-de-103-000-para-la-investigacion-en-igualdad-y-estudios-de-genero\/%26ct%3Dga%26cd%3DCAEYAioUMTEzMzg3NzI5NzMxNzgzNzI5OTUyGWUyZGVmYTdkNWRhOTE1N2Q6ZXM6ZXM6RVM%26usg%3DAOvVaw3Ce6FpgJOY3dM1O3hUda2F&amp;source=gmail&amp;ust=1684592964778000&amp;usg=AOvVaw1-yc86eH3pYE-bifsmnhRi\">Gobierno de Castilla-La Mancha convoca ayudas por importe de 103.000 para la investigaci\u00f3n en igualdad y estudios de g\u00e9nero&#8230;-\u00a0<\/a><a>MiCiudadReal<br \/>\n<\/a><a href=\"https:\/\/www.google.com\/url?rct=j&amp;sa=t&amp;url=https:\/\/www.elespanol.com\/quincemil\/articulos\/actualidad\/ley-de-igualdad-de-galicia-pionera-en-la-regulacion-de-la-sostenibilidad-social-empresarial&amp;ct=ga&amp;cd=CAEYACoTMTUyMDYwNzM4Nzc5MzA0NTY1MjIZZTFlNzdkMTU2MDk4YThlMzplczplczpFUw&amp;usg=AOvVaw1WW5WqyB_2odrHrmW6aMFB\" target=\"_blank\" rel=\"noopener\" data-saferedirecturl=\"https:\/\/www.google.com\/url?q=https:\/\/www.google.com\/url?rct%3Dj%26sa%3Dt%26url%3Dhttps:\/\/www.elespanol.com\/quincemil\/articulos\/actualidad\/ley-de-igualdad-de-galicia-pionera-en-la-regulacion-de-la-sostenibilidad-social-empresarial%26ct%3Dga%26cd%3DCAEYACoTMTUyMDYwNzM4Nzc5MzA0NTY1MjIZZTFlNzdkMTU2MDk4YThlMzplczplczpFUw%26usg%3DAOvVaw1WW5WqyB_2odrHrmW6aMFB&amp;source=gmail&amp;ust=1684592965210000&amp;usg=AOvVaw3thtEFaeMlZRhyT9xu1HTJ\">Ley de igualdad de Galicia: Pionera en la regulaci\u00f3n de la sostenibilidad social empresarial-\u00a0<\/a><a>El Espa\u00f1ol<br \/>\n<\/a><a class=\"title\" href=\"https:\/\/www.abc.es\/espana\/castilla-la-mancha\/cerca-empresarias-cientificas-participan-encuentro-med-fundacion-20230519122105-nt.html\" target=\"_blank\" rel=\"noopener\" data-artpy=\"0\" data-author=\"ABC\">Cerca de 80 empresarias y cient\u00edficas participan en el Encuentro MED de la Fundaci\u00f3n Globalcaja<\/a>-abc<br \/>\n<a class=\"title\" href=\"https:\/\/www.elestrechodigital.com\/2023\/05\/19\/la-mujer-en-el-sector-maritimo-presente-y-futuro\/\" target=\"_blank\" rel=\"noopener\" data-artpy=\"0\" data-author=\"elestrechodigital\">El Cluster Mar\u00edtimo de Cantabria organiza \u00abLa mujer en el sector mar\u00edtimo: presente y futuro\u201d<\/a>-elestrechodigital<br \/>\n<a class=\"title\" href=\"https:\/\/www.lne.es\/sociedad\/2023\/05\/19\/archivo-historico-saca-mujeres-documentos-87574107.html\" target=\"_blank\" rel=\"noopener\" data-artpy=\"0\" data-author=\"lne\">El Archivo Hist\u00f3rico de Asturias saca a las mujeres de sus documentos<\/a>-lanuevaespa\u00f1a<a><br \/>\n<\/a><\/p>\n<p><strong>Econom\u00eda y Empresa<br \/>\n<\/strong><a class=\"title\" title=\"Camille Greene, CEO de Campofr\u00edo Frescos: &quot;La participaci\u00f3n de la mujer en cargos directivos se asocia a un mayor compromiso social de las empresas&quot;\" href=\"https:\/\/www.20minutos.es\/mujer\/liderazgo\/camille-greene-ceo-campofrio-frescos-participacion-mujer-cargos-directivos-asocia-mayor-compromiso-social-empresas-5126127\/\" target=\"_blank\" rel=\"noopener\" data-artpy=\"0\" data-author=\"20 minutos\">Camille Greene, CEO de Campofr\u00edo Frescos: \u00abLa participaci\u00f3n de la mujer en cargos directivos se asocia a un mayor compromiso social de las<\/a>&#8230;-20minutos<br \/>\n<a class=\"title\" href=\"https:\/\/www.farodevigo.es\/cultura\/2023\/05\/19\/ana-valdovinos-directora-ticketmaster-espana-87596814.html\" target=\"_blank\" rel=\"noopener\" data-artpy=\"0\" data-author=\"Faro de Vigo\">Ana Valdovinos, directora de Ticketmaster Espa\u00f1a: \u00abLuchar contra la especulaci\u00f3n y el fraude es una prioridad para nosotros\u00bb-\u00a0<\/a>farodevigo<strong><br \/>\n<\/strong><a href=\"https:\/\/www.google.com\/url?rct=j&amp;sa=t&amp;url=https:\/\/www.fiscal.es\/web\/fiscal\/-\/la-fiscalia-analiza-la-perspectiva-de-genero-en-el-ambito-de-la-seguridad-y-salud-en-el-trabajo&amp;ct=ga&amp;cd=CAEYACoUMTY2NzMxMTEyOTg2NDMwODcxOTQyGTU5ZDc4MTcxMzZhMmQwMjg6ZXM6ZXM6RVM&amp;usg=AOvVaw2-5uCQRtpjYjQimU8TiExG\" target=\"_blank\" rel=\"noopener\" data-saferedirecturl=\"https:\/\/www.google.com\/url?q=https:\/\/www.google.com\/url?rct%3Dj%26sa%3Dt%26url%3Dhttps:\/\/www.fiscal.es\/web\/fiscal\/-\/la-fiscalia-analiza-la-perspectiva-de-genero-en-el-ambito-de-la-seguridad-y-salud-en-el-trabajo%26ct%3Dga%26cd%3DCAEYACoUMTY2NzMxMTEyOTg2NDMwODcxOTQyGTU5ZDc4MTcxMzZhMmQwMjg6ZXM6ZXM6RVM%26usg%3DAOvVaw2-5uCQRtpjYjQimU8TiExG&amp;source=gmail&amp;ust=1684592965335000&amp;usg=AOvVaw1y94aO0MysJK6WY9uDRASQ\">Fiscal\u00eda analiza la perspectiva de g\u00e9nero en el \u00e1mbito de la Seguridad y Salud en el Trabajo-\u00a0<\/a><a>Fiscal<br \/>\n<\/a><a href=\"https:\/\/www.google.com\/url?rct=j&amp;sa=t&amp;url=https:\/\/www.farodevigo.es\/economia\/2023\/05\/18\/inspectores-trabajo-denuncian-falta-medios-87538110.html&amp;ct=ga&amp;cd=CAEYACoUMTc4ODYzMzgxMjEzNTgzMjY4NTgyGzkxODg1N2NkNjBmOTc3NDg6ZXM6ZXM6RVM6TA&amp;usg=AOvVaw1kCFu5SjXkVXF49lv5OKH6\" target=\"_blank\" rel=\"noopener\" data-saferedirecturl=\"https:\/\/www.google.com\/url?q=https:\/\/www.google.com\/url?rct%3Dj%26sa%3Dt%26url%3Dhttps:\/\/www.farodevigo.es\/economia\/2023\/05\/18\/inspectores-trabajo-denuncian-falta-medios-87538110.html%26ct%3Dga%26cd%3DCAEYACoUMTc4ODYzMzgxMjEzNTgzMjY4NTgyGzkxODg1N2NkNjBmOTc3NDg6ZXM6ZXM6RVM6TA%26usg%3DAOvVaw1kCFu5SjXkVXF49lv5OKH6&amp;source=gmail&amp;ust=1684592965677000&amp;usg=AOvVaw2R5-TL-jV5jkQfTRG9GdMK\">Inspectores de Trabajo denuncian la falta de medios para la protecci\u00f3n de las empleadas de hogar-\u00a0<\/a><a>Faro de Vigo<\/a><\/p>\n<p><strong>Actualidad<br \/>\n<\/strong><a href=\"https:\/\/www.google.com\/url?rct=j&amp;sa=t&amp;url=https:\/\/cincodias.elpais.com\/cincodias\/2023\/05\/17\/legal\/1684340289_485398.html&amp;ct=ga&amp;cd=CAEYACoUMTI4Mzk1ODIzOTQ2Mjk3ODE0NTkyGWMwMzcyZWJjMmZlYWRhNTk6ZXM6ZXM6RVM&amp;usg=AOvVaw2vSmvFvbIOMXpDC-iAeJ40\" target=\"_blank\" rel=\"noopener\" data-saferedirecturl=\"https:\/\/www.google.com\/url?q=https:\/\/www.google.com\/url?rct%3Dj%26sa%3Dt%26url%3Dhttps:\/\/cincodias.elpais.com\/cincodias\/2023\/05\/17\/legal\/1684340289_485398.html%26ct%3Dga%26cd%3DCAEYACoUMTI4Mzk1ODIzOTQ2Mjk3ODE0NTkyGWMwMzcyZWJjMmZlYWRhNTk6ZXM6ZXM6RVM%26usg%3DAOvVaw2vSmvFvbIOMXpDC-iAeJ40&amp;source=gmail&amp;ust=1684592970516000&amp;usg=AOvVaw0tmAlzStdWdsfDD_AF14iu\">\u00a0Lajusticia aplica perspectiva de g\u00e9nero para reconocer una pensi\u00f3n sin el requisito de edad-<\/a><a>Cinco D\u00edas<br \/>\n<\/a><a href=\"https:\/\/www.google.com\/url?rct=j&amp;sa=t&amp;url=https:\/\/www.aecid.es\/es\/w\/jornada-presencial-en-madrid-genero-y-movilidad-humana&amp;ct=ga&amp;cd=CAEYACoTODMwMjQ4NDA3NTE5NTY2NzgzMjIZNTlkNzgxNzEzNmEyZDAyODplczplczpFUw&amp;usg=AOvVaw1Ira7PzbEo8tLtAevRpivw\" target=\"_blank\" rel=\"noopener\" data-saferedirecturl=\"https:\/\/www.google.com\/url?q=https:\/\/www.google.com\/url?rct%3Dj%26sa%3Dt%26url%3Dhttps:\/\/www.aecid.es\/es\/w\/jornada-presencial-en-madrid-genero-y-movilidad-humana%26ct%3Dga%26cd%3DCAEYACoTODMwMjQ4NDA3NTE5NTY2NzgzMjIZNTlkNzgxNzEzNmEyZDAyODplczplczpFUw%26usg%3DAOvVaw1Ira7PzbEo8tLtAevRpivw&amp;source=gmail&amp;ust=1684592965319000&amp;usg=AOvVaw0q0a4dtG_puwzsdEydITN0\">Jornada presencial en Madrid | G\u00e9nero y movilidad humana &#8211;\u00a0<\/a><a>AECID<br \/>\n<\/a><a href=\"https:\/\/www.google.com\/url?rct=j&amp;sa=t&amp;url=https:\/\/www.elmundo.es\/ciencia-y-salud\/salud\/2023\/05\/17\/6464f36f21efa0552c8b456e.html&amp;ct=ga&amp;cd=CAEYBCoTOTkyOTYyMDM4MzQzMDQ5NjU1MzIZYzAzNzJlYmMyZmVhZGE1OTplczplczpFUw&amp;usg=AOvVaw1cEczqgggorYuEuxpC-Zzk\" target=\"_blank\" rel=\"noopener\" data-saferedirecturl=\"https:\/\/www.google.com\/url?q=https:\/\/www.google.com\/url?rct%3Dj%26sa%3Dt%26url%3Dhttps:\/\/www.elmundo.es\/ciencia-y-salud\/salud\/2023\/05\/17\/6464f36f21efa0552c8b456e.html%26ct%3Dga%26cd%3DCAEYBCoTOTkyOTYyMDM4MzQzMDQ5NjU1MzIZYzAzNzJlYmMyZmVhZGE1OTplczplczpFUw%26usg%3DAOvVaw1cEczqgggorYuEuxpC-Zzk&amp;source=gmail&amp;ust=1684592970563000&amp;usg=AOvVaw1sH-K3AlLwxVjh3SoGS2S9\">Las mujeres est\u00e1n mejor protegidas frente a los cambios horarios por la maternidad &#8211;<\/a><a>El Mundo<br \/>\n<\/a><a href=\"https:\/\/www.google.com\/url?rct=j&amp;sa=t&amp;url=https:\/\/www.larazon.es\/cataluna\/efectos-secundarios-pacientes-cancer-mama-reducen-cuando-estan-acompanadas-otras-recuperadas_2023051964675a16ea3194000184ee2f.html&amp;ct=ga&amp;cd=CAEYBioUMTU1MDgwNzExNjYwMTEyNjMyNzcyGWMwMzcyZWJjMmZlYWRhNTk6ZXM6ZXM6RVM&amp;usg=AOvVaw0IHtQ7ilZnp52X18FjWTDj\" target=\"_blank\" rel=\"noopener\" data-saferedirecturl=\"https:\/\/www.google.com\/url?q=https:\/\/www.google.com\/url?rct%3Dj%26sa%3Dt%26url%3Dhttps:\/\/www.larazon.es\/cataluna\/efectos-secundarios-pacientes-cancer-mama-reducen-cuando-estan-acompanadas-otras-recuperadas_2023051964675a16ea3194000184ee2f.html%26ct%3Dga%26cd%3DCAEYBioUMTU1MDgwNzExNjYwMTEyNjMyNzcyGWMwMzcyZWJjMmZlYWRhNTk6ZXM6ZXM6RVM%26usg%3DAOvVaw0IHtQ7ilZnp52X18FjWTDj&amp;source=gmail&amp;ust=1684593031744000&amp;usg=AOvVaw0GCkBMs4PKm4Z8sdO9m-PW\">Los efectos secundarios en pacientes de c\u00e1ncer de mama se reducen cuando est\u00e1n &#8230;-\u00a0<\/a><a>La Raz\u00f3n<br \/>\n<\/a><a class=\"title\" href=\"https:\/\/www.lavanguardia.com\/lacontra\/20230519\/8977866\/louann-brizendine-cerebro-mujer-mejora-partir-mediana-edad.html\" target=\"_blank\" rel=\"noopener\" data-artpy=\"0\" data-author=\"La Vanguardia\">\u201cEl cerebro de la mujer mejora a partir de la mediana edad\u201d<\/a>-lavangardia<a><br \/>\n<\/a><\/p>\n<p><strong>Violencias<br \/>\n<\/strong><a href=\"https:\/\/www.google.com\/url?rct=j&amp;sa=t&amp;url=https:\/\/www.ceutaactualidad.com\/articulo\/otras-noticias\/sistema-viogen-supera-millones-valoraciones-riesgo-victimas-violencia-genero\/20230519123304169849.html&amp;ct=ga&amp;cd=CAEYAioUMTc2ODMxMTIzNjAxNzM3NjI1NTIyGTU5ZDc4MTcxMzZhMmQwMjg6ZXM6ZXM6RVM&amp;usg=AOvVaw22o2SX8Y1K9raMek21aCcU\" target=\"_blank\" rel=\"noopener\" data-saferedirecturl=\"https:\/\/www.google.com\/url?q=https:\/\/www.google.com\/url?rct%3Dj%26sa%3Dt%26url%3Dhttps:\/\/www.ceutaactualidad.com\/articulo\/otras-noticias\/sistema-viogen-supera-millones-valoraciones-riesgo-victimas-violencia-genero\/20230519123304169849.html%26ct%3Dga%26cd%3DCAEYAioUMTc2ODMxMTIzNjAxNzM3NjI1NTIyGTU5ZDc4MTcxMzZhMmQwMjg6ZXM6ZXM6RVM%26usg%3DAOvVaw22o2SX8Y1K9raMek21aCcU&amp;source=gmail&amp;ust=1684592965459000&amp;usg=AOvVaw2vZwE9QDEJ1gfecGRJJMP8\">El Sistema VioG\u00e9n supera los seis millones de valoraciones de riesgo a v\u00edctimas de violencia de g\u00e9nero&#8230;-<\/a><a>Ceuta Actualidad<br \/>\n<\/a><a href=\"https:\/\/www.google.com\/url?rct=j&amp;sa=t&amp;url=https:\/\/www.infobae.com\/espana\/2023\/05\/19\/estos-son-los-datos-de-violencia-machista-en-espana-31-mujeres-en-riesgo-extremo-y-1097-en-riesgo-alto\/&amp;ct=ga&amp;cd=CAEYACoUMTAwMTMxMjAxMjIzNTQzNjU1ODQyGWUyZGVmYTdkNWRhOTE1N2Q6ZXM6ZXM6RVM&amp;usg=AOvVaw0irCy_tVAgIZmwBip_4Y2P\" target=\"_blank\" rel=\"noopener\" data-saferedirecturl=\"https:\/\/www.google.com\/url?q=https:\/\/www.google.com\/url?rct%3Dj%26sa%3Dt%26url%3Dhttps:\/\/www.infobae.com\/espana\/2023\/05\/19\/estos-son-los-datos-de-violencia-machista-en-espana-31-mujeres-en-riesgo-extremo-y-1097-en-riesgo-alto\/%26ct%3Dga%26cd%3DCAEYACoUMTAwMTMxMjAxMjIzNTQzNjU1ODQyGWUyZGVmYTdkNWRhOTE1N2Q6ZXM6ZXM6RVM%26usg%3DAOvVaw0irCy_tVAgIZmwBip_4Y2P&amp;source=gmail&amp;ust=1684592964972000&amp;usg=AOvVaw3EX_8c728iQwDiC-BFspvy\">Estos son los datos de violencia machista en Espa\u00f1a: 31 mujeres en riesgo extremo y 1.097 &#8230;-\u00a0<\/a><a>Infobae<br \/>\n<\/a><a href=\"https:\/\/www.google.com\/url?rct=j&amp;sa=t&amp;url=https:\/\/www.antena3.com\/noticias\/sociedad\/webinar-violencia-genero-centros-secundaria-espana-organizado-fundacion-mutua-madrilena-antena-3-noticias_202305186465e112910a1b0001c4e748.html&amp;ct=ga&amp;cd=CAEYACoTNzg3Nzc5ODY0ODYzNDg1MTg3NzIZZTFlNzdkMTU2MDk4YThlMzplczplczpFUw&amp;usg=AOvVaw33JwKRpG8uuF09B5Yz4oDV\" target=\"_blank\" rel=\"noopener\" data-saferedirecturl=\"https:\/\/www.google.com\/url?q=https:\/\/www.google.com\/url?rct%3Dj%26sa%3Dt%26url%3Dhttps:\/\/www.antena3.com\/noticias\/sociedad\/webinar-violencia-genero-centros-secundaria-espana-organizado-fundacion-mutua-madrilena-antena-3-noticias_202305186465e112910a1b0001c4e748.html%26ct%3Dga%26cd%3DCAEYACoTNzg3Nzc5ODY0ODYzNDg1MTg3NzIZZTFlNzdkMTU2MDk4YThlMzplczplczpFUw%26usg%3DAOvVaw33JwKRpG8uuF09B5Yz4oDV&amp;source=gmail&amp;ust=1684592965070000&amp;usg=AOvVaw0CF68NtWsc6rD2G54hxZUW\">Webinar sobre\u00a0violencia de g\u00e9nero en los centros de secundaria de Espa\u00f1a organizado por Fundaci\u00f3n Mutua Madrile\u00f1a y Antena 3 &#8230;-\u00a0<\/a><a>Antena 3<\/a><a><br \/>\n<\/a><\/p>\n<p><strong>Ciencia y Cultura<br \/>\n<\/strong><a class=\"title\" href=\"https:\/\/www.msn.com\/es-es\/noticias\/espana\/la-lucha-judicial-de-cinco-ingenieras-de-valencia-para-que-en-su-colegio-haya-una-comisi%C3%B3n-de-la-mujer-nos-invisibilizan-y-diluyen\/ar-AA1boEVY\" target=\"_blank\" rel=\"noopener\" data-artpy=\"0\" data-author=\"EL PA\u00cdS on MSN\">La lucha judicial de cinco ingenieras de Valencia para que en su colegio haya una comisi\u00f3n de la mujer: \u00abNos invisibilizan y diluyen\u00bb<\/a>-elpais<strong><br \/>\n<\/strong><a href=\"https:\/\/www.google.com\/url?rct=j&amp;sa=t&amp;url=https:\/\/www.20minutos.es\/mujer\/mas-mujer\/mujeres-tendrias-conocer-tecnologia-5125839\/&amp;ct=ga&amp;cd=CAEYASoUMTU1MDgwNzExNjYwMTEyNjMyNzcyGWMwMzcyZWJjMmZlYWRhNTk6ZXM6ZXM6RVM&amp;usg=AOvVaw2l2D4QDwkxj4P9EJtOOG6d\" target=\"_blank\" rel=\"noopener\" data-saferedirecturl=\"https:\/\/www.google.com\/url?q=https:\/\/www.google.com\/url?rct%3Dj%26sa%3Dt%26url%3Dhttps:\/\/www.20minutos.es\/mujer\/mas-mujer\/mujeres-tendrias-conocer-tecnologia-5125839\/%26ct%3Dga%26cd%3DCAEYASoUMTU1MDgwNzExNjYwMTEyNjMyNzcyGWMwMzcyZWJjMmZlYWRhNTk6ZXM6ZXM6RVM%26usg%3DAOvVaw2l2D4QDwkxj4P9EJtOOG6d&amp;source=gmail&amp;ust=1684593031743000&amp;usg=AOvVaw2OEtrha1DLkv2SRibenx5b\">Mujeres que tendr\u00edas que conocer dentro del campo de la tecnolog\u00eda en Espa\u00f1a &#8211;\u00a0<\/a><a>20Minutos<\/a><strong><br \/>\n<\/strong><a href=\"https:\/\/www.google.com\/url?rct=j&amp;sa=t&amp;url=https:\/\/www.revistaalimentaria.es\/consumidora\/alimentacion-mujer\/la-relacion-entre-nutricion-y-sistema-inmunitario-investigadoras-csic&amp;ct=ga&amp;cd=CAEYACoUMTUxMDIzODMyNDg0OTg1OTE4NjcyGWMwMzcyZWJjMmZlYWRhNTk6ZXM6ZXM6RVM&amp;usg=AOvVaw3KBCUGykN-hmgDUlz3YnbC\" target=\"_blank\" rel=\"noopener\" data-saferedirecturl=\"https:\/\/www.google.com\/url?q=https:\/\/www.google.com\/url?rct%3Dj%26sa%3Dt%26url%3Dhttps:\/\/www.revistaalimentaria.es\/consumidora\/alimentacion-mujer\/la-relacion-entre-nutricion-y-sistema-inmunitario-investigadoras-csic%26ct%3Dga%26cd%3DCAEYACoUMTUxMDIzODMyNDg0OTg1OTE4NjcyGWMwMzcyZWJjMmZlYWRhNTk6ZXM6ZXM6RVM%26usg%3DAOvVaw3KBCUGykN-hmgDUlz3YnbC&amp;source=gmail&amp;ust=1684592970494000&amp;usg=AOvVaw2e8ywR5Pmj-tWQY90SnfVk\">La relaci\u00f3n entre la nutrici\u00f3n y el sistema inmunitario explicada por investigadoras del CSIC-\u00a0<\/a><a>Revista Alimentaria<br \/>\n<\/a><a class=\"title\" href=\"https:\/\/www.msn.com\/es-es\/noticias\/virales\/casia-de-constantinopla-podr%C3%ADa-ser-la-primera-mujer-compositora-de-la-historia\/ar-AA1boQKF\" target=\"_blank\" rel=\"noopener\" data-artpy=\"0\" data-author=\"P\u00fablico on MSN\">Casia de Constantinopla podr\u00eda ser la primera mujer compositora de la historia-\u00a0<\/a><a>publico<br \/>\n<\/a><a href=\"https:\/\/www.google.com\/url?rct=j&amp;sa=t&amp;url=https:\/\/www.diariodelaltoaragon.es\/noticias\/cultura\/2023\/05\/18\/aitana-sanchez-gijon-premio-luis-bunuel-del-festival-de-cine-de-huesca-1652459-daa.html&amp;ct=ga&amp;cd=CAEYAyoUMTExMTY3MTM3ODk1MjQ5MjQ2NDAyGWMwMzcyZWJjMmZlYWRhNTk6ZXM6ZXM6RVM&amp;usg=AOvVaw2flb0j-lfaheF-8tKAbQFu\" target=\"_blank\" rel=\"noopener\" data-saferedirecturl=\"https:\/\/www.google.com\/url?q=https:\/\/www.google.com\/url?rct%3Dj%26sa%3Dt%26url%3Dhttps:\/\/www.diariodelaltoaragon.es\/noticias\/cultura\/2023\/05\/18\/aitana-sanchez-gijon-premio-luis-bunuel-del-festival-de-cine-de-huesca-1652459-daa.html%26ct%3Dga%26cd%3DCAEYAyoUMTExMTY3MTM3ODk1MjQ5MjQ2NDAyGWMwMzcyZWJjMmZlYWRhNTk6ZXM6ZXM6RVM%26usg%3DAOvVaw2flb0j-lfaheF-8tKAbQFu&amp;source=gmail&amp;ust=1684592970554000&amp;usg=AOvVaw1ZcfzGIjpd32z6oWvWCo3Z\">Aitana S\u00e1nchez-Gij\u00f3n, premio Luis Bu\u00f1uel del Festival de Cine de Huesca-\u00a0<\/a><a>Diario del Alto Arag\u00f3n<br \/>\n<\/a><a href=\"https:\/\/www.google.com\/url?rct=j&amp;sa=t&amp;url=https:\/\/portalcomunicacion.uah.es\/diario-digital\/reportaje\/una-investigadora-de-la-uah-ha-editado-un-libro-centrado-en-el-papel-de-la-mujer-en-el-oriente-antiguo-y-medieval.html&amp;ct=ga&amp;cd=CAEYBSoUMTU1MDgwNzExNjYwMTEyNjMyNzcyGWMwMzcyZWJjMmZlYWRhNTk6ZXM6ZXM6RVM&amp;usg=AOvVaw0lYmC8HwMENQQZSz4whzsk\" target=\"_blank\" rel=\"noopener\" data-saferedirecturl=\"https:\/\/www.google.com\/url?q=https:\/\/www.google.com\/url?rct%3Dj%26sa%3Dt%26url%3Dhttps:\/\/portalcomunicacion.uah.es\/diario-digital\/reportaje\/una-investigadora-de-la-uah-ha-editado-un-libro-centrado-en-el-papel-de-la-mujer-en-el-oriente-antiguo-y-medieval.html%26ct%3Dga%26cd%3DCAEYBSoUMTU1MDgwNzExNjYwMTEyNjMyNzcyGWMwMzcyZWJjMmZlYWRhNTk6ZXM6ZXM6RVM%26usg%3DAOvVaw0lYmC8HwMENQQZSz4whzsk&amp;source=gmail&amp;ust=1684593031744000&amp;usg=AOvVaw0JzAjpQGnedDBR_azTyBve\">La investigadora de la UAH, Beatriz Noria Serrano, edita libro centrado en el papel de la mujer en el Oriente Antiguo&#8230; &#8211;\u00a0<\/a><a>Portal de comunicaci\u00f3n<br \/>\n<\/a><a class=\"title\" href=\"https:\/\/cadenaser.com\/aragon\/2023\/05\/19\/reinas-damas-y-senoras-da-visibilidad-a-la-historia-de-las-mujeres-de-los-primeros-reyes-de-aragon-radio-jaca-ser-pirineos\/\" target=\"_blank\" rel=\"noopener\" data-artpy=\"0\" data-author=\"Cadena SER\">\u00abReinas, damas y se\u00f1oras\u00bb da visibilidad a la historia de las mujeres de los primeros reyes de Arag\u00f3n<\/a>-ser<br \/>\n<a class=\"title\" href=\"https:\/\/www.msn.com\/es-es\/entretenimiento\/other\/grace-morales-los-aficionados-y-los-cr%C3%ADticos-despreciaban-el-blues-porque-era-una-m%C3%BAsica-relacionada-con-la-esclavitud\/ar-AA1boawP\" target=\"_blank\" rel=\"noopener\" data-artpy=\"0\" data-author=\"Voz Populi on MSN\">Grace Morales: \u201cLos aficionados y los cr\u00edticos despreciaban el blues porque era una m\u00fasica relacionada con la esclavitud\u201d<\/a>-vozpopuli<a><br \/>\n<\/a><\/p>\n<p><strong>Deporte<br \/>\n<\/strong><a href=\"https:\/\/www.google.com\/url?rct=j&amp;sa=t&amp;url=https:\/\/diariodeavisos.elespanol.com\/2023\/05\/ona-carbonell-anuncia-su-retirada\/&amp;ct=ga&amp;cd=CAEYAyoUMTEwMjM5NzEwOTIyNDEyMzk0NzcyGWUyZGVmYTdkNWRhOTE1N2Q6ZXM6ZXM6RVM&amp;usg=AOvVaw18eI87mh6Z0pvksZd0Kq_H\" target=\"_blank\" rel=\"noopener\" data-saferedirecturl=\"https:\/\/www.google.com\/url?q=https:\/\/www.google.com\/url?rct%3Dj%26sa%3Dt%26url%3Dhttps:\/\/diariodeavisos.elespanol.com\/2023\/05\/ona-carbonell-anuncia-su-retirada\/%26ct%3Dga%26cd%3DCAEYAyoUMTEwMjM5NzEwOTIyNDEyMzk0NzcyGWUyZGVmYTdkNWRhOTE1N2Q6ZXM6ZXM6RVM%26usg%3DAOvVaw18eI87mh6Z0pvksZd0Kq_H&amp;source=gmail&amp;ust=1684592964965000&amp;usg=AOvVaw0McNg17xICkcfcv1wkH4ox\">Ona Carbonell anuncia su retirada tras m\u00e1s de 20 a\u00f1os en la \u00e9lite &#8211;\u00a0<\/a><a>Diario de Avisos<br \/>\n<\/a><a class=\"title\" href=\"https:\/\/www.elperiodico.com\/es\/barcelona\/20230519\/colau-propone-barcelona-acoja-mundial-femenino-2031-87592896\" target=\"_blank\" rel=\"noopener\" data-artpy=\"0\" data-author=\"El Peri\u00f3dico\">Colau propone que Barcelona acoja el mundial de f\u00fatbol femenino en 2031<\/a>-elperiodico<br \/>\n<a class=\"title\" href=\"https:\/\/www.cmdsport.com\/multideporte\/actualidad-multideporte\/espana-lidera-crecimiento-del-mercado-europeo-patrocinio-deportivo\/\" target=\"_blank\" rel=\"noopener\" data-artpy=\"0\" data-author=\"cmdsport\">Espa\u00f1a lidera el crecimiento del mercado europeo de patrocinio deportivo<\/a>-cmdsport<br \/>\n<a href=\"https:\/\/elpais.com\/deportes\/2023-05-18\/eliud-kipchoge-premio-princesa-de-asturias-de-los-deportes.html\">Eliud Kipchoge, premio Princesa de Asturias de los Deportes 2023<\/a>-elpais<\/p>\n<\/div>\n<\/div>\n<div id=\"\" class=\"lsow-panel lsow-active\">\n<h1 class=\"lsow-panel-title\">Internacional<\/h1>\n<div class=\"lsow-panel-content\">\n<p><a class=\"title\" href=\"https:\/\/www.msn.com\/es-us\/noticias\/other\/lagarde-destaca-que-merkel-luch%C3%B3-por-una-europa-fuerte-y-unida\/ar-AA1bgqO8\" target=\"_blank\" rel=\"noopener\" data-artpy=\"0\" data-author=\"Agencia EFE on MSN\">Lagarde destaca que Merkel luch\u00f3 por \u00abuna Europa fuerte y unida\u00bb<\/a>-agenciaefe<br \/>\n<a href=\"https:\/\/www.google.com\/url?rct=j&amp;sa=t&amp;url=https:\/\/www.directemar.cl\/directemar\/dia-internacional-de-la-mujer-en-el-sector-maritimo-2023-movilizacion&amp;ct=ga&amp;cd=CAEYASoTMzI0NjQ5NzYzMjkyNzU0MDE0MjIZNTlkNzgxNzEzNmEyZDAyODplczplczpFUw&amp;usg=AOvVaw1dsSSeUtt2fv1y8cSJtUu4\" target=\"_blank\" rel=\"noopener\" data-saferedirecturl=\"https:\/\/www.google.com\/url?q=https:\/\/www.google.com\/url?rct%3Dj%26sa%3Dt%26url%3Dhttps:\/\/www.directemar.cl\/directemar\/dia-internacional-de-la-mujer-en-el-sector-maritimo-2023-movilizacion%26ct%3Dga%26cd%3DCAEYASoTMzI0NjQ5NzYzMjkyNzU0MDE0MjIZNTlkNzgxNzEzNmEyZDAyODplczplczpFUw%26usg%3DAOvVaw1dsSSeUtt2fv1y8cSJtUu4&amp;source=gmail&amp;ust=1684592965371000&amp;usg=AOvVaw2j56dJr_V8Mcs2u8ZAybD8\">D\u00eda Internacional de la Mujer en el Sector Mar\u00edtimo 2023: \u201cMovilizaci\u00f3n de redes para &#8230; &#8211;\u00a0<\/a><a>Directemar<br \/>\n<\/a><a class=\"title\" href=\"https:\/\/mercado.com.ar\/empresas-negocios\/la-brecha-salarial-es-mas-grande-en-el-caso-de-las-mujeres-latinas\/\" target=\"_blank\" rel=\"noopener\" data-artpy=\"0\" data-author=\"Mercado Digital\">La brecha salarial es m\u00e1s grande en el caso de las mujeres latinas<\/a>-mercadodigital<a><br \/>\n<\/a><a href=\"https:\/\/www.google.com\/url?rct=j&amp;sa=t&amp;url=https:\/\/www.lanacion.com.ar\/tecnologia\/como-funciona-la-chatbot-basada-en-inteligencia-artificial-que-la-onu-usara-para-asistir-a-victimas-nid17052023\/&amp;ct=ga&amp;cd=CAEYASoTMzc0NzM4NzIyNjg3MTg0ODc2ODIZZTJkZWZhN2Q1ZGE5MTU3ZDplczplczpFUw&amp;usg=AOvVaw3rRkoBlJdmlTzLaGSbHdmE\" target=\"_blank\" rel=\"noopener\" data-saferedirecturl=\"https:\/\/www.google.com\/url?q=https:\/\/www.google.com\/url?rct%3Dj%26sa%3Dt%26url%3Dhttps:\/\/www.lanacion.com.ar\/tecnologia\/como-funciona-la-chatbot-basada-en-inteligencia-artificial-que-la-onu-usara-para-asistir-a-victimas-nid17052023\/%26ct%3Dga%26cd%3DCAEYASoTMzc0NzM4NzIyNjg3MTg0ODc2ODIZZTJkZWZhN2Q1ZGE5MTU3ZDplczplczpFUw%26usg%3DAOvVaw3rRkoBlJdmlTzLaGSbHdmE&amp;source=gmail&amp;ust=1684592964686000&amp;usg=AOvVaw2TnbXLQIDK2BGJX59_GST0\">C\u00f3mo funciona la chatbot elegida por la ONU para asistir a v\u00edctimas de violencia de g\u00e9nero<b>&#8211;\u00a0<\/b><\/a><a>La Naci\u00f3n<br \/>\n<\/a><a href=\"https:\/\/www.google.com\/url?rct=j&amp;sa=t&amp;url=https:\/\/es.wired.com\/articulos\/maria-salguero-la-ingeniera-en-geofisica-que-creo-el-mapa-de-feminicidios-en-mexico&amp;ct=ga&amp;cd=CAEYACoTNjgyNjgxMDI3MTg2NTMxMDM5NDIZYzAzNzJlYmMyZmVhZGE1OTplczplczpFUw&amp;usg=AOvVaw1B7s62M40H5SPxKyQC9euG\" target=\"_blank\" rel=\"noopener\" data-saferedirecturl=\"https:\/\/www.google.com\/url?q=https:\/\/www.google.com\/url?rct%3Dj%26sa%3Dt%26url%3Dhttps:\/\/es.wired.com\/articulos\/maria-salguero-la-ingeniera-en-geofisica-que-creo-el-mapa-de-feminicidios-en-mexico%26ct%3Dga%26cd%3DCAEYACoTNjgyNjgxMDI3MTg2NTMxMDM5NDIZYzAzNzJlYmMyZmVhZGE1OTplczplczpFUw%26usg%3DAOvVaw1B7s62M40H5SPxKyQC9euG&amp;source=gmail&amp;ust=1684592970689000&amp;usg=AOvVaw1K_tmFZqQCnUXm5H6hL1I4\">Mar\u00eda Salguero, la ingeniera en geof\u00edsica que cre\u00f3 el Mapa de Feminicidios en M\u00e9xico-<\/a><a>WIRED<\/a><a><br \/>\n<\/a><a href=\"https:\/\/www.google.com\/url?rct=j&amp;sa=t&amp;url=https:\/\/es-mb.theepochtimes.com\/expertos-tres-mujeres-cientificas-pueden-tener-la-clave-sobre-el-origen-del-covid-19_1133742.html&amp;ct=ga&amp;cd=CAEYASoSMTM0MzA2OTk0MjQ0NzM0Mzc0MhljMDM3MmViYzJmZWFkYTU5OmVzOmVzOkVT&amp;usg=AOvVaw3yo8xcf4MiTVs9JLcWWG5K\" target=\"_blank\" rel=\"noopener\" data-saferedirecturl=\"https:\/\/www.google.com\/url?q=https:\/\/www.google.com\/url?rct%3Dj%26sa%3Dt%26url%3Dhttps:\/\/es-mb.theepochtimes.com\/expertos-tres-mujeres-cientificas-pueden-tener-la-clave-sobre-el-origen-del-covid-19_1133742.html%26ct%3Dga%26cd%3DCAEYASoSMTM0MzA2OTk0MjQ0NzM0Mzc0MhljMDM3MmViYzJmZWFkYTU5OmVzOmVzOkVT%26usg%3DAOvVaw3yo8xcf4MiTVs9JLcWWG5K&amp;source=gmail&amp;ust=1684592970466000&amp;usg=AOvVaw2dg7frUIerGy683Z1ess-o\">Tres cient\u00edficas pueden tener la clave sobre el origen del COVID-19-\u00a0<\/a><a>La Gran \u00c9poca<br \/>\n<\/a><a href=\"https:\/\/elpais.com\/ciencia\/2023-05-19\/christina-koch-la-primera-mujer-que-viajara-a-la-luna-cuando-les-decia-a-mis-maestras-que-queria-ser-astronauta-nadie-me-dijo-que-era-inalcanzable.html\">Christina Koch, la primera mujer que ir\u00e1 a la Luna: \u201cCuando dec\u00eda a mis maestras que quer\u00eda ser astronauta, no dijeron que era inalcanzable\u201d<\/a>-elpais<br \/>\n<a href=\"https:\/\/www.eldiario.es\/cultura\/jane-fonda-cuenta-director-pidio-acostase-ver-orgasmos-escena_1_10218745.html\">Jane Fonda cuenta que un director pidi\u00f3 que se acostase con \u00e9l para \u201cver c\u00f3mo eran\u201d sus orgasmos para una escena<\/a>-eldiario<a>\u00a0<\/a><\/p>\n<\/div>\n<\/div>\n<\/div><\/div><\/div><\/div><\/div>\n","protected":false},"excerpt":{"rendered":"<p>Sistema VioG\u00e9n supera en mayo los seis millones de valoraciones de riesgo a v\u00edctimas de violencia de g\u00e9nero * Mujeres que dirigen la tecnolog\u00eda en Espa\u00f1a * El cerebro de la mujer mejora a partir de la mediana edad * Ona Carbonell sale del agua con un palmares de leyenda, 92 medallas<\/p>\n","protected":false},"author":3,"featured_media":22909,"comment_status":"closed","ping_status":"closed","sticky":false,"template":"","format":"standard","meta":{"footnotes":""},"categories":[298,621],"tags":[304,96,123,109],"class_list":["post-19940","post","type-post","status-publish","format-standard","has-post-thumbnail","hentry","category-newsletter","category-nwl-3-0","tag-empleadas-hogar","tag-mujeres","tag-stem","tag-violencia-de-genero"],"yoast_head":"<!-- This site is optimized with the Yoast SEO plugin v27.5 - https:\/\/yoast.com\/product\/yoast-seo-wordpress\/ -->\n<title>Noticias Info CKL n\u00ba 2792-19\/05\/23-Comunicar con perspectiva de g\u00e9nero<\/title>\n<meta name=\"description\" content=\"Noticias Info CKL n\u00ba 2792-19\/05\/23 Sistema VioG\u00e9n supera en mayo los seis millones de valoraciones de riesgo a v\u00edctimas de violencia de g\u00e9nero * Mujeres que dirigen la tecnolog\u00eda en Espa\u00f1a * El cerebro de la mujer mejora a partir de la mediana edad * Ona Carbonell sale del agua con un palmares de leyenda, 92 medallas\" \/>\n<meta name=\"robots\" content=\"index, follow, max-snippet:-1, max-image-preview:large, max-video-preview:-1\" \/>\n<link rel=\"canonical\" href=\"https:\/\/cklcomunicaciones.es\/coop\/noticias-info-ckl-no-2792-19-05-23\/\" \/>\n<meta property=\"og:locale\" content=\"es_ES\" \/>\n<meta property=\"og:type\" content=\"article\" \/>\n<meta property=\"og:title\" content=\"Noticias Info CKL n\u00ba 2792-19\/05\/23-Comunicar con perspectiva de g\u00e9nero\" \/>\n<meta property=\"og:description\" content=\"Noticias Info CKL n\u00ba 2792-19\/05\/23 Sistema VioG\u00e9n supera en mayo los seis millones de valoraciones de riesgo a v\u00edctimas de violencia de g\u00e9nero * Mujeres que dirigen la tecnolog\u00eda en Espa\u00f1a * El cerebro de la mujer mejora a partir de la mediana edad * Ona Carbonell sale del agua con un palmares de leyenda, 92 medallas\" \/>\n<meta property=\"og:url\" content=\"https:\/\/cklcomunicaciones.es\/coop\/noticias-info-ckl-no-2792-19-05-23\/\" \/>\n<meta property=\"og:site_name\" content=\"CKL Comunicaciones\" \/>\n<meta property=\"article:published_time\" content=\"2023-05-19T16:50:43+00:00\" \/>\n<meta property=\"article:modified_time\" content=\"2025-02-08T10:32:19+00:00\" \/>\n<meta property=\"og:image\" content=\"https:\/\/cklcomunicaciones.es\/coop\/wp-content\/uploads\/2025\/01\/CKL-una-mirada-distinta-de-la-comunicacion.jpg\" \/>\n\t<meta property=\"og:image:width\" content=\"1482\" \/>\n\t<meta property=\"og:image:height\" content=\"775\" \/>\n\t<meta property=\"og:image:type\" content=\"image\/jpeg\" \/>\n<meta name=\"author\" content=\"ckl\" \/>\n<meta name=\"twitter:card\" content=\"summary_large_image\" \/>\n<meta name=\"twitter:label1\" content=\"Escrito por\" \/>\n\t<meta name=\"twitter:data1\" content=\"ckl\" \/>\n\t<meta name=\"twitter:label2\" content=\"Tiempo de lectura\" \/>\n\t<meta name=\"twitter:data2\" content=\"7 minutos\" \/>\n<script type=\"application\/ld+json\" class=\"yoast-schema-graph\">{\"@context\":\"https:\\\/\\\/schema.org\",\"@graph\":[{\"@type\":\"Article\",\"@id\":\"https:\\\/\\\/cklcomunicaciones.es\\\/coop\\\/noticias-info-ckl-no-2792-19-05-23\\\/#article\",\"isPartOf\":{\"@id\":\"https:\\\/\\\/cklcomunicaciones.es\\\/coop\\\/noticias-info-ckl-no-2792-19-05-23\\\/\"},\"author\":{\"name\":\"ckl\",\"@id\":\"https:\\\/\\\/cklcomunicaciones.es\\\/coop\\\/#\\\/schema\\\/person\\\/929a6837f7626450bbb50cee1aef266e\"},\"headline\":\"Noticias Info CKL n\u00ba 2792-19\\\/05\\\/23\",\"datePublished\":\"2023-05-19T16:50:43+00:00\",\"dateModified\":\"2025-02-08T10:32:19+00:00\",\"mainEntityOfPage\":{\"@id\":\"https:\\\/\\\/cklcomunicaciones.es\\\/coop\\\/noticias-info-ckl-no-2792-19-05-23\\\/\"},\"wordCount\":1426,\"image\":{\"@id\":\"https:\\\/\\\/cklcomunicaciones.es\\\/coop\\\/noticias-info-ckl-no-2792-19-05-23\\\/#primaryimage\"},\"thumbnailUrl\":\"https:\\\/\\\/cklcomunicaciones.es\\\/coop\\\/wp-content\\\/uploads\\\/2025\\\/01\\\/CKL-una-mirada-distinta-de-la-comunicacion.jpg\",\"keywords\":[\"empleadas hogar\",\"mujeres\",\"STEM\",\"violencia de g\u00e9nero\"],\"articleSection\":[\"Newsletter\",\"Nwl v3.0\"],\"inLanguage\":\"es\"},{\"@type\":\"WebPage\",\"@id\":\"https:\\\/\\\/cklcomunicaciones.es\\\/coop\\\/noticias-info-ckl-no-2792-19-05-23\\\/\",\"url\":\"https:\\\/\\\/cklcomunicaciones.es\\\/coop\\\/noticias-info-ckl-no-2792-19-05-23\\\/\",\"name\":\"Noticias Info CKL n\u00ba 2792-19\\\/05\\\/23-Comunicar con perspectiva de g\u00e9nero\",\"isPartOf\":{\"@id\":\"https:\\\/\\\/cklcomunicaciones.es\\\/coop\\\/#website\"},\"primaryImageOfPage\":{\"@id\":\"https:\\\/\\\/cklcomunicaciones.es\\\/coop\\\/noticias-info-ckl-no-2792-19-05-23\\\/#primaryimage\"},\"image\":{\"@id\":\"https:\\\/\\\/cklcomunicaciones.es\\\/coop\\\/noticias-info-ckl-no-2792-19-05-23\\\/#primaryimage\"},\"thumbnailUrl\":\"https:\\\/\\\/cklcomunicaciones.es\\\/coop\\\/wp-content\\\/uploads\\\/2025\\\/01\\\/CKL-una-mirada-distinta-de-la-comunicacion.jpg\",\"datePublished\":\"2023-05-19T16:50:43+00:00\",\"dateModified\":\"2025-02-08T10:32:19+00:00\",\"author\":{\"@id\":\"https:\\\/\\\/cklcomunicaciones.es\\\/coop\\\/#\\\/schema\\\/person\\\/929a6837f7626450bbb50cee1aef266e\"},\"description\":\"Noticias Info CKL n\u00ba 2792-19\\\/05\\\/23 Sistema VioG\u00e9n supera en mayo los seis millones de valoraciones de riesgo a v\u00edctimas de violencia de g\u00e9nero * Mujeres que dirigen la tecnolog\u00eda en Espa\u00f1a * El cerebro de la mujer mejora a partir de la mediana edad * Ona Carbonell sale del agua con un palmares de leyenda, 92 medallas\",\"breadcrumb\":{\"@id\":\"https:\\\/\\\/cklcomunicaciones.es\\\/coop\\\/noticias-info-ckl-no-2792-19-05-23\\\/#breadcrumb\"},\"inLanguage\":\"es\",\"potentialAction\":[{\"@type\":\"ReadAction\",\"target\":[\"https:\\\/\\\/cklcomunicaciones.es\\\/coop\\\/noticias-info-ckl-no-2792-19-05-23\\\/\"]}]},{\"@type\":\"ImageObject\",\"inLanguage\":\"es\",\"@id\":\"https:\\\/\\\/cklcomunicaciones.es\\\/coop\\\/noticias-info-ckl-no-2792-19-05-23\\\/#primaryimage\",\"url\":\"https:\\\/\\\/cklcomunicaciones.es\\\/coop\\\/wp-content\\\/uploads\\\/2025\\\/01\\\/CKL-una-mirada-distinta-de-la-comunicacion.jpg\",\"contentUrl\":\"https:\\\/\\\/cklcomunicaciones.es\\\/coop\\\/wp-content\\\/uploads\\\/2025\\\/01\\\/CKL-una-mirada-distinta-de-la-comunicacion.jpg\",\"width\":1482,\"height\":775,\"caption\":\"CKL - una mirada distinta de la comunicacion\"},{\"@type\":\"BreadcrumbList\",\"@id\":\"https:\\\/\\\/cklcomunicaciones.es\\\/coop\\\/noticias-info-ckl-no-2792-19-05-23\\\/#breadcrumb\",\"itemListElement\":[{\"@type\":\"ListItem\",\"position\":1,\"name\":\"Portada\",\"item\":\"https:\\\/\\\/cklcomunicaciones.es\\\/coop\\\/\"},{\"@type\":\"ListItem\",\"position\":2,\"name\":\"Noticias Info CKL n\u00ba 2792-19\\\/05\\\/23\"}]},{\"@type\":\"WebSite\",\"@id\":\"https:\\\/\\\/cklcomunicaciones.es\\\/coop\\\/#website\",\"url\":\"https:\\\/\\\/cklcomunicaciones.es\\\/coop\\\/\",\"name\":\"CKL Comunicaciones\",\"description\":\"Sitio web de CKL Comunicaciones coop , la consultora de comunicaci\u00f3n y estrategia\",\"potentialAction\":[{\"@type\":\"SearchAction\",\"target\":{\"@type\":\"EntryPoint\",\"urlTemplate\":\"https:\\\/\\\/cklcomunicaciones.es\\\/coop\\\/?s={search_term_string}\"},\"query-input\":{\"@type\":\"PropertyValueSpecification\",\"valueRequired\":true,\"valueName\":\"search_term_string\"}}],\"inLanguage\":\"es\"},{\"@type\":\"Person\",\"@id\":\"https:\\\/\\\/cklcomunicaciones.es\\\/coop\\\/#\\\/schema\\\/person\\\/929a6837f7626450bbb50cee1aef266e\",\"name\":\"ckl\",\"image\":{\"@type\":\"ImageObject\",\"inLanguage\":\"es\",\"@id\":\"https:\\\/\\\/secure.gravatar.com\\\/avatar\\\/c82db564e8a669bf6023357a157b9dc4780f4d4c618f2ad1d71a6a5dede45057?s=96&d=mm&r=g\",\"url\":\"https:\\\/\\\/secure.gravatar.com\\\/avatar\\\/c82db564e8a669bf6023357a157b9dc4780f4d4c618f2ad1d71a6a5dede45057?s=96&d=mm&r=g\",\"contentUrl\":\"https:\\\/\\\/secure.gravatar.com\\\/avatar\\\/c82db564e8a669bf6023357a157b9dc4780f4d4c618f2ad1d71a6a5dede45057?s=96&d=mm&r=g\",\"caption\":\"ckl\"},\"url\":\"https:\\\/\\\/cklcomunicaciones.es\\\/coop\\\/author\\\/cklcomunicaciones\\\/\"}]}<\/script>\n<!-- \/ Yoast SEO plugin. -->","yoast_head_json":{"title":"Noticias Info CKL n\u00ba 2792-19\/05\/23-Comunicar con perspectiva de g\u00e9nero","description":"Noticias Info CKL n\u00ba 2792-19\/05\/23 Sistema VioG\u00e9n supera en mayo los seis millones de valoraciones de riesgo a v\u00edctimas de violencia de g\u00e9nero * Mujeres que dirigen la tecnolog\u00eda en Espa\u00f1a * El cerebro de la mujer mejora a partir de la mediana edad * Ona Carbonell sale del agua con un palmares de leyenda, 92 medallas","robots":{"index":"index","follow":"follow","max-snippet":"max-snippet:-1","max-image-preview":"max-image-preview:large","max-video-preview":"max-video-preview:-1"},"canonical":"https:\/\/cklcomunicaciones.es\/coop\/noticias-info-ckl-no-2792-19-05-23\/","og_locale":"es_ES","og_type":"article","og_title":"Noticias Info CKL n\u00ba 2792-19\/05\/23-Comunicar con perspectiva de g\u00e9nero","og_description":"Noticias Info CKL n\u00ba 2792-19\/05\/23 Sistema VioG\u00e9n supera en mayo los seis millones de valoraciones de riesgo a v\u00edctimas de violencia de g\u00e9nero * Mujeres que dirigen la tecnolog\u00eda en Espa\u00f1a * El cerebro de la mujer mejora a partir de la mediana edad * Ona Carbonell sale del agua con un palmares de leyenda, 92 medallas","og_url":"https:\/\/cklcomunicaciones.es\/coop\/noticias-info-ckl-no-2792-19-05-23\/","og_site_name":"CKL Comunicaciones","article_published_time":"2023-05-19T16:50:43+00:00","article_modified_time":"2025-02-08T10:32:19+00:00","og_image":[{"width":1482,"height":775,"url":"https:\/\/cklcomunicaciones.es\/coop\/wp-content\/uploads\/2025\/01\/CKL-una-mirada-distinta-de-la-comunicacion.jpg","type":"image\/jpeg"}],"author":"ckl","twitter_card":"summary_large_image","twitter_misc":{"Escrito por":"ckl","Tiempo de lectura":"7 minutos"},"schema":{"@context":"https:\/\/schema.org","@graph":[{"@type":"Article","@id":"https:\/\/cklcomunicaciones.es\/coop\/noticias-info-ckl-no-2792-19-05-23\/#article","isPartOf":{"@id":"https:\/\/cklcomunicaciones.es\/coop\/noticias-info-ckl-no-2792-19-05-23\/"},"author":{"name":"ckl","@id":"https:\/\/cklcomunicaciones.es\/coop\/#\/schema\/person\/929a6837f7626450bbb50cee1aef266e"},"headline":"Noticias Info CKL n\u00ba 2792-19\/05\/23","datePublished":"2023-05-19T16:50:43+00:00","dateModified":"2025-02-08T10:32:19+00:00","mainEntityOfPage":{"@id":"https:\/\/cklcomunicaciones.es\/coop\/noticias-info-ckl-no-2792-19-05-23\/"},"wordCount":1426,"image":{"@id":"https:\/\/cklcomunicaciones.es\/coop\/noticias-info-ckl-no-2792-19-05-23\/#primaryimage"},"thumbnailUrl":"https:\/\/cklcomunicaciones.es\/coop\/wp-content\/uploads\/2025\/01\/CKL-una-mirada-distinta-de-la-comunicacion.jpg","keywords":["empleadas hogar","mujeres","STEM","violencia de g\u00e9nero"],"articleSection":["Newsletter","Nwl v3.0"],"inLanguage":"es"},{"@type":"WebPage","@id":"https:\/\/cklcomunicaciones.es\/coop\/noticias-info-ckl-no-2792-19-05-23\/","url":"https:\/\/cklcomunicaciones.es\/coop\/noticias-info-ckl-no-2792-19-05-23\/","name":"Noticias Info CKL n\u00ba 2792-19\/05\/23-Comunicar con perspectiva de g\u00e9nero","isPartOf":{"@id":"https:\/\/cklcomunicaciones.es\/coop\/#website"},"primaryImageOfPage":{"@id":"https:\/\/cklcomunicaciones.es\/coop\/noticias-info-ckl-no-2792-19-05-23\/#primaryimage"},"image":{"@id":"https:\/\/cklcomunicaciones.es\/coop\/noticias-info-ckl-no-2792-19-05-23\/#primaryimage"},"thumbnailUrl":"https:\/\/cklcomunicaciones.es\/coop\/wp-content\/uploads\/2025\/01\/CKL-una-mirada-distinta-de-la-comunicacion.jpg","datePublished":"2023-05-19T16:50:43+00:00","dateModified":"2025-02-08T10:32:19+00:00","author":{"@id":"https:\/\/cklcomunicaciones.es\/coop\/#\/schema\/person\/929a6837f7626450bbb50cee1aef266e"},"description":"Noticias Info CKL n\u00ba 2792-19\/05\/23 Sistema VioG\u00e9n supera en mayo los seis millones de valoraciones de riesgo a v\u00edctimas de violencia de g\u00e9nero * Mujeres que dirigen la tecnolog\u00eda en Espa\u00f1a * El cerebro de la mujer mejora a partir de la mediana edad * Ona Carbonell sale del agua con un palmares de leyenda, 92 medallas","breadcrumb":{"@id":"https:\/\/cklcomunicaciones.es\/coop\/noticias-info-ckl-no-2792-19-05-23\/#breadcrumb"},"inLanguage":"es","potentialAction":[{"@type":"ReadAction","target":["https:\/\/cklcomunicaciones.es\/coop\/noticias-info-ckl-no-2792-19-05-23\/"]}]},{"@type":"ImageObject","inLanguage":"es","@id":"https:\/\/cklcomunicaciones.es\/coop\/noticias-info-ckl-no-2792-19-05-23\/#primaryimage","url":"https:\/\/cklcomunicaciones.es\/coop\/wp-content\/uploads\/2025\/01\/CKL-una-mirada-distinta-de-la-comunicacion.jpg","contentUrl":"https:\/\/cklcomunicaciones.es\/coop\/wp-content\/uploads\/2025\/01\/CKL-una-mirada-distinta-de-la-comunicacion.jpg","width":1482,"height":775,"caption":"CKL - una mirada distinta de la comunicacion"},{"@type":"BreadcrumbList","@id":"https:\/\/cklcomunicaciones.es\/coop\/noticias-info-ckl-no-2792-19-05-23\/#breadcrumb","itemListElement":[{"@type":"ListItem","position":1,"name":"Portada","item":"https:\/\/cklcomunicaciones.es\/coop\/"},{"@type":"ListItem","position":2,"name":"Noticias Info CKL n\u00ba 2792-19\/05\/23"}]},{"@type":"WebSite","@id":"https:\/\/cklcomunicaciones.es\/coop\/#website","url":"https:\/\/cklcomunicaciones.es\/coop\/","name":"CKL Comunicaciones","description":"Sitio web de CKL Comunicaciones coop , la consultora de comunicaci\u00f3n y estrategia","potentialAction":[{"@type":"SearchAction","target":{"@type":"EntryPoint","urlTemplate":"https:\/\/cklcomunicaciones.es\/coop\/?s={search_term_string}"},"query-input":{"@type":"PropertyValueSpecification","valueRequired":true,"valueName":"search_term_string"}}],"inLanguage":"es"},{"@type":"Person","@id":"https:\/\/cklcomunicaciones.es\/coop\/#\/schema\/person\/929a6837f7626450bbb50cee1aef266e","name":"ckl","image":{"@type":"ImageObject","inLanguage":"es","@id":"https:\/\/secure.gravatar.com\/avatar\/c82db564e8a669bf6023357a157b9dc4780f4d4c618f2ad1d71a6a5dede45057?s=96&d=mm&r=g","url":"https:\/\/secure.gravatar.com\/avatar\/c82db564e8a669bf6023357a157b9dc4780f4d4c618f2ad1d71a6a5dede45057?s=96&d=mm&r=g","contentUrl":"https:\/\/secure.gravatar.com\/avatar\/c82db564e8a669bf6023357a157b9dc4780f4d4c618f2ad1d71a6a5dede45057?s=96&d=mm&r=g","caption":"ckl"},"url":"https:\/\/cklcomunicaciones.es\/coop\/author\/cklcomunicaciones\/"}]}},"_links":{"self":[{"href":"https:\/\/cklcomunicaciones.es\/coop\/wp-json\/wp\/v2\/posts\/19940","targetHints":{"allow":["GET"]}}],"collection":[{"href":"https:\/\/cklcomunicaciones.es\/coop\/wp-json\/wp\/v2\/posts"}],"about":[{"href":"https:\/\/cklcomunicaciones.es\/coop\/wp-json\/wp\/v2\/types\/post"}],"author":[{"embeddable":true,"href":"https:\/\/cklcomunicaciones.es\/coop\/wp-json\/wp\/v2\/users\/3"}],"replies":[{"embeddable":true,"href":"https:\/\/cklcomunicaciones.es\/coop\/wp-json\/wp\/v2\/comments?post=19940"}],"version-history":[{"count":0,"href":"https:\/\/cklcomunicaciones.es\/coop\/wp-json\/wp\/v2\/posts\/19940\/revisions"}],"wp:featuredmedia":[{"embeddable":true,"href":"https:\/\/cklcomunicaciones.es\/coop\/wp-json\/wp\/v2\/media\/22909"}],"wp:attachment":[{"href":"https:\/\/cklcomunicaciones.es\/coop\/wp-json\/wp\/v2\/media?parent=19940"}],"wp:term":[{"taxonomy":"category","embeddable":true,"href":"https:\/\/cklcomunicaciones.es\/coop\/wp-json\/wp\/v2\/categories?post=19940"},{"taxonomy":"post_tag","embeddable":true,"href":"https:\/\/cklcomunicaciones.es\/coop\/wp-json\/wp\/v2\/tags?post=19940"}],"curies":[{"name":"wp","href":"https:\/\/api.w.org\/{rel}","templated":true}]}}