{"id":19877,"date":"2023-05-12T19:06:24","date_gmt":"2023-05-12T17:06:24","guid":{"rendered":"https:\/\/www.cklcomunicaciones.es\/?p=19877"},"modified":"2025-02-08T11:48:06","modified_gmt":"2025-02-08T10:48:06","slug":"noticias-info-ckl-no-2789-12-05-23","status":"publish","type":"post","link":"https:\/\/cklcomunicaciones.es\/coop\/noticias-info-ckl-no-2789-12-05-23\/","title":{"rendered":"Noticias Info CKL n\u00ba 2789-12\/05\/23"},"content":{"rendered":"<div class=\"fusion-fullwidth fullwidth-box fusion-builder-row-1 fusion-flex-container nonhundred-percent-fullwidth non-hundred-percent-height-scrolling\" style=\"--awb-border-radius-top-left:0px;--awb-border-radius-top-right:0px;--awb-border-radius-bottom-right:0px;--awb-border-radius-bottom-left:0px;--awb-flex-wrap:wrap;\" ><div class=\"fusion-builder-row fusion-row fusion-flex-align-items-flex-start fusion-flex-content-wrap\" style=\"max-width:1248px;margin-left: calc(-4% \/ 2 );margin-right: calc(-4% \/ 2 );\"><div class=\"fusion-layout-column fusion_builder_column fusion-builder-column-0 fusion_builder_column_1_1 1_1 fusion-flex-column\" style=\"--awb-bg-blend:overlay;--awb-bg-size:cover;--awb-width-large:100%;--awb-margin-top-large:0px;--awb-spacing-right-large:1.92%;--awb-margin-bottom-large:0px;--awb-spacing-left-large:1.92%;--awb-width-medium:100%;--awb-spacing-right-medium:1.92%;--awb-spacing-left-medium:1.92%;--awb-width-small:100%;--awb-spacing-right-small:1.92%;--awb-spacing-left-small:1.92%;\"><div class=\"fusion-column-wrapper fusion-flex-justify-content-flex-start fusion-content-layout-column\"><div class=\"fusion-text fusion-text-1\"><h1 class=\"lsow-panel-title\"><\/h1>\n<div id=\"\" class=\"lsow-panel lsow-active\">\n<h1 class=\"lsow-panel-title\">Convocatorias<\/h1>\n<div class=\"lsow-panel-content\">\n<ul>\n<li><a href=\"https:\/\/www.mujeresparalasalud.org\/31-mayo-presentacion-en-el-nombre-del-padre-presen\/\" target=\"_blank\" rel=\"noopener\" data-saferedirecturl=\"https:\/\/www.google.com\/url?q=https:\/\/www.mujeresparalasalud.org\/31-mayo-presentacion-en-el-nombre-del-padre-presen\/&amp;source=gmail&amp;ust=1683818454315000&amp;usg=AOvVaw23bc9lMfSifYNmdheukLCz\">Presentaci\u00f3n del libro \u2018En el nombre del padre\u2019, de Ana Trejo Pulido<\/a>. Asociaci\u00f3n de Mujeres para la Salud. 31 de mayo\u00a0de 18:00 a 19:30 h.\u00a0<a href=\"https:\/\/mujeresparalasalud.us13.list-manage.com\/track\/click?u=d0a61369fab9ecf4ee5cedae1&amp;id=8144a3f0cf&amp;e=9186028f5d\" target=\"_blank\" rel=\"noopener\" data-saferedirecturl=\"https:\/\/www.google.com\/url?q=https:\/\/mujeresparalasalud.us13.list-manage.com\/track\/click?u%3Dd0a61369fab9ecf4ee5cedae1%26id%3D8144a3f0cf%26e%3D9186028f5d&amp;source=gmail&amp;ust=1683818454315000&amp;usg=AOvVaw0CwNngcNBrrGyQnsg2GsQp\">Inscripciones<\/a><\/li>\n<\/ul>\n<\/div>\n<\/div>\n<div id=\"\" class=\"lsow-panel lsow-active\">\n<h1 class=\"lsow-panel-title\">Comunicaci\u00f3n, Publicidad y TICs<\/h1>\n<div class=\"lsow-panel-content\">\n<p><a href=\"https:\/\/www.google.com\/url?rct=j&amp;sa=t&amp;url=https:\/\/europeamedia.es\/europea-radio\/%3Fp%3D33526&amp;ct=ga&amp;cd=CAEYACoUMTgyMjEwMDQwOTk0NzA5ODkzOTQyGWUyZGVmYTdkNWRhOTE1N2Q6ZXM6ZXM6RVM&amp;usg=AOvVaw2mYO6xWdiKqrUZSzwL9pR6\" target=\"_blank\" rel=\"noopener\" data-saferedirecturl=\"https:\/\/www.google.com\/url?q=https:\/\/www.google.com\/url?rct%3Dj%26sa%3Dt%26url%3Dhttps:\/\/europeamedia.es\/europea-radio\/%253Fp%253D33526%26ct%3Dga%26cd%3DCAEYACoUMTgyMjEwMDQwOTk0NzA5ODkzOTQyGWUyZGVmYTdkNWRhOTE1N2Q6ZXM6ZXM6RVM%26usg%3DAOvVaw2mYO6xWdiKqrUZSzwL9pR6&amp;source=gmail&amp;ust=1683818451906000&amp;usg=AOvVaw2YSIJh07nvKmiXL0G3j2GO\">#<wbr \/>SemanaComunicaci\u00f3nyMarketingUE<wbr \/>: Las mujeres juegan y participan &#8211;\u00a0<\/a><a>Europea Media<br \/>\n<\/a><a class=\"title\" href=\"https:\/\/www.msn.com\/es-es\/deportes\/futbol\/el-deporte-femenino-y-los-medios-de-comunicaci%C3%B3n-a-debate\/ar-AA1b2VCo\" target=\"_blank\" rel=\"noopener\" data-artpy=\"0\" data-author=\"Mundo Deportivo on MSN\">El deporte femenino y los medios de comunicaci\u00f3n, a debate<\/a>-sport<a><br \/>\n<\/a><a href=\"https:\/\/www.google.com\/url?rct=j&amp;sa=t&amp;url=https:\/\/efeminista.com\/redes-sociales-trata-adolescentes\/&amp;ct=ga&amp;cd=CAEYACoTNDI2NjEyNjIzNzA0MDI0NDY1MjIZZTFlNzdkMTU2MDk4YThlMzplczplczpFUw&amp;usg=AOvVaw0NdK6OkGKJsINpTuFCnJB-\" target=\"_blank\" rel=\"noopener\" data-saferedirecturl=\"https:\/\/www.google.com\/url?q=https:\/\/www.google.com\/url?rct%3Dj%26sa%3Dt%26url%3Dhttps:\/\/efeminista.com\/redes-sociales-trata-adolescentes\/%26ct%3Dga%26cd%3DCAEYACoTNDI2NjEyNjIzNzA0MDI0NDY1MjIZZTFlNzdkMTU2MDk4YThlMzplczplczpFUw%26usg%3DAOvVaw0NdK6OkGKJsINpTuFCnJB-&amp;source=gmail&amp;ust=1683818453863000&amp;usg=AOvVaw0CMnUEXEVHwEUNUANG9IjX\">El uso de redes sociales en la trata de adolescentes: una problem\u00e1tica en aumento-\u00a0<\/a><a>Efeminista<br \/>\n<\/a><a href=\"https:\/\/www.google.com\/url?rct=j&amp;sa=t&amp;url=https:\/\/pulsonoticias.com.ar\/120167\/trabajo-futuro-ia\/&amp;ct=ga&amp;cd=CAEYACoTOTc4ODkyOTk2ODU4ODY5MzY1NDIZZTFlNzdkMTU2MDk4YThlMzplczplczpFUw&amp;usg=AOvVaw3t7CjdWDFZVuRl4mrcwE9o\" target=\"_blank\" rel=\"noopener\" data-saferedirecturl=\"https:\/\/www.google.com\/url?q=https:\/\/www.google.com\/url?rct%3Dj%26sa%3Dt%26url%3Dhttps:\/\/pulsonoticias.com.ar\/120167\/trabajo-futuro-ia\/%26ct%3Dga%26cd%3DCAEYACoTOTc4ODkyOTk2ODU4ODY5MzY1NDIZZTFlNzdkMTU2MDk4YThlMzplczplczpFUw%26usg%3DAOvVaw3t7CjdWDFZVuRl4mrcwE9o&amp;source=gmail&amp;ust=1683818453873000&amp;usg=AOvVaw2X2T8VxEYkgk-UmKsAWAo4\">\u201cEl trabajo del futuro depende de los seres humanos, no de la Inteligencia Artificial\u201d &#8211;\u00a0<\/a><a>Pulso noticias<\/a><\/p>\n<\/div>\n<\/div>\n<div id=\"\" class=\"lsow-panel lsow-active\">\n<h1 class=\"lsow-panel-title\">Andaluc\u00eda<\/h1>\n<div class=\"lsow-panel-content\">\n<div class=\"source set_top\">\n<div data-priority=\"2\" aria-hidden=\"true\">\n<p><strong>Institucional<br \/>\n<\/strong><a class=\"title\" href=\"https:\/\/www.noticiasde.es\/andalucia\/jaen\/el-papel-investigador-de-las-enfermeras-es-destacado-por-catalina-garcia-como-clave-para-mejorar-la-calidad-de-vida-de-los-pacientes\/\" target=\"_blank\" rel=\"noopener\" data-artpy=\"0\" data-author=\"noticiasde\">Carolina Garc\u00eda descata el papel investigador de las enfermeras como clave para mejorar la calidad de vida de los pacientes<\/a>&#8211; noticiasde<\/p>\n<p><strong>Econom\u00eda y Empresa<br \/>\n<\/strong><a href=\"https:\/\/www.google.com\/url?rct=j&amp;sa=t&amp;url=https:\/\/www.algeciras.es\/es\/detalle-de-noticia\/Las-asociadas-de-WISTA-Spain-celebran-en-la-ciudad-su-conferencia-y-asamblea-anual\/&amp;ct=ga&amp;cd=CAEYACoUMTUxNjAwMzg5NjI4NTk2NTI0MjYyGzlhYjFjZGQ3ZTM2NmVmMzg6ZXM6ZXM6RVM6Ug&amp;usg=AOvVaw2LUQ7oknZroL8M0nTQj1tD\" target=\"_blank\" rel=\"noopener\" data-saferedirecturl=\"https:\/\/www.google.com\/url?q=https:\/\/www.google.com\/url?rct%3Dj%26sa%3Dt%26url%3Dhttps:\/\/www.algeciras.es\/es\/detalle-de-noticia\/Las-asociadas-de-WISTA-Spain-celebran-en-la-ciudad-su-conferencia-y-asamblea-anual\/%26ct%3Dga%26cd%3DCAEYACoUMTUxNjAwMzg5NjI4NTk2NTI0MjYyGzlhYjFjZGQ3ZTM2NmVmMzg6ZXM6ZXM6RVM6Ug%26usg%3DAOvVaw2LUQ7oknZroL8M0nTQj1tD&amp;source=gmail&amp;ust=1683991850734000&amp;usg=AOvVaw3MAv4rF6ehW9K8oC9_KpWS\">Las asociadas de WISTA Spain celebran en la ciudad su conferencia y asamblea anual-\u00a0<\/a><a>Ayuntamiento de Algeciras<br \/>\n<\/a><a href=\"https:\/\/www.google.com\/url?rct=j&amp;sa=t&amp;url=https:\/\/www.juntadeandalucia.es\/organismos\/empleoempresaytrabajoautonomo\/servicios\/actualidad\/noticias\/detalle\/416272.html&amp;ct=ga&amp;cd=CAEYACoTMTg0MjkxMDkxNTUwMTU0OTE0MzIZZDc4ZTU4NzVhMGYxZjJhYzplczplczpFUw&amp;usg=AOvVaw1qrdlL48qS0LfGoDRRiFJ8\" target=\"_blank\" rel=\"noopener\" data-saferedirecturl=\"https:\/\/www.google.com\/url?q=https:\/\/www.google.com\/url?rct%3Dj%26sa%3Dt%26url%3Dhttps:\/\/www.juntadeandalucia.es\/organismos\/empleoempresaytrabajoautonomo\/servicios\/actualidad\/noticias\/detalle\/416272.html%26ct%3Dga%26cd%3DCAEYACoTMTg0MjkxMDkxNTUwMTU0OTE0MzIZZDc4ZTU4NzVhMGYxZjJhYzplczplczpFUw%26usg%3DAOvVaw1qrdlL48qS0LfGoDRRiFJ8&amp;source=gmail&amp;ust=1683991849472000&amp;usg=AOvVaw3yFBccwlph3HOkFdj1D3Je\">Empleo somete a informaci\u00f3n p\u00fablica un nuevo programa para apoyar el &#8230; &#8211;\u00a0<\/a><a>Junta de Andaluc\u00eda<br \/>\n<\/a><a href=\"https:\/\/www.google.com\/url?rct=j&amp;sa=t&amp;url=https:\/\/www.teleprensa.com\/articulo\/sevilla\/cea-destaca-contribucion-paz-social-acuerdo-ceoe-sindicatos-sintonia-realidad-actual\/202305101912541470021.html&amp;ct=ga&amp;cd=CAEYACoUMTY2NDcyNzU0NTg3MzYwNjU1NDMyGWQ3OGU1ODc1YTBmMWYyYWM6ZXM6ZXM6RVM&amp;usg=AOvVaw1Iib_ZREDswoqXzkoSP_NO\" target=\"_blank\" rel=\"noopener\" data-saferedirecturl=\"https:\/\/www.google.com\/url?q=https:\/\/www.google.com\/url?rct%3Dj%26sa%3Dt%26url%3Dhttps:\/\/www.teleprensa.com\/articulo\/sevilla\/cea-destaca-contribucion-paz-social-acuerdo-ceoe-sindicatos-sintonia-realidad-actual\/202305101912541470021.html%26ct%3Dga%26cd%3DCAEYACoUMTY2NDcyNzU0NTg3MzYwNjU1NDMyGWQ3OGU1ODc1YTBmMWYyYWM6ZXM6ZXM6RVM%26usg%3DAOvVaw1Iib_ZREDswoqXzkoSP_NO&amp;source=gmail&amp;ust=1683991849420000&amp;usg=AOvVaw1-1ryN9QDftQ-VOTfs2mkn\">CEA destaca \u00abla contribuci\u00f3n a la paz social\u00bb del acuerdo CEOE-sindicatos y &#8230; &#8211;\u00a0<\/a><a>Teleprensa<\/a><\/p>\n<p><strong>Actualidad<br \/>\n<\/strong><a href=\"https:\/\/www.google.com\/url?rct=j&amp;sa=t&amp;url=https:\/\/www.diarioarea.com\/2023\/05\/09\/igualdad-y-revolucion-amorosa-180-estudiantes-participan-en-las-jornadas-de-co-redes-de-la-linea\/&amp;ct=ga&amp;cd=CAEYASoUMTU2NjAzMzYzNjc0MTQ0ODI4NTcyGTU5ZDc4MTcxMzZhMmQwMjg6ZXM6ZXM6RVM&amp;usg=AOvVaw3NsOJMOAHNg1XrbLZ_HTq0\" target=\"_blank\" rel=\"noopener\" data-saferedirecturl=\"https:\/\/www.google.com\/url?q=https:\/\/www.google.com\/url?rct%3Dj%26sa%3Dt%26url%3Dhttps:\/\/www.diarioarea.com\/2023\/05\/09\/igualdad-y-revolucion-amorosa-180-estudiantes-participan-en-las-jornadas-de-co-redes-de-la-linea\/%26ct%3Dga%26cd%3DCAEYASoUMTU2NjAzMzYzNjc0MTQ0ODI4NTcyGTU5ZDc4MTcxMzZhMmQwMjg6ZXM6ZXM6RVM%26usg%3DAOvVaw3NsOJMOAHNg1XrbLZ_HTq0&amp;source=gmail&amp;ust=1683818452015000&amp;usg=AOvVaw2aoovlSDEnHON38xXasWyX\">Igualdad y &#8216;revoluci\u00f3n amorosa&#8217;: 180 estudiantes participan en las jornadas de Co-redes de La L\u00ednea-\u00a0<\/a><a>Diario \u00c1rea<br \/>\n<\/a><a href=\"https:\/\/www.google.com\/url?rct=j&amp;sa=t&amp;url=https:\/\/www.eldebate.com\/espana\/la-voz-de-cordoba\/actualidad\/20230510\/principal-preocupacion-cordobeses-no-igualdad-genero_113611.html&amp;ct=ga&amp;cd=CAEYBSoTMjc5ODAwNDk1NTg2MTIwNTYzNTIZNTlkNzgxNzEzNmEyZDAyODplczplczpFUw&amp;usg=AOvVaw3GAFrwAGFMV4w5fyDsXnHo\" target=\"_blank\" rel=\"noopener\" data-saferedirecturl=\"https:\/\/www.google.com\/url?q=https:\/\/www.google.com\/url?rct%3Dj%26sa%3Dt%26url%3Dhttps:\/\/www.eldebate.com\/espana\/la-voz-de-cordoba\/actualidad\/20230510\/principal-preocupacion-cordobeses-no-igualdad-genero_113611.html%26ct%3Dga%26cd%3DCAEYBSoTMjc5ODAwNDk1NTg2MTIwNTYzNTIZNTlkNzgxNzEzNmEyZDAyODplczplczpFUw%26usg%3DAOvVaw3GAFrwAGFMV4w5fyDsXnHo&amp;source=gmail&amp;ust=1683818452080000&amp;usg=AOvVaw2NWKIDWp10Wcs0QQ0nmsim\">La principal preocupaci\u00f3n de los cordobeses no es la igualdad de\u00a0g\u00e9nero &#8211;\u00a0<\/a><a>El Debate<br \/>\n<\/a><a href=\"https:\/\/www.google.com\/url?rct=j&amp;sa=t&amp;url=https:\/\/www.diariodesevilla.es\/provincia\/Diputacion-millones-programa-prevencion-exclusion_0_1791722848.amp.html&amp;ct=ga&amp;cd=CAEYACoTNTI5MzEzMjY2NTU1MTA1MTk5NzIZZTFlNzdkMTU2MDk4YThlMzplczplczpFUw&amp;usg=AOvVaw2TPkoDGxgOIVCAGYf37IZn\" target=\"_blank\" rel=\"noopener\" data-saferedirecturl=\"https:\/\/www.google.com\/url?q=https:\/\/www.google.com\/url?rct%3Dj%26sa%3Dt%26url%3Dhttps:\/\/www.diariodesevilla.es\/provincia\/Diputacion-millones-programa-prevencion-exclusion_0_1791722848.amp.html%26ct%3Dga%26cd%3DCAEYACoTNTI5MzEzMjY2NTU1MTA1MTk5NzIZZTFlNzdkMTU2MDk4YThlMzplczplczpFUw%26usg%3DAOvVaw2TPkoDGxgOIVCAGYf37IZn&amp;source=gmail&amp;ust=1683991850103000&amp;usg=AOvVaw0eqlaEuJMXnzK7MLF2VAa0\">La Diputaci\u00f3n aprueba 15 millones de euros para el programa de prevenci\u00f3n de exclusi\u00f3n social&#8230; &#8211;\u00a0<\/a><a>Diario de Sevilla<br \/>\n<\/a><a title=\"Loles L\u00f3pez informa de que el nuevo programa de inclusi\u00f3n sociofamiliar llegar\u00e1 a 3.000 menores\" href=\"https:\/\/www.juntadeandalucia.es\/presidencia\/portavoz\/social\/182625\/ConsejeriadeInclusionSocial\/LolesLopez\/Parlamento\/inclusionsociofamiliar\/menores\">Loles L\u00f3pez informa de que el nuevo programa de inclusi\u00f3n sociofamiliar llegar\u00e1 a 3.000 menores<\/a>-juntadeandalucia<a><br \/>\n<\/a><\/p>\n<p><strong>Violencias<br \/>\n<\/strong><a href=\"https:\/\/www.google.com\/url?rct=j&amp;sa=t&amp;url=https:\/\/www.europasur.es\/suplementos-europa-sur\/feria-barrios\/comunicar-agresion-sexual_0_1791422934.html&amp;ct=ga&amp;cd=CAEYACoTMjY3NTczMzEzNTQ4NTk5MzUyMjIbOWFiMWNkZDdlMzY2ZWYzODplczplczpFUzpS&amp;usg=AOvVaw0T1HgSW7z4XenwAhvRzZ7b\" target=\"_blank\" rel=\"noopener\" data-saferedirecturl=\"https:\/\/www.google.com\/url?q=https:\/\/www.google.com\/url?rct%3Dj%26sa%3Dt%26url%3Dhttps:\/\/www.europasur.es\/suplementos-europa-sur\/feria-barrios\/comunicar-agresion-sexual_0_1791422934.html%26ct%3Dga%26cd%3DCAEYACoTMjY3NTczMzEzNTQ4NTk5MzUyMjIbOWFiMWNkZDdlMzY2ZWYzODplczplczpFUzpS%26usg%3DAOvVaw0T1HgSW7z4XenwAhvRzZ7b&amp;source=gmail&amp;ust=1683991850729000&amp;usg=AOvVaw0YMmsWbSam9YtZWwTdVx8z\">Como comunicar una agresi\u00f3n sexual &#8211;\u00a0<\/a><a>Europa Sur<\/a><\/p>\n<p><b>Ciencia y Cultura<br \/>\n<\/b><a href=\"https:\/\/www.google.com\/url?rct=j&amp;sa=t&amp;url=https:\/\/canal.ugr.es\/evento\/conferencia-el-papel-de-la-mujer-en-el-ajedrez\/&amp;ct=ga&amp;cd=CAEYASoTMjUxNDQ4Mjg1OTExODExMzgxMzIZYzAzNzJlYmMyZmVhZGE1OTplczplczpFUw&amp;usg=AOvVaw2Fmp-j7u7lfelSnRq0Ue02\" target=\"_blank\" rel=\"noopener\" data-saferedirecturl=\"https:\/\/www.google.com\/url?q=https:\/\/www.google.com\/url?rct%3Dj%26sa%3Dt%26url%3Dhttps:\/\/canal.ugr.es\/evento\/conferencia-el-papel-de-la-mujer-en-el-ajedrez\/%26ct%3Dga%26cd%3DCAEYASoTMjUxNDQ4Mjg1OTExODExMzgxMzIZYzAzNzJlYmMyZmVhZGE1OTplczplczpFUw%26usg%3DAOvVaw2Fmp-j7u7lfelSnRq0Ue02&amp;source=gmail&amp;ust=1683991848749000&amp;usg=AOvVaw2d0_2q9LOZNKMOVs8NV2gn\">Conferencia: \u00abEl papel de la mujer en el Ajedrez\u00bb &#8211;\u00a0<\/a><a>Canal UGR<br \/>\n<\/a><b><\/b><a href=\"https:\/\/www.google.com\/url?rct=j&amp;sa=t&amp;url=https:\/\/www.europapress.es\/esandalucia\/sevilla\/noticia-iam-centra-participacion-feria-ciencia-sevilla-mostrar-cientificas-alertar-vocaciones-20230510173800.html&amp;ct=ga&amp;cd=CAEYACoUMTY0MTAxNzU0MTkwNDcxMTQxNjQyGzlhYjFjZGQ3ZTM2NmVmMzg6ZXM6ZXM6RVM6Ug&amp;usg=AOvVaw1i1-dQdOlpjykgyhODVjG_\" target=\"_blank\" rel=\"noopener\" data-saferedirecturl=\"https:\/\/www.google.com\/url?q=https:\/\/www.google.com\/url?rct%3Dj%26sa%3Dt%26url%3Dhttps:\/\/www.europapress.es\/esandalucia\/sevilla\/noticia-iam-centra-participacion-feria-ciencia-sevilla-mostrar-cientificas-alertar-vocaciones-20230510173800.html%26ct%3Dga%26cd%3DCAEYACoUMTY0MTAxNzU0MTkwNDcxMTQxNjQyGzlhYjFjZGQ3ZTM2NmVmMzg6ZXM6ZXM6RVM6Ug%26usg%3DAOvVaw1i1-dQdOlpjykgyhODVjG_&amp;source=gmail&amp;ust=1683827753301000&amp;usg=AOvVaw1KTXNgILVGeuow_h7xY8Rb\">El IAM centra su participaci\u00f3n en la Feria de la Ciencia en Sevilla en mostrar a cient\u00edficas &#8230;-\u00a0<\/a><a>Europa Press<br \/>\n<\/a><a href=\"https:\/\/www.google.com\/url?rct=j&amp;sa=t&amp;url=https:\/\/www.noticiasdealmeria.com\/jovenes-ingenieras-hablan-de-su-carrera-profesional-a-los-estudiantes-de-la-esi&amp;ct=ga&amp;cd=CAEYCioUMTA3NDg2NjY3MjY1NTY3Mzk3NTUyGWMwMzcyZWJjMmZlYWRhNTk6ZXM6ZXM6RVM&amp;usg=AOvVaw2RlcDbakGmsSlYvgtXIfMQ\" target=\"_blank\" rel=\"noopener\" data-saferedirecturl=\"https:\/\/www.google.com\/url?q=https:\/\/www.google.com\/url?rct%3Dj%26sa%3Dt%26url%3Dhttps:\/\/www.noticiasdealmeria.com\/jovenes-ingenieras-hablan-de-su-carrera-profesional-a-los-estudiantes-de-la-esi%26ct%3Dga%26cd%3DCAEYCioUMTA3NDg2NjY3MjY1NTY3Mzk3NTUyGWMwMzcyZWJjMmZlYWRhNTk6ZXM6ZXM6RVM%26usg%3DAOvVaw2RlcDbakGmsSlYvgtXIfMQ&amp;source=gmail&amp;ust=1683991848583000&amp;usg=AOvVaw1SQ8pj_tf625adENrh48n7\">J\u00f3venes ingenieras hablan de su carrera profesional a los estudiantes de la ESI-\u00a0<\/a><a>Noticias de Almer\u00eda<br \/>\n<\/a><a href=\"https:\/\/www.google.com\/url?rct=j&amp;sa=t&amp;url=https:\/\/teatrocordoba.es\/india-martinez-muestra-su-debut-como-actriz-en-el-gran-teatro-de-cordoba-con-lorca-por-saura-el-ultimo-trabajo-de-un-artista-total\/&amp;ct=ga&amp;cd=CAEYASoTNzU5MTU4NTMwMjg4ODE0NDA1MTIZYzAzNzJlYmMyZmVhZGE1OTplczplczpFUw&amp;usg=AOvVaw2jfxvNKtA-zPVmFc4U0MvJ\" target=\"_blank\" rel=\"noopener\" data-saferedirecturl=\"https:\/\/www.google.com\/url?q=https:\/\/www.google.com\/url?rct%3Dj%26sa%3Dt%26url%3Dhttps:\/\/teatrocordoba.es\/india-martinez-muestra-su-debut-como-actriz-en-el-gran-teatro-de-cordoba-con-lorca-por-saura-el-ultimo-trabajo-de-un-artista-total\/%26ct%3Dga%26cd%3DCAEYASoTNzU5MTU4NTMwMjg4ODE0NDA1MTIZYzAzNzJlYmMyZmVhZGE1OTplczplczpFUw%26usg%3DAOvVaw2jfxvNKtA-zPVmFc4U0MvJ&amp;source=gmail&amp;ust=1683991849113000&amp;usg=AOvVaw0YAbVFMWc78C7qBw1EYV8b\">India Mart\u00ednez muestra su debut como actriz en el Gran Teatro de C\u00f3rdoba con Lorca por &#8230;-\u00a0<\/a><a>Gran Teatro de C\u00f3rdoba<br \/>\n<\/a><b><\/b><a href=\"https:\/\/www.google.com\/url?rct=j&amp;sa=t&amp;url=https:\/\/sevilla.abc.es\/sevilla\/instituto-rtve-universidad-sevilla-presentan-master-formacion-20230510165054-nts.html&amp;ct=ga&amp;cd=CAEYBCoUMTE4NDc3ODkwOTU5MjY2MzIzMTcyGWMwMzcyZWJjMmZlYWRhNTk6ZXM6ZXM6RVM&amp;usg=AOvVaw1_EZrr0D_tf6axiMr4z1PB\" target=\"_blank\" rel=\"noopener\" data-saferedirecturl=\"https:\/\/www.google.com\/url?q=https:\/\/www.google.com\/url?rct%3Dj%26sa%3Dt%26url%3Dhttps:\/\/sevilla.abc.es\/sevilla\/instituto-rtve-universidad-sevilla-presentan-master-formacion-20230510165054-nts.html%26ct%3Dga%26cd%3DCAEYBCoUMTE4NDc3ODkwOTU5MjY2MzIzMTcyGWMwMzcyZWJjMmZlYWRhNTk6ZXM6ZXM6RVM%26usg%3DAOvVaw1_EZrr0D_tf6axiMr4z1PB&amp;source=gmail&amp;ust=1683991848777000&amp;usg=AOvVaw2rHHeQuWJBiOrOgYLIU8Jj\">El Instituto RTVE y la Universidad de Sevilla presentan el M\u00e1ster de Formaci\u00f3n Permanente &#8230;-\u00a0<\/a><a>ABCSevilla<\/a><b><\/b><\/p>\n<p><b><\/b><strong>Deporte<br \/>\n<\/strong><a href=\"https:\/\/www.google.com\/url?rct=j&amp;sa=t&amp;url=https:\/\/ondacadiz.es\/noticias\/2023-05\/tour-universo-mujer-llega-cadiz-con-un-amplio-programa-para-fomentar-la-practica&amp;ct=ga&amp;cd=CAEYAyoTNTkzOTMxMTI1OTQ5OTI5NTMzNzIZYzAzNzJlYmMyZmVhZGE1OTplczplczpFUw&amp;usg=AOvVaw0IB3NkMgpqde6_BhWpcnRd\" target=\"_blank\" rel=\"noopener\" data-saferedirecturl=\"https:\/\/www.google.com\/url?q=https:\/\/www.google.com\/url?rct%3Dj%26sa%3Dt%26url%3Dhttps:\/\/ondacadiz.es\/noticias\/2023-05\/tour-universo-mujer-llega-cadiz-con-un-amplio-programa-para-fomentar-la-practica%26ct%3Dga%26cd%3DCAEYAyoTNTkzOTMxMTI1OTQ5OTI5NTMzNzIZYzAzNzJlYmMyZmVhZGE1OTplczplczpFUw%26usg%3DAOvVaw0IB3NkMgpqde6_BhWpcnRd&amp;source=gmail&amp;ust=1683991849129000&amp;usg=AOvVaw24M78o0Me8Fts3vByESqtT\">Tour Universo Mujer llega a C\u00e1diz con un amplio programa para fomentar la pr\u00e1ctica deportiva-\u00a0<\/a><a>Onda C\u00e1diz<br \/>\n<\/a><a href=\"https:\/\/www.huelvainformacion.es\/deportes\/Andalucia-III-Torneo-Gimnasia-Ritmica_0_1792321017.html\">Las mejores gimnastas de Andaluc\u00eda se dan cita en el III Torneo Club Gimnasia R\u00edtmica Huelva &#8211;\u00a0<\/a><a>huelvainformacion<\/a><\/p>\n<\/div>\n<\/div>\n<\/div>\n<\/div>\n<div id=\"\" class=\"lsow-panel lsow-active\">\n<h1 class=\"lsow-panel-title\">Estado<\/h1>\n<div class=\"lsow-panel-content\">\n<p><strong>Institucional<br \/>\n<\/strong><a href=\"https:\/\/www.google.com\/url?rct=j&amp;sa=t&amp;url=https:\/\/www.lamoncloa.gob.es\/serviciosdeprensa\/notasprensa\/exteriores\/Paginas\/2023\/110523-fondo-mundial-igualdad.aspx&amp;ct=ga&amp;cd=CAEYACoTNjgwMzE2MjEyNzQ1MDEzNTQwODIZNTlkNzgxNzEzNmEyZDAyODplczplczpFUw&amp;usg=AOvVaw1V6SGolc-OgcSjpFFNa6Ik\" target=\"_blank\" rel=\"noopener\" data-saferedirecturl=\"https:\/\/www.google.com\/url?q=https:\/\/www.google.com\/url?rct%3Dj%26sa%3Dt%26url%3Dhttps:\/\/www.lamoncloa.gob.es\/serviciosdeprensa\/notasprensa\/exteriores\/Paginas\/2023\/110523-fondo-mundial-igualdad.aspx%26ct%3Dga%26cd%3DCAEYACoTNjgwMzE2MjEyNzQ1MDEzNTQwODIZNTlkNzgxNzEzNmEyZDAyODplczplczpFUw%26usg%3DAOvVaw1V6SGolc-OgcSjpFFNa6Ik&amp;source=gmail&amp;ust=1683991850377000&amp;usg=AOvVaw0oCaad_41T77ReK-p3gcbh\">E<\/a><a href=\"https:\/\/www.google.com\/url?rct=j&amp;sa=t&amp;url=https:\/\/www.lamoncloa.gob.es\/serviciosdeprensa\/notasprensa\/exteriores\/Paginas\/2023\/110523-fondo-mundial-igualdad.aspx&amp;ct=ga&amp;cd=CAEYACoTNjgwMzE2MjEyNzQ1MDEzNTQwODIZNTlkNzgxNzEzNmEyZDAyODplczplczpFUw&amp;usg=AOvVaw1V6SGolc-OgcSjpFFNa6Ik\" target=\"_blank\" rel=\"noopener\" data-saferedirecturl=\"https:\/\/www.google.com\/url?q=https:\/\/www.google.com\/url?rct%3Dj%26sa%3Dt%26url%3Dhttps:\/\/www.lamoncloa.gob.es\/serviciosdeprensa\/notasprensa\/exteriores\/Paginas\/2023\/110523-fondo-mundial-igualdad.aspx%26ct%3Dga%26cd%3DCAEYACoTNjgwMzE2MjEyNzQ1MDEzNTQwODIZNTlkNzgxNzEzNmEyZDAyODplczplczpFUw%26usg%3DAOvVaw1V6SGolc-OgcSjpFFNa6Ik&amp;source=gmail&amp;ust=1683991850377000&amp;usg=AOvVaw0oCaad_41T77ReK-p3gcbh\">spa\u00f1a se adhiere al Fondo Mundial para la Igualdad &#8211;\u00a0<\/a><a>La Moncloa<br \/>\n<\/a><a href=\"https:\/\/www.lavanguardia.com\/local\/sevilla\/20230512\/8962935\/llop-comision-violencia-genero-andalucia-sigue-siendo-objetivo-inquebrantable-gobierno.html\">Llop en la Comisi\u00f3n contra la Violencia de G\u00e9nero en Andaluc\u00eda: \u00abSigue siendo un objetivo inquebrantable del Gobierno\u00bb &#8211;\u00a0<\/a><a>lavanguardia<br \/>\n<\/a><a class=\"title\" href=\"https:\/\/www.canalsur.es\/noticias\/pedro-sanchez-entrega-la-gran-cruz-de-la-orden-de-isabel-la-catolica-a-nancy-pelosi\/1931456.html\" target=\"_blank\" rel=\"noopener\" data-artpy=\"0\" data-author=\"canalsur\">Espa\u00f1a entrega la Gran Cruz de la Orden de Isabel la Cat\u00f3lica a Nancy Pelosi por su defensa de la democracia y su capacidad para romper los techos de cristas-\u00a0<\/a><a>canalsur<\/a><\/p>\n<p><strong>Institucional \u2013 CCAA<br \/>\n<\/strong><a href=\"https:\/\/www.google.com\/url?rct=j&amp;sa=t&amp;url=https:\/\/www.miciudadreal.es\/2023\/05\/10\/el-gobierno-de-castilla-la-mancha-pone-en-marcha-una-nueva-convocatoria-de-ayudas-al-alquiler-para-victimas-de-violencia-de-genero\/&amp;ct=ga&amp;cd=CAEYAyoUMTQ0NDYwNjU3ODM5OTAyNDY1MjQyGWUyZGVmYTdkNWRhOTE1N2Q6ZXM6ZXM6RVM&amp;usg=AOvVaw3RDZoMYBpJbFVAszce-73e\" target=\"_blank\" rel=\"noopener\" data-saferedirecturl=\"https:\/\/www.google.com\/url?q=https:\/\/www.google.com\/url?rct%3Dj%26sa%3Dt%26url%3Dhttps:\/\/www.miciudadreal.es\/2023\/05\/10\/el-gobierno-de-castilla-la-mancha-pone-en-marcha-una-nueva-convocatoria-de-ayudas-al-alquiler-para-victimas-de-violencia-de-genero\/%26ct%3Dga%26cd%3DCAEYAyoUMTQ0NDYwNjU3ODM5OTAyNDY1MjQyGWUyZGVmYTdkNWRhOTE1N2Q6ZXM6ZXM6RVM%26usg%3DAOvVaw3RDZoMYBpJbFVAszce-73e&amp;source=gmail&amp;ust=1683818451940000&amp;usg=AOvVaw2e3OyLW6cHGF1ntAIuwh9w\">El Gobierno de Castilla-La Mancha pone en marcha una nueva convocatoria de ayudas al alquiler para v\u00edctimas de violencia de g\u00e9nero &#8230;-<\/a><a>MiCiudadReal<br \/>\n<\/a><a href=\"https:\/\/www.google.com\/url?rct=j&amp;sa=t&amp;url=https:\/\/regiondigital.com\/noticias\/caceres-y-provincia\/378963-una-campana-en-el-womad-de-caceres-concienciara-en-la-prevencion-contra-violencia-sexual.html&amp;ct=ga&amp;cd=CAEYASoUMTA3NDg2NjY3MjY1NTY3Mzk3NTUyGWMwMzcyZWJjMmZlYWRhNTk6ZXM6ZXM6RVM&amp;usg=AOvVaw2DH2A-4-9t12CdmiafOQfx\" target=\"_blank\" rel=\"noopener\" data-saferedirecturl=\"https:\/\/www.google.com\/url?q=https:\/\/www.google.com\/url?rct%3Dj%26sa%3Dt%26url%3Dhttps:\/\/regiondigital.com\/noticias\/caceres-y-provincia\/378963-una-campana-en-el-womad-de-caceres-concienciara-en-la-prevencion-contra-violencia-sexual.html%26ct%3Dga%26cd%3DCAEYASoUMTA3NDg2NjY3MjY1NTY3Mzk3NTUyGWMwMzcyZWJjMmZlYWRhNTk6ZXM6ZXM6RVM%26usg%3DAOvVaw2DH2A-4-9t12CdmiafOQfx&amp;source=gmail&amp;ust=1683991848582000&amp;usg=AOvVaw0RC9P5NMdzY_grXr5ZnFYA\">Una campa\u00f1a en el Womad de C\u00e1ceres concienciar\u00e1 en la prevenci\u00f3n contra violencia sexual-\u00a0<\/a><a>Regi\u00f3n Digital<br \/>\n<\/a><a href=\"https:\/\/www.google.com\/url?rct=j&amp;sa=t&amp;url=https:\/\/www.diariodelaltoaragon.es\/noticias\/huesca\/2023\/05\/09\/aumentan-mas-de-un-200-las-localidades-que-hacen-uso-del-servicio-de-conciliacion-1650510-daa.html&amp;ct=ga&amp;cd=CAEYAyoUMTA3NDg2NjY3MjY1NTY3Mzk3NTUyGWMwMzcyZWJjMmZlYWRhNTk6ZXM6ZXM6RVM&amp;usg=AOvVaw02RRLeQ-QI_VXsDb1eW_h0\" target=\"_blank\" rel=\"noopener\" data-saferedirecturl=\"https:\/\/www.google.com\/url?q=https:\/\/www.google.com\/url?rct%3Dj%26sa%3Dt%26url%3Dhttps:\/\/www.diariodelaltoaragon.es\/noticias\/huesca\/2023\/05\/09\/aumentan-mas-de-un-200-las-localidades-que-hacen-uso-del-servicio-de-conciliacion-1650510-daa.html%26ct%3Dga%26cd%3DCAEYAyoUMTA3NDg2NjY3MjY1NTY3Mzk3NTUyGWMwMzcyZWJjMmZlYWRhNTk6ZXM6ZXM6RVM%26usg%3DAOvVaw02RRLeQ-QI_VXsDb1eW_h0&amp;source=gmail&amp;ust=1683991848582000&amp;usg=AOvVaw2VNswvbH1rMZQGYk6zVYMm\">Aumentan m\u00e1s de un 200 % los centros de cuidados para favorecer la conciliaci\u00f3n-\u00a0<\/a><a>Diario del Alto Arag\u00f3n<br \/>\n<\/a><a href=\"https:\/\/www.google.com\/url?rct=j&amp;sa=t&amp;url=https:\/\/www.publico.es\/sociedad\/santander-reencuentra-segunda-oportunidad-mujeres-regresen-mercado-laboral.html&amp;ct=ga&amp;cd=CAEYASoTODM2NDMxNzM2NDc3MjM1OTY4MTIZYzAzNzJlYmMyZmVhZGE1OTplczplczpFUw&amp;usg=AOvVaw1Xvn_gU0gv9ZNIwdpI3edw\" target=\"_blank\" rel=\"noopener\" data-saferedirecturl=\"https:\/\/www.google.com\/url?q=https:\/\/www.google.com\/url?rct%3Dj%26sa%3Dt%26url%3Dhttps:\/\/www.publico.es\/sociedad\/santander-reencuentra-segunda-oportunidad-mujeres-regresen-mercado-laboral.html%26ct%3Dga%26cd%3DCAEYASoTODM2NDMxNzM2NDc3MjM1OTY4MTIZYzAzNzJlYmMyZmVhZGE1OTplczplczpFUw%26usg%3DAOvVaw1Xvn_gU0gv9ZNIwdpI3edw&amp;source=gmail&amp;ust=1683991848723000&amp;usg=AOvVaw0zQfOFxdH16I5kqvt0wPSz\">Santander Reencuentra&#8217;: una segunda oportunidad para que las\u00a0mujeres regresen al &#8230;-\u00a0<\/a><a>Diario P\u00fablico<br \/>\n<\/a><a href=\"https:\/\/www.google.com\/url?rct=j&amp;sa=t&amp;url=https:\/\/www.diariodeibiza.es\/ibiza\/2023\/05\/11\/agricultoras-salir-armario-87171345.html&amp;ct=ga&amp;cd=CAEYACoUMTU4MzA3MjE3NzUyNzQyNzAzNTEyGWMwMzcyZWJjMmZlYWRhNTk6ZXM6ZXM6RVM&amp;usg=AOvVaw3JdjYkJgFs9gBCq1X-Zx39\" target=\"_blank\" rel=\"noopener\" data-saferedirecturl=\"https:\/\/www.google.com\/url?q=https:\/\/www.google.com\/url?rct%3Dj%26sa%3Dt%26url%3Dhttps:\/\/www.diariodeibiza.es\/ibiza\/2023\/05\/11\/agricultoras-salir-armario-87171345.html%26ct%3Dga%26cd%3DCAEYACoUMTU4MzA3MjE3NzUyNzQyNzAzNTEyGWMwMzcyZWJjMmZlYWRhNTk6ZXM6ZXM6RVM%26usg%3DAOvVaw3JdjYkJgFs9gBCq1X-Zx39&amp;source=gmail&amp;ust=1683991848899000&amp;usg=AOvVaw1hfwfMEfQspicjYI_Y-PvM\">Las agricultoras tenemos que salir del armario\u00bb &#8211;\u00a0<\/a><a>Diario de Ibiza<br \/>\n<\/a><a href=\"https:\/\/www.google.com\/url?rct=j&amp;sa=t&amp;url=https:\/\/www.abc.es\/espana\/castilla-la-mancha\/mujeres-gastronomia-castillala-mancha-sacan-musculo-fenavin-20230511164153-nt.html&amp;ct=ga&amp;cd=CAEYASoUMTQ4NDgyMjI4NjczMjU2MjQ0ODUyGWMwMzcyZWJjMmZlYWRhNTk6ZXM6ZXM6RVM&amp;usg=AOvVaw1Vm-dwbAAWXU1iocBnCEND\" target=\"_blank\" rel=\"noopener\" data-saferedirecturl=\"https:\/\/www.google.com\/url?q=https:\/\/www.google.com\/url?rct%3Dj%26sa%3Dt%26url%3Dhttps:\/\/www.abc.es\/espana\/castilla-la-mancha\/mujeres-gastronomia-castillala-mancha-sacan-musculo-fenavin-20230511164153-nt.html%26ct%3Dga%26cd%3DCAEYASoUMTQ4NDgyMjI4NjczMjU2MjQ0ODUyGWMwMzcyZWJjMmZlYWRhNTk6ZXM6ZXM6RVM%26usg%3DAOvVaw1Vm-dwbAAWXU1iocBnCEND&amp;source=gmail&amp;ust=1683991848979000&amp;usg=AOvVaw0UGlnH1C8QBIOGZED63WBC\">Mujeres en Gastronom\u00eda&#8217; en Castilla-La Mancha sacan m\u00fasculo en Fenavin &#8211;\u00a0<\/a><a>abc<br \/>\n<\/a><a href=\"https:\/\/www.google.com\/url?rct=j&amp;sa=t&amp;url=https:\/\/www.leonoticias.com\/leon\/red-pame-leon-organiza-encuentro-mujeres-emprendedoras-20230512093618-nt.html&amp;ct=ga&amp;cd=CAEYACoTMjkxMzk5NTQyMjcwNzA5MTMyMTIZYzAzNzJlYmMyZmVhZGE1OTplczplczpFUw&amp;usg=AOvVaw28nD2fnB0sirCRi3-aqFcH\" target=\"_blank\" rel=\"noopener\" data-saferedirecturl=\"https:\/\/www.google.com\/url?q=https:\/\/www.google.com\/url?rct%3Dj%26sa%3Dt%26url%3Dhttps:\/\/www.leonoticias.com\/leon\/red-pame-leon-organiza-encuentro-mujeres-emprendedoras-20230512093618-nt.html%26ct%3Dga%26cd%3DCAEYACoTMjkxMzk5NTQyMjcwNzA5MTMyMTIZYzAzNzJlYmMyZmVhZGE1OTplczplczpFUw%26usg%3DAOvVaw28nD2fnB0sirCRi3-aqFcH&amp;source=gmail&amp;ust=1683991849085000&amp;usg=AOvVaw0AUEeiAeNLdm61cegOZzbh\">La Red Pame de Le\u00f3n organiza el I Encuentro de Emprendedoras Rurales-\u00a0<\/a><a>Leonoticias<\/a><\/p>\n<p><strong>Econom\u00eda y Empresa<br \/>\n<\/strong><a href=\"https:\/\/www.google.com\/url?rct=j&amp;sa=t&amp;url=https:\/\/www.laopiniondemalaga.es\/videos\/economia\/2023\/05\/10\/yolanda-diaz-trabajo-calor-extremo-87160093.html&amp;ct=ga&amp;cd=CAEYAioUMTQ4NDI3MTY5NzI3NjY4Njc1NjAyGWQ3OGU1ODc1YTBmMWYyYWM6ZXM6ZXM6RVM&amp;usg=AOvVaw18hyetImbd6XBOX2C8Ek4S\" target=\"_blank\" rel=\"noopener\" data-saferedirecturl=\"https:\/\/www.google.com\/url?q=https:\/\/www.google.com\/url?rct%3Dj%26sa%3Dt%26url%3Dhttps:\/\/www.laopiniondemalaga.es\/videos\/economia\/2023\/05\/10\/yolanda-diaz-trabajo-calor-extremo-87160093.html%26ct%3Dga%26cd%3DCAEYAioUMTQ4NDI3MTY5NzI3NjY4Njc1NjAyGWQ3OGU1ODc1YTBmMWYyYWM6ZXM6ZXM6RVM%26usg%3DAOvVaw18hyetImbd6XBOX2C8Ek4S&amp;source=gmail&amp;ust=1683819614758000&amp;usg=AOvVaw2DFhvdjdDuIQMmtRlA7hJj\">Yolanda D\u00edaz anuncia que se prohibir\u00e1 el trabajo al aire libre durante episodios de calor extremo-\u00a0<\/a><a>La Opini\u00f3n de M\u00e1laga<br \/>\n<\/a><a href=\"https:\/\/www.google.com\/url?rct=j&amp;sa=t&amp;url=https:\/\/www.pikaramagazine.com\/2023\/05\/las-buenas-practicas-feministas-en-la-accion-empresarial\/&amp;ct=ga&amp;cd=CAEYACoTNDMxOTI5MTExMTkyOTYxNTI4MjIbOTE4ODU3Y2Q2MGY5Nzc0ODplczplczpFUzpM&amp;usg=AOvVaw2bQMcSNPnVosoaOBH-YRaG\" target=\"_blank\" rel=\"noopener\" data-saferedirecturl=\"https:\/\/www.google.com\/url?q=https:\/\/www.google.com\/url?rct%3Dj%26sa%3Dt%26url%3Dhttps:\/\/www.pikaramagazine.com\/2023\/05\/las-buenas-practicas-feministas-en-la-accion-empresarial\/%26ct%3Dga%26cd%3DCAEYACoTNDMxOTI5MTExMTkyOTYxNTI4MjIbOTE4ODU3Y2Q2MGY5Nzc0ODplczplczpFUzpM%26usg%3DAOvVaw2bQMcSNPnVosoaOBH-YRaG&amp;source=gmail&amp;ust=1683991850582000&amp;usg=AOvVaw1lpTVvrl1PSFFqsNun3Em2\">Las buenas pr\u00e1cticas feministas en la acci\u00f3n empresarial &#8211;\u00a0<\/a><a>Pikara Magazine<br \/>\n<\/a><a href=\"https:\/\/www.google.com\/url?rct=j&amp;sa=t&amp;url=https:\/\/www.laprovincia.es\/economia\/2023\/05\/10\/entrevistas-mujeres-asombrosas-mercedes-ballester-87124376.html&amp;ct=ga&amp;cd=CAEYAioUMTA2ODM4MzEzNDUwNDQxOTIzMTUyGWMwMzcyZWJjMmZlYWRhNTk6ZXM6ZXM6RVM&amp;usg=AOvVaw3osOJXvnoiPALuLxNr7oJL\" target=\"_blank\" rel=\"noopener\" data-saferedirecturl=\"https:\/\/www.google.com\/url?q=https:\/\/www.google.com\/url?rct%3Dj%26sa%3Dt%26url%3Dhttps:\/\/www.laprovincia.es\/economia\/2023\/05\/10\/entrevistas-mujeres-asombrosas-mercedes-ballester-87124376.html%26ct%3Dga%26cd%3DCAEYAioUMTA2ODM4MzEzNDUwNDQxOTIzMTUyGWMwMzcyZWJjMmZlYWRhNTk6ZXM6ZXM6RVM%26usg%3DAOvVaw3osOJXvnoiPALuLxNr7oJL&amp;source=gmail&amp;ust=1683991848715000&amp;usg=AOvVaw1fUP0aAtFrzAbIB8pY7I4o\">Entrevistas a Mujeres Asombrosas con Mercedes Ballester, Directora Comercial de Red de &#8230;-\u00a0<\/a><a>La Provincia<br \/>\n<\/a><a href=\"https:\/\/www.google.com\/url?rct=j&amp;sa=t&amp;url=https:\/\/www.levante-emv.com\/economia\/2023\/05\/10\/hombre-paro-35-probabilidades-encontrar-87159949.html&amp;ct=ga&amp;cd=CAEYBSoUMTE4NDc3ODkwOTU5MjY2MzIzMTcyGWMwMzcyZWJjMmZlYWRhNTk6ZXM6ZXM6RVM&amp;usg=AOvVaw3wRmvKsDgmo7iNQrlfheuE\" target=\"_blank\" rel=\"noopener\" data-saferedirecturl=\"https:\/\/www.google.com\/url?q=https:\/\/www.google.com\/url?rct%3Dj%26sa%3Dt%26url%3Dhttps:\/\/www.levante-emv.com\/economia\/2023\/05\/10\/hombre-paro-35-probabilidades-encontrar-87159949.html%26ct%3Dga%26cd%3DCAEYBSoUMTE4NDc3ODkwOTU5MjY2MzIzMTcyGWMwMzcyZWJjMmZlYWRhNTk6ZXM6ZXM6RVM%26usg%3DAOvVaw3wRmvKsDgmo7iNQrlfheuE&amp;source=gmail&amp;ust=1683991848777000&amp;usg=AOvVaw2khI940MHj714GL7CcyhZy\">Un hombre en paro tiene el 35% m\u00e1s de probabilidades de encontrar trabajo que una mujer<b>&#8211;\u00a0<\/b><\/a><a>Levante-EMV<br \/>\n<\/a><a href=\"https:\/\/www.google.com\/url?rct=j&amp;sa=t&amp;url=https:\/\/www.eleconomista.com.mx\/econohabitat\/Comisiones-hasta-50-mas-bajas-asi-son-los-retos-de-las-mamas-que-son-asesoras-inmobiliarias-20230509-0116.html&amp;ct=ga&amp;cd=CAEYAyoUMTA0MDM0NTE1NTc2Nzg2NTU0OTYyGWMwMzcyZWJjMmZlYWRhNTk6ZXM6ZXM6RVM&amp;usg=AOvVaw3JEu3TTW-sRTl3hG2GfmmF\" target=\"_blank\" rel=\"noopener\" data-saferedirecturl=\"https:\/\/www.google.com\/url?q=https:\/\/www.google.com\/url?rct%3Dj%26sa%3Dt%26url%3Dhttps:\/\/www.eleconomista.com.mx\/econohabitat\/Comisiones-hasta-50-mas-bajas-asi-son-los-retos-de-las-mamas-que-son-asesoras-inmobiliarias-20230509-0116.html%26ct%3Dga%26cd%3DCAEYAyoUMTA0MDM0NTE1NTc2Nzg2NTU0OTYyGWMwMzcyZWJjMmZlYWRhNTk6ZXM6ZXM6RVM%26usg%3DAOvVaw3JEu3TTW-sRTl3hG2GfmmF&amp;source=gmail&amp;ust=1683991848801000&amp;usg=AOvVaw3bbzjFHvRQMxzZ1aF8bcfU\">Comisiones hasta 50% m\u00e1s bajas, as\u00ed son los retos de las mam\u00e1s que son asesoras inmobiliarias-\u00a0<\/a><a>El Economista<br \/>\n<\/a><a href=\"https:\/\/www.google.com\/url?rct=j&amp;sa=t&amp;url=https:\/\/ibero.mx\/prensa\/alabanza-las-madrastras-de-los-estereotipos-de-la-maternidad-en-el-relato&amp;ct=ga&amp;cd=CAEYACoUMTUwMjExOTk1MTkzMTk3NTc1NTAyGWMwMzcyZWJjMmZlYWRhNTk6ZXM6ZXM6RVM&amp;usg=AOvVaw3wc3Jl9j2Fg9JcjmtaRkEe\" target=\"_blank\" rel=\"noopener\" data-saferedirecturl=\"https:\/\/www.google.com\/url?q=https:\/\/www.google.com\/url?rct%3Dj%26sa%3Dt%26url%3Dhttps:\/\/ibero.mx\/prensa\/alabanza-las-madrastras-de-los-estereotipos-de-la-maternidad-en-el-relato%26ct%3Dga%26cd%3DCAEYACoUMTUwMjExOTk1MTkzMTk3NTc1NTAyGWMwMzcyZWJjMmZlYWRhNTk6ZXM6ZXM6RVM%26usg%3DAOvVaw3wc3Jl9j2Fg9JcjmtaRkEe&amp;source=gmail&amp;ust=1683991848835000&amp;usg=AOvVaw1wE2cNW3tVNePV_J74JQg7\">Alabanza a las madrastras: de los estereotipos de la maternidad en el relato &#8211;<\/a><a>Ibero<\/a><\/p>\n<p><strong>Actualidad<br \/>\n<\/strong><a href=\"https:\/\/www.google.com\/url?rct=j&amp;sa=t&amp;url=https:\/\/elpais.com\/sociedad\/2023-05-10\/crece-el-antifeminismo-entre-adolescentes-el-mito-de-la-denuncia-falsa-la-mujer-casta-y-el-hombre-conquistador.html&amp;ct=ga&amp;cd=CAEYACoUMTQ0NDYwNjU3ODM5OTAyNDY1MjQyGWUyZGVmYTdkNWRhOTE1N2Q6ZXM6ZXM6RVM&amp;usg=AOvVaw0MCjsm6RphqaB1bePO4X97\" target=\"_blank\" rel=\"noopener\" data-saferedirecturl=\"https:\/\/www.google.com\/url?q=https:\/\/www.google.com\/url?rct%3Dj%26sa%3Dt%26url%3Dhttps:\/\/elpais.com\/sociedad\/2023-05-10\/crece-el-antifeminismo-entre-adolescentes-el-mito-de-la-denuncia-falsa-la-mujer-casta-y-el-hombre-conquistador.html%26ct%3Dga%26cd%3DCAEYACoUMTQ0NDYwNjU3ODM5OTAyNDY1MjQyGWUyZGVmYTdkNWRhOTE1N2Q6ZXM6ZXM6RVM%26usg%3DAOvVaw0MCjsm6RphqaB1bePO4X97&amp;source=gmail&amp;ust=1683818451939000&amp;usg=AOvVaw3veI7t0HXRF3dBW2jkwsPz\">Crece el antifeminismo entre adolescentes: el mito de la denuncia falsa, la mujer casta y &#8230; &#8211;\u00a0<\/a><a>elpais<br \/>\n<\/a><a href=\"https:\/\/www.google.com\/url?rct=j&amp;sa=t&amp;url=https:\/\/www.elespanol.com\/mujer\/protagonistas\/20230509\/elena-francis-cosmetica-consultorio-adoctrinar-mujeres-espanolas\/752425043_0.html&amp;ct=ga&amp;cd=CAEYACoUMTMxNzc5MjE3MTg4MTYyMTgxNzAyGWMwMzcyZWJjMmZlYWRhNTk6ZXM6ZXM6RVM&amp;usg=AOvVaw2UV2Dsq0faROPxqNGTPw6b\" target=\"_blank\" rel=\"noopener\" data-saferedirecturl=\"https:\/\/www.google.com\/url?q=https:\/\/www.google.com\/url?rct%3Dj%26sa%3Dt%26url%3Dhttps:\/\/www.elespanol.com\/mujer\/protagonistas\/20230509\/elena-francis-cosmetica-consultorio-adoctrinar-mujeres-espanolas\/752425043_0.html%26ct%3Dga%26cd%3DCAEYACoUMTMxNzc5MjE3MTg4MTYyMTgxNzAyGWMwMzcyZWJjMmZlYWRhNTk6ZXM6ZXM6RVM%26usg%3DAOvVaw2UV2Dsq0faROPxqNGTPw6b&amp;source=gmail&amp;ust=1683991848636000&amp;usg=AOvVaw0wm6s2Q6krMpFM-XtjLjAF\">Elena Francis: de vender cosm\u00e9tica a consultorio para adoctrinar a las espa\u00f1olas-<\/a><a>El Espa\u00f1ol<br \/>\n<\/a><a href=\"https:\/\/www.google.com\/url?rct=j&amp;sa=t&amp;url=https:\/\/www.lne.es\/salud\/guia\/2023\/05\/12\/fibromialgia-mujeres-por-que-afecta-66066061.html&amp;ct=ga&amp;cd=CAEYBCoTNTkzOTMxMTI1OTQ5OTI5NTMzNzIZYzAzNzJlYmMyZmVhZGE1OTplczplczpFUw&amp;usg=AOvVaw0VsqruKofHIJQXNlv2-NL7\" target=\"_blank\" rel=\"noopener\" data-saferedirecturl=\"https:\/\/www.google.com\/url?q=https:\/\/www.google.com\/url?rct%3Dj%26sa%3Dt%26url%3Dhttps:\/\/www.lne.es\/salud\/guia\/2023\/05\/12\/fibromialgia-mujeres-por-que-afecta-66066061.html%26ct%3Dga%26cd%3DCAEYBCoTNTkzOTMxMTI1OTQ5OTI5NTMzNzIZYzAzNzJlYmMyZmVhZGE1OTplczplczpFUw%26usg%3DAOvVaw0VsqruKofHIJQXNlv2-NL7&amp;source=gmail&amp;ust=1683991849130000&amp;usg=AOvVaw1aqM9DfEe4Veppf7enF8XE\">Por qu\u00e9 la fibromialgia afecta m\u00e1s a las mujeres y cual es su relaci\u00f3n con la depresi\u00f3n-\u00a0<\/a><a>La Nueva Espa\u00f1a<\/a><\/p>\n<p><strong>Violencias<br \/>\n<\/strong><a href=\"https:\/\/www.google.com\/url?rct=j&amp;sa=t&amp;url=https:\/\/www.cope.es\/actualidad\/noticias\/defienden-integracion-perspectiva-genero-los-conflictos-armados-20230510_2700343&amp;ct=ga&amp;cd=CAEYACoTMjc5ODAwNDk1NTg2MTIwNTYzNTIZNTlkNzgxNzEzNmEyZDAyODplczplczpFUw&amp;usg=AOvVaw3EfUd3qNdiyxhyS9E8DMFu\" target=\"_blank\" rel=\"noopener\" data-saferedirecturl=\"https:\/\/www.google.com\/url?q=https:\/\/www.google.com\/url?rct%3Dj%26sa%3Dt%26url%3Dhttps:\/\/www.cope.es\/actualidad\/noticias\/defienden-integracion-perspectiva-genero-los-conflictos-armados-20230510_2700343%26ct%3Dga%26cd%3DCAEYACoTMjc5ODAwNDk1NTg2MTIwNTYzNTIZNTlkNzgxNzEzNmEyZDAyODplczplczpFUw%26usg%3DAOvVaw3EfUd3qNdiyxhyS9E8DMFu&amp;source=gmail&amp;ust=1683818452080000&amp;usg=AOvVaw2veg5Y87yOyPorWDKDDAzo\">Defienden la integraci\u00f3n de la perspectiva de\u00a0g\u00e9nero en los conflictos armados &#8211;\u00a0<\/a><a>COPE<br \/>\n<\/a><a href=\"https:\/\/www.google.com\/url?rct=j&amp;sa=t&amp;url=https:\/\/www.sport.es\/es\/noticias\/sociedad\/rabea-victima-mortal-numero-15-87206534&amp;ct=ga&amp;cd=CAEYASoUMTY5NjY2NDgxNTMzODM2MTY5NTQyGWUyZGVmYTdkNWRhOTE1N2Q6ZXM6ZXM6RVM&amp;usg=AOvVaw0CuQp1cYuTqEdbOdU6CMLC\" target=\"_blank\" rel=\"noopener\" data-saferedirecturl=\"https:\/\/www.google.com\/url?q=https:\/\/www.google.com\/url?rct%3Dj%26sa%3Dt%26url%3Dhttps:\/\/www.sport.es\/es\/noticias\/sociedad\/rabea-victima-mortal-numero-15-87206534%26ct%3Dga%26cd%3DCAEYASoUMTY5NjY2NDgxNTMzODM2MTY5NTQyGWUyZGVmYTdkNWRhOTE1N2Q6ZXM6ZXM6RVM%26usg%3DAOvVaw0CuQp1cYuTqEdbOdU6CMLC&amp;source=gmail&amp;ust=1683991849265000&amp;usg=AOvVaw1r1_FIX6OnXbAprRRQRiUr\">Rabea es la v\u00edctima mortal n\u00famero 15 por violencia machista en Espa\u00f1a &#8211;\u00a0<\/a><a>sport<\/a><strong>\u00a0<\/strong><\/p>\n<p><strong>Ciencia y Cultura<br \/>\n<\/strong><a href=\"https:\/\/www.google.com\/url?rct=j&amp;sa=t&amp;url=https:\/\/www.20minutos.es\/noticia\/5127145\/0\/sara-garcia-alonso-es-dificil-sonar-con-algo-que-desconoces-faltan-referentes-femeninos\/&amp;ct=ga&amp;cd=CAEYACoTODQ0OTYyOTY4NTcxNjMzMzM4ODIZYzAzNzJlYmMyZmVhZGE1OTplczplczpFUw&amp;usg=AOvVaw2yjrbRwzervFmviw5NmjbQ\" target=\"_blank\" rel=\"noopener\" data-saferedirecturl=\"https:\/\/www.google.com\/url?q=https:\/\/www.google.com\/url?rct%3Dj%26sa%3Dt%26url%3Dhttps:\/\/www.20minutos.es\/noticia\/5127145\/0\/sara-garcia-alonso-es-dificil-sonar-con-algo-que-desconoces-faltan-referentes-femeninos\/%26ct%3Dga%26cd%3DCAEYACoTODQ0OTYyOTY4NTcxNjMzMzM4ODIZYzAzNzJlYmMyZmVhZGE1OTplczplczpFUw%26usg%3DAOvVaw2yjrbRwzervFmviw5NmjbQ&amp;source=gmail&amp;ust=1683991849120000&amp;usg=AOvVaw1eNbhDnqpd8X4iMYx6sWtO\">Sara Garc\u00eda Alonso, astronauta: \u00abEs dif\u00edcil so\u00f1ar con algo que desconoces, faltan referentes femeninos\u00bb-\u00a0<\/a><a>20Minutos<br \/>\n<\/a><a href=\"https:\/\/www.google.com\/url?rct=j&amp;sa=t&amp;url=https:\/\/www.elespanol.com\/mujer\/protagonistas\/20230510\/lola-higueras-primera-arqueologa-subacuatica-espana-pionera\/762423942_0.html&amp;ct=ga&amp;cd=CAEYASoUMTA2ODM4MzEzNDUwNDQxOTIzMTUyGWMwMzcyZWJjMmZlYWRhNTk6ZXM6ZXM6RVM&amp;usg=AOvVaw3FR2Jeufd1YPnWG0FPJtVQ\" target=\"_blank\" rel=\"noopener\" data-saferedirecturl=\"https:\/\/www.google.com\/url?q=https:\/\/www.google.com\/url?rct%3Dj%26sa%3Dt%26url%3Dhttps:\/\/www.elespanol.com\/mujer\/protagonistas\/20230510\/lola-higueras-primera-arqueologa-subacuatica-espana-pionera\/762423942_0.html%26ct%3Dga%26cd%3DCAEYASoUMTA2ODM4MzEzNDUwNDQxOTIzMTUyGWMwMzcyZWJjMmZlYWRhNTk6ZXM6ZXM6RVM%26usg%3DAOvVaw3FR2Jeufd1YPnWG0FPJtVQ&amp;source=gmail&amp;ust=1683991848715000&amp;usg=AOvVaw0P0P9x4oU5XsptVVS5jTsd\">Lola Higueras, primera arque\u00f3loga subacu\u00e1tica de Espa\u00f1a: \u00abHe sido pionera en un mundo &#8230;-\u00a0<\/a><a>El Espa\u00f1ol<br \/>\n<\/a><a href=\"https:\/\/www.google.com\/url?rct=j&amp;sa=t&amp;url=https:\/\/elpais.com\/ciencia\/2023-05-11\/premiado-el-trabajo-de-cinco-investigadoras-espanolas-para-visibilizar-a-las-mujeres-en-la-ciencia.html&amp;ct=ga&amp;cd=CAEYACoUMTMxODc4MTY3ODk3MDQxNDczNTEyGWMwMzcyZWJjMmZlYWRhNTk6ZXM6ZXM6RVM&amp;usg=AOvVaw0mVNoe_kzGZ8cs5TqOMJwH\" target=\"_blank\" rel=\"noopener\" data-saferedirecturl=\"https:\/\/www.google.com\/url?q=https:\/\/www.google.com\/url?rct%3Dj%26sa%3Dt%26url%3Dhttps:\/\/elpais.com\/ciencia\/2023-05-11\/premiado-el-trabajo-de-cinco-investigadoras-espanolas-para-visibilizar-a-las-mujeres-en-la-ciencia.html%26ct%3Dga%26cd%3DCAEYACoUMTMxODc4MTY3ODk3MDQxNDczNTEyGWMwMzcyZWJjMmZlYWRhNTk6ZXM6ZXM6RVM%26usg%3DAOvVaw0mVNoe_kzGZ8cs5TqOMJwH&amp;source=gmail&amp;ust=1683991848967000&amp;usg=AOvVaw0AiLrb9n_k844TqtVgZTw0\">Premiado el trabajo de cinco investigadoras espa\u00f1olas para visibilizar a las mujeres en la ciencia-\u00a0<\/a><a>elpais<br \/>\n<\/a><a href=\"https:\/\/www.google.com\/url?rct=j&amp;sa=t&amp;url=https:\/\/www.elperiodic.com\/valencia\/monica-garcia-melon-investigadora-instituto-ingenio-csic-incorpora-consejo-asesor-ciencia-tecnologia-innovacion_901999&amp;ct=ga&amp;cd=CAEYBioUMTQ4NDgyMjI4NjczMjU2MjQ0ODUyGWMwMzcyZWJjMmZlYWRhNTk6ZXM6ZXM6RVM&amp;usg=AOvVaw1rKNdhH9LV18ERqeYR72qf\" target=\"_blank\" rel=\"noopener\" data-saferedirecturl=\"https:\/\/www.google.com\/url?q=https:\/\/www.google.com\/url?rct%3Dj%26sa%3Dt%26url%3Dhttps:\/\/www.elperiodic.com\/valencia\/monica-garcia-melon-investigadora-instituto-ingenio-csic-incorpora-consejo-asesor-ciencia-tecnologia-innovacion_901999%26ct%3Dga%26cd%3DCAEYBioUMTQ4NDgyMjI4NjczMjU2MjQ0ODUyGWMwMzcyZWJjMmZlYWRhNTk6ZXM6ZXM6RVM%26usg%3DAOvVaw1rKNdhH9LV18ERqeYR72qf&amp;source=gmail&amp;ust=1683991848980000&amp;usg=AOvVaw1KUlzZQgbs38j1ZBNICSEl\">M\u00f3nica Garc\u00eda Mel\u00f3n, investigadora del Instituto INGENIO (CSIC-UPV), se incorpora al &#8230;-\u00a0<\/a><a>Elperiodic<br \/>\n<\/a><a href=\"https:\/\/www.google.com\/url?rct=j&amp;sa=t&amp;url=https:\/\/www.mujeresaseguir.com\/social\/noticia\/1177896048615\/5-cientificas-espanolas-galardonadas-ano-premios-de-loreal-unesco-for-women-in-science.1.html&amp;ct=ga&amp;cd=CAEYBSoTMjkxMzk5NTQyMjcwNzA5MTMyMTIZYzAzNzJlYmMyZmVhZGE1OTplczplczpFUw&amp;usg=AOvVaw38k-eZ2EtuSBYCQ_evzE04\" target=\"_blank\" rel=\"noopener\" data-saferedirecturl=\"https:\/\/www.google.com\/url?q=https:\/\/www.google.com\/url?rct%3Dj%26sa%3Dt%26url%3Dhttps:\/\/www.mujeresaseguir.com\/social\/noticia\/1177896048615\/5-cientificas-espanolas-galardonadas-ano-premios-de-loreal-unesco-for-women-in-science.1.html%26ct%3Dga%26cd%3DCAEYBSoTMjkxMzk5NTQyMjcwNzA5MTMyMTIZYzAzNzJlYmMyZmVhZGE1OTplczplczpFUw%26usg%3DAOvVaw38k-eZ2EtuSBYCQ_evzE04&amp;source=gmail&amp;ust=1683991849086000&amp;usg=AOvVaw2w2Z8Imqb_I-mRJTJhLN-u\">Estas son las 5 cient\u00edficas espa\u00f1olas galardonadas este a\u00f1o en los premios de L&#8217;Oreal &#8230;-\u00a0<\/a><a>Mujeres a seguir<br \/>\n<\/a><a href=\"https:\/\/www.google.com\/url?rct=j&amp;sa=t&amp;url=https:\/\/www.heraldo.es\/noticias\/ocio-y-cultura\/2023\/05\/10\/alejandro-pedregosa-maria-moliner-ensancha-y-expande-la-lengua-es-ella-la-que-fija-y-le-da-esplendor-1650607.html&amp;ct=ga&amp;cd=CAEYAioUMTUwNDgyMTAwMTg2MzMyNTk0ODQyGWMwMzcyZWJjMmZlYWRhNTk6ZXM6ZXM6RVM&amp;usg=AOvVaw0Cwhk6jWmSdL1BHUiHixOW\" target=\"_blank\" rel=\"noopener\" data-saferedirecturl=\"https:\/\/www.google.com\/url?q=https:\/\/www.google.com\/url?rct%3Dj%26sa%3Dt%26url%3Dhttps:\/\/www.heraldo.es\/noticias\/ocio-y-cultura\/2023\/05\/10\/alejandro-pedregosa-maria-moliner-ensancha-y-expande-la-lengua-es-ella-la-que-fija-y-le-da-esplendor-1650607.html%26ct%3Dga%26cd%3DCAEYAioUMTUwNDgyMTAwMTg2MzMyNTk0ODQyGWMwMzcyZWJjMmZlYWRhNTk6ZXM6ZXM6RVM%26usg%3DAOvVaw0Cwhk6jWmSdL1BHUiHixOW&amp;source=gmail&amp;ust=1683991848676000&amp;usg=AOvVaw2R0187GSK3kGKo9zd_VPdX\">Alejandro Pedregosa: \u00abMar\u00eda Moliner ensancha y expande la lengua. Es ella &#8230; &#8211;\u00a0<\/a><a>Heraldo de Arag\u00f3n<br \/>\n<\/a><a href=\"https:\/\/www.google.com\/url?rct=j&amp;sa=t&amp;url=https:\/\/www.europapress.es\/andalucia\/almeria-00350\/noticia-rosa-galdona-perez-publica-estampas-tinta-lectores-inquietudes-escritura-vivencia-20230510111150.html&amp;ct=ga&amp;cd=CAEYAyoUMTE2MjA4ODk3MjY5Mzg3OTg0MjgyGWMwMzcyZWJjMmZlYWRhNTk6ZXM6ZXM6RVM&amp;usg=AOvVaw17L0ChVjPBbDZDmUN_O5iE\" target=\"_blank\" rel=\"noopener\" data-saferedirecturl=\"https:\/\/www.google.com\/url?q=https:\/\/www.google.com\/url?rct%3Dj%26sa%3Dt%26url%3Dhttps:\/\/www.europapress.es\/andalucia\/almeria-00350\/noticia-rosa-galdona-perez-publica-estampas-tinta-lectores-inquietudes-escritura-vivencia-20230510111150.html%26ct%3Dga%26cd%3DCAEYAyoUMTE2MjA4ODk3MjY5Mzg3OTg0MjgyGWMwMzcyZWJjMmZlYWRhNTk6ZXM6ZXM6RVM%26usg%3DAOvVaw17L0ChVjPBbDZDmUN_O5iE&amp;source=gmail&amp;ust=1683991848733000&amp;usg=AOvVaw19AFHvFkgpOaIKPbYxI-yn\">Rosa Galdona P\u00e9rez publica &#8216;Estampas de tinta&#8217; para lectores \u00abcon inquietudes por la &#8230;-\u00a0<\/a><a>Europa Press<br \/>\n<\/a><a href=\"https:\/\/www.google.com\/url?rct=j&amp;sa=t&amp;url=https:\/\/www.rtve.es\/television\/20230510\/ana-belen-jesus-del-pozo-maestros-costura-musa-relacion-vestidos-alta-costura\/2071265.shtml&amp;ct=ga&amp;cd=CAEYAioUMTUwMjExOTk1MTkzMTk3NTc1NTAyGWMwMzcyZWJjMmZlYWRhNTk6ZXM6ZXM6RVM&amp;usg=AOvVaw3Cl5-ksDLmSm2YNB0kIQsO\" target=\"_blank\" rel=\"noopener\" data-saferedirecturl=\"https:\/\/www.google.com\/url?q=https:\/\/www.google.com\/url?rct%3Dj%26sa%3Dt%26url%3Dhttps:\/\/www.rtve.es\/television\/20230510\/ana-belen-jesus-del-pozo-maestros-costura-musa-relacion-vestidos-alta-costura\/2071265.shtml%26ct%3Dga%26cd%3DCAEYAioUMTUwMjExOTk1MTkzMTk3NTc1NTAyGWMwMzcyZWJjMmZlYWRhNTk6ZXM6ZXM6RVM%26usg%3DAOvVaw3Cl5-ksDLmSm2YNB0kIQsO&amp;source=gmail&amp;ust=1683991848836000&amp;usg=AOvVaw2P1W-1bBzmASEuusymfgUr\">Ana Bel\u00e9n, la mujer que encarn\u00f3 el esp\u00edritu de Jes\u00fas del Pozo &#8211;\u00a0<\/a><a>rtve<br \/>\n<\/a><a href=\"https:\/\/www.google.com\/url?rct=j&amp;sa=t&amp;url=https:\/\/www.laopiniondemalaga.es\/cultura-espectaculos\/2023\/05\/12\/entrevista-marta-jimenez-serrano-87222086.html&amp;ct=ga&amp;cd=CAEYACoTNTEzNjIwMzc1MjI4NzQ0MzQ4NDIZZTFlNzdkMTU2MDk4YThlMzplczplczpFUw&amp;usg=AOvVaw1dProfon93S7PAyLeMdhsB\" target=\"_blank\" rel=\"noopener\" data-saferedirecturl=\"https:\/\/www.google.com\/url?q=https:\/\/www.google.com\/url?rct%3Dj%26sa%3Dt%26url%3Dhttps:\/\/www.laopiniondemalaga.es\/cultura-espectaculos\/2023\/05\/12\/entrevista-marta-jimenez-serrano-87222086.html%26ct%3Dga%26cd%3DCAEYACoTNTEzNjIwMzc1MjI4NzQ0MzQ4NDIZZTFlNzdkMTU2MDk4YThlMzplczplczpFUw%26usg%3DAOvVaw1dProfon93S7PAyLeMdhsB&amp;source=gmail&amp;ust=1683991850267000&amp;usg=AOvVaw0L_qaUU0cGDGWKEMEiNIkt\">Estamos en una \u00e9poca de reconfiguraci\u00f3n de roles en la que es muy interesante escribir &#8230;-\u00a0<\/a><a>La Opini\u00f3n de M\u00e1laga<\/a><\/p>\n<p><strong>Deporte<br \/>\n<\/strong><a class=\"title\" href=\"https:\/\/www.rtve.es\/deportes\/20230512\/badosa-fulmina-jabeur-sigue-adelante-wta-roma\/2445695.shtml\" target=\"_blank\" rel=\"noopener\" data-artpy=\"0\" data-author=\"RTVE\">Badosa fulmina a Jabeur y sigue adelante en Roma<\/a>-rtve<br \/>\n<a class=\"title\" href=\"https:\/\/www.elperiodico.com\/es\/deportes\/20230509\/cinco-documentales-deporte-femenino-tienes-86880127\" target=\"_blank\" rel=\"noopener\" data-artpy=\"0\" data-author=\"El Peri\u00f3dico\">Los cinco documentales de deporte femenino que tienes que ver<\/a>-elperiodico<br \/>\n<a class=\"title\" href=\"https:\/\/www.rtve.es\/noticias\/20230506\/objetivo-igualdad-desigualdad-deporte-femenino\/2440709.shtml\" target=\"_blank\" rel=\"noopener\" data-artpy=\"0\" data-author=\"RTVE\">Desigualdad en el deporte femenino: \u00abLa mayor\u00eda de las profesionales no cotizan a la Seguridad Social\u00bb<\/a>-rtve<strong><br \/>\n<\/strong><\/p>\n<\/div>\n<\/div>\n<div id=\"\" class=\"lsow-panel lsow-active\">\n<h1 class=\"lsow-panel-title\">Internacional<\/h1>\n<div class=\"lsow-panel-content\">\n<p><a href=\"https:\/\/www.google.com\/url?rct=j&amp;sa=t&amp;url=https:\/\/www.infobae.com\/america\/agencias\/2023\/05\/10\/el-parlamento-europeo-da-luz-verde-a-la-adhesion-de-la-ue-al-convenio-de-estambul\/&amp;ct=ga&amp;cd=CAEYAioTMjQ4ODI1MDY4OTQwNzg3MzE0MzIZNTlkNzgxNzEzNmEyZDAyODplczplczpFUw&amp;usg=AOvVaw1tfC7OehnwV4wUztgEjwsm\" target=\"_blank\" rel=\"noopener\" data-saferedirecturl=\"https:\/\/www.google.com\/url?q=https:\/\/www.google.com\/url?rct%3Dj%26sa%3Dt%26url%3Dhttps:\/\/www.infobae.com\/america\/agencias\/2023\/05\/10\/el-parlamento-europeo-da-luz-verde-a-la-adhesion-de-la-ue-al-convenio-de-estambul\/%26ct%3Dga%26cd%3DCAEYAioTMjQ4ODI1MDY4OTQwNzg3MzE0MzIZNTlkNzgxNzEzNmEyZDAyODplczplczpFUw%26usg%3DAOvVaw1tfC7OehnwV4wUztgEjwsm&amp;source=gmail&amp;ust=1683991850389000&amp;usg=AOvVaw3JxeOds6kj6NG0is3at-82\">El Parlamento Europeo da luz verde a la adhesi\u00f3n de la UE al Convenio de Estambul<\/a>-infobae<a><br \/>\n<\/a><a href=\"https:\/\/www.google.com\/url?rct=j&amp;sa=t&amp;url=https:\/\/www.cronista.com\/espana\/actualidad-es\/brecha-de-genero-un-informe-revela-que-equiparar-salarios-puede-resultar-en-un-aumento-del-pib\/&amp;ct=ga&amp;cd=CAEYACoTNjExODM0NTE3NTcyODQyODgwOTIZNTlkNzgxNzEzNmEyZDAyODplczplczpFUw&amp;usg=AOvVaw0ML67dLwq6OjmukU_TT1oS\" target=\"_blank\" rel=\"noopener\" data-saferedirecturl=\"https:\/\/www.google.com\/url?q=https:\/\/www.google.com\/url?rct%3Dj%26sa%3Dt%26url%3Dhttps:\/\/www.cronista.com\/espana\/actualidad-es\/brecha-de-genero-un-informe-revela-que-equiparar-salarios-puede-resultar-en-un-aumento-del-pib\/%26ct%3Dga%26cd%3DCAEYACoTNjExODM0NTE3NTcyODQyODgwOTIZNTlkNzgxNzEzNmEyZDAyODplczplczpFUw%26usg%3DAOvVaw0ML67dLwq6OjmukU_TT1oS&amp;source=gmail&amp;ust=1683818452067000&amp;usg=AOvVaw0s-yQfPL5YXe21G9PRvyZ7\">Brecha de\u00a0g\u00e9nero: un informe revela que equiparar salarios puede resultar en un aumento del PIB-\u00a0<\/a><a>El Cronista<br \/>\n<\/a><a href=\"https:\/\/www.google.com\/url?rct=j&amp;sa=t&amp;url=https:\/\/revista.elarcondeclio.com.ar\/mujeres-en-el-sector-nuclear-mayor-valoracion-y-visibilidad\/&amp;ct=ga&amp;cd=CAEYACoTNDczNDE3NzU0NjM3NTg2NDM5NzIZZTFlNzdkMTU2MDk4YThlMzplczplczpFUw&amp;usg=AOvVaw1CB9kR3u6IHQ1DDEF_J2j6\" target=\"_blank\" rel=\"noopener\" data-saferedirecturl=\"https:\/\/www.google.com\/url?q=https:\/\/www.google.com\/url?rct%3Dj%26sa%3Dt%26url%3Dhttps:\/\/revista.elarcondeclio.com.ar\/mujeres-en-el-sector-nuclear-mayor-valoracion-y-visibilidad\/%26ct%3Dga%26cd%3DCAEYACoTNDczNDE3NzU0NjM3NTg2NDM5NzIZZTFlNzdkMTU2MDk4YThlMzplczplczpFUw%26usg%3DAOvVaw1CB9kR3u6IHQ1DDEF_J2j6&amp;source=gmail&amp;ust=1683991850173000&amp;usg=AOvVaw0_L9Trx-XZ77BUX1v9cdsH\">Mujeres en el sector nuclear: mayor valoraci\u00f3n y visibilidad &#8211;\u00a0<\/a><a>Revista El Arc\u00f3n de Cl\u00edo<br \/>\n<\/a><a href=\"https:\/\/www.excelsior.com.mx\/global\/elon-musk-confirma-a-linda-yaccarino-como-nueva-ceo-de-twitter\/1586624?utm_source=trending&amp;utm_medium=ultimahora&amp;utm_campaign=sidebar\">Linda Yaccarino como nueva CEO de Twitter &#8211;\u00a0<\/a><a>excelsior<br \/>\n<\/a><a href=\"https:\/\/www.google.com\/url?rct=j&amp;sa=t&amp;url=https:\/\/www.adprensa.cl\/politica\/michelle-bachelet-encabezo-la-primera-conferencia-de-mujeres-en-energia-de-latino-america\/&amp;ct=ga&amp;cd=CAEYACoTOTcyMjk3Mzg2ODM0ODgwOTI5ODIZNTlkNzgxNzEzNmEyZDAyODplczplczpFUw&amp;usg=AOvVaw1ZfSQgus-uRh2UdH5GOvmU\" target=\"_blank\" rel=\"noopener\" data-saferedirecturl=\"https:\/\/www.google.com\/url?q=https:\/\/www.google.com\/url?rct%3Dj%26sa%3Dt%26url%3Dhttps:\/\/www.adprensa.cl\/politica\/michelle-bachelet-encabezo-la-primera-conferencia-de-mujeres-en-energia-de-latino-america\/%26ct%3Dga%26cd%3DCAEYACoTOTcyMjk3Mzg2ODM0ODgwOTI5ODIZNTlkNzgxNzEzNmEyZDAyODplczplczpFUw%26usg%3DAOvVaw1ZfSQgus-uRh2UdH5GOvmU&amp;source=gmail&amp;ust=1683991850358000&amp;usg=AOvVaw2Eix8GVGENV6grle4NTmBB\">Michelle Bachelet encabez\u00f3 la primera conferencia de mujeres en energ\u00eda de Latino Am\u00e9rica-\u00a0<\/a><a>AdPrensa<br \/>\n<\/a><a href=\"https:\/\/www.google.com\/url?rct=j&amp;sa=t&amp;url=https:\/\/www.prensa-latina.cu\/2023\/05\/10\/brecha-de-genero-laboral-afecta-natalidad-en-italia&amp;ct=ga&amp;cd=CAEYASoUMTQxMTg4NDgzNjUyNTk1NDU1NjAyGTU5ZDc4MTcxMzZhMmQwMjg6ZXM6ZXM6RVM&amp;usg=AOvVaw1I2YpFXxR95RGczPZptKfi\" target=\"_blank\" rel=\"noopener\" data-saferedirecturl=\"https:\/\/www.google.com\/url?q=https:\/\/www.google.com\/url?rct%3Dj%26sa%3Dt%26url%3Dhttps:\/\/www.prensa-latina.cu\/2023\/05\/10\/brecha-de-genero-laboral-afecta-natalidad-en-italia%26ct%3Dga%26cd%3DCAEYASoUMTQxMTg4NDgzNjUyNTk1NDU1NjAyGTU5ZDc4MTcxMzZhMmQwMjg6ZXM6ZXM6RVM%26usg%3DAOvVaw1I2YpFXxR95RGczPZptKfi&amp;source=gmail&amp;ust=1683991850306000&amp;usg=AOvVaw38-vbf8p3UvXOgsNIbKrA4\">Brecha de g\u00e9nero laboral afecta natalidad en Italia &#8211;\u00a0<\/a><a>Prensa Latina<br \/>\n<\/a><a href=\"https:\/\/www.google.com\/url?rct=j&amp;sa=t&amp;url=https:\/\/www.prensa-latina.cu\/2023\/05\/10\/ministros-de-italia-y-alemania-dialogaran-sobre-cooperacion-regional&amp;ct=ga&amp;cd=CAEYASoUMTE3NjAzMDQxNjE3NDAwMTc5NTEyGTU5ZDc4MTcxMzZhMmQwMjg6ZXM6ZXM6RVM&amp;usg=AOvVaw3b_0Lg-IhnlurGXVnHf7nk\" target=\"_blank\" rel=\"noopener\" data-saferedirecturl=\"https:\/\/www.google.com\/url?q=https:\/\/www.google.com\/url?rct%3Dj%26sa%3Dt%26url%3Dhttps:\/\/www.prensa-latina.cu\/2023\/05\/10\/ministros-de-italia-y-alemania-dialogaran-sobre-cooperacion-regional%26ct%3Dga%26cd%3DCAEYASoUMTE3NjAzMDQxNjE3NDAwMTc5NTEyGTU5ZDc4MTcxMzZhMmQwMjg6ZXM6ZXM6RVM%26usg%3DAOvVaw3b_0Lg-IhnlurGXVnHf7nk&amp;source=gmail&amp;ust=1683819370820000&amp;usg=AOvVaw2jNFoM-iNYRoXV7YLCibDj\">Ministros de Italia y Alemania dialogar\u00e1n sobre\u00a0cooperaci\u00f3n regional &#8211;\u00a0<\/a><a>Prensa Latina<\/a><a><br \/>\n<\/a><a href=\"https:\/\/www.google.com\/url?rct=j&amp;sa=t&amp;url=https:\/\/www.publimetro.com.mx\/deportes\/2023\/05\/10\/america-lanza-campana-para-visibilizar-la-violencia-de-genero-contra-mujeres-y-ninas\/&amp;ct=ga&amp;cd=CAEYAyoUMTU2NTUzMzYyNTQzODUzMTMwNzgyGWUyZGVmYTdkNWRhOTE1N2Q6ZXM6ZXM6RVM&amp;usg=AOvVaw1bQN-mDJe5EVBqrOTj_1rT\" target=\"_blank\" rel=\"noopener\" data-saferedirecturl=\"https:\/\/www.google.com\/url?q=https:\/\/www.google.com\/url?rct%3Dj%26sa%3Dt%26url%3Dhttps:\/\/www.publimetro.com.mx\/deportes\/2023\/05\/10\/america-lanza-campana-para-visibilizar-la-violencia-de-genero-contra-mujeres-y-ninas\/%26ct%3Dga%26cd%3DCAEYAyoUMTU2NTUzMzYyNTQzODUzMTMwNzgyGWUyZGVmYTdkNWRhOTE1N2Q6ZXM6ZXM6RVM%26usg%3DAOvVaw1bQN-mDJe5EVBqrOTj_1rT&amp;source=gmail&amp;ust=1683991849189000&amp;usg=AOvVaw0nK1lKjlKmE-ZRLG5hIrZL\">Am\u00e9rica lanza campa\u00f1a para visibilizar la\u00a0violencia de g\u00e9nero hacia mujeres y ni\u00f1as-\u00a0<\/a><a>Publimetro<\/a><\/p>\n<\/div>\n<\/div>\n<\/div><\/div><\/div><\/div><\/div>\n","protected":false},"excerpt":{"rendered":"<p>Parlamento Europeo da luz verde a la adhesi\u00f3n de la UE al Convenio de Estambul * Espa\u00f1a se adhiere al Fondo Mundial para la Igualdad * Las buenas pr\u00e1cticas feministas en la acci\u00f3n empresarial * Nancy Pelosi recibe la Gran Cruz de Isabel La Cat\u00f3lica por su defensa de la democracia y su capacidad para romper los techos de cristal<\/p>\n","protected":false},"author":3,"featured_media":22909,"comment_status":"closed","ping_status":"closed","sticky":false,"template":"","format":"standard","meta":{"footnotes":""},"categories":[298,621],"tags":[122,80,677],"class_list":["post-19877","post","type-post","status-publish","format-standard","has-post-thumbnail","hentry","category-newsletter","category-nwl-3-0","tag-aborto","tag-igualdad-de-genero","tag-politicas"],"yoast_head":"<!-- This site is optimized with the Yoast SEO plugin v27.5 - https:\/\/yoast.com\/product\/yoast-seo-wordpress\/ -->\n<title>Noticias Info CKL n\u00ba 2789-12\/05\/23-Comunicar con perspectiva de g\u00e9nero<\/title>\n<meta name=\"description\" content=\"Noticias Info CKL n\u00ba 2789-12\/05\/23 Parlamento Europeo da luz verde a la adhesi\u00f3n de la UE al Convenio de Estambul * Espa\u00f1a se adhiere al Fondo Mundial para la Igualdad * Las buenas pr\u00e1cticas feministas en la acci\u00f3n empresarial * Nancy Pelosi recibe la Gran Cruz de Isabel La Cat\u00f3lica por su defensa de la democracia y su capacidad para romper los techos de cristal\" \/>\n<meta name=\"robots\" content=\"index, follow, max-snippet:-1, max-image-preview:large, max-video-preview:-1\" \/>\n<link rel=\"canonical\" href=\"https:\/\/cklcomunicaciones.es\/coop\/noticias-info-ckl-no-2789-12-05-23\/\" \/>\n<meta property=\"og:locale\" content=\"es_ES\" \/>\n<meta property=\"og:type\" content=\"article\" \/>\n<meta property=\"og:title\" content=\"Noticias Info CKL n\u00ba 2789-12\/05\/23-Comunicar con perspectiva de g\u00e9nero\" \/>\n<meta property=\"og:description\" content=\"Noticias Info CKL n\u00ba 2789-12\/05\/23 Parlamento Europeo da luz verde a la adhesi\u00f3n de la UE al Convenio de Estambul * Espa\u00f1a se adhiere al Fondo Mundial para la Igualdad * Las buenas pr\u00e1cticas feministas en la acci\u00f3n empresarial * Nancy Pelosi recibe la Gran Cruz de Isabel La Cat\u00f3lica por su defensa de la democracia y su capacidad para romper los techos de cristal\" \/>\n<meta property=\"og:url\" content=\"https:\/\/cklcomunicaciones.es\/coop\/noticias-info-ckl-no-2789-12-05-23\/\" \/>\n<meta property=\"og:site_name\" content=\"CKL Comunicaciones\" \/>\n<meta property=\"article:published_time\" content=\"2023-05-12T17:06:24+00:00\" \/>\n<meta property=\"article:modified_time\" content=\"2025-02-08T10:48:06+00:00\" \/>\n<meta property=\"og:image\" content=\"https:\/\/cklcomunicaciones.es\/coop\/wp-content\/uploads\/2025\/01\/CKL-una-mirada-distinta-de-la-comunicacion.jpg\" \/>\n\t<meta property=\"og:image:width\" content=\"1482\" \/>\n\t<meta property=\"og:image:height\" content=\"775\" \/>\n\t<meta property=\"og:image:type\" content=\"image\/jpeg\" \/>\n<meta name=\"author\" content=\"ckl\" \/>\n<meta name=\"twitter:card\" content=\"summary_large_image\" \/>\n<meta name=\"twitter:label1\" content=\"Escrito por\" \/>\n\t<meta name=\"twitter:data1\" content=\"ckl\" \/>\n\t<meta name=\"twitter:label2\" content=\"Tiempo de lectura\" \/>\n\t<meta name=\"twitter:data2\" content=\"6 minutos\" \/>\n<script type=\"application\/ld+json\" class=\"yoast-schema-graph\">{\"@context\":\"https:\\\/\\\/schema.org\",\"@graph\":[{\"@type\":\"Article\",\"@id\":\"https:\\\/\\\/cklcomunicaciones.es\\\/coop\\\/noticias-info-ckl-no-2789-12-05-23\\\/#article\",\"isPartOf\":{\"@id\":\"https:\\\/\\\/cklcomunicaciones.es\\\/coop\\\/noticias-info-ckl-no-2789-12-05-23\\\/\"},\"author\":{\"name\":\"ckl\",\"@id\":\"https:\\\/\\\/cklcomunicaciones.es\\\/coop\\\/#\\\/schema\\\/person\\\/929a6837f7626450bbb50cee1aef266e\"},\"headline\":\"Noticias Info CKL n\u00ba 2789-12\\\/05\\\/23\",\"datePublished\":\"2023-05-12T17:06:24+00:00\",\"dateModified\":\"2025-02-08T10:48:06+00:00\",\"mainEntityOfPage\":{\"@id\":\"https:\\\/\\\/cklcomunicaciones.es\\\/coop\\\/noticias-info-ckl-no-2789-12-05-23\\\/\"},\"wordCount\":1245,\"image\":{\"@id\":\"https:\\\/\\\/cklcomunicaciones.es\\\/coop\\\/noticias-info-ckl-no-2789-12-05-23\\\/#primaryimage\"},\"thumbnailUrl\":\"https:\\\/\\\/cklcomunicaciones.es\\\/coop\\\/wp-content\\\/uploads\\\/2025\\\/01\\\/CKL-una-mirada-distinta-de-la-comunicacion.jpg\",\"keywords\":[\"aborto\",\"Igualdad de g\u00e9nero\",\"pol\u00edticas\"],\"articleSection\":[\"Newsletter\",\"Nwl v3.0\"],\"inLanguage\":\"es\"},{\"@type\":\"WebPage\",\"@id\":\"https:\\\/\\\/cklcomunicaciones.es\\\/coop\\\/noticias-info-ckl-no-2789-12-05-23\\\/\",\"url\":\"https:\\\/\\\/cklcomunicaciones.es\\\/coop\\\/noticias-info-ckl-no-2789-12-05-23\\\/\",\"name\":\"Noticias Info CKL n\u00ba 2789-12\\\/05\\\/23-Comunicar con perspectiva de g\u00e9nero\",\"isPartOf\":{\"@id\":\"https:\\\/\\\/cklcomunicaciones.es\\\/coop\\\/#website\"},\"primaryImageOfPage\":{\"@id\":\"https:\\\/\\\/cklcomunicaciones.es\\\/coop\\\/noticias-info-ckl-no-2789-12-05-23\\\/#primaryimage\"},\"image\":{\"@id\":\"https:\\\/\\\/cklcomunicaciones.es\\\/coop\\\/noticias-info-ckl-no-2789-12-05-23\\\/#primaryimage\"},\"thumbnailUrl\":\"https:\\\/\\\/cklcomunicaciones.es\\\/coop\\\/wp-content\\\/uploads\\\/2025\\\/01\\\/CKL-una-mirada-distinta-de-la-comunicacion.jpg\",\"datePublished\":\"2023-05-12T17:06:24+00:00\",\"dateModified\":\"2025-02-08T10:48:06+00:00\",\"author\":{\"@id\":\"https:\\\/\\\/cklcomunicaciones.es\\\/coop\\\/#\\\/schema\\\/person\\\/929a6837f7626450bbb50cee1aef266e\"},\"description\":\"Noticias Info CKL n\u00ba 2789-12\\\/05\\\/23 Parlamento Europeo da luz verde a la adhesi\u00f3n de la UE al Convenio de Estambul * Espa\u00f1a se adhiere al Fondo Mundial para la Igualdad * Las buenas pr\u00e1cticas feministas en la acci\u00f3n empresarial * Nancy Pelosi recibe la Gran Cruz de Isabel La Cat\u00f3lica por su defensa de la democracia y su capacidad para romper los techos de cristal\",\"breadcrumb\":{\"@id\":\"https:\\\/\\\/cklcomunicaciones.es\\\/coop\\\/noticias-info-ckl-no-2789-12-05-23\\\/#breadcrumb\"},\"inLanguage\":\"es\",\"potentialAction\":[{\"@type\":\"ReadAction\",\"target\":[\"https:\\\/\\\/cklcomunicaciones.es\\\/coop\\\/noticias-info-ckl-no-2789-12-05-23\\\/\"]}]},{\"@type\":\"ImageObject\",\"inLanguage\":\"es\",\"@id\":\"https:\\\/\\\/cklcomunicaciones.es\\\/coop\\\/noticias-info-ckl-no-2789-12-05-23\\\/#primaryimage\",\"url\":\"https:\\\/\\\/cklcomunicaciones.es\\\/coop\\\/wp-content\\\/uploads\\\/2025\\\/01\\\/CKL-una-mirada-distinta-de-la-comunicacion.jpg\",\"contentUrl\":\"https:\\\/\\\/cklcomunicaciones.es\\\/coop\\\/wp-content\\\/uploads\\\/2025\\\/01\\\/CKL-una-mirada-distinta-de-la-comunicacion.jpg\",\"width\":1482,\"height\":775,\"caption\":\"CKL - una mirada distinta de la comunicacion\"},{\"@type\":\"BreadcrumbList\",\"@id\":\"https:\\\/\\\/cklcomunicaciones.es\\\/coop\\\/noticias-info-ckl-no-2789-12-05-23\\\/#breadcrumb\",\"itemListElement\":[{\"@type\":\"ListItem\",\"position\":1,\"name\":\"Portada\",\"item\":\"https:\\\/\\\/cklcomunicaciones.es\\\/coop\\\/\"},{\"@type\":\"ListItem\",\"position\":2,\"name\":\"Noticias Info CKL n\u00ba 2789-12\\\/05\\\/23\"}]},{\"@type\":\"WebSite\",\"@id\":\"https:\\\/\\\/cklcomunicaciones.es\\\/coop\\\/#website\",\"url\":\"https:\\\/\\\/cklcomunicaciones.es\\\/coop\\\/\",\"name\":\"CKL Comunicaciones\",\"description\":\"Sitio web de CKL Comunicaciones coop , la consultora de comunicaci\u00f3n y estrategia\",\"potentialAction\":[{\"@type\":\"SearchAction\",\"target\":{\"@type\":\"EntryPoint\",\"urlTemplate\":\"https:\\\/\\\/cklcomunicaciones.es\\\/coop\\\/?s={search_term_string}\"},\"query-input\":{\"@type\":\"PropertyValueSpecification\",\"valueRequired\":true,\"valueName\":\"search_term_string\"}}],\"inLanguage\":\"es\"},{\"@type\":\"Person\",\"@id\":\"https:\\\/\\\/cklcomunicaciones.es\\\/coop\\\/#\\\/schema\\\/person\\\/929a6837f7626450bbb50cee1aef266e\",\"name\":\"ckl\",\"image\":{\"@type\":\"ImageObject\",\"inLanguage\":\"es\",\"@id\":\"https:\\\/\\\/secure.gravatar.com\\\/avatar\\\/c82db564e8a669bf6023357a157b9dc4780f4d4c618f2ad1d71a6a5dede45057?s=96&d=mm&r=g\",\"url\":\"https:\\\/\\\/secure.gravatar.com\\\/avatar\\\/c82db564e8a669bf6023357a157b9dc4780f4d4c618f2ad1d71a6a5dede45057?s=96&d=mm&r=g\",\"contentUrl\":\"https:\\\/\\\/secure.gravatar.com\\\/avatar\\\/c82db564e8a669bf6023357a157b9dc4780f4d4c618f2ad1d71a6a5dede45057?s=96&d=mm&r=g\",\"caption\":\"ckl\"},\"url\":\"https:\\\/\\\/cklcomunicaciones.es\\\/coop\\\/author\\\/cklcomunicaciones\\\/\"}]}<\/script>\n<!-- \/ Yoast SEO plugin. -->","yoast_head_json":{"title":"Noticias Info CKL n\u00ba 2789-12\/05\/23-Comunicar con perspectiva de g\u00e9nero","description":"Noticias Info CKL n\u00ba 2789-12\/05\/23 Parlamento Europeo da luz verde a la adhesi\u00f3n de la UE al Convenio de Estambul * Espa\u00f1a se adhiere al Fondo Mundial para la Igualdad * Las buenas pr\u00e1cticas feministas en la acci\u00f3n empresarial * Nancy Pelosi recibe la Gran Cruz de Isabel La Cat\u00f3lica por su defensa de la democracia y su capacidad para romper los techos de cristal","robots":{"index":"index","follow":"follow","max-snippet":"max-snippet:-1","max-image-preview":"max-image-preview:large","max-video-preview":"max-video-preview:-1"},"canonical":"https:\/\/cklcomunicaciones.es\/coop\/noticias-info-ckl-no-2789-12-05-23\/","og_locale":"es_ES","og_type":"article","og_title":"Noticias Info CKL n\u00ba 2789-12\/05\/23-Comunicar con perspectiva de g\u00e9nero","og_description":"Noticias Info CKL n\u00ba 2789-12\/05\/23 Parlamento Europeo da luz verde a la adhesi\u00f3n de la UE al Convenio de Estambul * Espa\u00f1a se adhiere al Fondo Mundial para la Igualdad * Las buenas pr\u00e1cticas feministas en la acci\u00f3n empresarial * Nancy Pelosi recibe la Gran Cruz de Isabel La Cat\u00f3lica por su defensa de la democracia y su capacidad para romper los techos de cristal","og_url":"https:\/\/cklcomunicaciones.es\/coop\/noticias-info-ckl-no-2789-12-05-23\/","og_site_name":"CKL Comunicaciones","article_published_time":"2023-05-12T17:06:24+00:00","article_modified_time":"2025-02-08T10:48:06+00:00","og_image":[{"width":1482,"height":775,"url":"https:\/\/cklcomunicaciones.es\/coop\/wp-content\/uploads\/2025\/01\/CKL-una-mirada-distinta-de-la-comunicacion.jpg","type":"image\/jpeg"}],"author":"ckl","twitter_card":"summary_large_image","twitter_misc":{"Escrito por":"ckl","Tiempo de lectura":"6 minutos"},"schema":{"@context":"https:\/\/schema.org","@graph":[{"@type":"Article","@id":"https:\/\/cklcomunicaciones.es\/coop\/noticias-info-ckl-no-2789-12-05-23\/#article","isPartOf":{"@id":"https:\/\/cklcomunicaciones.es\/coop\/noticias-info-ckl-no-2789-12-05-23\/"},"author":{"name":"ckl","@id":"https:\/\/cklcomunicaciones.es\/coop\/#\/schema\/person\/929a6837f7626450bbb50cee1aef266e"},"headline":"Noticias Info CKL n\u00ba 2789-12\/05\/23","datePublished":"2023-05-12T17:06:24+00:00","dateModified":"2025-02-08T10:48:06+00:00","mainEntityOfPage":{"@id":"https:\/\/cklcomunicaciones.es\/coop\/noticias-info-ckl-no-2789-12-05-23\/"},"wordCount":1245,"image":{"@id":"https:\/\/cklcomunicaciones.es\/coop\/noticias-info-ckl-no-2789-12-05-23\/#primaryimage"},"thumbnailUrl":"https:\/\/cklcomunicaciones.es\/coop\/wp-content\/uploads\/2025\/01\/CKL-una-mirada-distinta-de-la-comunicacion.jpg","keywords":["aborto","Igualdad de g\u00e9nero","pol\u00edticas"],"articleSection":["Newsletter","Nwl v3.0"],"inLanguage":"es"},{"@type":"WebPage","@id":"https:\/\/cklcomunicaciones.es\/coop\/noticias-info-ckl-no-2789-12-05-23\/","url":"https:\/\/cklcomunicaciones.es\/coop\/noticias-info-ckl-no-2789-12-05-23\/","name":"Noticias Info CKL n\u00ba 2789-12\/05\/23-Comunicar con perspectiva de g\u00e9nero","isPartOf":{"@id":"https:\/\/cklcomunicaciones.es\/coop\/#website"},"primaryImageOfPage":{"@id":"https:\/\/cklcomunicaciones.es\/coop\/noticias-info-ckl-no-2789-12-05-23\/#primaryimage"},"image":{"@id":"https:\/\/cklcomunicaciones.es\/coop\/noticias-info-ckl-no-2789-12-05-23\/#primaryimage"},"thumbnailUrl":"https:\/\/cklcomunicaciones.es\/coop\/wp-content\/uploads\/2025\/01\/CKL-una-mirada-distinta-de-la-comunicacion.jpg","datePublished":"2023-05-12T17:06:24+00:00","dateModified":"2025-02-08T10:48:06+00:00","author":{"@id":"https:\/\/cklcomunicaciones.es\/coop\/#\/schema\/person\/929a6837f7626450bbb50cee1aef266e"},"description":"Noticias Info CKL n\u00ba 2789-12\/05\/23 Parlamento Europeo da luz verde a la adhesi\u00f3n de la UE al Convenio de Estambul * Espa\u00f1a se adhiere al Fondo Mundial para la Igualdad * Las buenas pr\u00e1cticas feministas en la acci\u00f3n empresarial * Nancy Pelosi recibe la Gran Cruz de Isabel La Cat\u00f3lica por su defensa de la democracia y su capacidad para romper los techos de cristal","breadcrumb":{"@id":"https:\/\/cklcomunicaciones.es\/coop\/noticias-info-ckl-no-2789-12-05-23\/#breadcrumb"},"inLanguage":"es","potentialAction":[{"@type":"ReadAction","target":["https:\/\/cklcomunicaciones.es\/coop\/noticias-info-ckl-no-2789-12-05-23\/"]}]},{"@type":"ImageObject","inLanguage":"es","@id":"https:\/\/cklcomunicaciones.es\/coop\/noticias-info-ckl-no-2789-12-05-23\/#primaryimage","url":"https:\/\/cklcomunicaciones.es\/coop\/wp-content\/uploads\/2025\/01\/CKL-una-mirada-distinta-de-la-comunicacion.jpg","contentUrl":"https:\/\/cklcomunicaciones.es\/coop\/wp-content\/uploads\/2025\/01\/CKL-una-mirada-distinta-de-la-comunicacion.jpg","width":1482,"height":775,"caption":"CKL - una mirada distinta de la comunicacion"},{"@type":"BreadcrumbList","@id":"https:\/\/cklcomunicaciones.es\/coop\/noticias-info-ckl-no-2789-12-05-23\/#breadcrumb","itemListElement":[{"@type":"ListItem","position":1,"name":"Portada","item":"https:\/\/cklcomunicaciones.es\/coop\/"},{"@type":"ListItem","position":2,"name":"Noticias Info CKL n\u00ba 2789-12\/05\/23"}]},{"@type":"WebSite","@id":"https:\/\/cklcomunicaciones.es\/coop\/#website","url":"https:\/\/cklcomunicaciones.es\/coop\/","name":"CKL Comunicaciones","description":"Sitio web de CKL Comunicaciones coop , la consultora de comunicaci\u00f3n y estrategia","potentialAction":[{"@type":"SearchAction","target":{"@type":"EntryPoint","urlTemplate":"https:\/\/cklcomunicaciones.es\/coop\/?s={search_term_string}"},"query-input":{"@type":"PropertyValueSpecification","valueRequired":true,"valueName":"search_term_string"}}],"inLanguage":"es"},{"@type":"Person","@id":"https:\/\/cklcomunicaciones.es\/coop\/#\/schema\/person\/929a6837f7626450bbb50cee1aef266e","name":"ckl","image":{"@type":"ImageObject","inLanguage":"es","@id":"https:\/\/secure.gravatar.com\/avatar\/c82db564e8a669bf6023357a157b9dc4780f4d4c618f2ad1d71a6a5dede45057?s=96&d=mm&r=g","url":"https:\/\/secure.gravatar.com\/avatar\/c82db564e8a669bf6023357a157b9dc4780f4d4c618f2ad1d71a6a5dede45057?s=96&d=mm&r=g","contentUrl":"https:\/\/secure.gravatar.com\/avatar\/c82db564e8a669bf6023357a157b9dc4780f4d4c618f2ad1d71a6a5dede45057?s=96&d=mm&r=g","caption":"ckl"},"url":"https:\/\/cklcomunicaciones.es\/coop\/author\/cklcomunicaciones\/"}]}},"_links":{"self":[{"href":"https:\/\/cklcomunicaciones.es\/coop\/wp-json\/wp\/v2\/posts\/19877","targetHints":{"allow":["GET"]}}],"collection":[{"href":"https:\/\/cklcomunicaciones.es\/coop\/wp-json\/wp\/v2\/posts"}],"about":[{"href":"https:\/\/cklcomunicaciones.es\/coop\/wp-json\/wp\/v2\/types\/post"}],"author":[{"embeddable":true,"href":"https:\/\/cklcomunicaciones.es\/coop\/wp-json\/wp\/v2\/users\/3"}],"replies":[{"embeddable":true,"href":"https:\/\/cklcomunicaciones.es\/coop\/wp-json\/wp\/v2\/comments?post=19877"}],"version-history":[{"count":0,"href":"https:\/\/cklcomunicaciones.es\/coop\/wp-json\/wp\/v2\/posts\/19877\/revisions"}],"wp:featuredmedia":[{"embeddable":true,"href":"https:\/\/cklcomunicaciones.es\/coop\/wp-json\/wp\/v2\/media\/22909"}],"wp:attachment":[{"href":"https:\/\/cklcomunicaciones.es\/coop\/wp-json\/wp\/v2\/media?parent=19877"}],"wp:term":[{"taxonomy":"category","embeddable":true,"href":"https:\/\/cklcomunicaciones.es\/coop\/wp-json\/wp\/v2\/categories?post=19877"},{"taxonomy":"post_tag","embeddable":true,"href":"https:\/\/cklcomunicaciones.es\/coop\/wp-json\/wp\/v2\/tags?post=19877"}],"curies":[{"name":"wp","href":"https:\/\/api.w.org\/{rel}","templated":true}]}}