{"id":19864,"date":"2023-05-09T20:17:16","date_gmt":"2023-05-09T18:17:16","guid":{"rendered":"https:\/\/www.cklcomunicaciones.es\/?p=19864"},"modified":"2025-02-08T11:55:56","modified_gmt":"2025-02-08T10:55:56","slug":"noticias-info-ckl-no-2787-09-05-23","status":"publish","type":"post","link":"https:\/\/cklcomunicaciones.es\/coop\/noticias-info-ckl-no-2787-09-05-23\/","title":{"rendered":"Noticias Info CKL n\u00ba 2788-09\/05\/23"},"content":{"rendered":"<div class=\"fusion-fullwidth fullwidth-box fusion-builder-row-1 fusion-flex-container nonhundred-percent-fullwidth non-hundred-percent-height-scrolling\" style=\"--awb-border-radius-top-left:0px;--awb-border-radius-top-right:0px;--awb-border-radius-bottom-right:0px;--awb-border-radius-bottom-left:0px;--awb-flex-wrap:wrap;\" ><div class=\"fusion-builder-row fusion-row fusion-flex-align-items-flex-start fusion-flex-content-wrap\" style=\"max-width:1248px;margin-left: calc(-4% \/ 2 );margin-right: calc(-4% \/ 2 );\"><div class=\"fusion-layout-column fusion_builder_column fusion-builder-column-0 fusion_builder_column_1_1 1_1 fusion-flex-column\" style=\"--awb-bg-blend:overlay;--awb-bg-size:cover;--awb-width-large:100%;--awb-margin-top-large:0px;--awb-spacing-right-large:1.92%;--awb-margin-bottom-large:0px;--awb-spacing-left-large:1.92%;--awb-width-medium:100%;--awb-spacing-right-medium:1.92%;--awb-spacing-left-medium:1.92%;--awb-width-small:100%;--awb-spacing-right-small:1.92%;--awb-spacing-left-small:1.92%;\"><div class=\"fusion-column-wrapper fusion-flex-justify-content-flex-start fusion-content-layout-column\"><div class=\"fusion-text fusion-text-1\"><div id=\"\" class=\"lsow-panel lsow-active\">\n<h1 class=\"lsow-panel-title\">Convocatorias<\/h1>\n<div class=\"lsow-panel-content\">\n<ul>\n<li><a href=\"http:\/\/www.juntadeandalucia.es\/iam\/catalogo\/doc\/convocatorias\/2023-genero\/EL-mujer-dormida-psicofarmacos.png\" target=\"_blank\" rel=\"noopener prettyPhoto&#091;19864&#093;\" data-saferedirecturl=\"https:\/\/www.google.com\/url?q=http:\/\/www.juntadeandalucia.es\/iam\/catalogo\/doc\/convocatorias\/2023-genero\/EL-mujer-dormida-psicofarmacos.png&amp;source=gmail&amp;ust=1683734975780000&amp;usg=AOvVaw1oqKAEQmkD_j14G8vq_BPy\">Curso \u2018La Mujer Dormida: la violencia de g\u00e9nero oculta tras el consumo de psicof\u00e1rmacos y otras drogas\u2019 (3\u00aa ed.)<\/a>. Enlace, Escuela de formaci\u00f3n. 4 semanas, 24 horas.\u00a0<a href=\"https:\/\/docs.google.com\/forms\/d\/e\/1FAIpQLSfMBCCBZLO5FA_OloTbryBtMzgqtS7A8-e263cV3_hPwWIBYA\/viewform\" target=\"_blank\" rel=\"noopener\" data-saferedirecturl=\"https:\/\/www.google.com\/url?q=https:\/\/docs.google.com\/forms\/d\/e\/1FAIpQLSfMBCCBZLO5FA_OloTbryBtMzgqtS7A8-e263cV3_hPwWIBYA\/viewform&amp;source=gmail&amp;ust=1683734975780000&amp;usg=AOvVaw3wrAXbbyKX_k4VGbkRvVGi\">M\u00e1s informaci\u00f3n e preinscripciones<\/a><\/li>\n<\/ul>\n<\/div>\n<\/div>\n<div id=\"\" class=\"lsow-panel lsow-active\">\n<h1 class=\"lsow-panel-title\">Comunicaci\u00f3n, Publicidad y TICs<\/h1>\n<div class=\"lsow-panel-content\">\n<p><a href=\"https:\/\/www.google.com\/url?rct=j&amp;sa=t&amp;url=https:\/\/dircomfidencial.com\/firmas\/comunicacion-con-perspectiva-de-genero-20230509-0359\/&amp;ct=ga&amp;cd=CAEYAyoTMjUwMzkyMzgwNzk0MjEyMTA3NjIZYzAzNzJlYmMyZmVhZGE1OTplczplczpFUw&amp;usg=AOvVaw1zupADQPnFtnvTX1Bkwz0k\" target=\"_blank\" rel=\"noopener\" data-saferedirecturl=\"https:\/\/www.google.com\/url?q=https:\/\/www.google.com\/url?rct%3Dj%26sa%3Dt%26url%3Dhttps:\/\/dircomfidencial.com\/firmas\/comunicacion-con-perspectiva-de-genero-20230509-0359\/%26ct%3Dga%26cd%3DCAEYAyoTMjUwMzkyMzgwNzk0MjEyMTA3NjIZYzAzNzJlYmMyZmVhZGE1OTplczplczpFUw%26usg%3DAOvVaw1zupADQPnFtnvTX1Bkwz0k&amp;source=gmail&amp;ust=1683739495133000&amp;usg=AOvVaw0kt6VNUcTD7CDJ4crXXvD_\">Comunicaci\u00f3n con perspectiva de g\u00e9nero &#8211;\u00a0<\/a><a>Dircomfidencial<br \/>\n<\/a><a href=\"https:\/\/www.google.com\/url?rct=j&amp;sa=t&amp;url=https:\/\/www.notaalpie.com.ar\/2023\/05\/05\/la-inteligencia-artificial-al-acecho-una-peligrosa-herramienta-para-las-fake-news\/&amp;ct=ga&amp;cd=CAEYACoUMTc2Njg3MjkzNzI3NDkzNjMwNDMyGWUxZTc3ZDE1NjA5OGE4ZTM6ZXM6ZXM6RVM&amp;usg=AOvVaw34L8yupnJlNKVwbd0u9Be3\" target=\"_blank\" rel=\"noopener\" data-saferedirecturl=\"https:\/\/www.google.com\/url?q=https:\/\/www.google.com\/url?rct%3Dj%26sa%3Dt%26url%3Dhttps:\/\/www.notaalpie.com.ar\/2023\/05\/05\/la-inteligencia-artificial-al-acecho-una-peligrosa-herramienta-para-las-fake-news\/%26ct%3Dga%26cd%3DCAEYACoUMTc2Njg3MjkzNzI3NDkzNjMwNDMyGWUxZTc3ZDE1NjA5OGE4ZTM6ZXM6ZXM6RVM%26usg%3DAOvVaw34L8yupnJlNKVwbd0u9Be3&amp;source=gmail&amp;ust=1683739495212000&amp;usg=AOvVaw1lZY91CU-s5gvZ9wlB8IdR\">La Inteligencia Artificial al acecho: una peligrosa herramienta para las fake news-\u00a0<\/a><a>Nota al Pie<br \/>\n<\/a><a href=\"https:\/\/www.google.com\/url?rct=j&amp;sa=t&amp;url=https:\/\/www.infobae.com\/tendencias\/2023\/05\/05\/brecha-de-genero-en-ciencia-y-tecnologia-los-detalles-de-la-jornada-especial-de-ticmas-en-la-feria-del-libro\/&amp;ct=ga&amp;cd=CAEYACoTNzU2MzgyMTUzMzAxNzQ2NzYxOTIZZTFlNzdkMTU2MDk4YThlMzplczplczpFUw&amp;usg=AOvVaw3bSjJid9E0oq0V-e_rnESo\" target=\"_blank\" rel=\"noopener\" data-saferedirecturl=\"https:\/\/www.google.com\/url?q=https:\/\/www.google.com\/url?rct%3Dj%26sa%3Dt%26url%3Dhttps:\/\/www.infobae.com\/tendencias\/2023\/05\/05\/brecha-de-genero-en-ciencia-y-tecnologia-los-detalles-de-la-jornada-especial-de-ticmas-en-la-feria-del-libro\/%26ct%3Dga%26cd%3DCAEYACoTNzU2MzgyMTUzMzAxNzQ2NzYxOTIZZTFlNzdkMTU2MDk4YThlMzplczplczpFUw%26usg%3DAOvVaw3bSjJid9E0oq0V-e_rnESo&amp;source=gmail&amp;ust=1683739495224000&amp;usg=AOvVaw3pQZTuOLIdZmieQTFGThej\">Brecha de g\u00e9nero\u00a0en ciencia y\u00a0tecnolog\u00eda: los detalles de la jornada especial de Ticmas &#8230; &#8211;\u00a0<\/a><a>Infobae<br \/>\n<\/a><a href=\"https:\/\/www.google.com\/url?rct=j&amp;sa=t&amp;url=https:\/\/news.eseuro.com\/local\/1637818.html&amp;ct=ga&amp;cd=CAEYACoTODkyNTkwNzY3NjgwOTkwOTEyMzIZZTFlNzdkMTU2MDk4YThlMzplczplczpFUw&amp;usg=AOvVaw3KdoDIYAIORPYuqrKgncKH\" target=\"_blank\" rel=\"noopener\" data-saferedirecturl=\"https:\/\/www.google.com\/url?q=https:\/\/www.google.com\/url?rct%3Dj%26sa%3Dt%26url%3Dhttps:\/\/news.eseuro.com\/local\/1637818.html%26ct%3Dga%26cd%3DCAEYACoTODkyNTkwNzY3NjgwOTkwOTEyMzIZZTFlNzdkMTU2MDk4YThlMzplczplczpFUw%26usg%3DAOvVaw3KdoDIYAIORPYuqrKgncKH&amp;source=gmail&amp;ust=1683739495240000&amp;usg=AOvVaw2jFMRqQi6HBdJYNCEQ7NgE\">Google destroza el hype del primer m\u00f3vil con Android plegable puro &#8211;\u00a0<\/a><a>News ES Euro<\/a><a><br \/>\n<\/a><\/p>\n<\/div>\n<\/div>\n<div id=\"\" class=\"lsow-panel lsow-active\">\n<h1 class=\"lsow-panel-title\">Andaluc\u00eda<\/h1>\n<div class=\"lsow-panel-content\">\n<div class=\"source set_top\">\n<div data-priority=\"2\" aria-hidden=\"true\">\n<p><strong>Institucional<br \/>\n<\/strong><a href=\"https:\/\/www.google.com\/url?rct=j&amp;sa=t&amp;url=https:\/\/www.juntadeandalucia.es\/organismos\/economiahaciendayfondoseuropeos\/servicios\/actualidad\/noticias\/detalle\/414868.html&amp;ct=ga&amp;cd=CAEYACoTMjI5MjQ2MTg3NzM1MTQ1MDMzNjIZZDc4ZTU4NzVhMGYxZjJhYzplczplczpFUw&amp;usg=AOvVaw2Ik-cBnaPSeE-l8H_aqZc7\" target=\"_blank\" rel=\"noopener\" data-saferedirecturl=\"https:\/\/www.google.com\/url?q=https:\/\/www.google.com\/url?rct%3Dj%26sa%3Dt%26url%3Dhttps:\/\/www.juntadeandalucia.es\/organismos\/economiahaciendayfondoseuropeos\/servicios\/actualidad\/noticias\/detalle\/414868.html%26ct%3Dga%26cd%3DCAEYACoTMjI5MjQ2MTg3NzM1MTQ1MDMzNjIZZDc4ZTU4NzVhMGYxZjJhYzplczplczpFUw%26usg%3DAOvVaw2Ik-cBnaPSeE-l8H_aqZc7&amp;source=gmail&amp;ust=1683731113854000&amp;usg=AOvVaw0B1LEKbMIYFMpfduJ1E7nd\">Carolina Espa\u00f1a: \u201cEstamos transformando Andaluc\u00eda de la mano de las empresas\u201d &#8211;\u00a0<\/a><a>Junta de Andaluc\u00eda<\/a><\/p>\n<p><strong>Econom\u00eda y Empresa<br \/>\n<\/strong><a href=\"https:\/\/www.google.com\/url?rct=j&amp;sa=t&amp;url=https:\/\/www.diariodealmeria.es\/finanzasyagricultura\/Liderando-Femenino-lideres-futuro-almeria_0_1791122613.html&amp;ct=ga&amp;cd=CAEYASoTMzAyNDI3MzM5MTA1NzIwNjc0ODIbOWFiMWNkZDdlMzY2ZWYzODplczplczpFUzpS&amp;usg=AOvVaw1IRMqB8nyoLEa1R3vzluU-\" target=\"_blank\" rel=\"noopener\" data-saferedirecturl=\"https:\/\/www.google.com\/url?q=https:\/\/www.google.com\/url?rct%3Dj%26sa%3Dt%26url%3Dhttps:\/\/www.diariodealmeria.es\/finanzasyagricultura\/Liderando-Femenino-lideres-futuro-almeria_0_1791122613.html%26ct%3Dga%26cd%3DCAEYASoTMzAyNDI3MzM5MTA1NzIwNjc0ODIbOWFiMWNkZDdlMzY2ZWYzODplczplczpFUzpS%26usg%3DAOvVaw1IRMqB8nyoLEa1R3vzluU-&amp;source=gmail&amp;ust=1683731117950000&amp;usg=AOvVaw14_lncdFVA9XmPizk4rB47\">L<\/a><a href=\"https:\/\/www.google.com\/url?rct=j&amp;sa=t&amp;url=http:\/\/www.gentedigital.es\/almeria\/noticia\/3622715\/diputacion--la-diputacion-alberga-la-clausura-del-iii-programa-de-mentoring-liderando-en-femenino\/&amp;ct=ga&amp;cd=CAEYAyoUMTM2NDExMTM1Nzk3MzQ2Nzk0NzQyGWMwMzcyZWJjMmZlYWRhNTk6ZXM6ZXM6RVM&amp;usg=AOvVaw3l2JKPpQpmRygfA1bh9iRc\" target=\"_blank\" rel=\"noopener\" data-saferedirecturl=\"https:\/\/www.google.com\/url?q=https:\/\/www.google.com\/url?rct%3Dj%26sa%3Dt%26url%3Dhttp:\/\/www.gentedigital.es\/almeria\/noticia\/3622715\/diputacion--la-diputacion-alberga-la-clausura-del-iii-programa-de-mentoring-liderando-en-femenino\/%26ct%3Dga%26cd%3DCAEYAyoUMTM2NDExMTM1Nzk3MzQ2Nzk0NzQyGWMwMzcyZWJjMmZlYWRhNTk6ZXM6ZXM6RVM%26usg%3DAOvVaw3l2JKPpQpmRygfA1bh9iRc&amp;source=gmail&amp;ust=1683739495015000&amp;usg=AOvVaw3D7M211TTu6g2rQbtUvNHz\">a Diputaci\u00f3n de Almer\u00eda alberga la clausura del III Programa de Mentoring &#8216;Liderando en Femenino&#8217;-\u00a0<\/a><a>Gente Digital<br \/>\n<\/a><a class=\"title\" href=\"https:\/\/www.larazon.es\/andalucia\/andalucia-hay-mas-350000-familias-cooperativistas_20230509645a5c422e790c0001b14a1c.html\" target=\"_blank\" rel=\"noopener\" data-artpy=\"0\" data-author=\"La Raz\u00f3n Digital\">En Andaluc\u00eda hay m\u00e1s de 350.000 familias cooperativistas<\/a>-larazon<br \/>\n<a class=\"title\" href=\"https:\/\/theconversation.com\/masculinidad-en-el-campo-de-andalucia-la-pesada-carga-de-ser-hombre-y-trabajar-la-tierra-202485\" target=\"_blank\" rel=\"noopener\" data-artpy=\"0\" data-author=\"The Conversation\">Masculinidad en el campo de Andaluc\u00eda: la pesada carga de ser hombre y trabajar la tierra<\/a>-theconversation<a><br \/>\n<\/a><a href=\"https:\/\/www.google.com\/url?rct=j&amp;sa=t&amp;url=https:\/\/www.europapress.es\/esandalucia\/sevilla\/noticia-junta-celebra-dia-europa-reconoce-proyectos-contribuido-desarrollo-social-territorial-andaluz-20230509152130.html&amp;ct=ga&amp;cd=CAEYACoTODU2MTMzOTEyMjc0OTg1MDM0NDIZZDc4ZTU4NzVhMGYxZjJhYzplczplczpFUw&amp;usg=AOvVaw39bQiuPySIOtkJzhR-XE0q\" target=\"_blank\" rel=\"noopener\" data-saferedirecturl=\"https:\/\/www.google.com\/url?q=https:\/\/www.google.com\/url?rct%3Dj%26sa%3Dt%26url%3Dhttps:\/\/www.europapress.es\/esandalucia\/sevilla\/noticia-junta-celebra-dia-europa-reconoce-proyectos-contribuido-desarrollo-social-territorial-andaluz-20230509152130.html%26ct%3Dga%26cd%3DCAEYACoTODU2MTMzOTEyMjc0OTg1MDM0NDIZZDc4ZTU4NzVhMGYxZjJhYzplczplczpFUw%26usg%3DAOvVaw39bQiuPySIOtkJzhR-XE0q&amp;source=gmail&amp;ust=1683731113915000&amp;usg=AOvVaw2wp9pMuEmkQ1Z8wjPsT0db\">La Junta celebra el D\u00eda de Europa y reconoce a proyectos que han contribuido al desarrollo &#8230;-\u00a0<\/a><a>Europa Press<\/a><\/p>\n<p><strong>Actualidad<br \/>\n<\/strong><a href=\"https:\/\/www.google.com\/url?rct=j&amp;sa=t&amp;url=https:\/\/www.europapress.es\/esandalucia\/sevilla\/noticia-instituto-andaluz-mujer-asesora-consejerias-ayuntamientos-universidades-crear-planes-igualdad-20230507110632.html&amp;ct=ga&amp;cd=CAEYACoTNzgyOTkxNTE1ODUyMTMyMjY4NDIbOWFiMWNkZDdlMzY2ZWYzODplczplczpFUzpS&amp;usg=AOvVaw0xfMTOvLD0J6z-Yb6K72oB\" target=\"_blank\" rel=\"noopener\" data-saferedirecturl=\"https:\/\/www.google.com\/url?q=https:\/\/www.google.com\/url?rct%3Dj%26sa%3Dt%26url%3Dhttps:\/\/www.europapress.es\/esandalucia\/sevilla\/noticia-instituto-andaluz-mujer-asesora-consejerias-ayuntamientos-universidades-crear-planes-igualdad-20230507110632.html%26ct%3Dga%26cd%3DCAEYACoTNzgyOTkxNTE1ODUyMTMyMjY4NDIbOWFiMWNkZDdlMzY2ZWYzODplczplczpFUzpS%26usg%3DAOvVaw0xfMTOvLD0J6z-Yb6K72oB&amp;source=gmail&amp;ust=1683735082237000&amp;usg=AOvVaw1ZxmOTDH8xB00TU_QKhO30\">El\u00a0Instituto Andaluz de la Mujer asesora a consejer\u00edas, ayuntamientos y universidades para crear sus planes de igualdad &#8230;-\u00a0<\/a><a>Europa Press<br \/>\n<\/a><a href=\"https:\/\/www.google.com\/url?rct=j&amp;sa=t&amp;url=https:\/\/andaluciainformacion.es\/andalucia\/1260695\/una-madre-no-puede-verse-abocada-a-renunciar-a-todo-por-el-hecho-de-ser-una-madre\/&amp;ct=ga&amp;cd=CAEYASoTOTY2MTQ0MDM1MjY4NDcyNDY1NDIbOWFiMWNkZDdlMzY2ZWYzODplczplczpFUzpS&amp;usg=AOvVaw1fZTcFHt_jEu30kuz3nfl8\" target=\"_blank\" rel=\"noopener\" data-saferedirecturl=\"https:\/\/www.google.com\/url?q=https:\/\/www.google.com\/url?rct%3Dj%26sa%3Dt%26url%3Dhttps:\/\/andaluciainformacion.es\/andalucia\/1260695\/una-madre-no-puede-verse-abocada-a-renunciar-a-todo-por-el-hecho-de-ser-una-madre\/%26ct%3Dga%26cd%3DCAEYASoTOTY2MTQ0MDM1MjY4NDcyNDY1NDIbOWFiMWNkZDdlMzY2ZWYzODplczplczpFUzpS%26usg%3DAOvVaw1fZTcFHt_jEu30kuz3nfl8&amp;source=gmail&amp;ust=1683731117942000&amp;usg=AOvVaw0saFYRwFDDQE4aXLVtbUfT\">Una madre no puede verse abocada a renunciar a todo por el hecho de ser madre&#8230; &#8211;\u00a0<\/a><a>Andaluc\u00eda Informaci\u00f3n<\/a><a><br \/>\n<\/a><a href=\"https:\/\/www.google.com\/url?rct=j&amp;sa=t&amp;url=https:\/\/andaluciaorienta.net\/itinerario-formativo-granada-plantas-aromaticas-y-medicinales&amp;ct=ga&amp;cd=CAEYAioTODU2MTMzOTEyMjc0OTg1MDM0NDIZZDc4ZTU4NzVhMGYxZjJhYzplczplczpFUw&amp;usg=AOvVaw0FNjKFMEiCp25dqmiDnwdX\" target=\"_blank\" rel=\"noopener\" data-saferedirecturl=\"https:\/\/www.google.com\/url?q=https:\/\/www.google.com\/url?rct%3Dj%26sa%3Dt%26url%3Dhttps:\/\/andaluciaorienta.net\/itinerario-formativo-granada-plantas-aromaticas-y-medicinales%26ct%3Dga%26cd%3DCAEYAioTODU2MTMzOTEyMjc0OTg1MDM0NDIZZDc4ZTU4NzVhMGYxZjJhYzplczplczpFUw%26usg%3DAOvVaw0FNjKFMEiCp25dqmiDnwdX&amp;source=gmail&amp;ust=1683731113916000&amp;usg=AOvVaw2ChawYomHKlO9yXfgctOrd\">Itinerario formativo para mujeres, en Granada, sobre \u201cProducci\u00f3n y transformaci\u00f3n &#8230;-\u00a0<\/a><a>Andaluc\u00eda Orienta<\/a><\/p>\n<p><strong>Violencias<br \/>\n<\/strong><a href=\"https:\/\/www.google.com\/url?rct=j&amp;sa=t&amp;url=http:\/\/www.gentedigital.es\/sevilla\/noticia\/3621682\/la-junta-ultima-una-reforma-de-la-orden-que-regula-ayudas-economicas-a-victimas-de-violencia-de-genero-para-agilizarlas\/&amp;ct=ga&amp;cd=CAEYASoTNzgyOTkxNTE1ODUyMTMyMjY4NDIbOWFiMWNkZDdlMzY2ZWYzODplczplczpFUzpS&amp;usg=AOvVaw2G6t88pH0gxvm4tgFSuA45\" target=\"_blank\" rel=\"noopener\" data-saferedirecturl=\"https:\/\/www.google.com\/url?q=https:\/\/www.google.com\/url?rct%3Dj%26sa%3Dt%26url%3Dhttp:\/\/www.gentedigital.es\/sevilla\/noticia\/3621682\/la-junta-ultima-una-reforma-de-la-orden-que-regula-ayudas-economicas-a-victimas-de-violencia-de-genero-para-agilizarlas\/%26ct%3Dga%26cd%3DCAEYASoTNzgyOTkxNTE1ODUyMTMyMjY4NDIbOWFiMWNkZDdlMzY2ZWYzODplczplczpFUzpS%26usg%3DAOvVaw2G6t88pH0gxvm4tgFSuA45&amp;source=gmail&amp;ust=1683735082238000&amp;usg=AOvVaw3bC31KpGu_4hQRR28P5Byo\">La Junta ultima una reforma de la orden que regula ayudas econ\u00f3micas a v\u00edctimas &#8230; &#8211;\u00a0<\/a><a>Gente Digital<br \/>\n<\/a><a href=\"https:\/\/www.google.com\/url?rct=j&amp;sa=t&amp;url=https:\/\/www.europapress.es\/andalucia\/sevilla-00357\/noticia-lopez-muestra-repulsa-condena-caso-mujer-retenida-contra-voluntad-sevilla-20230508131401.html&amp;ct=ga&amp;cd=CAEYACoTMzAyNDI3MzM5MTA1NzIwNjc0ODIbOWFiMWNkZDdlMzY2ZWYzODplczplczpFUzpS&amp;usg=AOvVaw2hVVT7sKY4gB-asIKWNcpI\" target=\"_blank\" rel=\"noopener\" data-saferedirecturl=\"https:\/\/www.google.com\/url?q=https:\/\/www.google.com\/url?rct%3Dj%26sa%3Dt%26url%3Dhttps:\/\/www.europapress.es\/andalucia\/sevilla-00357\/noticia-lopez-muestra-repulsa-condena-caso-mujer-retenida-contra-voluntad-sevilla-20230508131401.html%26ct%3Dga%26cd%3DCAEYACoTMzAyNDI3MzM5MTA1NzIwNjc0ODIbOWFiMWNkZDdlMzY2ZWYzODplczplczpFUzpS%26usg%3DAOvVaw2hVVT7sKY4gB-asIKWNcpI&amp;source=gmail&amp;ust=1683731117950000&amp;usg=AOvVaw1ZlUprF0NO-K8xggEuiXdV\">L\u00f3pez muestra su \u00abrepulsa y condena\u00bb por el caso de la mujer retenida en contra &#8230; &#8211;\u00a0<\/a><a>Europa Press<br \/>\n<\/a><a href=\"https:\/\/www.google.com\/url?rct=j&amp;sa=t&amp;url=https:\/\/www.canalsur.es\/television\/menores-e-internet-la-trampa-del-porno\/1929325.html&amp;ct=ga&amp;cd=CAEYAioTNzgyOTkxNTE1ODUyMTMyMjY4NDIbOWFiMWNkZDdlMzY2ZWYzODplczplczpFUzpS&amp;usg=AOvVaw3OoTWARjEDyN4EL7kQMn8m\" target=\"_blank\" rel=\"noopener\" data-saferedirecturl=\"https:\/\/www.google.com\/url?q=https:\/\/www.google.com\/url?rct%3Dj%26sa%3Dt%26url%3Dhttps:\/\/www.canalsur.es\/television\/menores-e-internet-la-trampa-del-porno\/1929325.html%26ct%3Dga%26cd%3DCAEYAioTNzgyOTkxNTE1ODUyMTMyMjY4NDIbOWFiMWNkZDdlMzY2ZWYzODplczplczpFUzpS%26usg%3DAOvVaw3OoTWARjEDyN4EL7kQMn8m&amp;source=gmail&amp;ust=1683735082238000&amp;usg=AOvVaw0IVo8wJ15tOq7-34ZXpVW8\">Menores e Internet: la trampa del porno &#8211;\u00a0<\/a><a>Canal Sur<\/a><\/p>\n<p><a>\u00a0<\/a><b>Ciencia y Cultura<br \/>\n<\/b><a href=\"https:\/\/www.google.com\/url?rct=j&amp;sa=t&amp;url=https:\/\/www.lavanguardia.com\/local\/sevilla\/20230505\/8946378\/doctora-historia-uco-elena-lazaro-gana-premio-nacional-ensayo-feminista-celia-amoros.html&amp;ct=ga&amp;cd=CAEYACoSNTQ2MjQxOTQ5MTEzNTUwMjA1MhljMDM3MmViYzJmZWFkYTU5OmVzOmVzOkVT&amp;usg=AOvVaw2Cqu79WPs76VHK1VLdTrkP\" target=\"_blank\" rel=\"noopener\" data-saferedirecturl=\"https:\/\/www.google.com\/url?q=https:\/\/www.google.com\/url?rct%3Dj%26sa%3Dt%26url%3Dhttps:\/\/www.lavanguardia.com\/local\/sevilla\/20230505\/8946378\/doctora-historia-uco-elena-lazaro-gana-premio-nacional-ensayo-feminista-celia-amoros.html%26ct%3Dga%26cd%3DCAEYACoSNTQ2MjQxOTQ5MTEzNTUwMjA1MhljMDM3MmViYzJmZWFkYTU5OmVzOmVzOkVT%26usg%3DAOvVaw2Cqu79WPs76VHK1VLdTrkP&amp;source=gmail&amp;ust=1683739494300000&amp;usg=AOvVaw3bjsQx7xn7O9fLKYwuNgy3\">La doctora en Historia por la UCO Elena L\u00e1zaro gana el premio nacional de ensayo feminista Celia Amor\u00f3s &#8230;-\u00a0<\/a><a href=\"https:\/\/www.google.com\/url?rct=j&amp;sa=t&amp;url=https:\/\/www.lavanguardia.com\/local\/sevilla\/20230505\/8946378\/doctora-historia-uco-elena-lazaro-gana-premio-nacional-ensayo-feminista-celia-amoros.html&amp;ct=ga&amp;cd=CAEYACoSNTQ2MjQxOTQ5MTEzNTUwMjA1MhljMDM3MmViYzJmZWFkYTU5OmVzOmVzOkVT&amp;usg=AOvVaw2Cqu79WPs76VHK1VLdTrkP\" target=\"_blank\" rel=\"noopener\" data-saferedirecturl=\"https:\/\/www.google.com\/url?q=https:\/\/www.google.com\/url?rct%3Dj%26sa%3Dt%26url%3Dhttps:\/\/www.lavanguardia.com\/local\/sevilla\/20230505\/8946378\/doctora-historia-uco-elena-lazaro-gana-premio-nacional-ensayo-feminista-celia-amoros.html%26ct%3Dga%26cd%3DCAEYACoSNTQ2MjQxOTQ5MTEzNTUwMjA1MhljMDM3MmViYzJmZWFkYTU5OmVzOmVzOkVT%26usg%3DAOvVaw2Cqu79WPs76VHK1VLdTrkP&amp;source=gmail&amp;ust=1683739494300000&amp;usg=AOvVaw3bjsQx7xn7O9fLKYwuNgy3\">L<\/a><a>a Vanguardia<br \/>\n<\/a><a href=\"https:\/\/www.google.com\/url?rct=j&amp;sa=t&amp;url=https:\/\/www.rtve.es\/play\/videos\/un-pais-para-leerlo\/remedios-zafra-entrevista\/6882682\/&amp;ct=ga&amp;cd=CAEYACoUMTEyMzkyNTkxODg4MjA4MzA5ODEyGWMwMzcyZWJjMmZlYWRhNTk6ZXM6ZXM6RVM&amp;usg=AOvVaw0_hndZhrImao5Oe8RPmi80\" target=\"_blank\" rel=\"noopener\" data-saferedirecturl=\"https:\/\/www.google.com\/url?q=https:\/\/www.google.com\/url?rct%3Dj%26sa%3Dt%26url%3Dhttps:\/\/www.rtve.es\/play\/videos\/un-pais-para-leerlo\/remedios-zafra-entrevista\/6882682\/%26ct%3Dga%26cd%3DCAEYACoUMTEyMzkyNTkxODg4MjA4MzA5ODEyGWMwMzcyZWJjMmZlYWRhNTk6ZXM6ZXM6RVM%26usg%3DAOvVaw0_hndZhrImao5Oe8RPmi80&amp;source=gmail&amp;ust=1683739494310000&amp;usg=AOvVaw0XAQ-FxNskhP_DM8eYbVJL\">Entrevista a Remedios Zafra &#8211;\u00a0<\/a><a>RTVE<br \/>\n<\/a><b><\/b><a href=\"https:\/\/www.google.com\/url?rct=j&amp;sa=t&amp;url=https:\/\/www.eldiadecordoba.es\/cordoba\/Maria-Zaragoza-Eulalia-Ramon-corto-Cuentas-divinas-Filmoteca-Andalucia_0_1790221507.html&amp;ct=ga&amp;cd=CAEYACoUMTYwNzQwMDI0NzQ1NTg1NDMyMzEyGWMwMzcyZWJjMmZlYWRhNTk6ZXM6ZXM6RVM&amp;usg=AOvVaw3mR0WxbzoaTVhC7HUeCPOu\" target=\"_blank\" rel=\"noopener\" data-saferedirecturl=\"https:\/\/www.google.com\/url?q=https:\/\/www.google.com\/url?rct%3Dj%26sa%3Dt%26url%3Dhttps:\/\/www.eldiadecordoba.es\/cordoba\/Maria-Zaragoza-Eulalia-Ramon-corto-Cuentas-divinas-Filmoteca-Andalucia_0_1790221507.html%26ct%3Dga%26cd%3DCAEYACoUMTYwNzQwMDI0NzQ1NTg1NDMyMzEyGWMwMzcyZWJjMmZlYWRhNTk6ZXM6ZXM6RVM%26usg%3DAOvVaw3mR0WxbzoaTVhC7HUeCPOu&amp;source=gmail&amp;ust=1683739494283000&amp;usg=AOvVaw3zZyEQfO_U2859fTD-hkqc\">La escritora Mar\u00eda Zaragoza y la actriz Eul\u00e0lia Ram\u00f3n presentan su corto Cuentas divinas &#8230;-\u00a0<\/a><a>El D\u00eda de C\u00f3rdoba<br \/>\n<\/a><a href=\"https:\/\/www.google.com\/url?rct=j&amp;sa=t&amp;url=https:\/\/www.ideal.es\/culturas\/almeria\/carmen-bretones-lanza-memoria-compartida-finalista-premio-20230508142617-nt.html&amp;ct=ga&amp;cd=CAEYBioUMTI1OTA5NjI2MDE2OTQ0Njg1NjEyGWMwMzcyZWJjMmZlYWRhNTk6ZXM6ZXM6RVM&amp;usg=AOvVaw0N1CcEp8xVl503uW_GRBKj\" target=\"_blank\" rel=\"noopener\" data-saferedirecturl=\"https:\/\/www.google.com\/url?q=https:\/\/www.google.com\/url?rct%3Dj%26sa%3Dt%26url%3Dhttps:\/\/www.ideal.es\/culturas\/almeria\/carmen-bretones-lanza-memoria-compartida-finalista-premio-20230508142617-nt.html%26ct%3Dga%26cd%3DCAEYBioUMTI1OTA5NjI2MDE2OTQ0Njg1NjEyGWMwMzcyZWJjMmZlYWRhNTk6ZXM6ZXM6RVM%26usg%3DAOvVaw0N1CcEp8xVl503uW_GRBKj&amp;source=gmail&amp;ust=1683739494937000&amp;usg=AOvVaw2kDRAXy7fc6Qie7uOSljQb\">Carmen Bretones lanza &#8216;La memoria compartida&#8217;, finalista del premio Fernando Lara &#8211;<\/a><a>Ideal<br \/>\n<\/a><a href=\"https:\/\/www.google.com\/url?rct=j&amp;sa=t&amp;url=https:\/\/www.larazon.es\/comunidad-valenciana\/divorciadora-primera-mujer-periodista-espana_20230508645874b9f921370001a66936.html&amp;ct=ga&amp;cd=CAEYACoTNzE4MDAzMDA3MTQ1MTE0OTYxMTIZYzAzNzJlYmMyZmVhZGE1OTplczplczpFUw&amp;usg=AOvVaw1ZwN__NU-XDiBd5j1SxnoY\" target=\"_blank\" rel=\"noopener\" data-saferedirecturl=\"https:\/\/www.google.com\/url?q=https:\/\/www.google.com\/url?rct%3Dj%26sa%3Dt%26url%3Dhttps:\/\/www.larazon.es\/comunidad-valenciana\/divorciadora-primera-mujer-periodista-espana_20230508645874b9f921370001a66936.html%26ct%3Dga%26cd%3DCAEYACoTNzE4MDAzMDA3MTQ1MTE0OTYxMTIZYzAzNzJlYmMyZmVhZGE1OTplczplczpFUw%26usg%3DAOvVaw1ZwN__NU-XDiBd5j1SxnoY&amp;source=gmail&amp;ust=1683739494810000&amp;usg=AOvVaw3QXjH63rvPCldetuoEFO6X\">La divorciadora\u00bb, la primera\u00a0mujer periodista de Espa\u00f1a &#8211;\u00a0<\/a><a>La Raz\u00f3n<br \/>\n<\/a><a class=\"title\" href=\"https:\/\/www.ideal.es\/culturas\/almeria\/oro-ensalza-homenajea-papel-mujer-tiempos-teatro-20230507141908-nt.html\" target=\"_blank\" rel=\"noopener\" data-artpy=\"0\" data-author=\"ideal\">&#8216;Ellas de oro&#8217; ensalza y homenajea el papel de la mujer en tiempos del Teatro del Siglo de Oro<\/a>-ideal<br \/>\n<a class=\"title\" href=\"https:\/\/www.huelvainformacion.es\/elrocio\/Virgen-Rocio-Romeria-Interes-Cultural_0_1791421481.html\" target=\"_blank\" rel=\"noopener\" data-artpy=\"0\" data-author=\"Huelva Informaci\u00f3n\">La Virgen del Roc\u00edo y la Romer\u00eda ya son Bienes de Inter\u00e9s Cultural<\/a>-huelvainformacion<\/p>\n<p><b><\/b><strong>Deporte<br \/>\n<\/strong><a class=\"title\" href=\"https:\/\/andaluciainformacion.es\/ronda\/1261411\/presentada-la-vuelta-a-andalucia-elite-women-que-arranca-en-alcala-el-31-de-mayo\/\" target=\"_blank\" rel=\"noopener\" data-artpy=\"0\" data-author=\"Andaluc\u00eda Informaci\u00f3n\">Presentada la Vuelta a Andaluc\u00eda \u00c9lite Women, que arranca en Alcal\u00e1 el 31 de mayo<\/a>-andaluciainformacion<br \/>\n<a class=\"title\" href=\"https:\/\/andaluciainformacion.es\/ronda\/1262041\/carolina-marin-ahora-mismo-estoy-a-un-80-por-ciento-de-mi-mejor-nivel\/\" target=\"_blank\" rel=\"noopener\" data-artpy=\"0\" data-author=\"Andaluc\u00eda Informaci\u00f3n\">Carolina Mar\u00edn: \u00abAhora mismo estoy a un 80 por ciento de mi mejor nivel\u00bb-\u00a0<\/a>andaluciainformacion<\/p>\n<\/div>\n<\/div>\n<\/div>\n<\/div>\n<div id=\"\" class=\"lsow-panel lsow-active\">\n<h1 class=\"lsow-panel-title\">Estado<\/h1>\n<div class=\"lsow-panel-content\">\n<p><strong>Institucional<br \/>\n<\/strong><a href=\"https:\/\/www.google.com\/url?rct=j&amp;sa=t&amp;url=https:\/\/www.lasexta.com\/noticias\/nacional\/constitucional-consagra-derecho-mujer-aborto-13-anos-despues_20230509645a3e4f73ab380001f65553.html&amp;ct=ga&amp;cd=CAEYACoTMjUwMzkyMzgwNzk0MjEyMTA3NjIZYzAzNzJlYmMyZmVhZGE1OTplczplczpFUw&amp;usg=AOvVaw3L55bzN8RugDkRCalu_HZ9\" target=\"_blank\" rel=\"noopener\" data-saferedirecturl=\"https:\/\/www.google.com\/url?q=https:\/\/www.google.com\/url?rct%3Dj%26sa%3Dt%26url%3Dhttps:\/\/www.lasexta.com\/noticias\/nacional\/constitucional-consagra-derecho-mujer-aborto-13-anos-despues_20230509645a3e4f73ab380001f65553.html%26ct%3Dga%26cd%3DCAEYACoTMjUwMzkyMzgwNzk0MjEyMTA3NjIZYzAzNzJlYmMyZmVhZGE1OTplczplczpFUw%26usg%3DAOvVaw3L55bzN8RugDkRCalu_HZ9&amp;source=gmail&amp;ust=1683739495132000&amp;usg=AOvVaw0zqFjxtXxvUSpdeYssJd9z\">El Constitucional consagra el derecho de la\u00a0mujer al aborto 13 a\u00f1os despu\u00e9s &#8211;\u00a0<\/a><a>laSexta<\/a><\/p>\n<p><strong>Institucional \u2013 CCAA<br \/>\n<\/strong><a href=\"https:\/\/www.google.com\/url?rct=j&amp;sa=t&amp;url=https:\/\/agroinformacion.com\/mujeres-cooperativistas-de-andalucia-castilla-la-mancha-y-extremadura-comparten-experiencias-y-herramientas-de-liderazgo\/&amp;ct=ga&amp;cd=CAEYACoUMTc0MDkxNTA1Mjk5NTQxNTY1ODUyGWQ3OGU1ODc1YTBmMWYyYWM6ZXM6ZXM6RVM&amp;usg=AOvVaw3vSIfsPlTyu1yzq-yM8g5l\" target=\"_blank\" rel=\"noopener\" data-saferedirecturl=\"https:\/\/www.google.com\/url?q=https:\/\/www.google.com\/url?rct%3Dj%26sa%3Dt%26url%3Dhttps:\/\/agroinformacion.com\/mujeres-cooperativistas-de-andalucia-castilla-la-mancha-y-extremadura-comparten-experiencias-y-herramientas-de-liderazgo\/%26ct%3Dga%26cd%3DCAEYACoUMTc0MDkxNTA1Mjk5NTQxNTY1ODUyGWQ3OGU1ODc1YTBmMWYyYWM6ZXM6ZXM6RVM%26usg%3DAOvVaw3vSIfsPlTyu1yzq-yM8g5l&amp;source=gmail&amp;ust=1683731113764000&amp;usg=AOvVaw0Co1QYUO1SNGUVP6H_aXQa\">Mujeres cooperativistas de\u00a0Andaluc\u00eda, Castilla-La Mancha y Extremadura comparten &#8230;-\u00a0<\/a><a>Agroinformacion<\/a><strong><br \/>\n<\/strong><a href=\"https:\/\/www.google.com\/url?rct=j&amp;sa=t&amp;url=https:\/\/radiopopular.com\/podcast\/cccc-8\/&amp;ct=ga&amp;cd=CAEYACoUMTM3OTg2MTkzNzMyMTkyMjc5NDYyGzkxODg1N2NkNjBmOTc3NDg6ZXM6ZXM6RVM6TA&amp;usg=AOvVaw3uiCuk1jqfkp4G_dSykaZz\" target=\"_blank\" rel=\"noopener\" data-saferedirecturl=\"https:\/\/www.google.com\/url?q=https:\/\/www.google.com\/url?rct%3Dj%26sa%3Dt%26url%3Dhttps:\/\/radiopopular.com\/podcast\/cccc-8\/%26ct%3Dga%26cd%3DCAEYACoUMTM3OTg2MTkzNzMyMTkyMjc5NDYyGzkxODg1N2NkNjBmOTc3NDg6ZXM6ZXM6RVM6TA%26usg%3DAOvVaw3uiCuk1jqfkp4G_dSykaZz&amp;source=gmail&amp;ust=1683731117089000&amp;usg=AOvVaw0Z1ULFkFVSA0U_LOKr-Xgt\">Sareen Sarea apuesta por una Euskadi m\u00e1s igualitaria y justa sembrando la transformaci\u00f3n\u00a0social<\/a>-radiopopular<br \/>\n<a href=\"https:\/\/www.google.com\/url?rct=j&amp;sa=t&amp;url=https:\/\/www.galiciapress.es\/articulo\/ultima-hora\/2023-05-06\/4279755-consello-economico-pide-politicas-claras-recursos-garantizar-cumpla-ley-igualdad-autonomica&amp;ct=ga&amp;cd=CAEYASoTNjE2NDcwNDg4ODUwMDAzNTA0MjIZNTlkNzgxNzEzNmEyZDAyODplczplczpFUw&amp;usg=AOvVaw3cffwOQQWR4VPIUXXzQ1L6\" target=\"_blank\" rel=\"noopener\" data-saferedirecturl=\"https:\/\/www.google.com\/url?q=https:\/\/www.google.com\/url?rct%3Dj%26sa%3Dt%26url%3Dhttps:\/\/www.galiciapress.es\/articulo\/ultima-hora\/2023-05-06\/4279755-consello-economico-pide-politicas-claras-recursos-garantizar-cumpla-ley-igualdad-autonomica%26ct%3Dga%26cd%3DCAEYASoTNjE2NDcwNDg4ODUwMDAzNTA0MjIZNTlkNzgxNzEzNmEyZDAyODplczplczpFUw%26usg%3DAOvVaw3cffwOQQWR4VPIUXXzQ1L6&amp;source=gmail&amp;ust=1683731114296000&amp;usg=AOvVaw2EjnrbMJ6A2WT82pAOdtx7\">El Consello Econ\u00f3mico pide pol\u00edticas \u00abclaras\u00bb y recursos para garantizar que se cumpla la ley de igualdad auton\u00f3mica&#8230;-\u00a0<\/a><a>Galiciapress<\/a><\/p>\n<p><strong>Econom\u00eda y Empresa<br \/>\n<\/strong><a href=\"https:\/\/www.google.com\/url?rct=j&amp;sa=t&amp;url=https:\/\/www.lavanguardia.com\/vida\/20230509\/8952704\/igualdad-laboral-hombres-mujeres-aumentaria-riqueza-espana-8-2060.html&amp;ct=ga&amp;cd=CAEYACoTMjk3NTY5MjYzNDA5Mjg0NTQwNDIZNTlkNzgxNzEzNmEyZDAyODplczplczpFUw&amp;usg=AOvVaw20vwamxsNz_503epqLGBv1\" target=\"_blank\" rel=\"noopener\" data-saferedirecturl=\"https:\/\/www.google.com\/url?q=https:\/\/www.google.com\/url?rct%3Dj%26sa%3Dt%26url%3Dhttps:\/\/www.lavanguardia.com\/vida\/20230509\/8952704\/igualdad-laboral-hombres-mujeres-aumentaria-riqueza-espana-8-2060.html%26ct%3Dga%26cd%3DCAEYACoTMjk3NTY5MjYzNDA5Mjg0NTQwNDIZNTlkNzgxNzEzNmEyZDAyODplczplczpFUw%26usg%3DAOvVaw20vwamxsNz_503epqLGBv1&amp;source=gmail&amp;ust=1683731114616000&amp;usg=AOvVaw23OHhsX2TSJhfC7-OfLRXL\">La igualdad laboral de hombres y mujeres aumentar\u00eda la riqueza en Espa\u00f1a un 8 % para 2060-\u00a0<\/a><a>La Vanguardia<br \/>\n<\/a><a href=\"https:\/\/www.google.com\/url?rct=j&amp;sa=t&amp;url=https:\/\/www.mujerhoy.com\/actualidad\/maria-luisa-segoviano-jueza-tribunal-constitucional-ponente-womennow-20230508112419-nt.html&amp;ct=ga&amp;cd=CAEYAyoUMTI1OTA5NjI2MDE2OTQ0Njg1NjEyGWMwMzcyZWJjMmZlYWRhNTk6ZXM6ZXM6RVM&amp;usg=AOvVaw2sEwmtpT8NY5-8ao6F1e1M\" target=\"_blank\" rel=\"noopener\" data-saferedirecturl=\"https:\/\/www.google.com\/url?q=https:\/\/www.google.com\/url?rct%3Dj%26sa%3Dt%26url%3Dhttps:\/\/www.mujerhoy.com\/actualidad\/maria-luisa-segoviano-jueza-tribunal-constitucional-ponente-womennow-20230508112419-nt.html%26ct%3Dga%26cd%3DCAEYAyoUMTI1OTA5NjI2MDE2OTQ0Njg1NjEyGWMwMzcyZWJjMmZlYWRhNTk6ZXM6ZXM6RVM%26usg%3DAOvVaw2sEwmtpT8NY5-8ao6F1e1M&amp;source=gmail&amp;ust=1683739494937000&amp;usg=AOvVaw0mC44Uo94_Wgm3uOi520xa\">La magistrada del Constitucional Mar\u00eda Luisa Segoviano, en Santander WomenNOW-\u00a0<\/a><a>Mujer Hoy<br \/>\n<\/a><a class=\"title\" href=\"https:\/\/www.autonomosyemprendedor.es\/articulo\/actualidad\/es-perfil-negocio-zombi-50000-espana-subsisten-traves-creditos\/20230508161941030381.html\" target=\"_blank\" rel=\"noopener\" data-artpy=\"0\" data-author=\"Aut\u00f3nomos y Emprendedores\">Este es el perfil de un negocio &#8216;zombi&#8217;: hay 50.000 en Espa\u00f1a y subsisten a trav\u00e9s de cr\u00e9ditos<\/a>-autonomosyemprendedores<a><br \/>\n<\/a><\/p>\n<p><strong>Actualidad<br \/>\n<\/strong><a href=\"https:\/\/www.google.com\/url?rct=j&amp;sa=t&amp;url=https:\/\/www.lamardeonuba.es\/el-impacto-de-la-discriminacion-positiva-y-la-cuota-de-genero-del-sistema-electoral-saharaui\/&amp;ct=ga&amp;cd=CAEYASoTMzgyMzk0OTE4OTI4Njg1NzkxMzIZNTlkNzgxNzEzNmEyZDAyODplczplczpFUw&amp;usg=AOvVaw2J0X5qJ904gGIwsr6j8MoK\" target=\"_blank\" rel=\"noopener\" data-saferedirecturl=\"https:\/\/www.google.com\/url?q=https:\/\/www.google.com\/url?rct%3Dj%26sa%3Dt%26url%3Dhttps:\/\/www.lamardeonuba.es\/el-impacto-de-la-discriminacion-positiva-y-la-cuota-de-genero-del-sistema-electoral-saharaui\/%26ct%3Dga%26cd%3DCAEYASoTMzgyMzk0OTE4OTI4Njg1NzkxMzIZNTlkNzgxNzEzNmEyZDAyODplczplczpFUw%26usg%3DAOvVaw2J0X5qJ904gGIwsr6j8MoK&amp;source=gmail&amp;ust=1683731114222000&amp;usg=AOvVaw23CNteWcJsOCBbMm5zMaKY\">El impacto de la discriminaci\u00f3n positiva y la cuota de\u00a0g\u00e9nero\u00a0del sistema electoral saharaui &#8211;<\/a><a>La Mar de Onuba<br \/>\n<\/a><a href=\"https:\/\/www.google.com\/url?rct=j&amp;sa=t&amp;url=https:\/\/www.segib.org\/la-fundacion-carolina-recoge-los-logros-de-la-xxviii-cumbre-de-jefas-y-jefes-de-estado-y-de-gobierno\/&amp;ct=ga&amp;cd=CAEYACoUMTUxNDg1MTExMjIxMzg4OTk3OTkyGTU5ZDc4MTcxMzZhMmQwMjg6ZXM6ZXM6RVM&amp;usg=AOvVaw124-mMJY2UiiRPQ3yRvRRY\" target=\"_blank\" rel=\"noopener\" data-saferedirecturl=\"https:\/\/www.google.com\/url?q=https:\/\/www.google.com\/url?rct%3Dj%26sa%3Dt%26url%3Dhttps:\/\/www.segib.org\/la-fundacion-carolina-recoge-los-logros-de-la-xxviii-cumbre-de-jefas-y-jefes-de-estado-y-de-gobierno\/%26ct%3Dga%26cd%3DCAEYACoUMTUxNDg1MTExMjIxMzg4OTk3OTkyGTU5ZDc4MTcxMzZhMmQwMjg6ZXM6ZXM6RVM%26usg%3DAOvVaw124-mMJY2UiiRPQ3yRvRRY&amp;source=gmail&amp;ust=1683731114607000&amp;usg=AOvVaw2LT0sKJTpCPn_6-JSwxulB\">La Fundaci\u00f3n Carolina recoge los logros de la XXVIII Cumbre de Jefas y Jefes de Estado &#8230; &#8211;\u00a0<\/a><a>SEGIB<br \/>\n<\/a><a href=\"https:\/\/www.google.com\/url?rct=j&amp;sa=t&amp;url=https:\/\/www.lasexta.com\/programas\/mas-vale-tarde\/robot-cocina-aspiradora-polemicos-regalos-ganadoras-carrera-mujer_2023050864593545f921370001a7e9db.html&amp;ct=ga&amp;cd=CAEYACoUMTQzMjc2NjY4MjEyNzc2MDkzNDQyGWMwMzcyZWJjMmZlYWRhNTk6ZXM6ZXM6RVM&amp;usg=AOvVaw2-e8RQYAvcz2oO2bw9pwip\" target=\"_blank\" rel=\"noopener\" data-saferedirecturl=\"https:\/\/www.google.com\/url?q=https:\/\/www.google.com\/url?rct%3Dj%26sa%3Dt%26url%3Dhttps:\/\/www.lasexta.com\/programas\/mas-vale-tarde\/robot-cocina-aspiradora-polemicos-regalos-ganadoras-carrera-mujer_2023050864593545f921370001a7e9db.html%26ct%3Dga%26cd%3DCAEYACoUMTQzMjc2NjY4MjEyNzc2MDkzNDQyGWMwMzcyZWJjMmZlYWRhNTk6ZXM6ZXM6RVM%26usg%3DAOvVaw2-e8RQYAvcz2oO2bw9pwip&amp;source=gmail&amp;ust=1683739495063000&amp;usg=AOvVaw2Rdx6cwKUCL8OYCkR_8oAY\">Un robot de cocina o una aspiradora, los pol\u00e9micos regalos a las ganadoras de la Carrera &#8230;-\u00a0<\/a><a>laSexta<\/a><a><br \/>\n<\/a><a href=\"https:\/\/www.google.com\/url?rct=j&amp;sa=t&amp;url=https:\/\/www.elespanol.com\/mujer\/salud-bienestar\/importancia-beneficios-vitamina-salud-mujeres-partir\/762174005_0.html&amp;ct=ga&amp;cd=CAEYACoTNDUzNjE4MTI4OTEzNTAyMDA2OTIZYzAzNzJlYmMyZmVhZGE1OTplczplczpFUw&amp;usg=AOvVaw17zmL7X7Cu5CtRLYWCvfBo\" target=\"_blank\" rel=\"noopener\" data-saferedirecturl=\"https:\/\/www.google.com\/url?q=https:\/\/www.google.com\/url?rct%3Dj%26sa%3Dt%26url%3Dhttps:\/\/www.elespanol.com\/mujer\/salud-bienestar\/importancia-beneficios-vitamina-salud-mujeres-partir\/762174005_0.html%26ct%3Dga%26cd%3DCAEYACoTNDUzNjE4MTI4OTEzNTAyMDA2OTIZYzAzNzJlYmMyZmVhZGE1OTplczplczpFUw%26usg%3DAOvVaw17zmL7X7Cu5CtRLYWCvfBo&amp;source=gmail&amp;ust=1683739495002000&amp;usg=AOvVaw3RvJ10RmyNZB7iXJeq_-jB\">La importancia y los beneficios de la vitamina D para la salud de las mujeres a partir de los 50-\u00a0<\/a><a>El Espa\u00f1ol<br \/>\n<\/a><a href=\"https:\/\/www.juntadeandalucia.es\/presidencia\/portavoz\/gobiernoaldia\/182483\/JuntadeAndalucia\/ConsejodeGobierno\">La Junta defiende los valores de paz, solidaridad y unidad que inspiran la actual Uni\u00f3n Europea &#8211;\u00a0<\/a><a>oficinadelportavoz<\/a><\/p>\n<p><strong>Violencias<br \/>\n<\/strong><a href=\"https:\/\/www.google.com\/url?rct=j&amp;sa=t&amp;url=https:\/\/www.laprovincia.es\/sociedad\/2023\/05\/08\/perfil-victimas-trata-sexual-espana-87058178.html&amp;ct=ga&amp;cd=CAEYAyoUMTU2MTU3NzAwMDQ1NzUxODkxMTgyGWMwMzcyZWJjMmZlYWRhNTk6ZXM6ZXM6RVM&amp;usg=AOvVaw0AF2tvvPW5p2Nk4L74Werm\" target=\"_blank\" rel=\"noopener\" data-saferedirecturl=\"https:\/\/www.google.com\/url?q=https:\/\/www.google.com\/url?rct%3Dj%26sa%3Dt%26url%3Dhttps:\/\/www.laprovincia.es\/sociedad\/2023\/05\/08\/perfil-victimas-trata-sexual-espana-87058178.html%26ct%3Dga%26cd%3DCAEYAyoUMTU2MTU3NzAwMDQ1NzUxODkxMTgyGWMwMzcyZWJjMmZlYWRhNTk6ZXM6ZXM6RVM%26usg%3DAOvVaw0AF2tvvPW5p2Nk4L74Werm&amp;source=gmail&amp;ust=1683739494926000&amp;usg=AOvVaw2PeQB4iGzgvohfjtXDgzfU\">El perfil de las v\u00edctimas de trata sexual en Espa\u00f1a:\u00a0mujer colombiana entre 23 y 27 a\u00f1os-\u00a0<\/a><a>La Provincia<\/a><\/p>\n<p><strong>Ciencia y Cultura<br \/>\n<\/strong><a class=\"title\" href=\"https:\/\/www.rtve.es\/noticias\/20230427\/photoespana-enfoca-roles-genero-medioambiente-lazos-arte-hay-temas-para-pensar-futuro\/2441890.shtml\" target=\"_blank\" rel=\"noopener\" data-artpy=\"0\" data-author=\"RTVE\">PhotoESPA\u00d1A enfoca roles de g\u00e9nero, medioambiente y lazos con el arte: \u00abHay temas para pensar en el futuro\u00bb<\/a>-rtve<strong><br \/>\n<\/strong><a href=\"https:\/\/www.google.com\/url?rct=j&amp;sa=t&amp;url=https:\/\/www.moviementarios.com\/ava-mabel-lozano\/&amp;ct=ga&amp;cd=CAEYASoTNDUwNzE4ODA4MDM2OTU4MjE2MDIZYzAzNzJlYmMyZmVhZGE1OTplczplczpFUw&amp;usg=AOvVaw16R3RLueFvfolSRzaRbwMr\" target=\"_blank\" rel=\"noopener\" data-saferedirecturl=\"https:\/\/www.google.com\/url?q=https:\/\/www.google.com\/url?rct%3Dj%26sa%3Dt%26url%3Dhttps:\/\/www.moviementarios.com\/ava-mabel-lozano\/%26ct%3Dga%26cd%3DCAEYASoTNDUwNzE4ODA4MDM2OTU4MjE2MDIZYzAzNzJlYmMyZmVhZGE1OTplczplczpFUw%26usg%3DAOvVaw16R3RLueFvfolSRzaRbwMr&amp;source=gmail&amp;ust=1683739495110000&amp;usg=AOvVaw1Tgo8kl-jh4UCPI7ohEOpp\">Ava, de Mabel Lozano, seleccionada en 12 festivales &#8211;\u00a0<\/a><a>Moviementarios<br \/>\n<\/a><a href=\"https:\/\/www.google.com\/url?rct=j&amp;sa=t&amp;url=https:\/\/www.inmujeres.gob.es\/actualidad\/noticias\/2023\/MAYO\/inMujerNoticia.htm&amp;ct=ga&amp;cd=CAEYACoTMTQxNjc3MzU0MzA2MzM0MTgxMDIZYzAzNzJlYmMyZmVhZGE1OTplczplczpFUw&amp;usg=AOvVaw2e9Nl8LKwdBSME2K7fbZ40\" target=\"_blank\" rel=\"noopener\" data-saferedirecturl=\"https:\/\/www.google.com\/url?q=https:\/\/www.google.com\/url?rct%3Dj%26sa%3Dt%26url%3Dhttps:\/\/www.inmujeres.gob.es\/actualidad\/noticias\/2023\/MAYO\/inMujerNoticia.htm%26ct%3Dga%26cd%3DCAEYACoTMTQxNjc3MzU0MzA2MzM0MTgxMDIZYzAzNzJlYmMyZmVhZGE1OTplczplczpFUw%26usg%3DAOvVaw2e9Nl8LKwdBSME2K7fbZ40&amp;source=gmail&amp;ust=1683739494888000&amp;usg=AOvVaw1ddl3CEIjdGsZshqRbvy5t\">Convocatoria PAC 2023 &#8211;\u00a0<\/a><a>Instituto de las Mujeres<br \/>\n<\/a><a class=\"title\" href=\"https:\/\/finde.latercera.com\/cultura-pop\/femcine-2023-chile-programacion\/\" target=\"_blank\" rel=\"noopener\" data-artpy=\"0\" data-author=\"finde.latercera\">Femcine vuelve con casi 60 pel\u00edculas hechas por mujeres y todas con entrada gratis-\u00a0<\/a><a>latercera<br \/>\n<\/a><a href=\"https:\/\/www.abc.es\/espana\/castilla-la-mancha\/toledo\/julia-navarro-mujeres-vamos-dejar-vuelvan-confinar-20230508194254-nt.html\">Julia Navarro: \u00abLas mujeres no vamos a dejar que nos vuelvan a confinar\u00bb &#8211;<\/a><a>abc<br \/>\n<\/a><a href=\"https:\/\/www.msn.com\/es-es\/noticias\/other\/luchadoras-mujeres-en-la-colecci%C3%B3n-del-muac-o-por-qu%C3%A9-hablar-de-feminismo-sigue-siendo-necesario\/ar-AA1aXaPA\">Luchadoras, mujeres en la colecci\u00f3n del MUAC, o por qu\u00e9 hablar de feminismo sigue siendo necesario &#8211;\u00a0<\/a><a>vanityfair<\/a><\/p>\n<p><strong>Deporte<br \/>\n<\/strong><a href=\"https:\/\/www.google.com\/url?rct=j&amp;sa=t&amp;url=https:\/\/www.lagacetadesalamanca.es\/salamanca\/la-salmantina-andrea-diaz-olimpica-del-mundo-del-automovil-FM13974463&amp;ct=ga&amp;cd=CAEYByoUMTI1OTA5NjI2MDE2OTQ0Njg1NjEyGWMwMzcyZWJjMmZlYWRhNTk6ZXM6ZXM6RVM&amp;usg=AOvVaw2bEeoKPZswA9M897zoKsfh\" target=\"_blank\" rel=\"noopener\" data-saferedirecturl=\"https:\/\/www.google.com\/url?q=https:\/\/www.google.com\/url?rct%3Dj%26sa%3Dt%26url%3Dhttps:\/\/www.lagacetadesalamanca.es\/salamanca\/la-salmantina-andrea-diaz-olimpica-del-mundo-del-automovil-FM13974463%26ct%3Dga%26cd%3DCAEYByoUMTI1OTA5NjI2MDE2OTQ0Njg1NjEyGWMwMzcyZWJjMmZlYWRhNTk6ZXM6ZXM6RVM%26usg%3DAOvVaw2bEeoKPZswA9M897zoKsfh&amp;source=gmail&amp;ust=1683739494937000&amp;usg=AOvVaw2xkifyThTlCYQxvtdDCh7j\">La salmantina Andrea D\u00edaz, ol\u00edmpica del mundo del autom\u00f3vil &#8211;\u00a0<\/a><a>La Gaceta de Salamanca<br \/>\n<\/a><a class=\"title\" href=\"https:\/\/www.abc.es\/espana\/comunidad-valenciana\/nuevo-exito-cultura-esfuerzo-valencia-basket-femenino-20230509121046-nt.html\" target=\"_blank\" rel=\"noopener\" data-artpy=\"0\" data-author=\"ABC\">Nuevo \u00e9xito de la &#8216;Cultura del Esfuerzo&#8217;: el Valencia Basket femenino gana su primera liga<\/a>-abc<br \/>\n<a class=\"title\" href=\"https:\/\/www.diariodeburgos.es\/Noticia\/Z044FEA87-E300-977E-5CFB3899FB46172A\/202305\/Las-reinas-de-La-Vuelta-se-citan-en-Burgos\" target=\"_blank\" rel=\"noopener\" data-artpy=\"0\" data-author=\"El Diario de Burgos\">Las reinas de La Vuelta se citan en Burgos<\/a>-eldiariodeburgos<\/p>\n<\/div>\n<\/div>\n<div id=\"\" class=\"lsow-panel lsow-active\">\n<h1 class=\"lsow-panel-title\">Internacional<\/h1>\n<div class=\"lsow-panel-content\">\n<p><a href=\"https:\/\/www.google.com\/url?rct=j&amp;sa=t&amp;url=https:\/\/www.panamaamerica.com.pa\/politica\/buscan-impulsar-mayor-participacion-de-mujeres-en-politica-1221530&amp;ct=ga&amp;cd=CAEYAioUMTQyODA5NTI4MjQwMTYyOTc2ODkyGTU5ZDc4MTcxMzZhMmQwMjg6ZXM6ZXM6RVM&amp;usg=AOvVaw0rXbmss278hvvRw8nogh7N\" target=\"_blank\" rel=\"noopener\" data-saferedirecturl=\"https:\/\/www.google.com\/url?q=https:\/\/www.google.com\/url?rct%3Dj%26sa%3Dt%26url%3Dhttps:\/\/www.panamaamerica.com.pa\/politica\/buscan-impulsar-mayor-participacion-de-mujeres-en-politica-1221530%26ct%3Dga%26cd%3DCAEYAioUMTQyODA5NTI4MjQwMTYyOTc2ODkyGTU5ZDc4MTcxMzZhMmQwMjg6ZXM6ZXM6RVM%26usg%3DAOvVaw0rXbmss278hvvRw8nogh7N&amp;source=gmail&amp;ust=1683731114259000&amp;usg=AOvVaw0eAdgvJah2vTODtTTJIX1I\">Buscan impulsar mayor participaci\u00f3n de mujeres en pol\u00edtica &#8211;\u00a0<\/a><a>Panam\u00e1 Am\u00e9rica<br \/>\n<\/a><a href=\"https:\/\/www.google.com\/url?rct=j&amp;sa=t&amp;url=https:\/\/www.swissinfo.ch\/spa\/ciencia-investigaci%25C3%25B3n_asocian-pa%25C3%25ADses-con-desigualdad-de-g%25C3%25A9nero-a-diferencias-en-cerebros-de-hombres-y-mujeres\/48496384&amp;ct=ga&amp;cd=CAEYACoUMTY2ODY5MTYyNjYxODMwMzIzNzEyGTU5ZDc4MTcxMzZhMmQwMjg6ZXM6ZXM6RVM&amp;usg=AOvVaw22AqafKQzPgDMi4ePfykEt\" target=\"_blank\" rel=\"noopener\" data-saferedirecturl=\"https:\/\/www.google.com\/url?q=https:\/\/www.google.com\/url?rct%3Dj%26sa%3Dt%26url%3Dhttps:\/\/www.swissinfo.ch\/spa\/ciencia-investigaci%2525C3%2525B3n_asocian-pa%2525C3%2525ADses-con-desigualdad-de-g%2525C3%2525A9nero-a-diferencias-en-cerebros-de-hombres-y-mujeres\/48496384%26ct%3Dga%26cd%3DCAEYACoUMTY2ODY5MTYyNjYxODMwMzIzNzEyGTU5ZDc4MTcxMzZhMmQwMjg6ZXM6ZXM6RVM%26usg%3DAOvVaw22AqafKQzPgDMi4ePfykEt&amp;source=gmail&amp;ust=1683731114536000&amp;usg=AOvVaw1WWLDT5wcsn_aowzIBMlvT\">Asocian pa\u00edses con desigualdad de g\u00e9nero a diferencias en cerebros de hombres y mujeres-\u00a0<\/a><a>Swissinfo<br \/>\n<\/a><a href=\"https:\/\/www.google.com\/url?rct=j&amp;sa=t&amp;url=https:\/\/www.cepal.org\/es\/noticias\/primera-conferencia-regional-mujeres-energia-se-realizara-la-cepal&amp;ct=ga&amp;cd=CAEYACoUMTM0MjU5Mjk4NTAyOTI0OTI0NTgyGTU5ZDc4MTcxMzZhMmQwMjg6ZXM6ZXM6RVM&amp;usg=AOvVaw2ZDDSX9bAu_lqGdNsLuybV\" target=\"_blank\" rel=\"noopener\" data-saferedirecturl=\"https:\/\/www.google.com\/url?q=https:\/\/www.google.com\/url?rct%3Dj%26sa%3Dt%26url%3Dhttps:\/\/www.cepal.org\/es\/noticias\/primera-conferencia-regional-mujeres-energia-se-realizara-la-cepal%26ct%3Dga%26cd%3DCAEYACoUMTM0MjU5Mjk4NTAyOTI0OTI0NTgyGTU5ZDc4MTcxMzZhMmQwMjg6ZXM6ZXM6RVM%26usg%3DAOvVaw2ZDDSX9bAu_lqGdNsLuybV&amp;source=gmail&amp;ust=1683731114544000&amp;usg=AOvVaw1UeAttYI8piJnZYR05gUT6\">Primera conferencia regional sobre mujeres y energ\u00eda se realizar\u00e1 en la CEPAL-\u00a0<\/a><a>CEPAL<br \/>\n<\/a><a href=\"https:\/\/www.google.com\/url?rct=j&amp;sa=t&amp;url=https:\/\/andaluciainformacion.es\/almeria\/1261213\/shakira-mujer-del-ano-en-la-gala-mujeres-en-la-musica-latin-de-billboard\/&amp;ct=ga&amp;cd=CAEYASoUMTExODk1MDUzNDIxMjU2OTM4MzMyGWMwMzcyZWJjMmZlYWRhNTk6ZXM6ZXM6RVM&amp;usg=AOvVaw3keL3qM0x39ZEwXsDxQcAb\" target=\"_blank\" rel=\"noopener\" data-saferedirecturl=\"https:\/\/www.google.com\/url?q=https:\/\/www.google.com\/url?rct%3Dj%26sa%3Dt%26url%3Dhttps:\/\/andaluciainformacion.es\/almeria\/1261213\/shakira-mujer-del-ano-en-la-gala-mujeres-en-la-musica-latin-de-billboard\/%26ct%3Dga%26cd%3DCAEYASoUMTExODk1MDUzNDIxMjU2OTM4MzMyGWMwMzcyZWJjMmZlYWRhNTk6ZXM6ZXM6RVM%26usg%3DAOvVaw3keL3qM0x39ZEwXsDxQcAb&amp;source=gmail&amp;ust=1683739495071000&amp;usg=AOvVaw3OQZZcoQT0J-7NpA9KzEPH\">Shakira, &#8216;Mujer\u00a0del a\u00f1o&#8217; en la gala &#8216;Mujeres en la M\u00fasica Latin&#8217; de Billboard &#8211;\u00a0<\/a><a>Andaluc\u00eda Informaci\u00f3n<br \/>\n<\/a><a href=\"https:\/\/www.google.com\/url?rct=j&amp;sa=t&amp;url=https:\/\/www.biobiochile.cl\/noticias\/opinion\/tu-voz\/2023\/05\/08\/la-falsa-representacion-de-las-mujeres-en-el-cine.shtml&amp;ct=ga&amp;cd=CAEYBSoUMTI1OTA5NjI2MDE2OTQ0Njg1NjEyGWMwMzcyZWJjMmZlYWRhNTk6ZXM6ZXM6RVM&amp;usg=AOvVaw3L1H80iO6MP3p0w0ZkziPj\" target=\"_blank\" rel=\"noopener\" data-saferedirecturl=\"https:\/\/www.google.com\/url?q=https:\/\/www.google.com\/url?rct%3Dj%26sa%3Dt%26url%3Dhttps:\/\/www.biobiochile.cl\/noticias\/opinion\/tu-voz\/2023\/05\/08\/la-falsa-representacion-de-las-mujeres-en-el-cine.shtml%26ct%3Dga%26cd%3DCAEYBSoUMTI1OTA5NjI2MDE2OTQ0Njg1NjEyGWMwMzcyZWJjMmZlYWRhNTk6ZXM6ZXM6RVM%26usg%3DAOvVaw3L1H80iO6MP3p0w0ZkziPj&amp;source=gmail&amp;ust=1683739494937000&amp;usg=AOvVaw1jA0uluxOuBjp5qBbptMei\">La falsa representaci\u00f3n de las\u00a0mujeres\u00a0en el cine &#8211;<\/a><a>BioBioChile<\/a><\/p>\n<\/div>\n<\/div>\n<\/div><\/div><\/div><\/div><\/div>\n","protected":false},"excerpt":{"rendered":"<p>El Constitucional consagra el derecho de la mujer al aborto 13 a\u00f1os despu\u00e9s  * La igualdad laboral de hombres y mujeres aumentar\u00eda la riqueza en Espa\u00f1a un 8 % para 2060 * Elena L\u00e1zaro Premio Nacional de Ensayo Feminista Celia Amor\u00f3s * PhotoESPA\u00d1A enfoca roles de g\u00e9nero, medioambiente y lazos con el arte<\/p>\n","protected":false},"author":3,"featured_media":22909,"comment_status":"closed","ping_status":"closed","sticky":false,"template":"","format":"standard","meta":{"footnotes":""},"categories":[298,621],"tags":[122,80],"class_list":["post-19864","post","type-post","status-publish","format-standard","has-post-thumbnail","hentry","category-newsletter","category-nwl-3-0","tag-aborto","tag-igualdad-de-genero"],"yoast_head":"<!-- This site is optimized with the Yoast SEO plugin v27.5 - https:\/\/yoast.com\/product\/yoast-seo-wordpress\/ -->\n<title>Noticias Info CKL n\u00ba 2787-09\/05\/23-Comunicar con perspectiva de g\u00e9nero<\/title>\n<meta name=\"description\" content=\"Noticias Info CKL n\u00ba 2788-09\/05\/23 El Constitucional consagra el derecho de la mujer al aborto 13 a\u00f1os despu\u00e9s * La igualdad laboral de hombres y mujeres aumentar\u00eda la riqueza en Espa\u00f1a un 8 % para 2060 * Elena L\u00e1zaro Premio Nacional de Ensayo Feminista Celia Amor\u00f3s * PhotoESPA\u00d1A enfoca roles de g\u00e9nero, medioambiente y lazos con el arte\" \/>\n<meta name=\"robots\" content=\"index, follow, max-snippet:-1, max-image-preview:large, max-video-preview:-1\" \/>\n<link rel=\"canonical\" href=\"https:\/\/cklcomunicaciones.es\/coop\/noticias-info-ckl-no-2787-09-05-23\/\" \/>\n<meta property=\"og:locale\" content=\"es_ES\" \/>\n<meta property=\"og:type\" content=\"article\" \/>\n<meta property=\"og:title\" content=\"Noticias Info CKL n\u00ba 2787-09\/05\/23-Comunicar con perspectiva de g\u00e9nero\" \/>\n<meta property=\"og:description\" content=\"Noticias Info CKL n\u00ba 2788-09\/05\/23 El Constitucional consagra el derecho de la mujer al aborto 13 a\u00f1os despu\u00e9s * La igualdad laboral de hombres y mujeres aumentar\u00eda la riqueza en Espa\u00f1a un 8 % para 2060 * Elena L\u00e1zaro Premio Nacional de Ensayo Feminista Celia Amor\u00f3s * PhotoESPA\u00d1A enfoca roles de g\u00e9nero, medioambiente y lazos con el arte\" \/>\n<meta property=\"og:url\" content=\"https:\/\/cklcomunicaciones.es\/coop\/noticias-info-ckl-no-2787-09-05-23\/\" \/>\n<meta property=\"og:site_name\" content=\"CKL Comunicaciones\" \/>\n<meta property=\"article:published_time\" content=\"2023-05-09T18:17:16+00:00\" \/>\n<meta property=\"article:modified_time\" content=\"2025-02-08T10:55:56+00:00\" \/>\n<meta property=\"og:image\" content=\"https:\/\/cklcomunicaciones.es\/coop\/wp-content\/uploads\/2025\/01\/CKL-una-mirada-distinta-de-la-comunicacion.jpg\" \/>\n\t<meta property=\"og:image:width\" content=\"1482\" \/>\n\t<meta property=\"og:image:height\" content=\"775\" \/>\n\t<meta property=\"og:image:type\" content=\"image\/jpeg\" \/>\n<meta name=\"author\" content=\"ckl\" \/>\n<meta name=\"twitter:card\" content=\"summary_large_image\" \/>\n<meta name=\"twitter:label1\" content=\"Escrito por\" \/>\n\t<meta name=\"twitter:data1\" content=\"ckl\" \/>\n\t<meta name=\"twitter:label2\" content=\"Tiempo de lectura\" \/>\n\t<meta name=\"twitter:data2\" content=\"4 minutos\" \/>\n<script type=\"application\/ld+json\" class=\"yoast-schema-graph\">{\"@context\":\"https:\\\/\\\/schema.org\",\"@graph\":[{\"@type\":\"Article\",\"@id\":\"https:\\\/\\\/cklcomunicaciones.es\\\/coop\\\/noticias-info-ckl-no-2787-09-05-23\\\/#article\",\"isPartOf\":{\"@id\":\"https:\\\/\\\/cklcomunicaciones.es\\\/coop\\\/noticias-info-ckl-no-2787-09-05-23\\\/\"},\"author\":{\"name\":\"ckl\",\"@id\":\"https:\\\/\\\/cklcomunicaciones.es\\\/coop\\\/#\\\/schema\\\/person\\\/929a6837f7626450bbb50cee1aef266e\"},\"headline\":\"Noticias Info CKL n\u00ba 2788-09\\\/05\\\/23\",\"datePublished\":\"2023-05-09T18:17:16+00:00\",\"dateModified\":\"2025-02-08T10:55:56+00:00\",\"mainEntityOfPage\":{\"@id\":\"https:\\\/\\\/cklcomunicaciones.es\\\/coop\\\/noticias-info-ckl-no-2787-09-05-23\\\/\"},\"wordCount\":1047,\"image\":{\"@id\":\"https:\\\/\\\/cklcomunicaciones.es\\\/coop\\\/noticias-info-ckl-no-2787-09-05-23\\\/#primaryimage\"},\"thumbnailUrl\":\"https:\\\/\\\/cklcomunicaciones.es\\\/coop\\\/wp-content\\\/uploads\\\/2025\\\/01\\\/CKL-una-mirada-distinta-de-la-comunicacion.jpg\",\"keywords\":[\"aborto\",\"Igualdad de g\u00e9nero\"],\"articleSection\":[\"Newsletter\",\"Nwl v3.0\"],\"inLanguage\":\"es\"},{\"@type\":\"WebPage\",\"@id\":\"https:\\\/\\\/cklcomunicaciones.es\\\/coop\\\/noticias-info-ckl-no-2787-09-05-23\\\/\",\"url\":\"https:\\\/\\\/cklcomunicaciones.es\\\/coop\\\/noticias-info-ckl-no-2787-09-05-23\\\/\",\"name\":\"Noticias Info CKL n\u00ba 2787-09\\\/05\\\/23-Comunicar con perspectiva de g\u00e9nero\",\"isPartOf\":{\"@id\":\"https:\\\/\\\/cklcomunicaciones.es\\\/coop\\\/#website\"},\"primaryImageOfPage\":{\"@id\":\"https:\\\/\\\/cklcomunicaciones.es\\\/coop\\\/noticias-info-ckl-no-2787-09-05-23\\\/#primaryimage\"},\"image\":{\"@id\":\"https:\\\/\\\/cklcomunicaciones.es\\\/coop\\\/noticias-info-ckl-no-2787-09-05-23\\\/#primaryimage\"},\"thumbnailUrl\":\"https:\\\/\\\/cklcomunicaciones.es\\\/coop\\\/wp-content\\\/uploads\\\/2025\\\/01\\\/CKL-una-mirada-distinta-de-la-comunicacion.jpg\",\"datePublished\":\"2023-05-09T18:17:16+00:00\",\"dateModified\":\"2025-02-08T10:55:56+00:00\",\"author\":{\"@id\":\"https:\\\/\\\/cklcomunicaciones.es\\\/coop\\\/#\\\/schema\\\/person\\\/929a6837f7626450bbb50cee1aef266e\"},\"description\":\"Noticias Info CKL n\u00ba 2788-09\\\/05\\\/23 El Constitucional consagra el derecho de la mujer al aborto 13 a\u00f1os despu\u00e9s * La igualdad laboral de hombres y mujeres aumentar\u00eda la riqueza en Espa\u00f1a un 8 % para 2060 * Elena L\u00e1zaro Premio Nacional de Ensayo Feminista Celia Amor\u00f3s * PhotoESPA\u00d1A enfoca roles de g\u00e9nero, medioambiente y lazos con el arte\",\"breadcrumb\":{\"@id\":\"https:\\\/\\\/cklcomunicaciones.es\\\/coop\\\/noticias-info-ckl-no-2787-09-05-23\\\/#breadcrumb\"},\"inLanguage\":\"es\",\"potentialAction\":[{\"@type\":\"ReadAction\",\"target\":[\"https:\\\/\\\/cklcomunicaciones.es\\\/coop\\\/noticias-info-ckl-no-2787-09-05-23\\\/\"]}]},{\"@type\":\"ImageObject\",\"inLanguage\":\"es\",\"@id\":\"https:\\\/\\\/cklcomunicaciones.es\\\/coop\\\/noticias-info-ckl-no-2787-09-05-23\\\/#primaryimage\",\"url\":\"https:\\\/\\\/cklcomunicaciones.es\\\/coop\\\/wp-content\\\/uploads\\\/2025\\\/01\\\/CKL-una-mirada-distinta-de-la-comunicacion.jpg\",\"contentUrl\":\"https:\\\/\\\/cklcomunicaciones.es\\\/coop\\\/wp-content\\\/uploads\\\/2025\\\/01\\\/CKL-una-mirada-distinta-de-la-comunicacion.jpg\",\"width\":1482,\"height\":775,\"caption\":\"CKL - una mirada distinta de la comunicacion\"},{\"@type\":\"BreadcrumbList\",\"@id\":\"https:\\\/\\\/cklcomunicaciones.es\\\/coop\\\/noticias-info-ckl-no-2787-09-05-23\\\/#breadcrumb\",\"itemListElement\":[{\"@type\":\"ListItem\",\"position\":1,\"name\":\"Portada\",\"item\":\"https:\\\/\\\/cklcomunicaciones.es\\\/coop\\\/\"},{\"@type\":\"ListItem\",\"position\":2,\"name\":\"Noticias Info CKL n\u00ba 2788-09\\\/05\\\/23\"}]},{\"@type\":\"WebSite\",\"@id\":\"https:\\\/\\\/cklcomunicaciones.es\\\/coop\\\/#website\",\"url\":\"https:\\\/\\\/cklcomunicaciones.es\\\/coop\\\/\",\"name\":\"CKL Comunicaciones\",\"description\":\"Sitio web de CKL Comunicaciones coop , la consultora de comunicaci\u00f3n y estrategia\",\"potentialAction\":[{\"@type\":\"SearchAction\",\"target\":{\"@type\":\"EntryPoint\",\"urlTemplate\":\"https:\\\/\\\/cklcomunicaciones.es\\\/coop\\\/?s={search_term_string}\"},\"query-input\":{\"@type\":\"PropertyValueSpecification\",\"valueRequired\":true,\"valueName\":\"search_term_string\"}}],\"inLanguage\":\"es\"},{\"@type\":\"Person\",\"@id\":\"https:\\\/\\\/cklcomunicaciones.es\\\/coop\\\/#\\\/schema\\\/person\\\/929a6837f7626450bbb50cee1aef266e\",\"name\":\"ckl\",\"image\":{\"@type\":\"ImageObject\",\"inLanguage\":\"es\",\"@id\":\"https:\\\/\\\/secure.gravatar.com\\\/avatar\\\/c82db564e8a669bf6023357a157b9dc4780f4d4c618f2ad1d71a6a5dede45057?s=96&d=mm&r=g\",\"url\":\"https:\\\/\\\/secure.gravatar.com\\\/avatar\\\/c82db564e8a669bf6023357a157b9dc4780f4d4c618f2ad1d71a6a5dede45057?s=96&d=mm&r=g\",\"contentUrl\":\"https:\\\/\\\/secure.gravatar.com\\\/avatar\\\/c82db564e8a669bf6023357a157b9dc4780f4d4c618f2ad1d71a6a5dede45057?s=96&d=mm&r=g\",\"caption\":\"ckl\"},\"url\":\"https:\\\/\\\/cklcomunicaciones.es\\\/coop\\\/author\\\/cklcomunicaciones\\\/\"}]}<\/script>\n<!-- \/ Yoast SEO plugin. -->","yoast_head_json":{"title":"Noticias Info CKL n\u00ba 2787-09\/05\/23-Comunicar con perspectiva de g\u00e9nero","description":"Noticias Info CKL n\u00ba 2788-09\/05\/23 El Constitucional consagra el derecho de la mujer al aborto 13 a\u00f1os despu\u00e9s * La igualdad laboral de hombres y mujeres aumentar\u00eda la riqueza en Espa\u00f1a un 8 % para 2060 * Elena L\u00e1zaro Premio Nacional de Ensayo Feminista Celia Amor\u00f3s * PhotoESPA\u00d1A enfoca roles de g\u00e9nero, medioambiente y lazos con el arte","robots":{"index":"index","follow":"follow","max-snippet":"max-snippet:-1","max-image-preview":"max-image-preview:large","max-video-preview":"max-video-preview:-1"},"canonical":"https:\/\/cklcomunicaciones.es\/coop\/noticias-info-ckl-no-2787-09-05-23\/","og_locale":"es_ES","og_type":"article","og_title":"Noticias Info CKL n\u00ba 2787-09\/05\/23-Comunicar con perspectiva de g\u00e9nero","og_description":"Noticias Info CKL n\u00ba 2788-09\/05\/23 El Constitucional consagra el derecho de la mujer al aborto 13 a\u00f1os despu\u00e9s * La igualdad laboral de hombres y mujeres aumentar\u00eda la riqueza en Espa\u00f1a un 8 % para 2060 * Elena L\u00e1zaro Premio Nacional de Ensayo Feminista Celia Amor\u00f3s * PhotoESPA\u00d1A enfoca roles de g\u00e9nero, medioambiente y lazos con el arte","og_url":"https:\/\/cklcomunicaciones.es\/coop\/noticias-info-ckl-no-2787-09-05-23\/","og_site_name":"CKL Comunicaciones","article_published_time":"2023-05-09T18:17:16+00:00","article_modified_time":"2025-02-08T10:55:56+00:00","og_image":[{"width":1482,"height":775,"url":"https:\/\/cklcomunicaciones.es\/coop\/wp-content\/uploads\/2025\/01\/CKL-una-mirada-distinta-de-la-comunicacion.jpg","type":"image\/jpeg"}],"author":"ckl","twitter_card":"summary_large_image","twitter_misc":{"Escrito por":"ckl","Tiempo de lectura":"4 minutos"},"schema":{"@context":"https:\/\/schema.org","@graph":[{"@type":"Article","@id":"https:\/\/cklcomunicaciones.es\/coop\/noticias-info-ckl-no-2787-09-05-23\/#article","isPartOf":{"@id":"https:\/\/cklcomunicaciones.es\/coop\/noticias-info-ckl-no-2787-09-05-23\/"},"author":{"name":"ckl","@id":"https:\/\/cklcomunicaciones.es\/coop\/#\/schema\/person\/929a6837f7626450bbb50cee1aef266e"},"headline":"Noticias Info CKL n\u00ba 2788-09\/05\/23","datePublished":"2023-05-09T18:17:16+00:00","dateModified":"2025-02-08T10:55:56+00:00","mainEntityOfPage":{"@id":"https:\/\/cklcomunicaciones.es\/coop\/noticias-info-ckl-no-2787-09-05-23\/"},"wordCount":1047,"image":{"@id":"https:\/\/cklcomunicaciones.es\/coop\/noticias-info-ckl-no-2787-09-05-23\/#primaryimage"},"thumbnailUrl":"https:\/\/cklcomunicaciones.es\/coop\/wp-content\/uploads\/2025\/01\/CKL-una-mirada-distinta-de-la-comunicacion.jpg","keywords":["aborto","Igualdad de g\u00e9nero"],"articleSection":["Newsletter","Nwl v3.0"],"inLanguage":"es"},{"@type":"WebPage","@id":"https:\/\/cklcomunicaciones.es\/coop\/noticias-info-ckl-no-2787-09-05-23\/","url":"https:\/\/cklcomunicaciones.es\/coop\/noticias-info-ckl-no-2787-09-05-23\/","name":"Noticias Info CKL n\u00ba 2787-09\/05\/23-Comunicar con perspectiva de g\u00e9nero","isPartOf":{"@id":"https:\/\/cklcomunicaciones.es\/coop\/#website"},"primaryImageOfPage":{"@id":"https:\/\/cklcomunicaciones.es\/coop\/noticias-info-ckl-no-2787-09-05-23\/#primaryimage"},"image":{"@id":"https:\/\/cklcomunicaciones.es\/coop\/noticias-info-ckl-no-2787-09-05-23\/#primaryimage"},"thumbnailUrl":"https:\/\/cklcomunicaciones.es\/coop\/wp-content\/uploads\/2025\/01\/CKL-una-mirada-distinta-de-la-comunicacion.jpg","datePublished":"2023-05-09T18:17:16+00:00","dateModified":"2025-02-08T10:55:56+00:00","author":{"@id":"https:\/\/cklcomunicaciones.es\/coop\/#\/schema\/person\/929a6837f7626450bbb50cee1aef266e"},"description":"Noticias Info CKL n\u00ba 2788-09\/05\/23 El Constitucional consagra el derecho de la mujer al aborto 13 a\u00f1os despu\u00e9s * La igualdad laboral de hombres y mujeres aumentar\u00eda la riqueza en Espa\u00f1a un 8 % para 2060 * Elena L\u00e1zaro Premio Nacional de Ensayo Feminista Celia Amor\u00f3s * PhotoESPA\u00d1A enfoca roles de g\u00e9nero, medioambiente y lazos con el arte","breadcrumb":{"@id":"https:\/\/cklcomunicaciones.es\/coop\/noticias-info-ckl-no-2787-09-05-23\/#breadcrumb"},"inLanguage":"es","potentialAction":[{"@type":"ReadAction","target":["https:\/\/cklcomunicaciones.es\/coop\/noticias-info-ckl-no-2787-09-05-23\/"]}]},{"@type":"ImageObject","inLanguage":"es","@id":"https:\/\/cklcomunicaciones.es\/coop\/noticias-info-ckl-no-2787-09-05-23\/#primaryimage","url":"https:\/\/cklcomunicaciones.es\/coop\/wp-content\/uploads\/2025\/01\/CKL-una-mirada-distinta-de-la-comunicacion.jpg","contentUrl":"https:\/\/cklcomunicaciones.es\/coop\/wp-content\/uploads\/2025\/01\/CKL-una-mirada-distinta-de-la-comunicacion.jpg","width":1482,"height":775,"caption":"CKL - una mirada distinta de la comunicacion"},{"@type":"BreadcrumbList","@id":"https:\/\/cklcomunicaciones.es\/coop\/noticias-info-ckl-no-2787-09-05-23\/#breadcrumb","itemListElement":[{"@type":"ListItem","position":1,"name":"Portada","item":"https:\/\/cklcomunicaciones.es\/coop\/"},{"@type":"ListItem","position":2,"name":"Noticias Info CKL n\u00ba 2788-09\/05\/23"}]},{"@type":"WebSite","@id":"https:\/\/cklcomunicaciones.es\/coop\/#website","url":"https:\/\/cklcomunicaciones.es\/coop\/","name":"CKL Comunicaciones","description":"Sitio web de CKL Comunicaciones coop , la consultora de comunicaci\u00f3n y estrategia","potentialAction":[{"@type":"SearchAction","target":{"@type":"EntryPoint","urlTemplate":"https:\/\/cklcomunicaciones.es\/coop\/?s={search_term_string}"},"query-input":{"@type":"PropertyValueSpecification","valueRequired":true,"valueName":"search_term_string"}}],"inLanguage":"es"},{"@type":"Person","@id":"https:\/\/cklcomunicaciones.es\/coop\/#\/schema\/person\/929a6837f7626450bbb50cee1aef266e","name":"ckl","image":{"@type":"ImageObject","inLanguage":"es","@id":"https:\/\/secure.gravatar.com\/avatar\/c82db564e8a669bf6023357a157b9dc4780f4d4c618f2ad1d71a6a5dede45057?s=96&d=mm&r=g","url":"https:\/\/secure.gravatar.com\/avatar\/c82db564e8a669bf6023357a157b9dc4780f4d4c618f2ad1d71a6a5dede45057?s=96&d=mm&r=g","contentUrl":"https:\/\/secure.gravatar.com\/avatar\/c82db564e8a669bf6023357a157b9dc4780f4d4c618f2ad1d71a6a5dede45057?s=96&d=mm&r=g","caption":"ckl"},"url":"https:\/\/cklcomunicaciones.es\/coop\/author\/cklcomunicaciones\/"}]}},"_links":{"self":[{"href":"https:\/\/cklcomunicaciones.es\/coop\/wp-json\/wp\/v2\/posts\/19864","targetHints":{"allow":["GET"]}}],"collection":[{"href":"https:\/\/cklcomunicaciones.es\/coop\/wp-json\/wp\/v2\/posts"}],"about":[{"href":"https:\/\/cklcomunicaciones.es\/coop\/wp-json\/wp\/v2\/types\/post"}],"author":[{"embeddable":true,"href":"https:\/\/cklcomunicaciones.es\/coop\/wp-json\/wp\/v2\/users\/3"}],"replies":[{"embeddable":true,"href":"https:\/\/cklcomunicaciones.es\/coop\/wp-json\/wp\/v2\/comments?post=19864"}],"version-history":[{"count":0,"href":"https:\/\/cklcomunicaciones.es\/coop\/wp-json\/wp\/v2\/posts\/19864\/revisions"}],"wp:featuredmedia":[{"embeddable":true,"href":"https:\/\/cklcomunicaciones.es\/coop\/wp-json\/wp\/v2\/media\/22909"}],"wp:attachment":[{"href":"https:\/\/cklcomunicaciones.es\/coop\/wp-json\/wp\/v2\/media?parent=19864"}],"wp:term":[{"taxonomy":"category","embeddable":true,"href":"https:\/\/cklcomunicaciones.es\/coop\/wp-json\/wp\/v2\/categories?post=19864"},{"taxonomy":"post_tag","embeddable":true,"href":"https:\/\/cklcomunicaciones.es\/coop\/wp-json\/wp\/v2\/tags?post=19864"}],"curies":[{"name":"wp","href":"https:\/\/api.w.org\/{rel}","templated":true}]}}