{"id":19790,"date":"2023-04-20T19:56:13","date_gmt":"2023-04-20T17:56:13","guid":{"rendered":"https:\/\/www.cklcomunicaciones.es\/?p=19790"},"modified":"2025-02-08T12:30:45","modified_gmt":"2025-02-08T11:30:45","slug":"noticias-info-ckl-no-2784-20-04-23","status":"publish","type":"post","link":"https:\/\/cklcomunicaciones.es\/coop\/noticias-info-ckl-no-2784-20-04-23\/","title":{"rendered":"Noticias Info CKL n\u00ba 2784-20\/04\/23"},"content":{"rendered":"<div class=\"fusion-fullwidth fullwidth-box fusion-builder-row-1 fusion-flex-container nonhundred-percent-fullwidth non-hundred-percent-height-scrolling\" style=\"--awb-border-radius-top-left:0px;--awb-border-radius-top-right:0px;--awb-border-radius-bottom-right:0px;--awb-border-radius-bottom-left:0px;--awb-flex-wrap:wrap;\" ><div class=\"fusion-builder-row fusion-row fusion-flex-align-items-flex-start fusion-flex-content-wrap\" style=\"max-width:1248px;margin-left: calc(-4% \/ 2 );margin-right: calc(-4% \/ 2 );\"><div class=\"fusion-layout-column fusion_builder_column fusion-builder-column-0 fusion_builder_column_1_1 1_1 fusion-flex-column\" style=\"--awb-bg-blend:overlay;--awb-bg-size:cover;--awb-width-large:100%;--awb-margin-top-large:0px;--awb-spacing-right-large:1.92%;--awb-margin-bottom-large:0px;--awb-spacing-left-large:1.92%;--awb-width-medium:100%;--awb-spacing-right-medium:1.92%;--awb-spacing-left-medium:1.92%;--awb-width-small:100%;--awb-spacing-right-small:1.92%;--awb-spacing-left-small:1.92%;\"><div class=\"fusion-column-wrapper fusion-flex-justify-content-flex-start fusion-content-layout-column\"><div class=\"fusion-text fusion-text-1\"><div id=\"\" class=\"lsow-panel lsow-active\">\n<h1 class=\"lsow-panel-title\">Comunicaci\u00f3n, Publicidad y TICs<\/h1>\n<div class=\"lsow-panel-content\">\n<p><a href=\"https:\/\/www.google.com\/url?rct=j&amp;sa=t&amp;url=https:\/\/acento.com.do\/opinion\/periodismo-de-espalda-al-espejo-9187979.html&amp;ct=ga&amp;cd=CAEYAioUMTM4MTU0Mjc4Mzk2MTM1ODM3OTAyGWUxZTc3ZDE1NjA5OGE4ZTM6ZXM6ZXM6RVM&amp;usg=AOvVaw1knp5lKt-EGzIJQbuXnxtj\" target=\"_blank\" rel=\"noopener\" data-saferedirecturl=\"https:\/\/www.google.com\/url?q=https:\/\/www.google.com\/url?rct%3Dj%26sa%3Dt%26url%3Dhttps:\/\/acento.com.do\/opinion\/periodismo-de-espalda-al-espejo-9187979.html%26ct%3Dga%26cd%3DCAEYAioUMTM4MTU0Mjc4Mzk2MTM1ODM3OTAyGWUxZTc3ZDE1NjA5OGE4ZTM6ZXM6ZXM6RVM%26usg%3DAOvVaw1knp5lKt-EGzIJQbuXnxtj&amp;source=gmail&amp;ust=1682004397938000&amp;usg=AOvVaw1Z_ztqokOAJcbbakdh0sWB\">Periodismo, de espalda al espejo &#8211;\u00a0<\/a><a>Acento<br \/>\n<\/a><a href=\"https:\/\/www.google.com\/url?rct=j&amp;sa=t&amp;url=https:\/\/www.rtve.es\/rtve\/20230419\/primer-master-reporterismo-internacional-instituto-rtve-proyecto-haz-universidad-alcala\/2439659.shtml&amp;ct=ga&amp;cd=CAEYBCoTOTM2NjE1ODY5NzkwMDcyMzA1OTIZYzAzNzJlYmMyZmVhZGE1OTplczplczpFUw&amp;usg=AOvVaw1d5AOzjipb3NsBr81rSclW\" target=\"_blank\" rel=\"noopener\" data-saferedirecturl=\"https:\/\/www.google.com\/url?q=https:\/\/www.google.com\/url?rct%3Dj%26sa%3Dt%26url%3Dhttps:\/\/www.rtve.es\/rtve\/20230419\/primer-master-reporterismo-internacional-instituto-rtve-proyecto-haz-universidad-alcala\/2439659.shtml%26ct%3Dga%26cd%3DCAEYBCoTOTM2NjE1ODY5NzkwMDcyMzA1OTIZYzAzNzJlYmMyZmVhZGE1OTplczplczpFUw%26usg%3DAOvVaw1d5AOzjipb3NsBr81rSclW&amp;source=gmail&amp;ust=1682006343335000&amp;usg=AOvVaw0vlVRV3GUHQ_eQACXuOuaJ\">Primer M\u00e1ster de Reporterismo Internacional del Instituto RTVE-\u00a0<\/a><a>rtve<br \/>\n<\/a><a href=\"https:\/\/www.google.com\/url?rct=j&amp;sa=t&amp;url=https:\/\/www.elle.com\/es\/living\/trabajo-finanzas\/a43405814\/havas-ester-garcia-cosin-meaningful-women-2023\/&amp;ct=ga&amp;cd=CAEYACoUMTMzOTI3OTQ1MjQyMjUwNTM0NTEyGWMwMzcyZWJjMmZlYWRhNTk6ZXM6ZXM6RVM&amp;usg=AOvVaw1elUWCW8WY8wXGKqxqzhlj\" target=\"_blank\" rel=\"noopener\" data-saferedirecturl=\"https:\/\/www.google.com\/url?q=https:\/\/www.google.com\/url?rct%3Dj%26sa%3Dt%26url%3Dhttps:\/\/www.elle.com\/es\/living\/trabajo-finanzas\/a43405814\/havas-ester-garcia-cosin-meaningful-women-2023\/%26ct%3Dga%26cd%3DCAEYACoUMTMzOTI3OTQ1MjQyMjUwNTM0NTEyGWMwMzcyZWJjMmZlYWRhNTk6ZXM6ZXM6RVM%26usg%3DAOvVaw1elUWCW8WY8wXGKqxqzhlj&amp;source=gmail&amp;ust=1682088086137000&amp;usg=AOvVaw3YYIFfzhEVMZAeq2zDuaen\">Ester Garc\u00eda Cos\u00edn: \u00abLa publicidad ha dado pasos positivos en materia de igualdad, pero le &#8230; &#8211;\u00a0<\/a><a>ELLE<br \/>\n<\/a><a href=\"https:\/\/www.google.com\/url?rct=j&amp;sa=t&amp;url=https:\/\/www.portaldecadiz.com\/mas-de-cadiz\/cultura\/81512-la-asociacion-de-mujeres-balcon-de-los-pueblos-blancos-presenta-la-revista-digital-rurala-el-gastor&amp;ct=ga&amp;cd=CAEYASoUMTMzOTI3OTQ1MjQyMjUwNTM0NTEyGWMwMzcyZWJjMmZlYWRhNTk6ZXM6ZXM6RVM&amp;usg=AOvVaw3IT_d2q8wbPStvkOUuBsqt\" target=\"_blank\" rel=\"noopener\" data-saferedirecturl=\"https:\/\/www.google.com\/url?q=https:\/\/www.google.com\/url?rct%3Dj%26sa%3Dt%26url%3Dhttps:\/\/www.portaldecadiz.com\/mas-de-cadiz\/cultura\/81512-la-asociacion-de-mujeres-balcon-de-los-pueblos-blancos-presenta-la-revista-digital-rurala-el-gastor%26ct%3Dga%26cd%3DCAEYASoUMTMzOTI3OTQ1MjQyMjUwNTM0NTEyGWMwMzcyZWJjMmZlYWRhNTk6ZXM6ZXM6RVM%26usg%3DAOvVaw3IT_d2q8wbPStvkOUuBsqt&amp;source=gmail&amp;ust=1682088086137000&amp;usg=AOvVaw1wOQ5mO2vUBelzVykKeMuR\">La Asociaci\u00f3n de Mujeres \u00abBalc\u00f3n de los pueblos blancos\u00bb presenta la revista &#8230; &#8211;\u00a0<\/a><a>Portal de C\u00e1diz<br \/>\n<\/a><a href=\"https:\/\/www.google.com\/url?rct=j&amp;sa=t&amp;url=https:\/\/www.epe.es\/es\/la-vida-contigo\/20230419\/acoso-mujeres-escuchan-burradas-twitter-86195941&amp;ct=ga&amp;cd=CAEYBCoUMTU3MDU4OTYyNjY2MjgwMTAwMTIyGWMwMzcyZWJjMmZlYWRhNTk6ZXM6ZXM6RVM&amp;usg=AOvVaw1U5U7iRArAVsgzP8yDIywh\" target=\"_blank\" rel=\"noopener\" data-saferedirecturl=\"https:\/\/www.google.com\/url?q=https:\/\/www.google.com\/url?rct%3Dj%26sa%3Dt%26url%3Dhttps:\/\/www.epe.es\/es\/la-vida-contigo\/20230419\/acoso-mujeres-escuchan-burradas-twitter-86195941%26ct%3Dga%26cd%3DCAEYBCoUMTU3MDU4OTYyNjY2MjgwMTAwMTIyGWMwMzcyZWJjMmZlYWRhNTk6ZXM6ZXM6RVM%26usg%3DAOvVaw1U5U7iRArAVsgzP8yDIywh&amp;source=gmail&amp;ust=1682088086162000&amp;usg=AOvVaw3fuJ9Ml1N_cM722Sf2oos8\">Las \u00abburradas\u00bb que escuchan mujeres por parte de hombres &#8211;<\/a><a>El Peri\u00f3dico de Espa\u00f1a<br \/>\n<\/a><a href=\"https:\/\/www.google.com\/url?rct=j&amp;sa=t&amp;url=https:\/\/www.rtve.es\/noticias\/20230420\/foto-ano-world-press-photo-mujer-embarazada-herida-ucrania\/2439870.shtml&amp;ct=ga&amp;cd=CAEYAioUMTYzNTA0MDExNjMzMzI1ODIwMTEyGWMwMzcyZWJjMmZlYWRhNTk6ZXM6ZXM6RVM&amp;usg=AOvVaw36NkhoL6PqMBip1-auiU6y\" target=\"_blank\" rel=\"noopener\" data-saferedirecturl=\"https:\/\/www.google.com\/url?q=https:\/\/www.google.com\/url?rct%3Dj%26sa%3Dt%26url%3Dhttps:\/\/www.rtve.es\/noticias\/20230420\/foto-ano-world-press-photo-mujer-embarazada-herida-ucrania\/2439870.shtml%26ct%3Dga%26cd%3DCAEYAioUMTYzNTA0MDExNjMzMzI1ODIwMTEyGWMwMzcyZWJjMmZlYWRhNTk6ZXM6ZXM6RVM%26usg%3DAOvVaw36NkhoL6PqMBip1-auiU6y&amp;source=gmail&amp;ust=1682096046633000&amp;usg=AOvVaw1LOkFajAkSbYlwGYo24eE5\">Una\u00a0mujer embarazada herida en Ucrania, foto del a\u00f1o en el World Press Photo 2023-\u00a0<\/a><a>RTVE.es<\/a><\/p>\n<\/div>\n<\/div>\n<div id=\"\" class=\"lsow-panel lsow-active\">\n<h1 class=\"lsow-panel-title\">Andaluc\u00eda<\/h1>\n<div class=\"lsow-panel-content\">\n<div class=\"source set_top\">\n<div data-priority=\"2\" aria-hidden=\"true\">\n<p><strong>Institucional<br \/>\n<\/strong><a href=\"https:\/\/www.google.com\/url?rct=j&amp;sa=t&amp;url=https:\/\/www.europapress.es\/esandalucia\/sevilla\/noticia-junta-avanza-medidas-pacto-social-economico-impulso-andalucia-20230417204349.html&amp;ct=ga&amp;cd=CAEYACoUMTczMDc5MjE2NzI4MTA0MDMwNTEyGWQ3OGU1ODc1YTBmMWYyYWM6ZXM6ZXM6RVM&amp;usg=AOvVaw0n56WoUgrrtabsnT4e05Nl\" target=\"_blank\" rel=\"noopener\" data-saferedirecturl=\"https:\/\/www.google.com\/url?q=https:\/\/www.google.com\/url?rct%3Dj%26sa%3Dt%26url%3Dhttps:\/\/www.europapress.es\/esandalucia\/sevilla\/noticia-junta-avanza-medidas-pacto-social-economico-impulso-andalucia-20230417204349.html%26ct%3Dga%26cd%3DCAEYACoUMTczMDc5MjE2NzI4MTA0MDMwNTEyGWQ3OGU1ODc1YTBmMWYyYWM6ZXM6ZXM6RVM%26usg%3DAOvVaw0n56WoUgrrtabsnT4e05Nl&amp;source=gmail&amp;ust=1682088083745000&amp;usg=AOvVaw3I4NFA8xSAE84AdwUB-Bkg\">La Junta avanza en las medidas del Pacto Social\u00a0y\u00a0Econ\u00f3mico\u00a0por el Impulso de\u00a0Andaluc\u00eda-\u00a0<\/a><a>Europa Press<br \/>\n<\/a><a class=\"title\" href=\"https:\/\/www.msn.com\/es-es\/noticias\/espana\/bruselas-avisa-que-actuar%C3%A1-si-la-junta-andaluza-aprueba-la-ley-de-regad%C3%ADos-en-do%C3%B1ana\/ar-AA1a5YCY\" target=\"_blank\" rel=\"noopener\" data-artpy=\"0\" data-author=\"El Independiente on MSN\">Bruselas avisa que actuar\u00e1 si la Junta andaluza aprueba la ley de regad\u00edos en Do\u00f1ana<\/a>-elindependiente<a><br \/>\n<\/a><\/p>\n<p><strong>Econom\u00eda y Empresa<br \/>\n<\/strong><a class=\"title\" href=\"https:\/\/www.autonomosyemprendedor.es\/articulo\/actualidad\/andalucia-va-bonificar-24-meses-cuota-seguridad-social-autonomas-que-tengan-hijos\/20230419163711030134.html\" target=\"_blank\" rel=\"noopener\" data-artpy=\"0\" data-author=\"Aut\u00f3nomos y Emprendedores\">Roc\u00edo Blanco: \u00abLas condiciones favorables, las ayudas y bajadas de impuestos nos han hecho l\u00edderes en trabajo aut\u00f3nomo\u201d<\/a>-aut\u00f3nomosyemprendedores<strong><br \/>\n<\/strong><a href=\"https:\/\/www.google.com\/url?rct=j&amp;sa=t&amp;url=https:\/\/www.diariodejerez.es\/jerez\/Mujeres-rurales-agricultoras-viernes-Barca-jerez_0_1785421828.html&amp;ct=ga&amp;cd=CAEYASoUMTYwOTg5OTIzMzQ1NDA1MjAxNzAyGWMwMzcyZWJjMmZlYWRhNTk6ZXM6ZXM6RVM&amp;usg=AOvVaw3aZiWix4OL61WSfO0kS0bI\" target=\"_blank\" rel=\"noopener\" data-saferedirecturl=\"https:\/\/www.google.com\/url?q=https:\/\/www.google.com\/url?rct%3Dj%26sa%3Dt%26url%3Dhttps:\/\/www.diariodejerez.es\/jerez\/Mujeres-rurales-agricultoras-viernes-Barca-jerez_0_1785421828.html%26ct%3Dga%26cd%3DCAEYASoUMTYwOTg5OTIzMzQ1NDA1MjAxNzAyGWMwMzcyZWJjMmZlYWRhNTk6ZXM6ZXM6RVM%26usg%3DAOvVaw3aZiWix4OL61WSfO0kS0bI&amp;source=gmail&amp;ust=1682004397729000&amp;usg=AOvVaw0PzpUFblLWpiQjfdJrAud_\">El &#8216;II Foro de\u00a0mujeres\u00a0rurales y\u00a0mujeres agricultoras&#8217; se celebra este viernes en La Barca-\u00a0<\/a><a>Diario de Jerez<br \/>\n<\/a><a href=\"https:\/\/www.google.com\/url?rct=j&amp;sa=t&amp;url=https:\/\/aljarafeymas.com\/noticias\/10250-Iniciado-en-la-provincia-de-Sevilla-un-ciclo-de-eventos-para-el-fomento-del-emprendimiento-femenino&amp;ct=ga&amp;cd=CAEYAyoUMTM0NTA5Njg3MDUxNzEwMjg4NDAyGWMwMzcyZWJjMmZlYWRhNTk6ZXM6ZXM6RVM&amp;usg=AOvVaw03w50mVFDpspNZKzm8KnLD\" target=\"_blank\" rel=\"noopener\" data-saferedirecturl=\"https:\/\/www.google.com\/url?q=https:\/\/www.google.com\/url?rct%3Dj%26sa%3Dt%26url%3Dhttps:\/\/aljarafeymas.com\/noticias\/10250-Iniciado-en-la-provincia-de-Sevilla-un-ciclo-de-eventos-para-el-fomento-del-emprendimiento-femenino%26ct%3Dga%26cd%3DCAEYAyoUMTM0NTA5Njg3MDUxNzEwMjg4NDAyGWMwMzcyZWJjMmZlYWRhNTk6ZXM6ZXM6RVM%26usg%3DAOvVaw03w50mVFDpspNZKzm8KnLD&amp;source=gmail&amp;ust=1682088086068000&amp;usg=AOvVaw3PAbHrENG1wh6-xTacsBHE\">Iniciado, en la provincia de Sevilla, un ciclo de eventos para el fomento del emprendimiento &#8230;-\u00a0<\/a><a>Aljarafe y m\u00e1s<br \/>\n<\/a><a class=\"title\" href=\"https:\/\/www.granadahoy.com\/igualdad\/AMEGA-femenino-Granada-referencia-tecnologico_0_1785722476.html\" target=\"_blank\" rel=\"noopener\" data-artpy=\"0\" data-author=\"Granada Hoy\">AMEGA destaca el talento femenino y los retos de Granada para ser un punto de referencia en el sector tecnol\u00f3gico<\/a>-granadahoy<a><br \/>\n<\/a><a href=\"https:\/\/www.google.com\/url?rct=j&amp;sa=t&amp;url=https:\/\/www.europapress.es\/esandalucia\/sevilla\/noticia-andalucia-abre-plazo-solicitar-ayudas-apoyan-asociacionismo-economia-social-20230420134448.html&amp;ct=ga&amp;cd=CAEYACoSNzc0Njg3OTg1MTY2ODM3MzgzMhlkNzhlNTg3NWEwZjFmMmFjOmVzOmVzOkVT&amp;usg=AOvVaw22ZZ4GukyqcfAfdJLZ6gdF\" target=\"_blank\" rel=\"noopener\" data-saferedirecturl=\"https:\/\/www.google.com\/url?q=https:\/\/www.google.com\/url?rct%3Dj%26sa%3Dt%26url%3Dhttps:\/\/www.europapress.es\/esandalucia\/sevilla\/noticia-andalucia-abre-plazo-solicitar-ayudas-apoyan-asociacionismo-economia-social-20230420134448.html%26ct%3Dga%26cd%3DCAEYACoSNzc0Njg3OTg1MTY2ODM3MzgzMhlkNzhlNTg3NWEwZjFmMmFjOmVzOmVzOkVT%26usg%3DAOvVaw22ZZ4GukyqcfAfdJLZ6gdF&amp;source=gmail&amp;ust=1682088083926000&amp;usg=AOvVaw3FATlNwBBG7ZgdoRsEnk3A\">Andaluc\u00eda abre el plazo para solicitar las ayudas que apoyan el asociacionismo en la econom\u00eda social&#8230;-\u00a0<\/a><a>Europa Press<\/a><\/p>\n<p><strong>Actualidad<br \/>\n<\/strong><a href=\"https:\/\/www.google.com\/url?rct=j&amp;sa=t&amp;url=https:\/\/www.juntadeandalucia.es\/presidencia\/portavoz\/social\/181926\/Mujeres\/mujer\/discriminacion\/sexo\/boja\/defensalegal\/asesoramientojuridico\/ayudas\/subvenciones\/Andalucia\/JuntadeAndalucia\/InstitutoAndaluzdelaMujerIAM\/ConsejeriadeInclusionSocialJuventudFamiliaseIgualdad&amp;ct=ga&amp;cd=CAEYACoTNDg4OTYyNDAxODI2NTYxNjcxODIbOWFiMWNkZDdlMzY2ZWYzODplczplczpFUzpS&amp;usg=AOvVaw0n1t5YE8-NdfowFBEHPcQZ\" target=\"_blank\" rel=\"noopener\" data-saferedirecturl=\"https:\/\/www.google.com\/url?q=https:\/\/www.google.com\/url?rct%3Dj%26sa%3Dt%26url%3Dhttps:\/\/www.juntadeandalucia.es\/presidencia\/portavoz\/social\/181926\/Mujeres\/mujer\/discriminacion\/sexo\/boja\/defensalegal\/asesoramientojuridico\/ayudas\/subvenciones\/Andalucia\/JuntadeAndalucia\/InstitutoAndaluzdelaMujerIAM\/ConsejeriadeInclusionSocialJuventudFamiliaseIgualdad%26ct%3Dga%26cd%3DCAEYACoTNDg4OTYyNDAxODI2NTYxNjcxODIbOWFiMWNkZDdlMzY2ZWYzODplczplczpFUzpS%26usg%3DAOvVaw0n1t5YE8-NdfowFBEHPcQZ&amp;source=gmail&amp;ust=1682004400901000&amp;usg=AOvVaw2gOUYGqRKKpIshFAb8DrcO\">El BOJA publica la l\u00ednea de ayudas para la defensa legal a mujeres con discriminaci\u00f3n &#8230;-\u00a0<\/a><a>Junta de Andaluc\u00eda<br \/>\n<\/a><a href=\"https:\/\/www.google.com\/url?rct=j&amp;sa=t&amp;url=https:\/\/www.diariocordoba.com\/cordoba-ciudad\/2023\/04\/19\/60-personas-discapacitadas-son-mujeres-86209243.html&amp;ct=ga&amp;cd=CAEYAioTOTM2NjE1ODY5NzkwMDcyMzA1OTIZYzAzNzJlYmMyZmVhZGE1OTplczplczpFUw&amp;usg=AOvVaw2NZk6FOaTygsgiKtrBhKbc\" target=\"_blank\" rel=\"noopener\" data-saferedirecturl=\"https:\/\/www.google.com\/url?q=https:\/\/www.google.com\/url?rct%3Dj%26sa%3Dt%26url%3Dhttps:\/\/www.diariocordoba.com\/cordoba-ciudad\/2023\/04\/19\/60-personas-discapacitadas-son-mujeres-86209243.html%26ct%3Dga%26cd%3DCAEYAioTOTM2NjE1ODY5NzkwMDcyMzA1OTIZYzAzNzJlYmMyZmVhZGE1OTplczplczpFUw%26usg%3DAOvVaw2NZk6FOaTygsgiKtrBhKbc&amp;source=gmail&amp;ust=1682006343335000&amp;usg=AOvVaw2PtigndBxVNmyrnSZv0Xh4\">El 60% de las personas discapacitadas son mujeres, binomio que agrava la inclusi\u00f3n del colectivo-\u00a0<\/a><a>Diario C\u00f3rdoba<br \/>\n<\/a><a href=\"https:\/\/www.google.com\/url?rct=j&amp;sa=t&amp;url=https:\/\/huelvabuenasnoticias.com\/2023\/04\/17\/abierto-el-plazo-para-las-candidaturas-de-los-premios-solidarios\/&amp;ct=ga&amp;cd=CAEYACoUMTE1MDMzNTE5NzU4MzE2NzMyMTMyGWQ3OGU1ODc1YTBmMWYyYWM6ZXM6ZXM6RVM&amp;usg=AOvVaw05M2ZFkvJybnFl46llMu1g\" target=\"_blank\" rel=\"noopener\" data-saferedirecturl=\"https:\/\/www.google.com\/url?q=https:\/\/www.google.com\/url?rct%3Dj%26sa%3Dt%26url%3Dhttps:\/\/huelvabuenasnoticias.com\/2023\/04\/17\/abierto-el-plazo-para-las-candidaturas-de-los-premios-solidarios\/%26ct%3Dga%26cd%3DCAEYACoUMTE1MDMzNTE5NzU4MzE2NzMyMTMyGWQ3OGU1ODc1YTBmMWYyYWM6ZXM6ZXM6RVM%26usg%3DAOvVaw05M2ZFkvJybnFl46llMu1g&amp;source=gmail&amp;ust=1682088083750000&amp;usg=AOvVaw2ufxKXaeQFZwm3xV6bBuEu\">Abierto el plazo para las candidaturas de los Premios Solidarios &#8211;\u00a0<\/a><a>Huelva Buenas Noticias<br \/>\n<\/a><a href=\"https:\/\/www.google.com\/url?rct=j&amp;sa=t&amp;url=https:\/\/www.tododisca.com\/requisitos-cobrar-nuevo-cheque-ayuda-200-euros-andalucia\/&amp;ct=ga&amp;cd=CAEYACoTODk1NDMwMTUyNDI5Nzg4NDI5MTIZZDc4ZTU4NzVhMGYxZjJhYzplczplczpFUw&amp;usg=AOvVaw3WlMxSXmJf0RxLaBK6OV4a\" target=\"_blank\" rel=\"noopener\" data-saferedirecturl=\"https:\/\/www.google.com\/url?q=https:\/\/www.google.com\/url?rct%3Dj%26sa%3Dt%26url%3Dhttps:\/\/www.tododisca.com\/requisitos-cobrar-nuevo-cheque-ayuda-200-euros-andalucia\/%26ct%3Dga%26cd%3DCAEYACoTODk1NDMwMTUyNDI5Nzg4NDI5MTIZZDc4ZTU4NzVhMGYxZjJhYzplczplczpFUw%26usg%3DAOvVaw3WlMxSXmJf0RxLaBK6OV4a&amp;source=gmail&amp;ust=1682097516221000&amp;usg=AOvVaw0PXqgjBf9SiHIFltoAu_H9\">Requisitos para cobrar el nuevo cheque ayuda de 200 euros aprobado en Andaluc\u00eda<b>&#8211;\u00a0<\/b><\/a><a>Tododisca<\/a><\/p>\n<p><strong>Violencias<\/strong><a><br \/>\n<\/a><a href=\"https:\/\/www.google.com\/url?rct=j&amp;sa=t&amp;url=https:\/\/www.granadadigital.es\/violencia-genero-sexual-espacios-ocio-relacion-alcohol-drogas\/&amp;ct=ga&amp;cd=CAEYACoUMTIxOTkzODQ2MDAwMzA4NjY3NjIyGWUxZTc3ZDE1NjA5OGE4ZTM6ZXM6ZXM6RVM&amp;usg=AOvVaw1PE6BrFZ5RIzzZKoXy3jkI\" target=\"_blank\" rel=\"noopener\" data-saferedirecturl=\"https:\/\/www.google.com\/url?q=https:\/\/www.google.com\/url?rct%3Dj%26sa%3Dt%26url%3Dhttps:\/\/www.granadadigital.es\/violencia-genero-sexual-espacios-ocio-relacion-alcohol-drogas\/%26ct%3Dga%26cd%3DCAEYACoUMTIxOTkzODQ2MDAwMzA4NjY3NjIyGWUxZTc3ZDE1NjA5OGE4ZTM6ZXM6ZXM6RVM%26usg%3DAOvVaw1PE6BrFZ5RIzzZKoXy3jkI&amp;source=gmail&amp;ust=1682004397960000&amp;usg=AOvVaw1Cpt-hDJoW06wqrogEAdBr\">Analizan la\u00a0violencia de g\u00e9nero y sexual en espacios de ocio y su relaci\u00f3n con el &#8230; &#8211;\u00a0<\/a><a>Granada Digital<br \/>\n<\/a><a href=\"https:\/\/www.google.com\/url?rct=j&amp;sa=t&amp;url=https:\/\/www.lavozdigital.es\/provincia\/cadiz\/gaditano-jose-carlos-vera-premiado-junta-app-20230419165633-ntv.html&amp;ct=ga&amp;cd=CAEYACoUMTI4NTQxMjI5Njk1NDkyNjA0ODgyGWUyZGVmYTdkNWRhOTE1N2Q6ZXM6ZXM6RVM&amp;usg=AOvVaw2ToATNuKUS0p0H1LIibExS\" target=\"_blank\" rel=\"noopener\" data-saferedirecturl=\"https:\/\/www.google.com\/url?q=https:\/\/www.google.com\/url?rct%3Dj%26sa%3Dt%26url%3Dhttps:\/\/www.lavozdigital.es\/provincia\/cadiz\/gaditano-jose-carlos-vera-premiado-junta-app-20230419165633-ntv.html%26ct%3Dga%26cd%3DCAEYACoUMTI4NTQxMjI5Njk1NDkyNjA0ODgyGWUyZGVmYTdkNWRhOTE1N2Q6ZXM6ZXM6RVM%26usg%3DAOvVaw2ToATNuKUS0p0H1LIibExS&amp;source=gmail&amp;ust=1682004399561000&amp;usg=AOvVaw21_nwK8JfdCkPMXWpsGkN1\">Premiada por la Junta la app Antic\u00edpate contra &#8230; &#8211;\u00a0<\/a><a>La Voz de C\u00e1diz<br \/>\n<\/a><a class=\"title\" href=\"https:\/\/www.diariodecadiz.es\/chiclana\/Chiclana-Jornadas-Violencia-Estudio-Muntidisciplinar_0_1785722018.html\" target=\"_blank\" rel=\"noopener\" data-artpy=\"0\" data-author=\"Diario de C\u00e1diz\">Chiclana acoge las V Jornadas de \u2018Violencia de G\u00e9nero: Un Estudio Muntidisciplinar\u2019<\/a>-diariodecadiz<a><br \/>\n<\/a><\/p>\n<p><b>Ciencia y Cultura<br \/>\n<\/b><a class=\"title\" href=\"https:\/\/www.msn.com\/es-es\/dinero\/economia\/sevilla-presentar%C3%A1-al-mundo-la-agencia-espacial-espa%C3%B1ola-con-tres-cumbres-internacionales\/ar-AA1a6PEL\" target=\"_blank\" rel=\"noopener\" data-artpy=\"0\" data-author=\"elEconomista on MSN\">Sevilla presentar\u00e1 al mundo la Agencia Espacial Espa\u00f1ola con tres cumbres internacionales<\/a>-eleconomista<b><br \/>\n<\/b><a class=\"title\" href=\"https:\/\/www.europapress.es\/andalucia\/unia-01278\/noticia-grupo-rabida-huelva-unia-organizara-otono-cumbre-rectoras-espana-america-latina-20230420165936.html\" target=\"_blank\" rel=\"noopener\" data-artpy=\"0\" data-author=\"Europa Press\">El Grupo La R\u00e1bida (Huelva) de la UNIA organizar\u00e1 en oto\u00f1o una Cumbre de Rectoras de Espa\u00f1a y Am\u00e9rica Latina<\/a>-europapress<b><br \/>\n<\/b><a href=\"https:\/\/www.google.com\/url?rct=j&amp;sa=t&amp;url=https:\/\/www.uca.es\/noticia\/la-uca-lanza-el-programa-univergem-2023-para-beneficiar-la-empleabilidad-entre-sus-alumnas-y-tituladas\/&amp;ct=ga&amp;cd=CAEYACoSNTYzMjQ4OTE4ODEwMDgyODU5Mhs5YWIxY2RkN2UzNjZlZjM4OmVzOmVzOkVTOlI&amp;usg=AOvVaw3OZ6e7zJmIICyBe6ZmVpU-\" target=\"_blank\" rel=\"noopener\" data-saferedirecturl=\"https:\/\/www.google.com\/url?q=https:\/\/www.google.com\/url?rct%3Dj%26sa%3Dt%26url%3Dhttps:\/\/www.uca.es\/noticia\/la-uca-lanza-el-programa-univergem-2023-para-beneficiar-la-empleabilidad-entre-sus-alumnas-y-tituladas\/%26ct%3Dga%26cd%3DCAEYACoSNTYzMjQ4OTE4ODEwMDgyODU5Mhs5YWIxY2RkN2UzNjZlZjM4OmVzOmVzOkVTOlI%26usg%3DAOvVaw3OZ6e7zJmIICyBe6ZmVpU-&amp;source=gmail&amp;ust=1682088083955000&amp;usg=AOvVaw34T9XQEMpL3Gf8bLzIQfAV\">La UCA lanza el programa UNIVERGEM 2023 para beneficiar la empleabilidad entre sus &#8230;-\u00a0<\/a><a>UCA<br \/>\n<\/a><b><\/b><a href=\"https:\/\/www.google.com\/url?rct=j&amp;sa=t&amp;url=https:\/\/www.diariocordoba.com\/cultura\/2023\/04\/18\/jornadas-ponen-papel-mujer-cordoba-86135015.html&amp;ct=ga&amp;cd=CAEYBioUMTY5MzAzNzIwNDQ3MTgwNDE1MjAyGWMwMzcyZWJjMmZlYWRhNTk6ZXM6ZXM6RVM&amp;usg=AOvVaw1rYkxnPHXfuxbgrLhDerej\" target=\"_blank\" rel=\"noopener\" data-saferedirecturl=\"https:\/\/www.google.com\/url?q=https:\/\/www.google.com\/url?rct%3Dj%26sa%3Dt%26url%3Dhttps:\/\/www.diariocordoba.com\/cultura\/2023\/04\/18\/jornadas-ponen-papel-mujer-cordoba-86135015.html%26ct%3Dga%26cd%3DCAEYBioUMTY5MzAzNzIwNDQ3MTgwNDE1MjAyGWMwMzcyZWJjMmZlYWRhNTk6ZXM6ZXM6RVM%26usg%3DAOvVaw1rYkxnPHXfuxbgrLhDerej&amp;source=gmail&amp;ust=1682004397610000&amp;usg=AOvVaw1hmPnHHPzTWbncxvl4xHYz\">Unas jornadas ponen en valor el papel de la\u00a0mujer\u00a0en C\u00f3rdoba desde la prehistoria a la &#8230;<\/a>&#8211; D<a>iario C\u00f3rdoba<br \/>\n<\/a><a href=\"https:\/\/www.google.com\/url?rct=j&amp;sa=t&amp;url=https:\/\/canal.ugr.es\/evento\/seminarios-sobre-historia-economica-del-grupo-critizens-movilidad-miedo-y-genero\/&amp;ct=ga&amp;cd=CAEYASoUMTc3NDI1MDEyOTkxMTQxNDgzNDgyGTU5ZDc4MTcxMzZhMmQwMjg6ZXM6ZXM6RVM&amp;usg=AOvVaw0S4fm6kwwQsLZPNJJMtb3c\" target=\"_blank\" rel=\"noopener\" data-saferedirecturl=\"https:\/\/www.google.com\/url?q=https:\/\/www.google.com\/url?rct%3Dj%26sa%3Dt%26url%3Dhttps:\/\/canal.ugr.es\/evento\/seminarios-sobre-historia-economica-del-grupo-critizens-movilidad-miedo-y-genero\/%26ct%3Dga%26cd%3DCAEYASoUMTc3NDI1MDEyOTkxMTQxNDgzNDgyGTU5ZDc4MTcxMzZhMmQwMjg6ZXM6ZXM6RVM%26usg%3DAOvVaw0S4fm6kwwQsLZPNJJMtb3c&amp;source=gmail&amp;ust=1682088086425000&amp;usg=AOvVaw2Hrgcf8bfzN24klJcu-QZE\">Seminarios sobre Historia econ\u00f3mica del grupo Critizens: \u201cMovilidad, Miedo y\u00a0G\u00e9nero\u201d-\u00a0<\/a><a>Canal UGR<br \/>\n<\/a><a href=\"https:\/\/www.google.com\/url?rct=j&amp;sa=t&amp;url=https:\/\/canal.ugr.es\/noticia\/la-ugr-acoge-el-congreso-nacional-de-educacion-en-diversidad-sexual-corporal-y-de-genero\/&amp;ct=ga&amp;cd=CAEYASoUMTE3NDE4Mzg5MDQ2NzIxODIxMjYyGTU5ZDc4MTcxMzZhMmQwMjg6ZXM6ZXM6RVM&amp;usg=AOvVaw08clf_7bXXdLxUiHJmaRQO\" target=\"_blank\" rel=\"noopener\" data-saferedirecturl=\"https:\/\/www.google.com\/url?q=https:\/\/www.google.com\/url?rct%3Dj%26sa%3Dt%26url%3Dhttps:\/\/canal.ugr.es\/noticia\/la-ugr-acoge-el-congreso-nacional-de-educacion-en-diversidad-sexual-corporal-y-de-genero\/%26ct%3Dga%26cd%3DCAEYASoUMTE3NDE4Mzg5MDQ2NzIxODIxMjYyGTU5ZDc4MTcxMzZhMmQwMjg6ZXM6ZXM6RVM%26usg%3DAOvVaw08clf_7bXXdLxUiHJmaRQO&amp;source=gmail&amp;ust=1682088086546000&amp;usg=AOvVaw2xTO4_Xsw4qoVNO6cpM9rE\">La UGR acoge el Congreso Nacional de Educaci\u00f3n en Diversidad Sexual, Corporal y de\u00a0G\u00e9nero<b>&#8211;\u00a0<\/b><\/a><a>Canal UGR<br \/>\n<\/a><a class=\"title\" href=\"https:\/\/www.gentedepaz.es\/el-ateneo-acoge-la-conferencia-la-mujer-lectora-imagenes-sevillanas-de-la-virgen-y-el-libro\/\" target=\"_blank\" rel=\"noopener\" data-artpy=\"0\" data-author=\"gentedepaz\">El Ateneo acoge la conferencia \u201cLa mujer lectora: im\u00e1genes sevillanas de la Virgen y el libro\u201d<\/a>-gentedepaz<br \/>\n<a class=\"title\" href=\"https:\/\/www.diariodesevilla.es\/ocio\/Julieta-Venegas-Morricone-Iconica-Sevilla_0_1785722804.html\" target=\"_blank\" rel=\"noopener\" data-artpy=\"0\" data-author=\"Diario de Sevilla\">Julieta Venegas y el homenaje al genio Ennio Morricone formar\u00e1n parte del Ic\u00f3nica Sevilla Fest<\/a>-diariodesevilla<a><br \/>\n<\/a><\/p>\n<p><strong>Deporte<br \/>\n<\/strong><a class=\"title\" href=\"https:\/\/www.laopiniondemalaga.es\/deportes\/2023\/04\/20\/diputacion-malaga-renueva-patrocinio-costa-86271146.html\" target=\"_blank\" rel=\"noopener\" data-artpy=\"0\" data-author=\"Deportes\">La Diputaci\u00f3n de M\u00e1laga renueva su patrocinio con el Costa del Sol<\/a>-laopiniondemalaga<br \/>\n<a class=\"title\" href=\"https:\/\/cadenaser.com\/andalucia\/2023\/04\/19\/el-unicaja-femenino-a-por-el-sueno-del-ascenso-a-la-liga-challenge-ser-malaga\/\" target=\"_blank\" rel=\"noopener\" data-artpy=\"0\" data-author=\"Cadena SER\">El Unicaja femenino a por el sue\u00f1o del ascenso a la Liga Challenge<\/a>-ser<strong><br \/>\n<\/strong><\/p>\n<\/div>\n<\/div>\n<\/div>\n<\/div>\n<div id=\"\" class=\"lsow-panel lsow-active\">\n<h1 class=\"lsow-panel-title\">Estado<\/h1>\n<div class=\"lsow-panel-content\">\n<p><strong>Institucional<br \/>\n<\/strong><a href=\"https:\/\/www.google.com\/url?rct=j&amp;sa=t&amp;url=https:\/\/www.eldiario.es\/economia\/yolanda-diaz-asamblea-general-onu-posible-superar-sistema-economico-despiadado_1_10130285.html&amp;ct=ga&amp;cd=CAEYASoTNDI0Njc3ODcwNzY4ODE0MzI4ODIbOTE4ODU3Y2Q2MGY5Nzc0ODplczplczpFUzpM&amp;usg=AOvVaw11MRRcWsLo-TemFy4Q5SLa\" target=\"_blank\" rel=\"noopener\" data-saferedirecturl=\"https:\/\/www.google.com\/url?q=https:\/\/www.google.com\/url?rct%3Dj%26sa%3Dt%26url%3Dhttps:\/\/www.eldiario.es\/economia\/yolanda-diaz-asamblea-general-onu-posible-superar-sistema-economico-despiadado_1_10130285.html%26ct%3Dga%26cd%3DCAEYASoTNDI0Njc3ODcwNzY4ODE0MzI4ODIbOTE4ODU3Y2Q2MGY5Nzc0ODplczplczpFUzpM%26usg%3DAOvVaw11MRRcWsLo-TemFy4Q5SLa&amp;source=gmail&amp;ust=1682004399684000&amp;usg=AOvVaw1M15UTIEqRfDenK8c-KY7t\">Yolanda D\u00edaz, en la Asamblea General de la ONU: \u00abEs posible superar un sistema &#8230;-\u00a0<\/a><a>El Diario<br \/>\n<\/a><a href=\"https:\/\/www.google.com\/url?rct=j&amp;sa=t&amp;url=https:\/\/www.aecid.es\/ES\/Paginas\/Sala%2520de%2520Prensa\/Agenda\/2023\/2023_04\/18_%25C3%25ADndice_social.aspx&amp;ct=ga&amp;cd=CAEYACoTNTA2NjM2NTkyNTk5MzczMTI2MjIZNTlkNzgxNzEzNmEyZDAyODplczplczpFUw&amp;usg=AOvVaw0dpVLEF-QkIj95XpkUO74i\" target=\"_blank\" rel=\"noopener\" data-saferedirecturl=\"https:\/\/www.google.com\/url?q=https:\/\/www.google.com\/url?rct%3Dj%26sa%3Dt%26url%3Dhttps:\/\/www.aecid.es\/ES\/Paginas\/Sala%252520de%252520Prensa\/Agenda\/2023\/2023_04\/18_%2525C3%2525ADndice_social.aspx%26ct%3Dga%26cd%3DCAEYACoTNTA2NjM2NTkyNTk5MzczMTI2MjIZNTlkNzgxNzEzNmEyZDAyODplczplczpFUw%26usg%3DAOvVaw0dpVLEF-QkIj95XpkUO74i&amp;source=gmail&amp;ust=1682088086286000&amp;usg=AOvVaw3eE5_SEnYN-LBU3Ntj7Uyv\">Presentaci\u00f3n del \u00cdndice de Instituciones Sociales y G\u00e9nero &#8211;<\/a><a>AECID<br \/>\n<\/a><a class=\"title\" href=\"https:\/\/www.publimetro.com.mx\/noticias\/2023\/04\/19\/cultura-admite-que-no-puede-fijar-a-priori-una-cuota-femenina-de-compra-de-obras-de-arte-en-subastas\/\" target=\"_blank\" rel=\"noopener\" data-artpy=\"0\" data-author=\"Publimetro\">Cultura admite que no puede fijar a priori una cuota femenina de compra de obras de arte en subastas<\/a>-publimetro<a><br \/>\n<\/a><\/p>\n<p><strong>Institucional \u2013 CCAA<br \/>\n<\/strong><a href=\"https:\/\/www.google.com\/url?rct=j&amp;sa=t&amp;url=https:\/\/www.eldiario.es\/euskadi\/realidad-virtual-jovenes-vascos-empaticen-violencia-genero-migracion-ansiedad_1_10130442.html&amp;ct=ga&amp;cd=CAEYACoTNDQ1MTg4NzQ0NTk2Njg0NzcwMTIZZTFlNzdkMTU2MDk4YThlMzplczplczpFUw&amp;usg=AOvVaw2uPm0O3V7ozCBmxMocYla6\" target=\"_blank\" rel=\"noopener\" data-saferedirecturl=\"https:\/\/www.google.com\/url?q=https:\/\/www.google.com\/url?rct%3Dj%26sa%3Dt%26url%3Dhttps:\/\/www.eldiario.es\/euskadi\/realidad-virtual-jovenes-vascos-empaticen-violencia-genero-migracion-ansiedad_1_10130442.html%26ct%3Dga%26cd%3DCAEYACoTNDQ1MTg4NzQ0NTk2Njg0NzcwMTIZZTFlNzdkMTU2MDk4YThlMzplczplczpFUw%26usg%3DAOvVaw2uPm0O3V7ozCBmxMocYla6&amp;source=gmail&amp;ust=1682004398010000&amp;usg=AOvVaw2zR32XKZDUWnb1t-7JPMYW\">Realidad virtual para que los j\u00f3venes vascos empaticen con la violencia de g\u00e9nero, la &#8230; &#8211;<\/a><a>El Diario<br \/>\n<\/a><a href=\"https:\/\/www.google.com\/url?rct=j&amp;sa=t&amp;url=https:\/\/www.navarra.es\/es\/-\/nota-prensa\/el-instituto-navarro-del-deporte-recibe-uno-de-los-premios-nacionales-del-deporte-por-sus-programas-de-erradicacion-de-la-violencia&amp;ct=ga&amp;cd=CAEYASoUMTY5MzAzNzIwNDQ3MTgwNDE1MjAyGWMwMzcyZWJjMmZlYWRhNTk6ZXM6ZXM6RVM&amp;usg=AOvVaw23MyzYBSWeWPsbbEPhFupM\" target=\"_blank\" rel=\"noopener\" data-saferedirecturl=\"https:\/\/www.google.com\/url?q=https:\/\/www.google.com\/url?rct%3Dj%26sa%3Dt%26url%3Dhttps:\/\/www.navarra.es\/es\/-\/nota-prensa\/el-instituto-navarro-del-deporte-recibe-uno-de-los-premios-nacionales-del-deporte-por-sus-programas-de-erradicacion-de-la-violencia%26ct%3Dga%26cd%3DCAEYASoUMTY5MzAzNzIwNDQ3MTgwNDE1MjAyGWMwMzcyZWJjMmZlYWRhNTk6ZXM6ZXM6RVM%26usg%3DAOvVaw23MyzYBSWeWPsbbEPhFupM&amp;source=gmail&amp;ust=1682004397609000&amp;usg=AOvVaw1ZKOFd8H0opVd2G4j15Td6\">El\u00a0Instituto Navarro del Deporte recibe uno de los Premios Nacionales del Deporte por sus &#8230;-\u00a0<\/a><a>navarra<br \/>\n<\/a><a href=\"https:\/\/www.google.com\/url?rct=j&amp;sa=t&amp;url=https:\/\/cadenaser.com\/castillalamancha\/2023\/04\/19\/la-uclm-y-el-instituto-de-la-mujer-contra-la-violencia-radio-albacete\/&amp;ct=ga&amp;cd=CAEYACoTMjEwNzcyMjI3NjIzMDA4ODQ1NTIZYzAzNzJlYmMyZmVhZGE1OTplczplczpFUw&amp;usg=AOvVaw25A3ZtgRisBqSTtec6iAwH\" target=\"_blank\" rel=\"noopener\" data-saferedirecturl=\"https:\/\/www.google.com\/url?q=https:\/\/www.google.com\/url?rct%3Dj%26sa%3Dt%26url%3Dhttps:\/\/cadenaser.com\/castillalamancha\/2023\/04\/19\/la-uclm-y-el-instituto-de-la-mujer-contra-la-violencia-radio-albacete\/%26ct%3Dga%26cd%3DCAEYACoTMjEwNzcyMjI3NjIzMDA4ODQ1NTIZYzAzNzJlYmMyZmVhZGE1OTplczplczpFUw%26usg%3DAOvVaw25A3ZtgRisBqSTtec6iAwH&amp;source=gmail&amp;ust=1682004397749000&amp;usg=AOvVaw0-_es8ti4TNeJf2KILeFvO\">La UCLM y el Instituto de la Mujer contra la violencia &#8211;<\/a><a>Cadena SER<br \/>\n<\/a><a href=\"https:\/\/www.google.com\/url?rct=j&amp;sa=t&amp;url=https:\/\/www.xn--televisionextremea-30b.com\/el-i-congreso-internacional-de-feminismo-y-desarrollo-celebrado-en-caceres-reivindica-las-luchas-globales-de-las-mujeres\/&amp;ct=ga&amp;cd=CAEYACoTMzk2MzkxMjAyOTI3MTI0NDM2NTIZNTlkNzgxNzEzNmEyZDAyODplczplczpFUw&amp;usg=AOvVaw1RTfWL_zg9oP46_QLhIAkH\" target=\"_blank\" rel=\"noopener\" data-saferedirecturl=\"https:\/\/www.google.com\/url?q=https:\/\/www.google.com\/url?rct%3Dj%26sa%3Dt%26url%3Dhttps:\/\/www.xn--televisionextremea-30b.com\/el-i-congreso-internacional-de-feminismo-y-desarrollo-celebrado-en-caceres-reivindica-las-luchas-globales-de-las-mujeres\/%26ct%3Dga%26cd%3DCAEYACoTMzk2MzkxMjAyOTI3MTI0NDM2NTIZNTlkNzgxNzEzNmEyZDAyODplczplczpFUw%26usg%3DAOvVaw1RTfWL_zg9oP46_QLhIAkH&amp;source=gmail&amp;ust=1682088086321000&amp;usg=AOvVaw2BJDo1925ftraWgkYOlOcs\">El I Congreso Internacional de Feminismo y Desarrollo celebrado en C\u00e1ceres reivindica las luchas &#8230;-\u00a0<\/a><a>Televisi\u00f3n Extreme\u00f1a<\/a><\/p>\n<p><strong>Econom\u00eda y Empresa<br \/>\n<\/strong><a href=\"https:\/\/www.google.com\/url?rct=j&amp;sa=t&amp;url=https:\/\/www.swissinfo.ch\/spa\/onu-espa%25C3%25B1a_yolanda-d%25C3%25ADaz-aboga-por-revisar-m%25C3%25A1rgenes-empresariales-que-causan-desigualdad\/48444994&amp;ct=ga&amp;cd=CAEYACoTOTkxNzEzNzM3ODM4MDQzODIxNDIbOTE4ODU3Y2Q2MGY5Nzc0ODplczplczpFUzpM&amp;usg=AOvVaw1o4JWfwn_NDLF-Zk3NQ4UU\" target=\"_blank\" rel=\"noopener\" data-saferedirecturl=\"https:\/\/www.google.com\/url?q=https:\/\/www.google.com\/url?rct%3Dj%26sa%3Dt%26url%3Dhttps:\/\/www.swissinfo.ch\/spa\/onu-espa%2525C3%2525B1a_yolanda-d%2525C3%2525ADaz-aboga-por-revisar-m%2525C3%2525A1rgenes-empresariales-que-causan-desigualdad\/48444994%26ct%3Dga%26cd%3DCAEYACoTOTkxNzEzNzM3ODM4MDQzODIxNDIbOTE4ODU3Y2Q2MGY5Nzc0ODplczplczpFUzpM%26usg%3DAOvVaw1o4JWfwn_NDLF-Zk3NQ4UU&amp;source=gmail&amp;ust=1682088084184000&amp;usg=AOvVaw2m5rehG89FMmInUw49oPPL\">Yolanda D\u00edaz aboga por revisar m\u00e1rgenes empresariales que causan desigualdad-<\/a><a>Swissinfo<br \/>\n<\/a><a href=\"https:\/\/www.google.com\/url?rct=j&amp;sa=t&amp;url=https:\/\/www.camara.es\/camara-espana-cesce-refuerzan-alianza-para-impulso-emprendedoras-empresarias&amp;ct=ga&amp;cd=CAEYASoUMTc4MTkzMzk2ODM2MDIwMTEyMzUyGWMwMzcyZWJjMmZlYWRhNTk6ZXM6ZXM6RVM&amp;usg=AOvVaw0r7yi3mvECDxD9rwdIYoMz\" target=\"_blank\" rel=\"noopener\" data-saferedirecturl=\"https:\/\/www.google.com\/url?q=https:\/\/www.google.com\/url?rct%3Dj%26sa%3Dt%26url%3Dhttps:\/\/www.camara.es\/camara-espana-cesce-refuerzan-alianza-para-impulso-emprendedoras-empresarias%26ct%3Dga%26cd%3DCAEYASoUMTc4MTkzMzk2ODM2MDIwMTEyMzUyGWMwMzcyZWJjMmZlYWRhNTk6ZXM6ZXM6RVM%26usg%3DAOvVaw0r7yi3mvECDxD9rwdIYoMz&amp;source=gmail&amp;ust=1682004397721000&amp;usg=AOvVaw0-OHAkUqdFkWnw7G5xs874\">C\u00e1mara d<\/a><a href=\"https:\/\/www.google.com\/url?rct=j&amp;sa=t&amp;url=https:\/\/www.camara.es\/camara-espana-cesce-refuerzan-alianza-para-impulso-emprendedoras-empresarias&amp;ct=ga&amp;cd=CAEYASoUMTc4MTkzMzk2ODM2MDIwMTEyMzUyGWMwMzcyZWJjMmZlYWRhNTk6ZXM6ZXM6RVM&amp;usg=AOvVaw0r7yi3mvECDxD9rwdIYoMz\" target=\"_blank\" rel=\"noopener\" data-saferedirecturl=\"https:\/\/www.google.com\/url?q=https:\/\/www.google.com\/url?rct%3Dj%26sa%3Dt%26url%3Dhttps:\/\/www.camara.es\/camara-espana-cesce-refuerzan-alianza-para-impulso-emprendedoras-empresarias%26ct%3Dga%26cd%3DCAEYASoUMTc4MTkzMzk2ODM2MDIwMTEyMzUyGWMwMzcyZWJjMmZlYWRhNTk6ZXM6ZXM6RVM%26usg%3DAOvVaw0r7yi3mvECDxD9rwdIYoMz&amp;source=gmail&amp;ust=1682004397721000&amp;usg=AOvVaw0-OHAkUqdFkWnw7G5xs874\">e Espa\u00f1a y Cesce refuerzan su alianza para el impulso a emprendedoras y empresarias-\u00a0<\/a><a>C\u00e1mara de Comercio de Espa\u00f1a<br \/>\n<\/a><a href=\"https:\/\/www.google.com\/url?rct=j&amp;sa=t&amp;url=https:\/\/www.mujerhoy.com\/actualidad\/vuelve-santander-womenow-congreso-liderazgo-femenino-mujeres-20230419132632-nt.html&amp;ct=ga&amp;cd=CAEYACoTOTM2NjE1ODY5NzkwMDcyMzA1OTIZYzAzNzJlYmMyZmVhZGE1OTplczplczpFUw&amp;usg=AOvVaw1qYWCuI06zaZlFIdiqqoqW\" target=\"_blank\" rel=\"noopener\" data-saferedirecturl=\"https:\/\/www.google.com\/url?q=https:\/\/www.google.com\/url?rct%3Dj%26sa%3Dt%26url%3Dhttps:\/\/www.mujerhoy.com\/actualidad\/vuelve-santander-womenow-congreso-liderazgo-femenino-mujeres-20230419132632-nt.html%26ct%3Dga%26cd%3DCAEYACoTOTM2NjE1ODY5NzkwMDcyMzA1OTIZYzAzNzJlYmMyZmVhZGE1OTplczplczpFUw%26usg%3DAOvVaw1qYWCuI06zaZlFIdiqqoqW&amp;source=gmail&amp;ust=1682006343334000&amp;usg=AOvVaw1tgv_bnzNVb24y6tZI5i98\">Summit internacional: Defender el futuro: vuelve Santander WomenNOW &#8211;\u00a0<\/a><a>Mujer Hoy<br \/>\n<\/a><a class=\"title\" href=\"https:\/\/sevilla.abc.es\/economia\/renta-per-capita\/pagina-24.html\" target=\"_blank\" rel=\"noopener\" data-artpy=\"0\" data-author=\"ABC\" data-bm=\"51\">Las mujeres ahorran 800 euros m\u00e1s que los hombres<\/a>-abcdesevilla<br \/>\n<a class=\"title\" href=\"https:\/\/www.canalsur.es\/noticias\/andalucia\/blanca-vera-un-dron-es-una-herramienta-que-puede-llegar-mucho-mas-rapido-pero-nunca-sustituye-a-un-profesional\/1923311.html\" target=\"_blank\" rel=\"noopener\" data-artpy=\"0\" data-author=\"canalsur\">Blanca Vera: \u00abUn dron puede llegar mucho m\u00e1s r\u00e1pido, pero nunca sustituye a un profesional\u00bb<\/a>-canalsur<a><br \/>\n<\/a><\/p>\n<p><strong>Actualidad<br \/>\n<\/strong><a href=\"https:\/\/www.google.com\/url?rct=j&amp;sa=t&amp;url=https:\/\/www.pikaramagazine.com\/2023\/04\/a-las-mujeres-migradas-nos-hacen-ser-cuidadoras\/&amp;ct=ga&amp;cd=CAEYACoUMTM0NTA5Njg3MDUxNzEwMjg4NDAyGWMwMzcyZWJjMmZlYWRhNTk6ZXM6ZXM6RVM&amp;usg=AOvVaw1uCGqkGmNh3FQ-BvbbNK7a\" target=\"_blank\" rel=\"noopener\" data-saferedirecturl=\"https:\/\/www.google.com\/url?q=https:\/\/www.google.com\/url?rct%3Dj%26sa%3Dt%26url%3Dhttps:\/\/www.pikaramagazine.com\/2023\/04\/a-las-mujeres-migradas-nos-hacen-ser-cuidadoras\/%26ct%3Dga%26cd%3DCAEYACoUMTM0NTA5Njg3MDUxNzEwMjg4NDAyGWMwMzcyZWJjMmZlYWRhNTk6ZXM6ZXM6RVM%26usg%3DAOvVaw1uCGqkGmNh3FQ-BvbbNK7a&amp;source=gmail&amp;ust=1682088086067000&amp;usg=AOvVaw3LAPvVXWBOoSf3MXBP0fYF\">\u201cA las\u00a0mujeres migradas nos hacen ser cuidadoras\u201d &#8211;\u00a0<\/a><a>Pikara Magazine<br \/>\n<\/a><a href=\"https:\/\/www.google.com\/url?rct=j&amp;sa=t&amp;url=https:\/\/www.injuve.es\/prensa\/noticia\/antirracismo-y-feminismo-elementos-claves-del-activismo-de-la-juventud&amp;ct=ga&amp;cd=CAEYACoUMTQ0MjY2MDEzNjYyNzI5MDI0MjIyGWMwMzcyZWJjMmZlYWRhNTk6ZXM6ZXM6RVM&amp;usg=AOvVaw2ngA-v-r8VkuiPm1rfJoWN\" target=\"_blank\" rel=\"noopener\" data-saferedirecturl=\"https:\/\/www.google.com\/url?q=https:\/\/www.google.com\/url?rct%3Dj%26sa%3Dt%26url%3Dhttps:\/\/www.injuve.es\/prensa\/noticia\/antirracismo-y-feminismo-elementos-claves-del-activismo-de-la-juventud%26ct%3Dga%26cd%3DCAEYACoUMTQ0MjY2MDEzNjYyNzI5MDI0MjIyGWMwMzcyZWJjMmZlYWRhNTk6ZXM6ZXM6RVM%26usg%3DAOvVaw2ngA-v-r8VkuiPm1rfJoWN&amp;source=gmail&amp;ust=1682004397626000&amp;usg=AOvVaw125GZj7-E2y3csFCQ9YEEf\">Antirracismo y Feminismo, elementos claves del activismo de la juventud &#8211;\u00a0<\/a><a>Injuve<br \/>\n<\/a><a href=\"https:\/\/www.google.com\/url?rct=j&amp;sa=t&amp;url=https:\/\/cadenaser.com\/comunitat-valenciana\/2023\/04\/19\/demuestran-la-eficacia-de-un-farmaco-frente-a-los-sofocos-de-la-menopausia-radio-valencia\/&amp;ct=ga&amp;cd=CAEYBCoUMTc4MTkzMzk2ODM2MDIwMTEyMzUyGWMwMzcyZWJjMmZlYWRhNTk6ZXM6ZXM6RVM&amp;usg=AOvVaw3bP4fXZwoVChnpFQiqh5xH\" target=\"_blank\" rel=\"noopener\" data-saferedirecturl=\"https:\/\/www.google.com\/url?q=https:\/\/www.google.com\/url?rct%3Dj%26sa%3Dt%26url%3Dhttps:\/\/cadenaser.com\/comunitat-valenciana\/2023\/04\/19\/demuestran-la-eficacia-de-un-farmaco-frente-a-los-sofocos-de-la-menopausia-radio-valencia\/%26ct%3Dga%26cd%3DCAEYBCoUMTc4MTkzMzk2ODM2MDIwMTEyMzUyGWMwMzcyZWJjMmZlYWRhNTk6ZXM6ZXM6RVM%26usg%3DAOvVaw3bP4fXZwoVChnpFQiqh5xH&amp;source=gmail&amp;ust=1682004397721000&amp;usg=AOvVaw048wuoDDNDluYb5U59v0HX\">Demuestran la eficacia de un f\u00e1rmaco frente a los sofocos de la menopausia &#8211;\u00a0<\/a><a>Cadena SER<br \/>\n<\/a><a href=\"https:\/\/www.google.com\/url?rct=j&amp;sa=t&amp;url=https:\/\/www.elespanol.com\/mujer\/mujeres-historia\/20230419\/madrilena-convirtio-primera-arquitecta-espanola-guerra-civil\/755424667_0.html&amp;ct=ga&amp;cd=CAEYASoTOTcyOTE3MzMzMjgxMTMxNTEzNzIZYzAzNzJlYmMyZmVhZGE1OTplczplczpFUw&amp;usg=AOvVaw0p2CRaLGnH9XmGJbCaDZtS\" target=\"_blank\" rel=\"noopener\" data-saferedirecturl=\"https:\/\/www.google.com\/url?q=https:\/\/www.google.com\/url?rct%3Dj%26sa%3Dt%26url%3Dhttps:\/\/www.elespanol.com\/mujer\/mujeres-historia\/20230419\/madrilena-convirtio-primera-arquitecta-espanola-guerra-civil\/755424667_0.html%26ct%3Dga%26cd%3DCAEYASoTOTcyOTE3MzMzMjgxMTMxNTEzNzIZYzAzNzJlYmMyZmVhZGE1OTplczplczpFUw%26usg%3DAOvVaw0p2CRaLGnH9XmGJbCaDZtS&amp;source=gmail&amp;ust=1682004397743000&amp;usg=AOvVaw0cDLdUBIOD6QVSsrD1RbxG\">Matilde Ucelay, la madrile\u00f1a que se convirti\u00f3 en la primera arquitecta espa\u00f1ola antes de la Guerra Civil-\u00a0<\/a><a>El Espa\u00f1ol<br \/>\n<\/a><a href=\"https:\/\/www.google.com\/url?rct=j&amp;sa=t&amp;url=https:\/\/eldiariofeminista.info\/2023\/04\/20\/la-educacion-sexual-que-promueve-nuevas-masculinidades-alternativas\/&amp;ct=ga&amp;cd=CAEYACoUMTI3NzExNTc3NzMyMjExMzM0MTYyGWUyZGVmYTdkNWRhOTE1N2Q6ZXM6ZXM6RVM&amp;usg=AOvVaw1ci6Zj6bBJ070OFqa3NK-h\" target=\"_blank\" rel=\"noopener\" data-saferedirecturl=\"https:\/\/www.google.com\/url?q=https:\/\/www.google.com\/url?rct%3Dj%26sa%3Dt%26url%3Dhttps:\/\/eldiariofeminista.info\/2023\/04\/20\/la-educacion-sexual-que-promueve-nuevas-masculinidades-alternativas\/%26ct%3Dga%26cd%3DCAEYACoUMTI3NzExNTc3NzMyMjExMzM0MTYyGWUyZGVmYTdkNWRhOTE1N2Q6ZXM6ZXM6RVM%26usg%3DAOvVaw1ci6Zj6bBJ070OFqa3NK-h&amp;source=gmail&amp;ust=1682088088738000&amp;usg=AOvVaw1dC--xZF-GNA1Yl0dyvL4t\">La educaci\u00f3n sexual que promueve nuevas masculinidades alternativas &#8211;\u00a0<\/a><a>Diario Feminista<br \/>\n<\/a><a href=\"https:\/\/www.google.com\/url?rct=j&amp;sa=t&amp;url=https:\/\/www.lavanguardia.com\/vida\/20230419\/8907838\/espana-1-3-hijos-mujer-punto-debajo-media-mundial.html&amp;ct=ga&amp;cd=CAEYACoUMTQ1NTcwMTI4Njc3MDQyNDg1ODEyGTU5ZDc4MTcxMzZhMmQwMjg6ZXM6ZXM6RVM&amp;usg=AOvVaw1fiYapRRRoTbNxYgtj9uW9\" target=\"_blank\" rel=\"noopener\" data-saferedirecturl=\"https:\/\/www.google.com\/url?q=https:\/\/www.google.com\/url?rct%3Dj%26sa%3Dt%26url%3Dhttps:\/\/www.lavanguardia.com\/vida\/20230419\/8907838\/espana-1-3-hijos-mujer-punto-debajo-media-mundial.html%26ct%3Dga%26cd%3DCAEYACoUMTQ1NTcwMTI4Njc3MDQyNDg1ODEyGTU5ZDc4MTcxMzZhMmQwMjg6ZXM6ZXM6RVM%26usg%3DAOvVaw1fiYapRRRoTbNxYgtj9uW9&amp;source=gmail&amp;ust=1682088086457000&amp;usg=AOvVaw1qsYeopZkQGh1WbPY1r0O2\">Espa\u00f1a, con 1,3 hijos por mujer, un punto por debajo de la media mundial &#8211;\u00a0<\/a><a>La Vanguardia<\/a><\/p>\n<p><strong>Violencia<br \/>\n<\/strong><a href=\"https:\/\/www.google.com\/url?rct=j&amp;sa=t&amp;url=https:\/\/www.publico.es\/mujer\/dolores-morondo-jurista-reforma-ley-poner-soluciones-erroneas-problema-mal-planteado.html&amp;ct=ga&amp;cd=CAEYACoUMTQxMTgzMDIwMzM1NDg4NjA2ODYyGWMwMzcyZWJjMmZlYWRhNTk6ZXM6ZXM6RVM&amp;usg=AOvVaw1qvV3q2QOtnKpkO5zHQKvZ\" target=\"_blank\" rel=\"noopener\" data-saferedirecturl=\"https:\/\/www.google.com\/url?q=https:\/\/www.google.com\/url?rct%3Dj%26sa%3Dt%26url%3Dhttps:\/\/www.publico.es\/mujer\/dolores-morondo-jurista-reforma-ley-poner-soluciones-erroneas-problema-mal-planteado.html%26ct%3Dga%26cd%3DCAEYACoUMTQxMTgzMDIwMzM1NDg4NjA2ODYyGWMwMzcyZWJjMmZlYWRhNTk6ZXM6ZXM6RVM%26usg%3DAOvVaw1qvV3q2QOtnKpkO5zHQKvZ&amp;source=gmail&amp;ust=1682004397553000&amp;usg=AOvVaw0qimNxnrb-6A-iECC3KGiE\">Dolores Morondo (jurista): \u00abLa reforma de la ley del &#8216;solo s\u00ed es s\u00ed&#8217; es poner soluciones err\u00f3neas &#8230;-\u00a0<\/a><a>P\u00fablico<br \/>\n<\/a><a href=\"https:\/\/www.google.com\/url?rct=j&amp;sa=t&amp;url=https:\/\/www.cromosomax.com\/cual-es-el-pais-donde-hay-mas-violencia-contra-la-mujer&amp;ct=ga&amp;cd=CAEYBSoUMTQwNzE4OTU4NjU1ODA5MDE4MjcyGWMwMzcyZWJjMmZlYWRhNTk6ZXM6ZXM6RVM&amp;usg=AOvVaw2KKqMsighQm_7HZe2quzbI\" target=\"_blank\" rel=\"noopener\" data-saferedirecturl=\"https:\/\/www.google.com\/url?q=https:\/\/www.google.com\/url?rct%3Dj%26sa%3Dt%26url%3Dhttps:\/\/www.cromosomax.com\/cual-es-el-pais-donde-hay-mas-violencia-contra-la-mujer%26ct%3Dga%26cd%3DCAEYBSoUMTQwNzE4OTU4NjU1ODA5MDE4MjcyGWMwMzcyZWJjMmZlYWRhNTk6ZXM6ZXM6RVM%26usg%3DAOvVaw2KKqMsighQm_7HZe2quzbI&amp;source=gmail&amp;ust=1682004397576000&amp;usg=AOvVaw02oSHtnn_X3xR_DfcoQJuO\">Cu\u00e1l es el pa\u00eds donde hay m\u00e1s violencia contra la\u00a0mujer? &#8211;\u00a0<\/a><a>CromosomaX<\/a><\/p>\n<p><strong>Ciencia y Cultura<br \/>\n<\/strong><a href=\"https:\/\/www.google.com\/url?rct=j&amp;sa=t&amp;url=https:\/\/www.publico.es\/mujer\/colaboradoras-ramon-cajal-cayeron-olvido.html&amp;ct=ga&amp;cd=CAEYAyoUMTA0MjkxNjIwNzcxNTc0NzIyNDMyGWMwMzcyZWJjMmZlYWRhNTk6ZXM6ZXM6RVM&amp;usg=AOvVaw1YEfHjFr1yzyGpJodLy9rh\" target=\"_blank\" rel=\"noopener\" data-saferedirecturl=\"https:\/\/www.google.com\/url?q=https:\/\/www.google.com\/url?rct%3Dj%26sa%3Dt%26url%3Dhttps:\/\/www.publico.es\/mujer\/colaboradoras-ramon-cajal-cayeron-olvido.html%26ct%3Dga%26cd%3DCAEYAyoUMTA0MjkxNjIwNzcxNTc0NzIyNDMyGWMwMzcyZWJjMmZlYWRhNTk6ZXM6ZXM6RVM%26usg%3DAOvVaw1YEfHjFr1yzyGpJodLy9rh&amp;source=gmail&amp;ust=1682088845563000&amp;usg=AOvVaw3ePvjE1jdgqKnq1xKQKjWN\">Las colaboradoras de Ram\u00f3n y Cajal que cayeron en el olvido-\u00a0<\/a>publico<strong><br \/>\n<\/strong><a href=\"https:\/\/www.google.com\/url?rct=j&amp;sa=t&amp;url=https:\/\/www.inmujeres.gob.es\/actualidad\/noticias\/2023\/investigacionfemistas.htm&amp;ct=ga&amp;cd=CAEYACoTNTgyODQ4OTI1NTQ1ODYzMjEzMzIZYzAzNzJlYmMyZmVhZGE1OTplczplczpFUw&amp;usg=AOvVaw36x9Lm6e8uSc_J1-S7sinF\" target=\"_blank\" rel=\"noopener\" data-saferedirecturl=\"https:\/\/www.google.com\/url?q=https:\/\/www.google.com\/url?rct%3Dj%26sa%3Dt%26url%3Dhttps:\/\/www.inmujeres.gob.es\/actualidad\/noticias\/2023\/investigacionfemistas.htm%26ct%3Dga%26cd%3DCAEYACoTNTgyODQ4OTI1NTQ1ODYzMjEzMzIZYzAzNzJlYmMyZmVhZGE1OTplczplczpFUw%26usg%3DAOvVaw36x9Lm6e8uSc_J1-S7sinF&amp;source=gmail&amp;ust=1682004397713000&amp;usg=AOvVaw2MLpwcMpLet-rt6MexueMj\">El Instituto\u00a0de las\u00a0Mujeres lanza la convocatoria de ayudas a la investigaci\u00f3n feminista-<\/a><a>Instituto de la Mujer<br \/>\n<\/a><a href=\"https:\/\/www.google.com\/url?rct=j&amp;sa=t&amp;url=https:\/\/www.diariodesevilla.es\/de_compras\/libro-adolescentes-exitos_0_1779122580.html&amp;ct=ga&amp;cd=CAEYASoTODM4MzY1NTQ1ODgxMjA1MTE4OTIZZTFlNzdkMTU2MDk4YThlMzplczplczpFUw&amp;usg=AOvVaw39Sq7pdlSJ6QUFKUrL8UZ9\" target=\"_blank\" rel=\"noopener\" data-saferedirecturl=\"https:\/\/www.google.com\/url?q=https:\/\/www.google.com\/url?rct%3Dj%26sa%3Dt%26url%3Dhttps:\/\/www.diariodesevilla.es\/de_compras\/libro-adolescentes-exitos_0_1779122580.html%26ct%3Dga%26cd%3DCAEYASoTODM4MzY1NTQ1ODgxMjA1MTE4OTIZZTFlNzdkMTU2MDk4YThlMzplczplczpFUw%26usg%3DAOvVaw39Sq7pdlSJ6QUFKUrL8UZ9&amp;source=gmail&amp;ust=1682088085679000&amp;usg=AOvVaw13DwoLGfeTSJSSkCZLhJ2d\">Estos son algunos de los libros m\u00e1s exitosos entre los adolescentes &#8211;\u00a0<\/a><a>Diario de Sevilla<br \/>\n<\/a><a class=\"title\" href=\"https:\/\/heraldodemexico.com.mx\/tendencias\/2023\/4\/20\/la-disenadora-espanola-pilar-rubio-reinventa-el-flamenco-con-sus-disenos-499006.html\" target=\"_blank\" rel=\"noopener\" data-artpy=\"0\" data-author=\"heraldodemexico\">La dise\u00f1adora espa\u00f1ola Pilar Rubio reinventa el flamenco con sus dise\u00f1os<\/a>-heraldodemexico<br \/>\n<a class=\"title\" href=\"https:\/\/www.elespanol.com\/mujer\/protagonistas\/20230420\/lidia-san-jose-historiadora-devolver-mujeres-historia\/756174512_0.html\" target=\"_blank\" rel=\"noopener\" data-artpy=\"0\" data-author=\"ESPA\u00d1OL\">Lidia San Jos\u00e9 (actriz e historiadora): \u00abHay que devolver a las mujeres su lugar en la historia\u00bb<\/a>-elespa\u00f1ol<br \/>\n<a class=\"title\" href=\"https:\/\/www.laprovincia.es\/cultura\/2023\/04\/19\/festivales-cine-nichos-cambio-igualdad-86219438.html\" target=\"_blank\" rel=\"noopener\" data-artpy=\"0\" data-author=\"La provincia\">Los festivales de cine como nichos del cambio: igualdad y diversidad en la programaci\u00f3n<\/a>-lasprovincias<a><br \/>\n<\/a><\/p>\n<p><strong>Deporte<br \/>\n<\/strong><a class=\"title\" href=\"https:\/\/www.elperiodic.com\/valencia\/serie-dones-demuestra-gran-talento-deporte-femenino-valenciano_897447\" target=\"_blank\" rel=\"noopener\" data-artpy=\"0\" data-author=\"Elperiodic.com\">La serie \u2018Dones en Joc\u2019 demuestra el gran talento del deporte femenino valenciano<\/a>-elperiodic<br \/>\n<a class=\"title\" href=\"https:\/\/www.msn.com\/es-es\/deportes\/motor\/la-neerlandesa-mareille-meijering-ficha-por-el-movistar-team-hasta-2024\/ar-AA1a5I9u\" target=\"_blank\" rel=\"noopener\" data-artpy=\"0\" data-author=\"Europa Press on MSN\">La neerlandesa Mareille Meijering ficha por el Movistar Team hasta 2024<\/a>-europapress<br \/>\n<a class=\"title\" href=\"https:\/\/www.laprovincia.es\/deportes-canarias\/2023\/04\/20\/rocasa-aspira-conquistar-tercera-copa-86252847.html\" target=\"_blank\" rel=\"noopener\" data-artpy=\"0\" data-author=\"La provincia\">El Rocasa aspira a conquistar su tercera Copa de la Reina en el feudo del vigente campe\u00f3n<\/a>-laprovincia<strong><br \/>\n<\/strong><a class=\"title\" href=\"https:\/\/www.msn.com\/es-es\/deportes\/tenis\/paula-badosa-pasa-por-encima-de-cristina-bucsa-en-los-octavos-de-final-del-wta-500-de-stuttgart\/ar-AA1a6TQu\" target=\"_blank\" rel=\"noopener\" data-artpy=\"0\" data-author=\"Europa Press on MSN\">Paula Badosa pasa por encima de Cristina Bucsa en los octavos de final del WTA 500 de Stuttgart<\/a>-europapress<\/p>\n<\/div>\n<\/div>\n<div id=\"\" class=\"lsow-panel lsow-active\">\n<h1 class=\"lsow-panel-title\">Internacional<\/h1>\n<div class=\"lsow-panel-content\">\n<p><a href=\"https:\/\/www.google.com\/url?rct=j&amp;sa=t&amp;url=https:\/\/www.lavanguardia.com\/economia\/20230418\/8905041\/naciones-unidas-adopta-primera-resolucion-sobre-economia-social-nivel-internacional.html&amp;ct=ga&amp;cd=CAEYACoTNDI0Njc3ODcwNzY4ODE0MzI4ODIbOTE4ODU3Y2Q2MGY5Nzc0ODplczplczpFUzpM&amp;usg=AOvVaw0yPTugfvjdBnYuQiXATmQB\" target=\"_blank\" rel=\"noopener\" data-saferedirecturl=\"https:\/\/www.google.com\/url?q=https:\/\/www.google.com\/url?rct%3Dj%26sa%3Dt%26url%3Dhttps:\/\/www.lavanguardia.com\/economia\/20230418\/8905041\/naciones-unidas-adopta-primera-resolucion-sobre-economia-social-nivel-internacional.html%26ct%3Dga%26cd%3DCAEYACoTNDI0Njc3ODcwNzY4ODE0MzI4ODIbOTE4ODU3Y2Q2MGY5Nzc0ODplczplczpFUzpM%26usg%3DAOvVaw0yPTugfvjdBnYuQiXATmQB&amp;source=gmail&amp;ust=1682004399684000&amp;usg=AOvVaw3geMkRO4wACjdDtWxgDtvP\">Naciones Unidas adopta la primera Resoluci\u00f3n sobre econom\u00eda social a nivel internacional-\u00a0<\/a><a>La Vanguardia<br \/>\n<\/a><a href=\"https:\/\/www.google.com\/url?rct=j&amp;sa=t&amp;url=https:\/\/www.infobae.com\/colombia\/2023\/04\/20\/la-perspectiva-de-genero-debe-permear-la-cultura-institucional-aseguro-margarita-cabello\/&amp;ct=ga&amp;cd=CAEYASoTNzI5NjY4MDk5NjQ4NzY3NjE5OTIZZTJkZWZhN2Q1ZGE5MTU3ZDplczplczpFUw&amp;usg=AOvVaw24laFtv_WNNcFewhUXyCEk\" target=\"_blank\" rel=\"noopener\" data-saferedirecturl=\"https:\/\/www.google.com\/url?q=https:\/\/www.google.com\/url?rct%3Dj%26sa%3Dt%26url%3Dhttps:\/\/www.infobae.com\/colombia\/2023\/04\/20\/la-perspectiva-de-genero-debe-permear-la-cultura-institucional-aseguro-margarita-cabello\/%26ct%3Dga%26cd%3DCAEYASoTNzI5NjY4MDk5NjQ4NzY3NjE5OTIZZTJkZWZhN2Q1ZGE5MTU3ZDplczplczpFUw%26usg%3DAOvVaw24laFtv_WNNcFewhUXyCEk&amp;source=gmail&amp;ust=1682091459911000&amp;usg=AOvVaw0OEI1gavVOSZtLk7bcpurR\">La perspectiva de\u00a0g\u00e9nero debe permear la cultura institucional\u201d, asegur\u00f3 Margarita Cabello-\u00a0<\/a><a>Infobae<br \/>\n<\/a><a href=\"https:\/\/www.google.com\/url?rct=j&amp;sa=t&amp;url=https:\/\/diarionorte.com.uy\/sociedad\/presentaran-estudio-con-perspectiva-de-genero-acerca-de-mujeres-privadas-de-libertad-en-uruguay-67467.html&amp;ct=ga&amp;cd=CAEYAyoUMTQzODgyNzU1MjI2MjUzMTcwNzEyGTU5ZDc4MTcxMzZhMmQwMjg6ZXM6ZXM6RVM&amp;usg=AOvVaw3POw8dmUurjREaHwOEwWc9\" target=\"_blank\" rel=\"noopener\" data-saferedirecturl=\"https:\/\/www.google.com\/url?q=https:\/\/www.google.com\/url?rct%3Dj%26sa%3Dt%26url%3Dhttps:\/\/diarionorte.com.uy\/sociedad\/presentaran-estudio-con-perspectiva-de-genero-acerca-de-mujeres-privadas-de-libertad-en-uruguay-67467.html%26ct%3Dga%26cd%3DCAEYAyoUMTQzODgyNzU1MjI2MjUzMTcwNzEyGTU5ZDc4MTcxMzZhMmQwMjg6ZXM6ZXM6RVM%26usg%3DAOvVaw3POw8dmUurjREaHwOEwWc9&amp;source=gmail&amp;ust=1682088086343000&amp;usg=AOvVaw1ajqAgOtOB-gOFVMFteUAR\">Presentar\u00e1n estudio con perspectiva de\u00a0g\u00e9nero acerca de mujeres privadas de libertad en Uruguay-\u00a0<\/a><a>Diarionorte<br \/>\n<\/a><a href=\"https:\/\/www.google.com\/url?rct=j&amp;sa=t&amp;url=https:\/\/www.ip.gov.py\/ip\/paraguay-sera-sede-del-v-encuentro-iberoamericano-sobre-equidad-de-genero-y-seguridad-social\/&amp;ct=ga&amp;cd=CAEYASoTOTcwNTUwNjYwMTYwNjkzMjA1NjIZNTlkNzgxNzEzNmEyZDAyODplczplczpFUw&amp;usg=AOvVaw0XRwfEgVNtpT9GxW_O_GX7\" target=\"_blank\" rel=\"noopener\" data-saferedirecturl=\"https:\/\/www.google.com\/url?q=https:\/\/www.google.com\/url?rct%3Dj%26sa%3Dt%26url%3Dhttps:\/\/www.ip.gov.py\/ip\/paraguay-sera-sede-del-v-encuentro-iberoamericano-sobre-equidad-de-genero-y-seguridad-social\/%26ct%3Dga%26cd%3DCAEYASoTOTcwNTUwNjYwMTYwNjkzMjA1NjIZNTlkNzgxNzEzNmEyZDAyODplczplczpFUw%26usg%3DAOvVaw0XRwfEgVNtpT9GxW_O_GX7&amp;source=gmail&amp;ust=1682088086464000&amp;usg=AOvVaw3pN-OgFtWleSzoCDqWwhbl\">Paraguay ser\u00e1 sede del V Encuentro Iberoamericano sobre Equidad de G\u00e9nero y Seguridad Social-\u00a0<\/a><a>Agencia IP<br \/>\n<\/a><a class=\"title\" href=\"https:\/\/www.elespanol.com\/enclave-ods\/historias\/20230420\/pintar-paredes-estiercol-disenar-springfield-nadie-enseno\/757174508_0.html\" target=\"_blank\" rel=\"noopener\" data-artpy=\"0\" data-author=\"ESPA\u00d1OL\">La mujer india que pas\u00f3 de pintar paredes con esti\u00e9rcol a dise\u00f1ar para Springfield: \u00abNadie me ense\u00f1\u00f3\u00bb<\/a>-elespa\u00f1ol<br \/>\n<a class=\"title\" href=\"https:\/\/www.sdpnoticias.com\/mexico\/elena-poniatowska-agradece-la-medalla-belisario-dominguez-recordando-en-su-discurso-a-mujeres-y-hombres-que-ya-no-existen\/\" target=\"_blank\" rel=\"noopener\" data-artpy=\"0\" data-author=\"SDPnoticias\">Elena Poniatowska agradece la Medalla Belisario Dom\u00ednguez recordando en su discurso a mujeres y hombres que hicieron historia<\/a>-sdpnoticias<br \/>\n<a class=\"title\" href=\"https:\/\/www.msn.com\/es-es\/deportes\/other\/fifa-volver%C3%A1-a-silenciar-las-reivindicaciones-lgtbi-en-el-mundial-femenino-tras-las-amenazas-en-qatar\/ar-AA1a2asP\" target=\"_blank\" rel=\"noopener\" data-artpy=\"0\" data-author=\"ESPA\u00d1OL on MSN\">FIFA volver\u00e1 a &#8216;silenciar&#8217; las reivindicaciones LGTBI en el Mundial femenino tras las amenazas en Qatar<\/a>-elespa\u00f1ol<\/p>\n<\/div>\n<\/div>\n<\/div><\/div><\/div><\/div><\/div>\n","protected":false},"excerpt":{"rendered":"<p>Yolanda D\u00edaz, en la Asamblea General de la ONU: \u201cEs posible superar un sistema econ\u00f3mico despiadado\u201d * Las mujeres ahorran 800 euros m\u00e1s que los hombres * Las colaboradoras de Ram\u00f3n y Cajal que cayeron en el olvido * Una embarazada herida en Ucrania, foto del a\u00f1o en el World Press Photo 2023<\/p>\n","protected":false},"author":3,"featured_media":22909,"comment_status":"closed","ping_status":"closed","sticky":false,"template":"","format":"standard","meta":{"footnotes":""},"categories":[298,621],"tags":[102,96],"class_list":["post-19790","post","type-post","status-publish","format-standard","has-post-thumbnail","hentry","category-newsletter","category-nwl-3-0","tag-economia-social","tag-mujeres"],"yoast_head":"<!-- This site is optimized with the Yoast SEO plugin v27.5 - https:\/\/yoast.com\/product\/yoast-seo-wordpress\/ -->\n<title>Noticias Info CKL n\u00ba 2784-20\/04\/23-Comunicar con perspectiva de g\u00e9nero<\/title>\n<meta name=\"description\" content=\"Noticias Info CKL n\u00ba 2784-20\/04\/23 Yolanda D\u00edaz, en la Asamblea General de la ONU: \u201cEs posible superar un sistema econ\u00f3mico despiadado\u201d * Las mujeres ahorran 800 euros m\u00e1s que los hombres * Las colaboradoras de Ram\u00f3n y Cajal que cayeron en el olvido * Una embarazada herida en Ucrania, foto del a\u00f1o en el World Press Photo 2023\" \/>\n<meta name=\"robots\" content=\"index, follow, max-snippet:-1, max-image-preview:large, max-video-preview:-1\" \/>\n<link rel=\"canonical\" href=\"https:\/\/cklcomunicaciones.es\/coop\/noticias-info-ckl-no-2784-20-04-23\/\" \/>\n<meta property=\"og:locale\" content=\"es_ES\" \/>\n<meta property=\"og:type\" content=\"article\" \/>\n<meta property=\"og:title\" content=\"Noticias Info CKL n\u00ba 2784-20\/04\/23-Comunicar con perspectiva de g\u00e9nero\" \/>\n<meta property=\"og:description\" content=\"Noticias Info CKL n\u00ba 2784-20\/04\/23 Yolanda D\u00edaz, en la Asamblea General de la ONU: \u201cEs posible superar un sistema econ\u00f3mico despiadado\u201d * Las mujeres ahorran 800 euros m\u00e1s que los hombres * Las colaboradoras de Ram\u00f3n y Cajal que cayeron en el olvido * Una embarazada herida en Ucrania, foto del a\u00f1o en el World Press Photo 2023\" \/>\n<meta property=\"og:url\" content=\"https:\/\/cklcomunicaciones.es\/coop\/noticias-info-ckl-no-2784-20-04-23\/\" \/>\n<meta property=\"og:site_name\" content=\"CKL Comunicaciones\" \/>\n<meta property=\"article:published_time\" content=\"2023-04-20T17:56:13+00:00\" \/>\n<meta property=\"article:modified_time\" content=\"2025-02-08T11:30:45+00:00\" \/>\n<meta property=\"og:image\" content=\"https:\/\/cklcomunicaciones.es\/coop\/wp-content\/uploads\/2025\/01\/CKL-una-mirada-distinta-de-la-comunicacion.jpg\" \/>\n\t<meta property=\"og:image:width\" content=\"1482\" \/>\n\t<meta property=\"og:image:height\" content=\"775\" \/>\n\t<meta property=\"og:image:type\" content=\"image\/jpeg\" \/>\n<meta name=\"author\" content=\"ckl\" \/>\n<meta name=\"twitter:card\" content=\"summary_large_image\" \/>\n<meta name=\"twitter:label1\" content=\"Escrito por\" \/>\n\t<meta name=\"twitter:data1\" content=\"ckl\" \/>\n\t<meta name=\"twitter:label2\" content=\"Tiempo de lectura\" \/>\n\t<meta name=\"twitter:data2\" content=\"6 minutos\" \/>\n<script type=\"application\/ld+json\" class=\"yoast-schema-graph\">{\"@context\":\"https:\\\/\\\/schema.org\",\"@graph\":[{\"@type\":\"Article\",\"@id\":\"https:\\\/\\\/cklcomunicaciones.es\\\/coop\\\/noticias-info-ckl-no-2784-20-04-23\\\/#article\",\"isPartOf\":{\"@id\":\"https:\\\/\\\/cklcomunicaciones.es\\\/coop\\\/noticias-info-ckl-no-2784-20-04-23\\\/\"},\"author\":{\"name\":\"ckl\",\"@id\":\"https:\\\/\\\/cklcomunicaciones.es\\\/coop\\\/#\\\/schema\\\/person\\\/929a6837f7626450bbb50cee1aef266e\"},\"headline\":\"Noticias Info CKL n\u00ba 2784-20\\\/04\\\/23\",\"datePublished\":\"2023-04-20T17:56:13+00:00\",\"dateModified\":\"2025-02-08T11:30:45+00:00\",\"mainEntityOfPage\":{\"@id\":\"https:\\\/\\\/cklcomunicaciones.es\\\/coop\\\/noticias-info-ckl-no-2784-20-04-23\\\/\"},\"wordCount\":1288,\"image\":{\"@id\":\"https:\\\/\\\/cklcomunicaciones.es\\\/coop\\\/noticias-info-ckl-no-2784-20-04-23\\\/#primaryimage\"},\"thumbnailUrl\":\"https:\\\/\\\/cklcomunicaciones.es\\\/coop\\\/wp-content\\\/uploads\\\/2025\\\/01\\\/CKL-una-mirada-distinta-de-la-comunicacion.jpg\",\"keywords\":[\"econom\u00eda social\",\"mujeres\"],\"articleSection\":[\"Newsletter\",\"Nwl v3.0\"],\"inLanguage\":\"es\"},{\"@type\":\"WebPage\",\"@id\":\"https:\\\/\\\/cklcomunicaciones.es\\\/coop\\\/noticias-info-ckl-no-2784-20-04-23\\\/\",\"url\":\"https:\\\/\\\/cklcomunicaciones.es\\\/coop\\\/noticias-info-ckl-no-2784-20-04-23\\\/\",\"name\":\"Noticias Info CKL n\u00ba 2784-20\\\/04\\\/23-Comunicar con perspectiva de g\u00e9nero\",\"isPartOf\":{\"@id\":\"https:\\\/\\\/cklcomunicaciones.es\\\/coop\\\/#website\"},\"primaryImageOfPage\":{\"@id\":\"https:\\\/\\\/cklcomunicaciones.es\\\/coop\\\/noticias-info-ckl-no-2784-20-04-23\\\/#primaryimage\"},\"image\":{\"@id\":\"https:\\\/\\\/cklcomunicaciones.es\\\/coop\\\/noticias-info-ckl-no-2784-20-04-23\\\/#primaryimage\"},\"thumbnailUrl\":\"https:\\\/\\\/cklcomunicaciones.es\\\/coop\\\/wp-content\\\/uploads\\\/2025\\\/01\\\/CKL-una-mirada-distinta-de-la-comunicacion.jpg\",\"datePublished\":\"2023-04-20T17:56:13+00:00\",\"dateModified\":\"2025-02-08T11:30:45+00:00\",\"author\":{\"@id\":\"https:\\\/\\\/cklcomunicaciones.es\\\/coop\\\/#\\\/schema\\\/person\\\/929a6837f7626450bbb50cee1aef266e\"},\"description\":\"Noticias Info CKL n\u00ba 2784-20\\\/04\\\/23 Yolanda D\u00edaz, en la Asamblea General de la ONU: \u201cEs posible superar un sistema econ\u00f3mico despiadado\u201d * Las mujeres ahorran 800 euros m\u00e1s que los hombres * Las colaboradoras de Ram\u00f3n y Cajal que cayeron en el olvido * Una embarazada herida en Ucrania, foto del a\u00f1o en el World Press Photo 2023\",\"breadcrumb\":{\"@id\":\"https:\\\/\\\/cklcomunicaciones.es\\\/coop\\\/noticias-info-ckl-no-2784-20-04-23\\\/#breadcrumb\"},\"inLanguage\":\"es\",\"potentialAction\":[{\"@type\":\"ReadAction\",\"target\":[\"https:\\\/\\\/cklcomunicaciones.es\\\/coop\\\/noticias-info-ckl-no-2784-20-04-23\\\/\"]}]},{\"@type\":\"ImageObject\",\"inLanguage\":\"es\",\"@id\":\"https:\\\/\\\/cklcomunicaciones.es\\\/coop\\\/noticias-info-ckl-no-2784-20-04-23\\\/#primaryimage\",\"url\":\"https:\\\/\\\/cklcomunicaciones.es\\\/coop\\\/wp-content\\\/uploads\\\/2025\\\/01\\\/CKL-una-mirada-distinta-de-la-comunicacion.jpg\",\"contentUrl\":\"https:\\\/\\\/cklcomunicaciones.es\\\/coop\\\/wp-content\\\/uploads\\\/2025\\\/01\\\/CKL-una-mirada-distinta-de-la-comunicacion.jpg\",\"width\":1482,\"height\":775,\"caption\":\"CKL - una mirada distinta de la comunicacion\"},{\"@type\":\"BreadcrumbList\",\"@id\":\"https:\\\/\\\/cklcomunicaciones.es\\\/coop\\\/noticias-info-ckl-no-2784-20-04-23\\\/#breadcrumb\",\"itemListElement\":[{\"@type\":\"ListItem\",\"position\":1,\"name\":\"Portada\",\"item\":\"https:\\\/\\\/cklcomunicaciones.es\\\/coop\\\/\"},{\"@type\":\"ListItem\",\"position\":2,\"name\":\"Noticias Info CKL n\u00ba 2784-20\\\/04\\\/23\"}]},{\"@type\":\"WebSite\",\"@id\":\"https:\\\/\\\/cklcomunicaciones.es\\\/coop\\\/#website\",\"url\":\"https:\\\/\\\/cklcomunicaciones.es\\\/coop\\\/\",\"name\":\"CKL Comunicaciones\",\"description\":\"Sitio web de CKL Comunicaciones coop , la consultora de comunicaci\u00f3n y estrategia\",\"potentialAction\":[{\"@type\":\"SearchAction\",\"target\":{\"@type\":\"EntryPoint\",\"urlTemplate\":\"https:\\\/\\\/cklcomunicaciones.es\\\/coop\\\/?s={search_term_string}\"},\"query-input\":{\"@type\":\"PropertyValueSpecification\",\"valueRequired\":true,\"valueName\":\"search_term_string\"}}],\"inLanguage\":\"es\"},{\"@type\":\"Person\",\"@id\":\"https:\\\/\\\/cklcomunicaciones.es\\\/coop\\\/#\\\/schema\\\/person\\\/929a6837f7626450bbb50cee1aef266e\",\"name\":\"ckl\",\"image\":{\"@type\":\"ImageObject\",\"inLanguage\":\"es\",\"@id\":\"https:\\\/\\\/secure.gravatar.com\\\/avatar\\\/c82db564e8a669bf6023357a157b9dc4780f4d4c618f2ad1d71a6a5dede45057?s=96&d=mm&r=g\",\"url\":\"https:\\\/\\\/secure.gravatar.com\\\/avatar\\\/c82db564e8a669bf6023357a157b9dc4780f4d4c618f2ad1d71a6a5dede45057?s=96&d=mm&r=g\",\"contentUrl\":\"https:\\\/\\\/secure.gravatar.com\\\/avatar\\\/c82db564e8a669bf6023357a157b9dc4780f4d4c618f2ad1d71a6a5dede45057?s=96&d=mm&r=g\",\"caption\":\"ckl\"},\"url\":\"https:\\\/\\\/cklcomunicaciones.es\\\/coop\\\/author\\\/cklcomunicaciones\\\/\"}]}<\/script>\n<!-- \/ Yoast SEO plugin. -->","yoast_head_json":{"title":"Noticias Info CKL n\u00ba 2784-20\/04\/23-Comunicar con perspectiva de g\u00e9nero","description":"Noticias Info CKL n\u00ba 2784-20\/04\/23 Yolanda D\u00edaz, en la Asamblea General de la ONU: \u201cEs posible superar un sistema econ\u00f3mico despiadado\u201d * Las mujeres ahorran 800 euros m\u00e1s que los hombres * Las colaboradoras de Ram\u00f3n y Cajal que cayeron en el olvido * Una embarazada herida en Ucrania, foto del a\u00f1o en el World Press Photo 2023","robots":{"index":"index","follow":"follow","max-snippet":"max-snippet:-1","max-image-preview":"max-image-preview:large","max-video-preview":"max-video-preview:-1"},"canonical":"https:\/\/cklcomunicaciones.es\/coop\/noticias-info-ckl-no-2784-20-04-23\/","og_locale":"es_ES","og_type":"article","og_title":"Noticias Info CKL n\u00ba 2784-20\/04\/23-Comunicar con perspectiva de g\u00e9nero","og_description":"Noticias Info CKL n\u00ba 2784-20\/04\/23 Yolanda D\u00edaz, en la Asamblea General de la ONU: \u201cEs posible superar un sistema econ\u00f3mico despiadado\u201d * Las mujeres ahorran 800 euros m\u00e1s que los hombres * Las colaboradoras de Ram\u00f3n y Cajal que cayeron en el olvido * Una embarazada herida en Ucrania, foto del a\u00f1o en el World Press Photo 2023","og_url":"https:\/\/cklcomunicaciones.es\/coop\/noticias-info-ckl-no-2784-20-04-23\/","og_site_name":"CKL Comunicaciones","article_published_time":"2023-04-20T17:56:13+00:00","article_modified_time":"2025-02-08T11:30:45+00:00","og_image":[{"width":1482,"height":775,"url":"https:\/\/cklcomunicaciones.es\/coop\/wp-content\/uploads\/2025\/01\/CKL-una-mirada-distinta-de-la-comunicacion.jpg","type":"image\/jpeg"}],"author":"ckl","twitter_card":"summary_large_image","twitter_misc":{"Escrito por":"ckl","Tiempo de lectura":"6 minutos"},"schema":{"@context":"https:\/\/schema.org","@graph":[{"@type":"Article","@id":"https:\/\/cklcomunicaciones.es\/coop\/noticias-info-ckl-no-2784-20-04-23\/#article","isPartOf":{"@id":"https:\/\/cklcomunicaciones.es\/coop\/noticias-info-ckl-no-2784-20-04-23\/"},"author":{"name":"ckl","@id":"https:\/\/cklcomunicaciones.es\/coop\/#\/schema\/person\/929a6837f7626450bbb50cee1aef266e"},"headline":"Noticias Info CKL n\u00ba 2784-20\/04\/23","datePublished":"2023-04-20T17:56:13+00:00","dateModified":"2025-02-08T11:30:45+00:00","mainEntityOfPage":{"@id":"https:\/\/cklcomunicaciones.es\/coop\/noticias-info-ckl-no-2784-20-04-23\/"},"wordCount":1288,"image":{"@id":"https:\/\/cklcomunicaciones.es\/coop\/noticias-info-ckl-no-2784-20-04-23\/#primaryimage"},"thumbnailUrl":"https:\/\/cklcomunicaciones.es\/coop\/wp-content\/uploads\/2025\/01\/CKL-una-mirada-distinta-de-la-comunicacion.jpg","keywords":["econom\u00eda social","mujeres"],"articleSection":["Newsletter","Nwl v3.0"],"inLanguage":"es"},{"@type":"WebPage","@id":"https:\/\/cklcomunicaciones.es\/coop\/noticias-info-ckl-no-2784-20-04-23\/","url":"https:\/\/cklcomunicaciones.es\/coop\/noticias-info-ckl-no-2784-20-04-23\/","name":"Noticias Info CKL n\u00ba 2784-20\/04\/23-Comunicar con perspectiva de g\u00e9nero","isPartOf":{"@id":"https:\/\/cklcomunicaciones.es\/coop\/#website"},"primaryImageOfPage":{"@id":"https:\/\/cklcomunicaciones.es\/coop\/noticias-info-ckl-no-2784-20-04-23\/#primaryimage"},"image":{"@id":"https:\/\/cklcomunicaciones.es\/coop\/noticias-info-ckl-no-2784-20-04-23\/#primaryimage"},"thumbnailUrl":"https:\/\/cklcomunicaciones.es\/coop\/wp-content\/uploads\/2025\/01\/CKL-una-mirada-distinta-de-la-comunicacion.jpg","datePublished":"2023-04-20T17:56:13+00:00","dateModified":"2025-02-08T11:30:45+00:00","author":{"@id":"https:\/\/cklcomunicaciones.es\/coop\/#\/schema\/person\/929a6837f7626450bbb50cee1aef266e"},"description":"Noticias Info CKL n\u00ba 2784-20\/04\/23 Yolanda D\u00edaz, en la Asamblea General de la ONU: \u201cEs posible superar un sistema econ\u00f3mico despiadado\u201d * Las mujeres ahorran 800 euros m\u00e1s que los hombres * Las colaboradoras de Ram\u00f3n y Cajal que cayeron en el olvido * Una embarazada herida en Ucrania, foto del a\u00f1o en el World Press Photo 2023","breadcrumb":{"@id":"https:\/\/cklcomunicaciones.es\/coop\/noticias-info-ckl-no-2784-20-04-23\/#breadcrumb"},"inLanguage":"es","potentialAction":[{"@type":"ReadAction","target":["https:\/\/cklcomunicaciones.es\/coop\/noticias-info-ckl-no-2784-20-04-23\/"]}]},{"@type":"ImageObject","inLanguage":"es","@id":"https:\/\/cklcomunicaciones.es\/coop\/noticias-info-ckl-no-2784-20-04-23\/#primaryimage","url":"https:\/\/cklcomunicaciones.es\/coop\/wp-content\/uploads\/2025\/01\/CKL-una-mirada-distinta-de-la-comunicacion.jpg","contentUrl":"https:\/\/cklcomunicaciones.es\/coop\/wp-content\/uploads\/2025\/01\/CKL-una-mirada-distinta-de-la-comunicacion.jpg","width":1482,"height":775,"caption":"CKL - una mirada distinta de la comunicacion"},{"@type":"BreadcrumbList","@id":"https:\/\/cklcomunicaciones.es\/coop\/noticias-info-ckl-no-2784-20-04-23\/#breadcrumb","itemListElement":[{"@type":"ListItem","position":1,"name":"Portada","item":"https:\/\/cklcomunicaciones.es\/coop\/"},{"@type":"ListItem","position":2,"name":"Noticias Info CKL n\u00ba 2784-20\/04\/23"}]},{"@type":"WebSite","@id":"https:\/\/cklcomunicaciones.es\/coop\/#website","url":"https:\/\/cklcomunicaciones.es\/coop\/","name":"CKL Comunicaciones","description":"Sitio web de CKL Comunicaciones coop , la consultora de comunicaci\u00f3n y estrategia","potentialAction":[{"@type":"SearchAction","target":{"@type":"EntryPoint","urlTemplate":"https:\/\/cklcomunicaciones.es\/coop\/?s={search_term_string}"},"query-input":{"@type":"PropertyValueSpecification","valueRequired":true,"valueName":"search_term_string"}}],"inLanguage":"es"},{"@type":"Person","@id":"https:\/\/cklcomunicaciones.es\/coop\/#\/schema\/person\/929a6837f7626450bbb50cee1aef266e","name":"ckl","image":{"@type":"ImageObject","inLanguage":"es","@id":"https:\/\/secure.gravatar.com\/avatar\/c82db564e8a669bf6023357a157b9dc4780f4d4c618f2ad1d71a6a5dede45057?s=96&d=mm&r=g","url":"https:\/\/secure.gravatar.com\/avatar\/c82db564e8a669bf6023357a157b9dc4780f4d4c618f2ad1d71a6a5dede45057?s=96&d=mm&r=g","contentUrl":"https:\/\/secure.gravatar.com\/avatar\/c82db564e8a669bf6023357a157b9dc4780f4d4c618f2ad1d71a6a5dede45057?s=96&d=mm&r=g","caption":"ckl"},"url":"https:\/\/cklcomunicaciones.es\/coop\/author\/cklcomunicaciones\/"}]}},"_links":{"self":[{"href":"https:\/\/cklcomunicaciones.es\/coop\/wp-json\/wp\/v2\/posts\/19790","targetHints":{"allow":["GET"]}}],"collection":[{"href":"https:\/\/cklcomunicaciones.es\/coop\/wp-json\/wp\/v2\/posts"}],"about":[{"href":"https:\/\/cklcomunicaciones.es\/coop\/wp-json\/wp\/v2\/types\/post"}],"author":[{"embeddable":true,"href":"https:\/\/cklcomunicaciones.es\/coop\/wp-json\/wp\/v2\/users\/3"}],"replies":[{"embeddable":true,"href":"https:\/\/cklcomunicaciones.es\/coop\/wp-json\/wp\/v2\/comments?post=19790"}],"version-history":[{"count":0,"href":"https:\/\/cklcomunicaciones.es\/coop\/wp-json\/wp\/v2\/posts\/19790\/revisions"}],"wp:featuredmedia":[{"embeddable":true,"href":"https:\/\/cklcomunicaciones.es\/coop\/wp-json\/wp\/v2\/media\/22909"}],"wp:attachment":[{"href":"https:\/\/cklcomunicaciones.es\/coop\/wp-json\/wp\/v2\/media?parent=19790"}],"wp:term":[{"taxonomy":"category","embeddable":true,"href":"https:\/\/cklcomunicaciones.es\/coop\/wp-json\/wp\/v2\/categories?post=19790"},{"taxonomy":"post_tag","embeddable":true,"href":"https:\/\/cklcomunicaciones.es\/coop\/wp-json\/wp\/v2\/tags?post=19790"}],"curies":[{"name":"wp","href":"https:\/\/api.w.org\/{rel}","templated":true}]}}