{"id":19650,"date":"2023-04-05T18:50:38","date_gmt":"2023-04-05T16:50:38","guid":{"rendered":"https:\/\/www.cklcomunicaciones.es\/?p=19650"},"modified":"2025-02-08T13:16:42","modified_gmt":"2025-02-08T12:16:42","slug":"noticias-info-ckl-no-2779-05-04-23","status":"publish","type":"post","link":"https:\/\/cklcomunicaciones.es\/coop\/noticias-info-ckl-no-2779-05-04-23\/","title":{"rendered":"Noticias Info CKL n\u00ba 2779-05\/04\/23"},"content":{"rendered":"<div class=\"fusion-fullwidth fullwidth-box fusion-builder-row-1 fusion-flex-container nonhundred-percent-fullwidth non-hundred-percent-height-scrolling\" style=\"--awb-border-radius-top-left:0px;--awb-border-radius-top-right:0px;--awb-border-radius-bottom-right:0px;--awb-border-radius-bottom-left:0px;--awb-flex-wrap:wrap;\" ><div class=\"fusion-builder-row fusion-row fusion-flex-align-items-flex-start fusion-flex-content-wrap\" style=\"max-width:1248px;margin-left: calc(-4% \/ 2 );margin-right: calc(-4% \/ 2 );\"><div class=\"fusion-layout-column fusion_builder_column fusion-builder-column-0 fusion_builder_column_1_1 1_1 fusion-flex-column\" style=\"--awb-bg-blend:overlay;--awb-bg-size:cover;--awb-width-large:100%;--awb-margin-top-large:0px;--awb-spacing-right-large:1.92%;--awb-margin-bottom-large:0px;--awb-spacing-left-large:1.92%;--awb-width-medium:100%;--awb-spacing-right-medium:1.92%;--awb-spacing-left-medium:1.92%;--awb-width-small:100%;--awb-spacing-right-small:1.92%;--awb-spacing-left-small:1.92%;\"><div class=\"fusion-column-wrapper fusion-flex-justify-content-flex-start fusion-content-layout-column\"><div class=\"fusion-text fusion-text-1\"><div id=\"\" class=\"lsow-panel lsow-active\">\n<h1 class=\"lsow-panel-title\">Convocatorias<\/h1>\n<div class=\"lsow-panel-content\">\n<ul>\n<li>\n<p lang=\"zxx\" align=\"left\"><span lang=\"zxx\"><a href=\"http:\/\/www.juntadeandalucia.es\/institutodelamujer\/catalogo\/doc\/convocatorias\/2023-iam\/SE-proyeccion-documental-HijasDeCynisca.pdf\" target=\"_blank\" rel=\"noopener\" data-saferedirecturl=\"https:\/\/www.google.com\/url?q=http:\/\/www.juntadeandalucia.es\/institutodelamujer\/catalogo\/doc\/convocatorias\/2023-iam\/SE-proyeccion-documental-HijasDeCynisca.pdf&amp;source=gmail&amp;ust=1680791920392000&amp;usg=AOvVaw16QXS7qPrTvVjgbSxndrXD\">Proyecci\u00f3n y coloquio de la pel\u00edcula documental &#8216;Hijas de Cynisca. El deporte femenino habla por la igualdad&#8217;, de Beatriz Carretero<\/a>. Instituto Andaluz de la Mujer. 17 de abril a las 10:00 h.<\/span><\/p>\n<\/li>\n<li>Talleres: \u2018<a href=\"https:\/\/fundacionmujeres.es\/informate\/agenda\/?id=4932671\" target=\"_blank\" rel=\"noopener\" data-saferedirecturl=\"https:\/\/www.google.com\/url?q=https:\/\/fundacionmujeres.es\/informate\/agenda\/?id%3D4932671&amp;source=gmail&amp;ust=1680791920388000&amp;usg=AOvVaw1NCQm3HbIIxjUV6gEw1-WE\">Rumbo a mi vida<\/a>\u2019 (14 de abril de 10:00 a 13:00 h.); \u2018<a href=\"https:\/\/fundacionmujeres.es\/informate\/agenda\/?id=4936608\" target=\"_blank\" rel=\"noopener\" data-saferedirecturl=\"https:\/\/www.google.com\/url?q=https:\/\/fundacionmujeres.es\/informate\/agenda\/?id%3D4936608&amp;source=gmail&amp;ust=1680791920388000&amp;usg=AOvVaw1ORon8NqCIUW5DazrHkXYs\">C\u00f3mo poner l\u00edmites<\/a>\u2019 (20 de abril de 10:00 a 13:00 h.); \u2018<a href=\"https:\/\/fundacionmujeres.es\/informate\/agenda\/?id=4936611\" target=\"_blank\" rel=\"noopener\" data-saferedirecturl=\"https:\/\/www.google.com\/url?q=https:\/\/fundacionmujeres.es\/informate\/agenda\/?id%3D4936611&amp;source=gmail&amp;ust=1680791920388000&amp;usg=AOvVaw0OolQgF8EsshzvO8ETmsoI\">As\u00ed soy, as\u00ed me veo, as\u00ed me ven. Autoestima y empoderamiento<\/a>\u2019 (26 de abril de 10:00 a 13:00 h.). Fundaci\u00f3n Mujeres.\u00a0<a href=\"https:\/\/docs.google.com\/forms\/d\/e\/1FAIpQLSeMpbr7hpyKQMDxqI7iTHq_AGGs1--akVo5s1txZ6PzSvenZQ\/viewform\" target=\"_blank\" rel=\"noopener\" data-saferedirecturl=\"https:\/\/www.google.com\/url?q=https:\/\/docs.google.com\/forms\/d\/e\/1FAIpQLSeMpbr7hpyKQMDxqI7iTHq_AGGs1--akVo5s1txZ6PzSvenZQ\/viewform&amp;source=gmail&amp;ust=1680791920388000&amp;usg=AOvVaw2XagXwcbALNM_zTIHxTqoK\">Preinscripciones<\/a><\/li>\n<li>Webinar &#8216;La igualdad y la gesti\u00f3n de la diversidad. Obligaciones para las empresas&#8217;.\u00a0<span lang=\"zxx\">Fundaci\u00f3n Confemetal.\u00a0<\/span>18 de abril de 9:30 a 10:45 h.\u00a0<a href=\"https:\/\/fundacionconfemetal.com\/webinar-gratuito-la-igualdad-y-la-gestion-de-la-diversidad-obligaciones-para-las-empresas\/\" target=\"_blank\" rel=\"noopener\" data-saferedirecturl=\"https:\/\/www.google.com\/url?q=https:\/\/fundacionconfemetal.com\/webinar-gratuito-la-igualdad-y-la-gestion-de-la-diversidad-obligaciones-para-las-empresas\/&amp;source=gmail&amp;ust=1680791920388000&amp;usg=AOvVaw0m2YoKg9l7O-tzg_bA9JP7\">Inscripciones<\/a><\/li>\n<li>\n<p lang=\"zxx\"><a href=\"https:\/\/www.juntadeandalucia.es\/iam\/catalogo\/doc\/web\/actividades-CDMZ\/generando-cultura\/2023\/taller-creacion-artistica-cartel.pdf\" target=\"_blank\" rel=\"noopener\" data-saferedirecturl=\"https:\/\/www.google.com\/url?q=https:\/\/www.juntadeandalucia.es\/iam\/catalogo\/doc\/web\/actividades-CDMZ\/generando-cultura\/2023\/taller-creacion-artistica-cartel.pdf&amp;source=gmail&amp;ust=1680791916070000&amp;usg=AOvVaw2pdn7PfqMsSEeLT8IycOcz\">Taller &#8216;\u00bfTiene sexo la creaci\u00f3n art\u00edstica?&#8217;<\/a>\u00a0[Dentro de la\u00a0<a href=\"https:\/\/www.juntadeandalucia.es\/iam\/catalogo\/doc\/web\/actividades-CDMZ\/generando-cultura\/generando-cultura-cartel.pdf\" target=\"_blank\" rel=\"noopener\" data-saferedirecturl=\"https:\/\/www.google.com\/url?q=https:\/\/www.juntadeandalucia.es\/iam\/catalogo\/doc\/web\/actividades-CDMZ\/generando-cultura\/generando-cultura-cartel.pdf&amp;source=gmail&amp;ust=1680791916070000&amp;usg=AOvVaw1syZNj065Y4Lno4WdKIGDV\">Campa\u00f1a &#8216;Generando Cultura: Una Primavera de Creaci\u00f3n en Femenino&#8217;<\/a>\u00a02023]. Centro de Documentaci\u00f3n Mar\u00eda Zambrano del Instituto Andaluz de la Mujer. En l\u00ednea, 12 y 19 de abril de 18:00 a 20:00 h.\u00a0<a href=\"https:\/\/forms.gle\/iKojd5BCUsRsDgu69\" target=\"_blank\" rel=\"noopener\" data-saferedirecturl=\"https:\/\/www.google.com\/url?q=https:\/\/forms.gle\/iKojd5BCUsRsDgu69&amp;source=gmail&amp;ust=1680791916070000&amp;usg=AOvVaw0mF9pINJ5x9iaZ_CTyhTSI\">Preinscripciones<\/a>\u00a0(plazas limitadas).\u00a0<a href=\"https:\/\/www.juntadeandalucia.es\/iam\/catalogo\/doc\/web\/actividades-CDMZ\/generando-cultura\/2023\/taller-creacion-artistica-info.pdf\" target=\"_blank\" rel=\"noopener\" data-saferedirecturl=\"https:\/\/www.google.com\/url?q=https:\/\/www.juntadeandalucia.es\/iam\/catalogo\/doc\/web\/actividades-CDMZ\/generando-cultura\/2023\/taller-creacion-artistica-info.pdf&amp;source=gmail&amp;ust=1680791916070000&amp;usg=AOvVaw2qNTFB3jwcTkJVhG4notv6\">M\u00e1s informaci\u00f3n<\/a><\/p>\n<\/li>\n<\/ul>\n<\/div>\n<\/div>\n<div id=\"\" class=\"lsow-panel lsow-active\">\n<h1 class=\"lsow-panel-title\">Comunicaci\u00f3n, Publicidad y TICs<\/h1>\n<div class=\"lsow-panel-content\">\n<p><a class=\"title\" href=\"https:\/\/www.europapress.es\/andalucia\/noticia-spa-entrega-viernes-cordoba-gemma-parellada-xvi-premio-internacional-periodismo-julio-anguita-parrado-20230405180112.html\" target=\"_blank\" rel=\"noopener\" data-artpy=\"0\" data-author=\"Europa Press\">El SPA entrega el viernes en C\u00f3rdoba a Gemma Parellada el XVI Premio Internacional de Periodismo Julio Anguita Parrado<\/a>-europapress<br \/>\n<a class=\"title\" href=\"https:\/\/www.msn.com\/es-es\/noticias\/virales\/m%C3%B3nica-carrillo-uno-de-los-grandes-errores-del-periodismo-es-que-nos-miramos-mucho-el-ombligo\/ar-AA19tQ5p\" target=\"_blank\" rel=\"noopener\" data-artpy=\"0\" data-author=\"El Mundo on MSN\">M\u00f3nica Carrillo: \u00abUno de los grandes errores del periodismo es que nos miramos mucho el ombligo\u00bb<\/a>-elmundo<br \/>\n<a class=\"title\" href=\"https:\/\/www.elmundo.es\/television\/medios\/2023\/04\/04\/642b6074fc6c837e578b4585.html\" target=\"_blank\" rel=\"noopener\" data-artpy=\"0\" data-author=\"El Mundo\">Elena Pu\u00e9rtolas: \u00abAl periodismo local le sobra el apellido\u00bb<\/a>-elmundo<br \/>\n<a href=\"https:\/\/www.google.com\/url?rct=j&amp;sa=t&amp;url=https:\/\/m.elmostrador.cl\/braga\/2023\/04\/04\/podcast-mujeres-que-suenan-realizo-su-primer-festival-para-potenciar-la-equidad-de-genero-en-la-industria-musical\/&amp;ct=ga&amp;cd=CAEYHyoTNjk5NDQyMjQzOTgzNDM4NjA5MjIZNTlkNzgxNzEzNmEyZDAyODplczplczpFUw&amp;usg=AOvVaw0sAM-k5yFV5WDczybShMzh\" target=\"_blank\" rel=\"noopener\" data-saferedirecturl=\"https:\/\/www.google.com\/url?hl=es&amp;q=https:\/\/www.google.com\/url?rct%3Dj%26sa%3Dt%26url%3Dhttps:\/\/m.elmostrador.cl\/braga\/2023\/04\/04\/podcast-mujeres-que-suenan-realizo-su-primer-festival-para-potenciar-la-equidad-de-genero-en-la-industria-musical\/%26ct%3Dga%26cd%3DCAEYHyoTNjk5NDQyMjQzOTgzNDM4NjA5MjIZNTlkNzgxNzEzNmEyZDAyODplczplczpFUw%26usg%3DAOvVaw0sAM-k5yFV5WDczybShMzh&amp;source=gmail&amp;ust=1680794248703000&amp;usg=AOvVaw05qFLII0qXH1O5oCcVPrNf\">Podcast \u201dMujeres Que Suenan\u201d realiz\u00f3 su primer festival para potenciar la equidad de &#8230;-\u00a0<\/a><a>El Mostrador<br \/>\n<\/a><a class=\"title\" href=\"https:\/\/www.europapress.es\/epsocial\/responsables\/noticia-inspiring-girls-bbva-forman-125-ninas-habilidades-liderazgo-comunicacion-inteligencia-emocional-20230405121145.html\" target=\"_blank\" rel=\"noopener\" data-artpy=\"0\" data-author=\"Europa Press\">Inspiring Girls y BBVA forman a 125 ni\u00f1as en habilidades de liderazgo, comunicaci\u00f3n e inteligencia emocional<\/a>-europapress<br \/>\n<a class=\"title\" href=\"https:\/\/www.ondacero.es\/emisoras\/murcia\/murcia\/audios-podcast\/mas-de-uno\/mas-mujer-comunicacion-segun-mar-abenza-marevents_20230404642c16ce1b5f5b00012fc46a.html\" target=\"_blank\" rel=\"noopener\" data-artpy=\"0\" data-author=\"ondacero.es\">M\u00e1s Mujer: La comunicaci\u00f3n seg\u00fan Mar Abenza, de MarEvents<\/a>-ondacero<a><br \/>\n<\/a><a class=\"title\" href=\"https:\/\/www.elperiodico.com\/es\/tendencias-21\/20230405\/metaverso-disenado-programado-hablado-espanol-85646091\" target=\"_blank\" rel=\"noopener\" data-artpy=\"0\" data-author=\"El Peri\u00f3dico\">El Metaverso dise\u00f1ado, programado y hablado en espa\u00f1ol se acelera en Madrid<\/a>-elperiodico<a><br \/>\n<\/a><\/p>\n<\/div>\n<\/div>\n<div id=\"\" class=\"lsow-panel lsow-active\">\n<h1 class=\"lsow-panel-title\">Andaluc\u00eda<\/h1>\n<div class=\"lsow-panel-content\">\n<div class=\"source set_top\">\n<div data-priority=\"2\" aria-hidden=\"true\">\n<p><strong>Institucional<br \/>\n<\/strong><a class=\"title\" href=\"https:\/\/www.diariocordoba.com\/andalucia\/2023\/04\/04\/rocio-diaz-toma-posesion-consejera-85624832.html\" target=\"_blank\" rel=\"noopener\" data-artpy=\"0\" data-author=\"Diario C\u00f3rdoba\">Roc\u00edo D\u00edaz toma posesi\u00f3n como consejera de Fomento y Vivienda de la Junta de Andaluc\u00eda<\/a>-diariodecordoba<strong><br \/>\n<\/strong><\/p>\n<p><strong>Econom\u00eda y Empresa<br \/>\n<\/strong><a href=\"https:\/\/www.google.com\/url?rct=j&amp;sa=t&amp;url=https:\/\/sevilla.abc.es\/economia\/instituto-espanol-120-anos-perfumando-hogares-mujeres-20230402190911-nts.html&amp;ct=ga&amp;cd=CAEYCSoUMTgzMTgxMzY0NDEyMTI3NjU0NjMyGWMwMzcyZWJjMmZlYWRhNTk6ZXM6ZXM6RVM&amp;usg=AOvVaw1Ip8bsJdfs-GQNdCoVqAWq\" target=\"_blank\" rel=\"noopener\" data-saferedirecturl=\"https:\/\/www.google.com\/url?q=https:\/\/www.google.com\/url?rct%3Dj%26sa%3Dt%26url%3Dhttps:\/\/sevilla.abc.es\/economia\/instituto-espanol-120-anos-perfumando-hogares-mujeres-20230402190911-nts.html%26ct%3Dga%26cd%3DCAEYCSoUMTgzMTgxMzY0NDEyMTI3NjU0NjMyGWMwMzcyZWJjMmZlYWRhNTk6ZXM6ZXM6RVM%26usg%3DAOvVaw1Ip8bsJdfs-GQNdCoVqAWq&amp;source=gmail&amp;ust=1680791918456000&amp;usg=AOvVaw2zxHXTvKg_Tr2ETU0Cuqa4\">Instituto\u00a0Espa\u00f1ol: 120 a\u00f1os perfumando los hogares con un 95% de\u00a0mujeres en plantilla-\u00a0<\/a><a>ABC de Sevilla<br \/>\n<\/a><a class=\"title\" href=\"https:\/\/www.msn.com\/es-es\/dinero\/economia\/andaluc%C3%ADa-roza-en-enero-los-1190-millones-de-euros-en-exportaciones-de-productos-agroalimentarios\/ar-AA19uJqX\" target=\"_blank\" rel=\"noopener\" data-artpy=\"0\" data-author=\"Europa Press on MSN\">Andaluc\u00eda roza en enero los 1.190 millones de euros en exportaciones de productos agroalimentarios<\/a>-europapress<a><br \/>\n<\/a><a class=\"title\" href=\"https:\/\/www.cordobabn.com\/articulo\/andalucia\/andalucia-integra-alianza-europea-desarrollo-microlectronica-chip\/20230405141656158639.html\" target=\"_blank\" rel=\"noopener\" data-artpy=\"0\" data-author=\"C\u00f3rdoba Buenas Noticias\">Andaluc\u00eda se integra en la alianza europea para el desarrollo de la microlectr\u00f3nica y el chip<\/a>-europapress<a><br \/>\n<\/a><a class=\"title\" href=\"https:\/\/www.cordobabn.com\/articulo\/andalucia\/andalucia-lidera-marzo-descenso-paro-espana-15284-desempleados-menos\/20230405093810158576.html\" target=\"_blank\" rel=\"noopener\" data-artpy=\"0\" data-author=\"C\u00f3rdoba Buenas Noticias\">Andaluc\u00eda lidera en marzo el descenso del paro en Espa\u00f1a, con 15.284 desempleados menos<\/a>-cordobabuenasnoticias<a><br \/>\n<\/a><\/p>\n<p><strong>Actualidad<br \/>\n<\/strong><a href=\"https:\/\/www.google.com\/url?rct=j&amp;sa=t&amp;url=https:\/\/www.europapress.es\/esandalucia\/sevilla\/noticia-andalucia-atiende-2022-casi-15300-mujeres-migrantes-red-centros-334-violencia-genero-20230404152459.html&amp;ct=ga&amp;cd=CAEYASoUMTgzMTgxMzY0NDEyMTI3NjU0NjMyGWMwMzcyZWJjMmZlYWRhNTk6ZXM6ZXM6RVM&amp;usg=AOvVaw0OOwjEg_rDavKbTffRa07J\" target=\"_blank\" rel=\"noopener\" data-saferedirecturl=\"https:\/\/www.google.com\/url?q=https:\/\/www.google.com\/url?rct%3Dj%26sa%3Dt%26url%3Dhttps:\/\/www.europapress.es\/esandalucia\/sevilla\/noticia-andalucia-atiende-2022-casi-15300-mujeres-migrantes-red-centros-334-violencia-genero-20230404152459.html%26ct%3Dga%26cd%3DCAEYASoUMTgzMTgxMzY0NDEyMTI3NjU0NjMyGWMwMzcyZWJjMmZlYWRhNTk6ZXM6ZXM6RVM%26usg%3DAOvVaw0OOwjEg_rDavKbTffRa07J&amp;source=gmail&amp;ust=1680791918455000&amp;usg=AOvVaw03K98wAB4ZV_dOyW3Kq0Y2\">Andaluc\u00eda atiende en 2022 a casi 15.300 mujeres migrantes mediante su red de centros, el &#8230;-\u00a0<\/a><a>Europa Press<br \/>\n<\/a><a class=\"title\" href=\"https:\/\/www.murcia.com\/empresas\/noticias\/2023\/04\/05-micaela-navarro-el-avance-de-la-mujer-nunca-puede-suponer-el-retroceso-del-hombre.asp\" target=\"_blank\" rel=\"noopener\" data-artpy=\"0\" data-author=\"Murcia.com\">Micaela Navarro: \u00abEl avance de la mujer nunca puede suponer el retroceso del hombre\u00bb<\/a>-murcia<br \/>\n<a class=\"title\" href=\"https:\/\/www.diariodesevilla.es\/opinion\/analisis\/Mujer-conciliacion-Salud-Mental_0_1781222369.html\" target=\"_blank\" rel=\"noopener\" data-artpy=\"0\" data-author=\"Diario de Sevilla\">Mujer, conciliaci\u00f3n y Salud Mental<\/a>-diariodesevilla<br \/>\n<a class=\"title\" href=\"http:\/\/www.gentedigital.es\/sevilla\/noticia\/3600944\/andalucia-recibira-mas-de-15000-viajeras-de-toda-espana-a-traves-de-misscar-durante-las-vacaciones-de-semana-santa\/\" target=\"_blank\" rel=\"noopener\" data-artpy=\"0\" data-author=\"Gente Digital\">Andaluc\u00eda recibir\u00e1 m\u00e1s de 15.000 viajeras de toda Espa\u00f1a a trav\u00e9s de MissCar durante las vacaciones de Semana Santa<\/a>-gentedigital<a><br \/>\n<\/a><a class=\"title\" href=\"https:\/\/www.msn.com\/es-es\/noticias\/espana\/las-defunciones-superan-en-andaluc%C3%ADa-a-los-nacimientos-en-2457-personas-en-el-tercer-trimestre-de-2022\/ar-AA19uYQO\" target=\"_blank\" rel=\"noopener\" data-artpy=\"0\" data-author=\"Europa Press on MSN\">Las defunciones superan en Andaluc\u00eda a los nacimientos en 2.457 personas en el tercer trimestre de 2022<\/a>-europapress<\/p>\n<p><strong>Violencias<br \/>\n<\/strong><a href=\"https:\/\/www.google.com\/url?rct=j&amp;sa=t&amp;url=https:\/\/www.huelvainformacion.es\/provincia\/Violencia-Huelva-Palos-asesinato-palos-detenido_0_1780922499.html&amp;ct=ga&amp;cd=CAEYISoUMTgzMTgxMzY0NDEyMTI3NjU0NjMyGWMwMzcyZWJjMmZlYWRhNTk6ZXM6ZXM6RVM&amp;usg=AOvVaw1P2XJofqsZLM8Q4xBj4ZGI\" target=\"_blank\" rel=\"noopener\" data-saferedirecturl=\"https:\/\/www.google.com\/url?hl=es&amp;q=https:\/\/www.google.com\/url?rct%3Dj%26sa%3Dt%26url%3Dhttps:\/\/www.huelvainformacion.es\/provincia\/Violencia-Huelva-Palos-asesinato-palos-detenido_0_1780922499.html%26ct%3Dga%26cd%3DCAEYISoUMTgzMTgxMzY0NDEyMTI3NjU0NjMyGWMwMzcyZWJjMmZlYWRhNTk6ZXM6ZXM6RVM%26usg%3DAOvVaw1P2XJofqsZLM8Q4xBj4ZGI&amp;source=gmail&amp;ust=1680792448507000&amp;usg=AOvVaw2BRaKcwXbBxQzLEOUrpLo7\">Asesinato machista Huelva: conmoci\u00f3n en Palos por el asesinato de una mujer-\u00a0<\/a><a>Huelva Informaci\u00f3n<br \/>\n<\/a><a title=\"Personal de centros escolares se formar\u00e1 en la detecci\u00f3n de conductas delictivas cometidas por menores en las redes\" href=\"https:\/\/www.juntadeandalucia.es\/presidencia\/portavoz\/educacion\/181622\/redessociales\/menores\/escolares\/conductasdelictivas\/prevencion\/formacionPAS\/IAAP\/ConsejeriadeDesarrolloEducativoyFormacionProfesional\/ConsejeriadeJusticia\/AdministracionLocalyFuncionPublica\/Andalucia\/JuntadeAndalucia\/GobiernodeAndalucia\">Personal de centros escolares se formar\u00e1 en la detecci\u00f3n de conductas delictivas cometidas por menores en las redes<\/a>-juntadeandalucia<a><br \/>\n<\/a><\/p>\n<p><b>Ciencia y Cultura<\/b><br \/>\n<a href=\"https:\/\/www.google.com\/url?rct=j&amp;sa=t&amp;url=https:\/\/www.us.es\/eventos\/agenda\/i-edicion-reconocimientos-buenas-practicas-en-materia-de-igualdad-de-genero-en-la&amp;ct=ga&amp;cd=CAEYCyoTNjk5NDQyMjQzOTgzNDM4NjA5MjIZNTlkNzgxNzEzNmEyZDAyODplczplczpFUw&amp;usg=AOvVaw0hHz-NwKnXn-_j7kv3GWrz\" target=\"_blank\" rel=\"noopener\" data-saferedirecturl=\"https:\/\/www.google.com\/url?q=https:\/\/www.google.com\/url?rct%3Dj%26sa%3Dt%26url%3Dhttps:\/\/www.us.es\/eventos\/agenda\/i-edicion-reconocimientos-buenas-practicas-en-materia-de-igualdad-de-genero-en-la%26ct%3Dga%26cd%3DCAEYCyoTNjk5NDQyMjQzOTgzNDM4NjA5MjIZNTlkNzgxNzEzNmEyZDAyODplczplczpFUw%26usg%3DAOvVaw0hHz-NwKnXn-_j7kv3GWrz&amp;source=gmail&amp;ust=1680791916089000&amp;usg=AOvVaw0xxOSyeW_wWfJAVusSioZd\">I Edici\u00f3n Reconocimientos a buenas pr\u00e1cticas en materia de igualdad de g\u00e9nero en la &#8230;-\u00a0<\/a><a>Universidad de Sevilla<br \/>\n<\/a><a class=\"title\" href=\"http:\/\/www.gentedigital.es\/huelva\/noticia\/3600844\/profesora-de-la-uhu-publica-un-libro-sobre-las-primeras-mujeres-que-destacaron-en-el-mundo-de-las-ciencias\/\" target=\"_blank\" rel=\"noopener\" data-artpy=\"0\" data-author=\"Gente Digital\">La profesora de la UHU, Encarnaci\u00f3n Lemus, publica un libro sobre las primeras mujeres que destacaron en el mundo de las ciencias-<\/a>gentedigital<br \/>\n<a class=\"title\" href=\"https:\/\/www.diariosur.es\/axarquia\/fundacion-maria-zambrano-propone-crear-catedra-uma-velez-malaga-20230405130634-nt.html\" target=\"_blank\" rel=\"noopener\" data-artpy=\"0\" data-author=\"SUR\">La Fundaci\u00f3n Mar\u00eda Zambrano propone crear una c\u00e1tedra con la UMA sobre la vida y obra de la fil\u00f3sofa<\/a>-sur<br \/>\n<a class=\"title\" href=\"https:\/\/www.msn.com\/es-us\/noticias\/other\/picasso-el-artista-que-despreciaba-a-las-mujeres\/ar-AA19vnFN\" target=\"_blank\" rel=\"noopener\" data-artpy=\"0\" data-author=\"MSN\">Picasso, el artista que despreciaba a las mujeres<\/a>-msn<br \/>\n<a class=\"title\" href=\"https:\/\/www.malagahoy.es\/malaga\/Muestra-espanol-Coleccion-Carmen-Thyssen-Bornemisza_0_1781222825.html\" target=\"_blank\" rel=\"noopener\" data-artpy=\"0\" data-author=\"M\u00e1laga Hoy\">Muestra sobre el arte espa\u00f1ol en la Colecci\u00f3n Carmen Thyssen-Bornemisza<\/a>-malagahoy<\/p>\n<p><strong>Deporte<br \/>\n<\/strong><a class=\"title\" href=\"https:\/\/www.elindependiente.com\/sociedad\/deportes\/2023\/04\/05\/arranca-en-sotogrande-la-temporada-de-polo-mas-femenina\/\" target=\"_blank\" rel=\"noopener\" data-artpy=\"0\" data-author=\"El Independiente\">Arranca en Sotogrande la temporada de polo m\u00e1s femenina<\/a>-elindependiente<br \/>\n<a class=\"title\" href=\"https:\/\/www.diariodejerez.es\/deportes\/Chapin-domingo-Resurreccion-Torneo-Unietd-Jerez_0_1780923343.html\" target=\"_blank\" rel=\"noopener\" data-artpy=\"0\" data-author=\"Diario de Jerez\">Chap\u00edn acoge el domingo de Resurrecci\u00f3n el IV Torneo United Jerez<\/a>-diariodejerez<strong><br \/>\n<\/strong><\/p>\n<\/div>\n<\/div>\n<\/div>\n<\/div>\n<div id=\"\" class=\"lsow-panel lsow-active\">\n<h1 class=\"lsow-panel-title\">Estado<\/h1>\n<div class=\"lsow-panel-content\">\n<p><strong>Institucional \u2013 CCAA<br \/>\n<\/strong><a href=\"https:\/\/www.google.com\/url?rct=j&amp;sa=t&amp;url=https:\/\/www.europapress.es\/castilla-lamancha\/noticia-emprendedoras-centros-mujer-lm-recibiran-asesoramiento-gratuito-acuerdo-junta-ata-20230403145511.html&amp;ct=ga&amp;cd=CAEYAyoUMTgzMTgxMzY0NDEyMTI3NjU0NjMyGWMwMzcyZWJjMmZlYWRhNTk6ZXM6ZXM6RVM&amp;usg=AOvVaw1fTtVuutVLkmoCeEDW3vGh\" target=\"_blank\" rel=\"noopener\" data-saferedirecturl=\"https:\/\/www.google.com\/url?q=https:\/\/www.google.com\/url?rct%3Dj%26sa%3Dt%26url%3Dhttps:\/\/www.europapress.es\/castilla-lamancha\/noticia-emprendedoras-centros-mujer-lm-recibiran-asesoramiento-gratuito-acuerdo-junta-ata-20230403145511.html%26ct%3Dga%26cd%3DCAEYAyoUMTgzMTgxMzY0NDEyMTI3NjU0NjMyGWMwMzcyZWJjMmZlYWRhNTk6ZXM6ZXM6RVM%26usg%3DAOvVaw1fTtVuutVLkmoCeEDW3vGh&amp;source=gmail&amp;ust=1680791918455000&amp;usg=AOvVaw0b6x8NHUeHnoe4LBrcW--y\">Emprendedoras de los centros de la mujer en C-LM recibir\u00e1n asesoramiento gratuito tras un &#8230;-<\/a><a>Europa Press<br \/>\n<\/a><a href=\"https:\/\/www.google.com\/url?rct=j&amp;sa=t&amp;url=https:\/\/murciaplaza.com\/almudena-abellan-ipitec-sustituye-a-gines-garcia-al-frente-de-los-jovenes-empresarios-de-la-region&amp;ct=ga&amp;cd=CAEYHyoUMTE2NjkxNjg3MzIxMDc1OTA2NTMyGWMwMzcyZWJjMmZlYWRhNTk6ZXM6ZXM6RVM&amp;usg=AOvVaw0toOskWW36p1OrMk1EaqZK\" target=\"_blank\" rel=\"noopener\" data-saferedirecturl=\"https:\/\/www.google.com\/url?hl=es&amp;q=https:\/\/www.google.com\/url?rct%3Dj%26sa%3Dt%26url%3Dhttps:\/\/murciaplaza.com\/almudena-abellan-ipitec-sustituye-a-gines-garcia-al-frente-de-los-jovenes-empresarios-de-la-region%26ct%3Dga%26cd%3DCAEYHyoUMTE2NjkxNjg3MzIxMDc1OTA2NTMyGWMwMzcyZWJjMmZlYWRhNTk6ZXM6ZXM6RVM%26usg%3DAOvVaw0toOskWW36p1OrMk1EaqZK&amp;source=gmail&amp;ust=1680795391628000&amp;usg=AOvVaw0T4aU4b-Yz0xi5VswpU8af\">Almudena Abell\u00e1n (Ipitec) sustituye a Gin\u00e9s Garc\u00eda al frente de los j\u00f3venes empresarios de &#8230;-<\/a><a>Murcia Plaza<br \/>\n<\/a><a href=\"https:\/\/www.google.com\/url?rct=j&amp;sa=t&amp;url=https:\/\/www.diariodepontevedra.es\/articulo\/pontevedra\/excedencias-mujeres-cuidado-familiares-multiplican-galicia\/202304041844421247603.html&amp;ct=ga&amp;cd=CAEYFCoUMTE2NjkxNjg3MzIxMDc1OTA2NTMyGWMwMzcyZWJjMmZlYWRhNTk6ZXM6ZXM6RVM&amp;usg=AOvVaw05A2zkg7nA1hbtwnID87HD\" target=\"_blank\" rel=\"noopener\" data-saferedirecturl=\"https:\/\/www.google.com\/url?hl=es&amp;q=https:\/\/www.google.com\/url?rct%3Dj%26sa%3Dt%26url%3Dhttps:\/\/www.diariodepontevedra.es\/articulo\/pontevedra\/excedencias-mujeres-cuidado-familiares-multiplican-galicia\/202304041844421247603.html%26ct%3Dga%26cd%3DCAEYFCoUMTE2NjkxNjg3MzIxMDc1OTA2NTMyGWMwMzcyZWJjMmZlYWRhNTk6ZXM6ZXM6RVM%26usg%3DAOvVaw05A2zkg7nA1hbtwnID87HD&amp;source=gmail&amp;ust=1680795391626000&amp;usg=AOvVaw1TIjnAsu2YUIIGQqksRICa\">Las excedencias de mujeres por cuidado de familiares se multiplican en Galicia-\u00a0<\/a><a>Diario de Pontevedra<\/a><\/p>\n<div>\n<p><strong>Econom\u00eda y Empresa<br \/>\n<\/strong><a class=\"title\" href=\"https:\/\/www.abc.es\/espana\/empleo-marzo-mejora-mujeres-jovenes-20230404182707-vi.html\" target=\"_blank\" rel=\"noopener\" data-artpy=\"0\" data-author=\"ABC\">El empleo en marzo tambi\u00e9n mejora para mujeres y j\u00f3venes<\/a>-abc<strong><br \/>\n<\/strong><a class=\"title\" href=\"https:\/\/www.bolsamania.com\/noticias\/economia\/economia--el-ces-ve-un-gran-avance-en-la-ley-de-paridad-pero-pide-mas-ambicion-en-el-sector-publico--12910470.html\" target=\"_blank\" rel=\"noopener\" data-artpy=\"0\" data-author=\"Capitalbolsa\">El CES ve \u00abun gran avance\u00bb en la Ley de Paridad, pero pide m\u00e1s ambici\u00f3n en el sector p\u00fablico-\u00a0<\/a>bolsamania<br \/>\n<a href=\"https:\/\/www.google.com\/url?rct=j&amp;sa=t&amp;url=https:\/\/www.diariosigloxxi.com\/texto-ep\/mostrar\/20230404104052\/instituto-mujeres-eoi-lanzan-nueva-edicion-talentia-360-favor-mujeres-directivas&amp;ct=ga&amp;cd=CAEYFioUMTgzMTgxMzY0NDEyMTI3NjU0NjMyGWMwMzcyZWJjMmZlYWRhNTk6ZXM6ZXM6RVM&amp;usg=AOvVaw2bU0m7iEsSeDCKsh_Fa099\" target=\"_blank\" rel=\"noopener\" data-saferedirecturl=\"https:\/\/www.google.com\/url?hl=es&amp;q=https:\/\/www.google.com\/url?rct%3Dj%26sa%3Dt%26url%3Dhttps:\/\/www.diariosigloxxi.com\/texto-ep\/mostrar\/20230404104052\/instituto-mujeres-eoi-lanzan-nueva-edicion-talentia-360-favor-mujeres-directivas%26ct%3Dga%26cd%3DCAEYFioUMTgzMTgxMzY0NDEyMTI3NjU0NjMyGWMwMzcyZWJjMmZlYWRhNTk6ZXM6ZXM6RVM%26usg%3DAOvVaw2bU0m7iEsSeDCKsh_Fa099&amp;source=gmail&amp;ust=1680792448505000&amp;usg=AOvVaw1jwAIWKk0S-JtMdQPfay9P\">El Instituto\u00a0de las\u00a0Mujeres y el EOI lanzan una nueva edici\u00f3n de Talentia 360 a favor de &#8230;-\u00a0<\/a><a>Diario Siglo XXI<\/a><\/p>\n<\/div>\n<p><strong>Actualidad<br \/>\n<\/strong><a href=\"https:\/\/www.google.com\/url?rct=j&amp;sa=t&amp;url=https:\/\/elpais.com\/espana\/2023-04-04\/la-nueva-directora-de-la-guardia-civil-promete-ser-inflexible-con-la-corrupcion-en-el-cuerpo.html&amp;ct=ga&amp;cd=CAEYECoUMTgzMTgxMzY0NDEyMTI3NjU0NjMyGWMwMzcyZWJjMmZlYWRhNTk6ZXM6ZXM6RVM&amp;usg=AOvVaw28gTbOiVKUfn3iZCL6Vphr\" target=\"_blank\" rel=\"noopener\" data-saferedirecturl=\"https:\/\/www.google.com\/url?q=https:\/\/www.google.com\/url?rct%3Dj%26sa%3Dt%26url%3Dhttps:\/\/elpais.com\/espana\/2023-04-04\/la-nueva-directora-de-la-guardia-civil-promete-ser-inflexible-con-la-corrupcion-en-el-cuerpo.html%26ct%3Dga%26cd%3DCAEYECoUMTgzMTgxMzY0NDEyMTI3NjU0NjMyGWMwMzcyZWJjMmZlYWRhNTk6ZXM6ZXM6RVM%26usg%3DAOvVaw28gTbOiVKUfn3iZCL6Vphr&amp;source=gmail&amp;ust=1680791918458000&amp;usg=AOvVaw0Qj0nTep1lOepg5_NMDa9T\">Mercedes Gonz\u00e1lez: La nueva directora de la Guardia Civil promete ser \u201cinflexible\u201d con la &#8230; &#8211;\u00a0<\/a><a>El Pa\u00eds<br \/>\n<\/a><a href=\"https:\/\/www.google.com\/url?rct=j&amp;sa=t&amp;url=https:\/\/www.20minutos.es\/mujer\/estar-bien\/buenas-noticias-sobre-canceres-afectan-mujeres-5115975\/&amp;ct=ga&amp;cd=CAEYEioUMTgzMTgxMzY0NDEyMTI3NjU0NjMyGWMwMzcyZWJjMmZlYWRhNTk6ZXM6ZXM6RVM&amp;usg=AOvVaw1W9NCkIHEtEQFRAT-8eJd3\" target=\"_blank\" rel=\"noopener\" data-saferedirecturl=\"https:\/\/www.google.com\/url?hl=es&amp;q=https:\/\/www.google.com\/url?rct%3Dj%26sa%3Dt%26url%3Dhttps:\/\/www.20minutos.es\/mujer\/estar-bien\/buenas-noticias-sobre-canceres-afectan-mujeres-5115975\/%26ct%3Dga%26cd%3DCAEYEioUMTgzMTgxMzY0NDEyMTI3NjU0NjMyGWMwMzcyZWJjMmZlYWRhNTk6ZXM6ZXM6RVM%26usg%3DAOvVaw1W9NCkIHEtEQFRAT-8eJd3&amp;source=gmail&amp;ust=1680792448505000&amp;usg=AOvVaw3md9bU79IpN6Kue7kqFSY7\">10 buenas noticias sobre la investigaci\u00f3n en c\u00e1nceres que afectan m\u00e1s a las mujeres<b>&#8211;<\/b><\/a><a>20Minutos<br \/>\n<\/a><a href=\"https:\/\/www.google.com\/url?rct=j&amp;sa=t&amp;url=https:\/\/www.phmk.es\/i-d\/la-primera-edicion-de-integral-women-health-se-centra-en-la-importancia-del-abordaje-integral-de-la-salud-de-las-mujeres&amp;ct=ga&amp;cd=CAEYHCoUMTgzMTgxMzY0NDEyMTI3NjU0NjMyGWMwMzcyZWJjMmZlYWRhNTk6ZXM6ZXM6RVM&amp;usg=AOvVaw0V0S0F6kum7_LzAF7ZYr-V\" target=\"_blank\" rel=\"noopener\" data-saferedirecturl=\"https:\/\/www.google.com\/url?hl=es&amp;q=https:\/\/www.google.com\/url?rct%3Dj%26sa%3Dt%26url%3Dhttps:\/\/www.phmk.es\/i-d\/la-primera-edicion-de-integral-women-health-se-centra-en-la-importancia-del-abordaje-integral-de-la-salud-de-las-mujeres%26ct%3Dga%26cd%3DCAEYHCoUMTgzMTgxMzY0NDEyMTI3NjU0NjMyGWMwMzcyZWJjMmZlYWRhNTk6ZXM6ZXM6RVM%26usg%3DAOvVaw0V0S0F6kum7_LzAF7ZYr-V&amp;source=gmail&amp;ust=1680792448506000&amp;usg=AOvVaw3kHzmunGwEjiMu-AO7jVJ1\">La primera edici\u00f3n de Integral Women Health se centra en la importancia del abordaje &#8230;-\u00a0<\/a><a>Revista Pharma Market<\/a><\/p>\n<p><strong>Violencias<br \/>\n<\/strong><a class=\"title\" href=\"https:\/\/andaluciainformacion.es\/andalucia\/1237951\/igualdad-alerta-de-riesgo-que-suponen-las-vacaciones-para-las-mujeres-maltratadas\/\" target=\"_blank\" rel=\"noopener\" data-artpy=\"0\" data-author=\"Andaluc\u00eda Informaci\u00f3n\">Igualdad alerta de riesgo que suponen las vacaciones para las mujeres maltratadas<\/a>-andaluciainformacion<br \/>\n<a href=\"https:\/\/www.eldiario.es\/politica\/fiscalia-archiva-investigacion-canticos-machistas-colegio-mayor-madrid_1_10098176.html\">La Fiscal\u00eda archiva la investigaci\u00f3n sobre los c\u00e1nticos machistas del colegio mayor de Madrid<\/a>-eldiario<br \/>\n<a href=\"https:\/\/www.google.com\/url?rct=j&amp;sa=t&amp;url=https:\/\/www.20minutos.es\/noticia\/5115120\/0\/el-acoso-sexual-en-avatares-femeninos-ya-es-una-realidad-en-el-mundo-del-metaverso\/&amp;ct=ga&amp;cd=CAEYASoTOTQ5OTYzODY5MTQ3NjAxODA3MDIZZTFlNzdkMTU2MDk4YThlMzplczplczpFUw&amp;usg=AOvVaw2kZ4_64JP4VpBhTY4CwGxi\" target=\"_blank\" rel=\"noopener\" data-saferedirecturl=\"https:\/\/www.google.com\/url?q=https:\/\/www.google.com\/url?rct%3Dj%26sa%3Dt%26url%3Dhttps:\/\/www.20minutos.es\/noticia\/5115120\/0\/el-acoso-sexual-en-avatares-femeninos-ya-es-una-realidad-en-el-mundo-del-metaverso\/%26ct%3Dga%26cd%3DCAEYASoTOTQ5OTYzODY5MTQ3NjAxODA3MDIZZTFlNzdkMTU2MDk4YThlMzplczplczpFUw%26usg%3DAOvVaw2kZ4_64JP4VpBhTY4CwGxi&amp;source=gmail&amp;ust=1680799085407000&amp;usg=AOvVaw1VoPUFJc6V4hFopqKfTFql\">El acoso sexual a avatares femeninos en el mundo del metaverso ya es una realidad-\u00a0<\/a><a>20Minutos<\/a><\/p>\n<p><strong>Ciencia y Cultura<br \/>\n<\/strong><a href=\"https:\/\/www.google.com\/url?rct=j&amp;sa=t&amp;url=https:\/\/www.realinstitutoelcano.org\/notas-de-prensa\/carola-garcia-calvo-condecorada-caballero-de-la-orden-nacional-del-merito\/&amp;ct=ga&amp;cd=CAEYKyoUMTgzMTgxMzY0NDEyMTI3NjU0NjMyGWMwMzcyZWJjMmZlYWRhNTk6ZXM6ZXM6RVM&amp;usg=AOvVaw34oBK_j5qd5Rf377sSIHqF\" target=\"_blank\" rel=\"noopener\" data-saferedirecturl=\"https:\/\/www.google.com\/url?hl=es&amp;q=https:\/\/www.google.com\/url?rct%3Dj%26sa%3Dt%26url%3Dhttps:\/\/www.realinstitutoelcano.org\/notas-de-prensa\/carola-garcia-calvo-condecorada-caballero-de-la-orden-nacional-del-merito\/%26ct%3Dga%26cd%3DCAEYKyoUMTgzMTgxMzY0NDEyMTI3NjU0NjMyGWMwMzcyZWJjMmZlYWRhNTk6ZXM6ZXM6RVM%26usg%3DAOvVaw34oBK_j5qd5Rf377sSIHqF&amp;source=gmail&amp;ust=1680792448508000&amp;usg=AOvVaw3vSmDamZD7l1y7DJBlxtVm\">Carola Garc\u00eda-Calvo, condecorada Caballero de la Orden Nacional del M\u00e9rito-\u00a0<\/a><a>Real Instituto Elcano<br \/>\n<\/a><a href=\"https:\/\/www.google.com\/url?rct=j&amp;sa=t&amp;url=https:\/\/www.euskadi.eus\/gobierno-vasco\/-\/noticia\/2023\/un-estudio-constata-escasa-visibilidad-aportacion-mujeres-historia-museos-arqueologicos\/&amp;ct=ga&amp;cd=CAEYBioUMTgzMTgxMzY0NDEyMTI3NjU0NjMyGWMwMzcyZWJjMmZlYWRhNTk6ZXM6ZXM6RVM&amp;usg=AOvVaw07Rj-gTzfqxvVJ0AP4PdUP\" target=\"_blank\" rel=\"noopener\" data-saferedirecturl=\"https:\/\/www.google.com\/url?q=https:\/\/www.google.com\/url?rct%3Dj%26sa%3Dt%26url%3Dhttps:\/\/www.euskadi.eus\/gobierno-vasco\/-\/noticia\/2023\/un-estudio-constata-escasa-visibilidad-aportacion-mujeres-historia-museos-arqueologicos\/%26ct%3Dga%26cd%3DCAEYBioUMTgzMTgxMzY0NDEyMTI3NjU0NjMyGWMwMzcyZWJjMmZlYWRhNTk6ZXM6ZXM6RVM%26usg%3DAOvVaw07Rj-gTzfqxvVJ0AP4PdUP&amp;source=gmail&amp;ust=1680791918456000&amp;usg=AOvVaw1qLMSqTazvpnwR7ROGc01h\">Un estudio constata la escasa visibilidad de la aportaci\u00f3n de las mujeres a la &#8230; &#8211;\u00a0<\/a><a>Euskadi.eus<br \/>\n<\/a><a class=\"title\" href=\"https:\/\/www.cronicasdelaemigracion.com\/articulo\/galicia\/arantxa-fernandez-gran-parte-mentalidad-feminismo-galicia-tambien-nace-cuba\/20230405144544113687.html\" target=\"_blank\" rel=\"noopener\" data-artpy=\"0\" data-author=\"Cr\u00f3nicas de la emigraci\u00f3n\">Arantxa Fern\u00e1ndez: \u201cUna gran parte de la mentalidad de feminismo en Galicia tambi\u00e9n nace en Cuba\u201d<\/a>-cronicasdelaemigracion<br \/>\n<a class=\"title\" href=\"https:\/\/www.lamarea.com\/2023\/04\/05\/edurne-portela-maddi-fronteras\/\" target=\"_blank\" rel=\"noopener\" data-artpy=\"0\" data-author=\"La Marea\">Edurne Portela: \u00abCuando la narraci\u00f3n del horror del otro causa placer en la lectura se est\u00e1 cayendo en la pornograf\u00eda\u00bb<\/a>-lamarea<br \/>\n<a class=\"title\" href=\"https:\/\/www.elcorreogallego.es\/concellos\/2023\/04\/05\/arranca-delas-fest-arte-urbano-85659350.html\" target=\"_blank\" rel=\"noopener\" data-artpy=\"0\" data-author=\"Elcorreogallego.es\">Arranca el Delas Fest, arte urbano con perspectiva de g\u00e9nero l\u00edder en Europa<\/a>-elcorreogallego<a><br \/>\n<\/a><\/p>\n<p><strong>Deporte<br \/>\n<\/strong><a class=\"title\" href=\"https:\/\/www.msn.com\/es-es\/deportes\/baloncesto\/el-%C3%A9xito-de-la-copa-de-la-reina-creemos-en-el-deporte-femenino-es-un-producto-total\/ar-AA19uyik\" target=\"_blank\" rel=\"noopener\" data-artpy=\"0\" data-author=\"ESPA\u00d1OL on MSN\">El \u00e9xito de la Copa de la Reina: \u00abCreemos en el deporte femenino, es un producto total\u00bb<\/a>-elespa\u00f1ol<br \/>\n<a class=\"title\" href=\"https:\/\/www.europapress.es\/deportes\/futbol-00162\/noticia-seleccion-femenina-busca-cimentar-sensaciones-noruega-hansen-hegerberg-20230405175106.html\" target=\"_blank\" rel=\"noopener\" data-artpy=\"0\" data-author=\"Europa Press\">La selecci\u00f3n femenina busca cimentar sensaciones ante la Noruega de Hansen y Hegerberg<\/a>-europapress<br \/>\n<a class=\"title\" href=\"https:\/\/www.msn.com\/es-es\/deportes\/tenis\/bucsa-se-une-a-badosa-en-la-segunda-ronda-de-charleston\/ar-AA19uAcl\" target=\"_blank\" rel=\"noopener\" data-artpy=\"0\" data-author=\"MARCA on MSN\">Bucsa se une a Badosa en la segunda ronda de Charleston<\/a>-marca<strong><br \/>\n<\/strong><a class=\"title\" href=\"https:\/\/www.bizkaiagaur.com\/2023\/04\/05\/la-diputacion-foral-de-bizkaia-impulsa-el-v-torneo-bizkaia-paleta-cuero-femenino-y-el-torneo-bizkaia-open-internacional\/\" target=\"_blank\" rel=\"noopener\" data-artpy=\"0\" data-author=\"bizkaiagaur\">La Diputaci\u00f3n Foral de Bizkaia impulsa el V Torneo Bizkaia Paleta Cuero Femenino y el Torneo Bizkaia Open Internacional<\/a>-bizkaiagur<br \/>\n<a class=\"title\" href=\"https:\/\/www.elperiodic.com\/valencia\/jugadoras-participan-partidos-futbol-base-femenino-torneo-internacional-valencia-girls_894941\" target=\"_blank\" rel=\"noopener\" data-artpy=\"0\" data-author=\"Elperiodic.com\">M\u00e1s de 700 jugadoras participan en los 92 partidos de f\u00fatbol base femenino del torneo internacional Val\u00e8ncia Cup Girls<\/a>-elperiodic<br \/>\n<a class=\"title\" href=\"https:\/\/www.diaridetarragona.com\/deportes\/22-tenistas-del-top100-mundial-inscritas-en-el-wta-de-reus-PH14466191\" target=\"_blank\" rel=\"noopener\" data-artpy=\"0\" data-author=\"Diaride Tarragona\">22 tenistas del top100 mundial, inscritas en el WTA de Reus<\/a>-diariotarragona<strong><br \/>\n<\/strong><\/p>\n<\/div>\n<\/div>\n<div id=\"\" class=\"lsow-panel lsow-active\">\n<h1 class=\"lsow-panel-title\">Internacional<\/h1>\n<div class=\"lsow-panel-content\">\n<p><a class=\"title\" href=\"https:\/\/andaluciainformacion.es\/granada\/1237859\/antonio-guterres-alerta-de-que-sin-mujeres-la-onu-no-podra-operar-en-afganistan\/\" target=\"_blank\" rel=\"noopener\" data-artpy=\"0\" data-author=\"Andaluc\u00eda Informaci\u00f3n\">Ant\u00f3nio Guterres alerta de que sin mujeres la ONU no podr\u00e1 operar en Afganist\u00e1n<\/a>-andaluciainformacion<br \/>\n<a class=\"title\" href=\"https:\/\/ladiaria.com.uy\/feminismos\/articulo\/2023\/4\/las-mujeres-dedican-14-horas-semanales-mas-al-trabajo-no-remunerado-que-los-varones-segun-nueva-encuesta-sobre-uso-del-tiempo\/\" target=\"_blank\" rel=\"noopener\" data-artpy=\"0\" data-author=\"La diaria\">Las mujeres dedican 14 horas semanales m\u00e1s al trabajo no remunerado que los varones, seg\u00fan nueva encuesta sobre uso del tiempo<\/a>-ladiaria<br \/>\n<a href=\"https:\/\/www.eldiario.es\/internacional\/ardern-reivindica-despedida-sensible-liderar_1_10098168.html\">Jacinda Ardern reivindica en su despedida que se puede ser sensible y liderar: \u201cPuedes estar aqu\u00ed\u201d<\/a>-eldiario<br \/>\n<a href=\"https:\/\/www.google.com\/url?rct=j&amp;sa=t&amp;url=https:\/\/forbes.es\/ultima-hora\/259570\/diana-peng-del-instituto-de-estrategia-economica-internacional-asistio-al-boao-forum-for-asia-2023\/&amp;ct=ga&amp;cd=CAEYDyoUMTgzMTgxMzY0NDEyMTI3NjU0NjMyGWMwMzcyZWJjMmZlYWRhNTk6ZXM6ZXM6RVM&amp;usg=AOvVaw3Ih1YXzj4moAEedJ_eqD_U\" target=\"_blank\" rel=\"noopener\" data-saferedirecturl=\"https:\/\/www.google.com\/url?q=https:\/\/www.google.com\/url?rct%3Dj%26sa%3Dt%26url%3Dhttps:\/\/forbes.es\/ultima-hora\/259570\/diana-peng-del-instituto-de-estrategia-economica-internacional-asistio-al-boao-forum-for-asia-2023\/%26ct%3Dga%26cd%3DCAEYDyoUMTgzMTgxMzY0NDEyMTI3NjU0NjMyGWMwMzcyZWJjMmZlYWRhNTk6ZXM6ZXM6RVM%26usg%3DAOvVaw3Ih1YXzj4moAEedJ_eqD_U&amp;source=gmail&amp;ust=1680791918457000&amp;usg=AOvVaw0nM3FmFFyz_nL6-4YG7ShW\">Diana Peng, del Instituto de Estrategia Econ\u00f3mica Internacional, asisti\u00f3 al Boao Forum for Asia 2023-\u00a0<\/a><a>Forbes Espa\u00f1a<br \/>\n<\/a><a href=\"https:\/\/www.google.com\/url?rct=j&amp;sa=t&amp;url=https:\/\/100seguro.com.ar\/perspectiva-de-genero-una-de-las-claves-para-potenciar-el-talento-en-las-empresas\/&amp;ct=ga&amp;cd=CAEYJSoTNjk5NDQyMjQzOTgzNDM4NjA5MjIZNTlkNzgxNzEzNmEyZDAyODplczplczpFUw&amp;usg=AOvVaw1_09pJ2HLHITklDAjfMjFE\" target=\"_blank\" rel=\"noopener\" data-saferedirecturl=\"https:\/\/www.google.com\/url?hl=es&amp;q=https:\/\/www.google.com\/url?rct%3Dj%26sa%3Dt%26url%3Dhttps:\/\/100seguro.com.ar\/perspectiva-de-genero-una-de-las-claves-para-potenciar-el-talento-en-las-empresas\/%26ct%3Dga%26cd%3DCAEYJSoTNjk5NDQyMjQzOTgzNDM4NjA5MjIZNTlkNzgxNzEzNmEyZDAyODplczplczpFUw%26usg%3DAOvVaw1_09pJ2HLHITklDAjfMjFE&amp;source=gmail&amp;ust=1680794248704000&amp;usg=AOvVaw2bb5CJmAY0hQFpLOilfkFD\">Perspectiva de g\u00e9nero, una de las claves para potenciar el talento en las empresas-\u00a0<\/a><a>100% seguro<br \/>\n<\/a><a href=\"https:\/\/www.google.com\/url?rct=j&amp;sa=t&amp;url=https:\/\/forbes.es\/ultima-hora\/258754\/eve-energy-promueve-la-igualdad-de-genero-en-la-industria-stem\/&amp;ct=ga&amp;cd=CAEYICoTNjk5NDQyMjQzOTgzNDM4NjA5MjIZNTlkNzgxNzEzNmEyZDAyODplczplczpFUw&amp;usg=AOvVaw0brKhcbwZneToeJdRHItbH\" target=\"_blank\" rel=\"noopener\" data-saferedirecturl=\"https:\/\/www.google.com\/url?hl=es&amp;q=https:\/\/www.google.com\/url?rct%3Dj%26sa%3Dt%26url%3Dhttps:\/\/forbes.es\/ultima-hora\/258754\/eve-energy-promueve-la-igualdad-de-genero-en-la-industria-stem\/%26ct%3Dga%26cd%3DCAEYICoTNjk5NDQyMjQzOTgzNDM4NjA5MjIZNTlkNzgxNzEzNmEyZDAyODplczplczpFUw%26usg%3DAOvVaw0brKhcbwZneToeJdRHItbH&amp;source=gmail&amp;ust=1680794248703000&amp;usg=AOvVaw1i8_avgWJgrkmQSfXvHodk\">EVE Energy promueve la igualdad de g\u00e9nero en la industria STEM &#8211;\u00a0<\/a>F<a>orbes Espa\u00f1a<br \/>\n<\/a><a class=\"title\" href=\"https:\/\/www.elcolombiano.com\/internacional\/talibanes-prohiben-que-mujeres-de-la-onu-trabajen-en-afganistan-LB21027369\" target=\"_blank\" rel=\"noopener\" data-artpy=\"0\" data-author=\"El Colombiano\">Talibanes prohiben a las mujeres afganas trabajar para la ONU<\/a>-elcolombiano<a><br \/>\n<\/a><a class=\"title\" href=\"https:\/\/www.semana.com\/economia\/empresas\/articulo\/ellas-son-las-diez-mujeres-mas-ricas-del-mundo-en-2023\/202303\/\" target=\"_blank\" rel=\"noopener\" data-artpy=\"0\" data-author=\"Semana\">Ellas son las diez mujeres m\u00e1s ricas del mundo en 2023<\/a>-semana<a><br \/>\n<\/a><a href=\"https:\/\/www.google.com\/url?rct=j&amp;sa=t&amp;url=https:\/\/www.cepal.org\/es\/notas\/es-necesario-transformar-quehacer-estadistico-avanzar-la-igualdad-genero-cepal&amp;ct=ga&amp;cd=CAEYFyoUMTgzMTgxMzY0NDEyMTI3NjU0NjMyGWMwMzcyZWJjMmZlYWRhNTk6ZXM6ZXM6RVM&amp;usg=AOvVaw2qNtco1kSe97f8qOU-j75c\" target=\"_blank\" rel=\"noopener\" data-saferedirecturl=\"https:\/\/www.google.com\/url?hl=es&amp;q=https:\/\/www.google.com\/url?rct%3Dj%26sa%3Dt%26url%3Dhttps:\/\/www.cepal.org\/es\/notas\/es-necesario-transformar-quehacer-estadistico-avanzar-la-igualdad-genero-cepal%26ct%3Dga%26cd%3DCAEYFyoUMTgzMTgxMzY0NDEyMTI3NjU0NjMyGWMwMzcyZWJjMmZlYWRhNTk6ZXM6ZXM6RVM%26usg%3DAOvVaw2qNtco1kSe97f8qOU-j75c&amp;source=gmail&amp;ust=1680792448506000&amp;usg=AOvVaw1vYB2hgmuJ2t93R7Z26JBF\">Es necesario transformar el quehacer estad\u00edstico para avanzar hacia la igualdad de g\u00e9nero: CEPAL-\u00a0<\/a><a>Cepal<br \/>\n<\/a><a href=\"https:\/\/www.google.com\/url?rct=j&amp;sa=t&amp;url=https:\/\/www.aecid.es\/ES\/Paginas\/Sala%2520de%2520Prensa\/Noticias\/2023\/2023_04\/05_elsalvador.aspx&amp;ct=ga&amp;cd=CAEYASoTNjk5NDQyMjQzOTgzNDM4NjA5MjIZNTlkNzgxNzEzNmEyZDAyODplczplczpFUw&amp;usg=AOvVaw2Y_p8gtlauru-mtHz2lqnu\" target=\"_blank\" rel=\"noopener\" data-saferedirecturl=\"https:\/\/www.google.com\/url?q=https:\/\/www.google.com\/url?rct%3Dj%26sa%3Dt%26url%3Dhttps:\/\/www.aecid.es\/ES\/Paginas\/Sala%252520de%252520Prensa\/Noticias\/2023\/2023_04\/05_elsalvador.aspx%26ct%3Dga%26cd%3DCAEYASoTNjk5NDQyMjQzOTgzNDM4NjA5MjIZNTlkNzgxNzEzNmEyZDAyODplczplczpFUw%26usg%3DAOvVaw2Y_p8gtlauru-mtHz2lqnu&amp;source=gmail&amp;ust=1680791916088000&amp;usg=AOvVaw0r5rRdiLQP4F5Osa0Vmt5Z\">Una Unidad Especializada contra la Violencia Feminicida para promover una vida libre de &#8230;-\u00a0<\/a><a>AECID<br \/>\n<\/a><a href=\"https:\/\/www.google.com\/url?rct=j&amp;sa=t&amp;url=https:\/\/noticias.imer.mx\/blog\/una-mujer-a-la-luna-quienes-realizaran-viaje-mision-artemis-ii-nasa\/&amp;ct=ga&amp;cd=CAEYGSoUMTgzMTgxMzY0NDEyMTI3NjU0NjMyGWMwMzcyZWJjMmZlYWRhNTk6ZXM6ZXM6RVM&amp;usg=AOvVaw1cBs1JexDWgoCEaJ1dn8YE\" target=\"_blank\" rel=\"noopener\" data-saferedirecturl=\"https:\/\/www.google.com\/url?hl=es&amp;q=https:\/\/www.google.com\/url?rct%3Dj%26sa%3Dt%26url%3Dhttps:\/\/noticias.imer.mx\/blog\/una-mujer-a-la-luna-quienes-realizaran-viaje-mision-artemis-ii-nasa\/%26ct%3Dga%26cd%3DCAEYGSoUMTgzMTgxMzY0NDEyMTI3NjU0NjMyGWMwMzcyZWJjMmZlYWRhNTk6ZXM6ZXM6RVM%26usg%3DAOvVaw1cBs1JexDWgoCEaJ1dn8YE&amp;source=gmail&amp;ust=1680792448506000&amp;usg=AOvVaw2u0ReBTLajbcCQohtMBvnC\">Una\u00a0mujer a la Luna! \u00bfQui\u00e9nes realizar\u00e1n el viaje de la misi\u00f3n Artemis II de la NASA?-\u00a0<\/a><a>IMER Noticias<br \/>\n<\/a><a class=\"title\" href=\"https:\/\/www.religiondigital.org\/vaticano\/Emilce-Cuda-mujeres-Iglesia-pontificia-comision-america-latina_0_2547945197.html\" target=\"_blank\" rel=\"noopener\" data-artpy=\"0\" data-author=\"religiondigital\">Emilce Cuda: \u201cEl nombramiento de mujeres en la curia romana es algo que tiene que ser imitado en toda la Iglesia\u201d<\/a>-religiondigital<a><br \/>\n<\/a><a href=\"https:\/\/www.google.com\/url?rct=j&amp;sa=t&amp;url=https:\/\/www.unesco.org\/es\/articles\/primera-reunion-de-la-red-de-ciudades-del-deporte-y-desarrollo-en-america-latina&amp;ct=ga&amp;cd=CAEYHioTNjk5NDQyMjQzOTgzNDM4NjA5MjIZNTlkNzgxNzEzNmEyZDAyODplczplczpFUw&amp;usg=AOvVaw0k-P0sbBbRNCTHqZc8nmJU\" target=\"_blank\" rel=\"noopener\" data-saferedirecturl=\"https:\/\/www.google.com\/url?hl=es&amp;q=https:\/\/www.google.com\/url?rct%3Dj%26sa%3Dt%26url%3Dhttps:\/\/www.unesco.org\/es\/articles\/primera-reunion-de-la-red-de-ciudades-del-deporte-y-desarrollo-en-america-latina%26ct%3Dga%26cd%3DCAEYHioTNjk5NDQyMjQzOTgzNDM4NjA5MjIZNTlkNzgxNzEzNmEyZDAyODplczplczpFUw%26usg%3DAOvVaw0k-P0sbBbRNCTHqZc8nmJU&amp;source=gmail&amp;ust=1680794248703000&amp;usg=AOvVaw0ottPYd25lEWy6wk5RyAbu\">Primera reuni\u00f3n de la Red de Ciudades del Deporte y Desarrollo en Am\u00e9rica Latina-\u00a0<\/a><a>Unesco.org<\/a><\/p>\n<\/div>\n<\/div>\n<\/div><\/div><\/div><\/div><\/div>\n","protected":false},"excerpt":{"rendered":"<p>Ant\u00f3nio Guterres: Sin mujeres la ONU no podr\u00e1 operar en Afganist\u00e1n * CES ve un gran avance en la Ley de Paridad y pide m\u00e1s ambici\u00f3n en el sector p\u00fablico * Gemma Parellada, XVI Premio Internacional de Periodismo Julio Anguita Parrado * Jacinda Ardern reivindica en su despedida que se puede ser sensible y liderar<\/p>\n","protected":false},"author":3,"featured_media":22909,"comment_status":"closed","ping_status":"closed","sticky":false,"template":"","format":"standard","meta":{"footnotes":""},"categories":[298,621],"tags":[316,96],"class_list":["post-19650","post","type-post","status-publish","format-standard","has-post-thumbnail","hentry","category-newsletter","category-nwl-3-0","tag-empresas","tag-mujeres"],"yoast_head":"<!-- This site is optimized with the Yoast SEO plugin v27.5 - https:\/\/yoast.com\/product\/yoast-seo-wordpress\/ -->\n<title>Noticias Info CKL n\u00ba 2779-05\/04\/23-Comunicar con perspectiva de g\u00e9nero<\/title>\n<meta name=\"description\" content=\"Noticias Info CKL n\u00ba 2779-05\/04\/23 Ant\u00f3nio Guterres: Sin mujeres la ONU no podr\u00e1 operar en Afganist\u00e1n * CES ve un gran avance en la Ley de Paridad y pide m\u00e1s ambici\u00f3n en el sector p\u00fablico * Gemma Parellada, XVI Premio Internacional de Periodismo Julio Anguita Parrado * Jacinda Ardern reivindica en su despedida que se puede ser sensible y liderar\" \/>\n<meta name=\"robots\" content=\"index, follow, max-snippet:-1, max-image-preview:large, max-video-preview:-1\" \/>\n<link rel=\"canonical\" href=\"https:\/\/cklcomunicaciones.es\/coop\/noticias-info-ckl-no-2779-05-04-23\/\" \/>\n<meta property=\"og:locale\" content=\"es_ES\" \/>\n<meta property=\"og:type\" content=\"article\" \/>\n<meta property=\"og:title\" content=\"Noticias Info CKL n\u00ba 2779-05\/04\/23-Comunicar con perspectiva de g\u00e9nero\" \/>\n<meta property=\"og:description\" content=\"Noticias Info CKL n\u00ba 2779-05\/04\/23 Ant\u00f3nio Guterres: Sin mujeres la ONU no podr\u00e1 operar en Afganist\u00e1n * CES ve un gran avance en la Ley de Paridad y pide m\u00e1s ambici\u00f3n en el sector p\u00fablico * Gemma Parellada, XVI Premio Internacional de Periodismo Julio Anguita Parrado * Jacinda Ardern reivindica en su despedida que se puede ser sensible y liderar\" \/>\n<meta property=\"og:url\" content=\"https:\/\/cklcomunicaciones.es\/coop\/noticias-info-ckl-no-2779-05-04-23\/\" \/>\n<meta property=\"og:site_name\" content=\"CKL Comunicaciones\" \/>\n<meta property=\"article:published_time\" content=\"2023-04-05T16:50:38+00:00\" \/>\n<meta property=\"article:modified_time\" content=\"2025-02-08T12:16:42+00:00\" \/>\n<meta property=\"og:image\" content=\"https:\/\/cklcomunicaciones.es\/coop\/wp-content\/uploads\/2025\/01\/CKL-una-mirada-distinta-de-la-comunicacion.jpg\" \/>\n\t<meta property=\"og:image:width\" content=\"1482\" \/>\n\t<meta property=\"og:image:height\" content=\"775\" \/>\n\t<meta property=\"og:image:type\" content=\"image\/jpeg\" \/>\n<meta name=\"author\" content=\"ckl\" \/>\n<meta name=\"twitter:card\" content=\"summary_large_image\" \/>\n<meta name=\"twitter:label1\" content=\"Escrito por\" \/>\n\t<meta name=\"twitter:data1\" content=\"ckl\" \/>\n\t<meta name=\"twitter:label2\" content=\"Tiempo de lectura\" \/>\n\t<meta name=\"twitter:data2\" content=\"6 minutos\" \/>\n<script type=\"application\/ld+json\" class=\"yoast-schema-graph\">{\"@context\":\"https:\\\/\\\/schema.org\",\"@graph\":[{\"@type\":\"Article\",\"@id\":\"https:\\\/\\\/cklcomunicaciones.es\\\/coop\\\/noticias-info-ckl-no-2779-05-04-23\\\/#article\",\"isPartOf\":{\"@id\":\"https:\\\/\\\/cklcomunicaciones.es\\\/coop\\\/noticias-info-ckl-no-2779-05-04-23\\\/\"},\"author\":{\"name\":\"ckl\",\"@id\":\"https:\\\/\\\/cklcomunicaciones.es\\\/coop\\\/#\\\/schema\\\/person\\\/929a6837f7626450bbb50cee1aef266e\"},\"headline\":\"Noticias Info CKL n\u00ba 2779-05\\\/04\\\/23\",\"datePublished\":\"2023-04-05T16:50:38+00:00\",\"dateModified\":\"2025-02-08T12:16:42+00:00\",\"mainEntityOfPage\":{\"@id\":\"https:\\\/\\\/cklcomunicaciones.es\\\/coop\\\/noticias-info-ckl-no-2779-05-04-23\\\/\"},\"wordCount\":1347,\"image\":{\"@id\":\"https:\\\/\\\/cklcomunicaciones.es\\\/coop\\\/noticias-info-ckl-no-2779-05-04-23\\\/#primaryimage\"},\"thumbnailUrl\":\"https:\\\/\\\/cklcomunicaciones.es\\\/coop\\\/wp-content\\\/uploads\\\/2025\\\/01\\\/CKL-una-mirada-distinta-de-la-comunicacion.jpg\",\"keywords\":[\"empresas\",\"mujeres\"],\"articleSection\":[\"Newsletter\",\"Nwl v3.0\"],\"inLanguage\":\"es\"},{\"@type\":\"WebPage\",\"@id\":\"https:\\\/\\\/cklcomunicaciones.es\\\/coop\\\/noticias-info-ckl-no-2779-05-04-23\\\/\",\"url\":\"https:\\\/\\\/cklcomunicaciones.es\\\/coop\\\/noticias-info-ckl-no-2779-05-04-23\\\/\",\"name\":\"Noticias Info CKL n\u00ba 2779-05\\\/04\\\/23-Comunicar con perspectiva de g\u00e9nero\",\"isPartOf\":{\"@id\":\"https:\\\/\\\/cklcomunicaciones.es\\\/coop\\\/#website\"},\"primaryImageOfPage\":{\"@id\":\"https:\\\/\\\/cklcomunicaciones.es\\\/coop\\\/noticias-info-ckl-no-2779-05-04-23\\\/#primaryimage\"},\"image\":{\"@id\":\"https:\\\/\\\/cklcomunicaciones.es\\\/coop\\\/noticias-info-ckl-no-2779-05-04-23\\\/#primaryimage\"},\"thumbnailUrl\":\"https:\\\/\\\/cklcomunicaciones.es\\\/coop\\\/wp-content\\\/uploads\\\/2025\\\/01\\\/CKL-una-mirada-distinta-de-la-comunicacion.jpg\",\"datePublished\":\"2023-04-05T16:50:38+00:00\",\"dateModified\":\"2025-02-08T12:16:42+00:00\",\"author\":{\"@id\":\"https:\\\/\\\/cklcomunicaciones.es\\\/coop\\\/#\\\/schema\\\/person\\\/929a6837f7626450bbb50cee1aef266e\"},\"description\":\"Noticias Info CKL n\u00ba 2779-05\\\/04\\\/23 Ant\u00f3nio Guterres: Sin mujeres la ONU no podr\u00e1 operar en Afganist\u00e1n * CES ve un gran avance en la Ley de Paridad y pide m\u00e1s ambici\u00f3n en el sector p\u00fablico * Gemma Parellada, XVI Premio Internacional de Periodismo Julio Anguita Parrado * Jacinda Ardern reivindica en su despedida que se puede ser sensible y liderar\",\"breadcrumb\":{\"@id\":\"https:\\\/\\\/cklcomunicaciones.es\\\/coop\\\/noticias-info-ckl-no-2779-05-04-23\\\/#breadcrumb\"},\"inLanguage\":\"es\",\"potentialAction\":[{\"@type\":\"ReadAction\",\"target\":[\"https:\\\/\\\/cklcomunicaciones.es\\\/coop\\\/noticias-info-ckl-no-2779-05-04-23\\\/\"]}]},{\"@type\":\"ImageObject\",\"inLanguage\":\"es\",\"@id\":\"https:\\\/\\\/cklcomunicaciones.es\\\/coop\\\/noticias-info-ckl-no-2779-05-04-23\\\/#primaryimage\",\"url\":\"https:\\\/\\\/cklcomunicaciones.es\\\/coop\\\/wp-content\\\/uploads\\\/2025\\\/01\\\/CKL-una-mirada-distinta-de-la-comunicacion.jpg\",\"contentUrl\":\"https:\\\/\\\/cklcomunicaciones.es\\\/coop\\\/wp-content\\\/uploads\\\/2025\\\/01\\\/CKL-una-mirada-distinta-de-la-comunicacion.jpg\",\"width\":1482,\"height\":775,\"caption\":\"CKL - una mirada distinta de la comunicacion\"},{\"@type\":\"BreadcrumbList\",\"@id\":\"https:\\\/\\\/cklcomunicaciones.es\\\/coop\\\/noticias-info-ckl-no-2779-05-04-23\\\/#breadcrumb\",\"itemListElement\":[{\"@type\":\"ListItem\",\"position\":1,\"name\":\"Portada\",\"item\":\"https:\\\/\\\/cklcomunicaciones.es\\\/coop\\\/\"},{\"@type\":\"ListItem\",\"position\":2,\"name\":\"Noticias Info CKL n\u00ba 2779-05\\\/04\\\/23\"}]},{\"@type\":\"WebSite\",\"@id\":\"https:\\\/\\\/cklcomunicaciones.es\\\/coop\\\/#website\",\"url\":\"https:\\\/\\\/cklcomunicaciones.es\\\/coop\\\/\",\"name\":\"CKL Comunicaciones\",\"description\":\"Sitio web de CKL Comunicaciones coop , la consultora de comunicaci\u00f3n y estrategia\",\"potentialAction\":[{\"@type\":\"SearchAction\",\"target\":{\"@type\":\"EntryPoint\",\"urlTemplate\":\"https:\\\/\\\/cklcomunicaciones.es\\\/coop\\\/?s={search_term_string}\"},\"query-input\":{\"@type\":\"PropertyValueSpecification\",\"valueRequired\":true,\"valueName\":\"search_term_string\"}}],\"inLanguage\":\"es\"},{\"@type\":\"Person\",\"@id\":\"https:\\\/\\\/cklcomunicaciones.es\\\/coop\\\/#\\\/schema\\\/person\\\/929a6837f7626450bbb50cee1aef266e\",\"name\":\"ckl\",\"image\":{\"@type\":\"ImageObject\",\"inLanguage\":\"es\",\"@id\":\"https:\\\/\\\/secure.gravatar.com\\\/avatar\\\/c82db564e8a669bf6023357a157b9dc4780f4d4c618f2ad1d71a6a5dede45057?s=96&d=mm&r=g\",\"url\":\"https:\\\/\\\/secure.gravatar.com\\\/avatar\\\/c82db564e8a669bf6023357a157b9dc4780f4d4c618f2ad1d71a6a5dede45057?s=96&d=mm&r=g\",\"contentUrl\":\"https:\\\/\\\/secure.gravatar.com\\\/avatar\\\/c82db564e8a669bf6023357a157b9dc4780f4d4c618f2ad1d71a6a5dede45057?s=96&d=mm&r=g\",\"caption\":\"ckl\"},\"url\":\"https:\\\/\\\/cklcomunicaciones.es\\\/coop\\\/author\\\/cklcomunicaciones\\\/\"}]}<\/script>\n<!-- \/ Yoast SEO plugin. -->","yoast_head_json":{"title":"Noticias Info CKL n\u00ba 2779-05\/04\/23-Comunicar con perspectiva de g\u00e9nero","description":"Noticias Info CKL n\u00ba 2779-05\/04\/23 Ant\u00f3nio Guterres: Sin mujeres la ONU no podr\u00e1 operar en Afganist\u00e1n * CES ve un gran avance en la Ley de Paridad y pide m\u00e1s ambici\u00f3n en el sector p\u00fablico * Gemma Parellada, XVI Premio Internacional de Periodismo Julio Anguita Parrado * Jacinda Ardern reivindica en su despedida que se puede ser sensible y liderar","robots":{"index":"index","follow":"follow","max-snippet":"max-snippet:-1","max-image-preview":"max-image-preview:large","max-video-preview":"max-video-preview:-1"},"canonical":"https:\/\/cklcomunicaciones.es\/coop\/noticias-info-ckl-no-2779-05-04-23\/","og_locale":"es_ES","og_type":"article","og_title":"Noticias Info CKL n\u00ba 2779-05\/04\/23-Comunicar con perspectiva de g\u00e9nero","og_description":"Noticias Info CKL n\u00ba 2779-05\/04\/23 Ant\u00f3nio Guterres: Sin mujeres la ONU no podr\u00e1 operar en Afganist\u00e1n * CES ve un gran avance en la Ley de Paridad y pide m\u00e1s ambici\u00f3n en el sector p\u00fablico * Gemma Parellada, XVI Premio Internacional de Periodismo Julio Anguita Parrado * Jacinda Ardern reivindica en su despedida que se puede ser sensible y liderar","og_url":"https:\/\/cklcomunicaciones.es\/coop\/noticias-info-ckl-no-2779-05-04-23\/","og_site_name":"CKL Comunicaciones","article_published_time":"2023-04-05T16:50:38+00:00","article_modified_time":"2025-02-08T12:16:42+00:00","og_image":[{"width":1482,"height":775,"url":"https:\/\/cklcomunicaciones.es\/coop\/wp-content\/uploads\/2025\/01\/CKL-una-mirada-distinta-de-la-comunicacion.jpg","type":"image\/jpeg"}],"author":"ckl","twitter_card":"summary_large_image","twitter_misc":{"Escrito por":"ckl","Tiempo de lectura":"6 minutos"},"schema":{"@context":"https:\/\/schema.org","@graph":[{"@type":"Article","@id":"https:\/\/cklcomunicaciones.es\/coop\/noticias-info-ckl-no-2779-05-04-23\/#article","isPartOf":{"@id":"https:\/\/cklcomunicaciones.es\/coop\/noticias-info-ckl-no-2779-05-04-23\/"},"author":{"name":"ckl","@id":"https:\/\/cklcomunicaciones.es\/coop\/#\/schema\/person\/929a6837f7626450bbb50cee1aef266e"},"headline":"Noticias Info CKL n\u00ba 2779-05\/04\/23","datePublished":"2023-04-05T16:50:38+00:00","dateModified":"2025-02-08T12:16:42+00:00","mainEntityOfPage":{"@id":"https:\/\/cklcomunicaciones.es\/coop\/noticias-info-ckl-no-2779-05-04-23\/"},"wordCount":1347,"image":{"@id":"https:\/\/cklcomunicaciones.es\/coop\/noticias-info-ckl-no-2779-05-04-23\/#primaryimage"},"thumbnailUrl":"https:\/\/cklcomunicaciones.es\/coop\/wp-content\/uploads\/2025\/01\/CKL-una-mirada-distinta-de-la-comunicacion.jpg","keywords":["empresas","mujeres"],"articleSection":["Newsletter","Nwl v3.0"],"inLanguage":"es"},{"@type":"WebPage","@id":"https:\/\/cklcomunicaciones.es\/coop\/noticias-info-ckl-no-2779-05-04-23\/","url":"https:\/\/cklcomunicaciones.es\/coop\/noticias-info-ckl-no-2779-05-04-23\/","name":"Noticias Info CKL n\u00ba 2779-05\/04\/23-Comunicar con perspectiva de g\u00e9nero","isPartOf":{"@id":"https:\/\/cklcomunicaciones.es\/coop\/#website"},"primaryImageOfPage":{"@id":"https:\/\/cklcomunicaciones.es\/coop\/noticias-info-ckl-no-2779-05-04-23\/#primaryimage"},"image":{"@id":"https:\/\/cklcomunicaciones.es\/coop\/noticias-info-ckl-no-2779-05-04-23\/#primaryimage"},"thumbnailUrl":"https:\/\/cklcomunicaciones.es\/coop\/wp-content\/uploads\/2025\/01\/CKL-una-mirada-distinta-de-la-comunicacion.jpg","datePublished":"2023-04-05T16:50:38+00:00","dateModified":"2025-02-08T12:16:42+00:00","author":{"@id":"https:\/\/cklcomunicaciones.es\/coop\/#\/schema\/person\/929a6837f7626450bbb50cee1aef266e"},"description":"Noticias Info CKL n\u00ba 2779-05\/04\/23 Ant\u00f3nio Guterres: Sin mujeres la ONU no podr\u00e1 operar en Afganist\u00e1n * CES ve un gran avance en la Ley de Paridad y pide m\u00e1s ambici\u00f3n en el sector p\u00fablico * Gemma Parellada, XVI Premio Internacional de Periodismo Julio Anguita Parrado * Jacinda Ardern reivindica en su despedida que se puede ser sensible y liderar","breadcrumb":{"@id":"https:\/\/cklcomunicaciones.es\/coop\/noticias-info-ckl-no-2779-05-04-23\/#breadcrumb"},"inLanguage":"es","potentialAction":[{"@type":"ReadAction","target":["https:\/\/cklcomunicaciones.es\/coop\/noticias-info-ckl-no-2779-05-04-23\/"]}]},{"@type":"ImageObject","inLanguage":"es","@id":"https:\/\/cklcomunicaciones.es\/coop\/noticias-info-ckl-no-2779-05-04-23\/#primaryimage","url":"https:\/\/cklcomunicaciones.es\/coop\/wp-content\/uploads\/2025\/01\/CKL-una-mirada-distinta-de-la-comunicacion.jpg","contentUrl":"https:\/\/cklcomunicaciones.es\/coop\/wp-content\/uploads\/2025\/01\/CKL-una-mirada-distinta-de-la-comunicacion.jpg","width":1482,"height":775,"caption":"CKL - una mirada distinta de la comunicacion"},{"@type":"BreadcrumbList","@id":"https:\/\/cklcomunicaciones.es\/coop\/noticias-info-ckl-no-2779-05-04-23\/#breadcrumb","itemListElement":[{"@type":"ListItem","position":1,"name":"Portada","item":"https:\/\/cklcomunicaciones.es\/coop\/"},{"@type":"ListItem","position":2,"name":"Noticias Info CKL n\u00ba 2779-05\/04\/23"}]},{"@type":"WebSite","@id":"https:\/\/cklcomunicaciones.es\/coop\/#website","url":"https:\/\/cklcomunicaciones.es\/coop\/","name":"CKL Comunicaciones","description":"Sitio web de CKL Comunicaciones coop , la consultora de comunicaci\u00f3n y estrategia","potentialAction":[{"@type":"SearchAction","target":{"@type":"EntryPoint","urlTemplate":"https:\/\/cklcomunicaciones.es\/coop\/?s={search_term_string}"},"query-input":{"@type":"PropertyValueSpecification","valueRequired":true,"valueName":"search_term_string"}}],"inLanguage":"es"},{"@type":"Person","@id":"https:\/\/cklcomunicaciones.es\/coop\/#\/schema\/person\/929a6837f7626450bbb50cee1aef266e","name":"ckl","image":{"@type":"ImageObject","inLanguage":"es","@id":"https:\/\/secure.gravatar.com\/avatar\/c82db564e8a669bf6023357a157b9dc4780f4d4c618f2ad1d71a6a5dede45057?s=96&d=mm&r=g","url":"https:\/\/secure.gravatar.com\/avatar\/c82db564e8a669bf6023357a157b9dc4780f4d4c618f2ad1d71a6a5dede45057?s=96&d=mm&r=g","contentUrl":"https:\/\/secure.gravatar.com\/avatar\/c82db564e8a669bf6023357a157b9dc4780f4d4c618f2ad1d71a6a5dede45057?s=96&d=mm&r=g","caption":"ckl"},"url":"https:\/\/cklcomunicaciones.es\/coop\/author\/cklcomunicaciones\/"}]}},"_links":{"self":[{"href":"https:\/\/cklcomunicaciones.es\/coop\/wp-json\/wp\/v2\/posts\/19650","targetHints":{"allow":["GET"]}}],"collection":[{"href":"https:\/\/cklcomunicaciones.es\/coop\/wp-json\/wp\/v2\/posts"}],"about":[{"href":"https:\/\/cklcomunicaciones.es\/coop\/wp-json\/wp\/v2\/types\/post"}],"author":[{"embeddable":true,"href":"https:\/\/cklcomunicaciones.es\/coop\/wp-json\/wp\/v2\/users\/3"}],"replies":[{"embeddable":true,"href":"https:\/\/cklcomunicaciones.es\/coop\/wp-json\/wp\/v2\/comments?post=19650"}],"version-history":[{"count":0,"href":"https:\/\/cklcomunicaciones.es\/coop\/wp-json\/wp\/v2\/posts\/19650\/revisions"}],"wp:featuredmedia":[{"embeddable":true,"href":"https:\/\/cklcomunicaciones.es\/coop\/wp-json\/wp\/v2\/media\/22909"}],"wp:attachment":[{"href":"https:\/\/cklcomunicaciones.es\/coop\/wp-json\/wp\/v2\/media?parent=19650"}],"wp:term":[{"taxonomy":"category","embeddable":true,"href":"https:\/\/cklcomunicaciones.es\/coop\/wp-json\/wp\/v2\/categories?post=19650"},{"taxonomy":"post_tag","embeddable":true,"href":"https:\/\/cklcomunicaciones.es\/coop\/wp-json\/wp\/v2\/tags?post=19650"}],"curies":[{"name":"wp","href":"https:\/\/api.w.org\/{rel}","templated":true}]}}