{"id":19191,"date":"2023-03-09T14:09:46","date_gmt":"2023-03-09T13:09:46","guid":{"rendered":"https:\/\/www.cklcomunicaciones.es\/?p=19191"},"modified":"2025-02-08T14:25:49","modified_gmt":"2025-02-08T13:25:49","slug":"noticias-info-ckl-no-2770-09-03-23","status":"publish","type":"post","link":"https:\/\/cklcomunicaciones.es\/coop\/noticias-info-ckl-no-2770-09-03-23\/","title":{"rendered":"Noticias Info CKL n\u00ba 2770-09\/03\/23"},"content":{"rendered":"<div class=\"fusion-fullwidth fullwidth-box fusion-builder-row-1 fusion-flex-container nonhundred-percent-fullwidth non-hundred-percent-height-scrolling\" style=\"--awb-border-radius-top-left:0px;--awb-border-radius-top-right:0px;--awb-border-radius-bottom-right:0px;--awb-border-radius-bottom-left:0px;--awb-flex-wrap:wrap;\" ><div class=\"fusion-builder-row fusion-row fusion-flex-align-items-flex-start fusion-flex-content-wrap\" style=\"max-width:1248px;margin-left: calc(-4% \/ 2 );margin-right: calc(-4% \/ 2 );\"><div class=\"fusion-layout-column fusion_builder_column fusion-builder-column-0 fusion_builder_column_1_1 1_1 fusion-flex-column\" style=\"--awb-bg-blend:overlay;--awb-bg-size:cover;--awb-width-large:100%;--awb-margin-top-large:0px;--awb-spacing-right-large:1.92%;--awb-margin-bottom-large:0px;--awb-spacing-left-large:1.92%;--awb-width-medium:100%;--awb-spacing-right-medium:1.92%;--awb-spacing-left-medium:1.92%;--awb-width-small:100%;--awb-spacing-right-small:1.92%;--awb-spacing-left-small:1.92%;\"><div class=\"fusion-column-wrapper fusion-flex-justify-content-flex-start fusion-content-layout-column\"><div class=\"fusion-text fusion-text-1\"><div id=\"\" class=\"lsow-panel lsow-active\">\n<h1 class=\"lsow-panel-title\">Convocatorias<\/h1>\n<div class=\"lsow-panel-content\">\n<ul>\n<li><span lang=\"es-ES\"><a href=\"http:\/\/www.juntadeandalucia.es\/iam\/catalogo\/doc\/convocatorias\/2023-genero\/SE-Taller-Conectadas-cepaim.pdf\" target=\"_blank\" rel=\"noopener\" data-saferedirecturl=\"https:\/\/www.google.com\/url?q=http:\/\/www.juntadeandalucia.es\/iam\/catalogo\/doc\/convocatorias\/2023-genero\/SE-Taller-Conectadas-cepaim.pdf&amp;source=gmail&amp;ust=1678354899025000&amp;usg=AOvVaw0BWDsNsjDITHpTIqUpRX_F\">Taller\u00a0<\/a><a href=\"http:\/\/www.juntadeandalucia.es\/iam\/catalogo\/doc\/convocatorias\/2023-genero\/SE-Taller-Conectadas-cepaim.pdf\" target=\"_blank\" rel=\"noopener\" data-saferedirecturl=\"https:\/\/www.google.com\/url?q=http:\/\/www.juntadeandalucia.es\/iam\/catalogo\/doc\/convocatorias\/2023-genero\/SE-Taller-Conectadas-cepaim.pdf&amp;source=gmail&amp;ust=1678354899025000&amp;usg=AOvVaw0BWDsNsjDITHpTIqUpRX_F\">Conectad@s\u00a0<\/a><a href=\"http:\/\/www.juntadeandalucia.es\/iam\/catalogo\/doc\/convocatorias\/2023-genero\/SE-Taller-Conectadas-cepaim.pdf\" target=\"_blank\" rel=\"noopener\" data-saferedirecturl=\"https:\/\/www.google.com\/url?q=http:\/\/www.juntadeandalucia.es\/iam\/catalogo\/doc\/convocatorias\/2023-genero\/SE-Taller-Conectadas-cepaim.pdf&amp;source=gmail&amp;ust=1678354899025000&amp;usg=AOvVaw0BWDsNsjDITHpTIqUpRX_F\">\u2018Desarrollo de competencias digitales y prevenci\u00f3n de violencias en l\u00ednea\u2019<\/a>. Fundaci\u00f3n CEPAIM. Del 13 al 17 de marzo (15 horas).\u00a0<\/span><a href=\"https:\/\/forms.gle\/G6qPsQxHYgsFUri99\" target=\"_blank\" rel=\"noopener\" data-saferedirecturl=\"https:\/\/www.google.com\/url?q=https:\/\/forms.gle\/G6qPsQxHYgsFUri99&amp;source=gmail&amp;ust=1678354899025000&amp;usg=AOvVaw0B1YBCTaeMaNcwiBe37kXE\">Inscripciones<\/a><\/li>\n<li><a href=\"http:\/\/mujereslobby.org\/events\/xxxiii-feminario\/\" target=\"_blank\" rel=\"noopener\" data-saferedirecturl=\"https:\/\/www.google.com\/url?q=http:\/\/mujereslobby.org\/events\/xxxiii-feminario\/&amp;source=gmail&amp;ust=1678435189532000&amp;usg=AOvVaw3owVuJAoi2OqPW4B8k5qXI\">XXXII Feminario \u2018Prevenci\u00f3n, formaci\u00f3n y sensibilizaci\u00f3n para llegar a la ra\u00edz de la violencia estructural contra las mujeres\u2019<\/a>. Plataforma Andaluza de Apoyo al Lobby Europeo de Mujeres. 31 de\u00a0marzo y 1 de\u00a0abril.\u00a0<a href=\"https:\/\/docs.google.com\/forms\/d\/e\/1FAIpQLSc_Qtm-OTpqEdi0zEyLkWmgESDv0_M5iaymDGXtTskb6NieHw\/viewform\" target=\"_blank\" rel=\"noopener\" data-saferedirecturl=\"https:\/\/www.google.com\/url?q=https:\/\/docs.google.com\/forms\/d\/e\/1FAIpQLSc_Qtm-OTpqEdi0zEyLkWmgESDv0_M5iaymDGXtTskb6NieHw\/viewform&amp;source=gmail&amp;ust=1678435189532000&amp;usg=AOvVaw2Clxmn2vqdTfxH7JIjQ7iy\">Inscripciones<\/a>\u00a0(hasta\u00a0el 14 de marzo)<\/li>\n<li><a href=\"https:\/\/cicus.us.es\/mesmujersimone\/\" target=\"_blank\" rel=\"noopener\" data-saferedirecturl=\"https:\/\/www.google.com\/url?q=https:\/\/cicus.us.es\/mesmujersimone\/&amp;source=gmail&amp;ust=1678435189532000&amp;usg=AOvVaw2o_clUmj50MhGLcJ8hQv-v\">Proyecci\u00f3n de \u2018Simone, la mujer del siglo\u2019<\/a>. Centro de Iniciativas Culturales de la Universidad de Sevilla -CICUS-. 30 de marzo a las 19 h.<\/li>\n<li><a href=\"http:\/\/www.juntadeandalucia.es\/iam\/catalogo\/doc\/convocatorias\/2023-genero\/SE-presentacion-libro-sur-fundacionmariafulmen.jpg\" target=\"_blank\" rel=\"noopener prettyPhoto&#091;19191&#093;\" data-saferedirecturl=\"https:\/\/www.google.com\/url?q=http:\/\/www.juntadeandalucia.es\/iam\/catalogo\/doc\/convocatorias\/2023-genero\/SE-presentacion-libro-sur-fundacionmariafulmen.jpg&amp;source=gmail&amp;ust=1678453037170000&amp;usg=AOvVaw34f-UPUTjh2xvSKn5OEwlT\">Presentaci\u00f3n del libro \u2018Sur\u2019, de varias autoras<\/a>. Fundaci\u00f3n Mar\u00eda Fulmen. 17 de marzo a las 19:30 h.<\/li>\n<\/ul>\n<\/div>\n<\/div>\n<div id=\"\" class=\"lsow-panel lsow-active\">\n<h1 class=\"lsow-panel-title\">Comunicaci\u00f3n, Publicidad y TICs<\/h1>\n<div class=\"lsow-panel-content\">\n<p><a href=\"https:\/\/www.google.com\/url?rct=j&amp;sa=t&amp;url=https:\/\/www.ondacero.es\/emisoras\/andalucia\/sevilla\/noticias\/fundacion-atremedia-recibe-premio-honor-carmen-olmedo-junta-andalucia_20230307640764e488ee0500014e7216.html&amp;ct=ga&amp;cd=CAEYHyoTMTc2MTA1MjcwMDQ2MDc4MTc4MTIZYzAzNzJlYmMyZmVhZGE1OTplczplczpFUw&amp;usg=AOvVaw2I81IVDxIoNjFaiDCm5w4E\" target=\"_blank\" rel=\"noopener\" data-saferedirecturl=\"https:\/\/www.google.com\/url?hl=es&amp;q=https:\/\/www.google.com\/url?rct%3Dj%26sa%3Dt%26url%3Dhttps:\/\/www.ondacero.es\/emisoras\/andalucia\/sevilla\/noticias\/fundacion-atremedia-recibe-premio-honor-carmen-olmedo-junta-andalucia_20230307640764e488ee0500014e7216.html%26ct%3Dga%26cd%3DCAEYHyoTMTc2MTA1MjcwMDQ2MDc4MTc4MTIZYzAzNzJlYmMyZmVhZGE1OTplczplczpFUw%26usg%3DAOvVaw2I81IVDxIoNjFaiDCm5w4E&amp;source=gmail&amp;ust=1678359573366000&amp;usg=AOvVaw2LUAaHOWbu8UlCiL87gciO\">La Fundaci\u00f3n Atresmedia recibe el premio de honor &#8216;Carmen Olmedo&#8217; de la Junta de Andaluc\u00eda-\u00a0<\/a>o<a>ndacero<br \/>\n<\/a><a href=\"https:\/\/www.google.com\/url?rct=j&amp;sa=t&amp;url=https:\/\/www.elforodeceuta.es\/dia-internacional-de-la-mujer-la-fep-defiende-la-seguridad-de-las-mujeres-periodistas\/&amp;ct=ga&amp;cd=CAEYHyoTNDkyNTkyMjQ4NTE3MjkwNDE3NTIZNTlkNzgxNzEzNmEyZDAyODplczplczpFUw&amp;usg=AOvVaw0wdKNA5C1NCMbrxgO9lQrT\" target=\"_blank\" rel=\"noopener\" data-saferedirecturl=\"https:\/\/www.google.com\/url?hl=es&amp;q=https:\/\/www.google.com\/url?rct%3Dj%26sa%3Dt%26url%3Dhttps:\/\/www.elforodeceuta.es\/dia-internacional-de-la-mujer-la-fep-defiende-la-seguridad-de-las-mujeres-periodistas\/%26ct%3Dga%26cd%3DCAEYHyoTNDkyNTkyMjQ4NTE3MjkwNDE3NTIZNTlkNzgxNzEzNmEyZDAyODplczplczpFUw%26usg%3DAOvVaw0wdKNA5C1NCMbrxgO9lQrT&amp;source=gmail&amp;ust=1678447046141000&amp;usg=AOvVaw195mPv4jIcDtcssVeRizqs\">D\u00eda Internacional de la Mujer: la FEP defiende la seguridad de las mujeres periodistas-\u00a0<\/a><a>El Foro de Ceuta<br \/>\n<\/a><a href=\"https:\/\/www.google.com\/url?rct=j&amp;sa=t&amp;url=https:\/\/www.telam.com.ar\/notas\/202303\/621844-guia-violencia-de-genero-8m-medios-de-comunicacion.html&amp;ct=ga&amp;cd=CAEYACoTODQyOTI2Mzg4MjUzOTk3NzgxNDIZZTJkZWZhN2Q1ZGE5MTU3ZDplczplczpFUw&amp;usg=AOvVaw36VbPFZc13Ucf_Rqp8DwhW\" target=\"_blank\" rel=\"noopener\" data-saferedirecturl=\"https:\/\/www.google.com\/url?q=https:\/\/www.google.com\/url?rct%3Dj%26sa%3Dt%26url%3Dhttps:\/\/www.telam.com.ar\/notas\/202303\/621844-guia-violencia-de-genero-8m-medios-de-comunicacion.html%26ct%3Dga%26cd%3DCAEYACoTODQyOTI2Mzg4MjUzOTk3NzgxNDIZZTJkZWZhN2Q1ZGE5MTU3ZDplczplczpFUw%26usg%3DAOvVaw36VbPFZc13Ucf_Rqp8DwhW&amp;source=gmail&amp;ust=1678354895765000&amp;usg=AOvVaw2QtdXfXXcGRF2NyDhJ8zMQ\">Presentaron una gu\u00eda sobre violencia de g\u00e9nero digital y el rol de los medios de comunicaci\u00f3n-\u00a0<\/a><a>T\u00e9lam<br \/>\n<\/a><a href=\"https:\/\/www.google.com\/url?rct=j&amp;sa=t&amp;url=https:\/\/www.nuevatribuna.es\/articulo\/sociedad\/mujeres-hombres-publicidad-estereotipos-genero\/20230307180548209279.html&amp;ct=ga&amp;cd=CAEYAioTODQyOTI2Mzg4MjUzOTk3NzgxNDIZZTJkZWZhN2Q1ZGE5MTU3ZDplczplczpFUw&amp;usg=AOvVaw3iUa6I6a7crDN8dDSWgtab\" target=\"_blank\" rel=\"noopener\" data-saferedirecturl=\"https:\/\/www.google.com\/url?q=https:\/\/www.google.com\/url?rct%3Dj%26sa%3Dt%26url%3Dhttps:\/\/www.nuevatribuna.es\/articulo\/sociedad\/mujeres-hombres-publicidad-estereotipos-genero\/20230307180548209279.html%26ct%3Dga%26cd%3DCAEYAioTODQyOTI2Mzg4MjUzOTk3NzgxNDIZZTJkZWZhN2Q1ZGE5MTU3ZDplczplczpFUw%26usg%3DAOvVaw3iUa6I6a7crDN8dDSWgtab&amp;source=gmail&amp;ust=1678354895766000&amp;usg=AOvVaw0ND-scnSe6GKaO7q8yhQzq\">Mujeres y hombres en la publicidad: persisten los estereotipos de g\u00e9nero &#8211;\u00a0<\/a><a>Nueva Tribuna<br \/>\n<\/a><a href=\"https:\/\/www.google.com\/url?rct=j&amp;sa=t&amp;url=https:\/\/www.tribunasalamanca.com\/noticias\/323801\/facua-busca-el-anuncio-mas-machista-de-2022-estos-son-los-candidatos&amp;ct=ga&amp;cd=CAEYACoUMTM0NzMwOTU1NDA4MDk1NzYzMzAyGWUyZGVmYTdkNWRhOTE1N2Q6ZXM6ZXM6RVM&amp;usg=AOvVaw2HubUZGfTMBEdhVnrjfUuB\" target=\"_blank\" rel=\"noopener\" data-saferedirecturl=\"https:\/\/www.google.com\/url?q=https:\/\/www.google.com\/url?rct%3Dj%26sa%3Dt%26url%3Dhttps:\/\/www.tribunasalamanca.com\/noticias\/323801\/facua-busca-el-anuncio-mas-machista-de-2022-estos-son-los-candidatos%26ct%3Dga%26cd%3DCAEYACoUMTM0NzMwOTU1NDA4MDk1NzYzMzAyGWUyZGVmYTdkNWRhOTE1N2Q6ZXM6ZXM6RVM%26usg%3DAOvVaw2HubUZGfTMBEdhVnrjfUuB&amp;source=gmail&amp;ust=1678439914164000&amp;usg=AOvVaw2_RvkFTm5ZbnLPG6JkvLs2\">Facua busca el anuncio m\u00e1s machista de 2022: estos son los candidatos &#8211;\u00a0<\/a><a>Tribuna Salamanca<br \/>\n<\/a><a href=\"https:\/\/www.google.com\/url?rct=j&amp;sa=t&amp;url=https:\/\/www.educaweb.com\/noticia\/2023\/03\/07\/mujeres-tic-aspectos-mejorar-su-formacion-empleo-21159\/&amp;ct=ga&amp;cd=CAEYACoUMTMwMTcxMjc1NjAxMDg1Nzk4OTcyGWUxZTc3ZDE1NjA5OGE4ZTM6ZXM6ZXM6RVM&amp;usg=AOvVaw1Z9_Bup_sEUvmGyyYUQ23h\" target=\"_blank\" rel=\"noopener\" data-saferedirecturl=\"https:\/\/www.google.com\/url?q=https:\/\/www.google.com\/url?rct%3Dj%26sa%3Dt%26url%3Dhttps:\/\/www.educaweb.com\/noticia\/2023\/03\/07\/mujeres-tic-aspectos-mejorar-su-formacion-empleo-21159\/%26ct%3Dga%26cd%3DCAEYACoUMTMwMTcxMjc1NjAxMDg1Nzk4OTcyGWUxZTc3ZDE1NjA5OGE4ZTM6ZXM6ZXM6RVM%26usg%3DAOvVaw1Z9_Bup_sEUvmGyyYUQ23h&amp;source=gmail&amp;ust=1678354897395000&amp;usg=AOvVaw0LHvophCmsiGn1Z3YKwIfo\">Mujeres en las TIC: aspectos por mejorar en su formaci\u00f3n y empleo &#8211;\u00a0<\/a><a>Educaweb<br \/>\n<\/a><a href=\"https:\/\/www.google.com\/url?rct=j&amp;sa=t&amp;url=https:\/\/www.dianova.org\/es\/opinion-es\/es-la-tecnologia-digital-un-motor-o-un-obstaculo-para-la-igualdad-de-genero\/&amp;ct=ga&amp;cd=CAEYACoTMzMzNjk4MzExODE0NDE5ODM3NDIZZTFlNzdkMTU2MDk4YThlMzplczplczpFUw&amp;usg=AOvVaw1aIsQ4pyyAOImSpF-Dn5oh\" target=\"_blank\" rel=\"noopener\" data-saferedirecturl=\"https:\/\/www.google.com\/url?q=https:\/\/www.google.com\/url?rct%3Dj%26sa%3Dt%26url%3Dhttps:\/\/www.dianova.org\/es\/opinion-es\/es-la-tecnologia-digital-un-motor-o-un-obstaculo-para-la-igualdad-de-genero\/%26ct%3Dga%26cd%3DCAEYACoTMzMzNjk4MzExODE0NDE5ODM3NDIZZTFlNzdkMTU2MDk4YThlMzplczplczpFUw%26usg%3DAOvVaw1aIsQ4pyyAOImSpF-Dn5oh&amp;source=gmail&amp;ust=1678435188361000&amp;usg=AOvVaw2hRb1E8IFnz7SJyUXCujvj\">Es la\u00a0tecnolog\u00eda\u00a0digital un motor o un obst\u00e1culo para la igualdad de\u00a0g\u00e9nero? &#8211;\u00a0<\/a><a>Dianova International<br \/>\n<\/a><a href=\"https:\/\/www.google.com\/url?rct=j&amp;sa=t&amp;url=https:\/\/www.frikipandi.com\/tecnologia\/20230308\/espana-es-el-cuarto-pais-de-la-union-europea-mas-afectado-por-stalkerware\/&amp;ct=ga&amp;cd=CAEYCCoUMTAzMDUxMTgxOTQ5ODg0MzE0OTUyGWUyZGVmYTdkNWRhOTE1N2Q6ZXM6ZXM6RVM&amp;usg=AOvVaw0BURn9w7J_Mdn9Hq7O18UZ\" target=\"_blank\" rel=\"noopener\" data-saferedirecturl=\"https:\/\/www.google.com\/url?q=https:\/\/www.google.com\/url?rct%3Dj%26sa%3Dt%26url%3Dhttps:\/\/www.frikipandi.com\/tecnologia\/20230308\/espana-es-el-cuarto-pais-de-la-union-europea-mas-afectado-por-stalkerware\/%26ct%3Dga%26cd%3DCAEYCCoUMTAzMDUxMTgxOTQ5ODg0MzE0OTUyGWUyZGVmYTdkNWRhOTE1N2Q6ZXM6ZXM6RVM%26usg%3DAOvVaw0BURn9w7J_Mdn9Hq7O18UZ&amp;source=gmail&amp;ust=1678435188283000&amp;usg=AOvVaw1wNEisgkZi-FEVLEjWgWx3\">Espa\u00f1a es el cuarto pa\u00eds de la Uni\u00f3n Europea m\u00e1s afectado por stalkerware &#8211;\u00a0<\/a><a>Frikipandi<\/a><\/p>\n<\/div>\n<\/div>\n<div id=\"\" class=\"lsow-panel lsow-active\">\n<h1 class=\"lsow-panel-title\">Andaluc\u00eda<\/h1>\n<div class=\"lsow-panel-content\">\n<div class=\"source set_top\">\n<div data-priority=\"2\" aria-hidden=\"true\">\n<p><strong>Institucional<br \/>\n<\/strong><a href=\"https:\/\/www.google.com\/url?rct=j&amp;sa=t&amp;url=https:\/\/www.juntadeandalucia.es\/presidencia\/portavoz\/social\/180417\/JuntadeAndalucia\/ConsejeriadeInclusionSocialJuventudFamiliaseIgualdad\/loleslopez\/igualdad\/justicia\/Avenir&amp;ct=ga&amp;cd=CAEYACoUMTU2MDg4MjI0MzU2NDczODIyNzYyGzlhYjFjZGQ3ZTM2NmVmMzg6ZXM6ZXM6RVM6Ug&amp;usg=AOvVaw0YwR452qqUzZ_aq6Cd5bbt\" target=\"_blank\" rel=\"noopener\" data-saferedirecturl=\"https:\/\/www.google.com\/url?q=https:\/\/www.google.com\/url?rct%3Dj%26sa%3Dt%26url%3Dhttps:\/\/www.juntadeandalucia.es\/presidencia\/portavoz\/social\/180417\/JuntadeAndalucia\/ConsejeriadeInclusionSocialJuventudFamiliaseIgualdad\/loleslopez\/igualdad\/justicia\/Avenir%26ct%3Dga%26cd%3DCAEYACoUMTU2MDg4MjI0MzU2NDczODIyNzYyGzlhYjFjZGQ3ZTM2NmVmMzg6ZXM6ZXM6RVM6Ug%26usg%3DAOvVaw0YwR452qqUzZ_aq6Cd5bbt&amp;source=gmail&amp;ust=1678354897583000&amp;usg=AOvVaw2axltLEXqL_IIoF-JrTTrm\">Loles L\u00f3pez subraya que \u00absin igualdad no hay justicia\u00bb y apela a la unidad para seguir avanzando-\u00a0<\/a><a>Junta de Andaluc\u00eda<br \/>\n<\/a><a href=\"https:\/\/www.google.com\/url?rct=j&amp;sa=t&amp;url=https:\/\/www.europapress.es\/andalucia\/noticia-famp-8m-famp-apuesta-papel-decisivo-mujeres-administracion-local-andaluza-motivo-8m-20230307131011.html&amp;ct=ga&amp;cd=CAEYCSoUMTMwMTcxMjc1NjAxMDg1Nzk4OTcyGWUxZTc3ZDE1NjA5OGE4ZTM6ZXM6ZXM6RVM&amp;usg=AOvVaw1eDrMTDvcN1_H3VnXJy0i5\" target=\"_blank\" rel=\"noopener\" data-saferedirecturl=\"https:\/\/www.google.com\/url?q=https:\/\/www.google.com\/url?rct%3Dj%26sa%3Dt%26url%3Dhttps:\/\/www.europapress.es\/andalucia\/noticia-famp-8m-famp-apuesta-papel-decisivo-mujeres-administracion-local-andaluza-motivo-8m-20230307131011.html%26ct%3Dga%26cd%3DCAEYCSoUMTMwMTcxMjc1NjAxMDg1Nzk4OTcyGWUxZTc3ZDE1NjA5OGE4ZTM6ZXM6ZXM6RVM%26usg%3DAOvVaw1eDrMTDvcN1_H3VnXJy0i5&amp;source=gmail&amp;ust=1678354897397000&amp;usg=AOvVaw1XxclSwivJH6j6Ut0ybQme\">FAMP apuesta por el papel decisivo de las mujeres en la administraci\u00f3n local &#8230;-\u00a0<\/a><a>Europa Press<\/a><\/p>\n<p><strong>Econom\u00eda y Empresa<br \/>\n<\/strong><a href=\"https:\/\/www.google.com\/url?rct=j&amp;sa=t&amp;url=https:\/\/www.andaluciarural.org\/proyectos-de-cooperacion-leader-sobre-igualdad-de-genero-en-un-8-de-marzo-rural\/&amp;ct=ga&amp;cd=CAEYACoUMTc3MjUwOTM2MDY2NDcyNTE5MjgyGTU5ZDc4MTcxMzZhMmQwMjg6ZXM6ZXM6RVM&amp;usg=AOvVaw3-x7KR4u4_OmTW94Q7pkRf\" target=\"_blank\" rel=\"noopener\" data-saferedirecturl=\"https:\/\/www.google.com\/url?q=https:\/\/www.google.com\/url?rct%3Dj%26sa%3Dt%26url%3Dhttps:\/\/www.andaluciarural.org\/proyectos-de-cooperacion-leader-sobre-igualdad-de-genero-en-un-8-de-marzo-rural\/%26ct%3Dga%26cd%3DCAEYACoUMTc3MjUwOTM2MDY2NDcyNTE5MjgyGTU5ZDc4MTcxMzZhMmQwMjg6ZXM6ZXM6RVM%26usg%3DAOvVaw3-x7KR4u4_OmTW94Q7pkRf&amp;source=gmail&amp;ust=1678354896147000&amp;usg=AOvVaw0qsqDZ664mj6b1Funz49W7\">Proyectos de\u00a0cooperaci\u00f3n\u00a0LEADER sobre igualdad de\u00a0g\u00e9nero en un 8 de marzo rural-\u00a0<\/a><a>Asociaci\u00f3n para el Desarrollo Rural de Andaluc\u00eda<br \/>\n<\/a><a href=\"https:\/\/www.google.com\/url?rct=j&amp;sa=t&amp;url=https:\/\/www.juntadeandalucia.es\/presidencia\/portavoz\/economiayempleo\/180439\/Autonomas\/8M\/RocioBlanco\/TrabajoAutonomo\/cuotacero\/ConsejeriadeEmpleo&amp;ct=ga&amp;cd=CAEYACoSODU5ODExNTU3ODUzNjkyMzgzMhlkNzhlNTg3NWEwZjFmMmFjOmVzOmVzOkVT&amp;usg=AOvVaw2ulSUjcNdpyLdV7RRHZRAG\" target=\"_blank\" rel=\"noopener\" data-saferedirecturl=\"https:\/\/www.google.com\/url?q=https:\/\/www.google.com\/url?rct%3Dj%26sa%3Dt%26url%3Dhttps:\/\/www.juntadeandalucia.es\/presidencia\/portavoz\/economiayempleo\/180439\/Autonomas\/8M\/RocioBlanco\/TrabajoAutonomo\/cuotacero\/ConsejeriadeEmpleo%26ct%3Dga%26cd%3DCAEYACoSODU5ODExNTU3ODUzNjkyMzgzMhlkNzhlNTg3NWEwZjFmMmFjOmVzOmVzOkVT%26usg%3DAOvVaw2ulSUjcNdpyLdV7RRHZRAG&amp;source=gmail&amp;ust=1678435186091000&amp;usg=AOvVaw2AP633ugzzt5u2cCiOZ_Jl\">Andaluc\u00eda bonificar\u00e1 dos a\u00f1os la cuota de las aut\u00f3nomas reincorporadas tras cesar por maternidad-\u00a0<\/a><a>Junta de Andaluc\u00eda<br \/>\n<\/a><a href=\"https:\/\/www.google.com\/url?rct=j&amp;sa=t&amp;url=https:\/\/www.lavanguardia.com\/vida\/20230308\/8810450\/andalucia-emprende-impulsa-20-000-empresas-creadas-mujeres-2019.html&amp;ct=ga&amp;cd=CAEYBioSODU5ODExNTU3ODUzNjkyMzgzMhlkNzhlNTg3NWEwZjFmMmFjOmVzOmVzOkVT&amp;usg=AOvVaw1exUpEI4Flbh_da4uPGUeO\" target=\"_blank\" rel=\"noopener\" data-saferedirecturl=\"https:\/\/www.google.com\/url?q=https:\/\/www.google.com\/url?rct%3Dj%26sa%3Dt%26url%3Dhttps:\/\/www.lavanguardia.com\/vida\/20230308\/8810450\/andalucia-emprende-impulsa-20-000-empresas-creadas-mujeres-2019.html%26ct%3Dga%26cd%3DCAEYBioSODU5ODExNTU3ODUzNjkyMzgzMhlkNzhlNTg3NWEwZjFmMmFjOmVzOmVzOkVT%26usg%3DAOvVaw1exUpEI4Flbh_da4uPGUeO&amp;source=gmail&amp;ust=1678435186093000&amp;usg=AOvVaw0rUEfTZFVlAZW3JqI6LP_v\">Andaluc\u00eda Emprende impulsa 20.000 empresas creadas por mujeres desde 2019-\u00a0<\/a><a>La Vanguardia<br \/>\n<\/a><a class=\"title\" href=\"https:\/\/www.eldiario.es\/andalucia\/brecha-salarial-junta-andalucia-sobrevive-leyes-igualdad-funcionarios-cobran-13-mujeres_1_10013847.html\" target=\"_blank\" rel=\"noopener\" data-artpy=\"0\" data-author=\"eldiario.es\">La brecha salarial en la Junta de Andaluc\u00eda sobrevive a las leyes de igualdad: los funcionarios cobran un 13% m\u00e1s que las mujeres-<\/a><a>eldiario<br \/>\n<\/a><a class=\"title\" href=\"https:\/\/sevilla.abc.es\/agronoma\/noticias\/agricultura\/ayudas-jovenes-agricultores-mujeres-andalucia\/\" target=\"_blank\" rel=\"noopener\" data-artpy=\"0\" data-author=\"ABC\">Las mujeres apuestan por la agricultura: acaparan el 65% de las ayudas a j\u00f3venes en Andaluc\u00eda<\/a>-abcsevilla<br \/>\n<a class=\"title\" href=\"https:\/\/www.europapress.es\/esandalucia\/sevilla\/noticia-andalucia-promovera-iniciativas-visibilizar-papel-mujer-sector-medioambiental-20230307160425.html\" target=\"_blank\" rel=\"noopener\" data-artpy=\"0\" data-author=\"Europa Press\">Andaluc\u00eda promover\u00e1 iniciativas para \u00abvisibilizar\u00bb el papel de la mujer en el sector medioambiental<\/a>-europapress<br \/>\n<a class=\"title\" href=\"https:\/\/www.europapress.es\/esandalucia\/sevilla\/noticia-andalucia-analizara-igualdad-industria-mineria-elaborara-codigo-buenas-practicas-20230307170426.html\" target=\"_blank\" rel=\"noopener\" data-artpy=\"0\" data-author=\"Europa Press\">Andaluc\u00eda analizar\u00e1 la igualdad en la industria y miner\u00eda y elaborar\u00e1 un c\u00f3digo de buenas pr\u00e1cticas<\/a>-europapress<br \/>\n<a title=\"M\u00e1s de 1.200 mujeres rurales lograr\u00e1n un empleo gracias a un programa de la Junta\" href=\"https:\/\/www.juntadeandalucia.es\/presidencia\/portavoz\/economiayempleo\/180479\/Empleo\/formacion\/insercionlaboral\/mujeres\/ambitorural\/Andalucia\/JuntadeAndalucia\/ConsejeriadeEmpleoEmpresayTrabajoAutonomo\">M\u00e1s de 1.200 mujeres rurales lograr\u00e1n un empleo gracias a un programa de la Junta<\/a>-juntadeandalucia<a><br \/>\n<\/a><\/p>\n<p><strong>Actualidad<br \/>\n<\/strong><a href=\"https:\/\/www.google.com\/url?rct=j&amp;sa=t&amp;url=https:\/\/www.juntadeandalucia.es\/organismos\/consejo\/sesion\/detalle\/247534.html&amp;ct=ga&amp;cd=CAEYAioUMTU2MDg4MjI0MzU2NDczODIyNzYyGzlhYjFjZGQ3ZTM2NmVmMzg6ZXM6ZXM6RVM6Ug&amp;usg=AOvVaw2OsC-ETQLUEyN5h5SXTGgg\" target=\"_blank\" rel=\"noopener\" data-saferedirecturl=\"https:\/\/www.google.com\/url?q=https:\/\/www.google.com\/url?rct%3Dj%26sa%3Dt%26url%3Dhttps:\/\/www.juntadeandalucia.es\/organismos\/consejo\/sesion\/detalle\/247534.html%26ct%3Dga%26cd%3DCAEYAioUMTU2MDg4MjI0MzU2NDczODIyNzYyGzlhYjFjZGQ3ZTM2NmVmMzg6ZXM6ZXM6RVM6Ug%26usg%3DAOvVaw2OsC-ETQLUEyN5h5SXTGgg&amp;source=gmail&amp;ust=1678354897584000&amp;usg=AOvVaw0yDDBzwCttzthi_ZRVzt6c\">Los Premios Meridiana reconocen a 18 personas y entidades en la lucha por la igualdad-\u00a0<\/a><a>Junta de Andaluc\u00eda<br \/>\n<\/a><a href=\"https:\/\/www.google.com\/url?rct=j&amp;sa=t&amp;url=https:\/\/www.diariodealmeria.es\/almeria\/Junta-reivindica-transformacion-viviendo-Andalucia-mujer-marzo-dia-celebracion_0_1772823538.html&amp;ct=ga&amp;cd=CAEYASoUMTU1MTg0NDA5NzMwNzI1ODkwMTYyGzlhYjFjZGQ3ZTM2NmVmMzg6ZXM6ZXM6RVM6Ug&amp;usg=AOvVaw1BqYnU-qNofvluhvc-m31p\" target=\"_blank\" rel=\"noopener\" data-saferedirecturl=\"https:\/\/www.google.com\/url?q=https:\/\/www.google.com\/url?rct%3Dj%26sa%3Dt%26url%3Dhttps:\/\/www.diariodealmeria.es\/almeria\/Junta-reivindica-transformacion-viviendo-Andalucia-mujer-marzo-dia-celebracion_0_1772823538.html%26ct%3Dga%26cd%3DCAEYASoUMTU1MTg0NDA5NzMwNzI1ODkwMTYyGzlhYjFjZGQ3ZTM2NmVmMzg6ZXM6ZXM6RVM6Ug%26usg%3DAOvVaw1BqYnU-qNofvluhvc-m31p&amp;source=gmail&amp;ust=1678435188430000&amp;usg=AOvVaw1qjV0HIx6MZoRMtza2cZuF\">La Junta reivindica el papel de la mujer en la transformaci\u00f3n que est\u00e1 viviendo Andaluc\u00eda-\u00a0<\/a><a>Diario de Almer\u00eda<br \/>\n<\/a><a href=\"https:\/\/www.google.com\/url?rct=j&amp;sa=t&amp;url=https:\/\/www.europapress.es\/esandalucia\/sevilla\/noticia-junta-acuerda-integrar-telefono-atencion-mujeres-112-ofrecer-respuesta-coordinada-20230307153719.html&amp;ct=ga&amp;cd=CAEYBioUMTU2MDg4MjI0MzU2NDczODIyNzYyGzlhYjFjZGQ3ZTM2NmVmMzg6ZXM6ZXM6RVM6Ug&amp;usg=AOvVaw3Eu2bmfLiFWUODnoXn5nAU\" target=\"_blank\" rel=\"noopener\" data-saferedirecturl=\"https:\/\/www.google.com\/url?q=https:\/\/www.google.com\/url?rct%3Dj%26sa%3Dt%26url%3Dhttps:\/\/www.europapress.es\/esandalucia\/sevilla\/noticia-junta-acuerda-integrar-telefono-atencion-mujeres-112-ofrecer-respuesta-coordinada-20230307153719.html%26ct%3Dga%26cd%3DCAEYBioUMTU2MDg4MjI0MzU2NDczODIyNzYyGzlhYjFjZGQ3ZTM2NmVmMzg6ZXM6ZXM6RVM6Ug%26usg%3DAOvVaw3Eu2bmfLiFWUODnoXn5nAU&amp;source=gmail&amp;ust=1678354897585000&amp;usg=AOvVaw2JV6KlUnqiOZsUXwWyxWmg\">La Junta acuerda integrar el tel\u00e9fono de atenci\u00f3n a mujeres con el 112 para ofrecer una &#8230;-\u00a0<\/a><a>Europa Press<br \/>\n<\/a><a href=\"https:\/\/www.google.com\/url?rct=j&amp;sa=t&amp;url=https:\/\/sevilla.abc.es\/andalucia\/medio-millon-ninos-andalucia-benefician-den-planes-20230307155527-nts.html&amp;ct=ga&amp;cd=CAEYCSoUMTU2MDg4MjI0MzU2NDczODIyNzYyGzlhYjFjZGQ3ZTM2NmVmMzg6ZXM6ZXM6RVM6Ug&amp;usg=AOvVaw0O358hKCI70f_qP5DpStxk\" target=\"_blank\" rel=\"noopener\" data-saferedirecturl=\"https:\/\/www.google.com\/url?q=https:\/\/www.google.com\/url?rct%3Dj%26sa%3Dt%26url%3Dhttps:\/\/sevilla.abc.es\/andalucia\/medio-millon-ninos-andalucia-benefician-den-planes-20230307155527-nts.html%26ct%3Dga%26cd%3DCAEYCSoUMTU2MDg4MjI0MzU2NDczODIyNzYyGzlhYjFjZGQ3ZTM2NmVmMzg6ZXM6ZXM6RVM6Ug%26usg%3DAOvVaw0O358hKCI70f_qP5DpStxk&amp;source=gmail&amp;ust=1678354897585000&amp;usg=AOvVaw1mH9R3yVh7mJmIvKvrKX1Z\">M\u00e1s de medio mill\u00f3n de ni\u00f1os de Andaluc\u00eda se benefician de los planes de conciliaci\u00f3n familiar-\u00a0<\/a><a>abcsevilla<br \/>\n<\/a><a href=\"https:\/\/www.google.com\/url?rct=j&amp;sa=t&amp;url=http:\/\/www.juntadeandalucia.es\/presidencia\/portavoz\/180400\/Salud\/atencionsanitaria\/AtencionPrimaria\/transferenciadebuenaspracticas\/proyectoeuropeo\/Andalucia\/ConsejeriadeSaludyConsumo\/ServicioAndaluzdeSalud\/SAS\/JuntadeAndalucia\/GobiernodeAndalucia&amp;ct=ga&amp;cd=CAEYASoSNDY3NDU5MTU2Mzg4NTU1ODEwMhlkNzhlNTg3NWEwZjFmMmFjOmVzOmVzOkVT&amp;usg=AOvVaw0CTPuFcWR6fLxRm5870kNX\" target=\"_blank\" rel=\"noopener\" data-saferedirecturl=\"https:\/\/www.google.com\/url?q=https:\/\/www.google.com\/url?rct%3Dj%26sa%3Dt%26url%3Dhttp:\/\/www.juntadeandalucia.es\/presidencia\/portavoz\/180400\/Salud\/atencionsanitaria\/AtencionPrimaria\/transferenciadebuenaspracticas\/proyectoeuropeo\/Andalucia\/ConsejeriadeSaludyConsumo\/ServicioAndaluzdeSalud\/SAS\/JuntadeAndalucia\/GobiernodeAndalucia%26ct%3Dga%26cd%3DCAEYASoSNDY3NDU5MTU2Mzg4NTU1ODEwMhlkNzhlNTg3NWEwZjFmMmFjOmVzOmVzOkVT%26usg%3DAOvVaw0CTPuFcWR6fLxRm5870kNX&amp;source=gmail&amp;ust=1678354897553000&amp;usg=AOvVaw3EMnEXOJZQxcn3T5k9vPcM\">Andaluc\u00eda lidera una iniciativa europea sobre buenas pr\u00e1cticas en Atenci\u00f3n Primaria-\u00a0<\/a><a>Junta de Andaluc\u00eda<br \/>\n<\/a><a class=\"title\" href=\"https:\/\/www.europapress.es\/esandalucia\/sevilla\/noticia-andalucia-destina-358-millones-actuaciones-impacto-ambito-sanitario-mujer-2022-20230307163113.html\" target=\"_blank\" rel=\"noopener\" data-artpy=\"0\" data-author=\"Europa Press\">Andaluc\u00eda destina 35,8 millones a actuaciones de impacto en el \u00e1mbito sanitario sobre la mujer en 2022<\/a>-europapress<a><br \/>\n<\/a><\/p>\n<p><strong>Violencias<br \/>\n<\/strong><a href=\"https:\/\/www.google.com\/url?rct=j&amp;sa=t&amp;url=https:\/\/www.juntadeandalucia.es\/presidencia\/portavoz\/economiayempleo\/180324\/JuntadeAndalucia\/ConsejodeGobierno&amp;ct=ga&amp;cd=CAEYACoSNDY3NDU5MTU2Mzg4NTU1ODEwMhlkNzhlNTg3NWEwZjFmMmFjOmVzOmVzOkVT&amp;usg=AOvVaw1inavpeoj9ayR_UFTG8wxF\" target=\"_blank\" rel=\"noopener\" data-saferedirecturl=\"https:\/\/www.google.com\/url?q=https:\/\/www.google.com\/url?rct%3Dj%26sa%3Dt%26url%3Dhttps:\/\/www.juntadeandalucia.es\/presidencia\/portavoz\/economiayempleo\/180324\/JuntadeAndalucia\/ConsejodeGobierno%26ct%3Dga%26cd%3DCAEYACoSNDY3NDU5MTU2Mzg4NTU1ODEwMhlkNzhlNTg3NWEwZjFmMmFjOmVzOmVzOkVT%26usg%3DAOvVaw1inavpeoj9ayR_UFTG8wxF&amp;source=gmail&amp;ust=1678354897553000&amp;usg=AOvVaw1U75G4QZaEcQKktH75yJyb\">La Junta formar\u00e1 a mujeres v\u00edctimas de violencia de g\u00e9nero y les ayudar\u00e1 a encontrar trabajo-\u00a0<\/a><a>Junta de Andaluc\u00eda<\/a><\/p>\n<p><strong>Ciencia y Cultura<br \/>\n<\/strong><a href=\"https:\/\/www.google.com\/url?rct=j&amp;sa=t&amp;url=https:\/\/www.lavanguardia.com\/vida\/20230307\/8806110\/universidad-malaga-aglutina-investigacion-genero-instituto.html&amp;ct=ga&amp;cd=CAEYBCoTMTc2MTA1MjcwMDQ2MDc4MTc4MTIZYzAzNzJlYmMyZmVhZGE1OTplczplczpFUw&amp;usg=AOvVaw0cYbpz8GtIQE9YTQ3LqWs7\" target=\"_blank\" rel=\"noopener\" data-saferedirecturl=\"https:\/\/www.google.com\/url?q=https:\/\/www.google.com\/url?rct%3Dj%26sa%3Dt%26url%3Dhttps:\/\/www.lavanguardia.com\/vida\/20230307\/8806110\/universidad-malaga-aglutina-investigacion-genero-instituto.html%26ct%3Dga%26cd%3DCAEYBCoTMTc2MTA1MjcwMDQ2MDc4MTc4MTIZYzAzNzJlYmMyZmVhZGE1OTplczplczpFUw%26usg%3DAOvVaw0cYbpz8GtIQE9YTQ3LqWs7&amp;source=gmail&amp;ust=1678354895922000&amp;usg=AOvVaw3_7UgO78lLO8bD016ry4zc\">La Universidad de M\u00e1laga aglutina su investigaci\u00f3n de g\u00e9nero en el Instituto Universitario de Investigaci\u00f3n de G\u00e9nero e Igualdad-\u00a0<\/a><a>La Vanguardia<br \/>\n<\/a><a href=\"https:\/\/www.google.com\/url?rct=j&amp;sa=t&amp;url=https:\/\/www.ugr.es\/destacado\/8-marzo-dia-internacional-mujer&amp;ct=ga&amp;cd=CAEYFyoTMTc2MTA1MjcwMDQ2MDc4MTc4MTIZYzAzNzJlYmMyZmVhZGE1OTplczplczpFUw&amp;usg=AOvVaw36Y4ysjWM1oFAivVZsZw2E\" target=\"_blank\" rel=\"noopener\" data-saferedirecturl=\"https:\/\/www.google.com\/url?hl=es&amp;q=https:\/\/www.google.com\/url?rct%3Dj%26sa%3Dt%26url%3Dhttps:\/\/www.ugr.es\/destacado\/8-marzo-dia-internacional-mujer%26ct%3Dga%26cd%3DCAEYFyoTMTc2MTA1MjcwMDQ2MDc4MTc4MTIZYzAzNzJlYmMyZmVhZGE1OTplczplczpFUw%26usg%3DAOvVaw36Y4ysjWM1oFAivVZsZw2E&amp;source=gmail&amp;ust=1678359573364000&amp;usg=AOvVaw3JelWs61Ck92Yr94kTmsn3\">8 de marzo, d\u00eda internacional de la\u00a0mujer &#8211;\u00a0<\/a><a>Universidad de Granada<br \/>\n<\/a><a href=\"https:\/\/www.google.com\/url?rct=j&amp;sa=t&amp;url=https:\/\/canal.ugr.es\/noticia\/la-ugr-acoge-el-v-congreso-internacional-genero-y-derecho-dedicado-a-la-explotacion-reproductiva-y-sexual-de-las-mujeres\/&amp;ct=ga&amp;cd=CAEYCCoTNDkyNTkyMjQ4NTE3MjkwNDE3NTIZNTlkNzgxNzEzNmEyZDAyODplczplczpFUw&amp;usg=AOvVaw0aLaM_k1xAxMU3TBUlpntO\" target=\"_blank\" rel=\"noopener\" data-saferedirecturl=\"https:\/\/www.google.com\/url?q=https:\/\/www.google.com\/url?rct%3Dj%26sa%3Dt%26url%3Dhttps:\/\/canal.ugr.es\/noticia\/la-ugr-acoge-el-v-congreso-internacional-genero-y-derecho-dedicado-a-la-explotacion-reproductiva-y-sexual-de-las-mujeres\/%26ct%3Dga%26cd%3DCAEYCCoTNDkyNTkyMjQ4NTE3MjkwNDE3NTIZNTlkNzgxNzEzNmEyZDAyODplczplczpFUw%26usg%3DAOvVaw0aLaM_k1xAxMU3TBUlpntO&amp;source=gmail&amp;ust=1678435186208000&amp;usg=AOvVaw3CTcijKMIdX_7K4r5q-oLg\">La UGR acoge el V Congreso Internacional G\u00e9nero y Derecho, dedicado a la Explotaci\u00f3n &#8230;-\u00a0<\/a><a>Canal UGR<br \/>\n<\/a><a href=\"https:\/\/www.google.com\/url?rct=j&amp;sa=t&amp;url=https:\/\/elpuertoalminuto.es\/art\/6720\/las-20-obras-finalistas-del-vi-concurso-csif-de-fotografia-igualdad-y-respeto-se-exponen-en-el-iam&amp;ct=ga&amp;cd=CAEYAyoUMTU2MDg4MjI0MzU2NDczODIyNzYyGzlhYjFjZGQ3ZTM2NmVmMzg6ZXM6ZXM6RVM6Ug&amp;usg=AOvVaw3sw3DbTSV3dDGDIHnj1GVP\" target=\"_blank\" rel=\"noopener\" data-saferedirecturl=\"https:\/\/www.google.com\/url?q=https:\/\/www.google.com\/url?rct%3Dj%26sa%3Dt%26url%3Dhttps:\/\/elpuertoalminuto.es\/art\/6720\/las-20-obras-finalistas-del-vi-concurso-csif-de-fotografia-igualdad-y-respeto-se-exponen-en-el-iam%26ct%3Dga%26cd%3DCAEYAyoUMTU2MDg4MjI0MzU2NDczODIyNzYyGzlhYjFjZGQ3ZTM2NmVmMzg6ZXM6ZXM6RVM6Ug%26usg%3DAOvVaw3sw3DbTSV3dDGDIHnj1GVP&amp;source=gmail&amp;ust=1678354897584000&amp;usg=AOvVaw2PWaKXVgdphROvf0_yBMHr\">Las 20 obras finalistas del VI Concurso CSIF de Fotograf\u00eda &#8216;Igualdad y Respeto&#8217; se exponen &#8230;-\u00a0<\/a><a>El Puerto al minuto<br \/>\n<\/a><a href=\"https:\/\/www.google.com\/url?rct=j&amp;sa=t&amp;url=https:\/\/icas.sevilla.org\/noticias\/el-lope-de-vega-rinde-homenaje-a-la-resistencia-de-las-mujeres-con-2018las-dependientas2019-y-2018delicadas2019&amp;ct=ga&amp;cd=CAEYGyoTMTc2MTA1MjcwMDQ2MDc4MTc4MTIZYzAzNzJlYmMyZmVhZGE1OTplczplczpFUw&amp;usg=AOvVaw1BrGIQ3gNx7dmwPPqlLa9S\" target=\"_blank\" rel=\"noopener\" data-saferedirecturl=\"https:\/\/www.google.com\/url?hl=es&amp;q=https:\/\/www.google.com\/url?rct%3Dj%26sa%3Dt%26url%3Dhttps:\/\/icas.sevilla.org\/noticias\/el-lope-de-vega-rinde-homenaje-a-la-resistencia-de-las-mujeres-con-2018las-dependientas2019-y-2018delicadas2019%26ct%3Dga%26cd%3DCAEYGyoTMTc2MTA1MjcwMDQ2MDc4MTc4MTIZYzAzNzJlYmMyZmVhZGE1OTplczplczpFUw%26usg%3DAOvVaw1BrGIQ3gNx7dmwPPqlLa9S&amp;source=gmail&amp;ust=1678359573365000&amp;usg=AOvVaw3n1Nn2iFjk1p5tuFUPL__2\">El Lope de Vega rinde homenaje a la resistencia de las mujeres con &#8216;Las dependientas&#8217; y &#8216;Delicadas&#8217;-\u00a0<\/a><a>icas-sevilla<br \/>\n<\/a><a class=\"title\" href=\"https:\/\/www.ideal.es\/culturas\/granada-sede-acuerdo-historico-abre-libros-texto-20230309092542-nt.html\" target=\"_blank\" rel=\"noopener\" data-artpy=\"0\" data-author=\"ideal\">Granada, sede de un acuerdo hist\u00f3rico que abre los libros de texto a las escritoras<\/a>-ideal<a><br \/>\n<\/a><\/p>\n<p><strong>Deporte<br \/>\n<\/strong><a class=\"title\" href=\"https:\/\/www.laopiniondemalaga.es\/deportes\/2023\/03\/08\/malaga-exhibe-comunicacion-igualdad-deporte-8m-84329638.html\" target=\"_blank\" rel=\"noopener\" data-artpy=\"0\" data-author=\"Deportes\">M\u00e1laga exhibe comunicaci\u00f3n, igualdad y deporte femenino<\/a>-laopiniondemalaga<strong><br \/>\n<\/strong><\/p>\n<\/div>\n<\/div>\n<\/div>\n<\/div>\n<div id=\"\" class=\"lsow-panel lsow-active\">\n<h1 class=\"lsow-panel-title\">Estado<\/h1>\n<div class=\"lsow-panel-content\">\n<p><strong>Institucional<br \/>\n<\/strong><a href=\"https:\/\/www.google.com\/url?rct=j&amp;sa=t&amp;url=https:\/\/www.aecid.es\/ES\/Paginas\/Sala%2520de%2520Prensa\/Noticias\/2023\/2023_03\/07_8M_Cooperaci%25C3%25B3nFeminista.aspx&amp;ct=ga&amp;cd=CAEYACoTNTg2MzY4MjE0OTcyODY3MTc4OTIZNTlkNzgxNzEzNmEyZDAyODplczplczpFUw&amp;usg=AOvVaw3ooSGxvbS4Y2jXvGy_jyhq\" target=\"_blank\" rel=\"noopener\" data-saferedirecturl=\"https:\/\/www.google.com\/url?q=https:\/\/www.google.com\/url?rct%3Dj%26sa%3Dt%26url%3Dhttps:\/\/www.aecid.es\/ES\/Paginas\/Sala%252520de%252520Prensa\/Noticias\/2023\/2023_03\/07_8M_Cooperaci%2525C3%2525B3nFeminista.aspx%26ct%3Dga%26cd%3DCAEYACoTNTg2MzY4MjE0OTcyODY3MTc4OTIZNTlkNzgxNzEzNmEyZDAyODplczplczpFUw%26usg%3DAOvVaw3ooSGxvbS4Y2jXvGy_jyhq&amp;source=gmail&amp;ust=1678354896045000&amp;usg=AOvVaw1AmPYlp5CCjKHEHzPVX3jQ\">La AECID increment\u00f3 en un 50% el presupuesto destinado a iniciativas de cooperaci\u00f3n y acci\u00f3n humanitaria con enfoque de g\u00e9nero&#8230;-\u00a0<\/a><a>aecid<br \/>\n<\/a><a href=\"https:\/\/www.google.com\/url?rct=j&amp;sa=t&amp;url=https:\/\/www.elidealgallego.com\/articulo\/espana\/exteriores-anima-mujeres-ocupar-espacios-poder-cambiar-mundo-4204109&amp;ct=ga&amp;cd=CAEYAioTNTg2MzY4MjE0OTcyODY3MTc4OTIZNTlkNzgxNzEzNmEyZDAyODplczplczpFUw&amp;usg=AOvVaw2rjKBu_yuTl3Q863rl0BWL\" target=\"_blank\" rel=\"noopener\" data-saferedirecturl=\"https:\/\/www.google.com\/url?q=https:\/\/www.google.com\/url?rct%3Dj%26sa%3Dt%26url%3Dhttps:\/\/www.elidealgallego.com\/articulo\/espana\/exteriores-anima-mujeres-ocupar-espacios-poder-cambiar-mundo-4204109%26ct%3Dga%26cd%3DCAEYAioTNTg2MzY4MjE0OTcyODY3MTc4OTIZNTlkNzgxNzEzNmEyZDAyODplczplczpFUw%26usg%3DAOvVaw2rjKBu_yuTl3Q863rl0BWL&amp;source=gmail&amp;ust=1678354896045000&amp;usg=AOvVaw3yUAq2_As8P4dE1ZHfi0ex\">Exteriores anima a las mujeres a ocupar espacios de poder y cambiar el mundo &#8211;\u00a0<\/a><a>El Ideal Gallego<\/a><\/p>\n<p><strong>Institucional \u2013 CCAA<\/strong><br \/>\n<a href=\"https:\/\/www.google.com\/url?rct=j&amp;sa=t&amp;url=https:\/\/www.pamplonaactual.com\/articulo\/economia\/cepes-navarra-potenciara-enfoque-genero-empresas-economia-social-contribuir-transformacion-social\/20230307115749329562.html&amp;ct=ga&amp;cd=CAEYBCoSNDY3NDU5MTU2Mzg4NTU1ODEwMhlkNzhlNTg3NWEwZjFmMmFjOmVzOmVzOkVT&amp;usg=AOvVaw2Ri1BfVanhlz3fNLb0jfiD\" target=\"_blank\" rel=\"noopener\" data-saferedirecturl=\"https:\/\/www.google.com\/url?q=https:\/\/www.google.com\/url?rct%3Dj%26sa%3Dt%26url%3Dhttps:\/\/www.pamplonaactual.com\/articulo\/economia\/cepes-navarra-potenciara-enfoque-genero-empresas-economia-social-contribuir-transformacion-social\/20230307115749329562.html%26ct%3Dga%26cd%3DCAEYBCoSNDY3NDU5MTU2Mzg4NTU1ODEwMhlkNzhlNTg3NWEwZjFmMmFjOmVzOmVzOkVT%26usg%3DAOvVaw2Ri1BfVanhlz3fNLb0jfiD&amp;source=gmail&amp;ust=1678354897553000&amp;usg=AOvVaw2hQPvWTj1s3aYPZSmJsToX\">CEPES Navarra potenciar\u00e1 el enfoque de g\u00e9nero en las empresas de Econom\u00eda Social par&#8230;-\u00a0<\/a><a>Pamplona Actual<br \/>\n<\/a><a href=\"https:\/\/www.google.com\/url?rct=j&amp;sa=t&amp;url=https:\/\/eldiariocantabria.publico.es\/articulo\/cantabria\/empresarias-cantabria-reivindican-mundo-digital-mas-inclusivo-mujeres\/20230307124848131897.html&amp;ct=ga&amp;cd=CAEYDyoUMTMwMTcxMjc1NjAxMDg1Nzk4OTcyGWUxZTc3ZDE1NjA5OGE4ZTM6ZXM6ZXM6RVM&amp;usg=AOvVaw1jt9yoD7jvOSW-8X6mg6gA\" target=\"_blank\" rel=\"noopener\" data-saferedirecturl=\"https:\/\/www.google.com\/url?q=https:\/\/www.google.com\/url?rct%3Dj%26sa%3Dt%26url%3Dhttps:\/\/eldiariocantabria.publico.es\/articulo\/cantabria\/empresarias-cantabria-reivindican-mundo-digital-mas-inclusivo-mujeres\/20230307124848131897.html%26ct%3Dga%26cd%3DCAEYDyoUMTMwMTcxMjc1NjAxMDg1Nzk4OTcyGWUxZTc3ZDE1NjA5OGE4ZTM6ZXM6ZXM6RVM%26usg%3DAOvVaw1jt9yoD7jvOSW-8X6mg6gA&amp;source=gmail&amp;ust=1678354897398000&amp;usg=AOvVaw2Le9Ka5Z_iePMRoIRL6Xm2\">Las empresarias de Cantabria reivindican un mundo digital m\u00e1s inclusivo con las mujeres-\u00a0<\/a><a>diariodecantabria<br \/>\n<\/a><a href=\"https:\/\/www.google.com\/url?rct=j&amp;sa=t&amp;url=https:\/\/www.heraldo.es\/branded\/maria-goikoetxea-directora-del-iam-cada-vez-las-mujeres-tenemos-menos-miedo-a-romper-el-silencio\/&amp;ct=ga&amp;cd=CAEYACoUMTE5MjQ4Mjc4MzEwNTc1MDY4ODQyGWMwMzcyZWJjMmZlYWRhNTk6ZXM6ZXM6RVM&amp;usg=AOvVaw3wEGLSns0PxAE5NXicDK2a\" target=\"_blank\" rel=\"noopener\" data-saferedirecturl=\"https:\/\/www.google.com\/url?q=https:\/\/www.google.com\/url?rct%3Dj%26sa%3Dt%26url%3Dhttps:\/\/www.heraldo.es\/branded\/maria-goikoetxea-directora-del-iam-cada-vez-las-mujeres-tenemos-menos-miedo-a-romper-el-silencio\/%26ct%3Dga%26cd%3DCAEYACoUMTE5MjQ4Mjc4MzEwNTc1MDY4ODQyGWMwMzcyZWJjMmZlYWRhNTk6ZXM6ZXM6RVM%26usg%3DAOvVaw3wEGLSns0PxAE5NXicDK2a&amp;source=gmail&amp;ust=1678354895950000&amp;usg=AOvVaw0aafs8_qsnuYX8xKvwBfjJ\">Mar\u00eda Goikoetxea, directora del Instituto Aragon\u00e9s de la Mujer: \u00abCada vez, las mujeres tenemos menos &#8230; &#8211;\u00a0<\/a><a>Heraldo de Arag\u00f3n<br \/>\n<\/a><a href=\"https:\/\/www.google.com\/url?rct=j&amp;sa=t&amp;url=https:\/\/actualidad.larioja.org\/noticia%3Fn%3Dnot-el-informe-mujeres-y-hombres-en-la-rioja-2022-destaca-la-buena-posicion-de-las-mujeres-riojana&amp;ct=ga&amp;cd=CAEYASoTMjMwNDg5ODQxNjI1MTUzNjc5MDIZYzAzNzJlYmMyZmVhZGE1OTplczplczpFUw&amp;usg=AOvVaw00yGudplohkVzVeSziBY7S\" target=\"_blank\" rel=\"noopener\" data-saferedirecturl=\"https:\/\/www.google.com\/url?q=https:\/\/www.google.com\/url?rct%3Dj%26sa%3Dt%26url%3Dhttps:\/\/actualidad.larioja.org\/noticia%253Fn%253Dnot-el-informe-mujeres-y-hombres-en-la-rioja-2022-destaca-la-buena-posicion-de-las-mujeres-riojana%26ct%3Dga%26cd%3DCAEYASoTMjMwNDg5ODQxNjI1MTUzNjc5MDIZYzAzNzJlYmMyZmVhZGE1OTplczplczpFUw%26usg%3DAOvVaw00yGudplohkVzVeSziBY7S&amp;source=gmail&amp;ust=1678354896004000&amp;usg=AOvVaw2hlt_Jpwp4AQHWVJTrafVL\">El Informe &#8216;Mujeres y Hombres en La Rioja 2022&#8217; destaca la buena posici\u00f3n de las mujeres &#8230;-\u00a0<\/a><a>La Rioja<br \/>\n<\/a><a href=\"https:\/\/www.google.com\/url?rct=j&amp;sa=t&amp;url=https:\/\/www.tribunasalamanca.com\/noticias\/323786\/ugt-y-ccoo-exigen-a-la-junta-que-potencie-politicas-de-empleo-con-perspectiva-de-genero&amp;ct=ga&amp;cd=CAEYIioUMTAzMDUxMTgxOTQ5ODg0MzE0OTUyGWUyZGVmYTdkNWRhOTE1N2Q6ZXM6ZXM6RVM&amp;usg=AOvVaw1BHGjNdMTO3E7Dqc2jFhke\" target=\"_blank\" rel=\"noopener\" data-saferedirecturl=\"https:\/\/www.google.com\/url?hl=es&amp;q=https:\/\/www.google.com\/url?rct%3Dj%26sa%3Dt%26url%3Dhttps:\/\/www.tribunasalamanca.com\/noticias\/323786\/ugt-y-ccoo-exigen-a-la-junta-que-potencie-politicas-de-empleo-con-perspectiva-de-genero%26ct%3Dga%26cd%3DCAEYIioUMTAzMDUxMTgxOTQ5ODg0MzE0OTUyGWUyZGVmYTdkNWRhOTE1N2Q6ZXM6ZXM6RVM%26usg%3DAOvVaw1BHGjNdMTO3E7Dqc2jFhke&amp;source=gmail&amp;ust=1678439686970000&amp;usg=AOvVaw3UKpHyjSpczcMno0J0AnfB\">UGT y CCOO exigen a la Junta que potencie pol\u00edticas de empleo con perspectiva de\u00a0g\u00e9nero-<\/a><a>Tribuna de Salamanca<\/a><\/p>\n<p><strong>Econom\u00eda y Empresa<br \/>\n<\/strong><a href=\"https:\/\/www.google.com\/url?rct=j&amp;sa=t&amp;url=https:\/\/www.caixabank.com\/comunicacion\/noticia\/el-deseo-de-ganar-independencia-principal-motivacion-de-las-mujeres-a-la-hora-de-emprender_es.html%3Fid%3D43926&amp;ct=ga&amp;cd=CAEYJioTMTc2MTA1MjcwMDQ2MDc4MTc4MTIZYzAzNzJlYmMyZmVhZGE1OTplczplczpFUw&amp;usg=AOvVaw01NNk7nzh2Z4pfJCGXfjft\" target=\"_blank\" rel=\"noopener\" data-saferedirecturl=\"https:\/\/www.google.com\/url?hl=es&amp;q=https:\/\/www.google.com\/url?rct%3Dj%26sa%3Dt%26url%3Dhttps:\/\/www.caixabank.com\/comunicacion\/noticia\/el-deseo-de-ganar-independencia-principal-motivacion-de-las-mujeres-a-la-hora-de-emprender_es.html%253Fid%253D43926%26ct%3Dga%26cd%3DCAEYJioTMTc2MTA1MjcwMDQ2MDc4MTc4MTIZYzAzNzJlYmMyZmVhZGE1OTplczplczpFUw%26usg%3DAOvVaw01NNk7nzh2Z4pfJCGXfjft&amp;source=gmail&amp;ust=1678359573368000&amp;usg=AOvVaw0xt6f1gieOTZ84TXANtyJY\">El deseo de ganar independencia, principal motivaci\u00f3n de las mujeres a la hora de emprender-\u00a0<\/a><a>CaixaBank<br \/>\n<\/a><a href=\"https:\/\/www.google.com\/url?rct=j&amp;sa=t&amp;url=https:\/\/www.diariodemallorca.es\/mallorca\/2023\/03\/08\/bbva-incluido-indice-igualdad-genero-84181586.html&amp;ct=ga&amp;cd=CAEYFyoTNTg2MzY4MjE0OTcyODY3MTc4OTIZNTlkNzgxNzEzNmEyZDAyODplczplczpFUw&amp;usg=AOvVaw3sWyFXxw8HIwlKa2FY7NUT\" target=\"_blank\" rel=\"noopener\" data-saferedirecturl=\"https:\/\/www.google.com\/url?hl=es&amp;q=https:\/\/www.google.com\/url?rct%3Dj%26sa%3Dt%26url%3Dhttps:\/\/www.diariodemallorca.es\/mallorca\/2023\/03\/08\/bbva-incluido-indice-igualdad-genero-84181586.html%26ct%3Dga%26cd%3DCAEYFyoTNTg2MzY4MjE0OTcyODY3MTc4OTIZNTlkNzgxNzEzNmEyZDAyODplczplczpFUw%26usg%3DAOvVaw3sWyFXxw8HIwlKa2FY7NUT&amp;source=gmail&amp;ust=1678357505441000&amp;usg=AOvVaw05NnO1TIi-brtE3xaePtrq\">BBVA, incluido en el \u00edndice de igualdad de g\u00e9nero de Bloomberg por sexto a\u00f1o consecutivo-\u00a0<\/a><a>Diario de Mallorca<br \/>\n<\/a><a href=\"https:\/\/www.google.com\/url?rct=j&amp;sa=t&amp;url=https:\/\/forbes.es\/ultima-hora\/244122\/el-instituto-para-la-transicion-justa-destina-40-millones-a-proyectos-empresariales-generadores-de-empleo\/&amp;ct=ga&amp;cd=CAEYESoTMTc2MTA1MjcwMDQ2MDc4MTc4MTIZYzAzNzJlYmMyZmVhZGE1OTplczplczpFUw&amp;usg=AOvVaw1owsCVaY9-n4f28nkKSgYz\" target=\"_blank\" rel=\"noopener\" data-saferedirecturl=\"https:\/\/www.google.com\/url?q=https:\/\/www.google.com\/url?rct%3Dj%26sa%3Dt%26url%3Dhttps:\/\/forbes.es\/ultima-hora\/244122\/el-instituto-para-la-transicion-justa-destina-40-millones-a-proyectos-empresariales-generadores-de-empleo\/%26ct%3Dga%26cd%3DCAEYESoTMTc2MTA1MjcwMDQ2MDc4MTc4MTIZYzAzNzJlYmMyZmVhZGE1OTplczplczpFUw%26usg%3DAOvVaw1owsCVaY9-n4f28nkKSgYz&amp;source=gmail&amp;ust=1678354895925000&amp;usg=AOvVaw0Rgujg3-vkfO45qKMZdi7J\">El Instituto para la Transici\u00f3n Justa destina 40 millones a proyectos empresariales &#8230;-\u00a0<\/a><a>Forbes Espa\u00f1a<\/a><\/p>\n<p><strong>Actualidad<br \/>\n<\/strong><a href=\"https:\/\/www.google.com\/url?rct=j&amp;sa=t&amp;url=https:\/\/diario16.com\/un-8m-que-exige-el-fin-de-la-brecha-digital-de-genero\/&amp;ct=ga&amp;cd=CAEYASoTMzMzNjk4MzExODE0NDE5ODM3NDIZZTFlNzdkMTU2MDk4YThlMzplczplczpFUw&amp;usg=AOvVaw3Tf66rilrE5fz2D093MRWI\" target=\"_blank\" rel=\"noopener\" data-saferedirecturl=\"https:\/\/www.google.com\/url?q=https:\/\/www.google.com\/url?rct%3Dj%26sa%3Dt%26url%3Dhttps:\/\/diario16.com\/un-8m-que-exige-el-fin-de-la-brecha-digital-de-genero\/%26ct%3Dga%26cd%3DCAEYASoTMzMzNjk4MzExODE0NDE5ODM3NDIZZTFlNzdkMTU2MDk4YThlMzplczplczpFUw%26usg%3DAOvVaw3Tf66rilrE5fz2D093MRWI&amp;source=gmail&amp;ust=1678435188361000&amp;usg=AOvVaw3Fllb5HIDIEsepru35eZAz\">Un 8M que exige el fin de la brecha digital de g\u00e9nero &#8211;\u00a0<\/a><a>Diario 16<br \/>\n<\/a><a href=\"https:\/\/linagalvez.eu\/tercera-transicion-economia-cuidados-igualdad-genero\/\">La tercera transici\u00f3n: la econom\u00eda de los cuidados y la igualdad de g\u00e9nero&#8230;-\u00a0<\/a>linagalvez.eu<br \/>\n<a href=\"https:\/\/www.google.com\/url?rct=j&amp;sa=t&amp;url=https:\/\/elpais.com\/economia\/2023\/03\/07\/mis_derechos\/1678180134_960025.html&amp;ct=ga&amp;cd=CAEYASoTODQyOTI2Mzg4MjUzOTk3NzgxNDIZZTJkZWZhN2Q1ZGE5MTU3ZDplczplczpFUw&amp;usg=AOvVaw1VvheADXwZD_XGX36mp_zh\" target=\"_blank\" rel=\"noopener\" data-saferedirecturl=\"https:\/\/www.google.com\/url?q=https:\/\/www.google.com\/url?rct%3Dj%26sa%3Dt%26url%3Dhttps:\/\/elpais.com\/economia\/2023\/03\/07\/mis_derechos\/1678180134_960025.html%26ct%3Dga%26cd%3DCAEYASoTODQyOTI2Mzg4MjUzOTk3NzgxNDIZZTJkZWZhN2Q1ZGE5MTU3ZDplczplczpFUw%26usg%3DAOvVaw1VvheADXwZD_XGX36mp_zh&amp;source=gmail&amp;ust=1678354895766000&amp;usg=AOvVaw327TPxTPlh_-EEFiWVil-B\">Estas son las sentencias y las normas m\u00e1s recientes que a\u00fapan los derechos de la mujer-\u00a0<\/a><a>El Pa\u00eds<br \/>\n<\/a><a href=\"https:\/\/www.google.com\/url?rct=j&amp;sa=t&amp;url=https:\/\/www.elplural.com\/economia\/graficos-todo-queda-recorrer-materia-igualdad_307364102&amp;ct=ga&amp;cd=CAEYIyoTMTc2MTA1MjcwMDQ2MDc4MTc4MTIZYzAzNzJlYmMyZmVhZGE1OTplczplczpFUw&amp;usg=AOvVaw3t6EcvNMlnWCKOPnGgrPlM\" target=\"_blank\" rel=\"noopener\" data-saferedirecturl=\"https:\/\/www.google.com\/url?hl=es&amp;q=https:\/\/www.google.com\/url?rct%3Dj%26sa%3Dt%26url%3Dhttps:\/\/www.elplural.com\/economia\/graficos-todo-queda-recorrer-materia-igualdad_307364102%26ct%3Dga%26cd%3DCAEYIyoTMTc2MTA1MjcwMDQ2MDc4MTc4MTIZYzAzNzJlYmMyZmVhZGE1OTplczplczpFUw%26usg%3DAOvVaw3t6EcvNMlnWCKOPnGgrPlM&amp;source=gmail&amp;ust=1678359573368000&amp;usg=AOvVaw1TQymKqccUq0vDH2CUFGtq\">Los gr\u00e1ficos que demuestran todo lo que queda por recorrer en materia de igualdad-\u00a0<\/a><a>ElPlural<br \/>\n<\/a><a href=\"https:\/\/www.google.com\/url?rct=j&amp;sa=t&amp;url=https:\/\/www.fiscal.es\/-\/fiscales-se-forman-en-perspectiva-de-g%25C3%25A9nero-para-lograr-una-justicia-libre-de-estereotipos&amp;ct=ga&amp;cd=CAEYASoTNTg2MzY4MjE0OTcyODY3MTc4OTIZNTlkNzgxNzEzNmEyZDAyODplczplczpFUw&amp;usg=AOvVaw0hRVJfGxK4cA93k2cQ9HUQ\" target=\"_blank\" rel=\"noopener\" data-saferedirecturl=\"https:\/\/www.google.com\/url?q=https:\/\/www.google.com\/url?rct%3Dj%26sa%3Dt%26url%3Dhttps:\/\/www.fiscal.es\/-\/fiscales-se-forman-en-perspectiva-de-g%2525C3%2525A9nero-para-lograr-una-justicia-libre-de-estereotipos%26ct%3Dga%26cd%3DCAEYASoTNTg2MzY4MjE0OTcyODY3MTc4OTIZNTlkNzgxNzEzNmEyZDAyODplczplczpFUw%26usg%3DAOvVaw0hRVJfGxK4cA93k2cQ9HUQ&amp;source=gmail&amp;ust=1678354896045000&amp;usg=AOvVaw0uyBjaqD2iPooL5BKlHJhf\">Fiscales se forman en perspectiva de g\u00e9nero para lograr una justicia libre de estereotipos-\u00a0<\/a><a>Fiscal<\/a><\/p>\n<p><strong>Violencias<br \/>\n<\/strong><a class=\"title\" href=\"https:\/\/www.europapress.es\/epsocial\/igualdad\/noticia-casi-20000-extranjeras-victimas-violencia-genero-fueron-regularizadas-ultimos-diez-anos-20230306123047.html\" target=\"_blank\" rel=\"noopener\" data-artpy=\"0\" data-author=\"Europa Press\">Casi 20.000 extranjeras v\u00edctimas de violencia de g\u00e9nero fueron regularizadas en los \u00faltimos diez a\u00f1os<\/a>-europapress<strong><br \/>\n<\/strong><\/p>\n<p><strong>Ciencia y Cultura<br \/>\n<\/strong><a href=\"https:\/\/www.google.com\/url?rct=j&amp;sa=t&amp;url=http:\/\/www.3dprintingdesign.es\/es\/noticia\/solo-el-16-de-los-proyectos-de-investigacion-estan-dirigidos-por-mujeres&amp;ct=ga&amp;cd=CAEYCyoTMTc2MTA1MjcwMDQ2MDc4MTc4MTIZYzAzNzJlYmMyZmVhZGE1OTplczplczpFUw&amp;usg=AOvVaw1NlJmjH3aCxkjodtYFzKvL\" target=\"_blank\" rel=\"noopener\" data-saferedirecturl=\"https:\/\/www.google.com\/url?q=https:\/\/www.google.com\/url?rct%3Dj%26sa%3Dt%26url%3Dhttp:\/\/www.3dprintingdesign.es\/es\/noticia\/solo-el-16-de-los-proyectos-de-investigacion-estan-dirigidos-por-mujeres%26ct%3Dga%26cd%3DCAEYCyoTMTc2MTA1MjcwMDQ2MDc4MTc4MTIZYzAzNzJlYmMyZmVhZGE1OTplczplczpFUw%26usg%3DAOvVaw1NlJmjH3aCxkjodtYFzKvL&amp;source=gmail&amp;ust=1678354895923000&amp;usg=AOvVaw1B9rBOItFST1mLy9uWROCg\">Solo el 16% de los proyectos de investigaci\u00f3n est\u00e1n dirigidos por mujeres-\u00a0<\/a><a>3D Printing &amp; Design<br \/>\n<\/a><a href=\"https:\/\/www.google.com\/url?rct=j&amp;sa=t&amp;url=https:\/\/www.cmmedia.es\/noticias\/espana\/ciberfeminismo-niunamenos-ilustradoras-feministas-influencer.html&amp;ct=ga&amp;cd=CAEYFyoUMTMwMTcxMjc1NjAxMDg1Nzk4OTcyGWUxZTc3ZDE1NjA5OGE4ZTM6ZXM6ZXM6RVM&amp;usg=AOvVaw1jczoXjPL3vyBIlSdQmmut\" target=\"_blank\" rel=\"noopener\" data-saferedirecturl=\"https:\/\/www.google.com\/url?q=https:\/\/www.google.com\/url?rct%3Dj%26sa%3Dt%26url%3Dhttps:\/\/www.cmmedia.es\/noticias\/espana\/ciberfeminismo-niunamenos-ilustradoras-feministas-influencer.html%26ct%3Dga%26cd%3DCAEYFyoUMTMwMTcxMjc1NjAxMDg1Nzk4OTcyGWUxZTc3ZDE1NjA5OGE4ZTM6ZXM6ZXM6RVM%26usg%3DAOvVaw1jczoXjPL3vyBIlSdQmmut&amp;source=gmail&amp;ust=1678354897400000&amp;usg=AOvVaw26g6Abm9CdlZGRUvMbMnwd\">Ciberfeminismo: del #NiunaMenos a las ilustradoras feministas influencer-\u00a0<\/a><a>C-LM Media<br \/>\n<\/a><a href=\"https:\/\/www.google.com\/url?rct=j&amp;sa=t&amp;url=https:\/\/efeminista.com\/cervantes-mujeres-8m\/&amp;ct=ga&amp;cd=CAEYDyoTMTc2MTA1MjcwMDQ2MDc4MTc4MTIZYzAzNzJlYmMyZmVhZGE1OTplczplczpFUw&amp;usg=AOvVaw3R7F1cmX9BWRs4gs0KbLVu\" target=\"_blank\" rel=\"noopener\" data-saferedirecturl=\"https:\/\/www.google.com\/url?hl=es&amp;q=https:\/\/www.google.com\/url?rct%3Dj%26sa%3Dt%26url%3Dhttps:\/\/efeminista.com\/cervantes-mujeres-8m\/%26ct%3Dga%26cd%3DCAEYDyoTMTc2MTA1MjcwMDQ2MDc4MTc4MTIZYzAzNzJlYmMyZmVhZGE1OTplczplczpFUw%26usg%3DAOvVaw3R7F1cmX9BWRs4gs0KbLVu&amp;source=gmail&amp;ust=1678359573362000&amp;usg=AOvVaw2fPIonupRl2B7h8A5XXvBs\">El Instituto Cervantes rinde homenaje a escritoras y artistas en el 8 M &#8211;\u00a0<\/a><a>Efeminista<br \/>\n<\/a><a href=\"https:\/\/www.google.com\/url?rct=j&amp;sa=t&amp;url=https:\/\/efeverde.com\/cultura-ecofeminista-centrada-desarrollo-sostenible\/&amp;ct=ga&amp;cd=CAEYCSoTNDkyNTkyMjQ4NTE3MjkwNDE3NTIZNTlkNzgxNzEzNmEyZDAyODplczplczpFUw&amp;usg=AOvVaw3KKu0_1THit1_8r7GjcAyX\" target=\"_blank\" rel=\"noopener\" data-saferedirecturl=\"https:\/\/www.google.com\/url?q=https:\/\/www.google.com\/url?rct%3Dj%26sa%3Dt%26url%3Dhttps:\/\/efeverde.com\/cultura-ecofeminista-centrada-desarrollo-sostenible\/%26ct%3Dga%26cd%3DCAEYCSoTNDkyNTkyMjQ4NTE3MjkwNDE3NTIZNTlkNzgxNzEzNmEyZDAyODplczplczpFUw%26usg%3DAOvVaw3KKu0_1THit1_8r7GjcAyX&amp;source=gmail&amp;ust=1678435186208000&amp;usg=AOvVaw2IL4mWLmA6p4YT9GmCuobq\">Expertas demandan una cultura ecofeminista centrada en desarrollo sostenible &#8211;\u00a0<\/a><a>EFEverde<\/a><\/p>\n<p><strong>Deporte<br \/>\n<\/strong><a href=\"https:\/\/www.google.com\/url?rct=j&amp;sa=t&amp;url=https:\/\/www.europapress.es\/deportes\/noticia-lili-alvarez-alexia-putellas-diez-mujeres-rompieron-techo-deporte-femenino-espanol-20230308000209.html&amp;ct=ga&amp;cd=CAEYAyoUMTQ5Njg0NDQ0OTY5NTg5NjMxODgyGWMwMzcyZWJjMmZlYWRhNTk6ZXM6ZXM6RVM&amp;usg=AOvVaw3B3ndvNoJZdS6t_Sv9UYu3\" target=\"_blank\" rel=\"noopener\" data-saferedirecturl=\"https:\/\/www.google.com\/url?q=https:\/\/www.google.com\/url?rct%3Dj%26sa%3Dt%26url%3Dhttps:\/\/www.europapress.es\/deportes\/noticia-lili-alvarez-alexia-putellas-diez-mujeres-rompieron-techo-deporte-femenino-espanol-20230308000209.html%26ct%3Dga%26cd%3DCAEYAyoUMTQ5Njg0NDQ0OTY5NTg5NjMxODgyGWMwMzcyZWJjMmZlYWRhNTk6ZXM6ZXM6RVM%26usg%3DAOvVaw3B3ndvNoJZdS6t_Sv9UYu3&amp;source=gmail&amp;ust=1678354895996000&amp;usg=AOvVaw16IOwqULdvZ9BxhK2gHskD\">De Lil\u00ed \u00c1lvarez a Alexia Putellas: diez mujeres que rompieron el techo en el deporte &#8230;-<\/a><a>Europa Press<br \/>\n<\/a><a href=\"https:\/\/www.google.com\/url?rct=j&amp;sa=t&amp;url=https:\/\/www.cope.es\/emisoras\/extremadura\/badajoz-provincia\/almendralejo-tierra-de-barros\/noticias\/karateca-paola-garcia-embajadora-del-campeonato-del-mundo-pamplona-2024-20230309_2593488&amp;ct=ga&amp;cd=CAEYASoUMTM0NzMwOTU1NDA4MDk1NzYzMzAyGWUyZGVmYTdkNWRhOTE1N2Q6ZXM6ZXM6RVM&amp;usg=AOvVaw0e6nXxQz-O2W0BzjktlHH9\" target=\"_blank\" rel=\"noopener\" data-saferedirecturl=\"https:\/\/www.google.com\/url?q=https:\/\/www.google.com\/url?rct%3Dj%26sa%3Dt%26url%3Dhttps:\/\/www.cope.es\/emisoras\/extremadura\/badajoz-provincia\/almendralejo-tierra-de-barros\/noticias\/karateca-paola-garcia-embajadora-del-campeonato-del-mundo-pamplona-2024-20230309_2593488%26ct%3Dga%26cd%3DCAEYASoUMTM0NzMwOTU1NDA4MDk1NzYzMzAyGWUyZGVmYTdkNWRhOTE1N2Q6ZXM6ZXM6RVM%26usg%3DAOvVaw0e6nXxQz-O2W0BzjktlHH9&amp;source=gmail&amp;ust=1678439914164000&amp;usg=AOvVaw2P-SvC9f5IM3RZ40KDl4P7\">La karateca Paola Garc\u00eda, embajadora del campeonato del mundo de Pamplona 2024-\u00a0<\/a><a>cope<br \/>\n<\/a><a class=\"title\" href=\"https:\/\/as.com\/masdeporte\/polideportivo\/el-deporte-paralimpico-espanol-se-escribe-en-femenino-n\/\" target=\"_blank\" rel=\"noopener\" data-artpy=\"0\" data-author=\"AS Mexico\">El deporte paral\u00edmpico espa\u00f1ol se escribe en femenino<\/a>-as<strong><br \/>\n<\/strong><\/p>\n<\/div>\n<\/div>\n<div id=\"\" class=\"lsow-panel lsow-active\">\n<h1 class=\"lsow-panel-title\">Internacional<\/h1>\n<div class=\"lsow-panel-content\">\n<p><a href=\"https:\/\/www.google.com\/url?rct=j&amp;sa=t&amp;url=https:\/\/es.euronews.com\/2023\/03\/07\/la-igualdad-de-genero-esta-cada-vez-mas-lejos-onu-mujeres-la-situa-a-300-anos-antonio-gute&amp;ct=ga&amp;cd=CAEYBioUMTMwMTcxMjc1NjAxMDg1Nzk4OTcyGWUxZTc3ZDE1NjA5OGE4ZTM6ZXM6ZXM6RVM&amp;usg=AOvVaw2Ao5FzqrtZj0NDJBbHQ9j2\" target=\"_blank\" rel=\"noopener\" data-saferedirecturl=\"https:\/\/www.google.com\/url?q=https:\/\/www.google.com\/url?rct%3Dj%26sa%3Dt%26url%3Dhttps:\/\/es.euronews.com\/2023\/03\/07\/la-igualdad-de-genero-esta-cada-vez-mas-lejos-onu-mujeres-la-situa-a-300-anos-antonio-gute%26ct%3Dga%26cd%3DCAEYBioUMTMwMTcxMjc1NjAxMDg1Nzk4OTcyGWUxZTc3ZDE1NjA5OGE4ZTM6ZXM6ZXM6RVM%26usg%3DAOvVaw2Ao5FzqrtZj0NDJBbHQ9j2&amp;source=gmail&amp;ust=1678354897397000&amp;usg=AOvVaw0ow6uE6RQ5DN1ULuBguyyM\">Ant\u00f3nio Guterres, Secretario General de la ONU: \u00abLa igualdad de g\u00e9nero est\u00e1 cada vez m\u00e1s lejos. ONU Mujeres la sit\u00faa a 300 a\u00f1os\u00bb-<\/a><a>Euronews<br \/>\n<\/a><a class=\"title\" href=\"https:\/\/notibomba.com\/directora-gerente-del-fmi-reconoce-que-ha-trabajado-el-doble-que-los-hombres-para-ser-igual\/\" target=\"_blank\" rel=\"noopener\" data-artpy=\"0\" data-author=\"Noti Bomba\">Kristalina Georgieva, Directora gerente del FMI reconoce que ha trabajado el doble que los hombres para ser igual-\u00a0<\/a><a>notibomba<br \/>\n<\/a><a class=\"title\" href=\"https:\/\/www.eleconomista.net\/actualidad\/Lagarde-La-mujer-lidera-especialmente-bien-ante-las-tensiones-geopoliticas-20230308-0009.html\" target=\"_blank\" rel=\"noopener\" data-artpy=\"0\" data-author=\"eleconomista.net\">Lagarde: \u00abLa mujer lidera especialmente bien ante las tensiones geopol\u00edticas\u00bb<\/a>-eleconomista<a><br \/>\n<\/a><a href=\"https:\/\/www.google.com\/url?rct=j&amp;sa=t&amp;url=https:\/\/www.swissinfo.ch\/spa\/violencia-machista-internet_espa%25C3%25B1a--portugal-y-croacia-lanzan-proyecto-contra-la-ciberviolencia-de-g%25C3%25A9nero\/48339464&amp;ct=ga&amp;cd=CAEYFioTNTg2MzY4MjE0OTcyODY3MTc4OTIZNTlkNzgxNzEzNmEyZDAyODplczplczpFUw&amp;usg=AOvVaw2C_1J6vCiZUpKoaTkz1WXh\" target=\"_blank\" rel=\"noopener\" data-saferedirecturl=\"https:\/\/www.google.com\/url?hl=es&amp;q=https:\/\/www.google.com\/url?rct%3Dj%26sa%3Dt%26url%3Dhttps:\/\/www.swissinfo.ch\/spa\/violencia-machista-internet_espa%2525C3%2525B1a--portugal-y-croacia-lanzan-proyecto-contra-la-ciberviolencia-de-g%2525C3%2525A9nero\/48339464%26ct%3Dga%26cd%3DCAEYFioTNTg2MzY4MjE0OTcyODY3MTc4OTIZNTlkNzgxNzEzNmEyZDAyODplczplczpFUw%26usg%3DAOvVaw2C_1J6vCiZUpKoaTkz1WXh&amp;source=gmail&amp;ust=1678357505441000&amp;usg=AOvVaw3KMEX9bmQJRwNzVhiR08cC\">Espa\u00f1a, Portugal y Croacia lanzan proyecto contra la ciberviolencia de\u00a0g\u00e9nero &#8211;\u00a0<\/a><a>Swissinfo<br \/>\n<\/a><a href=\"https:\/\/www.google.com\/url?rct=j&amp;sa=t&amp;url=https:\/\/www.infobae.com\/tecno\/2023\/03\/08\/cerca-del-90-de-las-mujeres-gamers-en-latinoamerica-han-sido-acosadas\/&amp;ct=ga&amp;cd=CAEYACoUMTAzMDUxMTgxOTQ5ODg0MzE0OTUyGWUyZGVmYTdkNWRhOTE1N2Q6ZXM6ZXM6RVM&amp;usg=AOvVaw3QH4cMZxp3FFw7vOV9lJqh\" target=\"_blank\" rel=\"noopener\" data-saferedirecturl=\"https:\/\/www.google.com\/url?q=https:\/\/www.google.com\/url?rct%3Dj%26sa%3Dt%26url%3Dhttps:\/\/www.infobae.com\/tecno\/2023\/03\/08\/cerca-del-90-de-las-mujeres-gamers-en-latinoamerica-han-sido-acosadas\/%26ct%3Dga%26cd%3DCAEYACoUMTAzMDUxMTgxOTQ5ODg0MzE0OTUyGWUyZGVmYTdkNWRhOTE1N2Q6ZXM6ZXM6RVM%26usg%3DAOvVaw3QH4cMZxp3FFw7vOV9lJqh&amp;source=gmail&amp;ust=1678435188279000&amp;usg=AOvVaw3T6Zc3pHCB5B5WCV8RUUkj\">Cerca del 90% de las mujeres gamers en Latinoam\u00e9rica han sido acosadas &#8211;\u00a0<\/a><a>Infobae<br \/>\n<\/a><a class=\"title\" href=\"https:\/\/elpitazo.net\/internacional\/cual-es-el-origen-del-dia-internacional-de-la-mujer-8-de-marzo\/\" target=\"_blank\" rel=\"noopener\" data-artpy=\"0\" data-author=\"El Pitazo\">Una lucha por igualdad: \u00bfcu\u00e1l es el origen del D\u00eda Internacional de la Mujer?<\/a>-elpitazo<a><br \/>\n<\/a><a class=\"title\" href=\"https:\/\/www.sport.es\/es\/noticias\/deportes\/alice-milliat-gran-pionera-olimpismo-mujer-feminismo-juegos-olimpicos-83912881\" target=\"_blank\" rel=\"noopener\" data-artpy=\"0\" data-author=\"Sport\">Alice Milliat, la mujer que se enfrent\u00f3 al COI en defensa del deporte femenino<\/a>-sport<\/p>\n<\/div>\n<\/div>\n<\/div><\/div><\/div><\/div><\/div>\n","protected":false},"excerpt":{"rendered":"<p>Ant\u00f3nio Guterres (ONU): La igualdad de g\u00e9nero est\u00e1 cada vez m\u00e1s lejos. ONU Mujeres la sit\u00faa a 300 a\u00f1os * La tercera transici\u00f3n: la econom\u00eda de los cuidados y la igualdad de g\u00e9nero * Un 8M que exige el fin de la brecha digital de g\u00e9nero * \u00bfCu\u00e1l es el origen del D\u00eda Internacional de la Mujer?<\/p>\n","protected":false},"author":3,"featured_media":22909,"comment_status":"closed","ping_status":"closed","sticky":false,"template":"","format":"standard","meta":{"footnotes":""},"categories":[298,621],"tags":[157,95,112,80],"class_list":["post-19191","post","type-post","status-publish","format-standard","has-post-thumbnail","hentry","category-newsletter","category-nwl-3-0","tag-8m","tag-brecha-salarial","tag-estereotipos","tag-igualdad-de-genero"],"yoast_head":"<!-- This site is optimized with the Yoast SEO plugin v27.5 - https:\/\/yoast.com\/product\/yoast-seo-wordpress\/ -->\n<title>Noticias Info CKL n\u00ba 2770-09\/03\/23-Comunicar con perspectiva de g\u00e9nero<\/title>\n<meta name=\"description\" content=\"Noticias Info CKL n\u00ba 2770-09\/03\/23 Ant\u00f3nio Guterres (ONU): La igualdad de g\u00e9nero est\u00e1 cada vez m\u00e1s lejos. ONU Mujeres la sit\u00faa a 300 a\u00f1os * La tercera transici\u00f3n: la econom\u00eda de los cuidados y la igualdad de g\u00e9nero * Un 8M que exige el fin de la brecha digital de g\u00e9nero * \u00bfCu\u00e1l es el origen del D\u00eda Internacional de la Mujer?\" \/>\n<meta name=\"robots\" content=\"index, follow, max-snippet:-1, max-image-preview:large, max-video-preview:-1\" \/>\n<link rel=\"canonical\" href=\"https:\/\/cklcomunicaciones.es\/coop\/noticias-info-ckl-no-2770-09-03-23\/\" \/>\n<meta property=\"og:locale\" content=\"es_ES\" \/>\n<meta property=\"og:type\" content=\"article\" \/>\n<meta property=\"og:title\" content=\"Noticias Info CKL n\u00ba 2770-09\/03\/23-Comunicar con perspectiva de g\u00e9nero\" \/>\n<meta property=\"og:description\" content=\"Noticias Info CKL n\u00ba 2770-09\/03\/23 Ant\u00f3nio Guterres (ONU): La igualdad de g\u00e9nero est\u00e1 cada vez m\u00e1s lejos. ONU Mujeres la sit\u00faa a 300 a\u00f1os * La tercera transici\u00f3n: la econom\u00eda de los cuidados y la igualdad de g\u00e9nero * Un 8M que exige el fin de la brecha digital de g\u00e9nero * \u00bfCu\u00e1l es el origen del D\u00eda Internacional de la Mujer?\" \/>\n<meta property=\"og:url\" content=\"https:\/\/cklcomunicaciones.es\/coop\/noticias-info-ckl-no-2770-09-03-23\/\" \/>\n<meta property=\"og:site_name\" content=\"CKL Comunicaciones\" \/>\n<meta property=\"article:published_time\" content=\"2023-03-09T13:09:46+00:00\" \/>\n<meta property=\"article:modified_time\" content=\"2025-02-08T13:25:49+00:00\" \/>\n<meta property=\"og:image\" content=\"https:\/\/cklcomunicaciones.es\/coop\/wp-content\/uploads\/2025\/01\/CKL-una-mirada-distinta-de-la-comunicacion.jpg\" \/>\n\t<meta property=\"og:image:width\" content=\"1482\" \/>\n\t<meta property=\"og:image:height\" content=\"775\" \/>\n\t<meta property=\"og:image:type\" content=\"image\/jpeg\" \/>\n<meta name=\"author\" content=\"ckl\" \/>\n<meta name=\"twitter:card\" content=\"summary_large_image\" \/>\n<meta name=\"twitter:label1\" content=\"Escrito por\" \/>\n\t<meta name=\"twitter:data1\" content=\"ckl\" \/>\n\t<meta name=\"twitter:label2\" content=\"Tiempo de lectura\" \/>\n\t<meta name=\"twitter:data2\" content=\"7 minutos\" \/>\n<script type=\"application\/ld+json\" class=\"yoast-schema-graph\">{\"@context\":\"https:\\\/\\\/schema.org\",\"@graph\":[{\"@type\":\"Article\",\"@id\":\"https:\\\/\\\/cklcomunicaciones.es\\\/coop\\\/noticias-info-ckl-no-2770-09-03-23\\\/#article\",\"isPartOf\":{\"@id\":\"https:\\\/\\\/cklcomunicaciones.es\\\/coop\\\/noticias-info-ckl-no-2770-09-03-23\\\/\"},\"author\":{\"name\":\"ckl\",\"@id\":\"https:\\\/\\\/cklcomunicaciones.es\\\/coop\\\/#\\\/schema\\\/person\\\/929a6837f7626450bbb50cee1aef266e\"},\"headline\":\"Noticias Info CKL n\u00ba 2770-09\\\/03\\\/23\",\"datePublished\":\"2023-03-09T13:09:46+00:00\",\"dateModified\":\"2025-02-08T13:25:49+00:00\",\"mainEntityOfPage\":{\"@id\":\"https:\\\/\\\/cklcomunicaciones.es\\\/coop\\\/noticias-info-ckl-no-2770-09-03-23\\\/\"},\"wordCount\":1376,\"image\":{\"@id\":\"https:\\\/\\\/cklcomunicaciones.es\\\/coop\\\/noticias-info-ckl-no-2770-09-03-23\\\/#primaryimage\"},\"thumbnailUrl\":\"https:\\\/\\\/cklcomunicaciones.es\\\/coop\\\/wp-content\\\/uploads\\\/2025\\\/01\\\/CKL-una-mirada-distinta-de-la-comunicacion.jpg\",\"keywords\":[\"8M\",\"brecha salarial\",\"estereotipos\",\"Igualdad de g\u00e9nero\"],\"articleSection\":[\"Newsletter\",\"Nwl v3.0\"],\"inLanguage\":\"es\"},{\"@type\":\"WebPage\",\"@id\":\"https:\\\/\\\/cklcomunicaciones.es\\\/coop\\\/noticias-info-ckl-no-2770-09-03-23\\\/\",\"url\":\"https:\\\/\\\/cklcomunicaciones.es\\\/coop\\\/noticias-info-ckl-no-2770-09-03-23\\\/\",\"name\":\"Noticias Info CKL n\u00ba 2770-09\\\/03\\\/23-Comunicar con perspectiva de g\u00e9nero\",\"isPartOf\":{\"@id\":\"https:\\\/\\\/cklcomunicaciones.es\\\/coop\\\/#website\"},\"primaryImageOfPage\":{\"@id\":\"https:\\\/\\\/cklcomunicaciones.es\\\/coop\\\/noticias-info-ckl-no-2770-09-03-23\\\/#primaryimage\"},\"image\":{\"@id\":\"https:\\\/\\\/cklcomunicaciones.es\\\/coop\\\/noticias-info-ckl-no-2770-09-03-23\\\/#primaryimage\"},\"thumbnailUrl\":\"https:\\\/\\\/cklcomunicaciones.es\\\/coop\\\/wp-content\\\/uploads\\\/2025\\\/01\\\/CKL-una-mirada-distinta-de-la-comunicacion.jpg\",\"datePublished\":\"2023-03-09T13:09:46+00:00\",\"dateModified\":\"2025-02-08T13:25:49+00:00\",\"author\":{\"@id\":\"https:\\\/\\\/cklcomunicaciones.es\\\/coop\\\/#\\\/schema\\\/person\\\/929a6837f7626450bbb50cee1aef266e\"},\"description\":\"Noticias Info CKL n\u00ba 2770-09\\\/03\\\/23 Ant\u00f3nio Guterres (ONU): La igualdad de g\u00e9nero est\u00e1 cada vez m\u00e1s lejos. ONU Mujeres la sit\u00faa a 300 a\u00f1os * La tercera transici\u00f3n: la econom\u00eda de los cuidados y la igualdad de g\u00e9nero * Un 8M que exige el fin de la brecha digital de g\u00e9nero * \u00bfCu\u00e1l es el origen del D\u00eda Internacional de la Mujer?\",\"breadcrumb\":{\"@id\":\"https:\\\/\\\/cklcomunicaciones.es\\\/coop\\\/noticias-info-ckl-no-2770-09-03-23\\\/#breadcrumb\"},\"inLanguage\":\"es\",\"potentialAction\":[{\"@type\":\"ReadAction\",\"target\":[\"https:\\\/\\\/cklcomunicaciones.es\\\/coop\\\/noticias-info-ckl-no-2770-09-03-23\\\/\"]}]},{\"@type\":\"ImageObject\",\"inLanguage\":\"es\",\"@id\":\"https:\\\/\\\/cklcomunicaciones.es\\\/coop\\\/noticias-info-ckl-no-2770-09-03-23\\\/#primaryimage\",\"url\":\"https:\\\/\\\/cklcomunicaciones.es\\\/coop\\\/wp-content\\\/uploads\\\/2025\\\/01\\\/CKL-una-mirada-distinta-de-la-comunicacion.jpg\",\"contentUrl\":\"https:\\\/\\\/cklcomunicaciones.es\\\/coop\\\/wp-content\\\/uploads\\\/2025\\\/01\\\/CKL-una-mirada-distinta-de-la-comunicacion.jpg\",\"width\":1482,\"height\":775,\"caption\":\"CKL - una mirada distinta de la comunicacion\"},{\"@type\":\"BreadcrumbList\",\"@id\":\"https:\\\/\\\/cklcomunicaciones.es\\\/coop\\\/noticias-info-ckl-no-2770-09-03-23\\\/#breadcrumb\",\"itemListElement\":[{\"@type\":\"ListItem\",\"position\":1,\"name\":\"Portada\",\"item\":\"https:\\\/\\\/cklcomunicaciones.es\\\/coop\\\/\"},{\"@type\":\"ListItem\",\"position\":2,\"name\":\"Noticias Info CKL n\u00ba 2770-09\\\/03\\\/23\"}]},{\"@type\":\"WebSite\",\"@id\":\"https:\\\/\\\/cklcomunicaciones.es\\\/coop\\\/#website\",\"url\":\"https:\\\/\\\/cklcomunicaciones.es\\\/coop\\\/\",\"name\":\"CKL Comunicaciones\",\"description\":\"Sitio web de CKL Comunicaciones coop , la consultora de comunicaci\u00f3n y estrategia\",\"potentialAction\":[{\"@type\":\"SearchAction\",\"target\":{\"@type\":\"EntryPoint\",\"urlTemplate\":\"https:\\\/\\\/cklcomunicaciones.es\\\/coop\\\/?s={search_term_string}\"},\"query-input\":{\"@type\":\"PropertyValueSpecification\",\"valueRequired\":true,\"valueName\":\"search_term_string\"}}],\"inLanguage\":\"es\"},{\"@type\":\"Person\",\"@id\":\"https:\\\/\\\/cklcomunicaciones.es\\\/coop\\\/#\\\/schema\\\/person\\\/929a6837f7626450bbb50cee1aef266e\",\"name\":\"ckl\",\"image\":{\"@type\":\"ImageObject\",\"inLanguage\":\"es\",\"@id\":\"https:\\\/\\\/secure.gravatar.com\\\/avatar\\\/c82db564e8a669bf6023357a157b9dc4780f4d4c618f2ad1d71a6a5dede45057?s=96&d=mm&r=g\",\"url\":\"https:\\\/\\\/secure.gravatar.com\\\/avatar\\\/c82db564e8a669bf6023357a157b9dc4780f4d4c618f2ad1d71a6a5dede45057?s=96&d=mm&r=g\",\"contentUrl\":\"https:\\\/\\\/secure.gravatar.com\\\/avatar\\\/c82db564e8a669bf6023357a157b9dc4780f4d4c618f2ad1d71a6a5dede45057?s=96&d=mm&r=g\",\"caption\":\"ckl\"},\"url\":\"https:\\\/\\\/cklcomunicaciones.es\\\/coop\\\/author\\\/cklcomunicaciones\\\/\"}]}<\/script>\n<!-- \/ Yoast SEO plugin. -->","yoast_head_json":{"title":"Noticias Info CKL n\u00ba 2770-09\/03\/23-Comunicar con perspectiva de g\u00e9nero","description":"Noticias Info CKL n\u00ba 2770-09\/03\/23 Ant\u00f3nio Guterres (ONU): La igualdad de g\u00e9nero est\u00e1 cada vez m\u00e1s lejos. ONU Mujeres la sit\u00faa a 300 a\u00f1os * La tercera transici\u00f3n: la econom\u00eda de los cuidados y la igualdad de g\u00e9nero * Un 8M que exige el fin de la brecha digital de g\u00e9nero * \u00bfCu\u00e1l es el origen del D\u00eda Internacional de la Mujer?","robots":{"index":"index","follow":"follow","max-snippet":"max-snippet:-1","max-image-preview":"max-image-preview:large","max-video-preview":"max-video-preview:-1"},"canonical":"https:\/\/cklcomunicaciones.es\/coop\/noticias-info-ckl-no-2770-09-03-23\/","og_locale":"es_ES","og_type":"article","og_title":"Noticias Info CKL n\u00ba 2770-09\/03\/23-Comunicar con perspectiva de g\u00e9nero","og_description":"Noticias Info CKL n\u00ba 2770-09\/03\/23 Ant\u00f3nio Guterres (ONU): La igualdad de g\u00e9nero est\u00e1 cada vez m\u00e1s lejos. ONU Mujeres la sit\u00faa a 300 a\u00f1os * La tercera transici\u00f3n: la econom\u00eda de los cuidados y la igualdad de g\u00e9nero * Un 8M que exige el fin de la brecha digital de g\u00e9nero * \u00bfCu\u00e1l es el origen del D\u00eda Internacional de la Mujer?","og_url":"https:\/\/cklcomunicaciones.es\/coop\/noticias-info-ckl-no-2770-09-03-23\/","og_site_name":"CKL Comunicaciones","article_published_time":"2023-03-09T13:09:46+00:00","article_modified_time":"2025-02-08T13:25:49+00:00","og_image":[{"width":1482,"height":775,"url":"https:\/\/cklcomunicaciones.es\/coop\/wp-content\/uploads\/2025\/01\/CKL-una-mirada-distinta-de-la-comunicacion.jpg","type":"image\/jpeg"}],"author":"ckl","twitter_card":"summary_large_image","twitter_misc":{"Escrito por":"ckl","Tiempo de lectura":"7 minutos"},"schema":{"@context":"https:\/\/schema.org","@graph":[{"@type":"Article","@id":"https:\/\/cklcomunicaciones.es\/coop\/noticias-info-ckl-no-2770-09-03-23\/#article","isPartOf":{"@id":"https:\/\/cklcomunicaciones.es\/coop\/noticias-info-ckl-no-2770-09-03-23\/"},"author":{"name":"ckl","@id":"https:\/\/cklcomunicaciones.es\/coop\/#\/schema\/person\/929a6837f7626450bbb50cee1aef266e"},"headline":"Noticias Info CKL n\u00ba 2770-09\/03\/23","datePublished":"2023-03-09T13:09:46+00:00","dateModified":"2025-02-08T13:25:49+00:00","mainEntityOfPage":{"@id":"https:\/\/cklcomunicaciones.es\/coop\/noticias-info-ckl-no-2770-09-03-23\/"},"wordCount":1376,"image":{"@id":"https:\/\/cklcomunicaciones.es\/coop\/noticias-info-ckl-no-2770-09-03-23\/#primaryimage"},"thumbnailUrl":"https:\/\/cklcomunicaciones.es\/coop\/wp-content\/uploads\/2025\/01\/CKL-una-mirada-distinta-de-la-comunicacion.jpg","keywords":["8M","brecha salarial","estereotipos","Igualdad de g\u00e9nero"],"articleSection":["Newsletter","Nwl v3.0"],"inLanguage":"es"},{"@type":"WebPage","@id":"https:\/\/cklcomunicaciones.es\/coop\/noticias-info-ckl-no-2770-09-03-23\/","url":"https:\/\/cklcomunicaciones.es\/coop\/noticias-info-ckl-no-2770-09-03-23\/","name":"Noticias Info CKL n\u00ba 2770-09\/03\/23-Comunicar con perspectiva de g\u00e9nero","isPartOf":{"@id":"https:\/\/cklcomunicaciones.es\/coop\/#website"},"primaryImageOfPage":{"@id":"https:\/\/cklcomunicaciones.es\/coop\/noticias-info-ckl-no-2770-09-03-23\/#primaryimage"},"image":{"@id":"https:\/\/cklcomunicaciones.es\/coop\/noticias-info-ckl-no-2770-09-03-23\/#primaryimage"},"thumbnailUrl":"https:\/\/cklcomunicaciones.es\/coop\/wp-content\/uploads\/2025\/01\/CKL-una-mirada-distinta-de-la-comunicacion.jpg","datePublished":"2023-03-09T13:09:46+00:00","dateModified":"2025-02-08T13:25:49+00:00","author":{"@id":"https:\/\/cklcomunicaciones.es\/coop\/#\/schema\/person\/929a6837f7626450bbb50cee1aef266e"},"description":"Noticias Info CKL n\u00ba 2770-09\/03\/23 Ant\u00f3nio Guterres (ONU): La igualdad de g\u00e9nero est\u00e1 cada vez m\u00e1s lejos. ONU Mujeres la sit\u00faa a 300 a\u00f1os * La tercera transici\u00f3n: la econom\u00eda de los cuidados y la igualdad de g\u00e9nero * Un 8M que exige el fin de la brecha digital de g\u00e9nero * \u00bfCu\u00e1l es el origen del D\u00eda Internacional de la Mujer?","breadcrumb":{"@id":"https:\/\/cklcomunicaciones.es\/coop\/noticias-info-ckl-no-2770-09-03-23\/#breadcrumb"},"inLanguage":"es","potentialAction":[{"@type":"ReadAction","target":["https:\/\/cklcomunicaciones.es\/coop\/noticias-info-ckl-no-2770-09-03-23\/"]}]},{"@type":"ImageObject","inLanguage":"es","@id":"https:\/\/cklcomunicaciones.es\/coop\/noticias-info-ckl-no-2770-09-03-23\/#primaryimage","url":"https:\/\/cklcomunicaciones.es\/coop\/wp-content\/uploads\/2025\/01\/CKL-una-mirada-distinta-de-la-comunicacion.jpg","contentUrl":"https:\/\/cklcomunicaciones.es\/coop\/wp-content\/uploads\/2025\/01\/CKL-una-mirada-distinta-de-la-comunicacion.jpg","width":1482,"height":775,"caption":"CKL - una mirada distinta de la comunicacion"},{"@type":"BreadcrumbList","@id":"https:\/\/cklcomunicaciones.es\/coop\/noticias-info-ckl-no-2770-09-03-23\/#breadcrumb","itemListElement":[{"@type":"ListItem","position":1,"name":"Portada","item":"https:\/\/cklcomunicaciones.es\/coop\/"},{"@type":"ListItem","position":2,"name":"Noticias Info CKL n\u00ba 2770-09\/03\/23"}]},{"@type":"WebSite","@id":"https:\/\/cklcomunicaciones.es\/coop\/#website","url":"https:\/\/cklcomunicaciones.es\/coop\/","name":"CKL Comunicaciones","description":"Sitio web de CKL Comunicaciones coop , la consultora de comunicaci\u00f3n y estrategia","potentialAction":[{"@type":"SearchAction","target":{"@type":"EntryPoint","urlTemplate":"https:\/\/cklcomunicaciones.es\/coop\/?s={search_term_string}"},"query-input":{"@type":"PropertyValueSpecification","valueRequired":true,"valueName":"search_term_string"}}],"inLanguage":"es"},{"@type":"Person","@id":"https:\/\/cklcomunicaciones.es\/coop\/#\/schema\/person\/929a6837f7626450bbb50cee1aef266e","name":"ckl","image":{"@type":"ImageObject","inLanguage":"es","@id":"https:\/\/secure.gravatar.com\/avatar\/c82db564e8a669bf6023357a157b9dc4780f4d4c618f2ad1d71a6a5dede45057?s=96&d=mm&r=g","url":"https:\/\/secure.gravatar.com\/avatar\/c82db564e8a669bf6023357a157b9dc4780f4d4c618f2ad1d71a6a5dede45057?s=96&d=mm&r=g","contentUrl":"https:\/\/secure.gravatar.com\/avatar\/c82db564e8a669bf6023357a157b9dc4780f4d4c618f2ad1d71a6a5dede45057?s=96&d=mm&r=g","caption":"ckl"},"url":"https:\/\/cklcomunicaciones.es\/coop\/author\/cklcomunicaciones\/"}]}},"_links":{"self":[{"href":"https:\/\/cklcomunicaciones.es\/coop\/wp-json\/wp\/v2\/posts\/19191","targetHints":{"allow":["GET"]}}],"collection":[{"href":"https:\/\/cklcomunicaciones.es\/coop\/wp-json\/wp\/v2\/posts"}],"about":[{"href":"https:\/\/cklcomunicaciones.es\/coop\/wp-json\/wp\/v2\/types\/post"}],"author":[{"embeddable":true,"href":"https:\/\/cklcomunicaciones.es\/coop\/wp-json\/wp\/v2\/users\/3"}],"replies":[{"embeddable":true,"href":"https:\/\/cklcomunicaciones.es\/coop\/wp-json\/wp\/v2\/comments?post=19191"}],"version-history":[{"count":0,"href":"https:\/\/cklcomunicaciones.es\/coop\/wp-json\/wp\/v2\/posts\/19191\/revisions"}],"wp:featuredmedia":[{"embeddable":true,"href":"https:\/\/cklcomunicaciones.es\/coop\/wp-json\/wp\/v2\/media\/22909"}],"wp:attachment":[{"href":"https:\/\/cklcomunicaciones.es\/coop\/wp-json\/wp\/v2\/media?parent=19191"}],"wp:term":[{"taxonomy":"category","embeddable":true,"href":"https:\/\/cklcomunicaciones.es\/coop\/wp-json\/wp\/v2\/categories?post=19191"},{"taxonomy":"post_tag","embeddable":true,"href":"https:\/\/cklcomunicaciones.es\/coop\/wp-json\/wp\/v2\/tags?post=19191"}],"curies":[{"name":"wp","href":"https:\/\/api.w.org\/{rel}","templated":true}]}}